{"id":243297,"date":"2021-11-18T06:03:35","date_gmt":"2021-11-18T05:03:35","guid":{"rendered":"https:\/\/www.radiopiu.net\/wordpress\/?p=243297"},"modified":"2021-11-18T10:09:04","modified_gmt":"2021-11-18T09:09:04","slug":"giornale-radiopiu-18-novembre-2021-direttore-mirko-mezzacasa","status":"publish","type":"post","link":"https:\/\/www.radiopiu.net\/wordpress\/giornale-radiopiu-18-novembre-2021-direttore-mirko-mezzacasa\/","title":{"rendered":"GIORNALE RADIOPIU 18 NOVEMBRE 2021 DIRETTORE MIRKO MEZZACASA"},"content":{"rendered":"<h3 class=\"kvgmc6g5 cxmmr5t8 oygrvhab hcukyx3x c1et5uql\"><span style=\"color: #000000;\"><strong>SPECIALI ALLA RADIO: OGGI ALLE 10.30 E 1900 OSPITE DI RADIO PIU&#8217; IL CONSIGLIERE PROVINCIALE FRANCO DE BON:\u00a0 UNGULATI SULLE STRADE, SOTTOPASSI, IL RITORNO DEL LUPO E MOLTO ALTRO&#8230;<\/strong><\/span><\/h3>\n<h3><\/h3>\n<p>&nbsp;<\/p>\n<p>&nbsp;<\/p>\n<hr \/>\n<h3><\/h3>\n<h3 class=\"kvgmc6g5 cxmmr5t8 oygrvhab hcukyx3x c1et5uql\"><span style=\"color: #0000ff;\"><strong>INFORMAZIONE il canale su TELEGRAM informazione di prima mano e in tempo reale. iscriviti ed aiutaci a farlo conoscere\u00a0<\/strong><\/span><\/h3>\n<p>&nbsp;<\/p>\n<hr \/>\n<p>&nbsp;<\/p>\n<blockquote>\n<h3><\/h3>\n<\/blockquote>\n<p><strong><a href=\"https:\/\/www.radiopiu.net\/wordpress\/lassessore-gianpaolo-bottacin-ribatte-alle-accuse-del-presidente-della-croce-verde-val-biois-stefano-murer\/croce-verde-val-biois-2\/\" rel=\"attachment wp-att-153811\"><img loading=\"lazy\" decoding=\"async\" class=\"wp-image-153811 alignleft\" src=\"https:\/\/www.radiopiu.net\/wordpress\/wp-content\/uploads\/2020\/08\/CROCE-VERDE-VAL-BIOIS-300x225.jpg\" alt=\"\" width=\"191\" height=\"143\" srcset=\"https:\/\/www.radiopiu.net\/wordpress\/wp-content\/uploads\/2020\/08\/CROCE-VERDE-VAL-BIOIS-300x225.jpg 300w, https:\/\/www.radiopiu.net\/wordpress\/wp-content\/uploads\/2020\/08\/CROCE-VERDE-VAL-BIOIS-1024x768.jpg 1024w, https:\/\/www.radiopiu.net\/wordpress\/wp-content\/uploads\/2020\/08\/CROCE-VERDE-VAL-BIOIS-768x576.jpg 768w, https:\/\/www.radiopiu.net\/wordpress\/wp-content\/uploads\/2020\/08\/CROCE-VERDE-VAL-BIOIS-1536x1153.jpg 1536w, https:\/\/www.radiopiu.net\/wordpress\/wp-content\/uploads\/2020\/08\/CROCE-VERDE-VAL-BIOIS.jpg 1599w\" sizes=\"auto, (max-width: 191px) 100vw, 191px\" \/><\/a><\/strong><\/p>\n<p><strong>La Croce Verde Val Biois, causa la carenza di volontari, ha emanato il calendario con i disservizi del mese di novembre.<\/strong><\/p>\n<p>Il calendario provvisorio: LUNEDI&#8217; 22 NOVEMBRE 2021 dalle ore 6:00 alle ore 20:00; LUNEDI&#8217; 29 NOVEMBRE 2021 DALLE ORE 6:00 ALLE ORE 20:00.<\/p>\n<p><strong>\u00a0 \u00a0<\/strong><\/p>\n<p>&nbsp;<\/p>\n<p>&nbsp;<\/p>\n<hr \/>\n<p>&nbsp;<\/p>\n<blockquote>\n<h3>CHIUSURA DELLA PROVINCIALE 3 DI VALLE IMPERINA<\/h3>\n<\/blockquote>\n<p><strong><img loading=\"lazy\" decoding=\"async\" class=\"alignleft\" src=\"https:\/\/www.radiopiu.net\/wordpress\/wp-content\/uploads\/2021\/11\/d56ff87b-7cd1-4b77-8c69-2a01cc866a18.jpg\" width=\"110\" height=\"232\" \/>GOSALDO<\/strong> PROVINCIALE 3 VALLE IMPERINA: fino al 30 novembre esclusi sabato e domenica interruzione totale alla viabilit\u00e0\u00a0 per lavori di <a href=\"https:\/\/www.radiopiu.net\/wordpress\/iniziati-i-lavori-al-ponte-del-cristo-sulla-203-agordina\/ced07f80-a96b-45ee-a3d5-5dd6a16a320a\/\" rel=\"attachment wp-att-243364\"><img loading=\"lazy\" decoding=\"async\" class=\"size-medium wp-image-243364 alignright\" src=\"https:\/\/www.radiopiu.net\/wordpress\/wp-content\/uploads\/2021\/11\/ced07f80-a96b-45ee-a3d5-5dd6a16a320a-224x300.jpg\" alt=\"\" width=\"224\" height=\"300\" srcset=\"https:\/\/www.radiopiu.net\/wordpress\/wp-content\/uploads\/2021\/11\/ced07f80-a96b-45ee-a3d5-5dd6a16a320a-224x300.jpg 224w, https:\/\/www.radiopiu.net\/wordpress\/wp-content\/uploads\/2021\/11\/ced07f80-a96b-45ee-a3d5-5dd6a16a320a-766x1024.jpg 766w, https:\/\/www.radiopiu.net\/wordpress\/wp-content\/uploads\/2021\/11\/ced07f80-a96b-45ee-a3d5-5dd6a16a320a-768x1027.jpg 768w, https:\/\/www.radiopiu.net\/wordpress\/wp-content\/uploads\/2021\/11\/ced07f80-a96b-45ee-a3d5-5dd6a16a320a-1149x1536.jpg 1149w, https:\/\/www.radiopiu.net\/wordpress\/wp-content\/uploads\/2021\/11\/ced07f80-a96b-45ee-a3d5-5dd6a16a320a.jpg 1496w\" sizes=\"auto, (max-width: 224px) 100vw, 224px\" \/><\/a>messa in sicurezza:\u00a0 dalle 8 alle 12.45; dalle 13.45 alle 16 e dalle 16.30 alle 17.30 nei periodi non interessati dalla chiusura senso unico alternato con semaforo anche nei giorni festivi e prefestivi.<\/p>\n<p><strong>347 DURAN<\/strong>, chiusa in localit\u00e0 Dont fino al 4 dicembre dalle 8 alle 12 e dalle 13.30 alle 17.30<\/p>\n<p><strong>COLLE SANTA LUCIA<\/strong> Veneto Strade comunica che riprendono i lavori di allargamento e rettifica del piano viabile lungo la provinciale 638 di Passo Giau in Comune di Colle Santa Lucia dove sar\u00e0 impegnata l&#8217;impresa Sevis di Soraga-Val di Fassa. Per questo da\u00a0 oggi e fino al 15 dicembre, tutti i giorni sono previste interruzioni fino a 15 minuti tra le 8 del mattino e le 17 del pomeriggio, negli altri orari senso unico alternato regolato da impianto semaforico.<\/p>\n<p><strong>VENEZIA<\/strong> La SS 51 a Fadalto, nel comune di Vittorio Veneto, sar\u00e0 riaperta anche in orario notturno, a partire da luned\u00ec 22 novembre.<\/p>\n<p>&nbsp;<\/p>\n<hr \/>\n<p>&nbsp;<\/p>\n<blockquote>\n<h3>IL DRAMMA DI FONZASO E IL MISTERO DELLA SCARPA ALLACCIATA ALLA RINGHIERA<\/h3>\n<\/blockquote>\n<p><strong><a href=\"https:\/\/www.radiopiu.net\/wordpress\/feltrefonza12\/8fda76b9-31e5-45a8-aa2b-694eb7f08c12\/\" rel=\"attachment wp-att-243173\"><img loading=\"lazy\" decoding=\"async\" class=\"wp-image-243173 alignleft\" src=\"https:\/\/www.radiopiu.net\/wordpress\/wp-content\/uploads\/2021\/11\/8fda76b9-31e5-45a8-aa2b-694eb7f08c12-300x225.jpg\" alt=\"\" width=\"183\" height=\"137\" srcset=\"https:\/\/www.radiopiu.net\/wordpress\/wp-content\/uploads\/2021\/11\/8fda76b9-31e5-45a8-aa2b-694eb7f08c12-300x225.jpg 300w, https:\/\/www.radiopiu.net\/wordpress\/wp-content\/uploads\/2021\/11\/8fda76b9-31e5-45a8-aa2b-694eb7f08c12-768x576.jpg 768w, https:\/\/www.radiopiu.net\/wordpress\/wp-content\/uploads\/2021\/11\/8fda76b9-31e5-45a8-aa2b-694eb7f08c12.jpg 1024w\" sizes=\"auto, (max-width: 183px) 100vw, 183px\" \/><\/a>FONZASO<\/strong> Una comunit\u00e0 si stringe attorno alla famiglia di Emilia, ammazzata sulla strada da un 24enne che dice di non aver capito cosa sia successo perch\u00e9 era al telefono,\u00a0 il giorno dopo con l&#8217;auto dal cristallo sfondato e insanguinato si \u00e8 recato regolarmente al lavoro. Il nonno racconta di un giovane sotto shock, ieri ha fatto visita alla famiglia di Emilia Santurini (63 anni)\u00a0 avrebbe voluto\u00a0 portare il messaggio di condoglianze.<\/p>\n<p><strong>L&#8217;IMPORTANTE APPELLO:<\/strong> \u00abChi ha trovato la scarpa di Emilia sulla strada e l&#8217;ha allacciata alla ringhiera si faccia vivo\u00bb Ci conta la famiglia e ci contano i carabinieri della compagnia di Feltre, che confidano che la persona si faccia avanti. \u00abChi ha trovato la scarpa e l&#8217;ha messa l\u00ec ha fatto un gesto premuroso e gentile, permetterebbe di capire a che ora \u00e8 passato l\u00ec\u00bb.<\/p>\n<p>La famiglia di Emilia si rivolge con fiducia a quanti siano in grado di fornire testimonianze importanti, fondamentali per ricostruire l&#8217;accaduto. Che si facciano avanti senza indugio contattando il Comando dei Carabinieri di Feltre, oppure i parenti di Emilia a Fonzaso. Chi ha visto, chi ha dei dubbi su quanto \u00e8 accaduto prenda contatti con le forze dell&#8217;ordine.<em> &#8221; Purtroppo &#8211; dicono i familiari\u00a0 &#8211;\u00a0 ad oggi non sappiamo ancora molto per\u00f3 ci sono moltissime cose strane che non ci tornano, proprio per questo\u00a0 chiediamo l\u2019aiuto di tutti, anche la cosa pi\u00f9 banale pu\u00f3 diventare importante&#8221;<\/em><\/p>\n<p>&nbsp;<\/p>\n<p>&nbsp;<\/p>\n<hr \/>\n<blockquote>\n<h3>audio &#8211; ACC e IDEAL, PAPA FRANCESCO &#8220;VI SONO VICINO, CHE NON PREVALGA LA LOGICA DEL PROFITTO&#8221;<\/h3>\n<\/blockquote>\n<p><strong><img decoding=\"async\" class=\"alignleft\" src=\"https:\/\/www.radiopiu.net\/wordpress\/wp-content\/uploads\/2021\/11\/th-13-e1637145678247.jpg\" \/>BORGO VALBELLUNA<\/strong> Per ora i riflettori rimangono accesi sulla piazza Acc ed Ideal Standard. Non solo la politica a tutti i livelli ma anche la Chiesa \u00e8 vicina alle famiglie in sofferenza,\u00a0 che non conoscono le conseguenze del domani. In piazza a manifestare sabato c&#8217;erano i vescovi di Belluno e Vittorio Veneto e ieri mattina ha preso la parola Papa Francesco che dal Vaticano in udienza generale ha detto. <em>&#8220;Il mio pensiero va ai lavoratori di Borgo Valbelluna, preoccupati per il loro futuro. Di fronte ai problemi assillanti, mi unisco ai vescovi e ai parroci del territorio di Borgo Valbelluna, esprimendo la mia vicinanza. Rivolgo un accorato appello affinch\u00e9 in questa situazione cos\u00ec come in altre simili che mettono in difficolt\u00e0 tante famiglie non prevalga la logica del profitto, ma quella della condivisione equa e solidale&#8230;\u00bb.<\/em><\/p>\n<p>&nbsp;<\/p>\n<p>AUDIO<\/p>\n<audio class=\"wp-audio-shortcode\" id=\"audio-243297-1\" preload=\"none\" style=\"width: 100%;\" controls=\"controls\"><source type=\"audio\/mpeg\" src=\"https:\/\/www.radiopiu.net\/wordpress\/wp-content\/uploads\/2021\/11\/PAPA-1.mp3?_=1\" \/><a href=\"https:\/\/www.radiopiu.net\/wordpress\/wp-content\/uploads\/2021\/11\/PAPA-1.mp3\">https:\/\/www.radiopiu.net\/wordpress\/wp-content\/uploads\/2021\/11\/PAPA-1.mp3<\/a><\/audio>\n<p>&nbsp;<\/p>\n<p><strong>IL MINISTRO FEDERICO D&#8217;INCA&#8217;<\/strong><\/p>\n<blockquote><p><em>\u201cRingrazio Papa Francesco. In questo momento cos\u00ec delicato, il sostegno del Santo Padre e dei vescovi Maragoni e Pizziolo che sabato mattina, come me, erano presenti alla manifestazione di Mel a sostegno dei dipendenti di Acc e Ideal Standard, \u00e8 estremamente importante e significativo. Il destino dei lavoratori e delle loro famiglie \u00e8 centrale e il richiamo alla responsabilit\u00e0 e alla solidariet\u00e0 che arriva dalla Santa Sede rappresenta un\u2019ulteriore spinta a lavorare per la ricerca di soluzioni concrete che possano garantire il futuro delle aziende e la stabilit\u00e0 occupazionale\u201d.<\/em><\/p><\/blockquote>\n<p>&nbsp;<\/p>\n<p><strong>STEFANO BONA, FIOM CGIL\u00a0\u00a0<\/strong><\/p>\n<blockquote><p><em>&#8220;Esprimiamo emozione profonda per la vicinanza del santo padre. Il caso Acc , come quello di Dolomite, va ben oltre la dimensione locale e assume una valenza generale ed emblematica delle storture di una globalizzazione irragionevole e autodistruttiva. Ci rivolgiamo al governo perch\u00e9 ascoltando il richiamo nobile e appassionato del Papa metta in campo quella soluzione concreta che non \u00e8 stata trovata in quasi due anni. Che la generosa attenzione del Papa\u00a0 sia\u00a0 \u00a0modello di condotta ed esempio di dedizione per tutti quelli che devono sentirsi chiamati a dare un contributo operoso per il salvataggio della cultura industriale\u00a0 di ACC&#8221;<\/em><\/p><\/blockquote>\n<p><strong>ASSESSORE REGIONALE ELENA DONAZZAN\u00a0<\/strong><\/p>\n<blockquote><p><em>\u201cNon mi era mai capitato di vedere in tutti questi anni una manifestazione come quella di sabato scorso a Borgo Valbelluna. Mai mi era capitato che il Santo Padre intervenisse in maniera cos\u00ec specifica per dei lavoratori di due aziende legate da uno strano destino, entrambe con un potenziale, un progetto di sviluppo realistico e di grande significato produttivo e occupazionale, spero che l\u2019appello del Papa convinca, con metodi non convenzionali e non ordinari, che queste due aziende valgono davvero una battaglia etica e morale, che ha un senso anche economico\u201d.<\/em><\/p><\/blockquote>\n<p><em>\u00a0<\/em><\/p>\n<blockquote>\n<h3>OGGI L&#8217;INCONTRO SULLA VERTENZA IDEAL STANDARD<\/h3>\n<\/blockquote>\n<p><strong>VENEZIA <\/strong>Oggi alle ore 16.30, a Mestre presso la sede di Veneto Lavoro (Via Ca\u2019 Marcello), l\u2019Assessore al Lavoro del Veneto Elena Donazzan terr\u00e0 una conferenza stampa inerente la vertenza Ideal Standard con la partecipazione dei rappresentanti sindacali nazionali e territoriali di categoria e l\u2019azienda stessa.<\/p>\n<p>&nbsp;<\/p>\n<hr \/>\n<p>&nbsp;<\/p>\n<blockquote>\n<h3><\/h3>\n<h3>15 MILIONI DI EURO, PRODUZIONE GARANTITA FINO A FEBBRAIO. INCENTIVI AGLI ESODI VOLONTARI<\/h3>\n<\/blockquote>\n<p>15 milioni di euro per garantire un futuro al sito di Ideal Standard di Trichiana. \u00c8 quanto ha messo a disposizione la societ\u00e0 insieme alla disponibilit\u00e0 a cedere il marchio Dolomite e ad affidare all&#8217;acquirente la produzione, in regime di subfornitura, di 150mila pezzi all&#8217;anno per due anni a prezzi di mercato, mantenimento della continuit\u00e0 produttiva fino a\u00a0 febbraio 2022,\u00a0 cassa straordinaria dal primo febbraio per un massimo di 12 mesi. Da febbraio attivit\u00e0 produttiva ridotta al 50% fino alla sospensione,\u00a0 incentivi all&#8217;esodo per chi, tra i dipendenti, vorr\u00e0 andarsene.<\/p>\n<blockquote><p>&nbsp;<\/p>\n<h3>IDEAL STANDARD, D&#8217;INCA&#8217; &#8220;ACCORDO E&#8217; UN OTTIMO RISULTATO PER LO STABILIMENTO&#8221;<\/h3>\n<\/blockquote>\n<p><strong><a href=\"https:\/\/www.radiopiu.net\/wordpress\/ideal-standard-lo-stabilimento-di-trichiana-primo-a-chiudere-ultimo-a-ripartire\/stabilimento-dellideal-standard-orcenico-di-zoppola-pn-04-12-2013\/\" rel=\"attachment wp-att-138079\"><img loading=\"lazy\" decoding=\"async\" class=\" wp-image-138079 alignleft\" src=\"https:\/\/www.radiopiu.net\/wordpress\/wp-content\/uploads\/2020\/05\/ideal-standard-orcenigo-300x211.jpg\" alt=\"\" width=\"173\" height=\"122\" srcset=\"https:\/\/www.radiopiu.net\/wordpress\/wp-content\/uploads\/2020\/05\/ideal-standard-orcenigo-300x211.jpg 300w, https:\/\/www.radiopiu.net\/wordpress\/wp-content\/uploads\/2020\/05\/ideal-standard-orcenigo-1024x721.jpg 1024w, https:\/\/www.radiopiu.net\/wordpress\/wp-content\/uploads\/2020\/05\/ideal-standard-orcenigo-768x541.jpg 768w, https:\/\/www.radiopiu.net\/wordpress\/wp-content\/uploads\/2020\/05\/ideal-standard-orcenigo-1536x1082.jpg 1536w, https:\/\/www.radiopiu.net\/wordpress\/wp-content\/uploads\/2020\/05\/ideal-standard-orcenigo-2048x1442.jpg 2048w\" sizes=\"auto, (max-width: 173px) 100vw, 173px\" \/><\/a>ROMA\u00a0<\/strong> <em>&#8220;Dobbiamo ritenerci soddisfatti per l&#8217;accordo raggiunto oggi che permetter\u00e0 di garantire ancora un futuro allo stabilimento di Trichiana, consentendo la salvaguardia del sito produttivo e dei dipendenti con il fondamentale impegno di cercare un acquirente interessato&#8221;. <\/em>Cos\u00ec Federico D&#8217;Inc\u00e0, Ministro per i Rapporti con il Parlamento, al termine dell&#8217;accordo siglato oggi al Ministero dello Sviluppo economico sulla vicenda Ideal Standard di Trichiana. Il Ministro ha partecipato all&#8217;incontro, intervenendo all&#8217;apertura del tavolo: <em>&#8220;Oggi siamo arrivati a una soluzione che tiene conto delle capacit\u00e0 dello stabilimento e della professionalit\u00e0 dei suoi dipendenti. Grazie anche al lavoro della viceministra Alessandra Todde, abbiamo difeso una realt\u00e0 fondamentale per il bellunese, che lo stesso Papa Francesco, in mattinata, ha evidenziato con parole importantissime.il risultato di oggi apre a una pratica di risoluzione che crea le condizioni per dare continuit\u00e0 a quelle aziende che vogliono essere ancora protagoniste nei territori nonostante la volont\u00e0 delle propriet\u00e0 di abbandonare i siti produttivi&#8221;.\u00a0<\/em><\/p>\n<p>&nbsp;<\/p>\n<hr \/>\n<blockquote>\n<h3><\/h3>\n<h3>INIZIATI I LAVORI AL PONTE DEL CRISTO SULLA 203 AGORDINA<\/h3>\n<\/blockquote>\n<p><strong><a href=\"https:\/\/www.radiopiu.net\/wordpress\/iniziati-i-lavori-al-ponte-del-cristo-sulla-203-agordina\/cb20ccdc-aee4-4134-9db3-714c9beebba6\/\" rel=\"attachment wp-att-243363\"><img loading=\"lazy\" decoding=\"async\" class=\"wp-image-243363 alignleft\" src=\"https:\/\/www.radiopiu.net\/wordpress\/wp-content\/uploads\/2021\/11\/cb20ccdc-aee4-4134-9db3-714c9beebba6-300x224.jpg\" alt=\"\" width=\"111\" height=\"83\" srcset=\"https:\/\/www.radiopiu.net\/wordpress\/wp-content\/uploads\/2021\/11\/cb20ccdc-aee4-4134-9db3-714c9beebba6-300x224.jpg 300w, https:\/\/www.radiopiu.net\/wordpress\/wp-content\/uploads\/2021\/11\/cb20ccdc-aee4-4134-9db3-714c9beebba6-1024x766.jpg 1024w, https:\/\/www.radiopiu.net\/wordpress\/wp-content\/uploads\/2021\/11\/cb20ccdc-aee4-4134-9db3-714c9beebba6-768x574.jpg 768w, https:\/\/www.radiopiu.net\/wordpress\/wp-content\/uploads\/2021\/11\/cb20ccdc-aee4-4134-9db3-714c9beebba6-1536x1149.jpg 1536w, https:\/\/www.radiopiu.net\/wordpress\/wp-content\/uploads\/2021\/11\/cb20ccdc-aee4-4134-9db3-714c9beebba6.jpg 2000w\" sizes=\"auto, (max-width: 111px) 100vw, 111px\" \/><\/a>LA VALLE<\/strong>\u00a0 Dopo gli eventi di vaia e le alluvioni successive a farne le spese anche la 203 agordina subito dopo il Ponte del Cristo, il Cordevole ha eroso i pendii mettendo a rischio la regionale, Veneto Strade da subito ha transennato la piazzola di sosta onde evitare il peggio. Da qualche giorno, come era stato anticipato anche dal consigliere regionale Silvia Cestaro, sono iniziati i lavori di messa in sicurezza. Sul posto sta operando tra lo sfrecciare delle automobili la ditta LC con la posa dei micropali, saranno poi realizzate le protezioni per le piene del Cordevole<\/p>\n<p><strong>IERI<\/strong><\/p>\n\n\t\t\t<style type='text\/css'>\n\t\t\t\t#gallery-1 {\n\t\t\t\t\tmargin: auto;\n\t\t\t\t}\n\t\t\t\t#gallery-1 .gallery-item {\n\t\t\t\t\tfloat: left;\n\t\t\t\t\tmargin-top: 10px;\n\t\t\t\t\ttext-align: center;\n\t\t\t\t\twidth: 33%;\n\t\t\t\t}\n\t\t\t\t#gallery-1 img {\n\t\t\t\t\tborder: 2px solid #cfcfcf;\n\t\t\t\t}\n\t\t\t\t#gallery-1 .gallery-caption {\n\t\t\t\t\tmargin-left: 0;\n\t\t\t\t}\n\t\t\t\t\/* see gallery_shortcode() in wp-includes\/media.php *\/\n\t\t\t<\/style>\n\t\t<div id='gallery-1' class='dt-gallery-container gallery galleryid-243297 gallery-columns-3 gallery-size-thumbnail'><dl class='gallery-item'>\n\t\t\t\t<dt class='gallery-icon landscape'>\n\t\t\t\t\t<a class=\"rollover rollover-zoom dt-pswp-item\" title=\"1e502538-e378-45d1-839f-08a9afdb7f33-768x576\" data-dt-img-description=\"\" data-large_image_width=\"768\" data-large_image_height=\"576\"href='https:\/\/www.radiopiu.net\/wordpress\/wp-content\/uploads\/2021\/11\/1e502538-e378-45d1-839f-08a9afdb7f33-768x576-1.jpg'><img loading=\"lazy\" decoding=\"async\" width=\"150\" height=\"150\" src=\"https:\/\/www.radiopiu.net\/wordpress\/wp-content\/uploads\/2021\/11\/1e502538-e378-45d1-839f-08a9afdb7f33-768x576-1-150x150.jpg\" class=\"attachment-thumbnail size-thumbnail\" alt=\"\" \/><\/a>\n\t\t\t\t<\/dt><\/dl><dl class='gallery-item'>\n\t\t\t\t<dt class='gallery-icon landscape'>\n\t\t\t\t\t<a class=\"rollover rollover-zoom dt-pswp-item\" title=\"37b21f5c-83a8-41b3-a9bd-9eb9795c1742-768x576\" data-dt-img-description=\"\" data-large_image_width=\"768\" data-large_image_height=\"576\"href='https:\/\/www.radiopiu.net\/wordpress\/wp-content\/uploads\/2021\/11\/37b21f5c-83a8-41b3-a9bd-9eb9795c1742-768x576-1.jpg'><img loading=\"lazy\" decoding=\"async\" width=\"150\" height=\"150\" src=\"https:\/\/www.radiopiu.net\/wordpress\/wp-content\/uploads\/2021\/11\/37b21f5c-83a8-41b3-a9bd-9eb9795c1742-768x576-1-150x150.jpg\" class=\"attachment-thumbnail size-thumbnail\" alt=\"\" \/><\/a>\n\t\t\t\t<\/dt><\/dl><dl class='gallery-item'>\n\t\t\t\t<dt class='gallery-icon landscape'>\n\t\t\t\t\t<a class=\"rollover rollover-zoom dt-pswp-item\" title=\"fa28b4a1-665b-4eb5-9b27-198a852618b7-768x576\" data-dt-img-description=\"\" data-large_image_width=\"768\" data-large_image_height=\"576\"href='https:\/\/www.radiopiu.net\/wordpress\/wp-content\/uploads\/2021\/11\/fa28b4a1-665b-4eb5-9b27-198a852618b7-768x576-1.jpg'><img loading=\"lazy\" decoding=\"async\" width=\"150\" height=\"150\" src=\"https:\/\/www.radiopiu.net\/wordpress\/wp-content\/uploads\/2021\/11\/fa28b4a1-665b-4eb5-9b27-198a852618b7-768x576-1-150x150.jpg\" class=\"attachment-thumbnail size-thumbnail\" alt=\"\" \/><\/a>\n\t\t\t\t<\/dt><\/dl><br style=\"clear: both\" \/>\n\t\t\t<\/div>\n\n<p><strong>OGGI\u00a0<\/strong><\/p>\n\n\t\t\t<style type='text\/css'>\n\t\t\t\t#gallery-2 {\n\t\t\t\t\tmargin: auto;\n\t\t\t\t}\n\t\t\t\t#gallery-2 .gallery-item {\n\t\t\t\t\tfloat: left;\n\t\t\t\t\tmargin-top: 10px;\n\t\t\t\t\ttext-align: center;\n\t\t\t\t\twidth: 33%;\n\t\t\t\t}\n\t\t\t\t#gallery-2 img {\n\t\t\t\t\tborder: 2px solid #cfcfcf;\n\t\t\t\t}\n\t\t\t\t#gallery-2 .gallery-caption {\n\t\t\t\t\tmargin-left: 0;\n\t\t\t\t}\n\t\t\t\t\/* see gallery_shortcode() in wp-includes\/media.php *\/\n\t\t\t<\/style>\n\t\t<div id='gallery-2' class='dt-gallery-container gallery galleryid-243297 gallery-columns-3 gallery-size-thumbnail'><dl class='gallery-item'>\n\t\t\t\t<dt class='gallery-icon landscape'>\n\t\t\t\t\t<a class=\"rollover rollover-zoom dt-pswp-item\" title=\"d49e0a66-7aae-48a9-a81f-fbcab7b6c25a\" data-dt-img-description=\"\" data-large_image_width=\"2000\" data-large_image_height=\"1496\"href='https:\/\/www.radiopiu.net\/wordpress\/wp-content\/uploads\/2021\/11\/d49e0a66-7aae-48a9-a81f-fbcab7b6c25a.jpg'><img loading=\"lazy\" decoding=\"async\" width=\"150\" height=\"150\" src=\"https:\/\/www.radiopiu.net\/wordpress\/wp-content\/uploads\/2021\/11\/d49e0a66-7aae-48a9-a81f-fbcab7b6c25a-150x150.jpg\" class=\"attachment-thumbnail size-thumbnail\" alt=\"\" \/><\/a>\n\t\t\t\t<\/dt><\/dl><dl class='gallery-item'>\n\t\t\t\t<dt class='gallery-icon landscape'>\n\t\t\t\t\t<a class=\"rollover rollover-zoom dt-pswp-item\" title=\"13c86f36-3a50-4622-9f8f-c6333f9e3fdf\" data-dt-img-description=\"\" data-large_image_width=\"2000\" data-large_image_height=\"1496\"href='https:\/\/www.radiopiu.net\/wordpress\/wp-content\/uploads\/2021\/11\/13c86f36-3a50-4622-9f8f-c6333f9e3fdf.jpg'><img loading=\"lazy\" decoding=\"async\" width=\"150\" height=\"150\" src=\"https:\/\/www.radiopiu.net\/wordpress\/wp-content\/uploads\/2021\/11\/13c86f36-3a50-4622-9f8f-c6333f9e3fdf-150x150.jpg\" class=\"attachment-thumbnail size-thumbnail\" alt=\"\" \/><\/a>\n\t\t\t\t<\/dt><\/dl><dl class='gallery-item'>\n\t\t\t\t<dt class='gallery-icon landscape'>\n\t\t\t\t\t<a class=\"rollover rollover-zoom dt-pswp-item\" title=\"aea5f637-d831-41b1-8771-2ccc5f0d3890\" data-dt-img-description=\"\" data-large_image_width=\"2000\" data-large_image_height=\"1496\"href='https:\/\/www.radiopiu.net\/wordpress\/wp-content\/uploads\/2021\/11\/aea5f637-d831-41b1-8771-2ccc5f0d3890.jpg'><img loading=\"lazy\" decoding=\"async\" width=\"150\" height=\"150\" src=\"https:\/\/www.radiopiu.net\/wordpress\/wp-content\/uploads\/2021\/11\/aea5f637-d831-41b1-8771-2ccc5f0d3890-150x150.jpg\" class=\"attachment-thumbnail size-thumbnail\" alt=\"\" \/><\/a>\n\t\t\t\t<\/dt><\/dl><br style=\"clear: both\" \/>\n\t\t\t<\/div>\n\n<p>&nbsp;<\/p>\n<p>&nbsp;<\/p>\n<hr \/>\n<p>&nbsp;<\/p>\n<blockquote>\n<h3>2022 L&#8217;ANNO DELLA GALLERIA DEI CASTEI, PREVISTA L&#8217;IMPERMEABILIZZAZIONE<\/h3>\n<\/blockquote>\n<p>&nbsp;<\/p>\n<p><strong><a href=\"https:\/\/www.radiopiu.net\/wordpress\/giornale-radiopiu-18-novembre-2021-direttore-mirko-mezzacasa\/th-250\/\" rel=\"attachment wp-att-243537\"><img loading=\"lazy\" decoding=\"async\" class=\"wp-image-243537 alignleft\" src=\"https:\/\/www.radiopiu.net\/wordpress\/wp-content\/uploads\/2021\/11\/th-17.jpg\" alt=\"\" width=\"198\" height=\"149\" \/><\/a>DI GIANNI SANTOMASO<\/strong><\/p>\n<audio class=\"wp-audio-shortcode\" id=\"audio-243297-2\" preload=\"none\" style=\"width: 100%;\" controls=\"controls\"><source type=\"audio\/mpeg\" src=\"https:\/\/www.radiopiu.net\/wordpress\/wp-content\/uploads\/2021\/11\/GIANNI-LAVORI-PONT-DEL-CRISTO.mp3?_=2\" \/><a href=\"https:\/\/www.radiopiu.net\/wordpress\/wp-content\/uploads\/2021\/11\/GIANNI-LAVORI-PONT-DEL-CRISTO.mp3\">https:\/\/www.radiopiu.net\/wordpress\/wp-content\/uploads\/2021\/11\/GIANNI-LAVORI-PONT-DEL-CRISTO.mp3<\/a><\/audio>\n<p>&nbsp;<\/p>\n<hr \/>\n<p>&nbsp;<\/p>\n<div class=\"page-title-head hgroup\">\n<blockquote>\n<h3 class=\"entry-title\">FINE DI UNA BELLA STORIA, LA SEGGIOVIA DI FRASSENE\u2019 AL FERRO VECCHIO<\/h3>\n<\/blockquote>\n<\/div>\n<div class=\"page-title-breadcrumbs\">\n<blockquote><p><strong>VOLTAGO<\/strong> C&#8217;era una volta la seggiovia, a Frassen\u00e8 di Voltago,\u00a0 da Agordo ci arrivavi in un attimo, anche quando girava lo skilift al Col di Foglia, pur se per un paio di stagioni. Da Frassen\u00e8 la seggiovia ti portava in un altro mondo, dal verde del Broi che vedevi laggi\u00f9 al bianco della neve sotto l&#8217;Agner. E poi quegli altri impianti da una parte all&#8217;altra del colle. Sciate memorabili, gare memorabili, l&#8217;ultima che ricordo con la partecipazione di Radio Pi\u00f9 l&#8217;aveva organizzata Mauro con la sorella Gladis Riva e tutto l&#8217;hockey femminile, anche per loro erano gli anni d&#8217;oro, quelli dello scudetto a ripetizione. Chi ha frequentato Frassen\u00e8 anche dopo i tempi della Piccola Cortina ha ricordi indelebili, invernali ed estivi legati a quella seggiovia, che a breve non ci sar\u00e0 pi\u00f9 in via definitiva. Ma a Frassen\u00e8 le cose belle non hanno mai avuto un futuro, gli alberghi, le pensioni, la seggiovia e il Parco Laghetti, chiuso per lunghi periodi, ogni tanto aperto ad intermittenza con gestioni pi\u00f9 o meno indovinate.<\/p><\/blockquote>\n<p>&nbsp;<\/p>\n<p><strong>IL RICORDO DI BARBARA BENVEGNU&#8217; IN SEGGIOVIA CON LA MAMMA<\/strong><\/p>\n\n\t\t\t<style type='text\/css'>\n\t\t\t\t#gallery-3 {\n\t\t\t\t\tmargin: auto;\n\t\t\t\t}\n\t\t\t\t#gallery-3 .gallery-item {\n\t\t\t\t\tfloat: left;\n\t\t\t\t\tmargin-top: 10px;\n\t\t\t\t\ttext-align: center;\n\t\t\t\t\twidth: 50%;\n\t\t\t\t}\n\t\t\t\t#gallery-3 img {\n\t\t\t\t\tborder: 2px solid #cfcfcf;\n\t\t\t\t}\n\t\t\t\t#gallery-3 .gallery-caption {\n\t\t\t\t\tmargin-left: 0;\n\t\t\t\t}\n\t\t\t\t\/* see gallery_shortcode() in wp-includes\/media.php *\/\n\t\t\t<\/style>\n\t\t<div id='gallery-3' class='dt-gallery-container gallery galleryid-243297 gallery-columns-2 gallery-size-medium'><dl class='gallery-item'>\n\t\t\t\t<dt class='gallery-icon portrait'>\n\t\t\t\t\t<a class=\"rollover rollover-zoom dt-pswp-item\" title=\"87c94136-f850-46ad-96d0-dd4ce514fd74\" data-dt-img-description=\"\" data-large_image_width=\"1451\" data-large_image_height=\"2048\"href='https:\/\/www.radiopiu.net\/wordpress\/wp-content\/uploads\/2021\/11\/87c94136-f850-46ad-96d0-dd4ce514fd74.jpg'><img loading=\"lazy\" decoding=\"async\" width=\"213\" height=\"300\" src=\"https:\/\/www.radiopiu.net\/wordpress\/wp-content\/uploads\/2021\/11\/87c94136-f850-46ad-96d0-dd4ce514fd74-213x300.jpg\" class=\"attachment-medium size-medium\" alt=\"\" srcset=\"https:\/\/www.radiopiu.net\/wordpress\/wp-content\/uploads\/2021\/11\/87c94136-f850-46ad-96d0-dd4ce514fd74-213x300.jpg 213w, https:\/\/www.radiopiu.net\/wordpress\/wp-content\/uploads\/2021\/11\/87c94136-f850-46ad-96d0-dd4ce514fd74-726x1024.jpg 726w, https:\/\/www.radiopiu.net\/wordpress\/wp-content\/uploads\/2021\/11\/87c94136-f850-46ad-96d0-dd4ce514fd74-768x1084.jpg 768w, https:\/\/www.radiopiu.net\/wordpress\/wp-content\/uploads\/2021\/11\/87c94136-f850-46ad-96d0-dd4ce514fd74-1088x1536.jpg 1088w, https:\/\/www.radiopiu.net\/wordpress\/wp-content\/uploads\/2021\/11\/87c94136-f850-46ad-96d0-dd4ce514fd74.jpg 1451w\" sizes=\"auto, (max-width: 213px) 100vw, 213px\" \/><\/a>\n\t\t\t\t<\/dt><\/dl><dl class='gallery-item'>\n\t\t\t\t<dt class='gallery-icon portrait'>\n\t\t\t\t\t<a class=\"rollover rollover-zoom dt-pswp-item\" title=\"bffc8460-7ee5-4ced-8847-0a6608e894a7\" data-dt-img-description=\"\" data-large_image_width=\"473\" data-large_image_height=\"1364\"href='https:\/\/www.radiopiu.net\/wordpress\/wp-content\/uploads\/2021\/11\/bffc8460-7ee5-4ced-8847-0a6608e894a7.jpg'><img loading=\"lazy\" decoding=\"async\" width=\"104\" height=\"300\" src=\"https:\/\/www.radiopiu.net\/wordpress\/wp-content\/uploads\/2021\/11\/bffc8460-7ee5-4ced-8847-0a6608e894a7-104x300.jpg\" class=\"attachment-medium size-medium\" alt=\"\" srcset=\"https:\/\/www.radiopiu.net\/wordpress\/wp-content\/uploads\/2021\/11\/bffc8460-7ee5-4ced-8847-0a6608e894a7-104x300.jpg 104w, https:\/\/www.radiopiu.net\/wordpress\/wp-content\/uploads\/2021\/11\/bffc8460-7ee5-4ced-8847-0a6608e894a7-355x1024.jpg 355w, https:\/\/www.radiopiu.net\/wordpress\/wp-content\/uploads\/2021\/11\/bffc8460-7ee5-4ced-8847-0a6608e894a7.jpg 473w\" sizes=\"auto, (max-width: 104px) 100vw, 104px\" \/><\/a>\n\t\t\t\t<\/dt><\/dl><br style=\"clear: both\" \/>\n\t\t\t<\/div>\n\n<p>&nbsp;<\/p>\n<p>&nbsp;<\/p>\n<p>Le chiamano \u201cStrobs\u201d, ovvero strutture obsolete. Sono una cinquantina sulle Dolomiti bellunesi. In Comune di Voltago, da circa una decina d\u2019anni \u00e8 inattiva la seggiovia di Frassen\u00e9. \u00abLa propriet\u00e0\u00bb, aveva detto l\u2019ex sindaco Bruno Zanvit, \u00abha deciso finalmente di abbatterla, di bonificare l\u2019intera zona. E il cantiere avrebbe dovuto aprire gi\u00e0 a settembre<\/p>\n<p>&nbsp;<\/p>\n\n\t\t\t<style type='text\/css'>\n\t\t\t\t#gallery-4 {\n\t\t\t\t\tmargin: auto;\n\t\t\t\t}\n\t\t\t\t#gallery-4 .gallery-item {\n\t\t\t\t\tfloat: left;\n\t\t\t\t\tmargin-top: 10px;\n\t\t\t\t\ttext-align: center;\n\t\t\t\t\twidth: 33%;\n\t\t\t\t}\n\t\t\t\t#gallery-4 img {\n\t\t\t\t\tborder: 2px solid #cfcfcf;\n\t\t\t\t}\n\t\t\t\t#gallery-4 .gallery-caption {\n\t\t\t\t\tmargin-left: 0;\n\t\t\t\t}\n\t\t\t\t\/* see gallery_shortcode() in wp-includes\/media.php *\/\n\t\t\t<\/style>\n\t\t<div id='gallery-4' class='dt-gallery-container gallery galleryid-243297 gallery-columns-3 gallery-size-thumbnail'><dl class='gallery-item'>\n\t\t\t\t<dt class='gallery-icon landscape'>\n\t\t\t\t\t<a class=\"rollover rollover-zoom dt-pswp-item\" title=\"th\" data-dt-img-description=\"\" data-large_image_width=\"327\" data-large_image_height=\"184\"href='https:\/\/www.radiopiu.net\/wordpress\/wp-content\/uploads\/2021\/11\/th-14.jpg'><img loading=\"lazy\" decoding=\"async\" width=\"150\" height=\"150\" src=\"https:\/\/www.radiopiu.net\/wordpress\/wp-content\/uploads\/2021\/11\/th-14-150x150.jpg\" class=\"attachment-thumbnail size-thumbnail\" alt=\"\" \/><\/a>\n\t\t\t\t<\/dt><\/dl><dl class='gallery-item'>\n\t\t\t\t<dt class='gallery-icon landscape'>\n\t\t\t\t\t<a class=\"rollover rollover-zoom dt-pswp-item\" title=\"th\" data-dt-img-description=\"\" data-large_image_width=\"244\" data-large_image_height=\"183\"href='https:\/\/www.radiopiu.net\/wordpress\/wp-content\/uploads\/2021\/11\/th-15.jpg'><img loading=\"lazy\" decoding=\"async\" width=\"150\" height=\"150\" src=\"https:\/\/www.radiopiu.net\/wordpress\/wp-content\/uploads\/2021\/11\/th-15-150x150.jpg\" class=\"attachment-thumbnail size-thumbnail\" alt=\"\" \/><\/a>\n\t\t\t\t<\/dt><\/dl><dl class='gallery-item'>\n\t\t\t\t<dt class='gallery-icon landscape'>\n\t\t\t\t\t<a class=\"rollover rollover-zoom dt-pswp-item\" title=\"th\" data-dt-img-description=\"\" data-large_image_width=\"267\" data-large_image_height=\"178\"href='https:\/\/www.radiopiu.net\/wordpress\/wp-content\/uploads\/2021\/11\/th-16.jpg'><img loading=\"lazy\" decoding=\"async\" width=\"150\" height=\"150\" src=\"https:\/\/www.radiopiu.net\/wordpress\/wp-content\/uploads\/2021\/11\/th-16-150x150.jpg\" class=\"attachment-thumbnail size-thumbnail\" alt=\"\" \/><\/a>\n\t\t\t\t<\/dt><\/dl><br style=\"clear: both\" \/>\n\t\t\t<\/div>\n\n<p><strong>IL CANTO DEL CIGNO&#8230; L&#8217;ULTIMO GIRO\u00a0 MENTRE SI TOLGONO I SEGGIOLINI<\/strong><\/p>\n<div style=\"width: 848px;\" class=\"wp-video\"><video class=\"wp-video-shortcode\" id=\"video-243297-1\" width=\"848\" height=\"480\" preload=\"metadata\" controls=\"controls\"><source type=\"video\/mp4\" src=\"https:\/\/www.radiopiu.net\/wordpress\/wp-content\/uploads\/2021\/11\/WhatsApp-Video-2021-11-17-at-19.57.55.mp4?_=1\" \/><a href=\"https:\/\/www.radiopiu.net\/wordpress\/wp-content\/uploads\/2021\/11\/WhatsApp-Video-2021-11-17-at-19.57.55.mp4\">https:\/\/www.radiopiu.net\/wordpress\/wp-content\/uploads\/2021\/11\/WhatsApp-Video-2021-11-17-at-19.57.55.mp4<\/a><\/video><\/div>\n<p>&nbsp;<\/p>\n<\/div>\n<p><strong>di Dario Ganz, Agordo<\/strong><\/p>\n<div dir=\"auto\"><strong><a class=\"dt-pswp-item\" href=\"https:\/\/www.radiopiu.net\/wordpress\/wp-content\/uploads\/2021\/11\/mm.jpg.jpg\" data-dt-img-description=\"\" data-large_image_width=\"1599\" data-large_image_height=\"899\"><img loading=\"lazy\" decoding=\"async\" class=\"wp-image-243575 alignleft\" src=\"https:\/\/www.radiopiu.net\/wordpress\/wp-content\/uploads\/2021\/11\/mm.jpg-300x169.jpg\" alt=\"\" width=\"201\" height=\"113\" srcset=\"https:\/\/www.radiopiu.net\/wordpress\/wp-content\/uploads\/2021\/11\/mm.jpg-300x169.jpg 300w, https:\/\/www.radiopiu.net\/wordpress\/wp-content\/uploads\/2021\/11\/mm.jpg-1024x576.jpg 1024w, https:\/\/www.radiopiu.net\/wordpress\/wp-content\/uploads\/2021\/11\/mm.jpg-768x432.jpg 768w, https:\/\/www.radiopiu.net\/wordpress\/wp-content\/uploads\/2021\/11\/mm.jpg-1536x864.jpg 1536w, https:\/\/www.radiopiu.net\/wordpress\/wp-content\/uploads\/2021\/11\/mm.jpg.jpg 1599w\" sizes=\"auto, (max-width: 201px) 100vw, 201px\" \/><\/a>SuperDoloMitici! Che nostalgia!<\/strong><\/div>\n<div dir=\"auto\"><strong>Le giacche e gli sci magari non erano &#8220;all&#8217;ultima moda&#8221;, la seggiovia era a seggiolino singolo, cavo e padella dello skylift erano un poco bruschi in partenza, ma si sciava liberi, senza caschetto, assicurazioni e anelli da completare entro le ore x. Le piste non erano proprio dei bigliardi anche se, a Forcella Aurine, come a Malga Losch, i Fratelli De Dorigo si davano tutti un bel da fare per portare la neve con le slitte dal bosco. Ci si divertiva un sacco! Forse il DoloMitici! \u00e8 nato anche li, in quelle lente salite con ganci che non arrivavano mai ma lasciavano il tempo della riflessione.<\/strong><\/div>\n<p>&nbsp;<\/p>\n<p>&nbsp;<\/p>\n<p>&nbsp;<\/p>\n<hr \/>\n<p>&nbsp;<\/p>\n<blockquote>\n<h3>&#8220;QUESTO NON E&#8217; AMORE&#8221; IERI AD AGORDO IL CAMPER DELLA POLIZIA<\/h3>\n<\/blockquote>\n<p>&nbsp;<\/p>\n<p>&nbsp;<\/p>\n<p><strong><a href=\"https:\/\/www.radiopiu.net\/wordpress\/questo-non-e-amore-la-campagna-della-polizia-di-stato-per-la-giornata-internazionale-della-violenza-sulle-donne-2\/4508e21c-6a4b-4353-86a7-5f929f5c73ca\/\" rel=\"attachment wp-att-243350\"><img loading=\"lazy\" decoding=\"async\" class=\" wp-image-243350 alignleft\" src=\"https:\/\/www.radiopiu.net\/wordpress\/wp-content\/uploads\/2021\/11\/4508e21c-6a4b-4353-86a7-5f929f5c73ca-300x224.jpg\" alt=\"\" width=\"252\" height=\"188\" srcset=\"https:\/\/www.radiopiu.net\/wordpress\/wp-content\/uploads\/2021\/11\/4508e21c-6a4b-4353-86a7-5f929f5c73ca-300x224.jpg 300w, https:\/\/www.radiopiu.net\/wordpress\/wp-content\/uploads\/2021\/11\/4508e21c-6a4b-4353-86a7-5f929f5c73ca-1024x766.jpg 1024w, https:\/\/www.radiopiu.net\/wordpress\/wp-content\/uploads\/2021\/11\/4508e21c-6a4b-4353-86a7-5f929f5c73ca-768x574.jpg 768w, https:\/\/www.radiopiu.net\/wordpress\/wp-content\/uploads\/2021\/11\/4508e21c-6a4b-4353-86a7-5f929f5c73ca-1536x1149.jpg 1536w, https:\/\/www.radiopiu.net\/wordpress\/wp-content\/uploads\/2021\/11\/4508e21c-6a4b-4353-86a7-5f929f5c73ca.jpg 2000w\" sizes=\"auto, (max-width: 252px) 100vw, 252px\" \/><\/a><\/strong><\/p>\n<p>&nbsp;<\/p>\n<p><strong>AGORDO<\/strong>\u00a0 Wirna Triches e Barbara Bortoluzzi, le donne agenti di Polizia della Questura di Belluno &#8211; come succede da qualche anno &#8211; in piazza della Libert\u00e0 ad Agordo in occasione del mercato del mercoledi. Presenti per la campagna &#8220;Questo non \u00e8 amore&#8221;.<\/p>\n<p>&nbsp;<\/p>\n<p>&nbsp;<\/p>\n<p>&nbsp;<\/p>\n<p>&nbsp;<\/p>\n<p>https:\/\/www.facebook.com\/Mirkomezziano\/videos\/318271346483530<\/p>\n<p>&nbsp;<\/p>\n<p><span style=\"color: #ff0000;\">UN ANNO FA A RADIO PIU, 19 NOVEMBRE 2020<\/span><br \/>\nCon Enrico, Wirna, Barbara e Claudio<\/p>\n<p>https:\/\/www.facebook.com\/mirko.mezzacasa\/videos\/10224961259565558<\/p>\n<p>&nbsp;<\/p>\n<p>&nbsp;<\/p>\n<p>&nbsp;<\/p>\n<p>&nbsp;<\/p>\n<hr \/>\n<p>&nbsp;<\/p>\n<blockquote>\n<h3>IL LEGNAME DEGLI SCHIANTI DI VAIA IN NEVEGAL, ECCO LA SITUAZIONE<\/h3>\n<\/blockquote>\n<p align=\"JUSTIFY\"><strong>BELLUNO<\/strong><\/p>\n<p align=\"JUSTIFY\"><img loading=\"lazy\" decoding=\"async\" class=\"size-thumbnail wp-image-243470 alignleft\" src=\"https:\/\/www.radiopiu.net\/wordpress\/wp-content\/uploads\/2021\/10\/download-4-150x150.jpg\" alt=\"\" width=\"150\" height=\"150\" \/>Ieri ospite del giornale delle 16 il consigliere comunale Raffaele Addamiano dopo la riunione fiume di martedi sera con amministratori e tecnici. Lo stato dell&#8217;arte di una vicenda difficile dopo la tempesta Vaia. Quando l fine dei lavori? Quanti i soldi introitati e quale il loro scopo? Ci sar\u00e0 la conta dei danni?<\/p>\n<p align=\"JUSTIFY\">di Mirko Mezzacasa<\/p>\n<p align=\"JUSTIFY\"><strong>AI MICROFONI DI RADIO PIU&#8217; RAFFAELE ADDAMIANO<\/strong><\/p>\n<audio class=\"wp-audio-shortcode\" id=\"audio-243297-3\" preload=\"none\" style=\"width: 100%;\" controls=\"controls\"><source type=\"audio\/mpeg\" src=\"https:\/\/www.radiopiu.net\/wordpress\/wp-content\/uploads\/2021\/10\/ADDAMIANO-1.mp3?_=3\" \/><a href=\"https:\/\/www.radiopiu.net\/wordpress\/wp-content\/uploads\/2021\/10\/ADDAMIANO-1.mp3\">https:\/\/www.radiopiu.net\/wordpress\/wp-content\/uploads\/2021\/10\/ADDAMIANO-1.mp3<\/a><\/audio>\n<p>&nbsp;<\/p>\n<blockquote>\n<h3>GIORNALE RADIOPIU. EDIZIONE DEL 27 OTTOBRE 2021<\/h3>\n<\/blockquote>\n<p align=\"JUSTIFY\"><strong><a href=\"https:\/\/www.radiopiu.net\/wordpress\/giornale-radiopiu-09-gennaio-2021-direttore-mirko-mezzacasa\/sentieri_nevegal_lavori-2\/\" rel=\"attachment wp-att-183743\"><img loading=\"lazy\" decoding=\"async\" class=\"size-medium wp-image-183743 alignleft\" src=\"https:\/\/www.radiopiu.net\/wordpress\/wp-content\/uploads\/2021\/01\/Sentieri_Nevegal_lavori-1-300x204.jpg\" alt=\"\" width=\"300\" height=\"204\" srcset=\"https:\/\/www.radiopiu.net\/wordpress\/wp-content\/uploads\/2021\/01\/Sentieri_Nevegal_lavori-1-300x204.jpg 300w, https:\/\/www.radiopiu.net\/wordpress\/wp-content\/uploads\/2021\/01\/Sentieri_Nevegal_lavori-1-1024x697.jpg 1024w, https:\/\/www.radiopiu.net\/wordpress\/wp-content\/uploads\/2021\/01\/Sentieri_Nevegal_lavori-1-768x522.jpg 768w, https:\/\/www.radiopiu.net\/wordpress\/wp-content\/uploads\/2021\/01\/Sentieri_Nevegal_lavori-1.jpg 1523w\" sizes=\"auto, (max-width: 300px) 100vw, 300px\" \/><\/a>BELLUNO<\/strong> Il Comune di Belluno ha venduto gli schianti di Vaia alla ditta alto atesina \u00a0Waldprofi Sudtirol, inizialmente era previsto un vantaggio per le casse comunali di oltre 625mila euro. Per questo i consiglieri comunali di Obiettivo Belluno, Raffaele Addamiano e Andrea Stella, chiedono chiarimenti, soprattutto la convocazione della I e II Commissione Consiliare Permanente. L&#8217;intento: discutere con il Sindaco e gli assessori competenti il\u00a0 tema ambientale-economico-turistico sul colle<b>. <\/b>Nella prima determinazione ricordano i consiglieri\u00a0 era stata tra l&#8217;altro assicurata a fine operazioni la percorribilit\u00e0 del bosco\u00a0 e la pulizia integrale dei sentieri e delle piste da sci e da mountain bike,\u00a0 ma anche\u00a0 l&#8217;eventuale risarcimento di\u00a0 tutti i danni\u00a0 valutati alla chiusura dei cantieri, sia all\u2019interno del bosco sia sulla viabilit\u00e0 di accesso, che sulle piste da sci. Alla prima determinazione sono\u00a0 seguite\u00a0 ulteriori scritture di modifica<\/p>\n<p align=\"JUSTIFY\"><em>&#8220;Per questo &#8211; concludono i consiglieri Addamiano e Stella &#8211; chiediamo di indire a breve una riunione congiunta della I e della II Commissione Consiliare Permanente per conoscere l\u2019effettivo stato dell\u2019arte dell\u2019appalto in esame e per discutere con la massima trasparenza delle rilevantissime tematiche \u00a0che coinvolgono, a tutta evidenza, sotto molteplici aspetti il Colle dei Bellunesi, nonch\u00e8, di riflesso, sia il prezioso patrimonio naturale del nostro territorio che l\u2019economia dell\u2019intera Provincia&#8221;.\u00a0<\/em><\/p>\n<hr \/>\n<p>&nbsp;<\/p>\n<blockquote>\n<h3>UN CONSIGLIO COMUNALE DI&#8230;MINORANZA A ROCCA PIETORE<\/h3>\n<\/blockquote>\n<p><strong><img loading=\"lazy\" decoding=\"async\" class=\"alignleft\" src=\"https:\/\/www.radiopiu.net\/wordpress\/wp-content\/uploads\/2019\/07\/consiglio-rocca-1.jpeg\" width=\"254\" height=\"143\" \/>ROCCA PIETORE<\/strong> Consiglio comunale&#8230;di minoranza martedi alle 10. All&#8217;ordine del giorno un punto scelto dal sindaco Andrea De Bernardin (variazione al bilancio di previsione) e cinque per le interrogazioni del consigliere Diana Iraci Borgia Mandolini e dal gruppo di opposizione Uniti per la Montagna: lavori ai serrai si Sottoguda, bostrico nei siti boschivi, parcheggio Palue, area pic nic Pian de del Risce, marciapiedi comunali, condizioni dei cimiteri, parco giochi Re Ombro tempi e spese.<\/p>\n<p><strong>DI GIANNI SANTOMASO<\/strong><\/p>\n<audio class=\"wp-audio-shortcode\" id=\"audio-243297-4\" preload=\"none\" style=\"width: 100%;\" controls=\"controls\"><source type=\"audio\/mpeg\" src=\"https:\/\/www.radiopiu.net\/wordpress\/wp-content\/uploads\/2021\/11\/GIANNI-CONSIGLIO-ROCCA.mp3?_=4\" \/><a href=\"https:\/\/www.radiopiu.net\/wordpress\/wp-content\/uploads\/2021\/11\/GIANNI-CONSIGLIO-ROCCA.mp3\">https:\/\/www.radiopiu.net\/wordpress\/wp-content\/uploads\/2021\/11\/GIANNI-CONSIGLIO-ROCCA.mp3<\/a><\/audio>\n<p>&nbsp;<\/p>\n<p>&nbsp;<\/p>\n<p>&nbsp;<\/p>\n<hr \/>\n<blockquote>\n<h3>UNA STAGIONE INVERNALE DI VITALE IMPORTANZA PER L&#8217;IMMAGINE E LA PROMOZIONE IN OTTICA OLIMPIADI<\/h3>\n<\/blockquote>\n<p><strong><a href=\"https:\/\/www.radiopiu.net\/wordpress\/belluno-la-citta-del-nulla-di-fatto-da-tiziano-alla-pallavolo\/972ec435-fa04-49e8-bf1e-048263cab367\/\" rel=\"attachment wp-att-226219\"><img loading=\"lazy\" decoding=\"async\" class=\" wp-image-226219 alignleft\" src=\"https:\/\/www.radiopiu.net\/wordpress\/wp-content\/uploads\/2021\/08\/972ec435-fa04-49e8-bf1e-048263cab367-300x200.jpg\" alt=\"\" width=\"212\" height=\"141\" srcset=\"https:\/\/www.radiopiu.net\/wordpress\/wp-content\/uploads\/2021\/08\/972ec435-fa04-49e8-bf1e-048263cab367-300x200.jpg 300w, https:\/\/www.radiopiu.net\/wordpress\/wp-content\/uploads\/2021\/08\/972ec435-fa04-49e8-bf1e-048263cab367-768x513.jpg 768w, https:\/\/www.radiopiu.net\/wordpress\/wp-content\/uploads\/2021\/08\/972ec435-fa04-49e8-bf1e-048263cab367.jpg 1024w\" sizes=\"auto, (max-width: 212px) 100vw, 212px\" \/><\/a>BELLUNO<\/strong> Di strigliata in strigliata, da quella del presidente del Coni Giovanni Malag\u00f2 a quella velata del sindaco di Seren Del Grappa Dario Scopel. Il tema \u00e8 noto, quello dei tempi e dei ritardi sull\u2019esecuzione di alcune opere infrastrutturali in vista delle Olimpiadi del 2026.\u00a0 <em>\u201cTutti devono essere consapevoli e assumersi le responsabilit\u00e0 che loro competono, senza scusanti o ritardi ingiustificati\u201d <\/em>attacca Scopel in veste di\u00a0 coordinatore bellunese di Forza Italia, &#8220;<em>Mi auguro che tutti gli attori in campo, a cominciare dal governo centrale e dalla Regione ne siano\u00a0 consapevoli, s&#8217;acceleri senza indugio&#8221;. <\/em>Non si tratta di un armiamoci e partite, da sindaco Scopel avvisa che enti e amministratori locali ci sono. C&#8217;\u00e8 poi l&#8217;altra questione, di ora in ora pi\u00f9 attuale: l\u2019avvio della nuova stagione sciistica invernale. Gli operatori della neve sono preoccupati, come lo erano un anno fa senza mai certezze pianificate. \u00a0<em>\u201cA pochi giorni dall\u2019inizio della stagione &#8211; dice Scopel &#8211;\u00a0 \u00a0dal governo non sono ancora arrivate le linee guida soprattutto per la capienza&#8221;<\/em>, Preoccupazione giustificata se Roma\u00a0 trasferir\u00e0 le responsabilit\u00e0 alle societ\u00e0 delle ski aree con l\u2019onere di dettare le regole, salvo poi essere chiamati a risponderne <em>&#8220;Dopo una stagione disastrosa con l&#8217;intero comparto bloccato\u00a0 i nostri operatori hanno\u00a0 bisogno e diritto di poter lavorare, in piena sicurezza e con l\u2019appoggio concreto ed efficace delle istituzioni nessuna esclusa\u201d. <\/em>La prossima sar\u00e0 una stagione di vitale importanza per il futuro della montagna, cos\u00ec come le successive fino al 2026 <em>&#8220;Ci giochiamo una larga fetta della nostra immagine e del riposizionamento della nostra offerta turistica sul piano nazionale e internazionale&#8221; <\/em>la conclusione di Dario Scopel.<\/p>\n<p>&nbsp;<\/p>\n<p>&nbsp;<\/p>\n<hr \/>\n<p>&nbsp;<\/p>\n<blockquote>\n<h3>MANUTENZIONE STRAORDINARIA SULLE STRADE COMUNALI FELTRINE<\/h3>\n<\/blockquote>\n<p><strong>FELTRE<\/strong> La giunta comunale ha approvato un nuovo lotto di interventi relativi al piano di manutenzione straordinaria della viabilit\u00e0 comunale per l&#8217;anno 2021. Il progetto \u00e8 stato redatto dal Servizio Lavori Pubblici del Comune e prevede un impegno di spesa complessivo pari a 500 mila euro. L&#8217;intervento riguarder\u00e0 strade in stato di usura per la mole di traffico leggero e pesante che vi transita, oltre che per gli effetti del gelo durante le stagioni invernali. Su alcune vie \u00e8 previsto di stendere sopra l&#8217;esistente un nuovo manto sempre in conglomerato bituminoso; in altri casi si <strong><img loading=\"lazy\" decoding=\"async\" class=\"alignleft\" src=\"https:\/\/www.radiopiu.net\/wordpress\/wp-content\/uploads\/2019\/07\/Adis-Zatta.jpg\" width=\"233\" height=\"155\" \/><\/strong>provveder\u00e0 alla prima asfaltatura di \u201cstrade bianche\u201d, dopo che il fondo sar\u00e0 stato stabilizzato. Per alcuni interventi \u00e8 prevista anche la realizzazione delle sottostrutture degli impianti di illuminazione pubblica.<\/p>\n<p><strong>L&#8217;ASSESSORE AI LAVORI PUBBLICI ADIS ZATTA<\/strong><\/p>\n<audio class=\"wp-audio-shortcode\" id=\"audio-243297-5\" preload=\"none\" style=\"width: 100%;\" controls=\"controls\"><source type=\"audio\/mpeg\" src=\"https:\/\/www.radiopiu.net\/wordpress\/wp-content\/uploads\/2021\/11\/Audio-Zatta-su-lotto-asfaltature.mp3?_=5\" \/><a href=\"https:\/\/www.radiopiu.net\/wordpress\/wp-content\/uploads\/2021\/11\/Audio-Zatta-su-lotto-asfaltature.mp3\">https:\/\/www.radiopiu.net\/wordpress\/wp-content\/uploads\/2021\/11\/Audio-Zatta-su-lotto-asfaltature.mp3<\/a><\/audio>\n<p>&nbsp;<\/p>\n<p>&nbsp;<\/p>\n<hr \/>\n<p>&nbsp;<\/p>\n<p>&nbsp;<\/p>\n<blockquote>\n<h3 style=\"text-align: left;\">GREMBIULE DA CAMERIERE PER I SINDACI, DOMANI A VILLA PAT<\/h3>\n<\/blockquote>\n<p><strong><a href=\"https:\/\/www.radiopiu.net\/wordpress\/giornale-radiopiu-18-novembre-2021-direttore-mirko-mezzacasa\/th-252\/\" rel=\"attachment wp-att-243543\"><img loading=\"lazy\" decoding=\"async\" class=\"wp-image-243543 alignleft\" src=\"https:\/\/www.radiopiu.net\/wordpress\/wp-content\/uploads\/2021\/11\/th-19.jpg\" alt=\"\" width=\"174\" height=\"119\" \/><\/a> <\/strong><\/p>\n<p><strong>\u00a0<\/strong><\/p>\n<p><strong>SEDICO\u00a0<\/strong><\/p>\n<p><strong>DI DAMIANO TORMEN<\/strong><\/p>\n<audio class=\"wp-audio-shortcode\" id=\"audio-243297-6\" preload=\"none\" style=\"width: 100%;\" controls=\"controls\"><source type=\"audio\/mpeg\" src=\"https:\/\/www.radiopiu.net\/wordpress\/wp-content\/uploads\/2021\/11\/damiano-5.mp3?_=6\" \/><a href=\"https:\/\/www.radiopiu.net\/wordpress\/wp-content\/uploads\/2021\/11\/damiano-5.mp3\">https:\/\/www.radiopiu.net\/wordpress\/wp-content\/uploads\/2021\/11\/damiano-5.mp3<\/a><\/audio>\n<p>&nbsp;<\/p>\n<p>&nbsp;<\/p>\n<hr \/>\n<p>&nbsp;<\/p>\n<p>&nbsp;<\/p>\n<blockquote>\n<h3>SCUOLA APERTA, IL 20 NOVEMBRE AL FOLLADOR-DE ROSSI<\/h3>\n<\/blockquote>\n<p><strong>AGORDO<\/strong> Ecco le date e i link per\u00a0 Scuol@ Aperta al Istituto Follador &#8211; De Rossi per visitare i nostri ambienti e conoscere da vicino l&#8217;istituto<\/p>\n<p><strong>Le prenotazione andranno effettuate ai seguenti link:<\/strong><\/p>\n<p>&#x1f4d5;20 Novembre 2021 https:\/\/form.jotform.com\/Follador\/scuol-aperta-20-novembre-2021<\/p>\n<p>&#x1f4d7;4 Dicembre 2021 https:\/\/form.jotform.com\/Follador\/scuola-apert-4-dicembre-2021<\/p>\n<p>&#x1f4d8;18 Dicembre 2021 https:\/\/form.jotform.com\/Follador\/scuola-apert-18-dicembre-2021<\/p>\n<p>&nbsp;<\/p>\n<p>&nbsp;<\/p>\n<hr \/>\n<p>&nbsp;<\/p>\n<p>&nbsp;<\/p>\n<blockquote>\n<h3>QUALE FUTURO PER LE DOLOMITI? OGGI IL CONVEGNO IN VAL DI FASSA<\/h3>\n<\/blockquote>\n<p><strong><a href=\"https:\/\/www.radiopiu.net\/wordpress\/valli-ladine-turismo-e-mobilita-quale-futuro-per-le-dolomiti\/locandina-18-novembre-2021\/\" rel=\"attachment wp-att-243343\"><img loading=\"lazy\" decoding=\"async\" class=\"size-medium wp-image-243343 alignleft\" src=\"https:\/\/www.radiopiu.net\/wordpress\/wp-content\/uploads\/2021\/11\/LOCANDINA-18-novembre-2021-150x300.jpeg\" alt=\"\" width=\"150\" height=\"300\" srcset=\"https:\/\/www.radiopiu.net\/wordpress\/wp-content\/uploads\/2021\/11\/LOCANDINA-18-novembre-2021-150x300.jpeg 150w, https:\/\/www.radiopiu.net\/wordpress\/wp-content\/uploads\/2021\/11\/LOCANDINA-18-novembre-2021.jpeg 320w\" sizes=\"auto, (max-width: 150px) 100vw, 150px\" \/><\/a>POZZA DI FASSA<\/strong> <span class=\"\">Transdolomites Aps propone una\u00a0 pubblica conferenza\u00a0 per<\/span>\u00a0 oggi alle 17 nell\u2019 Aula Consigliare del Municipio.<em> &#8220;<span class=\"\">L\u2019intento &#8211; spiega Massimo Girardi, presidente dell&#8217;associazione (foto)- \u00e8 \u00a0promuovere nella valli ladine il corretto\u00a0 significato di mobilit\u00e0 sostenibile. Questo non sta a significare la costruzione di nuove strade \u00a0ma al contrario, indica delle modalit\u00e0 di spostamento in grado di diminuire gli impatti ambientali, sociali ed economici generati dai veicoli <a href=\"https:\/\/www.radiopiu.net\/wordpress\/flora-fauna-futura-a-borgo-piave\/img_5456\/\" rel=\"attachment wp-att-240705\"><img loading=\"lazy\" decoding=\"async\" class=\" wp-image-240705 alignright\" src=\"https:\/\/www.radiopiu.net\/wordpress\/wp-content\/uploads\/2021\/11\/IMG_5456-300x295.jpg\" alt=\"\" width=\"163\" height=\"160\" srcset=\"https:\/\/www.radiopiu.net\/wordpress\/wp-content\/uploads\/2021\/11\/IMG_5456-300x295.jpg 300w, https:\/\/www.radiopiu.net\/wordpress\/wp-content\/uploads\/2021\/11\/IMG_5456-1024x1007.jpg 1024w, https:\/\/www.radiopiu.net\/wordpress\/wp-content\/uploads\/2021\/11\/IMG_5456-768x755.jpg 768w, https:\/\/www.radiopiu.net\/wordpress\/wp-content\/uploads\/2021\/11\/IMG_5456.jpg 1125w\" sizes=\"auto, (max-width: 163px) 100vw, 163px\" \/><\/a>privati,\u00a0 il consumo di territorio e i costi degli spostamenti&#8221;.\u00a0<\/span><\/em><span class=\"\"><br \/>\n<strong>INTERVERRANNO:\u00a0 <\/strong><\/span>Massimo Girardi, Presidente di Transdolomites,\u00a0 Helmuth Moroder, fu direttore della STA &#8211; Infrastrutture Ferroviarie Alto Adige S.r.l. &#8211; societ\u00e0 che gestisce l&#8217;infrastruttura delle ferrovia Merano-Malles. Diego Cason, esperto di sociologia del turismo e della pianificazione territoriale. Giorgio Daidola, Docente del Dipartimento di Economia e Management dell&#8217;Universit\u00e0 di Trento Giovanni Sacc\u00e0, estensore dello studio della Facolt\u00e0 di Economia dell&#8217;Universit\u00e0 di Verona sulle ipotesi di percorso della Ferrovia Avisio. Modera \u00a0la serata ; Virna Pierbon.\u00a0 Accesso libero e gratuito con Green pass e mascherina Disponibilit\u00e0 dei posti a sedere\u00a0 N. 49\u00a0 Trasmissione in diretta Streaming sulla pagina Facebook di Transdolomites<\/p>\n<p>&nbsp;<\/p>\n<hr \/>\n<p>&nbsp;<\/p>\n<blockquote class=\"wp-embedded-content\" data-secret=\"oaNTzom6Hl\"><p><a href=\"https:\/\/www.radiopiu.net\/wordpress\/aggiornamentonov17\/\">CORONAVIRUS: AGGIORNAMENTO NAZIONALE 17 NOVEMBRE  2021<\/a><\/p><\/blockquote>\n<p><iframe loading=\"lazy\" class=\"wp-embedded-content\" sandbox=\"allow-scripts\" security=\"restricted\" style=\"position: absolute; clip: rect(1px, 1px, 1px, 1px);\" title=\"&#8220;CORONAVIRUS: AGGIORNAMENTO NAZIONALE 17 NOVEMBRE  2021&#8221; &#8212; Radio Pi\u00f9\" src=\"https:\/\/www.radiopiu.net\/wordpress\/aggiornamentonov17\/embed\/#?secret=oaNTzom6Hl\" data-secret=\"oaNTzom6Hl\" width=\"600\" height=\"338\" frameborder=\"0\" marginwidth=\"0\" marginheight=\"0\" scrolling=\"no\"><\/iframe><\/p>\n<p>&nbsp;<\/p>\n<blockquote class=\"wp-embedded-content\" data-secret=\"r6qoUjv2eG\"><p><a href=\"https:\/\/www.radiopiu.net\/wordpress\/agg17nov\/\">1435 POSITIVI,. 200 PIU&#8217; DI IERI, 47 A BELLUNO CON 457 ATTUALMENTE POSITIVI AUMENTA LA PRESSIONE OSPEDALIERA<\/a><\/p><\/blockquote>\n<p><iframe loading=\"lazy\" class=\"wp-embedded-content\" sandbox=\"allow-scripts\" security=\"restricted\" style=\"position: absolute; clip: rect(1px, 1px, 1px, 1px);\" title=\"&#8220;1435 POSITIVI,. 200 PIU&#8217; DI IERI, 47 A BELLUNO CON 457 ATTUALMENTE POSITIVI AUMENTA LA PRESSIONE OSPEDALIERA&#8221; &#8212; Radio Pi\u00f9\" src=\"https:\/\/www.radiopiu.net\/wordpress\/agg17nov\/embed\/#?secret=r6qoUjv2eG\" data-secret=\"r6qoUjv2eG\" width=\"600\" height=\"338\" frameborder=\"0\" marginwidth=\"0\" marginheight=\"0\" scrolling=\"no\"><\/iframe><\/p>\n<h2><\/h2>\n<h2>I GRAFICI DI TIZIANO DE COL<\/h2>\n\n\t\t\t<style type='text\/css'>\n\t\t\t\t#gallery-5 {\n\t\t\t\t\tmargin: auto;\n\t\t\t\t}\n\t\t\t\t#gallery-5 .gallery-item {\n\t\t\t\t\tfloat: left;\n\t\t\t\t\tmargin-top: 10px;\n\t\t\t\t\ttext-align: center;\n\t\t\t\t\twidth: 33%;\n\t\t\t\t}\n\t\t\t\t#gallery-5 img {\n\t\t\t\t\tborder: 2px solid #cfcfcf;\n\t\t\t\t}\n\t\t\t\t#gallery-5 .gallery-caption {\n\t\t\t\t\tmargin-left: 0;\n\t\t\t\t}\n\t\t\t\t\/* see gallery_shortcode() in wp-includes\/media.php *\/\n\t\t\t<\/style>\n\t\t<div id='gallery-5' class='dt-gallery-container gallery galleryid-243297 gallery-columns-3 gallery-size-medium'><dl class='gallery-item'>\n\t\t\t\t<dt class='gallery-icon landscape'>\n\t\t\t\t\t<a class=\"rollover rollover-zoom dt-pswp-item\" title=\"0e504ae4-5ca3-4ff5-91d6-e2ee73381f75\" data-dt-img-description=\"\" data-large_image_width=\"581\" data-large_image_height=\"355\"href='https:\/\/www.radiopiu.net\/wordpress\/wp-content\/uploads\/2021\/11\/0e504ae4-5ca3-4ff5-91d6-e2ee73381f75.jpg'><img loading=\"lazy\" decoding=\"async\" width=\"300\" height=\"183\" src=\"https:\/\/www.radiopiu.net\/wordpress\/wp-content\/uploads\/2021\/11\/0e504ae4-5ca3-4ff5-91d6-e2ee73381f75-300x183.jpg\" class=\"attachment-medium size-medium\" alt=\"\" srcset=\"https:\/\/www.radiopiu.net\/wordpress\/wp-content\/uploads\/2021\/11\/0e504ae4-5ca3-4ff5-91d6-e2ee73381f75-300x183.jpg 300w, https:\/\/www.radiopiu.net\/wordpress\/wp-content\/uploads\/2021\/11\/0e504ae4-5ca3-4ff5-91d6-e2ee73381f75.jpg 581w\" sizes=\"auto, (max-width: 300px) 100vw, 300px\" \/><\/a>\n\t\t\t\t<\/dt><\/dl><dl class='gallery-item'>\n\t\t\t\t<dt class='gallery-icon landscape'>\n\t\t\t\t\t<a class=\"rollover rollover-zoom dt-pswp-item\" title=\"b6abfb9b-29e3-4bfe-b0a9-ed82f1d2d44b\" data-dt-img-description=\"\" data-large_image_width=\"606\" data-large_image_height=\"351\"href='https:\/\/www.radiopiu.net\/wordpress\/wp-content\/uploads\/2021\/11\/b6abfb9b-29e3-4bfe-b0a9-ed82f1d2d44b.jpg'><img loading=\"lazy\" decoding=\"async\" width=\"300\" height=\"174\" src=\"https:\/\/www.radiopiu.net\/wordpress\/wp-content\/uploads\/2021\/11\/b6abfb9b-29e3-4bfe-b0a9-ed82f1d2d44b-300x174.jpg\" class=\"attachment-medium size-medium\" alt=\"\" srcset=\"https:\/\/www.radiopiu.net\/wordpress\/wp-content\/uploads\/2021\/11\/b6abfb9b-29e3-4bfe-b0a9-ed82f1d2d44b-300x174.jpg 300w, https:\/\/www.radiopiu.net\/wordpress\/wp-content\/uploads\/2021\/11\/b6abfb9b-29e3-4bfe-b0a9-ed82f1d2d44b.jpg 606w\" sizes=\"auto, (max-width: 300px) 100vw, 300px\" \/><\/a>\n\t\t\t\t<\/dt><\/dl><dl class='gallery-item'>\n\t\t\t\t<dt class='gallery-icon landscape'>\n\t\t\t\t\t<a class=\"rollover rollover-zoom dt-pswp-item\" title=\"8284cd45-37eb-451f-8826-aafd301b3f3c\" data-dt-img-description=\"\" data-large_image_width=\"606\" data-large_image_height=\"350\"href='https:\/\/www.radiopiu.net\/wordpress\/wp-content\/uploads\/2021\/11\/8284cd45-37eb-451f-8826-aafd301b3f3c.jpg'><img loading=\"lazy\" decoding=\"async\" width=\"300\" height=\"173\" src=\"https:\/\/www.radiopiu.net\/wordpress\/wp-content\/uploads\/2021\/11\/8284cd45-37eb-451f-8826-aafd301b3f3c-300x173.jpg\" class=\"attachment-medium size-medium\" alt=\"\" srcset=\"https:\/\/www.radiopiu.net\/wordpress\/wp-content\/uploads\/2021\/11\/8284cd45-37eb-451f-8826-aafd301b3f3c-300x173.jpg 300w, https:\/\/www.radiopiu.net\/wordpress\/wp-content\/uploads\/2021\/11\/8284cd45-37eb-451f-8826-aafd301b3f3c.jpg 606w\" sizes=\"auto, (max-width: 300px) 100vw, 300px\" \/><\/a>\n\t\t\t\t<\/dt><\/dl><br style=\"clear: both\" \/><dl class='gallery-item'>\n\t\t\t\t<dt class='gallery-icon landscape'>\n\t\t\t\t\t<a class=\"rollover rollover-zoom dt-pswp-item\" title=\"29307905-c722-4f28-9269-305591febc3f\" data-dt-img-description=\"\" data-large_image_width=\"604\" data-large_image_height=\"343\"href='https:\/\/www.radiopiu.net\/wordpress\/wp-content\/uploads\/2021\/11\/29307905-c722-4f28-9269-305591febc3f.jpg'><img loading=\"lazy\" decoding=\"async\" width=\"300\" height=\"170\" src=\"https:\/\/www.radiopiu.net\/wordpress\/wp-content\/uploads\/2021\/11\/29307905-c722-4f28-9269-305591febc3f-300x170.jpg\" class=\"attachment-medium size-medium\" alt=\"\" srcset=\"https:\/\/www.radiopiu.net\/wordpress\/wp-content\/uploads\/2021\/11\/29307905-c722-4f28-9269-305591febc3f-300x170.jpg 300w, https:\/\/www.radiopiu.net\/wordpress\/wp-content\/uploads\/2021\/11\/29307905-c722-4f28-9269-305591febc3f.jpg 604w\" sizes=\"auto, (max-width: 300px) 100vw, 300px\" \/><\/a>\n\t\t\t\t<\/dt><\/dl><dl class='gallery-item'>\n\t\t\t\t<dt class='gallery-icon landscape'>\n\t\t\t\t\t<a class=\"rollover rollover-zoom dt-pswp-item\" title=\"61d2bfc9-4b61-4d05-b810-b9b34df842db\" data-dt-img-description=\"\" data-large_image_width=\"612\" data-large_image_height=\"354\"href='https:\/\/www.radiopiu.net\/wordpress\/wp-content\/uploads\/2021\/11\/61d2bfc9-4b61-4d05-b810-b9b34df842db.jpg'><img loading=\"lazy\" decoding=\"async\" width=\"300\" height=\"174\" src=\"https:\/\/www.radiopiu.net\/wordpress\/wp-content\/uploads\/2021\/11\/61d2bfc9-4b61-4d05-b810-b9b34df842db-300x174.jpg\" class=\"attachment-medium size-medium\" alt=\"\" srcset=\"https:\/\/www.radiopiu.net\/wordpress\/wp-content\/uploads\/2021\/11\/61d2bfc9-4b61-4d05-b810-b9b34df842db-300x174.jpg 300w, https:\/\/www.radiopiu.net\/wordpress\/wp-content\/uploads\/2021\/11\/61d2bfc9-4b61-4d05-b810-b9b34df842db.jpg 612w\" sizes=\"auto, (max-width: 300px) 100vw, 300px\" \/><\/a>\n\t\t\t\t<\/dt><\/dl>\n\t\t\t\t<br style='clear: both' \/>\n\t\t\t<\/div>\n\n<p>&nbsp;<\/p>\n<hr \/>\n<p>&nbsp;<\/p>\n<blockquote>\n<h3>TERZO RICOVERO IN TERAPIA INTENSIVA IN PROVINCIA DI BELLUNO. L&#8217;AGGIORNAMENTO COVID DELL&#8217;ULSS 1 DOLOMITI<\/h3>\n<\/blockquote>\n<p><strong><a href=\"https:\/\/www.radiopiu.net\/wordpress\/giornale-radiopiu-10-marzo-2020-direttore-mirko-mezzacasa\/covid-ulss\/\" rel=\"attachment wp-att-121260\"><img loading=\"lazy\" decoding=\"async\" class=\"size-medium wp-image-121260 alignleft\" src=\"https:\/\/www.radiopiu.net\/wordpress\/wp-content\/uploads\/2020\/03\/covid-ulss-300x225.jpg\" alt=\"\" width=\"300\" height=\"225\" srcset=\"https:\/\/www.radiopiu.net\/wordpress\/wp-content\/uploads\/2020\/03\/covid-ulss-300x225.jpg 300w, https:\/\/www.radiopiu.net\/wordpress\/wp-content\/uploads\/2020\/03\/covid-ulss-768x576.jpg 768w, https:\/\/www.radiopiu.net\/wordpress\/wp-content\/uploads\/2020\/03\/covid-ulss.jpg 800w\" sizes=\"auto, (max-width: 300px) 100vw, 300px\" \/><\/a>BELLUNO <\/strong>L&#8217;aggiornamento dell&#8217;Ulss 1 Dolomiti sull&#8217;andamento dell&#8217;epidemia Covid-19 in provincia di Belluno. 457 le persone attualmente positive, 1055 in isolamento. Incidenza settimanale: 143 casi su 100 mila abitanti. Ricoveri. 3 in Terapia Intensiva: 3, 7 in area non critica. Ieri \u00e8 stato registrato il terzo ricovero in terapia intensiva di una persona di 56 anni. Premesso che la vaccinazione anti covid rappresenta la prima linea di intervento per il contenimento della ripresa epidemica covid, \u00e8 indispensabile, anche per i soggetti vaccinati il rigoroso rispetto delle norme igienico sanitarie anti contagio: evitare assembramenti, indossare la mascherina in tutti i luoghi chiusi, lavarsi frequentemente le mani, arieggiare costantemente i locali pubblici e privati. Queste semplici ma fondamentali norme di comportamento sono efficaci non solo contro il covid ma anche contro tutte le malattie a trasmissione respiratoria, virali e batteriche, che trovano nella permanenza in locali chiusi e nella stretta vicinanza tra persone i principali determinanti nella diffusioni.<\/p>\n<p>&nbsp;<\/p>\n<p>&nbsp;<\/p>\n<hr \/>\n<p>&nbsp;<\/p>\n<blockquote>\n<h3>CONTINUANO LE SOSPENSIONI DEGLI OPERATORI NON VACCINATI IN ULSS 1 DOLOMITI<\/h3>\n<\/blockquote>\n<p><strong><a href=\"https:\/\/www.radiopiu.net\/wordpress\/monoclonali-pronti-per-la-somministrazione-in-ulss-1-dolomiti\/ulss-1-2\/\" rel=\"attachment wp-att-198838\"><img loading=\"lazy\" decoding=\"async\" class=\"size-medium wp-image-198838 alignleft\" src=\"https:\/\/www.radiopiu.net\/wordpress\/wp-content\/uploads\/2021\/03\/ULSS-1-300x158.jpg\" alt=\"\" width=\"300\" height=\"158\" srcset=\"https:\/\/www.radiopiu.net\/wordpress\/wp-content\/uploads\/2021\/03\/ULSS-1-300x158.jpg 300w, https:\/\/www.radiopiu.net\/wordpress\/wp-content\/uploads\/2021\/03\/ULSS-1-768x404.jpg 768w, https:\/\/www.radiopiu.net\/wordpress\/wp-content\/uploads\/2021\/03\/ULSS-1.jpg 776w\" sizes=\"auto, (max-width: 300px) 100vw, 300px\" \/><\/a>BELLUNO <\/strong>L\u2019Ulss 1 Dolomiti\u00a0 informa che sono stati sospesi <strong>altri 4 operatori sanitari dipendenti<\/strong> non vaccinati, in base agli atti pervenuti dalle Commissioni preposte alla valutazione le singole posizioni circa la norma sull\u2019obbligo vaccinale. La sospensione avr\u00e0 durata fino al 31 dicembre, salvo che gli operatori interessati non decidano di vaccinarsi, nel qual caso verranno riammessi in servizio. Questi lavoratori, nell&#8217;ambito del procedimento previsto, non hanno aderito alla vaccinazione. Sono in corso altri accertamenti e nei prossimi giorni potrebbero essere intrapresi ulteriori provvedimenti. La Direzione auspica che gli operatori sanitari provvedano quanto prima agli adempimenti previsti dalla legge, nell\u2019interesse proprio, dei colleghi e della collettivit\u00e0. La vaccinazione per gli operatori sanitari \u00e8 sempre disponibile in qualsiasi punto vaccinale.<\/p>\n<p>&nbsp;<\/p>\n<p>&nbsp;<\/p>\n<hr \/>\n<p>&nbsp;<\/p>\n<blockquote>\n<h3>TAMPONI PER GLI STUDENTI, PD &#8220;SI FACCIANO I TESTA SCUOLA&#8221;<\/h3>\n<\/blockquote>\n<p><strong>VENEZIA<\/strong>\u00a0 <em>\u201cAvere un portale dedicato per le prenotazioni serve a poco se poi non ci sono posti a sufficienza. Devono essere aumentate le postazioni per i tamponi agli studenti, anche testandoli subito a scuola. Non \u00e8 possibile andare avanti cos\u00ec, con ore di attesa e magari due ore di viaggio, tra andata e ritorno, per raggiungere una struttura con posti disponibili\u201d.<\/em> La consigliera PD Anna Maria Bigon, vicepresidente della commissione Sanit\u00e0 a Palazzo Ferro Fini, torna sulla problematica del tracciamento scolastico nell\u2019Ulss 9.\u00a0 <em>\u201cSono necessarie delle corsie preferenziali che siano davvero tali, anche perch\u00e9 i casi di contagio in classe sono in forte crescita ed avere risposte rapide, per evitare quarantene generalizzate o il ritorno alla didattica a distanza&#8221;.\u00a0<\/em><\/p>\n<p>&nbsp;<\/p>\n<p>&nbsp;<\/p>\n<hr \/>\n<blockquote>\n<h3><\/h3>\n<h3>ORDINE DEI MEDICI DI VENEZIA &#8220;LOCKDOWN AI NO VAX, SERVIRA'&#8221;<\/h3>\n<\/blockquote>\n<p><span style=\"color: #0000ff;\">FONTE Agenzia DIRE<\/span><\/p>\n<blockquote>\n<h3><em>E ora torniamo un&#8217;altra volta a chiudere ristoranti, le attivit\u00e0 culturali, ricreative? Torniamo un&#8217;altra volta a bloccare gli ospedali?&#8221;<\/em><\/h3>\n<\/blockquote>\n<p><strong><a href=\"https:\/\/www.radiopiu.net\/wordpress\/ordine-dei-medici-di-venezia-lockdown-ai-no-vax-servira\/34a7be79c4ab271bd8f0616bc3495e90d582a6a003823bba1bed0ff2e8d6e1de\/\" rel=\"attachment wp-att-243384\"><img loading=\"lazy\" decoding=\"async\" class=\" wp-image-243384 alignleft\" src=\"https:\/\/www.radiopiu.net\/wordpress\/wp-content\/uploads\/2021\/11\/34a7be79c4ab271bd8f0616bc3495e90d582a6a003823bba1bed0ff2e8d6e1de-300x289.png\" alt=\"\" width=\"180\" height=\"173\" srcset=\"https:\/\/www.radiopiu.net\/wordpress\/wp-content\/uploads\/2021\/11\/34a7be79c4ab271bd8f0616bc3495e90d582a6a003823bba1bed0ff2e8d6e1de-300x289.png 300w, https:\/\/www.radiopiu.net\/wordpress\/wp-content\/uploads\/2021\/11\/34a7be79c4ab271bd8f0616bc3495e90d582a6a003823bba1bed0ff2e8d6e1de.png 314w\" sizes=\"auto, (max-width: 180px) 100vw, 180px\" \/><\/a>VENEZIA<\/strong> Un lockdown per i non vaccinati limiterebbe la diffusione del Covid senza danneggiare eccessivamente l&#8217;economia. Ne \u00e8 convinto il presidente dell&#8217;Ordine dei medici di Venezia, Giovanni Leoni <em>&#8220;Noi adesso viviamo una fase di aumento del contagio, la si vede, i numeri sono crescenti&#8230; La pandemia torna a pesare sull&#8217;attivit\u00e0 ordinaria degli ospedali, che ha ancora milioni di prestazioni arretrate da recuperare&#8221;.<\/em> E in questo contesto,<em> &#8220;la stragrande maggioranza dei ricoverati sono I non vaccinati, i vaccinati che hanno bisogno dell&#8217;ospedale sono una quantit\u00e0 residuale&#8221;. Inoltre, &#8220;la diffusione avviene attraverso i no vax&#8221;.<\/em> Al punto in cui siamo, continua Leoni<em>, &#8220;sono convinto sia necessaria una stretta&#8221;<\/em>. Potrebbe essere l&#8217;obbligo vaccinale, almeno per alcune categorie; la concessione del green pass solo a fronte del vaccino e non pi\u00f9 con un semplice tampone; il lockdown per i soli non vaccinati. E quest&#8217;ultima <em>&#8220;\u00e8 la soluzione meno traumatica dal punto di vista politico, con una certa efficacia dal punto di vista sanitario&#8221;. Anche perch\u00e9 &#8220;sarebbe poi uno stimolo concreto ad aumentare il tasso di vaccinazione e ridurrebbe l&#8217;impatto a livello economico&#8221;. <\/em>Il presidente non vuole acuire scontri, ma pensa- che tutti gli Italiani che si sono vaccinati e rispettano le regole, che sono la maggioranza, abbiano diritto di vivere la loro vita. Il paradosso \u00e8 che per i non vaccinati si torna alle origini, a Vo&#8217; Euganeo, ai sistemi originari per limitare la pandemia, ideati &#8220;quando non ce n&#8217;erano altri. Al lockdown, insomma.<\/p>\n<p>&nbsp;<\/p>\n<p>&nbsp;<\/p>\n<hr \/>\n<p>&nbsp;<\/p>\n<blockquote>\n<h3>GIORNATA PREMATURI, UN CALDO ABBRACCIO AI NEONATI<\/h3>\n<\/blockquote>\n<p><strong>BELLUNO\u00a0<\/strong> Ieri era la giornata dei bambini nati prematuri: sono piccoli ma hanno una immensa voglia di vivere.\u00a0 In ulss Dolomiti, nel 2020, su un totale di 1364 nati, i neonati prematuri (nati prima della 37\u2019 settimana) sono stati 61 (4%, percentuale inferiore alla media nazionale) Nel 2021, fino al 31 ottobre, i nati in Ulss Dolomiti sono stati 1098 di cui 48 prematuri. In Ulss Dolomiti questi bambini vengono accolti da \u00e9quipe formate per essere pronte ad ogni evenienza, col supporto di moderne tecnologie e tanta umanit\u00e0. Durante il corso preparto i genitori vengono informati sull\u2019eventuale percorso del bambino prematuro in modo da renderli consapevoli e pronti ad affrontare questa esperienza. In occasione di questa giornata, l\u2019associazione Mani di Mamma ha donato alle unit\u00e0 operative di pediatria di Belluno e Feltre dei caldi e colorati corredini per i bimbi nati prematuri. Il corredino comprende una copertina, un berretto, delle babbucce e un pupazzetto. Sono capi realizzati dalle volontarie, esclusivamente in lana merinos e lavorati ai ferri, con la maestria tipica delle zone di montagna tramandata di madre in figlia. I corredini simboleggiano il calore dell\u2019intera comunit\u00e0 che accoglie e accompagna i piccoli fin dai primi giorni di vita e sono molto apprezzati dalle famiglie Un grazie di cuore da parte dell\u2019Ulss Dolomiti<\/p>\n\n\t\t\t<style type='text\/css'>\n\t\t\t\t#gallery-6 {\n\t\t\t\t\tmargin: auto;\n\t\t\t\t}\n\t\t\t\t#gallery-6 .gallery-item {\n\t\t\t\t\tfloat: left;\n\t\t\t\t\tmargin-top: 10px;\n\t\t\t\t\ttext-align: center;\n\t\t\t\t\twidth: 33%;\n\t\t\t\t}\n\t\t\t\t#gallery-6 img {\n\t\t\t\t\tborder: 2px solid #cfcfcf;\n\t\t\t\t}\n\t\t\t\t#gallery-6 .gallery-caption {\n\t\t\t\t\tmargin-left: 0;\n\t\t\t\t}\n\t\t\t\t\/* see gallery_shortcode() in wp-includes\/media.php *\/\n\t\t\t<\/style>\n\t\t<div id='gallery-6' class='dt-gallery-container gallery galleryid-243297 gallery-columns-3 gallery-size-thumbnail'><dl class='gallery-item'>\n\t\t\t\t<dt class='gallery-icon landscape'>\n\t\t\t\t\t<a class=\"rollover rollover-zoom dt-pswp-item\" title=\"WhatsApp Image 2021-11-17 at 09.25.55\" data-dt-img-description=\"\" data-large_image_width=\"1024\" data-large_image_height=\"731\"href='https:\/\/www.radiopiu.net\/wordpress\/wp-content\/uploads\/2021\/11\/WhatsApp-Image-2021-11-17-at-09.25.55.jpeg'><img loading=\"lazy\" decoding=\"async\" width=\"150\" height=\"150\" src=\"https:\/\/www.radiopiu.net\/wordpress\/wp-content\/uploads\/2021\/11\/WhatsApp-Image-2021-11-17-at-09.25.55-150x150.jpeg\" class=\"attachment-thumbnail size-thumbnail\" alt=\"\" \/><\/a>\n\t\t\t\t<\/dt><\/dl><dl class='gallery-item'>\n\t\t\t\t<dt class='gallery-icon portrait'>\n\t\t\t\t\t<a class=\"rollover rollover-zoom dt-pswp-item\" title=\"O\" data-dt-img-description=\"\" data-large_image_width=\"900\" data-large_image_height=\"1600\"href='https:\/\/www.radiopiu.net\/wordpress\/wp-content\/uploads\/2021\/11\/O.jpg'><img loading=\"lazy\" decoding=\"async\" width=\"150\" height=\"150\" src=\"https:\/\/www.radiopiu.net\/wordpress\/wp-content\/uploads\/2021\/11\/O-150x150.jpg\" class=\"attachment-thumbnail size-thumbnail\" alt=\"\" \/><\/a>\n\t\t\t\t<\/dt><\/dl><dl class='gallery-item'>\n\t\t\t\t<dt class='gallery-icon portrait'>\n\t\t\t\t\t<a class=\"rollover rollover-zoom dt-pswp-item\" title=\"P\" data-dt-img-description=\"\" data-large_image_width=\"900\" data-large_image_height=\"1600\"href='https:\/\/www.radiopiu.net\/wordpress\/wp-content\/uploads\/2021\/11\/P.jpg'><img loading=\"lazy\" decoding=\"async\" width=\"150\" height=\"150\" src=\"https:\/\/www.radiopiu.net\/wordpress\/wp-content\/uploads\/2021\/11\/P-150x150.jpg\" class=\"attachment-thumbnail size-thumbnail\" alt=\"\" \/><\/a>\n\t\t\t\t<\/dt><\/dl><br style=\"clear: both\" \/><dl class='gallery-item'>\n\t\t\t\t<dt class='gallery-icon landscape'>\n\t\t\t\t\t<a class=\"rollover rollover-zoom dt-pswp-item\" title=\"PP\" data-dt-img-description=\"\" data-large_image_width=\"1600\" data-large_image_height=\"900\"href='https:\/\/www.radiopiu.net\/wordpress\/wp-content\/uploads\/2021\/11\/PP.jpg'><img loading=\"lazy\" decoding=\"async\" width=\"150\" height=\"150\" src=\"https:\/\/www.radiopiu.net\/wordpress\/wp-content\/uploads\/2021\/11\/PP-150x150.jpg\" class=\"attachment-thumbnail size-thumbnail\" alt=\"\" \/><\/a>\n\t\t\t\t<\/dt><\/dl><dl class='gallery-item'>\n\t\t\t\t<dt class='gallery-icon landscape'>\n\t\t\t\t\t<a class=\"rollover rollover-zoom dt-pswp-item\" title=\"P\u00e8ROVA\" data-dt-img-description=\"\" data-large_image_width=\"1511\" data-large_image_height=\"1108\"href='https:\/\/www.radiopiu.net\/wordpress\/wp-content\/uploads\/2021\/11\/PeROVA.jpg'><img loading=\"lazy\" decoding=\"async\" width=\"150\" height=\"150\" src=\"https:\/\/www.radiopiu.net\/wordpress\/wp-content\/uploads\/2021\/11\/PeROVA-150x150.jpg\" class=\"attachment-thumbnail size-thumbnail\" alt=\"\" \/><\/a>\n\t\t\t\t<\/dt><\/dl><dl class='gallery-item'>\n\t\t\t\t<dt class='gallery-icon portrait'>\n\t\t\t\t\t<a class=\"rollover rollover-zoom dt-pswp-item\" title=\"PROVA\" data-dt-img-description=\"\" data-large_image_width=\"900\" data-large_image_height=\"1600\"href='https:\/\/www.radiopiu.net\/wordpress\/wp-content\/uploads\/2021\/11\/PROVA.jpg'><img loading=\"lazy\" decoding=\"async\" width=\"150\" height=\"150\" src=\"https:\/\/www.radiopiu.net\/wordpress\/wp-content\/uploads\/2021\/11\/PROVA-150x150.jpg\" class=\"attachment-thumbnail size-thumbnail\" alt=\"\" \/><\/a>\n\t\t\t\t<\/dt><\/dl><br style=\"clear: both\" \/>\n\t\t\t<\/div>\n\n<p>&nbsp;<\/p>\n<p>&nbsp;<\/p>\n<hr \/>\n<p>&nbsp;<\/p>\n<blockquote>\n<h3>PREVENIRE \u00c8 PI\u00d9 FACILE CHE DIRE OTORINOLARINGOIATRA. OPEN DAY IL 23 NOVEMBRE<\/h3>\n<\/blockquote>\n<p><strong>BELLUNO <\/strong>Marted\u00ec 23 novembre 2021 si terr\u00e0 la prima Giornata Nazionale di Prevenzione dei Tumori promossa dalla Societ\u00e0 Italiana di Otorinolaringoiatria e Chirurgia Cervico Facciale, dedicata quest\u2019anno ai tumori del collo. Lo scopo della giornata \u00e8 educare e sensibilizzare sulla \u00a0prevenzione e alla consapevolezza dei sintomi legati ai tumori del collo, promuovendo un tempestivo ricorso al medico per una diagnosi precoce Le unit\u00e0 operative di Otorinolaringoiatria dell\u2019Ulss Dolomiti hanno aderito all\u2019iniziativa e aprono le porte ai cittadini, proponendo controlli gratuiti. Open day ORL Belluno\u00a0 Sede ambulatori dalle 9.00 alle 12.00, Open day ORL Feltre Sede ambulatori (3\u00b0 piano pad. Guarnieri) dalle 9.00 alle 12.00<\/p>\n<p>&nbsp;<\/p>\n<p>&nbsp;<\/p>\n<hr \/>\n<p>&nbsp;<\/p>\n<blockquote>\n<h3>CAMBIO MEDICO A BELLUNO, LIMANA, PONTE NELLE ALPI E SOVERZENE<\/h3>\n<\/blockquote>\n<p><strong>BELLUNO <\/strong>Il 30 novembre 2021, la dr.ssa Alessandra Rota cesser\u00e0 l\u2019attivit\u00e0 di medico di assistenza primaria nell\u2019ambito territoriale dei Comuni di Belluno, Limana, Ponte nelle Alpi e Soverzene. Gli assistiti della dottoressa Rota, circa 300, dovranno effettuare la scelta di uno tra i medici di assistenza primaria con disponibilit\u00e0 di posti dell\u2019ambito territoriale di residenza, potendo cos\u00ec continuare a fruire dell\u2019assistenza medico generica in forma diretta e gratuita a carico del Servizio Sanitario Nazionale. Rimangono a disposizione per informazioni gli uffici Anagrafe Sanitaria di Belluno al numero 0437 516757 dal luned\u00ec al venerd\u00ec dalle 10.00 alle 12.00.<\/p>\n<p>&nbsp;<\/p>\n<p>&nbsp;<\/p>\n<hr \/>\n<p>&nbsp;<\/p>\n<blockquote>\n<h3>1921-2021 CENTENARIO TRASLAZIONE MILITE IGNOTO<\/h3>\n<\/blockquote>\n<p><strong><a href=\"https:\/\/www.radiopiu.net\/wordpress\/1921-2021-centenario-traslazione-milite-ignoto\/561854ec-f4b3-4ae4-b4ed-e714bbe50d7e\/\" rel=\"attachment wp-att-243483\"><img loading=\"lazy\" decoding=\"async\" class=\" wp-image-243483 alignleft\" src=\"https:\/\/www.radiopiu.net\/wordpress\/wp-content\/uploads\/2021\/11\/561854ec-f4b3-4ae4-b4ed-e714bbe50d7e-e1637164955730-300x169.jpg\" alt=\"\" width=\"247\" height=\"139\" srcset=\"https:\/\/www.radiopiu.net\/wordpress\/wp-content\/uploads\/2021\/11\/561854ec-f4b3-4ae4-b4ed-e714bbe50d7e-e1637164955730-300x169.jpg 300w, https:\/\/www.radiopiu.net\/wordpress\/wp-content\/uploads\/2021\/11\/561854ec-f4b3-4ae4-b4ed-e714bbe50d7e-e1637164955730-1024x576.jpg 1024w, https:\/\/www.radiopiu.net\/wordpress\/wp-content\/uploads\/2021\/11\/561854ec-f4b3-4ae4-b4ed-e714bbe50d7e-e1637164955730-768x432.jpg 768w, https:\/\/www.radiopiu.net\/wordpress\/wp-content\/uploads\/2021\/11\/561854ec-f4b3-4ae4-b4ed-e714bbe50d7e-e1637164955730-1536x864.jpg 1536w, https:\/\/www.radiopiu.net\/wordpress\/wp-content\/uploads\/2021\/11\/561854ec-f4b3-4ae4-b4ed-e714bbe50d7e-e1637164955730.jpg 1920w\" sizes=\"auto, (max-width: 247px) 100vw, 247px\" \/><\/a>CORTINA<\/strong> Domenica a Cortina si terr\u00e0 il Raduno Provinciale dei Bersaglieri a ricordo della settima salma esumata nel cimitero di Monte Crepa in localit\u00e0 Belvedere. A coronamento della staffetta Cremisi Della Pace. Il programma, alle 9 a Pocol scoprimento della targa e deposizione delle corona al Sacrario; alle 10 in piazza Angelo Dibona schieramento, onori ai gonfaloni e alzabandiera; 10.30 Onori ai Caduti presso il Monumento; 11.10 la messa al Santuario Madonna della Difesa e sfilata per le vie cittadine con la corsa dei Bersaglieri. Partecipa la Fanfara <a href=\"https:\/\/www.radiopiu.net\/wordpress\/1921-2021-centenario-traslazione-milite-ignoto\/48c504f0-d0dc-4307-8cc3-8f432195d33c\/\" rel=\"attachment wp-att-243484\"><img loading=\"lazy\" decoding=\"async\" class=\" wp-image-243484 alignright\" src=\"https:\/\/www.radiopiu.net\/wordpress\/wp-content\/uploads\/2021\/11\/48c504f0-d0dc-4307-8cc3-8f432195d33c-e1637164986672-300x169.jpg\" alt=\"\" width=\"222\" height=\"125\" srcset=\"https:\/\/www.radiopiu.net\/wordpress\/wp-content\/uploads\/2021\/11\/48c504f0-d0dc-4307-8cc3-8f432195d33c-e1637164986672-300x169.jpg 300w, https:\/\/www.radiopiu.net\/wordpress\/wp-content\/uploads\/2021\/11\/48c504f0-d0dc-4307-8cc3-8f432195d33c-e1637164986672-1024x576.jpg 1024w, https:\/\/www.radiopiu.net\/wordpress\/wp-content\/uploads\/2021\/11\/48c504f0-d0dc-4307-8cc3-8f432195d33c-e1637164986672-768x432.jpg 768w, https:\/\/www.radiopiu.net\/wordpress\/wp-content\/uploads\/2021\/11\/48c504f0-d0dc-4307-8cc3-8f432195d33c-e1637164986672-1536x864.jpg 1536w, https:\/\/www.radiopiu.net\/wordpress\/wp-content\/uploads\/2021\/11\/48c504f0-d0dc-4307-8cc3-8f432195d33c-e1637164986672.jpg 1920w\" sizes=\"auto, (max-width: 222px) 100vw, 222px\" \/><\/a>Bersaglieri in congedo di Belluno e Ponte nelle Alpi.<\/p>\n<blockquote><p><em>Il piccolo cimitero di guerra, detto &#8220;Aquile delle Tofane&#8221; dove il 18 ottobre del 1921 fu disseppellita la settima salma del Milite Ignoto, era sistemata sul Monte Crepa adiacente alla strada Cortina-Passo Falzarego. L&#8217;area cimiteriale era stata allestita dagli Alpini del V Gruppo e dai Sardi del 1\/46\u00b0 e 3\/45\u00b0 della Brigata Reggio, schieratasi sulla linea Piccolo Lagazuoi-Cima Falzarego-Col dei Bois. All&#8217;interno dell&#8217;area cimiteriale nel 1916 fu costruita la cappella dal V\u00b0 Gruppo Alpini, del vecchio cimitero rimangono solo alcuni ceppi funerari.<\/em><\/p><\/blockquote>\n<p>&nbsp;<\/p>\n<p>&nbsp;<\/p>\n<hr \/>\n<p>&nbsp;<\/p>\n<blockquote>\n<h3>CAMBIANO GLI ORARI DELLA CORSA PER IL PRIMIERO DA LA LUXOTTICA DI AGORDO<\/h3>\n<\/blockquote>\n<p><strong>AGORDO<\/strong> Se ne era parlato pochi giorni fa e la variazione dell&#8217;orario da parte di trentino Trasporti \u00e8 arrivata. Nella corsa di ritorno dallo stabilimento Luxottica a Fiera Di Primiero si evidenziava che al momento del cambio dalla corsa gestita da Dolomitibus a Trentino Trasporti gli utenti dovevano attendere l&#8217;arrivo del mezzo per quasi 10 minuti. L&#8217;azienda di trasporto trentina ha cambiato l&#8217;orario riducendo a pochi minuti l&#8217;attesa per il cambio che avviene a Mis di Sagron<\/p>\n\n\t\t\t<style type='text\/css'>\n\t\t\t\t#gallery-7 {\n\t\t\t\t\tmargin: auto;\n\t\t\t\t}\n\t\t\t\t#gallery-7 .gallery-item {\n\t\t\t\t\tfloat: left;\n\t\t\t\t\tmargin-top: 10px;\n\t\t\t\t\ttext-align: center;\n\t\t\t\t\twidth: 100%;\n\t\t\t\t}\n\t\t\t\t#gallery-7 img {\n\t\t\t\t\tborder: 2px solid #cfcfcf;\n\t\t\t\t}\n\t\t\t\t#gallery-7 .gallery-caption {\n\t\t\t\t\tmargin-left: 0;\n\t\t\t\t}\n\t\t\t\t\/* see gallery_shortcode() in wp-includes\/media.php *\/\n\t\t\t<\/style>\n\t\t<div id='gallery-7' class='dt-gallery-container gallery galleryid-243297 gallery-columns-1 gallery-size-large'><dl class='gallery-item'>\n\t\t\t\t<dt class='gallery-icon landscape'>\n\t\t\t\t\t<a class=\"rollover rollover-zoom dt-pswp-item\" title=\"30eeb3f5-3f28-48a7-8419-966603c39001\" data-dt-img-description=\"\" data-large_image_width=\"1121\" data-large_image_height=\"720\"href='https:\/\/www.radiopiu.net\/wordpress\/wp-content\/uploads\/2021\/11\/30eeb3f5-3f28-48a7-8419-966603c39001-rotated.jpg'><img loading=\"lazy\" decoding=\"async\" width=\"1024\" height=\"658\" src=\"https:\/\/www.radiopiu.net\/wordpress\/wp-content\/uploads\/2021\/11\/30eeb3f5-3f28-48a7-8419-966603c39001-1024x658.jpg\" class=\"attachment-large size-large\" alt=\"\" srcset=\"https:\/\/www.radiopiu.net\/wordpress\/wp-content\/uploads\/2021\/11\/30eeb3f5-3f28-48a7-8419-966603c39001-1024x658.jpg 1024w, https:\/\/www.radiopiu.net\/wordpress\/wp-content\/uploads\/2021\/11\/30eeb3f5-3f28-48a7-8419-966603c39001-300x193.jpg 300w, https:\/\/www.radiopiu.net\/wordpress\/wp-content\/uploads\/2021\/11\/30eeb3f5-3f28-48a7-8419-966603c39001-768x493.jpg 768w, https:\/\/www.radiopiu.net\/wordpress\/wp-content\/uploads\/2021\/11\/30eeb3f5-3f28-48a7-8419-966603c39001-rotated.jpg 1121w\" sizes=\"auto, (max-width: 1024px) 100vw, 1024px\" \/><\/a>\n\t\t\t\t<\/dt><\/dl><br style=\"clear: both\" \/>\n\t\t\t<\/div>\n\n<p>&nbsp;<\/p>\n<h2>DAL GIORNALE RADIO PIU&#8217; DEL 15 NOVEMBRE 2021<\/h2>\n<p><strong><a href=\"https:\/\/www.radiopiu.net\/wordpress\/cade-con-la-mountain-bike-e-si-ferisce-al-collo\/80c303ed-9a2e-49f0-8b20-3dd5e061bbf3\/\" rel=\"attachment wp-att-145520\"><img loading=\"lazy\" decoding=\"async\" class=\"size-medium wp-image-145520 alignleft\" src=\"https:\/\/www.radiopiu.net\/wordpress\/wp-content\/uploads\/2020\/06\/80c303ed-9a2e-49f0-8b20-3dd5e061bbf3-300x225.jpg\" sizes=\"auto, (max-width: 300px) 100vw, 300px\" srcset=\"https:\/\/www.radiopiu.net\/wordpress\/wp-content\/uploads\/2020\/06\/80c303ed-9a2e-49f0-8b20-3dd5e061bbf3-300x225.jpg 300w, https:\/\/www.radiopiu.net\/wordpress\/wp-content\/uploads\/2020\/06\/80c303ed-9a2e-49f0-8b20-3dd5e061bbf3-1024x768.jpg 1024w, https:\/\/www.radiopiu.net\/wordpress\/wp-content\/uploads\/2020\/06\/80c303ed-9a2e-49f0-8b20-3dd5e061bbf3-768x576.jpg 768w, https:\/\/www.radiopiu.net\/wordpress\/wp-content\/uploads\/2020\/06\/80c303ed-9a2e-49f0-8b20-3dd5e061bbf3.jpg 1280w\" alt=\"\" width=\"300\" height=\"225\" \/><\/a>REDAZIONE<\/strong>\u00a0Riceviamo e volentieri pubblichiamo una lettera di un gruppo di lavoratori e studenti dal Primiero che lamentano la copertura del servizio di trasporto pubblico.<\/p>\n<blockquote><p><em>Siamo un gruppo di persone, operai e studenti che va ogni giorno ad Agordo. Da alcuni anni la societ\u00e0 che ci fornisce questo servizio \u00e8 DolomitiBus (in seguito a un accordo con Trentino trasporti). Noi paghiamo l\u2019abbonamento a Trentino trasporti. Da domani verr\u00e0 ripristinata la corsa giornaliera da e per il Primiero ma le corse non coprono tutti i paesi. Alcune persone sono ancora costrette a chiedere dei passaggi per recarsi al lavoro o a scuola. Dolomiti bus arriva a Mis, corsa per gli studenti dove tutti stipati e senza nessun di stanziamento bont\u00e0 loro possiamo salire. I disagi e i problemi sono come arrivare a Mis? Non tutti hanno la macchina o la patente, e stiamo andando verso la brutta stagione. Dopo varie richieste ed email (documentate) alla Trentino Trasporti ci hanno detto di rivolgerci alla Dolomiti Bus, che non rispondendo all\u2019email, ma alle telefonate ci ha detto che fino a fine emergenza 31\/12\/2021 la corsa \u00e8 sospesa per mancanza di autisti. Noi tutti ci chiediamo se questo \u00e8 possibile, non abbiamo ferie o permessi per tutto questo tempo, almeno proponeteci una soluzione.\u00a0<\/em><\/p><\/blockquote>\n<p>&nbsp;<\/p>\n<p>&nbsp;<\/p>\n<hr \/>\n<p>&nbsp;<\/p>\n<blockquote>\n<h3>OGGI\u00a0 A PEDAVENA IL CONGRESSO CISL SCUOLA<\/h3>\n<\/blockquote>\n<p style=\"text-align: left;\"><strong><a href=\"https:\/\/www.radiopiu.net\/wordpress\/domani-a-pedavena-il-congresso-cisl-scuola\/436369a6-1bfe-49a4-bd77-48251c699627\/\" rel=\"attachment wp-att-243420\"><img loading=\"lazy\" decoding=\"async\" class=\" wp-image-243420 alignleft\" src=\"https:\/\/www.radiopiu.net\/wordpress\/wp-content\/uploads\/2021\/11\/436369a6-1bfe-49a4-bd77-48251c699627-300x225.jpg\" alt=\"\" width=\"243\" height=\"182\" srcset=\"https:\/\/www.radiopiu.net\/wordpress\/wp-content\/uploads\/2021\/11\/436369a6-1bfe-49a4-bd77-48251c699627-300x225.jpg 300w, https:\/\/www.radiopiu.net\/wordpress\/wp-content\/uploads\/2021\/11\/436369a6-1bfe-49a4-bd77-48251c699627-1024x768.jpg 1024w, https:\/\/www.radiopiu.net\/wordpress\/wp-content\/uploads\/2021\/11\/436369a6-1bfe-49a4-bd77-48251c699627-768x576.jpg 768w, https:\/\/www.radiopiu.net\/wordpress\/wp-content\/uploads\/2021\/11\/436369a6-1bfe-49a4-bd77-48251c699627-1536x1152.jpg 1536w, https:\/\/www.radiopiu.net\/wordpress\/wp-content\/uploads\/2021\/11\/436369a6-1bfe-49a4-bd77-48251c699627.jpg 1600w\" sizes=\"auto, (max-width: 243px) 100vw, 243px\" \/><\/a>PEDAVENA<\/strong> Alle 9.30 congresso della Cisl Scuola Belluno Treviso. Il titolo: &#8220;Disegnare oggi la scuola di domani. Esserci, fare, cambiare\u201d. Con l&#8217;occasione sar\u00e0 presentato il nuovo sito web dell&#8217;organizzazione, portale di informazioni e strumenti per gli iscritti. La Federazione di categoria, guidata dal dicembre 2020 da Lorella Benvegn\u00f9, conta 4.600 iscritti nelle province di Treviso e Belluno, in rappresentanza di 12.700 lavoratori, 3.300 in provincia di Belluno.<\/p>\n<p><strong>La segretaria generale Lorella Benvegn\u00f9<\/strong><\/p>\n<audio class=\"wp-audio-shortcode\" id=\"audio-243297-7\" preload=\"none\" style=\"width: 100%;\" controls=\"controls\"><source type=\"audio\/mpeg\" src=\"https:\/\/www.radiopiu.net\/wordpress\/wp-content\/uploads\/2021\/11\/cisl-congresso.mp3?_=7\" \/><a href=\"https:\/\/www.radiopiu.net\/wordpress\/wp-content\/uploads\/2021\/11\/cisl-congresso.mp3\">https:\/\/www.radiopiu.net\/wordpress\/wp-content\/uploads\/2021\/11\/cisl-congresso.mp3<\/a><\/audio>\n<blockquote><p><em>La Cisl Scuola di Belluno Treviso opera sul territorio pi\u00f9 esteso del Veneto, con il maggior numero di istituzioni scolastiche da seguire, ben 139; \u00e8 il terzo territorio in Veneto per numero di iscritti e negli anni ha mantenuto e incrementato la base associativa. \u00c8 presente in 10 sedi dislocate fra Treviso e Belluno con una squadra di 15 persone fra consulenti e operatori, che si aggiungono agli attuali 5 esonerati in servizio sindacale. Ogni anno gestisce mediamente 12.000 accessi\/pratiche, circa 300 incontri di contrattazione nelle scuole del territorio e 180 assemblee.<\/em><\/p><\/blockquote>\n<p>&nbsp;<\/p>\n<p>&nbsp;<\/p>\n<hr \/>\n<p>&nbsp;<\/p>\n<blockquote>\n<h3>YOGA IN VIDEOCONFERENZA A CASA KOLBE DI PEDAVENA<\/h3>\n<\/blockquote>\n<p><strong><a href=\"https:\/\/www.radiopiu.net\/wordpress\/giornale-radiopiu-18-novembre-2021-direttore-mirko-mezzacasa\/yoga-pedavena1\/\" rel=\"attachment wp-att-243465\"><img loading=\"lazy\" decoding=\"async\" class=\"size-medium wp-image-243465 alignleft\" src=\"https:\/\/www.radiopiu.net\/wordpress\/wp-content\/uploads\/2021\/11\/YOGA-PEDAVENA1-225x300.jpg\" alt=\"\" width=\"225\" height=\"300\" srcset=\"https:\/\/www.radiopiu.net\/wordpress\/wp-content\/uploads\/2021\/11\/YOGA-PEDAVENA1-225x300.jpg 225w, https:\/\/www.radiopiu.net\/wordpress\/wp-content\/uploads\/2021\/11\/YOGA-PEDAVENA1-768x1024.jpg 768w, https:\/\/www.radiopiu.net\/wordpress\/wp-content\/uploads\/2021\/11\/YOGA-PEDAVENA1-1152x1536.jpg 1152w, https:\/\/www.radiopiu.net\/wordpress\/wp-content\/uploads\/2021\/11\/YOGA-PEDAVENA1.jpg 1200w\" sizes=\"auto, (max-width: 225px) 100vw, 225px\" \/><\/a> <\/strong><\/p>\n<p><strong>\u00a0<\/strong><\/p>\n<p><strong>\u00a0<\/strong><\/p>\n<p><strong>PEDAVENA <\/strong>Yoga su misura degli anziani \u00e8 la nuova offerta di Casa Padre Kolbe per i suoi anziani. Si fa yoga in videoconferenza, grazie allo schermo gigante e al sistema di videoconferenza, in comodato gratuito grazie al progetto &#8220;Ciao! di Fondazione Amplifon&#8221;. Dall&#8217;altro lato dello schermo gigante, le insegnanti di yoga di Mondo Yoga Milano con gli esercizi e le posizioni yoga proposti pi\u00f9 adatti per gli anziani: anche chi utilizza la sedia a rotelle per spostarsi o fatica a fare molti movimenti ha potuto partecipare con gusto. A praticare yoga anche gli anziani degli altri centri ti servizio per anziani in tutta Italia che hanno aderito al programma.<\/p>\n<p>&nbsp;<\/p>\n<p>&nbsp;<\/p>\n<p>&nbsp;<\/p>\n<hr \/>\n<p>&nbsp;<\/p>\n<p>&nbsp;<\/p>\n<p>&nbsp;<\/p>\n<h1><span style=\"color: #ff0000;\">IERI ALLA RADIO&#8230;<\/span><\/h1>\n<h2><strong><a class=\"dt-pswp-item\" href=\"https:\/\/www.radiopiu.net\/wordpress\/wp-content\/uploads\/2021\/11\/foto-lago-scaled.jpg\" data-dt-img-description=\"\" data-large_image_width=\"2560\" data-large_image_height=\"1727\"><img loading=\"lazy\" decoding=\"async\" class=\"alignleft wp-image-243336 size-medium\" src=\"https:\/\/www.radiopiu.net\/wordpress\/wp-content\/uploads\/2021\/11\/foto-lago-300x202.jpg\" alt=\"\" width=\"300\" height=\"202\" srcset=\"https:\/\/www.radiopiu.net\/wordpress\/wp-content\/uploads\/2021\/11\/foto-lago-300x202.jpg 300w, https:\/\/www.radiopiu.net\/wordpress\/wp-content\/uploads\/2021\/11\/foto-lago-1024x691.jpg 1024w, https:\/\/www.radiopiu.net\/wordpress\/wp-content\/uploads\/2021\/11\/foto-lago-768x518.jpg 768w, https:\/\/www.radiopiu.net\/wordpress\/wp-content\/uploads\/2021\/11\/foto-lago-1536x1036.jpg 1536w, https:\/\/www.radiopiu.net\/wordpress\/wp-content\/uploads\/2021\/11\/foto-lago-2048x1382.jpg 2048w\" sizes=\"auto, (max-width: 300px) 100vw, 300px\" \/><\/a><span style=\"color: #008000;\">AMBIENTE E TERRITORIO, NE PARLIAMO CON IL COMANDANTE CORBINI<\/span><br \/>\n<\/strong><\/h2>\n<p><strong>OSPITE\u00a0 Tenente Colonello Riccardo Corbini, Comandante del Gruppo Carabinieri Forestale Belluno.\u00a0<\/strong><\/p>\n<p>di Mirko Mezzacasa<\/p>\n<audio class=\"wp-audio-shortcode\" id=\"audio-243297-8\" preload=\"none\" style=\"width: 100%;\" controls=\"controls\"><source type=\"audio\/mpeg\" src=\"https:\/\/www.radiopiu.net\/wordpress\/wp-content\/uploads\/2021\/11\/RICCARDO-CORBINI.mp3?_=8\" \/><a href=\"https:\/\/www.radiopiu.net\/wordpress\/wp-content\/uploads\/2021\/11\/RICCARDO-CORBINI.mp3\">https:\/\/www.radiopiu.net\/wordpress\/wp-content\/uploads\/2021\/11\/RICCARDO-CORBINI.mp3<\/a><\/audio>\n<p>&nbsp;<\/p>\n<p>&nbsp;<\/p>\n<hr \/>\n<p>&nbsp;<\/p>\n<blockquote>\n<h3>GRUPPO DE PRA, WELFARE: ASSICURAZIONE SANITARIA PER I DIPENDENTI<\/h3>\n<\/blockquote>\n<p>&nbsp;<\/p>\n<p><strong><a href=\"https:\/\/www.radiopiu.net\/wordpress\/gruppo-de-pra-welafare-assicurazione-sanitaria-per-i-dipendenti\/gruppo-8\/\" rel=\"attachment wp-att-243390\"><img loading=\"lazy\" decoding=\"async\" class=\" wp-image-243390 alignleft\" src=\"https:\/\/www.radiopiu.net\/wordpress\/wp-content\/uploads\/2021\/11\/Gruppo-300x109.webp\" alt=\"\" width=\"248\" height=\"90\" srcset=\"https:\/\/www.radiopiu.net\/wordpress\/wp-content\/uploads\/2021\/11\/Gruppo-300x109.webp 300w, https:\/\/www.radiopiu.net\/wordpress\/wp-content\/uploads\/2021\/11\/Gruppo.webp 311w\" sizes=\"auto, (max-width: 248px) 100vw, 248px\" \/><\/a>PONTE NELLE ALPI\u00a0<\/strong> Il Gruppo F.lli De Pra ha stipulato con un Istituto di Credito un\u2019assicurazione sanitaria per tutelare i suoi dipendenti in caso di malattie gravi. L\u2019assicurazione riconosce a ciascun dipendente una copertura significativa, che comprende anche un secondo parere medico relativo alla malattia diagnosticata e una visita annuale in qualsiasi specializzazione medica. <em>\u201cLa salute dei nostri dipendenti, che rappresentano il vero motore del nostro Gruppo, \u00e8 fondamentale per noi&#8221;<\/em>\u00a0 Lo riferisce l&#8217;amministratore delegato Ezio De Pra<\/p>\n<hr \/>\n<p>&nbsp;<\/p>\n<p>&nbsp;<\/p>\n<blockquote>\n<h3>GIOCO D&#8217;AZZARDO: OPEN DAY NEI SERD DELL&#8217;ULSS DOLOMITI<\/h3>\n<\/blockquote>\n<p><strong><a href=\"https:\/\/www.radiopiu.net\/wordpress\/?attachment_id=243378\" rel=\"attachment wp-att-243378\"><img loading=\"lazy\" decoding=\"async\" class=\"wp-image-243378 alignleft\" src=\"https:\/\/www.radiopiu.net\/wordpress\/wp-content\/uploads\/2021\/11\/WhatsApp-Image-2021-11-03-at-12.21.57-1-300x300.jpeg\" alt=\"\" width=\"176\" height=\"176\" srcset=\"https:\/\/www.radiopiu.net\/wordpress\/wp-content\/uploads\/2021\/11\/WhatsApp-Image-2021-11-03-at-12.21.57-1-300x300.jpeg 300w, https:\/\/www.radiopiu.net\/wordpress\/wp-content\/uploads\/2021\/11\/WhatsApp-Image-2021-11-03-at-12.21.57-1-1024x1024.jpeg 1024w, https:\/\/www.radiopiu.net\/wordpress\/wp-content\/uploads\/2021\/11\/WhatsApp-Image-2021-11-03-at-12.21.57-1-150x150.jpeg 150w, https:\/\/www.radiopiu.net\/wordpress\/wp-content\/uploads\/2021\/11\/WhatsApp-Image-2021-11-03-at-12.21.57-1-768x768.jpeg 768w, https:\/\/www.radiopiu.net\/wordpress\/wp-content\/uploads\/2021\/11\/WhatsApp-Image-2021-11-03-at-12.21.57-1-1536x1536.jpeg 1536w, https:\/\/www.radiopiu.net\/wordpress\/wp-content\/uploads\/2021\/11\/WhatsApp-Image-2021-11-03-at-12.21.57-1.jpeg 2048w\" sizes=\"auto, (max-width: 176px) 100vw, 176px\" \/><\/a>BELLUNO<\/strong> Per favorire la sensibilizzazione sul tema del gioco d\u2019azzardo e le tematiche correlate, il Dipartimento per le dipendenze ha organizzato degli open day nelle varie sedi in cui i professionisti saranno a disposizione. <em>\u201cL\u2019idea di vincere denaro pu\u00f2 attirare molto ma alcuni possono sviluppare dipendenza. Se pensi che un familiare possa essere a rischio cogli l\u2019occasione e contatta i nostri servizi per informazioni e consulenze\u201d<\/em> spiegano dal Dipartimento. In ottemperanza alle norme Covid, \u00e8 necessaria la prenotazione. Ecco le date e i contatti a cui far riferimento:<br \/>\nBelluno venerd\u00ec 19 novembre 2021 dalle 15 alle 19 (tel. 0437514971 serd.bl@aulss1.veneto.it)<br \/>\nFeltre luned\u00ec 22 novembre 2021 dalle 15 alle 19 (tel 0439883488 serd.fe@aulss1.veneto.it)<br \/>\nAgordo mercoled\u00ec 24 novembre 2021 dalle 15 alle 19 (0437645388 serd.ag@aulss1.veneto.it)<br \/>\nAuronzo venerd\u00ec 26 novembre 2021 dalle 15 alle 19 (0435402681 alcologia.au@aulss1.veneto.it)<\/p>\n<p>&nbsp;<\/p>\n<hr \/>\n<p>&nbsp;<\/p>\n<blockquote>\n<h3>\u00a0RINNOVATA LA CONVENZIONE PER L&#8217;ASSISTENZA AI RESIDENTI DI FASTRO E PRIMOLANO<\/h3>\n<\/blockquote>\n<p><strong>BELLUNO<\/strong> Rinnovata per tre anni la convenzione con l\u2019Ulss Pedemontana per l\u2019assistenza ai residenti nelle frazioni di Fastro Bassanese e di Primolano del Comune di Valbrenta (VI), confinanti con il Comune di Arsi\u00e8 (BL). I cittadini residenti possono iscriversi nell\u2019anagrafe sanitaria dell\u2019ULSS 1 Dolomiti e sono assimilati ai residenti nel Comune di Arsi\u00e8 per assistenza sanitaria di base; assistenza specialistica ambulatoriale e assistenza domiciliare.<\/p>\n<p>&nbsp;<\/p>\n<hr \/>\n<p>&nbsp;<\/p>\n<blockquote>\n<h3>SALA IBRIDA, PROSEGUONO I LAVORI<\/h3>\n<\/blockquote>\n<p><strong>BELLUNO <\/strong>Procede spedito l\u2019iter per la realizzazione della nuova sala ibrida e della nuova sala di emodinamica dell\u2019ospedale San Martino di Belluno: sono stati infatti aggiudicati i servizi tecnici di progettazione e direzione lavori. La procedura aperta \u00e8 stata aggiudicata allo Studio StrioloFochesato &amp; Partners di Padova, quale capogruppo dell\u2019RTP con Areatecnica s.r.l. di Mas di Sedico (BL), con Trentino Progetti s.r.l. di Trento e con Dott. Geologo Ennio Da Roit di Belluno, per l\u2019importo netto di contratto di 232.056 euro. La sala di emodinamica sar\u00e0 dedicata alle procedure di cardiologia interventistica mentre la sala ibrida sar\u00e0 destinata in particolare a procedure di chirurgia endovascolare. Le sale saranno ricavate ampliando l\u2019attuale gruppo operatorio del San Martino. Il finanziamento approvato in Crite \u00e8 di\u00a0\u20ac 2.518.560 per la realizzazione delle struttura in ampliamento dell\u2019attuale gruppo operatorio e comprensivo di impianti. Trova copertura con le risorse del Fondo per il finanziamento degli investimenti degli enti del sistema sanitario regionale. A questo si aggiungeranno le dotazioni tecnologiche.<\/p>\n<p>&nbsp;<\/p>\n<hr \/>\n<p>&nbsp;<\/p>\n<div dir=\"ltr\"><\/div>\n<div dir=\"ltr\">\n<blockquote>\n<h3>SABATO POMERIGGIO A CENCENIGHE LA PREMIAZIONE DEGLI ALUNNI DELLE SCUOLE<\/h3>\n<\/blockquote>\n<p>DI MATTEO MANFROI<\/p>\n<audio class=\"wp-audio-shortcode\" id=\"audio-243297-9\" preload=\"none\" style=\"width: 100%;\" controls=\"controls\"><source type=\"audio\/mpeg\" src=\"https:\/\/www.radiopiu.net\/wordpress\/wp-content\/uploads\/2021\/11\/matteo-1.mp3?_=9\" \/><a href=\"https:\/\/www.radiopiu.net\/wordpress\/wp-content\/uploads\/2021\/11\/matteo-1.mp3\">https:\/\/www.radiopiu.net\/wordpress\/wp-content\/uploads\/2021\/11\/matteo-1.mp3<\/a><\/audio>\n<blockquote><p>&nbsp;<\/p><\/blockquote>\n<blockquote class=\"wp-embedded-content\" data-secret=\"b19mpR2knQ\"><p><a href=\"https:\/\/www.radiopiu.net\/wordpress\/le-premiazioni-del-concorso-fotografico-i-colori-dellautunno\/\">LE PREMIAZIONI DEL CONCORSO FOTOGRAFICO &#8220;I COLORI DELL&#8217;AUTUNNO&#8221;<\/a><\/p><\/blockquote>\n<p><iframe loading=\"lazy\" class=\"wp-embedded-content\" sandbox=\"allow-scripts\" security=\"restricted\" style=\"position: absolute; clip: rect(1px, 1px, 1px, 1px);\" title=\"&#8220;LE PREMIAZIONI DEL CONCORSO FOTOGRAFICO &#8220;I COLORI DELL&#8217;AUTUNNO&#8221;&#8221; &#8212; Radio Pi\u00f9\" src=\"https:\/\/www.radiopiu.net\/wordpress\/le-premiazioni-del-concorso-fotografico-i-colori-dellautunno\/embed\/#?secret=b19mpR2knQ\" data-secret=\"b19mpR2knQ\" width=\"600\" height=\"338\" frameborder=\"0\" marginwidth=\"0\" marginheight=\"0\" scrolling=\"no\"><\/iframe><\/p>\n<p>&nbsp;<\/p>\n<\/div>\n<p>&nbsp;<\/p>\n<p>&nbsp;<\/p>\n<hr \/>\n<blockquote>\n<h3><\/h3>\n<h3>LARIN GROUP, TANTI PROGETTI IN UN UNICO PORTALE<\/h3>\n<\/blockquote>\n<p><strong>BELLUNO<\/strong> \u00a0La Fondazione Progetto Uomo di Don Gigetto De Bortoli composta da diverse realt\u00e0: il CEIS e le cooperative sociali INTEGRA e COSOMI \u00e8 ora riunita in un unico portale, mette in risalto le caratteristiche di ciascuna di esse, accomunate da un unico principio: liberare la persona da qualsiasi dipendenza, integrarla nella societ\u00e0 e aiutarla a trovare la sua libert\u00e0 e il suo benessere personale. Per maggiori informazioni www.larin.it<\/p>\n<p>&nbsp;<\/p>\n<p>&nbsp;<\/p>\n<p>&nbsp;<\/p>\n<hr \/>\n<p>&nbsp;<\/p>\n<blockquote>\n<h3>GRANDE GUERRA IN MARMOLADA, TRA I GRANDI TRE VALOROSI PROTAGONISTI<\/h3>\n<\/blockquote>\n<p><strong>di\u00a0 RENATO BONA<\/strong><\/p>\n<p>Ci piace tornare su \u201cLa citt\u00e0 di ghiaccio\u201d, guida agli itinerari e al Museo della guerra 1915-1918 in Marmolada, realizzata (quarta edizione nel dicembre 2000) con la trentina Casa Editrice Publilux, da Mario Bartoli, Mario Fornaro e Gianrodolfo Rotasso, per proporre a chi ci legge tre profili di personaggi che nei rispettivi ambiti e coi loro meriti impreziosiscono la pubblicazione. Sono: la guida alpina Fedele Bernard, il bersagliere Carlo Delcroix, medaglia d\u2019argento al valor militare, ed il tenente ing. Leo Handl. Che furono fra i protagonisti delle azioni che, fra l\u2019altro, portarono gli italiani alla conquista della \u201cquota 3153\u201d che era considerata dagli austriaci un obiettivo strategico di grande importanza dopo che nella seconda met\u00e0 del settembre 1917 gli italiani avevano occupato le postazioni in roccia nella spalla orientale della Forcella Vu, insediandosi nella Forcella stessa e respingendo gli austriaci sul lato nord della spalla. Incoraggiati dai successi di Caporetto, gli austriaci esponevano grandi cartelli che esaltavano la loro avanzata, sollecitando, di conseguenza, una decisa determinazione di rivalsa in un gruppo di Alpini, tutti agordini, appartenenti alla 206. compagnia del \u201cVal Cordevole\u201d. Questi coraggiosi, guidati dal sergente Giacomo Dell\u2019Osbel e dal caporale Pietro Dell\u2019Osbel, nonostante il reparto avesse gi\u00e0 ricevuto l\u2019ordine di prepararsi a ripiegare, dopo un\u2019audace ascensione sulla parete strapiombante per 800 metri sul Pian di Ombretta, conquistarono la agognata quota 3.153. FEDELE BERNARD: originario di Vigo di Fassa dove era nato nel 1896, ricordato come uomo alto, massiccio, con un largo simpatico sorriso, non parlava volentieri del periodo della Grande Guerra. Nel libro si legge che: \u201cPi\u00f9 volte decorato anche con medaglie d\u2019argento, nella zona del Contrin e della Marmolada divenne quello che Sepp Innerkofler, la celebre guida di Sesto, fu nell\u2019incomparabile regno delle Tre Cime di Lavaredo. Alla sua abilit\u00e0 ed esperienza era affidata la sorte delle truppe che fronteggiavano gli Alpini di Andreoletti. Si combatteva e si moriva lass\u00f9 &#8211; ebbe modo di raccontare &#8211; non con odio, ma con una profonda pena nel cuore. Da una parte c\u2019erano i valligiani di Fassa, dall\u2019altra i rudi uomini della montagna della valle del Cordevole, gente con cui, in tempo di pace, si era arrampicato insieme. CARLO DELCROIX, nato a Firenze il 22 agosto 1896, bersagliere medaglia d\u2019argento al valor militare\u201cfu ardente e convinto interventista. Nell\u2019ottobre 1915 frequent\u00f2 la scuola di Modena per allievi ufficiali e nel febbraio 1916 ne usc\u00ec aspirante ufficiale assegnato al 3. Reggimento Bersaglieri col quale partecip\u00f2 alle azioni sul Col di Lana e alla conquista del Sief. Comandante di un sezione mitragliatrici fu inviato a presidiare la quota 3.065 sulla Marmolada dove rimase per tre mesi in quel rigidissimo inverno del 1916-17, con enormi difficolt\u00e0 di rifornimento e senza possibilit\u00e0 di riscaldamento\u201d. Ancora dal libro di Bartoli-Fornaro-Rotasso: \u201c\u2026Dopo essere stato per qualche tempo al comando di una sezione pistole mitragliatrici sulle rocce nord della Mesola, il comando del Reggimento gli affid\u00f2 l\u2019istruzione per il lancio delle bombe a mano del reparto Arditi in localit\u00e0 Malga Ciapela, sede del comando stesso. Fu nell\u2019adempimento di questo incarico che Delcroix ebbe quel gravissimo incidente che lo mutil\u00f2 della vista e di ambo le mani\u2026 Dopo una lunga permanenza in luoghi di cura il Delcroix, pi\u00f9 convinto di prima della giustizia della causa italiana, si diede alla propaganda ed a tale opera dedic\u00f2 interamente il suo ingegno e la sua fede. Il 25 ottobre 1977 cessava di vivere\u201d. LEO HANDL, tenente, ingegnere e comandante della Compagnia Guide alpine dell\u2019esercito austro-ungarico, fra i protagonisti della guerra sul ghiacciaio della Marmolada e sul fronte dell\u2019Ortles: \u201cFu lui ad ideare la soluzione del grave problema dei rifornimenti alle postazioni pi\u00f9 avanzate che venivano rifornite attraverso la superficie del ghiacciaio sotto l\u2019infuriare delle avversit\u00e0 atmosferiche e del fuoco nemico\u201d. Nel libro, il ricordo di Handl di quel fine maggio 1916 quando \u201ccon altri sei zappatori mi dirigevo verso \u2018S\u2019, come era anche chiamata la postazione \u2018Vesura\u2019, lungo il camminamento nel ghiacciaio, ora saltando, ora strisciando, quando il nemico, avendo visto le nostre sagome, si mise a sparare rabbiosamente con le mitragliatrici\u2026 le difficolt\u00e0 di quel momento mi indussero ad immaginare che se da l\u00ec avessimo scavata una galleria nello spessore del ghiaccio fino a raggiungere la postazione \u2018S\u2019, distante circa 150 metri, il suo rifornimento sarebbe stato molto facilitato e quella postazione ne avrebbe ricavato una maggiore efficienza\u201d. Il racconto prosegue con Handl che fece notare al comandante maggiore Bilgheri che \u201cla postazione sarebbe stata tenuta pi\u00f9 facilmente se avessimo costruito una rete di gallerie\u2026 e chiesi uomini e mezzi e la collaborazione di tutti i combattenti durante le ore libere dal servizio\u2026\u201d. Nacque cos\u00ec la \u201cCitt\u00e0 di ghiaccio\u201d, formata da una rete di gallerie e grotte scavate talvolta fino ad una profondit\u00e0 di 50 metri, \u201cper tenere i soldati ai quali era affidata la difesa della Marmolada, al riparo dalle valanghe, dalle avversit\u00e0 atmosferiche e dal fuoco nemico\u201d. E fu proprio \u201cgrazie a due gallerie che si inerpicavano verso la cresta rocciosa della parete sud che anche le posizioni della Forcella Vu e della quota 3259 furono finalmente rifornite regolarmente, con molta minor fatica e rischio\u201d.<\/p>\n\n\t\t\t<style type='text\/css'>\n\t\t\t\t#gallery-8 {\n\t\t\t\t\tmargin: auto;\n\t\t\t\t}\n\t\t\t\t#gallery-8 .gallery-item {\n\t\t\t\t\tfloat: left;\n\t\t\t\t\tmargin-top: 10px;\n\t\t\t\t\ttext-align: center;\n\t\t\t\t\twidth: 14%;\n\t\t\t\t}\n\t\t\t\t#gallery-8 img {\n\t\t\t\t\tborder: 2px solid #cfcfcf;\n\t\t\t\t}\n\t\t\t\t#gallery-8 .gallery-caption {\n\t\t\t\t\tmargin-left: 0;\n\t\t\t\t}\n\t\t\t\t\/* see gallery_shortcode() in wp-includes\/media.php *\/\n\t\t\t<\/style>\n\t\t<div id='gallery-8' class='dt-gallery-container gallery galleryid-243297 gallery-columns-7 gallery-size-thumbnail'><dl class='gallery-item'>\n\t\t\t\t<dt class='gallery-icon landscape'>\n\t\t\t\t\t<a class=\"rollover rollover-zoom dt-pswp-item\" title=\"258158710_1800155983705927_3498216066575501024_n\" data-dt-img-description=\"\" data-large_image_width=\"393\" data-large_image_height=\"206\"href='https:\/\/www.radiopiu.net\/wordpress\/wp-content\/uploads\/2021\/11\/258158710_1800155983705927_3498216066575501024_n.jpg'><img loading=\"lazy\" decoding=\"async\" width=\"150\" height=\"150\" src=\"https:\/\/www.radiopiu.net\/wordpress\/wp-content\/uploads\/2021\/11\/258158710_1800155983705927_3498216066575501024_n-150x150.jpg\" class=\"attachment-thumbnail size-thumbnail\" alt=\"\" \/><\/a>\n\t\t\t\t<\/dt><\/dl><dl class='gallery-item'>\n\t\t\t\t<dt class='gallery-icon landscape'>\n\t\t\t\t\t<a class=\"rollover rollover-zoom dt-pswp-item\" title=\"258636867_575988613702582_341873496890377323_n\" data-dt-img-description=\"\" data-large_image_width=\"339\" data-large_image_height=\"206\"href='https:\/\/www.radiopiu.net\/wordpress\/wp-content\/uploads\/2021\/11\/258636867_575988613702582_341873496890377323_n.jpg'><img loading=\"lazy\" decoding=\"async\" width=\"150\" height=\"150\" src=\"https:\/\/www.radiopiu.net\/wordpress\/wp-content\/uploads\/2021\/11\/258636867_575988613702582_341873496890377323_n-150x150.jpg\" class=\"attachment-thumbnail size-thumbnail\" alt=\"\" \/><\/a>\n\t\t\t\t<\/dt><\/dl><dl class='gallery-item'>\n\t\t\t\t<dt class='gallery-icon landscape'>\n\t\t\t\t\t<a class=\"rollover rollover-zoom dt-pswp-item\" title=\"258050427_283417437127115_8808269991417588990_n\" data-dt-img-description=\"\" data-large_image_width=\"333\" data-large_image_height=\"206\"href='https:\/\/www.radiopiu.net\/wordpress\/wp-content\/uploads\/2021\/11\/258050427_283417437127115_8808269991417588990_n.jpg'><img loading=\"lazy\" decoding=\"async\" width=\"150\" height=\"150\" src=\"https:\/\/www.radiopiu.net\/wordpress\/wp-content\/uploads\/2021\/11\/258050427_283417437127115_8808269991417588990_n-150x150.jpg\" class=\"attachment-thumbnail size-thumbnail\" alt=\"\" \/><\/a>\n\t\t\t\t<\/dt><\/dl><dl class='gallery-item'>\n\t\t\t\t<dt class='gallery-icon portrait'>\n\t\t\t\t\t<a class=\"rollover rollover-zoom dt-pswp-item\" title=\"258405294_280144304039890_8447169056248006916_n\" data-dt-img-description=\"\" data-large_image_width=\"160\" data-large_image_height=\"222\"href='https:\/\/www.radiopiu.net\/wordpress\/wp-content\/uploads\/2021\/11\/258405294_280144304039890_8447169056248006916_n.jpg'><img loading=\"lazy\" decoding=\"async\" width=\"150\" height=\"150\" src=\"https:\/\/www.radiopiu.net\/wordpress\/wp-content\/uploads\/2021\/11\/258405294_280144304039890_8447169056248006916_n-150x150.jpg\" class=\"attachment-thumbnail size-thumbnail\" alt=\"\" \/><\/a>\n\t\t\t\t<\/dt><\/dl><dl class='gallery-item'>\n\t\t\t\t<dt class='gallery-icon portrait'>\n\t\t\t\t\t<a class=\"rollover rollover-zoom dt-pswp-item\" title=\"258250824_223086039905543_1001572051795857092_n\" data-dt-img-description=\"\" data-large_image_width=\"155\" data-large_image_height=\"206\"href='https:\/\/www.radiopiu.net\/wordpress\/wp-content\/uploads\/2021\/11\/258250824_223086039905543_1001572051795857092_n.jpg'><img loading=\"lazy\" decoding=\"async\" width=\"150\" height=\"150\" src=\"https:\/\/www.radiopiu.net\/wordpress\/wp-content\/uploads\/2021\/11\/258250824_223086039905543_1001572051795857092_n-150x150.jpg\" class=\"attachment-thumbnail size-thumbnail\" alt=\"\" \/><\/a>\n\t\t\t\t<\/dt><\/dl><dl class='gallery-item'>\n\t\t\t\t<dt class='gallery-icon landscape'>\n\t\t\t\t\t<a class=\"rollover rollover-zoom dt-pswp-item\" title=\"258381682_1693278940879447_8086778641041468396_n\" data-dt-img-description=\"\" data-large_image_width=\"317\" data-large_image_height=\"206\"href='https:\/\/www.radiopiu.net\/wordpress\/wp-content\/uploads\/2021\/11\/258381682_1693278940879447_8086778641041468396_n.jpg'><img loading=\"lazy\" decoding=\"async\" width=\"150\" height=\"150\" src=\"https:\/\/www.radiopiu.net\/wordpress\/wp-content\/uploads\/2021\/11\/258381682_1693278940879447_8086778641041468396_n-150x150.jpg\" class=\"attachment-thumbnail size-thumbnail\" alt=\"\" \/><\/a>\n\t\t\t\t<\/dt><\/dl><dl class='gallery-item'>\n\t\t\t\t<dt class='gallery-icon portrait'>\n\t\t\t\t\t<a class=\"rollover rollover-zoom dt-pswp-item\" title=\"258250826_874492776592824_7534628167889902663_n\" data-dt-img-description=\"\" data-large_image_width=\"155\" data-large_image_height=\"225\"href='https:\/\/www.radiopiu.net\/wordpress\/wp-content\/uploads\/2021\/11\/258250826_874492776592824_7534628167889902663_n.jpg'><img loading=\"lazy\" decoding=\"async\" width=\"150\" height=\"150\" src=\"https:\/\/www.radiopiu.net\/wordpress\/wp-content\/uploads\/2021\/11\/258250826_874492776592824_7534628167889902663_n-150x150.jpg\" class=\"attachment-thumbnail size-thumbnail\" alt=\"\" \/><\/a>\n\t\t\t\t<\/dt><\/dl><br style=\"clear: both\" \/><dl class='gallery-item'>\n\t\t\t\t<dt class='gallery-icon portrait'>\n\t\t\t\t\t<a class=\"rollover rollover-zoom dt-pswp-item\" title=\"257967799_4777807122258043_1242160949705667973_n\" data-dt-img-description=\"\" data-large_image_width=\"168\" data-large_image_height=\"202\"href='https:\/\/www.radiopiu.net\/wordpress\/wp-content\/uploads\/2021\/11\/257967799_4777807122258043_1242160949705667973_n.jpg'><img loading=\"lazy\" decoding=\"async\" width=\"150\" height=\"150\" src=\"https:\/\/www.radiopiu.net\/wordpress\/wp-content\/uploads\/2021\/11\/257967799_4777807122258043_1242160949705667973_n-150x150.jpg\" class=\"attachment-thumbnail size-thumbnail\" alt=\"\" \/><\/a>\n\t\t\t\t<\/dt><\/dl><dl class='gallery-item'>\n\t\t\t\t<dt class='gallery-icon portrait'>\n\t\t\t\t\t<a class=\"rollover rollover-zoom dt-pswp-item\" title=\"257789813_299544088702993_69627068579432029_n\" data-dt-img-description=\"\" data-large_image_width=\"168\" data-large_image_height=\"205\"href='https:\/\/www.radiopiu.net\/wordpress\/wp-content\/uploads\/2021\/11\/257789813_299544088702993_69627068579432029_n.jpg'><img loading=\"lazy\" decoding=\"async\" width=\"150\" height=\"150\" src=\"https:\/\/www.radiopiu.net\/wordpress\/wp-content\/uploads\/2021\/11\/257789813_299544088702993_69627068579432029_n-150x150.jpg\" class=\"attachment-thumbnail size-thumbnail\" alt=\"\" \/><\/a>\n\t\t\t\t<\/dt><\/dl><dl class='gallery-item'>\n\t\t\t\t<dt class='gallery-icon portrait'>\n\t\t\t\t\t<a class=\"rollover rollover-zoom dt-pswp-item\" title=\"257895465_182324340768143_3258411453482210048_n\" data-dt-img-description=\"\" data-large_image_width=\"149\" data-large_image_height=\"206\"href='https:\/\/www.radiopiu.net\/wordpress\/wp-content\/uploads\/2021\/11\/257895465_182324340768143_3258411453482210048_n.jpg'><img loading=\"lazy\" decoding=\"async\" width=\"149\" height=\"150\" src=\"https:\/\/www.radiopiu.net\/wordpress\/wp-content\/uploads\/2021\/11\/257895465_182324340768143_3258411453482210048_n-149x150.jpg\" class=\"attachment-thumbnail size-thumbnail\" alt=\"\" \/><\/a>\n\t\t\t\t<\/dt><\/dl><dl class='gallery-item'>\n\t\t\t\t<dt class='gallery-icon portrait'>\n\t\t\t\t\t<a class=\"rollover rollover-zoom dt-pswp-item\" title=\"258219823_273152881492097_8067784140632770003_n\" data-dt-img-description=\"\" data-large_image_width=\"159\" data-large_image_height=\"240\"href='https:\/\/www.radiopiu.net\/wordpress\/wp-content\/uploads\/2021\/11\/258219823_273152881492097_8067784140632770003_n.jpg'><img loading=\"lazy\" decoding=\"async\" width=\"150\" height=\"150\" src=\"https:\/\/www.radiopiu.net\/wordpress\/wp-content\/uploads\/2021\/11\/258219823_273152881492097_8067784140632770003_n-150x150.jpg\" class=\"attachment-thumbnail size-thumbnail\" alt=\"\" \/><\/a>\n\t\t\t\t<\/dt><\/dl><dl class='gallery-item'>\n\t\t\t\t<dt class='gallery-icon portrait'>\n\t\t\t\t\t<a class=\"rollover rollover-zoom dt-pswp-item\" title=\"258308615_297796995528916_2902927563694185023_n\" data-dt-img-description=\"\" data-large_image_width=\"156\" data-large_image_height=\"225\"href='https:\/\/www.radiopiu.net\/wordpress\/wp-content\/uploads\/2021\/11\/258308615_297796995528916_2902927563694185023_n.jpg'><img loading=\"lazy\" decoding=\"async\" width=\"150\" height=\"150\" src=\"https:\/\/www.radiopiu.net\/wordpress\/wp-content\/uploads\/2021\/11\/258308615_297796995528916_2902927563694185023_n-150x150.jpg\" class=\"attachment-thumbnail size-thumbnail\" alt=\"\" \/><\/a>\n\t\t\t\t<\/dt><\/dl><dl class='gallery-item'>\n\t\t\t\t<dt class='gallery-icon portrait'>\n\t\t\t\t\t<a class=\"rollover rollover-zoom dt-pswp-item\" title=\"257602891_1259903567785612_5468668762871161372_n\" data-dt-img-description=\"\" data-large_image_width=\"154\" data-large_image_height=\"225\"href='https:\/\/www.radiopiu.net\/wordpress\/wp-content\/uploads\/2021\/11\/257602891_1259903567785612_5468668762871161372_n.jpg'><img loading=\"lazy\" decoding=\"async\" width=\"150\" height=\"150\" src=\"https:\/\/www.radiopiu.net\/wordpress\/wp-content\/uploads\/2021\/11\/257602891_1259903567785612_5468668762871161372_n-150x150.jpg\" class=\"attachment-thumbnail size-thumbnail\" alt=\"\" \/><\/a>\n\t\t\t\t<\/dt><\/dl><dl class='gallery-item'>\n\t\t\t\t<dt class='gallery-icon landscape'>\n\t\t\t\t\t<a class=\"rollover rollover-zoom dt-pswp-item\" title=\"258353976_955442161712179_4630335506074263811_n\" data-dt-img-description=\"\" data-large_image_width=\"250\" data-large_image_height=\"206\"href='https:\/\/www.radiopiu.net\/wordpress\/wp-content\/uploads\/2021\/11\/258353976_955442161712179_4630335506074263811_n.jpg'><img loading=\"lazy\" decoding=\"async\" width=\"150\" height=\"150\" src=\"https:\/\/www.radiopiu.net\/wordpress\/wp-content\/uploads\/2021\/11\/258353976_955442161712179_4630335506074263811_n-150x150.jpg\" class=\"attachment-thumbnail size-thumbnail\" alt=\"\" \/><\/a>\n\t\t\t\t<\/dt><\/dl><br style=\"clear: both\" \/>\n\t\t\t<\/div>\n\n<p>NELLE FOTO (riproduzioni dal libro\u201dLa citt\u00e0 di ghiaccio\u201d di Bartoli-Fornaro-Rotasso; archivio Istituto ladino di cultura di Vigo di Fassa; Leo Handl; Stadtarchiv Innsbruck): panoramica della Marmolada nella copertina del volume; \u201cfinestre\u201d della galleria Rosso scavate nella parete sud della Marmolada; rifugio vicino alla stazione a monte della teleferica del Sass delle Dodici; mortaio d 30,5 cm. con cui gli austriaci sparavano contro le postazioni italiane; la Forcella Vu con le quote 3065 e 3153; tracciato sulla cresta per raggiungere la Forcella Vu; la \u201cvia\u201d attrezzata dagli Alpini agordini del 7. per la conquista di quota 3153; la guida alpina Fedele Bernard; il tenente Carlo Delcroix, medaglia d\u2019argento al valor militare; il tenente Leo Handl; la \u201cgalleria Rosso\u201d; grande caverna nella \u201cRosso\u201d; un militare austriaco in una caverna di ghiaccio; fronte austriaco della Marmolada.<\/p>\n<p>&nbsp;<\/p>\n<p>&nbsp;<\/p>\n<p>&nbsp;<\/p>\n<hr \/>\n<p>&nbsp;<\/p>\n<blockquote>\n<h3>LA MESSA PER I CADUTI SUL LAVORO<\/h3>\n<\/blockquote>\n<p><strong>AGORDO<\/strong>\u00a0 Anche quest&#8217;anno per iniziativa della Nuova Corale &#8211; Coro parrocchiale di Agordo,\u00a0 sar\u00e0 celebrata la Messa per i caduti sul lavoro: domenica 21 novembre alle 18.00, nella Chiesa Arcidiaconale di Agordo. E&#8217; il <b>39\u00b0 anno<\/b> in cui si svolge questa celebrazione, che vuole unirsi nel dolore e nel ricordo dei propri cari ai familiari dei caduti, oltre che sottolineare l&#8217;importanza dei valori della vita e del lavoro e quindi della sicurezza nei luoghi di lavoro.<\/p>\n<div class=\"moz-text-html\" lang=\"x-unicode\">\n<div dir=\"auto\">\n<div dir=\"auto\">\n<div dir=\"auto\">\n<div>\n<div>\n<div dir=\"auto\">\n<div dir=\"auto\">\n<div>\n<div><\/div>\n<div dir=\"ltr\"><\/div>\n<div dir=\"ltr\">\n<hr \/>\n<\/div>\n<blockquote>\n<h3 dir=\"ltr\">MERCATINO DI NATALE A FALCADE<\/h3>\n<\/blockquote>\n<div dir=\"ltr\"><strong>FALCADE<\/strong>\u00a0 L&#8217;associazione albergatori, ristoratori e rifugi della Valle del Biois mette e disposizione le casette per i mercatini natalizi sulla piazza di Falcade per il periodo natalizio. Gli interessati ad esporre possono rivolgersi all&#8217;ufficio Promo Falcade, telefono 334 7230117 oppure 329 7603762<\/div>\n<div dir=\"ltr\"><\/div>\n<div dir=\"ltr\"><\/div>\n<div dir=\"ltr\"><\/div>\n<div dir=\"ltr\">\n<p>&nbsp;<\/p>\n<\/div>\n<\/div>\n<\/div>\n<\/div>\n<\/div>\n<\/div>\n<\/div>\n<\/div>\n<\/div>\n<\/div>\n<p>&nbsp;<\/p>\n<hr \/>\n<blockquote>\n<h3><\/h3>\n<h3>RINNOVO DI CONCESSIONI E DEBITI FUORI BILANCIO<\/h3>\n<\/blockquote>\n<p><strong>LIVINALLONGO<\/strong> Oggi alle 18 consiglio comunale convocato dal sindaco Leandro Grones. All&#8217;ordine del giorno: rinnovo della concessione per l&#8217;uso dei terreni di uso civico di Ponte Vauz, La Viza e Salere; regolamento per la disciplina dei servizi pubblici non di linea per via terra; variazione al bilancio e riconoscimento debiti fuori bilancio derivanti da sentenze del giudice di pace di Belluno; del progetto &#8220;Il collegamento delle Dolomiti&#8221; dell&#8217;Istituto culturale ladino Cesa de Jan<\/p>\n<p>&nbsp;<\/p>\n<p>&nbsp;<\/p>\n<p>&nbsp;<\/p>\n<hr \/>\n<p>&nbsp;<\/p>\n<blockquote>\n<h3>COLCERGNAN CHIAMA A RAPPORTO I CONSIGLIERI COMUNALI<\/h3>\n<\/blockquote>\n<p><strong>CANALE D&#8217;AGORDO<\/strong> Il sindaco di Canale D&#8217;Agordo Flavio Colcergnan ha convocato i consiglieri comunali per mercoled\u00ec alle 20 presso la sala Lina Zand\u00f2 per il consiglio comunale a porte chiuse. Quattro punti da discutere tra cui una ratifica su una deliberazione di giunta riguardante il bilancio di previsione e una variazione al bilancio di previsione 2021-2023.<\/p>\n<p>&nbsp;<\/p>\n<p>&nbsp;<\/p>\n<hr \/>\n<p>&nbsp;<\/p>\n<blockquote>\n<h3>FRATELLO ALBERO, LA GIORNATA NAZIONALE DEGLI ALBERI<\/h3>\n<\/blockquote>\n<p><strong>FELTRE\u00a0<\/strong> In occasione della Giornata Nazionale degli Alberi, il Comune di Feltre organizza, in collaborazione con il Dipartimento TESAF dell&#8217;Universit\u00e0 di Padova, l&#8217;Istituto \u201cDella Lucia\u201d e la Casa dei beni Comuni la manifestazione dal titolo \u201cFratello Albero\u201d. La giornata si svolger\u00e0 oggi. Alle 10 presso l&#8217;area di Pr\u00e0 del Moro si terr\u00e0 la consueta messa\u00a0 dimora di un albero per ogni nuovo nato nel Comune di Feltre nel 2021. Dalle 18, il Museo Diocesano di Arte Sacra in via Paradiso ospiter\u00e0 invece un momento di studio e di approfondimento sulle tematiche relative alla crisi climatica e al processo di ripopolamento del verde urbano che interessa la citt\u00e0<\/p>\n<p>&nbsp;<\/p>\n<p>&nbsp;<\/p>\n<hr \/>\n<p>&nbsp;<\/p>\n<blockquote>\n<h3>NEL CASTELLO DI BARBABLU, DOMENICA ALLE 17 AL TEATRO COMUNALE DI BELLUNO<\/h3>\n<\/blockquote>\n<h3><a href=\"https:\/\/www.radiopiu.net\/wordpress\/235499-2q\/247967093_3040184876228480_2357238744737972059_n\/\" rel=\"attachment wp-att-243035\"><img loading=\"lazy\" decoding=\"async\" class=\"size-medium wp-image-243035 alignleft\" src=\"https:\/\/www.radiopiu.net\/wordpress\/wp-content\/uploads\/2021\/10\/247967093_3040184876228480_2357238744737972059_n-300x114.jpg\" alt=\"\" width=\"300\" height=\"114\" srcset=\"https:\/\/www.radiopiu.net\/wordpress\/wp-content\/uploads\/2021\/10\/247967093_3040184876228480_2357238744737972059_n-300x114.jpg 300w, https:\/\/www.radiopiu.net\/wordpress\/wp-content\/uploads\/2021\/10\/247967093_3040184876228480_2357238744737972059_n-768x293.jpg 768w, https:\/\/www.radiopiu.net\/wordpress\/wp-content\/uploads\/2021\/10\/247967093_3040184876228480_2357238744737972059_n.jpg 960w\" sizes=\"auto, (max-width: 300px) 100vw, 300px\" \/><\/a>\u00a0INTERVISTA ALL&#8217;ATTRICE ANNABELLA TEDONE, COMPAGNIA KUZIBA<\/h3>\n<p>di Mirko Mezzacasa<\/p>\n<p>&nbsp;<\/p>\n<audio class=\"wp-audio-shortcode\" id=\"audio-243297-10\" preload=\"none\" style=\"width: 100%;\" controls=\"controls\"><source type=\"audio\/mpeg\" src=\"https:\/\/www.radiopiu.net\/wordpress\/wp-content\/uploads\/2021\/11\/annabella.mp3?_=10\" \/><a href=\"https:\/\/www.radiopiu.net\/wordpress\/wp-content\/uploads\/2021\/11\/annabella.mp3\">https:\/\/www.radiopiu.net\/wordpress\/wp-content\/uploads\/2021\/11\/annabella.mp3<\/a><\/audio>\n<p><span style=\"color: #ff0000;\"><strong>SERVIZI PRECEDENTI,\u00a0 TIB-TEATRO BELLUNO<\/strong><\/span><\/p>\n<blockquote class=\"wp-embedded-content\" data-secret=\"9lUftnbPir\"><p><a href=\"https:\/\/www.radiopiu.net\/wordpress\/235499-2q\/\">NEL CASTELLO DI BARBABLU, DOMENICA ALLE 17 AL TEATRO COMUNALE DI BELLUNO<\/a><\/p><\/blockquote>\n<p><iframe loading=\"lazy\" class=\"wp-embedded-content\" sandbox=\"allow-scripts\" security=\"restricted\" style=\"position: absolute; clip: rect(1px, 1px, 1px, 1px);\" title=\"&#8220;NEL CASTELLO DI BARBABLU, DOMENICA ALLE 17 AL TEATRO COMUNALE DI BELLUNO&#8221; &#8212; Radio Pi\u00f9\" src=\"https:\/\/www.radiopiu.net\/wordpress\/235499-2q\/embed\/#?secret=9lUftnbPir\" data-secret=\"9lUftnbPir\" width=\"600\" height=\"338\" frameborder=\"0\" marginwidth=\"0\" marginheight=\"0\" scrolling=\"no\"><\/iframe><\/p>\n<p>&nbsp;<\/p>\n<p>&nbsp;<\/p>\n<h3><\/h3>\n<hr \/>\n<p>&nbsp;<\/p>\n<blockquote>\n<h3>NOVEMBRE, IL MESE DELLA CORALITA&#8217;<\/h3>\n<\/blockquote>\n<p><strong><a href=\"https:\/\/www.radiopiu.net\/wordpress\/novembre-il-mese-della-coralita\/asac-veneto\/\" rel=\"attachment wp-att-241021\"><img loading=\"lazy\" decoding=\"async\" class=\" wp-image-241021 alignleft\" src=\"https:\/\/www.radiopiu.net\/wordpress\/wp-content\/uploads\/2021\/11\/ASAC-VENETO-300x167.png\" alt=\"\" width=\"210\" height=\"117\" srcset=\"https:\/\/www.radiopiu.net\/wordpress\/wp-content\/uploads\/2021\/11\/ASAC-VENETO-300x167.png 300w, https:\/\/www.radiopiu.net\/wordpress\/wp-content\/uploads\/2021\/11\/ASAC-VENETO.png 534w\" sizes=\"auto, (max-width: 210px) 100vw, 210px\" \/><\/a>BELLUNO<\/strong> Gli appuntamenti: Sabato 20 novembre nella Sala \u201cmons. Vincenzo Savio\u201d di Agordo il Coro Antica Eco di Puos d\u2019Alpago ed il Coro Rualan di Valle di Cadore. \u201cDolomiti in coro 2021\u201d si chiudera\u0300 sabato 27 novembre nella Chiesa parrocchiale di Longarone con il Coro Voci delle Dolomiti, il Gruppo Solo Voci di Feltre ed il Coro Cadore di Pieve di Cadore<\/p>\n<p>&nbsp;<\/p>\n<p>&nbsp;<\/p>\n<p>&nbsp;<\/p>\n<p>&nbsp;<\/p>\n<hr \/>\n<p>&nbsp;<\/p>\n<blockquote>\n<h3>UNION DEI LADINS DA FODOM E IL RINNOVO DEL CONSIGLIO<\/h3>\n<\/blockquote>\n<p><strong>LIVINALLONGO<\/strong> Domenica 21 novembre al Taulac di Pieve di Livinallongo l&#8217;Union Ladins De Fodom rinnover\u00e0 il consiglio. Nell&#8217;occasione verr\u00e0 presentata la ristampa del libro Lerbe, flou e pl\u00e0nte da Fodom&#8221;. La cittadinanza \u00e8 invitata a partecipare, obbligo di green pass.<\/p>\n<p>&nbsp;<\/p>\n<p>&nbsp;<\/p>\n<hr \/>\n<p>&nbsp;<\/p>\n<blockquote>\n<h3>PROSEGUONO GLI SPETTACOLI DI MISTERO A SOSPIROLO<\/h3>\n<\/blockquote>\n<p><strong>SOSPIROLO <\/strong>\u00a0Domenica alle 10.30 al Centro civico, appuntamento con le premiazioni del 12\u00b0 concorso letterario \u201cSospirolo tra leggende e misteri\u201d con lettura musicata dei racconti vincitori, a cura di Candida Capraro e Cristina Gianni e la giuria presieduta dalla scrittrice Antonia Arslan, cittadina onoraria di Sospirolo.<\/p>\n<p>&nbsp;<\/p>\n<p>&nbsp;<\/p>\n<hr \/>\n<p>&nbsp;<\/p>\n<blockquote>\n<h3>1995, SELVA DI CADORE DOMINA AGORDINO ICE, L&#8217;INTERA STORIA<\/h3>\n<\/blockquote>\n<p><strong>REDAZIONE<\/strong><\/p>\n<p><img loading=\"lazy\" decoding=\"async\" class=\"alignleft\" src=\"https:\/\/www.radiopiu.net\/wordpress\/wp-content\/uploads\/2021\/11\/4526b7b2-cbba-49d2-befb-61c6a4eab280.jpg\" width=\"302\" height=\"170\" \/>Oggi non \u00e8 una storia del passato quella che raccontiamo, vi riproponiamo un&#8217;intero libro di storia, la rassegna stampa del 1995 quando Selva di Cadore, tappa dopo tappa, costrui\u00ec una splendida vittoria. Dai dubbi di inizio stagione al via ai giochi dal palaghiaccio Alvise De Toni<\/p>\n<p>&nbsp;<\/p>\n<p>&nbsp;<\/p>\n<p>&nbsp;<\/p>\n<p>&nbsp;<\/p>\n<p><strong>34 PAGINE<\/strong><\/p>\n<a href=\"https:\/\/www.radiopiu.net\/wordpress\/wp-content\/uploads\/2021\/11\/Xerox-Scan_17112021162303.pdf\" class=\"pdfemb-viewer\" style=\"\" data-width=\"max\" data-height=\"max\" data-toolbar=\"top\" data-toolbar-fixed=\"on\">Xerox Scan_17112021162303<\/a>\n<p>&nbsp;<\/p>\n<p>&nbsp;<\/p>\n<hr \/>\n<p>&nbsp;<\/p>\n<div>\n<div class=\"b654a4as d2edcug0\">\n<div class=\"rq0escxv hkbzh7o3 jwdofwj8 n8tt0mok r8blr3vg hyh9befq\">\n<p><a class=\"dt-pswp-item\" href=\"https:\/\/www.radiopiu.net\/wordpress\/wp-content\/uploads\/2020\/10\/pp.jpg\" data-dt-img-description=\"\" data-large_image_width=\"640\" data-large_image_height=\"640\"><img loading=\"lazy\" decoding=\"async\" class=\"wp-image-163678 alignleft\" src=\"https:\/\/www.radiopiu.net\/wordpress\/wp-content\/uploads\/2020\/10\/pp-300x300.jpg\" alt=\"\" width=\"106\" height=\"106\" srcset=\"https:\/\/www.radiopiu.net\/wordpress\/wp-content\/uploads\/2020\/10\/pp-300x300.jpg 300w, https:\/\/www.radiopiu.net\/wordpress\/wp-content\/uploads\/2020\/10\/pp-150x150.jpg 150w, https:\/\/www.radiopiu.net\/wordpress\/wp-content\/uploads\/2020\/10\/pp-125x125.jpg 125w, https:\/\/www.radiopiu.net\/wordpress\/wp-content\/uploads\/2020\/10\/pp-200x200.jpg 200w, https:\/\/www.radiopiu.net\/wordpress\/wp-content\/uploads\/2020\/10\/pp-80x80.jpg 80w, https:\/\/www.radiopiu.net\/wordpress\/wp-content\/uploads\/2020\/10\/pp-480x480.jpg 480w, https:\/\/www.radiopiu.net\/wordpress\/wp-content\/uploads\/2020\/10\/pp.jpg 640w\" sizes=\"auto, (max-width: 106px) 100vw, 106px\" \/><\/a><\/p>\n<\/div>\n<\/div>\n<\/div>\n<div>\n<div class=\"page-title-head hgroup\">\n<div class=\"page-title-head hgroup\">\n<div class=\"b654a4as d2edcug0\">\n<div class=\"j83agx80 btwxx1t3 lhclo0ds hop8lmos nkwizq5d scwd0bx6 roh60bw9\">\n<div class=\"rq0escxv hkbzh7o3 jwdofwj8 n8tt0mok r8blr3vg hyh9befq\">\n<div class=\"do00u71z l9j0dhe7 k4urcfbm\">\n<h2><span style=\"color: #000080;\">DON CESARE, IL PENSIERO DEL GIORNO. ALLA RADIO ALLE 7 DEL MATTINO E ALLE 19.30 DELLA SERA.\u00a0\u00a0<\/span><\/h2>\n<p>&nbsp;<\/p>\n<p>&nbsp;<\/p>\n<audio class=\"wp-audio-shortcode\" id=\"audio-243297-11\" preload=\"none\" style=\"width: 100%;\" controls=\"controls\"><source type=\"audio\/mpeg\" src=\"https:\/\/www.radiopiu.net\/wordpress\/wp-content\/uploads\/2021\/11\/cesare-9.mp3?_=11\" \/><a href=\"https:\/\/www.radiopiu.net\/wordpress\/wp-content\/uploads\/2021\/11\/cesare-9.mp3\">https:\/\/www.radiopiu.net\/wordpress\/wp-content\/uploads\/2021\/11\/cesare-9.mp3<\/a><\/audio>\n<p>&nbsp;<\/p>\n<p>&nbsp;<\/p>\n<hr \/>\n<p>&nbsp;<\/p>\n<blockquote>\n<h3>IN VIVO VERSO, SETTIMA STAGIONE CON BRUNELLA MORO, DAL LUNEDI AL VENERDI ALLE 7.10, 10.10 E 18.50<\/h3>\n<h3>SFUMATURE di ALDO IORIO<\/h3>\n<\/blockquote>\n<p><strong>AUDIO<\/strong><\/p>\n<audio class=\"wp-audio-shortcode\" id=\"audio-243297-12\" preload=\"none\" style=\"width: 100%;\" controls=\"controls\"><source type=\"audio\/mpeg\" src=\"https:\/\/www.radiopiu.net\/wordpress\/wp-content\/uploads\/2021\/11\/03-SFUMATURE-ALDO-IORIO.mp3?_=12\" \/><a href=\"https:\/\/www.radiopiu.net\/wordpress\/wp-content\/uploads\/2021\/11\/03-SFUMATURE-ALDO-IORIO.mp3\">https:\/\/www.radiopiu.net\/wordpress\/wp-content\/uploads\/2021\/11\/03-SFUMATURE-ALDO-IORIO.mp3<\/a><\/audio>\n<p>&nbsp;<\/p>\n<p><span style=\"font-family: Verdana, sans-serif;\"><span style=\"font-size: large;\"><a href=\"https:\/\/www.radiopiu.net\/wordpress\/sfumature-di-aldo-iorio\/aldo-iorio-foto-4\/\" rel=\"attachment wp-att-243339\"><img loading=\"lazy\" decoding=\"async\" class=\"size-medium wp-image-243339 alignleft\" src=\"https:\/\/www.radiopiu.net\/wordpress\/wp-content\/uploads\/2021\/11\/ALDO-IORIO-FOTO-298x300.jpg\" alt=\"\" width=\"298\" height=\"300\" srcset=\"https:\/\/www.radiopiu.net\/wordpress\/wp-content\/uploads\/2021\/11\/ALDO-IORIO-FOTO-298x300.jpg 298w, https:\/\/www.radiopiu.net\/wordpress\/wp-content\/uploads\/2021\/11\/ALDO-IORIO-FOTO-150x150.jpg 150w, https:\/\/www.radiopiu.net\/wordpress\/wp-content\/uploads\/2021\/11\/ALDO-IORIO-FOTO-768x774.jpg 768w, https:\/\/www.radiopiu.net\/wordpress\/wp-content\/uploads\/2021\/11\/ALDO-IORIO-FOTO.jpg 952w\" sizes=\"auto, (max-width: 298px) 100vw, 298px\" \/><\/a>Nero, nero;<\/span><\/span><\/p>\n<p><span style=\"font-family: Verdana, sans-serif;\"><span style=\"font-size: large;\">Grigio, grigio..<\/span><\/span><\/p>\n<p><span style=\"font-family: Verdana, sans-serif;\"><span style=\"font-size: large;\">Sei svanita, in silenzio, per sempre.<\/span><\/span><\/p>\n<p><span style=\"font-family: Verdana, sans-serif;\"><span style=\"font-size: large;\">Sfiorami ancora, delicatamente!<\/span><\/span><\/p>\n<p><span style=\"font-family: Verdana, sans-serif;\"><span style=\"font-size: large;\">E la scia del tuo profumo rimarra&#8217; su di me, perennemente!<\/span><\/span><\/p>\n<p><span style=\"font-family: Verdana, sans-serif;\"><span style=\"font-size: large;\">Amore mio.<\/span><\/span><\/p>\n<p><span style=\"font-family: Verdana, sans-serif;\"><span style=\"font-size: large;\">Grigio, grigio,<\/span><\/span><\/p>\n<p><span style=\"font-family: Verdana, sans-serif;\"><span style=\"font-size: large;\">Rosa, rosa<\/span><\/span><\/p>\n<p>&nbsp;<\/p>\n<p><strong>LA RACCOLTA COMPLETA\u00a0 \u00a0<\/strong><\/p>\n<blockquote class=\"wp-embedded-content\" data-secret=\"VdMgyyb6iY\"><p><a href=\"https:\/\/www.radiopiu.net\/wordpress\/in-vivo-verso\/\">In Vivo Verso<\/a><\/p><\/blockquote>\n<p><iframe loading=\"lazy\" class=\"wp-embedded-content\" sandbox=\"allow-scripts\" security=\"restricted\" style=\"position: absolute; clip: rect(1px, 1px, 1px, 1px);\" title=\"&#8220;In Vivo Verso&#8221; &#8212; Radio Pi\u00f9\" src=\"https:\/\/www.radiopiu.net\/wordpress\/in-vivo-verso\/embed\/#?secret=VdMgyyb6iY\" data-secret=\"VdMgyyb6iY\" width=\"600\" height=\"338\" frameborder=\"0\" marginwidth=\"0\" marginheight=\"0\" scrolling=\"no\"><\/iframe><\/p>\n<p>&nbsp;<\/p>\n<p>&nbsp;<\/p>\n<div class=\"ecm0bbzt e5nlhep0 a8c37x1j\">\n<div class=\"kvgmc6g5 cxmmr5t8 oygrvhab hcukyx3x c1et5uql\">\n<div class=\"gmail-kvgmc6g5 gmail-cxmmr5t8 gmail-oygrvhab gmail-hcukyx3x gmail-c1et5uql gmail-ii04i59q\">\n<div class=\"page-title-head hgroup\">\n<div class=\"page-title-head hgroup\">\n<div class=\"b654a4as d2edcug0\">\n<div class=\"j83agx80 btwxx1t3 lhclo0ds hop8lmos nkwizq5d scwd0bx6 roh60bw9\">\n<div class=\"rq0escxv hkbzh7o3 jwdofwj8 n8tt0mok r8blr3vg hyh9befq\">\n<div class=\"do00u71z l9j0dhe7 k4urcfbm\">\n<hr \/>\n<p>&nbsp;<\/p>\n<p><strong>OGGI ALLE 10.30 E ALLE 19 ALLA RADIO&#8230;LA QUINTA PUNTATA<\/strong><\/p>\n<blockquote class=\"wp-embedded-content\" data-secret=\"4PR9wYAVmS\"><p><a href=\"https:\/\/www.radiopiu.net\/wordpress\/connessi-2\/\">Connessi<\/a><\/p><\/blockquote>\n<p><iframe loading=\"lazy\" class=\"wp-embedded-content\" sandbox=\"allow-scripts\" security=\"restricted\" style=\"position: absolute; clip: rect(1px, 1px, 1px, 1px);\" title=\"&#8220;Connessi&#8221; &#8212; Radio Pi\u00f9\" src=\"https:\/\/www.radiopiu.net\/wordpress\/connessi-2\/embed\/#?secret=4PR9wYAVmS\" data-secret=\"4PR9wYAVmS\" width=\"600\" height=\"338\" frameborder=\"0\" marginwidth=\"0\" marginheight=\"0\" scrolling=\"no\"><\/iframe><\/p>\n<p>&nbsp;<\/p>\n<p>&nbsp;<\/p>\n<p>&nbsp;<\/p>\n<hr \/>\n<p>&nbsp;<\/p>\n<p><span style=\"color: #0000ff;\">MUSICA PIU&#8217;\u00a0<\/span><\/p>\n<p><a href=\"https:\/\/www.radiopiu.net\/wordpress\/giornale-radiopiu-20-settembre-2021-direttore-mirko-mezzacasa\/pp-79\/\" rel=\"attachment wp-att-232921\"><img loading=\"lazy\" decoding=\"async\" class=\"wp-image-232921 alignleft\" src=\"https:\/\/www.radiopiu.net\/wordpress\/wp-content\/uploads\/2021\/09\/pp-1-300x300.jpg\" alt=\"\" width=\"135\" height=\"135\" srcset=\"https:\/\/www.radiopiu.net\/wordpress\/wp-content\/uploads\/2021\/09\/pp-1-300x300.jpg 300w, https:\/\/www.radiopiu.net\/wordpress\/wp-content\/uploads\/2021\/09\/pp-1-150x150.jpg 150w, https:\/\/www.radiopiu.net\/wordpress\/wp-content\/uploads\/2021\/09\/pp-1.jpg 640w\" sizes=\"auto, (max-width: 135px) 100vw, 135px\" \/><\/a><\/p>\n<div class=\"mkdf-post-text\">\n<div class=\"mkdf-post-text-inner\">\n<div class=\"mkdf-post-text-main\">\n<div class=\"mkdf-post-text\">\n<div class=\"mkdf-post-text-inner\">\n<div class=\"mkdf-post-text-main\">\n<div class=\"mkdf-post-text\">\n<div class=\"mkdf-post-text-inner\">\n<div class=\"mkdf-post-text-main\">\n<div class=\"page-title-head hgroup\">\n<div class=\"page-title-head hgroup\">\n<div class=\"mkdf-post-text\">\n<div class=\"mkdf-post-text-inner\">\n<div class=\"mkdf-post-text-main\">\n<div class=\"mkdf-post-text\">\n<div class=\"mkdf-post-text-inner\">\n<div class=\"mkdf-post-text-main\">\n<div class=\"page-title-head hgroup\">\n<div class=\"page-title-head hgroup\">\n<div class=\"page-title-head hgroup\">\n<div class=\"page-title-head hgroup\">\n<div class=\"b654a4as d2edcug0\">\n<div class=\"page-title-head hgroup\">\n<div class=\"page-title-head hgroup\">\n<div class=\"page-title-head hgroup\">\n<div class=\"page-title-head hgroup\">\n<div class=\"b654a4as d2edcug0\">\n<div class=\"page-title-head hgroup\">\n<div class=\"page-title-head hgroup\">\n<div class=\"page-title-head hgroup\">\n<div class=\"page-title-head hgroup\">\n<div class=\"b654a4as d2edcug0\">\n<div class=\"mkdf-post-text\">\n<div class=\"mkdf-post-text-inner\">\n<div class=\"mkdf-post-text-main\">\n<div class=\"mkdf-post-text\">\n<div class=\"mkdf-post-text-inner\">\n<div class=\"mkdf-post-text-main\">\n<div class=\"mkdf-post-text\">\n<div class=\"mkdf-post-text-inner\">\n<div class=\"mkdf-post-text-main\">\n<div class=\"page-title-head hgroup\">\n<div class=\"page-title-head hgroup\">\n<div class=\"mkdf-post-text\">\n<div class=\"mkdf-post-text-inner\">\n<div class=\"mkdf-post-text-main\">\n<div class=\"mkdf-post-text\">\n<div class=\"mkdf-post-text-inner\">\n<div class=\"mkdf-post-text-main\">\n<div class=\"page-title-head hgroup\">\n<div class=\"page-title-head hgroup\">\n<div class=\"page-title-head hgroup\">\n<div class=\"page-title-head hgroup\">\n<div class=\"b654a4as d2edcug0\">\n<div class=\"page-title-head hgroup\">\n<div class=\"page-title-head hgroup\">\n<div class=\"page-title-head hgroup\">\n<div class=\"page-title-head hgroup\">\n<div class=\"b654a4as d2edcug0\">\n<div class=\"page-title-head hgroup\">\n<div class=\"page-title-head hgroup\">\n<div class=\"page-title-head hgroup\">\n<div class=\"page-title-head hgroup\">\n<div class=\"b654a4as d2edcug0\">\n<div><\/div>\n<div><\/div>\n<div>\n<p><strong>MUSICA ALLA RADIO, IL PROGRAMMA DI LORIS SCUSSEL &#8220;COLLAGE OPERAZIONE NOSTALGIA&#8221; DAL LUNEDI AL VENERDI ALLE 16.00\u00a0 E ALLE 23\u00a0<\/strong><\/p>\n<\/div>\n<p>&nbsp;<\/p>\n<p>&nbsp;<\/p>\n<p><strong>PUNTATA NUMERO 478<\/strong><\/p>\n<audio class=\"wp-audio-shortcode\" id=\"audio-243297-13\" preload=\"none\" style=\"width: 100%;\" controls=\"controls\"><source type=\"audio\/mpeg\" src=\"https:\/\/www.radiopiu.net\/wordpress\/wp-content\/uploads\/2021\/11\/Collage-478.mp3?_=13\" \/><a href=\"https:\/\/www.radiopiu.net\/wordpress\/wp-content\/uploads\/2021\/11\/Collage-478.mp3\">https:\/\/www.radiopiu.net\/wordpress\/wp-content\/uploads\/2021\/11\/Collage-478.mp3<\/a><\/audio>\n<p>&nbsp;<\/p>\n<\/div>\n<\/div>\n<\/div>\n<\/div>\n<\/div>\n<\/div>\n<\/div>\n<\/div>\n<\/div>\n<\/div>\n<\/div>\n<\/div>\n<\/div>\n<\/div>\n<\/div>\n<\/div>\n<\/div>\n<\/div>\n<\/div>\n<\/div>\n<\/div>\n<\/div>\n<\/div>\n<\/div>\n<\/div>\n<\/div>\n<\/div>\n<\/div>\n<\/div>\n<\/div>\n<\/div>\n<\/div>\n<\/div>\n<\/div>\n<\/div>\n<\/div>\n<\/div>\n<\/div>\n<\/div>\n<\/div>\n<\/div>\n<\/div>\n<\/div>\n<\/div>\n<\/div>\n<\/div>\n<\/div>\n<\/div>\n<\/div>\n<\/div>\n<\/div>\n<\/div>\n<\/div>\n<\/div>\n<\/div>\n<\/div>\n<\/div>\n<\/div>\n<\/div>\n<\/div>\n<\/div>\n<\/div>\n<\/div>\n<\/div>\n<blockquote class=\"wp-embedded-content\" data-secret=\"uv1Ig8kqGZ\"><p><a href=\"https:\/\/www.radiopiu.net\/wordpress\/freemix-la-liberta-musicale-mixata-da-dj-athos-e-raccontata-da-dj-jack\/\">FREEMIX, LA LIBERTA&#8217; MUSICALE MIXATA DA DJ ATHOS E RACCONTATA DA DJ JACK<\/a><\/p><\/blockquote>\n<p><iframe loading=\"lazy\" class=\"wp-embedded-content\" sandbox=\"allow-scripts\" security=\"restricted\" style=\"position: absolute; clip: rect(1px, 1px, 1px, 1px);\" title=\"&#8220;FREEMIX, LA LIBERTA&#8217; MUSICALE MIXATA DA DJ ATHOS E RACCONTATA DA DJ JACK&#8221; &#8212; Radio Pi\u00f9\" src=\"https:\/\/www.radiopiu.net\/wordpress\/freemix-la-liberta-musicale-mixata-da-dj-athos-e-raccontata-da-dj-jack\/embed\/#?secret=uv1Ig8kqGZ\" data-secret=\"uv1Ig8kqGZ\" width=\"600\" height=\"338\" frameborder=\"0\" marginwidth=\"0\" marginheight=\"0\" scrolling=\"no\"><\/iframe><\/p>\n<p>&nbsp;<\/p>\n<p>&nbsp;<\/p>\n<blockquote class=\"wp-embedded-content\" data-secret=\"p9XdiSmvoN\"><p><a href=\"https:\/\/www.radiopiu.net\/wordpress\/da-ieri-alla-radio-in-palinsesto-loris-e-maurizio-con-la-grande-musica\/\">IL BLUES ALLA RADIO &#8230; COME NON L&#8217;AVETE MAI SENTITO PRIMA<\/a><\/p><\/blockquote>\n<p><iframe loading=\"lazy\" class=\"wp-embedded-content\" sandbox=\"allow-scripts\" security=\"restricted\" style=\"position: absolute; clip: rect(1px, 1px, 1px, 1px);\" title=\"&#8220;IL BLUES ALLA RADIO &#8230; COME NON L&#8217;AVETE MAI SENTITO PRIMA&#8221; &#8212; Radio Pi\u00f9\" src=\"https:\/\/www.radiopiu.net\/wordpress\/da-ieri-alla-radio-in-palinsesto-loris-e-maurizio-con-la-grande-musica\/embed\/#?secret=p9XdiSmvoN\" data-secret=\"p9XdiSmvoN\" width=\"600\" height=\"338\" frameborder=\"0\" marginwidth=\"0\" marginheight=\"0\" scrolling=\"no\"><\/iframe><\/p>\n<p>&nbsp;<\/p>\n<p>&nbsp;<\/p>\n<p>&nbsp;<\/p>\n<hr \/>\n<p>&nbsp;<\/p>\n<blockquote>\n<h3><span style=\"color: #0000ff;\">INFORMAZIONE il canale su TELEGRAM informazione di prima mano e in tempo reale. iscriviti ed aiutaci a farlo conoscere\u00a0\u00a0<\/span><\/h3>\n<\/blockquote>\n<div>\n<div class=\"page-title-head hgroup\">\n<div class=\"page-title-head hgroup\">\n<div class=\"page-title-head hgroup\">\n<div class=\"page-title-head hgroup\">\n<div class=\"b654a4as d2edcug0\">\n<div class=\"page-title-head hgroup\">\n<div class=\"page-title-head hgroup\">\n<div class=\"page-title-head hgroup\">\n<div class=\"page-title-head hgroup\">\n<div class=\"b654a4as d2edcug0\">\n<div class=\"page-title-head hgroup\">\n<div class=\"page-title-head hgroup\">\n<div class=\"page-title-head hgroup\">\n<div class=\"page-title-head hgroup\">\n<div class=\"page-title-head hgroup\">\n<div class=\"page-title-head hgroup\">\n<div class=\"page-title-head hgroup\">\n<div class=\"page-title-head hgroup\">\n<div class=\"page-title-head hgroup\">\n<div class=\"b654a4as d2edcug0\">\n<div class=\"page-title-head hgroup\">\n<div class=\"page-title-head hgroup\">\n<div class=\"page-title-head hgroup\">\n<div class=\"page-title-head hgroup\">\n<div class=\"b654a4as d2edcug0\">\n<div>\n<p>&nbsp;<\/p>\n<\/div>\n<div>\n<div class=\"page-title-head hgroup\">\n<div class=\"page-title-head hgroup\">\n<div class=\"page-title-head hgroup\">\n<div class=\"page-title-head hgroup\">\n<div class=\"page-title-head hgroup\">\n<div class=\"b654a4as d2edcug0\">\n<div>\n<hr \/>\n<\/div>\n<\/div>\n<div>\n<div>\n<p>&nbsp;<\/p>\n<\/div>\n<div>\n<div>\n<p>&nbsp;<\/p>\n<\/div>\n<div>\n<div>\n<p><strong>DUE MINUTI UN LIBRO, TUTTI I GIORNI ALLA RADIO ALLE 9.40 E ALLE 17.50<\/strong><\/p>\n<div>\n<div>\n<p><strong>LA RACCOLTA COMPLETA\u00a0\u00a0<\/strong><\/p>\n<\/div>\n<div>\n<blockquote class=\"wp-embedded-content\" data-secret=\"M4eqqIThEC\"><p><a href=\"https:\/\/www.radiopiu.net\/wordpress\/due-minuti-un-libro\/\">Due minuti un libro<\/a><\/p><\/blockquote>\n<p><iframe loading=\"lazy\" class=\"wp-embedded-content\" sandbox=\"allow-scripts\" security=\"restricted\" style=\"position: absolute; clip: rect(1px, 1px, 1px, 1px);\" title=\"&#8220;Due minuti un libro&#8221; &#8212; Radio Pi\u00f9\" src=\"https:\/\/www.radiopiu.net\/wordpress\/due-minuti-un-libro\/embed\/#?secret=M4eqqIThEC\" data-secret=\"M4eqqIThEC\" width=\"600\" height=\"338\" frameborder=\"0\" marginwidth=\"0\" marginheight=\"0\" scrolling=\"no\"><\/iframe><\/p>\n<p>&nbsp;<\/p>\n<\/div>\n<\/div>\n<\/div>\n<div class=\"mkdf-post-text\">\n<div class=\"mkdf-post-text-inner\">\n<div class=\"mkdf-post-text-main\">\n<div class=\"mkdf-post-text\">\n<div class=\"mkdf-post-text-inner\">\n<div class=\"mkdf-post-text-main\">\n<div class=\"mkdf-post-text\">\n<div class=\"mkdf-post-text-inner\">\n<div class=\"mkdf-post-text-main\">\n<div class=\"page-title-head hgroup\">\n<div class=\"page-title-head hgroup\">\n<div class=\"mkdf-post-text\">\n<div class=\"mkdf-post-text-inner\">\n<div class=\"mkdf-post-text-main\">\n<div class=\"mkdf-post-text\">\n<div class=\"mkdf-post-text-inner\">\n<div class=\"mkdf-post-text-main\">\n<div class=\"page-title-head hgroup\">\n<div class=\"page-title-head hgroup\">\n<div class=\"page-title-head hgroup\">\n<div class=\"page-title-head hgroup\">\n<div class=\"b654a4as d2edcug0\">\n<div class=\"page-title-head hgroup\">\n<div class=\"page-title-head hgroup\">\n<div class=\"page-title-head hgroup\">\n<div class=\"page-title-head hgroup\">\n<div class=\"b654a4as d2edcug0\">\n<div class=\"page-title-head hgroup\">\n<div class=\"page-title-head hgroup\">\n<div class=\"page-title-head hgroup\">\n<div class=\"page-title-head hgroup\">\n<div class=\"b654a4as d2edcug0\">\n<div>\n<p>&nbsp;<\/p>\n<\/div>\n<div>\n<hr \/>\n<p>&nbsp;<\/p>\n<\/div>\n<h2><span style=\"color: #808000;\">L&#8217;ALMANACCO LADINO\u00a0\u00a0<\/span><\/h2>\n<p><strong>LA RACCOLTA<\/strong><\/p>\n<blockquote class=\"wp-embedded-content\" data-secret=\"ixmqHh09gK\"><p><a href=\"https:\/\/www.radiopiu.net\/wordpress\/almanacco-ladino\/\">Almanacco Ladino<\/a><\/p><\/blockquote>\n<p><iframe loading=\"lazy\" class=\"wp-embedded-content\" sandbox=\"allow-scripts\" security=\"restricted\" style=\"position: absolute; clip: rect(1px, 1px, 1px, 1px);\" title=\"&#8220;Almanacco Ladino&#8221; &#8212; Radio Pi\u00f9\" src=\"https:\/\/www.radiopiu.net\/wordpress\/almanacco-ladino\/embed\/#?secret=ixmqHh09gK\" data-secret=\"ixmqHh09gK\" width=\"600\" height=\"338\" frameborder=\"0\" marginwidth=\"0\" marginheight=\"0\" scrolling=\"no\"><\/iframe><\/p>\n<hr \/>\n<p>&nbsp;<\/p>\n<h2><span style=\"color: #33cccc;\">LA RASSEGNA STAMPA DA L&#8217;AMICO DEL POPOLO<\/span><\/h2>\n<p><strong>LA RACCOLTA COMPLETA<\/strong><\/p>\n<blockquote class=\"wp-embedded-content\" data-secret=\"ayBumlurYA\"><p><a href=\"https:\/\/www.radiopiu.net\/wordpress\/rassegna-stampa-di-gianni-santomaso\/\">Rassegna stampa da l&#8217;amico del popolo &#8211; di Gianni Santomaso<\/a><\/p><\/blockquote>\n<p><iframe loading=\"lazy\" class=\"wp-embedded-content\" sandbox=\"allow-scripts\" security=\"restricted\" style=\"position: absolute; clip: rect(1px, 1px, 1px, 1px);\" title=\"&#8220;Rassegna stampa da l&#8217;amico del popolo &#8211; di Gianni Santomaso&#8221; &#8212; Radio Pi\u00f9\" src=\"https:\/\/www.radiopiu.net\/wordpress\/rassegna-stampa-di-gianni-santomaso\/embed\/#?secret=ayBumlurYA\" data-secret=\"ayBumlurYA\" width=\"600\" height=\"338\" frameborder=\"0\" marginwidth=\"0\" marginheight=\"0\" scrolling=\"no\"><\/iframe><\/p>\n<p>&nbsp;<\/p>\n<p>&nbsp;<\/p>\n<hr \/>\n<p>&nbsp;<\/p>\n<h2><span style=\"color: #800080;\">I RACCONTI DI PAOLO SOPPELSA<\/span><\/h2>\n<p><strong>LA RACCOLTA COMPLETA<\/strong><\/p>\n<blockquote class=\"wp-embedded-content\" data-secret=\"WiqD9WHCaF\"><p><a href=\"https:\/\/www.radiopiu.net\/wordpress\/i-racconti-di-paolo-soppelsa\/\">I racconti di Paolo Soppelsa<\/a><\/p><\/blockquote>\n<p><iframe loading=\"lazy\" class=\"wp-embedded-content\" sandbox=\"allow-scripts\" security=\"restricted\" style=\"position: absolute; clip: rect(1px, 1px, 1px, 1px);\" title=\"&#8220;I racconti di Paolo Soppelsa&#8221; &#8212; Radio Pi\u00f9\" src=\"https:\/\/www.radiopiu.net\/wordpress\/i-racconti-di-paolo-soppelsa\/embed\/#?secret=WiqD9WHCaF\" data-secret=\"WiqD9WHCaF\" width=\"600\" height=\"338\" frameborder=\"0\" marginwidth=\"0\" marginheight=\"0\" scrolling=\"no\"><\/iframe><\/p>\n<p>&nbsp;<\/p>\n<hr \/>\n<\/div>\n<div class=\"b654a4as d2edcug0\">\n<p>&nbsp;<\/p>\n<p><a href=\"https:\/\/www.radiopiu.net\/wordpress\/giornale-radiopiu-26-settembre-2018-direttore-mirko-mezzacasa\/viabilita-2\/\" rel=\"attachment wp-att-61954\"><img loading=\"lazy\" decoding=\"async\" class=\"aligncenter wp-image-61954 size-full\" src=\"https:\/\/www.radiopiu.net\/wordpress\/wp-content\/uploads\/2018\/09\/viabilita.jpeg\" sizes=\"auto, (max-width: 800px) 100vw, 800px\" srcset=\"https:\/\/www.radiopiu.net\/wordpress\/wp-content\/uploads\/2018\/09\/viabilita.jpeg 800w, https:\/\/www.radiopiu.net\/wordpress\/wp-content\/uploads\/2018\/09\/viabilita-300x38.jpeg 300w, https:\/\/www.radiopiu.net\/wordpress\/wp-content\/uploads\/2018\/09\/viabilita-768x96.jpeg 768w\" alt=\"\" width=\"800\" height=\"100\" \/><\/a><\/p>\n<div class=\"ecm0bbzt e5nlhep0 a8c37x1j\">\n<div class=\"kvgmc6g5 cxmmr5t8 oygrvhab hcukyx3x c1et5uql\">\n<div class=\"gmail-kvgmc6g5 gmail-cxmmr5t8 gmail-oygrvhab gmail-hcukyx3x gmail-c1et5uql gmail-ii04i59q\">\n<div class=\"page-title-head hgroup\">\n<div class=\"page-title-head hgroup\">\n<div class=\"b654a4as d2edcug0\">\n<div class=\"j83agx80 btwxx1t3 lhclo0ds hop8lmos nkwizq5d scwd0bx6 roh60bw9\">\n<div class=\"rq0escxv hkbzh7o3 jwdofwj8 n8tt0mok r8blr3vg hyh9befq\">\n<div class=\"do00u71z l9j0dhe7 k4urcfbm\">\n<div class=\"page-title-head hgroup\">\n<div class=\"page-title-head hgroup\">\n<div class=\"page-title-head hgroup\">\n<div class=\"page-title-head hgroup\">\n<div class=\"b654a4as d2edcug0\">\n<div class=\"page-title-head hgroup\">\n<div class=\"page-title-head hgroup\">\n<div class=\"page-title-head hgroup\">\n<div class=\"page-title-head hgroup\">\n<div class=\"b654a4as d2edcug0\">\n<div class=\"page-title-head hgroup\">\n<div class=\"page-title-head hgroup\">\n<div class=\"page-title-head hgroup\">\n<div class=\"page-title-head hgroup\">\n<div class=\"page-title-head hgroup\">\n<div class=\"page-title-head hgroup\">\n<div class=\"page-title-head hgroup\">\n<div class=\"page-title-head hgroup\">\n<div class=\"page-title-head hgroup\">\n<div class=\"b654a4as d2edcug0\">\n<div class=\"page-title-head hgroup\">\n<div class=\"page-title-head hgroup\">\n<div class=\"page-title-head hgroup\">\n<div class=\"page-title-head hgroup\">\n<div class=\"b654a4as d2edcug0\">\n<div class=\"page-title-head hgroup\">\n<div class=\"page-title-head hgroup\">\n<div class=\"page-title-head hgroup\">\n<div class=\"page-title-head hgroup\">\n<div class=\"page-title-head hgroup\">\n<div class=\"mkdf-post-text\">\n<div class=\"mkdf-post-text-inner\">\n<div class=\"mkdf-post-text-main\">\n<div class=\"mkdf-post-text\">\n<div class=\"mkdf-post-text-inner\">\n<div class=\"mkdf-post-text-main\">\n<div class=\"mkdf-post-text\">\n<div class=\"mkdf-post-text-inner\">\n<div class=\"mkdf-post-text-main\">\n<div class=\"page-title-head hgroup\">\n<div class=\"page-title-head hgroup\">\n<div class=\"mkdf-post-text\">\n<div class=\"mkdf-post-text-inner\">\n<div class=\"mkdf-post-text-main\">\n<div class=\"mkdf-post-text\">\n<div class=\"mkdf-post-text-inner\">\n<div class=\"mkdf-post-text-main\">\n<div class=\"page-title-head hgroup\">\n<div class=\"page-title-head hgroup\">\n<div class=\"page-title-head hgroup\">\n<div class=\"page-title-head hgroup\">\n<div class=\"b654a4as d2edcug0\">\n<div class=\"page-title-head hgroup\">\n<div class=\"page-title-head hgroup\">\n<div class=\"page-title-head hgroup\">\n<div class=\"page-title-head hgroup\">\n<div class=\"b654a4as d2edcug0\">\n<div class=\"page-title-head hgroup\">\n<div class=\"page-title-head hgroup\">\n<div class=\"page-title-head hgroup\">\n<div class=\"page-title-head hgroup\">\n<div class=\"b654a4as d2edcug0\">\n<p>&nbsp;<\/p>\n<p>&nbsp;<\/p>\n<p><strong>PROVINCIALE 346 DEL SAN PELLGRINO, GALLERIA DELLE ANIME:<\/strong>\u00a0dalle 21 del 18 novembre alle 6 del 19 novembre senso unico alternato regolato da moviere all\u2019interno della galleria, imbocco lato Cencenighe.<\/p>\n<p><strong>PONTE BAILEY A BELLUNO<\/strong>:\u00a0 Al via ai lavori di sistemazione dell\u2019infrastruttura che collega le due sponde del Piave a Lambioi,\u00a0 fino al 21 novembre senso unico alternato con semaforo esclusi giorni festivi e prefestivi. Dal 22 novembre al 4 dicembre chiusura totale<\/p>\n<p><strong>SP 1 SINISTRA PIAVE\u00a0<\/strong>dalle 21 del 22 novembre e fino alle 6 del\u00a0 giorno successivo senso unico alternato all\u2019interno della galleria che da Belluno porta a Limana per lavori di manutenzione dell\u2019antenna WindTre<\/p>\n<p><strong>SR 48 DELLE DOLOMITI\u00a0<\/strong>Fino al 19 novembre, sabati e domeniche comprese, senso unico alternato regolato da impianto semaforico ad Arabba per messa in sicurezza del piano viabile<\/p>\n<p><strong>SPI 251 VAL DI ZOLDO E CELLINA<\/strong> fino al 22 dicembre interruzioni alla viabilit\u00e0 della durata massima di 10 minuti e senso unico alternato nei periodi non interessati dalle interruzioni nel comune di Val di Zoldo<\/p>\n<p><strong>SP 40 VAL SENAIGA<\/strong> interdizione totale al transito in comune di lamon fino al 26 novembre, inclusi sabato e domenica, con deviazione del traffico su viabilit\u00e0 comunale<\/p>\n<p><strong>SR 203 AGORDINA<\/strong> Fino al 17 dicembre, esclusi sabato domenica e festivi infrasettimanali, restringimento della careggiata con divieto di sorpasso e limitazione ai 50 km\/h in comune di La Valle per lavori sul margine della carreggiata<\/p>\n<p><strong>SP 422 DELL&#8217;ALPAGO E DEL<\/strong> <strong>CANSIGLIO<\/strong> Fino al 17 dicembre senso unico alternato con semaforo in localit\u00e0 Cornei di Alpago per posa cavidotti<\/p>\n<p>&nbsp;<\/p>\n<\/div>\n<div class=\"b654a4as d2edcug0\">\n<p>&nbsp;<\/p>\n<hr \/>\n<p>&nbsp;<\/p>\n<div class=\"ecm0bbzt e5nlhep0 a8c37x1j\">\n<div class=\"kvgmc6g5 cxmmr5t8 oygrvhab hcukyx3x c1et5uql\">\n<div class=\"gmail-kvgmc6g5 gmail-cxmmr5t8 gmail-oygrvhab gmail-hcukyx3x gmail-c1et5uql gmail-ii04i59q\">\n<div>\n<div class=\"page-title-head hgroup\">\n<div class=\"page-title-head hgroup\">\n<div class=\"b654a4as d2edcug0\">\n<div class=\"j83agx80 btwxx1t3 lhclo0ds hop8lmos nkwizq5d scwd0bx6 roh60bw9\">\n<div class=\"rq0escxv hkbzh7o3 jwdofwj8 n8tt0mok r8blr3vg hyh9befq\">\n<div class=\"do00u71z l9j0dhe7 k4urcfbm\">\n<div>\n<div class=\"page-title-head hgroup\">\n<div class=\"page-title-head hgroup\">\n<div class=\"page-title-head hgroup\">\n<div class=\"page-title-head hgroup\">\n<div class=\"b654a4as d2edcug0\">\n<div class=\"page-title-head hgroup\">\n<div class=\"page-title-head hgroup\">\n<div class=\"page-title-head hgroup\">\n<div class=\"page-title-head hgroup\">\n<div class=\"b654a4as d2edcug0\">\n<div class=\"page-title-head hgroup\">\n<div class=\"page-title-head hgroup\">\n<div class=\"page-title-head hgroup\">\n<div class=\"page-title-head hgroup\">\n<div class=\"page-title-head hgroup\">\n<div class=\"mkdf-post-text\">\n<div class=\"mkdf-post-text-inner\">\n<div class=\"mkdf-post-text-main\">\n<div class=\"mkdf-post-text\">\n<div class=\"mkdf-post-text-inner\">\n<div class=\"mkdf-post-text-main\">\n<div class=\"mkdf-post-text\">\n<div class=\"mkdf-post-text-inner\">\n<div class=\"mkdf-post-text-main\">\n<div class=\"page-title-head hgroup\">\n<div class=\"page-title-head hgroup\">\n<div class=\"mkdf-post-text\">\n<div class=\"mkdf-post-text-inner\">\n<div class=\"mkdf-post-text-main\">\n<div class=\"mkdf-post-text\">\n<div class=\"mkdf-post-text-inner\">\n<div class=\"mkdf-post-text-main\">\n<div>\n<div class=\"page-title-head hgroup\">\n<div class=\"page-title-head hgroup\">\n<div>\n<div class=\"page-title-head hgroup\">\n<div class=\"page-title-head hgroup\">\n<div class=\"b654a4as d2edcug0\">\n<div>\n<div class=\"page-title-head hgroup\" style=\"text-align: left;\">\n<div class=\"page-title-head hgroup\">\n<div dir=\"auto\">\n<p><a class=\"dt-pswp-item pspw-wrap-ready\" href=\"https:\/\/i0.wp.com\/www.radiopiu.net\/wordpress\/wp-content\/uploads\/2018\/09\/WhatsApp-Image-2018-09-20-at-16.04.06.jpeg?ssl=1\" data-dt-img-description=\"\" data-large_image_width=\"800\" data-large_image_height=\"100\"><img loading=\"lazy\" decoding=\"async\" class=\"aligncenter wp-image-61378 size-full jetpack-lazy-image jetpack-lazy-image--handled\" src=\"https:\/\/i0.wp.com\/www.radiopiu.net\/wordpress\/wp-content\/uploads\/2018\/09\/WhatsApp-Image-2018-09-20-at-16.04.06.jpeg?resize=800%2C100&amp;ssl=1\" sizes=\"auto, (max-width: 800px) 100vw, 800px\" srcset=\"https:\/\/i0.wp.com\/www.radiopiu.net\/wordpress\/wp-content\/uploads\/2018\/09\/WhatsApp-Image-2018-09-20-at-16.04.06.jpeg?w=800&amp;ssl=1 800w, https:\/\/i0.wp.com\/www.radiopiu.net\/wordpress\/wp-content\/uploads\/2018\/09\/WhatsApp-Image-2018-09-20-at-16.04.06.jpeg?resize=300%2C38&amp;ssl=1 300w, https:\/\/i0.wp.com\/www.radiopiu.net\/wordpress\/wp-content\/uploads\/2018\/09\/WhatsApp-Image-2018-09-20-at-16.04.06.jpeg?resize=768%2C96&amp;ssl=1 768w\" alt=\"\" width=\"800\" height=\"100\" data-lazy-loaded=\"1\" \/><\/a><\/p>\n<\/div>\n<\/div>\n<\/div>\n<\/div>\n<\/div>\n<\/div>\n<\/div>\n<\/div>\n<\/div>\n<\/div>\n<\/div>\n<\/div>\n<\/div>\n<\/div>\n<\/div>\n<\/div>\n<\/div>\n<\/div>\n<\/div>\n<\/div>\n<\/div>\n<\/div>\n<\/div>\n<\/div>\n<\/div>\n<\/div>\n<\/div>\n<\/div>\n<\/div>\n<\/div>\n<\/div>\n<\/div>\n<\/div>\n<\/div>\n<\/div>\n<\/div>\n<\/div>\n<\/div>\n<\/div>\n<\/div>\n<\/div>\n<\/div>\n<\/div>\n<\/div>\n<p>&nbsp;<\/p>\n<\/div>\n<\/div>\n<\/div>\n<\/div>\n<\/div>\n<\/div>\n<\/div>\n<\/div>\n<\/div>\n<\/div>\n<\/div>\n<\/div>\n<\/div>\n<\/div>\n<\/div>\n<\/div>\n<\/div>\n<\/div>\n<\/div>\n<\/div>\n<\/div>\n<\/div>\n<\/div>\n<\/div>\n<\/div>\n<\/div>\n<\/div>\n<\/div>\n<\/div>\n<\/div>\n<\/div>\n<\/div>\n<\/div>\n<\/div>\n<\/div>\n<\/div>\n<\/div>\n<\/div>\n<\/div>\n<\/div>\n<\/div>\n<\/div>\n<\/div>\n<\/div>\n<\/div>\n<\/div>\n<\/div>\n<\/div>\n<\/div>\n<\/div>\n<\/div>\n<\/div>\n<\/div>\n<\/div>\n<\/div>\n<\/div>\n<\/div>\n<\/div>\n<\/div>\n<\/div>\n<\/div>\n<\/div>\n<\/div>\n<\/div>\n<\/div>\n<\/div>\n<\/div>\n<\/div>\n<\/div>\n<\/div>\n<\/div>\n<\/div>\n<\/div>\n<\/div>\n<\/div>\n<\/div>\n<\/div>\n<\/div>\n<\/div>\n<\/div>\n<\/div>\n<div><center><b>Giovedi 18<\/b><\/center><b>Tempo atteso: <\/b>Maggiori spazi soleggiati, specie al mattino sulle Dolomiti e in quota sulle Prealpi, mentre l&#8217;insidia stratocumuli o banchi di nebbia mattutine sar\u00e0 temporaneamente presente in alcune depressioni prealpine. Al pomeriggio sottili nubi alte tenderanno a velare il cielo, anche diffusamente, senza nessun altro effetto che mascherare parzialmente il sole. Accentuazione dell&#8217;escursione termica giornaliera nelle valli, specie in quelle pi\u00f9 assolate.<br \/>\n<b>Precipitazioni: <\/b>Assenti (0%)<br \/>\n<b>Temperature: <\/b>Minime in generale lieve diminuzione e stazionariet\u00e0 delle massime o leggero rialzo delle stesse nelle valli pi\u00f9 assolate. Nelle valli in ombra probabile lieve calo delle massime. Su Prealpi a 1500 m min 3\u00b0C max 6\u00b0C, a 2000 m min 1\u00b0C max 3\u00b0C. Su Dolomiti a 2000 m min 0\u00b0C max 3\u00b0C, a 3000 m min -5\u00b0C max -2\u00b0C.<br \/>\n<b>Venti: <\/b>Nelle valli perlopi\u00f9 deboli a regime di brezza, localmente moderati in alcuni settori prealpini per brezze di monte; in quota deboli\/moderati dai quadranti settentrionali, a 5-10 km\/h a 2000 m e 15-25 km\/h a 3000 m.<\/div>\n<\/div>\n<\/div>\n<\/div>\n<\/div>\n<\/div>\n<\/div>\n<\/div>\n<\/div>\n<\/div>\n<\/div>\n<\/div>\n<\/div>\n<\/div>\n<\/div>\n<\/div>\n<\/div>\n<\/div>\n<\/div>\n<\/div>\n<\/div>\n<\/div>\n<\/div>\n<\/div>\n<\/div>\n<\/div>\n<\/div>\n<\/div>\n<\/div>\n<\/div>\n<\/div>\n<\/div>\n<\/div>\n<\/div>\n<\/div>\n<\/div>\n<\/div>\n<\/div>\n<\/div>\n<\/div>\n<\/div>\n<\/div>\n<\/div>\n<\/div>\n<\/div>\n<\/div>\n<\/div>\n<\/div>\n<\/div>\n<\/div>\n<\/div>\n<\/div>\n<\/div>\n<\/div>\n<\/div>\n<\/div>\n<\/div>\n<\/div>\n<\/div>\n<\/div>\n<\/div>\n<\/div>\n<\/div>\n<\/div>\n<\/div>\n<\/div>\n<\/div>\n<\/div>\n<\/div>\n<\/div>\n<\/div>\n<\/div>\n<\/div>\n<\/div>\n<\/div>\n<\/div>\n<\/div>\n<\/div>\n<\/div>\n<\/div>\n<\/div>\n<\/div>\n<\/div>\n<\/div>\n<hr \/>\n<p><center><b>Venerdi 19<\/b><\/center><b>Tempo atteso: <\/b>Iniziale parziale velatura del cielo per sottili nubi alte, poi ritorno del sole a partire dalle Dolomiti per allontanamento delle velature verso sud. Pertanto il cielo risulter\u00e0 sereno o poco nuvoloso per transito pomeridiano di qualche banco di cirri. Non esclusa l&#8217;eventualit\u00e0 di nebbia durante le ore pi\u00f9 fredde in alcune depressioni prealpine. Probabile inversione termica mattutina nelle valli, mentre la mitezza diurna si generalizzer\u00e0 nei settori pi\u00f9 assolati, anche in quota.<br \/>\n<b>Precipitazioni: <\/b>Assenti (0%).<br \/>\n<b>Temperature: <\/b>In generale rialzo, eccetto calo delle minime nelle valli per irraggiamento notturno. Previste punte massime di 13\/14\u00b0C nei fondovalle prealpini e di 11\/12\u00b0C a 1000\/1200 m, assai meno nelle valli in ombra. Su Prealpi a 1500 m min 5\u00b0C max 9\u00b0C, a 2000 m min 3\u00b0C max 6\u00b0C. Su Dolomiti a 2000 m min 2\u00b0C max 7\u00b0C, a 3000 m min -1\u00b0C max 1\u00b0C.<br \/>\n<b>Venti: <\/b>Nelle valli perlopi\u00f9 deboli per brezze, solo localmente e a tratti moderati in alcune valli prealpine per brezze di monte tra la notte e il primo mattino; in quota deboli\/moderati da nord, a 5-10 km\/h a 2000 m e 15-25 km\/h a 3000 m.<\/p>\n<hr \/>\n<p><center><b>Sabato 20<\/b><\/center>Bel tempo tardo-autunnale, soleggiato con cielo sereno, aria limpida e ottima visibilit\u00e0, eccetto probabili banchi di nebbia durante le ore pi\u00f9 fredde in alcune depressioni prealpine. Temperature in ulteriore generale rialzo, eccetto calo delle minime nei fondovalle, con accentuazione dell&#8217;inversione termica notturna. In quota venti perlopi\u00f9 deboli da nord-est al mattino e da sud-ovest al pomeriggio, rafforzandosi alla sera; nelle valli deboli per brezze, solo localmente e a tratti moderati in alcune valli prealpine per brezze di monte tra la notte e il primo mattino.<\/p>\n<hr \/>\n<p><center><b>Domenica 21<\/b><\/center>Al mattino ben soleggiato con cielo sereno, aria limpida e ottima visibilit\u00e0, eccetto eventuali banchi di nebbia durante le ore pi\u00f9 fredde in alcuni fondovalle prealpini. Nel corso del pomeriggio arrivo di sottili nubi alte da ovest, in estensione a tutta la montagna veneta verso sera. Temperature in generale lieve flessione a tutte le quote. Venti deboli\/moderati da sud-ovest in quota; deboli per brezze nelle valli, solo localmente e a tratti moderati in alcune valli prealpine per brezze di monte tra la notte e il primo mattino. Previsore: R.L.Th.<\/p>\n<hr \/>\n<div><\/div>\n<p>&nbsp;<\/p>\n<hr \/>\n<p>&nbsp;<\/p>\n<div class=\"mkdf-post-text\">\n<div class=\"mkdf-post-text-inner\">\n<p><a href=\"https:\/\/www.radiopiu.net\/wordpress\/giornale-radiopiu-15-settembre-2018-direttore-mirko-mezzacasa\/sport-7\/\" rel=\"attachment wp-att-60761\"><img loading=\"lazy\" decoding=\"async\" class=\"wp-image-60761 size-full aligncenter\" src=\"https:\/\/www.radiopiu.net\/wordpress\/wp-content\/uploads\/2018\/09\/sport.jpg\" alt=\"\" width=\"800\" height=\"100\" srcset=\"https:\/\/www.radiopiu.net\/wordpress\/wp-content\/uploads\/2018\/09\/sport.jpg 800w, https:\/\/www.radiopiu.net\/wordpress\/wp-content\/uploads\/2018\/09\/sport-300x38.jpg 300w, https:\/\/www.radiopiu.net\/wordpress\/wp-content\/uploads\/2018\/09\/sport-768x96.jpg 768w\" sizes=\"auto, (max-width: 800px) 100vw, 800px\" \/><\/a><\/p>\n<\/div>\n<\/div>\n<p>&nbsp;<\/p>\n<blockquote>\n<h3>CONTINUA IL PERIODO NERO DEL LA VALLE VETERANI NEL CAMPIONATO CSI<\/h3>\n<\/blockquote>\n<p><strong><a href=\"https:\/\/www.radiopiu.net\/wordpress\/giornale-radiopiu-22-settembre-2021-direttore-mirko-mezzacasa\/pallone-calcio-csi\/\" rel=\"attachment wp-att-233126\"><img loading=\"lazy\" decoding=\"async\" class=\" wp-image-233126 alignleft\" src=\"https:\/\/www.radiopiu.net\/wordpress\/wp-content\/uploads\/2021\/09\/PALLONE-CALCIO-CSI-300x200.jpg\" alt=\"\" width=\"200\" height=\"133\" srcset=\"https:\/\/www.radiopiu.net\/wordpress\/wp-content\/uploads\/2021\/09\/PALLONE-CALCIO-CSI-300x200.jpg 300w, https:\/\/www.radiopiu.net\/wordpress\/wp-content\/uploads\/2021\/09\/PALLONE-CALCIO-CSI-768x512.jpg 768w, https:\/\/www.radiopiu.net\/wordpress\/wp-content\/uploads\/2021\/09\/PALLONE-CALCIO-CSI.jpg 956w\" sizes=\"auto, (max-width: 200px) 100vw, 200px\" \/><\/a>LA VALLE<\/strong> Un punto in quattro partite giocate. \u00c8 questo il ruolino di marcia del La Valle Veterani nel Campionato Over CSI. I veterani agordini non riescono ad incamerare punti e la formazione allenata da Dario Mezzacasa deve fare i conti ogni settimana con gli infortuni e le assenze giustificate. Un periodo nero e anche nell&#8217;ultima partita contro il Tomo, oltre a subire 2 gol, i lavallesi hanno dovuto fare i conti con gli acciacchi, ultimo della serie quello di bomber De Luca.<\/p>\n<p><strong>DARIO MEZZACASA, ALLENATORE DEL LA VALLE VETERANI<\/strong><\/p>\n<audio class=\"wp-audio-shortcode\" id=\"audio-243297-14\" preload=\"none\" style=\"width: 100%;\" controls=\"controls\"><source type=\"audio\/mpeg\" src=\"https:\/\/www.radiopiu.net\/wordpress\/wp-content\/uploads\/2021\/11\/DARIO-LA-VALLE.mp3?_=14\" \/><a href=\"https:\/\/www.radiopiu.net\/wordpress\/wp-content\/uploads\/2021\/11\/DARIO-LA-VALLE.mp3\">https:\/\/www.radiopiu.net\/wordpress\/wp-content\/uploads\/2021\/11\/DARIO-LA-VALLE.mp3<\/a><\/audio>\n<p>&nbsp;<\/p>\n<hr \/>\n<p>&nbsp;<\/p>\n<h2><span style=\"color: #ff6600;\"><strong>IERI ALLA RADIO<\/strong><\/span><\/h2>\n<h2><strong><a href=\"https:\/\/www.radiopiu.net\/wordpress\/il-punto-sullatletica-agordina-con-il-presidente-fernando-soccol\/fernando-soccol\/\" rel=\"attachment wp-att-243446\"><img loading=\"lazy\" decoding=\"async\" class=\"size-medium wp-image-243446 alignleft\" src=\"https:\/\/www.radiopiu.net\/wordpress\/wp-content\/uploads\/2021\/11\/FERNANDO-SOCCOL-300x219.png\" alt=\"\" width=\"300\" height=\"219\" srcset=\"https:\/\/www.radiopiu.net\/wordpress\/wp-content\/uploads\/2021\/11\/FERNANDO-SOCCOL-300x219.png 300w, https:\/\/www.radiopiu.net\/wordpress\/wp-content\/uploads\/2021\/11\/FERNANDO-SOCCOL.png 608w\" sizes=\"auto, (max-width: 300px) 100vw, 300px\" \/><\/a><span style=\"color: #800080;\">IL PUNTO SULL&#8217;ATLETICA AGORDINA CON IL PRESIDENTE FERNANDO SOCCOL<\/span><\/strong><\/h2>\n<p><strong>di Claudio Fontanive<\/strong><\/p>\n<p>Ospite: Fernando Soccol<\/p>\n<audio class=\"wp-audio-shortcode\" id=\"audio-243297-15\" preload=\"none\" style=\"width: 100%;\" controls=\"controls\"><source type=\"audio\/mpeg\" src=\"https:\/\/www.radiopiu.net\/wordpress\/wp-content\/uploads\/2021\/11\/fernando-soccol-17-novembre.mp3?_=15\" \/><a href=\"https:\/\/www.radiopiu.net\/wordpress\/wp-content\/uploads\/2021\/11\/fernando-soccol-17-novembre.mp3\">https:\/\/www.radiopiu.net\/wordpress\/wp-content\/uploads\/2021\/11\/fernando-soccol-17-novembre.mp3<\/a><\/audio>\n<p>&nbsp;<\/p>\n","protected":false},"excerpt":{"rendered":"<p>SPECIALI ALLA RADIO: OGGI ALLE 10.30 E 1900 OSPITE DI RADIO PIU&#8217; IL CONSIGLIERE PROVINCIALE FRANCO DE BON:\u00a0 UNGULATI SULLE STRADE, SOTTOPASSI, IL RITORNO DEL LUPO E MOLTO ALTRO&#8230; &nbsp; &nbsp; INFORMAZIONE il canale su TELEGRAM informazione di prima mano e in tempo reale. iscriviti ed aiutaci a farlo conoscere\u00a0 &nbsp; &nbsp; La Croce Verde&hellip;<\/p>\n","protected":false},"author":4,"featured_media":243552,"comment_status":"closed","ping_status":"open","sticky":false,"template":"","format":"standard","meta":{"_monsterinsights_skip_tracking":false,"_monsterinsights_sitenote_active":false,"_monsterinsights_sitenote_note":"","_monsterinsights_sitenote_category":0,"footnotes":""},"categories":[104,86,49],"tags":[],"class_list":["post-243297","post","type-post","status-publish","format-standard","has-post-thumbnail","hentry","category-evidenza_3","category-gr","category-news-18","category-104","category-86","category-49","description-off"],"img_url":"https:\/\/www.radiopiu.net\/wordpress\/wp-content\/uploads\/2021\/11\/87c94136-f850-46ad-96d0-dd4ce514fd74.jpg","_links":{"self":[{"href":"https:\/\/www.radiopiu.net\/wordpress\/wp-json\/wp\/v2\/posts\/243297","targetHints":{"allow":["GET"]}}],"collection":[{"href":"https:\/\/www.radiopiu.net\/wordpress\/wp-json\/wp\/v2\/posts"}],"about":[{"href":"https:\/\/www.radiopiu.net\/wordpress\/wp-json\/wp\/v2\/types\/post"}],"author":[{"embeddable":true,"href":"https:\/\/www.radiopiu.net\/wordpress\/wp-json\/wp\/v2\/users\/4"}],"replies":[{"embeddable":true,"href":"https:\/\/www.radiopiu.net\/wordpress\/wp-json\/wp\/v2\/comments?post=243297"}],"version-history":[{"count":0,"href":"https:\/\/www.radiopiu.net\/wordpress\/wp-json\/wp\/v2\/posts\/243297\/revisions"}],"wp:featuredmedia":[{"embeddable":true,"href":"https:\/\/www.radiopiu.net\/wordpress\/wp-json\/wp\/v2\/media\/243552"}],"wp:attachment":[{"href":"https:\/\/www.radiopiu.net\/wordpress\/wp-json\/wp\/v2\/media?parent=243297"}],"wp:term":[{"taxonomy":"category","embeddable":true,"href":"https:\/\/www.radiopiu.net\/wordpress\/wp-json\/wp\/v2\/categories?post=243297"},{"taxonomy":"post_tag","embeddable":true,"href":"https:\/\/www.radiopiu.net\/wordpress\/wp-json\/wp\/v2\/tags?post=243297"}],"curies":[{"name":"wp","href":"https:\/\/api.w.org\/{rel}","templated":true}]}}