{"id":243306,"date":"2021-11-17T05:34:04","date_gmt":"2021-11-17T04:34:04","guid":{"rendered":"https:\/\/www.radiopiu.net\/wordpress\/?p=243306"},"modified":"2021-11-17T05:34:04","modified_gmt":"2021-11-17T04:34:04","slug":"ventenne-rinviato-a-giudizio-per-il-pugno-sullautobus","status":"publish","type":"post","link":"https:\/\/www.radiopiu.net\/wordpress\/ventenne-rinviato-a-giudizio-per-il-pugno-sullautobus\/","title":{"rendered":"VENTENNE RINVIATO A GIUDIZIO PER IL PUGNO SULL&#8217;AUTOBUS\u00a0\u00a0"},"content":{"rendered":"<blockquote>\n<h3><em style=\"font-size: 14px; font-weight: normal;\">Sulla corriera Agordo-Belluno con un biglietto non valido,\u00a0 al controllore che voleva prenderglielo, ha rifilato un pugno sul viso\u00a0<\/em><\/h3>\n<\/blockquote>\n<p><strong>AGORDO<\/strong> Ha messo le mani addosso all&#8217;autista dall&#8217;autobus costretto a fermare il pullman e quindi interrompendo il servizio di pubblica utilit\u00e0. Il giovane agordino andr\u00e0 ora alla sbarra, rinviato a giudizio dal giudice Scolozzi,\u00a0 non se la caver\u00e0 con i lavori pubblici perch\u00e9 non \u00e8 in grado di portarli a termine.\u00a0 Lo scorso ottobre il ventenne \u00e8 stato arrestato dai carabinieri di Bressanone. La prima volta era stato denunciato per ricettazione di autoveicolo, false dichiarazioni sull&#8217;identit\u00e0 personale, detenzione di droga ai fini di spaccio, rifiuto a sottoporsi al controllo sull&#8217;assunzione di stupefacenti e, infine, sanzionato per guida senza patente. La seconda si sono aggiunti danneggiamento aggravato, detenzione di droga ai fini di spaccio, rifiuto dell&#8217;accertamento per le sostanze stupefacenti, oltre alla sanzione amministrativa per guida senza patente.\u00a0 \u00c8 attualmente detenuto a Baldenich.<\/p>\n","protected":false},"excerpt":{"rendered":"<p>Sulla corriera Agordo-Belluno con un biglietto non valido,\u00a0 al controllore che voleva prenderglielo, ha rifilato un pugno sul viso\u00a0 AGORDO Ha messo le mani addosso all&#8217;autista dall&#8217;autobus costretto a fermare il pullman e quindi interrompendo il servizio di pubblica utilit\u00e0. Il giovane agordino andr\u00e0 ora alla sbarra, rinviato a giudizio dal giudice Scolozzi,\u00a0 non se&hellip;<\/p>\n","protected":false},"author":4,"featured_media":237486,"comment_status":"closed","ping_status":"open","sticky":false,"template":"","format":"standard","meta":{"_monsterinsights_skip_tracking":false,"_monsterinsights_sitenote_active":false,"_monsterinsights_sitenote_note":"","_monsterinsights_sitenote_category":0,"footnotes":""},"categories":[51,49],"tags":[],"class_list":["post-243306","post","type-post","status-publish","format-standard","has-post-thumbnail","hentry","category-evidenza-top","category-news-18","category-51","category-49","description-off"],"img_url":"https:\/\/www.radiopiu.net\/wordpress\/wp-content\/uploads\/2021\/10\/9396bbfc-2818-4225-b55d-9a56c39206f1.jpg","_links":{"self":[{"href":"https:\/\/www.radiopiu.net\/wordpress\/wp-json\/wp\/v2\/posts\/243306","targetHints":{"allow":["GET"]}}],"collection":[{"href":"https:\/\/www.radiopiu.net\/wordpress\/wp-json\/wp\/v2\/posts"}],"about":[{"href":"https:\/\/www.radiopiu.net\/wordpress\/wp-json\/wp\/v2\/types\/post"}],"author":[{"embeddable":true,"href":"https:\/\/www.radiopiu.net\/wordpress\/wp-json\/wp\/v2\/users\/4"}],"replies":[{"embeddable":true,"href":"https:\/\/www.radiopiu.net\/wordpress\/wp-json\/wp\/v2\/comments?post=243306"}],"version-history":[{"count":0,"href":"https:\/\/www.radiopiu.net\/wordpress\/wp-json\/wp\/v2\/posts\/243306\/revisions"}],"wp:featuredmedia":[{"embeddable":true,"href":"https:\/\/www.radiopiu.net\/wordpress\/wp-json\/wp\/v2\/media\/237486"}],"wp:attachment":[{"href":"https:\/\/www.radiopiu.net\/wordpress\/wp-json\/wp\/v2\/media?parent=243306"}],"wp:term":[{"taxonomy":"category","embeddable":true,"href":"https:\/\/www.radiopiu.net\/wordpress\/wp-json\/wp\/v2\/categories?post=243306"},{"taxonomy":"post_tag","embeddable":true,"href":"https:\/\/www.radiopiu.net\/wordpress\/wp-json\/wp\/v2\/tags?post=243306"}],"curies":[{"name":"wp","href":"https:\/\/api.w.org\/{rel}","templated":true}]}}