{"id":243415,"date":"2021-11-17T14:41:46","date_gmt":"2021-11-17T13:41:46","guid":{"rendered":"https:\/\/www.radiopiu.net\/wordpress\/?p=243415"},"modified":"2021-11-17T14:44:33","modified_gmt":"2021-11-17T13:44:33","slug":"domani-a-pedavena-il-congresso-cisl-scuola","status":"publish","type":"post","link":"https:\/\/www.radiopiu.net\/wordpress\/domani-a-pedavena-il-congresso-cisl-scuola\/","title":{"rendered":"DOMANI A PEDAVENA IL CONGRESSO CISL SCUOLA"},"content":{"rendered":"<p style=\"text-align: left;\"><strong><a href=\"https:\/\/www.radiopiu.net\/wordpress\/domani-a-pedavena-il-congresso-cisl-scuola\/436369a6-1bfe-49a4-bd77-48251c699627\/\" rel=\"attachment wp-att-243420\"><img loading=\"lazy\" decoding=\"async\" class=\" wp-image-243420 alignleft\" src=\"https:\/\/www.radiopiu.net\/wordpress\/wp-content\/uploads\/2021\/11\/436369a6-1bfe-49a4-bd77-48251c699627-300x225.jpg\" alt=\"\" width=\"243\" height=\"182\" srcset=\"https:\/\/www.radiopiu.net\/wordpress\/wp-content\/uploads\/2021\/11\/436369a6-1bfe-49a4-bd77-48251c699627-300x225.jpg 300w, https:\/\/www.radiopiu.net\/wordpress\/wp-content\/uploads\/2021\/11\/436369a6-1bfe-49a4-bd77-48251c699627-1024x768.jpg 1024w, https:\/\/www.radiopiu.net\/wordpress\/wp-content\/uploads\/2021\/11\/436369a6-1bfe-49a4-bd77-48251c699627-768x576.jpg 768w, https:\/\/www.radiopiu.net\/wordpress\/wp-content\/uploads\/2021\/11\/436369a6-1bfe-49a4-bd77-48251c699627-1536x1152.jpg 1536w, https:\/\/www.radiopiu.net\/wordpress\/wp-content\/uploads\/2021\/11\/436369a6-1bfe-49a4-bd77-48251c699627.jpg 1600w\" sizes=\"auto, (max-width: 243px) 100vw, 243px\" \/><\/a>PEDAVENA<\/strong> Domani alle 9.30 congresso della Cisl Scuola Belluno Treviso. Il titolo: &#8220;Disegnare oggi la scuola di domani. Esserci, fare, cambiare\u201d. Con l&#8217;occasione sar\u00e0 presentato il nuovo sito web dell&#8217;organizzazione, portale di informazioni e strumenti per gli iscritti. La Federazione di categoria, guidata dal dicembre 2020 da Lorella Benvegn\u00f9, conta 4.600 iscritti nelle province di Treviso e Belluno, in rappresentanza di 12.700 lavoratori, 3.300 in provincia di Belluno.<\/p>\n<p><strong>La segretaria generale Lorella Benvegn\u00f9<\/strong><\/p>\n<audio class=\"wp-audio-shortcode\" id=\"audio-243415-1\" preload=\"none\" style=\"width: 100%;\" controls=\"controls\"><source type=\"audio\/mpeg\" src=\"https:\/\/www.radiopiu.net\/wordpress\/wp-content\/uploads\/2021\/11\/cisl-congresso.mp3?_=1\" \/><a href=\"https:\/\/www.radiopiu.net\/wordpress\/wp-content\/uploads\/2021\/11\/cisl-congresso.mp3\">https:\/\/www.radiopiu.net\/wordpress\/wp-content\/uploads\/2021\/11\/cisl-congresso.mp3<\/a><\/audio>\n<blockquote><p><em>La Cisl Scuola di Belluno Treviso opera sul territorio pi\u00f9 esteso del Veneto, con il maggior numero di istituzioni scolastiche da seguire, ben 139; \u00e8 il terzo territorio in Veneto per numero di iscritti e negli anni ha mantenuto e incrementato la base associativa. \u00c8 presente in 10 sedi dislocate fra Treviso e Belluno con una squadra di 15 persone fra consulenti e operatori, che si aggiungono agli attuali 5 esonerati in servizio sindacale. Ogni anno gestisce mediamente 12.000 accessi\/pratiche, circa 300 incontri di contrattazione nelle scuole del territorio e 180 assemblee.<\/em><\/p><\/blockquote>\n<p>&nbsp;<\/p>\n<p>&nbsp;<\/p>\n<p>&nbsp;<\/p>\n<p>&nbsp;<\/p>\n<p>&nbsp;<\/p>\n","protected":false},"excerpt":{"rendered":"<p>PEDAVENA Domani alle 9.30 congresso della Cisl Scuola Belluno Treviso. Il titolo: &#8220;Disegnare oggi la scuola di domani. Esserci, fare, cambiare\u201d. Con l&#8217;occasione sar\u00e0 presentato il nuovo sito web dell&#8217;organizzazione, portale di informazioni e strumenti per gli iscritti. La Federazione di categoria, guidata dal dicembre 2020 da Lorella Benvegn\u00f9, conta 4.600 iscritti nelle province di&hellip;<\/p>\n","protected":false},"author":4,"featured_media":243417,"comment_status":"closed","ping_status":"open","sticky":false,"template":"","format":"standard","meta":{"_monsterinsights_skip_tracking":false,"_monsterinsights_sitenote_active":false,"_monsterinsights_sitenote_note":"","_monsterinsights_sitenote_category":0,"footnotes":""},"categories":[51,49],"tags":[],"class_list":["post-243415","post","type-post","status-publish","format-standard","has-post-thumbnail","hentry","category-evidenza-top","category-news-18","category-51","category-49","description-off"],"img_url":"https:\/\/www.radiopiu.net\/wordpress\/wp-content\/uploads\/2021\/11\/mthumb.jpg","_links":{"self":[{"href":"https:\/\/www.radiopiu.net\/wordpress\/wp-json\/wp\/v2\/posts\/243415","targetHints":{"allow":["GET"]}}],"collection":[{"href":"https:\/\/www.radiopiu.net\/wordpress\/wp-json\/wp\/v2\/posts"}],"about":[{"href":"https:\/\/www.radiopiu.net\/wordpress\/wp-json\/wp\/v2\/types\/post"}],"author":[{"embeddable":true,"href":"https:\/\/www.radiopiu.net\/wordpress\/wp-json\/wp\/v2\/users\/4"}],"replies":[{"embeddable":true,"href":"https:\/\/www.radiopiu.net\/wordpress\/wp-json\/wp\/v2\/comments?post=243415"}],"version-history":[{"count":0,"href":"https:\/\/www.radiopiu.net\/wordpress\/wp-json\/wp\/v2\/posts\/243415\/revisions"}],"wp:featuredmedia":[{"embeddable":true,"href":"https:\/\/www.radiopiu.net\/wordpress\/wp-json\/wp\/v2\/media\/243417"}],"wp:attachment":[{"href":"https:\/\/www.radiopiu.net\/wordpress\/wp-json\/wp\/v2\/media?parent=243415"}],"wp:term":[{"taxonomy":"category","embeddable":true,"href":"https:\/\/www.radiopiu.net\/wordpress\/wp-json\/wp\/v2\/categories?post=243415"},{"taxonomy":"post_tag","embeddable":true,"href":"https:\/\/www.radiopiu.net\/wordpress\/wp-json\/wp\/v2\/tags?post=243415"}],"curies":[{"name":"wp","href":"https:\/\/api.w.org\/{rel}","templated":true}]}}