{"id":243515,"date":"2021-11-19T05:47:26","date_gmt":"2021-11-19T04:47:26","guid":{"rendered":"https:\/\/www.radiopiu.net\/wordpress\/?p=243515"},"modified":"2021-11-19T09:57:06","modified_gmt":"2021-11-19T08:57:06","slug":"giornale-radiopiu-19-novembre-2021-direttore-mirko-mezzacasa","status":"publish","type":"post","link":"https:\/\/www.radiopiu.net\/wordpress\/giornale-radiopiu-19-novembre-2021-direttore-mirko-mezzacasa\/","title":{"rendered":"GIORNALE RADIOPIU 19 NOVEMBRE 2021 DIRETTORE MIRKO MEZZACASA"},"content":{"rendered":"<h3 class=\"kvgmc6g5 cxmmr5t8 oygrvhab hcukyx3x c1et5uql\"><span style=\"color: #000000;\"><strong>SPECIALI ALLA RADIO: OGGI ALLE 10.30 E 1900 OSPITI DI RADIO PIU&#8217; FABRIZIO CAMPEDEL E PAOLO CHISSALE&#8217;, SOLIDARIETA&#8217; AZIENDALE LAVORATORI LUXOTTICA<\/strong><\/span><\/h3>\n<h3><\/h3>\n<h3 class=\"kvgmc6g5 cxmmr5t8 oygrvhab hcukyx3x c1et5uql\"><span style=\"color: #0000ff;\"><strong>INFORMAZIONE il canale su TELEGRAM informazione di prima mano e in tempo reale. iscriviti ed aiutaci a farlo conoscere\u00a0<\/strong><\/span><\/h3>\n<p>&nbsp;<\/p>\n<hr \/>\n<p>&nbsp;<\/p>\n<blockquote>\n<h3><\/h3>\n<\/blockquote>\n<p><strong><a href=\"https:\/\/www.radiopiu.net\/wordpress\/lassessore-gianpaolo-bottacin-ribatte-alle-accuse-del-presidente-della-croce-verde-val-biois-stefano-murer\/croce-verde-val-biois-2\/\" rel=\"attachment wp-att-153811\"><img loading=\"lazy\" decoding=\"async\" class=\"wp-image-153811 alignleft\" src=\"https:\/\/www.radiopiu.net\/wordpress\/wp-content\/uploads\/2020\/08\/CROCE-VERDE-VAL-BIOIS-300x225.jpg\" alt=\"\" width=\"191\" height=\"143\" srcset=\"https:\/\/www.radiopiu.net\/wordpress\/wp-content\/uploads\/2020\/08\/CROCE-VERDE-VAL-BIOIS-300x225.jpg 300w, https:\/\/www.radiopiu.net\/wordpress\/wp-content\/uploads\/2020\/08\/CROCE-VERDE-VAL-BIOIS-1024x768.jpg 1024w, https:\/\/www.radiopiu.net\/wordpress\/wp-content\/uploads\/2020\/08\/CROCE-VERDE-VAL-BIOIS-768x576.jpg 768w, https:\/\/www.radiopiu.net\/wordpress\/wp-content\/uploads\/2020\/08\/CROCE-VERDE-VAL-BIOIS-1536x1153.jpg 1536w, https:\/\/www.radiopiu.net\/wordpress\/wp-content\/uploads\/2020\/08\/CROCE-VERDE-VAL-BIOIS.jpg 1599w\" sizes=\"auto, (max-width: 191px) 100vw, 191px\" \/><\/a><\/strong><\/p>\n<p><strong>La Croce Verde Val Biois, causa la carenza di volontari, ha emanato il calendario con i disservizi del mese di novembre.<\/strong><\/p>\n<p>Il calendario provvisorio: LUNEDI&#8217; 22 NOVEMBRE 2021 dalle ore 6:00 alle ore 20:00; LUNEDI&#8217; 29 NOVEMBRE 2021 DALLE ORE 6:00 ALLE ORE 20:00.<\/p>\n<p><strong>\u00a0 \u00a0<\/strong><\/p>\n<p>&nbsp;<\/p>\n<p>&nbsp;<\/p>\n<hr \/>\n<p>&nbsp;<\/p>\n<blockquote>\n<h3>CHIUSURA DELLA PROVINCIALE 3 DI VALLE IMPERINA<\/h3>\n<\/blockquote>\n<p><strong><img loading=\"lazy\" decoding=\"async\" class=\"alignleft\" src=\"https:\/\/www.radiopiu.net\/wordpress\/wp-content\/uploads\/2021\/11\/d56ff87b-7cd1-4b77-8c69-2a01cc866a18.jpg\" width=\"110\" height=\"232\" \/>GOSALDO<\/strong> PROVINCIALE 3 VALLE IMPERINA: fino al 30 novembre esclusi sabato e domenica interruzione totale alla viabilit\u00e0\u00a0 per lavori di <a href=\"https:\/\/www.radiopiu.net\/wordpress\/iniziati-i-lavori-al-ponte-del-cristo-sulla-203-agordina\/ced07f80-a96b-45ee-a3d5-5dd6a16a320a\/\" rel=\"attachment wp-att-243364\"><img loading=\"lazy\" decoding=\"async\" class=\"size-medium wp-image-243364 alignright\" src=\"https:\/\/www.radiopiu.net\/wordpress\/wp-content\/uploads\/2021\/11\/ced07f80-a96b-45ee-a3d5-5dd6a16a320a-224x300.jpg\" alt=\"\" width=\"224\" height=\"300\" srcset=\"https:\/\/www.radiopiu.net\/wordpress\/wp-content\/uploads\/2021\/11\/ced07f80-a96b-45ee-a3d5-5dd6a16a320a-224x300.jpg 224w, https:\/\/www.radiopiu.net\/wordpress\/wp-content\/uploads\/2021\/11\/ced07f80-a96b-45ee-a3d5-5dd6a16a320a-766x1024.jpg 766w, https:\/\/www.radiopiu.net\/wordpress\/wp-content\/uploads\/2021\/11\/ced07f80-a96b-45ee-a3d5-5dd6a16a320a-768x1027.jpg 768w, https:\/\/www.radiopiu.net\/wordpress\/wp-content\/uploads\/2021\/11\/ced07f80-a96b-45ee-a3d5-5dd6a16a320a-1149x1536.jpg 1149w, https:\/\/www.radiopiu.net\/wordpress\/wp-content\/uploads\/2021\/11\/ced07f80-a96b-45ee-a3d5-5dd6a16a320a.jpg 1496w\" sizes=\"auto, (max-width: 224px) 100vw, 224px\" \/><\/a>messa in sicurezza:\u00a0 dalle 8 alle 12.45; dalle 13.45 alle 16 e dalle 16.30 alle 17.30 nei periodi non interessati dalla chiusura senso unico alternato con semaforo anche nei giorni festivi e prefestivi.<\/p>\n<p><strong>347 DURAN<\/strong>, chiusa in localit\u00e0 Dont fino al 4 dicembre dalle 8 alle 12 e dalle 13.30 alle 17.30<\/p>\n<p><strong>COLLE SANTA LUCIA<\/strong> Veneto Strade comunica che riprendono i lavori di allargamento e rettifica del piano viabile lungo la provinciale 638 di Passo Giau in Comune di Colle Santa Lucia dove sar\u00e0 impegnata l&#8217;impresa Sevis di Soraga-Val di Fassa. Per questo da\u00a0 oggi e fino al 15 dicembre, tutti i giorni sono previste interruzioni fino a 15 minuti tra le 8 del mattino e le 17 del pomeriggio, negli altri orari senso unico alternato regolato da impianto semaforico.<\/p>\n<p><strong>VENEZIA<\/strong> La SS 51 a Fadalto, nel comune di Vittorio Veneto, sar\u00e0 riaperta anche in orario notturno, a partire da luned\u00ec 22 novembre.<\/p>\n<div class=\"bubble is-read hide-name is-out can-have-tail is-group-first is-group-last\" data-mid=\"5303042047\" data-peer-id=\"-1478820725\" data-timestamp=\"1637296084\">\n<div class=\"bubble-content-wrapper\">\n<div class=\"bubble-content\">\n<div class=\"message\" dir=\"auto\">\n<p><strong>PROVINCIALE 40 LAMON<\/strong> Riaperta ieri sera, in anticipo sulle previsioni, \u00e8 la strada per la Val Senaiga a Piei di Lamon.<\/p>\n<div class=\"inner tgico\" title=\"19 November 2021, 05:28:04\"><span class=\"i18n\">05:28<\/span><\/div>\n<\/div>\n<\/div>\n<\/div>\n<\/div>\n<div class=\"bubble hide-name is-out can-have-tail is-group-first is-group-last is-read\" data-mid=\"5303107583\" data-peer-id=\"-1478820725\" data-timestamp=\"1637296771\">\n<div class=\"bubble-content-wrapper\">\n<div class=\"bubble-content\">\n<div class=\"message\" dir=\"auto\"><strong>51 ALEMAGNA<\/strong> Riaperto al traffico il ponte de Gotres, chilometro 115,61 COMELICO chiusura notturna (dalle 21 alle 6) per la galleria del Comelico: fino a sabato 27<\/div>\n<\/div>\n<\/div>\n<\/div>\n<p>&nbsp;<\/p>\n<hr \/>\n<p>&nbsp;<\/p>\n<blockquote>\n<h3>PORDOI. DIVIETO DI TRANSITO AI MEZZI PESANTI PER TUTTA LA STAGIONE INVERNALE<\/h3>\n<\/blockquote>\n<p><strong><a href=\"https:\/\/www.radiopiu.net\/wordpress\/pordoi-divieto-di-transito-ai-mezzi-pesanti-per-tutta-la-stagione-invernale\/e7c42e32-6984-409e-8b07-63f1aff679dd\/\" rel=\"attachment wp-att-243626\"><img loading=\"lazy\" decoding=\"async\" class=\"wp-image-243626 alignleft\" src=\"https:\/\/www.radiopiu.net\/wordpress\/wp-content\/uploads\/2021\/11\/e7c42e32-6984-409e-8b07-63f1aff679dd-300x225.jpg\" alt=\"\" width=\"185\" height=\"139\" srcset=\"https:\/\/www.radiopiu.net\/wordpress\/wp-content\/uploads\/2021\/11\/e7c42e32-6984-409e-8b07-63f1aff679dd-300x225.jpg 300w, https:\/\/www.radiopiu.net\/wordpress\/wp-content\/uploads\/2021\/11\/e7c42e32-6984-409e-8b07-63f1aff679dd-768x576.jpg 768w, https:\/\/www.radiopiu.net\/wordpress\/wp-content\/uploads\/2021\/11\/e7c42e32-6984-409e-8b07-63f1aff679dd.jpg 1024w\" sizes=\"auto, (max-width: 185px) 100vw, 185px\" \/><\/a><\/strong><\/p>\n<p>&nbsp;<\/p>\n<p><strong><a href=\"https:\/\/www.radiopiu.net\/wordpress\/pordoi-divieto-di-transito-ai-mezzi-pesanti-per-tutta-la-stagione-invernale\/fc9a5925-cb4d-414d-9cc5-d302a8a21a8f\/\" rel=\"attachment wp-att-243625\"><img loading=\"lazy\" decoding=\"async\" class=\"wp-image-243625 alignright\" src=\"https:\/\/www.radiopiu.net\/wordpress\/wp-content\/uploads\/2021\/11\/fc9a5925-cb4d-414d-9cc5-d302a8a21a8f-225x300.jpg\" alt=\"\" width=\"114\" height=\"152\" srcset=\"https:\/\/www.radiopiu.net\/wordpress\/wp-content\/uploads\/2021\/11\/fc9a5925-cb4d-414d-9cc5-d302a8a21a8f-225x300.jpg 225w, https:\/\/www.radiopiu.net\/wordpress\/wp-content\/uploads\/2021\/11\/fc9a5925-cb4d-414d-9cc5-d302a8a21a8f.jpg 600w\" sizes=\"auto, (max-width: 114px) 100vw, 114px\" \/><\/a>LIVINALLONGO<\/strong> Veneto Strade ha preso la decisione, da novembre ad aprile i mezzi pesanti intenzionati a raggiungere il Trentino e l&#8217;Alto Adige non potranno pi\u00f9 valicare Passo Pordoi con il rischio di rimanere incastrati su qualche curva o peggio impantanati nella neve.<\/p>\n<p>&nbsp;<\/p>\n<p>E non \u00e8 una novit\u00e0. L&#8217;ultimo episodio (foto a lato)\u00a0 risale a pochi giorni fa, alla prima nevicata lungo la 244 di Passo Campolongo sopra Arabba (che \u00e8 pure meno &#8220;verticale&#8221; rispetto al Pordoi) il traffico \u00e8 rimasto\u00a0 bloccato per ore\u00a0 a causa di un tir\u00a0 finito di traverso. Nella foto di Paolo De Gasper il nuovo cartello che invita a fare retromarcia.<\/p>\n<p>&nbsp;<\/p>\n<p>&nbsp;<\/p>\n<hr \/>\n<p>&nbsp;<\/p>\n<p>&nbsp;<\/p>\n<blockquote>\n<h3>INCIDENTE SUL LAVORO A MONTEGROTTO, MUORE UNA DONNA DI ORIGINI ZOLDANE<\/h3>\n<\/blockquote>\n<p><a href=\"https:\/\/www.radiopiu.net\/wordpress\/incidente-sul-lavoro-a-montegrotto-muore-una-donna-di-origini-zoldane\/aaqrly2\/\" rel=\"attachment wp-att-243737\"><img loading=\"lazy\" decoding=\"async\" class=\" wp-image-243737 alignleft\" src=\"https:\/\/www.radiopiu.net\/wordpress\/wp-content\/uploads\/2021\/11\/AAQRly2-300x164.jpg\" alt=\"\" width=\"260\" height=\"142\" srcset=\"https:\/\/www.radiopiu.net\/wordpress\/wp-content\/uploads\/2021\/11\/AAQRly2-300x164.jpg 300w, https:\/\/www.radiopiu.net\/wordpress\/wp-content\/uploads\/2021\/11\/AAQRly2.jpg 620w\" sizes=\"auto, (max-width: 260px) 100vw, 260px\" \/><\/a> Bianca Maria Martini, 71enne della Val di Zoldo \u00e8 morta travolta dalla legna nella sua azienda. Un incidente sul lavoro, ieri\u00a0a\u00a0Montegrotto Terme\u00a0nella ditta di famiglia Legnami Martini snc, in zona artigianale. La donna \u00e8 rimasta schiacciata da un bancale di legna caduto accidentalmente da un muletto guidato dal fratello della donna, 74enne, titolare dell\u2019azienda che commercializza legname, che ha perso il controllo del muletto con un carico di diversi quintali di materiale. Il trasporto urgente in ospedale non \u00e8 stato sufficiente a salvargli la vita.\u00a0 Sul caso indagano i carabinieri e lo Spisal. La Procura ha aperto un fascicolo.<\/p>\n<div class=\"post-inner\">\n<div class=\"post-content\">\n<div id=\"jp-post-flair\" class=\"sharedaddy sd-like-enabled sd-sharing-enabled\">\n<div class=\"sharedaddy sd-sharing-enabled\">\n<div class=\"robots-nocontent sd-block sd-social sd-social-icon-text sd-sharing\">\n<p class=\"sd-title\">foto alessandria.today<\/p>\n<p>&nbsp;<\/p>\n<\/div>\n<\/div>\n<\/div>\n<\/div>\n<\/div>\n<hr \/>\n<p>&nbsp;<\/p>\n<blockquote>\n<h3>MAS DI SEDICO, ALLARME FURTI DOPO UNA PRIMA SERATA DI &#8220;COLPI&#8221;<\/h3>\n<\/blockquote>\n<p><strong><img loading=\"lazy\" decoding=\"async\" class=\"alignleft\" src=\"https:\/\/www.radiopiu.net\/wordpress\/wp-content\/uploads\/2021\/11\/th-20.jpg\" width=\"160\" height=\"120\" \/>SEDICO<\/strong>\u00a0 I ladri hanno lasciato la periferia di Belluno per spostarsi al Mas di Sedico,\u00a0 l&#8217;altra sera\u00a0 sono stati segnalati una serie di furti. Sulle chat si rincorrono le notizie, tre abitazioni visitate in via Monte Pelf e Monte Schiara tra le 17 e le 19 della sera, ma si sarebbero poi aggiunti altri furti attorno alle 22 verso Vignole,\u00a0 gli allarmi invece hanno allontanato i malviventi verso la mezzanotte in zona Mas. Le volontari della Questura con i loro agenti hanno avuto un bel daffare, da un primo appartamento visitato in centro a Belluno ad altri tre in successione a Mas di Sedico, rubati contanti e monili in oro, quel poco trovato nel breve tempo che gli ignoti hanno trascorso negli appartamenti violando l&#8217;intimit\u00e0 delle persone dopo aver forzato porte e finestre. L&#8217;altra furto in zona Vignole dove i ladri non avrebbero trovato nulla da mettere nel sacco e fuggire probabilmente tra i campi da dove sono arrivati si presume visto che Tiziana non ha dubbi<em> &#8220;Avevano le suole delle scarpe piene di terra&#8221;.<\/em> Preoccupazione tra gli abitanti della zona che si sono organizzati con il passa parola per mettere in guardia chi decide di allontanarsi dalle proprie abitazioni all&#8217;imbrunire. Il controllo di vicinato, in queste circostanze potrebbe in effetti fare la differenza.<\/p>\n<p>&nbsp;<\/p>\n<blockquote>\n<h3>FURTO IN CENTRO A BELLUNO<\/h3>\n<\/blockquote>\n<p><strong>BELLUNO<\/strong> \u00a0I ladri hanno colpito in centro forzando gli infissi, hanno rubato gioielli e contanti, per un valore ancora da quantificare. I malviventi hanno agito nel tardo pomeriggio in fretta, poco prima del raid al Mas di Sedico. Indaga la Polizia della Questura di Belluno<\/p>\n<p>&nbsp;<\/p>\n<p>&nbsp;<\/p>\n<hr \/>\n<p>&nbsp;<\/p>\n<blockquote>\n<h3>SCHIANTO AL BOSCON,\u00a0 TRE FERITI<\/h3>\n<\/blockquote>\n<p><strong>BELLUNO<\/strong> Conseguenze non gravi per tre persone ma che comunque sono ricorse alle scure dell&#8217;ospedale dopo l&#8217;incidente di ieri sera lungo la statale 50. Una vettura \u00e8 finita autonomamente fuori strada nella zona del Boscon. L&#8217;allarme \u00e8 stato dato da una testimone: sul posto le ambulanze e la polizia, i vigili del fuoco che hanno aiutato il soccorso delle tre persone a bordo.<\/p>\n<p>&nbsp;<\/p>\n<p>&nbsp;<\/p>\n<hr \/>\n<blockquote>\n<h3><\/h3>\n<h3>TAMPONAMENTO A CATENA DOPO LA GALLERIA DELLE ANIME<\/h3>\n<\/blockquote>\n<p><strong>VALLADA<\/strong> La provinciale 346 per la Valle del Biois di nuovo teatro di un altro incidente stradale, fortunatamente senza conseguenze per le persone. Ieri sera alle 18 tamponamento a catena con tre mezzi coinvolti. Per la messa in sicurezza dei mezzi e della strada sul posto i vigili del fuoco di Agordo, per i rilievi i Carabinieri. Disagi al traffico limitati con l&#8217;istituzione del senso unico alternato, ulteriori inevitabili rallentamenti nei mementi del recupero dei mezzi coinvolti.<\/p>\n<p>&nbsp;<\/p>\n<hr \/>\n<p>&nbsp;<\/p>\n<blockquote>\n<h3>L&#8217;AUTOPSIA, PER FARE CHIAREZZA SULLA MORTE DI EMILIA, UN RUNNER DAI CARABINIERI &#8220;HO ALLACCIATO IO LA SCARPA ALLA RINGHIERA&#8221;<\/h3>\n<\/blockquote>\n<p><strong><a href=\"https:\/\/www.radiopiu.net\/wordpress\/incidente-sul-lavoro-a-montegrotto-muore-una-donna-di-origini-zoldane\/595029c5-e5af-4c9b-ac3c-159c3f2b8203\/\" rel=\"attachment wp-att-243740\"><img loading=\"lazy\" decoding=\"async\" class=\"wp-image-243740 alignleft\" src=\"https:\/\/www.radiopiu.net\/wordpress\/wp-content\/uploads\/2021\/11\/595029c5-e5af-4c9b-ac3c-159c3f2b8203-300x169.jpg\" alt=\"\" width=\"174\" height=\"98\" srcset=\"https:\/\/www.radiopiu.net\/wordpress\/wp-content\/uploads\/2021\/11\/595029c5-e5af-4c9b-ac3c-159c3f2b8203-300x169.jpg 300w, https:\/\/www.radiopiu.net\/wordpress\/wp-content\/uploads\/2021\/11\/595029c5-e5af-4c9b-ac3c-159c3f2b8203-1024x576.jpg 1024w, https:\/\/www.radiopiu.net\/wordpress\/wp-content\/uploads\/2021\/11\/595029c5-e5af-4c9b-ac3c-159c3f2b8203-768x432.jpg 768w, https:\/\/www.radiopiu.net\/wordpress\/wp-content\/uploads\/2021\/11\/595029c5-e5af-4c9b-ac3c-159c3f2b8203-1536x864.jpg 1536w, https:\/\/www.radiopiu.net\/wordpress\/wp-content\/uploads\/2021\/11\/595029c5-e5af-4c9b-ac3c-159c3f2b8203.jpg 1920w\" sizes=\"auto, (max-width: 174px) 100vw, 174px\" \/><\/a>FONZASO<\/strong> E&#8217; in programma per\u00a0 domani l&#8217;autopsia sul corpo di Emilia Santurini, la donna di 63 anni di Fonzaso travolta e uccisa luned\u00ec sera in zona industriale da un 24enne che dopo l&#8217;incidente \u00e8 tornato a casa senza prestarle soccorso. L&#8217;esame autoptico\u00a0 servir\u00e0 a raccogliere ulteriori elementi sulle modalit\u00e0 del violento impatto e della successiva morte della donna, trovata dodici ore dopo all&#8217;interno dell&#8217;area aziendale, ai piedi del muro della ringhiera E&#8217; un giovane che ha trovato sull&#8217;asfalto e appeso alla ringhiera della ditta la scarpa destra della donna fonzasina, un\u00a0 runner, uscito per fare una corsa serale in zona industriale: si \u00e8 fatto avanti con i carabinieri della compagnia di Feltre, il giovane si era avvicinato alla ringhiera senza notare il corpo della donna al di l\u00e0 della recinzione.<\/p>\n<p>&nbsp;<\/p>\n<p>&nbsp;<\/p>\n<hr \/>\n<h3><\/h3>\n<blockquote>\n<h3>PRESENTATO L&#8217;ACCORDO PER IDEAL STANDARD<\/h3>\n<\/blockquote>\n<p><strong><a href=\"https:\/\/www.radiopiu.net\/wordpress\/ideal-standard-lo-stabilimento-di-trichiana-primo-a-chiudere-ultimo-a-ripartire\/stabilimento-dellideal-standard-orcenico-di-zoppola-pn-04-12-2013\/\" rel=\"attachment wp-att-138079\"><img loading=\"lazy\" decoding=\"async\" class=\"size-medium wp-image-138079 alignleft\" src=\"https:\/\/www.radiopiu.net\/wordpress\/wp-content\/uploads\/2020\/05\/ideal-standard-orcenigo-300x211.jpg\" alt=\"\" width=\"300\" height=\"211\" srcset=\"https:\/\/www.radiopiu.net\/wordpress\/wp-content\/uploads\/2020\/05\/ideal-standard-orcenigo-300x211.jpg 300w, https:\/\/www.radiopiu.net\/wordpress\/wp-content\/uploads\/2020\/05\/ideal-standard-orcenigo-1024x721.jpg 1024w, https:\/\/www.radiopiu.net\/wordpress\/wp-content\/uploads\/2020\/05\/ideal-standard-orcenigo-768x541.jpg 768w, https:\/\/www.radiopiu.net\/wordpress\/wp-content\/uploads\/2020\/05\/ideal-standard-orcenigo-1536x1082.jpg 1536w, https:\/\/www.radiopiu.net\/wordpress\/wp-content\/uploads\/2020\/05\/ideal-standard-orcenigo-2048x1442.jpg 2048w\" sizes=\"auto, (max-width: 300px) 100vw, 300px\" \/><\/a>VENEZIA <\/strong>\u201c<em>Questo accordo segna l\u2019inizio di un nuovo percorso ed \u00e8 un caso che far\u00e0 scuola in Italia. Ora si scriva una norma nazionale che, sulla falsariga dei contenuti di questo storico accordo, fissi i paletti per regolamentare l\u2019uscita delle multinazionali dal mercato italiano<\/em>\u201d. Cos\u00ec l\u2019Assessore regionale al lavoro Elena Donazzan ha presentato l\u2019accordo sottoscritto ieri presso il Ministero dello Sviluppo Economico che impegna la multinazionale Ideal Standard a garantire il percorso verso una soluzione industriale del sito di Trichiana a Borgo Valbelluna. Presenti i rappresentati della propriet\u00e0 Ideal Standard e tutte le rappresentanze sindacali e RSU aziendali. L\u2019Assessore ha ringraziato i presenti per avere scelto la sede regionale di Veneto Lavoro per presentare in modo ufficiale il patto tra le parti. \u201c<em>Larga parte del merito \u00e8 della credibilit\u00e0, fiducia e grandissima preparazione del dr. Mattia Losego \u2013 ha sottolineato Elena Donazzan -. La capacit\u00e0 di governare la crisi complesse \u00e8 della Unit\u00e0 di Crisi regionale e di Mattia Losego, in particolare.\u00a0\u00a0Per dare un\u2019idea dell\u2019impegno profuso ricordo che ogni incontro ha avuto una durata media di 10 ore<\/em>\u201d. L\u2019Assessore Donazzan ha, quindi, ricordato il ruolo dell\u2019azienda. \u201cAbbiamo potuto contare su un atteggiamento responsabile e di grande disponibilit\u00e0 dell\u2019azienda e degli uomini che l\u2019hanno rappresentata in queste delicatissime fasi, facendo diventare questa vertenza un caso di scuola\u201d.<\/p>\n<p><strong>LA DICHIARAZIONE DEL PRESIDENTE DEL VENETO LUCA ZAIA<\/strong><\/p>\n<p>\u201c<em>Accolgo la buona notizia a braccia aperte. E\u2019 una buona, anzi buonissima notizia quella che sancisce l&#8217;accordo tra le parti sociali per reindustrializzare il sito produttivo\u00a0 di Ideal Standard e la conseguente nomina di un Advisor. E\u2019 un segnale forte e chiaro in un momento di difficolt\u00e0 dell\u2019azienda bellunese e il mio pensiero va immediatamente ai quasi 500 lavoratori dello stabilimento che rischiava la chiusura. Ancora una volta c\u2019\u00e8 stata la volont\u00e0 di essere della partita come Regione del Veneto; abbiamo voluto crederci perch\u00e9 quando si fa squadra i risultati si ottengono\u201d. \u201cLa buona notizia, per\u00f2 \u2013 ha continuato il Presidente, non ci fa adagiare sugli allori. Bene festeggiare per Ideal Standard, ma senza dimenticare l\u2019altro nostro obiettivo che \u00e8 quello di trovare una via d\u2019uscita anche per gli oltre 300 lavoratori di ACC, che rimangono ancora un pensiero fisso per tutti noi<\/em>\u201d.<\/p>\n<p><strong>LA DICHIARAZIONE DEL MINISTRO FEDERICO D&#8217;INCA&#8217;<\/strong><\/p>\n<p>\u201c<em>L&#8217;accordo tra le parti sociali e l\u2019azienda che \u00e8 stato raggiunto ieri deve dare fiducia al nostro territorio, dimostrando che, con grande impegno e forza di volont\u00e0, \u00e8 possibile trovare una soluzione anche alle situazioni complesse. Dobbiamo continuare a difendere le nostre realt\u00e0 della manifattura, valorizzando l\u2019alta professionalit\u00e0 dei dipendenti che, anche nel caso di Ideal Standard, hanno sempre messo in campo il proprio attaccamento allo stabilimento. Tra i risultati raggiunti nell\u2019accordo, che io stesso ho voluto siglare, trovo particolarmente significativa la disponibilit\u00e0 dell\u2019azienda nel cedere la fabbrica e il marchio Ceramica Dolomite che racchiude la storia di questo stabilimento e simboleggia la rinascita e la tenacia del bellunese dopo il Vajont. Adesso con il lavoro dell\u2019advisor e il supporto del Mise e di Invitalia nel monitorare il processo di reindustrializzazione, si lavorer\u00e0 intensamente per la ricerca di un acquirente<\/em>\u201d. D\u2019Inc\u00e0, inoltre precisa: \u201c<em>Quella di Ideal Standard \u00e8 una vicenda che seguo da anni, con un lungo e continuo confronto assieme ai lavoratori, ma anche con gli ex dipendenti e tutti coloro che hanno sempre avvertito un forte legame con il sito di Trichiana e con Ceramica Dolomite. C\u2019\u00e8 stato, quindi, un intenso lavoro di verifica della problematica che \u00e8 stata sottoposta a livello governativo e nelle opportune sedi istituzionali<\/em>\u201d.<\/p>\n<p>&nbsp;<\/p>\n<p>&nbsp;<\/p>\n<hr \/>\n<p>&nbsp;<\/p>\n<blockquote>\n<h3>SOPRA IL FORTE RITORNA IL CROCIFISSO NEL RICORDO DI TEODORO DAI PRA<\/h3>\n<\/blockquote>\n<p><strong>REDAZIONE<\/strong> Una bella iniziativa, un importante segno voto-religioso in localit\u00e0 al Forte sopra Taibon Agordino. Un nuovo crocifisso \u00e8 stato benedetto dopo che il precedente \u00e8 stato irrimediabilmente danneggiato dalle fiamme dell&#8217;incendio del 2018 ai piedi delle Pale di San Lucano. Originariamente era stato portato in quota da Teodoro Dai Pra di ritorno sano e salvo dalla campagna di Russia. Grazie all&#8217;intraprendenza di Alessandro Del Din e amici oggi c&#8217;\u00e8 il nuovo crocefisso in una zona ben ripulita.<\/p>\n<p><strong>IERI\u00a0 MATTINA, DON CESARE ALLA RADIO<\/strong><\/p>\n<audio class=\"wp-audio-shortcode\" id=\"audio-243515-1\" preload=\"none\" style=\"width: 100%;\" controls=\"controls\"><source type=\"audio\/mpeg\" src=\"https:\/\/www.radiopiu.net\/wordpress\/wp-content\/uploads\/2021\/11\/cesare-8.mp3?_=1\" \/><a href=\"https:\/\/www.radiopiu.net\/wordpress\/wp-content\/uploads\/2021\/11\/cesare-8.mp3\">https:\/\/www.radiopiu.net\/wordpress\/wp-content\/uploads\/2021\/11\/cesare-8.mp3<\/a><\/audio>\n<p>&nbsp;<\/p>\n\n\t\t\t<style type='text\/css'>\n\t\t\t\t#gallery-1 {\n\t\t\t\t\tmargin: auto;\n\t\t\t\t}\n\t\t\t\t#gallery-1 .gallery-item {\n\t\t\t\t\tfloat: left;\n\t\t\t\t\tmargin-top: 10px;\n\t\t\t\t\ttext-align: center;\n\t\t\t\t\twidth: 33%;\n\t\t\t\t}\n\t\t\t\t#gallery-1 img {\n\t\t\t\t\tborder: 2px solid #cfcfcf;\n\t\t\t\t}\n\t\t\t\t#gallery-1 .gallery-caption {\n\t\t\t\t\tmargin-left: 0;\n\t\t\t\t}\n\t\t\t\t\/* see gallery_shortcode() in wp-includes\/media.php *\/\n\t\t\t<\/style>\n\t\t<div id='gallery-1' class='dt-gallery-container gallery galleryid-243515 gallery-columns-3 gallery-size-medium'><dl class='gallery-item'>\n\t\t\t\t<dt class='gallery-icon landscape'>\n\t\t\t\t\t<a class=\"rollover rollover-zoom dt-pswp-item\" title=\"257293225_3111524679082785_3741215841445683808_n\" data-dt-img-description=\"\" data-large_image_width=\"1080\" data-large_image_height=\"1080\"href='https:\/\/www.radiopiu.net\/wordpress\/wp-content\/uploads\/2021\/11\/257293225_3111524679082785_3741215841445683808_n.jpg'><img loading=\"lazy\" decoding=\"async\" width=\"300\" height=\"300\" src=\"https:\/\/www.radiopiu.net\/wordpress\/wp-content\/uploads\/2021\/11\/257293225_3111524679082785_3741215841445683808_n-300x300.jpg\" class=\"attachment-medium size-medium\" alt=\"\" srcset=\"https:\/\/www.radiopiu.net\/wordpress\/wp-content\/uploads\/2021\/11\/257293225_3111524679082785_3741215841445683808_n-300x300.jpg 300w, https:\/\/www.radiopiu.net\/wordpress\/wp-content\/uploads\/2021\/11\/257293225_3111524679082785_3741215841445683808_n-1024x1024.jpg 1024w, https:\/\/www.radiopiu.net\/wordpress\/wp-content\/uploads\/2021\/11\/257293225_3111524679082785_3741215841445683808_n-150x150.jpg 150w, https:\/\/www.radiopiu.net\/wordpress\/wp-content\/uploads\/2021\/11\/257293225_3111524679082785_3741215841445683808_n-768x768.jpg 768w, https:\/\/www.radiopiu.net\/wordpress\/wp-content\/uploads\/2021\/11\/257293225_3111524679082785_3741215841445683808_n.jpg 1080w\" sizes=\"auto, (max-width: 300px) 100vw, 300px\" \/><\/a>\n\t\t\t\t<\/dt><\/dl><dl class='gallery-item'>\n\t\t\t\t<dt class='gallery-icon landscape'>\n\t\t\t\t\t<a class=\"rollover rollover-zoom dt-pswp-item\" title=\"257108406_3111524689082784_5511032661353206579_n\" data-dt-img-description=\"\" data-large_image_width=\"768\" data-large_image_height=\"768\"href='https:\/\/www.radiopiu.net\/wordpress\/wp-content\/uploads\/2021\/11\/257108406_3111524689082784_5511032661353206579_n.jpg'><img loading=\"lazy\" decoding=\"async\" width=\"300\" height=\"300\" src=\"https:\/\/www.radiopiu.net\/wordpress\/wp-content\/uploads\/2021\/11\/257108406_3111524689082784_5511032661353206579_n-300x300.jpg\" class=\"attachment-medium size-medium\" alt=\"\" srcset=\"https:\/\/www.radiopiu.net\/wordpress\/wp-content\/uploads\/2021\/11\/257108406_3111524689082784_5511032661353206579_n-300x300.jpg 300w, https:\/\/www.radiopiu.net\/wordpress\/wp-content\/uploads\/2021\/11\/257108406_3111524689082784_5511032661353206579_n-150x150.jpg 150w, https:\/\/www.radiopiu.net\/wordpress\/wp-content\/uploads\/2021\/11\/257108406_3111524689082784_5511032661353206579_n.jpg 768w\" sizes=\"auto, (max-width: 300px) 100vw, 300px\" \/><\/a>\n\t\t\t\t<\/dt><\/dl><dl class='gallery-item'>\n\t\t\t\t<dt class='gallery-icon landscape'>\n\t\t\t\t\t<a class=\"rollover rollover-zoom dt-pswp-item\" title=\"257101259_3111524682416118_8471565914811145999_n\" data-dt-img-description=\"\" data-large_image_width=\"768\" data-large_image_height=\"768\"href='https:\/\/www.radiopiu.net\/wordpress\/wp-content\/uploads\/2021\/11\/257101259_3111524682416118_8471565914811145999_n.jpg'><img loading=\"lazy\" decoding=\"async\" width=\"300\" height=\"300\" src=\"https:\/\/www.radiopiu.net\/wordpress\/wp-content\/uploads\/2021\/11\/257101259_3111524682416118_8471565914811145999_n-300x300.jpg\" class=\"attachment-medium size-medium\" alt=\"\" srcset=\"https:\/\/www.radiopiu.net\/wordpress\/wp-content\/uploads\/2021\/11\/257101259_3111524682416118_8471565914811145999_n-300x300.jpg 300w, https:\/\/www.radiopiu.net\/wordpress\/wp-content\/uploads\/2021\/11\/257101259_3111524682416118_8471565914811145999_n-150x150.jpg 150w, https:\/\/www.radiopiu.net\/wordpress\/wp-content\/uploads\/2021\/11\/257101259_3111524682416118_8471565914811145999_n.jpg 768w\" sizes=\"auto, (max-width: 300px) 100vw, 300px\" \/><\/a>\n\t\t\t\t<\/dt><\/dl><br style=\"clear: both\" \/>\n\t\t\t<\/div>\n\n<p>&nbsp;<\/p>\n<p>&nbsp;<\/p>\n<hr \/>\n<p>&nbsp;<\/p>\n<blockquote>\n<h3>SI LAVORA A PIENO RITMO SULLA SPONDA DI ROCCA PIETORE DEL LAGO DI ALLEGHE<\/h3>\n<\/blockquote>\n<p><strong>ROCCA PIETORE<\/strong> Si lavora a pieno ritmo a Ru de Zentenin, sponda di Rocca Pietore del Lago di Alleghe, nella zona della spiaggetta. Iniziati i lavori di regimazione e scogliere con ponte scatolare il tutto a cura del soggetto attuatore Veneto Acque. <em>&#8220;Nel Comune di Rocca Pietore si inizia a intravvedere la luce in fondo al tunnel dopo Vaia dice il sindaco Andrea De Bernardin &#8211; Ringrazio per l&#8217;impegno anche tutte le imprese che spesso mettono non solo la loro professionalit\u00e0 ma anche molta passione per il territorio. Ed \u00e8 la cosa pi\u00f9 bella&#8221;.<\/em><\/p>\n\n\t\t\t<style type='text\/css'>\n\t\t\t\t#gallery-2 {\n\t\t\t\t\tmargin: auto;\n\t\t\t\t}\n\t\t\t\t#gallery-2 .gallery-item {\n\t\t\t\t\tfloat: left;\n\t\t\t\t\tmargin-top: 10px;\n\t\t\t\t\ttext-align: center;\n\t\t\t\t\twidth: 50%;\n\t\t\t\t}\n\t\t\t\t#gallery-2 img {\n\t\t\t\t\tborder: 2px solid #cfcfcf;\n\t\t\t\t}\n\t\t\t\t#gallery-2 .gallery-caption {\n\t\t\t\t\tmargin-left: 0;\n\t\t\t\t}\n\t\t\t\t\/* see gallery_shortcode() in wp-includes\/media.php *\/\n\t\t\t<\/style>\n\t\t<div id='gallery-2' class='dt-gallery-container gallery galleryid-243515 gallery-columns-2 gallery-size-medium'><dl class='gallery-item'>\n\t\t\t\t<dt class='gallery-icon landscape'>\n\t\t\t\t\t<a class=\"rollover rollover-zoom dt-pswp-item\" title=\"675798ca-b9ba-45b5-b8d4-19e9456d2411\" data-dt-img-description=\"\" data-large_image_width=\"1600\" data-large_image_height=\"1200\"href='https:\/\/www.radiopiu.net\/wordpress\/wp-content\/uploads\/2021\/11\/675798ca-b9ba-45b5-b8d4-19e9456d2411.jpg'><img loading=\"lazy\" decoding=\"async\" width=\"300\" height=\"225\" src=\"https:\/\/www.radiopiu.net\/wordpress\/wp-content\/uploads\/2021\/11\/675798ca-b9ba-45b5-b8d4-19e9456d2411-300x225.jpg\" class=\"attachment-medium size-medium\" alt=\"\" srcset=\"https:\/\/www.radiopiu.net\/wordpress\/wp-content\/uploads\/2021\/11\/675798ca-b9ba-45b5-b8d4-19e9456d2411-300x225.jpg 300w, https:\/\/www.radiopiu.net\/wordpress\/wp-content\/uploads\/2021\/11\/675798ca-b9ba-45b5-b8d4-19e9456d2411-1024x768.jpg 1024w, https:\/\/www.radiopiu.net\/wordpress\/wp-content\/uploads\/2021\/11\/675798ca-b9ba-45b5-b8d4-19e9456d2411-768x576.jpg 768w, https:\/\/www.radiopiu.net\/wordpress\/wp-content\/uploads\/2021\/11\/675798ca-b9ba-45b5-b8d4-19e9456d2411-1536x1152.jpg 1536w, https:\/\/www.radiopiu.net\/wordpress\/wp-content\/uploads\/2021\/11\/675798ca-b9ba-45b5-b8d4-19e9456d2411.jpg 1600w\" sizes=\"auto, (max-width: 300px) 100vw, 300px\" \/><\/a>\n\t\t\t\t<\/dt><\/dl><dl class='gallery-item'>\n\t\t\t\t<dt class='gallery-icon landscape'>\n\t\t\t\t\t<a class=\"rollover rollover-zoom dt-pswp-item\" title=\"e0a99c4b-1809-429b-9c9a-b539c692fc0e\" data-dt-img-description=\"\" data-large_image_width=\"1600\" data-large_image_height=\"1200\"href='https:\/\/www.radiopiu.net\/wordpress\/wp-content\/uploads\/2021\/11\/e0a99c4b-1809-429b-9c9a-b539c692fc0e.jpg'><img loading=\"lazy\" decoding=\"async\" width=\"300\" height=\"225\" src=\"https:\/\/www.radiopiu.net\/wordpress\/wp-content\/uploads\/2021\/11\/e0a99c4b-1809-429b-9c9a-b539c692fc0e-300x225.jpg\" class=\"attachment-medium size-medium\" alt=\"\" srcset=\"https:\/\/www.radiopiu.net\/wordpress\/wp-content\/uploads\/2021\/11\/e0a99c4b-1809-429b-9c9a-b539c692fc0e-300x225.jpg 300w, https:\/\/www.radiopiu.net\/wordpress\/wp-content\/uploads\/2021\/11\/e0a99c4b-1809-429b-9c9a-b539c692fc0e-1024x768.jpg 1024w, https:\/\/www.radiopiu.net\/wordpress\/wp-content\/uploads\/2021\/11\/e0a99c4b-1809-429b-9c9a-b539c692fc0e-768x576.jpg 768w, https:\/\/www.radiopiu.net\/wordpress\/wp-content\/uploads\/2021\/11\/e0a99c4b-1809-429b-9c9a-b539c692fc0e-1536x1152.jpg 1536w, https:\/\/www.radiopiu.net\/wordpress\/wp-content\/uploads\/2021\/11\/e0a99c4b-1809-429b-9c9a-b539c692fc0e.jpg 1600w\" sizes=\"auto, (max-width: 300px) 100vw, 300px\" \/><\/a>\n\t\t\t\t<\/dt><\/dl><br style=\"clear: both\" \/><dl class='gallery-item'>\n\t\t\t\t<dt class='gallery-icon landscape'>\n\t\t\t\t\t<a class=\"rollover rollover-zoom dt-pswp-item\" title=\"690094dc-aebb-4353-92a2-7d97ba9d90d7\" data-dt-img-description=\"\" data-large_image_width=\"1600\" data-large_image_height=\"1200\"href='https:\/\/www.radiopiu.net\/wordpress\/wp-content\/uploads\/2021\/11\/690094dc-aebb-4353-92a2-7d97ba9d90d7.jpg'><img loading=\"lazy\" decoding=\"async\" width=\"300\" height=\"225\" src=\"https:\/\/www.radiopiu.net\/wordpress\/wp-content\/uploads\/2021\/11\/690094dc-aebb-4353-92a2-7d97ba9d90d7-300x225.jpg\" class=\"attachment-medium size-medium\" alt=\"\" srcset=\"https:\/\/www.radiopiu.net\/wordpress\/wp-content\/uploads\/2021\/11\/690094dc-aebb-4353-92a2-7d97ba9d90d7-300x225.jpg 300w, https:\/\/www.radiopiu.net\/wordpress\/wp-content\/uploads\/2021\/11\/690094dc-aebb-4353-92a2-7d97ba9d90d7-1024x768.jpg 1024w, https:\/\/www.radiopiu.net\/wordpress\/wp-content\/uploads\/2021\/11\/690094dc-aebb-4353-92a2-7d97ba9d90d7-768x576.jpg 768w, https:\/\/www.radiopiu.net\/wordpress\/wp-content\/uploads\/2021\/11\/690094dc-aebb-4353-92a2-7d97ba9d90d7-1536x1152.jpg 1536w, https:\/\/www.radiopiu.net\/wordpress\/wp-content\/uploads\/2021\/11\/690094dc-aebb-4353-92a2-7d97ba9d90d7.jpg 1600w\" sizes=\"auto, (max-width: 300px) 100vw, 300px\" \/><\/a>\n\t\t\t\t<\/dt><\/dl><dl class='gallery-item'>\n\t\t\t\t<dt class='gallery-icon landscape'>\n\t\t\t\t\t<a class=\"rollover rollover-zoom dt-pswp-item\" title=\"f7e55ba6-45db-4b9b-9a59-eacebfdd5eb6\" data-dt-img-description=\"\" data-large_image_width=\"1600\" data-large_image_height=\"1200\"href='https:\/\/www.radiopiu.net\/wordpress\/wp-content\/uploads\/2021\/11\/f7e55ba6-45db-4b9b-9a59-eacebfdd5eb6.jpg'><img loading=\"lazy\" decoding=\"async\" width=\"300\" height=\"225\" src=\"https:\/\/www.radiopiu.net\/wordpress\/wp-content\/uploads\/2021\/11\/f7e55ba6-45db-4b9b-9a59-eacebfdd5eb6-300x225.jpg\" class=\"attachment-medium size-medium\" alt=\"\" srcset=\"https:\/\/www.radiopiu.net\/wordpress\/wp-content\/uploads\/2021\/11\/f7e55ba6-45db-4b9b-9a59-eacebfdd5eb6-300x225.jpg 300w, https:\/\/www.radiopiu.net\/wordpress\/wp-content\/uploads\/2021\/11\/f7e55ba6-45db-4b9b-9a59-eacebfdd5eb6-1024x768.jpg 1024w, https:\/\/www.radiopiu.net\/wordpress\/wp-content\/uploads\/2021\/11\/f7e55ba6-45db-4b9b-9a59-eacebfdd5eb6-768x576.jpg 768w, https:\/\/www.radiopiu.net\/wordpress\/wp-content\/uploads\/2021\/11\/f7e55ba6-45db-4b9b-9a59-eacebfdd5eb6-1536x1152.jpg 1536w, https:\/\/www.radiopiu.net\/wordpress\/wp-content\/uploads\/2021\/11\/f7e55ba6-45db-4b9b-9a59-eacebfdd5eb6.jpg 1600w\" sizes=\"auto, (max-width: 300px) 100vw, 300px\" \/><\/a>\n\t\t\t\t<\/dt><\/dl><br style=\"clear: both\" \/>\n\t\t\t<\/div>\n\n<p>&nbsp;<\/p>\n<hr \/>\n<p>&nbsp;<\/p>\n<blockquote>\n<h3>TERMINATE LE LEZIONI E GLI ESAMI PER IL GRUPPO ANA DI ROCCA PIETORE<\/h3>\n<\/blockquote>\n<p><strong>ROCCA PIETORE<\/strong> Il neo Gruppo A.N.A di Protezione Civile del Comune di Rocca Pietore ha effettuato tutte le lezioni del corso e gli esami finali per poter essere operativo a tutti gli effetti. &#8220;<em>Grande risorsa per il nostro territorio &#8211; dice il sindaco di Rocca Pietore Andrea De Bernardin &#8211; Ora, unitamente ai gruppi volontari Ambulanza, Soccorso Alpino e Vigili del Fuoco volontari, essi formano una vera e propria Protezione civile per il nostro Comune, svolgendo quelle azioni di supporto molto importanti durante un emergenza. Non finir\u00f2 mai di ringraziare tutti i volontari indistintamente per la loro disponibilit\u00e0. Sono una sicurezza e una certezza per il Comune di Rocca Pietore&#8221;\u00a0<\/em><\/p>\n\n\t\t\t<style type='text\/css'>\n\t\t\t\t#gallery-3 {\n\t\t\t\t\tmargin: auto;\n\t\t\t\t}\n\t\t\t\t#gallery-3 .gallery-item {\n\t\t\t\t\tfloat: left;\n\t\t\t\t\tmargin-top: 10px;\n\t\t\t\t\ttext-align: center;\n\t\t\t\t\twidth: 25%;\n\t\t\t\t}\n\t\t\t\t#gallery-3 img {\n\t\t\t\t\tborder: 2px solid #cfcfcf;\n\t\t\t\t}\n\t\t\t\t#gallery-3 .gallery-caption {\n\t\t\t\t\tmargin-left: 0;\n\t\t\t\t}\n\t\t\t\t\/* see gallery_shortcode() in wp-includes\/media.php *\/\n\t\t\t<\/style>\n\t\t<div id='gallery-3' class='dt-gallery-container gallery galleryid-243515 gallery-columns-4 gallery-size-thumbnail'><dl class='gallery-item'>\n\t\t\t\t<dt class='gallery-icon landscape'>\n\t\t\t\t\t<a class=\"rollover rollover-zoom dt-pswp-item\" title=\"1f9069c4-069f-4155-91e7-407bbacdcb8b\" data-dt-img-description=\"\" data-large_image_width=\"1600\" data-large_image_height=\"1200\"href='https:\/\/www.radiopiu.net\/wordpress\/wp-content\/uploads\/2021\/11\/1f9069c4-069f-4155-91e7-407bbacdcb8b.jpg'><img loading=\"lazy\" decoding=\"async\" width=\"150\" height=\"150\" src=\"https:\/\/www.radiopiu.net\/wordpress\/wp-content\/uploads\/2021\/11\/1f9069c4-069f-4155-91e7-407bbacdcb8b-150x150.jpg\" class=\"attachment-thumbnail size-thumbnail\" alt=\"\" \/><\/a>\n\t\t\t\t<\/dt><\/dl><dl class='gallery-item'>\n\t\t\t\t<dt class='gallery-icon landscape'>\n\t\t\t\t\t<a class=\"rollover rollover-zoom dt-pswp-item\" title=\"4d1eabca-a4e4-456b-9d0d-2b8e4784d6b9\" data-dt-img-description=\"\" data-large_image_width=\"1600\" data-large_image_height=\"1200\"href='https:\/\/www.radiopiu.net\/wordpress\/wp-content\/uploads\/2021\/11\/4d1eabca-a4e4-456b-9d0d-2b8e4784d6b9.jpg'><img loading=\"lazy\" decoding=\"async\" width=\"150\" height=\"150\" src=\"https:\/\/www.radiopiu.net\/wordpress\/wp-content\/uploads\/2021\/11\/4d1eabca-a4e4-456b-9d0d-2b8e4784d6b9-150x150.jpg\" class=\"attachment-thumbnail size-thumbnail\" alt=\"\" \/><\/a>\n\t\t\t\t<\/dt><\/dl><dl class='gallery-item'>\n\t\t\t\t<dt class='gallery-icon landscape'>\n\t\t\t\t\t<a class=\"rollover rollover-zoom dt-pswp-item\" title=\"86e05489-a910-4ae9-8cf4-28043265cd91\" data-dt-img-description=\"\" data-large_image_width=\"1600\" data-large_image_height=\"1200\"href='https:\/\/www.radiopiu.net\/wordpress\/wp-content\/uploads\/2021\/11\/86e05489-a910-4ae9-8cf4-28043265cd91.jpg'><img loading=\"lazy\" decoding=\"async\" width=\"150\" height=\"150\" src=\"https:\/\/www.radiopiu.net\/wordpress\/wp-content\/uploads\/2021\/11\/86e05489-a910-4ae9-8cf4-28043265cd91-150x150.jpg\" class=\"attachment-thumbnail size-thumbnail\" alt=\"\" \/><\/a>\n\t\t\t\t<\/dt><\/dl><dl class='gallery-item'>\n\t\t\t\t<dt class='gallery-icon portrait'>\n\t\t\t\t\t<a class=\"rollover rollover-zoom dt-pswp-item\" title=\"f321c043-d607-4796-bd19-ce1a47217963\" data-dt-img-description=\"\" data-large_image_width=\"1200\" data-large_image_height=\"1600\"href='https:\/\/www.radiopiu.net\/wordpress\/wp-content\/uploads\/2021\/11\/f321c043-d607-4796-bd19-ce1a47217963.jpg'><img loading=\"lazy\" decoding=\"async\" width=\"150\" height=\"150\" src=\"https:\/\/www.radiopiu.net\/wordpress\/wp-content\/uploads\/2021\/11\/f321c043-d607-4796-bd19-ce1a47217963-150x150.jpg\" class=\"attachment-thumbnail size-thumbnail\" alt=\"\" \/><\/a>\n\t\t\t\t<\/dt><\/dl><br style=\"clear: both\" \/><dl class='gallery-item'>\n\t\t\t\t<dt class='gallery-icon portrait'>\n\t\t\t\t\t<a class=\"rollover rollover-zoom dt-pswp-item\" title=\"1fd9cad7-9f72-472c-8017-f76675051319\" data-dt-img-description=\"\" data-large_image_width=\"1200\" data-large_image_height=\"1600\"href='https:\/\/www.radiopiu.net\/wordpress\/wp-content\/uploads\/2021\/11\/1fd9cad7-9f72-472c-8017-f76675051319.jpg'><img loading=\"lazy\" decoding=\"async\" width=\"150\" height=\"150\" src=\"https:\/\/www.radiopiu.net\/wordpress\/wp-content\/uploads\/2021\/11\/1fd9cad7-9f72-472c-8017-f76675051319-150x150.jpg\" class=\"attachment-thumbnail size-thumbnail\" alt=\"\" \/><\/a>\n\t\t\t\t<\/dt><\/dl><dl class='gallery-item'>\n\t\t\t\t<dt class='gallery-icon landscape'>\n\t\t\t\t\t<a class=\"rollover rollover-zoom dt-pswp-item\" title=\"5ee27ba8-db22-47b3-9f2c-ab8ea66ff6eb\" data-dt-img-description=\"\" data-large_image_width=\"1600\" data-large_image_height=\"1200\"href='https:\/\/www.radiopiu.net\/wordpress\/wp-content\/uploads\/2021\/11\/5ee27ba8-db22-47b3-9f2c-ab8ea66ff6eb.jpg'><img loading=\"lazy\" decoding=\"async\" width=\"150\" height=\"150\" src=\"https:\/\/www.radiopiu.net\/wordpress\/wp-content\/uploads\/2021\/11\/5ee27ba8-db22-47b3-9f2c-ab8ea66ff6eb-150x150.jpg\" class=\"attachment-thumbnail size-thumbnail\" alt=\"\" \/><\/a>\n\t\t\t\t<\/dt><\/dl><dl class='gallery-item'>\n\t\t\t\t<dt class='gallery-icon landscape'>\n\t\t\t\t\t<a class=\"rollover rollover-zoom dt-pswp-item\" title=\"2dee797b-b0be-4ea7-9309-7d9b0c5b7686\" data-dt-img-description=\"\" data-large_image_width=\"1600\" data-large_image_height=\"1200\"href='https:\/\/www.radiopiu.net\/wordpress\/wp-content\/uploads\/2021\/11\/2dee797b-b0be-4ea7-9309-7d9b0c5b7686.jpg'><img loading=\"lazy\" decoding=\"async\" width=\"150\" height=\"150\" src=\"https:\/\/www.radiopiu.net\/wordpress\/wp-content\/uploads\/2021\/11\/2dee797b-b0be-4ea7-9309-7d9b0c5b7686-150x150.jpg\" class=\"attachment-thumbnail size-thumbnail\" alt=\"\" \/><\/a>\n\t\t\t\t<\/dt><\/dl>\n\t\t\t\t<br style='clear: both' \/>\n\t\t\t<\/div>\n\n<p>&nbsp;<\/p>\n<hr \/>\n<p>&nbsp;<\/p>\n<blockquote>\n<h3>ANCHE AD AGORDO VERRA&#8217; PIANTATO L&#8217;ALBERO DI FALCONE<\/h3>\n<\/blockquote>\n<p><strong><a href=\"https:\/\/www.radiopiu.net\/wordpress\/una-semplice\/a6f2e1ab-3eee-4bd8-94c2-1e61077f1e91\/\" rel=\"attachment wp-att-151435\"><img loading=\"lazy\" decoding=\"async\" class=\" wp-image-151435 alignleft\" src=\"https:\/\/www.radiopiu.net\/wordpress\/wp-content\/uploads\/2020\/07\/a6f2e1ab-3eee-4bd8-94c2-1e61077f1e91-300x225.jpg\" alt=\"\" width=\"215\" height=\"161\" srcset=\"https:\/\/www.radiopiu.net\/wordpress\/wp-content\/uploads\/2020\/07\/a6f2e1ab-3eee-4bd8-94c2-1e61077f1e91-300x225.jpg 300w, https:\/\/www.radiopiu.net\/wordpress\/wp-content\/uploads\/2020\/07\/a6f2e1ab-3eee-4bd8-94c2-1e61077f1e91-768x576.jpg 768w, https:\/\/www.radiopiu.net\/wordpress\/wp-content\/uploads\/2020\/07\/a6f2e1ab-3eee-4bd8-94c2-1e61077f1e91.jpg 960w\" sizes=\"auto, (max-width: 215px) 100vw, 215px\" \/><\/a>AGORDO<\/strong><\/p>\n<p>di Gianni Santomaso<\/p>\n<audio class=\"wp-audio-shortcode\" id=\"audio-243515-2\" preload=\"none\" style=\"width: 100%;\" controls=\"controls\"><source type=\"audio\/mpeg\" src=\"https:\/\/www.radiopiu.net\/wordpress\/wp-content\/uploads\/2021\/11\/GIANNI-ALBERO-FALCONE-1.mp3?_=2\" \/><a href=\"https:\/\/www.radiopiu.net\/wordpress\/wp-content\/uploads\/2021\/11\/GIANNI-ALBERO-FALCONE-1.mp3\">https:\/\/www.radiopiu.net\/wordpress\/wp-content\/uploads\/2021\/11\/GIANNI-ALBERO-FALCONE-1.mp3<\/a><\/audio>\n<p>&nbsp;<\/p>\n<hr \/>\n<p>&nbsp;<\/p>\n<blockquote>\n<h3>PROMOZIONE TURISTICA E LAVORI A SAN TOMASO<\/h3>\n<\/blockquote>\n<p><strong><a href=\"https:\/\/www.radiopiu.net\/wordpress\/il-sogno-di-san-tomaso-il-centro-di-raccolta-di-biodiversita\/san-tomaso-agordino\/\" rel=\"attachment wp-att-224233\"><img loading=\"lazy\" decoding=\"async\" class=\" wp-image-224233 alignleft\" src=\"https:\/\/www.radiopiu.net\/wordpress\/wp-content\/uploads\/2021\/07\/SAN-TOMASO-AGORDINO-300x238.png\" alt=\"\" width=\"216\" height=\"171\" srcset=\"https:\/\/www.radiopiu.net\/wordpress\/wp-content\/uploads\/2021\/07\/SAN-TOMASO-AGORDINO-300x238.png 300w, https:\/\/www.radiopiu.net\/wordpress\/wp-content\/uploads\/2021\/07\/SAN-TOMASO-AGORDINO-1024x813.png 1024w, https:\/\/www.radiopiu.net\/wordpress\/wp-content\/uploads\/2021\/07\/SAN-TOMASO-AGORDINO-768x610.png 768w, https:\/\/www.radiopiu.net\/wordpress\/wp-content\/uploads\/2021\/07\/SAN-TOMASO-AGORDINO-1536x1220.png 1536w, https:\/\/www.radiopiu.net\/wordpress\/wp-content\/uploads\/2021\/07\/SAN-TOMASO-AGORDINO.png 1906w\" sizes=\"auto, (max-width: 216px) 100vw, 216px\" \/><\/a>SAN TOMASO<\/strong><\/p>\n<p>Di Gianni Santomaso<\/p>\n<audio class=\"wp-audio-shortcode\" id=\"audio-243515-3\" preload=\"none\" style=\"width: 100%;\" controls=\"controls\"><source type=\"audio\/mpeg\" src=\"https:\/\/www.radiopiu.net\/wordpress\/wp-content\/uploads\/2021\/11\/GIANNI-SAN-TOMASO-PROMOZIONE-TURISTICA.mp3?_=3\" \/><a href=\"https:\/\/www.radiopiu.net\/wordpress\/wp-content\/uploads\/2021\/11\/GIANNI-SAN-TOMASO-PROMOZIONE-TURISTICA.mp3\">https:\/\/www.radiopiu.net\/wordpress\/wp-content\/uploads\/2021\/11\/GIANNI-SAN-TOMASO-PROMOZIONE-TURISTICA.mp3<\/a><\/audio>\n<p>&nbsp;<\/p>\n<hr \/>\n<p>&nbsp;<\/p>\n<blockquote>\n<h3>CROCE BIANCA FODOM, DOVEROSO NON PERDERE LA MEMORIA STORICA<\/h3>\n<\/blockquote>\n<p>&nbsp;<\/p>\n<p><strong><img loading=\"lazy\" decoding=\"async\" class=\"alignleft\" src=\"https:\/\/www.radiopiu.net\/wordpress\/wp-content\/uploads\/2021\/11\/auto-vor-sitz_it.jpg\" width=\"275\" height=\"155\" \/> <\/strong><\/p>\n<p><strong>LIVINALLONGO\u00a0 <\/strong>Il Comune acquisisce la sede della Croce Bianca, il gruppo consiliare di minoranza ha chiesto un&#8217;integrazione della delibera per non dimenticare la storia e i personaggi che l&#8217;hanno scritta.<\/p>\n<p>&nbsp;<\/p>\n<p><em>&#8220;&#8230;. l&#8217;acquisizione dell&#8217;immobile in oggetto rientra nell&#8217;ambito del progetto complessivo di miglioramento dei servizi di soccorso ed assistenza sul territorio del Comune di Livinallongo del Col di Lana, approvato con Deliberazione della Giunta Comunale\u00a0 nel 2017, a valere interamente sui contributi del Fondo Comuni Confinanti (annualit\u00e0 2017), per un costodi Euro 208.332,61&#8230;&#8221;<\/em><\/p>\n<p>&nbsp;<\/p>\n<p><strong>IL CONSIGLIERE COMUNALE DANIELA TEMPLARI<\/strong><\/p>\n<audio class=\"wp-audio-shortcode\" id=\"audio-243515-4\" preload=\"none\" style=\"width: 100%;\" controls=\"controls\"><source type=\"audio\/mpeg\" src=\"https:\/\/www.radiopiu.net\/wordpress\/wp-content\/uploads\/2021\/11\/TEMPLARI.mp3?_=4\" \/><a href=\"https:\/\/www.radiopiu.net\/wordpress\/wp-content\/uploads\/2021\/11\/TEMPLARI.mp3\">https:\/\/www.radiopiu.net\/wordpress\/wp-content\/uploads\/2021\/11\/TEMPLARI.mp3<\/a><\/audio>\n<p>&nbsp;<\/p>\n<p><strong>LA DELIBERA<\/strong><\/p>\n<a href=\"https:\/\/www.radiopiu.net\/wordpress\/wp-content\/uploads\/2021\/11\/Deliberazione-CC-44.pdf\" class=\"pdfemb-viewer\" style=\"\" data-width=\"max\" data-height=\"max\" data-toolbar=\"top\" data-toolbar-fixed=\"on\">Deliberazione CC 44<\/a>\n<p>&nbsp;<\/p>\n<hr \/>\n<p>&nbsp;<\/p>\n<blockquote>\n<h3>TERNA A\u00a0 OTTOBRE AUMENTO DEI CONSUMI ELETTRICI E INDUSTRIALI<\/h3>\n<\/blockquote>\n<p><em>\u00a0<\/em><em>Nel mese di ottobre, la domanda di energia elettrica in Italia \u00e8 stata soddisfatta per circa l\u201985% con produzione nazionale e per la quota restante (15%) dal saldo dell\u2019energia scambiata con l\u2019estero.<\/em><\/p>\n<p><a href=\"https:\/\/www.radiopiu.net\/wordpress\/giornale-radiopiu-05-febbraio-2021-direttore-mirko-mezzacasa\/foto-terna-cortina_4\/\" rel=\"attachment wp-att-188876\"><img loading=\"lazy\" decoding=\"async\" class=\" wp-image-188876 alignleft\" src=\"https:\/\/www.radiopiu.net\/wordpress\/wp-content\/uploads\/2021\/02\/FOTO-TERNA-CORTINA_4-300x200.jpg\" alt=\"\" width=\"227\" height=\"151\" srcset=\"https:\/\/www.radiopiu.net\/wordpress\/wp-content\/uploads\/2021\/02\/FOTO-TERNA-CORTINA_4-300x200.jpg 300w, https:\/\/www.radiopiu.net\/wordpress\/wp-content\/uploads\/2021\/02\/FOTO-TERNA-CORTINA_4-1024x683.jpg 1024w, https:\/\/www.radiopiu.net\/wordpress\/wp-content\/uploads\/2021\/02\/FOTO-TERNA-CORTINA_4-768x512.jpg 768w, https:\/\/www.radiopiu.net\/wordpress\/wp-content\/uploads\/2021\/02\/FOTO-TERNA-CORTINA_4-1536x1024.jpg 1536w, https:\/\/www.radiopiu.net\/wordpress\/wp-content\/uploads\/2021\/02\/FOTO-TERNA-CORTINA_4-2048x1365.jpg 2048w\" sizes=\"auto, (max-width: 227px) 100vw, 227px\" \/><\/a><strong>ROMA<\/strong>\u00a0 Aumentano i consumi elettrici e industriali in Veneto. Secondo le analisi di Terna, la societ\u00e0 che gestisce la rete elettrica nazionale, l\u2019energia elettrica consumata nel mese di ottobre 2021 \u00e8 in crescita del 2,3% rispetto allo stesso mese del 2020. Le fonti rinnovabili hanno coperto il 24% della domanda elettrica regionale. L\u2019indice IMCEI fa registrare, inoltre, un aumento dei consumi industriali regionali dell\u20191,3% rispetto ai valori di ottobre dello scorso anno. In crescita i comparti di tessile, abbigliamento e calzature; positivi anche i settori di metalli non ferrosi, cartaria, lavorazioni di plastica e gomma. In ripresa i consumi nel comparto della meccanica. L\u2019analisi dettagliata della domanda elettrica mensile provvisoria del 2021 \u00e8 disponibile sul sito www.terna.it<\/p>\n<p>&nbsp;<\/p>\n<p>&nbsp;<\/p>\n<hr \/>\n<p>&nbsp;<\/p>\n<blockquote>\n<h3>LA BIBLIOTECA DI BELLUNO RICORDA TITO LIVIO BURATTINI<\/h3>\n<p><strong>Agordo ringrazia la pagina facebook Biblioteca Belluno <span style=\"color: #0000ff;\"><a style=\"color: #0000ff;\" href=\"https:\/\/www.facebook.com\/bcbelluno\/posts\/4662749783781271\">CLICCA QUI\u00a0 <\/a><\/span>che non ha dimenticato un anniversario importante, la\u00a0 morte di Tito Livio Burattini che tra l&#8217;altro da il nome alle scuole primarie della citt\u00e0\u00a0<\/strong><\/p><\/blockquote>\n<p><a href=\"https:\/\/www.radiopiu.net\/wordpress\/giornale-radiopiu-19-novembre-2021-direttore-mirko-mezzacasa\/257148034_4657265114329738_4268392048888976180_n\/\" rel=\"attachment wp-att-243743\"><img loading=\"lazy\" decoding=\"async\" class=\"wp-image-243743 alignright\" src=\"https:\/\/www.radiopiu.net\/wordpress\/wp-content\/uploads\/2021\/11\/257148034_4657265114329738_4268392048888976180_n-300x300.jpg\" alt=\"\" width=\"243\" height=\"243\" srcset=\"https:\/\/www.radiopiu.net\/wordpress\/wp-content\/uploads\/2021\/11\/257148034_4657265114329738_4268392048888976180_n-300x300.jpg 300w, https:\/\/www.radiopiu.net\/wordpress\/wp-content\/uploads\/2021\/11\/257148034_4657265114329738_4268392048888976180_n-150x150.jpg 150w, https:\/\/www.radiopiu.net\/wordpress\/wp-content\/uploads\/2021\/11\/257148034_4657265114329738_4268392048888976180_n.jpg 382w\" sizes=\"auto, (max-width: 243px) 100vw, 243px\" \/><\/a><strong>UN AGORDINO GENIALE E POLIVALENTE<\/strong> Sofferente di gotta, l&#8217;agordino Tito Livio Burattini mor\u00ec povero in Polonia 340 anni fa, il 17 novembre 1681. In tempi di Covid, lo ricordiamo perch\u00e8 invent\u00f2 il metro, che oggi \u00e8 l&#8217;unit\u00e0 di misura del distanziamento: \u00ab\u00c8 la lunghezza di un pendolo\u00bb -scrisse nella &#8220;Misura universale&#8221; edita nel 1675- \u00abche fa una vibrazione nel tempo di un minuto secondo, cio\u00e8, che faccia in un ora 3600 vibrazioni\u00bb. Precursore del sistema metrico decimale, il suo metro cattolico conquist\u00f2 il mondo, uniformando finalmente ovunque le misurazioni. Di famiglia agiata, Burattini, genio poliedrico, ebbe una vita piena, tra viaggi, politica, affari e soprattutto studi. Ventenne, fu disegnatore e cartografo in Egitto, riproducendo diversi monumenti antichi. Nel 1642 si trasfer\u00ec in Polonia, ove si afferm\u00f2. Architetto reale a Cracovia, realizz\u00f2 diversi palazzi e con Stanislaw Pudlowski, allievo di Galileo, e Girolamo Pinocci, di origine italiana, comp\u00ec esperimenti ottici e contribu\u00ec alla scoperta sulla superficie di Venere di macchie simili a quelle lunari. Costru\u00ec con successo anche lenti per microscopi e telescopi. Nel 1645 pubblic\u00f2 la Bilancia Sincera, proponendo un perfezionamento della bilancia idrostatica di Galileo: il sistema da lui ideato individu\u00f2 con maggior precisione i pesi specifci dei metalli preziosi. Attivissimo, nel 1648 Burattini progett\u00f2 il dragone volante, una macchina per volare che per\u00f2 non realizz\u00f2, gest\u00ec le miniere di piombo e argento di Olkusz,e nel 1655-56 svolse una missione diplomatica a Vienna per trovare finanziamenti per la guerra contro la Svezia. Partecip\u00f2 alla guerra svedese al comando d&#8217;una compagnia di fanti reclutata a sue spese, e, ricompensato con la nobilitazione, spos\u00f2 l&#8217;aristocratica Teresa Opacka. Diresse la zecca di stato polacca e realizz\u00f2 la prima calcolatrice meccanica italiana, un&#8217;addizionatrice esposta al museo Galileo di Firenze.<\/p>\n<p>&nbsp;<\/p>\n<p>&nbsp;<\/p>\n<p>&nbsp;<\/p>\n<hr \/>\n<p>&nbsp;<\/p>\n<p>&nbsp;<\/p>\n<blockquote>\n<h3><span style=\"color: #0000ff;\"><span style=\"color: #000000;\">PROGETTO DI VALORIZZAZIONE DEI TERRITORI COLPITI DALL\u2019EVENTO VAIA E DALLE VICENDE STORICHE DELLA PRIMA GUERRA MONDIALE <\/span><br \/>\n<\/span><\/h3>\n<\/blockquote>\n<p><span style=\"color: #0000ff;\"><span style=\"color: #000000;\"><strong><a href=\"https:\/\/www.radiopiu.net\/wordpress\/adunanza-cai-a-la-marol\/cai-3\/\" rel=\"attachment wp-att-174710\"><img loading=\"lazy\" decoding=\"async\" class=\"size-full wp-image-174710 alignleft\" src=\"https:\/\/www.radiopiu.net\/wordpress\/wp-content\/uploads\/2020\/11\/cai.jpeg\" alt=\"\" width=\"225\" height=\"225\" srcset=\"https:\/\/www.radiopiu.net\/wordpress\/wp-content\/uploads\/2020\/11\/cai.jpeg 225w, https:\/\/www.radiopiu.net\/wordpress\/wp-content\/uploads\/2020\/11\/cai-150x150.jpeg 150w\" sizes=\"auto, (max-width: 225px) 100vw, 225px\" \/><\/a>VENEZIA<\/strong> Il Gruppo Regionale CAI del Veneto ha aderito al bando di selezione progetti di valorizzazione dei territori del Veneto colpiti dall&#8217;Evento Vaia\u00a0 in memoria delle vicende storiche della Prima Guerra Mondiale. Per raggiungere gli obiettivi posti dal progetto sono state individuate 6 azioni: MOSTRA FOTOGRAFICA: \u201cMontagna Veneta un territorio lacerato. Dal bianco e nero al colore.\u201d CONFERENZEDI ESPERTI DEL CAI: per spiegare la relazione tra i danni causati dalla Grande Guerra e gli effetti di Vaia al patrimonio boschivo Veneto. CORSI PER DOCENTI: \u201cLa montagna veneta, teatro di distruzione e ricostruzione&#8221; CONCORSO: \u201cVenti di Guerra. Venti di bufera. Uomini e alberi caduti\u201d <\/span><br \/>\n<span style=\"color: #000000;\">aperto agli studenti delle scuole di ogni ordine e grado della Regione Veneto\u00a0 LIBRO: \u201cCent\u2019anni sull\u2019Altopiano &#8211; analogie e differenze tra i due disastrosi eventi\u201d <\/span><br \/>\n<span style=\"color: #000000;\">Realizzato con i contributi scritti e fotografici di: Daniele Zovi, Raffaele Cavalli, Paola Favero, Marco Pellegrini, Daniele Savio e Annibale Salsa QUADERNO: \u201cPercorsi storici: tra avamposti trincee e schianti.\u201d\u00a0<\/span><br \/>\n<\/span><\/p>\n<p>&nbsp;<\/p>\n<p>&nbsp;<\/p>\n<hr \/>\n<p>&nbsp;<\/p>\n<p>&nbsp;<\/p>\n<blockquote>\n<h3>GIORNATA NAZIONALE DEGLI ALBERI CON LE SCUOLE DI MUSSOI E CASTION<\/h3>\n<\/blockquote>\n<p><a href=\"https:\/\/www.radiopiu.net\/wordpress\/?attachment_id=243615\" rel=\"attachment wp-att-243615\"><img loading=\"lazy\" decoding=\"async\" class=\" wp-image-243615 alignleft\" src=\"https:\/\/www.radiopiu.net\/wordpress\/wp-content\/uploads\/2021\/11\/Parco-Villa-Clizia-Mussoi-Anacleto-Boranga-1-225x300.jpg\" alt=\"\" width=\"160\" height=\"213\" srcset=\"https:\/\/www.radiopiu.net\/wordpress\/wp-content\/uploads\/2021\/11\/Parco-Villa-Clizia-Mussoi-Anacleto-Boranga-1-225x300.jpg 225w, https:\/\/www.radiopiu.net\/wordpress\/wp-content\/uploads\/2021\/11\/Parco-Villa-Clizia-Mussoi-Anacleto-Boranga-1-768x1024.jpg 768w, https:\/\/www.radiopiu.net\/wordpress\/wp-content\/uploads\/2021\/11\/Parco-Villa-Clizia-Mussoi-Anacleto-Boranga-1-1152x1536.jpg 1152w, https:\/\/www.radiopiu.net\/wordpress\/wp-content\/uploads\/2021\/11\/Parco-Villa-Clizia-Mussoi-Anacleto-Boranga-1-1536x2048.jpg 1536w, https:\/\/www.radiopiu.net\/wordpress\/wp-content\/uploads\/2021\/11\/Parco-Villa-Clizia-Mussoi-Anacleto-Boranga-1.jpg 1920w\" sizes=\"auto, (max-width: 160px) 100vw, 160px\" \/><\/a><strong>BELLUNO<\/strong>\u00a0 Nuovi alberi e arbusti piantati in scuole e parchi per celebrare la Giornata nazionale degli alberi, che ricorre domenica: coinvolti nella tradizionale \u201cFesta degli alberi\u201d saranno i bambini delle scuole di Mussoi e di Castion.\u00a0 Oggi tocca agli alunni della scuola primaria &#8220;Rino Sorio&#8221; di Mussoi assistere alla messa a dimora di alcune specie arbustive all&#8217;interno del giardino della scuola da parte dei Carabinieri Forestali di Belluno. Domani gli scolari della scuola primaria \u201cValeriano\u201d di Castion raggiungeranno il parco comunale di Villa Clizia a Mussoi dove, accompagnati dalle musiche di Ermes Viel, potranno ascoltare i racconti dell\u2019educatore ambientale Anacleto Boranga<\/p>\n<p><strong>L&#8217;ASSESSORE ALLE POLITICHE AMBIENTALI ALBERTO SIMIELE<\/strong><\/p>\n<audio class=\"wp-audio-shortcode\" id=\"audio-243515-5\" preload=\"none\" style=\"width: 100%;\" controls=\"controls\"><source type=\"audio\/mpeg\" src=\"https:\/\/www.radiopiu.net\/wordpress\/wp-content\/uploads\/2021\/11\/Simiele-Festa-alberi-2021.mp3?_=5\" \/><a href=\"https:\/\/www.radiopiu.net\/wordpress\/wp-content\/uploads\/2021\/11\/Simiele-Festa-alberi-2021.mp3\">https:\/\/www.radiopiu.net\/wordpress\/wp-content\/uploads\/2021\/11\/Simiele-Festa-alberi-2021.mp3<\/a><\/audio>\n<p>&nbsp;<\/p>\n<p>&nbsp;<\/p>\n<hr \/>\n<p>&nbsp;<\/p>\n<blockquote class=\"wp-embedded-content\" data-secret=\"ix3eXjlrlo\"><p><a href=\"https:\/\/www.radiopiu.net\/wordpress\/aggiornamentonov18\/\">CORONAVIRUS: AGGIORNAMENTO NAZIONALE 18 NOVEMBRE  2021<\/a><\/p><\/blockquote>\n<p><iframe loading=\"lazy\" class=\"wp-embedded-content\" sandbox=\"allow-scripts\" security=\"restricted\" style=\"position: absolute; clip: rect(1px, 1px, 1px, 1px);\" title=\"&#8220;CORONAVIRUS: AGGIORNAMENTO NAZIONALE 18 NOVEMBRE  2021&#8221; &#8212; Radio Pi\u00f9\" src=\"https:\/\/www.radiopiu.net\/wordpress\/aggiornamentonov18\/embed\/#?secret=ix3eXjlrlo\" data-secret=\"ix3eXjlrlo\" width=\"600\" height=\"338\" frameborder=\"0\" marginwidth=\"0\" marginheight=\"0\" scrolling=\"no\"><\/iframe><\/p>\n<p>&nbsp;<\/p>\n<blockquote class=\"wp-embedded-content\" data-secret=\"SvUz1yHNSu\"><p><a href=\"https:\/\/www.radiopiu.net\/wordpress\/agg19nov\/\">1603 POSTIVI IN 24 ORE E QUASI 1000 POSITIVI ATTUALI IN PIU&#8217; RISPETTO A IERI, RICOVERI IN AUMENTO<\/a><\/p><\/blockquote>\n<p><iframe loading=\"lazy\" class=\"wp-embedded-content\" sandbox=\"allow-scripts\" security=\"restricted\" style=\"position: absolute; clip: rect(1px, 1px, 1px, 1px);\" title=\"&#8220;1603 POSTIVI IN 24 ORE E QUASI 1000 POSITIVI ATTUALI IN PIU&#8217; RISPETTO A IERI, RICOVERI IN AUMENTO&#8221; &#8212; Radio Pi\u00f9\" src=\"https:\/\/www.radiopiu.net\/wordpress\/agg19nov\/embed\/#?secret=SvUz1yHNSu\" data-secret=\"SvUz1yHNSu\" width=\"600\" height=\"338\" frameborder=\"0\" marginwidth=\"0\" marginheight=\"0\" scrolling=\"no\"><\/iframe><\/p>\n<p>&nbsp;<\/p>\n<h2>I GRAFICI DI TIZIANO DE COL<\/h2>\n\n\t\t\t<style type='text\/css'>\n\t\t\t\t#gallery-4 {\n\t\t\t\t\tmargin: auto;\n\t\t\t\t}\n\t\t\t\t#gallery-4 .gallery-item {\n\t\t\t\t\tfloat: left;\n\t\t\t\t\tmargin-top: 10px;\n\t\t\t\t\ttext-align: center;\n\t\t\t\t\twidth: 33%;\n\t\t\t\t}\n\t\t\t\t#gallery-4 img {\n\t\t\t\t\tborder: 2px solid #cfcfcf;\n\t\t\t\t}\n\t\t\t\t#gallery-4 .gallery-caption {\n\t\t\t\t\tmargin-left: 0;\n\t\t\t\t}\n\t\t\t\t\/* see gallery_shortcode() in wp-includes\/media.php *\/\n\t\t\t<\/style>\n\t\t<div id='gallery-4' class='dt-gallery-container gallery galleryid-243515 gallery-columns-3 gallery-size-medium'><dl class='gallery-item'>\n\t\t\t\t<dt class='gallery-icon landscape'>\n\t\t\t\t\t<a class=\"rollover rollover-zoom dt-pswp-item\" title=\"b948443f-acb0-43fe-8dd8-dd9e3ed78c3c\" data-dt-img-description=\"\" data-large_image_width=\"590\" data-large_image_height=\"356\"href='https:\/\/www.radiopiu.net\/wordpress\/wp-content\/uploads\/2021\/11\/b948443f-acb0-43fe-8dd8-dd9e3ed78c3c.jpg'><img loading=\"lazy\" decoding=\"async\" width=\"300\" height=\"181\" src=\"https:\/\/www.radiopiu.net\/wordpress\/wp-content\/uploads\/2021\/11\/b948443f-acb0-43fe-8dd8-dd9e3ed78c3c-300x181.jpg\" class=\"attachment-medium size-medium\" alt=\"\" srcset=\"https:\/\/www.radiopiu.net\/wordpress\/wp-content\/uploads\/2021\/11\/b948443f-acb0-43fe-8dd8-dd9e3ed78c3c-300x181.jpg 300w, https:\/\/www.radiopiu.net\/wordpress\/wp-content\/uploads\/2021\/11\/b948443f-acb0-43fe-8dd8-dd9e3ed78c3c.jpg 590w\" sizes=\"auto, (max-width: 300px) 100vw, 300px\" \/><\/a>\n\t\t\t\t<\/dt><\/dl><dl class='gallery-item'>\n\t\t\t\t<dt class='gallery-icon landscape'>\n\t\t\t\t\t<a class=\"rollover rollover-zoom dt-pswp-item\" title=\"8386b524-e2e6-4080-b78b-3255c39d2169\" data-dt-img-description=\"\" data-large_image_width=\"610\" data-large_image_height=\"355\"href='https:\/\/www.radiopiu.net\/wordpress\/wp-content\/uploads\/2021\/11\/8386b524-e2e6-4080-b78b-3255c39d2169.jpg'><img loading=\"lazy\" decoding=\"async\" width=\"300\" height=\"175\" src=\"https:\/\/www.radiopiu.net\/wordpress\/wp-content\/uploads\/2021\/11\/8386b524-e2e6-4080-b78b-3255c39d2169-300x175.jpg\" class=\"attachment-medium size-medium\" alt=\"\" srcset=\"https:\/\/www.radiopiu.net\/wordpress\/wp-content\/uploads\/2021\/11\/8386b524-e2e6-4080-b78b-3255c39d2169-300x175.jpg 300w, https:\/\/www.radiopiu.net\/wordpress\/wp-content\/uploads\/2021\/11\/8386b524-e2e6-4080-b78b-3255c39d2169.jpg 610w\" sizes=\"auto, (max-width: 300px) 100vw, 300px\" \/><\/a>\n\t\t\t\t<\/dt><\/dl><dl class='gallery-item'>\n\t\t\t\t<dt class='gallery-icon landscape'>\n\t\t\t\t\t<a class=\"rollover rollover-zoom dt-pswp-item\" title=\"52fdee4b-3bf4-4a10-9dbf-2e65729ddaab\" data-dt-img-description=\"\" data-large_image_width=\"610\" data-large_image_height=\"356\"href='https:\/\/www.radiopiu.net\/wordpress\/wp-content\/uploads\/2021\/11\/52fdee4b-3bf4-4a10-9dbf-2e65729ddaab.jpg'><img loading=\"lazy\" decoding=\"async\" width=\"300\" height=\"175\" src=\"https:\/\/www.radiopiu.net\/wordpress\/wp-content\/uploads\/2021\/11\/52fdee4b-3bf4-4a10-9dbf-2e65729ddaab-300x175.jpg\" class=\"attachment-medium size-medium\" alt=\"\" srcset=\"https:\/\/www.radiopiu.net\/wordpress\/wp-content\/uploads\/2021\/11\/52fdee4b-3bf4-4a10-9dbf-2e65729ddaab-300x175.jpg 300w, https:\/\/www.radiopiu.net\/wordpress\/wp-content\/uploads\/2021\/11\/52fdee4b-3bf4-4a10-9dbf-2e65729ddaab.jpg 610w\" sizes=\"auto, (max-width: 300px) 100vw, 300px\" \/><\/a>\n\t\t\t\t<\/dt><\/dl><br style=\"clear: both\" \/><dl class='gallery-item'>\n\t\t\t\t<dt class='gallery-icon landscape'>\n\t\t\t\t\t<a class=\"rollover rollover-zoom dt-pswp-item\" title=\"c8275b97-76ee-41be-b5c8-7ac2edaf52da\" data-dt-img-description=\"\" data-large_image_width=\"600\" data-large_image_height=\"350\"href='https:\/\/www.radiopiu.net\/wordpress\/wp-content\/uploads\/2021\/11\/c8275b97-76ee-41be-b5c8-7ac2edaf52da.jpg'><img loading=\"lazy\" decoding=\"async\" width=\"300\" height=\"175\" src=\"https:\/\/www.radiopiu.net\/wordpress\/wp-content\/uploads\/2021\/11\/c8275b97-76ee-41be-b5c8-7ac2edaf52da-300x175.jpg\" class=\"attachment-medium size-medium\" alt=\"\" srcset=\"https:\/\/www.radiopiu.net\/wordpress\/wp-content\/uploads\/2021\/11\/c8275b97-76ee-41be-b5c8-7ac2edaf52da-300x175.jpg 300w, https:\/\/www.radiopiu.net\/wordpress\/wp-content\/uploads\/2021\/11\/c8275b97-76ee-41be-b5c8-7ac2edaf52da.jpg 600w\" sizes=\"auto, (max-width: 300px) 100vw, 300px\" \/><\/a>\n\t\t\t\t<\/dt><\/dl><dl class='gallery-item'>\n\t\t\t\t<dt class='gallery-icon landscape'>\n\t\t\t\t\t<a class=\"rollover rollover-zoom dt-pswp-item\" title=\"6e711fa7-c163-4db0-a34f-99e58267e646\" data-dt-img-description=\"\" data-large_image_width=\"600\" data-large_image_height=\"364\"href='https:\/\/www.radiopiu.net\/wordpress\/wp-content\/uploads\/2021\/11\/6e711fa7-c163-4db0-a34f-99e58267e646.jpg'><img loading=\"lazy\" decoding=\"async\" width=\"300\" height=\"182\" src=\"https:\/\/www.radiopiu.net\/wordpress\/wp-content\/uploads\/2021\/11\/6e711fa7-c163-4db0-a34f-99e58267e646-300x182.jpg\" class=\"attachment-medium size-medium\" alt=\"\" srcset=\"https:\/\/www.radiopiu.net\/wordpress\/wp-content\/uploads\/2021\/11\/6e711fa7-c163-4db0-a34f-99e58267e646-300x182.jpg 300w, https:\/\/www.radiopiu.net\/wordpress\/wp-content\/uploads\/2021\/11\/6e711fa7-c163-4db0-a34f-99e58267e646.jpg 600w\" sizes=\"auto, (max-width: 300px) 100vw, 300px\" \/><\/a>\n\t\t\t\t<\/dt><\/dl>\n\t\t\t\t<br style='clear: both' \/>\n\t\t\t<\/div>\n\n<p>&nbsp;<\/p>\n<hr \/>\n<p>&nbsp;<\/p>\n<blockquote>\n<h3>ULSS 1 DOLOMITI: CONTAGI E RICOVERI, IL CONFRONTO CON IL 2020<\/h3>\n<\/blockquote>\n<p><strong>BELLUNO<\/strong> L&#8217;Ulss 1 Dolomiti fa il confronto con lo scorso anno per quanto riguarda i contagi e i ricoveri per Covid-19. I nuovi positivi, seppur in aumento, sono nel 2021 di gran lunga inferiori allo scorso anno. Il numero delle persone che necessitano di un ricovero ospedaliero quest\u2019anno sono nettamente inferiori rispetto al 2020. <em>\u00abE&#8217; evidente che il virus circola nel nostro territorio, ma la vaccinazione ha radicalmente modificato l\u2019impatto sugli ospedali e sulla vita delle persone. Il numero dei nuovi positivi registra un trend in crescita, pertanto consiglio a chi non lo ha ancora fatto di vaccinarsi. Questi dati dimostrano l\u2019efficacia della vaccinazione nel prevenire le forme cliniche pi\u00f9 impegnative sia per i pazienti che per le organizzazioni sanitarie che possono cos\u00ec continuare a curare le altre patologie\u00bb commenta il direttore generale Maria Grazia Carraro.<\/em><\/p>\n\n\t\t\t<style type='text\/css'>\n\t\t\t\t#gallery-5 {\n\t\t\t\t\tmargin: auto;\n\t\t\t\t}\n\t\t\t\t#gallery-5 .gallery-item {\n\t\t\t\t\tfloat: left;\n\t\t\t\t\tmargin-top: 10px;\n\t\t\t\t\ttext-align: center;\n\t\t\t\t\twidth: 50%;\n\t\t\t\t}\n\t\t\t\t#gallery-5 img {\n\t\t\t\t\tborder: 2px solid #cfcfcf;\n\t\t\t\t}\n\t\t\t\t#gallery-5 .gallery-caption {\n\t\t\t\t\tmargin-left: 0;\n\t\t\t\t}\n\t\t\t\t\/* see gallery_shortcode() in wp-includes\/media.php *\/\n\t\t\t<\/style>\n\t\t<div id='gallery-5' class='dt-gallery-container gallery galleryid-243515 gallery-columns-2 gallery-size-medium'><dl class='gallery-item'>\n\t\t\t\t<dt class='gallery-icon landscape'>\n\t\t\t\t\t<a class=\"rollover rollover-zoom dt-pswp-item\" title=\"1\" data-dt-img-description=\"\" data-large_image_width=\"644\" data-large_image_height=\"388\"href='https:\/\/www.radiopiu.net\/wordpress\/wp-content\/uploads\/2021\/11\/1.png'><img loading=\"lazy\" decoding=\"async\" width=\"300\" height=\"181\" src=\"https:\/\/www.radiopiu.net\/wordpress\/wp-content\/uploads\/2021\/11\/1-300x181.png\" class=\"attachment-medium size-medium\" alt=\"\" srcset=\"https:\/\/www.radiopiu.net\/wordpress\/wp-content\/uploads\/2021\/11\/1-300x181.png 300w, https:\/\/www.radiopiu.net\/wordpress\/wp-content\/uploads\/2021\/11\/1.png 644w\" sizes=\"auto, (max-width: 300px) 100vw, 300px\" \/><\/a>\n\t\t\t\t<\/dt><\/dl><dl class='gallery-item'>\n\t\t\t\t<dt class='gallery-icon landscape'>\n\t\t\t\t\t<a class=\"rollover rollover-zoom dt-pswp-item\" title=\"2\" data-dt-img-description=\"\" data-large_image_width=\"942\" data-large_image_height=\"582\"href='https:\/\/www.radiopiu.net\/wordpress\/wp-content\/uploads\/2021\/11\/2.png'><img loading=\"lazy\" decoding=\"async\" width=\"300\" height=\"185\" src=\"https:\/\/www.radiopiu.net\/wordpress\/wp-content\/uploads\/2021\/11\/2-300x185.png\" class=\"attachment-medium size-medium\" alt=\"\" srcset=\"https:\/\/www.radiopiu.net\/wordpress\/wp-content\/uploads\/2021\/11\/2-300x185.png 300w, https:\/\/www.radiopiu.net\/wordpress\/wp-content\/uploads\/2021\/11\/2-768x474.png 768w, https:\/\/www.radiopiu.net\/wordpress\/wp-content\/uploads\/2021\/11\/2.png 942w\" sizes=\"auto, (max-width: 300px) 100vw, 300px\" \/><\/a>\n\t\t\t\t<\/dt><\/dl><br style=\"clear: both\" \/>\n\t\t\t<\/div>\n\n<p>&nbsp;<\/p>\n<hr \/>\n<p>&nbsp;<\/p>\n<blockquote>\n<h3>IN COMELICO IL COVID FA PAURA&#8230;SPECIALMENTE AI MEDICI DI MEDICINA GENERALE<\/h3>\n<p>L&#8217;intervista, di Barbara Paolazzi (radioclub103) al dottor Sebastiano Di Rosa<\/p>\n<audio class=\"wp-audio-shortcode\" id=\"audio-243515-6\" preload=\"none\" style=\"width: 100%;\" controls=\"controls\"><source type=\"audio\/mpeg\" src=\"https:\/\/www.radiopiu.net\/wordpress\/wp-content\/uploads\/2021\/11\/di-rosa.mp3?_=6\" \/><a href=\"https:\/\/www.radiopiu.net\/wordpress\/wp-content\/uploads\/2021\/11\/di-rosa.mp3\">https:\/\/www.radiopiu.net\/wordpress\/wp-content\/uploads\/2021\/11\/di-rosa.mp3<\/a><\/audio>\n<p>&nbsp;<\/p><\/blockquote>\n<p><strong><a href=\"https:\/\/www.radiopiu.net\/wordpress\/solidarieta-umana-a-chi-vive-lesperienza-negativa-covid-ma-le-regole-devono-essere-rispettate\/medicodimedicinagenerale\/\" rel=\"attachment wp-att-167000\"><img loading=\"lazy\" decoding=\"async\" class=\" wp-image-167000 alignleft\" src=\"https:\/\/www.radiopiu.net\/wordpress\/wp-content\/uploads\/2020\/10\/Medicodimedicinagenerale-300x198.jpg\" alt=\"\" width=\"227\" height=\"150\" srcset=\"https:\/\/www.radiopiu.net\/wordpress\/wp-content\/uploads\/2020\/10\/Medicodimedicinagenerale-300x198.jpg 300w, https:\/\/www.radiopiu.net\/wordpress\/wp-content\/uploads\/2020\/10\/Medicodimedicinagenerale-1024x674.jpg 1024w, https:\/\/www.radiopiu.net\/wordpress\/wp-content\/uploads\/2020\/10\/Medicodimedicinagenerale-768x506.jpg 768w, https:\/\/www.radiopiu.net\/wordpress\/wp-content\/uploads\/2020\/10\/Medicodimedicinagenerale.jpg 1200w\" sizes=\"auto, (max-width: 227px) 100vw, 227px\" \/><\/a>BELLUNO<\/strong> I medici di medicina generale del Comelico sono preoccupati per l&#8217;avanzare del Covid nei comuni del Cadore. Con una lettera aperta invitano la popolazione a vaccinarsi.<\/p>\n<p><strong>LA LETTERA<\/strong><\/p>\n<blockquote><p>Nell\u2019ultima settimana (dall\u201911 al 17 novembre), in Comelico, si registra una incidenza settimanale di 420 casi su 100 mila abitanti, mentre l\u2019incidenza provinciale \u00e8 di 152 casi su 100 mila abitanti. La nostra area si caratterizza anche per una bassa adesione alla vaccinazione anti covid. Queste sono le percentuali di vaccinati per Comune, con il confronto con il dato aziendale:<\/p>\n<table width=\"652\">\n<tbody>\n<tr>\n<td width=\"217\"><strong>Comune<\/strong><\/td>\n<td width=\"217\"><strong>% Vaccinati prima dose<\/strong><\/td>\n<td width=\"217\"><strong>Vaccinati ciclo completo<\/strong><\/td>\n<\/tr>\n<tr>\n<td width=\"217\"><strong>Comelico Superiore<\/strong><\/td>\n<td width=\"217\">73,7<\/td>\n<td width=\"217\">63,3<\/td>\n<\/tr>\n<tr>\n<td width=\"217\"><strong>Danta<\/strong><\/td>\n<td width=\"217\">80,4<\/td>\n<td width=\"217\">69,5<\/td>\n<\/tr>\n<tr>\n<td width=\"217\"><strong>San Pietro<\/strong><\/td>\n<td width=\"217\">73,8<\/td>\n<td width=\"217\">62,0<\/td>\n<\/tr>\n<tr>\n<td width=\"217\"><strong>San Nicol\u00f2<\/strong><\/td>\n<td width=\"217\">76,5<\/td>\n<td width=\"217\">65,7<\/td>\n<\/tr>\n<tr>\n<td width=\"217\"><strong>\u00a0Santo Stefano<\/strong><\/td>\n<td width=\"217\">82,5<\/td>\n<td width=\"217\">69,7<\/td>\n<\/tr>\n<tr>\n<td width=\"217\"><strong>\u00a0Ulss Dolomiti<\/strong><\/td>\n<td width=\"217\"><strong>84,2<\/strong><\/td>\n<td width=\"217\"><strong>82,3<\/strong><\/td>\n<\/tr>\n<\/tbody>\n<\/table>\n<p>&nbsp;<\/p>\n<p>Lappello dei Medici di Medicina Generale del Comelico &#8211; <em>Antonella De Tomas, <\/em><em>Sebastiano Di Rosa , <\/em><em>Aldo Bettini, <\/em><em>Simone Calgaro, <\/em><em>Tiziano Favaretto<\/em><\/p>\n<p><em>&#8220;Questi dati dipingono una situazione preoccupante e reale: non vorremmo ritrovarci come lo scorso anno. L\u2019esperienza ha confermato sul campo l\u2019efficacia della vaccinazione per prevenire le forme gravi di malattia. Vacciniamoci con fiducia e seguiamo le indicazioni per contrastare la diffusione del contagio: usiamo la mascherina, laviamo spesso le mani, evitiamo i luoghi affollati e arieggiamo spesso i locali. Non sprechiamo quanto fin qui fatto e non fateci rivivere l\u2019incubo dello scorso anno&#8221;.<\/em><\/p>\n<p>&nbsp;<\/p><\/blockquote>\n<p>&nbsp;<\/p>\n<p>&nbsp;<\/p>\n<hr \/>\n<p>&nbsp;<\/p>\n<blockquote>\n<h3>ORA E&#8217; POSSIBILE PRENOTARE LA CHIAMATA CON IL CUP DAL SITO DELL&#8217;ULSS 1 DOLOMITI<\/h3>\n<\/blockquote>\n<p><strong><a href=\"https:\/\/www.radiopiu.net\/wordpress\/monoclonali-pronti-per-la-somministrazione-in-ulss-1-dolomiti\/ulss-1-2\/\" rel=\"attachment wp-att-198838\"><img loading=\"lazy\" decoding=\"async\" class=\"size-medium wp-image-198838 alignleft\" src=\"https:\/\/www.radiopiu.net\/wordpress\/wp-content\/uploads\/2021\/03\/ULSS-1-300x158.jpg\" alt=\"\" width=\"300\" height=\"158\" srcset=\"https:\/\/www.radiopiu.net\/wordpress\/wp-content\/uploads\/2021\/03\/ULSS-1-300x158.jpg 300w, https:\/\/www.radiopiu.net\/wordpress\/wp-content\/uploads\/2021\/03\/ULSS-1-768x404.jpg 768w, https:\/\/www.radiopiu.net\/wordpress\/wp-content\/uploads\/2021\/03\/ULSS-1.jpg 776w\" sizes=\"auto, (max-width: 300px) 100vw, 300px\" \/><\/a>BELLUNO <\/strong>L\u2019Ulss Dolomiti ricorda il \u00a0servizio per facilitare la prenotazione delle visite ambulatoriali. Ora \u00e8 possibile chiedere dal sito <a href=\"http:\/\/www.aulss1.veneto.it\/\">www.aulss1.veneto.it<\/a>\u00a0 al Centro Unico Prenotazioni un appuntamento telefonico, inserendo nelle note le proprie preferenze per il ricontatto. Gli operatori del CUP ricontatteranno l\u2019utente per completare la prenotazione della prestazione. Per prenotare il contatto con il CUP \u00e8 necessario: cliccare sul sito <a href=\"http:\/\/www.aulss1.veneto.it\/\">aulss1.veneto.it<\/a>, cliccare su \u201cSportello online\u201d, scegliere il distretto di appartenenza e cliccare su \u201cPrenotazioni e pagamenti online\u201d. Cliccare su \u201cPrenota il tuo contatto con il CUP\u201d, inserire i propri dati e il NUMERO dell\u2019IMPEGNATIVA nella maschera ed inviare la richiesta. Gli operatori del CUP ricontatteranno l\u2019utente nella fascia oraria scelta e al numero indicato per prenotare le prestazioni richieste. La prenotazione dell\u2019appuntamento telefonico mira a facilitare il contatto con il CUP che si fa carico di essere a disposizione del cittadino nel momento a lui pi\u00f9 idoneo, evitando cos\u00ec di richiamarlo durante l\u2019orario di lavoro o in un momento in cui non ha i documenti richiesti per la prenotazione a portata di mano.<\/p>\n<p>&nbsp;<\/p>\n<p>&nbsp;<\/p>\n<hr \/>\n<p>&nbsp;<\/p>\n<blockquote>\n<h3>A CONFRONTO SULL&#8217;AUTONOMIA CON LUIS DURNWALDER<\/h3>\n<\/blockquote>\n<p><strong><a href=\"https:\/\/www.radiopiu.net\/wordpress\/bona-bard-in-bocca-al-lupo-a-tutti-ora-al-lavoro-per-una-provincia-forte\/andrea-bona-bard\/\" rel=\"attachment wp-att-235612\"><img loading=\"lazy\" decoding=\"async\" class=\"wp-image-235612 alignleft\" src=\"https:\/\/www.radiopiu.net\/wordpress\/wp-content\/uploads\/2021\/10\/Andrea-Bona-BARD-300x237.jpg\" alt=\"\" width=\"162\" height=\"128\" srcset=\"https:\/\/www.radiopiu.net\/wordpress\/wp-content\/uploads\/2021\/10\/Andrea-Bona-BARD-300x237.jpg 300w, https:\/\/www.radiopiu.net\/wordpress\/wp-content\/uploads\/2021\/10\/Andrea-Bona-BARD-768x607.jpg 768w, https:\/\/www.radiopiu.net\/wordpress\/wp-content\/uploads\/2021\/10\/Andrea-Bona-BARD.jpg 1024w\" sizes=\"auto, (max-width: 162px) 100vw, 162px\" \/><\/a>BELLUNO\u00a0<\/strong> Presidente per 25 anni della Provincia autonoma di Bolzano e leader storico del partito territoriale S\u00fcdtiroler Volkspartei, Luis Durnwalder si confronter\u00e0 domenica 21 novembre con il movimento Belluno Autonoma Regione Dolomiti e l\u2019associazione \u201cVeneto per le autonomie\u201d sui vantaggi che l\u2019autonomia potrebbe portare al Veneto e in particolare al territorio bellunese. L\u2019incontro si terr\u00e0 in Birreria Pedavena: saranno presenti, oltre all\u2019ex parlamentare e presidente di \u201cVeneto per le Autonomie\u201d Simonetta Rubinato, anche Giancarlo Cor\u00f2, docente di economia applicata di Ca\u2019 Foscari, Renato Mason, segretario della Cgia di Mestre, l\u2019analista politico Paolo Pasi e il sociologo Diego Cason.<\/p>\n<p><strong>IL PRESIDENTE DEL BARD ANDREA BONA\u00a0<\/strong><\/p>\n<audio class=\"wp-audio-shortcode\" id=\"audio-243515-7\" preload=\"none\" style=\"width: 100%;\" controls=\"controls\"><source type=\"audio\/mpeg\" src=\"https:\/\/www.radiopiu.net\/wordpress\/wp-content\/uploads\/2021\/11\/Andrea-Bona-Presidente-Bard-Durnwalder-a-Pedavena-1.mp3?_=7\" \/><a href=\"https:\/\/www.radiopiu.net\/wordpress\/wp-content\/uploads\/2021\/11\/Andrea-Bona-Presidente-Bard-Durnwalder-a-Pedavena-1.mp3\">https:\/\/www.radiopiu.net\/wordpress\/wp-content\/uploads\/2021\/11\/Andrea-Bona-Presidente-Bard-Durnwalder-a-Pedavena-1.mp3<\/a><\/audio>\n<p>&nbsp;<\/p>\n<hr \/>\n<blockquote>\n<h3><\/h3>\n<h3>UN CONSIGLIO COMUNALE DI&#8230;MINORANZA A ROCCA PIETORE<\/h3>\n<\/blockquote>\n<p><strong><img loading=\"lazy\" decoding=\"async\" class=\"alignleft\" src=\"https:\/\/www.radiopiu.net\/wordpress\/wp-content\/uploads\/2019\/07\/consiglio-rocca-1.jpeg\" width=\"254\" height=\"143\" \/>ROCCA PIETORE<\/strong> Consiglio comunale&#8230;di minoranza martedi alle 10. All&#8217;ordine del giorno un punto scelto dal sindaco Andrea De Bernardin (variazione al bilancio di previsione) e cinque per le interrogazioni del consigliere Diana Iraci Borgia Mandolini e dal gruppo di opposizione Uniti per la Montagna: lavori ai serrai si Sottoguda, bostrico nei siti boschivi, parcheggio Palue, area pic nic Pian de del Risce, marciapiedi comunali, condizioni dei cimiteri, parco giochi Re Ombro tempi e spese.<\/p>\n<p>&nbsp;<\/p>\n<p>&nbsp;<\/p>\n<p>&nbsp;<\/p>\n<hr \/>\n<p>&nbsp;<\/p>\n<blockquote>\n<h3>MARTEDI&#8217; POMERIGGIO IL CONSIGLIO COMUNALE DI FALCADE<\/h3>\n<\/blockquote>\n<p><strong><a href=\"https:\/\/www.radiopiu.net\/wordpress\/lumana-reyer\/falcade_estate-2990\/\" rel=\"attachment wp-att-220251\"><img loading=\"lazy\" decoding=\"async\" class=\"size-medium wp-image-220251 alignleft\" src=\"https:\/\/www.radiopiu.net\/wordpress\/wp-content\/uploads\/2021\/07\/FALCADE_ESTATE-2990-300x200.jpg\" alt=\"\" width=\"300\" height=\"200\" srcset=\"https:\/\/www.radiopiu.net\/wordpress\/wp-content\/uploads\/2021\/07\/FALCADE_ESTATE-2990-300x200.jpg 300w, https:\/\/www.radiopiu.net\/wordpress\/wp-content\/uploads\/2021\/07\/FALCADE_ESTATE-2990-768x512.jpg 768w, https:\/\/www.radiopiu.net\/wordpress\/wp-content\/uploads\/2021\/07\/FALCADE_ESTATE-2990.jpg 900w\" sizes=\"auto, (max-width: 300px) 100vw, 300px\" \/><\/a>FALCADE<\/strong><\/p>\n<p>di Gianni Santomaso<\/p>\n<audio class=\"wp-audio-shortcode\" id=\"audio-243515-8\" preload=\"none\" style=\"width: 100%;\" controls=\"controls\"><source type=\"audio\/mpeg\" src=\"https:\/\/www.radiopiu.net\/wordpress\/wp-content\/uploads\/2021\/11\/GIANNI-CONSIGLIO-FALCADE.mp3?_=8\" \/><a href=\"https:\/\/www.radiopiu.net\/wordpress\/wp-content\/uploads\/2021\/11\/GIANNI-CONSIGLIO-FALCADE.mp3\">https:\/\/www.radiopiu.net\/wordpress\/wp-content\/uploads\/2021\/11\/GIANNI-CONSIGLIO-FALCADE.mp3<\/a><\/audio>\n<p>&nbsp;<\/p>\n<hr \/>\n<p>&nbsp;<\/p>\n<h3>TRASPORTI E PANDEMIA, QUANDO IL SERVIZIO NON E&#8217; PIU&#8217; IL FIORE ALL&#8217;OCCHIELLO SERVE CHIAREZZA<\/h3>\n<p><strong><img loading=\"lazy\" decoding=\"async\" class=\"alignleft\" src=\"https:\/\/www.radiopiu.net\/wordpress\/wp-content\/uploads\/2018\/08\/dolomitibus.jpeg\" width=\"222\" height=\"148\" \/>BELLUNO<\/strong> Con la pandemia il servizio di trasporto pubblico ha evidenziato una serie di problemi per il taglio delle linee con la riduzione del servizio. Le organizzazioni sindacali hanno deciso di fare chiarezza con un documento a firma di Alessandra Fontana (Cgil), Angelo Barrovecchio (Cisl) e Federico Cuzzolin (Uil), con un richiamo alla Provincia (socia di maggioranza di Dolomitibus) a prestare pi\u00f9 attenzione al servizio che per tanti anni ha rappresentato il fiore all&#8217;occhiello del territorio. I sindacalisti chiedono l&#8217;apertura di un tavolo istituzionale per un confronto con l&#8217;azienda per la costruzione di un nuovo modello di lavoro con la ridiscusione dei turni ormai insostenibili e un riconoscimento anche economico alla dignit\u00e0 dei lavoratori.<\/p>\n<p><strong>IL DOCUMENTO CHIARIFICATORE<\/strong><\/p>\n<blockquote><p><em><span id=\"page37R_mcid7\" class=\"markedContent\"><span dir=\"ltr\" role=\"presentation\">Partiamo dal finale: il taglio di numerose corse nel territorio provinciale, giustificato dall\u2019azienda con la necessit\u00e0 <\/span><span dir=\"ltr\" role=\"presentation\">di rivedere il servizio causa entrata in vigore del green pass. Questa decisione dell\u2019azienda, immaginiamo <\/span><span dir=\"ltr\" role=\"presentation\">concertata con l\u2019Ente di Governo e i Comuni, sul territorio ha delle conseguenze gravissime, a breve e lungo <\/span><span dir=\"ltr\" role=\"presentation\">termine, per tutti. Per gli utenti innanzitutto, privati del servizio di trasporto pubblico locale. E spiace leggere le <\/span><span dir=\"ltr\" role=\"presentation\">dichiarazioni di chi sostiene che \u201ctanto si trattava di linee di morbida\u201d, a scarsa utenza. Ma davvero questo nostro <\/span><span dir=\"ltr\" role=\"presentation\">territorio non ha capito nulla? Davvero siamo ancora arroccati su una logica di risparmio sui diritti che non sono <\/span><span dir=\"ltr\" role=\"presentation\">remunerativi? Davvero qualcuno pensa che si possano privare del diritto alla mobilit\u00e0 i cittadini pi\u00f9 deboli (gli <\/span><span dir=\"ltr\" role=\"presentation\">anziani, le donne, i giovani), perch\u00e9 il servizio non si paga? Se questa \u00e8 la logica probabilmente ci siamo dati una <\/span><span dir=\"ltr\" role=\"presentation\">risposta ai tanti interrogativi sul perch\u00e9 dello spopolamento in montagna: non vale la pena l\u2019ospedale, non vale la <\/span><span dir=\"ltr\" role=\"presentation\">pena lo sportello postale n\u00e9 quello bancario, non vale la pena investire sulla viabilit\u00e0. Invece che pretendere un <\/span><span dir=\"ltr\" role=\"presentation\">rafforzamento del servizio, proprio per raggiungere le zone pi\u00f9 svantaggiate, per promuovere l\u2019utilizzo del mezzo <\/span><span dir=\"ltr\" role=\"presentation\">pubblico, per favorire una mobilit\u00e0 verde si arriva alla scelta sciagurata di toglierlo del tutto, che tanto non non <\/span><span dir=\"ltr\" role=\"presentation\">conviene&#8230; ma non conviene a chi? Quindi chi lavora o va a scuola ha diritto (forse) a spostarsi e gli altri cittadini<\/span><span dir=\"ltr\" role=\"presentation\">no? <\/span><\/span><span id=\"page37R_mcid8\" class=\"markedContent\"><span dir=\"ltr\" role=\"presentation\">Ma forse non tutti sanno come, da questo taglio delle corse, siano derivate conseguenze altrettanto sciagurate per <\/span><span dir=\"ltr\" role=\"presentation\">il personale viaggiante. I turni sono stati smontati e ricostruiti \u201cin emergenza\u201d (quindi senza la possibilit\u00e0 di <\/span><span dir=\"ltr\" role=\"presentation\">discussioni con le Organizzazioni sindacali) con un evidente peggioramento delle condizioni di lavoro, della <\/span><span dir=\"ltr\" role=\"presentation\">durata della prestazione lavorativa, dell\u2019impegno. La regola del \u201cpari uomo pari turno\u201d non esiste pi\u00f9, ai lavoratori <\/span><span dir=\"ltr\" role=\"presentation\">non viene assegnato pi\u00f9 il proprio turno ma vengono impegnati a coprire quelle, che secondo l\u2019azienda, diventano <\/span><span dir=\"ltr\" role=\"presentation\">le priorit\u00e0 in Provincia, con spostamenti importanti tra le residenze lavorative. Non ci sono piaciute le <\/span><span dir=\"ltr\" role=\"presentation\">dichiarazioni lette sulla stampa che \u201cla colpa \u00e8 degli autisti no green pass\u201d. Nel rispetto della privacy e della <\/span><span dir=\"ltr\" role=\"presentation\">riservatezza dovuti infatti possiamo tranquillamente sostenere che i tassi di assenza sono quelli fisiologici che <\/span><span dir=\"ltr\" role=\"presentation\">un\u2019azienda strutturata dovrebbe riuscire a coprire. Il problema \u00e8 l\u2019azienda, non i lavoratori. <\/span><\/span><span id=\"page37R_mcid9\" class=\"markedContent\"><span dir=\"ltr\" role=\"presentation\">Il tema vero \u00e8 un altro. La gara a doppio oggetto per l\u2019affidamento del servizio si \u00e8 conclusa ma, ad oggi, e <\/span><span dir=\"ltr\" role=\"presentation\">malgrado le nostre numerose richieste, non \u00e8 stato presentato alcun piano industriale da parte di Dolomiti Bus. <\/span><span dir=\"ltr\" role=\"presentation\">Cosa intende fare l\u2019azienda? Nel bando di gara era previsto che il nuovo socio avrebbe dovuto portare innovazione<\/span><span dir=\"ltr\" role=\"presentation\">e valore aggiunto. Negli ultimi anni abbiamo assistito solo ad un arretramento, arretramento del servizio e della <\/span><span dir=\"ltr\" role=\"presentation\">qualit\u00e0 della vita dei lavoratori. Le dimissioni sono all\u2019ordine del giorno e riguardano tutti: il personale con <\/span><span dir=\"ltr\" role=\"presentation\">anzianit\u00e0 importante, il personale pi\u00f9 giovane, i ragazzi del posto e quelli che arrivano da altre Regioni. Il <\/span><span dir=\"ltr\" role=\"presentation\">problema \u00e8 la retribuzione, in parte ma non solo. Se \u00e8 vero come \u00e8 vero che la contrattazione aziendale \u00e8 bloccata <\/span><span dir=\"ltr\" role=\"presentation\">dal 2008 e che negli anni si siono sottoscritti solo accordi temporanei, il problema \u00e8 anche il clima di incertezza, <\/span><span dir=\"ltr\" role=\"presentation\">di insicurezza perfino nella gestione del turno quotidiano. Aumentano i tempi di lavoro, aumenta lo stress, <\/span><span dir=\"ltr\" role=\"presentation\">aumentano le responsabilit\u00e0 senza trovare alcun corrispettivo, nemmeno in termini di riconoscimento sociale.<\/span><\/span><\/em><\/p><\/blockquote>\n<p>&nbsp;<\/p>\n<p>&nbsp;<\/p>\n<hr \/>\n<blockquote>\n<h3><\/h3>\n<h3>ANCHE IL PRESIDENTE DI CONFCOMMERCIO INCONTRA IL NUOVO QUESTORE<\/h3>\n<\/blockquote>\n<p><strong>BELLUNO<\/strong>\u00a0 Il Presidente Paolo Doglioni \u00a0a nome di Confcommercio e dei suoi associati, ha dato il benvenuto al nuovo Questore di Belluno.<em> &#8220;E&#8217; stata l&#8217;occasione &#8211; dice il Presidente &#8211; per fare adeguate valutazioni rispetto all\u2019attuale situazione caratterizzata da una reviviscenza della pandemia, soprattutto in ordine alle criticit\u00e0 che questa comporta in relazione al corretto svolgimento delle attivit\u00e0 economiche&#8221;.\u00a0\u00a0<\/em><\/p>\n<p>&nbsp;<\/p>\n<p>&nbsp;<\/p>\n<hr \/>\n<p>&nbsp;<\/p>\n<blockquote>\n<h3>BIM GSP, AL VIA I LAVORI DI RESTYLING DEL SERBATOIO DI COL COLTRON<\/h3>\n<\/blockquote>\n<p><strong>PONTE NELLE ALPI\u00a0<\/strong>Un nuovo e importante tassello si aggiunger\u00e0, entro la fine dell\u2019anno, alla corposa e pluriennale opera messa in atto da Bim Gsp per interconnettere gli acquedotti di Ponte nelle Alpi e Belluno. Sono partiti di recente i lavori di miglioramento e messa a norma del serbatoio acquedottistico di Col Coltron, a Ponte nelle Alpi. L\u2019impianto, situato in zona Nuova Erto, alle pendici del Monte Serva, in questi e nei prossimi giorni sar\u00e0 oggetto di rilevanti lavorazioni: verranno posate nuove tubazioni interne, in sostituzione delle esistenti, con maggior diametro, sdoppiato il tracciato della linea di carico dell\u2019acqua, impermeabilizzate le due vasche di accumulo, installati tre debatterizzatori a raggi ultravioletti, uno per ciascuna linea di distribuzione in uscita, posate nuove carpenterie metalliche, in aggiunta alle esistenti, per la messa a norma degli accessi in sicurezza ai comparti interni. Verr\u00e0, inoltre, progettata a breve anche una nuova tratta di rete di distribuzione, che permetter\u00e0 di alimentare l\u2019abitato di Nuova Erto. I lavori, progettati dal personale tecnico-ingegneristico di Bim Gsp ed affidati alle imprese FAID di Portogruaro (VE) e Tecnonord di Borgo Valbelluna, ammontano complessivamente a 300mila euro. Una volta ultimati (entro fine anno), consentiranno la messa a regime di uno dei pi\u00f9 grandi serbatoi idrici della provincia: assicurer\u00e0, infatti, un accumulo di 1.670 metri cubi d\u2019acqua e alimenter\u00e0 in via diretta le reti di distribuzione di Piaia a Ponte nelle Alpi e di Fiammoi e Safforze a Belluno. Non solo, in prospettiva approvvigioner\u00e0 anche Nuova Erto, Sagrogna e Levego.<\/p>\n\n\t\t\t<style type='text\/css'>\n\t\t\t\t#gallery-6 {\n\t\t\t\t\tmargin: auto;\n\t\t\t\t}\n\t\t\t\t#gallery-6 .gallery-item {\n\t\t\t\t\tfloat: left;\n\t\t\t\t\tmargin-top: 10px;\n\t\t\t\t\ttext-align: center;\n\t\t\t\t\twidth: 50%;\n\t\t\t\t}\n\t\t\t\t#gallery-6 img {\n\t\t\t\t\tborder: 2px solid #cfcfcf;\n\t\t\t\t}\n\t\t\t\t#gallery-6 .gallery-caption {\n\t\t\t\t\tmargin-left: 0;\n\t\t\t\t}\n\t\t\t\t\/* see gallery_shortcode() in wp-includes\/media.php *\/\n\t\t\t<\/style>\n\t\t<div id='gallery-6' class='dt-gallery-container gallery galleryid-243515 gallery-columns-2 gallery-size-thumbnail'><dl class='gallery-item'>\n\t\t\t\t<dt class='gallery-icon landscape'>\n\t\t\t\t\t<a class=\"rollover rollover-zoom dt-pswp-item\" title=\"il serbatoio di Coltron\" data-dt-img-description=\"\" data-large_image_width=\"1323\" data-large_image_height=\"992\"href='https:\/\/www.radiopiu.net\/wordpress\/wp-content\/uploads\/2021\/11\/il-serbatoio-di-Coltron.jpg'><img loading=\"lazy\" decoding=\"async\" width=\"150\" height=\"150\" src=\"https:\/\/www.radiopiu.net\/wordpress\/wp-content\/uploads\/2021\/11\/il-serbatoio-di-Coltron-150x150.jpg\" class=\"attachment-thumbnail size-thumbnail\" alt=\"\" \/><\/a>\n\t\t\t\t<\/dt><\/dl><dl class='gallery-item'>\n\t\t\t\t<dt class='gallery-icon portrait'>\n\t\t\t\t\t<a class=\"rollover rollover-zoom dt-pswp-item\" title=\"un momento della posa delle nuove tubazioni interne\" data-dt-img-description=\"\" data-large_image_width=\"699\" data-large_image_height=\"996\"href='https:\/\/www.radiopiu.net\/wordpress\/wp-content\/uploads\/2021\/11\/un-momento-della-posa-delle-nuove-tubazioni-interne.jpg'><img loading=\"lazy\" decoding=\"async\" width=\"150\" height=\"150\" src=\"https:\/\/www.radiopiu.net\/wordpress\/wp-content\/uploads\/2021\/11\/un-momento-della-posa-delle-nuove-tubazioni-interne-150x150.jpg\" class=\"attachment-thumbnail size-thumbnail\" alt=\"\" \/><\/a>\n\t\t\t\t<\/dt><\/dl><br style=\"clear: both\" \/>\n\t\t\t<\/div>\n\n<p>&nbsp;<\/p>\n<p>&nbsp;<\/p>\n<hr \/>\n<p>&nbsp;<\/p>\n<blockquote>\n<h3>APERTO AL TRAFFICO IL PONTE DE GOTRES, LUNGO LA SS 51 \u201cALEMAGNA\u201d IN PROVINCIA DI BELLUNO<\/h3>\n<\/blockquote>\n<p><strong><a href=\"https:\/\/www.radiopiu.net\/wordpress\/giornale-radiopiu-19-novembre-2021-direttore-mirko-mezzacasa\/ponte-de-gotres_ss51-5\/\" rel=\"attachment wp-att-243677\"><img loading=\"lazy\" decoding=\"async\" class=\"size-medium wp-image-243677 alignleft\" src=\"https:\/\/www.radiopiu.net\/wordpress\/wp-content\/uploads\/2021\/11\/Ponte-de-Gotres_SS51-5-300x146.jpg\" alt=\"\" width=\"300\" height=\"146\" srcset=\"https:\/\/www.radiopiu.net\/wordpress\/wp-content\/uploads\/2021\/11\/Ponte-de-Gotres_SS51-5-300x146.jpg 300w, https:\/\/www.radiopiu.net\/wordpress\/wp-content\/uploads\/2021\/11\/Ponte-de-Gotres_SS51-5-1024x498.jpg 1024w, https:\/\/www.radiopiu.net\/wordpress\/wp-content\/uploads\/2021\/11\/Ponte-de-Gotres_SS51-5-768x373.jpg 768w, https:\/\/www.radiopiu.net\/wordpress\/wp-content\/uploads\/2021\/11\/Ponte-de-Gotres_SS51-5-1536x746.jpg 1536w, https:\/\/www.radiopiu.net\/wordpress\/wp-content\/uploads\/2021\/11\/Ponte-de-Gotres_SS51-5-2048x995.jpg 2048w\" sizes=\"auto, (max-width: 300px) 100vw, 300px\" \/><\/a>CORTINA <\/strong>Anas (Gruppo FS Italiane) ha aperto al traffico, in modalit\u00e0 provvisoria di cantiere, il Ponte de\u200b Gotres\u00a0al km 115,610 della strada statale 51 \u201cdi Alemagna\u201d, <span style=\"text-decoration: line-through;\">\u200b<\/span> in comune di Cortina d&#8217;Ampezzo. Il rifacimento dell\u2019opera, con un investimento di 2,2 milioni di euro, fa parte del Piano straordinario di accesso alla viabilit\u00e0 di Cortina \u2013 affidato al Presidente di Anas, Claudio Andrea Gemme &#8211; e ha riguardato tra gli altri l\u2019ampliamento dell\u2019impalcato, l\u2019adeguamento della barriere di sicurezza ed il ripristino profondo del corpo stradale portando cos\u00ec benefici in termini di comfort di guida e sicurezza stradale.<\/p>\n<p>&nbsp;<\/p>\n<p>&nbsp;<\/p>\n<hr \/>\n<p>&nbsp;<\/p>\n<blockquote>\n<h3>SCUOLA APERTA, IL 20 NOVEMBRE AL FOLLADOR-DE ROSSI<\/h3>\n<\/blockquote>\n<p><strong>AGORDO<\/strong> Ecco le date e i link per\u00a0 Scuol@ Aperta al Istituto Follador &#8211; De Rossi per visitare i nostri ambienti e conoscere da vicino l&#8217;istituto<\/p>\n<p><strong>Le prenotazione andranno effettuate ai seguenti link:<\/strong><\/p>\n<p>&#x1f4d5;20 Novembre 2021 https:\/\/form.jotform.com\/Follador\/scuol-aperta-20-novembre-2021<\/p>\n<p>&#x1f4d7;4 Dicembre 2021 https:\/\/form.jotform.com\/Follador\/scuola-apert-4-dicembre-2021<\/p>\n<p>&#x1f4d8;18 Dicembre 2021 https:\/\/form.jotform.com\/Follador\/scuola-apert-18-dicembre-2021<\/p>\n<p>&nbsp;<\/p>\n<hr \/>\n<p>&nbsp;<\/p>\n<p>&nbsp;<\/p>\n<blockquote>\n<h3><a href=\"https:\/\/www.radiopiu.net\/wordpress\/giornale-radiopiu-19-novembre-2021-direttore-mirko-mezzacasa\/foto-tandem-per-giornale\/\" rel=\"attachment wp-att-243637\"><img loading=\"lazy\" decoding=\"async\" class=\" wp-image-243637 alignleft\" src=\"https:\/\/www.radiopiu.net\/wordpress\/wp-content\/uploads\/2021\/11\/Foto-tandem-per-giornale-300x210.jpeg\" alt=\"\" width=\"217\" height=\"152\" srcset=\"https:\/\/www.radiopiu.net\/wordpress\/wp-content\/uploads\/2021\/11\/Foto-tandem-per-giornale-300x210.jpeg 300w, https:\/\/www.radiopiu.net\/wordpress\/wp-content\/uploads\/2021\/11\/Foto-tandem-per-giornale-1024x715.jpeg 1024w, https:\/\/www.radiopiu.net\/wordpress\/wp-content\/uploads\/2021\/11\/Foto-tandem-per-giornale-768x537.jpeg 768w, https:\/\/www.radiopiu.net\/wordpress\/wp-content\/uploads\/2021\/11\/Foto-tandem-per-giornale.jpeg 1513w\" sizes=\"auto, (max-width: 217px) 100vw, 217px\" \/><\/a>AL VIA I TANDEMI LINGUISTICI DEL COMITATO D&#8217;INTESA<\/h3>\n<\/blockquote>\n<p><strong>BELLUNO<\/strong> Al via i tandem linguistici, conversazioni informali in lingua inglese, francese e spagnola,\u00a0 promossi dall&#8217;associazione Comitato d&#8217;Intesa di Belluno e finanziato dal Agenzia Nazionale per i Giovani. Incontri gratuiti con gruppi gruppi di massimo 4 persone guidati da ognuno dai giovani volontari coinvolti: Edisona, Sophie, Mehdi e Hamudi. L&#8217;obiettivo incontrare la comunit\u00e0, socializzando e praticando le lingue. L&#8217;evento \u00e8 aperto a persone di tutte le et\u00e0. Opportunit\u00e0 per l&#8217;incontro con il volontario assegnato per un&#8217;esperienza multiculturale.\u00a0\u00c8 necessario iscriversi scrivendo a <a class=\"moz-txt-link-abbreviated\" href=\"mailto:europa@csvbelluno.it\">europa@csvbelluno.it<\/a><\/p>\n<p>&nbsp;<\/p>\n<p>&nbsp;<\/p>\n<hr \/>\n<blockquote>\n<h3>CIAK SI GIRA! ARPAVIDEO 2022 PREMIA I GIOVANI VIDEOMAKER DEL VENETO<\/h3>\n<\/blockquote>\n<p><strong><a href=\"https:\/\/www.radiopiu.net\/wordpress\/lo-screening-dellaria-da-ponte-nelle-alpi-a-pedavena-testa-e-coda-della-val-belluna\/arpav-gds_4664-2-e1609325332442-696x371\/\" rel=\"attachment wp-att-204975\"><img loading=\"lazy\" decoding=\"async\" class=\" wp-image-204975 alignleft\" src=\"https:\/\/www.radiopiu.net\/wordpress\/wp-content\/uploads\/2021\/04\/Arpav-GDS_4664-2-e1609325332442-696x371-1-300x160.jpg\" alt=\"\" width=\"276\" height=\"147\" srcset=\"https:\/\/www.radiopiu.net\/wordpress\/wp-content\/uploads\/2021\/04\/Arpav-GDS_4664-2-e1609325332442-696x371-1-300x160.jpg 300w, https:\/\/www.radiopiu.net\/wordpress\/wp-content\/uploads\/2021\/04\/Arpav-GDS_4664-2-e1609325332442-696x371-1.jpg 696w\" sizes=\"auto, (max-width: 276px) 100vw, 276px\" \/><\/a>VENEZIA\u00a0<\/strong> Per gli aspiranti giovani registi che hanno a cuore l\u2019ambiente Arpav lancia una sfida. Raccontare attraverso un video gli stili di vita pi\u00f9 sostenibili, la riduzione dei consumi e come progettare un futuro pi\u00f9 equo per tutti. In palio tre premi ai migliori video: 900 euro al primo classificato, 700 al secondo, 600 al terzo da spendere in acquisto in un pc, un tablet o in un corso per videomaker. Inoltre i vincitori potranno partecipare a settembre 2022 a un evento speciale all\u2019interno della Mostra del Cinema di Venezia. Il concorso\u00a0 \u00e8 aperto ai giovani dai 18 ai 24 anni e agli studenti delle scuole secondarie del Veneto, che possono partecipare da soli o in gruppo. Obiettivo \u00e8 realizzare un breve video, massimo di 4 minuti, che affronti i temi dell\u2019Agenda 2030 dell\u2019Onu. Le iscrizioni sono aperte fino al 15 dicembre.<\/p>\n<p>&nbsp;<\/p>\n<p>&nbsp;<\/p>\n<hr \/>\n<p>&nbsp;<\/p>\n<blockquote>\n<h3>NUOVO CORSO PER L&#8217;AFFIDO FAMILIARE<\/h3>\n<\/blockquote>\n<p><strong>BELLUNO<\/strong> I Centri per l&#8217;Affido e la Solidariet\u00e0 Familiare\u00a0 dell&#8217;ULSS Dolomiti \u2013 \u00e8quipe di Belluno e Feltre \u2013 organizzano un corso informativo e formativo on-line sul tema dell&#8217;affido familiare, con l&#8217;auspicio che questa modalit\u00e0 possa coinvolgere pi\u00f9 facilmente un sempre maggior numero di persone da ogni parte della provincia. Il corso si svolger\u00e0 in modalit\u00e0 online il 22 e 29 novembre e il 6 dicembre dalle 17.45 alle 19.30.<\/p>\n<p>&nbsp;<\/p>\n<hr \/>\n<blockquote>\n<h3><\/h3>\n<h3>PREVENIRE \u00c8 PI\u00d9 FACILE CHE DIRE OTORINOLARINGOIATRA. OPEN DAY IL 23 NOVEMBRE<\/h3>\n<\/blockquote>\n<p><strong>BELLUNO <\/strong>Marted\u00ec 23 novembre 2021 si terr\u00e0 la prima Giornata Nazionale di Prevenzione dei Tumori promossa dalla Societ\u00e0 Italiana di Otorinolaringoiatria e Chirurgia Cervico Facciale, dedicata quest\u2019anno ai tumori del collo. Open day ORL Belluno\u00a0 Sede ambulatori dalle 9.00 alle 12.00, Open day ORL Feltre Sede ambulatori (3\u00b0 piano pad. Guarnieri) dalle 9.00 alle 12.00<\/p>\n<p>&nbsp;<\/p>\n<p>&nbsp;<\/p>\n<hr \/>\n<p>&nbsp;<\/p>\n<blockquote>\n<h3>GIOCO D&#8217;AZZARDO: OPEN DAY NEI SERD DELL&#8217;ULSS DOLOMITI<\/h3>\n<\/blockquote>\n<p><strong>BELLUNO<\/strong> Per favorire la sensibilizzazione sul tema del gioco d\u2019azzardo e le tematiche correlate, il Dipartimento per le dipendenze ha organizzato degli open day Ecco le date e i contatti a cui far riferimento: Belluno OGGI dalle 15 alle 19 (tel. 0437514971 serd.bl@aulss1.veneto.it) Feltre luned\u00ec 22 novembre 2021 dalle 15 alle 19 (tel 0439883488 serd.fe@aulss1.veneto.it) Agordo mercoled\u00ec 24 novembre 2021 dalle 15 alle 19 (0437645388 serd.ag@aulss1.veneto.it) Auronzo venerd\u00ec 26 novembre 2021 dalle 15 alle 19 (0435402681 alcologia.au@aulss1.veneto.it)<\/p>\n<p>&nbsp;<\/p>\n<p>&nbsp;<\/p>\n<p>&nbsp;<\/p>\n<hr \/>\n<blockquote>\n<h3>1921-2021 CENTENARIO TRASLAZIONE MILITE IGNOTO<\/h3>\n<\/blockquote>\n<p><strong><a href=\"https:\/\/www.radiopiu.net\/wordpress\/1921-2021-centenario-traslazione-milite-ignoto\/561854ec-f4b3-4ae4-b4ed-e714bbe50d7e\/\" rel=\"attachment wp-att-243483\"><img loading=\"lazy\" decoding=\"async\" class=\" wp-image-243483 alignleft\" src=\"https:\/\/www.radiopiu.net\/wordpress\/wp-content\/uploads\/2021\/11\/561854ec-f4b3-4ae4-b4ed-e714bbe50d7e-e1637164955730-300x169.jpg\" alt=\"\" width=\"247\" height=\"139\" srcset=\"https:\/\/www.radiopiu.net\/wordpress\/wp-content\/uploads\/2021\/11\/561854ec-f4b3-4ae4-b4ed-e714bbe50d7e-e1637164955730-300x169.jpg 300w, https:\/\/www.radiopiu.net\/wordpress\/wp-content\/uploads\/2021\/11\/561854ec-f4b3-4ae4-b4ed-e714bbe50d7e-e1637164955730-1024x576.jpg 1024w, https:\/\/www.radiopiu.net\/wordpress\/wp-content\/uploads\/2021\/11\/561854ec-f4b3-4ae4-b4ed-e714bbe50d7e-e1637164955730-768x432.jpg 768w, https:\/\/www.radiopiu.net\/wordpress\/wp-content\/uploads\/2021\/11\/561854ec-f4b3-4ae4-b4ed-e714bbe50d7e-e1637164955730-1536x864.jpg 1536w, https:\/\/www.radiopiu.net\/wordpress\/wp-content\/uploads\/2021\/11\/561854ec-f4b3-4ae4-b4ed-e714bbe50d7e-e1637164955730.jpg 1920w\" sizes=\"auto, (max-width: 247px) 100vw, 247px\" \/><\/a>CORTINA<\/strong> Domenica a Cortina si terr\u00e0 il Raduno Provinciale dei Bersaglieri a ricordo della settima salma esumata nel cimitero di Monte Crepa in localit\u00e0 Belvedere. A coronamento della staffetta Cremisi Della Pace. Il programma, alle 9 a Pocol scoprimento della targa e deposizione delle corona al Sacrario; alle 10 in piazza Angelo Dibona schieramento, onori ai gonfaloni e alzabandiera; 10.30 Onori ai Caduti presso il Monumento; 11.10 la messa al Santuario Madonna della Difesa e sfilata per le vie cittadine con la corsa dei Bersaglieri. Partecipa la Fanfara <a href=\"https:\/\/www.radiopiu.net\/wordpress\/1921-2021-centenario-traslazione-milite-ignoto\/48c504f0-d0dc-4307-8cc3-8f432195d33c\/\" rel=\"attachment wp-att-243484\"><img loading=\"lazy\" decoding=\"async\" class=\" wp-image-243484 alignright\" src=\"https:\/\/www.radiopiu.net\/wordpress\/wp-content\/uploads\/2021\/11\/48c504f0-d0dc-4307-8cc3-8f432195d33c-e1637164986672-300x169.jpg\" alt=\"\" width=\"222\" height=\"125\" srcset=\"https:\/\/www.radiopiu.net\/wordpress\/wp-content\/uploads\/2021\/11\/48c504f0-d0dc-4307-8cc3-8f432195d33c-e1637164986672-300x169.jpg 300w, https:\/\/www.radiopiu.net\/wordpress\/wp-content\/uploads\/2021\/11\/48c504f0-d0dc-4307-8cc3-8f432195d33c-e1637164986672-1024x576.jpg 1024w, https:\/\/www.radiopiu.net\/wordpress\/wp-content\/uploads\/2021\/11\/48c504f0-d0dc-4307-8cc3-8f432195d33c-e1637164986672-768x432.jpg 768w, https:\/\/www.radiopiu.net\/wordpress\/wp-content\/uploads\/2021\/11\/48c504f0-d0dc-4307-8cc3-8f432195d33c-e1637164986672-1536x864.jpg 1536w, https:\/\/www.radiopiu.net\/wordpress\/wp-content\/uploads\/2021\/11\/48c504f0-d0dc-4307-8cc3-8f432195d33c-e1637164986672.jpg 1920w\" sizes=\"auto, (max-width: 222px) 100vw, 222px\" \/><\/a>Bersaglieri in congedo di Belluno e Ponte nelle Alpi.<\/p>\n<blockquote><p><em>Il piccolo cimitero di guerra, detto &#8220;Aquile delle Tofane&#8221; dove il 18 ottobre del 1921 fu disseppellita la settima salma del Milite Ignoto, era sistemata sul Monte Crepa adiacente alla strada Cortina-Passo Falzarego. L&#8217;area cimiteriale era stata allestita dagli Alpini del V Gruppo e dai Sardi del 1\/46\u00b0 e 3\/45\u00b0 della Brigata Reggio, schieratasi sulla linea Piccolo Lagazuoi-Cima Falzarego-Col dei Bois. All&#8217;interno dell&#8217;area cimiteriale nel 1916 fu costruita la cappella dal V\u00b0 Gruppo Alpini, del vecchio cimitero rimangono solo alcuni ceppi funerari.<\/em><\/p><\/blockquote>\n<p>&nbsp;<\/p>\n<p>&nbsp;<\/p>\n<hr \/>\n<p>&nbsp;<\/p>\n<h3>LA MESSA PER I CADUTI SUL LAVORO<\/h3>\n<p><strong>AGORDO<\/strong>\u00a0 Anche quest&#8217;anno per iniziativa della Nuova Corale &#8211; Coro parrocchiale di Agordo,\u00a0 sar\u00e0 celebrata la Messa per i caduti sul lavoro: domenica 21 novembre alle 18.00, nella Chiesa Arcidiaconale di Agordo. E&#8217; il <b>39\u00b0 anno<\/b> in cui si svolge questa celebrazione, che vuole unirsi nel dolore e nel ricordo dei propri cari ai familiari dei caduti, oltre che sottolineare l&#8217;importanza dei valori della vita e del lavoro e quindi della sicurezza nei luoghi di lavoro.<\/p>\n<div class=\"moz-text-html\" lang=\"x-unicode\">\n<div dir=\"auto\">\n<div dir=\"auto\">\n<div dir=\"auto\">\n<div>\n<div>\n<div dir=\"auto\">\n<div dir=\"auto\">\n<div>\n<div><\/div>\n<div dir=\"ltr\"><\/div>\n<div dir=\"ltr\"><\/div>\n<div dir=\"ltr\">\n<hr \/>\n<\/div>\n<blockquote>\n<h3 dir=\"ltr\"><\/h3>\n<h3 dir=\"ltr\"><\/h3>\n<\/blockquote>\n<h3 dir=\"ltr\">MERCATINO DI NATALE A FALCADE<\/h3>\n<div dir=\"ltr\"><strong>FALCADE<\/strong>\u00a0 L&#8217;associazione albergatori, ristoratori e rifugi della Valle del Biois mette e disposizione le casette per i mercatini natalizi sulla piazza di Falcade per il periodo natalizio. Gli interessati ad esporre possono rivolgersi all&#8217;ufficio Promo Falcade, telefono 334 7230117 oppure 329 7603762<\/div>\n<div dir=\"ltr\"><\/div>\n<div dir=\"ltr\"><\/div>\n<div dir=\"ltr\"><\/div>\n<div dir=\"ltr\"><\/div>\n<div dir=\"ltr\">\n<hr \/>\n<\/div>\n<div dir=\"ltr\"><\/div>\n<div dir=\"ltr\"><\/div>\n<div dir=\"ltr\"><\/div>\n<div dir=\"ltr\">\n<blockquote>\n<h3>SABATO POMERIGGIO A CENCENIGHE LA PREMIAZIONE DEGLI ALUNNI DELLE SCUOLE<\/h3>\n<p>&nbsp;<\/p>\n<p>DI MATTEO MANFROI<\/p>\n<audio class=\"wp-audio-shortcode\" id=\"audio-243515-9\" preload=\"none\" style=\"width: 100%;\" controls=\"controls\"><source type=\"audio\/mpeg\" src=\"https:\/\/www.radiopiu.net\/wordpress\/wp-content\/uploads\/2021\/11\/matteo-1.mp3?_=9\" \/><a href=\"https:\/\/www.radiopiu.net\/wordpress\/wp-content\/uploads\/2021\/11\/matteo-1.mp3\">https:\/\/www.radiopiu.net\/wordpress\/wp-content\/uploads\/2021\/11\/matteo-1.mp3<\/a><\/audio><\/blockquote>\n<blockquote class=\"wp-embedded-content\" data-secret=\"gjPdoG6yqJ\"><p><a href=\"https:\/\/www.radiopiu.net\/wordpress\/le-premiazioni-del-concorso-fotografico-i-colori-dellautunno\/\">LE PREMIAZIONI DEL CONCORSO FOTOGRAFICO &#8220;I COLORI DELL&#8217;AUTUNNO&#8221;<\/a><\/p><\/blockquote>\n<p><iframe loading=\"lazy\" class=\"wp-embedded-content\" sandbox=\"allow-scripts\" security=\"restricted\" style=\"position: absolute; clip: rect(1px, 1px, 1px, 1px);\" title=\"&#8220;LE PREMIAZIONI DEL CONCORSO FOTOGRAFICO &#8220;I COLORI DELL&#8217;AUTUNNO&#8221;&#8221; &#8212; Radio Pi\u00f9\" src=\"https:\/\/www.radiopiu.net\/wordpress\/le-premiazioni-del-concorso-fotografico-i-colori-dellautunno\/embed\/#?secret=gjPdoG6yqJ\" data-secret=\"gjPdoG6yqJ\" width=\"600\" height=\"338\" frameborder=\"0\" marginwidth=\"0\" marginheight=\"0\" scrolling=\"no\"><\/iframe><\/p>\n<\/div>\n<\/div>\n<\/div>\n<\/div>\n<\/div>\n<\/div>\n<\/div>\n<\/div>\n<\/div>\n<\/div>\n<p>&nbsp;<\/p>\n<p>&nbsp;<\/p>\n<p>&nbsp;<\/p>\n<hr \/>\n<p>&nbsp;<\/p>\n<blockquote>\n<h3>COLCERGNAN CHIAMA A RAPPORTO I CONSIGLIERI COMUNALI<\/h3>\n<\/blockquote>\n<p><strong>CANALE D&#8217;AGORDO<\/strong> Il sindaco di Canale D&#8217;Agordo Flavio Colcergnan ha convocato i consiglieri comunali per mercoled\u00ec alle 20 presso la sala Lina Zand\u00f2 per il consiglio comunale a porte chiuse. Quattro punti da discutere tra cui una ratifica su una deliberazione di giunta riguardante il bilancio di previsione e una variazione al bilancio di previsione 2021-2023.<\/p>\n<p>&nbsp;<\/p>\n<p>&nbsp;<\/p>\n<hr \/>\n<p>&nbsp;<\/p>\n<blockquote>\n<h3>NEL CASTELLO DI BARBABLU, DOMENICA ALLE 17 AL TEATRO COMUNALE DI BELLUNO<\/h3>\n<\/blockquote>\n<h3><a href=\"https:\/\/www.radiopiu.net\/wordpress\/235499-2q\/247967093_3040184876228480_2357238744737972059_n\/\" rel=\"attachment wp-att-243035\"><img loading=\"lazy\" decoding=\"async\" class=\"size-medium wp-image-243035 alignleft\" src=\"https:\/\/www.radiopiu.net\/wordpress\/wp-content\/uploads\/2021\/10\/247967093_3040184876228480_2357238744737972059_n-300x114.jpg\" alt=\"\" width=\"300\" height=\"114\" srcset=\"https:\/\/www.radiopiu.net\/wordpress\/wp-content\/uploads\/2021\/10\/247967093_3040184876228480_2357238744737972059_n-300x114.jpg 300w, https:\/\/www.radiopiu.net\/wordpress\/wp-content\/uploads\/2021\/10\/247967093_3040184876228480_2357238744737972059_n-768x293.jpg 768w, https:\/\/www.radiopiu.net\/wordpress\/wp-content\/uploads\/2021\/10\/247967093_3040184876228480_2357238744737972059_n.jpg 960w\" sizes=\"auto, (max-width: 300px) 100vw, 300px\" \/><\/a>\u00a0INTERVISTA ALL&#8217;ATTRICE ANNABELLA TEDONE, COMPAGNIA KUZIBA<\/h3>\n<p>di Mirko Mezzacasa<\/p>\n<p>&nbsp;<\/p>\n<audio class=\"wp-audio-shortcode\" id=\"audio-243515-10\" preload=\"none\" style=\"width: 100%;\" controls=\"controls\"><source type=\"audio\/mpeg\" src=\"https:\/\/www.radiopiu.net\/wordpress\/wp-content\/uploads\/2021\/11\/annabella.mp3?_=10\" \/><a href=\"https:\/\/www.radiopiu.net\/wordpress\/wp-content\/uploads\/2021\/11\/annabella.mp3\">https:\/\/www.radiopiu.net\/wordpress\/wp-content\/uploads\/2021\/11\/annabella.mp3<\/a><\/audio>\n<p><span style=\"color: #ff0000;\"><strong>SERVIZI PRECEDENTI,\u00a0 TIB-TEATRO BELLUNO<\/strong><\/span><\/p>\n<blockquote class=\"wp-embedded-content\" data-secret=\"u3KdM832RO\"><p><a href=\"https:\/\/www.radiopiu.net\/wordpress\/235499-2q\/\">NEL CASTELLO DI BARBABLU, DOMENICA ALLE 17 AL TEATRO COMUNALE DI BELLUNO<\/a><\/p><\/blockquote>\n<p><iframe loading=\"lazy\" class=\"wp-embedded-content\" sandbox=\"allow-scripts\" security=\"restricted\" style=\"position: absolute; clip: rect(1px, 1px, 1px, 1px);\" title=\"&#8220;NEL CASTELLO DI BARBABLU, DOMENICA ALLE 17 AL TEATRO COMUNALE DI BELLUNO&#8221; &#8212; Radio Pi\u00f9\" src=\"https:\/\/www.radiopiu.net\/wordpress\/235499-2q\/embed\/#?secret=u3KdM832RO\" data-secret=\"u3KdM832RO\" width=\"600\" height=\"338\" frameborder=\"0\" marginwidth=\"0\" marginheight=\"0\" scrolling=\"no\"><\/iframe><\/p>\n<p>&nbsp;<\/p>\n<p>&nbsp;<\/p>\n<h3><\/h3>\n<hr \/>\n<p>&nbsp;<\/p>\n<blockquote>\n<h3>IL 27 E 28 NOVEMBRE LA FIERA DI SANT&#8217;ANDREA A CENCENIGHE<\/h3>\n<\/blockquote>\n<p><strong>CENCENIGHE\u00a0<\/strong>Il Comune e la Pro Loco di Cencenighe organizzano per sabato 27 e domenica 28 novembre la Fiera di Sant&#8217;Andrea presso il Nof Fil\u00f2 dalle 9 alle 19. Mercatino dell&#8217;artigianato, camioncino delle caramelle e servizio bar e pranzo da asporto. Dall 10 alle 16 la possibilit\u00e0 di fare un giro in pony o cavallo, l&#8217;esposizione degli animali sul piazzale del municipio, la ferratura del cavallo e l&#8217;esibizione di scultura su legno. All&#8217;esterno anche il chiosco degli Alpini con vin brul\u00e8 e caldarroste.<\/p>\n<p>&nbsp;<\/p>\n<p>&nbsp;<\/p>\n<hr \/>\n<p>&nbsp;<\/p>\n<blockquote>\n<h3>NOVEMBRE, IL MESE DELLA CORALITA&#8217;<\/h3>\n<\/blockquote>\n<p><strong><a href=\"https:\/\/www.radiopiu.net\/wordpress\/novembre-il-mese-della-coralita\/asac-veneto\/\" rel=\"attachment wp-att-241021\"><img loading=\"lazy\" decoding=\"async\" class=\" wp-image-241021 alignleft\" src=\"https:\/\/www.radiopiu.net\/wordpress\/wp-content\/uploads\/2021\/11\/ASAC-VENETO-300x167.png\" alt=\"\" width=\"210\" height=\"117\" srcset=\"https:\/\/www.radiopiu.net\/wordpress\/wp-content\/uploads\/2021\/11\/ASAC-VENETO-300x167.png 300w, https:\/\/www.radiopiu.net\/wordpress\/wp-content\/uploads\/2021\/11\/ASAC-VENETO.png 534w\" sizes=\"auto, (max-width: 210px) 100vw, 210px\" \/><\/a>BELLUNO<\/strong> Gli appuntamenti: Sabato 20 novembre nella Sala \u201cmons. Vincenzo Savio\u201d di Agordo il Coro Antica Eco di Puos d\u2019Alpago ed il Coro Rualan di Valle di Cadore. \u201cDolomiti in coro 2021\u201d si chiudera\u0300 sabato 27 novembre nella Chiesa parrocchiale di Longarone con il Coro Voci delle Dolomiti, il Gruppo Solo Voci di Feltre ed il Coro Cadore di Pieve di Cadore<\/p>\n<p>&nbsp;<\/p>\n<p>&nbsp;<\/p>\n<p>&nbsp;<\/p>\n<p>&nbsp;<\/p>\n<hr \/>\n<p>&nbsp;<\/p>\n<blockquote>\n<h3>UNION DEI LADINS DA FODOM E IL RINNOVO DEL CONSIGLIO<\/h3>\n<\/blockquote>\n<p><strong>LIVINALLONGO<\/strong> Domenica 21 novembre al Taulac di Pieve di Livinallongo l&#8217;Union Ladins De Fodom rinnover\u00e0 il consiglio. Nell&#8217;occasione verr\u00e0 presentata la ristampa del libro Lerbe, flou e pl\u00e0nte da Fodom&#8221;. La cittadinanza \u00e8 invitata a partecipare, obbligo di green pass.<\/p>\n<p>&nbsp;<\/p>\n<p>&nbsp;<\/p>\n<hr \/>\n<p>&nbsp;<\/p>\n<blockquote>\n<h3>PROSEGUONO GLI SPETTACOLI DI MISTERO A SOSPIROLO<\/h3>\n<\/blockquote>\n<p><strong>SOSPIROLO <\/strong>\u00a0Domenica alle 10.30 al Centro civico, appuntamento con le premiazioni del 12\u00b0 concorso letterario \u201cSospirolo tra leggende e misteri\u201d con lettura musicata dei racconti vincitori, a cura di Candida Capraro e Cristina Gianni e la giuria presieduta dalla scrittrice Antonia Arslan, cittadina onoraria di Sospirolo.<\/p>\n<p>&nbsp;<\/p>\n<hr \/>\n<p>&nbsp;<\/p>\n<blockquote>\n<h3>IERI\u00a0 LA GIORNATA MONDIALE DELLA FILOSOFIA<\/h3>\n<\/blockquote>\n<p><img loading=\"lazy\" decoding=\"async\" class=\"alignleft\" src=\"https:\/\/www.radiopiu.net\/wordpress\/wp-content\/uploads\/2021\/11\/2cd1c580-61cd-45e2-bc9e-ab91cc16ccd8.jpg\" width=\"171\" height=\"90\" \/><strong>REDAZIONE<\/strong> C&#8217;e&#8217; un legame tra Radio Pi\u00f9 e la Filosofia, si chiama GOCCE DI FILOSOFIA il programma in onda lo scorso anno, la seconda stagione riprender\u00e0 a gennaio con Chiara Cau e Lisa De Luca.<\/p>\n<p>ieri era la giornata mondiale della filosofia<\/p>\n<p><strong>LA RACCOLTA COMPLETA, PRIMA STAGIONE<\/strong><\/p>\n<blockquote class=\"wp-embedded-content\" data-secret=\"d2zcV0g0i0\"><p><a href=\"https:\/\/www.radiopiu.net\/wordpress\/gocce-filosofia\/\">Gocce di filosofia<\/a><\/p><\/blockquote>\n<p><iframe loading=\"lazy\" class=\"wp-embedded-content\" sandbox=\"allow-scripts\" security=\"restricted\" style=\"position: absolute; clip: rect(1px, 1px, 1px, 1px);\" title=\"&#8220;Gocce di filosofia&#8221; &#8212; Radio Pi\u00f9\" src=\"https:\/\/www.radiopiu.net\/wordpress\/gocce-filosofia\/embed\/#?secret=d2zcV0g0i0\" data-secret=\"d2zcV0g0i0\" width=\"600\" height=\"338\" frameborder=\"0\" marginwidth=\"0\" marginheight=\"0\" scrolling=\"no\"><\/iframe><\/p>\n<p>&nbsp;<\/p>\n<p>&nbsp;<\/p>\n<hr \/>\n<p>&nbsp;<\/p>\n<h1><span style=\"color: #ff0000;\">IERI ALLA RADIO&#8230;<\/span><\/h1>\n<blockquote>\n<h3>UNGULATI SULLE STRADE. SOVRAPASSI, BASTEREBBE COPIARE MA COPIARE BENE<\/h3>\n<\/blockquote>\n<p>&nbsp;<\/p>\n<h2><a href=\"https:\/\/www.radiopiu.net\/wordpress\/ungulati-sulle-strade-sovrapassi-basterebbe-copiare-ma-copiare-bene\/franco-de-bon-3\/\" rel=\"attachment wp-att-243617\"><img loading=\"lazy\" decoding=\"async\" class=\" wp-image-243617 alignleft\" src=\"https:\/\/www.radiopiu.net\/wordpress\/wp-content\/uploads\/2021\/11\/Franco-De-Bon.jpg\" alt=\"\" width=\"135\" height=\"150\" \/><\/a><strong>OSPITE IL CONSIGLIERE PROVINCIALE USCENTE FRANCO DE BON<\/strong><\/h2>\n<p>FRANCO DE BON Consigliere Data elezione: 16\/02\/2020 Partito: LS METROPOLITANA O PROV.LE SECONDO GRADO | PROVINCIA COMUNE &#8211; BELLUNO 2030 Data di nascita: 01\/09\/1953 Luogo di nascita: BELLUNO (BL)<\/p>\n<p><strong>di Mirko Mezzacasa<\/strong><\/p>\n<audio class=\"wp-audio-shortcode\" id=\"audio-243515-11\" preload=\"none\" style=\"width: 100%;\" controls=\"controls\"><source type=\"audio\/mpeg\" src=\"https:\/\/www.radiopiu.net\/wordpress\/wp-content\/uploads\/2021\/11\/CONSIGLIERE-FRANCO-DE-BON.mp3?_=11\" \/><a href=\"https:\/\/www.radiopiu.net\/wordpress\/wp-content\/uploads\/2021\/11\/CONSIGLIERE-FRANCO-DE-BON.mp3\">https:\/\/www.radiopiu.net\/wordpress\/wp-content\/uploads\/2021\/11\/CONSIGLIERE-FRANCO-DE-BON.mp3<\/a><\/audio>\n<p>&nbsp;<\/p>\n<hr \/>\n<p>&nbsp;<\/p>\n<p>&nbsp;<\/p>\n<blockquote>\n<h3>DEEP HEART TOUR &#8220;UN VIAGGIO IN LIBERTA'&#8221;<\/h3>\n<\/blockquote>\n<h2><span style=\"color: #ff0000;\"><strong>IERI ALLA RADIO\u00a0<\/strong><\/span><\/h2>\n<p><strong><a href=\"https:\/\/www.radiopiu.net\/wordpress\/radiopiuinformazione\/107602454_10158314563449351_7384220580728702056_n\/\" rel=\"attachment wp-att-243620\"><img loading=\"lazy\" decoding=\"async\" class=\"wp-image-243620 alignleft\" src=\"https:\/\/www.radiopiu.net\/wordpress\/wp-content\/uploads\/2021\/11\/107602454_10158314563449351_7384220580728702056_n-300x300.jpg\" alt=\"\" width=\"154\" height=\"154\" srcset=\"https:\/\/www.radiopiu.net\/wordpress\/wp-content\/uploads\/2021\/11\/107602454_10158314563449351_7384220580728702056_n-300x300.jpg 300w, https:\/\/www.radiopiu.net\/wordpress\/wp-content\/uploads\/2021\/11\/107602454_10158314563449351_7384220580728702056_n-150x150.jpg 150w, https:\/\/www.radiopiu.net\/wordpress\/wp-content\/uploads\/2021\/11\/107602454_10158314563449351_7384220580728702056_n-768x768.jpg 768w, https:\/\/www.radiopiu.net\/wordpress\/wp-content\/uploads\/2021\/11\/107602454_10158314563449351_7384220580728702056_n.jpg 960w\" sizes=\"auto, (max-width: 154px) 100vw, 154px\" \/><\/a><\/strong><\/p>\n<p>&nbsp;<\/p>\n<p><strong>Da Agordo a Berlino, da Berlino ad Agordo: Carlo Bortolini<\/strong><\/p>\n<p>&nbsp;<\/p>\n<p>di Claudio Fontanive<\/p>\n<audio class=\"wp-audio-shortcode\" id=\"audio-243515-12\" preload=\"none\" style=\"width: 100%;\" controls=\"controls\"><source type=\"audio\/mpeg\" src=\"https:\/\/www.radiopiu.net\/wordpress\/wp-content\/uploads\/2021\/11\/carlo-bortolini-18-novembre.mp3?_=12\" \/><a href=\"https:\/\/www.radiopiu.net\/wordpress\/wp-content\/uploads\/2021\/11\/carlo-bortolini-18-novembre.mp3\">https:\/\/www.radiopiu.net\/wordpress\/wp-content\/uploads\/2021\/11\/carlo-bortolini-18-novembre.mp3<\/a><\/audio>\n<p>&nbsp;<\/p>\n\n\t\t\t<style type='text\/css'>\n\t\t\t\t#gallery-7 {\n\t\t\t\t\tmargin: auto;\n\t\t\t\t}\n\t\t\t\t#gallery-7 .gallery-item {\n\t\t\t\t\tfloat: left;\n\t\t\t\t\tmargin-top: 10px;\n\t\t\t\t\ttext-align: center;\n\t\t\t\t\twidth: 50%;\n\t\t\t\t}\n\t\t\t\t#gallery-7 img {\n\t\t\t\t\tborder: 2px solid #cfcfcf;\n\t\t\t\t}\n\t\t\t\t#gallery-7 .gallery-caption {\n\t\t\t\t\tmargin-left: 0;\n\t\t\t\t}\n\t\t\t\t\/* see gallery_shortcode() in wp-includes\/media.php *\/\n\t\t\t<\/style>\n\t\t<div id='gallery-7' class='dt-gallery-container gallery galleryid-243515 gallery-columns-2 gallery-size-medium'><dl class='gallery-item'>\n\t\t\t\t<dt class='gallery-icon portrait'>\n\t\t\t\t\t<a class=\"rollover rollover-zoom dt-pswp-item\" title=\"Deep Heart Tour_page-0001\" data-dt-img-description=\"\" data-large_image_width=\"1241\" data-large_image_height=\"1755\"href='https:\/\/www.radiopiu.net\/wordpress\/wp-content\/uploads\/2021\/11\/Deep-Heart-Tour_page-0001.jpg'><img loading=\"lazy\" decoding=\"async\" width=\"212\" height=\"300\" src=\"https:\/\/www.radiopiu.net\/wordpress\/wp-content\/uploads\/2021\/11\/Deep-Heart-Tour_page-0001-212x300.jpg\" class=\"attachment-medium size-medium\" alt=\"\" srcset=\"https:\/\/www.radiopiu.net\/wordpress\/wp-content\/uploads\/2021\/11\/Deep-Heart-Tour_page-0001-212x300.jpg 212w, https:\/\/www.radiopiu.net\/wordpress\/wp-content\/uploads\/2021\/11\/Deep-Heart-Tour_page-0001-724x1024.jpg 724w, https:\/\/www.radiopiu.net\/wordpress\/wp-content\/uploads\/2021\/11\/Deep-Heart-Tour_page-0001-768x1086.jpg 768w, https:\/\/www.radiopiu.net\/wordpress\/wp-content\/uploads\/2021\/11\/Deep-Heart-Tour_page-0001-1086x1536.jpg 1086w, https:\/\/www.radiopiu.net\/wordpress\/wp-content\/uploads\/2021\/11\/Deep-Heart-Tour_page-0001.jpg 1241w\" sizes=\"auto, (max-width: 212px) 100vw, 212px\" \/><\/a>\n\t\t\t\t<\/dt><\/dl><dl class='gallery-item'>\n\t\t\t\t<dt class='gallery-icon portrait'>\n\t\t\t\t\t<a class=\"rollover rollover-zoom dt-pswp-item\" title=\"Deep Heart Tour_page-0002\" data-dt-img-description=\"\" data-large_image_width=\"1241\" data-large_image_height=\"1755\"href='https:\/\/www.radiopiu.net\/wordpress\/wp-content\/uploads\/2021\/11\/Deep-Heart-Tour_page-0002.jpg'><img loading=\"lazy\" decoding=\"async\" width=\"212\" height=\"300\" src=\"https:\/\/www.radiopiu.net\/wordpress\/wp-content\/uploads\/2021\/11\/Deep-Heart-Tour_page-0002-212x300.jpg\" class=\"attachment-medium size-medium\" alt=\"\" srcset=\"https:\/\/www.radiopiu.net\/wordpress\/wp-content\/uploads\/2021\/11\/Deep-Heart-Tour_page-0002-212x300.jpg 212w, https:\/\/www.radiopiu.net\/wordpress\/wp-content\/uploads\/2021\/11\/Deep-Heart-Tour_page-0002-724x1024.jpg 724w, https:\/\/www.radiopiu.net\/wordpress\/wp-content\/uploads\/2021\/11\/Deep-Heart-Tour_page-0002-768x1086.jpg 768w, https:\/\/www.radiopiu.net\/wordpress\/wp-content\/uploads\/2021\/11\/Deep-Heart-Tour_page-0002-1086x1536.jpg 1086w, https:\/\/www.radiopiu.net\/wordpress\/wp-content\/uploads\/2021\/11\/Deep-Heart-Tour_page-0002.jpg 1241w\" sizes=\"auto, (max-width: 212px) 100vw, 212px\" \/><\/a>\n\t\t\t\t<\/dt><\/dl><br style=\"clear: both\" \/>\n\t\t\t<\/div>\n\n<p>&nbsp;<\/p>\n<p>&nbsp;<\/p>\n<p>&nbsp;<\/p>\n<hr \/>\n<p>&nbsp;<\/p>\n<div>\n<div class=\"b654a4as d2edcug0\">\n<div class=\"rq0escxv hkbzh7o3 jwdofwj8 n8tt0mok r8blr3vg hyh9befq\">\n<p><a class=\"dt-pswp-item\" href=\"https:\/\/www.radiopiu.net\/wordpress\/wp-content\/uploads\/2020\/10\/pp.jpg\" data-dt-img-description=\"\" data-large_image_width=\"640\" data-large_image_height=\"640\"><img loading=\"lazy\" decoding=\"async\" class=\"wp-image-163678 alignleft\" src=\"https:\/\/www.radiopiu.net\/wordpress\/wp-content\/uploads\/2020\/10\/pp-300x300.jpg\" alt=\"\" width=\"106\" height=\"106\" srcset=\"https:\/\/www.radiopiu.net\/wordpress\/wp-content\/uploads\/2020\/10\/pp-300x300.jpg 300w, https:\/\/www.radiopiu.net\/wordpress\/wp-content\/uploads\/2020\/10\/pp-150x150.jpg 150w, https:\/\/www.radiopiu.net\/wordpress\/wp-content\/uploads\/2020\/10\/pp-125x125.jpg 125w, https:\/\/www.radiopiu.net\/wordpress\/wp-content\/uploads\/2020\/10\/pp-200x200.jpg 200w, https:\/\/www.radiopiu.net\/wordpress\/wp-content\/uploads\/2020\/10\/pp-80x80.jpg 80w, https:\/\/www.radiopiu.net\/wordpress\/wp-content\/uploads\/2020\/10\/pp-480x480.jpg 480w, https:\/\/www.radiopiu.net\/wordpress\/wp-content\/uploads\/2020\/10\/pp.jpg 640w\" sizes=\"auto, (max-width: 106px) 100vw, 106px\" \/><\/a><\/p>\n<\/div>\n<\/div>\n<\/div>\n<div>\n<div class=\"page-title-head hgroup\">\n<div class=\"page-title-head hgroup\">\n<div class=\"b654a4as d2edcug0\">\n<div class=\"j83agx80 btwxx1t3 lhclo0ds hop8lmos nkwizq5d scwd0bx6 roh60bw9\">\n<div class=\"rq0escxv hkbzh7o3 jwdofwj8 n8tt0mok r8blr3vg hyh9befq\">\n<div class=\"do00u71z l9j0dhe7 k4urcfbm\">\n<h2><span style=\"color: #000080;\">DON CESARE, IL PENSIERO DEL GIORNO. ALLA RADIO ALLE 7 DEL MATTINO E ALLE 19.30 DELLA SERA.\u00a0\u00a0<\/span><\/h2>\n<p>&nbsp;<\/p>\n<p>&nbsp;<\/p>\n<audio class=\"wp-audio-shortcode\" id=\"audio-243515-13\" preload=\"none\" style=\"width: 100%;\" controls=\"controls\"><source type=\"audio\/mpeg\" src=\"https:\/\/www.radiopiu.net\/wordpress\/wp-content\/uploads\/2021\/11\/cesare-10.mp3?_=13\" \/><a href=\"https:\/\/www.radiopiu.net\/wordpress\/wp-content\/uploads\/2021\/11\/cesare-10.mp3\">https:\/\/www.radiopiu.net\/wordpress\/wp-content\/uploads\/2021\/11\/cesare-10.mp3<\/a><\/audio>\n<p>&nbsp;<\/p>\n<p>&nbsp;<\/p>\n<hr \/>\n<p>&nbsp;<\/p>\n<blockquote>\n<h3>IN VIVO VERSO, SETTIMA STAGIONE CON BRUNELLA MORO, DAL LUNEDI AL VENERDI ALLE 7.10, 10.10 E 18.50<\/h3>\n<h3>L\u2019ARIA DEL MATTINO di JUNIO<\/h3>\n<\/blockquote>\n<p>&nbsp;<\/p>\n<p>AUDIO<\/p>\n<audio class=\"wp-audio-shortcode\" id=\"audio-243515-14\" preload=\"none\" style=\"width: 100%;\" controls=\"controls\"><source type=\"audio\/mpeg\" src=\"https:\/\/www.radiopiu.net\/wordpress\/wp-content\/uploads\/2021\/11\/04-LARIA-DEL-MATTINO-JUNIO-MARCO-TALAMINI.mp3?_=14\" \/><a href=\"https:\/\/www.radiopiu.net\/wordpress\/wp-content\/uploads\/2021\/11\/04-LARIA-DEL-MATTINO-JUNIO-MARCO-TALAMINI.mp3\">https:\/\/www.radiopiu.net\/wordpress\/wp-content\/uploads\/2021\/11\/04-LARIA-DEL-MATTINO-JUNIO-MARCO-TALAMINI.mp3<\/a><\/audio>\n<p>&nbsp;<\/p>\n<p>&nbsp;<\/p>\n<p><span style=\"font-family: Verdana, sans-serif;\"><span style=\"font-size: x-large;\"><img loading=\"lazy\" decoding=\"async\" class=\"alignleft\" src=\"https:\/\/www.radiopiu.net\/wordpress\/wp-content\/uploads\/2021\/11\/JUNIO-ART-BY-MARCO-PELLEGRINI-FOTO.jpg\" width=\"166\" height=\"172\" \/>Porti con te il profumo<\/span><\/span><\/p>\n<p><span style=\"font-family: Verdana, sans-serif;\"><span style=\"font-size: x-large;\">della notte <\/span><\/span><\/p>\n<p><span style=\"font-family: Verdana, sans-serif;\"><span style=\"font-size: x-large;\">che timidamente si ritira <\/span><\/span><\/p>\n<p><span style=\"font-family: Verdana, sans-serif;\"><span style=\"font-size: x-large;\">avida di emozioni, <\/span><\/span><\/p>\n<p><span style=\"font-family: Verdana, sans-serif;\"><span style=\"font-size: x-large;\">dolce come un bacio <\/span><\/span><\/p>\n<p><span style=\"font-family: Verdana, sans-serif;\"><span style=\"font-size: x-large;\">dura come il pianto.<\/span><\/span><\/p>\n<p><span style=\"font-family: Verdana, sans-serif;\"><span style=\"font-size: x-large;\">Ti riempi di rumori<\/span><\/span><\/p>\n<p><span style=\"font-family: Verdana, sans-serif;\"><span style=\"font-size: x-large;\">vita <\/span><\/span><\/p>\n<p><span style=\"font-family: Verdana, sans-serif;\"><span style=\"font-size: x-large;\">speranza <\/span><\/span><\/p>\n<p><span style=\"font-family: Verdana, sans-serif;\"><span style=\"font-size: x-large;\">Luce.<\/span><\/span><\/p>\n<p><strong>LA RACCOLTA COMPLETA\u00a0 \u00a0<\/strong><\/p>\n<blockquote class=\"wp-embedded-content\" data-secret=\"l5v23FqaY5\"><p><a href=\"https:\/\/www.radiopiu.net\/wordpress\/in-vivo-verso\/\">In Vivo Verso<\/a><\/p><\/blockquote>\n<p><iframe loading=\"lazy\" class=\"wp-embedded-content\" sandbox=\"allow-scripts\" security=\"restricted\" style=\"position: absolute; clip: rect(1px, 1px, 1px, 1px);\" title=\"&#8220;In Vivo Verso&#8221; &#8212; Radio Pi\u00f9\" src=\"https:\/\/www.radiopiu.net\/wordpress\/in-vivo-verso\/embed\/#?secret=l5v23FqaY5\" data-secret=\"l5v23FqaY5\" width=\"600\" height=\"338\" frameborder=\"0\" marginwidth=\"0\" marginheight=\"0\" scrolling=\"no\"><\/iframe><\/p>\n<p>&nbsp;<\/p>\n<hr \/>\n<p>&nbsp;<\/p>\n<p>&nbsp;<\/p>\n<blockquote>\n<h2>PAGINE DI VITA VISSUTA A LAMOSANO NEL DIARIO DI DON ANTONIO DE LOTTO<\/h2>\n<\/blockquote>\n<p>&nbsp;<\/p>\n<p><strong>di\u00a0 RENATO BONA<\/strong><\/p>\n<p><strong>BELLUNO<\/strong> Nei documenti di storia su Cadore, Zoldo e Alpago raccolti da Aldo Belli, curatore del libro dall\u2019omonimo titolo, edito nel giugno 1978 dall\u2019Istituto bellunese di ricerche sociali e culturali per la serie \u201cStoria\u201d (con la collaborazione di Ivo De Lotto; Marco De March per la ricerca di illustrazioni del diario di A. De Lotto; Leriana Viel per ricopiare il diario di A. De Lotto; Antonella Bortot per la revisione del diario di G. Menegus; Gino Fiori per la ricerca del diario di A. Serafini), stampa della bellunese tipografia Piave, il capitolo che interessa l\u2019Alpago \u00e8 di Antonio De Lotto; si tratta del \u201cDiario dall\u20198.XI.1917 al 21.XI,1919 a Lamosano d\u2019Alpago\u201d e fa parte della raccolta di diari il primo dei quali risale al 1810 e l\u2019ultimo \u00e8 del 1947, con la puntualizzazione che \u201cGli avvenimenti descritti si svolsero nella Valle del Boite, nello Zoldano e appunto nell\u2019Alpago, sul tema principale che sono le invasioni, anche se non mancano pagine di emigrazione, di costume e di calamit\u00e0 varie. Gli autori dei diari, oltre ad Antonio De Lotto del quale diremo, sono stati: Giovanni De Sandre Colombo, Giovani Belli Nodaro, Nicol\u00f2 De Sandre Colombo, Augusto Serafini e Giuseppe Menegus Pel\u00e0 Chi era Antonio De Lotto? Nato a San Vito di Cadore nel 1878 mor\u00ec centenario a Belluno nel 1978. Durante l\u2019invasione del 1917 era parroco a Lamosano (poi pass\u00f2 a San Gregorio nelle Alpi, quindi a Belluno, penitenziere nella cattedrale). Scrisse un diario che comprendeva gli anni dell\u2019invasione e i primi anni del suo soggiorno a San Gregorio. L\u2019autore del libro puntualizza:\u201cMi ha dato da ricopiare per la pubblicazione solo la parte che riguardava l\u2019invasione, che lui riteneva pi\u00f9 interessante. Per sua esplicita indicazione ho tolto dal testo molti accenni a vicende familiari e tutto quanto si riferiva all\u2019episodio della requisizione delle campane di Lamosano e Chies\u201d. Il suo diario, come detto, prende il via l\u20198 novembre 1917, giorno del quale leggiamo, fra l\u2019altro: \u201c\u2026 Sono ritornati dei soldati fuggiaschi\u2026 quello che pi\u00f9 impressiona \u00e8 che si mostrano contenti di quanto \u00e8 avvenuto, della defezione loro e dei loro compagni, se ne mostrano contenti anche ora che possono constatarne le conseguenze. Quanta demoralizzazione e quale mancanza di sentimento!&#8230; Siamo rimasti anche senza medici e i due del basso Alpago cio\u00e8 Puos e il nostro sono fuggiti: non so quello di Tambre\u2026 Giorno 11: \u201cTutta la notte e tutto il giorno continu\u00f2 ininterrotto il cannone verso Fadalto. A Pieve i soldati austriaci sono circa 400: requisiscono cibi: pollame, maiali, buoi, formaggio. Guai la continui a lungo, queste povere popolazioni sono affamate\u2026\u201d: 13: \u201cUn uomo di Irrighe, andato a Borsoi, racconta cose impressionanti di Tambre. I tedeschi sono entrati nelle case ed hanno fatto pulizia di tutto, generi alimentari e biancheria. A don Emilio Palatini spogliarono interamente la canonica. Una ragazza da Montanes arrivata questa sera da Belluno racconta le scene vandaliche dei soldati tedeschi. Entrano nelle case, sfondando le porte: aprono casse, armadi, rompono, gettano ogni cosa in strada. Dice che i pi\u00f9 inferociti sono i germanici: che gli austriaci usano pi\u00f9 attenzioni\u201d. 13 dicembre: \u201cDa Tambre giunge notizia che in Cansiglio vi sono parecchie centinaia di nostri prigionieri morti di fame: oggi furono numerose persone che corsero dentro a portar loro quel po\u2019 di vitto che potevano\u201d. 23: \u201cLa parrocchia \u00e8 piena di prigionieri austriaci disertori\u201d. 25-26: \u201cNihil novi eccetto il continuo arrivo di disertori italiani che non si possono lasciar morire di fame\u2026\u201d. 31: \u201cQuesta sera alle 4 canto dei Vesperi e Te Deum dinanzi al Santissimo esposto. Cos\u00ec termina il 1917 onusto di sangue, di lacrime, di dolori e l\u2019avvenire si presenta ancor pi\u00f9 oscuro\u2026\u201d. Siamo al 1918, giorno 5 gennaio: \u201cOggi altra requisizione dei bovini, ne condussero via cinque. In questi giorni il cannone si fa udire ad intervalli ma debolmente\u2026\u201d. Giorno 9: \u201cNeve e vento. Oggi a Lamosano un fatto clamoroso. Da parecchi mesi era annidato su per i pressi di Plois e Curago un disertore, credesi siciliano: un brutto soggetto sempre armato fino ai denti e che terrorizzava quella gente. Da alcune settimane era venuto a stabilirsi a Montan\u00e9s ove aveva affittato una stanza con un suo compagno. L\u2019occhio, l\u2019aspetto era davvero di un delinquente\u2026 Alcuni uomini andarono a Fun\u00e9s e trovatolo a dormire su una banca gli saltarono sopra. Lo legarono e giunti i gendarmi glielo consegnarono\u2026\u201d. 12 marzo: \u201cOggi a Puos e Valdenogher furono requisite le campane e calate dal campanile, cos\u00ec dicesi a Farra, Cadola, Codenzano\u2026\u201d. 20 aprile: \u201cOperai giunti da Ponte nelle Alpi dicono che si sta disfacendo il ponte ferroviario sul Piave e se ne asporta il materiale\u2026\u201d. Giugno: giorno 1: \u201cI sindaci dell\u2019Alpago che si recarono oggi a Belluno per ottenere una diminuzione del contributo di bestie: non furono neppure accettati, ma villanamente respinti\u201d. 19: \u201cOggi il cannone tacque: sfondamento o tregua?&#8230;\u201d. 1 agosto: \u201cComincia il quinto anno di guerra senza che alcuna condizione faccia sperare una prossima fine, n\u00e9 che le truppe austro-ungariche abbiano da ritirarsi dalle nostre province: si parla invece della venuta di corpi d\u2019armata germanici per una nuova offensiva. Le condizioni nostre vanno peggiorando di giorno in giorno: serpeggia la dissenteria e il cosiddetto mal del sangue, non una medicina n\u00e9 un po\u2019 di carne, nulla; inoltre famiglie di profughi ammalati sprovviste di tutto: sono spettri ambulanti\u2026\u201d. 8 settembre: \u201cDa parecchie notti ininterrotto bombardamento: stamane violentissimo. Durante il giorno niente. 28: \u201cE\u2019 cominciata da parte dell\u2019Italia il 26 corrente un\u2019offensiva in grande stile. All\u2019anniversario di Caporetto vogliono riacquistare l\u2019onore delle armi e trattare la pace sull\u2019Isonzo. 4 novembre: oggi alle ore 23 passate cessano le ostilit\u00e0 fra l\u2019Italia e l\u2019Austria; l\u2019armistizio \u00e8 stato firmato ieri. I soldati sono ebbri di gioia: ne hanno ben diritto dopo 41 mesi di guerra! Sembra ancora un sogno\u2026\u201d. Dicembre, giorno 14: \u201cLa sera del 1. mi sono messo a letto colpito anch\u2019io dalla febbre spagnola: ho passato una settimana infernale per la febbre\u2026\u201d. 25: Natale di pioggia e freddo: ho celebrato una sola messa. Anno 1919:15 febbraio: \u201cIl nostro Vescovo (Giosu\u00e8 Cattarossi: presule dal 21 novembre 1913 al 3 marzo 1944 &#8211; ndr.) \u00e8 stato insignito della commenda dei santissimi Maurizio e Lazzaro, una delle onorificenze pi\u00f9 alte che si concedono ai benemeriti della patria. Gli fu concessa per l\u2019opera spiegata durante l\u2019invasione e per suo contegno dignitoso d\u2019italiano\u201d. 6: \u201cE\u2019 venuto a trovarmi don Emilio Palatini, destinato a parroco del Duomo\u201d. 31: \u201cOggi si \u00e8 dato principio ai lavori della strada interrotti nel 1916 o \u201917 per\u00f2 pochissimi operai si sono presentati. Hanno innalzato un reclamo al Genio militare\u201d. Aprile giorno 1: \u201cMi \u00e8 capitata una ragazzetta di Lamosano, l\u2019unica, per dar nuovamente il suo nome come aspirante: tutte le sue colleghe le erano attorno per dissuaderla!\u201d. 11: \u201cOggi ho radunato alcuni per la costituzione della sezione comunale del Partito popolare italiano. Ho esposto le finalit\u00e0 e il programma del partito, la necessita dell\u2019organizzazione e diedero il loro nome in 26 poi subito eletta a viva voce una direzione provvisoria\u201d. 3 agosto: \u201cOggi ho dato in chiesa l\u2019addio alla popolazione: uomini e donne piangevano\u2026\u201d. Il diario si conclude con il 14 agosto 1919, giorno in cui don Antonio De Lotto scrive: \u201cQuesti giorni ho cominciato la visita delle famiglie della parrocchia e ho fatto San Gregorio e Paderno: quasi ovunque trovo larga cordialit\u00e0. Per\u00f2 la nostalgia di Lamosano mi assale di quando in quando terribilmente e spesso m\u2019accorgo d\u2019aver gli occhi inumiditi\u201d.<\/p>\n\n\t\t\t<style type='text\/css'>\n\t\t\t\t#gallery-8 {\n\t\t\t\t\tmargin: auto;\n\t\t\t\t}\n\t\t\t\t#gallery-8 .gallery-item {\n\t\t\t\t\tfloat: left;\n\t\t\t\t\tmargin-top: 10px;\n\t\t\t\t\ttext-align: center;\n\t\t\t\t\twidth: 25%;\n\t\t\t\t}\n\t\t\t\t#gallery-8 img {\n\t\t\t\t\tborder: 2px solid #cfcfcf;\n\t\t\t\t}\n\t\t\t\t#gallery-8 .gallery-caption {\n\t\t\t\t\tmargin-left: 0;\n\t\t\t\t}\n\t\t\t\t\/* see gallery_shortcode() in wp-includes\/media.php *\/\n\t\t\t<\/style>\n\t\t<div id='gallery-8' class='dt-gallery-container gallery galleryid-243515 gallery-columns-4 gallery-size-thumbnail'><dl class='gallery-item'>\n\t\t\t\t<dt class='gallery-icon portrait'>\n\t\t\t\t\t<a class=\"rollover rollover-zoom dt-pswp-item\" title=\"258216635_1216769042160981_2785650475531930878_n\" data-dt-img-description=\"\" data-large_image_width=\"151\" data-large_image_height=\"225\"href='https:\/\/www.radiopiu.net\/wordpress\/wp-content\/uploads\/2021\/11\/258216635_1216769042160981_2785650475531930878_n.jpg'><img loading=\"lazy\" decoding=\"async\" width=\"150\" height=\"150\" src=\"https:\/\/www.radiopiu.net\/wordpress\/wp-content\/uploads\/2021\/11\/258216635_1216769042160981_2785650475531930878_n-150x150.jpg\" class=\"attachment-thumbnail size-thumbnail\" alt=\"\" \/><\/a>\n\t\t\t\t<\/dt><\/dl><dl class='gallery-item'>\n\t\t\t\t<dt class='gallery-icon landscape'>\n\t\t\t\t\t<a class=\"rollover rollover-zoom dt-pswp-item\" title=\"258607801_935115263878452_3026144916648654962_n\" data-dt-img-description=\"\" data-large_image_width=\"273\" data-large_image_height=\"206\"href='https:\/\/www.radiopiu.net\/wordpress\/wp-content\/uploads\/2021\/11\/258607801_935115263878452_3026144916648654962_n.jpg'><img loading=\"lazy\" decoding=\"async\" width=\"150\" height=\"150\" src=\"https:\/\/www.radiopiu.net\/wordpress\/wp-content\/uploads\/2021\/11\/258607801_935115263878452_3026144916648654962_n-150x150.jpg\" class=\"attachment-thumbnail size-thumbnail\" alt=\"\" \/><\/a>\n\t\t\t\t<\/dt><\/dl><dl class='gallery-item'>\n\t\t\t\t<dt class='gallery-icon landscape'>\n\t\t\t\t\t<a class=\"rollover rollover-zoom dt-pswp-item\" title=\"258423500_903563406961184_6596008990209177462_n\" data-dt-img-description=\"\" data-large_image_width=\"332\" data-large_image_height=\"206\"href='https:\/\/www.radiopiu.net\/wordpress\/wp-content\/uploads\/2021\/11\/258423500_903563406961184_6596008990209177462_n.jpg'><img loading=\"lazy\" decoding=\"async\" width=\"150\" height=\"150\" src=\"https:\/\/www.radiopiu.net\/wordpress\/wp-content\/uploads\/2021\/11\/258423500_903563406961184_6596008990209177462_n-150x150.jpg\" class=\"attachment-thumbnail size-thumbnail\" alt=\"\" \/><\/a>\n\t\t\t\t<\/dt><\/dl><dl class='gallery-item'>\n\t\t\t\t<dt class='gallery-icon landscape'>\n\t\t\t\t\t<a class=\"rollover rollover-zoom dt-pswp-item\" title=\"258281181_416389146803429_8611553579011573176_n\" data-dt-img-description=\"\" data-large_image_width=\"296\" data-large_image_height=\"204\"href='https:\/\/www.radiopiu.net\/wordpress\/wp-content\/uploads\/2021\/11\/258281181_416389146803429_8611553579011573176_n.jpg'><img loading=\"lazy\" decoding=\"async\" width=\"150\" height=\"150\" src=\"https:\/\/www.radiopiu.net\/wordpress\/wp-content\/uploads\/2021\/11\/258281181_416389146803429_8611553579011573176_n-150x150.jpg\" class=\"attachment-thumbnail size-thumbnail\" alt=\"\" \/><\/a>\n\t\t\t\t<\/dt><\/dl><br style=\"clear: both\" \/><dl class='gallery-item'>\n\t\t\t\t<dt class='gallery-icon portrait'>\n\t\t\t\t\t<a class=\"rollover rollover-zoom dt-pswp-item\" title=\"258435227_293380502683795_7576054481297699521_n\" data-dt-img-description=\"\" data-large_image_width=\"156\" data-large_image_height=\"206\"href='https:\/\/www.radiopiu.net\/wordpress\/wp-content\/uploads\/2021\/11\/258435227_293380502683795_7576054481297699521_n.jpg'><img loading=\"lazy\" decoding=\"async\" width=\"150\" height=\"150\" src=\"https:\/\/www.radiopiu.net\/wordpress\/wp-content\/uploads\/2021\/11\/258435227_293380502683795_7576054481297699521_n-150x150.jpg\" class=\"attachment-thumbnail size-thumbnail\" alt=\"\" \/><\/a>\n\t\t\t\t<\/dt><\/dl><dl class='gallery-item'>\n\t\t\t\t<dt class='gallery-icon portrait'>\n\t\t\t\t\t<a class=\"rollover rollover-zoom dt-pswp-item\" title=\"258381747_1240094439823558_8290116001637434472_n\" data-dt-img-description=\"\" data-large_image_width=\"160\" data-large_image_height=\"205\"href='https:\/\/www.radiopiu.net\/wordpress\/wp-content\/uploads\/2021\/11\/258381747_1240094439823558_8290116001637434472_n.jpg'><img loading=\"lazy\" decoding=\"async\" width=\"150\" height=\"150\" src=\"https:\/\/www.radiopiu.net\/wordpress\/wp-content\/uploads\/2021\/11\/258381747_1240094439823558_8290116001637434472_n-150x150.jpg\" class=\"attachment-thumbnail size-thumbnail\" alt=\"\" \/><\/a>\n\t\t\t\t<\/dt><\/dl><dl class='gallery-item'>\n\t\t\t\t<dt class='gallery-icon landscape'>\n\t\t\t\t\t<a class=\"rollover rollover-zoom dt-pswp-item\" title=\"258515908_288794876524387_6279058941743944876_n\" data-dt-img-description=\"\" data-large_image_width=\"403\" data-large_image_height=\"199\"href='https:\/\/www.radiopiu.net\/wordpress\/wp-content\/uploads\/2021\/11\/258515908_288794876524387_6279058941743944876_n.jpg'><img loading=\"lazy\" decoding=\"async\" width=\"150\" height=\"150\" src=\"https:\/\/www.radiopiu.net\/wordpress\/wp-content\/uploads\/2021\/11\/258515908_288794876524387_6279058941743944876_n-150x150.jpg\" class=\"attachment-thumbnail size-thumbnail\" alt=\"\" \/><\/a>\n\t\t\t\t<\/dt><\/dl>\n\t\t\t\t<br style='clear: both' \/>\n\t\t\t<\/div>\n\n<p>&nbsp;<\/p>\n<p>NELLE FOTO (riproduzioni dal libro di Aldo Belli \u201cdocumenti di storia. Cadore, Zoldo e Alpago): anno 1882; Antonio De Lotto all\u2019et\u00e0 di 4 anni con la madre Maddalena De Luca; don Antonio con i compagni di scuola nel 1903; in alto, da sinistra: don Evangelista Ribul, don Angelo Arnoldo, don Antonio De Lotto, don Pietro Zangrando; in basso: don Natale Mottes e don Tita De Martin; immediato dopoguerra: la famiglia Barattin \u201cCiassi\u201d di Montan\u00e9s (immagine di propriet\u00e0 di Rizieri Barattin); festa in famiglia in occasione di un battesimo (immagine di propriet\u00e0 di Lino De Min); una famiglia di Montan\u00e9s durante l\u2019invasione; reparto della fanfara del periodo della prima guerra mondiale con alcuni giovani di Lamosano: Luigi Pedol-Podest\u00e0 (terzo in alto da sinistra), Domenico Pedol (primo da sinistra in alto), Giovanni Munaro (accanto a Domenico Pedol, di spalle); reduci della Grande Guerra con la loro insegnante Maria De Baldironi.<\/p>\n<p>&nbsp;<\/p>\n<p>&nbsp;<\/p>\n<p>&nbsp;<\/p>\n<div class=\"ecm0bbzt e5nlhep0 a8c37x1j\">\n<div class=\"kvgmc6g5 cxmmr5t8 oygrvhab hcukyx3x c1et5uql\">\n<div class=\"gmail-kvgmc6g5 gmail-cxmmr5t8 gmail-oygrvhab gmail-hcukyx3x gmail-c1et5uql gmail-ii04i59q\">\n<div class=\"page-title-head hgroup\">\n<div class=\"page-title-head hgroup\">\n<div class=\"b654a4as d2edcug0\">\n<div class=\"j83agx80 btwxx1t3 lhclo0ds hop8lmos nkwizq5d scwd0bx6 roh60bw9\">\n<div class=\"rq0escxv hkbzh7o3 jwdofwj8 n8tt0mok r8blr3vg hyh9befq\">\n<div class=\"do00u71z l9j0dhe7 k4urcfbm\">\n<hr \/>\n<p>&nbsp;<\/p>\n<p><strong>OGGI ALLE 10.30 E ALLE 19 ALLA RADIO&#8230;LA QUINTA PUNTATA<\/strong><\/p>\n<blockquote class=\"wp-embedded-content\" data-secret=\"xFKsPiMIeO\"><p><a href=\"https:\/\/www.radiopiu.net\/wordpress\/connessi-2\/\">Connessi<\/a><\/p><\/blockquote>\n<p><iframe loading=\"lazy\" class=\"wp-embedded-content\" sandbox=\"allow-scripts\" security=\"restricted\" style=\"position: absolute; clip: rect(1px, 1px, 1px, 1px);\" title=\"&#8220;Connessi&#8221; &#8212; Radio Pi\u00f9\" src=\"https:\/\/www.radiopiu.net\/wordpress\/connessi-2\/embed\/#?secret=xFKsPiMIeO\" data-secret=\"xFKsPiMIeO\" width=\"600\" height=\"338\" frameborder=\"0\" marginwidth=\"0\" marginheight=\"0\" scrolling=\"no\"><\/iframe><\/p>\n<p>&nbsp;<\/p>\n<p>&nbsp;<\/p>\n<p>&nbsp;<\/p>\n<hr \/>\n<p>&nbsp;<\/p>\n<p><span style=\"color: #0000ff;\">MUSICA PIU&#8217;\u00a0<\/span><\/p>\n<p><a href=\"https:\/\/www.radiopiu.net\/wordpress\/giornale-radiopiu-20-settembre-2021-direttore-mirko-mezzacasa\/pp-79\/\" rel=\"attachment wp-att-232921\"><img loading=\"lazy\" decoding=\"async\" class=\"wp-image-232921 alignleft\" src=\"https:\/\/www.radiopiu.net\/wordpress\/wp-content\/uploads\/2021\/09\/pp-1-300x300.jpg\" alt=\"\" width=\"135\" height=\"135\" srcset=\"https:\/\/www.radiopiu.net\/wordpress\/wp-content\/uploads\/2021\/09\/pp-1-300x300.jpg 300w, https:\/\/www.radiopiu.net\/wordpress\/wp-content\/uploads\/2021\/09\/pp-1-150x150.jpg 150w, https:\/\/www.radiopiu.net\/wordpress\/wp-content\/uploads\/2021\/09\/pp-1.jpg 640w\" sizes=\"auto, (max-width: 135px) 100vw, 135px\" \/><\/a><\/p>\n<div class=\"mkdf-post-text\">\n<div class=\"mkdf-post-text-inner\">\n<div class=\"mkdf-post-text-main\">\n<div class=\"mkdf-post-text\">\n<div class=\"mkdf-post-text-inner\">\n<div class=\"mkdf-post-text-main\">\n<div class=\"mkdf-post-text\">\n<div class=\"mkdf-post-text-inner\">\n<div class=\"mkdf-post-text-main\">\n<div class=\"page-title-head hgroup\">\n<div class=\"page-title-head hgroup\">\n<div class=\"mkdf-post-text\">\n<div class=\"mkdf-post-text-inner\">\n<div class=\"mkdf-post-text-main\">\n<div class=\"mkdf-post-text\">\n<div class=\"mkdf-post-text-inner\">\n<div class=\"mkdf-post-text-main\">\n<div class=\"page-title-head hgroup\">\n<div class=\"page-title-head hgroup\">\n<div class=\"page-title-head hgroup\">\n<div class=\"page-title-head hgroup\">\n<div class=\"b654a4as d2edcug0\">\n<div class=\"page-title-head hgroup\">\n<div class=\"page-title-head hgroup\">\n<div class=\"page-title-head hgroup\">\n<div class=\"page-title-head hgroup\">\n<div class=\"b654a4as d2edcug0\">\n<div class=\"page-title-head hgroup\">\n<div class=\"page-title-head hgroup\">\n<div class=\"page-title-head hgroup\">\n<div class=\"page-title-head hgroup\">\n<div class=\"b654a4as d2edcug0\">\n<div class=\"mkdf-post-text\">\n<div class=\"mkdf-post-text-inner\">\n<div class=\"mkdf-post-text-main\">\n<div class=\"mkdf-post-text\">\n<div class=\"mkdf-post-text-inner\">\n<div class=\"mkdf-post-text-main\">\n<div class=\"mkdf-post-text\">\n<div class=\"mkdf-post-text-inner\">\n<div class=\"mkdf-post-text-main\">\n<div class=\"page-title-head hgroup\">\n<div class=\"page-title-head hgroup\">\n<div class=\"mkdf-post-text\">\n<div class=\"mkdf-post-text-inner\">\n<div class=\"mkdf-post-text-main\">\n<div class=\"mkdf-post-text\">\n<div class=\"mkdf-post-text-inner\">\n<div class=\"mkdf-post-text-main\">\n<div class=\"page-title-head hgroup\">\n<div class=\"page-title-head hgroup\">\n<div class=\"page-title-head hgroup\">\n<div class=\"page-title-head hgroup\">\n<div class=\"b654a4as d2edcug0\">\n<div class=\"page-title-head hgroup\">\n<div class=\"page-title-head hgroup\">\n<div class=\"page-title-head hgroup\">\n<div class=\"page-title-head hgroup\">\n<div class=\"b654a4as d2edcug0\">\n<div class=\"page-title-head hgroup\">\n<div class=\"page-title-head hgroup\">\n<div class=\"page-title-head hgroup\">\n<div class=\"page-title-head hgroup\">\n<div class=\"b654a4as d2edcug0\">\n<div><\/div>\n<div><\/div>\n<div>\n<p><strong>MUSICA ALLA RADIO, IL PROGRAMMA DI LORIS SCUSSEL &#8220;COLLAGE OPERAZIONE NOSTALGIA&#8221; DAL LUNEDI AL VENERDI ALLE 16.00\u00a0 E ALLE 23\u00a0<\/strong><\/p>\n<\/div>\n<p>&nbsp;<\/p>\n<p>&nbsp;<\/p>\n<p><strong>PUNTATA NUMERO 479<\/strong><\/p>\n<audio class=\"wp-audio-shortcode\" id=\"audio-243515-15\" preload=\"none\" style=\"width: 100%;\" controls=\"controls\"><source type=\"audio\/mpeg\" src=\"https:\/\/www.radiopiu.net\/wordpress\/wp-content\/uploads\/2021\/11\/Collage-479.mp3?_=15\" \/><a href=\"https:\/\/www.radiopiu.net\/wordpress\/wp-content\/uploads\/2021\/11\/Collage-479.mp3\">https:\/\/www.radiopiu.net\/wordpress\/wp-content\/uploads\/2021\/11\/Collage-479.mp3<\/a><\/audio>\n<p>&nbsp;<\/p>\n<\/div>\n<\/div>\n<\/div>\n<\/div>\n<\/div>\n<\/div>\n<\/div>\n<\/div>\n<\/div>\n<\/div>\n<\/div>\n<\/div>\n<\/div>\n<\/div>\n<\/div>\n<\/div>\n<\/div>\n<\/div>\n<\/div>\n<\/div>\n<\/div>\n<\/div>\n<\/div>\n<\/div>\n<\/div>\n<\/div>\n<\/div>\n<\/div>\n<\/div>\n<\/div>\n<\/div>\n<\/div>\n<\/div>\n<\/div>\n<\/div>\n<\/div>\n<\/div>\n<\/div>\n<\/div>\n<\/div>\n<\/div>\n<\/div>\n<\/div>\n<\/div>\n<\/div>\n<\/div>\n<\/div>\n<\/div>\n<\/div>\n<\/div>\n<\/div>\n<\/div>\n<\/div>\n<\/div>\n<\/div>\n<\/div>\n<\/div>\n<\/div>\n<\/div>\n<\/div>\n<\/div>\n<\/div>\n<\/div>\n<\/div>\n<blockquote class=\"wp-embedded-content\" data-secret=\"KsYqWSehOG\"><p><a href=\"https:\/\/www.radiopiu.net\/wordpress\/freemix-la-liberta-musicale-mixata-da-dj-athos-e-raccontata-da-dj-jack\/\">FREEMIX, LA LIBERTA&#8217; MUSICALE MIXATA DA DJ ATHOS E RACCONTATA DA DJ JACK<\/a><\/p><\/blockquote>\n<p><iframe loading=\"lazy\" class=\"wp-embedded-content\" sandbox=\"allow-scripts\" security=\"restricted\" style=\"position: absolute; clip: rect(1px, 1px, 1px, 1px);\" title=\"&#8220;FREEMIX, LA LIBERTA&#8217; MUSICALE MIXATA DA DJ ATHOS E RACCONTATA DA DJ JACK&#8221; &#8212; Radio Pi\u00f9\" src=\"https:\/\/www.radiopiu.net\/wordpress\/freemix-la-liberta-musicale-mixata-da-dj-athos-e-raccontata-da-dj-jack\/embed\/#?secret=KsYqWSehOG\" data-secret=\"KsYqWSehOG\" width=\"600\" height=\"338\" frameborder=\"0\" marginwidth=\"0\" marginheight=\"0\" scrolling=\"no\"><\/iframe><\/p>\n<p>&nbsp;<\/p>\n<p>&nbsp;<\/p>\n<blockquote class=\"wp-embedded-content\" data-secret=\"l6Wy4vlPb3\"><p><a href=\"https:\/\/www.radiopiu.net\/wordpress\/da-ieri-alla-radio-in-palinsesto-loris-e-maurizio-con-la-grande-musica\/\">IL BLUES ALLA RADIO &#8230; COME NON L&#8217;AVETE MAI SENTITO PRIMA<\/a><\/p><\/blockquote>\n<p><iframe loading=\"lazy\" class=\"wp-embedded-content\" sandbox=\"allow-scripts\" security=\"restricted\" style=\"position: absolute; clip: rect(1px, 1px, 1px, 1px);\" title=\"&#8220;IL BLUES ALLA RADIO &#8230; COME NON L&#8217;AVETE MAI SENTITO PRIMA&#8221; &#8212; Radio Pi\u00f9\" src=\"https:\/\/www.radiopiu.net\/wordpress\/da-ieri-alla-radio-in-palinsesto-loris-e-maurizio-con-la-grande-musica\/embed\/#?secret=l6Wy4vlPb3\" data-secret=\"l6Wy4vlPb3\" width=\"600\" height=\"338\" frameborder=\"0\" marginwidth=\"0\" marginheight=\"0\" scrolling=\"no\"><\/iframe><\/p>\n<p>&nbsp;<\/p>\n<blockquote>\n<h3>SECONDO SINGOLO DEL 2021 PER SAM. ESCE OGGI \u201cSUL FILO DEL TEMPO\u201d<\/h3>\n<\/blockquote>\n<p><strong><a href=\"https:\/\/www.radiopiu.net\/wordpress\/secondo-singolo-del-2021-per-sam-esce-oggi-sul-filo-del-tempo\/adobe_post_20210904_2134390-40539513894354506\/\" rel=\"attachment wp-att-243662\"><img loading=\"lazy\" decoding=\"async\" class=\" wp-image-243662 alignleft\" src=\"https:\/\/www.radiopiu.net\/wordpress\/wp-content\/uploads\/2021\/11\/Adobe_Post_20210904_2134390.40539513894354506-300x300.png\" alt=\"\" width=\"193\" height=\"193\" srcset=\"https:\/\/www.radiopiu.net\/wordpress\/wp-content\/uploads\/2021\/11\/Adobe_Post_20210904_2134390.40539513894354506-300x300.png 300w, https:\/\/www.radiopiu.net\/wordpress\/wp-content\/uploads\/2021\/11\/Adobe_Post_20210904_2134390.40539513894354506-1024x1024.png 1024w, https:\/\/www.radiopiu.net\/wordpress\/wp-content\/uploads\/2021\/11\/Adobe_Post_20210904_2134390.40539513894354506-150x150.png 150w, https:\/\/www.radiopiu.net\/wordpress\/wp-content\/uploads\/2021\/11\/Adobe_Post_20210904_2134390.40539513894354506-768x768.png 768w, https:\/\/www.radiopiu.net\/wordpress\/wp-content\/uploads\/2021\/11\/Adobe_Post_20210904_2134390.40539513894354506-1536x1536.png 1536w, https:\/\/www.radiopiu.net\/wordpress\/wp-content\/uploads\/2021\/11\/Adobe_Post_20210904_2134390.40539513894354506-2048x2048.png 2048w\" sizes=\"auto, (max-width: 193px) 100vw, 193px\" \/><\/a>REDAZIONE<\/strong> Dopo l\u2019uscita a maggio di \u201cPosso Fare Di Meglio\u201d, Samuele Crutoneo in arte SAM esce con il nuovo singolo che si intitola \u201cSul Filo Del Tempo\u201d. Continua la collaborazione con Andrea Sandri che anche questa volta ha messo mano alla canzone.\u00a0 Un brano d\u2019amore che Sam voleva presentare a Sanremo ma con il cambio del regolamento non ha potuto consegnare la demo. Infatti, l\u2019et\u00e0 massima per partecipare come nuove proposte passa da 35 a 29 anni e quindi Samuele rimane tagliato fuori. Il nuovo singolo \u00e8 distribuito da Belive Music con la produzione di Tempoxso.<\/p>\n<p><em><strong>IL BRANO SARA&#8217; IN ROTAZIONE SU RADIO PIU&#8217; A PARTIRE DA OGGI E LO POTRETE ASCOLTARE IN QUALUNQUE MOMENTO SU TUTTE LE PIATTAFORME DIGITALI (SPOTIFY, APPLE MUSIC, AMAZON MUSIC&#8230;)<\/strong><\/em><\/p>\n<p><strong><a href=\"https:\/\/www.radiopiu.net\/wordpress\/secondo-singolo-del-2021-per-sam-esce-oggi-sul-filo-del-tempo\/258775764_4410722132379038_5569612131908706451_n\/\" rel=\"attachment wp-att-243723\"><img loading=\"lazy\" decoding=\"async\" class=\" wp-image-243723 alignright\" src=\"https:\/\/www.radiopiu.net\/wordpress\/wp-content\/uploads\/2021\/11\/258775764_4410722132379038_5569612131908706451_n-300x200.jpg\" alt=\"\" width=\"246\" height=\"164\" srcset=\"https:\/\/www.radiopiu.net\/wordpress\/wp-content\/uploads\/2021\/11\/258775764_4410722132379038_5569612131908706451_n-300x200.jpg 300w, https:\/\/www.radiopiu.net\/wordpress\/wp-content\/uploads\/2021\/11\/258775764_4410722132379038_5569612131908706451_n.jpg 768w\" sizes=\"auto, (max-width: 246px) 100vw, 246px\" \/><\/a>BIOGRAFIA <\/strong>Samuele Cutroneo, in arte SAM, nato a Fabriano ha 34 anni e vive a Feltre, lavora in Luxottica a Sedico 2 nel reparto Spessoratura insieme alla moglie Nicoletta. Ha una splendida bambina che si chiama Giulia, che ha 5 anni. Di origini siciliane e calabresi, la passione per la musica nasce fin da piccolissimo. \u00a0Dopo la nascita di Giulia inizia a coltivare la sua pi\u00f9 grande passione quella di fare il cantante e ora ha avuto la fortuna di essere stato contattato da Andrea Sandri (collaboratore in passato di Lucio Dalla Andrea Bocelli, Josh Groban).<\/p>\n<p>&nbsp;<\/p>\n<p>&nbsp;<\/p>\n<p>&nbsp;<\/p>\n<hr \/>\n<p>&nbsp;<\/p>\n<blockquote>\n<h3><span style=\"color: #0000ff;\">INFORMAZIONE il canale su TELEGRAM informazione di prima mano e in tempo reale. iscriviti ed aiutaci a farlo conoscere\u00a0\u00a0<\/span><\/h3>\n<\/blockquote>\n<div>\n<div class=\"page-title-head hgroup\">\n<div class=\"page-title-head hgroup\">\n<div class=\"page-title-head hgroup\">\n<div class=\"page-title-head hgroup\">\n<div class=\"b654a4as d2edcug0\">\n<div class=\"page-title-head hgroup\">\n<div class=\"page-title-head hgroup\">\n<div class=\"page-title-head hgroup\">\n<div class=\"page-title-head hgroup\">\n<div class=\"b654a4as d2edcug0\">\n<div class=\"page-title-head hgroup\">\n<div class=\"page-title-head hgroup\">\n<div class=\"page-title-head hgroup\">\n<div class=\"page-title-head hgroup\">\n<div class=\"page-title-head hgroup\">\n<div class=\"page-title-head hgroup\">\n<div class=\"page-title-head hgroup\">\n<div class=\"page-title-head hgroup\">\n<div class=\"page-title-head hgroup\">\n<div class=\"b654a4as d2edcug0\">\n<div class=\"page-title-head hgroup\">\n<div class=\"page-title-head hgroup\">\n<div class=\"page-title-head hgroup\">\n<div class=\"page-title-head hgroup\">\n<div class=\"b654a4as d2edcug0\">\n<div>\n<p>&nbsp;<\/p>\n<\/div>\n<div>\n<div class=\"page-title-head hgroup\">\n<div class=\"page-title-head hgroup\">\n<div class=\"page-title-head hgroup\">\n<div class=\"page-title-head hgroup\">\n<div class=\"page-title-head hgroup\">\n<div class=\"b654a4as d2edcug0\">\n<div>\n<hr \/>\n<\/div>\n<\/div>\n<div>\n<div>\n<p>&nbsp;<\/p>\n<\/div>\n<div>\n<div>\n<p>&nbsp;<\/p>\n<\/div>\n<div>\n<div>\n<p><strong>DUE MINUTI UN LIBRO, TUTTI I GIORNI ALLA RADIO ALLE 9.40 E ALLE 17.50<\/strong><\/p>\n<div>\n<div>\n<p><strong>LA RACCOLTA COMPLETA\u00a0\u00a0<\/strong><\/p>\n<\/div>\n<div>\n<blockquote class=\"wp-embedded-content\" data-secret=\"1n23vKBzYh\"><p><a href=\"https:\/\/www.radiopiu.net\/wordpress\/due-minuti-un-libro\/\">Due minuti un libro<\/a><\/p><\/blockquote>\n<p><iframe loading=\"lazy\" class=\"wp-embedded-content\" sandbox=\"allow-scripts\" security=\"restricted\" style=\"position: absolute; clip: rect(1px, 1px, 1px, 1px);\" title=\"&#8220;Due minuti un libro&#8221; &#8212; Radio Pi\u00f9\" src=\"https:\/\/www.radiopiu.net\/wordpress\/due-minuti-un-libro\/embed\/#?secret=1n23vKBzYh\" data-secret=\"1n23vKBzYh\" width=\"600\" height=\"338\" frameborder=\"0\" marginwidth=\"0\" marginheight=\"0\" scrolling=\"no\"><\/iframe><\/p>\n<p>&nbsp;<\/p>\n<\/div>\n<\/div>\n<\/div>\n<div class=\"mkdf-post-text\">\n<div class=\"mkdf-post-text-inner\">\n<div class=\"mkdf-post-text-main\">\n<div class=\"mkdf-post-text\">\n<div class=\"mkdf-post-text-inner\">\n<div class=\"mkdf-post-text-main\">\n<div class=\"mkdf-post-text\">\n<div class=\"mkdf-post-text-inner\">\n<div class=\"mkdf-post-text-main\">\n<div class=\"page-title-head hgroup\">\n<div class=\"page-title-head hgroup\">\n<div class=\"mkdf-post-text\">\n<div class=\"mkdf-post-text-inner\">\n<div class=\"mkdf-post-text-main\">\n<div class=\"mkdf-post-text\">\n<div class=\"mkdf-post-text-inner\">\n<div class=\"mkdf-post-text-main\">\n<div class=\"page-title-head hgroup\">\n<div class=\"page-title-head hgroup\">\n<div class=\"page-title-head hgroup\">\n<div class=\"page-title-head hgroup\">\n<div class=\"b654a4as d2edcug0\">\n<div class=\"page-title-head hgroup\">\n<div class=\"page-title-head hgroup\">\n<div class=\"page-title-head hgroup\">\n<div class=\"page-title-head hgroup\">\n<div class=\"b654a4as d2edcug0\">\n<div class=\"page-title-head hgroup\">\n<div class=\"page-title-head hgroup\">\n<div class=\"page-title-head hgroup\">\n<div class=\"page-title-head hgroup\">\n<div class=\"b654a4as d2edcug0\">\n<div>\n<p>&nbsp;<\/p>\n<\/div>\n<div>\n<hr \/>\n<p>&nbsp;<\/p>\n<\/div>\n<h2><span style=\"color: #808000;\">L&#8217;ALMANACCO LADINO\u00a0\u00a0<\/span><\/h2>\n<p><strong>LA RACCOLTA<\/strong><\/p>\n<blockquote class=\"wp-embedded-content\" data-secret=\"sh1TAUozBt\"><p><a href=\"https:\/\/www.radiopiu.net\/wordpress\/almanacco-ladino\/\">Almanacco Ladino<\/a><\/p><\/blockquote>\n<p><iframe loading=\"lazy\" class=\"wp-embedded-content\" sandbox=\"allow-scripts\" security=\"restricted\" style=\"position: absolute; clip: rect(1px, 1px, 1px, 1px);\" title=\"&#8220;Almanacco Ladino&#8221; &#8212; Radio Pi\u00f9\" src=\"https:\/\/www.radiopiu.net\/wordpress\/almanacco-ladino\/embed\/#?secret=sh1TAUozBt\" data-secret=\"sh1TAUozBt\" width=\"600\" height=\"338\" frameborder=\"0\" marginwidth=\"0\" marginheight=\"0\" scrolling=\"no\"><\/iframe><\/p>\n<hr \/>\n<p>&nbsp;<\/p>\n<h2><span style=\"color: #33cccc;\">LA RASSEGNA STAMPA DA L&#8217;AMICO DEL POPOLO<\/span><\/h2>\n<p><strong>LA RACCOLTA COMPLETA<\/strong><\/p>\n<blockquote class=\"wp-embedded-content\" data-secret=\"il84nDLOwc\"><p><a href=\"https:\/\/www.radiopiu.net\/wordpress\/rassegna-stampa-di-gianni-santomaso\/\">Rassegna stampa da l&#8217;amico del popolo &#8211; di Gianni Santomaso<\/a><\/p><\/blockquote>\n<p><iframe loading=\"lazy\" class=\"wp-embedded-content\" sandbox=\"allow-scripts\" security=\"restricted\" style=\"position: absolute; clip: rect(1px, 1px, 1px, 1px);\" title=\"&#8220;Rassegna stampa da l&#8217;amico del popolo &#8211; di Gianni Santomaso&#8221; &#8212; Radio Pi\u00f9\" src=\"https:\/\/www.radiopiu.net\/wordpress\/rassegna-stampa-di-gianni-santomaso\/embed\/#?secret=il84nDLOwc\" data-secret=\"il84nDLOwc\" width=\"600\" height=\"338\" frameborder=\"0\" marginwidth=\"0\" marginheight=\"0\" scrolling=\"no\"><\/iframe><\/p>\n<p>&nbsp;<\/p>\n<p>&nbsp;<\/p>\n<hr \/>\n<p>&nbsp;<\/p>\n<h2><span style=\"color: #800080;\">I RACCONTI DI PAOLO SOPPELSA<\/span><\/h2>\n<p><strong>LA RACCOLTA COMPLETA<\/strong><\/p>\n<blockquote class=\"wp-embedded-content\" data-secret=\"emAX5lDbx0\"><p><a href=\"https:\/\/www.radiopiu.net\/wordpress\/i-racconti-di-paolo-soppelsa\/\">I racconti di Paolo Soppelsa<\/a><\/p><\/blockquote>\n<p><iframe loading=\"lazy\" class=\"wp-embedded-content\" sandbox=\"allow-scripts\" security=\"restricted\" style=\"position: absolute; clip: rect(1px, 1px, 1px, 1px);\" title=\"&#8220;I racconti di Paolo Soppelsa&#8221; &#8212; Radio Pi\u00f9\" src=\"https:\/\/www.radiopiu.net\/wordpress\/i-racconti-di-paolo-soppelsa\/embed\/#?secret=emAX5lDbx0\" data-secret=\"emAX5lDbx0\" width=\"600\" height=\"338\" frameborder=\"0\" marginwidth=\"0\" marginheight=\"0\" scrolling=\"no\"><\/iframe><\/p>\n<p>&nbsp;<\/p>\n<hr \/>\n<\/div>\n<div class=\"b654a4as d2edcug0\">\n<p>&nbsp;<\/p>\n<p><a href=\"https:\/\/www.radiopiu.net\/wordpress\/giornale-radiopiu-26-settembre-2018-direttore-mirko-mezzacasa\/viabilita-2\/\" rel=\"attachment wp-att-61954\"><img loading=\"lazy\" decoding=\"async\" class=\"aligncenter wp-image-61954 size-full\" src=\"https:\/\/www.radiopiu.net\/wordpress\/wp-content\/uploads\/2018\/09\/viabilita.jpeg\" sizes=\"auto, (max-width: 800px) 100vw, 800px\" srcset=\"https:\/\/www.radiopiu.net\/wordpress\/wp-content\/uploads\/2018\/09\/viabilita.jpeg 800w, https:\/\/www.radiopiu.net\/wordpress\/wp-content\/uploads\/2018\/09\/viabilita-300x38.jpeg 300w, https:\/\/www.radiopiu.net\/wordpress\/wp-content\/uploads\/2018\/09\/viabilita-768x96.jpeg 768w\" alt=\"\" width=\"800\" height=\"100\" \/><\/a><\/p>\n<div class=\"ecm0bbzt e5nlhep0 a8c37x1j\">\n<div class=\"kvgmc6g5 cxmmr5t8 oygrvhab hcukyx3x c1et5uql\">\n<div class=\"gmail-kvgmc6g5 gmail-cxmmr5t8 gmail-oygrvhab gmail-hcukyx3x gmail-c1et5uql gmail-ii04i59q\">\n<div class=\"page-title-head hgroup\">\n<div class=\"page-title-head hgroup\">\n<div class=\"b654a4as d2edcug0\">\n<div class=\"j83agx80 btwxx1t3 lhclo0ds hop8lmos nkwizq5d scwd0bx6 roh60bw9\">\n<div class=\"rq0escxv hkbzh7o3 jwdofwj8 n8tt0mok r8blr3vg hyh9befq\">\n<div class=\"do00u71z l9j0dhe7 k4urcfbm\">\n<div class=\"page-title-head hgroup\">\n<div class=\"page-title-head hgroup\">\n<div class=\"page-title-head hgroup\">\n<div class=\"page-title-head hgroup\">\n<div class=\"b654a4as d2edcug0\">\n<div class=\"page-title-head hgroup\">\n<div class=\"page-title-head hgroup\">\n<div class=\"page-title-head hgroup\">\n<div class=\"page-title-head hgroup\">\n<div class=\"b654a4as d2edcug0\">\n<div class=\"page-title-head hgroup\">\n<div class=\"page-title-head hgroup\">\n<div class=\"page-title-head hgroup\">\n<div class=\"page-title-head hgroup\">\n<div class=\"page-title-head hgroup\">\n<div class=\"page-title-head hgroup\">\n<div class=\"page-title-head hgroup\">\n<div class=\"page-title-head hgroup\">\n<div class=\"page-title-head hgroup\">\n<div class=\"b654a4as d2edcug0\">\n<div class=\"page-title-head hgroup\">\n<div class=\"page-title-head hgroup\">\n<div class=\"page-title-head hgroup\">\n<div class=\"page-title-head hgroup\">\n<div class=\"b654a4as d2edcug0\">\n<div class=\"page-title-head hgroup\">\n<div class=\"page-title-head hgroup\">\n<div class=\"page-title-head hgroup\">\n<div class=\"page-title-head hgroup\">\n<div class=\"page-title-head hgroup\">\n<div class=\"mkdf-post-text\">\n<div class=\"mkdf-post-text-inner\">\n<div class=\"mkdf-post-text-main\">\n<div class=\"mkdf-post-text\">\n<div class=\"mkdf-post-text-inner\">\n<div class=\"mkdf-post-text-main\">\n<div class=\"mkdf-post-text\">\n<div class=\"mkdf-post-text-inner\">\n<div class=\"mkdf-post-text-main\">\n<div class=\"page-title-head hgroup\">\n<div class=\"page-title-head hgroup\">\n<div class=\"mkdf-post-text\">\n<div class=\"mkdf-post-text-inner\">\n<div class=\"mkdf-post-text-main\">\n<div class=\"mkdf-post-text\">\n<div class=\"mkdf-post-text-inner\">\n<div class=\"mkdf-post-text-main\">\n<div class=\"page-title-head hgroup\">\n<div class=\"page-title-head hgroup\">\n<div class=\"page-title-head hgroup\">\n<div class=\"page-title-head hgroup\">\n<div class=\"b654a4as d2edcug0\">\n<div class=\"page-title-head hgroup\">\n<div class=\"page-title-head hgroup\">\n<div class=\"page-title-head hgroup\">\n<div class=\"page-title-head hgroup\">\n<div class=\"b654a4as d2edcug0\">\n<div class=\"page-title-head hgroup\">\n<div class=\"page-title-head hgroup\">\n<div class=\"page-title-head hgroup\">\n<div class=\"page-title-head hgroup\">\n<div class=\"b654a4as d2edcug0\">\n<p>&nbsp;<\/p>\n<p><strong>SR 48 DELLE DOLOMITI<\/strong> Dal 22 novembre al 17 dicembre senso unico alternato regolato da semaforo &#8211; esclusi festivi e prefestivi &#8211; in localit\u00e0 Bosco Ruaz.<\/p>\n<p><strong>PONTE BAILEY A BELLUNO<\/strong>: Fino al 4 dicembre chiusura totale<\/p>\n<p><strong>SP 1 SINISTRA PIAVE\u00a0<\/strong>dalle 21 del 22 novembre e fino alle 6 del\u00a0 giorno successivo senso unico alternato all\u2019interno della galleria che da Belluno porta a Limana per lavori di manutenzione dell\u2019antenna WindTre<\/p>\n<p><strong>SR 48 DELLE DOLOMITI\u00a0<\/strong>Fino al 19 novembre, sabati e domeniche comprese, senso unico alternato regolato da impianto semaforico ad Arabba per messa in sicurezza del piano viabile<\/p>\n<p><strong>SPI 251 VAL DI ZOLDO E CELLINA<\/strong> fino al 22 dicembre interruzioni alla viabilit\u00e0 della durata massima di 10 minuti e senso unico alternato nei periodi non interessati dalle interruzioni nel comune di Val di Zoldo<\/p>\n<p><strong>SP 40 VAL SENAIGA<\/strong> interdizione totale al transito in comune di lamon fino al 26 novembre, inclusi sabato e domenica, con deviazione del traffico su viabilit\u00e0 comunale<\/p>\n<p><strong>SR 203 AGORDINA<\/strong> Fino al 17 dicembre, esclusi sabato domenica e festivi infrasettimanali, restringimento della careggiata con divieto di sorpasso e limitazione ai 50 km\/h in comune di La Valle per lavori sul margine della carreggiata<\/p>\n<p><strong>SP 422 DELL&#8217;ALPAGO E DEL<\/strong> <strong>CANSIGLIO<\/strong> Fino al 17 dicembre senso unico alternato con semaforo in localit\u00e0 Cornei di Alpago per posa cavidotti<\/p>\n<p>&nbsp;<\/p>\n<\/div>\n<div class=\"b654a4as d2edcug0\">\n<p>&nbsp;<\/p>\n<hr \/>\n<p>&nbsp;<\/p>\n<div class=\"ecm0bbzt e5nlhep0 a8c37x1j\">\n<div class=\"kvgmc6g5 cxmmr5t8 oygrvhab hcukyx3x c1et5uql\">\n<div class=\"gmail-kvgmc6g5 gmail-cxmmr5t8 gmail-oygrvhab gmail-hcukyx3x gmail-c1et5uql gmail-ii04i59q\">\n<div>\n<div class=\"page-title-head hgroup\">\n<div class=\"page-title-head hgroup\">\n<div class=\"b654a4as d2edcug0\">\n<div class=\"j83agx80 btwxx1t3 lhclo0ds hop8lmos nkwizq5d scwd0bx6 roh60bw9\">\n<div class=\"rq0escxv hkbzh7o3 jwdofwj8 n8tt0mok r8blr3vg hyh9befq\">\n<div class=\"do00u71z l9j0dhe7 k4urcfbm\">\n<div>\n<div class=\"page-title-head hgroup\">\n<div class=\"page-title-head hgroup\">\n<div class=\"page-title-head hgroup\">\n<div class=\"page-title-head hgroup\">\n<div class=\"b654a4as d2edcug0\">\n<div class=\"page-title-head hgroup\">\n<div class=\"page-title-head hgroup\">\n<div class=\"page-title-head hgroup\">\n<div class=\"page-title-head hgroup\">\n<div class=\"b654a4as d2edcug0\">\n<div class=\"page-title-head hgroup\">\n<div class=\"page-title-head hgroup\">\n<div class=\"page-title-head hgroup\">\n<div class=\"page-title-head hgroup\">\n<div class=\"page-title-head hgroup\">\n<div class=\"mkdf-post-text\">\n<div class=\"mkdf-post-text-inner\">\n<div class=\"mkdf-post-text-main\">\n<div class=\"mkdf-post-text\">\n<div class=\"mkdf-post-text-inner\">\n<div class=\"mkdf-post-text-main\">\n<div class=\"mkdf-post-text\">\n<div class=\"mkdf-post-text-inner\">\n<div class=\"mkdf-post-text-main\">\n<div class=\"page-title-head hgroup\">\n<div class=\"page-title-head hgroup\">\n<div class=\"mkdf-post-text\">\n<div class=\"mkdf-post-text-inner\">\n<div class=\"mkdf-post-text-main\">\n<div class=\"mkdf-post-text\">\n<div class=\"mkdf-post-text-inner\">\n<div class=\"mkdf-post-text-main\">\n<div>\n<div class=\"page-title-head hgroup\">\n<div class=\"page-title-head hgroup\">\n<div>\n<div class=\"page-title-head hgroup\">\n<div class=\"page-title-head hgroup\">\n<div class=\"b654a4as d2edcug0\">\n<div>\n<div class=\"page-title-head hgroup\" style=\"text-align: left;\">\n<div class=\"page-title-head hgroup\">\n<div dir=\"auto\">\n<p><a class=\"dt-pswp-item pspw-wrap-ready\" href=\"https:\/\/i0.wp.com\/www.radiopiu.net\/wordpress\/wp-content\/uploads\/2018\/09\/WhatsApp-Image-2018-09-20-at-16.04.06.jpeg?ssl=1\" data-dt-img-description=\"\" data-large_image_width=\"800\" data-large_image_height=\"100\"><img loading=\"lazy\" decoding=\"async\" class=\"aligncenter wp-image-61378 size-full jetpack-lazy-image jetpack-lazy-image--handled\" src=\"https:\/\/i0.wp.com\/www.radiopiu.net\/wordpress\/wp-content\/uploads\/2018\/09\/WhatsApp-Image-2018-09-20-at-16.04.06.jpeg?resize=800%2C100&amp;ssl=1\" sizes=\"auto, (max-width: 800px) 100vw, 800px\" srcset=\"https:\/\/i0.wp.com\/www.radiopiu.net\/wordpress\/wp-content\/uploads\/2018\/09\/WhatsApp-Image-2018-09-20-at-16.04.06.jpeg?w=800&amp;ssl=1 800w, https:\/\/i0.wp.com\/www.radiopiu.net\/wordpress\/wp-content\/uploads\/2018\/09\/WhatsApp-Image-2018-09-20-at-16.04.06.jpeg?resize=300%2C38&amp;ssl=1 300w, https:\/\/i0.wp.com\/www.radiopiu.net\/wordpress\/wp-content\/uploads\/2018\/09\/WhatsApp-Image-2018-09-20-at-16.04.06.jpeg?resize=768%2C96&amp;ssl=1 768w\" alt=\"\" width=\"800\" height=\"100\" data-lazy-loaded=\"1\" \/><\/a><\/p>\n<\/div>\n<\/div>\n<\/div>\n<\/div>\n<\/div>\n<\/div>\n<\/div>\n<\/div>\n<\/div>\n<\/div>\n<\/div>\n<\/div>\n<\/div>\n<\/div>\n<\/div>\n<\/div>\n<\/div>\n<\/div>\n<\/div>\n<\/div>\n<\/div>\n<\/div>\n<\/div>\n<\/div>\n<\/div>\n<\/div>\n<\/div>\n<\/div>\n<\/div>\n<\/div>\n<\/div>\n<\/div>\n<\/div>\n<\/div>\n<\/div>\n<\/div>\n<\/div>\n<\/div>\n<\/div>\n<\/div>\n<\/div>\n<\/div>\n<\/div>\n<\/div>\n<p>&nbsp;<\/p>\n<\/div>\n<\/div>\n<\/div>\n<\/div>\n<\/div>\n<\/div>\n<\/div>\n<\/div>\n<\/div>\n<\/div>\n<\/div>\n<\/div>\n<\/div>\n<\/div>\n<\/div>\n<\/div>\n<\/div>\n<\/div>\n<\/div>\n<\/div>\n<\/div>\n<\/div>\n<\/div>\n<\/div>\n<\/div>\n<\/div>\n<\/div>\n<\/div>\n<\/div>\n<\/div>\n<\/div>\n<\/div>\n<\/div>\n<\/div>\n<\/div>\n<\/div>\n<\/div>\n<\/div>\n<\/div>\n<\/div>\n<\/div>\n<\/div>\n<\/div>\n<\/div>\n<\/div>\n<\/div>\n<\/div>\n<\/div>\n<\/div>\n<\/div>\n<\/div>\n<\/div>\n<\/div>\n<\/div>\n<\/div>\n<\/div>\n<\/div>\n<\/div>\n<\/div>\n<\/div>\n<\/div>\n<\/div>\n<\/div>\n<\/div>\n<\/div>\n<\/div>\n<\/div>\n<\/div>\n<\/div>\n<\/div>\n<\/div>\n<\/div>\n<\/div>\n<\/div>\n<\/div>\n<\/div>\n<\/div>\n<\/div>\n<\/div>\n<\/div>\n<\/div>\n<div><center><b>Venerdi 19<\/b><\/center><b>Tempo atteso: <\/b>Iniziale parziale velatura del cielo per sottili nubi alte, poi ritorno del sole a partire dalle Dolomiti per allontanamento delle velature verso sud. Pertanto il cielo risulter\u00e0 sereno o poco nuvoloso per transito pomeridiano di qualche banco di cirri. Non esclusa l&#8217;eventualit\u00e0 di nebbia durante le ore pi\u00f9 fredde in alcune depressioni prealpine. Probabile inversione termica mattutina nelle valli, mentre la mitezza diurna si generalizzer\u00e0 nei settori pi\u00f9 assolati, anche in quota.<br \/>\n<b>Precipitazioni: <\/b>Assenti (0%).<br \/>\n<b>Temperature: <\/b>In generale rialzo, eccetto calo delle minime nelle valli per irraggiamento notturno. Previste punte massime di 13\/14\u00b0C nei fondovalle prealpini e di 11\/12\u00b0C a 1000\/1200 m, assai meno nelle valli in ombra. Su Prealpi a 1500 m min 3\u00b0C max 10\u00b0C, a 2000 m min 4\u00b0C max 7\u00b0C. Su Dolomiti a 2000 m min 4\u00b0C max 7\u00b0C, a 3000 m min -1\u00b0C max 1\u00b0C.<br \/>\n<b>Venti: <\/b>Nelle valli perlopi\u00f9 deboli per brezze, solo localmente e a tratti moderati in alcune valli prealpine per brezze di monte tra la notte e il primo mattino; in quota deboli\/moderati da nord, a 5-10 km\/h a 2000 m e 15-25 km\/h a 3000 m.<\/p>\n<hr \/>\n<p><center><b>Sabato 20<\/b><\/center><b>Tempo atteso: <\/b>Bel tempo tardo-autunnale, soleggiato con cielo sereno, aria limpida e ottima visibilit\u00e0, eccetto possibili banchi di nebbia durante le ore pi\u00f9 fredde in alcune depressioni prealpine. Anomala mitezza diurna ad eccezione delle valli in ombra.<br \/>\n<b>Precipitazioni: <\/b>Assenti (0%)<br \/>\n<b>Temperature: <\/b>In generale rialzo, eccetto calo delle minime nelle valli per irraggiamento notturno. Previste punte massime di 13\/14\u00b0C nei fondovalle prealpini e di 11\/12\u00b0C a 1000\/1200 m, assai meno nelle valli in ombra. Su Prealpi a 1500 m min 6\u00b0C max 11\u00b0C, a 2000 m min 5\u00b0C max 9\u00b0C. Su Dolomiti a 2000 m min 5\u00b0C max 9\u00b0C, a 3000 m min -1\u00b0C max 1\u00b0C.<br \/>\n<b>Venti: <\/b>Nelle valli perlopi\u00f9 deboli per brezze, solo localmente e a tratti moderati in alcune valli prealpine per brezze di monte tra la notte e il primo mattino; in quota deboli\/moderati da nord, a 5-10 km\/h a 2000 m e 15-25 km\/h a 3000 m.<\/p>\n<hr \/>\n<p><center><b>Domenica 21<\/b><\/center>Al mattino ben soleggiato con cielo sereno, aria limpida e ottima visibilit\u00e0, eccetto eventuali banchi di nebbia durante le ore pi\u00f9 fredde in alcuni fondovalle prealpini. Nel corso del pomeriggio aumento delle nubi dapprima alte e sottili poi anche di tipo basso in estensione a tutta la montagna veneta fino a nuvoloso in serata. Temperature in generale lieve flessione a tutte le quote. Venti in intensificazione fino a moderati o tesi da sud-ovest in quota; deboli per brezze nelle valli, solo localmente e a tratti moderati in alcune valli prealpine per brezze di monte tra la notte e il primo mattino.<\/p>\n<hr \/>\n<p><center><b>Lunedi 22<\/b><\/center>Cielo generalmente nuvoloso con qualche schiarita possibile nella seconda parte della giornata sulle Dolomiti. Non sono escluse deboli o molto deboli precipitazioni specie su Prealpi, eventualmente nevose oltre i 1600\/1800 m. Temperature in generale calo. Venti in quota deboli inizialmente meridionali poi in possibile rotazione da Nord nel pomeriggio\/sera. Previsore: R.L.Th.\/DDL<\/p>\n<\/div>\n<\/div>\n<\/div>\n<\/div>\n<\/div>\n<\/div>\n<\/div>\n<\/div>\n<\/div>\n<\/div>\n<\/div>\n<\/div>\n<\/div>\n<\/div>\n<\/div>\n<\/div>\n<\/div>\n<\/div>\n<\/div>\n<\/div>\n<\/div>\n<\/div>\n<\/div>\n<\/div>\n<\/div>\n<\/div>\n<\/div>\n<\/div>\n<\/div>\n<\/div>\n<\/div>\n<\/div>\n<\/div>\n<\/div>\n<\/div>\n<\/div>\n<\/div>\n<\/div>\n<\/div>\n<\/div>\n<\/div>\n<\/div>\n<\/div>\n<\/div>\n<\/div>\n<\/div>\n<\/div>\n<\/div>\n<\/div>\n<\/div>\n<\/div>\n<\/div>\n<\/div>\n<\/div>\n<\/div>\n<\/div>\n<\/div>\n<\/div>\n<\/div>\n<\/div>\n<\/div>\n<\/div>\n<\/div>\n<\/div>\n<\/div>\n<\/div>\n<\/div>\n<\/div>\n<\/div>\n<\/div>\n<\/div>\n<\/div>\n<\/div>\n<\/div>\n<\/div>\n<\/div>\n<\/div>\n<\/div>\n<\/div>\n<\/div>\n<\/div>\n<\/div>\n<\/div>\n<\/div>\n<p>&nbsp;<\/p>\n<p>&nbsp;<\/p>\n<hr \/>\n<p>&nbsp;<\/p>\n<div class=\"mkdf-post-text\">\n<div class=\"mkdf-post-text-inner\">\n<p><a href=\"https:\/\/www.radiopiu.net\/wordpress\/giornale-radiopiu-15-settembre-2018-direttore-mirko-mezzacasa\/sport-7\/\" rel=\"attachment wp-att-60761\"><img loading=\"lazy\" decoding=\"async\" class=\"wp-image-60761 size-full aligncenter\" src=\"https:\/\/www.radiopiu.net\/wordpress\/wp-content\/uploads\/2018\/09\/sport.jpg\" alt=\"\" width=\"800\" height=\"100\" srcset=\"https:\/\/www.radiopiu.net\/wordpress\/wp-content\/uploads\/2018\/09\/sport.jpg 800w, https:\/\/www.radiopiu.net\/wordpress\/wp-content\/uploads\/2018\/09\/sport-300x38.jpg 300w, https:\/\/www.radiopiu.net\/wordpress\/wp-content\/uploads\/2018\/09\/sport-768x96.jpg 768w\" sizes=\"auto, (max-width: 800px) 100vw, 800px\" \/><\/a><\/p>\n<\/div>\n<\/div>\n<p>&nbsp;<\/p>\n<p>&nbsp;<\/p>\n<p><span style=\"color: #0000ff;\">CORSA IN MONTAGNA<\/span><\/p>\n<blockquote>\n<h2>DE NARD E DAL RI TRA I 500 DEL CROSS CSI DI SEDICO CON LA FIGLIA CHIARA<\/h2>\n<\/blockquote>\n<blockquote><p><strong>\u00a0<em>G<\/em><\/strong><em><strong>li ex campioni azzurri hanno accolto l<\/strong><strong>\u2019<\/strong><strong>invito degli organizzatori del Gs La Piave 2000 e torneranno a gareggiare domenica 21 novembre a Bribano. Tra i pi\u00f9 giovani, al via anche la figlia Chiara che, nella categoria Cuccioli, ha vinto le due precedenti prove\u00a0 \u00a0 \u00a0 <\/strong><\/em><em><strong>\u00a0<\/strong><\/em><\/p><\/blockquote>\n<p><strong><a href=\"https:\/\/www.radiopiu.net\/wordpress\/de-nard-e-dal-ri-tra-i-500-del-cross-csi-di-sedico-con-la-figlia-chiara\/la-famiglia-de-nard_b\/\" rel=\"attachment wp-att-243605\"><img loading=\"lazy\" decoding=\"async\" class=\"size-medium wp-image-243605 alignleft\" src=\"https:\/\/www.radiopiu.net\/wordpress\/wp-content\/uploads\/2021\/11\/La-famiglia-De-Nard_b-198x300.jpg\" alt=\"\" width=\"198\" height=\"300\" srcset=\"https:\/\/www.radiopiu.net\/wordpress\/wp-content\/uploads\/2021\/11\/La-famiglia-De-Nard_b-198x300.jpg 198w, https:\/\/www.radiopiu.net\/wordpress\/wp-content\/uploads\/2021\/11\/La-famiglia-De-Nard_b-674x1024.jpg 674w, https:\/\/www.radiopiu.net\/wordpress\/wp-content\/uploads\/2021\/11\/La-famiglia-De-Nard_b-768x1166.jpg 768w, https:\/\/www.radiopiu.net\/wordpress\/wp-content\/uploads\/2021\/11\/La-famiglia-De-Nard_b.jpg 769w\" sizes=\"auto, (max-width: 198px) 100vw, 198px\" \/><\/a>BORGO VALBELLUNA<\/strong> Una famiglia di corsa. Per pap\u00e0 Gabriele e mamma Federica non \u00e8 una novit\u00e0, anche se l\u2019appuntamento che li attende ha il sapore di una ripartenza. La piccola Chiara, invece, si \u00e8 gi\u00e0 messa in luce nelle prime gare stagionali e tra qualche giorno avr\u00e0 il piacere di applaudire gli illustri genitori, dei cui successi ad alto livello ha solo vaghi ricordi. Domenica 21 novembre, nella quarta prova del campionato bellunese Csi di cross, organizzata dal Gs La Piave 2000 a Bribano di Sedico (inizio alle 10), garegger\u00e0 anche la famiglia De Nard quasi al completo. Sar\u00e0 solo spettatore il giovanissimo Luca (20 mesi), ma correranno Gabriele, la moglie Federica Dal Ri e la primogenita Chiara, che ha gi\u00e0 raccolto applausi nelle due precedenti tappe della rassegna Csi, a Ronchena di Lentiai e Boscherai di Pedavena, dove ha messo in fila, con il piglio della dominatrice, le coetanee della categoria \u201cCuccioli\u201d. Gabriele De Nard e Federica Dal Ri rappresentano l\u2019Abc del cross azzurro degli ultimi vent\u2019anni. Lui, 47 anni, sui prati \u00e8 stato per tre volte campione italiano assoluto e ha vestito la maglia azzurra in 17 edizioni dei Campionati Europei (miglior risultato individuale il quarto posto di Thun 2001, mentre \u00e8 salito per quattro volte sul podio a squadre, a partire dall\u2019oro di Ferrara 1998) e in sette edizioni dei Mondiali. Lei, classe 1980, trentina di Cles, ha nel palmar\u00e9s sette titoli italiani, dalla strada alla pista, al cross. Una versatilit\u00e0 che per diverse stagioni le ha consentito di ritagliarsi un posto tra le pi\u00f9 forti fondiste italiane. In totale, Gabriele e Federica hanno indossato 42 maglie azzurre. La loro carriera ad alto livello si \u00e8 conclusa da qualche stagione, ma la passione per la corsa non \u00e8 mai venuta meno. L\u2019invito a partecipare al cross di Bribano di Sedico \u00e8 partito dagli organizzatori del Gs La Piave 2000, visto che la famiglia De Nard abita poco lontano dal campo di gara. Gabriele e Federica non si sono tirati indietro. Come Chiara, vestiranno la maglia dell\u2019Atletica Lamon, dopo aver chiuso la carriera rispettivamente con le Fiamme Gialle e con l\u2019Esercito. Gabriele non corre un cross da cinque anni esatti: l\u2019ultimo, a Osimo, nel novembre del 2016, coincise proprio con l\u2019annuncio della chiusura dell\u2019attivit\u00e0 ad alto livello.<\/p>\n<blockquote><p><em>\u201cLa forma \u00e8 quella che \u00e8 \u2013 spiega l\u2019ex capitano azzurro -. Faccio il finanziere e lavorando in ufficio, il desiderio di muoversi \u00e8 sempre molto forte. Durante l\u2019estate mi sono dato al ciclismo, ma la corsa \u00e8 un\u2019altra cosa. Infatti, appena ho ripreso ad allenarmi, mi sono spuntati vari acciacchi. L\u2019ultimo \u00e8 un problema al polpaccio che spero di risolvere da qui a domenica. Federica \u00e8 decisamente pi\u00f9 in forma: nell\u2019Esercito pu\u00f2 fare sport con continuit\u00e0. Per\u00f2 l\u2019importante \u00e8 esserci, il risultato non conta. Chiara? L\u2019ho vista bene, nei due precedenti cross \u00e8 stata davvero brava\u201d.<\/em><\/p>\n<p>&nbsp;<\/p><\/blockquote>\n<hr \/>\n<p>&nbsp;<\/p>\n<p><span style=\"color: #0000ff;\">PALLAVOLO<\/span><\/p>\n<blockquote>\n<h3>LUCA GALLINA DA CAPITANO A FISIOTERAPISTA<\/h3>\n<\/blockquote>\n<p><strong><a href=\"https:\/\/www.radiopiu.net\/wordpress\/?attachment_id=243612\" rel=\"attachment wp-att-243612\"><img loading=\"lazy\" decoding=\"async\" class=\" wp-image-243612 alignleft\" src=\"https:\/\/www.radiopiu.net\/wordpress\/wp-content\/uploads\/2021\/11\/Luca_Gallina_con_Candeago-300x208.jpg\" alt=\"\" width=\"239\" height=\"166\" srcset=\"https:\/\/www.radiopiu.net\/wordpress\/wp-content\/uploads\/2021\/11\/Luca_Gallina_con_Candeago-300x208.jpg 300w, https:\/\/www.radiopiu.net\/wordpress\/wp-content\/uploads\/2021\/11\/Luca_Gallina_con_Candeago-1024x712.jpg 1024w, https:\/\/www.radiopiu.net\/wordpress\/wp-content\/uploads\/2021\/11\/Luca_Gallina_con_Candeago-768x534.jpg 768w, https:\/\/www.radiopiu.net\/wordpress\/wp-content\/uploads\/2021\/11\/Luca_Gallina_con_Candeago.jpg 1203w\" sizes=\"auto, (max-width: 239px) 100vw, 239px\" \/><\/a>BELLUNO<\/strong>\u00a0 Il &#8220;gallo&#8221; non \u00e8 pi\u00f9 nel volley giocato dalla finale playoff di serie B quando il ginocchio ha ceduto.\u00a0 Luca Gallina non ha lasciato i colori biancobl\u00f9, ha cambiato ruolo: ora, infatti, \u00e8 nello staff in qualit\u00e0 di fisioterapista. Anche se, inevitabilmente, un conto \u00e8 assaporare le emozioni \u201cda dentro\u201d, un altro dalla panchina e in borghese: <em>\u00abDa atleta vivi il campionato in maniera diversa, \u00e8 pi\u00f9 adrenalinico. Ma anche da fisioterapista seguo le partite con parecchio pathos\u00bb. Il \u201cGallo\u201d non ha dubbi sullo spessore del collettivo, chiamato ad affrontare da neopromosso la terza serie per ordine di importanza: \u00ab\u00c8 un buon gruppo di atleti, disposto a lavorare molto in palestra e volenteroso di mostrare le proprie capacit\u00e0. Piano, piano stiamo diventando \u201csquadra\u201d: sia dal punto di vista tecnico, sia umano e relazionale. La direzione \u00e8 giusta\u00bb. <span class=\"gmail-Apple-converted-space\">\u00a0<\/span><\/em><span class=\"gmail-Apple-converted-space\">Ma dopo l&#8217;infortunio al ginocchio il volley giocato \u00e8 capitolo chiuso?\u00a0<\/span><em> \u00abSono prossimo all&#8217;intervento chirurgico, poi vedremo. A ogni modo, sono davvero a mio agio nel gruppo staff. Quindi avanti cos\u00ec e forza Belluno\u00bb.<span class=\"gmail-Apple-converted-space\">\u00a0<\/span><\/em><\/p>\n<p>&nbsp;<\/p>\n<p>&nbsp;<\/p>\n","protected":false},"excerpt":{"rendered":"<p>SPECIALI ALLA RADIO: OGGI ALLE 10.30 E 1900 OSPITI DI RADIO PIU&#8217; FABRIZIO CAMPEDEL E PAOLO CHISSALE&#8217;, SOLIDARIETA&#8217; AZIENDALE LAVORATORI LUXOTTICA INFORMAZIONE il canale su TELEGRAM informazione di prima mano e in tempo reale. iscriviti ed aiutaci a farlo conoscere\u00a0 &nbsp; &nbsp; La Croce Verde Val Biois, causa la carenza di volontari, ha emanato il&hellip;<\/p>\n","protected":false},"author":4,"featured_media":243711,"comment_status":"closed","ping_status":"open","sticky":false,"template":"","format":"standard","meta":{"_monsterinsights_skip_tracking":false,"_monsterinsights_sitenote_active":false,"_monsterinsights_sitenote_note":"","_monsterinsights_sitenote_category":0,"footnotes":""},"categories":[104,86,49],"tags":[],"class_list":["post-243515","post","type-post","status-publish","format-standard","has-post-thumbnail","hentry","category-evidenza_3","category-gr","category-news-18","category-104","category-86","category-49","description-off"],"img_url":"https:\/\/www.radiopiu.net\/wordpress\/wp-content\/uploads\/2021\/11\/86e05489-a910-4ae9-8cf4-28043265cd91.jpg","_links":{"self":[{"href":"https:\/\/www.radiopiu.net\/wordpress\/wp-json\/wp\/v2\/posts\/243515","targetHints":{"allow":["GET"]}}],"collection":[{"href":"https:\/\/www.radiopiu.net\/wordpress\/wp-json\/wp\/v2\/posts"}],"about":[{"href":"https:\/\/www.radiopiu.net\/wordpress\/wp-json\/wp\/v2\/types\/post"}],"author":[{"embeddable":true,"href":"https:\/\/www.radiopiu.net\/wordpress\/wp-json\/wp\/v2\/users\/4"}],"replies":[{"embeddable":true,"href":"https:\/\/www.radiopiu.net\/wordpress\/wp-json\/wp\/v2\/comments?post=243515"}],"version-history":[{"count":0,"href":"https:\/\/www.radiopiu.net\/wordpress\/wp-json\/wp\/v2\/posts\/243515\/revisions"}],"wp:featuredmedia":[{"embeddable":true,"href":"https:\/\/www.radiopiu.net\/wordpress\/wp-json\/wp\/v2\/media\/243711"}],"wp:attachment":[{"href":"https:\/\/www.radiopiu.net\/wordpress\/wp-json\/wp\/v2\/media?parent=243515"}],"wp:term":[{"taxonomy":"category","embeddable":true,"href":"https:\/\/www.radiopiu.net\/wordpress\/wp-json\/wp\/v2\/categories?post=243515"},{"taxonomy":"post_tag","embeddable":true,"href":"https:\/\/www.radiopiu.net\/wordpress\/wp-json\/wp\/v2\/tags?post=243515"}],"curies":[{"name":"wp","href":"https:\/\/api.w.org\/{rel}","templated":true}]}}