{"id":243525,"date":"2021-11-18T06:17:49","date_gmt":"2021-11-18T05:17:49","guid":{"rendered":"https:\/\/www.radiopiu.net\/wordpress\/?p=243525"},"modified":"2021-11-18T06:22:58","modified_gmt":"2021-11-18T05:22:58","slug":"ideal-standard-dinca-accordo-e-un-ottimo-risultato-per-lo-stabilimento","status":"publish","type":"post","link":"https:\/\/www.radiopiu.net\/wordpress\/ideal-standard-dinca-accordo-e-un-ottimo-risultato-per-lo-stabilimento\/","title":{"rendered":"IDEAL STANDARD, D&#8217;INCA&#8217; &#8220;ACCORDO E&#8217; UN OTTIMO RISULTATO PER LO STABILIMENTO&#8221;"},"content":{"rendered":"<h3>15 milioni di euro per garantire un futuro al sito di Ideal Standard di Trichiana. \u00c8 quanto ha messo a disposizione la societ\u00e0 insieme alla disponibilit\u00e0 a cedere il marchio Dolomite e ad affidare all&#8217;acquirente la produzione, in regime di subfornitura, di 150mila pezzi all&#8217;anno per due anni a prezzi di mercato, mantenimento della continuit\u00e0 produttiva fino a\u00a0 febbraio 2022,\u00a0 cassa straordinaria dal primo febbraio per un massimo di 12 mesi. Da febbraio attivit\u00e0 produttiva ridotta al 50% fino alla sospensione,\u00a0 incentivi all&#8217;esodo per chi, tra i dipendenti, vorr\u00e0 andarsene.<\/h3>\n<p>&nbsp;<\/p>\n<p><strong><a href=\"https:\/\/www.radiopiu.net\/wordpress\/ideal-standard-lo-stabilimento-di-trichiana-primo-a-chiudere-ultimo-a-ripartire\/stabilimento-dellideal-standard-orcenico-di-zoppola-pn-04-12-2013\/\" rel=\"attachment wp-att-138079\"><img loading=\"lazy\" decoding=\"async\" class=\" wp-image-138079 alignleft\" src=\"https:\/\/www.radiopiu.net\/wordpress\/wp-content\/uploads\/2020\/05\/ideal-standard-orcenigo-300x211.jpg\" alt=\"\" width=\"173\" height=\"122\" srcset=\"https:\/\/www.radiopiu.net\/wordpress\/wp-content\/uploads\/2020\/05\/ideal-standard-orcenigo-300x211.jpg 300w, https:\/\/www.radiopiu.net\/wordpress\/wp-content\/uploads\/2020\/05\/ideal-standard-orcenigo-1024x721.jpg 1024w, https:\/\/www.radiopiu.net\/wordpress\/wp-content\/uploads\/2020\/05\/ideal-standard-orcenigo-768x541.jpg 768w, https:\/\/www.radiopiu.net\/wordpress\/wp-content\/uploads\/2020\/05\/ideal-standard-orcenigo-1536x1082.jpg 1536w, https:\/\/www.radiopiu.net\/wordpress\/wp-content\/uploads\/2020\/05\/ideal-standard-orcenigo-2048x1442.jpg 2048w\" sizes=\"auto, (max-width: 173px) 100vw, 173px\" \/><\/a>ROMA\u00a0<\/strong> <em>&#8220;Dobbiamo ritenerci soddisfatti per l&#8217;accordo raggiunto oggi che permetter\u00e0 di garantire ancora un futuro allo stabilimento di Trichiana, consentendo la salvaguardia del sito produttivo e dei dipendenti con il fondamentale impegno di cercare un acquirente interessato&#8221;. <\/em>Cos\u00ec Federico D&#8217;Inc\u00e0, Ministro per i Rapporti con il Parlamento, al termine dell&#8217;accordo siglato oggi al Ministero dello Sviluppo economico sulla vicenda Ideal Standard di Trichiana. Il Ministro ha partecipato all&#8217;incontro, intervenendo all&#8217;apertura del tavolo: <em>&#8220;Oggi siamo arrivati a una soluzione che tiene conto delle capacit\u00e0 dello stabilimento e della professionalit\u00e0 dei suoi dipendenti. Grazie anche al lavoro della viceministra Alessandra Todde, abbiamo difeso una realt\u00e0 fondamentale per il bellunese, che lo stesso Papa Francesco, in mattinata, ha evidenziato con parole importantissime.il risultato di oggi apre a una pratica di risoluzione che crea le condizioni per dare continuit\u00e0 a quelle aziende che vogliono essere ancora protagoniste nei territori nonostante la volont\u00e0 delle propriet\u00e0 di abbandonare i siti produttivi&#8221;.<\/em><\/p>\n<h3><\/h3>\n","protected":false},"excerpt":{"rendered":"<p>15 milioni di euro per garantire un futuro al sito di Ideal Standard di Trichiana. \u00c8 quanto ha messo a disposizione la societ\u00e0 insieme alla disponibilit\u00e0 a cedere il marchio Dolomite e ad affidare all&#8217;acquirente la produzione, in regime di subfornitura, di 150mila pezzi all&#8217;anno per due anni a prezzi di mercato, mantenimento della continuit\u00e0&hellip;<\/p>\n","protected":false},"author":4,"featured_media":242705,"comment_status":"closed","ping_status":"open","sticky":false,"template":"","format":"standard","meta":{"_monsterinsights_skip_tracking":false,"_monsterinsights_sitenote_active":false,"_monsterinsights_sitenote_note":"","_monsterinsights_sitenote_category":0,"footnotes":""},"categories":[51,49],"tags":[],"class_list":["post-243525","post","type-post","status-publish","format-standard","has-post-thumbnail","hentry","category-evidenza-top","category-news-18","category-51","category-49","description-off"],"img_url":"https:\/\/www.radiopiu.net\/wordpress\/wp-content\/uploads\/2021\/11\/2087-2021-manifestazione-valbelluna_acc-e-ideal-standard.jpg","_links":{"self":[{"href":"https:\/\/www.radiopiu.net\/wordpress\/wp-json\/wp\/v2\/posts\/243525","targetHints":{"allow":["GET"]}}],"collection":[{"href":"https:\/\/www.radiopiu.net\/wordpress\/wp-json\/wp\/v2\/posts"}],"about":[{"href":"https:\/\/www.radiopiu.net\/wordpress\/wp-json\/wp\/v2\/types\/post"}],"author":[{"embeddable":true,"href":"https:\/\/www.radiopiu.net\/wordpress\/wp-json\/wp\/v2\/users\/4"}],"replies":[{"embeddable":true,"href":"https:\/\/www.radiopiu.net\/wordpress\/wp-json\/wp\/v2\/comments?post=243525"}],"version-history":[{"count":0,"href":"https:\/\/www.radiopiu.net\/wordpress\/wp-json\/wp\/v2\/posts\/243525\/revisions"}],"wp:featuredmedia":[{"embeddable":true,"href":"https:\/\/www.radiopiu.net\/wordpress\/wp-json\/wp\/v2\/media\/242705"}],"wp:attachment":[{"href":"https:\/\/www.radiopiu.net\/wordpress\/wp-json\/wp\/v2\/media?parent=243525"}],"wp:term":[{"taxonomy":"category","embeddable":true,"href":"https:\/\/www.radiopiu.net\/wordpress\/wp-json\/wp\/v2\/categories?post=243525"},{"taxonomy":"post_tag","embeddable":true,"href":"https:\/\/www.radiopiu.net\/wordpress\/wp-json\/wp\/v2\/tags?post=243525"}],"curies":[{"name":"wp","href":"https:\/\/api.w.org\/{rel}","templated":true}]}}