{"id":243623,"date":"2021-11-18T12:29:24","date_gmt":"2021-11-18T11:29:24","guid":{"rendered":"https:\/\/www.radiopiu.net\/wordpress\/?p=243623"},"modified":"2021-11-19T05:55:21","modified_gmt":"2021-11-19T04:55:21","slug":"pordoi-divieto-di-transito-ai-mezzi-pesanti-per-tutta-la-stagione-invernale","status":"publish","type":"post","link":"https:\/\/www.radiopiu.net\/wordpress\/pordoi-divieto-di-transito-ai-mezzi-pesanti-per-tutta-la-stagione-invernale\/","title":{"rendered":"PORDOI. DIVIETO DI TRANSITO AI MEZZI PESANTI PER TUTTA LA STAGIONE INVERNALE"},"content":{"rendered":"<p><strong><a href=\"https:\/\/www.radiopiu.net\/wordpress\/pordoi-divieto-di-transito-ai-mezzi-pesanti-per-tutta-la-stagione-invernale\/e7c42e32-6984-409e-8b07-63f1aff679dd\/\" rel=\"attachment wp-att-243626\"><img loading=\"lazy\" decoding=\"async\" class=\"wp-image-243626 alignleft\" src=\"https:\/\/www.radiopiu.net\/wordpress\/wp-content\/uploads\/2021\/11\/e7c42e32-6984-409e-8b07-63f1aff679dd-300x225.jpg\" alt=\"\" width=\"185\" height=\"139\" srcset=\"https:\/\/www.radiopiu.net\/wordpress\/wp-content\/uploads\/2021\/11\/e7c42e32-6984-409e-8b07-63f1aff679dd-300x225.jpg 300w, https:\/\/www.radiopiu.net\/wordpress\/wp-content\/uploads\/2021\/11\/e7c42e32-6984-409e-8b07-63f1aff679dd-768x576.jpg 768w, https:\/\/www.radiopiu.net\/wordpress\/wp-content\/uploads\/2021\/11\/e7c42e32-6984-409e-8b07-63f1aff679dd.jpg 1024w\" sizes=\"auto, (max-width: 185px) 100vw, 185px\" \/><\/a>LIVINALLONGO<\/strong> Veneto Strade ha preso la decisione, da novembre ad aprile i mezzi pesanti intenzionati a raggiungere il Trentino e l&#8217;Alto Adige non potranno pi\u00f9 valicare Passo Pordoi con il rischio di rimanere incastrati su qualche curva o peggio impantanati nella neve.<\/p>\n<p>E non \u00e8 una novit\u00e0. L&#8217;ultimo episodio (foto a lato)\u00a0 risale a pochi giorni fa, alla prima nevicata lungo la 244 di Passo Campolongo sopra Arabba (che \u00e8 pure meno &#8220;verticale&#8221; rispetto al Pordoi) il traffico \u00e8 rimasto\u00a0 bloccato per ore\u00a0 a causa di un tir\u00a0 finito di traverso. Nella foto di Paolo De Gasper il nuovo cartello che invita a fare retromarcia.<\/p>\n<p><a href=\"https:\/\/www.radiopiu.net\/wordpress\/pordoi-divieto-di-transito-ai-mezzi-pesanti-per-tutta-la-stagione-invernale\/fc9a5925-cb4d-414d-9cc5-d302a8a21a8f\/\" rel=\"attachment wp-att-243625\"><img loading=\"lazy\" decoding=\"async\" class=\"alignnone size-medium wp-image-243625\" src=\"https:\/\/www.radiopiu.net\/wordpress\/wp-content\/uploads\/2021\/11\/fc9a5925-cb4d-414d-9cc5-d302a8a21a8f-225x300.jpg\" alt=\"\" width=\"225\" height=\"300\" srcset=\"https:\/\/www.radiopiu.net\/wordpress\/wp-content\/uploads\/2021\/11\/fc9a5925-cb4d-414d-9cc5-d302a8a21a8f-225x300.jpg 225w, https:\/\/www.radiopiu.net\/wordpress\/wp-content\/uploads\/2021\/11\/fc9a5925-cb4d-414d-9cc5-d302a8a21a8f.jpg 600w\" sizes=\"auto, (max-width: 225px) 100vw, 225px\" \/><\/a><\/p>\n","protected":false},"excerpt":{"rendered":"<p>LIVINALLONGO Veneto Strade ha preso la decisione, da novembre ad aprile i mezzi pesanti intenzionati a raggiungere il Trentino e l&#8217;Alto Adige non potranno pi\u00f9 valicare Passo Pordoi con il rischio di rimanere incastrati su qualche curva o peggio impantanati nella neve. E non \u00e8 una novit\u00e0. L&#8217;ultimo episodio (foto a lato)\u00a0 risale a pochi&hellip;<\/p>\n","protected":false},"author":4,"featured_media":243625,"comment_status":"closed","ping_status":"open","sticky":false,"template":"","format":"standard","meta":{"_monsterinsights_skip_tracking":false,"_monsterinsights_sitenote_active":false,"_monsterinsights_sitenote_note":"","_monsterinsights_sitenote_category":0,"footnotes":""},"categories":[51,49],"tags":[],"class_list":["post-243623","post","type-post","status-publish","format-standard","has-post-thumbnail","hentry","category-evidenza-top","category-news-18","category-51","category-49","description-off"],"img_url":"https:\/\/www.radiopiu.net\/wordpress\/wp-content\/uploads\/2021\/11\/fc9a5925-cb4d-414d-9cc5-d302a8a21a8f.jpg","_links":{"self":[{"href":"https:\/\/www.radiopiu.net\/wordpress\/wp-json\/wp\/v2\/posts\/243623","targetHints":{"allow":["GET"]}}],"collection":[{"href":"https:\/\/www.radiopiu.net\/wordpress\/wp-json\/wp\/v2\/posts"}],"about":[{"href":"https:\/\/www.radiopiu.net\/wordpress\/wp-json\/wp\/v2\/types\/post"}],"author":[{"embeddable":true,"href":"https:\/\/www.radiopiu.net\/wordpress\/wp-json\/wp\/v2\/users\/4"}],"replies":[{"embeddable":true,"href":"https:\/\/www.radiopiu.net\/wordpress\/wp-json\/wp\/v2\/comments?post=243623"}],"version-history":[{"count":0,"href":"https:\/\/www.radiopiu.net\/wordpress\/wp-json\/wp\/v2\/posts\/243623\/revisions"}],"wp:featuredmedia":[{"embeddable":true,"href":"https:\/\/www.radiopiu.net\/wordpress\/wp-json\/wp\/v2\/media\/243625"}],"wp:attachment":[{"href":"https:\/\/www.radiopiu.net\/wordpress\/wp-json\/wp\/v2\/media?parent=243623"}],"wp:term":[{"taxonomy":"category","embeddable":true,"href":"https:\/\/www.radiopiu.net\/wordpress\/wp-json\/wp\/v2\/categories?post=243623"},{"taxonomy":"post_tag","embeddable":true,"href":"https:\/\/www.radiopiu.net\/wordpress\/wp-json\/wp\/v2\/tags?post=243623"}],"curies":[{"name":"wp","href":"https:\/\/api.w.org\/{rel}","templated":true}]}}