{"id":243657,"date":"2021-11-18T23:59:20","date_gmt":"2021-11-18T22:59:20","guid":{"rendered":"https:\/\/www.radiopiu.net\/wordpress\/?p=243657"},"modified":"2021-11-18T15:27:44","modified_gmt":"2021-11-18T14:27:44","slug":"pagine-di-vita-vissuta-a-lamosano-nel-diario-di-don-antonio-de-lotto","status":"publish","type":"post","link":"https:\/\/www.radiopiu.net\/wordpress\/pagine-di-vita-vissuta-a-lamosano-nel-diario-di-don-antonio-de-lotto\/","title":{"rendered":"PAGINE DI VITA VISSUTA A LAMOSANO NEL DIARIO DI DON ANTONIO DE LOTTO"},"content":{"rendered":"<p><strong>di\u00a0 RENATO BONA<\/strong><\/p>\n<p><strong>BELLUNO<\/strong> Nei documenti di storia su Cadore, Zoldo e Alpago raccolti da Aldo Belli, curatore del libro dall\u2019omonimo titolo, edito nel giugno 1978 dall\u2019Istituto bellunese di ricerche sociali e culturali per la serie \u201cStoria\u201d (con la collaborazione di Ivo De Lotto; Marco De March per la ricerca di illustrazioni del diario di A. De Lotto; Leriana Viel per ricopiare il diario di A. De Lotto; Antonella Bortot per la revisione del diario di G. Menegus; Gino Fiori per la ricerca del diario di A. Serafini), stampa della bellunese tipografia Piave, il capitolo che interessa l\u2019Alpago \u00e8 di Antonio De Lotto; si tratta del \u201cDiario dall\u20198.XI.1917 al 21.XI,1919 a Lamosano d\u2019Alpago\u201d e fa parte della raccolta di diari il primo dei quali risale al 1810 e l\u2019ultimo \u00e8 del 1947, con la puntualizzazione che \u201cGli avvenimenti descritti si svolsero nella Valle del Boite, nello Zoldano e appunto nell\u2019Alpago, sul tema principale che sono le invasioni, anche se non mancano pagine di emigrazione, di costume e di calamit\u00e0 varie. Gli autori dei diari, oltre ad Antonio De Lotto del quale diremo, sono stati: Giovanni De Sandre Colombo, Giovani Belli Nodaro, Nicol\u00f2 De Sandre Colombo, Augusto Serafini e Giuseppe Menegus Pel\u00e0 Chi era Antonio De Lotto? Nato a San Vito di Cadore nel 1878 mor\u00ec centenario a Belluno nel 1978. Durante l\u2019invasione del 1917 era parroco a Lamosano (poi pass\u00f2 a San Gregorio nelle Alpi, quindi a Belluno, penitenziere nella cattedrale). Scrisse un diario che comprendeva gli anni dell\u2019invasione e i primi anni del suo soggiorno a San Gregorio. L\u2019autore del libro puntualizza:\u201cMi ha dato da ricopiare per la pubblicazione solo la parte che riguardava l\u2019invasione, che lui riteneva pi\u00f9 interessante. Per sua esplicita indicazione ho tolto dal testo molti accenni a vicende familiari e tutto quanto si riferiva all\u2019episodio della requisizione delle campane di Lamosano e Chies\u201d. Il suo diario, come detto, prende il via l\u20198 novembre 1917, giorno del quale leggiamo, fra l\u2019altro: \u201c\u2026 Sono ritornati dei soldati fuggiaschi\u2026 quello che pi\u00f9 impressiona \u00e8 che si mostrano contenti di quanto \u00e8 avvenuto, della defezione loro e dei loro compagni, se ne mostrano contenti anche ora che possono constatarne le conseguenze. Quanta demoralizzazione e quale mancanza di sentimento!&#8230; Siamo rimasti anche senza medici e i due del basso Alpago cio\u00e8 Puos e il nostro sono fuggiti: non so quello di Tambre\u2026 Giorno 11: \u201cTutta la notte e tutto il giorno continu\u00f2 ininterrotto il cannone verso Fadalto. A Pieve i soldati austriaci sono circa 400: requisiscono cibi: pollame, maiali, buoi, formaggio. Guai la continui a lungo, queste povere popolazioni sono affamate\u2026\u201d: 13: \u201cUn uomo di Irrighe, andato a Borsoi, racconta cose impressionanti di Tambre. I tedeschi sono entrati nelle case ed hanno fatto pulizia di tutto, generi alimentari e biancheria. A don Emilio Palatini spogliarono interamente la canonica. Una ragazza da Montanes arrivata questa sera da Belluno racconta le scene vandaliche dei soldati tedeschi. Entrano nelle case, sfondando le porte: aprono casse, armadi, rompono, gettano ogni cosa in strada. Dice che i pi\u00f9 inferociti sono i germanici: che gli austriaci usano pi\u00f9 attenzioni\u201d. 13 dicembre: \u201cDa Tambre giunge notizia che in Cansiglio vi sono parecchie centinaia di nostri prigionieri morti di fame: oggi furono numerose persone che corsero dentro a portar loro quel po\u2019 di vitto che potevano\u201d. 23: \u201cLa parrocchia \u00e8 piena di prigionieri austriaci disertori\u201d. 25-26: \u201cNihil novi eccetto il continuo arrivo di disertori italiani che non si possono lasciar morire di fame\u2026\u201d. 31: \u201cQuesta sera alle 4 canto dei Vesperi e Te Deum dinanzi al Santissimo esposto. Cos\u00ec termina il 1917 onusto di sangue, di lacrime, di dolori e l\u2019avvenire si presenta ancor pi\u00f9 oscuro\u2026\u201d. Siamo al 1918, giorno 5 gennaio: \u201cOggi altra requisizione dei bovini, ne condussero via cinque. In questi giorni il cannone si fa udire ad intervalli ma debolmente\u2026\u201d. Giorno 9: \u201cNeve e vento. Oggi a Lamosano un fatto clamoroso. Da parecchi mesi era annidato su per i pressi di Plois e Curago un disertore, credesi siciliano: un brutto soggetto sempre armato fino ai denti e che terrorizzava quella gente. Da alcune settimane era venuto a stabilirsi a Montan\u00e9s ove aveva affittato una stanza con un suo compagno. L\u2019occhio, l\u2019aspetto era davvero di un delinquente\u2026 Alcuni uomini andarono a Fun\u00e9s e trovatolo a dormire su una banca gli saltarono sopra. Lo legarono e giunti i gendarmi glielo consegnarono\u2026\u201d. 12 marzo: \u201cOggi a Puos e Valdenogher furono requisite le campane e calate dal campanile, cos\u00ec dicesi a Farra, Cadola, Codenzano\u2026\u201d. 20 aprile: \u201cOperai giunti da Ponte nelle Alpi dicono che si sta disfacendo il ponte ferroviario sul Piave e se ne asporta il materiale\u2026\u201d. Giugno: giorno 1: \u201cI sindaci dell\u2019Alpago che si recarono oggi a Belluno per ottenere una diminuzione del contributo di bestie: non furono neppure accettati, ma villanamente respinti\u201d. 19: \u201cOggi il cannone tacque: sfondamento o tregua?&#8230;\u201d. 1 agosto: \u201cComincia il quinto anno di guerra senza che alcuna condizione faccia sperare una prossima fine, n\u00e9 che le truppe austro-ungariche abbiano da ritirarsi dalle nostre province: si parla invece della venuta di corpi d\u2019armata germanici per una nuova offensiva. Le condizioni nostre vanno peggiorando di giorno in giorno: serpeggia la dissenteria e il cosiddetto mal del sangue, non una medicina n\u00e9 un po\u2019 di carne, nulla; inoltre famiglie di profughi ammalati sprovviste di tutto: sono spettri ambulanti\u2026\u201d. 8 settembre: \u201cDa parecchie notti ininterrotto bombardamento: stamane violentissimo. Durante il giorno niente. 28: \u201cE\u2019 cominciata da parte dell\u2019Italia il 26 corrente un\u2019offensiva in grande stile. All\u2019anniversario di Caporetto vogliono riacquistare l\u2019onore delle armi e trattare la pace sull\u2019Isonzo. 4 novembre: oggi alle ore 23 passate cessano le ostilit\u00e0 fra l\u2019Italia e l\u2019Austria; l\u2019armistizio \u00e8 stato firmato ieri. I soldati sono ebbri di gioia: ne hanno ben diritto dopo 41 mesi di guerra! Sembra ancora un sogno\u2026\u201d. Dicembre, giorno 14: \u201cLa sera del 1. mi sono messo a letto colpito anch\u2019io dalla febbre spagnola: ho passato una settimana infernale per la febbre\u2026\u201d. 25: Natale di pioggia e freddo: ho celebrato una sola messa. Anno 1919:15 febbraio: \u201cIl nostro Vescovo (Giosu\u00e8 Cattarossi: presule dal 21 novembre 1913 al 3 marzo 1944 &#8211; ndr.) \u00e8 stato insignito della commenda dei santissimi Maurizio e Lazzaro, una delle onorificenze pi\u00f9 alte che si concedono ai benemeriti della patria. Gli fu concessa per l\u2019opera spiegata durante l\u2019invasione e per suo contegno dignitoso d\u2019italiano\u201d. 6: \u201cE\u2019 venuto a trovarmi don Emilio Palatini, destinato a parroco del Duomo\u201d. 31: \u201cOggi si \u00e8 dato principio ai lavori della strada interrotti nel 1916 o \u201917 per\u00f2 pochissimi operai si sono presentati. Hanno innalzato un reclamo al Genio militare\u201d. Aprile giorno 1: \u201cMi \u00e8 capitata una ragazzetta di Lamosano, l\u2019unica, per dar nuovamente il suo nome come aspirante: tutte le sue colleghe le erano attorno per dissuaderla!\u201d. 11: \u201cOggi ho radunato alcuni per la costituzione della sezione comunale del Partito popolare italiano. Ho esposto le finalit\u00e0 e il programma del partito, la necessita dell\u2019organizzazione e diedero il loro nome in 26 poi subito eletta a viva voce una direzione provvisoria\u201d. 3 agosto: \u201cOggi ho dato in chiesa l\u2019addio alla popolazione: uomini e donne piangevano\u2026\u201d. Il diario si conclude con il 14 agosto 1919, giorno in cui don Antonio De Lotto scrive: \u201cQuesti giorni ho cominciato la visita delle famiglie della parrocchia e ho fatto San Gregorio e Paderno: quasi ovunque trovo larga cordialit\u00e0. Per\u00f2 la nostalgia di Lamosano mi assale di quando in quando terribilmente e spesso m\u2019accorgo d\u2019aver gli occhi inumiditi\u201d.<\/p>\n\n\t\t\t<style type='text\/css'>\n\t\t\t\t#gallery-1 {\n\t\t\t\t\tmargin: auto;\n\t\t\t\t}\n\t\t\t\t#gallery-1 .gallery-item {\n\t\t\t\t\tfloat: left;\n\t\t\t\t\tmargin-top: 10px;\n\t\t\t\t\ttext-align: center;\n\t\t\t\t\twidth: 25%;\n\t\t\t\t}\n\t\t\t\t#gallery-1 img {\n\t\t\t\t\tborder: 2px solid #cfcfcf;\n\t\t\t\t}\n\t\t\t\t#gallery-1 .gallery-caption {\n\t\t\t\t\tmargin-left: 0;\n\t\t\t\t}\n\t\t\t\t\/* see gallery_shortcode() in wp-includes\/media.php *\/\n\t\t\t<\/style>\n\t\t<div id='gallery-1' class='dt-gallery-container gallery galleryid-243657 gallery-columns-4 gallery-size-thumbnail'><dl class='gallery-item'>\n\t\t\t\t<dt class='gallery-icon portrait'>\n\t\t\t\t\t<a class=\"rollover rollover-zoom dt-pswp-item\" title=\"258216635_1216769042160981_2785650475531930878_n\" data-dt-img-description=\"\" data-large_image_width=\"151\" data-large_image_height=\"225\"href='https:\/\/www.radiopiu.net\/wordpress\/wp-content\/uploads\/2021\/11\/258216635_1216769042160981_2785650475531930878_n.jpg'><img loading=\"lazy\" decoding=\"async\" width=\"150\" height=\"150\" src=\"https:\/\/www.radiopiu.net\/wordpress\/wp-content\/uploads\/2021\/11\/258216635_1216769042160981_2785650475531930878_n-150x150.jpg\" class=\"attachment-thumbnail size-thumbnail\" alt=\"\" \/><\/a>\n\t\t\t\t<\/dt><\/dl><dl class='gallery-item'>\n\t\t\t\t<dt class='gallery-icon landscape'>\n\t\t\t\t\t<a class=\"rollover rollover-zoom dt-pswp-item\" title=\"258607801_935115263878452_3026144916648654962_n\" data-dt-img-description=\"\" data-large_image_width=\"273\" data-large_image_height=\"206\"href='https:\/\/www.radiopiu.net\/wordpress\/wp-content\/uploads\/2021\/11\/258607801_935115263878452_3026144916648654962_n.jpg'><img loading=\"lazy\" decoding=\"async\" width=\"150\" height=\"150\" src=\"https:\/\/www.radiopiu.net\/wordpress\/wp-content\/uploads\/2021\/11\/258607801_935115263878452_3026144916648654962_n-150x150.jpg\" class=\"attachment-thumbnail size-thumbnail\" alt=\"\" \/><\/a>\n\t\t\t\t<\/dt><\/dl><dl class='gallery-item'>\n\t\t\t\t<dt class='gallery-icon landscape'>\n\t\t\t\t\t<a class=\"rollover rollover-zoom dt-pswp-item\" title=\"258423500_903563406961184_6596008990209177462_n\" data-dt-img-description=\"\" data-large_image_width=\"332\" data-large_image_height=\"206\"href='https:\/\/www.radiopiu.net\/wordpress\/wp-content\/uploads\/2021\/11\/258423500_903563406961184_6596008990209177462_n.jpg'><img loading=\"lazy\" decoding=\"async\" width=\"150\" height=\"150\" src=\"https:\/\/www.radiopiu.net\/wordpress\/wp-content\/uploads\/2021\/11\/258423500_903563406961184_6596008990209177462_n-150x150.jpg\" class=\"attachment-thumbnail size-thumbnail\" alt=\"\" \/><\/a>\n\t\t\t\t<\/dt><\/dl><dl class='gallery-item'>\n\t\t\t\t<dt class='gallery-icon landscape'>\n\t\t\t\t\t<a class=\"rollover rollover-zoom dt-pswp-item\" title=\"258281181_416389146803429_8611553579011573176_n\" data-dt-img-description=\"\" data-large_image_width=\"296\" data-large_image_height=\"204\"href='https:\/\/www.radiopiu.net\/wordpress\/wp-content\/uploads\/2021\/11\/258281181_416389146803429_8611553579011573176_n.jpg'><img loading=\"lazy\" decoding=\"async\" width=\"150\" height=\"150\" src=\"https:\/\/www.radiopiu.net\/wordpress\/wp-content\/uploads\/2021\/11\/258281181_416389146803429_8611553579011573176_n-150x150.jpg\" class=\"attachment-thumbnail size-thumbnail\" alt=\"\" \/><\/a>\n\t\t\t\t<\/dt><\/dl><br style=\"clear: both\" \/><dl class='gallery-item'>\n\t\t\t\t<dt class='gallery-icon portrait'>\n\t\t\t\t\t<a class=\"rollover rollover-zoom dt-pswp-item\" title=\"258435227_293380502683795_7576054481297699521_n\" data-dt-img-description=\"\" data-large_image_width=\"156\" data-large_image_height=\"206\"href='https:\/\/www.radiopiu.net\/wordpress\/wp-content\/uploads\/2021\/11\/258435227_293380502683795_7576054481297699521_n.jpg'><img loading=\"lazy\" decoding=\"async\" width=\"150\" height=\"150\" src=\"https:\/\/www.radiopiu.net\/wordpress\/wp-content\/uploads\/2021\/11\/258435227_293380502683795_7576054481297699521_n-150x150.jpg\" class=\"attachment-thumbnail size-thumbnail\" alt=\"\" \/><\/a>\n\t\t\t\t<\/dt><\/dl><dl class='gallery-item'>\n\t\t\t\t<dt class='gallery-icon portrait'>\n\t\t\t\t\t<a class=\"rollover rollover-zoom dt-pswp-item\" title=\"258381747_1240094439823558_8290116001637434472_n\" data-dt-img-description=\"\" data-large_image_width=\"160\" data-large_image_height=\"205\"href='https:\/\/www.radiopiu.net\/wordpress\/wp-content\/uploads\/2021\/11\/258381747_1240094439823558_8290116001637434472_n.jpg'><img loading=\"lazy\" decoding=\"async\" width=\"150\" height=\"150\" src=\"https:\/\/www.radiopiu.net\/wordpress\/wp-content\/uploads\/2021\/11\/258381747_1240094439823558_8290116001637434472_n-150x150.jpg\" class=\"attachment-thumbnail size-thumbnail\" alt=\"\" \/><\/a>\n\t\t\t\t<\/dt><\/dl><dl class='gallery-item'>\n\t\t\t\t<dt class='gallery-icon landscape'>\n\t\t\t\t\t<a class=\"rollover rollover-zoom dt-pswp-item\" title=\"258515908_288794876524387_6279058941743944876_n\" data-dt-img-description=\"\" data-large_image_width=\"403\" data-large_image_height=\"199\"href='https:\/\/www.radiopiu.net\/wordpress\/wp-content\/uploads\/2021\/11\/258515908_288794876524387_6279058941743944876_n.jpg'><img loading=\"lazy\" decoding=\"async\" width=\"150\" height=\"150\" src=\"https:\/\/www.radiopiu.net\/wordpress\/wp-content\/uploads\/2021\/11\/258515908_288794876524387_6279058941743944876_n-150x150.jpg\" class=\"attachment-thumbnail size-thumbnail\" alt=\"\" \/><\/a>\n\t\t\t\t<\/dt><\/dl>\n\t\t\t\t<br style='clear: both' \/>\n\t\t\t<\/div>\n\n<p>&nbsp;<\/p>\n<p>NELLE FOTO (riproduzioni dal libro di Aldo Belli \u201cdocumenti di storia. Cadore, Zoldo e Alpago): anno 1882; Antonio De Lotto all\u2019et\u00e0 di 4 anni con la madre Maddalena De Luca; don Antonio con i compagni di scuola nel 1903; in alto, da sinistra: don Evangelista Ribul, don Angelo Arnoldo, don Antonio De Lotto, don Pietro Zangrando; in basso: don Natale Mottes e don Tita De Martin; immediato dopoguerra: la famiglia Barattin \u201cCiassi\u201d di Montan\u00e9s (immagine di propriet\u00e0 di Rizieri Barattin); festa in famiglia in occasione di un battesimo (immagine di propriet\u00e0 di Lino De Min); una famiglia di Montan\u00e9s durante l\u2019invasione; reparto della fanfara del periodo della prima guerra mondiale con alcuni giovani di Lamosano: Luigi Pedol-Podest\u00e0 (terzo in alto da sinistra), Domenico Pedol (primo da sinistra in alto), Giovanni Munaro (accanto a Domenico Pedol, di spalle); reduci della Grande Guerra con la loro insegnante Maria De Baldironi.<\/p>\n","protected":false},"excerpt":{"rendered":"<p>di\u00a0 RENATO BONA BELLUNO Nei documenti di storia su Cadore, Zoldo e Alpago raccolti da Aldo Belli, curatore del libro dall\u2019omonimo titolo, edito nel giugno 1978 dall\u2019Istituto bellunese di ricerche sociali e culturali per la serie \u201cStoria\u201d (con la collaborazione di Ivo De Lotto; Marco De March per la ricerca di illustrazioni del diario di&hellip;<\/p>\n","protected":false},"author":4,"featured_media":243652,"comment_status":"closed","ping_status":"open","sticky":false,"template":"","format":"standard","meta":{"_monsterinsights_skip_tracking":false,"_monsterinsights_sitenote_active":false,"_monsterinsights_sitenote_note":"","_monsterinsights_sitenote_category":0,"footnotes":""},"categories":[104,49],"tags":[],"class_list":["post-243657","post","type-post","status-publish","format-standard","has-post-thumbnail","hentry","category-evidenza_3","category-news-18","category-104","category-49","description-off"],"img_url":"https:\/\/www.radiopiu.net\/wordpress\/wp-content\/uploads\/2021\/11\/258216635_1216769042160981_2785650475531930878_n.jpg","_links":{"self":[{"href":"https:\/\/www.radiopiu.net\/wordpress\/wp-json\/wp\/v2\/posts\/243657","targetHints":{"allow":["GET"]}}],"collection":[{"href":"https:\/\/www.radiopiu.net\/wordpress\/wp-json\/wp\/v2\/posts"}],"about":[{"href":"https:\/\/www.radiopiu.net\/wordpress\/wp-json\/wp\/v2\/types\/post"}],"author":[{"embeddable":true,"href":"https:\/\/www.radiopiu.net\/wordpress\/wp-json\/wp\/v2\/users\/4"}],"replies":[{"embeddable":true,"href":"https:\/\/www.radiopiu.net\/wordpress\/wp-json\/wp\/v2\/comments?post=243657"}],"version-history":[{"count":0,"href":"https:\/\/www.radiopiu.net\/wordpress\/wp-json\/wp\/v2\/posts\/243657\/revisions"}],"wp:featuredmedia":[{"embeddable":true,"href":"https:\/\/www.radiopiu.net\/wordpress\/wp-json\/wp\/v2\/media\/243652"}],"wp:attachment":[{"href":"https:\/\/www.radiopiu.net\/wordpress\/wp-json\/wp\/v2\/media?parent=243657"}],"wp:term":[{"taxonomy":"category","embeddable":true,"href":"https:\/\/www.radiopiu.net\/wordpress\/wp-json\/wp\/v2\/categories?post=243657"},{"taxonomy":"post_tag","embeddable":true,"href":"https:\/\/www.radiopiu.net\/wordpress\/wp-json\/wp\/v2\/tags?post=243657"}],"curies":[{"name":"wp","href":"https:\/\/api.w.org\/{rel}","templated":true}]}}