{"id":243704,"date":"2021-11-19T05:17:43","date_gmt":"2021-11-19T04:17:43","guid":{"rendered":"https:\/\/www.radiopiu.net\/wordpress\/?p=243704"},"modified":"2021-11-19T05:54:35","modified_gmt":"2021-11-19T04:54:35","slug":"presentato-laccordo-per-ideal-standard","status":"publish","type":"post","link":"https:\/\/www.radiopiu.net\/wordpress\/presentato-laccordo-per-ideal-standard\/","title":{"rendered":"PRESENTATO L&#8217;ACCORDO PER IDEAL STANDARD"},"content":{"rendered":"<p><strong><a href=\"https:\/\/www.radiopiu.net\/wordpress\/ideal-standard-lo-stabilimento-di-trichiana-primo-a-chiudere-ultimo-a-ripartire\/stabilimento-dellideal-standard-orcenico-di-zoppola-pn-04-12-2013\/\" rel=\"attachment wp-att-138079\"><img loading=\"lazy\" decoding=\"async\" class=\"size-medium wp-image-138079 alignleft\" src=\"https:\/\/www.radiopiu.net\/wordpress\/wp-content\/uploads\/2020\/05\/ideal-standard-orcenigo-300x211.jpg\" alt=\"\" width=\"300\" height=\"211\" srcset=\"https:\/\/www.radiopiu.net\/wordpress\/wp-content\/uploads\/2020\/05\/ideal-standard-orcenigo-300x211.jpg 300w, https:\/\/www.radiopiu.net\/wordpress\/wp-content\/uploads\/2020\/05\/ideal-standard-orcenigo-1024x721.jpg 1024w, https:\/\/www.radiopiu.net\/wordpress\/wp-content\/uploads\/2020\/05\/ideal-standard-orcenigo-768x541.jpg 768w, https:\/\/www.radiopiu.net\/wordpress\/wp-content\/uploads\/2020\/05\/ideal-standard-orcenigo-1536x1082.jpg 1536w, https:\/\/www.radiopiu.net\/wordpress\/wp-content\/uploads\/2020\/05\/ideal-standard-orcenigo-2048x1442.jpg 2048w\" sizes=\"auto, (max-width: 300px) 100vw, 300px\" \/><\/a>VENEZIA <\/strong>\u201c<em>Questo accordo segna l\u2019inizio di un nuovo percorso ed \u00e8 un caso che far\u00e0 scuola in Italia. Ora si scriva una norma nazionale che, sulla falsariga dei contenuti di questo storico accordo, fissi i paletti per regolamentare l\u2019uscita delle multinazionali dal mercato italiano<\/em>\u201d. Cos\u00ec l\u2019Assessore regionale al lavoro Elena Donazzan ha presentato l\u2019accordo sottoscritto ieri presso il Ministero dello Sviluppo Economico che impegna la multinazionale Ideal Standard a garantire il percorso verso una soluzione industriale del sito di Trichiana a Borgo Valbelluna. Presenti i rappresentati della propriet\u00e0 Ideal Standard e tutte le rappresentanze sindacali e RSU aziendali. L\u2019Assessore ha ringraziato i presenti per avere scelto la sede regionale di Veneto Lavoro per presentare in modo ufficiale il patto tra le parti. \u201c<em>Larga parte del merito \u00e8 della credibilit\u00e0, fiducia e grandissima preparazione del dr. Mattia Losego \u2013 ha sottolineato Elena Donazzan -. La capacit\u00e0 di governare la crisi complesse \u00e8 della Unit\u00e0 di Crisi regionale e di Mattia Losego, in particolare.\u00a0\u00a0Per dare un\u2019idea dell\u2019impegno profuso ricordo che ogni incontro ha avuto una durata media di 10 ore<\/em>\u201d. L\u2019Assessore Donazzan ha, quindi, ricordato il ruolo dell\u2019azienda. \u201cAbbiamo potuto contare su un atteggiamento responsabile e di grande disponibilit\u00e0 dell\u2019azienda e degli uomini che l\u2019hanno rappresentata in queste delicatissime fasi, facendo diventare questa vertenza un caso di scuola\u201d.<\/p>\n<p><strong>LA DICHIARAZIONE DEL PRESIDENTE DEL VENETO LUCA ZAIA<\/strong><\/p>\n<p>\u201c<em>Accolgo la buona notizia a braccia aperte. E\u2019 una buona, anzi buonissima notizia quella che sancisce l&#8217;accordo tra le parti sociali per reindustrializzare il sito produttivo\u00a0 di Ideal Standard e la conseguente nomina di un Advisor. E\u2019 un segnale forte e chiaro in un momento di difficolt\u00e0 dell\u2019azienda bellunese e il mio pensiero va immediatamente ai quasi 500 lavoratori dello stabilimento che rischiava la chiusura. Ancora una volta c\u2019\u00e8 stata la volont\u00e0 di essere della partita come Regione del Veneto; abbiamo voluto crederci perch\u00e9 quando si fa squadra i risultati si ottengono\u201d. \u201cLa buona notizia, per\u00f2 \u2013 ha continuato il Presidente, non ci fa adagiare sugli allori. Bene festeggiare per Ideal Standard, ma senza dimenticare l\u2019altro nostro obiettivo che \u00e8 quello di trovare una via d\u2019uscita anche per gli oltre 300 lavoratori di ACC, che rimangono ancora un pensiero fisso per tutti noi<\/em>\u201d.<\/p>\n<p><strong>LA DICHIARAZIONE DEL MINISTRO FEDERICO D&#8217;INCA&#8217;<\/strong><\/p>\n<div>\u201c<em>L&#8217;accordo tra le parti sociali e l\u2019azienda che \u00e8 stato raggiunto ieri deve dare fiducia al nostro territorio, dimostrando che, con grande impegno e forza di volont\u00e0, \u00e8 possibile trovare una soluzione anche alle situazioni complesse. Dobbiamo continuare a difendere le nostre realt\u00e0 della manifattura, valorizzando l\u2019alta professionalit\u00e0 dei dipendenti che, anche nel caso di Ideal Standard, hanno sempre messo in campo il proprio attaccamento allo stabilimento. Tra i risultati raggiunti nell\u2019accordo, che io stesso ho voluto siglare, trovo particolarmente significativa la disponibilit\u00e0 dell\u2019azienda nel cedere la fabbrica e il marchio Ceramica Dolomite che racchiude la storia di questo stabilimento e simboleggia la rinascita e la tenacia del bellunese dopo il Vajont. Adesso con il lavoro dell\u2019advisor e il supporto del Mise e di Invitalia nel monitorare il processo di reindustrializzazione, si lavorer\u00e0 intensamente per la ricerca di un acquirente<\/em>\u201d. D\u2019Inc\u00e0, inoltre precisa: \u201c<em>Quella di Ideal Standard \u00e8 una vicenda che seguo da anni, con un lungo e continuo confronto assieme ai lavoratori, ma anche con gli ex dipendenti e tutti coloro che hanno sempre avvertito un forte legame con il sito di Trichiana e con Ceramica Dolomite. C\u2019\u00e8 stato, quindi, un intenso lavoro di verifica della problematica che \u00e8 stata sottoposta a livello governativo e nelle opportune sedi istituzionali<\/em>\u201d.<\/div>\n<div><\/div>\n<div><\/div>\n<div>*****<\/div>\n","protected":false},"excerpt":{"rendered":"<p>VENEZIA \u201cQuesto accordo segna l\u2019inizio di un nuovo percorso ed \u00e8 un caso che far\u00e0 scuola in Italia. Ora si scriva una norma nazionale che, sulla falsariga dei contenuti di questo storico accordo, fissi i paletti per regolamentare l\u2019uscita delle multinazionali dal mercato italiano\u201d. Cos\u00ec l\u2019Assessore regionale al lavoro Elena Donazzan ha presentato l\u2019accordo sottoscritto&hellip;<\/p>\n","protected":false},"author":4,"featured_media":138079,"comment_status":"closed","ping_status":"open","sticky":false,"template":"","format":"standard","meta":{"_monsterinsights_skip_tracking":false,"_monsterinsights_sitenote_active":false,"_monsterinsights_sitenote_note":"","_monsterinsights_sitenote_category":0,"footnotes":""},"categories":[51,49],"tags":[],"class_list":["post-243704","post","type-post","status-publish","format-standard","has-post-thumbnail","hentry","category-evidenza-top","category-news-18","category-51","category-49","description-off"],"img_url":"https:\/\/www.radiopiu.net\/wordpress\/wp-content\/uploads\/2020\/05\/ideal-standard-orcenigo-scaled.jpg","_links":{"self":[{"href":"https:\/\/www.radiopiu.net\/wordpress\/wp-json\/wp\/v2\/posts\/243704","targetHints":{"allow":["GET"]}}],"collection":[{"href":"https:\/\/www.radiopiu.net\/wordpress\/wp-json\/wp\/v2\/posts"}],"about":[{"href":"https:\/\/www.radiopiu.net\/wordpress\/wp-json\/wp\/v2\/types\/post"}],"author":[{"embeddable":true,"href":"https:\/\/www.radiopiu.net\/wordpress\/wp-json\/wp\/v2\/users\/4"}],"replies":[{"embeddable":true,"href":"https:\/\/www.radiopiu.net\/wordpress\/wp-json\/wp\/v2\/comments?post=243704"}],"version-history":[{"count":0,"href":"https:\/\/www.radiopiu.net\/wordpress\/wp-json\/wp\/v2\/posts\/243704\/revisions"}],"wp:featuredmedia":[{"embeddable":true,"href":"https:\/\/www.radiopiu.net\/wordpress\/wp-json\/wp\/v2\/media\/138079"}],"wp:attachment":[{"href":"https:\/\/www.radiopiu.net\/wordpress\/wp-json\/wp\/v2\/media?parent=243704"}],"wp:term":[{"taxonomy":"category","embeddable":true,"href":"https:\/\/www.radiopiu.net\/wordpress\/wp-json\/wp\/v2\/categories?post=243704"},{"taxonomy":"post_tag","embeddable":true,"href":"https:\/\/www.radiopiu.net\/wordpress\/wp-json\/wp\/v2\/tags?post=243704"}],"curies":[{"name":"wp","href":"https:\/\/api.w.org\/{rel}","templated":true}]}}