{"id":243729,"date":"2021-11-20T05:57:41","date_gmt":"2021-11-20T04:57:41","guid":{"rendered":"https:\/\/www.radiopiu.net\/wordpress\/?p=243729"},"modified":"2021-11-20T07:26:39","modified_gmt":"2021-11-20T06:26:39","slug":"giornale-radiopiu-20-novembre-2021-direttore-mirko-mezzacasa","status":"publish","type":"post","link":"https:\/\/www.radiopiu.net\/wordpress\/giornale-radiopiu-20-novembre-2021-direttore-mirko-mezzacasa\/","title":{"rendered":"GIORNALE RADIOPIU 20 NOVEMBRE 2021 DIRETTORE MIRKO MEZZACASA"},"content":{"rendered":"<h3 class=\"kvgmc6g5 cxmmr5t8 oygrvhab hcukyx3x c1et5uql\"><span style=\"color: #000000;\"><strong>SPECIALI ALLA RADIO: OGGI ALLE 10.30 E 1900 SETTIMANALE APPUNTAMENTO CON LA RASSEGNA STAMPA DA L&#8217;AMICO DEL POPOLO, DI GIANNI SANTOMASO<\/strong><\/span><\/h3>\n<h3 class=\"kvgmc6g5 cxmmr5t8 oygrvhab hcukyx3x c1et5uql\"><span style=\"color: #0000ff;\"><strong>INFORMAZIONE il canale su TELEGRAM informazione di prima mano e in tempo reale. iscriviti ed aiutaci a farlo conoscere\u00a0<\/strong><\/span><\/h3>\n<p>&nbsp;<\/p>\n<hr \/>\n<p>&nbsp;<\/p>\n<h2 style=\"text-align: center;\"><span style=\"color: #ff0000;\">OGGI LA GIORNATA INTERNAZIONALE DELL&#8217;INFANZIA<\/span><\/h2>\n<p><strong>BELLUNO<\/strong> Tra i principali diritti dei bambini c\u2019\u00e8 il diritto alla famiglia\u2026Ci sono vari modi di essere famiglia, ma in ognuno di essi si pu\u00f2 individuare un comune filo conduttore: quello di prendersi cura dei bambini ed adulti che ne fanno parte promuovendo uno sviluppo sano e sereno. Il Consultorio Familiare del Distretto di Belluno ha voluto dare voce ai bambini e alcuni genitori per descrivere cosa sia una famiglia. I bambini del doposcuola del Comune di Agordo hanno realizzato tanti disegni sul tema partecipando ad un laboratorio con lettura animata, tenuto dalle Educatrici del Consultorio. Oltre a questo \u00e8 stato realizzato un piccolo video dove i genitori raccontano la loro diversa esperienza familiare.<\/p>\n\n\t\t\t<style type='text\/css'>\n\t\t\t\t#gallery-1 {\n\t\t\t\t\tmargin: auto;\n\t\t\t\t}\n\t\t\t\t#gallery-1 .gallery-item {\n\t\t\t\t\tfloat: left;\n\t\t\t\t\tmargin-top: 10px;\n\t\t\t\t\ttext-align: center;\n\t\t\t\t\twidth: 50%;\n\t\t\t\t}\n\t\t\t\t#gallery-1 img {\n\t\t\t\t\tborder: 2px solid #cfcfcf;\n\t\t\t\t}\n\t\t\t\t#gallery-1 .gallery-caption {\n\t\t\t\t\tmargin-left: 0;\n\t\t\t\t}\n\t\t\t\t\/* see gallery_shortcode() in wp-includes\/media.php *\/\n\t\t\t<\/style>\n\t\t<div id='gallery-1' class='dt-gallery-container gallery galleryid-243729 gallery-columns-2 gallery-size-medium'><dl class='gallery-item'>\n\t\t\t\t<dt class='gallery-icon portrait'>\n\t\t\t\t\t<a class=\"rollover rollover-zoom dt-pswp-item\" title=\"1\" data-dt-img-description=\"\" data-large_image_width=\"1587\" data-large_image_height=\"2245\"href='https:\/\/www.radiopiu.net\/wordpress\/wp-content\/uploads\/2021\/11\/1-1.png'><img loading=\"lazy\" decoding=\"async\" width=\"212\" height=\"300\" src=\"https:\/\/www.radiopiu.net\/wordpress\/wp-content\/uploads\/2021\/11\/1-1-212x300.png\" class=\"attachment-medium size-medium\" alt=\"\" srcset=\"https:\/\/www.radiopiu.net\/wordpress\/wp-content\/uploads\/2021\/11\/1-1-212x300.png 212w, https:\/\/www.radiopiu.net\/wordpress\/wp-content\/uploads\/2021\/11\/1-1-724x1024.png 724w, https:\/\/www.radiopiu.net\/wordpress\/wp-content\/uploads\/2021\/11\/1-1-768x1086.png 768w, https:\/\/www.radiopiu.net\/wordpress\/wp-content\/uploads\/2021\/11\/1-1-1086x1536.png 1086w, https:\/\/www.radiopiu.net\/wordpress\/wp-content\/uploads\/2021\/11\/1-1-1448x2048.png 1448w, https:\/\/www.radiopiu.net\/wordpress\/wp-content\/uploads\/2021\/11\/1-1.png 1587w\" sizes=\"auto, (max-width: 212px) 100vw, 212px\" \/><\/a>\n\t\t\t\t<\/dt><\/dl><dl class='gallery-item'>\n\t\t\t\t<dt class='gallery-icon portrait'>\n\t\t\t\t\t<a class=\"rollover rollover-zoom dt-pswp-item\" title=\"2\" data-dt-img-description=\"\" data-large_image_width=\"1587\" data-large_image_height=\"2245\"href='https:\/\/www.radiopiu.net\/wordpress\/wp-content\/uploads\/2021\/11\/2-1.png'><img loading=\"lazy\" decoding=\"async\" width=\"212\" height=\"300\" src=\"https:\/\/www.radiopiu.net\/wordpress\/wp-content\/uploads\/2021\/11\/2-1-212x300.png\" class=\"attachment-medium size-medium\" alt=\"\" srcset=\"https:\/\/www.radiopiu.net\/wordpress\/wp-content\/uploads\/2021\/11\/2-1-212x300.png 212w, https:\/\/www.radiopiu.net\/wordpress\/wp-content\/uploads\/2021\/11\/2-1-724x1024.png 724w, https:\/\/www.radiopiu.net\/wordpress\/wp-content\/uploads\/2021\/11\/2-1-768x1086.png 768w, https:\/\/www.radiopiu.net\/wordpress\/wp-content\/uploads\/2021\/11\/2-1-1086x1536.png 1086w, https:\/\/www.radiopiu.net\/wordpress\/wp-content\/uploads\/2021\/11\/2-1-1448x2048.png 1448w, https:\/\/www.radiopiu.net\/wordpress\/wp-content\/uploads\/2021\/11\/2-1.png 1587w\" sizes=\"auto, (max-width: 212px) 100vw, 212px\" \/><\/a>\n\t\t\t\t<\/dt><\/dl><br style=\"clear: both\" \/>\n\t\t\t<\/div>\n\n<p>&nbsp;<\/p>\n<p>&nbsp;<\/p>\n<p>&nbsp;<\/p>\n<hr \/>\n<p>&nbsp;<\/p>\n<blockquote>\n<h3><\/h3>\n<\/blockquote>\n<p><strong><a href=\"https:\/\/www.radiopiu.net\/wordpress\/lassessore-gianpaolo-bottacin-ribatte-alle-accuse-del-presidente-della-croce-verde-val-biois-stefano-murer\/croce-verde-val-biois-2\/\" rel=\"attachment wp-att-153811\"><img loading=\"lazy\" decoding=\"async\" class=\"wp-image-153811 alignleft\" src=\"https:\/\/www.radiopiu.net\/wordpress\/wp-content\/uploads\/2020\/08\/CROCE-VERDE-VAL-BIOIS-300x225.jpg\" alt=\"\" width=\"191\" height=\"143\" srcset=\"https:\/\/www.radiopiu.net\/wordpress\/wp-content\/uploads\/2020\/08\/CROCE-VERDE-VAL-BIOIS-300x225.jpg 300w, https:\/\/www.radiopiu.net\/wordpress\/wp-content\/uploads\/2020\/08\/CROCE-VERDE-VAL-BIOIS-1024x768.jpg 1024w, https:\/\/www.radiopiu.net\/wordpress\/wp-content\/uploads\/2020\/08\/CROCE-VERDE-VAL-BIOIS-768x576.jpg 768w, https:\/\/www.radiopiu.net\/wordpress\/wp-content\/uploads\/2020\/08\/CROCE-VERDE-VAL-BIOIS-1536x1153.jpg 1536w, https:\/\/www.radiopiu.net\/wordpress\/wp-content\/uploads\/2020\/08\/CROCE-VERDE-VAL-BIOIS.jpg 1599w\" sizes=\"auto, (max-width: 191px) 100vw, 191px\" \/><\/a><\/strong><\/p>\n<p><strong>La Croce Verde Val Biois, causa la carenza di volontari, ha emanato il calendario con i disservizi del mese di novembre.<\/strong><\/p>\n<p>Il calendario provvisorio: LUNEDI&#8217; 22 NOVEMBRE 2021 dalle ore 6:00 alle ore 20:00; LUNEDI&#8217; 29 NOVEMBRE 2021 DALLE ORE 6:00 ALLE ORE 20:00.<\/p>\n<p><strong>\u00a0 \u00a0<\/strong><\/p>\n<p>&nbsp;<\/p>\n<p>&nbsp;<\/p>\n<hr \/>\n<p>&nbsp;<\/p>\n<blockquote>\n<h3>CHIUSURA DELLA PROVINCIALE 3 DI VALLE IMPERINA<\/h3>\n<\/blockquote>\n<p><strong>GOSALDO<\/strong> PROVINCIALE 3 VALLE IMPERINA senso unico alternato.<\/p>\n<p><strong>VENEZIA<\/strong> La SS 51 a Fadalto, nel comune di Vittorio Veneto, sar\u00e0 riaperta anche in orario notturno, a partire da luned\u00ec.<\/p>\n<p>&nbsp;<\/p>\n<hr \/>\n<p>&nbsp;<\/p>\n<p><strong><a href=\"https:\/\/www.radiopiu.net\/wordpress\/?attachment_id=243807\" rel=\"attachment wp-att-243807\"><img loading=\"lazy\" decoding=\"async\" class=\"wp-image-243807 alignleft\" src=\"https:\/\/www.radiopiu.net\/wordpress\/wp-content\/uploads\/2021\/11\/th-22-300x150.jpg\" alt=\"\" width=\"170\" height=\"85\" srcset=\"https:\/\/www.radiopiu.net\/wordpress\/wp-content\/uploads\/2021\/11\/th-22-300x150.jpg 300w, https:\/\/www.radiopiu.net\/wordpress\/wp-content\/uploads\/2021\/11\/th-22.jpg 333w\" sizes=\"auto, (max-width: 170px) 100vw, 170px\" \/><\/a>ROCCA PIETORE<\/strong> Gestione Servizi Pubblici informa che, per lavori alla rete idrica comunale lunedi dalle\u00a0 8:30\u00a0 a fine lavori\u00a0 non verr\u00e0 garantita la normale erogazione dell\u2019acqua nelle localit\u00e0 Sottoguda, Pian, Palue, Col di Rocca, Sorar\u00f9, Pezze, Boscoverde, Capoluogo e Sas Negher.<\/p>\n<p>&nbsp;<\/p>\n<p>&nbsp;<\/p>\n<hr \/>\n<p>&nbsp;<\/p>\n<div class=\"page-title-head hgroup\">\n<blockquote>\n<h3 class=\"entry-title\">\u201cSUO FIGLIO HA AVUTO UN INCIDENTE, E\u2019 GRAVE\u201d SCATTA LA TRUFFA NEL FELTRINO<\/h3>\n<\/blockquote>\n<\/div>\n<div class=\"page-title-breadcrumbs\"><\/div>\n<div class=\"articlePlainSubHead\"><strong><img loading=\"lazy\" decoding=\"async\" class=\"alignleft\" src=\"https:\/\/www.radiopiu.net\/wordpress\/wp-content\/uploads\/2018\/03\/truffa-anziana-610x264.jpg\" width=\"335\" height=\"145\" \/>FELTRE<\/strong> Si sono finti carabinieri al telefono per truffare un&#8217;anziana, dicendole che il figlio aveva avuto un incidente, nel sinistro \u00e8 stato detto all&#8217;anziano che era rimasto ferito un bambino e lei avrebbe dovuto consegnare del denaro per fare in modo che lo portassero in ospedale. Il tentativo di truffa\u00a0 non \u00e8 andato a buon fine, la donna, un&#8217;ottantottenne che abita nella zona di Farra, ha vissuto un pomeriggio di angoscia. Il figlio ha utilizzato i social network per segnalare l&#8217;episodio e lanciare un appello a prestare attenzione. La donna pur nell&#8217;agitazione ha tenuto i nervi saldi, i malviventi\u00a0 non si sono presentati a prendere i soldi come avevano annunciato. Quando la donna ha chiamato a casa del figlio\u00a0 ha capito che era in effetti una truffa.<\/div>\n<div><\/div>\n<blockquote>\n<div class=\"articlePlainSubHead\">&#8220;<em>\u00c8 una truffa che c&#8217;\u00e8 in giro per l&#8217;Italia, ma non l&#8217;avevo mai sentita riferita alle nostre zone. Cercano l&#8217;anziano da chiamare e lo mettono in condizioni critiche di agitazione, coinvolgendo fantomatici ricoveri ospedalieri o incidenti dei familiari, come \u00e8 accaduto a mia madre, e chiedono dei soldi facendo finta di essere delle forze dell&#8217;ordine per permettere le cure o il ricovero. Lo fanno in maniera molto aggressiva, facendo sentire l&#8217;anziano in difetto se per caso non vuole dare i soldi. Le hanno chiesto prima 2 mila euro per potermi portare in ospedale, e visto che ha detto che non li aveva, hanno incalzato: allora quello che aveva in casa&#8221;.\u00a0<\/em><\/div>\n<\/blockquote>\n<div><\/div>\n<div>\n<hr \/>\n<\/div>\n<div><\/div>\n<blockquote>\n<h3>RUBANO 40 EURO DOPO AVER MESSO SOTTO SOPRA L&#8217;APPARTAMENTO<\/h3>\n<\/blockquote>\n<div><strong>SANTA GIUSTINA\u00a0<\/strong> Dal Mas a Santa Giustina, serata di furti tra giovedi e venerdi anche a Santa Giustina, bottino 40 euro, il denaro contenuto in un portafoglio. I ladri si sono introdotti nell&#8217;abitazione forzando una portafinestra, quindi una volta dentro casa hanno iniziato a cercare trovando il portafoglio, poi\u00a0 si sono allontanati. Consistente\u00a0 il danno alla portafinestra scassinata, comunque coperto dall&#8217;assicurazione. Sul posto sono intervenuti i carabinieri di Santa Giustina.<\/div>\n<div><\/div>\n<div><\/div>\n<div>\n<hr \/>\n<\/div>\n<blockquote>\n<h2>TANGENZIALE DI AGORDO, TRAPPOLA PER VOLPI<\/h2>\n<p><strong><a href=\"https:\/\/www.radiopiu.net\/wordpress\/giornale-radiopiu-20-novembre-2021-direttore-mirko-mezzacasa\/volpe-uccisa-cosina-2\/\" rel=\"attachment wp-att-243956\"><img loading=\"lazy\" decoding=\"async\" class=\"wp-image-243956 alignleft\" src=\"https:\/\/www.radiopiu.net\/wordpress\/wp-content\/uploads\/2021\/11\/volpe-uccisa-cosina-2-300x169.jpg\" alt=\"\" width=\"192\" height=\"108\" srcset=\"https:\/\/www.radiopiu.net\/wordpress\/wp-content\/uploads\/2021\/11\/volpe-uccisa-cosina-2-300x169.jpg 300w, https:\/\/www.radiopiu.net\/wordpress\/wp-content\/uploads\/2021\/11\/volpe-uccisa-cosina-2-768x432.jpg 768w, https:\/\/www.radiopiu.net\/wordpress\/wp-content\/uploads\/2021\/11\/volpe-uccisa-cosina-2.jpg 1000w\" sizes=\"auto, (max-width: 192px) 100vw, 192px\" \/><\/a>AGORDO<\/strong>\u00a0\u00a0Due volpi travolte e uccise lungo la tangenziale a Brugnach nei pressi della caserma dei vigili del fuoco,\u00a0 delle loro carcasse si occuperanno in giornata gli uomini della Polizia provinciale, dopo che ieri sera sono intervenuti i vigili del fuoco del vicino distaccamento, per rimuovere quello che era rimasto di loro dalla carreggiata e depositarlo a bordo strada. Gli investimenti tra le 18.30 e le 19. Sono stati altri automobilisti a chiamare per due volte il 115, nel giro di mezz&#8217;ora.<\/p><\/blockquote>\n<div><\/div>\n<div>\n<hr \/>\n<\/div>\n<div><\/div>\n<blockquote>\n<h3><strong>OGGI SUL CORRIERE DELLE ALPI<\/strong><br \/>\n<strong>DI GIGI SOSSO\u00a0<\/strong><\/h3>\n<h3>VENDITA SCHIANTI DI VAIA, INCHIESTA ARCHIVIATA<\/h3>\n<\/blockquote>\n<div><strong>ALLEGHE<\/strong> Archiviata l&#8217;inchiesta che vede indagate sei persone, tra amministratori del Comune di Alleghe e dirigenti di Veneto Strade per le ipotesi di reato di appropriazione indebita, danneggiamento aggravato, invasione di terreni ed esercizio arbitrario delle proprie ragioni con violenza sulle cose.\u00a0 Il sindaco Danilo De Toni, avrebbe semplicemente fatto quello che prevedeva il contratto firmato con l&#8217;azienda, che aveva vinto il bando per il taglio degli schianti. I difensori Vassallo, Sommacal e Coletti contavano sul fatto che nel bando e nel successivo contratto c&#8217;\u00e8 il via libera alla vendita del legname tagliato, ecco perch\u00e9 il pubblico ministero per primo aveva chiesto l&#8217;archiviazione del fascicolo.<\/div>\n<div><\/div>\n<div><\/div>\n<hr \/>\n<blockquote>\n<h3><\/h3>\n<h3>SETTORE DEI TRASPORTI STRATEGICO PER LA RIPARTENZA POST-COVID<\/h3>\n<\/blockquote>\n<p><strong><a href=\"https:\/\/www.radiopiu.net\/wordpress\/giornale-radiopiu-18-ottobre-2021-direttore-mirko-mezzacasa\/9396bbfc-2818-4225-b55d-9a56c39206f1\/\" rel=\"attachment wp-att-237486\"><img loading=\"lazy\" decoding=\"async\" class=\" wp-image-237486 alignleft\" src=\"https:\/\/www.radiopiu.net\/wordpress\/wp-content\/uploads\/2021\/10\/9396bbfc-2818-4225-b55d-9a56c39206f1-300x169.jpg\" alt=\"\" width=\"252\" height=\"142\" srcset=\"https:\/\/www.radiopiu.net\/wordpress\/wp-content\/uploads\/2021\/10\/9396bbfc-2818-4225-b55d-9a56c39206f1-300x169.jpg 300w, https:\/\/www.radiopiu.net\/wordpress\/wp-content\/uploads\/2021\/10\/9396bbfc-2818-4225-b55d-9a56c39206f1-1024x576.jpg 1024w, https:\/\/www.radiopiu.net\/wordpress\/wp-content\/uploads\/2021\/10\/9396bbfc-2818-4225-b55d-9a56c39206f1-768x432.jpg 768w, https:\/\/www.radiopiu.net\/wordpress\/wp-content\/uploads\/2021\/10\/9396bbfc-2818-4225-b55d-9a56c39206f1-1536x864.jpg 1536w, https:\/\/www.radiopiu.net\/wordpress\/wp-content\/uploads\/2021\/10\/9396bbfc-2818-4225-b55d-9a56c39206f1.jpg 1599w\" sizes=\"auto, (max-width: 252px) 100vw, 252px\" \/><\/a>BELLUNO<\/strong> <em>\u201cL\u2019economia riparte davvero solo se i trasporti e la logistica saranno messi nelle condizioni di operare al massimo; sono settori che hanno bisogno immediato di nuove risorse&#8221;. <\/em>\u00c8\u00a0 l&#8217;appello di Giorgio Cugini, imprenditore del settore e presidente della Sezione Trasporti di Confindustria Belluno Dolomiti. <em>&#8220;La mancanza di manodopera \u00e8 un problema diffuso ma colpisce alcuni comparti pi\u00f9 di altri, come quello dei trasporti. Da parte nostra, stiamo promuovendo tutte le azioni possibili per invertire la tendenza e dire che si tratta di un\u2019opportunit\u00e0 concreta di crescita, sia umana che professionale\u201d. <\/em>L\u2019Associazione degli industriali sta supportando una serie di iniziative in materia di formazione e di sicurezza sul lavoro; da ultimo si sta preparando a fornire supporto a tutti quei soggetti interessati all\u2019ottenimento del bonus da mille euro introdotto recentemente dal Governo a favore di soggetti under 35 o percettori di ammortizzatori sociali, per contribuire al conseguimento della patente o del Cqc.\u00a0Per informazioni contattare la Segreteria della Sezione Industrie dei Trasporti di Confindustria Belluno Dolomiti al numero 0437951111.<\/p>\n<p>&nbsp;<\/p>\n<blockquote>\n<h3>IERI ALLA RADIO, LA CHIAREZZA DEI SINDACATI<\/h3>\n<\/blockquote>\n<blockquote class=\"wp-embedded-content\" data-secret=\"El3CY9z1CO\"><p><a href=\"https:\/\/www.radiopiu.net\/wordpress\/trasporti-e-pandemia-quando-il-servizio-non-e-piu-il-fiore-allocchiello-serve-chiarezza\/\">TRASPORTI E PANDEMIA, QUANDO IL SERVIZIO NON E&#8217; PIU&#8217; IL FIORE ALL&#8217;OCCHIELLO SERVE CHIAREZZA<\/a><\/p><\/blockquote>\n<p><iframe loading=\"lazy\" class=\"wp-embedded-content\" sandbox=\"allow-scripts\" security=\"restricted\" style=\"position: absolute; clip: rect(1px, 1px, 1px, 1px);\" title=\"&#8220;TRASPORTI E PANDEMIA, QUANDO IL SERVIZIO NON E&#8217; PIU&#8217; IL FIORE ALL&#8217;OCCHIELLO SERVE CHIAREZZA&#8221; &#8212; Radio Pi\u00f9\" src=\"https:\/\/www.radiopiu.net\/wordpress\/trasporti-e-pandemia-quando-il-servizio-non-e-piu-il-fiore-allocchiello-serve-chiarezza\/embed\/#?secret=El3CY9z1CO\" data-secret=\"El3CY9z1CO\" width=\"600\" height=\"338\" frameborder=\"0\" marginwidth=\"0\" marginheight=\"0\" scrolling=\"no\"><\/iframe><\/p>\n<p>&nbsp;<\/p>\n<p>&nbsp;<\/p>\n<hr \/>\n<p>&nbsp;<\/p>\n<blockquote>\n<h3>DILLO A RADIO PIU&#8230; &#8220;DOPO TRE ANNI LA STRADA E&#8217; ANCORA CHIUSA, ANCHE IN CASO DI EMERGENZA&#8221;<\/h3>\n<\/blockquote>\n<p><strong>SAN TOMASO <\/strong>Riceviamo e volentieri pubblichiamo una nota inviataci da Avoscan di San Tomaso con la richiesta a chi di competenza di riaprire la strada tra Cencenighe ed Avoscan di San Tomaso<\/p>\n<blockquote><p><em>A noi abitanti di Avoscan sarebbe piaciuto sentire una notizia, che il Comune investisse \u00a0parte dei 50 mila euro annuali,\u00a0 proventi della centralina idroelettrica di Sot Colar\u00f9, nella sistemazione della &#8220;vecchia&#8221; strada gi\u00e0 inserita prima dell&#8217;uragano Vaia anche nel progetto della ciclabile per l&#8217;Alto Agordino. Un &#8220;polmone&#8221; per passeggiate lontano dal traffico, di grande utilit\u00e0 per i residenti e le frazioni del Comune, ma anche necessaria in caso di\u00a0\u00a0 emergenza con possibili chiusura della regionale 203 agordina tra Cencenighe e Vare per frane, caduta sassi o gravi incidenti stradali quando l&#8217;Agordino rischia di rimanere &#8211; come gi\u00e0 successo &#8211; isolato per ore. Il primo tratto di strada totalmente crollato, era\u00a0 stato riaperto pochi giorni da Vaia,\u00a0 il secondo nel giugno di un anno dopo. Dopo tre anni non vediamo l&#8217;ora venga ripristinato anche l&#8217;ultimo tratto crollato ridando dignit\u00e0 alla strada Cencenighe-Avoscan di San Tomaso<\/em><\/p>\n<p>Rosanna.<\/p><\/blockquote>\n<p><strong>FOTO\u00a0<\/strong><\/p>\n\n\t\t\t<style type='text\/css'>\n\t\t\t\t#gallery-2 {\n\t\t\t\t\tmargin: auto;\n\t\t\t\t}\n\t\t\t\t#gallery-2 .gallery-item {\n\t\t\t\t\tfloat: left;\n\t\t\t\t\tmargin-top: 10px;\n\t\t\t\t\ttext-align: center;\n\t\t\t\t\twidth: 33%;\n\t\t\t\t}\n\t\t\t\t#gallery-2 img {\n\t\t\t\t\tborder: 2px solid #cfcfcf;\n\t\t\t\t}\n\t\t\t\t#gallery-2 .gallery-caption {\n\t\t\t\t\tmargin-left: 0;\n\t\t\t\t}\n\t\t\t\t\/* see gallery_shortcode() in wp-includes\/media.php *\/\n\t\t\t<\/style>\n\t\t<div id='gallery-2' class='dt-gallery-container gallery galleryid-243729 gallery-columns-3 gallery-size-thumbnail'><dl class='gallery-item'>\n\t\t\t\t<dt class='gallery-icon landscape'>\n\t\t\t\t\t<a class=\"rollover rollover-zoom dt-pswp-item\" title=\"07435d40-8bbf-4bde-8f4d-0eaed99c2451\" data-dt-img-description=\"\" data-large_image_width=\"1920\" data-large_image_height=\"1080\"href='https:\/\/www.radiopiu.net\/wordpress\/wp-content\/uploads\/2021\/11\/07435d40-8bbf-4bde-8f4d-0eaed99c2451.jpg'><img loading=\"lazy\" decoding=\"async\" width=\"150\" height=\"150\" src=\"https:\/\/www.radiopiu.net\/wordpress\/wp-content\/uploads\/2021\/11\/07435d40-8bbf-4bde-8f4d-0eaed99c2451-150x150.jpg\" class=\"attachment-thumbnail size-thumbnail\" alt=\"\" aria-describedby=\"gallery-2-243788\" \/><\/a>\n\t\t\t\t<\/dt>\n\t\t\t\t\t<dd class='wp-caption-text gallery-caption' id='gallery-2-243788'>\n\t\t\t\t\tSITUAZIONE ATTUALE\n\t\t\t\t\t<\/dd><\/dl><dl class='gallery-item'>\n\t\t\t\t<dt class='gallery-icon landscape'>\n\t\t\t\t\t<a class=\"rollover rollover-zoom dt-pswp-item\" title=\"12749765-f5b2-42b1-8b2f-b97c3f5a8ea0\" data-dt-img-description=\"\" data-large_image_width=\"1920\" data-large_image_height=\"1080\"href='https:\/\/www.radiopiu.net\/wordpress\/wp-content\/uploads\/2021\/11\/12749765-f5b2-42b1-8b2f-b97c3f5a8ea0.jpg'><img loading=\"lazy\" decoding=\"async\" width=\"150\" height=\"150\" src=\"https:\/\/www.radiopiu.net\/wordpress\/wp-content\/uploads\/2021\/11\/12749765-f5b2-42b1-8b2f-b97c3f5a8ea0-150x150.jpg\" class=\"attachment-thumbnail size-thumbnail\" alt=\"\" aria-describedby=\"gallery-2-243784\" \/><\/a>\n\t\t\t\t<\/dt>\n\t\t\t\t\t<dd class='wp-caption-text gallery-caption' id='gallery-2-243784'>\n\t\t\t\t\tSITUAZIONE ATTUALE\n\t\t\t\t\t<\/dd><\/dl><dl class='gallery-item'>\n\t\t\t\t<dt class='gallery-icon landscape'>\n\t\t\t\t\t<a class=\"rollover rollover-zoom dt-pswp-item\" title=\"9358779c-7060-4cbc-9fc4-70477eb12c18\" data-dt-img-description=\"\" data-large_image_width=\"1920\" data-large_image_height=\"1080\"href='https:\/\/www.radiopiu.net\/wordpress\/wp-content\/uploads\/2021\/11\/9358779c-7060-4cbc-9fc4-70477eb12c18.jpg'><img loading=\"lazy\" decoding=\"async\" width=\"150\" height=\"150\" src=\"https:\/\/www.radiopiu.net\/wordpress\/wp-content\/uploads\/2021\/11\/9358779c-7060-4cbc-9fc4-70477eb12c18-150x150.jpg\" class=\"attachment-thumbnail size-thumbnail\" alt=\"\" aria-describedby=\"gallery-2-243786\" \/><\/a>\n\t\t\t\t<\/dt>\n\t\t\t\t\t<dd class='wp-caption-text gallery-caption' id='gallery-2-243786'>\n\t\t\t\t\tSITUAZIONE ATTUALE\n\t\t\t\t\t<\/dd><\/dl><br style=\"clear: both\" \/><dl class='gallery-item'>\n\t\t\t\t<dt class='gallery-icon landscape'>\n\t\t\t\t\t<a class=\"rollover rollover-zoom dt-pswp-item\" title=\"d0323b75-8c9f-4adc-aac7-0bfb2d9234ae\" data-dt-img-description=\"\" data-large_image_width=\"1920\" data-large_image_height=\"1080\"href='https:\/\/www.radiopiu.net\/wordpress\/wp-content\/uploads\/2021\/11\/d0323b75-8c9f-4adc-aac7-0bfb2d9234ae.jpg'><img loading=\"lazy\" decoding=\"async\" width=\"150\" height=\"150\" src=\"https:\/\/www.radiopiu.net\/wordpress\/wp-content\/uploads\/2021\/11\/d0323b75-8c9f-4adc-aac7-0bfb2d9234ae-150x150.jpg\" class=\"attachment-thumbnail size-thumbnail\" alt=\"\" aria-describedby=\"gallery-2-243787\" \/><\/a>\n\t\t\t\t<\/dt>\n\t\t\t\t\t<dd class='wp-caption-text gallery-caption' id='gallery-2-243787'>\n\t\t\t\t\tSITUAZIONE ATTUALE\n\t\t\t\t\t<\/dd><\/dl><dl class='gallery-item'>\n\t\t\t\t<dt class='gallery-icon portrait'>\n\t\t\t\t\t<a class=\"rollover rollover-zoom dt-pswp-item\" title=\"33018a60-baf9-483a-93e2-14446cc6af22\" data-dt-img-description=\"\" data-large_image_width=\"1080\" data-large_image_height=\"1920\"href='https:\/\/www.radiopiu.net\/wordpress\/wp-content\/uploads\/2021\/11\/33018a60-baf9-483a-93e2-14446cc6af22.jpg'><img loading=\"lazy\" decoding=\"async\" width=\"150\" height=\"150\" src=\"https:\/\/www.radiopiu.net\/wordpress\/wp-content\/uploads\/2021\/11\/33018a60-baf9-483a-93e2-14446cc6af22-150x150.jpg\" class=\"attachment-thumbnail size-thumbnail\" alt=\"\" aria-describedby=\"gallery-2-243789\" \/><\/a>\n\t\t\t\t<\/dt>\n\t\t\t\t\t<dd class='wp-caption-text gallery-caption' id='gallery-2-243789'>\n\t\t\t\t\tVERSO LA REGIONALE 203 AGORDINA\n\t\t\t\t\t<\/dd><\/dl><dl class='gallery-item'>\n\t\t\t\t<dt class='gallery-icon portrait'>\n\t\t\t\t\t<a class=\"rollover rollover-zoom dt-pswp-item\" title=\"d13e433d-75f5-49ec-94f6-119949167dc7\" data-dt-img-description=\"\" data-large_image_width=\"1080\" data-large_image_height=\"1920\"href='https:\/\/www.radiopiu.net\/wordpress\/wp-content\/uploads\/2021\/11\/d13e433d-75f5-49ec-94f6-119949167dc7.jpg'><img loading=\"lazy\" decoding=\"async\" width=\"150\" height=\"150\" src=\"https:\/\/www.radiopiu.net\/wordpress\/wp-content\/uploads\/2021\/11\/d13e433d-75f5-49ec-94f6-119949167dc7-150x150.jpg\" class=\"attachment-thumbnail size-thumbnail\" alt=\"\" aria-describedby=\"gallery-2-243790\" \/><\/a>\n\t\t\t\t<\/dt>\n\t\t\t\t\t<dd class='wp-caption-text gallery-caption' id='gallery-2-243790'>\n\t\t\t\t\tTRATTO RIPRISTINATO NEL 2019\n\t\t\t\t\t<\/dd><\/dl><br style=\"clear: both\" \/>\n\t\t\t<\/div>\n\n<p>&nbsp;<\/p>\n<p>&nbsp;<\/p>\n<blockquote>\n<h2>CARA ROSANNA&#8230;&#8221;Abbiamo fatto quello che potevamo anche a fondo valle, l&#8217;alternativa alla 203 \u00e8 la provinciale 8&#8243;<\/h2>\n<\/blockquote>\n<p><strong><a href=\"https:\/\/www.radiopiu.net\/wordpress\/elezioni-comunali-2019-san-tomaso-agordino\/san-tomaso-moreno-de-val\/\" rel=\"attachment wp-att-86478\"><img loading=\"lazy\" decoding=\"async\" class=\"wp-image-86478 alignleft\" src=\"https:\/\/www.radiopiu.net\/wordpress\/wp-content\/uploads\/2019\/05\/SAN-TOMASO-MORENO-DE-VAL-300x300.jpeg\" alt=\"\" width=\"158\" height=\"158\" srcset=\"https:\/\/www.radiopiu.net\/wordpress\/wp-content\/uploads\/2019\/05\/SAN-TOMASO-MORENO-DE-VAL-300x300.jpeg 300w, https:\/\/www.radiopiu.net\/wordpress\/wp-content\/uploads\/2019\/05\/SAN-TOMASO-MORENO-DE-VAL-150x150.jpeg 150w, https:\/\/www.radiopiu.net\/wordpress\/wp-content\/uploads\/2019\/05\/SAN-TOMASO-MORENO-DE-VAL.jpeg 320w\" sizes=\"auto, (max-width: 158px) 100vw, 158px\" \/><\/a><\/strong><\/p>\n<p>&nbsp;<\/p>\n<p><strong>SAN TOMASO<\/strong> Il sindaco Moreno De Val risponde alle domande di Rosanna inviate stamane in redazione. Il tema la vecchia 203 agordina tra Cencenighe e Avoscan di San Tomaso &#8211; Sot Colaru&#8217;<\/p>\n<p>&nbsp;<\/p>\n<p>&nbsp;<\/p>\n<audio class=\"wp-audio-shortcode\" id=\"audio-243729-1\" preload=\"none\" style=\"width: 100%;\" controls=\"controls\"><source type=\"audio\/mpeg\" src=\"https:\/\/www.radiopiu.net\/wordpress\/wp-content\/uploads\/2021\/11\/mpreno-2.mp3?_=1\" \/><a href=\"https:\/\/www.radiopiu.net\/wordpress\/wp-content\/uploads\/2021\/11\/mpreno-2.mp3\">https:\/\/www.radiopiu.net\/wordpress\/wp-content\/uploads\/2021\/11\/mpreno-2.mp3<\/a><\/audio>\n<p>&nbsp;<\/p>\n<p>&nbsp;<\/p>\n<hr \/>\n<p>&nbsp;<\/p>\n<p>&nbsp;<\/p>\n<blockquote>\n<h3>MINORANZE LADINE, DORIGO RICEVUTO DAL MINISTRO D&#8217;INCA&#8217; &#8220;CONFRONTO SU POSSIBILI SOLUZIONI PER UNA MAGGIORE ATTENZIONE&#8221;<\/h3>\n<\/blockquote>\n<p><strong><a href=\"https:\/\/www.radiopiu.net\/wordpress\/minoranze-ladine-dorigo-ricevuto-dal-ministro-dinca-confronto-su-possibili-soluzioni-per-una-maggiore-attenzione\/incontro-dorigo-ministro\/\" rel=\"attachment wp-att-243859\"><img loading=\"lazy\" decoding=\"async\" class=\"size-medium wp-image-243859 alignleft\" src=\"https:\/\/www.radiopiu.net\/wordpress\/wp-content\/uploads\/2021\/11\/incontro-Dorigo-Ministro-300x225.jpeg\" alt=\"\" width=\"300\" height=\"225\" srcset=\"https:\/\/www.radiopiu.net\/wordpress\/wp-content\/uploads\/2021\/11\/incontro-Dorigo-Ministro-300x225.jpeg 300w, https:\/\/www.radiopiu.net\/wordpress\/wp-content\/uploads\/2021\/11\/incontro-Dorigo-Ministro-1024x768.jpeg 1024w, https:\/\/www.radiopiu.net\/wordpress\/wp-content\/uploads\/2021\/11\/incontro-Dorigo-Ministro-768x576.jpeg 768w, https:\/\/www.radiopiu.net\/wordpress\/wp-content\/uploads\/2021\/11\/incontro-Dorigo-Ministro.jpeg 1280w\" sizes=\"auto, (max-width: 300px) 100vw, 300px\" \/><\/a>ROMA <\/strong>Il Ministro D\u2019Inc\u00e0 ha incontrato ufficialmente Denni Dorigo, direttore dell\u2019 \u2018Istitut Cultural Ladin Cesa de Jan\u2019, ente di riferimento delle comunit\u00e0 ladine storiche di Cortina d\u2019Ampezzo, Colle Santa Lucia e Livinallongo del Col di Lana. Dorigo ha avuto l\u2019opportunit\u00e0 di esporre al Ministro le principali criticit\u00e0 che riguardano la tutela della minoranza ladina nella Provincia di Belluno e confrontarsi su alcune possibili soluzioni, anche legislative, che permettano a queste comunit\u00e0 di conservare le proprie peculiarit\u00e0 storiche, linguistiche ed identitarie. Molti sono stati i temi affrontati: dalla possibilit\u00e0 di dichiararsi ladini nel censimento nazionale alla carta d\u2019identit\u00e0 in lingua ladina, passando per gli ostacoli che dopo vent\u2019anni non permettono una piena applicazione della Legge Nazionale 482\/1999: in primis i problemi legati all\u2019insegnamento della lingua ladina nelle scuole, aspetto di fondamentale importanza per la conservazione della lingua. Il Ministro D\u2019Inc\u00e0 ha assicurato la propria disponibilit\u00e0 a sostenere i ladini nella loro richiesta di ottenere maggior tutela e attenzione, al fine di avvicinarsi il pi\u00f9 possibile al grado di tutela di cui godono le altre valli ladine (Fassa, Badia e Gardena) e con cui da sempre queste tre comunit\u00e0 bellunesi collaborano fattivamente, sentendosi storicamente e culturalmente appartenenti alla stessa famiglia. <em>&#8220;\u00c8 mia intenzione, da Ministro con la delega per le Riforme, lavorare affinch\u00e9 le minoranze ladine presenti nel bellunese possano avvicinarsi al grado di tutela riconosciuto ai ladini delle province autonome di Trento e di Bolzano. Per questo motivo ritengo estremamente utile continuare a relazionarmi con l\u2019Istituto e, allo stesso tempo, favorire ulteriori incontri istituzionali<\/em>\u201d. Per Denni Dorigo l\u2019incontro con il Ministro Federico D\u2019Inc\u00e0 \u00e8 stato il pi\u00f9 rilevante fra i diversi incontri istituzionali\u00a0 programmati durante la recente visita a Roma in occasione del V\u00b0 monitoraggio sulla protezione delle minoranze linguistiche da parte del Comitato degli Esperti del Consiglio d\u2019Europa.<em> &#8220;Ringrazio il Ministro per l\u2019attenzione &#8211; dice il direttore dell&#8217;Istitut Cultural Ladin Cesa de Jan &#8211;\u00a0 soprattutto la disponibilit\u00e0 a sostenerci in questo lungo e difficile percorso volto a tutelare e sostenere la nostra gente, la nostra terra, la nostra lingua e la nostra identit\u00e0. Da parte mia l\u2019impegno di concordare con la Consulta Ladina (organismo formato dalle tre Amministrazioni Comunali e dalle tre Unioni Ladine) le azioni future. Il Ministro mi ha espresso, infine, il desiderio di visitare il nostro Istituto per conoscere ancor pi\u00f9 da vicino la nostra realt\u00e0 e la nostra attivit\u00e0: lo aspettiamo in terra ladina\u201d<\/em>.<\/p>\n<p>&nbsp;<\/p>\n<p>&nbsp;<\/p>\n<hr \/>\n<p>&nbsp;<\/p>\n<blockquote>\n<h3>GRAZIE PER IL VOSTRO AMORE NEI CONFRONTI DI MIO MARITO<br \/>\n<a href=\"https:\/\/www.radiopiu.net\/wordpress\/giornale-radiopiu-20-novembre-2021-direttore-mirko-mezzacasa\/cappellaro-300x217\/\" rel=\"attachment wp-att-243959\"><img loading=\"lazy\" decoding=\"async\" class=\"size-full wp-image-243959 alignleft\" src=\"https:\/\/www.radiopiu.net\/wordpress\/wp-content\/uploads\/2021\/11\/cappellaro-300x217-1.png\" alt=\"\" width=\"300\" height=\"217\" \/><\/a><\/h3>\n<\/blockquote>\n<p><strong>PEDAVENA<\/strong> Ad una settimana dalla morte di Gian Domenico Cappellaro, l&#8217;imprenditore pedavenese patron della Serbosco di Fonzaso spentosi a 77 anni, la moglie Carmen Perotto esprime la sua gratitudine. &#8220;Vogliamo ringraziare di cuore chi ci \u00e8 stato vicino, \u00e8 stata una partecipazione grandissima, ci ha molto commosso. Un affetto che aiutato la famiglia ad affrontare i giorni difficili della perdita di &#8220;Vanni&#8221; ed affrontare il compito di mandare avanti l&#8217;azienda con i suoi 14 dipendenti.<\/p>\n<p>&nbsp;<\/p>\n<p>&nbsp;<\/p>\n<p>&nbsp;<\/p>\n<p>&nbsp;<\/p>\n<p>&nbsp;<\/p>\n<hr \/>\n<p>&nbsp;<\/p>\n<blockquote>\n<h3>MANCANO GLI INFERMIERI E IL CONSIGLIO COMUNALE DI FELTRE ASSEGNA 6 BORSE DI STUDIO<\/h3>\n<\/blockquote>\n<p><strong><a href=\"https:\/\/www.radiopiu.net\/wordpress\/mancano-gli-infermieri-e-il-consiglio-comunale-di-feltre-assegna-6-borse-di-studio\/34e4a798-2e4d-42dc-9a69-9f9ce5e11679\/\" rel=\"attachment wp-att-243909\"><img loading=\"lazy\" decoding=\"async\" class=\"size-medium wp-image-243909 alignleft\" src=\"https:\/\/www.radiopiu.net\/wordpress\/wp-content\/uploads\/2021\/11\/34e4a798-2e4d-42dc-9a69-9f9ce5e11679-300x124.jpg\" alt=\"\" width=\"300\" height=\"124\" srcset=\"https:\/\/www.radiopiu.net\/wordpress\/wp-content\/uploads\/2021\/11\/34e4a798-2e4d-42dc-9a69-9f9ce5e11679-300x124.jpg 300w, https:\/\/www.radiopiu.net\/wordpress\/wp-content\/uploads\/2021\/11\/34e4a798-2e4d-42dc-9a69-9f9ce5e11679-1024x422.jpg 1024w, https:\/\/www.radiopiu.net\/wordpress\/wp-content\/uploads\/2021\/11\/34e4a798-2e4d-42dc-9a69-9f9ce5e11679-768x317.jpg 768w, https:\/\/www.radiopiu.net\/wordpress\/wp-content\/uploads\/2021\/11\/34e4a798-2e4d-42dc-9a69-9f9ce5e11679.jpg 1338w\" sizes=\"auto, (max-width: 300px) 100vw, 300px\" \/><\/a>FELTRE<\/strong><\/p>\n<p>di Moreno Gioli<\/p>\n<audio class=\"wp-audio-shortcode\" id=\"audio-243729-2\" preload=\"none\" style=\"width: 100%;\" controls=\"controls\"><source type=\"audio\/mpeg\" src=\"https:\/\/www.radiopiu.net\/wordpress\/wp-content\/uploads\/2021\/11\/GIOLI-INFERMIERI.mp3?_=2\" \/><a href=\"https:\/\/www.radiopiu.net\/wordpress\/wp-content\/uploads\/2021\/11\/GIOLI-INFERMIERI.mp3\">https:\/\/www.radiopiu.net\/wordpress\/wp-content\/uploads\/2021\/11\/GIOLI-INFERMIERI.mp3<\/a><\/audio>\n<p>&nbsp;<\/p>\n<p><strong>MANUEL SACCHET, PRESIDENTE DEL CONSIGLIO COMUNALE DI FELTRE<\/strong><\/p>\n<audio class=\"wp-audio-shortcode\" id=\"audio-243729-3\" preload=\"none\" style=\"width: 100%;\" controls=\"controls\"><source type=\"audio\/mpeg\" src=\"https:\/\/www.radiopiu.net\/wordpress\/wp-content\/uploads\/2021\/11\/SACCHET-1.mp3?_=3\" \/><a href=\"https:\/\/www.radiopiu.net\/wordpress\/wp-content\/uploads\/2021\/11\/SACCHET-1.mp3\">https:\/\/www.radiopiu.net\/wordpress\/wp-content\/uploads\/2021\/11\/SACCHET-1.mp3<\/a><\/audio>\n<p>&nbsp;<\/p>\n<p><strong>MARCO DAL PONT, RESPONSABILE DEI CORSI UNIVERSITARI ULSS<\/strong><\/p>\n<audio class=\"wp-audio-shortcode\" id=\"audio-243729-4\" preload=\"none\" style=\"width: 100%;\" controls=\"controls\"><source type=\"audio\/mpeg\" src=\"https:\/\/www.radiopiu.net\/wordpress\/wp-content\/uploads\/2021\/11\/DAL-PONT.mp3?_=4\" \/><a href=\"https:\/\/www.radiopiu.net\/wordpress\/wp-content\/uploads\/2021\/11\/DAL-PONT.mp3\">https:\/\/www.radiopiu.net\/wordpress\/wp-content\/uploads\/2021\/11\/DAL-PONT.mp3<\/a><\/audio>\n<p>&nbsp;<\/p>\n<p><strong>MARGHERITA ROSATO, PRESIDENTE AZIENDA SPECIALE FELTRINA<\/strong><\/p>\n<audio class=\"wp-audio-shortcode\" id=\"audio-243729-5\" preload=\"none\" style=\"width: 100%;\" controls=\"controls\"><source type=\"audio\/mpeg\" src=\"https:\/\/www.radiopiu.net\/wordpress\/wp-content\/uploads\/2021\/11\/ROSATO.mp3?_=5\" \/><a href=\"https:\/\/www.radiopiu.net\/wordpress\/wp-content\/uploads\/2021\/11\/ROSATO.mp3\">https:\/\/www.radiopiu.net\/wordpress\/wp-content\/uploads\/2021\/11\/ROSATO.mp3<\/a><\/audio>\n<p>&nbsp;<\/p>\n<p>&nbsp;<\/p>\n<hr \/>\n<p>&nbsp;<\/p>\n<blockquote>\n<h2>FORBES.IT: Leonardo Del Vecchio supera Giovanni Ferrero, ora \u00e8 la persona pi\u00f9 ricca d\u2019Italia<\/h2>\n<\/blockquote>\n<p>&nbsp;<\/p>\n<p><strong><a href=\"https:\/\/www.radiopiu.net\/wordpress\/forbes-it-leonardo-del-vecchio-supera-giovanni-ferrero-ora-e-la-persona-piu-ricca-ditalia\/imagoeconomica_50420-1200x801\/\" rel=\"attachment wp-att-243936\"><img loading=\"lazy\" decoding=\"async\" class=\"size-medium wp-image-243936 alignleft\" src=\"https:\/\/www.radiopiu.net\/wordpress\/wp-content\/uploads\/2021\/11\/Imagoeconomica_50420-1200x801-1-300x200.jpg\" alt=\"\" width=\"300\" height=\"200\" srcset=\"https:\/\/www.radiopiu.net\/wordpress\/wp-content\/uploads\/2021\/11\/Imagoeconomica_50420-1200x801-1-300x200.jpg 300w, https:\/\/www.radiopiu.net\/wordpress\/wp-content\/uploads\/2021\/11\/Imagoeconomica_50420-1200x801-1-1024x684.jpg 1024w, https:\/\/www.radiopiu.net\/wordpress\/wp-content\/uploads\/2021\/11\/Imagoeconomica_50420-1200x801-1-768x513.jpg 768w, https:\/\/www.radiopiu.net\/wordpress\/wp-content\/uploads\/2021\/11\/Imagoeconomica_50420-1200x801-1.jpg 1200w\" sizes=\"auto, (max-width: 300px) 100vw, 300px\" \/><\/a>Leonardo Del Vecchio<\/strong>\u00a0\u00e8 di nuovo la persona pi\u00f9 ricca d\u2019Italia. Il suo patrimonio \u00e8 ora di 35 miliardi di dollari: 1,6 miliardi in pi\u00f9 rispetto a quello di\u00a0<strong>Giovanni Ferrero<\/strong>, a quota 33,4 (i dati sono aggiornati alle 11.30 di venerd\u00ec 19 novembre 2021). Secondo la classifica in tempo reale\u00a0<a href=\"https:\/\/www.forbes.com\/real-time-billionaires\/#586bf0b83d78\" target=\"_blank\" rel=\"noopener\">Forbes Real Time Billionaires<\/a>, Del Vecchio ha guadagnato pi\u00f9 di 650 milioni di dollari tra il 18 e il 19 novembre.<\/p>\n<p>Ad aprile, quando\u00a0<em>Forbes<\/em>\u00a0<a href=\"https:\/\/forbes.it\/2021\/04\/06\/del-vecchio-il-piu-ricco-john-elkann-tra-le-new-entry-chi-sono-i-46-miliardari-ditalia-nella-classifica-billionaires-2021\/\" target=\"_blank\" rel=\"noopener\">ha pubblicato<\/a>\u00a0la classifica annuale dei pi\u00f9 ricchi al mondo, Ferrero era in testa con 35,1 miliardi. Del Vecchio, che era a 25,8, ha dunque colmato un divario di quasi dieci miliardi in poco pi\u00f9 di sette mesi.<\/p>\n<p>&nbsp;<\/p>\n<p>L&#8217;ARTICOLO COMPLETO SU FORBES.IT <span style=\"color: #0000ff;\"><strong><a style=\"color: #0000ff;\" href=\"https:\/\/forbes.it\/2021\/11\/19\/leonardo-del-vecchio-supera-giovanni-ferrero-ricco-italia\/?utm_campaign=forbes-20211119&amp;utm_medium=email&amp;utm_source=newsletter\">CLICCA QUI<\/a><\/strong><\/span><\/p>\n<p>&nbsp;<\/p>\n<p>&nbsp;<\/p>\n<hr \/>\n<p>&nbsp;<\/p>\n<blockquote>\n<h3>UNA MANO A CHI HA DATO UNA MANO, CONTRIBUTI ALLE ASSOCIAZIONI<\/h3>\n<\/blockquote>\n<p>&nbsp;<\/p>\n<h3><a href=\"https:\/\/www.radiopiu.net\/wordpress\/giornale-radiopiu-20-novembre-2021-direttore-mirko-mezzacasa\/gianluca-dal-borgo-2\/\" rel=\"attachment wp-att-243942\"><img loading=\"lazy\" decoding=\"async\" class=\"wp-image-243942 alignleft\" src=\"https:\/\/www.radiopiu.net\/wordpress\/wp-content\/uploads\/2021\/11\/gianluca-dal-borgo.jpg\" alt=\"\" width=\"130\" height=\"157\" \/><\/a><\/h3>\n<p><strong>CHIES D&#8217;ALPAGO<\/strong><\/p>\n<p><strong>di DAMIANO TORMEN<\/strong><\/p>\n<audio class=\"wp-audio-shortcode\" id=\"audio-243729-6\" preload=\"none\" style=\"width: 100%;\" controls=\"controls\"><source type=\"audio\/mpeg\" src=\"https:\/\/www.radiopiu.net\/wordpress\/wp-content\/uploads\/2021\/11\/damiano-6.mp3?_=6\" \/><a href=\"https:\/\/www.radiopiu.net\/wordpress\/wp-content\/uploads\/2021\/11\/damiano-6.mp3\">https:\/\/www.radiopiu.net\/wordpress\/wp-content\/uploads\/2021\/11\/damiano-6.mp3<\/a><\/audio>\n<p>&nbsp;<\/p>\n<p>&nbsp;<\/p>\n<hr \/>\n<p>&nbsp;<\/p>\n<p>&nbsp;<\/p>\n<blockquote>\n<h3>CINQUE NUOVI AUTISTI TRA I VOLONTARI DEI VIGILI DEL FUOCO<\/h3>\n<\/blockquote>\n<p>&nbsp;<\/p>\n<div class=\"oo9gr5id ii04i59q\" dir=\"auto\" role=\"none\"><a href=\"https:\/\/www.radiopiu.net\/wordpress\/cinque-nuovi-autisti-tra-i-volontari-dei-vigili-del-fuoco\/257873679_371444921393995_6766504414660639722_n\/\" rel=\"attachment wp-att-243947\"><img loading=\"lazy\" decoding=\"async\" class=\"size-full wp-image-243947 alignleft\" src=\"https:\/\/www.radiopiu.net\/wordpress\/wp-content\/uploads\/2021\/11\/257873679_371444921393995_6766504414660639722_n.png\" alt=\"\" width=\"165\" height=\"206\" \/><\/a><\/div>\n<div class=\"oo9gr5id ii04i59q\" dir=\"auto\" role=\"none\"><strong>AGORDO<\/strong>\u00a0 Ieri\u00a0 gli esami a Belluno presso il comando dei vigili del fuoco per l&#8217;ottenimento\u00a0 del\u00a0 &#8220;secondo grado&#8221; che abilita alla conduzione dei pickup in emergenza e anche alla guida delle A.P.S. o di mezzi pi\u00f9 grandi ma non in intervento .<\/div>\n<div class=\"oo9gr5id ii04i59q\" dir=\"auto\" role=\"none\">Da ieri ci sono 5 nuovi autisti vigili del fuoco nell&#8217;Agordino. Per i volontari di Arabba Thomas Dorigo e Diego de Lunardo per i volontari di Colle Santa Lucia Thomas Colle, per i Volontari di Caprile Omar Sirena e per i Volontari di Agordo il nuovo autista \u00e8 Samuel da Ronch.<\/div>\n<p>&nbsp;<\/p>\n<p>&nbsp;<\/p>\n<p>&nbsp;<\/p>\n<p>&nbsp;<\/p>\n<p>&nbsp;<\/p>\n<hr \/>\n<p>&nbsp;<\/p>\n<blockquote class=\"wp-embedded-content\" data-secret=\"iINMy9Kvft\"><p><a href=\"https:\/\/www.radiopiu.net\/wordpress\/aggiornamentonov19\/\">CORONAVIRUS: AGGIORNAMENTO NAZIONALE 19 NOVEMBRE  2021<\/a><\/p><\/blockquote>\n<p><iframe loading=\"lazy\" class=\"wp-embedded-content\" sandbox=\"allow-scripts\" security=\"restricted\" style=\"position: absolute; clip: rect(1px, 1px, 1px, 1px);\" title=\"&#8220;CORONAVIRUS: AGGIORNAMENTO NAZIONALE 19 NOVEMBRE  2021&#8221; &#8212; Radio Pi\u00f9\" src=\"https:\/\/www.radiopiu.net\/wordpress\/aggiornamentonov19\/embed\/#?secret=iINMy9Kvft\" data-secret=\"iINMy9Kvft\" width=\"600\" height=\"338\" frameborder=\"0\" marginwidth=\"0\" marginheight=\"0\" scrolling=\"no\"><\/iframe><\/p>\n<p>&nbsp;<\/p>\n<blockquote class=\"wp-embedded-content\" data-secret=\"KpBsCnh1aR\"><p><a href=\"https:\/\/www.radiopiu.net\/wordpress\/agg19nove\/\">SUGLIA SOGLIA DEI 20MILA ATTUALMENTE POSITIVI, NELLE ULTIME 24 ORE I CASI SONO 1283<\/a><\/p><\/blockquote>\n<p><iframe loading=\"lazy\" class=\"wp-embedded-content\" sandbox=\"allow-scripts\" security=\"restricted\" style=\"position: absolute; clip: rect(1px, 1px, 1px, 1px);\" title=\"&#8220;SUGLIA SOGLIA DEI 20MILA ATTUALMENTE POSITIVI, NELLE ULTIME 24 ORE I CASI SONO 1283&#8221; &#8212; Radio Pi\u00f9\" src=\"https:\/\/www.radiopiu.net\/wordpress\/agg19nove\/embed\/#?secret=KpBsCnh1aR\" data-secret=\"KpBsCnh1aR\" width=\"600\" height=\"338\" frameborder=\"0\" marginwidth=\"0\" marginheight=\"0\" scrolling=\"no\"><\/iframe><\/p>\n<p>&nbsp;<\/p>\n<h2>I GRAFICI DI TIZIANO DE COL<\/h2>\n\n\t\t\t<style type='text\/css'>\n\t\t\t\t#gallery-3 {\n\t\t\t\t\tmargin: auto;\n\t\t\t\t}\n\t\t\t\t#gallery-3 .gallery-item {\n\t\t\t\t\tfloat: left;\n\t\t\t\t\tmargin-top: 10px;\n\t\t\t\t\ttext-align: center;\n\t\t\t\t\twidth: 33%;\n\t\t\t\t}\n\t\t\t\t#gallery-3 img {\n\t\t\t\t\tborder: 2px solid #cfcfcf;\n\t\t\t\t}\n\t\t\t\t#gallery-3 .gallery-caption {\n\t\t\t\t\tmargin-left: 0;\n\t\t\t\t}\n\t\t\t\t\/* see gallery_shortcode() in wp-includes\/media.php *\/\n\t\t\t<\/style>\n\t\t<div id='gallery-3' class='dt-gallery-container gallery galleryid-243729 gallery-columns-3 gallery-size-medium'><dl class='gallery-item'>\n\t\t\t\t<dt class='gallery-icon landscape'>\n\t\t\t\t\t<a class=\"rollover rollover-zoom dt-pswp-item\" title=\"74051d30-d460-4906-9fdb-dedb495db3b2\" data-dt-img-description=\"\" data-large_image_width=\"589\" data-large_image_height=\"358\"href='https:\/\/www.radiopiu.net\/wordpress\/wp-content\/uploads\/2021\/11\/74051d30-d460-4906-9fdb-dedb495db3b2.jpg'><img loading=\"lazy\" decoding=\"async\" width=\"300\" height=\"182\" src=\"https:\/\/www.radiopiu.net\/wordpress\/wp-content\/uploads\/2021\/11\/74051d30-d460-4906-9fdb-dedb495db3b2-300x182.jpg\" class=\"attachment-medium size-medium\" alt=\"\" srcset=\"https:\/\/www.radiopiu.net\/wordpress\/wp-content\/uploads\/2021\/11\/74051d30-d460-4906-9fdb-dedb495db3b2-300x182.jpg 300w, https:\/\/www.radiopiu.net\/wordpress\/wp-content\/uploads\/2021\/11\/74051d30-d460-4906-9fdb-dedb495db3b2.jpg 589w\" sizes=\"auto, (max-width: 300px) 100vw, 300px\" \/><\/a>\n\t\t\t\t<\/dt><\/dl><dl class='gallery-item'>\n\t\t\t\t<dt class='gallery-icon landscape'>\n\t\t\t\t\t<a class=\"rollover rollover-zoom dt-pswp-item\" title=\"e09ea43c-85d1-4d9e-bdce-bb3ba64adf83\" data-dt-img-description=\"\" data-large_image_width=\"612\" data-large_image_height=\"357\"href='https:\/\/www.radiopiu.net\/wordpress\/wp-content\/uploads\/2021\/11\/e09ea43c-85d1-4d9e-bdce-bb3ba64adf83.jpg'><img loading=\"lazy\" decoding=\"async\" width=\"300\" height=\"175\" src=\"https:\/\/www.radiopiu.net\/wordpress\/wp-content\/uploads\/2021\/11\/e09ea43c-85d1-4d9e-bdce-bb3ba64adf83-300x175.jpg\" class=\"attachment-medium size-medium\" alt=\"\" srcset=\"https:\/\/www.radiopiu.net\/wordpress\/wp-content\/uploads\/2021\/11\/e09ea43c-85d1-4d9e-bdce-bb3ba64adf83-300x175.jpg 300w, https:\/\/www.radiopiu.net\/wordpress\/wp-content\/uploads\/2021\/11\/e09ea43c-85d1-4d9e-bdce-bb3ba64adf83.jpg 612w\" sizes=\"auto, (max-width: 300px) 100vw, 300px\" \/><\/a>\n\t\t\t\t<\/dt><\/dl><dl class='gallery-item'>\n\t\t\t\t<dt class='gallery-icon landscape'>\n\t\t\t\t\t<a class=\"rollover rollover-zoom dt-pswp-item\" title=\"4561b3a6-efb8-4383-95cf-305126e1d96b\" data-dt-img-description=\"\" data-large_image_width=\"606\" data-large_image_height=\"356\"href='https:\/\/www.radiopiu.net\/wordpress\/wp-content\/uploads\/2021\/11\/4561b3a6-efb8-4383-95cf-305126e1d96b.jpg'><img loading=\"lazy\" decoding=\"async\" width=\"300\" height=\"176\" src=\"https:\/\/www.radiopiu.net\/wordpress\/wp-content\/uploads\/2021\/11\/4561b3a6-efb8-4383-95cf-305126e1d96b-300x176.jpg\" class=\"attachment-medium size-medium\" alt=\"\" srcset=\"https:\/\/www.radiopiu.net\/wordpress\/wp-content\/uploads\/2021\/11\/4561b3a6-efb8-4383-95cf-305126e1d96b-300x176.jpg 300w, https:\/\/www.radiopiu.net\/wordpress\/wp-content\/uploads\/2021\/11\/4561b3a6-efb8-4383-95cf-305126e1d96b.jpg 606w\" sizes=\"auto, (max-width: 300px) 100vw, 300px\" \/><\/a>\n\t\t\t\t<\/dt><\/dl><br style=\"clear: both\" \/><dl class='gallery-item'>\n\t\t\t\t<dt class='gallery-icon landscape'>\n\t\t\t\t\t<a class=\"rollover rollover-zoom dt-pswp-item\" title=\"c2d98200-fe50-41c7-9290-20d51ea7520d\" data-dt-img-description=\"\" data-large_image_width=\"604\" data-large_image_height=\"358\"href='https:\/\/www.radiopiu.net\/wordpress\/wp-content\/uploads\/2021\/11\/c2d98200-fe50-41c7-9290-20d51ea7520d.jpg'><img loading=\"lazy\" decoding=\"async\" width=\"300\" height=\"178\" src=\"https:\/\/www.radiopiu.net\/wordpress\/wp-content\/uploads\/2021\/11\/c2d98200-fe50-41c7-9290-20d51ea7520d-300x178.jpg\" class=\"attachment-medium size-medium\" alt=\"\" srcset=\"https:\/\/www.radiopiu.net\/wordpress\/wp-content\/uploads\/2021\/11\/c2d98200-fe50-41c7-9290-20d51ea7520d-300x178.jpg 300w, https:\/\/www.radiopiu.net\/wordpress\/wp-content\/uploads\/2021\/11\/c2d98200-fe50-41c7-9290-20d51ea7520d.jpg 604w\" sizes=\"auto, (max-width: 300px) 100vw, 300px\" \/><\/a>\n\t\t\t\t<\/dt><\/dl><dl class='gallery-item'>\n\t\t\t\t<dt class='gallery-icon landscape'>\n\t\t\t\t\t<a class=\"rollover rollover-zoom dt-pswp-item\" title=\"2ed6dce7-8929-4067-9469-67b54208a813\" data-dt-img-description=\"\" data-large_image_width=\"606\" data-large_image_height=\"351\"href='https:\/\/www.radiopiu.net\/wordpress\/wp-content\/uploads\/2021\/11\/2ed6dce7-8929-4067-9469-67b54208a813.jpg'><img loading=\"lazy\" decoding=\"async\" width=\"300\" height=\"174\" src=\"https:\/\/www.radiopiu.net\/wordpress\/wp-content\/uploads\/2021\/11\/2ed6dce7-8929-4067-9469-67b54208a813-300x174.jpg\" class=\"attachment-medium size-medium\" alt=\"\" srcset=\"https:\/\/www.radiopiu.net\/wordpress\/wp-content\/uploads\/2021\/11\/2ed6dce7-8929-4067-9469-67b54208a813-300x174.jpg 300w, https:\/\/www.radiopiu.net\/wordpress\/wp-content\/uploads\/2021\/11\/2ed6dce7-8929-4067-9469-67b54208a813.jpg 606w\" sizes=\"auto, (max-width: 300px) 100vw, 300px\" \/><\/a>\n\t\t\t\t<\/dt><\/dl>\n\t\t\t\t<br style='clear: both' \/>\n\t\t\t<\/div>\n\n<p>&nbsp;<\/p>\n<hr \/>\n<p>&nbsp;<\/p>\n<blockquote>\n<h3>ULSS 1 DOLOMITI: 2 PAZIENTI IN TERAPIA INTENSIVA E 5 IN AREA NON CRITICA<\/h3>\n<\/blockquote>\n<p><strong><a href=\"https:\/\/www.radiopiu.net\/wordpress\/giornale-radiopiu-10-marzo-2020-direttore-mirko-mezzacasa\/covid-ulss\/\" rel=\"attachment wp-att-121260\"><img loading=\"lazy\" decoding=\"async\" class=\"size-medium wp-image-121260 alignleft\" src=\"https:\/\/www.radiopiu.net\/wordpress\/wp-content\/uploads\/2020\/03\/covid-ulss-300x225.jpg\" alt=\"\" width=\"300\" height=\"225\" srcset=\"https:\/\/www.radiopiu.net\/wordpress\/wp-content\/uploads\/2020\/03\/covid-ulss-300x225.jpg 300w, https:\/\/www.radiopiu.net\/wordpress\/wp-content\/uploads\/2020\/03\/covid-ulss-768x576.jpg 768w, https:\/\/www.radiopiu.net\/wordpress\/wp-content\/uploads\/2020\/03\/covid-ulss.jpg 800w\" sizes=\"auto, (max-width: 300px) 100vw, 300px\" \/><\/a> <\/strong><\/p>\n<p><strong>\u00a0<\/strong><\/p>\n<p><strong>BELLUNO<\/strong> Aggiornamento sulla situazione Covid-19 a cura dell&#8217;Ulss 1 Dolomiti. Attuali positivi: 493, persone in quarantena isolamento: 1025. <strong>Ricoveri: <\/strong>area non critica: 5, Terapia Intensiva: 2. <strong>Campagna vaccinale: <\/strong>Vaccinati con almeno una dose: 84,2%, Ciclo completo: 82,3%, Persone non vaccinate: 28.857, Numero terze dosi eseguite: 14.053. \u00c8 \u00a0possibile prenotare la terza dose dal sito <a href=\"http:\/\/www.aulss1.veneto.it\">www.aulss1.veneto.it<\/a> anche per le persone over 50. Da luned\u00ec sar\u00e0 possibile prenotare la terza dose anche per gli over 40 che hanno completato il ciclo vaccinale da almeno 6 mesi. I posti prenotabili in Ulss Dolomiti sono circa 18 mila.<\/p>\n<p>&nbsp;<\/p>\n<p>&nbsp;<\/p>\n<p>&nbsp;<\/p>\n<hr \/>\n<p>&nbsp;<\/p>\n<blockquote>\n<h3>COVID A SCUOLA: LE CLASSI IN SORVEGLIANZA SCOLASTICA CALANO DI 9 UNITA&#8217; RISPETTO ALLA SCORSA SETTIMANA<\/h3>\n<\/blockquote>\n<p><strong>BELLUNO <\/strong>Il team scuole, del Dipartimento di Prevenzione, fa il punto settimanale sulla situazione dei contagi nelle scuole della provincia.<\/p>\n<p><strong><u>AGGIORNAMENTO REPORT SETTIMANALE SCUOLE<\/u><\/strong><\/p>\n<table width=\"730\">\n<tbody>\n<tr>\n<td width=\"230\"><strong>ORDINE E GRADO<\/strong><\/td>\n<td colspan=\"3\" width=\"328\"><strong>NUMERO CLASSI IN CARICO<\/strong><\/td>\n<td width=\"172\"><strong>VARIAZIONI <\/strong><\/td>\n<\/tr>\n<tr>\n<td width=\"230\"><\/td>\n<td width=\"118\"><\/td>\n<td width=\"114\"><\/td>\n<td width=\"96\"><\/td>\n<td width=\"172\">TOTALE<\/td>\n<\/tr>\n<tr>\n<td width=\"230\"><\/td>\n<td width=\"118\">*Monitoraggio<\/td>\n<td width=\"114\">**Quarantena<\/td>\n<td width=\"96\">Totale<\/td>\n<td rowspan=\"8\" width=\"172\"><strong>\u00a0<\/strong><\/p>\n<p><strong>\u00a0<\/strong><\/p>\n<p><strong>-9<\/strong><\/p>\n<p><strong>\u00a0<\/strong><\/p>\n<p><strong>\u00a0<\/strong><\/td>\n<\/tr>\n<tr>\n<td width=\"230\">Asili e Infanzie<\/td>\n<td width=\"118\">\/<\/td>\n<td width=\"114\">1<\/td>\n<td width=\"96\">1<\/td>\n<\/tr>\n<tr>\n<td width=\"230\">Primarie<\/td>\n<td width=\"118\">14<\/td>\n<td width=\"114\">5<\/td>\n<td width=\"96\">19<\/td>\n<\/tr>\n<tr>\n<td width=\"230\">Secondaria di primo grado<\/td>\n<td width=\"118\">2<\/td>\n<td width=\"114\">3<\/td>\n<td width=\"96\">5<\/td>\n<\/tr>\n<tr>\n<td width=\"230\">Secondaria di secondo grado<\/td>\n<td width=\"118\">7<\/td>\n<td width=\"114\">1<\/td>\n<td width=\"96\">8<\/td>\n<\/tr>\n<tr>\n<td width=\"230\">Convitto<\/td>\n<td width=\"118\">\/<\/td>\n<td width=\"114\">\/<\/td>\n<td width=\"96\">\/<\/td>\n<\/tr>\n<tr>\n<td width=\"230\">Doposcuole<\/td>\n<td width=\"118\">\/<\/td>\n<td width=\"114\">\/<\/td>\n<td width=\"96\">\/<\/td>\n<\/tr>\n<tr>\n<td width=\"230\"><strong>TOTALE<\/strong><\/td>\n<td width=\"118\"><strong>23<\/strong><\/td>\n<td width=\"114\"><strong>10<\/strong><\/td>\n<td width=\"96\"><strong>33<\/strong><\/td>\n<\/tr>\n<\/tbody>\n<\/table>\n<p>&nbsp;<\/p>\n<p><strong>TOTALE SOGGETTI ATTUALMENTE IN CARICO: 640<\/strong><\/p>\n<p>Si rileva un decremento (-9) delle classi in sorveglianza scolastica rispetto alla precedente settimana in quanto diverse classi che erano prese in carico hanno terminato il periodo di quarantena e\/o monitoraggio scolastico. Dai tamponi di screening di diverse classi sono comunque emerse nuove positivit\u00e0 che hanno determinato il passaggio delle classi da monitoraggio scolastico a quarantena. In relazione alla situazione epidemiologica della zona del Cadore-Comelico, si sottolinea che la maggior parte delle classi stanno terminando il periodo di sorveglianza scolastica, e nel week end il team Scuola valuter\u00e0 la situazione epidemiologica, anche in base agli esiti dei tamponi. Per il plesso scolastico di San Pietro le attivit\u00e0 scolastiche in presenza sono riprese. Si nota la prevalenza di classi appartenenti a scuole primarie (19 su 33). Le classi oggetto del presente report sono localizzate in modo uniforme nella provincia di Belluno.<\/p>\n<p>&nbsp;<\/p>\n<p>&nbsp;<\/p>\n<hr \/>\n<p>&nbsp;<\/p>\n<blockquote>\n<h3>OLTRE 400 PERSONE IN OSPEDALE, SITUAZIONE GESTIBILE. E&#8217; TORNATA L&#8217;INFLUENZA<\/h3>\n<\/blockquote>\n<blockquote>\n<h3>LEGGI LA CONFERENZA STAMPA DI LUCA ZAIA<\/h3>\n<p><em>Da oggi chiunque dai 40 anni in su puo&#8217; prenotarsi la terza dose. Il nostro modello dei colori ci ha permesso di evitare chiusure totali. Questo modello prevede un primo passaggio in zona gialla &#8211; con mascherine ovunque, anche all&#8217;aperto, 50% teatri e cinema -, poi si passa all&#8217;arancione &#8211; dove non si esce dai confini comunali &#8211; e alla rossa &#8211; dove si esce solo per andare a lavorare e fare la spesa. E&#8217; possibile che si valuti una differenziazione di queste misure in base allo stato vaccinale del cittadino, ma ad oggi non si \u00e8 deciso nulla.<\/em><\/p><\/blockquote>\n<p>Oltre 400 pazienti in ospedale, le sensazioni: la gestione dell&#8217;attuale livello di ricoveri \u00e8 di gestibilit\u00e0, affrontabile. Molti sono i ricoveri per problemi respiratori di gran lunga ridotti nella precedente stagione invernale. Quindi il ritorno dell&#8217;influenza. 650 mila persone non sono vaccinabili (11 anni e meno) ma ci sono 656mila persone che non hanno nessun impedimento a vaccinarsi, quindi volontariamente hanno deciso di non vaccinarsi. <strong>VACCINAZIONI<\/strong> siamo arrivati ad una media regionale dell 85,1%, sopra gli 80 anni 100%; dai 70 ai 79 anni 93%; 60-69 anni 89,9%; 50-59 anni 85,5%; 40-49 anni 79,7%; 30-39 anni 79,4%; 20-29 anni 83,8%; 12-19 anni 70,9%. La vaccinazione procede ma \u00e8 altrettanto vero che come in Friuli, Trentino e Alto Adige c&#8217;\u00e8 uno <strong>ZOCCOLO DURO<\/strong> di persone che non si vogliono vaccinare, ci sono regioni che sono ormai al 90-91% e noi siamo distanti 4-5 punti da performance migliori e le ricadute si vedono sulle curve. Oggi rilanciamo la <strong>TERZA DOSE<\/strong>, perch\u00e9 il sistema funziona. Sono gi\u00e0 442mila i prenotati o che gi\u00e0 hanno avuto la terza dose, il 27% degli aventi titolo. Entriamo nel vivo a dicembre con le vaccinazione maturando tante terze dosi a scadenza dei dei mesi dalle precedenti. Abbiamo avviato un sistema di Sms per la terza dose, ne vengono inviati 500 al minuto invitando i cittadini a prenotarsi. Saranno inviati oltre un milione e mezzo di messaggi.\u00a0 Entro lunedi sar\u00e0\u00a0 completata la missione. <strong>DURATA GREEN PASS<\/strong> Oggi di un anno, non \u00e8 esclusa venga ridotta dal Governo a nove mesi. Io avevo sentito parlare anche di 6 mesi ma avrebbero mandato in tilt il sistema. Siamo pronti ad attivare i Drive-in se necessario con una fatica enorme per la disponibilit\u00e0 del personale, molti anche sospesi. <strong>RESTRIZIONI PER I NON VACCINATI<\/strong> Ieri la conferenza delle Regioni, ho detto che \u00e8 fondamentale riaprire il tavolo per fare il punto della situazione rispetto al covid in maniera pi\u00f9 frequente perch\u00e9 entriamo nella fase acuta. Ho chiesto anche un incontro al Ministro Speranza per un confronto sul futuro. Non abbiamo parlato del modello Austria, non ci sono i buoni o i cattivi ma si cerca di fare l&#8217;amministrazione del possibile. A mio avviso pensare a un lockdown per i non vaccinati non \u00e8 possibile. E&#8217; un&#8217;avventura che non ci concretizza per i limiti costituzionali di questo paese. Il ragionamento \u00e8 stato un altro, evitare di chiudere con lockdown.<\/p>\n<p>&nbsp;<\/p>\n<p><a href=\"https:\/\/www.facebook.com\/zaiaufficiale\/videos\/583393012764061\">https:\/\/www.facebook.com\/zaiaufficiale\/videos\/583393012764061<\/a><\/p>\n<p>&nbsp;<\/p>\n<p>&nbsp;<\/p>\n<p>&nbsp;<\/p>\n<hr \/>\n<p>&nbsp;<\/p>\n<div class=\"page-title-head hgroup\">\n<blockquote>\n<h3 class=\"entry-title\">ANEF E LA PROSSIMA STAGIONE SCIISTICA \u201cSARA\u2019 L\u2019ANNO DELLA RIPARTENZA\u201d<\/h3>\n<\/blockquote>\n<\/div>\n<div class=\"page-title-breadcrumbs\"><a href=\"https:\/\/www.radiopiu.net\/wordpress\/anef-e-la-prossima-stagione-sciistica-sara-lanno-della-ripartenza\/th-254\/\" rel=\"attachment wp-att-243795\"><img loading=\"lazy\" decoding=\"async\" class=\"size-full wp-image-243795 alignright\" src=\"https:\/\/www.radiopiu.net\/wordpress\/wp-content\/uploads\/2021\/11\/th-21.jpg\" alt=\"\" width=\"254\" height=\"184\" \/><\/a>A fronte delle tante richieste per chiarire la situazione riguardante le riaperture degli impianti e i protocolli di sicurezza, la presidente dell&#8217;Associazione Nazionale Esercenti Funiviari (Anef) Valeria Ghezzi fa il punto della situazione:\u00a0 <em>\u201cSar\u00e0 l\u2019anno della ripartenza dello. La proposta degli impiantisti prevede la possibilit\u00e0 di sciare anche in zona arancione e rossa, con un numero limitato di accesso alle ski area, l\u201980% di capienza sugli impianti chiusi (50% in zona rossa) e il 100% su quelli aperti, dove si acceder\u00e0 comunque con la mascherina&#8221;<\/em>.\u00a0 Siamo ancora in un momento di incertezza ma possiamo dire che lo sci \u00e8 uno sport di per s\u00e9 sicuro, che si pratica all\u2019aperto e con un distanziamento garantito dalla natura stessa dell\u2019attivit\u00e0. Lo dimostrano le aperture senza particolari limitazioni dello scorso inverno negli Stati Uniti, in Svizzera e nei paesi scandinavi dove non si \u00e8 riscontrata un\u2019incidenza di contagi legata allo sci superiore a quella di altre attivit\u00e0 economiche. <em>&#8220;Non ci sono quindi particolari criticit\u00e0 se si affronta la situazione con un modello organizzativo che permetta il rispetto puntuale delle regole: distanze nelle code, uso corretto della mascherina e controllo del green pass, carico dei veicoli chiusi all\u201980%. Molte di queste pratiche sono tra l\u2019altro gi\u00e0 state sperimentate nelle scorse estati senza alcun problema&#8221;.\u00a0<\/em> La nuova stagione porter\u00e0 anche ulteriori novit\u00e0 relative alla sicurezza come la sottoscrizione obbligatoria di un\u2019assicurazione. Una prescrizione che pu\u00f2 sembrare limitante rispetto ad altri sport ma che \u00e8 comunque da accogliere con favore perch\u00e9 introduce un approccio responsabile alla pratica sciistica. Il tutto con un costo estremamente limitato per polizze che, per chi lo desidera, sono estendibili a tutta la famiglia o che potranno anche coprire altri tipi di attivit\u00e0 durante tutto il corso dell\u2019anno, non solo in pista.\u00a0 <em>&#8220;Un\u2019altra novit\u00e0 contenuta nell\u2019assetto normativo formalizza una regola gi\u00e0 nota, ovvero che non si possa sciare in stato di ebbrezza. Una regola questa quindi apprezzabile che rientra nel campo del buon senso e che dovr\u00e0 a breve essere concretizzata con la definizione di un preciso limite. Si attendono rapidi chiarimenti dalle istituzioni per evitare che una norma pensata per rendere lo sci sempre pi\u00f9 sicuro si trasformi in uno svantaggio competitivo nei confronti delle ski area estere.\u201d\u00a0<\/em><\/div>\n<p>&nbsp;<\/p>\n<p>&nbsp;<\/p>\n<hr \/>\n<p>&nbsp;<\/p>\n<div class=\"page-title-head hgroup\">\n<blockquote>\n<h3 class=\"entry-title\">\u201cNON MOLLIAMO\u201d I COMBATTENTI DI ACC \u2013 VIDEO \u2013<\/h3>\n<\/blockquote>\n<\/div>\n<blockquote>\n<h3><em>&#8220;Chi non lotta per qualche cosa ha comunque perso&#8221;<\/em><\/h3>\n<\/blockquote>\n<div style=\"width: 1200px;\" class=\"wp-video\"><video class=\"wp-video-shortcode\" id=\"video-243729-1\" width=\"1200\" height=\"675\" preload=\"metadata\" controls=\"controls\"><source type=\"video\/mp4\" src=\"https:\/\/www.radiopiu.net\/wordpress\/wp-content\/uploads\/2021\/11\/WhatsApp-Video-2021-11-19-at-10.34.16.mp4?_=1\" \/><a href=\"https:\/\/www.radiopiu.net\/wordpress\/wp-content\/uploads\/2021\/11\/WhatsApp-Video-2021-11-19-at-10.34.16.mp4\">https:\/\/www.radiopiu.net\/wordpress\/wp-content\/uploads\/2021\/11\/WhatsApp-Video-2021-11-19-at-10.34.16.mp4<\/a><\/video><\/div>\n<p>&nbsp;<\/p>\n<p>&nbsp;<\/p>\n<p>&nbsp;<\/p>\n<hr \/>\n<p>&nbsp;<\/p>\n<blockquote>\n<h3>SCUOLA APERTA, IL 20 NOVEMBRE AL FOLLADOR-DE ROSSI<\/h3>\n<\/blockquote>\n<p><strong>AGORDO<\/strong> Ecco le date e i link per\u00a0 Scuol@ Aperta al Istituto Follador &#8211; De Rossi per visitare i nostri ambienti e conoscere da vicino l&#8217;istituto<\/p>\n<p><strong>Le prenotazione andranno effettuate ai seguenti link:<\/strong><\/p>\n<p>&#x1f4d5;20 Novembre 2021 https:\/\/form.jotform.com\/Follador\/scuol-aperta-20-novembre-2021<\/p>\n<p>&#x1f4d7;4 Dicembre 2021 https:\/\/form.jotform.com\/Follador\/scuola-apert-4-dicembre-2021<\/p>\n<p>&#x1f4d8;18 Dicembre 2021 https:\/\/form.jotform.com\/Follador\/scuola-apert-18-dicembre-2021<\/p>\n<p>&nbsp;<\/p>\n<p>&nbsp;<\/p>\n<hr \/>\n<p>&nbsp;<\/p>\n<blockquote>\n<h3>BRAVA MARTINA, CARABINIERA ESEMPIO<\/h3>\n<\/blockquote>\n<p><a href=\"https:\/\/www.radiopiu.net\/wordpress\/giornale-radiopiu-20-novembre-2021-direttore-mirko-mezzacasa\/6f60a3fe-2e97-4ed8-bf3e-90e45db2b6e0\/\" rel=\"attachment wp-att-243953\"><img loading=\"lazy\" decoding=\"async\" class=\"size-medium wp-image-243953 alignleft\" src=\"https:\/\/www.radiopiu.net\/wordpress\/wp-content\/uploads\/2021\/11\/6f60a3fe-2e97-4ed8-bf3e-90e45db2b6e0-300x169.jpg\" alt=\"\" width=\"300\" height=\"169\" srcset=\"https:\/\/www.radiopiu.net\/wordpress\/wp-content\/uploads\/2021\/11\/6f60a3fe-2e97-4ed8-bf3e-90e45db2b6e0-300x169.jpg 300w, https:\/\/www.radiopiu.net\/wordpress\/wp-content\/uploads\/2021\/11\/6f60a3fe-2e97-4ed8-bf3e-90e45db2b6e0-1024x576.jpg 1024w, https:\/\/www.radiopiu.net\/wordpress\/wp-content\/uploads\/2021\/11\/6f60a3fe-2e97-4ed8-bf3e-90e45db2b6e0-768x432.jpg 768w, https:\/\/www.radiopiu.net\/wordpress\/wp-content\/uploads\/2021\/11\/6f60a3fe-2e97-4ed8-bf3e-90e45db2b6e0-1536x864.jpg 1536w, https:\/\/www.radiopiu.net\/wordpress\/wp-content\/uploads\/2021\/11\/6f60a3fe-2e97-4ed8-bf3e-90e45db2b6e0.jpg 1920w\" sizes=\"auto, (max-width: 300px) 100vw, 300px\" \/><\/a><strong>ROMA<\/strong>\u00a0 Dopo il Presidente della Repubblica Sergio Mattarella,\u00a0 anche\u00a0 il comandante della Legione Carabinieri Veneto Giuseppe Spina\u00a0 stringe la mano e premia con l&#8217;encomio Martina Pigliapoco\u00a0 <em>&#8220;Per il coraggio e la sensibilit\u00e0 dimostrati nel salvataggio della donna che voleva togliersi la vita, buttandosi dal ponte tibetano di Perarolo di Cadore&#8221;.<\/em> La cerimonia si \u00e8 svolta nella sede della caserma Codotto e Maronese.<\/p>\n<p>&nbsp;<\/p>\n<p>&nbsp;<\/p>\n<p>&nbsp;<\/p>\n<p>&nbsp;<\/p>\n<hr \/>\n<blockquote>\n<h3><\/h3>\n<h3><\/h3>\n<h3>MEDICI DI BASE: APPELLO UNCEM AL MINISTRO SPERANZA. SINDACI PREOCCUPATI PER LE LORO COMUNITA&#8217;<\/h3>\n<\/blockquote>\n<p><strong><a href=\"https:\/\/www.radiopiu.net\/wordpress\/giornale-radiopiu-06-novembre-2020-direttore-mirko-mezzacasa\/logouncem_no_scritta-wdtr\/\" rel=\"attachment wp-att-170846\"><img loading=\"lazy\" decoding=\"async\" class=\"wp-image-170846 alignleft\" src=\"https:\/\/www.radiopiu.net\/wordpress\/wp-content\/uploads\/2020\/11\/logoUNCEM_no_scritta-wdtr-300x300.jpg\" alt=\"\" width=\"157\" height=\"157\" srcset=\"https:\/\/www.radiopiu.net\/wordpress\/wp-content\/uploads\/2020\/11\/logoUNCEM_no_scritta-wdtr-300x300.jpg 300w, https:\/\/www.radiopiu.net\/wordpress\/wp-content\/uploads\/2020\/11\/logoUNCEM_no_scritta-wdtr-150x150.jpg 150w, https:\/\/www.radiopiu.net\/wordpress\/wp-content\/uploads\/2020\/11\/logoUNCEM_no_scritta-wdtr.jpg 640w\" sizes=\"auto, (max-width: 157px) 100vw, 157px\" \/><\/a>ROMA<\/strong> &#8220;I<em> Sindaci italiani sono preoccupati per la costante mancanza, in crescita, di medici di base. \u00c8 da tre anni che Uncem lo ripete. Ieri l&#8217;ho nuovamente scritto al Ministro. Riceviamo ogni giorno segnalazioni di fortissime difficolt\u00e0 da parte di molti Sindaci di Comuni alpini, appenninici, delle Isole. Non si trovano medici di base che vogliano mantenere aperti studi nei piccoli Comuni montani. E questo genera particolare apprensione nei Sindaci&#8221;\u00a0 <\/em>Lo afferma Marco Bussone, Presidente nazionale Uncem.\u00a0 <em>&#8220;Mentre le Regioni stanno definendo come realizzare case della salute, anche finanziate dal Piano nazionale di Ripresa e Resilienza, il rischio \u00e8 la mancanza di medici e di personale &#8211; evidenzia Bussone &#8211; Le case della salute, tradizionalmente collocate nei fondovalle, nei Comuni pi\u00f9 grandi, non dovranno comunque limitare la presenza e la disponibilit\u00e0 di personale medico negli studi dei Comuni montani. \u00c8 complesso e impegnativo contemperare le necessit\u00e0, ma \u00e8 comunque urgente&#8221;.<\/em><\/p>\n<p>&nbsp;<\/p>\n<p>&nbsp;<\/p>\n<hr \/>\n<p>&nbsp;<\/p>\n<blockquote>\n<h3>TRE GIORNI DI CITTASLOW A BELLUNO<\/h3>\n<\/blockquote>\n<p><strong><a href=\"https:\/\/www.radiopiu.net\/wordpress\/giornale-radiopiu-27-agosto-2021-direttore-mirko-mezzacasa\/belluno_feltre_b_panoramica-sulla-citta-2\/\" rel=\"attachment wp-att-229687\"><img loading=\"lazy\" decoding=\"async\" class=\"wp-image-229687 alignleft\" src=\"https:\/\/www.radiopiu.net\/wordpress\/wp-content\/uploads\/2021\/08\/Belluno_Feltre_b_Panoramica-sulla-citta-300x190.jpg\" alt=\"\" width=\"204\" height=\"129\" srcset=\"https:\/\/www.radiopiu.net\/wordpress\/wp-content\/uploads\/2021\/08\/Belluno_Feltre_b_Panoramica-sulla-citta-300x190.jpg 300w, https:\/\/www.radiopiu.net\/wordpress\/wp-content\/uploads\/2021\/08\/Belluno_Feltre_b_Panoramica-sulla-citta-768x487.jpg 768w, https:\/\/www.radiopiu.net\/wordpress\/wp-content\/uploads\/2021\/08\/Belluno_Feltre_b_Panoramica-sulla-citta.jpg 1024w\" sizes=\"auto, (max-width: 204px) 100vw, 204px\" \/><\/a>BELLUNO<\/strong> Sar\u00e0 Belluno ad ospitare la tre giorni del comitato di coordinamento di Cittaslow Internazionale: il capoluogo dolomitico accoglier\u00e0 quindi dal 26 al 28 novembre decine di sindaci delle citt\u00e0 aderenti alla rete che raggruppa oltre 290 citt\u00e0 sparse in 31 nazioni ispirate dalla filosofia \u201cslow\u201d del buon vivere. Sono gi\u00e0 una trentina le realt\u00e0 Cittaslow che hanno confermato la loro presenza; i loro rappresentanti arriveranno dall&#8217;Italia, dalla Francia, dal Belgio, dal Lussemburgo, ma anche da Polonia e Turchia. L&#8217;incontro si terr\u00e0 comunque\u00a0 anche in modalit\u00e0 online. Il calendario prevede, oltre ai lavori del comitato di coordinamento, anche tavole rotonde pubbliche, tour del territorio ed esperienze alla scoperta delle aziende locali; il programma completo dell&#8217;evento sar\u00e0 reso pubblico venerd\u00ec 26, quando si dar\u00e0 l&#8217;inizio ufficiale ai lavori con una conferenza stampa a Palazzo Rosso.<\/p>\n<p><strong>L&#8217;ASSESSORE YUKI D&#8217;EMILIA<\/strong><\/p>\n<audio class=\"wp-audio-shortcode\" id=\"audio-243729-7\" preload=\"none\" style=\"width: 100%;\" controls=\"controls\"><source type=\"audio\/mpeg\" src=\"https:\/\/www.radiopiu.net\/wordpress\/wp-content\/uploads\/2021\/11\/dEmilia-Assemblea-Cittaslow-Internazionale-2021-a-Belluno.mp3?_=7\" \/><a href=\"https:\/\/www.radiopiu.net\/wordpress\/wp-content\/uploads\/2021\/11\/dEmilia-Assemblea-Cittaslow-Internazionale-2021-a-Belluno.mp3\">https:\/\/www.radiopiu.net\/wordpress\/wp-content\/uploads\/2021\/11\/dEmilia-Assemblea-Cittaslow-Internazionale-2021-a-Belluno.mp3<\/a><\/audio>\n<p>&nbsp;<\/p>\n<p>&nbsp;<\/p>\n<hr \/>\n<blockquote>\n<h3><\/h3>\n<h3><\/h3>\n<h3>BORGATA GIAU, LA PROVINCIA AVVIA LO STUDIO PER UN PROGETTO DEFINITIVO<\/h3>\n<\/blockquote>\n<p style=\"text-align: left;\">La Provincia pensa al completamento dell\u2019opera di mitigazione degli effetti dei dissesti in localit\u00e0 Borgata Giau (Valle di Cadore). Nelle scorse settimane infatti si sono conclusi i lavori di messa in sicurezza ed \u00e8 stato affidato uno studio di fattibilit\u00e0. L\u2019obiettivo ridurre il pi\u00f9 possibile il rischio di colate di fango a ridosso delle abitazioni e sulla strada comunale. In questi giorni sono iniziati i sopralluoghi. Al termine i lavori di somma urgenza, iniziati a ridosso dell\u2019evento alluvionale di dicembre e interrotti in pi\u00f9 riprese a causa delle condizioni meteorologiche sfavorevoli, per un importo complessivo di 475mila euro.<\/p>\n\n\t\t\t<style type='text\/css'>\n\t\t\t\t#gallery-4 {\n\t\t\t\t\tmargin: auto;\n\t\t\t\t}\n\t\t\t\t#gallery-4 .gallery-item {\n\t\t\t\t\tfloat: left;\n\t\t\t\t\tmargin-top: 10px;\n\t\t\t\t\ttext-align: center;\n\t\t\t\t\twidth: 33%;\n\t\t\t\t}\n\t\t\t\t#gallery-4 img {\n\t\t\t\t\tborder: 2px solid #cfcfcf;\n\t\t\t\t}\n\t\t\t\t#gallery-4 .gallery-caption {\n\t\t\t\t\tmargin-left: 0;\n\t\t\t\t}\n\t\t\t\t\/* see gallery_shortcode() in wp-includes\/media.php *\/\n\t\t\t<\/style>\n\t\t<div id='gallery-4' class='dt-gallery-container gallery galleryid-243729 gallery-columns-3 gallery-size-thumbnail'><dl class='gallery-item'>\n\t\t\t\t<dt class='gallery-icon landscape'>\n\t\t\t\t\t<a class=\"rollover rollover-zoom dt-pswp-item\" title=\"PHOTO-2021-10-22-11-23-55\" data-dt-img-description=\"\" data-large_image_width=\"1280\" data-large_image_height=\"720\"href='https:\/\/www.radiopiu.net\/wordpress\/wp-content\/uploads\/2021\/11\/PHOTO-2021-10-22-11-23-55.jpg'><img loading=\"lazy\" decoding=\"async\" width=\"150\" height=\"150\" src=\"https:\/\/www.radiopiu.net\/wordpress\/wp-content\/uploads\/2021\/11\/PHOTO-2021-10-22-11-23-55-150x150.jpg\" class=\"attachment-thumbnail size-thumbnail\" alt=\"\" \/><\/a>\n\t\t\t\t<\/dt><\/dl><dl class='gallery-item'>\n\t\t\t\t<dt class='gallery-icon landscape'>\n\t\t\t\t\t<a class=\"rollover rollover-zoom dt-pswp-item\" title=\"PHOTO-2021-10-22-11-23-55-1\" data-dt-img-description=\"\" data-large_image_width=\"1280\" data-large_image_height=\"720\"href='https:\/\/www.radiopiu.net\/wordpress\/wp-content\/uploads\/2021\/11\/PHOTO-2021-10-22-11-23-55-1.jpg'><img loading=\"lazy\" decoding=\"async\" width=\"150\" height=\"150\" src=\"https:\/\/www.radiopiu.net\/wordpress\/wp-content\/uploads\/2021\/11\/PHOTO-2021-10-22-11-23-55-1-150x150.jpg\" class=\"attachment-thumbnail size-thumbnail\" alt=\"\" \/><\/a>\n\t\t\t\t<\/dt><\/dl><dl class='gallery-item'>\n\t\t\t\t<dt class='gallery-icon landscape'>\n\t\t\t\t\t<a class=\"rollover rollover-zoom dt-pswp-item\" title=\"PHOTO-2021-10-22-11-23-56-2\" data-dt-img-description=\"\" data-large_image_width=\"1280\" data-large_image_height=\"720\"href='https:\/\/www.radiopiu.net\/wordpress\/wp-content\/uploads\/2021\/11\/PHOTO-2021-10-22-11-23-56-2.jpg'><img loading=\"lazy\" decoding=\"async\" width=\"150\" height=\"150\" src=\"https:\/\/www.radiopiu.net\/wordpress\/wp-content\/uploads\/2021\/11\/PHOTO-2021-10-22-11-23-56-2-150x150.jpg\" class=\"attachment-thumbnail size-thumbnail\" alt=\"\" \/><\/a>\n\t\t\t\t<\/dt><\/dl><br style=\"clear: both\" \/>\n\t\t\t<\/div>\n\n<blockquote>\n<h3><\/h3>\n<\/blockquote>\n<h3><\/h3>\n<hr \/>\n<p>&nbsp;<\/p>\n<blockquote>\n<h3>CONVEGNO SUI TUMORI ALL\u2019INTESTINO IERI IN ULSS DOLOMITI<\/h3>\n<\/blockquote>\n<p><strong>BELLUNO <\/strong>Ieri in Ulss Dolomiti, si \u00e8 tenuto un convegno sul trattamento dei tumori del grosso intestino organizzato dal direttore del dipartimento di Oncologia dell\u2019Ulss Dolomiti Fable Zustovich con circa 120 partecipanti online. Il trattamento dei tumori del grosso intestino \u00e8 progredito attraverso uno studio sempre pi\u00f9 approfondito delle combinazioni di farmaci disponibili nelle diverse categorie di pazienti e attraverso una sempre pi\u00f9 specifica tipizzazione molecolare delle neoplasie. L\u2019evento ha l\u2019obiettivo di approfondire anche altri aspetti innovativi legati alla gestione di questa malattia iniziando dalle metodiche di screening per arrivare alle tecniche chirurgiche pi\u00f9 recenti anch\u2019esse sostenute dall\u2019evoluzione tecnologica. Sono state approfondite le tendenze attuali in termine di gestione dei processi, PDTA di patologia, le presenti e future linee della ricerca clinica e la sua organizzazione, in particolare per quanto riguarda la Rete Oncologica Veneta (ROV). In Ulss Dolomiti, vengono eseguiti circa 180 interventi all\u2019anno per tumori al grosso intenstino, i pazienti in trattamento farmacologico oncologico sono circa 200 e quelli in radioterapia 25. Nel 2021 si sta registrando un significativo aumento dell\u2019adesione allo screening al colon retto: fino a settembre \u00e8 stata registrata un\u2019adesione del 69% delle persone invitate, rispetto al 61% del 2020 e del 62% del 2019.<\/p>\n<p>&nbsp;<\/p>\n<p>&nbsp;<\/p>\n<hr \/>\n<p>&nbsp;<\/p>\n<blockquote>\n<h3>UN CONSIGLIO COMUNALE DI&#8230;MINORANZA A ROCCA PIETORE<\/h3>\n<\/blockquote>\n<p><strong><img loading=\"lazy\" decoding=\"async\" class=\"alignleft\" src=\"https:\/\/www.radiopiu.net\/wordpress\/wp-content\/uploads\/2019\/07\/consiglio-rocca-1.jpeg\" width=\"254\" height=\"143\" \/>ROCCA PIETORE<\/strong> Consiglio comunale&#8230;di minoranza martedi alle 10. All&#8217;ordine del giorno un punto scelto dal sindaco Andrea De Bernardin (variazione al bilancio di previsione) e cinque per le interrogazioni del consigliere Diana Iraci Borgia Mandolini e dal gruppo di opposizione Uniti per la Montagna: lavori ai serrai si Sottoguda, bostrico nei siti boschivi, parcheggio Palue, area pic nic Pian de del Risce, marciapiedi comunali, condizioni dei cimiteri, parco giochi Re Ombro tempi e spese.<\/p>\n<p>&nbsp;<\/p>\n<p>&nbsp;<\/p>\n<p>&nbsp;<\/p>\n<hr \/>\n<p>&nbsp;<\/p>\n<p>&nbsp;<\/p>\n<blockquote>\n<h3>NUOVO REGOLAMENTO PER L&#8217;IMPOSTA COMUNALE<\/h3>\n<\/blockquote>\n<p><strong>\u00a0ALLEGHE<\/strong> Il consigliere comunale Guerrino Bellenzier lascia il consiglio comunale, le dimissioni saranno ufficializzate nel consiglio comunale di mercoledi alle 20.30, per il sindaco nessuna possibilit\u00e0 per poterlo sostituire. All&#8217;ordine del giorno della seduta anche il bilancio, il riconoscimento dei debiti fuori bilancio dopo il maltempo 2020 e le modifiche al regolamento comunale dell&#8217;imposta di soggiorno<\/p>\n<p>&nbsp;<\/p>\n<p>&nbsp;<\/p>\n<hr \/>\n<p>&nbsp;<\/p>\n<blockquote>\n<h3>A RIVAMONTE IL CONSIGLIO TORNA IN VIDEO CONFERENZA<\/h3>\n<\/blockquote>\n<p><strong>RIVAMONTE<\/strong> Mercoledi alle 18.30 consiglio comunale convocato dal sindaco Giovanni Nino Deon, all&#8217;ordine del giorno le variazioni al bilancio di previsione e le modifiche al programma triennale dei lavori pubblici<\/p>\n<p>&nbsp;<\/p>\n<p>&nbsp;<\/p>\n<hr \/>\n<p>&nbsp;<\/p>\n<blockquote>\n<h3>MARTEDI&#8217; POMERIGGIO IL CONSIGLIO COMUNALE DI FALCADE<\/h3>\n<\/blockquote>\n<p><strong><a href=\"https:\/\/www.radiopiu.net\/wordpress\/lumana-reyer\/falcade_estate-2990\/\" rel=\"attachment wp-att-220251\"><img loading=\"lazy\" decoding=\"async\" class=\" wp-image-220251 alignleft\" src=\"https:\/\/www.radiopiu.net\/wordpress\/wp-content\/uploads\/2021\/07\/FALCADE_ESTATE-2990-300x200.jpg\" alt=\"\" width=\"186\" height=\"124\" srcset=\"https:\/\/www.radiopiu.net\/wordpress\/wp-content\/uploads\/2021\/07\/FALCADE_ESTATE-2990-300x200.jpg 300w, https:\/\/www.radiopiu.net\/wordpress\/wp-content\/uploads\/2021\/07\/FALCADE_ESTATE-2990-768x512.jpg 768w, https:\/\/www.radiopiu.net\/wordpress\/wp-content\/uploads\/2021\/07\/FALCADE_ESTATE-2990.jpg 900w\" sizes=\"auto, (max-width: 186px) 100vw, 186px\" \/><\/a>FALCADE<\/strong><\/p>\n<p>di Gianni Santomaso<\/p>\n<audio class=\"wp-audio-shortcode\" id=\"audio-243729-8\" preload=\"none\" style=\"width: 100%;\" controls=\"controls\"><source type=\"audio\/mpeg\" src=\"https:\/\/www.radiopiu.net\/wordpress\/wp-content\/uploads\/2021\/11\/GIANNI-CONSIGLIO-FALCADE.mp3?_=8\" \/><a href=\"https:\/\/www.radiopiu.net\/wordpress\/wp-content\/uploads\/2021\/11\/GIANNI-CONSIGLIO-FALCADE.mp3\">https:\/\/www.radiopiu.net\/wordpress\/wp-content\/uploads\/2021\/11\/GIANNI-CONSIGLIO-FALCADE.mp3<\/a><\/audio>\n<p>&nbsp;<\/p>\n<hr \/>\n<p>&nbsp;<\/p>\n<blockquote>\n<h3>COLCERGNAN CHIAMA A RAPPORTO I CONSIGLIERI COMUNALI<\/h3>\n<\/blockquote>\n<p><strong>CANALE D&#8217;AGORDO<\/strong> Il sindaco di Canale D&#8217;Agordo Flavio Colcergnan ha convocato i consiglieri comunali per mercoled\u00ec alle 20 presso la sala Lina Zand\u00f2 per il consiglio comunale a porte chiuse. Quattro punti da discutere tra cui una ratifica su una deliberazione di giunta riguardante il bilancio di previsione e una variazione al bilancio di previsione 2021-2023.<\/p>\n<p>&nbsp;<\/p>\n<hr \/>\n<p>&nbsp;<\/p>\n<p>&nbsp;<\/p>\n<blockquote>\n<h3>ABVS TAIBON, ALLA GUIDA LA RICONFERMA DI DANIELE CANCEL<\/h3>\n<\/blockquote>\n<p><strong><img loading=\"lazy\" decoding=\"async\" class=\"alignleft\" src=\"https:\/\/www.radiopiu.net\/wordpress\/wp-content\/uploads\/2021\/05\/308170c4-9f7d-42c9-8cef-2748cacdf1e4.jpg\" width=\"311\" height=\"175\" \/>TAIBON<\/strong> Daniele Cancel \u00e8 stato riconfermato alla guida del comitato di sezione dell&#8217;Associazione Bellunese Volontari del Sangue del paese, rimarr\u00e0 in carica per i prossimI quattro anni e sar\u00e0 coadiuvato da:\u00a0 vice segretario Paolo Pietro Pallua, cassiere Luca Dell&#8217;Agnola, consigliere delegato per l&#8217;assemblea provinciale Massimo Rivis, consigliere Dario Soccol, revisore dei conti effettivo Claudio Brancaleone, revisore dei conti supplente Simone Decima. Il rinnovamento del consiglio al termine di un&#8217;assemblea partecipata con i candidati scelti tra\u00a0 i soci attivi e i collaboratori della sezione. <em>&#8220;In qualit\u00e0 di Segretario riconfermato &#8211; dice Daniele Cancel &#8211;\u00a0 desidero ringraziare i componenti del direttivo che hanno confermato la loro disponibilit\u00e0 per il\u00a0 nuovo mandato ed i componenti uscenti che per anni anno collaborato per migliorare la nostra sezione: Mauro Dell&#8217;Agnola e Mirco Lena, quest&#8217;ultimo fattivamente operativo nelle\u00a0 varie attivit\u00e0. Salutiamo la new entry Simone Decima, nelle associazioni necessita il\u00a0 rinnovamento con giovani volenterosi&#8221;.<\/em> Anche la sezione di Taibon ha risentito del periodo di pandemia,\u00a0 lo si evince dal calo delle donazioni, ma\u00a0 non dal numero dei donatori\u00a0 rimasto\u00a0 invariato anche grazie all&#8217;ingresso di nuovi volontari.\u00a0<em> &#8220;Anche le attivit\u00e0 della sezione si sono ridotte\u00a0 &#8211; ricorda Cancel &#8211; in particolare nella partecipazione alla organizzazione delle feste e sagre paesane. Rimodulata la collaborazione con la scuola primaria con gli incontri a distanza. La sensibilizzazione alla donazione con le scuole avviene da anni ed \u00e8 nostra intenzione proseguire anche in futuro con questa attivit\u00e0&#8221;. <\/em>Infine l&#8217;applicazione AVISNET (scaricabile da smartphone),\u00a0 a registrazione avvenuta (semplice e rapida)\u00a0 si possono trovare le informazioni personali riferite alla attivit\u00e0 e con la quale \u00e8 possibile programmare le donazioni.<\/p>\n<p>&nbsp;<\/p>\n<p>&nbsp;<\/p>\n<hr \/>\n<p>&nbsp;<\/p>\n<p>&nbsp;<\/p>\n<blockquote>\n<h1>Le storie a lieto fine\u00a0 passano per Radio Pi\u00f9<\/h1>\n<\/blockquote>\n<p>&nbsp;<\/p>\n<p><a class=\"dt-pswp-item\" href=\"https:\/\/www.radiopiu.net\/wordpress\/wp-content\/uploads\/2021\/11\/micia-cop.jpg\" data-dt-img-description=\"\" data-large_image_width=\"1200\" data-large_image_height=\"630\"><img loading=\"lazy\" decoding=\"async\" class=\"wp-image-241259 size-medium alignleft\" src=\"https:\/\/www.radiopiu.net\/wordpress\/wp-content\/uploads\/2021\/11\/micia-cop-300x158.jpg\" alt=\"\" width=\"300\" height=\"158\" srcset=\"https:\/\/www.radiopiu.net\/wordpress\/wp-content\/uploads\/2021\/11\/micia-cop-300x158.jpg 300w, https:\/\/www.radiopiu.net\/wordpress\/wp-content\/uploads\/2021\/11\/micia-cop-1024x538.jpg 1024w, https:\/\/www.radiopiu.net\/wordpress\/wp-content\/uploads\/2021\/11\/micia-cop-768x403.jpg 768w, https:\/\/www.radiopiu.net\/wordpress\/wp-content\/uploads\/2021\/11\/micia-cop.jpg 1200w\" sizes=\"auto, (max-width: 300px) 100vw, 300px\" \/><\/a>I volontari de \u201c<a href=\"https:\/\/www.facebook.com\/Amicimicio\">Gli A-Mici delle Dolomiti<\/a>\u201d avevano chiesto un po&#8217; di giorni fa a Radio Pi\u00f9 di pubblicare un annuncio per una gatta molto giovane ma piuttosto schiva perch\u00e8 nata in colonia felina. La micetta aveva bisogno di una casa, l\u2019inverno incombe e la sua giovane et\u00e0 permettevano una domesticazione non troppo complicata, ma bisognava comunque trovare un adottante giusto, una persona che se ne potesse prendere cura in modo discreto, che non pretendesse un avvicinamento immediato, insomma un umano \u201cad hoc\u201d per questo esemplare e non il contrario come spesso avviene. L\u2019annuncio \u00e8 circolato sul web con tante visualizzazioni compresa quella della persona giusta.<br \/>\nOra micia ha una casa calda, del cibo e delle cure assicurate in quel di Canale d\u2019Agordo. Questi animali spesso non hanno chance proprio perch\u00e8 troppo adulti o schivi &#8211; affermano le volontarie &#8211; le persone in genere preferiscono i cuccioli, ma non sanno quante soddisfazioni possono dare questi animali, se si usa con loro pazienza e gentilezza. Ovviamente le volontarie seguono e aiutano sempre le persone che scelgono questi animali un po&#8217; pi\u00f9 impegnativi, hanno esperienza, ne conoscono il comportamento e le cose da fare o non fare per stabilire un contatto e abituarli alla casa, nessuno viene lasciato allo sbaraglio, anche questo fa parte del volontariato con gli animali.<br \/>\nE come recita un famoso adagio Aiutare una creatura vivente non cambia il mondo, ma pu\u00f2 cambiare il mondo di quella creatura.<\/p>\n<p>&nbsp;<\/p>\n<p>&nbsp;<\/p>\n<hr \/>\n<p>&nbsp;<\/p>\n<blockquote>\n<h3>LA \u201cFINESTRA SU RIVA\u201d (LIBRO DEL CLUB UNESCO) SI APRE SULLE FRAZIONI DI VIRANE E ZEP-SCHENA<\/h3>\n<\/blockquote>\n<p><strong>di\u00a0 RENATO BONA<\/strong><\/p>\n<p>Virane e Zep-Schena sono le due localit\u00e0 che grazie ad \u201cUna finestra su Riva\u201d (titolo del libro edito dal Club Unesco Agordino di Rivamonte Agordino, presieduto da Giuliano Laveder (nella foto, da Facebook), e stampato nell\u2019ottobre 2013 dalla tipografia Castaldi di Agordo, con presentazioni del giornalista Sergio Tazzer, originario proprio di Rivamonte, e di Marialuisa Stringa, componente del consiglio esecutivo della Federazione mondiale dei club e centri Unesco) andremo a conoscere proponendo con una serie di belle immagini datate, le relative stringate ma efficaci diciture (del coordinamento delle stesse si \u00e8 occupata Emilia Sommariva) e in qualche caso con qualche notizia curiosa che \u00e8 stata ripresa da fonti locali, notizie d\u2019archivio o trasmesse oralmente da molti informatori che con entusiasmo e generosit\u00e0 si sono prestati. Partiamo con lo \u201cScorcio della chiesa di Virane . anni \u201850\u201d e leggiamo: \u201cSi noti, sulla destra, la sede della Societ\u00e0 operaia; prima della sua costruzione le riunioni della Soms si tenevano presso il comune di Rivamonte; nel 1931 fu approvata dall\u2019assemblea la costruzione di una propria sede in localit\u00e0 Virane; i lavori furono eseguiti dalla ditta Giacomo Conedera. Negli anni \u201950 l\u2019edificio ospit\u00f2 i corsi delle scuole serali\u201d. Segue, met\u00e0 anni \u201980, un omaggio ad Amalia Zanin, a nostro avviso infreddolita sulla neve. Quindi una \u201cVeduta di Virane &#8211; fine anni \u201850\u201d con dicitura che per la cronaca spiega: \u201cDal 1928 al 1931 tutto il territorio del comune fu colpito dai maggiolini, ma le zone pi\u00f9 infestate furono Sant\u2019Antonio, Virane, Mos, Ronch, Foca, Mon, Postran e Carenon. I principali danni furono legati ai raccolti di patate e di fieno\u201d. Proseguendo il viaggio virtuale ecco \u201cVirane &#8211; primi del \u2018900: Fienagione\u201d che \u201cera un\u2019attivit\u00e0 importante per gli abitanti, scandiva la stagione estiva e permetteva il sostentamento del bestiame\u201d. Per la statistica-cronaca: \u201cNel 1945 un fascio di fieno prodotto dai pascoli di propriet\u00e0 comunale (monte Pizzon, Pianaz e Forcella) fruttava alle casse comunali lire 20\u201d. Avanti sfogliando il libro, e avanti negli anni ecco l\u2019immagine \u201cVirane &#8211; met\u00e0 anni \u201870\u201d sotto la quale \u00e8 scritto: \u201cAbitanti delle casette costruite nel 1961 per gli sfollati di Mottes, Montas, Foca e Conca: da sinistra Maria Miana, Davide Mottes, Amelia Mottes, Giovanna Gnech, Maria Teresa Mottes e il bambino Giacomo Bressan\u201d. Della stessa epoca la foto riservata ai \u201cLavoratori della Metal Optics\u201d. Per la cronaca: \u201cIl 12 novembre 1972 viene inaugurata la fabbrica di occhiali per la produzione di montature in metallo situata a Virane; nel periodo di maggiore produzione contava 110 addetti. Al momento della chiusura, avvenuta a febbraio del 1987, l\u2019azienda aveva 36 dipendenti\u201d. Ecco il momento di una bellissima panoramica di gruppo che il 27 luglio1924 riprende i soci della Societ\u00e0 operaia di mutuo soccorso in occasione del raduno annuale. Si riconoscono: Giusto Mottes,Felice Gnech, Nico Rosson, Severino Schena, Ch\u00e9co dei Thelestine, Barba B\u00e8l, Tita Ros\u00e0lia, Nato Laura, M\u00e0or, Carletto Pasquali e M\u00e8to B\u00f3ra. Per la cronaca: \u201cLa Soms Sant\u2019Antonio di Rivamonte Agordino con loggia nel paese di Bingham Canyon (Utah) nacque il 26 dicembre 1905 su iniziativa di 49 rivamontesi emigrati in America per far fortuna come minatori. A partire dal 1908 le riunioni della Societ\u00e0 si tennero a Rivamonte\u201d. E\u2019 arrivato il momento di mostrare la sede di \u201cTeleriva 14\u201d presso la Sopciet\u00e0 operaia. La dicitura spiega che: \u201cI programmi di questa emittente locale furono lanciati nel maggio del 1984 grazie all\u2019intraprendenza di alcuni cittadini. Nell\u2019immagine alcune apparecchiature elettroniche utilizzate per i servizi\u201d. Sempre per la cronaca, ecco l\u2019immagine di un socio della Societ\u00e0 operaia di muto soccorso per dire che \u201cNel 1928 la Soms contava 180 iscritti, ovviamente tutti uomini. Ci\u00f2 che identificava i soci era la \u2018divisa\u2019 appuntata generalmente sul lato destro della giacca e portata nelle ricorrenze ufficiali. Ogni socio doveva sostenere il costo dell\u2019acquisto. Quella visibile nella foto \u00e8 la prima versione della divisa, creata al momento della fondazione. Il distintivo aveva due lati, quello tricolore riportava le due bandiere: quella statunitense e quella italiana con al centro il medaglione della corona del Regno d\u2019Italia, l\u2019altro era invece utilizzato per le ricorrenze luttuose, le esequie dei soci, ed era caratterizzato da scritte argentee su sfondo nero. La Societ\u00e0 prevedeva un esborso di dollari 50 per il funerale di un iscritto e i soci avevano il compito di portare il feretro\u201d. Concludiamo la tappa con le 4 foto riservate a Zep-Schena: la prima, aprile 1962 \u00e8 dedicata a Roberto e Gianni Favero; statistica: \u201cNegli anni \u201940 Zep contava 5 famiglie e 20 abitanti\u201d; la seconda, che risale agli anni \u201960 ci mostra Giuseppe Conedera (B\u00e8pi Mat); la terza vede lo stesso B\u00e8pi Mat (sulla destra) con Luciano Conedera, mentre fa bella mostra dei suoi anelli; infine la quarta, che ricorda l\u2019alluvione del 1966 quando \u201cmolti furono gli edifici con tetti scoperchiati a causa delle forti raffiche di vento\u201d.<\/p>\n\n\t\t\t<style type='text\/css'>\n\t\t\t\t#gallery-5 {\n\t\t\t\t\tmargin: auto;\n\t\t\t\t}\n\t\t\t\t#gallery-5 .gallery-item {\n\t\t\t\t\tfloat: left;\n\t\t\t\t\tmargin-top: 10px;\n\t\t\t\t\ttext-align: center;\n\t\t\t\t\twidth: 20%;\n\t\t\t\t}\n\t\t\t\t#gallery-5 img {\n\t\t\t\t\tborder: 2px solid #cfcfcf;\n\t\t\t\t}\n\t\t\t\t#gallery-5 .gallery-caption {\n\t\t\t\t\tmargin-left: 0;\n\t\t\t\t}\n\t\t\t\t\/* see gallery_shortcode() in wp-includes\/media.php *\/\n\t\t\t<\/style>\n\t\t<div id='gallery-5' class='dt-gallery-container gallery galleryid-243729 gallery-columns-5 gallery-size-thumbnail'><dl class='gallery-item'>\n\t\t\t\t<dt class='gallery-icon portrait'>\n\t\t\t\t\t<a class=\"rollover rollover-zoom dt-pswp-item\" title=\"258878594_645608529776640_6913815274669089451_n\" data-dt-img-description=\"\" data-large_image_width=\"159\" data-large_image_height=\"206\"href='https:\/\/www.radiopiu.net\/wordpress\/wp-content\/uploads\/2021\/11\/258878594_645608529776640_6913815274669089451_n.jpg'><img loading=\"lazy\" decoding=\"async\" width=\"150\" height=\"150\" src=\"https:\/\/www.radiopiu.net\/wordpress\/wp-content\/uploads\/2021\/11\/258878594_645608529776640_6913815274669089451_n-150x150.jpg\" class=\"attachment-thumbnail size-thumbnail\" alt=\"\" \/><\/a>\n\t\t\t\t<\/dt><\/dl><dl class='gallery-item'>\n\t\t\t\t<dt class='gallery-icon landscape'>\n\t\t\t\t\t<a class=\"rollover rollover-zoom dt-pswp-item\" title=\"258731063_226890802849456_478762374063054841_n\" data-dt-img-description=\"\" data-large_image_width=\"308\" data-large_image_height=\"206\"href='https:\/\/www.radiopiu.net\/wordpress\/wp-content\/uploads\/2021\/11\/258731063_226890802849456_478762374063054841_n.jpg'><img loading=\"lazy\" decoding=\"async\" width=\"150\" height=\"150\" src=\"https:\/\/www.radiopiu.net\/wordpress\/wp-content\/uploads\/2021\/11\/258731063_226890802849456_478762374063054841_n-150x150.jpg\" class=\"attachment-thumbnail size-thumbnail\" alt=\"\" \/><\/a>\n\t\t\t\t<\/dt><\/dl><dl class='gallery-item'>\n\t\t\t\t<dt class='gallery-icon portrait'>\n\t\t\t\t\t<a class=\"rollover rollover-zoom dt-pswp-item\" title=\"258533461_1713659132170805_5642627601577600827_n\" data-dt-img-description=\"\" data-large_image_width=\"149\" data-large_image_height=\"247\"href='https:\/\/www.radiopiu.net\/wordpress\/wp-content\/uploads\/2021\/11\/258533461_1713659132170805_5642627601577600827_n.jpg'><img loading=\"lazy\" decoding=\"async\" width=\"149\" height=\"150\" src=\"https:\/\/www.radiopiu.net\/wordpress\/wp-content\/uploads\/2021\/11\/258533461_1713659132170805_5642627601577600827_n-149x150.jpg\" class=\"attachment-thumbnail size-thumbnail\" alt=\"\" \/><\/a>\n\t\t\t\t<\/dt><\/dl><dl class='gallery-item'>\n\t\t\t\t<dt class='gallery-icon landscape'>\n\t\t\t\t\t<a class=\"rollover rollover-zoom dt-pswp-item\" title=\"258713455_279464250769231_2704654288340125986_n\" data-dt-img-description=\"\" data-large_image_width=\"320\" data-large_image_height=\"203\"href='https:\/\/www.radiopiu.net\/wordpress\/wp-content\/uploads\/2021\/11\/258713455_279464250769231_2704654288340125986_n.jpg'><img loading=\"lazy\" decoding=\"async\" width=\"150\" height=\"150\" src=\"https:\/\/www.radiopiu.net\/wordpress\/wp-content\/uploads\/2021\/11\/258713455_279464250769231_2704654288340125986_n-150x150.jpg\" class=\"attachment-thumbnail size-thumbnail\" alt=\"\" \/><\/a>\n\t\t\t\t<\/dt><\/dl><dl class='gallery-item'>\n\t\t\t\t<dt class='gallery-icon landscape'>\n\t\t\t\t\t<a class=\"rollover rollover-zoom dt-pswp-item\" title=\"258756854_4390088294422330_3182610516362898946_n\" data-dt-img-description=\"\" data-large_image_width=\"321\" data-large_image_height=\"206\"href='https:\/\/www.radiopiu.net\/wordpress\/wp-content\/uploads\/2021\/11\/258756854_4390088294422330_3182610516362898946_n.jpg'><img loading=\"lazy\" decoding=\"async\" width=\"150\" height=\"150\" src=\"https:\/\/www.radiopiu.net\/wordpress\/wp-content\/uploads\/2021\/11\/258756854_4390088294422330_3182610516362898946_n-150x150.jpg\" class=\"attachment-thumbnail size-thumbnail\" alt=\"\" \/><\/a>\n\t\t\t\t<\/dt><\/dl><br style=\"clear: both\" \/><dl class='gallery-item'>\n\t\t\t\t<dt class='gallery-icon landscape'>\n\t\t\t\t\t<a class=\"rollover rollover-zoom dt-pswp-item\" title=\"258767048_713407659646150_5437046433881977059_n\" data-dt-img-description=\"\" data-large_image_width=\"403\" data-large_image_height=\"206\"href='https:\/\/www.radiopiu.net\/wordpress\/wp-content\/uploads\/2021\/11\/258767048_713407659646150_5437046433881977059_n.jpg'><img loading=\"lazy\" decoding=\"async\" width=\"150\" height=\"150\" src=\"https:\/\/www.radiopiu.net\/wordpress\/wp-content\/uploads\/2021\/11\/258767048_713407659646150_5437046433881977059_n-150x150.jpg\" class=\"attachment-thumbnail size-thumbnail\" alt=\"\" \/><\/a>\n\t\t\t\t<\/dt><\/dl><dl class='gallery-item'>\n\t\t\t\t<dt class='gallery-icon landscape'>\n\t\t\t\t\t<a class=\"rollover rollover-zoom dt-pswp-item\" title=\"258755981_904720913807709_5900236575062329780_n\" data-dt-img-description=\"\" data-large_image_width=\"351\" data-large_image_height=\"206\"href='https:\/\/www.radiopiu.net\/wordpress\/wp-content\/uploads\/2021\/11\/258755981_904720913807709_5900236575062329780_n.jpg'><img loading=\"lazy\" decoding=\"async\" width=\"150\" height=\"150\" src=\"https:\/\/www.radiopiu.net\/wordpress\/wp-content\/uploads\/2021\/11\/258755981_904720913807709_5900236575062329780_n-150x150.jpg\" class=\"attachment-thumbnail size-thumbnail\" alt=\"\" \/><\/a>\n\t\t\t\t<\/dt><\/dl><dl class='gallery-item'>\n\t\t\t\t<dt class='gallery-icon landscape'>\n\t\t\t\t\t<a class=\"rollover rollover-zoom dt-pswp-item\" title=\"258844302_429676932074642_2359776972474933907_n\" data-dt-img-description=\"\" data-large_image_width=\"320\" data-large_image_height=\"199\"href='https:\/\/www.radiopiu.net\/wordpress\/wp-content\/uploads\/2021\/11\/258844302_429676932074642_2359776972474933907_n.jpg'><img loading=\"lazy\" decoding=\"async\" width=\"150\" height=\"150\" src=\"https:\/\/www.radiopiu.net\/wordpress\/wp-content\/uploads\/2021\/11\/258844302_429676932074642_2359776972474933907_n-150x150.jpg\" class=\"attachment-thumbnail size-thumbnail\" alt=\"\" \/><\/a>\n\t\t\t\t<\/dt><\/dl><dl class='gallery-item'>\n\t\t\t\t<dt class='gallery-icon portrait'>\n\t\t\t\t\t<a class=\"rollover rollover-zoom dt-pswp-item\" title=\"258778047_317548569910495_8678003558122354942_n\" data-dt-img-description=\"\" data-large_image_width=\"157\" data-large_image_height=\"225\"href='https:\/\/www.radiopiu.net\/wordpress\/wp-content\/uploads\/2021\/11\/258778047_317548569910495_8678003558122354942_n.jpg'><img loading=\"lazy\" decoding=\"async\" width=\"150\" height=\"150\" src=\"https:\/\/www.radiopiu.net\/wordpress\/wp-content\/uploads\/2021\/11\/258778047_317548569910495_8678003558122354942_n-150x150.jpg\" class=\"attachment-thumbnail size-thumbnail\" alt=\"\" \/><\/a>\n\t\t\t\t<\/dt><\/dl><dl class='gallery-item'>\n\t\t\t\t<dt class='gallery-icon portrait'>\n\t\t\t\t\t<a class=\"rollover rollover-zoom dt-pswp-item\" title=\"258861611_906285670029760_7784551988006173503_n\" data-dt-img-description=\"\" data-large_image_width=\"168\" data-large_image_height=\"199\"href='https:\/\/www.radiopiu.net\/wordpress\/wp-content\/uploads\/2021\/11\/258861611_906285670029760_7784551988006173503_n.jpg'><img loading=\"lazy\" decoding=\"async\" width=\"150\" height=\"150\" src=\"https:\/\/www.radiopiu.net\/wordpress\/wp-content\/uploads\/2021\/11\/258861611_906285670029760_7784551988006173503_n-150x150.jpg\" class=\"attachment-thumbnail size-thumbnail\" alt=\"\" \/><\/a>\n\t\t\t\t<\/dt><\/dl><br style=\"clear: both\" \/><dl class='gallery-item'>\n\t\t\t\t<dt class='gallery-icon portrait'>\n\t\t\t\t\t<a class=\"rollover rollover-zoom dt-pswp-item\" title=\"258731199_294773235845252_2126802276762006180_n\" data-dt-img-description=\"\" data-large_image_width=\"160\" data-large_image_height=\"198\"href='https:\/\/www.radiopiu.net\/wordpress\/wp-content\/uploads\/2021\/11\/258731199_294773235845252_2126802276762006180_n.jpg'><img loading=\"lazy\" decoding=\"async\" width=\"150\" height=\"150\" src=\"https:\/\/www.radiopiu.net\/wordpress\/wp-content\/uploads\/2021\/11\/258731199_294773235845252_2126802276762006180_n-150x150.jpg\" class=\"attachment-thumbnail size-thumbnail\" alt=\"\" \/><\/a>\n\t\t\t\t<\/dt><\/dl><dl class='gallery-item'>\n\t\t\t\t<dt class='gallery-icon landscape'>\n\t\t\t\t\t<a class=\"rollover rollover-zoom dt-pswp-item\" title=\"257495821_2882843095340437_6395902334420505208_n\" data-dt-img-description=\"\" data-large_image_width=\"320\" data-large_image_height=\"202\"href='https:\/\/www.radiopiu.net\/wordpress\/wp-content\/uploads\/2021\/11\/257495821_2882843095340437_6395902334420505208_n-1.jpg'><img loading=\"lazy\" decoding=\"async\" width=\"150\" height=\"150\" src=\"https:\/\/www.radiopiu.net\/wordpress\/wp-content\/uploads\/2021\/11\/257495821_2882843095340437_6395902334420505208_n-1-150x150.jpg\" class=\"attachment-thumbnail size-thumbnail\" alt=\"\" \/><\/a>\n\t\t\t\t<\/dt><\/dl><dl class='gallery-item'>\n\t\t\t\t<dt class='gallery-icon landscape'>\n\t\t\t\t\t<a class=\"rollover rollover-zoom dt-pswp-item\" title=\"258713463_275360734392715_670746954862502692_n\" data-dt-img-description=\"\" data-large_image_width=\"296\" data-large_image_height=\"199\"href='https:\/\/www.radiopiu.net\/wordpress\/wp-content\/uploads\/2021\/11\/258713463_275360734392715_670746954862502692_n.jpg'><img loading=\"lazy\" decoding=\"async\" width=\"150\" height=\"150\" src=\"https:\/\/www.radiopiu.net\/wordpress\/wp-content\/uploads\/2021\/11\/258713463_275360734392715_670746954862502692_n-150x150.jpg\" class=\"attachment-thumbnail size-thumbnail\" alt=\"\" \/><\/a>\n\t\t\t\t<\/dt><\/dl><dl class='gallery-item'>\n\t\t\t\t<dt class='gallery-icon portrait'>\n\t\t\t\t\t<a class=\"rollover rollover-zoom dt-pswp-item\" title=\"258525321_295873282401648_4334595134714771769_n\" data-dt-img-description=\"\" data-large_image_width=\"168\" data-large_image_height=\"201\"href='https:\/\/www.radiopiu.net\/wordpress\/wp-content\/uploads\/2021\/11\/258525321_295873282401648_4334595134714771769_n.jpg'><img loading=\"lazy\" decoding=\"async\" width=\"150\" height=\"150\" src=\"https:\/\/www.radiopiu.net\/wordpress\/wp-content\/uploads\/2021\/11\/258525321_295873282401648_4334595134714771769_n-150x150.jpg\" class=\"attachment-thumbnail size-thumbnail\" alt=\"\" \/><\/a>\n\t\t\t\t<\/dt><\/dl>\n\t\t\t\t<br style='clear: both' \/>\n\t\t\t<\/div>\n\n<p>&nbsp;<\/p>\n<hr \/>\n<p>&nbsp;<\/p>\n<blockquote>\n<h3>NUOVO CORSO PER L&#8217;AFFIDO FAMILIARE<\/h3>\n<\/blockquote>\n<p><strong>BELLUNO<\/strong> I Centri per l&#8217;Affido e la Solidariet\u00e0 Familiare\u00a0 dell&#8217;ULSS Dolomiti \u2013 \u00e8quipe di Belluno e Feltre \u2013 organizzano un corso informativo e formativo on-line sul tema dell&#8217;affido familiare, con l&#8217;auspicio che questa modalit\u00e0 possa coinvolgere pi\u00f9 facilmente un sempre maggior numero di persone da ogni parte della provincia. Il corso si svolger\u00e0 in modalit\u00e0 online il 22 e 29 novembre e il 6 dicembre dalle 17.45 alle 19.30.<\/p>\n<p>&nbsp;<\/p>\n<hr \/>\n<blockquote>\n<h3><\/h3>\n<h3>PREVENIRE \u00c8 PI\u00d9 FACILE CHE DIRE OTORINOLARINGOIATRA. OPEN DAY IL 23 NOVEMBRE<\/h3>\n<\/blockquote>\n<p><strong>BELLUNO <\/strong>Marted\u00ec 23 novembre 2021 si terr\u00e0 la prima Giornata Nazionale di Prevenzione dei Tumori promossa dalla Societ\u00e0 Italiana di Otorinolaringoiatria e Chirurgia Cervico Facciale, dedicata quest\u2019anno ai tumori del collo. Open day ORL Belluno\u00a0 Sede ambulatori dalle 9.00 alle 12.00, Open day ORL Feltre Sede ambulatori (3\u00b0 piano pad. Guarnieri) dalle 9.00 alle 12.00<\/p>\n<p>&nbsp;<\/p>\n<p>&nbsp;<\/p>\n<hr \/>\n<p>&nbsp;<\/p>\n<blockquote>\n<h3>GIOCO D&#8217;AZZARDO: OPEN DAY NEI SERD DELL&#8217;ULSS DOLOMITI<\/h3>\n<\/blockquote>\n<p><strong>BELLUNO<\/strong> Per favorire la sensibilizzazione sul tema del gioco d\u2019azzardo e le tematiche correlate, il Dipartimento per le dipendenze ha organizzato degli open day Ecco le date e i contatti a cui far riferimento: Belluno OGGI dalle 15 alle 19 (tel. 0437514971 serd.bl@aulss1.veneto.it) Feltre luned\u00ec 22 novembre 2021 dalle 15 alle 19 (tel 0439883488 serd.fe@aulss1.veneto.it) Agordo mercoled\u00ec 24 novembre 2021 dalle 15 alle 19 (0437645388 serd.ag@aulss1.veneto.it) Auronzo venerd\u00ec 26 novembre 2021 dalle 15 alle 19 (0435402681 alcologia.au@aulss1.veneto.it)<\/p>\n<p>&nbsp;<\/p>\n<p>&nbsp;<\/p>\n<p>&nbsp;<\/p>\n<hr \/>\n<blockquote>\n<h3>1921-2021 CENTENARIO TRASLAZIONE MILITE IGNOTO<\/h3>\n<\/blockquote>\n<p><strong><a href=\"https:\/\/www.radiopiu.net\/wordpress\/1921-2021-centenario-traslazione-milite-ignoto\/561854ec-f4b3-4ae4-b4ed-e714bbe50d7e\/\" rel=\"attachment wp-att-243483\"><img loading=\"lazy\" decoding=\"async\" class=\" wp-image-243483 alignleft\" src=\"https:\/\/www.radiopiu.net\/wordpress\/wp-content\/uploads\/2021\/11\/561854ec-f4b3-4ae4-b4ed-e714bbe50d7e-e1637164955730-300x169.jpg\" alt=\"\" width=\"247\" height=\"139\" srcset=\"https:\/\/www.radiopiu.net\/wordpress\/wp-content\/uploads\/2021\/11\/561854ec-f4b3-4ae4-b4ed-e714bbe50d7e-e1637164955730-300x169.jpg 300w, https:\/\/www.radiopiu.net\/wordpress\/wp-content\/uploads\/2021\/11\/561854ec-f4b3-4ae4-b4ed-e714bbe50d7e-e1637164955730-1024x576.jpg 1024w, https:\/\/www.radiopiu.net\/wordpress\/wp-content\/uploads\/2021\/11\/561854ec-f4b3-4ae4-b4ed-e714bbe50d7e-e1637164955730-768x432.jpg 768w, https:\/\/www.radiopiu.net\/wordpress\/wp-content\/uploads\/2021\/11\/561854ec-f4b3-4ae4-b4ed-e714bbe50d7e-e1637164955730-1536x864.jpg 1536w, https:\/\/www.radiopiu.net\/wordpress\/wp-content\/uploads\/2021\/11\/561854ec-f4b3-4ae4-b4ed-e714bbe50d7e-e1637164955730.jpg 1920w\" sizes=\"auto, (max-width: 247px) 100vw, 247px\" \/><\/a>CORTINA<\/strong> Domani a Cortina si terr\u00e0 il Raduno Provinciale dei Bersaglieri a ricordo della settima salma esumata nel cimitero di Monte Crepa in localit\u00e0 Belvedere. A coronamento della staffetta Cremisi Della Pace. Il programma, alle 9 a Pocol scoprimento della targa e deposizione delle corona al Sacrario; alle 10 in piazza Angelo Dibona schieramento, onori ai gonfaloni e alzabandiera; 10.30 Onori ai Caduti presso il Monumento; 11.10 la messa al Santuario Madonna della Difesa e sfilata per le vie cittadine con la corsa dei Bersaglieri. Partecipa la Fanfara <a href=\"https:\/\/www.radiopiu.net\/wordpress\/1921-2021-centenario-traslazione-milite-ignoto\/48c504f0-d0dc-4307-8cc3-8f432195d33c\/\" rel=\"attachment wp-att-243484\"><img loading=\"lazy\" decoding=\"async\" class=\" wp-image-243484 alignright\" src=\"https:\/\/www.radiopiu.net\/wordpress\/wp-content\/uploads\/2021\/11\/48c504f0-d0dc-4307-8cc3-8f432195d33c-e1637164986672-300x169.jpg\" alt=\"\" width=\"222\" height=\"125\" srcset=\"https:\/\/www.radiopiu.net\/wordpress\/wp-content\/uploads\/2021\/11\/48c504f0-d0dc-4307-8cc3-8f432195d33c-e1637164986672-300x169.jpg 300w, https:\/\/www.radiopiu.net\/wordpress\/wp-content\/uploads\/2021\/11\/48c504f0-d0dc-4307-8cc3-8f432195d33c-e1637164986672-1024x576.jpg 1024w, https:\/\/www.radiopiu.net\/wordpress\/wp-content\/uploads\/2021\/11\/48c504f0-d0dc-4307-8cc3-8f432195d33c-e1637164986672-768x432.jpg 768w, https:\/\/www.radiopiu.net\/wordpress\/wp-content\/uploads\/2021\/11\/48c504f0-d0dc-4307-8cc3-8f432195d33c-e1637164986672-1536x864.jpg 1536w, https:\/\/www.radiopiu.net\/wordpress\/wp-content\/uploads\/2021\/11\/48c504f0-d0dc-4307-8cc3-8f432195d33c-e1637164986672.jpg 1920w\" sizes=\"auto, (max-width: 222px) 100vw, 222px\" \/><\/a>Bersaglieri in congedo di Belluno e Ponte nelle Alpi.<\/p>\n<blockquote><p><em>Il piccolo cimitero di guerra, detto &#8220;Aquile delle Tofane&#8221; dove il 18 ottobre del 1921 fu disseppellita la settima salma del Milite Ignoto, era sistemata sul Monte Crepa adiacente alla strada Cortina-Passo Falzarego. L&#8217;area cimiteriale era stata allestita dagli Alpini del V Gruppo e dai Sardi del 1\/46\u00b0 e 3\/45\u00b0 della Brigata Reggio, schieratasi sulla linea Piccolo Lagazuoi-Cima Falzarego-Col dei Bois. All&#8217;interno dell&#8217;area cimiteriale nel 1916 fu costruita la cappella dal V\u00b0 Gruppo Alpini, del vecchio cimitero rimangono solo alcuni ceppi funerari.<\/em><\/p><\/blockquote>\n<p>&nbsp;<\/p>\n<p>&nbsp;<\/p>\n<hr \/>\n<p>&nbsp;<\/p>\n<blockquote>\n<h3>LA MESSA PER I CADUTI SUL LAVORO<\/h3>\n<\/blockquote>\n<p><strong>AGORDO<\/strong>\u00a0 Anche quest&#8217;anno per iniziativa della Nuova Corale &#8211; Coro parrocchiale di Agordo,\u00a0 sar\u00e0 celebrata la Messa per i caduti sul lavoro: domenica 21 novembre alle 18.00, nella Chiesa Arcidiaconale di Agordo. E&#8217; il <b>39\u00b0 anno<\/b> in cui si svolge questa celebrazione, che vuole unirsi nel dolore e nel ricordo dei propri cari ai familiari dei caduti, oltre che sottolineare l&#8217;importanza dei valori della vita e del lavoro e quindi della sicurezza nei luoghi di lavoro.<\/p>\n<div class=\"moz-text-html\" lang=\"x-unicode\">\n<div dir=\"auto\">\n<div dir=\"auto\">\n<div dir=\"auto\">\n<div>\n<div>\n<div dir=\"auto\">\n<div dir=\"auto\">\n<div>\n<div><\/div>\n<div dir=\"ltr\"><\/div>\n<div dir=\"ltr\">\n<hr \/>\n<\/div>\n<blockquote>\n<h3 dir=\"ltr\">MERCATINO DI NATALE A FALCADE<\/h3>\n<\/blockquote>\n<div dir=\"ltr\"><strong>FALCADE<\/strong>\u00a0 L&#8217;associazione albergatori, ristoratori e rifugi della Valle del Biois mette e disposizione le casette per i mercatini natalizi sulla piazza di Falcade per il periodo natalizio. Gli interessati ad esporre possono rivolgersi all&#8217;ufficio Promo Falcade, telefono 334 7230117 oppure 329 7603762<\/div>\n<div dir=\"ltr\"><\/div>\n<div dir=\"ltr\"><\/div>\n<div dir=\"ltr\">\n<hr \/>\n<\/div>\n<div dir=\"ltr\"><\/div>\n<div dir=\"ltr\">\n<blockquote>\n<h3>SABATO POMERIGGIO A CENCENIGHE LA PREMIAZIONE DEGLI ALUNNI DELLE SCUOLE<\/h3>\n<p>DI MATTEO MANFROI<\/p>\n<audio class=\"wp-audio-shortcode\" id=\"audio-243729-9\" preload=\"none\" style=\"width: 100%;\" controls=\"controls\"><source type=\"audio\/mpeg\" src=\"https:\/\/www.radiopiu.net\/wordpress\/wp-content\/uploads\/2021\/11\/matteo-1.mp3?_=9\" \/><a href=\"https:\/\/www.radiopiu.net\/wordpress\/wp-content\/uploads\/2021\/11\/matteo-1.mp3\">https:\/\/www.radiopiu.net\/wordpress\/wp-content\/uploads\/2021\/11\/matteo-1.mp3<\/a><\/audio><\/blockquote>\n<blockquote class=\"wp-embedded-content\" data-secret=\"Ow4qolP8xy\"><p><a href=\"https:\/\/www.radiopiu.net\/wordpress\/le-premiazioni-del-concorso-fotografico-i-colori-dellautunno\/\">LE PREMIAZIONI DEL CONCORSO FOTOGRAFICO &#8220;I COLORI DELL&#8217;AUTUNNO&#8221;<\/a><\/p><\/blockquote>\n<p><iframe loading=\"lazy\" class=\"wp-embedded-content\" sandbox=\"allow-scripts\" security=\"restricted\" style=\"position: absolute; clip: rect(1px, 1px, 1px, 1px);\" title=\"&#8220;LE PREMIAZIONI DEL CONCORSO FOTOGRAFICO &#8220;I COLORI DELL&#8217;AUTUNNO&#8221;&#8221; &#8212; Radio Pi\u00f9\" src=\"https:\/\/www.radiopiu.net\/wordpress\/le-premiazioni-del-concorso-fotografico-i-colori-dellautunno\/embed\/#?secret=Ow4qolP8xy\" data-secret=\"Ow4qolP8xy\" width=\"600\" height=\"338\" frameborder=\"0\" marginwidth=\"0\" marginheight=\"0\" scrolling=\"no\"><\/iframe><\/p>\n<\/div>\n<\/div>\n<\/div>\n<\/div>\n<\/div>\n<\/div>\n<\/div>\n<\/div>\n<\/div>\n<\/div>\n<p>&nbsp;<\/p>\n<p>&nbsp;<\/p>\n<hr \/>\n<p>&nbsp;<\/p>\n<blockquote>\n<h3>OGGI AD AGORDO, PULIZIA DELLA FONTANA, APPUNTAMENTO ALLE 7.30 CON BRUSCHIN ALLA MANO<\/h3>\n<\/blockquote>\n<div dir=\"auto\"><strong>\u00a0<\/strong><\/div>\n<div dir=\"auto\"><strong>AGORDO<\/strong> Un messaggio accattivante quello di Stefano Parissenti pubblicato sulla pagina Sei di Agordo Se&#8230; Una bella iniziativa, dare un volto nuovo alla fontana di Piazza Libert\u00e0 con l&#8217;aiuto di tutti, del volontariato del tanto amato piodech. Stefano da appuntamento a chi lo desidera questa mattina, in piazza alle 7.30, unico utensile richiesto &#8220;el bruschin&#8221;\u00a0 ovvero la spazzola per lavandaie o per ripulire i pavimenti, fatta di radiche di saggina e altro materiale.<br \/>\nEcco il messaggio tutto agordino di Stefano : <em>&#8221; Stasera en cin de scondion, ho fat la proa de net\u00e0 el de fora de la fontana de la piaza. (lato stendardo). Solche con el BRUSCHIN e oio de gomito. Me par ben. Alora ho pens\u00e0 de fa el laoro, SABATO MATTINA ALLE 7.30. Ve spete armadi de bruschin. Insieme fon presto e ben. E dopo fon merenda<\/em>&#8220;.<\/div>\n<div dir=\"auto\"><\/div>\n<div dir=\"auto\">\n\n\t\t\t<style type='text\/css'>\n\t\t\t\t#gallery-6 {\n\t\t\t\t\tmargin: auto;\n\t\t\t\t}\n\t\t\t\t#gallery-6 .gallery-item {\n\t\t\t\t\tfloat: left;\n\t\t\t\t\tmargin-top: 10px;\n\t\t\t\t\ttext-align: center;\n\t\t\t\t\twidth: 33%;\n\t\t\t\t}\n\t\t\t\t#gallery-6 img {\n\t\t\t\t\tborder: 2px solid #cfcfcf;\n\t\t\t\t}\n\t\t\t\t#gallery-6 .gallery-caption {\n\t\t\t\t\tmargin-left: 0;\n\t\t\t\t}\n\t\t\t\t\/* see gallery_shortcode() in wp-includes\/media.php *\/\n\t\t\t<\/style>\n\t\t<div id='gallery-6' class='dt-gallery-container gallery galleryid-243729 gallery-columns-3 gallery-size-thumbnail'><dl class='gallery-item'>\n\t\t\t\t<dt class='gallery-icon portrait'>\n\t\t\t\t\t<a class=\"rollover rollover-zoom dt-pswp-item\" title=\"257276573_10224183858856565_7758813278273747919_n\" data-dt-img-description=\"\" data-large_image_width=\"450\" data-large_image_height=\"600\"href='https:\/\/www.radiopiu.net\/wordpress\/wp-content\/uploads\/2021\/11\/257276573_10224183858856565_7758813278273747919_n.jpg'><img loading=\"lazy\" decoding=\"async\" width=\"150\" height=\"150\" src=\"https:\/\/www.radiopiu.net\/wordpress\/wp-content\/uploads\/2021\/11\/257276573_10224183858856565_7758813278273747919_n-150x150.jpg\" class=\"attachment-thumbnail size-thumbnail\" alt=\"\" \/><\/a>\n\t\t\t\t<\/dt><\/dl><dl class='gallery-item'>\n\t\t\t\t<dt class='gallery-icon portrait'>\n\t\t\t\t\t<a class=\"rollover rollover-zoom dt-pswp-item\" title=\"257681265_10224183860216599_6529637304549828596_n\" data-dt-img-description=\"\" data-large_image_width=\"450\" data-large_image_height=\"600\"href='https:\/\/www.radiopiu.net\/wordpress\/wp-content\/uploads\/2021\/11\/257681265_10224183860216599_6529637304549828596_n.jpg'><img loading=\"lazy\" decoding=\"async\" width=\"150\" height=\"150\" src=\"https:\/\/www.radiopiu.net\/wordpress\/wp-content\/uploads\/2021\/11\/257681265_10224183860216599_6529637304549828596_n-150x150.jpg\" class=\"attachment-thumbnail size-thumbnail\" alt=\"\" \/><\/a>\n\t\t\t\t<\/dt><\/dl><dl class='gallery-item'>\n\t\t\t\t<dt class='gallery-icon landscape'>\n\t\t\t\t\t<a class=\"rollover rollover-zoom dt-pswp-item\" title=\"257486474_10224183861576633_4051660093197420325_n\" data-dt-img-description=\"\" data-large_image_width=\"600\" data-large_image_height=\"450\"href='https:\/\/www.radiopiu.net\/wordpress\/wp-content\/uploads\/2021\/11\/257486474_10224183861576633_4051660093197420325_n.jpg'><img loading=\"lazy\" decoding=\"async\" width=\"150\" height=\"150\" src=\"https:\/\/www.radiopiu.net\/wordpress\/wp-content\/uploads\/2021\/11\/257486474_10224183861576633_4051660093197420325_n-150x150.jpg\" class=\"attachment-thumbnail size-thumbnail\" alt=\"\" \/><\/a>\n\t\t\t\t<\/dt><\/dl><br style=\"clear: both\" \/>\n\t\t\t<\/div>\n\n<p>&nbsp;<\/p>\n<\/div>\n<p>&nbsp;<\/p>\n<p>&nbsp;<\/p>\n<hr \/>\n<p>&nbsp;<\/p>\n<blockquote>\n<h3>NEL CASTELLO DI BARBABLU, DOMENICA ALLE 17 AL TEATRO COMUNALE DI BELLUNO<\/h3>\n<\/blockquote>\n<h3><a href=\"https:\/\/www.radiopiu.net\/wordpress\/235499-2q\/247967093_3040184876228480_2357238744737972059_n\/\" rel=\"attachment wp-att-243035\"><img loading=\"lazy\" decoding=\"async\" class=\"size-medium wp-image-243035 alignleft\" src=\"https:\/\/www.radiopiu.net\/wordpress\/wp-content\/uploads\/2021\/10\/247967093_3040184876228480_2357238744737972059_n-300x114.jpg\" alt=\"\" width=\"300\" height=\"114\" srcset=\"https:\/\/www.radiopiu.net\/wordpress\/wp-content\/uploads\/2021\/10\/247967093_3040184876228480_2357238744737972059_n-300x114.jpg 300w, https:\/\/www.radiopiu.net\/wordpress\/wp-content\/uploads\/2021\/10\/247967093_3040184876228480_2357238744737972059_n-768x293.jpg 768w, https:\/\/www.radiopiu.net\/wordpress\/wp-content\/uploads\/2021\/10\/247967093_3040184876228480_2357238744737972059_n.jpg 960w\" sizes=\"auto, (max-width: 300px) 100vw, 300px\" \/><\/a>\u00a0INTERVISTA ALL&#8217;ATTRICE ANNABELLA TEDONE, COMPAGNIA KUZIBA<\/h3>\n<p>di Mirko Mezzacasa<\/p>\n<p>&nbsp;<\/p>\n<audio class=\"wp-audio-shortcode\" id=\"audio-243729-10\" preload=\"none\" style=\"width: 100%;\" controls=\"controls\"><source type=\"audio\/mpeg\" src=\"https:\/\/www.radiopiu.net\/wordpress\/wp-content\/uploads\/2021\/11\/annabella.mp3?_=10\" \/><a href=\"https:\/\/www.radiopiu.net\/wordpress\/wp-content\/uploads\/2021\/11\/annabella.mp3\">https:\/\/www.radiopiu.net\/wordpress\/wp-content\/uploads\/2021\/11\/annabella.mp3<\/a><\/audio>\n<p><span style=\"color: #ff0000;\"><strong>SERVIZI PRECEDENTI,\u00a0 TIB-TEATRO BELLUNO<\/strong><\/span><\/p>\n<blockquote class=\"wp-embedded-content\" data-secret=\"YwmCyUO0lv\"><p><a href=\"https:\/\/www.radiopiu.net\/wordpress\/235499-2q\/\">NEL CASTELLO DI BARBABLU, DOMENICA ALLE 17 AL TEATRO COMUNALE DI BELLUNO<\/a><\/p><\/blockquote>\n<p><iframe loading=\"lazy\" class=\"wp-embedded-content\" sandbox=\"allow-scripts\" security=\"restricted\" style=\"position: absolute; clip: rect(1px, 1px, 1px, 1px);\" title=\"&#8220;NEL CASTELLO DI BARBABLU, DOMENICA ALLE 17 AL TEATRO COMUNALE DI BELLUNO&#8221; &#8212; Radio Pi\u00f9\" src=\"https:\/\/www.radiopiu.net\/wordpress\/235499-2q\/embed\/#?secret=YwmCyUO0lv\" data-secret=\"YwmCyUO0lv\" width=\"600\" height=\"338\" frameborder=\"0\" marginwidth=\"0\" marginheight=\"0\" scrolling=\"no\"><\/iframe><\/p>\n<p>&nbsp;<\/p>\n<p>&nbsp;<\/p>\n<hr \/>\n<p>&nbsp;<\/p>\n<p>&nbsp;<\/p>\n<blockquote>\n<h3>TERZA OPPORTUNIT\u00c0, ECCO IL VIDEO DEDICATO A GIOVANI E ANZIANI BELLUNESI<\/h3>\n<\/blockquote>\n<p><strong>BELLUNO<\/strong> \u00c8 disponibile, a partire dalla home page del sito www.csvbelluno.it il nuovo video di Laboratorio Inquadrati dedicato al progetto \u201cTerza Opportunit\u00e0\u201d promosso dal Comitato d\u2019Intesa fin dall\u2019autunno 2020 e conclusosi da poco. Nel filmato tante testimonianze di over 65 e under 30, impegnati negli otto laboratori proposti<\/p>\n<p>&nbsp;<\/p>\n\n\t\t\t<style type='text\/css'>\n\t\t\t\t#gallery-7 {\n\t\t\t\t\tmargin: auto;\n\t\t\t\t}\n\t\t\t\t#gallery-7 .gallery-item {\n\t\t\t\t\tfloat: left;\n\t\t\t\t\tmargin-top: 10px;\n\t\t\t\t\ttext-align: center;\n\t\t\t\t\twidth: 25%;\n\t\t\t\t}\n\t\t\t\t#gallery-7 img {\n\t\t\t\t\tborder: 2px solid #cfcfcf;\n\t\t\t\t}\n\t\t\t\t#gallery-7 .gallery-caption {\n\t\t\t\t\tmargin-left: 0;\n\t\t\t\t}\n\t\t\t\t\/* see gallery_shortcode() in wp-includes\/media.php *\/\n\t\t\t<\/style>\n\t\t<div id='gallery-7' class='dt-gallery-container gallery galleryid-243729 gallery-columns-4 gallery-size-thumbnail'><dl class='gallery-item'>\n\t\t\t\t<dt class='gallery-icon portrait'>\n\t\t\t\t\t<a class=\"rollover rollover-zoom dt-pswp-item\" title=\"terzo documento 2\" data-dt-img-description=\"\" data-large_image_width=\"1200\" data-large_image_height=\"1600\"href='https:\/\/www.radiopiu.net\/wordpress\/wp-content\/uploads\/2021\/11\/terzo-documento-2.jpeg'><img loading=\"lazy\" decoding=\"async\" width=\"150\" height=\"150\" src=\"https:\/\/www.radiopiu.net\/wordpress\/wp-content\/uploads\/2021\/11\/terzo-documento-2-150x150.jpeg\" class=\"attachment-thumbnail size-thumbnail\" alt=\"\" \/><\/a>\n\t\t\t\t<\/dt><\/dl><dl class='gallery-item'>\n\t\t\t\t<dt class='gallery-icon landscape'>\n\t\t\t\t\t<a class=\"rollover rollover-zoom dt-pswp-item\" title=\"Terzo racconto _\" data-dt-img-description=\"\" data-large_image_width=\"2048\" data-large_image_height=\"1152\"href='https:\/\/www.radiopiu.net\/wordpress\/wp-content\/uploads\/2021\/11\/Terzo-racconto-_.jpg'><img loading=\"lazy\" decoding=\"async\" width=\"150\" height=\"150\" src=\"https:\/\/www.radiopiu.net\/wordpress\/wp-content\/uploads\/2021\/11\/Terzo-racconto-_-150x150.jpg\" class=\"attachment-thumbnail size-thumbnail\" alt=\"\" \/><\/a>\n\t\t\t\t<\/dt><\/dl><dl class='gallery-item'>\n\t\t\t\t<dt class='gallery-icon landscape'>\n\t\t\t\t\t<a class=\"rollover rollover-zoom dt-pswp-item\" title=\"terzo libro 3\" data-dt-img-description=\"\" data-large_image_width=\"800\" data-large_image_height=\"450\"href='https:\/\/www.radiopiu.net\/wordpress\/wp-content\/uploads\/2021\/11\/terzo-libro-3.jpg'><img loading=\"lazy\" decoding=\"async\" width=\"150\" height=\"150\" src=\"https:\/\/www.radiopiu.net\/wordpress\/wp-content\/uploads\/2021\/11\/terzo-libro-3-150x150.jpg\" class=\"attachment-thumbnail size-thumbnail\" alt=\"\" \/><\/a>\n\t\t\t\t<\/dt><\/dl><dl class='gallery-item'>\n\t\t\t\t<dt class='gallery-icon landscape'>\n\t\t\t\t\t<a class=\"rollover rollover-zoom dt-pswp-item\" title=\"terzo orto\" data-dt-img-description=\"\" data-large_image_width=\"2048\" data-large_image_height=\"1152\"href='https:\/\/www.radiopiu.net\/wordpress\/wp-content\/uploads\/2021\/11\/terzo-orto.jpg'><img loading=\"lazy\" decoding=\"async\" width=\"150\" height=\"150\" src=\"https:\/\/www.radiopiu.net\/wordpress\/wp-content\/uploads\/2021\/11\/terzo-orto-150x150.jpg\" class=\"attachment-thumbnail size-thumbnail\" alt=\"\" \/><\/a>\n\t\t\t\t<\/dt><\/dl><br style=\"clear: both\" \/>\n\t\t\t<\/div>\n\n<p>\u200b<\/p>\n<h3><\/h3>\n<hr \/>\n<p>&nbsp;<\/p>\n<blockquote>\n<h3>IL 27 E 28 NOVEMBRE LA FIERA DI SANT&#8217;ANDREA A CENCENIGHE<\/h3>\n<\/blockquote>\n<p><strong>CENCENIGHE\u00a0<\/strong>Il Comune e la Pro Loco di Cencenighe organizzano per sabato 27 e domenica 28 novembre la Fiera di Sant&#8217;Andrea presso il Nof Fil\u00f2 dalle 9 alle 19. Mercatino dell&#8217;artigianato, camioncino delle caramelle e servizio bar e pranzo da asporto. Dall 10 alle 16 la possibilit\u00e0 di fare un giro in pony o cavallo, l&#8217;esposizione degli animali sul piazzale del municipio, la ferratura del cavallo e l&#8217;esibizione di scultura su legno. All&#8217;esterno anche il chiosco degli Alpini con vin brul\u00e8 e caldarroste.<\/p>\n<p>&nbsp;<\/p>\n<p>&nbsp;<\/p>\n<hr \/>\n<p>&nbsp;<\/p>\n<blockquote>\n<h3>NOVEMBRE, IL MESE DELLA CORALITA&#8217;<\/h3>\n<\/blockquote>\n<p><strong><a href=\"https:\/\/www.radiopiu.net\/wordpress\/novembre-il-mese-della-coralita\/asac-veneto\/\" rel=\"attachment wp-att-241021\"><img loading=\"lazy\" decoding=\"async\" class=\" wp-image-241021 alignleft\" src=\"https:\/\/www.radiopiu.net\/wordpress\/wp-content\/uploads\/2021\/11\/ASAC-VENETO-300x167.png\" alt=\"\" width=\"210\" height=\"117\" srcset=\"https:\/\/www.radiopiu.net\/wordpress\/wp-content\/uploads\/2021\/11\/ASAC-VENETO-300x167.png 300w, https:\/\/www.radiopiu.net\/wordpress\/wp-content\/uploads\/2021\/11\/ASAC-VENETO.png 534w\" sizes=\"auto, (max-width: 210px) 100vw, 210px\" \/><\/a>BELLUNO<\/strong> Gli appuntamenti: oggi nella Sala \u201cmons. Vincenzo Savio\u201d di Agordo il Coro Antica Eco di Puos d\u2019Alpago ed il Coro Rualan di Valle di Cadore. \u201cDolomiti in coro 2021\u201d si chiudera\u0300 sabato 27 novembre nella Chiesa parrocchiale di Longarone con il Coro Voci delle Dolomiti, il Gruppo Solo Voci di Feltre ed il Coro Cadore di Pieve di Cadore<\/p>\n<p>&nbsp;<\/p>\n<p>&nbsp;<\/p>\n<p>&nbsp;<\/p>\n<p>&nbsp;<\/p>\n<hr \/>\n<p>&nbsp;<\/p>\n<blockquote>\n<h3>UNION DEI LADINS DA FODOM E IL RINNOVO DEL CONSIGLIO<\/h3>\n<\/blockquote>\n<p><strong>LIVINALLONGO<\/strong> Domani al Taulac di Pieve di Livinallongo l&#8217;Union Ladins De Fodom rinnover\u00e0 il consiglio. Nell&#8217;occasione verr\u00e0 presentata la ristampa del libro Lerbe, flou e pl\u00e0nte da Fodom&#8221;. La cittadinanza \u00e8 invitata a partecipare, obbligo di green pass.<\/p>\n<p>&nbsp;<\/p>\n<p>&nbsp;<\/p>\n<hr \/>\n<p>&nbsp;<\/p>\n<blockquote>\n<h3>PROSEGUONO GLI SPETTACOLI DI MISTERO A SOSPIROLO<\/h3>\n<\/blockquote>\n<p><strong>SOSPIROLO <\/strong>\u00a0Domani alle 10.30 al Centro civico, appuntamento con le premiazioni del 12\u00b0 concorso letterario \u201cSospirolo tra leggende e misteri\u201d con lettura musicata dei racconti vincitori, a cura di Candida Capraro e Cristina Gianni e la giuria presieduta dalla scrittrice Antonia Arslan, cittadina onoraria di Sospirolo.<\/p>\n<p>&nbsp;<\/p>\n<p>&nbsp;<\/p>\n<hr \/>\n<p>&nbsp;<\/p>\n<h1><span style=\"color: #ff0000;\">IERI ALLA RADIO&#8230;\u00a0<\/span><\/h1>\n<blockquote>\n<h3>CASSA SOLIDARIETA&#8217; AZIENDALE LUXOTTICA<\/h3>\n<\/blockquote>\n<blockquote>\n<h3><a class=\"dt-pswp-item\" href=\"https:\/\/www.radiopiu.net\/wordpress\/wp-content\/uploads\/2020\/06\/d888d3f2-a895-4a2e-bc7e-dba64c0be174.jpg\" data-dt-img-description=\"\" data-large_image_width=\"2048\" data-large_image_height=\"1536\"><img loading=\"lazy\" decoding=\"async\" class=\" wp-image-144888 alignleft\" src=\"https:\/\/www.radiopiu.net\/wordpress\/wp-content\/uploads\/2020\/06\/d888d3f2-a895-4a2e-bc7e-dba64c0be174-300x225.jpg\" alt=\"\" width=\"149\" height=\"112\" srcset=\"https:\/\/www.radiopiu.net\/wordpress\/wp-content\/uploads\/2020\/06\/d888d3f2-a895-4a2e-bc7e-dba64c0be174-300x225.jpg 300w, https:\/\/www.radiopiu.net\/wordpress\/wp-content\/uploads\/2020\/06\/d888d3f2-a895-4a2e-bc7e-dba64c0be174-1024x768.jpg 1024w, https:\/\/www.radiopiu.net\/wordpress\/wp-content\/uploads\/2020\/06\/d888d3f2-a895-4a2e-bc7e-dba64c0be174-768x576.jpg 768w, https:\/\/www.radiopiu.net\/wordpress\/wp-content\/uploads\/2020\/06\/d888d3f2-a895-4a2e-bc7e-dba64c0be174-1536x1152.jpg 1536w, https:\/\/www.radiopiu.net\/wordpress\/wp-content\/uploads\/2020\/06\/d888d3f2-a895-4a2e-bc7e-dba64c0be174.jpg 2048w\" sizes=\"auto, (max-width: 149px) 100vw, 149px\" \/><\/a>APPUNTAMENTO MENSILE CON FABRIZIO CAMPEDEL E PAOLO CHISSALE&#8217;<\/h3>\n<\/blockquote>\n<p><strong>di Claudio Fontanive\u00a0<\/strong><\/p>\n<p>&nbsp;<\/p>\n<p>&nbsp;<\/p>\n<audio class=\"wp-audio-shortcode\" id=\"audio-243729-11\" preload=\"none\" style=\"width: 100%;\" controls=\"controls\"><source type=\"audio\/mpeg\" src=\"https:\/\/www.radiopiu.net\/wordpress\/wp-content\/uploads\/2021\/11\/ca-sol-lux-novembre-2021.mp3?_=11\" \/><a href=\"https:\/\/www.radiopiu.net\/wordpress\/wp-content\/uploads\/2021\/11\/ca-sol-lux-novembre-2021.mp3\">https:\/\/www.radiopiu.net\/wordpress\/wp-content\/uploads\/2021\/11\/ca-sol-lux-novembre-2021.mp3<\/a><\/audio>\n<blockquote class=\"wp-embedded-content\" data-secret=\"ILNa4WGMaK\"><p><a href=\"https:\/\/www.radiopiu.net\/wordpress\/cassa-solidarieta-luxottica-puntata-del-16-ottobre-2020\/\">CASSA SOLIDARIET\u00c0 LUXOTTICA &#8211; TUTTE LE PUNTATE<\/a><\/p><\/blockquote>\n<p><iframe loading=\"lazy\" class=\"wp-embedded-content\" sandbox=\"allow-scripts\" security=\"restricted\" style=\"position: absolute; clip: rect(1px, 1px, 1px, 1px);\" title=\"&#8220;CASSA SOLIDARIET\u00c0 LUXOTTICA &#8211; TUTTE LE PUNTATE&#8221; &#8212; Radio Pi\u00f9\" src=\"https:\/\/www.radiopiu.net\/wordpress\/cassa-solidarieta-luxottica-puntata-del-16-ottobre-2020\/embed\/#?secret=ILNa4WGMaK\" data-secret=\"ILNa4WGMaK\" width=\"600\" height=\"338\" frameborder=\"0\" marginwidth=\"0\" marginheight=\"0\" scrolling=\"no\"><\/iframe><\/p>\n<p>&nbsp;<\/p>\n<p>&nbsp;<\/p>\n<hr \/>\n<p>&nbsp;<\/p>\n<h1><span style=\"color: #ff0000;\">IERI ALLA RADIO&#8230;\u00a0<\/span><\/h1>\n<blockquote>\n<h3>PASSIONI FAMILIARI PER FEDERICA, GABRIELE E CHIARA &#8211; AUDIO &#8211;<\/h3>\n<\/blockquote>\n<blockquote><p><strong><em>G<\/em><\/strong><em><strong>li ex campioni azzurri hanno accolto l<\/strong><strong>\u2019<\/strong><strong>invito degli organizzatori del Gs La Piave 2000 e torneranno a gareggiare domenica 21 novembre a Bribano. Tra i pi\u00f9 giovani, al via anche la figlia Chiara che, nella categoria Cuccioli, ha vinto le due precedenti prove\u00a0\u00a0\u00a0\u00a0\u00a0\u00a0 <\/strong><\/em><\/p><\/blockquote>\n<p>&nbsp;<\/p>\n<p><a href=\"https:\/\/www.radiopiu.net\/wordpress\/de-nard-e-dal-ri-tra-i-500-del-cross-csi-di-sedico-con-la-figlia-chiara\/de_nard-jpg-620x0_q70_crop-scale\/\" rel=\"attachment wp-att-243808\"><img loading=\"lazy\" decoding=\"async\" class=\"wp-image-243808 alignleft\" src=\"https:\/\/www.radiopiu.net\/wordpress\/wp-content\/uploads\/2021\/11\/de_nard.jpg.620x0_q70_crop-scale-300x225.jpg\" alt=\"\" width=\"132\" height=\"99\" srcset=\"https:\/\/www.radiopiu.net\/wordpress\/wp-content\/uploads\/2021\/11\/de_nard.jpg.620x0_q70_crop-scale-300x225.jpg 300w, https:\/\/www.radiopiu.net\/wordpress\/wp-content\/uploads\/2021\/11\/de_nard.jpg.620x0_q70_crop-scale.jpg 400w\" sizes=\"auto, (max-width: 132px) 100vw, 132px\" \/><\/a>L&#8217;INTERVISTA A GABRIELE DE NARD<\/p>\n<p>di CLAUDIO FONTANIVE<\/p>\n<p>AUDIO<\/p>\n<p>&nbsp;<\/p>\n<audio class=\"wp-audio-shortcode\" id=\"audio-243729-12\" preload=\"none\" style=\"width: 100%;\" controls=\"controls\"><source type=\"audio\/mpeg\" src=\"https:\/\/www.radiopiu.net\/wordpress\/wp-content\/uploads\/2021\/11\/gabriele-de-nard-1.mp3?_=12\" \/><a href=\"https:\/\/www.radiopiu.net\/wordpress\/wp-content\/uploads\/2021\/11\/gabriele-de-nard-1.mp3\">https:\/\/www.radiopiu.net\/wordpress\/wp-content\/uploads\/2021\/11\/gabriele-de-nard-1.mp3<\/a><\/audio>\n<p>&nbsp;<\/p>\n<p>&nbsp;<\/p>\n<p>&nbsp;<\/p>\n<hr \/>\n<p>&nbsp;<\/p>\n<h1><span style=\"color: #ff0000;\">IERI ALLA RADIO&#8230;\u00a0<\/span><\/h1>\n<blockquote>\n<h3>CANZONI E PAROLE RACCONTANO LE DONNE<\/h3>\n<\/blockquote>\n<p><strong><a class=\"dt-pswp-item\" href=\"https:\/\/www.radiopiu.net\/wordpress\/wp-content\/uploads\/2020\/07\/Daniele-Galligani.jpg\" data-dt-img-description=\"\" data-large_image_width=\"2048\" data-large_image_height=\"1362\"><img loading=\"lazy\" decoding=\"async\" class=\"size-thumbnail wp-image-149501 alignleft\" src=\"https:\/\/www.radiopiu.net\/wordpress\/wp-content\/uploads\/2020\/07\/Daniele-Galligani-150x150.jpg\" alt=\"\" width=\"150\" height=\"150\" \/><\/a><\/strong><\/p>\n<p>&nbsp;<\/p>\n<p><strong>OSPITE Daniele Galligani, presidente ProlocoAgordo\u00a0<\/strong><\/p>\n<p><strong>di Claudio Fontanive\u00a0<\/strong><\/p>\n<p><strong>AUDIO\u00a0 \u00a0<\/strong><\/p>\n<p>&nbsp;<\/p>\n<p>&nbsp;<\/p>\n<audio class=\"wp-audio-shortcode\" id=\"audio-243729-13\" preload=\"none\" style=\"width: 100%;\" controls=\"controls\"><source type=\"audio\/mpeg\" src=\"https:\/\/www.radiopiu.net\/wordpress\/wp-content\/uploads\/2021\/11\/daniele-galligani-19-novembre-1.mp3?_=13\" \/><a href=\"https:\/\/www.radiopiu.net\/wordpress\/wp-content\/uploads\/2021\/11\/daniele-galligani-19-novembre-1.mp3\">https:\/\/www.radiopiu.net\/wordpress\/wp-content\/uploads\/2021\/11\/daniele-galligani-19-novembre-1.mp3<\/a><\/audio>\n<blockquote>\n<div class=\"kvgmc6g5 cxmmr5t8 oygrvhab hcukyx3x c1et5uql\">In occasione della giornata internazionale contro la violenza sulle donne Ad Agordo Proloco e Belluno Donna organizzano &#8220;Canzoni e parole raccontano le donne&#8221;. \u00a0Un percorso che tra musica e parole ti racconter\u00e0 la condizione delle donne nella prima met\u00e0 del secolo scorso.\u00a0 Sabato 27 novembre 2021 presso l&#8217;auditorium del Centro Parrocchiale mons. Vincenzo Savio ore 20.30.\u00a0 Prenotazione obbligatoria al seguente link:<a class=\"oajrlxb2 g5ia77u1 qu0x051f esr5mh6w e9989ue4 r7d6kgcz rq0escxv nhd2j8a9 nc684nl6 p7hjln8o kvgmc6g5 cxmmr5t8 oygrvhab hcukyx3x jb3vyjys rz4wbd8a qt6c0cv9 a8nywdso i1ao9s8h esuyzwwr f1sip0of lzcic4wl py34i1dx gpro0wi8\" tabindex=\"0\" role=\"link\" href=\"https:\/\/canzoni-e-parole-raccontano-le-donne.eventbrite.it\/?fbclid=IwAR3TwrnbztjUlVcpdQ_fBLKBFEJCTNZ4vpP-WAsQhMWxW-R8jzq8hU2KVPY\" target=\"_blank\" rel=\"nofollow noopener\"> https:\/\/canzoni-e-parole-raccontano-le-donne.eventbrite.it\/<\/a>\u00a0e dal 22 novembre anche presso l&#8217;Ufficio Turistico di Agordo &#8211; via XXVII aprile n. 2 &#8211; AGORDO \u00a0Biglietto gratuito con richiesta di offerta all&#8217;ingresso In rispetto delle normative COVID-19 \u00e8 richiesto il Green Pass per poter accedere all&#8217;evento<\/div>\n<\/blockquote>\n<p>&nbsp;<\/p>\n<p>&nbsp;<\/p>\n<p>&nbsp;<\/p>\n<hr \/>\n<p>&nbsp;<\/p>\n<div>\n<div class=\"b654a4as d2edcug0\">\n<div class=\"rq0escxv hkbzh7o3 jwdofwj8 n8tt0mok r8blr3vg hyh9befq\">\n<p><a class=\"dt-pswp-item\" href=\"https:\/\/www.radiopiu.net\/wordpress\/wp-content\/uploads\/2020\/10\/pp.jpg\" data-dt-img-description=\"\" data-large_image_width=\"640\" data-large_image_height=\"640\"><img loading=\"lazy\" decoding=\"async\" class=\"wp-image-163678 alignleft\" src=\"https:\/\/www.radiopiu.net\/wordpress\/wp-content\/uploads\/2020\/10\/pp-300x300.jpg\" alt=\"\" width=\"106\" height=\"106\" srcset=\"https:\/\/www.radiopiu.net\/wordpress\/wp-content\/uploads\/2020\/10\/pp-300x300.jpg 300w, https:\/\/www.radiopiu.net\/wordpress\/wp-content\/uploads\/2020\/10\/pp-150x150.jpg 150w, https:\/\/www.radiopiu.net\/wordpress\/wp-content\/uploads\/2020\/10\/pp-125x125.jpg 125w, https:\/\/www.radiopiu.net\/wordpress\/wp-content\/uploads\/2020\/10\/pp-200x200.jpg 200w, https:\/\/www.radiopiu.net\/wordpress\/wp-content\/uploads\/2020\/10\/pp-80x80.jpg 80w, https:\/\/www.radiopiu.net\/wordpress\/wp-content\/uploads\/2020\/10\/pp-480x480.jpg 480w, https:\/\/www.radiopiu.net\/wordpress\/wp-content\/uploads\/2020\/10\/pp.jpg 640w\" sizes=\"auto, (max-width: 106px) 100vw, 106px\" \/><\/a><\/p>\n<\/div>\n<\/div>\n<\/div>\n<div>\n<div class=\"page-title-head hgroup\">\n<div class=\"page-title-head hgroup\">\n<div class=\"b654a4as d2edcug0\">\n<div class=\"j83agx80 btwxx1t3 lhclo0ds hop8lmos nkwizq5d scwd0bx6 roh60bw9\">\n<div class=\"rq0escxv hkbzh7o3 jwdofwj8 n8tt0mok r8blr3vg hyh9befq\">\n<div class=\"do00u71z l9j0dhe7 k4urcfbm\">\n<h2><span style=\"color: #000080;\">DON CESARE, IL PENSIERO DEL GIORNO. ALLA RADIO ALLE 7 DEL MATTINO E ALLE 19.30 DELLA SERA.\u00a0\u00a0<\/span><\/h2>\n<p>&nbsp;<\/p>\n<p>&nbsp;<\/p>\n<audio class=\"wp-audio-shortcode\" id=\"audio-243729-14\" preload=\"none\" style=\"width: 100%;\" controls=\"controls\"><source type=\"audio\/mpeg\" src=\"https:\/\/www.radiopiu.net\/wordpress\/wp-content\/uploads\/2021\/11\/cesare-11.mp3?_=14\" \/><a href=\"https:\/\/www.radiopiu.net\/wordpress\/wp-content\/uploads\/2021\/11\/cesare-11.mp3\">https:\/\/www.radiopiu.net\/wordpress\/wp-content\/uploads\/2021\/11\/cesare-11.mp3<\/a><\/audio>\n<p>&nbsp;<\/p>\n<p>&nbsp;<\/p>\n<hr \/>\n<p>&nbsp;<\/p>\n<p>&nbsp;<\/p>\n<blockquote>\n<h3>RITORNA IL NATALE SOLIDALE PER LE AZIENDE CON LE CESTE DI \u201cINSIEME SI PU\u00d2\u2026\u201d<\/h3>\n<\/blockquote>\n<p><strong> <a href=\"https:\/\/www.radiopiu.net\/wordpress\/giornale-radiopiu-20-novembre-2021-direttore-mirko-mezzacasa\/acqua-1\/\" rel=\"attachment wp-att-243862\"><img loading=\"lazy\" decoding=\"async\" class=\" wp-image-243862 alignleft\" src=\"https:\/\/www.radiopiu.net\/wordpress\/wp-content\/uploads\/2021\/11\/acqua-1-300x200.jpg\" alt=\"\" width=\"287\" height=\"191\" srcset=\"https:\/\/www.radiopiu.net\/wordpress\/wp-content\/uploads\/2021\/11\/acqua-1-300x200.jpg 300w, https:\/\/www.radiopiu.net\/wordpress\/wp-content\/uploads\/2021\/11\/acqua-1-1024x683.jpg 1024w, https:\/\/www.radiopiu.net\/wordpress\/wp-content\/uploads\/2021\/11\/acqua-1-768x512.jpg 768w, https:\/\/www.radiopiu.net\/wordpress\/wp-content\/uploads\/2021\/11\/acqua-1-1536x1024.jpg 1536w, https:\/\/www.radiopiu.net\/wordpress\/wp-content\/uploads\/2021\/11\/acqua-1-2048x1365.jpg 2048w\" sizes=\"auto, (max-width: 287px) 100vw, 287px\" \/><\/a>BELLUNO<\/strong> Dopo il grande successo dello scorso anno, anche per il prossimo Natale 2021 l\u2019Associazione Gruppi \u201cInsieme si pu\u00f2\u2026\u201d non vuole fermare il proprio impegno verso i pi\u00f9 deboli, in particolare nei confronti delle famiglie in difficolt\u00e0 della Provincia di Belluno, dell\u2019Uganda e del Brasile. L\u2019Associazione ripropone quindi le ceste solidali di Natale per le aziende, a sostegno dell\u2019iniziativa \u201cAcqua e pane &#8211; Perch\u00e9 qui e nel mondo nessuno resti escluso\u201d. Le ceste sono realizzate con prodotti artigianali o biologici provenienti da piccole aziende e cooperative del territorio bellunese, \u00a0personalizzabili per ogni singola azienda con diverse combinazioni di prodotti, senza un quantitativo minimo d\u2019ordine. Per ogni cesto acquistato una parte sar\u00e0 destinata all\u2019iniziativa di solidariet\u00e0 grazie anche ai prezzi di favore che le aziende produttrici hanno garantito. Sul sito dell\u2019Associazione Insieme si pu\u00f2 www.365giorni.org si possono gi\u00e0 trovare alcune proposte di ceste, per ricevere ulteriori informazioni o richiedere direttamente le ceste natalizie solidali di Insieme si pu\u00f2 basta scrivere una mail all\u2019indirizzo rita@365giorni.org oppure chiamare al numero 0437 291298 (dal luned\u00ec al venerd\u00ec ore 8-12.30 e 15-18 e il sabato mattina ore 9-12).<\/p>\n<p>&nbsp;<\/p>\n<p>&nbsp;<\/p>\n<hr \/>\n<p>&nbsp;<\/p>\n<blockquote>\n<h3>IN VIVO VERSO, SETTIMA STAGIONE CON BRUNELLA MORO, DAL LUNEDI AL VENERDI ALLE 7.10, 10.10 E 18.50<\/h3>\n<\/blockquote>\n<p>&nbsp;<\/p>\n<h3>BRIVIDO D&#8217;AMORE di FEDERICO SOPPELSA<\/h3>\n<p>AUDIO<\/p>\n<audio class=\"wp-audio-shortcode\" id=\"audio-243729-15\" preload=\"none\" style=\"width: 100%;\" controls=\"controls\"><source type=\"audio\/mpeg\" src=\"https:\/\/www.radiopiu.net\/wordpress\/wp-content\/uploads\/2021\/11\/05-BRIVIDI-DAMORE-FEDERICO-SOPPELSA.mp3?_=15\" \/><a href=\"https:\/\/www.radiopiu.net\/wordpress\/wp-content\/uploads\/2021\/11\/05-BRIVIDI-DAMORE-FEDERICO-SOPPELSA.mp3\">https:\/\/www.radiopiu.net\/wordpress\/wp-content\/uploads\/2021\/11\/05-BRIVIDI-DAMORE-FEDERICO-SOPPELSA.mp3<\/a><\/audio>\n<p>&nbsp;<\/p>\n<p><span style=\"font-family: Arial, sans-serif;\"><span style=\"font-size: large;\"><a href=\"https:\/\/www.radiopiu.net\/wordpress\/se-la-vita-fuse-en-sogno-di-federico-soppelsa\/foto-federico-soppelsa\/\" rel=\"attachment wp-att-119106\"><img loading=\"lazy\" decoding=\"async\" class=\" wp-image-119106 alignleft\" src=\"https:\/\/www.radiopiu.net\/wordpress\/wp-content\/uploads\/2020\/02\/FOTO-FEDERICO-SOPPELSA-232x300.jpg\" alt=\"\" width=\"205\" height=\"265\" srcset=\"https:\/\/www.radiopiu.net\/wordpress\/wp-content\/uploads\/2020\/02\/FOTO-FEDERICO-SOPPELSA-232x300.jpg 232w, https:\/\/www.radiopiu.net\/wordpress\/wp-content\/uploads\/2020\/02\/FOTO-FEDERICO-SOPPELSA.jpg 636w\" sizes=\"auto, (max-width: 205px) 100vw, 205px\" \/><\/a>Se un brivido improvviso ti arriva fino al cuore<\/span><\/span><\/p>\n<p><span style=\"font-family: Arial, sans-serif;\"><span style=\"font-size: large;\">molto spesso \u00e8 il primo segno dell&#8217;amore<\/span><\/span><\/p>\n<p><span style=\"font-family: Arial, sans-serif;\"><span style=\"font-size: large;\">talmente intenso che vorresti non finisse mai<\/span><\/span><\/p>\n<p><span style=\"font-family: Arial, sans-serif;\"><span style=\"font-size: large;\">bello e inaspettato che difficilmente rivivrai<\/span><\/span><\/p>\n<p><span style=\"font-family: Arial, sans-serif;\"><span style=\"font-size: large;\">Cerca nei suoi occhi vedrai il mondo intero<\/span><\/span><\/p>\n<p><span style=\"font-family: Arial, sans-serif;\"><span style=\"font-size: large;\">ascolta la sua voce capirai il suo pensiero<\/span><\/span><\/p>\n<p><span style=\"font-family: Arial, sans-serif;\"><span style=\"font-size: large;\">bacia le sue labbra gusterai la sua dolcezza<\/span><\/span><\/p>\n<p><span style=\"font-family: Arial, sans-serif;\"><span style=\"font-size: large;\">sfiora il suo corpo sentirai la sua freschezza<\/span><\/span><\/p>\n<p><span style=\"font-family: Arial, sans-serif;\"><span style=\"font-size: large;\">stringi le sue mani esili e tremanti<\/span><\/span><\/p>\n<p><span style=\"font-family: Arial, sans-serif;\"><span style=\"font-size: large;\">accarezzale le guance rosee e tondeggianti<\/span><\/span><\/p>\n<p><span style=\"font-family: Arial, sans-serif;\"><span style=\"font-size: large;\">arriccia i suoi capelli biondi come il grano<\/span><\/span><\/p>\n<p><span style=\"font-family: Arial, sans-serif;\"><span style=\"font-size: large;\">raccogli il tuo coraggio e sussurrale ti amo<\/span><\/span><\/p>\n<p><span style=\"font-family: Arial, sans-serif;\"><span style=\"font-size: large;\">Incontra il suo sguardo colmo d&#8217;amore<\/span><\/span><\/p>\n<p><span style=\"font-family: Arial, sans-serif;\"><span style=\"font-size: large;\">ammira sul suo petto il battito del cuore<\/span><\/span><\/p>\n<p><span style=\"font-family: Arial, sans-serif;\"><span style=\"font-size: large;\">stringila forte tra le tue braccia <\/span><\/span><\/p>\n<p><span style=\"font-family: Arial, sans-serif;\"><span style=\"font-size: large;\">trattala come una rosa quando sboccia<\/span><\/span><\/p>\n<p><span style=\"color: #000000;\"><span style=\"font-family: Arial, sans-serif;\"><span style=\"font-size: large;\">L&#8217;amore non conosce limiti ne et\u00e0<\/span><\/span><\/span><\/p>\n<p><span style=\"font-family: Arial, sans-serif;\"><span style=\"font-size: large;\">spesso la fantasia supera la realt\u00e0<\/span><\/span><\/p>\n<p><span style=\"color: #000000;\"><span style=\"font-family: Arial, sans-serif;\"><span style=\"font-size: large;\">troppo calore fa scoppiare il cuore<\/span><\/span><\/span><\/p>\n<p><span style=\"color: #000000;\"><span style=\"font-family: Arial, sans-serif;\"><span style=\"font-size: large;\">l&#8217; eccessivo gelo far morire di dolore<\/span><\/span><\/span><\/p>\n<p><span style=\"font-family: Arial, sans-serif;\"><span style=\"font-size: large;\">L&#8217;amore vero per\u00f2 \u00e8 quello eterno<\/span><\/span><\/p>\n<p><span style=\"font-family: Arial, sans-serif;\"><span style=\"font-size: large;\">sopporta anche le pene dell&#8217;inferno<\/span><\/span><\/p>\n<p><span style=\"font-family: Arial, sans-serif;\"><span style=\"font-size: large;\">pochi godono di questo privilegio<\/span><\/span><\/p>\n<p><span style=\"color: #000000;\"><span style=\"font-family: Arial, sans-serif;\"><span style=\"font-size: large;\">che sicuramente \u00e8 un grande pregio\u00a0<\/span><\/span><\/span><\/p>\n<p>&nbsp;<\/p>\n<p><strong>LA RACCOLTA COMPLETA\u00a0 \u00a0<\/strong><\/p>\n<blockquote class=\"wp-embedded-content\" data-secret=\"GcdUY2spdg\"><p><a href=\"https:\/\/www.radiopiu.net\/wordpress\/in-vivo-verso\/\">In Vivo Verso<\/a><\/p><\/blockquote>\n<p><iframe loading=\"lazy\" class=\"wp-embedded-content\" sandbox=\"allow-scripts\" security=\"restricted\" style=\"position: absolute; clip: rect(1px, 1px, 1px, 1px);\" title=\"&#8220;In Vivo Verso&#8221; &#8212; Radio Pi\u00f9\" src=\"https:\/\/www.radiopiu.net\/wordpress\/in-vivo-verso\/embed\/#?secret=GcdUY2spdg\" data-secret=\"GcdUY2spdg\" width=\"600\" height=\"338\" frameborder=\"0\" marginwidth=\"0\" marginheight=\"0\" scrolling=\"no\"><\/iframe><\/p>\n<p>&nbsp;<\/p>\n<p>&nbsp;<\/p>\n<hr \/>\n<p>&nbsp;<\/p>\n<div>\n<div class=\"page-title-head hgroup\">\n<div class=\"page-title-head hgroup\">\n<div class=\"b654a4as d2edcug0\">\n<div class=\"j83agx80 btwxx1t3 lhclo0ds hop8lmos nkwizq5d scwd0bx6 roh60bw9\">\n<div class=\"rq0escxv hkbzh7o3 jwdofwj8 n8tt0mok r8blr3vg hyh9befq\">\n<div class=\"do00u71z l9j0dhe7 k4urcfbm\">\n<div class=\"ecm0bbzt e5nlhep0 a8c37x1j\">\n<div class=\"kvgmc6g5 cxmmr5t8 oygrvhab hcukyx3x c1et5uql\">\n<div class=\"gmail-kvgmc6g5 gmail-cxmmr5t8 gmail-oygrvhab gmail-hcukyx3x gmail-c1et5uql gmail-ii04i59q\">\n<div class=\"page-title-head hgroup\">\n<div class=\"page-title-head hgroup\">\n<div class=\"b654a4as d2edcug0\">\n<div class=\"j83agx80 btwxx1t3 lhclo0ds hop8lmos nkwizq5d scwd0bx6 roh60bw9\">\n<div class=\"rq0escxv hkbzh7o3 jwdofwj8 n8tt0mok r8blr3vg hyh9befq\">\n<div class=\"do00u71z l9j0dhe7 k4urcfbm\">\n<blockquote class=\"wp-embedded-content\" data-secret=\"W7KiEexGN7\"><p><a href=\"https:\/\/www.radiopiu.net\/wordpress\/connessi-2\/\">Connessi<\/a><\/p><\/blockquote>\n<p><iframe loading=\"lazy\" class=\"wp-embedded-content\" sandbox=\"allow-scripts\" security=\"restricted\" style=\"position: absolute; clip: rect(1px, 1px, 1px, 1px);\" title=\"&#8220;Connessi&#8221; &#8212; Radio Pi\u00f9\" src=\"https:\/\/www.radiopiu.net\/wordpress\/connessi-2\/embed\/#?secret=W7KiEexGN7\" data-secret=\"W7KiEexGN7\" width=\"600\" height=\"338\" frameborder=\"0\" marginwidth=\"0\" marginheight=\"0\" scrolling=\"no\"><\/iframe><\/p>\n<p>&nbsp;<\/p>\n<p>&nbsp;<\/p>\n<p>&nbsp;<\/p>\n<hr \/>\n<p>&nbsp;<\/p>\n<p><span style=\"color: #0000ff;\">MUSICA PIU&#8217;\u00a0<\/span><\/p>\n<p><a href=\"https:\/\/www.radiopiu.net\/wordpress\/giornale-radiopiu-20-settembre-2021-direttore-mirko-mezzacasa\/pp-79\/\" rel=\"attachment wp-att-232921\"><img loading=\"lazy\" decoding=\"async\" class=\"wp-image-232921 alignleft\" src=\"https:\/\/www.radiopiu.net\/wordpress\/wp-content\/uploads\/2021\/09\/pp-1-300x300.jpg\" alt=\"\" width=\"135\" height=\"135\" srcset=\"https:\/\/www.radiopiu.net\/wordpress\/wp-content\/uploads\/2021\/09\/pp-1-300x300.jpg 300w, https:\/\/www.radiopiu.net\/wordpress\/wp-content\/uploads\/2021\/09\/pp-1-150x150.jpg 150w, https:\/\/www.radiopiu.net\/wordpress\/wp-content\/uploads\/2021\/09\/pp-1.jpg 640w\" sizes=\"auto, (max-width: 135px) 100vw, 135px\" \/><\/a><\/p>\n<div class=\"mkdf-post-text\">\n<div class=\"mkdf-post-text-inner\">\n<div class=\"mkdf-post-text-main\">\n<div class=\"mkdf-post-text\">\n<div class=\"mkdf-post-text-inner\">\n<div class=\"mkdf-post-text-main\">\n<div class=\"mkdf-post-text\">\n<div class=\"mkdf-post-text-inner\">\n<div class=\"mkdf-post-text-main\">\n<div class=\"page-title-head hgroup\">\n<div class=\"page-title-head hgroup\">\n<div class=\"mkdf-post-text\">\n<div class=\"mkdf-post-text-inner\">\n<div class=\"mkdf-post-text-main\">\n<div class=\"mkdf-post-text\">\n<div class=\"mkdf-post-text-inner\">\n<div class=\"mkdf-post-text-main\">\n<div class=\"page-title-head hgroup\">\n<div class=\"page-title-head hgroup\">\n<div class=\"page-title-head hgroup\">\n<div class=\"page-title-head hgroup\">\n<div class=\"b654a4as d2edcug0\">\n<div class=\"page-title-head hgroup\">\n<div class=\"page-title-head hgroup\">\n<div class=\"page-title-head hgroup\">\n<div class=\"page-title-head hgroup\">\n<div class=\"b654a4as d2edcug0\">\n<div class=\"page-title-head hgroup\">\n<div class=\"page-title-head hgroup\">\n<div class=\"page-title-head hgroup\">\n<div class=\"page-title-head hgroup\">\n<div class=\"b654a4as d2edcug0\">\n<div class=\"mkdf-post-text\">\n<div class=\"mkdf-post-text-inner\">\n<div class=\"mkdf-post-text-main\">\n<div class=\"mkdf-post-text\">\n<div class=\"mkdf-post-text-inner\">\n<div class=\"mkdf-post-text-main\">\n<div class=\"mkdf-post-text\">\n<div class=\"mkdf-post-text-inner\">\n<div class=\"mkdf-post-text-main\">\n<div class=\"page-title-head hgroup\">\n<div class=\"page-title-head hgroup\">\n<div class=\"mkdf-post-text\">\n<div class=\"mkdf-post-text-inner\">\n<div class=\"mkdf-post-text-main\">\n<div class=\"mkdf-post-text\">\n<div class=\"mkdf-post-text-inner\">\n<div class=\"mkdf-post-text-main\">\n<div class=\"page-title-head hgroup\">\n<div class=\"page-title-head hgroup\">\n<div class=\"page-title-head hgroup\">\n<div class=\"page-title-head hgroup\">\n<div class=\"b654a4as d2edcug0\">\n<div class=\"page-title-head hgroup\">\n<div class=\"page-title-head hgroup\">\n<div class=\"page-title-head hgroup\">\n<div class=\"page-title-head hgroup\">\n<div class=\"b654a4as d2edcug0\">\n<div class=\"page-title-head hgroup\">\n<div class=\"page-title-head hgroup\">\n<div class=\"page-title-head hgroup\">\n<div class=\"page-title-head hgroup\">\n<div class=\"b654a4as d2edcug0\">\n<div><\/div>\n<div><\/div>\n<div>\n<p><strong>MUSICA ALLA RADIO, IL PROGRAMMA DI LORIS SCUSSEL &#8220;COLLAGE OPERAZIONE NOSTALGIA&#8221; DAL LUNEDI AL VENERDI ALLE 16.00\u00a0 E ALLE 23\u00a0<\/strong><\/p>\n<\/div>\n<p>&nbsp;<\/p>\n<p>&nbsp;<\/p>\n<p><strong>PUNTATA NUMERO 480<\/strong><\/p>\n<audio class=\"wp-audio-shortcode\" id=\"audio-243729-16\" preload=\"none\" style=\"width: 100%;\" controls=\"controls\"><source type=\"audio\/mpeg\" src=\"https:\/\/www.radiopiu.net\/wordpress\/wp-content\/uploads\/2021\/11\/Collage-480.mp3?_=16\" \/><a href=\"https:\/\/www.radiopiu.net\/wordpress\/wp-content\/uploads\/2021\/11\/Collage-480.mp3\">https:\/\/www.radiopiu.net\/wordpress\/wp-content\/uploads\/2021\/11\/Collage-480.mp3<\/a><\/audio>\n<p>&nbsp;<\/p>\n<\/div>\n<\/div>\n<\/div>\n<\/div>\n<\/div>\n<\/div>\n<\/div>\n<\/div>\n<\/div>\n<\/div>\n<\/div>\n<\/div>\n<\/div>\n<\/div>\n<\/div>\n<\/div>\n<\/div>\n<\/div>\n<\/div>\n<\/div>\n<\/div>\n<\/div>\n<\/div>\n<\/div>\n<\/div>\n<\/div>\n<\/div>\n<\/div>\n<\/div>\n<\/div>\n<\/div>\n<\/div>\n<\/div>\n<\/div>\n<\/div>\n<\/div>\n<\/div>\n<\/div>\n<\/div>\n<\/div>\n<\/div>\n<\/div>\n<\/div>\n<\/div>\n<\/div>\n<\/div>\n<\/div>\n<\/div>\n<\/div>\n<\/div>\n<\/div>\n<\/div>\n<\/div>\n<\/div>\n<\/div>\n<\/div>\n<\/div>\n<\/div>\n<\/div>\n<\/div>\n<\/div>\n<\/div>\n<\/div>\n<\/div>\n<blockquote class=\"wp-embedded-content\" data-secret=\"eS6dGw4iwy\"><p><a href=\"https:\/\/www.radiopiu.net\/wordpress\/freemix-la-liberta-musicale-mixata-da-dj-athos-e-raccontata-da-dj-jack\/\">FREEMIX, LA LIBERTA&#8217; MUSICALE MIXATA DA DJ ATHOS E RACCONTATA DA DJ JACK<\/a><\/p><\/blockquote>\n<p><iframe loading=\"lazy\" class=\"wp-embedded-content\" sandbox=\"allow-scripts\" security=\"restricted\" style=\"position: absolute; clip: rect(1px, 1px, 1px, 1px);\" title=\"&#8220;FREEMIX, LA LIBERTA&#8217; MUSICALE MIXATA DA DJ ATHOS E RACCONTATA DA DJ JACK&#8221; &#8212; Radio Pi\u00f9\" src=\"https:\/\/www.radiopiu.net\/wordpress\/freemix-la-liberta-musicale-mixata-da-dj-athos-e-raccontata-da-dj-jack\/embed\/#?secret=eS6dGw4iwy\" data-secret=\"eS6dGw4iwy\" width=\"600\" height=\"338\" frameborder=\"0\" marginwidth=\"0\" marginheight=\"0\" scrolling=\"no\"><\/iframe><\/p>\n<p>&nbsp;<\/p>\n<p>&nbsp;<\/p>\n<blockquote class=\"wp-embedded-content\" data-secret=\"vChQHvvqqf\"><p><a href=\"https:\/\/www.radiopiu.net\/wordpress\/da-ieri-alla-radio-in-palinsesto-loris-e-maurizio-con-la-grande-musica\/\">IL BLUES ALLA RADIO &#8230; COME NON L&#8217;AVETE MAI SENTITO PRIMA<\/a><\/p><\/blockquote>\n<p><iframe loading=\"lazy\" class=\"wp-embedded-content\" sandbox=\"allow-scripts\" security=\"restricted\" style=\"position: absolute; clip: rect(1px, 1px, 1px, 1px);\" title=\"&#8220;IL BLUES ALLA RADIO &#8230; COME NON L&#8217;AVETE MAI SENTITO PRIMA&#8221; &#8212; Radio Pi\u00f9\" src=\"https:\/\/www.radiopiu.net\/wordpress\/da-ieri-alla-radio-in-palinsesto-loris-e-maurizio-con-la-grande-musica\/embed\/#?secret=vChQHvvqqf\" data-secret=\"vChQHvvqqf\" width=\"600\" height=\"338\" frameborder=\"0\" marginwidth=\"0\" marginheight=\"0\" scrolling=\"no\"><\/iframe><\/p>\n<p>&nbsp;<\/p>\n<blockquote>\n<h3>SECONDO SINGOLO DEL 2021 PER SAM.\u00a0 \u201cSUL FILO DEL TEMPO\u201d<\/h3>\n<p><strong>ALLA RADIO\u00a0<\/strong><\/p>\n<audio class=\"wp-audio-shortcode\" id=\"audio-243729-17\" preload=\"none\" style=\"width: 100%;\" controls=\"controls\"><source type=\"audio\/mpeg\" src=\"https:\/\/www.radiopiu.net\/wordpress\/wp-content\/uploads\/2021\/11\/ANTEPRIMA-BRANO-SAM.mp3?_=17\" \/><a href=\"https:\/\/www.radiopiu.net\/wordpress\/wp-content\/uploads\/2021\/11\/ANTEPRIMA-BRANO-SAM.mp3\">https:\/\/www.radiopiu.net\/wordpress\/wp-content\/uploads\/2021\/11\/ANTEPRIMA-BRANO-SAM.mp3<\/a><\/audio>\n<p>&nbsp;<\/p><\/blockquote>\n<p><strong><a href=\"https:\/\/www.radiopiu.net\/wordpress\/secondo-singolo-del-2021-per-sam-esce-oggi-sul-filo-del-tempo\/adobe_post_20210904_2134390-40539513894354506\/\" rel=\"attachment wp-att-243662\"><img loading=\"lazy\" decoding=\"async\" class=\" wp-image-243662 alignleft\" src=\"https:\/\/www.radiopiu.net\/wordpress\/wp-content\/uploads\/2021\/11\/Adobe_Post_20210904_2134390.40539513894354506-300x300.png\" alt=\"\" width=\"193\" height=\"193\" srcset=\"https:\/\/www.radiopiu.net\/wordpress\/wp-content\/uploads\/2021\/11\/Adobe_Post_20210904_2134390.40539513894354506-300x300.png 300w, https:\/\/www.radiopiu.net\/wordpress\/wp-content\/uploads\/2021\/11\/Adobe_Post_20210904_2134390.40539513894354506-1024x1024.png 1024w, https:\/\/www.radiopiu.net\/wordpress\/wp-content\/uploads\/2021\/11\/Adobe_Post_20210904_2134390.40539513894354506-150x150.png 150w, https:\/\/www.radiopiu.net\/wordpress\/wp-content\/uploads\/2021\/11\/Adobe_Post_20210904_2134390.40539513894354506-768x768.png 768w, https:\/\/www.radiopiu.net\/wordpress\/wp-content\/uploads\/2021\/11\/Adobe_Post_20210904_2134390.40539513894354506-1536x1536.png 1536w, https:\/\/www.radiopiu.net\/wordpress\/wp-content\/uploads\/2021\/11\/Adobe_Post_20210904_2134390.40539513894354506-2048x2048.png 2048w\" sizes=\"auto, (max-width: 193px) 100vw, 193px\" \/><\/a>REDAZIONE<\/strong> Dopo l\u2019uscita a maggio di \u201cPosso Fare Di Meglio\u201d, Samuele Crutoneo in arte SAM esce con il nuovo singolo che si intitola \u201cSul Filo Del Tempo\u201d. Continua la collaborazione con Andrea Sandri che anche questa volta ha messo mano alla canzone.\u00a0 Un brano d\u2019amore che Sam voleva presentare a Sanremo ma con il cambio del regolamento non ha potuto consegnare la demo. Infatti, l\u2019et\u00e0 massima per partecipare come nuove proposte passa da 35 a 29 anni e quindi Samuele rimane tagliato fuori. Il nuovo singolo \u00e8 distribuito da Belive Music con la produzione di Tempoxso.<\/p>\n<p><em><strong>IL BRANO SARA&#8217; IN ROTAZIONE SU RADIO PIU&#8217; A PARTIRE DA OGGI E LO POTRETE ASCOLTARE IN QUALUNQUE MOMENTO SU TUTTE LE PIATTAFORME DIGITALI (SPOTIFY, APPLE MUSIC, AMAZON MUSIC&#8230;)<\/strong><\/em><\/p>\n<p><strong><a href=\"https:\/\/www.radiopiu.net\/wordpress\/secondo-singolo-del-2021-per-sam-esce-oggi-sul-filo-del-tempo\/258775764_4410722132379038_5569612131908706451_n\/\" rel=\"attachment wp-att-243723\"><img loading=\"lazy\" decoding=\"async\" class=\" wp-image-243723 alignright\" src=\"https:\/\/www.radiopiu.net\/wordpress\/wp-content\/uploads\/2021\/11\/258775764_4410722132379038_5569612131908706451_n-300x200.jpg\" alt=\"\" width=\"246\" height=\"164\" srcset=\"https:\/\/www.radiopiu.net\/wordpress\/wp-content\/uploads\/2021\/11\/258775764_4410722132379038_5569612131908706451_n-300x200.jpg 300w, https:\/\/www.radiopiu.net\/wordpress\/wp-content\/uploads\/2021\/11\/258775764_4410722132379038_5569612131908706451_n.jpg 768w\" sizes=\"auto, (max-width: 246px) 100vw, 246px\" \/><\/a>BIOGRAFIA <\/strong>Samuele Cutroneo, in arte SAM, nato a Fabriano ha 34 anni e vive a Feltre, lavora in Luxottica a Sedico 2 nel reparto Spessoratura insieme alla moglie Nicoletta. Ha una splendida bambina che si chiama Giulia, che ha 5 anni. Di origini siciliane e calabresi, la passione per la musica nasce fin da piccolissimo. \u00a0Dopo la nascita di Giulia inizia a coltivare la sua pi\u00f9 grande passione quella di fare il cantante e ora ha avuto la fortuna di essere stato contattato da Andrea Sandri (collaboratore in passato di Lucio Dalla Andrea Bocelli, Josh Groban).<\/p>\n<p>&nbsp;<\/p>\n<p><iframe loading=\"lazy\" title=\"Sul filo del tempo\" width=\"1200\" height=\"900\" src=\"https:\/\/www.youtube.com\/embed\/u8KXXLFi7I8?feature=oembed\" frameborder=\"0\" allow=\"accelerometer; autoplay; clipboard-write; encrypted-media; gyroscope; picture-in-picture\" allowfullscreen><\/iframe><\/p>\n<p>&nbsp;<\/p>\n<p>&nbsp;<\/p>\n<p>&nbsp;<\/p>\n<hr \/>\n<p>&nbsp;<\/p>\n<blockquote>\n<h3><span style=\"color: #0000ff;\">INFORMAZIONE il canale su TELEGRAM informazione di prima mano e in tempo reale. iscriviti ed aiutaci a farlo conoscere\u00a0\u00a0<\/span><\/h3>\n<\/blockquote>\n<div>\n<div class=\"page-title-head hgroup\">\n<div class=\"page-title-head hgroup\">\n<div class=\"page-title-head hgroup\">\n<div class=\"page-title-head hgroup\">\n<div class=\"b654a4as d2edcug0\">\n<div class=\"page-title-head hgroup\">\n<div class=\"page-title-head hgroup\">\n<div class=\"page-title-head hgroup\">\n<div class=\"page-title-head hgroup\">\n<div class=\"b654a4as d2edcug0\">\n<div class=\"page-title-head hgroup\">\n<div class=\"page-title-head hgroup\">\n<div class=\"page-title-head hgroup\">\n<div class=\"page-title-head hgroup\">\n<div class=\"page-title-head hgroup\">\n<div class=\"page-title-head hgroup\">\n<div class=\"page-title-head hgroup\">\n<div class=\"page-title-head hgroup\">\n<div class=\"page-title-head hgroup\">\n<div class=\"b654a4as d2edcug0\">\n<div class=\"page-title-head hgroup\">\n<div class=\"page-title-head hgroup\">\n<div class=\"page-title-head hgroup\">\n<div class=\"page-title-head hgroup\">\n<div class=\"b654a4as d2edcug0\">\n<div>\n<p>&nbsp;<\/p>\n<\/div>\n<div>\n<div class=\"page-title-head hgroup\">\n<div class=\"page-title-head hgroup\">\n<div class=\"page-title-head hgroup\">\n<div class=\"page-title-head hgroup\">\n<div class=\"page-title-head hgroup\">\n<div class=\"b654a4as d2edcug0\">\n<div>\n<hr \/>\n<\/div>\n<\/div>\n<div>\n<div>\n<p>&nbsp;<\/p>\n<\/div>\n<div>\n<div>\n<p>&nbsp;<\/p>\n<\/div>\n<div>\n<div>\n<p><strong>DUE MINUTI UN LIBRO, TUTTI I GIORNI ALLA RADIO ALLE 9.40 E ALLE 17.50<\/strong><\/p>\n<div>\n<div>\n<p><strong>LA RACCOLTA COMPLETA\u00a0\u00a0<\/strong><\/p>\n<\/div>\n<div>\n<blockquote class=\"wp-embedded-content\" data-secret=\"Sje1OATuDK\"><p><a href=\"https:\/\/www.radiopiu.net\/wordpress\/due-minuti-un-libro\/\">Due minuti un libro<\/a><\/p><\/blockquote>\n<p><iframe loading=\"lazy\" class=\"wp-embedded-content\" sandbox=\"allow-scripts\" security=\"restricted\" style=\"position: absolute; clip: rect(1px, 1px, 1px, 1px);\" title=\"&#8220;Due minuti un libro&#8221; &#8212; Radio Pi\u00f9\" src=\"https:\/\/www.radiopiu.net\/wordpress\/due-minuti-un-libro\/embed\/#?secret=Sje1OATuDK\" data-secret=\"Sje1OATuDK\" width=\"600\" height=\"338\" frameborder=\"0\" marginwidth=\"0\" marginheight=\"0\" scrolling=\"no\"><\/iframe><\/p>\n<p>&nbsp;<\/p>\n<\/div>\n<\/div>\n<\/div>\n<div class=\"mkdf-post-text\">\n<div class=\"mkdf-post-text-inner\">\n<div class=\"mkdf-post-text-main\">\n<div class=\"mkdf-post-text\">\n<div class=\"mkdf-post-text-inner\">\n<div class=\"mkdf-post-text-main\">\n<div class=\"mkdf-post-text\">\n<div class=\"mkdf-post-text-inner\">\n<div class=\"mkdf-post-text-main\">\n<div class=\"page-title-head hgroup\">\n<div class=\"page-title-head hgroup\">\n<div class=\"mkdf-post-text\">\n<div class=\"mkdf-post-text-inner\">\n<div class=\"mkdf-post-text-main\">\n<div class=\"mkdf-post-text\">\n<div class=\"mkdf-post-text-inner\">\n<div class=\"mkdf-post-text-main\">\n<div class=\"page-title-head hgroup\">\n<div class=\"page-title-head hgroup\">\n<div class=\"page-title-head hgroup\">\n<div class=\"page-title-head hgroup\">\n<div class=\"b654a4as d2edcug0\">\n<div class=\"page-title-head hgroup\">\n<div class=\"page-title-head hgroup\">\n<div class=\"page-title-head hgroup\">\n<div class=\"page-title-head hgroup\">\n<div class=\"b654a4as d2edcug0\">\n<div class=\"page-title-head hgroup\">\n<div class=\"page-title-head hgroup\">\n<div class=\"page-title-head hgroup\">\n<div class=\"page-title-head hgroup\">\n<div class=\"b654a4as d2edcug0\">\n<div>\n<p>&nbsp;<\/p>\n<\/div>\n<div>\n<hr \/>\n<p>&nbsp;<\/p>\n<\/div>\n<h2><span style=\"color: #808000;\">L&#8217;ALMANACCO LADINO\u00a0\u00a0<\/span><\/h2>\n<p><strong>LA RACCOLTA<\/strong><\/p>\n<blockquote class=\"wp-embedded-content\" data-secret=\"kM95ZJ6mmf\"><p><a href=\"https:\/\/www.radiopiu.net\/wordpress\/almanacco-ladino\/\">Almanacco Ladino<\/a><\/p><\/blockquote>\n<p><iframe loading=\"lazy\" class=\"wp-embedded-content\" sandbox=\"allow-scripts\" security=\"restricted\" style=\"position: absolute; clip: rect(1px, 1px, 1px, 1px);\" title=\"&#8220;Almanacco Ladino&#8221; &#8212; Radio Pi\u00f9\" src=\"https:\/\/www.radiopiu.net\/wordpress\/almanacco-ladino\/embed\/#?secret=kM95ZJ6mmf\" data-secret=\"kM95ZJ6mmf\" width=\"600\" height=\"338\" frameborder=\"0\" marginwidth=\"0\" marginheight=\"0\" scrolling=\"no\"><\/iframe><\/p>\n<hr \/>\n<p>&nbsp;<\/p>\n<h2><span style=\"color: #33cccc;\">LA RASSEGNA STAMPA DA L&#8217;AMICO DEL POPOLO<\/span><\/h2>\n<p><strong>LA RACCOLTA COMPLETA<\/strong><\/p>\n<blockquote class=\"wp-embedded-content\" data-secret=\"rE5AGIGabj\"><p><a href=\"https:\/\/www.radiopiu.net\/wordpress\/rassegna-stampa-di-gianni-santomaso\/\">Rassegna stampa da l&#8217;amico del popolo &#8211; di Gianni Santomaso<\/a><\/p><\/blockquote>\n<p><iframe loading=\"lazy\" class=\"wp-embedded-content\" sandbox=\"allow-scripts\" security=\"restricted\" style=\"position: absolute; clip: rect(1px, 1px, 1px, 1px);\" title=\"&#8220;Rassegna stampa da l&#8217;amico del popolo &#8211; di Gianni Santomaso&#8221; &#8212; Radio Pi\u00f9\" src=\"https:\/\/www.radiopiu.net\/wordpress\/rassegna-stampa-di-gianni-santomaso\/embed\/#?secret=rE5AGIGabj\" data-secret=\"rE5AGIGabj\" width=\"600\" height=\"338\" frameborder=\"0\" marginwidth=\"0\" marginheight=\"0\" scrolling=\"no\"><\/iframe><\/p>\n<p>&nbsp;<\/p>\n<p>&nbsp;<\/p>\n<hr \/>\n<p>&nbsp;<\/p>\n<h2><span style=\"color: #800080;\">I RACCONTI DI PAOLO SOPPELSA<\/span><\/h2>\n<p><strong>LA RACCOLTA COMPLETA<\/strong><\/p>\n<blockquote class=\"wp-embedded-content\" data-secret=\"4YaWoe1osp\"><p><a href=\"https:\/\/www.radiopiu.net\/wordpress\/i-racconti-di-paolo-soppelsa\/\">I racconti di Paolo Soppelsa<\/a><\/p><\/blockquote>\n<p><iframe loading=\"lazy\" class=\"wp-embedded-content\" sandbox=\"allow-scripts\" security=\"restricted\" style=\"position: absolute; clip: rect(1px, 1px, 1px, 1px);\" title=\"&#8220;I racconti di Paolo Soppelsa&#8221; &#8212; Radio Pi\u00f9\" src=\"https:\/\/www.radiopiu.net\/wordpress\/i-racconti-di-paolo-soppelsa\/embed\/#?secret=4YaWoe1osp\" data-secret=\"4YaWoe1osp\" width=\"600\" height=\"338\" frameborder=\"0\" marginwidth=\"0\" marginheight=\"0\" scrolling=\"no\"><\/iframe><\/p>\n<p>&nbsp;<\/p>\n<hr \/>\n<\/div>\n<div class=\"b654a4as d2edcug0\">\n<p>&nbsp;<\/p>\n<p><a href=\"https:\/\/www.radiopiu.net\/wordpress\/giornale-radiopiu-26-settembre-2018-direttore-mirko-mezzacasa\/viabilita-2\/\" rel=\"attachment wp-att-61954\"><img loading=\"lazy\" decoding=\"async\" class=\"aligncenter wp-image-61954 size-full\" src=\"https:\/\/www.radiopiu.net\/wordpress\/wp-content\/uploads\/2018\/09\/viabilita.jpeg\" sizes=\"auto, (max-width: 800px) 100vw, 800px\" srcset=\"https:\/\/www.radiopiu.net\/wordpress\/wp-content\/uploads\/2018\/09\/viabilita.jpeg 800w, https:\/\/www.radiopiu.net\/wordpress\/wp-content\/uploads\/2018\/09\/viabilita-300x38.jpeg 300w, https:\/\/www.radiopiu.net\/wordpress\/wp-content\/uploads\/2018\/09\/viabilita-768x96.jpeg 768w\" alt=\"\" width=\"800\" height=\"100\" \/><\/a><\/p>\n<div class=\"ecm0bbzt e5nlhep0 a8c37x1j\">\n<div class=\"kvgmc6g5 cxmmr5t8 oygrvhab hcukyx3x c1et5uql\">\n<div class=\"gmail-kvgmc6g5 gmail-cxmmr5t8 gmail-oygrvhab gmail-hcukyx3x gmail-c1et5uql gmail-ii04i59q\">\n<div class=\"page-title-head hgroup\">\n<div class=\"page-title-head hgroup\">\n<div class=\"b654a4as d2edcug0\">\n<div class=\"j83agx80 btwxx1t3 lhclo0ds hop8lmos nkwizq5d scwd0bx6 roh60bw9\">\n<div class=\"rq0escxv hkbzh7o3 jwdofwj8 n8tt0mok r8blr3vg hyh9befq\">\n<div class=\"do00u71z l9j0dhe7 k4urcfbm\">\n<div class=\"page-title-head hgroup\">\n<div class=\"page-title-head hgroup\">\n<div class=\"page-title-head hgroup\">\n<div class=\"page-title-head hgroup\">\n<div class=\"b654a4as d2edcug0\">\n<div class=\"page-title-head hgroup\">\n<div class=\"page-title-head hgroup\">\n<div class=\"page-title-head hgroup\">\n<div class=\"page-title-head hgroup\">\n<div class=\"b654a4as d2edcug0\">\n<div class=\"page-title-head hgroup\">\n<div class=\"page-title-head hgroup\">\n<div class=\"page-title-head hgroup\">\n<div class=\"page-title-head hgroup\">\n<div class=\"page-title-head hgroup\">\n<div class=\"page-title-head hgroup\">\n<div class=\"page-title-head hgroup\">\n<div class=\"page-title-head hgroup\">\n<div class=\"page-title-head hgroup\">\n<div class=\"b654a4as d2edcug0\">\n<div class=\"page-title-head hgroup\">\n<div class=\"page-title-head hgroup\">\n<div class=\"page-title-head hgroup\">\n<div class=\"page-title-head hgroup\">\n<div class=\"b654a4as d2edcug0\">\n<div class=\"page-title-head hgroup\">\n<div class=\"page-title-head hgroup\">\n<div class=\"page-title-head hgroup\">\n<div class=\"page-title-head hgroup\">\n<div class=\"page-title-head hgroup\">\n<div class=\"mkdf-post-text\">\n<div class=\"mkdf-post-text-inner\">\n<div class=\"mkdf-post-text-main\">\n<div class=\"mkdf-post-text\">\n<div class=\"mkdf-post-text-inner\">\n<div class=\"mkdf-post-text-main\">\n<div class=\"mkdf-post-text\">\n<div class=\"mkdf-post-text-inner\">\n<div class=\"mkdf-post-text-main\">\n<div class=\"page-title-head hgroup\">\n<div class=\"page-title-head hgroup\">\n<div class=\"mkdf-post-text\">\n<div class=\"mkdf-post-text-inner\">\n<div class=\"mkdf-post-text-main\">\n<div class=\"mkdf-post-text\">\n<div class=\"mkdf-post-text-inner\">\n<div class=\"mkdf-post-text-main\">\n<div class=\"page-title-head hgroup\">\n<div class=\"page-title-head hgroup\">\n<div class=\"page-title-head hgroup\">\n<div class=\"page-title-head hgroup\">\n<div class=\"b654a4as d2edcug0\">\n<div class=\"page-title-head hgroup\">\n<div class=\"page-title-head hgroup\">\n<div class=\"page-title-head hgroup\">\n<div class=\"page-title-head hgroup\">\n<div class=\"b654a4as d2edcug0\">\n<div class=\"page-title-head hgroup\">\n<div class=\"page-title-head hgroup\">\n<div class=\"page-title-head hgroup\">\n<div class=\"page-title-head hgroup\">\n<div class=\"b654a4as d2edcug0\">\n<p>&nbsp;<\/p>\n<p><strong>SR 48 DELLE DOLOMITI<\/strong> Dal 22 novembre al 17 dicembre senso unico alternato regolato da semaforo &#8211; esclusi festivi e prefestivi &#8211; in localit\u00e0 Bosco Ruaz.<\/p>\n<p><strong>PONTE BAILEY A BELLUNO<\/strong>: Fino al 4 dicembre chiusura totale<\/p>\n<p><strong>SP 1 SINISTRA PIAVE\u00a0<\/strong>dalle 21 del 22 novembre e fino alle 6 del\u00a0 giorno successivo senso unico alternato all\u2019interno della galleria che da Belluno porta a Limana per lavori di manutenzione dell\u2019antenna WindTre<\/p>\n<p><strong>SR 48 DELLE DOLOMITI\u00a0<\/strong>Fino al 19 novembre, sabati e domeniche comprese, senso unico alternato regolato da impianto semaforico ad Arabba per messa in sicurezza del piano viabile<\/p>\n<p><strong>SPI 251 VAL DI ZOLDO E CELLINA<\/strong> fino al 22 dicembre interruzioni alla viabilit\u00e0 della durata massima di 10 minuti e senso unico alternato nei periodi non interessati dalle interruzioni nel comune di Val di Zoldo<\/p>\n<p><strong>SP 40 VAL SENAIGA<\/strong> interdizione totale al transito in comune di lamon fino al 26 novembre, inclusi sabato e domenica, con deviazione del traffico su viabilit\u00e0 comunale<\/p>\n<p><strong>SR 203 AGORDINA<\/strong> Fino al 17 dicembre, esclusi sabato domenica e festivi infrasettimanali, restringimento della careggiata con divieto di sorpasso e limitazione ai 50 km\/h in comune di La Valle per lavori sul margine della carreggiata<\/p>\n<p><strong>SP 422 DELL&#8217;ALPAGO E DEL<\/strong> <strong>CANSIGLIO<\/strong> Fino al 17 dicembre senso unico alternato con semaforo in localit\u00e0 Cornei di Alpago per posa cavidotti<\/p>\n<p>&nbsp;<\/p>\n<\/div>\n<div class=\"b654a4as d2edcug0\">\n<p>&nbsp;<\/p>\n<hr \/>\n<p>&nbsp;<\/p>\n<div class=\"ecm0bbzt e5nlhep0 a8c37x1j\">\n<div class=\"kvgmc6g5 cxmmr5t8 oygrvhab hcukyx3x c1et5uql\">\n<div class=\"gmail-kvgmc6g5 gmail-cxmmr5t8 gmail-oygrvhab gmail-hcukyx3x gmail-c1et5uql gmail-ii04i59q\">\n<div>\n<div class=\"page-title-head hgroup\">\n<div class=\"page-title-head hgroup\">\n<div class=\"b654a4as d2edcug0\">\n<div class=\"j83agx80 btwxx1t3 lhclo0ds hop8lmos nkwizq5d scwd0bx6 roh60bw9\">\n<div class=\"rq0escxv hkbzh7o3 jwdofwj8 n8tt0mok r8blr3vg hyh9befq\">\n<div class=\"do00u71z l9j0dhe7 k4urcfbm\">\n<div>\n<div class=\"page-title-head hgroup\">\n<div class=\"page-title-head hgroup\">\n<div class=\"page-title-head hgroup\">\n<div class=\"page-title-head hgroup\">\n<div class=\"b654a4as d2edcug0\">\n<div class=\"page-title-head hgroup\">\n<div class=\"page-title-head hgroup\">\n<div class=\"page-title-head hgroup\">\n<div class=\"page-title-head hgroup\">\n<div class=\"b654a4as d2edcug0\">\n<div class=\"page-title-head hgroup\">\n<div class=\"page-title-head hgroup\">\n<div class=\"page-title-head hgroup\">\n<div class=\"page-title-head hgroup\">\n<div class=\"page-title-head hgroup\">\n<div class=\"mkdf-post-text\">\n<div class=\"mkdf-post-text-inner\">\n<div class=\"mkdf-post-text-main\">\n<div class=\"mkdf-post-text\">\n<div class=\"mkdf-post-text-inner\">\n<div class=\"mkdf-post-text-main\">\n<div class=\"mkdf-post-text\">\n<div class=\"mkdf-post-text-inner\">\n<div class=\"mkdf-post-text-main\">\n<div class=\"page-title-head hgroup\">\n<div class=\"page-title-head hgroup\">\n<div class=\"mkdf-post-text\">\n<div class=\"mkdf-post-text-inner\">\n<div class=\"mkdf-post-text-main\">\n<div class=\"mkdf-post-text\">\n<div class=\"mkdf-post-text-inner\">\n<div class=\"mkdf-post-text-main\">\n<div>\n<div class=\"page-title-head hgroup\">\n<div class=\"page-title-head hgroup\">\n<div>\n<div class=\"page-title-head hgroup\">\n<div class=\"page-title-head hgroup\">\n<div class=\"b654a4as d2edcug0\">\n<div>\n<div class=\"page-title-head hgroup\" style=\"text-align: left;\">\n<div class=\"page-title-head hgroup\">\n<div dir=\"auto\">\n<p><a class=\"dt-pswp-item pspw-wrap-ready\" href=\"https:\/\/i0.wp.com\/www.radiopiu.net\/wordpress\/wp-content\/uploads\/2018\/09\/WhatsApp-Image-2018-09-20-at-16.04.06.jpeg?ssl=1\" data-dt-img-description=\"\" data-large_image_width=\"800\" data-large_image_height=\"100\"><img loading=\"lazy\" decoding=\"async\" class=\"aligncenter wp-image-61378 size-full jetpack-lazy-image jetpack-lazy-image--handled\" src=\"https:\/\/i0.wp.com\/www.radiopiu.net\/wordpress\/wp-content\/uploads\/2018\/09\/WhatsApp-Image-2018-09-20-at-16.04.06.jpeg?resize=800%2C100&amp;ssl=1\" sizes=\"auto, (max-width: 800px) 100vw, 800px\" srcset=\"https:\/\/i0.wp.com\/www.radiopiu.net\/wordpress\/wp-content\/uploads\/2018\/09\/WhatsApp-Image-2018-09-20-at-16.04.06.jpeg?w=800&amp;ssl=1 800w, https:\/\/i0.wp.com\/www.radiopiu.net\/wordpress\/wp-content\/uploads\/2018\/09\/WhatsApp-Image-2018-09-20-at-16.04.06.jpeg?resize=300%2C38&amp;ssl=1 300w, https:\/\/i0.wp.com\/www.radiopiu.net\/wordpress\/wp-content\/uploads\/2018\/09\/WhatsApp-Image-2018-09-20-at-16.04.06.jpeg?resize=768%2C96&amp;ssl=1 768w\" alt=\"\" width=\"800\" height=\"100\" data-lazy-loaded=\"1\" \/><\/a><\/p>\n<\/div>\n<\/div>\n<\/div>\n<\/div>\n<\/div>\n<\/div>\n<\/div>\n<\/div>\n<\/div>\n<\/div>\n<\/div>\n<\/div>\n<\/div>\n<\/div>\n<\/div>\n<\/div>\n<\/div>\n<\/div>\n<\/div>\n<\/div>\n<\/div>\n<\/div>\n<\/div>\n<\/div>\n<\/div>\n<\/div>\n<\/div>\n<\/div>\n<\/div>\n<\/div>\n<\/div>\n<\/div>\n<\/div>\n<\/div>\n<\/div>\n<\/div>\n<\/div>\n<\/div>\n<\/div>\n<\/div>\n<\/div>\n<\/div>\n<\/div>\n<\/div>\n<p>&nbsp;<\/p>\n<\/div>\n<\/div>\n<\/div>\n<\/div>\n<\/div>\n<\/div>\n<\/div>\n<\/div>\n<\/div>\n<\/div>\n<\/div>\n<\/div>\n<\/div>\n<\/div>\n<\/div>\n<\/div>\n<\/div>\n<\/div>\n<\/div>\n<\/div>\n<\/div>\n<\/div>\n<\/div>\n<\/div>\n<\/div>\n<\/div>\n<\/div>\n<\/div>\n<\/div>\n<\/div>\n<\/div>\n<\/div>\n<\/div>\n<\/div>\n<\/div>\n<\/div>\n<\/div>\n<\/div>\n<\/div>\n<\/div>\n<\/div>\n<\/div>\n<\/div>\n<\/div>\n<\/div>\n<\/div>\n<\/div>\n<\/div>\n<\/div>\n<\/div>\n<\/div>\n<\/div>\n<\/div>\n<\/div>\n<\/div>\n<\/div>\n<\/div>\n<\/div>\n<\/div>\n<\/div>\n<\/div>\n<\/div>\n<\/div>\n<\/div>\n<\/div>\n<\/div>\n<\/div>\n<\/div>\n<\/div>\n<\/div>\n<\/div>\n<\/div>\n<\/div>\n<\/div>\n<\/div>\n<\/div>\n<\/div>\n<\/div>\n<\/div>\n<\/div>\n<\/div>\n<\/div>\n<\/div>\n<\/div>\n<\/div>\n<\/div>\n<\/div>\n<\/div>\n<\/div>\n<\/div>\n<\/div>\n<\/div>\n<\/div>\n<\/div>\n<\/div>\n<\/div>\n<\/div>\n<\/div>\n<\/div>\n<\/div>\n<\/div>\n<\/div>\n<\/div>\n<\/div>\n<\/div>\n<\/div>\n<\/div>\n<\/div>\n<\/div>\n<\/div>\n<\/div>\n<\/div>\n<\/div>\n<\/div>\n<\/div>\n<\/div>\n<\/div>\n<\/div>\n<\/div>\n<\/div>\n<\/div>\n<\/div>\n<\/div>\n<\/div>\n<\/div>\n<\/div>\n<\/div>\n<\/div>\n<\/div>\n<\/div>\n<\/div>\n<\/div>\n<\/div>\n<\/div>\n<\/div>\n<\/div>\n<\/div>\n<\/div>\n<\/div>\n<\/div>\n<\/div>\n<\/div>\n<\/div>\n<\/div>\n<\/div>\n<\/div>\n<\/div>\n<\/div>\n<\/div>\n<\/div>\n<\/div>\n<\/div>\n<\/div>\n<\/div>\n<\/div>\n<\/div>\n<\/div>\n<\/div>\n<\/div>\n<\/div>\n<\/div>\n<\/div>\n<\/div>\n<\/div>\n<p><center><b>Sabato 20<\/b><\/center><b>Tempo atteso: <\/b>Bel tempo tardo-autunnale, soleggiato con cielo sereno o al pi\u00f9 poco nuvoloso per qualche sottile velatura; aria limpida e ottima visibilit\u00e0, eccetto possibili banchi di nebbia o nubi basse durante le ore pi\u00f9 fredde in alcune depressioni prealpine. Anomala mitezza diurna ad eccezione delle valli in ombra.<br \/>\n<b>Precipitazioni: <\/b>Assenti (0%)<br \/>\n<b>Temperature: <\/b>In generale rialzo, eccetto calo delle minime nelle valli per irraggiamento notturno. Previste punte massime di 11\/14\u00b0C nei fondovalle prealpini e di 12\/15\u00b0C a 1000\/1200 m, assai meno nelle valli in ombra. Su Prealpi a 1500 m min 7\u00b0C max 11\u00b0C, a 2000 m min 7\u00b0C max 9\u00b0C. Su Dolomiti a 2000 m min 6\u00b0C max 9\u00b0C, a 3000 m min 0\u00b0C max 3\u00b0C.<br \/>\n<b>Venti: <\/b>nelle valli perlopi\u00f9 deboli per brezze, solo localmente e a tratti moderati in alcune valli prealpine per brezze di monte tra la notte e il primo mattino; in quota deboli o al pi\u00f9 a tratti moderati da nord, a 5-10 km\/h a 2000 m e 15-20 km\/h a 3000 m.<\/p>\n<hr \/>\n<p><center><b>Domenica 21<\/b><\/center><b>Tempo atteso: <\/b>Al mattino ben soleggiato con cielo sereno, aria limpida e ottima visibilit\u00e0, eccetto eventuali banchi di nebbia o nubi basse durante le ore pi\u00f9 fredde in alcuni fondovalle prealpini. Nel corso del pomeriggio aumento delle nubi dapprima alte e sottili poi anche di tipo basso in estensione a partire dai settori prealpini a tutta la montagna veneta fino a nuvoloso in tarda serata.<br \/>\n<b>Precipitazioni: <\/b>assenti in giornata (0%), dalla sera non del tutto esclusa pioviggine su alcuni settori prealpini (0-10%)<br \/>\n<b>Temperature: <\/b>In generale calo con minime raggiunte in serata in quota. Su Prealpi a 1500 m min 3\u00b0C max 7\u00b0C, a 2000 m min 0\u00b0C max 6\u00b0C. Su Dolomiti a 2000 m min 0\u00b0C max 6\u00b0C, a 3000 m min -4\u00b0C max -1\u00b0C.<br \/>\n<b>Venti: <\/b>nelle valli perlopi\u00f9 deboli per brezze, solo localmente e a tratti moderati in alcune valli prealpine per brezze di monte tra la notte e il primo mattino; in quota da sudovest moderati\/tesi a tratti forti sulle cime pi\u00f9 elevate, a 15-25 km\/h a 2000 m e 30-50 km\/h a 3000 m.<\/p>\n<hr \/>\n<p><center><b>Lunedi 22<\/b><\/center>Cielo generalmente nuvoloso o molto nuvoloso. Possibili precipitazioni molto deboli\/pioviggine (40-60 %) specie su Prealpi, con eventuale nevischio oltre i 1600\/1800 m. Temperature in generale calo. Venti nelle valli deboli di direzione variabili in quota deboli o al pi\u00f9 moderati meridionali.<\/p>\n<hr \/>\n<p><center><b>Martedi 23<\/b><\/center>Tendenza a diminuzione della nuvolosit\u00e0 nel corso della giornata con possibili schiarite irregolari, pi\u00f9 probabili su Dolomiti meno su Prealpi dove le nubi potranno insistere maggiormente. Precipitazioni generalmente assenti o al pi\u00f9 poco probabili fino al primo mattino (0-20 %) per qualche pioviggine o nevischio oltre i 1600\/1800 metri. Temperature in lieve calo, venti nelle valli deboli di direzione variabile in quota deboli orientali. Previsore: R.L.Th.\/DDL<\/p>\n<p>&nbsp;<\/p>\n<hr \/>\n<p>&nbsp;<\/p>\n<div class=\"mkdf-post-text\">\n<div class=\"mkdf-post-text-inner\">\n<p><a href=\"https:\/\/www.radiopiu.net\/wordpress\/giornale-radiopiu-15-settembre-2018-direttore-mirko-mezzacasa\/sport-7\/\" rel=\"attachment wp-att-60761\"><img loading=\"lazy\" decoding=\"async\" class=\"wp-image-60761 size-full aligncenter\" src=\"https:\/\/www.radiopiu.net\/wordpress\/wp-content\/uploads\/2018\/09\/sport.jpg\" alt=\"\" width=\"800\" height=\"100\" srcset=\"https:\/\/www.radiopiu.net\/wordpress\/wp-content\/uploads\/2018\/09\/sport.jpg 800w, https:\/\/www.radiopiu.net\/wordpress\/wp-content\/uploads\/2018\/09\/sport-300x38.jpg 300w, https:\/\/www.radiopiu.net\/wordpress\/wp-content\/uploads\/2018\/09\/sport-768x96.jpg 768w\" sizes=\"auto, (max-width: 800px) 100vw, 800px\" \/><\/a><\/p>\n<\/div>\n<\/div>\n<p>&nbsp;<\/p>\n<p><span style=\"color: #3366ff;\">HOCKEY SU GHIACCIO<\/span><\/p>\n<blockquote>\n<h3>ALLEGHE AD EGNA PER PROVARE L&#8217;IMPRESA CONTRO LA CAPOLISTA UNTERLAND CAVALIERS<\/h3>\n<\/blockquote>\n<p><strong><a href=\"https:\/\/www.radiopiu.net\/wordpress\/il-calendario-ufficiale-dellitalian-hockey-league\/logo-alleghe-hockey\/\" rel=\"attachment wp-att-95699\"><img loading=\"lazy\" decoding=\"async\" class=\"size-medium wp-image-95699 alignleft\" src=\"https:\/\/www.radiopiu.net\/wordpress\/wp-content\/uploads\/2019\/08\/logo-alleghe-hockey-300x281.png\" alt=\"\" width=\"300\" height=\"281\" srcset=\"https:\/\/www.radiopiu.net\/wordpress\/wp-content\/uploads\/2019\/08\/logo-alleghe-hockey-300x281.png 300w, https:\/\/www.radiopiu.net\/wordpress\/wp-content\/uploads\/2019\/08\/logo-alleghe-hockey.png 547w\" sizes=\"auto, (max-width: 300px) 100vw, 300px\" \/><\/a>ALLEGHE<\/strong><\/p>\n<p><em>di Roberto Miana, Portavoce dell&#8217;Alleghe Hockey<\/em><\/p>\n<p>Prima giornata del girone di ritorno dell&#8217;Italian Hockey League. Sabato 20 novembre alle ore 18:30 l&#8217;Alleghe gioca in trasferta contro l&#8217;Unterland Cavaliers. <strong>ALLEGHE:<\/strong> sabato scorso, contro i Pirati di Appiano, i nostri \u201cboys\u201d hanno vinto 3-0, inanellando cos\u00ec la sesta vittoria consecutiva. Gli Agordini hanno dominato l&#8217;incontro dall\u2019inizio alla fine e lo dimostrano le 49 conclusioni Alleghesi contro le 10 dell\u2019Appiano. Dopo un vero e proprio tiro al bersaglio le Civette hanno sbloccato meritatamente il risultato nel finale di secondo drittel con lo svedese Joshua Berger #96, al quinto centro stagionale. I nostri ragazzi hanno poi chiuso la contesa nel terzo periodo con la doppietta di Edgar De Toni #45 che porta a otto le sue marcature stagionali. A distanza di una settimana dalla sfida al fanalino di coda Appiano, i Biancorossi si troveranno ora ad affrontare la squadra capoclassifica, in una trasferta decisamente impegnativa con il compito di dare il massimo per uscire comunque vada a testa alta dal ghiaccio della W\u00fcrth Arena. Per questa gara coach Alessandro Fontana avr\u00e0 a disposizione l&#8217;intera rosa. <strong>UNTERLAND CAVALIERS:<\/strong> nell\u2019ultimo turno di campionato i Cavaliers hanno travolto 7-0 il malcapitato Como, dimostrando ancora una volta di essere una delle squadre accreditate alla vittoria di questo campionato. I numeri parlano da soli: testa della classifica con il miglior attacco (37 reti realizzate), la miglior difesa (18 reti subite) e la miglior differenza reti (+19). Scorrendo la lista dei top scorer della squadra spiccano i nomi del giovanissimo diciannovenne bolzanino Gabriel Galassiti #16 con a referto 9 gol e 4 assist, il ceco Filip Kokoska #46 (4+8) e il vipitenese Florian Wieser #55 (5+6). <strong>STATISTICHE:<\/strong> dalla stagione 2013\/2014, da quando Alleghe e Unterland si affrontano nel campionato di serie B (IHL), le Civette hanno incrociato le stecche con i Cavaliers 29 volte. Il bilancio generale \u00e8 in sostanziale equilibrio con 14 successi degli Agordini e 15 dei Basso Atesini. Considerando le sole gare disputate in Alto Adige, in 13 partite si contano 10 successi dei padroni di casa e 3 dei Biancorossi. La passata stagione, alla W\u00fcrth Arena di Egna si \u00e8 imposto l&#8217;Unterland 5-2. Nella gara di andata, giocata a settembre al &#8220;De Toni&#8221; di Alleghe, si sono imposti gli ospiti 5-3. Analizzando le reti totali tra le due squadre si contano 98 marcature dell\u2019Alleghe e 99 dell&#8217;Unterland. <strong>Hockey UNTERLAND CAVALIERS &#8211; ALLEGHE Hockey <\/strong>Sabato 20 novembre ore 18:30 \u2013 W\u00fcrth Arena di Egna (Bz), Arbitri: Andrea Moschen e Patrick Theo Gruber con giudici di linea Alberto Plancher e Alexander Wiest. Collegamenti in DIRETTA RADIOFONICA su Radio Pi\u00f9 (www.radiopiu.net) con \u201cHockey al punto giusto\u201d in studio Marco Gaz e da Egna radiocronaca di Federico Paganin<\/p>\n<hr \/>\n<p>&nbsp;<\/p>\n<p><span style=\"color: #0000ff;\">CALCIO<\/span><\/p>\n<blockquote>\n<h3>L&#8217;AGORDINA DOMANI IN CAMPO CONTRO LA CAPOLISTA. KERALPEN CONTRO IL TREVISO<\/h3>\n<\/blockquote>\n<p><strong><a href=\"https:\/\/www.radiopiu.net\/wordpress\/un-fine-settimana-calcistico-da-dimenticare-per-agordina-e-keralpen\/calcio-2021\/\" rel=\"attachment wp-att-235116\"><img loading=\"lazy\" decoding=\"async\" class=\"size-medium wp-image-235116 alignleft\" src=\"https:\/\/www.radiopiu.net\/wordpress\/wp-content\/uploads\/2021\/10\/CALCIO-2021-300x200.jpg\" alt=\"\" width=\"300\" height=\"200\" srcset=\"https:\/\/www.radiopiu.net\/wordpress\/wp-content\/uploads\/2021\/10\/CALCIO-2021-300x200.jpg 300w, https:\/\/www.radiopiu.net\/wordpress\/wp-content\/uploads\/2021\/10\/CALCIO-2021-1024x683.jpg 1024w, https:\/\/www.radiopiu.net\/wordpress\/wp-content\/uploads\/2021\/10\/CALCIO-2021-768x512.jpg 768w, https:\/\/www.radiopiu.net\/wordpress\/wp-content\/uploads\/2021\/10\/CALCIO-2021-1536x1024.jpg 1536w, https:\/\/www.radiopiu.net\/wordpress\/wp-content\/uploads\/2021\/10\/CALCIO-2021.jpg 1920w\" sizes=\"auto, (max-width: 300px) 100vw, 300px\" \/><\/a>AGORDO <\/strong>Nel fine settimana ritornano in campo le squadre dell\u2019Agordina e il Keralpen. Sono due gli impegni di oggi pomeriggio per il settore giovanile dell\u2019Agordina Calcio. I Giovanissimi Provinciali giocheranno a Cencenighe alle 15 dove arriva il Longaronealpina. Sempre alle 15, ma in terra trevigiana, scenderanno in campo la squadra Juniores Regionale di Fontanive che dopo la bella vittoria della scorsa settimana vuole ripetersi contro il Montello. Domani mattina sar\u00e0 il turno degli Allievi Regionali che alle 10:30 a Farra di Soligo affronteranno l\u2019Union QDP. Match clou della Seconda Categoria girone T del Veneto all\u2019Ivano Dorigo di Agordo. L\u2019Agordina di Marco Lorenzi sar\u00e0 impegnata tra le mura amiche alle 14:30 dove arriva la capolista Arsi\u00e8. La compagine di Agordo esce da un filotto di risultati positivi e prover\u00e0 a mettere il bastone tra le ruote alla prima della classe finora imbattuta. Domani alle 14:30 in campo anche il Keralpen Femminile che a Gron di Sospirolo ospiter\u00e0 il Treviso, una squadra abbordabile per le ragazze bellunesi che hanno vinto le ultime tre uscite stagionali. Domani alle 14:30 appuntamento con \u201cDomenica Pi\u00f9 Sport\u201d per seguire in diretta il calcio giocato e per parlare anche di altri sport.<\/p>\n<p>&nbsp;<\/p>\n<p>&nbsp;<\/p>\n<hr \/>\n<p>&nbsp;<\/p>\n<p><span style=\"color: #0000ff;\">PALLAVOLO<\/span><\/p>\n<blockquote>\n<h3><a href=\"https:\/\/www.radiopiu.net\/wordpress\/?attachment_id=243806\" rel=\"attachment wp-att-243806\"><img loading=\"lazy\" decoding=\"async\" class=\"wp-image-243806 alignleft\" src=\"https:\/\/www.radiopiu.net\/wordpress\/wp-content\/uploads\/2021\/11\/Gamma_Chimca_Brugherio_a_muro-222x300.jpg\" alt=\"\" width=\"135\" height=\"182\" srcset=\"https:\/\/www.radiopiu.net\/wordpress\/wp-content\/uploads\/2021\/11\/Gamma_Chimca_Brugherio_a_muro-222x300.jpg 222w, https:\/\/www.radiopiu.net\/wordpress\/wp-content\/uploads\/2021\/11\/Gamma_Chimca_Brugherio_a_muro-757x1024.jpg 757w, https:\/\/www.radiopiu.net\/wordpress\/wp-content\/uploads\/2021\/11\/Gamma_Chimca_Brugherio_a_muro-768x1039.jpg 768w, https:\/\/www.radiopiu.net\/wordpress\/wp-content\/uploads\/2021\/11\/Gamma_Chimca_Brugherio_a_muro.jpg 968w\" sizes=\"auto, (max-width: 135px) 100vw, 135px\" \/><\/a>I MASCHI DELLA PALLAVOLO BELLUNO A BRUGHERIO, AVVERSARIO DA PRENDERE CON LE PINZE<\/h3>\n<\/blockquote>\n<p><strong>BELLUNO<\/strong> La Pallavolo Belluno in viaggio per la Brianza a Brugherio dove giocher\u00e0 domani alle<b>\u00a018<\/b>. Il vice allenatore <b>Lorenzo Nesello<\/b>: <em>\u00abAffrontiamo una squadra giovane, con un palleggiatore molto alto, Leonardo Di Marco, a cui piace mettere in pratica un gioco spinto\u00bb.\u00a0 <\/em>Attenzione pure agli attaccanti di palla alta: <em>\u00abSono buoni e potenti. Fra loro, spicca di sicuro la banda di origini bulgare, Aleksandar Mitkov\u00bb<\/em>. I pericoli, a detta di Nesello, possono arrivare soprattutto da un fondamentale: <em>\u00abBrugherio vanta un buon servizio. Sia float, sia salto spin\u00bb<\/em>.<\/p>\n<p>&nbsp;<\/p>\n<p>&nbsp;<\/p>\n<hr \/>\n<h3><\/h3>\n<p><span style=\"color: #0000ff;\">PALLAVOLO<\/span><\/p>\n<blockquote>\n<h3>LE RAGAZZE DEL BELLUNO A TRIESTE IN CASA DI ANNA<\/h3>\n<\/blockquote>\n<p><b><a href=\"https:\/\/www.radiopiu.net\/wordpress\/?attachment_id=243805\" rel=\"attachment wp-att-243805\"><img loading=\"lazy\" decoding=\"async\" class=\"wp-image-243805 alignright\" src=\"https:\/\/www.radiopiu.net\/wordpress\/wp-content\/uploads\/2021\/11\/Martina_Fantinel_10-300x238.jpg\" alt=\"\" width=\"221\" height=\"175\" srcset=\"https:\/\/www.radiopiu.net\/wordpress\/wp-content\/uploads\/2021\/11\/Martina_Fantinel_10-300x238.jpg 300w, https:\/\/www.radiopiu.net\/wordpress\/wp-content\/uploads\/2021\/11\/Martina_Fantinel_10-768x609.jpg 768w, https:\/\/www.radiopiu.net\/wordpress\/wp-content\/uploads\/2021\/11\/Martina_Fantinel_10.jpg 956w\" sizes=\"auto, (max-width: 221px) 100vw, 221px\" \/><\/a>BELLUNO<\/b> Fine settimana in trasferta per la Pallavolo Belluno impegnata questa sera a \u00a0Trieste, inizio alle 20.30, \u00a0sesto turno del campionato femminile di B2. Tra le avversarie Anna Bortoluzzi accasatasi a Trieste dalla scorsa estate. <b>\u00a0<\/b>Nonostante l\u2019organico ridotto e l\u2019impossibilit\u00e0 di esibirsi tra le mura amiche, le ragazze di coach Pavei si trovano attualmente in zona salvezza:<em> \u00abStiamo vivendo questo campionato con la spensieratezza tipica della squadra giovane, solo io alzo l\u2019et\u00e0 media &#8211; dice la capitana Martina Fantinel &#8211; a proposito delle giovani, quelli di Buzzatti e Zago sono stati due innesti davvero positivi: entrambe hanno grande voglia di lavorare e prendono pi\u00f9 che seriamente l\u2019impegno. Senza considerare l\u2019esempio di Giulia Zambon\u00bb.\u00a0 <\/em><b>I<\/b>l De Mas ora \u00e8 utilizzato solo per gli allenamenti: <em>\u00abLa serie di trasferte? Ormai ci siamo abituate. Vorr\u00e0 dire che giocheremo l\u2019intero girone di ritorno in casa, quando il fattore campo pu\u00f2 incidere maggiormente\u00bb.\u00a0<\/em><\/p>\n<p>&nbsp;<\/p>\n<p>&nbsp;<\/p>\n<hr \/>\n<p>&nbsp;<\/p>\n<p>&nbsp;<\/p>\n<p>&nbsp;<\/p>\n<\/div>\n<\/div>\n<\/div>\n<\/div>\n<\/div>\n<\/div>\n<\/div>\n","protected":false},"excerpt":{"rendered":"<p>SPECIALI ALLA RADIO: OGGI ALLE 10.30 E 1900 SETTIMANALE APPUNTAMENTO CON LA RASSEGNA STAMPA DA L&#8217;AMICO DEL POPOLO, DI GIANNI SANTOMASO INFORMAZIONE il canale su TELEGRAM informazione di prima mano e in tempo reale. iscriviti ed aiutaci a farlo conoscere\u00a0 &nbsp; &nbsp; OGGI LA GIORNATA INTERNAZIONALE DELL&#8217;INFANZIA BELLUNO Tra i principali diritti dei bambini c\u2019\u00e8&hellip;<\/p>\n","protected":false},"author":4,"featured_media":243953,"comment_status":"closed","ping_status":"open","sticky":false,"template":"","format":"standard","meta":{"_monsterinsights_skip_tracking":false,"_monsterinsights_sitenote_active":false,"_monsterinsights_sitenote_note":"","_monsterinsights_sitenote_category":0,"footnotes":""},"categories":[104,86,49],"tags":[],"class_list":["post-243729","post","type-post","status-publish","format-standard","has-post-thumbnail","hentry","category-evidenza_3","category-gr","category-news-18","category-104","category-86","category-49","description-off"],"img_url":"https:\/\/www.radiopiu.net\/wordpress\/wp-content\/uploads\/2021\/11\/6f60a3fe-2e97-4ed8-bf3e-90e45db2b6e0.jpg","_links":{"self":[{"href":"https:\/\/www.radiopiu.net\/wordpress\/wp-json\/wp\/v2\/posts\/243729","targetHints":{"allow":["GET"]}}],"collection":[{"href":"https:\/\/www.radiopiu.net\/wordpress\/wp-json\/wp\/v2\/posts"}],"about":[{"href":"https:\/\/www.radiopiu.net\/wordpress\/wp-json\/wp\/v2\/types\/post"}],"author":[{"embeddable":true,"href":"https:\/\/www.radiopiu.net\/wordpress\/wp-json\/wp\/v2\/users\/4"}],"replies":[{"embeddable":true,"href":"https:\/\/www.radiopiu.net\/wordpress\/wp-json\/wp\/v2\/comments?post=243729"}],"version-history":[{"count":0,"href":"https:\/\/www.radiopiu.net\/wordpress\/wp-json\/wp\/v2\/posts\/243729\/revisions"}],"wp:featuredmedia":[{"embeddable":true,"href":"https:\/\/www.radiopiu.net\/wordpress\/wp-json\/wp\/v2\/media\/243953"}],"wp:attachment":[{"href":"https:\/\/www.radiopiu.net\/wordpress\/wp-json\/wp\/v2\/media?parent=243729"}],"wp:term":[{"taxonomy":"category","embeddable":true,"href":"https:\/\/www.radiopiu.net\/wordpress\/wp-json\/wp\/v2\/categories?post=243729"},{"taxonomy":"post_tag","embeddable":true,"href":"https:\/\/www.radiopiu.net\/wordpress\/wp-json\/wp\/v2\/tags?post=243729"}],"curies":[{"name":"wp","href":"https:\/\/api.w.org\/{rel}","templated":true}]}}