{"id":243744,"date":"2021-11-19T05:44:44","date_gmt":"2021-11-19T04:44:44","guid":{"rendered":"https:\/\/www.radiopiu.net\/wordpress\/?p=243744"},"modified":"2021-11-19T09:37:52","modified_gmt":"2021-11-19T08:37:52","slug":"la-biblioteca-di-belluno-ricorda-tito-livio-burattini","status":"publish","type":"post","link":"https:\/\/www.radiopiu.net\/wordpress\/la-biblioteca-di-belluno-ricorda-tito-livio-burattini\/","title":{"rendered":"LA BIBLIOTECA DI BELLUNO RICORDA TITO LIVIO BURATTINI\u00a0\u00a0"},"content":{"rendered":"<blockquote>\n<h3><\/h3>\n<\/blockquote>\n<blockquote><p><strong>Agordo ringrazia la pagina facebook Biblioteca Belluno <span style=\"color: #0000ff;\"><a style=\"color: #0000ff;\" href=\"https:\/\/www.facebook.com\/bcbelluno\/posts\/4662749783781271\">CLICCA QUI\u00a0 <\/a><\/span>che non ha dimenticato un anniversario importante, la\u00a0 morte di Tito Livio Burattini che tra l&#8217;altro da il nome alle scuole primarie della citt\u00e0\u00a0<\/strong><\/p><\/blockquote>\n<p><a href=\"https:\/\/www.radiopiu.net\/wordpress\/giornale-radiopiu-19-novembre-2021-direttore-mirko-mezzacasa\/257148034_4657265114329738_4268392048888976180_n\/\" rel=\"attachment wp-att-243743\"><img loading=\"lazy\" decoding=\"async\" class=\"wp-image-243743 alignright\" src=\"https:\/\/www.radiopiu.net\/wordpress\/wp-content\/uploads\/2021\/11\/257148034_4657265114329738_4268392048888976180_n-300x300.jpg\" alt=\"\" width=\"243\" height=\"243\" srcset=\"https:\/\/www.radiopiu.net\/wordpress\/wp-content\/uploads\/2021\/11\/257148034_4657265114329738_4268392048888976180_n-300x300.jpg 300w, https:\/\/www.radiopiu.net\/wordpress\/wp-content\/uploads\/2021\/11\/257148034_4657265114329738_4268392048888976180_n-150x150.jpg 150w, https:\/\/www.radiopiu.net\/wordpress\/wp-content\/uploads\/2021\/11\/257148034_4657265114329738_4268392048888976180_n.jpg 382w\" sizes=\"auto, (max-width: 243px) 100vw, 243px\" \/><\/a><strong>UN AGORDINO GENIALE E POLIVALENTE<\/strong> Sofferente di gotta, l&#8217;agordino Tito Livio Burattini mor\u00ec povero in Polonia 340 anni fa, il 17 novembre 1681. In tempi di Covid, lo ricordiamo perch\u00e8 invent\u00f2 il metro, che oggi \u00e8 l&#8217;unit\u00e0 di misura del distanziamento: \u00ab\u00c8 la lunghezza di un pendolo\u00bb -scrisse nella &#8220;Misura universale&#8221; edita nel 1675- \u00abche fa una vibrazione nel tempo di un minuto secondo, cio\u00e8, che faccia in un ora 3600 vibrazioni\u00bb. Precursore del sistema metrico decimale, il suo metro cattolico conquist\u00f2 il mondo, uniformando finalmente ovunque le misurazioni. Di famiglia agiata, Burattini, genio poliedrico, ebbe una vita piena, tra viaggi, politica, affari e soprattutto studi. Ventenne, fu disegnatore e cartografo in Egitto, riproducendo diversi monumenti antichi. Nel 1642 si trasfer\u00ec in Polonia, ove si afferm\u00f2. Architetto reale a Cracovia, realizz\u00f2 diversi palazzi e con Stanislaw Pudlowski, allievo di Galileo, e Girolamo Pinocci, di origine italiana, comp\u00ec esperimenti ottici e contribu\u00ec alla scoperta sulla superficie di Venere di macchie simili a quelle lunari. Costru\u00ec con successo anche lenti per microscopi e telescopi. Nel 1645 pubblic\u00f2 la Bilancia Sincera, proponendo un perfezionamento della bilancia idrostatica di Galileo: il sistema da lui ideato individu\u00f2 con maggior precisione i pesi specifci dei metalli preziosi. Attivissimo, nel 1648 Burattini progett\u00f2 il dragone volante, una macchina per volare che per\u00f2 non realizz\u00f2, gest\u00ec le miniere di piombo e argento di Olkusz,e nel 1655-56 svolse una missione diplomatica a Vienna per trovare finanziamenti per la guerra contro la Svezia. Partecip\u00f2 alla guerra svedese al comando d&#8217;una compagnia di fanti reclutata a sue spese, e, ricompensato con la nobilitazione, spos\u00f2 l&#8217;aristocratica Teresa Opacka. Diresse la zecca di stato polacca e realizz\u00f2 la prima calcolatrice meccanica italiana, un&#8217;addizionatrice esposta al museo Galileo di Firenze.<\/p>\n<p>&nbsp;<\/p>\n","protected":false},"excerpt":{"rendered":"<p>Agordo ringrazia la pagina facebook Biblioteca Belluno CLICCA QUI\u00a0 che non ha dimenticato un anniversario importante, la\u00a0 morte di Tito Livio Burattini che tra l&#8217;altro da il nome alle scuole primarie della citt\u00e0\u00a0 UN AGORDINO GENIALE E POLIVALENTE Sofferente di gotta, l&#8217;agordino Tito Livio Burattini mor\u00ec povero in Polonia 340 anni fa, il 17 novembre&hellip;<\/p>\n","protected":false},"author":4,"featured_media":243743,"comment_status":"closed","ping_status":"open","sticky":false,"template":"","format":"standard","meta":{"_monsterinsights_skip_tracking":false,"_monsterinsights_sitenote_active":false,"_monsterinsights_sitenote_note":"","_monsterinsights_sitenote_category":0,"footnotes":""},"categories":[104,49],"tags":[],"class_list":["post-243744","post","type-post","status-publish","format-standard","has-post-thumbnail","hentry","category-evidenza_3","category-news-18","category-104","category-49","description-off"],"img_url":"https:\/\/www.radiopiu.net\/wordpress\/wp-content\/uploads\/2021\/11\/257148034_4657265114329738_4268392048888976180_n.jpg","_links":{"self":[{"href":"https:\/\/www.radiopiu.net\/wordpress\/wp-json\/wp\/v2\/posts\/243744","targetHints":{"allow":["GET"]}}],"collection":[{"href":"https:\/\/www.radiopiu.net\/wordpress\/wp-json\/wp\/v2\/posts"}],"about":[{"href":"https:\/\/www.radiopiu.net\/wordpress\/wp-json\/wp\/v2\/types\/post"}],"author":[{"embeddable":true,"href":"https:\/\/www.radiopiu.net\/wordpress\/wp-json\/wp\/v2\/users\/4"}],"replies":[{"embeddable":true,"href":"https:\/\/www.radiopiu.net\/wordpress\/wp-json\/wp\/v2\/comments?post=243744"}],"version-history":[{"count":0,"href":"https:\/\/www.radiopiu.net\/wordpress\/wp-json\/wp\/v2\/posts\/243744\/revisions"}],"wp:featuredmedia":[{"embeddable":true,"href":"https:\/\/www.radiopiu.net\/wordpress\/wp-json\/wp\/v2\/media\/243743"}],"wp:attachment":[{"href":"https:\/\/www.radiopiu.net\/wordpress\/wp-json\/wp\/v2\/media?parent=243744"}],"wp:term":[{"taxonomy":"category","embeddable":true,"href":"https:\/\/www.radiopiu.net\/wordpress\/wp-json\/wp\/v2\/categories?post=243744"},{"taxonomy":"post_tag","embeddable":true,"href":"https:\/\/www.radiopiu.net\/wordpress\/wp-json\/wp\/v2\/tags?post=243744"}],"curies":[{"name":"wp","href":"https:\/\/api.w.org\/{rel}","templated":true}]}}