{"id":243794,"date":"2021-11-19T10:27:15","date_gmt":"2021-11-19T09:27:15","guid":{"rendered":"https:\/\/www.radiopiu.net\/wordpress\/?p=243794"},"modified":"2021-11-19T10:27:16","modified_gmt":"2021-11-19T09:27:16","slug":"anef-e-la-prossima-stagione-sciistica-sara-lanno-della-ripartenza","status":"publish","type":"post","link":"https:\/\/www.radiopiu.net\/wordpress\/anef-e-la-prossima-stagione-sciistica-sara-lanno-della-ripartenza\/","title":{"rendered":"ANEF E LA PROSSIMA STAGIONE SCIISTICA &#8220;SARA&#8217; L&#8217;ANNO DELLA RIPARTENZA&#8221;"},"content":{"rendered":"<table width=\"100%\">\n<tbody>\n<tr>\n<td><\/td>\n<\/tr>\n<\/tbody>\n<\/table>\n<table width=\"100%\">\n<tbody>\n<tr>\n<td><\/td>\n<\/tr>\n<\/tbody>\n<\/table>\n<table width=\"100%\">\n<tbody>\n<tr>\n<td>\n<table width=\"100%\">\n<tbody>\n<tr>\n<td><a href=\"https:\/\/www.radiopiu.net\/wordpress\/anef-e-la-prossima-stagione-sciistica-sara-lanno-della-ripartenza\/th-254\/\" rel=\"attachment wp-att-243795\"><img loading=\"lazy\" decoding=\"async\" class=\"size-full wp-image-243795 alignright\" src=\"https:\/\/www.radiopiu.net\/wordpress\/wp-content\/uploads\/2021\/11\/th-21.jpg\" alt=\"\" width=\"254\" height=\"184\" \/><\/a>A fronte delle tante richieste per chiarire la situazione riguardante le riaperture degli impianti e i protocolli di sicurezza, la presidente dell&#8217;Associazione Nazionale Esercenti Funiviari (Anef) Valeria Ghezzi fa il punto della situazione:\u00a0 <em>\u201cSar\u00e0 l\u2019anno della ripartenza dello. La proposta degli impiantisti prevede la possibilit\u00e0 di sciare anche in zona arancione e rossa, con un numero limitato di accesso alle ski area, l\u201980% di capienza sugli impianti chiusi (50% in zona rossa) e il 100% su quelli aperti, dove si acceder\u00e0 comunque con la mascherina&#8221;<\/em>.\u00a0 Siamo ancora in un momento di incertezza ma possiamo dire che lo sci \u00e8 uno sport di per s\u00e9 sicuro, che si pratica all\u2019aperto e con un distanziamento garantito dalla natura stessa dell\u2019attivit\u00e0. Lo dimostrano le aperture senza particolari limitazioni dello scorso inverno negli Stati Uniti, in Svizzera e nei paesi scandinavi dove non si \u00e8 riscontrata un\u2019incidenza di contagi legata allo sci superiore a quella di altre attivit\u00e0 economiche. <em>&#8220;Non ci sono quindi particolari criticit\u00e0 se si affronta la situazione con un modello organizzativo che permetta il rispetto puntuale delle regole: distanze nelle code, uso corretto della mascherina e controllo del green pass, carico dei veicoli chiusi all\u201980%. Molte di queste pratiche sono tra l\u2019altro gi\u00e0 state sperimentate nelle scorse estati senza alcun problema&#8221;.\u00a0<\/em> La nuova stagione porter\u00e0 anche ulteriori novit\u00e0 relative alla sicurezza come la sottoscrizione obbligatoria di un\u2019assicurazione. Una prescrizione che pu\u00f2 sembrare limitante rispetto ad altri sport ma che \u00e8 comunque da accogliere con favore perch\u00e9 introduce un approccio responsabile alla pratica sciistica. Il tutto con un costo estremamente limitato per polizze che, per chi lo desidera, sono estendibili a tutta la famiglia o che potranno anche coprire altri tipi di attivit\u00e0 durante tutto il corso dell\u2019anno, non solo in pista.\u00a0 <em>&#8220;Un\u2019altra novit\u00e0 contenuta nell\u2019assetto normativo formalizza una regola gi\u00e0 nota, ovvero che non si possa sciare in stato di ebbrezza. Una regola questa quindi apprezzabile che rientra nel campo del buon senso e che dovr\u00e0 a breve essere concretizzata con la definizione di un preciso limite. Si attendono rapidi chiarimenti dalle istituzioni per evitare che una norma pensata per rendere lo sci sempre pi\u00f9 sicuro si trasformi in uno svantaggio competitivo nei confronti delle ski area estere.\u201d\u00a0<\/em><\/td>\n<\/tr>\n<\/tbody>\n<\/table>\n<\/td>\n<\/tr>\n<\/tbody>\n<\/table>\n","protected":false},"excerpt":{"rendered":"<p>A fronte delle tante richieste per chiarire la situazione riguardante le riaperture degli impianti e i protocolli di sicurezza, la presidente dell&#8217;Associazione Nazionale Esercenti Funiviari (Anef) Valeria Ghezzi fa il punto della situazione:\u00a0 \u201cSar\u00e0 l\u2019anno della ripartenza dello. La proposta degli impiantisti prevede la possibilit\u00e0 di sciare anche in zona arancione e rossa, con un&hellip;<\/p>\n","protected":false},"author":4,"featured_media":243796,"comment_status":"closed","ping_status":"open","sticky":false,"template":"","format":"standard","meta":{"_monsterinsights_skip_tracking":false,"_monsterinsights_sitenote_active":false,"_monsterinsights_sitenote_note":"","_monsterinsights_sitenote_category":0,"footnotes":""},"categories":[49],"tags":[],"class_list":["post-243794","post","type-post","status-publish","format-standard","has-post-thumbnail","hentry","category-news-18","category-49","description-off"],"img_url":"https:\/\/www.radiopiu.net\/wordpress\/wp-content\/uploads\/2021\/11\/Courmayeur-Mont-Blanc-Funivie_pista-Checrouit_Ph-Lorenzo-Belfrond_LNZ_9889-300x200-1.jpg","_links":{"self":[{"href":"https:\/\/www.radiopiu.net\/wordpress\/wp-json\/wp\/v2\/posts\/243794","targetHints":{"allow":["GET"]}}],"collection":[{"href":"https:\/\/www.radiopiu.net\/wordpress\/wp-json\/wp\/v2\/posts"}],"about":[{"href":"https:\/\/www.radiopiu.net\/wordpress\/wp-json\/wp\/v2\/types\/post"}],"author":[{"embeddable":true,"href":"https:\/\/www.radiopiu.net\/wordpress\/wp-json\/wp\/v2\/users\/4"}],"replies":[{"embeddable":true,"href":"https:\/\/www.radiopiu.net\/wordpress\/wp-json\/wp\/v2\/comments?post=243794"}],"version-history":[{"count":0,"href":"https:\/\/www.radiopiu.net\/wordpress\/wp-json\/wp\/v2\/posts\/243794\/revisions"}],"wp:featuredmedia":[{"embeddable":true,"href":"https:\/\/www.radiopiu.net\/wordpress\/wp-json\/wp\/v2\/media\/243796"}],"wp:attachment":[{"href":"https:\/\/www.radiopiu.net\/wordpress\/wp-json\/wp\/v2\/media?parent=243794"}],"wp:term":[{"taxonomy":"category","embeddable":true,"href":"https:\/\/www.radiopiu.net\/wordpress\/wp-json\/wp\/v2\/categories?post=243794"},{"taxonomy":"post_tag","embeddable":true,"href":"https:\/\/www.radiopiu.net\/wordpress\/wp-json\/wp\/v2\/tags?post=243794"}],"curies":[{"name":"wp","href":"https:\/\/api.w.org\/{rel}","templated":true}]}}