{"id":243858,"date":"2021-11-19T14:39:47","date_gmt":"2021-11-19T13:39:47","guid":{"rendered":"https:\/\/www.radiopiu.net\/wordpress\/?p=243858"},"modified":"2021-11-19T14:50:20","modified_gmt":"2021-11-19T13:50:20","slug":"minoranze-ladine-dorigo-ricevuto-dal-ministro-dinca-confronto-su-possibili-soluzioni-per-una-maggiore-attenzione","status":"publish","type":"post","link":"https:\/\/www.radiopiu.net\/wordpress\/minoranze-ladine-dorigo-ricevuto-dal-ministro-dinca-confronto-su-possibili-soluzioni-per-una-maggiore-attenzione\/","title":{"rendered":"MINORANZE LADINE, DORIGO RICEVUTO DAL MINISTRO D&#8217;INCA&#8217; &#8220;CONFRONTO SU POSSIBILI SOLUZIONI PER UNA MAGGIORE ATTENZIONE&#8221;"},"content":{"rendered":"<p><strong><a href=\"https:\/\/www.radiopiu.net\/wordpress\/minoranze-ladine-dorigo-ricevuto-dal-ministro-dinca-confronto-su-possibili-soluzioni-per-una-maggiore-attenzione\/incontro-dorigo-ministro\/\" rel=\"attachment wp-att-243859\"><img loading=\"lazy\" decoding=\"async\" class=\"size-medium wp-image-243859 alignleft\" src=\"https:\/\/www.radiopiu.net\/wordpress\/wp-content\/uploads\/2021\/11\/incontro-Dorigo-Ministro-300x225.jpeg\" alt=\"\" width=\"300\" height=\"225\" srcset=\"https:\/\/www.radiopiu.net\/wordpress\/wp-content\/uploads\/2021\/11\/incontro-Dorigo-Ministro-300x225.jpeg 300w, https:\/\/www.radiopiu.net\/wordpress\/wp-content\/uploads\/2021\/11\/incontro-Dorigo-Ministro-1024x768.jpeg 1024w, https:\/\/www.radiopiu.net\/wordpress\/wp-content\/uploads\/2021\/11\/incontro-Dorigo-Ministro-768x576.jpeg 768w, https:\/\/www.radiopiu.net\/wordpress\/wp-content\/uploads\/2021\/11\/incontro-Dorigo-Ministro.jpeg 1280w\" sizes=\"auto, (max-width: 300px) 100vw, 300px\" \/><\/a>ROMA <\/strong>Il Ministro D\u2019Inc\u00e0 ha incontrato ufficialmente Denni Dorigo, direttore dell\u2019 \u2018Istitut Cultural Ladin Cesa de Jan\u2019, ente di riferimento delle comunit\u00e0 ladine storiche di Cortina d\u2019Ampezzo, Colle Santa Lucia e Livinallongo del Col di Lana. Dorigo ha avuto l\u2019opportunit\u00e0 di esporre al Ministro le principali criticit\u00e0 che riguardano la tutela della minoranza ladina nella Provincia di Belluno e confrontarsi su alcune possibili soluzioni, anche legislative, che permettano a queste comunit\u00e0 di conservare le proprie peculiarit\u00e0 storiche, linguistiche ed identitarie. Molti sono stati i temi affrontati: dalla possibilit\u00e0 di dichiararsi ladini nel censimento nazionale alla carta d\u2019identit\u00e0 in lingua ladina, passando per gli ostacoli che dopo vent\u2019anni non permettono una piena applicazione della Legge Nazionale 482\/1999: in primis i problemi legati all\u2019insegnamento della lingua ladina nelle scuole, aspetto di fondamentale importanza per la conservazione della lingua. Il Ministro D\u2019Inc\u00e0 ha assicurato la propria disponibilit\u00e0 a sostenere i ladini nella loro richiesta di ottenere maggior tutela e attenzione, al fine di avvicinarsi il pi\u00f9 possibile al grado di tutela di cui godono le altre valli ladine (Fassa, Badia e Gardena) e con cui da sempre queste tre comunit\u00e0 bellunesi collaborano fattivamente, sentendosi storicamente e culturalmente appartenenti alla stessa famiglia. <em>&#8220;\u00c8 mia intenzione, da Ministro con la delega per le Riforme, lavorare affinch\u00e9 le minoranze ladine presenti nel bellunese possano avvicinarsi al grado di tutela riconosciuto ai ladini delle province autonome di Trento e di Bolzano. Per questo motivo ritengo estremamente utile continuare a relazionarmi con l\u2019Istituto e, allo stesso tempo, favorire ulteriori incontri istituzionali<\/em>\u201d. Per Denni Dorigo l\u2019incontro con il Ministro Federico D\u2019Inc\u00e0 \u00e8 stato il pi\u00f9 rilevante fra i diversi incontri istituzionali\u00a0 programmati durante la recente visita a Roma in occasione del V\u00b0 monitoraggio sulla protezione delle minoranze linguistiche da parte del Comitato degli Esperti del Consiglio d\u2019Europa.<em> &#8220;Ringrazio il Ministro per l\u2019attenzione &#8211; dice il direttore dell&#8217;Istitut Cultural Ladin Cesa de Jan &#8211;\u00a0 soprattutto la disponibilit\u00e0 a sostenerci in questo lungo e difficile percorso volto a tutelare e sostenere la nostra gente, la nostra terra, la nostra lingua e la nostra identit\u00e0. Da parte mia l\u2019impegno di concordare con la Consulta Ladina (organismo formato dalle tre Amministrazioni Comunali e dalle tre Unioni Ladine) le azioni future. Il Ministro mi ha espresso, infine, il desiderio di visitare il nostro Istituto per conoscere ancor pi\u00f9 da vicino la nostra realt\u00e0 e la nostra attivit\u00e0: lo aspettiamo in terra ladina\u201d<\/em>.<\/p>\n<p>&nbsp;<\/p>\n<p>&nbsp;<\/p>\n","protected":false},"excerpt":{"rendered":"<p>ROMA Il Ministro D\u2019Inc\u00e0 ha incontrato ufficialmente Denni Dorigo, direttore dell\u2019 \u2018Istitut Cultural Ladin Cesa de Jan\u2019, ente di riferimento delle comunit\u00e0 ladine storiche di Cortina d\u2019Ampezzo, Colle Santa Lucia e Livinallongo del Col di Lana. Dorigo ha avuto l\u2019opportunit\u00e0 di esporre al Ministro le principali criticit\u00e0 che riguardano la tutela della minoranza ladina nella&hellip;<\/p>\n","protected":false},"author":4,"featured_media":243859,"comment_status":"closed","ping_status":"open","sticky":false,"template":"","format":"standard","meta":{"_monsterinsights_skip_tracking":false,"_monsterinsights_sitenote_active":false,"_monsterinsights_sitenote_note":"","_monsterinsights_sitenote_category":0,"footnotes":""},"categories":[51,49],"tags":[],"class_list":["post-243858","post","type-post","status-publish","format-standard","has-post-thumbnail","hentry","category-evidenza-top","category-news-18","category-51","category-49","description-off"],"img_url":"https:\/\/www.radiopiu.net\/wordpress\/wp-content\/uploads\/2021\/11\/incontro-Dorigo-Ministro.jpeg","_links":{"self":[{"href":"https:\/\/www.radiopiu.net\/wordpress\/wp-json\/wp\/v2\/posts\/243858","targetHints":{"allow":["GET"]}}],"collection":[{"href":"https:\/\/www.radiopiu.net\/wordpress\/wp-json\/wp\/v2\/posts"}],"about":[{"href":"https:\/\/www.radiopiu.net\/wordpress\/wp-json\/wp\/v2\/types\/post"}],"author":[{"embeddable":true,"href":"https:\/\/www.radiopiu.net\/wordpress\/wp-json\/wp\/v2\/users\/4"}],"replies":[{"embeddable":true,"href":"https:\/\/www.radiopiu.net\/wordpress\/wp-json\/wp\/v2\/comments?post=243858"}],"version-history":[{"count":0,"href":"https:\/\/www.radiopiu.net\/wordpress\/wp-json\/wp\/v2\/posts\/243858\/revisions"}],"wp:featuredmedia":[{"embeddable":true,"href":"https:\/\/www.radiopiu.net\/wordpress\/wp-json\/wp\/v2\/media\/243859"}],"wp:attachment":[{"href":"https:\/\/www.radiopiu.net\/wordpress\/wp-json\/wp\/v2\/media?parent=243858"}],"wp:term":[{"taxonomy":"category","embeddable":true,"href":"https:\/\/www.radiopiu.net\/wordpress\/wp-json\/wp\/v2\/categories?post=243858"},{"taxonomy":"post_tag","embeddable":true,"href":"https:\/\/www.radiopiu.net\/wordpress\/wp-json\/wp\/v2\/tags?post=243858"}],"curies":[{"name":"wp","href":"https:\/\/api.w.org\/{rel}","templated":true}]}}