{"id":244066,"date":"2021-11-22T13:30:57","date_gmt":"2021-11-22T12:30:57","guid":{"rendered":"https:\/\/www.radiopiu.net\/wordpress\/?p=244066"},"modified":"2021-11-21T10:38:21","modified_gmt":"2021-11-21T09:38:21","slug":"i-racconti-di-paolo-soppelsa-puntata-102","status":"publish","type":"post","link":"https:\/\/www.radiopiu.net\/wordpress\/i-racconti-di-paolo-soppelsa-puntata-102\/","title":{"rendered":"I RACCONTI DI PAOLO SOPPELSA &#8211; PUNTATA 102"},"content":{"rendered":"<p><strong>NEVE IN CITT\u00c0 <\/strong><\/p>\n<p><em><strong>AUDIO<\/strong><\/em><\/p>\n<audio class=\"wp-audio-shortcode\" id=\"audio-244066-1\" preload=\"none\" style=\"width: 100%;\" controls=\"controls\"><source type=\"audio\/mpeg\" src=\"https:\/\/www.radiopiu.net\/wordpress\/wp-content\/uploads\/2021\/11\/PAOLO-SOPPELSA-NEVE-IN-CITTA.mp3?_=1\" \/><a href=\"https:\/\/www.radiopiu.net\/wordpress\/wp-content\/uploads\/2021\/11\/PAOLO-SOPPELSA-NEVE-IN-CITTA.mp3\">https:\/\/www.radiopiu.net\/wordpress\/wp-content\/uploads\/2021\/11\/PAOLO-SOPPELSA-NEVE-IN-CITTA.mp3<\/a><\/audio>\n<p>&nbsp;<\/p>\n<p><a href=\"https:\/\/www.radiopiu.net\/wordpress\/?attachment_id=244068\" rel=\"attachment wp-att-244068\"><img loading=\"lazy\" decoding=\"async\" class=\"size-medium wp-image-244068 alignleft\" src=\"https:\/\/www.radiopiu.net\/wordpress\/wp-content\/uploads\/2021\/11\/37843095-ae5b-47f9-9a4f-00905b3b988d-300x225.jpg\" alt=\"\" width=\"300\" height=\"225\" srcset=\"https:\/\/www.radiopiu.net\/wordpress\/wp-content\/uploads\/2021\/11\/37843095-ae5b-47f9-9a4f-00905b3b988d-300x225.jpg 300w, https:\/\/www.radiopiu.net\/wordpress\/wp-content\/uploads\/2021\/11\/37843095-ae5b-47f9-9a4f-00905b3b988d-1024x768.jpg 1024w, https:\/\/www.radiopiu.net\/wordpress\/wp-content\/uploads\/2021\/11\/37843095-ae5b-47f9-9a4f-00905b3b988d-768x576.jpg 768w, https:\/\/www.radiopiu.net\/wordpress\/wp-content\/uploads\/2021\/11\/37843095-ae5b-47f9-9a4f-00905b3b988d-1536x1152.jpg 1536w, https:\/\/www.radiopiu.net\/wordpress\/wp-content\/uploads\/2021\/11\/37843095-ae5b-47f9-9a4f-00905b3b988d.jpg 1600w\" sizes=\"auto, (max-width: 300px) 100vw, 300px\" \/><\/a>L&#8217;autunno ormai sfumato, i tigli spogli e il primo ghiaino sui marciapiedi. L&#8217;inverno lo si sente nell&#8217;aria, anche in citt\u00e0. Le giornate sono fredde e la brina ricopre stabilmente i prati e i tratti di strada in ombra. Le previsioni meteo iniziano ad essere monotematiche. Neve in arrivo. Dal primo mattino il cielo \u00e8 grigio, il freddo \u00e8 tagliente e la radio conferma che nevicher\u00e0. Nel pomeriggio si inizia a respirare la classica &#8220;aria da neve&#8221; e mentre la sera si prende il suo spazio, eccola arrivare. Guardando sotto la luce del lampione si possono scorgere i primi minuscoli fiocchi. Pochi minuti e l&#8217;asfalto gelato inizia a perdere le sue difese. L&#8217;attimo in cui &#8220;la nef la scominzia a tac\u00e0&#8221; \u00e8 sempre emozionante. Il cortile e la strada iniziano ad imbiancarsi e, inesorabile, cala il silenzio; quel silenzio che solo la neve sa creare. Il tempo di una cena veloce e poi di nuovo alla finestra; stasera niente televisione e poco smartphone, c&#8217;\u00e8 la neve stasera, che ora scende decisa ed \u00e8 uno spettacolo che merita di essere ammirato. Osservo in silenzio la coltre bianca che inizia ad arrotondare le forme delle auto parcheggiate e penso al ieri e pure al domani. Passato remoto e futuro prossimo si alternano nella mia mente: ripenso alle nevicate cittadine pi\u00f9 abbondanti che ho vissuto e nel frattempo entro in modalit\u00e0 &#8220;doman me ciape par temp&#8221;. La nevicata in corso promette bene e sar\u00e0 opportuno fare ricorso alle antiche saggezze tramandate: ovvero sveglia una ventina di minuti prima del solito e scopa, e forse pure badile, in mano. Non sono solo a guardare dalla finestra: vedo un muovere di tende e occhi curiosi e talvolta preoccupati che osservano lo scendere copioso della neve. Qualcuno sar\u00e0 felice di questo evento che ormai in citt\u00e0 \u00e8 piuttosto raro, altri invece saranno infastiditi. Domani si vivr\u00e0 un vivere rallentato e in alcuni casi praticamente fermo: saranno ritardi a lavoro e ingorghi, auto intraversate e qualche volta abbandonate lungo le strade. E poi occhi stupiti dei bambini e, forse, qualche slitta che uscir\u00e0 dalla cantina. Nel frattempo un rumore cupo rompe momentaneamente l&#8217;incanto di quel perfetto silenzio serale: il lampeggiante giallo del &#8220;versor&#8221; illumina le facciate dei palazzi e la lama spinge la neve contro i muri dei giardini. Rare auto salgono e scendono lungo la via: qualcuno guida spavaldo, altri procedono guardinghi ed io, mentre osservo la strada levigata dalla lama del &#8220;versor&#8221;, ripenso ai tempi lontani in cui, il giorno successivo, noi bambini e ragazzi scendevamo con le slitte per pomeriggi interi. E siamo stati l&#8217;ultima generazione a slittare lungo questa discesa che allora portava ai campi di mais. Uno scendere veloce ed un risalire a rilento trascinando la &#8220;lodeta&#8221; fino quando veniva buio e poi ancora un po&#8217;. E poi il varcare la soglia di casa fradici e felici. Meno felice di noi fu l&#8217;autista del camion del gasolio che un giorno, tentando di risalire senza catene l&#8217;erta via, prima si intravers\u00f2 e successivamente si incastr\u00f2 proprio nel punto pi\u00f9 stretto e pendente della strada. Volarono bestemmie in italiano e dialetto che rimbombavano fra i condomini e poi arrivarono i Vigili del Fuoco: fu interessante ed istruttivo vedere i pompieri all&#8217;opera con il verricello, ma era meglio osservare lo spettacolo da lontano perch\u00e9 l&#8217;autista del camion del gasolio non era granch\u00e9 di buon umore. Nel frattempo continua a nevicare fitto e sicuramente andr\u00e0 avanti tutta la notte; e mentre penso di scendere un attimo in cortile per pulire i vetri della macchina, lo sguardo si posa sul cancello del vicino di un tempo. Non fu un bel risveglio il suo in quella memorabile mattina della storica nevicata dell&#8217;85; un poderoso &#8220;crash&#8221; ruppe la quiete della tranquilla colazione a base di latte e muesli. La lama del &#8220;versor&#8221; spinse la gi\u00e0 tanta neve del mattino verso destra e ciao cancello: crollarono mestamente i pilastrini in cemento un po&#8217; scarsi di fondamenta. Era un triste spettacolo veder sporgere dal mucchio di neve i tristi i tondini contorti del cancello. Fu nevicata imponente quella volta: e fu gran lavoro di braccia e schiena di pap\u00e0 per disseppellire la 127 color del cielo parcheggiata in cortile. Poi arriv\u00f2 la pala gommata e spinse tutta la neve in un angolo del piazzale: e la nostra fantasia di bambini anni &#8217;80 trasform\u00f2 quel mucchio bianco in un castello: qualcuno stava in cima e gli altri sotto. E furono infinite battaglie a palle di neve fino a primavera. Ora la neve ha raggiunto un buon spessore e, prima di andare a dormire, occorre mettere per un momento da parte i ricordi e armarsi di scopa per pulire i vetri della macchina. In cortile c&#8217;\u00e8 un gran silenzio e si riesce a sentire il fruscio dei fiocchi che si posano sulla neve gi\u00e0 al suolo. Terminata la pulizia \u00e8 d&#8217;obbligo un breve giro del quartiere: due foto per immortalare l&#8217;ormai raro evento e poi il vivere per qualche minuto quell&#8217;atmosfera ovattata. Mentre rientro in casa penso che all&#8217;indomani sar\u00e0 traffico delirante e polemiche per lo sgombero neve. E mi prende un po&#8217; di malinconia al pensiero che domani, la strada che ora \u00e8 coperta di candida neve, sar\u00e0 un mare di &#8220;pocio&#8221; marrone causa quintali di sale gettati durante la notte. Quando ritorner\u00f2 da lavoro non ci saranno bambini bagnati felici e vocianti che scendono con la slitta lungo la via. Domani pomeriggio sar\u00e0 asfalto bagnato e in centro le pale gommate saranno all&#8217;opera: la magia bianca sar\u00e0 caricata sui camion e portata chiss\u00e0 dove. Svanir\u00e0 cos\u00ec il sogno di una sera di neve cittadina; rimarr\u00e0 il ricordo di una magia che, per una manciata di ore, ha regalato silenzi e riportato l&#8217;identica felicit\u00e0 provata in quei lontani e spensierati inverni.<\/p>\n<p>&nbsp;<\/p>\n<p>&nbsp;<\/p>\n<p>&nbsp;<\/p>\n<p>*****<\/p>\n","protected":false},"excerpt":{"rendered":"<p>NEVE IN CITT\u00c0 AUDIO &nbsp; L&#8217;autunno ormai sfumato, i tigli spogli e il primo ghiaino sui marciapiedi. L&#8217;inverno lo si sente nell&#8217;aria, anche in citt\u00e0. Le giornate sono fredde e la brina ricopre stabilmente i prati e i tratti di strada in ombra. Le previsioni meteo iniziano ad essere monotematiche. Neve in arrivo. Dal primo&hellip;<\/p>\n","protected":false},"author":4,"featured_media":244068,"comment_status":"closed","ping_status":"open","sticky":false,"template":"","format":"standard","meta":{"_monsterinsights_skip_tracking":false,"_monsterinsights_sitenote_active":false,"_monsterinsights_sitenote_note":"","_monsterinsights_sitenote_category":0,"footnotes":""},"categories":[49,112],"tags":[],"class_list":["post-244066","post","type-post","status-publish","format-standard","has-post-thumbnail","hentry","category-news-18","category-racconti-soppelsa","category-49","category-112","description-off"],"img_url":"https:\/\/www.radiopiu.net\/wordpress\/wp-content\/uploads\/2021\/11\/37843095-ae5b-47f9-9a4f-00905b3b988d.jpg","_links":{"self":[{"href":"https:\/\/www.radiopiu.net\/wordpress\/wp-json\/wp\/v2\/posts\/244066","targetHints":{"allow":["GET"]}}],"collection":[{"href":"https:\/\/www.radiopiu.net\/wordpress\/wp-json\/wp\/v2\/posts"}],"about":[{"href":"https:\/\/www.radiopiu.net\/wordpress\/wp-json\/wp\/v2\/types\/post"}],"author":[{"embeddable":true,"href":"https:\/\/www.radiopiu.net\/wordpress\/wp-json\/wp\/v2\/users\/4"}],"replies":[{"embeddable":true,"href":"https:\/\/www.radiopiu.net\/wordpress\/wp-json\/wp\/v2\/comments?post=244066"}],"version-history":[{"count":0,"href":"https:\/\/www.radiopiu.net\/wordpress\/wp-json\/wp\/v2\/posts\/244066\/revisions"}],"wp:featuredmedia":[{"embeddable":true,"href":"https:\/\/www.radiopiu.net\/wordpress\/wp-json\/wp\/v2\/media\/244068"}],"wp:attachment":[{"href":"https:\/\/www.radiopiu.net\/wordpress\/wp-json\/wp\/v2\/media?parent=244066"}],"wp:term":[{"taxonomy":"category","embeddable":true,"href":"https:\/\/www.radiopiu.net\/wordpress\/wp-json\/wp\/v2\/categories?post=244066"},{"taxonomy":"post_tag","embeddable":true,"href":"https:\/\/www.radiopiu.net\/wordpress\/wp-json\/wp\/v2\/tags?post=244066"}],"curies":[{"name":"wp","href":"https:\/\/api.w.org\/{rel}","templated":true}]}}