{"id":244112,"date":"2021-11-21T23:59:40","date_gmt":"2021-11-21T22:59:40","guid":{"rendered":"https:\/\/www.radiopiu.net\/wordpress\/?p=244112"},"modified":"2021-11-22T06:01:01","modified_gmt":"2021-11-22T05:01:01","slug":"lagordina-crolla-con-larsie-il-keralpen-stravince-con-il-treviso","status":"publish","type":"post","link":"https:\/\/www.radiopiu.net\/wordpress\/lagordina-crolla-con-larsie-il-keralpen-stravince-con-il-treviso\/","title":{"rendered":"L&#8217;AGORDINA CROLLA CON L&#8217;ARSIE&#8217;, IL KERALPEN STRAVINCE CON IL TREVISO"},"content":{"rendered":"<p><strong><a href=\"https:\/\/www.radiopiu.net\/wordpress\/calcio-hockey-il-fine-settimana-seguito-da-radio-piu\/calcio-gol\/\" rel=\"attachment wp-att-73083\"><img loading=\"lazy\" decoding=\"async\" class=\"size-medium wp-image-73083 alignleft\" src=\"https:\/\/www.radiopiu.net\/wordpress\/wp-content\/uploads\/2019\/01\/CALCIO-GOL-300x150.jpg\" alt=\"\" width=\"300\" height=\"150\" srcset=\"https:\/\/www.radiopiu.net\/wordpress\/wp-content\/uploads\/2019\/01\/CALCIO-GOL-300x150.jpg 300w, https:\/\/www.radiopiu.net\/wordpress\/wp-content\/uploads\/2019\/01\/CALCIO-GOL-768x384.jpg 768w, https:\/\/www.radiopiu.net\/wordpress\/wp-content\/uploads\/2019\/01\/CALCIO-GOL.jpg 800w\" sizes=\"auto, (max-width: 300px) 100vw, 300px\" \/><\/a>SECONDA CATEGORIA GIR. <\/strong><strong>T \/ AGORDINA \u2013 ARSIE\u2019 1-2 \u00a0(GOL AGORDINA: Zannoni)<\/strong><\/p>\n<p>L\u2019Agordina crolla contro la prima della classe e incamera la seconda sconfitta stagionale. La squadra di Lorenzi gioca male nella prima frazione concedendo toppo ad un Arsi\u00e8 che approfitta degli errori agordini per andare in doppio vantaggio. La formazione di Agordo si sveglia nel secondo tempo accorciando con Zannoni ma la squadra ospite vince portando a casa l\u2019ottava vittoria stagionale. Agordina che in questo momento rimane al quinto posto della graduatoria della Seconda Categoria girone T e domenica prossima giocher\u00e0 ancora in casa contro la Sospirolese. Prima parte di gara con le squadre che non si vogliono fare del male. L\u2019Arsi\u00e8 gioca palla a terra e mette in difficolt\u00e0 a volte la squadra di Agordo. Si sblocca il punteggio al primo svarione difensivo dei padroni di casa. Lancio lungo del portiere avversario e pallone che arriva ad \u00a0Ackon che batte il portiere agordino. Provano a reagire gli uomini di Lorenzi ma ancora una volta \u00e8 la capolista ad avere la meglio. A siglare la rete del raddoppio ci pensa Venturin. L\u2019Agordina accusa il colpo e rischia di subire un\u2019altra marcatura ma il primo tempo termina con gli ospiti in vantaggio 2 a 0. Nel secondo tempo i ragazzi di Agordo entrano in campo con il piglio giusto. Agordini che accorciano le distanze subito con una bella conclusione di Zannoni. Arsi\u00e8 che non demorde e continua a tenere il pallino del gioco facendosi pericoloso su punizione. La stanchezza si fa sentire e la partita offre poche emozioni fino al triplice fischio finale.<\/p>\n<p>&nbsp;<\/p>\n<p><strong>GIOVANISSIMI PROVINCIALI \/ AGORDINA \u2013 LONGARONE\/ALPINA 2-4<\/strong><\/p>\n<p>Niente da fare per i ragazzi di De Bastiani che perdono in casa. Pi\u00f9 Longarone che Agordina nel match di Cencenighe. Al di l\u00e0 del punteggio nel quale gli ospiti hanno saputo sfruttare bene due calci da fermo, il Longarone \u00e8 sembrato pi\u00f9 ordinato e in partita rispetto agli agordini. In verit\u00e0 le occasioni non sono mancate per i ragazzi di casa, ma ci ha pensato il portiere ospite a dire pi\u00f9 volte di no ai tentativi di Soccol e compagni. I due gol di Martino Ganz, uno anche di pregevole fattura, hanno avuto il merito di tenere la squadra in partita, ma a 5&#8242; dalla fine, la sfortunata deviazione della barriera sul calcio di punizione ospite ha di fatto chiuso l&#8217;incontro.<\/p>\n<p><strong>\u00a0<\/strong><\/p>\n<p><strong>ALLIEVI REGIONALI \/ UNION QDP \u2013 AGORDINA <\/strong><\/p>\n<p>PARTITA RINVIATA A DATA DA DESTINARSI<\/p>\n<p>&nbsp;<\/p>\n<p><strong>JUNIORES REGIONALI \/ MONTELLO \u2013 AGORDINA 4-3<\/strong><\/p>\n<p>Sconfitta di misura per la squadra allenata da Fontanive che in terra trevigiana se la gioca contro il Montello. La squadra di Agordo torna a casa senza punti ma con la consapevolezza che ha giocato una buona partita. 7 gol per decidere la sfida dove il Montello ha avuto la meglio nei minuti finali della partita. Per la cronaca l\u2019Agordina \u00e8 andata a segno con Bordon e doppietta di De Col\u00f2.<\/p>\n<p>&nbsp;<\/p>\n<p><strong>JUNIORES PROVINCIALI \/ SAN VITTORE \u2013 FIORI BARP 0-2<\/strong><\/p>\n<p>Lo si pu\u00f2 definire stupefacente il ruolino di marcia del Fiori Barp nel campionato Provinciale Juniores. La squadra di Sommacal continua ad incamerare punti e lo fa anche nell\u2019ultima partita contro il San Vittore. La formazione sedicense vince per 2 a 0 in trasferta e grazie alla sconfitta della Plavis si trova in testa alla classifica in solitaria. Tornando alla partita del fine settimana il Fiori Barp \u00e8 passato in vantaggio al 7\u2019 con una bella triangolazione tra Fadda, Dall\u2019\u00d2 e Fontana con quest\u2019ultimo che appoggia in rete il pallone del vantaggio. Lo stesso Fontana mette la firma al secondo gol della squadra bluarancio che, su assist di Fadda, chiude definitivamente un match giocato su un campo pesante e difficile da interpretare.<\/p>\n<p><strong>\u00a0<\/strong><\/p>\n<p><strong>ECCELLENZA FEMMINILE \/ KERALPEN \u2013 TREVISO 5-0 (GOL KERALPEN: 3 Ceren\u00e0, Conedera, Sommariva)<\/strong><\/p>\n<p>Sono quattro le vittorie consecutive del Keralpen. Altra ottima prestazione della squadra bellunese che vince largamente contro un Treviso che ha tenuto per pochi minuti. Un vero e proprio assedio delle ragazze di Belluno che sul sintetico di Sedico fanno la voce grossa. Parte bene la formazione di casa che si fa subito pericolosa con De Valerio che non trova l\u2019angolazione giusta per battere il portiere. La partita per\u00f2 \u00e8 piacevole e il Treviso cerca di fermare al nascere le azioni delle bellunesi. Al 12\u2019 Cercen\u00e0 porta in vantaggio il Keralpen. Il raddoppio dieci minuti dopo con Conedera e subito dopo il terzo gol, ancora a firma di Cercen\u00e0. La squadra bellunese schiaccia le trevigiane in difesa facendo cosi paura alle avversarie e arriva il poker con un diagonale di Cercen\u00e0 imparabile. Nel secondo tempo Sommariva rifila la manita del Keralpen alle travigiane. La stessa giocatrice viene atterrata in area e dagli undici metri non sbagli. Calano i ritmi e la partita non da molte emozioni con il Keralpen che non spinge e contiene la squadra ospite. Altri 3 punti in classifica per le bellunesi, 12 punti e quarta posizione del campionato Eccellenza.<\/p>\n","protected":false},"excerpt":{"rendered":"<p>SECONDA CATEGORIA GIR. T \/ AGORDINA \u2013 ARSIE\u2019 1-2 \u00a0(GOL AGORDINA: Zannoni) L\u2019Agordina crolla contro la prima della classe e incamera la seconda sconfitta stagionale. La squadra di Lorenzi gioca male nella prima frazione concedendo toppo ad un Arsi\u00e8 che approfitta degli errori agordini per andare in doppio vantaggio. La formazione di Agordo si sveglia&hellip;<\/p>\n","protected":false},"author":4,"featured_media":73083,"comment_status":"closed","ping_status":"open","sticky":false,"template":"","format":"standard","meta":{"_monsterinsights_skip_tracking":false,"_monsterinsights_sitenote_active":false,"_monsterinsights_sitenote_note":"","_monsterinsights_sitenote_category":0,"footnotes":""},"categories":[104,49],"tags":[],"class_list":["post-244112","post","type-post","status-publish","format-standard","has-post-thumbnail","hentry","category-evidenza_3","category-news-18","category-104","category-49","description-off"],"img_url":"https:\/\/www.radiopiu.net\/wordpress\/wp-content\/uploads\/2019\/01\/CALCIO-GOL.jpg","_links":{"self":[{"href":"https:\/\/www.radiopiu.net\/wordpress\/wp-json\/wp\/v2\/posts\/244112","targetHints":{"allow":["GET"]}}],"collection":[{"href":"https:\/\/www.radiopiu.net\/wordpress\/wp-json\/wp\/v2\/posts"}],"about":[{"href":"https:\/\/www.radiopiu.net\/wordpress\/wp-json\/wp\/v2\/types\/post"}],"author":[{"embeddable":true,"href":"https:\/\/www.radiopiu.net\/wordpress\/wp-json\/wp\/v2\/users\/4"}],"replies":[{"embeddable":true,"href":"https:\/\/www.radiopiu.net\/wordpress\/wp-json\/wp\/v2\/comments?post=244112"}],"version-history":[{"count":0,"href":"https:\/\/www.radiopiu.net\/wordpress\/wp-json\/wp\/v2\/posts\/244112\/revisions"}],"wp:featuredmedia":[{"embeddable":true,"href":"https:\/\/www.radiopiu.net\/wordpress\/wp-json\/wp\/v2\/media\/73083"}],"wp:attachment":[{"href":"https:\/\/www.radiopiu.net\/wordpress\/wp-json\/wp\/v2\/media?parent=244112"}],"wp:term":[{"taxonomy":"category","embeddable":true,"href":"https:\/\/www.radiopiu.net\/wordpress\/wp-json\/wp\/v2\/categories?post=244112"},{"taxonomy":"post_tag","embeddable":true,"href":"https:\/\/www.radiopiu.net\/wordpress\/wp-json\/wp\/v2\/tags?post=244112"}],"curies":[{"name":"wp","href":"https:\/\/api.w.org\/{rel}","templated":true}]}}