{"id":244166,"date":"2021-11-23T05:59:38","date_gmt":"2021-11-23T04:59:38","guid":{"rendered":"https:\/\/www.radiopiu.net\/wordpress\/?p=244166"},"modified":"2021-11-23T08:33:55","modified_gmt":"2021-11-23T07:33:55","slug":"giornale-radiopiu-23-novembre-2021-direttore-mirko-mezzacasa","status":"publish","type":"post","link":"https:\/\/www.radiopiu.net\/wordpress\/giornale-radiopiu-23-novembre-2021-direttore-mirko-mezzacasa\/","title":{"rendered":"GIORNALE RADIOPIU 23 NOVEMBRE 2021 DIRETTORE MIRKO MEZZACASA"},"content":{"rendered":"<h3 class=\"kvgmc6g5 cxmmr5t8 oygrvhab hcukyx3x c1et5uql\"><span style=\"color: #0000ff;\"><strong>INFORMAZIONE il canale su TELEGRAM informazione di prima mano e in tempo reale. iscriviti ed aiutaci a farlo conoscere\u00a0<\/strong><\/span><\/h3>\n<p><strong>\u00a0ULTIM&#8217;ORA 07.00<\/strong><\/p>\n<blockquote>\n<h3>ANCHE BRIES DI AGORDO NELLA MAPPA DEI PUNTI A RISCHIO<\/h3>\n<\/blockquote>\n<p><strong>AGORDO<\/strong> Non ci si salva pi\u00f9, scendono da qualsiasi punto fino ad incrociare la regionale 203 agordina e pi\u00f9 gi\u00f9 fino alla tangenziale.\u00a0 Ecco l&#8217;ennesima carcassa lasciata lungo la regionale 203 agordina dopo l&#8217;investimento con inevitabili danni al mezzo dell&#8217;investitore<\/p>\n<p><a class=\"dt-pswp-item\" href=\"https:\/\/www.radiopiu.net\/wordpress\/wp-content\/uploads\/2021\/11\/b4ac43cd-a8d8-4d77-b310-b4cbe49d834b.jpg\" data-dt-img-description=\"\" data-large_image_width=\"1599\" data-large_image_height=\"1200\"><img loading=\"lazy\" decoding=\"async\" class=\"alignnone wp-image-244429 \" src=\"https:\/\/www.radiopiu.net\/wordpress\/wp-content\/uploads\/2021\/11\/b4ac43cd-a8d8-4d77-b310-b4cbe49d834b-1024x768.jpg\" alt=\"\" width=\"237\" height=\"178\" srcset=\"https:\/\/www.radiopiu.net\/wordpress\/wp-content\/uploads\/2021\/11\/b4ac43cd-a8d8-4d77-b310-b4cbe49d834b-1024x768.jpg 1024w, https:\/\/www.radiopiu.net\/wordpress\/wp-content\/uploads\/2021\/11\/b4ac43cd-a8d8-4d77-b310-b4cbe49d834b-300x225.jpg 300w, https:\/\/www.radiopiu.net\/wordpress\/wp-content\/uploads\/2021\/11\/b4ac43cd-a8d8-4d77-b310-b4cbe49d834b-768x576.jpg 768w, https:\/\/www.radiopiu.net\/wordpress\/wp-content\/uploads\/2021\/11\/b4ac43cd-a8d8-4d77-b310-b4cbe49d834b-1536x1153.jpg 1536w, https:\/\/www.radiopiu.net\/wordpress\/wp-content\/uploads\/2021\/11\/b4ac43cd-a8d8-4d77-b310-b4cbe49d834b.jpg 1599w\" sizes=\"auto, (max-width: 237px) 100vw, 237px\" \/><\/a><\/p>\n<p>&nbsp;<\/p>\n<p>&nbsp;<\/p>\n<p>&nbsp;<\/p>\n<hr \/>\n<p>&nbsp;<\/p>\n<blockquote>\n<h3><em>&#8220;STOP BULLISMO&#8221;, Oggi in Questura a Belluno la presentazione della campagna promossa da Aspiag Service (concessionaria marchio Despar) in collaborazione con la Polizia di Stato.<\/em><\/h3>\n<h3><em><a href=\"https:\/\/www.radiopiu.net\/wordpress\/giornale-radiopiu-23-novembre-2021-direttore-mirko-mezzacasa\/stop-bullismo-logo-per-conferenza-23-11-2021\/\" rel=\"attachment wp-att-244296\"><img loading=\"lazy\" decoding=\"async\" class=\"alignnone wp-image-244296 \" src=\"https:\/\/www.radiopiu.net\/wordpress\/wp-content\/uploads\/2021\/11\/Stop-bullismo-logo-per-conferenza-23.11.2021.jpg\" alt=\"\" width=\"190\" height=\"407\" srcset=\"https:\/\/www.radiopiu.net\/wordpress\/wp-content\/uploads\/2021\/11\/Stop-bullismo-logo-per-conferenza-23.11.2021.jpg 708w, https:\/\/www.radiopiu.net\/wordpress\/wp-content\/uploads\/2021\/11\/Stop-bullismo-logo-per-conferenza-23.11.2021-140x300.jpg 140w, https:\/\/www.radiopiu.net\/wordpress\/wp-content\/uploads\/2021\/11\/Stop-bullismo-logo-per-conferenza-23.11.2021-478x1024.jpg 478w\" sizes=\"auto, (max-width: 190px) 100vw, 190px\" \/><\/a>\u00a0<\/em><\/h3>\n<\/blockquote>\n<p>&nbsp;<\/p>\n<p>&nbsp;<\/p>\n<hr \/>\n<p>&nbsp;<\/p>\n<p><strong><a href=\"https:\/\/www.radiopiu.net\/wordpress\/lassessore-gianpaolo-bottacin-ribatte-alle-accuse-del-presidente-della-croce-verde-val-biois-stefano-murer\/croce-verde-val-biois-2\/\" rel=\"attachment wp-att-153811\"><img loading=\"lazy\" decoding=\"async\" class=\"wp-image-153811 alignleft\" src=\"https:\/\/www.radiopiu.net\/wordpress\/wp-content\/uploads\/2020\/08\/CROCE-VERDE-VAL-BIOIS-300x225.jpg\" alt=\"\" width=\"191\" height=\"143\" srcset=\"https:\/\/www.radiopiu.net\/wordpress\/wp-content\/uploads\/2020\/08\/CROCE-VERDE-VAL-BIOIS-300x225.jpg 300w, https:\/\/www.radiopiu.net\/wordpress\/wp-content\/uploads\/2020\/08\/CROCE-VERDE-VAL-BIOIS-1024x768.jpg 1024w, https:\/\/www.radiopiu.net\/wordpress\/wp-content\/uploads\/2020\/08\/CROCE-VERDE-VAL-BIOIS-768x576.jpg 768w, https:\/\/www.radiopiu.net\/wordpress\/wp-content\/uploads\/2020\/08\/CROCE-VERDE-VAL-BIOIS-1536x1153.jpg 1536w, https:\/\/www.radiopiu.net\/wordpress\/wp-content\/uploads\/2020\/08\/CROCE-VERDE-VAL-BIOIS.jpg 1599w\" sizes=\"auto, (max-width: 191px) 100vw, 191px\" \/><\/a><\/strong><\/p>\n<p><strong>La Croce Verde Val Biois, causa la carenza di volontari, ha emanato il calendario con i disservizi del mese di novembre.<\/strong><\/p>\n<p>Il calendario provvisorio: LUNEDI&#8217; 29 NOVEMBRE 2021 DALLE ORE 6:00 ALLE ORE 20:00.<\/p>\n<p><strong>\u00a0 \u00a0<\/strong><\/p>\n<p>&nbsp;<\/p>\n<p>&nbsp;<\/p>\n<p>&nbsp;<\/p>\n<p>&nbsp;<\/p>\n<hr \/>\n<p>&nbsp;<\/p>\n<p><strong><span style=\"color: #ff0000;\"><a href=\"https:\/\/www.radiopiu.net\/wordpress\/chiuso-il-ponte-bailey-a-belluno\/image-213\/\" rel=\"attachment wp-att-244400\"><img loading=\"lazy\" decoding=\"async\" class=\" wp-image-244400 alignleft\" src=\"https:\/\/www.radiopiu.net\/wordpress\/wp-content\/uploads\/2021\/11\/image-300x169.webp\" alt=\"\" width=\"233\" height=\"131\" srcset=\"https:\/\/www.radiopiu.net\/wordpress\/wp-content\/uploads\/2021\/11\/image-300x169.webp 300w, https:\/\/www.radiopiu.net\/wordpress\/wp-content\/uploads\/2021\/11\/image-768x432.webp 768w, https:\/\/www.radiopiu.net\/wordpress\/wp-content\/uploads\/2021\/11\/image.webp 960w\" sizes=\"auto, (max-width: 233px) 100vw, 233px\" \/><\/a>CHIUSO IL PONTE BAILEY A BELLUNO<\/span><\/strong> \u00a0Da ieri il ponte \u00e8 chiuso al traffico, fino al prossimo 10 dicembre.\u00a0 Ieri, nelle ore di punta, il traffico lungo via dei Dendrofori era completamente bloccato. Gi\u00e0 alle 13 un unico grande serpentone di auto si muoveva a rilento. Alle 18 le auto erano letteralmente ferme. C\u2019\u00e8 chi ha impiegato oltre 50 minuti per percorrere il chilometro e mezzo che separa la piscina comunale dalla rotatoria del Conad, all\u2019uscita della galleria Belluno.<\/p>\n<p>&nbsp;<\/p>\n<blockquote>\n<blockquote>\n<blockquote>\n<h3>CHIUSURA DELLA PROVINCIALE 3 DI VALLE IMPERINA<\/h3>\n<\/blockquote>\n<p><strong><img loading=\"lazy\" decoding=\"async\" class=\"alignleft\" src=\"https:\/\/www.radiopiu.net\/wordpress\/wp-content\/uploads\/2021\/11\/d56ff87b-7cd1-4b77-8c69-2a01cc866a18.jpg\" width=\"110\" height=\"232\" \/>GOSALDO<\/strong> PROVINCIALE 3 VALLE IMPERINA: fino al 30 novembre esclusi sabato e domenica interruzione totale alla viabilit\u00e0\u00a0 per lavori di <a href=\"https:\/\/www.radiopiu.net\/wordpress\/iniziati-i-lavori-al-ponte-del-cristo-sulla-203-agordina\/ced07f80-a96b-45ee-a3d5-5dd6a16a320a\/\" rel=\"attachment wp-att-243364\"><img loading=\"lazy\" decoding=\"async\" class=\"size-medium wp-image-243364 alignright\" src=\"https:\/\/www.radiopiu.net\/wordpress\/wp-content\/uploads\/2021\/11\/ced07f80-a96b-45ee-a3d5-5dd6a16a320a-224x300.jpg\" alt=\"\" width=\"224\" height=\"300\" srcset=\"https:\/\/www.radiopiu.net\/wordpress\/wp-content\/uploads\/2021\/11\/ced07f80-a96b-45ee-a3d5-5dd6a16a320a-224x300.jpg 224w, https:\/\/www.radiopiu.net\/wordpress\/wp-content\/uploads\/2021\/11\/ced07f80-a96b-45ee-a3d5-5dd6a16a320a-766x1024.jpg 766w, https:\/\/www.radiopiu.net\/wordpress\/wp-content\/uploads\/2021\/11\/ced07f80-a96b-45ee-a3d5-5dd6a16a320a-768x1027.jpg 768w, https:\/\/www.radiopiu.net\/wordpress\/wp-content\/uploads\/2021\/11\/ced07f80-a96b-45ee-a3d5-5dd6a16a320a-1149x1536.jpg 1149w, https:\/\/www.radiopiu.net\/wordpress\/wp-content\/uploads\/2021\/11\/ced07f80-a96b-45ee-a3d5-5dd6a16a320a.jpg 1496w\" sizes=\"auto, (max-width: 224px) 100vw, 224px\" \/><\/a>messa in sicurezza:\u00a0 dalle 8 alle 12.45; dalle 13.45 alle 16 e dalle 16.30 alle 17.30 nei periodi non interessati dalla chiusura senso unico alternato con semaforo anche nei giorni festivi e prefestivi.<\/p>\n<p><strong>347 DURAN<\/strong>, chiusa in localit\u00e0 Dont fino al 4 dicembre dalle 8 alle 12 e dalle 13.30 alle 17.30<\/p>\n<p><strong>COLLE SANTA LUCIA 638 PASSO GIAU <\/strong>fino al 15 dicembre, tutti i giorni sono previste interruzioni fino a 15 minuti tra le 8 del mattino e le 17 del pomeriggio, negli altri orari senso unico alternato regolato da impianto semaforico.<\/p>\n<p>&nbsp;<\/p><\/blockquote>\n<p>&nbsp;<\/p>\n<p>&nbsp;<\/p>\n<p>&nbsp;<\/p>\n<p>&nbsp;<\/p>\n<p>&nbsp;<\/p>\n<p>&nbsp;<\/p>\n<p>&nbsp;<\/p><\/blockquote>\n<p>&nbsp;<\/p>\n<hr \/>\n<p>&nbsp;<\/p>\n<blockquote>\n<h3>STRONCATO DA UN INFARTO IVAN BERLAI, IL PILOTA DI LEONARDO DEL VECCHIO<\/h3>\n<\/blockquote>\n<p><strong><a href=\"https:\/\/www.radiopiu.net\/wordpress\/stroncato-da-un-infarto-ivan-berlai-il-pilota-di-leonardo-del-vecchio\/schermata-2021-11-22-alle-10-30-24\/\" rel=\"attachment wp-att-244262\"><img loading=\"lazy\" decoding=\"async\" class=\"size-medium wp-image-244262 alignleft\" src=\"https:\/\/www.radiopiu.net\/wordpress\/wp-content\/uploads\/2021\/11\/Schermata-2021-11-22-alle-10.30.24-300x173.png\" alt=\"\" width=\"300\" height=\"173\" srcset=\"https:\/\/www.radiopiu.net\/wordpress\/wp-content\/uploads\/2021\/11\/Schermata-2021-11-22-alle-10.30.24-300x173.png 300w, https:\/\/www.radiopiu.net\/wordpress\/wp-content\/uploads\/2021\/11\/Schermata-2021-11-22-alle-10.30.24-1024x589.png 1024w, https:\/\/www.radiopiu.net\/wordpress\/wp-content\/uploads\/2021\/11\/Schermata-2021-11-22-alle-10.30.24-768x442.png 768w, https:\/\/www.radiopiu.net\/wordpress\/wp-content\/uploads\/2021\/11\/Schermata-2021-11-22-alle-10.30.24-1536x884.png 1536w, https:\/\/www.radiopiu.net\/wordpress\/wp-content\/uploads\/2021\/11\/Schermata-2021-11-22-alle-10.30.24.png 1846w\" sizes=\"auto, (max-width: 300px) 100vw, 300px\" \/><\/a>CODROIPO (PN) <\/strong>E&#8217; stato ritrovato senza vita nella sua abitazione di Codroipo Ivan Berlai, il pilota di Leonardo Del Vecchio. E&#8217; stato un malore di natura cardiaca che non gli ha lasciato scampo: inutili i soccorsi del personale sanitario, che hanno tentato a lungo di rianimarlo. Il brevetto a Bologna, poi l\u2019esperienza prolungata alla Benetton e, negli ultimi dodici anni, i gradi di capitano indossati con orgoglio per la flotta di aerei di propriet\u00e0 della Luxottica: quando il patron Leonardo Del Vecchio doveva volare, a pilotare il jet Gulfstream G650 c\u2019era spesso Ivan Berlai, originario di Bertiolo.<\/p>\n<p><em> (FONTE: Messaggero Veneto)<\/em><\/p>\n<p>&nbsp;<\/p>\n<hr \/>\n<p>&nbsp;<\/p>\n<blockquote>\n<h3>L&#8217;HOCKEY CENCENIGHE VICINO ALLA FAMIGLIA CALLEGARI<\/h3>\n<\/blockquote>\n<p><a href=\"https:\/\/www.radiopiu.net\/wordpress\/lhockey-cencenighe-vicino-alla-famiglia-callegari\/eb1621d1-b05c-4af6-8ef1-2ac767fb4ab8\/\" rel=\"attachment wp-att-244382\"><img loading=\"lazy\" decoding=\"async\" class=\"size-medium wp-image-244382 alignleft\" src=\"https:\/\/www.radiopiu.net\/wordpress\/wp-content\/uploads\/2021\/11\/eb1621d1-b05c-4af6-8ef1-2ac767fb4ab8-195x300.jpg\" alt=\"\" width=\"195\" height=\"300\" srcset=\"https:\/\/www.radiopiu.net\/wordpress\/wp-content\/uploads\/2021\/11\/eb1621d1-b05c-4af6-8ef1-2ac767fb4ab8-195x300.jpg 195w, https:\/\/www.radiopiu.net\/wordpress\/wp-content\/uploads\/2021\/11\/eb1621d1-b05c-4af6-8ef1-2ac767fb4ab8.jpg 665w\" sizes=\"auto, (max-width: 195px) 100vw, 195px\" \/><\/a><\/p>\n<p>&nbsp;<\/p>\n<p><strong>ALLEGHE<\/strong> E&#8217; mancato Michele Callegari, 66 anni alleghese di Caprile, Ne ha dato il triste annuncio la moglie Francesca con le figlie Sara ed Elisa. \u00a0L\u2019Hockey Club Cencenighe partecipa al dolore della famiglia per la scomparsa di Michele.\u00a0 Insuperabile difensore, soprattutto instancabile lavoratore.<\/p>\n<p>Ogni inverno si ritagliava del tempo per giocare e fare gruppo con\u00a0 gli amici di Cencenighe ai tempi della lega &#8220;selvaggia&#8221; serie C degli\u00a0 anni Ottanta.<\/p>\n<p>Giovedi alle 14.30 i funerali nel Santuario di Santa Maria delle Grazie<\/p>\n<p>&nbsp;<\/p>\n<p>&nbsp;<\/p>\n<p>&nbsp;<\/p>\n<p>&nbsp;<\/p>\n<p>&nbsp;<\/p>\n<p>&nbsp;<\/p>\n<p>&nbsp;<\/p>\n<hr \/>\n<p>&nbsp;<\/p>\n<blockquote>\n<h3><a href=\"https:\/\/www.radiopiu.net\/wordpress\/giornale-radiopiu-23-novembre-2021-direttore-mirko-mezzacasa\/c6bd0ed9-a7ea-49f2-9e7f-7bccbbd29bcb\/\" rel=\"attachment wp-att-244403\"><img loading=\"lazy\" decoding=\"async\" class=\" wp-image-244403 alignleft\" src=\"https:\/\/www.radiopiu.net\/wordpress\/wp-content\/uploads\/2021\/11\/c6bd0ed9-a7ea-49f2-9e7f-7bccbbd29bcb-300x169.jpg\" alt=\"\" width=\"217\" height=\"122\" srcset=\"https:\/\/www.radiopiu.net\/wordpress\/wp-content\/uploads\/2021\/11\/c6bd0ed9-a7ea-49f2-9e7f-7bccbbd29bcb-300x169.jpg 300w, https:\/\/www.radiopiu.net\/wordpress\/wp-content\/uploads\/2021\/11\/c6bd0ed9-a7ea-49f2-9e7f-7bccbbd29bcb-1024x576.jpg 1024w, https:\/\/www.radiopiu.net\/wordpress\/wp-content\/uploads\/2021\/11\/c6bd0ed9-a7ea-49f2-9e7f-7bccbbd29bcb-768x432.jpg 768w, https:\/\/www.radiopiu.net\/wordpress\/wp-content\/uploads\/2021\/11\/c6bd0ed9-a7ea-49f2-9e7f-7bccbbd29bcb-1536x864.jpg 1536w, https:\/\/www.radiopiu.net\/wordpress\/wp-content\/uploads\/2021\/11\/c6bd0ed9-a7ea-49f2-9e7f-7bccbbd29bcb.jpg 1920w\" sizes=\"auto, (max-width: 217px) 100vw, 217px\" \/><\/a>I FUNERALI DI SIMONE<\/h3>\n<p><strong>COMELICO<\/strong> I funerali di Simone\u00a0 Scattolo, 38 anni di Dosoledo si terranno domani alle 14.30 nella chiesa parrocchiale di Dosoledo di Comelico Superiore. Ne danno il triste annuncio la mamma Piera, il pap\u00e0 Danilo, la sorella Letizia con Loris, la nonna e tutti i parenti.<\/p><\/blockquote>\n<p>&nbsp;<\/p>\n<p>&nbsp;<\/p>\n<hr \/>\n<p>&nbsp;<\/p>\n<blockquote>\n<h3>DALLA PROCURA NULLA OSTA PER I FUNERALI DI EMILIA<\/h3>\n<\/blockquote>\n<p><strong><a href=\"https:\/\/www.radiopiu.net\/wordpress\/feltrefonza12\/8afd7461-0d10-40b3-905c-919d7eee441b\/\" rel=\"attachment wp-att-243203\"><img loading=\"lazy\" decoding=\"async\" class=\" wp-image-243203 alignleft\" src=\"https:\/\/www.radiopiu.net\/wordpress\/wp-content\/uploads\/2021\/11\/8afd7461-0d10-40b3-905c-919d7eee441b-292x300.jpg\" alt=\"\" width=\"130\" height=\"133\" srcset=\"https:\/\/www.radiopiu.net\/wordpress\/wp-content\/uploads\/2021\/11\/8afd7461-0d10-40b3-905c-919d7eee441b-292x300.jpg 292w, https:\/\/www.radiopiu.net\/wordpress\/wp-content\/uploads\/2021\/11\/8afd7461-0d10-40b3-905c-919d7eee441b-768x789.jpg 768w, https:\/\/www.radiopiu.net\/wordpress\/wp-content\/uploads\/2021\/11\/8afd7461-0d10-40b3-905c-919d7eee441b.jpg 997w\" sizes=\"auto, (max-width: 130px) 100vw, 130px\" \/><\/a>FONZASO<\/strong> La Procura ha dato il nulla osta alla sepoltura di Emilia Santurini, oggi la famiglia\u00a0 decider\u00e0 la data dei funerali. L&#8217;autopsia \u00e8 stata eseguita sabato pomeriggio dal medico legale incaricato che consegner\u00e0 i risultati della sua perizia il 21 febbraio. L&#8217;investitore deve rispondere di omicidio stradale e, al momento, fuga dopo incidente. La famiglia si costituir\u00e0 parte civile con Zanon per Giesse Risarcimento danni. Nel frattempo, i carabinieri di Feltre hanno ascoltato a sommarie informazioni il podista che la sera dell&#8217;incidente \u00e8 passato di corsa sul luogo dell&#8217;investimento e ha trovato sull&#8217;asfalto la scarpa destra della donna, allacciandola alla ringhiera dell&#8217;azienda Mauser per permettere di ritrovarla. La testimonianza del giovane ha permesso di collocare temporalmente l&#8217;incidente in un arco di una quarantina di minuti, tra le 19,10 e le 19.50<\/p>\n<p>&nbsp;<\/p>\n<p>&nbsp;<\/p>\n<hr \/>\n<p>&nbsp;<\/p>\n<blockquote>\n<h3>GUIDATORE ILLESO, CERVO MORTO E AUTO SERIAMENTE DANNEGGIATA<\/h3>\n<\/blockquote>\n<p><strong>FELTRE<\/strong> Ennesimo investimento di animale ieri all\u2019alba in via Casonetto,\u00a0 localit\u00e0 Nemeggio. Il cervo investito \u00e8 morto, l&#8217;auto finita ruote all&#8217;aria, illeso il guidatore. Sul posto i Vigili del Fuoco di Feltre per la messa in sicurezza della vettura, mentre il conducente \u00e8 riuscito a venire fuori autonomamente ed incolume dal mezzo. L\u2019animale deceduto \u00e8 stato rimosso dagli addetti alla fauna selvatica. Sul posto le forze dell\u2019ordine per i rilievi del sinistro. Le operazioni di soccorso sono terminate dopo circa due ore.<\/p>\n\n\t\t\t<style type='text\/css'>\n\t\t\t\t#gallery-1 {\n\t\t\t\t\tmargin: auto;\n\t\t\t\t}\n\t\t\t\t#gallery-1 .gallery-item {\n\t\t\t\t\tfloat: left;\n\t\t\t\t\tmargin-top: 10px;\n\t\t\t\t\ttext-align: center;\n\t\t\t\t\twidth: 33%;\n\t\t\t\t}\n\t\t\t\t#gallery-1 img {\n\t\t\t\t\tborder: 2px solid #cfcfcf;\n\t\t\t\t}\n\t\t\t\t#gallery-1 .gallery-caption {\n\t\t\t\t\tmargin-left: 0;\n\t\t\t\t}\n\t\t\t\t\/* see gallery_shortcode() in wp-includes\/media.php *\/\n\t\t\t<\/style>\n\t\t<div id='gallery-1' class='dt-gallery-container gallery galleryid-244166 gallery-columns-3 gallery-size-medium'><dl class='gallery-item'>\n\t\t\t\t<dt class='gallery-icon landscape'>\n\t\t\t\t\t<a class=\"rollover rollover-zoom dt-pswp-item\" title=\"0e5029ca-3b8c-42f8-ba68-9d7de985d5ec\" data-dt-img-description=\"\" data-large_image_width=\"866\" data-large_image_height=\"577\"href='https:\/\/www.radiopiu.net\/wordpress\/wp-content\/uploads\/2021\/11\/0e5029ca-3b8c-42f8-ba68-9d7de985d5ec.jpg'><img loading=\"lazy\" decoding=\"async\" width=\"300\" height=\"200\" src=\"https:\/\/www.radiopiu.net\/wordpress\/wp-content\/uploads\/2021\/11\/0e5029ca-3b8c-42f8-ba68-9d7de985d5ec-300x200.jpg\" class=\"attachment-medium size-medium\" alt=\"\" srcset=\"https:\/\/www.radiopiu.net\/wordpress\/wp-content\/uploads\/2021\/11\/0e5029ca-3b8c-42f8-ba68-9d7de985d5ec-300x200.jpg 300w, https:\/\/www.radiopiu.net\/wordpress\/wp-content\/uploads\/2021\/11\/0e5029ca-3b8c-42f8-ba68-9d7de985d5ec-768x512.jpg 768w, https:\/\/www.radiopiu.net\/wordpress\/wp-content\/uploads\/2021\/11\/0e5029ca-3b8c-42f8-ba68-9d7de985d5ec.jpg 866w\" sizes=\"auto, (max-width: 300px) 100vw, 300px\" \/><\/a>\n\t\t\t\t<\/dt><\/dl><dl class='gallery-item'>\n\t\t\t\t<dt class='gallery-icon landscape'>\n\t\t\t\t\t<a class=\"rollover rollover-zoom dt-pswp-item\" title=\"4b5a117d-481c-4d03-bf16-d5126c85a8e0\" data-dt-img-description=\"\" data-large_image_width=\"1280\" data-large_image_height=\"961\"href='https:\/\/www.radiopiu.net\/wordpress\/wp-content\/uploads\/2021\/11\/4b5a117d-481c-4d03-bf16-d5126c85a8e0.jpg'><img loading=\"lazy\" decoding=\"async\" width=\"300\" height=\"225\" src=\"https:\/\/www.radiopiu.net\/wordpress\/wp-content\/uploads\/2021\/11\/4b5a117d-481c-4d03-bf16-d5126c85a8e0-300x225.jpg\" class=\"attachment-medium size-medium\" alt=\"\" srcset=\"https:\/\/www.radiopiu.net\/wordpress\/wp-content\/uploads\/2021\/11\/4b5a117d-481c-4d03-bf16-d5126c85a8e0-300x225.jpg 300w, https:\/\/www.radiopiu.net\/wordpress\/wp-content\/uploads\/2021\/11\/4b5a117d-481c-4d03-bf16-d5126c85a8e0-1024x769.jpg 1024w, https:\/\/www.radiopiu.net\/wordpress\/wp-content\/uploads\/2021\/11\/4b5a117d-481c-4d03-bf16-d5126c85a8e0-768x577.jpg 768w, https:\/\/www.radiopiu.net\/wordpress\/wp-content\/uploads\/2021\/11\/4b5a117d-481c-4d03-bf16-d5126c85a8e0.jpg 1280w\" sizes=\"auto, (max-width: 300px) 100vw, 300px\" \/><\/a>\n\t\t\t\t<\/dt><\/dl><dl class='gallery-item'>\n\t\t\t\t<dt class='gallery-icon landscape'>\n\t\t\t\t\t<a class=\"rollover rollover-zoom dt-pswp-item\" title=\"9c2c6f0c-3970-4e30-bd9f-57e7a6fd8eea\" data-dt-img-description=\"\" data-large_image_width=\"961\" data-large_image_height=\"716\"href='https:\/\/www.radiopiu.net\/wordpress\/wp-content\/uploads\/2021\/11\/9c2c6f0c-3970-4e30-bd9f-57e7a6fd8eea.jpg'><img loading=\"lazy\" decoding=\"async\" width=\"300\" height=\"224\" src=\"https:\/\/www.radiopiu.net\/wordpress\/wp-content\/uploads\/2021\/11\/9c2c6f0c-3970-4e30-bd9f-57e7a6fd8eea-300x224.jpg\" class=\"attachment-medium size-medium\" alt=\"\" srcset=\"https:\/\/www.radiopiu.net\/wordpress\/wp-content\/uploads\/2021\/11\/9c2c6f0c-3970-4e30-bd9f-57e7a6fd8eea-300x224.jpg 300w, https:\/\/www.radiopiu.net\/wordpress\/wp-content\/uploads\/2021\/11\/9c2c6f0c-3970-4e30-bd9f-57e7a6fd8eea-768x572.jpg 768w, https:\/\/www.radiopiu.net\/wordpress\/wp-content\/uploads\/2021\/11\/9c2c6f0c-3970-4e30-bd9f-57e7a6fd8eea.jpg 961w\" sizes=\"auto, (max-width: 300px) 100vw, 300px\" \/><\/a>\n\t\t\t\t<\/dt><\/dl><br style=\"clear: both\" \/>\n\t\t\t<\/div>\n\n<p>&nbsp;<\/p>\n<p>&nbsp;<\/p>\n<hr \/>\n<p>&nbsp;<\/p>\n<p>&nbsp;<\/p>\n<blockquote>\n<h3>\u00a0LA STRUTTURA ANZIANI INABILI A RISCHIO CHIUSURA PER MANCANZA DI PERSONALE<\/h3>\n<\/blockquote>\n<p><strong><a href=\"https:\/\/www.radiopiu.net\/wordpress\/giornale-radio-piu-15-maggio-2018-direttore-mirko-mezzacasa\/santin-300x169\/\" rel=\"attachment wp-att-48328\"><img loading=\"lazy\" decoding=\"async\" class=\" wp-image-48328 alignleft\" src=\"https:\/\/www.radiopiu.net\/wordpress\/wp-content\/uploads\/2018\/05\/SANTIN-300x169-300x169.jpg\" alt=\"\" width=\"213\" height=\"120\" \/><\/a>AGORDO\u00a0<\/strong><\/p>\n<p><strong>DI GIANNI SANTOMASO<\/strong><\/p>\n<p>&nbsp;<\/p>\n<audio class=\"wp-audio-shortcode\" id=\"audio-244166-1\" preload=\"none\" style=\"width: 100%;\" controls=\"controls\"><source type=\"audio\/mpeg\" src=\"https:\/\/www.radiopiu.net\/wordpress\/wp-content\/uploads\/2021\/11\/GIANNI-ALLOGGI.mp3?_=1\" \/><a href=\"https:\/\/www.radiopiu.net\/wordpress\/wp-content\/uploads\/2021\/11\/GIANNI-ALLOGGI.mp3\">https:\/\/www.radiopiu.net\/wordpress\/wp-content\/uploads\/2021\/11\/GIANNI-ALLOGGI.mp3<\/a><\/audio>\n<p>&nbsp;<\/p>\n<p>&nbsp;<\/p>\n<hr \/>\n<p>&nbsp;<\/p>\n<p>&nbsp;<\/p>\n<p>&nbsp;<\/p>\n<p>&nbsp;<\/p>\n<blockquote>\n<h3>LUXOTTICA REGALA 370 MILA EURO PER LA CASA DI SOGGIORNO DI TAIBON<\/h3>\n<\/blockquote>\n<p><strong><img loading=\"lazy\" decoding=\"async\" class=\"alignleft\" src=\"https:\/\/www.radiopiu.net\/wordpress\/wp-content\/uploads\/2021\/02\/CASA-SOGGIORNO-TAIBON.jpg\" width=\"216\" height=\"137\" \/>TAIBON<\/strong> Non \u00e8 una novit\u00e0 che Luxottica destini parte dei propri guadagni per il territorio, cos\u00ec come non lo \u00e8 che il denaro venga riservato alla casa di soggiorno per persone anziane di Taibon Agordino, donata al paese dall&#8217;imprenditore dei tessuti Bruno Dai Pra.<\/p>\n<p>Infatti Luxottica ha informato l&#8217;Unione Montana che verser\u00e0 370 mila euro per la manutenzione straordinaria della struttura. I sindaci dell&#8217;Agordino contribuiranno con 3 milioni 700 mila euro (meno i 370 mila di Luxottica) dei fondi di confine. Sono in programma importanti lavori di ristrutturazione: indagini geotecniche, consolidamento strutturale, isolamenti termici, rifacimento degli interni.<\/p>\n<p>&nbsp;<\/p>\n<p>&nbsp;<\/p>\n<p>&nbsp;<\/p>\n<hr \/>\n<blockquote>\n<h3>RAZZIA DI PECORE, IL LUPO A MURLE, IL SINDACO IN PROVINCIA<\/h3>\n<\/blockquote>\n<p><a href=\"https:\/\/www.radiopiu.net\/wordpress\/giornale-radiopiu-23-novembre-2021-direttore-mirko-mezzacasa\/nicola-castellaz-1975\/\" rel=\"attachment wp-att-244404\"><img loading=\"lazy\" decoding=\"async\" class=\"size-full wp-image-244404 alignleft\" src=\"https:\/\/www.radiopiu.net\/wordpress\/wp-content\/uploads\/2021\/11\/nicola-castellaz-1975.jpg\" alt=\"\" width=\"100\" height=\"100\" \/><\/a><strong>PEDAVENA<\/strong> Il sindaco Nicola Castellaz, ha chiesto un incontro a Provincia e Regione dopo che il lupo, sabato notte, ha fatto una incursione tra le case a Murle, tornando anche nella notte tra domenica e ieri.\u00a0 L&#8217;incursione che \u00e8 costata la vita a quattro pecore nane, di razza d&#8217;Ouessant, nel grande giardino della casa di Linda Zanin. &#8220;Se la convivenza col lupo sta diventando inevitabile &#8211;\u00a0 dice il primo cittadino al Corriere delle Alpi &#8211; \u00e8 importante per\u00f2 affrontare il tema della sicurezza delle persone e quali misure poter adottare per salvaguardare le attivit\u00e0 agricole, oggi sempre pi\u00f9 fondamentali per il mantenimento e le tradizioni rurali del nostro territorio&#8221;.<\/p>\n<p>&nbsp;<\/p>\n<hr \/>\n<p>&nbsp;<\/p>\n<p>&nbsp;<\/p>\n<blockquote>\n<h3>DUE MANIFESTAZIONI DI INTERESSE PER ACC<\/h3>\n<\/blockquote>\n<p><strong><img loading=\"lazy\" decoding=\"async\" class=\"alignleft\" src=\"https:\/\/www.radiopiu.net\/wordpress\/wp-content\/uploads\/2021\/11\/Maurizio-Castro-e-nuovamente-commissario-di-Acc-Wanbao_articleimage.jpg\" width=\"337\" height=\"225\" \/>BORGO VALBELLUNA<\/strong>\u00a0 Il comissario Maurizio Castro ha annunciato \u00a0due \u201cmanifestazioni d\u2019interesse\u201d ufficiali anche per ACC, e forse ulteriori interessamenti che rischiano di presentarsi a breve, direttamente all\u2019Amministrazione straordinaria.\u00a0 <em>&#8220;Questo elemento non fa che confermare le posizioni che come FIOM e CGIL abbiamo assunto sin da subito; ci sono gli spazi per generare intorno allo stabilimento di Mel diverse opzioni di salvataggio e queste si possono tranquillamente inserire nella pianificazione futura di vari soggetti industriali, sia di questo territorio che stranieri&#8221;.\u00a0<\/em>Lo dicono all&#8217;unisono Mauro De Carli e Stefano Bona della Fiom Cgil di Belluno.<\/p>\n<p>&nbsp;<\/p>\n<p><strong>IL PRESIDENTE LUCA ZAIA<\/strong>\u00a0 <em><span style=\"color: #4f4f4f;\">\u201c<\/span><span style=\"color: #4f4f4f; font-size: medium;\">Intravvediamo un raggio di sole, nella speranza di essere di fronte a un nuovo inizio e che si possa pensare a un percorso positivo per questa azienda, per i suoi lavoratori e per l\u2019intero tessuto economico e territoriale bellunese,<\/span><\/em> <em><span style=\"color: #4f4f4f; font-size: medium;\">La speranza e l\u2019impegno di tutti\u00a0 \u00a0\u00e8 che la situazione possa riprendere quota. Occorre insistere, facendo squadra. La Regione c\u2019\u00e8, com\u2019\u00e8 sempre stato, e continuer\u00e0 a fare la sua parte con tutto l\u2019impegno possibile. Restiamo con il fiato sospeso\u00a0 nella speranza che tutti insieme si riesca a trovare una soluzione positiva\u201d<\/span><\/em><\/p>\n<p>&nbsp;<\/p>\n<p><strong>IL MINISTRO FEDERICO D&#8217;INCA&#8217; <\/strong><em>Il grande obiettivo \u00e8 quello di rilanciare l&#8217;azienda, e dare un futuro ai dipendenti dello stabilimento che da anni si impegnano, giorno dopo giorno, nel proprio lavoro e per l&#8217;intero territorio: credo che dalla manifestazione avvenuta in piazza a Mel, a cui hanno partecipato lavoratori, sindaci e i due vescovi, si sia fatto un buon passo in avanti. <\/em><em>Desidero ringraziare il lavoro svolto dal commissario Castro, dai sindacati e dalla Regione Veneto con Elena Donazzan, costantemente attivi su questa delicata vertenza: a livello istituzionale, dobbiamo continuare a fare squadra con la nostra comunit\u00e0 per risolvere questa lunga problematica. Ho chiesto al Mise di verificare in tempi brevi la relazione che sar\u00e0 presentata dal commissario e consenta l&#8217;avvio di una contrattazione per lo stabilimento di Mel&#8221;.<\/em><\/p>\n<p>&nbsp;<\/p>\n<p><strong>L&#8217;ASSESSORE ELENA DONAZZAN <\/strong><em>\u201cSolo la caparbiet\u00e0 dei lavoratori e il messaggio unitario proveniente dal territorio sublimato nella manifestazione di dieci giorni fa\u00a0 hanno tenuto alta l\u2019attenzione e evitato che decisioni prive di senso mettessero la parola fine a questa lunga storia industriale. La conoscenza di mercato e dei clienti del Commissario Castro e la sua bravura nel non perdere la direzione per un rilancio industriale, hanno fatto emergere nuove manifestazioni di interesse. Ho chiesto che il MISE sia fortemente al fianco di Castro in queste fasi per rendere ancora pi\u00f9 interessante per gli investitori il rilancio di ACC.\u00a0 \u00c9 paradossale che questa azienda continui ad avere crescenti richieste di fornitura e non possa assecondare le richieste del mercato di una clientela molto raffinata perch\u00e9 non ha possibilit\u00e0 di produrre. Unico caso di prodotto che va sul mercato e impossibilit\u00e0 di soddisfarlo per mancanza di finanza, essendo una azienda di fatto del Ministero dello Sviluppo Economico e, quindi, del Governo\u201d.<\/em><\/p>\n<p>&nbsp;<\/p>\n<p>&nbsp;<\/p>\n<p>&nbsp;<\/p>\n<p>&nbsp;<\/p>\n<hr \/>\n<p>&nbsp;<\/p>\n<blockquote>\n<h2>SAN NICOLO&#8217; COMELICO E FONZASO I COMUNI PIU&#8217; CONTAGIATI<\/h2>\n<\/blockquote>\n<p><a href=\"https:\/\/www.radiopiu.net\/wordpress\/san-nicolo-comelico-e-fonzaso-i-comuni-piu-contagiati\/5e4df8ef-a074-44e3-872f-ee6f43480d2c\/\" rel=\"attachment wp-att-244341\"><img loading=\"lazy\" decoding=\"async\" class=\"size-medium wp-image-244341 alignleft\" src=\"https:\/\/www.radiopiu.net\/wordpress\/wp-content\/uploads\/2021\/11\/5e4df8ef-a074-44e3-872f-ee6f43480d2c-300x263.jpg\" alt=\"\" width=\"300\" height=\"263\" srcset=\"https:\/\/www.radiopiu.net\/wordpress\/wp-content\/uploads\/2021\/11\/5e4df8ef-a074-44e3-872f-ee6f43480d2c-300x263.jpg 300w, https:\/\/www.radiopiu.net\/wordpress\/wp-content\/uploads\/2021\/11\/5e4df8ef-a074-44e3-872f-ee6f43480d2c-1024x897.jpg 1024w, https:\/\/www.radiopiu.net\/wordpress\/wp-content\/uploads\/2021\/11\/5e4df8ef-a074-44e3-872f-ee6f43480d2c-768x672.jpg 768w, https:\/\/www.radiopiu.net\/wordpress\/wp-content\/uploads\/2021\/11\/5e4df8ef-a074-44e3-872f-ee6f43480d2c.jpg 1125w\" sizes=\"auto, (max-width: 300px) 100vw, 300px\" \/><\/a><strong>BELLUNO<\/strong> I casi rilevati nell\u2019ultima settimana sono 310 (+50 rispetto alla scorsa settimana), con un conseguente tasso di incidenza settimanale di 155,3 casi su 100 mila abitanti, superiore all&#8217;incidenza nazionale (110,5 su 100 mila abitanti). La mappa sottostante rappresenta l\u2019incidenza settimanale per singolo comune. Solo due comuni nella casistica peggiore (pi\u00f9 di 500 casi ogni 100 mila abitanti), San Nicolo&#8217; Comelico e Fonzaso, da una parte all&#8217;altra della provincia. . Fino a 500 casi Comelico Superiore, Vigo, Lorenzago, Domegge, Perarolo, Alleghe, Voltago, San Gregorio, Ponte nelle Alpi, Santa Giustina, Feltre e Quero Vas. Una ventina i Comuni che nell&#8217;ultima settimana non hanno registrato contagi. Nella settimana trascorsa i nuovi casi si collocano prevalentemente nelle fasce d\u2019et\u00e0 centrali, socialmente mobili e con tassi di copertura vaccinale ancora non eccellenti. Appare evidente una riduzione di casistica nelle prime fasce d\u2019et\u00e0, fortemente interessate dallo sviluppo epidemico nelle settimane precedenti. TERAPIA CON ANTICORPI MONOCLONALI Ad oggi sono state trattate con anticorpi monoclonali dall\u2019Unit\u00e0 Operativa di Malattie Infettive di Belluno 127 persone. Nella settimana qui analizzata sono stati somministrati 7 trattamenti con monoclonali. RICOVERI Sono attualmente ricoverati: \u2981 area non critica \u2013 ospedale San Martino:7 pazienti (di anni: 50,59, 74,84,85,90,91) \u2981 Terapia Intensiva \u2013 ospedale di Feltre: 2 paziente (di anni 55, 74)<\/p>\n<p>&nbsp;<\/p>\n<p>&nbsp;<\/p>\n<p>&nbsp;<\/p>\n<p>&nbsp;<\/p>\n<p>&nbsp;<\/p>\n<p>&nbsp;<\/p>\n<p>&nbsp;<\/p>\n<hr \/>\n<blockquote>\n<h3><\/h3>\n<h3>IL PUNTO COVID IN PROVINCIA CON IL DIRETTORE GENERALE MARIA GRAZIA CARRARO<\/h3>\n<\/blockquote>\n<p><strong>di Moreno Gioli<\/strong><\/p>\n<audio class=\"wp-audio-shortcode\" id=\"audio-244166-2\" preload=\"none\" style=\"width: 100%;\" controls=\"controls\"><source type=\"audio\/mpeg\" src=\"https:\/\/www.radiopiu.net\/wordpress\/wp-content\/uploads\/2021\/11\/moreno-2.mp3?_=2\" \/><a href=\"https:\/\/www.radiopiu.net\/wordpress\/wp-content\/uploads\/2021\/11\/moreno-2.mp3\">https:\/\/www.radiopiu.net\/wordpress\/wp-content\/uploads\/2021\/11\/moreno-2.mp3<\/a><\/audio>\n<p>&nbsp;<\/p>\n<p><strong><img loading=\"lazy\" decoding=\"async\" class=\"alignleft\" src=\"https:\/\/www.radiopiu.net\/wordpress\/wp-content\/uploads\/2021\/11\/c501e930-ab71-4ac8-9a72-4c787d30928f.jpg\" width=\"250\" height=\"187\" \/>BELLUNO<\/strong> Attualmente in provincia di Belluno i positivi sono 562, incidenza 155. Nell&#8217;ultima settimana scoperti 310 nuovi casi nella fascia d\u2019et\u00e0 45-64. A Lamon\u00a0 spento il focolaio in casa di riposo, attivo\u00a0 quello di Fonzaso. In provincia sono state somministrate 127 terapie monoclonali. I bellunesi vaccinati sono l\u201983% (seconda dose),ancora da vaccinare 28mila bellunesi sopra i 12 anni. Sette le persone ricoverate, uno soltanto non vaccinato, due in terapia intensiva (uno vaccinato).<\/p>\n<p>&nbsp;<\/p>\n<p><strong>AUDIO, MARIA GRAZIA CARRARO\u00a0<\/strong><\/p>\n<audio class=\"wp-audio-shortcode\" id=\"audio-244166-3\" preload=\"none\" style=\"width: 100%;\" controls=\"controls\"><source type=\"audio\/mpeg\" src=\"https:\/\/www.radiopiu.net\/wordpress\/wp-content\/uploads\/2021\/11\/carraro.mp3?_=3\" \/><a href=\"https:\/\/www.radiopiu.net\/wordpress\/wp-content\/uploads\/2021\/11\/carraro.mp3\">https:\/\/www.radiopiu.net\/wordpress\/wp-content\/uploads\/2021\/11\/carraro.mp3<\/a><\/audio>\n<p>&nbsp;<\/p>\n<p>&nbsp;<\/p>\n<hr \/>\n<p>&nbsp;<\/p>\n<blockquote class=\"wp-embedded-content\" data-secret=\"CWtgK4bodI\"><p><a href=\"https:\/\/www.radiopiu.net\/wordpress\/aggiornamentonov22\/\">CORONAVIRUS: AGGIORNAMENTO NAZIONALE 22 NOVEMBRE  2021<\/a><\/p><\/blockquote>\n<p><iframe loading=\"lazy\" class=\"wp-embedded-content\" sandbox=\"allow-scripts\" security=\"restricted\" style=\"position: absolute; clip: rect(1px, 1px, 1px, 1px);\" title=\"&#8220;CORONAVIRUS: AGGIORNAMENTO NAZIONALE 22 NOVEMBRE  2021&#8221; &#8212; Radio Pi\u00f9\" src=\"https:\/\/www.radiopiu.net\/wordpress\/aggiornamentonov22\/embed\/#?secret=CWtgK4bodI\" data-secret=\"CWtgK4bodI\" width=\"600\" height=\"338\" frameborder=\"0\" marginwidth=\"0\" marginheight=\"0\" scrolling=\"no\"><\/iframe><\/p>\n<p>&nbsp;<\/p>\n<blockquote class=\"wp-embedded-content\" data-secret=\"sJxrVKBpaL\"><p><a href=\"https:\/\/www.radiopiu.net\/wordpress\/tre-decessi-e-ricoveri-in-aumento-nelle-ultime-24-ore-870-nuovi-positivi-in-veneto\/\">TRE DECESSI E RICOVERI IN AUMENTO. NELLE ULTIME 24 ORE 870 NUOVI POSITIVI IN VENETO<\/a><\/p><\/blockquote>\n<p><iframe loading=\"lazy\" class=\"wp-embedded-content\" sandbox=\"allow-scripts\" security=\"restricted\" style=\"position: absolute; clip: rect(1px, 1px, 1px, 1px);\" title=\"&#8220;TRE DECESSI E RICOVERI IN AUMENTO. NELLE ULTIME 24 ORE 870 NUOVI POSITIVI IN VENETO&#8221; &#8212; Radio Pi\u00f9\" src=\"https:\/\/www.radiopiu.net\/wordpress\/tre-decessi-e-ricoveri-in-aumento-nelle-ultime-24-ore-870-nuovi-positivi-in-veneto\/embed\/#?secret=sJxrVKBpaL\" data-secret=\"sJxrVKBpaL\" width=\"600\" height=\"338\" frameborder=\"0\" marginwidth=\"0\" marginheight=\"0\" scrolling=\"no\"><\/iframe><\/p>\n<p>&nbsp;<\/p>\n<h2>I GRAFICI DI TIZIANO DE COL<\/h2>\n<p>&nbsp;<\/p>\n\n\t\t\t<style type='text\/css'>\n\t\t\t\t#gallery-2 {\n\t\t\t\t\tmargin: auto;\n\t\t\t\t}\n\t\t\t\t#gallery-2 .gallery-item {\n\t\t\t\t\tfloat: left;\n\t\t\t\t\tmargin-top: 10px;\n\t\t\t\t\ttext-align: center;\n\t\t\t\t\twidth: 33%;\n\t\t\t\t}\n\t\t\t\t#gallery-2 img {\n\t\t\t\t\tborder: 2px solid #cfcfcf;\n\t\t\t\t}\n\t\t\t\t#gallery-2 .gallery-caption {\n\t\t\t\t\tmargin-left: 0;\n\t\t\t\t}\n\t\t\t\t\/* see gallery_shortcode() in wp-includes\/media.php *\/\n\t\t\t<\/style>\n\t\t<div id='gallery-2' class='dt-gallery-container gallery galleryid-244166 gallery-columns-3 gallery-size-thumbnail'><dl class='gallery-item'>\n\t\t\t\t<dt class='gallery-icon landscape'>\n\t\t\t\t\t<a class=\"rollover\" href='https:\/\/www.radiopiu.net\/wordpress\/giornale-radiopiu-23-novembre-2021-direttore-mirko-mezzacasa\/2b9d5f05-3c94-4231-8711-f363922a6971-2\/'><img loading=\"lazy\" decoding=\"async\" width=\"150\" height=\"150\" src=\"https:\/\/www.radiopiu.net\/wordpress\/wp-content\/uploads\/2021\/11\/2b9d5f05-3c94-4231-8711-f363922a6971-1-150x150.jpg\" class=\"attachment-thumbnail size-thumbnail\" alt=\"\" \/><\/a>\n\t\t\t\t<\/dt><\/dl><dl class='gallery-item'>\n\t\t\t\t<dt class='gallery-icon landscape'>\n\t\t\t\t\t<a class=\"rollover\" href='https:\/\/www.radiopiu.net\/wordpress\/giornale-radiopiu-23-novembre-2021-direttore-mirko-mezzacasa\/39600499-e279-4775-a0d7-d27a81662829-2\/'><img loading=\"lazy\" decoding=\"async\" width=\"150\" height=\"150\" src=\"https:\/\/www.radiopiu.net\/wordpress\/wp-content\/uploads\/2021\/11\/39600499-e279-4775-a0d7-d27a81662829-1-150x150.jpg\" class=\"attachment-thumbnail size-thumbnail\" alt=\"\" \/><\/a>\n\t\t\t\t<\/dt><\/dl><dl class='gallery-item'>\n\t\t\t\t<dt class='gallery-icon landscape'>\n\t\t\t\t\t<a class=\"rollover\" href='https:\/\/www.radiopiu.net\/wordpress\/due-manifestazioni-di-interesse-per-acc\/be7f63a7-f1e3-4171-9a24-ba421706b6bb\/'><img loading=\"lazy\" decoding=\"async\" width=\"150\" height=\"150\" src=\"https:\/\/www.radiopiu.net\/wordpress\/wp-content\/uploads\/2021\/11\/be7f63a7-f1e3-4171-9a24-ba421706b6bb-150x150.jpg\" class=\"attachment-thumbnail size-thumbnail\" alt=\"\" \/><\/a>\n\t\t\t\t<\/dt><\/dl><br style=\"clear: both\" \/><dl class='gallery-item'>\n\t\t\t\t<dt class='gallery-icon landscape'>\n\t\t\t\t\t<a class=\"rollover\" href='https:\/\/www.radiopiu.net\/wordpress\/giornale-radiopiu-23-novembre-2021-direttore-mirko-mezzacasa\/8cfee9f4-a5b3-404a-bcec-7fe74558398f-2\/'><img loading=\"lazy\" decoding=\"async\" width=\"150\" height=\"150\" src=\"https:\/\/www.radiopiu.net\/wordpress\/wp-content\/uploads\/2021\/11\/8cfee9f4-a5b3-404a-bcec-7fe74558398f-1-150x150.jpg\" class=\"attachment-thumbnail size-thumbnail\" alt=\"\" \/><\/a>\n\t\t\t\t<\/dt><\/dl><dl class='gallery-item'>\n\t\t\t\t<dt class='gallery-icon landscape'>\n\t\t\t\t\t<a class=\"rollover\" href='https:\/\/www.radiopiu.net\/wordpress\/due-manifestazioni-di-interesse-per-acc\/276e56ae-d93d-4543-8034-92a05af07737\/'><img loading=\"lazy\" decoding=\"async\" width=\"150\" height=\"150\" src=\"https:\/\/www.radiopiu.net\/wordpress\/wp-content\/uploads\/2021\/11\/276e56ae-d93d-4543-8034-92a05af07737-150x150.jpg\" class=\"attachment-thumbnail size-thumbnail\" alt=\"\" \/><\/a>\n\t\t\t\t<\/dt><\/dl>\n\t\t\t\t<br style='clear: both' \/>\n\t\t\t<\/div>\n\n<p>&nbsp;<\/p>\n<p>&nbsp;<\/p>\n<p>&nbsp;<\/p>\n<hr \/>\n<p>&nbsp;<\/p>\n<p>&nbsp;<\/p>\n<blockquote>\n<h3><a href=\"https:\/\/www.radiopiu.net\/wordpress\/giornale-radiopiu-23-novembre-2021-direttore-mirko-mezzacasa\/zaia-firma-con-de-berti\/\" rel=\"attachment wp-att-244297\"><img loading=\"lazy\" decoding=\"async\" class=\" wp-image-244297 alignleft\" src=\"https:\/\/www.radiopiu.net\/wordpress\/wp-content\/uploads\/2021\/11\/ZAIA-FIRMA-CON-DE-BERTI-300x225.jpeg\" alt=\"\" width=\"275\" height=\"207\" srcset=\"https:\/\/www.radiopiu.net\/wordpress\/wp-content\/uploads\/2021\/11\/ZAIA-FIRMA-CON-DE-BERTI-300x225.jpeg 300w, https:\/\/www.radiopiu.net\/wordpress\/wp-content\/uploads\/2021\/11\/ZAIA-FIRMA-CON-DE-BERTI-768x576.jpeg 768w, https:\/\/www.radiopiu.net\/wordpress\/wp-content\/uploads\/2021\/11\/ZAIA-FIRMA-CON-DE-BERTI.jpeg 1024w\" sizes=\"auto, (max-width: 275px) 100vw, 275px\" \/><\/a>OLIMPIADI 2026. IL BALLO HA INIZIO<\/h3>\n<\/blockquote>\n<p>&nbsp;<\/p>\n<p><strong>VENEZIA\u00a0<\/strong> <em>\u201cGrazie a questa firma non ci possono pi\u00f9 essere alibi: adesso pancia a terra e lavorare verso le Olimpiadi invernali Milano-Cortina 2026. Se del tempo \u00e8 stato perso lo si recuperer\u00e0 e saranno olimpiadi memorabili\u201d. <\/em>Con queste parole, il Presidente della Regione Veneto Luca Zaia commenta\u00a0 la firma a Roma, della costituzione della Societ\u00e0 \u201cInfrastrutture Milano Cortina 2026 Spa\u201d. Zaia, che era accompagnato dall\u2019Assessore alle Infrastrutture Elisa De Berti, ha prima partecipato alla Cabina di reg\u00eca tra i protagonisti, al termine della quale si \u00e8 tenuta la firma. I sottoscrittori sono i Ministeri dell\u2019Economia e Finanze e delle Infrastrutture e Mobilit\u00e0 Sostenibili; le Regioni Lombardia e Veneto; le Province Autonome di Bolzano e Trento.<\/p>\n<p>&nbsp;<\/p>\n<p><strong>DARIO BOND<\/strong>:<em> \u201cOra buon lavoro al commissario e avanti tutta con il gioco di squadra, per ridurre i tempi e completare le opere infrastrutturali entro dicembre 2025. La societ\u00e0 \u00e8 lo strumento migliore per indirizzare e coordinare tutte le progettualit\u00e0. Ma i tempi sono stretti e non possiamo correre il rischio di arrivare con le opere a met\u00e0, come abbiamo visto con i Mondiali di Cortina del febbraio scorso&#8221;.\u00a0\u00a0<\/em><\/p>\n<p><strong>\u00a0FEDERICO D&#8217;INCA&#8217;\u00a0 <em>&#8220;<\/em><\/strong><em>Dobbiamo correre, colmare i ritardi che si sono accumulati e snellire tutte le procedure burocratiche necessarie per preparare il territorio a questo evento. In quest\u2019ottica rappresenta una novit\u00e0 positiva anche la decisione di nominare un commissario che dovr\u00e0 seguire l\u2019iter progettuale che riguarda le opere gi\u00e0 finanziate. I governi Conte e Draghi hanno scommesso moltissimo sulle Olimpiadi, che avranno sicure ricadute occupazionali e sul pil non solo per le regioni interessate, ma per tutto il Paese.<\/em>\u00a0<em> Abbiamo previsto un miliardo di euro per la realizzazione delle opere infrastrutturali. A questi fondi si sono poi aggiunti ulteriori 145 milioni di euro nella legge di bilancio 2021 e altri 324 milioni per gli anni 2022-2025 per completare le opere gi\u00e0 previste e per gli altri interventi infrastrutturali che dovessero rendersi necessari.<\/em>\u00a0 <em>Vigileremo con la massima attenzione sulle procedure di gara per evitare qualsiasi fenomeno che possa inquinare questa grandissima occasione di sviluppo e rilancio\u201d:<\/em><\/p>\n<p>&nbsp;<\/p>\n<p>&nbsp;<\/p>\n<p>&nbsp;<\/p>\n<hr \/>\n<blockquote>\n<h3><strong>\u00a0<\/strong><\/h3>\n<h3><strong>PROTEZIONE CIVILE. AL VIA ACQUISTI PER 1,5 MILIONI DI EURO<\/strong><\/h3>\n<\/blockquote>\n<p><strong><a href=\"https:\/\/www.radiopiu.net\/wordpress\/giornale-radiopiu-02-aprile-2021-direttore-mirko-mezzacasa\/ac89acda-5fc2-4bd7-9879-55ce91b6093b\/\" rel=\"attachment wp-att-200852\"><img loading=\"lazy\" decoding=\"async\" class=\" wp-image-200852 alignleft\" src=\"https:\/\/www.radiopiu.net\/wordpress\/wp-content\/uploads\/2021\/04\/ac89acda-5fc2-4bd7-9879-55ce91b6093b-300x241.jpg\" alt=\"\" width=\"193\" height=\"155\" srcset=\"https:\/\/www.radiopiu.net\/wordpress\/wp-content\/uploads\/2021\/04\/ac89acda-5fc2-4bd7-9879-55ce91b6093b-300x241.jpg 300w, https:\/\/www.radiopiu.net\/wordpress\/wp-content\/uploads\/2021\/04\/ac89acda-5fc2-4bd7-9879-55ce91b6093b-768x618.jpg 768w, https:\/\/www.radiopiu.net\/wordpress\/wp-content\/uploads\/2021\/04\/ac89acda-5fc2-4bd7-9879-55ce91b6093b.jpg 960w\" sizes=\"auto, (max-width: 193px) 100vw, 193px\" \/><\/a>VENEZIA<\/strong>\u00a0 <em>\u201cGli acquisti, per i quali vengono impegnati 1,5 milioni di euro \u2013 specifica l\u2019assessore Gianpaolo Bottacin &#8211; e\u00a0 hanno come scopo\u00a0 il rafforzamento del sistema di Protezione Civile, mettendo a disposizione una serie di dotazioni da utilizzare nell\u2019ambito della colonna mobile nazionale delle Regioni oltre che per altre progettualit\u00e0 specifiche\u201d. <\/em>Tra gli acquisti individuati vi \u00e8 un furgone attrezzato, adibito a ufficio mobile per il monitoraggio delle emergenze, alcuni info point, un sistema modulare di tende per segreteria di campo e assistenza alla popolazione, diverse tensostrutture, un sollevatore per carichi pesanti, alcuni pick up con modulo antincendi, l\u2019allestimento di un posto di assistenza sociosanitaria, dei tunnel di raccordo tra la distribuzione pasti e tendone mensa, alcuni allestimenti per cucine campali, gruppi elettrogeni, dei container e alcune unit\u00e0 di servizi igienici su rimorchio per campo soccorritori.<\/p>\n<p>&nbsp;<\/p>\n<p>&nbsp;<\/p>\n<hr \/>\n<blockquote>\n<h3><\/h3>\n<h3>CARENZA DI MEDICI. BIGON (PD): &#8220;NON SI SCARICHI OGNI RESPONSABILITA&#8217; SUI PROFESSIONISTI&#8221;<\/h3>\n<\/blockquote>\n<p><strong><a href=\"https:\/\/www.radiopiu.net\/wordpress\/giornale-radiopiu-17-luglio-2021-direttore-mirko-mezzacasa\/anna-maria-bigon\/\" rel=\"attachment wp-att-195997\"><img loading=\"lazy\" decoding=\"async\" class=\" wp-image-195997 alignleft\" src=\"https:\/\/www.radiopiu.net\/wordpress\/wp-content\/uploads\/2021\/03\/anna-maria-bigon-300x300.jpg\" alt=\"\" width=\"225\" height=\"225\" srcset=\"https:\/\/www.radiopiu.net\/wordpress\/wp-content\/uploads\/2021\/03\/anna-maria-bigon-300x300.jpg 300w, https:\/\/www.radiopiu.net\/wordpress\/wp-content\/uploads\/2021\/03\/anna-maria-bigon-150x150.jpg 150w, https:\/\/www.radiopiu.net\/wordpress\/wp-content\/uploads\/2021\/03\/anna-maria-bigon.jpg 400w\" sizes=\"auto, (max-width: 225px) 100vw, 225px\" \/><\/a>VENEZIA <\/strong>\u201c\u00c8 indubbiamente vero che molti medici di medicina generale rifiutino alcune destinazione, ma non basta a spiegare i dati drammatici del Veneto e non \u00e8 giusto scaricare ogni responsabilit\u00e0 sui professionisti. Perch\u00e9 la Regione non si chiede come mai non sia pi\u00f9 attrattivo esercitare in montagna?\u201d.La domanda \u00e8 della vicepresidente della commissione Sanit\u00e0 a Palazzo Ferro Fini, la consigliera PD Anna Maria Bigon.\u201cCi sono scelte politiche che adesso presentano il conto. Il Veneto, ad esempio, ha sempre chiesto un numero di borse di studio per la formazione troppo basso, la met\u00e0 della Puglia che ha un milione di abitanti in meno. L\u00e0 hanno un tetto massimo di 1200 assistiti, anzich\u00e9 1500 innalzabile a 1800, ed \u00e8 una delle ragioni che ha permesso di perdere solo il 20%dei convenzionati in 15 anni. Se pensiamo che oggi ne mancano 445 ed entro il 2026 andranno in pensione altri 800 medici di famiglia, il quadro \u00e8 da brividi. Anche perch\u00e9 tra quelli oggi in graduatoria ci sono in realt\u00e0 molti medici di Guardia medica\u201d.<\/p>\n<p>&nbsp;<\/p>\n<p>&nbsp;<\/p>\n<hr \/>\n<p>&nbsp;<\/p>\n<blockquote>\n<h3>DALLA GIUNTA VENETA 2 MILIONI E MEZZO DI EURO PER L&#8217;ATTUAZIONE DI PROGETTI A FAVORE DI ANZIANI E GIOVANI<\/h3>\n<\/blockquote>\n<p><strong><a href=\"https:\/\/www.radiopiu.net\/wordpress\/lanzarin-risponde-a-pd-sui-fondi-per-belluno-90-milioni-di-investimenti-solo-nel-recente\/lanzarin-11\/\" rel=\"attachment wp-att-194081\"><img loading=\"lazy\" decoding=\"async\" class=\"size-medium wp-image-194081 alignleft\" src=\"https:\/\/www.radiopiu.net\/wordpress\/wp-content\/uploads\/2021\/02\/LANZARIN-300x279.png\" alt=\"\" width=\"300\" height=\"279\" srcset=\"https:\/\/www.radiopiu.net\/wordpress\/wp-content\/uploads\/2021\/02\/LANZARIN-300x279.png 300w, https:\/\/www.radiopiu.net\/wordpress\/wp-content\/uploads\/2021\/02\/LANZARIN-1024x951.png 1024w, https:\/\/www.radiopiu.net\/wordpress\/wp-content\/uploads\/2021\/02\/LANZARIN-768x713.png 768w, https:\/\/www.radiopiu.net\/wordpress\/wp-content\/uploads\/2021\/02\/LANZARIN.png 1092w\" sizes=\"auto, (max-width: 300px) 100vw, 300px\" \/><\/a>VENEZIA<\/strong> Un ponte tra generazioni per rendere la nostra societ\u00e0 sempre pi\u00f9 coesa e per offrire ai nostri giovani una porta verso il futuro. E\u2019 questo l\u2019obbiettivo di tre provvedimenti, che su proposta dell&#8217;assessore alla Sanit\u00e0 e alle Politiche Sociali Manuela Lanzarin, sono stati approvati dalla Giunta regionale, per uno stanziamento complessivo di 2 milioni e mezzo di euro. I progetti dovranno mirare ad accrescere negli anziani il livello di partecipazione alle attivit\u00e0 sociali e culturali del territorio, con particolare attenzione alle persone pi\u00f9 isolate e difficili da coinvolgere attraverso: la promozione di iniziative di incontro, svago, rafforzamento della dimensione delle relazioni e degli affetti; il recupero delle tradizioni del territorio e la creazione di momenti di socializzazione e scambio intergenerazionale e sperimentare forme di apprendimento intergenerazionale; il sostegno\u00a0\u00a0all\u2019autonomia, con particolare riguardo all&#8217;abitazione, la facilitazione del disbrigo di commissioni, la manutenzione domestica, la gestione della vita quotidiana. Si potranno presentare anche progetti verso esperienze giovanili presso la protezione civile proprio per avvicinare i giovani a questa esperienza di volontariato che ha visto molto impegno durante la crisi pandemica. Potranno partecipare al bando Enti iscritti all&#8217;Albo del Servizio civile universale, Enti che all&#8217;atto della domanda di partecipazione all&#8217;avviso hanno presentato istanza di accreditamento all&#8217;Albo SCU presso il dipartimento per le politiche giovanili e, in veste di Partner, eventuali enti ed associazioni non iscritti all\u2019Albo, purch\u00e9 siano attivi da almeno due anni.<\/p>\n<p>&nbsp;<\/p>\n<hr \/>\n<p>&nbsp;<\/p>\n<blockquote>\n<h3>LA MANOVRA A FAVORE DELL&#8217;ISTITUTO COMPRENSIVO<\/h3>\n<\/blockquote>\n<p><strong><img decoding=\"async\" class=\"alignleft\" src=\"https:\/\/www.radiopiu.net\/wordpress\/wp-content\/uploads\/2018\/03\/220px-Municipio_Santa_Giustina.jpg\" \/>SANTA GIUSTINA\u00a0\u00a0<\/strong><\/p>\n<p><strong>DI DAMIANO TORMEN<\/strong><\/p>\n<audio class=\"wp-audio-shortcode\" id=\"audio-244166-4\" preload=\"none\" style=\"width: 100%;\" controls=\"controls\"><source type=\"audio\/mpeg\" src=\"https:\/\/www.radiopiu.net\/wordpress\/wp-content\/uploads\/2021\/11\/DAMIANO-2.mp3?_=4\" \/><a href=\"https:\/\/www.radiopiu.net\/wordpress\/wp-content\/uploads\/2021\/11\/DAMIANO-2.mp3\">https:\/\/www.radiopiu.net\/wordpress\/wp-content\/uploads\/2021\/11\/DAMIANO-2.mp3<\/a><\/audio>\n<p>&nbsp;<\/p>\n<hr \/>\n<p>&nbsp;<\/p>\n<p>&nbsp;<\/p>\n<blockquote>\n<h2>GIORNATA NAZIONALE DELL\u2019ALBERO 2021<\/h2>\n<p>&nbsp;<\/p><\/blockquote>\n<blockquote>\n<h2>L\u2019impegno dei Comandi Stazione dei Carabinieri Forestali della provincia di Belluno<\/h2>\n<\/blockquote>\n<p><a href=\"https:\/\/www.radiopiu.net\/wordpress\/giornata-nazionale-dellalbero-2021\/3aebe2c5-de6f-4f5b-b9b0-7bec5c820d4e\/\" rel=\"attachment wp-att-244359\"><img loading=\"lazy\" decoding=\"async\" class=\"size-medium wp-image-244359 alignleft\" src=\"https:\/\/www.radiopiu.net\/wordpress\/wp-content\/uploads\/2021\/11\/3aebe2c5-de6f-4f5b-b9b0-7bec5c820d4e-300x225.jpg\" alt=\"\" width=\"300\" height=\"225\" srcset=\"https:\/\/www.radiopiu.net\/wordpress\/wp-content\/uploads\/2021\/11\/3aebe2c5-de6f-4f5b-b9b0-7bec5c820d4e-300x225.jpg 300w, https:\/\/www.radiopiu.net\/wordpress\/wp-content\/uploads\/2021\/11\/3aebe2c5-de6f-4f5b-b9b0-7bec5c820d4e-1024x768.jpg 1024w, https:\/\/www.radiopiu.net\/wordpress\/wp-content\/uploads\/2021\/11\/3aebe2c5-de6f-4f5b-b9b0-7bec5c820d4e-768x576.jpg 768w, https:\/\/www.radiopiu.net\/wordpress\/wp-content\/uploads\/2021\/11\/3aebe2c5-de6f-4f5b-b9b0-7bec5c820d4e-1536x1152.jpg 1536w, https:\/\/www.radiopiu.net\/wordpress\/wp-content\/uploads\/2021\/11\/3aebe2c5-de6f-4f5b-b9b0-7bec5c820d4e.jpg 1600w\" sizes=\"auto, (max-width: 300px) 100vw, 300px\" \/><\/a>Le celebrazioni per la Giornata Nazionale dell\u2019Albero, iniziate nei giorni scorsi anche nel capoluogo della nostra Provincia ed inserite nell\u2019ambito della speciale manifestazione \u201cl\u2019albero della legalit\u00e0\u201d organizzata dalla Fondazione Falcone e dall&#8217;Arma dei Carabinieri, sono proseguite in data odierna calandosi capillarmente su tutto il territorio nazionale, grazie al coinvolgimento di tutte le Stazioni dei Carabinieri Forestali d\u2019Italia. Nel territorio bellunese i militari delle 13 Stazioni Forestali del Gruppo CC di Belluno e delle 4 Stazioni Parco del Reparto CC Parco Nazionale Dolomiti Bellunesi, coinvolgendo le Scuole locali, hanno messo a dimora in 20 siti della provincia pi\u00f9 di 20 piantine di specie autoctone che contribuiranno a costituire il grande \u201cBosco diffuso\u201d a livello nazionale, riscontrabile nelle cartografie del sito\u00a0 ww.unalberoperilfuturo.it, voluto dai Carabinieri forestali nell\u2019ambito del progetto \u201cUn albero per il futuro\u201d volto alla sensibilizzazione dei pi\u00f9 giovani alle tematiche ambientali e di educazione alla legalit\u00e0. L\u2019occasione, vissuta assieme ai rappresentanti delle Amministrazioni Comunali e delle Associazioni naturalistico-ambientali locali, ha permesso di parlare ai giovani studenti dell\u2019importanza degli alberi, determinanti per il mantenimento degli equilibri ambientali ed il contenimento dei cambiamenti climatici, portando la riflessione anche sull\u2019indispensabilit\u00e0 dell&#8217;impegno sociale suscitata dall\u2019\u201dAlbero di Falcone\u201d, quale simbolo di legalit\u00e0 e di lotta alla criminalit\u00e0, sempre pi\u00f9 necessaria anche in ambito ambientale.<\/p>\n<p>&nbsp;<\/p>\n<p>&nbsp;<\/p>\n<p>&nbsp;<\/p>\n<p>&nbsp;<\/p>\n<p>&nbsp;<\/p>\n<p>&nbsp;<\/p>\n<hr \/>\n<p>&nbsp;<\/p>\n<blockquote>\n<h3>L&#8217;ALBERO DI FALCONE E&#8217; STATO PIANTATO AD AGORDO<\/h3>\n<\/blockquote>\n<p><strong>AGORDO<\/strong> Ad Agordo la piantumazione dell&#8217;Albero di Falcone<\/p>\n<p><strong>DIRETTA RADIO PIU&#8217;<\/strong><\/p>\n<p>audio amplificato<\/p>\n<audio class=\"wp-audio-shortcode\" id=\"audio-244166-5\" preload=\"none\" style=\"width: 100%;\" controls=\"controls\"><source type=\"audio\/mpeg\" src=\"https:\/\/www.radiopiu.net\/wordpress\/wp-content\/uploads\/2021\/11\/audio-amplificato.mp3?_=5\" \/><a href=\"https:\/\/www.radiopiu.net\/wordpress\/wp-content\/uploads\/2021\/11\/audio-amplificato.mp3\">https:\/\/www.radiopiu.net\/wordpress\/wp-content\/uploads\/2021\/11\/audio-amplificato.mp3<\/a><\/audio>\n<p>&nbsp;<\/p>\n<p><strong>\u00a0DAL CORRIERE DELLE ALPI, GIANNI SANTOMASO\u00a0<\/strong><\/p>\n<audio class=\"wp-audio-shortcode\" id=\"audio-244166-6\" preload=\"none\" style=\"width: 100%;\" controls=\"controls\"><source type=\"audio\/mpeg\" src=\"https:\/\/www.radiopiu.net\/wordpress\/wp-content\/uploads\/2021\/11\/GIANNI-FALCONE.mp3?_=6\" \/><a href=\"https:\/\/www.radiopiu.net\/wordpress\/wp-content\/uploads\/2021\/11\/GIANNI-FALCONE.mp3\">https:\/\/www.radiopiu.net\/wordpress\/wp-content\/uploads\/2021\/11\/GIANNI-FALCONE.mp3<\/a><\/audio>\n<p>&nbsp;<\/p>\n<p>&nbsp;<\/p>\n<p><strong>DIRETTA RADIO PIU&#8217;<\/strong><\/p>\n<p>https:\/\/www.facebook.com\/mirko.mezzacasa\/videos\/575918033706409<\/p>\n<p>&nbsp;<\/p>\n\n\t\t\t<style type='text\/css'>\n\t\t\t\t#gallery-3 {\n\t\t\t\t\tmargin: auto;\n\t\t\t\t}\n\t\t\t\t#gallery-3 .gallery-item {\n\t\t\t\t\tfloat: left;\n\t\t\t\t\tmargin-top: 10px;\n\t\t\t\t\ttext-align: center;\n\t\t\t\t\twidth: 25%;\n\t\t\t\t}\n\t\t\t\t#gallery-3 img {\n\t\t\t\t\tborder: 2px solid #cfcfcf;\n\t\t\t\t}\n\t\t\t\t#gallery-3 .gallery-caption {\n\t\t\t\t\tmargin-left: 0;\n\t\t\t\t}\n\t\t\t\t\/* see gallery_shortcode() in wp-includes\/media.php *\/\n\t\t\t<\/style>\n\t\t<div id='gallery-3' class='dt-gallery-container gallery galleryid-244166 gallery-columns-4 gallery-size-medium'><dl class='gallery-item'>\n\t\t\t\t<dt class='gallery-icon landscape'>\n\t\t\t\t\t<a class=\"rollover rollover-zoom dt-pswp-item\" title=\"f3be0bee-7e73-48ca-aba2-b02c558b1868\" data-dt-img-description=\"\" data-large_image_width=\"1600\" data-large_image_height=\"1196\"href='https:\/\/www.radiopiu.net\/wordpress\/wp-content\/uploads\/2021\/11\/f3be0bee-7e73-48ca-aba2-b02c558b1868.jpg'><img loading=\"lazy\" decoding=\"async\" width=\"300\" height=\"224\" src=\"https:\/\/www.radiopiu.net\/wordpress\/wp-content\/uploads\/2021\/11\/f3be0bee-7e73-48ca-aba2-b02c558b1868-300x224.jpg\" class=\"attachment-medium size-medium\" alt=\"\" srcset=\"https:\/\/www.radiopiu.net\/wordpress\/wp-content\/uploads\/2021\/11\/f3be0bee-7e73-48ca-aba2-b02c558b1868-300x224.jpg 300w, https:\/\/www.radiopiu.net\/wordpress\/wp-content\/uploads\/2021\/11\/f3be0bee-7e73-48ca-aba2-b02c558b1868-1024x765.jpg 1024w, https:\/\/www.radiopiu.net\/wordpress\/wp-content\/uploads\/2021\/11\/f3be0bee-7e73-48ca-aba2-b02c558b1868-768x574.jpg 768w, https:\/\/www.radiopiu.net\/wordpress\/wp-content\/uploads\/2021\/11\/f3be0bee-7e73-48ca-aba2-b02c558b1868-1536x1148.jpg 1536w, https:\/\/www.radiopiu.net\/wordpress\/wp-content\/uploads\/2021\/11\/f3be0bee-7e73-48ca-aba2-b02c558b1868.jpg 1600w\" sizes=\"auto, (max-width: 300px) 100vw, 300px\" \/><\/a>\n\t\t\t\t<\/dt><\/dl><dl class='gallery-item'>\n\t\t\t\t<dt class='gallery-icon landscape'>\n\t\t\t\t\t<a class=\"rollover rollover-zoom dt-pswp-item\" title=\"cd4789ba-bc94-42bd-a3c1-e9deaa741170\" data-dt-img-description=\"\" data-large_image_width=\"1600\" data-large_image_height=\"1196\"href='https:\/\/www.radiopiu.net\/wordpress\/wp-content\/uploads\/2021\/11\/cd4789ba-bc94-42bd-a3c1-e9deaa741170.jpg'><img loading=\"lazy\" decoding=\"async\" width=\"300\" height=\"224\" src=\"https:\/\/www.radiopiu.net\/wordpress\/wp-content\/uploads\/2021\/11\/cd4789ba-bc94-42bd-a3c1-e9deaa741170-300x224.jpg\" class=\"attachment-medium size-medium\" alt=\"\" srcset=\"https:\/\/www.radiopiu.net\/wordpress\/wp-content\/uploads\/2021\/11\/cd4789ba-bc94-42bd-a3c1-e9deaa741170-300x224.jpg 300w, https:\/\/www.radiopiu.net\/wordpress\/wp-content\/uploads\/2021\/11\/cd4789ba-bc94-42bd-a3c1-e9deaa741170-1024x765.jpg 1024w, https:\/\/www.radiopiu.net\/wordpress\/wp-content\/uploads\/2021\/11\/cd4789ba-bc94-42bd-a3c1-e9deaa741170-768x574.jpg 768w, https:\/\/www.radiopiu.net\/wordpress\/wp-content\/uploads\/2021\/11\/cd4789ba-bc94-42bd-a3c1-e9deaa741170-1536x1148.jpg 1536w, https:\/\/www.radiopiu.net\/wordpress\/wp-content\/uploads\/2021\/11\/cd4789ba-bc94-42bd-a3c1-e9deaa741170.jpg 1600w\" sizes=\"auto, (max-width: 300px) 100vw, 300px\" \/><\/a>\n\t\t\t\t<\/dt><\/dl><dl class='gallery-item'>\n\t\t\t\t<dt class='gallery-icon landscape'>\n\t\t\t\t\t<a class=\"rollover rollover-zoom dt-pswp-item\" title=\"4d08d023-3a8a-474a-8a7f-f0309af79a82\" data-dt-img-description=\"\" data-large_image_width=\"1600\" data-large_image_height=\"1196\"href='https:\/\/www.radiopiu.net\/wordpress\/wp-content\/uploads\/2021\/11\/4d08d023-3a8a-474a-8a7f-f0309af79a82.jpg'><img loading=\"lazy\" decoding=\"async\" width=\"300\" height=\"224\" src=\"https:\/\/www.radiopiu.net\/wordpress\/wp-content\/uploads\/2021\/11\/4d08d023-3a8a-474a-8a7f-f0309af79a82-300x224.jpg\" class=\"attachment-medium size-medium\" alt=\"\" srcset=\"https:\/\/www.radiopiu.net\/wordpress\/wp-content\/uploads\/2021\/11\/4d08d023-3a8a-474a-8a7f-f0309af79a82-300x224.jpg 300w, https:\/\/www.radiopiu.net\/wordpress\/wp-content\/uploads\/2021\/11\/4d08d023-3a8a-474a-8a7f-f0309af79a82-1024x765.jpg 1024w, https:\/\/www.radiopiu.net\/wordpress\/wp-content\/uploads\/2021\/11\/4d08d023-3a8a-474a-8a7f-f0309af79a82-768x574.jpg 768w, https:\/\/www.radiopiu.net\/wordpress\/wp-content\/uploads\/2021\/11\/4d08d023-3a8a-474a-8a7f-f0309af79a82-1536x1148.jpg 1536w, https:\/\/www.radiopiu.net\/wordpress\/wp-content\/uploads\/2021\/11\/4d08d023-3a8a-474a-8a7f-f0309af79a82.jpg 1600w\" sizes=\"auto, (max-width: 300px) 100vw, 300px\" \/><\/a>\n\t\t\t\t<\/dt><\/dl><dl class='gallery-item'>\n\t\t\t\t<dt class='gallery-icon landscape'>\n\t\t\t\t\t<a class=\"rollover rollover-zoom dt-pswp-item\" title=\"95df95c9-d13e-470f-8ec0-e32341791e8a\" data-dt-img-description=\"\" data-large_image_width=\"1600\" data-large_image_height=\"1196\"href='https:\/\/www.radiopiu.net\/wordpress\/wp-content\/uploads\/2021\/11\/95df95c9-d13e-470f-8ec0-e32341791e8a.jpg'><img loading=\"lazy\" decoding=\"async\" width=\"300\" height=\"224\" src=\"https:\/\/www.radiopiu.net\/wordpress\/wp-content\/uploads\/2021\/11\/95df95c9-d13e-470f-8ec0-e32341791e8a-300x224.jpg\" class=\"attachment-medium size-medium\" alt=\"\" srcset=\"https:\/\/www.radiopiu.net\/wordpress\/wp-content\/uploads\/2021\/11\/95df95c9-d13e-470f-8ec0-e32341791e8a-300x224.jpg 300w, https:\/\/www.radiopiu.net\/wordpress\/wp-content\/uploads\/2021\/11\/95df95c9-d13e-470f-8ec0-e32341791e8a-1024x765.jpg 1024w, https:\/\/www.radiopiu.net\/wordpress\/wp-content\/uploads\/2021\/11\/95df95c9-d13e-470f-8ec0-e32341791e8a-768x574.jpg 768w, https:\/\/www.radiopiu.net\/wordpress\/wp-content\/uploads\/2021\/11\/95df95c9-d13e-470f-8ec0-e32341791e8a-1536x1148.jpg 1536w, https:\/\/www.radiopiu.net\/wordpress\/wp-content\/uploads\/2021\/11\/95df95c9-d13e-470f-8ec0-e32341791e8a.jpg 1600w\" sizes=\"auto, (max-width: 300px) 100vw, 300px\" \/><\/a>\n\t\t\t\t<\/dt><\/dl><br style=\"clear: both\" \/><dl class='gallery-item'>\n\t\t\t\t<dt class='gallery-icon landscape'>\n\t\t\t\t\t<a class=\"rollover rollover-zoom dt-pswp-item\" title=\"7874dd9a-cfb3-4223-9110-eaec80a1171d\" data-dt-img-description=\"\" data-large_image_width=\"1600\" data-large_image_height=\"1196\"href='https:\/\/www.radiopiu.net\/wordpress\/wp-content\/uploads\/2021\/11\/7874dd9a-cfb3-4223-9110-eaec80a1171d.jpg'><img loading=\"lazy\" decoding=\"async\" width=\"300\" height=\"224\" src=\"https:\/\/www.radiopiu.net\/wordpress\/wp-content\/uploads\/2021\/11\/7874dd9a-cfb3-4223-9110-eaec80a1171d-300x224.jpg\" class=\"attachment-medium size-medium\" alt=\"\" srcset=\"https:\/\/www.radiopiu.net\/wordpress\/wp-content\/uploads\/2021\/11\/7874dd9a-cfb3-4223-9110-eaec80a1171d-300x224.jpg 300w, https:\/\/www.radiopiu.net\/wordpress\/wp-content\/uploads\/2021\/11\/7874dd9a-cfb3-4223-9110-eaec80a1171d-1024x765.jpg 1024w, https:\/\/www.radiopiu.net\/wordpress\/wp-content\/uploads\/2021\/11\/7874dd9a-cfb3-4223-9110-eaec80a1171d-768x574.jpg 768w, https:\/\/www.radiopiu.net\/wordpress\/wp-content\/uploads\/2021\/11\/7874dd9a-cfb3-4223-9110-eaec80a1171d-1536x1148.jpg 1536w, https:\/\/www.radiopiu.net\/wordpress\/wp-content\/uploads\/2021\/11\/7874dd9a-cfb3-4223-9110-eaec80a1171d.jpg 1600w\" sizes=\"auto, (max-width: 300px) 100vw, 300px\" \/><\/a>\n\t\t\t\t<\/dt><\/dl><dl class='gallery-item'>\n\t\t\t\t<dt class='gallery-icon landscape'>\n\t\t\t\t\t<a class=\"rollover rollover-zoom dt-pswp-item\" title=\"164c9169-50d4-4917-b3c7-b7baef85698c\" data-dt-img-description=\"\" data-large_image_width=\"1600\" data-large_image_height=\"1196\"href='https:\/\/www.radiopiu.net\/wordpress\/wp-content\/uploads\/2021\/11\/164c9169-50d4-4917-b3c7-b7baef85698c.jpg'><img loading=\"lazy\" decoding=\"async\" width=\"300\" height=\"224\" src=\"https:\/\/www.radiopiu.net\/wordpress\/wp-content\/uploads\/2021\/11\/164c9169-50d4-4917-b3c7-b7baef85698c-300x224.jpg\" class=\"attachment-medium size-medium\" alt=\"\" srcset=\"https:\/\/www.radiopiu.net\/wordpress\/wp-content\/uploads\/2021\/11\/164c9169-50d4-4917-b3c7-b7baef85698c-300x224.jpg 300w, https:\/\/www.radiopiu.net\/wordpress\/wp-content\/uploads\/2021\/11\/164c9169-50d4-4917-b3c7-b7baef85698c-1024x765.jpg 1024w, https:\/\/www.radiopiu.net\/wordpress\/wp-content\/uploads\/2021\/11\/164c9169-50d4-4917-b3c7-b7baef85698c-768x574.jpg 768w, https:\/\/www.radiopiu.net\/wordpress\/wp-content\/uploads\/2021\/11\/164c9169-50d4-4917-b3c7-b7baef85698c-1536x1148.jpg 1536w, https:\/\/www.radiopiu.net\/wordpress\/wp-content\/uploads\/2021\/11\/164c9169-50d4-4917-b3c7-b7baef85698c.jpg 1600w\" sizes=\"auto, (max-width: 300px) 100vw, 300px\" \/><\/a>\n\t\t\t\t<\/dt><\/dl><dl class='gallery-item'>\n\t\t\t\t<dt class='gallery-icon landscape'>\n\t\t\t\t\t<a class=\"rollover rollover-zoom dt-pswp-item\" title=\"4f989204-b377-4ff4-985a-83effe753b63\" data-dt-img-description=\"\" data-large_image_width=\"1600\" data-large_image_height=\"1196\"href='https:\/\/www.radiopiu.net\/wordpress\/wp-content\/uploads\/2021\/11\/4f989204-b377-4ff4-985a-83effe753b63.jpg'><img loading=\"lazy\" decoding=\"async\" width=\"300\" height=\"224\" src=\"https:\/\/www.radiopiu.net\/wordpress\/wp-content\/uploads\/2021\/11\/4f989204-b377-4ff4-985a-83effe753b63-300x224.jpg\" class=\"attachment-medium size-medium\" alt=\"\" srcset=\"https:\/\/www.radiopiu.net\/wordpress\/wp-content\/uploads\/2021\/11\/4f989204-b377-4ff4-985a-83effe753b63-300x224.jpg 300w, https:\/\/www.radiopiu.net\/wordpress\/wp-content\/uploads\/2021\/11\/4f989204-b377-4ff4-985a-83effe753b63-1024x765.jpg 1024w, https:\/\/www.radiopiu.net\/wordpress\/wp-content\/uploads\/2021\/11\/4f989204-b377-4ff4-985a-83effe753b63-768x574.jpg 768w, https:\/\/www.radiopiu.net\/wordpress\/wp-content\/uploads\/2021\/11\/4f989204-b377-4ff4-985a-83effe753b63-1536x1148.jpg 1536w, https:\/\/www.radiopiu.net\/wordpress\/wp-content\/uploads\/2021\/11\/4f989204-b377-4ff4-985a-83effe753b63.jpg 1600w\" sizes=\"auto, (max-width: 300px) 100vw, 300px\" \/><\/a>\n\t\t\t\t<\/dt><\/dl>\n\t\t\t\t<br style='clear: both' \/>\n\t\t\t<\/div>\n\n<p>&nbsp;<\/p>\n<hr \/>\n<p>&nbsp;<\/p>\n<hr \/>\n<p>&nbsp;<\/p>\n<blockquote>\n<h3>SOSTEGNO AGLI EVENTI SPORTIVI IN CITTA&#8217;, VIA LIBERA A CONTRIBUTI PER 27MILA EURO<\/h3>\n<\/blockquote>\n<p><strong><a href=\"https:\/\/www.radiopiu.net\/wordpress\/alle-imprese-aiuti-anti-covid-per-quasi-65-miliardi\/soldi-3\/\" rel=\"attachment wp-att-199630\"><img loading=\"lazy\" decoding=\"async\" class=\"wp-image-199630 alignleft\" src=\"https:\/\/www.radiopiu.net\/wordpress\/wp-content\/uploads\/2021\/03\/soldi-300x200.jpeg\" alt=\"\" width=\"173\" height=\"115\" srcset=\"https:\/\/www.radiopiu.net\/wordpress\/wp-content\/uploads\/2021\/03\/soldi-300x200.jpeg 300w, https:\/\/www.radiopiu.net\/wordpress\/wp-content\/uploads\/2021\/03\/soldi.jpeg 626w\" sizes=\"auto, (max-width: 173px) 100vw, 173px\" \/><\/a>BELLUNO<\/strong> Ammontano a 27mila euro complessivi i contributi deliberati dalla Giunta Comunale a favore delle societ\u00e0 e associazioni che nel triennio 2021-2023 organizzeranno eventi sportivi in citt\u00e0. Alla Pro-S 8mila euro; a Due Ruote Sport 500; a Dolomiti Psg 17mila; a Orienteering Dolomiti 1.500 euro. Le somme saranno erogate a seguito di verifica dei giustificativi di spesa e di eventuali integrazioni; sar\u00e0 inoltre verificato che non ci siano situazioni debitorie dei beneficiari nei confronti del Comune. Spiega l&#8217;assessore allo sport Marco Bogo: <em>&#8220;Abbiamo valutato le domande pervenute in queste settimane secondo diversi criteri, dal valore sportivo del progetto agli elementi di valorizzazione della citt\u00e0 di Belluno e del suo territorio, l\u2019esperienza degli organizzatori, la capacit\u00e0 di attivare risorse <\/em><em>economiche, l\u2019afflusso di pubblico, il numero dei pernottamenti nel Comune di Belluno, la copertura mediatica, gli eventi collaterali e le maggiori spese per la sicurezza Covid19&#8243;.<\/em><\/p>\n<p>&nbsp;<\/p>\n<hr \/>\n<blockquote>\n<h3><\/h3>\n<h3>GIORNATA MONDIALE CONTRO LA VIOLENZA SULLE DONNE: A FELTRE UNA SERATA DI LETTURE E CONFRONTO CON I CORTOMETRAGGI DI ALESSIA BUIATTI<\/h3>\n<\/blockquote>\n<p><strong><a href=\"https:\/\/www.radiopiu.net\/wordpress\/tassa-di-soggiorno-parla-lassessore-al-turismo-del-comune-di-feltre\/feltre-centro\/\" rel=\"attachment wp-att-124727\"><img loading=\"lazy\" decoding=\"async\" class=\" wp-image-124727 alignleft\" src=\"https:\/\/www.radiopiu.net\/wordpress\/wp-content\/uploads\/2020\/03\/FELTRE-CENTRO-300x238.jpg\" alt=\"\" width=\"237\" height=\"188\" srcset=\"https:\/\/www.radiopiu.net\/wordpress\/wp-content\/uploads\/2020\/03\/FELTRE-CENTRO-300x238.jpg 300w, https:\/\/www.radiopiu.net\/wordpress\/wp-content\/uploads\/2020\/03\/FELTRE-CENTRO-1024x812.jpg 1024w, https:\/\/www.radiopiu.net\/wordpress\/wp-content\/uploads\/2020\/03\/FELTRE-CENTRO-768x609.jpg 768w, https:\/\/www.radiopiu.net\/wordpress\/wp-content\/uploads\/2020\/03\/FELTRE-CENTRO.jpg 1092w\" sizes=\"auto, (max-width: 237px) 100vw, 237px\" \/><\/a>FELTRE <\/strong>Feltre celebra la Giornata mondiale contro la violenza sulle donne con un incontro dal titolo \u201cL\u2019amore non \u00e8 abuso\u201d, che avr\u00e0 luogo gioved\u00ec 25 novembre a partire dalle 20.30 presso l\u2019aula magna della Palazzina Bonsembiante al Campus \u201cTina Merlin\u201d di Borgo Ruga. Protagonista della serata sar\u00e0 Alessia Buiatti, autrice dei cortometraggi \u201cIl tempo e i giorni\u201d e \u201cL\u2019aurora\u201d che sar\u00e0 presente alla proiezione e converser\u00e0 con i presenti in sala. Un\u2019altra iniziativa di sensibilizzazione sar\u00e0 inoltre condotta in questi giorni grazie ad un accordo con il supermercato Coop che dal 19 al 30 novembre stamper\u00e0 degli scontrini \u201cspeciali\u201d con questa dicitura: \u201cSe sei vittima di violenze o stalking chiama il 1522. Il numero \u00e8 gratuito e attivo 24h su 24.\u201d.<\/p>\n<p>&nbsp;<\/p>\n<p>&nbsp;<\/p>\n<hr \/>\n<p>&nbsp;<\/p>\n<p>&nbsp;<\/p>\n<blockquote>\n<h3>CANZONI E PAROLE PER RACCONTARE LE DONNE<\/h3>\n<\/blockquote>\n<p><strong>A<a href=\"https:\/\/www.radiopiu.net\/wordpress\/giornale-radiopiu-23-novembre-2021-direttore-mirko-mezzacasa\/download-1152\/\" rel=\"attachment wp-att-244396\"><img loading=\"lazy\" decoding=\"async\" class=\"size-medium wp-image-244396 alignleft\" src=\"https:\/\/www.radiopiu.net\/wordpress\/wp-content\/uploads\/2021\/11\/download-1-300x150.jpg\" alt=\"\" width=\"300\" height=\"150\" srcset=\"https:\/\/www.radiopiu.net\/wordpress\/wp-content\/uploads\/2021\/11\/download-1-300x150.jpg 300w, https:\/\/www.radiopiu.net\/wordpress\/wp-content\/uploads\/2021\/11\/download-1-768x384.jpg 768w, https:\/\/www.radiopiu.net\/wordpress\/wp-content\/uploads\/2021\/11\/download-1.jpg 1000w\" sizes=\"auto, (max-width: 300px) 100vw, 300px\" \/><\/a>GORDO\u00a0<\/strong><br \/>\n<strong>DI GIANNI SANTOMASO<\/strong><\/p>\n<p>&nbsp;<\/p>\n<audio class=\"wp-audio-shortcode\" id=\"audio-244166-7\" preload=\"none\" style=\"width: 100%;\" controls=\"controls\"><source type=\"audio\/mpeg\" src=\"https:\/\/www.radiopiu.net\/wordpress\/wp-content\/uploads\/2021\/11\/GIANNI-CANZONI-E-PAROLE.mp3?_=7\" \/><a href=\"https:\/\/www.radiopiu.net\/wordpress\/wp-content\/uploads\/2021\/11\/GIANNI-CANZONI-E-PAROLE.mp3\">https:\/\/www.radiopiu.net\/wordpress\/wp-content\/uploads\/2021\/11\/GIANNI-CANZONI-E-PAROLE.mp3<\/a><\/audio>\n<p>&nbsp;<\/p>\n<p><strong>LO SPECIALE ALLA RADIO<\/strong><br \/>\n<strong><a class=\"dt-pswp-item\" href=\"https:\/\/www.radiopiu.net\/wordpress\/wp-content\/uploads\/2020\/07\/Daniele-Galligani.jpg\" data-dt-img-description=\"\" data-large_image_width=\"2048\" data-large_image_height=\"1362\"><img loading=\"lazy\" decoding=\"async\" class=\"size-thumbnail wp-image-149501 alignleft\" src=\"https:\/\/www.radiopiu.net\/wordpress\/wp-content\/uploads\/2020\/07\/Daniele-Galligani-150x150.jpg\" alt=\"\" width=\"150\" height=\"150\" \/><\/a><\/strong><\/p>\n<p>&nbsp;<\/p>\n<p><strong>OSPITE Daniele Galligani, presidente ProlocoAgordo\u00a0<\/strong><\/p>\n<p><strong>di Claudio Fontanive\u00a0<\/strong><\/p>\n<p><strong>AUDIO\u00a0\u00a0<\/strong><\/p>\n<audio class=\"wp-audio-shortcode\" id=\"audio-244166-8\" preload=\"none\" style=\"width: 100%;\" controls=\"controls\"><source type=\"audio\/mpeg\" src=\"https:\/\/www.radiopiu.net\/wordpress\/wp-content\/uploads\/2021\/11\/daniele-galligani-19-novembre-1.mp3?_=8\" \/><a href=\"https:\/\/www.radiopiu.net\/wordpress\/wp-content\/uploads\/2021\/11\/daniele-galligani-19-novembre-1.mp3\">https:\/\/www.radiopiu.net\/wordpress\/wp-content\/uploads\/2021\/11\/daniele-galligani-19-novembre-1.mp3<\/a><\/audio>\n<blockquote>\n<div class=\"kvgmc6g5 cxmmr5t8 oygrvhab hcukyx3x c1et5uql\">In occasione della giornata internazionale contro la violenza sulle donne Ad Agordo Proloco e Belluno Donna organizzano &#8220;Canzoni e parole raccontano le donne&#8221;. \u00a0Un percorso che tra musica e parole ti racconter\u00e0 la condizione delle donne nella prima met\u00e0 del secolo scorso.\u00a0 Sabato 27 novembre 2021 presso l&#8217;auditorium del Centro Parrocchiale mons. Vincenzo Savio ore 20.30.\u00a0 Prenotazione obbligatoria al seguente link:<a class=\"oajrlxb2 g5ia77u1 qu0x051f esr5mh6w e9989ue4 r7d6kgcz rq0escxv nhd2j8a9 nc684nl6 p7hjln8o kvgmc6g5 cxmmr5t8 oygrvhab hcukyx3x jb3vyjys rz4wbd8a qt6c0cv9 a8nywdso i1ao9s8h esuyzwwr f1sip0of lzcic4wl py34i1dx gpro0wi8\" tabindex=\"0\" role=\"link\" href=\"https:\/\/canzoni-e-parole-raccontano-le-donne.eventbrite.it\/?fbclid=IwAR3TwrnbztjUlVcpdQ_fBLKBFEJCTNZ4vpP-WAsQhMWxW-R8jzq8hU2KVPY\" target=\"_blank\" rel=\"nofollow noopener\"> https:\/\/canzoni-e-parole-raccontano-le-donne.eventbrite.it\/<\/a> e dal 22 novembre anche presso l&#8217;Ufficio Turistico di Agordo &#8211; via XXVII aprile n. 2 &#8211; AGORDO \u00a0Biglietto gratuito con richiesta di offerta all&#8217;ingresso In rispetto delle normative COVID-19 \u00e8 richiesto il Green Pass per poter accedere all&#8217;evento<\/div>\n<\/blockquote>\n<div><\/div>\n<p>&nbsp;<\/p>\n<hr \/>\n<p>&nbsp;<\/p>\n<p>&nbsp;<\/p>\n<blockquote>\n<h3>POSTE ITALIANE, LE PENSIONI IN PAGAMENTO DAL 25 NOVEMBRE<\/h3>\n<\/blockquote>\n<p><strong><a href=\"https:\/\/www.radiopiu.net\/wordpress\/premiati-i-nuovi-cavalieri-della-repubblica-elogi-al-personale-sanitario\/5504c51d-8291-4701-b1c9-1f1153e0b9ef\/\" rel=\"attachment wp-att-213611\"><img loading=\"lazy\" decoding=\"async\" class=\" wp-image-213611 alignleft\" src=\"https:\/\/www.radiopiu.net\/wordpress\/wp-content\/uploads\/2021\/06\/5504c51d-8291-4701-b1c9-1f1153e0b9ef-300x169.jpg\" alt=\"\" width=\"213\" height=\"120\" srcset=\"https:\/\/www.radiopiu.net\/wordpress\/wp-content\/uploads\/2021\/06\/5504c51d-8291-4701-b1c9-1f1153e0b9ef-300x169.jpg 300w, https:\/\/www.radiopiu.net\/wordpress\/wp-content\/uploads\/2021\/06\/5504c51d-8291-4701-b1c9-1f1153e0b9ef-1024x576.jpg 1024w, https:\/\/www.radiopiu.net\/wordpress\/wp-content\/uploads\/2021\/06\/5504c51d-8291-4701-b1c9-1f1153e0b9ef-768x432.jpg 768w, https:\/\/www.radiopiu.net\/wordpress\/wp-content\/uploads\/2021\/06\/5504c51d-8291-4701-b1c9-1f1153e0b9ef-1536x864.jpg 1536w, https:\/\/www.radiopiu.net\/wordpress\/wp-content\/uploads\/2021\/06\/5504c51d-8291-4701-b1c9-1f1153e0b9ef.jpg 1920w\" sizes=\"auto, (max-width: 213px) 100vw, 213px\" \/><\/a>BELLUNO<\/strong>\u00a0 In provincia di Belluno le pensioni del mese di dicembre, comprensive di tredicesima, verranno accreditate a partire da gioved\u00ec 25 novembre. Con l\u2019obiettivo di evitare assembramenti, il pagamento delle pensioni in contanti avverr\u00e0 secondo la turnazione alfabetico dal 25 novembre al 1 dicembre. I cittadini di et\u00e0 pari o superiore a 75 anni che percepiscono prestazioni previdenziali presso gli Uffici Postali e che riscuotono normalmente la pensione in contanti, possono richiedere, delegando al ritiro i Carabinieri, la consegna della pensione a domicilio<\/p>\n<p>&nbsp;<\/p>\n<p>&nbsp;<\/p>\n<hr \/>\n<p>&nbsp;<\/p>\n<blockquote>\n<h3>IL PREMIO CAI E REGIONE VENETO PARLA ANCHE BELLUNESE<\/h3>\n<\/blockquote>\n<p><strong>BELLUNO<\/strong> E\u0300 possibile imparare giocando? I bambini lo fanno sempre, a volte anche la scuola utilizza questo modo di procedere. E\u0300 stato il caso della seconda classe della scuola primaria di Badilet che guidata dalla maestra Roberta Balcon lo scorso anno ha accolto l\u2019invito del CAI Veneto di partecipare al concorso \u201cVenti di guerra Venti di bufera\u201d. Il lavoro prodotto ha colpito la giuria per aver raggiunto gli obiettivi proposti dal bando e per la creativita\u0300 dimostrata ed ha conquistato il primo premio destinato alla scuola primaria. E\u0300 stata sicuramente una procedura accattivante quella offerta dall\u2019insegnante che ha fatto conoscere le \u201catrocita\u0300 e il dolore\u201d causati dalla guerra attraverso l\u2019esperienza degli alberi che oltre ad essere distrutti vengono anche isolati dalla tempesta Vaia. Un\u2019altra classe all\u2019interno istituto comprensivo 3 di Belluno, la 2^ B di Castion guidata dall\u2019insegnante Spedo Anna, ha accolto l\u2019invito di affrontare il tema. Alessandro Bacchetti, alunno appassionato di Grande Guerra, ha sviluppato l\u2019argomento realizzando un video intitolato \u201cI giganti silenziosi\u201d che ha vinto il primo premio nella sezione \u201cVideo\u201d della scuola media. I vincitori hanno ricevuto \u201cl\u2019assegno gigante\u201d dalle mani del presidente del CAI Veneto Renato Frigo<\/p>\n\n\t\t\t<style type='text\/css'>\n\t\t\t\t#gallery-4 {\n\t\t\t\t\tmargin: auto;\n\t\t\t\t}\n\t\t\t\t#gallery-4 .gallery-item {\n\t\t\t\t\tfloat: left;\n\t\t\t\t\tmargin-top: 10px;\n\t\t\t\t\ttext-align: center;\n\t\t\t\t\twidth: 50%;\n\t\t\t\t}\n\t\t\t\t#gallery-4 img {\n\t\t\t\t\tborder: 2px solid #cfcfcf;\n\t\t\t\t}\n\t\t\t\t#gallery-4 .gallery-caption {\n\t\t\t\t\tmargin-left: 0;\n\t\t\t\t}\n\t\t\t\t\/* see gallery_shortcode() in wp-includes\/media.php *\/\n\t\t\t<\/style>\n\t\t<div id='gallery-4' class='dt-gallery-container gallery galleryid-244166 gallery-columns-2 gallery-size-medium'><dl class='gallery-item'>\n\t\t\t\t<dt class='gallery-icon landscape'>\n\t\t\t\t\t<a class=\"rollover rollover-zoom dt-pswp-item\" title=\"20211120_163957\" data-dt-img-description=\"\" data-large_image_width=\"2560\" data-large_image_height=\"1244\"href='https:\/\/www.radiopiu.net\/wordpress\/wp-content\/uploads\/2021\/11\/20211120_163957-scaled.jpg'><img loading=\"lazy\" decoding=\"async\" width=\"300\" height=\"146\" src=\"https:\/\/www.radiopiu.net\/wordpress\/wp-content\/uploads\/2021\/11\/20211120_163957-300x146.jpg\" class=\"attachment-medium size-medium\" alt=\"\" srcset=\"https:\/\/www.radiopiu.net\/wordpress\/wp-content\/uploads\/2021\/11\/20211120_163957-300x146.jpg 300w, https:\/\/www.radiopiu.net\/wordpress\/wp-content\/uploads\/2021\/11\/20211120_163957-1024x498.jpg 1024w, https:\/\/www.radiopiu.net\/wordpress\/wp-content\/uploads\/2021\/11\/20211120_163957-768x373.jpg 768w, https:\/\/www.radiopiu.net\/wordpress\/wp-content\/uploads\/2021\/11\/20211120_163957-1536x746.jpg 1536w, https:\/\/www.radiopiu.net\/wordpress\/wp-content\/uploads\/2021\/11\/20211120_163957-2048x995.jpg 2048w\" sizes=\"auto, (max-width: 300px) 100vw, 300px\" \/><\/a>\n\t\t\t\t<\/dt><\/dl><dl class='gallery-item'>\n\t\t\t\t<dt class='gallery-icon landscape'>\n\t\t\t\t\t<a class=\"rollover rollover-zoom dt-pswp-item\" title=\"IMG_6871\" data-dt-img-description=\"\" data-large_image_width=\"2560\" data-large_image_height=\"1438\"href='https:\/\/www.radiopiu.net\/wordpress\/wp-content\/uploads\/2021\/11\/IMG_6871-scaled.jpg'><img loading=\"lazy\" decoding=\"async\" width=\"300\" height=\"169\" src=\"https:\/\/www.radiopiu.net\/wordpress\/wp-content\/uploads\/2021\/11\/IMG_6871-300x169.jpg\" class=\"attachment-medium size-medium\" alt=\"\" srcset=\"https:\/\/www.radiopiu.net\/wordpress\/wp-content\/uploads\/2021\/11\/IMG_6871-300x169.jpg 300w, https:\/\/www.radiopiu.net\/wordpress\/wp-content\/uploads\/2021\/11\/IMG_6871-1024x575.jpg 1024w, https:\/\/www.radiopiu.net\/wordpress\/wp-content\/uploads\/2021\/11\/IMG_6871-768x431.jpg 768w, https:\/\/www.radiopiu.net\/wordpress\/wp-content\/uploads\/2021\/11\/IMG_6871-1536x863.jpg 1536w, https:\/\/www.radiopiu.net\/wordpress\/wp-content\/uploads\/2021\/11\/IMG_6871-2048x1150.jpg 2048w\" sizes=\"auto, (max-width: 300px) 100vw, 300px\" \/><\/a>\n\t\t\t\t<\/dt><\/dl><br style=\"clear: both\" \/>\n\t\t\t<\/div>\n\n<hr \/>\n<p>&nbsp;<\/p>\n<p>&nbsp;<\/p>\n<blockquote>\n<h2>I PREMI A SOSPIROLO TRA LEGGENDE E MISTERI<\/h2>\n<\/blockquote>\n<p>&nbsp;<\/p>\n<p><strong>SOSPIROLO<\/strong> Ecco i vincitori\u00a0 della dodicesima edizione del Concorso letterario &#8220;Sospirolo tra leggende e misteri\u201d.\u00a0 Nella prima sezione si \u00e8 imposto il racconto \u201cTra licopodio e fiori di pesco\u201d,\u00a0 di cinque alunne della classe 2A della scuola secondaria di primo grado di Cesiomaggiore (Istituto comprensivo Rodari di Santa Giustina): Virginia Antiga, Alessia Budel, Amelie Fent, Lina Kadiri, Elena Meneguz, coordinate dalla docente Tatiana Poletti.\u00a0 Segnalato \u201cIl bosco in piazza\u201d della classe 3B della Scuola Primaria \u201cGiuseppina Cibien\u201d di Limana coordinati dall\u2019insegnante Francesco Mazzucco: Samuel Barbon, Cecilia Bianchet, Aaron Bogo, Sebastiano Burigo, Sebastian Canal, Nicol\u00f2 Cibien, Samuele Coletti, Roberto Colotto, Matteo Dal Pont, Leandro De Bona, Gianluca De Toffol, Marco Fontana, Andrea Gusatto, Matteo Lo Re, Umberto Lorin, Sara Paluselli, Francesco Reolon, Noemi Sara\u00f2, Maria Sommacal, Chiara Vaglio, Gaia Varaschini, Rachele Zatta. Segnalazione per la 5B della Scuola primaria di Sedico (Istituto comprensivo di Sedico \u2013 Sospirolo) coordinata dall\u2019insegnante Laura Sommavilla: Aurora De Bon, Helen Nogar\u00e8, Daniel Figlioli, Caua Baviera, Zaira Romero Chavez, Federico Dengo, Arjet Dega, Federico De Cassan, Iustin Pirpirita, Giada Petrina, Rebecca Del Din, Kevin Low, Erik Da Rold, Matteo Viel, Patrick Beta, Ruben Grevalcuore, Alessia Dega, Stephanie Imowo, Lorenzo Da Canal, Pietro Marco Bassanello, Thomas De Cristofaro. Per la sezione B primo premio assoluto per Diana Schenal di Cesiomaggiore con \u201cVal Canzoi, dicembre 1957&#8221;. Segnalazioni per \u201cLa ruvidezza dei cardi\u201d di Loretta Casagrande, \u201cFoglioso\u201d di Raffaele Serafini, \u201cAndr\u00e0 tutto bene\u201d di Maria Rosaria Fonso.<\/p>\n<p>FOTO GIUSEPPE DE ZANET<\/p>\n\n\t\t\t<style type='text\/css'>\n\t\t\t\t#gallery-5 {\n\t\t\t\t\tmargin: auto;\n\t\t\t\t}\n\t\t\t\t#gallery-5 .gallery-item {\n\t\t\t\t\tfloat: left;\n\t\t\t\t\tmargin-top: 10px;\n\t\t\t\t\ttext-align: center;\n\t\t\t\t\twidth: 50%;\n\t\t\t\t}\n\t\t\t\t#gallery-5 img {\n\t\t\t\t\tborder: 2px solid #cfcfcf;\n\t\t\t\t}\n\t\t\t\t#gallery-5 .gallery-caption {\n\t\t\t\t\tmargin-left: 0;\n\t\t\t\t}\n\t\t\t\t\/* see gallery_shortcode() in wp-includes\/media.php *\/\n\t\t\t<\/style>\n\t\t<div id='gallery-5' class='dt-gallery-container gallery galleryid-244166 gallery-columns-2 gallery-size-medium'><dl class='gallery-item'>\n\t\t\t\t<dt class='gallery-icon landscape'>\n\t\t\t\t\t<a class=\"rollover\" href='https:\/\/www.radiopiu.net\/wordpress\/giornale-radiopiu-23-novembre-2021-direttore-mirko-mezzacasa\/1-vincitrice-diana-schenal-prima-tra-gli-adulti\/'><img loading=\"lazy\" decoding=\"async\" width=\"300\" height=\"200\" src=\"https:\/\/www.radiopiu.net\/wordpress\/wp-content\/uploads\/2021\/11\/1-Vincitrice-Diana-Schenal-prima-tra-gli-adulti-300x200.jpg\" class=\"attachment-medium size-medium\" alt=\"\" aria-describedby=\"gallery-5-244333\" srcset=\"https:\/\/www.radiopiu.net\/wordpress\/wp-content\/uploads\/2021\/11\/1-Vincitrice-Diana-Schenal-prima-tra-gli-adulti-300x200.jpg 300w, https:\/\/www.radiopiu.net\/wordpress\/wp-content\/uploads\/2021\/11\/1-Vincitrice-Diana-Schenal-prima-tra-gli-adulti-1024x683.jpg 1024w, https:\/\/www.radiopiu.net\/wordpress\/wp-content\/uploads\/2021\/11\/1-Vincitrice-Diana-Schenal-prima-tra-gli-adulti-768x512.jpg 768w, https:\/\/www.radiopiu.net\/wordpress\/wp-content\/uploads\/2021\/11\/1-Vincitrice-Diana-Schenal-prima-tra-gli-adulti-1536x1024.jpg 1536w, https:\/\/www.radiopiu.net\/wordpress\/wp-content\/uploads\/2021\/11\/1-Vincitrice-Diana-Schenal-prima-tra-gli-adulti-2048x1365.jpg 2048w\" sizes=\"auto, (max-width: 300px) 100vw, 300px\" \/><\/a>\n\t\t\t\t<\/dt>\n\t\t\t\t\t<dd class='wp-caption-text gallery-caption' id='gallery-5-244333'>\n\t\t\t\t\t1 Vincitrice Diana Schenal prima tra gli adulti\n\t\t\t\t\t<\/dd><\/dl><dl class='gallery-item'>\n\t\t\t\t<dt class='gallery-icon landscape'>\n\t\t\t\t\t<a class=\"rollover\" href='https:\/\/www.radiopiu.net\/wordpress\/giornale-radiopiu-23-novembre-2021-direttore-mirko-mezzacasa\/1-vincitrice-tra-i-giovani-alcune-alunne-della-2a-della-scuola-secondaria-di-primo-grado-di-cesiomaggiore\/'><img loading=\"lazy\" decoding=\"async\" width=\"300\" height=\"200\" src=\"https:\/\/www.radiopiu.net\/wordpress\/wp-content\/uploads\/2021\/11\/1-Vincitrice-tra-i-giovani-alcune-alunne-della-2a-della-scuola-secondaria-di-primo-grado-di-Cesiomaggiore-300x200.jpg\" class=\"attachment-medium size-medium\" alt=\"\" aria-describedby=\"gallery-5-244334\" srcset=\"https:\/\/www.radiopiu.net\/wordpress\/wp-content\/uploads\/2021\/11\/1-Vincitrice-tra-i-giovani-alcune-alunne-della-2a-della-scuola-secondaria-di-primo-grado-di-Cesiomaggiore-300x200.jpg 300w, https:\/\/www.radiopiu.net\/wordpress\/wp-content\/uploads\/2021\/11\/1-Vincitrice-tra-i-giovani-alcune-alunne-della-2a-della-scuola-secondaria-di-primo-grado-di-Cesiomaggiore-1024x683.jpg 1024w, https:\/\/www.radiopiu.net\/wordpress\/wp-content\/uploads\/2021\/11\/1-Vincitrice-tra-i-giovani-alcune-alunne-della-2a-della-scuola-secondaria-di-primo-grado-di-Cesiomaggiore-768x512.jpg 768w, https:\/\/www.radiopiu.net\/wordpress\/wp-content\/uploads\/2021\/11\/1-Vincitrice-tra-i-giovani-alcune-alunne-della-2a-della-scuola-secondaria-di-primo-grado-di-Cesiomaggiore-1536x1024.jpg 1536w, https:\/\/www.radiopiu.net\/wordpress\/wp-content\/uploads\/2021\/11\/1-Vincitrice-tra-i-giovani-alcune-alunne-della-2a-della-scuola-secondaria-di-primo-grado-di-Cesiomaggiore-2048x1365.jpg 2048w\" sizes=\"auto, (max-width: 300px) 100vw, 300px\" \/><\/a>\n\t\t\t\t<\/dt>\n\t\t\t\t\t<dd class='wp-caption-text gallery-caption' id='gallery-5-244334'>\n\t\t\t\t\t1 Vincitrice tra i giovani alcune alunne della 2a della scuola secondaria di primo grado di Cesiomaggiore\n\t\t\t\t\t<\/dd><\/dl><br style=\"clear: both\" \/><dl class='gallery-item'>\n\t\t\t\t<dt class='gallery-icon landscape'>\n\t\t\t\t\t<a class=\"rollover\" href='https:\/\/www.radiopiu.net\/wordpress\/giornale-radiopiu-23-novembre-2021-direttore-mirko-mezzacasa\/foto-di-gruppo-per-premiati-e-segnalati-2\/'><img loading=\"lazy\" decoding=\"async\" width=\"300\" height=\"199\" src=\"https:\/\/www.radiopiu.net\/wordpress\/wp-content\/uploads\/2021\/11\/Foto-di-gruppo-per-premiati-e-segnalati-2-300x199.jpg\" class=\"attachment-medium size-medium\" alt=\"\" aria-describedby=\"gallery-5-244337\" srcset=\"https:\/\/www.radiopiu.net\/wordpress\/wp-content\/uploads\/2021\/11\/Foto-di-gruppo-per-premiati-e-segnalati-2-300x199.jpg 300w, https:\/\/www.radiopiu.net\/wordpress\/wp-content\/uploads\/2021\/11\/Foto-di-gruppo-per-premiati-e-segnalati-2-1024x681.jpg 1024w, https:\/\/www.radiopiu.net\/wordpress\/wp-content\/uploads\/2021\/11\/Foto-di-gruppo-per-premiati-e-segnalati-2-768x511.jpg 768w, https:\/\/www.radiopiu.net\/wordpress\/wp-content\/uploads\/2021\/11\/Foto-di-gruppo-per-premiati-e-segnalati-2-1536x1021.jpg 1536w, https:\/\/www.radiopiu.net\/wordpress\/wp-content\/uploads\/2021\/11\/Foto-di-gruppo-per-premiati-e-segnalati-2-2048x1362.jpg 2048w\" sizes=\"auto, (max-width: 300px) 100vw, 300px\" \/><\/a>\n\t\t\t\t<\/dt>\n\t\t\t\t\t<dd class='wp-caption-text gallery-caption' id='gallery-5-244337'>\n\t\t\t\t\tFoto di gruppo per premiati e segnalati \n\t\t\t\t\t<\/dd><\/dl><dl class='gallery-item'>\n\t\t\t\t<dt class='gallery-icon landscape'>\n\t\t\t\t\t<a class=\"rollover\" href='https:\/\/www.radiopiu.net\/wordpress\/giornale-radiopiu-23-novembre-2021-direttore-mirko-mezzacasa\/foto-di-gruppo-per-premiati-e-segnalati\/'><img loading=\"lazy\" decoding=\"async\" width=\"300\" height=\"199\" src=\"https:\/\/www.radiopiu.net\/wordpress\/wp-content\/uploads\/2021\/11\/Foto-di-gruppo-per-premiati-e-segnalati-300x199.jpg\" class=\"attachment-medium size-medium\" alt=\"\" aria-describedby=\"gallery-5-244336\" srcset=\"https:\/\/www.radiopiu.net\/wordpress\/wp-content\/uploads\/2021\/11\/Foto-di-gruppo-per-premiati-e-segnalati-300x199.jpg 300w, https:\/\/www.radiopiu.net\/wordpress\/wp-content\/uploads\/2021\/11\/Foto-di-gruppo-per-premiati-e-segnalati-1024x681.jpg 1024w, https:\/\/www.radiopiu.net\/wordpress\/wp-content\/uploads\/2021\/11\/Foto-di-gruppo-per-premiati-e-segnalati-768x511.jpg 768w, https:\/\/www.radiopiu.net\/wordpress\/wp-content\/uploads\/2021\/11\/Foto-di-gruppo-per-premiati-e-segnalati-1536x1021.jpg 1536w, https:\/\/www.radiopiu.net\/wordpress\/wp-content\/uploads\/2021\/11\/Foto-di-gruppo-per-premiati-e-segnalati-2048x1362.jpg 2048w\" sizes=\"auto, (max-width: 300px) 100vw, 300px\" \/><\/a>\n\t\t\t\t<\/dt>\n\t\t\t\t\t<dd class='wp-caption-text gallery-caption' id='gallery-5-244336'>\n\t\t\t\t\tFoto di gruppo per premiati e segnalati\n\t\t\t\t\t<\/dd><\/dl><br style=\"clear: both\" \/>\n\t\t\t<\/div>\n\n<p>&nbsp;<\/p>\n<p>&nbsp;<\/p>\n<hr \/>\n<p>&nbsp;<\/p>\n<blockquote>\n<h3>\u201cUN SEGNALE PER LA VITA\u201d. SICUREZZA SUL LAVORO: LA FILCA LANCIA IL PORTALE PER LE SEGNALAZIONI ANONIME DI IRREGOLARIT\u00c0 NEI CANTIERI E NELLE FABBRICHE<\/h3>\n<\/blockquote>\n<p><strong><a href=\"https:\/\/www.radiopiu.net\/wordpress\/convocato-per-venerdi-13-novembre-il-consiglio-generale-chiamato-ad-eleggere-il-nuovo-segretario-generale-dopo-lingresso-di-cinzia-bonan-in-segreteria-regionale-ampia-convergenza-sul-nome-del\/schermata-2020-11-11-alle-12-25-13\/\" rel=\"attachment wp-att-172025\"><img loading=\"lazy\" decoding=\"async\" class=\"size-medium wp-image-172025 alignleft\" src=\"https:\/\/www.radiopiu.net\/wordpress\/wp-content\/uploads\/2020\/11\/Schermata-2020-11-11-alle-12.25.13-300x157.png\" alt=\"\" width=\"300\" height=\"157\" srcset=\"https:\/\/www.radiopiu.net\/wordpress\/wp-content\/uploads\/2020\/11\/Schermata-2020-11-11-alle-12.25.13-300x157.png 300w, https:\/\/www.radiopiu.net\/wordpress\/wp-content\/uploads\/2020\/11\/Schermata-2020-11-11-alle-12.25.13.png 594w\" sizes=\"auto, (max-width: 300px) 100vw, 300px\" \/><\/a>BELLUNO <\/strong>Infortuni mortali sul lavoro, la Filca Cisl Belluno Treviso, Federazione delle costruzioni e del legno, lancia, in occasione del suo terzo Congresso un&#8217; iniziativa volta a raccogliere segnalazioni anonime di irregolarit\u00e0 nei cantieri. Il sindacato degli edili della Cisl, in collaborazione con la Filca del Veneto, ha predisposto un centro di raccolta online di segnalazioni anonime che i lavoratori potranno inviare per segnalare irregolarit\u00e0, pericoli e mancato rispetto delle norme sulla sicurezza negli ambienti di lavoro e nei cantieri.<\/p>\n<p><strong>MARCO POTENTE, SEGRETARIO GENERALE FILCA CISL BELLUNO TREVISO<\/strong><\/p>\n<audio class=\"wp-audio-shortcode\" id=\"audio-244166-9\" preload=\"none\" style=\"width: 100%;\" controls=\"controls\"><source type=\"audio\/mpeg\" src=\"https:\/\/www.radiopiu.net\/wordpress\/wp-content\/uploads\/2021\/11\/MARCO-POTENTE-CISL.mp3?_=9\" \/><a href=\"https:\/\/www.radiopiu.net\/wordpress\/wp-content\/uploads\/2021\/11\/MARCO-POTENTE-CISL.mp3\">https:\/\/www.radiopiu.net\/wordpress\/wp-content\/uploads\/2021\/11\/MARCO-POTENTE-CISL.mp3<\/a><\/audio>\n<p>&nbsp;<\/p>\n<p>&nbsp;<\/p>\n<hr \/>\n<p>&nbsp;<\/p>\n<blockquote>\n<h3>ANAS: ITALIANI ALLA GUIDA, UNO SU TRE NON USA LA CINTURA<\/h3>\n<\/blockquote>\n<p><b><a href=\"https:\/\/www.radiopiu.net\/wordpress\/i-flussi-di-traffico-in-agordino\/auto-5\/\" rel=\"attachment wp-att-135920\"><img loading=\"lazy\" decoding=\"async\" class=\"size-medium wp-image-135920 alignleft\" src=\"https:\/\/www.radiopiu.net\/wordpress\/wp-content\/uploads\/2020\/05\/AUTO-300x200.jpg\" alt=\"\" width=\"300\" height=\"200\" srcset=\"https:\/\/www.radiopiu.net\/wordpress\/wp-content\/uploads\/2020\/05\/AUTO-300x200.jpg 300w, https:\/\/www.radiopiu.net\/wordpress\/wp-content\/uploads\/2020\/05\/AUTO-1024x683.jpg 1024w, https:\/\/www.radiopiu.net\/wordpress\/wp-content\/uploads\/2020\/05\/AUTO-768x512.jpg 768w, https:\/\/www.radiopiu.net\/wordpress\/wp-content\/uploads\/2020\/05\/AUTO-1536x1024.jpg 1536w, https:\/\/www.radiopiu.net\/wordpress\/wp-content\/uploads\/2020\/05\/AUTO.jpg 1920w\" sizes=\"auto, (max-width: 300px) 100vw, 300px\" \/><\/a>ROMA\u00a0 <\/b>Il mancato uso delle cinture di sicurezza risulta ancora il comportamento pi\u00f9 rischioso per chi viaggia in auto sulle strade statali: un automobilista su tre al volante non le allaccia. La fotografia degli italiani alla guida, scattata dalla Ricerca Osservatorio Stili di Guida Utenti, commissionata da Anas. Dallo studio, che ha analizzato i comportamenti di guida lungo tre differenti tipologie di strade e autostrade in gestione ad Anas\u00a0 di un campione di 6000 utenti, emerge come il 28,38% dei conducenti non allaccia le cinture, dato che si alza se riferito al passeggero anteriore (31,87%) e passeggero posteriore (80,12%). Indisciplina anche per quanto riguarda i dispositivi di ritenuta per bambini, ben il 49,47% non li utilizza, e per gli indicatori luminosi, il 55,63% non li accende per la manovra di sorpasso o rientro (76,46%), o per l\u2019entrata (59,20%) o uscita (43,71%) da rampa. Infine un automobilista su dieci (12,41%) utilizza in modo improprio il cellulare alla guida. Si tratta di dati purtroppo molto lontani dalla media registrata negli altri Paesi europei dove il 90% degli automobilisti indossa le cinture anteriori e ben il 71% dei passeggeri quelle posteriori.<\/p>\n<p>&nbsp;<\/p>\n<hr \/>\n<p>&nbsp;<\/p>\n<blockquote>\n<h3>SCUOLA APERTA, IL 4 E 18 dicembre AL FOLLADOR-DE ROSSI<\/h3>\n<\/blockquote>\n<p><strong>AGORDO<\/strong> Ecco le date e i link per\u00a0 Scuol@ Aperta al Istituto Follador &#8211; De Rossi per visitare i nostri ambienti e conoscere da vicino l&#8217;istituto<\/p>\n<p><strong>Le prenotazione andranno effettuate ai seguenti link:<\/strong><\/p>\n<p>4 Dicembre 2021 https:\/\/form.jotform.com\/Follador\/scuola-apert-4-dicembre-2021<\/p>\n<p>18 Dicembre 2021 https:\/\/form.jotform.com\/Follador\/scuola-apert-18-dicembre-2021<\/p>\n<p>&nbsp;<\/p>\n<blockquote>\n<h3>SCUOLA APERTA AI LICEI GALILEI<\/h3>\n<\/blockquote>\n<p><strong>BELLUNO<\/strong> In cinque giornate diverse da qui a gennaio verranno presentate le tre proposte dell\u2019Istituto: Liceo Scientifico, Liceo delle Scienze Applicate e Liceo Classico. Sabato 27 novembre, in due turni pomeridiani, verranno presentati gli indirizzi scientifici, mentre il 4 dicembre verr\u00e0 presentato il Liceo Classico. Entrambi gli appuntamenti hanno gi\u00e0 esaurito i posti disponibili, ma nel sito della scuola (www.liceibelluno.edu.it) \u00e8 gi\u00e0 attivo il link per le prenotazioni agli incontri successivi. Tre saranno gli appuntamenti per il Liceo Scientifico e il Liceo delle Scienze applicate: sabato 27 novembre (primo turno ore 15:00-16:30; secondo turno ore 17:00-18:30), sabato 18 dicembre (primo turno ore 15:00-16:30; secondo turno ore 17:00-18:30) e venerd\u00ec 14 gennaio (turno unico ore 17:00-19:00). Due gli appuntamenti per il Liceo Classico: sabato 4 dicembre (turno unico ore 15:00-16:30) e sabato 15 gennaio (sempre turno unico ore 15:00-16:30).<\/p>\n<p>&nbsp;<\/p>\n<hr \/>\n<p>&nbsp;<\/p>\n<p>&nbsp;<\/p>\n<blockquote>\n<h3>DOMANI ALLE 10.30 E 1900 PLASTIC FREE PER UM MONDO LIBERO DALLA PLASTICA, CON MARTINA SMANIOTTO&#8230;. DA CANALE D&#8217;AGORDO<\/h3>\n<\/blockquote>\n<p><strong><a href=\"https:\/\/www.radiopiu.net\/wordpress\/giornale-radiopiu-23-novembre-2021-direttore-mirko-mezzacasa\/260172614_616817659360747_2768082105235435116_n\/\" rel=\"attachment wp-att-244376\"><img loading=\"lazy\" decoding=\"async\" class=\" wp-image-244376 alignleft\" src=\"https:\/\/www.radiopiu.net\/wordpress\/wp-content\/uploads\/2021\/11\/260172614_616817659360747_2768082105235435116_n-225x300.jpg\" alt=\"\" width=\"177\" height=\"235\" srcset=\"https:\/\/www.radiopiu.net\/wordpress\/wp-content\/uploads\/2021\/11\/260172614_616817659360747_2768082105235435116_n-225x300.jpg 225w, https:\/\/www.radiopiu.net\/wordpress\/wp-content\/uploads\/2021\/11\/260172614_616817659360747_2768082105235435116_n.jpg 720w\" sizes=\"auto, (max-width: 177px) 100vw, 177px\" \/><\/a>di Martina Smaniotto<\/strong><\/p>\n<div class=\"kvgmc6g5 cxmmr5t8 oygrvhab hcukyx3x c1et5uql ii04i59q\"><\/div>\n<div class=\"o9v6fnle cxmmr5t8 oygrvhab hcukyx3x c1et5uql ii04i59q\">\n<div dir=\"auto\">Come gi\u00e0 anticipato, sono tornata alla scuola media di Canale d&#8217;Agordo per registrare, assieme ai ragazzi, gli elaborati che hanno realizzato dopo gli incontri in classe.&#8221; , \u0300 \u0300 .&#8221;. Questa \u00e8 una delle frasi che i ragazzi hanno scritto, che vale per l&#8217;ambiente ma vale in generale per la vita.<\/div>\n<\/div>\n<div class=\"o9v6fnle cxmmr5t8 oygrvhab hcukyx3x c1et5uql ii04i59q\">\n<div dir=\"auto\">Domani su <a class=\"oajrlxb2 g5ia77u1 qu0x051f esr5mh6w e9989ue4 r7d6kgcz rq0escxv nhd2j8a9 nc684nl6 p7hjln8o kvgmc6g5 cxmmr5t8 oygrvhab hcukyx3x jb3vyjys rz4wbd8a qt6c0cv9 a8nywdso i1ao9s8h esuyzwwr f1sip0of lzcic4wl q66pz984 gpro0wi8 b1v8xokw\" tabindex=\"0\" role=\"link\" href=\"https:\/\/www.facebook.com\/radiopiu\/?__cft__[0]=AZUB-X5cteMvpl8GOaCVQUPXRc3tQh_NuwyOrLTb7vxXWM2FL3RdH-sAlGFiJREIdbBQcbhf6MF1rWVxB_WXs3aDWRyb5jcTqmpkxNLvYhyCy9qiG7zlnPIRY2fi0m_Zb8bmTlNyrZQP-MAquPt_j-xR&amp;__tn__=kK-R\"><span class=\"nc684nl6\">Radio Pi\u00f9<\/span><\/a> alle 10:30 e alle 19 gli audio integrali delle classi 1B e 2B. La prossima settimana quelli della 1A e 2A. E&#8217; stato un piacere poter tornare in classe e rivedere i ragazzi, che hanno molto riflettuto sui danni agli animali che causa la plastica abbandonata . Mi fa anche molto piacere che per loro l&#8217;attivit\u00e0 non finisce qui, vorrebbero fare altro.\u00a0 Aspettando la primavera \u00a0per un&#8217;uscita tutti insieme, i ragazzi potranno mostrare le loro doti artistiche su dei grandi pannelli. A cosa serviranno? Seguiteci e vedrete!<\/div>\n<\/div>\n<p>&nbsp;<\/p>\n<p>&nbsp;<\/p>\n<p>&nbsp;<\/p>\n<hr \/>\n<p>&nbsp;<\/p>\n<blockquote>\n<h3>UN CONSIGLIO COMUNALE DI&#8230;MINORANZA A ROCCA PIETORE<\/h3>\n<\/blockquote>\n<p><strong><img loading=\"lazy\" decoding=\"async\" class=\"alignleft\" src=\"https:\/\/www.radiopiu.net\/wordpress\/wp-content\/uploads\/2019\/07\/consiglio-rocca-1.jpeg\" width=\"254\" height=\"143\" \/>ROCCA PIETORE<\/strong> Consiglio comunale&#8230;di minoranza oggi alle 10. All&#8217;ordine del giorno un punto scelto dal sindaco Andrea De Bernardin (variazione al bilancio di previsione) e cinque per le interrogazioni del consigliere Diana Iraci Borgia Mandolini e dal gruppo di opposizione Uniti per la Montagna: lavori ai serrai si Sottoguda, bostrico nei siti boschivi, parcheggio Palue, area pic nic Pian de del Risce, marciapiedi comunali, condizioni dei cimiteri, parco giochi Re Ombro tempi e spese.<\/p>\n<p>&nbsp;<\/p>\n<p>&nbsp;<\/p>\n<p>&nbsp;<\/p>\n<hr \/>\n<p>&nbsp;<\/p>\n<blockquote>\n<h3>OGGI POMERIGGIO IL CONSIGLIO COMUNALE DI FALCADE<\/h3>\n<\/blockquote>\n<p><strong><a href=\"https:\/\/www.radiopiu.net\/wordpress\/lumana-reyer\/falcade_estate-2990\/\" rel=\"attachment wp-att-220251\"><img loading=\"lazy\" decoding=\"async\" class=\" wp-image-220251 alignleft\" src=\"https:\/\/www.radiopiu.net\/wordpress\/wp-content\/uploads\/2021\/07\/FALCADE_ESTATE-2990-300x200.jpg\" alt=\"\" width=\"161\" height=\"107\" srcset=\"https:\/\/www.radiopiu.net\/wordpress\/wp-content\/uploads\/2021\/07\/FALCADE_ESTATE-2990-300x200.jpg 300w, https:\/\/www.radiopiu.net\/wordpress\/wp-content\/uploads\/2021\/07\/FALCADE_ESTATE-2990-768x512.jpg 768w, https:\/\/www.radiopiu.net\/wordpress\/wp-content\/uploads\/2021\/07\/FALCADE_ESTATE-2990.jpg 900w\" sizes=\"auto, (max-width: 161px) 100vw, 161px\" \/><\/a>FALCADE<\/strong><\/p>\n<p>di Gianni Santomaso<\/p>\n<audio class=\"wp-audio-shortcode\" id=\"audio-244166-10\" preload=\"none\" style=\"width: 100%;\" controls=\"controls\"><source type=\"audio\/mpeg\" src=\"https:\/\/www.radiopiu.net\/wordpress\/wp-content\/uploads\/2021\/11\/GIANNI-CONSIGLIO-FALCADE.mp3?_=10\" \/><a href=\"https:\/\/www.radiopiu.net\/wordpress\/wp-content\/uploads\/2021\/11\/GIANNI-CONSIGLIO-FALCADE.mp3\">https:\/\/www.radiopiu.net\/wordpress\/wp-content\/uploads\/2021\/11\/GIANNI-CONSIGLIO-FALCADE.mp3<\/a><\/audio>\n<p>&nbsp;<\/p>\n<hr \/>\n<p>&nbsp;<\/p>\n<blockquote>\n<h3>NUOVO REGOLAMENTO PER L&#8217;IMPOSTA COMUNALE<\/h3>\n<\/blockquote>\n<p><strong>\u00a0ALLEGHE<\/strong> Il consigliere comunale Guerrino Bellenzier lascia il consiglio comunale, le dimissioni saranno ufficializzate nel consiglio comunale di domani alle 20.30, per il sindaco nessuna possibilit\u00e0 per poterlo sostituire. All&#8217;ordine del giorno della seduta anche il bilancio, il riconoscimento dei debiti fuori bilancio dopo il maltempo 2020 e le modifiche al regolamento comunale dell&#8217;imposta di soggiorno<\/p>\n<p>&nbsp;<\/p>\n<p>&nbsp;<\/p>\n<hr \/>\n<p>&nbsp;<\/p>\n<blockquote>\n<h3>A RIVAMONTE IL CONSIGLIO TORNA IN VIDEO CONFERENZA<\/h3>\n<\/blockquote>\n<p><strong>RIVAMONTE<\/strong> Domani alle 18.30 consiglio comunale convocato dal sindaco Giovanni Nino Deon, all&#8217;ordine del giorno le variazioni al bilancio di previsione e le modifiche al programma triennale dei lavori pubblici<\/p>\n<p>&nbsp;<\/p>\n<p>&nbsp;<\/p>\n<hr \/>\n<p>&nbsp;<\/p>\n<blockquote>\n<h3>COLCERGNAN CHIAMA A RAPPORTO I CONSIGLIERI COMUNALI<\/h3>\n<\/blockquote>\n<p><strong>CANALE D&#8217;AGORDO<\/strong> Il sindaco di Canale D&#8217;Agordo Flavio Colcergnan ha convocato i consiglieri comunali per domani alle 20 presso la sala Lina Zand\u00f2 per il consiglio comunale a porte chiuse. Quattro punti da discutere tra cui una ratifica su una deliberazione di giunta riguardante il bilancio di previsione e una variazione al bilancio di previsione 2021-2023.<\/p>\n<p>&nbsp;<\/p>\n<p>&nbsp;<\/p>\n<hr \/>\n<p>&nbsp;<\/p>\n<blockquote>\n<h3>A VOLTAGO IL CONSIGLIO COMUNALE GIOVEDI&#8217; SERA<\/h3>\n<\/blockquote>\n<p><strong>VOLTAGO<\/strong> Il sindaco di Voltago Giuseppe Schena ha convocato i consiglieri comunali per gioved\u00ec alle 18:30 per trattare 6 punti all&#8217;ordine del giorno tra cui un&#8217;interrogazione del consigliere di minoranza Francesca Della Lucia in merito alle attivit\u00e0 svolte durante il commissariamento, una variazione al bilancio e l&#8217;approvazione della mozione in merito al conferimento della cittadinanza onoraria al Milite Ignoto.<\/p>\n<p>&nbsp;<\/p>\n<hr \/>\n<p>&nbsp;<\/p>\n<blockquote>\n<h3>IL COMUNE ACQUISISCE A PATRIMONIO L&#8217;EDIFICIO CASA PIAZZA<\/h3>\n<\/blockquote>\n<p><strong>COLLE SANTA LUCIA<\/strong> Il sindaco Paolo Frena ha convocato il consiglio comunale per sabato mattina alle 8. All&#8217;ordine del giorno la variazione al bilancio, l&#8217;acquisto di una porzione dell&#8217;edificio &#8220;Casa Piazza&#8221;, progetto per il collegamento Istituto Culturale Ladino Cesa De Jan, comunicazioni del sindaco.<\/p>\n<p>&nbsp;<\/p>\n<hr \/>\n<p>&nbsp;<\/p>\n<blockquote>\n<h3>NUOVO CORSO PER L&#8217;AFFIDO FAMILIARE<\/h3>\n<\/blockquote>\n<p><strong>BELLUNO<\/strong> I Centri per l&#8217;Affido e la Solidariet\u00e0 Familiare\u00a0 dell&#8217;ULSS Dolomiti \u2013 \u00e8quipe di Belluno e Feltre \u2013 organizzano un corso informativo e formativo on-line sul tema dell&#8217;affido familiare, con l&#8217;auspicio che questa modalit\u00e0 possa coinvolgere pi\u00f9 facilmente un sempre maggior numero di persone da ogni parte della provincia. Il corso si svolger\u00e0 in modalit\u00e0 online il 29 novembre e il 6 dicembre dalle 17.45 alle 19.30.<\/p>\n<p>&nbsp;<\/p>\n<p>&nbsp;<\/p>\n<p>&nbsp;<\/p>\n<hr \/>\n<blockquote>\n<h3><\/h3>\n<h3>PREVENIRE \u00c8 PI\u00d9 FACILE CHE DIRE OTORINOLARINGOIATRA. OPEN DAY IL 23 NOVEMBRE<\/h3>\n<\/blockquote>\n<p><strong>BELLUNO <\/strong>Oggi si terr\u00e0 la prima Giornata Nazionale di Prevenzione dei Tumori promossa dalla Societ\u00e0 Italiana di Otorinolaringoiatria e Chirurgia Cervico Facciale, dedicata quest\u2019anno ai tumori del collo. Open day ORL Belluno\u00a0 Sede ambulatori dalle 9.00 alle 12.00, Open day ORL Feltre Sede ambulatori (3\u00b0 piano pad. Guarnieri) dalle 9.00 alle 12.00<\/p>\n<p>&nbsp;<\/p>\n<p>&nbsp;<\/p>\n<hr \/>\n<p>&nbsp;<\/p>\n<blockquote>\n<h3>GIOCO D&#8217;AZZARDO: OPEN DAY NEI SERD DELL&#8217;ULSS DOLOMITI<\/h3>\n<\/blockquote>\n<p><strong>BELLUNO<\/strong> Per favorire la sensibilizzazione sul tema del gioco d\u2019azzardo e le tematiche correlate, il Dipartimento per le dipendenze ha organizzato degli open day Ecco le date e i contatti a cui far riferimento: Agordo domani dalle 15 alle 19 (0437645388 serd.ag@aulss1.veneto.it) Auronzo venerd\u00ec 26 novembre 2021 dalle 15 alle 19 (0435402681 alcologia.au@aulss1.veneto.it)<\/p>\n<p>&nbsp;<\/p>\n<p>&nbsp;<\/p>\n<hr \/>\n<p>&nbsp;<\/p>\n<blockquote>\n<h3 dir=\"ltr\">MERCATINO DI NATALE A FALCADE<\/h3>\n<\/blockquote>\n<p dir=\"ltr\"><strong>FALCADE<\/strong>\u00a0 L&#8217;associazione albergatori, ristoratori e rifugi della Valle del Biois mette e disposizione le casette per i mercatini natalizi sulla piazza di Falcade per il periodo natalizio. Gli interessati ad esporre possono rivolgersi all&#8217;ufficio Promo Falcade, telefono 334 7230117 oppure 329 7603762<\/p>\n<hr \/>\n<blockquote>\n<h3><\/h3>\n<h3>IL 27 E 28 NOVEMBRE LA FIERA DI SANT&#8217;ANDREA A CENCENIGHE<\/h3>\n<\/blockquote>\n<p><strong>CENCENIGHE\u00a0<\/strong>Il Comune e la Pro Loco di Cencenighe organizzano per sabato 27 e domenica 28 novembre la Fiera di Sant&#8217;Andrea presso il Nof Fil\u00f2 dalle 9 alle 19. Mercatino dell&#8217;artigianato, camioncino delle caramelle e servizio bar e pranzo da asporto. Dall 10 alle 16 la possibilit\u00e0 di fare un giro in pony o cavallo, l&#8217;esposizione degli animali sul piazzale del municipio, la ferratura del cavallo e l&#8217;esibizione di scultura su legno. All&#8217;esterno anche il chiosco degli Alpini con vin brul\u00e8 e caldarroste.<\/p>\n<p>&nbsp;<\/p>\n<p>&nbsp;<\/p>\n<hr \/>\n<p>&nbsp;<\/p>\n<p>&nbsp;<\/p>\n<blockquote>\n<h3>LA COMMEDIA CON IL SORRISO<\/h3>\n<\/blockquote>\n<p><strong>\u00a0BELLUNO<\/strong>\u00a0 La \u201cCompagnia del Sorriso\u201d di Salce, presenta \u201cSon Torn\u00e0 dall\u2019Aldil\u00e0\u201d divertente commedia in tre atti in dialetto bellunese. Sabato alle 20:45 al Centro Culturale di Longarone.<\/p>\n<p>&nbsp;<\/p>\n<p>&nbsp;<\/p>\n<hr \/>\n<blockquote>\n<h3><\/h3>\n<h3>DOMENICA A TEATRO CON LE VOCI DAI CORTIVI<\/h3>\n<\/blockquote>\n<p><strong>BELLUNO<\/strong> Per Benvenuto San Martino domenica alle 20.45 al Teatro Comunale Concerto con il gruppo &#8220;Voci dai Cortivi&#8221; e le fisarmoniche di Lorenzo e Federico. Ingresso libero fino ad esaurimento posti, obbligo di green pass. Presenta la serata Giorgio Dal Farra.<\/p>\n<p>&nbsp;<\/p>\n<p>&nbsp;<\/p>\n<p>&nbsp;<\/p>\n<hr \/>\n<p>&nbsp;<\/p>\n<blockquote>\n<h3>NOVEMBRE, IL MESE DELLA CORALITA&#8217;<\/h3>\n<\/blockquote>\n<p><strong><a href=\"https:\/\/www.radiopiu.net\/wordpress\/novembre-il-mese-della-coralita\/asac-veneto\/\" rel=\"attachment wp-att-241021\"><img loading=\"lazy\" decoding=\"async\" class=\" wp-image-241021 alignleft\" src=\"https:\/\/www.radiopiu.net\/wordpress\/wp-content\/uploads\/2021\/11\/ASAC-VENETO-300x167.png\" alt=\"\" width=\"210\" height=\"117\" srcset=\"https:\/\/www.radiopiu.net\/wordpress\/wp-content\/uploads\/2021\/11\/ASAC-VENETO-300x167.png 300w, https:\/\/www.radiopiu.net\/wordpress\/wp-content\/uploads\/2021\/11\/ASAC-VENETO.png 534w\" sizes=\"auto, (max-width: 210px) 100vw, 210px\" \/><\/a> <\/strong><\/p>\n<p><strong>\u00a0<\/strong><\/p>\n<p><strong>BELLUNO<\/strong> Novembre \u00e8 il mese della coralit\u00e0. Dopo gli appuntamenti delle scorse settimane, \u201cDolomiti in coro 2021\u201d si chiudera\u0300 sabato 27 novembre nella Chiesa parrocchiale di Longarone con il Coro Voci delle Dolomiti, il Gruppo Solo Voci di Feltre ed il Coro Cadore di Pieve di Cadore<\/p>\n<p>&nbsp;<\/p>\n<hr \/>\n<p>&nbsp;<\/p>\n<p>&nbsp;<\/p>\n<blockquote>\n<h3>LA GEO NORD STA CON LA PISCINA COME ATTIVAMENTE STA COL TERRITORIO<\/h3>\n<\/blockquote>\n<p><strong><img loading=\"lazy\" decoding=\"async\" class=\"alignleft\" src=\"https:\/\/www.radiopiu.net\/wordpress\/wp-content\/uploads\/2021\/11\/foto-1.jpg\" width=\"269\" height=\"199\" \/>AGORDO<\/strong> La Societ\u00e0 Attivamente Agordino, gestore della Piscina Comprensoriale di Agordo ha raggiunto un accordo di sponsorizzazione con Geo Nord Est S.r.l., societ\u00e0 bellunese che fornisce luce e gas. Grazie al legame e l\u2019attenzione che ha per il territorio, l\u2019azienda ha deciso di sostenere la piscina agordina sponsorizzando le divise dell\u2019intero team della struttura (assistenti bagnati, istruttori e addetti alla segreteria). Le nuove maglie saranno il segno che contraddistinguer\u00e0 per le stagioni sportive 2021\/22-2022\/23-2023\/24 lo staff di Attivamente Agordino, societ\u00e0 che organizza e promuove a livello comprensoriale attivit\u00e0 nel mondo del nuoto amatoriale e agonistico in un territorio esteso quale l\u2019Agordino e tutte le zone limitrofe.<\/p>\n<p>&nbsp;<\/p>\n<p>&nbsp;<\/p>\n<hr \/>\n<p><strong>\u00a0<\/strong><\/p>\n<p><strong>L&#8217;OPINIONE\u00a0<\/strong><br \/>\n<strong>di\u00a0 Rodolfo Pellegrinon, Falcade\u00a0\u00a0<\/strong><\/p>\n<p>&nbsp;<\/p>\n<blockquote><p><a href=\"https:\/\/www.radiopiu.net\/wordpress\/in-carcere-perche-ritenuto-responsabile-del-reato-di-spaccio-altri-sette-indagati\/droga-1\/\" rel=\"attachment wp-att-202225\"><img loading=\"lazy\" decoding=\"async\" class=\" wp-image-202225 alignleft\" src=\"https:\/\/www.radiopiu.net\/wordpress\/wp-content\/uploads\/2021\/04\/Droga-1-300x191.jpg\" alt=\"\" width=\"258\" height=\"164\" srcset=\"https:\/\/www.radiopiu.net\/wordpress\/wp-content\/uploads\/2021\/04\/Droga-1-300x191.jpg 300w, https:\/\/www.radiopiu.net\/wordpress\/wp-content\/uploads\/2021\/04\/Droga-1-1024x651.jpg 1024w, https:\/\/www.radiopiu.net\/wordpress\/wp-content\/uploads\/2021\/04\/Droga-1-768x488.jpg 768w, https:\/\/www.radiopiu.net\/wordpress\/wp-content\/uploads\/2021\/04\/Droga-1-1536x976.jpg 1536w, https:\/\/www.radiopiu.net\/wordpress\/wp-content\/uploads\/2021\/04\/Droga-1-2048x1301.jpg 2048w\" sizes=\"auto, (max-width: 258px) 100vw, 258px\" \/><\/a>Il problema della droga in Italia sta diventando impressionante. Ormai si spaccia in qualsiasi luogo e alla luce del giorno. Servono con urgenza leggi pi\u00f9 drastiche e giustizia con pene detentive adeguate e severe. Secondo gli ultimi dati in Italia\u00a0\u00a0 vi sarebbero 303.000 persone con problemi di dipendenza da droga con una percentuale del 10 X1000. Questa percentuale \u00e8 la seconda solamente al Regno Unito dove sarebbero al 10,1 X 1000. L\u2019Italia \u00e8 comunque in testa per quanto riguarda il consumo di oppiacei. Un triste primato. Giorni orsono la Polizia Stradale di Genova Sanpierdarena ha controllato un mezzo pesante condotto\u00a0 da uno straniero proveniente dalla Spagna. Nel corso del controllo il capo pattuglia percepiva un forte odore di sostanza stupefacente proveniente dall\u2019interno\u00a0 della cabina di guida. I forti sospetti inducevano gli agenti\u00a0 ad un controllo pi\u00f9 accurato del mezzo, al termine del quale venivano rivenute adagiate sul lettino reclinabile superiore della cabina del conducente, 8 confezioni di plastica che contenevano un\u2019ingente quantit\u00e0 di sostanza stupefacente. I successivi accertamenti hanno consentito di appurare che si trattava di circa 75 kg. di hashish occultati sul mezzo che, veniva immediatamente sottoposto a provvedimento di sequestro e al fermo del conducente. Speriamo solo che qualche giudice non liquidi la faccenda come \u201cmodica quantit\u00e0\u201d o \u201c stupefacente per consumo personale\u201d.<\/p><\/blockquote>\n<p>&nbsp;<\/p>\n<p>&nbsp;<\/p>\n<hr \/>\n<p>&nbsp;<\/p>\n<p>&nbsp;<\/p>\n<blockquote>\n<h3>ALICE LAZZARO, UNA PADOVANA CHE VUOLE VIVERE IN AGORDINO<\/h3>\n<\/blockquote>\n<p><strong>di Gianni Santomaso<\/strong><\/p>\n<audio class=\"wp-audio-shortcode\" id=\"audio-244166-11\" preload=\"none\" style=\"width: 100%;\" controls=\"controls\"><source type=\"audio\/mpeg\" src=\"https:\/\/www.radiopiu.net\/wordpress\/wp-content\/uploads\/2021\/11\/GIANNI-SPECIALE-ALICE-LAZZARO.mp3?_=11\" \/><a href=\"https:\/\/www.radiopiu.net\/wordpress\/wp-content\/uploads\/2021\/11\/GIANNI-SPECIALE-ALICE-LAZZARO.mp3\">https:\/\/www.radiopiu.net\/wordpress\/wp-content\/uploads\/2021\/11\/GIANNI-SPECIALE-ALICE-LAZZARO.mp3<\/a><\/audio>\n<p>Matita ed inchiostro di Erica Andrich<\/p>\n\n\t\t\t<style type='text\/css'>\n\t\t\t\t#gallery-6 {\n\t\t\t\t\tmargin: auto;\n\t\t\t\t}\n\t\t\t\t#gallery-6 .gallery-item {\n\t\t\t\t\tfloat: left;\n\t\t\t\t\tmargin-top: 10px;\n\t\t\t\t\ttext-align: center;\n\t\t\t\t\twidth: 50%;\n\t\t\t\t}\n\t\t\t\t#gallery-6 img {\n\t\t\t\t\tborder: 2px solid #cfcfcf;\n\t\t\t\t}\n\t\t\t\t#gallery-6 .gallery-caption {\n\t\t\t\t\tmargin-left: 0;\n\t\t\t\t}\n\t\t\t\t\/* see gallery_shortcode() in wp-includes\/media.php *\/\n\t\t\t<\/style>\n\t\t<div id='gallery-6' class='dt-gallery-container gallery galleryid-244166 gallery-columns-2 gallery-size-thumbnail'><dl class='gallery-item'>\n\t\t\t\t<dt class='gallery-icon portrait'>\n\t\t\t\t\t<a class=\"rollover rollover-zoom dt-pswp-item\" title=\"0\" data-dt-img-description=\"\" data-large_image_width=\"1677\" data-large_image_height=\"1812\"href='https:\/\/www.radiopiu.net\/wordpress\/wp-content\/uploads\/2021\/11\/0-2.png'><img loading=\"lazy\" decoding=\"async\" width=\"150\" height=\"150\" src=\"https:\/\/www.radiopiu.net\/wordpress\/wp-content\/uploads\/2021\/11\/0-2-150x150.png\" class=\"attachment-thumbnail size-thumbnail\" alt=\"\" \/><\/a>\n\t\t\t\t<\/dt><\/dl><dl class='gallery-item'>\n\t\t\t\t<dt class='gallery-icon landscape'>\n\t\t\t\t\t<a class=\"rollover rollover-zoom dt-pswp-item\" title=\"52850fd2-65f7-485e-b562-a4731be12672\" data-dt-img-description=\"\" data-large_image_width=\"1600\" data-large_image_height=\"901\"href='https:\/\/www.radiopiu.net\/wordpress\/wp-content\/uploads\/2021\/11\/52850fd2-65f7-485e-b562-a4731be12672.jpg'><img loading=\"lazy\" decoding=\"async\" width=\"150\" height=\"150\" src=\"https:\/\/www.radiopiu.net\/wordpress\/wp-content\/uploads\/2021\/11\/52850fd2-65f7-485e-b562-a4731be12672-150x150.jpg\" class=\"attachment-thumbnail size-thumbnail\" alt=\"\" \/><\/a>\n\t\t\t\t<\/dt><\/dl><br style=\"clear: both\" \/>\n\t\t\t<\/div>\n\n<p>&nbsp;<\/p>\n<p>&nbsp;<\/p>\n<p>&nbsp;<\/p>\n<p>&nbsp;<\/p>\n<hr \/>\n<p>&nbsp;<\/p>\n<h1><span style=\"color: #ff0000;\">IERI ALLA RADIO&#8230;\u00a0<\/span><\/h1>\n<h2><strong><a href=\"https:\/\/www.radiopiu.net\/wordpress\/giornale-radiopiu-13-febbraio-2020-direttore-mirko-mezzacasa\/download-725\/\" rel=\"attachment wp-att-117199\"><img loading=\"lazy\" decoding=\"async\" class=\"size-full wp-image-117199 alignleft\" src=\"https:\/\/www.radiopiu.net\/wordpress\/wp-content\/uploads\/2020\/02\/download-4.jpg\" alt=\"\" width=\"228\" height=\"221\" \/><\/a><span style=\"color: #0000ff;\">POCHI GIORNI AL VIA DELLA STAGIONE INVERNALE PER LO SCI CLUB VAL BIOIS<\/span><\/strong><\/h2>\n<p><strong>di Claudio Fontanive<\/strong><\/p>\n<p>Ospite: Matteo Cagnati, Presidente dello Sci Club Val Biois<\/p>\n<audio class=\"wp-audio-shortcode\" id=\"audio-244166-12\" preload=\"none\" style=\"width: 100%;\" controls=\"controls\"><source type=\"audio\/mpeg\" src=\"https:\/\/www.radiopiu.net\/wordpress\/wp-content\/uploads\/2021\/11\/matteo-cagnati-22-novembre.mp3?_=12\" \/><a href=\"https:\/\/www.radiopiu.net\/wordpress\/wp-content\/uploads\/2021\/11\/matteo-cagnati-22-novembre.mp3\">https:\/\/www.radiopiu.net\/wordpress\/wp-content\/uploads\/2021\/11\/matteo-cagnati-22-novembre.mp3<\/a><\/audio>\n<p>&nbsp;<\/p>\n<hr \/>\n<p>&nbsp;<\/p>\n<h2><span style=\"color: #ff00ff;\">007 IN CONDOTTA<\/span><\/h2>\n<h3>PUNTATA DEL 22 NOVEMBRE 2021<\/h3>\n<audio class=\"wp-audio-shortcode\" id=\"audio-244166-13\" preload=\"none\" style=\"width: 100%;\" controls=\"controls\"><source type=\"audio\/mpeg\" src=\"https:\/\/www.radiopiu.net\/wordpress\/wp-content\/uploads\/2021\/11\/007-22-novembre.mp3?_=13\" \/><a href=\"https:\/\/www.radiopiu.net\/wordpress\/wp-content\/uploads\/2021\/11\/007-22-novembre.mp3\">https:\/\/www.radiopiu.net\/wordpress\/wp-content\/uploads\/2021\/11\/007-22-novembre.mp3<\/a><\/audio>\n<p>&nbsp;<\/p>\n<p><strong>LA RACCOLTA<\/strong><\/p>\n<blockquote class=\"wp-embedded-content\" data-secret=\"eI8RAfMTJp\"><p><a href=\"https:\/\/www.radiopiu.net\/wordpress\/007incondotta-9\/\">007 in condotta<\/a><\/p><\/blockquote>\n<p><iframe loading=\"lazy\" class=\"wp-embedded-content\" sandbox=\"allow-scripts\" security=\"restricted\" style=\"position: absolute; clip: rect(1px, 1px, 1px, 1px);\" title=\"&#8220;007 in condotta&#8221; &#8212; Radio Pi\u00f9\" src=\"https:\/\/www.radiopiu.net\/wordpress\/007incondotta-9\/embed\/#?secret=eI8RAfMTJp\" data-secret=\"eI8RAfMTJp\" width=\"600\" height=\"338\" frameborder=\"0\" marginwidth=\"0\" marginheight=\"0\" scrolling=\"no\"><\/iframe><\/p>\n<p>&nbsp;<\/p>\n<hr \/>\n<p>&nbsp;<\/p>\n<h2><a href=\"https:\/\/www.radiopiu.net\/wordpress\/researching-bacteria\/\"><img loading=\"lazy\" decoding=\"async\" class=\"wp-image-244242 size-medium alignleft\" src=\"https:\/\/www.radiopiu.net\/wordpress\/wp-content\/uploads\/2021\/11\/cbdb0792-9384-a78a-b598-e48dde805205-300x200.jpg\" alt=\"\" width=\"300\" height=\"200\" srcset=\"https:\/\/www.radiopiu.net\/wordpress\/wp-content\/uploads\/2021\/11\/cbdb0792-9384-a78a-b598-e48dde805205-300x200.jpg 300w, https:\/\/www.radiopiu.net\/wordpress\/wp-content\/uploads\/2021\/11\/cbdb0792-9384-a78a-b598-e48dde805205-1024x683.jpg 1024w, https:\/\/www.radiopiu.net\/wordpress\/wp-content\/uploads\/2021\/11\/cbdb0792-9384-a78a-b598-e48dde805205-768x512.jpg 768w, https:\/\/www.radiopiu.net\/wordpress\/wp-content\/uploads\/2021\/11\/cbdb0792-9384-a78a-b598-e48dde805205.jpg 1200w\" sizes=\"auto, (max-width: 300px) 100vw, 300px\" \/><\/a><span style=\"color: #00ccff;\">SALUTE &amp; SOCIETA&#8217;<\/span><\/h2>\n<h3>PUNTATA DEL 22 NOVEMBRE 2021<\/h3>\n<p>Planetary Health: Per contrastare l\u2019antibiotico-resistenza serve un nuovo approccio e anche una diversa cultura nell\u2019utilizzo di questi importanti farmaci. Di questo si \u00e8 discusso a Roma al Forum \u201cPlanetary Health e AMR \u2013 Verso una nuova strategia per affrontare le sfide di salute globale\u201d<\/p>\n<p>Bandi Roche: Fondazione Roche premia con 400 mila euro 8 ricercatori italiani under 40<\/p>\n<audio class=\"wp-audio-shortcode\" id=\"audio-244166-14\" preload=\"none\" style=\"width: 100%;\" controls=\"controls\"><source type=\"audio\/mpeg\" src=\"https:\/\/www.radiopiu.net\/wordpress\/wp-content\/uploads\/2021\/11\/SALUTE-2.mp3?_=14\" \/><a href=\"https:\/\/www.radiopiu.net\/wordpress\/wp-content\/uploads\/2021\/11\/SALUTE-2.mp3\">https:\/\/www.radiopiu.net\/wordpress\/wp-content\/uploads\/2021\/11\/SALUTE-2.mp3<\/a><\/audio>\n<p>&nbsp;<\/p>\n<p><strong>LA RACCOLTA<\/strong><\/p>\n<blockquote class=\"wp-embedded-content\" data-secret=\"7RGFHkBh5M\"><p><a href=\"https:\/\/www.radiopiu.net\/wordpress\/saluteesocieta\/\">Salute e Societ\u00e0<\/a><\/p><\/blockquote>\n<p><iframe loading=\"lazy\" class=\"wp-embedded-content\" sandbox=\"allow-scripts\" security=\"restricted\" style=\"position: absolute; clip: rect(1px, 1px, 1px, 1px);\" title=\"&#8220;Salute e Societ\u00e0&#8221; &#8212; Radio Pi\u00f9\" src=\"https:\/\/www.radiopiu.net\/wordpress\/saluteesocieta\/embed\/#?secret=7RGFHkBh5M\" data-secret=\"7RGFHkBh5M\" width=\"600\" height=\"338\" frameborder=\"0\" marginwidth=\"0\" marginheight=\"0\" scrolling=\"no\"><\/iframe><\/p>\n<p>&nbsp;<\/p>\n<hr \/>\n<p>&nbsp;<\/p>\n<div>\n<div class=\"b654a4as d2edcug0\">\n<div class=\"rq0escxv hkbzh7o3 jwdofwj8 n8tt0mok r8blr3vg hyh9befq\">\n<p><a class=\"dt-pswp-item\" href=\"https:\/\/www.radiopiu.net\/wordpress\/wp-content\/uploads\/2020\/10\/pp.jpg\" data-dt-img-description=\"\" data-large_image_width=\"640\" data-large_image_height=\"640\"><img loading=\"lazy\" decoding=\"async\" class=\"wp-image-163678 alignleft\" src=\"https:\/\/www.radiopiu.net\/wordpress\/wp-content\/uploads\/2020\/10\/pp-300x300.jpg\" alt=\"\" width=\"106\" height=\"106\" srcset=\"https:\/\/www.radiopiu.net\/wordpress\/wp-content\/uploads\/2020\/10\/pp-300x300.jpg 300w, https:\/\/www.radiopiu.net\/wordpress\/wp-content\/uploads\/2020\/10\/pp-150x150.jpg 150w, https:\/\/www.radiopiu.net\/wordpress\/wp-content\/uploads\/2020\/10\/pp-125x125.jpg 125w, https:\/\/www.radiopiu.net\/wordpress\/wp-content\/uploads\/2020\/10\/pp-200x200.jpg 200w, https:\/\/www.radiopiu.net\/wordpress\/wp-content\/uploads\/2020\/10\/pp-80x80.jpg 80w, https:\/\/www.radiopiu.net\/wordpress\/wp-content\/uploads\/2020\/10\/pp-480x480.jpg 480w, https:\/\/www.radiopiu.net\/wordpress\/wp-content\/uploads\/2020\/10\/pp.jpg 640w\" sizes=\"auto, (max-width: 106px) 100vw, 106px\" \/><\/a><\/p>\n<\/div>\n<\/div>\n<\/div>\n<div>\n<div class=\"page-title-head hgroup\">\n<div class=\"page-title-head hgroup\">\n<div class=\"b654a4as d2edcug0\">\n<div class=\"j83agx80 btwxx1t3 lhclo0ds hop8lmos nkwizq5d scwd0bx6 roh60bw9\">\n<div class=\"rq0escxv hkbzh7o3 jwdofwj8 n8tt0mok r8blr3vg hyh9befq\">\n<div class=\"do00u71z l9j0dhe7 k4urcfbm\">\n<h2><span style=\"color: #000080;\">DON CESARE, IL PENSIERO DEL GIORNO. ALLA RADIO ALLE 7 DEL MATTINO E ALLE 19.30 DELLA SERA.\u00a0\u00a0<\/span><\/h2>\n<p>&nbsp;<\/p>\n<audio class=\"wp-audio-shortcode\" id=\"audio-244166-15\" preload=\"none\" style=\"width: 100%;\" controls=\"controls\"><source type=\"audio\/mpeg\" src=\"https:\/\/www.radiopiu.net\/wordpress\/wp-content\/uploads\/2021\/11\/CESARE-5.mp3?_=15\" \/><a href=\"https:\/\/www.radiopiu.net\/wordpress\/wp-content\/uploads\/2021\/11\/CESARE-5.mp3\">https:\/\/www.radiopiu.net\/wordpress\/wp-content\/uploads\/2021\/11\/CESARE-5.mp3<\/a><\/audio>\n<p>&nbsp;<\/p>\n<p>&nbsp;<\/p>\n<p>&nbsp;<\/p>\n<hr \/>\n<p>&nbsp;<\/p>\n<blockquote>\n<h3>AMBIZIOSO PROGETTO DI UN CAMMINO ESTIVO IN TERRA SANTA PER I GIOVANI DELLA DIOCESI<\/h3>\n<\/blockquote>\n<p>&nbsp;<\/p>\n<p><strong>di\u00a0 RENATO BONA<\/strong><\/p>\n<p>A livello diocesano per la prima volta &#8211; come giustamente evidenzia il sito \u201cchiesabellunofeltre\u201d &#8211; la \u201cGiornata mondiale della Giovent\u00f9\u201d \u00e8 stata celebrata domenica 21 novembre, nella ricorrenza della solennit\u00e0 di Cristo Re dell\u2019universo. La celebrazione eucaristica \u00e8 stata presieduta dal vescovo di Belluno-Feltre monsignor Renato Marangoni, presenti fra gli altri fedeli alcuni giovani, nella Certosa di Vedana ed \u00e8 stata \u201cmotivo di preghiera per tutta la diocesi, attraverso apposite intenzioni inviate ai parroci e destinate alle celebrazioni domenicali \u201c. Eccole, le proposte di preghiera in vista della 36. Giornata mondiale della Giovent\u00f9 e per \u201cunirci alla Chiesa italiana orientata nel cammino sinodale, in questa giornata di speciale preghiera per i giovani\u201d: \u201cPer la Chiesa: aiutala, Signore, a porsi in atteggiamento di ascolto, soprattutto dei piccoli che cercano il tuo Regno; sostienila nello sforzo di cercare, attraverso i giovani, strade nuove che guardano con speranza al futuro. Preghiamo. Per le nostre comunit\u00e0 che soffrono la mancanza di tanti giovani che si sono allontanati: perch\u00e9 si sentano interpellate a vivere una pi\u00f9 profonda chiamata alla vita evangelica, testimoniando il volto di un Dio buono che sempre accoglie e rispetta i tempi di ciascuno. Preghiamo. Per tutti i giovani: riconoscano in Te, Ges\u00f9, l\u2019esempio di una vita vissuta nell\u2019amore e nel servizio dei fratelli; riconoscano in Te la verit\u00e0 che rende liberi e fa vivere in pienezza. Preghiamo. Per i giovani che vivono momenti di incertezza, che si scontrano davanti a una prova della vita o che devono porsi davanti ad una scelta: dona loro il tuo Spirito di verit\u00e0 che illumina il cammino e aiutali a trovare sulla loro strada persone che testimoniano la bellezza della fiducia in Te. Preghiamo\u201d. L\u2019occasione &#8211; si pu\u00f2 leggere ancora nel sito diocesano &#8211; era considerata propizia per dare la possibilit\u00e0 di lanciare un semplice sussidio con le proposte annuali: in questo contesto particolare che stiamo attraversando lo slogan \u00e8 quello di puntare in alto, attraverso iniziative che intercettino varie necessit\u00e0 dei giovani (servizio, preghiera, confronto), incamminati nella speranza, come a dire &#8211; secondo l\u2019evocativa espressione biblica &#8211; verso \u201cuna Terra promessa!\u201d. E proprio a quella terra puntiamo, con l\u2019ambizioso progetto di un cammino estivo in Terra santa, da compiere, se sar\u00e0 possibile, come coronamento di un esodo fatto di tanta essenzialit\u00e0\u2026 Come dire che \u201cAnimati dalla voglia di alzarsi e diventare testimoni giovani di speranza, anche quest\u2019anno riprendiamo il cammino!\u201d Per informazioni: don Roberto De Nardin 349-7253880, sorella Elisa Busatto 334-1961560, Michele Giacomet 340-3234038. Naturalmente, vi sono altre prossime attivit\u00e0 che troveranno forma in seguito: Incontro di dialogo interconfessionale per giovani, organizzato con la locale Comunit\u00e0 Evangelica di Belluno, prevista per gioved\u00ec 20 gennaio, nel contesto della \u201cSettimana di preghiera per l\u2019unit\u00e0 dei Cristiani\u201d; Veglia per la Pace, organizzata insieme all\u2019Azione Cattolica Giovani, nella serata di sabato 29 gennaio a Belluno; Veglia di preghiera per le vocazioni, in preparazione alla IV domenica di Pasqua, il 13 maggio. Nel frattempo \u00e8 ripreso sempre per i giovani, l\u2019 \u201cItinerario Kair\u00f2s\u201d all\u2019insegna della condivisione\u2026 in presenza cos\u00ec illustrato dal sito: \u201cPassi intorno a una rosa di parole su drappi colorati; tessere di mosaico con cui comporre il cammino della vita. Sono solo parti di un\u2019immagine ma descrivono bene il significato di una proposta a cui tanti \u2013 davvero \u2013 potrebbe dire che fa per loro. Ancora una volta dunque, in un periodo come questo in cui con una certa fatica riprendiamo le nostre attivit\u00e0, arricchiti per\u00f2 da ci\u00f2 che abbiamo imparato, vogliamo mantenere ferma la consapevolezza che anche questo \u00e8 un tempo opportuno, un vero \u201ckair\u00f2s\u201d in cui \u00e8 possibile compiere un percorso che tocchi la vita concreta, apra ad un confronto, affronti tante domande e che orienti un po\u2019 di pi\u00f9 la nostra vita. La vita di ogni giovane\u201d. Dunque per chi abbia dai 18 ai 30 anni e desideri, insieme ad altri giovani, darsi un tempo per cercare il senso delle esperienze che vive e fare delle scelte concrete per la felicit\u00e0, camminando sulle orme di Ges\u00f9, Kair\u00f2s \u00e8 l\u2019occasione propizia. Dopo quelli sui temi: \u201cPer chi sono io? La preghiera come luogo di ricerca\u201d e: \u201cQuestione di inizi: la scoperta della chiamata battesimale\u201d, ecco le date dei prossimi appuntamenti: 18 dicembre: \u201cL\u2019amore e la famiglia\u201d; 15 gennaio: \u201cIl dono di s\u00e9 a Dio e agli altri\u201d; il 19 febbraio: \u201cDammi un cuore che ascolta\u201d; dall\u201911 al 13 marzo: esercizi spirituali per giovani; 6 maggio: Veglia vocazionale diocesana; conclusione l\u201911 giugno sul tema: \u201cDecidersi!\u201d.<\/p>\n\n\t\t\t<style type='text\/css'>\n\t\t\t\t#gallery-7 {\n\t\t\t\t\tmargin: auto;\n\t\t\t\t}\n\t\t\t\t#gallery-7 .gallery-item {\n\t\t\t\t\tfloat: left;\n\t\t\t\t\tmargin-top: 10px;\n\t\t\t\t\ttext-align: center;\n\t\t\t\t\twidth: 25%;\n\t\t\t\t}\n\t\t\t\t#gallery-7 img {\n\t\t\t\t\tborder: 2px solid #cfcfcf;\n\t\t\t\t}\n\t\t\t\t#gallery-7 .gallery-caption {\n\t\t\t\t\tmargin-left: 0;\n\t\t\t\t}\n\t\t\t\t\/* see gallery_shortcode() in wp-includes\/media.php *\/\n\t\t\t<\/style>\n\t\t<div id='gallery-7' class='dt-gallery-container gallery galleryid-244166 gallery-columns-4 gallery-size-thumbnail'><dl class='gallery-item'>\n\t\t\t\t<dt class='gallery-icon landscape'>\n\t\t\t\t\t<a class=\"rollover rollover-zoom dt-pswp-item\" title=\"258697240_291415412883880_6762892762043360309_n\" data-dt-img-description=\"\" data-large_image_width=\"294\" data-large_image_height=\"172\"href='https:\/\/www.radiopiu.net\/wordpress\/wp-content\/uploads\/2021\/11\/258697240_291415412883880_6762892762043360309_n.jpg'><img loading=\"lazy\" decoding=\"async\" width=\"150\" height=\"150\" src=\"https:\/\/www.radiopiu.net\/wordpress\/wp-content\/uploads\/2021\/11\/258697240_291415412883880_6762892762043360309_n-150x150.jpg\" class=\"attachment-thumbnail size-thumbnail\" alt=\"\" \/><\/a>\n\t\t\t\t<\/dt><\/dl><dl class='gallery-item'>\n\t\t\t\t<dt class='gallery-icon portrait'>\n\t\t\t\t\t<a class=\"rollover rollover-zoom dt-pswp-item\" title=\"259720179_583660689393458_1606964393882422171_n\" data-dt-img-description=\"\" data-large_image_width=\"190\" data-large_image_height=\"206\"href='https:\/\/www.radiopiu.net\/wordpress\/wp-content\/uploads\/2021\/11\/259720179_583660689393458_1606964393882422171_n.png'><img loading=\"lazy\" decoding=\"async\" width=\"150\" height=\"150\" src=\"https:\/\/www.radiopiu.net\/wordpress\/wp-content\/uploads\/2021\/11\/259720179_583660689393458_1606964393882422171_n-150x150.png\" class=\"attachment-thumbnail size-thumbnail\" alt=\"\" \/><\/a>\n\t\t\t\t<\/dt><\/dl><dl class='gallery-item'>\n\t\t\t\t<dt class='gallery-icon portrait'>\n\t\t\t\t\t<a class=\"rollover rollover-zoom dt-pswp-item\" title=\"259132977_552202446207392_2823745734782452809_n\" data-dt-img-description=\"\" data-large_image_width=\"157\" data-large_image_height=\"225\"href='https:\/\/www.radiopiu.net\/wordpress\/wp-content\/uploads\/2021\/11\/259132977_552202446207392_2823745734782452809_n.jpg'><img loading=\"lazy\" decoding=\"async\" width=\"150\" height=\"150\" src=\"https:\/\/www.radiopiu.net\/wordpress\/wp-content\/uploads\/2021\/11\/259132977_552202446207392_2823745734782452809_n-150x150.jpg\" class=\"attachment-thumbnail size-thumbnail\" alt=\"\" \/><\/a>\n\t\t\t\t<\/dt><\/dl><dl class='gallery-item'>\n\t\t\t\t<dt class='gallery-icon landscape'>\n\t\t\t\t\t<a class=\"rollover rollover-zoom dt-pswp-item\" title=\"259283564_319586623039126_4520013256495514647_n\" data-dt-img-description=\"\" data-large_image_width=\"280\" data-large_image_height=\"202\"href='https:\/\/www.radiopiu.net\/wordpress\/wp-content\/uploads\/2021\/11\/259283564_319586623039126_4520013256495514647_n.png'><img loading=\"lazy\" decoding=\"async\" width=\"150\" height=\"150\" src=\"https:\/\/www.radiopiu.net\/wordpress\/wp-content\/uploads\/2021\/11\/259283564_319586623039126_4520013256495514647_n-150x150.png\" class=\"attachment-thumbnail size-thumbnail\" alt=\"\" \/><\/a>\n\t\t\t\t<\/dt><\/dl><br style=\"clear: both\" \/><dl class='gallery-item'>\n\t\t\t\t<dt class='gallery-icon landscape'>\n\t\t\t\t\t<a class=\"rollover rollover-zoom dt-pswp-item\" title=\"259461820_221551216723970_5721637023709733437_n\" data-dt-img-description=\"\" data-large_image_width=\"384\" data-large_image_height=\"206\"href='https:\/\/www.radiopiu.net\/wordpress\/wp-content\/uploads\/2021\/11\/259461820_221551216723970_5721637023709733437_n.jpg'><img loading=\"lazy\" decoding=\"async\" width=\"150\" height=\"150\" src=\"https:\/\/www.radiopiu.net\/wordpress\/wp-content\/uploads\/2021\/11\/259461820_221551216723970_5721637023709733437_n-150x150.jpg\" class=\"attachment-thumbnail size-thumbnail\" alt=\"\" \/><\/a>\n\t\t\t\t<\/dt><\/dl><dl class='gallery-item'>\n\t\t\t\t<dt class='gallery-icon landscape'>\n\t\t\t\t\t<a class=\"rollover rollover-zoom dt-pswp-item\" title=\"259347075_208508964768855_4043602600690107674_n\" data-dt-img-description=\"\" data-large_image_width=\"320\" data-large_image_height=\"202\"href='https:\/\/www.radiopiu.net\/wordpress\/wp-content\/uploads\/2021\/11\/259347075_208508964768855_4043602600690107674_n.jpg'><img loading=\"lazy\" decoding=\"async\" width=\"150\" height=\"150\" src=\"https:\/\/www.radiopiu.net\/wordpress\/wp-content\/uploads\/2021\/11\/259347075_208508964768855_4043602600690107674_n-150x150.jpg\" class=\"attachment-thumbnail size-thumbnail\" alt=\"\" \/><\/a>\n\t\t\t\t<\/dt><\/dl><dl class='gallery-item'>\n\t\t\t\t<dt class='gallery-icon landscape'>\n\t\t\t\t\t<a class=\"rollover rollover-zoom dt-pswp-item\" title=\"259515642_2053040648204284_8606385244687224208_n\" data-dt-img-description=\"\" data-large_image_width=\"370\" data-large_image_height=\"203\"href='https:\/\/www.radiopiu.net\/wordpress\/wp-content\/uploads\/2021\/11\/259515642_2053040648204284_8606385244687224208_n.jpg'><img loading=\"lazy\" decoding=\"async\" width=\"150\" height=\"150\" src=\"https:\/\/www.radiopiu.net\/wordpress\/wp-content\/uploads\/2021\/11\/259515642_2053040648204284_8606385244687224208_n-150x150.jpg\" class=\"attachment-thumbnail size-thumbnail\" alt=\"\" \/><\/a>\n\t\t\t\t<\/dt><\/dl><dl class='gallery-item'>\n\t\t\t\t<dt class='gallery-icon portrait'>\n\t\t\t\t\t<a class=\"rollover rollover-zoom dt-pswp-item\" title=\"260046268_429956282044887_8952349318916042434_n\" data-dt-img-description=\"\" data-large_image_width=\"156\" data-large_image_height=\"206\"href='https:\/\/www.radiopiu.net\/wordpress\/wp-content\/uploads\/2021\/11\/260046268_429956282044887_8952349318916042434_n.png'><img loading=\"lazy\" decoding=\"async\" width=\"150\" height=\"150\" src=\"https:\/\/www.radiopiu.net\/wordpress\/wp-content\/uploads\/2021\/11\/260046268_429956282044887_8952349318916042434_n-150x150.png\" class=\"attachment-thumbnail size-thumbnail\" alt=\"\" \/><\/a>\n\t\t\t\t<\/dt><\/dl><br style=\"clear: both\" \/>\n\t\t\t<\/div>\n\n<p>NELLE FOTO (riproduzioni dal sito diocesano \u201cchiesabellunofeltre\u201d e Google): cartina e panoramica della Terra Santa, possibile meta di un \u201cCammino estivo\u201d per i giovani della Diocesi di Belluno-Feltre; la locandina con l\u2019annuncio delle iniziative rivolte ai giovani; il vescovo monsignor Renato Marangoni che ha presieduto la celebrazione nella Certosa di Vedana per la \u201cGiornata mondiale della Giovent\u00f9\u201d; interno della Certosa in occasione di un\u2019apertura straordinaria ai visitatori; sono riprese le iniziative di \u201cKair\u00f2s\u201d.<\/p>\n<p>&nbsp;<\/p>\n<p>&nbsp;<\/p>\n<hr \/>\n<p>&nbsp;<\/p>\n<blockquote>\n<h3>IN VIVO VERSO, SETTIMA STAGIONE CON BRUNELLA MORO, DAL LUNEDI AL VENERDI ALLE 7.10, 10.10 E 18.50<\/h3>\n<\/blockquote>\n<h2><strong>VITA di GISELLA CANZIAN<\/strong><\/h2>\n<p><strong>AUDIO<\/strong><\/p>\n<audio class=\"wp-audio-shortcode\" id=\"audio-244166-16\" preload=\"none\" style=\"width: 100%;\" controls=\"controls\"><source type=\"audio\/mpeg\" src=\"https:\/\/www.radiopiu.net\/wordpress\/wp-content\/uploads\/2021\/11\/01-VITA-DI-GISELLA-CANZIAN.mp3?_=16\" \/><a href=\"https:\/\/www.radiopiu.net\/wordpress\/wp-content\/uploads\/2021\/11\/01-VITA-DI-GISELLA-CANZIAN.mp3\">https:\/\/www.radiopiu.net\/wordpress\/wp-content\/uploads\/2021\/11\/01-VITA-DI-GISELLA-CANZIAN.mp3<\/a><\/audio>\n<p>&nbsp;<\/p>\n<p>&nbsp;<\/p>\n<p><span style=\"color: #050505;\"><span style=\"font-family: Verdana, sans-serif;\"><span style=\"font-size: x-large;\"><a href=\"https:\/\/www.radiopiu.net\/wordpress\/vita-di-gisella-canzian\/gisella-canzian-foto-4\/\" rel=\"attachment wp-att-244273\"><img loading=\"lazy\" decoding=\"async\" class=\"wp-image-244273 alignleft\" src=\"https:\/\/www.radiopiu.net\/wordpress\/wp-content\/uploads\/2021\/11\/gisella-canzian-foto-300x263.jpg\" alt=\"\" width=\"170\" height=\"149\" srcset=\"https:\/\/www.radiopiu.net\/wordpress\/wp-content\/uploads\/2021\/11\/gisella-canzian-foto-300x263.jpg 300w, https:\/\/www.radiopiu.net\/wordpress\/wp-content\/uploads\/2021\/11\/gisella-canzian-foto-1024x896.jpg 1024w, https:\/\/www.radiopiu.net\/wordpress\/wp-content\/uploads\/2021\/11\/gisella-canzian-foto-768x672.jpg 768w, https:\/\/www.radiopiu.net\/wordpress\/wp-content\/uploads\/2021\/11\/gisella-canzian-foto-1536x1344.jpg 1536w, https:\/\/www.radiopiu.net\/wordpress\/wp-content\/uploads\/2021\/11\/gisella-canzian-foto.jpg 2048w\" sizes=\"auto, (max-width: 170px) 100vw, 170px\" \/><\/a>So poco della vita<\/span><\/span><\/span><\/p>\n<p><span style=\"color: #050505;\"><span style=\"font-family: Verdana, sans-serif;\"><span style=\"font-size: x-large;\">di occhi, di mani, di odori.<\/span><\/span><\/span><\/p>\n<p><span style=\"color: #050505;\"><span style=\"font-family: Verdana, sans-serif;\"><span style=\"font-size: x-large;\">Capita che lei <\/span><\/span><\/span><\/p>\n<p><span style=\"color: #050505;\"><span style=\"font-family: Verdana, sans-serif;\"><span style=\"font-size: x-large;\">sappia di me<\/span><\/span><\/span><\/p>\n<p><span style=\"color: #050505;\"><span style=\"font-family: Verdana, sans-serif;\"><span style=\"font-size: x-large;\">qualche volta.<\/span><\/span><\/span><\/p>\n<p><span style=\"color: #050505;\"><span style=\"font-family: Verdana, sans-serif;\"><span style=\"font-size: x-large;\">Troppo poco<\/span><\/span><\/span><\/p>\n<p><span style=\"color: #050505;\"><span style=\"font-family: Verdana, sans-serif;\"><span style=\"font-size: x-large;\">ma basta.<\/span><\/span><\/span><\/p>\n<p>&nbsp;<\/p>\n<p><strong>LA RACCOLTA COMPLETA\u00a0 \u00a0<\/strong><\/p>\n<blockquote class=\"wp-embedded-content\" data-secret=\"EV2PgHVu83\"><p><a href=\"https:\/\/www.radiopiu.net\/wordpress\/in-vivo-verso\/\">In Vivo Verso<\/a><\/p><\/blockquote>\n<p><iframe loading=\"lazy\" class=\"wp-embedded-content\" sandbox=\"allow-scripts\" security=\"restricted\" style=\"position: absolute; clip: rect(1px, 1px, 1px, 1px);\" title=\"&#8220;In Vivo Verso&#8221; &#8212; Radio Pi\u00f9\" src=\"https:\/\/www.radiopiu.net\/wordpress\/in-vivo-verso\/embed\/#?secret=EV2PgHVu83\" data-secret=\"EV2PgHVu83\" width=\"600\" height=\"338\" frameborder=\"0\" marginwidth=\"0\" marginheight=\"0\" scrolling=\"no\"><\/iframe><\/p>\n<p>&nbsp;<\/p>\n<p>&nbsp;<\/p>\n<hr \/>\n<p>&nbsp;<\/p>\n<div>\n<div class=\"page-title-head hgroup\">\n<div class=\"page-title-head hgroup\">\n<div class=\"b654a4as d2edcug0\">\n<div class=\"j83agx80 btwxx1t3 lhclo0ds hop8lmos nkwizq5d scwd0bx6 roh60bw9\">\n<div class=\"rq0escxv hkbzh7o3 jwdofwj8 n8tt0mok r8blr3vg hyh9befq\">\n<div class=\"do00u71z l9j0dhe7 k4urcfbm\">\n<div class=\"ecm0bbzt e5nlhep0 a8c37x1j\">\n<div class=\"kvgmc6g5 cxmmr5t8 oygrvhab hcukyx3x c1et5uql\">\n<div class=\"gmail-kvgmc6g5 gmail-cxmmr5t8 gmail-oygrvhab gmail-hcukyx3x gmail-c1et5uql gmail-ii04i59q\">\n<div class=\"page-title-head hgroup\">\n<div class=\"page-title-head hgroup\">\n<div class=\"b654a4as d2edcug0\">\n<div class=\"j83agx80 btwxx1t3 lhclo0ds hop8lmos nkwizq5d scwd0bx6 roh60bw9\">\n<div class=\"rq0escxv hkbzh7o3 jwdofwj8 n8tt0mok r8blr3vg hyh9befq\">\n<div class=\"do00u71z l9j0dhe7 k4urcfbm\">\n<blockquote class=\"wp-embedded-content\" data-secret=\"IfppY6Rx91\"><p><a href=\"https:\/\/www.radiopiu.net\/wordpress\/connessi-2\/\">Connessi<\/a><\/p><\/blockquote>\n<p><iframe loading=\"lazy\" class=\"wp-embedded-content\" sandbox=\"allow-scripts\" security=\"restricted\" style=\"position: absolute; clip: rect(1px, 1px, 1px, 1px);\" title=\"&#8220;Connessi&#8221; &#8212; Radio Pi\u00f9\" src=\"https:\/\/www.radiopiu.net\/wordpress\/connessi-2\/embed\/#?secret=IfppY6Rx91\" data-secret=\"IfppY6Rx91\" width=\"600\" height=\"338\" frameborder=\"0\" marginwidth=\"0\" marginheight=\"0\" scrolling=\"no\"><\/iframe><\/p>\n<p>&nbsp;<\/p>\n<p>&nbsp;<\/p>\n<p>&nbsp;<\/p>\n<hr \/>\n<p>&nbsp;<\/p>\n<p><span style=\"color: #0000ff;\">MUSICA PIU&#8217;\u00a0<\/span><\/p>\n<p><a href=\"https:\/\/www.radiopiu.net\/wordpress\/giornale-radiopiu-20-settembre-2021-direttore-mirko-mezzacasa\/pp-79\/\" rel=\"attachment wp-att-232921\"><img loading=\"lazy\" decoding=\"async\" class=\"wp-image-232921 alignleft\" src=\"https:\/\/www.radiopiu.net\/wordpress\/wp-content\/uploads\/2021\/09\/pp-1-300x300.jpg\" alt=\"\" width=\"135\" height=\"135\" srcset=\"https:\/\/www.radiopiu.net\/wordpress\/wp-content\/uploads\/2021\/09\/pp-1-300x300.jpg 300w, https:\/\/www.radiopiu.net\/wordpress\/wp-content\/uploads\/2021\/09\/pp-1-150x150.jpg 150w, https:\/\/www.radiopiu.net\/wordpress\/wp-content\/uploads\/2021\/09\/pp-1.jpg 640w\" sizes=\"auto, (max-width: 135px) 100vw, 135px\" \/><\/a><\/p>\n<div class=\"mkdf-post-text\">\n<div class=\"mkdf-post-text-inner\">\n<div class=\"mkdf-post-text-main\">\n<div class=\"mkdf-post-text\">\n<div class=\"mkdf-post-text-inner\">\n<div class=\"mkdf-post-text-main\">\n<div class=\"mkdf-post-text\">\n<div class=\"mkdf-post-text-inner\">\n<div class=\"mkdf-post-text-main\">\n<div class=\"page-title-head hgroup\">\n<div class=\"page-title-head hgroup\">\n<div class=\"mkdf-post-text\">\n<div class=\"mkdf-post-text-inner\">\n<div class=\"mkdf-post-text-main\">\n<div class=\"mkdf-post-text\">\n<div class=\"mkdf-post-text-inner\">\n<div class=\"mkdf-post-text-main\">\n<div class=\"page-title-head hgroup\">\n<div class=\"page-title-head hgroup\">\n<div class=\"page-title-head hgroup\">\n<div class=\"page-title-head hgroup\">\n<div class=\"b654a4as d2edcug0\">\n<div class=\"page-title-head hgroup\">\n<div class=\"page-title-head hgroup\">\n<div class=\"page-title-head hgroup\">\n<div class=\"page-title-head hgroup\">\n<div class=\"b654a4as d2edcug0\">\n<div class=\"page-title-head hgroup\">\n<div class=\"page-title-head hgroup\">\n<div class=\"page-title-head hgroup\">\n<div class=\"page-title-head hgroup\">\n<div class=\"b654a4as d2edcug0\">\n<div class=\"mkdf-post-text\">\n<div class=\"mkdf-post-text-inner\">\n<div class=\"mkdf-post-text-main\">\n<div class=\"mkdf-post-text\">\n<div class=\"mkdf-post-text-inner\">\n<div class=\"mkdf-post-text-main\">\n<div class=\"mkdf-post-text\">\n<div class=\"mkdf-post-text-inner\">\n<div class=\"mkdf-post-text-main\">\n<div class=\"page-title-head hgroup\">\n<div class=\"page-title-head hgroup\">\n<div class=\"mkdf-post-text\">\n<div class=\"mkdf-post-text-inner\">\n<div class=\"mkdf-post-text-main\">\n<div class=\"mkdf-post-text\">\n<div class=\"mkdf-post-text-inner\">\n<div class=\"mkdf-post-text-main\">\n<div class=\"page-title-head hgroup\">\n<div class=\"page-title-head hgroup\">\n<div class=\"page-title-head hgroup\">\n<div class=\"page-title-head hgroup\">\n<div class=\"b654a4as d2edcug0\">\n<div class=\"page-title-head hgroup\">\n<div class=\"page-title-head hgroup\">\n<div class=\"page-title-head hgroup\">\n<div class=\"page-title-head hgroup\">\n<div class=\"b654a4as d2edcug0\">\n<div class=\"page-title-head hgroup\">\n<div class=\"page-title-head hgroup\">\n<div class=\"page-title-head hgroup\">\n<div class=\"page-title-head hgroup\">\n<div class=\"b654a4as d2edcug0\">\n<div><\/div>\n<div><\/div>\n<div>\n<p><strong>MUSICA ALLA RADIO, IL PROGRAMMA DI LORIS SCUSSEL &#8220;COLLAGE OPERAZIONE NOSTALGIA&#8221; DAL LUNEDI AL VENERDI ALLE 16.00\u00a0 E ALLE 23\u00a0<\/strong><\/p>\n<\/div>\n<p>&nbsp;<\/p>\n<p>&nbsp;<\/p>\n<p><strong>LA PUNTATA DI IERI\u00a0 N 481<\/strong><\/p>\n<audio class=\"wp-audio-shortcode\" id=\"audio-244166-17\" preload=\"none\" style=\"width: 100%;\" controls=\"controls\"><source type=\"audio\/mpeg\" src=\"https:\/\/www.radiopiu.net\/wordpress\/wp-content\/uploads\/2021\/11\/Collage-481.mp3?_=17\" \/><a href=\"https:\/\/www.radiopiu.net\/wordpress\/wp-content\/uploads\/2021\/11\/Collage-481.mp3\">https:\/\/www.radiopiu.net\/wordpress\/wp-content\/uploads\/2021\/11\/Collage-481.mp3<\/a><\/audio>\n<p>&nbsp;<\/p>\n<p>&nbsp;<\/p>\n<p>&nbsp;<\/p>\n<\/div>\n<\/div>\n<\/div>\n<\/div>\n<\/div>\n<\/div>\n<\/div>\n<\/div>\n<\/div>\n<\/div>\n<\/div>\n<\/div>\n<\/div>\n<\/div>\n<\/div>\n<\/div>\n<\/div>\n<\/div>\n<\/div>\n<\/div>\n<\/div>\n<\/div>\n<\/div>\n<\/div>\n<\/div>\n<\/div>\n<\/div>\n<\/div>\n<\/div>\n<\/div>\n<\/div>\n<\/div>\n<\/div>\n<\/div>\n<\/div>\n<\/div>\n<\/div>\n<\/div>\n<\/div>\n<\/div>\n<\/div>\n<\/div>\n<\/div>\n<\/div>\n<\/div>\n<\/div>\n<\/div>\n<\/div>\n<\/div>\n<\/div>\n<\/div>\n<\/div>\n<\/div>\n<\/div>\n<\/div>\n<\/div>\n<\/div>\n<\/div>\n<\/div>\n<\/div>\n<\/div>\n<\/div>\n<\/div>\n<\/div>\n<blockquote class=\"wp-embedded-content\" data-secret=\"FCo7nY2hUz\"><p><a href=\"https:\/\/www.radiopiu.net\/wordpress\/freemix-la-liberta-musicale-mixata-da-dj-athos-e-raccontata-da-dj-jack\/\">FREEMIX, LA LIBERTA&#8217; MUSICALE MIXATA DA DJ ATHOS E RACCONTATA DA DJ JACK<\/a><\/p><\/blockquote>\n<p><iframe loading=\"lazy\" class=\"wp-embedded-content\" sandbox=\"allow-scripts\" security=\"restricted\" style=\"position: absolute; clip: rect(1px, 1px, 1px, 1px);\" title=\"&#8220;FREEMIX, LA LIBERTA&#8217; MUSICALE MIXATA DA DJ ATHOS E RACCONTATA DA DJ JACK&#8221; &#8212; Radio Pi\u00f9\" src=\"https:\/\/www.radiopiu.net\/wordpress\/freemix-la-liberta-musicale-mixata-da-dj-athos-e-raccontata-da-dj-jack\/embed\/#?secret=FCo7nY2hUz\" data-secret=\"FCo7nY2hUz\" width=\"600\" height=\"338\" frameborder=\"0\" marginwidth=\"0\" marginheight=\"0\" scrolling=\"no\"><\/iframe><\/p>\n<p>&nbsp;<\/p>\n<p>&nbsp;<\/p>\n<blockquote class=\"wp-embedded-content\" data-secret=\"r7dpSMBur0\"><p><a href=\"https:\/\/www.radiopiu.net\/wordpress\/da-ieri-alla-radio-in-palinsesto-loris-e-maurizio-con-la-grande-musica\/\">IL BLUES ALLA RADIO &#8230; COME NON L&#8217;AVETE MAI SENTITO PRIMA<\/a><\/p><\/blockquote>\n<p><iframe loading=\"lazy\" class=\"wp-embedded-content\" sandbox=\"allow-scripts\" security=\"restricted\" style=\"position: absolute; clip: rect(1px, 1px, 1px, 1px);\" title=\"&#8220;IL BLUES ALLA RADIO &#8230; COME NON L&#8217;AVETE MAI SENTITO PRIMA&#8221; &#8212; Radio Pi\u00f9\" src=\"https:\/\/www.radiopiu.net\/wordpress\/da-ieri-alla-radio-in-palinsesto-loris-e-maurizio-con-la-grande-musica\/embed\/#?secret=r7dpSMBur0\" data-secret=\"r7dpSMBur0\" width=\"600\" height=\"338\" frameborder=\"0\" marginwidth=\"0\" marginheight=\"0\" scrolling=\"no\"><\/iframe><\/p>\n<p>&nbsp;<\/p>\n<p>&nbsp;<\/p>\n<hr \/>\n<p>&nbsp;<\/p>\n<blockquote>\n<h3><span style=\"color: #0000ff;\">INFORMAZIONE il canale su TELEGRAM informazione di prima mano e in tempo reale. iscriviti ed aiutaci a farlo conoscere\u00a0\u00a0<\/span><\/h3>\n<\/blockquote>\n<div>\n<div class=\"page-title-head hgroup\">\n<div class=\"page-title-head hgroup\">\n<div class=\"page-title-head hgroup\">\n<div class=\"page-title-head hgroup\">\n<div class=\"b654a4as d2edcug0\">\n<div class=\"page-title-head hgroup\">\n<div class=\"page-title-head hgroup\">\n<div class=\"page-title-head hgroup\">\n<div class=\"page-title-head hgroup\">\n<div class=\"b654a4as d2edcug0\">\n<div class=\"page-title-head hgroup\">\n<div class=\"page-title-head hgroup\">\n<div class=\"page-title-head hgroup\">\n<div class=\"page-title-head hgroup\">\n<div class=\"page-title-head hgroup\">\n<div class=\"page-title-head hgroup\">\n<div class=\"page-title-head hgroup\">\n<div class=\"page-title-head hgroup\">\n<div class=\"page-title-head hgroup\">\n<div class=\"b654a4as d2edcug0\">\n<div class=\"page-title-head hgroup\">\n<div class=\"page-title-head hgroup\">\n<div class=\"page-title-head hgroup\">\n<div class=\"page-title-head hgroup\">\n<div class=\"b654a4as d2edcug0\">\n<div>\n<p>&nbsp;<\/p>\n<\/div>\n<div>\n<div class=\"page-title-head hgroup\">\n<div class=\"page-title-head hgroup\">\n<div class=\"page-title-head hgroup\">\n<div class=\"page-title-head hgroup\">\n<div class=\"page-title-head hgroup\">\n<div class=\"b654a4as d2edcug0\">\n<div>\n<hr \/>\n<\/div>\n<\/div>\n<div>\n<div>\n<p>&nbsp;<\/p>\n<\/div>\n<div>\n<div>\n<p>&nbsp;<\/p>\n<\/div>\n<div>\n<div>\n<p><strong>DUE MINUTI UN LIBRO, TUTTI I GIORNI ALLA RADIO ALLE 9.40 E ALLE 17.50<\/strong><\/p>\n<div>\n<div>\n<p><strong>LA RACCOLTA COMPLETA\u00a0\u00a0<\/strong><\/p>\n<\/div>\n<div>\n<blockquote class=\"wp-embedded-content\" data-secret=\"g5wIlgzSJV\"><p><a href=\"https:\/\/www.radiopiu.net\/wordpress\/due-minuti-un-libro\/\">Due minuti un libro<\/a><\/p><\/blockquote>\n<p><iframe loading=\"lazy\" class=\"wp-embedded-content\" sandbox=\"allow-scripts\" security=\"restricted\" style=\"position: absolute; clip: rect(1px, 1px, 1px, 1px);\" title=\"&#8220;Due minuti un libro&#8221; &#8212; Radio Pi\u00f9\" src=\"https:\/\/www.radiopiu.net\/wordpress\/due-minuti-un-libro\/embed\/#?secret=g5wIlgzSJV\" data-secret=\"g5wIlgzSJV\" width=\"600\" height=\"338\" frameborder=\"0\" marginwidth=\"0\" marginheight=\"0\" scrolling=\"no\"><\/iframe><\/p>\n<p>&nbsp;<\/p>\n<\/div>\n<\/div>\n<\/div>\n<div class=\"mkdf-post-text\">\n<div class=\"mkdf-post-text-inner\">\n<div class=\"mkdf-post-text-main\">\n<div class=\"mkdf-post-text\">\n<div class=\"mkdf-post-text-inner\">\n<div class=\"mkdf-post-text-main\">\n<div class=\"mkdf-post-text\">\n<div class=\"mkdf-post-text-inner\">\n<div class=\"mkdf-post-text-main\">\n<div class=\"page-title-head hgroup\">\n<div class=\"page-title-head hgroup\">\n<div class=\"mkdf-post-text\">\n<div class=\"mkdf-post-text-inner\">\n<div class=\"mkdf-post-text-main\">\n<div class=\"mkdf-post-text\">\n<div class=\"mkdf-post-text-inner\">\n<div class=\"mkdf-post-text-main\">\n<div class=\"page-title-head hgroup\">\n<div class=\"page-title-head hgroup\">\n<div class=\"page-title-head hgroup\">\n<div class=\"page-title-head hgroup\">\n<div class=\"b654a4as d2edcug0\">\n<div class=\"page-title-head hgroup\">\n<div class=\"page-title-head hgroup\">\n<div class=\"page-title-head hgroup\">\n<div class=\"page-title-head hgroup\">\n<div class=\"b654a4as d2edcug0\">\n<div class=\"page-title-head hgroup\">\n<div class=\"page-title-head hgroup\">\n<div class=\"page-title-head hgroup\">\n<div class=\"page-title-head hgroup\">\n<div class=\"b654a4as d2edcug0\">\n<div>\n<p>&nbsp;<\/p>\n<\/div>\n<div>\n<hr \/>\n<p>&nbsp;<\/p>\n<\/div>\n<h2><span style=\"color: #808000;\">L&#8217;ALMANACCO LADINO\u00a0\u00a0<\/span><\/h2>\n<p><strong>PUNTATA DEL 22 NOVEMBRE<\/strong><\/p>\n<audio class=\"wp-audio-shortcode\" id=\"audio-244166-18\" preload=\"none\" style=\"width: 100%;\" controls=\"controls\"><source type=\"audio\/mpeg\" src=\"https:\/\/www.radiopiu.net\/wordpress\/wp-content\/uploads\/2021\/11\/71\u00b0Almanacco-Ladino_Fodom-1.mp3?_=18\" \/><a href=\"https:\/\/www.radiopiu.net\/wordpress\/wp-content\/uploads\/2021\/11\/71\u00b0Almanacco-Ladino_Fodom-1.mp3\">https:\/\/www.radiopiu.net\/wordpress\/wp-content\/uploads\/2021\/11\/71\u00b0Almanacco-Ladino_Fodom-1.mp3<\/a><\/audio>\n<p>&nbsp;<\/p>\n<p><strong>LA RACCOLTA<\/strong><\/p>\n<blockquote class=\"wp-embedded-content\" data-secret=\"1NZ45GEiXL\"><p><a href=\"https:\/\/www.radiopiu.net\/wordpress\/almanacco-ladino\/\">Almanacco Ladino<\/a><\/p><\/blockquote>\n<p><iframe loading=\"lazy\" class=\"wp-embedded-content\" sandbox=\"allow-scripts\" security=\"restricted\" style=\"position: absolute; clip: rect(1px, 1px, 1px, 1px);\" title=\"&#8220;Almanacco Ladino&#8221; &#8212; Radio Pi\u00f9\" src=\"https:\/\/www.radiopiu.net\/wordpress\/almanacco-ladino\/embed\/#?secret=1NZ45GEiXL\" data-secret=\"1NZ45GEiXL\" width=\"600\" height=\"338\" frameborder=\"0\" marginwidth=\"0\" marginheight=\"0\" scrolling=\"no\"><\/iframe><\/p>\n<hr \/>\n<p>&nbsp;<\/p>\n<h2><span style=\"color: #33cccc;\">LA RASSEGNA STAMPA DA L&#8217;AMICO DEL POPOLO<\/span><\/h2>\n<p><strong><a href=\"https:\/\/www.radiopiu.net\/wordpress\/la-rassegna-stampa-da-lamico-del-popolo-20-novembre-2021\/gioco-azzardo-slot-machines\/\" rel=\"attachment wp-att-244008\"><img loading=\"lazy\" decoding=\"async\" class=\"size-medium wp-image-244008 alignleft\" src=\"https:\/\/www.radiopiu.net\/wordpress\/wp-content\/uploads\/2021\/11\/gioco-azzardo-slot-machines-300x169.jpg\" alt=\"\" width=\"300\" height=\"169\" srcset=\"https:\/\/www.radiopiu.net\/wordpress\/wp-content\/uploads\/2021\/11\/gioco-azzardo-slot-machines-300x169.jpg 300w, https:\/\/www.radiopiu.net\/wordpress\/wp-content\/uploads\/2021\/11\/gioco-azzardo-slot-machines-1024x576.jpg 1024w, https:\/\/www.radiopiu.net\/wordpress\/wp-content\/uploads\/2021\/11\/gioco-azzardo-slot-machines-768x432.jpg 768w, https:\/\/www.radiopiu.net\/wordpress\/wp-content\/uploads\/2021\/11\/gioco-azzardo-slot-machines-1536x864.jpg 1536w, https:\/\/www.radiopiu.net\/wordpress\/wp-content\/uploads\/2021\/11\/gioco-azzardo-slot-machines.jpg 1920w\" sizes=\"auto, (max-width: 300px) 100vw, 300px\" \/><\/a>PUNTATA DEL 20 NOVEMBRE 2021<\/strong><\/p>\n<p><strong>di Gianni Santomaso<\/strong><\/p>\n<p>Ospite: Paolo Bello, dipartimento dipendenza ULSS 1 Dolomiti<\/p>\n<audio class=\"wp-audio-shortcode\" id=\"audio-244166-19\" preload=\"none\" style=\"width: 100%;\" controls=\"controls\"><source type=\"audio\/mpeg\" src=\"https:\/\/www.radiopiu.net\/wordpress\/wp-content\/uploads\/2021\/11\/RASSEGNA-GIANNI-2.mp3?_=19\" \/><a href=\"https:\/\/www.radiopiu.net\/wordpress\/wp-content\/uploads\/2021\/11\/RASSEGNA-GIANNI-2.mp3\">https:\/\/www.radiopiu.net\/wordpress\/wp-content\/uploads\/2021\/11\/RASSEGNA-GIANNI-2.mp3<\/a><\/audio>\n<p>&nbsp;<\/p>\n<p><strong>LA RACCOLTA COMPLETA<\/strong><\/p>\n<blockquote class=\"wp-embedded-content\" data-secret=\"51XfXXmS4K\"><p><a href=\"https:\/\/www.radiopiu.net\/wordpress\/rassegna-stampa-di-gianni-santomaso\/\">Rassegna stampa da l&#8217;amico del popolo &#8211; di Gianni Santomaso<\/a><\/p><\/blockquote>\n<p><iframe loading=\"lazy\" class=\"wp-embedded-content\" sandbox=\"allow-scripts\" security=\"restricted\" style=\"position: absolute; clip: rect(1px, 1px, 1px, 1px);\" title=\"&#8220;Rassegna stampa da l&#8217;amico del popolo &#8211; di Gianni Santomaso&#8221; &#8212; Radio Pi\u00f9\" src=\"https:\/\/www.radiopiu.net\/wordpress\/rassegna-stampa-di-gianni-santomaso\/embed\/#?secret=51XfXXmS4K\" data-secret=\"51XfXXmS4K\" width=\"600\" height=\"338\" frameborder=\"0\" marginwidth=\"0\" marginheight=\"0\" scrolling=\"no\"><\/iframe><\/p>\n<p>&nbsp;<\/p>\n<p>&nbsp;<\/p>\n<hr \/>\n<p>&nbsp;<\/p>\n<h2><span style=\"color: #800080;\">I RACCONTI DI PAOLO SOPPELSA<\/span><\/h2>\n<p><strong>NEVE IN CITT\u00c0 <\/strong><\/p>\n<p><em><strong>AUDIO<\/strong><\/em><\/p>\n<audio class=\"wp-audio-shortcode\" id=\"audio-244166-20\" preload=\"none\" style=\"width: 100%;\" controls=\"controls\"><source type=\"audio\/mpeg\" src=\"https:\/\/www.radiopiu.net\/wordpress\/wp-content\/uploads\/2021\/11\/PAOLO-SOPPELSA-NEVE-IN-CITTA.mp3?_=20\" \/><a href=\"https:\/\/www.radiopiu.net\/wordpress\/wp-content\/uploads\/2021\/11\/PAOLO-SOPPELSA-NEVE-IN-CITTA.mp3\">https:\/\/www.radiopiu.net\/wordpress\/wp-content\/uploads\/2021\/11\/PAOLO-SOPPELSA-NEVE-IN-CITTA.mp3<\/a><\/audio>\n<p>&nbsp;<\/p>\n<p><a href=\"https:\/\/www.radiopiu.net\/wordpress\/i-racconti-di-paolo-soppelsa-puntata-102\/37843095-ae5b-47f9-9a4f-00905b3b988d\/\" rel=\"attachment wp-att-244068\"><img loading=\"lazy\" decoding=\"async\" class=\"size-medium wp-image-244068 alignleft\" src=\"https:\/\/www.radiopiu.net\/wordpress\/wp-content\/uploads\/2021\/11\/37843095-ae5b-47f9-9a4f-00905b3b988d-300x225.jpg\" alt=\"\" width=\"300\" height=\"225\" srcset=\"https:\/\/www.radiopiu.net\/wordpress\/wp-content\/uploads\/2021\/11\/37843095-ae5b-47f9-9a4f-00905b3b988d-300x225.jpg 300w, https:\/\/www.radiopiu.net\/wordpress\/wp-content\/uploads\/2021\/11\/37843095-ae5b-47f9-9a4f-00905b3b988d-1024x768.jpg 1024w, https:\/\/www.radiopiu.net\/wordpress\/wp-content\/uploads\/2021\/11\/37843095-ae5b-47f9-9a4f-00905b3b988d-768x576.jpg 768w, https:\/\/www.radiopiu.net\/wordpress\/wp-content\/uploads\/2021\/11\/37843095-ae5b-47f9-9a4f-00905b3b988d-1536x1152.jpg 1536w, https:\/\/www.radiopiu.net\/wordpress\/wp-content\/uploads\/2021\/11\/37843095-ae5b-47f9-9a4f-00905b3b988d.jpg 1600w\" sizes=\"auto, (max-width: 300px) 100vw, 300px\" \/><\/a>L&#8217;autunno ormai sfumato, i tigli spogli e il primo ghiaino sui marciapiedi. L&#8217;inverno lo si sente nell&#8217;aria, anche in citt\u00e0. Le giornate sono fredde e la brina ricopre stabilmente i prati e i tratti di strada in ombra. Le previsioni meteo iniziano ad essere monotematiche. Neve in arrivo. Dal primo mattino il cielo \u00e8 grigio, il freddo \u00e8 tagliente e la radio conferma che nevicher\u00e0. Nel pomeriggio si inizia a respirare la classica &#8220;aria da neve&#8221; e mentre la sera si prende il suo spazio, eccola arrivare. Guardando sotto la luce del lampione si possono scorgere i primi minuscoli fiocchi. Pochi minuti e l&#8217;asfalto gelato inizia a perdere le sue difese. L&#8217;attimo in cui &#8220;la nef la scominzia a tac\u00e0&#8221; \u00e8 sempre emozionante. Il cortile e la strada iniziano ad imbiancarsi e, inesorabile, cala il silenzio; quel silenzio che solo la neve sa creare. Il tempo di una cena veloce e poi di nuovo alla finestra; stasera niente televisione e poco smartphone, c&#8217;\u00e8 la neve stasera, che ora scende decisa ed \u00e8 uno spettacolo che merita di essere ammirato. Osservo in silenzio la coltre bianca che inizia ad arrotondare le forme delle auto parcheggiate e penso al ieri e pure al domani. Passato remoto e futuro prossimo si alternano nella mia mente: ripenso alle nevicate cittadine pi\u00f9 abbondanti che ho vissuto e nel frattempo entro in modalit\u00e0 &#8220;doman me ciape par temp&#8221;. La nevicata in corso promette bene e sar\u00e0 opportuno fare ricorso alle antiche saggezze tramandate: ovvero sveglia una ventina di minuti prima del solito e scopa, e forse pure badile, in mano. Non sono solo a guardare dalla finestra: vedo un muovere di tende e occhi curiosi e talvolta preoccupati che osservano lo scendere copioso della neve. Qualcuno sar\u00e0 felice di questo evento che ormai in citt\u00e0 \u00e8 piuttosto raro, altri invece saranno infastiditi. Domani si vivr\u00e0 un vivere rallentato e in alcuni casi praticamente fermo: saranno ritardi a lavoro e ingorghi, auto intraversate e qualche volta abbandonate lungo le strade. E poi occhi stupiti dei bambini e, forse, qualche slitta che uscir\u00e0 dalla cantina. Nel frattempo un rumore cupo rompe momentaneamente l&#8217;incanto di quel perfetto silenzio serale: il lampeggiante giallo del &#8220;versor&#8221; illumina le facciate dei palazzi e la lama spinge la neve contro i muri dei giardini. Rare auto salgono e scendono lungo la via: qualcuno guida spavaldo, altri procedono guardinghi ed io, mentre osservo la strada levigata dalla lama del &#8220;versor&#8221;, ripenso ai tempi lontani in cui, il giorno successivo, noi bambini e ragazzi scendevamo con le slitte per pomeriggi interi. E siamo stati l&#8217;ultima generazione a slittare lungo questa discesa che allora portava ai campi di mais. Uno scendere veloce ed un risalire a rilento trascinando la &#8220;lodeta&#8221; fino quando veniva buio e poi ancora un po&#8217;. E poi il varcare la soglia di casa fradici e felici. Meno felice di noi fu l&#8217;autista del camion del gasolio che un giorno, tentando di risalire senza catene l&#8217;erta via, prima si intravers\u00f2 e successivamente si incastr\u00f2 proprio nel punto pi\u00f9 stretto e pendente della strada. Volarono bestemmie in italiano e dialetto che rimbombavano fra i condomini e poi arrivarono i Vigili del Fuoco: fu interessante ed istruttivo vedere i pompieri all&#8217;opera con il verricello, ma era meglio osservare lo spettacolo da lontano perch\u00e9 l&#8217;autista del camion del gasolio non era granch\u00e9 di buon umore. Nel frattempo continua a nevicare fitto e sicuramente andr\u00e0 avanti tutta la notte; e mentre penso di scendere un attimo in cortile per pulire i vetri della macchina, lo sguardo si posa sul cancello del vicino di un tempo. Non fu un bel risveglio il suo in quella memorabile mattina della storica nevicata dell&#8217;85; un poderoso &#8220;crash&#8221; ruppe la quiete della tranquilla colazione a base di latte e muesli. La lama del &#8220;versor&#8221; spinse la gi\u00e0 tanta neve del mattino verso destra e ciao cancello: crollarono mestamente i pilastrini in cemento un po&#8217; scarsi di fondamenta. Era un triste spettacolo veder sporgere dal mucchio di neve i tristi i tondini contorti del cancello. Fu nevicata imponente quella volta: e fu gran lavoro di braccia e schiena di pap\u00e0 per disseppellire la 127 color del cielo parcheggiata in cortile. Poi arriv\u00f2 la pala gommata e spinse tutta la neve in un angolo del piazzale: e la nostra fantasia di bambini anni &#8217;80 trasform\u00f2 quel mucchio bianco in un castello: qualcuno stava in cima e gli altri sotto. E furono infinite battaglie a palle di neve fino a primavera. Ora la neve ha raggiunto un buon spessore e, prima di andare a dormire, occorre mettere per un momento da parte i ricordi e armarsi di scopa per pulire i vetri della macchina. In cortile c&#8217;\u00e8 un gran silenzio e si riesce a sentire il fruscio dei fiocchi che si posano sulla neve gi\u00e0 al suolo. Terminata la pulizia \u00e8 d&#8217;obbligo un breve giro del quartiere: due foto per immortalare l&#8217;ormai raro evento e poi il vivere per qualche minuto quell&#8217;atmosfera ovattata. Mentre rientro in casa penso che all&#8217;indomani sar\u00e0 traffico delirante e polemiche per lo sgombero neve. E mi prende un po&#8217; di malinconia al pensiero che domani, la strada che ora \u00e8 coperta di candida neve, sar\u00e0 un mare di &#8220;pocio&#8221; marrone causa quintali di sale gettati durante la notte. Quando ritorner\u00f2 da lavoro non ci saranno bambini bagnati felici e vocianti che scendono con la slitta lungo la via. Domani pomeriggio sar\u00e0 asfalto bagnato e in centro le pale gommate saranno all&#8217;opera: la magia bianca sar\u00e0 caricata sui camion e portata chiss\u00e0 dove. Svanir\u00e0 cos\u00ec il sogno di una sera di neve cittadina; rimarr\u00e0 il ricordo di una magia che, per una manciata di ore, ha regalato silenzi e riportato l&#8217;identica felicit\u00e0 provata in quei lontani e spensierati inverni.<\/p>\n<p>&nbsp;<\/p>\n<p><strong>LA RACCOLTA COMPLETA<\/strong><\/p>\n<blockquote class=\"wp-embedded-content\" data-secret=\"3u2uZxFKRK\"><p><a href=\"https:\/\/www.radiopiu.net\/wordpress\/i-racconti-di-paolo-soppelsa\/\">I racconti di Paolo Soppelsa<\/a><\/p><\/blockquote>\n<p><iframe loading=\"lazy\" class=\"wp-embedded-content\" sandbox=\"allow-scripts\" security=\"restricted\" style=\"position: absolute; clip: rect(1px, 1px, 1px, 1px);\" title=\"&#8220;I racconti di Paolo Soppelsa&#8221; &#8212; Radio Pi\u00f9\" src=\"https:\/\/www.radiopiu.net\/wordpress\/i-racconti-di-paolo-soppelsa\/embed\/#?secret=3u2uZxFKRK\" data-secret=\"3u2uZxFKRK\" width=\"600\" height=\"338\" frameborder=\"0\" marginwidth=\"0\" marginheight=\"0\" scrolling=\"no\"><\/iframe><\/p>\n<p>&nbsp;<\/p>\n<hr \/>\n<\/div>\n<div class=\"b654a4as d2edcug0\">\n<p>&nbsp;<\/p>\n<p><a href=\"https:\/\/www.radiopiu.net\/wordpress\/giornale-radiopiu-26-settembre-2018-direttore-mirko-mezzacasa\/viabilita-2\/\" rel=\"attachment wp-att-61954\"><img loading=\"lazy\" decoding=\"async\" class=\"aligncenter wp-image-61954 size-full\" src=\"https:\/\/www.radiopiu.net\/wordpress\/wp-content\/uploads\/2018\/09\/viabilita.jpeg\" sizes=\"auto, (max-width: 800px) 100vw, 800px\" srcset=\"https:\/\/www.radiopiu.net\/wordpress\/wp-content\/uploads\/2018\/09\/viabilita.jpeg 800w, https:\/\/www.radiopiu.net\/wordpress\/wp-content\/uploads\/2018\/09\/viabilita-300x38.jpeg 300w, https:\/\/www.radiopiu.net\/wordpress\/wp-content\/uploads\/2018\/09\/viabilita-768x96.jpeg 768w\" alt=\"\" width=\"800\" height=\"100\" \/><\/a><\/p>\n<div class=\"ecm0bbzt e5nlhep0 a8c37x1j\">\n<div class=\"kvgmc6g5 cxmmr5t8 oygrvhab hcukyx3x c1et5uql\">\n<div class=\"gmail-kvgmc6g5 gmail-cxmmr5t8 gmail-oygrvhab gmail-hcukyx3x gmail-c1et5uql gmail-ii04i59q\">\n<div class=\"page-title-head hgroup\">\n<div class=\"page-title-head hgroup\">\n<div class=\"b654a4as d2edcug0\">\n<div class=\"j83agx80 btwxx1t3 lhclo0ds hop8lmos nkwizq5d scwd0bx6 roh60bw9\">\n<div class=\"rq0escxv hkbzh7o3 jwdofwj8 n8tt0mok r8blr3vg hyh9befq\">\n<div class=\"do00u71z l9j0dhe7 k4urcfbm\">\n<div class=\"page-title-head hgroup\">\n<div class=\"page-title-head hgroup\">\n<div class=\"page-title-head hgroup\">\n<div class=\"page-title-head hgroup\">\n<div class=\"b654a4as d2edcug0\">\n<div class=\"page-title-head hgroup\">\n<div class=\"page-title-head hgroup\">\n<div class=\"page-title-head hgroup\">\n<div class=\"page-title-head hgroup\">\n<div class=\"b654a4as d2edcug0\">\n<div class=\"page-title-head hgroup\">\n<div class=\"page-title-head hgroup\">\n<div class=\"page-title-head hgroup\">\n<div class=\"page-title-head hgroup\">\n<div class=\"page-title-head hgroup\">\n<div class=\"page-title-head hgroup\">\n<div class=\"page-title-head hgroup\">\n<div class=\"page-title-head hgroup\">\n<div class=\"page-title-head hgroup\">\n<div class=\"b654a4as d2edcug0\">\n<div class=\"page-title-head hgroup\">\n<div class=\"page-title-head hgroup\">\n<div class=\"page-title-head hgroup\">\n<div class=\"page-title-head hgroup\">\n<div class=\"b654a4as d2edcug0\">\n<div class=\"page-title-head hgroup\">\n<div class=\"page-title-head hgroup\">\n<div class=\"page-title-head hgroup\">\n<div class=\"page-title-head hgroup\">\n<div class=\"page-title-head hgroup\">\n<div class=\"mkdf-post-text\">\n<div class=\"mkdf-post-text-inner\">\n<div class=\"mkdf-post-text-main\">\n<div class=\"mkdf-post-text\">\n<div class=\"mkdf-post-text-inner\">\n<div class=\"mkdf-post-text-main\">\n<div class=\"mkdf-post-text\">\n<div class=\"mkdf-post-text-inner\">\n<div class=\"mkdf-post-text-main\">\n<div class=\"page-title-head hgroup\">\n<div class=\"page-title-head hgroup\">\n<div class=\"mkdf-post-text\">\n<div class=\"mkdf-post-text-inner\">\n<div class=\"mkdf-post-text-main\">\n<div class=\"mkdf-post-text\">\n<div class=\"mkdf-post-text-inner\">\n<div class=\"mkdf-post-text-main\">\n<div class=\"page-title-head hgroup\">\n<div class=\"page-title-head hgroup\">\n<div class=\"page-title-head hgroup\">\n<div class=\"page-title-head hgroup\">\n<div class=\"b654a4as d2edcug0\">\n<div class=\"page-title-head hgroup\">\n<div class=\"page-title-head hgroup\">\n<div class=\"page-title-head hgroup\">\n<div class=\"page-title-head hgroup\">\n<div class=\"b654a4as d2edcug0\">\n<div class=\"page-title-head hgroup\">\n<div class=\"page-title-head hgroup\">\n<div class=\"page-title-head hgroup\">\n<div class=\"page-title-head hgroup\">\n<div class=\"b654a4as d2edcug0\">\n<p>&nbsp;<\/p>\n<p><strong>SR 48 DELLE DOLOMITI<\/strong> fino al 17 dicembre senso unico alternato regolato da semaforo &#8211; esclusi festivi e prefestivi &#8211; in localit\u00e0 Bosco Ruaz.<\/p>\n<p><strong>PONTE BAILEY A BELLUNO<\/strong>: Fino al 4 dicembre chiusura totale<\/p>\n<p><strong>SP 251 VAL DI ZOLDO E CELLINA<\/strong> fino al 22 dicembre interruzioni alla viabilit\u00e0 della durata massima di 10 minuti e senso unico alternato nei periodi non interessati dalle interruzioni nel comune di Val di Zoldo<\/p>\n<p><strong>SP 40 VAL SENAIGA<\/strong> interdizione totale al transito in comune di Lamon fino al 26 novembre, inclusi sabato e domenica, con deviazione del traffico su viabilit\u00e0 comunale<\/p>\n<p><strong>SR 203 AGORDINA<\/strong> Fino al 17 dicembre, esclusi sabato domenica e festivi infrasettimanali, restringimento della careggiata con divieto di sorpasso e limitazione ai 50 km\/h in comune di La Valle per lavori sul margine della carreggiata<\/p>\n<p><strong>SP 422 DELL&#8217;ALPAGO E DEL<\/strong> <strong>CANSIGLIO<\/strong> Fino al 17 dicembre senso unico alternato con semaforo in localit\u00e0 Cornei di Alpago per posa cavidotti<\/p>\n<p>&nbsp;<\/p>\n<hr \/>\n<p>&nbsp;<\/p>\n<\/div>\n<div class=\"b654a4as d2edcug0\">\n<p>&nbsp;<\/p>\n<p>&nbsp;<\/p>\n<p>&nbsp;<\/p>\n<hr \/>\n<p>&nbsp;<\/p>\n<div class=\"ecm0bbzt e5nlhep0 a8c37x1j\">\n<div class=\"kvgmc6g5 cxmmr5t8 oygrvhab hcukyx3x c1et5uql\">\n<div class=\"gmail-kvgmc6g5 gmail-cxmmr5t8 gmail-oygrvhab gmail-hcukyx3x gmail-c1et5uql gmail-ii04i59q\">\n<div>\n<div class=\"page-title-head hgroup\">\n<div class=\"page-title-head hgroup\">\n<div class=\"b654a4as d2edcug0\">\n<div class=\"j83agx80 btwxx1t3 lhclo0ds hop8lmos nkwizq5d scwd0bx6 roh60bw9\">\n<div class=\"rq0escxv hkbzh7o3 jwdofwj8 n8tt0mok r8blr3vg hyh9befq\">\n<div class=\"do00u71z l9j0dhe7 k4urcfbm\">\n<div>\n<div class=\"page-title-head hgroup\">\n<div class=\"page-title-head hgroup\">\n<div class=\"page-title-head hgroup\">\n<div class=\"page-title-head hgroup\">\n<div class=\"b654a4as d2edcug0\">\n<div class=\"page-title-head hgroup\">\n<div class=\"page-title-head hgroup\">\n<div class=\"page-title-head hgroup\">\n<div class=\"page-title-head hgroup\">\n<div class=\"b654a4as d2edcug0\">\n<div class=\"page-title-head hgroup\">\n<div class=\"page-title-head hgroup\">\n<div class=\"page-title-head hgroup\">\n<div class=\"page-title-head hgroup\">\n<div class=\"page-title-head hgroup\">\n<div class=\"mkdf-post-text\">\n<div class=\"mkdf-post-text-inner\">\n<div class=\"mkdf-post-text-main\">\n<div class=\"mkdf-post-text\">\n<div class=\"mkdf-post-text-inner\">\n<div class=\"mkdf-post-text-main\">\n<div class=\"mkdf-post-text\">\n<div class=\"mkdf-post-text-inner\">\n<div class=\"mkdf-post-text-main\">\n<div class=\"page-title-head hgroup\">\n<div class=\"page-title-head hgroup\">\n<div class=\"mkdf-post-text\">\n<div class=\"mkdf-post-text-inner\">\n<div class=\"mkdf-post-text-main\">\n<div class=\"mkdf-post-text\">\n<div class=\"mkdf-post-text-inner\">\n<div class=\"mkdf-post-text-main\">\n<div>\n<div class=\"page-title-head hgroup\">\n<div class=\"page-title-head hgroup\">\n<div>\n<div class=\"page-title-head hgroup\">\n<div class=\"page-title-head hgroup\">\n<div class=\"b654a4as d2edcug0\">\n<div>\n<div class=\"page-title-head hgroup\" style=\"text-align: left;\">\n<div class=\"page-title-head hgroup\">\n<div dir=\"auto\">\n<p><a class=\"dt-pswp-item pspw-wrap-ready\" href=\"https:\/\/i0.wp.com\/www.radiopiu.net\/wordpress\/wp-content\/uploads\/2018\/09\/WhatsApp-Image-2018-09-20-at-16.04.06.jpeg?ssl=1\" data-dt-img-description=\"\" data-large_image_width=\"800\" data-large_image_height=\"100\"><img loading=\"lazy\" decoding=\"async\" class=\"aligncenter wp-image-61378 size-full jetpack-lazy-image jetpack-lazy-image--handled\" src=\"https:\/\/i0.wp.com\/www.radiopiu.net\/wordpress\/wp-content\/uploads\/2018\/09\/WhatsApp-Image-2018-09-20-at-16.04.06.jpeg?resize=800%2C100&amp;ssl=1\" sizes=\"auto, (max-width: 800px) 100vw, 800px\" srcset=\"https:\/\/i0.wp.com\/www.radiopiu.net\/wordpress\/wp-content\/uploads\/2018\/09\/WhatsApp-Image-2018-09-20-at-16.04.06.jpeg?w=800&amp;ssl=1 800w, https:\/\/i0.wp.com\/www.radiopiu.net\/wordpress\/wp-content\/uploads\/2018\/09\/WhatsApp-Image-2018-09-20-at-16.04.06.jpeg?resize=300%2C38&amp;ssl=1 300w, https:\/\/i0.wp.com\/www.radiopiu.net\/wordpress\/wp-content\/uploads\/2018\/09\/WhatsApp-Image-2018-09-20-at-16.04.06.jpeg?resize=768%2C96&amp;ssl=1 768w\" alt=\"\" width=\"800\" height=\"100\" data-lazy-loaded=\"1\" \/><\/a><\/p>\n<\/div>\n<\/div>\n<\/div>\n<\/div>\n<\/div>\n<\/div>\n<\/div>\n<\/div>\n<\/div>\n<\/div>\n<\/div>\n<\/div>\n<\/div>\n<\/div>\n<\/div>\n<\/div>\n<\/div>\n<\/div>\n<\/div>\n<\/div>\n<\/div>\n<\/div>\n<\/div>\n<\/div>\n<\/div>\n<\/div>\n<\/div>\n<\/div>\n<\/div>\n<\/div>\n<\/div>\n<\/div>\n<\/div>\n<\/div>\n<\/div>\n<\/div>\n<\/div>\n<\/div>\n<\/div>\n<\/div>\n<\/div>\n<\/div>\n<\/div>\n<\/div>\n<p>&nbsp;<\/p>\n<\/div>\n<\/div>\n<\/div>\n<\/div>\n<\/div>\n<\/div>\n<\/div>\n<\/div>\n<\/div>\n<\/div>\n<\/div>\n<\/div>\n<\/div>\n<\/div>\n<\/div>\n<\/div>\n<\/div>\n<\/div>\n<\/div>\n<\/div>\n<\/div>\n<\/div>\n<\/div>\n<\/div>\n<\/div>\n<\/div>\n<\/div>\n<\/div>\n<\/div>\n<\/div>\n<\/div>\n<\/div>\n<\/div>\n<\/div>\n<\/div>\n<\/div>\n<\/div>\n<\/div>\n<\/div>\n<\/div>\n<\/div>\n<\/div>\n<\/div>\n<\/div>\n<\/div>\n<\/div>\n<\/div>\n<\/div>\n<\/div>\n<\/div>\n<\/div>\n<\/div>\n<\/div>\n<\/div>\n<\/div>\n<\/div>\n<\/div>\n<\/div>\n<\/div>\n<\/div>\n<\/div>\n<\/div>\n<\/div>\n<\/div>\n<\/div>\n<\/div>\n<\/div>\n<\/div>\n<\/div>\n<\/div>\n<\/div>\n<\/div>\n<\/div>\n<\/div>\n<\/div>\n<\/div>\n<\/div>\n<\/div>\n<\/div>\n<\/div>\n<\/div>\n<\/div>\n<\/div>\n<\/div>\n<\/div>\n<\/div>\n<\/div>\n<\/div>\n<\/div>\n<\/div>\n<\/div>\n<\/div>\n<\/div>\n<\/div>\n<\/div>\n<\/div>\n<\/div>\n<\/div>\n<\/div>\n<\/div>\n<\/div>\n<\/div>\n<\/div>\n<\/div>\n<\/div>\n<\/div>\n<\/div>\n<\/div>\n<\/div>\n<\/div>\n<\/div>\n<\/div>\n<\/div>\n<\/div>\n<\/div>\n<\/div>\n<\/div>\n<\/div>\n<\/div>\n<\/div>\n<\/div>\n<\/div>\n<\/div>\n<\/div>\n<\/div>\n<\/div>\n<\/div>\n<\/div>\n<\/div>\n<\/div>\n<\/div>\n<\/div>\n<\/div>\n<\/div>\n<\/div>\n<\/div>\n<\/div>\n<\/div>\n<\/div>\n<\/div>\n<\/div>\n<\/div>\n<\/div>\n<\/div>\n<\/div>\n<\/div>\n<\/div>\n<\/div>\n<\/div>\n<\/div>\n<\/div>\n<\/div>\n<\/div>\n<\/div>\n<\/div>\n<\/div>\n<\/div>\n<\/div>\n<\/div>\n<\/div>\n<\/div>\n<\/div>\n<\/div>\n<\/div>\n<p><center><b>Martedi 23<\/b><\/center><b>Tempo atteso: <\/b>Ampi rasserenamenti nel corso della notte a partire dalle Dolomiti con residue nubi basse sulle Prealpi occidentali. In giornata tempo ben soleggiato su gran parte della montagna veneta specie sulle Dolomiti mentre su Prealpi occidentali l&#8217; insidia di qualche stratocumulo sar\u00e0 presente fino al mattino, in possibile dissolvimento nel pomeriggio. Tra notte e mattino possibile formazione di nebbia o nubi basse su alcuni fondovalle. Contesto termico assai pi\u00f9 fresco di notte, ma il ritorno del sole potr\u00e0 compensare questo deficit iniziale nei settori pi\u00f9 assolati.<br \/>\n<b>Precipitazioni: <\/b>Assenti (0%).<br \/>\n<b>Temperature: <\/b>Minime in generale lieve calo; massime stazionarie in alta quota e in leggera ripresa nelle valli assolate, ma non in quelle in ombra. Previste punte di 9\/10\u00b0C nei fondovalle prealpini e di 6\/8\u00b0C a 1000\/1200 m. Su Prealpi a 1500 m min 0\u00b0C max 3\u00b0C, a 2000 m min -3\u00b0C max -1\u00b0C. Su Dolomiti a 2000 m min -4\u00b0C max -1\u00b0C, a 3000 m min -8\u00b0C max -5\u00b0C.<br \/>\n<b>Venti: <\/b>Nelle valli venti perlopi\u00f9 deboli a regime di brezza, localmente moderati per brezze di monte su alcuni settori prealpini; in quota deboli a tratti moderati sulle cime pi\u00f9 elevate dai quadranti orientali, a 5-10 km \/h a 2000 m, a 5-15 km\/h a 3000 m.<\/p>\n<hr \/>\n<p><center><b>Mercoledi 24<\/b><\/center><b>Tempo atteso: <\/b>Bel tempo tardo-autunnale, ben soleggiato con cielo sereno e aria limpida; l&#8217;insidia nebbia in Valbelluna durante le ore pi\u00f9 fredde sar\u00e0 ridotta, ma non assente. Dalla serata arrivo di sottili nubi alte da sud, in estensione verso nord in nottata.<br \/>\n<b>Precipitazioni: <\/b>Assenti.<br \/>\n<b>Temperature: <\/b>Temperature minime in lieve calo e massime pressoch\u00e9 stazionarie. Previste punte di 9\/10\u00b0C nei fondovalle prealpini e di 6\/8\u00b0C a 1000\/1200 m. Su Prealpi a 1500 m min 0\u00b0C max 4\u00b0C, a 2000 m min -3\u00b0C max 0\u00b0C. Su Dolomiti a 2000 m min -2\u00b0C max 0\u00b0C, a 3000 m min -5\u00b0C max -4\u00b0C.<br \/>\n<b>Venti: <\/b>Nelle valli venti perlopi\u00f9 deboli a regime di brezza, localmente moderati per brezze di monte su alcuni settori prealpini; in quota deboli a tratti moderati sulle cime pi\u00f9 elevate dai quadranti meridionali, a 5-10 km \/h a 2000 m, a 5-15 km\/h a 3000 m, in rinforzo dalla serata.<\/p>\n<hr \/>\n<p><center><b>Giovedi 25<\/b><\/center>Tra notte e mattino aumento della nuvolosit\u00e0 in estensione dalle Prealpi alle Dolomiti fino a cielo coperto ovunque da met\u00e0 giornata e iniziale maltempo a partire dalle Prealpi occidentali, in estensione al resto della montagna veneta nel corso del pomeriggio\/sera. Precipitazioni in estensione a partire dal mattino dalle Prealpi occidentali alle Dolomiti nel pomeriggio\/sera quando risulteranno diffuse. Limite neve generalmente oltre i 1200\/1500 m, anche a quote pi\u00f9 basse all&#8217;alba e alla sera. Temperature in lieve calo, eccetto rialzo delle minime nelle valli. Venti deboli di direzione variabile nelle valli; moderati\/tesi a tratti forti da sud in quota.<\/p>\n<hr \/>\n<p><center><b>Venerdi 26<\/b><\/center>Molto nuvoloso o coperto con deboli precipitazioni possibili a tratti durante tutta la giornata, maggiormente probabili tra notte e mattino. Limite neve in possibile calo attorno a 1000 metri. Temperature in lieve calo, eccetto rialzo delle minime nelle valli. Venti deboli di direzione variabile nelle valli; deboli\/moderati meridionali in quota Previsore: DDL<\/p>\n<p>&nbsp;<\/p>\n<hr \/>\n<p>&nbsp;<\/p>\n<div class=\"mkdf-post-text\">\n<div class=\"mkdf-post-text-inner\">\n<p><a href=\"https:\/\/www.radiopiu.net\/wordpress\/giornale-radiopiu-15-settembre-2018-direttore-mirko-mezzacasa\/sport-7\/\" rel=\"attachment wp-att-60761\"><img loading=\"lazy\" decoding=\"async\" class=\"wp-image-60761 size-full aligncenter\" src=\"https:\/\/www.radiopiu.net\/wordpress\/wp-content\/uploads\/2018\/09\/sport.jpg\" alt=\"\" width=\"800\" height=\"100\" srcset=\"https:\/\/www.radiopiu.net\/wordpress\/wp-content\/uploads\/2018\/09\/sport.jpg 800w, https:\/\/www.radiopiu.net\/wordpress\/wp-content\/uploads\/2018\/09\/sport-300x38.jpg 300w, https:\/\/www.radiopiu.net\/wordpress\/wp-content\/uploads\/2018\/09\/sport-768x96.jpg 768w\" sizes=\"auto, (max-width: 800px) 100vw, 800px\" \/><\/a><\/p>\n<\/div>\n<\/div>\n<p>&nbsp;<\/p>\n<p>&nbsp;<\/p>\n<p>&nbsp;<\/p>\n<blockquote>\n<h3>L&#8217;AGORDINA PERDE CON LA CAPOLISTA DOPO 5 RISULTAI UTILI CONSECUTIVI<\/h3>\n<\/blockquote>\n<p><strong><a href=\"https:\/\/www.radiopiu.net\/wordpress\/domani-il-primo-impegno-ufficiale-per-lagordina\/agordina-calcio\/\" rel=\"attachment wp-att-97575\"><img loading=\"lazy\" decoding=\"async\" class=\" wp-image-97575 alignleft\" src=\"https:\/\/www.radiopiu.net\/wordpress\/wp-content\/uploads\/2019\/09\/AGORDINA-CALCIO.jpeg\" alt=\"\" width=\"134\" height=\"134\" srcset=\"https:\/\/www.radiopiu.net\/wordpress\/wp-content\/uploads\/2019\/09\/AGORDINA-CALCIO.jpeg 225w, https:\/\/www.radiopiu.net\/wordpress\/wp-content\/uploads\/2019\/09\/AGORDINA-CALCIO-150x150.jpeg 150w\" sizes=\"auto, (max-width: 134px) 100vw, 134px\" \/><\/a>AGORDO<\/strong> Dopo cinque risultati utili consecutivi, l&#8217;Agordina perde la sua seconda partita della stagione e lo fa contro la capolista del girone T di Seconda Categoria. Una partita dalle due facce con la formazione di Lorenzi che nel primo tempo concede troppo all&#8217;Arsi\u00e8 che va a segno due volte, nella ripresa la squadra di Agordo accorcia ma non riesce a raggiungere il pareggio. Agordina che mantiene il quinto posto in classifica e domenica prossima all&#8217;Ivano Dorigo arriver\u00e0 la Sospirolese.<\/p>\n<p><strong>FEDERICO FOSSEN, GIOCATORE DELL&#8217;AGORDINA<\/strong><\/p>\n<audio class=\"wp-audio-shortcode\" id=\"audio-244166-21\" preload=\"none\" style=\"width: 100%;\" controls=\"controls\"><source type=\"audio\/mpeg\" src=\"https:\/\/www.radiopiu.net\/wordpress\/wp-content\/uploads\/2021\/11\/FEDERICO-FOSSEN-AGORDINA.mp3?_=21\" \/><a href=\"https:\/\/www.radiopiu.net\/wordpress\/wp-content\/uploads\/2021\/11\/FEDERICO-FOSSEN-AGORDINA.mp3\">https:\/\/www.radiopiu.net\/wordpress\/wp-content\/uploads\/2021\/11\/FEDERICO-FOSSEN-AGORDINA.mp3<\/a><\/audio>\n<p>&nbsp;<\/p>\n<hr \/>\n<p>&nbsp;<\/p>\n<\/div>\n<\/div>\n<\/div>\n<\/div>\n<\/div>\n<\/div>\n<\/div>\n","protected":false},"excerpt":{"rendered":"<p>INFORMAZIONE il canale su TELEGRAM informazione di prima mano e in tempo reale. iscriviti ed aiutaci a farlo conoscere\u00a0 \u00a0ULTIM&#8217;ORA 07.00 ANCHE BRIES DI AGORDO NELLA MAPPA DEI PUNTI A RISCHIO AGORDO Non ci si salva pi\u00f9, scendono da qualsiasi punto fino ad incrociare la regionale 203 agordina e pi\u00f9 gi\u00f9 fino alla tangenziale.\u00a0 Ecco&hellip;<\/p>\n","protected":false},"author":4,"featured_media":244304,"comment_status":"closed","ping_status":"open","sticky":false,"template":"","format":"standard","meta":{"_monsterinsights_skip_tracking":false,"_monsterinsights_sitenote_active":false,"_monsterinsights_sitenote_note":"","_monsterinsights_sitenote_category":0,"footnotes":""},"categories":[104,86,49],"tags":[],"class_list":["post-244166","post","type-post","status-publish","format-standard","has-post-thumbnail","hentry","category-evidenza_3","category-gr","category-news-18","category-104","category-86","category-49","description-off"],"img_url":"https:\/\/www.radiopiu.net\/wordpress\/wp-content\/uploads\/2021\/11\/0e5029ca-3b8c-42f8-ba68-9d7de985d5ec.jpg","_links":{"self":[{"href":"https:\/\/www.radiopiu.net\/wordpress\/wp-json\/wp\/v2\/posts\/244166","targetHints":{"allow":["GET"]}}],"collection":[{"href":"https:\/\/www.radiopiu.net\/wordpress\/wp-json\/wp\/v2\/posts"}],"about":[{"href":"https:\/\/www.radiopiu.net\/wordpress\/wp-json\/wp\/v2\/types\/post"}],"author":[{"embeddable":true,"href":"https:\/\/www.radiopiu.net\/wordpress\/wp-json\/wp\/v2\/users\/4"}],"replies":[{"embeddable":true,"href":"https:\/\/www.radiopiu.net\/wordpress\/wp-json\/wp\/v2\/comments?post=244166"}],"version-history":[{"count":0,"href":"https:\/\/www.radiopiu.net\/wordpress\/wp-json\/wp\/v2\/posts\/244166\/revisions"}],"wp:featuredmedia":[{"embeddable":true,"href":"https:\/\/www.radiopiu.net\/wordpress\/wp-json\/wp\/v2\/media\/244304"}],"wp:attachment":[{"href":"https:\/\/www.radiopiu.net\/wordpress\/wp-json\/wp\/v2\/media?parent=244166"}],"wp:term":[{"taxonomy":"category","embeddable":true,"href":"https:\/\/www.radiopiu.net\/wordpress\/wp-json\/wp\/v2\/categories?post=244166"},{"taxonomy":"post_tag","embeddable":true,"href":"https:\/\/www.radiopiu.net\/wordpress\/wp-json\/wp\/v2\/tags?post=244166"}],"curies":[{"name":"wp","href":"https:\/\/api.w.org\/{rel}","templated":true}]}}