{"id":244176,"date":"2021-11-22T05:52:44","date_gmt":"2021-11-22T04:52:44","guid":{"rendered":"https:\/\/www.radiopiu.net\/wordpress\/?p=244176"},"modified":"2021-11-22T06:00:48","modified_gmt":"2021-11-22T05:00:48","slug":"seggiovia-di-frassene-reperti-in-vendita-ma-non-tutto-si-demolisce","status":"publish","type":"post","link":"https:\/\/www.radiopiu.net\/wordpress\/seggiovia-di-frassene-reperti-in-vendita-ma-non-tutto-si-demolisce\/","title":{"rendered":"SEGGIOVIA DI FRASSENE&#8217;: REPERTI IN VENDITA MA &#8220;NON TUTTO SI DEMOLISCE&#8221;"},"content":{"rendered":"<div dir=\"auto\"><strong><a href=\"https:\/\/www.radiopiu.net\/wordpress\/seggiovia-di-frassene-reperti-in-vendita-ma-non-tutto-si-demolisce\/257579591_10218783292846104_7269074653339151334_n\/\" rel=\"attachment wp-att-244180\"><img loading=\"lazy\" decoding=\"async\" class=\" wp-image-244180 alignleft\" src=\"https:\/\/www.radiopiu.net\/wordpress\/wp-content\/uploads\/2021\/11\/257579591_10218783292846104_7269074653339151334_n-225x300.jpg\" alt=\"\" width=\"179\" height=\"220\" \/><\/a>VOLTAGO\u00a0<\/strong> Ha ragione Luigi Paolo Della Lucia a mettere in evidenza anche i lati positivi della Frassen\u00e8 di Voltago gi\u00e0 Piccola Cortina. Se nei giorni scorsi negli articoli si \u00e8 letto solo di ricordi, passato, strutture abbandonate come la seggiovia in demolizione o il Parco Laghetti senza gestione da tempo, oggi Paolo ricorda che\u00a0 <em>&#8220;Non tutto di demolisce a Frassene\u2019<\/em>&#8221;\u00a0 e infatti riporta la sua opinione, uno sguardo attento sul presente di Frassen\u00e9 con occhio al futuro <em>&#8220;L\u2019ex albergo Belvedere vede squadre di operai da mesi a lavorarci dentro \u201cL\u2019ex albergo Trieste ora ha dei proprietari ed un progetto di riqualificazione totale<\/em><\/div>\n<div dir=\"auto\"><em>La colonia salesiana.,Villa Ida ,ha iniziato i lavori di messa in sicurezza per essere riqualificata Gran parte delle case messe in vendita hanno trovato acquirenti&#8221; Insomma- conclude Della Lucia &#8211;\u00a0 c\u2019\u00e8 ancora chi vede il bello a Frassene\u2019 guardando al futuro e non solo rimpiangendo il passato&#8221;. <\/em>Intanto da ieri su facebook l&#8217;annuncio che ha creato un dibattito: &#8220;La seggiovia di Frassen\u00e8 viene dismessa e sono in vendita i seggiolini se a qualcuno interessa. Prezzi: 20 euro sedile completo 10 euro solo sedile 10 euro gancio skilift. Disponibili da subito fino ad esaurimento&#8221;. Qualcuno ha pensato ad uno scherzo, altri hanno chiesto informazioni, Emiliano in serata ha concluso &#8220;Presi&#8221;<\/div>\n<div dir=\"auto\">\n\n\t\t\t<style type='text\/css'>\n\t\t\t\t#gallery-1 {\n\t\t\t\t\tmargin: auto;\n\t\t\t\t}\n\t\t\t\t#gallery-1 .gallery-item {\n\t\t\t\t\tfloat: left;\n\t\t\t\t\tmargin-top: 10px;\n\t\t\t\t\ttext-align: center;\n\t\t\t\t\twidth: 50%;\n\t\t\t\t}\n\t\t\t\t#gallery-1 img {\n\t\t\t\t\tborder: 2px solid #cfcfcf;\n\t\t\t\t}\n\t\t\t\t#gallery-1 .gallery-caption {\n\t\t\t\t\tmargin-left: 0;\n\t\t\t\t}\n\t\t\t\t\/* see gallery_shortcode() in wp-includes\/media.php *\/\n\t\t\t<\/style>\n\t\t<div id='gallery-1' class='dt-gallery-container gallery galleryid-244176 gallery-columns-2 gallery-size-medium'><dl class='gallery-item'>\n\t\t\t\t<dt class='gallery-icon landscape'>\n\t\t\t\t\t<a class=\"rollover rollover-zoom dt-pswp-item\" title=\"259271139_415246006928693_2496130940787962247_n\" data-dt-img-description=\"\" data-large_image_width=\"2016\" data-large_image_height=\"1512\"href='https:\/\/www.radiopiu.net\/wordpress\/wp-content\/uploads\/2021\/11\/259271139_415246006928693_2496130940787962247_n.jpg'><img loading=\"lazy\" decoding=\"async\" width=\"300\" height=\"225\" src=\"https:\/\/www.radiopiu.net\/wordpress\/wp-content\/uploads\/2021\/11\/259271139_415246006928693_2496130940787962247_n-300x225.jpg\" class=\"attachment-medium size-medium\" alt=\"\" srcset=\"https:\/\/www.radiopiu.net\/wordpress\/wp-content\/uploads\/2021\/11\/259271139_415246006928693_2496130940787962247_n-300x225.jpg 300w, https:\/\/www.radiopiu.net\/wordpress\/wp-content\/uploads\/2021\/11\/259271139_415246006928693_2496130940787962247_n-1024x768.jpg 1024w, https:\/\/www.radiopiu.net\/wordpress\/wp-content\/uploads\/2021\/11\/259271139_415246006928693_2496130940787962247_n-768x576.jpg 768w, https:\/\/www.radiopiu.net\/wordpress\/wp-content\/uploads\/2021\/11\/259271139_415246006928693_2496130940787962247_n-1536x1152.jpg 1536w, https:\/\/www.radiopiu.net\/wordpress\/wp-content\/uploads\/2021\/11\/259271139_415246006928693_2496130940787962247_n.jpg 2016w\" sizes=\"auto, (max-width: 300px) 100vw, 300px\" \/><\/a>\n\t\t\t\t<\/dt><\/dl><dl class='gallery-item'>\n\t\t\t\t<dt class='gallery-icon landscape'>\n\t\t\t\t\t<a class=\"rollover rollover-zoom dt-pswp-item\" title=\"258995976_415245930262034_5009009211026710355_n\" data-dt-img-description=\"\" data-large_image_width=\"2016\" data-large_image_height=\"1512\"href='https:\/\/www.radiopiu.net\/wordpress\/wp-content\/uploads\/2021\/11\/258995976_415245930262034_5009009211026710355_n.jpg'><img loading=\"lazy\" decoding=\"async\" width=\"300\" height=\"225\" src=\"https:\/\/www.radiopiu.net\/wordpress\/wp-content\/uploads\/2021\/11\/258995976_415245930262034_5009009211026710355_n-300x225.jpg\" class=\"attachment-medium size-medium\" alt=\"\" srcset=\"https:\/\/www.radiopiu.net\/wordpress\/wp-content\/uploads\/2021\/11\/258995976_415245930262034_5009009211026710355_n-300x225.jpg 300w, https:\/\/www.radiopiu.net\/wordpress\/wp-content\/uploads\/2021\/11\/258995976_415245930262034_5009009211026710355_n-1024x768.jpg 1024w, https:\/\/www.radiopiu.net\/wordpress\/wp-content\/uploads\/2021\/11\/258995976_415245930262034_5009009211026710355_n-768x576.jpg 768w, https:\/\/www.radiopiu.net\/wordpress\/wp-content\/uploads\/2021\/11\/258995976_415245930262034_5009009211026710355_n-1536x1152.jpg 1536w, https:\/\/www.radiopiu.net\/wordpress\/wp-content\/uploads\/2021\/11\/258995976_415245930262034_5009009211026710355_n.jpg 2016w\" sizes=\"auto, (max-width: 300px) 100vw, 300px\" \/><\/a>\n\t\t\t\t<\/dt><\/dl><br style=\"clear: both\" \/>\n\t\t\t<\/div>\n\n<p>&nbsp;<\/p>\n<p><span style=\"color: #ff0000;\"><strong>LA SCORSA SETTIMANA NEI NOTIZIARI DI RADIO PIU<\/strong><\/span><\/p>\n<blockquote><p><strong>VOLTAGO<\/strong> C&#8217;era una volta la seggiovia, a Frassen\u00e8 di Voltago,\u00a0 da Agordo ci arrivavi in un attimo, anche quando girava lo skilift al Col di Foglia, pur se per un paio di stagioni. Da Frassen\u00e8 la seggiovia ti portava in un altro mondo, dal verde del Broi che vedevi laggi\u00f9 al bianco della neve sotto l&#8217;Agner. E poi quegli altri impianti da una parte all&#8217;altra del colle. Sciate memorabili, gare memorabili, l&#8217;ultima che ricordo con la partecipazione di Radio Pi\u00f9 l&#8217;aveva organizzata Mauro con la sorella Gladis Riva e tutto l&#8217;hockey femminile, anche per loro erano gli anni d&#8217;oro, quelli dello scudetto a ripetizione. Chi ha frequentato Frassen\u00e8 anche dopo i tempi della Piccola Cortina ha ricordi indelebili, invernali ed estivi legati a quella seggiovia, che a breve non ci sar\u00e0 pi\u00f9 in via definitiva. Ma a Frassen\u00e8 le cose belle non hanno mai avuto un futuro, gli alberghi, le pensioni, la seggiovia e il Parco Laghetti, chiuso per lunghi periodi, ogni tanto aperto ad intermittenza con gestioni pi\u00f9 o meno indovinate.<\/p><\/blockquote>\n<p>&nbsp;<\/p>\n<p>IL RICORDO DI BARBARA BENVEGNU&#8217; IN SEGGIOVIA CON LA MAMMA<\/p>\n\n\t\t\t<style type='text\/css'>\n\t\t\t\t#gallery-2 {\n\t\t\t\t\tmargin: auto;\n\t\t\t\t}\n\t\t\t\t#gallery-2 .gallery-item {\n\t\t\t\t\tfloat: left;\n\t\t\t\t\tmargin-top: 10px;\n\t\t\t\t\ttext-align: center;\n\t\t\t\t\twidth: 50%;\n\t\t\t\t}\n\t\t\t\t#gallery-2 img {\n\t\t\t\t\tborder: 2px solid #cfcfcf;\n\t\t\t\t}\n\t\t\t\t#gallery-2 .gallery-caption {\n\t\t\t\t\tmargin-left: 0;\n\t\t\t\t}\n\t\t\t\t\/* see gallery_shortcode() in wp-includes\/media.php *\/\n\t\t\t<\/style>\n\t\t<div id='gallery-2' class='dt-gallery-container gallery galleryid-244176 gallery-columns-2 gallery-size-medium'><dl class='gallery-item'>\n\t\t\t\t<dt class='gallery-icon portrait'>\n\t\t\t\t\t<a class=\"rollover rollover-zoom dt-pswp-item\" title=\"87c94136-f850-46ad-96d0-dd4ce514fd74\" data-dt-img-description=\"\" data-large_image_width=\"1451\" data-large_image_height=\"2048\"href='https:\/\/www.radiopiu.net\/wordpress\/wp-content\/uploads\/2021\/11\/87c94136-f850-46ad-96d0-dd4ce514fd74.jpg'><img loading=\"lazy\" decoding=\"async\" width=\"213\" height=\"300\" src=\"https:\/\/www.radiopiu.net\/wordpress\/wp-content\/uploads\/2021\/11\/87c94136-f850-46ad-96d0-dd4ce514fd74-213x300.jpg\" class=\"attachment-medium size-medium\" alt=\"\" srcset=\"https:\/\/www.radiopiu.net\/wordpress\/wp-content\/uploads\/2021\/11\/87c94136-f850-46ad-96d0-dd4ce514fd74-213x300.jpg 213w, https:\/\/www.radiopiu.net\/wordpress\/wp-content\/uploads\/2021\/11\/87c94136-f850-46ad-96d0-dd4ce514fd74-726x1024.jpg 726w, https:\/\/www.radiopiu.net\/wordpress\/wp-content\/uploads\/2021\/11\/87c94136-f850-46ad-96d0-dd4ce514fd74-768x1084.jpg 768w, https:\/\/www.radiopiu.net\/wordpress\/wp-content\/uploads\/2021\/11\/87c94136-f850-46ad-96d0-dd4ce514fd74-1088x1536.jpg 1088w, https:\/\/www.radiopiu.net\/wordpress\/wp-content\/uploads\/2021\/11\/87c94136-f850-46ad-96d0-dd4ce514fd74.jpg 1451w\" sizes=\"auto, (max-width: 213px) 100vw, 213px\" \/><\/a>\n\t\t\t\t<\/dt><\/dl><dl class='gallery-item'>\n\t\t\t\t<dt class='gallery-icon portrait'>\n\t\t\t\t\t<a class=\"rollover rollover-zoom dt-pswp-item\" title=\"bffc8460-7ee5-4ced-8847-0a6608e894a7\" data-dt-img-description=\"\" data-large_image_width=\"473\" data-large_image_height=\"1364\"href='https:\/\/www.radiopiu.net\/wordpress\/wp-content\/uploads\/2021\/11\/bffc8460-7ee5-4ced-8847-0a6608e894a7.jpg'><img loading=\"lazy\" decoding=\"async\" width=\"104\" height=\"300\" src=\"https:\/\/www.radiopiu.net\/wordpress\/wp-content\/uploads\/2021\/11\/bffc8460-7ee5-4ced-8847-0a6608e894a7-104x300.jpg\" class=\"attachment-medium size-medium\" alt=\"\" srcset=\"https:\/\/www.radiopiu.net\/wordpress\/wp-content\/uploads\/2021\/11\/bffc8460-7ee5-4ced-8847-0a6608e894a7-104x300.jpg 104w, https:\/\/www.radiopiu.net\/wordpress\/wp-content\/uploads\/2021\/11\/bffc8460-7ee5-4ced-8847-0a6608e894a7-355x1024.jpg 355w, https:\/\/www.radiopiu.net\/wordpress\/wp-content\/uploads\/2021\/11\/bffc8460-7ee5-4ced-8847-0a6608e894a7.jpg 473w\" sizes=\"auto, (max-width: 104px) 100vw, 104px\" \/><\/a>\n\t\t\t\t<\/dt><\/dl><br style=\"clear: both\" \/>\n\t\t\t<\/div>\n\n<p>&nbsp;<\/p>\n<p>&nbsp;<\/p>\n<p>Le chiamano \u201cStrobs\u201d, ovvero strutture obsolete. Sono una cinquantina sulle Dolomiti bellunesi. In Comune di Voltago, da circa una decina d\u2019anni \u00e8 inattiva la seggiovia di Frassen\u00e9. \u00abLa propriet\u00e0\u00bb, aveva detto l\u2019ex sindaco Bruno Zanvit, \u00abha deciso finalmente di abbatterla, di bonificare l\u2019intera zona. E il cantiere avrebbe dovuto aprire gi\u00e0 a settembre<\/p>\n<p>&nbsp;<\/p>\n\n\t\t\t<style type='text\/css'>\n\t\t\t\t#gallery-3 {\n\t\t\t\t\tmargin: auto;\n\t\t\t\t}\n\t\t\t\t#gallery-3 .gallery-item {\n\t\t\t\t\tfloat: left;\n\t\t\t\t\tmargin-top: 10px;\n\t\t\t\t\ttext-align: center;\n\t\t\t\t\twidth: 33%;\n\t\t\t\t}\n\t\t\t\t#gallery-3 img {\n\t\t\t\t\tborder: 2px solid #cfcfcf;\n\t\t\t\t}\n\t\t\t\t#gallery-3 .gallery-caption {\n\t\t\t\t\tmargin-left: 0;\n\t\t\t\t}\n\t\t\t\t\/* see gallery_shortcode() in wp-includes\/media.php *\/\n\t\t\t<\/style>\n\t\t<div id='gallery-3' class='dt-gallery-container gallery galleryid-244176 gallery-columns-3 gallery-size-thumbnail'><dl class='gallery-item'>\n\t\t\t\t<dt class='gallery-icon landscape'>\n\t\t\t\t\t<a class=\"rollover rollover-zoom dt-pswp-item\" title=\"th\" data-dt-img-description=\"\" data-large_image_width=\"327\" data-large_image_height=\"184\"href='https:\/\/www.radiopiu.net\/wordpress\/wp-content\/uploads\/2021\/11\/th-14.jpg'><img loading=\"lazy\" decoding=\"async\" width=\"150\" height=\"150\" src=\"https:\/\/www.radiopiu.net\/wordpress\/wp-content\/uploads\/2021\/11\/th-14-150x150.jpg\" class=\"attachment-thumbnail size-thumbnail\" alt=\"\" \/><\/a>\n\t\t\t\t<\/dt><\/dl><dl class='gallery-item'>\n\t\t\t\t<dt class='gallery-icon landscape'>\n\t\t\t\t\t<a class=\"rollover rollover-zoom dt-pswp-item\" title=\"th\" data-dt-img-description=\"\" data-large_image_width=\"244\" data-large_image_height=\"183\"href='https:\/\/www.radiopiu.net\/wordpress\/wp-content\/uploads\/2021\/11\/th-15.jpg'><img loading=\"lazy\" decoding=\"async\" width=\"150\" height=\"150\" src=\"https:\/\/www.radiopiu.net\/wordpress\/wp-content\/uploads\/2021\/11\/th-15-150x150.jpg\" class=\"attachment-thumbnail size-thumbnail\" alt=\"\" \/><\/a>\n\t\t\t\t<\/dt><\/dl><dl class='gallery-item'>\n\t\t\t\t<dt class='gallery-icon landscape'>\n\t\t\t\t\t<a class=\"rollover rollover-zoom dt-pswp-item\" title=\"th\" data-dt-img-description=\"\" data-large_image_width=\"267\" data-large_image_height=\"178\"href='https:\/\/www.radiopiu.net\/wordpress\/wp-content\/uploads\/2021\/11\/th-16.jpg'><img loading=\"lazy\" decoding=\"async\" width=\"150\" height=\"150\" src=\"https:\/\/www.radiopiu.net\/wordpress\/wp-content\/uploads\/2021\/11\/th-16-150x150.jpg\" class=\"attachment-thumbnail size-thumbnail\" alt=\"\" \/><\/a>\n\t\t\t\t<\/dt><\/dl><br style=\"clear: both\" \/>\n\t\t\t<\/div>\n\n<p><strong>IL CANTO DEL CIGNO&#8230; L&#8217;ULTIMO GIRO\u00a0 MENTRE SI TOLGONO I SEGGIOLINI<\/strong><\/p>\n<div style=\"width: 848px;\" class=\"wp-video\"><video class=\"wp-video-shortcode\" id=\"video-244176-1\" width=\"848\" height=\"480\" preload=\"metadata\" controls=\"controls\"><source type=\"video\/mp4\" src=\"https:\/\/www.radiopiu.net\/wordpress\/wp-content\/uploads\/2021\/11\/WhatsApp-Video-2021-11-17-at-19.57.55.mp4?_=1\" \/><a href=\"https:\/\/www.radiopiu.net\/wordpress\/wp-content\/uploads\/2021\/11\/WhatsApp-Video-2021-11-17-at-19.57.55.mp4\">https:\/\/www.radiopiu.net\/wordpress\/wp-content\/uploads\/2021\/11\/WhatsApp-Video-2021-11-17-at-19.57.55.mp4<\/a><\/video><\/div>\n<p>&nbsp;<\/p>\n<p><strong>di Dario Ganz, Agordo<\/strong><\/p>\n<div dir=\"auto\"><strong><a class=\"dt-pswp-item\" href=\"https:\/\/www.radiopiu.net\/wordpress\/wp-content\/uploads\/2021\/11\/mm.jpg.jpg\" data-dt-img-description=\"\" data-large_image_width=\"1599\" data-large_image_height=\"899\"><img loading=\"lazy\" decoding=\"async\" class=\"wp-image-243575 alignleft\" src=\"https:\/\/www.radiopiu.net\/wordpress\/wp-content\/uploads\/2021\/11\/mm.jpg-300x169.jpg\" alt=\"\" width=\"201\" height=\"113\" srcset=\"https:\/\/www.radiopiu.net\/wordpress\/wp-content\/uploads\/2021\/11\/mm.jpg-300x169.jpg 300w, https:\/\/www.radiopiu.net\/wordpress\/wp-content\/uploads\/2021\/11\/mm.jpg-1024x576.jpg 1024w, https:\/\/www.radiopiu.net\/wordpress\/wp-content\/uploads\/2021\/11\/mm.jpg-768x432.jpg 768w, https:\/\/www.radiopiu.net\/wordpress\/wp-content\/uploads\/2021\/11\/mm.jpg-1536x864.jpg 1536w, https:\/\/www.radiopiu.net\/wordpress\/wp-content\/uploads\/2021\/11\/mm.jpg.jpg 1599w\" sizes=\"auto, (max-width: 201px) 100vw, 201px\" \/><\/a>SuperDoloMitici! Che nostalgia!<\/strong><\/div>\n<div dir=\"auto\"><strong>Le giacche e gli sci magari non erano &#8220;all&#8217;ultima moda&#8221;, la seggiovia era a seggiolino singolo, cavo e padella dello skylift erano un poco bruschi in partenza, ma si sciava liberi, senza caschetto, assicurazioni e anelli da completare entro le ore x. Le piste non erano proprio dei bigliardi anche se, a Forcella Aurine, come a Malga Losch, i Fratelli De Dorigo si davano tutti un bel da fare per portare la neve con le slitte dal bosco. Ci si divertiva un sacco! Forse il DoloMitici! \u00e8 nato anche li, in quelle lente salite con ganci che non arrivavano mai ma lasciavano il tempo della riflessione.<\/strong><\/div>\n<\/div>\n","protected":false},"excerpt":{"rendered":"<p>VOLTAGO\u00a0 Ha ragione Luigi Paolo Della Lucia a mettere in evidenza anche i lati positivi della Frassen\u00e8 di Voltago gi\u00e0 Piccola Cortina. Se nei giorni scorsi negli articoli si \u00e8 letto solo di ricordi, passato, strutture abbandonate come la seggiovia in demolizione o il Parco Laghetti senza gestione da tempo, oggi Paolo ricorda che\u00a0 &#8220;Non&hellip;<\/p>\n","protected":false},"author":4,"featured_media":244182,"comment_status":"closed","ping_status":"open","sticky":false,"template":"","format":"standard","meta":{"_monsterinsights_skip_tracking":false,"_monsterinsights_sitenote_active":false,"_monsterinsights_sitenote_note":"","_monsterinsights_sitenote_category":0,"footnotes":""},"categories":[51,49],"tags":[],"class_list":["post-244176","post","type-post","status-publish","format-standard","has-post-thumbnail","hentry","category-evidenza-top","category-news-18","category-51","category-49","description-off"],"img_url":"https:\/\/www.radiopiu.net\/wordpress\/wp-content\/uploads\/2021\/11\/258995976_415245930262034_5009009211026710355_n-1.jpg","_links":{"self":[{"href":"https:\/\/www.radiopiu.net\/wordpress\/wp-json\/wp\/v2\/posts\/244176","targetHints":{"allow":["GET"]}}],"collection":[{"href":"https:\/\/www.radiopiu.net\/wordpress\/wp-json\/wp\/v2\/posts"}],"about":[{"href":"https:\/\/www.radiopiu.net\/wordpress\/wp-json\/wp\/v2\/types\/post"}],"author":[{"embeddable":true,"href":"https:\/\/www.radiopiu.net\/wordpress\/wp-json\/wp\/v2\/users\/4"}],"replies":[{"embeddable":true,"href":"https:\/\/www.radiopiu.net\/wordpress\/wp-json\/wp\/v2\/comments?post=244176"}],"version-history":[{"count":0,"href":"https:\/\/www.radiopiu.net\/wordpress\/wp-json\/wp\/v2\/posts\/244176\/revisions"}],"wp:featuredmedia":[{"embeddable":true,"href":"https:\/\/www.radiopiu.net\/wordpress\/wp-json\/wp\/v2\/media\/244182"}],"wp:attachment":[{"href":"https:\/\/www.radiopiu.net\/wordpress\/wp-json\/wp\/v2\/media?parent=244176"}],"wp:term":[{"taxonomy":"category","embeddable":true,"href":"https:\/\/www.radiopiu.net\/wordpress\/wp-json\/wp\/v2\/categories?post=244176"},{"taxonomy":"post_tag","embeddable":true,"href":"https:\/\/www.radiopiu.net\/wordpress\/wp-json\/wp\/v2\/tags?post=244176"}],"curies":[{"name":"wp","href":"https:\/\/api.w.org\/{rel}","templated":true}]}}