{"id":244358,"date":"2021-11-22T18:31:53","date_gmt":"2021-11-22T17:31:53","guid":{"rendered":"https:\/\/www.radiopiu.net\/wordpress\/?p=244358"},"modified":"2021-11-22T18:31:54","modified_gmt":"2021-11-22T17:31:54","slug":"giornata-nazionale-dellalbero-2021","status":"publish","type":"post","link":"https:\/\/www.radiopiu.net\/wordpress\/giornata-nazionale-dellalbero-2021\/","title":{"rendered":"GIORNATA NAZIONALE DELL\u2019ALBERO 2021"},"content":{"rendered":"<blockquote>\n<h2>\nL\u2019impegno dei Comandi Stazione dei Carabinieri Forestali della provincia di Belluno<\/h2>\n<\/blockquote>\n<p><a href=\"https:\/\/www.radiopiu.net\/wordpress\/giornata-nazionale-dellalbero-2021\/3aebe2c5-de6f-4f5b-b9b0-7bec5c820d4e\/\" rel=\"attachment wp-att-244359\"><img loading=\"lazy\" decoding=\"async\" class=\"size-medium wp-image-244359 alignleft\" src=\"https:\/\/www.radiopiu.net\/wordpress\/wp-content\/uploads\/2021\/11\/3aebe2c5-de6f-4f5b-b9b0-7bec5c820d4e-300x225.jpg\" alt=\"\" width=\"300\" height=\"225\" srcset=\"https:\/\/www.radiopiu.net\/wordpress\/wp-content\/uploads\/2021\/11\/3aebe2c5-de6f-4f5b-b9b0-7bec5c820d4e-300x225.jpg 300w, https:\/\/www.radiopiu.net\/wordpress\/wp-content\/uploads\/2021\/11\/3aebe2c5-de6f-4f5b-b9b0-7bec5c820d4e-1024x768.jpg 1024w, https:\/\/www.radiopiu.net\/wordpress\/wp-content\/uploads\/2021\/11\/3aebe2c5-de6f-4f5b-b9b0-7bec5c820d4e-768x576.jpg 768w, https:\/\/www.radiopiu.net\/wordpress\/wp-content\/uploads\/2021\/11\/3aebe2c5-de6f-4f5b-b9b0-7bec5c820d4e-1536x1152.jpg 1536w, https:\/\/www.radiopiu.net\/wordpress\/wp-content\/uploads\/2021\/11\/3aebe2c5-de6f-4f5b-b9b0-7bec5c820d4e.jpg 1600w\" sizes=\"auto, (max-width: 300px) 100vw, 300px\" \/><\/a>Le celebrazioni per la Giornata Nazionale dell\u2019Albero, iniziate nei giorni scorsi anche nel capoluogo della nostra Provincia ed inserite nell\u2019ambito della speciale manifestazione \u201cl\u2019albero della legalit\u00e0\u201d organizzata dalla Fondazione Falcone e dall&#8217;Arma dei Carabinieri, sono proseguite in data odierna calandosi capillarmente su tutto il territorio nazionale, grazie al coinvolgimento di tutte le Stazioni dei Carabinieri Forestali d\u2019Italia. Nel territorio bellunese i militari delle 13 Stazioni Forestali del Gruppo CC di Belluno e delle 4 Stazioni Parco del Reparto CC Parco Nazionale Dolomiti Bellunesi, coinvolgendo le Scuole locali, hanno messo a dimora in 20 siti della provincia pi\u00f9 di 20 piantine di specie autoctone che contribuiranno a costituire il grande \u201cBosco diffuso\u201d a livello nazionale, riscontrabile nelle cartografie del sito www.unalberoperilfuturo.it, voluto dai Carabinieri forestali nell\u2019ambito del progetto \u201cUn albero per il futuro\u201d volto alla sensibilizzazione dei pi\u00f9 giovani alle tematiche ambientali e di educazione alla legalit\u00e0.<br \/>\nL\u2019occasione, vissuta assieme ai rappresentanti delle Amministrazioni Comunali e delle Associazioni naturalistico-ambientali locali, ha permesso di parlare ai giovani studenti dell\u2019importanza degli alberi, determinanti per il mantenimento degli equilibri ambientali ed il contenimento dei cambiamenti climatici, portando la riflessione anche sull\u2019indispensabilit\u00e0 dell&#8217;impegno sociale suscitata dall\u2019\u201dAlbero di Falcone\u201d, quale simbolo di legalit\u00e0 e di lotta alla criminalit\u00e0, sempre pi\u00f9 necessaria anche in ambito ambientale.<\/p>\n","protected":false},"excerpt":{"rendered":"<p>L\u2019impegno dei Comandi Stazione dei Carabinieri Forestali della provincia di Belluno Le celebrazioni per la Giornata Nazionale dell\u2019Albero, iniziate nei giorni scorsi anche nel capoluogo della nostra Provincia ed inserite nell\u2019ambito della speciale manifestazione \u201cl\u2019albero della legalit\u00e0\u201d organizzata dalla Fondazione Falcone e dall&#8217;Arma dei Carabinieri, sono proseguite in data odierna calandosi capillarmente su tutto il&hellip;<\/p>\n","protected":false},"author":4,"featured_media":244359,"comment_status":"closed","ping_status":"open","sticky":false,"template":"","format":"standard","meta":{"_monsterinsights_skip_tracking":false,"_monsterinsights_sitenote_active":false,"_monsterinsights_sitenote_note":"","_monsterinsights_sitenote_category":0,"footnotes":""},"categories":[49],"tags":[],"class_list":["post-244358","post","type-post","status-publish","format-standard","has-post-thumbnail","hentry","category-news-18","category-49","description-off"],"img_url":"https:\/\/www.radiopiu.net\/wordpress\/wp-content\/uploads\/2021\/11\/3aebe2c5-de6f-4f5b-b9b0-7bec5c820d4e.jpg","_links":{"self":[{"href":"https:\/\/www.radiopiu.net\/wordpress\/wp-json\/wp\/v2\/posts\/244358","targetHints":{"allow":["GET"]}}],"collection":[{"href":"https:\/\/www.radiopiu.net\/wordpress\/wp-json\/wp\/v2\/posts"}],"about":[{"href":"https:\/\/www.radiopiu.net\/wordpress\/wp-json\/wp\/v2\/types\/post"}],"author":[{"embeddable":true,"href":"https:\/\/www.radiopiu.net\/wordpress\/wp-json\/wp\/v2\/users\/4"}],"replies":[{"embeddable":true,"href":"https:\/\/www.radiopiu.net\/wordpress\/wp-json\/wp\/v2\/comments?post=244358"}],"version-history":[{"count":0,"href":"https:\/\/www.radiopiu.net\/wordpress\/wp-json\/wp\/v2\/posts\/244358\/revisions"}],"wp:featuredmedia":[{"embeddable":true,"href":"https:\/\/www.radiopiu.net\/wordpress\/wp-json\/wp\/v2\/media\/244359"}],"wp:attachment":[{"href":"https:\/\/www.radiopiu.net\/wordpress\/wp-json\/wp\/v2\/media?parent=244358"}],"wp:term":[{"taxonomy":"category","embeddable":true,"href":"https:\/\/www.radiopiu.net\/wordpress\/wp-json\/wp\/v2\/categories?post=244358"},{"taxonomy":"post_tag","embeddable":true,"href":"https:\/\/www.radiopiu.net\/wordpress\/wp-json\/wp\/v2\/tags?post=244358"}],"curies":[{"name":"wp","href":"https:\/\/api.w.org\/{rel}","templated":true}]}}