{"id":244378,"date":"2021-11-24T05:52:11","date_gmt":"2021-11-24T04:52:11","guid":{"rendered":"https:\/\/www.radiopiu.net\/wordpress\/?p=244378"},"modified":"2021-11-24T09:23:20","modified_gmt":"2021-11-24T08:23:20","slug":"giornale-radiopiu-24-novembre-2021-direttore-mirko-mezzacasa","status":"publish","type":"post","link":"https:\/\/www.radiopiu.net\/wordpress\/giornale-radiopiu-24-novembre-2021-direttore-mirko-mezzacasa\/","title":{"rendered":"GIORNALE RADIOPIU 24 NOVEMBRE 2021 DIRETTORE MIRKO MEZZACASA"},"content":{"rendered":"<h3 class=\"kvgmc6g5 cxmmr5t8 oygrvhab hcukyx3x c1et5uql\"><span style=\"color: #0000ff;\"><strong>INFORMAZIONE il canale su TELEGRAM informazione di prima mano e in tempo reale. iscriviti ed aiutaci a farlo conoscere\u00a0<\/strong><\/span><\/h3>\n<p>&nbsp;<\/p>\n<hr \/>\n<p>&nbsp;<\/p>\n<p><strong><a href=\"https:\/\/www.radiopiu.net\/wordpress\/lassessore-gianpaolo-bottacin-ribatte-alle-accuse-del-presidente-della-croce-verde-val-biois-stefano-murer\/croce-verde-val-biois-2\/\" rel=\"attachment wp-att-153811\"><img loading=\"lazy\" decoding=\"async\" class=\"wp-image-153811 alignleft\" src=\"https:\/\/www.radiopiu.net\/wordpress\/wp-content\/uploads\/2020\/08\/CROCE-VERDE-VAL-BIOIS-300x225.jpg\" alt=\"\" width=\"191\" height=\"143\" srcset=\"https:\/\/www.radiopiu.net\/wordpress\/wp-content\/uploads\/2020\/08\/CROCE-VERDE-VAL-BIOIS-300x225.jpg 300w, https:\/\/www.radiopiu.net\/wordpress\/wp-content\/uploads\/2020\/08\/CROCE-VERDE-VAL-BIOIS-1024x768.jpg 1024w, https:\/\/www.radiopiu.net\/wordpress\/wp-content\/uploads\/2020\/08\/CROCE-VERDE-VAL-BIOIS-768x576.jpg 768w, https:\/\/www.radiopiu.net\/wordpress\/wp-content\/uploads\/2020\/08\/CROCE-VERDE-VAL-BIOIS-1536x1153.jpg 1536w, https:\/\/www.radiopiu.net\/wordpress\/wp-content\/uploads\/2020\/08\/CROCE-VERDE-VAL-BIOIS.jpg 1599w\" sizes=\"auto, (max-width: 191px) 100vw, 191px\" \/><\/a><\/strong><\/p>\n<p><strong>La Croce Verde Val Biois, causa la carenza di volontari, ha emanato il calendario con i disservizi del mese di novembre.<\/strong><\/p>\n<p>Il calendario provvisorio: LUNEDI&#8217; 29 NOVEMBRE 2021 DALLE ORE 6:00 ALLE ORE 20:00.<\/p>\n<p><strong>\u00a0 \u00a0<\/strong><\/p>\n<p>&nbsp;<\/p>\n<p>&nbsp;<\/p>\n<p>&nbsp;<\/p>\n<hr \/>\n<p>&nbsp;<\/p>\n<blockquote>\n<blockquote>\n<blockquote>\n<h3>CHIUSURA DELLA PROVINCIALE 3 DI VALLE IMPERINA<\/h3>\n<\/blockquote>\n<p><strong><img loading=\"lazy\" decoding=\"async\" class=\"alignleft\" src=\"https:\/\/www.radiopiu.net\/wordpress\/wp-content\/uploads\/2021\/11\/d56ff87b-7cd1-4b77-8c69-2a01cc866a18.jpg\" width=\"68\" height=\"143\" \/>GOSALDO<\/strong> PROVINCIALE 3 VALLE IMPERINA: fino al 30 novembre esclusi sabato e domenica interruzione totale alla viabilit\u00e0\u00a0 per lavori di <a href=\"https:\/\/www.radiopiu.net\/wordpress\/iniziati-i-lavori-al-ponte-del-cristo-sulla-203-agordina\/ced07f80-a96b-45ee-a3d5-5dd6a16a320a\/\" rel=\"attachment wp-att-243364\"><img loading=\"lazy\" decoding=\"async\" class=\" wp-image-243364 alignright\" src=\"https:\/\/www.radiopiu.net\/wordpress\/wp-content\/uploads\/2021\/11\/ced07f80-a96b-45ee-a3d5-5dd6a16a320a-224x300.jpg\" alt=\"\" width=\"171\" height=\"229\" srcset=\"https:\/\/www.radiopiu.net\/wordpress\/wp-content\/uploads\/2021\/11\/ced07f80-a96b-45ee-a3d5-5dd6a16a320a-224x300.jpg 224w, https:\/\/www.radiopiu.net\/wordpress\/wp-content\/uploads\/2021\/11\/ced07f80-a96b-45ee-a3d5-5dd6a16a320a-766x1024.jpg 766w, https:\/\/www.radiopiu.net\/wordpress\/wp-content\/uploads\/2021\/11\/ced07f80-a96b-45ee-a3d5-5dd6a16a320a-768x1027.jpg 768w, https:\/\/www.radiopiu.net\/wordpress\/wp-content\/uploads\/2021\/11\/ced07f80-a96b-45ee-a3d5-5dd6a16a320a-1149x1536.jpg 1149w, https:\/\/www.radiopiu.net\/wordpress\/wp-content\/uploads\/2021\/11\/ced07f80-a96b-45ee-a3d5-5dd6a16a320a.jpg 1496w\" sizes=\"auto, (max-width: 171px) 100vw, 171px\" \/><\/a>messa in sicurezza:\u00a0 dalle 8 alle 12.45; dalle 13.45 alle 16 e dalle 16.30 alle 17.30 nei periodi non interessati dalla chiusura senso unico alternato con semaforo anche nei giorni festivi e prefestivi.<\/p>\n<p><strong>347 DURAN<\/strong>, chiusa in localit\u00e0 Dont fino al 4 dicembre dalle 8 alle 12 e dalle 13.30 alle 17.30<\/p>\n<p><strong>COLLE SANTA LUCIA 638 PASSO GIAU <\/strong>fino al 15 dicembre, tutti i giorni sono previste interruzioni fino a 15 minuti tra le 8 del mattino e le 17 del pomeriggio, negli altri orari senso unico alternato regolato da impianto semaforico.<\/p>\n<p>&nbsp;<\/p>\n<p>&nbsp;<\/p>\n<hr \/>\n<\/blockquote>\n<\/blockquote>\n<h3><\/h3>\n<hr \/>\n<h3>MA IL PONTE BAILEY SERVE DAVVERO?<\/h3>\n<p><strong>BELLUNO<\/strong> C&#8217;\u00e8 stato chi in passato la domanda se l&#8217; era posta, oggi trova la risposta in un lungo serpentone d&#8217;auto. Con la chiusura del ponte Bailey traffico fermo ieri sera, dalla galleria Maraga (dopo il cimitero urbano) alla rotonda del Conad.<\/p>\n<p><a href=\"https:\/\/www.radiopiu.net\/wordpress\/ma-il-ponte-bailey-serve-davvero\/64162198-7a3f-4446-b3b4-65e0303f56c5\/\" rel=\"attachment wp-att-244613\"><img loading=\"lazy\" decoding=\"async\" class=\"alignnone wp-image-244613 size-large\" src=\"https:\/\/www.radiopiu.net\/wordpress\/wp-content\/uploads\/2021\/11\/64162198-7a3f-4446-b3b4-65e0303f56c5-1024x576.jpg\" alt=\"\" width=\"1024\" height=\"576\" srcset=\"https:\/\/www.radiopiu.net\/wordpress\/wp-content\/uploads\/2021\/11\/64162198-7a3f-4446-b3b4-65e0303f56c5-1024x576.jpg 1024w, https:\/\/www.radiopiu.net\/wordpress\/wp-content\/uploads\/2021\/11\/64162198-7a3f-4446-b3b4-65e0303f56c5-300x169.jpg 300w, https:\/\/www.radiopiu.net\/wordpress\/wp-content\/uploads\/2021\/11\/64162198-7a3f-4446-b3b4-65e0303f56c5-768x432.jpg 768w, https:\/\/www.radiopiu.net\/wordpress\/wp-content\/uploads\/2021\/11\/64162198-7a3f-4446-b3b4-65e0303f56c5-1536x864.jpg 1536w, https:\/\/www.radiopiu.net\/wordpress\/wp-content\/uploads\/2021\/11\/64162198-7a3f-4446-b3b4-65e0303f56c5.jpg 2048w\" sizes=\"auto, (max-width: 1024px) 100vw, 1024px\" \/><\/a><\/p>\n<p>&nbsp;<\/p>\n<p>&nbsp;<\/p>\n<hr \/>\n<p>&nbsp;<\/p>\n<blockquote>\n<h3>OGGI L&#8217;ULTIMO SALUTO AD EMILIA<\/h3>\n<\/blockquote>\n<p><strong><a href=\"https:\/\/www.radiopiu.net\/wordpress\/feltrefonza12\/8afd7461-0d10-40b3-905c-919d7eee441b\/\" rel=\"attachment wp-att-243203\"><img loading=\"lazy\" decoding=\"async\" class=\" wp-image-243203 alignleft\" src=\"https:\/\/www.radiopiu.net\/wordpress\/wp-content\/uploads\/2021\/11\/8afd7461-0d10-40b3-905c-919d7eee441b-292x300.jpg\" alt=\"\" width=\"190\" height=\"195\" srcset=\"https:\/\/www.radiopiu.net\/wordpress\/wp-content\/uploads\/2021\/11\/8afd7461-0d10-40b3-905c-919d7eee441b-292x300.jpg 292w, https:\/\/www.radiopiu.net\/wordpress\/wp-content\/uploads\/2021\/11\/8afd7461-0d10-40b3-905c-919d7eee441b-768x789.jpg 768w, https:\/\/www.radiopiu.net\/wordpress\/wp-content\/uploads\/2021\/11\/8afd7461-0d10-40b3-905c-919d7eee441b.jpg 997w\" sizes=\"auto, (max-width: 190px) 100vw, 190px\" \/><\/a>FONZASO<\/strong> \u00a0Oggi alle 15, nella chiesa arcipretale di Fonzaso saranno celebrati\u00a0 i funerali di Emilia Santurini, 63 anni,\u00a0 travolta e uccisa luned\u00ec 15 in zona industriale,\u00a0 travolta dalla Fiesta guidata da un 25enne che non si \u00e8 fermato a soccorrerla, l&#8217;autorit\u00e0 giudiziaria ha rilasciato il nulla osta alla sepoltura e la famiglia ha potuto fissare l&#8217;ultimo addio.La donna lascia il marito Giuseppe Corso e la figlia Erika, oltre alla sorella Daniela e ai fratelli Egidio ed Oscar.<\/p>\n<p>&nbsp;<\/p>\n<p>&nbsp;<\/p>\n<p>&nbsp;<\/p>\n<p>&nbsp;<\/p>\n<p>&nbsp;<\/p>\n<hr \/>\n<p>&nbsp;<\/p>\n<h3><a href=\"https:\/\/www.radiopiu.net\/wordpress\/lhockey-cencenighe-vicino-alla-famiglia-callegari\/50099eb9-051e-44d1-955a-abd1596a6d79\/\" rel=\"attachment wp-att-244383\"><img loading=\"lazy\" decoding=\"async\" class=\" wp-image-244383 alignleft\" src=\"https:\/\/www.radiopiu.net\/wordpress\/wp-content\/uploads\/2021\/11\/50099eb9-051e-44d1-955a-abd1596a6d79-300x135.jpg\" alt=\"\" width=\"193\" height=\"87\" srcset=\"https:\/\/www.radiopiu.net\/wordpress\/wp-content\/uploads\/2021\/11\/50099eb9-051e-44d1-955a-abd1596a6d79-300x135.jpg 300w, https:\/\/www.radiopiu.net\/wordpress\/wp-content\/uploads\/2021\/11\/50099eb9-051e-44d1-955a-abd1596a6d79-1024x461.jpg 1024w, https:\/\/www.radiopiu.net\/wordpress\/wp-content\/uploads\/2021\/11\/50099eb9-051e-44d1-955a-abd1596a6d79-768x345.jpg 768w, https:\/\/www.radiopiu.net\/wordpress\/wp-content\/uploads\/2021\/11\/50099eb9-051e-44d1-955a-abd1596a6d79-1536x691.jpg 1536w, https:\/\/www.radiopiu.net\/wordpress\/wp-content\/uploads\/2021\/11\/50099eb9-051e-44d1-955a-abd1596a6d79.jpg 2048w\" sizes=\"auto, (max-width: 193px) 100vw, 193px\" \/><\/a>DOMANI A SANTA MARIA DELLE GRAZIE I FUNERALI DI MICHELE<\/h3>\n<p><strong>ALLEGHE\u00a0<\/strong> Domani alle 14.30 nel Santuario di Santa Maria delle Grazie si svolgeranno i funerali di \u00a0Michele Callegari, 66 anni alleghese di Caprile, lascia la moglie Francesca con le figlie Sara ed Elisa.<\/p>\n<p>&nbsp;<\/p>\n<hr \/>\n<p>&nbsp;<\/p>\n<p>&nbsp;<\/p>\n<blockquote>\n<h3>INVESTIMENTO LUNGO LA REGIONALE 203 AGORDINA<\/h3>\n<\/blockquote>\n<p><strong><a href=\"https:\/\/www.radiopiu.net\/wordpress\/?attachment_id=244625\" rel=\"attachment wp-att-244625\"><img loading=\"lazy\" decoding=\"async\" class=\" wp-image-244625 alignleft\" src=\"https:\/\/www.radiopiu.net\/wordpress\/wp-content\/uploads\/2021\/11\/013f08af-d917-4860-bd34-73ba27e49444-169x300.jpg\" alt=\"\" width=\"150\" height=\"266\" srcset=\"https:\/\/www.radiopiu.net\/wordpress\/wp-content\/uploads\/2021\/11\/013f08af-d917-4860-bd34-73ba27e49444-169x300.jpg 169w, https:\/\/www.radiopiu.net\/wordpress\/wp-content\/uploads\/2021\/11\/013f08af-d917-4860-bd34-73ba27e49444-576x1024.jpg 576w, https:\/\/www.radiopiu.net\/wordpress\/wp-content\/uploads\/2021\/11\/013f08af-d917-4860-bd34-73ba27e49444-768x1366.jpg 768w, https:\/\/www.radiopiu.net\/wordpress\/wp-content\/uploads\/2021\/11\/013f08af-d917-4860-bd34-73ba27e49444-864x1536.jpg 864w, https:\/\/www.radiopiu.net\/wordpress\/wp-content\/uploads\/2021\/11\/013f08af-d917-4860-bd34-73ba27e49444.jpg 899w\" sizes=\"auto, (max-width: 150px) 100vw, 150px\" \/><\/a><\/strong><\/p>\n<p><strong>TAIBON<\/strong> Erano le 19 ieri sera quando un&#8217;auto ha investito una persona tra il Giornale e Caff\u00e8 Dersut di via Agordina e il bivio difronte a Radio Pi\u00f9. Dalla fotografia scattata da lontano e nel buio sembra di vedere il cristallo sfondato dell&#8217;auto.<em> &#8220;Ho sentito il colpo &#8211; racconta un vicino &#8211; e ho capito che c&#8217;era stato un investimento. Poco dopo \u00e8 arrivata l&#8217;ambulanza del Suem 118 mentre l&#8217;auto, una Punto incidentata, ammaccata, rumorosa, ha ripreso la sua strada verso il centro di Taibon&#8221;.<\/em> E&#8217; stata investita R.L. 25 anni portata in ospedale per accertamenti con ferite lievi, sul posto altri lampeggianti, dei vigili del fuoco di Agordo e dei Carabinieri di Gosaldo. Ancora una volta il tratto di regionale gi\u00e0 teatro di gravi incidenti, purtroppo molti mortali, ha messo in evidenza la sua pericolosit\u00e0 per la mancanza di marciapiedi, illuminazione, passaggi pedonali, controlli della velocit\u00e0, pochi i controlli per il rispetto dei 70 chilometri orari.<\/p>\n<p><strong>\u00a0<\/strong><\/p>\n<p>&nbsp;<\/p>\n<p>&nbsp;<\/p>\n<p>&nbsp;<\/p>\n<p>&nbsp;<\/p>\n<hr \/>\n<p>&nbsp;<\/p>\n<p>&nbsp;<\/p>\n<div class=\"page-title-head hgroup\">\n<blockquote>\n<h3 class=\"entry-title\">GRIDA D\u2019AIUTO DA SAN MAMANTE, LA VERIFICA DEL SOCCORSO ALPINO<\/h3>\n<\/blockquote>\n<\/div>\n<div class=\"page-title-breadcrumbs\"><strong><img loading=\"lazy\" decoding=\"async\" class=\"alignleft\" src=\"https:\/\/www.radiopiu.net\/wordpress\/wp-content\/uploads\/2021\/10\/salt_20211025_145654_870.jpg\" width=\"279\" height=\"209\" \/>BELLUNO<\/strong>\u00a0 Il Soccorso alpino di Belluno \u00e8 stato allertato dalla chiamata di una persona, dell&#8217;abitato di Sossai che aveva sentito delle grida di aiuto provenire dallo sbocco della Valle di San Mamante, da dove prima arrivava il rumore di una motosega. Una squadra di soccorritori si \u00e8 portata sul posto \u00e8 assieme ai Vigili del fuoco ha iniziato a perlustrare entrambi i versanti della valle, senza avere alcun riscontro, finch\u00e9, verso le 17.30, \u00e8 stato contattato il 118 per appurare se fossero state ricoverate persone a seguito di un incidente in bosco. \u00c8 stato cos\u00ec che i soccorritori hanno saputo che effettivamente nel primo pomeriggio era stato accompagnato un uomo con un taglio sulla testa provocato dalla caduta di un ramo, mentre stava facendo legna in localit\u00e0 Menarosti, vicina alla Valle di San Mamante. L&#8217;allarme \u00e8 quindi rientrato.<\/div>\n<div><\/div>\n<div><\/div>\n<p>&nbsp;<\/p>\n<hr \/>\n<blockquote>\n<h3><\/h3>\n<p>&nbsp;<\/p>\n<p>&nbsp;<\/p>\n<h3>IL PREFETTO MARIANO SAVASTANO TRA GLI AMMINISTRATORI AGORDINI<\/h3>\n<\/blockquote>\n<p><strong><a href=\"https:\/\/www.radiopiu.net\/wordpress\/il-prefetto-mariano-savastano-tra-gli-amministratori-agordini\/d1569a59-1168-42c8-8f80-d26f4bf63bed\/\" rel=\"attachment wp-att-244460\"><img loading=\"lazy\" decoding=\"async\" class=\"size-medium wp-image-244460 alignleft\" src=\"https:\/\/www.radiopiu.net\/wordpress\/wp-content\/uploads\/2021\/11\/d1569a59-1168-42c8-8f80-d26f4bf63bed-300x169.jpg\" alt=\"\" width=\"300\" height=\"169\" srcset=\"https:\/\/www.radiopiu.net\/wordpress\/wp-content\/uploads\/2021\/11\/d1569a59-1168-42c8-8f80-d26f4bf63bed-300x169.jpg 300w, https:\/\/www.radiopiu.net\/wordpress\/wp-content\/uploads\/2021\/11\/d1569a59-1168-42c8-8f80-d26f4bf63bed-1024x576.jpg 1024w, https:\/\/www.radiopiu.net\/wordpress\/wp-content\/uploads\/2021\/11\/d1569a59-1168-42c8-8f80-d26f4bf63bed-768x432.jpg 768w, https:\/\/www.radiopiu.net\/wordpress\/wp-content\/uploads\/2021\/11\/d1569a59-1168-42c8-8f80-d26f4bf63bed-1536x864.jpg 1536w, https:\/\/www.radiopiu.net\/wordpress\/wp-content\/uploads\/2021\/11\/d1569a59-1168-42c8-8f80-d26f4bf63bed.jpg 1920w\" sizes=\"auto, (max-width: 300px) 100vw, 300px\" \/><\/a>AGORDO<\/strong> Il Prefetto Mariano Savastano ieri \u00e8 salito ad Agordo, nel Palazzo dell&#8217;Unione Montana ha incontrato il Presidente Michele Costa, i sindaci della vallata, i vigili del fuoco,\u00a0 le forze di Polizia (Carabinieri e Polizia Locale) e i responsabili del Com (centro operativo misto) che si rivel\u00f2 la\u00a0 vera fortuna in occasione dell&#8217;uragano Vaia, ma non meno importante in occasione di altre calamit\u00e0 naturali, dalle alluvioni alle abbondanti nevicate. <em>&#8220;Sono ad Agordo per prendere visione del Com &#8211; ha detto il Prefetto prima di incontrare gli amministratori in sala Don Tamis &#8211; per fare una sorta di &#8220;tagliando&#8221; alla macchina del Com che gi\u00e0 abbiamo visto all&#8217;opera nei giorni di Vaia, io ero in Piemonte, ma ho seguito il dramma della montagna bellunese con molta attenzione&#8221;<\/em> Vaia ma non solo Vaia ha sottolineato il Prefetto guardando anche ai molti altri interventi quando il Com \u00e8 chiamato in causa (mm)<\/p>\n<p><strong>AUDIO il Prefetto Savastano\u00a0<\/strong><\/p>\n<audio class=\"wp-audio-shortcode\" id=\"audio-244378-1\" preload=\"none\" style=\"width: 100%;\" controls=\"controls\"><source type=\"audio\/mpeg\" src=\"https:\/\/www.radiopiu.net\/wordpress\/wp-content\/uploads\/2021\/11\/savastano.mp3?_=1\" \/><a href=\"https:\/\/www.radiopiu.net\/wordpress\/wp-content\/uploads\/2021\/11\/savastano.mp3\">https:\/\/www.radiopiu.net\/wordpress\/wp-content\/uploads\/2021\/11\/savastano.mp3<\/a><\/audio>\n<p>&nbsp;<\/p>\n<p><a href=\"https:\/\/www.radiopiu.net\/wordpress\/il-prefetto-mariano-savastano-tra-gli-amministratori-agordini\/94c8e2db-8d8f-483e-ba81-a6e20be84f46\/\" rel=\"attachment wp-att-244457\"><img loading=\"lazy\" decoding=\"async\" class=\" wp-image-244457 alignleft\" src=\"https:\/\/www.radiopiu.net\/wordpress\/wp-content\/uploads\/2021\/11\/94c8e2db-8d8f-483e-ba81-a6e20be84f46-300x224.jpg\" alt=\"\" width=\"242\" height=\"181\" srcset=\"https:\/\/www.radiopiu.net\/wordpress\/wp-content\/uploads\/2021\/11\/94c8e2db-8d8f-483e-ba81-a6e20be84f46-300x224.jpg 300w, https:\/\/www.radiopiu.net\/wordpress\/wp-content\/uploads\/2021\/11\/94c8e2db-8d8f-483e-ba81-a6e20be84f46-1024x765.jpg 1024w, https:\/\/www.radiopiu.net\/wordpress\/wp-content\/uploads\/2021\/11\/94c8e2db-8d8f-483e-ba81-a6e20be84f46-768x574.jpg 768w, https:\/\/www.radiopiu.net\/wordpress\/wp-content\/uploads\/2021\/11\/94c8e2db-8d8f-483e-ba81-a6e20be84f46-1536x1148.jpg 1536w, https:\/\/www.radiopiu.net\/wordpress\/wp-content\/uploads\/2021\/11\/94c8e2db-8d8f-483e-ba81-a6e20be84f46.jpg 1600w\" sizes=\"auto, (max-width: 242px) 100vw, 242px\" \/><\/a>I C.O.M. (Centro Operativo Misto) sono nati originariamente come centri operativi di emergenza ( vale a dire strutture a supporto e coordinamento operativo istituite e organizzate esclusivamente in piena fase gestionale dell&#8217;emergenza a seguito di eventi catastrofici), si \u00e8 passati ad un&#8217;interpretazione pi\u00f9 ampia del termine che coinvolge anche strutture e ripartizioni organizzative di una o pi\u00f9 amministrazioni locali nelle attivit\u00e0 di costruzione del sistema locale di protezione civile nonch\u00e9 di pianificazione dell&#8217;emergenza da effettuare nel tempo ordinario. L&#8217;ubicazione del C.O.M. deve essere baricentrica rispetto ai Comuni afferenti e localizzata in strutture antisismiche, realizzate secondo le normative vigenti, non vulnerabili a qualsiasi tipo di rischio. Le strutture adibite a sede C.O.M. devono avere una superficie complessiva minima di500 m2con una suddivisione interna che preveda almeno: -una sala per le riunioni; -una sala per le Funzioni di Supporto; -una sala per il Volontariato; -una sala per le Telecomunicazioni. Tali strutture devono essere dotate di un piazzale attiguo che abbia dimensioni sufficienti ad accogliere mezzi pesanti e quanto altro occorra in stato di emergenza. \u00c8 opportuno prevedere una sede alternativa qualora, nel corso dell&#8217;emergenza, l&#8217;edificio individuato risultasse non idoneo.<\/p>\n<p>&nbsp;<\/p>\n<p>&nbsp;<\/p>\n<p>&nbsp;<\/p>\n<p>&nbsp;<\/p>\n<hr \/>\n<p>&nbsp;<\/p>\n<p>&nbsp;<\/p>\n<blockquote>\n<h3>FONDI PER IL RECUPERO DELLA FAUNA SELVATICA<\/h3>\n<\/blockquote>\n<p><strong><img loading=\"lazy\" decoding=\"async\" class=\"alignleft\" src=\"https:\/\/www.radiopiu.net\/wordpress\/wp-content\/uploads\/2019\/04\/Diorama-Tassidermia-Fauna-Selvatica-Vaia.jpg\" width=\"166\" height=\"142\" \/>VENEZIA<\/strong> La Giunta regionale del Veneto ha stanziato 267 mila euro per la gestione dei Centri regionali di recupero della fauna selvatica (Cras),\u00a0 la somma a titolo di rimborso per le spese sostenute, non solo per le attivit\u00e0 di recupero, ma anche di temporanea detenzione di singoli capi appartenenti alla fauna selvatica, la loro cura e, ove possibile, la loro successiva liberazione e re-immissione in natura, a seguito di azioni di riabilitazione e recupero funzionale. Alla provincia di Belluno\u00a0 sono stati assegnati 9.187 euro, Padova 45.000, Rovigo 32.000,\u00a0 Treviso 60.000, Citt\u00e0 Metropolitana di Venezia\u00a0 42.700, Verona 40.000 euro, Vicenza 38.600.<\/p>\n<blockquote><p><em>\u201cAzioni\u00a0 &#8211; dice l\u2019assessore regionale alla Caccia e alla Pesca Cristiano Corazzari &#8211; che concorrono alla costruzione di un sistema regionale di centri di recupero della fauna selvatica in difficolta che \u00e8 gi\u00e0 in fase di studio da parte degli uffici tecnici della Amministrazione regionale&#8221;.\u00a0<\/em><\/p>\n<p>&nbsp;<\/p><\/blockquote>\n<hr \/>\n<p>&nbsp;<\/p>\n<blockquote>\n<h3>IL PASTO DEL LUPO A PEDAVENA<\/h3>\n<\/blockquote>\n<p><a href=\"https:\/\/www.radiopiu.net\/wordpress\/giornale-radiopiu-24-novembre-2021-direttore-mirko-mezzacasa\/259729961_10227026271072273_5349946903411190409_n\/\" rel=\"attachment wp-att-244639\"><img loading=\"lazy\" decoding=\"async\" class=\"size-medium wp-image-244639 alignleft\" src=\"https:\/\/www.radiopiu.net\/wordpress\/wp-content\/uploads\/2021\/11\/259729961_10227026271072273_5349946903411190409_n-135x300.jpg\" alt=\"\" width=\"135\" height=\"300\" srcset=\"https:\/\/www.radiopiu.net\/wordpress\/wp-content\/uploads\/2021\/11\/259729961_10227026271072273_5349946903411190409_n-135x300.jpg 135w, https:\/\/www.radiopiu.net\/wordpress\/wp-content\/uploads\/2021\/11\/259729961_10227026271072273_5349946903411190409_n.jpg 270w\" sizes=\"auto, (max-width: 135px) 100vw, 135px\" \/><\/a><strong>PEDAVENA<\/strong> Il lupo arriva in centro, in via Roma davanti\u00a0 alla biblioteca\u00a0 a 60 dalla scuola materna. Si p sbranato la\u00a0 capretta Berta\u00a0 di Albergo De Carli. Nessun dubbio sull&#8217;autore della predazione per De Carli, che lavora per l&#8217;Ulss trevigiana e gi\u00e0 in mattinata ha informato tutti gli enti competenti, dalla polizia provinciale all&#8217;azienda sanitaria, contattando nel <a href=\"https:\/\/www.radiopiu.net\/wordpress\/giornale-radiopiu-24-novembre-2021-direttore-mirko-mezzacasa\/259825198_10227026271592286_8457201422970530598_n\/\" rel=\"attachment wp-att-244640\"><img loading=\"lazy\" decoding=\"async\" class=\"size-medium wp-image-244640 alignright\" src=\"https:\/\/www.radiopiu.net\/wordpress\/wp-content\/uploads\/2021\/11\/259825198_10227026271592286_8457201422970530598_n-169x300.jpg\" alt=\"\" width=\"169\" height=\"300\" srcset=\"https:\/\/www.radiopiu.net\/wordpress\/wp-content\/uploads\/2021\/11\/259825198_10227026271592286_8457201422970530598_n-169x300.jpg 169w, https:\/\/www.radiopiu.net\/wordpress\/wp-content\/uploads\/2021\/11\/259825198_10227026271592286_8457201422970530598_n.jpg 338w\" sizes=\"auto, (max-width: 169px) 100vw, 169px\" \/><\/a>pomeriggio il Comune per l&#8217;autorizzazione al seppellimento. E che ha voluto quindi segnalare l&#8217;accaduto ai compaesani con un post su Facebook<\/p>\n<blockquote><p><em>Lei era Berta viveva a Pedavena in via Roma a pochi metri dall&#8217;asilo e dalla sede comunale. Aveva 12 anni ed era un animale da compagnia come un qualsiasi cagnolino, interagiva con la famiglia e con chiunque passava a salutarla. Sta notte sono passati i lupi&#8230;.tralasciando la tristezza e desolazione di aver perso un animale di famiglia, il problema inizia a farsi importante gruppi di lupi girano in pieno centro abitato , \u00e8 diventato un problema di sicurezza pubblica.\u00a0<\/em><\/p><\/blockquote>\n<p>&nbsp;<\/p>\n<p>&nbsp;<\/p>\n<p>&nbsp;<\/p>\n<p>&nbsp;<\/p>\n<p>&nbsp;<\/p>\n<p>&nbsp;<\/p>\n<hr \/>\n<p>&nbsp;<\/p>\n<blockquote>\n<h3>UN LUNGO CONSIGLIO COMUNALE, DAI SERRAI DI SOTTOGUDA AL BOSTRICO: LE INTERROGAZIONI DELLE MINORANZE<\/h3>\n<\/blockquote>\n<p><strong><a href=\"https:\/\/www.radiopiu.net\/wordpress\/giornale-radiopiu-24-novembre-2021-direttore-mirko-mezzacasa\/whatsapp-image-2021-11-23-at-21-34-30\/\" rel=\"attachment wp-att-244635\"><img loading=\"lazy\" decoding=\"async\" class=\"wp-image-244635 alignleft\" src=\"https:\/\/www.radiopiu.net\/wordpress\/wp-content\/uploads\/2021\/11\/WhatsApp-Image-2021-11-23-at-21.34.30-300x225.jpeg\" alt=\"\" width=\"191\" height=\"143\" srcset=\"https:\/\/www.radiopiu.net\/wordpress\/wp-content\/uploads\/2021\/11\/WhatsApp-Image-2021-11-23-at-21.34.30-300x225.jpeg 300w, https:\/\/www.radiopiu.net\/wordpress\/wp-content\/uploads\/2021\/11\/WhatsApp-Image-2021-11-23-at-21.34.30-1024x768.jpeg 1024w, https:\/\/www.radiopiu.net\/wordpress\/wp-content\/uploads\/2021\/11\/WhatsApp-Image-2021-11-23-at-21.34.30-768x576.jpeg 768w, https:\/\/www.radiopiu.net\/wordpress\/wp-content\/uploads\/2021\/11\/WhatsApp-Image-2021-11-23-at-21.34.30-1536x1152.jpeg 1536w, https:\/\/www.radiopiu.net\/wordpress\/wp-content\/uploads\/2021\/11\/WhatsApp-Image-2021-11-23-at-21.34.30.jpeg 1600w\" sizes=\"auto, (max-width: 191px) 100vw, 191px\" \/><\/a>ROCCA PIETORE\u00a0<\/strong><\/p>\n<p><strong>IL SINDACO ANDREA DE BERNARDIN\u00a0<\/strong><\/p>\n<audio class=\"wp-audio-shortcode\" id=\"audio-244378-2\" preload=\"none\" style=\"width: 100%;\" controls=\"controls\"><source type=\"audio\/mpeg\" src=\"https:\/\/www.radiopiu.net\/wordpress\/wp-content\/uploads\/2021\/11\/ANDREA-LUNGO.mp3?_=2\" \/><a href=\"https:\/\/www.radiopiu.net\/wordpress\/wp-content\/uploads\/2021\/11\/ANDREA-LUNGO.mp3\">https:\/\/www.radiopiu.net\/wordpress\/wp-content\/uploads\/2021\/11\/ANDREA-LUNGO.mp3<\/a><\/audio>\n<p>&nbsp;<\/p>\n<p>&nbsp;<\/p>\n<p>&nbsp;<\/p>\n<hr \/>\n<blockquote>\n<h3>UN PARCHEGGIO DISABILI A FALCADE ALTO, LO CHIEDE LA MINORANZA<\/h3>\n<\/blockquote>\n<p><a href=\"https:\/\/www.radiopiu.net\/wordpress\/un-parcheggio-disabili-a-falcade-alto-lo-chiede-la-minoranza\/631aae00-d713-4a08-88ff-9be07ad57d51\/\" rel=\"attachment wp-att-244491\"><img loading=\"lazy\" decoding=\"async\" class=\" wp-image-244491 alignleft\" src=\"https:\/\/www.radiopiu.net\/wordpress\/wp-content\/uploads\/2021\/11\/631aae00-d713-4a08-88ff-9be07ad57d51-210x300.jpg\" alt=\"\" width=\"191\" height=\"273\" srcset=\"https:\/\/www.radiopiu.net\/wordpress\/wp-content\/uploads\/2021\/11\/631aae00-d713-4a08-88ff-9be07ad57d51-210x300.jpg 210w, https:\/\/www.radiopiu.net\/wordpress\/wp-content\/uploads\/2021\/11\/631aae00-d713-4a08-88ff-9be07ad57d51-718x1024.jpg 718w, https:\/\/www.radiopiu.net\/wordpress\/wp-content\/uploads\/2021\/11\/631aae00-d713-4a08-88ff-9be07ad57d51-768x1096.jpg 768w, https:\/\/www.radiopiu.net\/wordpress\/wp-content\/uploads\/2021\/11\/631aae00-d713-4a08-88ff-9be07ad57d51.jpg 984w\" sizes=\"auto, (max-width: 191px) 100vw, 191px\" \/><\/a><strong>FALCADE<\/strong> Cesare Bon consigliere comunale con il &#8220;Gruppo Uniti per la Val Biois, Rilanciamo Falcade&#8221; torna a fare pressioni perch\u00e9 il Comune preveda un parcheggio per disabili a Falcade Alto.<em> &#8220;Dopo la risposta del sindaco Michele Costa dello scorso\u00a0 1 luglio &#8211; dice Cesare Bon &#8211; chiediamo quale soluzioni siano state trovate per il posto disabili a Falcade Alto. Da luglio siamo in attesa di una risposta con i tempi di realizzazione della segnaletica orizzontale e verticale. Attendiamo fiduciosi&#8221;.<\/em><\/p>\n<p>Lo scorso luglio il sindaco aveva risposto:<em> &#8220;Premesso che non ero a conoscenza del fatto che una persona disabile avesse una seconda casa a Falcade, nessuna altra richiesta era stata fatta fin&#8217;ora durante il mio mandato amministrativo, n\u00e8 dai gruppi consiliari, n\u00e8 da persone direttamente interessate al problema. Con la presente comunico che l&#8217;amministrazione si prender\u00e0 carico del problema per le conseguenti valutazioni e soluzioni&#8221;.<\/em><\/p>\n<p>Nel consiglio comunale di oggi pomeriggio \u00e8 gi\u00e0 arrivata la risposta del sindaco.<\/p>\n<p>&nbsp;<\/p>\n<p><a href=\"https:\/\/www.radiopiu.net\/wordpress\/un-parcheggio-disabili-a-falcade-alto-lo-chiede-la-minoranza\/pp-91\/\" rel=\"attachment wp-att-244493\"><img loading=\"lazy\" decoding=\"async\" class=\"wp-image-244493 alignleft\" src=\"https:\/\/www.radiopiu.net\/wordpress\/wp-content\/uploads\/2021\/11\/pp-1-300x300.jpg\" alt=\"\" width=\"144\" height=\"144\" srcset=\"https:\/\/www.radiopiu.net\/wordpress\/wp-content\/uploads\/2021\/11\/pp-1-300x300.jpg 300w, https:\/\/www.radiopiu.net\/wordpress\/wp-content\/uploads\/2021\/11\/pp-1-150x150.jpg 150w, https:\/\/www.radiopiu.net\/wordpress\/wp-content\/uploads\/2021\/11\/pp-1.jpg 640w\" sizes=\"auto, (max-width: 144px) 100vw, 144px\" \/><\/a><strong>CESARE BON<\/strong><\/p>\n<audio class=\"wp-audio-shortcode\" id=\"audio-244378-3\" preload=\"none\" style=\"width: 100%;\" controls=\"controls\"><source type=\"audio\/mpeg\" src=\"https:\/\/www.radiopiu.net\/wordpress\/wp-content\/uploads\/2021\/11\/cesare-bon.mp3?_=3\" \/><a href=\"https:\/\/www.radiopiu.net\/wordpress\/wp-content\/uploads\/2021\/11\/cesare-bon.mp3\">https:\/\/www.radiopiu.net\/wordpress\/wp-content\/uploads\/2021\/11\/cesare-bon.mp3<\/a><\/audio>\n<p>&nbsp;<\/p>\n<p><a href=\"https:\/\/www.radiopiu.net\/wordpress\/pomeriggio-in-piscina-lo-speciale-alla-radio\/6632bdb3-c5e1-4839-9833-8acee2a1072c\/\" rel=\"attachment wp-att-238228\"><img loading=\"lazy\" decoding=\"async\" class=\"wp-image-238228 alignleft\" src=\"https:\/\/www.radiopiu.net\/wordpress\/wp-content\/uploads\/2021\/10\/6632bdb3-c5e1-4839-9833-8acee2a1072c-300x169.jpg\" alt=\"\" width=\"206\" height=\"116\" srcset=\"https:\/\/www.radiopiu.net\/wordpress\/wp-content\/uploads\/2021\/10\/6632bdb3-c5e1-4839-9833-8acee2a1072c-300x169.jpg 300w, https:\/\/www.radiopiu.net\/wordpress\/wp-content\/uploads\/2021\/10\/6632bdb3-c5e1-4839-9833-8acee2a1072c-1024x576.jpg 1024w, https:\/\/www.radiopiu.net\/wordpress\/wp-content\/uploads\/2021\/10\/6632bdb3-c5e1-4839-9833-8acee2a1072c-768x432.jpg 768w, https:\/\/www.radiopiu.net\/wordpress\/wp-content\/uploads\/2021\/10\/6632bdb3-c5e1-4839-9833-8acee2a1072c-1536x864.jpg 1536w, https:\/\/www.radiopiu.net\/wordpress\/wp-content\/uploads\/2021\/10\/6632bdb3-c5e1-4839-9833-8acee2a1072c.jpg 1920w\" sizes=\"auto, (max-width: 206px) 100vw, 206px\" \/><\/a>Il sindaco di Falcade, Michele Costa ha preso visione della missiva di Bon prima del consiglio comunale, nel corso della seduta \u00e8 arrivata puntuale la risposta<\/p>\n<p><strong>MICHELE COSTA\u00a0<\/strong><\/p>\n<audio class=\"wp-audio-shortcode\" id=\"audio-244378-4\" preload=\"none\" style=\"width: 100%;\" controls=\"controls\"><source type=\"audio\/mpeg\" src=\"https:\/\/www.radiopiu.net\/wordpress\/wp-content\/uploads\/2021\/11\/MICHELE-COSTA.mp3?_=4\" \/><a href=\"https:\/\/www.radiopiu.net\/wordpress\/wp-content\/uploads\/2021\/11\/MICHELE-COSTA.mp3\">https:\/\/www.radiopiu.net\/wordpress\/wp-content\/uploads\/2021\/11\/MICHELE-COSTA.mp3<\/a><\/audio>\n<p>&nbsp;<\/p>\n<p>&nbsp;<\/p>\n<hr \/>\n<p>&nbsp;<\/p>\n<p>&nbsp;<\/p>\n<blockquote>\n<h3>LINCIAGGIO SOCIAL AL GIORNALISTA DEL GAZZETTINO. SGV &#8220;INACCETTABILE&#8221;<\/h3>\n<\/blockquote>\n<header class=\"entry-header\">\n<p class=\"p-meta\"><strong><a href=\"https:\/\/www.radiopiu.net\/wordpress\/linciaggio-social-al-giornalista-del-gazzettino-sgv-inaccettabile\/belluno-no-green-pass-881x661\/\" rel=\"attachment wp-att-244590\"><img loading=\"lazy\" decoding=\"async\" class=\" wp-image-244590 alignleft\" src=\"https:\/\/www.radiopiu.net\/wordpress\/wp-content\/uploads\/2021\/11\/belluno-no-green-pass-881x661-1-300x225.jpg\" alt=\"\" width=\"184\" height=\"138\" srcset=\"https:\/\/www.radiopiu.net\/wordpress\/wp-content\/uploads\/2021\/11\/belluno-no-green-pass-881x661-1-300x225.jpg 300w, https:\/\/www.radiopiu.net\/wordpress\/wp-content\/uploads\/2021\/11\/belluno-no-green-pass-881x661-1-768x576.jpg 768w, https:\/\/www.radiopiu.net\/wordpress\/wp-content\/uploads\/2021\/11\/belluno-no-green-pass-881x661-1.jpg 881w\" sizes=\"auto, (max-width: 184px) 100vw, 184px\" \/><\/a>VENEZIA<\/strong>\u00a0 Il Sindacato giornalisti Veneto (Sgv), con l\u2019Assostampa bellunese, esprime solidariet\u00e0 al\u00a0 giornalista Davide Piol, della redazione di Belluno de Il Gazzettino, oggetto in questi ultimi giorni di aggressioni social inaccettabili, da parte di un non ben identificato gruppo di No Vax e No Green Pass. Da \u201cgiornalaio cialtrone, bugiardo, corrotto, avanzo di galera\u201d a \u201cvile miserabile che credeva di poter far violenza tenendosi nell\u2019ombra della feccia, avrai quello che meriti e non sarai il solo\u201d: queste solo alcune delle irricevibili espressioni vili e intimidatorie rivolte al giornalista che Sgv condanna senza se e senza ma. Il clima di guerra e odio nei confronti della stampa e dei giornalisti \u00e8 diventato insostenibile. Il diritto di critica \u00e8 un\u2019altra cosa. Non si possono accettare metodi squadristi che incitano al pubblico linciaggio e il giornalista non pu\u00f2 e non deve diventare il capro espiatorio. L\u2019informazione libera e indipendente \u00e8 garantita dall\u2019articolo 21 della Costituzione ed \u00e8 base fondante del vivere democratico e civile. La delegittimazione violenta e costante nei confronti di chi lavora per informare \u00e8 un pericolo. Le minacce e le intimidazioni sono penalmente perseguibili.<\/p>\n<blockquote>\n<p class=\"p-meta\"><em>Sgv richiama anche le forze dell\u2019ordine a vigilare sulla sicurezza dei giornalisti e si riserva di agire in tutte le sedi per la tutela del colleghi aggrediti e minacciati sia durante le manifestazioni che via social.<\/em><\/p>\n<\/blockquote>\n<\/header>\n<div class=\"entry-content content\">\n<p>&nbsp;<\/p>\n<p>&nbsp;<\/p>\n<p>&nbsp;<\/p>\n<hr \/>\n<p>&nbsp;<\/p>\n<blockquote>\n<h3>ADDIO GIULIA, LA NONNA DI CANALE D&#8217;AGORDO. LE CONDOGLIANZE DEL CONSOLE AUSTRIACO<\/h3>\n<\/blockquote>\n<p><strong>CANALE D&#8217;AGORDO<\/strong> Era la nonna dell&#8217;intero paese con i suoi 103 anni di esperienza festeggiati lo scorso maggio alle Codole tra un ricordo e l&#8217;altro. Quel giorno Giulia Fontanive era uno splendore accanto al console austriaco e al sindaco Flavio Colcergnan in fascia tricolore, come lo era nelle settimane successive lavorando nell&#8217;orto. Oggi le campane della chiesa di Canale d&#8217;Agordo hanno richiamato l&#8217;attenzione della comunit\u00e0 e in poco tempo la voce si \u00e8 sparsa. E&#8217; mancata Giulia Fontanive, ai tre figli agli amati nipoti ai parenti giunga il nostro messaggio di vicinanza. Giulia, presenza importante per il paese certi che ci mancher\u00e0\u00a0Ieri sera il console austriaco Clemens Mantl ha fatto pervenire alla famiglia di Giulia Fontanive un messaggio di condoglianze tramite il direttore del Museo Albino Luciani, Loris Serafini. <em>&#8220;E&#8217; stato un grande onore poterla conoscere e festeggiare il suo compleanno. Mi colp\u00ec la sua forza e il suo umore e porter\u00f2 sempre nel cuore il ricordo di quell&#8217;incontro&#8221;.<\/em><\/p>\n<p><em>mirko\u00a0<\/em><\/p>\n<\/div>\n<div>\n<div class=\"pybr56ya dati1w0a hv4rvrfc n851cfcs btwxx1t3 j83agx80 ll8tlv6m\">\n<div class=\"buofh1pr\">\n<div class=\"j83agx80 cbu4d94t ew0dbk1b irj2b8pg\">\n<div class=\"qzhwtbm6 knvmm38d\">\n<h4 id=\"jsc_c_3ou\" class=\"gmql0nx0 l94mrbxd p1ri9a11 lzcic4wl aahdfvyu hzawbc8m\"><span class=\"nc684nl6\"><strong><a href=\"https:\/\/www.radiopiu.net\/wordpress\/giuliafontanivea\/260206665_10220644988454995_8990868008534973822_n\/\" rel=\"attachment wp-att-244670\"><img loading=\"lazy\" decoding=\"async\" class=\"wp-image-244670 alignleft\" src=\"https:\/\/www.radiopiu.net\/wordpress\/wp-content\/uploads\/2021\/11\/260206665_10220644988454995_8990868008534973822_n-300x225.jpg\" alt=\"\" width=\"181\" height=\"136\" srcset=\"https:\/\/www.radiopiu.net\/wordpress\/wp-content\/uploads\/2021\/11\/260206665_10220644988454995_8990868008534973822_n-300x225.jpg 300w, https:\/\/www.radiopiu.net\/wordpress\/wp-content\/uploads\/2021\/11\/260206665_10220644988454995_8990868008534973822_n.jpg 600w\" sizes=\"auto, (max-width: 181px) 100vw, 181px\" \/><\/a>Daniele Cagnati<\/strong> <\/span><\/h4>\n<h4 class=\"gmql0nx0 l94mrbxd p1ri9a11 lzcic4wl aahdfvyu hzawbc8m\">Ciao nonna. Che peccato hai deciso di andare dal nonno. Ti credevamo quasi invincibile. Tre mesi fa mi hai chiesto di cambiarti il pavimento di camera. Come potevo dirti di no a soli 103 anni? Ci ha fatto tanto ridere in questi anni. Grazie di tutto! Ci mancherai tanto!<\/h4>\n<\/div>\n<\/div>\n<\/div>\n<\/div>\n<\/div>\n<p>&nbsp;<\/p>\n<p>&nbsp;<\/p>\n<div class=\"entry-content content\">\n<blockquote class=\"wp-embedded-content\" data-secret=\"vdQ2UG9BrT\"><p><a href=\"https:\/\/www.radiopiu.net\/wordpress\/giuliafontanive\/\">ADDIO GIULIA, LA NONNA DI CANALE D&#8217;AGORDO<\/a><\/p><\/blockquote>\n<p><iframe loading=\"lazy\" class=\"wp-embedded-content\" sandbox=\"allow-scripts\" security=\"restricted\" style=\"position: absolute; clip: rect(1px, 1px, 1px, 1px);\" title=\"&#8220;ADDIO GIULIA, LA NONNA DI CANALE D&#8217;AGORDO&#8221; &#8212; Radio Pi\u00f9\" src=\"https:\/\/www.radiopiu.net\/wordpress\/giuliafontanive\/embed\/#?secret=vdQ2UG9BrT\" data-secret=\"vdQ2UG9BrT\" width=\"600\" height=\"338\" frameborder=\"0\" marginwidth=\"0\" marginheight=\"0\" scrolling=\"no\"><\/iframe><\/p>\n<p>&nbsp;<\/p>\n<\/div>\n<hr \/>\n<p>&nbsp;<\/p>\n<p>&nbsp;<\/p>\n<p>&nbsp;<\/p>\n<blockquote>\n<h3>COVID IN PROVINCIA, 11 RICOVERATI, 2 IN TERAPIA INTENSIVA<\/h3>\n<\/blockquote>\n<p>&nbsp;<\/p>\n<p><strong><img loading=\"lazy\" decoding=\"async\" class=\"alignleft\" src=\"https:\/\/www.radiopiu.net\/wordpress\/wp-content\/uploads\/2021\/06\/COVID.jpg\" width=\"196\" height=\"130\" \/>BELLUNO<\/strong> Punto covid di ieri, attuali positivi 578, p ersone in quarantena isolamento 1069 Ricoveri: \u00a0area non critica: 11 \u00a0Terapia Intensiva: 2.\u00a0 Nella tarda serata di ieri e nella notte sono state ricoverate 4 nuove persone covid positive all\u2019ospedale San Martino di Belluno.<br \/>\nSi tratta di persone anche giovani (38, 51, 65 e 74 anni) di cui 3 non vaccinate e 1 che ha completato il ciclo vaccinale da pi\u00f9 di sei mesi. Campagna vaccinale \u2981 Vaccinati con almeno una dose: 84,3% &#8211; 153.747 persone \u2981 Ciclo completo: 82,5% &#8211; 150.513 persone \u2981 Persone non vaccinate: 28.645 \u2981 Numero terze dosi eseguite: 16.054<\/p>\n<p>&nbsp;<\/p>\n<p>&nbsp;<\/p>\n<p>&nbsp;<\/p>\n<p>&nbsp;<\/p>\n<hr \/>\n<p>&nbsp;<\/p>\n<p>&nbsp;<\/p>\n<blockquote class=\"wp-embedded-content\" data-secret=\"MYLCftKQyK\"><p><a href=\"https:\/\/www.radiopiu.net\/wordpress\/aggiornamentonov23\/\">CORONAVIRUS: AGGIORNAMENTO NAZIONALE 23 NOVEMBRE  2021<\/a><\/p><\/blockquote>\n<p><iframe loading=\"lazy\" class=\"wp-embedded-content\" sandbox=\"allow-scripts\" security=\"restricted\" style=\"position: absolute; clip: rect(1px, 1px, 1px, 1px);\" title=\"&#8220;CORONAVIRUS: AGGIORNAMENTO NAZIONALE 23 NOVEMBRE  2021&#8221; &#8212; Radio Pi\u00f9\" src=\"https:\/\/www.radiopiu.net\/wordpress\/aggiornamentonov23\/embed\/#?secret=MYLCftKQyK\" data-secret=\"MYLCftKQyK\" width=\"600\" height=\"338\" frameborder=\"0\" marginwidth=\"0\" marginheight=\"0\" scrolling=\"no\"><\/iframe><\/p>\n<p>&nbsp;<\/p>\n<blockquote class=\"wp-embedded-content\" data-secret=\"GQqVPBSerx\"><p><a href=\"https:\/\/www.radiopiu.net\/wordpress\/ricoveri-in-forte-aumento-e-otto-decessi-nelle-ultime-24-ore-si-contano-1632-nuove-positivita-in-veneto\/\">RICOVERI IN FORTE AUMENTO E OTTO DECESSI NELLE ULTIME 24 ORE. SI CONTANO 1632 NUOVE POSITIVITA&#8217; IN VENETO<\/a><\/p><\/blockquote>\n<p><iframe loading=\"lazy\" class=\"wp-embedded-content\" sandbox=\"allow-scripts\" security=\"restricted\" style=\"position: absolute; clip: rect(1px, 1px, 1px, 1px);\" title=\"&#8220;RICOVERI IN FORTE AUMENTO E OTTO DECESSI NELLE ULTIME 24 ORE. SI CONTANO 1632 NUOVE POSITIVITA&#8217; IN VENETO&#8221; &#8212; Radio Pi\u00f9\" src=\"https:\/\/www.radiopiu.net\/wordpress\/ricoveri-in-forte-aumento-e-otto-decessi-nelle-ultime-24-ore-si-contano-1632-nuove-positivita-in-veneto\/embed\/#?secret=GQqVPBSerx\" data-secret=\"GQqVPBSerx\" width=\"600\" height=\"338\" frameborder=\"0\" marginwidth=\"0\" marginheight=\"0\" scrolling=\"no\"><\/iframe><\/p>\n<p>&nbsp;<\/p>\n<h2>I GRAFICI DI TIZIANO DE COL<\/h2>\n\n\t\t\t<style type='text\/css'>\n\t\t\t\t#gallery-1 {\n\t\t\t\t\tmargin: auto;\n\t\t\t\t}\n\t\t\t\t#gallery-1 .gallery-item {\n\t\t\t\t\tfloat: left;\n\t\t\t\t\tmargin-top: 10px;\n\t\t\t\t\ttext-align: center;\n\t\t\t\t\twidth: 33%;\n\t\t\t\t}\n\t\t\t\t#gallery-1 img {\n\t\t\t\t\tborder: 2px solid #cfcfcf;\n\t\t\t\t}\n\t\t\t\t#gallery-1 .gallery-caption {\n\t\t\t\t\tmargin-left: 0;\n\t\t\t\t}\n\t\t\t\t\/* see gallery_shortcode() in wp-includes\/media.php *\/\n\t\t\t<\/style>\n\t\t<div id='gallery-1' class='dt-gallery-container gallery galleryid-244378 gallery-columns-3 gallery-size-thumbnail'><dl class='gallery-item'>\n\t\t\t\t<dt class='gallery-icon landscape'>\n\t\t\t\t\t<a class=\"rollover rollover-zoom dt-pswp-item\" title=\"1eb72ba9-7ca9-4c65-8895-8d28d4a943bd\" data-dt-img-description=\"\" data-large_image_width=\"599\" data-large_image_height=\"359\"href='https:\/\/www.radiopiu.net\/wordpress\/wp-content\/uploads\/2021\/11\/1eb72ba9-7ca9-4c65-8895-8d28d4a943bd.jpg'><img loading=\"lazy\" decoding=\"async\" width=\"150\" height=\"150\" src=\"https:\/\/www.radiopiu.net\/wordpress\/wp-content\/uploads\/2021\/11\/1eb72ba9-7ca9-4c65-8895-8d28d4a943bd-150x150.jpg\" class=\"attachment-thumbnail size-thumbnail\" alt=\"\" \/><\/a>\n\t\t\t\t<\/dt><\/dl><dl class='gallery-item'>\n\t\t\t\t<dt class='gallery-icon landscape'>\n\t\t\t\t\t<a class=\"rollover rollover-zoom dt-pswp-item\" title=\"547a5e0e-a518-4acd-a354-4d11252c078f\" data-dt-img-description=\"\" data-large_image_width=\"600\" data-large_image_height=\"351\"href='https:\/\/www.radiopiu.net\/wordpress\/wp-content\/uploads\/2021\/11\/547a5e0e-a518-4acd-a354-4d11252c078f.jpg'><img loading=\"lazy\" decoding=\"async\" width=\"150\" height=\"150\" src=\"https:\/\/www.radiopiu.net\/wordpress\/wp-content\/uploads\/2021\/11\/547a5e0e-a518-4acd-a354-4d11252c078f-150x150.jpg\" class=\"attachment-thumbnail size-thumbnail\" alt=\"\" \/><\/a>\n\t\t\t\t<\/dt><\/dl><dl class='gallery-item'>\n\t\t\t\t<dt class='gallery-icon landscape'>\n\t\t\t\t\t<a class=\"rollover rollover-zoom dt-pswp-item\" title=\"56f9c336-f6d2-4a47-93ec-a1ba1787a944\" data-dt-img-description=\"\" data-large_image_width=\"604\" data-large_image_height=\"353\"href='https:\/\/www.radiopiu.net\/wordpress\/wp-content\/uploads\/2021\/11\/56f9c336-f6d2-4a47-93ec-a1ba1787a944.jpg'><img loading=\"lazy\" decoding=\"async\" width=\"150\" height=\"150\" src=\"https:\/\/www.radiopiu.net\/wordpress\/wp-content\/uploads\/2021\/11\/56f9c336-f6d2-4a47-93ec-a1ba1787a944-150x150.jpg\" class=\"attachment-thumbnail size-thumbnail\" alt=\"\" \/><\/a>\n\t\t\t\t<\/dt><\/dl><br style=\"clear: both\" \/><dl class='gallery-item'>\n\t\t\t\t<dt class='gallery-icon landscape'>\n\t\t\t\t\t<a class=\"rollover rollover-zoom dt-pswp-item\" title=\"245bc18f-0294-4cea-b115-676eb86a09ab\" data-dt-img-description=\"\" data-large_image_width=\"612\" data-large_image_height=\"356\"href='https:\/\/www.radiopiu.net\/wordpress\/wp-content\/uploads\/2021\/11\/245bc18f-0294-4cea-b115-676eb86a09ab.jpg'><img loading=\"lazy\" decoding=\"async\" width=\"150\" height=\"150\" src=\"https:\/\/www.radiopiu.net\/wordpress\/wp-content\/uploads\/2021\/11\/245bc18f-0294-4cea-b115-676eb86a09ab-150x150.jpg\" class=\"attachment-thumbnail size-thumbnail\" alt=\"\" \/><\/a>\n\t\t\t\t<\/dt><\/dl><dl class='gallery-item'>\n\t\t\t\t<dt class='gallery-icon landscape'>\n\t\t\t\t\t<a class=\"rollover rollover-zoom dt-pswp-item\" title=\"64bf0644-6897-48a4-827a-862958ad63ee\" data-dt-img-description=\"\" data-large_image_width=\"610\" data-large_image_height=\"356\"href='https:\/\/www.radiopiu.net\/wordpress\/wp-content\/uploads\/2021\/11\/64bf0644-6897-48a4-827a-862958ad63ee.jpg'><img loading=\"lazy\" decoding=\"async\" width=\"150\" height=\"150\" src=\"https:\/\/www.radiopiu.net\/wordpress\/wp-content\/uploads\/2021\/11\/64bf0644-6897-48a4-827a-862958ad63ee-150x150.jpg\" class=\"attachment-thumbnail size-thumbnail\" alt=\"\" \/><\/a>\n\t\t\t\t<\/dt><\/dl>\n\t\t\t\t<br style='clear: both' \/>\n\t\t\t<\/div>\n\n<p>&nbsp;<\/p>\n<p>&nbsp;<\/p>\n<p>&nbsp;<\/p>\n<hr \/>\n<p>&nbsp;<\/p>\n<blockquote>\n<h3>APPARTAMENTI, INCENTIVI E FORMAZIONE PER ATTRARRE NUOVI MEDICI<\/h3>\n<\/blockquote>\n<p><a href=\"https:\/\/www.radiopiu.net\/wordpress\/giornale-radiopiu-24-novembre-2021-direttore-mirko-mezzacasa\/whatsapp-image-2021-11-23-at-17-48-36-1-1\/\" rel=\"attachment wp-att-244609\"><img loading=\"lazy\" decoding=\"async\" class=\" wp-image-244609 alignleft\" src=\"https:\/\/www.radiopiu.net\/wordpress\/wp-content\/uploads\/2021\/11\/WhatsApp-Image-2021-11-23-at-17.48.36-1-1-300x225.jpeg\" alt=\"\" width=\"247\" height=\"185\" srcset=\"https:\/\/www.radiopiu.net\/wordpress\/wp-content\/uploads\/2021\/11\/WhatsApp-Image-2021-11-23-at-17.48.36-1-1-300x225.jpeg 300w, https:\/\/www.radiopiu.net\/wordpress\/wp-content\/uploads\/2021\/11\/WhatsApp-Image-2021-11-23-at-17.48.36-1-1-1024x768.jpeg 1024w, https:\/\/www.radiopiu.net\/wordpress\/wp-content\/uploads\/2021\/11\/WhatsApp-Image-2021-11-23-at-17.48.36-1-1-768x576.jpeg 768w, https:\/\/www.radiopiu.net\/wordpress\/wp-content\/uploads\/2021\/11\/WhatsApp-Image-2021-11-23-at-17.48.36-1-1-1536x1152.jpeg 1536w, https:\/\/www.radiopiu.net\/wordpress\/wp-content\/uploads\/2021\/11\/WhatsApp-Image-2021-11-23-at-17.48.36-1-1.jpeg 2048w\" sizes=\"auto, (max-width: 247px) 100vw, 247px\" \/><\/a><strong>BELLUNO<\/strong> L\u2019ulss dolomiti con la collaborazione della conferenza dei sindaci schiera tutte le forze per attrarre medici disponibili a turni di continuit\u00e0 assistenziale per coprire l\u2019intero territorio provinciale. A seguito dell\u2019apertura di pi\u00f9 posti nelle scuole di specialit\u00e0, numerosi medici di continuit\u00e0 assistenziale hanno dato le dimissioni dopo aver intrapreso il percorso di specializzazione. Per rendere attrattivo il territorio e spingere i medici a scegliere le sedi provinciali per l\u2019esperienza di guardi medica, al fine di garantire l\u2019assistenza primaria il pi\u00f9 capillarmente possibile, l\u2019ulss Dolomiti in collaborazione con la Conferenza dei Sindaci ha proposto un pacchetto completo di appartamento, incentivo economico e formazione. Appartamento: individuati degli alloggi che potranno essere dati in uso ai medici disponibili a coprire almeno 2 settimane di turni di continuit\u00e0 assistenziale, sono gi\u00e0 stati individuati nei comuni di San Nicol\u00f2 Comelico, Cibiana e si sta rendendo disponibile anche un alloggio a Falcade. Incentivo economico Attualmente l\u2019incentivo consiste nel riconoscimento per le ore straordinarie, quindi oltre le 104 ore al mese previste, l\u2019importo orario di 40 euro. Sono in fase di definizione ulteriori riconoscimenti economici che tengano conto delle difficolt\u00e0 di operare nelle zone disagiate. Formazione \u00c8 stato organizzato un corso di formazione sull\u2019emergenza e urgenza in modo da accompagnare i giovani professionisti nel percorso e dare loro quell\u2019esperienza pratica utile, anche dal punto di vista umano. Il Direttore Generale Maria Grazia Carraro <em>&#8220;Lancio un appello ai professionisti che abbiano la possibilit\u00e0 di fare qualche turno a rendersi disponibili. Se ognuno mettesse a disposizione la propria professionalit\u00e0 anche solo per qualche turno, si potrebbe incastrare un puzzle che garantirebbe un servizio importante a un territorio e alla sua gente. Noi non ci arrendiamo: cerchiamo ancora soluzioni, anche con l\u2019aiuto dei sindaci\u00bb\u00a0<\/em><\/p>\n<p>&nbsp;<\/p>\n<p>&nbsp;<\/p>\n<p>&nbsp;<\/p>\n<hr \/>\n<blockquote>\n<h3>CAMBIO DI MEDICO, A SEDICO ARRIVA LAMANNA<\/h3>\n<\/blockquote>\n<p><strong><a href=\"https:\/\/www.radiopiu.net\/wordpress\/giornale-radiopiu-19-giugno-2021-direttore-mirko-mezzacasa\/medico\/\" rel=\"attachment wp-att-216887\"><img loading=\"lazy\" decoding=\"async\" class=\" wp-image-216887 alignleft\" src=\"https:\/\/www.radiopiu.net\/wordpress\/wp-content\/uploads\/2021\/06\/MEDICO-300x225.jpg\" alt=\"\" width=\"151\" height=\"113\" srcset=\"https:\/\/www.radiopiu.net\/wordpress\/wp-content\/uploads\/2021\/06\/MEDICO-300x225.jpg 300w, https:\/\/www.radiopiu.net\/wordpress\/wp-content\/uploads\/2021\/06\/MEDICO-1024x768.jpg 1024w, https:\/\/www.radiopiu.net\/wordpress\/wp-content\/uploads\/2021\/06\/MEDICO-768x576.jpg 768w, https:\/\/www.radiopiu.net\/wordpress\/wp-content\/uploads\/2021\/06\/MEDICO-1536x1152.jpg 1536w, https:\/\/www.radiopiu.net\/wordpress\/wp-content\/uploads\/2021\/06\/MEDICO.jpg 1920w\" sizes=\"auto, (max-width: 151px) 100vw, 151px\" \/><\/a>SEDICO<\/strong>\u00a0 Il 30 novembre la dottoressa Patrizia Brandalise cesser\u00e0 l\u2019attivit\u00e0 di medico di assistenza primaria nell\u2019ambito territoriale dei Comuni di Cesiomaggiore, San Gregorio nelle Alpi, Santa Giustina, Sedico e Sospirolo. L\u2019assistenza medico generica a carico del Servizio Sanitario regionale sar\u00e0 assicurata dalla dottoressa Anna Maria Lamanna che svolger\u00e0, dal 1 dicembre 2021 a Sedico con ambulatorio in Via Libano n. 64 c\/o Palazzo De Bortoldi in fraz. Libano. Non sar\u00e0 pertanto necessario che gli stessi si rechino presso gli sportelli anagrafe di questa ULSS per effettuare la scelta del nuovo medico. E\u2019 fatta, comunque, salva la possibilit\u00e0 di effettuare una diversa scelta tra i medici dell\u2019ambito territoriale di residenza che abbiano disponibilit\u00e0 di posti. Rimangono a disposizione per informazioni gli uffici Anagrafe Sanitaria del distretto di Sedico al numero 0437 838205 e di Santa Giustina al numero 0437 882211.<\/p>\n<p>&nbsp;<\/p>\n<p>&nbsp;<\/p>\n<p>&nbsp;<\/p>\n<p>&nbsp;<\/p>\n<hr \/>\n<p>&nbsp;<\/p>\n<blockquote>\n<h3>SCREENING CERVICE UTERINA: CAMBIA IL CALENDARIO<\/h3>\n<\/blockquote>\n<p><strong><a href=\"https:\/\/www.radiopiu.net\/wordpress\/giornale-radiopiu-24-novembre-2021-direttore-mirko-mezzacasa\/immagine-hpv-2\/\" rel=\"attachment wp-att-244449\"><img loading=\"lazy\" decoding=\"async\" class=\" wp-image-244449 alignleft\" src=\"https:\/\/www.radiopiu.net\/wordpress\/wp-content\/uploads\/2021\/11\/Immagine-HPV-2-300x225.png\" alt=\"\" width=\"211\" height=\"158\" srcset=\"https:\/\/www.radiopiu.net\/wordpress\/wp-content\/uploads\/2021\/11\/Immagine-HPV-2-300x225.png 300w, https:\/\/www.radiopiu.net\/wordpress\/wp-content\/uploads\/2021\/11\/Immagine-HPV-2-768x576.png 768w, https:\/\/www.radiopiu.net\/wordpress\/wp-content\/uploads\/2021\/11\/Immagine-HPV-2.png 960w\" sizes=\"auto, (max-width: 211px) 100vw, 211px\" \/><\/a>BELLUNO <\/strong>La prevenzione dei tumori del collo dell\u2019utero sta cambiando grazie alla diffusione del vaccino contro il virus dell\u2019HPV (Virus del Papilloma Umano). Fino ad oggi tutte le donne venivano invitate a fare il primo test di screeng all\u2019et\u00e0 di 25 anni. Il cambiamento prevede che le donne vaccinate contro l\u2019HPV prima di aver compiuto 15 anni siano invitate a fare il primo test di screening a 30 anni. Infatti la ricerca scientifica ha dimostrato che questo gruppo di donne, proprio grazie al vaccino contro l\u2019HPV ha un bassissimo rischio di sviluppare prima dei 30 anni lesioni pretumorali del collo dell\u2019utero. Fare il test di screening prima dei 30 anni non \u00e8 utile perch\u00e9 pu\u00f2 portare in rari casi all\u2019identificazione di lesioni che in giovane et\u00e0 spesso regrediscono spontaneamente. Infatti, l\u2019HPV \u00e8 un virus che provoca un\u2019infezione molto frequente, che la maggioranza delle persone prende almeno una volta nella vita e che nella maggior parte dei casi si risolve da sola, soprattutto nelle donne giovani. Per avere un\u2019elevata protezione dal tumore, \u00e8 importante partecipare allo screening a partire dai 30 anni, rispondendo all\u2019invito a fare il test HPV. In Ulss Dolomiti, per ulteriori informazioni, \u00e8 disponibile la Centrale\u00a0 Screening al n. 0439.883851, dal luned\u00ec al venerd\u00ec dalle 9.00 alle 12&#8242;. Per richieste di spostamento di appuntamenti per lo screening \u00e8 disponibile la mail <a href=\"mailto:screening.bl@aulss1.veneto.it\">screening.bl@aulss1.veneto.it<\/a>.<\/p>\n<p>&nbsp;<\/p>\n<p>&nbsp;<\/p>\n<p>&nbsp;<\/p>\n<p>&nbsp;<\/p>\n<hr \/>\n<p>&nbsp;<\/p>\n<blockquote>\n<h3>SANITA\u2019. APPROVATO BANDO PER IL CORSO DI FORMAZIONE DI 306 MMG<\/h3>\n<\/blockquote>\n<p><strong><a href=\"https:\/\/www.radiopiu.net\/wordpress\/solidarieta-umana-a-chi-vive-lesperienza-negativa-covid-ma-le-regole-devono-essere-rispettate\/medicodimedicinagenerale\/\" rel=\"attachment wp-att-167000\"><img loading=\"lazy\" decoding=\"async\" class=\" wp-image-167000 alignleft\" src=\"https:\/\/www.radiopiu.net\/wordpress\/wp-content\/uploads\/2020\/10\/Medicodimedicinagenerale-300x198.jpg\" alt=\"\" width=\"238\" height=\"157\" srcset=\"https:\/\/www.radiopiu.net\/wordpress\/wp-content\/uploads\/2020\/10\/Medicodimedicinagenerale-300x198.jpg 300w, https:\/\/www.radiopiu.net\/wordpress\/wp-content\/uploads\/2020\/10\/Medicodimedicinagenerale-1024x674.jpg 1024w, https:\/\/www.radiopiu.net\/wordpress\/wp-content\/uploads\/2020\/10\/Medicodimedicinagenerale-768x506.jpg 768w, https:\/\/www.radiopiu.net\/wordpress\/wp-content\/uploads\/2020\/10\/Medicodimedicinagenerale.jpg 1200w\" sizes=\"auto, (max-width: 238px) 100vw, 238px\" \/><\/a>VENEZIA <\/strong>Con delibera della Giunta regionale del Veneto, presentata dall\u2019assessore alla Sanit\u00e0 e alle Politiche sociali, Manuela Lanzarin, \u00e8 stato approvato il bando di concorso per l\u2019accesso al corso di formazione specifica in Medicina generale che nel triennio 2021\/2024 impegner\u00e0 complessivamente 306 futuri medici di famiglia. Di questi, 127 posti saranno riservati ai professionisti che, idonei al concorso, abbiano gi\u00e0 avuto incarichi convenzionali di almeno 24 mesi negli ultimi 10 anni. L\u2019investimento totale previsto \u00e8 di 7.356. 937 euro. Anche per quest\u2019anno, il corso di formazione specifica per MMG sar\u00e0 gestito dalla Fondazione Scuola di Sanit\u00e0 Pubblica<\/p>\n<p>&nbsp;<\/p>\n<p>&nbsp;<\/p>\n<p>&nbsp;<\/p>\n<p>&nbsp;<\/p>\n<p>&nbsp;<\/p>\n<hr \/>\n<p>&nbsp;<\/p>\n<p>&nbsp;<\/p>\n<blockquote>\n<h3>TRE MANIFESTAZIONI D&#8217;INTERESSE PER ACC, SNODO DI UNA VERTENZA<\/h3>\n<\/blockquote>\n<p><strong><a href=\"https:\/\/www.radiopiu.net\/wordpress\/acc-lopinione-del-segretario-della-fiom-cgil-stefano-bona\/fiom-cgil\/\" rel=\"attachment wp-att-189413\"><img loading=\"lazy\" decoding=\"async\" class=\"size-medium wp-image-189413 alignleft\" src=\"https:\/\/www.radiopiu.net\/wordpress\/wp-content\/uploads\/2021\/02\/FIOM-CGIL-300x91.png\" alt=\"\" width=\"300\" height=\"91\" srcset=\"https:\/\/www.radiopiu.net\/wordpress\/wp-content\/uploads\/2021\/02\/FIOM-CGIL-300x91.png 300w, https:\/\/www.radiopiu.net\/wordpress\/wp-content\/uploads\/2021\/02\/FIOM-CGIL.png 432w\" sizes=\"auto, (max-width: 300px) 100vw, 300px\" \/><\/a>BORGO VALBELLUNA<\/strong> Le 3 manifestazioni di interesse nei confronti dell\u2019ACC di Mel giunte entro il termine di scadenza e descritte dal Commissario Straordinario nell\u2019incontro al\u00a0 di lunedi, rappresentano un fondamentale snodo di questa difficile vertenza. Ne sono convinti Stefano Bona e Antonio Silvestri della Cgil, \u00a0perch\u00e9 dimostrano che la realt\u00e0 industriale di quell\u2019azienda, la determinazione e la competenza dei lavoratori, sono considerati elementi importanti, su cui valutare la possibilit\u00e0 di investire, cosa questa sempre rivendicata (spesso da soli) dalla FIOM e dalle sue RSU. La manifestazione di interesse non significa la soluzione della vicenda, ma un avvio di un percorso da concretizzare. Merita una soluzione positiva &#8220;La vertenza ACC nel tempo ha assunto aspetti che hanno anche rilevanza generale &#8211; spiegano Bona e Silvestri &#8211; quali l\u2019aver sindacalmente preteso che il commissariamento non fosse meramente gestionale, ma che al contrario si muovesse in un\u2019ottica di valorizzazione industriale&#8221;. Con il Governo precedente Italcomp, avrebbe comportato non solo l\u2019impiego di 800 lavoratori e lavoratrici di ACC ed ex Embraco, ma anche l\u2019idea che l\u2019uscita dalla crisi si poteva raggiungere anche attraverso un ruolo del pubblico quale promotore e attore diretto di politica industriale.<em> &#8220;Al contrario, l\u2019attuale governo e l\u2019attuale ministero guidato dal leghista Giorgetti, in coerenza con l\u2019idea liberista che caratterizza il governo Draghi ed in assenza di alcuna opposizione politica (anche della stessa regione Veneto) ha <\/em><em>semplicemente stracciato quel progetto, derubricandolo a semplice chimera. L\u2019affossamento di Italcomp, assieme alle mai realizzate promesse di sostegno finanziario indispensabile per la continuit\u00e0 produttiva, oltre aver comportato per ovvi motivi spreco di tempo prezioso, sono state probabilmente anche alla base del diffuso scoramento e disorientamento che per tanti mesi hanno tenuto lontani possibili investitori&#8221;.<\/em>\u00a0 Di fronte a tutto ci\u00f2, solo la tenuta e la fiducia del sindacato, dei lavoratori e della comunit\u00e0 della Valbelluna, delle amministrazioni locali, della Chiesa con l\u2019accorato appello di Papa Francesco e della politica veneta, cos\u00ec come plasticamente dimostrato dalla grande manifestazione di sabato 13 novembre, hanno creato le condizioni affinch\u00e9 si realizzassero le manifestazioni di interesse.<\/p>\n<p>&nbsp;<\/p>\n<p>&nbsp;<\/p>\n<hr \/>\n<blockquote>\n<h3><\/h3>\n<h3>RIDATA DIGNITA&#8217; ALLE BANDIERE DEL CENTRO PER L&#8217;IMPIEGO<\/h3>\n<\/blockquote>\n<p><strong>AGORDO<\/strong> In Viale Sommariva, difronte alle scuole elementari e medie, in prossimit\u00e0 del Municipio e dell&#8217;Ufficio postale, quindi in un punto nevralgico della citt\u00e0 sono tornate a sventolare le bandiere, quella italiana e quella europea.<strong><img loading=\"lazy\" decoding=\"async\" class=\"size-medium wp-image-244463 alignleft\" src=\"https:\/\/www.radiopiu.net\/wordpress\/wp-content\/uploads\/2021\/11\/4ef309a4-2d1c-4f3a-8cca-2bd3485d2be7-300x169.jpg\" alt=\"\" width=\"300\" height=\"169\" srcset=\"https:\/\/www.radiopiu.net\/wordpress\/wp-content\/uploads\/2021\/11\/4ef309a4-2d1c-4f3a-8cca-2bd3485d2be7-300x169.jpg 300w, https:\/\/www.radiopiu.net\/wordpress\/wp-content\/uploads\/2021\/11\/4ef309a4-2d1c-4f3a-8cca-2bd3485d2be7-1024x576.jpg 1024w, https:\/\/www.radiopiu.net\/wordpress\/wp-content\/uploads\/2021\/11\/4ef309a4-2d1c-4f3a-8cca-2bd3485d2be7-768x432.jpg 768w, https:\/\/www.radiopiu.net\/wordpress\/wp-content\/uploads\/2021\/11\/4ef309a4-2d1c-4f3a-8cca-2bd3485d2be7-1536x864.jpg 1536w, https:\/\/www.radiopiu.net\/wordpress\/wp-content\/uploads\/2021\/11\/4ef309a4-2d1c-4f3a-8cca-2bd3485d2be7.jpg 1920w\" sizes=\"auto, (max-width: 300px) 100vw, 300px\" \/><\/strong><\/p>\n<p>Pochi giorni fa avevamo segnalato come fossero in condizioni vergognose, strappate e abbandonate al loro destino. Poco distante, sul Municipio le altre tre bandiere, oltre alle due citate anche quella della Regione del Veneto, per la quale al Centro per l&#8217;Impiego pare non ci sia lo spazio.<\/p>\n<p>&nbsp;<\/p>\n<p>&nbsp;<\/p>\n<p>&nbsp;<\/p>\n<p>&nbsp;<\/p>\n<hr \/>\n<p>&nbsp;<\/p>\n<blockquote>\n<h3>POSIZIONATA LA PASSERELLA SUL TORRENTE ZUNAIA AD ALLEGHE<\/h3>\n<\/blockquote>\n<p><strong>ALLEGHE<\/strong> Ieri ha trovato collocazione la passerella sul torrente Zunaia, all&#8217;entra del paese, partenza degli impianti di risalita per l&#8217;area Ski Civetta. Una struttura importante che agevoler\u00e0 il passaggio degli sciatori e snellir\u00e0 i flussi di traffico da e per Alleghe.<\/p>\n<p><strong>VIDEO<\/strong><\/p>\n<div style=\"width: 640px;\" class=\"wp-video\"><video class=\"wp-video-shortcode\" id=\"video-244378-1\" width=\"640\" height=\"352\" preload=\"metadata\" controls=\"controls\"><source type=\"video\/mp4\" src=\"https:\/\/www.radiopiu.net\/wordpress\/wp-content\/uploads\/2021\/11\/WhatsApp-Video-2021-11-23-at-11.08.33.mp4?_=1\" \/><a href=\"https:\/\/www.radiopiu.net\/wordpress\/wp-content\/uploads\/2021\/11\/WhatsApp-Video-2021-11-23-at-11.08.33.mp4\">https:\/\/www.radiopiu.net\/wordpress\/wp-content\/uploads\/2021\/11\/WhatsApp-Video-2021-11-23-at-11.08.33.mp4<\/a><\/video><\/div>\n<p>&nbsp;<\/p>\n<hr \/>\n<p>&nbsp;<\/p>\n<p>&nbsp;<\/p>\n<div data-pagelet=\"GroupFeed\">\n<div role=\"feed\">\n<div class=\"du4w35lb k4urcfbm l9j0dhe7 sjgh65i0\">\n<div class=\"du4w35lb l9j0dhe7\">\n<div class=\"\">\n<div class=\"\">\n<div class=\"lzcic4wl\" role=\"article\" aria-posinset=\"1\" aria-describedby=\"jsc_c_98 jsc_c_99 jsc_c_9a jsc_c_9c jsc_c_9b\" aria-labelledby=\"jsc_c_97\">\n<div class=\"j83agx80 cbu4d94t\">\n<div class=\"rq0escxv l9j0dhe7 du4w35lb\">\n<div class=\"j83agx80 l9j0dhe7 k4urcfbm\">\n<div class=\"rq0escxv l9j0dhe7 du4w35lb hybvsw6c io0zqebd m5lcvass fbipl8qg nwvqtn77 k4urcfbm ni8dbmo4 stjgntxs sbcfpzgs\">\n<div>\n<div>\n<div class=\"pybr56ya dati1w0a hv4rvrfc n851cfcs btwxx1t3 j83agx80 ll8tlv6m\">\n<div class=\"oi9244e8 do00u71z j83agx80\">\n<div class=\"q676j6op qypqp5cg\">\n<div data-pagelet=\"GroupFeed\">\n<div><\/div>\n<div role=\"feed\">\n<div class=\"dati1w0a f10w8fjw ocgrx2df tmqn73lw\">\n<div class=\"j83agx80\">\n<div class=\"\">\n<div class=\"rq0escxv l9j0dhe7 du4w35lb j83agx80 cbu4d94t pfnyh3mw d2edcug0 e5nlhep0 aodizinl\">\n<div class=\"rq0escxv l9j0dhe7 du4w35lb j83agx80 cbu4d94t buofh1pr tgvbjcpo\">\n<div class=\"rq0escxv l9j0dhe7 du4w35lb j83agx80 cbu4d94t pfnyh3mw d2edcug0 hv4rvrfc dati1w0a\">\n<div class=\"oajrlxb2 gs1a9yip g5ia77u1 mtkw9kbi tlpljxtp qensuy8j ppp5ayq2 goun2846 ccm00jje s44p3ltw mk2mc5f4 rt8b4zig n8ej3o3l agehan2d sk4xxmp2 rq0escxv nhd2j8a9 pq6dq46d mg4g778l btwxx1t3 pfnyh3mw p7hjln8o kvgmc6g5 cxmmr5t8 oygrvhab hcukyx3x tgvbjcpo hpfvmrgz jb3vyjys rz4wbd8a qt6c0cv9 a8nywdso l9j0dhe7 i1ao9s8h esuyzwwr f1sip0of du4w35lb lzcic4wl n00je7tq arfg74bv qs9ysxi8 k77z8yql abiwlrkh p8dawk7l\" tabindex=\"0\" role=\"button\">\n<div class=\"j83agx80 cbu4d94t ew0dbk1b irj2b8pg\">\n<div class=\"qzhwtbm6 knvmm38d\">\n<div class=\"rq0escxv l9j0dhe7 du4w35lb j83agx80 pfnyh3mw i1fnvgqd bp9cbjyn owycx6da btwxx1t3 jeutjz8y\">\n<div class=\"rq0escxv l9j0dhe7 du4w35lb j83agx80 cbu4d94t g5gj957u d2edcug0 hpfvmrgz rj1gh0hx buofh1pr\">\n<h2 class=\"gmql0nx0 l94mrbxd p1ri9a11 lzcic4wl d2edcug0 hpfvmrgz\"><span class=\"d2edcug0 hpfvmrgz qv66sw1b c1et5uql lr9zc1uh jq4qci2q a3bd9o3v lrazzd5p m9osqain\"><span class=\"a8c37x1j ni8dbmo4 stjgntxs l9j0dhe7\"><a href=\"https:\/\/www.radiopiu.net\/wordpress\/giornale-radiopiu-24-novembre-2021-direttore-mirko-mezzacasa\/260605185_6665007970206687_5925426271455630559_n\/\" rel=\"attachment wp-att-244574\"><img loading=\"lazy\" decoding=\"async\" class=\" wp-image-244574 alignleft\" src=\"https:\/\/www.radiopiu.net\/wordpress\/wp-content\/uploads\/2021\/11\/260605185_6665007970206687_5925426271455630559_n-212x300.jpg\" alt=\"\" width=\"159\" height=\"225\" srcset=\"https:\/\/www.radiopiu.net\/wordpress\/wp-content\/uploads\/2021\/11\/260605185_6665007970206687_5925426271455630559_n-212x300.jpg 212w, https:\/\/www.radiopiu.net\/wordpress\/wp-content\/uploads\/2021\/11\/260605185_6665007970206687_5925426271455630559_n.jpg 509w\" sizes=\"auto, (max-width: 159px) 100vw, 159px\" \/><\/a>Nuove attivit\u00e0 Promo Falcade<\/span><\/span><\/h2>\n<\/div>\n<div class=\"rq0escxv l9j0dhe7 du4w35lb j83agx80 cbu4d94t pfnyh3mw d2edcug0 hpfvmrgz nqmvxvec taijpn5t h676nmdw\">\n<div class=\"rq0escxv l9j0dhe7 du4w35lb j83agx80 pfnyh3mw i1fnvgqd bp9cbjyn owycx6da btwxx1t3\">\n<div class=\"rq0escxv l9j0dhe7 du4w35lb j83agx80 cbu4d94t pfnyh3mw d2edcug0 hpfvmrgz kr9hpln1 ttbfdpzt\"><\/div>\n<div class=\"rq0escxv l9j0dhe7 du4w35lb j83agx80 cbu4d94t pfnyh3mw d2edcug0 hpfvmrgz\">\n<div class=\"rq0escxv l9j0dhe7 du4w35lb j83agx80 pfnyh3mw i1fnvgqd gs1a9yip owycx6da btwxx1t3\"><\/div>\n<\/div>\n<\/div>\n<\/div>\n<\/div>\n<\/div>\n<\/div>\n<\/div>\n<\/div>\n<\/div>\n<\/div>\n<\/div>\n<\/div>\n<\/div>\n<div class=\"du4w35lb k4urcfbm l9j0dhe7 sjgh65i0\">\n<div class=\"du4w35lb l9j0dhe7\">\n<div class=\"\">\n<div class=\"\">\n<div class=\"lzcic4wl\" role=\"article\" aria-posinset=\"1\" aria-describedby=\"jsc_c_98 jsc_c_99 jsc_c_9a jsc_c_9c jsc_c_9b\" aria-labelledby=\"jsc_c_97\">\n<div class=\"j83agx80 cbu4d94t\">\n<div class=\"rq0escxv l9j0dhe7 du4w35lb\">\n<div class=\"j83agx80 l9j0dhe7 k4urcfbm\">\n<div class=\"rq0escxv l9j0dhe7 du4w35lb hybvsw6c io0zqebd m5lcvass fbipl8qg nwvqtn77 k4urcfbm ni8dbmo4 stjgntxs sbcfpzgs\">\n<div class=\"pybr56ya dati1w0a hv4rvrfc n851cfcs btwxx1t3 j83agx80 ll8tlv6m\">\n<div class=\"oi9244e8 do00u71z j83agx80\">\n<div class=\"q676j6op qypqp5cg\">\n<div class=\"kvgmc6g5 cxmmr5t8 oygrvhab hcukyx3x c1et5uql ii04i59q\">\n<div dir=\"auto\"><strong>FALCADE<\/strong> PromoFalcade Dolomiti organizza per\u00a0 luned\u00ec 29 novembre alle\u00a0 20 presso la Casa della Giovent\u00f9 di Caviola, un incontro pubblico per gli operatori turistici e commerciali, professionisti e per tutti coloro che si sentono interessati alla promozione della valle.<\/div>\n<\/div>\n<div class=\"o9v6fnle cxmmr5t8 oygrvhab hcukyx3x c1et5uql ii04i59q\">\n<div dir=\"auto\">Verranno presentate tutte le attivit\u00e0 svolte finora e quelle in programma per il futuro. Accesso alla sala esclusivamente con green pass.<\/div>\n<\/div>\n<\/div>\n<\/div>\n<\/div>\n<\/div>\n<\/div>\n<\/div>\n<\/div>\n<\/div>\n<\/div>\n<\/div>\n<\/div>\n<\/div>\n<\/div>\n<\/div>\n<\/div>\n<\/div>\n<\/div>\n<\/div>\n<\/div>\n<\/div>\n<\/div>\n<\/div>\n<\/div>\n<\/div>\n<\/div>\n<\/div>\n<\/div>\n<\/div>\n<\/div>\n<\/div>\n<p>&nbsp;<\/p>\n<p>&nbsp;<\/p>\n<p>&nbsp;<\/p>\n<p>&nbsp;<\/p>\n<hr \/>\n<p>&nbsp;<\/p>\n<blockquote>\n<h2>NELLE CITTA&#8217; ALLEGHE A CARATTERI CUBITALI<\/h2>\n<\/blockquote>\n<div data-pagelet=\"GroupFeed\">\n<div role=\"feed\">\n<div class=\"du4w35lb k4urcfbm l9j0dhe7 sjgh65i0\">\n<div class=\"du4w35lb l9j0dhe7\">\n<div class=\"\">\n<div class=\"\">\n<div class=\"lzcic4wl\" role=\"article\" aria-posinset=\"1\" aria-describedby=\"jsc_c_98 jsc_c_99 jsc_c_9a jsc_c_9c jsc_c_9b\" aria-labelledby=\"jsc_c_97\">\n<div class=\"j83agx80 cbu4d94t\">\n<div class=\"rq0escxv l9j0dhe7 du4w35lb\">\n<div class=\"j83agx80 l9j0dhe7 k4urcfbm\">\n<div class=\"rq0escxv l9j0dhe7 du4w35lb hybvsw6c io0zqebd m5lcvass fbipl8qg nwvqtn77 k4urcfbm ni8dbmo4 stjgntxs sbcfpzgs\">\n<div>\n<div>\n<div class=\"pybr56ya dati1w0a hv4rvrfc n851cfcs btwxx1t3 j83agx80 ll8tlv6m\">\n<div class=\"oi9244e8 do00u71z j83agx80\">\n<div class=\"q676j6op qypqp5cg\">\n<div data-pagelet=\"GroupInlineComposer\">\n<div class=\"sjgh65i0\">\n<div class=\"j83agx80 l9j0dhe7 k4urcfbm\">\n<div class=\"rq0escxv l9j0dhe7 du4w35lb hybvsw6c io0zqebd m5lcvass fbipl8qg nwvqtn77 k4urcfbm ni8dbmo4 stjgntxs sbcfpzgs\">\n<div class=\"bp9cbjyn j83agx80 ihqw7lf3 hv4rvrfc dati1w0a pybr56ya\">\n<div class=\"oajrlxb2 b3i9ofy5 qu0x051f esr5mh6w e9989ue4 r7d6kgcz rq0escxv nhd2j8a9 j83agx80 p7hjln8o kvgmc6g5 cxmmr5t8 oygrvhab hcukyx3x cxgpxx05 d1544ag0 sj5x9vvc tw6a2znq i1ao9s8h esuyzwwr f1sip0of lzcic4wl orhb3f3m czkt41v7 fmqxjp7s emzo65vh l9j0dhe7 abiwlrkh p8dawk7l bp9cbjyn btwxx1t3 buofh1pr idiwt2bm jifvfom9 kbf60n1y\" tabindex=\"0\" role=\"button\"><\/div>\n<\/div>\n<div class=\"hv4rvrfc dati1w0a\">\n<div class=\"k4urcfbm cxgpxx05 osnr6wyh kwzhilbh lhclo0ds j83agx80 rq0escxv bo76ibdq\">\n<div class=\"oajrlxb2 bp9cbjyn g5ia77u1 mtkw9kbi tlpljxtp qensuy8j ppp5ayq2 goun2846 ccm00jje s44p3ltw mk2mc5f4 rt8b4zig n8ej3o3l agehan2d sk4xxmp2 rq0escxv nhd2j8a9 j83agx80 rj1gh0hx btwxx1t3 g5gj957u p7hjln8o kvgmc6g5 cxmmr5t8 oygrvhab hcukyx3x tgvbjcpo idt9hxom cxgpxx05 dflh9lhu sj5x9vvc scb9dxdr l9j0dhe7 i1ao9s8h esuyzwwr f1sip0of du4w35lb lzcic4wl ue3kfks5 pw54ja7n uo3d90p7 l82x9zwi abiwlrkh p8dawk7l buofh1pr taijpn5t\" tabindex=\"0\" role=\"button\">\n<div class=\"n00je7tq arfg74bv qs9ysxi8 k77z8yql i09qtzwb n7fi1qx3 b5wmifdl hzruof5a pmk7jnqg j9ispegn kr520xx4 c5ndavph art1omkt ot9fgl3s\" data-visualcompletion=\"ignore\"><a href=\"https:\/\/www.radiopiu.net\/wordpress\/nelle-citta-alleghe-a-caratteri-cubitali\/roma-lungotevere-vallati-1\/\" rel=\"attachment wp-att-244583\"><img loading=\"lazy\" decoding=\"async\" class=\"size-medium wp-image-244583 alignleft\" src=\"https:\/\/www.radiopiu.net\/wordpress\/wp-content\/uploads\/2021\/11\/Roma-Lungotevere-Vallati-1-300x194.jpeg\" alt=\"\" width=\"300\" height=\"194\" srcset=\"https:\/\/www.radiopiu.net\/wordpress\/wp-content\/uploads\/2021\/11\/Roma-Lungotevere-Vallati-1-300x194.jpeg 300w, https:\/\/www.radiopiu.net\/wordpress\/wp-content\/uploads\/2021\/11\/Roma-Lungotevere-Vallati-1.jpeg 640w\" sizes=\"auto, (max-width: 300px) 100vw, 300px\" \/><\/a><strong>ALLEGHE <\/strong><span class=\"\">Alleghe Funivie lancia \u201cAlleghe \u2013 Il tuo Pass per le\u00a0<\/span><span class=\"\">Dolomiti\u201d, la nuova campagna pubblicitaria<\/span><span class=\"\">. Per tutto il\u00a0<\/span><span class=\"\">periodo invernale e in occasione dell\u2019avvio della stagione estiva 2022 la comunicazione offline\u00a0<\/span><span class=\"\">riguarder\u00e0 alcune delle pi\u00f9 importanti piazze italiane attraverso affissioni dinamiche su impianti\u00a0<\/span><span class=\"\">Led Wall di grandi dimensioni su citt\u00e0 come Roma e Milano. <\/span><span class=\"\">\u201c<i class=\"\">Quest\u2019ultima pianificazione pubblicitaria &#8211; dichiara Sergio Pra,\u00a0Presidente di Alleghe Funivie. &#8211; completa un\u2019importante strategia di comunicazione, sia <\/i><\/span><i class=\"\"><span class=\"\">online che offline, volta a condividere non solo i valori che guidano Alleghe Funivie, ma anche e soprattutto\u00a0<\/span><span class=\"\">la gratitudine rivolta a tutti coloro che ci frequentano. Nonostante in questo momento la stagione\u00a0<\/span><span class=\"\">invernale si apra nel segno di una certa incertezza il messaggio che vogliamo assolutamente dare \u00e8\u00a0<\/span><span class=\"\">orientato all\u2019insegna della fiducia e, in questo senso, non \u00e8 un caso se tra le immagini scelte per la campagna abbiamo voluto\u00a0<\/span><span class=\"\">proporre anche una sciatrice che scivola sulla neve, respira l\u2019aria tersa e si lascia scorrere via il peso del\u00a0<\/span><span class=\"\">momento con la nostra magnifica Civetta sullo sfondo. Perch\u00e9 sport, vita all\u2019aria aperta e un ambiente\u00a0<\/span><span class=\"\">naturale Patrimonio dell\u2019Umanit\u00e0 sono gli aspetti che, indissolubilmente collegati, concorrono alla\u00a0<\/span><span class=\"\">definizione della nostra identit\u00e0. Certo si tratta di un investimento importante, ma siamo convinti far\u00e0\u00a0<\/span><\/i><span class=\"\"><i class=\"\">da preludio a una stagione invernale capace di tracciare il solco della ripartenza<\/i>\u201d\u00a0\u00a0<\/span><\/div>\n<div data-visualcompletion=\"ignore\"><\/div>\n<\/div>\n<\/div>\n<\/div>\n<\/div>\n<\/div>\n<\/div>\n<\/div>\n<div data-pagelet=\"GroupFeed\">\n<div class=\"\"><\/div>\n<div><\/div>\n<div>\n<hr \/>\n<\/div>\n<div><\/div>\n<div><\/div>\n<div>\n<h3 class=\"kvgmc6g5 cxmmr5t8 oygrvhab hcukyx3x c1et5uql\"><span style=\"color: #0000ff;\"><strong>INFORMAZIONE il canale su TELEGRAM informazione di prima mano e in tempo reale. iscriviti ed aiutaci a farlo conoscere\u00a0<\/strong><\/span><\/h3>\n<\/div>\n<div><\/div>\n<div><\/div>\n<div>\n<hr \/>\n<\/div>\n<\/div>\n<\/div>\n<\/div>\n<\/div>\n<\/div>\n<\/div>\n<\/div>\n<\/div>\n<\/div>\n<\/div>\n<\/div>\n<\/div>\n<\/div>\n<\/div>\n<\/div>\n<\/div>\n<\/div>\n<p>&nbsp;<\/p>\n<p>&nbsp;<\/p>\n<blockquote>\n<h3>OGGI ALLE 10.30 E 1900 PLASTIC FREE PER UM MONDO LIBERO DALLA PLASTICA, CON MARTINA SMANIOTTO&#8230;. DA CANALE D&#8217;AGORDO<\/h3>\n<\/blockquote>\n<p><strong><a href=\"https:\/\/www.radiopiu.net\/wordpress\/giornale-radiopiu-23-novembre-2021-direttore-mirko-mezzacasa\/260172614_616817659360747_2768082105235435116_n\/\" rel=\"attachment wp-att-244376\"><img loading=\"lazy\" decoding=\"async\" class=\" wp-image-244376 alignleft\" src=\"https:\/\/www.radiopiu.net\/wordpress\/wp-content\/uploads\/2021\/11\/260172614_616817659360747_2768082105235435116_n-225x300.jpg\" alt=\"\" width=\"177\" height=\"235\" srcset=\"https:\/\/www.radiopiu.net\/wordpress\/wp-content\/uploads\/2021\/11\/260172614_616817659360747_2768082105235435116_n-225x300.jpg 225w, https:\/\/www.radiopiu.net\/wordpress\/wp-content\/uploads\/2021\/11\/260172614_616817659360747_2768082105235435116_n.jpg 720w\" sizes=\"auto, (max-width: 177px) 100vw, 177px\" \/><\/a>di Martina Smaniotto<\/strong><\/p>\n<div class=\"kvgmc6g5 cxmmr5t8 oygrvhab hcukyx3x c1et5uql ii04i59q\"><\/div>\n<div class=\"o9v6fnle cxmmr5t8 oygrvhab hcukyx3x c1et5uql ii04i59q\">\n<div dir=\"auto\">Come gi\u00e0 anticipato, sono tornata alla scuola media di Canale d&#8217;Agordo per registrare, assieme ai ragazzi, gli elaborati che hanno realizzato dopo gli incontri in classe.&#8221; , \u0300 \u0300 .&#8221;. Questa \u00e8 una delle frasi che i ragazzi hanno scritto, che vale per l&#8217;ambiente ma vale in generale per la vita.<\/div>\n<\/div>\n<div class=\"o9v6fnle cxmmr5t8 oygrvhab hcukyx3x c1et5uql ii04i59q\">\n<div dir=\"auto\">Oggi su <a class=\"oajrlxb2 g5ia77u1 qu0x051f esr5mh6w e9989ue4 r7d6kgcz rq0escxv nhd2j8a9 nc684nl6 p7hjln8o kvgmc6g5 cxmmr5t8 oygrvhab hcukyx3x jb3vyjys rz4wbd8a qt6c0cv9 a8nywdso i1ao9s8h esuyzwwr f1sip0of lzcic4wl q66pz984 gpro0wi8 b1v8xokw\" tabindex=\"0\" role=\"link\" href=\"https:\/\/www.facebook.com\/radiopiu\/?__cft__[0]=AZUB-X5cteMvpl8GOaCVQUPXRc3tQh_NuwyOrLTb7vxXWM2FL3RdH-sAlGFiJREIdbBQcbhf6MF1rWVxB_WXs3aDWRyb5jcTqmpkxNLvYhyCy9qiG7zlnPIRY2fi0m_Zb8bmTlNyrZQP-MAquPt_j-xR&amp;__tn__=kK-R\"><span class=\"nc684nl6\">Radio Pi\u00f9<\/span><\/a> alle 10:30 e alle 19 gli audio integrali delle classi 1B e 2B. La prossima settimana quelli della 1A e 2A. E&#8217; stato un piacere poter tornare in classe e rivedere i ragazzi, che hanno molto riflettuto sui danni agli animali che causa la plastica abbandonata . Mi fa anche molto piacere che per loro l&#8217;attivit\u00e0 non finisce qui, vorrebbero fare altro.\u00a0 Aspettando la primavera \u00a0per un&#8217;uscita tutti insieme, i ragazzi potranno mostrare le loro doti artistiche su dei grandi pannelli. A cosa serviranno? Seguiteci e vedrete!<\/div>\n<\/div>\n<p>&nbsp;<\/p>\n<p>&nbsp;<\/p>\n<p>&nbsp;<\/p>\n<p>&nbsp;<\/p>\n<hr \/>\n<p>&nbsp;<\/p>\n<blockquote>\n<h3>I RAGAZZI DELLA SCUOLA PERTINI NEL RICORDO DEL GIUDICE FALCONE<\/h3>\n<\/blockquote>\n<p><strong><a href=\"https:\/\/www.radiopiu.net\/wordpress\/i-ragazzi-della-scuola-pertini-nel-ricordo-del-giudice-falcone\/un_albero_per_il_futuro\/\" rel=\"attachment wp-att-244506\"><img loading=\"lazy\" decoding=\"async\" class=\" wp-image-244506 alignleft\" src=\"https:\/\/www.radiopiu.net\/wordpress\/wp-content\/uploads\/2021\/11\/Un_albero_per_il_futuro-244x300.jpg\" alt=\"\" width=\"196\" height=\"241\" srcset=\"https:\/\/www.radiopiu.net\/wordpress\/wp-content\/uploads\/2021\/11\/Un_albero_per_il_futuro-244x300.jpg 244w, https:\/\/www.radiopiu.net\/wordpress\/wp-content\/uploads\/2021\/11\/Un_albero_per_il_futuro-834x1024.jpg 834w, https:\/\/www.radiopiu.net\/wordpress\/wp-content\/uploads\/2021\/11\/Un_albero_per_il_futuro-768x943.jpg 768w, https:\/\/www.radiopiu.net\/wordpress\/wp-content\/uploads\/2021\/11\/Un_albero_per_il_futuro.jpg 975w\" sizes=\"auto, (max-width: 196px) 100vw, 196px\" \/><\/a>PONTE NELLE ALPI\u00a0<\/strong> La giornata degli alberi ha avuto come protagonista la scuola media \u201cSandro Pertini\u201d\u00a0 con l&#8217;iniziativa \u201cL\u2019Albero di Falcone\u201d, promossa dal Ministero della Transizione ecologica e dal raggruppamento biodiversit\u00e0 dei Carabinieri.\u00a0 Alcune gemme del \u201cficus\u201d, che cresce nei pressi della casa del giudice assassinato dalla mafia nel 1992, sono state prelevate\u00a0 dai Carabinieri Forestali in collaborazione con Fondazione Falcone, Comune e Sovrintendenza di Palermo. Sono state duplicate nel Centro nazionale per la biodiversit\u00e0 forestale.\u00a0Questi alberi, insieme ad altri autoctoni scelti dalle scuole aderenti (Ponte nelle Alpi ha piantato un acero rosso), contribuiranno al \u201cGrande bosco diffuso\u201d formato dalle giovani piante messe a dimora dagli studenti: sar\u00e0 visibile su un\u2019apposita piattaforma web e geo localizzato.\u00a0Durante la manifestazione, erano presenti la dirigente Orietta Isotton, gli insegnanti, le classi che partecipano al progetto, gli agenti del raggruppamento Carabinieri biodiversit\u00e0, il sindaco Paolo Vendramini con gli assessori all\u2019Ambiente Dal Borgo e dell\u2019Unione montana Oliseo Salvagno, oltre all\u2019onorevole Roger De Menech, vice-presidente della Commissione Difesa alla Camera dei deputati.\u00a0 Di particolare interesse i lavori sull\u2019ambiente svolti dai giovani studenti e molto partecipato il concerto degli alunni del nuovo indirizzo musicale.<\/p>\n<p>&nbsp;<\/p>\n<p>&nbsp;<\/p>\n<p>&nbsp;<\/p>\n<p>&nbsp;<\/p>\n<p>&nbsp;<\/p>\n<p>&nbsp;<\/p>\n<p>&nbsp;<\/p>\n<hr \/>\n<p>&nbsp;<\/p>\n<blockquote>\n<h3>VIA LIBERA ALLA NUOVA PAC \u00abATTENZIONE ALLA MONTAGNA E ALL&#8217;AMBIENTE\u00bb<\/h3>\n<\/blockquote>\n<p><strong><a href=\"https:\/\/www.radiopiu.net\/wordpress\/giornale-radiopiu-22-febbraio-2020-direttore-mirko-mezzacasa\/herbert-dorfmann-2-1\/\" rel=\"attachment wp-att-118435\"><img loading=\"lazy\" decoding=\"async\" class=\" wp-image-118435 alignleft\" src=\"https:\/\/www.radiopiu.net\/wordpress\/wp-content\/uploads\/2020\/02\/Herbert-Dorfmann-2-1-300x200.jpg\" alt=\"\" width=\"243\" height=\"162\" srcset=\"https:\/\/www.radiopiu.net\/wordpress\/wp-content\/uploads\/2020\/02\/Herbert-Dorfmann-2-1-300x200.jpg 300w, https:\/\/www.radiopiu.net\/wordpress\/wp-content\/uploads\/2020\/02\/Herbert-Dorfmann-2-1-1024x682.jpg 1024w, https:\/\/www.radiopiu.net\/wordpress\/wp-content\/uploads\/2020\/02\/Herbert-Dorfmann-2-1-768x512.jpg 768w, https:\/\/www.radiopiu.net\/wordpress\/wp-content\/uploads\/2020\/02\/Herbert-Dorfmann-2-1-1536x1024.jpg 1536w, https:\/\/www.radiopiu.net\/wordpress\/wp-content\/uploads\/2020\/02\/Herbert-Dorfmann-2-1.jpg 2000w\" sizes=\"auto, (max-width: 243px) 100vw, 243px\" \/><\/a>BRUXELLES<\/strong>\u00a0 Il Parlamento europeo ha dato il via libera finale alla nuova Politica Agricola Comune che entrer\u00e0 in vigore nel 2023: L\u2019europarlamentare Herbert Dorfmann ha partecipato in prima linea alle trattative con l&#8217;obiettivo di garantire un buon supporto alle\u00a0 aziende agricole e, al contempo, impegno in maniera ambiziosa a favore del clima e dell\u2019ambiente. Dal 2023 al 2027, circa 387 miliardi di euro &#8211; , circa il 33% del bilancio complessivo dell\u2019Unione &#8211; saranno destinati all\u2019agricoltura europea. In generale, la nuova PAC sar\u00e0 pi\u00f9 rispettosa dell\u2019ambiente e del clima: l\u2019obiettivo dell\u2019UE di ridurre le emissioni di CO2 di almeno il 55% entro il 2030 ha infatti conseguenze anche per il settore agricolo e la sua riforma. La nuova PAC contiene quindi nuovi requisiti ambientali. Entro il 2026 \u00e8 prevista anche, a livello statale, una convergenza dei pagamenti diretti per ettaro di almeno l\u201985%. In questo modo, anche se continuano a esistere differenze regionali nel livello dei pagamenti diretti per ettaro, il valore medio tra le regioni continuer\u00e0 a convergere. Ora la palla passa allo Stato italiano e alle regioni: nei prossimi mesi, dovr\u00e0 essere elaborato il Piano di Sviluppo Rurale e l\u2019Italia dovr\u00e0 determinarne l\u2019attuazione dettagliata a livello nazionale, nel quadro del piano strategico.<\/p>\n<p><strong>L&#8217;EURO DEPUTATO HERBERT DORFMANN<\/strong><\/p>\n<audio class=\"wp-audio-shortcode\" id=\"audio-244378-5\" preload=\"none\" style=\"width: 100%;\" controls=\"controls\"><source type=\"audio\/mpeg\" src=\"https:\/\/www.radiopiu.net\/wordpress\/wp-content\/uploads\/2021\/11\/Dorfmann-Approvazione-PAC.mp3?_=5\" \/><a href=\"https:\/\/www.radiopiu.net\/wordpress\/wp-content\/uploads\/2021\/11\/Dorfmann-Approvazione-PAC.mp3\">https:\/\/www.radiopiu.net\/wordpress\/wp-content\/uploads\/2021\/11\/Dorfmann-Approvazione-PAC.mp3<\/a><\/audio>\n<p>&nbsp;<\/p>\n<hr \/>\n<p>&nbsp;<\/p>\n<p>&nbsp;<\/p>\n<blockquote>\n<h2>IERI\u00a0 IL CONSIGLIO COMUNALE DI FALCADE, RIVEDILO E RIASCOLTALO diretta-differita radiopiu<\/h2>\n<\/blockquote>\n<blockquote class=\"wp-embedded-content\" data-secret=\"TtcZGaEmZj\"><p><a href=\"https:\/\/www.radiopiu.net\/wordpress\/consiglio-comunale-di-falcade-diretta\/\">CONSIGLIO COMUNALE DI FALCADE &#8211; DIRETTA &#8211;<\/a><\/p><\/blockquote>\n<p><iframe loading=\"lazy\" class=\"wp-embedded-content\" sandbox=\"allow-scripts\" security=\"restricted\" style=\"position: absolute; clip: rect(1px, 1px, 1px, 1px);\" title=\"&#8220;CONSIGLIO COMUNALE DI FALCADE &#8211; DIRETTA &#8211;&#8221; &#8212; Radio Pi\u00f9\" src=\"https:\/\/www.radiopiu.net\/wordpress\/consiglio-comunale-di-falcade-diretta\/embed\/#?secret=TtcZGaEmZj\" data-secret=\"TtcZGaEmZj\" width=\"600\" height=\"338\" frameborder=\"0\" marginwidth=\"0\" marginheight=\"0\" scrolling=\"no\"><\/iframe><\/p>\n<p>&nbsp;<\/p>\n<p>&nbsp;<\/p>\n<hr \/>\n<p>&nbsp;<\/p>\n<p>&nbsp;<\/p>\n<blockquote>\n<h3>VERSO LE OLIMPIADI 2026 \u2013 MA ORA SI DEVE CORRERE<\/h3>\n<\/blockquote>\n<p><strong>BELLUNO<\/strong> <em>\u201cCon la costituzione della nuova Societ\u00e0 Infrastrutture entriamo in una fase decisiva, ora dobbiamo correre e recuperare il tempo perso. Ci sono poco pi\u00f9 di quattro anni a disposizione per creare un evento unico ma soprattutto per gettare le basi di un futuro sostenibile per la nostra montagna, fatto di opere utili e collegamenti veloci per le persone e le imprese che ci vivono. Come imprenditori del territorio chiediamo di accelerare i tempi e di essere coinvolti fin da ora nella programmazione\u201d. <\/em>A dirlo \u00e8 Lorraine Berton, presidente di Confindustria Belluno Dolomiti e coordinatrice del Tavolo Sport e Grandi Eventi di Confindustria, all\u2019indomani della firma che ha sancito la costituzione di \u201cInfrastrutture Milano Cortina 2020-2026 Spa\u201d.<\/p>\n<p>&nbsp;<\/p>\n<hr \/>\n<blockquote>\n<h3><\/h3>\n<h3>I BELLUNESI CHE HANNO ONORATO LA PROVINCIA IN ITALIA E NEL MONDO<\/h3>\n<\/blockquote>\n<p>&nbsp;<\/p>\n<p><strong>DI MORENO GIOLI<\/strong><\/p>\n<audio class=\"wp-audio-shortcode\" id=\"audio-244378-6\" preload=\"none\" style=\"width: 100%;\" controls=\"controls\"><source type=\"audio\/mpeg\" src=\"https:\/\/www.radiopiu.net\/wordpress\/wp-content\/uploads\/2021\/11\/MORENO-LAMON.mp3?_=6\" \/><a href=\"https:\/\/www.radiopiu.net\/wordpress\/wp-content\/uploads\/2021\/11\/MORENO-LAMON.mp3\">https:\/\/www.radiopiu.net\/wordpress\/wp-content\/uploads\/2021\/11\/MORENO-LAMON.mp3<\/a><\/audio>\n<p>&nbsp;<\/p>\n<p><strong>BELLUNO<\/strong>\u00a0 Sar\u00e0 Lamon ad ospitare la XXI edizione del Premio Internazionale \u201cBellunesi che hanno onorato la provincia in Italia e nel Mondo\u201d Sabato 11 dicembre 2021, alle 9.30 nella Chiesa del Sacro Cuore &#8211; Duomo. Il Premio prevede riconoscimenti\u00a0 ai Bellunesi emigrati in Italia e nel mondo e ai loro discendenti, che mantengono vivo il legame con la terra delle. Personalit\u00e0 che si sono distinte nei\u00a0 settori: economico, imprenditoriale e professionale; istituzioni arte e cultura; sociale e solidaristico. Per il settore economico, imprenditoriale e professionale, saranno premiati Fausto Bortolot e Massimo Fornasier. Per il settore istituzioni, arte e cultura il premio andr\u00e0 a Paolo Forlin e a Ivano Battiston.\u00a0 Per il settore sociale e solidaristico il riconoscimento va a Dino Bee e a Camargo Ronchi. Il Premio Speciale \u201cBarcelloni Corte \u2013 De Martin Modolado\u201d viene assegnato a Giustina De Silvestro, nata a Domegge di Cadore,\u00a0 direttrice della prima banca italiana del siero iperimmune che si \u00e8 dimostrato molto efficace nella cura del virus SARS-CoV-2, in una fase in cui ancora non c\u2019era il vaccino o altri medicinali in grado di contrastarlo.<\/p>\n<p>&nbsp;<\/p>\n\n\t\t\t<style type='text\/css'>\n\t\t\t\t#gallery-2 {\n\t\t\t\t\tmargin: auto;\n\t\t\t\t}\n\t\t\t\t#gallery-2 .gallery-item {\n\t\t\t\t\tfloat: left;\n\t\t\t\t\tmargin-top: 10px;\n\t\t\t\t\ttext-align: center;\n\t\t\t\t\twidth: 25%;\n\t\t\t\t}\n\t\t\t\t#gallery-2 img {\n\t\t\t\t\tborder: 2px solid #cfcfcf;\n\t\t\t\t}\n\t\t\t\t#gallery-2 .gallery-caption {\n\t\t\t\t\tmargin-left: 0;\n\t\t\t\t}\n\t\t\t\t\/* see gallery_shortcode() in wp-includes\/media.php *\/\n\t\t\t<\/style>\n\t\t<div id='gallery-2' class='dt-gallery-container gallery galleryid-244378 gallery-columns-4 gallery-size-thumbnail'><dl class='gallery-item'>\n\t\t\t\t<dt class='gallery-icon landscape'>\n\t\t\t\t\t<a class=\"rollover rollover-zoom dt-pswp-item\" title=\"2013 Battiston CON GIANNI SECCO E RACHELE COLOMBO\" data-dt-img-description=\"\" data-large_image_width=\"1944\" data-large_image_height=\"1139\"href='https:\/\/www.radiopiu.net\/wordpress\/wp-content\/uploads\/2021\/11\/2013-Battiston-CON-GIANNI-SECCO-E-RACHELE-COLOMBO.jpg'><img loading=\"lazy\" decoding=\"async\" width=\"150\" height=\"150\" src=\"https:\/\/www.radiopiu.net\/wordpress\/wp-content\/uploads\/2021\/11\/2013-Battiston-CON-GIANNI-SECCO-E-RACHELE-COLOMBO-150x150.jpg\" class=\"attachment-thumbnail size-thumbnail\" alt=\"\" aria-describedby=\"gallery-2-244537\" \/><\/a>\n\t\t\t\t<\/dt>\n\t\t\t\t\t<dd class='wp-caption-text gallery-caption' id='gallery-2-244537'>\n\t\t\t\t\t Battiston CON GIANNI SECCO E RACHELE COLOMBO\n\t\t\t\t\t<\/dd><\/dl><dl class='gallery-item'>\n\t\t\t\t<dt class='gallery-icon portrait'>\n\t\t\t\t\t<a class=\"rollover rollover-zoom dt-pswp-item\" title=\"Camargo Ronchi\" data-dt-img-description=\"\" data-large_image_width=\"1920\" data-large_image_height=\"2560\"href='https:\/\/www.radiopiu.net\/wordpress\/wp-content\/uploads\/2021\/11\/Camargo-Ronchi-scaled.jpg'><img loading=\"lazy\" decoding=\"async\" width=\"150\" height=\"150\" src=\"https:\/\/www.radiopiu.net\/wordpress\/wp-content\/uploads\/2021\/11\/Camargo-Ronchi-150x150.jpg\" class=\"attachment-thumbnail size-thumbnail\" alt=\"\" aria-describedby=\"gallery-2-244533\" \/><\/a>\n\t\t\t\t<\/dt>\n\t\t\t\t\t<dd class='wp-caption-text gallery-caption' id='gallery-2-244533'>\n\t\t\t\t\tCamargo Ronchi\n\t\t\t\t\t<\/dd><\/dl><dl class='gallery-item'>\n\t\t\t\t<dt class='gallery-icon portrait'>\n\t\t\t\t\t<a class=\"rollover rollover-zoom dt-pswp-item\" title=\"De Silvestro\" data-dt-img-description=\"\" data-large_image_width=\"487\" data-large_image_height=\"825\"href='https:\/\/www.radiopiu.net\/wordpress\/wp-content\/uploads\/2021\/11\/De-Silvestro.jpg'><img loading=\"lazy\" decoding=\"async\" width=\"150\" height=\"150\" src=\"https:\/\/www.radiopiu.net\/wordpress\/wp-content\/uploads\/2021\/11\/De-Silvestro-150x150.jpg\" class=\"attachment-thumbnail size-thumbnail\" alt=\"\" aria-describedby=\"gallery-2-244532\" \/><\/a>\n\t\t\t\t<\/dt>\n\t\t\t\t\t<dd class='wp-caption-text gallery-caption' id='gallery-2-244532'>\n\t\t\t\t\tGiustina De Silvestro\n\t\t\t\t\t<\/dd><\/dl><dl class='gallery-item'>\n\t\t\t\t<dt class='gallery-icon landscape'>\n\t\t\t\t\t<a class=\"rollover rollover-zoom dt-pswp-item\" title=\"2018 Dino Bee CICR_Gruppo Amminstrativo Bangui RCA\" data-dt-img-description=\"\" data-large_image_width=\"2560\" data-large_image_height=\"1440\"href='https:\/\/www.radiopiu.net\/wordpress\/wp-content\/uploads\/2021\/11\/2018-Dino-Bee-CICR_Gruppo-Amminstrativo-Bangui-RCA-scaled.jpg'><img loading=\"lazy\" decoding=\"async\" width=\"150\" height=\"150\" src=\"https:\/\/www.radiopiu.net\/wordpress\/wp-content\/uploads\/2021\/11\/2018-Dino-Bee-CICR_Gruppo-Amminstrativo-Bangui-RCA-150x150.jpg\" class=\"attachment-thumbnail size-thumbnail\" alt=\"\" aria-describedby=\"gallery-2-244531\" \/><\/a>\n\t\t\t\t<\/dt>\n\t\t\t\t\t<dd class='wp-caption-text gallery-caption' id='gallery-2-244531'>\n\t\t\t\t\tDino Bee e Gruppo Amminstrativo Bangui \n\t\t\t\t\t<\/dd><\/dl><br style=\"clear: both\" \/><dl class='gallery-item'>\n\t\t\t\t<dt class='gallery-icon portrait'>\n\t\t\t\t\t<a class=\"rollover rollover-zoom dt-pswp-item\" title=\"Paolo Forlin Bellunesi\" data-dt-img-description=\"\" data-large_image_width=\"1809\" data-large_image_height=\"1864\"href='https:\/\/www.radiopiu.net\/wordpress\/wp-content\/uploads\/2021\/11\/Paolo-Forlin-Bellunesi.jpg'><img loading=\"lazy\" decoding=\"async\" width=\"150\" height=\"150\" src=\"https:\/\/www.radiopiu.net\/wordpress\/wp-content\/uploads\/2021\/11\/Paolo-Forlin-Bellunesi-150x150.jpg\" class=\"attachment-thumbnail size-thumbnail\" alt=\"\" aria-describedby=\"gallery-2-244529\" \/><\/a>\n\t\t\t\t<\/dt>\n\t\t\t\t\t<dd class='wp-caption-text gallery-caption' id='gallery-2-244529'>\n\t\t\t\t\tPaolo Forlin \n\t\t\t\t\t<\/dd><\/dl><dl class='gallery-item'>\n\t\t\t\t<dt class='gallery-icon portrait'>\n\t\t\t\t\t<a class=\"rollover rollover-zoom dt-pswp-item\" title=\"Massimo fornasier\" data-dt-img-description=\"\" data-large_image_width=\"786\" data-large_image_height=\"1024\"href='https:\/\/www.radiopiu.net\/wordpress\/wp-content\/uploads\/2021\/11\/Massimo-fornasier.jpg'><img loading=\"lazy\" decoding=\"async\" width=\"150\" height=\"150\" src=\"https:\/\/www.radiopiu.net\/wordpress\/wp-content\/uploads\/2021\/11\/Massimo-fornasier-150x150.jpg\" class=\"attachment-thumbnail size-thumbnail\" alt=\"\" aria-describedby=\"gallery-2-244528\" \/><\/a>\n\t\t\t\t<\/dt>\n\t\t\t\t\t<dd class='wp-caption-text gallery-caption' id='gallery-2-244528'>\n\t\t\t\t\tMassimo fornasier\n\t\t\t\t\t<\/dd><\/dl><dl class='gallery-item'>\n\t\t\t\t<dt class='gallery-icon portrait'>\n\t\t\t\t\t<a class=\"rollover rollover-zoom dt-pswp-item\" title=\"Fausto Bortolot\" data-dt-img-description=\"\" data-large_image_width=\"1441\" data-large_image_height=\"2560\"href='https:\/\/www.radiopiu.net\/wordpress\/wp-content\/uploads\/2021\/11\/Fausto-Bortolot-scaled.jpg'><img loading=\"lazy\" decoding=\"async\" width=\"150\" height=\"150\" src=\"https:\/\/www.radiopiu.net\/wordpress\/wp-content\/uploads\/2021\/11\/Fausto-Bortolot-150x150.jpg\" class=\"attachment-thumbnail size-thumbnail\" alt=\"\" aria-describedby=\"gallery-2-244527\" \/><\/a>\n\t\t\t\t<\/dt>\n\t\t\t\t\t<dd class='wp-caption-text gallery-caption' id='gallery-2-244527'>\n\t\t\t\t\tFausto Bortolot\n\t\t\t\t\t<\/dd><\/dl>\n\t\t\t\t<br style='clear: both' \/>\n\t\t\t<\/div>\n\n<p><strong><a href=\"https:\/\/www.radiopiu.net\/wordpress\/giornale-radiopiu-24-novembre-2021-direttore-mirko-mezzacasa\/095456f4-6b51-4a85-ba50-46e5509569d9\/\" rel=\"attachment wp-att-244570\"><img loading=\"lazy\" decoding=\"async\" class=\"size-medium wp-image-244570 alignleft\" src=\"https:\/\/www.radiopiu.net\/wordpress\/wp-content\/uploads\/2021\/11\/095456f4-6b51-4a85-ba50-46e5509569d9-300x225.jpg\" alt=\"\" width=\"300\" height=\"225\" srcset=\"https:\/\/www.radiopiu.net\/wordpress\/wp-content\/uploads\/2021\/11\/095456f4-6b51-4a85-ba50-46e5509569d9-300x225.jpg 300w, https:\/\/www.radiopiu.net\/wordpress\/wp-content\/uploads\/2021\/11\/095456f4-6b51-4a85-ba50-46e5509569d9-1024x768.jpg 1024w, https:\/\/www.radiopiu.net\/wordpress\/wp-content\/uploads\/2021\/11\/095456f4-6b51-4a85-ba50-46e5509569d9-768x576.jpg 768w, https:\/\/www.radiopiu.net\/wordpress\/wp-content\/uploads\/2021\/11\/095456f4-6b51-4a85-ba50-46e5509569d9-1536x1152.jpg 1536w, https:\/\/www.radiopiu.net\/wordpress\/wp-content\/uploads\/2021\/11\/095456f4-6b51-4a85-ba50-46e5509569d9.jpg 1600w\" sizes=\"auto, (max-width: 300px) 100vw, 300px\" \/><\/a><\/strong><\/p>\n<p>&nbsp;<\/p>\n<p>&nbsp;<\/p>\n<p>&nbsp;<\/p>\n<p>&nbsp;<\/p>\n<p>&nbsp;<\/p>\n<p>&nbsp;<\/p>\n<p>&nbsp;<\/p>\n<p>&nbsp;<\/p>\n<p><strong>IL PRESIDENTE DELLA PROVINCIA ROBERTO PADRIN\u00a0<\/strong><\/p>\n<audio class=\"wp-audio-shortcode\" id=\"audio-244378-7\" preload=\"none\" style=\"width: 100%;\" controls=\"controls\"><source type=\"audio\/mpeg\" src=\"https:\/\/www.radiopiu.net\/wordpress\/wp-content\/uploads\/2021\/11\/PADRIN-2.mp3?_=7\" \/><a href=\"https:\/\/www.radiopiu.net\/wordpress\/wp-content\/uploads\/2021\/11\/PADRIN-2.mp3\">https:\/\/www.radiopiu.net\/wordpress\/wp-content\/uploads\/2021\/11\/PADRIN-2.mp3<\/a><\/audio>\n<p><strong>IL SINDACO DI LAMON ORNELLA NOVENTA\u00a0\u00a0<\/strong><\/p>\n<audio class=\"wp-audio-shortcode\" id=\"audio-244378-8\" preload=\"none\" style=\"width: 100%;\" controls=\"controls\"><source type=\"audio\/mpeg\" src=\"https:\/\/www.radiopiu.net\/wordpress\/wp-content\/uploads\/2021\/11\/ORNELLA.mp3?_=8\" \/><a href=\"https:\/\/www.radiopiu.net\/wordpress\/wp-content\/uploads\/2021\/11\/ORNELLA.mp3\">https:\/\/www.radiopiu.net\/wordpress\/wp-content\/uploads\/2021\/11\/ORNELLA.mp3<\/a><\/audio>\n<p><strong>IL PRESIDENTE ABM OSCAR DE BONA\u00a0<\/strong><\/p>\n<audio class=\"wp-audio-shortcode\" id=\"audio-244378-9\" preload=\"none\" style=\"width: 100%;\" controls=\"controls\"><source type=\"audio\/mpeg\" src=\"https:\/\/www.radiopiu.net\/wordpress\/wp-content\/uploads\/2021\/11\/OSCAR.mp3?_=9\" \/><a href=\"https:\/\/www.radiopiu.net\/wordpress\/wp-content\/uploads\/2021\/11\/OSCAR.mp3\">https:\/\/www.radiopiu.net\/wordpress\/wp-content\/uploads\/2021\/11\/OSCAR.mp3<\/a><\/audio>\n<p>&nbsp;<\/p>\n<hr \/>\n<p>&nbsp;<\/p>\n<p>&nbsp;<\/p>\n<blockquote>\n<h3>ASPIAG SERVICE E LA QUESTURA CONTRO IL BULLISMO<\/h3>\n<\/blockquote>\n<p><strong> <a href=\"https:\/\/www.radiopiu.net\/wordpress\/giornale-radiopiu-24-novembre-2021-direttore-mirko-mezzacasa\/foto-1-24\/\" rel=\"attachment wp-att-244577\"><img loading=\"lazy\" decoding=\"async\" class=\"wp-image-244577 alignleft\" src=\"https:\/\/www.radiopiu.net\/wordpress\/wp-content\/uploads\/2021\/11\/Foto-1-1-300x235.jpg\" alt=\"\" width=\"218\" height=\"171\" srcset=\"https:\/\/www.radiopiu.net\/wordpress\/wp-content\/uploads\/2021\/11\/Foto-1-1-300x235.jpg 300w, https:\/\/www.radiopiu.net\/wordpress\/wp-content\/uploads\/2021\/11\/Foto-1-1-1024x803.jpg 1024w, https:\/\/www.radiopiu.net\/wordpress\/wp-content\/uploads\/2021\/11\/Foto-1-1-768x602.jpg 768w, https:\/\/www.radiopiu.net\/wordpress\/wp-content\/uploads\/2021\/11\/Foto-1-1-1536x1205.jpg 1536w, https:\/\/www.radiopiu.net\/wordpress\/wp-content\/uploads\/2021\/11\/Foto-1-1-2048x1606.jpg 2048w\" sizes=\"auto, (max-width: 218px) 100vw, 218px\" \/><\/a>BELLUNO<\/strong> Continua l\u2019impegno di\u00a0 Despar\u00a0 al fianco della Polizia di Stato per diffondere in modo capillare importanti messaggi a sfondo sociale contro fenomeni di discriminazione e violenza. E\u2019 stata infatti presentata\u00a0 presso la Questura di Belluno la nuova campagna informativa \u201cStop Bullismo\u201d per sensibilizzare i cittadini del Veneto e della provincia di Belluno sul fenomeno. Gli 11 punti vendita Despar\u00a0 della provincia saranno i luoghi dove sar\u00e0 diffusa la campagna attraverso opuscoli informativi <em>&#8220;I pieghevoli realizzati a tale scopo e distribuiti nei punti vendita del marchio in provincia \u2013 ha dichiarato Giuseppe Maggese, Questore di Belluno\u2013 contengono informazioni e numeri utili per chiedere aiuto e per segnalare episodi di bullismo. La Questura di Belluno, anche durante la pandemia e nell\u2019ambito della didattica a distanza , ha continuato a svolgere l\u2019attivit\u00e0 di prevenzione, ricorrendo allo strumento della di video conferenza, per aiutare i ragazzi a comprendere il fenomeno ed a prevenire le situazioni di rischio.\u201d\u00a0<\/em><\/p>\n\n\t\t\t<style type='text\/css'>\n\t\t\t\t#gallery-3 {\n\t\t\t\t\tmargin: auto;\n\t\t\t\t}\n\t\t\t\t#gallery-3 .gallery-item {\n\t\t\t\t\tfloat: left;\n\t\t\t\t\tmargin-top: 10px;\n\t\t\t\t\ttext-align: center;\n\t\t\t\t\twidth: 50%;\n\t\t\t\t}\n\t\t\t\t#gallery-3 img {\n\t\t\t\t\tborder: 2px solid #cfcfcf;\n\t\t\t\t}\n\t\t\t\t#gallery-3 .gallery-caption {\n\t\t\t\t\tmargin-left: 0;\n\t\t\t\t}\n\t\t\t\t\/* see gallery_shortcode() in wp-includes\/media.php *\/\n\t\t\t<\/style>\n\t\t<div id='gallery-3' class='dt-gallery-container gallery galleryid-244378 gallery-columns-2 gallery-size-medium'><dl class='gallery-item'>\n\t\t\t\t<dt class='gallery-icon landscape'>\n\t\t\t\t\t<a class=\"rollover rollover-zoom dt-pswp-item\" title=\"Volantino fronte-1\" data-dt-img-description=\"\" data-large_image_width=\"2560\" data-large_image_height=\"1810\"href='https:\/\/www.radiopiu.net\/wordpress\/wp-content\/uploads\/2021\/11\/Volantino-fronte-1-scaled.jpg'><img loading=\"lazy\" decoding=\"async\" width=\"300\" height=\"212\" src=\"https:\/\/www.radiopiu.net\/wordpress\/wp-content\/uploads\/2021\/11\/Volantino-fronte-1-300x212.jpg\" class=\"attachment-medium size-medium\" alt=\"\" srcset=\"https:\/\/www.radiopiu.net\/wordpress\/wp-content\/uploads\/2021\/11\/Volantino-fronte-1-300x212.jpg 300w, https:\/\/www.radiopiu.net\/wordpress\/wp-content\/uploads\/2021\/11\/Volantino-fronte-1-1024x724.jpg 1024w, https:\/\/www.radiopiu.net\/wordpress\/wp-content\/uploads\/2021\/11\/Volantino-fronte-1-768x543.jpg 768w, https:\/\/www.radiopiu.net\/wordpress\/wp-content\/uploads\/2021\/11\/Volantino-fronte-1-1536x1086.jpg 1536w, https:\/\/www.radiopiu.net\/wordpress\/wp-content\/uploads\/2021\/11\/Volantino-fronte-1-2048x1448.jpg 2048w\" sizes=\"auto, (max-width: 300px) 100vw, 300px\" \/><\/a>\n\t\t\t\t<\/dt><\/dl><dl class='gallery-item'>\n\t\t\t\t<dt class='gallery-icon landscape'>\n\t\t\t\t\t<a class=\"rollover rollover-zoom dt-pswp-item\" title=\"Volantino retro-1\" data-dt-img-description=\"\" data-large_image_width=\"2560\" data-large_image_height=\"1810\"href='https:\/\/www.radiopiu.net\/wordpress\/wp-content\/uploads\/2021\/11\/Volantino-retro-1-scaled.jpg'><img loading=\"lazy\" decoding=\"async\" width=\"300\" height=\"212\" src=\"https:\/\/www.radiopiu.net\/wordpress\/wp-content\/uploads\/2021\/11\/Volantino-retro-1-300x212.jpg\" class=\"attachment-medium size-medium\" alt=\"\" srcset=\"https:\/\/www.radiopiu.net\/wordpress\/wp-content\/uploads\/2021\/11\/Volantino-retro-1-300x212.jpg 300w, https:\/\/www.radiopiu.net\/wordpress\/wp-content\/uploads\/2021\/11\/Volantino-retro-1-1024x724.jpg 1024w, https:\/\/www.radiopiu.net\/wordpress\/wp-content\/uploads\/2021\/11\/Volantino-retro-1-768x543.jpg 768w, https:\/\/www.radiopiu.net\/wordpress\/wp-content\/uploads\/2021\/11\/Volantino-retro-1-1536x1086.jpg 1536w, https:\/\/www.radiopiu.net\/wordpress\/wp-content\/uploads\/2021\/11\/Volantino-retro-1-2048x1448.jpg 2048w\" sizes=\"auto, (max-width: 300px) 100vw, 300px\" \/><\/a>\n\t\t\t\t<\/dt><\/dl><br style=\"clear: both\" \/>\n\t\t\t<\/div>\n\n<p>&nbsp;<\/p>\n<hr \/>\n<p>&nbsp;<\/p>\n<blockquote>\n<h3>IN MARMOLADA OPERAZIONE NEVE A TUTTO VOLUME<\/h3>\n<\/blockquote>\n<blockquote>\n<h3>Cannoni Sparaneve in diretta dalla Marmolada. Temperatura scesa velocemente a -3 gradi<\/h3>\n<\/blockquote>\n\n\t\t\t<style type='text\/css'>\n\t\t\t\t#gallery-4 {\n\t\t\t\t\tmargin: auto;\n\t\t\t\t}\n\t\t\t\t#gallery-4 .gallery-item {\n\t\t\t\t\tfloat: left;\n\t\t\t\t\tmargin-top: 10px;\n\t\t\t\t\ttext-align: center;\n\t\t\t\t\twidth: 25%;\n\t\t\t\t}\n\t\t\t\t#gallery-4 img {\n\t\t\t\t\tborder: 2px solid #cfcfcf;\n\t\t\t\t}\n\t\t\t\t#gallery-4 .gallery-caption {\n\t\t\t\t\tmargin-left: 0;\n\t\t\t\t}\n\t\t\t\t\/* see gallery_shortcode() in wp-includes\/media.php *\/\n\t\t\t<\/style>\n\t\t<div id='gallery-4' class='dt-gallery-container gallery galleryid-244378 gallery-columns-4 gallery-size-medium'><dl class='gallery-item'>\n\t\t\t\t<dt class='gallery-icon landscape'>\n\t\t\t\t\t<a class=\"rollover rollover-zoom dt-pswp-item\" title=\"b854fc32-2f1f-4208-bc85-aafaccd93236\" data-dt-img-description=\"\" data-large_image_width=\"1600\" data-large_image_height=\"1200\"href='https:\/\/www.radiopiu.net\/wordpress\/wp-content\/uploads\/2021\/11\/b854fc32-2f1f-4208-bc85-aafaccd93236.jpg'><img loading=\"lazy\" decoding=\"async\" width=\"300\" height=\"225\" src=\"https:\/\/www.radiopiu.net\/wordpress\/wp-content\/uploads\/2021\/11\/b854fc32-2f1f-4208-bc85-aafaccd93236-300x225.jpg\" class=\"attachment-medium size-medium\" alt=\"\" srcset=\"https:\/\/www.radiopiu.net\/wordpress\/wp-content\/uploads\/2021\/11\/b854fc32-2f1f-4208-bc85-aafaccd93236-300x225.jpg 300w, https:\/\/www.radiopiu.net\/wordpress\/wp-content\/uploads\/2021\/11\/b854fc32-2f1f-4208-bc85-aafaccd93236-1024x768.jpg 1024w, https:\/\/www.radiopiu.net\/wordpress\/wp-content\/uploads\/2021\/11\/b854fc32-2f1f-4208-bc85-aafaccd93236-768x576.jpg 768w, https:\/\/www.radiopiu.net\/wordpress\/wp-content\/uploads\/2021\/11\/b854fc32-2f1f-4208-bc85-aafaccd93236-1536x1152.jpg 1536w, https:\/\/www.radiopiu.net\/wordpress\/wp-content\/uploads\/2021\/11\/b854fc32-2f1f-4208-bc85-aafaccd93236.jpg 1600w\" sizes=\"auto, (max-width: 300px) 100vw, 300px\" \/><\/a>\n\t\t\t\t<\/dt><\/dl><dl class='gallery-item'>\n\t\t\t\t<dt class='gallery-icon landscape'>\n\t\t\t\t\t<a class=\"rollover rollover-zoom dt-pswp-item\" title=\"dcac6b28-65e0-45a5-a2e2-a7ece22dc8ca\" data-dt-img-description=\"\" data-large_image_width=\"1600\" data-large_image_height=\"1200\"href='https:\/\/www.radiopiu.net\/wordpress\/wp-content\/uploads\/2021\/11\/dcac6b28-65e0-45a5-a2e2-a7ece22dc8ca.jpg'><img loading=\"lazy\" decoding=\"async\" width=\"300\" height=\"225\" src=\"https:\/\/www.radiopiu.net\/wordpress\/wp-content\/uploads\/2021\/11\/dcac6b28-65e0-45a5-a2e2-a7ece22dc8ca-300x225.jpg\" class=\"attachment-medium size-medium\" alt=\"\" srcset=\"https:\/\/www.radiopiu.net\/wordpress\/wp-content\/uploads\/2021\/11\/dcac6b28-65e0-45a5-a2e2-a7ece22dc8ca-300x225.jpg 300w, https:\/\/www.radiopiu.net\/wordpress\/wp-content\/uploads\/2021\/11\/dcac6b28-65e0-45a5-a2e2-a7ece22dc8ca-1024x768.jpg 1024w, https:\/\/www.radiopiu.net\/wordpress\/wp-content\/uploads\/2021\/11\/dcac6b28-65e0-45a5-a2e2-a7ece22dc8ca-768x576.jpg 768w, https:\/\/www.radiopiu.net\/wordpress\/wp-content\/uploads\/2021\/11\/dcac6b28-65e0-45a5-a2e2-a7ece22dc8ca-1536x1152.jpg 1536w, https:\/\/www.radiopiu.net\/wordpress\/wp-content\/uploads\/2021\/11\/dcac6b28-65e0-45a5-a2e2-a7ece22dc8ca.jpg 1600w\" sizes=\"auto, (max-width: 300px) 100vw, 300px\" \/><\/a>\n\t\t\t\t<\/dt><\/dl><dl class='gallery-item'>\n\t\t\t\t<dt class='gallery-icon landscape'>\n\t\t\t\t\t<a class=\"rollover rollover-zoom dt-pswp-item\" title=\"8d36ffec-985d-4ab7-b3e4-31e1c8e64f47\" data-dt-img-description=\"\" data-large_image_width=\"1600\" data-large_image_height=\"1200\"href='https:\/\/www.radiopiu.net\/wordpress\/wp-content\/uploads\/2021\/11\/8d36ffec-985d-4ab7-b3e4-31e1c8e64f47.jpg'><img loading=\"lazy\" decoding=\"async\" width=\"300\" height=\"225\" src=\"https:\/\/www.radiopiu.net\/wordpress\/wp-content\/uploads\/2021\/11\/8d36ffec-985d-4ab7-b3e4-31e1c8e64f47-300x225.jpg\" class=\"attachment-medium size-medium\" alt=\"\" srcset=\"https:\/\/www.radiopiu.net\/wordpress\/wp-content\/uploads\/2021\/11\/8d36ffec-985d-4ab7-b3e4-31e1c8e64f47-300x225.jpg 300w, https:\/\/www.radiopiu.net\/wordpress\/wp-content\/uploads\/2021\/11\/8d36ffec-985d-4ab7-b3e4-31e1c8e64f47-1024x768.jpg 1024w, https:\/\/www.radiopiu.net\/wordpress\/wp-content\/uploads\/2021\/11\/8d36ffec-985d-4ab7-b3e4-31e1c8e64f47-768x576.jpg 768w, https:\/\/www.radiopiu.net\/wordpress\/wp-content\/uploads\/2021\/11\/8d36ffec-985d-4ab7-b3e4-31e1c8e64f47-1536x1152.jpg 1536w, https:\/\/www.radiopiu.net\/wordpress\/wp-content\/uploads\/2021\/11\/8d36ffec-985d-4ab7-b3e4-31e1c8e64f47.jpg 1600w\" sizes=\"auto, (max-width: 300px) 100vw, 300px\" \/><\/a>\n\t\t\t\t<\/dt><\/dl><dl class='gallery-item'>\n\t\t\t\t<dt class='gallery-icon landscape'>\n\t\t\t\t\t<a class=\"rollover rollover-zoom dt-pswp-item\" title=\"c9fb3b0c-2c8b-49c5-8bb7-1ac328c4c35b\" data-dt-img-description=\"\" data-large_image_width=\"1600\" data-large_image_height=\"1200\"href='https:\/\/www.radiopiu.net\/wordpress\/wp-content\/uploads\/2021\/11\/c9fb3b0c-2c8b-49c5-8bb7-1ac328c4c35b.jpg'><img loading=\"lazy\" decoding=\"async\" width=\"300\" height=\"225\" src=\"https:\/\/www.radiopiu.net\/wordpress\/wp-content\/uploads\/2021\/11\/c9fb3b0c-2c8b-49c5-8bb7-1ac328c4c35b-300x225.jpg\" class=\"attachment-medium size-medium\" alt=\"\" srcset=\"https:\/\/www.radiopiu.net\/wordpress\/wp-content\/uploads\/2021\/11\/c9fb3b0c-2c8b-49c5-8bb7-1ac328c4c35b-300x225.jpg 300w, https:\/\/www.radiopiu.net\/wordpress\/wp-content\/uploads\/2021\/11\/c9fb3b0c-2c8b-49c5-8bb7-1ac328c4c35b-1024x768.jpg 1024w, https:\/\/www.radiopiu.net\/wordpress\/wp-content\/uploads\/2021\/11\/c9fb3b0c-2c8b-49c5-8bb7-1ac328c4c35b-768x576.jpg 768w, https:\/\/www.radiopiu.net\/wordpress\/wp-content\/uploads\/2021\/11\/c9fb3b0c-2c8b-49c5-8bb7-1ac328c4c35b-1536x1152.jpg 1536w, https:\/\/www.radiopiu.net\/wordpress\/wp-content\/uploads\/2021\/11\/c9fb3b0c-2c8b-49c5-8bb7-1ac328c4c35b.jpg 1600w\" sizes=\"auto, (max-width: 300px) 100vw, 300px\" \/><\/a>\n\t\t\t\t<\/dt><\/dl><br style=\"clear: both\" \/><dl class='gallery-item'>\n\t\t\t\t<dt class='gallery-icon landscape'>\n\t\t\t\t\t<a class=\"rollover rollover-zoom dt-pswp-item\" title=\"bf93ef9f-6b0d-44a3-86f1-1ee4dec5d70b\" data-dt-img-description=\"\" data-large_image_width=\"1600\" data-large_image_height=\"1200\"href='https:\/\/www.radiopiu.net\/wordpress\/wp-content\/uploads\/2021\/11\/bf93ef9f-6b0d-44a3-86f1-1ee4dec5d70b.jpg'><img loading=\"lazy\" decoding=\"async\" width=\"300\" height=\"225\" src=\"https:\/\/www.radiopiu.net\/wordpress\/wp-content\/uploads\/2021\/11\/bf93ef9f-6b0d-44a3-86f1-1ee4dec5d70b-300x225.jpg\" class=\"attachment-medium size-medium\" alt=\"\" srcset=\"https:\/\/www.radiopiu.net\/wordpress\/wp-content\/uploads\/2021\/11\/bf93ef9f-6b0d-44a3-86f1-1ee4dec5d70b-300x225.jpg 300w, https:\/\/www.radiopiu.net\/wordpress\/wp-content\/uploads\/2021\/11\/bf93ef9f-6b0d-44a3-86f1-1ee4dec5d70b-1024x768.jpg 1024w, https:\/\/www.radiopiu.net\/wordpress\/wp-content\/uploads\/2021\/11\/bf93ef9f-6b0d-44a3-86f1-1ee4dec5d70b-768x576.jpg 768w, https:\/\/www.radiopiu.net\/wordpress\/wp-content\/uploads\/2021\/11\/bf93ef9f-6b0d-44a3-86f1-1ee4dec5d70b-1536x1152.jpg 1536w, https:\/\/www.radiopiu.net\/wordpress\/wp-content\/uploads\/2021\/11\/bf93ef9f-6b0d-44a3-86f1-1ee4dec5d70b.jpg 1600w\" sizes=\"auto, (max-width: 300px) 100vw, 300px\" \/><\/a>\n\t\t\t\t<\/dt><\/dl><dl class='gallery-item'>\n\t\t\t\t<dt class='gallery-icon landscape'>\n\t\t\t\t\t<a class=\"rollover rollover-zoom dt-pswp-item\" title=\"0563c8ed-4b80-45e5-8c86-d8675d0cc97f\" data-dt-img-description=\"\" data-large_image_width=\"1600\" data-large_image_height=\"1200\"href='https:\/\/www.radiopiu.net\/wordpress\/wp-content\/uploads\/2021\/11\/0563c8ed-4b80-45e5-8c86-d8675d0cc97f.jpg'><img loading=\"lazy\" decoding=\"async\" width=\"300\" height=\"225\" src=\"https:\/\/www.radiopiu.net\/wordpress\/wp-content\/uploads\/2021\/11\/0563c8ed-4b80-45e5-8c86-d8675d0cc97f-300x225.jpg\" class=\"attachment-medium size-medium\" alt=\"\" srcset=\"https:\/\/www.radiopiu.net\/wordpress\/wp-content\/uploads\/2021\/11\/0563c8ed-4b80-45e5-8c86-d8675d0cc97f-300x225.jpg 300w, https:\/\/www.radiopiu.net\/wordpress\/wp-content\/uploads\/2021\/11\/0563c8ed-4b80-45e5-8c86-d8675d0cc97f-1024x768.jpg 1024w, https:\/\/www.radiopiu.net\/wordpress\/wp-content\/uploads\/2021\/11\/0563c8ed-4b80-45e5-8c86-d8675d0cc97f-768x576.jpg 768w, https:\/\/www.radiopiu.net\/wordpress\/wp-content\/uploads\/2021\/11\/0563c8ed-4b80-45e5-8c86-d8675d0cc97f-1536x1152.jpg 1536w, https:\/\/www.radiopiu.net\/wordpress\/wp-content\/uploads\/2021\/11\/0563c8ed-4b80-45e5-8c86-d8675d0cc97f.jpg 1600w\" sizes=\"auto, (max-width: 300px) 100vw, 300px\" \/><\/a>\n\t\t\t\t<\/dt><\/dl><dl class='gallery-item'>\n\t\t\t\t<dt class='gallery-icon landscape'>\n\t\t\t\t\t<a class=\"rollover rollover-zoom dt-pswp-item\" title=\"f89230ae-547e-40ec-9cb7-0e640f6ae508\" data-dt-img-description=\"\" data-large_image_width=\"1600\" data-large_image_height=\"1200\"href='https:\/\/www.radiopiu.net\/wordpress\/wp-content\/uploads\/2021\/11\/f89230ae-547e-40ec-9cb7-0e640f6ae508.jpg'><img loading=\"lazy\" decoding=\"async\" width=\"300\" height=\"225\" src=\"https:\/\/www.radiopiu.net\/wordpress\/wp-content\/uploads\/2021\/11\/f89230ae-547e-40ec-9cb7-0e640f6ae508-300x225.jpg\" class=\"attachment-medium size-medium\" alt=\"\" srcset=\"https:\/\/www.radiopiu.net\/wordpress\/wp-content\/uploads\/2021\/11\/f89230ae-547e-40ec-9cb7-0e640f6ae508-300x225.jpg 300w, https:\/\/www.radiopiu.net\/wordpress\/wp-content\/uploads\/2021\/11\/f89230ae-547e-40ec-9cb7-0e640f6ae508-1024x768.jpg 1024w, https:\/\/www.radiopiu.net\/wordpress\/wp-content\/uploads\/2021\/11\/f89230ae-547e-40ec-9cb7-0e640f6ae508-768x576.jpg 768w, https:\/\/www.radiopiu.net\/wordpress\/wp-content\/uploads\/2021\/11\/f89230ae-547e-40ec-9cb7-0e640f6ae508-1536x1152.jpg 1536w, https:\/\/www.radiopiu.net\/wordpress\/wp-content\/uploads\/2021\/11\/f89230ae-547e-40ec-9cb7-0e640f6ae508.jpg 1600w\" sizes=\"auto, (max-width: 300px) 100vw, 300px\" \/><\/a>\n\t\t\t\t<\/dt><\/dl><dl class='gallery-item'>\n\t\t\t\t<dt class='gallery-icon landscape'>\n\t\t\t\t\t<a class=\"rollover rollover-zoom dt-pswp-item\" title=\"52f7a7f0-1e81-4dde-b39a-f898ff0432f5\" data-dt-img-description=\"\" data-large_image_width=\"1600\" data-large_image_height=\"1200\"href='https:\/\/www.radiopiu.net\/wordpress\/wp-content\/uploads\/2021\/11\/52f7a7f0-1e81-4dde-b39a-f898ff0432f5.jpg'><img loading=\"lazy\" decoding=\"async\" width=\"300\" height=\"225\" src=\"https:\/\/www.radiopiu.net\/wordpress\/wp-content\/uploads\/2021\/11\/52f7a7f0-1e81-4dde-b39a-f898ff0432f5-300x225.jpg\" class=\"attachment-medium size-medium\" alt=\"\" srcset=\"https:\/\/www.radiopiu.net\/wordpress\/wp-content\/uploads\/2021\/11\/52f7a7f0-1e81-4dde-b39a-f898ff0432f5-300x225.jpg 300w, https:\/\/www.radiopiu.net\/wordpress\/wp-content\/uploads\/2021\/11\/52f7a7f0-1e81-4dde-b39a-f898ff0432f5-1024x768.jpg 1024w, https:\/\/www.radiopiu.net\/wordpress\/wp-content\/uploads\/2021\/11\/52f7a7f0-1e81-4dde-b39a-f898ff0432f5-768x576.jpg 768w, https:\/\/www.radiopiu.net\/wordpress\/wp-content\/uploads\/2021\/11\/52f7a7f0-1e81-4dde-b39a-f898ff0432f5-1536x1152.jpg 1536w, https:\/\/www.radiopiu.net\/wordpress\/wp-content\/uploads\/2021\/11\/52f7a7f0-1e81-4dde-b39a-f898ff0432f5.jpg 1600w\" sizes=\"auto, (max-width: 300px) 100vw, 300px\" \/><\/a>\n\t\t\t\t<\/dt><\/dl><br style=\"clear: both\" \/><dl class='gallery-item'>\n\t\t\t\t<dt class='gallery-icon landscape'>\n\t\t\t\t\t<a class=\"rollover rollover-zoom dt-pswp-item\" title=\"72d0bd11-40e2-4b76-a021-20060259db81\" data-dt-img-description=\"\" data-large_image_width=\"1600\" data-large_image_height=\"1200\"href='https:\/\/www.radiopiu.net\/wordpress\/wp-content\/uploads\/2021\/11\/72d0bd11-40e2-4b76-a021-20060259db81.jpg'><img loading=\"lazy\" decoding=\"async\" width=\"300\" height=\"225\" src=\"https:\/\/www.radiopiu.net\/wordpress\/wp-content\/uploads\/2021\/11\/72d0bd11-40e2-4b76-a021-20060259db81-300x225.jpg\" class=\"attachment-medium size-medium\" alt=\"\" srcset=\"https:\/\/www.radiopiu.net\/wordpress\/wp-content\/uploads\/2021\/11\/72d0bd11-40e2-4b76-a021-20060259db81-300x225.jpg 300w, https:\/\/www.radiopiu.net\/wordpress\/wp-content\/uploads\/2021\/11\/72d0bd11-40e2-4b76-a021-20060259db81-1024x768.jpg 1024w, https:\/\/www.radiopiu.net\/wordpress\/wp-content\/uploads\/2021\/11\/72d0bd11-40e2-4b76-a021-20060259db81-768x576.jpg 768w, https:\/\/www.radiopiu.net\/wordpress\/wp-content\/uploads\/2021\/11\/72d0bd11-40e2-4b76-a021-20060259db81-1536x1152.jpg 1536w, https:\/\/www.radiopiu.net\/wordpress\/wp-content\/uploads\/2021\/11\/72d0bd11-40e2-4b76-a021-20060259db81.jpg 1600w\" sizes=\"auto, (max-width: 300px) 100vw, 300px\" \/><\/a>\n\t\t\t\t<\/dt><\/dl>\n\t\t\t\t<br style='clear: both' \/>\n\t\t\t<\/div>\n\n<p>&nbsp;<\/p>\n<p>&nbsp;<\/p>\n<hr \/>\n<p>&nbsp;<\/p>\n<p>&nbsp;<\/p>\n<p><span style=\"color: #ff0000;\">L&#8217;OPINIONE<\/span><\/p>\n<p><strong>di Franco Piacentini, Feltre<\/strong><\/p>\n<blockquote>\n<h3>IL BILANCIO REGIONALE METTE LE MANI NELLE TASCHE DEI VENETI<\/h3>\n<p>Nelle sedi istituzionali della Regione Veneto, in questo periodo di fine anno, si \u00e8 avviato il confronto (non certamente sereno) tra le forze politiche per la stesura del prossimo bilancio regionale. Come nel passato la Giunta Regionale sta riproponendo la propria (opinabile) posizione: \u201cnel prossimo triennio non ci sar\u00e0 alcuna addizionale IRPEF\u201d. Utilizzando il solito slogan elettorale, dichiara: &#8220;non mettiamo le mani nelle tasche dei cittadini&#8221;. Effettivamente, non avere un ulteriore prelievo fiscale, \u00e8 senza dubbio una bella notizia. Premesso che da molti anni in Veneto \u00e8 presente la proposta per un&#8217;addizionale IRPEF sui redditi pi\u00f9 alti, come tassa di scopo e di solidariet\u00e0, finalizzata all&#8217;aiuto a persone con gravi patologie invalidanti, il Governatore e la Giunta del Veneto non possono con disinvoltura ribadire che in questa regione tutto va bene, anche sul versante del finanziamento alle prestazioni socio-assistenziali e sociosanitarie. Sarebbe effettivamente una bellissima notizia, il non mettere le mani sui redditi dei cittadini veneti, se contestualmente nel bilancio regionale saranno previsti ed esigibili: almeno 600 milioni di euro per sgravare le famiglie dai costi annuali per l&#8217;assistenza domiciliare e un miliardo di euro (annuale) per finanziare il fondo per la disabilit\u00e0 e la non autosufficienza, previsto dalla L.R. n. 30 del 18 dicembre 2009. Ricordo che questa legge, votata all&#8217;unanimit\u00e0 dal Consiglio regionale, nel biennio 2008 &#8211; 2009 era stata chiesta, con una raccolta di oltre 200 mila firme di cittadini veneti, dalle organizzazioni sindacali Cgil Cisl Uil, sostenuta dalle Associazioni dei disabili e dalla mobilitazione delle pensionate e dei pensionati di SPI &#8211; FNP &#8211; UILP. La demagogia \u00e8 una pessima amica. Chi ha responsabilit\u00e0 amministrative pubbliche, dovrebbe dare risposte concrete alle persone disabili e\/o non autosufficienti e ai loro familiari, che ogni santo giorno della loro vita devono pagare mediamente una compartecipazione dai 50 ai 90 euro, per assistenza domiciliare o per ospitalit\u00e0 in casa di riposo. Per il mancato finanziamento alla L.R. 30 del 2009 e per la pesante compartecipazione per alcune prestazioni sanitarie, la Giunta Regionale, quotidianamente mette le mani in tasca a migliaia di veneti disabili, non autosufficienti e malati. Almeno su questo sarebbe opportuna una dichiarazione di sincerit\u00e0.<\/p><\/blockquote>\n<p>&nbsp;<\/p>\n<p>&nbsp;<\/p>\n<hr \/>\n<blockquote>\n<h3><\/h3>\n<h3>LA REGIONE VENETO PRESENTE AL MIG 2021<\/h3>\n<\/blockquote>\n<p><strong><a href=\"https:\/\/www.radiopiu.net\/wordpress\/giornale-radiopiu-24-novembre-2021-direttore-mirko-mezzacasa\/dsc00279\/\" rel=\"attachment wp-att-244487\"><img loading=\"lazy\" decoding=\"async\" class=\"size-medium wp-image-244487 alignleft\" src=\"https:\/\/www.radiopiu.net\/wordpress\/wp-content\/uploads\/2021\/11\/DSC00279-300x200.jpg\" alt=\"\" width=\"300\" height=\"200\" srcset=\"https:\/\/www.radiopiu.net\/wordpress\/wp-content\/uploads\/2021\/11\/DSC00279-300x200.jpg 300w, https:\/\/www.radiopiu.net\/wordpress\/wp-content\/uploads\/2021\/11\/DSC00279-1024x682.jpg 1024w, https:\/\/www.radiopiu.net\/wordpress\/wp-content\/uploads\/2021\/11\/DSC00279-768x512.jpg 768w, https:\/\/www.radiopiu.net\/wordpress\/wp-content\/uploads\/2021\/11\/DSC00279-1536x1024.jpg 1536w, https:\/\/www.radiopiu.net\/wordpress\/wp-content\/uploads\/2021\/11\/DSC00279.jpg 2000w\" sizes=\"auto, (max-width: 300px) 100vw, 300px\" \/><\/a>LONGARONE <\/strong>Anche quest\u2019anno la Regione Veneto in collaborazione con l\u2019Associazione Gelato Veneto e Longarone Fiere Dolomiti torna alla MIG &#8211; Mostra Internazionale del Gelato artigianale. L\u2019evento, arrivato alla sua 61esima edizione, avr\u00e0 luogo dal 28 novembre al 1\u00b0 dicembre 2021 a Longarone nel territorio Bellunese dove i professionisti del settore si incontreranno per scoprire tutte le novit\u00e0 del mondo della gelateria. La Regione Veneto sar\u00e0 presente alla manifestazione al Padiglione D con un proprio stand di 180mq all\u2019interno del quale ospiter\u00e0 i Gelatieri Veneti che proporranno per l\u2019occasione il Gelato Artigianale Made in Veneto. A causa della pandemia da Covid-19 e delle diverse restrizioni imposte, quest\u2019anno, l\u2019accesso al padiglione della Regione Veneto \u00e8 riservato solo agli operatori del settore.<\/p>\n<p>&nbsp;<\/p>\n<p>&nbsp;<\/p>\n<p>&nbsp;<\/p>\n<p>&nbsp;<\/p>\n<p>&nbsp;<\/p>\n<p>&nbsp;<\/p>\n<p>&nbsp;<\/p>\n<p>&nbsp;<\/p>\n<hr \/>\n<p>&nbsp;<\/p>\n<blockquote>\n<h3>SCUOLA APERTA, IL 4 E 18 dicembre AL FOLLADOR-DE ROSSI<\/h3>\n<\/blockquote>\n<p><strong>AGORDO<\/strong> Ecco le date e i link per\u00a0 Scuol@ Aperta al Istituto Follador &#8211; De Rossi per visitare i nostri ambienti e conoscere da vicino l&#8217;istituto<\/p>\n<p><strong>Le prenotazione andranno effettuate ai seguenti link:<\/strong><\/p>\n<p>4 Dicembre 2021 https:\/\/form.jotform.com\/Follador\/scuola-apert-4-dicembre-2021<\/p>\n<p>18 Dicembre 2021 https:\/\/form.jotform.com\/Follador\/scuola-apert-18-dicembre-2021<\/p>\n<p>&nbsp;<\/p>\n<blockquote>\n<h3>SCUOLA APERTA AI LICEI GALILEI<\/h3>\n<\/blockquote>\n<p><strong>BELLUNO<\/strong> In cinque giornate diverse da qui a gennaio verranno presentate le tre proposte dell\u2019Istituto: Liceo Scientifico, Liceo delle Scienze Applicate e Liceo Classico. Sabato 27 novembre, in due turni pomeridiani, verranno presentati gli indirizzi scientifici, mentre il 4 dicembre verr\u00e0 presentato il Liceo Classico. Entrambi gli appuntamenti hanno gi\u00e0 esaurito i posti disponibili, ma nel sito della scuola (www.liceibelluno.edu.it) \u00e8 gi\u00e0 attivo il link per le prenotazioni agli incontri successivi. Tre saranno gli appuntamenti per il Liceo Scientifico e il Liceo delle Scienze applicate: sabato 27 novembre (primo turno ore 15:00-16:30; secondo turno ore 17:00-18:30), sabato 18 dicembre (primo turno ore 15:00-16:30; secondo turno ore 17:00-18:30) e venerd\u00ec 14 gennaio (turno unico ore 17:00-19:00). Due gli appuntamenti per il Liceo Classico: sabato 4 dicembre (turno unico ore 15:00-16:30) e sabato 15 gennaio (sempre turno unico ore 15:00-16:30).<\/p>\n<p>&nbsp;<\/p>\n<blockquote>\n<h3>\u00a0SCUOLA APERTA AL LOLLINO<\/h3>\n<\/blockquote>\n<p><strong>BELLUNO<\/strong> Sono attesi gli studenti di terza media e le loro famiglie venerd\u00ec 26 novembre alle 18, sabato 11 dicembre dalle 10 e domenica 9 gennaio 2022 alle 15. La scuola aperta prevede la presentazione del piano di studi e una visita agli ambienti dell\u2019edificio scolastico, il quale gode della storia e dell\u2019architettura del Seminario Gregoriano. La prenotazione \u00e8 obbligatoria entro il giorno precedente a segreteria@liceolollino.it.<\/p>\n<p>&nbsp;<\/p>\n<hr \/>\n<p>&nbsp;<\/p>\n<p>&nbsp;<\/p>\n<blockquote>\n<h3>DALLE VETRINE I MESSAGGI ANTI-VIOLENZA DI GENERE<\/h3>\n<\/blockquote>\n<p><strong><a href=\"https:\/\/www.radiopiu.net\/wordpress\/giornale-radiopiu-24-novembre-2021-direttore-mirko-mezzacasa\/photo-2021-11-23-11-37-27\/\" rel=\"attachment wp-att-244525\"><img loading=\"lazy\" decoding=\"async\" class=\" wp-image-244525 alignleft\" src=\"https:\/\/www.radiopiu.net\/wordpress\/wp-content\/uploads\/2021\/11\/PHOTO-2021-11-23-11-37-27-300x169.jpg\" alt=\"\" width=\"243\" height=\"137\" srcset=\"https:\/\/www.radiopiu.net\/wordpress\/wp-content\/uploads\/2021\/11\/PHOTO-2021-11-23-11-37-27-300x169.jpg 300w, https:\/\/www.radiopiu.net\/wordpress\/wp-content\/uploads\/2021\/11\/PHOTO-2021-11-23-11-37-27-1024x576.jpg 1024w, https:\/\/www.radiopiu.net\/wordpress\/wp-content\/uploads\/2021\/11\/PHOTO-2021-11-23-11-37-27-768x432.jpg 768w, https:\/\/www.radiopiu.net\/wordpress\/wp-content\/uploads\/2021\/11\/PHOTO-2021-11-23-11-37-27-1536x864.jpg 1536w, https:\/\/www.radiopiu.net\/wordpress\/wp-content\/uploads\/2021\/11\/PHOTO-2021-11-23-11-37-27.jpg 1600w\" sizes=\"auto, (max-width: 243px) 100vw, 243px\" \/><\/a>BELLUNO <\/strong>Confartigianato Belluno dice \u201cno\u201d alla violenza di genere. Lo fa con la vetrina dell\u2019associazione, mostrando la quotidianit\u00e0 e l\u2019impegno del lavoro, a sostegno dell\u2019associazione Belluno Donna, che da anni si occupa di prevenire le violenze di genere e accoglie le donne vittime di maltrattamenti. Sulla vetrina campeggia un messaggio: \u201cPer noi il lavoro \u00e8 indipendenza, libert\u00e0 di scegliere e parit\u00e0 di diritti. Le nostre donne, come i colleghi uomini, lavorano con passione ed entusiasmo per guidare le loro aziende verso il futuro\u201d. La vetrina \u00e8 stata allestita con strumenti di lavoro unisex, per ribadire il concetto della parit\u00e0 di genere. In rilievo soprattutto i manufatti delle principali imprese femminili bellunesi.\u00a0<em> &#8220;Invitiamo a visitare la nostra vetrina &#8211; dice la presidente Claudia Scarzanella-\u00a0 e a cogliere il messaggio profondo: no a qualsiasi forma di violenza contro le donne&#8221;.<\/em><\/p>\n<p>&nbsp;<\/p>\n<p>&nbsp;<\/p>\n<p>&nbsp;<\/p>\n<p>&nbsp;<\/p>\n<p>&nbsp;<\/p>\n<hr \/>\n<blockquote>\n<h3><\/h3>\n<h3>IL CEIS CERCA OPERATORI SOCIO SANITARI<\/h3>\n<\/blockquote>\n<p><strong>BELLUNO<\/strong> L\u2019Operatore Socio Sanitario \u00e8 una figura professionale che si occupa di soddisfare i bisogni primari di persone in disagio, difficolt\u00e0 e malattia ospiti o in carico a Servizi Socio- Sanitari pubblici e privati. Ha compiti di assistenza diretta alla persona e all\u2019ambiente di vita della stessa. Lavora in \u00e9quipe multidisciplinare socio-sanitaria, con un ruolo definito e complementare alle altre figure professionali che si occupano della salute e del benessere delle persone. Alla selezione prevista per il <strong>15\/12\/2021 alle ore 8.30<\/strong>, a Belluno presso il Ce.I.S. La selezione \u00e8 obbligatoria per poter iscriversi al corso. Per ogni informazione rivolgersi all\u2019Ente di Formazione di Ce.I.S. al telefono: 0437 950895 \u2013 mail: <a href=\"mailto:info@ceisbelluno.org\">info@ceisbelluno.org<\/a>. Ulteriori informazioni anche su: <a href=\"http:\/\/www.ceisbelluno.org\">www.ceisbelluno.org<\/a><\/p>\n<p>&nbsp;<\/p>\n<p>&nbsp;<\/p>\n<hr \/>\n<p>&nbsp;<\/p>\n<blockquote>\n<h3>NUOVO REGOLAMENTO PER L&#8217;IMPOSTA COMUNALE<\/h3>\n<\/blockquote>\n<p><strong>\u00a0ALLEGHE<\/strong> Il consigliere comunale Guerrino Bellenzier lascia il consiglio comunale, le dimissioni saranno ufficializzate nel consiglio comunale di oggi alle 20.30, per il sindaco nessuna possibilit\u00e0 per poterlo sostituire. All&#8217;ordine del giorno della seduta anche il bilancio, il riconoscimento dei debiti fuori bilancio dopo il maltempo 2020 e le modifiche al regolamento comunale dell&#8217;imposta di soggiorno<\/p>\n<p>&nbsp;<\/p>\n<p>&nbsp;<\/p>\n<hr \/>\n<p>&nbsp;<\/p>\n<blockquote>\n<h3>A RIVAMONTE IL CONSIGLIO TORNA IN VIDEO CONFERENZA<\/h3>\n<\/blockquote>\n<p><strong>RIVAMONTE<\/strong> Oggi alle 18.30 consiglio comunale convocato dal sindaco Giovanni Nino Deon, all&#8217;ordine del giorno le variazioni al bilancio di previsione e le modifiche al programma triennale dei lavori pubblici<\/p>\n<p>&nbsp;<\/p>\n<p>&nbsp;<\/p>\n<hr \/>\n<p>&nbsp;<\/p>\n<blockquote>\n<h3>COLCERGNAN CHIAMA A RAPPORTO I CONSIGLIERI COMUNALI<\/h3>\n<\/blockquote>\n<p><strong>CANALE D&#8217;AGORDO<\/strong> Il sindaco di Canale D&#8217;Agordo Flavio Colcergnan ha convocato i consiglieri comunali per oggi alle 20 presso la sala Lina Zand\u00f2 per il consiglio comunale a porte chiuse. Quattro punti da discutere tra cui una ratifica su una deliberazione di giunta riguardante il bilancio di previsione e una variazione al bilancio di previsione 2021-2023.<\/p>\n<p>&nbsp;<\/p>\n<p>&nbsp;<\/p>\n<hr \/>\n<p>&nbsp;<\/p>\n<blockquote>\n<h3>A VOLTAGO IL CONSIGLIO COMUNALE DOMANI SERA<\/h3>\n<\/blockquote>\n<p><strong>VOLTAGO<\/strong> Il sindaco di Voltago Giuseppe Schena ha convocato i consiglieri comunali per domani alle 18:30 per trattare 6 punti all&#8217;ordine del giorno tra cui un&#8217;interrogazione del consigliere di minoranza Francesca Della Lucia in merito alle attivit\u00e0 svolte durante il commissariamento, una variazione al bilancio e l&#8217;approvazione della mozione in merito al conferimento della cittadinanza onoraria al Milite Ignoto.<\/p>\n<p>&nbsp;<\/p>\n<hr \/>\n<p>&nbsp;<\/p>\n<blockquote>\n<h3>VENERDI&#8217; IL CONSIGLIO COMUNALE DI GOSALDO<\/h3>\n<\/blockquote>\n<p><strong>GOSALDO<\/strong> Il sindaco di Gosaldo Stefano Da Zanche ha convocato, in videoconferenza, il consiglio comunale per venerd\u00ec alle 19. Tra i cinque punti all&#8217;ordine del giorno si discuter\u00e0 di una variazione al bilancio, la nomina del revisore dei conti, regolamento edilizio comunale e l&#8217;approvazione del bilancio di esercizio 2020 di ASCA. Consiglio che sar\u00e0 possibile seguire in diretta sui canali social di Radio Pi\u00f9<\/p>\n<p>&nbsp;<\/p>\n<p>&nbsp;<\/p>\n<hr \/>\n<p>&nbsp;<\/p>\n<blockquote>\n<h3>IL COMUNE ACQUISISCE A PATRIMONIO L&#8217;EDIFICIO CASA PIAZZA<\/h3>\n<\/blockquote>\n<p><strong>COLLE SANTA LUCIA<\/strong> Il sindaco Paolo Frena ha convocato il consiglio comunale per sabato mattina alle 8. All&#8217;ordine del giorno la variazione al bilancio, l&#8217;acquisto di una porzione dell&#8217;edificio &#8220;Casa Piazza&#8221;, progetto per il collegamento Istituto Culturale Ladino Cesa De Jan, comunicazioni del sindaco.<\/p>\n<p>&nbsp;<\/p>\n<hr \/>\n<p>&nbsp;<\/p>\n<blockquote>\n<h3>VARIAZIONI AL BILANCIO E INTERROGAZIONI<\/h3>\n<\/blockquote>\n<p><strong>SELVA DI CADORE<\/strong> Nel consiglio comunale di martedi 30 novembre alle 18 i consiglieri discuteranno la variazione al bilancio e designeranno i rappresentanti del Comune presso enti ed istituzioni. Il consigliere Peretti ha invece inviato tre interrogazioni: societ\u00e0 Val Fiorentina, documento unico di programmazione e linee guida per l&#8217;utilizzo della pagina facebook.<\/p>\n<p>&nbsp;<\/p>\n<p>&nbsp;<\/p>\n<hr \/>\n<p>&nbsp;<\/p>\n<blockquote>\n<h3>NUOVO CORSO PER L&#8217;AFFIDO FAMILIARE<\/h3>\n<\/blockquote>\n<p><strong>BELLUNO<\/strong> I Centri per l&#8217;Affido e la Solidariet\u00e0 Familiare\u00a0 dell&#8217;ULSS Dolomiti \u2013 \u00e8quipe di Belluno e Feltre \u2013 organizzano un corso informativo e formativo on-line sul tema dell&#8217;affido familiare, con l&#8217;auspicio che questa modalit\u00e0 possa coinvolgere pi\u00f9 facilmente un sempre maggior numero di persone da ogni parte della provincia. Il corso si svolger\u00e0 in modalit\u00e0 online il 29 novembre e il 6 dicembre dalle 17.45 alle 19.30.<\/p>\n<p>&nbsp;<\/p>\n<p>&nbsp;<\/p>\n<hr \/>\n<p>&nbsp;<\/p>\n<blockquote>\n<h3>GIOCO D&#8217;AZZARDO: OPEN DAY NEI SERD DELL&#8217;ULSS DOLOMITI<\/h3>\n<\/blockquote>\n<p><strong>BELLUNO<\/strong> Per favorire la sensibilizzazione sul tema del gioco d\u2019azzardo e le tematiche correlate, il Dipartimento per le dipendenze ha organizzato degli open day Ecco le date e i contatti a cui far riferimento: Agordo oggi dalle 15 alle 19 (0437645388 serd.ag@aulss1.veneto.it) Auronzo venerd\u00ec 26 novembre 2021 dalle 15 alle 19 (0435402681 alcologia.au@aulss1.veneto.it)<\/p>\n<p>&nbsp;<\/p>\n<p>&nbsp;<\/p>\n<hr \/>\n<p>&nbsp;<\/p>\n<blockquote>\n<h3 dir=\"ltr\">MERCATINO DI NATALE A FALCADE<\/h3>\n<\/blockquote>\n<p dir=\"ltr\"><strong>FALCADE<\/strong>\u00a0 L&#8217;associazione albergatori, ristoratori e rifugi della Valle del Biois mette e disposizione le casette per i mercatini natalizi sulla piazza di Falcade per il periodo natalizio. Gli interessati ad esporre possono rivolgersi all&#8217;ufficio Promo Falcade, telefono 334 7230117 oppure 329 7603762<\/p>\n<hr \/>\n<blockquote>\n<h3><\/h3>\n<h3>IL 27 E 28 NOVEMBRE LA FIERA DI SANT&#8217;ANDREA A CENCENIGHE<\/h3>\n<\/blockquote>\n<p><strong>CENCENIGHE\u00a0<\/strong>Il Comune e la Pro Loco di Cencenighe organizzano per sabato 27 e domenica 28 novembre la Fiera di Sant&#8217;Andrea presso il Nof Fil\u00f2 dalle 9 alle 19. Mercatino dell&#8217;artigianato, camioncino delle caramelle e servizio bar e pranzo da asporto. Dall 10 alle 16 la possibilit\u00e0 di fare un giro in pony o cavallo, l&#8217;esposizione degli animali sul piazzale del municipio, la ferratura del cavallo e l&#8217;esibizione di scultura su legno. All&#8217;esterno anche il chiosco degli Alpini con vin brul\u00e8 e caldarroste.<\/p>\n<p>&nbsp;<\/p>\n<p>&nbsp;<\/p>\n<hr \/>\n<p>&nbsp;<\/p>\n<p>&nbsp;<\/p>\n<blockquote>\n<h3>LA COMMEDIA CON IL SORRISO<\/h3>\n<\/blockquote>\n<p><strong>\u00a0BELLUNO<\/strong>\u00a0 La \u201cCompagnia del Sorriso\u201d di Salce, presenta \u201cSon Torn\u00e0 dall\u2019Aldil\u00e0\u201d divertente commedia in tre atti in dialetto bellunese. Sabato alle 20:45 al Centro Culturale di Longarone.<\/p>\n<p>&nbsp;<\/p>\n<p>&nbsp;<\/p>\n<hr \/>\n<blockquote>\n<h3><\/h3>\n<h3>DOMENICA A TEATRO CON LE VOCI DAI CORTIVI<\/h3>\n<\/blockquote>\n<p><strong>BELLUNO<\/strong> Per Benvenuto San Martino domenica alle 20.45 al Teatro Comunale Concerto con il gruppo &#8220;Voci dai Cortivi&#8221; e le fisarmoniche di Lorenzo e Federico. Ingresso libero fino ad esaurimento posti, obbligo di green pass. Presenta la serata Giorgio Dal Farra.<\/p>\n<p>&nbsp;<\/p>\n<p>&nbsp;<\/p>\n<p>&nbsp;<\/p>\n<hr \/>\n<p>&nbsp;<\/p>\n<blockquote>\n<h3>NOVEMBRE, IL MESE DELLA CORALITA&#8217;<\/h3>\n<\/blockquote>\n<p><strong><a href=\"https:\/\/www.radiopiu.net\/wordpress\/novembre-il-mese-della-coralita\/asac-veneto\/\" rel=\"attachment wp-att-241021\"><img loading=\"lazy\" decoding=\"async\" class=\" wp-image-241021 alignleft\" src=\"https:\/\/www.radiopiu.net\/wordpress\/wp-content\/uploads\/2021\/11\/ASAC-VENETO-300x167.png\" alt=\"\" width=\"210\" height=\"117\" srcset=\"https:\/\/www.radiopiu.net\/wordpress\/wp-content\/uploads\/2021\/11\/ASAC-VENETO-300x167.png 300w, https:\/\/www.radiopiu.net\/wordpress\/wp-content\/uploads\/2021\/11\/ASAC-VENETO.png 534w\" sizes=\"auto, (max-width: 210px) 100vw, 210px\" \/><\/a> <\/strong><\/p>\n<p><strong>\u00a0<\/strong><\/p>\n<p><strong>BELLUNO<\/strong> Novembre \u00e8 il mese della coralit\u00e0. Dopo gli appuntamenti delle scorse settimane, \u201cDolomiti in coro 2021\u201d si chiudera\u0300 sabato 27 novembre nella Chiesa parrocchiale di Longarone con il Coro Voci delle Dolomiti, il Gruppo Solo Voci di Feltre ed il Coro Cadore di Pieve di Cadore<\/p>\n<p>&nbsp;<\/p>\n<p>&nbsp;<\/p>\n<hr \/>\n<p>&nbsp;<\/p>\n<blockquote>\n<h3>INCONTRO DI SOCIOLOGIA CON DOLOMITI HUB<\/h3>\n<\/blockquote>\n<p><strong><a href=\"https:\/\/www.radiopiu.net\/wordpress\/giornale-radiopiu-22-luglio-2021-direttore-mirko-mezzacasa\/dolomiti-hub\/\" rel=\"attachment wp-att-223164\"><img loading=\"lazy\" decoding=\"async\" class=\"wp-image-223164 alignleft\" src=\"https:\/\/www.radiopiu.net\/wordpress\/wp-content\/uploads\/2021\/07\/DOLOMITI-HUB-300x199.png\" alt=\"\" width=\"212\" height=\"141\" srcset=\"https:\/\/www.radiopiu.net\/wordpress\/wp-content\/uploads\/2021\/07\/DOLOMITI-HUB-300x199.png 300w, https:\/\/www.radiopiu.net\/wordpress\/wp-content\/uploads\/2021\/07\/DOLOMITI-HUB.png 368w\" sizes=\"auto, (max-width: 212px) 100vw, 212px\" \/><\/a>FONZASO<\/strong> Dolomiti Hub ha in programma per domani oggi un appuntamento online pensato per confrontarsi sul ruolo dei luoghi di innovazione aperta nella nostra societ\u00e0. Alle ore 18.30 saranno ospiti sui canali digitali dell\u2019impresa sociale di Fonzaso due tra i maggiori esperti italiani sul tema: Annick Magnier, che insegna Sociologia del Territorio all\u2019Universit\u00e0 di Firenze, e Carlo Andorlini, che si occupa di innovazione sociale nelle organizzazioni del terzo settore e di sviluppo di comunit\u00e0 nei contesti locali attraverso vari processi generativi. L\u2019evento sar\u00e0 trasmesso in diretta streaming sulla pagina <a href=\"https:\/\/www.facebook.com\/dolomitihub\">Facebook<\/a> e sul canale <a href=\"https:\/\/www.youtube.com\/channel\/UCBtAbL6s6WYEPU6nFaKmGpQ\">YouTube<\/a> di Dolomiti Hub.<\/p>\n<p>&nbsp;<\/p>\n<p>&nbsp;<\/p>\n<p>&nbsp;<\/p>\n<p>&nbsp;<\/p>\n<hr \/>\n<p>&nbsp;<\/p>\n<h1><span style=\"color: #ff0000;\">IERI ALLA RADIO&#8230;<\/span><\/h1>\n<h2><strong><a href=\"https:\/\/www.radiopiu.net\/wordpress\/giornale-radiopiu-06-dicembre-2019-direttore-mirko-mezzacasa\/gran-risa-alta-badia-un-mito-di-pista\/\" rel=\"attachment wp-att-108848\"><img loading=\"lazy\" decoding=\"async\" class=\"size-medium wp-image-108848 alignleft\" src=\"https:\/\/www.radiopiu.net\/wordpress\/wp-content\/uploads\/2019\/12\/gran-risa-alta-badia-un-mito-di-pista-300x200.jpg\" alt=\"\" width=\"300\" height=\"200\" srcset=\"https:\/\/www.radiopiu.net\/wordpress\/wp-content\/uploads\/2019\/12\/gran-risa-alta-badia-un-mito-di-pista-300x200.jpg 300w, https:\/\/www.radiopiu.net\/wordpress\/wp-content\/uploads\/2019\/12\/gran-risa-alta-badia-un-mito-di-pista-1024x683.jpg 1024w, https:\/\/www.radiopiu.net\/wordpress\/wp-content\/uploads\/2019\/12\/gran-risa-alta-badia-un-mito-di-pista-768x512.jpg 768w, https:\/\/www.radiopiu.net\/wordpress\/wp-content\/uploads\/2019\/12\/gran-risa-alta-badia-un-mito-di-pista.jpg 1382w\" sizes=\"auto, (max-width: 300px) 100vw, 300px\" \/><\/a><span style=\"color: #0000ff;\">ANCHE IN ALTA BADIA E&#8217; TUTTO PRONTO PER IL VIA ALLA STAGIONE INVERNALE<\/span><\/strong><\/h2>\n<p><strong>di Claudio Fontanive<\/strong><\/p>\n<p>Ospite: Roberto Huber, direttore Alta Badia Brand<\/p>\n<audio class=\"wp-audio-shortcode\" id=\"audio-244378-10\" preload=\"none\" style=\"width: 100%;\" controls=\"controls\"><source type=\"audio\/mpeg\" src=\"https:\/\/www.radiopiu.net\/wordpress\/wp-content\/uploads\/2021\/11\/roberto-huber-23-novembre.mp3?_=10\" \/><a href=\"https:\/\/www.radiopiu.net\/wordpress\/wp-content\/uploads\/2021\/11\/roberto-huber-23-novembre.mp3\">https:\/\/www.radiopiu.net\/wordpress\/wp-content\/uploads\/2021\/11\/roberto-huber-23-novembre.mp3<\/a><\/audio>\n<p>&nbsp;<\/p>\n<p>&nbsp;<\/p>\n<hr \/>\n<p>&nbsp;<\/p>\n<blockquote>\n<h2>IL CENTENARIO DEL CAI, I NUOVI PONTI LE SCALE MOBILI E IL GIUBILEO DEL 2000<\/h2>\n<\/blockquote>\n<p><strong>do RENATO BONA<\/strong><\/p>\n<p>Era il 19 agosto scorso quando dedicavo la prima puntata alla recensione del libro dell\u2019amico Franco Sirena: \u201cCento anni a Belluno. Notizie e curiosit\u00e0 dal XX secolo\u201d. Edito dall\u2019Istituto bellunese di ricerche sociali e culturali nel gennaio 2001 con la Tipografia Piave e varie preziose collaborazioni. Tre mesi dopo, con interesse crescente da parte di chi mi segue su Facebook, propongo oggi l\u2019ultimo decennio, quello dal 1991 al 2000 che si apre con il titolo: \u201c100 anni del Club Alpino Italiano\u201d dedicato al benemerito sodalizio che il 16 marzo avvia una serie di festeggiamenti per il centenario di fondazione e ospita il 12 maggio, al Palasport, l\u2019assemblea nazionale dei delegati Cai in rappresentanza di 289 mila associati; il 18 il Coro della Sat di Trento sar\u00e0 ospite d\u2019onore per i festeggiamenti. Fioretto Bortot realizza una gradevole mostra con attrezzi ed oggetti dei tempi passati, presentati nei locali dell\u2019ex casa colonica della casa di riposo di Cavarzano. Il 23 gennaio incontro tra rappresentanze dei lavoratori per il fallimento delle Industrie Confezioni Bellunesi. Il 28 febbraio presentazione alla Crepadona del Dolomiti Festival Jazz che si svolger\u00e0 tra Belluno e Cortina. Dall\u20198 al 10 marzo al Palaghiaccio finale nazionale juniores di hockey. A marzo il via ai lavori per il parcheggio di Lambioi. La Biblioteca civica entra nel Servizio nazionale. Tra il 12 e 14 aprile primo trofeo Paolo Valenti internazionale di tiro con l\u2019arco. Nel vecchio ospedale, a palazzo Bembo, mostra su \u201c100 anni di storia del lavoro bellunese\u201d. Giugno: inaugurazione nella parrocchia di Don Bosco della casa di accoglienza Emmaus. I lavori di restauro del Teatro Comunale comportano una spesa di oltre un miliardo. 18 luglio, piccola cerimonia dopo la perforazione dei primi metri della galleria di Lambioi. Settembre: Michele Cassol e Loredana Facchin presentano il progetto per la valorizzazione dell\u2019area dell\u2019Ardo; seguir\u00e0 la mostra fotografica \u201cPasseggiata sull\u2019Ardo\u201d. Anno 1992 col titolo: \u201cVespri siciliani\u201d per ricordare che in dicembre gli alpini della Cadore partecipano in Sicilia ad operazioni di ordine pubblico dopo gravi fatti accaduti nell\u2019Isola. Gennaio: dalla Regione 300 milioni per biblioteca e museo della Bellunesi nel mondo. La denatalit\u00e0 colpisce pesantemente il centro storico: la parrocchia del Duomo, per dire, perde 100 abitanti ogni anno! Dal 28 febbraio all\u20191 marzo la piscina di Lambioi ospita i campionati nazionali di tuffi con 300 atleti. Il 21 marzo posa della prima pietra del Santuario del Nevegal. A giugno il fallimento della Societ\u00e0 impianti sportivi del Nevegal, con un debito di 1500 milioni. Il 5-6 settembre \u201cTrofeo citt\u00e0 di Belluno\u201d internazionale di paracadutismo con 100 specialisti di varie nazioni e 900 lanci. Il 28 Sargnano celebra il centenario della consacrazione della chiesa. \u201cMarco Ricci e il paesaggio veneto del \u2018700\u201d \u00e8 il titolo che Franco Sirena ha dato al 1993: dal 15 maggio al 12 settembre la Crepadona ospita infatti la mostra con 150 opere. Dolomitibus \u00e8 gravata da un deficit di 12 miliardi ed \u00e8 sull\u2019orlo del fallimento: contributo di 2 miliardi della Regione in attesa di soluzioni al grave problema. 1 marzo: in funzione i parcometri nelle piazze Duomo e Castello. Solenne cerimonia in Piazza dei Martiri per il ritorno dei resti di 28 caduti dell\u2019ultima guerra. Il 16 aprile ecco il Comitato promotore per la costituzione della Banca popolare della provincia di Belluno. Risultati delle amministrative: tra il leghista Luca Talamini e Maurizio Fistarol di Alleanza di progresso, il 20 giugno, vince il secondo con il 54,7 per cento dei voti. Si registra la chiusura di 35 negozi specialmente nel centro storico. Il 14 agosto prima messa nel santuario del Nevegal, presieduta dal cardinale Ennio Innocenti, con migliaia di fedeli. Il 16 settembre si inaugura il monumento nei giardini della stazione \u201cAl mulo e al suo conduttore\u201d ad iniziativa dell\u2019Associazione artiglieri e opera di Massimo Facchin. Siamo all\u2019anno 1994 col titolo \u201cI nuovi ponti\u201d scelto dall\u2019autore perch\u00e9 il 19 febbraio \u201cin una bella mattinata di sole\u201d vengono inaugurati &#8211; presenti tre bambini della Bosnia &#8211; il ponte sul Piave (Dolomiti), la via di collegamento intestata alla Citt\u00e0 di Sarajevo e il nuovo ponte sull\u2019Ardo. A gennaio cessa l\u2019attivit\u00e0 l\u2019Intendenza di Finanza. Roma approva il progetto per 240 appartamenti nella zona di Modolo, 58 per gli statali, 30 per abitazioni popolari e 112 per il libero mercato. Gli abitanti della zona sono contrari. Dal 21 marzo al 21 settembre la Crepadona ospita la mostra \u201cI dipinti del Castello di Praga\u201d con 30 capolavori della pittura veneta del XVI secolo mai visti in occidente, comprese opere di Tiziano e Tintoretto. A luglio in Nevegal campionati italiani di ski-roll con 250 specialisti, seguiranno quelli di mountain bike. Il 30 novembre dopo tante attese aprono due tratti della Cadola-Fadalto. 1995 col titolo: \u201cVilla Doglioni Dal Mas\u201d, per ricordare che \u00e8 stata inaugurata il 10 novembre nella via Del Piave dopo restauri su progetto di Mario Dal Mas: nel corso dei lavori sono stati rinvenuti i resti di un antico mosaico e quelli delle mura della citt\u00e0. Dal 1. gennaio le Uls ridotte a due: Cadore e Agordino passano con Belluno. A febbraio inaugurazione della nuova seggiovia triposto in Nevegal con portata di 1800 persone contro le 380 precedenti. Il 28 giugno apre l\u2019ultimo tratto dell\u2019autostrada da Fadalto a Cadola. Viene istituito il mercatino di antiquariato \u201cCose di vecchie case\u201d. Il 1. luglio chiude il Distretto militare che era stato costituito il 1. luglio del 1878. Prendono il via i lavori per il depuratore di Marisiga. Eliminato il distributore Agip di piazza Cesare Battisti. Il 13 agosto cade un aereo da turismo a Cesa di Limana e muoiono i due passeggeri. Era partito dall\u2019aeroporto bellunese. L\u2019anno 1996 dedica il titolo a \u201cMonsignor Ducoli lascia Belluno\u201d: il presule era a capo della diocesi Belluno-Feltre dal 1975; sotto la sua guida realizzati, fra l\u2019altro, il Centro Papa Luciani, il Santuario del Nevegal, importanti restauri del Duomo e del campanile. Gli succede mons. Pietro Brollo che si insedia il 3 marzo. Il 26 maggio raduno dei fanti ed artiglieri d\u2019Italia stimati in 15 mila; il 23 giugno quello degli artiglieri da montagna col sottosegretario Gianni Rivera, ex calciatore del Milan e della nazionale. Il 17 luglio il via ai lavori di ristrutturazione della via Garibaldi; il 28 settembre inaugurazione del Parco di via San Lorenzo; il 10 agosto della Casa del volontariato in via Del Piave. Il 1997 e purtroppo l\u2019anno dell\u2019\u201dAddio alla Brigata alpina Cadore\u201d e il 20 gennaio la citt\u00e0 saluta per l\u2019ultima volta gli alpini. In aprile la piscina di Lambioi ospita la \u201cCoppa Europa\u201d di tuffi con un centinaio di atleti. Il presidente del consiglio Romano Prodi giunge a Belluno il 16 maggio per il 50. del conferimento alla citt\u00e0 della medaglia d\u2019oro alla Resistenza. A giugno il via ai lavori di restauro di Porta Dojona. Il 5 luglio inaugurazione del Viale dei Dendrofori da via Lungardo al bivio di Prade, con due gallerie, costo di poco inferiore ai 14 miliardi. Il 2 agosto apertura del parco di Mier. Il 28 novembre la citt\u00e0 ha il suo grande depuratore la spesa, compresi i lavori per la fognatura, \u00e8 stata sui 20 miliardi. 1998 col titolo: \u201cLe scale mobili\u201d visto che il 22 agosto alle 18 sono stati inaugurati il nuovo parcheggio (808 posti-auto) e appunto le scale mobili di Lambioi; il costo complessivo ha superato i 27 miliardi. In autunno il via al primo anno accademico dell\u2019Universit\u00e0 di Belluno sostenuta dalla veneziana C\u00e0 Foscari. Dopo un lungo silenzio risuonano le campane del Duomo: completati il restauro del campanile e della cella campanaria. Per il 1999 titolo: \u201cBelluno capitale delle Alpi\u201d che significa riconoscimento del fatto che Belluno \u00e8 passata all\u2019attenzione della comunit\u00e0 internazionale. Varie manifestazioni promosse nel corso dell\u2019anno. Altre notizie: il 29 maggio inaugurato il parcheggio sotterraneo in stazione: 193 posti ed un costo di 5 miliardi e mezzo; 31 maggio: via libera al progetto di recupero dell\u2019Hotel Europa; il 16 agosto dopo costosi lavori di ampliamento riapre la discarica di Cordele. Il 12 ottobre il consiglio comunale da l\u2019avvio alla procedura per il recupero del vecchio ospedale. \u201cGiubileo\u201d \u00e8 il titolo dell\u2019anno2000 che conclude il secolo. L\u2019evento era iniziato il 25 dicembre nella Cattedrale: sono previste molte iniziative fra cui il pellegrinaggio diocesano alla Basilica di Aquileia il 18 maggio. Avviato all\u2019ospedale San Martino il progetto di \u201cCasa Tua Due\u201d, il costo \u00e8 stimato in due miliardi. Il 13 maggio a Castion inaugurata la Casa per anziani. La chiesetta della Madonna Bianca a Castion viene completamente spogliata da ladri sacrileghi. Il 10 giugno concerto di cori al Comunale nel ricordo di Edoardo Gazzera, direttore del Coro Minimo, di Lamberto Pietropoli che ne fu il fondatore e del maestro Nino Prosdocimi.<\/p>\n\n\t\t\t<style type='text\/css'>\n\t\t\t\t#gallery-5 {\n\t\t\t\t\tmargin: auto;\n\t\t\t\t}\n\t\t\t\t#gallery-5 .gallery-item {\n\t\t\t\t\tfloat: left;\n\t\t\t\t\tmargin-top: 10px;\n\t\t\t\t\ttext-align: center;\n\t\t\t\t\twidth: 25%;\n\t\t\t\t}\n\t\t\t\t#gallery-5 img {\n\t\t\t\t\tborder: 2px solid #cfcfcf;\n\t\t\t\t}\n\t\t\t\t#gallery-5 .gallery-caption {\n\t\t\t\t\tmargin-left: 0;\n\t\t\t\t}\n\t\t\t\t\/* see gallery_shortcode() in wp-includes\/media.php *\/\n\t\t\t<\/style>\n\t\t<div id='gallery-5' class='dt-gallery-container gallery galleryid-244378 gallery-columns-4 gallery-size-thumbnail'><dl class='gallery-item'>\n\t\t\t\t<dt class='gallery-icon landscape'>\n\t\t\t\t\t<a class=\"rollover rollover-zoom dt-pswp-item\" title=\"259988928_605254037413725_1132516401565101032_n\" data-dt-img-description=\"\" data-large_image_width=\"206\" data-large_image_height=\"200\"href='https:\/\/www.radiopiu.net\/wordpress\/wp-content\/uploads\/2021\/11\/259988928_605254037413725_1132516401565101032_n.jpg'><img loading=\"lazy\" decoding=\"async\" width=\"150\" height=\"150\" src=\"https:\/\/www.radiopiu.net\/wordpress\/wp-content\/uploads\/2021\/11\/259988928_605254037413725_1132516401565101032_n-150x150.jpg\" class=\"attachment-thumbnail size-thumbnail\" alt=\"\" \/><\/a>\n\t\t\t\t<\/dt><\/dl><dl class='gallery-item'>\n\t\t\t\t<dt class='gallery-icon portrait'>\n\t\t\t\t\t<a class=\"rollover rollover-zoom dt-pswp-item\" title=\"259692378_435564398096857_4464981839417886882_n\" data-dt-img-description=\"\" data-large_image_width=\"168\" data-large_image_height=\"200\"href='https:\/\/www.radiopiu.net\/wordpress\/wp-content\/uploads\/2021\/11\/259692378_435564398096857_4464981839417886882_n.jpg'><img loading=\"lazy\" decoding=\"async\" width=\"150\" height=\"150\" src=\"https:\/\/www.radiopiu.net\/wordpress\/wp-content\/uploads\/2021\/11\/259692378_435564398096857_4464981839417886882_n-150x150.jpg\" class=\"attachment-thumbnail size-thumbnail\" alt=\"\" \/><\/a>\n\t\t\t\t<\/dt><\/dl><dl class='gallery-item'>\n\t\t\t\t<dt class='gallery-icon portrait'>\n\t\t\t\t\t<a class=\"rollover rollover-zoom dt-pswp-item\" title=\"260107441_434273664972814_3699147062282699213_n\" data-dt-img-description=\"\" data-large_image_width=\"149\" data-large_image_height=\"206\"href='https:\/\/www.radiopiu.net\/wordpress\/wp-content\/uploads\/2021\/11\/260107441_434273664972814_3699147062282699213_n.jpg'><img loading=\"lazy\" decoding=\"async\" width=\"149\" height=\"150\" src=\"https:\/\/www.radiopiu.net\/wordpress\/wp-content\/uploads\/2021\/11\/260107441_434273664972814_3699147062282699213_n-149x150.jpg\" class=\"attachment-thumbnail size-thumbnail\" alt=\"\" \/><\/a>\n\t\t\t\t<\/dt><\/dl><dl class='gallery-item'>\n\t\t\t\t<dt class='gallery-icon landscape'>\n\t\t\t\t\t<a class=\"rollover rollover-zoom dt-pswp-item\" title=\"259726069_925394288352060_6469508179434075847_n\" data-dt-img-description=\"\" data-large_image_width=\"296\" data-large_image_height=\"199\"href='https:\/\/www.radiopiu.net\/wordpress\/wp-content\/uploads\/2021\/11\/259726069_925394288352060_6469508179434075847_n.jpg'><img loading=\"lazy\" decoding=\"async\" width=\"150\" height=\"150\" src=\"https:\/\/www.radiopiu.net\/wordpress\/wp-content\/uploads\/2021\/11\/259726069_925394288352060_6469508179434075847_n-150x150.jpg\" class=\"attachment-thumbnail size-thumbnail\" alt=\"\" \/><\/a>\n\t\t\t\t<\/dt><\/dl><br style=\"clear: both\" \/><dl class='gallery-item'>\n\t\t\t\t<dt class='gallery-icon portrait'>\n\t\t\t\t\t<a class=\"rollover rollover-zoom dt-pswp-item\" title=\"259528918_3102327336754618_7158202843317336309_n\" data-dt-img-description=\"\" data-large_image_width=\"189\" data-large_image_height=\"206\"href='https:\/\/www.radiopiu.net\/wordpress\/wp-content\/uploads\/2021\/11\/259528918_3102327336754618_7158202843317336309_n.jpg'><img loading=\"lazy\" decoding=\"async\" width=\"150\" height=\"150\" src=\"https:\/\/www.radiopiu.net\/wordpress\/wp-content\/uploads\/2021\/11\/259528918_3102327336754618_7158202843317336309_n-150x150.jpg\" class=\"attachment-thumbnail size-thumbnail\" alt=\"\" \/><\/a>\n\t\t\t\t<\/dt><\/dl><dl class='gallery-item'>\n\t\t\t\t<dt class='gallery-icon landscape'>\n\t\t\t\t\t<a class=\"rollover rollover-zoom dt-pswp-item\" title=\"259701563_199839672305972_8893588305536512435_n\" data-dt-img-description=\"\" data-large_image_width=\"280\" data-large_image_height=\"204\"href='https:\/\/www.radiopiu.net\/wordpress\/wp-content\/uploads\/2021\/11\/259701563_199839672305972_8893588305536512435_n.jpg'><img loading=\"lazy\" decoding=\"async\" width=\"150\" height=\"150\" src=\"https:\/\/www.radiopiu.net\/wordpress\/wp-content\/uploads\/2021\/11\/259701563_199839672305972_8893588305536512435_n-150x150.jpg\" class=\"attachment-thumbnail size-thumbnail\" alt=\"\" \/><\/a>\n\t\t\t\t<\/dt><\/dl><dl class='gallery-item'>\n\t\t\t\t<dt class='gallery-icon landscape'>\n\t\t\t\t\t<a class=\"rollover rollover-zoom dt-pswp-item\" title=\"259920463_313145404052163_4257027499031976523_n\" data-dt-img-description=\"\" data-large_image_width=\"313\" data-large_image_height=\"206\"href='https:\/\/www.radiopiu.net\/wordpress\/wp-content\/uploads\/2021\/11\/259920463_313145404052163_4257027499031976523_n.jpg'><img loading=\"lazy\" decoding=\"async\" width=\"150\" height=\"150\" src=\"https:\/\/www.radiopiu.net\/wordpress\/wp-content\/uploads\/2021\/11\/259920463_313145404052163_4257027499031976523_n-150x150.jpg\" class=\"attachment-thumbnail size-thumbnail\" alt=\"\" \/><\/a>\n\t\t\t\t<\/dt><\/dl><dl class='gallery-item'>\n\t\t\t\t<dt class='gallery-icon portrait'>\n\t\t\t\t\t<a class=\"rollover rollover-zoom dt-pswp-item\" title=\"260032197_614394936365918_6981625446091392261_n\" data-dt-img-description=\"\" data-large_image_width=\"153\" data-large_image_height=\"240\"href='https:\/\/www.radiopiu.net\/wordpress\/wp-content\/uploads\/2021\/11\/260032197_614394936365918_6981625446091392261_n.jpg'><img loading=\"lazy\" decoding=\"async\" width=\"150\" height=\"150\" src=\"https:\/\/www.radiopiu.net\/wordpress\/wp-content\/uploads\/2021\/11\/260032197_614394936365918_6981625446091392261_n-150x150.jpg\" class=\"attachment-thumbnail size-thumbnail\" alt=\"\" \/><\/a>\n\t\t\t\t<\/dt><\/dl><br style=\"clear: both\" \/><dl class='gallery-item'>\n\t\t\t\t<dt class='gallery-icon landscape'>\n\t\t\t\t\t<a class=\"rollover rollover-zoom dt-pswp-item\" title=\"260549036_615000696606295_5902203979850476223_n\" data-dt-img-description=\"\" data-large_image_width=\"294\" data-large_image_height=\"206\"href='https:\/\/www.radiopiu.net\/wordpress\/wp-content\/uploads\/2021\/11\/260549036_615000696606295_5902203979850476223_n.jpg'><img loading=\"lazy\" decoding=\"async\" width=\"150\" height=\"150\" src=\"https:\/\/www.radiopiu.net\/wordpress\/wp-content\/uploads\/2021\/11\/260549036_615000696606295_5902203979850476223_n-150x150.jpg\" class=\"attachment-thumbnail size-thumbnail\" alt=\"\" \/><\/a>\n\t\t\t\t<\/dt><\/dl><dl class='gallery-item'>\n\t\t\t\t<dt class='gallery-icon landscape'>\n\t\t\t\t\t<a class=\"rollover rollover-zoom dt-pswp-item\" title=\"259779415_320521289606829_4839323981705481738_n\" data-dt-img-description=\"\" data-large_image_width=\"320\" data-large_image_height=\"206\"href='https:\/\/www.radiopiu.net\/wordpress\/wp-content\/uploads\/2021\/11\/259779415_320521289606829_4839323981705481738_n.jpg'><img loading=\"lazy\" decoding=\"async\" width=\"150\" height=\"150\" src=\"https:\/\/www.radiopiu.net\/wordpress\/wp-content\/uploads\/2021\/11\/259779415_320521289606829_4839323981705481738_n-150x150.jpg\" class=\"attachment-thumbnail size-thumbnail\" alt=\"\" \/><\/a>\n\t\t\t\t<\/dt><\/dl><dl class='gallery-item'>\n\t\t\t\t<dt class='gallery-icon landscape'>\n\t\t\t\t\t<a class=\"rollover rollover-zoom dt-pswp-item\" title=\"259743919_1867418116790869_5285257097526591006_n\" data-dt-img-description=\"\" data-large_image_width=\"371\" data-large_image_height=\"206\"href='https:\/\/www.radiopiu.net\/wordpress\/wp-content\/uploads\/2021\/11\/259743919_1867418116790869_5285257097526591006_n.jpg'><img loading=\"lazy\" decoding=\"async\" width=\"150\" height=\"150\" src=\"https:\/\/www.radiopiu.net\/wordpress\/wp-content\/uploads\/2021\/11\/259743919_1867418116790869_5285257097526591006_n-150x150.jpg\" class=\"attachment-thumbnail size-thumbnail\" alt=\"\" \/><\/a>\n\t\t\t\t<\/dt><\/dl><dl class='gallery-item'>\n\t\t\t\t<dt class='gallery-icon landscape'>\n\t\t\t\t\t<a class=\"rollover rollover-zoom dt-pswp-item\" title=\"260306754_2043331822510400_4236382891339626003_n\" data-dt-img-description=\"\" data-large_image_width=\"338\" data-large_image_height=\"206\"href='https:\/\/www.radiopiu.net\/wordpress\/wp-content\/uploads\/2021\/11\/260306754_2043331822510400_4236382891339626003_n.jpg'><img loading=\"lazy\" decoding=\"async\" width=\"150\" height=\"150\" src=\"https:\/\/www.radiopiu.net\/wordpress\/wp-content\/uploads\/2021\/11\/260306754_2043331822510400_4236382891339626003_n-150x150.jpg\" class=\"attachment-thumbnail size-thumbnail\" alt=\"\" \/><\/a>\n\t\t\t\t<\/dt><\/dl><br style=\"clear: both\" \/>\n\t\t\t<\/div>\n\n<p>&nbsp;<\/p>\n<p>NELLE FOTO (Renato Bona e riproduzioni dal libro \u201cCento anni a Belluno\u201d): la copertina del volume; l\u2019autore Franco Sirena; assemblea del centenario dei delegati Cai al Palasport bellunese; giuramento degli alpini della Brigata Cadore; opera di Tiziano Vecellio alla mostra \u201cDipinti del Castello di Praga\u201d; bambini bosniaci all\u2019inaugurazione di Ponte Dolomiti e via Sarajevo; cerimonia al santuario della Beata Vergine Madonna di Lourdes del Nevegal; lavori di restauro alla Cattedrale; cartolina commemorativa emessa in occasione dell\u2019addio alla Brigata Cadore; il nuovo parcheggio di Lambioi servito dalle scale mobili; manifestazione in occasione di \u201cBelluno capitale delle Alpi\u201d; apertura del grande Giubileo del 2000.<\/p>\n<p>&nbsp;<\/p>\n<p>&nbsp;<\/p>\n<hr \/>\n<p>&nbsp;<\/p>\n<div>\n<div class=\"b654a4as d2edcug0\">\n<div class=\"rq0escxv hkbzh7o3 jwdofwj8 n8tt0mok r8blr3vg hyh9befq\">\n<p><a class=\"dt-pswp-item\" href=\"https:\/\/www.radiopiu.net\/wordpress\/wp-content\/uploads\/2020\/10\/pp.jpg\" data-dt-img-description=\"\" data-large_image_width=\"640\" data-large_image_height=\"640\"><img loading=\"lazy\" decoding=\"async\" class=\"wp-image-163678 alignleft\" src=\"https:\/\/www.radiopiu.net\/wordpress\/wp-content\/uploads\/2020\/10\/pp-300x300.jpg\" alt=\"\" width=\"106\" height=\"106\" srcset=\"https:\/\/www.radiopiu.net\/wordpress\/wp-content\/uploads\/2020\/10\/pp-300x300.jpg 300w, https:\/\/www.radiopiu.net\/wordpress\/wp-content\/uploads\/2020\/10\/pp-150x150.jpg 150w, https:\/\/www.radiopiu.net\/wordpress\/wp-content\/uploads\/2020\/10\/pp-125x125.jpg 125w, https:\/\/www.radiopiu.net\/wordpress\/wp-content\/uploads\/2020\/10\/pp-200x200.jpg 200w, https:\/\/www.radiopiu.net\/wordpress\/wp-content\/uploads\/2020\/10\/pp-80x80.jpg 80w, https:\/\/www.radiopiu.net\/wordpress\/wp-content\/uploads\/2020\/10\/pp-480x480.jpg 480w, https:\/\/www.radiopiu.net\/wordpress\/wp-content\/uploads\/2020\/10\/pp.jpg 640w\" sizes=\"auto, (max-width: 106px) 100vw, 106px\" \/><\/a><\/p>\n<\/div>\n<\/div>\n<\/div>\n<div>\n<div class=\"page-title-head hgroup\">\n<div class=\"page-title-head hgroup\">\n<div class=\"b654a4as d2edcug0\">\n<div class=\"j83agx80 btwxx1t3 lhclo0ds hop8lmos nkwizq5d scwd0bx6 roh60bw9\">\n<div class=\"rq0escxv hkbzh7o3 jwdofwj8 n8tt0mok r8blr3vg hyh9befq\">\n<div class=\"do00u71z l9j0dhe7 k4urcfbm\">\n<h2><span style=\"color: #000080;\">DON CESARE, IL PENSIERO DEL GIORNO. ALLA RADIO ALLE 7 DEL MATTINO E ALLE 19.30 DELLA SERA.\u00a0\u00a0<\/span><\/h2>\n<p>&nbsp;<\/p>\n<audio class=\"wp-audio-shortcode\" id=\"audio-244378-11\" preload=\"none\" style=\"width: 100%;\" controls=\"controls\"><source type=\"audio\/mpeg\" src=\"https:\/\/www.radiopiu.net\/wordpress\/wp-content\/uploads\/2021\/11\/CESARE-6.mp3?_=11\" \/><a href=\"https:\/\/www.radiopiu.net\/wordpress\/wp-content\/uploads\/2021\/11\/CESARE-6.mp3\">https:\/\/www.radiopiu.net\/wordpress\/wp-content\/uploads\/2021\/11\/CESARE-6.mp3<\/a><\/audio>\n<p>&nbsp;<\/p>\n<p>&nbsp;<\/p>\n<hr \/>\n<p>&nbsp;<\/p>\n<blockquote>\n<h3>IN VIVO VERSO, SETTIMA STAGIONE CON BRUNELLA MORO, DAL LUNEDI AL VENERDI ALLE 7.10, 10.10 E 18.50<\/h3>\n<\/blockquote>\n<h2>AMARSI di LOREDANA BORGHETTO<\/h2>\n<p>AUDIO<\/p>\n<audio class=\"wp-audio-shortcode\" id=\"audio-244378-12\" preload=\"none\" style=\"width: 100%;\" controls=\"controls\"><source type=\"audio\/mpeg\" src=\"https:\/\/www.radiopiu.net\/wordpress\/wp-content\/uploads\/2021\/11\/02-AMARSI-DI-LOREDANA-BORGHETTO.mp3?_=12\" \/><a href=\"https:\/\/www.radiopiu.net\/wordpress\/wp-content\/uploads\/2021\/11\/02-AMARSI-DI-LOREDANA-BORGHETTO.mp3\">https:\/\/www.radiopiu.net\/wordpress\/wp-content\/uploads\/2021\/11\/02-AMARSI-DI-LOREDANA-BORGHETTO.mp3<\/a><\/audio>\n<p>&nbsp;<\/p>\n<p align=\"LEFT\"><span style=\"color: #050505;\"><span style=\"font-family: Verdana, sans-serif;\"><span style=\"font-size: x-large;\"><img loading=\"lazy\" decoding=\"async\" class=\"alignleft\" src=\"https:\/\/www.radiopiu.net\/wordpress\/wp-content\/uploads\/2021\/11\/loredana-borghetto-foto.jpg\" width=\"173\" height=\"260\" \/>Amarsi<\/span><\/span><\/span><\/p>\n<p align=\"LEFT\"><span style=\"color: #050505;\"><span style=\"font-family: Verdana, sans-serif;\"><span style=\"font-size: x-large;\">oltre i confini di ogni<\/span><\/span><\/span><\/p>\n<p align=\"LEFT\"><span style=\"color: #050505;\"><span style=\"font-family: Verdana, sans-serif;\"><span style=\"font-size: x-large;\">tassonomia<\/span><\/span><\/span><\/p>\n<p align=\"LEFT\"><span style=\"color: #050505;\"><span style=\"font-family: Verdana, sans-serif;\"><span style=\"font-size: x-large;\">l\u2019audacia dei primi passi<\/span><\/span><\/span><\/p>\n<p align=\"LEFT\"><span style=\"color: #050505;\"><span style=\"font-family: Verdana, sans-serif;\"><span style=\"font-size: x-large;\">alla luce<\/span><\/span><\/span><\/p>\n<p align=\"LEFT\"><span style=\"color: #050505;\"><span style=\"font-family: Verdana, sans-serif;\"><span style=\"font-size: x-large;\">il coraggio di abbandonarsi<\/span><\/span><\/span><\/p>\n<p align=\"LEFT\"><span style=\"color: #050505;\"><span style=\"font-family: Verdana, sans-serif;\"><span style=\"font-size: x-large;\">a una danza di cui altri<\/span><\/span><\/span><\/p>\n<p align=\"LEFT\"><span style=\"color: #050505;\"><span style=\"font-family: Verdana, sans-serif;\"><span style=\"font-size: x-large;\">non accettano ritmi e movimenti.<\/span><\/span><\/span><\/p>\n<p align=\"LEFT\"><span style=\"color: #050505;\"><span style=\"font-family: Verdana, sans-serif;\"><span style=\"font-size: x-large;\">Amarsi<\/span><\/span><\/span><\/p>\n<p align=\"LEFT\"><span style=\"color: #050505;\"><span style=\"font-family: Verdana, sans-serif;\"><span style=\"font-size: x-large;\">essere coppia <\/span><\/span><\/span><\/p>\n<p align=\"LEFT\"><span style=\"color: #050505;\"><span style=\"font-family: Verdana, sans-serif;\"><span style=\"font-size: x-large;\">che vuole svelarsi<\/span><\/span><\/span><\/p>\n<p align=\"LEFT\"><span style=\"color: #050505;\"><span style=\"font-family: Verdana, sans-serif;\"><span style=\"font-size: x-large;\">diventare consuetudine<\/span><\/span><\/span><\/p>\n<p align=\"LEFT\"><span style=\"color: #050505;\"><span style=\"font-family: Verdana, sans-serif;\"><span style=\"font-size: x-large;\">riscrivere la grammatica<\/span><\/span><\/span><\/p>\n<p align=\"LEFT\"><span style=\"color: #050505;\"><span style=\"font-family: Verdana, sans-serif;\"><span style=\"font-size: x-large;\">dell\u2019amore<\/span><\/span><\/span><\/p>\n<p align=\"LEFT\"><span style=\"color: #050505;\"><span style=\"font-family: Verdana, sans-serif;\"><span style=\"font-size: x-large;\">in un mondo cieco <\/span><\/span><\/span><\/p>\n<p align=\"LEFT\"><span style=\"color: #050505;\"><span style=\"font-family: Verdana, sans-serif;\"><span style=\"font-size: x-large;\">che classifica e non accoglie.<\/span><\/span><\/span><\/p>\n<p align=\"LEFT\"><span style=\"color: #050505;\"><span style=\"font-family: Verdana, sans-serif;\"><span style=\"font-size: x-large;\">Rivendicare finalmente <\/span><\/span><\/span><\/p>\n<p align=\"LEFT\"><span style=\"color: #050505;\"><span style=\"font-family: Verdana, sans-serif;\"><span style=\"font-size: x-large;\">il diritto di amarsi<\/span><\/span><\/span><\/p>\n<p align=\"LEFT\"><span style=\"color: #050505;\"><span style=\"font-family: Verdana, sans-serif;\"><span style=\"font-size: x-large;\">alla luce <\/span><\/span><\/span><\/p>\n<p align=\"LEFT\"><span style=\"color: #050505;\"><span style=\"font-family: Verdana, sans-serif;\"><span style=\"font-size: x-large;\">oltre le ossessioni<\/span><\/span><\/span><\/p>\n<p align=\"LEFT\"><span style=\"color: #050505;\"><span style=\"font-family: Verdana, sans-serif;\"><span style=\"font-size: x-large;\">di ogni tassonomia<\/span><\/span><\/span><\/p>\n<p>&nbsp;<\/p>\n<p><strong>LA RACCOLTA COMPLETA\u00a0 \u00a0<\/strong><\/p>\n<blockquote class=\"wp-embedded-content\" data-secret=\"onr41mIHv4\"><p><a href=\"https:\/\/www.radiopiu.net\/wordpress\/in-vivo-verso\/\">In Vivo Verso<\/a><\/p><\/blockquote>\n<p><iframe loading=\"lazy\" class=\"wp-embedded-content\" sandbox=\"allow-scripts\" security=\"restricted\" style=\"position: absolute; clip: rect(1px, 1px, 1px, 1px);\" title=\"&#8220;In Vivo Verso&#8221; &#8212; Radio Pi\u00f9\" src=\"https:\/\/www.radiopiu.net\/wordpress\/in-vivo-verso\/embed\/#?secret=onr41mIHv4\" data-secret=\"onr41mIHv4\" width=\"600\" height=\"338\" frameborder=\"0\" marginwidth=\"0\" marginheight=\"0\" scrolling=\"no\"><\/iframe><\/p>\n<p>&nbsp;<\/p>\n<p>&nbsp;<\/p>\n<hr \/>\n<p>&nbsp;<\/p>\n<h2><span style=\"color: #00ff00;\">CONNESSI di Luisa Manfroi<\/span><\/h2>\n<p><strong>PUNTATA DEL 23 NOVEMBRE 2021\u00a0<\/strong><\/p>\n<audio class=\"wp-audio-shortcode\" id=\"audio-244378-13\" preload=\"none\" style=\"width: 100%;\" controls=\"controls\"><source type=\"audio\/mpeg\" src=\"https:\/\/www.radiopiu.net\/wordpress\/wp-content\/uploads\/2021\/11\/6-Federico-Faggin-il-fisico-veneto-padre-del-microprocessore.mp3?_=13\" \/><a href=\"https:\/\/www.radiopiu.net\/wordpress\/wp-content\/uploads\/2021\/11\/6-Federico-Faggin-il-fisico-veneto-padre-del-microprocessore.mp3\">https:\/\/www.radiopiu.net\/wordpress\/wp-content\/uploads\/2021\/11\/6-Federico-Faggin-il-fisico-veneto-padre-del-microprocessore.mp3<\/a><\/audio>\n<p>&nbsp;<\/p>\n<div>\n<div class=\"page-title-head hgroup\">\n<div class=\"page-title-head hgroup\">\n<div class=\"b654a4as d2edcug0\">\n<div class=\"j83agx80 btwxx1t3 lhclo0ds hop8lmos nkwizq5d scwd0bx6 roh60bw9\">\n<div class=\"rq0escxv hkbzh7o3 jwdofwj8 n8tt0mok r8blr3vg hyh9befq\">\n<div class=\"do00u71z l9j0dhe7 k4urcfbm\">\n<div class=\"ecm0bbzt e5nlhep0 a8c37x1j\">\n<div class=\"kvgmc6g5 cxmmr5t8 oygrvhab hcukyx3x c1et5uql\">\n<div class=\"gmail-kvgmc6g5 gmail-cxmmr5t8 gmail-oygrvhab gmail-hcukyx3x gmail-c1et5uql gmail-ii04i59q\">\n<div class=\"page-title-head hgroup\">\n<div class=\"page-title-head hgroup\">\n<div class=\"b654a4as d2edcug0\">\n<div class=\"j83agx80 btwxx1t3 lhclo0ds hop8lmos nkwizq5d scwd0bx6 roh60bw9\">\n<div class=\"rq0escxv hkbzh7o3 jwdofwj8 n8tt0mok r8blr3vg hyh9befq\">\n<div class=\"do00u71z l9j0dhe7 k4urcfbm\">\n<blockquote class=\"wp-embedded-content\" data-secret=\"qpvGXFTLum\"><p><a href=\"https:\/\/www.radiopiu.net\/wordpress\/connessi-2\/\">Connessi<\/a><\/p><\/blockquote>\n<p><iframe loading=\"lazy\" class=\"wp-embedded-content\" sandbox=\"allow-scripts\" security=\"restricted\" style=\"position: absolute; clip: rect(1px, 1px, 1px, 1px);\" title=\"&#8220;Connessi&#8221; &#8212; Radio Pi\u00f9\" src=\"https:\/\/www.radiopiu.net\/wordpress\/connessi-2\/embed\/#?secret=qpvGXFTLum\" data-secret=\"qpvGXFTLum\" width=\"600\" height=\"338\" frameborder=\"0\" marginwidth=\"0\" marginheight=\"0\" scrolling=\"no\"><\/iframe><\/p>\n<p>&nbsp;<\/p>\n<p>&nbsp;<\/p>\n<p>&nbsp;<\/p>\n<hr \/>\n<p>&nbsp;<\/p>\n<p><span style=\"color: #0000ff;\">MUSICA PIU&#8217;\u00a0<\/span><\/p>\n<p><a href=\"https:\/\/www.radiopiu.net\/wordpress\/giornale-radiopiu-20-settembre-2021-direttore-mirko-mezzacasa\/pp-79\/\" rel=\"attachment wp-att-232921\"><img loading=\"lazy\" decoding=\"async\" class=\"wp-image-232921 alignleft\" src=\"https:\/\/www.radiopiu.net\/wordpress\/wp-content\/uploads\/2021\/09\/pp-1-300x300.jpg\" alt=\"\" width=\"135\" height=\"135\" srcset=\"https:\/\/www.radiopiu.net\/wordpress\/wp-content\/uploads\/2021\/09\/pp-1-300x300.jpg 300w, https:\/\/www.radiopiu.net\/wordpress\/wp-content\/uploads\/2021\/09\/pp-1-150x150.jpg 150w, https:\/\/www.radiopiu.net\/wordpress\/wp-content\/uploads\/2021\/09\/pp-1.jpg 640w\" sizes=\"auto, (max-width: 135px) 100vw, 135px\" \/><\/a><\/p>\n<div class=\"mkdf-post-text\">\n<div class=\"mkdf-post-text-inner\">\n<div class=\"mkdf-post-text-main\">\n<div class=\"mkdf-post-text\">\n<div class=\"mkdf-post-text-inner\">\n<div class=\"mkdf-post-text-main\">\n<div class=\"mkdf-post-text\">\n<div class=\"mkdf-post-text-inner\">\n<div class=\"mkdf-post-text-main\">\n<div class=\"page-title-head hgroup\">\n<div class=\"page-title-head hgroup\">\n<div class=\"mkdf-post-text\">\n<div class=\"mkdf-post-text-inner\">\n<div class=\"mkdf-post-text-main\">\n<div class=\"mkdf-post-text\">\n<div class=\"mkdf-post-text-inner\">\n<div class=\"mkdf-post-text-main\">\n<div class=\"page-title-head hgroup\">\n<div class=\"page-title-head hgroup\">\n<div class=\"page-title-head hgroup\">\n<div class=\"page-title-head hgroup\">\n<div class=\"b654a4as d2edcug0\">\n<div class=\"page-title-head hgroup\">\n<div class=\"page-title-head hgroup\">\n<div class=\"page-title-head hgroup\">\n<div class=\"page-title-head hgroup\">\n<div class=\"b654a4as d2edcug0\">\n<div class=\"page-title-head hgroup\">\n<div class=\"page-title-head hgroup\">\n<div class=\"page-title-head hgroup\">\n<div class=\"page-title-head hgroup\">\n<div class=\"b654a4as d2edcug0\">\n<div class=\"mkdf-post-text\">\n<div class=\"mkdf-post-text-inner\">\n<div class=\"mkdf-post-text-main\">\n<div class=\"mkdf-post-text\">\n<div class=\"mkdf-post-text-inner\">\n<div class=\"mkdf-post-text-main\">\n<div class=\"mkdf-post-text\">\n<div class=\"mkdf-post-text-inner\">\n<div class=\"mkdf-post-text-main\">\n<div class=\"page-title-head hgroup\">\n<div class=\"page-title-head hgroup\">\n<div class=\"mkdf-post-text\">\n<div class=\"mkdf-post-text-inner\">\n<div class=\"mkdf-post-text-main\">\n<div class=\"mkdf-post-text\">\n<div class=\"mkdf-post-text-inner\">\n<div class=\"mkdf-post-text-main\">\n<div class=\"page-title-head hgroup\">\n<div class=\"page-title-head hgroup\">\n<div class=\"page-title-head hgroup\">\n<div class=\"page-title-head hgroup\">\n<div class=\"b654a4as d2edcug0\">\n<div class=\"page-title-head hgroup\">\n<div class=\"page-title-head hgroup\">\n<div class=\"page-title-head hgroup\">\n<div class=\"page-title-head hgroup\">\n<div class=\"b654a4as d2edcug0\">\n<div class=\"page-title-head hgroup\">\n<div class=\"page-title-head hgroup\">\n<div class=\"page-title-head hgroup\">\n<div class=\"page-title-head hgroup\">\n<div class=\"b654a4as d2edcug0\">\n<div><\/div>\n<div><\/div>\n<div>\n<p><strong>MUSICA ALLA RADIO, IL PROGRAMMA DI LORIS SCUSSEL &#8220;COLLAGE OPERAZIONE NOSTALGIA&#8221; DAL LUNEDI AL VENERDI ALLE 16.00\u00a0 E ALLE 23\u00a0<\/strong><\/p>\n<\/div>\n<p>&nbsp;<\/p>\n<p>&nbsp;<\/p>\n<p><strong>LA PUNTATA DI IERI\u00a0 N 482<\/strong><\/p>\n<audio class=\"wp-audio-shortcode\" id=\"audio-244378-14\" preload=\"none\" style=\"width: 100%;\" controls=\"controls\"><source type=\"audio\/mpeg\" src=\"https:\/\/www.radiopiu.net\/wordpress\/wp-content\/uploads\/2021\/11\/Collage-482.mp3?_=14\" \/><a href=\"https:\/\/www.radiopiu.net\/wordpress\/wp-content\/uploads\/2021\/11\/Collage-482.mp3\">https:\/\/www.radiopiu.net\/wordpress\/wp-content\/uploads\/2021\/11\/Collage-482.mp3<\/a><\/audio>\n<p>&nbsp;<\/p>\n<p>&nbsp;<\/p>\n<\/div>\n<\/div>\n<\/div>\n<\/div>\n<\/div>\n<\/div>\n<\/div>\n<\/div>\n<\/div>\n<\/div>\n<\/div>\n<\/div>\n<\/div>\n<\/div>\n<\/div>\n<\/div>\n<\/div>\n<\/div>\n<\/div>\n<\/div>\n<\/div>\n<\/div>\n<\/div>\n<\/div>\n<\/div>\n<\/div>\n<\/div>\n<\/div>\n<\/div>\n<\/div>\n<\/div>\n<\/div>\n<\/div>\n<\/div>\n<\/div>\n<\/div>\n<\/div>\n<\/div>\n<\/div>\n<\/div>\n<\/div>\n<\/div>\n<\/div>\n<\/div>\n<\/div>\n<\/div>\n<\/div>\n<\/div>\n<\/div>\n<\/div>\n<\/div>\n<\/div>\n<\/div>\n<\/div>\n<\/div>\n<\/div>\n<\/div>\n<\/div>\n<\/div>\n<\/div>\n<\/div>\n<\/div>\n<\/div>\n<\/div>\n<blockquote class=\"wp-embedded-content\" data-secret=\"fsWYUzR50h\"><p><a href=\"https:\/\/www.radiopiu.net\/wordpress\/freemix-la-liberta-musicale-mixata-da-dj-athos-e-raccontata-da-dj-jack\/\">FREEMIX, LA LIBERTA&#8217; MUSICALE MIXATA DA DJ ATHOS E RACCONTATA DA DJ JACK<\/a><\/p><\/blockquote>\n<p><iframe loading=\"lazy\" class=\"wp-embedded-content\" sandbox=\"allow-scripts\" security=\"restricted\" style=\"position: absolute; clip: rect(1px, 1px, 1px, 1px);\" title=\"&#8220;FREEMIX, LA LIBERTA&#8217; MUSICALE MIXATA DA DJ ATHOS E RACCONTATA DA DJ JACK&#8221; &#8212; Radio Pi\u00f9\" src=\"https:\/\/www.radiopiu.net\/wordpress\/freemix-la-liberta-musicale-mixata-da-dj-athos-e-raccontata-da-dj-jack\/embed\/#?secret=fsWYUzR50h\" data-secret=\"fsWYUzR50h\" width=\"600\" height=\"338\" frameborder=\"0\" marginwidth=\"0\" marginheight=\"0\" scrolling=\"no\"><\/iframe><\/p>\n<p>&nbsp;<\/p>\n<p>&nbsp;<\/p>\n<blockquote class=\"wp-embedded-content\" data-secret=\"tDPzBIFlx4\"><p><a href=\"https:\/\/www.radiopiu.net\/wordpress\/da-ieri-alla-radio-in-palinsesto-loris-e-maurizio-con-la-grande-musica\/\">IL BLUES ALLA RADIO &#8230; COME NON L&#8217;AVETE MAI SENTITO PRIMA<\/a><\/p><\/blockquote>\n<p><iframe loading=\"lazy\" class=\"wp-embedded-content\" sandbox=\"allow-scripts\" security=\"restricted\" style=\"position: absolute; clip: rect(1px, 1px, 1px, 1px);\" title=\"&#8220;IL BLUES ALLA RADIO &#8230; COME NON L&#8217;AVETE MAI SENTITO PRIMA&#8221; &#8212; Radio Pi\u00f9\" src=\"https:\/\/www.radiopiu.net\/wordpress\/da-ieri-alla-radio-in-palinsesto-loris-e-maurizio-con-la-grande-musica\/embed\/#?secret=tDPzBIFlx4\" data-secret=\"tDPzBIFlx4\" width=\"600\" height=\"338\" frameborder=\"0\" marginwidth=\"0\" marginheight=\"0\" scrolling=\"no\"><\/iframe><\/p>\n<p>&nbsp;<\/p>\n<p>&nbsp;<\/p>\n<hr \/>\n<p>&nbsp;<\/p>\n<blockquote>\n<h3><span style=\"color: #0000ff;\">INFORMAZIONE il canale su TELEGRAM informazione di prima mano e in tempo reale. iscriviti ed aiutaci a farlo conoscere\u00a0\u00a0<\/span><\/h3>\n<\/blockquote>\n<div>\n<div class=\"page-title-head hgroup\">\n<div class=\"page-title-head hgroup\">\n<div class=\"page-title-head hgroup\">\n<div class=\"page-title-head hgroup\">\n<div class=\"b654a4as d2edcug0\">\n<div class=\"page-title-head hgroup\">\n<div class=\"page-title-head hgroup\">\n<div class=\"page-title-head hgroup\">\n<div class=\"page-title-head hgroup\">\n<div class=\"b654a4as d2edcug0\">\n<div class=\"page-title-head hgroup\">\n<div class=\"page-title-head hgroup\">\n<div class=\"page-title-head hgroup\">\n<div class=\"page-title-head hgroup\">\n<div class=\"page-title-head hgroup\">\n<div class=\"page-title-head hgroup\">\n<div class=\"page-title-head hgroup\">\n<div class=\"page-title-head hgroup\">\n<div class=\"page-title-head hgroup\">\n<div class=\"b654a4as d2edcug0\">\n<div class=\"page-title-head hgroup\">\n<div class=\"page-title-head hgroup\">\n<div class=\"page-title-head hgroup\">\n<div class=\"page-title-head hgroup\">\n<div class=\"b654a4as d2edcug0\">\n<div>\n<p>&nbsp;<\/p>\n<\/div>\n<div>\n<div class=\"page-title-head hgroup\">\n<div class=\"page-title-head hgroup\">\n<div class=\"page-title-head hgroup\">\n<div class=\"page-title-head hgroup\">\n<div class=\"page-title-head hgroup\">\n<div class=\"b654a4as d2edcug0\">\n<div>\n<hr \/>\n<\/div>\n<\/div>\n<div>\n<div>\n<p>&nbsp;<\/p>\n<\/div>\n<div>\n<div>\n<p>&nbsp;<\/p>\n<\/div>\n<div>\n<div>\n<p><strong>DUE MINUTI UN LIBRO, TUTTI I GIORNI ALLA RADIO ALLE 9.40 E ALLE 17.50<\/strong><\/p>\n<div>\n<div>\n<p><strong>LA RACCOLTA COMPLETA\u00a0\u00a0<\/strong><\/p>\n<\/div>\n<div>\n<blockquote class=\"wp-embedded-content\" data-secret=\"PQ15Z6ftKE\"><p><a href=\"https:\/\/www.radiopiu.net\/wordpress\/due-minuti-un-libro\/\">Due minuti un libro<\/a><\/p><\/blockquote>\n<p><iframe loading=\"lazy\" class=\"wp-embedded-content\" sandbox=\"allow-scripts\" security=\"restricted\" style=\"position: absolute; clip: rect(1px, 1px, 1px, 1px);\" title=\"&#8220;Due minuti un libro&#8221; &#8212; Radio Pi\u00f9\" src=\"https:\/\/www.radiopiu.net\/wordpress\/due-minuti-un-libro\/embed\/#?secret=PQ15Z6ftKE\" data-secret=\"PQ15Z6ftKE\" width=\"600\" height=\"338\" frameborder=\"0\" marginwidth=\"0\" marginheight=\"0\" scrolling=\"no\"><\/iframe><\/p>\n<p>&nbsp;<\/p>\n<\/div>\n<\/div>\n<\/div>\n<div class=\"mkdf-post-text\">\n<div class=\"mkdf-post-text-inner\">\n<div class=\"mkdf-post-text-main\">\n<div class=\"mkdf-post-text\">\n<div class=\"mkdf-post-text-inner\">\n<div class=\"mkdf-post-text-main\">\n<div class=\"mkdf-post-text\">\n<div class=\"mkdf-post-text-inner\">\n<div class=\"mkdf-post-text-main\">\n<div class=\"page-title-head hgroup\">\n<div class=\"page-title-head hgroup\">\n<div class=\"mkdf-post-text\">\n<div class=\"mkdf-post-text-inner\">\n<div class=\"mkdf-post-text-main\">\n<div class=\"mkdf-post-text\">\n<div class=\"mkdf-post-text-inner\">\n<div class=\"mkdf-post-text-main\">\n<div class=\"page-title-head hgroup\">\n<div class=\"page-title-head hgroup\">\n<div class=\"page-title-head hgroup\">\n<div class=\"page-title-head hgroup\">\n<div class=\"b654a4as d2edcug0\">\n<div class=\"page-title-head hgroup\">\n<div class=\"page-title-head hgroup\">\n<div class=\"page-title-head hgroup\">\n<div class=\"page-title-head hgroup\">\n<div class=\"b654a4as d2edcug0\">\n<div class=\"page-title-head hgroup\">\n<div class=\"page-title-head hgroup\">\n<div class=\"page-title-head hgroup\">\n<div class=\"page-title-head hgroup\">\n<div class=\"b654a4as d2edcug0\">\n<div>\n<p>&nbsp;<\/p>\n<\/div>\n<div>\n<hr \/>\n<p>&nbsp;<\/p>\n<\/div>\n<h2><span style=\"color: #808000;\">L&#8217;ALMANACCO LADINO\u00a0\u00a0<\/span><\/h2>\n<p><strong>PUNTATA DEL 22 NOVEMBRE<\/strong><\/p>\n<audio class=\"wp-audio-shortcode\" id=\"audio-244378-15\" preload=\"none\" style=\"width: 100%;\" controls=\"controls\"><source type=\"audio\/mpeg\" src=\"https:\/\/www.radiopiu.net\/wordpress\/wp-content\/uploads\/2021\/11\/71\u00b0Almanacco-Ladino_Fodom-1.mp3?_=15\" \/><a href=\"https:\/\/www.radiopiu.net\/wordpress\/wp-content\/uploads\/2021\/11\/71\u00b0Almanacco-Ladino_Fodom-1.mp3\">https:\/\/www.radiopiu.net\/wordpress\/wp-content\/uploads\/2021\/11\/71\u00b0Almanacco-Ladino_Fodom-1.mp3<\/a><\/audio>\n<p>&nbsp;<\/p>\n<p><strong>LA RACCOLTA<\/strong><\/p>\n<blockquote class=\"wp-embedded-content\" data-secret=\"bC5EkOxztW\"><p><a href=\"https:\/\/www.radiopiu.net\/wordpress\/almanacco-ladino\/\">Almanacco Ladino<\/a><\/p><\/blockquote>\n<p><iframe loading=\"lazy\" class=\"wp-embedded-content\" sandbox=\"allow-scripts\" security=\"restricted\" style=\"position: absolute; clip: rect(1px, 1px, 1px, 1px);\" title=\"&#8220;Almanacco Ladino&#8221; &#8212; Radio Pi\u00f9\" src=\"https:\/\/www.radiopiu.net\/wordpress\/almanacco-ladino\/embed\/#?secret=bC5EkOxztW\" data-secret=\"bC5EkOxztW\" width=\"600\" height=\"338\" frameborder=\"0\" marginwidth=\"0\" marginheight=\"0\" scrolling=\"no\"><\/iframe><\/p>\n<hr \/>\n<p>&nbsp;<\/p>\n<h2><span style=\"color: #33cccc;\">LA RASSEGNA STAMPA DA L&#8217;AMICO DEL POPOLO<\/span><\/h2>\n<p><strong><a href=\"https:\/\/www.radiopiu.net\/wordpress\/la-rassegna-stampa-da-lamico-del-popolo-20-novembre-2021\/gioco-azzardo-slot-machines\/\" rel=\"attachment wp-att-244008\"><img loading=\"lazy\" decoding=\"async\" class=\"size-medium wp-image-244008 alignleft\" src=\"https:\/\/www.radiopiu.net\/wordpress\/wp-content\/uploads\/2021\/11\/gioco-azzardo-slot-machines-300x169.jpg\" alt=\"\" width=\"300\" height=\"169\" srcset=\"https:\/\/www.radiopiu.net\/wordpress\/wp-content\/uploads\/2021\/11\/gioco-azzardo-slot-machines-300x169.jpg 300w, https:\/\/www.radiopiu.net\/wordpress\/wp-content\/uploads\/2021\/11\/gioco-azzardo-slot-machines-1024x576.jpg 1024w, https:\/\/www.radiopiu.net\/wordpress\/wp-content\/uploads\/2021\/11\/gioco-azzardo-slot-machines-768x432.jpg 768w, https:\/\/www.radiopiu.net\/wordpress\/wp-content\/uploads\/2021\/11\/gioco-azzardo-slot-machines-1536x864.jpg 1536w, https:\/\/www.radiopiu.net\/wordpress\/wp-content\/uploads\/2021\/11\/gioco-azzardo-slot-machines.jpg 1920w\" sizes=\"auto, (max-width: 300px) 100vw, 300px\" \/><\/a>PUNTATA DEL 20 NOVEMBRE 2021<\/strong><\/p>\n<p><strong>di Gianni Santomaso<\/strong><\/p>\n<p>Ospite: Paolo Bello, dipartimento dipendenza ULSS 1 Dolomiti<\/p>\n<audio class=\"wp-audio-shortcode\" id=\"audio-244378-16\" preload=\"none\" style=\"width: 100%;\" controls=\"controls\"><source type=\"audio\/mpeg\" src=\"https:\/\/www.radiopiu.net\/wordpress\/wp-content\/uploads\/2021\/11\/RASSEGNA-GIANNI-2.mp3?_=16\" \/><a href=\"https:\/\/www.radiopiu.net\/wordpress\/wp-content\/uploads\/2021\/11\/RASSEGNA-GIANNI-2.mp3\">https:\/\/www.radiopiu.net\/wordpress\/wp-content\/uploads\/2021\/11\/RASSEGNA-GIANNI-2.mp3<\/a><\/audio>\n<p>&nbsp;<\/p>\n<p><strong>LA RACCOLTA COMPLETA<\/strong><\/p>\n<blockquote class=\"wp-embedded-content\" data-secret=\"it8og1z9fO\"><p><a href=\"https:\/\/www.radiopiu.net\/wordpress\/rassegna-stampa-di-gianni-santomaso\/\">Rassegna stampa da l&#8217;amico del popolo &#8211; di Gianni Santomaso<\/a><\/p><\/blockquote>\n<p><iframe loading=\"lazy\" class=\"wp-embedded-content\" sandbox=\"allow-scripts\" security=\"restricted\" style=\"position: absolute; clip: rect(1px, 1px, 1px, 1px);\" title=\"&#8220;Rassegna stampa da l&#8217;amico del popolo &#8211; di Gianni Santomaso&#8221; &#8212; Radio Pi\u00f9\" src=\"https:\/\/www.radiopiu.net\/wordpress\/rassegna-stampa-di-gianni-santomaso\/embed\/#?secret=it8og1z9fO\" data-secret=\"it8og1z9fO\" width=\"600\" height=\"338\" frameborder=\"0\" marginwidth=\"0\" marginheight=\"0\" scrolling=\"no\"><\/iframe><\/p>\n<p>&nbsp;<\/p>\n<p>&nbsp;<\/p>\n<hr \/>\n<p>&nbsp;<\/p>\n<h2><span style=\"color: #800080;\">I RACCONTI DI PAOLO SOPPELSA<\/span><\/h2>\n<p><strong>LA RACCOLTA COMPLETA<\/strong><\/p>\n<blockquote class=\"wp-embedded-content\" data-secret=\"pvB1JEal3p\"><p><a href=\"https:\/\/www.radiopiu.net\/wordpress\/i-racconti-di-paolo-soppelsa\/\">I racconti di Paolo Soppelsa<\/a><\/p><\/blockquote>\n<p><iframe loading=\"lazy\" class=\"wp-embedded-content\" sandbox=\"allow-scripts\" security=\"restricted\" style=\"position: absolute; clip: rect(1px, 1px, 1px, 1px);\" title=\"&#8220;I racconti di Paolo Soppelsa&#8221; &#8212; Radio Pi\u00f9\" src=\"https:\/\/www.radiopiu.net\/wordpress\/i-racconti-di-paolo-soppelsa\/embed\/#?secret=pvB1JEal3p\" data-secret=\"pvB1JEal3p\" width=\"600\" height=\"338\" frameborder=\"0\" marginwidth=\"0\" marginheight=\"0\" scrolling=\"no\"><\/iframe><\/p>\n<p>&nbsp;<\/p>\n<hr \/>\n<\/div>\n<div class=\"b654a4as d2edcug0\">\n<p>&nbsp;<\/p>\n<p><a href=\"https:\/\/www.radiopiu.net\/wordpress\/giornale-radiopiu-26-settembre-2018-direttore-mirko-mezzacasa\/viabilita-2\/\" rel=\"attachment wp-att-61954\"><img loading=\"lazy\" decoding=\"async\" class=\"aligncenter wp-image-61954 size-full\" src=\"https:\/\/www.radiopiu.net\/wordpress\/wp-content\/uploads\/2018\/09\/viabilita.jpeg\" sizes=\"auto, (max-width: 800px) 100vw, 800px\" srcset=\"https:\/\/www.radiopiu.net\/wordpress\/wp-content\/uploads\/2018\/09\/viabilita.jpeg 800w, https:\/\/www.radiopiu.net\/wordpress\/wp-content\/uploads\/2018\/09\/viabilita-300x38.jpeg 300w, https:\/\/www.radiopiu.net\/wordpress\/wp-content\/uploads\/2018\/09\/viabilita-768x96.jpeg 768w\" alt=\"\" width=\"800\" height=\"100\" \/><\/a><\/p>\n<div class=\"ecm0bbzt e5nlhep0 a8c37x1j\">\n<div class=\"kvgmc6g5 cxmmr5t8 oygrvhab hcukyx3x c1et5uql\">\n<div class=\"gmail-kvgmc6g5 gmail-cxmmr5t8 gmail-oygrvhab gmail-hcukyx3x gmail-c1et5uql gmail-ii04i59q\">\n<div class=\"page-title-head hgroup\">\n<div class=\"page-title-head hgroup\">\n<div class=\"b654a4as d2edcug0\">\n<div class=\"j83agx80 btwxx1t3 lhclo0ds hop8lmos nkwizq5d scwd0bx6 roh60bw9\">\n<div class=\"rq0escxv hkbzh7o3 jwdofwj8 n8tt0mok r8blr3vg hyh9befq\">\n<div class=\"do00u71z l9j0dhe7 k4urcfbm\">\n<div class=\"page-title-head hgroup\">\n<div class=\"page-title-head hgroup\">\n<div class=\"page-title-head hgroup\">\n<div class=\"page-title-head hgroup\">\n<div class=\"b654a4as d2edcug0\">\n<div class=\"page-title-head hgroup\">\n<div class=\"page-title-head hgroup\">\n<div class=\"page-title-head hgroup\">\n<div class=\"page-title-head hgroup\">\n<div class=\"b654a4as d2edcug0\">\n<div class=\"page-title-head hgroup\">\n<div class=\"page-title-head hgroup\">\n<div class=\"page-title-head hgroup\">\n<div class=\"page-title-head hgroup\">\n<div class=\"page-title-head hgroup\">\n<div class=\"page-title-head hgroup\">\n<div class=\"page-title-head hgroup\">\n<div class=\"page-title-head hgroup\">\n<div class=\"page-title-head hgroup\">\n<div class=\"b654a4as d2edcug0\">\n<div class=\"page-title-head hgroup\">\n<div class=\"page-title-head hgroup\">\n<div class=\"page-title-head hgroup\">\n<div class=\"page-title-head hgroup\">\n<div class=\"b654a4as d2edcug0\">\n<div class=\"page-title-head hgroup\">\n<div class=\"page-title-head hgroup\">\n<div class=\"page-title-head hgroup\">\n<div class=\"page-title-head hgroup\">\n<div class=\"page-title-head hgroup\">\n<div class=\"mkdf-post-text\">\n<div class=\"mkdf-post-text-inner\">\n<div class=\"mkdf-post-text-main\">\n<div class=\"mkdf-post-text\">\n<div class=\"mkdf-post-text-inner\">\n<div class=\"mkdf-post-text-main\">\n<div class=\"mkdf-post-text\">\n<div class=\"mkdf-post-text-inner\">\n<div class=\"mkdf-post-text-main\">\n<div class=\"page-title-head hgroup\">\n<div class=\"page-title-head hgroup\">\n<div class=\"mkdf-post-text\">\n<div class=\"mkdf-post-text-inner\">\n<div class=\"mkdf-post-text-main\">\n<div class=\"mkdf-post-text\">\n<div class=\"mkdf-post-text-inner\">\n<div class=\"mkdf-post-text-main\">\n<div class=\"page-title-head hgroup\">\n<div class=\"page-title-head hgroup\">\n<div class=\"page-title-head hgroup\">\n<div class=\"page-title-head hgroup\">\n<div class=\"b654a4as d2edcug0\">\n<div class=\"page-title-head hgroup\">\n<div class=\"page-title-head hgroup\">\n<div class=\"page-title-head hgroup\">\n<div class=\"page-title-head hgroup\">\n<div class=\"b654a4as d2edcug0\">\n<div class=\"page-title-head hgroup\">\n<div class=\"page-title-head hgroup\">\n<div class=\"page-title-head hgroup\">\n<div class=\"page-title-head hgroup\">\n<div class=\"b654a4as d2edcug0\">\n<p>&nbsp;<\/p>\n<p><strong>SR 48 DELLE DOLOMITI<\/strong> fino al 17 dicembre senso unico alternato regolato da semaforo &#8211; esclusi festivi e prefestivi &#8211; in localit\u00e0 Bosco Ruaz.<\/p>\n<p><strong>PONTE BAILEY A BELLUNO<\/strong>: Fino al 4 dicembre chiusura totale<\/p>\n<p><strong>SP 251 VAL DI ZOLDO E CELLINA<\/strong> fino al 22 dicembre interruzioni alla viabilit\u00e0 della durata massima di 10 minuti e senso unico alternato nei periodi non interessati dalle interruzioni nel comune di Val di Zoldo<\/p>\n<p><strong>SP 40 VAL SENAIGA<\/strong> interdizione totale al transito in comune di Lamon fino al 26 novembre, inclusi sabato e domenica, con deviazione del traffico su viabilit\u00e0 comunale<\/p>\n<p><strong>SR 203 AGORDINA<\/strong> Fino al 17 dicembre, esclusi sabato domenica e festivi infrasettimanali, restringimento della careggiata con divieto di sorpasso e limitazione ai 50 km\/h in comune di La Valle per lavori sul margine della carreggiata<\/p>\n<p><strong>SP 422 DELL&#8217;ALPAGO E DEL<\/strong> <strong>CANSIGLIO<\/strong> Fino al 17 dicembre senso unico alternato con semaforo in localit\u00e0 Cornei di Alpago per posa cavidotti<\/p>\n<p>&nbsp;<\/p>\n<hr \/>\n<p>&nbsp;<\/p>\n<\/div>\n<div class=\"b654a4as d2edcug0\">\n<div class=\"ecm0bbzt e5nlhep0 a8c37x1j\">\n<div class=\"kvgmc6g5 cxmmr5t8 oygrvhab hcukyx3x c1et5uql\">\n<div class=\"gmail-kvgmc6g5 gmail-cxmmr5t8 gmail-oygrvhab gmail-hcukyx3x gmail-c1et5uql gmail-ii04i59q\">\n<div>\n<div class=\"page-title-head hgroup\">\n<div class=\"page-title-head hgroup\">\n<div class=\"b654a4as d2edcug0\">\n<div class=\"j83agx80 btwxx1t3 lhclo0ds hop8lmos nkwizq5d scwd0bx6 roh60bw9\">\n<div class=\"rq0escxv hkbzh7o3 jwdofwj8 n8tt0mok r8blr3vg hyh9befq\">\n<div class=\"do00u71z l9j0dhe7 k4urcfbm\">\n<div>\n<div class=\"page-title-head hgroup\">\n<div class=\"page-title-head hgroup\">\n<div class=\"page-title-head hgroup\">\n<div class=\"page-title-head hgroup\">\n<div class=\"b654a4as d2edcug0\">\n<div class=\"page-title-head hgroup\">\n<div class=\"page-title-head hgroup\">\n<div class=\"page-title-head hgroup\">\n<div class=\"page-title-head hgroup\">\n<div class=\"b654a4as d2edcug0\">\n<div class=\"page-title-head hgroup\">\n<div class=\"page-title-head hgroup\">\n<div class=\"page-title-head hgroup\">\n<div class=\"page-title-head hgroup\">\n<div class=\"page-title-head hgroup\">\n<div class=\"mkdf-post-text\">\n<div class=\"mkdf-post-text-inner\">\n<div class=\"mkdf-post-text-main\">\n<div class=\"mkdf-post-text\">\n<div class=\"mkdf-post-text-inner\">\n<div class=\"mkdf-post-text-main\">\n<div class=\"mkdf-post-text\">\n<div class=\"mkdf-post-text-inner\">\n<div class=\"mkdf-post-text-main\">\n<div class=\"page-title-head hgroup\">\n<div class=\"page-title-head hgroup\">\n<div class=\"mkdf-post-text\">\n<div class=\"mkdf-post-text-inner\">\n<div class=\"mkdf-post-text-main\">\n<div class=\"mkdf-post-text\">\n<div class=\"mkdf-post-text-inner\">\n<div class=\"mkdf-post-text-main\">\n<div>\n<div class=\"page-title-head hgroup\">\n<div class=\"page-title-head hgroup\">\n<div>\n<div class=\"page-title-head hgroup\">\n<div class=\"page-title-head hgroup\">\n<div class=\"b654a4as d2edcug0\">\n<div>\n<div class=\"page-title-head hgroup\" style=\"text-align: left;\">\n<div class=\"page-title-head hgroup\">\n<div dir=\"auto\">\n<p><a class=\"dt-pswp-item pspw-wrap-ready\" href=\"https:\/\/i0.wp.com\/www.radiopiu.net\/wordpress\/wp-content\/uploads\/2018\/09\/WhatsApp-Image-2018-09-20-at-16.04.06.jpeg?ssl=1\" data-dt-img-description=\"\" data-large_image_width=\"800\" data-large_image_height=\"100\"><img loading=\"lazy\" decoding=\"async\" class=\"aligncenter wp-image-61378 size-full jetpack-lazy-image jetpack-lazy-image--handled\" src=\"https:\/\/i0.wp.com\/www.radiopiu.net\/wordpress\/wp-content\/uploads\/2018\/09\/WhatsApp-Image-2018-09-20-at-16.04.06.jpeg?resize=800%2C100&amp;ssl=1\" sizes=\"auto, (max-width: 800px) 100vw, 800px\" srcset=\"https:\/\/i0.wp.com\/www.radiopiu.net\/wordpress\/wp-content\/uploads\/2018\/09\/WhatsApp-Image-2018-09-20-at-16.04.06.jpeg?w=800&amp;ssl=1 800w, https:\/\/i0.wp.com\/www.radiopiu.net\/wordpress\/wp-content\/uploads\/2018\/09\/WhatsApp-Image-2018-09-20-at-16.04.06.jpeg?resize=300%2C38&amp;ssl=1 300w, https:\/\/i0.wp.com\/www.radiopiu.net\/wordpress\/wp-content\/uploads\/2018\/09\/WhatsApp-Image-2018-09-20-at-16.04.06.jpeg?resize=768%2C96&amp;ssl=1 768w\" alt=\"\" width=\"800\" height=\"100\" data-lazy-loaded=\"1\" \/><\/a><\/p>\n<\/div>\n<\/div>\n<\/div>\n<\/div>\n<\/div>\n<\/div>\n<\/div>\n<\/div>\n<\/div>\n<\/div>\n<\/div>\n<\/div>\n<\/div>\n<\/div>\n<\/div>\n<\/div>\n<\/div>\n<\/div>\n<\/div>\n<\/div>\n<\/div>\n<\/div>\n<\/div>\n<\/div>\n<\/div>\n<\/div>\n<\/div>\n<\/div>\n<\/div>\n<\/div>\n<\/div>\n<\/div>\n<\/div>\n<\/div>\n<\/div>\n<\/div>\n<\/div>\n<\/div>\n<\/div>\n<\/div>\n<\/div>\n<\/div>\n<\/div>\n<\/div>\n<p>&nbsp;<\/p>\n<\/div>\n<\/div>\n<\/div>\n<\/div>\n<\/div>\n<\/div>\n<\/div>\n<\/div>\n<\/div>\n<\/div>\n<\/div>\n<\/div>\n<\/div>\n<\/div>\n<\/div>\n<\/div>\n<\/div>\n<\/div>\n<\/div>\n<\/div>\n<\/div>\n<\/div>\n<\/div>\n<\/div>\n<\/div>\n<\/div>\n<\/div>\n<\/div>\n<\/div>\n<\/div>\n<\/div>\n<\/div>\n<\/div>\n<\/div>\n<\/div>\n<\/div>\n<\/div>\n<\/div>\n<\/div>\n<\/div>\n<\/div>\n<\/div>\n<\/div>\n<\/div>\n<\/div>\n<\/div>\n<\/div>\n<\/div>\n<\/div>\n<\/div>\n<\/div>\n<\/div>\n<\/div>\n<\/div>\n<\/div>\n<\/div>\n<\/div>\n<\/div>\n<\/div>\n<\/div>\n<\/div>\n<\/div>\n<\/div>\n<\/div>\n<\/div>\n<\/div>\n<\/div>\n<\/div>\n<\/div>\n<\/div>\n<\/div>\n<\/div>\n<\/div>\n<\/div>\n<\/div>\n<\/div>\n<\/div>\n<\/div>\n<\/div>\n<\/div>\n<\/div>\n<\/div>\n<\/div>\n<\/div>\n<\/div>\n<\/div>\n<\/div>\n<\/div>\n<\/div>\n<\/div>\n<\/div>\n<\/div>\n<\/div>\n<\/div>\n<\/div>\n<\/div>\n<\/div>\n<\/div>\n<\/div>\n<\/div>\n<\/div>\n<\/div>\n<\/div>\n<\/div>\n<\/div>\n<\/div>\n<\/div>\n<\/div>\n<\/div>\n<\/div>\n<\/div>\n<\/div>\n<\/div>\n<\/div>\n<\/div>\n<\/div>\n<\/div>\n<\/div>\n<\/div>\n<\/div>\n<\/div>\n<\/div>\n<\/div>\n<\/div>\n<\/div>\n<\/div>\n<\/div>\n<\/div>\n<\/div>\n<\/div>\n<\/div>\n<\/div>\n<\/div>\n<\/div>\n<\/div>\n<\/div>\n<\/div>\n<\/div>\n<\/div>\n<\/div>\n<\/div>\n<\/div>\n<\/div>\n<\/div>\n<\/div>\n<\/div>\n<\/div>\n<\/div>\n<\/div>\n<\/div>\n<\/div>\n<\/div>\n<\/div>\n<\/div>\n<\/div>\n<\/div>\n<\/div>\n<\/div>\n<\/div>\n<\/div>\n<\/div>\n<\/div>\n<\/div>\n<\/div>\n<p><center><b>Mercoledi 24<\/b><\/center><b>Tempo atteso: <\/b>Bel tempo tardo-autunnale, ben soleggiato con cielo sereno e aria limpida; l&#8217;insidia nebbia in Valbelluna durante le ore pi\u00f9 fredde sar\u00e0 ridotta, ma non assente. Dalla serata arrivo di sottili nubi alte da sud, in estensione verso nord in nottata.<br \/>\n<b>Precipitazioni: <\/b>Assenti.(0%)<br \/>\n<b>Temperature: <\/b>Temperature minime in calo specie nei fondovalle prealpini, massime pressoch\u00e9 stazionarie. Previste punte di 9\/10\u00b0C nei fondovalle prealpini e di 6\/8\u00b0C a 1000\/1200 m. Su Prealpi a 1500 m min -1\u00b0C max 4\u00b0C, a 2000 m min &#8211;2\u00b0C max 2\u00b0C. Su Dolomiti a 2000 m min -2\u00b0C max 1\u00b0C, a 3000 m min -5\u00b0C max -4\u00b0C.<br \/>\n<b>Venti: <\/b>Nelle valli venti perlopi\u00f9 deboli a regime di brezza, localmente moderati per brezze di monte su alcuni settori prealpini; in quota deboli a tratti moderati sulle cime pi\u00f9 elevate dai quadranti meridionali, a 5-10 km \/h a 2000 m, a 5-15 km\/h a 3000 m, in rinforzo dalla serata.<\/p>\n<hr \/>\n<p><center><b>Giovedi 25<\/b><\/center><b>Tempo atteso: <\/b>Tra notte e mattino aumento della nuvolosit\u00e0 in estensione dalle Prealpi alle Dolomiti fino a cielo coperto ovunque da met\u00e0 giornata e iniziale maltempo a partire dalle Prealpi occidentali, in estensione al resto della montagna veneta nel corso del pomeriggio\/sera.<br \/>\n<b>Precipitazioni: <\/b>in estensione a partire dal mattino (50-70 %) dalle Prealpi occidentali alle Dolomiti nel pomeriggio\/sera quando risulteranno diffuse generalmente deboli o al pi\u00f9 a tratti moderate su Prealpi (90 %) Limite neve generalmente oltre i 1100\/1400 m su Dolomiti, 1300-1500 m su Prealpi, entro fine giornata sono previsti mediamente 5-15 cm di neve oltre i 1500\/1800 m (quantitativi ancora incerti)<br \/>\n<b>Temperature: <\/b>Temperature minime in lieve calo e massime pressoch\u00e9 stazionarie. Previste punte di 9\/10\u00b0C nei fondovalle prealpini e di 6\/8\u00b0C a 1000\/1200 m. Su Prealpi a 1500 m min 0\u00b0C max 2\u00b0C, a 2000 m min -2\u00b0C max 0\u00b0C. Su Dolomiti a 2000 m min -3\u00b0C max -1\u00b0C, a 3000 m min -6\u00b0C max -5\u00b0C.<br \/>\n<b>Venti: <\/b>Nelle valli perlopi\u00f9 deboli variabili; in quota moderati\/tesi a tratti forti meridionali sulle cime pi\u00f9 elevate a 10-25 km \/h a 2000 m, a 25-35 km\/h a 3000 m<\/p>\n<hr \/>\n<p><center><b>Venerdi 26<\/b><\/center>Molto nuvoloso o coperto con probabili deboli precipitazioni (80 -90 %) possibili durante tutta la giornata. Limite neve in generale calo, attorno a 1000 metri, anche inferiore su Dolomiti in serata. Temperature in lieve calo, eccetto rialzo delle minime nelle valli. Venti deboli di direzione variabile nelle valli; deboli\/moderati meridionali in quota.<\/p>\n<hr \/>\n<p><center><b>Sabato 27<\/b><\/center>Molto nuvoloso o coperto con possibili deboli precipitazioni. Limite neve in ulteriore abbassamento. Temperature in lieve calo con ridota escursione termica giornaliera. Venti deboli variabili nelle valli, moderati meridionali in quota. Previsore: DDL<\/p>\n<p>&nbsp;<\/p>\n<hr \/>\n<p>&nbsp;<\/p>\n<div class=\"mkdf-post-text\">\n<div class=\"mkdf-post-text-inner\">\n<p><a href=\"https:\/\/www.radiopiu.net\/wordpress\/giornale-radiopiu-15-settembre-2018-direttore-mirko-mezzacasa\/sport-7\/\" rel=\"attachment wp-att-60761\"><img loading=\"lazy\" decoding=\"async\" class=\"wp-image-60761 size-full aligncenter\" src=\"https:\/\/www.radiopiu.net\/wordpress\/wp-content\/uploads\/2018\/09\/sport.jpg\" alt=\"\" width=\"800\" height=\"100\" srcset=\"https:\/\/www.radiopiu.net\/wordpress\/wp-content\/uploads\/2018\/09\/sport.jpg 800w, https:\/\/www.radiopiu.net\/wordpress\/wp-content\/uploads\/2018\/09\/sport-300x38.jpg 300w, https:\/\/www.radiopiu.net\/wordpress\/wp-content\/uploads\/2018\/09\/sport-768x96.jpg 768w\" sizes=\"auto, (max-width: 800px) 100vw, 800px\" \/><\/a><\/p>\n<\/div>\n<\/div>\n<p>&nbsp;<\/p>\n<blockquote>\n<h3>IL LE VILLE MANCA LA QUALIFICAZIONE NEL GIRONE A1 DEL CAMPIONATO OPEN CSI<\/h3>\n<\/blockquote>\n<p><strong><a href=\"https:\/\/www.radiopiu.net\/wordpress\/lunione-sportiva-le-ville-annuncia-lannullamento-della-sagra-di-san-vincenzo\/le-ville-5\/\" rel=\"attachment wp-att-123924\"><img loading=\"lazy\" decoding=\"async\" class=\" wp-image-123924 alignleft\" src=\"https:\/\/www.radiopiu.net\/wordpress\/wp-content\/uploads\/2020\/03\/le-ville.jpeg\" alt=\"\" width=\"139\" height=\"139\" srcset=\"https:\/\/www.radiopiu.net\/wordpress\/wp-content\/uploads\/2020\/03\/le-ville.jpeg 225w, https:\/\/www.radiopiu.net\/wordpress\/wp-content\/uploads\/2020\/03\/le-ville-150x150.jpeg 150w\" sizes=\"auto, (max-width: 139px) 100vw, 139px\" \/><\/a>AGORDO<\/strong> Trasferta amara per il Le Ville che chiude il girone di qualificazione del Campionato Open CSI con una sconfitta amara. La squadra di Costantini, dopo essere passata in vantaggio, perde contro il Vignui e manca cos\u00ec la qualificazione al girone A1 per la prossima primavera. Servivano i 3 punti alla formazione di Agordo che per\u00f2 si \u00e8 arresa nel secondo tempo concedendo troppo agli avversari. Obbiettivo mancato per il Le Ville che ad inizio campionato aveva le carte in regola per accedere al girone delle pi\u00f9 forti.<\/p>\n<p><strong>MATTEO CHISSALE&#8217;, GIOCATORE DEL LE VILLE<\/strong><\/p>\n<audio class=\"wp-audio-shortcode\" id=\"audio-244378-17\" preload=\"none\" style=\"width: 100%;\" controls=\"controls\"><source type=\"audio\/mpeg\" src=\"https:\/\/www.radiopiu.net\/wordpress\/wp-content\/uploads\/2021\/11\/MATTEO-CHISSA-LE-VILLE.mp3?_=17\" \/><a href=\"https:\/\/www.radiopiu.net\/wordpress\/wp-content\/uploads\/2021\/11\/MATTEO-CHISSA-LE-VILLE.mp3\">https:\/\/www.radiopiu.net\/wordpress\/wp-content\/uploads\/2021\/11\/MATTEO-CHISSA-LE-VILLE.mp3<\/a><\/audio>\n<p>&nbsp;<\/p>\n<hr \/>\n<p>&nbsp;<\/p>\n<blockquote>\n<h3>WILLIAM DA ROIT SUL SITO DELLA GAZZETTA<\/h3>\n<\/blockquote>\n<p><strong><a href=\"https:\/\/www.radiopiu.net\/wordpress\/william-da-roit-nicolo-savio-e-alessandro-da-roit\/william-da-roit-3\/\" rel=\"attachment wp-att-150479\"><img loading=\"lazy\" decoding=\"async\" class=\"size-medium wp-image-150479 alignleft\" src=\"https:\/\/www.radiopiu.net\/wordpress\/wp-content\/uploads\/2020\/07\/WILLIAM-DA-ROIT-300x225.jpg\" alt=\"\" width=\"300\" height=\"225\" srcset=\"https:\/\/www.radiopiu.net\/wordpress\/wp-content\/uploads\/2020\/07\/WILLIAM-DA-ROIT-300x225.jpg 300w, https:\/\/www.radiopiu.net\/wordpress\/wp-content\/uploads\/2020\/07\/WILLIAM-DA-ROIT-768x576.jpg 768w, https:\/\/www.radiopiu.net\/wordpress\/wp-content\/uploads\/2020\/07\/WILLIAM-DA-ROIT.jpg 960w\" sizes=\"auto, (max-width: 300px) 100vw, 300px\" \/><\/a> <\/strong><\/p>\n<p><strong>\u00a0<\/strong><\/p>\n<p><strong>\u00a0<\/strong><\/p>\n<p><strong>LA VALLE<\/strong> Anche La Gazzetta Dello Sport parla Agordino. Sul sito del quotidiano rosa compare nella sezione running un articolo con relativa intervista a William Da Roit dove si racconta il Giro D&#8217;Italia fatto di corsa a fine agosto assieme ad Elvis Secco.<\/p>\n<p><strong>PER LEGGERE L&#8217;ARTICOLO DAL SITO DELLA GAZZETTA <a href=\"https:\/\/running.gazzetta.it\/news\/23-11-2021\/william-il-panettiere-runner-che-corre-per-tutta-litalia-in-11-giorni-83902\">CLICCA QUI<\/a><\/strong><\/p>\n<p>&nbsp;<\/p>\n<p>&nbsp;<\/p>\n<p>&nbsp;<\/p>\n<hr \/>\n<p>&nbsp;<\/p>\n<p>&nbsp;<\/p>\n<blockquote>\n<h3>UN&#8217;AGORDINA CON I VINCITORI DELLA COPPA ITALIA<\/h3>\n<\/blockquote>\n<div class=\"o9v6fnle cxmmr5t8 oygrvhab hcukyx3x c1et5uql ii04i59q\">\n<blockquote>\n<div dir=\"auto\">\u00a0A Modena i ragazzi del Padova Rugby in Carrozzina, hanno conquistato la Coppa Italia nella finalissima tutta veneta, imponendosi per 55-34 sui Mastini Cangrandi Verona. In squadra anche Olga Redigonda di Taibon Agordino,\u00a0 collaboratrice della squadra, in foto la prima in alto a sinistra<\/div>\n<\/blockquote>\n<div dir=\"auto\"><a href=\"https:\/\/www.radiopiu.net\/wordpress\/unagordina-con-i-vincitori-della-coppa-italia\/260447834_1930495703819002_1904825645112221242_n\/\" rel=\"attachment wp-att-244512\"><img loading=\"lazy\" decoding=\"async\" class=\"alignnone wp-image-244512 \" src=\"https:\/\/www.radiopiu.net\/wordpress\/wp-content\/uploads\/2021\/11\/260447834_1930495703819002_1904825645112221242_n.jpg\" alt=\"\" width=\"359\" height=\"239\" srcset=\"https:\/\/www.radiopiu.net\/wordpress\/wp-content\/uploads\/2021\/11\/260447834_1930495703819002_1904825645112221242_n.jpg 811w, https:\/\/www.radiopiu.net\/wordpress\/wp-content\/uploads\/2021\/11\/260447834_1930495703819002_1904825645112221242_n-300x200.jpg 300w, https:\/\/www.radiopiu.net\/wordpress\/wp-content\/uploads\/2021\/11\/260447834_1930495703819002_1904825645112221242_n-768x511.jpg 768w\" sizes=\"auto, (max-width: 359px) 100vw, 359px\" \/><\/a><\/div>\n<\/div>\n<div dir=\"auto\"><\/div>\n<div dir=\"auto\"><\/div>\n<div dir=\"auto\"><strong>ARCHIVIO RADIOPIU, 09 NOVEMBRE 2017<\/strong><\/div>\n<div dir=\"auto\"><\/div>\n<div dir=\"auto\">\n<p><span style=\"color: #ff0000;\">intervista di Mirko Mezzacasa<\/span><\/p>\n<p>Olga ha 21 anni, l&#8217;ultimo compleanno l&#8217;ha messa a letto presto, al sorgere del sole \u00e8 infatti iniziato il gran giorno: la direzione della sua prima partita di rugby in carrozzina valida per il campionato regionale, tra l&#8217;Asd Padova Rugby e i Mastini Cangrandi Verona.<br \/>\n&#8220;A letto presto &#8211; conferma Olga &#8211; per non farmi tradire dall&#8217;emozione dopo due anni di impegno per arrivare all&#8217;ambito traguardo, niente festa di compleanno, ma niente paura, mi rifar\u00f2&#8221;. Il &#8220;Wheelchair Rugby&#8221; o Rugby in carrozzina \u00e8 una disciplina nata in Canada, a Winnipeg, alla fine degli anni settanta ad opera di un gruppo di atleti tetraplegici alla ricerca di un&#8217;alternativa alla pallacanestro in carrozzina. Attualmente \u00e8 praticato in 45 paesi in tutto il mondo e dal 2011 \u00e8 riconosciuto come disciplina anche in Italia, prima societ\u00e0 a Padova: uno sport caratterizzato da rilevante sforzo fisico che offre un grande spettacolo sia agli spettatori che agli atleti.<br \/>\nOlga Redigonda di Taibon Agordino, ultima casa prima di Forno Val, efferevescente ed attiva, pure brava a scuola, nella citt\u00e0 patavina frequenta la facolt\u00e0 di scienze geologiche. &#8220;Studio i sassi e i movimenti della terra &#8211; racconta Olga &#8211; e nei nomenti di relax mi dedico al rugby&#8221;. Paradossalmente il rugby, strano per lei originaria della montagna tra campi di ghiaccio e piste da sci.<br \/>\nPASSIONE A PRIMA VISTA<br \/>\n&#8220;E&#8217; bastata una sera a Padova &#8211; racconta Olga &#8211; dove sei anni fa ha iniziato a svilupparsi il rugby in carrozzina per tetraplegici. Il mio conterraneo Davide Giozet, capitano dell&#8217;Asd Padova Rugby, mi ha fatto conoscere questa disciplina che ha conquistato il pubblico alle Paraolimpiadi di Londra, a me quei ragazzi hanno accarezzto il cuore, loro mi hanno convinto di mettermi alla prova&#8221;. Inizia qui l&#8217;avventura della giovane agordina, nei giorni successivi a quel primo incontro dove ricorda di essersi sentita da subito &#8220;in famiglia&#8221; ha iniziato a frequentare parquet e spogliatoi per rendersi utile a quel gruppo di ragazzi nel pre e post partita e durante gli incontri. &#8220;Come si dice in questi casi, visto e piaciuto &#8211; dice Olga &#8211; in panchina con il Padova ho vissuto momenti fantastici, poi la Federazione Italiana Sport Paraolimpici e Sperimentali ha lanciato l&#8217;appello, la ricerca di nuovi arbitri. Mi sono chiesta se ero pronta a intraprendere questa strada e mi sono riposta di si&#8221;. Da quel si sono trascorsi due anni di tesseramento con la societ\u00e0 di Padova per poi accedere al corso per arbitri superato a pieni voti. &#8220;E cos\u00ec la scorsa domenica mi sono ritrovata a dirigere la mia prima partita nel campionato regionale ed \u00e8 andata bene&#8221;.<br \/>\nFUTURO INTERNAZIONALE<br \/>\nA breve Olga sar\u00e0 a Verona per arbitrare un torneo amichevole, dal 15 al 17 dicembre a Padova dove si disputeranno i primi Campionati Italiani di Wheelchair Rugby tra Padova, Verona, Vicenza, Milano e Roma. &#8220;C&#8217;\u00e8 anche un appuntamento internazionale &#8211; ricorda Olga con emozione &#8211; nei primi giorni di dicembre sar\u00f2 arbitro ufficiale a Parigi in un torneo femminile&#8221;. Il Rugby in carrozzina. Si gioca con una palla rotonda, in palestra, i giocatori si sfidano 4vs4 ma il &#8220;contatto&#8221;, tanto caro al Rugby, c&#8217;\u00e8 anche qui con i giocatori che battagliano sulle proprie carrozzine per portare il pallone aldil\u00e0 della linea di meta.<br \/>\n&#8220;Il Rugby in carrozzina &#8211; conclude Olga Redigonda &#8211; come tutti i tipi di sport, ha una funzione stimolante che influisce positivamente a livello motivazionale, sia che venga praticato da normodotati sia che venga praticato da persone affette da disabilit\u00e0&#8221;.<\/p>\n<\/div>\n<div dir=\"auto\"><\/div>\n<p>&nbsp;<\/p>\n<hr \/>\n<p>&nbsp;<\/p>\n<blockquote>\n<h3>NUOTO GARE PROVINCIALI: 13 ORI PER LA SPORTIVAMENTE BELLUNO AD AGORDO<\/h3>\n<\/blockquote>\n<p><strong>BELLUNO <\/strong>Sportivamente Belluno costantemente sul podio al primo appuntamento della stagione provinciale di nuoto, legato alla categoria Esordienti: ad Agordo, infatti, si \u00e8 svolta la prima giornata di gare per le fasce A e B. Tredici le medaglie d\u2019oro conquistate dai bellunesi, oltre a 4 d\u2019argento e 7 di bronzo. E le tre staffette, 4&#215;50 stile libero? Sono salite tutte sul podio: gradino pi\u00f9 alto per le ragazze (Bortot, Mezzacasa, Viel, De Cian) in 2\u201924\u201d20, prima e seconda piazza per i ragazzi. Da una parte, Cervo, Longi, Galanti, Nerviani (2\u201908\u201d40); dall\u2019altra, Brianti, Sommacal, Camposeo, Salatin (2\u201926\u201d40).\u00a0 Entrando nel dettaglio, nei 100 stile Levi Riccardo Cervo finisce al secondo posto per un decimo, mentre in ambito femminile Margherita De Cian si conferma la pi\u00f9 veloce con un ottimo 1\u201914\u201d20 e Beatrice Mezzacasa, al primo anno di categoria, \u00e8 quinta. Nella stessa prova, volano pure i \u201cpiccoli\u201d Esordienti B (nati fra il 2011 e il 2013): Mattia Don\u00e0 \u00e8 primo (1\u201921\u201d40) e Luca Frisaldi terzo (1\u201927\u201d50). Seguono a un soffio Daniel Somacal, Alessandro Morra e Cesare Lorenzi. Camilla Fistarol, invece, agguanta l\u2019oro (1\u201929\u201d80) e Greta Galanti (1\u201933\u201d80) \u00e8 terza. Bene pure Stella Somacal e Aurora Camposeo.\u00a0 Passando ai 100 farfalla, podio tutto bellunese con Alessandro Nerviani (primo in 1\u201916\u201d50), Alex Brianti (secondo in 1\u201929\u201d70) e Samuele Sommacal (terzo in 1\u201940\u201d0), mentre Eleonora Bortot trionfa in 1\u201933\u201d80, Marta De Min \u00e8 terza e Margherita Mazzoli quarta (entrambe al debutto in fascia A). In merito ai 200 dorso, belle prove di Dora Bortoluzzi e Mario Dalla Riva e altro en plein per gli Esordienti A, nei 200 rana, con Levi Riccardo Cervo (3\u201918\u201d70), Niccol\u00f2 Longi (3\u201919\u201d70), Vincenzo Iuliano (3\u201920\u201d10) e Alessio Camposeo (3\u201955\u201d0). Non da meno le ragazze per merito di Eleonora Bortot, che bissa l\u2019oro (3\u201931\u201d30), e Beatrice Mezzacasa d\u2019argento (3\u201937\u201d10).\u00a0 Ancora protagonista inoltre Mattia Don\u00e0, primo nei 100 rana, mentre Frisaldi finisce per un soffio in terza posizione e Dora Bortoluzzi si infila al collo la medaglia pi\u00f9 preziosa. Come Alessandro Nerviani nei 200 misti, chiusi in 2\u201935\u201d80. E Thomas Pin \u00e8 terzo.\u00a0 Soddisfatta per lo stato di forma della squadra l\u2019allenatrice Daniela Piermarini: \u00abIl gruppo \u00e8 gi\u00e0 al lavoro per preparare al meglio l\u2019appuntamento successivo, in programma mercoled\u00ec 8 dicembre a Monastier di Treviso\u00bb.<\/p>\n\n\t\t\t<style type='text\/css'>\n\t\t\t\t#gallery-6 {\n\t\t\t\t\tmargin: auto;\n\t\t\t\t}\n\t\t\t\t#gallery-6 .gallery-item {\n\t\t\t\t\tfloat: left;\n\t\t\t\t\tmargin-top: 10px;\n\t\t\t\t\ttext-align: center;\n\t\t\t\t\twidth: 50%;\n\t\t\t\t}\n\t\t\t\t#gallery-6 img {\n\t\t\t\t\tborder: 2px solid #cfcfcf;\n\t\t\t\t}\n\t\t\t\t#gallery-6 .gallery-caption {\n\t\t\t\t\tmargin-left: 0;\n\t\t\t\t}\n\t\t\t\t\/* see gallery_shortcode() in wp-includes\/media.php *\/\n\t\t\t<\/style>\n\t\t<div id='gallery-6' class='dt-gallery-container gallery galleryid-244378 gallery-columns-2 gallery-size-medium'><dl class='gallery-item'>\n\t\t\t\t<dt class='gallery-icon landscape'>\n\t\t\t\t\t<a class=\"rollover rollover-zoom dt-pswp-item\" title=\"Esordienti_ad Agordo_1\" data-dt-img-description=\"\" data-large_image_width=\"640\" data-large_image_height=\"480\"href='https:\/\/www.radiopiu.net\/wordpress\/wp-content\/uploads\/2021\/11\/Esordienti_ad-Agordo_1.jpeg'><img loading=\"lazy\" decoding=\"async\" width=\"300\" height=\"225\" src=\"https:\/\/www.radiopiu.net\/wordpress\/wp-content\/uploads\/2021\/11\/Esordienti_ad-Agordo_1-300x225.jpeg\" class=\"attachment-medium size-medium\" alt=\"\" srcset=\"https:\/\/www.radiopiu.net\/wordpress\/wp-content\/uploads\/2021\/11\/Esordienti_ad-Agordo_1-300x225.jpeg 300w, https:\/\/www.radiopiu.net\/wordpress\/wp-content\/uploads\/2021\/11\/Esordienti_ad-Agordo_1.jpeg 640w\" sizes=\"auto, (max-width: 300px) 100vw, 300px\" \/><\/a>\n\t\t\t\t<\/dt><\/dl><dl class='gallery-item'>\n\t\t\t\t<dt class='gallery-icon landscape'>\n\t\t\t\t\t<a class=\"rollover rollover-zoom dt-pswp-item\" title=\"Esordienti_ad_Agordo_2\" data-dt-img-description=\"\" data-large_image_width=\"640\" data-large_image_height=\"480\"href='https:\/\/www.radiopiu.net\/wordpress\/wp-content\/uploads\/2021\/11\/Esordienti_ad_Agordo_2.jpeg'><img loading=\"lazy\" decoding=\"async\" width=\"300\" height=\"225\" src=\"https:\/\/www.radiopiu.net\/wordpress\/wp-content\/uploads\/2021\/11\/Esordienti_ad_Agordo_2-300x225.jpeg\" class=\"attachment-medium size-medium\" alt=\"\" srcset=\"https:\/\/www.radiopiu.net\/wordpress\/wp-content\/uploads\/2021\/11\/Esordienti_ad_Agordo_2-300x225.jpeg 300w, https:\/\/www.radiopiu.net\/wordpress\/wp-content\/uploads\/2021\/11\/Esordienti_ad_Agordo_2.jpeg 640w\" sizes=\"auto, (max-width: 300px) 100vw, 300px\" \/><\/a>\n\t\t\t\t<\/dt><\/dl><br style=\"clear: both\" \/>\n\t\t\t<\/div>\n\n<p>&nbsp;<\/p>\n<\/div>\n<\/div>\n<\/div>\n<\/div>\n<\/div>\n<\/div>\n<\/div>\n","protected":false},"excerpt":{"rendered":"<p>INFORMAZIONE il canale su TELEGRAM informazione di prima mano e in tempo reale. iscriviti ed aiutaci a farlo conoscere\u00a0 &nbsp; &nbsp; La Croce Verde Val Biois, causa la carenza di volontari, ha emanato il calendario con i disservizi del mese di novembre. Il calendario provvisorio: LUNEDI&#8217; 29 NOVEMBRE 2021 DALLE ORE 6:00 ALLE ORE 20:00.&hellip;<\/p>\n","protected":false},"author":4,"featured_media":244552,"comment_status":"closed","ping_status":"open","sticky":false,"template":"","format":"standard","meta":{"_monsterinsights_skip_tracking":false,"_monsterinsights_sitenote_active":false,"_monsterinsights_sitenote_note":"","_monsterinsights_sitenote_category":0,"footnotes":""},"categories":[104,86,49],"tags":[],"class_list":["post-244378","post","type-post","status-publish","format-standard","has-post-thumbnail","hentry","category-evidenza_3","category-gr","category-news-18","category-104","category-86","category-49","description-off"],"img_url":"https:\/\/www.radiopiu.net\/wordpress\/wp-content\/uploads\/2021\/11\/260112341_448623649996069_6870235970651667449_n.jpg","_links":{"self":[{"href":"https:\/\/www.radiopiu.net\/wordpress\/wp-json\/wp\/v2\/posts\/244378","targetHints":{"allow":["GET"]}}],"collection":[{"href":"https:\/\/www.radiopiu.net\/wordpress\/wp-json\/wp\/v2\/posts"}],"about":[{"href":"https:\/\/www.radiopiu.net\/wordpress\/wp-json\/wp\/v2\/types\/post"}],"author":[{"embeddable":true,"href":"https:\/\/www.radiopiu.net\/wordpress\/wp-json\/wp\/v2\/users\/4"}],"replies":[{"embeddable":true,"href":"https:\/\/www.radiopiu.net\/wordpress\/wp-json\/wp\/v2\/comments?post=244378"}],"version-history":[{"count":0,"href":"https:\/\/www.radiopiu.net\/wordpress\/wp-json\/wp\/v2\/posts\/244378\/revisions"}],"wp:featuredmedia":[{"embeddable":true,"href":"https:\/\/www.radiopiu.net\/wordpress\/wp-json\/wp\/v2\/media\/244552"}],"wp:attachment":[{"href":"https:\/\/www.radiopiu.net\/wordpress\/wp-json\/wp\/v2\/media?parent=244378"}],"wp:term":[{"taxonomy":"category","embeddable":true,"href":"https:\/\/www.radiopiu.net\/wordpress\/wp-json\/wp\/v2\/categories?post=244378"},{"taxonomy":"post_tag","embeddable":true,"href":"https:\/\/www.radiopiu.net\/wordpress\/wp-json\/wp\/v2\/tags?post=244378"}],"curies":[{"name":"wp","href":"https:\/\/api.w.org\/{rel}","templated":true}]}}