{"id":244455,"date":"2021-11-23T10:55:32","date_gmt":"2021-11-23T09:55:32","guid":{"rendered":"https:\/\/www.radiopiu.net\/wordpress\/?p=244455"},"modified":"2021-11-23T10:56:56","modified_gmt":"2021-11-23T09:56:56","slug":"il-prefetto-mariano-savastano-tra-gli-amministratori-agordini","status":"publish","type":"post","link":"https:\/\/www.radiopiu.net\/wordpress\/il-prefetto-mariano-savastano-tra-gli-amministratori-agordini\/","title":{"rendered":"IL PREFETTO MARIANO SAVASTANO TRA GLI AMMINISTRATORI AGORDINI"},"content":{"rendered":"<p><strong><a href=\"https:\/\/www.radiopiu.net\/wordpress\/il-prefetto-mariano-savastano-tra-gli-amministratori-agordini\/d1569a59-1168-42c8-8f80-d26f4bf63bed\/\" rel=\"attachment wp-att-244460\"><img loading=\"lazy\" decoding=\"async\" class=\"size-medium wp-image-244460 alignleft\" src=\"https:\/\/www.radiopiu.net\/wordpress\/wp-content\/uploads\/2021\/11\/d1569a59-1168-42c8-8f80-d26f4bf63bed-300x169.jpg\" alt=\"\" width=\"300\" height=\"169\" srcset=\"https:\/\/www.radiopiu.net\/wordpress\/wp-content\/uploads\/2021\/11\/d1569a59-1168-42c8-8f80-d26f4bf63bed-300x169.jpg 300w, https:\/\/www.radiopiu.net\/wordpress\/wp-content\/uploads\/2021\/11\/d1569a59-1168-42c8-8f80-d26f4bf63bed-1024x576.jpg 1024w, https:\/\/www.radiopiu.net\/wordpress\/wp-content\/uploads\/2021\/11\/d1569a59-1168-42c8-8f80-d26f4bf63bed-768x432.jpg 768w, https:\/\/www.radiopiu.net\/wordpress\/wp-content\/uploads\/2021\/11\/d1569a59-1168-42c8-8f80-d26f4bf63bed-1536x864.jpg 1536w, https:\/\/www.radiopiu.net\/wordpress\/wp-content\/uploads\/2021\/11\/d1569a59-1168-42c8-8f80-d26f4bf63bed.jpg 1920w\" sizes=\"auto, (max-width: 300px) 100vw, 300px\" \/><\/a>AGORDO<\/strong> Il Prefetto Mariano Savastano stamane \u00e8 salito ad Agordo, nel Palazzo dell&#8217;Unione Montana ha incontrato il Presidente Michele Costa, i sindaci della vallata, i vigili del fuoco,\u00a0 le forze di Polizia (Carabinieri e Polizia Locale) e i responsabili del Com (centro operativo misto) che si rivel\u00f2 la\u00a0 vera fortuna in occasione dell&#8217;uragano Vaia, ma non meno importante in occasione di altre calamit\u00e0 naturali, dalle alluvioni alle abbondanti nevicate. <em>&#8220;Sono ad Agordo per prendere visione del Com &#8211; ha detto il Prefetto prima di incontrare gli amministratori in sala Don Tamis &#8211; per fare una sorta di &#8220;tagliando&#8221; alla macchina del Com che gi\u00e0 abbiamo visto all&#8217;opera nei giorni di Vaia, io ero in Piemonte, ma ho seguito il dramma della montagna bellunese con molta attenzione&#8221;<\/em> Vaia ma non solo Vaia ha sottolineato il Prefetto guardando anche ai molti altri interventi quando il Com \u00e8 chiamato in causa (mm)<\/p>\n<p><strong>AUDIO il Prefetto Savastano\u00a0<\/strong><\/p>\n<audio class=\"wp-audio-shortcode\" id=\"audio-244455-1\" preload=\"none\" style=\"width: 100%;\" controls=\"controls\"><source type=\"audio\/mpeg\" src=\"https:\/\/www.radiopiu.net\/wordpress\/wp-content\/uploads\/2021\/11\/savastano.mp3?_=1\" \/><a href=\"https:\/\/www.radiopiu.net\/wordpress\/wp-content\/uploads\/2021\/11\/savastano.mp3\">https:\/\/www.radiopiu.net\/wordpress\/wp-content\/uploads\/2021\/11\/savastano.mp3<\/a><\/audio>\n<p>&nbsp;<\/p>\n<p><a href=\"https:\/\/www.radiopiu.net\/wordpress\/il-prefetto-mariano-savastano-tra-gli-amministratori-agordini\/94c8e2db-8d8f-483e-ba81-a6e20be84f46\/\" rel=\"attachment wp-att-244457\"><img loading=\"lazy\" decoding=\"async\" class=\" wp-image-244457 alignleft\" src=\"https:\/\/www.radiopiu.net\/wordpress\/wp-content\/uploads\/2021\/11\/94c8e2db-8d8f-483e-ba81-a6e20be84f46-300x224.jpg\" alt=\"\" width=\"242\" height=\"181\" srcset=\"https:\/\/www.radiopiu.net\/wordpress\/wp-content\/uploads\/2021\/11\/94c8e2db-8d8f-483e-ba81-a6e20be84f46-300x224.jpg 300w, https:\/\/www.radiopiu.net\/wordpress\/wp-content\/uploads\/2021\/11\/94c8e2db-8d8f-483e-ba81-a6e20be84f46-1024x765.jpg 1024w, https:\/\/www.radiopiu.net\/wordpress\/wp-content\/uploads\/2021\/11\/94c8e2db-8d8f-483e-ba81-a6e20be84f46-768x574.jpg 768w, https:\/\/www.radiopiu.net\/wordpress\/wp-content\/uploads\/2021\/11\/94c8e2db-8d8f-483e-ba81-a6e20be84f46-1536x1148.jpg 1536w, https:\/\/www.radiopiu.net\/wordpress\/wp-content\/uploads\/2021\/11\/94c8e2db-8d8f-483e-ba81-a6e20be84f46.jpg 1600w\" sizes=\"auto, (max-width: 242px) 100vw, 242px\" \/><\/a>I C.O.M. (Centro Operativo Misto)\u00a0sono nati originariamente come centri operativi di emergenza ( vale a dire strutture a supporto e coordinamento operativo istituite e organizzate esclusivamente in piena fase gestionale dell&#8217;emergenza a seguito di eventi catastrofici), si \u00e8 passati ad un&#8217;interpretazione pi\u00f9 ampia del termine che coinvolge anche strutture e ripartizioni organizzative di una o pi\u00f9 amministrazioni locali nelle attivit\u00e0 di costruzione del sistema locale di protezione civile nonch\u00e9 di pianificazione dell&#8217;emergenza da effettuare nel tempo ordinario. L&#8217;ubicazione del C.O.M. deve essere baricentrica rispetto ai Comuni afferenti e localizzata in strutture antisismiche, realizzate secondo le normative vigenti, non vulnerabili a qualsiasi tipo di rischio. Le strutture adibite a sede C.O.M. devono avere una superficie complessiva minima di500 m2con una suddivisione interna che preveda almeno: -una sala per le riunioni; -una sala per le Funzioni di Supporto; -una sala per il Volontariato; -una sala per le Telecomunicazioni. Tali strutture devono essere dotate di un piazzale attiguo che abbia dimensioni sufficienti ad accogliere mezzi pesanti e quanto altro occorra in stato di emergenza. \u00c8 opportuno prevedere una sede alternativa qualora, nel corso dell&#8217;emergenza, l&#8217;edificio individuato risultasse non idoneo.<\/p>\n","protected":false},"excerpt":{"rendered":"<p>AGORDO Il Prefetto Mariano Savastano stamane \u00e8 salito ad Agordo, nel Palazzo dell&#8217;Unione Montana ha incontrato il Presidente Michele Costa, i sindaci della vallata, i vigili del fuoco,\u00a0 le forze di Polizia (Carabinieri e Polizia Locale) e i responsabili del Com (centro operativo misto) che si rivel\u00f2 la\u00a0 vera fortuna in occasione dell&#8217;uragano Vaia, ma&hellip;<\/p>\n","protected":false},"author":4,"featured_media":244462,"comment_status":"closed","ping_status":"open","sticky":false,"template":"","format":"standard","meta":{"_monsterinsights_skip_tracking":false,"_monsterinsights_sitenote_active":false,"_monsterinsights_sitenote_note":"","_monsterinsights_sitenote_category":0,"footnotes":""},"categories":[51,49],"tags":[],"class_list":["post-244455","post","type-post","status-publish","format-standard","has-post-thumbnail","hentry","category-evidenza-top","category-news-18","category-51","category-49","description-off"],"img_url":"https:\/\/www.radiopiu.net\/wordpress\/wp-content\/uploads\/2021\/11\/a74f939b-1fbe-433c-8a55-5fafe6ef03f5.jpg","_links":{"self":[{"href":"https:\/\/www.radiopiu.net\/wordpress\/wp-json\/wp\/v2\/posts\/244455","targetHints":{"allow":["GET"]}}],"collection":[{"href":"https:\/\/www.radiopiu.net\/wordpress\/wp-json\/wp\/v2\/posts"}],"about":[{"href":"https:\/\/www.radiopiu.net\/wordpress\/wp-json\/wp\/v2\/types\/post"}],"author":[{"embeddable":true,"href":"https:\/\/www.radiopiu.net\/wordpress\/wp-json\/wp\/v2\/users\/4"}],"replies":[{"embeddable":true,"href":"https:\/\/www.radiopiu.net\/wordpress\/wp-json\/wp\/v2\/comments?post=244455"}],"version-history":[{"count":0,"href":"https:\/\/www.radiopiu.net\/wordpress\/wp-json\/wp\/v2\/posts\/244455\/revisions"}],"wp:featuredmedia":[{"embeddable":true,"href":"https:\/\/www.radiopiu.net\/wordpress\/wp-json\/wp\/v2\/media\/244462"}],"wp:attachment":[{"href":"https:\/\/www.radiopiu.net\/wordpress\/wp-json\/wp\/v2\/media?parent=244455"}],"wp:term":[{"taxonomy":"category","embeddable":true,"href":"https:\/\/www.radiopiu.net\/wordpress\/wp-json\/wp\/v2\/categories?post=244455"},{"taxonomy":"post_tag","embeddable":true,"href":"https:\/\/www.radiopiu.net\/wordpress\/wp-json\/wp\/v2\/tags?post=244455"}],"curies":[{"name":"wp","href":"https:\/\/api.w.org\/{rel}","templated":true}]}}