{"id":244490,"date":"2021-11-23T15:36:07","date_gmt":"2021-11-23T14:36:07","guid":{"rendered":"https:\/\/www.radiopiu.net\/wordpress\/?p=244490"},"modified":"2021-11-23T15:37:35","modified_gmt":"2021-11-23T14:37:35","slug":"un-parcheggio-disabili-a-falcade-alto-lo-chiede-la-minoranza","status":"publish","type":"post","link":"https:\/\/www.radiopiu.net\/wordpress\/un-parcheggio-disabili-a-falcade-alto-lo-chiede-la-minoranza\/","title":{"rendered":"UN PARCHEGGIO DISABILI A FALCADE ALTO, LO CHIEDE LA MINORANZA"},"content":{"rendered":"<p><a href=\"https:\/\/www.radiopiu.net\/wordpress\/un-parcheggio-disabili-a-falcade-alto-lo-chiede-la-minoranza\/631aae00-d713-4a08-88ff-9be07ad57d51\/\" rel=\"attachment wp-att-244491\"><img loading=\"lazy\" decoding=\"async\" class=\" wp-image-244491 alignleft\" src=\"https:\/\/www.radiopiu.net\/wordpress\/wp-content\/uploads\/2021\/11\/631aae00-d713-4a08-88ff-9be07ad57d51-210x300.jpg\" alt=\"\" width=\"191\" height=\"273\" srcset=\"https:\/\/www.radiopiu.net\/wordpress\/wp-content\/uploads\/2021\/11\/631aae00-d713-4a08-88ff-9be07ad57d51-210x300.jpg 210w, https:\/\/www.radiopiu.net\/wordpress\/wp-content\/uploads\/2021\/11\/631aae00-d713-4a08-88ff-9be07ad57d51-718x1024.jpg 718w, https:\/\/www.radiopiu.net\/wordpress\/wp-content\/uploads\/2021\/11\/631aae00-d713-4a08-88ff-9be07ad57d51-768x1096.jpg 768w, https:\/\/www.radiopiu.net\/wordpress\/wp-content\/uploads\/2021\/11\/631aae00-d713-4a08-88ff-9be07ad57d51.jpg 984w\" sizes=\"auto, (max-width: 191px) 100vw, 191px\" \/><\/a><strong>FALCADE<\/strong> Cesare Bon consigliere comunale con il &#8220;Gruppo Uniti per la Val Biois, Rilanciamo Falcade&#8221; torna a fare pressioni perch\u00e9 il Comune preveda un parcheggio per disabili a Falcade Alto.<em> &#8220;Dopo la risposta del sindaco Michele Costa dello scorso\u00a0 1 luglio &#8211; dice Cesare Bon &#8211; chiediamo quale soluzioni siano state trovate per il posto disabili a Falcade Alto. Da luglio siamo in attesa di una risposta con i tempi di realizzazione della segnaletica orizzontale e verticale. Attendiamo fiduciosi&#8221;.<\/em><\/p>\n<p>Lo scorso luglio il sindaco aveva risposto:<em> &#8220;Premesso che non ero a conoscenza del fatto che una persona disabile avesse una seconda casa a Falcade, nessuna altra richiesta era stata fatta fin&#8217;ora durante il mio mandato amministrativo, n\u00e8 dai gruppi consiliari, n\u00e8 da persone direttamente interessate al problema. Con la presente comunico che l&#8217;amministrazione si prender\u00e0 carico del problema per le conseguenti valutazioni e soluzioni&#8221;.<\/em><\/p>\n<p>Nel consiglio comunale di oggi pomeriggio \u00e8 gi\u00e0 arrivata la risposta del sindaco.<\/p>\n<p>&nbsp;<\/p>\n<p><a href=\"https:\/\/www.radiopiu.net\/wordpress\/un-parcheggio-disabili-a-falcade-alto-lo-chiede-la-minoranza\/pp-91\/\" rel=\"attachment wp-att-244493\"><img loading=\"lazy\" decoding=\"async\" class=\"wp-image-244493 alignleft\" src=\"https:\/\/www.radiopiu.net\/wordpress\/wp-content\/uploads\/2021\/11\/pp-1-300x300.jpg\" alt=\"\" width=\"144\" height=\"144\" srcset=\"https:\/\/www.radiopiu.net\/wordpress\/wp-content\/uploads\/2021\/11\/pp-1-300x300.jpg 300w, https:\/\/www.radiopiu.net\/wordpress\/wp-content\/uploads\/2021\/11\/pp-1-150x150.jpg 150w, https:\/\/www.radiopiu.net\/wordpress\/wp-content\/uploads\/2021\/11\/pp-1.jpg 640w\" sizes=\"auto, (max-width: 144px) 100vw, 144px\" \/><\/a><strong>CESARE BON<\/strong><\/p>\n<audio class=\"wp-audio-shortcode\" id=\"audio-244490-1\" preload=\"none\" style=\"width: 100%;\" controls=\"controls\"><source type=\"audio\/mpeg\" src=\"https:\/\/www.radiopiu.net\/wordpress\/wp-content\/uploads\/2021\/11\/cesare-bon.mp3?_=1\" \/><a href=\"https:\/\/www.radiopiu.net\/wordpress\/wp-content\/uploads\/2021\/11\/cesare-bon.mp3\">https:\/\/www.radiopiu.net\/wordpress\/wp-content\/uploads\/2021\/11\/cesare-bon.mp3<\/a><\/audio>\n<p>&nbsp;<\/p>\n<p><a href=\"https:\/\/www.radiopiu.net\/wordpress\/pomeriggio-in-piscina-lo-speciale-alla-radio\/6632bdb3-c5e1-4839-9833-8acee2a1072c\/\" rel=\"attachment wp-att-238228\"><img loading=\"lazy\" decoding=\"async\" class=\"wp-image-238228 alignleft\" src=\"https:\/\/www.radiopiu.net\/wordpress\/wp-content\/uploads\/2021\/10\/6632bdb3-c5e1-4839-9833-8acee2a1072c-300x169.jpg\" alt=\"\" width=\"206\" height=\"116\" srcset=\"https:\/\/www.radiopiu.net\/wordpress\/wp-content\/uploads\/2021\/10\/6632bdb3-c5e1-4839-9833-8acee2a1072c-300x169.jpg 300w, https:\/\/www.radiopiu.net\/wordpress\/wp-content\/uploads\/2021\/10\/6632bdb3-c5e1-4839-9833-8acee2a1072c-1024x576.jpg 1024w, https:\/\/www.radiopiu.net\/wordpress\/wp-content\/uploads\/2021\/10\/6632bdb3-c5e1-4839-9833-8acee2a1072c-768x432.jpg 768w, https:\/\/www.radiopiu.net\/wordpress\/wp-content\/uploads\/2021\/10\/6632bdb3-c5e1-4839-9833-8acee2a1072c-1536x864.jpg 1536w, https:\/\/www.radiopiu.net\/wordpress\/wp-content\/uploads\/2021\/10\/6632bdb3-c5e1-4839-9833-8acee2a1072c.jpg 1920w\" sizes=\"auto, (max-width: 206px) 100vw, 206px\" \/><\/a>Il sindaco di Falcade, Michele Costa ha preso visione della missiva di Bon prima del consiglio comunale, nel corso della seduta \u00e8 arrivata puntuale la risposta<\/p>\n<p><strong>MICHELE COSTA\u00a0<\/strong><\/p>\n<audio class=\"wp-audio-shortcode\" id=\"audio-244490-2\" preload=\"none\" style=\"width: 100%;\" controls=\"controls\"><source type=\"audio\/mpeg\" src=\"https:\/\/www.radiopiu.net\/wordpress\/wp-content\/uploads\/2021\/11\/MICHELE-COSTA.mp3?_=2\" \/><a href=\"https:\/\/www.radiopiu.net\/wordpress\/wp-content\/uploads\/2021\/11\/MICHELE-COSTA.mp3\">https:\/\/www.radiopiu.net\/wordpress\/wp-content\/uploads\/2021\/11\/MICHELE-COSTA.mp3<\/a><\/audio>\n<p>&nbsp;<\/p>\n<p>&nbsp;<\/p>\n<p>***<\/p>\n","protected":false},"excerpt":{"rendered":"<p>FALCADE Cesare Bon consigliere comunale con il &#8220;Gruppo Uniti per la Val Biois, Rilanciamo Falcade&#8221; torna a fare pressioni perch\u00e9 il Comune preveda un parcheggio per disabili a Falcade Alto. &#8220;Dopo la risposta del sindaco Michele Costa dello scorso\u00a0 1 luglio &#8211; dice Cesare Bon &#8211; chiediamo quale soluzioni siano state trovate per il posto&hellip;<\/p>\n","protected":false},"author":4,"featured_media":244494,"comment_status":"closed","ping_status":"open","sticky":false,"template":"","format":"standard","meta":{"_monsterinsights_skip_tracking":false,"_monsterinsights_sitenote_active":false,"_monsterinsights_sitenote_note":"","_monsterinsights_sitenote_category":0,"footnotes":""},"categories":[51,49],"tags":[],"class_list":["post-244490","post","type-post","status-publish","format-standard","has-post-thumbnail","hentry","category-evidenza-top","category-news-18","category-51","category-49","description-off"],"img_url":"https:\/\/www.radiopiu.net\/wordpress\/wp-content\/uploads\/2021\/11\/image_600.jpg","_links":{"self":[{"href":"https:\/\/www.radiopiu.net\/wordpress\/wp-json\/wp\/v2\/posts\/244490","targetHints":{"allow":["GET"]}}],"collection":[{"href":"https:\/\/www.radiopiu.net\/wordpress\/wp-json\/wp\/v2\/posts"}],"about":[{"href":"https:\/\/www.radiopiu.net\/wordpress\/wp-json\/wp\/v2\/types\/post"}],"author":[{"embeddable":true,"href":"https:\/\/www.radiopiu.net\/wordpress\/wp-json\/wp\/v2\/users\/4"}],"replies":[{"embeddable":true,"href":"https:\/\/www.radiopiu.net\/wordpress\/wp-json\/wp\/v2\/comments?post=244490"}],"version-history":[{"count":0,"href":"https:\/\/www.radiopiu.net\/wordpress\/wp-json\/wp\/v2\/posts\/244490\/revisions"}],"wp:featuredmedia":[{"embeddable":true,"href":"https:\/\/www.radiopiu.net\/wordpress\/wp-json\/wp\/v2\/media\/244494"}],"wp:attachment":[{"href":"https:\/\/www.radiopiu.net\/wordpress\/wp-json\/wp\/v2\/media?parent=244490"}],"wp:term":[{"taxonomy":"category","embeddable":true,"href":"https:\/\/www.radiopiu.net\/wordpress\/wp-json\/wp\/v2\/categories?post=244490"},{"taxonomy":"post_tag","embeddable":true,"href":"https:\/\/www.radiopiu.net\/wordpress\/wp-json\/wp\/v2\/tags?post=244490"}],"curies":[{"name":"wp","href":"https:\/\/api.w.org\/{rel}","templated":true}]}}