{"id":244626,"date":"2021-11-25T06:04:57","date_gmt":"2021-11-25T05:04:57","guid":{"rendered":"https:\/\/www.radiopiu.net\/wordpress\/?p=244626"},"modified":"2021-11-25T07:58:57","modified_gmt":"2021-11-25T06:58:57","slug":"giornale-radiopiu-25-novembre-2021-direttore-mirko-mezzacasa","status":"publish","type":"post","link":"https:\/\/www.radiopiu.net\/wordpress\/giornale-radiopiu-25-novembre-2021-direttore-mirko-mezzacasa\/","title":{"rendered":"GIORNALE RADIOPIU 25 NOVEMBRE 2021 DIRETTORE MIRKO MEZZACASA"},"content":{"rendered":"<h3 class=\"kvgmc6g5 cxmmr5t8 oygrvhab hcukyx3x c1et5uql\"><span style=\"color: #0000ff;\"><strong>INFORMAZIONE il canale su TELEGRAM informazione di prima mano e in tempo reale. iscriviti ed aiutaci a farlo conoscere\u00a0<\/strong><\/span><\/h3>\n<p>&nbsp;<\/p>\n<hr \/>\n<p>&nbsp;<\/p>\n<blockquote>\n<h1>QUEL IIII CHE NON E&#8217; UN IV<\/h1>\n<\/blockquote>\n<p>&nbsp;<\/p>\n<p><a href=\"https:\/\/www.radiopiu.net\/wordpress\/giornale-radiopiu-25-novembre-2021-direttore-mirko-mezzacasa\/505d187c-a5f3-48ff-85b8-146242d863b9\/\" rel=\"attachment wp-att-244828\"><img loading=\"lazy\" decoding=\"async\" class=\"size-medium wp-image-244828 alignleft\" src=\"https:\/\/www.radiopiu.net\/wordpress\/wp-content\/uploads\/2021\/11\/505d187c-a5f3-48ff-85b8-146242d863b9-225x300.jpg\" alt=\"\" width=\"225\" height=\"300\" srcset=\"https:\/\/www.radiopiu.net\/wordpress\/wp-content\/uploads\/2021\/11\/505d187c-a5f3-48ff-85b8-146242d863b9-225x300.jpg 225w, https:\/\/www.radiopiu.net\/wordpress\/wp-content\/uploads\/2021\/11\/505d187c-a5f3-48ff-85b8-146242d863b9-768x1024.jpg 768w, https:\/\/www.radiopiu.net\/wordpress\/wp-content\/uploads\/2021\/11\/505d187c-a5f3-48ff-85b8-146242d863b9.jpg 960w\" sizes=\"auto, (max-width: 225px) 100vw, 225px\" \/><\/a><strong><a href=\"https:\/\/www.radiopiu.net\/wordpress\/giornale-radiopiu-25-novembre-2021-direttore-mirko-mezzacasa\/94b0bca6-857a-4c6a-b7ac-7185347d1ac5\/\" rel=\"attachment wp-att-244830\"><img loading=\"lazy\" decoding=\"async\" class=\"size-medium wp-image-244830 alignleft\" src=\"https:\/\/www.radiopiu.net\/wordpress\/wp-content\/uploads\/2021\/11\/94b0bca6-857a-4c6a-b7ac-7185347d1ac5-300x169.jpg\" alt=\"\" width=\"300\" height=\"169\" srcset=\"https:\/\/www.radiopiu.net\/wordpress\/wp-content\/uploads\/2021\/11\/94b0bca6-857a-4c6a-b7ac-7185347d1ac5-300x169.jpg 300w, https:\/\/www.radiopiu.net\/wordpress\/wp-content\/uploads\/2021\/11\/94b0bca6-857a-4c6a-b7ac-7185347d1ac5-1024x576.jpg 1024w, https:\/\/www.radiopiu.net\/wordpress\/wp-content\/uploads\/2021\/11\/94b0bca6-857a-4c6a-b7ac-7185347d1ac5-768x432.jpg 768w, https:\/\/www.radiopiu.net\/wordpress\/wp-content\/uploads\/2021\/11\/94b0bca6-857a-4c6a-b7ac-7185347d1ac5-1536x864.jpg 1536w, https:\/\/www.radiopiu.net\/wordpress\/wp-content\/uploads\/2021\/11\/94b0bca6-857a-4c6a-b7ac-7185347d1ac5.jpg 1920w\" sizes=\"auto, (max-width: 300px) 100vw, 300px\" \/><\/a><\/strong><\/p>\n<p>&nbsp;<\/p>\n<p>&nbsp;<\/p>\n<p>&nbsp;<\/p>\n<p>&nbsp;<\/p>\n<p>&nbsp;<\/p>\n<p>&nbsp;<\/p>\n<p>&nbsp;<\/p>\n<p><strong>LA CURIOSITA&#8217;, di Barbara Benvegn\u00f9<\/strong><\/p>\n<p><strong>AGORDO<\/strong> &#8220;Ho messo questa foto su facebook l&#8217;altra mattina\u00a0 e una ragazza mi ha\u00a0 fatto notare che il 4 non \u00e8 in carattere romano IV&#8230; Non mi ero mai accorta&#8230; eppure l&#8217;avr\u00f2 guardato in tutti questi anni&#8230;<\/p>\n<div class=\"post-entry\">\n<p>Negli orologi con numeri romani non \u00e8 raro vedere il\u00a0numero quattro rappresentato in modi diversi, ma qual \u00e8 il modo corretto, IIII o IV? Esistono diverse possibili spiegazioni che giustificano le differenti scelte dei vari brand e tipi di orologio. La prima formula \u00e8 composta da quattro stanghette (IIII), mentre la seconda (IV) \u00e8 ottenuta per differenza (cio\u00e8, uno meno di cinque). Negli orologi, di solito, si preferisce la prima forma (IIII), sebbene questa non sia quella pi\u00f9 conosciuta e studiata. Tra le motivazioni quella religiosa, i romani non potevano utilizzare la forma \u201cIV\u201d per rappresentare il numero quattro perch\u00e9 coincideva con le iniziali del nome latino del dio Giove (Ivipeter) e la motivazione sociale: con l\u2019introduzione delle meridiane, la rappresentazione del quattro in formato additivo rendeva la lettura dell\u2019ora molto pi\u00f9 semplice per le persone prive di istruzione.<\/p>\n<p>&nbsp;<\/p>\n<\/div>\n<hr \/>\n<p>&nbsp;<\/p>\n<blockquote>\n<h3>PARCHEGGI SELVAGGI IN LUXOTTICA, VALCOZZENA. IL PADRONE DEL PRATO RECINTATO NON SARA&#8217; MOLTO FELICE DELLA TROVATA.<\/h3>\n<\/blockquote>\n<p><a href=\"https:\/\/www.radiopiu.net\/wordpress\/giornale-radiopiu-25-novembre-2021-direttore-mirko-mezzacasa\/260252224_1711309559058883_6200488520379053022_n\/\" rel=\"attachment wp-att-244870\"><img loading=\"lazy\" decoding=\"async\" class=\"alignnone size-full wp-image-244870\" src=\"https:\/\/www.radiopiu.net\/wordpress\/wp-content\/uploads\/2021\/11\/260252224_1711309559058883_6200488520379053022_n.jpg\" alt=\"\" width=\"275\" height=\"206\" \/><\/a><\/p>\n<p>&nbsp;<\/p>\n<p>&nbsp;<\/p>\n<p>&nbsp;<\/p>\n<hr \/>\n<p>&nbsp;<\/p>\n<h2 style=\"text-align: center;\"><span style=\"color: #ff0000;\">ATTENZIONE ALLA NUOVA TRUFFA SU WHATSAPP<\/span><\/h2>\n<p><strong><a href=\"https:\/\/www.radiopiu.net\/wordpress\/attenzione-alla-nuova-truffa-su-whatsapp\/whatsapp\/\" rel=\"attachment wp-att-244695\"><img loading=\"lazy\" decoding=\"async\" class=\" wp-image-244695 alignleft\" src=\"https:\/\/www.radiopiu.net\/wordpress\/wp-content\/uploads\/2021\/11\/WHATSAPP-300x279.jpg\" alt=\"\" width=\"127\" height=\"119\" srcset=\"https:\/\/www.radiopiu.net\/wordpress\/wp-content\/uploads\/2021\/11\/WHATSAPP-300x279.jpg 300w, https:\/\/www.radiopiu.net\/wordpress\/wp-content\/uploads\/2021\/11\/WHATSAPP-768x716.jpg 768w, https:\/\/www.radiopiu.net\/wordpress\/wp-content\/uploads\/2021\/11\/WHATSAPP.jpg 1024w\" sizes=\"auto, (max-width: 127px) 100vw, 127px\" \/><\/a>REDAZIONE<\/strong> Chi ha uno smartphone e usa i social per mettersi in contatto con le altre persone deve stare sempre pi\u00f9 in allerta. Dopo le mail con link in cui rubano dati personali e messaggi SMS con avvisi di pacchi in arrivo con relativo link che ha sempre la stessa funzione, ora arrivano anche i messaggi su Whatsapp da un numero straniero dove con la scusa della pandemia vengono chieste informazioni sulla situazione in Italia e l&#8217;invito a cliccare su un link per aggiungere il numero alla rubrica. L&#8217;importante \u00e8 non cliccare sul link in questione ed eliminare subito il messaggio. L&#8217;esempio nella foto che pubblichiamo.<\/p>\n\n\t\t\t<style type='text\/css'>\n\t\t\t\t#gallery-1 {\n\t\t\t\t\tmargin: auto;\n\t\t\t\t}\n\t\t\t\t#gallery-1 .gallery-item {\n\t\t\t\t\tfloat: left;\n\t\t\t\t\tmargin-top: 10px;\n\t\t\t\t\ttext-align: center;\n\t\t\t\t\twidth: 100%;\n\t\t\t\t}\n\t\t\t\t#gallery-1 img {\n\t\t\t\t\tborder: 2px solid #cfcfcf;\n\t\t\t\t}\n\t\t\t\t#gallery-1 .gallery-caption {\n\t\t\t\t\tmargin-left: 0;\n\t\t\t\t}\n\t\t\t\t\/* see gallery_shortcode() in wp-includes\/media.php *\/\n\t\t\t<\/style>\n\t\t<div id='gallery-1' class='dt-gallery-container gallery galleryid-244626 gallery-columns-1 gallery-size-medium'><dl class='gallery-item'>\n\t\t\t\t<dt class='gallery-icon landscape'>\n\t\t\t\t\t<a class=\"rollover rollover-zoom dt-pswp-item\" title=\"Schermata 2021-11-24 alle 10.12.41\" data-dt-img-description=\"\" data-large_image_width=\"882\" data-large_image_height=\"670\"href='https:\/\/www.radiopiu.net\/wordpress\/wp-content\/uploads\/2021\/11\/Schermata-2021-11-24-alle-10.12.41.png'><img loading=\"lazy\" decoding=\"async\" width=\"300\" height=\"228\" src=\"https:\/\/www.radiopiu.net\/wordpress\/wp-content\/uploads\/2021\/11\/Schermata-2021-11-24-alle-10.12.41-300x228.png\" class=\"attachment-medium size-medium\" alt=\"\" srcset=\"https:\/\/www.radiopiu.net\/wordpress\/wp-content\/uploads\/2021\/11\/Schermata-2021-11-24-alle-10.12.41-300x228.png 300w, https:\/\/www.radiopiu.net\/wordpress\/wp-content\/uploads\/2021\/11\/Schermata-2021-11-24-alle-10.12.41-768x583.png 768w, https:\/\/www.radiopiu.net\/wordpress\/wp-content\/uploads\/2021\/11\/Schermata-2021-11-24-alle-10.12.41.png 882w\" sizes=\"auto, (max-width: 300px) 100vw, 300px\" \/><\/a>\n\t\t\t\t<\/dt><\/dl><br style=\"clear: both\" \/>\n\t\t\t<\/div>\n\n<p>&nbsp;<\/p>\n<p>&nbsp;<\/p>\n<hr \/>\n<p>&nbsp;<\/p>\n<p><strong><a href=\"https:\/\/www.radiopiu.net\/wordpress\/lassessore-gianpaolo-bottacin-ribatte-alle-accuse-del-presidente-della-croce-verde-val-biois-stefano-murer\/croce-verde-val-biois-2\/\" rel=\"attachment wp-att-153811\"><img loading=\"lazy\" decoding=\"async\" class=\"wp-image-153811 alignleft\" src=\"https:\/\/www.radiopiu.net\/wordpress\/wp-content\/uploads\/2020\/08\/CROCE-VERDE-VAL-BIOIS-300x225.jpg\" alt=\"\" width=\"191\" height=\"143\" srcset=\"https:\/\/www.radiopiu.net\/wordpress\/wp-content\/uploads\/2020\/08\/CROCE-VERDE-VAL-BIOIS-300x225.jpg 300w, https:\/\/www.radiopiu.net\/wordpress\/wp-content\/uploads\/2020\/08\/CROCE-VERDE-VAL-BIOIS-1024x768.jpg 1024w, https:\/\/www.radiopiu.net\/wordpress\/wp-content\/uploads\/2020\/08\/CROCE-VERDE-VAL-BIOIS-768x576.jpg 768w, https:\/\/www.radiopiu.net\/wordpress\/wp-content\/uploads\/2020\/08\/CROCE-VERDE-VAL-BIOIS-1536x1153.jpg 1536w, https:\/\/www.radiopiu.net\/wordpress\/wp-content\/uploads\/2020\/08\/CROCE-VERDE-VAL-BIOIS.jpg 1599w\" sizes=\"auto, (max-width: 191px) 100vw, 191px\" \/><\/a><\/strong><\/p>\n<p><strong>La Croce Verde Val Biois, causa la carenza di volontari, ha emanato il calendario con i disservizi del mese di novembre.<\/strong><\/p>\n<p>Il calendario provvisorio: LUNEDI&#8217; 29 NOVEMBRE 2021 DALLE ORE 6:00 ALLE ORE 20:00.<\/p>\n<p><strong>\u00a0 \u00a0<\/strong><\/p>\n<p>&nbsp;<\/p>\n<p>&nbsp;<\/p>\n<p>&nbsp;<\/p>\n<hr \/>\n<p>&nbsp;<\/p>\n<blockquote>\n<blockquote>\n<blockquote>\n<h3>CHIUSURA DELLA PROVINCIALE 3 DI VALLE IMPERINA<\/h3>\n<\/blockquote>\n<p><strong><img loading=\"lazy\" decoding=\"async\" class=\"alignleft\" src=\"https:\/\/www.radiopiu.net\/wordpress\/wp-content\/uploads\/2021\/11\/d56ff87b-7cd1-4b77-8c69-2a01cc866a18.jpg\" width=\"68\" height=\"143\" \/>GOSALDO<\/strong> PROVINCIALE 3 VALLE IMPERINA: fino al 30 novembre esclusi sabato e domenica interruzione totale alla viabilit\u00e0\u00a0 per lavori di <a href=\"https:\/\/www.radiopiu.net\/wordpress\/iniziati-i-lavori-al-ponte-del-cristo-sulla-203-agordina\/ced07f80-a96b-45ee-a3d5-5dd6a16a320a\/\" rel=\"attachment wp-att-243364\"><img loading=\"lazy\" decoding=\"async\" class=\" wp-image-243364 alignright\" src=\"https:\/\/www.radiopiu.net\/wordpress\/wp-content\/uploads\/2021\/11\/ced07f80-a96b-45ee-a3d5-5dd6a16a320a-224x300.jpg\" alt=\"\" width=\"171\" height=\"229\" srcset=\"https:\/\/www.radiopiu.net\/wordpress\/wp-content\/uploads\/2021\/11\/ced07f80-a96b-45ee-a3d5-5dd6a16a320a-224x300.jpg 224w, https:\/\/www.radiopiu.net\/wordpress\/wp-content\/uploads\/2021\/11\/ced07f80-a96b-45ee-a3d5-5dd6a16a320a-766x1024.jpg 766w, https:\/\/www.radiopiu.net\/wordpress\/wp-content\/uploads\/2021\/11\/ced07f80-a96b-45ee-a3d5-5dd6a16a320a-768x1027.jpg 768w, https:\/\/www.radiopiu.net\/wordpress\/wp-content\/uploads\/2021\/11\/ced07f80-a96b-45ee-a3d5-5dd6a16a320a-1149x1536.jpg 1149w, https:\/\/www.radiopiu.net\/wordpress\/wp-content\/uploads\/2021\/11\/ced07f80-a96b-45ee-a3d5-5dd6a16a320a.jpg 1496w\" sizes=\"auto, (max-width: 171px) 100vw, 171px\" \/><\/a>messa in sicurezza:\u00a0 dalle 8 alle 12.45; dalle 13.45 alle 16 e dalle 16.30 alle 17.30 nei periodi non interessati dalla chiusura senso unico alternato con semaforo anche nei giorni festivi e prefestivi.<\/p>\n<p><strong>347 DURAN<\/strong>, chiusa in localit\u00e0 Dont fino al 4 dicembre dalle 8 alle 12 e dalle 13.30 alle 17.30<\/p>\n<p><strong>COLLE SANTA LUCIA 638 PASSO GIAU <\/strong>fino al 15 dicembre, tutti i giorni sono previste interruzioni fino a 15 minuti tra le 8 del mattino e le 17 del pomeriggio, negli altri orari senso unico alternato regolato da impianto semaforico.<\/p>\n<p><strong>SP 3 VALLE IMPERINA\u00a0<\/strong>dal 9 al 23 dicembre compresi sabato e domenica senso unico alternato regolato da impianto semaforico in localit\u00e0 Zenich di Rivamonte per consolidamento della strada<\/p><\/blockquote>\n<\/blockquote>\n<p>&nbsp;<\/p>\n<hr \/>\n<p>&nbsp;<\/p>\n<div class=\"page-title-head hgroup\">\n<blockquote>\n<h3 class=\"entry-title\">MUORE A 15 ANNI IN BICICLETTA,\u00a0 PER UN MALORE<\/h3>\n<\/blockquote>\n<\/div>\n<div class=\"page-title-breadcrumbs\"><a href=\"https:\/\/www.radiopiu.net\/wordpress\/muore-a-15-anni-per-un-malore-in-bicicletta\/258087125_10220127459639620_1567549040086147232_n\/\" rel=\"attachment wp-att-244877\"><img loading=\"lazy\" decoding=\"async\" class=\" wp-image-244877 alignleft\" src=\"https:\/\/www.radiopiu.net\/wordpress\/wp-content\/uploads\/2021\/11\/258087125_10220127459639620_1567549040086147232_n-300x300.jpg\" alt=\"\" width=\"234\" height=\"234\" srcset=\"https:\/\/www.radiopiu.net\/wordpress\/wp-content\/uploads\/2021\/11\/258087125_10220127459639620_1567549040086147232_n-300x300.jpg 300w, https:\/\/www.radiopiu.net\/wordpress\/wp-content\/uploads\/2021\/11\/258087125_10220127459639620_1567549040086147232_n-1024x1020.jpg 1024w, https:\/\/www.radiopiu.net\/wordpress\/wp-content\/uploads\/2021\/11\/258087125_10220127459639620_1567549040086147232_n-150x150.jpg 150w, https:\/\/www.radiopiu.net\/wordpress\/wp-content\/uploads\/2021\/11\/258087125_10220127459639620_1567549040086147232_n-768x765.jpg 768w, https:\/\/www.radiopiu.net\/wordpress\/wp-content\/uploads\/2021\/11\/258087125_10220127459639620_1567549040086147232_n.jpg 1440w\" sizes=\"auto, (max-width: 234px) 100vw, 234px\" \/><\/a><br \/>\n<strong>SOSPIROLO<\/strong> Luciano De Lorenzo se n&#8217;\u00e8 andato per sempre sabato pomeriggio, dopo un giro con il pap\u00e0 Michele. Un malore fatale a 15 anni. I funerali\u00a0 sabato, alle 14.30, nella chiesa arcipretale di Sospirolo. Luciano e Michele erano partiti insieme dalla casa di Gron Belvedere per fare l&#8217;uscita in bici. Mentre stava pedalando il ragazzo si \u00e8 sentito male ed \u00e8 caduto a terra. Il padre se n&#8217;\u00e8 accorto subito e si \u00e8 fermato, cercando di prestargli i primi soccorsi, dopo aver telefonato al 118. Luciano frequentava la seconda del corso per diventare elettricisti, nell&#8217;istituto di via Stadio. Un malore lo ha strappato alla vita, sar\u00e0 l&#8217;autopsia a chiarire cosa sia accaduto, di certo Luciano non aveva ancora ricevuto alcuna dose di vaccino anti covidMichele ha lavorato a lungo come disc-jockey in una serie di discoteche svizzere, tra Chur, Zurigo, Thal e Laax con il nome d&#8217;arte di dj Energy. Negli ultimi anni, aveva suonato anche in provincia di Belluno nome d&#8217;arte di dj Energy.<\/div>\n<p><a href=\"https:\/\/www.radiopiu.net\/wordpress\/giornale-radiopiu-25-novembre-2021-direttore-mirko-mezzacasa\/a4ce92fa-0a1f-420f-a70c-df62a2e5c9eb\/\" rel=\"attachment wp-att-244884\"><img loading=\"lazy\" decoding=\"async\" class=\"alignnone size-medium wp-image-244884\" src=\"https:\/\/www.radiopiu.net\/wordpress\/wp-content\/uploads\/2021\/11\/a4ce92fa-0a1f-420f-a70c-df62a2e5c9eb-212x300.jpg\" alt=\"\" width=\"212\" height=\"300\" srcset=\"https:\/\/www.radiopiu.net\/wordpress\/wp-content\/uploads\/2021\/11\/a4ce92fa-0a1f-420f-a70c-df62a2e5c9eb-212x300.jpg 212w, https:\/\/www.radiopiu.net\/wordpress\/wp-content\/uploads\/2021\/11\/a4ce92fa-0a1f-420f-a70c-df62a2e5c9eb.jpg 508w\" sizes=\"auto, (max-width: 212px) 100vw, 212px\" \/><\/a><\/p>\n<p>&nbsp;<\/p>\n<p>&nbsp;<\/p>\n<hr \/>\n<div class=\"page-title-head hgroup\">\n<blockquote>\n<h3 class=\"entry-title\"><\/h3>\n<h3 class=\"entry-title\">TROVATA E RECUPERATA ESCURSIONISTA TEDESCA SOTTO LE TRE CIME DI LAVAREDO<\/h3>\n<\/blockquote>\n<\/div>\n<div class=\"page-title-breadcrumbs\"><strong><img loading=\"lazy\" decoding=\"async\" class=\"alignleft\" src=\"https:\/\/www.radiopiu.net\/wordpress\/wp-content\/uploads\/2019\/06\/via-grohmann-hainz-TRE-CIME-DI-LAVAREDO.jpg\" width=\"97\" height=\"138\" \/>AURONZO<\/strong> \u00c8 stata individuata dal faro del Pelikan l&#8217;escursionista tedesca, per la cui ricerca si erano mossi dal pomeriggio il Soccorso alpino bellunese e altoatesino, dopo che la donna aveva chiamato perso il sentiero e scivolata. L&#8217;equipaggio la ha vista sotto Forcella Rin Bianco, recuperata attorno alle 21.30 e trasportata all&#8217;ospedale di Bressanone per gli accertamenti del caso. Parcheggiata l&#8217;auto al Lago di Antorno, l&#8217;escursionista era partita in direzione del Rifugio Auronzo, ma, salita da un percorso errato, era scivolata perdendo gli occhiali e non riuscendo pi\u00f9 a orientarsi. Scattato l&#8217;allarme verso le 17.20, si erano mosse le squadre del Soccorso alpino di Auronzo e Cortina assieme al Sagf di Auronzo e Cortina per perlustrare tutta l&#8217;area bellunese sotto le Tre Cime e Monte Piana, mentre sul versante altoatesino si muovevano il Soccorso alpino di Sesto e Dobbiaco e il Sagf di Prato alla Drava e Dobbiaco.<\/div>\n<p>&nbsp;<\/p>\n<p>&nbsp;<\/p>\n<hr \/>\n<blockquote>\n<h3><\/h3>\n<h3>INCIDENTE IN CENTRO, DUE MEZZI COINVOLTI<\/h3>\n<\/blockquote>\n<p><strong><a href=\"https:\/\/www.radiopiu.net\/wordpress\/incidente-in-centro-due-mezzi-coinvolti\/70834e9f-bb65-4557-a158-9cd56de85d7b-2\/\" rel=\"attachment wp-att-244818\"><img loading=\"lazy\" decoding=\"async\" class=\" wp-image-244818 alignleft\" src=\"https:\/\/www.radiopiu.net\/wordpress\/wp-content\/uploads\/2021\/11\/70834e9f-bb65-4557-a158-9cd56de85d7b-1-169x300.jpg\" alt=\"\" width=\"114\" height=\"202\" srcset=\"https:\/\/www.radiopiu.net\/wordpress\/wp-content\/uploads\/2021\/11\/70834e9f-bb65-4557-a158-9cd56de85d7b-1-169x300.jpg 169w, https:\/\/www.radiopiu.net\/wordpress\/wp-content\/uploads\/2021\/11\/70834e9f-bb65-4557-a158-9cd56de85d7b-1-576x1024.jpg 576w, https:\/\/www.radiopiu.net\/wordpress\/wp-content\/uploads\/2021\/11\/70834e9f-bb65-4557-a158-9cd56de85d7b-1-768x1366.jpg 768w, https:\/\/www.radiopiu.net\/wordpress\/wp-content\/uploads\/2021\/11\/70834e9f-bb65-4557-a158-9cd56de85d7b-1-864x1536.jpg 864w, https:\/\/www.radiopiu.net\/wordpress\/wp-content\/uploads\/2021\/11\/70834e9f-bb65-4557-a158-9cd56de85d7b-1.jpg 899w\" sizes=\"auto, (max-width: 114px) 100vw, 114px\" \/><\/a>CENCENIGHE<\/strong> Traffico a rilento ieri attorno alle 17 in centro a Cencenighe al bivio per la Valle del Biois. Sulla rotonda due mezzi sono entrati in collisione, i tempi per i rilievi da parte dei carabinieri, la messa in sicurezza dei mezzi con i vigili del fuoco e il recupero delle auto incidentate \u00e8 stata la causa di lunghe code che si sono formate lungo la 346 scendendo da Falcade in galleria delle Anime e lungo la regionale 203 agordina per la valle del Cordevole. Non si registrano feriti.<\/p>\n<p>&nbsp;<\/p>\n<p>&nbsp;<\/p>\n<p>&nbsp;<\/p>\n<p>&nbsp;<\/p>\n<hr \/>\n<p>&nbsp;<\/p>\n<blockquote>\n<h3>Oggi alle 14.30 a Canale d&#8217;Agordo i funerali di Giulia Fontanive, vedova Cagnati di 103 anni. Lo annunciano i figli Dante, Raffaele, Felice, nuore, nipoti, pronipoti, cognata e parenti tutti. La famiglia ringrazia per la grande dimostrazione di affetto, un grazie particolare al dottor Tomaselli<\/h3>\n<\/blockquote>\n<p>&nbsp;<\/p>\n<p>&nbsp;<\/p>\n<hr \/>\n<p>&nbsp;<\/p>\n<blockquote>\n<h3>FURTI IN SETTE ABITAZIONI, LADRI INCAPPUCCIATI. SPARITA LA RANGE ROVER<\/h3>\n<\/blockquote>\n<p>&nbsp;<\/p>\n<p><strong><img decoding=\"async\" class=\"alignleft\" src=\"https:\/\/www.radiopiu.net\/wordpress\/wp-content\/uploads\/2021\/02\/Ladri-e-vandali-a-Borca-2-1.jpg\" \/>BELLUNO<\/strong> Ancora una volta hanno la meglio i ladri e le telecamere pur avendo svolto il loro servizio hanno immortalato volti incappucciati, Riecco i malviventi all&#8217;opera nel tardo pomeriggio a Castion. Tre ladri in sette case di Cirvoi, pi\u00f9 altre due in cui il furto non \u00e8 andato a segno.\u00a0 Dopo Cirvoi, si sono spostati un paio di chilometri sotto, nella frazione di Madeago, dove hanno rubato la Range Rover di Flavio Dal Farra, il titolare della ditta Dal Farra Legnami. I ladri sono stati ripresi da alcune telecamere a Cirvoi.\u00a0 Si vedono molto bene anche se sono incappucciati e sar\u00e0 molto difficile dagli un nome. \u00a0Rubati i pochi euro in contante ma anche un anello prezioso. Da una casa sono scappati, dopo aver forzato la porta, perch\u00e8 spaventati dal\u00a0 grosso cane.<\/p>\n<p>&nbsp;<\/p>\n<hr \/>\n<p>&nbsp;<\/p>\n<blockquote>\n<h3>CINQUE ABITAZIONI VISITATE DAI LADRI A FOEN<\/h3>\n<\/blockquote>\n<p><strong><img loading=\"lazy\" decoding=\"async\" class=\"alignleft\" src=\"https:\/\/www.radiopiu.net\/wordpress\/wp-content\/uploads\/2021\/11\/istockphoto-459021293-170667a.jpg\" width=\"211\" height=\"152\" \/>FELTRE<\/strong> Ladri a Foen, hanno preso di mira la cassaforte a muro utilizzando un flessibile e hanno trafugato gioielli e ricordi di famiglia. Bottino di alcune migliaia di euro nella casa di Nunzio Gorza in via Facina. Quattro case visitate cui va aggiunto un quinto colpo fallito e un altro episodio, avvenuto nelle stesse ore ad Arten di Fonzaso. I ladri hanno mostrato grande agilit\u00e0 e rapidit\u00e0 di movimento, arrampicandosi, dove necessario, ai poggioli del primo piano.\u00a0 Dei vari colpi si stanno occupando i carabinieri di Feltre: 4\u00a0 a Foen. Da Gorza\u00a0 hanno portato via tutto lasciando solo un ciondolo che evidentemente non pensavano fosse d&#8217;oro. Nelle altre abitazioni visitate a Foen hanno asportato monili e soldi. Infine un colpo fallito perch\u00e9 in casa c&#8217;era una ragazza che ha acceso la luce mettendo in fuga i malviventi. Ad Arten rubato un portafoglio con 100 euro<\/p>\n<p>&nbsp;<\/p>\n<hr \/>\n<p>&nbsp;<\/p>\n<blockquote>\n<h3>ARRESTATI A SAVONA GLI AUTORI DELLA TRUFFA AGLI ANZIANI, AVEVANO COLPITO ANCHE A BELLUNO<\/h3>\n<\/blockquote>\n<p>&nbsp;<\/p>\n<p><strong><img loading=\"lazy\" decoding=\"async\" class=\"alignleft\" src=\"https:\/\/www.radiopiu.net\/wordpress\/wp-content\/uploads\/2018\/03\/truffa-anziana-610x264.jpg\" width=\"233\" height=\"101\" \/>SAVONA<\/strong> I napoletani Davide Crisai, 55 anni e Marco Parente, di 28 sono stati arrestati, tra i mesi di giugno e ottobre, hanno truffato gli anziani rubando almeno 60 mila euro. Arrestati dai carabinieri di Savona per truffa aggravata, estorsione e possesso di documenti contraffatti.\u00a0 Le vittime ricevevano una telefonata da parte di una donna, che si qualificava come avvocato. Venivano informate dell&#8217;arresto della figlia, responsabile di aver investito sulle strisce un anziano, riducendolo in fin di vita. Per evitarle il carcere, il sedicente legale indicava una scappatoia: il pagamento di una cauzione, che poteva variare da 5 mila e 25 mila euro. Raggiungevano una citt\u00e0 e ci rimanevano due giorni, il tempo necessario a permettere al fantomatico avvocato di fare le telefonate a numeri fissi e individuare la vittima. Dopo essere passati per Savona, Imperia, Verona, Belluno e Cuneo, \u00e8 stata fatale la seconda trasferta in Piemonte del 18 ottobre. I carabinieri di Savona hanno fermato i due in un albergo, dopo la truffa a una 84enne<\/p>\n<p>&nbsp;<\/p>\n<p>&nbsp;<\/p>\n<hr \/>\n<p>&nbsp;<\/p>\n<blockquote>\n<h3>L&#8217;AGORDINO PERDE UN ALTRO SERVIZIO, CHIUSO L&#8217;UFFICIO SIAE DI CENCENIGHE<\/h3>\n<\/blockquote>\n<p><strong><a href=\"https:\/\/www.radiopiu.net\/wordpress\/giornale-radiopiu-25-novembre-2021-direttore-mirko-mezzacasa\/th-258\/\" rel=\"attachment wp-att-244881\"><img loading=\"lazy\" decoding=\"async\" class=\" wp-image-244881 alignleft\" src=\"https:\/\/www.radiopiu.net\/wordpress\/wp-content\/uploads\/2021\/11\/th-25-300x151.jpg\" alt=\"\" width=\"153\" height=\"77\" srcset=\"https:\/\/www.radiopiu.net\/wordpress\/wp-content\/uploads\/2021\/11\/th-25-300x151.jpg 300w, https:\/\/www.radiopiu.net\/wordpress\/wp-content\/uploads\/2021\/11\/th-25.jpg 325w\" sizes=\"auto, (max-width: 153px) 100vw, 153px\" \/><\/a>REDAZIONE<\/strong> C&#8217;era Rino Da Campo e c&#8217;era l&#8217;ufficio Siae ad Agordo in localit\u00e0 Pragrande. Con il suo pensionamento subentr\u00f2 Angelo Ramazzina che l&#8217;ufficio lo apr\u00ec a Cencenighe, Nof Filo&#8217;, utilissimo per la vallata. Con l&#8217;uscita di Ramazzina si sono definitivamente chiuse e da mesi le porte dell&#8217;ufficio di Cencenighe con l&#8217;attivit\u00e0 lasciata nelle mani del responsabile del punto Siae di Belluno e Valbelluna che ora si occuper\u00e0 anche dell&#8217;Agordino, facile in tempi di covid con locali chiusi, sagre annullate, eventi cancellati, ma quando inizieranno le stagioni la musica &#8211; per restare in tema &#8211; cambier\u00e0. Per La Siae l&#8217;ufficio di Cencenighe \u00e8 anti economico mentre nella vicina Val di Fassa gli uffici sono aperti e i funzionari in attivit\u00e0 con precisione e vicinanza al territorio<\/p>\n<p>&nbsp;<\/p>\n<hr \/>\n<p>&nbsp;<\/p>\n<blockquote>\n<h3>IERI, IL VIDEO PIU&#8217; CLICCATO SUL SITO DI RADIO PIU<\/h3>\n<\/blockquote>\n<blockquote class=\"wp-embedded-content\" data-secret=\"lKWFgoXPfn\"><p><a href=\"https:\/\/www.radiopiu.net\/wordpress\/posizionata-la-passerella-sul-torrente-zunaia-ad-alleghe\/\">POSIZIONATA LA PASSERELLA SUL TORRENTE ZUNAIA AD ALLEGHE<\/a><\/p><\/blockquote>\n<p><iframe loading=\"lazy\" class=\"wp-embedded-content\" sandbox=\"allow-scripts\" security=\"restricted\" style=\"position: absolute; clip: rect(1px, 1px, 1px, 1px);\" title=\"&#8220;POSIZIONATA LA PASSERELLA SUL TORRENTE ZUNAIA AD ALLEGHE&#8221; &#8212; Radio Pi\u00f9\" src=\"https:\/\/www.radiopiu.net\/wordpress\/posizionata-la-passerella-sul-torrente-zunaia-ad-alleghe\/embed\/#?secret=lKWFgoXPfn\" data-secret=\"lKWFgoXPfn\" width=\"600\" height=\"338\" frameborder=\"0\" marginwidth=\"0\" marginheight=\"0\" scrolling=\"no\"><\/iframe><\/p>\n<p>&nbsp;<\/p>\n<blockquote>\n<h2>E L&#8217;ARTICOLO PIU&#8217; LETTO IN RIVA AL LAGO<\/h2>\n<\/blockquote>\n<p>&nbsp;<\/p>\n<blockquote class=\"wp-embedded-content\" data-secret=\"frQGuqZXWx\"><p><a href=\"https:\/\/www.radiopiu.net\/wordpress\/nelle-citta-alleghe-a-caratteri-cubitali\/\">NELLE CITTA&#8217; ALLEGHE A CARATTERI CUBITALI<\/a><\/p><\/blockquote>\n<p><iframe loading=\"lazy\" class=\"wp-embedded-content\" sandbox=\"allow-scripts\" security=\"restricted\" style=\"position: absolute; clip: rect(1px, 1px, 1px, 1px);\" title=\"&#8220;NELLE CITTA&#8217; ALLEGHE A CARATTERI CUBITALI&#8221; &#8212; Radio Pi\u00f9\" src=\"https:\/\/www.radiopiu.net\/wordpress\/nelle-citta-alleghe-a-caratteri-cubitali\/embed\/#?secret=frQGuqZXWx\" data-secret=\"frQGuqZXWx\" width=\"600\" height=\"338\" frameborder=\"0\" marginwidth=\"0\" marginheight=\"0\" scrolling=\"no\"><\/iframe><\/p>\n<p>&nbsp;<\/p>\n<p>&nbsp;<\/p>\n<p>&nbsp;<\/p>\n<hr \/>\n<p>&nbsp;<\/p>\n<blockquote class=\"wp-embedded-content\" data-secret=\"PDi011Br9g\"><p><a href=\"https:\/\/www.radiopiu.net\/wordpress\/aggiornamentonov24\/\">CORONAVIRUS: AGGIORNAMENTO NAZIONALE 24 NOVEMBRE  2021<\/a><\/p><\/blockquote>\n<p><iframe loading=\"lazy\" class=\"wp-embedded-content\" sandbox=\"allow-scripts\" security=\"restricted\" style=\"position: absolute; clip: rect(1px, 1px, 1px, 1px);\" title=\"&#8220;CORONAVIRUS: AGGIORNAMENTO NAZIONALE 24 NOVEMBRE  2021&#8221; &#8212; Radio Pi\u00f9\" src=\"https:\/\/www.radiopiu.net\/wordpress\/aggiornamentonov24\/embed\/#?secret=PDi011Br9g\" data-secret=\"PDi011Br9g\" width=\"600\" height=\"338\" frameborder=\"0\" marginwidth=\"0\" marginheight=\"0\" scrolling=\"no\"><\/iframe><\/p>\n<p>&nbsp;<\/p>\n<blockquote class=\"wp-embedded-content\" data-secret=\"mVWZVPxDIn\"><p><a href=\"https:\/\/www.radiopiu.net\/wordpress\/sempre-in-aumento-i-ricoveri-in-area-non-critica-quattro-decessi-e-1931-nuovi-positivi-in-veneto-nelle-ultime-24-ore\/\">SEMPRE IN AUMENTO I RICOVERI IN AREA NON CRITICA. QUATTRO DECESSI E 1931 NUOVI POSITIVI IN VENETO NELLE ULTIME 24 ORE<\/a><\/p><\/blockquote>\n<p><iframe loading=\"lazy\" class=\"wp-embedded-content\" sandbox=\"allow-scripts\" security=\"restricted\" style=\"position: absolute; clip: rect(1px, 1px, 1px, 1px);\" title=\"&#8220;SEMPRE IN AUMENTO I RICOVERI IN AREA NON CRITICA. QUATTRO DECESSI E 1931 NUOVI POSITIVI IN VENETO NELLE ULTIME 24 ORE&#8221; &#8212; Radio Pi\u00f9\" src=\"https:\/\/www.radiopiu.net\/wordpress\/sempre-in-aumento-i-ricoveri-in-area-non-critica-quattro-decessi-e-1931-nuovi-positivi-in-veneto-nelle-ultime-24-ore\/embed\/#?secret=mVWZVPxDIn\" data-secret=\"mVWZVPxDIn\" width=\"600\" height=\"338\" frameborder=\"0\" marginwidth=\"0\" marginheight=\"0\" scrolling=\"no\"><\/iframe><\/p>\n<p>&nbsp;<\/p>\n<h2>I GRAFICI DI TIZIANO DE COL<\/h2>\n\n\t\t\t<style type='text\/css'>\n\t\t\t\t#gallery-2 {\n\t\t\t\t\tmargin: auto;\n\t\t\t\t}\n\t\t\t\t#gallery-2 .gallery-item {\n\t\t\t\t\tfloat: left;\n\t\t\t\t\tmargin-top: 10px;\n\t\t\t\t\ttext-align: center;\n\t\t\t\t\twidth: 33%;\n\t\t\t\t}\n\t\t\t\t#gallery-2 img {\n\t\t\t\t\tborder: 2px solid #cfcfcf;\n\t\t\t\t}\n\t\t\t\t#gallery-2 .gallery-caption {\n\t\t\t\t\tmargin-left: 0;\n\t\t\t\t}\n\t\t\t\t\/* see gallery_shortcode() in wp-includes\/media.php *\/\n\t\t\t<\/style>\n\t\t<div id='gallery-2' class='dt-gallery-container gallery galleryid-244626 gallery-columns-3 gallery-size-thumbnail'><dl class='gallery-item'>\n\t\t\t\t<dt class='gallery-icon landscape'>\n\t\t\t\t\t<a class=\"rollover rollover-zoom dt-pswp-item\" title=\"9e571445-0437-408c-937e-42b3555f240c\" data-dt-img-description=\"\" data-large_image_width=\"589\" data-large_image_height=\"354\"href='https:\/\/www.radiopiu.net\/wordpress\/wp-content\/uploads\/2021\/11\/9e571445-0437-408c-937e-42b3555f240c.jpg'><img loading=\"lazy\" decoding=\"async\" width=\"150\" height=\"150\" src=\"https:\/\/www.radiopiu.net\/wordpress\/wp-content\/uploads\/2021\/11\/9e571445-0437-408c-937e-42b3555f240c-150x150.jpg\" class=\"attachment-thumbnail size-thumbnail\" alt=\"\" \/><\/a>\n\t\t\t\t<\/dt><\/dl><dl class='gallery-item'>\n\t\t\t\t<dt class='gallery-icon landscape'>\n\t\t\t\t\t<a class=\"rollover rollover-zoom dt-pswp-item\" title=\"c444d996-6f0f-4169-98e8-851e30ba4a56\" data-dt-img-description=\"\" data-large_image_width=\"602\" data-large_image_height=\"352\"href='https:\/\/www.radiopiu.net\/wordpress\/wp-content\/uploads\/2021\/11\/c444d996-6f0f-4169-98e8-851e30ba4a56.jpg'><img loading=\"lazy\" decoding=\"async\" width=\"150\" height=\"150\" src=\"https:\/\/www.radiopiu.net\/wordpress\/wp-content\/uploads\/2021\/11\/c444d996-6f0f-4169-98e8-851e30ba4a56-150x150.jpg\" class=\"attachment-thumbnail size-thumbnail\" alt=\"\" \/><\/a>\n\t\t\t\t<\/dt><\/dl><dl class='gallery-item'>\n\t\t\t\t<dt class='gallery-icon landscape'>\n\t\t\t\t\t<a class=\"rollover rollover-zoom dt-pswp-item\" title=\"4d277d36-39d8-4b23-a419-37773495ab4e\" data-dt-img-description=\"\" data-large_image_width=\"600\" data-large_image_height=\"357\"href='https:\/\/www.radiopiu.net\/wordpress\/wp-content\/uploads\/2021\/11\/4d277d36-39d8-4b23-a419-37773495ab4e.jpg'><img loading=\"lazy\" decoding=\"async\" width=\"150\" height=\"150\" src=\"https:\/\/www.radiopiu.net\/wordpress\/wp-content\/uploads\/2021\/11\/4d277d36-39d8-4b23-a419-37773495ab4e-150x150.jpg\" class=\"attachment-thumbnail size-thumbnail\" alt=\"\" \/><\/a>\n\t\t\t\t<\/dt><\/dl><br style=\"clear: both\" \/><dl class='gallery-item'>\n\t\t\t\t<dt class='gallery-icon landscape'>\n\t\t\t\t\t<a class=\"rollover rollover-zoom dt-pswp-item\" title=\"328e824f-20a6-4f1f-85f3-93c2bb4b6c71\" data-dt-img-description=\"\" data-large_image_width=\"608\" data-large_image_height=\"354\"href='https:\/\/www.radiopiu.net\/wordpress\/wp-content\/uploads\/2021\/11\/328e824f-20a6-4f1f-85f3-93c2bb4b6c71.jpg'><img loading=\"lazy\" decoding=\"async\" width=\"150\" height=\"150\" src=\"https:\/\/www.radiopiu.net\/wordpress\/wp-content\/uploads\/2021\/11\/328e824f-20a6-4f1f-85f3-93c2bb4b6c71-150x150.jpg\" class=\"attachment-thumbnail size-thumbnail\" alt=\"\" \/><\/a>\n\t\t\t\t<\/dt><\/dl><dl class='gallery-item'>\n\t\t\t\t<dt class='gallery-icon landscape'>\n\t\t\t\t\t<a class=\"rollover rollover-zoom dt-pswp-item\" title=\"a63d4b53-318d-47f5-b7e2-79097f2ac524\" data-dt-img-description=\"\" data-large_image_width=\"608\" data-large_image_height=\"355\"href='https:\/\/www.radiopiu.net\/wordpress\/wp-content\/uploads\/2021\/11\/a63d4b53-318d-47f5-b7e2-79097f2ac524.jpg'><img loading=\"lazy\" decoding=\"async\" width=\"150\" height=\"150\" src=\"https:\/\/www.radiopiu.net\/wordpress\/wp-content\/uploads\/2021\/11\/a63d4b53-318d-47f5-b7e2-79097f2ac524-150x150.jpg\" class=\"attachment-thumbnail size-thumbnail\" alt=\"\" \/><\/a>\n\t\t\t\t<\/dt><\/dl>\n\t\t\t\t<br style='clear: both' \/>\n\t\t\t<\/div>\n\n<p>&nbsp;<\/p>\n<p>&nbsp;<\/p>\n<hr \/>\n<p>&nbsp;<\/p>\n<blockquote>\n<h3>TERZA DOSE: AMPLIAMENTO DELL&#8217;OFFERTA<\/h3>\n<\/blockquote>\n<p><strong><a href=\"https:\/\/www.radiopiu.net\/wordpress\/tamponi-in-modalita-drive-in-al-san-martino-di-belluno\/tamponi-drive-in-2\/\" rel=\"attachment wp-att-136984\"><img loading=\"lazy\" decoding=\"async\" class=\" wp-image-136984 alignleft\" src=\"https:\/\/www.radiopiu.net\/wordpress\/wp-content\/uploads\/2020\/05\/tamponi-drive-in-1-225x300.jpg\" alt=\"\" width=\"128\" height=\"171\" srcset=\"https:\/\/www.radiopiu.net\/wordpress\/wp-content\/uploads\/2020\/05\/tamponi-drive-in-1-225x300.jpg 225w, https:\/\/www.radiopiu.net\/wordpress\/wp-content\/uploads\/2020\/05\/tamponi-drive-in-1-768x1023.jpg 768w, https:\/\/www.radiopiu.net\/wordpress\/wp-content\/uploads\/2020\/05\/tamponi-drive-in-1-1153x1536.jpg 1153w, https:\/\/www.radiopiu.net\/wordpress\/wp-content\/uploads\/2020\/05\/tamponi-drive-in-1.jpg 1200w\" sizes=\"auto, (max-width: 128px) 100vw, 128px\" \/><\/a>BELLUNO<\/strong> L\u2019ulss Dolomiti, in relazione all\u2019importante ripresa epidemica e alla possibilit\u00e0 di anticipare la terza dose di vaccino anti covid dopo 150 giorni dalla seconda dose ha fortemente potenziato l\u2019offerta vaccinale. In prima battuta sono stati attivati oltre 10 mila nuovi posti presso il centro vaccinale di Sedico che sar\u00e0 attivo tutti i giorni (domenica inclusa) da venerd\u00ec 26 novembre nella fascia oraria 9.00- 21.00. Potranno accedere alla vaccinazione con terza dose le persone che si prenotano attraverso il sito www.aulss1.veneto.it. Potranno comunque accedere in tutta la fascia oraria, senza prenotazione, solo le persone che necessitano di avviare il ciclo vaccinale con prima dose. Nelle prossime ore verr\u00e0 riorganizzata e potenziata anche l\u2019offerta vaccinale a favore delle terra alte, con allargamento dell\u2019operativit\u00e0 dei drive in vaccinali di Agordo e Tai di Cadore. E\u2019 gi\u00e0 attiva la prenotabilit\u00e0 dal sito di appuntamenti per terza dose in Comelico &#8211; Centro vaccinale di Santo Stefano di Cadore, operativo nei primi tre gioved\u00ec di dicembre dalle 15.00 alle 18.00 con la collaborazione dei Medici di Medicina Generale.<\/p>\n<p>&nbsp;<\/p>\n<p>&nbsp;<\/p>\n<hr \/>\n<p>&nbsp;<\/p>\n<p>&nbsp;<\/p>\n<p><span style=\"color: #ff0000;\">25 NOVEMBRE 2021 L\u2019Italia \u00e8 al 63\u00b0 posto su 156 per divario di genere, tra gli ultimi posti in Europa. Siamo migliorati rispetto all\u2019anno scorso, ma non \u00e8 abbastanza.<\/span><\/p>\n<blockquote><p><strong><a href=\"https:\/\/www.radiopiu.net\/wordpress\/46408-2\/genere-violenza\/\" rel=\"attachment wp-att-46409\"><img loading=\"lazy\" decoding=\"async\" class=\" wp-image-46409 alignleft\" src=\"https:\/\/www.radiopiu.net\/wordpress\/wp-content\/uploads\/2018\/04\/GENERE-VIOLENZA-300x291.jpg\" alt=\"\" width=\"133\" height=\"129\" srcset=\"https:\/\/www.radiopiu.net\/wordpress\/wp-content\/uploads\/2018\/04\/GENERE-VIOLENZA-300x291.jpg 300w, https:\/\/www.radiopiu.net\/wordpress\/wp-content\/uploads\/2018\/04\/GENERE-VIOLENZA-768x745.jpg 768w, https:\/\/www.radiopiu.net\/wordpress\/wp-content\/uploads\/2018\/04\/GENERE-VIOLENZA.jpg 991w\" sizes=\"auto, (max-width: 133px) 100vw, 133px\" \/><\/a>IN UN ANNO IN ITALIA:<\/strong> 103 donne uccise,\u00a0 87 assassinate in ambito familiare-affettivo, 60\u00a0 per mano del partner o ex partner con un aumento del 2 per cento rispetto al 2020. Ogni giorno 89 donne subiscono in Italia una forma di violenza. Nel nostro territorio il fenomeno \u00e8 emerso negli ultimi anni grazie al prezioso lavoro dell\u2019associazione Belluno Donna che ha aperto una serie di sportelli. Dal 2004 a oggi sono oltre 1.200 le donne vittime di violenza seguite dall\u2019associazione, alcune delle quali accolte nelle due case rifugio gestite dall\u2019associazione. Quasi tutte donne provenienti dalla provincia di Belluno<\/p><\/blockquote>\n<div class=\"\"><em>&#8220;Gli studi ci dicono per\u00f2 che i centri antiviolenza e le case rifugio ricevono fondi in maniera discontinua, con procedure farraginose e tempi che non consentono la necessaria programmazione&#8221;. <\/em>Lo ricordano Lucia Saviane responsabile provinciale Democratiche bellunesi e Monica Lotto, Segretaria provinciale del Partito Democratico Bellunese.<\/div>\n<p>&nbsp;<\/p>\n<p>&nbsp;<\/p>\n<hr \/>\n<blockquote>\n<h3><\/h3>\n<h3>OGGI\u00a0 LA GIORNATA CONTRO LA VIOLENZA SULLE DONNE, LA PREVENZIONE INIZIA A SCUOLA<\/h3>\n<\/blockquote>\n<p><strong><img loading=\"lazy\" decoding=\"async\" class=\"alignleft\" src=\"https:\/\/www.radiopiu.net\/wordpress\/wp-content\/uploads\/2021\/11\/bcabdd59-ec95-47ff-b849-612579b73762.jpg\" width=\"219\" height=\"164\" \/>BELLUNO<\/strong> Al Comando dei Carabinieri di Belluno sono stati illustrati i dati relativi alle violenze di genere nell&#8217;ultimo anno. Presentata inoltre l&#8217;iniziativa con le scuole di Belluno, oggi \u00e8 la giornata internazionale contro la violenza sulle donne.<\/p>\n<p>&nbsp;<\/p>\n<p>&nbsp;<\/p>\n<p>&nbsp;<\/p>\n<p>&nbsp;<\/p>\n<p><strong>DI MORENO GIOLI<\/strong><\/p>\n<audio class=\"wp-audio-shortcode\" id=\"audio-244626-1\" preload=\"none\" style=\"width: 100%;\" controls=\"controls\"><source type=\"audio\/mpeg\" src=\"https:\/\/www.radiopiu.net\/wordpress\/wp-content\/uploads\/2021\/11\/moreno-caramba.mp3?_=1\" \/><a href=\"https:\/\/www.radiopiu.net\/wordpress\/wp-content\/uploads\/2021\/11\/moreno-caramba.mp3\">https:\/\/www.radiopiu.net\/wordpress\/wp-content\/uploads\/2021\/11\/moreno-caramba.mp3<\/a><\/audio>\n<p>&nbsp;<\/p>\n<p>&nbsp;<\/p>\n<p><strong>AI MICROFONI DI RADIO PIU&#8217; IL COMANDANTE, COLONELLO FRANCESCO RASTELLI, La prevenzione nelle scuole\u00a0<\/strong><\/p>\n<audio class=\"wp-audio-shortcode\" id=\"audio-244626-2\" preload=\"none\" style=\"width: 100%;\" controls=\"controls\"><source type=\"audio\/mpeg\" src=\"https:\/\/www.radiopiu.net\/wordpress\/wp-content\/uploads\/2021\/11\/comandante-rastelli-prevenzione-nelle-scuole.mp3?_=2\" \/><a href=\"https:\/\/www.radiopiu.net\/wordpress\/wp-content\/uploads\/2021\/11\/comandante-rastelli-prevenzione-nelle-scuole.mp3\">https:\/\/www.radiopiu.net\/wordpress\/wp-content\/uploads\/2021\/11\/comandante-rastelli-prevenzione-nelle-scuole.mp3<\/a><\/audio>\n<p><strong>BRIGADIERE MARIA CHIARA GIORDANI, L&#8217;importanza della consapevolezza\u00a0<\/strong><\/p>\n<audio class=\"wp-audio-shortcode\" id=\"audio-244626-3\" preload=\"none\" style=\"width: 100%;\" controls=\"controls\"><source type=\"audio\/mpeg\" src=\"https:\/\/www.radiopiu.net\/wordpress\/wp-content\/uploads\/2021\/11\/brigadiere-maria-chiara-giordani-limportanza-dellla-consapevolezza.mp3?_=3\" \/><a href=\"https:\/\/www.radiopiu.net\/wordpress\/wp-content\/uploads\/2021\/11\/brigadiere-maria-chiara-giordani-limportanza-dellla-consapevolezza.mp3\">https:\/\/www.radiopiu.net\/wordpress\/wp-content\/uploads\/2021\/11\/brigadiere-maria-chiara-giordani-limportanza-dellla-consapevolezza.mp3<\/a><\/audio>\n<p>&nbsp;<\/p>\n<p><strong>MASSIMO SALVADOR, DIRETTORE UFFICIO SCOLASTICO PROVINCIALE<\/strong><\/p>\n<audio class=\"wp-audio-shortcode\" id=\"audio-244626-4\" preload=\"none\" style=\"width: 100%;\" controls=\"controls\"><source type=\"audio\/mpeg\" src=\"https:\/\/www.radiopiu.net\/wordpress\/wp-content\/uploads\/2021\/11\/massimo-Salvador-direttore-ufficio-scolastico-provinciale.mp3?_=4\" \/><a href=\"https:\/\/www.radiopiu.net\/wordpress\/wp-content\/uploads\/2021\/11\/massimo-Salvador-direttore-ufficio-scolastico-provinciale.mp3\">https:\/\/www.radiopiu.net\/wordpress\/wp-content\/uploads\/2021\/11\/massimo-Salvador-direttore-ufficio-scolastico-provinciale.mp3<\/a><\/audio>\n<p>&nbsp;<\/p>\n<p><strong>MARIA CHIARA ROLDO, VICE PRESIDENTE DELLA CONSULTA DEGLI STUDENTI\u00a0<\/strong><\/p>\n<audio class=\"wp-audio-shortcode\" id=\"audio-244626-5\" preload=\"none\" style=\"width: 100%;\" controls=\"controls\"><source type=\"audio\/mpeg\" src=\"https:\/\/www.radiopiu.net\/wordpress\/wp-content\/uploads\/2021\/11\/Maria-chiara-roldo-vicepresidente-consulta-studenti.mp3?_=5\" \/><a href=\"https:\/\/www.radiopiu.net\/wordpress\/wp-content\/uploads\/2021\/11\/Maria-chiara-roldo-vicepresidente-consulta-studenti.mp3\">https:\/\/www.radiopiu.net\/wordpress\/wp-content\/uploads\/2021\/11\/Maria-chiara-roldo-vicepresidente-consulta-studenti.mp3<\/a><\/audio>\n<p>&nbsp;<\/p>\n<p>&nbsp;<\/p>\n<p><strong>I NUMERI DELL&#8217;ULTIMO ANNO, DAL NUCLEO INVESTIGATIVO\u00a0 CARABINIERI BELLUNO\u00a0<\/strong><\/p>\n\n\t\t\t<style type='text\/css'>\n\t\t\t\t#gallery-3 {\n\t\t\t\t\tmargin: auto;\n\t\t\t\t}\n\t\t\t\t#gallery-3 .gallery-item {\n\t\t\t\t\tfloat: left;\n\t\t\t\t\tmargin-top: 10px;\n\t\t\t\t\ttext-align: center;\n\t\t\t\t\twidth: 33%;\n\t\t\t\t}\n\t\t\t\t#gallery-3 img {\n\t\t\t\t\tborder: 2px solid #cfcfcf;\n\t\t\t\t}\n\t\t\t\t#gallery-3 .gallery-caption {\n\t\t\t\t\tmargin-left: 0;\n\t\t\t\t}\n\t\t\t\t\/* see gallery_shortcode() in wp-includes\/media.php *\/\n\t\t\t<\/style>\n\t\t<div id='gallery-3' class='dt-gallery-container gallery galleryid-244626 gallery-columns-3 gallery-size-medium'><dl class='gallery-item'>\n\t\t\t\t<dt class='gallery-icon landscape'>\n\t\t\t\t\t<a class=\"rollover rollover-zoom dt-pswp-item\" title=\"45875417-7d89-4cd9-90f2-9e755ace2257\" data-dt-img-description=\"\" data-large_image_width=\"2000\" data-large_image_height=\"1496\"href='https:\/\/www.radiopiu.net\/wordpress\/wp-content\/uploads\/2021\/11\/45875417-7d89-4cd9-90f2-9e755ace2257.jpg'><img loading=\"lazy\" decoding=\"async\" width=\"300\" height=\"224\" src=\"https:\/\/www.radiopiu.net\/wordpress\/wp-content\/uploads\/2021\/11\/45875417-7d89-4cd9-90f2-9e755ace2257-300x224.jpg\" class=\"attachment-medium size-medium\" alt=\"\" srcset=\"https:\/\/www.radiopiu.net\/wordpress\/wp-content\/uploads\/2021\/11\/45875417-7d89-4cd9-90f2-9e755ace2257-300x224.jpg 300w, https:\/\/www.radiopiu.net\/wordpress\/wp-content\/uploads\/2021\/11\/45875417-7d89-4cd9-90f2-9e755ace2257-1024x766.jpg 1024w, https:\/\/www.radiopiu.net\/wordpress\/wp-content\/uploads\/2021\/11\/45875417-7d89-4cd9-90f2-9e755ace2257-768x574.jpg 768w, https:\/\/www.radiopiu.net\/wordpress\/wp-content\/uploads\/2021\/11\/45875417-7d89-4cd9-90f2-9e755ace2257-1536x1149.jpg 1536w, https:\/\/www.radiopiu.net\/wordpress\/wp-content\/uploads\/2021\/11\/45875417-7d89-4cd9-90f2-9e755ace2257.jpg 2000w\" sizes=\"auto, (max-width: 300px) 100vw, 300px\" \/><\/a>\n\t\t\t\t<\/dt><\/dl><dl class='gallery-item'>\n\t\t\t\t<dt class='gallery-icon landscape'>\n\t\t\t\t\t<a class=\"rollover rollover-zoom dt-pswp-item\" title=\"f0ae7e36-cf73-4aca-b79f-c75e3d246e28\" data-dt-img-description=\"\" data-large_image_width=\"2000\" data-large_image_height=\"1496\"href='https:\/\/www.radiopiu.net\/wordpress\/wp-content\/uploads\/2021\/11\/f0ae7e36-cf73-4aca-b79f-c75e3d246e28.jpg'><img loading=\"lazy\" decoding=\"async\" width=\"300\" height=\"224\" src=\"https:\/\/www.radiopiu.net\/wordpress\/wp-content\/uploads\/2021\/11\/f0ae7e36-cf73-4aca-b79f-c75e3d246e28-300x224.jpg\" class=\"attachment-medium size-medium\" alt=\"\" srcset=\"https:\/\/www.radiopiu.net\/wordpress\/wp-content\/uploads\/2021\/11\/f0ae7e36-cf73-4aca-b79f-c75e3d246e28-300x224.jpg 300w, https:\/\/www.radiopiu.net\/wordpress\/wp-content\/uploads\/2021\/11\/f0ae7e36-cf73-4aca-b79f-c75e3d246e28-1024x766.jpg 1024w, https:\/\/www.radiopiu.net\/wordpress\/wp-content\/uploads\/2021\/11\/f0ae7e36-cf73-4aca-b79f-c75e3d246e28-768x574.jpg 768w, https:\/\/www.radiopiu.net\/wordpress\/wp-content\/uploads\/2021\/11\/f0ae7e36-cf73-4aca-b79f-c75e3d246e28-1536x1149.jpg 1536w, https:\/\/www.radiopiu.net\/wordpress\/wp-content\/uploads\/2021\/11\/f0ae7e36-cf73-4aca-b79f-c75e3d246e28.jpg 2000w\" sizes=\"auto, (max-width: 300px) 100vw, 300px\" \/><\/a>\n\t\t\t\t<\/dt><\/dl><dl class='gallery-item'>\n\t\t\t\t<dt class='gallery-icon landscape'>\n\t\t\t\t\t<a class=\"rollover rollover-zoom dt-pswp-item\" title=\"7fc5071f-62d7-415f-b0e5-932d2eba68a1\" data-dt-img-description=\"\" data-large_image_width=\"2000\" data-large_image_height=\"1496\"href='https:\/\/www.radiopiu.net\/wordpress\/wp-content\/uploads\/2021\/11\/7fc5071f-62d7-415f-b0e5-932d2eba68a1.jpg'><img loading=\"lazy\" decoding=\"async\" width=\"300\" height=\"224\" src=\"https:\/\/www.radiopiu.net\/wordpress\/wp-content\/uploads\/2021\/11\/7fc5071f-62d7-415f-b0e5-932d2eba68a1-300x224.jpg\" class=\"attachment-medium size-medium\" alt=\"\" srcset=\"https:\/\/www.radiopiu.net\/wordpress\/wp-content\/uploads\/2021\/11\/7fc5071f-62d7-415f-b0e5-932d2eba68a1-300x224.jpg 300w, https:\/\/www.radiopiu.net\/wordpress\/wp-content\/uploads\/2021\/11\/7fc5071f-62d7-415f-b0e5-932d2eba68a1-1024x766.jpg 1024w, https:\/\/www.radiopiu.net\/wordpress\/wp-content\/uploads\/2021\/11\/7fc5071f-62d7-415f-b0e5-932d2eba68a1-768x574.jpg 768w, https:\/\/www.radiopiu.net\/wordpress\/wp-content\/uploads\/2021\/11\/7fc5071f-62d7-415f-b0e5-932d2eba68a1-1536x1149.jpg 1536w, https:\/\/www.radiopiu.net\/wordpress\/wp-content\/uploads\/2021\/11\/7fc5071f-62d7-415f-b0e5-932d2eba68a1.jpg 2000w\" sizes=\"auto, (max-width: 300px) 100vw, 300px\" \/><\/a>\n\t\t\t\t<\/dt><\/dl><br style=\"clear: both\" \/><dl class='gallery-item'>\n\t\t\t\t<dt class='gallery-icon landscape'>\n\t\t\t\t\t<a class=\"rollover rollover-zoom dt-pswp-item\" title=\"0902c389-4cb9-48af-9359-f013928f31d7\" data-dt-img-description=\"\" data-large_image_width=\"2000\" data-large_image_height=\"1496\"href='https:\/\/www.radiopiu.net\/wordpress\/wp-content\/uploads\/2021\/11\/0902c389-4cb9-48af-9359-f013928f31d7.jpg'><img loading=\"lazy\" decoding=\"async\" width=\"300\" height=\"224\" src=\"https:\/\/www.radiopiu.net\/wordpress\/wp-content\/uploads\/2021\/11\/0902c389-4cb9-48af-9359-f013928f31d7-300x224.jpg\" class=\"attachment-medium size-medium\" alt=\"\" srcset=\"https:\/\/www.radiopiu.net\/wordpress\/wp-content\/uploads\/2021\/11\/0902c389-4cb9-48af-9359-f013928f31d7-300x224.jpg 300w, https:\/\/www.radiopiu.net\/wordpress\/wp-content\/uploads\/2021\/11\/0902c389-4cb9-48af-9359-f013928f31d7-1024x766.jpg 1024w, https:\/\/www.radiopiu.net\/wordpress\/wp-content\/uploads\/2021\/11\/0902c389-4cb9-48af-9359-f013928f31d7-768x574.jpg 768w, https:\/\/www.radiopiu.net\/wordpress\/wp-content\/uploads\/2021\/11\/0902c389-4cb9-48af-9359-f013928f31d7-1536x1149.jpg 1536w, https:\/\/www.radiopiu.net\/wordpress\/wp-content\/uploads\/2021\/11\/0902c389-4cb9-48af-9359-f013928f31d7.jpg 2000w\" sizes=\"auto, (max-width: 300px) 100vw, 300px\" \/><\/a>\n\t\t\t\t<\/dt><\/dl><dl class='gallery-item'>\n\t\t\t\t<dt class='gallery-icon landscape'>\n\t\t\t\t\t<a class=\"rollover rollover-zoom dt-pswp-item\" title=\"0c0a6db6-673f-43a3-b264-7cb57717898d\" data-dt-img-description=\"\" data-large_image_width=\"2000\" data-large_image_height=\"1496\"href='https:\/\/www.radiopiu.net\/wordpress\/wp-content\/uploads\/2021\/11\/0c0a6db6-673f-43a3-b264-7cb57717898d.jpg'><img loading=\"lazy\" decoding=\"async\" width=\"300\" height=\"224\" src=\"https:\/\/www.radiopiu.net\/wordpress\/wp-content\/uploads\/2021\/11\/0c0a6db6-673f-43a3-b264-7cb57717898d-300x224.jpg\" class=\"attachment-medium size-medium\" alt=\"\" srcset=\"https:\/\/www.radiopiu.net\/wordpress\/wp-content\/uploads\/2021\/11\/0c0a6db6-673f-43a3-b264-7cb57717898d-300x224.jpg 300w, https:\/\/www.radiopiu.net\/wordpress\/wp-content\/uploads\/2021\/11\/0c0a6db6-673f-43a3-b264-7cb57717898d-1024x766.jpg 1024w, https:\/\/www.radiopiu.net\/wordpress\/wp-content\/uploads\/2021\/11\/0c0a6db6-673f-43a3-b264-7cb57717898d-768x574.jpg 768w, https:\/\/www.radiopiu.net\/wordpress\/wp-content\/uploads\/2021\/11\/0c0a6db6-673f-43a3-b264-7cb57717898d-1536x1149.jpg 1536w, https:\/\/www.radiopiu.net\/wordpress\/wp-content\/uploads\/2021\/11\/0c0a6db6-673f-43a3-b264-7cb57717898d.jpg 2000w\" sizes=\"auto, (max-width: 300px) 100vw, 300px\" \/><\/a>\n\t\t\t\t<\/dt><\/dl><dl class='gallery-item'>\n\t\t\t\t<dt class='gallery-icon landscape'>\n\t\t\t\t\t<a class=\"rollover rollover-zoom dt-pswp-item\" title=\"53838bab-5f7b-4988-a85b-92dbfcbe526d\" data-dt-img-description=\"\" data-large_image_width=\"2000\" data-large_image_height=\"1496\"href='https:\/\/www.radiopiu.net\/wordpress\/wp-content\/uploads\/2021\/11\/53838bab-5f7b-4988-a85b-92dbfcbe526d.jpg'><img loading=\"lazy\" decoding=\"async\" width=\"300\" height=\"224\" src=\"https:\/\/www.radiopiu.net\/wordpress\/wp-content\/uploads\/2021\/11\/53838bab-5f7b-4988-a85b-92dbfcbe526d-300x224.jpg\" class=\"attachment-medium size-medium\" alt=\"\" srcset=\"https:\/\/www.radiopiu.net\/wordpress\/wp-content\/uploads\/2021\/11\/53838bab-5f7b-4988-a85b-92dbfcbe526d-300x224.jpg 300w, https:\/\/www.radiopiu.net\/wordpress\/wp-content\/uploads\/2021\/11\/53838bab-5f7b-4988-a85b-92dbfcbe526d-1024x766.jpg 1024w, https:\/\/www.radiopiu.net\/wordpress\/wp-content\/uploads\/2021\/11\/53838bab-5f7b-4988-a85b-92dbfcbe526d-768x574.jpg 768w, https:\/\/www.radiopiu.net\/wordpress\/wp-content\/uploads\/2021\/11\/53838bab-5f7b-4988-a85b-92dbfcbe526d-1536x1149.jpg 1536w, https:\/\/www.radiopiu.net\/wordpress\/wp-content\/uploads\/2021\/11\/53838bab-5f7b-4988-a85b-92dbfcbe526d.jpg 2000w\" sizes=\"auto, (max-width: 300px) 100vw, 300px\" \/><\/a>\n\t\t\t\t<\/dt><\/dl><br style=\"clear: both\" \/>\n\t\t\t<\/div>\n\n<p>&nbsp;<\/p>\n<p>&nbsp;<\/p>\n<hr \/>\n<blockquote>\n<h3><\/h3>\n<h3>GIORNATA INTERNAZIONALE CONTRO LA VIOLENZA SULLE DONNE: L&#8217;INCONTRO ONLINE DELLA ULSS 1 DOLOMITI<\/h3>\n<\/blockquote>\n<p><strong><a href=\"https:\/\/www.radiopiu.net\/wordpress\/giornale-radiopiu-25-novembre-2021-direttore-mirko-mezzacasa\/volantino-giornata-25-16-11-21-2-2\/\" rel=\"attachment wp-att-244727\"><img loading=\"lazy\" decoding=\"async\" class=\" wp-image-244727 alignleft\" src=\"https:\/\/www.radiopiu.net\/wordpress\/wp-content\/uploads\/2021\/11\/Volantino-giornata-25-16.11.21-2-1-212x300.jpg\" alt=\"\" width=\"177\" height=\"250\" srcset=\"https:\/\/www.radiopiu.net\/wordpress\/wp-content\/uploads\/2021\/11\/Volantino-giornata-25-16.11.21-2-1-212x300.jpg 212w, https:\/\/www.radiopiu.net\/wordpress\/wp-content\/uploads\/2021\/11\/Volantino-giornata-25-16.11.21-2-1-724x1024.jpg 724w, https:\/\/www.radiopiu.net\/wordpress\/wp-content\/uploads\/2021\/11\/Volantino-giornata-25-16.11.21-2-1-768x1086.jpg 768w, https:\/\/www.radiopiu.net\/wordpress\/wp-content\/uploads\/2021\/11\/Volantino-giornata-25-16.11.21-2-1-1086x1536.jpg 1086w, https:\/\/www.radiopiu.net\/wordpress\/wp-content\/uploads\/2021\/11\/Volantino-giornata-25-16.11.21-2-1.jpg 1240w\" sizes=\"auto, (max-width: 177px) 100vw, 177px\" \/><\/a>BELLUNO <\/strong>In occasione della giornata internazionale contro la violenza sulle donne, il Consultorio Familiare di Belluno vuole offrire uno spazio di riflessione e condivisione sul tema della violenza di genere, in particolare modo soffermandosi su quella psicologica, che rischia spesso di essere disconosciuta e sottovalutata, tramite un incontro online. L\u2019incontro prevede la partecipazione di alcune realt\u00e0 che operano nel bellunese quali Consultori Familiari, Comune di Belluno, Bellunodonna, Caritas, Una Casa per l\u2019Uomo, Consultorio privato, con il coordinamento del Consultorio Familiare di Belluno. L\u2019incontro, aperto al pubblico, avverr\u00e0 tramite piattaforma Meet ed intende offrire uno spazio di riflessione condivisa sul tema della violenza psicologica, promuovendo il rispetto dei diritti e del benessere dell\u2019individuo. La giornata del 25 novembre diventer\u00e0, inoltre, occasione per presentare l\u2019attivazione di un gruppo di sostegno, aperto alle persone che soffrono o hanno sofferto all\u2019interno della loro relazione, di questa forma di maltrattamento. L\u2019 Incontro online si svolger\u00e0 sulla\u00a0 piattaforma Meet, dalle ore 18.00 alle 19:30 del 25 novembre 2021. Per accedere basta cliccare sul link: <a href=\"https:\/\/meet.google.com\/fyc-tpoo-sea\">https:\/\/meet.google.com\/fyc-tpoo-sea<\/a><\/p>\n<p>&nbsp;<\/p>\n<p>&nbsp;<\/p>\n<hr \/>\n<p>&nbsp;<\/p>\n<blockquote>\n<h3>SEMPRE PIU&#8217; DONNE VITTIME DI ODIO IN RETE\u00a0\u00a0<b><\/b><\/h3>\n<\/blockquote>\n<p><strong>ROMA\u00a0<\/strong> <em>\u00abSe ogni piccola azione aiuta a porre fine alla violenza sulle donne e ad aumentare la consapevolezza complessiva del problema, credo sia il momento di sottolineare quella forma di violenza determinata dall\u2019odio in rete&#8221;,<\/em> lo dice il deputato del Partito democratico, Roger De Menech.\u00a0Le vittime sono soprattutto le donne che lavorano e che rivestono ruoli pubblici impegnate in politica, nello spettacolo o nel volontariato, in particolare nelle Ong per il soccorso dei migranti. In tutti i casi si tratta di donne che non hanno avuto timore di far sentire la propria voce.\u00a0 &#8220;<em>Credo che la giornata internazionale contro la violenza sulle donne possa aiutarci a riflettere su cosa fare per ridurre l\u2019odio in rete e sui comportamenti da tenere da parte di chi ricopre cariche istituzionali\u00bb<\/em>.<\/p>\n<p>&nbsp;<\/p>\n<p>&nbsp;<\/p>\n<hr \/>\n<p>&nbsp;<\/p>\n<p>&nbsp;<\/p>\n<blockquote>\n<h3><a href=\"https:\/\/www.radiopiu.net\/wordpress\/a-disposizione-dei-comuni-agordini-170-mila-euro-per-opere-e-cultura-dai-sovracanoni-idrici\/union-emontana\/\" rel=\"attachment wp-att-150281\"><img loading=\"lazy\" decoding=\"async\" class=\"wp-image-150281 alignleft\" src=\"https:\/\/www.radiopiu.net\/wordpress\/wp-content\/uploads\/2020\/07\/Union-emontana-300x235.jpg\" alt=\"\" width=\"163\" height=\"128\" srcset=\"https:\/\/www.radiopiu.net\/wordpress\/wp-content\/uploads\/2020\/07\/Union-emontana-300x235.jpg 300w, https:\/\/www.radiopiu.net\/wordpress\/wp-content\/uploads\/2020\/07\/Union-emontana-768x602.jpg 768w, https:\/\/www.radiopiu.net\/wordpress\/wp-content\/uploads\/2020\/07\/Union-emontana.jpg 995w\" sizes=\"auto, (max-width: 163px) 100vw, 163px\" \/><\/a>MILIONI DI EURO DAI FONDI DI CONFINE D&#8217;AREA VASTA, DAI CENTRI BENESSERE\u00a0 AI BACINI IDRICI<\/h3>\n<\/blockquote>\n<p>&nbsp;<\/p>\n<p><strong>DI GIANNI SANTOMASO\u00a0<\/strong><\/p>\n<audio class=\"wp-audio-shortcode\" id=\"audio-244626-6\" preload=\"none\" style=\"width: 100%;\" controls=\"controls\"><source type=\"audio\/mpeg\" src=\"https:\/\/www.radiopiu.net\/wordpress\/wp-content\/uploads\/2021\/11\/GIANNI-FONDI.mp3?_=6\" \/><a href=\"https:\/\/www.radiopiu.net\/wordpress\/wp-content\/uploads\/2021\/11\/GIANNI-FONDI.mp3\">https:\/\/www.radiopiu.net\/wordpress\/wp-content\/uploads\/2021\/11\/GIANNI-FONDI.mp3<\/a><\/audio>\n<p>&nbsp;<\/p>\n<p>&nbsp;<\/p>\n<p>&nbsp;<\/p>\n<hr \/>\n<blockquote>\n<h3><\/h3>\n<h3>FAVRETTI &#8220;SI RECUPERI DOPO LA RISTRUTTURAZIONE L&#8217;EX ALBERGO BUZZATTI&#8221;<\/h3>\n<\/blockquote>\n<p><strong><a href=\"https:\/\/www.radiopiu.net\/wordpress\/favretti-si-recuperi-dopo-la-ristrutturazione-lex-albergo-buzzatti\/image-215\/\" rel=\"attachment wp-att-244810\"><img loading=\"lazy\" decoding=\"async\" class=\" wp-image-244810 alignleft\" src=\"https:\/\/www.radiopiu.net\/wordpress\/wp-content\/uploads\/2021\/11\/image-1-300x169.webp\" alt=\"\" width=\"208\" height=\"117\" srcset=\"https:\/\/www.radiopiu.net\/wordpress\/wp-content\/uploads\/2021\/11\/image-1-300x169.webp 300w, https:\/\/www.radiopiu.net\/wordpress\/wp-content\/uploads\/2021\/11\/image-1-768x432.webp 768w, https:\/\/www.radiopiu.net\/wordpress\/wp-content\/uploads\/2021\/11\/image-1.webp 960w\" sizes=\"auto, (max-width: 208px) 100vw, 208px\" \/><\/a>AGORDO<\/strong> Il vicesindaco e assessore Giulio Favretti propone: di recuperare l&#8217;ex Albergo Buzzatti in un moderno albergo di qualit\u00e0, per risolvere i problemi legati alle case di soggiorno e personale senza consumare ulteriore suolo a soli 300 metri dall&#8217;ospeale.<\/p>\n<p><strong>DI GIANNI SANTOMASO<\/strong><\/p>\n<audio class=\"wp-audio-shortcode\" id=\"audio-244626-7\" preload=\"none\" style=\"width: 100%;\" controls=\"controls\"><source type=\"audio\/mpeg\" src=\"https:\/\/www.radiopiu.net\/wordpress\/wp-content\/uploads\/2021\/11\/gianni-favretti-casa-soggiorno.mp3?_=7\" \/><a href=\"https:\/\/www.radiopiu.net\/wordpress\/wp-content\/uploads\/2021\/11\/gianni-favretti-casa-soggiorno.mp3\">https:\/\/www.radiopiu.net\/wordpress\/wp-content\/uploads\/2021\/11\/gianni-favretti-casa-soggiorno.mp3<\/a><\/audio>\n<p><strong>7 dicembre 2018<\/strong><\/p>\n<blockquote><p><em>\u00a0\u00abAbbiamo un progetto come base di partenza per discutere: se sono rose fioriranno\u00bb. Colui che ha acquistato l\u2019immobile dell\u2019ex albergo Buzzatti a due passi dal centro storico di Agordo \u00e8 Luigi Lazzarin, il presidente onorario della Nonno Nanni, l\u2019azienda di prodotti lattiero-caseari di Giavera del Montello che vende in tutto il mondo&#8221;.\u00a0<\/em><\/p>\n<p>&nbsp;<\/p>\n<p>&nbsp;<\/p><\/blockquote>\n<hr \/>\n<p>&nbsp;<\/p>\n<p>&nbsp;<\/p>\n<blockquote>\n<h3>IN ASCA CI SONO PROBLEMI? SANTIN, &#8220;COME TUTTI I CENTRI SERVIZI IN VENETO&#8221;<\/h3>\n<\/blockquote>\n<p><strong><img loading=\"lazy\" decoding=\"async\" class=\"alignleft\" src=\"https:\/\/www.radiopiu.net\/wordpress\/wp-content\/uploads\/2018\/05\/SANTIN-300x169.jpg\" width=\"202\" height=\"114\" \/>AGORDO<\/strong><\/p>\n<p><strong>DI GIANNI SANTOMASO\u00a0<\/strong><\/p>\n<audio class=\"wp-audio-shortcode\" id=\"audio-244626-8\" preload=\"none\" style=\"width: 100%;\" controls=\"controls\"><source type=\"audio\/mpeg\" src=\"https:\/\/www.radiopiu.net\/wordpress\/wp-content\/uploads\/2021\/11\/gianni-asca.mp3?_=8\" \/><a href=\"https:\/\/www.radiopiu.net\/wordpress\/wp-content\/uploads\/2021\/11\/gianni-asca.mp3\">https:\/\/www.radiopiu.net\/wordpress\/wp-content\/uploads\/2021\/11\/gianni-asca.mp3<\/a><\/audio>\n<p>&nbsp;<\/p>\n<p>&nbsp;<\/p>\n<p>&nbsp;<\/p>\n<hr \/>\n<blockquote>\n<h3><\/h3>\n<h3>LA WALBER ACQUISTA L&#8217;AREA BARDIN<\/h3>\n<\/blockquote>\n<p><strong><a href=\"https:\/\/www.radiopiu.net\/wordpress\/la-walber-acquista-larea-bardin\/ex-area-bardin-1\/\" rel=\"attachment wp-att-244779\"><img loading=\"lazy\" decoding=\"async\" class=\" wp-image-244779 alignleft\" src=\"https:\/\/www.radiopiu.net\/wordpress\/wp-content\/uploads\/2021\/11\/Ex-Area-Bardin-1-300x225.jpg\" alt=\"\" width=\"152\" height=\"114\" srcset=\"https:\/\/www.radiopiu.net\/wordpress\/wp-content\/uploads\/2021\/11\/Ex-Area-Bardin-1-300x225.jpg 300w, https:\/\/www.radiopiu.net\/wordpress\/wp-content\/uploads\/2021\/11\/Ex-Area-Bardin-1-1024x768.jpg 1024w, https:\/\/www.radiopiu.net\/wordpress\/wp-content\/uploads\/2021\/11\/Ex-Area-Bardin-1-768x576.jpg 768w, https:\/\/www.radiopiu.net\/wordpress\/wp-content\/uploads\/2021\/11\/Ex-Area-Bardin-1-1536x1152.jpg 1536w, https:\/\/www.radiopiu.net\/wordpress\/wp-content\/uploads\/2021\/11\/Ex-Area-Bardin-1-2048x1536.jpg 2048w\" sizes=\"auto, (max-width: 152px) 100vw, 152px\" \/><\/a> <\/strong><strong>BELLUNO<\/strong> Gli anni di degrado dell&#8217;area ex Bardin, oggetto di alcuni fallimenti stanno per finire. L&#8217;area \u00e8 stata acquistata dal gruppo bellunese con sede a Nogar\u00e8: la Walber Srl.<em> &#8220;Mi sono sentito con l&#8217;amministratore della societ\u00e0 -dice il sindaco Jacopo Massaro &#8211; abbiamo concordato un&#8217;immediata pulizia dell&#8217;area per dare alla stessa maggiore decoro dopo gli interventi dei volontari. Abbiamo inoltre concordato un prossimo incontro per conoscere le idee, \u00e8 importante per tutta la citt\u00e0 un procedere al recupero dell&#8217;area degradata nel migliore dei modi. Ora si \u00e8 arrivati finalmente alla fine di questa annosa vicenda, e potremo presto vedere restituito quell&#8217;angolo di citt\u00e0 ai bellunesi. Lo studio dell&#8217;architetto De Vecchi in tutto questo periodo ha fortemente lavorato per aiutare a trovare compratori e soluzioni tecniche compatibili&#8221;&#8221;:<\/em><\/p>\n<p><strong>IL SINDACO JACOPO MASSARO ALLA RADIO\u00a0<\/strong><\/p>\n<audio class=\"wp-audio-shortcode\" id=\"audio-244626-9\" preload=\"none\" style=\"width: 100%;\" controls=\"controls\"><source type=\"audio\/mpeg\" src=\"https:\/\/www.radiopiu.net\/wordpress\/wp-content\/uploads\/2021\/11\/Massaro-Vendita-ex-area-Bardin.mp3?_=9\" \/><a href=\"https:\/\/www.radiopiu.net\/wordpress\/wp-content\/uploads\/2021\/11\/Massaro-Vendita-ex-area-Bardin.mp3\">https:\/\/www.radiopiu.net\/wordpress\/wp-content\/uploads\/2021\/11\/Massaro-Vendita-ex-area-Bardin.mp3<\/a><\/audio>\n<p>&nbsp;<\/p>\n<p>&nbsp;<\/p>\n<p>&nbsp;<\/p>\n<hr \/>\n<p>&nbsp;<\/p>\n<blockquote>\n<h3>LAVORI AL PONTE BAILEY, LA NUOVA CARTELLONISTICA<\/h3>\n<\/blockquote>\n<p><strong><img loading=\"lazy\" decoding=\"async\" class=\"alignleft\" src=\"https:\/\/www.radiopiu.net\/wordpress\/wp-content\/uploads\/2021\/11\/64162198-7a3f-4446-b3b4-65e0303f56c5.jpg\" width=\"218\" height=\"123\" \/>BELLUNO<\/strong> Proseguiranno almeno fino a venerd\u00ec 10 dicembre i lavori di manutenzione al ponte bailey, che hanno comportato la chiusura e disagi alla viabilit\u00e0 cittadina. Per questo motivo, \u00e8 stata preparata una nuova cartellonistica \u2013 una quindicina di nuovi tabelloni &#8211; che verr\u00e0 presto posizionata agli ingressi della citt\u00e0, nelle principali rotatorie e nei nodi viari: un potenziamento reso necessario dal fatto che i cartelli gi\u00e0 ora presenti non si sono evidentemente rivelati sufficienti ad allertare gli automobilisti.<\/p>\n<p><strong>L&#8217;ASSESSORE AI LAVORI PUBBLICI BIAGIO GIANNONE<\/strong><\/p>\n<audio class=\"wp-audio-shortcode\" id=\"audio-244626-10\" preload=\"none\" style=\"width: 100%;\" controls=\"controls\"><source type=\"audio\/mpeg\" src=\"https:\/\/www.radiopiu.net\/wordpress\/wp-content\/uploads\/2021\/11\/Giannone-Cartellonistica-bailey.mp3?_=10\" \/><a href=\"https:\/\/www.radiopiu.net\/wordpress\/wp-content\/uploads\/2021\/11\/Giannone-Cartellonistica-bailey.mp3\">https:\/\/www.radiopiu.net\/wordpress\/wp-content\/uploads\/2021\/11\/Giannone-Cartellonistica-bailey.mp3<\/a><\/audio>\n<p>Come detto, i lavori e la chiusura del bailey proseguiranno ancora nei prossimi giorni e, in caso di novit\u00e0 ci saranno ulteriori aggiornamenti.<\/p>\n<p>&nbsp;<\/p>\n<p>&nbsp;<\/p>\n<hr \/>\n<p>&nbsp;<\/p>\n<blockquote>\n<h2>IERI SERA IL CONSIGLIO COMUNALE A CANALE D&#8217;AGORDO<br \/>\nDIRETTA SUI CANALI DI RADIO PIU<\/h2>\n<\/blockquote>\n<blockquote class=\"wp-embedded-content\" data-secret=\"qhrDy1Fv4a\"><p><a href=\"https:\/\/www.radiopiu.net\/wordpress\/consiglio-comunale-di-canale-dagordo-la-diretta-2\/\">CONSIGLIO COMUNALE DI CANALE D&#8217;AGORDO &#8211; LA DIRETTA<\/a><\/p><\/blockquote>\n<p><iframe loading=\"lazy\" class=\"wp-embedded-content\" sandbox=\"allow-scripts\" security=\"restricted\" style=\"position: absolute; clip: rect(1px, 1px, 1px, 1px);\" title=\"&#8220;CONSIGLIO COMUNALE DI CANALE D&#8217;AGORDO &#8211; LA DIRETTA&#8221; &#8212; Radio Pi\u00f9\" src=\"https:\/\/www.radiopiu.net\/wordpress\/consiglio-comunale-di-canale-dagordo-la-diretta-2\/embed\/#?secret=qhrDy1Fv4a\" data-secret=\"qhrDy1Fv4a\" width=\"600\" height=\"338\" frameborder=\"0\" marginwidth=\"0\" marginheight=\"0\" scrolling=\"no\"><\/iframe><\/p>\n<p>&nbsp;<\/p>\n<hr \/>\n<p>&nbsp;<\/p>\n<p>&nbsp;<\/p>\n<blockquote>\n<h3>LAVORI SUL LARION, IL PUNTO E LE PROSPETTIVE FUTURE. L&#8217;INCONTRO CON I CITTADINI<\/h3>\n<\/blockquote>\n<p><strong>AGORDO<\/strong> Venerdi alle 17.30 in Sala Don Tamis il Comune di Agordo con Etifor incontra la popolazione per rendere noti gli interventi sul monte Larion per il recupero del legname. L&#8217;occasione per discutere il futuro della zona, prospettive e possibilit\u00e0 dopo i lavori svolti. Il sindaco di Agordo Roberto Chissal\u00e8 invita i portatori di interesse (proprietari di appezzamenti) a partecipare all&#8217;incontro<\/p>\n<p><strong>IL SINDACO\u00a0<\/strong><\/p>\n<audio class=\"wp-audio-shortcode\" id=\"audio-244626-11\" preload=\"none\" style=\"width: 100%;\" controls=\"controls\"><source type=\"audio\/mpeg\" src=\"https:\/\/www.radiopiu.net\/wordpress\/wp-content\/uploads\/2021\/11\/ROBERTO.mp3?_=11\" \/><a href=\"https:\/\/www.radiopiu.net\/wordpress\/wp-content\/uploads\/2021\/11\/ROBERTO.mp3\">https:\/\/www.radiopiu.net\/wordpress\/wp-content\/uploads\/2021\/11\/ROBERTO.mp3<\/a><\/audio>\n<p>&nbsp;<\/p>\n\n\t\t\t<style type='text\/css'>\n\t\t\t\t#gallery-4 {\n\t\t\t\t\tmargin: auto;\n\t\t\t\t}\n\t\t\t\t#gallery-4 .gallery-item {\n\t\t\t\t\tfloat: left;\n\t\t\t\t\tmargin-top: 10px;\n\t\t\t\t\ttext-align: center;\n\t\t\t\t\twidth: 50%;\n\t\t\t\t}\n\t\t\t\t#gallery-4 img {\n\t\t\t\t\tborder: 2px solid #cfcfcf;\n\t\t\t\t}\n\t\t\t\t#gallery-4 .gallery-caption {\n\t\t\t\t\tmargin-left: 0;\n\t\t\t\t}\n\t\t\t\t\/* see gallery_shortcode() in wp-includes\/media.php *\/\n\t\t\t<\/style>\n\t\t<div id='gallery-4' class='dt-gallery-container gallery galleryid-244626 gallery-columns-2 gallery-size-medium'><dl class='gallery-item'>\n\t\t\t\t<dt class='gallery-icon landscape'>\n\t\t\t\t\t<a class=\"rollover rollover-zoom dt-pswp-item\" title=\"STLABS_ETIFOR_Wow_Nature_Agordo_0920-scaled\" data-dt-img-description=\"\" data-large_image_width=\"2560\" data-large_image_height=\"1919\"href='https:\/\/www.radiopiu.net\/wordpress\/wp-content\/uploads\/2021\/11\/STLABS_ETIFOR_Wow_Nature_Agordo_0920-scaled-1.jpg'><img loading=\"lazy\" decoding=\"async\" width=\"300\" height=\"225\" src=\"https:\/\/www.radiopiu.net\/wordpress\/wp-content\/uploads\/2021\/11\/STLABS_ETIFOR_Wow_Nature_Agordo_0920-scaled-1-300x225.jpg\" class=\"attachment-medium size-medium\" alt=\"\" srcset=\"https:\/\/www.radiopiu.net\/wordpress\/wp-content\/uploads\/2021\/11\/STLABS_ETIFOR_Wow_Nature_Agordo_0920-scaled-1-300x225.jpg 300w, https:\/\/www.radiopiu.net\/wordpress\/wp-content\/uploads\/2021\/11\/STLABS_ETIFOR_Wow_Nature_Agordo_0920-scaled-1-1024x768.jpg 1024w, https:\/\/www.radiopiu.net\/wordpress\/wp-content\/uploads\/2021\/11\/STLABS_ETIFOR_Wow_Nature_Agordo_0920-scaled-1-768x576.jpg 768w, https:\/\/www.radiopiu.net\/wordpress\/wp-content\/uploads\/2021\/11\/STLABS_ETIFOR_Wow_Nature_Agordo_0920-scaled-1-1536x1151.jpg 1536w, https:\/\/www.radiopiu.net\/wordpress\/wp-content\/uploads\/2021\/11\/STLABS_ETIFOR_Wow_Nature_Agordo_0920-scaled-1-2048x1535.jpg 2048w\" sizes=\"auto, (max-width: 300px) 100vw, 300px\" \/><\/a>\n\t\t\t\t<\/dt><\/dl><dl class='gallery-item'>\n\t\t\t\t<dt class='gallery-icon landscape'>\n\t\t\t\t\t<a class=\"rollover rollover-zoom dt-pswp-item\" title=\"175341004_454868215571331_8447096920728948104_n\" data-dt-img-description=\"\" data-large_image_width=\"960\" data-large_image_height=\"540\"href='https:\/\/www.radiopiu.net\/wordpress\/wp-content\/uploads\/2021\/11\/175341004_454868215571331_8447096920728948104_n.jpg'><img loading=\"lazy\" decoding=\"async\" width=\"300\" height=\"169\" src=\"https:\/\/www.radiopiu.net\/wordpress\/wp-content\/uploads\/2021\/11\/175341004_454868215571331_8447096920728948104_n-300x169.jpg\" class=\"attachment-medium size-medium\" alt=\"\" aria-describedby=\"gallery-4-244760\" srcset=\"https:\/\/www.radiopiu.net\/wordpress\/wp-content\/uploads\/2021\/11\/175341004_454868215571331_8447096920728948104_n-300x169.jpg 300w, https:\/\/www.radiopiu.net\/wordpress\/wp-content\/uploads\/2021\/11\/175341004_454868215571331_8447096920728948104_n-768x432.jpg 768w, https:\/\/www.radiopiu.net\/wordpress\/wp-content\/uploads\/2021\/11\/175341004_454868215571331_8447096920728948104_n.jpg 960w\" sizes=\"auto, (max-width: 300px) 100vw, 300px\" \/><\/a>\n\t\t\t\t<\/dt>\n\t\t\t\t\t<dd class='wp-caption-text gallery-caption' id='gallery-4-244760'>\n\t\t\t\t\tFOTO VALTER FARENZENA\n\t\t\t\t\t<\/dd><\/dl><br style=\"clear: both\" \/>\n\t\t\t<\/div>\n\n<p>&nbsp;<\/p>\n<blockquote>\n<h3><a href=\"https:\/\/www.radiopiu.net\/wordpress\/giornale-radiopiu-25-novembre-2021-direttore-mirko-mezzacasa\/download-1153\/\" rel=\"attachment wp-att-244851\"><img loading=\"lazy\" decoding=\"async\" class=\"size-full wp-image-244851 alignleft\" src=\"https:\/\/www.radiopiu.net\/wordpress\/wp-content\/uploads\/2021\/11\/download-2.jpg\" alt=\"\" width=\"259\" height=\"194\" \/><\/a>E SABATO INCONTRO PER I PROPRIETARI DI BOSCHI NELLA ZONA DI BINATEGA SOTTO ALLA MOIAZZA<\/h3>\n<\/blockquote>\n<p>&nbsp;<\/p>\n<audio class=\"wp-audio-shortcode\" id=\"audio-244626-12\" preload=\"none\" style=\"width: 100%;\" controls=\"controls\"><source type=\"audio\/mpeg\" src=\"https:\/\/www.radiopiu.net\/wordpress\/wp-content\/uploads\/2021\/11\/CHISSALE-2.mp3?_=12\" \/><a href=\"https:\/\/www.radiopiu.net\/wordpress\/wp-content\/uploads\/2021\/11\/CHISSALE-2.mp3\">https:\/\/www.radiopiu.net\/wordpress\/wp-content\/uploads\/2021\/11\/CHISSALE-2.mp3<\/a><\/audio>\n<p>&nbsp;<\/p>\n<hr \/>\n<p>&nbsp;<\/p>\n<p>&nbsp;<\/p>\n<blockquote>\n<h3>OLTRE 5000 EURO IN BORSE DI STUDIO PER IL SOSTEGNO DI CHI I DISTINGUE NEGLI STUDI<\/h3>\n<\/blockquote>\n<p>&nbsp;<\/p>\n<p><a href=\"https:\/\/www.radiopiu.net\/wordpress\/giornale-radiopiu-25-novembre-2021-direttore-mirko-mezzacasa\/backpack-1839705__480\/\" rel=\"attachment wp-att-244862\"><img loading=\"lazy\" decoding=\"async\" class=\" wp-image-244862 alignleft\" src=\"https:\/\/www.radiopiu.net\/wordpress\/wp-content\/uploads\/2021\/11\/backpack-1839705__480-300x200.jpg\" alt=\"\" width=\"197\" height=\"131\" srcset=\"https:\/\/www.radiopiu.net\/wordpress\/wp-content\/uploads\/2021\/11\/backpack-1839705__480-300x200.jpg 300w, https:\/\/www.radiopiu.net\/wordpress\/wp-content\/uploads\/2021\/11\/backpack-1839705__480.jpg 719w\" sizes=\"auto, (max-width: 197px) 100vw, 197px\" \/><\/a>SOSPIROLO<\/p>\n<p><strong>di DAMIANO TORMEN<\/strong><\/p>\n<audio class=\"wp-audio-shortcode\" id=\"audio-244626-13\" preload=\"none\" style=\"width: 100%;\" controls=\"controls\"><source type=\"audio\/mpeg\" src=\"https:\/\/www.radiopiu.net\/wordpress\/wp-content\/uploads\/2021\/11\/damiano-7.mp3?_=13\" \/><a href=\"https:\/\/www.radiopiu.net\/wordpress\/wp-content\/uploads\/2021\/11\/damiano-7.mp3\">https:\/\/www.radiopiu.net\/wordpress\/wp-content\/uploads\/2021\/11\/damiano-7.mp3<\/a><\/audio>\n<p>&nbsp;<\/p>\n<hr \/>\n<p>&nbsp;<\/p>\n<blockquote>\n<h3>LORENZONI HA INVESTITO DI PIU&#8217;, ZAIA NON HA SPESO UN CENTESIMO<\/h3>\n<\/blockquote>\n<blockquote>\n<h3><em>Campagna elettorale&#8230; ma quanto mi costi. Poco per qualcuno, qualche decina di migliaia d&#8217;euro per altri. Ecco quanto si spende in regione per farsi eleggere, fonte Agenzia Dire.\u00a0<\/em><\/h3>\n<\/blockquote>\n<p><strong><a href=\"https:\/\/www.radiopiu.net\/wordpress\/lorenzoni-ha-investito-di-piu-zaia-non-ha-speso-un-centesimo\/3944fefcfa16bfebe92dc87f4c25a2106d86d095fa47d812b97b3a03db69ce26\/\" rel=\"attachment wp-att-244773\"><img loading=\"lazy\" decoding=\"async\" class=\"size-medium wp-image-244773 alignleft\" src=\"https:\/\/www.radiopiu.net\/wordpress\/wp-content\/uploads\/2021\/11\/3944fefcfa16bfebe92dc87f4c25a2106d86d095fa47d812b97b3a03db69ce26-300x170.jpg\" alt=\"\" width=\"300\" height=\"170\" srcset=\"https:\/\/www.radiopiu.net\/wordpress\/wp-content\/uploads\/2021\/11\/3944fefcfa16bfebe92dc87f4c25a2106d86d095fa47d812b97b3a03db69ce26-300x170.jpg 300w, https:\/\/www.radiopiu.net\/wordpress\/wp-content\/uploads\/2021\/11\/3944fefcfa16bfebe92dc87f4c25a2106d86d095fa47d812b97b3a03db69ce26-1024x580.jpg 1024w, https:\/\/www.radiopiu.net\/wordpress\/wp-content\/uploads\/2021\/11\/3944fefcfa16bfebe92dc87f4c25a2106d86d095fa47d812b97b3a03db69ce26-768x435.jpg 768w, https:\/\/www.radiopiu.net\/wordpress\/wp-content\/uploads\/2021\/11\/3944fefcfa16bfebe92dc87f4c25a2106d86d095fa47d812b97b3a03db69ce26.jpg 1090w\" sizes=\"auto, (max-width: 300px) 100vw, 300px\" \/><\/a>VENEZIA<\/strong> L&#8217;elenco delle spese elettorali sostenute dai consiglieri regionali del Veneto eletti nel 2020 \u00e8 stato pubblicato sul Bollettino ufficiale della Regione. Al netto del presidente della Regione Luca Zaia, che dichiara di non aver sostenuto spese elettorali e di non aver ricevuto alcun contributo, la pi\u00f9 parsimoniosa degli eletti risulta Silvia Cestaro (lista Zaia presidente), che ha speso appena 853,55 euro, di cui 791,78 di risorse proprie e 61,77 di servizi offerti dalla Liga Veneta per Salvini premier. Il presidente del Consiglio, Roberto Ciambetti, \u00e8 invece tra chi ha speso di pi\u00f9, con ben 39.437,66 euro, tutti di tasca sua. Lo batte lo speaker dell&#8217;opposizione, Arturo Lorenzoni, che con una spesa di 68.683,52 euro, di cui 42.297 di risorse proprie e 26.186,52 di donazioni, \u00e8 il consigliere eletto che ha investito di pi\u00f9 nella campagna elettorale. Del resto era candidato alla presidenza della Regione. Segue, nell&#8217;elenco visionato dalla &#8216;Dire&#8217;, il portavoce del Partito democratico Giacomo Possamai, con ben 54.761,65 euro, tutti provenienti da donazioni. Curioso \u00e8 poi il caso del consigliere dem Jonatan Montanariello, che a fronte di una spesa elettorale di 8.725,38 euro, ha tirato fuori di tasca propria 42,18 euro. Tra gli assessori, l&#8217;unico a non essersi candidato al Consiglio regionale \u00e8 stato Federico Caner. Gli altri sei si sono candidati, sono stati eletti e sono poi decaduti lasciando il posto ad altri una volta nominati assessori. Tra questi, a spendere di pi\u00f9 \u00e8 stato Roberto Marcato, 37.607,04 euro. Gianpaolo Bottacin \u00e8 invece quello che ha speso meno, appena 6.623,89 euro. Spicca infine l&#8217;assessore Elena Donazzan, che ha ricevuto donazioni per ben 68.750 euro ma ha poi speso solo 24.620,75 euro, restituendo il resto.<\/p>\n<p>&nbsp;<\/p>\n<hr \/>\n<p>&nbsp;<\/p>\n<blockquote>\n<h3>PALESTRA DELLA SCUOLA MEDIA \u201cROCCA\u201d, COMPLETATO L&#8217;INTERVENTO DI\u00a0 RIFACIMENTO DELLA COPERTURA<\/h3>\n<\/blockquote>\n<p><strong><a href=\"https:\/\/www.radiopiu.net\/wordpress\/giornale-radiopiu-25-novembre-2021-direttore-mirko-mezzacasa\/palestra-rocca-tetto\/\" rel=\"attachment wp-att-244721\"><img loading=\"lazy\" decoding=\"async\" class=\" wp-image-244721 alignleft\" src=\"https:\/\/www.radiopiu.net\/wordpress\/wp-content\/uploads\/2021\/11\/Palestra-Rocca-tetto-300x225.jpg\" alt=\"\" width=\"225\" height=\"169\" srcset=\"https:\/\/www.radiopiu.net\/wordpress\/wp-content\/uploads\/2021\/11\/Palestra-Rocca-tetto-300x225.jpg 300w, https:\/\/www.radiopiu.net\/wordpress\/wp-content\/uploads\/2021\/11\/Palestra-Rocca-tetto-1024x768.jpg 1024w, https:\/\/www.radiopiu.net\/wordpress\/wp-content\/uploads\/2021\/11\/Palestra-Rocca-tetto-768x576.jpg 768w, https:\/\/www.radiopiu.net\/wordpress\/wp-content\/uploads\/2021\/11\/Palestra-Rocca-tetto-1536x1152.jpg 1536w, https:\/\/www.radiopiu.net\/wordpress\/wp-content\/uploads\/2021\/11\/Palestra-Rocca-tetto.jpg 2000w\" sizes=\"auto, (max-width: 225px) 100vw, 225px\" \/><\/a>FELTRE <\/strong>Si sono conclusi in questi giorni i lavori dell&#8217;atteso intervento sulla palestra della scuola media \u201cRocca\u201d. La struttura, come noto, era infatti interessata da infiltrazioni d&#8217;acqua che ne compromettevano parzialmente un utilizzo adeguato. I lavori sono consistiti nel rifacimento completo del manto di copertura in lamiera. Per consentire un pi\u00f9 facile deflusso delle acque piovane \u00e8 stata inoltre\u00a0 leggermente aumentata la pendenza delle falde del tetto. L&#8217;impegno di spesa complessivo pari a 100 mila euro, \u00e8 stato coperto grazie a 49 mila\u00a0 ottenuti quale contributo a valere su un bando regionale (&#8220;Sostegno finanziario ai lavori pubblici di interesse locale di importo fino a 200.000,00 Euro &#8211; Anno 2020&#8221;). La parte rimanente della spesa \u00e8 stata reperita tramite l&#8217;accensione di un mutuo.<\/p>\n<p><strong>ADIS ZATTA, ASSESSORE DEL COMUNE DI FELTRE<\/strong><\/p>\n<audio class=\"wp-audio-shortcode\" id=\"audio-244626-14\" preload=\"none\" style=\"width: 100%;\" controls=\"controls\"><source type=\"audio\/mpeg\" src=\"https:\/\/www.radiopiu.net\/wordpress\/wp-content\/uploads\/2021\/11\/ZATTA-SCUOLA-ROCCCA.mp3?_=14\" \/><a href=\"https:\/\/www.radiopiu.net\/wordpress\/wp-content\/uploads\/2021\/11\/ZATTA-SCUOLA-ROCCCA.mp3\">https:\/\/www.radiopiu.net\/wordpress\/wp-content\/uploads\/2021\/11\/ZATTA-SCUOLA-ROCCCA.mp3<\/a><\/audio>\n<p>&nbsp;<\/p>\n<hr \/>\n<p>&nbsp;<\/p>\n<blockquote>\n<h3 class=\"p1\"><span class=\"s1\">NUOVA PAC, BOND: \u201cL\u2019EUROPA HA APPROVATO LA SUA POLITICA AGRICOLA. ORA TOCCA ALLO STATO ITALIANO DIFENDERE LA MONTAGNA\u201d<\/span><\/h3>\n<\/blockquote>\n<p class=\"p1\"><span class=\"s1\"><strong><a href=\"https:\/\/www.radiopiu.net\/wordpress\/giornale-radiopiu-20-maggio-2020-direttore-mirko-mezzacasa\/dario-bond-11\/\" rel=\"attachment wp-att-138833\"><img loading=\"lazy\" decoding=\"async\" class=\" wp-image-138833 alignleft\" src=\"https:\/\/www.radiopiu.net\/wordpress\/wp-content\/uploads\/2020\/05\/Dario-Bond.jpg\" alt=\"\" width=\"85\" height=\"118\" \/><\/a>ROMA<\/strong> <em>\u201cSe la montagna e le aree interne sono davvero una risorsa per il Paese, lo si vedr\u00e0 presto, nelle declinazioni che il governo dar\u00e0 alla nuova PAC\u201d.<\/em> Cos\u00ec il deputato Dario Bond, relativamente al via libera finale alla nuova Politica Agricola Comune varato dal Parlamento europeo. <\/span><span class=\"s1\"><em>\u201cLa PAC, che entrer\u00e0 in vigore nel 2023, pu\u00f2 costituire uno strumento formidabile per la montagna. Pu\u00f2. Ma tutto dipende da come sar\u00e0 gestito il piano strategico che ora lo Stato italiano deve elaborare per recepire e rendere operativa la politica comunitaria in materia di agricoltura. E dipende da come sar\u00e0 trattata la montagna negli eco-schemi del piano strategico. Se ci sar\u00e0 un\u2019attenzione particolare alle esigenze delle terre alte e delle aree interne, si potranno raggiungere risultati buoni, altrimenti i territori montani rischiano di rimetterci\u201d<\/em>. <\/span><\/p>\n<p>&nbsp;<\/p>\n<p><span style=\"color: #ff0000;\"><strong>IERI ALLA RADIO, DAI NOTIZIARI DI RADIOPIU\u00a0<\/strong><\/span><\/p>\n<blockquote>\n<h3>VIA LIBERA ALLA NUOVA PAC \u00abATTENZIONE ALLA MONTAGNA E ALL&#8217;AMBIENTE\u00bb<\/h3>\n<\/blockquote>\n<p><strong><a href=\"https:\/\/www.radiopiu.net\/wordpress\/giornale-radiopiu-22-febbraio-2020-direttore-mirko-mezzacasa\/herbert-dorfmann-2-1\/\" rel=\"attachment wp-att-118435\"><img loading=\"lazy\" decoding=\"async\" class=\" wp-image-118435 alignleft\" src=\"https:\/\/www.radiopiu.net\/wordpress\/wp-content\/uploads\/2020\/02\/Herbert-Dorfmann-2-1-300x200.jpg\" alt=\"\" width=\"243\" height=\"162\" srcset=\"https:\/\/www.radiopiu.net\/wordpress\/wp-content\/uploads\/2020\/02\/Herbert-Dorfmann-2-1-300x200.jpg 300w, https:\/\/www.radiopiu.net\/wordpress\/wp-content\/uploads\/2020\/02\/Herbert-Dorfmann-2-1-1024x682.jpg 1024w, https:\/\/www.radiopiu.net\/wordpress\/wp-content\/uploads\/2020\/02\/Herbert-Dorfmann-2-1-768x512.jpg 768w, https:\/\/www.radiopiu.net\/wordpress\/wp-content\/uploads\/2020\/02\/Herbert-Dorfmann-2-1-1536x1024.jpg 1536w, https:\/\/www.radiopiu.net\/wordpress\/wp-content\/uploads\/2020\/02\/Herbert-Dorfmann-2-1.jpg 2000w\" sizes=\"auto, (max-width: 243px) 100vw, 243px\" \/><\/a>BRUXELLES<\/strong>\u00a0 Il Parlamento europeo ha dato il via libera finale alla nuova Politica Agricola Comune che entrer\u00e0 in vigore nel 2023: L\u2019europarlamentare Herbert Dorfmann ha partecipato in prima linea alle trattative con l&#8217;obiettivo di garantire un buon supporto alle\u00a0 aziende agricole e, al contempo, impegno in maniera ambiziosa a favore del clima e dell\u2019ambiente. Dal 2023 al 2027, circa 387 miliardi di euro &#8211; , circa il 33% del bilancio complessivo dell\u2019Unione &#8211; saranno destinati all\u2019agricoltura europea. In generale, la nuova PAC sar\u00e0 pi\u00f9 rispettosa dell\u2019ambiente e del clima: l\u2019obiettivo dell\u2019UE di ridurre le emissioni di CO2 di almeno il 55% entro il 2030 ha infatti conseguenze anche per il settore agricolo e la sua riforma. La nuova PAC contiene quindi nuovi requisiti ambientali. Entro il 2026 \u00e8 prevista anche, a livello statale, una convergenza dei pagamenti diretti per ettaro di almeno l\u201985%. In questo modo, anche se continuano a esistere differenze regionali nel livello dei pagamenti diretti per ettaro, il valore medio tra le regioni continuer\u00e0 a convergere. Ora la palla passa allo Stato italiano e alle regioni: nei prossimi mesi, dovr\u00e0 essere elaborato il Piano di Sviluppo Rurale e l\u2019Italia dovr\u00e0 determinarne l\u2019attuazione dettagliata a livello nazionale, nel quadro del piano strategico.<\/p>\n<p><strong>L&#8217;EURO DEPUTATO HERBERT DORFMANN<\/strong><\/p>\n<audio class=\"wp-audio-shortcode\" id=\"audio-244626-15\" preload=\"none\" style=\"width: 100%;\" controls=\"controls\"><source type=\"audio\/mpeg\" src=\"https:\/\/www.radiopiu.net\/wordpress\/wp-content\/uploads\/2021\/11\/Dorfmann-Approvazione-PAC.mp3?_=15\" \/><a href=\"https:\/\/www.radiopiu.net\/wordpress\/wp-content\/uploads\/2021\/11\/Dorfmann-Approvazione-PAC.mp3\">https:\/\/www.radiopiu.net\/wordpress\/wp-content\/uploads\/2021\/11\/Dorfmann-Approvazione-PAC.mp3<\/a><\/audio>\n<p>&nbsp;<\/p>\n<p>&nbsp;<\/p>\n<hr \/>\n<p>&nbsp;<\/p>\n<blockquote>\n<h3>ASSEGNI FAMIGLIARI: LA UILTEC FA CHIAREZZA<\/h3>\n<\/blockquote>\n<p><strong>BELLUNO<\/strong> Da pochi giorni \u00e8 stata ufficializzata la nuova distribuzione degli assegni famigliari da parte del Governo. Tante le novit\u00e0 a partire dal 2022 che la Uiltec chiarisce in un documento in cui si fa chiarezza su chi ha i requisiti per richiederlo e le modalit\u00e0 per fare domanda.<\/p>\n<p><strong>IL DOCUMENTO (6 PAGINE)<\/strong><\/p>\n<a href=\"https:\/\/www.radiopiu.net\/wordpress\/wp-content\/uploads\/2021\/11\/assegno-unico-da-marzo-2022.pdf\" class=\"pdfemb-viewer\" style=\"\" data-width=\"max\" data-height=\"max\" data-toolbar=\"top\" data-toolbar-fixed=\"on\">assegno unico da marzo 2022<\/a>\n<p>&nbsp;<\/p>\n<p>&nbsp;<\/p>\n<hr \/>\n<p>&nbsp;<\/p>\n<blockquote>\n<h3>APERTO UN BANDO PUBBLICO PER 16 ATLETI DA INSERIRE NELLA POLIZIA DI STATO<\/h3>\n<\/blockquote>\n<p><strong>BELLUNO<\/strong> Nella Gazzetta Ufficiale del 19 novembre \u00e8 stato pubblicato un bando di concorso per l&#8217;assunzione di 16 atleti da assegnare ai gruppi sportivi della Polizia Di Stato Fiamme Oro che saranno inquadrati nel ruolo di agenti ed assistenti della Polizia di Stato. La domando di partecipazione deve essere compilata e trasmessa entro 30 giorni dalla data della pubblicazione in Gazzetta Ufficiale utilizzando la procedura informatica presente sul sito della polizia di stato <a href=\"https:\/\/concorsionline.poliziadistato.it\">https:\/\/concorsionline.poliziadistato.it<\/a><\/p>\n<p>&nbsp;<\/p>\n<hr \/>\n<p>&nbsp;<\/p>\n<blockquote>\n<h3>IRACI BORGIA &#8220;SERRAI DI SOTTOGUDA? FINE LAVORI NEL &#8217;23, E CI SONO LAVORI FERMI DA PIU&#8217; DI UN ANNO&#8221;<\/h3>\n<\/blockquote>\n<p><a href=\"https:\/\/www.radiopiu.net\/wordpress\/spopolamento-la-parole-alle-donne-in-carriera\/th-86\/\" rel=\"attachment wp-att-204550\"><img loading=\"lazy\" decoding=\"async\" class=\"size-full wp-image-204550 alignleft\" src=\"https:\/\/www.radiopiu.net\/wordpress\/wp-content\/uploads\/2021\/04\/th-6.jpg\" alt=\"\" width=\"203\" height=\"114\" \/><\/a><\/p>\n<p><strong>ROCCA PIETORE <\/strong>Stamane l&#8217;intervento del sindaco di Rocca Pietore Andrea De Bernardin sul consiglio comunale di ieri. Alle opinioni del sindaco si aggiungono quelle altrettanto importanti del consigliere comunale Diana Iraci Borgia, ecco il suo intervento con un punto approfondito sul centro di protezione civile <em>&#8220;in mezzo alla strada provinciale, insufficiente a soddisfare le esigenze di tutto il mondo del volontariato&#8221;.<\/em><\/p>\n<p><strong>AUDIO<\/strong><\/p>\n<audio class=\"wp-audio-shortcode\" id=\"audio-244626-16\" preload=\"none\" style=\"width: 100%;\" controls=\"controls\"><source type=\"audio\/mpeg\" src=\"https:\/\/www.radiopiu.net\/wordpress\/wp-content\/uploads\/2021\/11\/iraci-borgia.mp3?_=16\" \/><a href=\"https:\/\/www.radiopiu.net\/wordpress\/wp-content\/uploads\/2021\/11\/iraci-borgia.mp3\">https:\/\/www.radiopiu.net\/wordpress\/wp-content\/uploads\/2021\/11\/iraci-borgia.mp3<\/a><\/audio>\n<p>&nbsp;<\/p>\n<p>&nbsp;<\/p>\n<hr \/>\n<blockquote>\n<h3>QUATTRO ORE IN MUNICIPIO, VARIAZIONE AL BILANCIO DA 200 MILA EURO. UN LUNGO CONSIGLIO COMUNALE, DAI SERRAI DI SOTTOGUDA AL BOSTRICO: LE INTERROGAZIONI DELLE MINORANZE<\/h3>\n<\/blockquote>\n<blockquote>\n<h3><\/h3>\n<\/blockquote>\n<p><strong><a href=\"https:\/\/www.radiopiu.net\/wordpress\/giornale-radiopiu-24-novembre-2021-direttore-mirko-mezzacasa\/whatsapp-image-2021-11-23-at-21-34-30\/\" rel=\"attachment wp-att-244635\"><img loading=\"lazy\" decoding=\"async\" class=\"wp-image-244635 alignleft\" src=\"https:\/\/www.radiopiu.net\/wordpress\/wp-content\/uploads\/2021\/11\/WhatsApp-Image-2021-11-23-at-21.34.30-300x225.jpeg\" alt=\"\" width=\"191\" height=\"143\" srcset=\"https:\/\/www.radiopiu.net\/wordpress\/wp-content\/uploads\/2021\/11\/WhatsApp-Image-2021-11-23-at-21.34.30-300x225.jpeg 300w, https:\/\/www.radiopiu.net\/wordpress\/wp-content\/uploads\/2021\/11\/WhatsApp-Image-2021-11-23-at-21.34.30-1024x768.jpeg 1024w, https:\/\/www.radiopiu.net\/wordpress\/wp-content\/uploads\/2021\/11\/WhatsApp-Image-2021-11-23-at-21.34.30-768x576.jpeg 768w, https:\/\/www.radiopiu.net\/wordpress\/wp-content\/uploads\/2021\/11\/WhatsApp-Image-2021-11-23-at-21.34.30-1536x1152.jpeg 1536w, https:\/\/www.radiopiu.net\/wordpress\/wp-content\/uploads\/2021\/11\/WhatsApp-Image-2021-11-23-at-21.34.30.jpeg 1600w\" sizes=\"auto, (max-width: 191px) 100vw, 191px\" \/><\/a>ROCCA PIETORE\u00a0<\/strong><\/p>\n<p><strong>IL SINDACO ANDREA DE BERNARDIN\u00a0<\/strong><\/p>\n<audio class=\"wp-audio-shortcode\" id=\"audio-244626-17\" preload=\"none\" style=\"width: 100%;\" controls=\"controls\"><source type=\"audio\/mpeg\" src=\"https:\/\/www.radiopiu.net\/wordpress\/wp-content\/uploads\/2021\/11\/ANDREA-LUNGO.mp3?_=17\" \/><a href=\"https:\/\/www.radiopiu.net\/wordpress\/wp-content\/uploads\/2021\/11\/ANDREA-LUNGO.mp3\">https:\/\/www.radiopiu.net\/wordpress\/wp-content\/uploads\/2021\/11\/ANDREA-LUNGO.mp3<\/a><\/audio>\n<p>&nbsp;<\/p>\n<hr \/>\n<p>&nbsp;<\/p>\n<blockquote>\n<h3>POSTE ITALIANE POTENZIA GLI ORARI DI APERTURA DEGLI UFFICI<\/h3>\n<\/blockquote>\n<p><strong>BELLUNO<\/strong>\u00a0 Poste Italiane comunica che a partire luned\u00ec 29 novembre, i seguenti Uffici Postali saranno interessati da un potenziamento degli orari di apertura al pubblico: BELLUNO 5 da lun a ven 8.20-13.45; sabato 8.20-12.45 CALALZO DI CADORE da lunedi a venerdi 8.20-13.45; sabato 8.20-12.45 SAN VITO DI CADORE da lunedi a venerdi 8.20-13.45; sabato 8.20-12.45 SPERT martedi e gioved\u00ec 8.20-13.45; sabato 8.20-12.45.<\/p>\n<p>&nbsp;<\/p>\n<div>\n<blockquote>\n<h3>\u00a0UNCEM: POSITIVO RITORNO A MODALITA&#8217; PRE-PANDEMIA.<\/h3>\n<\/blockquote>\n<div><strong>ROMA<\/strong> <em>. &#8220;Riaperture e i ritorni degli orari pre-covid sono sicuramente un ottimo segnale &#8211; commenta Marco Bussone, Presidente Uncem &#8211; Molti Sindaci lo chiedevano. Dobbiamo recuperare il tempo che la pandemia ha rallentato e Uncem far\u00e0 ancora da snodo e da collante, ove necessario, nei rapporti tra Sindaci e Poste&#8221;.<\/em><\/div>\n<\/div>\n<p>&nbsp;<\/p>\n<hr \/>\n<p>&nbsp;<\/p>\n<p>&nbsp;<\/p>\n<blockquote>\n<h3>55 ANNI FA L\u2019ALLUVIONE DI NOVEMBRE DIECI ANNI DOPO, CONVEGNO DELL\u2019ASB<\/h3>\n<\/blockquote>\n<p><strong>di RENATO BONA<\/strong><\/p>\n<p>Sabato 27 novembre 1976, nella veste di presidente dell\u2019Associazione Stampa Bellunese presiedevo nel salone della Camera di commercio, industria ed agricoltura il convegno-dibattito che i giornalisti avevano organizzato sul tema: \u201cAlluvione, 10 anni dopo: problemi e prospettive\u201d. All\u2019evento segu\u00ec con la tipografia Piave (ed il contributo della Cassa di risparmio di Verona, Vicenza e Belluno), la stampa di un libro di quasi 160 pagine con gli interventi di quanti avevano voluto esprimere il loro punto di vista sul problema e con diverse fotografie di Zanfron e Frescura. Nel libro c\u2019erano gli interventi di: Libero Accorsi, pubblicista; Tullio Bettiol, consigliere regionale; Renato Bona, giornalista professionista; Giovanni Bortot, assessore della Comunit\u00e0 montana bellunese; Alfredo Comis, vice sindaco di Santo Stefano di Cadore (intervenuto anche in rappresentanza di San Pietro di Cadore); Romolo Dal Mas, sindaco di Belluno; Luigi D\u2019Alpaos, ingegnere; Armando Da Roit, presidente della Comunit\u00e0 montana Agordina; Felice Dal Sasso, consigliere regionale; Luigi De Fanti, sindaco di Forno di Zoldo; Giovanni De Pra, rappresentante di Federbraccianti; Valentino Giacobbi, presidente dell\u2019Azienda turismo di Pieve di Cadore; Adolfo Molinari, consigliere regionale; Gianfranco Orsini, deputato; Mario Paolini, presidente della Provincia di Belluno; Roberto Piccoli, ingegnere; Gaetano Pigozzo, consigliere regionale; Giuseppe Salerno, ingegnere capo del Genio civile di Belluno; Gianni Sartorel, segretario generale della Cisl bellunese; Lino Sief, capo del Ripartimento Forestale; Carlo Simonetti, presidente della Comunit\u00e0 montana Basso Cadore, Longaronese, Zoldano; Gildo Tomasini, ingegnere; Alvaro Valdinucci, del Servizio geologico di Stato di Roma; Dario Vascellari, assessore comunale a Calalzo di Cadore; Ferruccio Vendramini, pubblicista e storico. E un documento di protesta dei giornalisti bellunesi (diffuso anche dall\u2019agenzia Ansa) in cui si esprimeva \u201cDelusione e amarezza perch\u00e9 i programmi a sostegno e difesa della montagna e dei suoi precari equilibri idrogeologici non si sono ancora tradotti in interventi organici e coordinati, relegando quest\u2019area in un quadro di sviluppo complessivamente marginale e subalterno\u201d. Il documento (che era stato inviato al Presidente della Repubblica, agli onorevoli Andreotti, Fusaro, Orsini, Milano, Riva, ai consiglieri regionali Bettiol, Dal Sasso, Molinari e Pigozzo, al Prefetto di Belluno e ai presidenti della Provincia e delle Regioni Veneto e Toscana) muoveva dal fatto che il Gonfalone della regione Toscana \u00e8 stato insignito della medaglia d\u2019oro al valor civile per la prova collettiva di civismo e difesa morale dimostrata da quell\u2019intera popolazione in occasione delle alluvioni e manifestava il rammarico e lo stupore perch\u00e9 meriti identici a quelli riconosciuti alla popolazione toscana non sono stati riconosciuti anche a Belluno, terra gi\u00e0 provata dalla catastrofe del Vajont, che tanto ha dato alla rinascita del Paese e alla formazione delle sue istituzioni democratiche. A 55 anni dalla rovinosa alluvione ci \u00e8 parso utile ricordare quel convegno e le sue conclusioni ed abbiamo anche colto l\u2019occasione per rifarci ancora una volta al libro del Club Unesco Agordino \u201cUna finestra su Riva\u201d ed in particolare al capitolo intitolato \u201cAlluvione del 1966\u201d per proporre la serie di immagini che Giuliano Laveder e colleghi del benemerito sodalizio avevano raccolto per dare un quadro sia pure parziale di quanto avvenne allora anche nel territorio di Rivamonte Agordino. La prima immagine (oltre a quelle della copertina del libro \u201cAlluvione, 10 anni dopo: problemi e prospettive\u201d, del tavolo della presidenza del convegno bellunese con, da sinistra: i giornalisti Giuseppe Sorge, Renato Bona, Ferruccio Vendramini, Italo Salomon, e quella degli intervenuti) ha una lunga dicitura che ricorda: \u201cL\u2019alluvione non ha risparmiato nessuna frazione di Rivamonte: a Zenich alle 7 del mattino una frana ha completamente travolto la stalla di Luigia Sommariva, con il bestiame al suo interno; alle 10 la strada \u201cNuova\u201d che porta alla chiesa viene bloccata dai detriti, si interrompono le comunicazioni telefoniche; a Rosson l\u2019acqua dei Foss la fa da padrone; nella Valle dei Tos il muraglione di sostegno della strada cede; S\u00f3t i Th\u00e9i molte sono le abitazioni scoperchiate dalle forti raffiche di vento; a Ponte Alto un tratto della strada che conduce alle miniere viene completamente inghiottito, come pure il Ponte del Cristo e quello sull\u2019Imperina\u201d. Seguono immagini della frazione Villagrande: \u201cBur\u00e8la-Falegnameria Th\u00e8leste: a sinistra con la carriola Giovanni Taio (Chip) e sullo sfondo Gino Schena; la \u201cCasa di Abele\u201d; il tempo inclemente non ha risparmiato gli abitanti \u201cregalando\u201d abbondanti nevicate e causando ulteriori disagi alla popolazione; \u201cdavanti alla casa di Cesare Gnech e del Paolin\u00e9t\u201d; \u201ccasa di Vittoria e Mario G\u00e9t; \u201cnegozio del Tuli\u201d; a seguire: la casa di Dario Santel, gli effetti dell\u2019alluvione con tre foto del disastro; la forza dell\u2019acqua pu\u00f2 davvero trasportare di tutto; il negozio della N\u00f2thi e del Tin\u00f2l: una panoramica post-alluvione; dettaglio dei danni; via Bur\u00e8la: la falegnameria del Thel\u00e8ste; ancora Villagrande; scorcio davanti al Nin Baga; di nuovo Villagrande. In conclusione, a chi ha steso queste note resta da ribadire un concetto espresso in apertura del convegno di allora: \u201cL\u2019alluvione, \u00e8 chiaro, non \u00e8 colpa imputabile ad alcuno; non cos\u00ec si pu\u00f2 sempre dire per le conseguenze. La difesa dalle furie delle acque, la regolamentazione di fiumi e torrenti, l\u2019approntamento di opere di difesa non sono un \u2018di pi\u00f9\u2019: devono diventare un vero e proprio servizio sociale che deve essere garantito ad ogni costo. Perch\u00e9 \u00e8 una questione nazionale, visto che ne vanno di mezzo la sicurezza della casa, del lavoro e, troppo spesso, la vita dei cittadini\u201d.<\/p>\n\n\t\t\t<style type='text\/css'>\n\t\t\t\t#gallery-5 {\n\t\t\t\t\tmargin: auto;\n\t\t\t\t}\n\t\t\t\t#gallery-5 .gallery-item {\n\t\t\t\t\tfloat: left;\n\t\t\t\t\tmargin-top: 10px;\n\t\t\t\t\ttext-align: center;\n\t\t\t\t\twidth: 20%;\n\t\t\t\t}\n\t\t\t\t#gallery-5 img {\n\t\t\t\t\tborder: 2px solid #cfcfcf;\n\t\t\t\t}\n\t\t\t\t#gallery-5 .gallery-caption {\n\t\t\t\t\tmargin-left: 0;\n\t\t\t\t}\n\t\t\t\t\/* see gallery_shortcode() in wp-includes\/media.php *\/\n\t\t\t<\/style>\n\t\t<div id='gallery-5' class='dt-gallery-container gallery galleryid-244626 gallery-columns-5 gallery-size-thumbnail'><dl class='gallery-item'>\n\t\t\t\t<dt class='gallery-icon portrait'>\n\t\t\t\t\t<a class=\"rollover rollover-zoom dt-pswp-item\" title=\"260324788_1003887047009205_4287552272322960592_n\" data-dt-img-description=\"\" data-large_image_width=\"149\" data-large_image_height=\"225\"href='https:\/\/www.radiopiu.net\/wordpress\/wp-content\/uploads\/2021\/11\/260324788_1003887047009205_4287552272322960592_n.jpg'><img loading=\"lazy\" decoding=\"async\" width=\"149\" height=\"150\" src=\"https:\/\/www.radiopiu.net\/wordpress\/wp-content\/uploads\/2021\/11\/260324788_1003887047009205_4287552272322960592_n-149x150.jpg\" class=\"attachment-thumbnail size-thumbnail\" alt=\"\" \/><\/a>\n\t\t\t\t<\/dt><\/dl><dl class='gallery-item'>\n\t\t\t\t<dt class='gallery-icon landscape'>\n\t\t\t\t\t<a class=\"rollover rollover-zoom dt-pswp-item\" title=\"261191997_899594024081042_8232771140236065092_n\" data-dt-img-description=\"\" data-large_image_width=\"296\" data-large_image_height=\"205\"href='https:\/\/www.radiopiu.net\/wordpress\/wp-content\/uploads\/2021\/11\/261191997_899594024081042_8232771140236065092_n.jpg'><img loading=\"lazy\" decoding=\"async\" width=\"150\" height=\"150\" src=\"https:\/\/www.radiopiu.net\/wordpress\/wp-content\/uploads\/2021\/11\/261191997_899594024081042_8232771140236065092_n-150x150.jpg\" class=\"attachment-thumbnail size-thumbnail\" alt=\"\" \/><\/a>\n\t\t\t\t<\/dt><\/dl><dl class='gallery-item'>\n\t\t\t\t<dt class='gallery-icon landscape'>\n\t\t\t\t\t<a class=\"rollover rollover-zoom dt-pswp-item\" title=\"260431170_586157249313871_8435446758893180368_n\" data-dt-img-description=\"\" data-large_image_width=\"313\" data-large_image_height=\"206\"href='https:\/\/www.radiopiu.net\/wordpress\/wp-content\/uploads\/2021\/11\/260431170_586157249313871_8435446758893180368_n.jpg'><img loading=\"lazy\" decoding=\"async\" width=\"150\" height=\"150\" src=\"https:\/\/www.radiopiu.net\/wordpress\/wp-content\/uploads\/2021\/11\/260431170_586157249313871_8435446758893180368_n-150x150.jpg\" class=\"attachment-thumbnail size-thumbnail\" alt=\"\" \/><\/a>\n\t\t\t\t<\/dt><\/dl><dl class='gallery-item'>\n\t\t\t\t<dt class='gallery-icon landscape'>\n\t\t\t\t\t<a class=\"rollover rollover-zoom dt-pswp-item\" title=\"260057648_614980953180824_7024957691672574413_n\" data-dt-img-description=\"\" data-large_image_width=\"320\" data-large_image_height=\"203\"href='https:\/\/www.radiopiu.net\/wordpress\/wp-content\/uploads\/2021\/11\/260057648_614980953180824_7024957691672574413_n.jpg'><img loading=\"lazy\" decoding=\"async\" width=\"150\" height=\"150\" src=\"https:\/\/www.radiopiu.net\/wordpress\/wp-content\/uploads\/2021\/11\/260057648_614980953180824_7024957691672574413_n-150x150.jpg\" class=\"attachment-thumbnail size-thumbnail\" alt=\"\" \/><\/a>\n\t\t\t\t<\/dt><\/dl><dl class='gallery-item'>\n\t\t\t\t<dt class='gallery-icon landscape'>\n\t\t\t\t\t<a class=\"rollover rollover-zoom dt-pswp-item\" title=\"260338331_1030157620881504_4699905683757727774_n\" data-dt-img-description=\"\" data-large_image_width=\"296\" data-large_image_height=\"199\"href='https:\/\/www.radiopiu.net\/wordpress\/wp-content\/uploads\/2021\/11\/260338331_1030157620881504_4699905683757727774_n.jpg'><img loading=\"lazy\" decoding=\"async\" width=\"150\" height=\"150\" src=\"https:\/\/www.radiopiu.net\/wordpress\/wp-content\/uploads\/2021\/11\/260338331_1030157620881504_4699905683757727774_n-150x150.jpg\" class=\"attachment-thumbnail size-thumbnail\" alt=\"\" \/><\/a>\n\t\t\t\t<\/dt><\/dl><br style=\"clear: both\" \/><dl class='gallery-item'>\n\t\t\t\t<dt class='gallery-icon portrait'>\n\t\t\t\t\t<a class=\"rollover rollover-zoom dt-pswp-item\" title=\"260055089_603104807604011_8098227750461708866_n\" data-dt-img-description=\"\" data-large_image_width=\"158\" data-large_image_height=\"206\"href='https:\/\/www.radiopiu.net\/wordpress\/wp-content\/uploads\/2021\/11\/260055089_603104807604011_8098227750461708866_n.jpg'><img loading=\"lazy\" decoding=\"async\" width=\"150\" height=\"150\" src=\"https:\/\/www.radiopiu.net\/wordpress\/wp-content\/uploads\/2021\/11\/260055089_603104807604011_8098227750461708866_n-150x150.jpg\" class=\"attachment-thumbnail size-thumbnail\" alt=\"\" \/><\/a>\n\t\t\t\t<\/dt><\/dl><dl class='gallery-item'>\n\t\t\t\t<dt class='gallery-icon portrait'>\n\t\t\t\t\t<a class=\"rollover rollover-zoom dt-pswp-item\" title=\"259765037_1076045403143174_7662349740287653257_n\" data-dt-img-description=\"\" data-large_image_width=\"160\" data-large_image_height=\"224\"href='https:\/\/www.radiopiu.net\/wordpress\/wp-content\/uploads\/2021\/11\/259765037_1076045403143174_7662349740287653257_n.jpg'><img loading=\"lazy\" decoding=\"async\" width=\"150\" height=\"150\" src=\"https:\/\/www.radiopiu.net\/wordpress\/wp-content\/uploads\/2021\/11\/259765037_1076045403143174_7662349740287653257_n-150x150.jpg\" class=\"attachment-thumbnail size-thumbnail\" alt=\"\" \/><\/a>\n\t\t\t\t<\/dt><\/dl><dl class='gallery-item'>\n\t\t\t\t<dt class='gallery-icon landscape'>\n\t\t\t\t\t<a class=\"rollover rollover-zoom dt-pswp-item\" title=\"260437464_417499403183807_536539076896085102_n\" data-dt-img-description=\"\" data-large_image_width=\"386\" data-large_image_height=\"206\"href='https:\/\/www.radiopiu.net\/wordpress\/wp-content\/uploads\/2021\/11\/260437464_417499403183807_536539076896085102_n.jpg'><img loading=\"lazy\" decoding=\"async\" width=\"150\" height=\"150\" src=\"https:\/\/www.radiopiu.net\/wordpress\/wp-content\/uploads\/2021\/11\/260437464_417499403183807_536539076896085102_n-150x150.jpg\" class=\"attachment-thumbnail size-thumbnail\" alt=\"\" \/><\/a>\n\t\t\t\t<\/dt><\/dl><dl class='gallery-item'>\n\t\t\t\t<dt class='gallery-icon portrait'>\n\t\t\t\t\t<a class=\"rollover rollover-zoom dt-pswp-item\" title=\"259618445_424953279207067_8563991827697460083_n\" data-dt-img-description=\"\" data-large_image_width=\"160\" data-large_image_height=\"201\"href='https:\/\/www.radiopiu.net\/wordpress\/wp-content\/uploads\/2021\/11\/259618445_424953279207067_8563991827697460083_n.jpg'><img loading=\"lazy\" decoding=\"async\" width=\"150\" height=\"150\" src=\"https:\/\/www.radiopiu.net\/wordpress\/wp-content\/uploads\/2021\/11\/259618445_424953279207067_8563991827697460083_n-150x150.jpg\" class=\"attachment-thumbnail size-thumbnail\" alt=\"\" \/><\/a>\n\t\t\t\t<\/dt><\/dl><dl class='gallery-item'>\n\t\t\t\t<dt class='gallery-icon portrait'>\n\t\t\t\t\t<a class=\"rollover rollover-zoom dt-pswp-item\" title=\"260407871_1423482458124525_2070778871956024514_n\" data-dt-img-description=\"\" data-large_image_width=\"160\" data-large_image_height=\"203\"href='https:\/\/www.radiopiu.net\/wordpress\/wp-content\/uploads\/2021\/11\/260407871_1423482458124525_2070778871956024514_n.jpg'><img loading=\"lazy\" decoding=\"async\" width=\"150\" height=\"150\" src=\"https:\/\/www.radiopiu.net\/wordpress\/wp-content\/uploads\/2021\/11\/260407871_1423482458124525_2070778871956024514_n-150x150.jpg\" class=\"attachment-thumbnail size-thumbnail\" alt=\"\" \/><\/a>\n\t\t\t\t<\/dt><\/dl><br style=\"clear: both\" \/><dl class='gallery-item'>\n\t\t\t\t<dt class='gallery-icon landscape'>\n\t\t\t\t\t<a class=\"rollover rollover-zoom dt-pswp-item\" title=\"260511534_384170413496209_605907217678019703_n\" data-dt-img-description=\"\" data-large_image_width=\"206\" data-large_image_height=\"206\"href='https:\/\/www.radiopiu.net\/wordpress\/wp-content\/uploads\/2021\/11\/260511534_384170413496209_605907217678019703_n.jpg'><img loading=\"lazy\" decoding=\"async\" width=\"150\" height=\"150\" src=\"https:\/\/www.radiopiu.net\/wordpress\/wp-content\/uploads\/2021\/11\/260511534_384170413496209_605907217678019703_n-150x150.jpg\" class=\"attachment-thumbnail size-thumbnail\" alt=\"\" srcset=\"https:\/\/www.radiopiu.net\/wordpress\/wp-content\/uploads\/2021\/11\/260511534_384170413496209_605907217678019703_n-150x150.jpg 150w, https:\/\/www.radiopiu.net\/wordpress\/wp-content\/uploads\/2021\/11\/260511534_384170413496209_605907217678019703_n.jpg 206w\" sizes=\"auto, (max-width: 150px) 100vw, 150px\" \/><\/a>\n\t\t\t\t<\/dt><\/dl><dl class='gallery-item'>\n\t\t\t\t<dt class='gallery-icon landscape'>\n\t\t\t\t\t<a class=\"rollover rollover-zoom dt-pswp-item\" title=\"260086432_309068464371468_8162368058530343576_n\" data-dt-img-description=\"\" data-large_image_width=\"296\" data-large_image_height=\"206\"href='https:\/\/www.radiopiu.net\/wordpress\/wp-content\/uploads\/2021\/11\/260086432_309068464371468_8162368058530343576_n.jpg'><img loading=\"lazy\" decoding=\"async\" width=\"150\" height=\"150\" src=\"https:\/\/www.radiopiu.net\/wordpress\/wp-content\/uploads\/2021\/11\/260086432_309068464371468_8162368058530343576_n-150x150.jpg\" class=\"attachment-thumbnail size-thumbnail\" alt=\"\" \/><\/a>\n\t\t\t\t<\/dt><\/dl><dl class='gallery-item'>\n\t\t\t\t<dt class='gallery-icon portrait'>\n\t\t\t\t\t<a class=\"rollover rollover-zoom dt-pswp-item\" title=\"259940460_1511435279242570_977492032539404574_n\" data-dt-img-description=\"\" data-large_image_width=\"160\" data-large_image_height=\"206\"href='https:\/\/www.radiopiu.net\/wordpress\/wp-content\/uploads\/2021\/11\/259940460_1511435279242570_977492032539404574_n.jpg'><img loading=\"lazy\" decoding=\"async\" width=\"150\" height=\"150\" src=\"https:\/\/www.radiopiu.net\/wordpress\/wp-content\/uploads\/2021\/11\/259940460_1511435279242570_977492032539404574_n-150x150.jpg\" class=\"attachment-thumbnail size-thumbnail\" alt=\"\" \/><\/a>\n\t\t\t\t<\/dt><\/dl><dl class='gallery-item'>\n\t\t\t\t<dt class='gallery-icon portrait'>\n\t\t\t\t\t<a class=\"rollover rollover-zoom dt-pswp-item\" title=\"260310331_1079509786128978_619418700245914049_n\" data-dt-img-description=\"\" data-large_image_width=\"159\" data-large_image_height=\"206\"href='https:\/\/www.radiopiu.net\/wordpress\/wp-content\/uploads\/2021\/11\/260310331_1079509786128978_619418700245914049_n.jpg'><img loading=\"lazy\" decoding=\"async\" width=\"150\" height=\"150\" src=\"https:\/\/www.radiopiu.net\/wordpress\/wp-content\/uploads\/2021\/11\/260310331_1079509786128978_619418700245914049_n-150x150.jpg\" class=\"attachment-thumbnail size-thumbnail\" alt=\"\" \/><\/a>\n\t\t\t\t<\/dt><\/dl><dl class='gallery-item'>\n\t\t\t\t<dt class='gallery-icon portrait'>\n\t\t\t\t\t<a class=\"rollover rollover-zoom dt-pswp-item\" title=\"260217196_377730394128933_7675549446977778881_n\" data-dt-img-description=\"\" data-large_image_width=\"151\" data-large_image_height=\"206\"href='https:\/\/www.radiopiu.net\/wordpress\/wp-content\/uploads\/2021\/11\/260217196_377730394128933_7675549446977778881_n.jpg'><img loading=\"lazy\" decoding=\"async\" width=\"150\" height=\"150\" src=\"https:\/\/www.radiopiu.net\/wordpress\/wp-content\/uploads\/2021\/11\/260217196_377730394128933_7675549446977778881_n-150x150.jpg\" class=\"attachment-thumbnail size-thumbnail\" alt=\"\" \/><\/a>\n\t\t\t\t<\/dt><\/dl><br style=\"clear: both\" \/>\n\t\t\t<\/div>\n\n<p>&nbsp;<\/p>\n<p>&nbsp;<\/p>\n<p>&nbsp;<\/p>\n<hr \/>\n<p>&nbsp;<\/p>\n<blockquote>\n<h3>DOMANI IL CONSIGLIO COMUNALE DI GOSALDO<\/h3>\n<\/blockquote>\n<p><strong>GOSALDO<\/strong> Il sindaco di Gosaldo Stefano Da Zanche ha convocato, in videoconferenza, il consiglio comunale per domani alle 19. Tra i cinque punti all&#8217;ordine del giorno si discuter\u00e0 di una variazione al bilancio, la nomina del revisore dei conti, regolamento edilizio comunale e l&#8217;approvazione del bilancio di esercizio 2020 di ASCA. Consiglio che sar\u00e0 possibile seguire in diretta sui canali social di Radio Pi\u00f9<\/p>\n<p>&nbsp;<\/p>\n<p>&nbsp;<\/p>\n<hr \/>\n<p>&nbsp;<\/p>\n<blockquote>\n<h3>IL COMUNE ACQUISISCE A PATRIMONIO L&#8217;EDIFICIO CASA PIAZZA<\/h3>\n<\/blockquote>\n<p><strong>COLLE SANTA LUCIA<\/strong> Il sindaco Paolo Frena ha convocato il consiglio comunale per sabato mattina alle 8. All&#8217;ordine del giorno la variazione al bilancio, l&#8217;acquisto di una porzione dell&#8217;edificio &#8220;Casa Piazza&#8221;, progetto per il collegamento Istituto Culturale Ladino Cesa De Jan, comunicazioni del sindaco.<\/p>\n<p>&nbsp;<\/p>\n<hr \/>\n<p>&nbsp;<\/p>\n<blockquote>\n<h3>VARIAZIONI AL BILANCIO E INTERROGAZIONI<\/h3>\n<\/blockquote>\n<p><strong>SELVA DI CADORE<\/strong> Nel consiglio comunale di martedi 30 novembre alle 18 i consiglieri discuteranno la variazione al bilancio e designeranno i rappresentanti del Comune presso enti ed istituzioni. Il consigliere Peretti ha invece inviato tre interrogazioni: societ\u00e0 Val Fiorentina, documento unico di programmazione e linee guida per l&#8217;utilizzo della pagina facebook. All&#8217;ordine del giorno anche l&#8217;approvazione dell&#8217;accordo di collaborazione tra il Comune e l&#8217;Istituto Ladin Cesa de Jan per l&#8217;attuazione del progetto I Ladini: la minoranza linguistica storica delle Dolomiti.<\/p>\n<p>&nbsp;<\/p>\n<p>&nbsp;<\/p>\n<hr \/>\n<p>&nbsp;<\/p>\n<blockquote>\n<h3>A VOLTAGO IL CONSIGLIO COMUNALE LUNEDI&#8217; SERA<\/h3>\n<\/blockquote>\n<p><strong>VOLTAGO<\/strong> Il sindaco di Voltago Giuseppe Schena ha convocato i consiglieri comunali per lunedi alle 19 per trattare 6 punti all&#8217;ordine del giorno tra cui un&#8217;interrogazione del consigliere di minoranza Francesca Della Lucia in merito alle attivit\u00e0 svolte durante il commissariamento, una variazione al bilancio e l&#8217;approvazione della mozione in merito al conferimento della cittadinanza onoraria al Milite Ignoto.<\/p>\n<p>&nbsp;<\/p>\n<p>&nbsp;<\/p>\n<hr \/>\n<p>&nbsp;<\/p>\n<blockquote>\n<h3>NUOVO CORSO PER L&#8217;AFFIDO FAMILIARE<\/h3>\n<\/blockquote>\n<p><strong>BELLUNO<\/strong> I Centri per l&#8217;Affido e la Solidariet\u00e0 Familiare\u00a0 dell&#8217;ULSS Dolomiti \u2013 \u00e8quipe di Belluno e Feltre \u2013 organizzano un corso informativo e formativo on-line sul tema dell&#8217;affido familiare, con l&#8217;auspicio che questa modalit\u00e0 possa coinvolgere pi\u00f9 facilmente un sempre maggior numero di persone da ogni parte della provincia. Il corso si svolger\u00e0 in modalit\u00e0 online il 29 novembre e il 6 dicembre dalle 17.45 alle 19.30.<\/p>\n<p>&nbsp;<\/p>\n<p>&nbsp;<\/p>\n<hr \/>\n<p>&nbsp;<\/p>\n<blockquote>\n<h3>GIOCO D&#8217;AZZARDO: OPEN DAY NEI SERD DELL&#8217;ULSS DOLOMITI<\/h3>\n<\/blockquote>\n<p><strong>BELLUNO<\/strong> Per favorire la sensibilizzazione sul tema del gioco d\u2019azzardo e le tematiche correlate, il Dipartimento per le dipendenze ha organizzato degli open day Ecco le date e i contatti a cui far riferimento: Auronzo domani dalle 15 alle 19 (0435402681 alcologia.au@aulss1.veneto.it)<\/p>\n<p>&nbsp;<\/p>\n<p>&nbsp;<\/p>\n<hr \/>\n<p>&nbsp;<\/p>\n<blockquote>\n<h3 dir=\"ltr\">MERCATINO DI NATALE A FALCADE<\/h3>\n<\/blockquote>\n<p dir=\"ltr\"><strong>FALCADE<\/strong>\u00a0 L&#8217;associazione albergatori, ristoratori e rifugi della Valle del Biois mette e disposizione le casette per i mercatini natalizi sulla piazza di Falcade per il periodo natalizio. Gli interessati ad esporre possono rivolgersi all&#8217;ufficio Promo Falcade, telefono 334 7230117 oppure 329 7603762<\/p>\n<hr \/>\n<blockquote>\n<h3><\/h3>\n<h3>IL 27 E 28 NOVEMBRE LA FIERA DI SANT&#8217;ANDREA A CENCENIGHE<\/h3>\n<\/blockquote>\n<p><strong>CENCENIGHE\u00a0<\/strong>Il Comune e la Pro Loco di Cencenighe organizzano per sabato 27 e domenica 28 novembre la Fiera di Sant&#8217;Andrea presso il Nof Fil\u00f2 dalle 9 alle 19. Mercatino dell&#8217;artigianato, camioncino delle caramelle e servizio bar e pranzo da asporto. Dall 10 alle 16 la possibilit\u00e0 di fare un giro in pony o cavallo, l&#8217;esposizione degli animali sul piazzale del municipio, la ferratura del cavallo e l&#8217;esibizione di scultura su legno. All&#8217;esterno anche il chiosco degli Alpini con vin brul\u00e8 e caldarroste.<\/p>\n<p>&nbsp;<\/p>\n<hr \/>\n<p>&nbsp;<\/p>\n<blockquote>\n<h3>CICLABILI E CICLABILITA&#8217;, IL CONVEGNO CON LA FIAB<\/h3>\n<\/blockquote>\n<p><strong><a href=\"https:\/\/www.radiopiu.net\/wordpress\/giornale-radiopiu-25-novembre-2021-direttore-mirko-mezzacasa\/000007v5\/\" rel=\"attachment wp-att-244770\"><img loading=\"lazy\" decoding=\"async\" class=\"size-medium wp-image-244770 alignleft\" src=\"https:\/\/www.radiopiu.net\/wordpress\/wp-content\/uploads\/2021\/11\/000007V5-300x99.jpeg\" alt=\"\" width=\"300\" height=\"99\" srcset=\"https:\/\/www.radiopiu.net\/wordpress\/wp-content\/uploads\/2021\/11\/000007V5-300x99.jpeg 300w, https:\/\/www.radiopiu.net\/wordpress\/wp-content\/uploads\/2021\/11\/000007V5.jpeg 629w\" sizes=\"auto, (max-width: 300px) 100vw, 300px\" \/><\/a>BELLUNO<\/strong> Sabato dalle 9.30 in sala del Teatro Centro Giovanni XXIII in piazza Piloni si terr\u00e0 il convegno organizzato da Fiab e Comune di Belluno. Il convegno a distanza di un anno dalla presentazione del progetto della Bicipolitana e i promotori della Fiab reputano questo incontro un punto di svolta perch\u00e9, per la prima volta a Belluno, si tiene un convegno sulla mobilit\u00e0 attiva e sostenibile in bicicletta. Interverranno il sindaco Jacopo Massaro, l&#8217;assessore Alberto Simiele, il ricercatore e docente Luca Della Lucia e il coordinatore regionale Fiab Veneto Antonio Dalla Venezia.<\/p>\n<blockquote><p><em>&#8220;La mobilit\u00e0 ciclistica \u00e8 di grande attualit\u00e0 poich\u00e9 l&#8217;emergenza climatica, che sempre pi\u00f9 frequentemente si manifesta con violentissimi ed improvvisi eventi atmosferici avversi, richiede interventi urgenti sul piano dei trasporti, favorendo forme di mobilit\u00e0 urbana alternative all\u2019automobile.<\/em> Quindi, come dice FIAB,<em> Il mondo ha bisogno di molte pi\u00f9 biciclette per combattere la crisi climatica\u201d.<\/em><\/p><\/blockquote>\n<p>&nbsp;<\/p>\n<hr \/>\n<p>&nbsp;<\/p>\n<p>&nbsp;<\/p>\n<blockquote>\n<h3>LA COMMEDIA CON IL SORRISO<\/h3>\n<\/blockquote>\n<p><strong>\u00a0BELLUNO<\/strong>\u00a0 La \u201cCompagnia del Sorriso\u201d di Salce, presenta \u201cSon Torn\u00e0 dall\u2019Aldil\u00e0\u201d divertente commedia in tre atti in dialetto bellunese. Sabato alle 20:45 al Centro Culturale di Longarone.<\/p>\n<p>&nbsp;<\/p>\n<p>&nbsp;<\/p>\n<hr \/>\n<blockquote>\n<h3><\/h3>\n<h3>DOMENICA A TEATRO CON LE VOCI DAI CORTIVI<\/h3>\n<\/blockquote>\n<p><strong>BELLUNO<\/strong> Per Benvenuto San Martino domenica alle 20.45 al Teatro Comunale Concerto con il gruppo &#8220;Voci dai Cortivi&#8221; e le fisarmoniche di Lorenzo e Federico. Ingresso libero fino ad esaurimento posti, obbligo di green pass. Presenta la serata Giorgio Dal Farra.<\/p>\n<p>&nbsp;<\/p>\n<p>&nbsp;<\/p>\n<p>&nbsp;<\/p>\n<hr \/>\n<p>&nbsp;<\/p>\n<blockquote>\n<h3>NOVEMBRE, IL MESE DELLA CORALITA&#8217;<\/h3>\n<\/blockquote>\n<p><strong><a href=\"https:\/\/www.radiopiu.net\/wordpress\/novembre-il-mese-della-coralita\/asac-veneto\/\" rel=\"attachment wp-att-241021\"><img loading=\"lazy\" decoding=\"async\" class=\" wp-image-241021 alignleft\" src=\"https:\/\/www.radiopiu.net\/wordpress\/wp-content\/uploads\/2021\/11\/ASAC-VENETO-300x167.png\" alt=\"\" width=\"210\" height=\"117\" srcset=\"https:\/\/www.radiopiu.net\/wordpress\/wp-content\/uploads\/2021\/11\/ASAC-VENETO-300x167.png 300w, https:\/\/www.radiopiu.net\/wordpress\/wp-content\/uploads\/2021\/11\/ASAC-VENETO.png 534w\" sizes=\"auto, (max-width: 210px) 100vw, 210px\" \/><\/a> <\/strong><\/p>\n<p><strong>\u00a0<\/strong><\/p>\n<p><strong>BELLUNO<\/strong> Novembre \u00e8 il mese della coralit\u00e0. Dopo gli appuntamenti delle scorse settimane, \u201cDolomiti in coro 2021\u201d si chiudera\u0300 sabato 27 novembre nella Chiesa parrocchiale di Longarone con il Coro Voci delle Dolomiti, il Gruppo Solo Voci di Feltre ed il Coro Cadore di Pieve di Cadore<\/p>\n<p>&nbsp;<\/p>\n<p>&nbsp;<\/p>\n<hr \/>\n<p>&nbsp;<\/p>\n<blockquote>\n<h3>CONTINUANO GLI SPETTACOLI DI MISTERO<\/h3>\n<\/blockquote>\n<p><strong>VENEZIA <\/strong>Si avvia verso la conclusione Veneto Spettacoli di Mistero, la rassegna promossa da Regione del Veneto e UNPLI Veneto che celebra le storie pi\u00f9 occulte e i territori in cui hanno avuto origine. Sabato due eventi in programma. A Fonzaso alle 18 El Barabek, un racconto della tradizione che verr\u00e0 riproposto attraverso una passeggiata a lume di candela, tra una visita alla cittadina e una rappresentazione teatrale amatoriale. A Sospirolo alle 20:30 La Rajetta Rubata, spettacolo tratto dall\u2019omonimo romanzo di Roberto Frison, che ne cura anche la regia. <i>In ottemperanza alle disposizioni di sicurezza anti-Covid 19, per tutti gli eventi in presenza \u00e8 richiesta la prenotazione, il green pass da esibire il giorno dell\u2019evento, il rispetto del distanziamento sociale e l\u2019utilizzo di mascherina.<\/i><\/p>\n<p>&nbsp;<\/p>\n<p>&nbsp;<\/p>\n<hr \/>\n<p>&nbsp;<\/p>\n<h1><span style=\"color: #ff0000;\">IERI ALLA RADIO&#8230;<\/span><\/h1>\n<h2><strong><a href=\"https:\/\/www.radiopiu.net\/wordpress\/oscar-e-diego-tibolla-dal-ristorante-alle-codole-di-canale-dagordo\/alle-codole\/\" rel=\"attachment wp-att-244701\"><img loading=\"lazy\" decoding=\"async\" class=\"size-medium wp-image-244701 alignleft\" src=\"https:\/\/www.radiopiu.net\/wordpress\/wp-content\/uploads\/2021\/11\/ALLE-CODOLE-300x225.jpg\" alt=\"\" width=\"300\" height=\"225\" srcset=\"https:\/\/www.radiopiu.net\/wordpress\/wp-content\/uploads\/2021\/11\/ALLE-CODOLE-300x225.jpg 300w, https:\/\/www.radiopiu.net\/wordpress\/wp-content\/uploads\/2021\/11\/ALLE-CODOLE.jpg 550w\" sizes=\"auto, (max-width: 300px) 100vw, 300px\" \/><\/a><span style=\"color: #008080;\">OSCAR E DIEGO TIBOLLA DAL RISTORANTE ALLE CODOLE DI CANALE D&#8217;AGORDO<\/span><\/strong><\/h2>\n<p><strong>di Claudio Fontanive<\/strong><\/p>\n<p>Ospiti: Oscar Tibolla e Diego Tibolla &#8211; Ristorante Alle Codole<\/p>\n<audio class=\"wp-audio-shortcode\" id=\"audio-244626-18\" preload=\"none\" style=\"width: 100%;\" controls=\"controls\"><source type=\"audio\/mpeg\" src=\"https:\/\/www.radiopiu.net\/wordpress\/wp-content\/uploads\/2021\/11\/oscar-e-diego-tibolla-24-novembre.mp3?_=18\" \/><a href=\"https:\/\/www.radiopiu.net\/wordpress\/wp-content\/uploads\/2021\/11\/oscar-e-diego-tibolla-24-novembre.mp3\">https:\/\/www.radiopiu.net\/wordpress\/wp-content\/uploads\/2021\/11\/oscar-e-diego-tibolla-24-novembre.mp3<\/a><\/audio>\n<p>&nbsp;<\/p>\n<hr \/>\n<p>&nbsp;<\/p>\n<h2><span style=\"color: #ff00ff;\">PLASTIC FREE PER UN MONDO SENZA PLASTICA<\/span><\/h2>\n<p><strong>Con la collaborazione di Martina Smaniotto<\/strong><\/p>\n<p><em><strong>Puntata del 24 novembre 2021<\/strong><\/em><\/p>\n<audio class=\"wp-audio-shortcode\" id=\"audio-244626-19\" preload=\"none\" style=\"width: 100%;\" controls=\"controls\"><source type=\"audio\/mpeg\" src=\"https:\/\/www.radiopiu.net\/wordpress\/wp-content\/uploads\/2021\/11\/MARTINA-PLASTIC-7.mp3?_=19\" \/><a href=\"https:\/\/www.radiopiu.net\/wordpress\/wp-content\/uploads\/2021\/11\/MARTINA-PLASTIC-7.mp3\">https:\/\/www.radiopiu.net\/wordpress\/wp-content\/uploads\/2021\/11\/MARTINA-PLASTIC-7.mp3<\/a><\/audio>\n<p><strong>LA RACCOLTA COMPLETA<\/strong><\/p>\n<blockquote class=\"wp-embedded-content\" data-secret=\"PsivnnPGFa\"><p><a href=\"https:\/\/www.radiopiu.net\/wordpress\/plastic-free-per-un-mondo-senza-plastica\/\">PLASTIC FREE per un mondo senza plastica<\/a><\/p><\/blockquote>\n<p><iframe loading=\"lazy\" class=\"wp-embedded-content\" sandbox=\"allow-scripts\" security=\"restricted\" style=\"position: absolute; clip: rect(1px, 1px, 1px, 1px);\" title=\"&#8220;PLASTIC FREE per un mondo senza plastica&#8221; &#8212; Radio Pi\u00f9\" src=\"https:\/\/www.radiopiu.net\/wordpress\/plastic-free-per-un-mondo-senza-plastica\/embed\/#?secret=PsivnnPGFa\" data-secret=\"PsivnnPGFa\" width=\"600\" height=\"338\" frameborder=\"0\" marginwidth=\"0\" marginheight=\"0\" scrolling=\"no\"><\/iframe><\/p>\n<p>&nbsp;<\/p>\n<p>&nbsp;<\/p>\n<hr \/>\n<p>&nbsp;<\/p>\n<div>\n<div class=\"b654a4as d2edcug0\">\n<div class=\"rq0escxv hkbzh7o3 jwdofwj8 n8tt0mok r8blr3vg hyh9befq\">\n<p><a class=\"dt-pswp-item\" href=\"https:\/\/www.radiopiu.net\/wordpress\/wp-content\/uploads\/2020\/10\/pp.jpg\" data-dt-img-description=\"\" data-large_image_width=\"640\" data-large_image_height=\"640\"><img loading=\"lazy\" decoding=\"async\" class=\"wp-image-163678 alignleft\" src=\"https:\/\/www.radiopiu.net\/wordpress\/wp-content\/uploads\/2020\/10\/pp-300x300.jpg\" alt=\"\" width=\"106\" height=\"106\" srcset=\"https:\/\/www.radiopiu.net\/wordpress\/wp-content\/uploads\/2020\/10\/pp-300x300.jpg 300w, https:\/\/www.radiopiu.net\/wordpress\/wp-content\/uploads\/2020\/10\/pp-150x150.jpg 150w, https:\/\/www.radiopiu.net\/wordpress\/wp-content\/uploads\/2020\/10\/pp-125x125.jpg 125w, https:\/\/www.radiopiu.net\/wordpress\/wp-content\/uploads\/2020\/10\/pp-200x200.jpg 200w, https:\/\/www.radiopiu.net\/wordpress\/wp-content\/uploads\/2020\/10\/pp-80x80.jpg 80w, https:\/\/www.radiopiu.net\/wordpress\/wp-content\/uploads\/2020\/10\/pp-480x480.jpg 480w, https:\/\/www.radiopiu.net\/wordpress\/wp-content\/uploads\/2020\/10\/pp.jpg 640w\" sizes=\"auto, (max-width: 106px) 100vw, 106px\" \/><\/a><\/p>\n<\/div>\n<\/div>\n<\/div>\n<div>\n<div class=\"page-title-head hgroup\">\n<div class=\"page-title-head hgroup\">\n<div class=\"b654a4as d2edcug0\">\n<div class=\"j83agx80 btwxx1t3 lhclo0ds hop8lmos nkwizq5d scwd0bx6 roh60bw9\">\n<div class=\"rq0escxv hkbzh7o3 jwdofwj8 n8tt0mok r8blr3vg hyh9befq\">\n<div class=\"do00u71z l9j0dhe7 k4urcfbm\">\n<h2><span style=\"color: #000080;\">DON CESARE, IL PENSIERO DEL GIORNO. ALLA RADIO ALLE 7 DEL MATTINO E ALLE 19.30 DELLA SERA.\u00a0\u00a0<\/span><\/h2>\n<p>&nbsp;<\/p>\n<audio class=\"wp-audio-shortcode\" id=\"audio-244626-20\" preload=\"none\" style=\"width: 100%;\" controls=\"controls\"><source type=\"audio\/mpeg\" src=\"https:\/\/www.radiopiu.net\/wordpress\/wp-content\/uploads\/2021\/11\/cesare-13.mp3?_=20\" \/><a href=\"https:\/\/www.radiopiu.net\/wordpress\/wp-content\/uploads\/2021\/11\/cesare-13.mp3\">https:\/\/www.radiopiu.net\/wordpress\/wp-content\/uploads\/2021\/11\/cesare-13.mp3<\/a><\/audio>\n<p>&nbsp;<\/p>\n<p>&nbsp;<\/p>\n<hr \/>\n<p>&nbsp;<\/p>\n<blockquote>\n<h3>IN VIVO VERSO, SETTIMA STAGIONE CON BRUNELLA MORO, DAL LUNEDI AL VENERDI ALLE 7.10, 10.10 E 18.50<\/h3>\n<\/blockquote>\n<h2>SORSO DI SOGNO di ANTONIETTA CREPAZ<\/h2>\n<p><strong>AUDIO<\/strong><\/p>\n<audio class=\"wp-audio-shortcode\" id=\"audio-244626-21\" preload=\"none\" style=\"width: 100%;\" controls=\"controls\"><source type=\"audio\/mpeg\" src=\"https:\/\/www.radiopiu.net\/wordpress\/wp-content\/uploads\/2021\/11\/03-SORSO-DI-SOGNO-DI-ANTONIETTA-CREPAZ.mp3?_=21\" \/><a href=\"https:\/\/www.radiopiu.net\/wordpress\/wp-content\/uploads\/2021\/11\/03-SORSO-DI-SOGNO-DI-ANTONIETTA-CREPAZ.mp3\">https:\/\/www.radiopiu.net\/wordpress\/wp-content\/uploads\/2021\/11\/03-SORSO-DI-SOGNO-DI-ANTONIETTA-CREPAZ.mp3<\/a><\/audio>\n<p>&nbsp;<\/p>\n<p align=\"LEFT\"><span style=\"color: #050505;\"><span style=\"font-family: Verdana, sans-serif;\"><span style=\"font-size: x-large;\"><a href=\"https:\/\/www.radiopiu.net\/wordpress\/sorso-di-sogno-di-antonietta-crepaz\/antonietta-crepaz-foto-3\/\" rel=\"attachment wp-att-244712\"><img loading=\"lazy\" decoding=\"async\" class=\"size-medium wp-image-244712 alignleft\" src=\"https:\/\/www.radiopiu.net\/wordpress\/wp-content\/uploads\/2021\/11\/ANTONIETTA-CREPAZ-FOTO-300x225.jpg\" alt=\"\" width=\"300\" height=\"225\" srcset=\"https:\/\/www.radiopiu.net\/wordpress\/wp-content\/uploads\/2021\/11\/ANTONIETTA-CREPAZ-FOTO-300x225.jpg 300w, https:\/\/www.radiopiu.net\/wordpress\/wp-content\/uploads\/2021\/11\/ANTONIETTA-CREPAZ-FOTO-768x576.jpg 768w, https:\/\/www.radiopiu.net\/wordpress\/wp-content\/uploads\/2021\/11\/ANTONIETTA-CREPAZ-FOTO.jpg 960w\" sizes=\"auto, (max-width: 300px) 100vw, 300px\" \/><\/a> Un sogno <\/span><\/span><\/span><\/p>\n<p align=\"LEFT\"><span style=\"color: #050505;\"><span style=\"font-family: Verdana, sans-serif;\"><span style=\"font-size: x-large;\">mai espresso <\/span><\/span><\/span><\/p>\n<p align=\"LEFT\"><span style=\"color: #050505;\"><span style=\"font-family: Verdana, sans-serif;\"><span style=\"font-size: x-large;\">accantonato scivolato <\/span><\/span><\/span><\/p>\n<p align=\"LEFT\"><span style=\"color: #050505;\"><span style=\"font-family: Verdana, sans-serif;\"><span style=\"font-size: x-large;\">finito sul fondo <\/span><\/span><\/span><\/p>\n<p align=\"LEFT\"><span style=\"color: #050505;\"><span style=\"font-family: Verdana, sans-serif;\"><span style=\"font-size: x-large;\">di un bicchiere <\/span><\/span><\/span><\/p>\n<p align=\"LEFT\"><span style=\"color: #050505;\"><span style=\"font-family: Verdana, sans-serif;\"><span style=\"font-size: x-large;\">mezzo pieno. <\/span><\/span><\/span><\/p>\n<p align=\"LEFT\"><span style=\"color: #050505;\"><span style=\"font-family: Verdana, sans-serif;\"><span style=\"font-size: x-large;\">Vive all&#8217;ombra <\/span><\/span><\/span><\/p>\n<p align=\"LEFT\"><span style=\"color: #050505;\"><span style=\"font-family: Verdana, sans-serif;\"><span style=\"font-size: x-large;\">di vetro<\/span><\/span><\/span><\/p>\n<p align=\"LEFT\"><span style=\"color: #050505;\"><span style=\"font-family: Verdana, sans-serif;\"><span style=\"font-size: x-large;\">pi\u00f9 reale del presente, <\/span><\/span><\/span><\/p>\n<p align=\"LEFT\"><span style=\"color: #050505;\"><span style=\"font-family: Verdana, sans-serif;\"><span style=\"font-size: x-large;\">sorso di luce <\/span><\/span><\/span><\/p>\n<p align=\"LEFT\"><span style=\"color: #050505;\"><span style=\"font-family: Verdana, sans-serif;\"><span style=\"font-size: x-large;\">nella quotidianit\u00e0.<\/span><\/span><\/span><\/p>\n<p><strong>LA RACCOLTA COMPLETA\u00a0 \u00a0<\/strong><\/p>\n<blockquote class=\"wp-embedded-content\" data-secret=\"H556hUcyYC\"><p><a href=\"https:\/\/www.radiopiu.net\/wordpress\/in-vivo-verso\/\">In Vivo Verso<\/a><\/p><\/blockquote>\n<p><iframe loading=\"lazy\" class=\"wp-embedded-content\" sandbox=\"allow-scripts\" security=\"restricted\" style=\"position: absolute; clip: rect(1px, 1px, 1px, 1px);\" title=\"&#8220;In Vivo Verso&#8221; &#8212; Radio Pi\u00f9\" src=\"https:\/\/www.radiopiu.net\/wordpress\/in-vivo-verso\/embed\/#?secret=H556hUcyYC\" data-secret=\"H556hUcyYC\" width=\"600\" height=\"338\" frameborder=\"0\" marginwidth=\"0\" marginheight=\"0\" scrolling=\"no\"><\/iframe><\/p>\n<p>&nbsp;<\/p>\n<p>&nbsp;<\/p>\n<hr \/>\n<p>&nbsp;<\/p>\n<h2><span style=\"color: #00ff00;\">CONNESSI di Luisa Manfroi<\/span><\/h2>\n<p><strong>PUNTATA DEL 23 NOVEMBRE 2021\u00a0<\/strong><\/p>\n<audio class=\"wp-audio-shortcode\" id=\"audio-244626-22\" preload=\"none\" style=\"width: 100%;\" controls=\"controls\"><source type=\"audio\/mpeg\" src=\"https:\/\/www.radiopiu.net\/wordpress\/wp-content\/uploads\/2021\/11\/6-Federico-Faggin-il-fisico-veneto-padre-del-microprocessore.mp3?_=22\" \/><a href=\"https:\/\/www.radiopiu.net\/wordpress\/wp-content\/uploads\/2021\/11\/6-Federico-Faggin-il-fisico-veneto-padre-del-microprocessore.mp3\">https:\/\/www.radiopiu.net\/wordpress\/wp-content\/uploads\/2021\/11\/6-Federico-Faggin-il-fisico-veneto-padre-del-microprocessore.mp3<\/a><\/audio>\n<p>&nbsp;<\/p>\n<div>\n<div class=\"page-title-head hgroup\">\n<div class=\"page-title-head hgroup\">\n<div class=\"b654a4as d2edcug0\">\n<div class=\"j83agx80 btwxx1t3 lhclo0ds hop8lmos nkwizq5d scwd0bx6 roh60bw9\">\n<div class=\"rq0escxv hkbzh7o3 jwdofwj8 n8tt0mok r8blr3vg hyh9befq\">\n<div class=\"do00u71z l9j0dhe7 k4urcfbm\">\n<div class=\"ecm0bbzt e5nlhep0 a8c37x1j\">\n<div class=\"kvgmc6g5 cxmmr5t8 oygrvhab hcukyx3x c1et5uql\">\n<div class=\"gmail-kvgmc6g5 gmail-cxmmr5t8 gmail-oygrvhab gmail-hcukyx3x gmail-c1et5uql gmail-ii04i59q\">\n<div class=\"page-title-head hgroup\">\n<div class=\"page-title-head hgroup\">\n<div class=\"b654a4as d2edcug0\">\n<div class=\"j83agx80 btwxx1t3 lhclo0ds hop8lmos nkwizq5d scwd0bx6 roh60bw9\">\n<div class=\"rq0escxv hkbzh7o3 jwdofwj8 n8tt0mok r8blr3vg hyh9befq\">\n<div class=\"do00u71z l9j0dhe7 k4urcfbm\">\n<blockquote class=\"wp-embedded-content\" data-secret=\"8FRgggePFU\"><p><a href=\"https:\/\/www.radiopiu.net\/wordpress\/connessi-2\/\">Connessi<\/a><\/p><\/blockquote>\n<p><iframe loading=\"lazy\" class=\"wp-embedded-content\" sandbox=\"allow-scripts\" security=\"restricted\" style=\"position: absolute; clip: rect(1px, 1px, 1px, 1px);\" title=\"&#8220;Connessi&#8221; &#8212; Radio Pi\u00f9\" src=\"https:\/\/www.radiopiu.net\/wordpress\/connessi-2\/embed\/#?secret=8FRgggePFU\" data-secret=\"8FRgggePFU\" width=\"600\" height=\"338\" frameborder=\"0\" marginwidth=\"0\" marginheight=\"0\" scrolling=\"no\"><\/iframe><\/p>\n<p>&nbsp;<\/p>\n<p>&nbsp;<\/p>\n<p>&nbsp;<\/p>\n<hr \/>\n<p>&nbsp;<\/p>\n<p><span style=\"color: #0000ff;\">MUSICA PIU&#8217;\u00a0<\/span><\/p>\n<p><a href=\"https:\/\/www.radiopiu.net\/wordpress\/giornale-radiopiu-20-settembre-2021-direttore-mirko-mezzacasa\/pp-79\/\" rel=\"attachment wp-att-232921\"><img loading=\"lazy\" decoding=\"async\" class=\"wp-image-232921 alignleft\" src=\"https:\/\/www.radiopiu.net\/wordpress\/wp-content\/uploads\/2021\/09\/pp-1-300x300.jpg\" alt=\"\" width=\"135\" height=\"135\" srcset=\"https:\/\/www.radiopiu.net\/wordpress\/wp-content\/uploads\/2021\/09\/pp-1-300x300.jpg 300w, https:\/\/www.radiopiu.net\/wordpress\/wp-content\/uploads\/2021\/09\/pp-1-150x150.jpg 150w, https:\/\/www.radiopiu.net\/wordpress\/wp-content\/uploads\/2021\/09\/pp-1.jpg 640w\" sizes=\"auto, (max-width: 135px) 100vw, 135px\" \/><\/a><\/p>\n<div class=\"mkdf-post-text\">\n<div class=\"mkdf-post-text-inner\">\n<div class=\"mkdf-post-text-main\">\n<div class=\"mkdf-post-text\">\n<div class=\"mkdf-post-text-inner\">\n<div class=\"mkdf-post-text-main\">\n<div class=\"mkdf-post-text\">\n<div class=\"mkdf-post-text-inner\">\n<div class=\"mkdf-post-text-main\">\n<div class=\"page-title-head hgroup\">\n<div class=\"page-title-head hgroup\">\n<div class=\"mkdf-post-text\">\n<div class=\"mkdf-post-text-inner\">\n<div class=\"mkdf-post-text-main\">\n<div class=\"mkdf-post-text\">\n<div class=\"mkdf-post-text-inner\">\n<div class=\"mkdf-post-text-main\">\n<div class=\"page-title-head hgroup\">\n<div class=\"page-title-head hgroup\">\n<div class=\"page-title-head hgroup\">\n<div class=\"page-title-head hgroup\">\n<div class=\"b654a4as d2edcug0\">\n<div class=\"page-title-head hgroup\">\n<div class=\"page-title-head hgroup\">\n<div class=\"page-title-head hgroup\">\n<div class=\"page-title-head hgroup\">\n<div class=\"b654a4as d2edcug0\">\n<div class=\"page-title-head hgroup\">\n<div class=\"page-title-head hgroup\">\n<div class=\"page-title-head hgroup\">\n<div class=\"page-title-head hgroup\">\n<div class=\"b654a4as d2edcug0\">\n<div class=\"mkdf-post-text\">\n<div class=\"mkdf-post-text-inner\">\n<div class=\"mkdf-post-text-main\">\n<div class=\"mkdf-post-text\">\n<div class=\"mkdf-post-text-inner\">\n<div class=\"mkdf-post-text-main\">\n<div class=\"mkdf-post-text\">\n<div class=\"mkdf-post-text-inner\">\n<div class=\"mkdf-post-text-main\">\n<div class=\"page-title-head hgroup\">\n<div class=\"page-title-head hgroup\">\n<div class=\"mkdf-post-text\">\n<div class=\"mkdf-post-text-inner\">\n<div class=\"mkdf-post-text-main\">\n<div class=\"mkdf-post-text\">\n<div class=\"mkdf-post-text-inner\">\n<div class=\"mkdf-post-text-main\">\n<div class=\"page-title-head hgroup\">\n<div class=\"page-title-head hgroup\">\n<div class=\"page-title-head hgroup\">\n<div class=\"page-title-head hgroup\">\n<div class=\"b654a4as d2edcug0\">\n<div class=\"page-title-head hgroup\">\n<div class=\"page-title-head hgroup\">\n<div class=\"page-title-head hgroup\">\n<div class=\"page-title-head hgroup\">\n<div class=\"b654a4as d2edcug0\">\n<div class=\"page-title-head hgroup\">\n<div class=\"page-title-head hgroup\">\n<div class=\"page-title-head hgroup\">\n<div class=\"page-title-head hgroup\">\n<div class=\"b654a4as d2edcug0\">\n<div><\/div>\n<div><\/div>\n<div>\n<p><strong>MUSICA ALLA RADIO, IL PROGRAMMA DI LORIS SCUSSEL &#8220;COLLAGE OPERAZIONE NOSTALGIA&#8221; DAL LUNEDI AL VENERDI ALLE 16.00\u00a0 E ALLE 23\u00a0<\/strong><\/p>\n<\/div>\n<p>&nbsp;<\/p>\n<p>&nbsp;<\/p>\n<p><strong>LA PUNTATA DI IERI\u00a0 N 483<\/strong><\/p>\n<audio class=\"wp-audio-shortcode\" id=\"audio-244626-23\" preload=\"none\" style=\"width: 100%;\" controls=\"controls\"><source type=\"audio\/mpeg\" src=\"https:\/\/www.radiopiu.net\/wordpress\/wp-content\/uploads\/2021\/11\/Collage-483.mp3?_=23\" \/><a href=\"https:\/\/www.radiopiu.net\/wordpress\/wp-content\/uploads\/2021\/11\/Collage-483.mp3\">https:\/\/www.radiopiu.net\/wordpress\/wp-content\/uploads\/2021\/11\/Collage-483.mp3<\/a><\/audio>\n<p>&nbsp;<\/p>\n<\/div>\n<\/div>\n<\/div>\n<\/div>\n<\/div>\n<\/div>\n<\/div>\n<\/div>\n<\/div>\n<\/div>\n<\/div>\n<\/div>\n<\/div>\n<\/div>\n<\/div>\n<\/div>\n<\/div>\n<\/div>\n<\/div>\n<\/div>\n<\/div>\n<\/div>\n<\/div>\n<\/div>\n<\/div>\n<\/div>\n<\/div>\n<\/div>\n<\/div>\n<\/div>\n<\/div>\n<\/div>\n<\/div>\n<\/div>\n<\/div>\n<\/div>\n<\/div>\n<\/div>\n<\/div>\n<\/div>\n<\/div>\n<\/div>\n<\/div>\n<\/div>\n<\/div>\n<\/div>\n<\/div>\n<\/div>\n<\/div>\n<\/div>\n<\/div>\n<\/div>\n<\/div>\n<\/div>\n<\/div>\n<\/div>\n<\/div>\n<\/div>\n<\/div>\n<\/div>\n<\/div>\n<\/div>\n<\/div>\n<\/div>\n<blockquote class=\"wp-embedded-content\" data-secret=\"uG8lSUa8kn\"><p><a href=\"https:\/\/www.radiopiu.net\/wordpress\/freemix-la-liberta-musicale-mixata-da-dj-athos-e-raccontata-da-dj-jack\/\">FREEMIX, LA LIBERTA&#8217; MUSICALE MIXATA DA DJ ATHOS E RACCONTATA DA DJ JACK<\/a><\/p><\/blockquote>\n<p><iframe loading=\"lazy\" class=\"wp-embedded-content\" sandbox=\"allow-scripts\" security=\"restricted\" style=\"position: absolute; clip: rect(1px, 1px, 1px, 1px);\" title=\"&#8220;FREEMIX, LA LIBERTA&#8217; MUSICALE MIXATA DA DJ ATHOS E RACCONTATA DA DJ JACK&#8221; &#8212; Radio Pi\u00f9\" src=\"https:\/\/www.radiopiu.net\/wordpress\/freemix-la-liberta-musicale-mixata-da-dj-athos-e-raccontata-da-dj-jack\/embed\/#?secret=uG8lSUa8kn\" data-secret=\"uG8lSUa8kn\" width=\"600\" height=\"338\" frameborder=\"0\" marginwidth=\"0\" marginheight=\"0\" scrolling=\"no\"><\/iframe><\/p>\n<p>&nbsp;<\/p>\n<p>&nbsp;<\/p>\n<blockquote class=\"wp-embedded-content\" data-secret=\"K04UKV47Lm\"><p><a href=\"https:\/\/www.radiopiu.net\/wordpress\/da-ieri-alla-radio-in-palinsesto-loris-e-maurizio-con-la-grande-musica\/\">IL BLUES ALLA RADIO &#8230; COME NON L&#8217;AVETE MAI SENTITO PRIMA<\/a><\/p><\/blockquote>\n<p><iframe loading=\"lazy\" class=\"wp-embedded-content\" sandbox=\"allow-scripts\" security=\"restricted\" style=\"position: absolute; clip: rect(1px, 1px, 1px, 1px);\" title=\"&#8220;IL BLUES ALLA RADIO &#8230; COME NON L&#8217;AVETE MAI SENTITO PRIMA&#8221; &#8212; Radio Pi\u00f9\" src=\"https:\/\/www.radiopiu.net\/wordpress\/da-ieri-alla-radio-in-palinsesto-loris-e-maurizio-con-la-grande-musica\/embed\/#?secret=K04UKV47Lm\" data-secret=\"K04UKV47Lm\" width=\"600\" height=\"338\" frameborder=\"0\" marginwidth=\"0\" marginheight=\"0\" scrolling=\"no\"><\/iframe><\/p>\n<p>&nbsp;<\/p>\n<p>&nbsp;<\/p>\n<hr \/>\n<p>&nbsp;<\/p>\n<blockquote>\n<h3><span style=\"color: #0000ff;\">INFORMAZIONE il canale su TELEGRAM informazione di prima mano e in tempo reale. iscriviti ed aiutaci a farlo conoscere\u00a0\u00a0<\/span><\/h3>\n<\/blockquote>\n<div>\n<div class=\"page-title-head hgroup\">\n<div class=\"page-title-head hgroup\">\n<div class=\"page-title-head hgroup\">\n<div class=\"page-title-head hgroup\">\n<div class=\"b654a4as d2edcug0\">\n<div class=\"page-title-head hgroup\">\n<div class=\"page-title-head hgroup\">\n<div class=\"page-title-head hgroup\">\n<div class=\"page-title-head hgroup\">\n<div class=\"b654a4as d2edcug0\">\n<div class=\"page-title-head hgroup\">\n<div class=\"page-title-head hgroup\">\n<div class=\"page-title-head hgroup\">\n<div class=\"page-title-head hgroup\">\n<div class=\"page-title-head hgroup\">\n<div class=\"page-title-head hgroup\">\n<div class=\"page-title-head hgroup\">\n<div class=\"page-title-head hgroup\">\n<div class=\"page-title-head hgroup\">\n<div class=\"b654a4as d2edcug0\">\n<div class=\"page-title-head hgroup\">\n<div class=\"page-title-head hgroup\">\n<div class=\"page-title-head hgroup\">\n<div class=\"page-title-head hgroup\">\n<div class=\"b654a4as d2edcug0\">\n<div>\n<p>&nbsp;<\/p>\n<\/div>\n<div>\n<div class=\"page-title-head hgroup\">\n<div class=\"page-title-head hgroup\">\n<div class=\"page-title-head hgroup\">\n<div class=\"page-title-head hgroup\">\n<div class=\"page-title-head hgroup\">\n<div class=\"b654a4as d2edcug0\">\n<div>\n<hr \/>\n<\/div>\n<\/div>\n<div>\n<div>\n<p>&nbsp;<\/p>\n<\/div>\n<div>\n<div>\n<p>&nbsp;<\/p>\n<\/div>\n<div>\n<div>\n<p><strong>DUE MINUTI UN LIBRO, TUTTI I GIORNI ALLA RADIO ALLE 9.40 E ALLE 17.50<\/strong><\/p>\n<div>\n<div>\n<p><strong>LA RACCOLTA COMPLETA\u00a0\u00a0<\/strong><\/p>\n<\/div>\n<div>\n<blockquote class=\"wp-embedded-content\" data-secret=\"2elf0kF0gH\"><p><a href=\"https:\/\/www.radiopiu.net\/wordpress\/due-minuti-un-libro\/\">Due minuti un libro<\/a><\/p><\/blockquote>\n<p><iframe loading=\"lazy\" class=\"wp-embedded-content\" sandbox=\"allow-scripts\" security=\"restricted\" style=\"position: absolute; clip: rect(1px, 1px, 1px, 1px);\" title=\"&#8220;Due minuti un libro&#8221; &#8212; Radio Pi\u00f9\" src=\"https:\/\/www.radiopiu.net\/wordpress\/due-minuti-un-libro\/embed\/#?secret=2elf0kF0gH\" data-secret=\"2elf0kF0gH\" width=\"600\" height=\"338\" frameborder=\"0\" marginwidth=\"0\" marginheight=\"0\" scrolling=\"no\"><\/iframe><\/p>\n<p>&nbsp;<\/p>\n<\/div>\n<\/div>\n<\/div>\n<div class=\"mkdf-post-text\">\n<div class=\"mkdf-post-text-inner\">\n<div class=\"mkdf-post-text-main\">\n<div class=\"mkdf-post-text\">\n<div class=\"mkdf-post-text-inner\">\n<div class=\"mkdf-post-text-main\">\n<div class=\"mkdf-post-text\">\n<div class=\"mkdf-post-text-inner\">\n<div class=\"mkdf-post-text-main\">\n<div class=\"page-title-head hgroup\">\n<div class=\"page-title-head hgroup\">\n<div class=\"mkdf-post-text\">\n<div class=\"mkdf-post-text-inner\">\n<div class=\"mkdf-post-text-main\">\n<div class=\"mkdf-post-text\">\n<div class=\"mkdf-post-text-inner\">\n<div class=\"mkdf-post-text-main\">\n<div class=\"page-title-head hgroup\">\n<div class=\"page-title-head hgroup\">\n<div class=\"page-title-head hgroup\">\n<div class=\"page-title-head hgroup\">\n<div class=\"b654a4as d2edcug0\">\n<div class=\"page-title-head hgroup\">\n<div class=\"page-title-head hgroup\">\n<div class=\"page-title-head hgroup\">\n<div class=\"page-title-head hgroup\">\n<div class=\"b654a4as d2edcug0\">\n<div class=\"page-title-head hgroup\">\n<div class=\"page-title-head hgroup\">\n<div class=\"page-title-head hgroup\">\n<div class=\"page-title-head hgroup\">\n<div class=\"b654a4as d2edcug0\">\n<div>\n<p>&nbsp;<\/p>\n<\/div>\n<div>\n<hr \/>\n<p>&nbsp;<\/p>\n<\/div>\n<h2><span style=\"color: #808000;\">L&#8217;ALMANACCO LADINO\u00a0\u00a0<\/span><\/h2>\n<p><strong>PUNTATA DEL 22 NOVEMBRE<\/strong><\/p>\n<audio class=\"wp-audio-shortcode\" id=\"audio-244626-24\" preload=\"none\" style=\"width: 100%;\" controls=\"controls\"><source type=\"audio\/mpeg\" src=\"https:\/\/www.radiopiu.net\/wordpress\/wp-content\/uploads\/2021\/11\/71\u00b0Almanacco-Ladino_Fodom-1.mp3?_=24\" \/><a href=\"https:\/\/www.radiopiu.net\/wordpress\/wp-content\/uploads\/2021\/11\/71\u00b0Almanacco-Ladino_Fodom-1.mp3\">https:\/\/www.radiopiu.net\/wordpress\/wp-content\/uploads\/2021\/11\/71\u00b0Almanacco-Ladino_Fodom-1.mp3<\/a><\/audio>\n<p>&nbsp;<\/p>\n<p><strong>LA RACCOLTA<\/strong><\/p>\n<blockquote class=\"wp-embedded-content\" data-secret=\"YaTRC1UERv\"><p><a href=\"https:\/\/www.radiopiu.net\/wordpress\/almanacco-ladino\/\">Almanacco Ladino<\/a><\/p><\/blockquote>\n<p><iframe loading=\"lazy\" class=\"wp-embedded-content\" sandbox=\"allow-scripts\" security=\"restricted\" style=\"position: absolute; clip: rect(1px, 1px, 1px, 1px);\" title=\"&#8220;Almanacco Ladino&#8221; &#8212; Radio Pi\u00f9\" src=\"https:\/\/www.radiopiu.net\/wordpress\/almanacco-ladino\/embed\/#?secret=YaTRC1UERv\" data-secret=\"YaTRC1UERv\" width=\"600\" height=\"338\" frameborder=\"0\" marginwidth=\"0\" marginheight=\"0\" scrolling=\"no\"><\/iframe><\/p>\n<hr \/>\n<p>&nbsp;<\/p>\n<h2><span style=\"color: #33cccc;\">LA RASSEGNA STAMPA DA L&#8217;AMICO DEL POPOLO<\/span><\/h2>\n<p><strong><a href=\"https:\/\/www.radiopiu.net\/wordpress\/la-rassegna-stampa-da-lamico-del-popolo-20-novembre-2021\/gioco-azzardo-slot-machines\/\" rel=\"attachment wp-att-244008\"><img loading=\"lazy\" decoding=\"async\" class=\"size-medium wp-image-244008 alignleft\" src=\"https:\/\/www.radiopiu.net\/wordpress\/wp-content\/uploads\/2021\/11\/gioco-azzardo-slot-machines-300x169.jpg\" alt=\"\" width=\"300\" height=\"169\" srcset=\"https:\/\/www.radiopiu.net\/wordpress\/wp-content\/uploads\/2021\/11\/gioco-azzardo-slot-machines-300x169.jpg 300w, https:\/\/www.radiopiu.net\/wordpress\/wp-content\/uploads\/2021\/11\/gioco-azzardo-slot-machines-1024x576.jpg 1024w, https:\/\/www.radiopiu.net\/wordpress\/wp-content\/uploads\/2021\/11\/gioco-azzardo-slot-machines-768x432.jpg 768w, https:\/\/www.radiopiu.net\/wordpress\/wp-content\/uploads\/2021\/11\/gioco-azzardo-slot-machines-1536x864.jpg 1536w, https:\/\/www.radiopiu.net\/wordpress\/wp-content\/uploads\/2021\/11\/gioco-azzardo-slot-machines.jpg 1920w\" sizes=\"auto, (max-width: 300px) 100vw, 300px\" \/><\/a>PUNTATA DEL 20 NOVEMBRE 2021<\/strong><\/p>\n<p><strong>di Gianni Santomaso<\/strong><\/p>\n<p>Ospite: Paolo Bello, dipartimento dipendenza ULSS 1 Dolomiti<\/p>\n<audio class=\"wp-audio-shortcode\" id=\"audio-244626-25\" preload=\"none\" style=\"width: 100%;\" controls=\"controls\"><source type=\"audio\/mpeg\" src=\"https:\/\/www.radiopiu.net\/wordpress\/wp-content\/uploads\/2021\/11\/RASSEGNA-GIANNI-2.mp3?_=25\" \/><a href=\"https:\/\/www.radiopiu.net\/wordpress\/wp-content\/uploads\/2021\/11\/RASSEGNA-GIANNI-2.mp3\">https:\/\/www.radiopiu.net\/wordpress\/wp-content\/uploads\/2021\/11\/RASSEGNA-GIANNI-2.mp3<\/a><\/audio>\n<p>&nbsp;<\/p>\n<p><strong>LA RACCOLTA COMPLETA<\/strong><\/p>\n<blockquote class=\"wp-embedded-content\" data-secret=\"1XCRV7xh9A\"><p><a href=\"https:\/\/www.radiopiu.net\/wordpress\/rassegna-stampa-di-gianni-santomaso\/\">Rassegna stampa da l&#8217;amico del popolo &#8211; di Gianni Santomaso<\/a><\/p><\/blockquote>\n<p><iframe loading=\"lazy\" class=\"wp-embedded-content\" sandbox=\"allow-scripts\" security=\"restricted\" style=\"position: absolute; clip: rect(1px, 1px, 1px, 1px);\" title=\"&#8220;Rassegna stampa da l&#8217;amico del popolo &#8211; di Gianni Santomaso&#8221; &#8212; Radio Pi\u00f9\" src=\"https:\/\/www.radiopiu.net\/wordpress\/rassegna-stampa-di-gianni-santomaso\/embed\/#?secret=1XCRV7xh9A\" data-secret=\"1XCRV7xh9A\" width=\"600\" height=\"338\" frameborder=\"0\" marginwidth=\"0\" marginheight=\"0\" scrolling=\"no\"><\/iframe><\/p>\n<p>&nbsp;<\/p>\n<p>&nbsp;<\/p>\n<hr \/>\n<p>&nbsp;<\/p>\n<h2><span style=\"color: #800080;\">I RACCONTI DI PAOLO SOPPELSA<\/span><\/h2>\n<p><strong>LA RACCOLTA COMPLETA<\/strong><\/p>\n<blockquote class=\"wp-embedded-content\" data-secret=\"7eD45wsB5G\"><p><a href=\"https:\/\/www.radiopiu.net\/wordpress\/i-racconti-di-paolo-soppelsa\/\">I racconti di Paolo Soppelsa<\/a><\/p><\/blockquote>\n<p><iframe loading=\"lazy\" class=\"wp-embedded-content\" sandbox=\"allow-scripts\" security=\"restricted\" style=\"position: absolute; clip: rect(1px, 1px, 1px, 1px);\" title=\"&#8220;I racconti di Paolo Soppelsa&#8221; &#8212; Radio Pi\u00f9\" src=\"https:\/\/www.radiopiu.net\/wordpress\/i-racconti-di-paolo-soppelsa\/embed\/#?secret=7eD45wsB5G\" data-secret=\"7eD45wsB5G\" width=\"600\" height=\"338\" frameborder=\"0\" marginwidth=\"0\" marginheight=\"0\" scrolling=\"no\"><\/iframe><\/p>\n<p>&nbsp;<\/p>\n<hr \/>\n<\/div>\n<div class=\"b654a4as d2edcug0\">\n<p>&nbsp;<\/p>\n<p><a href=\"https:\/\/www.radiopiu.net\/wordpress\/giornale-radiopiu-26-settembre-2018-direttore-mirko-mezzacasa\/viabilita-2\/\" rel=\"attachment wp-att-61954\"><img loading=\"lazy\" decoding=\"async\" class=\"aligncenter wp-image-61954 size-full\" src=\"https:\/\/www.radiopiu.net\/wordpress\/wp-content\/uploads\/2018\/09\/viabilita.jpeg\" sizes=\"auto, (max-width: 800px) 100vw, 800px\" srcset=\"https:\/\/www.radiopiu.net\/wordpress\/wp-content\/uploads\/2018\/09\/viabilita.jpeg 800w, https:\/\/www.radiopiu.net\/wordpress\/wp-content\/uploads\/2018\/09\/viabilita-300x38.jpeg 300w, https:\/\/www.radiopiu.net\/wordpress\/wp-content\/uploads\/2018\/09\/viabilita-768x96.jpeg 768w\" alt=\"\" width=\"800\" height=\"100\" \/><\/a><\/p>\n<div class=\"ecm0bbzt e5nlhep0 a8c37x1j\">\n<div class=\"kvgmc6g5 cxmmr5t8 oygrvhab hcukyx3x c1et5uql\">\n<div class=\"gmail-kvgmc6g5 gmail-cxmmr5t8 gmail-oygrvhab gmail-hcukyx3x gmail-c1et5uql gmail-ii04i59q\">\n<div class=\"page-title-head hgroup\">\n<div class=\"page-title-head hgroup\">\n<div class=\"b654a4as d2edcug0\">\n<div class=\"j83agx80 btwxx1t3 lhclo0ds hop8lmos nkwizq5d scwd0bx6 roh60bw9\">\n<div class=\"rq0escxv hkbzh7o3 jwdofwj8 n8tt0mok r8blr3vg hyh9befq\">\n<div class=\"do00u71z l9j0dhe7 k4urcfbm\">\n<div class=\"page-title-head hgroup\">\n<div class=\"page-title-head hgroup\">\n<div class=\"page-title-head hgroup\">\n<div class=\"page-title-head hgroup\">\n<div class=\"b654a4as d2edcug0\">\n<div class=\"page-title-head hgroup\">\n<div class=\"page-title-head hgroup\">\n<div class=\"page-title-head hgroup\">\n<div class=\"page-title-head hgroup\">\n<div class=\"b654a4as d2edcug0\">\n<div class=\"page-title-head hgroup\">\n<div class=\"page-title-head hgroup\">\n<div class=\"page-title-head hgroup\">\n<div class=\"page-title-head hgroup\">\n<div class=\"page-title-head hgroup\">\n<div class=\"page-title-head hgroup\">\n<div class=\"page-title-head hgroup\">\n<div class=\"page-title-head hgroup\">\n<div class=\"page-title-head hgroup\">\n<div class=\"b654a4as d2edcug0\">\n<div class=\"page-title-head hgroup\">\n<div class=\"page-title-head hgroup\">\n<div class=\"page-title-head hgroup\">\n<div class=\"page-title-head hgroup\">\n<div class=\"b654a4as d2edcug0\">\n<div class=\"page-title-head hgroup\">\n<div class=\"page-title-head hgroup\">\n<div class=\"page-title-head hgroup\">\n<div class=\"page-title-head hgroup\">\n<div class=\"page-title-head hgroup\">\n<div class=\"mkdf-post-text\">\n<div class=\"mkdf-post-text-inner\">\n<div class=\"mkdf-post-text-main\">\n<div class=\"mkdf-post-text\">\n<div class=\"mkdf-post-text-inner\">\n<div class=\"mkdf-post-text-main\">\n<div class=\"mkdf-post-text\">\n<div class=\"mkdf-post-text-inner\">\n<div class=\"mkdf-post-text-main\">\n<div class=\"page-title-head hgroup\">\n<div class=\"page-title-head hgroup\">\n<div class=\"mkdf-post-text\">\n<div class=\"mkdf-post-text-inner\">\n<div class=\"mkdf-post-text-main\">\n<div class=\"mkdf-post-text\">\n<div class=\"mkdf-post-text-inner\">\n<div class=\"mkdf-post-text-main\">\n<div class=\"page-title-head hgroup\">\n<div class=\"page-title-head hgroup\">\n<div class=\"page-title-head hgroup\">\n<div class=\"page-title-head hgroup\">\n<div class=\"b654a4as d2edcug0\">\n<div class=\"page-title-head hgroup\">\n<div class=\"page-title-head hgroup\">\n<div class=\"page-title-head hgroup\">\n<div class=\"page-title-head hgroup\">\n<div class=\"b654a4as d2edcug0\">\n<div class=\"page-title-head hgroup\">\n<div class=\"page-title-head hgroup\">\n<div class=\"page-title-head hgroup\">\n<div class=\"page-title-head hgroup\">\n<div class=\"b654a4as d2edcug0\">\n<p>&nbsp;<\/p>\n<p><strong>SR 48 DELLE DOLOMITI<\/strong> fino al 17 dicembre senso unico alternato regolato da semaforo &#8211; esclusi festivi e prefestivi &#8211; in localit\u00e0 Bosco Ruaz.<\/p>\n<p><strong>PONTE BAILEY A BELLUNO<\/strong>: Fino al 4 dicembre chiusura totale<\/p>\n<p><strong>SP 251 VAL DI ZOLDO E CELLINA<\/strong> fino al 22 dicembre interruzioni alla viabilit\u00e0 della durata massima di 10 minuti e senso unico alternato nei periodi non interessati dalle interruzioni nel comune di Val di Zoldo<\/p>\n<p><strong>SP 40 VAL SENAIGA<\/strong> interdizione totale al transito in comune di Lamon fino al 26 novembre, inclusi sabato e domenica, con deviazione del traffico su viabilit\u00e0 comunale<\/p>\n<p><strong>SR 203 AGORDINA<\/strong> Fino al 17 dicembre, esclusi sabato domenica e festivi infrasettimanali, restringimento della careggiata con divieto di sorpasso e limitazione ai 50 km\/h in comune di La Valle per lavori sul margine della carreggiata<\/p>\n<p><strong>SP 422 DELL&#8217;ALPAGO E DEL<\/strong> <strong>CANSIGLIO<\/strong> Fino al 17 dicembre senso unico alternato con semaforo in localit\u00e0 Cornei di Alpago per posa cavidotti<\/p>\n<p>&nbsp;<\/p>\n<hr \/>\n<p>&nbsp;<\/p>\n<\/div>\n<div class=\"b654a4as d2edcug0\">\n<div class=\"ecm0bbzt e5nlhep0 a8c37x1j\">\n<div class=\"kvgmc6g5 cxmmr5t8 oygrvhab hcukyx3x c1et5uql\">\n<div class=\"gmail-kvgmc6g5 gmail-cxmmr5t8 gmail-oygrvhab gmail-hcukyx3x gmail-c1et5uql gmail-ii04i59q\">\n<div>\n<div class=\"page-title-head hgroup\">\n<div class=\"page-title-head hgroup\">\n<div class=\"b654a4as d2edcug0\">\n<div class=\"j83agx80 btwxx1t3 lhclo0ds hop8lmos nkwizq5d scwd0bx6 roh60bw9\">\n<div class=\"rq0escxv hkbzh7o3 jwdofwj8 n8tt0mok r8blr3vg hyh9befq\">\n<div class=\"do00u71z l9j0dhe7 k4urcfbm\">\n<div>\n<div class=\"page-title-head hgroup\">\n<div class=\"page-title-head hgroup\">\n<div class=\"page-title-head hgroup\">\n<div class=\"page-title-head hgroup\">\n<div class=\"b654a4as d2edcug0\">\n<div class=\"page-title-head hgroup\">\n<div class=\"page-title-head hgroup\">\n<div class=\"page-title-head hgroup\">\n<div class=\"page-title-head hgroup\">\n<div class=\"b654a4as d2edcug0\">\n<div class=\"page-title-head hgroup\">\n<div class=\"page-title-head hgroup\">\n<div class=\"page-title-head hgroup\">\n<div class=\"page-title-head hgroup\">\n<div class=\"page-title-head hgroup\">\n<div class=\"mkdf-post-text\">\n<div class=\"mkdf-post-text-inner\">\n<div class=\"mkdf-post-text-main\">\n<div class=\"mkdf-post-text\">\n<div class=\"mkdf-post-text-inner\">\n<div class=\"mkdf-post-text-main\">\n<div class=\"mkdf-post-text\">\n<div class=\"mkdf-post-text-inner\">\n<div class=\"mkdf-post-text-main\">\n<div class=\"page-title-head hgroup\">\n<div class=\"page-title-head hgroup\">\n<div class=\"mkdf-post-text\">\n<div class=\"mkdf-post-text-inner\">\n<div class=\"mkdf-post-text-main\">\n<div class=\"mkdf-post-text\">\n<div class=\"mkdf-post-text-inner\">\n<div class=\"mkdf-post-text-main\">\n<div>\n<div class=\"page-title-head hgroup\">\n<div class=\"page-title-head hgroup\">\n<div>\n<div class=\"page-title-head hgroup\">\n<div class=\"page-title-head hgroup\">\n<div class=\"b654a4as d2edcug0\">\n<div>\n<div class=\"page-title-head hgroup\" style=\"text-align: left;\">\n<div class=\"page-title-head hgroup\">\n<div dir=\"auto\">\n<p><a class=\"dt-pswp-item pspw-wrap-ready\" href=\"https:\/\/i0.wp.com\/www.radiopiu.net\/wordpress\/wp-content\/uploads\/2018\/09\/WhatsApp-Image-2018-09-20-at-16.04.06.jpeg?ssl=1\" data-dt-img-description=\"\" data-large_image_width=\"800\" data-large_image_height=\"100\"><img loading=\"lazy\" decoding=\"async\" class=\"aligncenter wp-image-61378 size-full jetpack-lazy-image jetpack-lazy-image--handled\" src=\"https:\/\/i0.wp.com\/www.radiopiu.net\/wordpress\/wp-content\/uploads\/2018\/09\/WhatsApp-Image-2018-09-20-at-16.04.06.jpeg?resize=800%2C100&amp;ssl=1\" sizes=\"auto, (max-width: 800px) 100vw, 800px\" srcset=\"https:\/\/i0.wp.com\/www.radiopiu.net\/wordpress\/wp-content\/uploads\/2018\/09\/WhatsApp-Image-2018-09-20-at-16.04.06.jpeg?w=800&amp;ssl=1 800w, https:\/\/i0.wp.com\/www.radiopiu.net\/wordpress\/wp-content\/uploads\/2018\/09\/WhatsApp-Image-2018-09-20-at-16.04.06.jpeg?resize=300%2C38&amp;ssl=1 300w, https:\/\/i0.wp.com\/www.radiopiu.net\/wordpress\/wp-content\/uploads\/2018\/09\/WhatsApp-Image-2018-09-20-at-16.04.06.jpeg?resize=768%2C96&amp;ssl=1 768w\" alt=\"\" width=\"800\" height=\"100\" data-lazy-loaded=\"1\" \/><\/a><\/p>\n<\/div>\n<\/div>\n<\/div>\n<\/div>\n<\/div>\n<\/div>\n<\/div>\n<\/div>\n<\/div>\n<\/div>\n<\/div>\n<\/div>\n<\/div>\n<\/div>\n<\/div>\n<\/div>\n<\/div>\n<\/div>\n<\/div>\n<\/div>\n<\/div>\n<\/div>\n<\/div>\n<\/div>\n<\/div>\n<\/div>\n<\/div>\n<\/div>\n<\/div>\n<\/div>\n<\/div>\n<\/div>\n<\/div>\n<\/div>\n<\/div>\n<\/div>\n<\/div>\n<\/div>\n<\/div>\n<\/div>\n<\/div>\n<\/div>\n<\/div>\n<\/div>\n<p>&nbsp;<\/p>\n<\/div>\n<\/div>\n<\/div>\n<\/div>\n<\/div>\n<\/div>\n<\/div>\n<\/div>\n<\/div>\n<\/div>\n<\/div>\n<\/div>\n<\/div>\n<\/div>\n<\/div>\n<\/div>\n<\/div>\n<\/div>\n<\/div>\n<\/div>\n<\/div>\n<\/div>\n<\/div>\n<\/div>\n<\/div>\n<\/div>\n<\/div>\n<\/div>\n<\/div>\n<\/div>\n<\/div>\n<\/div>\n<\/div>\n<\/div>\n<\/div>\n<\/div>\n<\/div>\n<\/div>\n<\/div>\n<\/div>\n<\/div>\n<\/div>\n<\/div>\n<\/div>\n<\/div>\n<\/div>\n<\/div>\n<\/div>\n<\/div>\n<\/div>\n<\/div>\n<\/div>\n<\/div>\n<\/div>\n<\/div>\n<\/div>\n<\/div>\n<\/div>\n<\/div>\n<\/div>\n<\/div>\n<\/div>\n<\/div>\n<\/div>\n<\/div>\n<\/div>\n<\/div>\n<\/div>\n<\/div>\n<\/div>\n<\/div>\n<\/div>\n<\/div>\n<\/div>\n<\/div>\n<\/div>\n<\/div>\n<\/div>\n<\/div>\n<\/div>\n<\/div>\n<\/div>\n<\/div>\n<\/div>\n<\/div>\n<\/div>\n<\/div>\n<\/div>\n<\/div>\n<\/div>\n<\/div>\n<\/div>\n<\/div>\n<\/div>\n<\/div>\n<\/div>\n<\/div>\n<\/div>\n<\/div>\n<\/div>\n<\/div>\n<\/div>\n<\/div>\n<\/div>\n<\/div>\n<\/div>\n<\/div>\n<\/div>\n<\/div>\n<\/div>\n<\/div>\n<\/div>\n<\/div>\n<\/div>\n<\/div>\n<\/div>\n<\/div>\n<\/div>\n<\/div>\n<\/div>\n<\/div>\n<\/div>\n<\/div>\n<\/div>\n<\/div>\n<\/div>\n<\/div>\n<\/div>\n<\/div>\n<\/div>\n<\/div>\n<\/div>\n<\/div>\n<\/div>\n<\/div>\n<\/div>\n<\/div>\n<\/div>\n<\/div>\n<\/div>\n<\/div>\n<\/div>\n<\/div>\n<\/div>\n<\/div>\n<\/div>\n<\/div>\n<\/div>\n<\/div>\n<\/div>\n<\/div>\n<\/div>\n<\/div>\n<\/div>\n<\/div>\n<\/div>\n<\/div>\n<\/div>\n<\/div>\n<\/div>\n<\/div>\n<\/div>\n<\/div>\n<\/div>\n<p><center><b>Giovedi 25<\/b><\/center><b>Tempo atteso: <\/b>Tra notte e mattino aumento della nuvolosit\u00e0 in estensione dalle Prealpi alle Dolomiti fino a cielo coperto ovunque da met\u00e0 giornata e iniziale lieve maltempo a partire dalle Prealpi occidentali, in estensione al resto della montagna veneta nel corso del pomeriggio\/sera.<br \/>\n<b>Precipitazioni: <\/b>in estensione a partire da met\u00e0 mattinata (50-70 %) dalle Prealpi occidentali alle Dolomiti nel pomeriggio\/sera quando risulteranno diffuse generalmente deboli o al pi\u00f9 a tratti moderate su Prealpi occidentali(90 %), deboli o molto deboli su Dolomiti settentrionali. Limite neve generalmente oltre i 1200\/1400 m su Dolomiti, 1300-1600 m su Prealpi. Oltre i 1600\/1800 metri sono attesi entro fine giornata mediamente 5-15 cm di neve su Prealpi, 1-5 cm su Dolomiti.<br \/>\n<b>Temperature: <\/b>Temperature a fondovalle minime in aumento specie su Prealpi, stazionarie su Dolomiti e massime in calo, in quota generalmente stazionarie o in lieve calo. Su Prealpi a 1500 m min 1\u00b0C max 2\u00b0C, a 2000 m min -2\u00b0C max 0\u00b0C. Su Dolomiti a 2000 m min -2\u00b0C max 0\u00b0C, a 3000 m min -6\u00b0C max -5\u00b0C.<br \/>\n<b>Venti: <\/b>Nelle valli perlopi\u00f9 deboli variabili; in quota moderati a tratti fino a tesi\/forti meridionali sulle cime pi\u00f9 elevate a 5-15 km\/h a 2000 m, a 20-35 km\/h a 3000 m<\/p>\n<hr \/>\n<p><center><b>Venerdi 26<\/b><\/center><b>Tempo atteso: <\/b>Da nuvoloso a molto nuvoloso con qualche temporanea schiarita in giornata su Prealpi occidentali.<br \/>\n<b>Precipitazioni: <\/b>Nella notte e fino al primo mattino possibili deboli o molto deboli specie su Dolomiti (50-70%), in esaurimento su Prealpi. In giornata non escluse a tratti molto deboli su Dolomiti (20-40%), poco probabili su Prealpi specie occidentali dove potranno risultare totalmente assenti (0-10%) In serata probabilit\u00e0 in aumento su tutta la montagna veneta (40-60%), sempre di debole intensit\u00e0. Limite delle debolissime nevicate a 1200-1600 metri in calo in serata attorno a 1000 metri. Accumuli previsti scarsi, generalmente 0-5 cm<br \/>\n<b>Temperature: <\/b>Temperature in lieve calo con minime raggiunte in serata in quota, lieve rialzo delle minime nelle valli. Su Prealpi a 1500 m min 1\u00b0C max 3\u00b0C, a 2000 m min -2\u00b0C max -1\u00b0C. Su Dolomiti a 2000 m min -2\u00b0C max 0\u00b0C, a 3000 m min -9\u00b0C max -6\u00b0C.<br \/>\n<b>Venti: <\/b>Nelle valli perlopi\u00f9 deboli variabili; in quota deboli o moderati occidentali al mattino e da sudovest nel pomeriggio a 5-15 km\/h a 2000 m, a 10-20 km\/h a 3000 m<\/p>\n<hr \/>\n<p><center><b>Sabato 27<\/b><\/center>Molto nuvoloso o coperto con possibili deboli precipitazioni durante tutta la giornata, maggiormente probabili nella notte e poi nel pomeriggio\/sera. Limite neve in calo a fondovalle su Dolomiti, a 700\/1000 metri su Prealpi. Temperature in lieve calo con ridota escursione termica giornaliera. Venti deboli variabili nelle valli, moderati\/tesi da sudovest in quota.<\/p>\n<hr \/>\n<p><center><b>Domenica 28<\/b><\/center>Evoluzione assai incerta, possibili residue deboli nevicate nella notte con tendenza ad attenuazione ed esaurimento dei fenomeni al mattino, poi nuvolosit\u00e0 irregolare a tratti estesa e non escluse ulteriori deboli precipitazioni. Temperature in ulteriore lieve calo a tutte le quote. Previsore: DDL<\/p>\n<p>&nbsp;<\/p>\n<hr \/>\n<p>&nbsp;<\/p>\n<div class=\"mkdf-post-text\">\n<div class=\"mkdf-post-text-inner\">\n<p><a href=\"https:\/\/www.radiopiu.net\/wordpress\/giornale-radiopiu-15-settembre-2018-direttore-mirko-mezzacasa\/sport-7\/\" rel=\"attachment wp-att-60761\"><img loading=\"lazy\" decoding=\"async\" class=\"wp-image-60761 size-full aligncenter\" src=\"https:\/\/www.radiopiu.net\/wordpress\/wp-content\/uploads\/2018\/09\/sport.jpg\" alt=\"\" width=\"800\" height=\"100\" srcset=\"https:\/\/www.radiopiu.net\/wordpress\/wp-content\/uploads\/2018\/09\/sport.jpg 800w, https:\/\/www.radiopiu.net\/wordpress\/wp-content\/uploads\/2018\/09\/sport-300x38.jpg 300w, https:\/\/www.radiopiu.net\/wordpress\/wp-content\/uploads\/2018\/09\/sport-768x96.jpg 768w\" sizes=\"auto, (max-width: 800px) 100vw, 800px\" \/><\/a><\/p>\n<\/div>\n<\/div>\n<p>&nbsp;<\/p>\n<blockquote>\n<h3>L&#8217;ALLEGHE HOCKEY E LA SCONFITTA AD EGNA CONTRO LA CAPOLISTA<\/h3>\n<\/blockquote>\n<p><strong><a href=\"https:\/\/www.radiopiu.net\/wordpress\/civette-vittoriose-allesordio-con-lappiano-ne-parla-davide-testori\/davide-testori\/\" rel=\"attachment wp-att-164395\"><img loading=\"lazy\" decoding=\"async\" class=\" wp-image-164395 alignleft\" src=\"https:\/\/www.radiopiu.net\/wordpress\/wp-content\/uploads\/2020\/10\/DAVIDE-TESTORI-300x300.png\" alt=\"\" width=\"180\" height=\"180\" srcset=\"https:\/\/www.radiopiu.net\/wordpress\/wp-content\/uploads\/2020\/10\/DAVIDE-TESTORI-300x300.png 300w, https:\/\/www.radiopiu.net\/wordpress\/wp-content\/uploads\/2020\/10\/DAVIDE-TESTORI-150x150.png 150w, https:\/\/www.radiopiu.net\/wordpress\/wp-content\/uploads\/2020\/10\/DAVIDE-TESTORI-768x768.png 768w, https:\/\/www.radiopiu.net\/wordpress\/wp-content\/uploads\/2020\/10\/DAVIDE-TESTORI-125x125.png 125w, https:\/\/www.radiopiu.net\/wordpress\/wp-content\/uploads\/2020\/10\/DAVIDE-TESTORI-200x200.png 200w, https:\/\/www.radiopiu.net\/wordpress\/wp-content\/uploads\/2020\/10\/DAVIDE-TESTORI-80x80.png 80w, https:\/\/www.radiopiu.net\/wordpress\/wp-content\/uploads\/2020\/10\/DAVIDE-TESTORI-480x480.png 480w, https:\/\/www.radiopiu.net\/wordpress\/wp-content\/uploads\/2020\/10\/DAVIDE-TESTORI.png 788w\" sizes=\"auto, (max-width: 180px) 100vw, 180px\" \/><\/a>ALLEGHE<\/strong> Dopo un filotto di 6 vittorie consecutive, l&#8217;Alleghe Hockey si deve arrendere alla corazzata Unterland Cavaliers. Gli altoatesini hanno fatto la voce grossa sabato scorso contro le civette calando un poker che non ha lasciato scampo alla squadra agordina. Nettamente superiori sia come fisicit\u00e0 che come impostazione del gioco, la squadra di Egna ha confermato il primo posto in classifica dopo una partita giocata bene per tutti i 60 minuti. L&#8217;Alleghe comunque non ha demeritato e ce l&#8217;ha messa tutta avvicinandosi pi\u00f9 volte alla gabbia altoatesina. Ora si volta pagina e sabato prossimo un&#8217;altra trasferta per i biancorossi che saranno impegnati a Bressanone contro i padroni di casa.<\/p>\n<p><strong>NE ABBIAMO PARLATO CON DAVIDE TESTORI, GIOCATORE DELL&#8217;ALLEGHE HOCKEY<\/strong><\/p>\n<audio class=\"wp-audio-shortcode\" id=\"audio-244626-26\" preload=\"none\" style=\"width: 100%;\" controls=\"controls\"><source type=\"audio\/mpeg\" src=\"https:\/\/www.radiopiu.net\/wordpress\/wp-content\/uploads\/2021\/11\/DAVIDE-TESTORI.mp3?_=26\" \/><a href=\"https:\/\/www.radiopiu.net\/wordpress\/wp-content\/uploads\/2021\/11\/DAVIDE-TESTORI.mp3\">https:\/\/www.radiopiu.net\/wordpress\/wp-content\/uploads\/2021\/11\/DAVIDE-TESTORI.mp3<\/a><\/audio>\n<p>&nbsp;<\/p>\n<blockquote>\n<h3><strong>DOMENICA 28 NOVEMBRE A MODOLO LA PRIMA PROVA DEL CAMPIONATO REGIONALE CSI DI CORSA CAMPESTRE<\/strong><\/h3>\n<\/blockquote>\n<p>&nbsp;<\/p>\n<p><b><a href=\"https:\/\/www.radiopiu.net\/wordpress\/giornale-radiopiu-25-novembre-2021-direttore-mirko-mezzacasa\/gs-castionese-bribano-18-11-2021\/\" rel=\"attachment wp-att-244806\"><img loading=\"lazy\" decoding=\"async\" class=\" wp-image-244806 alignleft\" src=\"https:\/\/www.radiopiu.net\/wordpress\/wp-content\/uploads\/2021\/11\/gs-castionese-bribano-18.11.2021-300x200.jpg\" alt=\"\" width=\"249\" height=\"166\" srcset=\"https:\/\/www.radiopiu.net\/wordpress\/wp-content\/uploads\/2021\/11\/gs-castionese-bribano-18.11.2021-300x200.jpg 300w, https:\/\/www.radiopiu.net\/wordpress\/wp-content\/uploads\/2021\/11\/gs-castionese-bribano-18.11.2021-1024x683.jpg 1024w, https:\/\/www.radiopiu.net\/wordpress\/wp-content\/uploads\/2021\/11\/gs-castionese-bribano-18.11.2021-768x512.jpg 768w, https:\/\/www.radiopiu.net\/wordpress\/wp-content\/uploads\/2021\/11\/gs-castionese-bribano-18.11.2021-1536x1024.jpg 1536w, https:\/\/www.radiopiu.net\/wordpress\/wp-content\/uploads\/2021\/11\/gs-castionese-bribano-18.11.2021.jpg 1771w\" sizes=\"auto, (max-width: 249px) 100vw, 249px\" \/><\/a>BELLUNO <\/b>\u00a0Saranno 550 i concorrenti che domenica\u00a0 daranno vita alla prima delle tre prove del Campionato regionale di corsa campestre del Centro sportivo italiano, evento che si correr\u00e0 a Modolo di Castion. L\u2019organizzazione \u00e8 affidata al Gruppo sportivo Castionese, sodalizio dalla grande esperienza, non nuovo alla messa in cantiere di eventi regionali targati Csi. Le societ\u00e0 bellunesi in gara, per oltre duecento concorrenti, sono sedici: Atletica Zoldo, Polisportiva Santa Giustina, Virtus Nemeggio, Atletica Cortina, Giocallena-Atleticadore, Gs Castionese, As Vodo di Cadore, Atletica Trichiana, La Piave 2000, Atletica Lamon, Aquilotti Pelos, As Pozzale, Gs Astra Quero, Atletica Agordina, Us Cesio, Enal sport Villaga.<\/p>\n<\/div>\n<\/div>\n<\/div>\n<\/div>\n<\/div>\n<\/div>\n<\/div>\n","protected":false},"excerpt":{"rendered":"<p>INFORMAZIONE il canale su TELEGRAM informazione di prima mano e in tempo reale. iscriviti ed aiutaci a farlo conoscere\u00a0 &nbsp; &nbsp; QUEL IIII CHE NON E&#8217; UN IV &nbsp; &nbsp; &nbsp; &nbsp; &nbsp; &nbsp; &nbsp; &nbsp; LA CURIOSITA&#8217;, di Barbara Benvegn\u00f9 AGORDO &#8220;Ho messo questa foto su facebook l&#8217;altra mattina\u00a0 e una ragazza mi ha\u00a0&hellip;<\/p>\n","protected":false},"author":4,"featured_media":244885,"comment_status":"closed","ping_status":"open","sticky":false,"template":"","format":"standard","meta":{"_monsterinsights_skip_tracking":false,"_monsterinsights_sitenote_active":false,"_monsterinsights_sitenote_note":"","_monsterinsights_sitenote_category":0,"footnotes":""},"categories":[104,86,49],"tags":[],"class_list":["post-244626","post","type-post","status-publish","format-standard","has-post-thumbnail","hentry","category-evidenza_3","category-gr","category-news-18","category-104","category-86","category-49","description-off"],"img_url":"https:\/\/www.radiopiu.net\/wordpress\/wp-content\/uploads\/2021\/11\/0b035105-d025-465b-af20-97fc8ab411f6.jpg","_links":{"self":[{"href":"https:\/\/www.radiopiu.net\/wordpress\/wp-json\/wp\/v2\/posts\/244626","targetHints":{"allow":["GET"]}}],"collection":[{"href":"https:\/\/www.radiopiu.net\/wordpress\/wp-json\/wp\/v2\/posts"}],"about":[{"href":"https:\/\/www.radiopiu.net\/wordpress\/wp-json\/wp\/v2\/types\/post"}],"author":[{"embeddable":true,"href":"https:\/\/www.radiopiu.net\/wordpress\/wp-json\/wp\/v2\/users\/4"}],"replies":[{"embeddable":true,"href":"https:\/\/www.radiopiu.net\/wordpress\/wp-json\/wp\/v2\/comments?post=244626"}],"version-history":[{"count":0,"href":"https:\/\/www.radiopiu.net\/wordpress\/wp-json\/wp\/v2\/posts\/244626\/revisions"}],"wp:featuredmedia":[{"embeddable":true,"href":"https:\/\/www.radiopiu.net\/wordpress\/wp-json\/wp\/v2\/media\/244885"}],"wp:attachment":[{"href":"https:\/\/www.radiopiu.net\/wordpress\/wp-json\/wp\/v2\/media?parent=244626"}],"wp:term":[{"taxonomy":"category","embeddable":true,"href":"https:\/\/www.radiopiu.net\/wordpress\/wp-json\/wp\/v2\/categories?post=244626"},{"taxonomy":"post_tag","embeddable":true,"href":"https:\/\/www.radiopiu.net\/wordpress\/wp-json\/wp\/v2\/tags?post=244626"}],"curies":[{"name":"wp","href":"https:\/\/api.w.org\/{rel}","templated":true}]}}