{"id":244854,"date":"2021-11-26T05:34:21","date_gmt":"2021-11-26T04:34:21","guid":{"rendered":"https:\/\/www.radiopiu.net\/wordpress\/?p=244854"},"modified":"2021-11-26T09:00:18","modified_gmt":"2021-11-26T08:00:18","slug":"giornale-radiopiu-26-novembre-2021-direttore-mirko-mezzacasa","status":"publish","type":"post","link":"https:\/\/www.radiopiu.net\/wordpress\/giornale-radiopiu-26-novembre-2021-direttore-mirko-mezzacasa\/","title":{"rendered":"GIORNALE RADIOPIU 26 NOVEMBRE 2021 DIRETTORE MIRKO MEZZACASA"},"content":{"rendered":"<h3 class=\"kvgmc6g5 cxmmr5t8 oygrvhab hcukyx3x c1et5uql\"><span style=\"color: #0000ff;\"><strong>INFORMAZIONE il canale su TELEGRAM informazione di prima mano e in tempo reale. iscriviti ed aiutaci a farlo conoscere\u00a0<\/strong><\/span><\/h3>\n<p>&nbsp;<\/p>\n<p>&nbsp;<\/p>\n<hr \/>\n<p>&nbsp;<\/p>\n<p><strong><a href=\"https:\/\/www.radiopiu.net\/wordpress\/lassessore-gianpaolo-bottacin-ribatte-alle-accuse-del-presidente-della-croce-verde-val-biois-stefano-murer\/croce-verde-val-biois-2\/\" rel=\"attachment wp-att-153811\"><img loading=\"lazy\" decoding=\"async\" class=\"wp-image-153811 alignleft\" src=\"https:\/\/www.radiopiu.net\/wordpress\/wp-content\/uploads\/2020\/08\/CROCE-VERDE-VAL-BIOIS-300x225.jpg\" alt=\"\" width=\"191\" height=\"143\" srcset=\"https:\/\/www.radiopiu.net\/wordpress\/wp-content\/uploads\/2020\/08\/CROCE-VERDE-VAL-BIOIS-300x225.jpg 300w, https:\/\/www.radiopiu.net\/wordpress\/wp-content\/uploads\/2020\/08\/CROCE-VERDE-VAL-BIOIS-1024x768.jpg 1024w, https:\/\/www.radiopiu.net\/wordpress\/wp-content\/uploads\/2020\/08\/CROCE-VERDE-VAL-BIOIS-768x576.jpg 768w, https:\/\/www.radiopiu.net\/wordpress\/wp-content\/uploads\/2020\/08\/CROCE-VERDE-VAL-BIOIS-1536x1153.jpg 1536w, https:\/\/www.radiopiu.net\/wordpress\/wp-content\/uploads\/2020\/08\/CROCE-VERDE-VAL-BIOIS.jpg 1599w\" sizes=\"auto, (max-width: 191px) 100vw, 191px\" \/><\/a><\/strong><\/p>\n<p><strong>La Croce Verde Val Biois, causa la carenza di volontari, ha emanato il calendario con i disservizi del mese di novembre.<\/strong><\/p>\n<p>Il calendario provvisorio: LUNEDI&#8217; 29 NOVEMBRE 2021 DALLE ORE 6:00 ALLE ORE 20:00.<\/p>\n<p><strong>\u00a0 \u00a0<\/strong><\/p>\n<p>&nbsp;<\/p>\n<blockquote>\n<h3>LUNEDI SENZ&#8217;ACQUA AD AGORDO, MERCOLEDI A SELVA DI CADORE<\/h3>\n<\/blockquote>\n<p><a href=\"https:\/\/www.radiopiu.net\/wordpress\/giornale-radiopiu-17-settembre-2021-direttore-mirko-mezzacasa\/img-20210910-wa0001\/\" rel=\"attachment wp-att-232360\"><img loading=\"lazy\" decoding=\"async\" class=\"wp-image-232360 alignleft\" src=\"https:\/\/www.radiopiu.net\/wordpress\/wp-content\/uploads\/2021\/09\/IMG-20210910-WA0001-296x300.jpg\" alt=\"\" width=\"156\" height=\"158\" srcset=\"https:\/\/www.radiopiu.net\/wordpress\/wp-content\/uploads\/2021\/09\/IMG-20210910-WA0001-296x300.jpg 296w, https:\/\/www.radiopiu.net\/wordpress\/wp-content\/uploads\/2021\/09\/IMG-20210910-WA0001-768x779.jpg 768w, https:\/\/www.radiopiu.net\/wordpress\/wp-content\/uploads\/2021\/09\/IMG-20210910-WA0001.jpg 806w\" sizes=\"auto, (max-width: 156px) 100vw, 156px\" \/><\/a>Gestione Servizi Pubblici informa che, per lavori alla rete idrica comunale, lunedi dalle 8 a fine lavori potrebbe mancare l&#8217;acqua ad <strong>AGORDO<\/strong>, nelle loc. FARENZENA, PIASENT, CAMPION e FOCHE.<\/p>\n<p>mercoledi 1 dicembre dalle\u00a0 08:30 a fine lavori\u00a0 verr\u00e0 sospesa l\u2019erogazione dell\u2019acqua a <strong>SELVA DI CADORE<\/strong>, nelle vie PESCUL, PERONAZ, SANTA FOSCA, DEI DENEVER, GIACOMO LONGO, PERAZZE, CERNADOI, BERNART, COSTA MARIN, TRONCH E ZANUOL.<\/p>\n<p>&nbsp;<\/p>\n<p>&nbsp;<\/p>\n<hr \/>\n<p>&nbsp;<\/p>\n<blockquote>\n<blockquote>\n<blockquote>\n<h3>CHIUSURA DELLA PROVINCIALE 3 DI VALLE IMPERINA<\/h3>\n<\/blockquote>\n<p><strong><img loading=\"lazy\" decoding=\"async\" class=\"alignleft\" src=\"https:\/\/www.radiopiu.net\/wordpress\/wp-content\/uploads\/2021\/11\/d56ff87b-7cd1-4b77-8c69-2a01cc866a18.jpg\" width=\"68\" height=\"143\" \/>GOSALDO<\/strong> PROVINCIALE 3 VALLE IMPERINA: fino al 30 novembre esclusi sabato e domenica interruzione totale alla viabilit\u00e0\u00a0 per lavori di <a href=\"https:\/\/www.radiopiu.net\/wordpress\/iniziati-i-lavori-al-ponte-del-cristo-sulla-203-agordina\/ced07f80-a96b-45ee-a3d5-5dd6a16a320a\/\" rel=\"attachment wp-att-243364\"><img loading=\"lazy\" decoding=\"async\" class=\" wp-image-243364 alignright\" src=\"https:\/\/www.radiopiu.net\/wordpress\/wp-content\/uploads\/2021\/11\/ced07f80-a96b-45ee-a3d5-5dd6a16a320a-224x300.jpg\" alt=\"\" width=\"171\" height=\"229\" srcset=\"https:\/\/www.radiopiu.net\/wordpress\/wp-content\/uploads\/2021\/11\/ced07f80-a96b-45ee-a3d5-5dd6a16a320a-224x300.jpg 224w, https:\/\/www.radiopiu.net\/wordpress\/wp-content\/uploads\/2021\/11\/ced07f80-a96b-45ee-a3d5-5dd6a16a320a-766x1024.jpg 766w, https:\/\/www.radiopiu.net\/wordpress\/wp-content\/uploads\/2021\/11\/ced07f80-a96b-45ee-a3d5-5dd6a16a320a-768x1027.jpg 768w, https:\/\/www.radiopiu.net\/wordpress\/wp-content\/uploads\/2021\/11\/ced07f80-a96b-45ee-a3d5-5dd6a16a320a-1149x1536.jpg 1149w, https:\/\/www.radiopiu.net\/wordpress\/wp-content\/uploads\/2021\/11\/ced07f80-a96b-45ee-a3d5-5dd6a16a320a.jpg 1496w\" sizes=\"auto, (max-width: 171px) 100vw, 171px\" \/><\/a>messa in sicurezza:\u00a0 dalle 8 alle 12.45; dalle 13.45 alle 16 e dalle 16.30 alle 17.30 nei periodi non interessati dalla chiusura senso unico alternato con semaforo anche nei giorni festivi e prefestivi.<\/p>\n<p><strong>347 DURAN<\/strong>, chiusa in localit\u00e0 Dont fino al 4 dicembre dalle 8 alle 12 e dalle 13.30 alle 17.30<\/p>\n<p><strong>COLLE SANTA LUCIA 638 PASSO GIAU <\/strong>fino al 15 dicembre, tutti i giorni sono previste interruzioni fino a 15 minuti tra le 8 del mattino e le 17 del pomeriggio, negli altri orari senso unico alternato regolato da impianto semaforico.<\/p>\n<p><strong>SP 3 VALLE IMPERINA\u00a0<\/strong>dal 9 al 23 dicembre compresi sabato e domenica senso unico alternato regolato da impianto semaforico in localit\u00e0 Zenich di Rivamonte per consolidamento della strada<\/p><\/blockquote>\n<\/blockquote>\n<p><strong>SS51 DI ALEMAGNA<\/strong> posa del passaggio pedonale ferroviario a Longarone. Dalle 20 di giovedi 2 dicembre alle 6 del mattino successivo senso unico alternato. Probabili sensi unici temporanei a Castellavazzo (fino al 17 dicembre) per la demolizione controllata della parete rocciosa.<\/p>\n<p>&nbsp;<\/p>\n<hr \/>\n<p>&nbsp;<\/p>\n<blockquote>\n<h3>E&#8217; MANCATO BRUNO BIANCHI, IL RICORDO E LA GRATITUDINE DI FONZASO<\/h3>\n<\/blockquote>\n<p><strong><a href=\"https:\/\/www.radiopiu.net\/wordpress\/e-mancato-bruno-bianchi-il-ricordo-e-la-gratitudine-di-fonzaso\/bruno-bianchi-1\/\" rel=\"attachment wp-att-245004\"><img loading=\"lazy\" decoding=\"async\" class=\" wp-image-245004 alignleft\" src=\"https:\/\/www.radiopiu.net\/wordpress\/wp-content\/uploads\/2021\/11\/bruno-bianchi-1-208x300.jpg\" alt=\"\" width=\"113\" height=\"163\" srcset=\"https:\/\/www.radiopiu.net\/wordpress\/wp-content\/uploads\/2021\/11\/bruno-bianchi-1-208x300.jpg 208w, https:\/\/www.radiopiu.net\/wordpress\/wp-content\/uploads\/2021\/11\/bruno-bianchi-1-711x1024.jpg 711w, https:\/\/www.radiopiu.net\/wordpress\/wp-content\/uploads\/2021\/11\/bruno-bianchi-1-768x1106.jpg 768w, https:\/\/www.radiopiu.net\/wordpress\/wp-content\/uploads\/2021\/11\/bruno-bianchi-1.jpg 843w\" sizes=\"auto, (max-width: 113px) 100vw, 113px\" \/><\/a>FONZASO<\/strong> Si \u00e8 spento nella notte del 22 novembre il dott. Bruno Bianchi, Presidente della Fondazione Santi Antonio e Michele di Fonzaso fin dalla sua istituzione nell\u2019ottobre del 2019 e in carica fino allo scorso luglio, quando ha dovuto rinunciare all\u2019incarico per motivi di salute. Il Consiglio di Amministrazione, il Presidente Onorario, la Direzione della Casa di Riposo, insieme a tutti i dipendenti e ai suoi Ospiti, esprimono il loro cordoglio per la scomparsa di una figura che \u00e8 stata fondamentale nel dare slancio alla nuova realt\u00e0 che da gennaio 2021 ha preso in mano la gestione della casa di riposo di Fonzaso. Rester\u00e0 sempre un debito di riconoscenza per l&#8217;impegno che il dott. Bianchi ha profuso per la nostra realt\u00e0: dal passaggio alla nuova gestione del centro servizi per anziani con tutta la burocrazia conseguente, alla raccolta fondi per la realizzazione di una \u201cstanza degli abbracci\u201d che permettesse un contatto fisico tra le persone durante le visite, alla sua costante presenza nell&#8217;affrontare ogni criticit\u00e0. Il Consiglio di Amministrazione di Fondazione Santi Antonio e Michele, il Presidente Onorario e la Direzione si stringono ai familiari con un sentito abbraccio. Bruno Bianchi \u00e8 stato direttore generale di Fondazione Antonveneta, e prima ancora vicedirettore generale di Banca Antonveneta.<\/p>\n<p>&nbsp;<\/p>\n<hr \/>\n<p>&nbsp;<\/p>\n<p>&nbsp;<\/p>\n<blockquote>\n<h3>ECCO COSA SUCCEDE QUANDO IL CERVO INCONTRA L&#8217;AUTO<\/h3>\n<\/blockquote>\n<p><strong><a href=\"https:\/\/www.radiopiu.net\/wordpress\/ecco-cosa-succede-quando-il-cervo-incontra-lauto\/473d272e-2115-4daf-ad12-4bcf02086d5e\/\" rel=\"attachment wp-att-245033\"><img loading=\"lazy\" decoding=\"async\" class=\"size-medium wp-image-245033 alignleft\" src=\"https:\/\/www.radiopiu.net\/wordpress\/wp-content\/uploads\/2021\/11\/473d272e-2115-4daf-ad12-4bcf02086d5e-225x300.jpg\" alt=\"\" width=\"225\" height=\"300\" srcset=\"https:\/\/www.radiopiu.net\/wordpress\/wp-content\/uploads\/2021\/11\/473d272e-2115-4daf-ad12-4bcf02086d5e-225x300.jpg 225w, https:\/\/www.radiopiu.net\/wordpress\/wp-content\/uploads\/2021\/11\/473d272e-2115-4daf-ad12-4bcf02086d5e-768x1024.jpg 768w, https:\/\/www.radiopiu.net\/wordpress\/wp-content\/uploads\/2021\/11\/473d272e-2115-4daf-ad12-4bcf02086d5e-1152x1536.jpg 1152w, https:\/\/www.radiopiu.net\/wordpress\/wp-content\/uploads\/2021\/11\/473d272e-2115-4daf-ad12-4bcf02086d5e.jpg 1536w\" sizes=\"auto, (max-width: 225px) 100vw, 225px\" \/><\/a><\/strong><\/p>\n<p>&nbsp;<\/p>\n<p>&nbsp;<\/p>\n<p><strong>PONTE NELLE ALPI<\/strong> In questo caso ancora peggio dell&#8217;auto, perch\u00e9 lo sfortunato animale ha incornato un furgone. Ecco in quali condizioni ne esce un mezzo dopo lo sgradito incontro con l&#8217;ungulato. L&#8217;incidente del giorno &#8211; potrebbe non essere l&#8217;unico nelle 24 ore &#8211; a Lizzona, tra Paludi e Ponte nelle Alpi. Fortunatamente nessun ferito, lo spavento si pu\u00f2 facilmente immaginare.<\/p>\n<p>&nbsp;<\/p>\n<p>&nbsp;<\/p>\n<p>&nbsp;<\/p>\n<p>&nbsp;<\/p>\n<p>&nbsp;<\/p>\n<blockquote>\n<h3>DILLO A RADIO PIU&#8230; GIOCANDO A NASCONDINO TRA GLI ALBERELLI DI CANDATEN<\/h3>\n<\/blockquote>\n<p><strong>Riceviamo e volentieri pubblichiamo<\/strong><\/p>\n<p><strong><img loading=\"lazy\" decoding=\"async\" class=\"alignleft\" src=\"https:\/\/www.radiopiu.net\/wordpress\/wp-content\/uploads\/2021\/11\/th-28.jpg\" width=\"244\" height=\"128\" \/>SEDICO <\/strong>\u00a0Ogni volta che passo in Candaten ed osservo quelle file di piccoli carpini che non mollano le foglie neanche quando sono secche, oltre al discutibile risultato estetico, penso anche alla possibilit\u00e0 che qualcuno che, suo malgrado, si vedr\u00e0 coinvolto in un incidente ai danni del cervo e suoi, potr\u00e0, magari, chiedere ad un giudice soddisfazione per il procurato pericolo per riduzione della visibilit\u00e0 che la piantagione procura. Mi piacerebbe comunque che chi ha pensato a questa soluzione anti investimenti desse a noi, portatori di interesse, una spiegazione compiuta, perch\u00e9 una ragione logica deve pur esserci.<\/p>\n<p>Corrado Campedel<\/p>\n<p>&nbsp;<\/p>\n<blockquote><p>&nbsp;<\/p>\n<p>&nbsp;<\/p>\n<p>&nbsp;<\/p><\/blockquote>\n<hr \/>\n<p>&nbsp;<\/p>\n<p>&nbsp;<\/p>\n<h3><a href=\"https:\/\/www.radiopiu.net\/wordpress\/giornale-radiopiu-25-novembre-2021-direttore-mirko-mezzacasa\/0b035105-d025-465b-af20-97fc8ab411f6\/\" rel=\"attachment wp-att-244885\"><img loading=\"lazy\" decoding=\"async\" class=\" wp-image-244885 alignleft\" src=\"https:\/\/www.radiopiu.net\/wordpress\/wp-content\/uploads\/2021\/11\/0b035105-d025-465b-af20-97fc8ab411f6-300x135.jpg\" alt=\"\" width=\"204\" height=\"92\" srcset=\"https:\/\/www.radiopiu.net\/wordpress\/wp-content\/uploads\/2021\/11\/0b035105-d025-465b-af20-97fc8ab411f6-300x135.jpg 300w, https:\/\/www.radiopiu.net\/wordpress\/wp-content\/uploads\/2021\/11\/0b035105-d025-465b-af20-97fc8ab411f6-1024x461.jpg 1024w, https:\/\/www.radiopiu.net\/wordpress\/wp-content\/uploads\/2021\/11\/0b035105-d025-465b-af20-97fc8ab411f6-768x345.jpg 768w, https:\/\/www.radiopiu.net\/wordpress\/wp-content\/uploads\/2021\/11\/0b035105-d025-465b-af20-97fc8ab411f6-1536x691.jpg 1536w, https:\/\/www.radiopiu.net\/wordpress\/wp-content\/uploads\/2021\/11\/0b035105-d025-465b-af20-97fc8ab411f6.jpg 2048w\" sizes=\"auto, (max-width: 204px) 100vw, 204px\" \/><\/a>L&#8217;ULTIMO SALUTO A LUCIANO DE LORENZO<\/h3>\n<p><strong>SOSPIROLO<\/strong> I funerali di Luciano De Lorenzo, 15 anni, si terranno domani alle 14.30. Ne ha dato il triste annuncio la mamma Maria Antonietta il pap\u00e0 Michele la sorella Angela Giusy, le nonne Marta e Angelina, il nonno Leonida. Dopo le esequie il corteo proseguir\u00e0 verso il cimitero.<\/p>\n<p>&nbsp;<\/p>\n<p>&nbsp;<\/p>\n<p>&nbsp;<\/p>\n<hr \/>\n<p>&nbsp;<\/p>\n<blockquote>\n<h3>TEMPI DURI, MA NON PER I LADRI. LA PREOCCUPAZIONE DEI CITTADINI<\/h3>\n<\/blockquote>\n<p><strong>BELLUNO<\/strong>\u00a0 Gli uomini e le donne della Scientifica presso la Questura di Belluno sono stati nel Castionese dopo l&#8217;ondata di furti della settimana. Colpiti appartamenti privati ma anche un ristorante\u00a0 rubata pura una range rover. I ladri sarebbero arrivati a piedi, scappando poi a bordo dell&#8217;auto dal parcheggio di casa Dal Farra, a Madeago. L&#8217;auto non \u00e8 stata ritrovata.\u00a0 C&#8217;\u00e8 preoccupazione, accanto a un senso di precariet\u00e0, perch\u00e9 i malviventi (dovrebbero essere tre) si stanno dimostrando senza scrupoli.<\/p>\n<p>&nbsp;<\/p>\n<p>&nbsp;<\/p>\n<p>&nbsp;<\/p>\n<hr \/>\n<blockquote>\n<h3><\/h3>\n<h3>IL CONTAGIO CRESCE LENTO E INESORABILE MA IL VENETO RIMANE IN ZONA BIANCA<\/h3>\n<\/blockquote>\n<p><strong><a href=\"https:\/\/www.radiopiu.net\/wordpress\/il-contagio-cresce-lento-e-inesorabile-ma-il-veneto-rimane-in-zona-bianca\/th-259\/\" rel=\"attachment wp-att-244969\"><img loading=\"lazy\" decoding=\"async\" class=\" wp-image-244969 alignleft\" src=\"https:\/\/www.radiopiu.net\/wordpress\/wp-content\/uploads\/2021\/11\/th-26.jpg\" alt=\"\" width=\"110\" height=\"91\" \/><\/a>VENEZIA<\/strong> In Veneto, oggi 2.066 i casi di contagio. L\u2019indice Rt \u00e8 pari a 1,35 mentre l\u2019incidenza \u00e8: 226,1 su 100.000. L\u2019occupazione dei posti letto \u00e8 al 7% per le terapie intensive e al 6% per l\u2019area medica. Il Veneto continua ad essere zona bianca\u00a0 ma la situazione delineata dal report quotidiano richiede una riflessione importante per il Presidente Zaia: <em>&#8220;Oggi, infatti, ci confrontiamo con una giornata in cui si superano gi\u00e0 i 2.000 contagi. L\u2019impatto delle vaccinazioni sta garantendo la tenuta sul fronte del numero dei pazienti ricoverati ma la cosa certa \u00e8 che siamo di fronte ad un lento e inesorabile incremento del contagio con proiezioni importanti rispetto alla crescita\u201d.<\/em><\/p>\n<p>&nbsp;<\/p>\n<blockquote>\n<h3>\u00a0AGGIORNAMENTO COVID IN PROVINCIA DI BELLUNO TRE RICOVERATI IN TERAPIA INTENSIVA<\/h3>\n<\/blockquote>\n<p>Attuali positivi: 639 Persone in quarantena isolamento:1217 Ricoveri: \u2981 area non critica: 10 \u2981 Terapia Intensiva: 3<br \/>\nNella giornata \u00e8 stato effettuato il terzo ricovero in terapia intensiva Campagna vaccinale \u2981 Vaccinati con almeno una dose: 84,3% &#8211; 153.837 persone \u2981 Ciclo completo: 83,1% &#8211; 151.596 persone \u2981 Persone non vaccinate: 28.555 \u2981 Numero terze dosi eseguite: 19136 Sono stati aperti ulteriori posti prenotabili dal sito www.aulss1.veneto.it per la vaccinazione anti covid per le persone over 40 che hanno completato il ciclo vaccinale da almeno 5 mesi.<\/p>\n<p>&nbsp;<\/p>\n<p>&nbsp;<\/p>\n<p>&nbsp;<\/p>\n<hr \/>\n<blockquote>\n<h3><\/h3>\n<h3>ACC HA TRE POTENZIALI CLIENTI, PARLAMENTARI BELLUNESI AL MISE<\/h3>\n<\/blockquote>\n<p><strong><a href=\"https:\/\/www.radiopiu.net\/wordpress\/e-mancato-bruno-bianchi-il-ricordo-e-la-gratitudine-di-fonzaso\/fel_3837\/\" rel=\"attachment wp-att-245006\"><img loading=\"lazy\" decoding=\"async\" class=\" wp-image-245006 alignleft\" src=\"https:\/\/www.radiopiu.net\/wordpress\/wp-content\/uploads\/2021\/11\/FEL_3837-300x200.jpg\" alt=\"\" width=\"218\" height=\"145\" srcset=\"https:\/\/www.radiopiu.net\/wordpress\/wp-content\/uploads\/2021\/11\/FEL_3837-300x200.jpg 300w, https:\/\/www.radiopiu.net\/wordpress\/wp-content\/uploads\/2021\/11\/FEL_3837-1024x683.jpg 1024w, https:\/\/www.radiopiu.net\/wordpress\/wp-content\/uploads\/2021\/11\/FEL_3837-768x512.jpg 768w, https:\/\/www.radiopiu.net\/wordpress\/wp-content\/uploads\/2021\/11\/FEL_3837-1536x1024.jpg 1536w, https:\/\/www.radiopiu.net\/wordpress\/wp-content\/uploads\/2021\/11\/FEL_3837-2048x1365.jpg 2048w\" sizes=\"auto, (max-width: 218px) 100vw, 218px\" \/><\/a>ROMA<\/strong> Acc ha almeno tre potenziali compratori e nelle prossime settimane potr\u00e0 avere nuova liquidit\u00e0 per continuare a produrre. Una conferma e una novit\u00e0 importante emerse dall\u2019incontro di questa mattina al Ministero dello Sviluppo Economico, chiesto alcune settimane fa dai parlamentari bellunesi Bond,\u00a0 De Menech, De Carlo e Badole. La novit\u00e0 \u00e8 che c\u2019\u00e8 la possibilit\u00e0 di garantire liquidit\u00e0 allo stabilimento, in modo che il commissario straordinario possa portare avanti la produzione.\u00a0 Di fatto, con la liquidit\u00e0 straordinaria garantita dall\u2019articolo 37, a gennaio Acc non chiuder\u00e0.<span class=\"gmail-Apple-converted-space\">\u00a0 I Parlamentari hanno <\/span>avuto conferma anche dell\u2019interesse dello Stato nei confronti dello stabilimento di Mel.<\/p>\n<p><em>&#8220;A\u00a0 precisa domanda &#8211; dice Dario Bond &#8211;\u00a0 il ministro ha risposto che esiste la possibilit\u00e0 che lo Stato italiano partecipi al 30% del capitale di Acc, a fronte dell\u2019acquisto di un soggetto interessato.Tra l\u2019altro abbiamo proposto al ministro anche un possibile accordo con un istituto politecnico, per sviluppare tecnologia a partire da Mel.\u00a0<\/em>Per De Menech dall&#8217;incontro di Roma una certezza, che in Valbelluna ci pu\u00f2 essere un futuro produttivo.<\/p>\n<p>&nbsp;<\/p>\n<p><strong>STEFANO BONA, FIOM CGIL<\/strong>\u00a0 <em>&#8220;Apprendiamo con grande piacere, dopo aver ascoltato in tutti i tavoli di tecnici del Mise e di Invitalia che l&#8217;art.37 non \u00e8 applicabile per Acc, che il ministro Giorgetti si \u00e8 invece impegnato a fare arrivare subito ad Acc i soldi necessari per ripartire con la produzione a gennaio. Una notizia bellissima.\u00a0 Immaginiamo che gli stessi dirigenti che negano l&#8217;accessibilit\u00e0 al finanziamento siano ansiosi di spiegarci, nel prossimo tavolo di crisi che si sono impegnati a convocare entro il 10 di Dicembre, ci\u00f2 che consentir\u00e0 ad Acc di incassare qualche milione di euro, come in una fortunata slot machine&#8221;.\u00a0<\/em><\/p>\n<p>&nbsp;<\/p>\n<p>&nbsp;<\/p>\n<hr \/>\n<blockquote>\n<h3><\/h3>\n<h3>FRANA DI PISOLIVA, AVVIATO L\u2019INTERVENTO DI MESSA IN SICUREZZA<\/h3>\n<p><em>Con la speranza che i cantieri aprano presto anche a casa Fenti, 300 metri pi\u00f9 gi\u00f9 dove si attende l&#8217;inizio dei lavori da 3 anni, dopo Vaia per la messa in sicurezza della casa e della comunale per le frazioni alte di Canale d&#8217;Agordo e Falcade. &#8220;Sono contento per la famiglia dove sono iniziati i lavori &#8211; dice Fabio Fenti &#8211; avevano sicuramente bisogno anche loro di risolvere il problema. Belle le parole di Padrin. Dovr\u00f2 confidare in quel &#8220;un p\u00f2 alla volta &#8221;\u00a0<\/em><\/p><\/blockquote>\n<p>&nbsp;<\/p>\n<p><strong><a href=\"https:\/\/www.radiopiu.net\/wordpress\/frana-di-pisoliva-avviato-lintervento-di-messa-in-sicurezza\/pisoliva-frana\/\" rel=\"attachment wp-att-244957\"><img loading=\"lazy\" decoding=\"async\" class=\"size-medium wp-image-244957 alignleft\" src=\"https:\/\/www.radiopiu.net\/wordpress\/wp-content\/uploads\/2021\/11\/Pisoliva-frana-169x300.jpg\" alt=\"\" width=\"169\" height=\"300\" srcset=\"https:\/\/www.radiopiu.net\/wordpress\/wp-content\/uploads\/2021\/11\/Pisoliva-frana-169x300.jpg 169w, https:\/\/www.radiopiu.net\/wordpress\/wp-content\/uploads\/2021\/11\/Pisoliva-frana-576x1024.jpg 576w, https:\/\/www.radiopiu.net\/wordpress\/wp-content\/uploads\/2021\/11\/Pisoliva-frana-768x1365.jpg 768w, https:\/\/www.radiopiu.net\/wordpress\/wp-content\/uploads\/2021\/11\/Pisoliva-frana-864x1536.jpg 864w, https:\/\/www.radiopiu.net\/wordpress\/wp-content\/uploads\/2021\/11\/Pisoliva-frana.jpg 1152w\" sizes=\"auto, (max-width: 169px) 100vw, 169px\" \/><\/a>BELLUNO <\/strong><span class=\"s1\">Sono stati avviati a Pisoliva, in Comune di Canale d\u2019Agordo, i lavori di messa in sicurezza di una frana che insiste su un\u2019abitazione. Si tratta di un dissesto provocato dalla tempesta Vaia, per un fronte franoso di circa 20 metri in un\u2019area di circa 200 metri quadrati. <\/span><span class=\"s1\">\u00ab<em>Il movimento franoso che si \u00e8 verificato ha causato la rottura e la traslazione verso valle dei due muri di sostegno del piazzale dell\u2019abitazione, situata nei pressi della frazione di Caviola<\/em>\u00bb spiegano i tecnici della Provincia. <\/span><span class=\"s1\">La sistemazione e la messa in sicurezza del dissesto sono state progettate dalla Provincia prendendo in considerazione il fenomeno e gli accessi all\u2019area di intervento, che nel caso specifico sfruttano la viabilit\u00e0 esistente. \u00c8 stato comunque necessario il tracciamento di una breve pista temporanea di servizio al cantiere, gi\u00e0 avviato nei giorni scorsi. Diversi i lavori che compongono l\u2019intervento: dal taglio della vegetazione alla riprofilatura della scarpata. Le operazioni pi\u00f9 importanti riguardano la stabilizzazione del versante mediante particolari consolidatori a ombrello, fino a creare dei terrazzamenti. Alla fine, sar\u00e0 installata una staccionata anticaduta lungo il ciglio del piazzale antistante l\u2019abitazione. L\u2019intera operazione vale 100mila euro e prevede 90 giorni di lavori. Se le condizioni meteo lo consentiranno, i lavori potrebbero chiudersi gi\u00e0 prima di Natale. <\/span><span class=\"s1\">\u00ab<em>Sono lavori necessari, perch\u00e9 gli effetti di Vaia sono ancora ben visibili in diverse parti della nostra provincia &#8211; commenta il presidente Roberto Padrin -. Un po\u2019 alla volta tutte le situazioni di dissesto vengono sistemate, per garantire vivibilit\u00e0 e sicurezza a chi vive nelle aree montane<\/em>\u00bb.<\/span><\/p>\n<p>&nbsp;<\/p>\n<p>&nbsp;<\/p>\n<hr \/>\n<p>&nbsp;<\/p>\n<blockquote class=\"wp-embedded-content\" data-secret=\"dyoJO4YCQj\"><p><a href=\"https:\/\/www.radiopiu.net\/wordpress\/aggiornamentonov25\/\">CORONAVIRUS: AGGIORNAMENTO NAZIONALE 25 NOVEMBRE  2021<\/a><\/p><\/blockquote>\n<p><iframe loading=\"lazy\" class=\"wp-embedded-content\" sandbox=\"allow-scripts\" security=\"restricted\" style=\"position: absolute; clip: rect(1px, 1px, 1px, 1px);\" title=\"&#8220;CORONAVIRUS: AGGIORNAMENTO NAZIONALE 25 NOVEMBRE  2021&#8221; &#8212; Radio Pi\u00f9\" src=\"https:\/\/www.radiopiu.net\/wordpress\/aggiornamentonov25\/embed\/#?secret=dyoJO4YCQj\" data-secret=\"dyoJO4YCQj\" width=\"600\" height=\"338\" frameborder=\"0\" marginwidth=\"0\" marginheight=\"0\" scrolling=\"no\"><\/iframe><\/p>\n<p>&nbsp;<\/p>\n<blockquote class=\"wp-embedded-content\" data-secret=\"9sxpEkitNE\"><p><a href=\"https:\/\/www.radiopiu.net\/wordpress\/oltre-2-mila-nuovi-positivi-in-veneto-nelle-ultime-24-ore-otto-decessi-e-ricoveri-sempre-in-aumento\/\">OLTRE 2 MILA NUOVI POSITIVI IN VENETO NELLE ULTIME 24 ORE. OTTO DECESSI E RICOVERI SEMPRE IN AUMENTO<\/a><\/p><\/blockquote>\n<p><iframe loading=\"lazy\" class=\"wp-embedded-content\" sandbox=\"allow-scripts\" security=\"restricted\" style=\"position: absolute; clip: rect(1px, 1px, 1px, 1px);\" title=\"&#8220;OLTRE 2 MILA NUOVI POSITIVI IN VENETO NELLE ULTIME 24 ORE. OTTO DECESSI E RICOVERI SEMPRE IN AUMENTO&#8221; &#8212; Radio Pi\u00f9\" src=\"https:\/\/www.radiopiu.net\/wordpress\/oltre-2-mila-nuovi-positivi-in-veneto-nelle-ultime-24-ore-otto-decessi-e-ricoveri-sempre-in-aumento\/embed\/#?secret=9sxpEkitNE\" data-secret=\"9sxpEkitNE\" width=\"600\" height=\"338\" frameborder=\"0\" marginwidth=\"0\" marginheight=\"0\" scrolling=\"no\"><\/iframe><\/p>\n<p>&nbsp;<\/p>\n<h2>I GRAFICI DI TIZIANO DE COL<\/h2>\n\n\t\t\t<style type='text\/css'>\n\t\t\t\t#gallery-1 {\n\t\t\t\t\tmargin: auto;\n\t\t\t\t}\n\t\t\t\t#gallery-1 .gallery-item {\n\t\t\t\t\tfloat: left;\n\t\t\t\t\tmargin-top: 10px;\n\t\t\t\t\ttext-align: center;\n\t\t\t\t\twidth: 33%;\n\t\t\t\t}\n\t\t\t\t#gallery-1 img {\n\t\t\t\t\tborder: 2px solid #cfcfcf;\n\t\t\t\t}\n\t\t\t\t#gallery-1 .gallery-caption {\n\t\t\t\t\tmargin-left: 0;\n\t\t\t\t}\n\t\t\t\t\/* see gallery_shortcode() in wp-includes\/media.php *\/\n\t\t\t<\/style>\n\t\t<div id='gallery-1' class='dt-gallery-container gallery galleryid-244854 gallery-columns-3 gallery-size-thumbnail'><dl class='gallery-item'>\n\t\t\t\t<dt class='gallery-icon landscape'>\n\t\t\t\t\t<a class=\"rollover rollover-zoom dt-pswp-item\" title=\"2f68e737-d7e7-4284-9b43-9f56652f042b\" data-dt-img-description=\"\" data-large_image_width=\"624\" data-large_image_height=\"365\"href='https:\/\/www.radiopiu.net\/wordpress\/wp-content\/uploads\/2021\/11\/2f68e737-d7e7-4284-9b43-9f56652f042b.jpg'><img loading=\"lazy\" decoding=\"async\" width=\"150\" height=\"150\" src=\"https:\/\/www.radiopiu.net\/wordpress\/wp-content\/uploads\/2021\/11\/2f68e737-d7e7-4284-9b43-9f56652f042b-150x150.jpg\" class=\"attachment-thumbnail size-thumbnail\" alt=\"\" \/><\/a>\n\t\t\t\t<\/dt><\/dl><dl class='gallery-item'>\n\t\t\t\t<dt class='gallery-icon landscape'>\n\t\t\t\t\t<a class=\"rollover rollover-zoom dt-pswp-item\" title=\"da3eff50-04da-4446-90b4-d23adde82d00\" data-dt-img-description=\"\" data-large_image_width=\"596\" data-large_image_height=\"349\"href='https:\/\/www.radiopiu.net\/wordpress\/wp-content\/uploads\/2021\/11\/da3eff50-04da-4446-90b4-d23adde82d00.jpg'><img loading=\"lazy\" decoding=\"async\" width=\"150\" height=\"150\" src=\"https:\/\/www.radiopiu.net\/wordpress\/wp-content\/uploads\/2021\/11\/da3eff50-04da-4446-90b4-d23adde82d00-150x150.jpg\" class=\"attachment-thumbnail size-thumbnail\" alt=\"\" \/><\/a>\n\t\t\t\t<\/dt><\/dl><dl class='gallery-item'>\n\t\t\t\t<dt class='gallery-icon landscape'>\n\t\t\t\t\t<a class=\"rollover rollover-zoom dt-pswp-item\" title=\"1b28d26d-3d25-4a8b-9000-1b4c7c449933\" data-dt-img-description=\"\" data-large_image_width=\"604\" data-large_image_height=\"355\"href='https:\/\/www.radiopiu.net\/wordpress\/wp-content\/uploads\/2021\/11\/1b28d26d-3d25-4a8b-9000-1b4c7c449933.jpg'><img loading=\"lazy\" decoding=\"async\" width=\"150\" height=\"150\" src=\"https:\/\/www.radiopiu.net\/wordpress\/wp-content\/uploads\/2021\/11\/1b28d26d-3d25-4a8b-9000-1b4c7c449933-150x150.jpg\" class=\"attachment-thumbnail size-thumbnail\" alt=\"\" \/><\/a>\n\t\t\t\t<\/dt><\/dl><br style=\"clear: both\" \/><dl class='gallery-item'>\n\t\t\t\t<dt class='gallery-icon landscape'>\n\t\t\t\t\t<a class=\"rollover rollover-zoom dt-pswp-item\" title=\"954226df-440a-451b-8722-9435d56c7db0\" data-dt-img-description=\"\" data-large_image_width=\"608\" data-large_image_height=\"361\"href='https:\/\/www.radiopiu.net\/wordpress\/wp-content\/uploads\/2021\/11\/954226df-440a-451b-8722-9435d56c7db0.jpg'><img loading=\"lazy\" decoding=\"async\" width=\"150\" height=\"150\" src=\"https:\/\/www.radiopiu.net\/wordpress\/wp-content\/uploads\/2021\/11\/954226df-440a-451b-8722-9435d56c7db0-150x150.jpg\" class=\"attachment-thumbnail size-thumbnail\" alt=\"\" \/><\/a>\n\t\t\t\t<\/dt><\/dl><dl class='gallery-item'>\n\t\t\t\t<dt class='gallery-icon landscape'>\n\t\t\t\t\t<a class=\"rollover rollover-zoom dt-pswp-item\" title=\"683898e7-2285-4154-9f08-d1268ef76fcd\" data-dt-img-description=\"\" data-large_image_width=\"614\" data-large_image_height=\"357\"href='https:\/\/www.radiopiu.net\/wordpress\/wp-content\/uploads\/2021\/11\/683898e7-2285-4154-9f08-d1268ef76fcd.jpg'><img loading=\"lazy\" decoding=\"async\" width=\"150\" height=\"150\" src=\"https:\/\/www.radiopiu.net\/wordpress\/wp-content\/uploads\/2021\/11\/683898e7-2285-4154-9f08-d1268ef76fcd-150x150.jpg\" class=\"attachment-thumbnail size-thumbnail\" alt=\"\" \/><\/a>\n\t\t\t\t<\/dt><\/dl>\n\t\t\t\t<br style='clear: both' \/>\n\t\t\t<\/div>\n\n<p>&nbsp;<\/p>\n<hr \/>\n<p>&nbsp;<\/p>\n<blockquote>\n<h3 align=\"CENTER\"><span style=\"color: #222222;\"><span style=\"font-family: Arial, serif;\"><span style=\"font-size: large;\"><b>Sedute vaccinali territoriali: i prossimi appuntamenti\u00a0<\/b><\/span><\/span><\/span><\/h3>\n<\/blockquote>\n<p><span style=\"color: #222222;\"><span style=\"font-family: Arial, serif;\"><span style=\"font-size: medium;\">Oltre al potenziamento dei posti prenotabili per dose booster nei drive in dell\u2019ulss Dolomiti dal sito <\/span><\/span><\/span><span style=\"color: #0000ff;\"><span style=\"font-family: Arial, serif;\"><span style=\"font-size: medium;\"><u><a href=\"http:\/\/www.aulss1.veneto.it\/\">www.aulss1.veneto.it<\/a><\/u><\/span><\/span><\/span><span style=\"color: #222222;\"><span style=\"font-family: Arial, serif;\"><span style=\"font-size: medium;\"> , sono state organizzate le seguenti sedute vaccinali territoriali per prime e terze dosi, accessibile con le modalit\u00e0 di seguito riportate: <\/span><\/span><\/span><b style=\"font-size: medium; font-family: Arial, serif; color: #222222;\">CORTINA <\/b><span style=\"color: #222222;\"><span style=\"font-family: Arial, serif;\"><span style=\"font-size: medium;\"><b>giorno:<\/b><\/span><\/span><\/span><span style=\"color: #222222;\"><span style=\"font-family: Arial, serif;\"><span style=\"font-size: medium;\"> 27 novembre 2021 <\/span><\/span><\/span><span style=\"color: #222222; font-family: Arial, serif; font-size: medium;\">dalle 10.30 alle 16.00<\/span> <span style=\"color: #000000;\"><span style=\"font-family: Arial, serif;\"><span style=\"font-size: medium;\">Palestra della scuola media Rinaldo Zardini <\/span><\/span><\/span><span style=\"color: #222222;\"><span style=\"font-family: Arial, serif;\"><span style=\"font-size: medium;\">\u00a0accesso libero <\/span><\/span><\/span><b style=\"font-size: medium; font-family: Arial, serif; color: #222222;\">FONZASO <\/b><span style=\"color: #222222;\"><span style=\"font-family: Arial, serif;\"><span style=\"font-size: medium;\"><b>giorno:<\/b><\/span><\/span><\/span><span style=\"color: #222222;\"><span style=\"font-family: Arial, serif;\"><span style=\"font-size: medium;\"> 29 novembre 2021 <\/span><\/span><\/span><span style=\"color: #222222;\"><span style=\"font-family: Arial, serif;\"><span style=\"font-size: medium;\">alle 14.30 alle 16.30 CEN<\/span><\/span><\/span><span style=\"color: #222222;\"><span style=\"font-family: Arial, serif;\"><span style=\"font-size: medium;\">TRO POLIFUNZIONALE di FONZASO\u00a0 in Via Nogar\u00e8, 6<\/span><\/span><\/span><span style=\"color: #222222;\"><span style=\"font-family: Arial, serif;\"><span style=\"font-size: medium;\"> E&#8217; richiesta la prenotazione al n. 366 4478188 (orario pomeridiano) <strong>C<\/strong><\/span><\/span><\/span><b style=\"font-size: medium; font-family: Arial, serif; color: #222222;\">ESIOMAGGIORE <\/b><span style=\"color: #222222;\"><span style=\"font-family: Arial, serif;\"><span style=\"font-size: medium;\"><b>giorno:<\/b><\/span><\/span><\/span><span style=\"color: #222222;\"><span style=\"font-family: Arial, serif;\"><span style=\"font-size: medium;\"> 1 dicembre 2021 <\/span><\/span><\/span><span style=\"color: #222222;\"><span style=\"font-family: Arial, serif;\"><span style=\"font-size: medium;\">dalle 14.30 alle 16.30 <\/span><\/span><\/span><span style=\"color: #222222;\"><span style=\"font-family: Arial, serif;\"><span style=\"font-size: medium;\">CENTRO POLIFUNZIONALE di di CESIOMAGGIORE\u00a0\u00a0in Localit\u00e0 Pradenic (campo sportivo)<\/span><\/span><\/span><span style=\"color: #222222;\"><span style=\"font-family: Arial, serif;\"><span style=\"font-size: medium;\">\u00a0richiesta la prenotazione al n. 0439 43480\u00a0<\/span><\/span><\/span><span style=\"color: #222222;\"><span style=\"font-family: Arial, serif;\"><span style=\"font-size: medium;\">(Biblioteca di Cesiomaggiore) <\/span><\/span><\/span><b style=\"font-size: medium; font-family: Arial, serif; color: #222222;\">CHIES D\u2019ALPAGO <\/b><span style=\"color: #222222;\"><span style=\"font-family: Arial, serif;\"><span style=\"font-size: medium;\">4 dicembre 2021<\/span><\/span><\/span><span style=\"color: #222222; font-family: Arial, serif; font-size: medium;\">dalle 9.00 alle 12.00 Lamosano accesso libero\u00a0<\/span><\/p>\n<p>&nbsp;<\/p>\n<p>&nbsp;<\/p>\n<hr \/>\n<p>&nbsp;<\/p>\n<blockquote>\n<h3>INCIDENTI SUL LAVORO. ZANONI (PD): &#8220;IL PORTALE PER LE DENUNCIE ANONIME E&#8217; UNO STRUMENTO UTILE PER PREVENIRE E SALVARE VITE&#8221;<\/h3>\n<\/blockquote>\n<p><strong><a href=\"https:\/\/www.radiopiu.net\/wordpress\/giornale-radiopiu-23-settembre-2021-direttore-mirko-mezzacasa\/zanoni-1\/\" rel=\"attachment wp-att-233260\"><img loading=\"lazy\" decoding=\"async\" class=\" wp-image-233260 alignleft\" src=\"https:\/\/www.radiopiu.net\/wordpress\/wp-content\/uploads\/2021\/09\/ZANONI-1-300x200.jpg\" alt=\"\" width=\"216\" height=\"144\" srcset=\"https:\/\/www.radiopiu.net\/wordpress\/wp-content\/uploads\/2021\/09\/ZANONI-1-300x200.jpg 300w, https:\/\/www.radiopiu.net\/wordpress\/wp-content\/uploads\/2021\/09\/ZANONI-1-1024x683.jpg 1024w, https:\/\/www.radiopiu.net\/wordpress\/wp-content\/uploads\/2021\/09\/ZANONI-1-768x512.jpg 768w, https:\/\/www.radiopiu.net\/wordpress\/wp-content\/uploads\/2021\/09\/ZANONI-1-1536x1024.jpg 1536w, https:\/\/www.radiopiu.net\/wordpress\/wp-content\/uploads\/2021\/09\/ZANONI-1-2048x1365.jpg 2048w\" sizes=\"auto, (max-width: 216px) 100vw, 216px\" \/><\/a>VENEZIA <\/strong>\u201cCredo che il sito per denunciare anche in forma anonima le irregolarit\u00e0 nelle fabbriche e nei cantieri non sia solo utile, ma doveroso. Non c\u2019\u00e8 nessuna gogna, dobbiamo pensare a come salvare vite: 16 morti nel 2021 solo in provincia di Treviso \u00e8 un numero enorme\u201d.Andrea Zanoni, consigliere regionale del Partito Democratico, torna sull\u2019iniziativa della Filca Cisl di Treviso e Belluno per contrastare la piaga degli incidenti sul lavoro.\u201c\u00c8 giusto denunciare, anche in forma anonima, situazioni di illegalit\u00e0 pericolose per i lavoratori, evitando incidenti per i quali possono restare disabili a vita oppure morire &#8211; insiste Zanoni &#8211; Semmai dovremmo chiederci perch\u00e9 si ha paura a farsi avanti&#8221;<\/p>\n<p>&nbsp;<\/p>\n<p>&nbsp;<\/p>\n<hr \/>\n<p>&nbsp;<\/p>\n<blockquote>\n<h3><strong>\u00a0GIORNATA INTERNAZIONALE CONTRO LA VIOLENZA SULLE <a href=\"https:\/\/www.radiopiu.net\/wordpress\/giornale-radiopiu-19-marzo-2021-direttore-mirko-mezzacasa\/1ec0f4d0-1019-45c6-9771-4cefb0a1b0ce\/\" rel=\"attachment wp-att-197820\"><img loading=\"lazy\" decoding=\"async\" class=\"wp-image-197820 alignleft\" src=\"https:\/\/www.radiopiu.net\/wordpress\/wp-content\/uploads\/2021\/03\/1ec0f4d0-1019-45c6-9771-4cefb0a1b0ce-200x300.jpg\" alt=\"\" width=\"101\" height=\"152\" srcset=\"https:\/\/www.radiopiu.net\/wordpress\/wp-content\/uploads\/2021\/03\/1ec0f4d0-1019-45c6-9771-4cefb0a1b0ce-200x300.jpg 200w, https:\/\/www.radiopiu.net\/wordpress\/wp-content\/uploads\/2021\/03\/1ec0f4d0-1019-45c6-9771-4cefb0a1b0ce-682x1024.jpg 682w, https:\/\/www.radiopiu.net\/wordpress\/wp-content\/uploads\/2021\/03\/1ec0f4d0-1019-45c6-9771-4cefb0a1b0ce-768x1153.jpg 768w, https:\/\/www.radiopiu.net\/wordpress\/wp-content\/uploads\/2021\/03\/1ec0f4d0-1019-45c6-9771-4cefb0a1b0ce-1023x1536.jpg 1023w, https:\/\/www.radiopiu.net\/wordpress\/wp-content\/uploads\/2021\/03\/1ec0f4d0-1019-45c6-9771-4cefb0a1b0ce.jpg 1066w\" sizes=\"auto, (max-width: 101px) 100vw, 101px\" \/><\/a>DONNE BELLUNO FIRMA IL \u201cPATTO DEI COMUNI\u201d PROMOSSO DA ANCI<\/strong><\/h3>\n<\/blockquote>\n<p><strong>BELLUNO <\/strong>Prevenire, proteggere e promuovere: questi gli obbiettivi del \u201cPatto dei Comuni per la parit\u00e0 e contro la violenza di genere\u201d promosso dall&#8217;Associazione Nazionale Comuni Italiani e sottoscritto\u00a0 dal Comune di Belluno, in occasione della Giornata internazionale contro la violenza sulle donne.<\/p>\n<p><strong>JACOPO MASSARO, SINDACO DI BELLUNO<br \/>\n<\/strong><\/p>\n<audio class=\"wp-audio-shortcode\" id=\"audio-244854-1\" preload=\"none\" style=\"width: 100%;\" controls=\"controls\"><source type=\"audio\/mpeg\" src=\"https:\/\/www.radiopiu.net\/wordpress\/wp-content\/uploads\/2021\/11\/Massaro-Giornata-violenza-donna.mp3?_=1\" \/><a href=\"https:\/\/www.radiopiu.net\/wordpress\/wp-content\/uploads\/2021\/11\/Massaro-Giornata-violenza-donna.mp3\">https:\/\/www.radiopiu.net\/wordpress\/wp-content\/uploads\/2021\/11\/Massaro-Giornata-violenza-donna.mp3<\/a><\/audio>\n<p>&nbsp;<\/p>\n<p>&nbsp;<\/p>\n<hr \/>\n<p>&nbsp;<\/p>\n<p>&nbsp;<\/p>\n<blockquote>\n<h4>SABATO CON LE DONNE, PER LE DONNE<\/h4>\n<\/blockquote>\n<p><strong><a href=\"https:\/\/www.radiopiu.net\/wordpress\/sabato-con-le-donne-per-le-donne\/b16805c0-e2ad-4423-9861-755a95f1ef24\/\" rel=\"attachment wp-att-245013\"><img loading=\"lazy\" decoding=\"async\" class=\"size-medium wp-image-245013 alignleft\" src=\"https:\/\/www.radiopiu.net\/wordpress\/wp-content\/uploads\/2021\/11\/b16805c0-e2ad-4423-9861-755a95f1ef24-300x169.jpg\" alt=\"\" width=\"300\" height=\"169\" srcset=\"https:\/\/www.radiopiu.net\/wordpress\/wp-content\/uploads\/2021\/11\/b16805c0-e2ad-4423-9861-755a95f1ef24-300x169.jpg 300w, https:\/\/www.radiopiu.net\/wordpress\/wp-content\/uploads\/2021\/11\/b16805c0-e2ad-4423-9861-755a95f1ef24-1024x576.jpg 1024w, https:\/\/www.radiopiu.net\/wordpress\/wp-content\/uploads\/2021\/11\/b16805c0-e2ad-4423-9861-755a95f1ef24-768x432.jpg 768w, https:\/\/www.radiopiu.net\/wordpress\/wp-content\/uploads\/2021\/11\/b16805c0-e2ad-4423-9861-755a95f1ef24-1536x864.jpg 1536w, https:\/\/www.radiopiu.net\/wordpress\/wp-content\/uploads\/2021\/11\/b16805c0-e2ad-4423-9861-755a95f1ef24.jpg 2048w\" sizes=\"auto, (max-width: 300px) 100vw, 300px\" \/><\/a>BELLUNO<\/strong> Un gazebo in piazza dei Martiri, sabato mattina per dire no alla Violenza sulle donne. Iniziativa di Fratelli d&#8217;Italia presentata ieri da Raffaele Addamiano, Monica Mazzoccoli (foto) e in video conferenza il sindaco di Vigo di Cadore, Silvia Calligaro<\/p>\n<p>&nbsp;<\/p>\n<p><strong>AUDIO<\/strong><\/p>\n<audio class=\"wp-audio-shortcode\" id=\"audio-244854-2\" preload=\"none\" style=\"width: 100%;\" controls=\"controls\"><source type=\"audio\/mpeg\" src=\"https:\/\/www.radiopiu.net\/wordpress\/wp-content\/uploads\/2021\/11\/RAFFAELE-ADDAMIANO.mp3?_=2\" \/><a href=\"https:\/\/www.radiopiu.net\/wordpress\/wp-content\/uploads\/2021\/11\/RAFFAELE-ADDAMIANO.mp3\">https:\/\/www.radiopiu.net\/wordpress\/wp-content\/uploads\/2021\/11\/RAFFAELE-ADDAMIANO.mp3<\/a><\/audio>\n<p>&nbsp;<\/p>\n<p>&nbsp;<\/p>\n<hr \/>\n<p>&nbsp;<\/p>\n<p>&nbsp;<\/p>\n<p><strong>25 NOVEMBRE 2021\u00a0<\/strong><\/p>\n<blockquote class=\"wp-embedded-content\" data-secret=\"TQrJw0CtwV\"><p><a href=\"https:\/\/www.radiopiu.net\/wordpress\/larma-dei-carabinieri-contro-la-violenza-sulle-donne\/\">L&#8217;ARMA DEI CARABINIERI CONTRO LA VIOLENZA SULLE DONNE<\/a><\/p><\/blockquote>\n<p><iframe loading=\"lazy\" class=\"wp-embedded-content\" sandbox=\"allow-scripts\" security=\"restricted\" style=\"position: absolute; clip: rect(1px, 1px, 1px, 1px);\" title=\"&#8220;L&#8217;ARMA DEI CARABINIERI CONTRO LA VIOLENZA SULLE DONNE&#8221; &#8212; Radio Pi\u00f9\" src=\"https:\/\/www.radiopiu.net\/wordpress\/larma-dei-carabinieri-contro-la-violenza-sulle-donne\/embed\/#?secret=TQrJw0CtwV\" data-secret=\"TQrJw0CtwV\" width=\"600\" height=\"338\" frameborder=\"0\" marginwidth=\"0\" marginheight=\"0\" scrolling=\"no\"><\/iframe><\/p>\n<p>&nbsp;<\/p>\n<hr \/>\n<p>&nbsp;<\/p>\n<blockquote>\n<h3>ARANCIONE, ARMA E SOROPTIMIST CONTRO UNA VIOLENZA CHE NON HA TERMINE<\/h3>\n<\/blockquote>\n<p>&nbsp;<\/p>\n<p><strong><a href=\"https:\/\/www.radiopiu.net\/wordpress\/arancione-arma-a-soroptimist-contro-una-violenza-che-non-ha-termine\/3f730e40-3259-44a7-95bd-578cfe09ff99\/\" rel=\"attachment wp-att-245059\"><img loading=\"lazy\" decoding=\"async\" class=\" wp-image-245059 alignleft\" src=\"https:\/\/www.radiopiu.net\/wordpress\/wp-content\/uploads\/2021\/11\/3f730e40-3259-44a7-95bd-578cfe09ff99-300x225.jpg\" alt=\"\" width=\"263\" height=\"197\" srcset=\"https:\/\/www.radiopiu.net\/wordpress\/wp-content\/uploads\/2021\/11\/3f730e40-3259-44a7-95bd-578cfe09ff99-300x225.jpg 300w, https:\/\/www.radiopiu.net\/wordpress\/wp-content\/uploads\/2021\/11\/3f730e40-3259-44a7-95bd-578cfe09ff99-1024x768.jpg 1024w, https:\/\/www.radiopiu.net\/wordpress\/wp-content\/uploads\/2021\/11\/3f730e40-3259-44a7-95bd-578cfe09ff99-768x576.jpg 768w, https:\/\/www.radiopiu.net\/wordpress\/wp-content\/uploads\/2021\/11\/3f730e40-3259-44a7-95bd-578cfe09ff99-1536x1152.jpg 1536w, https:\/\/www.radiopiu.net\/wordpress\/wp-content\/uploads\/2021\/11\/3f730e40-3259-44a7-95bd-578cfe09ff99.jpg 1600w\" sizes=\"auto, (max-width: 263px) 100vw, 263px\" \/><\/a>BELLUNO<\/strong> 25 novembre 2021, la giornata contro la violenza sulla donna. Il Comando Carabinieri di Belluno si colora d&#8217;arancione, Un segno tangibile del Comando provinciale contro la violenza sulle donne. Un&#8217;importante sinergia con Soroptimist . L&#8217;intervento del Comandante Tenente Colonello Francesco Rastelli\u00a0 e della Presidente\u00a0 Soroptimist,\u00a0 Nadia Della Vecchia.<\/p>\n<p>&nbsp;<\/p>\n<p><strong>VIDEO<\/strong><\/p>\n<div style=\"width: 640px;\" class=\"wp-video\"><video class=\"wp-video-shortcode\" id=\"video-244854-1\" width=\"640\" height=\"352\" preload=\"metadata\" controls=\"controls\"><source type=\"video\/mp4\" src=\"https:\/\/www.radiopiu.net\/wordpress\/wp-content\/uploads\/2021\/11\/WhatsApp-Video-2021-11-25-at-18.25.58.mp4?_=1\" \/><a href=\"https:\/\/www.radiopiu.net\/wordpress\/wp-content\/uploads\/2021\/11\/WhatsApp-Video-2021-11-25-at-18.25.58.mp4\">https:\/\/www.radiopiu.net\/wordpress\/wp-content\/uploads\/2021\/11\/WhatsApp-Video-2021-11-25-at-18.25.58.mp4<\/a><\/video><\/div>\n<p>&nbsp;<\/p>\n<p>&nbsp;<\/p>\n<p>&nbsp;<\/p>\n<hr \/>\n<blockquote>\n<h2><\/h2>\n<h2>QUESTURA DI BELLUNO, &#8220;QUESTO NON E&#8217; AMORE&#8221;<\/h2>\n<\/blockquote>\n<p><strong>25 NOVEMBRE 2021\u00a0<\/strong><\/p>\n<blockquote><p><em><a href=\"https:\/\/www.radiopiu.net\/wordpress\/giornale-radiopiu-26-novembre-2021-direttore-mirko-mezzacasa\/1-foto-25-novembre-1\/\" rel=\"attachment wp-att-245039\"><img loading=\"lazy\" decoding=\"async\" class=\" wp-image-245039 alignleft\" src=\"https:\/\/www.radiopiu.net\/wordpress\/wp-content\/uploads\/2021\/11\/1-foto-25-novembre-1-139x300.jpg\" alt=\"\" width=\"79\" height=\"171\" srcset=\"https:\/\/www.radiopiu.net\/wordpress\/wp-content\/uploads\/2021\/11\/1-foto-25-novembre-1-139x300.jpg 139w, https:\/\/www.radiopiu.net\/wordpress\/wp-content\/uploads\/2021\/11\/1-foto-25-novembre-1-473x1024.jpg 473w, https:\/\/www.radiopiu.net\/wordpress\/wp-content\/uploads\/2021\/11\/1-foto-25-novembre-1-768x1663.jpg 768w, https:\/\/www.radiopiu.net\/wordpress\/wp-content\/uploads\/2021\/11\/1-foto-25-novembre-1-710x1536.jpg 710w, https:\/\/www.radiopiu.net\/wordpress\/wp-content\/uploads\/2021\/11\/1-foto-25-novembre-1-946x2048.jpg 946w, https:\/\/www.radiopiu.net\/wordpress\/wp-content\/uploads\/2021\/11\/1-foto-25-novembre-1-scaled.jpg 1183w\" sizes=\"auto, (max-width: 79px) 100vw, 79px\" \/><\/a>La Divisione Anticrimine della Questura di Belluno ha istruito numerosi casi che hanno portato, nell\u2019ultimo anno, all\u2019emanazione di 6 ammonimenti del Questore per violenza domestica e 18 per atti persecutori. <\/em><\/p><\/blockquote>\n<p>Prosegue la campagna d\u2019informazione e sensibilizzazione della Polizia di Stato denominata \u201cQUESTO NON E\u2019 AMORE\u201d,\u00a0 ieri\u00a0 mattina\u00a0 personale della Questura di Belluno, ha svolto un\u2019attivit\u00e0 itinerante, toccando i principali centri commerciali della Provincia. Con l\u2019ausilio del camper della Polizia di Stato, allestito come Ufficio mobile, gli operatori hanno sensibilizzato sul tema le donne ivi presenti, consegnando loro una brochure informativa, ideata dalla Direzione Centrale Anticrimine del Dipartimento della Pubblica Sicurezza. Grazie alle iniziative gi\u00e0 realizzate dalla Polizia di Stato nel campo della prevenzione, \u00e8 stato possibile registrare una leggera diminuzione dell\u2019andamento degli omicidi di donne rispetto agli omicidi in genere. Nel 72% dei casi l\u2019autore \u00e8 il marito o l\u2019ex marito, in un caso su due ha usato un\u2019arma da taglio.<\/p>\n<p>&nbsp;<\/p>\n<hr \/>\n<p>&nbsp;<\/p>\n<blockquote>\n<h3>\u00a0ADOLESCENTI E GENITORI, PROGETTUALITA&#8217; PER LE POLITICHE GIOVANILI<\/h3>\n<\/blockquote>\n<p>&nbsp;<\/p>\n<p><strong><a href=\"https:\/\/www.radiopiu.net\/wordpress\/adolescenti-e-genitori-progettualita-per-le-politiche-giovanili\/legs-407196__340\/\" rel=\"attachment wp-att-245081\"><img loading=\"lazy\" decoding=\"async\" class=\"wp-image-245081 alignleft\" src=\"https:\/\/www.radiopiu.net\/wordpress\/wp-content\/uploads\/2021\/11\/legs-407196__340-300x200.webp\" alt=\"\" width=\"144\" height=\"96\" srcset=\"https:\/\/www.radiopiu.net\/wordpress\/wp-content\/uploads\/2021\/11\/legs-407196__340-300x200.webp 300w, https:\/\/www.radiopiu.net\/wordpress\/wp-content\/uploads\/2021\/11\/legs-407196__340.webp 510w\" sizes=\"auto, (max-width: 144px) 100vw, 144px\" \/><\/a>ALPAGO<\/strong><\/p>\n<p><strong>DI DAMIANO TORMEN<\/strong><\/p>\n<audio class=\"wp-audio-shortcode\" id=\"audio-244854-3\" preload=\"none\" style=\"width: 100%;\" controls=\"controls\"><source type=\"audio\/mpeg\" src=\"https:\/\/www.radiopiu.net\/wordpress\/wp-content\/uploads\/2021\/11\/DAMIANO-3.mp3?_=3\" \/><a href=\"https:\/\/www.radiopiu.net\/wordpress\/wp-content\/uploads\/2021\/11\/DAMIANO-3.mp3\">https:\/\/www.radiopiu.net\/wordpress\/wp-content\/uploads\/2021\/11\/DAMIANO-3.mp3<\/a><\/audio>\n<p>&nbsp;<\/p>\n<hr \/>\n<blockquote>\n<h3><\/h3>\n<h3>BERTON: \u201cSALVARE IL NATALE DEVE ESSERE LA PRIORIT\u00c0 DELLA MONTAGNA&#8221;<\/h3>\n<\/blockquote>\n<p><strong><a href=\"https:\/\/www.radiopiu.net\/wordpress\/giornale-radiopiu-14-gennaio-2020-direttore-mirko-mezzacasa\/lorraine_berton-2\/\" rel=\"attachment wp-att-112912\"><img loading=\"lazy\" decoding=\"async\" class=\" wp-image-112912 alignleft\" src=\"https:\/\/www.radiopiu.net\/wordpress\/wp-content\/uploads\/2020\/01\/Lorraine_Berton-300x300.jpg\" alt=\"\" width=\"199\" height=\"199\" srcset=\"https:\/\/www.radiopiu.net\/wordpress\/wp-content\/uploads\/2020\/01\/Lorraine_Berton-300x300.jpg 300w, https:\/\/www.radiopiu.net\/wordpress\/wp-content\/uploads\/2020\/01\/Lorraine_Berton-150x150.jpg 150w, https:\/\/www.radiopiu.net\/wordpress\/wp-content\/uploads\/2020\/01\/Lorraine_Berton.jpg 767w\" sizes=\"auto, (max-width: 199px) 100vw, 199px\" \/><\/a>BELLUNO <\/strong><em>\u201cSalvare il Natale significa salvare l\u2019economia e non interrompere il percorso di risalita iniziato nella seconda parte dell\u2019anno. Per la nostra montagna, che vive della stagione invernale, l\u2019obiettivo che si \u00e8 dato il Governo ha un valore doppio: anche per questo mi auguro che \u2013 al di l\u00e0 delle singole prescrizioni \u2013 ci sia una ulteriore assunzione collettiva di responsabilit\u00e0, soprattutto nelle terre alte, dove le percentuali di immunizzazione sono pi\u00f9 basse della media<\/em>\u201d. Cos\u00ec afferma Lorraine Berton, presidente di Confindustria Belluno Dolomiti, all\u2019indomani del nuovo decreto adottato dal Governo presentato dal premier Draghi con l\u2019intenzione dichiarata di \u201cvivere un Natale normale\u201d. \u201cPer Berton, \u201c<em>deve essere posto in essere ogni sforzo per non tornare indietro, a maggior ragione, nelle zone montane dove il turismo \u00e8 voce fondamentale e dove la sicurezza dei luoghi diventa un valore aggiunto per gli stessi ospiti<\/em>\u201d.<\/p>\n<p>&nbsp;<\/p>\n<p>&nbsp;<\/p>\n<hr \/>\n<p>&nbsp;<\/p>\n<p>&nbsp;<\/p>\n<p>&nbsp;<\/p>\n<blockquote>\n<h3>INAUGURATA LA RETE LOGISTICA AL SERVIZIO DEI CITTADINI<\/h3>\n<\/blockquote>\n<p><a href=\"https:\/\/www.radiopiu.net\/wordpress\/giornale-radiopiu-26-novembre-2021-direttore-mirko-mezzacasa\/20211125_110911-1\/\" rel=\"attachment wp-att-245024\"><img loading=\"lazy\" decoding=\"async\" class=\"size-medium wp-image-245024 alignleft\" src=\"https:\/\/www.radiopiu.net\/wordpress\/wp-content\/uploads\/2021\/11\/20211125_110911-1-300x142.jpg\" alt=\"\" width=\"300\" height=\"142\" srcset=\"https:\/\/www.radiopiu.net\/wordpress\/wp-content\/uploads\/2021\/11\/20211125_110911-1-300x142.jpg 300w, https:\/\/www.radiopiu.net\/wordpress\/wp-content\/uploads\/2021\/11\/20211125_110911-1-1024x485.jpg 1024w, https:\/\/www.radiopiu.net\/wordpress\/wp-content\/uploads\/2021\/11\/20211125_110911-1-768x364.jpg 768w, https:\/\/www.radiopiu.net\/wordpress\/wp-content\/uploads\/2021\/11\/20211125_110911-1-1536x728.jpg 1536w, https:\/\/www.radiopiu.net\/wordpress\/wp-content\/uploads\/2021\/11\/20211125_110911-1-2048x970.jpg 2048w\" sizes=\"auto, (max-width: 300px) 100vw, 300px\" \/><\/a><strong>FELTRE<\/strong> Poste Italiane ha presentato\u00a0 il nuovo Centro Distribuzione di Feltre, che accorpa i vecchi centri di recapito di Feltre e Lamon: con un\u2019estensione di circa 760 metri quadri interni e 1500 esterni, rappresenta un importante snodo logistico per lo sviluppo dell\u2019e-commerce ed \u00e8 strategico per la lavorazione dei pacchi destinati al territorio di Feltre, con 27 articolazioni che recapitano in media oltre 900 pacchi quotidiani. Il Centro di distribuzione gestisce inoltre la consegna di pacchi e corrispondenza in tutti i comuni della val Cordevole, della valle del Bios e dei Comuni di Borgo Valbelluna, Cesiomaggiore, San Gregorio nelle Alpi e Sospirolo, per una popolazione complessiva di circa 85mila persone. Tutti i portalettere sono dotati di palmare per una tracciatura veloce della corrispondenza ordinaria e a firma, portando al domicilio dei cittadini diversi servizi postali e di pagamento sia per i privati sia per i professionisti.<\/p>\n<p>&nbsp;<\/p>\n<p>&nbsp;<\/p>\n<hr \/>\n<blockquote>\n<h3><\/h3>\n<h3>CARENZA DI PERSONALE ANCHE ALLE POSTE, RIVA CONFERMATO SEGRETARIO DELLA CISL SLP<\/h3>\n<\/blockquote>\n<p><strong><a href=\"https:\/\/www.radiopiu.net\/wordpress\/carenza-di-personale-anche-alle-poste-riva-confermato-segretario-della-cisl-slp\/segreteria-slp-min\/\" rel=\"attachment wp-att-244951\"><img loading=\"lazy\" decoding=\"async\" class=\"size-medium wp-image-244951 alignleft\" src=\"https:\/\/www.radiopiu.net\/wordpress\/wp-content\/uploads\/2021\/11\/Segreteria-Slp-min-300x225.jpg\" alt=\"\" width=\"300\" height=\"225\" srcset=\"https:\/\/www.radiopiu.net\/wordpress\/wp-content\/uploads\/2021\/11\/Segreteria-Slp-min-300x225.jpg 300w, https:\/\/www.radiopiu.net\/wordpress\/wp-content\/uploads\/2021\/11\/Segreteria-Slp-min-1024x768.jpg 1024w, https:\/\/www.radiopiu.net\/wordpress\/wp-content\/uploads\/2021\/11\/Segreteria-Slp-min-768x576.jpg 768w, https:\/\/www.radiopiu.net\/wordpress\/wp-content\/uploads\/2021\/11\/Segreteria-Slp-min-1536x1152.jpg 1536w, https:\/\/www.radiopiu.net\/wordpress\/wp-content\/uploads\/2021\/11\/Segreteria-Slp-min-2048x1536.jpg 2048w\" sizes=\"auto, (max-width: 300px) 100vw, 300px\" \/><\/a>BELLUNO\u00a0 <\/strong>Carenza negli organici, trasformazione digitale, effetti sul personale dello sviluppo dell\u2019e-commerce e conseguenze della pandemia. Questi alcuni dei temi al centro del terzo Congresso territoriale della Cisl Slp, il Sindacato dei lavoratori delle poste della Cisl, che d\u00e0 rappresentanza e tutela i dipendenti del Gruppo Poste Italiane e i lavoratori della comunicazione e della logistica postale, degli appalti e dei recapiti. L\u2019assise si \u00e8 svolta mercoled\u00ec 24 novembre a Volpago del Montello (Treviso).\u00a0La Federazione conta 780 iscritti nelle province di Treviso e Belluno, in rappresentanza di 1.200 lavoratori in provincia di Treviso e 350 nel Bellunese. In dettaglio, nella Marca sono 770 i lavoratori fra direttori, personale di filiale e sportellisti che operano nei 185 uffici postali presenti nel territorio. 346 i portalettere fissi, a cui si aggiungono una ventina di lavoratori di\u00a0 staff e 70 contratti a tempo determinato. In provincia di Belluno sono 225 i lavoratori in servizio nei 100 uffici postali esistenti, per la maggior parte di piccole dimensioni; 97 i portalettere a cui si aggiungono 21 postini con contratti a tempo determinato. Confermato il segretario generale in carica dall\u2019anno scorso: il feltrino Francesco Riva, 51 anni, perito industriale. Conferma anche per Marco Pertile classe 1968, di Asiago. Uscita per pensionamento invece Luisa Binotto, sostituita in segreteria dalla coneglianese Patrizia Bonaduce, 58 anni.<\/p>\n<p><strong>MARCO PERTILE, SEGRETARIO AGGIUNTO CISL SLP BELLUNO CON DELEGA A BELLUNO<\/strong><\/p>\n<div style=\"width: 1200px;\" class=\"wp-video\"><video class=\"wp-video-shortcode\" id=\"video-244854-2\" width=\"1200\" height=\"675\" preload=\"metadata\" controls=\"controls\"><source type=\"video\/mp4\" src=\"https:\/\/www.radiopiu.net\/wordpress\/wp-content\/uploads\/2021\/11\/WhatsApp-Video-2021-11-25-at-11.49.20.mp4?_=2\" \/><a href=\"https:\/\/www.radiopiu.net\/wordpress\/wp-content\/uploads\/2021\/11\/WhatsApp-Video-2021-11-25-at-11.49.20.mp4\">https:\/\/www.radiopiu.net\/wordpress\/wp-content\/uploads\/2021\/11\/WhatsApp-Video-2021-11-25-at-11.49.20.mp4<\/a><\/video><\/div>\n<p>&nbsp;<\/p>\n<hr \/>\n<p>&nbsp;<\/p>\n<blockquote>\n<h3>\u00a0ANGELO DA FRE\u2019 RICONFERMATO PRESIDENTE DELLA FABD FONDAZIONE ARCHITETTURA BELLUNO DOLOMITI<\/h3>\n<\/blockquote>\n<p><strong><a href=\"https:\/\/www.radiopiu.net\/wordpress\/giornale-radiopiu-26-novembre-2021-direttore-mirko-mezzacasa\/foto-nuovo-cda-fabd-2021-2025\/\" rel=\"attachment wp-att-244961\"><img loading=\"lazy\" decoding=\"async\" class=\"size-medium wp-image-244961 alignleft\" src=\"https:\/\/www.radiopiu.net\/wordpress\/wp-content\/uploads\/2021\/11\/foto-nuovo-CDA-FABD-2021-2025-300x225.jpg\" alt=\"\" width=\"300\" height=\"225\" srcset=\"https:\/\/www.radiopiu.net\/wordpress\/wp-content\/uploads\/2021\/11\/foto-nuovo-CDA-FABD-2021-2025-300x225.jpg 300w, https:\/\/www.radiopiu.net\/wordpress\/wp-content\/uploads\/2021\/11\/foto-nuovo-CDA-FABD-2021-2025-1024x768.jpg 1024w, https:\/\/www.radiopiu.net\/wordpress\/wp-content\/uploads\/2021\/11\/foto-nuovo-CDA-FABD-2021-2025-768x576.jpg 768w, https:\/\/www.radiopiu.net\/wordpress\/wp-content\/uploads\/2021\/11\/foto-nuovo-CDA-FABD-2021-2025-1536x1152.jpg 1536w, https:\/\/www.radiopiu.net\/wordpress\/wp-content\/uploads\/2021\/11\/foto-nuovo-CDA-FABD-2021-2025-2048x1536.jpg 2048w\" sizes=\"auto, (max-width: 300px) 100vw, 300px\" \/><\/a> <\/strong><\/p>\n<p><strong>\u00a0<\/strong><strong>\u00a0<\/strong><strong>BELLUNO<\/strong> Il Consiglio dell\u2019Ordine degli Architetti di Belluno, presieduto da Fabiola De Battista, ha recentemente nominato il nuovo CDA della FABD Fondazione Architettura Belluno Dolomiti che risulta ora compostodaAngelo Da Fr\u00e8 presidente, Sara Gnech segretario, Riccardo Bosco tesoriere, i consiglieri Pierre Baiocco, Fulvio Bona, Carlo Erranti e Paola Zannoni, revisore dei conti riconfermato il Dott. Giampiero Perisinotto.<\/p>\n<p>&nbsp;<\/p>\n<p>&nbsp;<\/p>\n<p>&nbsp;<\/p>\n<p>&nbsp;<\/p>\n<hr \/>\n<p>&nbsp;<\/p>\n<blockquote>\n<h2>INAUGURAZIONE ANNO ACCADEMICO CORSO DI LAUREA IN INFERMIERISTICA<\/h2>\n<\/blockquote>\n<blockquote>\n<h3>Nel ricordo di Elisa Girolametto<strong style=\"font-size: 14px;\">\u00a0<\/strong><\/h3>\n<\/blockquote>\n<p><strong><a href=\"https:\/\/www.radiopiu.net\/wordpress\/giornale-radiopiu-26-novembre-2021-direttore-mirko-mezzacasa\/c09aa53c-81c2-45fd-b07d-bafbfd583276\/\" rel=\"attachment wp-att-245045\"><img loading=\"lazy\" decoding=\"async\" class=\" wp-image-245045 alignleft\" src=\"https:\/\/www.radiopiu.net\/wordpress\/wp-content\/uploads\/2021\/11\/c09aa53c-81c2-45fd-b07d-bafbfd583276-300x225.jpg\" alt=\"\" width=\"216\" height=\"162\" srcset=\"https:\/\/www.radiopiu.net\/wordpress\/wp-content\/uploads\/2021\/11\/c09aa53c-81c2-45fd-b07d-bafbfd583276-300x225.jpg 300w, https:\/\/www.radiopiu.net\/wordpress\/wp-content\/uploads\/2021\/11\/c09aa53c-81c2-45fd-b07d-bafbfd583276-1024x768.jpg 1024w, https:\/\/www.radiopiu.net\/wordpress\/wp-content\/uploads\/2021\/11\/c09aa53c-81c2-45fd-b07d-bafbfd583276-768x576.jpg 768w, https:\/\/www.radiopiu.net\/wordpress\/wp-content\/uploads\/2021\/11\/c09aa53c-81c2-45fd-b07d-bafbfd583276-1536x1152.jpg 1536w, https:\/\/www.radiopiu.net\/wordpress\/wp-content\/uploads\/2021\/11\/c09aa53c-81c2-45fd-b07d-bafbfd583276.jpg 1600w\" sizes=\"auto, (max-width: 216px) 100vw, 216px\" \/><\/a>BELLUNO<\/strong><\/p>\n<p><strong>DI MORENO GIOLI\u00a0<\/strong><\/p>\n<p>&nbsp;<\/p>\n<audio class=\"wp-audio-shortcode\" id=\"audio-244854-4\" preload=\"none\" style=\"width: 100%;\" controls=\"controls\"><source type=\"audio\/mpeg\" src=\"https:\/\/www.radiopiu.net\/wordpress\/wp-content\/uploads\/2021\/11\/MPREO.mp3?_=4\" \/><a href=\"https:\/\/www.radiopiu.net\/wordpress\/wp-content\/uploads\/2021\/11\/MPREO.mp3\">https:\/\/www.radiopiu.net\/wordpress\/wp-content\/uploads\/2021\/11\/MPREO.mp3<\/a><\/audio>\n<p>&nbsp;<\/p>\n<p>&nbsp;<\/p>\n<p><strong><a href=\"https:\/\/www.radiopiu.net\/wordpress\/giornale-radiopiu-26-novembre-2021-direttore-mirko-mezzacasa\/01efad91-be8c-4c11-b229-e07510c5c621\/\" rel=\"attachment wp-att-245044\"><img loading=\"lazy\" decoding=\"async\" class=\"size-medium wp-image-245044 alignleft\" src=\"https:\/\/www.radiopiu.net\/wordpress\/wp-content\/uploads\/2021\/11\/01efad91-be8c-4c11-b229-e07510c5c621-300x225.jpg\" alt=\"\" width=\"300\" height=\"225\" srcset=\"https:\/\/www.radiopiu.net\/wordpress\/wp-content\/uploads\/2021\/11\/01efad91-be8c-4c11-b229-e07510c5c621-300x225.jpg 300w, https:\/\/www.radiopiu.net\/wordpress\/wp-content\/uploads\/2021\/11\/01efad91-be8c-4c11-b229-e07510c5c621-1024x768.jpg 1024w, https:\/\/www.radiopiu.net\/wordpress\/wp-content\/uploads\/2021\/11\/01efad91-be8c-4c11-b229-e07510c5c621-768x576.jpg 768w, https:\/\/www.radiopiu.net\/wordpress\/wp-content\/uploads\/2021\/11\/01efad91-be8c-4c11-b229-e07510c5c621-1536x1152.jpg 1536w, https:\/\/www.radiopiu.net\/wordpress\/wp-content\/uploads\/2021\/11\/01efad91-be8c-4c11-b229-e07510c5c621.jpg 1600w\" sizes=\"auto, (max-width: 300px) 100vw, 300px\" \/><\/a><\/strong><\/p>\n<p>&nbsp;<\/p>\n<p>&nbsp;<\/p>\n<p>&nbsp;<\/p>\n<p>&nbsp;<\/p>\n<p>&nbsp;<\/p>\n<p><strong>IL DIRETTORE DELLA ULSS1 MARIAGRAZIA CARRARO\u00a0<\/strong><\/p>\n<audio class=\"wp-audio-shortcode\" id=\"audio-244854-5\" preload=\"none\" style=\"width: 100%;\" controls=\"controls\"><source type=\"audio\/mpeg\" src=\"https:\/\/www.radiopiu.net\/wordpress\/wp-content\/uploads\/2021\/11\/carraro-1.mp3?_=5\" \/><a href=\"https:\/\/www.radiopiu.net\/wordpress\/wp-content\/uploads\/2021\/11\/carraro-1.mp3\">https:\/\/www.radiopiu.net\/wordpress\/wp-content\/uploads\/2021\/11\/carraro-1.mp3<\/a><\/audio>\n<p>&nbsp;<\/p>\n<p>&nbsp;<\/p>\n<hr \/>\n<blockquote>\n<h3><\/h3>\n<h3>IN ASCA CI LAVORAVANO ALMENO 40 AGORDINI, IL CAMBIAMENTO DAL 2017<\/h3>\n<\/blockquote>\n<p><span style=\"color: #ff0000;\">DILLO A RADIO PIU&#8230;<\/span><\/p>\n<blockquote><p>Ascoltando l&#8217;intervento di Gianni Santomaso sulla situazione &#8220;ASCA&#8221; (vedi articolo successivo), mi ritornano in mente quei primi giorni di lavoro da OSS nel 2010 al Polifunzionale, servizio di assistenza agli anziani, all&#8217;ora gestito con delega dei Comuni agordini dalla nostra Ulss e diretto dalla Dottoressa Chinellato. Ho iniziato a lavorare con Daniela Sorar\u00f9 (persona fantastica e preparata) e posso garantire a chiunque che la qualit\u00e0 del servizio offerto in quel periodo era di ottimo livello. Nelle strutture Polifunzionale e Anziani Inabili ci lavoravano almeno una quarantina di agordini con altrettanti bellunesi e persone da tutta Italia. Con il passare degli anni, fino ad arrivare al 2017 circa, la situazione \u00e8 mutata e il servizio per motivi legali e organizzativi \u00e8 ritornato alla gestione dei 16 comuni agordini, permettendo a tutti i dipendenti di scegliere se trasferirsi con la nuova gestione di Azienda Consortile (con l&#8217; applicazione di un contratto &#8220;enti locali&#8221; per i tempi indeterminati) oppure rimanere con l&#8217;Azienda Ulss ( con il dislocamento del personale su tutto il territorio provinciale). Molti di noi hanno scelto il cambiamento e quindi restare con l&#8217;Ulss, anche cambiando residenza e vita come nel mio caso, ma queste sono scelte personali. Un punto di riflessione per tutti senza voler creare polemica ma ricordando dei momenti di crescita e professionalit\u00e0. Non posso rimanere indifferente.<\/p><\/blockquote>\n<div dir=\"auto\"><strong>Andrea De Dea<\/strong><\/div>\n<p>&nbsp;<\/p>\n<h3><\/h3>\n<blockquote>\n<h3>IN ASCA CI SONO PROBLEMI? SANTIN, &#8220;COME TUTTI I CENTRI SERVIZI IN VENETO&#8221;<\/h3>\n<\/blockquote>\n<p><span style=\"color: #ff0000;\"><strong>IERI ALLA RADIO<\/strong><\/span><\/p>\n<h3><strong><img loading=\"lazy\" decoding=\"async\" class=\"alignleft\" src=\"https:\/\/www.radiopiu.net\/wordpress\/wp-content\/uploads\/2018\/05\/SANTIN-300x169.jpg\" width=\"202\" height=\"114\" \/>AGORDO<\/strong><\/h3>\n<p><strong>DI GIANNI SANTOMASO\u00a0<\/strong><\/p>\n<audio class=\"wp-audio-shortcode\" id=\"audio-244854-6\" preload=\"none\" style=\"width: 100%;\" controls=\"controls\"><source type=\"audio\/mpeg\" src=\"https:\/\/www.radiopiu.net\/wordpress\/wp-content\/uploads\/2021\/11\/gianni-asca.mp3?_=6\" \/><a href=\"https:\/\/www.radiopiu.net\/wordpress\/wp-content\/uploads\/2021\/11\/gianni-asca.mp3\">https:\/\/www.radiopiu.net\/wordpress\/wp-content\/uploads\/2021\/11\/gianni-asca.mp3<\/a><\/audio>\n<p>&nbsp;<\/p>\n<hr \/>\n<p>&nbsp;<\/p>\n<blockquote>\n<h3>ASCA RINNOVA LA CERTIFICAZIONE DI QUALITA&#8217; SENZA NON CONFORMITA&#8217;<\/h3>\n<p>dal corriere delle alpi GIANNI SANTOMASO<\/p>\n<audio class=\"wp-audio-shortcode\" id=\"audio-244854-7\" preload=\"none\" style=\"width: 100%;\" controls=\"controls\"><source type=\"audio\/mpeg\" src=\"https:\/\/www.radiopiu.net\/wordpress\/wp-content\/uploads\/2021\/11\/GIANI-ASCA-1.mp3?_=7\" \/><a href=\"https:\/\/www.radiopiu.net\/wordpress\/wp-content\/uploads\/2021\/11\/GIANI-ASCA-1.mp3\">https:\/\/www.radiopiu.net\/wordpress\/wp-content\/uploads\/2021\/11\/GIANI-ASCA-1.mp3<\/a><\/audio>\n<p>&nbsp;<\/p>\n<p>&nbsp;<\/p><\/blockquote>\n<p><strong><a href=\"https:\/\/www.radiopiu.net\/wordpress\/con-lasca-come-va-interrogazione-di-silvano-savio\/polifunzionale3\/\" rel=\"attachment wp-att-61887\"><img loading=\"lazy\" decoding=\"async\" class=\"size-full wp-image-61887 alignleft\" src=\"https:\/\/www.radiopiu.net\/wordpress\/wp-content\/uploads\/2018\/09\/POLIFUNZIONALE3.jpg\" alt=\"\" width=\"251\" height=\"201\" \/><\/a>AGORDO<\/strong>\u00a0 Alla conclusione di un anno molto difficile con la carenza di infermieri che ha raggiunto il picco,\u00a0 Asca\u00a0 \u00e8 stata sottoposta alla verifica del sistema qualit\u00e0 della struttura residenziale che ha approfondito ed analizzato non solo i processi di assistenza all\u2019anziano nella loro pianificazione ed esecuzione, i processi progettuali e le attivit\u00e0 riabilitative realizzate dai professionisti, ma anche quelle collaterali.\u00a0 Non sono state \u00a0evidenziate irregolarit\u00e0 (non conformit\u00e0), ma solo osservazioni, quindi indicazioni di miglioramento. Apprezzata la capacit\u00e0 di Asca di analizzare in maniera approfondita \u00a0la complessit\u00e0 legata sia al covid che ha destabilizzato sensibilmente l\u2019organizzazione generale delle strutture residenziali per anziani e il vissuto comune legato alle stesse, sia alla carenza di personale infermieristico e assistenziale, sia alle strategie gestionali finalizzate \u00a0a indirizzare i servizi al raggiungimento degli obiettivi. &#8220;Puntare su un Sistema Qualit\u00e0 certificato soprattutto in periodi complessi come questo &#8211; dice l&#8217;amministratore unico Mariachiara Santin &#8211;\u00a0 evidenzia l\u2019impegno costante di Asca\u00a0 nello sviluppo e miglioramento continuo dei servizi erogati, orientandoli alla massima soddisfazione dei propri utenti e dei loro familiari&#8221;.<\/p>\n<p>&nbsp;<\/p>\n<hr \/>\n<p>&nbsp;<\/p>\n<p>&nbsp;<\/p>\n<blockquote>\n<h3><a href=\"https:\/\/www.radiopiu.net\/wordpress\/giornale-radiopiu-26-novembre-2021-direttore-mirko-mezzacasa\/tratto-di-fognatura-in-pressione_2\/\" rel=\"attachment wp-att-245020\"><img loading=\"lazy\" decoding=\"async\" class=\"wp-image-245020 alignleft\" src=\"https:\/\/www.radiopiu.net\/wordpress\/wp-content\/uploads\/2021\/11\/tratto-di-fognatura-in-pressione_2-225x300.jpg\" alt=\"\" width=\"146\" height=\"195\" srcset=\"https:\/\/www.radiopiu.net\/wordpress\/wp-content\/uploads\/2021\/11\/tratto-di-fognatura-in-pressione_2-225x300.jpg 225w, https:\/\/www.radiopiu.net\/wordpress\/wp-content\/uploads\/2021\/11\/tratto-di-fognatura-in-pressione_2-768x1024.jpg 768w, https:\/\/www.radiopiu.net\/wordpress\/wp-content\/uploads\/2021\/11\/tratto-di-fognatura-in-pressione_2.jpg 1134w\" sizes=\"auto, (max-width: 146px) 100vw, 146px\" \/><\/a>PROSEGUONO I LAVORI I COSTRUZIONE DEL DEPURATORE DI BORCA<\/h3>\n<\/blockquote>\n<p><strong>BORCA DI CADORE\u00a0<\/strong> \u00a0Proseguono i lavori di Bim Gsp per la costruzione del nuovo depuratore che tratter\u00e0 i reflui dell\u2019intero comune. Il cantiere, avviato poco meno di un anno e sar\u00e0 anche dotato di lampade UV per la debaterizzazione dell\u2019acqua restituita in ambiente e di idonee strumentazioni per il telecontrollo a distanza della funzionalit\u00e0. 4 milioni di euro il valore complessivo dell\u2019intervento, cofinanziato dalla Regione Veneto e dal Consiglio di Bacino Dolomiti Bellunesi.<\/p>\n<p>&nbsp;<\/p>\n<p>&nbsp;<\/p>\n<p>&nbsp;<\/p>\n<p>&nbsp;<\/p>\n<hr \/>\n<p>&nbsp;<\/p>\n<blockquote>\n<h3>IRACI BORGIA A DE BERNARDIN &#8220;IL SINDACO FATICA A COMPRENDERE&#8230;E DIMENTICA&#8230;&#8221;<\/h3>\n<\/blockquote>\n<p><strong><img loading=\"lazy\" decoding=\"async\" class=\"alignleft\" src=\"https:\/\/www.radiopiu.net\/wordpress\/wp-content\/uploads\/2019\/07\/consiglio-rocca-5.jpeg\" width=\"222\" height=\"125\" \/>ROCCA PIETORE<\/strong> Un botta e risposta a distanza tra il sindaco di Rocca Pietore Andrea De Bernardin e il consigliere comunale Diana Iraci Borgia. Di seguito la risposta della Borgia all&#8217;intervento di questa mattina del sindaco. Ripubblichiamo inoltre i due interventi in audio successivi al consiglio comunale d&#8217;inizio settimana<\/p>\n<p>&nbsp;<\/p>\n<p><strong>di Diana Iraci Borgia<\/strong><\/p>\n<blockquote><p>Il mio intervento \u00e8 stato determinato esclusivamente dalla necessit\u00e0 di informare correttamente la cittadinanza sulle questioni trattate al consiglio (come specificavo nella prima parte dell&#8217;audio, non pubblicato). Evidentemente il Sindaco fatica a comprendere che un Consigliere possa essere del tutto distaccato dai partiti politici e possa agire nel solo interesse collettivo. Altrettanto evidentemente fatica ad accettare la mia scelta di uscire dal gruppo di maggioranza (piuttosto che rassegnare delle dimissioni a lui certamente pi\u00f9 comode) e la coerenza che l&#8217;ha determinata. Dimentica infatti che tale scelta \u00e8 stata dovuta all&#8217;impossibilit\u00e0 di esprimere opinioni diverse dalle sue, facolt\u00e0 per me imprescindibile che gli avevo manifestato sin dall&#8217;accettazione della sua proposta di candidatura.<\/p><\/blockquote>\n<p>&nbsp;<\/p>\n<p>&nbsp;<\/p>\n<hr \/>\n<blockquote>\n<h2><\/h2>\n<h2>DE BERNARDIN &#8220;IO SONO QUELLO CHE SONO SEMPRE STATO, IL SINDACO DEL FARE&#8221;<\/h2>\n<\/blockquote>\n<p><strong>di Andrea De Bernardin<\/strong><\/p>\n<p>I quotidiani, i media in generale ma soprattutto un veicolo veloce e immediato qual&#8217;\u00e8 la Radio, aiutano molto le persone che preferiscono parlarsi da lontano, a farlo. \u00c8 quindi con estremo piacere che uso questi mezzi di diffusione per rispondere a debita distanza al consigliere Iraci. Al di l\u00e0 delle rispettive visioni del mondo, delle diverse dinamiche nell&#8217;affrontare i problemi e nel tentare di dare le risposte per risolverli, al di l\u00e0 anche di considerazioni attualmente inutili, ma che forse vale la pena di ricordare, come quella ad esempio che siamo notoriamente il Paese dove i politici, soprattutto i piccoli politici, cambiano velocemente di casacca dopo essere stati eletti in questo o quel partito.<br \/>\nA tal riguardo, ricordo dunque che l&#8217;attuale consigliera comunale di Rocca Pietore Iraci, \u00e8 stata eletta nella lista Progetto Rocca, che vedeva il sottoscritto quale capolista. Conosceva bene la mia estrazione politica che non ho mai nascosto sebbene nelle quattro elezioni alle quali ho partecipato, una come candidato consigliere e tre come candidato sindaco, lo abbia fatto sempre in Liste Civiche. Non ho peraltro nemmeno mai nascosto il mio carattere piuttosto vivace e a volte anche magari ruvido. Non ho per\u00f2 mai nemmeno tradito per un solo attimo la mia profonda fede per il territorio del Comune di Rocca Pietore, che sento forte da nord a sud, da est a ovest dei suoi confini. Nel momento in cui ho chiesto alla signora Iraci, per motivi che ritenevo validi, di far parte della mia squadra, lei sapeva gi\u00e0 pi\u00f9 o meno con chi avrebbe avuto a che fare. Bastava andare un p\u00f2 su internet e fare una veloce rassegna stampa e si sarebbe capito bene chi ero e cosa pensavo.<br \/>\nLa signora ha accettato ed \u00e8 stata eletta da quei cittadini che volevano me alla direzione del Comune, per la terza volta consecutiva. Chi non voleva me ha potuto votare la lista concorrente di Maurizio De Cassan, il quale a onor del vero fa la minoranza sempre con grande coerenza. Coerenza che \u00e8 mancata alla signora Iraci, divenuta nel frattempo, grazie a me, consigliera comunale. Coerenza sarebbe stata consegnare le proprie dimissioni per evidenziare insuperabili differenze di vedute con il sottoscritto e il suo gruppo. Ma, si sa, il cambio di casacca \u00e8 troppo allettante e credo in questo caso, persino premeditato e preventivamente calcolato. Ma ormai questa \u00e8 storia. Venendo al giorno d&#8217;oggi, vorrei porre una semplice domanda al consigliere Iraci e la domanda \u00e8 la seguente.<br \/>\n\u00c8 mai possibile che in tutta l&#8217;enorme attivit\u00e0 dell&#8217;amministrazione comunale che vede parte politica e apparato comunale con funzionari, dipendenti e operai, remare faticosamente nel marasma dei noti problemi burocratici e non, nel tentativo di portare miglioramento e risoluzione a problemi sicuramente pi\u00f9 grandi di noi, non ci sia nulla che al consigliere Iraci piaccia? Siccome credo sia inconfutabile che qualcosa di buono sia stato fatto, vista la mia terza riconferma, mi viene spontaneo pensare che oltre all&#8217;incoerenza la consigliera Iraci pecchi di ostinata prevenzione. Io resto quello che sono sempre stato e cio\u00e8 il Sindaco del fare.<\/p>\n<p>&nbsp;<\/p>\n<hr \/>\n<blockquote>\n<h3><\/h3>\n<h3>APERTO UN BANDO PUBBLICO PER 16 ATLETI DA INSERIRE NELLA POLIZIA DI STATO<\/h3>\n<\/blockquote>\n<p><strong>BELLUNO<\/strong> Nella Gazzetta Ufficiale del 19 novembre \u00e8 stato pubblicato un bando di concorso per l&#8217;assunzione di 16 atleti da assegnare ai gruppi sportivi della Polizia Di Stato Fiamme Oro che saranno inquadrati nel ruolo di agenti ed assistenti della Polizia di Stato. La domando di partecipazione deve essere compilata e trasmessa entro 30 giorni dalla data della pubblicazione in Gazzetta Ufficiale utilizzando la procedura informatica presente sul sito della polizia di stato <a href=\"https:\/\/concorsionline.poliziadistato.it\">https:\/\/concorsionline.poliziadistato.it<\/a><\/p>\n<p>&nbsp;<\/p>\n<hr \/>\n<p>&nbsp;<\/p>\n<p>&nbsp;<\/p>\n<blockquote>\n<h3>ARTISTI\u00a0 CERCASI, PER UN POSTO IN VETRINA<\/h3>\n<p>dal corriere delle alpi GIANNI SANTOMASO<\/p><\/blockquote>\n<audio class=\"wp-audio-shortcode\" id=\"audio-244854-8\" preload=\"none\" style=\"width: 100%;\" controls=\"controls\"><source type=\"audio\/mpeg\" src=\"https:\/\/www.radiopiu.net\/wordpress\/wp-content\/uploads\/2021\/11\/GIANNI-VETRINA.mp3?_=8\" \/><a href=\"https:\/\/www.radiopiu.net\/wordpress\/wp-content\/uploads\/2021\/11\/GIANNI-VETRINA.mp3\">https:\/\/www.radiopiu.net\/wordpress\/wp-content\/uploads\/2021\/11\/GIANNI-VETRINA.mp3<\/a><\/audio>\n<p>&nbsp;<\/p>\n<p>&nbsp;<\/p>\n<p class=\"Default\" style=\"text-align: justify;\"><span lang=\"IT\"><a href=\"https:\/\/www.radiopiu.net\/wordpress\/giornale-radiopiu-26-novembre-2021-direttore-mirko-mezzacasa\/volantino-vetrine-estate-2021\/\" rel=\"attachment wp-att-244999\"><img loading=\"lazy\" decoding=\"async\" class=\" wp-image-244999 alignleft\" src=\"https:\/\/www.radiopiu.net\/wordpress\/wp-content\/uploads\/2021\/11\/Volantino-vetrine-estate-2021-300x169.png\" alt=\"\" width=\"250\" height=\"141\" srcset=\"https:\/\/www.radiopiu.net\/wordpress\/wp-content\/uploads\/2021\/11\/Volantino-vetrine-estate-2021-300x169.png 300w, https:\/\/www.radiopiu.net\/wordpress\/wp-content\/uploads\/2021\/11\/Volantino-vetrine-estate-2021-1024x576.png 1024w, https:\/\/www.radiopiu.net\/wordpress\/wp-content\/uploads\/2021\/11\/Volantino-vetrine-estate-2021-768x432.png 768w, https:\/\/www.radiopiu.net\/wordpress\/wp-content\/uploads\/2021\/11\/Volantino-vetrine-estate-2021-1536x864.png 1536w, https:\/\/www.radiopiu.net\/wordpress\/wp-content\/uploads\/2021\/11\/Volantino-vetrine-estate-2021.png 1920w\" sizes=\"auto, (max-width: 250px) 100vw, 250px\" \/><\/a><strong>AGORDO<\/strong> Dopo il successo estivo della mostra di Ottavio Rossi e Thomas Ganz nelle vetrine dei negozi sfitti del centro storico, il Comune di Agordo propone di dare nuovamente vita alle vie Garibaldi &#8220;Contrada dei Signori&#8221;, Rova, Carrera e piazzetta Vecchia, trasformandole un\u2019altra volta in una galleria d&#8217;arte visitabile da tutti, in ogni momento della giornata. <\/span>Questa volta per\u00f2 non sar\u00e0 una scelta prestabilita, ma saranno gli artisti agordini che si potranno proporre mettendo a disposizione le proprie opere. La sola richiesta \u00e8 che i lavori trattino il tema dell\u2019inverno. <span lang=\"IT\">Le opere selezionate in base alla loro grandezza saranno esposte indicativamente tra dicembre 2021 e aprile 2022 e saranno corredate da una didascalia recante nome, cognome, titolo dell&#8217;opera, anno e tecnica.\u00a0<\/span><span lang=\"IT\">Per presentare la propria candidatura \u00e8 possibile contattare il 3402505900 o scrivere a <a href=\"mailto:c.fontanive@comune.agordo.bl.it\">c.fontanive@comune.agordo.bl.it<\/a>. Le opere scelte potranno essere portate presso l\u2019Ufficio Turistico di Agordo negli orari di apertura. <\/span><\/p>\n<p class=\"Default\" style=\"text-align: justify;\"><span lang=\"IT\">\u00a0<\/span><\/p>\n<p>&nbsp;<\/p>\n<p>&nbsp;<\/p>\n<hr \/>\n<p>&nbsp;<\/p>\n<blockquote>\n<h3>OGGI IL CONSIGLIO COMUNALE DI GOSALDO<\/h3>\n<\/blockquote>\n<p><strong>GOSALDO<\/strong> Il sindaco di Gosaldo Stefano Da Zanche ha convocato, in videoconferenza, il consiglio comunale per oggi alle 19. Tra i cinque punti all&#8217;ordine del giorno si discuter\u00e0 di una variazione al bilancio, la nomina del revisore dei conti, regolamento edilizio comunale e l&#8217;approvazione del bilancio di esercizio 2020 di ASCA. Consiglio che sar\u00e0 possibile seguire in diretta sui canali social di Radio Pi\u00f9<\/p>\n<p>&nbsp;<\/p>\n<p>&nbsp;<\/p>\n<hr \/>\n<p>&nbsp;<\/p>\n<blockquote>\n<h3>IL COMUNE ACQUISISCE A PATRIMONIO L&#8217;EDIFICIO CASA PIAZZA<\/h3>\n<\/blockquote>\n<p><strong>COLLE SANTA LUCIA<\/strong> Il sindaco Paolo Frena ha convocato il consiglio comunale per domani mattina alle 8. All&#8217;ordine del giorno la variazione al bilancio, l&#8217;acquisto di una porzione dell&#8217;edificio &#8220;Casa Piazza&#8221;, progetto per il collegamento Istituto Culturale Ladino Cesa De Jan, comunicazioni del sindaco.<\/p>\n<p>&nbsp;<\/p>\n<hr \/>\n<p>&nbsp;<\/p>\n<blockquote>\n<h3>VARIAZIONI AL BILANCIO E INTERROGAZIONI<\/h3>\n<\/blockquote>\n<p><strong>SELVA DI CADORE<\/strong> Nel consiglio comunale di martedi 30 novembre alle 18 i consiglieri discuteranno la variazione al bilancio e designeranno i rappresentanti del Comune presso enti ed istituzioni. Il consigliere Peretti ha invece inviato tre interrogazioni: societ\u00e0 Val Fiorentina, documento unico di programmazione e linee guida per l&#8217;utilizzo della pagina facebook. All&#8217;ordine del giorno anche l&#8217;approvazione dell&#8217;accordo di collaborazione tra il Comune e l&#8217;Istituto Ladin Cesa de Jan per l&#8217;attuazione del progetto I Ladini: la minoranza linguistica storica delle Dolomiti.<\/p>\n<p>&nbsp;<\/p>\n<p>&nbsp;<\/p>\n<hr \/>\n<p>&nbsp;<\/p>\n<blockquote>\n<h3>A VOLTAGO IL CONSIGLIO COMUNALE LUNEDI&#8217; SERA<\/h3>\n<\/blockquote>\n<p><strong>VOLTAGO<\/strong> Il sindaco di Voltago Giuseppe Schena ha convocato i consiglieri comunali per lunedi alle 19 per trattare 6 punti all&#8217;ordine del giorno tra cui un&#8217;interrogazione del consigliere di minoranza Francesca Della Lucia in merito alle attivit\u00e0 svolte durante il commissariamento, una variazione al bilancio e l&#8217;approvazione della mozione in merito al conferimento della cittadinanza onoraria al Milite Ignoto.<\/p>\n<p>&nbsp;<\/p>\n<hr \/>\n<p>&nbsp;<\/p>\n<blockquote>\n<h3>UNIONE MONTANA, MARTEDI CONSIGLIO IN PRESENZA<\/h3>\n<\/blockquote>\n<p><strong>AGORDO\u00a0<\/strong> Martedi alle 20.30 consiglio dell&#8217;Unione Montana con l&#8217;ingresso dei nuovi rappresentanti dei Comuni di Selva di Cadore e Voltago; convenzione per la gestione dei server; variazione al bilancio e approvazione elenco strada di tipo silvo-pastorale.<\/p>\n<p>&nbsp;<\/p>\n<p>&nbsp;<\/p>\n<hr \/>\n<p>&nbsp;<\/p>\n<p>&nbsp;<\/p>\n<div data-pagelet=\"GroupFeed\">\n<div role=\"feed\">\n<div class=\"du4w35lb k4urcfbm l9j0dhe7 sjgh65i0\">\n<div class=\"du4w35lb l9j0dhe7\">\n<div class=\"\">\n<div class=\"\">\n<div class=\"lzcic4wl\" role=\"article\" aria-posinset=\"1\" aria-describedby=\"jsc_c_98 jsc_c_99 jsc_c_9a jsc_c_9c jsc_c_9b\" aria-labelledby=\"jsc_c_97\">\n<div class=\"j83agx80 cbu4d94t\">\n<div class=\"rq0escxv l9j0dhe7 du4w35lb\">\n<div class=\"j83agx80 l9j0dhe7 k4urcfbm\">\n<div class=\"rq0escxv l9j0dhe7 du4w35lb hybvsw6c io0zqebd m5lcvass fbipl8qg nwvqtn77 k4urcfbm ni8dbmo4 stjgntxs sbcfpzgs\">\n<div>\n<div>\n<div class=\"pybr56ya dati1w0a hv4rvrfc n851cfcs btwxx1t3 j83agx80 ll8tlv6m\">\n<div class=\"oi9244e8 do00u71z j83agx80\">\n<div class=\"q676j6op qypqp5cg\">\n<div data-pagelet=\"GroupFeed\">\n<div><\/div>\n<div role=\"feed\">\n<div class=\"dati1w0a f10w8fjw ocgrx2df tmqn73lw\">\n<div class=\"j83agx80\">\n<div class=\"\">\n<div class=\"rq0escxv l9j0dhe7 du4w35lb j83agx80 cbu4d94t pfnyh3mw d2edcug0 e5nlhep0 aodizinl\">\n<div class=\"rq0escxv l9j0dhe7 du4w35lb j83agx80 cbu4d94t buofh1pr tgvbjcpo\">\n<div class=\"rq0escxv l9j0dhe7 du4w35lb j83agx80 cbu4d94t pfnyh3mw d2edcug0 hv4rvrfc dati1w0a\">\n<div class=\"oajrlxb2 gs1a9yip g5ia77u1 mtkw9kbi tlpljxtp qensuy8j ppp5ayq2 goun2846 ccm00jje s44p3ltw mk2mc5f4 rt8b4zig n8ej3o3l agehan2d sk4xxmp2 rq0escxv nhd2j8a9 pq6dq46d mg4g778l btwxx1t3 pfnyh3mw p7hjln8o kvgmc6g5 cxmmr5t8 oygrvhab hcukyx3x tgvbjcpo hpfvmrgz jb3vyjys rz4wbd8a qt6c0cv9 a8nywdso l9j0dhe7 i1ao9s8h esuyzwwr f1sip0of du4w35lb lzcic4wl n00je7tq arfg74bv qs9ysxi8 k77z8yql abiwlrkh p8dawk7l\" tabindex=\"0\" role=\"button\">\n<div class=\"j83agx80 cbu4d94t ew0dbk1b irj2b8pg\">\n<div class=\"qzhwtbm6 knvmm38d\">\n<div class=\"rq0escxv l9j0dhe7 du4w35lb j83agx80 pfnyh3mw i1fnvgqd bp9cbjyn owycx6da btwxx1t3 jeutjz8y\">\n<div class=\"rq0escxv l9j0dhe7 du4w35lb j83agx80 cbu4d94t g5gj957u d2edcug0 hpfvmrgz rj1gh0hx buofh1pr\">\n<h2 class=\"gmql0nx0 l94mrbxd p1ri9a11 lzcic4wl d2edcug0 hpfvmrgz\"><span class=\"d2edcug0 hpfvmrgz qv66sw1b c1et5uql lr9zc1uh jq4qci2q a3bd9o3v lrazzd5p m9osqain\"><span class=\"a8c37x1j ni8dbmo4 stjgntxs l9j0dhe7\"><a href=\"https:\/\/www.radiopiu.net\/wordpress\/giornale-radiopiu-24-novembre-2021-direttore-mirko-mezzacasa\/260605185_6665007970206687_5925426271455630559_n\/\" rel=\"attachment wp-att-244574\"><img loading=\"lazy\" decoding=\"async\" class=\" wp-image-244574 alignleft\" src=\"https:\/\/www.radiopiu.net\/wordpress\/wp-content\/uploads\/2021\/11\/260605185_6665007970206687_5925426271455630559_n-212x300.jpg\" alt=\"\" width=\"159\" height=\"225\" srcset=\"https:\/\/www.radiopiu.net\/wordpress\/wp-content\/uploads\/2021\/11\/260605185_6665007970206687_5925426271455630559_n-212x300.jpg 212w, https:\/\/www.radiopiu.net\/wordpress\/wp-content\/uploads\/2021\/11\/260605185_6665007970206687_5925426271455630559_n.jpg 509w\" sizes=\"auto, (max-width: 159px) 100vw, 159px\" \/><\/a>Nuove attivit\u00e0 Promo Falcade<\/span><\/span><\/h2>\n<\/div>\n<div class=\"rq0escxv l9j0dhe7 du4w35lb j83agx80 cbu4d94t pfnyh3mw d2edcug0 hpfvmrgz nqmvxvec taijpn5t h676nmdw\">\n<div class=\"rq0escxv l9j0dhe7 du4w35lb j83agx80 pfnyh3mw i1fnvgqd bp9cbjyn owycx6da btwxx1t3\">\n<div class=\"rq0escxv l9j0dhe7 du4w35lb j83agx80 cbu4d94t pfnyh3mw d2edcug0 hpfvmrgz kr9hpln1 ttbfdpzt\"><\/div>\n<div class=\"rq0escxv l9j0dhe7 du4w35lb j83agx80 cbu4d94t pfnyh3mw d2edcug0 hpfvmrgz\">\n<div class=\"rq0escxv l9j0dhe7 du4w35lb j83agx80 pfnyh3mw i1fnvgqd gs1a9yip owycx6da btwxx1t3\"><\/div>\n<\/div>\n<\/div>\n<\/div>\n<\/div>\n<\/div>\n<\/div>\n<\/div>\n<\/div>\n<\/div>\n<\/div>\n<\/div>\n<\/div>\n<\/div>\n<div class=\"du4w35lb k4urcfbm l9j0dhe7 sjgh65i0\">\n<div class=\"du4w35lb l9j0dhe7\">\n<div class=\"\">\n<div class=\"\">\n<div class=\"lzcic4wl\" role=\"article\" aria-posinset=\"1\" aria-describedby=\"jsc_c_98 jsc_c_99 jsc_c_9a jsc_c_9c jsc_c_9b\" aria-labelledby=\"jsc_c_97\">\n<div class=\"j83agx80 cbu4d94t\">\n<div class=\"rq0escxv l9j0dhe7 du4w35lb\">\n<div class=\"j83agx80 l9j0dhe7 k4urcfbm\">\n<div class=\"rq0escxv l9j0dhe7 du4w35lb hybvsw6c io0zqebd m5lcvass fbipl8qg nwvqtn77 k4urcfbm ni8dbmo4 stjgntxs sbcfpzgs\">\n<div class=\"pybr56ya dati1w0a hv4rvrfc n851cfcs btwxx1t3 j83agx80 ll8tlv6m\">\n<div class=\"oi9244e8 do00u71z j83agx80\">\n<div class=\"q676j6op qypqp5cg\">\n<div class=\"kvgmc6g5 cxmmr5t8 oygrvhab hcukyx3x c1et5uql ii04i59q\">\n<div dir=\"auto\"><strong>FALCADE<\/strong> PromoFalcade Dolomiti organizza per\u00a0 luned\u00ec 29 novembre alle\u00a0 20 presso la Casa della Giovent\u00f9 di Caviola, un incontro pubblico per gli operatori turistici e commerciali, professionisti e per tutti coloro che si sentono interessati alla promozione della valle.<\/div>\n<\/div>\n<div class=\"o9v6fnle cxmmr5t8 oygrvhab hcukyx3x c1et5uql ii04i59q\">\n<div dir=\"auto\">Verranno presentate tutte le attivit\u00e0 svolte finora e quelle in programma per il futuro. Accesso alla sala esclusivamente con green pass.<\/div>\n<\/div>\n<\/div>\n<\/div>\n<\/div>\n<\/div>\n<\/div>\n<\/div>\n<\/div>\n<\/div>\n<\/div>\n<\/div>\n<\/div>\n<\/div>\n<\/div>\n<\/div>\n<\/div>\n<\/div>\n<\/div>\n<\/div>\n<\/div>\n<\/div>\n<\/div>\n<\/div>\n<\/div>\n<\/div>\n<\/div>\n<\/div>\n<\/div>\n<\/div>\n<\/div>\n<\/div>\n<p>&nbsp;<\/p>\n<p>&nbsp;<\/p>\n<p>&nbsp;<\/p>\n<p>&nbsp;<\/p>\n<hr \/>\n<p>&nbsp;<\/p>\n<blockquote>\n<h3>BELLUNO: CANCELLI DEL DOPOGUERRA IMITANDO I TIPI ED I TEMI DEL PASSATO<\/h3>\n<\/blockquote>\n<p><strong>di RENATO BONA<\/strong><\/p>\n<p>Con la validissima collaborazione di Roberto Reolon per la descrizione tecnica e di Augusto Burlon per la presentazione araldica, il ricercatore bellunese Vincenzo Caputo ha dato alle stampe con l\u2019Istituto bellunese di ricerche sociali e culturali guidato dal prof. don Sergio Sacco (stampa tipografia Piave) il libro del quale abbiamo riferito in un recente servizio: \u201cCancelli in ferro a Belluno\u201d con copertina che illustra il cancello della Villa Miari Fuilcis a Modolo nel Castionese. Torniamo sulla lodevole iniziativa di Caputo e Ibrsc soffermandoci sul capitolo: \u201cTipi di cancelli del dopoguerra imitando tipi e temi del passato\u201d, che si apre con l\u2019immagine del cancello di Porta Dojona, collocato nell\u2019anno 1949 all\u2019interno tra la Porta ed il Teatro comunale (secolo XIII-XIX), di cui si spiega che: \u201cAll\u2019interno della Porta Dojona sulle due uscite di emergenza del Comunale, sono stati installati due cancelli anti intrusione, aperti soltanto in occasione di manifestazioni o spettacoli. I cancelli riproducono con barre quadre una maglia quadrata sulle due ante mentre la rosta a tutto sesto, seguendo le linee verticali si sviluppa a raggera. Lo stile tipico medievale delle inferriate, con le barre verticali infilate negli occhielli punzonati a caldo di quelle orizzontali, denota la tipica barriera di chiusura di protezione di sapore veneziano, adornata dall\u2019unico fregio in sommit\u00e0 del battente di chiusura. La recente fattura \u00e8 ben visibile nei profili delle ante e nelle giunzioni con le griglie. Bench\u00e9 i cancelli siano di recente manifattura e in posizione protetta dalle intemperie il degrado della ruggine \u00e8 ben evidente e meriterebbe un adeguato restauro\u201d. Pochi passi pi\u00f9 in la ed eccoci a Piazza Mazzini 19 dove \u00e8 visibile il cancello di accesso (anni Sessanta) al Torrione (XV secolo) di cui si legge: \u201cFelice accostamento dei tre cancelli due pedonali ai lati e quello carraio al centro; essi sono montati su massicci pilastri bugnati in pietra di Castellavazzo, sormontati da due caratteristici mascheroni baffuti. I cancelli, di recente fattura, sono ispirati alla tipica corrente della \u2018art noveau\u2019 letta specialmente in cimasa con i decori floreali su traverso a volute. La composizione diradante verso l\u2019alto formata dal piccolo zoccolo cieco, dalla fitta maglia fino alla cintura e dalle rade aste piombate terminanti a punta di freccia, \u00e8 ben proporzionata, simmetrica e trasparente. La fattura con giunzioni a chiodi prestampati e ribattuti, con anelli in piombo fuso in opera a decoro delle aste verticali e i cardini fissati ai pilastri, tentano di invecchiare il manufatto oltre l\u2019epoca dello stile imitato, conferendo per\u00f2 al luogo una atmosfera di sobrio ingresso ad un\u2019area storica della citt\u00e0\u201d. Tocca alla via Feltre, civici 130-136 con il cancello di accesso (anni \u201950) ad alcune abitazioni. Ecco il commento dall\u2019esperto: \u201cCancello di accesso montato su due pilastri in pietra di Cugnan, squadrata e lavorata bugnata con martellina tanto in voga negli anni \u201950, segno del moderno e de nuovo nel dopoguerra. Il cancello, certamente eseguito da una bottega con lunga esperienza, \u00e8 stato eseguito su disegno tradizionale degli anni \u201930 tipico dei villini di periferia. La composizione risente lo stile liberty con zoccolatura cieca ed alta, con specchiatura disegnata con l\u2019applicazione di un quadrello saldato alla lamiera, la griglia superiore verticale \u00e8 ben alternata da larghi decori di volute e cirri e barre lisce a formare il pannello di chiusura adeguatamente sormontati da una cimasa a larghe volute terminanti con piccoli decori forgiati di foglie e fiori. Le saldature sono chiodate agli incastri ribattuti. La ferramenta di chiusura \u00e8 risolta da una serratura di serie con chiave tradizionale e maniglia prestampata a foglia\u201d. E siamo nella via Fiammoi per il cancello di accesso (anni \u201990) alla Villa Persicini (secolo XVII) per il quale il giudizio \u00e8 decisamente critico: \u201cRistrutturazioni da non imitare, sia nel portale che nel cancello. Di originale sono rimasti i due stipiti in grosse pietre di Castellavazzo squadrate e lavorate a bugna media; l\u2019arco a tutto sesto \u00e8 stato ricostruito cin conci in malta, il cornicione rifatto in calcestruzzo gettato in opera su sagoma in legno. Il cancello, avulso da qualsiasi accostamento con il portale, \u00e8 formato da una povera griglia verticale battente sulla corda fissa decorata. La ciliegina, di tutt\u2019altro stile, messa in opera in questo antico portale consiste in quell\u2019arzigogolato ricamo appeso alla volta, quasi ad indicare una estraneit\u00e0 sia al cancello che al portale. Il passante distratto nota un solido cancello, l\u2019osservatore anche non esperto, una accozzaglia di maldestri interventi\u201d. Sialo arrivati nella via Safforze per il cancello (anni \u201960) a protezione dell\u2019entrata alla Villa Fulcis-Montalban (prima met\u00e0 secolo XVII). Di nuovo l\u2019esperto: \u201cCancello montato sul portale principale della villa nel porticato, disegnato e realizzato senza pretesa di imitazione di epoca, ma con materiali e tecnologie moderne, con ricamo fitto e trasparente che si accosta allo stile dell\u2019architettura seicentesca della villa. La composizione a griglia quadrata fino alla rosta, \u00e8 slanciata e snellita dalla particolare composizione dei due decori a riccio legati alla freccia che riescono cos\u00ec a simulare la verticalit\u00e0 della griglia, ben risolta poi, nella rosta a raggiera. Questo cancello, degno del portale a cui sottende, dimostra che \u00e8 possibile intervenire su edifici storici con opere innovative, anche senza ostentare il coevo o dare un\u2019immediata lettura dell\u2019opera aggiunta\u201d. L\u2019analisi si conclude con via Salce, civico 155, con il cancello di acceso (anni\u201960) alla villa Giamosa (secolo XVII) di cui si pu\u00f2 leggere: \u201cQuesto cancello non certamente coevo della villa e nemmeno dei pilastri che lo sorreggono \u00e8 di recente manifattura (anni \u201970, dalle informazioni in loco), composto da due ante a griglia verticale con telaio in doppio piatto chiodato alle barre quadre. Semplice, elegante ma non degno dei massicci pilastri e della villa di sfondo. Pur nelle sue semplicit\u00e0, non manca una aristocratica eleganza data dai semplici decori, dalle fascette bombate, dalle punte che montano verso il semplice pastorale dell\u2019anta destra. La disinvolta applicazione di queste antiche lavorazioni con l\u2019uso delle saldature ad arco, sminuisce il valore della sobria composizione\u201d. Di questi manufatti \u2013 conclude &#8211; nel sono prolificati in quantit\u00e0. Specialmente nella seconda met\u00e0 del \u2018900, in cui i vari elementi in ferro prestampato vengono assemblati da fabbri con tecniche moderne solo per contenere i costi, senza riguardo per l\u2019opera d\u2019arte\u201d. Ed ora, a volo d\u2019uccello, le prime immagini (di Luca Zanfron o dello stesso Vincenzo Caputo) sul centinaio proposte nel libro (quasi sempre due per ogni realt\u00e0): cancello, in buono stato, all\u2019entrata delle ex scuderie Pagani poi Frigimelica nella piazza dei Martiri, civico 26, dove esisteva una delle torri d\u2019angolo del castello; cancello della via Sottocastello, civico 22, del 1924, in discreto stato, per entrare in una piccola corte, contemporaneo all\u2019abitazione che risale al primo periodo degli anni \u201920; cancello di Piazza Duomo, civico 38, secolo XIX, in buono stato, per l\u2019entrata nel Palazzo dei Rettori (1491-1549) ora Prefettura (la rosta ha la scritta: \u201cPalazzo del Governo\u201d e sembrerebbe pi\u00f9 antica del cancello poich\u00e9 il ferro utilizzato \u00e8 laminato e non forgiato come sostenuto da Corriani-Lentini); sempre in Piazza Duomo per il cancello, secolo XVIII, in discreto stato, che d\u00e0 accesso alla corte del Palazzo ex Vescovile ora Auditorium (secolo XII, rimaneggiato secolo XVII-XVIII). Nella vicina via Catullo, civico 37, ecco il cancello, secolo XVII, in discreto stato, per l\u2019accesso alla corte del Palazzo Miari (secolo XVII) ora sede di vari uffici tra cui l\u2019Ordine degli architetti e ingegneri della provincia di Belluno); si notano gli stemmi del Casato in ambo i pilastri; infine: via Duomo, civici 19-25, secolo XIX, in discreto stato, per il cancello d\u2019accesso ad una piccola corte in un suggestivo angolo del centro storico tra i palazzi Piloni e Marozza (secolo XV): anche se non particolarmente significativo dal punto di vista della qualit\u00e0 artistica, il cancello \u00e8 stato incluso per rappresentarne la tipologia.<\/p>\n\n\t\t\t<style type='text\/css'>\n\t\t\t\t#gallery-2 {\n\t\t\t\t\tmargin: auto;\n\t\t\t\t}\n\t\t\t\t#gallery-2 .gallery-item {\n\t\t\t\t\tfloat: left;\n\t\t\t\t\tmargin-top: 10px;\n\t\t\t\t\ttext-align: center;\n\t\t\t\t\twidth: 25%;\n\t\t\t\t}\n\t\t\t\t#gallery-2 img {\n\t\t\t\t\tborder: 2px solid #cfcfcf;\n\t\t\t\t}\n\t\t\t\t#gallery-2 .gallery-caption {\n\t\t\t\t\tmargin-left: 0;\n\t\t\t\t}\n\t\t\t\t\/* see gallery_shortcode() in wp-includes\/media.php *\/\n\t\t\t<\/style>\n\t\t<div id='gallery-2' class='dt-gallery-container gallery galleryid-244854 gallery-columns-4 gallery-size-thumbnail'><dl class='gallery-item'>\n\t\t\t\t<dt class='gallery-icon portrait'>\n\t\t\t\t\t<a class=\"rollover rollover-zoom dt-pswp-item\" title=\"261463754_2766337196998078_6762289342993843229_n\" data-dt-img-description=\"\" data-large_image_width=\"153\" data-large_image_height=\"247\"href='https:\/\/www.radiopiu.net\/wordpress\/wp-content\/uploads\/2021\/11\/261463754_2766337196998078_6762289342993843229_n.jpg'><img loading=\"lazy\" decoding=\"async\" width=\"150\" height=\"150\" src=\"https:\/\/www.radiopiu.net\/wordpress\/wp-content\/uploads\/2021\/11\/261463754_2766337196998078_6762289342993843229_n-150x150.jpg\" class=\"attachment-thumbnail size-thumbnail\" alt=\"\" \/><\/a>\n\t\t\t\t<\/dt><\/dl><dl class='gallery-item'>\n\t\t\t\t<dt class='gallery-icon portrait'>\n\t\t\t\t\t<a class=\"rollover rollover-zoom dt-pswp-item\" title=\"260241850_4562356600544981_8080801730650339698_n\" data-dt-img-description=\"\" data-large_image_width=\"155\" data-large_image_height=\"225\"href='https:\/\/www.radiopiu.net\/wordpress\/wp-content\/uploads\/2021\/11\/260241850_4562356600544981_8080801730650339698_n.jpg'><img loading=\"lazy\" decoding=\"async\" width=\"150\" height=\"150\" src=\"https:\/\/www.radiopiu.net\/wordpress\/wp-content\/uploads\/2021\/11\/260241850_4562356600544981_8080801730650339698_n-150x150.jpg\" class=\"attachment-thumbnail size-thumbnail\" alt=\"\" \/><\/a>\n\t\t\t\t<\/dt><\/dl><dl class='gallery-item'>\n\t\t\t\t<dt class='gallery-icon portrait'>\n\t\t\t\t\t<a class=\"rollover rollover-zoom dt-pswp-item\" title=\"261313473_1857993207717196_7670678219518034956_n\" data-dt-img-description=\"\" data-large_image_width=\"158\" data-large_image_height=\"240\"href='https:\/\/www.radiopiu.net\/wordpress\/wp-content\/uploads\/2021\/11\/261313473_1857993207717196_7670678219518034956_n.jpg'><img loading=\"lazy\" decoding=\"async\" width=\"150\" height=\"150\" src=\"https:\/\/www.radiopiu.net\/wordpress\/wp-content\/uploads\/2021\/11\/261313473_1857993207717196_7670678219518034956_n-150x150.jpg\" class=\"attachment-thumbnail size-thumbnail\" alt=\"\" \/><\/a>\n\t\t\t\t<\/dt><\/dl><dl class='gallery-item'>\n\t\t\t\t<dt class='gallery-icon portrait'>\n\t\t\t\t\t<a class=\"rollover rollover-zoom dt-pswp-item\" title=\"260515310_1060371838092825_1587346326294821530_n\" data-dt-img-description=\"\" data-large_image_width=\"150\" data-large_image_height=\"225\"href='https:\/\/www.radiopiu.net\/wordpress\/wp-content\/uploads\/2021\/11\/260515310_1060371838092825_1587346326294821530_n.jpg'><img loading=\"lazy\" decoding=\"async\" width=\"150\" height=\"150\" src=\"https:\/\/www.radiopiu.net\/wordpress\/wp-content\/uploads\/2021\/11\/260515310_1060371838092825_1587346326294821530_n-150x150.jpg\" class=\"attachment-thumbnail size-thumbnail\" alt=\"\" \/><\/a>\n\t\t\t\t<\/dt><\/dl><br style=\"clear: both\" \/><dl class='gallery-item'>\n\t\t\t\t<dt class='gallery-icon portrait'>\n\t\t\t\t\t<a class=\"rollover rollover-zoom dt-pswp-item\" title=\"260619096_1240850276398714_2076705936757746319_n\" data-dt-img-description=\"\" data-large_image_width=\"156\" data-large_image_height=\"260\"href='https:\/\/www.radiopiu.net\/wordpress\/wp-content\/uploads\/2021\/11\/260619096_1240850276398714_2076705936757746319_n.jpg'><img loading=\"lazy\" decoding=\"async\" width=\"150\" height=\"150\" src=\"https:\/\/www.radiopiu.net\/wordpress\/wp-content\/uploads\/2021\/11\/260619096_1240850276398714_2076705936757746319_n-150x150.jpg\" class=\"attachment-thumbnail size-thumbnail\" alt=\"\" \/><\/a>\n\t\t\t\t<\/dt><\/dl><dl class='gallery-item'>\n\t\t\t\t<dt class='gallery-icon portrait'>\n\t\t\t\t\t<a class=\"rollover rollover-zoom dt-pswp-item\" title=\"260203836_419583729629318_4051377965399912122_n\" data-dt-img-description=\"\" data-large_image_width=\"156\" data-large_image_height=\"225\"href='https:\/\/www.radiopiu.net\/wordpress\/wp-content\/uploads\/2021\/11\/260203836_419583729629318_4051377965399912122_n.jpg'><img loading=\"lazy\" decoding=\"async\" width=\"150\" height=\"150\" src=\"https:\/\/www.radiopiu.net\/wordpress\/wp-content\/uploads\/2021\/11\/260203836_419583729629318_4051377965399912122_n-150x150.jpg\" class=\"attachment-thumbnail size-thumbnail\" alt=\"\" \/><\/a>\n\t\t\t\t<\/dt><\/dl><dl class='gallery-item'>\n\t\t\t\t<dt class='gallery-icon landscape'>\n\t\t\t\t\t<a class=\"rollover rollover-zoom dt-pswp-item\" title=\"260645630_1325943484531264_959258530652170327_n\" data-dt-img-description=\"\" data-large_image_width=\"296\" data-large_image_height=\"203\"href='https:\/\/www.radiopiu.net\/wordpress\/wp-content\/uploads\/2021\/11\/260645630_1325943484531264_959258530652170327_n.jpg'><img loading=\"lazy\" decoding=\"async\" width=\"150\" height=\"150\" src=\"https:\/\/www.radiopiu.net\/wordpress\/wp-content\/uploads\/2021\/11\/260645630_1325943484531264_959258530652170327_n-150x150.jpg\" class=\"attachment-thumbnail size-thumbnail\" alt=\"\" \/><\/a>\n\t\t\t\t<\/dt><\/dl><dl class='gallery-item'>\n\t\t\t\t<dt class='gallery-icon landscape'>\n\t\t\t\t\t<a class=\"rollover rollover-zoom dt-pswp-item\" title=\"260433591_429699348823948_7960630158397564329_n\" data-dt-img-description=\"\" data-large_image_width=\"313\" data-large_image_height=\"206\"href='https:\/\/www.radiopiu.net\/wordpress\/wp-content\/uploads\/2021\/11\/260433591_429699348823948_7960630158397564329_n.jpg'><img loading=\"lazy\" decoding=\"async\" width=\"150\" height=\"150\" src=\"https:\/\/www.radiopiu.net\/wordpress\/wp-content\/uploads\/2021\/11\/260433591_429699348823948_7960630158397564329_n-150x150.jpg\" class=\"attachment-thumbnail size-thumbnail\" alt=\"\" \/><\/a>\n\t\t\t\t<\/dt><\/dl><br style=\"clear: both\" \/><dl class='gallery-item'>\n\t\t\t\t<dt class='gallery-icon landscape'>\n\t\t\t\t\t<a class=\"rollover rollover-zoom dt-pswp-item\" title=\"260480573_3039829729624116_7004822084779911571_n\" data-dt-img-description=\"\" data-large_image_width=\"292\" data-large_image_height=\"206\"href='https:\/\/www.radiopiu.net\/wordpress\/wp-content\/uploads\/2021\/11\/260480573_3039829729624116_7004822084779911571_n.jpg'><img loading=\"lazy\" decoding=\"async\" width=\"150\" height=\"150\" src=\"https:\/\/www.radiopiu.net\/wordpress\/wp-content\/uploads\/2021\/11\/260480573_3039829729624116_7004822084779911571_n-150x150.jpg\" class=\"attachment-thumbnail size-thumbnail\" alt=\"\" \/><\/a>\n\t\t\t\t<\/dt><\/dl><dl class='gallery-item'>\n\t\t\t\t<dt class='gallery-icon landscape'>\n\t\t\t\t\t<a class=\"rollover rollover-zoom dt-pswp-item\" title=\"260397485_333184098140410_7665229247777508234_n\" data-dt-img-description=\"\" data-large_image_width=\"296\" data-large_image_height=\"202\"href='https:\/\/www.radiopiu.net\/wordpress\/wp-content\/uploads\/2021\/11\/260397485_333184098140410_7665229247777508234_n.jpg'><img loading=\"lazy\" decoding=\"async\" width=\"150\" height=\"150\" src=\"https:\/\/www.radiopiu.net\/wordpress\/wp-content\/uploads\/2021\/11\/260397485_333184098140410_7665229247777508234_n-150x150.jpg\" class=\"attachment-thumbnail size-thumbnail\" alt=\"\" \/><\/a>\n\t\t\t\t<\/dt><\/dl><dl class='gallery-item'>\n\t\t\t\t<dt class='gallery-icon landscape'>\n\t\t\t\t\t<a class=\"rollover rollover-zoom dt-pswp-item\" title=\"260995652_620275752496230_9059889454627216821_n\" data-dt-img-description=\"\" data-large_image_width=\"296\" data-large_image_height=\"200\"href='https:\/\/www.radiopiu.net\/wordpress\/wp-content\/uploads\/2021\/11\/260995652_620275752496230_9059889454627216821_n.jpg'><img loading=\"lazy\" decoding=\"async\" width=\"150\" height=\"150\" src=\"https:\/\/www.radiopiu.net\/wordpress\/wp-content\/uploads\/2021\/11\/260995652_620275752496230_9059889454627216821_n-150x150.jpg\" class=\"attachment-thumbnail size-thumbnail\" alt=\"\" \/><\/a>\n\t\t\t\t<\/dt><\/dl><dl class='gallery-item'>\n\t\t\t\t<dt class='gallery-icon landscape'>\n\t\t\t\t\t<a class=\"rollover rollover-zoom dt-pswp-item\" title=\"260227592_1868039923399776_4774599821776251935_n\" data-dt-img-description=\"\" data-large_image_width=\"296\" data-large_image_height=\"203\"href='https:\/\/www.radiopiu.net\/wordpress\/wp-content\/uploads\/2021\/11\/260227592_1868039923399776_4774599821776251935_n.jpg'><img loading=\"lazy\" decoding=\"async\" width=\"150\" height=\"150\" src=\"https:\/\/www.radiopiu.net\/wordpress\/wp-content\/uploads\/2021\/11\/260227592_1868039923399776_4774599821776251935_n-150x150.jpg\" class=\"attachment-thumbnail size-thumbnail\" alt=\"\" \/><\/a>\n\t\t\t\t<\/dt><\/dl><br style=\"clear: both\" \/>\n\t\t\t<\/div>\n\n<p>&nbsp;<\/p>\n<p>&nbsp;<\/p>\n<hr \/>\n<blockquote>\n<h3><\/h3>\n<h3>NUOVO CORSO PER L&#8217;AFFIDO FAMILIARE<\/h3>\n<\/blockquote>\n<p><strong>BELLUNO<\/strong> I Centri per l&#8217;Affido e la Solidariet\u00e0 Familiare\u00a0 dell&#8217;ULSS Dolomiti \u2013 \u00e8quipe di Belluno e Feltre \u2013 organizzano un corso informativo e formativo on-line sul tema dell&#8217;affido familiare, con l&#8217;auspicio che questa modalit\u00e0 possa coinvolgere pi\u00f9 facilmente un sempre maggior numero di persone da ogni parte della provincia. Il corso si svolger\u00e0 in modalit\u00e0 online il 29 novembre e il 6 dicembre dalle 17.45 alle 19.30.<\/p>\n<p>&nbsp;<\/p>\n<p>&nbsp;<\/p>\n<hr \/>\n<p>&nbsp;<\/p>\n<blockquote>\n<h3>GIOCO D&#8217;AZZARDO: OPEN DAY NEI SERD DELL&#8217;ULSS DOLOMITI<\/h3>\n<\/blockquote>\n<p><strong>BELLUNO<\/strong> Per favorire la sensibilizzazione sul tema del gioco d\u2019azzardo e le tematiche correlate, il Dipartimento per le dipendenze ha organizzato degli open day Ultimo appuntamento: Auronzo oggi dalle 15 alle 19 (0435402681 alcologia.au@aulss1.veneto.it)<\/p>\n<p>&nbsp;<\/p>\n<p>&nbsp;<\/p>\n<hr \/>\n<p>&nbsp;<\/p>\n<blockquote>\n<h3 dir=\"ltr\">MERCATINO DI NATALE A FALCADE<\/h3>\n<\/blockquote>\n<p dir=\"ltr\"><strong>FALCADE<\/strong>\u00a0 L&#8217;associazione albergatori, ristoratori e rifugi della Valle del Biois mette e disposizione le casette per i mercatini natalizi sulla piazza di Falcade per il periodo natalizio. Gli interessati ad esporre possono rivolgersi all&#8217;ufficio Promo Falcade, telefono 334 7230117 oppure 329 7603762<\/p>\n<hr \/>\n<blockquote>\n<h3><\/h3>\n<h3>DOMANI E DOMENICA LA FIERA DI SANT&#8217;ANDREA A CENCENIGHE<\/h3>\n<\/blockquote>\n<p><strong>CENCENIGHE\u00a0<\/strong>Il Comune e la Pro Loco di Cencenighe organizzano per domani e domenica la Fiera di Sant&#8217;Andrea presso il Nof Fil\u00f2 dalle 9 alle 19. Mercatino dell&#8217;artigianato, camioncino delle caramelle e servizio bar e pranzo da asporto. Dall 10 alle 16 la possibilit\u00e0 di fare un giro in pony o cavallo, l&#8217;esposizione degli animali sul piazzale del municipio, la ferratura del cavallo e l&#8217;esibizione di scultura su legno. All&#8217;esterno anche il chiosco degli Alpini con vin brul\u00e8 e caldarroste.<\/p>\n<p>&nbsp;<\/p>\n<hr \/>\n<p>&nbsp;<\/p>\n<blockquote>\n<h3>CICLABILI E CICLABILITA&#8217;, IL CONVEGNO CON LA FIAB<\/h3>\n<\/blockquote>\n<p><strong><a href=\"https:\/\/www.radiopiu.net\/wordpress\/giornale-radiopiu-25-novembre-2021-direttore-mirko-mezzacasa\/000007v5\/\" rel=\"attachment wp-att-244770\"><img loading=\"lazy\" decoding=\"async\" class=\"size-medium wp-image-244770 alignleft\" src=\"https:\/\/www.radiopiu.net\/wordpress\/wp-content\/uploads\/2021\/11\/000007V5-300x99.jpeg\" alt=\"\" width=\"300\" height=\"99\" srcset=\"https:\/\/www.radiopiu.net\/wordpress\/wp-content\/uploads\/2021\/11\/000007V5-300x99.jpeg 300w, https:\/\/www.radiopiu.net\/wordpress\/wp-content\/uploads\/2021\/11\/000007V5.jpeg 629w\" sizes=\"auto, (max-width: 300px) 100vw, 300px\" \/><\/a>BELLUNO<\/strong> Domani dalle 9.30 in sala del Teatro Centro Giovanni XXIII in piazza Piloni si terr\u00e0 il convegno organizzato da Fiab e Comune di Belluno. Il convegno a distanza di un anno dalla presentazione del progetto della Bicipolitana e i promotori della Fiab reputano questo incontro un punto di svolta perch\u00e9, per la prima volta a Belluno, si tiene un convegno sulla mobilit\u00e0 attiva e sostenibile in bicicletta. Interverranno il sindaco Jacopo Massaro, l&#8217;assessore Alberto Simiele, il ricercatore e docente Luca Della Lucia e il coordinatore regionale Fiab Veneto Antonio Dalla Venezia.<\/p>\n<blockquote><p><em>&#8220;La mobilit\u00e0 ciclistica \u00e8 di grande attualit\u00e0 poich\u00e9 l&#8217;emergenza climatica, che sempre pi\u00f9 frequentemente si manifesta con violentissimi ed improvvisi eventi atmosferici avversi, richiede interventi urgenti sul piano dei trasporti, favorendo forme di mobilit\u00e0 urbana alternative all\u2019automobile.<\/em> Quindi, come dice FIAB,<em> Il mondo ha bisogno di molte pi\u00f9 biciclette per combattere la crisi climatica\u201d.\u00a0<\/em><\/p>\n<p>&nbsp;<\/p>\n<hr \/>\n<\/blockquote>\n<p>&nbsp;<\/p>\n<blockquote>\n<h3>CONVEGNO RETE DEI SERVIZI SOCIALI SOCIOSANITARI<\/h3>\n<\/blockquote>\n<p><strong>BELLUNO<\/strong> L&#8217;incontro \u00e8 organizzato dalla Fondazione Societ\u00e0 Bellunese, col patrocinio della Conferenza dei Sindaci dell\u2019Aulss 1 Dolomiti. Si terr\u00e0 luned\u00ec alle\u00a0 15.30 al Centro Giovanni XXIII, sala Muccin. Sar\u00e0 l\u2019occasione\u00a0 anche per un confronto sui problemi dell\u2019area anziani nel territorio bellunese, in un momento cruciale della crisi pandemica. Il convegno si svolge in presenza nel rispetto delle norme Covid con obbligo di Green Pass. La partecipazione \u00e8 limitata ai posti disponibili su prenotazione, al n. 3357275454 o mail a <a href=\"mailto:bepipat@alice.it\">bepipat@alice.it<\/a>. Interverranno <span id=\"page3R_mcid2\" class=\"markedContent\"><span dir=\"ltr\" role=\"presentation\">Giuseppe Pat<\/span><span dir=\"ltr\" role=\"presentation\">,<\/span> <span dir=\"ltr\" role=\"presentation\">Presidente <\/span><span dir=\"ltr\" role=\"presentation\">CdA <\/span><span dir=\"ltr\" role=\"presentation\">Fondazione Societ\u00e0 Bellunese; <\/span><\/span><span id=\"page3R_mcid4\" class=\"markedContent\"><span dir=\"ltr\" role=\"presentation\">Franco Toniolo<\/span><span dir=\"ltr\" role=\"presentation\">,<\/span> <span dir=\"ltr\" role=\"presentation\">gi\u00e0<\/span> <span dir=\"ltr\" role=\"presentation\">S<\/span><span dir=\"ltr\" role=\"presentation\">egretario <\/span><span dir=\"ltr\" role=\"presentation\">Regionale <\/span><span dir=\"ltr\" role=\"presentation\">Sanit\u00e0 veneta; <\/span><\/span><span id=\"page3R_mcid7\" class=\"markedContent\"><span dir=\"ltr\" role=\"presentation\">Giampaolo <\/span><span dir=\"ltr\" role=\"presentation\">Pecere<\/span><span dir=\"ltr\" role=\"presentation\">, <\/span><span dir=\"ltr\" role=\"presentation\">Direttore Servizi Socio<\/span><span dir=\"ltr\" role=\"presentation\">&#8211;<\/span><span dir=\"ltr\" role=\"presentation\">Sanitari AUSL 1 Dolomiti; <\/span><\/span><span id=\"page3R_mcid10\" class=\"markedContent\"><span dir=\"ltr\" role=\"presentation\">Paolo Santesso<\/span><span dir=\"ltr\" role=\"presentation\">,<\/span> <span dir=\"ltr\" role=\"presentation\">Amministratore Unico Ser.Sa;\u00a0 <\/span><\/span><span id=\"page3R_mcid13\" class=\"markedContent\"><span dir=\"ltr\" role=\"presentation\">Maria Chiara Santin<\/span><span dir=\"ltr\" role=\"presentation\">,<\/span> <span dir=\"ltr\" role=\"presentation\">Amministratrice Unica ASCA <\/span><\/span><span id=\"page3R_mcid16\" class=\"markedContent\"><span dir=\"ltr\" role=\"presentation\">Luigi Pais<\/span> <span dir=\"ltr\" role=\"presentation\">dei Mori<\/span><span dir=\"ltr\" role=\"presentation\">,<\/span> <span dir=\"ltr\" role=\"presentation\">Presidente<\/span> <span dir=\"ltr\" role=\"presentation\">ordine<\/span> <span dir=\"ltr\" role=\"presentation\">professioni infermieristiche provincia di Belluno<\/span><span dir=\"ltr\" role=\"presentation\">. <\/span><\/span><span id=\"page3R_mcid19\" class=\"markedContent\"><span dir=\"ltr\" role=\"presentation\">Conclusioni<\/span><span dir=\"ltr\" role=\"presentation\">: <\/span><\/span><span id=\"page3R_mcid20\" class=\"markedContent\"><span dir=\"ltr\" role=\"presentation\">Angelo Tanzarella<\/span><span dir=\"ltr\" role=\"presentation\">, <\/span><span dir=\"ltr\" role=\"presentation\">C<\/span><span dir=\"ltr\" role=\"presentation\">onsiglio Indirizzo Fondazione Societ\u00e0 Bellunese <\/span><\/span><span id=\"page3R_mcid21\" class=\"markedContent\"><span dir=\"ltr\" role=\"presentation\">Coordina<\/span><span dir=\"ltr\" role=\"presentation\">:<\/span> <\/span><span id=\"page3R_mcid22\" class=\"markedContent\"><br role=\"presentation\" \/><span dir=\"ltr\" role=\"presentation\">Maurizio Busatta<\/span><span dir=\"ltr\" role=\"presentation\">, <\/span><span dir=\"ltr\" role=\"presentation\">giornalista<\/span><\/span><\/p>\n<p>&nbsp;<\/p>\n<hr \/>\n<p>&nbsp;<\/p>\n<p>&nbsp;<\/p>\n<blockquote>\n<h3>LA COMMEDIA CON IL SORRISO<\/h3>\n<\/blockquote>\n<p><strong>\u00a0BELLUNO<\/strong>\u00a0 La \u201cCompagnia del Sorriso\u201d di Salce, presenta \u201cSon Torn\u00e0 dall\u2019Aldil\u00e0\u201d divertente commedia in tre atti in dialetto bellunese. Sabato alle 20:45 al Centro Culturale di Longarone.<\/p>\n<p>&nbsp;<\/p>\n<p>&nbsp;<\/p>\n<hr \/>\n<blockquote>\n<h3><\/h3>\n<h3>DOMENICA A TEATRO CON LE VOCI DAI CORTIVI<\/h3>\n<\/blockquote>\n<p><strong>BELLUNO<\/strong> Per Benvenuto San Martino domenica alle 20.45 al Teatro Comunale Concerto con il gruppo &#8220;Voci dai Cortivi&#8221; e le fisarmoniche di Lorenzo e Federico. Ingresso libero fino ad esaurimento posti, obbligo di green pass. Presenta la serata Giorgio Dal Farra.<\/p>\n<p>&nbsp;<\/p>\n<p>&nbsp;<\/p>\n<p>&nbsp;<\/p>\n<hr \/>\n<p>&nbsp;<\/p>\n<blockquote>\n<h3>NOVEMBRE, IL MESE DELLA CORALITA&#8217;<\/h3>\n<\/blockquote>\n<p><strong><a href=\"https:\/\/www.radiopiu.net\/wordpress\/novembre-il-mese-della-coralita\/asac-veneto\/\" rel=\"attachment wp-att-241021\"><img loading=\"lazy\" decoding=\"async\" class=\" wp-image-241021 alignleft\" src=\"https:\/\/www.radiopiu.net\/wordpress\/wp-content\/uploads\/2021\/11\/ASAC-VENETO-300x167.png\" alt=\"\" width=\"210\" height=\"117\" srcset=\"https:\/\/www.radiopiu.net\/wordpress\/wp-content\/uploads\/2021\/11\/ASAC-VENETO-300x167.png 300w, https:\/\/www.radiopiu.net\/wordpress\/wp-content\/uploads\/2021\/11\/ASAC-VENETO.png 534w\" sizes=\"auto, (max-width: 210px) 100vw, 210px\" \/><\/a> <\/strong><\/p>\n<p><strong>\u00a0<\/strong><\/p>\n<p><strong>BELLUNO<\/strong> Novembre \u00e8 il mese della coralit\u00e0. Dopo gli appuntamenti delle scorse settimane, \u201cDolomiti in coro 2021\u201d si chiudera\u0300 domani nella Chiesa parrocchiale di Longarone con il Coro Voci delle Dolomiti, il Gruppo Solo Voci di Feltre ed il Coro Cadore di Pieve di Cadore<\/p>\n<p>&nbsp;<\/p>\n<p>&nbsp;<\/p>\n<hr \/>\n<p>&nbsp;<\/p>\n<blockquote>\n<h3>CONTINUANO GLI SPETTACOLI DI MISTERO<\/h3>\n<\/blockquote>\n<p><strong>VENEZIA <\/strong>Si avvia verso la conclusione Veneto Spettacoli di Mistero, la rassegna promossa da Regione del Veneto e UNPLI Veneto che celebra le storie pi\u00f9 occulte e i territori in cui hanno avuto origine. Domani due eventi in programma. A Fonzaso alle 18 El Barabek, un racconto della tradizione che verr\u00e0 riproposto attraverso una passeggiata a lume di candela, tra una visita alla cittadina e una rappresentazione teatrale amatoriale. A Sospirolo alle 20:30 La Rajetta Rubata, spettacolo tratto dall\u2019omonimo romanzo di Roberto Frison, che ne cura anche la regia. <i>In ottemperanza alle disposizioni di sicurezza anti-Covid 19, per tutti gli eventi in presenza \u00e8 richiesta la prenotazione, il green pass da esibire il giorno dell\u2019evento, il rispetto del distanziamento sociale e l\u2019utilizzo di mascherina.<\/i><\/p>\n<p>&nbsp;<\/p>\n<hr \/>\n<p>&nbsp;<\/p>\n<blockquote>\n<h3>IN SEMINARIO UNA GIORNATA DI STUDI ATTORNO A DANTE ALIGHIERI<\/h3>\n<\/blockquote>\n<p><strong><a href=\"https:\/\/www.radiopiu.net\/wordpress\/asca-rinnova-la-certificazione-di-qualita-senza-non-conformita\/dsc_6664b\/\" rel=\"attachment wp-att-244977\"><img loading=\"lazy\" decoding=\"async\" class=\"wp-image-244977 alignleft\" src=\"https:\/\/www.radiopiu.net\/wordpress\/wp-content\/uploads\/2021\/11\/DSC_6664b-300x199.jpg\" alt=\"\" width=\"175\" height=\"116\" srcset=\"https:\/\/www.radiopiu.net\/wordpress\/wp-content\/uploads\/2021\/11\/DSC_6664b-300x199.jpg 300w, https:\/\/www.radiopiu.net\/wordpress\/wp-content\/uploads\/2021\/11\/DSC_6664b-1024x678.jpg 1024w, https:\/\/www.radiopiu.net\/wordpress\/wp-content\/uploads\/2021\/11\/DSC_6664b-768x509.jpg 768w, https:\/\/www.radiopiu.net\/wordpress\/wp-content\/uploads\/2021\/11\/DSC_6664b-1536x1017.jpg 1536w, https:\/\/www.radiopiu.net\/wordpress\/wp-content\/uploads\/2021\/11\/DSC_6664b-2048x1356.jpg 2048w\" sizes=\"auto, (max-width: 175px) 100vw, 175px\" \/><\/a>BELLUNO<\/strong> \u201cFar ridere le carte: giornata di studi attorno a Dante Alighieri e al Lolliniano 35\u201d, ulteriore contributo alle iniziative per il settimo centenario della morte di Dante. Il convegno si svolger\u00e0 venerd\u00ec 3 dicembre alle ore 17 presso l\u2019Aula magna del Seminario ed \u00e8 promosso dal Seminario Gregoriano. Interverranno tre importanti e autorevoli relatori, docenti universitari esperti dantisti,<br \/>\nPaolo Pellegrini, Sandro Bertelli\u00a0 e Paolo Trovato.\u00a0 L\u2019ingresso al convegno \u00e8 esclusivamente su prenotazione scrivendo all\u2019indirizzo mail bibliotecagregoriana@chiesabellunofeltre.it.<br \/>\nPer accedere \u00e8 obbligatorio il Green Pass.<\/p>\n<p>&nbsp;<\/p>\n<hr \/>\n<p>&nbsp;<\/p>\n<blockquote>\n<h3><a href=\"https:\/\/www.radiopiu.net\/wordpress\/giornale-radiopiu-26-novembre-2021-direttore-mirko-mezzacasa\/260310310_2332862203516691_7796526027555226883_n\/\" rel=\"attachment wp-att-244979\"><img loading=\"lazy\" decoding=\"async\" class=\"wp-image-244979 alignleft\" src=\"https:\/\/www.radiopiu.net\/wordpress\/wp-content\/uploads\/2021\/11\/260310310_2332862203516691_7796526027555226883_n-212x300.jpg\" alt=\"\" width=\"100\" height=\"142\" srcset=\"https:\/\/www.radiopiu.net\/wordpress\/wp-content\/uploads\/2021\/11\/260310310_2332862203516691_7796526027555226883_n-212x300.jpg 212w, https:\/\/www.radiopiu.net\/wordpress\/wp-content\/uploads\/2021\/11\/260310310_2332862203516691_7796526027555226883_n.jpg 509w\" sizes=\"auto, (max-width: 100px) 100vw, 100px\" \/><\/a>I PRESEPI CON LA PROLOCO DI CANALE D&#8217;AGORDO<\/h3>\n<\/blockquote>\n<p>&nbsp;<\/p>\n<div dir=\"auto\"><strong>CANALE D&#8217;AGORDO<\/strong> Anche per questo Natale l&#8217;Associazione Pro Loco di Canale d&#8217;Agordo\u00a0 invita a partecipare all&#8217;iniziativa &#8220;I presepi dei Colmiei&#8221; e a segnalare le e creazioni che verranno poi votate e premiate. Scrivere una mail a info@prolococanale.it oppure\u00a0 04371948001.<\/div>\n<div dir=\"auto\"><\/div>\n<p>&nbsp;<\/p>\n<hr \/>\n<p>&nbsp;<\/p>\n<h1><span style=\"color: #ff0000;\">IERI ALLA RADIO&#8230;<\/span><\/h1>\n<h2><strong><a href=\"https:\/\/www.radiopiu.net\/wordpress\/consiglio-comunale-di-falcade-registrazione-integrale-durata-1h33m\/falcade-1\/\" rel=\"attachment wp-att-163186\"><img loading=\"lazy\" decoding=\"async\" class=\"size-medium wp-image-163186 alignleft\" src=\"https:\/\/www.radiopiu.net\/wordpress\/wp-content\/uploads\/2020\/09\/FALCADE-1-300x225.jpg\" alt=\"\" width=\"300\" height=\"225\" srcset=\"https:\/\/www.radiopiu.net\/wordpress\/wp-content\/uploads\/2020\/09\/FALCADE-1-300x225.jpg 300w, https:\/\/www.radiopiu.net\/wordpress\/wp-content\/uploads\/2020\/09\/FALCADE-1-768x576.jpg 768w, https:\/\/www.radiopiu.net\/wordpress\/wp-content\/uploads\/2020\/09\/FALCADE-1-640x480.jpg 640w, https:\/\/www.radiopiu.net\/wordpress\/wp-content\/uploads\/2020\/09\/FALCADE-1.jpg 960w\" sizes=\"auto, (max-width: 300px) 100vw, 300px\" \/><\/a><\/strong><span style=\"color: #008080;\">PROMO FALCADE E GLI OBBIETTIVI DEL FUTURO<\/span><\/h2>\n<p><strong>di Claudio Fontanive<\/strong><\/p>\n<p>Ospite: Antonella Schena, Presidente di Promo Falcade<\/p>\n<audio class=\"wp-audio-shortcode\" id=\"audio-244854-9\" preload=\"none\" style=\"width: 100%;\" controls=\"controls\"><source type=\"audio\/mpeg\" src=\"https:\/\/www.radiopiu.net\/wordpress\/wp-content\/uploads\/2021\/11\/antonella-schena-25-novembre.mp3?_=9\" \/><a href=\"https:\/\/www.radiopiu.net\/wordpress\/wp-content\/uploads\/2021\/11\/antonella-schena-25-novembre.mp3\">https:\/\/www.radiopiu.net\/wordpress\/wp-content\/uploads\/2021\/11\/antonella-schena-25-novembre.mp3<\/a><\/audio>\n<p>&nbsp;<\/p>\n<hr \/>\n<p>&nbsp;<\/p>\n<h2><strong><a href=\"https:\/\/www.radiopiu.net\/wordpress\/giornale-radiopiu-06-febbraio-2019-direttore-mirko-mezzacasa\/logo_spi-cgil-800x445\/\" rel=\"attachment wp-att-75538\"><img loading=\"lazy\" decoding=\"async\" class=\"size-medium wp-image-75538 alignleft\" src=\"https:\/\/www.radiopiu.net\/wordpress\/wp-content\/uploads\/2019\/02\/Logo_Spi-CGIL-800x445-300x167.jpg\" alt=\"\" width=\"300\" height=\"167\" srcset=\"https:\/\/www.radiopiu.net\/wordpress\/wp-content\/uploads\/2019\/02\/Logo_Spi-CGIL-800x445-300x167.jpg 300w, https:\/\/www.radiopiu.net\/wordpress\/wp-content\/uploads\/2019\/02\/Logo_Spi-CGIL-800x445-768x427.jpg 768w, https:\/\/www.radiopiu.net\/wordpress\/wp-content\/uploads\/2019\/02\/Logo_Spi-CGIL-800x445.jpg 800w\" sizes=\"auto, (max-width: 300px) 100vw, 300px\" \/><\/a><\/strong><span style=\"color: #ff6600;\">SPECIALE SPI CGIL &#8211; 25 NOVEMBRE 2021<\/span><\/h2>\n<p><strong>di Claudio Fontanive<\/strong><\/p>\n<p>Ospite: Maria Rita Gentilin<\/p>\n<audio class=\"wp-audio-shortcode\" id=\"audio-244854-10\" preload=\"none\" style=\"width: 100%;\" controls=\"controls\"><source type=\"audio\/mpeg\" src=\"https:\/\/www.radiopiu.net\/wordpress\/wp-content\/uploads\/2021\/11\/spi-cgil-25-novembre.mp3?_=10\" \/><a href=\"https:\/\/www.radiopiu.net\/wordpress\/wp-content\/uploads\/2021\/11\/spi-cgil-25-novembre.mp3\">https:\/\/www.radiopiu.net\/wordpress\/wp-content\/uploads\/2021\/11\/spi-cgil-25-novembre.mp3<\/a><\/audio>\n<p>&nbsp;<\/p>\n<hr \/>\n<p>&nbsp;<\/p>\n<div>\n<div class=\"b654a4as d2edcug0\">\n<div class=\"rq0escxv hkbzh7o3 jwdofwj8 n8tt0mok r8blr3vg hyh9befq\">\n<p><a class=\"dt-pswp-item\" href=\"https:\/\/www.radiopiu.net\/wordpress\/wp-content\/uploads\/2020\/10\/pp.jpg\" data-dt-img-description=\"\" data-large_image_width=\"640\" data-large_image_height=\"640\"><img loading=\"lazy\" decoding=\"async\" class=\"wp-image-163678 alignleft\" src=\"https:\/\/www.radiopiu.net\/wordpress\/wp-content\/uploads\/2020\/10\/pp-300x300.jpg\" alt=\"\" width=\"106\" height=\"106\" srcset=\"https:\/\/www.radiopiu.net\/wordpress\/wp-content\/uploads\/2020\/10\/pp-300x300.jpg 300w, https:\/\/www.radiopiu.net\/wordpress\/wp-content\/uploads\/2020\/10\/pp-150x150.jpg 150w, https:\/\/www.radiopiu.net\/wordpress\/wp-content\/uploads\/2020\/10\/pp-125x125.jpg 125w, https:\/\/www.radiopiu.net\/wordpress\/wp-content\/uploads\/2020\/10\/pp-200x200.jpg 200w, https:\/\/www.radiopiu.net\/wordpress\/wp-content\/uploads\/2020\/10\/pp-80x80.jpg 80w, https:\/\/www.radiopiu.net\/wordpress\/wp-content\/uploads\/2020\/10\/pp-480x480.jpg 480w, https:\/\/www.radiopiu.net\/wordpress\/wp-content\/uploads\/2020\/10\/pp.jpg 640w\" sizes=\"auto, (max-width: 106px) 100vw, 106px\" \/><\/a><\/p>\n<\/div>\n<\/div>\n<\/div>\n<div>\n<div class=\"page-title-head hgroup\">\n<div class=\"page-title-head hgroup\">\n<div class=\"b654a4as d2edcug0\">\n<div class=\"j83agx80 btwxx1t3 lhclo0ds hop8lmos nkwizq5d scwd0bx6 roh60bw9\">\n<div class=\"rq0escxv hkbzh7o3 jwdofwj8 n8tt0mok r8blr3vg hyh9befq\">\n<div class=\"do00u71z l9j0dhe7 k4urcfbm\">\n<h2><span style=\"color: #000080;\">DON CESARE, IL PENSIERO DEL GIORNO. ALLA RADIO ALLE 7 DEL MATTINO E ALLE 19.30 DELLA SERA.\u00a0\u00a0<\/span><\/h2>\n<p>&nbsp;<\/p>\n<p>&nbsp;<\/p>\n<audio class=\"wp-audio-shortcode\" id=\"audio-244854-11\" preload=\"none\" style=\"width: 100%;\" controls=\"controls\"><source type=\"audio\/mpeg\" src=\"https:\/\/www.radiopiu.net\/wordpress\/wp-content\/uploads\/2021\/11\/CESARE-7.mp3?_=11\" \/><a href=\"https:\/\/www.radiopiu.net\/wordpress\/wp-content\/uploads\/2021\/11\/CESARE-7.mp3\">https:\/\/www.radiopiu.net\/wordpress\/wp-content\/uploads\/2021\/11\/CESARE-7.mp3<\/a><\/audio>\n<p>&nbsp;<\/p>\n<hr \/>\n<p>&nbsp;<\/p>\n<blockquote>\n<h3>IN VIVO VERSO, SETTIMA STAGIONE CON BRUNELLA MORO, DAL LUNEDI AL VENERDI ALLE 7.10, 10.10 E 18.50<\/h3>\n<\/blockquote>\n<h2>PERDUTAMENTE di RENATO MOSENA<\/h2>\n<p>AUDIO<\/p>\n<audio class=\"wp-audio-shortcode\" id=\"audio-244854-12\" preload=\"none\" style=\"width: 100%;\" controls=\"controls\"><source type=\"audio\/mpeg\" src=\"https:\/\/www.radiopiu.net\/wordpress\/wp-content\/uploads\/2021\/11\/04-PERDUTAMENTE-DI-RENATO-MOSENA.mp3?_=12\" \/><a href=\"https:\/\/www.radiopiu.net\/wordpress\/wp-content\/uploads\/2021\/11\/04-PERDUTAMENTE-DI-RENATO-MOSENA.mp3\">https:\/\/www.radiopiu.net\/wordpress\/wp-content\/uploads\/2021\/11\/04-PERDUTAMENTE-DI-RENATO-MOSENA.mp3<\/a><\/audio>\n<p>&nbsp;<\/p>\n<p><span style=\"font-family: Verdana, sans-serif;\"><span style=\"font-size: x-large;\">\u00a0<\/span><\/span><\/p>\n<p><span style=\"font-family: Verdana, sans-serif;\"><span style=\"font-size: x-large;\">\u00a0<\/span><\/span><\/p>\n<p><span style=\"font-family: Verdana, sans-serif;\"><span style=\"font-size: x-large;\"><a href=\"https:\/\/www.radiopiu.net\/wordpress\/perdutamente-di-renato-mosena\/db23ff40-52c3-48c1-b8ef-4467a98b6e40\/\" rel=\"attachment wp-att-244923\"><img loading=\"lazy\" decoding=\"async\" class=\"size-medium wp-image-244923 alignleft\" src=\"https:\/\/www.radiopiu.net\/wordpress\/wp-content\/uploads\/2021\/11\/db23ff40-52c3-48c1-b8ef-4467a98b6e40-221x300.jpg\" alt=\"\" width=\"221\" height=\"300\" srcset=\"https:\/\/www.radiopiu.net\/wordpress\/wp-content\/uploads\/2021\/11\/db23ff40-52c3-48c1-b8ef-4467a98b6e40-221x300.jpg 221w, https:\/\/www.radiopiu.net\/wordpress\/wp-content\/uploads\/2021\/11\/db23ff40-52c3-48c1-b8ef-4467a98b6e40-753x1024.jpg 753w, https:\/\/www.radiopiu.net\/wordpress\/wp-content\/uploads\/2021\/11\/db23ff40-52c3-48c1-b8ef-4467a98b6e40-768x1044.jpg 768w, https:\/\/www.radiopiu.net\/wordpress\/wp-content\/uploads\/2021\/11\/db23ff40-52c3-48c1-b8ef-4467a98b6e40.jpg 859w\" sizes=\"auto, (max-width: 221px) 100vw, 221px\" \/><\/a>Ti rivorrei, perdutamente,<\/span><\/span><\/p>\n<p><span style=\"font-family: Verdana, sans-serif;\"><span style=\"font-size: x-large;\">come il tempo,<\/span><\/span><\/p>\n<p><span style=\"font-family: Verdana, sans-serif;\"><span style=\"font-size: x-large;\">che \u00e8 passato&#8230;<\/span><\/span><\/p>\n<p><span style=\"font-family: Verdana, sans-serif;\"><span style=\"font-size: x-large;\">mi rivorrei felice,<\/span><\/span><\/p>\n<p><span style=\"font-family: Verdana, sans-serif;\"><span style=\"font-size: x-large;\">con i silenzi <\/span><\/span><\/p>\n<p><span style=\"font-family: Verdana, sans-serif;\"><span style=\"font-size: x-large;\">che hai riempito&#8230;<\/span><\/span><\/p>\n<p><span style=\"font-family: Verdana, sans-serif;\"><span style=\"font-size: x-large;\">ti rivorrei&#8230;ora,<\/span><\/span><\/p>\n<p><span style=\"font-family: Verdana, sans-serif;\"><span style=\"font-size: x-large;\">come sole sempre,<\/span><\/span><\/p>\n<p><span style=\"font-family: Verdana, sans-serif;\"><span style=\"font-size: x-large;\">a scaldarmi il fiato<\/span><\/span><\/p>\n<p><span style=\"font-family: Verdana, sans-serif;\"><span style=\"font-size: x-large;\">vorrei rivivere <\/span><\/span><\/p>\n<p><span style=\"font-family: Verdana, sans-serif;\"><span style=\"font-size: x-large;\">nei sogni svegli,<\/span><\/span><\/p>\n<p><span style=\"font-family: Verdana, sans-serif;\"><span style=\"font-size: x-large;\">nei tuoi baci&#8230; ora perduti.<\/span><\/span><\/p>\n<p><strong>LA RACCOLTA COMPLETA\u00a0 \u00a0<\/strong><\/p>\n<blockquote class=\"wp-embedded-content\" data-secret=\"KYY7GUYN8q\"><p><a href=\"https:\/\/www.radiopiu.net\/wordpress\/in-vivo-verso\/\">In Vivo Verso<\/a><\/p><\/blockquote>\n<p><iframe loading=\"lazy\" class=\"wp-embedded-content\" sandbox=\"allow-scripts\" security=\"restricted\" style=\"position: absolute; clip: rect(1px, 1px, 1px, 1px);\" title=\"&#8220;In Vivo Verso&#8221; &#8212; Radio Pi\u00f9\" src=\"https:\/\/www.radiopiu.net\/wordpress\/in-vivo-verso\/embed\/#?secret=KYY7GUYN8q\" data-secret=\"KYY7GUYN8q\" width=\"600\" height=\"338\" frameborder=\"0\" marginwidth=\"0\" marginheight=\"0\" scrolling=\"no\"><\/iframe><\/p>\n<p>&nbsp;<\/p>\n<p>&nbsp;<\/p>\n<hr \/>\n<p>&nbsp;<\/p>\n<h2><span style=\"color: #00ff00;\">CONNESSI di Luisa Manfroi<\/span><\/h2>\n<p><strong>PUNTATA DEL 23 NOVEMBRE 2021\u00a0<\/strong><\/p>\n<audio class=\"wp-audio-shortcode\" id=\"audio-244854-13\" preload=\"none\" style=\"width: 100%;\" controls=\"controls\"><source type=\"audio\/mpeg\" src=\"https:\/\/www.radiopiu.net\/wordpress\/wp-content\/uploads\/2021\/11\/6-Federico-Faggin-il-fisico-veneto-padre-del-microprocessore.mp3?_=13\" \/><a href=\"https:\/\/www.radiopiu.net\/wordpress\/wp-content\/uploads\/2021\/11\/6-Federico-Faggin-il-fisico-veneto-padre-del-microprocessore.mp3\">https:\/\/www.radiopiu.net\/wordpress\/wp-content\/uploads\/2021\/11\/6-Federico-Faggin-il-fisico-veneto-padre-del-microprocessore.mp3<\/a><\/audio>\n<p>&nbsp;<\/p>\n<div>\n<div class=\"page-title-head hgroup\">\n<div class=\"page-title-head hgroup\">\n<div class=\"b654a4as d2edcug0\">\n<div class=\"j83agx80 btwxx1t3 lhclo0ds hop8lmos nkwizq5d scwd0bx6 roh60bw9\">\n<div class=\"rq0escxv hkbzh7o3 jwdofwj8 n8tt0mok r8blr3vg hyh9befq\">\n<div class=\"do00u71z l9j0dhe7 k4urcfbm\">\n<div class=\"ecm0bbzt e5nlhep0 a8c37x1j\">\n<div class=\"kvgmc6g5 cxmmr5t8 oygrvhab hcukyx3x c1et5uql\">\n<div class=\"gmail-kvgmc6g5 gmail-cxmmr5t8 gmail-oygrvhab gmail-hcukyx3x gmail-c1et5uql gmail-ii04i59q\">\n<div class=\"page-title-head hgroup\">\n<div class=\"page-title-head hgroup\">\n<div class=\"b654a4as d2edcug0\">\n<div class=\"j83agx80 btwxx1t3 lhclo0ds hop8lmos nkwizq5d scwd0bx6 roh60bw9\">\n<div class=\"rq0escxv hkbzh7o3 jwdofwj8 n8tt0mok r8blr3vg hyh9befq\">\n<div class=\"do00u71z l9j0dhe7 k4urcfbm\">\n<blockquote class=\"wp-embedded-content\" data-secret=\"lUe7ga4IYA\"><p><a href=\"https:\/\/www.radiopiu.net\/wordpress\/connessi-2\/\">Connessi<\/a><\/p><\/blockquote>\n<p><iframe loading=\"lazy\" class=\"wp-embedded-content\" sandbox=\"allow-scripts\" security=\"restricted\" style=\"position: absolute; clip: rect(1px, 1px, 1px, 1px);\" title=\"&#8220;Connessi&#8221; &#8212; Radio Pi\u00f9\" src=\"https:\/\/www.radiopiu.net\/wordpress\/connessi-2\/embed\/#?secret=lUe7ga4IYA\" data-secret=\"lUe7ga4IYA\" width=\"600\" height=\"338\" frameborder=\"0\" marginwidth=\"0\" marginheight=\"0\" scrolling=\"no\"><\/iframe><\/p>\n<p>&nbsp;<\/p>\n<p>&nbsp;<\/p>\n<p>&nbsp;<\/p>\n<hr \/>\n<p>&nbsp;<\/p>\n<p><span style=\"color: #0000ff;\">MUSICA PIU&#8217;\u00a0<\/span><\/p>\n<p><a href=\"https:\/\/www.radiopiu.net\/wordpress\/giornale-radiopiu-20-settembre-2021-direttore-mirko-mezzacasa\/pp-79\/\" rel=\"attachment wp-att-232921\"><img loading=\"lazy\" decoding=\"async\" class=\"wp-image-232921 alignleft\" src=\"https:\/\/www.radiopiu.net\/wordpress\/wp-content\/uploads\/2021\/09\/pp-1-300x300.jpg\" alt=\"\" width=\"135\" height=\"135\" srcset=\"https:\/\/www.radiopiu.net\/wordpress\/wp-content\/uploads\/2021\/09\/pp-1-300x300.jpg 300w, https:\/\/www.radiopiu.net\/wordpress\/wp-content\/uploads\/2021\/09\/pp-1-150x150.jpg 150w, https:\/\/www.radiopiu.net\/wordpress\/wp-content\/uploads\/2021\/09\/pp-1.jpg 640w\" sizes=\"auto, (max-width: 135px) 100vw, 135px\" \/><\/a><\/p>\n<div class=\"mkdf-post-text\">\n<div class=\"mkdf-post-text-inner\">\n<div class=\"mkdf-post-text-main\">\n<div class=\"mkdf-post-text\">\n<div class=\"mkdf-post-text-inner\">\n<div class=\"mkdf-post-text-main\">\n<div class=\"mkdf-post-text\">\n<div class=\"mkdf-post-text-inner\">\n<div class=\"mkdf-post-text-main\">\n<div class=\"page-title-head hgroup\">\n<div class=\"page-title-head hgroup\">\n<div class=\"mkdf-post-text\">\n<div class=\"mkdf-post-text-inner\">\n<div class=\"mkdf-post-text-main\">\n<div class=\"mkdf-post-text\">\n<div class=\"mkdf-post-text-inner\">\n<div class=\"mkdf-post-text-main\">\n<div class=\"page-title-head hgroup\">\n<div class=\"page-title-head hgroup\">\n<div class=\"page-title-head hgroup\">\n<div class=\"page-title-head hgroup\">\n<div class=\"b654a4as d2edcug0\">\n<div class=\"page-title-head hgroup\">\n<div class=\"page-title-head hgroup\">\n<div class=\"page-title-head hgroup\">\n<div class=\"page-title-head hgroup\">\n<div class=\"b654a4as d2edcug0\">\n<div class=\"page-title-head hgroup\">\n<div class=\"page-title-head hgroup\">\n<div class=\"page-title-head hgroup\">\n<div class=\"page-title-head hgroup\">\n<div class=\"b654a4as d2edcug0\">\n<div class=\"mkdf-post-text\">\n<div class=\"mkdf-post-text-inner\">\n<div class=\"mkdf-post-text-main\">\n<div class=\"mkdf-post-text\">\n<div class=\"mkdf-post-text-inner\">\n<div class=\"mkdf-post-text-main\">\n<div class=\"mkdf-post-text\">\n<div class=\"mkdf-post-text-inner\">\n<div class=\"mkdf-post-text-main\">\n<div class=\"page-title-head hgroup\">\n<div class=\"page-title-head hgroup\">\n<div class=\"mkdf-post-text\">\n<div class=\"mkdf-post-text-inner\">\n<div class=\"mkdf-post-text-main\">\n<div class=\"mkdf-post-text\">\n<div class=\"mkdf-post-text-inner\">\n<div class=\"mkdf-post-text-main\">\n<div class=\"page-title-head hgroup\">\n<div class=\"page-title-head hgroup\">\n<div class=\"page-title-head hgroup\">\n<div class=\"page-title-head hgroup\">\n<div class=\"b654a4as d2edcug0\">\n<div class=\"page-title-head hgroup\">\n<div class=\"page-title-head hgroup\">\n<div class=\"page-title-head hgroup\">\n<div class=\"page-title-head hgroup\">\n<div class=\"b654a4as d2edcug0\">\n<div class=\"page-title-head hgroup\">\n<div class=\"page-title-head hgroup\">\n<div class=\"page-title-head hgroup\">\n<div class=\"page-title-head hgroup\">\n<div class=\"b654a4as d2edcug0\">\n<div><\/div>\n<div><\/div>\n<div>\n<p><strong>MUSICA ALLA RADIO, IL PROGRAMMA DI LORIS SCUSSEL &#8220;COLLAGE OPERAZIONE NOSTALGIA&#8221; DAL LUNEDI AL VENERDI ALLE 16.00\u00a0 E ALLE 23\u00a0<\/strong><\/p>\n<\/div>\n<p>&nbsp;<\/p>\n<p>&nbsp;<\/p>\n<p><strong>LA PUNTATA DI IERI\u00a0 N 484<\/strong><\/p>\n<audio class=\"wp-audio-shortcode\" id=\"audio-244854-14\" preload=\"none\" style=\"width: 100%;\" controls=\"controls\"><source type=\"audio\/mpeg\" src=\"https:\/\/www.radiopiu.net\/wordpress\/wp-content\/uploads\/2021\/11\/Collage-484.mp3?_=14\" \/><a href=\"https:\/\/www.radiopiu.net\/wordpress\/wp-content\/uploads\/2021\/11\/Collage-484.mp3\">https:\/\/www.radiopiu.net\/wordpress\/wp-content\/uploads\/2021\/11\/Collage-484.mp3<\/a><\/audio>\n<p>&nbsp;<\/p>\n<\/div>\n<\/div>\n<\/div>\n<\/div>\n<\/div>\n<\/div>\n<\/div>\n<\/div>\n<\/div>\n<\/div>\n<\/div>\n<\/div>\n<\/div>\n<\/div>\n<\/div>\n<\/div>\n<\/div>\n<\/div>\n<\/div>\n<\/div>\n<\/div>\n<\/div>\n<\/div>\n<\/div>\n<\/div>\n<\/div>\n<\/div>\n<\/div>\n<\/div>\n<\/div>\n<\/div>\n<\/div>\n<\/div>\n<\/div>\n<\/div>\n<\/div>\n<\/div>\n<\/div>\n<\/div>\n<\/div>\n<\/div>\n<\/div>\n<\/div>\n<\/div>\n<\/div>\n<\/div>\n<\/div>\n<\/div>\n<\/div>\n<\/div>\n<\/div>\n<\/div>\n<\/div>\n<\/div>\n<\/div>\n<\/div>\n<\/div>\n<\/div>\n<\/div>\n<\/div>\n<\/div>\n<\/div>\n<\/div>\n<\/div>\n<blockquote class=\"wp-embedded-content\" data-secret=\"MDNAfJSI0P\"><p><a href=\"https:\/\/www.radiopiu.net\/wordpress\/freemix-la-liberta-musicale-mixata-da-dj-athos-e-raccontata-da-dj-jack\/\">FREEMIX, LA LIBERTA&#8217; MUSICALE MIXATA DA DJ ATHOS E RACCONTATA DA DJ JACK<\/a><\/p><\/blockquote>\n<p><iframe loading=\"lazy\" class=\"wp-embedded-content\" sandbox=\"allow-scripts\" security=\"restricted\" style=\"position: absolute; clip: rect(1px, 1px, 1px, 1px);\" title=\"&#8220;FREEMIX, LA LIBERTA&#8217; MUSICALE MIXATA DA DJ ATHOS E RACCONTATA DA DJ JACK&#8221; &#8212; Radio Pi\u00f9\" src=\"https:\/\/www.radiopiu.net\/wordpress\/freemix-la-liberta-musicale-mixata-da-dj-athos-e-raccontata-da-dj-jack\/embed\/#?secret=MDNAfJSI0P\" data-secret=\"MDNAfJSI0P\" width=\"600\" height=\"338\" frameborder=\"0\" marginwidth=\"0\" marginheight=\"0\" scrolling=\"no\"><\/iframe><\/p>\n<p>&nbsp;<\/p>\n<p>&nbsp;<\/p>\n<blockquote class=\"wp-embedded-content\" data-secret=\"SWeXa5ENk4\"><p><a href=\"https:\/\/www.radiopiu.net\/wordpress\/da-ieri-alla-radio-in-palinsesto-loris-e-maurizio-con-la-grande-musica\/\">IL BLUES ALLA RADIO &#8230; COME NON L&#8217;AVETE MAI SENTITO PRIMA<\/a><\/p><\/blockquote>\n<p><iframe loading=\"lazy\" class=\"wp-embedded-content\" sandbox=\"allow-scripts\" security=\"restricted\" style=\"position: absolute; clip: rect(1px, 1px, 1px, 1px);\" title=\"&#8220;IL BLUES ALLA RADIO &#8230; COME NON L&#8217;AVETE MAI SENTITO PRIMA&#8221; &#8212; Radio Pi\u00f9\" src=\"https:\/\/www.radiopiu.net\/wordpress\/da-ieri-alla-radio-in-palinsesto-loris-e-maurizio-con-la-grande-musica\/embed\/#?secret=SWeXa5ENk4\" data-secret=\"SWeXa5ENk4\" width=\"600\" height=\"338\" frameborder=\"0\" marginwidth=\"0\" marginheight=\"0\" scrolling=\"no\"><\/iframe><\/p>\n<p>&nbsp;<\/p>\n<p>&nbsp;<\/p>\n<hr \/>\n<p>&nbsp;<\/p>\n<blockquote>\n<h3><span style=\"color: #0000ff;\">INFORMAZIONE il canale su TELEGRAM informazione di prima mano e in tempo reale. iscriviti ed aiutaci a farlo conoscere\u00a0\u00a0<\/span><\/h3>\n<\/blockquote>\n<div>\n<div class=\"page-title-head hgroup\">\n<div class=\"page-title-head hgroup\">\n<div class=\"page-title-head hgroup\">\n<div class=\"page-title-head hgroup\">\n<div class=\"b654a4as d2edcug0\">\n<div class=\"page-title-head hgroup\">\n<div class=\"page-title-head hgroup\">\n<div class=\"page-title-head hgroup\">\n<div class=\"page-title-head hgroup\">\n<div class=\"b654a4as d2edcug0\">\n<div class=\"page-title-head hgroup\">\n<div class=\"page-title-head hgroup\">\n<div class=\"page-title-head hgroup\">\n<div class=\"page-title-head hgroup\">\n<div class=\"page-title-head hgroup\">\n<div class=\"page-title-head hgroup\">\n<div class=\"page-title-head hgroup\">\n<div class=\"page-title-head hgroup\">\n<div class=\"page-title-head hgroup\">\n<div class=\"b654a4as d2edcug0\">\n<div class=\"page-title-head hgroup\">\n<div class=\"page-title-head hgroup\">\n<div class=\"page-title-head hgroup\">\n<div class=\"page-title-head hgroup\">\n<div class=\"b654a4as d2edcug0\">\n<div>\n<p>&nbsp;<\/p>\n<\/div>\n<div>\n<div class=\"page-title-head hgroup\">\n<div class=\"page-title-head hgroup\">\n<div class=\"page-title-head hgroup\">\n<div class=\"page-title-head hgroup\">\n<div class=\"page-title-head hgroup\">\n<div class=\"b654a4as d2edcug0\">\n<div>\n<hr \/>\n<\/div>\n<\/div>\n<div>\n<div>\n<p>&nbsp;<\/p>\n<\/div>\n<div>\n<div>\n<p>&nbsp;<\/p>\n<\/div>\n<div>\n<div>\n<p><strong>DUE MINUTI UN LIBRO, TUTTI I GIORNI ALLA RADIO ALLE 9.40 E ALLE 17.50<\/strong><\/p>\n<div>\n<div>\n<p><strong>LA RACCOLTA COMPLETA\u00a0\u00a0<\/strong><\/p>\n<\/div>\n<div>\n<blockquote class=\"wp-embedded-content\" data-secret=\"8vafYd5Z9Z\"><p><a href=\"https:\/\/www.radiopiu.net\/wordpress\/due-minuti-un-libro\/\">Due minuti un libro<\/a><\/p><\/blockquote>\n<p><iframe loading=\"lazy\" class=\"wp-embedded-content\" sandbox=\"allow-scripts\" security=\"restricted\" style=\"position: absolute; clip: rect(1px, 1px, 1px, 1px);\" title=\"&#8220;Due minuti un libro&#8221; &#8212; Radio Pi\u00f9\" src=\"https:\/\/www.radiopiu.net\/wordpress\/due-minuti-un-libro\/embed\/#?secret=8vafYd5Z9Z\" data-secret=\"8vafYd5Z9Z\" width=\"600\" height=\"338\" frameborder=\"0\" marginwidth=\"0\" marginheight=\"0\" scrolling=\"no\"><\/iframe><\/p>\n<p>&nbsp;<\/p>\n<\/div>\n<\/div>\n<\/div>\n<div class=\"mkdf-post-text\">\n<div class=\"mkdf-post-text-inner\">\n<div class=\"mkdf-post-text-main\">\n<div class=\"mkdf-post-text\">\n<div class=\"mkdf-post-text-inner\">\n<div class=\"mkdf-post-text-main\">\n<div class=\"mkdf-post-text\">\n<div class=\"mkdf-post-text-inner\">\n<div class=\"mkdf-post-text-main\">\n<div class=\"page-title-head hgroup\">\n<div class=\"page-title-head hgroup\">\n<div class=\"mkdf-post-text\">\n<div class=\"mkdf-post-text-inner\">\n<div class=\"mkdf-post-text-main\">\n<div class=\"mkdf-post-text\">\n<div class=\"mkdf-post-text-inner\">\n<div class=\"mkdf-post-text-main\">\n<div class=\"page-title-head hgroup\">\n<div class=\"page-title-head hgroup\">\n<div class=\"page-title-head hgroup\">\n<div class=\"page-title-head hgroup\">\n<div class=\"b654a4as d2edcug0\">\n<div class=\"page-title-head hgroup\">\n<div class=\"page-title-head hgroup\">\n<div class=\"page-title-head hgroup\">\n<div class=\"page-title-head hgroup\">\n<div class=\"b654a4as d2edcug0\">\n<div class=\"page-title-head hgroup\">\n<div class=\"page-title-head hgroup\">\n<div class=\"page-title-head hgroup\">\n<div class=\"page-title-head hgroup\">\n<div class=\"b654a4as d2edcug0\">\n<div>\n<p>&nbsp;<\/p>\n<\/div>\n<div>\n<hr \/>\n<p>&nbsp;<\/p>\n<\/div>\n<h2><span style=\"color: #808000;\">L&#8217;ALMANACCO LADINO\u00a0\u00a0<\/span><\/h2>\n<p><strong>PUNTATA DEL 22 NOVEMBRE<\/strong><\/p>\n<audio class=\"wp-audio-shortcode\" id=\"audio-244854-15\" preload=\"none\" style=\"width: 100%;\" controls=\"controls\"><source type=\"audio\/mpeg\" src=\"https:\/\/www.radiopiu.net\/wordpress\/wp-content\/uploads\/2021\/11\/71\u00b0Almanacco-Ladino_Fodom-1.mp3?_=15\" \/><a href=\"https:\/\/www.radiopiu.net\/wordpress\/wp-content\/uploads\/2021\/11\/71\u00b0Almanacco-Ladino_Fodom-1.mp3\">https:\/\/www.radiopiu.net\/wordpress\/wp-content\/uploads\/2021\/11\/71\u00b0Almanacco-Ladino_Fodom-1.mp3<\/a><\/audio>\n<p>&nbsp;<\/p>\n<p><strong>LA RACCOLTA<\/strong><\/p>\n<blockquote class=\"wp-embedded-content\" data-secret=\"QRvT9vrQF9\"><p><a href=\"https:\/\/www.radiopiu.net\/wordpress\/almanacco-ladino\/\">Almanacco Ladino<\/a><\/p><\/blockquote>\n<p><iframe loading=\"lazy\" class=\"wp-embedded-content\" sandbox=\"allow-scripts\" security=\"restricted\" style=\"position: absolute; clip: rect(1px, 1px, 1px, 1px);\" title=\"&#8220;Almanacco Ladino&#8221; &#8212; Radio Pi\u00f9\" src=\"https:\/\/www.radiopiu.net\/wordpress\/almanacco-ladino\/embed\/#?secret=QRvT9vrQF9\" data-secret=\"QRvT9vrQF9\" width=\"600\" height=\"338\" frameborder=\"0\" marginwidth=\"0\" marginheight=\"0\" scrolling=\"no\"><\/iframe><\/p>\n<hr \/>\n<p>&nbsp;<\/p>\n<h2><span style=\"color: #33cccc;\">LA RASSEGNA STAMPA DA L&#8217;AMICO DEL POPOLO<\/span><\/h2>\n<p><strong><a href=\"https:\/\/www.radiopiu.net\/wordpress\/la-rassegna-stampa-da-lamico-del-popolo-20-novembre-2021\/gioco-azzardo-slot-machines\/\" rel=\"attachment wp-att-244008\"><img loading=\"lazy\" decoding=\"async\" class=\"size-medium wp-image-244008 alignleft\" src=\"https:\/\/www.radiopiu.net\/wordpress\/wp-content\/uploads\/2021\/11\/gioco-azzardo-slot-machines-300x169.jpg\" alt=\"\" width=\"300\" height=\"169\" srcset=\"https:\/\/www.radiopiu.net\/wordpress\/wp-content\/uploads\/2021\/11\/gioco-azzardo-slot-machines-300x169.jpg 300w, https:\/\/www.radiopiu.net\/wordpress\/wp-content\/uploads\/2021\/11\/gioco-azzardo-slot-machines-1024x576.jpg 1024w, https:\/\/www.radiopiu.net\/wordpress\/wp-content\/uploads\/2021\/11\/gioco-azzardo-slot-machines-768x432.jpg 768w, https:\/\/www.radiopiu.net\/wordpress\/wp-content\/uploads\/2021\/11\/gioco-azzardo-slot-machines-1536x864.jpg 1536w, https:\/\/www.radiopiu.net\/wordpress\/wp-content\/uploads\/2021\/11\/gioco-azzardo-slot-machines.jpg 1920w\" sizes=\"auto, (max-width: 300px) 100vw, 300px\" \/><\/a>PUNTATA DEL 20 NOVEMBRE 2021<\/strong><\/p>\n<p><strong>di Gianni Santomaso<\/strong><\/p>\n<p>Ospite: Paolo Bello, dipartimento dipendenza ULSS 1 Dolomiti<\/p>\n<audio class=\"wp-audio-shortcode\" id=\"audio-244854-16\" preload=\"none\" style=\"width: 100%;\" controls=\"controls\"><source type=\"audio\/mpeg\" src=\"https:\/\/www.radiopiu.net\/wordpress\/wp-content\/uploads\/2021\/11\/RASSEGNA-GIANNI-2.mp3?_=16\" \/><a href=\"https:\/\/www.radiopiu.net\/wordpress\/wp-content\/uploads\/2021\/11\/RASSEGNA-GIANNI-2.mp3\">https:\/\/www.radiopiu.net\/wordpress\/wp-content\/uploads\/2021\/11\/RASSEGNA-GIANNI-2.mp3<\/a><\/audio>\n<p>&nbsp;<\/p>\n<p><strong>LA RACCOLTA COMPLETA<\/strong><\/p>\n<blockquote class=\"wp-embedded-content\" data-secret=\"fRzACi5n32\"><p><a href=\"https:\/\/www.radiopiu.net\/wordpress\/rassegna-stampa-di-gianni-santomaso\/\">Rassegna stampa da l&#8217;amico del popolo &#8211; di Gianni Santomaso<\/a><\/p><\/blockquote>\n<p><iframe loading=\"lazy\" class=\"wp-embedded-content\" sandbox=\"allow-scripts\" security=\"restricted\" style=\"position: absolute; clip: rect(1px, 1px, 1px, 1px);\" title=\"&#8220;Rassegna stampa da l&#8217;amico del popolo &#8211; di Gianni Santomaso&#8221; &#8212; Radio Pi\u00f9\" src=\"https:\/\/www.radiopiu.net\/wordpress\/rassegna-stampa-di-gianni-santomaso\/embed\/#?secret=fRzACi5n32\" data-secret=\"fRzACi5n32\" width=\"600\" height=\"338\" frameborder=\"0\" marginwidth=\"0\" marginheight=\"0\" scrolling=\"no\"><\/iframe><\/p>\n<p>&nbsp;<\/p>\n<p>&nbsp;<\/p>\n<hr \/>\n<p>&nbsp;<\/p>\n<h2><span style=\"color: #800080;\">I RACCONTI DI PAOLO SOPPELSA<\/span><\/h2>\n<p><strong>LA RACCOLTA COMPLETA<\/strong><\/p>\n<blockquote class=\"wp-embedded-content\" data-secret=\"olkyTyOnoL\"><p><a href=\"https:\/\/www.radiopiu.net\/wordpress\/i-racconti-di-paolo-soppelsa\/\">I racconti di Paolo Soppelsa<\/a><\/p><\/blockquote>\n<p><iframe loading=\"lazy\" class=\"wp-embedded-content\" sandbox=\"allow-scripts\" security=\"restricted\" style=\"position: absolute; clip: rect(1px, 1px, 1px, 1px);\" title=\"&#8220;I racconti di Paolo Soppelsa&#8221; &#8212; Radio Pi\u00f9\" src=\"https:\/\/www.radiopiu.net\/wordpress\/i-racconti-di-paolo-soppelsa\/embed\/#?secret=olkyTyOnoL\" data-secret=\"olkyTyOnoL\" width=\"600\" height=\"338\" frameborder=\"0\" marginwidth=\"0\" marginheight=\"0\" scrolling=\"no\"><\/iframe><\/p>\n<p>&nbsp;<\/p>\n<hr \/>\n<\/div>\n<div class=\"b654a4as d2edcug0\">\n<p>&nbsp;<\/p>\n<p><a href=\"https:\/\/www.radiopiu.net\/wordpress\/giornale-radiopiu-26-settembre-2018-direttore-mirko-mezzacasa\/viabilita-2\/\" rel=\"attachment wp-att-61954\"><img loading=\"lazy\" decoding=\"async\" class=\"aligncenter wp-image-61954 size-full\" src=\"https:\/\/www.radiopiu.net\/wordpress\/wp-content\/uploads\/2018\/09\/viabilita.jpeg\" sizes=\"auto, (max-width: 800px) 100vw, 800px\" srcset=\"https:\/\/www.radiopiu.net\/wordpress\/wp-content\/uploads\/2018\/09\/viabilita.jpeg 800w, https:\/\/www.radiopiu.net\/wordpress\/wp-content\/uploads\/2018\/09\/viabilita-300x38.jpeg 300w, https:\/\/www.radiopiu.net\/wordpress\/wp-content\/uploads\/2018\/09\/viabilita-768x96.jpeg 768w\" alt=\"\" width=\"800\" height=\"100\" \/><\/a><\/p>\n<div class=\"ecm0bbzt e5nlhep0 a8c37x1j\">\n<div class=\"kvgmc6g5 cxmmr5t8 oygrvhab hcukyx3x c1et5uql\">\n<div class=\"gmail-kvgmc6g5 gmail-cxmmr5t8 gmail-oygrvhab gmail-hcukyx3x gmail-c1et5uql gmail-ii04i59q\">\n<div class=\"page-title-head hgroup\">\n<div class=\"page-title-head hgroup\">\n<div class=\"b654a4as d2edcug0\">\n<div class=\"j83agx80 btwxx1t3 lhclo0ds hop8lmos nkwizq5d scwd0bx6 roh60bw9\">\n<div class=\"rq0escxv hkbzh7o3 jwdofwj8 n8tt0mok r8blr3vg hyh9befq\">\n<div class=\"do00u71z l9j0dhe7 k4urcfbm\">\n<div class=\"page-title-head hgroup\">\n<div class=\"page-title-head hgroup\">\n<div class=\"page-title-head hgroup\">\n<div class=\"page-title-head hgroup\">\n<div class=\"b654a4as d2edcug0\">\n<div class=\"page-title-head hgroup\">\n<div class=\"page-title-head hgroup\">\n<div class=\"page-title-head hgroup\">\n<div class=\"page-title-head hgroup\">\n<div class=\"b654a4as d2edcug0\">\n<div class=\"page-title-head hgroup\">\n<div class=\"page-title-head hgroup\">\n<div class=\"page-title-head hgroup\">\n<div class=\"page-title-head hgroup\">\n<div class=\"page-title-head hgroup\">\n<div class=\"page-title-head hgroup\">\n<div class=\"page-title-head hgroup\">\n<div class=\"page-title-head hgroup\">\n<div class=\"page-title-head hgroup\">\n<div class=\"b654a4as d2edcug0\">\n<div class=\"page-title-head hgroup\">\n<div class=\"page-title-head hgroup\">\n<div class=\"page-title-head hgroup\">\n<div class=\"page-title-head hgroup\">\n<div class=\"b654a4as d2edcug0\">\n<div class=\"page-title-head hgroup\">\n<div class=\"page-title-head hgroup\">\n<div class=\"page-title-head hgroup\">\n<div class=\"page-title-head hgroup\">\n<div class=\"page-title-head hgroup\">\n<div class=\"mkdf-post-text\">\n<div class=\"mkdf-post-text-inner\">\n<div class=\"mkdf-post-text-main\">\n<div class=\"mkdf-post-text\">\n<div class=\"mkdf-post-text-inner\">\n<div class=\"mkdf-post-text-main\">\n<div class=\"mkdf-post-text\">\n<div class=\"mkdf-post-text-inner\">\n<div class=\"mkdf-post-text-main\">\n<div class=\"page-title-head hgroup\">\n<div class=\"page-title-head hgroup\">\n<div class=\"mkdf-post-text\">\n<div class=\"mkdf-post-text-inner\">\n<div class=\"mkdf-post-text-main\">\n<div class=\"mkdf-post-text\">\n<div class=\"mkdf-post-text-inner\">\n<div class=\"mkdf-post-text-main\">\n<div class=\"page-title-head hgroup\">\n<div class=\"page-title-head hgroup\">\n<div class=\"page-title-head hgroup\">\n<div class=\"page-title-head hgroup\">\n<div class=\"b654a4as d2edcug0\">\n<div class=\"page-title-head hgroup\">\n<div class=\"page-title-head hgroup\">\n<div class=\"page-title-head hgroup\">\n<div class=\"page-title-head hgroup\">\n<div class=\"b654a4as d2edcug0\">\n<div class=\"page-title-head hgroup\">\n<div class=\"page-title-head hgroup\">\n<div class=\"page-title-head hgroup\">\n<div class=\"page-title-head hgroup\">\n<div class=\"b654a4as d2edcug0\">\n<p>&nbsp;<\/p>\n<p><strong>SR 48 DELLE DOLOMITI<\/strong> fino al 17 dicembre senso unico alternato regolato da semaforo &#8211; esclusi festivi e prefestivi &#8211; in localit\u00e0 Bosco Ruaz.<\/p>\n<p><strong>PONTE BAILEY A BELLUNO<\/strong>: Fino al 4 dicembre chiusura totale<\/p>\n<p><strong>SP 251 VAL DI ZOLDO E CELLINA<\/strong> fino al 22 dicembre interruzioni alla viabilit\u00e0 della durata massima di 10 minuti e senso unico alternato nei periodi non interessati dalle interruzioni nel comune di Val di Zoldo<\/p>\n<p><strong>SP 40 VAL SENAIGA<\/strong> interdizione totale al transito in comune di Lamon fino al 26 novembre, inclusi sabato e domenica, con deviazione del traffico su viabilit\u00e0 comunale<\/p>\n<p><strong>SR 203 AGORDINA<\/strong> Fino al 17 dicembre, esclusi sabato domenica e festivi infrasettimanali, restringimento della careggiata con divieto di sorpasso e limitazione ai 50 km\/h in comune di La Valle per lavori sul margine della carreggiata<\/p>\n<p><strong>SP 422 DELL&#8217;ALPAGO E DEL<\/strong> <strong>CANSIGLIO<\/strong> Fino al 17 dicembre senso unico alternato con semaforo in localit\u00e0 Cornei di Alpago per posa cavidotti<\/p>\n<p>&nbsp;<\/p>\n<hr \/>\n<p>&nbsp;<\/p>\n<\/div>\n<div class=\"b654a4as d2edcug0\">\n<div class=\"ecm0bbzt e5nlhep0 a8c37x1j\">\n<div class=\"kvgmc6g5 cxmmr5t8 oygrvhab hcukyx3x c1et5uql\">\n<div class=\"gmail-kvgmc6g5 gmail-cxmmr5t8 gmail-oygrvhab gmail-hcukyx3x gmail-c1et5uql gmail-ii04i59q\">\n<div>\n<div class=\"page-title-head hgroup\">\n<div class=\"page-title-head hgroup\">\n<div class=\"b654a4as d2edcug0\">\n<div class=\"j83agx80 btwxx1t3 lhclo0ds hop8lmos nkwizq5d scwd0bx6 roh60bw9\">\n<div class=\"rq0escxv hkbzh7o3 jwdofwj8 n8tt0mok r8blr3vg hyh9befq\">\n<div class=\"do00u71z l9j0dhe7 k4urcfbm\">\n<div>\n<div class=\"page-title-head hgroup\">\n<div class=\"page-title-head hgroup\">\n<div class=\"page-title-head hgroup\">\n<div class=\"page-title-head hgroup\">\n<div class=\"b654a4as d2edcug0\">\n<div class=\"page-title-head hgroup\">\n<div class=\"page-title-head hgroup\">\n<div class=\"page-title-head hgroup\">\n<div class=\"page-title-head hgroup\">\n<div class=\"b654a4as d2edcug0\">\n<div class=\"page-title-head hgroup\">\n<div class=\"page-title-head hgroup\">\n<div class=\"page-title-head hgroup\">\n<div class=\"page-title-head hgroup\">\n<div class=\"page-title-head hgroup\">\n<div class=\"mkdf-post-text\">\n<div class=\"mkdf-post-text-inner\">\n<div class=\"mkdf-post-text-main\">\n<div class=\"mkdf-post-text\">\n<div class=\"mkdf-post-text-inner\">\n<div class=\"mkdf-post-text-main\">\n<div class=\"mkdf-post-text\">\n<div class=\"mkdf-post-text-inner\">\n<div class=\"mkdf-post-text-main\">\n<div class=\"page-title-head hgroup\">\n<div class=\"page-title-head hgroup\">\n<div class=\"mkdf-post-text\">\n<div class=\"mkdf-post-text-inner\">\n<div class=\"mkdf-post-text-main\">\n<div class=\"mkdf-post-text\">\n<div class=\"mkdf-post-text-inner\">\n<div class=\"mkdf-post-text-main\">\n<div>\n<div class=\"page-title-head hgroup\">\n<div class=\"page-title-head hgroup\">\n<div>\n<div class=\"page-title-head hgroup\">\n<div class=\"page-title-head hgroup\">\n<div class=\"b654a4as d2edcug0\">\n<div>\n<div class=\"page-title-head hgroup\" style=\"text-align: left;\">\n<div class=\"page-title-head hgroup\">\n<div dir=\"auto\">\n<p><a class=\"dt-pswp-item pspw-wrap-ready\" href=\"https:\/\/i0.wp.com\/www.radiopiu.net\/wordpress\/wp-content\/uploads\/2018\/09\/WhatsApp-Image-2018-09-20-at-16.04.06.jpeg?ssl=1\" data-dt-img-description=\"\" data-large_image_width=\"800\" data-large_image_height=\"100\"><img loading=\"lazy\" decoding=\"async\" class=\"aligncenter wp-image-61378 size-full jetpack-lazy-image jetpack-lazy-image--handled\" src=\"https:\/\/i0.wp.com\/www.radiopiu.net\/wordpress\/wp-content\/uploads\/2018\/09\/WhatsApp-Image-2018-09-20-at-16.04.06.jpeg?resize=800%2C100&amp;ssl=1\" sizes=\"auto, (max-width: 800px) 100vw, 800px\" srcset=\"https:\/\/i0.wp.com\/www.radiopiu.net\/wordpress\/wp-content\/uploads\/2018\/09\/WhatsApp-Image-2018-09-20-at-16.04.06.jpeg?w=800&amp;ssl=1 800w, https:\/\/i0.wp.com\/www.radiopiu.net\/wordpress\/wp-content\/uploads\/2018\/09\/WhatsApp-Image-2018-09-20-at-16.04.06.jpeg?resize=300%2C38&amp;ssl=1 300w, https:\/\/i0.wp.com\/www.radiopiu.net\/wordpress\/wp-content\/uploads\/2018\/09\/WhatsApp-Image-2018-09-20-at-16.04.06.jpeg?resize=768%2C96&amp;ssl=1 768w\" alt=\"\" width=\"800\" height=\"100\" data-lazy-loaded=\"1\" \/><\/a><\/p>\n<\/div>\n<\/div>\n<\/div>\n<\/div>\n<\/div>\n<\/div>\n<\/div>\n<\/div>\n<\/div>\n<\/div>\n<\/div>\n<\/div>\n<\/div>\n<\/div>\n<\/div>\n<\/div>\n<\/div>\n<\/div>\n<\/div>\n<\/div>\n<\/div>\n<\/div>\n<\/div>\n<\/div>\n<\/div>\n<\/div>\n<\/div>\n<\/div>\n<\/div>\n<\/div>\n<\/div>\n<\/div>\n<\/div>\n<\/div>\n<\/div>\n<\/div>\n<\/div>\n<\/div>\n<\/div>\n<\/div>\n<\/div>\n<\/div>\n<\/div>\n<\/div>\n<p>&nbsp;<\/p>\n<\/div>\n<\/div>\n<\/div>\n<\/div>\n<\/div>\n<\/div>\n<\/div>\n<\/div>\n<\/div>\n<\/div>\n<\/div>\n<\/div>\n<\/div>\n<\/div>\n<\/div>\n<\/div>\n<\/div>\n<\/div>\n<\/div>\n<\/div>\n<\/div>\n<\/div>\n<\/div>\n<\/div>\n<\/div>\n<\/div>\n<\/div>\n<\/div>\n<\/div>\n<\/div>\n<\/div>\n<\/div>\n<\/div>\n<\/div>\n<\/div>\n<\/div>\n<\/div>\n<\/div>\n<\/div>\n<\/div>\n<\/div>\n<\/div>\n<\/div>\n<\/div>\n<\/div>\n<\/div>\n<\/div>\n<\/div>\n<\/div>\n<\/div>\n<\/div>\n<\/div>\n<\/div>\n<\/div>\n<\/div>\n<\/div>\n<\/div>\n<\/div>\n<\/div>\n<\/div>\n<\/div>\n<\/div>\n<\/div>\n<\/div>\n<\/div>\n<\/div>\n<\/div>\n<\/div>\n<\/div>\n<\/div>\n<\/div>\n<\/div>\n<\/div>\n<\/div>\n<\/div>\n<\/div>\n<\/div>\n<\/div>\n<\/div>\n<\/div>\n<\/div>\n<\/div>\n<\/div>\n<\/div>\n<\/div>\n<\/div>\n<\/div>\n<\/div>\n<\/div>\n<\/div>\n<\/div>\n<\/div>\n<\/div>\n<\/div>\n<\/div>\n<\/div>\n<\/div>\n<\/div>\n<\/div>\n<\/div>\n<\/div>\n<\/div>\n<\/div>\n<\/div>\n<\/div>\n<\/div>\n<\/div>\n<\/div>\n<\/div>\n<\/div>\n<\/div>\n<\/div>\n<\/div>\n<\/div>\n<\/div>\n<\/div>\n<\/div>\n<\/div>\n<\/div>\n<\/div>\n<\/div>\n<\/div>\n<\/div>\n<\/div>\n<\/div>\n<\/div>\n<\/div>\n<\/div>\n<\/div>\n<\/div>\n<\/div>\n<\/div>\n<\/div>\n<\/div>\n<\/div>\n<\/div>\n<\/div>\n<\/div>\n<\/div>\n<\/div>\n<\/div>\n<\/div>\n<\/div>\n<\/div>\n<\/div>\n<\/div>\n<\/div>\n<\/div>\n<\/div>\n<\/div>\n<\/div>\n<\/div>\n<\/div>\n<\/div>\n<\/div>\n<\/div>\n<\/div>\n<\/div>\n<\/div>\n<\/div>\n<\/div>\n<\/div>\n<\/div>\n<\/div>\n<p><center><b>Venerdi 26<\/b><\/center><b>Tempo atteso: <\/b>I monti veneti saranno ai margini di un ritorno da est con copertura nuvolosa ancora assai estesa e compatta, eccetto qualche chance di tratti soleggiati, pi\u00f9 probabile sulle Prealpi, specie quelle occidentali. Non escluso qualche modesto fenomeno sui settori orientali, mentre altrove gli stessi saranno pi\u00f9 radi. Nuovo peggioramento alla sera. Contesto fresco ed umido nelle valli, freddo oltre i 1600\/1800 m.<br \/>\n<b>Precipitazioni: <\/b>Nottetempo residue debolissime precipitazioni, nevose oltre i 1200-1500 m (40\/60%), magari anche al primo mattino sulle Prealpi orientali (50\/60%). In giornata qualche precipitazioni verso est (30\/40%), mentre la probabilit\u00e0 sar\u00e0 minore sui settori occidentali (10\/20%). Verso sera ripresa della precipitazioni (60\/80%). Il limite della neve serale sar\u00e0 a 1000\/1200 m, localmente pi\u00f9 basso sulle Dolomiti.<br \/>\n<b>Temperature: <\/b>In lieve calo rispetto a gioved\u00ec, eccetto ripresa delle minime nelle valli. In quota le minime saranno raggiunte in serata. le punte massime saranno in diminuzione di 1\/2\u00b0C circa. Su Prealpi a 1500 m min 1\u00b0C max 2\u00b0C, a 2000 m min -3\u00b0C max -2\u00b0C. Su Dolomiti a 2000 m min -3\u00b0C max -2\u00b0C, a 3000 m min -9\u00b0C max -7\u00b0C.<br \/>\n<b>Venti: <\/b>Nelle valli perlopi\u00f9 deboli di direzione variabili; in quota deboli o moderati occidentali al mattino e da sud-ovest nel pomeriggio a 5-15 km\/h a 2000 m, a 10-20 km\/h a 3000 m.<\/p>\n<hr \/>\n<p><center><b>Sabato 27<\/b><\/center><b>Tempo atteso: <\/b>Tempo perturbato con cielo coperto e precipitazioni spesso diffuse. Le fasi pi\u00f9 acute dovrebbero verificarsi nottetempo\/primo mattino e nel tardo pomeriggio\/sera, mentre ci sar\u00e0 un&#8217;attenuazione del maltempo in giornata. Debole escursione termica giornaliera e contesto termico invernale oltre gli 800\/1000 m.<br \/>\n<b>Precipitazioni: <\/b>Probabilit\u00e0 molto alta nottetempo e parte del mattino (90\/100%) per precipitazioni diffuse, spesso di moderata intensit\u00e0. In giornata attenuazione dei fenomeni che diventeranno sparsi e spesso deboli, prima di una nuova intensificazione degli stessi in serata. Il limite neve sar\u00e0 attorno ai 700\/900 m, ma potr\u00e0 scendere fino sui 500\/600 m sia sulle Dolomiti che sulle Prealpi qualora l&#8217;intensit\u00e0 lo consentisse. I cumuli complessivi tra venerd\u00ec e sabato saranno di 20-30 mm sulle Dolomiti e 30-40 mm, con altrettanti cm di neve attorno ai 1500\/1600 m.<br \/>\n<b>Temperature: <\/b>In ulteriore lieve calo in un contesto sempre pi\u00f9 invernale, specie in alta quota. Su Prealpi a 1500 m min -3\u00b0C max -2\u00b0C, a 2000 m min -5\u00b0C max -4\u00b0C. Su Dolomiti a 2000 m min -6\u00b0C max -4\u00b0C, a 3000 m min -12\u00b0C max -11\u00b0C.<br \/>\n<b>Venti: <\/b>Nelle valli perlopi\u00f9 deboli di direzione variabili; in quota moderati\/tesi dai quadranti meridionali, anche per richiamo sciroccale sui 1500\/2000 m. Al pomeriggio diventeranno forti sulle cime pi\u00f9 alte, a 10-30 km\/h a 2000 m, a 30-50 km\/h a 3000 m.<\/p>\n<hr \/>\n<p><center><b>Domenica 28<\/b><\/center>Nella notte residuo maltempo con precipitazioni in esaurimento entro il primo mattino, nevose oltre i 500\/600 m su Dolomiti e 600\/700 m su Prealpi. Al mattino tempo variabile con nuvolosit\u00e0 ancora predominante, specie sulle Dolomiti, dove un po&#8217; di nevischio potrebbe ancora verificarsi sporadicamente. Al pomeriggio attenuazione della nuvolosit\u00e0 e rasserenamenti via via pi\u00f9 ampi. Temperature in calo. Venti deboli variabili nelle valli, prima di qualche rinforzo per locali episodi di Foehn tra il pomeriggio e la sera.<\/p>\n<hr \/>\n<p><center><b>Lunedi 29<\/b><\/center>Eventuale parziale situazione di favonio con prevalenza di tempo soleggiato e cielo sereno o poco nuvoloso per temporanee nubi lenticolare. Aria limpida e Ottima visibilit\u00e0. Generale calo delle temperature in quota, mentre nelle valli occorrer\u00e0 considerare qualche locale rialzo in caso di condizioni di Foehn. In quota rinforzo dei venti da nord in giornata. Previsore: R.L.Th.<\/p>\n<p>&nbsp;<\/p>\n<hr \/>\n<p>&nbsp;<\/p>\n<div class=\"mkdf-post-text\">\n<div class=\"mkdf-post-text-inner\">\n<p><a href=\"https:\/\/www.radiopiu.net\/wordpress\/giornale-radiopiu-15-settembre-2018-direttore-mirko-mezzacasa\/sport-7\/\" rel=\"attachment wp-att-60761\"><img loading=\"lazy\" decoding=\"async\" class=\"wp-image-60761 size-full aligncenter\" src=\"https:\/\/www.radiopiu.net\/wordpress\/wp-content\/uploads\/2018\/09\/sport.jpg\" alt=\"\" width=\"800\" height=\"100\" srcset=\"https:\/\/www.radiopiu.net\/wordpress\/wp-content\/uploads\/2018\/09\/sport.jpg 800w, https:\/\/www.radiopiu.net\/wordpress\/wp-content\/uploads\/2018\/09\/sport-300x38.jpg 300w, https:\/\/www.radiopiu.net\/wordpress\/wp-content\/uploads\/2018\/09\/sport-768x96.jpg 768w\" sizes=\"auto, (max-width: 800px) 100vw, 800px\" \/><\/a><\/p>\n<\/div>\n<\/div>\n<p>&nbsp;<\/p>\n<blockquote>\n<h3>LA VALLE VETERANI IN DIFFICOLTA&#8217;, GLI INFORTUNI DECIMANO LA SQUADRA<\/h3>\n<\/blockquote>\n<p><strong><a href=\"https:\/\/www.radiopiu.net\/wordpress\/lottimo-fine-settimana-di-agordina-e-keralpen\/calcio-2021-2\/\" rel=\"attachment wp-att-242798\"><img loading=\"lazy\" decoding=\"async\" class=\" wp-image-242798 alignleft\" src=\"https:\/\/www.radiopiu.net\/wordpress\/wp-content\/uploads\/2021\/11\/CALCIO-2021-300x200.jpg\" alt=\"\" width=\"176\" height=\"117\" srcset=\"https:\/\/www.radiopiu.net\/wordpress\/wp-content\/uploads\/2021\/11\/CALCIO-2021-300x200.jpg 300w, https:\/\/www.radiopiu.net\/wordpress\/wp-content\/uploads\/2021\/11\/CALCIO-2021-1024x683.jpg 1024w, https:\/\/www.radiopiu.net\/wordpress\/wp-content\/uploads\/2021\/11\/CALCIO-2021-768x512.jpg 768w, https:\/\/www.radiopiu.net\/wordpress\/wp-content\/uploads\/2021\/11\/CALCIO-2021-1536x1024.jpg 1536w, https:\/\/www.radiopiu.net\/wordpress\/wp-content\/uploads\/2021\/11\/CALCIO-2021-2048x1366.jpg 2048w\" sizes=\"auto, (max-width: 176px) 100vw, 176px\" \/><\/a>LA VALLE<\/strong> Periodo nero per il La Valle Veterani del Campionato Over CSI. La squadra allenata da Dario Mezzacasa ha dovuto rinviare l&#8217;ultima partita in programma a causa dello scarso organico a disposizione. Nelle ultime partite sono stati tanti gli infortuni, anche seri, che hanno colpito i giocatori lavallesi e in questo momento il mister non riesce a presentare un undici titolare. Una situazione che non si risolver\u00e0 in tempi brevi.<\/p>\n<p><strong>DARIO MEZZACASA, ALLENATORE DEL LA VALLE VETERANI<\/strong><\/p>\n<audio class=\"wp-audio-shortcode\" id=\"audio-244854-17\" preload=\"none\" style=\"width: 100%;\" controls=\"controls\"><source type=\"audio\/mpeg\" src=\"https:\/\/www.radiopiu.net\/wordpress\/wp-content\/uploads\/2021\/11\/DARIO-MEZZACASA.mp3?_=17\" \/><a href=\"https:\/\/www.radiopiu.net\/wordpress\/wp-content\/uploads\/2021\/11\/DARIO-MEZZACASA.mp3\">https:\/\/www.radiopiu.net\/wordpress\/wp-content\/uploads\/2021\/11\/DARIO-MEZZACASA.mp3<\/a><\/audio>\n<p>&nbsp;<\/p>\n<hr \/>\n<p>&nbsp;<\/p>\n<blockquote>\n<h3>ENRICA DONADON, LA MENTAL-COACH DELLA DA ROLD LOGISTIC BELLUNO<\/h3>\n<\/blockquote>\n<p><strong><a href=\"https:\/\/www.radiopiu.net\/wordpress\/giornale-radiopiu-26-novembre-2021-direttore-mirko-mezzacasa\/erica_donadon_mental_coach\/\" rel=\"attachment wp-att-244920\"><img loading=\"lazy\" decoding=\"async\" class=\"size-medium wp-image-244920 alignleft\" src=\"https:\/\/www.radiopiu.net\/wordpress\/wp-content\/uploads\/2021\/11\/Erica_Donadon_mental_coach-300x226.jpg\" alt=\"\" width=\"300\" height=\"226\" srcset=\"https:\/\/www.radiopiu.net\/wordpress\/wp-content\/uploads\/2021\/11\/Erica_Donadon_mental_coach-300x226.jpg 300w, https:\/\/www.radiopiu.net\/wordpress\/wp-content\/uploads\/2021\/11\/Erica_Donadon_mental_coach-1024x773.jpg 1024w, https:\/\/www.radiopiu.net\/wordpress\/wp-content\/uploads\/2021\/11\/Erica_Donadon_mental_coach-768x580.jpg 768w, https:\/\/www.radiopiu.net\/wordpress\/wp-content\/uploads\/2021\/11\/Erica_Donadon_mental_coach-1536x1160.jpg 1536w, https:\/\/www.radiopiu.net\/wordpress\/wp-content\/uploads\/2021\/11\/Erica_Donadon_mental_coach-2048x1546.jpg 2048w\" sizes=\"auto, (max-width: 300px) 100vw, 300px\" \/><\/a>BELLUNO <\/strong>\u00abLa mente non \u00e8 un vaso da riempire, ma un fuoco da accendere\u00bb, sosteneva Plutarco. E, nella Da Rold Logistics Belluno, quel fuoco ora divampa con forza e vigore. Perch\u00e9 la squadra muove la classifica da cinque turni di fila, ha ottenuto due successi in sequenza (compreso il primo assoluto, lontano dalle mura amiche) ed \u00e8 settima nella classifica di Serie A3 Credem Banca. Cos\u00ec, domenica (ore 16, alla Spes Arena) prover\u00e0 ad allungare la striscia positiva contro la Monge-Gerbaudo Savigliano.\u00a0 Ma se la citazione dell\u2019autore e filosofo greco \u00e8 vera &#8211; e lo \u00e8 &#8211; allora appare evidente che per accendere quel fuoco, e quindi la mente, servisse una figura speciale. Una professionista. Insomma, serviva Erica Donadon: la mental coach. \u00abRingrazio il presidente Sandro Da Rold per aver creduto nelle mie capacit\u00e0, nell\u2019intento di offrire un valore aggiunto alla squadra. Nello specifico, mi occupo di curare gli aspetti motivazionali legati all\u2019atleta: alle sue performance e alla vita sportiva\u00bb.<\/p>\n<p>&nbsp;<\/p>\n<\/div>\n<\/div>\n<\/div>\n<\/div>\n<\/div>\n<\/div>\n<\/div>\n","protected":false},"excerpt":{"rendered":"<p>INFORMAZIONE il canale su TELEGRAM informazione di prima mano e in tempo reale. iscriviti ed aiutaci a farlo conoscere\u00a0 &nbsp; &nbsp; &nbsp; La Croce Verde Val Biois, causa la carenza di volontari, ha emanato il calendario con i disservizi del mese di novembre. Il calendario provvisorio: LUNEDI&#8217; 29 NOVEMBRE 2021 DALLE ORE 6:00 ALLE ORE&hellip;<\/p>\n","protected":false},"author":4,"featured_media":245033,"comment_status":"closed","ping_status":"open","sticky":false,"template":"","format":"standard","meta":{"_monsterinsights_skip_tracking":false,"_monsterinsights_sitenote_active":false,"_monsterinsights_sitenote_note":"","_monsterinsights_sitenote_category":0,"footnotes":""},"categories":[51,86,49],"tags":[],"class_list":["post-244854","post","type-post","status-publish","format-standard","has-post-thumbnail","hentry","category-evidenza-top","category-gr","category-news-18","category-51","category-86","category-49","description-off"],"img_url":"https:\/\/www.radiopiu.net\/wordpress\/wp-content\/uploads\/2021\/11\/473d272e-2115-4daf-ad12-4bcf02086d5e.jpg","_links":{"self":[{"href":"https:\/\/www.radiopiu.net\/wordpress\/wp-json\/wp\/v2\/posts\/244854","targetHints":{"allow":["GET"]}}],"collection":[{"href":"https:\/\/www.radiopiu.net\/wordpress\/wp-json\/wp\/v2\/posts"}],"about":[{"href":"https:\/\/www.radiopiu.net\/wordpress\/wp-json\/wp\/v2\/types\/post"}],"author":[{"embeddable":true,"href":"https:\/\/www.radiopiu.net\/wordpress\/wp-json\/wp\/v2\/users\/4"}],"replies":[{"embeddable":true,"href":"https:\/\/www.radiopiu.net\/wordpress\/wp-json\/wp\/v2\/comments?post=244854"}],"version-history":[{"count":0,"href":"https:\/\/www.radiopiu.net\/wordpress\/wp-json\/wp\/v2\/posts\/244854\/revisions"}],"wp:featuredmedia":[{"embeddable":true,"href":"https:\/\/www.radiopiu.net\/wordpress\/wp-json\/wp\/v2\/media\/245033"}],"wp:attachment":[{"href":"https:\/\/www.radiopiu.net\/wordpress\/wp-json\/wp\/v2\/media?parent=244854"}],"wp:term":[{"taxonomy":"category","embeddable":true,"href":"https:\/\/www.radiopiu.net\/wordpress\/wp-json\/wp\/v2\/categories?post=244854"},{"taxonomy":"post_tag","embeddable":true,"href":"https:\/\/www.radiopiu.net\/wordpress\/wp-json\/wp\/v2\/tags?post=244854"}],"curies":[{"name":"wp","href":"https:\/\/api.w.org\/{rel}","templated":true}]}}