{"id":244882,"date":"2021-11-25T05:55:13","date_gmt":"2021-11-25T04:55:13","guid":{"rendered":"https:\/\/www.radiopiu.net\/wordpress\/?p=244882"},"modified":"2021-11-25T05:55:14","modified_gmt":"2021-11-25T04:55:14","slug":"lagordino-perde-un-altro-servizio-chiuso-lufficio-siae-di-cencenighe","status":"publish","type":"post","link":"https:\/\/www.radiopiu.net\/wordpress\/lagordino-perde-un-altro-servizio-chiuso-lufficio-siae-di-cencenighe\/","title":{"rendered":"L&#8217;AGORDINO PERDE UN ALTRO SERVIZIO, CHIUSO L&#8217;UFFICIO SIAE DI CENCENIGHE"},"content":{"rendered":"<p>&nbsp;<\/p>\n<blockquote>\n<h3><\/h3>\n<\/blockquote>\n<p><strong><a href=\"https:\/\/www.radiopiu.net\/wordpress\/?attachment_id=244881\" rel=\"attachment wp-att-244881\"><img loading=\"lazy\" decoding=\"async\" class=\" wp-image-244881 alignleft\" src=\"https:\/\/www.radiopiu.net\/wordpress\/wp-content\/uploads\/2021\/11\/th-25-300x151.jpg\" alt=\"\" width=\"153\" height=\"77\" srcset=\"https:\/\/www.radiopiu.net\/wordpress\/wp-content\/uploads\/2021\/11\/th-25-300x151.jpg 300w, https:\/\/www.radiopiu.net\/wordpress\/wp-content\/uploads\/2021\/11\/th-25.jpg 325w\" sizes=\"auto, (max-width: 153px) 100vw, 153px\" \/><\/a>REDAZIONE<\/strong> C&#8217;era Rino Da Campo e c&#8217;era l&#8217;ufficio Siae ad Agordo in localit\u00e0 Pragrande. Con il suo pensionamento subentr\u00f2 Angelo Ramazzina che l&#8217;ufficio lo apr\u00ec a Cencenighe, Nof Filo&#8217;, utilissimo per la vallata. Con l&#8217;uscita di Ramazzina si sono definitivamente chiuse e da mesi le porte dell&#8217;ufficio di Cencenighe con l&#8217;attivit\u00e0 lasciata nelle mani del responsabile del punto Siae di Belluno e Valbelluna che ora si occuper\u00e0 anche dell&#8217;Agordino, facile in tempi di covid con locali chiusi, sagre annullate, eventi cancellati, ma quando inizieranno le stagioni la musica &#8211; per restare in tema &#8211; cambier\u00e0. Per La Siae l&#8217;ufficio di Cencenighe \u00e8 anti economico mentre nella vicina Val di Fassa gli uffici sono aperti e i funzionari in attivit\u00e0 con precisione e vicinanza al territorio<\/p>\n","protected":false},"excerpt":{"rendered":"<p>&nbsp; REDAZIONE C&#8217;era Rino Da Campo e c&#8217;era l&#8217;ufficio Siae ad Agordo in localit\u00e0 Pragrande. Con il suo pensionamento subentr\u00f2 Angelo Ramazzina che l&#8217;ufficio lo apr\u00ec a Cencenighe, Nof Filo&#8217;, utilissimo per la vallata. Con l&#8217;uscita di Ramazzina si sono definitivamente chiuse e da mesi le porte dell&#8217;ufficio di Cencenighe con l&#8217;attivit\u00e0 lasciata nelle mani&hellip;<\/p>\n","protected":false},"author":4,"featured_media":244881,"comment_status":"closed","ping_status":"open","sticky":false,"template":"","format":"standard","meta":{"_monsterinsights_skip_tracking":false,"_monsterinsights_sitenote_active":false,"_monsterinsights_sitenote_note":"","_monsterinsights_sitenote_category":0,"footnotes":""},"categories":[104,49],"tags":[],"class_list":["post-244882","post","type-post","status-publish","format-standard","has-post-thumbnail","hentry","category-evidenza_3","category-news-18","category-104","category-49","description-off"],"img_url":"https:\/\/www.radiopiu.net\/wordpress\/wp-content\/uploads\/2021\/11\/th-25.jpg","_links":{"self":[{"href":"https:\/\/www.radiopiu.net\/wordpress\/wp-json\/wp\/v2\/posts\/244882","targetHints":{"allow":["GET"]}}],"collection":[{"href":"https:\/\/www.radiopiu.net\/wordpress\/wp-json\/wp\/v2\/posts"}],"about":[{"href":"https:\/\/www.radiopiu.net\/wordpress\/wp-json\/wp\/v2\/types\/post"}],"author":[{"embeddable":true,"href":"https:\/\/www.radiopiu.net\/wordpress\/wp-json\/wp\/v2\/users\/4"}],"replies":[{"embeddable":true,"href":"https:\/\/www.radiopiu.net\/wordpress\/wp-json\/wp\/v2\/comments?post=244882"}],"version-history":[{"count":0,"href":"https:\/\/www.radiopiu.net\/wordpress\/wp-json\/wp\/v2\/posts\/244882\/revisions"}],"wp:featuredmedia":[{"embeddable":true,"href":"https:\/\/www.radiopiu.net\/wordpress\/wp-json\/wp\/v2\/media\/244881"}],"wp:attachment":[{"href":"https:\/\/www.radiopiu.net\/wordpress\/wp-json\/wp\/v2\/media?parent=244882"}],"wp:term":[{"taxonomy":"category","embeddable":true,"href":"https:\/\/www.radiopiu.net\/wordpress\/wp-json\/wp\/v2\/categories?post=244882"},{"taxonomy":"post_tag","embeddable":true,"href":"https:\/\/www.radiopiu.net\/wordpress\/wp-json\/wp\/v2\/tags?post=244882"}],"curies":[{"name":"wp","href":"https:\/\/api.w.org\/{rel}","templated":true}]}}