{"id":244956,"date":"2021-11-26T05:12:20","date_gmt":"2021-11-26T04:12:20","guid":{"rendered":"https:\/\/www.radiopiu.net\/wordpress\/?p=244956"},"modified":"2021-11-26T07:56:59","modified_gmt":"2021-11-26T06:56:59","slug":"frana-di-pisoliva-avviato-lintervento-di-messa-in-sicurezza","status":"publish","type":"post","link":"https:\/\/www.radiopiu.net\/wordpress\/frana-di-pisoliva-avviato-lintervento-di-messa-in-sicurezza\/","title":{"rendered":"FRANA DI PISOLIVA, AVVIATO L\u2019INTERVENTO DI MESSA IN SICUREZZA"},"content":{"rendered":"<p><strong><a href=\"https:\/\/www.radiopiu.net\/wordpress\/frana-di-pisoliva-avviato-lintervento-di-messa-in-sicurezza\/pisoliva-frana\/\" rel=\"attachment wp-att-244957\"><img loading=\"lazy\" decoding=\"async\" class=\"size-medium wp-image-244957 alignleft\" src=\"https:\/\/www.radiopiu.net\/wordpress\/wp-content\/uploads\/2021\/11\/Pisoliva-frana-169x300.jpg\" alt=\"\" width=\"169\" height=\"300\" srcset=\"https:\/\/www.radiopiu.net\/wordpress\/wp-content\/uploads\/2021\/11\/Pisoliva-frana-169x300.jpg 169w, https:\/\/www.radiopiu.net\/wordpress\/wp-content\/uploads\/2021\/11\/Pisoliva-frana-576x1024.jpg 576w, https:\/\/www.radiopiu.net\/wordpress\/wp-content\/uploads\/2021\/11\/Pisoliva-frana-768x1365.jpg 768w, https:\/\/www.radiopiu.net\/wordpress\/wp-content\/uploads\/2021\/11\/Pisoliva-frana-864x1536.jpg 864w, https:\/\/www.radiopiu.net\/wordpress\/wp-content\/uploads\/2021\/11\/Pisoliva-frana.jpg 1152w\" sizes=\"auto, (max-width: 169px) 100vw, 169px\" \/><\/a>BELLUNO <\/strong><span class=\"s1\">Sono stati avviati a Pisoliva, in Comune di Canale d\u2019Agordo, i lavori di messa in sicurezza di una frana che insiste su un\u2019abitazione. Si tratta di un dissesto provocato dalla tempesta Vaia, per un fronte franoso di circa 20 metri in un\u2019area di circa 200 metri quadrati. <\/span><span class=\"s1\">\u00ab<em>Il movimento franoso che si \u00e8 verificato ha causato la rottura e la traslazione verso valle dei due muri di sostegno del piazzale dell\u2019abitazione, situata nei pressi della frazione di Caviola<\/em>\u00bb spiegano i tecnici della Provincia. <\/span><span class=\"s1\">La sistemazione e la messa in sicurezza del dissesto sono state progettate dalla Provincia prendendo in considerazione il fenomeno e gli accessi all\u2019area di intervento, che nel caso specifico sfruttano la viabilit\u00e0 esistente. \u00c8 stato comunque necessario il tracciamento di una breve pista temporanea di servizio al cantiere, gi\u00e0 avviato nei giorni scorsi. Diversi i lavori che compongono l\u2019intervento: dal taglio della vegetazione alla riprofilatura della scarpata. Le operazioni pi\u00f9 importanti riguardano la stabilizzazione del versante mediante particolari consolidatori a ombrello, fino a creare dei terrazzamenti. Alla fine, sar\u00e0 installata una staccionata anticaduta lungo il ciglio del piazzale antistante l\u2019abitazione. L\u2019intera operazione vale 100mila euro e prevede 90 giorni di lavori. Se le condizioni meteo lo consentiranno, i lavori potrebbero chiudersi gi\u00e0 prima di Natale. <\/span><span class=\"s1\">\u00ab<em>Sono lavori necessari, perch\u00e9 gli effetti di Vaia sono ancora ben visibili in diverse parti della nostra provincia &#8211; commenta il presidente Roberto Padrin -. Un po\u2019 alla volta tutte le situazioni di dissesto vengono sistemate, per garantire vivibilit\u00e0 e sicurezza a chi vive nelle aree montane<\/em>\u00bb.<\/span><\/p>\n<p>&nbsp;<\/p>\n<blockquote><p><em>Con la speranza che i cantieri aprano presto anche a casa Fenti, 300 metri pi\u00f9 gi\u00f9 dove si attende l&#8217;inizio dei lavori da 3 anni, dopo Vaia per la messa in sicurezza della casa e della comunale per le frazioni alte di Canale d&#8217;Agordo e Falcade. &#8220;Sono contento per la famiglia dove sono iniziati i lavori &#8211; dice Fabio Fenti &#8211; avevano sicuramente bisogno anche loro di risolvere il problema. Belle le parole di Padrin. Dovr\u00f2 confidare in quel &#8220;un p\u00f2 alla volta &#8221;\u00a0<\/em><\/p><\/blockquote>\n<p>&nbsp;<\/p>\n<p>*****<\/p>\n","protected":false},"excerpt":{"rendered":"<p>BELLUNO Sono stati avviati a Pisoliva, in Comune di Canale d\u2019Agordo, i lavori di messa in sicurezza di una frana che insiste su un\u2019abitazione. Si tratta di un dissesto provocato dalla tempesta Vaia, per un fronte franoso di circa 20 metri in un\u2019area di circa 200 metri quadrati. \u00abIl movimento franoso che si \u00e8 verificato&hellip;<\/p>\n","protected":false},"author":4,"featured_media":244957,"comment_status":"closed","ping_status":"open","sticky":false,"template":"","format":"standard","meta":{"_monsterinsights_skip_tracking":false,"_monsterinsights_sitenote_active":false,"_monsterinsights_sitenote_note":"","_monsterinsights_sitenote_category":0,"footnotes":""},"categories":[51,49],"tags":[],"class_list":["post-244956","post","type-post","status-publish","format-standard","has-post-thumbnail","hentry","category-evidenza-top","category-news-18","category-51","category-49","description-off"],"img_url":"https:\/\/www.radiopiu.net\/wordpress\/wp-content\/uploads\/2021\/11\/Pisoliva-frana.jpg","_links":{"self":[{"href":"https:\/\/www.radiopiu.net\/wordpress\/wp-json\/wp\/v2\/posts\/244956","targetHints":{"allow":["GET"]}}],"collection":[{"href":"https:\/\/www.radiopiu.net\/wordpress\/wp-json\/wp\/v2\/posts"}],"about":[{"href":"https:\/\/www.radiopiu.net\/wordpress\/wp-json\/wp\/v2\/types\/post"}],"author":[{"embeddable":true,"href":"https:\/\/www.radiopiu.net\/wordpress\/wp-json\/wp\/v2\/users\/4"}],"replies":[{"embeddable":true,"href":"https:\/\/www.radiopiu.net\/wordpress\/wp-json\/wp\/v2\/comments?post=244956"}],"version-history":[{"count":0,"href":"https:\/\/www.radiopiu.net\/wordpress\/wp-json\/wp\/v2\/posts\/244956\/revisions"}],"wp:featuredmedia":[{"embeddable":true,"href":"https:\/\/www.radiopiu.net\/wordpress\/wp-json\/wp\/v2\/media\/244957"}],"wp:attachment":[{"href":"https:\/\/www.radiopiu.net\/wordpress\/wp-json\/wp\/v2\/media?parent=244956"}],"wp:term":[{"taxonomy":"category","embeddable":true,"href":"https:\/\/www.radiopiu.net\/wordpress\/wp-json\/wp\/v2\/categories?post=244956"},{"taxonomy":"post_tag","embeddable":true,"href":"https:\/\/www.radiopiu.net\/wordpress\/wp-json\/wp\/v2\/tags?post=244956"}],"curies":[{"name":"wp","href":"https:\/\/api.w.org\/{rel}","templated":true}]}}