{"id":245088,"date":"2021-11-26T05:10:38","date_gmt":"2021-11-26T04:10:38","guid":{"rendered":"https:\/\/www.radiopiu.net\/wordpress\/?p=245088"},"modified":"2021-11-26T07:56:49","modified_gmt":"2021-11-26T06:56:49","slug":"dillo-a-radio-piu-giocando-a-nascondino-tra-gli-alberelli-di-candaten","status":"publish","type":"post","link":"https:\/\/www.radiopiu.net\/wordpress\/dillo-a-radio-piu-giocando-a-nascondino-tra-gli-alberelli-di-candaten\/","title":{"rendered":"DILLO A RADIO PIU&#8230; GIOCANDO A NASCONDINO TRA GLI ALBERELLI DI CANDATEN"},"content":{"rendered":"<p><strong>Riceviamo e volentieri pubblichiamo<\/strong><\/p>\n<p><strong><img loading=\"lazy\" decoding=\"async\" class=\"alignleft\" src=\"https:\/\/www.radiopiu.net\/wordpress\/wp-content\/uploads\/2021\/11\/th-28.jpg\" width=\"244\" height=\"128\" \/>SEDICO <\/strong>\u00a0Ogni volta che passo in Candaten ed osservo quelle file di piccoli carpini che non mollano le foglie neanche quando sono secche, oltre al discutibile risultato estetico, penso anche alla possibilit\u00e0 che qualcuno che, suo malgrado, si vedr\u00e0 coinvolto in un incidente ai danni del cervo e suoi, potr\u00e0, magari, chiedere ad un giudice soddisfazione per il procurato pericolo per riduzione della visibilit\u00e0 che la piantagione procura. Mi piacerebbe comunque che chi ha pensato a questa soluzione anti investimenti desse a noi, portatori di interesse, una spiegazione compiuta, perch\u00e9 una ragione logica deve pur esserci.<\/p>\n<p>Corrado Campedel<\/p>\n<blockquote><p>&nbsp;<\/p>\n<p>&nbsp;<\/p><\/blockquote>\n","protected":false},"excerpt":{"rendered":"<p>Riceviamo e volentieri pubblichiamo SEDICO \u00a0Ogni volta che passo in Candaten ed osservo quelle file di piccoli carpini che non mollano le foglie neanche quando sono secche, oltre al discutibile risultato estetico, penso anche alla possibilit\u00e0 che qualcuno che, suo malgrado, si vedr\u00e0 coinvolto in un incidente ai danni del cervo e suoi, potr\u00e0, magari,&hellip;<\/p>\n","protected":false},"author":4,"featured_media":245089,"comment_status":"closed","ping_status":"open","sticky":false,"template":"","format":"standard","meta":{"_monsterinsights_skip_tracking":false,"_monsterinsights_sitenote_active":false,"_monsterinsights_sitenote_note":"","_monsterinsights_sitenote_category":0,"footnotes":""},"categories":[104,49],"tags":[],"class_list":["post-245088","post","type-post","status-publish","format-standard","has-post-thumbnail","hentry","category-evidenza_3","category-news-18","category-104","category-49","description-off"],"img_url":"https:\/\/www.radiopiu.net\/wordpress\/wp-content\/uploads\/2021\/11\/th-28.jpg","_links":{"self":[{"href":"https:\/\/www.radiopiu.net\/wordpress\/wp-json\/wp\/v2\/posts\/245088","targetHints":{"allow":["GET"]}}],"collection":[{"href":"https:\/\/www.radiopiu.net\/wordpress\/wp-json\/wp\/v2\/posts"}],"about":[{"href":"https:\/\/www.radiopiu.net\/wordpress\/wp-json\/wp\/v2\/types\/post"}],"author":[{"embeddable":true,"href":"https:\/\/www.radiopiu.net\/wordpress\/wp-json\/wp\/v2\/users\/4"}],"replies":[{"embeddable":true,"href":"https:\/\/www.radiopiu.net\/wordpress\/wp-json\/wp\/v2\/comments?post=245088"}],"version-history":[{"count":0,"href":"https:\/\/www.radiopiu.net\/wordpress\/wp-json\/wp\/v2\/posts\/245088\/revisions"}],"wp:featuredmedia":[{"embeddable":true,"href":"https:\/\/www.radiopiu.net\/wordpress\/wp-json\/wp\/v2\/media\/245089"}],"wp:attachment":[{"href":"https:\/\/www.radiopiu.net\/wordpress\/wp-json\/wp\/v2\/media?parent=245088"}],"wp:term":[{"taxonomy":"category","embeddable":true,"href":"https:\/\/www.radiopiu.net\/wordpress\/wp-json\/wp\/v2\/categories?post=245088"},{"taxonomy":"post_tag","embeddable":true,"href":"https:\/\/www.radiopiu.net\/wordpress\/wp-json\/wp\/v2\/tags?post=245088"}],"curies":[{"name":"wp","href":"https:\/\/api.w.org\/{rel}","templated":true}]}}