{"id":245163,"date":"2021-11-26T15:30:46","date_gmt":"2021-11-26T14:30:46","guid":{"rendered":"https:\/\/www.radiopiu.net\/wordpress\/?p=245163"},"modified":"2021-11-26T15:30:46","modified_gmt":"2021-11-26T14:30:46","slug":"cittaslow-a-belluno-incontri-e-visite-sul-territorio","status":"publish","type":"post","link":"https:\/\/www.radiopiu.net\/wordpress\/cittaslow-a-belluno-incontri-e-visite-sul-territorio\/","title":{"rendered":"CITTASLOW A BELLUNO, INCONTRI E VISITE SUL TERRITORIO"},"content":{"rendered":"<p><strong><img loading=\"lazy\" decoding=\"async\" class=\"alignleft\" src=\"https:\/\/www.radiopiu.net\/wordpress\/wp-content\/uploads\/2021\/11\/Cittaslow-International-Conferenza-stampa-2-scaled.jpg\" width=\"252\" height=\"168\" \/>BELLUNO<\/strong> Ha preso il via questa mattina il Comitato di Coordinamento di Cittaslow International: a \u201ctagliare il nastro\u201d di questa edizione che interesser\u00e0 Belluno nel fine settimana sono stati l&#8217;assessora Yuki d&#8217;Emilia, il Sindaco di Asolo e Presidente di Cittaslow International Mauro Migliorini e il segretario generale dell&#8217;associazione Pier Giorgio Oliveti. Una quarantina i sindaci e delegati delle Cittaslow Internazionali presenti in questi giorni in citt\u00e0 arrivati da tutta Europa; a loro, si aggiungeranno i colleghi delle realt\u00e0 pi\u00f9 lontane (dalla Cina alla Colombia, dalla Corea al Brasile) che seguiranno i lavori in remoto. Il primo incontro del gruppo di lavoro Cittaslow Metropolis coinvolger\u00e0 un numero ristretto di sindaci, mentre gli altri partecipanti visiteranno Unifarco, azienda che coniuga ambiente, ricerca e innovazione. Domani via ai lavori del Comitato di Coordinamento nella Sala Consiglio di Palazzo Rosso, per poi proseguire nel pomeriggio con una visita alla citt\u00e0 e con la tavola rotonda &#8220;Cosa vuol dire essere Cittaslow? Parteciperanno, oltre ai sindaci di Belluno Jacopo Massaro e di Asiago Mauro Migliorini, anche Christian Leclercq, Sindaco di Silly (Belgio); Jacek Kostka, Sindaco di G\u00f3rowo I\u0142aweckie (Polonia); Tun\u00e7 Soyer, Sindaco di \u0130zmir (Turchia); Mattia Perencin, Sindaco di Farra di Soligo (Treviso) e Vera Rossi, Vicesindaca di Altavalle (Trento). La tre giorni si concluder\u00e0 poi domenica 28 con la trasferta \u201cslow\u201d a Venezia.<\/p>\n<p>&nbsp;<\/p>\n<p><strong>L&#8217;ASSESSORE YUKI D&#8217;EMILIA\u00a0<\/strong><\/p>\n<div style=\"width: 1200px;\" class=\"wp-video\"><video class=\"wp-video-shortcode\" id=\"video-245163-1\" width=\"1200\" height=\"675\" preload=\"metadata\" controls=\"controls\"><source type=\"video\/mp4\" src=\"https:\/\/www.radiopiu.net\/wordpress\/wp-content\/uploads\/2021\/11\/dEmilia-Avvio-assemblea-Cittaslow.mp4?_=1\" \/><a href=\"https:\/\/www.radiopiu.net\/wordpress\/wp-content\/uploads\/2021\/11\/dEmilia-Avvio-assemblea-Cittaslow.mp4\">https:\/\/www.radiopiu.net\/wordpress\/wp-content\/uploads\/2021\/11\/dEmilia-Avvio-assemblea-Cittaslow.mp4<\/a><\/video><\/div>\n<p>&nbsp;<\/p>\n<p>&nbsp;<\/p>\n<p><strong>IL SINDACO DI ASOLO E PRESIDENTE CITTASLOW MAURO MIGLIORINI<\/strong><\/p>\n<div style=\"width: 1200px;\" class=\"wp-video\"><video class=\"wp-video-shortcode\" id=\"video-245163-2\" width=\"1200\" height=\"675\" preload=\"metadata\" controls=\"controls\"><source type=\"video\/mp4\" src=\"https:\/\/www.radiopiu.net\/wordpress\/wp-content\/uploads\/2021\/11\/Mauro-Migliorini-Cittaslow-International.mp4?_=2\" \/><a href=\"https:\/\/www.radiopiu.net\/wordpress\/wp-content\/uploads\/2021\/11\/Mauro-Migliorini-Cittaslow-International.mp4\">https:\/\/www.radiopiu.net\/wordpress\/wp-content\/uploads\/2021\/11\/Mauro-Migliorini-Cittaslow-International.mp4<\/a><\/video><\/div>\n<p>&nbsp;<\/p>\n<p>&nbsp;<\/p>\n<p><strong>IL SEGRETARIO GENERALE PIER GIORGIO OLIVETI<\/strong><\/p>\n<div style=\"width: 1200px;\" class=\"wp-video\"><video class=\"wp-video-shortcode\" id=\"video-245163-3\" width=\"1200\" height=\"675\" preload=\"metadata\" controls=\"controls\"><source type=\"video\/mp4\" src=\"https:\/\/www.radiopiu.net\/wordpress\/wp-content\/uploads\/2021\/11\/Pier-Giorgio-Oliveti-Segretario-Generale-Cittaslow-International.mp4?_=3\" \/><a href=\"https:\/\/www.radiopiu.net\/wordpress\/wp-content\/uploads\/2021\/11\/Pier-Giorgio-Oliveti-Segretario-Generale-Cittaslow-International.mp4\">https:\/\/www.radiopiu.net\/wordpress\/wp-content\/uploads\/2021\/11\/Pier-Giorgio-Oliveti-Segretario-Generale-Cittaslow-International.mp4<\/a><\/video><\/div>\n<p>&nbsp;<\/p>\n<p>&nbsp;<\/p>\n","protected":false},"excerpt":{"rendered":"<p>BELLUNO Ha preso il via questa mattina il Comitato di Coordinamento di Cittaslow International: a \u201ctagliare il nastro\u201d di questa edizione che interesser\u00e0 Belluno nel fine settimana sono stati l&#8217;assessora Yuki d&#8217;Emilia, il Sindaco di Asolo e Presidente di Cittaslow International Mauro Migliorini e il segretario generale dell&#8217;associazione Pier Giorgio Oliveti. Una quarantina i sindaci&hellip;<\/p>\n","protected":false},"author":4,"featured_media":245167,"comment_status":"closed","ping_status":"open","sticky":false,"template":"","format":"standard","meta":{"_monsterinsights_skip_tracking":false,"_monsterinsights_sitenote_active":false,"_monsterinsights_sitenote_note":"","_monsterinsights_sitenote_category":0,"footnotes":""},"categories":[49],"tags":[],"class_list":["post-245163","post","type-post","status-publish","format-standard","has-post-thumbnail","hentry","category-news-18","category-49","description-off"],"img_url":"https:\/\/www.radiopiu.net\/wordpress\/wp-content\/uploads\/2021\/11\/Cittaslow-International-Conferenza-stampa-2-scaled.jpg","_links":{"self":[{"href":"https:\/\/www.radiopiu.net\/wordpress\/wp-json\/wp\/v2\/posts\/245163","targetHints":{"allow":["GET"]}}],"collection":[{"href":"https:\/\/www.radiopiu.net\/wordpress\/wp-json\/wp\/v2\/posts"}],"about":[{"href":"https:\/\/www.radiopiu.net\/wordpress\/wp-json\/wp\/v2\/types\/post"}],"author":[{"embeddable":true,"href":"https:\/\/www.radiopiu.net\/wordpress\/wp-json\/wp\/v2\/users\/4"}],"replies":[{"embeddable":true,"href":"https:\/\/www.radiopiu.net\/wordpress\/wp-json\/wp\/v2\/comments?post=245163"}],"version-history":[{"count":0,"href":"https:\/\/www.radiopiu.net\/wordpress\/wp-json\/wp\/v2\/posts\/245163\/revisions"}],"wp:featuredmedia":[{"embeddable":true,"href":"https:\/\/www.radiopiu.net\/wordpress\/wp-json\/wp\/v2\/media\/245167"}],"wp:attachment":[{"href":"https:\/\/www.radiopiu.net\/wordpress\/wp-json\/wp\/v2\/media?parent=245163"}],"wp:term":[{"taxonomy":"category","embeddable":true,"href":"https:\/\/www.radiopiu.net\/wordpress\/wp-json\/wp\/v2\/categories?post=245163"},{"taxonomy":"post_tag","embeddable":true,"href":"https:\/\/www.radiopiu.net\/wordpress\/wp-json\/wp\/v2\/tags?post=245163"}],"curies":[{"name":"wp","href":"https:\/\/api.w.org\/{rel}","templated":true}]}}