{"id":245322,"date":"2021-11-29T05:41:39","date_gmt":"2021-11-29T04:41:39","guid":{"rendered":"https:\/\/www.radiopiu.net\/wordpress\/?p=245322"},"modified":"2021-11-29T07:23:22","modified_gmt":"2021-11-29T06:23:22","slug":"giornale-radiopiu-29-novembre-2021-direttore-mirko-mezzacasa","status":"publish","type":"post","link":"https:\/\/www.radiopiu.net\/wordpress\/giornale-radiopiu-29-novembre-2021-direttore-mirko-mezzacasa\/","title":{"rendered":"GIORNALE RADIOPIU 29 NOVEMBRE 2021 DIRETTORE MIRKO MEZZACASA"},"content":{"rendered":"<h3 class=\"kvgmc6g5 cxmmr5t8 oygrvhab hcukyx3x c1et5uql\"><span style=\"color: #0000ff;\"><strong>INFORMAZIONE il canale su TELEGRAM informazione di prima mano e in tempo reale. iscriviti ed aiutaci a farlo conoscere\u00a0\u00a0<\/strong><\/span><\/h3>\n<hr \/>\n<p>&nbsp;<\/p>\n<blockquote>\n<h3>LA NEVE, DALLA PIANURA (MAS DI SEDICO) AD ALTA QUOTA. UN MANTO BIANCO PER LE DOLOMITI, FOTO VIABILITA PROVINCIA DI BELLUNO, TELEGRAM<\/h3>\n<\/blockquote>\n\n\t\t\t<style type='text\/css'>\n\t\t\t\t#gallery-1 {\n\t\t\t\t\tmargin: auto;\n\t\t\t\t}\n\t\t\t\t#gallery-1 .gallery-item {\n\t\t\t\t\tfloat: left;\n\t\t\t\t\tmargin-top: 10px;\n\t\t\t\t\ttext-align: center;\n\t\t\t\t\twidth: 20%;\n\t\t\t\t}\n\t\t\t\t#gallery-1 img {\n\t\t\t\t\tborder: 2px solid #cfcfcf;\n\t\t\t\t}\n\t\t\t\t#gallery-1 .gallery-caption {\n\t\t\t\t\tmargin-left: 0;\n\t\t\t\t}\n\t\t\t\t\/* see gallery_shortcode() in wp-includes\/media.php *\/\n\t\t\t<\/style>\n\t\t<div id='gallery-1' class='dt-gallery-container gallery galleryid-245322 gallery-columns-5 gallery-size-thumbnail'><dl class='gallery-item'>\n\t\t\t\t<dt class='gallery-icon portrait'>\n\t\t\t\t\t<a class=\"rollover rollover-zoom dt-pswp-item\" title=\"ELISON\" data-dt-img-description=\"\" data-large_image_width=\"600\" data-large_image_height=\"800\"href='https:\/\/www.radiopiu.net\/wordpress\/wp-content\/uploads\/2021\/11\/ELISON.jpg'><img loading=\"lazy\" decoding=\"async\" width=\"150\" height=\"150\" src=\"https:\/\/www.radiopiu.net\/wordpress\/wp-content\/uploads\/2021\/11\/ELISON-150x150.jpg\" class=\"attachment-thumbnail size-thumbnail\" alt=\"\" aria-describedby=\"gallery-1-245514\" \/><\/a>\n\t\t\t\t<\/dt>\n\t\t\t\t\t<dd class='wp-caption-text gallery-caption' id='gallery-1-245514'>\n\t\t\t\t\tMAS DI SEDICO &#8211; ELISON\n\t\t\t\t\t<\/dd><\/dl><dl class='gallery-item'>\n\t\t\t\t<dt class='gallery-icon landscape'>\n\t\t\t\t\t<a class=\"rollover rollover-zoom dt-pswp-item\" title=\"SANDRA\" data-dt-img-description=\"\" data-large_image_width=\"800\" data-large_image_height=\"600\"href='https:\/\/www.radiopiu.net\/wordpress\/wp-content\/uploads\/2021\/11\/SANDRA.jpg'><img loading=\"lazy\" decoding=\"async\" width=\"150\" height=\"150\" src=\"https:\/\/www.radiopiu.net\/wordpress\/wp-content\/uploads\/2021\/11\/SANDRA-150x150.jpg\" class=\"attachment-thumbnail size-thumbnail\" alt=\"\" aria-describedby=\"gallery-1-245513\" \/><\/a>\n\t\t\t\t<\/dt>\n\t\t\t\t\t<dd class='wp-caption-text gallery-caption' id='gallery-1-245513'>\n\t\t\t\t\tFALCADE &#8211; SANDRA\n\t\t\t\t\t<\/dd><\/dl><dl class='gallery-item'>\n\t\t\t\t<dt class='gallery-icon portrait'>\n\t\t\t\t\t<a class=\"rollover rollover-zoom dt-pswp-item\" title=\"IVANjpg\" data-dt-img-description=\"\" data-large_image_width=\"600\" data-large_image_height=\"800\"href='https:\/\/www.radiopiu.net\/wordpress\/wp-content\/uploads\/2021\/11\/IVANjpg.jpg'><img loading=\"lazy\" decoding=\"async\" width=\"150\" height=\"150\" src=\"https:\/\/www.radiopiu.net\/wordpress\/wp-content\/uploads\/2021\/11\/IVANjpg-150x150.jpg\" class=\"attachment-thumbnail size-thumbnail\" alt=\"\" aria-describedby=\"gallery-1-245512\" \/><\/a>\n\t\t\t\t<\/dt>\n\t\t\t\t\t<dd class='wp-caption-text gallery-caption' id='gallery-1-245512'>\n\t\t\t\t\tTAI DI CADORE- IVAN\n\t\t\t\t\t<\/dd><\/dl><dl class='gallery-item'>\n\t\t\t\t<dt class='gallery-icon portrait'>\n\t\t\t\t\t<a class=\"rollover rollover-zoom dt-pswp-item\" title=\"ANDREA\" data-dt-img-description=\"\" data-large_image_width=\"600\" data-large_image_height=\"800\"href='https:\/\/www.radiopiu.net\/wordpress\/wp-content\/uploads\/2021\/11\/ANDREA.jpg'><img loading=\"lazy\" decoding=\"async\" width=\"150\" height=\"150\" src=\"https:\/\/www.radiopiu.net\/wordpress\/wp-content\/uploads\/2021\/11\/ANDREA-150x150.jpg\" class=\"attachment-thumbnail size-thumbnail\" alt=\"\" aria-describedby=\"gallery-1-245515\" \/><\/a>\n\t\t\t\t<\/dt>\n\t\t\t\t\t<dd class='wp-caption-text gallery-caption' id='gallery-1-245515'>\n\t\t\t\t\tTAI DI CADORE  ANDREA\n\t\t\t\t\t<\/dd><\/dl><dl class='gallery-item'>\n\t\t\t\t<dt class='gallery-icon landscape'>\n\t\t\t\t\t<a class=\"rollover rollover-zoom dt-pswp-item\" title=\"a23f9258-ca3c-4ede-9470-6309f339e3e4\" data-dt-img-description=\"\" data-large_image_width=\"800\" data-large_image_height=\"612\"href='https:\/\/www.radiopiu.net\/wordpress\/wp-content\/uploads\/2021\/11\/a23f9258-ca3c-4ede-9470-6309f339e3e4.jpg'><img loading=\"lazy\" decoding=\"async\" width=\"150\" height=\"150\" src=\"https:\/\/www.radiopiu.net\/wordpress\/wp-content\/uploads\/2021\/11\/a23f9258-ca3c-4ede-9470-6309f339e3e4-150x150.jpg\" class=\"attachment-thumbnail size-thumbnail\" alt=\"\" aria-describedby=\"gallery-1-245545\" \/><\/a>\n\t\t\t\t<\/dt>\n\t\t\t\t\t<dd class='wp-caption-text gallery-caption' id='gallery-1-245545'>\n\t\t\t\t\tLIVINALLONGO &#8211; FEDERICA\n\t\t\t\t\t<\/dd><\/dl><br style=\"clear: both\" \/>\n\t\t\t<\/div>\n\n<p>Trentacinque centimetri di neve fresca a Col dei Baldi ad Alleghe, tra i 25 e i 30 cm a Padola, Pecol di Val di Zoldo. Imbiancate anche le Prealpi, con venti centimetri a Casera Palantina in Alpago e a Faverghera sul Nevegal. Sommata alle precedenti precipitazioni, la neve al suolo sulle Dolomiti varia dai 35 ai 75 centimetri.<\/p>\n<p>&nbsp;<\/p>\n<hr \/>\n<p>&nbsp;<\/p>\n<p><strong><a href=\"https:\/\/www.radiopiu.net\/wordpress\/lassessore-gianpaolo-bottacin-ribatte-alle-accuse-del-presidente-della-croce-verde-val-biois-stefano-murer\/croce-verde-val-biois-2\/\" rel=\"attachment wp-att-153811\"><img loading=\"lazy\" decoding=\"async\" class=\"wp-image-153811 alignleft\" src=\"https:\/\/www.radiopiu.net\/wordpress\/wp-content\/uploads\/2020\/08\/CROCE-VERDE-VAL-BIOIS-300x225.jpg\" alt=\"\" width=\"191\" height=\"143\" srcset=\"https:\/\/www.radiopiu.net\/wordpress\/wp-content\/uploads\/2020\/08\/CROCE-VERDE-VAL-BIOIS-300x225.jpg 300w, https:\/\/www.radiopiu.net\/wordpress\/wp-content\/uploads\/2020\/08\/CROCE-VERDE-VAL-BIOIS-1024x768.jpg 1024w, https:\/\/www.radiopiu.net\/wordpress\/wp-content\/uploads\/2020\/08\/CROCE-VERDE-VAL-BIOIS-768x576.jpg 768w, https:\/\/www.radiopiu.net\/wordpress\/wp-content\/uploads\/2020\/08\/CROCE-VERDE-VAL-BIOIS-1536x1153.jpg 1536w, https:\/\/www.radiopiu.net\/wordpress\/wp-content\/uploads\/2020\/08\/CROCE-VERDE-VAL-BIOIS.jpg 1599w\" sizes=\"auto, (max-width: 191px) 100vw, 191px\" \/><\/a><\/strong><\/p>\n<p><strong>La Croce Verde Val Biois, causa la carenza di volontari, ha emanato il calendario con i disservizi del mese di novembre.<\/strong><\/p>\n<p>Il calendario provvisorio: oggi DALLE ORE 6:00 ALLE ORE 20:00.<\/p>\n<p><strong>\u00a0 \u00a0<\/strong><\/p>\n<p>&nbsp;<\/p>\n<p>&nbsp;<\/p>\n<hr \/>\n<blockquote>\n<h3>LUNEDI SENZ&#8217;ACQUA AD AGORDO, MERCOLEDI A SELVA DI CADORE<\/h3>\n<\/blockquote>\n<p><a href=\"https:\/\/www.radiopiu.net\/wordpress\/giornale-radiopiu-17-settembre-2021-direttore-mirko-mezzacasa\/img-20210910-wa0001\/\" rel=\"attachment wp-att-232360\"><img loading=\"lazy\" decoding=\"async\" class=\"wp-image-232360 alignleft\" src=\"https:\/\/www.radiopiu.net\/wordpress\/wp-content\/uploads\/2021\/09\/IMG-20210910-WA0001-296x300.jpg\" alt=\"\" width=\"156\" height=\"158\" srcset=\"https:\/\/www.radiopiu.net\/wordpress\/wp-content\/uploads\/2021\/09\/IMG-20210910-WA0001-296x300.jpg 296w, https:\/\/www.radiopiu.net\/wordpress\/wp-content\/uploads\/2021\/09\/IMG-20210910-WA0001-768x779.jpg 768w, https:\/\/www.radiopiu.net\/wordpress\/wp-content\/uploads\/2021\/09\/IMG-20210910-WA0001.jpg 806w\" sizes=\"auto, (max-width: 156px) 100vw, 156px\" \/><\/a>Gestione Servizi Pubblici informa che, per lavori alla rete idrica comunale, oggi dalle 8 a fine lavori potrebbe mancare l&#8217;acqua ad <strong>AGORDO<\/strong>, nelle loc. FARENZENA, PIASENT, CAMPION e FOCHE.<\/p>\n<p>mercoledi 1 dicembre dalle\u00a0 08:30 a fine lavori\u00a0 verr\u00e0 sospesa l\u2019erogazione dell\u2019acqua a <strong>SELVA DI CADORE<\/strong>, nelle vie PESCUL, PERONAZ, SANTA FOSCA, DEI DENEVER, GIACOMO LONGO, PERAZZE, CERNADOI, BERNART, COSTA MARIN, TRONCH E ZANUOL.<\/p>\n<p>&nbsp;<\/p>\n<p>&nbsp;<\/p>\n<hr \/>\n<blockquote>\n<blockquote><p>&nbsp;<\/p>\n<p><strong>SP 3 VALLE IMPERINA\u00a0<\/strong>dal 9 al 23 dicembre compresi sabato e domenica senso unico alternato regolato da impianto semaforico in localit\u00e0 Zenich di Rivamonte per consolidamento della strada<\/p><\/blockquote>\n<\/blockquote>\n<p><strong>SS51 DI ALEMAGNA<\/strong> posa del passaggio pedonale ferroviario a Longarone. Dalle 20 di giovedi 2 dicembre alle 6 del mattino successivo senso unico alternato. Probabili sensi unici temporanei a Castellavazzo (fino al 17 dicembre) per la demolizione controllata della parete rocciosa.<\/p>\n<p>&nbsp;<\/p>\n<p>&nbsp;<\/p>\n<hr \/>\n<p>&nbsp;<\/p>\n<blockquote>\n<h3>DUE INCIDENTI IN PIENO CENTRO A BELLUNO<\/h3>\n<\/blockquote>\n<p><strong>BELLUNO<\/strong> Due incidenti nella giornata di sabato in pieno centro a Belluno. Nel tardo pomeriggio una Opel ha terminato la sua corsa contro la vetrina di un negozio di parrucchiere in Via Matteotti. Alla guida dell&#8217;auto un giovane cinese che prima di fermarsi contro la vetrina ha anche investito un passante che \u00e8 stato soccorso dall&#8217;ambulanza del 118 e trasportato al San Martino.\u00a0 Nella serata il secondo incidente all&#8217;incrocio tra Via Loreto e la strada che porta in Piazza Dei Martiri dove un&#8217;auto si \u00e8 fermata sulla colonna del negozio Enel dopo aver colpito un altro mezzo in sosta che stato letteralmente sbalzato su un altro pilastro dell&#8217;edificio.<\/p>\n\n\t\t\t<style type='text\/css'>\n\t\t\t\t#gallery-2 {\n\t\t\t\t\tmargin: auto;\n\t\t\t\t}\n\t\t\t\t#gallery-2 .gallery-item {\n\t\t\t\t\tfloat: left;\n\t\t\t\t\tmargin-top: 10px;\n\t\t\t\t\ttext-align: center;\n\t\t\t\t\twidth: 50%;\n\t\t\t\t}\n\t\t\t\t#gallery-2 img {\n\t\t\t\t\tborder: 2px solid #cfcfcf;\n\t\t\t\t}\n\t\t\t\t#gallery-2 .gallery-caption {\n\t\t\t\t\tmargin-left: 0;\n\t\t\t\t}\n\t\t\t\t\/* see gallery_shortcode() in wp-includes\/media.php *\/\n\t\t\t<\/style>\n\t\t<div id='gallery-2' class='dt-gallery-container gallery galleryid-245322 gallery-columns-2 gallery-size-medium'><dl class='gallery-item'>\n\t\t\t\t<dt class='gallery-icon portrait'>\n\t\t\t\t\t<a class=\"rollover rollover-zoom dt-pswp-item\" title=\"b6e6ddf7-143f-4489-a986-fa46e93650a0\" data-dt-img-description=\"\" data-large_image_width=\"899\" data-large_image_height=\"1599\"href='https:\/\/www.radiopiu.net\/wordpress\/wp-content\/uploads\/2021\/11\/b6e6ddf7-143f-4489-a986-fa46e93650a0.jpg'><img loading=\"lazy\" decoding=\"async\" width=\"169\" height=\"300\" src=\"https:\/\/www.radiopiu.net\/wordpress\/wp-content\/uploads\/2021\/11\/b6e6ddf7-143f-4489-a986-fa46e93650a0-169x300.jpg\" class=\"attachment-medium size-medium\" alt=\"\" aria-describedby=\"gallery-2-245416\" srcset=\"https:\/\/www.radiopiu.net\/wordpress\/wp-content\/uploads\/2021\/11\/b6e6ddf7-143f-4489-a986-fa46e93650a0-169x300.jpg 169w, https:\/\/www.radiopiu.net\/wordpress\/wp-content\/uploads\/2021\/11\/b6e6ddf7-143f-4489-a986-fa46e93650a0-576x1024.jpg 576w, https:\/\/www.radiopiu.net\/wordpress\/wp-content\/uploads\/2021\/11\/b6e6ddf7-143f-4489-a986-fa46e93650a0-768x1366.jpg 768w, https:\/\/www.radiopiu.net\/wordpress\/wp-content\/uploads\/2021\/11\/b6e6ddf7-143f-4489-a986-fa46e93650a0-864x1536.jpg 864w, https:\/\/www.radiopiu.net\/wordpress\/wp-content\/uploads\/2021\/11\/b6e6ddf7-143f-4489-a986-fa46e93650a0.jpg 899w\" sizes=\"auto, (max-width: 169px) 100vw, 169px\" \/><\/a>\n\t\t\t\t<\/dt>\n\t\t\t\t\t<dd class='wp-caption-text gallery-caption' id='gallery-2-245416'>\n\t\t\t\t\tVIA MATTEOTTI\n\t\t\t\t\t<\/dd><\/dl><dl class='gallery-item'>\n\t\t\t\t<dt class='gallery-icon portrait'>\n\t\t\t\t\t<a class=\"rollover rollover-zoom dt-pswp-item\" title=\"25ffd049-7109-4faf-a856-4bcbdeeb78af\" data-dt-img-description=\"\" data-large_image_width=\"1536\" data-large_image_height=\"2048\"href='https:\/\/www.radiopiu.net\/wordpress\/wp-content\/uploads\/2021\/11\/25ffd049-7109-4faf-a856-4bcbdeeb78af.jpg'><img loading=\"lazy\" decoding=\"async\" width=\"225\" height=\"300\" src=\"https:\/\/www.radiopiu.net\/wordpress\/wp-content\/uploads\/2021\/11\/25ffd049-7109-4faf-a856-4bcbdeeb78af-225x300.jpg\" class=\"attachment-medium size-medium\" alt=\"\" aria-describedby=\"gallery-2-245415\" srcset=\"https:\/\/www.radiopiu.net\/wordpress\/wp-content\/uploads\/2021\/11\/25ffd049-7109-4faf-a856-4bcbdeeb78af-225x300.jpg 225w, https:\/\/www.radiopiu.net\/wordpress\/wp-content\/uploads\/2021\/11\/25ffd049-7109-4faf-a856-4bcbdeeb78af-768x1024.jpg 768w, https:\/\/www.radiopiu.net\/wordpress\/wp-content\/uploads\/2021\/11\/25ffd049-7109-4faf-a856-4bcbdeeb78af-1152x1536.jpg 1152w, https:\/\/www.radiopiu.net\/wordpress\/wp-content\/uploads\/2021\/11\/25ffd049-7109-4faf-a856-4bcbdeeb78af.jpg 1536w\" sizes=\"auto, (max-width: 225px) 100vw, 225px\" \/><\/a>\n\t\t\t\t<\/dt>\n\t\t\t\t\t<dd class='wp-caption-text gallery-caption' id='gallery-2-245415'>\n\t\t\t\t\tINCROCIO VIA LORETO\n\t\t\t\t\t<\/dd><\/dl><br style=\"clear: both\" \/><dl class='gallery-item'>\n\t\t\t\t<dt class='gallery-icon portrait'>\n\t\t\t\t\t<a class=\"rollover rollover-zoom dt-pswp-item\" title=\"7474f3cf-6424-443b-8467-df3b56b32bf3\" data-dt-img-description=\"\" data-large_image_width=\"1125\" data-large_image_height=\"1780\"href='https:\/\/www.radiopiu.net\/wordpress\/wp-content\/uploads\/2021\/11\/7474f3cf-6424-443b-8467-df3b56b32bf3.jpg'><img loading=\"lazy\" decoding=\"async\" width=\"190\" height=\"300\" src=\"https:\/\/www.radiopiu.net\/wordpress\/wp-content\/uploads\/2021\/11\/7474f3cf-6424-443b-8467-df3b56b32bf3-190x300.jpg\" class=\"attachment-medium size-medium\" alt=\"\" srcset=\"https:\/\/www.radiopiu.net\/wordpress\/wp-content\/uploads\/2021\/11\/7474f3cf-6424-443b-8467-df3b56b32bf3-190x300.jpg 190w, https:\/\/www.radiopiu.net\/wordpress\/wp-content\/uploads\/2021\/11\/7474f3cf-6424-443b-8467-df3b56b32bf3-647x1024.jpg 647w, https:\/\/www.radiopiu.net\/wordpress\/wp-content\/uploads\/2021\/11\/7474f3cf-6424-443b-8467-df3b56b32bf3-768x1215.jpg 768w, https:\/\/www.radiopiu.net\/wordpress\/wp-content\/uploads\/2021\/11\/7474f3cf-6424-443b-8467-df3b56b32bf3-971x1536.jpg 971w, https:\/\/www.radiopiu.net\/wordpress\/wp-content\/uploads\/2021\/11\/7474f3cf-6424-443b-8467-df3b56b32bf3.jpg 1125w\" sizes=\"auto, (max-width: 190px) 100vw, 190px\" \/><\/a>\n\t\t\t\t<\/dt><\/dl><dl class='gallery-item'>\n\t\t\t\t<dt class='gallery-icon portrait'>\n\t\t\t\t\t<a class=\"rollover rollover-zoom dt-pswp-item\" title=\"b0241273-9965-476e-b79a-595798dba25f\" data-dt-img-description=\"\" data-large_image_width=\"1125\" data-large_image_height=\"1711\"href='https:\/\/www.radiopiu.net\/wordpress\/wp-content\/uploads\/2021\/11\/b0241273-9965-476e-b79a-595798dba25f.jpg'><img loading=\"lazy\" decoding=\"async\" width=\"197\" height=\"300\" src=\"https:\/\/www.radiopiu.net\/wordpress\/wp-content\/uploads\/2021\/11\/b0241273-9965-476e-b79a-595798dba25f-197x300.jpg\" class=\"attachment-medium size-medium\" alt=\"\" srcset=\"https:\/\/www.radiopiu.net\/wordpress\/wp-content\/uploads\/2021\/11\/b0241273-9965-476e-b79a-595798dba25f-197x300.jpg 197w, https:\/\/www.radiopiu.net\/wordpress\/wp-content\/uploads\/2021\/11\/b0241273-9965-476e-b79a-595798dba25f-673x1024.jpg 673w, https:\/\/www.radiopiu.net\/wordpress\/wp-content\/uploads\/2021\/11\/b0241273-9965-476e-b79a-595798dba25f-768x1168.jpg 768w, https:\/\/www.radiopiu.net\/wordpress\/wp-content\/uploads\/2021\/11\/b0241273-9965-476e-b79a-595798dba25f-1010x1536.jpg 1010w, https:\/\/www.radiopiu.net\/wordpress\/wp-content\/uploads\/2021\/11\/b0241273-9965-476e-b79a-595798dba25f.jpg 1125w\" sizes=\"auto, (max-width: 197px) 100vw, 197px\" \/><\/a>\n\t\t\t\t<\/dt><\/dl><br style=\"clear: both\" \/>\n\t\t\t<\/div>\n\n<p>&nbsp;<\/p>\n<hr \/>\n<p>&nbsp;<\/p>\n<blockquote>\n<h3>INCIDENTE AL MAS DI SEDICO<\/h3>\n<\/blockquote>\n<p><strong>SEDICO\u00a0<\/strong>Incidente sabato mattina sulla regionale Agordina, poco prima della rotonda di Mas di Sedico salendo da Belluno. Una Mini One, condotta da una trentottenne di Belluno, \u00e8 uscita di strada autonomamente. La donna \u00e8 stata portata in ospedale per accertamenti, sul posto Carabinieri di Belluno e Vigili del Fuoco.<\/p>\n\n\t\t\t<style type='text\/css'>\n\t\t\t\t#gallery-3 {\n\t\t\t\t\tmargin: auto;\n\t\t\t\t}\n\t\t\t\t#gallery-3 .gallery-item {\n\t\t\t\t\tfloat: left;\n\t\t\t\t\tmargin-top: 10px;\n\t\t\t\t\ttext-align: center;\n\t\t\t\t\twidth: 50%;\n\t\t\t\t}\n\t\t\t\t#gallery-3 img {\n\t\t\t\t\tborder: 2px solid #cfcfcf;\n\t\t\t\t}\n\t\t\t\t#gallery-3 .gallery-caption {\n\t\t\t\t\tmargin-left: 0;\n\t\t\t\t}\n\t\t\t\t\/* see gallery_shortcode() in wp-includes\/media.php *\/\n\t\t\t<\/style>\n\t\t<div id='gallery-3' class='dt-gallery-container gallery galleryid-245322 gallery-columns-2 gallery-size-medium'><dl class='gallery-item'>\n\t\t\t\t<dt class='gallery-icon landscape'>\n\t\t\t\t\t<a class=\"rollover rollover-zoom dt-pswp-item\" title=\"foto ok\" data-dt-img-description=\"\" data-large_image_width=\"1024\" data-large_image_height=\"518\"href='https:\/\/www.radiopiu.net\/wordpress\/wp-content\/uploads\/2021\/11\/foto-ok.jpg'><img loading=\"lazy\" decoding=\"async\" width=\"300\" height=\"152\" src=\"https:\/\/www.radiopiu.net\/wordpress\/wp-content\/uploads\/2021\/11\/foto-ok-300x152.jpg\" class=\"attachment-medium size-medium\" alt=\"\" srcset=\"https:\/\/www.radiopiu.net\/wordpress\/wp-content\/uploads\/2021\/11\/foto-ok-300x152.jpg 300w, https:\/\/www.radiopiu.net\/wordpress\/wp-content\/uploads\/2021\/11\/foto-ok-768x389.jpg 768w, https:\/\/www.radiopiu.net\/wordpress\/wp-content\/uploads\/2021\/11\/foto-ok.jpg 1024w\" sizes=\"auto, (max-width: 300px) 100vw, 300px\" \/><\/a>\n\t\t\t\t<\/dt><\/dl><dl class='gallery-item'>\n\t\t\t\t<dt class='gallery-icon landscape'>\n\t\t\t\t\t<a class=\"rollover rollover-zoom dt-pswp-item\" title=\"889bcff3-f8fd-4757-9848-e952b04fa464\" data-dt-img-description=\"\" data-large_image_width=\"1599\" data-large_image_height=\"899\"href='https:\/\/www.radiopiu.net\/wordpress\/wp-content\/uploads\/2021\/11\/889bcff3-f8fd-4757-9848-e952b04fa464.jpg'><img loading=\"lazy\" decoding=\"async\" width=\"300\" height=\"169\" src=\"https:\/\/www.radiopiu.net\/wordpress\/wp-content\/uploads\/2021\/11\/889bcff3-f8fd-4757-9848-e952b04fa464-300x169.jpg\" class=\"attachment-medium size-medium\" alt=\"\" srcset=\"https:\/\/www.radiopiu.net\/wordpress\/wp-content\/uploads\/2021\/11\/889bcff3-f8fd-4757-9848-e952b04fa464-300x169.jpg 300w, https:\/\/www.radiopiu.net\/wordpress\/wp-content\/uploads\/2021\/11\/889bcff3-f8fd-4757-9848-e952b04fa464-1024x576.jpg 1024w, https:\/\/www.radiopiu.net\/wordpress\/wp-content\/uploads\/2021\/11\/889bcff3-f8fd-4757-9848-e952b04fa464-768x432.jpg 768w, https:\/\/www.radiopiu.net\/wordpress\/wp-content\/uploads\/2021\/11\/889bcff3-f8fd-4757-9848-e952b04fa464-1536x864.jpg 1536w, https:\/\/www.radiopiu.net\/wordpress\/wp-content\/uploads\/2021\/11\/889bcff3-f8fd-4757-9848-e952b04fa464.jpg 1599w\" sizes=\"auto, (max-width: 300px) 100vw, 300px\" \/><\/a>\n\t\t\t\t<\/dt><\/dl><br style=\"clear: both\" \/>\n\t\t\t<\/div>\n\n<p>&nbsp;<\/p>\n<hr \/>\n<p>&nbsp;<\/p>\n<blockquote>\n<h3>FUORI STRADA E GIU&#8217; NELLA SCARPATA, CONDUCENTE ASSENTE<\/h3>\n<\/blockquote>\n<p><strong>\u00a0CESIOMAGGIORE<\/strong> Nella notte auto fuori strada a Soranzen. Veicolo notato con le luci dell&#8217;alba e intervento dei vigili del fuoco. All&#8217;interno dell&#8217;auto non c&#8217;era nessuno, nemmeno nei paraggi. Il proprietario \u00e8 stato rintracciato in seguito, si era allontanato dopo il sinistro, stava bene e nell&#8217;incidente non sono stati coinvoli altri mezzi<\/p>\n<p>&nbsp;<\/p>\n<hr \/>\n<p>&nbsp;<\/p>\n<blockquote>\n<h3>\u00a0SPAZZANEVE FUORI STRADA<\/h3>\n<\/blockquote>\n<p><strong>GOSALDO<\/strong> Un mezzo spazzaneve ieri \u00e8 finito fuori strada a Gosaldo durante le operazioni che stava portando avanti nella frazione di Cet. Sono intervenuti i vigili del fuoco di Agordo a dare una mano per il recupero: inutilizzabile l&#8217;autogru dei pompieri per le strade troppo strette<\/p>\n<p>&nbsp;<\/p>\n<hr \/>\n<p>&nbsp;<\/p>\n<blockquote>\n<h3>FUORI STRADA A CORTINA<\/h3>\n<\/blockquote>\n<p><strong>CORTINA<\/strong> \u00a0I vigili del fuoco del distaccamento ampezzano sono intervenuti alle 24 per aiutare l&#8217;automobilista illeso, e ieri mattina hanno dovuto trainare anche una vettura che non riusciva a uscire dal garage, senza le catene ma con le gomme invernali.<\/p>\n<p>&nbsp;<\/p>\n<hr \/>\n<p>&nbsp;<\/p>\n<blockquote>\n<h3>SOCCORSI A FALCADE<\/h3>\n<p><strong>FALCADE<\/strong> Auto fuori strada a Falcade con i vigili del fuoco di Agordo che hanno effettuato il soccorso. Poi ancora svariati scontri e fuoriuscite autonome.<\/p><\/blockquote>\n<p>&nbsp;<\/p>\n<p>&nbsp;<\/p>\n<hr \/>\n<p>&nbsp;<\/p>\n<blockquote>\n<h3>RECUPERATA COPPIA DI ESCURSIONISTI IN DIFFICOLTA&#8217; AL RIFUGIO PALMIERI<\/h3>\n<\/blockquote>\n<p><strong><a href=\"https:\/\/www.radiopiu.net\/wordpress\/torna-la-festa-del-volontariato-cadorino-sabato-1-settembre\/soccorsoalpino\/\" rel=\"attachment wp-att-59164\"><img loading=\"lazy\" decoding=\"async\" class=\" wp-image-59164 alignleft\" src=\"https:\/\/www.radiopiu.net\/wordpress\/wp-content\/uploads\/2018\/08\/soccorsoalpino-300x300.jpg\" alt=\"\" width=\"140\" height=\"140\" srcset=\"https:\/\/www.radiopiu.net\/wordpress\/wp-content\/uploads\/2018\/08\/soccorsoalpino-300x300.jpg 300w, https:\/\/www.radiopiu.net\/wordpress\/wp-content\/uploads\/2018\/08\/soccorsoalpino-150x150.jpg 150w, https:\/\/www.radiopiu.net\/wordpress\/wp-content\/uploads\/2018\/08\/soccorsoalpino-768x768.jpg 768w, https:\/\/www.radiopiu.net\/wordpress\/wp-content\/uploads\/2018\/08\/soccorsoalpino-1024x1024.jpg 1024w, https:\/\/www.radiopiu.net\/wordpress\/wp-content\/uploads\/2018\/08\/soccorsoalpino.jpg 1200w\" sizes=\"auto, (max-width: 140px) 100vw, 140px\" \/><\/a>CORTINA<\/strong> Sabato alle 13.15 circa la Centrale del Suem \u00e8 stata allertata da una coppia di escursionisti in difficolt\u00e0, poich\u00e9, raggiunto il Rifugio Palmieri alla Croda da Lago, la ragazza lamentava forti dolori ai piedi dovuti al freddo, che le impedivano di camminare. Poich\u00e9, mentre una squadra del Soccorso alpino di Cortina partiva per raggiungere i due a piedi, il compagno di P.G., 24 anni, di Piove di Sacco (PD), in contatto telefonico con la Centrale avvisava del peggioramento della situazione, con la ragazza sempre pi\u00f9 impaurita, \u00e8 intervenuto l&#8217;elicottero del Suem di Pieve di Cadore. Dopo averli individuati, il tecnico di elisoccorso ha recuperato con il verricello gli escursionisti, trasportati all&#8217;ospedale di Cortina per provvedere alle verifiche del caso.<\/p>\n<p>&nbsp;<\/p>\n<hr \/>\n<p>&nbsp;<\/p>\n<blockquote>\n<h3>I LADRI NON DEMORDONO, VISITATE ALTRE DUE ABITAZIONI<\/h3>\n<\/blockquote>\n<p><strong>BELLUNO<\/strong> Eccoli di nuovo, in azione e impuniti.\u00a0 Sono tornati a Baldenich e a Polpet di Ponte nelle Alpi. Sabato hanno atteso l&#8217;uscita dei proprietari e hanno forzato l&#8217;ingresso rubando monili e contanti. A Belluno hanno rubato in una abitazione di via Giampiccoli nel pomeriggio di sabato. Da quantificare anche il bottino del furto avvenuto nell&#8217;abitazione di alcuni residenti di Polpet.\u00a0 I ladri hanno portato via oggetti di valore e preziosi. Continua il tam tam: la gente viene invitata a \u00absegnalare subito movimenti sospetti, auto appostate\u00bb, magari prendendo un numero di targa da fornire alle forze dell&#8217;ordine.<\/p>\n<p>&nbsp;<\/p>\n<hr \/>\n<p>&nbsp;<\/p>\n<blockquote>\n<h3>I LUPI A TELVA E SAN PAOLO<\/h3>\n<\/blockquote>\n<p><strong>FELTRE<\/strong>\u00a0 A Telva bassa e zona San Paolo i lupi imperversano,\u00a0 attaccano le pecore e spaventando gli altri animali. Uccise tre pecore di Amedeo Rossi. Federico, Giacomelli,\u00a0 ha provveduto a portare via le proprie manze per condurle nella stalla alla Peschiera. Guglielmo &#8220;Canarin&#8221; Marchet&#8221; oggi provveder\u00e0 a spostare i suoi capi. <em>&#8220;Alla fine &#8211; dicono gli allevatori &#8211; ci stuferemo di queste predazioni e lasceremo perdere tutto, con buona pace di chi chiede di trovare prati puliti e in ordine&#8221;.\u00a0<\/em><\/p>\n<p>&nbsp;<\/p>\n<hr \/>\n<p>&nbsp;<\/p>\n<blockquote>\n<h3>ASCA E UNIONE MONTANA AGORDINA RISPONDONO A SELVA MORETTI<\/h3>\n<\/blockquote>\n<p><strong>di Gianni Santomaso<\/strong><\/p>\n<audio class=\"wp-audio-shortcode\" id=\"audio-245322-1\" preload=\"none\" style=\"width: 100%;\" controls=\"controls\"><source type=\"audio\/mpeg\" src=\"https:\/\/www.radiopiu.net\/wordpress\/wp-content\/uploads\/2021\/11\/GIANNI-ASCA-SELVA-MORETTI.mp3?_=1\" \/><a href=\"https:\/\/www.radiopiu.net\/wordpress\/wp-content\/uploads\/2021\/11\/GIANNI-ASCA-SELVA-MORETTI.mp3\">https:\/\/www.radiopiu.net\/wordpress\/wp-content\/uploads\/2021\/11\/GIANNI-ASCA-SELVA-MORETTI.mp3<\/a><\/audio>\n<p>&nbsp;<\/p>\n<p><strong><a href=\"https:\/\/www.radiopiu.net\/wordpress\/asca-ricerca-personale-infermieristico\/asca-4\/\" rel=\"attachment wp-att-128881\"><img loading=\"lazy\" decoding=\"async\" class=\" wp-image-128881 alignleft\" src=\"https:\/\/www.radiopiu.net\/wordpress\/wp-content\/uploads\/2020\/04\/ASCA-300x165.png\" alt=\"\" width=\"249\" height=\"137\" srcset=\"https:\/\/www.radiopiu.net\/wordpress\/wp-content\/uploads\/2020\/04\/ASCA-300x165.png 300w, https:\/\/www.radiopiu.net\/wordpress\/wp-content\/uploads\/2020\/04\/ASCA-1024x565.png 1024w, https:\/\/www.radiopiu.net\/wordpress\/wp-content\/uploads\/2020\/04\/ASCA-768x424.png 768w, https:\/\/www.radiopiu.net\/wordpress\/wp-content\/uploads\/2020\/04\/ASCA.png 1211w\" sizes=\"auto, (max-width: 249px) 100vw, 249px\" \/><\/a>AGORDO <\/strong>Il Presidente dell\u2019Assemblea dei Sindaci e l\u2019Amministratore Unico di ASCA respingono con forza il quadro descritto dal Consigliere Selva Moretti del comune di Agordo sulla situazione della RSA.\u00a0Ricordano che certamente nel periodo estivo ci sono stati problemi organizzativi e gestionali dato che non \u00e8 stato possibile contare sulla presenza degli infermieri che, a partire dal 16 luglio, erano stati assegnati dall\u2019azienda sanitaria, ma, con il trascorrere dei mesi, la situazione si \u00e8 via via stabilizzata, pur in un quadro complesso per tutte le RSA e descritto ogni giorno sulla stampa locale e nazionale.<\/p>\n<p><strong>MARIA CHIARA SANTIN, AMMINISTRATORE UNICO DI ASCA<\/strong><\/p>\n<p><a href=\"https:\/\/www.radiopiu.net\/wordpress\/giornale-radio-piu-15-maggio-2018-direttore-mirko-mezzacasa\/santin-300x169\/\" rel=\"attachment wp-att-48328\"><img loading=\"lazy\" decoding=\"async\" class=\"size-medium wp-image-48328 alignright\" src=\"https:\/\/www.radiopiu.net\/wordpress\/wp-content\/uploads\/2018\/05\/SANTIN-300x169-300x169.jpg\" alt=\"\" width=\"300\" height=\"169\" \/><\/a><em>Oggi per seguire 94 anziani sono in organico 40 operatori e 10 infermieri (di cui uno part\/time e due dipendenti dell\u2019ulss) e una\u00a0\u00a0ditta esterna che effettua il lavoro di ausiliariato (rifacimento letti ecc) necessario anche perch\u00e9 si registrano, come in passato, infortuni e malattie. Nel corso dell\u2019anno i rapporti con le organizzazioni sindacali, pur molto rari, sono stati sereni e positivi e, nell\u2019ultimo incontro si \u00e8 condivisa la difficolt\u00e0 a reperire operatori e alloggi e le strategie da mettere in atto. Si ricorda a tal proposito che la RSA \u00e8 nata il primo maggio 2017 e che da sempre si registra un turnover significativo.\u00a0 Nel 2017 infatti, in soli otto mesi, si sono dimesse 20 persone,\u00a0 nel 2018, un anno che non ha evidenziato a livello generale alcun problema, si sono interrotti\u00a0\u00a034 rapporti di lavoro, nel 2019 vi \u00e8 stato un turnover di 47 persone e, neanche in quell\u2019anno, si segnalavano particolari criticit\u00e0 nel panorama dei servizi, mentre nel 2020, l\u2019anno della pandemia il turnover \u00e8 stato di 58 persone e nell\u2019anno in corso, di 45. Si sta registrando inoltre con soddisfazione, il rientro di persone che avevano lasciato il servizio e ci si riferisce in particolare a un\u2019infermiera e un\u2019operatrice socio sanitaria. Sono stati molto frequenti gli incontri con il comitato dei familiari, uno anche con il nuovo comitato, dove, a fronte di una richiesta precisa dell\u2019Amministratore Unico, di come fosse la situazione la risposta \u00e8 stata rassicurante. In precedenza si erano succedute quatto riunioni di nucleo, molto partecipate, che avevano evidenziato la grande sofferenza da parte dei familiari nel non poter entrare nella residenza, non stare vicino al proprio caro, non avere contatti diretti con gli operatori. E\u2019 stata anche sottolineata, da parte di qualcuno, una scarsa attenzione nel variare l\u2019abbigliamento e qualche carenza nella cura della persona perch\u00e9, come affermato recentemente da una familiare \u201c se quando entravo nel nucleo vedevo la maglietta macchiata la cambiavo, ora non lo posso fare\u201d. Nel corso dei suddetti incontri non \u00e8 emerso mai alcun problema sanitario anzi si \u00e8 apprezzata, anche con telefonate individuali, la cura medica. La psicologa, che segue individualmente i familiari, \u00e8 molto attenta nell\u2019intervenire sulle loro segnalazioni che vanno comunque circoscritte a piccoli problemi. La certificazione di qualit\u00e0, appena rilasciata, \u00e8 andata ad indagare i processi sanitari e assistenziali e, si ricorda,\u00a0 \u00e8 uno strumento oggettivo, il risultato \u00e8 misurabile e va considerato soddisfacente. L\u2019organizzazione generale, che richiede flessibilit\u00e0 e ridefinizioni continue, \u00e8 stata ulteriormente raffinata proprio nelle ultime settimane grazie anche all\u2019impegno di bravi professionisti ed operatori e giorni fa, \u00e8 stata convocata una assemblea generale con tutti i collaboratori di ASCA per illustrare il percorso intrapreso. Nel corso del 2021, Asca ha stipulato una convenzione con l\u2019Azienda Agordo Servizi, ha preso in gestione l\u2019Asilo Nido di Cencenighe e sta lavorando per farsi\u00a0 carico di altri servizi in particolare nell\u2019area sociale, pertanto necessita di un Direttore a tempo pieno e non di una figura part time come era previsto invece nella convenzione con Azienda Longarone Zoldo.<\/em><\/p>\n<p><strong>MICHELE COSTA, PRESIDENTE DELL&#8217;UNIONE MONTANA AGORDINA<\/strong><\/p>\n<p><a href=\"https:\/\/www.radiopiu.net\/wordpress\/pomeriggio-in-piscina-lo-speciale-alla-radio\/bc03a212-dd05-424e-8884-05a7959c32c4\/\" rel=\"attachment wp-att-238230\"><img loading=\"lazy\" decoding=\"async\" class=\"size-medium wp-image-238230 alignleft\" src=\"https:\/\/www.radiopiu.net\/wordpress\/wp-content\/uploads\/2021\/10\/bc03a212-dd05-424e-8884-05a7959c32c4-300x169.jpg\" alt=\"\" width=\"300\" height=\"169\" srcset=\"https:\/\/www.radiopiu.net\/wordpress\/wp-content\/uploads\/2021\/10\/bc03a212-dd05-424e-8884-05a7959c32c4-300x169.jpg 300w, https:\/\/www.radiopiu.net\/wordpress\/wp-content\/uploads\/2021\/10\/bc03a212-dd05-424e-8884-05a7959c32c4-1024x576.jpg 1024w, https:\/\/www.radiopiu.net\/wordpress\/wp-content\/uploads\/2021\/10\/bc03a212-dd05-424e-8884-05a7959c32c4-768x432.jpg 768w, https:\/\/www.radiopiu.net\/wordpress\/wp-content\/uploads\/2021\/10\/bc03a212-dd05-424e-8884-05a7959c32c4-1536x864.jpg 1536w, https:\/\/www.radiopiu.net\/wordpress\/wp-content\/uploads\/2021\/10\/bc03a212-dd05-424e-8884-05a7959c32c4.jpg 1920w\" sizes=\"auto, (max-width: 300px) 100vw, 300px\" \/><\/a><em>In qualit\u00e0 di Presidente dell\u2019Unione Montana Agordina sono anche Presidente di ASCA, e prima di tutto desidero ringraziare l\u2019Amministratore Unico Maria Chiara Santin, per il lavoro e quanto sta facendo per ASCA. Assolutamente non meritato l\u2019attacco infelice cui \u00e8 stata sottoposta. Ricordo, a Selva Moretti in primis, e a tutti gli agordini che esiste un Consiglio di Presidenza (ne fanno parte Silvia Tormen, Ezio Zuanel, Leandro Grones e Gianni Ferrini) che \u00e8 impegnato nella gestione di ASCA e fa da filtro tra Amministratore Unico e Assemblea dei Sindaci Soci. La decisione di avere un Amministratore Unico alla guida \u00e8 stata condivisa e decisa nell\u2019Assemblea dei soci. Consiglio di Presidenza e Assemblea dei soci sono stati convocati negli ultimi 10 mesi con una frequenza che non aveva precedenti proprio per una attenta analisi della situazione ed una condivisione tra tutti i soci di quanto accadeva in ASCA in un periodo tanto difficoltoso. In ogni incontro i soci sono stati aggiornati dettagliatamente e ciascuno ha fatto le dovute riflessioni sulle tante problematiche esistenti, ma anche sulle possibili soluzioni da attuare per poter migliorare e andare avanti. Non serve che Selva Moretti dia alcuna strigliata ai Sindaci, anzi, lo invito a moderare i toni e a riflettere sulla gravit\u00e0 di alcune sue dichiarazioni. In ASCA non \u00e8 tutto perfetto, me lo hanno detto anche alcuni familiari dei degenti con cui ho parlato, ma c\u2019\u00e8 consapevolezza dei tanti problemi del momento e soprattutto c\u2019\u00e8 confronto con la Direzione, come conferma la Dottoressa Santin. Chiedo che i problemi politici del comune di Agordo vengano affrontati nella sede dovuta e non mettano in ulteriore difficolt\u00e0 un Ente che ricordo, \u00e8 nato per iniziativa dei Sindaci agordini per la gestione di un servizio fondamentale per il territorio. Le strategie, le progettualit\u00e0 ed i finanziamenti, le collaborazioni, le soluzioni a tanti vari problemi sono argomenti costantemente dibattuti, soprattutto in questo periodo, nelle conferenze dei sindaci. In particolare per ASCA, sono state, vengono e verranno affrontate nel luogo preposto che \u00e8 l\u2019assemblea dei soci, nei modi e nei tempi dettati dalle necessit\u00e0 e dai soci, non sulla stampa, sui social e nemmeno coi tempi voluti dai media. Questo per dovere di responsabilit\u00e0, seriet\u00e0 e rispetto dei ruoli, modi che mi pare vengano sempre pi\u00f9 a mancare e che invoco con fermezza: stiamo parlando di servizi importantissimi per le nostre Comunit\u00e0.<\/em><\/p>\n<p>&nbsp;<\/p>\n<p><strong>SUL SITO DI RADIO PIU&#8217;<\/strong><\/p>\n<blockquote class=\"wp-embedded-content\" data-secret=\"GvrbMRbOwb\"><p><a href=\"https:\/\/www.radiopiu.net\/wordpress\/asca-agordo-cambia-piu-trasparenza-e-la-nomina-del-cda\/\">ASCA, AGORDO CAMBIA &#8220;PIU&#8217; TRASPARENZA E  LA NOMINA DEL CDA&#8221;<\/a><\/p><\/blockquote>\n<p><iframe loading=\"lazy\" class=\"wp-embedded-content\" sandbox=\"allow-scripts\" security=\"restricted\" style=\"position: absolute; clip: rect(1px, 1px, 1px, 1px);\" title=\"&#8220;ASCA, AGORDO CAMBIA &#8220;PIU&#8217; TRASPARENZA E  LA NOMINA DEL CDA&#8221;&#8221; &#8212; Radio Pi\u00f9\" src=\"https:\/\/www.radiopiu.net\/wordpress\/asca-agordo-cambia-piu-trasparenza-e-la-nomina-del-cda\/embed\/#?secret=GvrbMRbOwb\" data-secret=\"GvrbMRbOwb\" width=\"600\" height=\"338\" frameborder=\"0\" marginwidth=\"0\" marginheight=\"0\" scrolling=\"no\"><\/iframe><\/p>\n<p>&nbsp;<\/p>\n<hr \/>\n<p>&nbsp;<\/p>\n<blockquote>\n<h3>GREEN PASS &#8220;BASE&#8221; SIA PER IL LAVORO CHE PER LA MENSA<\/h3>\n<\/blockquote>\n<p><strong><a href=\"https:\/\/www.radiopiu.net\/wordpress\/luxottica-primo-giorno-da-green\/926947f7-647d-43cb-a2b9-82bd99c18312\/\" rel=\"attachment wp-att-237172\"><img loading=\"lazy\" decoding=\"async\" class=\"size-medium wp-image-237172 alignleft\" src=\"https:\/\/www.radiopiu.net\/wordpress\/wp-content\/uploads\/2021\/10\/926947f7-647d-43cb-a2b9-82bd99c18312-300x224.jpg\" alt=\"\" width=\"300\" height=\"224\" srcset=\"https:\/\/www.radiopiu.net\/wordpress\/wp-content\/uploads\/2021\/10\/926947f7-647d-43cb-a2b9-82bd99c18312-300x224.jpg 300w, https:\/\/www.radiopiu.net\/wordpress\/wp-content\/uploads\/2021\/10\/926947f7-647d-43cb-a2b9-82bd99c18312-1024x766.jpg 1024w, https:\/\/www.radiopiu.net\/wordpress\/wp-content\/uploads\/2021\/10\/926947f7-647d-43cb-a2b9-82bd99c18312-768x574.jpg 768w, https:\/\/www.radiopiu.net\/wordpress\/wp-content\/uploads\/2021\/10\/926947f7-647d-43cb-a2b9-82bd99c18312-1536x1149.jpg 1536w, https:\/\/www.radiopiu.net\/wordpress\/wp-content\/uploads\/2021\/10\/926947f7-647d-43cb-a2b9-82bd99c18312.jpg 2000w\" sizes=\"auto, (max-width: 300px) 100vw, 300px\" \/><\/a>AGORDO <\/strong>Nessun green pass rafforzato per accedere alla mensa aziendale. Sono queste le linee del Governo dopo l&#8217;ultimo decreto legge riguardante le misure di restrizione sul Covid-19. Dopo una prima uscita della bozza in cui si indicava che per andare a pranzo nelle mense aziendali serviva il super green pass, nella Gazzetta Ufficiale le cose sono cambiate e non servir\u00e0 per accedere ai locali mensa delle aziende. Baster\u00e0 quindi il green pass base con tampone negativo sia per recarsi al lavoro che per pranzare con i colleghi. Di sicuro un sospiro di sollievo per la RSU di Luxottica che doveva tornare ad affrontare un tema che ha fatto non poco discutere negli ultimi mesi, specialmente quando la mensa era ad uso esclusivo di coloro che erano vaccinati. Niente tendone all&#8217;esterno e funghi per riscaldare, un piatto di pasta non si nega a nessuno.<\/p>\n<p>&nbsp;<\/p>\n<p>&nbsp;<\/p>\n<hr \/>\n<p>&nbsp;<\/p>\n<blockquote>\n<h3>DOPO OLTRE 2 ANNI E MEZZO DI RIUNIONI APPROVATO IL PAT A BELLUNO<\/h3>\n<\/blockquote>\n<p><strong><a href=\"https:\/\/www.radiopiu.net\/wordpress\/dopo-oltre-2-anni-e-mezzo-di-riunioni-approvato-il-pat-a-belluno\/d6b16ef4-2544-45f0-a9fd-cbd47e910d3b\/\" rel=\"attachment wp-att-245403\"><img loading=\"lazy\" decoding=\"async\" class=\"size-medium wp-image-245403 alignleft\" src=\"https:\/\/www.radiopiu.net\/wordpress\/wp-content\/uploads\/2021\/11\/d6b16ef4-2544-45f0-a9fd-cbd47e910d3b-300x225.jpg\" alt=\"\" width=\"300\" height=\"225\" srcset=\"https:\/\/www.radiopiu.net\/wordpress\/wp-content\/uploads\/2021\/11\/d6b16ef4-2544-45f0-a9fd-cbd47e910d3b-300x225.jpg 300w, https:\/\/www.radiopiu.net\/wordpress\/wp-content\/uploads\/2021\/11\/d6b16ef4-2544-45f0-a9fd-cbd47e910d3b-1024x768.jpg 1024w, https:\/\/www.radiopiu.net\/wordpress\/wp-content\/uploads\/2021\/11\/d6b16ef4-2544-45f0-a9fd-cbd47e910d3b-768x576.jpg 768w, https:\/\/www.radiopiu.net\/wordpress\/wp-content\/uploads\/2021\/11\/d6b16ef4-2544-45f0-a9fd-cbd47e910d3b-1536x1152.jpg 1536w, https:\/\/www.radiopiu.net\/wordpress\/wp-content\/uploads\/2021\/11\/d6b16ef4-2544-45f0-a9fd-cbd47e910d3b.jpg 1600w\" sizes=\"auto, (max-width: 300px) 100vw, 300px\" \/><\/a>BELLUNO<\/strong><\/p>\n<p>di Moreno Gioli<\/p>\n<audio class=\"wp-audio-shortcode\" id=\"audio-245322-2\" preload=\"none\" style=\"width: 100%;\" controls=\"controls\"><source type=\"audio\/mpeg\" src=\"https:\/\/www.radiopiu.net\/wordpress\/wp-content\/uploads\/2021\/11\/GIOLI-PAT-BELLUNO.mp3?_=2\" \/><a href=\"https:\/\/www.radiopiu.net\/wordpress\/wp-content\/uploads\/2021\/11\/GIOLI-PAT-BELLUNO.mp3\">https:\/\/www.radiopiu.net\/wordpress\/wp-content\/uploads\/2021\/11\/GIOLI-PAT-BELLUNO.mp3<\/a><\/audio>\n<p>&nbsp;<\/p>\n<p><strong>JACOPO MASSARO, SINDACO DI BELLUNO<\/strong><\/p>\n<audio class=\"wp-audio-shortcode\" id=\"audio-245322-3\" preload=\"none\" style=\"width: 100%;\" controls=\"controls\"><source type=\"audio\/mpeg\" src=\"https:\/\/www.radiopiu.net\/wordpress\/wp-content\/uploads\/2021\/11\/MASSARO-1.mp3?_=3\" \/><a href=\"https:\/\/www.radiopiu.net\/wordpress\/wp-content\/uploads\/2021\/11\/MASSARO-1.mp3\">https:\/\/www.radiopiu.net\/wordpress\/wp-content\/uploads\/2021\/11\/MASSARO-1.mp3<\/a><\/audio>\n<p>&nbsp;<\/p>\n<p><strong>IDA BORTOLUZZI, CONSIGLIERE COMUNALE DI BELLUNO<\/strong><\/p>\n<audio class=\"wp-audio-shortcode\" id=\"audio-245322-4\" preload=\"none\" style=\"width: 100%;\" controls=\"controls\"><source type=\"audio\/mpeg\" src=\"https:\/\/www.radiopiu.net\/wordpress\/wp-content\/uploads\/2021\/11\/IDA-BORTOLUZZI.mp3?_=4\" \/><a href=\"https:\/\/www.radiopiu.net\/wordpress\/wp-content\/uploads\/2021\/11\/IDA-BORTOLUZZI.mp3\">https:\/\/www.radiopiu.net\/wordpress\/wp-content\/uploads\/2021\/11\/IDA-BORTOLUZZI.mp3<\/a><\/audio>\n<p>&nbsp;<\/p>\n<p><strong>FRANCO FRISON, ASSESSORE DEL COMUNE DI BELLUNO<\/strong><\/p>\n<audio class=\"wp-audio-shortcode\" id=\"audio-245322-5\" preload=\"none\" style=\"width: 100%;\" controls=\"controls\"><source type=\"audio\/mpeg\" src=\"https:\/\/www.radiopiu.net\/wordpress\/wp-content\/uploads\/2021\/11\/FRANCO-FRISON.mp3?_=5\" \/><a href=\"https:\/\/www.radiopiu.net\/wordpress\/wp-content\/uploads\/2021\/11\/FRANCO-FRISON.mp3\">https:\/\/www.radiopiu.net\/wordpress\/wp-content\/uploads\/2021\/11\/FRANCO-FRISON.mp3<\/a><\/audio>\n<p>&nbsp;<\/p>\n<hr \/>\n<p>&nbsp;<\/p>\n<blockquote>\n<h3>AL CONGRESSO ACCOMPAGNATORI DI ESCURSIONISMO UN PREMIO INASPETTATO PER TRE AGORDINI<\/h3>\n<\/blockquote>\n<p><strong>AGORDO<\/strong> Al 25\u00b0 Congresso Interregionale VFG degli Accompagnatori di Escursionismo i lavori volgono al termine. Ma c&#8217;\u00e8 tempo anche per un premio che da pochi anni la Commissione Escursionismo VFG consegna ad accompagnatori meritevoli. La curiosit\u00e0 tra i presenti cresce e mentre la Presidente comincia ad elencare le motivazioni che hanno portato alla scelta finale, tra alcuni dei presenti cominciano a scendere i sudori freddi&#8230;: &#8220;<em>provengono da una Sezione di montagna&#8230;che ha sub\u00ecto gravi danni dalla tempesta Vaia&#8230; hanno lavorato molto al ripristino dei sentieri&#8230;sono stati ai vertici della loro Sezione&#8230;PANICO!!! I loro nomi sono Anna Magro, Dario Dell&#8217;Osbel ed Antonello Cibien<\/em>&#8220;. Scoppia un meritato quanto sincero ed affettuoso applauso mentre i nostri tre amici rimangono impietriti e increduli di tanto onore e stima a loro riconosciuti. La motivazione diceva pi\u00f9 o meno cos\u00ec: &#8221; &#8230;per l&#8217;impegno profuso nell&#8217;accompagnamento in montagna anche durante l&#8217;emergenza Vaia, il lavoro svolto per il ripristino della sentieristica distrutta dalla tempesta e l&#8217;impegno alla dirigenza della Sezione&#8221;. Dal consiglio direttivo e dai soci del Cai: un merito che nessuno pu\u00f2 togliere o mettere minimamente in dubbio, frutto di passione e dedizione quasi totale per la propria terra, dimostrate in tanti anni di lavoro all&#8217;interno del nostro sodalizio.<\/p>\n\n\t\t\t<style type='text\/css'>\n\t\t\t\t#gallery-4 {\n\t\t\t\t\tmargin: auto;\n\t\t\t\t}\n\t\t\t\t#gallery-4 .gallery-item {\n\t\t\t\t\tfloat: left;\n\t\t\t\t\tmargin-top: 10px;\n\t\t\t\t\ttext-align: center;\n\t\t\t\t\twidth: 50%;\n\t\t\t\t}\n\t\t\t\t#gallery-4 img {\n\t\t\t\t\tborder: 2px solid #cfcfcf;\n\t\t\t\t}\n\t\t\t\t#gallery-4 .gallery-caption {\n\t\t\t\t\tmargin-left: 0;\n\t\t\t\t}\n\t\t\t\t\/* see gallery_shortcode() in wp-includes\/media.php *\/\n\t\t\t<\/style>\n\t\t<div id='gallery-4' class='dt-gallery-container gallery galleryid-245322 gallery-columns-2 gallery-size-medium'><dl class='gallery-item'>\n\t\t\t\t<dt class='gallery-icon landscape'>\n\t\t\t\t\t<a class=\"rollover rollover-zoom dt-pswp-item\" title=\"5114cf37-271e-0354-40e0-03bc3139262a\" data-dt-img-description=\"\" data-large_image_width=\"2560\" data-large_image_height=\"1442\"href='https:\/\/www.radiopiu.net\/wordpress\/wp-content\/uploads\/2021\/11\/5114cf37-271e-0354-40e0-03bc3139262a-scaled.jpg'><img loading=\"lazy\" decoding=\"async\" width=\"300\" height=\"169\" src=\"https:\/\/www.radiopiu.net\/wordpress\/wp-content\/uploads\/2021\/11\/5114cf37-271e-0354-40e0-03bc3139262a-300x169.jpg\" class=\"attachment-medium size-medium\" alt=\"\" srcset=\"https:\/\/www.radiopiu.net\/wordpress\/wp-content\/uploads\/2021\/11\/5114cf37-271e-0354-40e0-03bc3139262a-300x169.jpg 300w, https:\/\/www.radiopiu.net\/wordpress\/wp-content\/uploads\/2021\/11\/5114cf37-271e-0354-40e0-03bc3139262a-1024x577.jpg 1024w, https:\/\/www.radiopiu.net\/wordpress\/wp-content\/uploads\/2021\/11\/5114cf37-271e-0354-40e0-03bc3139262a-768x432.jpg 768w, https:\/\/www.radiopiu.net\/wordpress\/wp-content\/uploads\/2021\/11\/5114cf37-271e-0354-40e0-03bc3139262a-1536x865.jpg 1536w, https:\/\/www.radiopiu.net\/wordpress\/wp-content\/uploads\/2021\/11\/5114cf37-271e-0354-40e0-03bc3139262a-2048x1153.jpg 2048w\" sizes=\"auto, (max-width: 300px) 100vw, 300px\" \/><\/a>\n\t\t\t\t<\/dt><\/dl><dl class='gallery-item'>\n\t\t\t\t<dt class='gallery-icon landscape'>\n\t\t\t\t\t<a class=\"rollover rollover-zoom dt-pswp-item\" title=\"b7a1dd7c-fd69-16a2-9805-a7d486aed181\" data-dt-img-description=\"\" data-large_image_width=\"2560\" data-large_image_height=\"1442\"href='https:\/\/www.radiopiu.net\/wordpress\/wp-content\/uploads\/2021\/11\/b7a1dd7c-fd69-16a2-9805-a7d486aed181-scaled.jpg'><img loading=\"lazy\" decoding=\"async\" width=\"300\" height=\"169\" src=\"https:\/\/www.radiopiu.net\/wordpress\/wp-content\/uploads\/2021\/11\/b7a1dd7c-fd69-16a2-9805-a7d486aed181-300x169.jpg\" class=\"attachment-medium size-medium\" alt=\"\" srcset=\"https:\/\/www.radiopiu.net\/wordpress\/wp-content\/uploads\/2021\/11\/b7a1dd7c-fd69-16a2-9805-a7d486aed181-300x169.jpg 300w, https:\/\/www.radiopiu.net\/wordpress\/wp-content\/uploads\/2021\/11\/b7a1dd7c-fd69-16a2-9805-a7d486aed181-1024x577.jpg 1024w, https:\/\/www.radiopiu.net\/wordpress\/wp-content\/uploads\/2021\/11\/b7a1dd7c-fd69-16a2-9805-a7d486aed181-768x432.jpg 768w, https:\/\/www.radiopiu.net\/wordpress\/wp-content\/uploads\/2021\/11\/b7a1dd7c-fd69-16a2-9805-a7d486aed181-1536x865.jpg 1536w, https:\/\/www.radiopiu.net\/wordpress\/wp-content\/uploads\/2021\/11\/b7a1dd7c-fd69-16a2-9805-a7d486aed181-2048x1153.jpg 2048w\" sizes=\"auto, (max-width: 300px) 100vw, 300px\" \/><\/a>\n\t\t\t\t<\/dt><\/dl><br style=\"clear: both\" \/>\n\t\t\t<\/div>\n\n<p>&nbsp;<\/p>\n<p>&nbsp;<\/p>\n<p>&nbsp;<\/p>\n<hr \/>\n<p>&nbsp;<\/p>\n<blockquote class=\"wp-embedded-content\" data-secret=\"RmpSiKJ5My\"><p><a href=\"https:\/\/www.radiopiu.net\/wordpress\/aggiornamentonov28\/\">CORONAVIRUS: AGGIORNAMENTO NAZIONALE 28 NOVEMBRE  2021<\/a><\/p><\/blockquote>\n<p><iframe loading=\"lazy\" class=\"wp-embedded-content\" sandbox=\"allow-scripts\" security=\"restricted\" style=\"position: absolute; clip: rect(1px, 1px, 1px, 1px);\" title=\"&#8220;CORONAVIRUS: AGGIORNAMENTO NAZIONALE 28 NOVEMBRE  2021&#8221; &#8212; Radio Pi\u00f9\" src=\"https:\/\/www.radiopiu.net\/wordpress\/aggiornamentonov28\/embed\/#?secret=RmpSiKJ5My\" data-secret=\"RmpSiKJ5My\" width=\"600\" height=\"338\" frameborder=\"0\" marginwidth=\"0\" marginheight=\"0\" scrolling=\"no\"><\/iframe><\/p>\n<p>&nbsp;<\/p>\n<blockquote class=\"wp-embedded-content\" data-secret=\"Qkgr78XF6H\"><p><a href=\"https:\/\/www.radiopiu.net\/wordpress\/tre-decessi-superati-i-500-ricoveri-in-area-non-critica-93-persone-in-terapia-intensiva-2082-nuove-positivita-in-veneto-nelle-ultime-24-ore\/\">TRE DECESSI, SUPERATI I 500 RICOVERI IN AREA NON CRITICA, 93 PERSONE IN TERAPIA INTENSIVA. 2082 NUOVE POSITIVITA&#8217; IN VENETO NELLE ULTIME 24 ORE<\/a><\/p><\/blockquote>\n<p><iframe loading=\"lazy\" class=\"wp-embedded-content\" sandbox=\"allow-scripts\" security=\"restricted\" style=\"position: absolute; clip: rect(1px, 1px, 1px, 1px);\" title=\"&#8220;TRE DECESSI, SUPERATI I 500 RICOVERI IN AREA NON CRITICA, 93 PERSONE IN TERAPIA INTENSIVA. 2082 NUOVE POSITIVITA&#8217; IN VENETO NELLE ULTIME 24 ORE&#8221; &#8212; Radio Pi\u00f9\" src=\"https:\/\/www.radiopiu.net\/wordpress\/tre-decessi-superati-i-500-ricoveri-in-area-non-critica-93-persone-in-terapia-intensiva-2082-nuove-positivita-in-veneto-nelle-ultime-24-ore\/embed\/#?secret=Qkgr78XF6H\" data-secret=\"Qkgr78XF6H\" width=\"600\" height=\"338\" frameborder=\"0\" marginwidth=\"0\" marginheight=\"0\" scrolling=\"no\"><\/iframe><\/p>\n<p>&nbsp;<\/p>\n<h2>I GRAFICI DI TIZIANO DE COL<\/h2>\n\n\t\t\t<style type='text\/css'>\n\t\t\t\t#gallery-5 {\n\t\t\t\t\tmargin: auto;\n\t\t\t\t}\n\t\t\t\t#gallery-5 .gallery-item {\n\t\t\t\t\tfloat: left;\n\t\t\t\t\tmargin-top: 10px;\n\t\t\t\t\ttext-align: center;\n\t\t\t\t\twidth: 33%;\n\t\t\t\t}\n\t\t\t\t#gallery-5 img {\n\t\t\t\t\tborder: 2px solid #cfcfcf;\n\t\t\t\t}\n\t\t\t\t#gallery-5 .gallery-caption {\n\t\t\t\t\tmargin-left: 0;\n\t\t\t\t}\n\t\t\t\t\/* see gallery_shortcode() in wp-includes\/media.php *\/\n\t\t\t<\/style>\n\t\t<div id='gallery-5' class='dt-gallery-container gallery galleryid-245322 gallery-columns-3 gallery-size-medium'><dl class='gallery-item'>\n\t\t\t\t<dt class='gallery-icon landscape'>\n\t\t\t\t\t<a class=\"rollover rollover-zoom dt-pswp-item\" title=\"e0d71b96-2d55-46e8-85e3-bd52d9b9f40d\" data-dt-img-description=\"\" data-large_image_width=\"594\" data-large_image_height=\"358\"href='https:\/\/www.radiopiu.net\/wordpress\/wp-content\/uploads\/2021\/11\/e0d71b96-2d55-46e8-85e3-bd52d9b9f40d.jpg'><img loading=\"lazy\" decoding=\"async\" width=\"300\" height=\"181\" src=\"https:\/\/www.radiopiu.net\/wordpress\/wp-content\/uploads\/2021\/11\/e0d71b96-2d55-46e8-85e3-bd52d9b9f40d-300x181.jpg\" class=\"attachment-medium size-medium\" alt=\"\" srcset=\"https:\/\/www.radiopiu.net\/wordpress\/wp-content\/uploads\/2021\/11\/e0d71b96-2d55-46e8-85e3-bd52d9b9f40d-300x181.jpg 300w, https:\/\/www.radiopiu.net\/wordpress\/wp-content\/uploads\/2021\/11\/e0d71b96-2d55-46e8-85e3-bd52d9b9f40d.jpg 594w\" sizes=\"auto, (max-width: 300px) 100vw, 300px\" \/><\/a>\n\t\t\t\t<\/dt><\/dl><dl class='gallery-item'>\n\t\t\t\t<dt class='gallery-icon landscape'>\n\t\t\t\t\t<a class=\"rollover rollover-zoom dt-pswp-item\" title=\"b3ea12a0-d10a-4aa8-bd7c-50c93f6faaa8\" data-dt-img-description=\"\" data-large_image_width=\"606\" data-large_image_height=\"359\"href='https:\/\/www.radiopiu.net\/wordpress\/wp-content\/uploads\/2021\/11\/b3ea12a0-d10a-4aa8-bd7c-50c93f6faaa8.jpg'><img loading=\"lazy\" decoding=\"async\" width=\"300\" height=\"178\" src=\"https:\/\/www.radiopiu.net\/wordpress\/wp-content\/uploads\/2021\/11\/b3ea12a0-d10a-4aa8-bd7c-50c93f6faaa8-300x178.jpg\" class=\"attachment-medium size-medium\" alt=\"\" srcset=\"https:\/\/www.radiopiu.net\/wordpress\/wp-content\/uploads\/2021\/11\/b3ea12a0-d10a-4aa8-bd7c-50c93f6faaa8-300x178.jpg 300w, https:\/\/www.radiopiu.net\/wordpress\/wp-content\/uploads\/2021\/11\/b3ea12a0-d10a-4aa8-bd7c-50c93f6faaa8.jpg 606w\" sizes=\"auto, (max-width: 300px) 100vw, 300px\" \/><\/a>\n\t\t\t\t<\/dt><\/dl><dl class='gallery-item'>\n\t\t\t\t<dt class='gallery-icon landscape'>\n\t\t\t\t\t<a class=\"rollover rollover-zoom dt-pswp-item\" title=\"5af6e7fb-155b-4f40-bfc9-82e33b3ea4e3\" data-dt-img-description=\"\" data-large_image_width=\"614\" data-large_image_height=\"358\"href='https:\/\/www.radiopiu.net\/wordpress\/wp-content\/uploads\/2021\/11\/5af6e7fb-155b-4f40-bfc9-82e33b3ea4e3.jpg'><img loading=\"lazy\" decoding=\"async\" width=\"300\" height=\"175\" src=\"https:\/\/www.radiopiu.net\/wordpress\/wp-content\/uploads\/2021\/11\/5af6e7fb-155b-4f40-bfc9-82e33b3ea4e3-300x175.jpg\" class=\"attachment-medium size-medium\" alt=\"\" srcset=\"https:\/\/www.radiopiu.net\/wordpress\/wp-content\/uploads\/2021\/11\/5af6e7fb-155b-4f40-bfc9-82e33b3ea4e3-300x175.jpg 300w, https:\/\/www.radiopiu.net\/wordpress\/wp-content\/uploads\/2021\/11\/5af6e7fb-155b-4f40-bfc9-82e33b3ea4e3.jpg 614w\" sizes=\"auto, (max-width: 300px) 100vw, 300px\" \/><\/a>\n\t\t\t\t<\/dt><\/dl><br style=\"clear: both\" \/><dl class='gallery-item'>\n\t\t\t\t<dt class='gallery-icon landscape'>\n\t\t\t\t\t<a class=\"rollover rollover-zoom dt-pswp-item\" title=\"b44473f2-5f64-4418-ac7a-87eb296948c1\" data-dt-img-description=\"\" data-large_image_width=\"604\" data-large_image_height=\"351\"href='https:\/\/www.radiopiu.net\/wordpress\/wp-content\/uploads\/2021\/11\/b44473f2-5f64-4418-ac7a-87eb296948c1.jpg'><img loading=\"lazy\" decoding=\"async\" width=\"300\" height=\"174\" src=\"https:\/\/www.radiopiu.net\/wordpress\/wp-content\/uploads\/2021\/11\/b44473f2-5f64-4418-ac7a-87eb296948c1-300x174.jpg\" class=\"attachment-medium size-medium\" alt=\"\" srcset=\"https:\/\/www.radiopiu.net\/wordpress\/wp-content\/uploads\/2021\/11\/b44473f2-5f64-4418-ac7a-87eb296948c1-300x174.jpg 300w, https:\/\/www.radiopiu.net\/wordpress\/wp-content\/uploads\/2021\/11\/b44473f2-5f64-4418-ac7a-87eb296948c1.jpg 604w\" sizes=\"auto, (max-width: 300px) 100vw, 300px\" \/><\/a>\n\t\t\t\t<\/dt><\/dl><dl class='gallery-item'>\n\t\t\t\t<dt class='gallery-icon landscape'>\n\t\t\t\t\t<a class=\"rollover rollover-zoom dt-pswp-item\" title=\"011d73b2-a53f-402e-b427-8237a48f4292\" data-dt-img-description=\"\" data-large_image_width=\"606\" data-large_image_height=\"353\"href='https:\/\/www.radiopiu.net\/wordpress\/wp-content\/uploads\/2021\/11\/011d73b2-a53f-402e-b427-8237a48f4292.jpg'><img loading=\"lazy\" decoding=\"async\" width=\"300\" height=\"175\" src=\"https:\/\/www.radiopiu.net\/wordpress\/wp-content\/uploads\/2021\/11\/011d73b2-a53f-402e-b427-8237a48f4292-300x175.jpg\" class=\"attachment-medium size-medium\" alt=\"\" srcset=\"https:\/\/www.radiopiu.net\/wordpress\/wp-content\/uploads\/2021\/11\/011d73b2-a53f-402e-b427-8237a48f4292-300x175.jpg 300w, https:\/\/www.radiopiu.net\/wordpress\/wp-content\/uploads\/2021\/11\/011d73b2-a53f-402e-b427-8237a48f4292.jpg 606w\" sizes=\"auto, (max-width: 300px) 100vw, 300px\" \/><\/a>\n\t\t\t\t<\/dt><\/dl>\n\t\t\t\t<br style='clear: both' \/>\n\t\t\t<\/div>\n\n<p>&nbsp;<\/p>\n<hr \/>\n<p>&nbsp;<\/p>\n<blockquote>\n<h3>DA OGGI I NUOVI ORARI DEI COVID POINT TAMPONI<\/h3>\n<\/blockquote>\n<p><strong><a href=\"https:\/\/www.radiopiu.net\/wordpress\/da-lunedi-i-nuovi-orari-dei-covid-point-tamponi\/whatsapp-image-2021-11-27-at-15-51-32\/\" rel=\"attachment wp-att-245382\"><img loading=\"lazy\" decoding=\"async\" class=\"size-medium wp-image-245382 alignleft\" src=\"https:\/\/www.radiopiu.net\/wordpress\/wp-content\/uploads\/2021\/11\/WhatsApp-Image-2021-11-27-at-15.51.32-300x169.jpeg\" alt=\"\" width=\"300\" height=\"169\" srcset=\"https:\/\/www.radiopiu.net\/wordpress\/wp-content\/uploads\/2021\/11\/WhatsApp-Image-2021-11-27-at-15.51.32-300x169.jpeg 300w, https:\/\/www.radiopiu.net\/wordpress\/wp-content\/uploads\/2021\/11\/WhatsApp-Image-2021-11-27-at-15.51.32-768x433.jpeg 768w, https:\/\/www.radiopiu.net\/wordpress\/wp-content\/uploads\/2021\/11\/WhatsApp-Image-2021-11-27-at-15.51.32.jpeg 1024w\" sizes=\"auto, (max-width: 300px) 100vw, 300px\" \/><\/a>BELLUNO <\/strong>Alla luce delle nuove norme nazionali in tema di Greeen pass e della necessit\u00e0 di potenziare l\u2019offerta di terze dosi, sono stati riorganizzati gli orari dei covid point tamponi attivi sul territorio. Si ricorda che per i tamponi con finalit\u00e0 green pass \u00e8 obbligatoria la prenotazione dal sito <a href=\"http:\/\/www.aulss1.veneto.it\">www.aulss1.veneto.it<\/a> , da esibire all\u2019accesso. Da oggi i drive in di Paludi e Feltre avranno i seguenti orari. <strong>PALUDI<\/strong>: dal LUNEDI&#8217; al SABATO 7:00\/8:30: tamponi Green Pass SOLO su PRENOTAZIONE, 9:00\/13:00: accesso libero per tamponi di sorveglianza, 13:00\/16:00: accesso dedicato a tamponi scolastici, screening e domiciliari (secondo programmazione del dipartimento di prevenzioni, 17:00 \/19:00 tamponi per al Green Pass SOLO PER PRENOTAZIONE. DOMENICA 7:00\/8:30 tamponi per al Green Pass SOLO su PRENOTAZIONE, 9:00\/13:00 accesso libero per tamponi di sorveglianza, 13:00\/19:00\u00a0 tamponi per al Green Pass SOLO PER PRENOTAZIONE. <strong>FELTRE: <\/strong>dal LUNEDI&#8217; al\u00a0 SABATO 7:00\/8:30 tamponi per al Green Pass SOLO su PRENOTAZIONE, 9:00\/13:00 accesso libero per tamponi di sorveglianza. DOMENICA 14:00\/19:00\u00a0\u00a0tamponi per al Green Pass SOLO PER PRENOTAZIONE. Invariati gli orari di Agordo e Tai di Cadore. Oggi grazie ai volontari della Protezione civile sono stati rafforzati nella struttura, in vista dell\u2019inverno, il drive in di Agordo e Tai di Cadore.<\/p>\n<p>&nbsp;<\/p>\n<p>&nbsp;<\/p>\n<hr \/>\n<p>&nbsp;<\/p>\n<blockquote>\n<h3>CARENZA DI MEDICI, RIMODULATA L&#8217;OFFERTA DI CONTINUITA&#8217; ASSISTENZIALE<\/h3>\n<\/blockquote>\n<p><strong><a href=\"https:\/\/www.radiopiu.net\/wordpress\/giornale-radiopiu-19-giugno-2021-direttore-mirko-mezzacasa\/medico\/\" rel=\"attachment wp-att-216887\"><img loading=\"lazy\" decoding=\"async\" class=\"size-medium wp-image-216887 alignleft\" src=\"https:\/\/www.radiopiu.net\/wordpress\/wp-content\/uploads\/2021\/06\/MEDICO-300x225.jpg\" alt=\"\" width=\"300\" height=\"225\" srcset=\"https:\/\/www.radiopiu.net\/wordpress\/wp-content\/uploads\/2021\/06\/MEDICO-300x225.jpg 300w, https:\/\/www.radiopiu.net\/wordpress\/wp-content\/uploads\/2021\/06\/MEDICO-1024x768.jpg 1024w, https:\/\/www.radiopiu.net\/wordpress\/wp-content\/uploads\/2021\/06\/MEDICO-768x576.jpg 768w, https:\/\/www.radiopiu.net\/wordpress\/wp-content\/uploads\/2021\/06\/MEDICO-1536x1152.jpg 1536w, https:\/\/www.radiopiu.net\/wordpress\/wp-content\/uploads\/2021\/06\/MEDICO.jpg 1920w\" sizes=\"auto, (max-width: 300px) 100vw, 300px\" \/><\/a>BELLUNO <\/strong>La carenza di medici, nonostante gli appelli e gli incentivi proposti, costringe l\u2019Ulss Dolomiti a rimodulare l\u2019offerta del servizio di Guardia Medica sul territorio. Per le prossime settimane la continuit\u00e0 assistenziale sar\u00e0 cos\u00ec organizzata. <strong>Distretto 1: <\/strong>Da domenica 28 novembre 2021 il servizio nel territorio del Comelico e Alto Cadore sar\u00e0 integrato, in alcuni turni, dalla sede di Cortina. Per la sede di Canale d\u2019Agordo, la maggior parte dei turni saranno garantiti da medici in presenza. Eventuali scoperture saranno gestite dalla sede di Caprile. In entrambi i casi, si assicura che <strong>chiamando il 118, il cittadino sar\u00e0 preso in carico dalla sede di continuit\u00e0 assistenziale attiva pi\u00f9 vicina. <\/strong>Saranno invece pienamente operative di sedi di Belluno, Val di Zoldo, Caprile e Cortina. <strong>Distretto 2: <\/strong>Per il mese di dicembre, le chiamate per la sede di Lamon, come avviene gi\u00e0 avviene per la sede di Borgo Valbelluna, saranno gestite dai medici in servizio nella sede di Feltre. L\u2019Ulss Dolomiti ringrazia i Medici di Medicina Generale che hanno supportato il servizio di continuit\u00e0 assistenziale in questo periodo.\u00a0 L\u2019impegno nella campagna vaccinale anti influenzale e anti covid rende non pi\u00f9 possibile questa opportunit\u00e0. L\u2019Azienda conferma l\u2019impegno nel ricercare soluzioni per garantire ai cittadini una copertura assistenziale adeguata. \u00c8 stato infatti promosso un pacchetto completo di alloggio, incentivo economico e corso di formazione a supporto della attivit\u00e0 da svolgere.<\/p>\n<p>&nbsp;<\/p>\n<p>&nbsp;<\/p>\n<hr \/>\n<p>&nbsp;<\/p>\n<blockquote>\n<h3>ANALISI DEL SANGUE: PRENOTAZIONE ONLINE ANCHE PER I CENTRI PRELIEVO DI AGORDO, AURONZO, CORTINA E LAMON<\/h3>\n<\/blockquote>\n<p><strong><a href=\"https:\/\/www.radiopiu.net\/wordpress\/analisi-del-sangue-prenotazione-online-anche-per-i-centri-prelievo-di-agordo-auronzo-cortina-e-lamon\/sangue-laboratorio-analisi\/\" rel=\"attachment wp-att-245333\"><img loading=\"lazy\" decoding=\"async\" class=\"size-medium wp-image-245333 alignleft\" src=\"https:\/\/www.radiopiu.net\/wordpress\/wp-content\/uploads\/2021\/11\/sangue-laboratorio-analisi-300x201.jpg\" alt=\"\" width=\"300\" height=\"201\" srcset=\"https:\/\/www.radiopiu.net\/wordpress\/wp-content\/uploads\/2021\/11\/sangue-laboratorio-analisi-300x201.jpg 300w, https:\/\/www.radiopiu.net\/wordpress\/wp-content\/uploads\/2021\/11\/sangue-laboratorio-analisi-1024x685.jpg 1024w, https:\/\/www.radiopiu.net\/wordpress\/wp-content\/uploads\/2021\/11\/sangue-laboratorio-analisi-768x514.jpg 768w, https:\/\/www.radiopiu.net\/wordpress\/wp-content\/uploads\/2021\/11\/sangue-laboratorio-analisi-1536x1028.jpg 1536w, https:\/\/www.radiopiu.net\/wordpress\/wp-content\/uploads\/2021\/11\/sangue-laboratorio-analisi.jpg 1920w\" sizes=\"auto, (max-width: 300px) 100vw, 300px\" \/><\/a>BELLUNO <\/strong>Le analisi del sangue nei centri prelievi dell\u2019ulss Dolomiti possono essere prenotate online dal sito <a href=\"http:\/\/www.aulss1.veneto.it\">www.aulss1.veneto.it<\/a>. Da oggi \u00e8 possibile prenotare le analisi del sangue online anche per i centri prelievi di Agordo, Auronzo, Cortina e Lamon. La funzione era gi\u00e0 attiva per i Centri prelivi di Belluno, Feltre e Pieve di Cadore. Per prenotare il proprio turno basta accedere al sito <a href=\"http:\/\/www.aulss1.veneto.it\">www.aulss1.veneto.it<\/a>, cliccare sul bottone \u201csportello online\u201d, cliccare sul bottone \u201cprenotazioni laboratorio analisi\u201d, scegliere il centro prelievi e la data dell\u2019appuntamento seguendo le indicazioni date a schermo. <strong>Al termine della prenotazione sar\u00e0 inviata una mail di conferma. <\/strong>Il giorno dell\u2019appuntamento: presentarsi al Centro Prelievi circa 10 minuti prima dell\u2019orario di appuntamento con l\u2019impegnativa; all\u2019ingresso si trover\u00e0 un distributore di biglietti: esibire il codice QR stampato al momento della prenotazione o ricevuto via mail al proprio indirizzo di posta elettronica, oppure inserire la sua tessera sanitaria; sar\u00e0 rilasciato un numero con cui si sar\u00e0 chiamato prima in segreteria\/ufficio cassa e poi in ambulatorio per effettuare la raccolta dei campioni. Per un eventuale annullo basta cliccare su un link inviato via mail al momento della prenotazione. Si raccomanda ai cittadini di <strong>prenotare tempestivamente<\/strong> le analisi necessarie per visite specialistiche in modo da poterle programmare per tempo.<\/p>\n<p>&nbsp;<\/p>\n<p>&nbsp;<\/p>\n<hr \/>\n<p>&nbsp;<\/p>\n<blockquote>\n<h3>L&#8217;INCONTRO A CISON DI VALMARINO TRA I 10 BORGHI PIU&#8217; BELLI D&#8217;ITALIA DEL VENETO<\/h3>\n<\/blockquote>\n<p><strong><a href=\"https:\/\/www.radiopiu.net\/wordpress\/lincontro-a-cison-di-valmarino-tra-i-10-borghi-piu-belli-ditalia\/e4f84680-d298-4d22-9346-ca4bc653e32b\/\" rel=\"attachment wp-att-245370\"><img loading=\"lazy\" decoding=\"async\" class=\"size-medium wp-image-245370 alignleft\" src=\"https:\/\/www.radiopiu.net\/wordpress\/wp-content\/uploads\/2021\/11\/e4f84680-d298-4d22-9346-ca4bc653e32b-300x225.jpg\" alt=\"\" width=\"300\" height=\"225\" srcset=\"https:\/\/www.radiopiu.net\/wordpress\/wp-content\/uploads\/2021\/11\/e4f84680-d298-4d22-9346-ca4bc653e32b-300x225.jpg 300w, https:\/\/www.radiopiu.net\/wordpress\/wp-content\/uploads\/2021\/11\/e4f84680-d298-4d22-9346-ca4bc653e32b-1024x768.jpg 1024w, https:\/\/www.radiopiu.net\/wordpress\/wp-content\/uploads\/2021\/11\/e4f84680-d298-4d22-9346-ca4bc653e32b-768x576.jpg 768w, https:\/\/www.radiopiu.net\/wordpress\/wp-content\/uploads\/2021\/11\/e4f84680-d298-4d22-9346-ca4bc653e32b-1536x1152.jpg 1536w, https:\/\/www.radiopiu.net\/wordpress\/wp-content\/uploads\/2021\/11\/e4f84680-d298-4d22-9346-ca4bc653e32b.jpg 2048w\" sizes=\"auto, (max-width: 300px) 100vw, 300px\" \/><\/a>CISON DI VALMARINO (TV)\u00a0<\/strong>Nel municipio di Cison di Valmarino (TV), incontro dei 10 Borghi del Veneto con il preparatissimo e vulcanico Presidente Nazionale dei Borghi pi\u00f9 Belli D&#8217;italia, Fiorello Primi. Molti i temi trattati, fra i quali anche l&#8217;Assemblea Nazionale che si terr\u00e0 in primavera a Follina (TV). Il Presidente ci ha illustrato i vari importanti progetti di promozione che l&#8217;Associazione sta portando avanti, il PNRR (Piano Nazionale di Ripresa e Resilienza).<\/p>\n<p><strong>\u00a0<\/strong><\/p>\n<p><strong>\u00a0<\/strong><strong>IL SINDACO DI ROCCA PIETORE ANDREA DE BERNADIN<\/strong><\/p>\n<audio class=\"wp-audio-shortcode\" id=\"audio-245322-6\" preload=\"none\" style=\"width: 100%;\" controls=\"controls\"><source type=\"audio\/mpeg\" src=\"https:\/\/www.radiopiu.net\/wordpress\/wp-content\/uploads\/2021\/11\/DE-BERNARDIN-BORGHI.mp3?_=6\" \/><a href=\"https:\/\/www.radiopiu.net\/wordpress\/wp-content\/uploads\/2021\/11\/DE-BERNARDIN-BORGHI.mp3\">https:\/\/www.radiopiu.net\/wordpress\/wp-content\/uploads\/2021\/11\/DE-BERNARDIN-BORGHI.mp3<\/a><\/audio>\n<p>&nbsp;<\/p>\n<p><strong>di Gianni Santomaso<\/strong><\/p>\n<audio class=\"wp-audio-shortcode\" id=\"audio-245322-7\" preload=\"none\" style=\"width: 100%;\" controls=\"controls\"><source type=\"audio\/mpeg\" src=\"https:\/\/www.radiopiu.net\/wordpress\/wp-content\/uploads\/2021\/11\/GIANNI-BORGHI-ITALIA.mp3?_=7\" \/><a href=\"https:\/\/www.radiopiu.net\/wordpress\/wp-content\/uploads\/2021\/11\/GIANNI-BORGHI-ITALIA.mp3\">https:\/\/www.radiopiu.net\/wordpress\/wp-content\/uploads\/2021\/11\/GIANNI-BORGHI-ITALIA.mp3<\/a><\/audio>\n<p>&nbsp;<\/p>\n<hr \/>\n<p>&nbsp;<\/p>\n<blockquote>\n<h3>LA PROVINCIA DI BELLUNO CERTIFICATA FAMILY AUDIT: ATTENZIONE A FLESSIBILIT\u00c0 E CONCILIAZIONE TEMPI DI LAVORO<\/h3>\n<\/blockquote>\n<p><strong><a href=\"https:\/\/www.radiopiu.net\/wordpress\/padrin-la-fase-2-ci-veda-uniti-nel-programmare-la-ripartenza-torneremo-alla-normalita\/padrin-63\/\" rel=\"attachment wp-att-134835\"><img loading=\"lazy\" decoding=\"async\" class=\"size-medium wp-image-134835 alignleft\" src=\"https:\/\/www.radiopiu.net\/wordpress\/wp-content\/uploads\/2020\/05\/PADRIN-200x300.jpg\" alt=\"\" width=\"200\" height=\"300\" srcset=\"https:\/\/www.radiopiu.net\/wordpress\/wp-content\/uploads\/2020\/05\/PADRIN-200x300.jpg 200w, https:\/\/www.radiopiu.net\/wordpress\/wp-content\/uploads\/2020\/05\/PADRIN-683x1024.jpg 683w, https:\/\/www.radiopiu.net\/wordpress\/wp-content\/uploads\/2020\/05\/PADRIN-768x1152.jpg 768w, https:\/\/www.radiopiu.net\/wordpress\/wp-content\/uploads\/2020\/05\/PADRIN.jpg 945w\" sizes=\"auto, (max-width: 200px) 100vw, 200px\" \/><\/a>BELLUNO <\/strong>Provincia di Belluno a misura di dipendenti. Al termine di un percorso durato 8 mesi, partito con l\u2019adesione al Progetto del Consorzio Bim Piave \u201cFamily Audit, un cambiamento per il territorio bellunese\u201d, l\u2019ente di Palazzo Piloni ha ottenuto la prima certificazione da parte dell\u2019Agenzia per la coesione, la famiglia e la natalit\u00e0 Ufficio Family Audit della Provincia di Trento (ente certificatore).\u00a0 \u00abSi tratta di un riconoscimento importante &#8211; commenta il presidente della Provincia, Roberto Padrin -. In una societ\u00e0 sempre pi\u00f9 attenta alle questioni della sostenibilit\u00e0 sociale e dell\u2019inclusione, il nostro ente si \u00e8 dato da fare in maniera concreta per raggiungere gli obiettivi. Grazie a tutti i dipendenti che hanno lavorato al progetto e al Consorzio Bim che ha contribuito finanziando le spese di certificazione\u00bb.\u00a0 In questi 8 mesi un gruppo di dipendenti provinciali rappresentanti dei diversi settori, guidati dalla consulente Family Audit Elisa Rivaben, ha messo a punto il Piano aziendale poi approvato dall\u2019amministrazione e accolto dal Consiglio dell\u2019Audit. Il Piano si compone di 26 azioni suddivise in 6 macro ambiti che comprendono l\u2019organizzazione del lavoro, cultura aziendale \u2013 diversity equality e inclusion management, la comunicazione, welfare aziendale \u2013 people caring, welfare territoriale e nuove tecnologie.\u00a0 Il\u00a0Piano sar\u00e0 realizzato nella sua interezza nei prossimi tre anni e ha come obiettivo principale la conciliazione della vita lavorativa con la vita privata, aumentando la motivazione e il benessere dei dipendenti provinciali.<\/p>\n<p>&nbsp;<\/p>\n<p>&nbsp;<\/p>\n<hr \/>\n<p>&nbsp;<\/p>\n<blockquote>\n<h3>A LONGARONE SI RESPIRA \u201cARIA DI MIG\u201d<\/h3>\n<\/blockquote>\n<p><strong><a href=\"https:\/\/www.radiopiu.net\/wordpress\/giornale-radiopiu-29-novembre-2021-direttore-mirko-mezzacasa\/taglio-del-nastro-61a-mig\/\" rel=\"attachment wp-att-245495\"><img loading=\"lazy\" decoding=\"async\" class=\" wp-image-245495 alignleft\" src=\"https:\/\/www.radiopiu.net\/wordpress\/wp-content\/uploads\/2021\/11\/Taglio-del-nastro-61a-MIG-300x200.jpg\" alt=\"\" width=\"179\" height=\"119\" srcset=\"https:\/\/www.radiopiu.net\/wordpress\/wp-content\/uploads\/2021\/11\/Taglio-del-nastro-61a-MIG-300x200.jpg 300w, https:\/\/www.radiopiu.net\/wordpress\/wp-content\/uploads\/2021\/11\/Taglio-del-nastro-61a-MIG-1024x682.jpg 1024w, https:\/\/www.radiopiu.net\/wordpress\/wp-content\/uploads\/2021\/11\/Taglio-del-nastro-61a-MIG-768x512.jpg 768w, https:\/\/www.radiopiu.net\/wordpress\/wp-content\/uploads\/2021\/11\/Taglio-del-nastro-61a-MIG-1536x1024.jpg 1536w, https:\/\/www.radiopiu.net\/wordpress\/wp-content\/uploads\/2021\/11\/Taglio-del-nastro-61a-MIG.jpg 2000w\" sizes=\"auto, (max-width: 179px) 100vw, 179px\" \/><\/a>LONGARONE<\/strong> Si \u00e8 ufficialmente aperta la 61\u00b0 edizione della Mostra Internazionale del gelato. Un\u2019edizione diversa rispetto alle altre; aperta all\u2019enogastronomia, alla pasticceria, alla cioccolateria e al \u201cgreen\u201d. Esatto. Il \u201cgreen\u201d, una parola ormai sulla bocca di tutti ma difficilmente (se non a costo di enormi sacrifici) resa realt\u00e0. Quest\u2019anno, invece, il MIG apre anche alle aziende che fabbricano e costruiscono (o addirittura brevettano) macchinare per il gelato a impatto zero. La MIG, riservata quest\u2019anno ai soli operatori, continua nei prossimi giorni fino a mercoled\u00ec 1\u00b0 dicembre, con il consueto orario 10-18.30.<\/p>\n<p><strong>GIANANGELO BELLATI, PRESIDENTE DI LONGARONE FIERE<\/strong><\/p>\n<div style=\"width: 1200px;\" class=\"wp-video\"><video class=\"wp-video-shortcode\" id=\"video-245322-1\" width=\"1200\" height=\"675\" preload=\"metadata\" controls=\"controls\"><source type=\"video\/mp4\" src=\"https:\/\/www.radiopiu.net\/wordpress\/wp-content\/uploads\/2021\/11\/Gianangelo-Bellati-pres-Longarone-Fiere.mp4?_=1\" \/><a href=\"https:\/\/www.radiopiu.net\/wordpress\/wp-content\/uploads\/2021\/11\/Gianangelo-Bellati-pres-Longarone-Fiere.mp4\">https:\/\/www.radiopiu.net\/wordpress\/wp-content\/uploads\/2021\/11\/Gianangelo-Bellati-pres-Longarone-Fiere.mp4<\/a><\/video><\/div>\n<p>&nbsp;<\/p>\n<p><strong>IL TAGLIO DEL NASTRO E LE PRIME IMMAGINI DA LONGARONE FIERE<\/strong><\/p>\n<div style=\"width: 1200px;\" class=\"wp-video\"><video class=\"wp-video-shortcode\" id=\"video-245322-2\" width=\"1200\" height=\"900\" preload=\"metadata\" controls=\"controls\"><source type=\"video\/mp4\" src=\"https:\/\/www.radiopiu.net\/wordpress\/wp-content\/uploads\/2021\/11\/Video-coperture.mp4?_=2\" \/><a href=\"https:\/\/www.radiopiu.net\/wordpress\/wp-content\/uploads\/2021\/11\/Video-coperture.mp4\">https:\/\/www.radiopiu.net\/wordpress\/wp-content\/uploads\/2021\/11\/Video-coperture.mp4<\/a><\/video><\/div>\n<p>&nbsp;<\/p>\n<hr \/>\n<p>&nbsp;<\/p>\n<blockquote>\n<h3>I MERCATINI DI NATALE A FALCADE, IL RITORNO<\/h3>\n<\/blockquote>\n<p><strong><a href=\"https:\/\/www.radiopiu.net\/wordpress\/i-mercatini-di-natale-a-falcade-il-ritorno\/72251762_965463240475593_1304596221670719488_n\/\" rel=\"attachment wp-att-245509\"><img loading=\"lazy\" decoding=\"async\" class=\" wp-image-245509 alignleft\" src=\"https:\/\/www.radiopiu.net\/wordpress\/wp-content\/uploads\/2021\/11\/72251762_965463240475593_1304596221670719488_n-300x112.jpg\" alt=\"\" width=\"263\" height=\"98\" srcset=\"https:\/\/www.radiopiu.net\/wordpress\/wp-content\/uploads\/2021\/11\/72251762_965463240475593_1304596221670719488_n-300x112.jpg 300w, https:\/\/www.radiopiu.net\/wordpress\/wp-content\/uploads\/2021\/11\/72251762_965463240475593_1304596221670719488_n-768x287.jpg 768w, https:\/\/www.radiopiu.net\/wordpress\/wp-content\/uploads\/2021\/11\/72251762_965463240475593_1304596221670719488_n.jpg 960w\" sizes=\"auto, (max-width: 263px) 100vw, 263px\" \/><\/a>FALCADE<\/strong> Ritorna il mercatino di Natale,\u00a0 nella centralissima Piazza del municipio e saranno aperti dalle 16 alle 19. Da sabato 04 dicembre accensione del grande albero sulla Piana di Falcade, i giochi per i pi\u00f9 piccoli insieme alla Scuola Sci e Snowboard Falcade &#8211; Dolomiti &#8211; Think Blue, il nutella party con i maestri della Scuola Sci Nordico Falcade Page, i ragazzi dello Sci club Val Biois e il brul\u00e8 degli alpini. Ogni sabato ci sar\u00e0 un&#8217;evento in piazza municipio insieme al Gruppo Folk Val Biois, I Titataie, il Coro Val Biois, i coscritti del 2002, il Gruppo Folk Dei Bati Orz, San Nicol\u00f2, Babbo Natale e la Befana. Nella casetta del Soccorso alpino Val Biois, tutte le sere del mercatino, ci sar\u00e0 un laboratorio creativo per bambini insieme a AttivaMente Scuola e Sport.<\/p>\n<p>&nbsp;<\/p>\n<hr \/>\n<p>&nbsp;<\/p>\n<h2><span style=\"color: #ff6600;\"><strong><em><a href=\"https:\/\/www.radiopiu.net\/wordpress\/?attachment_id=245455\" rel=\"attachment wp-att-245455\"><img loading=\"lazy\" decoding=\"async\" class=\" wp-image-245455 alignleft\" src=\"https:\/\/www.radiopiu.net\/wordpress\/wp-content\/uploads\/2021\/11\/0-3-296x300.png\" alt=\"\" width=\"161\" height=\"163\" srcset=\"https:\/\/www.radiopiu.net\/wordpress\/wp-content\/uploads\/2021\/11\/0-3-296x300.png 296w, https:\/\/www.radiopiu.net\/wordpress\/wp-content\/uploads\/2021\/11\/0-3-1009x1024.png 1009w, https:\/\/www.radiopiu.net\/wordpress\/wp-content\/uploads\/2021\/11\/0-3-768x780.png 768w, https:\/\/www.radiopiu.net\/wordpress\/wp-content\/uploads\/2021\/11\/0-3-1513x1536.png 1513w, https:\/\/www.radiopiu.net\/wordpress\/wp-content\/uploads\/2021\/11\/0-3.png 1785w\" sizes=\"auto, (max-width: 161px) 100vw, 161px\" \/><\/a> <\/em><\/strong><\/span><\/h2>\n<h2><span style=\"color: #ff6600;\"><strong><em>\u00a0<\/em><\/strong><\/span><\/h2>\n<h2><span style=\"color: #ff6600;\"><strong><em>OGGI SUL CORRIERE DELLE ALPI<\/em><\/strong><\/span><\/h2>\n<h3><span style=\"color: #000000;\">FRANCO DEL TEDESCO E MARIA PALLA, UNA VITA AL MULINO TRA CERNADOI E ARABBA<\/span><\/h3>\n<p><strong>DI GIANNI SANTOMASO<\/strong><\/p>\n<p>&nbsp;<\/p>\n<p>&nbsp;<\/p>\n<hr \/>\n<p>&nbsp;<\/p>\n<blockquote>\n<h3>CENTRODESTRA COMPATTO VERSO LE ELEZIONI PROVINCIALI. PRESENTATA LA LISTA &#8220;PROGETTO DOLOMITI&#8221;<\/h3>\n<\/blockquote>\n<p><strong><a href=\"https:\/\/www.radiopiu.net\/wordpress\/74976-2\/provincia\/\" rel=\"attachment wp-att-75008\"><img loading=\"lazy\" decoding=\"async\" class=\"size-full wp-image-75008 alignleft\" src=\"https:\/\/www.radiopiu.net\/wordpress\/wp-content\/uploads\/2019\/01\/provincia.jpg\" alt=\"\" width=\"218\" height=\"231\" \/><\/a>BELLUNO<\/strong> Le forze di centrodestra rinserrano le fila e si presentano compatte all\u2019appuntamento con il rinnovo elettorale di Palazzo Piloni, in programma il mese prossimo. Al termine di un lavoro di confronto e condivisione sul programma e sulle priorit\u00e0 con cui dovr\u00e0 misurarsi il territorio bellunese nei prossimi anni, \u00e8 stata presentata la lista \u201cProgetto Dolomiti\u201d, a cui hanno dato un contributo attivo tutti i partiti dell\u2019area di centrodestra, oltre alla federazione delle liste civiche della citt\u00e0 di Belluno. Tra i temi-cardine del programma elettorale di \u201cProgetto Dolomiti\u201d sono stati individuati le misure economiche di sostegno alle famiglie e alle imprese, fondamentali nel condurre il contrasto allo spopolamento che affligge soprattutto le \u201cterre alte\u201d della provincia, ma anche un attento piano di programmazione e monitoraggio delle infrastrutture, anche in vista dell\u2019appuntamento olimpico di \u201cCortina 2026\u201d, nonch\u00e9 alle politiche legate alla scuola e ai trasporti pubblici. Il \u201claboratorio\u201d avviato per la definizione del programma e della lista per le provinciali costituir\u00e0 anche un valido punto di partenza in vista dell\u2019appuntamento con le amministrative del 2022 che vedono chiamati alle urne i cittadini di alcuni importanti comuni del Bellunese, tra i quali il capoluogo e Feltre. Questi i 10 componenti della lista \u201cProgetto Dolomiti\u201d candidati al ruolo di consigliere per la Provincia di Belluno: Amalia Serenella Bogana, Massimo Bortoluzzi, Elsa Colomberotto, Danilo De Toni, Luca Fanton, Mattia Gosetti, Sara Lavader, Monica Mazzoccoli, Dario Scopel, Roberta Olivotto.<\/p>\n<p>&nbsp;<\/p>\n<p>&nbsp;<\/p>\n<hr \/>\n<p>&nbsp;<\/p>\n<blockquote>\n<h3>MANUTENZIONE DELLE AREE VERDI: IL COMUNE DI FELTRE E L&#8217;ISTITUTO \u201cDELLA LUCIA\u201d SIGLANO UN ACCORDO FINO AL GIUGNO DEL 2023<\/h3>\n<\/blockquote>\n<p><strong><a href=\"https:\/\/www.radiopiu.net\/wordpress\/omaggi-a-feltre-dallalto\/94e3b68b-d386-4f94-8aa8-30105c25932b\/\" rel=\"attachment wp-att-145789\"><img loading=\"lazy\" decoding=\"async\" class=\"size-medium wp-image-145789 alignleft\" src=\"https:\/\/www.radiopiu.net\/wordpress\/wp-content\/uploads\/2020\/06\/94e3b68b-d386-4f94-8aa8-30105c25932b-300x225.jpg\" alt=\"\" width=\"300\" height=\"225\" srcset=\"https:\/\/www.radiopiu.net\/wordpress\/wp-content\/uploads\/2020\/06\/94e3b68b-d386-4f94-8aa8-30105c25932b-300x225.jpg 300w, https:\/\/www.radiopiu.net\/wordpress\/wp-content\/uploads\/2020\/06\/94e3b68b-d386-4f94-8aa8-30105c25932b-768x576.jpg 768w, https:\/\/www.radiopiu.net\/wordpress\/wp-content\/uploads\/2020\/06\/94e3b68b-d386-4f94-8aa8-30105c25932b.jpg 960w\" sizes=\"auto, (max-width: 300px) 100vw, 300px\" \/><\/a>FELTRE <\/strong>Si consolida e si amplia la collaborazione tra il Comune di Feltre e l&#8217;Istituto di Istruzione Superiore &#8220;Antonio Della Lucia&#8221; per la manutenzione delle aree verdi comunali. Alla luce degli esiti positivi dell&#8217;esperienza &#8211; avviata nel 2019 e poi rinnovata per un&#8217;altra annualit\u00e0 sino a quest&#8217;estate in via Nassa &#8211; i due partner hanno ora deciso di ampliare\u00a0 l&#8217;oggetto dell&#8217;accordo a tutte quelle aree che potranno essere di volta in volta individuate in relazione alle esigenze del servizio di manutenzione del verde comunale. In base allo schema di collaborazione approvato dalla giunta nella sua ultima seduta, il Comune di Feltre si impegna a mettere a disposizione le aree comunali che verranno congiuntamente individuate dal referente dell\u2019Istituto e dal Responsabile della l&#8217;U.O. Ambiente, Verde e Protezione Civile per lo svolgimento da parte dell&#8217;Istituto delle attivit\u00e0 di manutenzione e a riconoscere un rimborso spese nella misura massima di 500 euro annui. L&#8217;Istituto \u201cDella Lucia\u201d, a sua volta, con la sottoscrizione dell&#8217;accordo, si impegna a svolgere le attivit\u00e0 di pulizia e manutenzione indicate e a osservare e far applicare le normative in materia di sicurezza e salute nei luoghi di lavoro alle persone coinvolte nello svolgimento delle attivit\u00e0 in oggetto, dotando gli allievi di DPI idonei in relazione alle lavorazioni da realizzare e formandoli rispetto ai rischi associati alle attivit\u00e0 da realizzare.<\/p>\n<p>&nbsp;<\/p>\n<p>&nbsp;<\/p>\n<hr \/>\n<p>&nbsp;<\/p>\n<blockquote>\n<h3>IL TESSUTO PRODUTTIVO BELLUNESE PIACE AI GIOVANI INNOVATORI HI-TECH ITALIANI (E DEL MONDO)<\/h3>\n<\/blockquote>\n<p><strong><a href=\"https:\/\/www.radiopiu.net\/wordpress\/giornale-radiopiu-26-maggio-2021-direttore-mirko-mezzacasa\/confindustria\/\" rel=\"attachment wp-att-211858\"><img loading=\"lazy\" decoding=\"async\" class=\"size-medium wp-image-211858 alignleft\" src=\"https:\/\/www.radiopiu.net\/wordpress\/wp-content\/uploads\/2021\/05\/CONFINDUSTRIA-300x300.png\" alt=\"\" width=\"300\" height=\"300\" srcset=\"https:\/\/www.radiopiu.net\/wordpress\/wp-content\/uploads\/2021\/05\/CONFINDUSTRIA-300x300.png 300w, https:\/\/www.radiopiu.net\/wordpress\/wp-content\/uploads\/2021\/05\/CONFINDUSTRIA-150x150.png 150w, https:\/\/www.radiopiu.net\/wordpress\/wp-content\/uploads\/2021\/05\/CONFINDUSTRIA.png 575w\" sizes=\"auto, (max-width: 300px) 100vw, 300px\" \/><\/a>BELLUNO <\/strong>Le imprese bellunesi incontrano una selezione di start up italiane e straniere per avviare nuovi percorsi di innovazione. Grazie all\u2019Industrio Call for Innovation 2021 \u2013 Startup per la Dolomiti Innovation Valley. La Call, che rientra nell\u2019ambito dell\u2019Industrio Radar Belluno &#8211; iniziativa dell\u2019acceleratore e investitore manifatturiero Industrio Ventures e di Confindustria Belluno Dolomiti, finanziata dal Fondo Comuni Confinanti e sostenuto dalla Provincia di Belluno &#8211; ha destato l\u2019interesse di start up, spinoff universitari e progetti imprenditoriali non solo italiani ma anche stranieri, con adesioni da territori hi-tech come la Baviera, Singapore, l\u2019Inghilterra. Alla fine gli esperti di Industrio Ventures hanno selezionato, tra tutte le candidature, venti eccellenze attive in settori fondamentali per il manifatturiero bellunese (e italiano) come l\u2019Internet delle Cose (IoT), la meccatronica, l\u2019Industria 4.0, la robotica, la trasformazione digitale, la manutenzione predittiva e settori collegati, e le hanno presentate il 22 novembre agli imprenditori del Digital Innovation Hub Belluno Dolomiti. Nei prossimi giorni una seconda selezione individuer\u00e0 le pi\u00f9 interessanti, che gioved\u00ec 9 dicembre si presenteranno al tessuto produttivo bellunese nel corso di un evento ad hoc. Tra le venti eccellenze ansiose di lavorare con le imprenditrici e gli imprenditori bellunesi, otto provengono dal nordest (con in testa l\u2019Emilia-Romagna), sei dal nordovest (a condurre qui \u00e8 la Lombardia), tre dall\u2019Italia centrale, e tre dall\u2019estero (Germania, UK, Singapore).<\/p>\n<p>&nbsp;<\/p>\n<p>&nbsp;<\/p>\n<hr \/>\n<p>&nbsp;<\/p>\n<p>&nbsp;<\/p>\n<p>&nbsp;<\/p>\n<blockquote>\n<h3>IL RITROVO DEGLI EX DIRIGENTI DELLA EX DIREZIONE FORESTE ED ECONOMIA MONTANA<\/h3>\n<\/blockquote>\n<p><strong><a href=\"https:\/\/www.radiopiu.net\/wordpress\/il-ritrovo-degli-ex-dirigenti-della-ex-direzione-foreste-ed-economia-montana\/6bd73685-d66d-4746-9809-ea744d287936\/\" rel=\"attachment wp-att-245325\"><img loading=\"lazy\" decoding=\"async\" class=\" wp-image-245325 alignleft\" src=\"https:\/\/www.radiopiu.net\/wordpress\/wp-content\/uploads\/2021\/11\/6bd73685-d66d-4746-9809-ea744d287936-199x300.jpg\" alt=\"\" width=\"175\" height=\"264\" srcset=\"https:\/\/www.radiopiu.net\/wordpress\/wp-content\/uploads\/2021\/11\/6bd73685-d66d-4746-9809-ea744d287936-199x300.jpg 199w, https:\/\/www.radiopiu.net\/wordpress\/wp-content\/uploads\/2021\/11\/6bd73685-d66d-4746-9809-ea744d287936-680x1024.jpg 680w, https:\/\/www.radiopiu.net\/wordpress\/wp-content\/uploads\/2021\/11\/6bd73685-d66d-4746-9809-ea744d287936-768x1157.jpg 768w, https:\/\/www.radiopiu.net\/wordpress\/wp-content\/uploads\/2021\/11\/6bd73685-d66d-4746-9809-ea744d287936-1020x1536.jpg 1020w, https:\/\/www.radiopiu.net\/wordpress\/wp-content\/uploads\/2021\/11\/6bd73685-d66d-4746-9809-ea744d287936.jpg 1144w\" sizes=\"auto, (max-width: 175px) 100vw, 175px\" \/><\/a>SOLAGNA (VI) <\/strong>Ritrovo di ex dirigenti appartenenti alla ormai ex Direzione Foreste ed Economia montana della Regione Veneto: Miria Righele (gi\u00e0 dirigente del Servizio Forestale regionale di Vicenza), Luigi Alfonsi (gi\u00e0 dirigente del Srvizio Difesa Idrogeologico a Mestre), Fabio Zuliani (gi\u00e0 dirigente del Servizio Forestale regionale di Vicenza), Damiano Tancon (gi\u00e0 dirigente del Servizio Forestale regionale di Verona), Pierantonio Zanchetta (gi\u00e0 dirigente del Servizio Forestale regionale di Belluno). C&#8217;erano anche Attilio Geremia (gi\u00e0 dirigente del Servizio Forestale regionale di Padova) e Maurizio Minuzzo (gi\u00e0 dirigente del Servizio Economia Montana a Mestre). &#8220;Il nostro incontro &#8211; dice Pierantonio Zanchetta &#8211; \u00e8 stato come altrimenti non sarebbe potuto essere, vivo di gioia per esserci trovati nuovamente e felicemente, come \u00e8 gi\u00e0 accaduto in altre e diverse occasioni, perch\u00e9 l&#8217;alchimia che ha combinato persone cos\u00ec diverse in uno stesso ambito, ha consentito una felicissima conoscenza collettiva e convivenza in un lungo periodo. La Direzione Foreste \u00e8 vissuta con noi, con questa felice alchimia e con noi ha lasciato il territorio, ma non la memoria storica di tutto ci\u00f2 che di buono siamo stati capaci di fare, davanti a tutto e a tutti, la vita del ns lavoro, l&#8217;entusiasmo e l&#8217;impegno quotidiano profusi nel fare le cose al meglio che ci era consentito&#8221;<\/p>\n<p>&nbsp;<\/p>\n<p>&nbsp;<\/p>\n<hr \/>\n<p>&nbsp;<\/p>\n<blockquote>\n<h3>LA GIORNATA DELLA COLLETTA ALIMENTARE CON GLI ALPINI DI LA VALLE<\/h3>\n<\/blockquote>\n<p><strong>LA VALLE<\/strong> Gli Alpini del gruppo di La Valle Agordina al lavoro nella giornata dedicata alla colletta alimentare. Angelo e Paolo in prima linea al Panificio &#8220;El Forner&#8221; impegnati nella raccolta dei generi alimentari donati dai cittadini. Per l&#8217;occasione in visita anche il sindaco di La Valle Ezio Zuanel che ha voluto onorare questa lodevole iniziativa a nome di tutta la cittadinanza.<\/p>\n\n\t\t\t<style type='text\/css'>\n\t\t\t\t#gallery-6 {\n\t\t\t\t\tmargin: auto;\n\t\t\t\t}\n\t\t\t\t#gallery-6 .gallery-item {\n\t\t\t\t\tfloat: left;\n\t\t\t\t\tmargin-top: 10px;\n\t\t\t\t\ttext-align: center;\n\t\t\t\t\twidth: 33%;\n\t\t\t\t}\n\t\t\t\t#gallery-6 img {\n\t\t\t\t\tborder: 2px solid #cfcfcf;\n\t\t\t\t}\n\t\t\t\t#gallery-6 .gallery-caption {\n\t\t\t\t\tmargin-left: 0;\n\t\t\t\t}\n\t\t\t\t\/* see gallery_shortcode() in wp-includes\/media.php *\/\n\t\t\t<\/style>\n\t\t<div id='gallery-6' class='dt-gallery-container gallery galleryid-245322 gallery-columns-3 gallery-size-medium'><dl class='gallery-item'>\n\t\t\t\t<dt class='gallery-icon portrait'>\n\t\t\t\t\t<a class=\"rollover rollover-zoom dt-pswp-item\" title=\"8b836f5d-f0dc-4d3c-ba89-46467fd5d21e\" data-dt-img-description=\"\" data-large_image_width=\"720\" data-large_image_height=\"724\"href='https:\/\/www.radiopiu.net\/wordpress\/wp-content\/uploads\/2021\/11\/8b836f5d-f0dc-4d3c-ba89-46467fd5d21e.jpg'><img loading=\"lazy\" decoding=\"async\" width=\"298\" height=\"300\" src=\"https:\/\/www.radiopiu.net\/wordpress\/wp-content\/uploads\/2021\/11\/8b836f5d-f0dc-4d3c-ba89-46467fd5d21e-298x300.jpg\" class=\"attachment-medium size-medium\" alt=\"\" srcset=\"https:\/\/www.radiopiu.net\/wordpress\/wp-content\/uploads\/2021\/11\/8b836f5d-f0dc-4d3c-ba89-46467fd5d21e-298x300.jpg 298w, https:\/\/www.radiopiu.net\/wordpress\/wp-content\/uploads\/2021\/11\/8b836f5d-f0dc-4d3c-ba89-46467fd5d21e-150x150.jpg 150w, https:\/\/www.radiopiu.net\/wordpress\/wp-content\/uploads\/2021\/11\/8b836f5d-f0dc-4d3c-ba89-46467fd5d21e.jpg 720w\" sizes=\"auto, (max-width: 298px) 100vw, 298px\" \/><\/a>\n\t\t\t\t<\/dt><\/dl><dl class='gallery-item'>\n\t\t\t\t<dt class='gallery-icon landscape'>\n\t\t\t\t\t<a class=\"rollover rollover-zoom dt-pswp-item\" title=\"dcdc37ba-1ae9-4fb3-beab-2df466804974\" data-dt-img-description=\"\" data-large_image_width=\"1600\" data-large_image_height=\"1198\"href='https:\/\/www.radiopiu.net\/wordpress\/wp-content\/uploads\/2021\/11\/dcdc37ba-1ae9-4fb3-beab-2df466804974.jpg'><img loading=\"lazy\" decoding=\"async\" width=\"300\" height=\"225\" src=\"https:\/\/www.radiopiu.net\/wordpress\/wp-content\/uploads\/2021\/11\/dcdc37ba-1ae9-4fb3-beab-2df466804974-300x225.jpg\" class=\"attachment-medium size-medium\" alt=\"\" srcset=\"https:\/\/www.radiopiu.net\/wordpress\/wp-content\/uploads\/2021\/11\/dcdc37ba-1ae9-4fb3-beab-2df466804974-300x225.jpg 300w, https:\/\/www.radiopiu.net\/wordpress\/wp-content\/uploads\/2021\/11\/dcdc37ba-1ae9-4fb3-beab-2df466804974-1024x767.jpg 1024w, https:\/\/www.radiopiu.net\/wordpress\/wp-content\/uploads\/2021\/11\/dcdc37ba-1ae9-4fb3-beab-2df466804974-768x575.jpg 768w, https:\/\/www.radiopiu.net\/wordpress\/wp-content\/uploads\/2021\/11\/dcdc37ba-1ae9-4fb3-beab-2df466804974-1536x1150.jpg 1536w, https:\/\/www.radiopiu.net\/wordpress\/wp-content\/uploads\/2021\/11\/dcdc37ba-1ae9-4fb3-beab-2df466804974.jpg 1600w\" sizes=\"auto, (max-width: 300px) 100vw, 300px\" \/><\/a>\n\t\t\t\t<\/dt><\/dl><dl class='gallery-item'>\n\t\t\t\t<dt class='gallery-icon landscape'>\n\t\t\t\t\t<a class=\"rollover rollover-zoom dt-pswp-item\" title=\"051712c2-ec60-4943-ae76-5ed4675cbb44\" data-dt-img-description=\"\" data-large_image_width=\"1600\" data-large_image_height=\"1198\"href='https:\/\/www.radiopiu.net\/wordpress\/wp-content\/uploads\/2021\/11\/051712c2-ec60-4943-ae76-5ed4675cbb44.jpg'><img loading=\"lazy\" decoding=\"async\" width=\"300\" height=\"225\" src=\"https:\/\/www.radiopiu.net\/wordpress\/wp-content\/uploads\/2021\/11\/051712c2-ec60-4943-ae76-5ed4675cbb44-300x225.jpg\" class=\"attachment-medium size-medium\" alt=\"\" srcset=\"https:\/\/www.radiopiu.net\/wordpress\/wp-content\/uploads\/2021\/11\/051712c2-ec60-4943-ae76-5ed4675cbb44-300x225.jpg 300w, https:\/\/www.radiopiu.net\/wordpress\/wp-content\/uploads\/2021\/11\/051712c2-ec60-4943-ae76-5ed4675cbb44-1024x767.jpg 1024w, https:\/\/www.radiopiu.net\/wordpress\/wp-content\/uploads\/2021\/11\/051712c2-ec60-4943-ae76-5ed4675cbb44-768x575.jpg 768w, https:\/\/www.radiopiu.net\/wordpress\/wp-content\/uploads\/2021\/11\/051712c2-ec60-4943-ae76-5ed4675cbb44-1536x1150.jpg 1536w, https:\/\/www.radiopiu.net\/wordpress\/wp-content\/uploads\/2021\/11\/051712c2-ec60-4943-ae76-5ed4675cbb44.jpg 1600w\" sizes=\"auto, (max-width: 300px) 100vw, 300px\" \/><\/a>\n\t\t\t\t<\/dt><\/dl><br style=\"clear: both\" \/>\n\t\t\t<\/div>\n\n<p>&nbsp;<\/p>\n<blockquote>\n<h2>e.. da Falcade ancora alpini<\/h2>\n<\/blockquote>\n<p><a class=\"dt-pswp-item\" href=\"https:\/\/www.radiopiu.net\/wordpress\/wp-content\/uploads\/2021\/11\/da9e358b-5ba2-4fe8-a9de-f73a2756881f.jpg\" data-dt-img-description=\"\" data-large_image_width=\"1600\" data-large_image_height=\"1200\"><img loading=\"lazy\" decoding=\"async\" class=\"alignnone wp-image-245551 size-medium\" src=\"https:\/\/www.radiopiu.net\/wordpress\/wp-content\/uploads\/2021\/11\/da9e358b-5ba2-4fe8-a9de-f73a2756881f-300x225.jpg\" alt=\"\" width=\"300\" height=\"225\" srcset=\"https:\/\/www.radiopiu.net\/wordpress\/wp-content\/uploads\/2021\/11\/da9e358b-5ba2-4fe8-a9de-f73a2756881f-300x225.jpg 300w, https:\/\/www.radiopiu.net\/wordpress\/wp-content\/uploads\/2021\/11\/da9e358b-5ba2-4fe8-a9de-f73a2756881f-1024x768.jpg 1024w, https:\/\/www.radiopiu.net\/wordpress\/wp-content\/uploads\/2021\/11\/da9e358b-5ba2-4fe8-a9de-f73a2756881f-768x576.jpg 768w, https:\/\/www.radiopiu.net\/wordpress\/wp-content\/uploads\/2021\/11\/da9e358b-5ba2-4fe8-a9de-f73a2756881f-1536x1152.jpg 1536w, https:\/\/www.radiopiu.net\/wordpress\/wp-content\/uploads\/2021\/11\/da9e358b-5ba2-4fe8-a9de-f73a2756881f.jpg 1600w\" sizes=\"auto, (max-width: 300px) 100vw, 300px\" \/>\u00a0<\/a><\/p>\n<p>&nbsp;<\/p>\n<p>&nbsp;<\/p>\n<p>&nbsp;<\/p>\n<hr \/>\n<p>&nbsp;<\/p>\n<blockquote>\n<h3>A PONTE NELLE ALPI GLI AMICI A 4 ZAMPE SONO I BENVENUTI NEI MATRIMONI IN MUNICIPIO<\/h3>\n<\/blockquote>\n<p><strong><a href=\"https:\/\/www.radiopiu.net\/wordpress\/giornale-radiopiu-29-novembre-2021-direttore-mirko-mezzacasa\/matrimonio_a_ponte_nelle_alpi\/\" rel=\"attachment wp-att-245340\"><img loading=\"lazy\" decoding=\"async\" class=\" wp-image-245340 alignleft\" src=\"https:\/\/www.radiopiu.net\/wordpress\/wp-content\/uploads\/2021\/11\/Matrimonio_a_Ponte_nelle_Alpi-300x225.jpg\" alt=\"\" width=\"273\" height=\"205\" srcset=\"https:\/\/www.radiopiu.net\/wordpress\/wp-content\/uploads\/2021\/11\/Matrimonio_a_Ponte_nelle_Alpi-300x225.jpg 300w, https:\/\/www.radiopiu.net\/wordpress\/wp-content\/uploads\/2021\/11\/Matrimonio_a_Ponte_nelle_Alpi-1024x768.jpg 1024w, https:\/\/www.radiopiu.net\/wordpress\/wp-content\/uploads\/2021\/11\/Matrimonio_a_Ponte_nelle_Alpi-768x576.jpg 768w, https:\/\/www.radiopiu.net\/wordpress\/wp-content\/uploads\/2021\/11\/Matrimonio_a_Ponte_nelle_Alpi.jpg 1244w\" sizes=\"auto, (max-width: 273px) 100vw, 273px\" \/><\/a>PONTE NELLE ALPI <\/strong>Invitati speciali ai matrimoni con rito civile nel municipio di Cadola: sono gli amici a quattro zampe.<span class=\"gmail-Apple-converted-space\"> \u00a0<\/span>Il Comune di Ponte nelle Alpi, infatti, permette ai cagnolini di rimanere al fianco degli sposi, nel momento del fatidico \u201cs\u00ec\u201d: \u00abDa oggi &#8211; afferma il sindaco Paolo Vendramini &#8211; a partire dalla richiesta degli sposi Gigliola e Michelangelo, autorizziamo la presenza degli amici a quattro zampe\u00bb. <span class=\"gmail-Apple-converted-space\">\u00a0 <\/span>In sala consiliare c\u2019\u00e8 posto per tutti: \u00abMoltissime famiglie posseggono cani che non possono mancare a momenti importanti e a cerimonie. Per questo \u00e8 stata data la possibilit\u00e0, a chi ne ha il desiderio, di far partecipare i fedeli cagnolini\u00bb.<span class=\"gmail-Apple-converted-space\"> \u00a0<\/span>Questa, inoltre, \u00e8 anche la Giornata mondiale del dono: \u00abUn invito &#8211; conclude Vendramini &#8211; a regalare non solo oggetti concreti, ma anche gli abbracci, i sorrisi, l\u2019amore\u00bb. Proprio come hanno fatto Gigliola, Michelangelo. E i loro amici a quattro zampe. <span class=\"gmail-Apple-converted-space\">\u00a0<\/span><\/p>\n<p>&nbsp;<\/p>\n<p>&nbsp;<\/p>\n<hr \/>\n<p>&nbsp;<\/p>\n<blockquote>\n<h3>TASSE: INIZIO SETTIMANA DA \u201cINCUBO\u201d. LE IMPRESE VENETE VERSERANNO AL FISCO 3 MILIARDI<\/h3>\n<\/blockquote>\n<p><a class=\"dt-pswp-item\" href=\"https:\/\/www.radiopiu.net\/wordpress\/wp-content\/uploads\/2021\/11\/Schermata-2021-11-27-alle-09.46.53.png\" data-dt-img-description=\"\" data-large_image_width=\"1310\" data-large_image_height=\"772\"><img loading=\"lazy\" decoding=\"async\" class=\"alignleft size-medium wp-image-245300\" src=\"https:\/\/www.radiopiu.net\/wordpress\/wp-content\/uploads\/2021\/11\/Schermata-2021-11-27-alle-09.46.53-300x177.png\" alt=\"\" width=\"300\" height=\"177\" srcset=\"https:\/\/www.radiopiu.net\/wordpress\/wp-content\/uploads\/2021\/11\/Schermata-2021-11-27-alle-09.46.53-300x177.png 300w, https:\/\/www.radiopiu.net\/wordpress\/wp-content\/uploads\/2021\/11\/Schermata-2021-11-27-alle-09.46.53-1024x603.png 1024w, https:\/\/www.radiopiu.net\/wordpress\/wp-content\/uploads\/2021\/11\/Schermata-2021-11-27-alle-09.46.53-768x453.png 768w, https:\/\/www.radiopiu.net\/wordpress\/wp-content\/uploads\/2021\/11\/Schermata-2021-11-27-alle-09.46.53.png 1310w\" sizes=\"auto, (max-width: 300px) 100vw, 300px\" \/><\/a>Luned\u00ec e marted\u00ec prossimi saranno due giorni da \u201cincubo\u201d anche per gli imprenditori veneti che saranno chiamati a onorare la scadenza fiscale pi\u00f9 onerosa dell\u2019anno. Tra il pagamento degli acconti Ires, Irap, Irpef e dell\u2019imposta sostitutiva in capo alle aziende in regime forfettario, l\u2019Ufficio studi della CGIA stima che le imprese della nostra regione saranno chiamate a pagare all\u2019Erario almeno 3 miliardi di euro.<\/p>\n<p>Gli artigiani, i commercianti e i lavoratori autonomi, inoltre, pagheranno all\u2019Inps anche i propri contributi previdenziali. A fronte di questa situazione non mancheranno casi in cui sar\u00e0 difficile onorare questa scadenza; purtroppo, la mancanza di liquidit\u00e0 sta tornando ad essere un problema assillante, soprattutto per tantissime piccole e micro imprese.<\/p>\n<p><strong>Riforma fiscale: la CGIA in linea con il Governo<\/strong><br \/>\nL\u2019accordo politico raggiunto nei giorni scorsi sul taglio delle imposte, cos\u00ec come previsto dalla prossima legge di Bilancio, \u00e8 stato salutato positivamente dalla CGIA. Con 7 miliardi di Irpef in meno e la riduzione di un miliardo di Irap, gli artigiani mestrini ricevono una risposta in linea con la posizione assunta in questi mesi: gli 8 miliardi di riduzione messi in manovra dal Governo dovevano interessare quasi esclusivamente l\u2019Irpef. E cos\u00ec \u00e8 stato. Certo, tutto questo non \u00e8 ancora sufficiente e la CGIA confida nella legge delega affinch\u00e9 l\u2019esecutivo riduca ulteriormente le imposte, contribuendo a portare la nostra pressione fiscale in linea con la media europea. Da tempo immemorabile, infatti, anche gli imprenditori veneti, da sempre fortemente vocati all\u2019export, chiedono un fisco meno aggressivo che gli permetta di misurarsi ad armi pari con i propri concorrenti stranieri.<\/p>\n<p><strong><a class=\"dt-pswp-item\" href=\"https:\/\/www.radiopiu.net\/wordpress\/wp-content\/uploads\/2021\/11\/Schermata-2021-11-27-alle-09.49.49.png\" data-dt-img-description=\"\" data-large_image_width=\"1154\" data-large_image_height=\"1404\"><img loading=\"lazy\" decoding=\"async\" class=\"alignleft size-medium wp-image-245299\" src=\"https:\/\/www.radiopiu.net\/wordpress\/wp-content\/uploads\/2021\/11\/Schermata-2021-11-27-alle-09.49.49-247x300.png\" alt=\"\" width=\"247\" height=\"300\" srcset=\"https:\/\/www.radiopiu.net\/wordpress\/wp-content\/uploads\/2021\/11\/Schermata-2021-11-27-alle-09.49.49-247x300.png 247w, https:\/\/www.radiopiu.net\/wordpress\/wp-content\/uploads\/2021\/11\/Schermata-2021-11-27-alle-09.49.49-842x1024.png 842w, https:\/\/www.radiopiu.net\/wordpress\/wp-content\/uploads\/2021\/11\/Schermata-2021-11-27-alle-09.49.49-768x934.png 768w, https:\/\/www.radiopiu.net\/wordpress\/wp-content\/uploads\/2021\/11\/Schermata-2021-11-27-alle-09.49.49.png 1154w\" sizes=\"auto, (max-width: 247px) 100vw, 247px\" \/><\/a>Anche dicembre sar\u00e0 un mese molto impegnativo<\/strong><br \/>\nAnche dicembre sar\u00e0 un mese particolarmente impegnativo sul fronte fiscale. Entro il 16 dicembre, infatti, anche le aziende venete dovranno versare i contributi previdenziali e assistenziali e le ritenute Irpef dei propri dipendenti e collaboratori. Dovranno, inoltre, pagare l\u2019acconto dell\u2019imposta sostitutiva sui redditi da rivalutazione del Tfr, il saldo dell\u2019Imu su capannoni, uffici, negozi e l\u2019Iva del mese di novembre, semprech\u00e9 si tratti di contribuenti mensili. Infine, entro Natale dovranno liquidare anche le tredicesime ai propri dipendenti. Insomma, non \u00e8 da escludere che molti piccoli imprenditori a corto di denaro si troveranno in seria difficolt\u00e0 a rispettare tutte queste scadenze cos\u00ec ravvicinate.<\/p>\n<p><strong>A chi non paga entro marted\u00ec, cosa gli accade ?<\/strong><br \/>\nSe qualcuno non rispetta la scadenza di pagamento prevista per marted\u00ec 30 novembre, cosa gli accade ? L\u2019ordinamento tributario, ricorda l\u2019Ufficio studi della CGIA, impone al contribuente una sanzione dell\u20191 per cento dell\u2019importo da versare al fisco per ogni giorno di ritardo entro il 15\u00b0 dalla scadenza. La percentuale sale al 15 per cento se il pagamento viene effettuato entro il 90\u00b0 giorno dalla scadenza. Per omesso pagamento o per versamento effettuato dopo 90 giorni dal termine previsto per legge, la sanzione sale al 30 per cento dell\u2019importo da versare all\u2019erario. Indipendentemente dal ritardo, sono altres\u00ec dovuti gli interessi legali pari al 4 per cento dell\u2019importo da pagare. Va ricordato che le sanzioni possono essere fortemente ridimensionate usufruendo dell\u2019istituto del \u201cravvedimento operoso\u201d, a condizione che si versi sia l\u2019importo omesso che la sanzione (opportunamente ridotta) e gli interessi. Le riduzioni, ovviamente, diminuiscono con il passare del tempo di pagamento.<\/p>\n<p><strong>Modalit\u00e0 di pagamento contorto che penalizza tutti<\/strong><br \/>\nIn Italia il principio di base \u00e8 che l\u2019artigiano o il piccolo commerciante paga le tasse non solo su ci\u00f2 che ha dichiarato l\u2019anno precedente, ma anche su quanto guadagna nell\u2019anno corrente, come \u201cacconto\u201d per il pagamento delle tasse che andranno versate nell\u2019anno seguente.<br \/>\nIn altre parole, va a credito (o a debito) con il fisco per l\u2019annualit\u00e0 che deve ancora venire. In linea di massima, questo sistema prevede che il versamento delle imposte all\u2019erario avvenga in due tranche: la prima tra fine giugno e inizio luglio, la seconda entro la fine del mese di novembre. L\u2019ammontare degli acconti \u00e8 pari al 100 per cento dell\u2019imposta dovuta per l\u2019anno precedente e viene solitamente versato in due rate a giugno e a novembre. Entrambe sono uguali per \u201ci soggetti ISA\u201d (cio\u00e8 coloro i quali svolgono attivit\u00e0 economiche per le quali sono stati elaborati gli Indici Sintetici di Affidabilit\u00e0), mentre &#8211; per gli altri contribuenti &#8211; la prima rata corrisponde al 40 per cento del dovuto e la seconda al 60 per cento. Questo meccanismo genera una situazione di scarsa trasparenza e sovente crea problemi finanziari, perch\u00e9 \u00e8 difficile per l\u2019imprenditore prevedere quanto dovr\u00e0 pagare. La situazione, infatti, \u00e8 equilibrata solo quando non vi sono evidenti differenze di reddito tra un anno e l\u2019altro, ma quando non \u00e8 cos\u00ec, come \u00e8 successo tra il 2019 e il 2020, le cose si complicano. Nel caso in cui il reddito risulti essere pi\u00f9 basso di quello registrato l\u2019anno prima, l\u2019imprenditore va a credito, in quanto gli acconti di imposta vengono calcolati su un reddito pi\u00f9 elevato. Se, invece, si verifica un forte incremento di reddito, la situazione si capovolge. Il contribuente va a debito e nella scadenza di giugno \u00e8 chiamato a pagare un saldo di imposta molto impegnativo, perch\u00e9 gli acconti calcolati l\u2019anno prima erano sottostimati. Questo spiega la ragione per cui il fisco non premia la crescita di reddito, ma, semmai, la penalizza.<\/p>\n<p>&nbsp;<\/p>\n<p>&nbsp;<\/p>\n<hr \/>\n<p>&nbsp;<\/p>\n<blockquote>\n<h3>SCOLARESCHE, I MATRIMONI, LE FESTE, IL BALLO LAVORI E MOLTO ALTRO FRA I RICORDI SU ZENICH<\/h3>\n<\/blockquote>\n<p><strong>di Renato Bona<\/strong><\/p>\n<p>Una bella panoramica con tutti gli alunni delle cinque classi elementari apre la serie di immagini selezionate per la frazione Zenich di Rivamonte Agordino e riprodotte nel libro \u201cUna finestra su Riva\u201d edito con la tipografia Castaldi di Agordo nell\u2019ottobre 2013 a cura del Club Unesco Agordino presieduto da Giuliano Laveder. Le frazioni di Rivamonte Agordino sono il filo conduttore scelto per raccontare frazioni e localit\u00e0 che \u201ccome dei piccoli tasselli di un puzzle costituiscono o costituivano il Comune di Rivamonte. Infatti, molte di queste localit\u00e0 sono ormai disabitate e stanno lentamente ed inesorabilmente per essere inghiottite dalla natura\u201d. Per evidenti ragioni di spazio, la proposizione delle immagini con relative diciture &#8211; per le quali \u00e8 stata impegnata Emilia Sommariva &#8211; sar\u00e0 suddivisa in due puntate. Quella di oggi, come detto, propone: \u201cScuola di Zenich &#8211; 1962\u201d con questa stringata didascalia: \u201cTutti gli alunni delle cinque classi elementari con gli insegnanti: Lucia Da Costa e Giuseppe Schena\u201d. Segue \u201cZenich &#8211; 1928; matrimonio di Antonia Schena (Nina del T\u00e8to) e Attilio Caldart\u201d. Si riconoscono tra gli altri: Domenico Schena (M\u00e9ca),Giulio Schena,Maria Vincenza e Cleto Schena (T\u00e9to) genitori della sposa, Ettore Schena, Attilio Schena, Celeste Schena, Maria Fossen, Maria Schena (B\u00f3ra), Cecilia Schena, le bambine Linda Schena e Gemma Da Ronch. Per la cronaca: nel 1929 nel comune di Rivamonte vennero celebrati 13 matrimoni\u201d. Ed ecco i \u201cBambini da S\u00f3t i Th\u00e9i &#8211; fine anni \u201850\u201d: davanti in senso orario: Mauro Casera, Giorgio Del Din, Emilio Fossen,Valter Todesco, Gianpietro Selle, Gianpiero Da Costa, Luciano Del Din, Bruno Fossen e Giustino Schena\u201d. Un\u2019altra scolaresca, sotto il titolo: \u201cScuola elementare di Zenich &#8211; primi anni \u201860\u201d con dicitura in cui \u00e8 detto: \u201cClasse del maestro Giuseppe Schena, quarta e quinta elementare. La sede di Zenich ha ospitato gli alunni di S\u00f3t i Th\u00e9i sino al 1966 per poi chiudere definitivamente. Dopo tale data, la scuola \u00e8 stata unificata e l\u2019unica sede \u00e8 rimasta quella dei Tos\u201d. Tocca a \u201cZenich\u201d con didascalia che precisa: \u201cDa Costa (Gino Baldi), venditore ambulante di mercerie dal 1955 aveva anche un negozio situato a Zenich, sotto la sua abitazione\u201d. Ed eccoci a: \u201cZenich anni \u201840\u201d per \u201cla Festa dell\u2019Om Salv\u00e0rech, sulla sinistra si nota la casa di Giacomo Mottes (M\u00e9to). A destra si riconoscono: Cesarino Del Din (C\u00e8ce), Paolo Del Din (Mari\u00e0n) e, dietro, Giovanna Da Costa mentre il chitarrista proveniva da La Valle, il fisarmonicista da Listolade, il clarinetto era suonato da Picol Batit. Luigi Cadorin e Lello De Bernard (Mor\u00e9to) erano le persone travestite\u201d. Proseguendo siano giunti al \u201cBar della Rosina (della Ch\u00e9ca), primi anni \u201960\u201d. Dicitura: \u201cGiorgio Del Din, Attilio Da Costa, Natale Da Ronch, Ettore Schena, Giovanni Benvegn\u00f9, Domenico Da Costa, Luigi Da Ronch (Pal\u00f9ch). L\u2019osteria detta anche del M\u00f2ro (Giovanni Del Din) vendeva generi di monopolio e alcuni prodotti alimentari di prima necessit\u00e0: pasta, caff\u00e8, eccetera. L\u2019esercizio \u00e8 stato chiuso nel giugno del 1977\u201d. Tocca a: \u201cImmagine degli anni \u201930 con Mario De Bernardin (Mor\u00e9to). Per la cronaca: Nel 1935 Zenich contava 330 abitanti e tre osterie\u201d. Un salto nel tempo e siamo agli anni \u201960, vicino al bar del M\u00f2ro; da sinistra: Antonio Fossen, Pietro Cont e Silvano Sommariva. E\u2019 degli anni \u201958-\u201959 la foto in cui si riconoscono, dietro da sinistra: Giovanni De Bernard (Nani Patata), Marisa Sommariva, Giovanna Schena, Fiorella Schena, Emilia Fossen, Ernesto Fossen (Nici), e le bambine Giuseppina Fossen e Nerina Fossen. Sullo sfondo il bar chiamato \u201cAi quattro venti\u201d che aveva anche il telefono pubblico. Cronaca: \u201cNegli anni \u201840 si potevano trovare anche il necessario di ferramenta, e i vetri per le finestre. Il locale agli inizi del \u2018900 aveva il forno per il pane. Il bar del M\u00e9ca (Domenico Schena) ha chiuso nel 1975\u201d. Potremmo intitolare \u201cIl poker de l\u2019\u2018ombra\u2019) l\u2019immagine intitolata \u201cZenich 4 aprile 1931\u201d con il gruppo davanti all\u2019osteria, a destra Giorgio Sommariva. Cronaca: \u201cNel 1959 Pilat Monica Fossen, sorella del Toni B\u00f2cio, gestiva un negozio di frutta e giornali\u201d. Una giovane, Maria Schena (P\u00f2pa Tancon\u00e9ta) sotto il titolo \u201cZenich &#8211; anni \u201940); la dicitura: \u201cSi noti la fontana, che \u00e8 stata demolita, nella piazza di Zenich. Cronaca: l\u2019anno di costruzione dell\u2019acquedotto a Zenich risale al 1928 mentre il primissimo fu quello della frazione Sant\u2019Antonio nel 1888\u201d. Segue la foto di Mario De Bernard (Mor\u00e9to), presidente onorario della Societ\u00e0 operaia di mutuo soccorso. Primo piano insolito per la foto del 1967-68 che ci mostra \u201cGino Bonorato mentre abbevera il bestiame: la tecnica utilizzata dall\u2019animale \u00e8 decisamente originale\u201d. Noi daremmo il titolo: \u201cBeata giovent\u00f9\u201d alla successiva immagine degli anni \u201960 che ci mostra un gruppo di ragazze e ragazzi che \u201cBalla il twist da Agostino. Da sinistra: Antonio Cadorin, Ernesto Fossen, Renata Schena, un po\u2019 nascosto Franco Mottes, Orazio Santel, Marisa Sommariva, Agostino Cadorin e Marisa Mottes\u201d. Zenich &#8211; 1958\u201d ha una didascalia che precisa: \u201cIn piazza, da sinistra: Francesco Del Din, Tarcilla Schena con in braccio la figlia Cristina, a 40 giorni, e Giovanni Del Din\u201d. Ci avviamo a conclusione con l\u2019immagine di Zenich &#8211; anni \u201960, relativa alla festa di \u201cPaga l\u2019Osto\u201d in piazza; in primo piano il maestro B\u00e8pi. Un tempo il gioco veniva organizzato in concomitanza con il periodo pasquale. Ultima proposta per questa tappa \u00e8 l\u2019immagine dell\u2019agosto 1962 che mostra \u201cin primo piano da sinistra: Maria Teresa Del Din e Bianca De Bernard; a destra la casa del sior Sommariva. Cronaca: solo nel 1964 le strade interne di Zenich vengono asfaltate\u201d.<\/p>\n\n\t\t\t<style type='text\/css'>\n\t\t\t\t#gallery-7 {\n\t\t\t\t\tmargin: auto;\n\t\t\t\t}\n\t\t\t\t#gallery-7 .gallery-item {\n\t\t\t\t\tfloat: left;\n\t\t\t\t\tmargin-top: 10px;\n\t\t\t\t\ttext-align: center;\n\t\t\t\t\twidth: 25%;\n\t\t\t\t}\n\t\t\t\t#gallery-7 img {\n\t\t\t\t\tborder: 2px solid #cfcfcf;\n\t\t\t\t}\n\t\t\t\t#gallery-7 .gallery-caption {\n\t\t\t\t\tmargin-left: 0;\n\t\t\t\t}\n\t\t\t\t\/* see gallery_shortcode() in wp-includes\/media.php *\/\n\t\t\t<\/style>\n\t\t<div id='gallery-7' class='dt-gallery-container gallery galleryid-245322 gallery-columns-4 gallery-size-thumbnail'><dl class='gallery-item'>\n\t\t\t\t<dt class='gallery-icon portrait'>\n\t\t\t\t\t<a class=\"rollover\" href='https:\/\/www.radiopiu.net\/wordpress\/scolaresche-i-matrimoni-le-feste-il-ballo-lavori-e-molto-altro-fra-i-ricordi-su-zenich\/260843151_233861345501112_6122546589189092254_n\/'><img loading=\"lazy\" decoding=\"async\" width=\"150\" height=\"150\" src=\"https:\/\/www.radiopiu.net\/wordpress\/wp-content\/uploads\/2021\/11\/260843151_233861345501112_6122546589189092254_n-150x150.jpg\" class=\"attachment-thumbnail size-thumbnail\" alt=\"\" \/><\/a>\n\t\t\t\t<\/dt><\/dl><dl class='gallery-item'>\n\t\t\t\t<dt class='gallery-icon landscape'>\n\t\t\t\t\t<a class=\"rollover\" href='https:\/\/www.radiopiu.net\/wordpress\/scolaresche-i-matrimoni-le-feste-il-ballo-lavori-e-molto-altro-fra-i-ricordi-su-zenich\/261375603_592698075279918_3245473598784397735_n\/'><img loading=\"lazy\" decoding=\"async\" width=\"150\" height=\"150\" src=\"https:\/\/www.radiopiu.net\/wordpress\/wp-content\/uploads\/2021\/11\/261375603_592698075279918_3245473598784397735_n-150x150.jpg\" class=\"attachment-thumbnail size-thumbnail\" alt=\"\" \/><\/a>\n\t\t\t\t<\/dt><\/dl><dl class='gallery-item'>\n\t\t\t\t<dt class='gallery-icon landscape'>\n\t\t\t\t\t<a class=\"rollover\" href='https:\/\/www.radiopiu.net\/wordpress\/scolaresche-i-matrimoni-le-feste-il-ballo-lavori-e-molto-altro-fra-i-ricordi-su-zenich\/261590960_425490492564514_4264405041191774918_n\/'><img loading=\"lazy\" decoding=\"async\" width=\"150\" height=\"150\" src=\"https:\/\/www.radiopiu.net\/wordpress\/wp-content\/uploads\/2021\/11\/261590960_425490492564514_4264405041191774918_n-150x150.jpg\" class=\"attachment-thumbnail size-thumbnail\" alt=\"\" \/><\/a>\n\t\t\t\t<\/dt><\/dl><dl class='gallery-item'>\n\t\t\t\t<dt class='gallery-icon landscape'>\n\t\t\t\t\t<a class=\"rollover\" href='https:\/\/www.radiopiu.net\/wordpress\/scolaresche-i-matrimoni-le-feste-il-ballo-lavori-e-molto-altro-fra-i-ricordi-su-zenich\/261684917_908216983163697_5101745294138312653_n\/'><img loading=\"lazy\" decoding=\"async\" width=\"150\" height=\"150\" src=\"https:\/\/www.radiopiu.net\/wordpress\/wp-content\/uploads\/2021\/11\/261684917_908216983163697_5101745294138312653_n-150x150.jpg\" class=\"attachment-thumbnail size-thumbnail\" alt=\"\" \/><\/a>\n\t\t\t\t<\/dt><\/dl><br style=\"clear: both\" \/><dl class='gallery-item'>\n\t\t\t\t<dt class='gallery-icon landscape'>\n\t\t\t\t\t<a class=\"rollover\" href='https:\/\/www.radiopiu.net\/wordpress\/scolaresche-i-matrimoni-le-feste-il-ballo-lavori-e-molto-altro-fra-i-ricordi-su-zenich\/261713254_944232373161996_261367178386582667_n\/'><img loading=\"lazy\" decoding=\"async\" width=\"150\" height=\"150\" src=\"https:\/\/www.radiopiu.net\/wordpress\/wp-content\/uploads\/2021\/11\/261713254_944232373161996_261367178386582667_n-150x150.jpg\" class=\"attachment-thumbnail size-thumbnail\" alt=\"\" \/><\/a>\n\t\t\t\t<\/dt><\/dl><dl class='gallery-item'>\n\t\t\t\t<dt class='gallery-icon portrait'>\n\t\t\t\t\t<a class=\"rollover\" href='https:\/\/www.radiopiu.net\/wordpress\/scolaresche-i-matrimoni-le-feste-il-ballo-lavori-e-molto-altro-fra-i-ricordi-su-zenich\/261734291_891466788180041_9127654531474725758_n\/'><img loading=\"lazy\" decoding=\"async\" width=\"150\" height=\"150\" src=\"https:\/\/www.radiopiu.net\/wordpress\/wp-content\/uploads\/2021\/11\/261734291_891466788180041_9127654531474725758_n-150x150.jpg\" class=\"attachment-thumbnail size-thumbnail\" alt=\"\" \/><\/a>\n\t\t\t\t<\/dt><\/dl><dl class='gallery-item'>\n\t\t\t\t<dt class='gallery-icon landscape'>\n\t\t\t\t\t<a class=\"rollover\" href='https:\/\/www.radiopiu.net\/wordpress\/scolaresche-i-matrimoni-le-feste-il-ballo-lavori-e-molto-altro-fra-i-ricordi-su-zenich\/261746673_293554829366791_2357378002149244585_n\/'><img loading=\"lazy\" decoding=\"async\" width=\"150\" height=\"150\" src=\"https:\/\/www.radiopiu.net\/wordpress\/wp-content\/uploads\/2021\/11\/261746673_293554829366791_2357378002149244585_n-150x150.jpg\" class=\"attachment-thumbnail size-thumbnail\" alt=\"\" \/><\/a>\n\t\t\t\t<\/dt><\/dl><dl class='gallery-item'>\n\t\t\t\t<dt class='gallery-icon landscape'>\n\t\t\t\t\t<a class=\"rollover\" href='https:\/\/www.radiopiu.net\/wordpress\/scolaresche-i-matrimoni-le-feste-il-ballo-lavori-e-molto-altro-fra-i-ricordi-su-zenich\/261903379_615783939846506_4826322400190814444_n\/'><img loading=\"lazy\" decoding=\"async\" width=\"150\" height=\"150\" src=\"https:\/\/www.radiopiu.net\/wordpress\/wp-content\/uploads\/2021\/11\/261903379_615783939846506_4826322400190814444_n-150x150.jpg\" class=\"attachment-thumbnail size-thumbnail\" alt=\"\" \/><\/a>\n\t\t\t\t<\/dt><\/dl><br style=\"clear: both\" \/><dl class='gallery-item'>\n\t\t\t\t<dt class='gallery-icon portrait'>\n\t\t\t\t\t<a class=\"rollover\" href='https:\/\/www.radiopiu.net\/wordpress\/scolaresche-i-matrimoni-le-feste-il-ballo-lavori-e-molto-altro-fra-i-ricordi-su-zenich\/261919857_496566441492901_6163693752672631816_n\/'><img loading=\"lazy\" decoding=\"async\" width=\"150\" height=\"150\" src=\"https:\/\/www.radiopiu.net\/wordpress\/wp-content\/uploads\/2021\/11\/261919857_496566441492901_6163693752672631816_n-150x150.jpg\" class=\"attachment-thumbnail size-thumbnail\" alt=\"\" \/><\/a>\n\t\t\t\t<\/dt><\/dl><dl class='gallery-item'>\n\t\t\t\t<dt class='gallery-icon portrait'>\n\t\t\t\t\t<a class=\"rollover\" href='https:\/\/www.radiopiu.net\/wordpress\/scolaresche-i-matrimoni-le-feste-il-ballo-lavori-e-molto-altro-fra-i-ricordi-su-zenich\/261920320_321508319540466_1381563414622578058_n\/'><img loading=\"lazy\" decoding=\"async\" width=\"150\" height=\"150\" src=\"https:\/\/www.radiopiu.net\/wordpress\/wp-content\/uploads\/2021\/11\/261920320_321508319540466_1381563414622578058_n-150x150.jpg\" class=\"attachment-thumbnail size-thumbnail\" alt=\"\" \/><\/a>\n\t\t\t\t<\/dt><\/dl><dl class='gallery-item'>\n\t\t\t\t<dt class='gallery-icon landscape'>\n\t\t\t\t\t<a class=\"rollover\" href='https:\/\/www.radiopiu.net\/wordpress\/scolaresche-i-matrimoni-le-feste-il-ballo-lavori-e-molto-altro-fra-i-ricordi-su-zenich\/261934206_4727453010633279_1979758197626872062_n\/'><img loading=\"lazy\" decoding=\"async\" width=\"150\" height=\"150\" src=\"https:\/\/www.radiopiu.net\/wordpress\/wp-content\/uploads\/2021\/11\/261934206_4727453010633279_1979758197626872062_n-150x150.jpg\" class=\"attachment-thumbnail size-thumbnail\" alt=\"\" \/><\/a>\n\t\t\t\t<\/dt><\/dl><dl class='gallery-item'>\n\t\t\t\t<dt class='gallery-icon landscape'>\n\t\t\t\t\t<a class=\"rollover\" href='https:\/\/www.radiopiu.net\/wordpress\/scolaresche-i-matrimoni-le-feste-il-ballo-lavori-e-molto-altro-fra-i-ricordi-su-zenich\/261953769_424642385904145_5862762651160330472_n\/'><img loading=\"lazy\" decoding=\"async\" width=\"150\" height=\"150\" src=\"https:\/\/www.radiopiu.net\/wordpress\/wp-content\/uploads\/2021\/11\/261953769_424642385904145_5862762651160330472_n-150x150.jpg\" class=\"attachment-thumbnail size-thumbnail\" alt=\"\" \/><\/a>\n\t\t\t\t<\/dt><\/dl><br style=\"clear: both\" \/><dl class='gallery-item'>\n\t\t\t\t<dt class='gallery-icon landscape'>\n\t\t\t\t\t<a class=\"rollover\" href='https:\/\/www.radiopiu.net\/wordpress\/scolaresche-i-matrimoni-le-feste-il-ballo-lavori-e-molto-altro-fra-i-ricordi-su-zenich\/262009988_183384657337571_1470642174900850401_n\/'><img loading=\"lazy\" decoding=\"async\" width=\"150\" height=\"150\" src=\"https:\/\/www.radiopiu.net\/wordpress\/wp-content\/uploads\/2021\/11\/262009988_183384657337571_1470642174900850401_n-150x150.jpg\" class=\"attachment-thumbnail size-thumbnail\" alt=\"\" \/><\/a>\n\t\t\t\t<\/dt><\/dl><dl class='gallery-item'>\n\t\t\t\t<dt class='gallery-icon landscape'>\n\t\t\t\t\t<a class=\"rollover\" href='https:\/\/www.radiopiu.net\/wordpress\/scolaresche-i-matrimoni-le-feste-il-ballo-lavori-e-molto-altro-fra-i-ricordi-su-zenich\/262019298_249884457135053_4326779140208623037_n\/'><img loading=\"lazy\" decoding=\"async\" width=\"150\" height=\"150\" src=\"https:\/\/www.radiopiu.net\/wordpress\/wp-content\/uploads\/2021\/11\/262019298_249884457135053_4326779140208623037_n-150x150.jpg\" class=\"attachment-thumbnail size-thumbnail\" alt=\"\" \/><\/a>\n\t\t\t\t<\/dt><\/dl><dl class='gallery-item'>\n\t\t\t\t<dt class='gallery-icon landscape'>\n\t\t\t\t\t<a class=\"rollover\" href='https:\/\/www.radiopiu.net\/wordpress\/scolaresche-i-matrimoni-le-feste-il-ballo-lavori-e-molto-altro-fra-i-ricordi-su-zenich\/262065705_865965797426337_123944769545065769_n\/'><img loading=\"lazy\" decoding=\"async\" width=\"150\" height=\"150\" src=\"https:\/\/www.radiopiu.net\/wordpress\/wp-content\/uploads\/2021\/11\/262065705_865965797426337_123944769545065769_n-150x150.jpg\" class=\"attachment-thumbnail size-thumbnail\" alt=\"\" \/><\/a>\n\t\t\t\t<\/dt><\/dl><dl class='gallery-item'>\n\t\t\t\t<dt class='gallery-icon landscape'>\n\t\t\t\t\t<a class=\"rollover\" href='https:\/\/www.radiopiu.net\/wordpress\/scolaresche-i-matrimoni-le-feste-il-ballo-lavori-e-molto-altro-fra-i-ricordi-su-zenich\/262095389_292538379423042_4497810996069127453_n\/'><img loading=\"lazy\" decoding=\"async\" width=\"150\" height=\"150\" src=\"https:\/\/www.radiopiu.net\/wordpress\/wp-content\/uploads\/2021\/11\/262095389_292538379423042_4497810996069127453_n-150x150.jpg\" class=\"attachment-thumbnail size-thumbnail\" alt=\"\" \/><\/a>\n\t\t\t\t<\/dt><\/dl><br style=\"clear: both\" \/><dl class='gallery-item'>\n\t\t\t\t<dt class='gallery-icon portrait'>\n\t\t\t\t\t<a class=\"rollover\" href='https:\/\/www.radiopiu.net\/wordpress\/scolaresche-i-matrimoni-le-feste-il-ballo-lavori-e-molto-altro-fra-i-ricordi-su-zenich\/262108271_618694212584130_3919113206039983584_n\/'><img loading=\"lazy\" decoding=\"async\" width=\"150\" height=\"150\" src=\"https:\/\/www.radiopiu.net\/wordpress\/wp-content\/uploads\/2021\/11\/262108271_618694212584130_3919113206039983584_n-150x150.jpg\" class=\"attachment-thumbnail size-thumbnail\" alt=\"\" \/><\/a>\n\t\t\t\t<\/dt><\/dl><dl class='gallery-item'>\n\t\t\t\t<dt class='gallery-icon landscape'>\n\t\t\t\t\t<a class=\"rollover\" href='https:\/\/www.radiopiu.net\/wordpress\/scolaresche-i-matrimoni-le-feste-il-ballo-lavori-e-molto-altro-fra-i-ricordi-su-zenich\/262482505_924688528468809_8179854102092746819_n\/'><img loading=\"lazy\" decoding=\"async\" width=\"150\" height=\"150\" src=\"https:\/\/www.radiopiu.net\/wordpress\/wp-content\/uploads\/2021\/11\/262482505_924688528468809_8179854102092746819_n-150x150.jpg\" class=\"attachment-thumbnail size-thumbnail\" alt=\"\" \/><\/a>\n\t\t\t\t<\/dt><\/dl>\n\t\t\t\t<br style='clear: both' \/>\n\t\t\t<\/div>\n\n<p>&nbsp;<\/p>\n<hr \/>\n<p>&nbsp;<\/p>\n<blockquote class=\"wp-embedded-content\" data-secret=\"X6BPwRml4T\"><p><a href=\"https:\/\/www.radiopiu.net\/wordpress\/monte-celo-zelo-ed-alpenfestung-di-tiziano-de-col\/\">MONTE CELO (ZELO) ED ALPENFESTUNG di Tiziano De Col<\/a><\/p><\/blockquote>\n<p><iframe loading=\"lazy\" class=\"wp-embedded-content\" sandbox=\"allow-scripts\" security=\"restricted\" style=\"position: absolute; clip: rect(1px, 1px, 1px, 1px);\" title=\"&#8220;MONTE CELO (ZELO) ED ALPENFESTUNG di Tiziano De Col&#8221; &#8212; Radio Pi\u00f9\" src=\"https:\/\/www.radiopiu.net\/wordpress\/monte-celo-zelo-ed-alpenfestung-di-tiziano-de-col\/embed\/#?secret=X6BPwRml4T\" data-secret=\"X6BPwRml4T\" width=\"600\" height=\"338\" frameborder=\"0\" marginwidth=\"0\" marginheight=\"0\" scrolling=\"no\"><\/iframe><\/p>\n<p>&nbsp;<\/p>\n<hr \/>\n<p>&nbsp;<\/p>\n<blockquote>\n<h3>APERTO UN BANDO PUBBLICO PER 16 ATLETI DA INSERIRE NELLA POLIZIA DI STATO<\/h3>\n<\/blockquote>\n<p><strong>BELLUNO<\/strong> Nella Gazzetta Ufficiale del 19 novembre \u00e8 stato pubblicato un bando di concorso per l&#8217;assunzione di 16 atleti da assegnare ai gruppi sportivi della Polizia Di Stato Fiamme Oro che saranno inquadrati nel ruolo di agenti ed assistenti della Polizia di Stato. La domando di partecipazione deve essere compilata e trasmessa entro 30 giorni dalla data della pubblicazione in Gazzetta Ufficiale utilizzando la procedura informatica presente sul sito della polizia di stato <a href=\"https:\/\/concorsionline.poliziadistato.it\">https:\/\/concorsionline.poliziadistato.it<\/a><\/p>\n<p>&nbsp;<\/p>\n<p>&nbsp;<\/p>\n<hr \/>\n<p>&nbsp;<\/p>\n<blockquote>\n<h3>ARTISTI\u00a0 CERCASI, PER UN POSTO IN VETRINA<\/h3>\n<\/blockquote>\n<p class=\"Default\" style=\"text-align: justify;\"><span lang=\"IT\"><a href=\"https:\/\/www.radiopiu.net\/wordpress\/giornale-radiopiu-26-novembre-2021-direttore-mirko-mezzacasa\/volantino-vetrine-estate-2021\/\" rel=\"attachment wp-att-244999\"><img loading=\"lazy\" decoding=\"async\" class=\" wp-image-244999 alignleft\" src=\"https:\/\/www.radiopiu.net\/wordpress\/wp-content\/uploads\/2021\/11\/Volantino-vetrine-estate-2021-300x169.png\" alt=\"\" width=\"250\" height=\"141\" srcset=\"https:\/\/www.radiopiu.net\/wordpress\/wp-content\/uploads\/2021\/11\/Volantino-vetrine-estate-2021-300x169.png 300w, https:\/\/www.radiopiu.net\/wordpress\/wp-content\/uploads\/2021\/11\/Volantino-vetrine-estate-2021-1024x576.png 1024w, https:\/\/www.radiopiu.net\/wordpress\/wp-content\/uploads\/2021\/11\/Volantino-vetrine-estate-2021-768x432.png 768w, https:\/\/www.radiopiu.net\/wordpress\/wp-content\/uploads\/2021\/11\/Volantino-vetrine-estate-2021-1536x864.png 1536w, https:\/\/www.radiopiu.net\/wordpress\/wp-content\/uploads\/2021\/11\/Volantino-vetrine-estate-2021.png 1920w\" sizes=\"auto, (max-width: 250px) 100vw, 250px\" \/><\/a><strong>AGORDO<\/strong> Dopo il successo estivo della mostra di Ottavio Rossi e Thomas Ganz nelle vetrine dei negozi sfitti del centro storico, il Comune di Agordo propone di dare nuovamente vita alle vie Garibaldi &#8220;Contrada dei Signori&#8221;, Rova, Carrera e piazzetta Vecchia, trasformandole un\u2019altra volta in una galleria d&#8217;arte visitabile da tutti, in ogni momento della giornata. <\/span>Questa volta per\u00f2 non sar\u00e0 una scelta prestabilita, ma saranno gli artisti agordini che si potranno proporre mettendo a disposizione le proprie opere. La sola richiesta \u00e8 che i lavori trattino il tema dell\u2019inverno. <span lang=\"IT\">Le opere selezionate in base alla loro grandezza saranno esposte indicativamente tra dicembre 2021 e aprile 2022 e saranno corredate da una didascalia recante nome, cognome, titolo dell&#8217;opera, anno e tecnica.\u00a0<\/span><span lang=\"IT\">Per presentare la propria candidatura \u00e8 possibile contattare il 3402505900 o scrivere a <a href=\"mailto:c.fontanive@comune.agordo.bl.it\">c.fontanive@comune.agordo.bl.it<\/a>. Le opere scelte potranno essere portate presso l\u2019Ufficio Turistico di Agordo negli orari di apertura.<\/span><\/p>\n<p>&nbsp;<\/p>\n<p>&nbsp;<\/p>\n<hr \/>\n<p>&nbsp;<\/p>\n<blockquote>\n<h3>VARIAZIONI AL BILANCIO E INTERROGAZIONI<\/h3>\n<\/blockquote>\n<p><strong>SELVA DI CADORE<\/strong> Nel consiglio comunale di domani alle 18 i consiglieri discuteranno la variazione al bilancio e designeranno i rappresentanti del Comune presso enti ed istituzioni. Il consigliere Peretti ha invece inviato tre interrogazioni: societ\u00e0 Val Fiorentina, documento unico di programmazione e linee guida per l&#8217;utilizzo della pagina facebook. All&#8217;ordine del giorno anche l&#8217;approvazione dell&#8217;accordo di collaborazione tra il Comune e l&#8217;Istituto Ladin Cesa de Jan per l&#8217;attuazione del progetto I Ladini: la minoranza linguistica storica delle Dolomiti.<\/p>\n<p>&nbsp;<\/p>\n<p>&nbsp;<\/p>\n<hr \/>\n<p>&nbsp;<\/p>\n<blockquote>\n<h3>A VOLTAGO IL CONSIGLIO COMUNALE LUNEDI&#8217; SERA<\/h3>\n<\/blockquote>\n<p><strong>VOLTAGO<\/strong> Il sindaco di Voltago Giuseppe Schena ha convocato i consiglieri comunali per oggi alle 19 per trattare 6 punti all&#8217;ordine del giorno tra cui un&#8217;interrogazione del consigliere di minoranza Francesca Della Lucia in merito alle attivit\u00e0 svolte durante il commissariamento, una variazione al bilancio e l&#8217;approvazione della mozione in merito al conferimento della cittadinanza onoraria al Milite Ignoto.<\/p>\n<p>&nbsp;<\/p>\n<hr \/>\n<p>&nbsp;<\/p>\n<blockquote>\n<h3>A CENCENIGHE IL CONSIGLIO COMUNALE<\/h3>\n<\/blockquote>\n<p><strong>CENCENIGHE<\/strong> \u00c8 in programma per domani alle 20:30 presso la sede del Municipio il consiglio comunale di Cencenighe. Il sindaco Mauro Soppelsa ha convocato i consiglieri per trattare 6 punti all&#8217;ordine del giorno tra cui una variazione al bilancio, l&#8217;approvazione della convenzione per la predisposizione di bandi per l&#8217;assegnazione di alloggi di edilizia residenziale e l&#8217;acquisto di immobili situati in via Roma.<\/p>\n<p>&nbsp;<\/p>\n<p>&nbsp;<\/p>\n<hr \/>\n<p>&nbsp;<\/p>\n<blockquote>\n<h3>UNIONE MONTANA, MARTEDI CONSIGLIO IN PRESENZA<\/h3>\n<\/blockquote>\n<p><strong>AGORDO\u00a0<\/strong> Domani alle 20.30 consiglio dell&#8217;Unione Montana con l&#8217;ingresso dei nuovi rappresentanti dei Comuni di Selva di Cadore e Voltago; convenzione per la gestione dei server; variazione al bilancio e approvazione elenco strada di tipo silvo-pastorale.<\/p>\n<p>&nbsp;<\/p>\n<p>&nbsp;<\/p>\n<hr \/>\n<p>&nbsp;<\/p>\n<div data-pagelet=\"GroupFeed\">\n<div role=\"feed\">\n<div class=\"du4w35lb k4urcfbm l9j0dhe7 sjgh65i0\">\n<div class=\"du4w35lb l9j0dhe7\">\n<div class=\"\">\n<div class=\"\">\n<div class=\"lzcic4wl\" role=\"article\" aria-posinset=\"1\" aria-describedby=\"jsc_c_98 jsc_c_99 jsc_c_9a jsc_c_9c jsc_c_9b\" aria-labelledby=\"jsc_c_97\">\n<div class=\"j83agx80 cbu4d94t\">\n<div class=\"rq0escxv l9j0dhe7 du4w35lb\">\n<div class=\"j83agx80 l9j0dhe7 k4urcfbm\">\n<div class=\"rq0escxv l9j0dhe7 du4w35lb hybvsw6c io0zqebd m5lcvass fbipl8qg nwvqtn77 k4urcfbm ni8dbmo4 stjgntxs sbcfpzgs\">\n<div class=\"pybr56ya dati1w0a hv4rvrfc n851cfcs btwxx1t3 j83agx80 ll8tlv6m\">\n<div class=\"oi9244e8 do00u71z j83agx80\">\n<div class=\"q676j6op qypqp5cg\">\n<div data-pagelet=\"GroupFeed\">\n<div role=\"feed\">\n<div class=\"dati1w0a f10w8fjw ocgrx2df tmqn73lw\">\n<div class=\"j83agx80\">\n<div class=\"\">\n<div class=\"rq0escxv l9j0dhe7 du4w35lb j83agx80 cbu4d94t pfnyh3mw d2edcug0 e5nlhep0 aodizinl\">\n<div class=\"rq0escxv l9j0dhe7 du4w35lb j83agx80 cbu4d94t buofh1pr tgvbjcpo\">\n<div class=\"rq0escxv l9j0dhe7 du4w35lb j83agx80 cbu4d94t pfnyh3mw d2edcug0 hv4rvrfc dati1w0a\">\n<div class=\"oajrlxb2 gs1a9yip g5ia77u1 mtkw9kbi tlpljxtp qensuy8j ppp5ayq2 goun2846 ccm00jje s44p3ltw mk2mc5f4 rt8b4zig n8ej3o3l agehan2d sk4xxmp2 rq0escxv nhd2j8a9 pq6dq46d mg4g778l btwxx1t3 pfnyh3mw p7hjln8o kvgmc6g5 cxmmr5t8 oygrvhab hcukyx3x tgvbjcpo hpfvmrgz jb3vyjys rz4wbd8a qt6c0cv9 a8nywdso l9j0dhe7 i1ao9s8h esuyzwwr f1sip0of du4w35lb lzcic4wl n00je7tq arfg74bv qs9ysxi8 k77z8yql abiwlrkh p8dawk7l\" tabindex=\"0\" role=\"button\">\n<div class=\"j83agx80 cbu4d94t ew0dbk1b irj2b8pg\">\n<div class=\"qzhwtbm6 knvmm38d\">\n<div class=\"rq0escxv l9j0dhe7 du4w35lb j83agx80 pfnyh3mw i1fnvgqd bp9cbjyn owycx6da btwxx1t3 jeutjz8y\">\n<div class=\"rq0escxv l9j0dhe7 du4w35lb j83agx80 cbu4d94t g5gj957u d2edcug0 hpfvmrgz rj1gh0hx buofh1pr\">\n<h2 class=\"gmql0nx0 l94mrbxd p1ri9a11 lzcic4wl d2edcug0 hpfvmrgz\"><span class=\"d2edcug0 hpfvmrgz qv66sw1b c1et5uql lr9zc1uh jq4qci2q a3bd9o3v lrazzd5p m9osqain\"><span class=\"a8c37x1j ni8dbmo4 stjgntxs l9j0dhe7\"><a href=\"https:\/\/www.radiopiu.net\/wordpress\/giornale-radiopiu-24-novembre-2021-direttore-mirko-mezzacasa\/260605185_6665007970206687_5925426271455630559_n\/\" rel=\"attachment wp-att-244574\"><img loading=\"lazy\" decoding=\"async\" class=\" wp-image-244574 alignleft\" src=\"https:\/\/www.radiopiu.net\/wordpress\/wp-content\/uploads\/2021\/11\/260605185_6665007970206687_5925426271455630559_n-212x300.jpg\" alt=\"\" width=\"95\" height=\"134\" srcset=\"https:\/\/www.radiopiu.net\/wordpress\/wp-content\/uploads\/2021\/11\/260605185_6665007970206687_5925426271455630559_n-212x300.jpg 212w, https:\/\/www.radiopiu.net\/wordpress\/wp-content\/uploads\/2021\/11\/260605185_6665007970206687_5925426271455630559_n.jpg 509w\" sizes=\"auto, (max-width: 95px) 100vw, 95px\" \/><\/a>Nuove attivit\u00e0 Promo Falcade<\/span><\/span><\/h2>\n<\/div>\n<div class=\"rq0escxv l9j0dhe7 du4w35lb j83agx80 cbu4d94t pfnyh3mw d2edcug0 hpfvmrgz nqmvxvec taijpn5t h676nmdw\">\n<div class=\"rq0escxv l9j0dhe7 du4w35lb j83agx80 pfnyh3mw i1fnvgqd bp9cbjyn owycx6da btwxx1t3\">\n<div class=\"rq0escxv l9j0dhe7 du4w35lb j83agx80 cbu4d94t pfnyh3mw d2edcug0 hpfvmrgz kr9hpln1 ttbfdpzt\"><\/div>\n<\/div>\n<\/div>\n<\/div>\n<\/div>\n<\/div>\n<\/div>\n<\/div>\n<\/div>\n<\/div>\n<\/div>\n<\/div>\n<\/div>\n<div class=\"du4w35lb k4urcfbm l9j0dhe7 sjgh65i0\">\n<div class=\"du4w35lb l9j0dhe7\">\n<div class=\"\">\n<div class=\"\">\n<div class=\"lzcic4wl\" role=\"article\" aria-posinset=\"1\" aria-describedby=\"jsc_c_98 jsc_c_99 jsc_c_9a jsc_c_9c jsc_c_9b\" aria-labelledby=\"jsc_c_97\">\n<div class=\"j83agx80 cbu4d94t\">\n<div class=\"rq0escxv l9j0dhe7 du4w35lb\">\n<div class=\"j83agx80 l9j0dhe7 k4urcfbm\">\n<div class=\"rq0escxv l9j0dhe7 du4w35lb hybvsw6c io0zqebd m5lcvass fbipl8qg nwvqtn77 k4urcfbm ni8dbmo4 stjgntxs sbcfpzgs\">\n<div class=\"pybr56ya dati1w0a hv4rvrfc n851cfcs btwxx1t3 j83agx80 ll8tlv6m\">\n<div class=\"oi9244e8 do00u71z j83agx80\">\n<div class=\"q676j6op qypqp5cg\">\n<div class=\"kvgmc6g5 cxmmr5t8 oygrvhab hcukyx3x c1et5uql ii04i59q\">\n<p dir=\"auto\"><strong>FALCADE<\/strong> PromoFalcade Dolomiti organizza per oggi alle\u00a0 20 presso la Casa della Giovent\u00f9 di Caviola, un incontro pubblico per gli operatori turistici e commerciali, professionisti e per tutti coloro che si sentono interessati alla promozione della valle. Verranno presentate tutte le attivit\u00e0 svolte finora e quelle in programma per il futuro. Accesso alla sala esclusivamente con green pass.<\/p>\n<hr \/>\n<blockquote>\n<h3>NUOVO CORSO PER L&#8217;AFFIDO FAMILIARE<\/h3>\n<\/blockquote>\n<p><strong>BELLUNO<\/strong> I Centri per l&#8217;Affido e la Solidariet\u00e0 Familiare\u00a0 dell&#8217;ULSS Dolomiti \u2013 \u00e8quipe di Belluno e Feltre \u2013 organizzano un corso informativo e formativo on-line sul tema dell&#8217;affido familiare, con l&#8217;auspicio che questa modalit\u00e0 possa coinvolgere pi\u00f9 facilmente un sempre maggior numero di persone da ogni parte della provincia. Il corso si svolger\u00e0 in modalit\u00e0 online il oggi e il 6 dicembre dalle 17.45 alle 19.30.<\/p>\n<p>&nbsp;<\/p>\n<p>&nbsp;<\/p>\n<hr \/>\n<p>&nbsp;<\/p>\n<blockquote>\n<h3 dir=\"ltr\">MERCATINO DI NATALE A FALCADE<\/h3>\n<\/blockquote>\n<p dir=\"ltr\"><strong>FALCADE<\/strong>\u00a0 L&#8217;associazione albergatori, ristoratori e rifugi della Valle del Biois mette e disposizione le casette per i mercatini natalizi sulla piazza di Falcade per il periodo natalizio. Gli interessati ad esporre possono rivolgersi all&#8217;ufficio Promo Falcade, telefono 334 7230117 oppure 329 7603762<\/p>\n<hr \/>\n<blockquote>\n<h3><\/h3>\n<h3>CONVEGNO RETE DEI SERVIZI SOCIALI SOCIOSANITARI<\/h3>\n<\/blockquote>\n<p><strong>BELLUNO<\/strong> L&#8217;incontro \u00e8 organizzato dalla Fondazione Societ\u00e0 Bellunese, col patrocinio della Conferenza dei Sindaci dell\u2019Aulss 1 Dolomiti. Si terr\u00e0 oggi alle\u00a0 15.30 al Centro Giovanni XXIII, sala Muccin. Sar\u00e0 l\u2019occasione\u00a0 anche per un confronto sui problemi dell\u2019area anziani nel territorio bellunese, in un momento cruciale della crisi pandemica. Il convegno si svolge in presenza nel rispetto delle norme Covid con obbligo di Green Pass. La partecipazione \u00e8 limitata ai posti disponibili su prenotazione, al n. 3357275454 o mail a <a href=\"mailto:bepipat@alice.it\">bepipat@alice.it<\/a>. Interverranno <span id=\"page3R_mcid2\" class=\"markedContent\"><span dir=\"ltr\" role=\"presentation\">Giuseppe Pat<\/span><span dir=\"ltr\" role=\"presentation\">,<\/span> <span dir=\"ltr\" role=\"presentation\">Presidente <\/span><span dir=\"ltr\" role=\"presentation\">CdA <\/span><span dir=\"ltr\" role=\"presentation\">Fondazione Societ\u00e0 Bellunese; <\/span><\/span><span id=\"page3R_mcid4\" class=\"markedContent\"><span dir=\"ltr\" role=\"presentation\">Franco Toniolo<\/span><span dir=\"ltr\" role=\"presentation\">,<\/span> <span dir=\"ltr\" role=\"presentation\">gi\u00e0<\/span> <span dir=\"ltr\" role=\"presentation\">S<\/span><span dir=\"ltr\" role=\"presentation\">egretario <\/span><span dir=\"ltr\" role=\"presentation\">Regionale <\/span><span dir=\"ltr\" role=\"presentation\">Sanit\u00e0 veneta; <\/span><\/span><span id=\"page3R_mcid7\" class=\"markedContent\"><span dir=\"ltr\" role=\"presentation\">Giampaolo <\/span><span dir=\"ltr\" role=\"presentation\">Pecere<\/span><span dir=\"ltr\" role=\"presentation\">, <\/span><span dir=\"ltr\" role=\"presentation\">Direttore Servizi Socio<\/span><span dir=\"ltr\" role=\"presentation\">&#8211;<\/span><span dir=\"ltr\" role=\"presentation\">Sanitari AUSL 1 Dolomiti; <\/span><\/span><span id=\"page3R_mcid10\" class=\"markedContent\"><span dir=\"ltr\" role=\"presentation\">Paolo Santesso<\/span><span dir=\"ltr\" role=\"presentation\">,<\/span> <span dir=\"ltr\" role=\"presentation\">Amministratore Unico Ser.Sa;\u00a0 <\/span><\/span><span id=\"page3R_mcid13\" class=\"markedContent\"><span dir=\"ltr\" role=\"presentation\">Maria Chiara Santin<\/span><span dir=\"ltr\" role=\"presentation\">,<\/span> <span dir=\"ltr\" role=\"presentation\">Amministratrice Unica ASCA <\/span><\/span><span id=\"page3R_mcid16\" class=\"markedContent\"><span dir=\"ltr\" role=\"presentation\">Luigi Pais<\/span> <span dir=\"ltr\" role=\"presentation\">dei Mori<\/span><span dir=\"ltr\" role=\"presentation\">,<\/span> <span dir=\"ltr\" role=\"presentation\">Presidente<\/span> <span dir=\"ltr\" role=\"presentation\">ordine<\/span> <span dir=\"ltr\" role=\"presentation\">professioni infermieristiche provincia di Belluno<\/span><span dir=\"ltr\" role=\"presentation\">. <\/span><\/span><span id=\"page3R_mcid19\" class=\"markedContent\"><span dir=\"ltr\" role=\"presentation\">Conclusioni<\/span><span dir=\"ltr\" role=\"presentation\">: <\/span><\/span><span id=\"page3R_mcid20\" class=\"markedContent\"><span dir=\"ltr\" role=\"presentation\">Angelo Tanzarella<\/span><span dir=\"ltr\" role=\"presentation\">, <\/span><span dir=\"ltr\" role=\"presentation\">C<\/span><span dir=\"ltr\" role=\"presentation\">onsiglio Indirizzo Fondazione Societ\u00e0 Bellunese <\/span><\/span><span id=\"page3R_mcid21\" class=\"markedContent\"><span dir=\"ltr\" role=\"presentation\">Coordina<\/span><span dir=\"ltr\" role=\"presentation\">:<\/span> <\/span><span id=\"page3R_mcid22\" class=\"markedContent\"><br role=\"presentation\" \/><span dir=\"ltr\" role=\"presentation\">Maurizio Busatta<\/span><span dir=\"ltr\" role=\"presentation\">, <\/span><span dir=\"ltr\" role=\"presentation\">giornalista<\/span><\/span><\/p>\n<p>&nbsp;<\/p>\n<p>&nbsp;<\/p>\n<hr \/>\n<p>&nbsp;<\/p>\n<blockquote>\n<h3><a href=\"https:\/\/www.radiopiu.net\/wordpress\/giornale-radiopiu-26-novembre-2021-direttore-mirko-mezzacasa\/260310310_2332862203516691_7796526027555226883_n\/\" rel=\"attachment wp-att-244979\"><img loading=\"lazy\" decoding=\"async\" class=\"wp-image-244979 alignleft\" src=\"https:\/\/www.radiopiu.net\/wordpress\/wp-content\/uploads\/2021\/11\/260310310_2332862203516691_7796526027555226883_n-212x300.jpg\" alt=\"\" width=\"100\" height=\"142\" srcset=\"https:\/\/www.radiopiu.net\/wordpress\/wp-content\/uploads\/2021\/11\/260310310_2332862203516691_7796526027555226883_n-212x300.jpg 212w, https:\/\/www.radiopiu.net\/wordpress\/wp-content\/uploads\/2021\/11\/260310310_2332862203516691_7796526027555226883_n.jpg 509w\" sizes=\"auto, (max-width: 100px) 100vw, 100px\" \/><\/a>I PRESEPI CON LA PROLOCO DI CANALE D&#8217;AGORDO<\/h3>\n<\/blockquote>\n<p>&nbsp;<\/p>\n<div dir=\"auto\"><strong>CANALE D&#8217;AGORDO<\/strong> Anche per questo Natale l&#8217;Associazione Pro Loco di Canale d&#8217;Agordo\u00a0 invita a partecipare all&#8217;iniziativa &#8220;I presepi dei Colmiei&#8221; e a segnalare le e creazioni che verranno poi votate e premiate. Scrivere una mail a info@prolococanale.it oppure\u00a0 04371948001.<\/div>\n<div dir=\"auto\"><\/div>\n<p>&nbsp;<\/p>\n<hr \/>\n<p>&nbsp;<\/p>\n<blockquote>\n<h3>SANTA BARBARA CON I PERITI MINERARI DI AGORDO<\/h3>\n<\/blockquote>\n<p><strong>AGORDO<\/strong> \u00c8 in programma per sabato in sala Don Tamis il consueto appuntamento con Santa Barbara dei Periti Minerari. Ritrovo in chiesa alle 9:45 e sanata messa alle 10. In sala Don Tamis, a partire dalle 11 la consegna delle borse di studio agli studenti meritevoli. La cittadinanza \u00e8 invitata a partecipare<\/p>\n<p>&nbsp;<\/p>\n<p>&nbsp;<\/p>\n<hr \/>\n<p>&nbsp;<\/p>\n<blockquote>\n<h3>DOMENICA A SAN GREGORIO LA FESTA DI SANTA BARBARA<\/h3>\n<\/blockquote>\n<p><strong>SAN GREGORIO NELLE ALPI<\/strong> Il Gruppo Alpini di San Gregorio con la Protezione Civile organizzano per domenica la Festa di Santa Barbara. Alle 9:30 il raduno e alle 9:40 il corteo. Alle 10 la santa messa, seguir\u00e0 la processione per le vie del paese con rinfresco persso la sede degli Alpini alle 11:30.<\/p>\n<p>&nbsp;<\/p>\n<p>&nbsp;<\/p>\n<hr \/>\n<p>&nbsp;<\/p>\n<h1><span style=\"color: #ff0000;\">IERI ALLA RADIO&#8230;<\/span><\/h1>\n<h2><strong><a href=\"https:\/\/www.radiopiu.net\/wordpress\/laugurio-di-monsignor-giorgio-lise-agli-agordini\/don-giorgio-lise\/\" rel=\"attachment wp-att-177420\"><img loading=\"lazy\" decoding=\"async\" class=\"size-medium wp-image-177420 alignleft\" src=\"https:\/\/www.radiopiu.net\/wordpress\/wp-content\/uploads\/2020\/12\/DON-GIORGIO-LISE-300x169.jpg\" alt=\"\" width=\"300\" height=\"169\" srcset=\"https:\/\/www.radiopiu.net\/wordpress\/wp-content\/uploads\/2020\/12\/DON-GIORGIO-LISE-300x169.jpg 300w, https:\/\/www.radiopiu.net\/wordpress\/wp-content\/uploads\/2020\/12\/DON-GIORGIO-LISE-1024x577.jpg 1024w, https:\/\/www.radiopiu.net\/wordpress\/wp-content\/uploads\/2020\/12\/DON-GIORGIO-LISE-768x432.jpg 768w, https:\/\/www.radiopiu.net\/wordpress\/wp-content\/uploads\/2020\/12\/DON-GIORGIO-LISE-1536x865.jpg 1536w, https:\/\/www.radiopiu.net\/wordpress\/wp-content\/uploads\/2020\/12\/DON-GIORGIO-LISE.jpg 1600w\" sizes=\"auto, (max-width: 300px) 100vw, 300px\" \/><\/a><\/strong><span style=\"color: #808000;\">DUE MINUTI PER TE&#8230;<\/span><\/h2>\n<p><strong>APPUNTAMENTO DELLA DOMENICA CON DON GIORGIO LISE<\/strong><\/p>\n<audio class=\"wp-audio-shortcode\" id=\"audio-245322-8\" preload=\"none\" style=\"width: 100%;\" controls=\"controls\"><source type=\"audio\/mpeg\" src=\"https:\/\/www.radiopiu.net\/wordpress\/wp-content\/uploads\/2021\/11\/DON-GIORGIO-28-NOV.mp3?_=8\" \/><a href=\"https:\/\/www.radiopiu.net\/wordpress\/wp-content\/uploads\/2021\/11\/DON-GIORGIO-28-NOV.mp3\">https:\/\/www.radiopiu.net\/wordpress\/wp-content\/uploads\/2021\/11\/DON-GIORGIO-28-NOV.mp3<\/a><\/audio>\n<p>&nbsp;<\/p>\n<hr \/>\n<p>&nbsp;<\/p>\n<div>\n<div class=\"b654a4as d2edcug0\">\n<div class=\"rq0escxv hkbzh7o3 jwdofwj8 n8tt0mok r8blr3vg hyh9befq\">\n<p><a class=\"dt-pswp-item\" href=\"https:\/\/www.radiopiu.net\/wordpress\/wp-content\/uploads\/2020\/10\/pp.jpg\" data-dt-img-description=\"\" data-large_image_width=\"640\" data-large_image_height=\"640\"><img loading=\"lazy\" decoding=\"async\" class=\"wp-image-163678 alignleft\" src=\"https:\/\/www.radiopiu.net\/wordpress\/wp-content\/uploads\/2020\/10\/pp-300x300.jpg\" alt=\"\" width=\"106\" height=\"106\" srcset=\"https:\/\/www.radiopiu.net\/wordpress\/wp-content\/uploads\/2020\/10\/pp-300x300.jpg 300w, https:\/\/www.radiopiu.net\/wordpress\/wp-content\/uploads\/2020\/10\/pp-150x150.jpg 150w, https:\/\/www.radiopiu.net\/wordpress\/wp-content\/uploads\/2020\/10\/pp-125x125.jpg 125w, https:\/\/www.radiopiu.net\/wordpress\/wp-content\/uploads\/2020\/10\/pp-200x200.jpg 200w, https:\/\/www.radiopiu.net\/wordpress\/wp-content\/uploads\/2020\/10\/pp-80x80.jpg 80w, https:\/\/www.radiopiu.net\/wordpress\/wp-content\/uploads\/2020\/10\/pp-480x480.jpg 480w, https:\/\/www.radiopiu.net\/wordpress\/wp-content\/uploads\/2020\/10\/pp.jpg 640w\" sizes=\"auto, (max-width: 106px) 100vw, 106px\" \/><\/a><\/p>\n<\/div>\n<\/div>\n<\/div>\n<div>\n<div class=\"page-title-head hgroup\">\n<div class=\"page-title-head hgroup\">\n<div class=\"b654a4as d2edcug0\">\n<div class=\"j83agx80 btwxx1t3 lhclo0ds hop8lmos nkwizq5d scwd0bx6 roh60bw9\">\n<div class=\"rq0escxv hkbzh7o3 jwdofwj8 n8tt0mok r8blr3vg hyh9befq\">\n<div class=\"do00u71z l9j0dhe7 k4urcfbm\">\n<h2><span style=\"color: #000080;\">DON CESARE, IL PENSIERO DEL GIORNO. ALLA RADIO ALLE 7 DEL MATTINO E ALLE 19.30 DELLA SERA.\u00a0\u00a0<\/span><\/h2>\n<p>&nbsp;<\/p>\n<p>&nbsp;<\/p>\n<audio class=\"wp-audio-shortcode\" id=\"audio-245322-9\" preload=\"none\" style=\"width: 100%;\" controls=\"controls\"><source type=\"audio\/mpeg\" src=\"https:\/\/www.radiopiu.net\/wordpress\/wp-content\/uploads\/2021\/11\/cesare-14.mp3?_=9\" \/><a href=\"https:\/\/www.radiopiu.net\/wordpress\/wp-content\/uploads\/2021\/11\/cesare-14.mp3\">https:\/\/www.radiopiu.net\/wordpress\/wp-content\/uploads\/2021\/11\/cesare-14.mp3<\/a><\/audio>\n<p>&nbsp;<\/p>\n<p>&nbsp;<\/p>\n<hr \/>\n<p>&nbsp;<\/p>\n<blockquote>\n<h3>IN VIVO VERSO, SETTIMA STAGIONE CON BRUNELLA MORO, DAL LUNEDI AL VENERDI ALLE 7.10, 10.10 E 18.50<\/h3>\n<\/blockquote>\n<p>&nbsp;<\/p>\n<p><strong>LA RACCOLTA COMPLETA\u00a0 \u00a0<\/strong><\/p>\n<blockquote class=\"wp-embedded-content\" data-secret=\"pUGE3pvH27\"><p><a href=\"https:\/\/www.radiopiu.net\/wordpress\/in-vivo-verso\/\">In Vivo Verso<\/a><\/p><\/blockquote>\n<p><iframe loading=\"lazy\" class=\"wp-embedded-content\" sandbox=\"allow-scripts\" security=\"restricted\" style=\"position: absolute; clip: rect(1px, 1px, 1px, 1px);\" title=\"&#8220;In Vivo Verso&#8221; &#8212; Radio Pi\u00f9\" src=\"https:\/\/www.radiopiu.net\/wordpress\/in-vivo-verso\/embed\/#?secret=pUGE3pvH27\" data-secret=\"pUGE3pvH27\" width=\"600\" height=\"338\" frameborder=\"0\" marginwidth=\"0\" marginheight=\"0\" scrolling=\"no\"><\/iframe><\/p>\n<p>&nbsp;<\/p>\n<p>&nbsp;<\/p>\n<hr \/>\n<p>&nbsp;<\/p>\n<h2><span style=\"color: #00ff00;\">CONNESSI di Luisa Manfroi<\/span><\/h2>\n<div>\n<div class=\"page-title-head hgroup\">\n<div class=\"page-title-head hgroup\">\n<div class=\"b654a4as d2edcug0\">\n<div class=\"j83agx80 btwxx1t3 lhclo0ds hop8lmos nkwizq5d scwd0bx6 roh60bw9\">\n<div class=\"rq0escxv hkbzh7o3 jwdofwj8 n8tt0mok r8blr3vg hyh9befq\">\n<div class=\"do00u71z l9j0dhe7 k4urcfbm\">\n<div class=\"ecm0bbzt e5nlhep0 a8c37x1j\">\n<div class=\"kvgmc6g5 cxmmr5t8 oygrvhab hcukyx3x c1et5uql\">\n<div class=\"gmail-kvgmc6g5 gmail-cxmmr5t8 gmail-oygrvhab gmail-hcukyx3x gmail-c1et5uql gmail-ii04i59q\">\n<div class=\"page-title-head hgroup\">\n<div class=\"page-title-head hgroup\">\n<div class=\"b654a4as d2edcug0\">\n<div class=\"j83agx80 btwxx1t3 lhclo0ds hop8lmos nkwizq5d scwd0bx6 roh60bw9\">\n<div class=\"rq0escxv hkbzh7o3 jwdofwj8 n8tt0mok r8blr3vg hyh9befq\">\n<div class=\"do00u71z l9j0dhe7 k4urcfbm\">\n<blockquote class=\"wp-embedded-content\" data-secret=\"nFTlQUq5pk\"><p><a href=\"https:\/\/www.radiopiu.net\/wordpress\/connessi-2\/\">Connessi<\/a><\/p><\/blockquote>\n<p><iframe loading=\"lazy\" class=\"wp-embedded-content\" sandbox=\"allow-scripts\" security=\"restricted\" style=\"position: absolute; clip: rect(1px, 1px, 1px, 1px);\" title=\"&#8220;Connessi&#8221; &#8212; Radio Pi\u00f9\" src=\"https:\/\/www.radiopiu.net\/wordpress\/connessi-2\/embed\/#?secret=nFTlQUq5pk\" data-secret=\"nFTlQUq5pk\" width=\"600\" height=\"338\" frameborder=\"0\" marginwidth=\"0\" marginheight=\"0\" scrolling=\"no\"><\/iframe><\/p>\n<p>&nbsp;<\/p>\n<p>&nbsp;<\/p>\n<p>&nbsp;<\/p>\n<hr \/>\n<p>&nbsp;<\/p>\n<p><span style=\"color: #0000ff;\">MUSICA PIU&#8217;\u00a0<\/span><\/p>\n<p><a href=\"https:\/\/www.radiopiu.net\/wordpress\/giornale-radiopiu-20-settembre-2021-direttore-mirko-mezzacasa\/pp-79\/\" rel=\"attachment wp-att-232921\"><img loading=\"lazy\" decoding=\"async\" class=\"wp-image-232921 alignleft\" src=\"https:\/\/www.radiopiu.net\/wordpress\/wp-content\/uploads\/2021\/09\/pp-1-300x300.jpg\" alt=\"\" width=\"135\" height=\"135\" srcset=\"https:\/\/www.radiopiu.net\/wordpress\/wp-content\/uploads\/2021\/09\/pp-1-300x300.jpg 300w, https:\/\/www.radiopiu.net\/wordpress\/wp-content\/uploads\/2021\/09\/pp-1-150x150.jpg 150w, https:\/\/www.radiopiu.net\/wordpress\/wp-content\/uploads\/2021\/09\/pp-1.jpg 640w\" sizes=\"auto, (max-width: 135px) 100vw, 135px\" \/><\/a><\/p>\n<div class=\"mkdf-post-text\">\n<div class=\"mkdf-post-text-inner\">\n<div class=\"mkdf-post-text-main\">\n<div class=\"mkdf-post-text\">\n<div class=\"mkdf-post-text-inner\">\n<div class=\"mkdf-post-text-main\">\n<div class=\"mkdf-post-text\">\n<div class=\"mkdf-post-text-inner\">\n<div class=\"mkdf-post-text-main\">\n<div class=\"page-title-head hgroup\">\n<div class=\"page-title-head hgroup\">\n<div class=\"mkdf-post-text\">\n<div class=\"mkdf-post-text-inner\">\n<div class=\"mkdf-post-text-main\">\n<div class=\"mkdf-post-text\">\n<div class=\"mkdf-post-text-inner\">\n<div class=\"mkdf-post-text-main\">\n<div class=\"page-title-head hgroup\">\n<div class=\"page-title-head hgroup\">\n<div class=\"page-title-head hgroup\">\n<div class=\"page-title-head hgroup\">\n<div class=\"b654a4as d2edcug0\">\n<div class=\"page-title-head hgroup\">\n<div class=\"page-title-head hgroup\">\n<div class=\"page-title-head hgroup\">\n<div class=\"page-title-head hgroup\">\n<div class=\"b654a4as d2edcug0\">\n<div class=\"page-title-head hgroup\">\n<div class=\"page-title-head hgroup\">\n<div class=\"page-title-head hgroup\">\n<div class=\"page-title-head hgroup\">\n<div class=\"b654a4as d2edcug0\">\n<div class=\"mkdf-post-text\">\n<div class=\"mkdf-post-text-inner\">\n<div class=\"mkdf-post-text-main\">\n<div class=\"mkdf-post-text\">\n<div class=\"mkdf-post-text-inner\">\n<div class=\"mkdf-post-text-main\">\n<div class=\"mkdf-post-text\">\n<div class=\"mkdf-post-text-inner\">\n<div class=\"mkdf-post-text-main\">\n<div class=\"page-title-head hgroup\">\n<div class=\"page-title-head hgroup\">\n<div class=\"mkdf-post-text\">\n<div class=\"mkdf-post-text-inner\">\n<div class=\"mkdf-post-text-main\">\n<div class=\"mkdf-post-text\">\n<div class=\"mkdf-post-text-inner\">\n<div class=\"mkdf-post-text-main\">\n<div class=\"page-title-head hgroup\">\n<div class=\"page-title-head hgroup\">\n<div class=\"page-title-head hgroup\">\n<div class=\"page-title-head hgroup\">\n<div class=\"b654a4as d2edcug0\">\n<div class=\"page-title-head hgroup\">\n<div class=\"page-title-head hgroup\">\n<div class=\"page-title-head hgroup\">\n<div class=\"page-title-head hgroup\">\n<div class=\"b654a4as d2edcug0\">\n<div class=\"page-title-head hgroup\">\n<div class=\"page-title-head hgroup\">\n<div class=\"page-title-head hgroup\">\n<div class=\"page-title-head hgroup\">\n<div class=\"b654a4as d2edcug0\">\n<div><\/div>\n<div><\/div>\n<div>\n<p><strong>MUSICA ALLA RADIO, IL PROGRAMMA DI LORIS SCUSSEL &#8220;COLLAGE OPERAZIONE NOSTALGIA&#8221; DAL LUNEDI AL VENERDI ALLE 16.00\u00a0 E ALLE 23\u00a0<\/strong><\/p>\n<\/div>\n<p>&nbsp;<\/p>\n<p>&nbsp;<\/p>\n<p>&nbsp;<\/p>\n<\/div>\n<\/div>\n<\/div>\n<\/div>\n<\/div>\n<\/div>\n<\/div>\n<\/div>\n<\/div>\n<\/div>\n<\/div>\n<\/div>\n<\/div>\n<\/div>\n<\/div>\n<\/div>\n<\/div>\n<\/div>\n<\/div>\n<\/div>\n<\/div>\n<\/div>\n<\/div>\n<\/div>\n<\/div>\n<\/div>\n<\/div>\n<\/div>\n<\/div>\n<\/div>\n<\/div>\n<\/div>\n<\/div>\n<\/div>\n<\/div>\n<\/div>\n<\/div>\n<\/div>\n<\/div>\n<\/div>\n<\/div>\n<\/div>\n<\/div>\n<\/div>\n<\/div>\n<\/div>\n<\/div>\n<\/div>\n<\/div>\n<\/div>\n<\/div>\n<\/div>\n<\/div>\n<\/div>\n<\/div>\n<\/div>\n<\/div>\n<\/div>\n<\/div>\n<\/div>\n<\/div>\n<\/div>\n<\/div>\n<\/div>\n<blockquote class=\"wp-embedded-content\" data-secret=\"kZbtVnhRkO\"><p><a href=\"https:\/\/www.radiopiu.net\/wordpress\/freemix-la-liberta-musicale-mixata-da-dj-athos-e-raccontata-da-dj-jack\/\">FREEMIX, LA LIBERTA&#8217; MUSICALE MIXATA DA DJ ATHOS E RACCONTATA DA DJ JACK<\/a><\/p><\/blockquote>\n<p><iframe loading=\"lazy\" class=\"wp-embedded-content\" sandbox=\"allow-scripts\" security=\"restricted\" style=\"position: absolute; clip: rect(1px, 1px, 1px, 1px);\" title=\"&#8220;FREEMIX, LA LIBERTA&#8217; MUSICALE MIXATA DA DJ ATHOS E RACCONTATA DA DJ JACK&#8221; &#8212; Radio Pi\u00f9\" src=\"https:\/\/www.radiopiu.net\/wordpress\/freemix-la-liberta-musicale-mixata-da-dj-athos-e-raccontata-da-dj-jack\/embed\/#?secret=kZbtVnhRkO\" data-secret=\"kZbtVnhRkO\" width=\"600\" height=\"338\" frameborder=\"0\" marginwidth=\"0\" marginheight=\"0\" scrolling=\"no\"><\/iframe><\/p>\n<p>&nbsp;<\/p>\n<p>&nbsp;<\/p>\n<blockquote class=\"wp-embedded-content\" data-secret=\"KOkhdMEC30\"><p><a href=\"https:\/\/www.radiopiu.net\/wordpress\/da-ieri-alla-radio-in-palinsesto-loris-e-maurizio-con-la-grande-musica\/\">IL BLUES ALLA RADIO &#8230; COME NON L&#8217;AVETE MAI SENTITO PRIMA<\/a><\/p><\/blockquote>\n<p><iframe loading=\"lazy\" class=\"wp-embedded-content\" sandbox=\"allow-scripts\" security=\"restricted\" style=\"position: absolute; clip: rect(1px, 1px, 1px, 1px);\" title=\"&#8220;IL BLUES ALLA RADIO &#8230; COME NON L&#8217;AVETE MAI SENTITO PRIMA&#8221; &#8212; Radio Pi\u00f9\" src=\"https:\/\/www.radiopiu.net\/wordpress\/da-ieri-alla-radio-in-palinsesto-loris-e-maurizio-con-la-grande-musica\/embed\/#?secret=KOkhdMEC30\" data-secret=\"KOkhdMEC30\" width=\"600\" height=\"338\" frameborder=\"0\" marginwidth=\"0\" marginheight=\"0\" scrolling=\"no\"><\/iframe><\/p>\n<p>&nbsp;<\/p>\n<p>&nbsp;<\/p>\n<hr \/>\n<p>&nbsp;<\/p>\n<blockquote>\n<h3><span style=\"color: #0000ff;\">INFORMAZIONE il canale su TELEGRAM informazione di prima mano e in tempo reale. iscriviti ed aiutaci a farlo conoscere\u00a0\u00a0<\/span><\/h3>\n<\/blockquote>\n<div>\n<div class=\"page-title-head hgroup\">\n<div class=\"page-title-head hgroup\">\n<div class=\"page-title-head hgroup\">\n<div class=\"page-title-head hgroup\">\n<div class=\"b654a4as d2edcug0\">\n<div class=\"page-title-head hgroup\">\n<div class=\"page-title-head hgroup\">\n<div class=\"page-title-head hgroup\">\n<div class=\"page-title-head hgroup\">\n<div class=\"b654a4as d2edcug0\">\n<div class=\"page-title-head hgroup\">\n<div class=\"page-title-head hgroup\">\n<div class=\"page-title-head hgroup\">\n<div class=\"page-title-head hgroup\">\n<div class=\"page-title-head hgroup\">\n<div class=\"page-title-head hgroup\">\n<div class=\"page-title-head hgroup\">\n<div class=\"page-title-head hgroup\">\n<div class=\"page-title-head hgroup\">\n<div class=\"b654a4as d2edcug0\">\n<div class=\"page-title-head hgroup\">\n<div class=\"page-title-head hgroup\">\n<div class=\"page-title-head hgroup\">\n<div class=\"page-title-head hgroup\">\n<div class=\"b654a4as d2edcug0\">\n<div>\n<p>&nbsp;<\/p>\n<\/div>\n<div>\n<div class=\"page-title-head hgroup\">\n<div class=\"page-title-head hgroup\">\n<div class=\"page-title-head hgroup\">\n<div class=\"page-title-head hgroup\">\n<div class=\"page-title-head hgroup\">\n<div class=\"b654a4as d2edcug0\">\n<div>\n<hr \/>\n<\/div>\n<\/div>\n<div>\n<div>\n<p>&nbsp;<\/p>\n<\/div>\n<div>\n<div>\n<p>&nbsp;<\/p>\n<\/div>\n<div>\n<div>\n<p><strong>DUE MINUTI UN LIBRO, TUTTI I GIORNI ALLA RADIO ALLE 9.40 E ALLE 17.50<\/strong><\/p>\n<div>\n<div>\n<p><strong>LA RACCOLTA COMPLETA\u00a0\u00a0<\/strong><\/p>\n<\/div>\n<div>\n<blockquote class=\"wp-embedded-content\" data-secret=\"QlurEN35N1\"><p><a href=\"https:\/\/www.radiopiu.net\/wordpress\/due-minuti-un-libro\/\">Due minuti un libro<\/a><\/p><\/blockquote>\n<p><iframe loading=\"lazy\" class=\"wp-embedded-content\" sandbox=\"allow-scripts\" security=\"restricted\" style=\"position: absolute; clip: rect(1px, 1px, 1px, 1px);\" title=\"&#8220;Due minuti un libro&#8221; &#8212; Radio Pi\u00f9\" src=\"https:\/\/www.radiopiu.net\/wordpress\/due-minuti-un-libro\/embed\/#?secret=QlurEN35N1\" data-secret=\"QlurEN35N1\" width=\"600\" height=\"338\" frameborder=\"0\" marginwidth=\"0\" marginheight=\"0\" scrolling=\"no\"><\/iframe><\/p>\n<p>&nbsp;<\/p>\n<\/div>\n<\/div>\n<\/div>\n<div class=\"mkdf-post-text\">\n<div class=\"mkdf-post-text-inner\">\n<div class=\"mkdf-post-text-main\">\n<div class=\"mkdf-post-text\">\n<div class=\"mkdf-post-text-inner\">\n<div class=\"mkdf-post-text-main\">\n<div class=\"mkdf-post-text\">\n<div class=\"mkdf-post-text-inner\">\n<div class=\"mkdf-post-text-main\">\n<div class=\"page-title-head hgroup\">\n<div class=\"page-title-head hgroup\">\n<div class=\"mkdf-post-text\">\n<div class=\"mkdf-post-text-inner\">\n<div class=\"mkdf-post-text-main\">\n<div class=\"mkdf-post-text\">\n<div class=\"mkdf-post-text-inner\">\n<div class=\"mkdf-post-text-main\">\n<div class=\"page-title-head hgroup\">\n<div class=\"page-title-head hgroup\">\n<div class=\"page-title-head hgroup\">\n<div class=\"page-title-head hgroup\">\n<div class=\"b654a4as d2edcug0\">\n<div class=\"page-title-head hgroup\">\n<div class=\"page-title-head hgroup\">\n<div class=\"page-title-head hgroup\">\n<div class=\"page-title-head hgroup\">\n<div class=\"b654a4as d2edcug0\">\n<div class=\"page-title-head hgroup\">\n<div class=\"page-title-head hgroup\">\n<div class=\"page-title-head hgroup\">\n<div class=\"page-title-head hgroup\">\n<div class=\"b654a4as d2edcug0\">\n<div>\n<p>&nbsp;<\/p>\n<\/div>\n<div>\n<hr \/>\n<p>&nbsp;<\/p>\n<\/div>\n<h2><span style=\"color: #808000;\">L&#8217;ALMANACCO LADINO\u00a0\u00a0<\/span><\/h2>\n<p><strong>LA RACCOLTA<\/strong><\/p>\n<blockquote class=\"wp-embedded-content\" data-secret=\"vfN7oD8z4S\"><p><a href=\"https:\/\/www.radiopiu.net\/wordpress\/almanacco-ladino\/\">Almanacco Ladino<\/a><\/p><\/blockquote>\n<p><iframe loading=\"lazy\" class=\"wp-embedded-content\" sandbox=\"allow-scripts\" security=\"restricted\" style=\"position: absolute; clip: rect(1px, 1px, 1px, 1px);\" title=\"&#8220;Almanacco Ladino&#8221; &#8212; Radio Pi\u00f9\" src=\"https:\/\/www.radiopiu.net\/wordpress\/almanacco-ladino\/embed\/#?secret=vfN7oD8z4S\" data-secret=\"vfN7oD8z4S\" width=\"600\" height=\"338\" frameborder=\"0\" marginwidth=\"0\" marginheight=\"0\" scrolling=\"no\"><\/iframe><\/p>\n<hr \/>\n<p>&nbsp;<\/p>\n<h2><span style=\"color: #33cccc;\">LA RASSEGNA STAMPA DA L&#8217;AMICO DEL POPOLO<\/span><\/h2>\n<p><strong><a href=\"https:\/\/www.radiopiu.net\/wordpress\/giornale-radiopiu-18-maggio-2019-direttore-mirko-mezzacasa\/vallada-agordina\/\" rel=\"attachment wp-att-85787\"><img loading=\"lazy\" decoding=\"async\" class=\"size-medium wp-image-85787 alignleft\" src=\"https:\/\/www.radiopiu.net\/wordpress\/wp-content\/uploads\/2019\/05\/vallada-agordina-300x200.jpg\" alt=\"\" width=\"300\" height=\"200\" srcset=\"https:\/\/www.radiopiu.net\/wordpress\/wp-content\/uploads\/2019\/05\/vallada-agordina-300x200.jpg 300w, https:\/\/www.radiopiu.net\/wordpress\/wp-content\/uploads\/2019\/05\/vallada-agordina-768x512.jpg 768w, https:\/\/www.radiopiu.net\/wordpress\/wp-content\/uploads\/2019\/05\/vallada-agordina.jpg 850w\" sizes=\"auto, (max-width: 300px) 100vw, 300px\" \/><\/a>di Gianni Santomaso<\/strong><\/p>\n<p>Ospite: Daniele Scola<\/p>\n<audio class=\"wp-audio-shortcode\" id=\"audio-245322-10\" preload=\"none\" style=\"width: 100%;\" controls=\"controls\"><source type=\"audio\/mpeg\" src=\"https:\/\/www.radiopiu.net\/wordpress\/wp-content\/uploads\/2021\/11\/RASSEGNA-GIANNI-3.mp3?_=10\" \/><a href=\"https:\/\/www.radiopiu.net\/wordpress\/wp-content\/uploads\/2021\/11\/RASSEGNA-GIANNI-3.mp3\">https:\/\/www.radiopiu.net\/wordpress\/wp-content\/uploads\/2021\/11\/RASSEGNA-GIANNI-3.mp3<\/a><\/audio>\n<p>&nbsp;<\/p>\n<p><strong>LA RACCOLTA COMPLETA<\/strong><\/p>\n<blockquote class=\"wp-embedded-content\" data-secret=\"0VoteAPLcf\"><p><a href=\"https:\/\/www.radiopiu.net\/wordpress\/rassegna-stampa-di-gianni-santomaso\/\">Rassegna stampa da l&#8217;amico del popolo &#8211; di Gianni Santomaso<\/a><\/p><\/blockquote>\n<p><iframe loading=\"lazy\" class=\"wp-embedded-content\" sandbox=\"allow-scripts\" security=\"restricted\" style=\"position: absolute; clip: rect(1px, 1px, 1px, 1px);\" title=\"&#8220;Rassegna stampa da l&#8217;amico del popolo &#8211; di Gianni Santomaso&#8221; &#8212; Radio Pi\u00f9\" src=\"https:\/\/www.radiopiu.net\/wordpress\/rassegna-stampa-di-gianni-santomaso\/embed\/#?secret=0VoteAPLcf\" data-secret=\"0VoteAPLcf\" width=\"600\" height=\"338\" frameborder=\"0\" marginwidth=\"0\" marginheight=\"0\" scrolling=\"no\"><\/iframe><\/p>\n<p>&nbsp;<\/p>\n<p>&nbsp;<\/p>\n<hr \/>\n<p>&nbsp;<\/p>\n<h2><span style=\"color: #800080;\">I RACCONTI DI PAOLO SOPPELSA<\/span><\/h2>\n<p><strong>LA RACCOLTA COMPLETA<\/strong><\/p>\n<blockquote class=\"wp-embedded-content\" data-secret=\"ti85qlxq1K\"><p><a href=\"https:\/\/www.radiopiu.net\/wordpress\/i-racconti-di-paolo-soppelsa\/\">I racconti di Paolo Soppelsa<\/a><\/p><\/blockquote>\n<p><iframe loading=\"lazy\" class=\"wp-embedded-content\" sandbox=\"allow-scripts\" security=\"restricted\" style=\"position: absolute; clip: rect(1px, 1px, 1px, 1px);\" title=\"&#8220;I racconti di Paolo Soppelsa&#8221; &#8212; Radio Pi\u00f9\" src=\"https:\/\/www.radiopiu.net\/wordpress\/i-racconti-di-paolo-soppelsa\/embed\/#?secret=ti85qlxq1K\" data-secret=\"ti85qlxq1K\" width=\"600\" height=\"338\" frameborder=\"0\" marginwidth=\"0\" marginheight=\"0\" scrolling=\"no\"><\/iframe><\/p>\n<p>&nbsp;<\/p>\n<hr \/>\n<\/div>\n<div class=\"b654a4as d2edcug0\">\n<p>&nbsp;<\/p>\n<p><a href=\"https:\/\/www.radiopiu.net\/wordpress\/giornale-radiopiu-26-settembre-2018-direttore-mirko-mezzacasa\/viabilita-2\/\" rel=\"attachment wp-att-61954\"><img loading=\"lazy\" decoding=\"async\" class=\"aligncenter wp-image-61954 size-full\" src=\"https:\/\/www.radiopiu.net\/wordpress\/wp-content\/uploads\/2018\/09\/viabilita.jpeg\" sizes=\"auto, (max-width: 800px) 100vw, 800px\" srcset=\"https:\/\/www.radiopiu.net\/wordpress\/wp-content\/uploads\/2018\/09\/viabilita.jpeg 800w, https:\/\/www.radiopiu.net\/wordpress\/wp-content\/uploads\/2018\/09\/viabilita-300x38.jpeg 300w, https:\/\/www.radiopiu.net\/wordpress\/wp-content\/uploads\/2018\/09\/viabilita-768x96.jpeg 768w\" alt=\"\" width=\"800\" height=\"100\" \/><\/a><\/p>\n<div class=\"ecm0bbzt e5nlhep0 a8c37x1j\">\n<div class=\"kvgmc6g5 cxmmr5t8 oygrvhab hcukyx3x c1et5uql\">\n<div class=\"gmail-kvgmc6g5 gmail-cxmmr5t8 gmail-oygrvhab gmail-hcukyx3x gmail-c1et5uql gmail-ii04i59q\">\n<div class=\"page-title-head hgroup\">\n<div class=\"page-title-head hgroup\">\n<div class=\"b654a4as d2edcug0\">\n<div class=\"j83agx80 btwxx1t3 lhclo0ds hop8lmos nkwizq5d scwd0bx6 roh60bw9\">\n<div class=\"rq0escxv hkbzh7o3 jwdofwj8 n8tt0mok r8blr3vg hyh9befq\">\n<div class=\"do00u71z l9j0dhe7 k4urcfbm\">\n<div class=\"page-title-head hgroup\">\n<div class=\"page-title-head hgroup\">\n<div class=\"page-title-head hgroup\">\n<div class=\"page-title-head hgroup\">\n<div class=\"b654a4as d2edcug0\">\n<div class=\"page-title-head hgroup\">\n<div class=\"page-title-head hgroup\">\n<div class=\"page-title-head hgroup\">\n<div class=\"page-title-head hgroup\">\n<div class=\"b654a4as d2edcug0\">\n<div class=\"page-title-head hgroup\">\n<div class=\"page-title-head hgroup\">\n<div class=\"page-title-head hgroup\">\n<div class=\"page-title-head hgroup\">\n<div class=\"page-title-head hgroup\">\n<div class=\"page-title-head hgroup\">\n<div class=\"page-title-head hgroup\">\n<div class=\"page-title-head hgroup\">\n<div class=\"page-title-head hgroup\">\n<div class=\"b654a4as d2edcug0\">\n<div class=\"page-title-head hgroup\">\n<div class=\"page-title-head hgroup\">\n<div class=\"page-title-head hgroup\">\n<div class=\"page-title-head hgroup\">\n<div class=\"b654a4as d2edcug0\">\n<div class=\"page-title-head hgroup\">\n<div class=\"page-title-head hgroup\">\n<div class=\"page-title-head hgroup\">\n<div class=\"page-title-head hgroup\">\n<div class=\"page-title-head hgroup\">\n<div class=\"mkdf-post-text\">\n<div class=\"mkdf-post-text-inner\">\n<div class=\"mkdf-post-text-main\">\n<div class=\"mkdf-post-text\">\n<div class=\"mkdf-post-text-inner\">\n<div class=\"mkdf-post-text-main\">\n<div class=\"mkdf-post-text\">\n<div class=\"mkdf-post-text-inner\">\n<div class=\"mkdf-post-text-main\">\n<div class=\"page-title-head hgroup\">\n<div class=\"page-title-head hgroup\">\n<div class=\"mkdf-post-text\">\n<div class=\"mkdf-post-text-inner\">\n<div class=\"mkdf-post-text-main\">\n<div class=\"mkdf-post-text\">\n<div class=\"mkdf-post-text-inner\">\n<div class=\"mkdf-post-text-main\">\n<div class=\"page-title-head hgroup\">\n<div class=\"page-title-head hgroup\">\n<div class=\"page-title-head hgroup\">\n<div class=\"page-title-head hgroup\">\n<div class=\"b654a4as d2edcug0\">\n<div class=\"page-title-head hgroup\">\n<div class=\"page-title-head hgroup\">\n<div class=\"page-title-head hgroup\">\n<div class=\"page-title-head hgroup\">\n<div class=\"b654a4as d2edcug0\">\n<div class=\"page-title-head hgroup\">\n<div class=\"page-title-head hgroup\">\n<div class=\"page-title-head hgroup\">\n<div class=\"page-title-head hgroup\">\n<div class=\"b654a4as d2edcug0\">\n<p>&nbsp;<\/p>\n<p><strong>SR 48 DELLE DOLOMITI<\/strong> fino al 17 dicembre senso unico alternato regolato da semaforo &#8211; esclusi festivi e prefestivi &#8211; in localit\u00e0 Bosco Ruaz.<\/p>\n<p><strong>PONTE BAILEY A BELLUNO<\/strong>: Fino al 4 dicembre chiusura totale<\/p>\n<p><strong>SP 251 VAL DI ZOLDO E CELLINA<\/strong> fino al 22 dicembre interruzioni alla viabilit\u00e0 della durata massima di 10 minuti e senso unico alternato nei periodi non interessati dalle interruzioni nel comune di Val di Zoldo<\/p>\n<p><strong>SR 203 AGORDINA<\/strong> Fino al 17 dicembre, esclusi sabato domenica e festivi infrasettimanali, restringimento della careggiata con divieto di sorpasso e limitazione ai 50 km\/h in comune di La Valle per lavori sul margine della carreggiata<\/p>\n<p><strong>SP 422 DELL&#8217;ALPAGO E DEL<\/strong> <strong>CANSIGLIO<\/strong> Fino al 17 dicembre senso unico alternato con semaforo in localit\u00e0 Cornei di Alpago per posa cavidotti<\/p>\n<p><strong>SP 40 VAL SENAIGA<\/strong> Dal 30 novembre al 22 dicembre, sbatai domeniche e festivi inclusi, interdizione totale al traffico in localit\u00e0 Pei di Lamon per consolidamento corpo stradale<\/p>\n<p>&nbsp;<\/p>\n<hr \/>\n<p>&nbsp;<\/p>\n<\/div>\n<div class=\"b654a4as d2edcug0\">\n<div class=\"ecm0bbzt e5nlhep0 a8c37x1j\">\n<div class=\"kvgmc6g5 cxmmr5t8 oygrvhab hcukyx3x c1et5uql\">\n<div class=\"gmail-kvgmc6g5 gmail-cxmmr5t8 gmail-oygrvhab gmail-hcukyx3x gmail-c1et5uql gmail-ii04i59q\">\n<div>\n<div class=\"page-title-head hgroup\">\n<div class=\"page-title-head hgroup\">\n<div class=\"b654a4as d2edcug0\">\n<div class=\"j83agx80 btwxx1t3 lhclo0ds hop8lmos nkwizq5d scwd0bx6 roh60bw9\">\n<div class=\"rq0escxv hkbzh7o3 jwdofwj8 n8tt0mok r8blr3vg hyh9befq\">\n<div class=\"do00u71z l9j0dhe7 k4urcfbm\">\n<div>\n<div class=\"page-title-head hgroup\">\n<div class=\"page-title-head hgroup\">\n<div class=\"page-title-head hgroup\">\n<div class=\"page-title-head hgroup\">\n<div class=\"b654a4as d2edcug0\">\n<div class=\"page-title-head hgroup\">\n<div class=\"page-title-head hgroup\">\n<div class=\"page-title-head hgroup\">\n<div class=\"page-title-head hgroup\">\n<div class=\"b654a4as d2edcug0\">\n<div class=\"page-title-head hgroup\">\n<div class=\"page-title-head hgroup\">\n<div class=\"page-title-head hgroup\">\n<div class=\"page-title-head hgroup\">\n<div class=\"page-title-head hgroup\">\n<div class=\"mkdf-post-text\">\n<div class=\"mkdf-post-text-inner\">\n<div class=\"mkdf-post-text-main\">\n<div class=\"mkdf-post-text\">\n<div class=\"mkdf-post-text-inner\">\n<div class=\"mkdf-post-text-main\">\n<div class=\"mkdf-post-text\">\n<div class=\"mkdf-post-text-inner\">\n<div class=\"mkdf-post-text-main\">\n<div class=\"page-title-head hgroup\">\n<div class=\"page-title-head hgroup\">\n<div class=\"mkdf-post-text\">\n<div class=\"mkdf-post-text-inner\">\n<div class=\"mkdf-post-text-main\">\n<div class=\"mkdf-post-text\">\n<div class=\"mkdf-post-text-inner\">\n<div class=\"mkdf-post-text-main\">\n<div>\n<div class=\"page-title-head hgroup\">\n<div class=\"page-title-head hgroup\">\n<div>\n<div class=\"page-title-head hgroup\">\n<div class=\"page-title-head hgroup\">\n<div class=\"b654a4as d2edcug0\">\n<div>\n<div class=\"page-title-head hgroup\" style=\"text-align: left;\">\n<div class=\"page-title-head hgroup\">\n<div dir=\"auto\">\n<p><a class=\"dt-pswp-item pspw-wrap-ready\" href=\"https:\/\/i0.wp.com\/www.radiopiu.net\/wordpress\/wp-content\/uploads\/2018\/09\/WhatsApp-Image-2018-09-20-at-16.04.06.jpeg?ssl=1\" data-dt-img-description=\"\" data-large_image_width=\"800\" data-large_image_height=\"100\"><img loading=\"lazy\" decoding=\"async\" class=\"aligncenter wp-image-61378 size-full jetpack-lazy-image jetpack-lazy-image--handled\" src=\"https:\/\/i0.wp.com\/www.radiopiu.net\/wordpress\/wp-content\/uploads\/2018\/09\/WhatsApp-Image-2018-09-20-at-16.04.06.jpeg?resize=800%2C100&amp;ssl=1\" sizes=\"auto, (max-width: 800px) 100vw, 800px\" srcset=\"https:\/\/i0.wp.com\/www.radiopiu.net\/wordpress\/wp-content\/uploads\/2018\/09\/WhatsApp-Image-2018-09-20-at-16.04.06.jpeg?w=800&amp;ssl=1 800w, https:\/\/i0.wp.com\/www.radiopiu.net\/wordpress\/wp-content\/uploads\/2018\/09\/WhatsApp-Image-2018-09-20-at-16.04.06.jpeg?resize=300%2C38&amp;ssl=1 300w, https:\/\/i0.wp.com\/www.radiopiu.net\/wordpress\/wp-content\/uploads\/2018\/09\/WhatsApp-Image-2018-09-20-at-16.04.06.jpeg?resize=768%2C96&amp;ssl=1 768w\" alt=\"\" width=\"800\" height=\"100\" data-lazy-loaded=\"1\" \/><\/a><\/p>\n<\/div>\n<\/div>\n<\/div>\n<\/div>\n<\/div>\n<\/div>\n<\/div>\n<\/div>\n<\/div>\n<\/div>\n<\/div>\n<\/div>\n<\/div>\n<\/div>\n<\/div>\n<\/div>\n<\/div>\n<\/div>\n<\/div>\n<\/div>\n<\/div>\n<\/div>\n<\/div>\n<\/div>\n<\/div>\n<\/div>\n<\/div>\n<\/div>\n<\/div>\n<\/div>\n<\/div>\n<\/div>\n<\/div>\n<\/div>\n<\/div>\n<\/div>\n<\/div>\n<\/div>\n<\/div>\n<\/div>\n<\/div>\n<\/div>\n<\/div>\n<\/div>\n<p>&nbsp;<\/p>\n<p><center><b>Lunedi 29<\/b><\/center><b>Tempo atteso: <\/b>Cielo in prevalenza sereno o poco nuvoloso; aria limpida e ottima visibilit\u00e0 a tutte le quote, salvo qualche temporanea nube bassa in Valbelluna. Clima tipicamente invernale.<br \/>\n<b>Precipitazioni: <\/b>Assenti (0%).<br \/>\n<b>Temperature: <\/b>In ulteriore calo con gelate estese su tutte le valli con clima tipicamente invernale a tutte le quote. Su Prealpi a 1500 m min -6\u00b0C max -1\u00b0C, a 2000 m min -10\u00b0C max -4\u00b0C. Su Dolomiti a 2000 m min -12\u00b0C max -6\u00b0C, a 3000 m min -18\u00b0C max -13\u00b0C.<br \/>\n<b>Venti: <\/b>Nelle valli perlopi\u00f9 deboli di direzione variabile, con qualche possibile raffica di Foehn, specie nel pomeriggio; in quota tesi o forti da nord, nord-ovest, a 10-20 km\/h a 2000 m, a 40-60 km\/h a 3000 m.<\/p>\n<hr \/>\n<p><center><b>Martedi 30<\/b><\/center><b>Tempo atteso: <\/b>In prevalenza soleggiato con cielo generalmente sereno o a tratti poco nuvoloso per passaggi di nubi alte, salvo possibili e temporanee nubi basse o nelle ore pi\u00f9 fredde in qualche valle.<br \/>\n<b>Precipitazioni: <\/b>Assenti (0%).<br \/>\n<b>Temperature: <\/b>Minime in diminuzione con gelate notturne ed estese a tutte le zone montane, anche forti nei settori innevati, massime in aumento in quota, senza notevoli variazioni nelle valli. Su Prealpi a 1500 m min -7\u00b0C max 2\u00b0C, a 2000 m min -11\u00b0C max 1\u00b0C. Su Dolomiti a 2000 m min -13\u00b0C max -1\u00b0C, a 3000 m min -13\u00b0C max -6\u00b0C.<br \/>\n<b>Venti: <\/b>Nelle valli perlopi\u00f9 deboli di direzione variabile, salvo qualche raffica di Foehn; in quota da nord, nord-ovest in rinforzo fino a forti, a 10-20 km\/h a 2000 m, a 50-70 km\/h a 3000 m.<\/p>\n<hr \/>\n<p><center><b>Mercoledi 1<\/b><\/center>Cielo un po&#8217; pi\u00f9 nuvoloso rispetto ai giorni precedenti con cielo generalmente poco a tratti parzialmente nuvoloso; precipitazioni assenti. Temperature in temporaneo aumento anche sensibile, clima diurno un po&#8217; meno freddo rispetto ai giorni precedenti. Venti in quota in genere moderati sud-occidentali.<\/p>\n<hr \/>\n<p><center><b>Giovedi 2<\/b><\/center>Cielo da nuvoloso a molto nuvoloso con precipitazioni generalmente sparse e modeste; limite delle nevicate tra i 700 e i 900 m. Schiarite nella notte. Temperature minime in lieve aumento, massime in leggera diminuzione, su valori al di sotto della norma. Venti in quota moderati, inizialmente da sud-ovest tendenti a disporsi dai quadranti settentrionali nel pomeriggio. Previsore: M.Padoan<\/p>\n<p>&nbsp;<\/p>\n<\/div>\n<\/div>\n<\/div>\n<\/div>\n<\/div>\n<\/div>\n<\/div>\n<\/div>\n<\/div>\n<\/div>\n<\/div>\n<\/div>\n<\/div>\n<\/div>\n<\/div>\n<\/div>\n<\/div>\n<\/div>\n<\/div>\n<\/div>\n<\/div>\n<\/div>\n<\/div>\n<\/div>\n<\/div>\n<\/div>\n<\/div>\n<\/div>\n<\/div>\n<\/div>\n<\/div>\n<\/div>\n<\/div>\n<\/div>\n<\/div>\n<\/div>\n<\/div>\n<\/div>\n<\/div>\n<\/div>\n<\/div>\n<\/div>\n<\/div>\n<\/div>\n<\/div>\n<\/div>\n<\/div>\n<\/div>\n<\/div>\n<\/div>\n<\/div>\n<\/div>\n<\/div>\n<\/div>\n<\/div>\n<\/div>\n<\/div>\n<\/div>\n<\/div>\n<\/div>\n<\/div>\n<\/div>\n<\/div>\n<\/div>\n<\/div>\n<\/div>\n<\/div>\n<\/div>\n<\/div>\n<\/div>\n<\/div>\n<\/div>\n<\/div>\n<\/div>\n<\/div>\n<\/div>\n<\/div>\n<\/div>\n<\/div>\n<\/div>\n<\/div>\n<\/div>\n<\/div>\n<\/div>\n<\/div>\n<\/div>\n<\/div>\n<\/div>\n<\/div>\n<\/div>\n<\/div>\n<\/div>\n<\/div>\n<\/div>\n<\/div>\n<\/div>\n<\/div>\n<\/div>\n<\/div>\n<\/div>\n<\/div>\n<\/div>\n<\/div>\n<\/div>\n<\/div>\n<\/div>\n<\/div>\n<\/div>\n<\/div>\n<\/div>\n<\/div>\n<\/div>\n<\/div>\n<\/div>\n<\/div>\n<\/div>\n<\/div>\n<\/div>\n<\/div>\n<\/div>\n<\/div>\n<\/div>\n<\/div>\n<\/div>\n<\/div>\n<\/div>\n<\/div>\n<\/div>\n<\/div>\n<\/div>\n<\/div>\n<\/div>\n<\/div>\n<\/div>\n<\/div>\n<\/div>\n<\/div>\n<\/div>\n<\/div>\n<\/div>\n<\/div>\n<\/div>\n<\/div>\n<\/div>\n<\/div>\n<\/div>\n<\/div>\n<\/div>\n<\/div>\n<\/div>\n<\/div>\n<\/div>\n<\/div>\n<\/div>\n<\/div>\n<\/div>\n<\/div>\n<\/div>\n<\/div>\n<\/div>\n<\/div>\n<\/div>\n<\/div>\n<\/div>\n<blockquote class=\"wp-embedded-content\" data-secret=\"4Wl1Gk3XvL\"><p><a href=\"https:\/\/www.radiopiu.net\/wordpress\/neve-al-suolo-il-bollettino-di-arpav-dolomiti-28-novembre-2021\/\">NEVE AL SUOLO, IL BOLLETTINO DI ARPAV DOLOMITI &#8211; 28 NOVEMBRE 2021<\/a><\/p><\/blockquote>\n<p><iframe loading=\"lazy\" class=\"wp-embedded-content\" sandbox=\"allow-scripts\" security=\"restricted\" style=\"position: absolute; clip: rect(1px, 1px, 1px, 1px);\" title=\"&#8220;NEVE AL SUOLO, IL BOLLETTINO DI ARPAV DOLOMITI &#8211; 28 NOVEMBRE 2021&#8221; &#8212; Radio Pi\u00f9\" src=\"https:\/\/www.radiopiu.net\/wordpress\/neve-al-suolo-il-bollettino-di-arpav-dolomiti-28-novembre-2021\/embed\/#?secret=4Wl1Gk3XvL\" data-secret=\"4Wl1Gk3XvL\" width=\"600\" height=\"338\" frameborder=\"0\" marginwidth=\"0\" marginheight=\"0\" scrolling=\"no\"><\/iframe><\/p>\n<p>&nbsp;<\/p>\n<hr \/>\n<p>&nbsp;<\/p>\n<div class=\"mkdf-post-text\">\n<div class=\"mkdf-post-text-inner\">\n<p><a href=\"https:\/\/www.radiopiu.net\/wordpress\/giornale-radiopiu-15-settembre-2018-direttore-mirko-mezzacasa\/sport-7\/\" rel=\"attachment wp-att-60761\"><img loading=\"lazy\" decoding=\"async\" class=\"wp-image-60761 size-full aligncenter\" src=\"https:\/\/www.radiopiu.net\/wordpress\/wp-content\/uploads\/2018\/09\/sport.jpg\" alt=\"\" width=\"800\" height=\"100\" srcset=\"https:\/\/www.radiopiu.net\/wordpress\/wp-content\/uploads\/2018\/09\/sport.jpg 800w, https:\/\/www.radiopiu.net\/wordpress\/wp-content\/uploads\/2018\/09\/sport-300x38.jpg 300w, https:\/\/www.radiopiu.net\/wordpress\/wp-content\/uploads\/2018\/09\/sport-768x96.jpg 768w\" sizes=\"auto, (max-width: 800px) 100vw, 800px\" \/><\/a><\/p>\n<\/div>\n<\/div>\n<p>&nbsp;<\/p>\n<p><span style=\"color: #0000ff;\"><strong>CALCIO<\/strong><\/span><\/p>\n<blockquote>\n<h3>VITTORIE PER AGORDINA E KERALPEN. IL PUNTO SULLE GIOVANILI DI AGORDO E FIORI BARP<\/h3>\n<\/blockquote>\n<p><strong><a href=\"https:\/\/www.radiopiu.net\/wordpress\/il-voltago-continua-a-vincere-nel-campionato-agordino-femminile\/pallone-calcio-2019\/\" rel=\"attachment wp-att-91405\"><img loading=\"lazy\" decoding=\"async\" class=\"size-medium wp-image-91405 alignleft\" src=\"https:\/\/www.radiopiu.net\/wordpress\/wp-content\/uploads\/2019\/07\/pallone-calcio-2019-300x200.jpg\" alt=\"\" width=\"300\" height=\"200\" srcset=\"https:\/\/www.radiopiu.net\/wordpress\/wp-content\/uploads\/2019\/07\/pallone-calcio-2019-300x200.jpg 300w, https:\/\/www.radiopiu.net\/wordpress\/wp-content\/uploads\/2019\/07\/pallone-calcio-2019-768x513.jpg 768w, https:\/\/www.radiopiu.net\/wordpress\/wp-content\/uploads\/2019\/07\/pallone-calcio-2019-1024x684.jpg 1024w\" sizes=\"auto, (max-width: 300px) 100vw, 300px\" \/><\/a>SECONDA CATEGORIA GIR. <\/strong><strong>T \/ AGORDINA \u2013 SOSPIROLESE \u00a02-1 (GOL AGORDINA: Paganin Lacetera)<\/strong><\/p>\n<p>Torna a vincere l\u2019Agordina di Seconda Categoria. Su un Ivano Dorigo al limite della praticabilit\u00e0 gli agordini incamerano 3 punti importanti contro una Sospirolese che si \u00e8 vista solo nella prima frazione. A decidere la gara i gol di Paganin e Lacetera. Squadra di Agordo che si piazza al terzo posto della classifica e l\u2019obbiettivo salvezza sembra sempre pi\u00f9 vicino. Parte bene la squadra di Lorenzi che fin dai primi minuti mette in difficolt\u00e0 la compagine di Sospirolo. Il campo pesante mette in difficolt\u00e0 i giocatori in campo e gli errori sono all\u2019ordine del giorno. La partita si sblocca al 20\u2019 quando Paganin coglie un assist di Zannoni per trafiggere il portiere avversario. Ingranano la marcia giusta i giocatori di Agordo che continuano a spingere alla ricerca di un altro gol per chiudere la sfida. La Sospirolese ci prova con i lanci lunghi ma i risultati non sono quelli aspettati. Nel finale di primo tempo ancora una grossa occasione per l\u2019Agordina che con Paganin si divora il raddoppio. Nel secondo tempo la protagonista \u00e8 la neve che scende copiosa sull\u2019Ivano Dorigo di Agordo. La partita ne risente e la sola azione dei primi minuti del secondo tempo \u00e8 dell\u2019Agordina che sfiora il pareggio con il colpo di testa di Paganin. Dopo lo spauracchio di una sospensione per campo impraticabile, i ragazzi di Lorenzi trovano la seconda rete della giornata. A battere il portiere della Sospirolese ci pensa Lacetera. In precedenza ci aveva provato anche Fossen sfiorando solo il palo. La partita continua con ritmi blandi, la Sospirolese accorcia ma l\u2019Agordina mette in cascina la vittoria, la quinta della stagione.<\/p>\n<p>&nbsp;<\/p>\n<p><strong>GIOVANISSIMI PROVINCIALI \/ LIMANA \u2013 AGORDINA 7-0<\/strong><\/p>\n<p>Una sconfitta che brucia quella di sabato pomeriggio per l\u2019Agordina di De Bastiani. Forse il Limana non avrebbe avuto bisogno di regali per vincere questa partita, perch\u00e9 ha schierato una migliore qualit\u00e0, ma nel primo quarto d&#8217;ora di gioco l&#8217;Agordina ha confezionato con il fiocco alcune sbavature che sono risultate fatali. Difficile gestire psicologicamente l&#8217;incontro quando si va sotto di quattro reti, ma nel complesso i nostri ragazzi hanno provato poi a fare il loro dovere senza per\u00f2 riuscire a pungere. La partita \u00e8 filata via senza troppi colpi di scena fino a un quarto d&#8217;ora dalla fine, quando il Limana ha trovato le altre reti con cui ha chiuso meritatamente il match.<\/p>\n<p><strong>\u00a0<\/strong><\/p>\n<p><strong>ALLIEVI REGIONALI \/ BARBISANO \u2013 AGORDINA 2-1<\/strong><\/p>\n<p>Continua il periodo negativo della squadra Allievi Regionali dell\u2019Agordina che in terra trevigiana racimola l\u2019ennesima sconfitta di misura. Ad avere la meglio il Barbisano che aprofitta di qualche errore in fase difensiva della squadra di Agordo per incamerare i 3 punti. Agordina a segno con Bedont.<\/p>\n<p>&nbsp;<\/p>\n<p><strong>JUNIORES REGIONALI \/ AGORDINA \u2013 GIAVERA 2-3<\/strong><\/p>\n<p>Ancora una sconfitta di misura per la squadra Juniores allenata da Fontanive che all\u2019Ivano Dorigo di Agordo non riesce a pareggiare contro il Giavera. La squadra trevigiana passa in doppio vantaggio nella prima parte della partita. Ad accorciare le distanze per l\u2019Agordina un autogol degli avversari. Il terzo gol del Giavera arriva subito dopo. Selle accorcia ancora le distanze ma la squadra di Agordo non riesce a raggiungere il pareggio nei minuti finali.<\/p>\n<p>&nbsp;<\/p>\n<p><strong>JUNIORES PROVINCIALI \/ FIORI BARP \u2013 DYNAMO 5-0 <\/strong><\/p>\n<p>Termina con una bella vittoria e la prima posizione in classifica la prima parte del campionato provinciale Juniores del Fiori Barp. Sabato pomeriggio la squadra di Mas ha atterrato la Dynamo rifilandogli 5 gol con altrettanti giocatori diversi. Fontana sblocca il punteggio al 13\u2019 gonfiando la rete dopo aver fatto sedere il portiere. Al 34\u2019 il raddoppio di Santel con un tiro dal limite. Nella ripresa il Fiori Barp chiude la sfida. Fadda supera il portiere con un pallonetto, Shkembi cala il poker con un siluro dal limite e Lonati trova l\u2019incrocio dei pali con un tiro a giro. Tutto sommato una bella partita dei sedicensi che torneranno in campo la prossima primavera.<\/p>\n<p><strong>\u00a0<\/strong><\/p>\n<p><strong>ECCELLENZA FEMMINILE \/ SARONECANEVA \u2013 KERALPEN \u00a01-2 (GOL KERALPEN: De Betta, autogol)<\/strong><\/p>\n<p>Continua il ruolino di vittorie per il Keralpen che in provincia di Pordenoone incamera altri 3 punti. Una partita giocata alla pari e decisa da un errore in fase difensiva del Saronecaneva. La formazione bellunese continua a giocare bene nonostante le tante assenze e la classifica parla chiaro. Keralpen che passa subito in vantaggio. Ci pensa De Betta che con un diagonale imprendibile. La squadra friulana si fa subito avanti e pareggio immediato. Le squadre lottano su ogni pallone e la partita \u00e8 piacevole. Il Saronecaneva sembra svegliarsi e nella parte centrale del primo tempo fa la voce grossa mettendo in difficolt\u00e0 le bellunesi. Conedera si fa viva nell\u2019area avversaria ma non riesce a riportare in vantaggio il Keralpen e la prima frazione termina in parit\u00e0. Nella ripresa la squadra di casa sembra avere una marcia in pi\u00f9 e dopo pochi minuti rischia di portarsi in vantaggio ma il portiere del Keralpen sventa la minaccia. Risponde la formazione bellunese ma Conedera non trova il pertugio per gonfiare la rete. A sancire la vittoria del Keralpen \u00e8 un\u2019autorete delle padrone di casa.<\/p>\n<p>&nbsp;<\/p>\n<p>&nbsp;<\/p>\n<hr \/>\n<p>&nbsp;<\/p>\n<p><span style=\"color: #0000ff;\"><strong>HOCKEY<\/strong><\/span><\/p>\n<blockquote>\n<h3>VITTORIA DI MISURA PER LE CIVETTE A BRESSANONE<\/h3>\n<\/blockquote>\n<p><strong><a href=\"https:\/\/www.radiopiu.net\/wordpress\/il-calendario-ufficiale-dellitalian-hockey-league\/logo-alleghe-hockey\/\" rel=\"attachment wp-att-95699\"><img loading=\"lazy\" decoding=\"async\" class=\"size-medium wp-image-95699 alignright\" src=\"https:\/\/www.radiopiu.net\/wordpress\/wp-content\/uploads\/2019\/08\/logo-alleghe-hockey-300x281.png\" alt=\"\" width=\"300\" height=\"281\" srcset=\"https:\/\/www.radiopiu.net\/wordpress\/wp-content\/uploads\/2019\/08\/logo-alleghe-hockey-300x281.png 300w, https:\/\/www.radiopiu.net\/wordpress\/wp-content\/uploads\/2019\/08\/logo-alleghe-hockey.png 547w\" sizes=\"auto, (max-width: 300px) 100vw, 300px\" \/><\/a>BRESSANONE \u2013 ALLEGHE 0-1<\/strong><\/p>\n<p>PARZIALI: \u00a00-1, 0-0, 0-0<\/p>\n<p>GOL: Pt. 4\u201952\u201d De Toni<\/p>\n<p>&nbsp;<\/p>\n<p>Dopo la sconfitta della settimana scorsa contro i Cavaliers, l\u2019Alleghe Hockey ritorna a vincere e lo fa di misura contro il Bressanone. A decidere la sfida il gol di Edgar De Toni dopo 4\u2019 di gara. Una partita per niente facile per le civette che hanno difeso bene ma hanno anche attaccato. Una sfida giocata a viso aperto che solo un episodio poteva essere decisivo per la conquista dei 3 punti in palio alla Eishalle Arena di Bressanone. Partita maschia con gli arbitri costretti a infliggere le prime penalit\u00e0 nei primi minuti di gioco. Al primo powerplay le civette trovano il vantaggio con De Toni che supera il portiere altoatesino con un siluro dalla linea blu. Il Bressanone prova ad alzare la testa e si avvicina pi\u00f9 volte alla gabbia difesa da Scola. Il match sembra avere una fase di stanca con le due formazioni che non danno spettacolo. Il gioco viene spezzettato pi\u00f9 volte dagli arbitri e il primo tempo si chiude con gli agordini in vantaggio. Nel secondo periodo l\u2019Alleghe sembra essere pi\u00f9 in forma e con Soppelsa e De Toni si avvicinano al raddoppio. Spinge la squadra di coach Fontana che mette sotto pressione la compagine altoatesina. Tanti tiri in porta per le civette ma il golie di casa nega il gol pi\u00f9 volte. Ganz intanto colpisce la traversa con un polsino insidioso. \u00c8 un assedio dei biancorossi che non concedono nulla ai padroni di casa. Nel finale di tempo fioccano le penalit\u00e0, ad avere la meglio l\u2019Alleghe che per\u00f2 non riesce a trovare la seconda marcatura. Nel terzo drittel la sfida si vivacizza ed entrambe le formazioni provano a smuovere il punteggio senza per\u00f2 riuscirci. Brissinesi che fanno venire il sangue freddo agli agordini quando colpiscono la traversa con il disco che si ferma sulla linea di porta. Scola intanto \u00e8 costretto a fare dei miracoli per salvare il risultato. Finale al cardiopalma ma le civette tornano a casa con il bottino pieno.<\/p>\n<p>&nbsp;<\/p>\n<blockquote>\n<h3>IL FELTREGHIACCIO PERDE IL DERBY CON IL PIEVE DI CADORE<\/h3>\n<\/blockquote>\n<p><strong>PIEVE DI CADORE &#8211; FELTREGHIACCIO 5-3<\/strong><\/p>\n<p>PARZIALI: 2-2, 1-1, 2-0<\/p>\n<p>Il derby bellunese del campionato IHL Division I va al Pieve di Cadore. Niente da fare per il Feltreghiaccio che tiene bene i primi due tempi per poi crollare nell&#8217;ultima frazione. La squadra feltrina passa in vantaggio con Matteo Dall&#8217;Agnol ma il Pieve pareggia subito i conti. Lo stesso Matteo Dall&#8217;Agnol sigla la doppietta subito dopo ma ancora una volta i padroni di casa trovano il pareggio. Nel secondo drittel il Cadore passa in vantaggio ma Marco Soia trova il gol del 3 a 3. Ultimo tempo con i padroni di casa che vanno a segno altre due volte e chiudono definitivamente la sfida. Ora il Feltreghiaccio si trova al terzo posto nella classifica del girone Est del campionato con 9 punti.<\/p>\n<p>&nbsp;<\/p>\n<hr \/>\n<p>&nbsp;<\/p>\n<p><span style=\"color: #0000ff;\"><strong>VOLLEY<\/strong><\/span><\/p>\n<blockquote>\n<h3>GRAN RIMONTA DELLA DA ROLD LOGISTIC CONTRO LA GERBAUDO SAVIGLIANO<\/h3>\n<\/blockquote>\n<p><b><a href=\"https:\/\/www.radiopiu.net\/wordpress\/giornale-radiopiu-29-novembre-2021-direttore-mirko-mezzacasa\/drl_post_partita\/\" rel=\"attachment wp-att-245498\"><img loading=\"lazy\" decoding=\"async\" class=\"size-medium wp-image-245498 alignleft\" src=\"https:\/\/www.radiopiu.net\/wordpress\/wp-content\/uploads\/2021\/11\/Drl_post_partita-300x176.jpg\" alt=\"\" width=\"300\" height=\"176\" srcset=\"https:\/\/www.radiopiu.net\/wordpress\/wp-content\/uploads\/2021\/11\/Drl_post_partita-300x176.jpg 300w, https:\/\/www.radiopiu.net\/wordpress\/wp-content\/uploads\/2021\/11\/Drl_post_partita-1024x600.jpg 1024w, https:\/\/www.radiopiu.net\/wordpress\/wp-content\/uploads\/2021\/11\/Drl_post_partita-768x450.jpg 768w, https:\/\/www.radiopiu.net\/wordpress\/wp-content\/uploads\/2021\/11\/Drl_post_partita.jpg 1122w\" sizes=\"auto, (max-width: 300px) 100vw, 300px\" \/><\/a>DA ROLD LOGISTICS BELLUNO-MONGE-GERBAUDO SAVIGLIANO 3-2 (<\/b><strong>23-25, 26-28, 25-22, 25-20, 15-12)<\/strong><\/p>\n<p>Terza vittoria in sequenza e la classifica si muove per la sesta gara di fila. Ma si possono ridurre 2 ore e un quarto di volley ad altissima tensione, e livello, con i freddi numeri? Nemmeno per idea: questo successo al tie-break palpita. Ed \u00e8 un concentrato di emozioni. Perch\u00e9, in avvio, il ritorno alla Spes Arena dei rinoceronti sembra stregato: sotto 2-0 contro un avversario quadrato ed essenziale come Savigliano, la Da Rold Logistics perde per infortunio Giovanni Candeago: fino a quel momento (ovvero, l\u2019inizio di terzo set), uno dei migliori in assoluto.<\/p>\n<p>&nbsp;<\/p>\n<blockquote>\n<h3>LE LUPE INCAMERANO IL SECONDO SUCCESSO COSECUTIVO<\/h3>\n<\/blockquote>\n<p><b><a href=\"https:\/\/www.radiopiu.net\/wordpress\/giornale-radiopiu-29-novembre-2021-direttore-mirko-mezzacasa\/le_lupe_mostrano_il_tre\/\" rel=\"attachment wp-att-245407\"><img loading=\"lazy\" decoding=\"async\" class=\"wp-image-245407 alignleft\" src=\"https:\/\/www.radiopiu.net\/wordpress\/wp-content\/uploads\/2021\/11\/Le_lupe_mostrano_il_tre-225x300.jpg\" alt=\"\" width=\"141\" height=\"188\" srcset=\"https:\/\/www.radiopiu.net\/wordpress\/wp-content\/uploads\/2021\/11\/Le_lupe_mostrano_il_tre-225x300.jpg 225w, https:\/\/www.radiopiu.net\/wordpress\/wp-content\/uploads\/2021\/11\/Le_lupe_mostrano_il_tre-768x1024.jpg 768w, https:\/\/www.radiopiu.net\/wordpress\/wp-content\/uploads\/2021\/11\/Le_lupe_mostrano_il_tre.jpg 1136w\" sizes=\"auto, (max-width: 141px) 100vw, 141px\" \/><\/a> <\/b><\/p>\n<p><b>\u00a0<\/b><\/p>\n<p><b>UNION VOLLEY JESOLO-PALLAVOLO BELLUNO<\/b><strong> 1-3 <span class=\"gmail-Apple-converted-space\">\u00a0(<\/span>25-23, 18-25, 19-25, 18-25)<\/strong><\/p>\n<p>La Pallavolo Belluno femminile non si ferma pi\u00f9: dopo Trieste, le ragazze di Dario Pavei si ripetono anche a Jesolo Lido. E ottengono un altro successo per 3-1: il secondo di fila. E il terzo in sei partite: in altri termini, le bellunesi hanno vinto met\u00e0 delle gare disputate finora. C\u2019\u00e8 davvero da essere soddisfatti, oltre che orgogliosi per il percorso di una squadra che ha sempre giocato in trasferta e, rispetto alla scorsa annata, ha abbassato in maniera sensibile l\u2019et\u00e0 media.<span class=\"gmail-Apple-converted-space\"> S<\/span>abato prossimo si va a Trivignano per sfidare il Fusion. Poi, finalmente, il ritorno a casa: al palasport De Mas<\/p>\n<p>&nbsp;<\/p>\n<p>&nbsp;<\/p>\n<blockquote>\n<h3>PER IL VOLLEY CLUB AGORDINO SECONDA VITTORIA IN CAMPIONATO E TESTA DELLA CLASSIFICA<\/h3>\n<\/blockquote>\n<p><strong>VOLLEY CLUB AGORDINO &#8211; SANTA GIUSTINA 3-1 (19-25, 25-12, 25-17, 25-17)<\/strong><\/p>\n<p><strong>AGORDO <\/strong>Seconda partita del campionato di Seconda Divisione e secondo successo per il Volley Club Agordino che balza in testa alla classifica. Partita iniziata in salita per le ragazze di De Nardin che perdono il primo set. Un inizio con il freno a mano tirato per le agordine che hanno dovuto inseguire non riuscendo a preoccupare il Santa Giustina. Dal secondo set al quarto la musica \u00e8 cambiata e il Volley Club Agordino gioca con pi\u00f9 convinzione chiudendo la sfida e portando a casa i 3 punti. Nota dolente il pubblico. Al PalaRova di Agordo la tifoseria che si \u00e8 fatta pi\u00f9 sentire \u00e8 stata quella della squadra ospite arrivata al palazzetto in gran numero. Rimane la vittoria come nota positiva, un risultato che da morale alle ragazze di Agordo in vista dei prossimi appuntamenti.<\/p>\n<p>&nbsp;<\/p>\n<blockquote>\n<h3>LE NUOVE MAGLIE PRE GARA DEL VOLLEY CLUB AGORDINO<\/h3>\n<\/blockquote>\n<p><strong>AGORDO<\/strong> Nell&#8217;ultimo allenamento del Volley Club Agordino al cambio di turno fra il gruppo delle Under 14-16 allenato da Michele Zamengo e quello della Seconda Divisione portato avanti da Livio De Nardin, insieme ad alcuni aiuto allenatori e con la presenza del presidente, sono state consegnate le nuove maglie da pre-gara a tutte le pallavoliste. Sul petto il logo delle Aquile e nome dell\u2019atleta, sul retro il nome della societ\u00e0. &#8220;<em>Le maglie portano un chiaro messaggio di gruppo che, stringendosi intorno ad una divisa , accomunandosi e sorreggendosi in questo tempo difficile anche per la pratica dello sport lo mantengono vivo &#8211; dicono dalla dirigenza del Volley Club Agordino &#8211; Vi aspettiamo in palestra a sorreggerci con il tifo dagli spalti del nostro bel impianto sulla Rova di Agordo<\/em>&#8220;. Un ringraziamento particolare va alla ditta Ajer di Umberto Dal Pont per la fornitura, la stampa e la sponsorizzazione.<\/p>\n\n\t\t\t<style type='text\/css'>\n\t\t\t\t#gallery-8 {\n\t\t\t\t\tmargin: auto;\n\t\t\t\t}\n\t\t\t\t#gallery-8 .gallery-item {\n\t\t\t\t\tfloat: left;\n\t\t\t\t\tmargin-top: 10px;\n\t\t\t\t\ttext-align: center;\n\t\t\t\t\twidth: 50%;\n\t\t\t\t}\n\t\t\t\t#gallery-8 img {\n\t\t\t\t\tborder: 2px solid #cfcfcf;\n\t\t\t\t}\n\t\t\t\t#gallery-8 .gallery-caption {\n\t\t\t\t\tmargin-left: 0;\n\t\t\t\t}\n\t\t\t\t\/* see gallery_shortcode() in wp-includes\/media.php *\/\n\t\t\t<\/style>\n\t\t<div id='gallery-8' class='dt-gallery-container gallery galleryid-245322 gallery-columns-2 gallery-size-medium'><dl class='gallery-item'>\n\t\t\t\t<dt class='gallery-icon landscape'>\n\t\t\t\t\t<a class=\"rollover rollover-zoom dt-pswp-item\" title=\"cf46cb05-02a8-4c53-a830-3310785000b8\" data-dt-img-description=\"\" data-large_image_width=\"2048\" data-large_image_height=\"1536\"href='https:\/\/www.radiopiu.net\/wordpress\/wp-content\/uploads\/2021\/11\/cf46cb05-02a8-4c53-a830-3310785000b8.jpg'><img loading=\"lazy\" decoding=\"async\" width=\"300\" height=\"225\" src=\"https:\/\/www.radiopiu.net\/wordpress\/wp-content\/uploads\/2021\/11\/cf46cb05-02a8-4c53-a830-3310785000b8-300x225.jpg\" class=\"attachment-medium size-medium\" alt=\"\" srcset=\"https:\/\/www.radiopiu.net\/wordpress\/wp-content\/uploads\/2021\/11\/cf46cb05-02a8-4c53-a830-3310785000b8-300x225.jpg 300w, https:\/\/www.radiopiu.net\/wordpress\/wp-content\/uploads\/2021\/11\/cf46cb05-02a8-4c53-a830-3310785000b8-1024x768.jpg 1024w, https:\/\/www.radiopiu.net\/wordpress\/wp-content\/uploads\/2021\/11\/cf46cb05-02a8-4c53-a830-3310785000b8-768x576.jpg 768w, https:\/\/www.radiopiu.net\/wordpress\/wp-content\/uploads\/2021\/11\/cf46cb05-02a8-4c53-a830-3310785000b8-1536x1152.jpg 1536w, https:\/\/www.radiopiu.net\/wordpress\/wp-content\/uploads\/2021\/11\/cf46cb05-02a8-4c53-a830-3310785000b8.jpg 2048w\" sizes=\"auto, (max-width: 300px) 100vw, 300px\" \/><\/a>\n\t\t\t\t<\/dt><\/dl><dl class='gallery-item'>\n\t\t\t\t<dt class='gallery-icon landscape'>\n\t\t\t\t\t<a class=\"rollover rollover-zoom dt-pswp-item\" title=\"87bff204-d122-4828-8ab0-776da4d6eb8e\" data-dt-img-description=\"\" data-large_image_width=\"2048\" data-large_image_height=\"1152\"href='https:\/\/www.radiopiu.net\/wordpress\/wp-content\/uploads\/2021\/11\/87bff204-d122-4828-8ab0-776da4d6eb8e-rotated.jpg'><img loading=\"lazy\" decoding=\"async\" width=\"300\" height=\"169\" src=\"https:\/\/www.radiopiu.net\/wordpress\/wp-content\/uploads\/2021\/11\/87bff204-d122-4828-8ab0-776da4d6eb8e-300x169.jpg\" class=\"attachment-medium size-medium\" alt=\"\" srcset=\"https:\/\/www.radiopiu.net\/wordpress\/wp-content\/uploads\/2021\/11\/87bff204-d122-4828-8ab0-776da4d6eb8e-300x169.jpg 300w, https:\/\/www.radiopiu.net\/wordpress\/wp-content\/uploads\/2021\/11\/87bff204-d122-4828-8ab0-776da4d6eb8e-1024x576.jpg 1024w, https:\/\/www.radiopiu.net\/wordpress\/wp-content\/uploads\/2021\/11\/87bff204-d122-4828-8ab0-776da4d6eb8e-768x432.jpg 768w, https:\/\/www.radiopiu.net\/wordpress\/wp-content\/uploads\/2021\/11\/87bff204-d122-4828-8ab0-776da4d6eb8e-1536x864.jpg 1536w, https:\/\/www.radiopiu.net\/wordpress\/wp-content\/uploads\/2021\/11\/87bff204-d122-4828-8ab0-776da4d6eb8e-rotated.jpg 2048w\" sizes=\"auto, (max-width: 300px) 100vw, 300px\" \/><\/a>\n\t\t\t\t<\/dt><\/dl><br style=\"clear: both\" \/>\n\t\t\t<\/div>\n\n<p>&nbsp;<\/p>\n<hr \/>\n<p>&nbsp;<\/p>\n<p><span style=\"color: #0000ff;\"><strong>CORSA CAMPESTRE<\/strong><\/span><\/p>\n<blockquote>\n<h3>CASTIONESE E ASTRA QUERO DAVANTI A TUTTI NELLA PRIMA PROVA DEL CAMPIONATO REGIONALE DI CORSA CAMPESTRE CSI<\/h3>\n<\/blockquote>\n<p><strong><a href=\"https:\/\/www.radiopiu.net\/wordpress\/castionese-e-astra-quero-davanti-a-tutti-nella-prima-prova-del-campionato-regionale-di-corsa-campestre-csi\/gs-castionese-28-11-2021-prima-prova-regionale-campestre-modolo\/\" rel=\"attachment wp-att-245442\"><img loading=\"lazy\" decoding=\"async\" class=\"size-medium wp-image-245442 alignleft\" src=\"https:\/\/www.radiopiu.net\/wordpress\/wp-content\/uploads\/2021\/11\/gs-castionese-28.11.2021-prima-prova-regionale-campestre-modolo-300x200.jpg\" alt=\"\" width=\"300\" height=\"200\" srcset=\"https:\/\/www.radiopiu.net\/wordpress\/wp-content\/uploads\/2021\/11\/gs-castionese-28.11.2021-prima-prova-regionale-campestre-modolo-300x200.jpg 300w, https:\/\/www.radiopiu.net\/wordpress\/wp-content\/uploads\/2021\/11\/gs-castionese-28.11.2021-prima-prova-regionale-campestre-modolo-1024x683.jpg 1024w, https:\/\/www.radiopiu.net\/wordpress\/wp-content\/uploads\/2021\/11\/gs-castionese-28.11.2021-prima-prova-regionale-campestre-modolo-768x512.jpg 768w, https:\/\/www.radiopiu.net\/wordpress\/wp-content\/uploads\/2021\/11\/gs-castionese-28.11.2021-prima-prova-regionale-campestre-modolo-1536x1024.jpg 1536w, https:\/\/www.radiopiu.net\/wordpress\/wp-content\/uploads\/2021\/11\/gs-castionese-28.11.2021-prima-prova-regionale-campestre-modolo-2048x1365.jpg 2048w\" sizes=\"auto, (max-width: 300px) 100vw, 300px\" \/><\/a>BELLUNO <\/strong><span class=\"s1\">Gruppo sportivo Castionese e Astra Quero mettono tutti in fila nella prima delle tre prove del Campionato regionale di corsa campestre, andata in scena domenica 28 novembre sullo spettacolare e tecnico tracciato di Modolo di Castion, proprio a cura del Gs Castionese. Giornata uggiosa e con terreno pesante dalla pioggia della vigilia per i 550 concorrenti al via. nella graduatoria per societ\u00e0, vittoria del Castionese con 783 punti davanti ad Astra Quero (512). Sul terzo gradino del podio sono saliti i vicentini della Polisportiva Dueville. Cos\u00ec le altre societ\u00e0 di Csi Belluno e Csi Feltre: 4. Atletica Lamon 478; 5. Polisportiva Santa Giustina 426; 6. Virtus Nemeggio 393; 7. Atletica Agordina 369; 10. La Piave 2000 293; 11. Atletica Trichiana 271; 12. Atletica Zoldo 241; 16. Atletica Cortina 130; 18. Aquilotti Pelos 111; 19. Us Cesio 105; 22. Giocallena Atleticadore 83; 23. Enal sport Villaga 81; 26. As Pozzale 65; 30. As Vodo 36. <\/span><span class=\"s1\">A livello individuale, le gare assolute hanno visto i bei successi di Isacco Costa (Atletica Zoldo), che ha avuto la meglio su Lorenzo Da Rin De Monego (Atletica Lamon) e Said Boudalia\u00a0 (Atletica Trichiana), e di Manuela Bulf (Atletica Agordina), prima davanti a Laura Mazzooleni Ferracini ed Elisa Gullo, entrambe del Castionese.<\/span><\/p>\n<p><strong>i risultati completi sul sito internet del CSI di Belluno <a href=\"http:\/\/www.csibelluno.it\/2021\/11\/28\/gs-castionese-e-astra-quero-davanti-a-tutti-nella-prima-prova-del-regionale-di-cross\/\">CLICCA QUI<\/a><\/strong><\/p>\n<\/div>\n<\/div>\n<\/div>\n<\/div>\n<\/div>\n<\/div>\n<\/div>\n<\/div>\n<\/div>\n<\/div>\n<\/div>\n<\/div>\n<\/div>\n<\/div>\n<\/div>\n<\/div>\n<\/div>\n<\/div>\n<\/div>\n<\/div>\n<\/div>\n<\/div>\n<\/div>\n<\/div>\n<\/div>\n<\/div>\n<\/div>\n<\/div>\n<\/div>\n<\/div>\n<\/div>\n<\/div>\n<\/div>\n<\/div>\n<\/div>\n<\/div>\n","protected":false},"excerpt":{"rendered":"<p>INFORMAZIONE il canale su TELEGRAM informazione di prima mano e in tempo reale. iscriviti ed aiutaci a farlo conoscere\u00a0\u00a0 &nbsp; LA NEVE, DALLA PIANURA (MAS DI SEDICO) AD ALTA QUOTA. UN MANTO BIANCO PER LE DOLOMITI, FOTO VIABILITA PROVINCIA DI BELLUNO, TELEGRAM Trentacinque centimetri di neve fresca a Col dei Baldi ad Alleghe, tra i&hellip;<\/p>\n","protected":false},"author":4,"featured_media":245436,"comment_status":"closed","ping_status":"open","sticky":false,"template":"","format":"standard","meta":{"_monsterinsights_skip_tracking":false,"_monsterinsights_sitenote_active":false,"_monsterinsights_sitenote_note":"","_monsterinsights_sitenote_category":0,"footnotes":""},"categories":[104,86,49],"tags":[],"class_list":["post-245322","post","type-post","status-publish","format-standard","has-post-thumbnail","hentry","category-evidenza_3","category-gr","category-news-18","category-104","category-86","category-49","description-off"],"img_url":"https:\/\/www.radiopiu.net\/wordpress\/wp-content\/uploads\/2021\/11\/7474f3cf-6424-443b-8467-df3b56b32bf3.jpg","_links":{"self":[{"href":"https:\/\/www.radiopiu.net\/wordpress\/wp-json\/wp\/v2\/posts\/245322","targetHints":{"allow":["GET"]}}],"collection":[{"href":"https:\/\/www.radiopiu.net\/wordpress\/wp-json\/wp\/v2\/posts"}],"about":[{"href":"https:\/\/www.radiopiu.net\/wordpress\/wp-json\/wp\/v2\/types\/post"}],"author":[{"embeddable":true,"href":"https:\/\/www.radiopiu.net\/wordpress\/wp-json\/wp\/v2\/users\/4"}],"replies":[{"embeddable":true,"href":"https:\/\/www.radiopiu.net\/wordpress\/wp-json\/wp\/v2\/comments?post=245322"}],"version-history":[{"count":0,"href":"https:\/\/www.radiopiu.net\/wordpress\/wp-json\/wp\/v2\/posts\/245322\/revisions"}],"wp:featuredmedia":[{"embeddable":true,"href":"https:\/\/www.radiopiu.net\/wordpress\/wp-json\/wp\/v2\/media\/245436"}],"wp:attachment":[{"href":"https:\/\/www.radiopiu.net\/wordpress\/wp-json\/wp\/v2\/media?parent=245322"}],"wp:term":[{"taxonomy":"category","embeddable":true,"href":"https:\/\/www.radiopiu.net\/wordpress\/wp-json\/wp\/v2\/categories?post=245322"},{"taxonomy":"post_tag","embeddable":true,"href":"https:\/\/www.radiopiu.net\/wordpress\/wp-json\/wp\/v2\/tags?post=245322"}],"curies":[{"name":"wp","href":"https:\/\/api.w.org\/{rel}","templated":true}]}}