{"id":245324,"date":"2021-11-27T10:50:57","date_gmt":"2021-11-27T09:50:57","guid":{"rendered":"https:\/\/www.radiopiu.net\/wordpress\/?p=245324"},"modified":"2021-11-27T10:50:59","modified_gmt":"2021-11-27T09:50:59","slug":"il-ritrovo-degli-ex-dirigenti-della-ex-direzione-foreste-ed-economia-montana","status":"publish","type":"post","link":"https:\/\/www.radiopiu.net\/wordpress\/il-ritrovo-degli-ex-dirigenti-della-ex-direzione-foreste-ed-economia-montana\/","title":{"rendered":"IL RITROVO DEGLI EX DIRIGENTI DELLA EX DIREZIONE FORESTE ED ECONOMIA MONTANA"},"content":{"rendered":"<p><strong><a href=\"https:\/\/www.radiopiu.net\/wordpress\/il-ritrovo-degli-ex-dirigenti-della-ex-direzione-foreste-ed-economia-montana\/6bd73685-d66d-4746-9809-ea744d287936\/\" rel=\"attachment wp-att-245325\"><img loading=\"lazy\" decoding=\"async\" class=\" wp-image-245325 alignleft\" src=\"https:\/\/www.radiopiu.net\/wordpress\/wp-content\/uploads\/2021\/11\/6bd73685-d66d-4746-9809-ea744d287936-199x300.jpg\" alt=\"\" width=\"175\" height=\"264\" srcset=\"https:\/\/www.radiopiu.net\/wordpress\/wp-content\/uploads\/2021\/11\/6bd73685-d66d-4746-9809-ea744d287936-199x300.jpg 199w, https:\/\/www.radiopiu.net\/wordpress\/wp-content\/uploads\/2021\/11\/6bd73685-d66d-4746-9809-ea744d287936-680x1024.jpg 680w, https:\/\/www.radiopiu.net\/wordpress\/wp-content\/uploads\/2021\/11\/6bd73685-d66d-4746-9809-ea744d287936-768x1157.jpg 768w, https:\/\/www.radiopiu.net\/wordpress\/wp-content\/uploads\/2021\/11\/6bd73685-d66d-4746-9809-ea744d287936-1020x1536.jpg 1020w, https:\/\/www.radiopiu.net\/wordpress\/wp-content\/uploads\/2021\/11\/6bd73685-d66d-4746-9809-ea744d287936.jpg 1144w\" sizes=\"auto, (max-width: 175px) 100vw, 175px\" \/><\/a>SOLAGNA (VI) <\/strong>Ritrovo di ex dirigenti appartenenti alla ormai ex Direzione Foreste ed Economia montana della Regione Veneto: Miria Righele (gi\u00e0 dirigente del Servizio Forestale regionale di Vicenza), Luigi Alfonsi (gi\u00e0 dirigente del Srvizio Difesa Idrogeologico a Mestre), Fabio Zuliani (gi\u00e0 dirigente del Servizio Forestale regionale di Vicenza), Damiano Tancon (gi\u00e0 dirigente del Servizio Forestale regionale di Verona), Pierantonio Zanchetta (gi\u00e0 dirigente del Servizio Forestale regionale di Belluno). C&#8217;erano anche Attilio Geremia (gi\u00e0 dirigente del Servizio Forestale regionale di Padova) e Maurizio Minuzzo (gi\u00e0 dirigente del Servizio Economia Montana a Mestre). &#8220;Il nostro incontro &#8211; dice Pierantonio Zanchetta &#8211; \u00e8 stato come altrimenti non sarebbe potuto essere, vivo di gioia per esserci trovati nuovamente e felicemente, come \u00e8 gi\u00e0 accaduto in altre e diverse occasioni, perch\u00e9 l&#8217;alchimia che ha combinato persone cos\u00ec diverse in uno stesso ambito, ha consentito una felicissima conoscenza collettiva e convivenza in un lungo periodo. La Direzione Foreste \u00e8 vissuta con noi, con questa felice alchimia e con noi ha lasciato il territorio, ma non la memoria storica di tutto ci\u00f2 che di buono siamo stati capaci di fare, davanti a tutto e a tutti, la vita del ns lavoro, l&#8217;entusiasmo e l&#8217;impegno quotidiano profusi nel fare le cose al meglio che ci era consentito&#8221;<\/p>\n<p>&nbsp;<\/p>\n<p>&nbsp;<\/p>\n<p>&nbsp;<\/p>\n<p>*****<\/p>\n","protected":false},"excerpt":{"rendered":"<p>SOLAGNA (VI) Ritrovo di ex dirigenti appartenenti alla ormai ex Direzione Foreste ed Economia montana della Regione Veneto: Miria Righele (gi\u00e0 dirigente del Servizio Forestale regionale di Vicenza), Luigi Alfonsi (gi\u00e0 dirigente del Srvizio Difesa Idrogeologico a Mestre), Fabio Zuliani (gi\u00e0 dirigente del Servizio Forestale regionale di Vicenza), Damiano Tancon (gi\u00e0 dirigente del Servizio Forestale&hellip;<\/p>\n","protected":false},"author":4,"featured_media":245326,"comment_status":"closed","ping_status":"open","sticky":false,"template":"","format":"standard","meta":{"_monsterinsights_skip_tracking":false,"_monsterinsights_sitenote_active":false,"_monsterinsights_sitenote_note":"","_monsterinsights_sitenote_category":0,"footnotes":""},"categories":[49],"tags":[],"class_list":["post-245324","post","type-post","status-publish","format-standard","has-post-thumbnail","hentry","category-news-18","category-49","description-off"],"img_url":"https:\/\/www.radiopiu.net\/wordpress\/wp-content\/uploads\/2021\/11\/Schermata-2021-11-27-alle-10.49.06.png","_links":{"self":[{"href":"https:\/\/www.radiopiu.net\/wordpress\/wp-json\/wp\/v2\/posts\/245324","targetHints":{"allow":["GET"]}}],"collection":[{"href":"https:\/\/www.radiopiu.net\/wordpress\/wp-json\/wp\/v2\/posts"}],"about":[{"href":"https:\/\/www.radiopiu.net\/wordpress\/wp-json\/wp\/v2\/types\/post"}],"author":[{"embeddable":true,"href":"https:\/\/www.radiopiu.net\/wordpress\/wp-json\/wp\/v2\/users\/4"}],"replies":[{"embeddable":true,"href":"https:\/\/www.radiopiu.net\/wordpress\/wp-json\/wp\/v2\/comments?post=245324"}],"version-history":[{"count":0,"href":"https:\/\/www.radiopiu.net\/wordpress\/wp-json\/wp\/v2\/posts\/245324\/revisions"}],"wp:featuredmedia":[{"embeddable":true,"href":"https:\/\/www.radiopiu.net\/wordpress\/wp-json\/wp\/v2\/media\/245326"}],"wp:attachment":[{"href":"https:\/\/www.radiopiu.net\/wordpress\/wp-json\/wp\/v2\/media?parent=245324"}],"wp:term":[{"taxonomy":"category","embeddable":true,"href":"https:\/\/www.radiopiu.net\/wordpress\/wp-json\/wp\/v2\/categories?post=245324"},{"taxonomy":"post_tag","embeddable":true,"href":"https:\/\/www.radiopiu.net\/wordpress\/wp-json\/wp\/v2\/tags?post=245324"}],"curies":[{"name":"wp","href":"https:\/\/api.w.org\/{rel}","templated":true}]}}