{"id":245357,"date":"2021-11-27T15:57:28","date_gmt":"2021-11-27T14:57:28","guid":{"rendered":"https:\/\/www.radiopiu.net\/wordpress\/?p=245357"},"modified":"2021-11-27T15:57:28","modified_gmt":"2021-11-27T14:57:28","slug":"centrodestra-compatto-verso-le-elezioni-provinciali-presentata-la-lista-progetto-dolomiti","status":"publish","type":"post","link":"https:\/\/www.radiopiu.net\/wordpress\/centrodestra-compatto-verso-le-elezioni-provinciali-presentata-la-lista-progetto-dolomiti\/","title":{"rendered":"CENTRODESTRA COMPATTO VERSO LE ELEZIONI PROVINCIALI. PRESENTATA LA LISTA &#8220;PROGETTO DOLOMITI&#8221;"},"content":{"rendered":"<p><strong><a href=\"https:\/\/www.radiopiu.net\/wordpress\/74976-2\/provincia\/\" rel=\"attachment wp-att-75008\"><img loading=\"lazy\" decoding=\"async\" class=\"size-full wp-image-75008 alignleft\" src=\"https:\/\/www.radiopiu.net\/wordpress\/wp-content\/uploads\/2019\/01\/provincia.jpg\" alt=\"\" width=\"218\" height=\"231\" \/><\/a>BELLUNO<\/strong> Le forze di centrodestra rinserrano le fila e si presentano compatte all\u2019appuntamento con il rinnovo elettorale di Palazzo Piloni, in programma il mese prossimo. Al termine di un lavoro di confronto e condivisione sul programma e sulle priorit\u00e0 con cui dovr\u00e0 misurarsi il territorio bellunese nei prossimi anni, \u00e8 stata presentata la lista \u201cProgetto Dolomiti\u201d, a cui hanno dato un contributo attivo tutti i partiti dell\u2019area di centrodestra, oltre alla federazione delle liste civiche della citt\u00e0 di Belluno. Tra i temi-cardine del programma elettorale di \u201cProgetto Dolomiti\u201d sono stati individuati le misure economiche di sostegno alle famiglie e alle imprese, fondamentali nel condurre il contrasto allo spopolamento che affligge soprattutto le \u201cterre alte\u201d della provincia, ma anche un attento piano di programmazione e monitoraggio delle infrastrutture, anche in vista dell\u2019appuntamento olimpico di \u201cCortina 2026\u201d, nonch\u00e9 alle politiche legate alla scuola e ai trasporti pubblici. Il \u201claboratorio\u201d avviato per la definizione del programma e della lista per le provinciali costituir\u00e0 anche un valido punto di partenza in vista dell\u2019appuntamento con le amministrative del 2022 che vedono chiamati alle urne i cittadini di alcuni importanti comuni del Bellunese, tra i quali il capoluogo e Feltre. Questi i 10 componenti della lista \u201cProgetto Dolomiti\u201d candidati al ruolo di consigliere per la Provincia di Belluno: Amalia Serenella Bogana, Massimo Bortoluzzi, Elsa Colomberotto, Danilo De Toni, Luca Fanton, Mattia Gosetti, Sara Lavader, Monica Mazzoccoli, Dario Scopel, Roberta Olivotto.<\/p>\n<p>&nbsp;<\/p>\n<p>&nbsp;<\/p>\n<p>&nbsp;<\/p>\n<p>*****<\/p>\n","protected":false},"excerpt":{"rendered":"<p>BELLUNO Le forze di centrodestra rinserrano le fila e si presentano compatte all\u2019appuntamento con il rinnovo elettorale di Palazzo Piloni, in programma il mese prossimo. Al termine di un lavoro di confronto e condivisione sul programma e sulle priorit\u00e0 con cui dovr\u00e0 misurarsi il territorio bellunese nei prossimi anni, \u00e8 stata presentata la lista \u201cProgetto&hellip;<\/p>\n","protected":false},"author":4,"featured_media":75008,"comment_status":"closed","ping_status":"open","sticky":false,"template":"","format":"standard","meta":{"_monsterinsights_skip_tracking":false,"_monsterinsights_sitenote_active":false,"_monsterinsights_sitenote_note":"","_monsterinsights_sitenote_category":0,"footnotes":""},"categories":[49],"tags":[],"class_list":["post-245357","post","type-post","status-publish","format-standard","has-post-thumbnail","hentry","category-news-18","category-49","description-off"],"img_url":"https:\/\/www.radiopiu.net\/wordpress\/wp-content\/uploads\/2019\/01\/provincia.jpg","_links":{"self":[{"href":"https:\/\/www.radiopiu.net\/wordpress\/wp-json\/wp\/v2\/posts\/245357","targetHints":{"allow":["GET"]}}],"collection":[{"href":"https:\/\/www.radiopiu.net\/wordpress\/wp-json\/wp\/v2\/posts"}],"about":[{"href":"https:\/\/www.radiopiu.net\/wordpress\/wp-json\/wp\/v2\/types\/post"}],"author":[{"embeddable":true,"href":"https:\/\/www.radiopiu.net\/wordpress\/wp-json\/wp\/v2\/users\/4"}],"replies":[{"embeddable":true,"href":"https:\/\/www.radiopiu.net\/wordpress\/wp-json\/wp\/v2\/comments?post=245357"}],"version-history":[{"count":0,"href":"https:\/\/www.radiopiu.net\/wordpress\/wp-json\/wp\/v2\/posts\/245357\/revisions"}],"wp:featuredmedia":[{"embeddable":true,"href":"https:\/\/www.radiopiu.net\/wordpress\/wp-json\/wp\/v2\/media\/75008"}],"wp:attachment":[{"href":"https:\/\/www.radiopiu.net\/wordpress\/wp-json\/wp\/v2\/media?parent=245357"}],"wp:term":[{"taxonomy":"category","embeddable":true,"href":"https:\/\/www.radiopiu.net\/wordpress\/wp-json\/wp\/v2\/categories?post=245357"},{"taxonomy":"post_tag","embeddable":true,"href":"https:\/\/www.radiopiu.net\/wordpress\/wp-json\/wp\/v2\/tags?post=245357"}],"curies":[{"name":"wp","href":"https:\/\/api.w.org\/{rel}","templated":true}]}}