{"id":245378,"date":"2021-11-27T17:29:44","date_gmt":"2021-11-27T16:29:44","guid":{"rendered":"https:\/\/www.radiopiu.net\/wordpress\/?p=245378"},"modified":"2021-11-27T17:29:44","modified_gmt":"2021-11-27T16:29:44","slug":"recuperata-coppia-di-escursionisti-in-difficolta-al-rifugio-palmieri","status":"publish","type":"post","link":"https:\/\/www.radiopiu.net\/wordpress\/recuperata-coppia-di-escursionisti-in-difficolta-al-rifugio-palmieri\/","title":{"rendered":"RECUPERATA COPPIA DI ESCURSIONISTI IN DIFFICOLTA&#8217; AL RIFUGIO PALMIERI"},"content":{"rendered":"<p><strong><a href=\"https:\/\/www.radiopiu.net\/wordpress\/torna-la-festa-del-volontariato-cadorino-sabato-1-settembre\/soccorsoalpino\/\" rel=\"attachment wp-att-59164\"><img loading=\"lazy\" decoding=\"async\" class=\" wp-image-59164 alignleft\" src=\"https:\/\/www.radiopiu.net\/wordpress\/wp-content\/uploads\/2018\/08\/soccorsoalpino-300x300.jpg\" alt=\"\" width=\"140\" height=\"140\" srcset=\"https:\/\/www.radiopiu.net\/wordpress\/wp-content\/uploads\/2018\/08\/soccorsoalpino-300x300.jpg 300w, https:\/\/www.radiopiu.net\/wordpress\/wp-content\/uploads\/2018\/08\/soccorsoalpino-150x150.jpg 150w, https:\/\/www.radiopiu.net\/wordpress\/wp-content\/uploads\/2018\/08\/soccorsoalpino-768x768.jpg 768w, https:\/\/www.radiopiu.net\/wordpress\/wp-content\/uploads\/2018\/08\/soccorsoalpino-1024x1024.jpg 1024w, https:\/\/www.radiopiu.net\/wordpress\/wp-content\/uploads\/2018\/08\/soccorsoalpino.jpg 1200w\" sizes=\"auto, (max-width: 140px) 100vw, 140px\" \/><\/a>CORTINA<\/strong> Alle 13.15 circa la Centrale del Suem \u00e8 stata allertata da una coppia di escursionisti in difficolt\u00e0, poich\u00e9, raggiunto il Rifugio Palmieri alla Croda da Lago, la ragazza lamentava forti dolori ai piedi dovuti al freddo, che le impedivano di camminare. Poich\u00e9, mentre una squadra del Soccorso alpino di Cortina partiva per raggiungere i due a piedi, il compagno di P.G., 24 anni, di Piove di Sacco (PD), in contatto telefonico con la Centrale avvisava del peggioramento della situazione, con la ragazza sempre pi\u00f9 impaurita, \u00e8 intervenuto l&#8217;elicottero del Suem di Pieve di Cadore. Dopo averli individuati, il tecnico di elisoccorso ha recuperato con il verricello gli escursionisti, trasportati all&#8217;ospedale di Cortina per provvedere alle verifiche del caso.<\/p>\n<p>&nbsp;<\/p>\n<p>&nbsp;<\/p>\n<p>&nbsp;<\/p>\n<p>*****<\/p>\n","protected":false},"excerpt":{"rendered":"<p>CORTINA Alle 13.15 circa la Centrale del Suem \u00e8 stata allertata da una coppia di escursionisti in difficolt\u00e0, poich\u00e9, raggiunto il Rifugio Palmieri alla Croda da Lago, la ragazza lamentava forti dolori ai piedi dovuti al freddo, che le impedivano di camminare. Poich\u00e9, mentre una squadra del Soccorso alpino di Cortina partiva per raggiungere i&hellip;<\/p>\n","protected":false},"author":4,"featured_media":59164,"comment_status":"closed","ping_status":"open","sticky":false,"template":"","format":"standard","meta":{"_monsterinsights_skip_tracking":false,"_monsterinsights_sitenote_active":false,"_monsterinsights_sitenote_note":"","_monsterinsights_sitenote_category":0,"footnotes":""},"categories":[51,49],"tags":[],"class_list":["post-245378","post","type-post","status-publish","format-standard","has-post-thumbnail","hentry","category-evidenza-top","category-news-18","category-51","category-49","description-off"],"img_url":"https:\/\/www.radiopiu.net\/wordpress\/wp-content\/uploads\/2018\/08\/soccorsoalpino.jpg","_links":{"self":[{"href":"https:\/\/www.radiopiu.net\/wordpress\/wp-json\/wp\/v2\/posts\/245378","targetHints":{"allow":["GET"]}}],"collection":[{"href":"https:\/\/www.radiopiu.net\/wordpress\/wp-json\/wp\/v2\/posts"}],"about":[{"href":"https:\/\/www.radiopiu.net\/wordpress\/wp-json\/wp\/v2\/types\/post"}],"author":[{"embeddable":true,"href":"https:\/\/www.radiopiu.net\/wordpress\/wp-json\/wp\/v2\/users\/4"}],"replies":[{"embeddable":true,"href":"https:\/\/www.radiopiu.net\/wordpress\/wp-json\/wp\/v2\/comments?post=245378"}],"version-history":[{"count":0,"href":"https:\/\/www.radiopiu.net\/wordpress\/wp-json\/wp\/v2\/posts\/245378\/revisions"}],"wp:featuredmedia":[{"embeddable":true,"href":"https:\/\/www.radiopiu.net\/wordpress\/wp-json\/wp\/v2\/media\/59164"}],"wp:attachment":[{"href":"https:\/\/www.radiopiu.net\/wordpress\/wp-json\/wp\/v2\/media?parent=245378"}],"wp:term":[{"taxonomy":"category","embeddable":true,"href":"https:\/\/www.radiopiu.net\/wordpress\/wp-json\/wp\/v2\/categories?post=245378"},{"taxonomy":"post_tag","embeddable":true,"href":"https:\/\/www.radiopiu.net\/wordpress\/wp-json\/wp\/v2\/tags?post=245378"}],"curies":[{"name":"wp","href":"https:\/\/api.w.org\/{rel}","templated":true}]}}