{"id":245386,"date":"2021-11-27T17:40:40","date_gmt":"2021-11-27T16:40:40","guid":{"rendered":"https:\/\/www.radiopiu.net\/wordpress\/?p=245386"},"modified":"2021-11-27T17:40:40","modified_gmt":"2021-11-27T16:40:40","slug":"carenza-di-medici-rimodulata-lofferta-di-continuita-assistenziale","status":"publish","type":"post","link":"https:\/\/www.radiopiu.net\/wordpress\/carenza-di-medici-rimodulata-lofferta-di-continuita-assistenziale\/","title":{"rendered":"CARENZA DI MEDICI, RIMODULATA L&#8217;OFFERTA DI CONTINUITA&#8217; ASSISTENZIALE"},"content":{"rendered":"<p><strong><a href=\"https:\/\/www.radiopiu.net\/wordpress\/giornale-radiopiu-19-giugno-2021-direttore-mirko-mezzacasa\/medico\/\" rel=\"attachment wp-att-216887\"><img loading=\"lazy\" decoding=\"async\" class=\"size-medium wp-image-216887 alignleft\" src=\"https:\/\/www.radiopiu.net\/wordpress\/wp-content\/uploads\/2021\/06\/MEDICO-300x225.jpg\" alt=\"\" width=\"300\" height=\"225\" srcset=\"https:\/\/www.radiopiu.net\/wordpress\/wp-content\/uploads\/2021\/06\/MEDICO-300x225.jpg 300w, https:\/\/www.radiopiu.net\/wordpress\/wp-content\/uploads\/2021\/06\/MEDICO-1024x768.jpg 1024w, https:\/\/www.radiopiu.net\/wordpress\/wp-content\/uploads\/2021\/06\/MEDICO-768x576.jpg 768w, https:\/\/www.radiopiu.net\/wordpress\/wp-content\/uploads\/2021\/06\/MEDICO-1536x1152.jpg 1536w, https:\/\/www.radiopiu.net\/wordpress\/wp-content\/uploads\/2021\/06\/MEDICO.jpg 1920w\" sizes=\"auto, (max-width: 300px) 100vw, 300px\" \/><\/a>BELLUNO <\/strong>La carenza di medici, nonostante gli appelli e gli incentivi proposti, costringe l\u2019Ulss Dolomiti a rimodulare l\u2019offerta del servizio di Guardia Medica sul territorio. Per le prossime settimane la continuit\u00e0 assistenziale sar\u00e0 cos\u00ec organizzata. <strong>Distretto 1: <\/strong>Da domenica 28 novembre 2021 il servizio nel territorio del Comelico e Alto Cadore sar\u00e0 integrato, in alcuni turni, dalla sede di Cortina. Per la sede di Canale d\u2019Agordo, la maggior parte dei turni saranno garantiti da medici in presenza. Eventuali scoperture saranno gestite dalla sede di Caprile. In entrambi i casi, si assicura che <strong>chiamando il 118, il cittadino sar\u00e0 preso in carico dalla sede di continuit\u00e0 assistenziale attiva pi\u00f9 vicina. <\/strong>Saranno invece pienamente operative di sedi di Belluno, Val di Zoldo, Caprile e Cortina. <strong>Distretto 2: <\/strong>Per il mese di dicembre, le chiamate per la sede di Lamon, come avviene gi\u00e0 avviene per la sede di Borgo Valbelluna, saranno gestite dai medici in servizio nella sede di Feltre. L\u2019Ulss Dolomiti ringrazia i Medici di Medicina Generale che hanno supportato il servizio di continuit\u00e0 assistenziale in questo periodo.\u00a0 L\u2019impegno nella campagna vaccinale anti influenzale e anti covid rende non pi\u00f9 possibile questa opportunit\u00e0. L\u2019Azienda conferma l\u2019impegno nel ricercare soluzioni per garantire ai cittadini una copertura assistenziale adeguata. \u00c8 stato infatti promosso un pacchetto completo di alloggio, incentivo economico e corso di formazione a supporto della attivit\u00e0 da svolgere.<\/p>\n<p>&nbsp;<\/p>\n<p>&nbsp;<\/p>\n<p>*****<\/p>\n","protected":false},"excerpt":{"rendered":"<p>BELLUNO La carenza di medici, nonostante gli appelli e gli incentivi proposti, costringe l\u2019Ulss Dolomiti a rimodulare l\u2019offerta del servizio di Guardia Medica sul territorio. Per le prossime settimane la continuit\u00e0 assistenziale sar\u00e0 cos\u00ec organizzata. Distretto 1: Da domenica 28 novembre 2021 il servizio nel territorio del Comelico e Alto Cadore sar\u00e0 integrato, in alcuni&hellip;<\/p>\n","protected":false},"author":4,"featured_media":216887,"comment_status":"closed","ping_status":"open","sticky":false,"template":"","format":"standard","meta":{"_monsterinsights_skip_tracking":false,"_monsterinsights_sitenote_active":false,"_monsterinsights_sitenote_note":"","_monsterinsights_sitenote_category":0,"footnotes":""},"categories":[49],"tags":[],"class_list":["post-245386","post","type-post","status-publish","format-standard","has-post-thumbnail","hentry","category-news-18","category-49","description-off"],"img_url":"https:\/\/www.radiopiu.net\/wordpress\/wp-content\/uploads\/2021\/06\/MEDICO.jpg","_links":{"self":[{"href":"https:\/\/www.radiopiu.net\/wordpress\/wp-json\/wp\/v2\/posts\/245386","targetHints":{"allow":["GET"]}}],"collection":[{"href":"https:\/\/www.radiopiu.net\/wordpress\/wp-json\/wp\/v2\/posts"}],"about":[{"href":"https:\/\/www.radiopiu.net\/wordpress\/wp-json\/wp\/v2\/types\/post"}],"author":[{"embeddable":true,"href":"https:\/\/www.radiopiu.net\/wordpress\/wp-json\/wp\/v2\/users\/4"}],"replies":[{"embeddable":true,"href":"https:\/\/www.radiopiu.net\/wordpress\/wp-json\/wp\/v2\/comments?post=245386"}],"version-history":[{"count":0,"href":"https:\/\/www.radiopiu.net\/wordpress\/wp-json\/wp\/v2\/posts\/245386\/revisions"}],"wp:featuredmedia":[{"embeddable":true,"href":"https:\/\/www.radiopiu.net\/wordpress\/wp-json\/wp\/v2\/media\/216887"}],"wp:attachment":[{"href":"https:\/\/www.radiopiu.net\/wordpress\/wp-json\/wp\/v2\/media?parent=245386"}],"wp:term":[{"taxonomy":"category","embeddable":true,"href":"https:\/\/www.radiopiu.net\/wordpress\/wp-json\/wp\/v2\/categories?post=245386"},{"taxonomy":"post_tag","embeddable":true,"href":"https:\/\/www.radiopiu.net\/wordpress\/wp-json\/wp\/v2\/tags?post=245386"}],"curies":[{"name":"wp","href":"https:\/\/api.w.org\/{rel}","templated":true}]}}