{"id":245449,"date":"2021-11-29T13:30:39","date_gmt":"2021-11-29T12:30:39","guid":{"rendered":"https:\/\/www.radiopiu.net\/wordpress\/?p=245449"},"modified":"2021-11-28T17:17:03","modified_gmt":"2021-11-28T16:17:03","slug":"i-racconti-di-paolo-soppelsa-puntata-103","status":"publish","type":"post","link":"https:\/\/www.radiopiu.net\/wordpress\/i-racconti-di-paolo-soppelsa-puntata-103\/","title":{"rendered":"I RACCONTI DI PAOLO SOPPELSA &#8211; PUNTATA 103"},"content":{"rendered":"<p><strong>LA STANZA DAI MURI ROSA\u00a0<\/strong><\/p>\n<p><em><strong>AUDIO<\/strong><\/em><\/p>\n<audio class=\"wp-audio-shortcode\" id=\"audio-245449-1\" preload=\"none\" style=\"width: 100%;\" controls=\"controls\"><source type=\"audio\/mpeg\" src=\"https:\/\/www.radiopiu.net\/wordpress\/wp-content\/uploads\/2021\/11\/PAOLO-SOPPELSA-LA-STANZA-DAI-MURI-ROSA.mp3?_=1\" \/><a href=\"https:\/\/www.radiopiu.net\/wordpress\/wp-content\/uploads\/2021\/11\/PAOLO-SOPPELSA-LA-STANZA-DAI-MURI-ROSA.mp3\">https:\/\/www.radiopiu.net\/wordpress\/wp-content\/uploads\/2021\/11\/PAOLO-SOPPELSA-LA-STANZA-DAI-MURI-ROSA.mp3<\/a><\/audio>\n<p>&nbsp;<\/p>\n<p><a href=\"https:\/\/www.radiopiu.net\/wordpress\/?attachment_id=245451\" rel=\"attachment wp-att-245451\"><img loading=\"lazy\" decoding=\"async\" class=\"size-medium wp-image-245451 alignleft\" src=\"https:\/\/www.radiopiu.net\/wordpress\/wp-content\/uploads\/2021\/11\/616d0458-50f6-4c28-896b-8602ef16b8f4-300x223.jpg\" alt=\"\" width=\"300\" height=\"223\" srcset=\"https:\/\/www.radiopiu.net\/wordpress\/wp-content\/uploads\/2021\/11\/616d0458-50f6-4c28-896b-8602ef16b8f4-300x223.jpg 300w, https:\/\/www.radiopiu.net\/wordpress\/wp-content\/uploads\/2021\/11\/616d0458-50f6-4c28-896b-8602ef16b8f4.jpg 400w\" sizes=\"auto, (max-width: 300px) 100vw, 300px\" \/><\/a>La casa dagli scuri celesti giaceva silenziosa a mezza costa, a qualche decina di metri al di sotto della strada provinciale. Era sorta nell&#8217;immediato secondo dopoguerra su di un pianoro ricavato a colpi di mazza. Sudore, fatiche e sacrifici per costruire quella casa dalle cui finestre lo sguardo poteva spaziare fino a raggiungere le due cime dello Spiz de Medod\u00ec. Era la stanza dai muri rosa, quella collocata nel lato est, a godere del privilegio del panorama migliore; da una finestra si ammirava il Pelsa, dall&#8217;altra invece, lo sguardo, dopo aver sfiorato i rami pi\u00f9 alti della vecchia &#8220;zaresera&#8221; e aver oltrepassato &#8220;la casa dell&#8217;eco&#8221;, quella il cui muro rifletteva le mie urla di bambino, si perdeva &#8220;fora par la val&#8221;. D&#8217;autunno non era ancora tempo di dormire sul &#8220;fornel&#8221; durante i miei soggiorni montani pre-scuole elementari; dormivo nella stanza vegliata dal viso di Papa Giovanni XXIII. Andavo a letto presto, appena terminato il TG1. Paolo Frajese salutava i telespettatori ed io salivo la scala di legno e mi infilavo sotto il piumone beige con i cani stampati. E dalla finestra potevo veder spuntare la Luna sopra il Pelsa. Poi i passi della nonna sul pavimento di linoleum grigio, il sedersi sul letto e l&#8217;iniziare le &#8220;orazion&#8221;. Era un momento serio. Che metteva pure soggezione a volte ascoltando quelle parole severe pronunciate quasi sottovoce. Versi carichi di fede e rispetto; c&#8217;erano la Croce, &#8220;l&#8217;oio Santo&#8221; e soprattutto &#8220;la camera zhal&#8221;; che chiss\u00e0 cos&#8217;era questa &#8220;camera zhal&#8221;. Si narra che significasse &#8220;camera d&#8217;acciaio&#8221;, e francamente incuteva un p\u00f2 di timore. Poi, dopo le &#8220;orazion&#8221; calava una grande quiete nella stanza dai muri rosa. Una camera da letto pressoch\u00e9 quadrata con il soffitto piuttosto basso, che gi\u00e0 a quattordici anni riuscivo a toccarlo senza saltare. Un letto, la lampadina &#8220;col piat&#8221; bianco di ferro smaltato con il bordino blu. E l&#8217;impianto elettrico &#8220;co la piatina&#8221;, ovvero con i fili elettrici a vista fissati alle pareti con i chiodini. Ed infine l&#8217;interruttore a peretta che penzolava con i fili mezzi scoperti sopra la testata del letto. Il tutto ovviamente senza salvavita. Che la vita di chi utilizzava l&#8217;interruttore a peretta, forse era salvaguardata da quelle &#8220;orazion&#8221; in simil-latino pronunciate prima di dormire. Anzi, senza forse, sicuramente era merito delle &#8220;orazion&#8221;. Ed un buon contributo per avere salva l&#8217;esistenza nonostante le pericolose termocoperte acquistate su Postalmarket, lo dava pure il Papa Buono. Quel Papa Giovanni XXIII nato a Bergamo, il cui viso era stampato sul piatto appeso sopra lo specchio posto sopra il com\u00f2 di fronte al letto. Mi raccontavano fosse stato davvero un bravo Papa, ed una volta ci recammo pure a Bergamo a visitare la sua casa e pure la citt\u00e0. Avr\u00f2 avuto cinque anni, e fu una bella giornata quella trascorsa in terra lombarda. Fu giornata uggiosa ed al ritorno ci tamponarono nei pressi di Padova. La Ritmo rientr\u00f2 a Belluno un p\u00f2 acciaccata ed io potei vantarmi per parecchio tempo di essere stato a Bergamo. Chiss\u00e0 cosa pensava il Papa Buono ascoltando le &#8220;orazion&#8221; della sera pronunciate nella penombra della stanza dai muri rosa; secondo me apprezzava e sorrideva, nonostante il latino un po&#8217; zoppicante. La nonna mi sistemava le coperte e poi usciva dalla stanza dai muri rosa. L&#8217;ascoltavo scendere le scale di legno mentre nella penombra scorgevo appena la sagoma nera del piatto con impresso il viso del Papa Buono. Poi m&#8217;infilavo al caldo sotto il soffocante piumone e nel muovermi, l&#8217;interruttore a peretta con i fili mezzi scoperti oscillava grattando sulla parete dipinta di rosa. Ma noi avevamo detto le &#8220;orazion&#8221; e a proteggermi c&#8217;era Papa Giovanni da Bergamo. Avrei potuto dormire tranquillo, senza il rischio di folgorarmi, nel silenzio di un&#8217;altra notte vissuta fra le montagne agordine. Poi il tempo fece il suo inesorabile corso e gli scuri celesti si chiusero per oltre cinque lustri; e nella stanza dai muri rosa dorm\u00ec solamente il silenzio. Fino ai giorni nostri, fino ad una recente sera di stelle e Luna piena che illuminava le creste innevate del Pelsa. Ora la stanza dai muri rosa non \u00e8 pi\u00f9 la stessa di allora: le pareti sono dipinte di bianco e non ci sono pi\u00f9 le &#8220;lastre&#8221; che lasciavano entrare il canto perenne del R\u00f9 da Ghisel; per\u00f2 le due finestre che guardano la valle sono ancora al loro posto. Al piano di sotto nessuno si sveglia prima dell&#8217;alba &#8220;par d\u00ec a m\u00f2dhe la vacia&#8221;: le vite cambiano, qualcuno nel frattempo \u00e8 cresciuto e chi c&#8217;era prima ora riposa da tanti anni sotto la chiesa di fronte al Civetta. Ma ci\u00f2 che si pu\u00f2 ammirare aldil\u00e0 dell&#8217;odierno vetrocamera \u00e8 ancora uguale ad allora: gli uomini cambiano, le montagne no. \u00c8 stata notte di poco sonno e tante stelle, di luna piena che illuminava la valle e ricordi di sere silenziose e lontane. Ritornavano attimi e storie mentre la Stella del Pelsa brillava a mezza costa. Poi, il pomeriggio successivo, al tramontare del sole, proprio come accadeva allora, ho imboccato la Strada Madre che mi ha ricondotto nella piccola citt\u00e0, dove ci sono meno stelle nel cielo e mancano le cime cariche di neve di fine autunno. &#8220;&#8230;zerche n&#8217;cora le stele stasera; ma no cate chele che vedee sora el Pelsa d&#8217;invern. Cande che anca el ziel l&#8217;era ingiaz\u00e0 e &#8216;l fret taiea le rece. Cheste che vede le stele pi strake, stele de cit\u00e0. Par che le ave fin manco forza, no le fa chel ciaro che fa bril\u00e0 i oci e bate &#8216;l cor. Chele sora el Pelsa inveze le fea &#8216;n ciaro che iluminea le zime piene de nef. Se le vardea la domenega sera prima de tirase &#8216;n d\u00f9. Mi e m\u00e8 pare se meteane apena fora de cantina e par calche momento vardeane el ziel. L&#8217;era bel sta l\u00e0 in te chela giazera de invern a vard\u00e0 par aria. Domai nef d&#8217;intorn e las\u00f9, apena sora &#8216;l Mont Alt, tuta na luminaria. Vardeane imbacucai &#8216;ntele giache a vento, coi det dele man che deventea ros dal fret e i oci piein de marevea\u2026&#8221;&#8230;Magiche Dolomiti!!<\/p>\n<p>&nbsp;<\/p>\n<p>&nbsp;<\/p>\n<p>&nbsp;<\/p>\n<p>*****<\/p>\n","protected":false},"excerpt":{"rendered":"<p>LA STANZA DAI MURI ROSA\u00a0 AUDIO &nbsp; La casa dagli scuri celesti giaceva silenziosa a mezza costa, a qualche decina di metri al di sotto della strada provinciale. Era sorta nell&#8217;immediato secondo dopoguerra su di un pianoro ricavato a colpi di mazza. Sudore, fatiche e sacrifici per costruire quella casa dalle cui finestre lo sguardo&hellip;<\/p>\n","protected":false},"author":4,"featured_media":245451,"comment_status":"closed","ping_status":"open","sticky":false,"template":"","format":"standard","meta":{"_monsterinsights_skip_tracking":false,"_monsterinsights_sitenote_active":false,"_monsterinsights_sitenote_note":"","_monsterinsights_sitenote_category":0,"footnotes":""},"categories":[49],"tags":[],"class_list":["post-245449","post","type-post","status-publish","format-standard","has-post-thumbnail","hentry","category-news-18","category-49","description-off"],"img_url":"https:\/\/www.radiopiu.net\/wordpress\/wp-content\/uploads\/2021\/11\/616d0458-50f6-4c28-896b-8602ef16b8f4.jpg","_links":{"self":[{"href":"https:\/\/www.radiopiu.net\/wordpress\/wp-json\/wp\/v2\/posts\/245449","targetHints":{"allow":["GET"]}}],"collection":[{"href":"https:\/\/www.radiopiu.net\/wordpress\/wp-json\/wp\/v2\/posts"}],"about":[{"href":"https:\/\/www.radiopiu.net\/wordpress\/wp-json\/wp\/v2\/types\/post"}],"author":[{"embeddable":true,"href":"https:\/\/www.radiopiu.net\/wordpress\/wp-json\/wp\/v2\/users\/4"}],"replies":[{"embeddable":true,"href":"https:\/\/www.radiopiu.net\/wordpress\/wp-json\/wp\/v2\/comments?post=245449"}],"version-history":[{"count":0,"href":"https:\/\/www.radiopiu.net\/wordpress\/wp-json\/wp\/v2\/posts\/245449\/revisions"}],"wp:featuredmedia":[{"embeddable":true,"href":"https:\/\/www.radiopiu.net\/wordpress\/wp-json\/wp\/v2\/media\/245451"}],"wp:attachment":[{"href":"https:\/\/www.radiopiu.net\/wordpress\/wp-json\/wp\/v2\/media?parent=245449"}],"wp:term":[{"taxonomy":"category","embeddable":true,"href":"https:\/\/www.radiopiu.net\/wordpress\/wp-json\/wp\/v2\/categories?post=245449"},{"taxonomy":"post_tag","embeddable":true,"href":"https:\/\/www.radiopiu.net\/wordpress\/wp-json\/wp\/v2\/tags?post=245449"}],"curies":[{"name":"wp","href":"https:\/\/api.w.org\/{rel}","templated":true}]}}