{"id":245577,"date":"2021-11-29T10:30:16","date_gmt":"2021-11-29T09:30:16","guid":{"rendered":"https:\/\/www.radiopiu.net\/wordpress\/?p=245577"},"modified":"2021-11-29T10:30:16","modified_gmt":"2021-11-29T09:30:16","slug":"inventandosi-alpinisti-in-montagna-allo-sbaraglio","status":"publish","type":"post","link":"https:\/\/www.radiopiu.net\/wordpress\/inventandosi-alpinisti-in-montagna-allo-sbaraglio\/","title":{"rendered":"INVENTANDOSI ALPINISTI,  IN MONTAGNA ALLO SBARAGLIO"},"content":{"rendered":"<p><strong>L&#8217;OPINIONE La montagna \u00e8 di tutti, ma non \u00e8 per tutti\u00a0<\/strong><\/p>\n<p><strong>di Claudio Pra<\/strong><\/p>\n<blockquote><p><em><img loading=\"lazy\" decoding=\"async\" class=\"alignleft\" src=\"https:\/\/www.radiopiu.net\/wordpress\/wp-content\/uploads\/2021\/11\/stone-2127669_960_720.png\" width=\"206\" height=\"145\" \/>&#8220;Ce l&#8217;avete con i turisti, volete la montagna solo per voi&#8221;<\/em>. No, fa solo rabbia vedere gente che ha poco o nulla a che fare con la montagna inventarsi alpinisti. Gente spesso impreparata, poco umile, che non si cura per nulla di informarsi su cosa l&#8217;aspetta, cos\u00ec che anche il percorrere un banale sentiero che raggiunge un facile rifugio diventa un&#8217;incognita tanto da dover ricorre al Soccorso Alpino. Che tipo di calzature aveva la turista in difficolt\u00e0 in una giornata non certo polare soccorsa perch\u00e9 i piedi s&#8217;erano infreddoliti?. Meno social e pi\u00f9 libri, pi\u00f9 allenamento, pi\u00f9 consapevolezza dell&#8217;ambiente che si va a frequentare. Insomma pi\u00f9 cultura della montagna, luogo che certamente pu\u00f2 mettere in difficolt\u00e0 e per questo da conoscere bene, non certo tramite social e foto spettacolari che invogliano ad andare allo sbaraglio. La montagna \u00e8 di tutti, ma non \u00e8 per tutti e tante colpevoli campagne pubblicitarie di questo non tengono conto. Anni fa arrivava gente perlopi\u00f9 appassionata e preparata, che sapeva scegliere un itinerario in base alle proprie capacit\u00e0. Oggi le Dolomiti sono diventate una moda e la recente pandemia ha aumentato la frequentazione. Ma anzich\u00e9 andare per gradi si vogliono bruciare le tappe e cos\u00ec chi arriva parte lancia in resta, spesso allo sbaraglio. Nessuna consapevolezza su difficolt\u00e0 tecniche del percorso, vestiario inadeguato, allenamento carente, il sopravvalutarsi, questo e altro portano ai risultati che sono sotto gli occhi di tutti. Anche in questo caso solo la cultura ci salver\u00e0.<\/p><\/blockquote>\n<p>&nbsp;<\/p>\n<p>***<\/p>\n","protected":false},"excerpt":{"rendered":"<p>L&#8217;OPINIONE La montagna \u00e8 di tutti, ma non \u00e8 per tutti\u00a0 di Claudio Pra &#8220;Ce l&#8217;avete con i turisti, volete la montagna solo per voi&#8221;. No, fa solo rabbia vedere gente che ha poco o nulla a che fare con la montagna inventarsi alpinisti. Gente spesso impreparata, poco umile, che non si cura per nulla&hellip;<\/p>\n","protected":false},"author":4,"featured_media":245578,"comment_status":"closed","ping_status":"open","sticky":false,"template":"","format":"standard","meta":{"_monsterinsights_skip_tracking":false,"_monsterinsights_sitenote_active":false,"_monsterinsights_sitenote_note":"","_monsterinsights_sitenote_category":0,"footnotes":""},"categories":[104,49],"tags":[],"class_list":["post-245577","post","type-post","status-publish","format-standard","has-post-thumbnail","hentry","category-evidenza_3","category-news-18","category-104","category-49","description-off"],"img_url":"https:\/\/www.radiopiu.net\/wordpress\/wp-content\/uploads\/2021\/11\/stone-2127669_960_720.png","_links":{"self":[{"href":"https:\/\/www.radiopiu.net\/wordpress\/wp-json\/wp\/v2\/posts\/245577","targetHints":{"allow":["GET"]}}],"collection":[{"href":"https:\/\/www.radiopiu.net\/wordpress\/wp-json\/wp\/v2\/posts"}],"about":[{"href":"https:\/\/www.radiopiu.net\/wordpress\/wp-json\/wp\/v2\/types\/post"}],"author":[{"embeddable":true,"href":"https:\/\/www.radiopiu.net\/wordpress\/wp-json\/wp\/v2\/users\/4"}],"replies":[{"embeddable":true,"href":"https:\/\/www.radiopiu.net\/wordpress\/wp-json\/wp\/v2\/comments?post=245577"}],"version-history":[{"count":0,"href":"https:\/\/www.radiopiu.net\/wordpress\/wp-json\/wp\/v2\/posts\/245577\/revisions"}],"wp:featuredmedia":[{"embeddable":true,"href":"https:\/\/www.radiopiu.net\/wordpress\/wp-json\/wp\/v2\/media\/245578"}],"wp:attachment":[{"href":"https:\/\/www.radiopiu.net\/wordpress\/wp-json\/wp\/v2\/media?parent=245577"}],"wp:term":[{"taxonomy":"category","embeddable":true,"href":"https:\/\/www.radiopiu.net\/wordpress\/wp-json\/wp\/v2\/categories?post=245577"},{"taxonomy":"post_tag","embeddable":true,"href":"https:\/\/www.radiopiu.net\/wordpress\/wp-json\/wp\/v2\/tags?post=245577"}],"curies":[{"name":"wp","href":"https:\/\/api.w.org\/{rel}","templated":true}]}}