{"id":245616,"date":"2021-11-29T15:38:36","date_gmt":"2021-11-29T14:38:36","guid":{"rendered":"https:\/\/www.radiopiu.net\/wordpress\/?p=245616"},"modified":"2021-11-29T15:40:31","modified_gmt":"2021-11-29T14:40:31","slug":"ascatfc","status":"publish","type":"post","link":"https:\/\/www.radiopiu.net\/wordpress\/ascatfc\/","title":{"rendered":"ASCA, PAOLO SELVA MORETTI: &#8220;IL NOSTRO UN INTERVENTO STIMOLANTE PER UN ARGOMENTO CHE MERITA ATTENZIONE&#8221;"},"content":{"rendered":"<blockquote><p><em>&#8220;Ribadiamo l\u2019invito alla nomina di un CDA, come previsto dallo statuto di ASCA, per evidenti ragioni di opportunita\u0300, di trasparenza e di maggior controllo&#8221;.<\/em><\/p><\/blockquote>\n<p><strong><a href=\"https:\/\/www.radiopiu.net\/wordpress\/asca-paolo-selva-moretti-il-nostro-un-intervento-stimolante-per-un-argomento-che-merita-attenzione\/69d8e8ef-95c1-417d-a732-a16f66d5ca9a\/\" rel=\"attachment wp-att-245617\"><img loading=\"lazy\" decoding=\"async\" class=\" wp-image-245617 alignleft\" src=\"https:\/\/www.radiopiu.net\/wordpress\/wp-content\/uploads\/2021\/11\/69d8e8ef-95c1-417d-a732-a16f66d5ca9a-300x300.jpg\" alt=\"\" width=\"189\" height=\"189\" srcset=\"https:\/\/www.radiopiu.net\/wordpress\/wp-content\/uploads\/2021\/11\/69d8e8ef-95c1-417d-a732-a16f66d5ca9a-300x300.jpg 300w, https:\/\/www.radiopiu.net\/wordpress\/wp-content\/uploads\/2021\/11\/69d8e8ef-95c1-417d-a732-a16f66d5ca9a-150x150.jpg 150w, https:\/\/www.radiopiu.net\/wordpress\/wp-content\/uploads\/2021\/11\/69d8e8ef-95c1-417d-a732-a16f66d5ca9a-768x768.jpg 768w, https:\/\/www.radiopiu.net\/wordpress\/wp-content\/uploads\/2021\/11\/69d8e8ef-95c1-417d-a732-a16f66d5ca9a.jpg 1000w\" sizes=\"auto, (max-width: 189px) 100vw, 189px\" \/><\/a>AGORDO<\/strong> Mettere in evidenza dando voce alle preoccupazioni segnalate in merito ad Asca era un atto doveroso, ne \u00e8 convinto Paolo Selva Moretti che lo ribadisce a nome della lista civica Agordo Cambia<em> &#8220;Un amministratore &#8211; dice Selva Moretti &#8211;\u00a0 ha\u00a0 il dovere di farsi carico delle problematiche di interesse pubblico, a maggior ragione se riguardano le fasce piu\u0300 deboli, come in questo caso gli anziani. Non dimentichiamo che, nonostante le evidenti difficolta\u0300 che tutte le strutture stanno incontrando in questo momento, gli anziani sono qui oggi ed hanno diritto alla qualita\u0300 del servizio&#8221;.<\/em> Agordo Cambia considera positivo che l&#8217;intervento sugli organi di informazione dello scorso fine settimana abbia stimolato il dibattito &#8220;<em>Apprendiamo che chi di dovere si e\u0300 gia\u0300 attivato per\u00a0 la risoluzione di problemi evidenziati. Auspichiamo quindi che un concreto risultato si possa raggiungere nel piu\u0300 breve tempo possibile, sia per quanto riguarda il miglioramento della qualita\u0300 di vita dell\u2019anziano e dei suoi familiari, sia per quanto riguarda la fidelizzazione del personale nell\u2019ottica di una riduzione dell\u2019evidente ed eccessivo turnover&#8221;.<\/em> La promessa: continuare a tenere l&#8217;alta l&#8217;attenzione con la massima disponibilit\u00e0 ad accogliere le istanze dei cittadini<em> &#8220;Ci gratifica\u00a0 di essere stati contattati da diversi cittadini che ci hanno manifestato la loro riconoscenza per aver dato voce alle loro preoccupazioni&#8221;. <\/em><\/p>\n<div class=\"page\" title=\"Page 1\">\n<div class=\"layoutArea\">\n<div class=\"column\">\n<p>&nbsp;<\/p>\n<p>&nbsp;<\/p>\n<h2><span style=\"color: #ff0000;\">DAL GIORNALE RADIO PIU&#8217; DI OGGI<\/span><\/h2>\n<blockquote>\n<h3>ASCA E UNIONE MONTANA AGORDINA RISPONDONO A SELVA MORETTI<\/h3>\n<\/blockquote>\n<p><strong>di Gianni Santomaso<\/strong><\/p>\n<audio class=\"wp-audio-shortcode\" id=\"audio-245616-1\" preload=\"none\" style=\"width: 100%;\" controls=\"controls\"><source type=\"audio\/mpeg\" src=\"https:\/\/www.radiopiu.net\/wordpress\/wp-content\/uploads\/2021\/11\/GIANNI-ASCA-SELVA-MORETTI.mp3?_=1\" \/><a href=\"https:\/\/www.radiopiu.net\/wordpress\/wp-content\/uploads\/2021\/11\/GIANNI-ASCA-SELVA-MORETTI.mp3\">https:\/\/www.radiopiu.net\/wordpress\/wp-content\/uploads\/2021\/11\/GIANNI-ASCA-SELVA-MORETTI.mp3<\/a><\/audio>\n<p><strong><a href=\"https:\/\/www.radiopiu.net\/wordpress\/asca-ricerca-personale-infermieristico\/asca-4\/\" rel=\"attachment wp-att-128881\"><img loading=\"lazy\" decoding=\"async\" class=\" wp-image-128881 alignleft\" src=\"https:\/\/www.radiopiu.net\/wordpress\/wp-content\/uploads\/2020\/04\/ASCA-300x165.png\" sizes=\"auto, (max-width: 249px) 100vw, 249px\" srcset=\"https:\/\/www.radiopiu.net\/wordpress\/wp-content\/uploads\/2020\/04\/ASCA-300x165.png 300w, https:\/\/www.radiopiu.net\/wordpress\/wp-content\/uploads\/2020\/04\/ASCA-1024x565.png 1024w, https:\/\/www.radiopiu.net\/wordpress\/wp-content\/uploads\/2020\/04\/ASCA-768x424.png 768w, https:\/\/www.radiopiu.net\/wordpress\/wp-content\/uploads\/2020\/04\/ASCA.png 1211w\" alt=\"\" width=\"249\" height=\"137\" \/><\/a>AGORDO\u00a0<\/strong>Il Presidente dell\u2019Assemblea dei Sindaci e l\u2019Amministratore Unico di ASCA respingono con forza il quadro descritto dal Consigliere Selva Moretti del comune di Agordo sulla situazione della RSA.\u00a0Ricordano che certamente nel periodo estivo ci sono stati problemi organizzativi e gestionali dato che non \u00e8 stato possibile contare sulla presenza degli infermieri che, a partire dal 16 luglio, erano stati assegnati dall\u2019azienda sanitaria, ma, con il trascorrere dei mesi, la situazione si \u00e8 via via stabilizzata, pur in un quadro complesso per tutte le RSA e descritto ogni giorno sulla stampa locale e nazionale.<\/p>\n<p><strong>MARIA CHIARA SANTIN, AMMINISTRATORE UNICO DI ASCA<\/strong><\/p>\n<p><a href=\"https:\/\/www.radiopiu.net\/wordpress\/giornale-radio-piu-15-maggio-2018-direttore-mirko-mezzacasa\/santin-300x169\/\" rel=\"attachment wp-att-48328\"><img loading=\"lazy\" decoding=\"async\" class=\"size-medium wp-image-48328 alignright\" src=\"https:\/\/www.radiopiu.net\/wordpress\/wp-content\/uploads\/2018\/05\/SANTIN-300x169-300x169.jpg\" alt=\"\" width=\"300\" height=\"169\" \/><\/a><em>Oggi per seguire 94 anziani sono in organico 40 operatori e 10 infermieri (di cui uno part\/time e due dipendenti dell\u2019ulss) e una\u00a0\u00a0ditta esterna che effettua il lavoro di ausiliariato (rifacimento letti ecc) necessario anche perch\u00e9 si registrano, come in passato, infortuni e malattie. Nel corso dell\u2019anno i rapporti con le organizzazioni sindacali, pur molto rari, sono stati sereni e positivi e, nell\u2019ultimo incontro si \u00e8 condivisa la difficolt\u00e0 a reperire operatori e alloggi e le strategie da mettere in atto. Si ricorda a tal proposito che la RSA \u00e8 nata il primo maggio 2017 e che da sempre si registra un turnover significativo.\u00a0 Nel 2017 infatti, in soli otto mesi, si sono dimesse 20 persone,\u00a0 nel 2018, un anno che non ha evidenziato a livello generale alcun problema, si sono interrotti\u00a0\u00a034 rapporti di lavoro, nel 2019 vi \u00e8 stato un turnover di 47 persone e, neanche in quell\u2019anno, si segnalavano particolari criticit\u00e0 nel panorama dei servizi, mentre nel 2020, l\u2019anno della pandemia il turnover \u00e8 stato di 58 persone e nell\u2019anno in corso, di 45. Si sta registrando inoltre con soddisfazione, il rientro di persone che avevano lasciato il servizio e ci si riferisce in particolare a un\u2019infermiera e un\u2019operatrice socio sanitaria. Sono stati molto frequenti gli incontri con il comitato dei familiari, uno anche con il nuovo comitato, dove, a fronte di una richiesta precisa dell\u2019Amministratore Unico, di come fosse la situazione la risposta \u00e8 stata rassicurante. In precedenza si erano succedute quatto riunioni di nucleo, molto partecipate, che avevano evidenziato la grande sofferenza da parte dei familiari nel non poter entrare nella residenza, non stare vicino al proprio caro, non avere contatti diretti con gli operatori. E\u2019 stata anche sottolineata, da parte di qualcuno, una scarsa attenzione nel variare l\u2019abbigliamento e qualche carenza nella cura della persona perch\u00e9, come affermato recentemente da una familiare \u201c se quando entravo nel nucleo vedevo la maglietta macchiata la cambiavo, ora non lo posso fare\u201d. Nel corso dei suddetti incontri non \u00e8 emerso mai alcun problema sanitario anzi si \u00e8 apprezzata, anche con telefonate individuali, la cura medica. La psicologa, che segue individualmente i familiari, \u00e8 molto attenta nell\u2019intervenire sulle loro segnalazioni che vanno comunque circoscritte a piccoli problemi. La certificazione di qualit\u00e0, appena rilasciata, \u00e8 andata ad indagare i processi sanitari e assistenziali e, si ricorda,\u00a0 \u00e8 uno strumento oggettivo, il risultato \u00e8 misurabile e va considerato soddisfacente. L\u2019organizzazione generale, che richiede flessibilit\u00e0 e ridefinizioni continue, \u00e8 stata ulteriormente raffinata proprio nelle ultime settimane grazie anche all\u2019impegno di bravi professionisti ed operatori e giorni fa, \u00e8 stata convocata una assemblea generale con tutti i collaboratori di ASCA per illustrare il percorso intrapreso. Nel corso del 2021, Asca ha stipulato una convenzione con l\u2019Azienda Agordo Servizi, ha preso in gestione l\u2019Asilo Nido di Cencenighe e sta lavorando per farsi\u00a0 carico di altri servizi in particolare nell\u2019area sociale, pertanto necessita di un Direttore a tempo pieno e non di una figura part time come era previsto invece nella convenzione con Azienda Longarone Zoldo.<\/em><\/p>\n<p><strong>MICHELE COSTA, PRESIDENTE DELL\u2019UNIONE MONTANA AGORDINA<\/strong><\/p>\n<p><a href=\"https:\/\/www.radiopiu.net\/wordpress\/pomeriggio-in-piscina-lo-speciale-alla-radio\/bc03a212-dd05-424e-8884-05a7959c32c4\/\" rel=\"attachment wp-att-238230\"><img loading=\"lazy\" decoding=\"async\" class=\"size-medium wp-image-238230 alignleft\" src=\"https:\/\/www.radiopiu.net\/wordpress\/wp-content\/uploads\/2021\/10\/bc03a212-dd05-424e-8884-05a7959c32c4-300x169.jpg\" sizes=\"auto, (max-width: 300px) 100vw, 300px\" srcset=\"https:\/\/www.radiopiu.net\/wordpress\/wp-content\/uploads\/2021\/10\/bc03a212-dd05-424e-8884-05a7959c32c4-300x169.jpg 300w, https:\/\/www.radiopiu.net\/wordpress\/wp-content\/uploads\/2021\/10\/bc03a212-dd05-424e-8884-05a7959c32c4-1024x576.jpg 1024w, https:\/\/www.radiopiu.net\/wordpress\/wp-content\/uploads\/2021\/10\/bc03a212-dd05-424e-8884-05a7959c32c4-768x432.jpg 768w, https:\/\/www.radiopiu.net\/wordpress\/wp-content\/uploads\/2021\/10\/bc03a212-dd05-424e-8884-05a7959c32c4-1536x864.jpg 1536w, https:\/\/www.radiopiu.net\/wordpress\/wp-content\/uploads\/2021\/10\/bc03a212-dd05-424e-8884-05a7959c32c4.jpg 1920w\" alt=\"\" width=\"300\" height=\"169\" \/><\/a><em>In qualit\u00e0 di Presidente dell\u2019Unione Montana Agordina sono anche Presidente di ASCA, e prima di tutto desidero ringraziare l\u2019Amministratore Unico Maria Chiara Santin, per il lavoro e quanto sta facendo per ASCA. Assolutamente non meritato l\u2019attacco infelice cui \u00e8 stata sottoposta. Ricordo, a Selva Moretti in primis, e a tutti gli agordini che esiste un Consiglio di Presidenza (ne fanno parte Silvia Tormen, Ezio Zuanel, Leandro Grones e Gianni Ferrini) che \u00e8 impegnato nella gestione di ASCA e fa da filtro tra Amministratore Unico e Assemblea dei Sindaci Soci. La decisione di avere un Amministratore Unico alla guida \u00e8 stata condivisa e decisa nell\u2019Assemblea dei soci. Consiglio di Presidenza e Assemblea dei soci sono stati convocati negli ultimi 10 mesi con una frequenza che non aveva precedenti proprio per una attenta analisi della situazione ed una condivisione tra tutti i soci di quanto accadeva in ASCA in un periodo tanto difficoltoso. In ogni incontro i soci sono stati aggiornati dettagliatamente e ciascuno ha fatto le dovute riflessioni sulle tante problematiche esistenti, ma anche sulle possibili soluzioni da attuare per poter migliorare e andare avanti. Non serve che Selva Moretti dia alcuna strigliata ai Sindaci, anzi, lo invito a moderare i toni e a riflettere sulla gravit\u00e0 di alcune sue dichiarazioni. In ASCA non \u00e8 tutto perfetto, me lo hanno detto anche alcuni familiari dei degenti con cui ho parlato, ma c\u2019\u00e8 consapevolezza dei tanti problemi del momento e soprattutto c\u2019\u00e8 confronto con la Direzione, come conferma la Dottoressa Santin. Chiedo che i problemi politici del comune di Agordo vengano affrontati nella sede dovuta e non mettano in ulteriore difficolt\u00e0 un Ente che ricordo, \u00e8 nato per iniziativa dei Sindaci agordini per la gestione di un servizio fondamentale per il territorio. Le strategie, le progettualit\u00e0 ed i finanziamenti, le collaborazioni, le soluzioni a tanti vari problemi sono argomenti costantemente dibattuti, soprattutto in questo periodo, nelle conferenze dei sindaci. In particolare per ASCA, sono state, vengono e verranno affrontate nel luogo preposto che \u00e8 l\u2019assemblea dei soci, nei modi e nei tempi dettati dalle necessit\u00e0 e dai soci, non sulla stampa, sui social e nemmeno coi tempi voluti dai media. Questo per dovere di responsabilit\u00e0, seriet\u00e0 e rispetto dei ruoli, modi che mi pare vengano sempre pi\u00f9 a mancare e che invoco con fermezza: stiamo parlando di servizi importantissimi per le nostre Comunit\u00e0.<\/em><\/p>\n<p>&nbsp;<\/p>\n<p><strong>SUL SITO DI RADIO PIU\u2019<\/strong><\/p>\n<p><iframe loading=\"lazy\" class=\"wp-embedded-content\" title=\"\u201cASCA, AGORDO CAMBIA \u201cPIU\u2019 TRASPARENZA E LA NOMINA DEL CDA\u201d\u201d \u2014 Radio Pi\u00f9\" src=\"https:\/\/www.radiopiu.net\/wordpress\/asca-agordo-cambia-piu-trasparenza-e-la-nomina-del-cda\/embed\/#?secret=GvrbMRbOwb\" width=\"600\" height=\"338\" frameborder=\"0\" marginwidth=\"0\" marginheight=\"0\" scrolling=\"no\" sandbox=\"allow-scripts\" data-secret=\"GvrbMRbOwb\" data-mce-fragment=\"1\"><\/iframe><\/p>\n<p>&nbsp;<\/p>\n<p>&nbsp;<\/p>\n<p>******<\/p>\n<p>&nbsp;<\/p>\n<\/div>\n<\/div>\n<\/div>\n","protected":false},"excerpt":{"rendered":"<p>&#8220;Ribadiamo l\u2019invito alla nomina di un CDA, come previsto dallo statuto di ASCA, per evidenti ragioni di opportunita\u0300, di trasparenza e di maggior controllo&#8221;. AGORDO Mettere in evidenza dando voce alle preoccupazioni segnalate in merito ad Asca era un atto doveroso, ne \u00e8 convinto Paolo Selva Moretti che lo ribadisce a nome della lista civica&hellip;<\/p>\n","protected":false},"author":4,"featured_media":61887,"comment_status":"closed","ping_status":"open","sticky":false,"template":"","format":"standard","meta":{"_monsterinsights_skip_tracking":false,"_monsterinsights_sitenote_active":false,"_monsterinsights_sitenote_note":"","_monsterinsights_sitenote_category":0,"footnotes":""},"categories":[51,49],"tags":[],"class_list":["post-245616","post","type-post","status-publish","format-standard","has-post-thumbnail","hentry","category-evidenza-top","category-news-18","category-51","category-49","description-off"],"img_url":"https:\/\/www.radiopiu.net\/wordpress\/wp-content\/uploads\/2018\/09\/POLIFUNZIONALE3.jpg","_links":{"self":[{"href":"https:\/\/www.radiopiu.net\/wordpress\/wp-json\/wp\/v2\/posts\/245616","targetHints":{"allow":["GET"]}}],"collection":[{"href":"https:\/\/www.radiopiu.net\/wordpress\/wp-json\/wp\/v2\/posts"}],"about":[{"href":"https:\/\/www.radiopiu.net\/wordpress\/wp-json\/wp\/v2\/types\/post"}],"author":[{"embeddable":true,"href":"https:\/\/www.radiopiu.net\/wordpress\/wp-json\/wp\/v2\/users\/4"}],"replies":[{"embeddable":true,"href":"https:\/\/www.radiopiu.net\/wordpress\/wp-json\/wp\/v2\/comments?post=245616"}],"version-history":[{"count":0,"href":"https:\/\/www.radiopiu.net\/wordpress\/wp-json\/wp\/v2\/posts\/245616\/revisions"}],"wp:featuredmedia":[{"embeddable":true,"href":"https:\/\/www.radiopiu.net\/wordpress\/wp-json\/wp\/v2\/media\/61887"}],"wp:attachment":[{"href":"https:\/\/www.radiopiu.net\/wordpress\/wp-json\/wp\/v2\/media?parent=245616"}],"wp:term":[{"taxonomy":"category","embeddable":true,"href":"https:\/\/www.radiopiu.net\/wordpress\/wp-json\/wp\/v2\/categories?post=245616"},{"taxonomy":"post_tag","embeddable":true,"href":"https:\/\/www.radiopiu.net\/wordpress\/wp-json\/wp\/v2\/tags?post=245616"}],"curies":[{"name":"wp","href":"https:\/\/api.w.org\/{rel}","templated":true}]}}