{"id":245689,"date":"2021-12-01T14:48:58","date_gmt":"2021-12-01T13:48:58","guid":{"rendered":"https:\/\/www.radiopiu.net\/wordpress\/?p=245689"},"modified":"2021-12-01T14:52:36","modified_gmt":"2021-12-01T13:52:36","slug":"giornale-radiopiu-01-dicembre-2021-direttore-mirko-mezzacasa","status":"publish","type":"post","link":"https:\/\/www.radiopiu.net\/wordpress\/giornale-radiopiu-01-dicembre-2021-direttore-mirko-mezzacasa\/","title":{"rendered":"GIORNALE RADIOPIU 01 DICEMBRE 2021 DIRETTORE MIRKO MEZZACASA"},"content":{"rendered":"<h3 class=\"kvgmc6g5 cxmmr5t8 oygrvhab hcukyx3x c1et5uql\"><span style=\"color: #0000ff;\"><strong>INFORMAZIONE il canale su TELEGRAM informazione di prima mano e in tempo reale. iscriviti ed aiutaci a farlo conoscere\u00a0\u00a0<\/strong><\/span><\/h3>\n<blockquote>\n<h3><\/h3>\n<h3><\/h3>\n<h3>NEW LOOK, ARRIVA DICEMBRE&#8230; AL CAFFE&#8217; DERSUT &#8211; GIORNALE E CAFFE&#8217; DI TAIBON &#8211;<\/h3>\n<\/blockquote>\n<p><strong>TAIBON<\/strong> La fantasia, i fiori d&#8217;estate e il tocco invernale in apertura della stagione invernale. Ecco il biglietto da visita di Maurizio Farenzena all&#8217;uscita della tangenziale di Agordo&#8230; a tutti buona stagione.<\/p>\n<p>Ovovia originale Olimpiadi di Cortina 1956 ( anche se utilizzata per servizio) \u00a0Proprieta\u2019 di Carlin Sport Agordo<\/p>\n<p><a href=\"https:\/\/www.radiopiu.net\/wordpress\/new-look-arriva-dicembre-al-caffe-dersut-giornale-e-caffe-di-taibon\/fa37b8dc-5be2-48c9-98f2-272a52caf83c\/\" rel=\"attachment wp-att-245936\"><img loading=\"lazy\" decoding=\"async\" class=\"wp-image-245936 aligncenter\" src=\"https:\/\/www.radiopiu.net\/wordpress\/wp-content\/uploads\/2021\/12\/fa37b8dc-5be2-48c9-98f2-272a52caf83c-1024x768.jpg\" alt=\"\" width=\"370\" height=\"278\" srcset=\"https:\/\/www.radiopiu.net\/wordpress\/wp-content\/uploads\/2021\/12\/fa37b8dc-5be2-48c9-98f2-272a52caf83c-1024x768.jpg 1024w, https:\/\/www.radiopiu.net\/wordpress\/wp-content\/uploads\/2021\/12\/fa37b8dc-5be2-48c9-98f2-272a52caf83c-300x225.jpg 300w, https:\/\/www.radiopiu.net\/wordpress\/wp-content\/uploads\/2021\/12\/fa37b8dc-5be2-48c9-98f2-272a52caf83c-768x576.jpg 768w, https:\/\/www.radiopiu.net\/wordpress\/wp-content\/uploads\/2021\/12\/fa37b8dc-5be2-48c9-98f2-272a52caf83c-1536x1152.jpg 1536w, https:\/\/www.radiopiu.net\/wordpress\/wp-content\/uploads\/2021\/12\/fa37b8dc-5be2-48c9-98f2-272a52caf83c.jpg 2048w\" sizes=\"auto, (max-width: 370px) 100vw, 370px\" \/><\/a><\/p>\n<p>&nbsp;<\/p>\n<p>&nbsp;<\/p>\n<hr \/>\n<p>&nbsp;<\/p>\n<blockquote>\n<h3>OGGI A SELVA DI CADORE POTREBBE AMNCARE L&#8217;ACQUA<\/h3>\n<\/blockquote>\n<p><a href=\"https:\/\/www.radiopiu.net\/wordpress\/giornale-radiopiu-17-settembre-2021-direttore-mirko-mezzacasa\/img-20210910-wa0001\/\" rel=\"attachment wp-att-232360\"><img loading=\"lazy\" decoding=\"async\" class=\"wp-image-232360 alignleft\" src=\"https:\/\/www.radiopiu.net\/wordpress\/wp-content\/uploads\/2021\/09\/IMG-20210910-WA0001-296x300.jpg\" alt=\"\" width=\"68\" height=\"69\" srcset=\"https:\/\/www.radiopiu.net\/wordpress\/wp-content\/uploads\/2021\/09\/IMG-20210910-WA0001-296x300.jpg 296w, https:\/\/www.radiopiu.net\/wordpress\/wp-content\/uploads\/2021\/09\/IMG-20210910-WA0001-150x150.jpg 150w, https:\/\/www.radiopiu.net\/wordpress\/wp-content\/uploads\/2021\/09\/IMG-20210910-WA0001-768x779.jpg 768w, https:\/\/www.radiopiu.net\/wordpress\/wp-content\/uploads\/2021\/09\/IMG-20210910-WA0001.jpg 806w\" sizes=\"auto, (max-width: 68px) 100vw, 68px\" \/><\/a>Gestione Servizi Pubblici informa che, per lavori alla rete idrica comunale, OGGI dalle\u00a0 08:30 a fine lavori\u00a0 verr\u00e0 sospesa l\u2019erogazione dell\u2019acqua a <strong>SELVA DI CADORE<\/strong>, nelle vie PESCUL, PERONAZ, SANTA FOSCA, DEI DENEVER, GIACOMO LONGO, PERAZZE, CERNADOI, BERNART, COSTA MARIN, TRONCH E ZANUOL.<\/p>\n<p>&nbsp;<\/p>\n<blockquote>\n<h3>CASTIONESE A SECCO<\/h3>\n<\/blockquote>\n<h3>Bim Gsp deve effettuare alcuni lavori sulla rete idrica, che comporteranno la chiusura dell&#8217;acqua a partire dalle 8 di domani\u00a0 e fino alla fine dell&#8217;intervento. Le zone interessate dalla chiusura sono le vie Sanfor, Lante, Col Cavalier, Anconetta, Castelet, P. Capraro, Cavessago e in Villaggio Col Cavalier.<\/h3>\n<p>&nbsp;<\/p>\n<p>&nbsp;<\/p>\n<p>&nbsp;<\/p>\n<hr \/>\n<p>&nbsp;<\/p>\n<blockquote>\n<h3>INTERRUZIONI ENEL PROGRAMMATE<\/h3>\n<\/blockquote>\n<p><strong><a href=\"https:\/\/www.radiopiu.net\/wordpress\/giornale-radiopiu-16-giugno-2021-direttore-mirko-mezzacasa\/th-140\/\" rel=\"attachment wp-att-216173\"><img loading=\"lazy\" decoding=\"async\" class=\" wp-image-216173 alignleft\" src=\"https:\/\/www.radiopiu.net\/wordpress\/wp-content\/uploads\/2021\/06\/th-13.jpg\" alt=\"\" width=\"152\" height=\"101\" \/><\/a> <\/strong><\/p>\n<p><strong>\u00a0<\/strong><\/p>\n<p><strong>RIVAMONTE <\/strong>Oggi dalle 10 alle 13 nelle vie Saret, Schena, Sech Conedera, Zep Miniere, Zenich e Secele<\/p>\n<p><strong>LA VALLE\u00a0<\/strong>Oggi dalle 10 alle 13 nelle frazioni Le Campe e Noach<\/p>\n<p>&nbsp;<\/p>\n<p>&nbsp;<\/p>\n<hr \/>\n<p>&nbsp;<\/p>\n<blockquote>\n<blockquote><p><strong><a href=\"https:\/\/www.radiopiu.net\/wordpress\/giornale-radiopiu-30-novembre-2021-direttore-mirko-mezzacasa\/c8804864-65c8-4cca-a84f-9820e3bb0b6d\/\" rel=\"attachment wp-att-245749\"><img loading=\"lazy\" decoding=\"async\" class=\"size-medium wp-image-245749 alignleft\" src=\"https:\/\/www.radiopiu.net\/wordpress\/wp-content\/uploads\/2021\/11\/c8804864-65c8-4cca-a84f-9820e3bb0b6d-225x300.jpg\" alt=\"\" width=\"225\" height=\"300\" srcset=\"https:\/\/www.radiopiu.net\/wordpress\/wp-content\/uploads\/2021\/11\/c8804864-65c8-4cca-a84f-9820e3bb0b6d-225x300.jpg 225w, https:\/\/www.radiopiu.net\/wordpress\/wp-content\/uploads\/2021\/11\/c8804864-65c8-4cca-a84f-9820e3bb0b6d.jpg 600w\" sizes=\"auto, (max-width: 225px) 100vw, 225px\" \/><\/a><\/strong><\/p>\n<p><strong>PROVINCIALE 35 DI LASTE<\/strong>\u00a0 fino al 15 dicembre &#8211; festivi e sabato esclusi &#8211; interruzione totale dalle 8 alle 9.30 &#8211; dalle 9.40 alle 12.30 &#8211; dalle 13.30 alle 15.30, dalle 15.40 alle 17 nelle altre fasce orarie senso unico alternato<\/p>\n<p>&nbsp;<\/p>\n<p><strong>GOSALDO<\/strong> <strong>PROVINCIALE 3 VALLE IMPERINA<\/strong>: interruzione totale alla viabilit\u00e0\u00a0 per lavori di <a href=\"https:\/\/www.radiopiu.net\/wordpress\/iniziati-i-lavori-al-ponte-del-cristo-sulla-203-agordina\/ced07f80-a96b-45ee-a3d5-5dd6a16a320a\/\" rel=\"attachment wp-att-243364\"><img loading=\"lazy\" decoding=\"async\" class=\" wp-image-243364 alignright\" src=\"https:\/\/www.radiopiu.net\/wordpress\/wp-content\/uploads\/2021\/11\/ced07f80-a96b-45ee-a3d5-5dd6a16a320a-224x300.jpg\" alt=\"\" width=\"171\" height=\"229\" srcset=\"https:\/\/www.radiopiu.net\/wordpress\/wp-content\/uploads\/2021\/11\/ced07f80-a96b-45ee-a3d5-5dd6a16a320a-224x300.jpg 224w, https:\/\/www.radiopiu.net\/wordpress\/wp-content\/uploads\/2021\/11\/ced07f80-a96b-45ee-a3d5-5dd6a16a320a-766x1024.jpg 766w, https:\/\/www.radiopiu.net\/wordpress\/wp-content\/uploads\/2021\/11\/ced07f80-a96b-45ee-a3d5-5dd6a16a320a-768x1027.jpg 768w, https:\/\/www.radiopiu.net\/wordpress\/wp-content\/uploads\/2021\/11\/ced07f80-a96b-45ee-a3d5-5dd6a16a320a-1149x1536.jpg 1149w, https:\/\/www.radiopiu.net\/wordpress\/wp-content\/uploads\/2021\/11\/ced07f80-a96b-45ee-a3d5-5dd6a16a320a.jpg 1496w\" sizes=\"auto, (max-width: 171px) 100vw, 171px\" \/><\/a>messa in sicurezza:\u00a0 dalle 8 alle 12.45; dalle 13.45 alle 16 e dalle 16.30 alle 17.30 nei periodi non interessati dalla chiusura senso unico alternato con semaforo anche nei giorni festivi e prefestivi.<\/p>\n<p><strong>347 DURAN<\/strong>, chiusa in localit\u00e0 Dont fino al 4 dicembre dalle 8 alle 12 e dalle 13.30 alle 17.30<\/p>\n<p><strong>COLLE SANTA LUCIA 638 PASSO GIAU <\/strong>fino al 15 dicembre, tutti i giorni sono previste interruzioni fino a 15 minuti tra le 8 del mattino e le 17 del pomeriggio, negli altri orari senso unico alternato regolato da impianto semaforico.<\/p>\n<p><strong>SP 3 VALLE IMPERINA\u00a0<\/strong>dal 9 al 23 dicembre compresi sabato e domenica senso unico alternato regolato da impianto semaforico in localit\u00e0 Zenich di Rivamonte per consolidamento della strada<\/p><\/blockquote>\n<\/blockquote>\n<p><strong>SS51 DI ALEMAGNA<\/strong> posa del passaggio pedonale ferroviario a Longarone. Dalle 20 di giovedi 2 dicembre alle 6 del mattino successivo senso unico alternato. Probabili sensi unici temporanei a Castellavazzo (fino al 17 dicembre) per la demolizione controllata della parete rocciosa.<\/p>\n<p>&nbsp;<\/p>\n<hr \/>\n<p>&nbsp;<\/p>\n<blockquote>\n<h3>A SACILE LA SAGRA DEI OSEI, A CANDATEN LA SAGRA DEGLI UNGULATI<\/h3>\n<\/blockquote>\n<p>&nbsp;<\/p>\n<p><strong><a href=\"https:\/\/www.radiopiu.net\/wordpress\/a-sacile-la-sagra-dei-osei-a-candaten-la-sagra-degli-ungulati\/388a43a2-7cb6-4460-84a7-4ca5b651376f\/\" rel=\"attachment wp-att-245920\"><img loading=\"lazy\" decoding=\"async\" class=\" wp-image-245920 alignleft\" src=\"https:\/\/www.radiopiu.net\/wordpress\/wp-content\/uploads\/2021\/12\/388a43a2-7cb6-4460-84a7-4ca5b651376f-300x180.jpg\" alt=\"\" width=\"178\" height=\"107\" srcset=\"https:\/\/www.radiopiu.net\/wordpress\/wp-content\/uploads\/2021\/12\/388a43a2-7cb6-4460-84a7-4ca5b651376f-300x180.jpg 300w, https:\/\/www.radiopiu.net\/wordpress\/wp-content\/uploads\/2021\/12\/388a43a2-7cb6-4460-84a7-4ca5b651376f-768x460.jpg 768w, https:\/\/www.radiopiu.net\/wordpress\/wp-content\/uploads\/2021\/12\/388a43a2-7cb6-4460-84a7-4ca5b651376f.jpg 1024w\" sizes=\"auto, (max-width: 178px) 100vw, 178px\" \/><\/a>SEDICO\u00a0<\/strong> Quella in Comune di Sedico in piena zona Parco Nazionale Dolomiti Bellunesi, lungo la rete stradale gestita da Veneto Strade, a poche decine di metri dai Carabinieri Forestali ecco quello che succede ogni giorno, ormai ad ogni ora. Di incidenti ce ne sono gi\u00e0 stati parecchi, purtroppo anche mortali ma di soluzioni all&#8217;orizzonte se ne vedono poche. Se ne vedono?<br \/>\n<span style=\"color: #0000ff;\"><strong>IL VIDEO DA TELEGRAM VIABILITA&#8217; PROVINCIA DI BELLUNO DI ALBERTO DELLA GIUSTINA\u00a0<\/strong><\/span><\/p>\n<p>&nbsp;<\/p>\n<div style=\"width: 848px;\" class=\"wp-video\"><video class=\"wp-video-shortcode\" id=\"video-245689-1\" width=\"848\" height=\"480\" preload=\"metadata\" controls=\"controls\"><source type=\"video\/mp4\" src=\"https:\/\/www.radiopiu.net\/wordpress\/wp-content\/uploads\/2021\/12\/WhatsApp-Video-2021-12-01-at-06.01.24.mp4?_=1\" \/><a href=\"https:\/\/www.radiopiu.net\/wordpress\/wp-content\/uploads\/2021\/12\/WhatsApp-Video-2021-12-01-at-06.01.24.mp4\">https:\/\/www.radiopiu.net\/wordpress\/wp-content\/uploads\/2021\/12\/WhatsApp-Video-2021-12-01-at-06.01.24.mp4<\/a><\/video><\/div>\n<p>&nbsp;<\/p>\n<p>&nbsp;<\/p>\n<hr \/>\n<p>&nbsp;<\/p>\n<blockquote>\n<h3>TERREMOTO AL CONFINE<\/h3>\n<\/blockquote>\n<p><b>UDINE\u00a0 Scossa di terremoto ieri alle 11.14 a Forni di Sopra (Udine) al confine con la provincia di Belluno. Magnitudo 1,5 (appena percettibile), profondit\u00e0 9,8 chilometri. Una prima scossa di 2,5 gradi della Richter \u00e8 stata registrata alle 9.21 a Cavazzo Carnico\u00a0<\/b><\/p>\n\n\t\t\t<style type='text\/css'>\n\t\t\t\t#gallery-1 {\n\t\t\t\t\tmargin: auto;\n\t\t\t\t}\n\t\t\t\t#gallery-1 .gallery-item {\n\t\t\t\t\tfloat: left;\n\t\t\t\t\tmargin-top: 10px;\n\t\t\t\t\ttext-align: center;\n\t\t\t\t\twidth: 33%;\n\t\t\t\t}\n\t\t\t\t#gallery-1 img {\n\t\t\t\t\tborder: 2px solid #cfcfcf;\n\t\t\t\t}\n\t\t\t\t#gallery-1 .gallery-caption {\n\t\t\t\t\tmargin-left: 0;\n\t\t\t\t}\n\t\t\t\t\/* see gallery_shortcode() in wp-includes\/media.php *\/\n\t\t\t<\/style>\n\t\t<div id='gallery-1' class='dt-gallery-container gallery galleryid-245689 gallery-columns-3 gallery-size-thumbnail'><dl class='gallery-item'>\n\t\t\t\t<dt class='gallery-icon portrait'>\n\t\t\t\t\t<a class=\"rollover rollover-zoom dt-pswp-item\" title=\"59b2a51f-cb1b-4c07-84a3-7d4ffb7d3013\" data-dt-img-description=\"\" data-large_image_width=\"746\" data-large_image_height=\"1600\"href='https:\/\/www.radiopiu.net\/wordpress\/wp-content\/uploads\/2015\/07\/59b2a51f-cb1b-4c07-84a3-7d4ffb7d3013.jpg'><img loading=\"lazy\" decoding=\"async\" width=\"150\" height=\"150\" src=\"https:\/\/www.radiopiu.net\/wordpress\/wp-content\/uploads\/2015\/07\/59b2a51f-cb1b-4c07-84a3-7d4ffb7d3013-150x150.jpg\" class=\"attachment-thumbnail size-thumbnail\" alt=\"\" \/><\/a>\n\t\t\t\t<\/dt><\/dl><dl class='gallery-item'>\n\t\t\t\t<dt class='gallery-icon portrait'>\n\t\t\t\t\t<a class=\"rollover rollover-zoom dt-pswp-item\" title=\"79b31bb3-1693-4355-8f2c-5f5667cf515b\" data-dt-img-description=\"\" data-large_image_width=\"746\" data-large_image_height=\"1600\"href='https:\/\/www.radiopiu.net\/wordpress\/wp-content\/uploads\/2015\/07\/79b31bb3-1693-4355-8f2c-5f5667cf515b.jpg'><img loading=\"lazy\" decoding=\"async\" width=\"150\" height=\"150\" src=\"https:\/\/www.radiopiu.net\/wordpress\/wp-content\/uploads\/2015\/07\/79b31bb3-1693-4355-8f2c-5f5667cf515b-150x150.jpg\" class=\"attachment-thumbnail size-thumbnail\" alt=\"\" \/><\/a>\n\t\t\t\t<\/dt><\/dl><dl class='gallery-item'>\n\t\t\t\t<dt class='gallery-icon portrait'>\n\t\t\t\t\t<a class=\"rollover rollover-zoom dt-pswp-item\" title=\"2e24a082-f93c-41c0-b30c-fc2dab917cfb\" data-dt-img-description=\"\" data-large_image_width=\"746\" data-large_image_height=\"1600\"href='https:\/\/www.radiopiu.net\/wordpress\/wp-content\/uploads\/2015\/07\/2e24a082-f93c-41c0-b30c-fc2dab917cfb.jpg'><img loading=\"lazy\" decoding=\"async\" width=\"150\" height=\"150\" src=\"https:\/\/www.radiopiu.net\/wordpress\/wp-content\/uploads\/2015\/07\/2e24a082-f93c-41c0-b30c-fc2dab917cfb-150x150.jpg\" class=\"attachment-thumbnail size-thumbnail\" alt=\"\" \/><\/a>\n\t\t\t\t<\/dt><\/dl><br style=\"clear: both\" \/>\n\t\t\t<\/div>\n\n<hr \/>\n<p>&nbsp;<\/p>\n<blockquote>\n<h3>VILLEGGIANTI A PROCESSO<\/h3>\n<\/blockquote>\n<p><strong>FALCADE<\/strong> Si prefigura la frode processuale, al consulente -inviato dalla Procura per una causa civile &#8211; \u00e8 stato mostrato un appartamento diverso dal previsto: rimossa la pavimentazione, demoliti i muri interni, spostato il controsoffitto, due veneziani rinviati a giudizio<\/p>\n<p>&nbsp;<\/p>\n<p>&nbsp;<\/p>\n<hr \/>\n<p>&nbsp;<\/p>\n<blockquote>\n<h3>SFIATARE IL GAS COSTA MIGLIAIA D&#8217;EURO<\/h3>\n<\/blockquote>\n<p><strong>CENCENIGHE<\/strong> Tre anni di liti condominiali per i tubi di gas installati senza consenso. Anche la cassazione rigette il ricorso e ora il condomino dovr\u00e0 rimuovere lo sfiato (in parte) e pagare le spese di oltre cinque mila euro, oltre alle spese per l&#8217;avvocato.<\/p>\n<p>&nbsp;<\/p>\n<p>&nbsp;<\/p>\n<hr \/>\n<p>&nbsp;<\/p>\n<blockquote>\n<h3>QUANDO I TRENTINI SNOBBANO GLI AGORDINI CHE PORGONO LA MANO. E INTANTO IL FEDAIA CHIUDE<\/h3>\n<\/blockquote>\n<p><a href=\"https:\/\/www.radiopiu.net\/wordpress\/quando-i-trentini-snobbano-gli-agordini-che-porgono-la-mano-e-intanto-il-fedaia-chiude\/ee3fd9f9-ed92-4d80-9bce-78a408b32ba6-2\/\" rel=\"attachment wp-att-245901\"><img loading=\"lazy\" decoding=\"async\" class=\"size-medium wp-image-245901 alignleft\" src=\"https:\/\/www.radiopiu.net\/wordpress\/wp-content\/uploads\/2021\/12\/ee3fd9f9-ed92-4d80-9bce-78a408b32ba6-1-135x300.jpg\" alt=\"\" width=\"135\" height=\"300\" srcset=\"https:\/\/www.radiopiu.net\/wordpress\/wp-content\/uploads\/2021\/12\/ee3fd9f9-ed92-4d80-9bce-78a408b32ba6-1-135x300.jpg 135w, https:\/\/www.radiopiu.net\/wordpress\/wp-content\/uploads\/2021\/12\/ee3fd9f9-ed92-4d80-9bce-78a408b32ba6-1-461x1024.jpg 461w, https:\/\/www.radiopiu.net\/wordpress\/wp-content\/uploads\/2021\/12\/ee3fd9f9-ed92-4d80-9bce-78a408b32ba6-1-691x1536.jpg 691w, https:\/\/www.radiopiu.net\/wordpress\/wp-content\/uploads\/2021\/12\/ee3fd9f9-ed92-4d80-9bce-78a408b32ba6-1.jpg 720w\" sizes=\"auto, (max-width: 135px) 100vw, 135px\" \/><\/a><strong>ROCCA PIETORE<\/strong> <em>&#8220;Tutto risolto, c&#8217;era sta un&#8217;incomprensione, un errore<\/em>&#8221; ha detto ieri sera il sindaco Andrea De Bernardin. Ma intanto \u00e8 trascorsa un&#8217;altra giornata con la provinciale 641 di Passo Fedaia chiusa per alcune per. Secondo un messaggio (vedi foto) per una valanga. Un problema comunque solo rimandato, alla prossima nevicata e basteranno qualche decina di centimetri e come al solito la Provincia di Trento chiuder\u00e0 la strada da Canazei con buona pace per i turisti in transito<\/p>\n<p>Lucia Farenzena, presidente Consorzio Operatori Turistici Rocca Pietore-Marmolada. <em>\u00abAvere un&#8217;arteria chiusa per tutto l&#8217;inverno\u00a0 non \u00e8 un bel biglietto da visita,\u00a0 \u00e8 un disagio anche per i pendolari che si spostano in val di Fassa per lavorare d&#8217;inverno sugli impianti. . \u00c8 evidente ormai che la questione della chiusura invernale di questa arteria \u00e8 solo un problema politico&#8221;. <\/em>Dice bene la Farenzena, alcuni anni fa il Comune agordino di era proposto a Canazei mettendo a disposizione i fondi dei Comuni di Confine per poter cofinanziare le opere di para valanghe da costruire sul versante trentino. Ma i trentini hanno fatto spallucce.<\/p>\n<p>&nbsp;<\/p>\n<p>&nbsp;<\/p>\n<hr \/>\n<blockquote>\n<h3><\/h3>\n<p>&nbsp;<\/p>\n<h3>L&#8217;AUMENTO DELL&#8217;ENERGIA ELETTRICA, DEVASTANTE PER LO STADIO ALVISE DE TONI DI ALLEGHE<\/h3>\n<\/blockquote>\n<p><strong>ALLEGHE<\/strong> Con l\u2019aumento dei costi dell\u2019energia elettrica, del metano e del gasolio, diventa quasi impossibile tenere aperti gli impianti sportivi comunali. A lanciare l&#8217;allarme il sindaco, Danilo De Toni. Il caro bolletta si ripercuote soprattutto sui piccoli Comuni. E gli effetti potrebbero essere devastanti, soprattutto per le attivit\u00e0 sportive. Dalle prime stime infatti emerge un aumento variabile tra il 30 e il 35%. Il sindaco di Alleghe ha gi\u00e0 attivato la Provincia di Belluno, che si \u00e8 mossa chiedendo un coordinamento tra amministratori e interessando del tema anche il ministro Federico D\u2019Inc\u00e0 e tutti i parlamentari bellunesi.<\/p>\n<p><strong>IL SINDACO DI ALLEGHE DANILO DE TONI\u00a0<\/strong><\/p>\n<audio class=\"wp-audio-shortcode\" id=\"audio-245689-1\" preload=\"none\" style=\"width: 100%;\" controls=\"controls\"><source type=\"audio\/mpeg\" src=\"https:\/\/www.radiopiu.net\/wordpress\/wp-content\/uploads\/2021\/11\/DANILO.mp3?_=1\" \/><a href=\"https:\/\/www.radiopiu.net\/wordpress\/wp-content\/uploads\/2021\/11\/DANILO.mp3\">https:\/\/www.radiopiu.net\/wordpress\/wp-content\/uploads\/2021\/11\/DANILO.mp3<\/a><\/audio>\n<p>&nbsp;<\/p>\n<p>&nbsp;<\/p>\n<p>&nbsp;<\/p>\n<blockquote>\n<h3>RINCARI COSTI ENERGIA, UNCEM: ANCHE COMUNI ED ENTI LOCALI MONTANI PAGANO GLI AUMENTI MEDI DEL 40%.<\/h3>\n<\/blockquote>\n<p><strong>ROMA<\/strong> &#8220;Nonostante tutti gli accorgimenti adottati negli ultimi anni per efficientare le sedi pubbliche e l&#8217;illuminazione, con risparmi utili e importanti, le stime di previsione relative al 2022 sono impietose e attestano un incremento dei soli costi energetici pari a +40% circa. Stime basate sugli attuali prezzi, ma che, in caso di ulteriori rialzi, saranno da rivedere. Uncem con gli Enti montani sta avviando un monitoraggio che dovr\u00e0 portare a interventi compensativi e di supporto alle Amministrazioni gi\u00e0 in legge di bilancio e in successivi dispositivi normativi, per evitare rincari gravi e insostenibili.<\/p>\n<p>&nbsp;<\/p>\n<p>&nbsp;<\/p>\n<p>&nbsp;<\/p>\n<p><span style=\"color: #ff0000;\"><strong>IERI ALLA RADIO\u00a0<\/strong><\/span><\/p>\n<blockquote>\n<h3>L&#8217;AUMENTO DELLE BOLLETTE METTE A RISCHIO GLI IMPIANTI SPORTIVI<\/h3>\n<\/blockquote>\n<p><strong>Bond &#8220;Sto lavorando ad alcuni emendamenti, che presenter\u00f2 in maniera trasversale, con colleghi di diversi partiti&#8221;.<\/strong><\/p>\n<p><strong><a href=\"https:\/\/www.radiopiu.net\/wordpress\/giornale-radiopiu-30-novembre-2021-direttore-mirko-mezzacasa\/piscina-1\/\" rel=\"attachment wp-att-245597\"><img loading=\"lazy\" decoding=\"async\" class=\"size-medium wp-image-245597 alignleft\" src=\"https:\/\/www.radiopiu.net\/wordpress\/wp-content\/uploads\/2021\/11\/piscina-1-300x200.jpg\" alt=\"\" width=\"300\" height=\"200\" srcset=\"https:\/\/www.radiopiu.net\/wordpress\/wp-content\/uploads\/2021\/11\/piscina-1-300x200.jpg 300w, https:\/\/www.radiopiu.net\/wordpress\/wp-content\/uploads\/2021\/11\/piscina-1-768x512.jpg 768w, https:\/\/www.radiopiu.net\/wordpress\/wp-content\/uploads\/2021\/11\/piscina-1.jpg 960w\" sizes=\"auto, (max-width: 300px) 100vw, 300px\" \/><\/a>ROMA<\/strong>\u00a0 <em>\u201cLe attivit\u00e0 sportive di base sono a rischio. I giovani atleti potrebbero non avere pi\u00f9 un posto dove allenarsi e anche le societ\u00e0 che fanno attivit\u00e0 sociale potrebbero ritrovarsi bloccate. A meno che il governo non intervenga per aiutare i Comuni a tenere aperti gli impianti\u201d.<\/em> Cos\u00ec in una nota il deputato Dario Bond, che raccoglie la preoccupazione di diversi amministratori locali.\u00a0 Tenere aperti palaghiaccio, piscine e palasport costa di pi\u00f9, con l\u2019aumento dei costi energetici con aumenti anche fino a\u00a0 100mila euro l\u2019anno. Cifre insostenibili per le casse dei Comuni, che sono costretti o a chiudere o ad aumentare le tariffe, rendendo di fatto impossibile l\u2019attivit\u00e0 sportiva di base dei giovani atleti. <em>&#8220;\u00c8 necessario che il governo e il Coni si attivino per scongiurare la chiusura. Non possiamo permettere di perdere lo sport, non solo per i futuri atleti, ma anche per bambini e ragazzi per i quali l\u2019attivit\u00e0 sportiva rappresenta un importante mattone della crescita e della formazione. Soprattutto, non possiamo permettercelo, a pochi anni dalle Olimpiadi invernali di Milano-Cortina&#8221;<\/em><\/p>\n<p>&nbsp;<\/p>\n<p>&nbsp;<\/p>\n<hr \/>\n<blockquote>\n<h3>PROPOSTE E MUGUGNI NEL CONSIGLIO COMUNALE DI VOLTAGO<\/h3>\n<\/blockquote>\n<p><strong>DI GIANNI SANTOMASO<\/strong><\/p>\n<audio class=\"wp-audio-shortcode\" id=\"audio-245689-2\" preload=\"none\" style=\"width: 100%;\" controls=\"controls\"><source type=\"audio\/mpeg\" src=\"https:\/\/www.radiopiu.net\/wordpress\/wp-content\/uploads\/2021\/11\/GIANNI-CONSIGLIO-VOLTAGO-.mp3?_=2\" \/><a href=\"https:\/\/www.radiopiu.net\/wordpress\/wp-content\/uploads\/2021\/11\/GIANNI-CONSIGLIO-VOLTAGO-.mp3\">https:\/\/www.radiopiu.net\/wordpress\/wp-content\/uploads\/2021\/11\/GIANNI-CONSIGLIO-VOLTAGO-.mp3<\/a><\/audio>\n<p>&nbsp;<\/p>\n<blockquote><p>&nbsp;<\/p><\/blockquote>\n<p><strong><img loading=\"lazy\" decoding=\"async\" class=\"alignleft\" src=\"https:\/\/www.radiopiu.net\/wordpress\/wp-content\/uploads\/2021\/02\/Francesca-Della-Lucia-e-Giuseppe-Schena-futuri-candidati-sindaci-a-Voltago-1.jpeg\" width=\"209\" height=\"175\" \/>VOLTAGO<\/strong>\u00a0 Le proposte della minoranza, per &#8220;salvare&#8221; i servizi, scuola in particolare (ma anche in tema sanit\u00e0 e sociale) non rimane che trovare accordi con i Comuni vicini chiedendo aiuto alla grande industria Luxottica. I mugugni, sono noti i problemi dei piccoli Comuni e la mancanza di un segretario comunale a tempo pieno. I sindaci devono accontentarsi di quello che offre il sistema. Uomini e donne a scavalco impegnati in pi\u00f9 Municipio, come ieri sera con il segretario in video conferenza (tecnicamente discutibile) e improvvisamente costretto a chiedere la chiusura del consiglio comunale per sopraggiunti altri impegni&#8230;di lavoro. Dibattito interrotto e non tutti i consiglieri hanno gradito la novit\u00e0 (foto Francesca Della Lucia, Giuseppe Schena in campagna elettorale)<\/p>\n<p><strong>IL SERVIZIO<\/strong><\/p>\n<audio class=\"wp-audio-shortcode\" id=\"audio-245689-3\" preload=\"none\" style=\"width: 100%;\" controls=\"controls\"><source type=\"audio\/mpeg\" src=\"https:\/\/www.radiopiu.net\/wordpress\/wp-content\/uploads\/2021\/11\/VOLTAGO.mp3?_=3\" \/><a href=\"https:\/\/www.radiopiu.net\/wordpress\/wp-content\/uploads\/2021\/11\/VOLTAGO.mp3\">https:\/\/www.radiopiu.net\/wordpress\/wp-content\/uploads\/2021\/11\/VOLTAGO.mp3<\/a><\/audio>\n<p>&nbsp;<\/p>\n<p><strong>audio la diretta di tutto il consiglio comunale\u00a0<\/strong><\/p>\n<audio class=\"wp-audio-shortcode\" id=\"audio-245689-4\" preload=\"none\" style=\"width: 100%;\" controls=\"controls\"><source type=\"audio\/mpeg\" src=\"https:\/\/www.radiopiu.net\/wordpress\/wp-content\/uploads\/2021\/11\/Consiglio-comunale-di-Voltago.mp3?_=4\" \/><a href=\"https:\/\/www.radiopiu.net\/wordpress\/wp-content\/uploads\/2021\/11\/Consiglio-comunale-di-Voltago.mp3\">https:\/\/www.radiopiu.net\/wordpress\/wp-content\/uploads\/2021\/11\/Consiglio-comunale-di-Voltago.mp3<\/a><\/audio>\n<blockquote><p>&nbsp;<\/p><\/blockquote>\n<p><strong>LA DIRETTA RADIO PIU&#8217;<\/strong><\/p>\n<p>https:\/\/www.facebook.com\/mirko.mezzacasa\/videos\/942064476725400<\/p>\n<p>&nbsp;<\/p>\n<p>&nbsp;<\/p>\n<hr \/>\n<p>&nbsp;<\/p>\n<p>&nbsp;<\/p>\n<blockquote>\n<h3>IERI SERA IL CONSIGLIO DELL&#8217;UNIONE MONTANA AGORDINA, IN DIRETTA SUI CANALI DI RADIO PIU<\/h3>\n<\/blockquote>\n<p><strong>AGORDO<\/strong> In diretta dalla sala Don Tamis di Agordo, il consiglio dell&#8217;Unione Montana Agordina.<\/p>\n<p><strong>AUDIO<\/strong><\/p>\n<audio class=\"wp-audio-shortcode\" id=\"audio-245689-5\" preload=\"none\" style=\"width: 100%;\" controls=\"controls\"><source type=\"audio\/mpeg\" src=\"https:\/\/www.radiopiu.net\/wordpress\/wp-content\/uploads\/2021\/11\/Consiglio-Unione-Montana-Agordo-Sala-Don-Tamis.mp3?_=5\" \/><a href=\"https:\/\/www.radiopiu.net\/wordpress\/wp-content\/uploads\/2021\/11\/Consiglio-Unione-Montana-Agordo-Sala-Don-Tamis.mp3\">https:\/\/www.radiopiu.net\/wordpress\/wp-content\/uploads\/2021\/11\/Consiglio-Unione-Montana-Agordo-Sala-Don-Tamis.mp3<\/a><\/audio>\n<p>&nbsp;<\/p>\n<p>&nbsp;<\/p>\n<p><a href=\"https:\/\/www.facebook.com\/mirko.mezzacasa\/videos\/440971567697229\">https:\/\/www.facebook.com\/mirko.mezzacasa\/videos\/440971567697229<\/a><\/p>\n<p>&nbsp;<\/p>\n<p>&nbsp;<\/p>\n<p>&nbsp;<\/p>\n<p>&nbsp;<\/p>\n<hr \/>\n<p>&nbsp;<\/p>\n<blockquote>\n<h3>INCONTRO CON I PROPRIETARI DEL BOSCO DI LARION DOPO I LAVORI DI ESBOSCO<\/h3>\n<\/blockquote>\n<p><strong><a href=\"https:\/\/www.radiopiu.net\/wordpress\/incontro-con-i-proprietari-del-bosco-di-larion-dopo-i-lavori-di-esbosco\/7d757368-37fb-4e71-9a80-9c02f5bdc04e-2\/\" rel=\"attachment wp-att-245877\"><img loading=\"lazy\" decoding=\"async\" class=\"size-medium wp-image-245877 alignleft\" src=\"https:\/\/www.radiopiu.net\/wordpress\/wp-content\/uploads\/2021\/11\/7d757368-37fb-4e71-9a80-9c02f5bdc04e-300x225.jpg\" alt=\"\" width=\"300\" height=\"225\" srcset=\"https:\/\/www.radiopiu.net\/wordpress\/wp-content\/uploads\/2021\/11\/7d757368-37fb-4e71-9a80-9c02f5bdc04e-300x225.jpg 300w, https:\/\/www.radiopiu.net\/wordpress\/wp-content\/uploads\/2021\/11\/7d757368-37fb-4e71-9a80-9c02f5bdc04e-768x576.jpg 768w, https:\/\/www.radiopiu.net\/wordpress\/wp-content\/uploads\/2021\/11\/7d757368-37fb-4e71-9a80-9c02f5bdc04e.jpg 960w\" sizes=\"auto, (max-width: 300px) 100vw, 300px\" \/><\/a>AGORDO\u00a0<\/strong>Incontro in Sala Don Tamis con i proprietari del bosco di Larion, dove negli ultimi mesi sono stati tolti gli schianti della tempesta Vaia. Una buona partecipazione nella serata dedicata alla presentazione dei lavori effettuati anche grazie all&#8217;intervento finanziario di Luxottica. Un bosco che ora ha la certificazione FSC.<\/p>\n<p><strong>\u00a0<\/strong><\/p>\n<p><strong>\u00a0<\/strong><strong>\u00a0<\/strong><\/p>\n<p><strong>IL SINDACO DI AGORDO ROBERTO CHISSALE&#8217;<\/strong><\/p>\n<audio class=\"wp-audio-shortcode\" id=\"audio-245689-6\" preload=\"none\" style=\"width: 100%;\" controls=\"controls\"><source type=\"audio\/mpeg\" src=\"https:\/\/www.radiopiu.net\/wordpress\/wp-content\/uploads\/2021\/11\/CHISSALE-LARION-OOOOKKKK.mp3?_=6\" \/><a href=\"https:\/\/www.radiopiu.net\/wordpress\/wp-content\/uploads\/2021\/11\/CHISSALE-LARION-OOOOKKKK.mp3\">https:\/\/www.radiopiu.net\/wordpress\/wp-content\/uploads\/2021\/11\/CHISSALE-LARION-OOOOKKKK.mp3<\/a><\/audio>\n<p>&nbsp;<\/p>\n<hr \/>\n<p>&nbsp;<\/p>\n<blockquote>\n<h2>OGGI LA CONSEGNA DELLE STELLE AL MERITO DEL LAVORO<\/h2>\n<\/blockquote>\n<p><strong><img loading=\"lazy\" decoding=\"async\" class=\"alignleft\" src=\"https:\/\/www.radiopiu.net\/wordpress\/wp-content\/uploads\/2021\/06\/68d028ad-2468-42a2-a92d-95fbdaa97527.jpg\" width=\"234\" height=\"175\" \/>BELLUNO<\/strong> In Prefettura oggi alle 17.30 nella Sala Zanardelli, saranno consegnate le \u201cStelle al Merito del Lavoro\u201d alla presenza dei Consoli Regionale e Provinciale dei Maestri del Lavoro e la Presidente di Confindustria Dolomiti Belluno. Questi i nomi dei premiati: Maria Grazia Ben (Taibon Agordino- Luxottica) Oscar Carniel (Feltre &#8211; Hydro) Oscar Casaril (Gosaldo &#8211; Luxottica) Kamal Chergui (Belluno &#8211; De Rigo) Renzo Corso (Feltre &#8211; Clivet) Luigi Corte Metto (Auronzo &#8211; Cadore Asfalti) Ernesto De Biasi (Belluno-Safilo) Patrizia De Moliner (Sedico &#8211; De Rigo) Arcangelo Rocco De Vitis (Longarone-De Rigo) Antonio Adriano Fattor\u00a0 (Val di Zoldo &#8211; ValdiZoldo Funivie)\u00a0 Valentina Fedon &#8211; residente a Santo Stefano di Cadore &#8211; Giorgio Fedon) Pio Lorenzet\u00a0 (Borgo Valbelluna &#8211; Meccanostampi) Maurizio Raveane (Santa Giustina &#8211; Deon) Ines Smaniotto (Pieve di Cadore &#8211; Safilo) Massimo Sommacal (Limana &#8211; Epta) Fabrizio Zampolli\u00a0 (Perarolo di Cadore &#8211; Sicet) Paolo Zucco (Borgo Valbelluna &#8211; Clivet).<\/p>\n<p>&nbsp;<\/p>\n<hr \/>\n<h3><\/h3>\n<p>&nbsp;<\/p>\n<h3>DISSERVIZI SULLA LINEA IMER LUXOTTICA &#8211; DOLOMITIBUS NE PRENDE ATTO<\/h3>\n<p><strong>BELLUNO<\/strong> A margine della protesta, anzi delle proteste perch\u00e9 in redazione di lettere ne sono giunte gi\u00e0 due, abbiamo chiesto un parere alla Dolomitibus. Ieri \u00e8 arrivata la <a href=\"https:\/\/www.radiopiu.net\/wordpress\/giornale-radiopiu-18-ottobre-2021-direttore-mirko-mezzacasa\/a5792cee-db5f-4f4a-afa5-a85dadab0967\/\" rel=\"attachment wp-att-237487\"><img loading=\"lazy\" decoding=\"async\" class=\"size-medium wp-image-237487 alignleft\" src=\"https:\/\/www.radiopiu.net\/wordpress\/wp-content\/uploads\/2021\/10\/a5792cee-db5f-4f4a-afa5-a85dadab0967-300x169.jpg\" alt=\"\" width=\"300\" height=\"169\" srcset=\"https:\/\/www.radiopiu.net\/wordpress\/wp-content\/uploads\/2021\/10\/a5792cee-db5f-4f4a-afa5-a85dadab0967-300x169.jpg 300w, https:\/\/www.radiopiu.net\/wordpress\/wp-content\/uploads\/2021\/10\/a5792cee-db5f-4f4a-afa5-a85dadab0967-1024x576.jpg 1024w, https:\/\/www.radiopiu.net\/wordpress\/wp-content\/uploads\/2021\/10\/a5792cee-db5f-4f4a-afa5-a85dadab0967-768x432.jpg 768w, https:\/\/www.radiopiu.net\/wordpress\/wp-content\/uploads\/2021\/10\/a5792cee-db5f-4f4a-afa5-a85dadab0967-1536x864.jpg 1536w, https:\/\/www.radiopiu.net\/wordpress\/wp-content\/uploads\/2021\/10\/a5792cee-db5f-4f4a-afa5-a85dadab0967.jpg 1599w\" sizes=\"auto, (max-width: 300px) 100vw, 300px\" \/><\/a>risposta, altro non \u00e8 che la conferma di quanto abbiamo scritto ma non viene portata alcuna soluzione concreta alla problematica<\/p>\n<p><strong>DALLA DOLOMITIBUS: \u00a0<\/strong>Dal 15\/10 abbiamo dovuto togliere la corsa del Primiero per carenza organico, dal 15\/11 l&#8217;abbiamo riattivata in maniera parziale, con origine Fiera e in accordo con Trentino Trasporti. Al momento pare esserci qualche disagio per gli utenti che abitano sotto Fiera.<\/p>\n<p>&nbsp;<\/p>\n<blockquote>\n<h3><span style=\"color: #ff0000;\">IERI, MA NON SOLO IERI, NEI NOTIZIARI DI RADIO PIU<\/span><\/h3>\n<\/blockquote>\n<blockquote>\n<h3>DILLO A RADIO PIU&#8217;&#8230; CI SIAMO ANCHE NOI, OGNI GIORNO DAL PRIMIERO AD AGORDO<\/h3>\n<\/blockquote>\n<p><strong>Riceviamo e volentieri diamo spazio alla lettera inviataci dai lavoratori Luxottica che quotidianamente scendono ad Agordo in Luxottica. La foto di copertina &#8211; sperando sia di buon auspicio &#8211; \u00e8 di Giorgio Farenzena.\u00a0<\/strong><\/p>\n<p>&nbsp;<\/p>\n<blockquote><p><em><img loading=\"lazy\" decoding=\"async\" class=\"alignleft\" src=\"https:\/\/www.radiopiu.net\/wordpress\/wp-content\/uploads\/2021\/11\/259421150_4855867171091329_8568883925712808831_n.jpg\" width=\"255\" height=\"191\" \/>&#8220;Siamo un gruppo di pendolari (con orario a giornata) che percorrono la tratta tra Imer e la Luxottica di Agordo e che, dal 15 ottobre, non riescono a trovare via d\u2019uscita al tema dei trasporti. In tale data, con l\u2019avvento del \u201cGreenPassDay\u201d, sono iniziati dei disservizi a cui nessuno, ancora oggi, riesce a dare risposte; n\u00e9 Dolomitibus che effettua fisicamente il servizio, n\u00e9 Trentino Trasporti a cui paghiamo regolarmente l\u2019abbonamento. Pi\u00f9 volte abbiamo chiesto che il servizio \u201cImer-Valcozzena\u201d venisse ripristinato e pi\u00f9 volte, le 2 ditte, ci hanno risposto che fare un giro di 3 km pi\u00f9 lungo non si pu\u00f2 vista la scarsit\u00e0 di personale. A quanto pare i vettori non sarebbero grado di asservire la linea poich\u00e9 gli autisti al lavoro sforerebbero un disco orario gi\u00e0 risicato sui tempi. Se fosse vera la versione delle 2 aziende avremmo, a nostro avviso, un problema ben pi\u00f9 grave: chi conosce le nostre zone, infatti, sa che il percorso non \u00e8 agevole e percorrerlo rispettando i tempi e senza un minimo di tolleranza potrebbe anche diventare pericoloso. Chiediamo quindi, a chi di dovere, di farsi carico del controllo poich\u00e9 non riusciamo a capire a chi rivolgerci dato che le 2 ditte danno ciascuna la colpa all\u2019altra. Chiediamo inoltre che la verifica venga effettuata il prima possibile, non solo perch\u00e9 di fatto non si permette a persone con regolare abbonamento di recarsi al lavoro, ma anche perch\u00e9 non vengono, rispettate le fermate di salita e arrivo riportate al momento della sottoscrizione dell\u2019abbonamento. Sappiamo che le nuove regole stanno sicuramente creando non poche difficolt\u00e0 a tutti, ed immaginiamo che non sia facile gestire l\u2019organizzazione di un trasporto extraurbano. Certo \u00e8 che crediamo doveroso poter avere delle risposte in merito.\u00a0<\/em><\/p><\/blockquote>\n<p>&nbsp;<\/p>\n<p><strong>DI GIANNI SANTOMASO<\/strong><\/p>\n<audio class=\"wp-audio-shortcode\" id=\"audio-245689-7\" preload=\"none\" style=\"width: 100%;\" controls=\"controls\"><source type=\"audio\/mpeg\" src=\"https:\/\/www.radiopiu.net\/wordpress\/wp-content\/uploads\/2021\/11\/GIANNI-TRASPORTI-PRIMIERO-LUXOTTICA.mp3?_=7\" \/><a href=\"https:\/\/www.radiopiu.net\/wordpress\/wp-content\/uploads\/2021\/11\/GIANNI-TRASPORTI-PRIMIERO-LUXOTTICA.mp3\">https:\/\/www.radiopiu.net\/wordpress\/wp-content\/uploads\/2021\/11\/GIANNI-TRASPORTI-PRIMIERO-LUXOTTICA.mp3<\/a><\/audio>\n<p>&nbsp;<\/p>\n<p><strong>L&#8217;ARTICOLO PRECEDENTE<\/strong><\/p>\n<blockquote>\n<h3>DILLO A RADIO PIU&#8217;&#8230;LE CORRIERE DAL PRIMIERO DA DOMANI RIPRENDONO A VIAGGIARE, MA RIMANGONO PROBLEMI DA RISOLVERE<\/h3>\n<\/blockquote>\n<p><strong><a href=\"https:\/\/www.radiopiu.net\/wordpress\/cade-con-la-mountain-bike-e-si-ferisce-al-collo\/80c303ed-9a2e-49f0-8b20-3dd5e061bbf3\/\" rel=\"attachment wp-att-145520\"><img loading=\"lazy\" decoding=\"async\" class=\"size-medium wp-image-145520 alignleft\" src=\"https:\/\/www.radiopiu.net\/wordpress\/wp-content\/uploads\/2020\/06\/80c303ed-9a2e-49f0-8b20-3dd5e061bbf3-300x225.jpg\" alt=\"\" width=\"300\" height=\"225\" srcset=\"https:\/\/www.radiopiu.net\/wordpress\/wp-content\/uploads\/2020\/06\/80c303ed-9a2e-49f0-8b20-3dd5e061bbf3-300x225.jpg 300w, https:\/\/www.radiopiu.net\/wordpress\/wp-content\/uploads\/2020\/06\/80c303ed-9a2e-49f0-8b20-3dd5e061bbf3-1024x768.jpg 1024w, https:\/\/www.radiopiu.net\/wordpress\/wp-content\/uploads\/2020\/06\/80c303ed-9a2e-49f0-8b20-3dd5e061bbf3-768x576.jpg 768w, https:\/\/www.radiopiu.net\/wordpress\/wp-content\/uploads\/2020\/06\/80c303ed-9a2e-49f0-8b20-3dd5e061bbf3.jpg 1280w\" sizes=\"auto, (max-width: 300px) 100vw, 300px\" \/><\/a>REDAZIONE<\/strong> Riceviamo e volentieri pubblichiamo una lettera di un gruppo di lavoratori e studenti dal Primiero che lamentano la copertura del servizio di trasporto pubblico.<\/p>\n<blockquote><p><em>Siamo un gruppo di persone, operai e studenti che va ogni giorno ad Agordo. Da alcuni anni la societ\u00e0 che ci fornisce questo servizio \u00e8 DolomitiBus (in seguito a un accordo con Trentino trasporti). Noi paghiamo l&#8217;abbonamento a Trentino trasporti. Da domani verr\u00e0 ripristinata la corsa giornaliera da e per il Primiero ma le corse non coprono tutti i paesi. Alcune persone sono ancora costrette a chiedere dei passaggi per recarsi al lavoro o a scuola. Dolomiti bus arriva a Mis, corsa per gli studenti dove tutti stipati e senza nessun di stanziamento bont\u00e0 loro possiamo salire. I disagi e i problemi sono come arrivare a Mis? Non tutti hanno la macchina o la patente, e stiamo andando verso la brutta stagione. Dopo varie richieste ed email (documentate) alla Trentino Trasporti ci hanno detto di rivolgerci alla Dolomiti Bus, che non rispondendo all&#8217;email, ma alle telefonate ci ha detto che fino a fine emergenza 31\/12\/2021 la corsa \u00e8 sospesa per mancanza di autisti. Noi tutti ci chiediamo se questo \u00e8 possibile, non abbiamo ferie o permessi per tutto questo tempo, almeno proponeteci una soluzione.\u00a0<\/em><\/p><\/blockquote>\n<p>&nbsp;<\/p>\n<hr \/>\n<p>&nbsp;<\/p>\n<p>&nbsp;<\/p>\n<blockquote>\n<h3><a href=\"https:\/\/www.radiopiu.net\/wordpress\/luxottica-e-parcheggi-120-posti-in-piu-in-localita-valcozzena\/3fc89bf5-a813-4545-b306-af975e9caa64\/\" rel=\"attachment wp-att-245787\"><img loading=\"lazy\" decoding=\"async\" class=\"wp-image-245787 alignleft\" src=\"https:\/\/www.radiopiu.net\/wordpress\/wp-content\/uploads\/2021\/11\/3fc89bf5-a813-4545-b306-af975e9caa64.jpg\" alt=\"\" width=\"241\" height=\"180\" srcset=\"https:\/\/www.radiopiu.net\/wordpress\/wp-content\/uploads\/2021\/11\/3fc89bf5-a813-4545-b306-af975e9caa64.jpg 1024w, https:\/\/www.radiopiu.net\/wordpress\/wp-content\/uploads\/2021\/11\/3fc89bf5-a813-4545-b306-af975e9caa64-300x225.jpg 300w, https:\/\/www.radiopiu.net\/wordpress\/wp-content\/uploads\/2021\/11\/3fc89bf5-a813-4545-b306-af975e9caa64-768x576.jpg 768w\" sizes=\"auto, (max-width: 241px) 100vw, 241px\" \/><\/a>LUXOTTICA E PARCHEGGI, 120 POSTI IN PIU&#8217; IN LOCALITA&#8217; VALCOZZENA<\/h3>\n<\/blockquote>\n<p><strong>AGORDO<\/strong> La bella notizia, 120 auto in pi\u00f9 da parcheggiare in prossimit\u00e0 dello stabilimento. Luxottica comunica che nell&#8217;ottica di implementare sempre nuove iniziative per il miglioramento della viabilit\u00e0, da oggi \u00e8 a disposizione anche il nuovo parcheggio provvisorio lato ex centro One SIght.<\/p>\n<p>&nbsp;<\/p>\n<p>&nbsp;<\/p>\n<p>&nbsp;<\/p>\n<p>&nbsp;<\/p>\n<hr \/>\n<p>&nbsp;<\/p>\n<blockquote>\n<h3>DILLO A RADIO PIU&#8217;&#8230; UN GRAZIE CHE SCALDA IL CUORE<\/h3>\n<\/blockquote>\n<p><strong><img loading=\"lazy\" decoding=\"async\" class=\"alignleft\" src=\"https:\/\/www.radiopiu.net\/wordpress\/wp-content\/uploads\/2021\/12\/5bb20721-ba1e-4fcc-9b54-609c9b1cbc6f.jpg\" width=\"99\" height=\"176\" \/>DI John Francis Della Pietra\u00a0<\/strong><\/p>\n<p>In questi giorni di neve e freddo d avvento che c annuncia il Natale d una lunga stagione iniziata gi\u00e0 a capodanno con le copiose nevicate e proseguita tutto l anno. Vorrei dedicare ai tanti lavoratori spesso fuori alle intemperie queste mie parole che siano d auspicio per un meritato riposo nell incipiente periodo del Natale. Ringraziandoli per il contributo che danno alla societ\u00e0<\/p>\n<p>&nbsp;<\/p>\n<p>&nbsp;<\/p>\n<p>&nbsp;<\/p>\n<p>&nbsp;<\/p>\n<hr \/>\n<blockquote>\n<h3><span style=\"color: #ff0000;\">MASCHERINE ALL&#8217;APERTO<\/span><\/h3>\n<h3>IN MONTAGNA E NEI COMUNI PICCOLI SITUAZIONE DIVERSA DA CITTA&#8217; E AREE CON GRANDI FLUSSI DI PERSONE<\/h3>\n<\/blockquote>\n<p><strong>L&#8217;OPINIONE DI MARCO BUSSONE, PRESIDENTE NAZIONALE UNCEM<\/strong><\/p>\n<p><strong><a href=\"https:\/\/www.radiopiu.net\/wordpress\/giornale-radiopiu-03-ottobre-2020-direttore-mirko-mezzacasa\/uncem_fai_intervento_bussone_uncem\/\" rel=\"attachment wp-att-163794\"><img loading=\"lazy\" decoding=\"async\" class=\" wp-image-163794 alignleft\" src=\"https:\/\/www.radiopiu.net\/wordpress\/wp-content\/uploads\/2020\/10\/UNCEM_FAI_intervento_Bussone_UNCEM-300x190.jpg\" alt=\"\" width=\"226\" height=\"143\" srcset=\"https:\/\/www.radiopiu.net\/wordpress\/wp-content\/uploads\/2020\/10\/UNCEM_FAI_intervento_Bussone_UNCEM-300x190.jpg 300w, https:\/\/www.radiopiu.net\/wordpress\/wp-content\/uploads\/2020\/10\/UNCEM_FAI_intervento_Bussone_UNCEM-768x487.jpg 768w, https:\/\/www.radiopiu.net\/wordpress\/wp-content\/uploads\/2020\/10\/UNCEM_FAI_intervento_Bussone_UNCEM-640x406.jpg 640w, https:\/\/www.radiopiu.net\/wordpress\/wp-content\/uploads\/2020\/10\/UNCEM_FAI_intervento_Bussone_UNCEM.jpg 960w\" sizes=\"auto, (max-width: 226px) 100vw, 226px\" \/><\/a>ROMA<\/strong><em> &#8220;Sull&#8217;obbligo di mascherine da introdurre anche all&#8217;aperto ovunque, voglio evidenziare una profonda differenza tra le citt\u00e0 dove le prossime settimane ci saranno flussi importanti di persone, in crescita per via del Natale, tra acquisti e manifestazioni, e i piccoli Comuni ovvero le aree montane e rurali italiane. Dove il distanziamento \u00e8 da sempre realt\u00e0. Non solo a causa della pandemia. E dove la mascherina all&#8217;aperto finirebbe per essere un obbligo da una parte difficile da controllare, dall&#8217;altra inutile. Perch\u00e9 se esco in strada o nella piazza a Balme, Dossena, Sante Marie o Capracotta, probabilmente per diverse centinaia di metri incontro nessuno. E comunque, a normativa vigente, gi\u00e0 oggi in caso di assembramenti vi \u00e8 l&#8217;obbligo di indossare mascherine anche all&#8217;aperto. In situazioni &#8216;ordinarie&#8217;, normali, senza manifestazioni o eventi all&#8217;aperto, la mascherina nei piccoli Comuni, nei paesi e nei borghi rurali e montani, dell&#8217;Italia interna, all&#8217;aperto non ritengo debba essere resa sempre e comunque obbligatoria&#8221;.<\/em><\/p>\n<p>&nbsp;<\/p>\n<hr \/>\n<p>&nbsp;<\/p>\n<p>&nbsp;<\/p>\n<blockquote>\n<h3>LA GUARDIA DI FINANZA IN PROVINCIA, L&#8217;INCONTRO DI SALUTO<\/h3>\n<\/blockquote>\n<p><strong><a href=\"https:\/\/www.radiopiu.net\/wordpress\/giornale-radiopiu-01-dicembre-2021-direttore-mirko-mezzacasa\/9e19f36a-dbef-4d07-a1e1-05cd1702ccb3\/\" rel=\"attachment wp-att-245908\"><img loading=\"lazy\" decoding=\"async\" class=\" wp-image-245908 alignleft\" src=\"https:\/\/www.radiopiu.net\/wordpress\/wp-content\/uploads\/2021\/12\/9e19f36a-dbef-4d07-a1e1-05cd1702ccb3-300x225.jpg\" alt=\"\" width=\"196\" height=\"147\" srcset=\"https:\/\/www.radiopiu.net\/wordpress\/wp-content\/uploads\/2021\/12\/9e19f36a-dbef-4d07-a1e1-05cd1702ccb3-300x225.jpg 300w, https:\/\/www.radiopiu.net\/wordpress\/wp-content\/uploads\/2021\/12\/9e19f36a-dbef-4d07-a1e1-05cd1702ccb3-768x576.jpg 768w, https:\/\/www.radiopiu.net\/wordpress\/wp-content\/uploads\/2021\/12\/9e19f36a-dbef-4d07-a1e1-05cd1702ccb3.jpg 1024w\" sizes=\"auto, (max-width: 196px) 100vw, 196px\" \/><\/a>BELLUNO<\/strong> Il presidente della Provincia Roberto Padrin ha ricevuto la visita del colonnello Dario Guarino, insediatosi da poche settimane al comando provinciale della Guardia di Finanza di Belluno. Una visita istituzionale che ha permesso al presidente Padrin di illustrare alcune peculiarit\u00e0 del territorio e di fare il punto sui temi che riguardano il prossimo futuro del Bellunese, come le Olimpiadi 2026.<br \/>\n<em>\u00abHo dato il benvenuto a Belluno al colonnello Guarino, assieme all\u2019augurio di buon lavoro\u00bb afferma il presidente Padrin. \u00abDa parte della Provincia, massima disponibilit\u00e0 a collaborare e lavorare insieme per il bene delle nostre comunit\u00e0 locali\u00bb.<\/em><\/p>\n<p>&nbsp;<\/p>\n<p>&nbsp;<\/p>\n<hr \/>\n<p>&nbsp;<\/p>\n<blockquote>\n<h3>AGGIORNAMENTO COVID ULSS 1: UN DECESSO, 750 POSITIVI E 1357 IN ISOLAMENTO IN PROVINCIA DI BELLUNO<\/h3>\n<\/blockquote>\n<p><strong>BELLUNO<\/strong> L&#8217;Ulss 1 Dolomiti fa il punto sulla situazione epidemiologica in provincia di Belluno.<\/p>\n<table>\n<tbody>\n<tr>\n<td width=\"326\"><strong>ATTUALI POSITIVI<\/strong><\/td>\n<td width=\"326\"><strong>750<\/strong><\/td>\n<\/tr>\n<tr>\n<td width=\"326\"><strong>Persone in isolamento\/quarantena<\/strong><\/td>\n<td width=\"326\">1357<\/td>\n<\/tr>\n<\/tbody>\n<\/table>\n<p><strong>\u00a0<\/strong><\/p>\n<p><strong>RICOVERI (pazienti attualmente positivi):<\/strong><\/p>\n<table>\n<tbody>\n<tr>\n<td width=\"326\"><strong>Area<\/strong><\/td>\n<td width=\"326\"><strong>N pazienti ricoverati<\/strong><\/td>\n<\/tr>\n<tr>\n<td width=\"326\"><strong>Terapia Intensiva Belluno<\/strong><\/td>\n<td width=\"326\"><strong>2 <\/strong>(+ 1 paziente negativizzato in TI a Feltre)<\/td>\n<\/tr>\n<tr>\n<td width=\"326\"><strong>Area non critica Belluno<\/strong><\/td>\n<td width=\"326\"><strong>7<\/strong><\/td>\n<\/tr>\n<tr>\n<td width=\"326\"><strong>Ospedale di Comunit\u00e0 Feltre<\/strong><\/td>\n<td width=\"326\"><strong>2<\/strong><\/td>\n<\/tr>\n<\/tbody>\n<\/table>\n<p>&nbsp;<\/p>\n<p>E\u2019 deceduto un paziente covid positivo di 86 anni ricoverato in area non critica. Nella giornata di luned\u00ec, il Laboratorio di microbiologia dell\u2019Ulss Dolomiti ha evidenziato <strong>107 positivit\u00e0<\/strong> al Sars Cov 2. Si tratta di un numero evidentemente molto consistente che se confermato tendenzialmente nei giorni a venire determiner\u00e0 un incremento dell\u2019incidenza settimanale su valori critici. Si rinforzano quindi le raccomandazioni fondmanetali per il contenimento epidemico: aderire alla campagna vaccinale, adottare comportamenti di massima garanzia (distanziamento, mascherina stabile, igiene delle mani) rispettare le prescrizioni di isolamento e quarantena.<\/p>\n<p>&nbsp;<\/p>\n<p>&nbsp;<\/p>\n<hr \/>\n<p>&nbsp;<\/p>\n<blockquote>\n<h3>AGGIORNAMENTO SULLA CAMPAGNA VACCINALE ANTI-COVID IN ULSS 1 DOLOMITI<\/h3>\n<\/blockquote>\n<p><strong><a href=\"https:\/\/www.radiopiu.net\/wordpress\/come-si-e-preparata-la-ulss-1-dolomiti-per-il-v-day\/vaccino-covid\/\" rel=\"attachment wp-att-181587\"><img loading=\"lazy\" decoding=\"async\" class=\"size-medium wp-image-181587 alignleft\" src=\"https:\/\/www.radiopiu.net\/wordpress\/wp-content\/uploads\/2020\/12\/VACCINO-COVID-300x212.jpg\" alt=\"\" width=\"300\" height=\"212\" srcset=\"https:\/\/www.radiopiu.net\/wordpress\/wp-content\/uploads\/2020\/12\/VACCINO-COVID-300x212.jpg 300w, https:\/\/www.radiopiu.net\/wordpress\/wp-content\/uploads\/2020\/12\/VACCINO-COVID-1024x724.jpg 1024w, https:\/\/www.radiopiu.net\/wordpress\/wp-content\/uploads\/2020\/12\/VACCINO-COVID-768x543.jpg 768w, https:\/\/www.radiopiu.net\/wordpress\/wp-content\/uploads\/2020\/12\/VACCINO-COVID-1536x1086.jpg 1536w, https:\/\/www.radiopiu.net\/wordpress\/wp-content\/uploads\/2020\/12\/VACCINO-COVID.jpg 1920w\" sizes=\"auto, (max-width: 300px) 100vw, 300px\" \/><\/a>BELLUNO<\/strong> L&#8217;aggiornamento settimanale dell&#8217;Ulss 1 Dolomiti sulla campagna vaccinale anti covid. Totale dosi somministrate: 318.577, 84,7% \u2013 154.434 persone vaccinate con primo ciclo, 83,3% &#8211; 151.981 persone con ciclo completo, 958 persone ancora da vaccinare, 921 terze dosi gi\u00e0 somministrate, 57% degli over 80 eleggibili gi\u00e0 vaccinati. <strong>Gi\u00e0 prenotati: 34.500 di cui 21.700 fino al 31 dicembre 2021. <\/strong>Risultano vaccinati con almeno una dose: il 70,4 \u00a0% dei 12- 19 enni (10.008 persone), il 82,2% dei 20-29enni (15.583), il 77,7 % dei 30-39enni (15.426), il 78% dei 40-49enni (21.435), l\u201984,9% dei 50-59enni (28.194), l\u201987,9\u00a0 % dei 60-69enni (24.540), il 92,9% dei 70-79enni (22.084), circa il 100% degli over 80 (17.167). Risultano da vaccinare ancora 29.930 Bellunesi cos\u00ec suddivisi: 12-19 anni: 4.199 (29,6%), 20-29 anni: 3.366 (17,8%), 30-39 anni: 4.422 (22,3%), 40-49 anni: 6.057 (22%), 50-59 anni: 5.024 (15,1%), 60-69 anni: 3.385 (12,1%), 70 79 anni: 1.689 (7,1%). Ricordiamo che per le PRIME DOSI \u00e8 previsto l\u2019accesso libero in tutte le sedute vaccinali.<\/p>\n<p>&nbsp;<\/p>\n<p>&nbsp;<\/p>\n<hr \/>\n<p>&nbsp;<\/p>\n<blockquote class=\"wp-embedded-content\" data-secret=\"DGpvndrK0d\"><p><a href=\"https:\/\/www.radiopiu.net\/wordpress\/aggiornamentonov30\/\">CORONAVIRUS: AGGIORNAMENTO NAZIONALE 30 NOVEMBRE  2021<\/a><\/p><\/blockquote>\n<p><iframe loading=\"lazy\" class=\"wp-embedded-content\" sandbox=\"allow-scripts\" security=\"restricted\" style=\"position: absolute; clip: rect(1px, 1px, 1px, 1px);\" title=\"&#8220;CORONAVIRUS: AGGIORNAMENTO NAZIONALE 30 NOVEMBRE  2021&#8221; &#8212; Radio Pi\u00f9\" src=\"https:\/\/www.radiopiu.net\/wordpress\/aggiornamentonov30\/embed\/#?secret=DGpvndrK0d\" data-secret=\"DGpvndrK0d\" width=\"600\" height=\"338\" frameborder=\"0\" marginwidth=\"0\" marginheight=\"0\" scrolling=\"no\"><\/iframe><\/p>\n<p>&nbsp;<\/p>\n<blockquote class=\"wp-embedded-content\" data-secret=\"6XQeMCvDNu\"><p><a href=\"https:\/\/www.radiopiu.net\/wordpress\/agg30nov\/\">105 PERSONE IN TERAPIA INTENSIVA, LO SCORSO ANNO ERANO 300, 658 IN OSPEDALE LO SCORSO ANNO OLTRE 3000<\/a><\/p><\/blockquote>\n<p><iframe loading=\"lazy\" class=\"wp-embedded-content\" sandbox=\"allow-scripts\" security=\"restricted\" style=\"position: absolute; clip: rect(1px, 1px, 1px, 1px);\" title=\"&#8220;105 PERSONE IN TERAPIA INTENSIVA, LO SCORSO ANNO ERANO 300, 658 IN OSPEDALE LO SCORSO ANNO OLTRE 3000&#8221; &#8212; Radio Pi\u00f9\" src=\"https:\/\/www.radiopiu.net\/wordpress\/agg30nov\/embed\/#?secret=6XQeMCvDNu\" data-secret=\"6XQeMCvDNu\" width=\"600\" height=\"338\" frameborder=\"0\" marginwidth=\"0\" marginheight=\"0\" scrolling=\"no\"><\/iframe><\/p>\n<p>&nbsp;<\/p>\n<h2>I GRAFICI DI TIZIANO DE COL<\/h2>\n\n\t\t\t<style type='text\/css'>\n\t\t\t\t#gallery-2 {\n\t\t\t\t\tmargin: auto;\n\t\t\t\t}\n\t\t\t\t#gallery-2 .gallery-item {\n\t\t\t\t\tfloat: left;\n\t\t\t\t\tmargin-top: 10px;\n\t\t\t\t\ttext-align: center;\n\t\t\t\t\twidth: 33%;\n\t\t\t\t}\n\t\t\t\t#gallery-2 img {\n\t\t\t\t\tborder: 2px solid #cfcfcf;\n\t\t\t\t}\n\t\t\t\t#gallery-2 .gallery-caption {\n\t\t\t\t\tmargin-left: 0;\n\t\t\t\t}\n\t\t\t\t\/* see gallery_shortcode() in wp-includes\/media.php *\/\n\t\t\t<\/style>\n\t\t<div id='gallery-2' class='dt-gallery-container gallery galleryid-245689 gallery-columns-3 gallery-size-medium'><dl class='gallery-item'>\n\t\t\t\t<dt class='gallery-icon landscape'>\n\t\t\t\t\t<a class=\"rollover rollover-zoom dt-pswp-item\" title=\"d0c849b7-ae55-4730-8009-9db157c692da\" data-dt-img-description=\"\" data-large_image_width=\"607\" data-large_image_height=\"364\"href='https:\/\/www.radiopiu.net\/wordpress\/wp-content\/uploads\/2021\/11\/d0c849b7-ae55-4730-8009-9db157c692da.jpg'><img loading=\"lazy\" decoding=\"async\" width=\"300\" height=\"180\" src=\"https:\/\/www.radiopiu.net\/wordpress\/wp-content\/uploads\/2021\/11\/d0c849b7-ae55-4730-8009-9db157c692da-300x180.jpg\" class=\"attachment-medium size-medium\" alt=\"\" srcset=\"https:\/\/www.radiopiu.net\/wordpress\/wp-content\/uploads\/2021\/11\/d0c849b7-ae55-4730-8009-9db157c692da-300x180.jpg 300w, https:\/\/www.radiopiu.net\/wordpress\/wp-content\/uploads\/2021\/11\/d0c849b7-ae55-4730-8009-9db157c692da.jpg 607w\" sizes=\"auto, (max-width: 300px) 100vw, 300px\" \/><\/a>\n\t\t\t\t<\/dt><\/dl><dl class='gallery-item'>\n\t\t\t\t<dt class='gallery-icon landscape'>\n\t\t\t\t\t<a class=\"rollover rollover-zoom dt-pswp-item\" title=\"d9e2b267-d4b6-4da9-9ad3-7335f887c0ac\" data-dt-img-description=\"\" data-large_image_width=\"618\" data-large_image_height=\"356\"href='https:\/\/www.radiopiu.net\/wordpress\/wp-content\/uploads\/2021\/11\/d9e2b267-d4b6-4da9-9ad3-7335f887c0ac.jpg'><img loading=\"lazy\" decoding=\"async\" width=\"300\" height=\"173\" src=\"https:\/\/www.radiopiu.net\/wordpress\/wp-content\/uploads\/2021\/11\/d9e2b267-d4b6-4da9-9ad3-7335f887c0ac-300x173.jpg\" class=\"attachment-medium size-medium\" alt=\"\" srcset=\"https:\/\/www.radiopiu.net\/wordpress\/wp-content\/uploads\/2021\/11\/d9e2b267-d4b6-4da9-9ad3-7335f887c0ac-300x173.jpg 300w, https:\/\/www.radiopiu.net\/wordpress\/wp-content\/uploads\/2021\/11\/d9e2b267-d4b6-4da9-9ad3-7335f887c0ac.jpg 618w\" sizes=\"auto, (max-width: 300px) 100vw, 300px\" \/><\/a>\n\t\t\t\t<\/dt><\/dl><dl class='gallery-item'>\n\t\t\t\t<dt class='gallery-icon landscape'>\n\t\t\t\t\t<a class=\"rollover rollover-zoom dt-pswp-item\" title=\"0dc745ad-ed28-4fdf-8f7b-ea93e7c23f42\" data-dt-img-description=\"\" data-large_image_width=\"604\" data-large_image_height=\"354\"href='https:\/\/www.radiopiu.net\/wordpress\/wp-content\/uploads\/2021\/11\/0dc745ad-ed28-4fdf-8f7b-ea93e7c23f42.jpg'><img loading=\"lazy\" decoding=\"async\" width=\"300\" height=\"176\" src=\"https:\/\/www.radiopiu.net\/wordpress\/wp-content\/uploads\/2021\/11\/0dc745ad-ed28-4fdf-8f7b-ea93e7c23f42-300x176.jpg\" class=\"attachment-medium size-medium\" alt=\"\" srcset=\"https:\/\/www.radiopiu.net\/wordpress\/wp-content\/uploads\/2021\/11\/0dc745ad-ed28-4fdf-8f7b-ea93e7c23f42-300x176.jpg 300w, https:\/\/www.radiopiu.net\/wordpress\/wp-content\/uploads\/2021\/11\/0dc745ad-ed28-4fdf-8f7b-ea93e7c23f42.jpg 604w\" sizes=\"auto, (max-width: 300px) 100vw, 300px\" \/><\/a>\n\t\t\t\t<\/dt><\/dl><br style=\"clear: both\" \/><dl class='gallery-item'>\n\t\t\t\t<dt class='gallery-icon landscape'>\n\t\t\t\t\t<a class=\"rollover rollover-zoom dt-pswp-item\" title=\"996eff7b-e0ac-4241-a57e-301e7772d421\" data-dt-img-description=\"\" data-large_image_width=\"602\" data-large_image_height=\"372\"href='https:\/\/www.radiopiu.net\/wordpress\/wp-content\/uploads\/2021\/11\/996eff7b-e0ac-4241-a57e-301e7772d421.jpg'><img loading=\"lazy\" decoding=\"async\" width=\"300\" height=\"185\" src=\"https:\/\/www.radiopiu.net\/wordpress\/wp-content\/uploads\/2021\/11\/996eff7b-e0ac-4241-a57e-301e7772d421-300x185.jpg\" class=\"attachment-medium size-medium\" alt=\"\" srcset=\"https:\/\/www.radiopiu.net\/wordpress\/wp-content\/uploads\/2021\/11\/996eff7b-e0ac-4241-a57e-301e7772d421-300x185.jpg 300w, https:\/\/www.radiopiu.net\/wordpress\/wp-content\/uploads\/2021\/11\/996eff7b-e0ac-4241-a57e-301e7772d421.jpg 602w\" sizes=\"auto, (max-width: 300px) 100vw, 300px\" \/><\/a>\n\t\t\t\t<\/dt><\/dl><dl class='gallery-item'>\n\t\t\t\t<dt class='gallery-icon landscape'>\n\t\t\t\t\t<a class=\"rollover rollover-zoom dt-pswp-item\" title=\"c1bbc438-61a0-4ae5-8929-f32ecfb61728\" data-dt-img-description=\"\" data-large_image_width=\"608\" data-large_image_height=\"370\"href='https:\/\/www.radiopiu.net\/wordpress\/wp-content\/uploads\/2021\/11\/c1bbc438-61a0-4ae5-8929-f32ecfb61728.jpg'><img loading=\"lazy\" decoding=\"async\" width=\"300\" height=\"183\" src=\"https:\/\/www.radiopiu.net\/wordpress\/wp-content\/uploads\/2021\/11\/c1bbc438-61a0-4ae5-8929-f32ecfb61728-300x183.jpg\" class=\"attachment-medium size-medium\" alt=\"\" srcset=\"https:\/\/www.radiopiu.net\/wordpress\/wp-content\/uploads\/2021\/11\/c1bbc438-61a0-4ae5-8929-f32ecfb61728-300x183.jpg 300w, https:\/\/www.radiopiu.net\/wordpress\/wp-content\/uploads\/2021\/11\/c1bbc438-61a0-4ae5-8929-f32ecfb61728.jpg 608w\" sizes=\"auto, (max-width: 300px) 100vw, 300px\" \/><\/a>\n\t\t\t\t<\/dt><\/dl>\n\t\t\t\t<br style='clear: both' \/>\n\t\t\t<\/div>\n\n<p>&nbsp;<\/p>\n<hr \/>\n<p>&nbsp;<\/p>\n<blockquote>\n<h3>&#8220;NON ESCLUDO LA ZONA GIALLA ENTRO DUE SETTIMANE&#8221;, LO HA DETTO ZAIA IN CONFERENZA STAMPA<\/h3>\n<\/blockquote>\n<p><strong>VENEZIA<\/strong> Il presidente Luca Zaia convoca i giornalisti per un punto stampa definito &#8220;urgente&#8221;. Ecco le novit\u00e0 da Marghera.<\/p>\n<blockquote>\n<h3>LEGGI LA CONFERENZA STAMPA DI LUCA ZAIA<\/h3>\n<p><span style=\"color: #000000;\"><em>DA OGGI ACCESSO LIBERO PER LE PRIME DOSI SENZA PRENOTAZIONE<\/em><\/span><\/p><\/blockquote>\n<p><span style=\"color: #000000;\"><strong>ZONA GIALLA<\/strong> <\/span>Siamo ad alto rischio, facciamo tanti tamponi e troviamo tanti positivi. Ci troviamo di fronte a una graduale riduzione delle prestazioni ospedaliere. Siamo in zona bianca, non escludo che si arrivi in zona gialla entro due settimane. Vogliamo arrivare alla zona rossa perch\u00e9 non vogliamo portare la mascherina?<\/p>\n<p>Avrei preferito non incontrarvi&#8230; da oggi intensifichiamo il punto stampa. CI sar\u00e0 pi\u00f9 spesso.\u00a0 Gi\u00e0 477mila le terze dosi: \u00e8 una grande sfida, l&#8217;80% dei pazienti in terapia intensiva sono non vaccinati. 55% in area non critica di non vaccinati. Se tutti si fossero vaccinati avremo in ospedale 280 persone rispetto alle 658. L&#8217;aspetto cruciale \u00e8 che chi si ospedalizza il vaccinato \u00e8 un grande anziano con altre patologie oltre il covid. Dimostra che sul fronte della case di riposo abbiamo una messa in sicurezza che mai abbiamo avuti. Tra i non vaccinati in ospedale l&#8217;et\u00e0 media sia abbassa cosi&#8217; come in terapia intensiva. Ci sono anche adulti non solo anziani in terapia intensiva. <span style=\"color: #ff0000;\"><strong>VACCINAZIONI: DA OGGI ACCESSO LIBERO PER LE PRIME DOSI SENZA PRENOTAZIONE <\/strong><\/span>La media regionale \u00e8 quasi dell&#8217;86%, almeno 4 punti si possono recuperare, non sarebbe poco per l&#8217;ospedalizzazione. La peggiore disgrazia sarebbe avere una comunit\u00e0 spaccata in due con dibattiti che fanno dividere le strade delle persone.\u00a0 Over 80 100% dei vaccinati; 70-79 anni 93,2% dai 60 ai 69 anni 90,2% dai 50 ai 59 anni 86,1% dai 40 ai 49 anni 80,4% dai 30 ai 39 anni 80,3% 20 -29 anni 84,6%, 12-19 anni 73,7%.\u00a0 <strong>LA TEMPESTA PERFETTA<\/strong>\u00a0 Ovvero lo sforzo al quale \u00e8 stata sottoposta la macchina sanitaria del Veneto, con 54mila persone. Sono la nostra forza a loro il grazie, purtroppo non ci sono rinforz.\u00a0 Facciamo molti pi\u00f9 tamponi rispetto all&#8217;anno scorso, non solo contact tracing ma anche i vaccini, e le terze dosi. Pi\u00f9 di due milioni di cittadini dovranno essere vaccinati entro il 31 dicembre, cosa possibile facendo squadra. Nelle ultime 24 ore\u00a0 eseguite 31853 vaccinazioni,\u00a0 28mila sono terze dosi, e 2.250\u00a0 prime dosi. Oltre 477mila sono le terze dosi inoculate fino ad oggi. <strong>NOVITA&#8217; AI CENTRI VACCINI<\/strong> Terze dosi:\u00a0 chi ha ricevuto la prenotazione per la terza dose ma sono gi\u00e0 scaduti i sei mesi sar\u00e0 raggiunto da una mail in giornata e potr\u00e0\u00a0 modificare la prenotazione. Tutti gli altri che si prenotano da oggi avranno nella mail di prenotazione introdotto un elemento nuovo, ossia un link, per cambiare la prenotazione, senza perdere il posto. <strong>BAMBINI E VACCINI<\/strong> Confidiamo nei pediatri di libera scelta, sarebbe la soluzione.\u00a0 Se dal 23 dicembre entrer\u00e0 in funzione la vaccinazione dei bambini, cercheremo di organizzarla,\u00a0 la vaccinazione del bambino la decide il genitore, non \u00e8 imposta da nessuno. Se il genitore ha dubbi parli con il pediatra o il medico di fiducia. Il genitore non puo&#8217; scaricare la responsabilit\u00e0 sui bambini: prima di vaccinare i bambini \u00e8 bene che si vaccinino gli adulti.<\/p>\n<p><strong>ASSESSORE MANUELA LANZARIN\u00a0<\/strong> Stiamo per sospendere alcune attivit\u00e0 come gi\u00e0 successo lo scorso anno. Il problema \u00e8 il personale per la forza pressione dei centri per i vaccini e tamponi. Avevamo recuperato moltissime prestazioni, il\u00a0 nuovo stop ci riporta a posticipare.<\/p>\n<p><strong>FRANCESCA RUSSO Novit\u00e0 a scuola<\/strong>. I casi sono aumentati e stanno crescendo anche nella fascia e dei bambini in et\u00e0 scolare. Da oggi\u00a0 anche con\u00a0 un solo caso, tutta la classe andr\u00e0 in quarantena con Dad per la classe come previsto dalla circolare ministeriale. Diverso periodo di quarantena 7 per i vaccinati 10 per i non vaccinati <strong>I NUMERI <\/strong>incidenza Scuola primaria 444,1 su 100 mila; popolazione generale 226, secondaria primo grado 321 seconda grado 259.<\/p>\n<blockquote>\n<h3><strong>VARIANTE OMICRON\u00a0<\/strong><\/h3>\n<\/blockquote>\n<p><em>Fino a ieri sera non abbiamo avuto alcuna sequenziazione.<\/em><\/p>\n<p>Nel fine settimana 13 soggetti rientrati dal SudAfrica, avviate le Ulss, contattati messi in quarantena con tampone e al momento sono tutti negativi. La tensione \u00e8 molto alta per evitare che si diffonda.\u00a0Non sappiamo molto su questa variante, potrebbe essere molto contagiosa, presenta moltissime mutazioni nell&#8217;ambito della proteina di superficie, ma per capire come si comporti occorre studiarla.<\/p>\n<p><strong>SUPER GREEN PASS E&#8217; LEGATO ALLA VACCINAZIONE NON ALLA TERZA DOSE<\/strong><\/p>\n<p><a href=\"https:\/\/www.facebook.com\/zaiaufficiale\/videos\/590583465485522\">https:\/\/www.facebook.com\/zaiaufficiale\/videos\/590583465485522<\/a><\/p>\n<p>&nbsp;<\/p>\n<p>&nbsp;<\/p>\n<hr \/>\n<p>&nbsp;<\/p>\n<blockquote>\n<h2>BLITZ CONTRO LA CRIMINALITA\u2019 IN VENETO. ZAIA, &#8220;ERA UN MIX DEVASTANTE\u201d<\/h2>\n<\/blockquote>\n<p><strong><img loading=\"lazy\" decoding=\"async\" class=\"alignleft\" src=\"https:\/\/www.radiopiu.net\/wordpress\/wp-content\/uploads\/2019\/12\/CARABINIERI-FELTRE-2.jpg\" width=\"297\" height=\"223\" \/>VENEZIA<\/strong> <span style=\"color: #4f4f4f;\"><span style=\"font-size: medium;\">La giornata si apre con l\u2019ennesima vittoria della legalit\u00e0 sulla criminalit\u00e0. Complimenti e grazie da tutti i Veneti per bene ai Ros dei Carabinieri e alla Procura Antimafia, che hanno sgominato una banda composta da vecchi pregiudicati e nuovi malavitosi che agivano per arrivare al controllo del territorio. I complimenti arrivano da Venezia, dal Presidente<\/span><\/span><span style=\"color: #4f4f4f;\"><span style=\"font-size: medium;\"> della Regione, Luca Zaia, plaude all\u2019operazione del Ros e della Procura Antimafia, con un\u2019ottantina di indagati e 39 arresti nella notte.<\/span><\/span><\/p>\n<blockquote>\n<p align=\"JUSTIFY\"><em><span style=\"color: #4f4f4f;\">\u201c<span style=\"font-size: medium;\">Le prime notizie aggiunge Zaia \u2013 parlano di droga, estorsioni, armi rapine e mancate vendette maturate nel mondo del crimine. Un mix devastante, per la legalit\u00e0, ma anche per la serena convivenza sociale di un vasto territorio, che poteva avere conseguenze sempre pi\u00f9 gravi. Averlo stroncato \u00e8 una delle pi\u00f9 importanti operazioni messe a segno dalla Forze dell\u2019Ordine e dagli inquirenti negli ultimi tempi\u201d.<\/span><\/span><\/em><\/p>\n<\/blockquote>\n<p align=\"JUSTIFY\"><strong>IL MINISTRO FEDERICO D&#8217;INCA&#8217; <\/strong><em>\u201cRivolgo le mie congratulazioni alla Procura antimafia di Venezia e ai Carabinieri per la brillante operazione in cui sono state arrestate 39 persone e che ne vede coinvolte circa 80. Lo Stato c\u2019\u00e8 e l\u2019attenzione nei confronti di questi fenomeni criminali rimane elevata: da tempo il Veneto \u00e8 preda di organizzazioni malavitose ma il costante impegno degli investigatori permette di garantire ai cittadini della nostra regione maggiore sicurezza. Il Movimento 5 Stelle ha da sempre a cuore il tema del contrasto alle mafie e ha dimostrato un forte impegno per garantire la certezza delle pene ai responsabili di questi reati: il cammino per tutelare i cittadini onesti ed evitare il proliferare di organizzazioni criminali, assieme alla battaglia per la legalit\u00e0, proseguir\u00e0 senza sosta in tutti i territori del nostro Paese\u201d.\u00a0<\/em><strong><br \/>\n<\/strong><\/p>\n<p align=\"JUSTIFY\"><strong>ANDREA ZANONI (PD) PRESIDENTE COMMISSIONE LEGALITA&#8217; <\/strong><em>\u201cGrazie ai carabinieri e alla Dda di Venezia per questa imponente operazione contro la nuova \u2018mala del Brenta\u2019. \u00c8 la conferma, qualora ce ne fosse bisogno, di quanto la criminalit\u00e0 organizzata sia forte nella nostra regione e che tutti, a cominciare dalla politica, dovremmo considerarla un\u2019emergenza veneta. Pi\u00f9 che delle doverose congratulazioni, per\u00f2, gli inquirenti avrebbero bisogno di un supporto concreto a 360 gradi da tutte le istituzioni. La Regione, invece, nell\u2019ultima manovra di bilancio ha deciso di ridurre dal 30 al 60% i fondi destinati alle leggi per promuovere la legalit\u00e0 e contrastare la criminalit\u00e0 organizzata\u201d.<\/em><\/p>\n<p>&nbsp;<\/p>\n<hr \/>\n<p>&nbsp;<\/p>\n<blockquote>\n<h3>IN SETTE MESI 86 INCIDENTI CON LA FAUNA SELVATICA, 5 MORTI, 111 FERITI<\/h3>\n<\/blockquote>\n<p><strong>\u00a0ROMA<\/strong> \u201cProblematiche inerenti ai danni causati all&#8217;agricoltura dall&#8217;eccessiva presenza di fauna selvatica\u201d: questo il titolo della risoluzione che ha visto come estensore il senatore di Fratelli d&#8217;Italia Patrizio La Pietra e approvata dalla Commissione Agricoltura a fine giugno, ma che ad oggi non ha avuto ancora risposte. A sollecitare il Governo al rispetto degli impegni presi \u00e8 oggi il senatore Luca De Carlo, all&#8217;indomani dell&#8217;annuncio di una mozione in aula sul Piano Lupo:<em> \u201cChe ne \u00e8 stato di questi impegni? \u00c8 inutile approvare documenti che poi guarda caso finiscono dimenticati in un polveroso cassetto di qualche ufficio ministeriale. <\/em>Secondo l&#8217;Osservatorio ASAPS &#8211; Associazione Sostenitori Amici della Polizia Stradale nel 2019 in Italia ci sono stati ben 141 incidenti \u201csignificativi\u201d, cio\u00e8 con vittime o feriti, che hanno visto coinvolti animali selvatici; sono morte 15 persone e gravemente ferite 221. Nei primi sette mesi del 2020, nonostante il lockdown, si sono contati 86 incidenti gravi, con 5 morti e 111 feriti. <em>\u201cLa risoluzione approvata questa estate affronta tutti questi temi, comunque con un occhio particolare al mondo produttivo agricolo e alla necessit\u00e0 di risarcimenti diretti agli allevatori vittime di predazione\u201d,<\/em> conclude De Carlo.<\/p>\n<p>&nbsp;<\/p>\n<hr \/>\n<p>&nbsp;<\/p>\n<blockquote>\n<h3>TETTO A NUOVO PER LA SEDE DI VIA MARCONI A FELTRE: AGGIUDICATI I LAVORI<\/h3>\n<\/blockquote>\n<p><strong><a href=\"https:\/\/www.radiopiu.net\/wordpress\/monoclonali-pronti-per-la-somministrazione-in-ulss-1-dolomiti\/ulss-1-2\/\" rel=\"attachment wp-att-198838\"><img loading=\"lazy\" decoding=\"async\" class=\" wp-image-198838 alignleft\" src=\"https:\/\/www.radiopiu.net\/wordpress\/wp-content\/uploads\/2021\/03\/ULSS-1-300x158.jpg\" alt=\"\" width=\"236\" height=\"124\" srcset=\"https:\/\/www.radiopiu.net\/wordpress\/wp-content\/uploads\/2021\/03\/ULSS-1-300x158.jpg 300w, https:\/\/www.radiopiu.net\/wordpress\/wp-content\/uploads\/2021\/03\/ULSS-1-768x404.jpg 768w, https:\/\/www.radiopiu.net\/wordpress\/wp-content\/uploads\/2021\/03\/ULSS-1.jpg 776w\" sizes=\"auto, (max-width: 236px) 100vw, 236px\" \/><\/a>FELTRE <\/strong>Sono stati aggiudicati i lavori per il rifacimento del tetto della sede di Via Marconi a Feltre. L\u2019impresa Gruppo ITQ s.r.l. di Spresiano (TV) eseguir\u00e0 le opere previste per un importo netto contrattuale di \u20ac 628.143 euro. La sede di via Marconi a Feltre \u00e8 oggetto, negli ultimi mesi, di una serie di interventi di ristrutturazione e miglioramento che renderanno il complesso pi\u00f9 funzionale e sicuro. E\u2019 in corso l&#8217;adeguamento alla normativa antincendio e una \u00a0ristrutturazione del piano terra funzionale ad accogliere \u00a0nuovi servizi quali il SerD e i Veterinari.<\/p>\n<p>&nbsp;<\/p>\n<p>&nbsp;<\/p>\n<hr \/>\n<p>&nbsp;<\/p>\n<blockquote>\n<h3>NUOVO INCARICO AL PEDIATRA CAMURRI<\/h3>\n<\/blockquote>\n<p><strong><a href=\"https:\/\/www.radiopiu.net\/wordpress\/solidarieta-umana-a-chi-vive-lesperienza-negativa-covid-ma-le-regole-devono-essere-rispettate\/medicodimedicinagenerale\/\" rel=\"attachment wp-att-167000\"><img loading=\"lazy\" decoding=\"async\" class=\"size-medium wp-image-167000 alignleft\" src=\"https:\/\/www.radiopiu.net\/wordpress\/wp-content\/uploads\/2020\/10\/Medicodimedicinagenerale-300x198.jpg\" alt=\"\" width=\"300\" height=\"198\" srcset=\"https:\/\/www.radiopiu.net\/wordpress\/wp-content\/uploads\/2020\/10\/Medicodimedicinagenerale-300x198.jpg 300w, https:\/\/www.radiopiu.net\/wordpress\/wp-content\/uploads\/2020\/10\/Medicodimedicinagenerale-1024x674.jpg 1024w, https:\/\/www.radiopiu.net\/wordpress\/wp-content\/uploads\/2020\/10\/Medicodimedicinagenerale-768x506.jpg 768w, https:\/\/www.radiopiu.net\/wordpress\/wp-content\/uploads\/2020\/10\/Medicodimedicinagenerale.jpg 1200w\" sizes=\"auto, (max-width: 300px) 100vw, 300px\" \/><\/a>BELLUNO <\/strong>Da oggi<strong>\u00a0<\/strong>il dr. Stefano Camurri Piloni inizier\u00e0 l\u2019attivit\u00e0 di pediatra di libera scelta con incarico definitivo nell\u2019ambito territoriale dei Comuni di Belluno, Limana, Alpago, Chies d\u2019Alpago, Tambre, Ponte nelle Alpi, Longarone, Ospitale di Cadore, Soverzene, Val di Zoldo e Zopp\u00e8 di Cadore e contestualmente cesser\u00e0 l\u2019incarico provvisorio in essere. Il pediatra attualmente ha in carico bambini sia del comune di Borgo Valbelluna (Mel) che di Belluno. Al fine di garantire la continuit\u00e0 dell\u2019assistenza alla popolazione pediatrica di Borgo Valbelluna, il dr. Camurri continuer\u00e0 a seguire i pazienti anche nello studio situato a Mel con gli stessi orari e fino all\u2019individuazione di un nuovo pediatra. Per gli assistiti di Borgo Valbelluna, quindi, non cambia nulla; infatti, saranno riassegnati d\u2019ufficio al dr. Camurri e non sar\u00e0 pertanto necessario che gli stessi si rechino presso gli sportelli anagrafe della ULSS per effettuare la scelta di un nuovo medico. Rimangono a disposizione per eventuali informazioni relative a quanto sopra esposto gli uffici Anagrafe Sanitaria di Mel al numero 0437 541111. Per i residenti nell\u2019ambito di Belluno, Limana, Alpago, Chies d\u2019Alpago, Tambre, Ponte nelle Alpi, Longarone, Ospitale di Cadore, Soverzene, Val di Zoldo e Zopp\u00e8 di Cadore: Gli assistiti del dr Camurri, che cambia solo la forma burocratica contrattuale, potranno continuare ad essere in carico al medico inviando una mail di conferma all\u2019indirizzo cambiomedico<a href=\"mailto:cambiomedico@aulss1.veneto.it\">@aulss1.veneto.it<\/a> con il seguente oggetto \u201cCambio medico dr. CAMURRI\u201d, indicando nome, cognome, luogo, data di nascita, indirizzo di residenza, codice fiscale dell\u2019assistito e il nome del pediatra di libera scelta prescelto. Alla e-mail si dovr\u00e0 allegare la copia del documento d\u2019identit\u00e0 del genitore e della Tessera sanitaria cartacea dell\u2019assistito rilasciata dalla ULSS. Resta ferma la possibilit\u00e0 di scegliere un altro pediatra con posti disponibili nell\u2019ambito. E\u2019 possibile verificare in tempo reale la disponibilit\u00e0 dei pediatri, collegandosi al sito <a href=\"https:\/\/salute.regione.veneto.it\/servizi\/cerca-medici-e-pediatri\">https:\/\/salute.regione.veneto.it\/servizi\/cerca-medici-e-pediatri<\/a>. La scelta del pediatra potr\u00e0 essere effettuata tra i medici dell\u2019ambito territoriale di residenza che abbiano disponibilit\u00e0 di posti, inviando una mail (non pec) all\u2019indirizzo cambiomedico<a href=\"mailto:cambiomedico@aulss1.veneto.it\">@aulss1.veneto.it<\/a>\u201d In alternativa, la scelta potr\u00e0 essere effettuata tramite il proprio <a href=\"https:\/\/www.aulss8.veneto.it\/nodo.php\/2605\">Fascicolo Sanitario Elettronico Regionale <\/a>Rimangono a disposizione per informazioni gli uffici Anagrafe Sanitaria di Belluno al numero 0437 516757 dal luned\u00ec al venerd\u00ec dalle 10.00 alle 12.00.<\/p>\n<p>&nbsp;<\/p>\n<p>&nbsp;<\/p>\n<hr \/>\n<p>&nbsp;<\/p>\n<blockquote>\n<h3>CERCASI MEDICO DI MEDICINA GENERALE PER FONZASO E LAMON<\/h3>\n<\/blockquote>\n<p><strong><a href=\"https:\/\/www.radiopiu.net\/wordpress\/giornale-radiopiu-19-giugno-2021-direttore-mirko-mezzacasa\/medico\/\" rel=\"attachment wp-att-216887\"><img loading=\"lazy\" decoding=\"async\" class=\"size-medium wp-image-216887 alignleft\" src=\"https:\/\/www.radiopiu.net\/wordpress\/wp-content\/uploads\/2021\/06\/MEDICO-300x225.jpg\" alt=\"\" width=\"300\" height=\"225\" srcset=\"https:\/\/www.radiopiu.net\/wordpress\/wp-content\/uploads\/2021\/06\/MEDICO-300x225.jpg 300w, https:\/\/www.radiopiu.net\/wordpress\/wp-content\/uploads\/2021\/06\/MEDICO-1024x768.jpg 1024w, https:\/\/www.radiopiu.net\/wordpress\/wp-content\/uploads\/2021\/06\/MEDICO-768x576.jpg 768w, https:\/\/www.radiopiu.net\/wordpress\/wp-content\/uploads\/2021\/06\/MEDICO-1536x1152.jpg 1536w, https:\/\/www.radiopiu.net\/wordpress\/wp-content\/uploads\/2021\/06\/MEDICO.jpg 1920w\" sizes=\"auto, (max-width: 300px) 100vw, 300px\" \/><\/a>BELLUNO <\/strong>L\u2019Ulss Dolomiti ha pubblicato un avviso straordinario per il conferimento di un incarico provvisorio di medico di assistenza primaria per i Comuni di Lamon e Fonzaso. Si offre: ambulatori aziendali, indennit\u00e0 di zona disagiata e possibilit\u00e0 di alloggio. L\u2019Ulss Dolomiti continua nell\u2019incessata ricerca di medici di assistenza primaria per la copertura di tutto il territorio, usando tutte le leve possibili per attrarre professionisti disponibili ad assumere l\u2019incarico, fondamentale nelle vallate. Si \u00e8 reso urgente il conferimento di un incarico di 12 mesi a partire dal 1 gennaio 2021 per 700 assistiti del Comune di Lamon e 950 del Comune di Fonzaso. L\u2019Ulss Dolomiti offre ambulatori aziendali e la possibilit\u00e0 di usufruire di un alloggio. Inoltre, \u00e8 previsto il riconoscimento dell\u2019indennit\u00e0 annua pari a \u20ac 6,20\/anno per assistito in carico nei Comuni riconosciuti \u201cZone Disagiate\u201d (Lamon). I medici interessati dovranno far pervenire la propria disponibilit\u00e0 entro luned\u00ec 6 Dicembre 2021, inviando una mail all\u2019indirizzo convenzioni@aulss1.veneto.it, con allegata fotocopia di un valido documento di identit\u00e0, indicando: cognome e nome, data e luogo di nascita, indirizzo di residenza, luogo di laurea, data e voto di laurea, data e luogo di abilitazione, codice fiscale, numero di telefono, indirizzo mail, indirizzo pec, provincia e data di iscrizione all\u2019ordine dei medici e numero di iscrizione all\u2019ordine. In aggiunta si richiede anche un breve Curriculum Vitae. Per ulteriori informazioni gli interessati potranno rivolgersi alla Direzione Amministrativa Territoriale di Belluno tel. 0437 516752 \u2013 6968.<\/p>\n<p>&nbsp;<\/p>\n<hr \/>\n<p>&nbsp;<\/p>\n<p>&nbsp;<\/p>\n<blockquote><p><strong><img decoding=\"async\" src=\"https:\/\/www.radiopiu.net\/wordpress\/wp-content\/uploads\/2021\/11\/WhatsApp-Image-2021-11-29-at-09.32.39.jpeg\" \/>GLI SPECIALI ALLA RADIO, DA MOLTI ANNI RADIO PIU&#8217; IL LUNEDI ALLE 13 (REPLICA ALLE 20 E LA DOMENICA ALLE 10.30) TRASMETTE LA RUBRICA DI MEDICINA, IN ONDA DA SETTEMBRE A GIUGNO CON IL DOTTOR MARCO CARACCIOLO, &#8220;SALUTE E SOCIETA'&#8221; E&#8217; LA RUBRICA DI MEDICINA CHE CON ORGOGLIO RADIO PIU&#8217; PRESENTA OGNI SETTIMANA, IN PODCAST SUL SITO DI RADIO PIU, TUTTE LE PUNTATE\u00a0<\/strong><\/p><\/blockquote>\n<blockquote class=\"wp-embedded-content\" data-secret=\"oMHmi74LSe\"><p><a href=\"https:\/\/www.radiopiu.net\/wordpress\/saluteesocieta\/\">Salute e Societ\u00e0<\/a><\/p><\/blockquote>\n<p><iframe loading=\"lazy\" class=\"wp-embedded-content\" sandbox=\"allow-scripts\" security=\"restricted\" style=\"position: absolute; clip: rect(1px, 1px, 1px, 1px);\" title=\"&#8220;Salute e Societ\u00e0&#8221; &#8212; Radio Pi\u00f9\" src=\"https:\/\/www.radiopiu.net\/wordpress\/saluteesocieta\/embed\/#?secret=oMHmi74LSe\" data-secret=\"oMHmi74LSe\" width=\"600\" height=\"338\" frameborder=\"0\" marginwidth=\"0\" marginheight=\"0\" scrolling=\"no\"><\/iframe><\/p>\n<p>&nbsp;<\/p>\n<hr \/>\n<p>&nbsp;<\/p>\n<p>&nbsp;<\/p>\n<blockquote class=\"wp-embedded-content\" data-secret=\"C2nLJJhNaG\"><p><a href=\"https:\/\/www.radiopiu.net\/wordpress\/monte-celo-zelo-ed-alpenfestung-di-tiziano-de-col\/\">MONTE CELO (ZELO) ED ALPENFESTUNG RACCONTO IN TRE PARTI<\/a><\/p><\/blockquote>\n<p><iframe loading=\"lazy\" class=\"wp-embedded-content\" sandbox=\"allow-scripts\" security=\"restricted\" style=\"position: absolute; clip: rect(1px, 1px, 1px, 1px);\" title=\"&#8220;MONTE CELO (ZELO) ED ALPENFESTUNG RACCONTO IN TRE PARTI&#8221; &#8212; Radio Pi\u00f9\" src=\"https:\/\/www.radiopiu.net\/wordpress\/monte-celo-zelo-ed-alpenfestung-di-tiziano-de-col\/embed\/#?secret=C2nLJJhNaG\" data-secret=\"C2nLJJhNaG\" width=\"600\" height=\"338\" frameborder=\"0\" marginwidth=\"0\" marginheight=\"0\" scrolling=\"no\"><\/iframe><\/p>\n<p>&nbsp;<\/p>\n<hr \/>\n<p>&nbsp;<\/p>\n<blockquote>\n<h3>CIMA TOFANA 3205 M A CORTINA D\u2019AMPEZZO RAGGIUNGE I -21,3\u00b0C. IL FOEHN HA SOFFIATO A 130 KM\/H<\/h3>\n<\/blockquote>\n<p><strong>VENEZIA<\/strong> Luned\u00ec mattina alle 7 la stazione di meteotriveneto ha registrato -19,7\u00b0C\u00a0 ai 3205 metri a Cortina D\u2019Ampezzo in cima alla Tofana di Mezzo, ma alle 21\u00a0 il sensore termometrico- \u00e8 sceso fino ai -21,3\u00b0C. -19,2\u00b0C i gradi registrati ai 2950 m del Sass Pordoi 2950, la Terrazza delle Dolomiti, due gradi in meno della mattinata, sfiorando il record dell\u2019anno registrato il 13 febbraio con -20,8\u00b0C. Da segnalare anche i &#8211; 14\u00b0C del Passo Pordoi 2240 m e a Cima Fertazza 2060 m si sono registrati -13\u00b0C.\u00a0 Oltre al freddo anche il vento con il foehn che ha soffiato a 130 km\/h sempre a Cortina, gli anemometri si sono fermati a 69 km\/h al Monte Avena 1420 m in territorio di Pedavena (BL). 64 i km\/h di Passo Pordoi e anche nelle prealpi raffiche tra i 50 ed i 60 km\/h nelle localit\u00e0 pi\u00f9 esposte.<\/p>\n<p>&nbsp;<\/p>\n<hr \/>\n<p>&nbsp;<\/p>\n<blockquote>\n<h3>L&#8217;ALLEGHE HOCKEY PROGRAMMA E CERCA FORZE NUOVE<\/h3>\n<\/blockquote>\n<p><strong><a href=\"https:\/\/www.radiopiu.net\/wordpress\/giornale-radiopiu-22-marzo-2021-direttore-mirko-mezzacasa\/hockey-giovanile\/\" rel=\"attachment wp-att-198307\"><img loading=\"lazy\" decoding=\"async\" class=\" wp-image-198307 alignleft\" src=\"https:\/\/www.radiopiu.net\/wordpress\/wp-content\/uploads\/2021\/03\/hockey-giovanile-300x227.jpg\" alt=\"\" width=\"260\" height=\"197\" srcset=\"https:\/\/www.radiopiu.net\/wordpress\/wp-content\/uploads\/2021\/03\/hockey-giovanile-300x227.jpg 300w, https:\/\/www.radiopiu.net\/wordpress\/wp-content\/uploads\/2021\/03\/hockey-giovanile-1024x774.jpg 1024w, https:\/\/www.radiopiu.net\/wordpress\/wp-content\/uploads\/2021\/03\/hockey-giovanile-768x581.jpg 768w, https:\/\/www.radiopiu.net\/wordpress\/wp-content\/uploads\/2021\/03\/hockey-giovanile.jpg 1280w\" sizes=\"auto, (max-width: 260px) 100vw, 260px\" \/><\/a>ALLEGHE<\/strong>\u00a0 Si \u00e8 riunito il\u00a0 consiglio di amministrazione di Alleghe Hockey per analizzare gli obiettivi raggiunti e le opportunit\u00e0 delle prossime stagioni. Molto \u00e8 stato fatto in questi due anni, in termini di gestione delle squadre, dalla senior ai pi\u00f9 piccoli, di impegno sociale, richiedendo alle under quote di iscrizione base e prestando l\u2019attrezzatura ai ragazzi, e di bilancio, una societ\u00e0 solida che ha le basi per porsi obiettivi ancor pi\u00f9 rilevanti.\u00a0 Proprio per questa volont\u00e0 di puntare ad un continuo miglioramento, la societ\u00e0 sta cercando nuovi membri che vogliano mettersi in gioco gi\u00e0 a partire dalla prossima stagione. Una sfida alla quale la societ\u00e0 invita tutti gli interessati a partecipare, tutte le persone che amano il territorio e che abbiano una buona predisposizione per il sociale, oltre alla voglia di affrontare nuove sfide.\u00a0 Contatti: Segreteria Alleghe Hockey &#8211; 0437 523176 &#8211; dal luned\u00ec al venerd\u00ec dalle 14:30 alle 18:30 &#8211; <a href=\"mailto:segreteria@alleghehockey.com\">segreteria@alleghehockey.com<\/a><\/p>\n<p>&nbsp;<\/p>\n<hr \/>\n<p>&nbsp;<\/p>\n<blockquote>\n<h3>VENTIQUATTRO GLI IMPIANTI ENEL DEL PIAVE NEL SISTEMA IDROELETTRICO NORD ORIENTALE<\/h3>\n<\/blockquote>\n<p><strong>di\u00a0 RENATO BONA<\/strong><\/p>\n<p>\u201cImpianti del Piave. Sistema nord-orientale\u201d. E\u2019 il titolo di un libro di un centinaio di pagine dato alle stampe (Grafiche de Bastiani di Vittorio Veneto) nel marzo del 1991 a cura della Direzione della produzione e trasmissione, sede distaccata di Venezia, Unit\u00e0 pubbliche relazioni e documentazione del Compartimento. In copertina riproduzione di: Mulino del 1773 a Sovezene, Diga e serbatoio di Pieve di Cadore, Sala macchine della centrale di Fadalto e Sala controllo del posto di tele conduzione di Polpet. La pubblicazione si apre con la planimetria generale e quindi con il profilo longitudinale del Sistema nord-orientale. Segue l\u2019illustrazione degli \u201cImpianti di produzione idroelettrica con l\u2019indicazione che \u201cIl sistema idroelettrico del Piave utilizza le acque di questo fiume dalle sorgenti, sulle falde meridionali del Peralba, presso Sappada, fino a Nervesa dove il Piave sbocca nella pianura veneta. Il relativo bacino imbrifero, che comprende numerosi importanti affluenti, quali l\u2019Ansiei, il Boite, il Ma\u00e8 ed il Cordevole, nonch\u00e9 il lago di Santa Croce, ha una superficie di 3889 chilometri quadrati\u201d. Per quanto concerne gli impianti Enel relativi a tale sistema, in servizio all\u2019poca della pubblicazione del libro, risultano avere una \u201cpotenza efficiente\u201d di 639 MW ed una producibilit\u00e0 annua che \u00e8 mediamente di 2259 GWh. Ancora: risultano 24 gli impianti in funzione, compresi quelli di Nove Nuova e San Floriano Vecchia che fungono di riserva a quelli principali. Una citazione, fra gli impianti dell\u2019alto corso del Piave, per la centrale di Pelos, 32 MW di potenza efficiente lorda, che utilizza anche le acque del lago di Auronzo e, pi\u00f9 a valle, la centrale di Soverzene da 210 MW di potenza ed una producibilit\u00e0 di ben 726 GWh annui, alimentata dal serbatoio di Pieve di Cadore, con capacit\u00e0 di invaso di 48 milioni di metri cubi. E siamo l lago di Santa Croce che \u201cfunziona da serbatoio stagionale con circa 86 milioni di metri cubi di capacit\u00e0 utile\u201d: le acque del Piave fatte defluire su un percorso molto pi\u00f9 breve di quello naturale, \u201cazionano un complesso di 7 centrali con 338 MW di potenza efficiente, disposte a cascata lungo la valle del Fadalto e ai piedi dell\u2019altopiano del Cansiglio\u201d. Di notevole importanza gli impianti di Fadalto (210 MW) e di Nove (65 MW) \u201cche sfruttano la possibilit\u00e0 di concentrazione delle portate offerte dai serbatoi di Santa Croce e del lago Morto, anche grazie alla installazione di pompe nella centrale di Fadalto, suggerita dalla favorevole disposizione reciproca dei due serbatoi\u201d. Altra annotazione: a valle di questi impianti una parte delle acque viene restituita al suo corso originario attraverso il canale Castelletto-Nervesa, mentre la restante viene immessa nel fiume Livenza, che \u201crappresenta l\u2019ideale confine storico fra il Veneto ed il Friuli\u201d. Dopo le tabelle relative alle \u201critenute degli impianti idroelettrici\u201d e degli \u201cimpianti di produzione idroelettrica\u201d segue la stringata illustrazione, anche con immagini, del sistema nord-orientale dell\u2019impiantistica del Piave; si parte con le centrali di Campolongo e Sopal\u00f9: la prima, entrata in servizio nel 1954, si trova in territorio del comune di Santo Stefano di Cadore ed utilizza l\u2019acqua del torrente Frison, affluente del Piave. La quota d\u2019asse orizzontale del gruppo turbina Francis-alternatore, risalenti agli anni 1928 e 1930, \u00e8 di 1.008,45 metri slm. La seconda, pure del 1954, \u00e8 situata nel comune di Comelico Superiore ed utilizza l\u2019acqua del torrente Padola ed altri, secondari, pure affluenti del Piave. La quota degli assi orizzontali dei due gruppi turbina Pelton a doppia girante-alternatore, \u00e8 di 1.024,74 metri. Le centrali di Somprade, Ponte Malon e Val da Rin: \u201cAlle acque dell\u2019Ansiei, affluente del Piave e raccolte a quota 1296, lungo la galleria di derivazione, si aggiungono quelle di alcuni rii: Rudavoi, Sorapis, San Vito ed arrivano alla vasca di carico di Stabin da dove si diparte la derivazione verso il pozzo piezometrico ove giungono da un altro canale derivatore, gli apporti di altri rii: Val Cengia, Val Marzon, quest\u2019ultimo captato anche attraverso un sistema di pompaggio. Viene in tal modo alimentata la centrale di Somprade, nel comune di Auronzo di Cadore, in servizio dal 1959. L\u2019asse orizzontale di macchina del gruppo Pelton a doppia girante-alternatore \u00e8 a 907. 25 metri di quota. Lo scarico, attraverso un sifone si congiunge alle acque captate in prossimit\u00e0 dello stesso Ansiei e quindi allo scarico della centrale di Val da Rin, Con una galleria viene in tal modo alimentata la centrale di Ponte Malon, pure in territorio auronzano, entrata in servizio nel 1957. L\u2019asse delle giranti dei due gruppi verticali turbina Francis-alternatore \u00e8 a quota 836,60. Lo scarico della centrale, posta in coda al bacino di Santa Caterina si riversa in esso. La terza \u00e8 la piccola centrale di Val da Rin, anch\u2019essa ad Auronzo: utilizza le acque dei rii Da Rin e Poorse; in servizio dal 1958, l\u2019asse dei due gruppi orizzontali turbina Francis (del 1944)-generatore asincrono (del 1980) \u00e8 a quota 1002,43. Tocca al capitolo intitolato \u201cDiga e bacino del Comelico sul Piave\u201d: costruita nel 1930-31 la diga sbarra la valle del Comelico subito a monte di Cima Gogna, alla confluenza del Piave con l\u2019Ansiei; \u00e8 del tipo a volta a doppia curvatura, simmetrica, dell\u2019altezza di 66 metri e mezzo, sviluppo al coronamento di 113 metri e volume di 31 mila 500 metri cubi. Col rinnovamento dell\u2019impianto di Pelos, avvenuto nel 1976, anche la presa e lo scarico del Comelico furono oggetto di modifiche. Viene precisato che \u201cLa nuova opera di presa ha la soglia a quota 801,72 ed \u00e8 intercettabile con una paratoia a strisciamento di 2,30 per 2,45 metri installata nella camera dell\u2019attuale paratoia, mentre paratoia e valvole a fuso esistenti sono state smantellate. Il nuovo scarico di fondo, realizzato in sponda destra, ha soglia a quota 802 metri ed \u00e8 munito di due paratoie in serie, entrambe da 3 per 4,10 metri e \u201cpu\u00f2 intervenire a sussidio dell\u2019esistente scarico di fondo, in caso di piene eccezionali. Le portate scaricate vengono fatte defluire attraverso la galleria del vecchio scarico di mezzo fondo, opportunamente allargata e rivestita\u201d. E concludiamo questo servizio (sull\u2019argomento torneremo senz\u2019altro) soffermandoci brevemente su \u201cDiga e bacino di Santa Caterina di Auronzo sull\u2019Ansiei\u201d, del quale si legge che: \u201cLa diga di Santa Caterina d\u2019Auronzo, costruita nel 1930-31, sbarra la valle dell\u2019Ansiei a Santa Caterina presso Auronzo; \u00e8 del tipo a gravit\u00f2 tracimabile, a pianta leggermente arcuata, dell\u2019altezza di 58 metri e mezzo, sviluppo al coronamento di 185 metri e volume di 92 mila 500 metri cubi. Nel 1976, a seguito del rinnovamento dell\u2019impianto di Pelos anche le opere di Santa Caterina sono state adeguate. Per la derivazione dal bacino con soglia a quota 799,05 metri \u00e8 stato in parte utilizzato il manufatto esistente: le paratoie e le valvole a fuso sono state smantellate e, al posto di queste ultime, \u00e8 stata installata una paratoiaiii piana a strisciamento delle dimensioni di 2,30 per 2,35 metri.<\/p>\n\n\t\t\t<style type='text\/css'>\n\t\t\t\t#gallery-3 {\n\t\t\t\t\tmargin: auto;\n\t\t\t\t}\n\t\t\t\t#gallery-3 .gallery-item {\n\t\t\t\t\tfloat: left;\n\t\t\t\t\tmargin-top: 10px;\n\t\t\t\t\ttext-align: center;\n\t\t\t\t\twidth: 20%;\n\t\t\t\t}\n\t\t\t\t#gallery-3 img {\n\t\t\t\t\tborder: 2px solid #cfcfcf;\n\t\t\t\t}\n\t\t\t\t#gallery-3 .gallery-caption {\n\t\t\t\t\tmargin-left: 0;\n\t\t\t\t}\n\t\t\t\t\/* see gallery_shortcode() in wp-includes\/media.php *\/\n\t\t\t<\/style>\n\t\t<div id='gallery-3' class='dt-gallery-container gallery galleryid-245689 gallery-columns-5 gallery-size-thumbnail'><dl class='gallery-item'>\n\t\t\t\t<dt class='gallery-icon portrait'>\n\t\t\t\t\t<a class=\"rollover rollover-zoom dt-pswp-item\" title=\"262694788_1250300645450384_7424316791671334647_n\" data-dt-img-description=\"\" data-large_image_width=\"180\" data-large_image_height=\"206\"href='https:\/\/www.radiopiu.net\/wordpress\/wp-content\/uploads\/2021\/11\/262694788_1250300645450384_7424316791671334647_n.jpg'><img loading=\"lazy\" decoding=\"async\" width=\"150\" height=\"150\" src=\"https:\/\/www.radiopiu.net\/wordpress\/wp-content\/uploads\/2021\/11\/262694788_1250300645450384_7424316791671334647_n-150x150.jpg\" class=\"attachment-thumbnail size-thumbnail\" alt=\"\" \/><\/a>\n\t\t\t\t<\/dt><\/dl><dl class='gallery-item'>\n\t\t\t\t<dt class='gallery-icon portrait'>\n\t\t\t\t\t<a class=\"rollover rollover-zoom dt-pswp-item\" title=\"262571558_288857156583277_4700471303183957711_n\" data-dt-img-description=\"\" data-large_image_width=\"189\" data-large_image_height=\"206\"href='https:\/\/www.radiopiu.net\/wordpress\/wp-content\/uploads\/2021\/11\/262571558_288857156583277_4700471303183957711_n.jpg'><img loading=\"lazy\" decoding=\"async\" width=\"150\" height=\"150\" src=\"https:\/\/www.radiopiu.net\/wordpress\/wp-content\/uploads\/2021\/11\/262571558_288857156583277_4700471303183957711_n-150x150.jpg\" class=\"attachment-thumbnail size-thumbnail\" alt=\"\" \/><\/a>\n\t\t\t\t<\/dt><\/dl><dl class='gallery-item'>\n\t\t\t\t<dt class='gallery-icon landscape'>\n\t\t\t\t\t<a class=\"rollover rollover-zoom dt-pswp-item\" title=\"262445543_650768439258460_71809951623657643_n\" data-dt-img-description=\"\" data-large_image_width=\"228\" data-large_image_height=\"206\"href='https:\/\/www.radiopiu.net\/wordpress\/wp-content\/uploads\/2021\/11\/262445543_650768439258460_71809951623657643_n.jpg'><img loading=\"lazy\" decoding=\"async\" width=\"150\" height=\"150\" src=\"https:\/\/www.radiopiu.net\/wordpress\/wp-content\/uploads\/2021\/11\/262445543_650768439258460_71809951623657643_n-150x150.jpg\" class=\"attachment-thumbnail size-thumbnail\" alt=\"\" \/><\/a>\n\t\t\t\t<\/dt><\/dl><dl class='gallery-item'>\n\t\t\t\t<dt class='gallery-icon landscape'>\n\t\t\t\t\t<a class=\"rollover rollover-zoom dt-pswp-item\" title=\"262363251_638569753943836_3513312950240388986_n\" data-dt-img-description=\"\" data-large_image_width=\"261\" data-large_image_height=\"200\"href='https:\/\/www.radiopiu.net\/wordpress\/wp-content\/uploads\/2021\/11\/262363251_638569753943836_3513312950240388986_n.jpg'><img loading=\"lazy\" decoding=\"async\" width=\"150\" height=\"150\" src=\"https:\/\/www.radiopiu.net\/wordpress\/wp-content\/uploads\/2021\/11\/262363251_638569753943836_3513312950240388986_n-150x150.jpg\" class=\"attachment-thumbnail size-thumbnail\" alt=\"\" \/><\/a>\n\t\t\t\t<\/dt><\/dl><dl class='gallery-item'>\n\t\t\t\t<dt class='gallery-icon landscape'>\n\t\t\t\t\t<a class=\"rollover rollover-zoom dt-pswp-item\" title=\"262163502_441282427503409_489475465592190441_n\" data-dt-img-description=\"\" data-large_image_width=\"317\" data-large_image_height=\"206\"href='https:\/\/www.radiopiu.net\/wordpress\/wp-content\/uploads\/2021\/11\/262163502_441282427503409_489475465592190441_n.jpg'><img loading=\"lazy\" decoding=\"async\" width=\"150\" height=\"150\" src=\"https:\/\/www.radiopiu.net\/wordpress\/wp-content\/uploads\/2021\/11\/262163502_441282427503409_489475465592190441_n-150x150.jpg\" class=\"attachment-thumbnail size-thumbnail\" alt=\"\" \/><\/a>\n\t\t\t\t<\/dt><\/dl><br style=\"clear: both\" \/><dl class='gallery-item'>\n\t\t\t\t<dt class='gallery-icon landscape'>\n\t\t\t\t\t<a class=\"rollover rollover-zoom dt-pswp-item\" title=\"262571711_380735253830609_8050944829518035961_n\" data-dt-img-description=\"\" data-large_image_width=\"257\" data-large_image_height=\"206\"href='https:\/\/www.radiopiu.net\/wordpress\/wp-content\/uploads\/2021\/11\/262571711_380735253830609_8050944829518035961_n.jpg'><img loading=\"lazy\" decoding=\"async\" width=\"150\" height=\"150\" src=\"https:\/\/www.radiopiu.net\/wordpress\/wp-content\/uploads\/2021\/11\/262571711_380735253830609_8050944829518035961_n-150x150.jpg\" class=\"attachment-thumbnail size-thumbnail\" alt=\"\" \/><\/a>\n\t\t\t\t<\/dt><\/dl><dl class='gallery-item'>\n\t\t\t\t<dt class='gallery-icon landscape'>\n\t\t\t\t\t<a class=\"rollover rollover-zoom dt-pswp-item\" title=\"262766916_422276556197644_6071878512516759846_n\" data-dt-img-description=\"\" data-large_image_width=\"296\" data-large_image_height=\"202\"href='https:\/\/www.radiopiu.net\/wordpress\/wp-content\/uploads\/2021\/11\/262766916_422276556197644_6071878512516759846_n.jpg'><img loading=\"lazy\" decoding=\"async\" width=\"150\" height=\"150\" src=\"https:\/\/www.radiopiu.net\/wordpress\/wp-content\/uploads\/2021\/11\/262766916_422276556197644_6071878512516759846_n-150x150.jpg\" class=\"attachment-thumbnail size-thumbnail\" alt=\"\" \/><\/a>\n\t\t\t\t<\/dt><\/dl><dl class='gallery-item'>\n\t\t\t\t<dt class='gallery-icon landscape'>\n\t\t\t\t\t<a class=\"rollover rollover-zoom dt-pswp-item\" title=\"262859507_1079613152850986_3010511349359425762_n\" data-dt-img-description=\"\" data-large_image_width=\"314\" data-large_image_height=\"206\"href='https:\/\/www.radiopiu.net\/wordpress\/wp-content\/uploads\/2021\/11\/262859507_1079613152850986_3010511349359425762_n.jpg'><img loading=\"lazy\" decoding=\"async\" width=\"150\" height=\"150\" src=\"https:\/\/www.radiopiu.net\/wordpress\/wp-content\/uploads\/2021\/11\/262859507_1079613152850986_3010511349359425762_n-150x150.jpg\" class=\"attachment-thumbnail size-thumbnail\" alt=\"\" \/><\/a>\n\t\t\t\t<\/dt><\/dl><dl class='gallery-item'>\n\t\t\t\t<dt class='gallery-icon landscape'>\n\t\t\t\t\t<a class=\"rollover rollover-zoom dt-pswp-item\" title=\"262322909_1636371170094544_6992639131875033583_n\" data-dt-img-description=\"\" data-large_image_width=\"293\" data-large_image_height=\"206\"href='https:\/\/www.radiopiu.net\/wordpress\/wp-content\/uploads\/2021\/11\/262322909_1636371170094544_6992639131875033583_n.jpg'><img loading=\"lazy\" decoding=\"async\" width=\"150\" height=\"150\" src=\"https:\/\/www.radiopiu.net\/wordpress\/wp-content\/uploads\/2021\/11\/262322909_1636371170094544_6992639131875033583_n-150x150.jpg\" class=\"attachment-thumbnail size-thumbnail\" alt=\"\" \/><\/a>\n\t\t\t\t<\/dt><\/dl><dl class='gallery-item'>\n\t\t\t\t<dt class='gallery-icon landscape'>\n\t\t\t\t\t<a class=\"rollover rollover-zoom dt-pswp-item\" title=\"262602576_646929019782886_1495065174027683221_n\" data-dt-img-description=\"\" data-large_image_width=\"281\" data-large_image_height=\"206\"href='https:\/\/www.radiopiu.net\/wordpress\/wp-content\/uploads\/2021\/11\/262602576_646929019782886_1495065174027683221_n.jpg'><img loading=\"lazy\" decoding=\"async\" width=\"150\" height=\"150\" src=\"https:\/\/www.radiopiu.net\/wordpress\/wp-content\/uploads\/2021\/11\/262602576_646929019782886_1495065174027683221_n-150x150.jpg\" class=\"attachment-thumbnail size-thumbnail\" alt=\"\" \/><\/a>\n\t\t\t\t<\/dt><\/dl><br style=\"clear: both\" \/><dl class='gallery-item'>\n\t\t\t\t<dt class='gallery-icon landscape'>\n\t\t\t\t\t<a class=\"rollover rollover-zoom dt-pswp-item\" title=\"262428972_266988068630642_5524139394889243974_n\" data-dt-img-description=\"\" data-large_image_width=\"295\" data-large_image_height=\"206\"href='https:\/\/www.radiopiu.net\/wordpress\/wp-content\/uploads\/2021\/11\/262428972_266988068630642_5524139394889243974_n.jpg'><img loading=\"lazy\" decoding=\"async\" width=\"150\" height=\"150\" src=\"https:\/\/www.radiopiu.net\/wordpress\/wp-content\/uploads\/2021\/11\/262428972_266988068630642_5524139394889243974_n-150x150.jpg\" class=\"attachment-thumbnail size-thumbnail\" alt=\"\" \/><\/a>\n\t\t\t\t<\/dt><\/dl><dl class='gallery-item'>\n\t\t\t\t<dt class='gallery-icon landscape'>\n\t\t\t\t\t<a class=\"rollover rollover-zoom dt-pswp-item\" title=\"262860622_934884403832420_158378177906107598_n\" data-dt-img-description=\"\" data-large_image_width=\"277\" data-large_image_height=\"206\"href='https:\/\/www.radiopiu.net\/wordpress\/wp-content\/uploads\/2021\/11\/262860622_934884403832420_158378177906107598_n.jpg'><img loading=\"lazy\" decoding=\"async\" width=\"150\" height=\"150\" src=\"https:\/\/www.radiopiu.net\/wordpress\/wp-content\/uploads\/2021\/11\/262860622_934884403832420_158378177906107598_n-150x150.jpg\" class=\"attachment-thumbnail size-thumbnail\" alt=\"\" \/><\/a>\n\t\t\t\t<\/dt><\/dl><dl class='gallery-item'>\n\t\t\t\t<dt class='gallery-icon landscape'>\n\t\t\t\t\t<a class=\"rollover rollover-zoom dt-pswp-item\" title=\"262671964_958705935041842_3615874448116420240_n\" data-dt-img-description=\"\" data-large_image_width=\"315\" data-large_image_height=\"206\"href='https:\/\/www.radiopiu.net\/wordpress\/wp-content\/uploads\/2021\/11\/262671964_958705935041842_3615874448116420240_n.jpg'><img loading=\"lazy\" decoding=\"async\" width=\"150\" height=\"150\" src=\"https:\/\/www.radiopiu.net\/wordpress\/wp-content\/uploads\/2021\/11\/262671964_958705935041842_3615874448116420240_n-150x150.jpg\" class=\"attachment-thumbnail size-thumbnail\" alt=\"\" \/><\/a>\n\t\t\t\t<\/dt><\/dl><dl class='gallery-item'>\n\t\t\t\t<dt class='gallery-icon portrait'>\n\t\t\t\t\t<a class=\"rollover rollover-zoom dt-pswp-item\" title=\"262583907_289062443141732_3152414723809633126_n\" data-dt-img-description=\"\" data-large_image_width=\"156\" data-large_image_height=\"296\"href='https:\/\/www.radiopiu.net\/wordpress\/wp-content\/uploads\/2021\/11\/262583907_289062443141732_3152414723809633126_n.jpg'><img loading=\"lazy\" decoding=\"async\" width=\"150\" height=\"150\" src=\"https:\/\/www.radiopiu.net\/wordpress\/wp-content\/uploads\/2021\/11\/262583907_289062443141732_3152414723809633126_n-150x150.jpg\" class=\"attachment-thumbnail size-thumbnail\" alt=\"\" \/><\/a>\n\t\t\t\t<\/dt><\/dl><dl class='gallery-item'>\n\t\t\t\t<dt class='gallery-icon portrait'>\n\t\t\t\t\t<a class=\"rollover rollover-zoom dt-pswp-item\" title=\"262501478_857015401646976_5182342332471991005_n\" data-dt-img-description=\"\" data-large_image_width=\"160\" data-large_image_height=\"280\"href='https:\/\/www.radiopiu.net\/wordpress\/wp-content\/uploads\/2021\/11\/262501478_857015401646976_5182342332471991005_n.jpg'><img loading=\"lazy\" decoding=\"async\" width=\"150\" height=\"150\" src=\"https:\/\/www.radiopiu.net\/wordpress\/wp-content\/uploads\/2021\/11\/262501478_857015401646976_5182342332471991005_n-150x150.jpg\" class=\"attachment-thumbnail size-thumbnail\" alt=\"\" \/><\/a>\n\t\t\t\t<\/dt><\/dl><br style=\"clear: both\" \/>\n\t\t\t<\/div>\n\n<p>NELLE FOTO (riproduzioni dal libro \u201cImpianti del Piave. Sistema nord-orientale\u201d edito dall\u2019Enel): la copertina della pubblicazione; la planimetria generale; il profilo longitudinale del sistema nord-orientale; la centrale di Campolongo; quella di Sopal\u00f9; centrale di Somprade; quella di Ponte Malon; il piccolo impianto di Val da Rin; diga e bacino del Comelico sul Piave; diga e bacino di Santa Caterina di Auronzo sull\u2019Ansiei.<\/p>\n<p>&nbsp;<\/p>\n<hr \/>\n<blockquote>\n<h3><\/h3>\n<h3>OSPEDALE DI AURONZO, LE MODIFICHE DEGLI ORARI<\/h3>\n<\/blockquote>\n<p><strong>AURONZO<\/strong>\u00a0 L\u2019Ufficio da oggi\u00a0 sar\u00e0 aperto all\u2019utenza il mercoled\u00ec pomeriggio dalle 14.00 alle 17.00 invece che il marted\u00ec per allinearsi con l\u2019attivit\u00e0 dell\u2019ambulatorio ortopedico e migliorare i servizi ai cittadini. L\u2019orario cassa, quindi, seguir\u00e0 i seguenti orari: \u00a0Luned\u00ec e venerdi 7:30-14 \u2981 Marted\u00ec 07:30 &#8211; 13\u00a0 \u2981 Mercoled\u00ec\u00a0 e giovedi 7:30 &#8211; 13 e 14 -17. Dal lunedi al venerdi dalle 11 alle 13\u00a0 il ritiro degli esami di laboratorio. Gli orari dell&#8217;anagrafe sanitaria: \u00a0luned\u00ec al venerd\u00ec dalle 10 alle 13<\/p>\n<p>&nbsp;<\/p>\n<p>&nbsp;<\/p>\n<hr \/>\n<p>&nbsp;<\/p>\n<blockquote>\n<h3>TERRE ALTE: E&#8217; LOTTA ALLO SPOPOLAMENTO COLTIVANDO IL TALENTO E LE COMPETENZE<\/h3>\n<\/blockquote>\n<p><strong>BELLUNO<\/strong> Sviluppare talenti tra i giovani delle terre alte perch\u00e9 possano rimanere e cogliere le opportunit\u00e0 presenti sul territorio dolomitico. \u00c8 una sfida promossa da Confindustria Belluno Dolomiti con una task-force transfrontaliera &#8211; che mette insieme Alto Bellunese, Osttirol e Val Pusteria. Azione focalizzata sulle terre alte e consiste in vere e proprie \u201csfide digitali\u201d lanciate da imprese o altri soggetti pubblici alle quali i giovani talenti devono rispondere realizzando elaborati specifici attraverso lavori di gruppo, workshop, incontri con imprenditori e amministratori \u201cI nostri ragazzi\u00a0 &#8211; dice Marco Da Rin Zanco, Presidente del Gruppo Giovani Imprenditori di Confindustria Belluno Dolomiti-\u00a0 chiedono risposte concrete: in un mondo sempre pi\u00f9 interconnesso, le infrastrutture materiali e immateriali sono la base per rompere l\u2019isolamento e accedere a tutte le opportunit\u00e0 dei loro coetanei che vivono in luoghi pi\u00f9 accessibili e comodi. \u201cI giovani delle terre alte meritano tutta l\u2019attenzione possibile, ma per farli rimanere dobbiamo dare loro ragioni concrete\u201d.<\/p>\n<p>&nbsp;<\/p>\n<p>&nbsp;<\/p>\n<p>&nbsp;<\/p>\n<hr \/>\n<p>&nbsp;<\/p>\n<blockquote>\n<h3>APERTO UN BANDO PUBBLICO PER 16 ATLETI DA INSERIRE NELLA POLIZIA DI STATO<\/h3>\n<\/blockquote>\n<p><strong>BELLUNO<\/strong> Nella Gazzetta Ufficiale del 19 novembre \u00e8 stato pubblicato un bando di concorso per l&#8217;assunzione di 16 atleti da assegnare ai gruppi sportivi della Polizia Di Stato Fiamme Oro che saranno inquadrati nel ruolo di agenti ed assistenti della Polizia di Stato. La domando di partecipazione deve essere compilata e trasmessa entro 30 giorni dalla data della pubblicazione in Gazzetta Ufficiale utilizzando la procedura informatica presente sul sito della polizia di stato <a href=\"https:\/\/concorsionline.poliziadistato.it\">https:\/\/concorsionline.poliziadistato.it<\/a><\/p>\n<p>&nbsp;<\/p>\n<p>&nbsp;<\/p>\n<hr \/>\n<p>&nbsp;<\/p>\n<blockquote>\n<h3>NUOVO CORSO PER L&#8217;AFFIDO FAMILIARE<\/h3>\n<\/blockquote>\n<p><strong>BELLUNO<\/strong> I Centri per l&#8217;Affido e la Solidariet\u00e0 Familiare\u00a0 dell&#8217;ULSS Dolomiti \u2013 \u00e8quipe di Belluno e Feltre \u2013 organizzano un corso informativo e formativo on-line sul tema dell&#8217;affido familiare, con l&#8217;auspicio che questa modalit\u00e0 possa coinvolgere pi\u00f9 facilmente un sempre maggior numero di persone da ogni parte della provincia. Il corso si svolger\u00e0 in modalit\u00e0 online il 6 dicembre dalle 17.45 alle 19.30.<\/p>\n<p>&nbsp;<\/p>\n<p>&nbsp;<\/p>\n<hr \/>\n<p>&nbsp;<\/p>\n<blockquote>\n<h3 dir=\"ltr\">MERCATINO DI NATALE A FALCADE<\/h3>\n<\/blockquote>\n<p dir=\"ltr\"><strong>FALCADE<\/strong>\u00a0 L&#8217;associazione albergatori, ristoratori e rifugi della Valle del Biois mette e disposizione le casette per i mercatini natalizi sulla piazza di Falcade per il periodo natalizio. Gli interessati ad esporre possono rivolgersi all&#8217;ufficio Promo Falcade, telefono 334 7230117 oppure 329 7603762<span id=\"page3R_mcid22\" class=\"markedContent\"><\/span><\/p>\n<p>&nbsp;<\/p>\n<p>&nbsp;<\/p>\n<hr \/>\n<p>&nbsp;<\/p>\n<blockquote>\n<h3><a href=\"https:\/\/www.radiopiu.net\/wordpress\/giornale-radiopiu-26-novembre-2021-direttore-mirko-mezzacasa\/260310310_2332862203516691_7796526027555226883_n\/\" rel=\"attachment wp-att-244979\"><img loading=\"lazy\" decoding=\"async\" class=\"wp-image-244979 alignleft\" src=\"https:\/\/www.radiopiu.net\/wordpress\/wp-content\/uploads\/2021\/11\/260310310_2332862203516691_7796526027555226883_n-212x300.jpg\" alt=\"\" width=\"100\" height=\"142\" srcset=\"https:\/\/www.radiopiu.net\/wordpress\/wp-content\/uploads\/2021\/11\/260310310_2332862203516691_7796526027555226883_n-212x300.jpg 212w, https:\/\/www.radiopiu.net\/wordpress\/wp-content\/uploads\/2021\/11\/260310310_2332862203516691_7796526027555226883_n.jpg 509w\" sizes=\"auto, (max-width: 100px) 100vw, 100px\" \/><\/a>I PRESEPI CON LA PROLOCO DI CANALE D&#8217;AGORDO<\/h3>\n<\/blockquote>\n<p>&nbsp;<\/p>\n<div dir=\"auto\"><strong>CANALE D&#8217;AGORDO<\/strong> Anche per questo Natale l&#8217;Associazione Pro Loco di Canale d&#8217;Agordo\u00a0 invita a partecipare all&#8217;iniziativa &#8220;I presepi dei Colmiei&#8221; e a segnalare le creazioni che verranno poi votate e premiate. Scrivere una mail a info@prolococanale.it oppure\u00a0 04371948001.<\/div>\n<div dir=\"auto\"><\/div>\n<p>&nbsp;<\/p>\n<hr \/>\n<p>&nbsp;<\/p>\n<blockquote>\n<h3>SANTA BARBARA CON I PERITI MINERARI DI AGORDO<\/h3>\n<\/blockquote>\n<p><strong>AGORDO<\/strong> \u00c8 in programma per sabato in sala Don Tamis il consueto appuntamento con Santa Barbara dei Periti Minerari. Ritrovo in chiesa alle 9:45 e sanata messa alle 10. In sala Don Tamis, a partire dalle 11 la consegna delle borse di studio agli studenti meritevoli. La cittadinanza \u00e8 invitata a partecipare<\/p>\n<p>&nbsp;<\/p>\n<p>&nbsp;<\/p>\n<hr \/>\n<p>&nbsp;<\/p>\n<blockquote>\n<h3>DOMENICA A SAN GREGORIO LA FESTA DI SANTA BARBARA<\/h3>\n<\/blockquote>\n<p><strong>SAN GREGORIO NELLE ALPI<\/strong> Il Gruppo Alpini di San Gregorio con la Protezione Civile organizzano per domenica la Festa di Santa Barbara. Alle 9:30 il raduno e alle 9:40 il corteo. Alle 10 la santa messa, seguir\u00e0 la processione per le vie del paese con rinfresco persso la sede degli Alpini alle 11:30.<\/p>\n<p>&nbsp;<\/p>\n<hr \/>\n<p>&nbsp;<\/p>\n<p>&nbsp;<\/p>\n<blockquote>\n<h3>LA FESTA AL COMANDO VIGILI DEL FUOCO<\/h3>\n<\/blockquote>\n<p><strong><a href=\"https:\/\/www.radiopiu.net\/wordpress\/domenica-esercitazione-dei-vigili-del-fuoco-a-falcade\/3ad5a980-5dd0-475a-991f-39b6c7d87e5c\/\" rel=\"attachment wp-att-222517\"><img loading=\"lazy\" decoding=\"async\" class=\" wp-image-222517 alignleft\" src=\"https:\/\/www.radiopiu.net\/wordpress\/wp-content\/uploads\/2021\/07\/3ad5a980-5dd0-475a-991f-39b6c7d87e5c-300x200.jpg\" alt=\"\" width=\"239\" height=\"159\" srcset=\"https:\/\/www.radiopiu.net\/wordpress\/wp-content\/uploads\/2021\/07\/3ad5a980-5dd0-475a-991f-39b6c7d87e5c-300x200.jpg 300w, https:\/\/www.radiopiu.net\/wordpress\/wp-content\/uploads\/2021\/07\/3ad5a980-5dd0-475a-991f-39b6c7d87e5c-1024x683.jpg 1024w, https:\/\/www.radiopiu.net\/wordpress\/wp-content\/uploads\/2021\/07\/3ad5a980-5dd0-475a-991f-39b6c7d87e5c-768x512.jpg 768w, https:\/\/www.radiopiu.net\/wordpress\/wp-content\/uploads\/2021\/07\/3ad5a980-5dd0-475a-991f-39b6c7d87e5c.jpg 1080w\" sizes=\"auto, (max-width: 239px) 100vw, 239px\" \/><\/a>BELLUNO\u00a0<\/strong> Sabato \u00a0cerimonia presso la sede centrale di via Col da Ren. Anche presso tutti i distaccamenti della provincia sono state previste delle parallele celebrazioni locali. Sua Eccellenza Monsignor Renato Marangoni, vescovo di Belluno, celebrer\u00e0 la Santa Messa alle 10.30\u00a0 presso la sede centrale. Alle 11.45 dopo gli onori al tricolore\u00a0 la benedizione del nuovo castello esercitativo di manovra. In occasione della cerimonia saranno consegnate le benemerenze (Croci di Anzianit\u00e0 e Diplomi di Lodevole Servizio) attribuite al personale dipendente nel corso di quest&#8217;anno. Il comandante provinciale, Antonio Del Gallo traccer\u00e0 un consuntivo delle attivit\u00e0 svolte nel corso dell&#8217;anno e tratteggiare le prospettive per il prossimo. Prima dell&#8217;inizio della cerimonia, alle\u00a0 10 sar\u00e0 deposta una corona d&#8217;alloro presso il monumento dei vigili del fuoco caduti in servizio, recentemente ricollocato nel piazzale del Comando.<\/p>\n<p>&nbsp;<\/p>\n<p>&nbsp;<\/p>\n<hr \/>\n<p>&nbsp;<\/p>\n<blockquote>\n<h2>ARTISTI\u00a0 CERCASI, PER UN POSTO IN VETRINA<\/h2>\n<\/blockquote>\n<p><strong><span lang=\"IT\"><a href=\"https:\/\/www.radiopiu.net\/wordpress\/giornale-radiopiu-26-novembre-2021-direttore-mirko-mezzacasa\/volantino-vetrine-estate-2021\/\" rel=\"attachment wp-att-244999\"><img loading=\"lazy\" decoding=\"async\" class=\" wp-image-244999 alignleft\" src=\"https:\/\/www.radiopiu.net\/wordpress\/wp-content\/uploads\/2021\/11\/Volantino-vetrine-estate-2021-300x169.png\" alt=\"\" width=\"250\" height=\"141\" srcset=\"https:\/\/www.radiopiu.net\/wordpress\/wp-content\/uploads\/2021\/11\/Volantino-vetrine-estate-2021-300x169.png 300w, https:\/\/www.radiopiu.net\/wordpress\/wp-content\/uploads\/2021\/11\/Volantino-vetrine-estate-2021-1024x576.png 1024w, https:\/\/www.radiopiu.net\/wordpress\/wp-content\/uploads\/2021\/11\/Volantino-vetrine-estate-2021-768x432.png 768w, https:\/\/www.radiopiu.net\/wordpress\/wp-content\/uploads\/2021\/11\/Volantino-vetrine-estate-2021-1536x864.png 1536w, https:\/\/www.radiopiu.net\/wordpress\/wp-content\/uploads\/2021\/11\/Volantino-vetrine-estate-2021.png 1920w\" sizes=\"auto, (max-width: 250px) 100vw, 250px\" \/><\/a><\/span>L&#8217;INTERVISTA, OSPITE L&#8217;ASSESSORE CHIARA FONTANIVE<\/strong><\/p>\n<p><strong>di Claudio Fontanive\u00a0\u00a0<\/strong><\/p>\n<audio class=\"wp-audio-shortcode\" id=\"audio-245689-8\" preload=\"none\" style=\"width: 100%;\" controls=\"controls\"><source type=\"audio\/mpeg\" src=\"https:\/\/www.radiopiu.net\/wordpress\/wp-content\/uploads\/2021\/11\/chiara-fontanive-29-novembre.mp3?_=8\" \/><a href=\"https:\/\/www.radiopiu.net\/wordpress\/wp-content\/uploads\/2021\/11\/chiara-fontanive-29-novembre.mp3\">https:\/\/www.radiopiu.net\/wordpress\/wp-content\/uploads\/2021\/11\/chiara-fontanive-29-novembre.mp3<\/a><\/audio>\n<blockquote>\n<h3><\/h3>\n<\/blockquote>\n<hr \/>\n<p>&nbsp;<\/p>\n<blockquote>\n<h3>CHIUDE IL DOCUFILM VERGOT<\/h3>\n<\/blockquote>\n<p><strong>FONZASO<\/strong> Ultimo appuntamento per \u201cNon \u00e8 solo questione di genere\u201d: la rassegna di promozione delle pari opportunit\u00e0. Domani alle \u00a020.30,\u00a0 all\u2019ex-scuola elementare di Arten\u00a0verr\u00e0 proiettato il docufilm trentino \u201cVergot\u201d: la storia di due fratelli, un padre esuberante e una madre invisibile ma presente.\u00a0 Dopo la proiezione discuteranno con il pubblico la regista Cecilia Bozza Wolf e i due protagonisti Alex e Gim Zancanella, moderati dal giovane sceneggiatore feltrino Alessandro Padovani e da Alberto Botte, componente della Commissione Pari Opportunit\u00e0 della Citt\u00e0 di Feltre. <span lang=\"IT\">La partecipazione \u00e8 gratuita, su prenotazione e norme covid: <\/span><span lang=\"IT\"><a href=\"https:\/\/dolomitihub.it\/vergot-2\/\">https:\/\/dolomitihub.it\/vergot-2\/<\/a><\/span><\/p>\n<p>&nbsp;<\/p>\n<p>&nbsp;<\/p>\n<hr \/>\n<p>&nbsp;<\/p>\n<h1><span style=\"color: #ff0000;\">IERI ALLA RADIO&#8230;\u00a0<\/span><\/h1>\n<blockquote>\n<h3>IL BUONGIORNO INNEVATO DA ARABBA, CON IL PRESIDENTE DE BATTISTA<\/h3>\n<\/blockquote>\n<h2><span style=\"color: #ff0000;\"><strong><img decoding=\"async\" class=\"alignleft\" src=\"https:\/\/www.radiopiu.net\/wordpress\/wp-content\/uploads\/2019\/12\/download-16.jpg\" \/>IERI ALLA RADIO\u00a0<\/strong><\/span><\/h2>\n<p>&nbsp;<\/p>\n<p><strong>OSPITE DIEGO DE BATTISTA PRESIDENTE CONSORZIO ARABBA-MARMOLADA\u00a0<\/strong><\/p>\n<p>&nbsp;<\/p>\n<p><strong>AUDIO<\/strong><\/p>\n<audio class=\"wp-audio-shortcode\" id=\"audio-245689-9\" preload=\"none\" style=\"width: 100%;\" controls=\"controls\"><source type=\"audio\/mpeg\" src=\"https:\/\/www.radiopiu.net\/wordpress\/wp-content\/uploads\/2021\/11\/diego-de-battista-30-novembre.mp3?_=9\" \/><a href=\"https:\/\/www.radiopiu.net\/wordpress\/wp-content\/uploads\/2021\/11\/diego-de-battista-30-novembre.mp3\">https:\/\/www.radiopiu.net\/wordpress\/wp-content\/uploads\/2021\/11\/diego-de-battista-30-novembre.mp3<\/a><\/audio>\n<p>&nbsp;<\/p>\n<p>&nbsp;<\/p>\n<p>&nbsp;<\/p>\n<hr \/>\n<p>&nbsp;<\/p>\n<div>\n<div class=\"b654a4as d2edcug0\">\n<div class=\"rq0escxv hkbzh7o3 jwdofwj8 n8tt0mok r8blr3vg hyh9befq\">\n<p><a class=\"dt-pswp-item\" href=\"https:\/\/www.radiopiu.net\/wordpress\/wp-content\/uploads\/2020\/10\/pp.jpg\" data-dt-img-description=\"\" data-large_image_width=\"640\" data-large_image_height=\"640\"><img loading=\"lazy\" decoding=\"async\" class=\"wp-image-163678 alignleft\" src=\"https:\/\/www.radiopiu.net\/wordpress\/wp-content\/uploads\/2020\/10\/pp-300x300.jpg\" alt=\"\" width=\"106\" height=\"106\" srcset=\"https:\/\/www.radiopiu.net\/wordpress\/wp-content\/uploads\/2020\/10\/pp-300x300.jpg 300w, https:\/\/www.radiopiu.net\/wordpress\/wp-content\/uploads\/2020\/10\/pp-150x150.jpg 150w, https:\/\/www.radiopiu.net\/wordpress\/wp-content\/uploads\/2020\/10\/pp-125x125.jpg 125w, https:\/\/www.radiopiu.net\/wordpress\/wp-content\/uploads\/2020\/10\/pp-200x200.jpg 200w, https:\/\/www.radiopiu.net\/wordpress\/wp-content\/uploads\/2020\/10\/pp-80x80.jpg 80w, https:\/\/www.radiopiu.net\/wordpress\/wp-content\/uploads\/2020\/10\/pp-480x480.jpg 480w, https:\/\/www.radiopiu.net\/wordpress\/wp-content\/uploads\/2020\/10\/pp.jpg 640w\" sizes=\"auto, (max-width: 106px) 100vw, 106px\" \/><\/a><\/p>\n<\/div>\n<\/div>\n<\/div>\n<div>\n<div class=\"page-title-head hgroup\">\n<div class=\"page-title-head hgroup\">\n<div class=\"b654a4as d2edcug0\">\n<div class=\"j83agx80 btwxx1t3 lhclo0ds hop8lmos nkwizq5d scwd0bx6 roh60bw9\">\n<div class=\"rq0escxv hkbzh7o3 jwdofwj8 n8tt0mok r8blr3vg hyh9befq\">\n<div class=\"do00u71z l9j0dhe7 k4urcfbm\">\n<h2><span style=\"color: #000080;\">DON CESARE, IL PENSIERO DEL GIORNO. ALLA RADIO ALLE 7 DEL MATTINO E ALLE 19.30 DELLA SERA.\u00a0\u00a0<\/span><\/h2>\n<p>&nbsp;<\/p>\n<audio class=\"wp-audio-shortcode\" id=\"audio-245689-10\" preload=\"none\" style=\"width: 100%;\" controls=\"controls\"><source type=\"audio\/mpeg\" src=\"https:\/\/www.radiopiu.net\/wordpress\/wp-content\/uploads\/2021\/12\/cesare.mp3?_=10\" \/><a href=\"https:\/\/www.radiopiu.net\/wordpress\/wp-content\/uploads\/2021\/12\/cesare.mp3\">https:\/\/www.radiopiu.net\/wordpress\/wp-content\/uploads\/2021\/12\/cesare.mp3<\/a><\/audio>\n<p>&nbsp;<\/p>\n<p>&nbsp;<\/p>\n<hr \/>\n<p>&nbsp;<\/p>\n<blockquote>\n<h3>IN VIVO VERSO, SETTIMA STAGIONE CON BRUNELLA MORO, DAL LUNEDI AL VENERDI ALLE 7.10, 10.10 E 18.50<\/h3>\n<h3>LUCE di CARLO MOLINARI<\/h3>\n<\/blockquote>\n<p>&nbsp;<\/p>\n<p><strong>AUDIO<\/strong><\/p>\n<audio class=\"wp-audio-shortcode\" id=\"audio-245689-11\" preload=\"none\" style=\"width: 100%;\" controls=\"controls\"><source type=\"audio\/mpeg\" src=\"https:\/\/www.radiopiu.net\/wordpress\/wp-content\/uploads\/2021\/11\/02-CARLO-MOLINARI_LUCE-1.mp3?_=11\" \/><a href=\"https:\/\/www.radiopiu.net\/wordpress\/wp-content\/uploads\/2021\/11\/02-CARLO-MOLINARI_LUCE-1.mp3\">https:\/\/www.radiopiu.net\/wordpress\/wp-content\/uploads\/2021\/11\/02-CARLO-MOLINARI_LUCE-1.mp3<\/a><\/audio>\n<p>&nbsp;<\/p>\n<p><a href=\"https:\/\/www.radiopiu.net\/wordpress\/giornale-radiopiu-19-febbraio-2020-direttore-mirko-mezzacasa\/foto-carlo-molinari\/\" rel=\"attachment wp-att-118157\"><img loading=\"lazy\" decoding=\"async\" class=\" wp-image-118157 alignleft\" src=\"https:\/\/www.radiopiu.net\/wordpress\/wp-content\/uploads\/2020\/02\/FOTO-CARLO-MOLINARI-300x250.jpg\" alt=\"\" width=\"227\" height=\"189\" srcset=\"https:\/\/www.radiopiu.net\/wordpress\/wp-content\/uploads\/2020\/02\/FOTO-CARLO-MOLINARI-300x250.jpg 300w, https:\/\/www.radiopiu.net\/wordpress\/wp-content\/uploads\/2020\/02\/FOTO-CARLO-MOLINARI.jpg 505w\" sizes=\"auto, (max-width: 227px) 100vw, 227px\" \/><\/a>Luna, che t&#8217; ingarbugli tremula<br \/>\ntra nubi arruffate come due amanti,<br \/>\nrifulgi, riluci, abbagli, canti di tuo<br \/>\ntra uno sparpagliar di stelle come gigli<br \/>\ne le pareti del cielo che si ricamano di luce,<br \/>\nstanotte di luce, il buio \u00e8 sgomento<br \/>\ne cede il sipario al cosmo smerigliante,<br \/>\nl\u00e0 sorgeranno i boccioli delle galassie<br \/>\nsfavillanti come brillanti di corona regale,<br \/>\nfoglie laminate d&#8217;oro d&#8217;un puro universo,<br \/>\ne le lacrime s&#8217;eleveranno a tergersi<br \/>\ne i popoli si chineranno di fronte all&#8217;eterno<\/p>\n<p><strong>LA RACCOLTA COMPLETA\u00a0 \u00a0<\/strong><\/p>\n<blockquote class=\"wp-embedded-content\" data-secret=\"GzLvaugkIX\"><p><a href=\"https:\/\/www.radiopiu.net\/wordpress\/in-vivo-verso\/\">In Vivo Verso<\/a><\/p><\/blockquote>\n<p><iframe loading=\"lazy\" class=\"wp-embedded-content\" sandbox=\"allow-scripts\" security=\"restricted\" style=\"position: absolute; clip: rect(1px, 1px, 1px, 1px);\" title=\"&#8220;In Vivo Verso&#8221; &#8212; Radio Pi\u00f9\" src=\"https:\/\/www.radiopiu.net\/wordpress\/in-vivo-verso\/embed\/#?secret=GzLvaugkIX\" data-secret=\"GzLvaugkIX\" width=\"600\" height=\"338\" frameborder=\"0\" marginwidth=\"0\" marginheight=\"0\" scrolling=\"no\"><\/iframe><\/p>\n<p>&nbsp;<\/p>\n<p>&nbsp;<\/p>\n<hr \/>\n<p>&nbsp;<\/p>\n<h2><strong><span style=\"color: #000000;\">CONNESSI di Luisa Manfroi\u00a0 la settima puntata\u00a0 \u00a0<\/span><\/strong><\/h2>\n<audio class=\"wp-audio-shortcode\" id=\"audio-245689-12\" preload=\"none\" style=\"width: 100%;\" controls=\"controls\"><source type=\"audio\/mpeg\" src=\"https:\/\/www.radiopiu.net\/wordpress\/wp-content\/uploads\/2021\/11\/7-Bufale-e-fake-news-quando-la-rete-fa-disinformazione.mp3?_=12\" \/><a href=\"https:\/\/www.radiopiu.net\/wordpress\/wp-content\/uploads\/2021\/11\/7-Bufale-e-fake-news-quando-la-rete-fa-disinformazione.mp3\">https:\/\/www.radiopiu.net\/wordpress\/wp-content\/uploads\/2021\/11\/7-Bufale-e-fake-news-quando-la-rete-fa-disinformazione.mp3<\/a><\/audio>\n<p>&nbsp;<\/p>\n<div>\n<div class=\"page-title-head hgroup\">\n<div class=\"page-title-head hgroup\">\n<div class=\"b654a4as d2edcug0\">\n<div class=\"j83agx80 btwxx1t3 lhclo0ds hop8lmos nkwizq5d scwd0bx6 roh60bw9\">\n<div class=\"rq0escxv hkbzh7o3 jwdofwj8 n8tt0mok r8blr3vg hyh9befq\">\n<div class=\"do00u71z l9j0dhe7 k4urcfbm\">\n<div class=\"ecm0bbzt e5nlhep0 a8c37x1j\">\n<div class=\"kvgmc6g5 cxmmr5t8 oygrvhab hcukyx3x c1et5uql\">\n<div class=\"gmail-kvgmc6g5 gmail-cxmmr5t8 gmail-oygrvhab gmail-hcukyx3x gmail-c1et5uql gmail-ii04i59q\">\n<div class=\"page-title-head hgroup\">\n<div class=\"page-title-head hgroup\">\n<div class=\"b654a4as d2edcug0\">\n<div class=\"j83agx80 btwxx1t3 lhclo0ds hop8lmos nkwizq5d scwd0bx6 roh60bw9\">\n<div class=\"rq0escxv hkbzh7o3 jwdofwj8 n8tt0mok r8blr3vg hyh9befq\">\n<div class=\"do00u71z l9j0dhe7 k4urcfbm\">\n<blockquote class=\"wp-embedded-content\" data-secret=\"ixjvI6VDy4\"><p><a href=\"https:\/\/www.radiopiu.net\/wordpress\/connessi-2\/\">Connessi<\/a><\/p><\/blockquote>\n<p><iframe loading=\"lazy\" class=\"wp-embedded-content\" sandbox=\"allow-scripts\" security=\"restricted\" style=\"position: absolute; clip: rect(1px, 1px, 1px, 1px);\" title=\"&#8220;Connessi&#8221; &#8212; Radio Pi\u00f9\" src=\"https:\/\/www.radiopiu.net\/wordpress\/connessi-2\/embed\/#?secret=ixjvI6VDy4\" data-secret=\"ixjvI6VDy4\" width=\"600\" height=\"338\" frameborder=\"0\" marginwidth=\"0\" marginheight=\"0\" scrolling=\"no\"><\/iframe><\/p>\n<p>&nbsp;<\/p>\n<p>&nbsp;<\/p>\n<hr \/>\n<p>&nbsp;<\/p>\n<p><span style=\"color: #0000ff;\">MUSICA PIU&#8217;\u00a0<\/span><\/p>\n<p><a href=\"https:\/\/www.radiopiu.net\/wordpress\/giornale-radiopiu-20-settembre-2021-direttore-mirko-mezzacasa\/pp-79\/\" rel=\"attachment wp-att-232921\"><img loading=\"lazy\" decoding=\"async\" class=\"wp-image-232921 alignleft\" src=\"https:\/\/www.radiopiu.net\/wordpress\/wp-content\/uploads\/2021\/09\/pp-1-300x300.jpg\" alt=\"\" width=\"135\" height=\"135\" srcset=\"https:\/\/www.radiopiu.net\/wordpress\/wp-content\/uploads\/2021\/09\/pp-1-300x300.jpg 300w, https:\/\/www.radiopiu.net\/wordpress\/wp-content\/uploads\/2021\/09\/pp-1-150x150.jpg 150w, https:\/\/www.radiopiu.net\/wordpress\/wp-content\/uploads\/2021\/09\/pp-1.jpg 640w\" sizes=\"auto, (max-width: 135px) 100vw, 135px\" \/><\/a><\/p>\n<div class=\"mkdf-post-text\">\n<div class=\"mkdf-post-text-inner\">\n<div class=\"mkdf-post-text-main\">\n<div class=\"mkdf-post-text\">\n<div class=\"mkdf-post-text-inner\">\n<div class=\"mkdf-post-text-main\">\n<div class=\"mkdf-post-text\">\n<div class=\"mkdf-post-text-inner\">\n<div class=\"mkdf-post-text-main\">\n<div class=\"page-title-head hgroup\">\n<div class=\"page-title-head hgroup\">\n<div class=\"mkdf-post-text\">\n<div class=\"mkdf-post-text-inner\">\n<div class=\"mkdf-post-text-main\">\n<div class=\"mkdf-post-text\">\n<div class=\"mkdf-post-text-inner\">\n<div class=\"mkdf-post-text-main\">\n<div class=\"page-title-head hgroup\">\n<div class=\"page-title-head hgroup\">\n<div class=\"page-title-head hgroup\">\n<div class=\"page-title-head hgroup\">\n<div class=\"b654a4as d2edcug0\">\n<div class=\"page-title-head hgroup\">\n<div class=\"page-title-head hgroup\">\n<div class=\"page-title-head hgroup\">\n<div class=\"page-title-head hgroup\">\n<div class=\"b654a4as d2edcug0\">\n<div class=\"page-title-head hgroup\">\n<div class=\"page-title-head hgroup\">\n<div class=\"page-title-head hgroup\">\n<div class=\"page-title-head hgroup\">\n<div class=\"b654a4as d2edcug0\">\n<div class=\"mkdf-post-text\">\n<div class=\"mkdf-post-text-inner\">\n<div class=\"mkdf-post-text-main\">\n<div class=\"mkdf-post-text\">\n<div class=\"mkdf-post-text-inner\">\n<div class=\"mkdf-post-text-main\">\n<div class=\"mkdf-post-text\">\n<div class=\"mkdf-post-text-inner\">\n<div class=\"mkdf-post-text-main\">\n<div class=\"page-title-head hgroup\">\n<div class=\"page-title-head hgroup\">\n<div class=\"mkdf-post-text\">\n<div class=\"mkdf-post-text-inner\">\n<div class=\"mkdf-post-text-main\">\n<div class=\"mkdf-post-text\">\n<div class=\"mkdf-post-text-inner\">\n<div class=\"mkdf-post-text-main\">\n<div class=\"page-title-head hgroup\">\n<div class=\"page-title-head hgroup\">\n<div class=\"page-title-head hgroup\">\n<div class=\"page-title-head hgroup\">\n<div class=\"b654a4as d2edcug0\">\n<div class=\"page-title-head hgroup\">\n<div class=\"page-title-head hgroup\">\n<div class=\"page-title-head hgroup\">\n<div class=\"page-title-head hgroup\">\n<div class=\"b654a4as d2edcug0\">\n<div class=\"page-title-head hgroup\">\n<div class=\"page-title-head hgroup\">\n<div class=\"page-title-head hgroup\">\n<div class=\"page-title-head hgroup\">\n<div class=\"b654a4as d2edcug0\">\n<div><\/div>\n<div><\/div>\n<div>\n<p><strong>MUSICA ALLA RADIO, IL PROGRAMMA DI LORIS SCUSSEL &#8220;COLLAGE OPERAZIONE NOSTALGIA&#8221; DAL LUNEDI AL VENERDI ALLE 16.00\u00a0 E ALLE 23\u00a0<\/strong><\/p>\n<\/div>\n<p>&nbsp;<\/p>\n<p>&nbsp;<\/p>\n<p><strong>LA PUNTATA DI IERI, N. 487<\/strong><\/p>\n<\/div>\n<\/div>\n<\/div>\n<\/div>\n<\/div>\n<\/div>\n<\/div>\n<\/div>\n<\/div>\n<\/div>\n<\/div>\n<\/div>\n<\/div>\n<\/div>\n<\/div>\n<\/div>\n<\/div>\n<\/div>\n<\/div>\n<\/div>\n<\/div>\n<\/div>\n<\/div>\n<\/div>\n<\/div>\n<\/div>\n<\/div>\n<\/div>\n<\/div>\n<\/div>\n<\/div>\n<\/div>\n<\/div>\n<\/div>\n<\/div>\n<\/div>\n<\/div>\n<\/div>\n<\/div>\n<\/div>\n<\/div>\n<\/div>\n<\/div>\n<\/div>\n<\/div>\n<\/div>\n<\/div>\n<\/div>\n<\/div>\n<\/div>\n<\/div>\n<\/div>\n<\/div>\n<\/div>\n<\/div>\n<\/div>\n<\/div>\n<\/div>\n<\/div>\n<\/div>\n<\/div>\n<\/div>\n<\/div>\n<\/div>\n<audio class=\"wp-audio-shortcode\" id=\"audio-245689-13\" preload=\"none\" style=\"width: 100%;\" controls=\"controls\"><source type=\"audio\/mpeg\" src=\"https:\/\/www.radiopiu.net\/wordpress\/wp-content\/uploads\/2021\/11\/Collage-487.mp3?_=13\" \/><a href=\"https:\/\/www.radiopiu.net\/wordpress\/wp-content\/uploads\/2021\/11\/Collage-487.mp3\">https:\/\/www.radiopiu.net\/wordpress\/wp-content\/uploads\/2021\/11\/Collage-487.mp3<\/a><\/audio>\n<p>&nbsp;<\/p>\n<blockquote class=\"wp-embedded-content\" data-secret=\"0KKKJ4sPMy\"><p><a href=\"https:\/\/www.radiopiu.net\/wordpress\/freemix-la-liberta-musicale-mixata-da-dj-athos-e-raccontata-da-dj-jack\/\">FREEMIX, LA LIBERTA&#8217; MUSICALE MIXATA DA DJ ATHOS E RACCONTATA DA DJ JACK<\/a><\/p><\/blockquote>\n<p><iframe loading=\"lazy\" class=\"wp-embedded-content\" sandbox=\"allow-scripts\" security=\"restricted\" style=\"position: absolute; clip: rect(1px, 1px, 1px, 1px);\" title=\"&#8220;FREEMIX, LA LIBERTA&#8217; MUSICALE MIXATA DA DJ ATHOS E RACCONTATA DA DJ JACK&#8221; &#8212; Radio Pi\u00f9\" src=\"https:\/\/www.radiopiu.net\/wordpress\/freemix-la-liberta-musicale-mixata-da-dj-athos-e-raccontata-da-dj-jack\/embed\/#?secret=0KKKJ4sPMy\" data-secret=\"0KKKJ4sPMy\" width=\"600\" height=\"338\" frameborder=\"0\" marginwidth=\"0\" marginheight=\"0\" scrolling=\"no\"><\/iframe><\/p>\n<p>&nbsp;<\/p>\n<blockquote class=\"wp-embedded-content\" data-secret=\"IQXKHmMId6\"><p><a href=\"https:\/\/www.radiopiu.net\/wordpress\/da-ieri-alla-radio-in-palinsesto-loris-e-maurizio-con-la-grande-musica\/\">IL BLUES ALLA RADIO &#8230; COME NON L&#8217;AVETE MAI SENTITO PRIMA<\/a><\/p><\/blockquote>\n<p><iframe loading=\"lazy\" class=\"wp-embedded-content\" sandbox=\"allow-scripts\" security=\"restricted\" style=\"position: absolute; clip: rect(1px, 1px, 1px, 1px);\" title=\"&#8220;IL BLUES ALLA RADIO &#8230; COME NON L&#8217;AVETE MAI SENTITO PRIMA&#8221; &#8212; Radio Pi\u00f9\" src=\"https:\/\/www.radiopiu.net\/wordpress\/da-ieri-alla-radio-in-palinsesto-loris-e-maurizio-con-la-grande-musica\/embed\/#?secret=IQXKHmMId6\" data-secret=\"IQXKHmMId6\" width=\"600\" height=\"338\" frameborder=\"0\" marginwidth=\"0\" marginheight=\"0\" scrolling=\"no\"><\/iframe><\/p>\n<p>&nbsp;<\/p>\n<hr \/>\n<p>&nbsp;<\/p>\n<p><a href=\"https:\/\/www.radiopiu.net\/wordpress\/giornale-radiopiu-01-dicembre-2021-direttore-mirko-mezzacasa\/3984677d-9739-40c4-a9aa-137d11c71899\/\" rel=\"attachment wp-att-245923\"><img loading=\"lazy\" decoding=\"async\" class=\"size-medium wp-image-245923 alignleft\" src=\"https:\/\/www.radiopiu.net\/wordpress\/wp-content\/uploads\/2021\/12\/3984677d-9739-40c4-a9aa-137d11c71899-169x300.jpg\" alt=\"\" width=\"169\" height=\"300\" srcset=\"https:\/\/www.radiopiu.net\/wordpress\/wp-content\/uploads\/2021\/12\/3984677d-9739-40c4-a9aa-137d11c71899-169x300.jpg 169w, https:\/\/www.radiopiu.net\/wordpress\/wp-content\/uploads\/2021\/12\/3984677d-9739-40c4-a9aa-137d11c71899-576x1024.jpg 576w, https:\/\/www.radiopiu.net\/wordpress\/wp-content\/uploads\/2021\/12\/3984677d-9739-40c4-a9aa-137d11c71899-768x1366.jpg 768w, https:\/\/www.radiopiu.net\/wordpress\/wp-content\/uploads\/2021\/12\/3984677d-9739-40c4-a9aa-137d11c71899-864x1536.jpg 864w, https:\/\/www.radiopiu.net\/wordpress\/wp-content\/uploads\/2021\/12\/3984677d-9739-40c4-a9aa-137d11c71899.jpg 899w\" sizes=\"auto, (max-width: 169px) 100vw, 169px\" \/><\/a><strong>JOHN FRANCIS DELLA PIETRA<\/strong><\/p>\n<p>&#8230;na longa stajon&#8230;<\/p>\n<p>L \u00e8 ora l \u00e8 temp<br \/>\nDe pens\u00e0<br \/>\nDe paus\u00e0<br \/>\nEn moment<br \/>\nEl campanil bat semper siei bot<br \/>\nMa adess l \u00e8 negra not<br \/>\nE co vien d\u00ec<br \/>\nA spi\u00e0 d intorn te viene en s\u00ec<br \/>\nL \u00e8 tut sbianched\u00e0 e svaliv\u00e0<br \/>\nFursi pian pian sar\u00e0<br \/>\nDa se ferm\u00e0<br \/>\nCome che i nost vecj na insegn\u00e0<br \/>\nA la fin de na longa stajon<br \/>\nI rivede , che emozion<br \/>\nStrachi e pesti<br \/>\nLavoratori onesti<br \/>\nCo rivea la nef<br \/>\nI ridea e i se parea la sef<br \/>\nI metea nte caneva le arte<br \/>\nI se catea<br \/>\nE ensjeme i dughea<br \/>\nFinalmente a le carte<br \/>\nI se la contea se l era duta ben o mal<br \/>\nSta longa stajon che porta al nadal&#8230;<\/p>\n<p>&nbsp;<\/p>\n<hr \/>\n<p>&nbsp;<\/p>\n<blockquote>\n<h3><span style=\"color: #0000ff;\">INFORMAZIONE il canale su TELEGRAM informazione di prima mano e in tempo reale. iscriviti ed aiutaci a farlo conoscere\u00a0\u00a0<\/span><\/h3>\n<\/blockquote>\n<div>\n<div class=\"page-title-head hgroup\">\n<div class=\"page-title-head hgroup\">\n<div class=\"page-title-head hgroup\">\n<div class=\"page-title-head hgroup\">\n<div class=\"b654a4as d2edcug0\">\n<div class=\"page-title-head hgroup\">\n<div class=\"page-title-head hgroup\">\n<div class=\"page-title-head hgroup\">\n<div class=\"page-title-head hgroup\">\n<div class=\"b654a4as d2edcug0\">\n<div class=\"page-title-head hgroup\">\n<div class=\"page-title-head hgroup\">\n<div class=\"page-title-head hgroup\">\n<div class=\"page-title-head hgroup\">\n<div class=\"page-title-head hgroup\">\n<div class=\"page-title-head hgroup\">\n<div class=\"page-title-head hgroup\">\n<div class=\"page-title-head hgroup\">\n<div class=\"page-title-head hgroup\">\n<div class=\"b654a4as d2edcug0\">\n<div class=\"page-title-head hgroup\">\n<div class=\"page-title-head hgroup\">\n<div class=\"page-title-head hgroup\">\n<div class=\"page-title-head hgroup\">\n<div class=\"b654a4as d2edcug0\">\n<div>\n<p>&nbsp;<\/p>\n<\/div>\n<div>\n<div class=\"page-title-head hgroup\">\n<div class=\"page-title-head hgroup\">\n<div class=\"page-title-head hgroup\">\n<div class=\"page-title-head hgroup\">\n<div class=\"page-title-head hgroup\">\n<div class=\"b654a4as d2edcug0\">\n<div>\n<hr \/>\n<\/div>\n<\/div>\n<div>\n<div>\n<p>&nbsp;<\/p>\n<\/div>\n<div>\n<div>\n<p>&nbsp;<\/p>\n<\/div>\n<div>\n<div>\n<p><strong>DUE MINUTI UN LIBRO, TUTTI I GIORNI ALLA RADIO ALLE 9.40 E ALLE 17.50<\/strong><\/p>\n<div>\n<div>\n<p><strong>LA RACCOLTA COMPLETA\u00a0\u00a0<\/strong><\/p>\n<\/div>\n<div>\n<blockquote class=\"wp-embedded-content\" data-secret=\"nGCnoDBehq\"><p><a href=\"https:\/\/www.radiopiu.net\/wordpress\/due-minuti-un-libro\/\">Due minuti un libro<\/a><\/p><\/blockquote>\n<p><iframe loading=\"lazy\" class=\"wp-embedded-content\" sandbox=\"allow-scripts\" security=\"restricted\" style=\"position: absolute; clip: rect(1px, 1px, 1px, 1px);\" title=\"&#8220;Due minuti un libro&#8221; &#8212; Radio Pi\u00f9\" src=\"https:\/\/www.radiopiu.net\/wordpress\/due-minuti-un-libro\/embed\/#?secret=nGCnoDBehq\" data-secret=\"nGCnoDBehq\" width=\"600\" height=\"338\" frameborder=\"0\" marginwidth=\"0\" marginheight=\"0\" scrolling=\"no\"><\/iframe><\/p>\n<\/div>\n<\/div>\n<\/div>\n<div class=\"mkdf-post-text\">\n<div class=\"mkdf-post-text-inner\">\n<div class=\"mkdf-post-text-main\">\n<div class=\"mkdf-post-text\">\n<div class=\"mkdf-post-text-inner\">\n<div class=\"mkdf-post-text-main\">\n<div class=\"mkdf-post-text\">\n<div class=\"mkdf-post-text-inner\">\n<div class=\"mkdf-post-text-main\">\n<div class=\"page-title-head hgroup\">\n<div class=\"page-title-head hgroup\">\n<div class=\"mkdf-post-text\">\n<div class=\"mkdf-post-text-inner\">\n<div class=\"mkdf-post-text-main\">\n<div class=\"mkdf-post-text\">\n<div class=\"mkdf-post-text-inner\">\n<div class=\"mkdf-post-text-main\">\n<div class=\"page-title-head hgroup\">\n<div class=\"page-title-head hgroup\">\n<div class=\"page-title-head hgroup\">\n<div class=\"page-title-head hgroup\">\n<div class=\"b654a4as d2edcug0\">\n<div class=\"page-title-head hgroup\">\n<div class=\"page-title-head hgroup\">\n<div class=\"page-title-head hgroup\">\n<div class=\"page-title-head hgroup\">\n<div class=\"b654a4as d2edcug0\">\n<div class=\"page-title-head hgroup\">\n<div class=\"page-title-head hgroup\">\n<div class=\"page-title-head hgroup\">\n<div class=\"page-title-head hgroup\">\n<div class=\"b654a4as d2edcug0\">\n<div>\n<p>&nbsp;<\/p>\n<\/div>\n<div>\n<hr \/>\n<p>&nbsp;<\/p>\n<\/div>\n<h2><span style=\"color: #808000;\">L&#8217;ALMANACCO LADINO\u00a0\u00a0<\/span><\/h2>\n<p><strong>LA RACCOLTA<\/strong><\/p>\n<blockquote class=\"wp-embedded-content\" data-secret=\"X1iE5y3FBM\"><p><a href=\"https:\/\/www.radiopiu.net\/wordpress\/almanacco-ladino\/\">Almanacco Ladino<\/a><\/p><\/blockquote>\n<p><iframe loading=\"lazy\" class=\"wp-embedded-content\" sandbox=\"allow-scripts\" security=\"restricted\" style=\"position: absolute; clip: rect(1px, 1px, 1px, 1px);\" title=\"&#8220;Almanacco Ladino&#8221; &#8212; Radio Pi\u00f9\" src=\"https:\/\/www.radiopiu.net\/wordpress\/almanacco-ladino\/embed\/#?secret=X1iE5y3FBM\" data-secret=\"X1iE5y3FBM\" width=\"600\" height=\"338\" frameborder=\"0\" marginwidth=\"0\" marginheight=\"0\" scrolling=\"no\"><\/iframe><\/p>\n<p>&nbsp;<\/p>\n<hr \/>\n<p>&nbsp;<\/p>\n<h2><span style=\"color: #33cccc;\">LA RASSEGNA STAMPA DA L&#8217;AMICO DEL POPOLO<\/span><\/h2>\n<p><strong><a href=\"https:\/\/www.radiopiu.net\/wordpress\/giornale-radiopiu-18-maggio-2019-direttore-mirko-mezzacasa\/vallada-agordina\/\" rel=\"attachment wp-att-85787\"><img loading=\"lazy\" decoding=\"async\" class=\" wp-image-85787 alignleft\" src=\"https:\/\/www.radiopiu.net\/wordpress\/wp-content\/uploads\/2019\/05\/vallada-agordina-300x200.jpg\" alt=\"\" width=\"176\" height=\"117\" srcset=\"https:\/\/www.radiopiu.net\/wordpress\/wp-content\/uploads\/2019\/05\/vallada-agordina-300x200.jpg 300w, https:\/\/www.radiopiu.net\/wordpress\/wp-content\/uploads\/2019\/05\/vallada-agordina-768x512.jpg 768w, https:\/\/www.radiopiu.net\/wordpress\/wp-content\/uploads\/2019\/05\/vallada-agordina.jpg 850w\" sizes=\"auto, (max-width: 176px) 100vw, 176px\" \/><\/a>di Gianni Santomaso<\/strong><\/p>\n<p>Ospite: Daniele Scola<\/p>\n<audio class=\"wp-audio-shortcode\" id=\"audio-245689-14\" preload=\"none\" style=\"width: 100%;\" controls=\"controls\"><source type=\"audio\/mpeg\" src=\"https:\/\/www.radiopiu.net\/wordpress\/wp-content\/uploads\/2021\/11\/RASSEGNA-GIANNI-3.mp3?_=14\" \/><a href=\"https:\/\/www.radiopiu.net\/wordpress\/wp-content\/uploads\/2021\/11\/RASSEGNA-GIANNI-3.mp3\">https:\/\/www.radiopiu.net\/wordpress\/wp-content\/uploads\/2021\/11\/RASSEGNA-GIANNI-3.mp3<\/a><\/audio>\n<p>&nbsp;<\/p>\n<p><strong>LA RACCOLTA COMPLETA<\/strong><\/p>\n<blockquote class=\"wp-embedded-content\" data-secret=\"3uEGnCbxS0\"><p><a href=\"https:\/\/www.radiopiu.net\/wordpress\/rassegna-stampa-di-gianni-santomaso\/\">Rassegna stampa da l&#8217;amico del popolo &#8211; di Gianni Santomaso<\/a><\/p><\/blockquote>\n<p><iframe loading=\"lazy\" class=\"wp-embedded-content\" sandbox=\"allow-scripts\" security=\"restricted\" style=\"position: absolute; clip: rect(1px, 1px, 1px, 1px);\" title=\"&#8220;Rassegna stampa da l&#8217;amico del popolo &#8211; di Gianni Santomaso&#8221; &#8212; Radio Pi\u00f9\" src=\"https:\/\/www.radiopiu.net\/wordpress\/rassegna-stampa-di-gianni-santomaso\/embed\/#?secret=3uEGnCbxS0\" data-secret=\"3uEGnCbxS0\" width=\"600\" height=\"338\" frameborder=\"0\" marginwidth=\"0\" marginheight=\"0\" scrolling=\"no\"><\/iframe><\/p>\n<p>&nbsp;<\/p>\n<hr \/>\n<p>&nbsp;<\/p>\n<h2><span style=\"color: #800080;\">I RACCONTI DI PAOLO SOPPELSA<\/span><\/h2>\n<p>&nbsp;<\/p>\n<p><strong>LA RACCOLTA COMPLETA<\/strong><\/p>\n<blockquote class=\"wp-embedded-content\" data-secret=\"WIVqL2jqji\"><p><a href=\"https:\/\/www.radiopiu.net\/wordpress\/i-racconti-di-paolo-soppelsa\/\">I racconti di Paolo Soppelsa<\/a><\/p><\/blockquote>\n<p><iframe loading=\"lazy\" class=\"wp-embedded-content\" sandbox=\"allow-scripts\" security=\"restricted\" style=\"position: absolute; clip: rect(1px, 1px, 1px, 1px);\" title=\"&#8220;I racconti di Paolo Soppelsa&#8221; &#8212; Radio Pi\u00f9\" src=\"https:\/\/www.radiopiu.net\/wordpress\/i-racconti-di-paolo-soppelsa\/embed\/#?secret=WIVqL2jqji\" data-secret=\"WIVqL2jqji\" width=\"600\" height=\"338\" frameborder=\"0\" marginwidth=\"0\" marginheight=\"0\" scrolling=\"no\"><\/iframe><\/p>\n<p>&nbsp;<\/p>\n<hr \/>\n<\/div>\n<div class=\"b654a4as d2edcug0\">\n<p>&nbsp;<\/p>\n<p><a href=\"https:\/\/www.radiopiu.net\/wordpress\/giornale-radiopiu-26-settembre-2018-direttore-mirko-mezzacasa\/viabilita-2\/\" rel=\"attachment wp-att-61954\"><img loading=\"lazy\" decoding=\"async\" class=\"aligncenter wp-image-61954 size-full\" src=\"https:\/\/www.radiopiu.net\/wordpress\/wp-content\/uploads\/2018\/09\/viabilita.jpeg\" sizes=\"auto, (max-width: 800px) 100vw, 800px\" srcset=\"https:\/\/www.radiopiu.net\/wordpress\/wp-content\/uploads\/2018\/09\/viabilita.jpeg 800w, https:\/\/www.radiopiu.net\/wordpress\/wp-content\/uploads\/2018\/09\/viabilita-300x38.jpeg 300w, https:\/\/www.radiopiu.net\/wordpress\/wp-content\/uploads\/2018\/09\/viabilita-768x96.jpeg 768w\" alt=\"\" width=\"800\" height=\"100\" \/><\/a><\/p>\n<div class=\"ecm0bbzt e5nlhep0 a8c37x1j\">\n<div class=\"kvgmc6g5 cxmmr5t8 oygrvhab hcukyx3x c1et5uql\">\n<div class=\"gmail-kvgmc6g5 gmail-cxmmr5t8 gmail-oygrvhab gmail-hcukyx3x gmail-c1et5uql gmail-ii04i59q\">\n<div class=\"page-title-head hgroup\">\n<div class=\"page-title-head hgroup\">\n<div class=\"b654a4as d2edcug0\">\n<div class=\"j83agx80 btwxx1t3 lhclo0ds hop8lmos nkwizq5d scwd0bx6 roh60bw9\">\n<div class=\"rq0escxv hkbzh7o3 jwdofwj8 n8tt0mok r8blr3vg hyh9befq\">\n<div class=\"do00u71z l9j0dhe7 k4urcfbm\">\n<div class=\"page-title-head hgroup\">\n<div class=\"page-title-head hgroup\">\n<div class=\"page-title-head hgroup\">\n<div class=\"page-title-head hgroup\">\n<div class=\"b654a4as d2edcug0\">\n<div class=\"page-title-head hgroup\">\n<div class=\"page-title-head hgroup\">\n<div class=\"page-title-head hgroup\">\n<div class=\"page-title-head hgroup\">\n<div class=\"b654a4as d2edcug0\">\n<div class=\"page-title-head hgroup\">\n<div class=\"page-title-head hgroup\">\n<div class=\"page-title-head hgroup\">\n<div class=\"page-title-head hgroup\">\n<div class=\"page-title-head hgroup\">\n<div class=\"page-title-head hgroup\">\n<div class=\"page-title-head hgroup\">\n<div class=\"page-title-head hgroup\">\n<div class=\"page-title-head hgroup\">\n<div class=\"b654a4as d2edcug0\">\n<div class=\"page-title-head hgroup\">\n<div class=\"page-title-head hgroup\">\n<div class=\"page-title-head hgroup\">\n<div class=\"page-title-head hgroup\">\n<div class=\"b654a4as d2edcug0\">\n<div class=\"page-title-head hgroup\">\n<div class=\"page-title-head hgroup\">\n<div class=\"page-title-head hgroup\">\n<div class=\"page-title-head hgroup\">\n<div class=\"page-title-head hgroup\">\n<div class=\"mkdf-post-text\">\n<div class=\"mkdf-post-text-inner\">\n<div class=\"mkdf-post-text-main\">\n<div class=\"mkdf-post-text\">\n<div class=\"mkdf-post-text-inner\">\n<div class=\"mkdf-post-text-main\">\n<div class=\"mkdf-post-text\">\n<div class=\"mkdf-post-text-inner\">\n<div class=\"mkdf-post-text-main\">\n<div class=\"page-title-head hgroup\">\n<div class=\"page-title-head hgroup\">\n<div class=\"mkdf-post-text\">\n<div class=\"mkdf-post-text-inner\">\n<div class=\"mkdf-post-text-main\">\n<div class=\"mkdf-post-text\">\n<div class=\"mkdf-post-text-inner\">\n<div class=\"mkdf-post-text-main\">\n<div class=\"page-title-head hgroup\">\n<div class=\"page-title-head hgroup\">\n<div class=\"page-title-head hgroup\">\n<div class=\"page-title-head hgroup\">\n<div class=\"b654a4as d2edcug0\">\n<div class=\"page-title-head hgroup\">\n<div class=\"page-title-head hgroup\">\n<div class=\"page-title-head hgroup\">\n<div class=\"page-title-head hgroup\">\n<div class=\"b654a4as d2edcug0\">\n<div class=\"page-title-head hgroup\">\n<div class=\"page-title-head hgroup\">\n<div class=\"page-title-head hgroup\">\n<div class=\"page-title-head hgroup\">\n<div class=\"b654a4as d2edcug0\">\n<p>&nbsp;<\/p>\n<p><strong>SR 48 DELLE DOLOMITI<\/strong> fino al 17 dicembre senso unico alternato regolato da semaforo &#8211; esclusi festivi e prefestivi &#8211; in localit\u00e0 Bosco Ruaz.<\/p>\n<p><strong>PONTE BAILEY A BELLUNO<\/strong>: Fino al 4 dicembre chiusura totale<\/p>\n<p><strong>SP 251 VAL DI ZOLDO E CELLINA<\/strong> fino al 22 dicembre interruzioni alla viabilit\u00e0 della durata massima di 10 minuti e senso unico alternato nei periodi non interessati dalle interruzioni nel comune di Val di Zoldo<\/p>\n<p><strong>SR 203 AGORDINA<\/strong> Fino al 17 dicembre, esclusi sabato domenica e festivi infrasettimanali, restringimento della careggiata con divieto di sorpasso e limitazione ai 50 km\/h in comune di La Valle per lavori sul margine della carreggiata<\/p>\n<p><strong>SP 422 DELL&#8217;ALPAGO E DEL<\/strong> <strong>CANSIGLIO<\/strong> Fino al 17 dicembre senso unico alternato con semaforo in localit\u00e0 Cornei di Alpago per posa cavidotti<\/p>\n<p><strong>SP 40 VAL SENAIGA<\/strong>\u00a0 Fino\u00a0 al 22 dicembre, sbatai domeniche e festivi inclusi, interdizione totale al traffico in localit\u00e0 Pei di Lamon per consolidamento corpo stradale<\/p>\n<p>&nbsp;<\/p>\n<hr \/>\n<p>&nbsp;<\/p>\n<\/div>\n<div class=\"b654a4as d2edcug0\">\n<div class=\"ecm0bbzt e5nlhep0 a8c37x1j\">\n<div class=\"kvgmc6g5 cxmmr5t8 oygrvhab hcukyx3x c1et5uql\">\n<div class=\"gmail-kvgmc6g5 gmail-cxmmr5t8 gmail-oygrvhab gmail-hcukyx3x gmail-c1et5uql gmail-ii04i59q\">\n<div>\n<div class=\"page-title-head hgroup\">\n<div class=\"page-title-head hgroup\">\n<div class=\"b654a4as d2edcug0\">\n<div class=\"j83agx80 btwxx1t3 lhclo0ds hop8lmos nkwizq5d scwd0bx6 roh60bw9\">\n<div class=\"rq0escxv hkbzh7o3 jwdofwj8 n8tt0mok r8blr3vg hyh9befq\">\n<div class=\"do00u71z l9j0dhe7 k4urcfbm\">\n<div>\n<div class=\"page-title-head hgroup\">\n<div class=\"page-title-head hgroup\">\n<div class=\"page-title-head hgroup\">\n<div class=\"page-title-head hgroup\">\n<div class=\"b654a4as d2edcug0\">\n<div class=\"page-title-head hgroup\">\n<div class=\"page-title-head hgroup\">\n<div class=\"page-title-head hgroup\">\n<div class=\"page-title-head hgroup\">\n<div class=\"b654a4as d2edcug0\">\n<div class=\"page-title-head hgroup\">\n<div class=\"page-title-head hgroup\">\n<div class=\"page-title-head hgroup\">\n<div class=\"page-title-head hgroup\">\n<div class=\"page-title-head hgroup\">\n<div class=\"mkdf-post-text\">\n<div class=\"mkdf-post-text-inner\">\n<div class=\"mkdf-post-text-main\">\n<div class=\"mkdf-post-text\">\n<div class=\"mkdf-post-text-inner\">\n<div class=\"mkdf-post-text-main\">\n<div class=\"mkdf-post-text\">\n<div class=\"mkdf-post-text-inner\">\n<div class=\"mkdf-post-text-main\">\n<div class=\"page-title-head hgroup\">\n<div class=\"page-title-head hgroup\">\n<div class=\"mkdf-post-text\">\n<div class=\"mkdf-post-text-inner\">\n<div class=\"mkdf-post-text-main\">\n<div class=\"mkdf-post-text\">\n<div class=\"mkdf-post-text-inner\">\n<div class=\"mkdf-post-text-main\">\n<div>\n<div class=\"page-title-head hgroup\">\n<div class=\"page-title-head hgroup\">\n<div>\n<div class=\"page-title-head hgroup\">\n<div class=\"page-title-head hgroup\">\n<div class=\"b654a4as d2edcug0\">\n<div>\n<div class=\"page-title-head hgroup\" style=\"text-align: left;\">\n<div class=\"page-title-head hgroup\">\n<div dir=\"auto\">\n<p><a class=\"dt-pswp-item pspw-wrap-ready\" href=\"https:\/\/i0.wp.com\/www.radiopiu.net\/wordpress\/wp-content\/uploads\/2018\/09\/WhatsApp-Image-2018-09-20-at-16.04.06.jpeg?ssl=1\" data-dt-img-description=\"\" data-large_image_width=\"800\" data-large_image_height=\"100\"><img loading=\"lazy\" decoding=\"async\" class=\"aligncenter wp-image-61378 size-full jetpack-lazy-image jetpack-lazy-image--handled\" src=\"https:\/\/i0.wp.com\/www.radiopiu.net\/wordpress\/wp-content\/uploads\/2018\/09\/WhatsApp-Image-2018-09-20-at-16.04.06.jpeg?resize=800%2C100&amp;ssl=1\" sizes=\"auto, (max-width: 800px) 100vw, 800px\" srcset=\"https:\/\/i0.wp.com\/www.radiopiu.net\/wordpress\/wp-content\/uploads\/2018\/09\/WhatsApp-Image-2018-09-20-at-16.04.06.jpeg?w=800&amp;ssl=1 800w, https:\/\/i0.wp.com\/www.radiopiu.net\/wordpress\/wp-content\/uploads\/2018\/09\/WhatsApp-Image-2018-09-20-at-16.04.06.jpeg?resize=300%2C38&amp;ssl=1 300w, https:\/\/i0.wp.com\/www.radiopiu.net\/wordpress\/wp-content\/uploads\/2018\/09\/WhatsApp-Image-2018-09-20-at-16.04.06.jpeg?resize=768%2C96&amp;ssl=1 768w\" alt=\"\" width=\"800\" height=\"100\" data-lazy-loaded=\"1\" \/><\/a><\/p>\n<\/div>\n<\/div>\n<\/div>\n<\/div>\n<\/div>\n<\/div>\n<\/div>\n<\/div>\n<\/div>\n<\/div>\n<\/div>\n<\/div>\n<\/div>\n<\/div>\n<\/div>\n<\/div>\n<\/div>\n<\/div>\n<\/div>\n<\/div>\n<\/div>\n<\/div>\n<\/div>\n<\/div>\n<\/div>\n<\/div>\n<\/div>\n<\/div>\n<\/div>\n<\/div>\n<\/div>\n<\/div>\n<\/div>\n<\/div>\n<\/div>\n<\/div>\n<\/div>\n<\/div>\n<\/div>\n<\/div>\n<\/div>\n<\/div>\n<\/div>\n<\/div>\n<p>&nbsp;<\/p>\n<\/div>\n<\/div>\n<\/div>\n<\/div>\n<\/div>\n<\/div>\n<\/div>\n<\/div>\n<\/div>\n<\/div>\n<\/div>\n<\/div>\n<\/div>\n<\/div>\n<\/div>\n<\/div>\n<\/div>\n<\/div>\n<\/div>\n<\/div>\n<\/div>\n<\/div>\n<\/div>\n<\/div>\n<\/div>\n<\/div>\n<\/div>\n<\/div>\n<\/div>\n<\/div>\n<\/div>\n<\/div>\n<\/div>\n<\/div>\n<\/div>\n<\/div>\n<\/div>\n<\/div>\n<\/div>\n<\/div>\n<\/div>\n<\/div>\n<\/div>\n<\/div>\n<\/div>\n<\/div>\n<\/div>\n<\/div>\n<\/div>\n<\/div>\n<\/div>\n<\/div>\n<\/div>\n<\/div>\n<\/div>\n<\/div>\n<\/div>\n<\/div>\n<\/div>\n<\/div>\n<\/div>\n<\/div>\n<\/div>\n<\/div>\n<\/div>\n<\/div>\n<\/div>\n<\/div>\n<\/div>\n<\/div>\n<\/div>\n<\/div>\n<\/div>\n<\/div>\n<\/div>\n<\/div>\n<\/div>\n<\/div>\n<\/div>\n<\/div>\n<\/div>\n<\/div>\n<\/div>\n<\/div>\n<\/div>\n<\/div>\n<\/div>\n<\/div>\n<\/div>\n<\/div>\n<\/div>\n<\/div>\n<\/div>\n<\/div>\n<\/div>\n<\/div>\n<\/div>\n<\/div>\n<\/div>\n<\/div>\n<\/div>\n<\/div>\n<\/div>\n<\/div>\n<\/div>\n<\/div>\n<\/div>\n<\/div>\n<\/div>\n<\/div>\n<\/div>\n<\/div>\n<\/div>\n<\/div>\n<\/div>\n<\/div>\n<\/div>\n<\/div>\n<\/div>\n<\/div>\n<\/div>\n<\/div>\n<\/div>\n<\/div>\n<\/div>\n<\/div>\n<\/div>\n<\/div>\n<\/div>\n<\/div>\n<\/div>\n<\/div>\n<\/div>\n<\/div>\n<\/div>\n<\/div>\n<\/div>\n<\/div>\n<\/div>\n<\/div>\n<\/div>\n<\/div>\n<\/div>\n<\/div>\n<\/div>\n<\/div>\n<\/div>\n<\/div>\n<\/div>\n<\/div>\n<\/div>\n<\/div>\n<\/div>\n<\/div>\n<\/div>\n<\/div>\n<\/div>\n<\/div>\n<\/div>\n<\/div>\n<\/div>\n<\/div>\n<\/div>\n<\/div>\n<p>&nbsp;<\/p>\n<p><center><b>Mercoledi 1<\/b><\/center><b>Tempo atteso: <\/b>Cielo sereno o poco nuvoloso al mattino, mentre nel pomeriggio un po&#8217; pi\u00f9 nuvoloso rispetto ai giorni precedenti, specie dal tardo pomeriggio\/sera, con intensificazione della nuvolosit\u00e0 nella notte, ma senza fenomeni. Possibili foschie o nubi basse nelle ore pi\u00f9 fredde in alcuni tratti delle valli prealpine.<br \/>\n<b>Precipitazioni: <\/b>Assenti (0%).<br \/>\n<b>Temperature: <\/b>In aumento, specie le minime in quota dove si misureranno a fine giornata; clima diurno temporaneamente un po&#8217; meno freddo rispetto ai giorni precedenti. Su Prealpi a 1500 m min -2\u00b0C max 3\u00b0C, a 2000 m min -3\u00b0C max 2\u00b0C. Su Dolomiti a 2000 m min -4\u00b0C max 1\u00b0C, a 3000 m min -6\u00b0C max -2\u00b0C.<br \/>\n<b>Venti: <\/b>Nelle valli perlopi\u00f9 deboli di direzione variabile, in quota in genere moderati inizialmente settentrionali tendenti a divenire sud-occidentali, a 20-35 km\/h a 2000 m e a 30-45 km\/h a 3000 m.<\/p>\n<hr \/>\n<p><center><b>Giovedi 2<\/b><\/center><b>Tempo atteso: <\/b>Cielo nuvoloso o molto nuvoloso con tempo a tratti lievemente perturbato; schiarite nella notte.<br \/>\n<b>Precipitazioni: <\/b>Probabilit\u00e0 medio-alta (50-75%) di precipitazioni generalmente sparse a tratti diffuse e complessivamente molto modeste, dell&#8217;ordine di qualche millimetro, con massimi di 5-10 mm in alta montagna, con altrettanti centimetri di neve fresca oltre i 1500 m. Limite delle nevicate al mattino tra i 700 m e i 900 m, in leggero innalzamento nel corso della giornata fino a 900-1200 m.<br \/>\n<b>Temperature: <\/b>Minime in lieve aumento nelle valli, in lieve calo in quota dove saranno ancora raggiunte a fine giornata, massime in leggera o contenuta diminuzione, specie in quota. Su Prealpi a 1500 m min 0\u00b0C max 1\u00b0C, a 2000 m min -3\u00b0C max -2\u00b0C. Su Dolomiti a 2000 m min -6\u00b0C max -3\u00b0C, a 3000 m min -14\u00b0C max -10\u00b0C.<br \/>\n<b>Venti: <\/b>Venti in quota moderati\/tesi da sud-ovest specie nelle prime ore, tendenti a disporsi in genere moderati dai quadranti settentrionali, a 10-20 km\/h a 2000 m e a 15-30 km\/h a 3000 m.<\/p>\n<hr \/>\n<p><center><b>Venerdi 3<\/b><\/center>Al mattino, specie nelle prime ore, nuvolosit\u00e0 residua con cielo tendente a divenire sereno o poco nuvoloso su tutte le zone montane, salvo la presenza di qualche locale nube bassa o foschia in alcuni tratti delle valli prealpine nelle ore pi\u00f9 fredde. Temperature in diminuzione anche sensibile. Venti in quota in genere moderati da nord-ovest. Clima invernale.<\/p>\n<hr \/>\n<p><center><b>Sabato 4<\/b><\/center>Al mattino cielo generalmente poco o parzialmente nuvoloso, ma il tempo torna a riannuvolarsi con il cielo che tender\u00e0 a divenire irregolarmente nuvoloso soprattutto nel pomeriggio\/sera, quando aumenter\u00e0 la probabilit\u00e0 di qualche nevicata oltre i 400-700 m. Possibile qualche locale nube bassa o foschia in alcuni tratti delle valli prealpine nelle ore pi\u00f9 fredde. Temperature minime senza notevoli variazioni, massime in aumento. Venti in quota moderati o tesi dai quadranti occidentali. Previsore: M.Padoan<\/p>\n<hr \/>\n<p>&nbsp;<\/p>\n<hr \/>\n<p>&nbsp;<\/p>\n<div class=\"mkdf-post-text\">\n<div class=\"mkdf-post-text-inner\">\n<p><a href=\"https:\/\/www.radiopiu.net\/wordpress\/giornale-radiopiu-15-settembre-2018-direttore-mirko-mezzacasa\/sport-7\/\" rel=\"attachment wp-att-60761\"><img loading=\"lazy\" decoding=\"async\" class=\"wp-image-60761 size-full aligncenter\" src=\"https:\/\/www.radiopiu.net\/wordpress\/wp-content\/uploads\/2018\/09\/sport.jpg\" alt=\"\" width=\"800\" height=\"100\" srcset=\"https:\/\/www.radiopiu.net\/wordpress\/wp-content\/uploads\/2018\/09\/sport.jpg 800w, https:\/\/www.radiopiu.net\/wordpress\/wp-content\/uploads\/2018\/09\/sport-300x38.jpg 300w, https:\/\/www.radiopiu.net\/wordpress\/wp-content\/uploads\/2018\/09\/sport-768x96.jpg 768w\" sizes=\"auto, (max-width: 800px) 100vw, 800px\" \/><\/a><\/p>\n<\/div>\n<\/div>\n<p><strong>\u00a0 \u00a0 \u00a0<\/strong><\/p>\n<p><span style=\"color: #0000ff;\"><strong>CALCIO<\/strong><\/span><\/p>\n<blockquote>\n<h3>IL PUNTO SUI CAMPIONATI CSI DELLE SQUADRE AGORDINE<\/h3>\n<\/blockquote>\n<p><strong><a href=\"https:\/\/www.radiopiu.net\/wordpress\/giornale-radiopiu-22-settembre-2021-direttore-mirko-mezzacasa\/pallone-calcio-csi\/\" rel=\"attachment wp-att-233126\"><img loading=\"lazy\" decoding=\"async\" class=\"size-medium wp-image-233126 alignleft\" src=\"https:\/\/www.radiopiu.net\/wordpress\/wp-content\/uploads\/2021\/09\/PALLONE-CALCIO-CSI-300x200.jpg\" alt=\"\" width=\"300\" height=\"200\" srcset=\"https:\/\/www.radiopiu.net\/wordpress\/wp-content\/uploads\/2021\/09\/PALLONE-CALCIO-CSI-300x200.jpg 300w, https:\/\/www.radiopiu.net\/wordpress\/wp-content\/uploads\/2021\/09\/PALLONE-CALCIO-CSI-768x512.jpg 768w, https:\/\/www.radiopiu.net\/wordpress\/wp-content\/uploads\/2021\/09\/PALLONE-CALCIO-CSI.jpg 956w\" sizes=\"auto, (max-width: 300px) 100vw, 300px\" \/><\/a>AGORDO<\/strong> Con la fine di novembre termina anche la prima parte dei campionati di calcio CSI. Due le squadre agordine protagoniste in questa stagione.<\/p>\n<p><strong>LE VILLE<\/strong> La squadra allenata da Romano Costantini ha terminato la prima parte della stagione da ormai 10 giorni. Un inizio di campionato non certamente da incorniciare per i ragazzi di Agordo che hanno mancato il primo obbiettivo stagionale. Il Le Ville si era imposto di qualificarsi alla fase finale del torneo nel girone A1, cosa che non \u00e8 avvenuta, proprio nell\u2019ultima partita prima della pausa. Gli agordini hanno mancato la vittoria contro il Vignui e per un punto non sono riusciti a strappare il biglietto per partecipare in primavera nel girone delle pi\u00f9 forti del Campionato Open. Le Ville che dovr\u00e0 accontentarsi di lottare per la promozione nel girone A2.<\/p>\n<p><strong>LA VALLE VETERANI<\/strong> Il La Valle chiude la prima parte del Campionato Over all\u2019ultima posizione della classifica con un solo punto. La squadra allenata da Dario Mezzacasa non ha potuto dare il meglio di se. Tanti infortuni hanno tirato il freno a mano ai lavallesi che ora riposeranno fino alla prossima primavera quando recupereranno le ultime due giornate di campionato, partite rinviate a causa dello scarso organico a disposizione del mister che ha dovuto alzare bandiera bianca e chiedere di posticipare le gare.<\/p>\n<p>&nbsp;<\/p>\n<p>&nbsp;<\/p>\n<hr \/>\n<p>&nbsp;<\/p>\n<table width=\"100%\">\n<tbody>\n<tr>\n<td>\n<table width=\"100%\">\n<tbody>\n<tr>\n<td>\n<table width=\"100%\">\n<tbody>\n<tr>\n<td>\n<h2>HOCKEY<\/h2>\n<h1><strong>Nazionale under 20, i convocati per il raduno pre-mondiale<\/strong><\/h1>\n<\/td>\n<\/tr>\n<\/tbody>\n<\/table>\n<\/td>\n<\/tr>\n<\/tbody>\n<\/table>\n<\/td>\n<\/tr>\n<tr>\n<td>\n<table width=\"100%\">\n<tbody>\n<tr>\n<td>\n<table width=\"100%\">\n<tbody>\n<tr>\n<td>\n<h3>Dal 3 dicembre Italia under 20 ad Egna per preparare i Mondiali di Seconda Divisione Gruppo A di Brasov, in Romania. Obiettivo ritorno immediato in Prima Divisione.<\/h3>\n<\/td>\n<\/tr>\n<\/tbody>\n<\/table>\n<\/td>\n<\/tr>\n<\/tbody>\n<\/table>\n<table width=\"100%\">\n<tbody>\n<tr>\n<td>\n<table width=\"100%\">\n<tbody>\n<tr>\n<td>\n<h4><a href=\"https:\/\/www.radiopiu.net\/wordpress\/giornale-radiopiu-01-dicembre-2021-direttore-mirko-mezzacasa\/b728e71b-210d-e4b0-5ae4-3cf572412a7e\/\" rel=\"attachment wp-att-245824\"><img loading=\"lazy\" decoding=\"async\" class=\"size-medium wp-image-245824 alignleft\" src=\"https:\/\/www.radiopiu.net\/wordpress\/wp-content\/uploads\/2021\/11\/b728e71b-210d-e4b0-5ae4-3cf572412a7e-300x200.jpg\" alt=\"\" width=\"300\" height=\"200\" srcset=\"https:\/\/www.radiopiu.net\/wordpress\/wp-content\/uploads\/2021\/11\/b728e71b-210d-e4b0-5ae4-3cf572412a7e-300x200.jpg 300w, https:\/\/www.radiopiu.net\/wordpress\/wp-content\/uploads\/2021\/11\/b728e71b-210d-e4b0-5ae4-3cf572412a7e-1024x684.jpg 1024w, https:\/\/www.radiopiu.net\/wordpress\/wp-content\/uploads\/2021\/11\/b728e71b-210d-e4b0-5ae4-3cf572412a7e-768x513.jpg 768w, https:\/\/www.radiopiu.net\/wordpress\/wp-content\/uploads\/2021\/11\/b728e71b-210d-e4b0-5ae4-3cf572412a7e.jpg 1200w\" sizes=\"auto, (max-width: 300px) 100vw, 300px\" \/><\/a>Gli <strong>azzurrini<\/strong>, guidati in panchina da <strong>Giorgio De Bettin<\/strong>, si ritroveranno a <strong>Egna<\/strong> venerd\u00ec 3 dicembre per iniziare la preparazione in vista dei <strong>Mondiali di Seconda Divisione Gruppo A<\/strong> in programma a <strong>Brasov<\/strong>, in Romania, dal 13 al 19 dicembre. \u00a0<em>\u201cDopo la brutta retrocessione di due anni fa \u2013 commenta De Bettin \u2013 l\u2019obiettivo deve essere il <strong>ritorno immediato in Prima Divisione<\/strong>. Il gruppo che ho visto all\u2019opera a inizio novembre nel Torneo 4 Nazioni di Egna ha dato buone indicazioni, per questo Mondiale possiamo poi contare su alcuni altri innesti in grado di dare ancora pi\u00f9 qualit\u00e0. Gli avversari? Con il Covid non abbiamo potuto avere dei confronti veri e propri negli ultimi due anni, ma ritengo che <strong>Romania<\/strong> e <strong>Gran Bretagna<\/strong> siano le squadre da tenere maggiormente in considerazione\u201d. <\/em>L\u2019elenco dei convocati. <strong>Portieri<\/strong>: Damian Clara (2005 \u2013 Red Bull Salzburg AUT), Carlo Muraro (2002 \u2013 Varese), Rudy Rigoni (2002 \u2013 Pergine). <strong>Difensori<\/strong>: Alberto Colli (2003 \u2013 Cortina), Fabian Dellagiacoma (2003 \u2013 Merano), Michele Forte (2002 \u2013 Fassa), Lukas Goldner (2002 \u2013 Unterland), Johannes Gschnitzer (2002 \u2013 Vipiteno), Enrico Larcher (2004 \u2013 Cortina), Gabriele Parini (2002 \u2013 Asiago), Julian Senoner (2002 \u2013 Gherdeina). <strong>Attaccanti<\/strong>: Pascal Brunner (2002 \u2013 Berna SUI), Simone Dadi\u00e8 (2003 \u2013 Nort Iowa Bulls NAHL), Gabriel Galassiti (2002 \u2013 Unterland), Thomas Galimberti (2003 \u2013 Pelicans Lahti FIN), Adam Giacomuzzi (2002 Ritten Sport), Fabian Gschliesser (2004 \u2013 Red Bull Salzburg AUT), Leonhard Ha\u00dfler (2003 \u2013 Vipiteno), Moritz Kaufmann (2002 \u2013 Unterland), Leo Messner (2003 \u2013 Gherdeina), Giovanni Pertile (2002 \u2013 Ambri Piotta SUI), Jakob Prast (2002 \u2013 Ritten Sport), Tommy Purdeller (2004 \u2013 Red Bull Salzburg AUT), Filippo Rigoni (2003 \u2013 Asiago), Gioele Rosa (2002 \u2013 Biel\/Bienne SUI), Alessandro Segafredo (2004 \u2013 Seattle Thunderbirds WHL), Samuele Zampieri (2003 \u2013 Asiago), Marco Zanetti (2002 \u2013 Lugano). <strong>Coaching Staff<\/strong>: Giorgio De Bettin (head coach), Fabio Armani (assistant coach), Roberto Scelfo (assistant coach)<\/h4>\n<\/td>\n<\/tr>\n<\/tbody>\n<\/table>\n<\/td>\n<\/tr>\n<\/tbody>\n<\/table>\n<\/td>\n<\/tr>\n<\/tbody>\n<\/table>\n<\/div>\n<\/div>\n<\/div>\n<\/div>\n<\/div>\n<\/div>\n<\/div>\n","protected":false},"excerpt":{"rendered":"<p>INFORMAZIONE il canale su TELEGRAM informazione di prima mano e in tempo reale. iscriviti ed aiutaci a farlo conoscere\u00a0\u00a0 NEW LOOK, ARRIVA DICEMBRE&#8230; AL CAFFE&#8217; DERSUT &#8211; GIORNALE E CAFFE&#8217; DI TAIBON &#8211; TAIBON La fantasia, i fiori d&#8217;estate e il tocco invernale in apertura della stagione invernale. Ecco il biglietto da visita di Maurizio&hellip;<\/p>\n","protected":false},"author":4,"featured_media":245775,"comment_status":"closed","ping_status":"open","sticky":false,"template":"","format":"standard","meta":{"_monsterinsights_skip_tracking":false,"_monsterinsights_sitenote_active":false,"_monsterinsights_sitenote_note":"","_monsterinsights_sitenote_category":0,"footnotes":""},"categories":[104,86,49],"tags":[],"class_list":["post-245689","post","type-post","status-publish","format-standard","has-post-thumbnail","hentry","category-evidenza_3","category-gr","category-news-18","category-104","category-86","category-49","description-off"],"img_url":"https:\/\/www.radiopiu.net\/wordpress\/wp-content\/uploads\/2021\/11\/WhatsApp-Image-2021-11-29-at-09.32.39.jpeg","_links":{"self":[{"href":"https:\/\/www.radiopiu.net\/wordpress\/wp-json\/wp\/v2\/posts\/245689","targetHints":{"allow":["GET"]}}],"collection":[{"href":"https:\/\/www.radiopiu.net\/wordpress\/wp-json\/wp\/v2\/posts"}],"about":[{"href":"https:\/\/www.radiopiu.net\/wordpress\/wp-json\/wp\/v2\/types\/post"}],"author":[{"embeddable":true,"href":"https:\/\/www.radiopiu.net\/wordpress\/wp-json\/wp\/v2\/users\/4"}],"replies":[{"embeddable":true,"href":"https:\/\/www.radiopiu.net\/wordpress\/wp-json\/wp\/v2\/comments?post=245689"}],"version-history":[{"count":0,"href":"https:\/\/www.radiopiu.net\/wordpress\/wp-json\/wp\/v2\/posts\/245689\/revisions"}],"wp:featuredmedia":[{"embeddable":true,"href":"https:\/\/www.radiopiu.net\/wordpress\/wp-json\/wp\/v2\/media\/245775"}],"wp:attachment":[{"href":"https:\/\/www.radiopiu.net\/wordpress\/wp-json\/wp\/v2\/media?parent=245689"}],"wp:term":[{"taxonomy":"category","embeddable":true,"href":"https:\/\/www.radiopiu.net\/wordpress\/wp-json\/wp\/v2\/categories?post=245689"},{"taxonomy":"post_tag","embeddable":true,"href":"https:\/\/www.radiopiu.net\/wordpress\/wp-json\/wp\/v2\/tags?post=245689"}],"curies":[{"name":"wp","href":"https:\/\/api.w.org\/{rel}","templated":true}]}}