{"id":245727,"date":"2021-11-30T06:07:07","date_gmt":"2021-11-30T05:07:07","guid":{"rendered":"https:\/\/www.radiopiu.net\/wordpress\/?p=245727"},"modified":"2021-11-30T06:29:13","modified_gmt":"2021-11-30T05:29:13","slug":"allarme-giallo-contagi","status":"publish","type":"post","link":"https:\/\/www.radiopiu.net\/wordpress\/allarme-giallo-contagi\/","title":{"rendered":"ALLARME GIALLO, CONTAGI IN CRESCITA 12 PERSONE IN ISOLAMENTO A FALCADE"},"content":{"rendered":"<p>&nbsp;<\/p>\n<blockquote>\n<h2><a href=\"https:\/\/www.radiopiu.net\/wordpress\/il-veneto-rimane-in-zona-gialla-la-provincia-di-trento-passa-in-arancione\/giallo\/\" rel=\"attachment wp-att-190818\"><img loading=\"lazy\" decoding=\"async\" class=\" wp-image-190818 alignleft\" src=\"https:\/\/www.radiopiu.net\/wordpress\/wp-content\/uploads\/2021\/02\/Giallo-300x200.png\" alt=\"\" width=\"173\" height=\"115\" srcset=\"https:\/\/www.radiopiu.net\/wordpress\/wp-content\/uploads\/2021\/02\/Giallo-300x200.png 300w, https:\/\/www.radiopiu.net\/wordpress\/wp-content\/uploads\/2021\/02\/Giallo-1024x682.png 1024w, https:\/\/www.radiopiu.net\/wordpress\/wp-content\/uploads\/2021\/02\/Giallo-768x512.png 768w, https:\/\/www.radiopiu.net\/wordpress\/wp-content\/uploads\/2021\/02\/Giallo.png 1250w\" sizes=\"auto, (max-width: 173px) 100vw, 173px\" \/><\/a>PERICOLO GIALLO, OGGI ALLE 12.30 PUNTO STAMPA DI LUCA ZAIA<\/h2>\n<p><strong>FALCADE<\/strong>: <em>preoccupazione anche da parte del sindaco Michele Costa dopo i numeri riferiti ieri dal dipartimento di Prevenzione:\u00a0 5 positivi,\u00a0 12 persone in\u00a0 sorveglianza attiva. In altri Comuni i nuovi casi:\u00a0 Belluno 69, Feltre 60, Borgo Valbelluna 21,Cesiomaggiore 16, Santa Giustina 15,\u00a0 Sedico 14, Alpago e Seren Del Grappa 11,\u00a0 Taibon 7, Rivamonte e Sospirolo 6, Rocca Pietore 3, Comelico 2, Cortina 1, Agordo 1<\/em><\/p><\/blockquote>\n<p><strong>VENEZIA<\/strong> La Regione del Veneto a rischio di colorazione gialla ed entro un paio di settimane. Lo dicono i numeri e le proiezioni dei contagi. <em>&#8220;Se la gente continuer\u00e0 a togliersi la mascherina e a non rispettare il distanziamento, ci vuole poco per passare all&#8217;arancione e poi al rosso&#8221;<\/em>, \u00e8 la minaccia di\u00a0 Luca Zaia che oggi alle 12.30 torna a Marghera con il punto stampa, l&#8217;ipotesi che si vada oltre il giallo \u00e8 remota, ma la sanit\u00e0 \u00e8 in sofferenza<\/p>\n<p>&nbsp;<\/p>\n","protected":false},"excerpt":{"rendered":"<p>&nbsp; PERICOLO GIALLO, OGGI ALLE 12.30 PUNTO STAMPA DI LUCA ZAIA FALCADE: preoccupazione anche da parte del sindaco Michele Costa dopo i numeri riferiti ieri dal dipartimento di Prevenzione:\u00a0 5 positivi,\u00a0 12 persone in\u00a0 sorveglianza attiva. In altri Comuni i nuovi casi:\u00a0 Belluno 69, Feltre 60, Borgo Valbelluna 21,Cesiomaggiore 16, Santa Giustina 15,\u00a0 Sedico 14,&hellip;<\/p>\n","protected":false},"author":4,"featured_media":190818,"comment_status":"closed","ping_status":"open","sticky":false,"template":"","format":"standard","meta":{"_monsterinsights_skip_tracking":false,"_monsterinsights_sitenote_active":false,"_monsterinsights_sitenote_note":"","_monsterinsights_sitenote_category":0,"footnotes":""},"categories":[51,49],"tags":[],"class_list":["post-245727","post","type-post","status-publish","format-standard","has-post-thumbnail","hentry","category-evidenza-top","category-news-18","category-51","category-49","description-off"],"img_url":"https:\/\/www.radiopiu.net\/wordpress\/wp-content\/uploads\/2021\/02\/Giallo.png","_links":{"self":[{"href":"https:\/\/www.radiopiu.net\/wordpress\/wp-json\/wp\/v2\/posts\/245727","targetHints":{"allow":["GET"]}}],"collection":[{"href":"https:\/\/www.radiopiu.net\/wordpress\/wp-json\/wp\/v2\/posts"}],"about":[{"href":"https:\/\/www.radiopiu.net\/wordpress\/wp-json\/wp\/v2\/types\/post"}],"author":[{"embeddable":true,"href":"https:\/\/www.radiopiu.net\/wordpress\/wp-json\/wp\/v2\/users\/4"}],"replies":[{"embeddable":true,"href":"https:\/\/www.radiopiu.net\/wordpress\/wp-json\/wp\/v2\/comments?post=245727"}],"version-history":[{"count":0,"href":"https:\/\/www.radiopiu.net\/wordpress\/wp-json\/wp\/v2\/posts\/245727\/revisions"}],"wp:featuredmedia":[{"embeddable":true,"href":"https:\/\/www.radiopiu.net\/wordpress\/wp-json\/wp\/v2\/media\/190818"}],"wp:attachment":[{"href":"https:\/\/www.radiopiu.net\/wordpress\/wp-json\/wp\/v2\/media?parent=245727"}],"wp:term":[{"taxonomy":"category","embeddable":true,"href":"https:\/\/www.radiopiu.net\/wordpress\/wp-json\/wp\/v2\/categories?post=245727"},{"taxonomy":"post_tag","embeddable":true,"href":"https:\/\/www.radiopiu.net\/wordpress\/wp-json\/wp\/v2\/tags?post=245727"}],"curies":[{"name":"wp","href":"https:\/\/api.w.org\/{rel}","templated":true}]}}