{"id":245861,"date":"2021-11-30T17:44:04","date_gmt":"2021-11-30T16:44:04","guid":{"rendered":"https:\/\/www.radiopiu.net\/wordpress\/?p=245861"},"modified":"2021-11-30T17:44:04","modified_gmt":"2021-11-30T16:44:04","slug":"aggiornamento-sulla-campagna-vaccinale-anti-covid-in-ulss-1-dolomiti","status":"publish","type":"post","link":"https:\/\/www.radiopiu.net\/wordpress\/aggiornamento-sulla-campagna-vaccinale-anti-covid-in-ulss-1-dolomiti\/","title":{"rendered":"AGGIORNAMENTO SULLA CAMPAGNA VACCINALE ANTI-COVID IN ULSS 1 DOLOMITI"},"content":{"rendered":"<p><strong><a href=\"https:\/\/www.radiopiu.net\/wordpress\/come-si-e-preparata-la-ulss-1-dolomiti-per-il-v-day\/vaccino-covid\/\" rel=\"attachment wp-att-181587\"><img loading=\"lazy\" decoding=\"async\" class=\"size-medium wp-image-181587 alignleft\" src=\"https:\/\/www.radiopiu.net\/wordpress\/wp-content\/uploads\/2020\/12\/VACCINO-COVID-300x212.jpg\" alt=\"\" width=\"300\" height=\"212\" srcset=\"https:\/\/www.radiopiu.net\/wordpress\/wp-content\/uploads\/2020\/12\/VACCINO-COVID-300x212.jpg 300w, https:\/\/www.radiopiu.net\/wordpress\/wp-content\/uploads\/2020\/12\/VACCINO-COVID-1024x724.jpg 1024w, https:\/\/www.radiopiu.net\/wordpress\/wp-content\/uploads\/2020\/12\/VACCINO-COVID-768x543.jpg 768w, https:\/\/www.radiopiu.net\/wordpress\/wp-content\/uploads\/2020\/12\/VACCINO-COVID-1536x1086.jpg 1536w, https:\/\/www.radiopiu.net\/wordpress\/wp-content\/uploads\/2020\/12\/VACCINO-COVID.jpg 1920w\" sizes=\"auto, (max-width: 300px) 100vw, 300px\" \/><\/a>BELLUNO<\/strong> L&#8217;aggiornamento settimanale dell&#8217;Ulss 1 Dolomiti sulla campagna vaccinale anti covid. Totale dosi somministrate: 318.577, 84,7% \u2013 154.434 persone vaccinate con primo ciclo, 83,3% &#8211; 151.981 persone con ciclo completo, 958 persone ancora da vaccinare, 921 terze dosi gi\u00e0 somministrate, 57% degli over 80 eleggibili gi\u00e0 vaccinati. <strong>Gi\u00e0 prenotati: 34.500 di cui 21.700 fino al 31 dicembre 2021. <\/strong>Risultano vaccinati con almeno una dose: il 70,4 \u00a0% dei 12- 19 enni (10.008 persone), il 82,2% dei 20-29enni (15.583), il 77,7 % dei 30-39enni (15.426), il 78% dei 40-49enni (21.435), l\u201984,9% dei 50-59enni (28.194), l\u201987,9\u00a0 % dei 60-69enni (24.540), il 92,9% dei 70-79enni (22.084), circa il 100% degli over 80 (17.167). Risultano da vaccinare ancora 29.930 Bellunesi cos\u00ec suddivisi: 12-19 anni: 4.199 (29,6%), 20-29 anni: 3.366 (17,8%), 30-39 anni: 4.422 (22,3%), 40-49 anni: 6.057 (22%), 50-59 anni: 5.024 (15,1%), 60-69 anni: 3.385 (12,1%), 70 79 anni: 1.689 (7,1%). Ricordiamo che per le PRIME DOSI \u00e8 previsto l\u2019accesso libero in tutte le sedute vaccinali.<\/p>\n<p>&nbsp;<\/p>\n<p>&nbsp;<\/p>\n<p>&nbsp;<\/p>\n<p>*****<\/p>\n","protected":false},"excerpt":{"rendered":"<p>BELLUNO L&#8217;aggiornamento settimanale dell&#8217;Ulss 1 Dolomiti sulla campagna vaccinale anti covid. Totale dosi somministrate: 318.577, 84,7% \u2013 154.434 persone vaccinate con primo ciclo, 83,3% &#8211; 151.981 persone con ciclo completo, 958 persone ancora da vaccinare, 921 terze dosi gi\u00e0 somministrate, 57% degli over 80 eleggibili gi\u00e0 vaccinati. Gi\u00e0 prenotati: 34.500 di cui 21.700 fino al&hellip;<\/p>\n","protected":false},"author":4,"featured_media":181587,"comment_status":"closed","ping_status":"open","sticky":false,"template":"","format":"standard","meta":{"_monsterinsights_skip_tracking":false,"_monsterinsights_sitenote_active":false,"_monsterinsights_sitenote_note":"","_monsterinsights_sitenote_category":0,"footnotes":""},"categories":[51,49],"tags":[],"class_list":["post-245861","post","type-post","status-publish","format-standard","has-post-thumbnail","hentry","category-evidenza-top","category-news-18","category-51","category-49","description-off"],"img_url":"https:\/\/www.radiopiu.net\/wordpress\/wp-content\/uploads\/2020\/12\/VACCINO-COVID.jpg","_links":{"self":[{"href":"https:\/\/www.radiopiu.net\/wordpress\/wp-json\/wp\/v2\/posts\/245861","targetHints":{"allow":["GET"]}}],"collection":[{"href":"https:\/\/www.radiopiu.net\/wordpress\/wp-json\/wp\/v2\/posts"}],"about":[{"href":"https:\/\/www.radiopiu.net\/wordpress\/wp-json\/wp\/v2\/types\/post"}],"author":[{"embeddable":true,"href":"https:\/\/www.radiopiu.net\/wordpress\/wp-json\/wp\/v2\/users\/4"}],"replies":[{"embeddable":true,"href":"https:\/\/www.radiopiu.net\/wordpress\/wp-json\/wp\/v2\/comments?post=245861"}],"version-history":[{"count":0,"href":"https:\/\/www.radiopiu.net\/wordpress\/wp-json\/wp\/v2\/posts\/245861\/revisions"}],"wp:featuredmedia":[{"embeddable":true,"href":"https:\/\/www.radiopiu.net\/wordpress\/wp-json\/wp\/v2\/media\/181587"}],"wp:attachment":[{"href":"https:\/\/www.radiopiu.net\/wordpress\/wp-json\/wp\/v2\/media?parent=245861"}],"wp:term":[{"taxonomy":"category","embeddable":true,"href":"https:\/\/www.radiopiu.net\/wordpress\/wp-json\/wp\/v2\/categories?post=245861"},{"taxonomy":"post_tag","embeddable":true,"href":"https:\/\/www.radiopiu.net\/wordpress\/wp-json\/wp\/v2\/tags?post=245861"}],"curies":[{"name":"wp","href":"https:\/\/api.w.org\/{rel}","templated":true}]}}