{"id":245889,"date":"2021-12-02T06:00:39","date_gmt":"2021-12-02T05:00:39","guid":{"rendered":"https:\/\/www.radiopiu.net\/wordpress\/?p=245889"},"modified":"2021-12-02T08:12:35","modified_gmt":"2021-12-02T07:12:35","slug":"giornale-radiopiu-02-dicembre-2021-direttore-mirko-mezzacasa","status":"publish","type":"post","link":"https:\/\/www.radiopiu.net\/wordpress\/giornale-radiopiu-02-dicembre-2021-direttore-mirko-mezzacasa\/","title":{"rendered":"GIORNALE RADIOPIU 02 DICEMBRE 2021 DIRETTORE MIRKO MEZZACASA"},"content":{"rendered":"<h3 class=\"kvgmc6g5 cxmmr5t8 oygrvhab hcukyx3x c1et5uql\"><span style=\"color: #0000ff;\"><strong>INFORMAZIONE il canale su TELEGRAM informazione di prima mano e in tempo reale. iscriviti ed aiutaci a farlo conoscere\u00a0<\/strong><\/span><\/h3>\n<hr \/>\n<p>&nbsp;<\/p>\n<blockquote>\n<h2 style=\"text-align: center;\">LE SEDUTE VACCINALI DI IERI &#8211; LE FOTO<\/h2>\n<\/blockquote>\n\n\t\t\t<style type='text\/css'>\n\t\t\t\t#gallery-1 {\n\t\t\t\t\tmargin: auto;\n\t\t\t\t}\n\t\t\t\t#gallery-1 .gallery-item {\n\t\t\t\t\tfloat: left;\n\t\t\t\t\tmargin-top: 10px;\n\t\t\t\t\ttext-align: center;\n\t\t\t\t\twidth: 25%;\n\t\t\t\t}\n\t\t\t\t#gallery-1 img {\n\t\t\t\t\tborder: 2px solid #cfcfcf;\n\t\t\t\t}\n\t\t\t\t#gallery-1 .gallery-caption {\n\t\t\t\t\tmargin-left: 0;\n\t\t\t\t}\n\t\t\t\t\/* see gallery_shortcode() in wp-includes\/media.php *\/\n\t\t\t<\/style>\n\t\t<div id='gallery-1' class='dt-gallery-container gallery galleryid-245889 gallery-columns-4 gallery-size-thumbnail'><dl class='gallery-item'>\n\t\t\t\t<dt class='gallery-icon portrait'>\n\t\t\t\t\t<a class=\"rollover rollover-zoom dt-pswp-item\" title=\"centro prelievi 2\" data-dt-img-description=\"\" data-large_image_width=\"768\" data-large_image_height=\"1024\"href='https:\/\/www.radiopiu.net\/wordpress\/wp-content\/uploads\/2021\/12\/centro-prelievi-2.jpeg'><img loading=\"lazy\" decoding=\"async\" width=\"150\" height=\"150\" src=\"https:\/\/www.radiopiu.net\/wordpress\/wp-content\/uploads\/2021\/12\/centro-prelievi-2-150x150.jpeg\" class=\"attachment-thumbnail size-thumbnail\" alt=\"\" aria-describedby=\"gallery-1-246069\" \/><\/a>\n\t\t\t\t<\/dt>\n\t\t\t\t\t<dd class='wp-caption-text gallery-caption' id='gallery-1-246069'>\n\t\t\t\t\tCENTRO PRELIEVI\n\t\t\t\t\t<\/dd><\/dl><dl class='gallery-item'>\n\t\t\t\t<dt class='gallery-icon landscape'>\n\t\t\t\t\t<a class=\"rollover rollover-zoom dt-pswp-item\" title=\"cesiomaggiore\" data-dt-img-description=\"\" data-large_image_width=\"2000\" data-large_image_height=\"1500\"href='https:\/\/www.radiopiu.net\/wordpress\/wp-content\/uploads\/2021\/12\/cesiomaggiore.jpeg'><img loading=\"lazy\" decoding=\"async\" width=\"150\" height=\"150\" src=\"https:\/\/www.radiopiu.net\/wordpress\/wp-content\/uploads\/2021\/12\/cesiomaggiore-150x150.jpeg\" class=\"attachment-thumbnail size-thumbnail\" alt=\"\" aria-describedby=\"gallery-1-246072\" \/><\/a>\n\t\t\t\t<\/dt>\n\t\t\t\t\t<dd class='wp-caption-text gallery-caption' id='gallery-1-246072'>\n\t\t\t\t\tCESIOMAGGIORE\n\t\t\t\t\t<\/dd><\/dl><dl class='gallery-item'>\n\t\t\t\t<dt class='gallery-icon landscape'>\n\t\t\t\t\t<a class=\"rollover rollover-zoom dt-pswp-item\" title=\"pala tre cime 2\" data-dt-img-description=\"\" data-large_image_width=\"1600\" data-large_image_height=\"1008\"href='https:\/\/www.radiopiu.net\/wordpress\/wp-content\/uploads\/2021\/12\/pala-tre-cime-2.jpeg'><img loading=\"lazy\" decoding=\"async\" width=\"150\" height=\"150\" src=\"https:\/\/www.radiopiu.net\/wordpress\/wp-content\/uploads\/2021\/12\/pala-tre-cime-2-150x150.jpeg\" class=\"attachment-thumbnail size-thumbnail\" alt=\"\" aria-describedby=\"gallery-1-246073\" \/><\/a>\n\t\t\t\t<\/dt>\n\t\t\t\t\t<dd class='wp-caption-text gallery-caption' id='gallery-1-246073'>\n\t\t\t\t\tPALA TRECIME\n\t\t\t\t\t<\/dd><\/dl><dl class='gallery-item'>\n\t\t\t\t<dt class='gallery-icon landscape'>\n\t\t\t\t\t<a class=\"rollover rollover-zoom dt-pswp-item\" title=\"palatre cime\" data-dt-img-description=\"\" data-large_image_width=\"1600\" data-large_image_height=\"1200\"href='https:\/\/www.radiopiu.net\/wordpress\/wp-content\/uploads\/2021\/12\/palatre-cime.jpeg'><img loading=\"lazy\" decoding=\"async\" width=\"150\" height=\"150\" src=\"https:\/\/www.radiopiu.net\/wordpress\/wp-content\/uploads\/2021\/12\/palatre-cime-150x150.jpeg\" class=\"attachment-thumbnail size-thumbnail\" alt=\"\" aria-describedby=\"gallery-1-246074\" \/><\/a>\n\t\t\t\t<\/dt>\n\t\t\t\t\t<dd class='wp-caption-text gallery-caption' id='gallery-1-246074'>\n\t\t\t\t\tPALA TRECIME\n\t\t\t\t\t<\/dd><\/dl><br style=\"clear: both\" \/>\n\t\t\t<\/div>\n\n<p>&nbsp;<\/p>\n<p>&nbsp;<\/p>\n<hr \/>\n<p>&nbsp;<\/p>\n<blockquote>\n<h3>CROCE VERDE VAL BIOIS, A SINGHIOZZO FINO AL 31 DICEMBRE<\/h3>\n<\/blockquote>\n<p><strong><img loading=\"lazy\" decoding=\"async\" class=\"alignleft\" src=\"https:\/\/www.radiopiu.net\/wordpress\/wp-content\/uploads\/2020\/06\/download-36.jpg\" width=\"284\" height=\"155\" \/>FALCADE<\/strong> Con evidente malessere il Presidente della Croce Verde Val Biois ha reso noto il nuovo calendario provvisorio dei servizi da oggi al 31 dicembre. Sono purtroppo previsti per mancanza di personale una serie di disagi per disservizi. Giorni e orari in cui l&#8217;emergenza della Croce Verde Val Biois non \u00e8 garantita: VENERDI&#8217; 3 DICEMBRE 2021 dalle ore 06:00 alle ore 20:00; LUNEDI&#8217; 6 DICEMBRE 2021 dalle ore 6:00 alle ore 20:00; SABATO 11 DICEMBRE 2021 dalle ore 6:00 alle ore 6:00 di DOMENICA 12 DICEMBRE 2021;VENERDI&#8217; 17 DICEMBRE 2021 dalle ore 6:00 alle ore 20:00; GIOVEDI&#8217; 23 DICEMBRE dalle ore 6:00 alle ore 6:00 di SABATO 25 DICEMBRE 2021; SABATO 25 DICEMBRE 2021 dalle ore 20:00 alle ore 6:00 di DOMENICA 26 DICEMBRE 2021; DOMENICA 26 DICEMBRE dalle ore 20:00 alle ore 6:00 di LUNEDI&#8217; 27 DICEMBRE 2021; LUNEDI&#8217; 27 DICEMBRE 2021 dalle ore 20:00 alle ore 6 di MARTEDI&#8217; 28 DICEMBRE 2021; MARTEDI&#8217; 28 DICEMBRE 2021 dalle ore 20:00 alle ore 6:00 di MERCOLEDI&#8217; 29 DICEMBRE 2021;MERCOLEDI&#8217; 29 DICEMBRE 2021 dalle ore 20;00 alle ore 6:00 di GIOVEDI&#8217; 30 DICEMBRE 2021 VENERDI&#8217; 31 DICEMBRE 2021 dalle ore 6:00 alle ore 20:00.<\/p>\n<p><strong>DAL CORRIERE DELLE ALPI<\/strong><\/p>\n<audio class=\"wp-audio-shortcode\" id=\"audio-245889-1\" preload=\"none\" style=\"width: 100%;\" controls=\"controls\"><source type=\"audio\/mpeg\" src=\"https:\/\/www.radiopiu.net\/wordpress\/wp-content\/uploads\/2021\/12\/CORRIERE-CROCE-VERDE-VAL-BIOIS.mp3?_=1\" \/><a href=\"https:\/\/www.radiopiu.net\/wordpress\/wp-content\/uploads\/2021\/12\/CORRIERE-CROCE-VERDE-VAL-BIOIS.mp3\">https:\/\/www.radiopiu.net\/wordpress\/wp-content\/uploads\/2021\/12\/CORRIERE-CROCE-VERDE-VAL-BIOIS.mp3<\/a><\/audio>\n<p>&nbsp;<\/p>\n<hr \/>\n<p>&nbsp;<\/p>\n<p>&nbsp;<\/p>\n<blockquote>\n<h3>CASTIONESE A SECCO<\/h3>\n<\/blockquote>\n<h3><a href=\"https:\/\/www.radiopiu.net\/wordpress\/giornale-radiopiu-17-settembre-2021-direttore-mirko-mezzacasa\/img-20210910-wa0001\/\" rel=\"attachment wp-att-232360\"><img loading=\"lazy\" decoding=\"async\" class=\"wp-image-232360 alignleft\" src=\"https:\/\/www.radiopiu.net\/wordpress\/wp-content\/uploads\/2021\/09\/IMG-20210910-WA0001-296x300.jpg\" alt=\"\" width=\"68\" height=\"69\" srcset=\"https:\/\/www.radiopiu.net\/wordpress\/wp-content\/uploads\/2021\/09\/IMG-20210910-WA0001-296x300.jpg 296w, https:\/\/www.radiopiu.net\/wordpress\/wp-content\/uploads\/2021\/09\/IMG-20210910-WA0001-150x150.jpg 150w, https:\/\/www.radiopiu.net\/wordpress\/wp-content\/uploads\/2021\/09\/IMG-20210910-WA0001-768x779.jpg 768w, https:\/\/www.radiopiu.net\/wordpress\/wp-content\/uploads\/2021\/09\/IMG-20210910-WA0001.jpg 806w\" sizes=\"auto, (max-width: 68px) 100vw, 68px\" \/><\/a>Bim Gsp deve effettuare alcuni lavori sulla rete idrica, che comporteranno la chiusura dell&#8217;acqua a partire dalle 8 di oggi e fino alla fine dell&#8217;intervento. Le zone interessate dalla chiusura sono le vie Sanfor, Lante, Col Cavalier, Anconetta, Castelet, P. Capraro, Cavessago e in Villaggio Col Cavalier.<\/h3>\n<p>&nbsp;<\/p>\n<p>&nbsp;<\/p>\n<hr \/>\n<p>&nbsp;<\/p>\n<blockquote>\n<blockquote><p><strong><a href=\"https:\/\/www.radiopiu.net\/wordpress\/giornale-radiopiu-30-novembre-2021-direttore-mirko-mezzacasa\/c8804864-65c8-4cca-a84f-9820e3bb0b6d\/\" rel=\"attachment wp-att-245749\"><img loading=\"lazy\" decoding=\"async\" class=\"size-medium wp-image-245749 alignleft\" src=\"https:\/\/www.radiopiu.net\/wordpress\/wp-content\/uploads\/2021\/11\/c8804864-65c8-4cca-a84f-9820e3bb0b6d-225x300.jpg\" alt=\"\" width=\"225\" height=\"300\" srcset=\"https:\/\/www.radiopiu.net\/wordpress\/wp-content\/uploads\/2021\/11\/c8804864-65c8-4cca-a84f-9820e3bb0b6d-225x300.jpg 225w, https:\/\/www.radiopiu.net\/wordpress\/wp-content\/uploads\/2021\/11\/c8804864-65c8-4cca-a84f-9820e3bb0b6d.jpg 600w\" sizes=\"auto, (max-width: 225px) 100vw, 225px\" \/><\/a><\/strong><\/p>\n<p><strong>PROVINCIALE 35 DI LASTE<\/strong>\u00a0 fino al 15 dicembre &#8211; festivi e sabato esclusi &#8211; interruzione totale dalle 8 alle 9.30 &#8211; dalle 9.40 alle 12.30 &#8211; dalle 13.30 alle 15.30, dalle 15.40 alle 17 nelle altre fasce orarie senso unico alternato<\/p>\n<p>&nbsp;<\/p>\n<p><strong>GOSALDO<\/strong> <strong>PROVINCIALE 3 VALLE IMPERINA<\/strong>: interruzione totale alla viabilit\u00e0\u00a0 per lavori di <a href=\"https:\/\/www.radiopiu.net\/wordpress\/iniziati-i-lavori-al-ponte-del-cristo-sulla-203-agordina\/ced07f80-a96b-45ee-a3d5-5dd6a16a320a\/\" rel=\"attachment wp-att-243364\"><img loading=\"lazy\" decoding=\"async\" class=\" wp-image-243364 alignright\" src=\"https:\/\/www.radiopiu.net\/wordpress\/wp-content\/uploads\/2021\/11\/ced07f80-a96b-45ee-a3d5-5dd6a16a320a-224x300.jpg\" alt=\"\" width=\"171\" height=\"229\" srcset=\"https:\/\/www.radiopiu.net\/wordpress\/wp-content\/uploads\/2021\/11\/ced07f80-a96b-45ee-a3d5-5dd6a16a320a-224x300.jpg 224w, https:\/\/www.radiopiu.net\/wordpress\/wp-content\/uploads\/2021\/11\/ced07f80-a96b-45ee-a3d5-5dd6a16a320a-766x1024.jpg 766w, https:\/\/www.radiopiu.net\/wordpress\/wp-content\/uploads\/2021\/11\/ced07f80-a96b-45ee-a3d5-5dd6a16a320a-768x1027.jpg 768w, https:\/\/www.radiopiu.net\/wordpress\/wp-content\/uploads\/2021\/11\/ced07f80-a96b-45ee-a3d5-5dd6a16a320a-1149x1536.jpg 1149w, https:\/\/www.radiopiu.net\/wordpress\/wp-content\/uploads\/2021\/11\/ced07f80-a96b-45ee-a3d5-5dd6a16a320a.jpg 1496w\" sizes=\"auto, (max-width: 171px) 100vw, 171px\" \/><\/a>messa in sicurezza:\u00a0 dalle 8 alle 12.45; dalle 13.45 alle 16 e dalle 16.30 alle 17.30 nei periodi non interessati dalla chiusura senso unico alternato con semaforo anche nei giorni festivi e prefestivi.<\/p>\n<p><strong>347 DURAN<\/strong>, chiusa in localit\u00e0 Dont fino al 4 dicembre dalle 8 alle 12 e dalle 13.30 alle 17.30<\/p>\n<p><strong>COLLE SANTA LUCIA 638 PASSO GIAU <\/strong>fino al 15 dicembre, tutti i giorni sono previste interruzioni fino a 15 minuti tra le 8 del mattino e le 17 del pomeriggio, negli altri orari senso unico alternato regolato da impianto semaforico.<\/p>\n<p><strong>SP 3 VALLE IMPERINA\u00a0<\/strong>dal 9 al 23 dicembre compresi sabato e domenica senso unico alternato regolato da impianto semaforico in localit\u00e0 Zenich di Rivamonte per consolidamento della strada<\/p><\/blockquote>\n<\/blockquote>\n<p><strong>SS51 DI ALEMAGNA<\/strong> posa del passaggio pedonale ferroviario a Longarone. Dalle 20 di giovedi 2 dicembre alle 6 del mattino successivo senso unico alternato. Probabili sensi unici temporanei a Castellavazzo (fino al 17 dicembre) per la demolizione controllata della parete rocciosa.<\/p>\n<p>&nbsp;<\/p>\n<p>&nbsp;<\/p>\n<hr \/>\n<p>&nbsp;<\/p>\n<blockquote>\n<h3>GIORGIO &#8220;EL DOTOR DE LA FARMACIA DE AGORT&#8221;<\/h3>\n<\/blockquote>\n<audio class=\"wp-audio-shortcode\" id=\"audio-245889-2\" preload=\"none\" style=\"width: 100%;\" controls=\"controls\"><source type=\"audio\/mpeg\" src=\"https:\/\/www.radiopiu.net\/wordpress\/wp-content\/uploads\/2021\/12\/CORRIERE-GIORGIO-FAVRETTI.mp3?_=2\" \/><a href=\"https:\/\/www.radiopiu.net\/wordpress\/wp-content\/uploads\/2021\/12\/CORRIERE-GIORGIO-FAVRETTI.mp3\">https:\/\/www.radiopiu.net\/wordpress\/wp-content\/uploads\/2021\/12\/CORRIERE-GIORGIO-FAVRETTI.mp3<\/a><\/audio>\n<p>&nbsp;<\/p>\n<p><em>\u201cL\u2019importanza di essere un punto di riferimento per la zona si costruisce attraverso seriet\u00e0 e fiducia\u201d<\/em><\/p>\n<p style=\"text-align: left;\"><strong><a href=\"https:\/\/www.radiopiu.net\/wordpress\/giorgio-el-dotor-de-la-farmacia-de-agort\/favretti-350x250\/\" rel=\"attachment wp-att-246001\"><img loading=\"lazy\" decoding=\"async\" class=\"size-medium wp-image-246001 alignleft\" src=\"https:\/\/www.radiopiu.net\/wordpress\/wp-content\/uploads\/2021\/12\/favretti-350x250-1-300x214.jpg\" alt=\"\" width=\"300\" height=\"214\" srcset=\"https:\/\/www.radiopiu.net\/wordpress\/wp-content\/uploads\/2021\/12\/favretti-350x250-1-300x214.jpg 300w, https:\/\/www.radiopiu.net\/wordpress\/wp-content\/uploads\/2021\/12\/favretti-350x250-1.jpg 350w\" sizes=\"auto, (max-width: 300px) 100vw, 300px\" \/><\/a>AGORDO<\/strong> La citt\u00e0 \u00e8 di nuovo in lutto, perde uno dei suoi personaggi, stimato ed benvoluto dalla sua gente. Il dottor Giorgio Favretti, l&#8217;emblema della Farmacia in piazza ad Agordo. Aveva 77 anni. Il Farmacista, quello che lega con la comunit\u00e0 che diventa spesso &#8220;el dotor&#8221; il confidente, a volte come il medico di base, a volte pi\u00f9 del medico di famiglia. I funerali si svolgeranno venerdi alle 14 <a href=\"https:\/\/www.radiopiu.net\/wordpress\/giornale-radiopiu-02-dicembre-2021-direttore-mirko-mezzacasa\/img_20181009_162727-m-350x250\/\" rel=\"attachment wp-att-246005\"><img loading=\"lazy\" decoding=\"async\" class=\"size-medium wp-image-246005 alignright\" src=\"https:\/\/www.radiopiu.net\/wordpress\/wp-content\/uploads\/2021\/12\/IMG_20181009_162727-m-350x250-1-300x214.jpg\" alt=\"\" width=\"300\" height=\"214\" srcset=\"https:\/\/www.radiopiu.net\/wordpress\/wp-content\/uploads\/2021\/12\/IMG_20181009_162727-m-350x250-1-300x214.jpg 300w, https:\/\/www.radiopiu.net\/wordpress\/wp-content\/uploads\/2021\/12\/IMG_20181009_162727-m-350x250-1.jpg 350w\" sizes=\"auto, (max-width: 300px) 100vw, 300px\" \/><\/a>nella chiesa Arcidiaconale di Agordo, con un abbraccio alla famiglia, alla figlia Anna.<\/p>\n<p><strong>L&#8217;ETICA DEL DOTOR<\/strong> <em>\u201cNella nostra quotidianit\u00e0 capita di trovarsi difronte pazienti che cercano un farmaco o, pi\u00f9 in generale, una cura al proprio problema di salute, a seguito di un\u2019autodiagnosi basata sui sintomi riscontrati nella rete. Come farmacista ho una mia etica e non posso di certo consigliare la consultazione del web per curarsi. Credo fortemente che sia fondamentale sottolineare e ribadire l\u2019importanza di una diagnosi medica vera, fatta\u00a0de visu\u00a0sulla base dei referti clinici\u201d.<\/em><\/p>\n<p>La Farmacia del dr. Giorgio Favretti \u00e8 stata\u00a0 aperta nel 1885 da Luigi Favretti e poi passata a Gino, dal 1989 con Giorgio Favretti, oggi con la figlia Anna.\u00a0 Una tradizione di famiglia che negli anni ha consolidato la vocazione lavorativa volta in primis alla salute e al benessere della persona.<\/p>\n<p><strong>\u00a0IL TESTAMENTO DEL DOTOR<\/strong> <em>\u201cTornare ai luoghi deputati a ci\u00f2 che si cerca. Gli alimenti si comprano al supermercato, i medicinali in farmacia ma solo dopo aver consultato il medico, quello vero e non quello cibernetico\u201d.<\/em><\/p>\n<p>citazioni: corrieredelleconomia.it<\/p>\n<p>&nbsp;<\/p>\n<blockquote>\n<h3>IL RICORDO DI RADIO PIU&#8230;. IL DOTTOR GIORGIO FAVRETTI AI MICROFONI DI RADIO PIU&#8217; Una bella storia da raccontare, 19 giugno 2014<\/h3>\n<p><em>&#8220;Conosci il Civetta? Vieni alla Transcivetta&#8221;<\/em><\/p><\/blockquote>\n<p><strong>prima parte<\/strong><\/p>\n<audio class=\"wp-audio-shortcode\" id=\"audio-245889-3\" preload=\"none\" style=\"width: 100%;\" controls=\"controls\"><source type=\"audio\/mpeg\" src=\"https:\/\/www.radiopiu.net\/wordpress\/wp-content\/uploads\/2021\/12\/transcivetta-favretti-1.mp3?_=3\" \/><a href=\"https:\/\/www.radiopiu.net\/wordpress\/wp-content\/uploads\/2021\/12\/transcivetta-favretti-1.mp3\">https:\/\/www.radiopiu.net\/wordpress\/wp-content\/uploads\/2021\/12\/transcivetta-favretti-1.mp3<\/a><\/audio>\n<p><strong>seconda parte<\/strong><\/p>\n<audio class=\"wp-audio-shortcode\" id=\"audio-245889-4\" preload=\"none\" style=\"width: 100%;\" controls=\"controls\"><source type=\"audio\/mpeg\" src=\"https:\/\/www.radiopiu.net\/wordpress\/wp-content\/uploads\/2021\/12\/transcivetta-favretti-2.mp3?_=4\" \/><a href=\"https:\/\/www.radiopiu.net\/wordpress\/wp-content\/uploads\/2021\/12\/transcivetta-favretti-2.mp3\">https:\/\/www.radiopiu.net\/wordpress\/wp-content\/uploads\/2021\/12\/transcivetta-favretti-2.mp3<\/a><\/audio>\n<p>&nbsp;<\/p>\n<p>&nbsp;<\/p>\n<p>&nbsp;<\/p>\n<hr \/>\n<p>&nbsp;<\/p>\n<blockquote>\n<h3>\u00a0I NUOVI MAESTRI DEL LAVORO, RICONOSCIMENTO PER 17 IN PREFETTURA<\/h3>\n<\/blockquote>\n<p><strong><a href=\"https:\/\/www.radiopiu.net\/wordpress\/giornale-radiopiu-02-dicembre-2021-direttore-mirko-mezzacasa\/d597c14a-caec-4128-b1c5-3d4525208520\/\" rel=\"attachment wp-att-246119\"><img loading=\"lazy\" decoding=\"async\" class=\"size-medium wp-image-246119 alignleft\" src=\"https:\/\/www.radiopiu.net\/wordpress\/wp-content\/uploads\/2021\/12\/d597c14a-caec-4128-b1c5-3d4525208520-300x169.jpg\" alt=\"\" width=\"300\" height=\"169\" srcset=\"https:\/\/www.radiopiu.net\/wordpress\/wp-content\/uploads\/2021\/12\/d597c14a-caec-4128-b1c5-3d4525208520-300x169.jpg 300w, https:\/\/www.radiopiu.net\/wordpress\/wp-content\/uploads\/2021\/12\/d597c14a-caec-4128-b1c5-3d4525208520-1024x576.jpg 1024w, https:\/\/www.radiopiu.net\/wordpress\/wp-content\/uploads\/2021\/12\/d597c14a-caec-4128-b1c5-3d4525208520-768x432.jpg 768w, https:\/\/www.radiopiu.net\/wordpress\/wp-content\/uploads\/2021\/12\/d597c14a-caec-4128-b1c5-3d4525208520-1536x864.jpg 1536w, https:\/\/www.radiopiu.net\/wordpress\/wp-content\/uploads\/2021\/12\/d597c14a-caec-4128-b1c5-3d4525208520.jpg 1920w\" sizes=\"auto, (max-width: 300px) 100vw, 300px\" \/><\/a>BELLUNO\u00a0<\/strong>Ieri la cerimonia in Prefettura per il conferimento delle &#8220;Stelle al Merito del lavoro&#8221; a 17 lavoratori bellunesi\u00a0 <em>&#8220;Tradizionalmente \u00e8 il primo maggio la data nella quale rendere omaggio ai maestri del lavoro, ma la pandemia non ci sta facendo vivere un momento facile&#8221;<\/em> ha detto il prefetto Mariano Savastano\u00a0 <em>&#8220;Grazie a tutti i premiati, che con loro storia e loro impegno ci mostrano come migliorarci&#8221;.<\/em> Presente anche il console regionale dei Maestri del lavoro del Veneto Erminio Gambato A ricevere Stella e brevetto di Maestro del lavoro sono stati: Maria Grazia Ben (Luxottica); Oscar Carniel (Hydro Extrusion Italy); Oscar Casaril (Luxottica), Kamal Chergui (De Rigo); Renzo Corso (Clivet); Luigi Corte Metto (Cadore Asfalti); Ernesto De Biasi (Safilo); Patrizia De Moliner (De Rigo); Arcangelo Rocco De Vitis (De Rigo); Antonio Adriano Fattor (ValdiZoldo Funivie); Valentina Fedon (Giorgio Fedon &amp; Figli); Pio Lorenzet (Meccanostampi); Maurizio Raveane (Deon); Ines Smaniotto (Safilo); Massimo Sommacal (Epta) e Fabrizio Zampolli (Sicet); Paolo Zucco (Clivet).<\/p>\n<hr \/>\n<p>&nbsp;<\/p>\n<h3><a href=\"https:\/\/www.radiopiu.net\/wordpress\/giornale-radiopiu-02-dicembre-2021-direttore-mirko-mezzacasa\/0a203ccb-28ae-42ac-b9c3-51ad09fb4383\/\" rel=\"attachment wp-att-246062\"><img loading=\"lazy\" decoding=\"async\" class=\"size-medium wp-image-246062 alignleft\" src=\"https:\/\/www.radiopiu.net\/wordpress\/wp-content\/uploads\/2021\/12\/0a203ccb-28ae-42ac-b9c3-51ad09fb4383-300x225.jpg\" alt=\"\" width=\"300\" height=\"225\" srcset=\"https:\/\/www.radiopiu.net\/wordpress\/wp-content\/uploads\/2021\/12\/0a203ccb-28ae-42ac-b9c3-51ad09fb4383-300x225.jpg 300w, https:\/\/www.radiopiu.net\/wordpress\/wp-content\/uploads\/2021\/12\/0a203ccb-28ae-42ac-b9c3-51ad09fb4383.jpg 720w\" sizes=\"auto, (max-width: 300px) 100vw, 300px\" \/><\/a><\/h3>\n<blockquote>\n<h3>A FUOCO UN CAMINO A LASTE DI SOPRA<\/h3>\n<\/blockquote>\n<p><strong>ROCCA PIETORE<\/strong> I vigili del fuoco di Agordo con i pompieri volontari di Caprile sono saliti a Laste di Sopra in seguito alla chiamata per l&#8217;incendio di un camino. L&#8217;intervento nel pomeriggio di ieri alle 13.<br \/>\n<em>(foto pompieri Caprile)<\/em><\/p>\n<p>&nbsp;<\/p>\n<p>&nbsp;<\/p>\n<p>&nbsp;<\/p>\n<p>&nbsp;<\/p>\n<hr \/>\n<p>&nbsp;<\/p>\n<blockquote>\n<h3>AUTO CONTRO LA VETRINA DEL NEGOZIO DI INFORMATICA A BRIBANO DI SEDICO, DANNI PER 30MILA EURO<\/h3>\n<\/blockquote>\n<p><strong><a href=\"https:\/\/www.radiopiu.net\/wordpress\/auto-contro-la-vetrina-del-negozio-di-informatica-a-bribano-di-sedico\/618c04b1-7dc5-4bf4-b29f-8ce473e45c87\/\" rel=\"attachment wp-att-246080\"><img loading=\"lazy\" decoding=\"async\" class=\"size-medium wp-image-246080 alignleft\" src=\"https:\/\/www.radiopiu.net\/wordpress\/wp-content\/uploads\/2021\/12\/618c04b1-7dc5-4bf4-b29f-8ce473e45c87-169x300.jpg\" alt=\"\" width=\"169\" height=\"300\" srcset=\"https:\/\/www.radiopiu.net\/wordpress\/wp-content\/uploads\/2021\/12\/618c04b1-7dc5-4bf4-b29f-8ce473e45c87-169x300.jpg 169w, https:\/\/www.radiopiu.net\/wordpress\/wp-content\/uploads\/2021\/12\/618c04b1-7dc5-4bf4-b29f-8ce473e45c87-576x1024.jpg 576w, https:\/\/www.radiopiu.net\/wordpress\/wp-content\/uploads\/2021\/12\/618c04b1-7dc5-4bf4-b29f-8ce473e45c87-768x1366.jpg 768w, https:\/\/www.radiopiu.net\/wordpress\/wp-content\/uploads\/2021\/12\/618c04b1-7dc5-4bf4-b29f-8ce473e45c87-864x1536.jpg 864w, https:\/\/www.radiopiu.net\/wordpress\/wp-content\/uploads\/2021\/12\/618c04b1-7dc5-4bf4-b29f-8ce473e45c87.jpg 899w\" sizes=\"auto, (max-width: 169px) 100vw, 169px\" \/><\/a> <\/strong><\/p>\n<p><strong>\u00a0<\/strong><\/p>\n<p><strong>\u00a0<\/strong><\/p>\n<p><strong>\u00a0<\/strong><\/p>\n<p><strong>\u00a0<\/strong><\/p>\n<p><strong>BRIBANO DI SEDICO<\/strong> Sono Intervenuti i Carabinieri di Feltre per un incidente. Una Fiat Panda guidata da S.D. 48 anni di Santa Giustina \u00e8 finita fuori controllo. Non si conoscono le cause. La corsa dell&#8217;automobile \u00e8 terminata contro la porta del negozio di informatica &#8220;Startup&#8221; causando notevoli danni agli infissi. Fortunatamente nessun ferito.<\/p>\n<p>&nbsp;<\/p>\n<p>&nbsp;<\/p>\n<p>&nbsp;<\/p>\n<p><strong>di Moreno Gioli<\/strong><\/p>\n<audio class=\"wp-audio-shortcode\" id=\"audio-245889-5\" preload=\"none\" style=\"width: 100%;\" controls=\"controls\"><source type=\"audio\/mpeg\" src=\"https:\/\/www.radiopiu.net\/wordpress\/wp-content\/uploads\/2021\/12\/GIOLI-INCIDENTE-BRIBANO.mp3?_=5\" \/><a href=\"https:\/\/www.radiopiu.net\/wordpress\/wp-content\/uploads\/2021\/12\/GIOLI-INCIDENTE-BRIBANO.mp3\">https:\/\/www.radiopiu.net\/wordpress\/wp-content\/uploads\/2021\/12\/GIOLI-INCIDENTE-BRIBANO.mp3<\/a><\/audio>\n<p>&nbsp;<\/p>\n<hr \/>\n<p>&nbsp;<\/p>\n<blockquote>\n<h3>ANCORA GIOVANI UBRIACHI IN CENTRO STORICO<\/h3>\n<\/blockquote>\n<p><strong>BELLUNO<\/strong> Tutto succede nei pressi del teatro comunale,\u00a0 un ragazzo impugna una bottiglia forse la stessa poi finita\u00a0 sul tetto di una macchina,\u00a0 indagano polizia e carabinieri, anche sulla base delle immagini delle telecamere della videosorveglianza urbana.\u00a0 A poca distanza, altri coetanei apparentemente ubriachi. Una telefonata al 113 e l&#8217;intervento della prima volante disponibile<\/p>\n<p>&nbsp;<\/p>\n<hr \/>\n<p>&nbsp;<\/p>\n<p>&nbsp;<\/p>\n<blockquote>\n<h3>FIOM: L&#8217;ALTRA DATA PER ACC: IL 31 GENNAIO. SABATO A VICENZA LO SCIOPERO GENERALE<\/h3>\n<\/blockquote>\n<p><strong><a href=\"https:\/\/www.radiopiu.net\/wordpress\/due-manifestazioni-di-interesse-per-acc\/maurizio-castro-e-nuovamente-commissario-di-acc-wanbao_articleimage\/\" rel=\"attachment wp-att-244315\"><img loading=\"lazy\" decoding=\"async\" class=\" wp-image-244315 alignright\" src=\"https:\/\/www.radiopiu.net\/wordpress\/wp-content\/uploads\/2021\/11\/Maurizio-Castro-e-nuovamente-commissario-di-Acc-Wanbao_articleimage-300x200.jpg\" alt=\"\" width=\"176\" height=\"117\" srcset=\"https:\/\/www.radiopiu.net\/wordpress\/wp-content\/uploads\/2021\/11\/Maurizio-Castro-e-nuovamente-commissario-di-Acc-Wanbao_articleimage-300x200.jpg 300w, https:\/\/www.radiopiu.net\/wordpress\/wp-content\/uploads\/2021\/11\/Maurizio-Castro-e-nuovamente-commissario-di-Acc-Wanbao_articleimage.jpg 500w\" sizes=\"auto, (max-width: 176px) 100vw, 176px\" \/><\/a>BORGO VALBELLUNA<\/strong> Per l&#8217;Acc si va da una scadenza all&#8217;altra, la prossima \u00e8 quella del 31 gennaio, entro un paio di mesi il mise ha autorizzato il proseguo della gara finalizzata all&#8217;acquisizione delle offerte vincolanti. <em>&#8220;Una decisione &#8211; dice Stefano Bona della Fiom Cgil &#8211;\u00a0 va nella direzione da noi sempre richiesta e rivendicata, a dimostrazione che le dichiarazioni di interesse pervenute sono supportate da seri elementi industriali che possono portare se sostenuti ad offerte vincolanti di acquisto. Ora, serve fare sistema,tutti i soggetti interessati, nessuno escluso, lavorino per sostenere il commissario nel lavoro da svolgere per una positiva soluzione della vertenza&#8221;<\/em>. A proposito del commissario Castro (foto), sui libri di storia un giorno si ricorder\u00e0 l&#8217;ampia relazione inviata al Ministero per lo Sviluppo Economico, con la quale ha riferito sulle manifestazioni di interesse per l&#8217;acquisto del complesso aziendale di Acc\u00a0 pervenute nell&#8217;ambito della seconda procedura di gara.<\/p>\n<p>&nbsp;<\/p>\n<p>&nbsp;<\/p>\n<hr \/>\n<blockquote><p><strong><a href=\"https:\/\/www.radiopiu.net\/wordpress\/fiom-laltra-data-per-acc-il-31-gennaio-sabato-a-vicenza-lo-sciopero-generale\/47eac217-2b6b-407b-bd6a-e906a9a3e8f6\/\" rel=\"attachment wp-att-245961\"><img loading=\"lazy\" decoding=\"async\" class=\" wp-image-245961 alignleft\" src=\"https:\/\/www.radiopiu.net\/wordpress\/wp-content\/uploads\/2021\/12\/47eac217-2b6b-407b-bd6a-e906a9a3e8f6-214x300.jpg\" alt=\"\" width=\"151\" height=\"212\" srcset=\"https:\/\/www.radiopiu.net\/wordpress\/wp-content\/uploads\/2021\/12\/47eac217-2b6b-407b-bd6a-e906a9a3e8f6-214x300.jpg 214w, https:\/\/www.radiopiu.net\/wordpress\/wp-content\/uploads\/2021\/12\/47eac217-2b6b-407b-bd6a-e906a9a3e8f6-731x1024.jpg 731w, https:\/\/www.radiopiu.net\/wordpress\/wp-content\/uploads\/2021\/12\/47eac217-2b6b-407b-bd6a-e906a9a3e8f6-768x1075.jpg 768w, https:\/\/www.radiopiu.net\/wordpress\/wp-content\/uploads\/2021\/12\/47eac217-2b6b-407b-bd6a-e906a9a3e8f6.jpg 1080w\" sizes=\"auto, (max-width: 151px) 100vw, 151px\" \/><\/a>LO SCIOPERO<\/strong><\/p><\/blockquote>\n<p>La Fiom Cgil ha organizzato uno sciopero generale di 8 ore per venerdi 10 dicembre\u00a0 a Vicenza, dalle 9.30 dal piazzale stazione. Le ragioni dello sciopero: politiche industriali da risolvere, estensione degli ammortizzatori sociali, contrasto alla precariet\u00e0,\u00a0 rafforzamento della prevenzione e sicurezza, i diritti del sistema appalti, le tasse ai lavoratori e pensionati, il sistema pensionistico da riformare, la flessibilit\u00e0 in uscita dai 62 anni o 41 di contributi, i lavori gravosi e usuranti la pensione di garanzia per i giovani<\/p>\n<p>&nbsp;<\/p>\n<p>&nbsp;<\/p>\n<p>&nbsp;<\/p>\n<p>&nbsp;<\/p>\n<hr \/>\n<p>&nbsp;<\/p>\n<p>&nbsp;<\/p>\n<p>&nbsp;<\/p>\n<blockquote>\n<h3>ACCORDO LUXOTTICA &#8211; VALENTINO FINO A GIUGNO 2022 POI LA RISOLUZIONE DEL CONTRATTO<\/h3>\n<\/blockquote>\n<p><strong><a href=\"https:\/\/www.radiopiu.net\/wordpress\/accordo-luxottica-valentino-fino-a-giugno-2022\/luxottica-framont\/\" rel=\"attachment wp-att-246066\"><img loading=\"lazy\" decoding=\"async\" class=\"size-medium wp-image-246066 alignleft\" src=\"https:\/\/www.radiopiu.net\/wordpress\/wp-content\/uploads\/2021\/12\/LUXOTTICA-FRAMONT-300x225.jpg\" alt=\"\" width=\"300\" height=\"225\" srcset=\"https:\/\/www.radiopiu.net\/wordpress\/wp-content\/uploads\/2021\/12\/LUXOTTICA-FRAMONT-300x225.jpg 300w, https:\/\/www.radiopiu.net\/wordpress\/wp-content\/uploads\/2021\/12\/LUXOTTICA-FRAMONT-1024x768.jpg 1024w, https:\/\/www.radiopiu.net\/wordpress\/wp-content\/uploads\/2021\/12\/LUXOTTICA-FRAMONT-768x576.jpg 768w, https:\/\/www.radiopiu.net\/wordpress\/wp-content\/uploads\/2021\/12\/LUXOTTICA-FRAMONT-1536x1152.jpg 1536w, https:\/\/www.radiopiu.net\/wordpress\/wp-content\/uploads\/2021\/12\/LUXOTTICA-FRAMONT.jpg 2048w\" sizes=\"auto, (max-width: 300px) 100vw, 300px\" \/><\/a> <\/strong><\/p>\n<p><strong>\u00a0<\/strong><\/p>\n<p><strong>MILANO<\/strong> Luxottica Group e Maison Valentino annunciano la risoluzione al 30 giugno 2022 dell\u2019accordo di licenza per il design, la produzione e la distribuzione in tutto il mondo di collezioni di occhiali da sole e da vista a marchio Valentino, operativo da gennaio 2017. Luxottica e Valentino continueranno a lavorare per valorizzare la partnership fino al termine dell\u2019accordo, consolidando cinque anni di successi e soddisfazioni, entusiasmo e passione, che hanno dato vita a collezioni innovative.<\/p>\n<p>&nbsp;<\/p>\n<p>&nbsp;<\/p>\n<p>&nbsp;<\/p>\n<p>&nbsp;<\/p>\n<hr \/>\n<p>&nbsp;<\/p>\n<blockquote>\n<h3>NEL CONSIGLIO COMUNALE DI SELVA DI CADORE LA MINORANZA SI SENTE DISCRIMINATA<\/h3>\n<\/blockquote>\n<p><strong><a href=\"https:\/\/www.radiopiu.net\/wordpress\/ea0ed47b-407c-4027-93db-a3732c851650\/\"><img loading=\"lazy\" decoding=\"async\" class=\"size-medium wp-image-237908 alignleft\" src=\"https:\/\/www.radiopiu.net\/wordpress\/wp-content\/uploads\/2021\/10\/ea0ed47b-407c-4027-93db-a3732c851650-300x169.jpg\" alt=\"\" width=\"300\" height=\"169\" srcset=\"https:\/\/www.radiopiu.net\/wordpress\/wp-content\/uploads\/2021\/10\/ea0ed47b-407c-4027-93db-a3732c851650-300x169.jpg 300w, https:\/\/www.radiopiu.net\/wordpress\/wp-content\/uploads\/2021\/10\/ea0ed47b-407c-4027-93db-a3732c851650-1024x576.jpg 1024w, https:\/\/www.radiopiu.net\/wordpress\/wp-content\/uploads\/2021\/10\/ea0ed47b-407c-4027-93db-a3732c851650-768x432.jpg 768w, https:\/\/www.radiopiu.net\/wordpress\/wp-content\/uploads\/2021\/10\/ea0ed47b-407c-4027-93db-a3732c851650-1536x864.jpg 1536w, https:\/\/www.radiopiu.net\/wordpress\/wp-content\/uploads\/2021\/10\/ea0ed47b-407c-4027-93db-a3732c851650.jpg 1920w\" sizes=\"auto, (max-width: 300px) 100vw, 300px\" \/><\/a>DAL CORRIERE DELLE ALPI<\/strong><\/p>\n<audio class=\"wp-audio-shortcode\" id=\"audio-245889-6\" preload=\"none\" style=\"width: 100%;\" controls=\"controls\"><source type=\"audio\/mpeg\" src=\"https:\/\/www.radiopiu.net\/wordpress\/wp-content\/uploads\/2021\/12\/CORRIERE-CONSIGLIO-SELVA-DI-CADORE.mp3?_=6\" \/><a href=\"https:\/\/www.radiopiu.net\/wordpress\/wp-content\/uploads\/2021\/12\/CORRIERE-CONSIGLIO-SELVA-DI-CADORE.mp3\">https:\/\/www.radiopiu.net\/wordpress\/wp-content\/uploads\/2021\/12\/CORRIERE-CONSIGLIO-SELVA-DI-CADORE.mp3<\/a><\/audio>\n<p>&nbsp;<\/p>\n<blockquote>\n<h2>UN&#8217;ALTRA SCOPPIETTANTE SEDUTA CONSILIARE A SELVA DI CADORE<\/h2>\n<\/blockquote>\n<p><strong><img loading=\"lazy\" decoding=\"async\" class=\"alignleft\" src=\"https:\/\/www.radiopiu.net\/wordpress\/wp-content\/uploads\/2021\/10\/ec03ac44-24c8-48c5-8cc9-fb6bdb199399.jpg\" width=\"317\" height=\"178\" \/>SELVA DI CADORE<\/strong>Il confronto si \u00e8 acceso quando la maggioranza ha riproposto la\u00a0determinazione degli indirizzi per la nomina e la designazione dei rappresentanti del comune presso enti, aziende ed istituzioni. A destare l\u2019irritazione della minoranza il passaggio in questione: \u201c<em>qualora non residenti nel Comune, devono dimostrare comprovata e approfondita conoscenza della realt\u00e0 locale al fine di garantire adeguata rappresentativit\u00e0<\/em>\u201d. La proposta di cassare il passaggio incriminato da parte di Adriano Peretti \u00e8 stata bocciata mentre la delibera \u00e8 stata approvata con i soli voti della maggioranza. Una situazione che il consigliere di minoranza\u00a0De Bortoli\u00a0commenta cos\u00ec: \u201d<em>ci troviamo dinanzi ad una discriminazione bella e buona con il fine ultimo di estromettere i componenti della minoranza (nessuno \u00e8 infatti residente a Selva ndr) da qualsiasi futura nomina si rendesse necessaria. Gi\u00e0 nel primo consiglio avevamo avuto modo di suggerire al Sindaco di eliminare il punto, ma pur apprezzando lo sforzo creativo di cambiarne la forma notiamo che la sostanza \u00e8 rimasta tale e quale. Se questo \u00e8 lo spirito collaborativo tanto sbandierato ne prendiamo atto e ci prepariamo sin d\u2019ora a dare battaglia nei prossimi consigli. Abbiamo gi\u00e0 preparato un\u2019interrogazione con la quale chiederemo di definire, a questo punto, quali siano i criteri con i quali si reputeranno degni i consiglieri. Sar\u00e0 sufficiente conoscere i nomi delle frazioni, l\u2019et\u00e0 dell\u2019abitante pi\u00f9 anziano o che altro?\u201d <\/em>La seduta prevedeva anche la relazione dell\u2019assessore al turismo Ivo Torre sull\u2019andamento dell\u2019ultimo esercizio della societ\u00e0\u00a0Val Fiorentina, partecipata dal comune al 35%. Il\u00a0capogruppo Peretti\u00a0evidenzia: <em>\u201ccon nostra sorpresa e modi irrituali sono intervenuti Beraldo e Scarian, rispettivamente Presidente e commercialista della societ\u00e0. Dalle considerazioni fatte dai due ospiti \u00e8 emerso come il risultato dell\u2019ultimo esercizio sia fortemente negativo. Dalle parole di Beraldo poi \u00e8 trasparita una forte preoccupazione; a questo punto mi chiedo quale posizione intenda assumere il Comune che, in qualit\u00e0 di azionista di maggioranza relativa, dovr\u00e0 far sentire &#8211; dopo l\u2019assenza ingiustificata dello scorso anno &#8211; la propria voce nel corso dell\u2019assemblea del prossimo 18 dicembre. La situazione economica della societ\u00e0 ci preoccupa e per questo non mancheremo di vigilare nell\u2019interesse della comunit\u00e0<\/em>\u201d<\/p>\n<p>&nbsp;<\/p>\n<p>&nbsp;<\/p>\n<p>&nbsp;<\/p>\n<p>&nbsp;<\/p>\n<hr \/>\n<p>&nbsp;<\/p>\n<blockquote>\n<h3>MEDICO DI BASE, SGOMBERO NEVE, POLIZIA LOCALE E ALTRO DAL CONSIGLIO COMUNALE DI VOLTAGO<\/h3>\n<\/blockquote>\n<p><strong>VOLTAGO<\/strong> Il consiglio comunale di Voltago ha affrontato nel corso della variazione al bilancio l&#8217;argomento ambulatorio medico. A Voltago in Municipio? O meglio a Frassen\u00e9 dove c&#8217;\u00e8 la Farmacia. Per il sindaco andrebbe bene averlo sia in centro che nella periferica Frassene&#8217;<\/p>\n<p><strong>IL DIBATTITO CONSILIARE<\/strong><\/p>\n<audio class=\"wp-audio-shortcode\" id=\"audio-245889-7\" preload=\"none\" style=\"width: 100%;\" controls=\"controls\"><source type=\"audio\/mpeg\" src=\"https:\/\/www.radiopiu.net\/wordpress\/wp-content\/uploads\/2021\/12\/DIBATTITO-AMBULATORIO.mp3?_=7\" \/><a href=\"https:\/\/www.radiopiu.net\/wordpress\/wp-content\/uploads\/2021\/12\/DIBATTITO-AMBULATORIO.mp3\">https:\/\/www.radiopiu.net\/wordpress\/wp-content\/uploads\/2021\/12\/DIBATTITO-AMBULATORIO.mp3<\/a><\/audio>\n<p>&nbsp;<\/p>\n<p><strong><a href=\"https:\/\/www.radiopiu.net\/wordpress\/giornale-radiopiu-23-marzo-2019-direttore-mirko-mezzacasa\/voltago-2-3\/\" rel=\"attachment wp-att-79957\"><img loading=\"lazy\" decoding=\"async\" class=\"size-medium wp-image-79957 alignleft\" src=\"https:\/\/www.radiopiu.net\/wordpress\/wp-content\/uploads\/2019\/03\/voltago-2-300x169.jpg\" alt=\"\" width=\"300\" height=\"169\" srcset=\"https:\/\/www.radiopiu.net\/wordpress\/wp-content\/uploads\/2019\/03\/voltago-2-300x169.jpg 300w, https:\/\/www.radiopiu.net\/wordpress\/wp-content\/uploads\/2019\/03\/voltago-2-768x432.jpg 768w, https:\/\/www.radiopiu.net\/wordpress\/wp-content\/uploads\/2019\/03\/voltago-2-1024x576.jpg 1024w, https:\/\/www.radiopiu.net\/wordpress\/wp-content\/uploads\/2019\/03\/voltago-2.jpg 1600w\" sizes=\"auto, (max-width: 300px) 100vw, 300px\" \/><\/a>DAL CORRIERE DELLE ALPI<\/strong><\/p>\n<audio class=\"wp-audio-shortcode\" id=\"audio-245889-8\" preload=\"none\" style=\"width: 100%;\" controls=\"controls\"><source type=\"audio\/mpeg\" src=\"https:\/\/www.radiopiu.net\/wordpress\/wp-content\/uploads\/2021\/12\/CORRIERE-CONSIGLIO-VOLTAGO.mp3?_=8\" \/><a href=\"https:\/\/www.radiopiu.net\/wordpress\/wp-content\/uploads\/2021\/12\/CORRIERE-CONSIGLIO-VOLTAGO.mp3\">https:\/\/www.radiopiu.net\/wordpress\/wp-content\/uploads\/2021\/12\/CORRIERE-CONSIGLIO-VOLTAGO.mp3<\/a><\/audio>\n<p>&nbsp;<\/p>\n<p><strong>IL CONSIGLIO COMUNALE IN DIRETTA SUI CANALI DI RADIO PIU<\/strong><\/p>\n<p><a href=\"https:\/\/www.facebook.com\/mirko.mezzacasa\/videos\/942064476725400\">https:\/\/www.facebook.com\/mirko.mezzacasa\/videos\/942064476725400<\/a><\/p>\n<p>&nbsp;<\/p>\n<p>&nbsp;<\/p>\n<p>&nbsp;<\/p>\n<hr \/>\n<p>&nbsp;<\/p>\n<blockquote>\n<h3>\u00a0IL PARROCO RIUNISCE GLI ANZIANI, PAGA IL COMUNE<\/h3>\n<\/blockquote>\n<p>&nbsp;<\/p>\n<p><strong><img loading=\"lazy\" decoding=\"async\" class=\"alignleft\" src=\"https:\/\/www.radiopiu.net\/wordpress\/wp-content\/uploads\/2021\/12\/soverzene-500x334-1.jpg\" width=\"243\" height=\"162\" \/>SOVERZENE<\/strong><\/p>\n<p><strong>DI DAMIANO TORMEN<\/strong><\/p>\n<audio class=\"wp-audio-shortcode\" id=\"audio-245889-9\" preload=\"none\" style=\"width: 100%;\" controls=\"controls\"><source type=\"audio\/mpeg\" src=\"https:\/\/www.radiopiu.net\/wordpress\/wp-content\/uploads\/2021\/12\/damiano.mp3?_=9\" \/><a href=\"https:\/\/www.radiopiu.net\/wordpress\/wp-content\/uploads\/2021\/12\/damiano.mp3\">https:\/\/www.radiopiu.net\/wordpress\/wp-content\/uploads\/2021\/12\/damiano.mp3<\/a><\/audio>\n<p>&nbsp;<\/p>\n<p>&nbsp;<\/p>\n<p>&nbsp;<\/p>\n<hr \/>\n<h3><span style=\"color: #0000ff;\">\u00a0<\/span><\/h3>\n<h3><span style=\"color: #0000ff;\">INFORMAZIONE il canale su TELEGRAM informazione di prima mano e in tempo reale. iscriviti ed aiutaci a farlo conoscere\u00a0\u00a0<\/span><\/h3>\n<p>&nbsp;<\/p>\n<hr \/>\n<p>&nbsp;<\/p>\n<p>&nbsp;<\/p>\n<blockquote>\n<h3>LA CONFERENZA DEI SERVIZI DICE SI&#8217; AL NUOVO PONTE A LAMBIOI<\/h3>\n<\/blockquote>\n<blockquote><p><em><strong>un passaggio fondamentale che ora\u00a0 permetter\u00e0 di approvare il progetto definitivo del ponte e della viabilit\u00e0<\/strong><\/em><\/p><\/blockquote>\n<p><b><strong><a href=\"https:\/\/www.radiopiu.net\/wordpress\/giornale-radio-piu-21-marzo-2018-direttore-mirko-mezzacasa\/biagio\/\" rel=\"attachment wp-att-45153\"><img loading=\"lazy\" decoding=\"async\" class=\" wp-image-45153 alignleft\" src=\"https:\/\/www.radiopiu.net\/wordpress\/wp-content\/uploads\/2018\/03\/biagio.jpg\" alt=\"\" width=\"83\" height=\"125\" \/><\/a><\/strong>BELLUNO\u00a0<\/b> Via libera dalla conferenza dei servizi al nuovo ponte sul Piave a Lambioi, in sostituzione dell&#8217;attuale ponte bailey: tecnici e progettisti si sono trovati ieri per dare gli ultimi pareri favorevoli necessari alla prosecuzione del progetto. Pareri favorevoli anche dall&#8217;Area Tutela e Sicurezza del territorio della Regione Veneto, dal Settore Urbanistica e mobilit\u00e0 della Provincia di Belluno, dal Dipartimento di Prevenzione Servizio Igiene e Sanit\u00e0 Pubblica ULSS 1, da BIM Infrastrutture, da BIM GSP, da DolomitiBus, dalla Polizia Locale di Belluno, da Telecom Italia \u2013 che ha richiesto di prevedere sul nuovo ponte un cavidotto per le proprie linee \u2013 e dal Consiglio di Bacino per il servizio idrico integrato.<\/p>\n<p><strong>L&#8217;ASSESSORE BIAGIO GIANNONE (FOTO)<\/strong><\/p>\n<audio class=\"wp-audio-shortcode\" id=\"audio-245889-10\" preload=\"none\" style=\"width: 100%;\" controls=\"controls\"><source type=\"audio\/mpeg\" src=\"https:\/\/www.radiopiu.net\/wordpress\/wp-content\/uploads\/2021\/12\/Giannone-Conferenza-servizi-nuovo-ponte-Lambioi-ok.mp3?_=10\" \/><a href=\"https:\/\/www.radiopiu.net\/wordpress\/wp-content\/uploads\/2021\/12\/Giannone-Conferenza-servizi-nuovo-ponte-Lambioi-ok.mp3\">https:\/\/www.radiopiu.net\/wordpress\/wp-content\/uploads\/2021\/12\/Giannone-Conferenza-servizi-nuovo-ponte-Lambioi-ok.mp3<\/a><\/audio>\n<p>&nbsp;<\/p>\n<hr \/>\n<p>&nbsp;<\/p>\n<blockquote>\n<h3>DILLO A RADIO PIU&#8230; DOLOMITIBUS &#8220;NON CI SIAMO&#8221;<\/h3>\n<\/blockquote>\n<p><strong>REDAZIONE<\/strong> Anche oggi riceviamo e volentieri pubblichiamo una riflessione sul trasporto pubblico locale, Dolomitibus in particolare,\u00a0 che dovrebbe essere un fiore all&#8217;occhiello in questa provincia anche in virt\u00f9 di chi ha preceduto gli amministratori unici, delegati, o amministratori con delega al TPL. Come \u00e8 possibile che le critiche siano quotidiane, che manchino le risposte, che ci sia quasi un menefreghismo verso chi paga regolarmente l&#8217;abbonamento ad inizio mese? E&#8217; questo il rispetto per il cliente e per il cittadino bellunese <img loading=\"lazy\" decoding=\"async\" class=\"alignleft\" src=\"https:\/\/www.radiopiu.net\/wordpress\/wp-content\/uploads\/2020\/06\/97384eec-d2d4-4e19-bdc9-7845fa51b71c.jpg\" width=\"298\" height=\"224\" \/>soprattutto quello che vive le zone pi\u00f9 svantaggiate dove la parola del politico di turno \u00e8 &#8220;spopolamento&#8221;. Appunto, parole.<\/p>\n<p><strong>LA LETTERA<\/strong><\/p>\n<blockquote><p><em>Scrivo sempre riguardo al problema Dolomiti bus con riferimento alle &#8220;non corse&#8221; nei giorni feriali\u00a0 sulla tratta Belluno stazione &#8211; Falcade e viceversa. Contattata\u00a0 via mail Dolomitibus ho sentito la\u00a0 solita risposta: mancanza di personale causa nuove disposizioni covid e poco afflusso di persone che percorrono la tratta. Ma come sia fa\u00a0 a non garantire almeno una corsa a meta&#8217; giornata (giorni feriali) che salga e scenda da Falcade a Belluno.\u00a0 Qui vivono persone, anziani e non,\u00a0 automuniti ma anche no e poi ci sono i turisti. Possibile che\u00a0 non possa essere garantito almeno un minimo di trasporto pubblico locale nei giorni feriali? Nelle altre citt\u00e0\u00a0 e province venete \u00e8\u00a0 parzialmente garantito. Non lo trovo corretto.\u00a0\u00a0<\/em><\/p>\n<p>lettera firmata<\/p>\n<p>&nbsp;<\/p><\/blockquote>\n<hr \/>\n<p>&nbsp;<\/p>\n<blockquote class=\"wp-embedded-content\" data-secret=\"KeJcvyOJwo\"><p><a href=\"https:\/\/www.radiopiu.net\/wordpress\/aggiornamentonazdic01\/\">CORONAVIRUS: AGGIORNAMENTO NAZIONALE 01 DICEMBRE  2021<\/a><\/p><\/blockquote>\n<p><iframe loading=\"lazy\" class=\"wp-embedded-content\" sandbox=\"allow-scripts\" security=\"restricted\" style=\"position: absolute; clip: rect(1px, 1px, 1px, 1px);\" title=\"&#8220;CORONAVIRUS: AGGIORNAMENTO NAZIONALE 01 DICEMBRE  2021&#8221; &#8212; Radio Pi\u00f9\" src=\"https:\/\/www.radiopiu.net\/wordpress\/aggiornamentonazdic01\/embed\/#?secret=KeJcvyOJwo\" data-secret=\"KeJcvyOJwo\" width=\"600\" height=\"338\" frameborder=\"0\" marginwidth=\"0\" marginheight=\"0\" scrolling=\"no\"><\/iframe><\/p>\n<p>&nbsp;<\/p>\n<blockquote class=\"wp-embedded-content\" data-secret=\"siZMHB2mMN\"><p><a href=\"https:\/\/www.radiopiu.net\/wordpress\/agg01dic\/\">CONTAGI IN CRESCITA, TERAPIA INTENSIVA: 108  E 14 DECESSI IN 24 ORE<\/a><\/p><\/blockquote>\n<p><iframe loading=\"lazy\" class=\"wp-embedded-content\" sandbox=\"allow-scripts\" security=\"restricted\" style=\"position: absolute; clip: rect(1px, 1px, 1px, 1px);\" title=\"&#8220;CONTAGI IN CRESCITA, TERAPIA INTENSIVA: 108  E 14 DECESSI IN 24 ORE&#8221; &#8212; Radio Pi\u00f9\" src=\"https:\/\/www.radiopiu.net\/wordpress\/agg01dic\/embed\/#?secret=siZMHB2mMN\" data-secret=\"siZMHB2mMN\" width=\"600\" height=\"338\" frameborder=\"0\" marginwidth=\"0\" marginheight=\"0\" scrolling=\"no\"><\/iframe><\/p>\n<h2>I GRAFICI DI TIZIANO DE COL<\/h2>\n\n\t\t\t<style type='text\/css'>\n\t\t\t\t#gallery-2 {\n\t\t\t\t\tmargin: auto;\n\t\t\t\t}\n\t\t\t\t#gallery-2 .gallery-item {\n\t\t\t\t\tfloat: left;\n\t\t\t\t\tmargin-top: 10px;\n\t\t\t\t\ttext-align: center;\n\t\t\t\t\twidth: 33%;\n\t\t\t\t}\n\t\t\t\t#gallery-2 img {\n\t\t\t\t\tborder: 2px solid #cfcfcf;\n\t\t\t\t}\n\t\t\t\t#gallery-2 .gallery-caption {\n\t\t\t\t\tmargin-left: 0;\n\t\t\t\t}\n\t\t\t\t\/* see gallery_shortcode() in wp-includes\/media.php *\/\n\t\t\t<\/style>\n\t\t<div id='gallery-2' class='dt-gallery-container gallery galleryid-245889 gallery-columns-3 gallery-size-medium'><dl class='gallery-item'>\n\t\t\t\t<dt class='gallery-icon landscape'>\n\t\t\t\t\t<a class=\"rollover rollover-zoom dt-pswp-item\" title=\"6dc7bf38-9a37-4d7a-9afb-28a57a128c97\" data-dt-img-description=\"\" data-large_image_width=\"598\" data-large_image_height=\"356\"href='https:\/\/www.radiopiu.net\/wordpress\/wp-content\/uploads\/2021\/12\/6dc7bf38-9a37-4d7a-9afb-28a57a128c97.jpg'><img loading=\"lazy\" decoding=\"async\" width=\"300\" height=\"179\" src=\"https:\/\/www.radiopiu.net\/wordpress\/wp-content\/uploads\/2021\/12\/6dc7bf38-9a37-4d7a-9afb-28a57a128c97-300x179.jpg\" class=\"attachment-medium size-medium\" alt=\"\" srcset=\"https:\/\/www.radiopiu.net\/wordpress\/wp-content\/uploads\/2021\/12\/6dc7bf38-9a37-4d7a-9afb-28a57a128c97-300x179.jpg 300w, https:\/\/www.radiopiu.net\/wordpress\/wp-content\/uploads\/2021\/12\/6dc7bf38-9a37-4d7a-9afb-28a57a128c97.jpg 598w\" sizes=\"auto, (max-width: 300px) 100vw, 300px\" \/><\/a>\n\t\t\t\t<\/dt><\/dl><dl class='gallery-item'>\n\t\t\t\t<dt class='gallery-icon landscape'>\n\t\t\t\t\t<a class=\"rollover rollover-zoom dt-pswp-item\" title=\"87a542fc-aa4c-4e4e-bb0b-0a1aef48935c\" data-dt-img-description=\"\" data-large_image_width=\"614\" data-large_image_height=\"373\"href='https:\/\/www.radiopiu.net\/wordpress\/wp-content\/uploads\/2021\/12\/87a542fc-aa4c-4e4e-bb0b-0a1aef48935c.jpg'><img loading=\"lazy\" decoding=\"async\" width=\"300\" height=\"182\" src=\"https:\/\/www.radiopiu.net\/wordpress\/wp-content\/uploads\/2021\/12\/87a542fc-aa4c-4e4e-bb0b-0a1aef48935c-300x182.jpg\" class=\"attachment-medium size-medium\" alt=\"\" srcset=\"https:\/\/www.radiopiu.net\/wordpress\/wp-content\/uploads\/2021\/12\/87a542fc-aa4c-4e4e-bb0b-0a1aef48935c-300x182.jpg 300w, https:\/\/www.radiopiu.net\/wordpress\/wp-content\/uploads\/2021\/12\/87a542fc-aa4c-4e4e-bb0b-0a1aef48935c.jpg 614w\" sizes=\"auto, (max-width: 300px) 100vw, 300px\" \/><\/a>\n\t\t\t\t<\/dt><\/dl><dl class='gallery-item'>\n\t\t\t\t<dt class='gallery-icon landscape'>\n\t\t\t\t\t<a class=\"rollover rollover-zoom dt-pswp-item\" title=\"45f5a1af-9e18-41fb-9305-2af63266afc4\" data-dt-img-description=\"\" data-large_image_width=\"612\" data-large_image_height=\"357\"href='https:\/\/www.radiopiu.net\/wordpress\/wp-content\/uploads\/2021\/12\/45f5a1af-9e18-41fb-9305-2af63266afc4.jpg'><img loading=\"lazy\" decoding=\"async\" width=\"300\" height=\"175\" src=\"https:\/\/www.radiopiu.net\/wordpress\/wp-content\/uploads\/2021\/12\/45f5a1af-9e18-41fb-9305-2af63266afc4-300x175.jpg\" class=\"attachment-medium size-medium\" alt=\"\" srcset=\"https:\/\/www.radiopiu.net\/wordpress\/wp-content\/uploads\/2021\/12\/45f5a1af-9e18-41fb-9305-2af63266afc4-300x175.jpg 300w, https:\/\/www.radiopiu.net\/wordpress\/wp-content\/uploads\/2021\/12\/45f5a1af-9e18-41fb-9305-2af63266afc4.jpg 612w\" sizes=\"auto, (max-width: 300px) 100vw, 300px\" \/><\/a>\n\t\t\t\t<\/dt><\/dl><br style=\"clear: both\" \/><dl class='gallery-item'>\n\t\t\t\t<dt class='gallery-icon landscape'>\n\t\t\t\t\t<a class=\"rollover rollover-zoom dt-pswp-item\" title=\"6d8d8f67-5787-48bb-88b5-75884f2471c8\" data-dt-img-description=\"\" data-large_image_width=\"618\" data-large_image_height=\"358\"href='https:\/\/www.radiopiu.net\/wordpress\/wp-content\/uploads\/2021\/12\/6d8d8f67-5787-48bb-88b5-75884f2471c8.jpg'><img loading=\"lazy\" decoding=\"async\" width=\"300\" height=\"174\" src=\"https:\/\/www.radiopiu.net\/wordpress\/wp-content\/uploads\/2021\/12\/6d8d8f67-5787-48bb-88b5-75884f2471c8-300x174.jpg\" class=\"attachment-medium size-medium\" alt=\"\" srcset=\"https:\/\/www.radiopiu.net\/wordpress\/wp-content\/uploads\/2021\/12\/6d8d8f67-5787-48bb-88b5-75884f2471c8-300x174.jpg 300w, https:\/\/www.radiopiu.net\/wordpress\/wp-content\/uploads\/2021\/12\/6d8d8f67-5787-48bb-88b5-75884f2471c8.jpg 618w\" sizes=\"auto, (max-width: 300px) 100vw, 300px\" \/><\/a>\n\t\t\t\t<\/dt><\/dl><dl class='gallery-item'>\n\t\t\t\t<dt class='gallery-icon landscape'>\n\t\t\t\t\t<a class=\"rollover rollover-zoom dt-pswp-item\" title=\"d719f213-58b3-41f2-b59d-a94cc6fc99b2\" data-dt-img-description=\"\" data-large_image_width=\"602\" data-large_image_height=\"355\"href='https:\/\/www.radiopiu.net\/wordpress\/wp-content\/uploads\/2021\/12\/d719f213-58b3-41f2-b59d-a94cc6fc99b2.jpg'><img loading=\"lazy\" decoding=\"async\" width=\"300\" height=\"177\" src=\"https:\/\/www.radiopiu.net\/wordpress\/wp-content\/uploads\/2021\/12\/d719f213-58b3-41f2-b59d-a94cc6fc99b2-300x177.jpg\" class=\"attachment-medium size-medium\" alt=\"\" srcset=\"https:\/\/www.radiopiu.net\/wordpress\/wp-content\/uploads\/2021\/12\/d719f213-58b3-41f2-b59d-a94cc6fc99b2-300x177.jpg 300w, https:\/\/www.radiopiu.net\/wordpress\/wp-content\/uploads\/2021\/12\/d719f213-58b3-41f2-b59d-a94cc6fc99b2.jpg 602w\" sizes=\"auto, (max-width: 300px) 100vw, 300px\" \/><\/a>\n\t\t\t\t<\/dt><\/dl>\n\t\t\t\t<br style='clear: both' \/>\n\t\t\t<\/div>\n\n<p>&nbsp;<\/p>\n<hr \/>\n<p>&nbsp;<\/p>\n<blockquote>\n<h3>COVID. AGGIORNATO AL 1 DICEMBRE IL MONITORAGGIO SULLE SCUOLE IN VENETO<\/h3>\n<\/blockquote>\n<p><strong>VENEZIA <\/strong>La Regione Veneto ha diffuso i dati aggiornati all\u20191 dicembre, elaborati da Azienda Zero, riguardanti il monitoraggio, avviato mesi addietro, in atto su un ampio spettro di \u201cscuole sentinella\u201d, al quale hanno aderito, in totale, il 70,8% degli Istituti primari, secondari di primo grado e di secondo grado. Il totale degli \u201ceventi\u201d (per evento s\u2019intende la presenza in classe di un positivo che ha determinato l\u2019identificazione di un gruppo di contatti scolastici) \u00e8 a 4.832, con 96.017 alunni, operatori e insegnanti coinvolti in monitoraggio con mantenimento della frequenza scolastica con screening ripetuto. Il numero complessivo di eventi finora registrati \u00e8 di 1.835; gli studenti risultati positivi sono 3.369; quelli in monitoraggio 15.495; quelli in quarantena 16.216. Per quanto riguarda docenti e personale amministrativo, i positivi sono a oggi 263; i positivi in quarantena 846; i positivi in monitoraggio 1.095.<\/p>\n<p><strong>IL BOLLETTINO SULLE SCUOLE (3 PAGINE)<\/strong><\/p>\n<a href=\"https:\/\/www.radiopiu.net\/wordpress\/wp-content\/uploads\/2021\/12\/20211201_BollettinoScuole_2021-22-1.pdf\" class=\"pdfemb-viewer\" style=\"\" data-width=\"max\" data-height=\"max\" data-toolbar=\"top\" data-toolbar-fixed=\"on\">20211201_BollettinoScuole_2021-22 (1)<\/a>\n<p>&nbsp;<\/p>\n<hr \/>\n<p>&nbsp;<\/p>\n<blockquote>\n<h3>ULSS: POSITIVO INCONTRO CON LE ORGANIZZAZIONI SINDACALI DEL COMPARTO<\/h3>\n<\/blockquote>\n<p><strong>BELLUNO <\/strong>Si \u00e8 svolto ieri, nella sede di Via Feltre a Belluno, un incontro con le Organizzazioni sindacali e RSU del comparto dell\u2019ulss Dolomiti. L\u2019incontro \u00e8 stato definito proficuo da entrambe le parti, tanto che \u00e8 stato condiviso di dare continuit\u00e0 agli appuntamenti sindacali ogni ultimo marted\u00ec del mese e di stabilire ogni 15 giorni un aggiornamento sull\u2019evoluzione epidemiologica del Covid 19. E\u2019 stato confermato l\u2019accordo per le fasce per l\u2019anno 2021 con la definizione di tempi e modi di applicazione (liquidazione entro i primi mesi del 2022). Le parti hanno preso visione dei residui dei fondi contrattuali degli anni 2019 e 2020 ed hanno concordato di mantenere in essere alcune progettualit\u00e0, legate alle condizioni di disagio e di impegno profuso dai lavoratori, nonch\u00e9 di considerare altre progettualit\u00e0 trasversali coinvolgenti diverse categorie, a beneficio di numerosi dipendenti, riconoscendo la disponibilit\u00e0 data durante l\u2019epidemia.<\/p>\n<p>&nbsp;<\/p>\n<p>&nbsp;<\/p>\n<hr \/>\n<p>&nbsp;<\/p>\n<blockquote>\n<h3>HANNO PRESO SERVIZIO IERI I PRIMARI DI RADIOTERAPIA E PSICHIATRIA DI BELLUNO<\/h3>\n<\/blockquote>\n<p><strong>BELLUNO <\/strong>Hanno preso servizio oggi i dottori Alessandro Magli e Aldo Gatto, nuovi direttori rispettivamente delle unit\u00e0 operative di \u00a0Radioterapia e Psichiatria di Belluno, recentemente nominati in esito alle procedure concorsuali.<\/p>\n<p><strong><a href=\"https:\/\/www.radiopiu.net\/wordpress\/giornale-radiopiu-02-dicembre-2021-direttore-mirko-mezzacasa\/magli\/\" rel=\"attachment wp-att-246037\"><img loading=\"lazy\" decoding=\"async\" class=\" wp-image-246037 alignleft\" src=\"https:\/\/www.radiopiu.net\/wordpress\/wp-content\/uploads\/2021\/12\/magli-300x273.jpeg\" alt=\"\" width=\"173\" height=\"157\" srcset=\"https:\/\/www.radiopiu.net\/wordpress\/wp-content\/uploads\/2021\/12\/magli-300x273.jpeg 300w, https:\/\/www.radiopiu.net\/wordpress\/wp-content\/uploads\/2021\/12\/magli-1024x931.jpeg 1024w, https:\/\/www.radiopiu.net\/wordpress\/wp-content\/uploads\/2021\/12\/magli-768x699.jpeg 768w, https:\/\/www.radiopiu.net\/wordpress\/wp-content\/uploads\/2021\/12\/magli.jpeg 1394w\" sizes=\"auto, (max-width: 173px) 100vw, 173px\" \/><\/a>Dr Magli \u2013 direttore RADIOTERAPIA <\/strong>Il dottor Alessandro Magli \u00e8 il nuovo direttore della Radioterapia. Classe 1970, originario di Varese, si \u00e8 laureato in Medicina e chirurgia all\u2019universit\u00e0 di Pavia dove poi si \u00e8 specializzato in Radioterapia oncologica. Proviene dall\u2019Azienda ospedaliera universitaria di Udine, dove ricopriva un incarico di alta specialit\u00e0 per la gestione di tecniche speciali di radioterapia guidata dalle immagini. \u00c8 stato docente di radioterapia all\u2019universit\u00e0 di Udine dal 2009 al 2015. Ha al suo attivo numerose pubblicazioni, anche in prestigiose riviste internazionali. Nel corso della sua carriera ha approfondito in particolare le tecniche di radioterapia per la cura dei tumori alla prostata, ambito in cui \u00e8 riconosciuto come uno dei pi\u00f9 prestigiosi esperti. Ha promosso e condotto, infatti, anche numerosi studi sul tema.<\/p>\n<p><strong><a href=\"https:\/\/www.radiopiu.net\/wordpress\/giornale-radiopiu-02-dicembre-2021-direttore-mirko-mezzacasa\/gatto-2\/\" rel=\"attachment wp-att-246038\"><img loading=\"lazy\" decoding=\"async\" class=\"wp-image-246038 alignright\" src=\"https:\/\/www.radiopiu.net\/wordpress\/wp-content\/uploads\/2021\/12\/gatto-300x253.jpeg\" alt=\"\" width=\"168\" height=\"142\" srcset=\"https:\/\/www.radiopiu.net\/wordpress\/wp-content\/uploads\/2021\/12\/gatto-300x253.jpeg 300w, https:\/\/www.radiopiu.net\/wordpress\/wp-content\/uploads\/2021\/12\/gatto-1024x865.jpeg 1024w, https:\/\/www.radiopiu.net\/wordpress\/wp-content\/uploads\/2021\/12\/gatto-768x648.jpeg 768w, https:\/\/www.radiopiu.net\/wordpress\/wp-content\/uploads\/2021\/12\/gatto-1536x1297.jpeg 1536w, https:\/\/www.radiopiu.net\/wordpress\/wp-content\/uploads\/2021\/12\/gatto.jpeg 1541w\" sizes=\"auto, (max-width: 168px) 100vw, 168px\" \/><\/a>Dr Gatto \u2013 direttore Psichiatria Belluno <\/strong>Il dottor Aldo Gatto \u00e8 il nuovo direttore della Psichiatria di Belluno. Classe 1969, padovano, si \u00e8 laureato in medicina e chirurgia e specializzato in Psichiatria all\u2019universit\u00e0 di Padova. Proviene dall\u2019Azienda Ulss 6 Euganea, dove ricopriva un incarico di alta specializzazione. Ha seguito una specializzazione in psicoterapia cognitivo comportamentale degli esordi psicotici all\u2019universit\u00e0 di Verona e un perfezionamento avanzato sull\u2019implementazione e valutazione di interventi innovativi per pazienti all\u2019esordio psicotico e per i loro familiari. Si \u00e8 occupato sia del coordinamento di centri di salute mentale sul territorio che della gestione di reparti di degenza. Inoltre, ha svolto attivit\u00e0 di supervisione in vari Centri Diurni volti al trattamento psicoeducazionale nella disabilit\u00e0 adulta e nelle dinamiche di gruppo.<\/p>\n<p>&nbsp;<\/p>\n<p>&nbsp;<\/p>\n<hr \/>\n<p>&nbsp;<\/p>\n<blockquote>\n<h3>APERTA LA CAMPAGNA &#8220;GIU&#8217; LE MANI DALLA SANITA&#8217; BELLUNESE&#8221;. IL 12 DICEMBRE LA GIORNATA INTERNAZIONALE DELLA COPERTURA SANITARIA UNIVERSALE<\/h3>\n<\/blockquote>\n<p><strong><a href=\"https:\/\/www.radiopiu.net\/wordpress\/aperta-la-campagna-giu-le-mani-dalla-sanita-bellunese-il-12-dicembre-la-giornata-internazionale-della-copertura-sanitaria-universale\/schermata-2021-12-01-alle-16-15-29\/\" rel=\"attachment wp-att-246040\"><img loading=\"lazy\" decoding=\"async\" class=\"size-medium wp-image-246040 alignleft\" src=\"https:\/\/www.radiopiu.net\/wordpress\/wp-content\/uploads\/2021\/12\/Schermata-2021-12-01-alle-16.15.29-300x166.png\" alt=\"\" width=\"300\" height=\"166\" srcset=\"https:\/\/www.radiopiu.net\/wordpress\/wp-content\/uploads\/2021\/12\/Schermata-2021-12-01-alle-16.15.29-300x166.png 300w, https:\/\/www.radiopiu.net\/wordpress\/wp-content\/uploads\/2021\/12\/Schermata-2021-12-01-alle-16.15.29-1024x565.png 1024w, https:\/\/www.radiopiu.net\/wordpress\/wp-content\/uploads\/2021\/12\/Schermata-2021-12-01-alle-16.15.29-768x424.png 768w, https:\/\/www.radiopiu.net\/wordpress\/wp-content\/uploads\/2021\/12\/Schermata-2021-12-01-alle-16.15.29.png 1214w\" sizes=\"auto, (max-width: 300px) 100vw, 300px\" \/><\/a>FELTRE <\/strong>Il 12 dicembre \u00e8 la Giornata Internazionale della Copertura Sanitaria Universale, una ricorrenza importante istituita dalle Nazioni Unite che mira ad aumentare la consapevolezza rispetto alla necessit\u00e0 di avere sistemi sanitari che garantiscano cure sanitarie accessibili e di qualit\u00e0 a tutti. L&#8217;attuale emergenza sanitaria ci ha dimostrato con forza come la presenza di un sistema sanitario pubblico ed universalistico sia una questione dirimente per gli esiti di salute della popolazione e fondamentale nel garantire il diritto di cura per tutte le persone. &#8220;<em>Da gli organi d&#8217;informazione<\/em><em>\u00a0leggiamo molte notizie che segnalano le difficolt\u00e0 del sistema dei Servizi socio-sanitari nel nostro territorio, conseguenza sia di una inadeguata programmazione che di precise politiche che hanno contribuito ad un suo progressivo depotenziamento &#8211; dicono dal comitato feltrino per il diritto alla salute &#8211; Un processo che dura oramai da diversi anni e per questo non pi\u00f9 accettabile: in gioco infatti, c&#8217;\u00e8 il fondamentale diritto alla salute di tutte le persone<\/em>&#8220;. Per fare crescere la consapevolezza e la partecipazione rispetto a questo importante problema, perch\u00e9 il diritto alla salute coinvolge ed \u00e8 interesse di tutta la comunit\u00e0, la rete formata dal comitato feltrino per il diritto alla salute apre la campagna \u201cGi\u00f9 le mani dalla sanit\u00e0 bellunese\u201d. Per partecipare alla campagna, nel weekend del 11 e 12 dicembre 2021 si possono scaricare i cartelli che si trovano sul sito <a title=\"https:\/\/sanitabellunese.wixsite.com\/campagna\" href=\"https:\/\/sanitabellunese.wixsite.com\/campagna\" target=\"_blank\" rel=\"noopener\">https:\/\/sanitabellunese.wixsite.com\/campagna<\/a>, oppure si pu\u00f2 preparare un cartello, un disegno o uno striscione con la scritta \u201cGi\u00f9 le mani dalla sanit\u00e0 bellunese\u201d; scegliere un luogo simbolico e farsi una foto; pubblicare la foto nei profili social con l&#8217;hashtag<span style=\"color: #0000ff;\"> #sanit\u00e0bellunese<\/span> o inviare la foto all&#8217;indirizzo e-mail\u00a0 <span style=\"color: #0000ff;\"><a href=\"mailto:sanitabellunese@gmail.com\" target=\"_blank\" rel=\"noopener\">sanitabellunese@gmail.com <\/a><\/span>Si possono coinvolgere amici o familiari e cogliere l&#8217;occasione per promuovere la petizione \u201cGI\u00d9 LE MANI DALLA SANIT\u00c0 PUBBLICA &#8211; No alla chiusura di psichiatria a Feltre\u201d pubblicata sul sito <a href=\"https:\/\/change.org\/nochiusurapsichiatriafeltre\" target=\"_blank\" rel=\"noopener\">https:\/\/change.org\/nochiusurapsichiatriafeltre<\/a><\/p>\n<p>&nbsp;<\/p>\n<p>&nbsp;<\/p>\n<hr \/>\n<p>&nbsp;<\/p>\n<blockquote>\n<h3>AGGIORNAMENTO DEL DEFR IN CONSIGLIO REGIONALE. BOTTACIN: &#8220;ECONOMIA CIRCOLARE BEN PRESENTE NEL NOSTRO PIANO&#8221;<\/h3>\n<\/blockquote>\n<p><strong><a href=\"https:\/\/www.radiopiu.net\/wordpress\/lassessore-alla-protezione-civile-del-veneto-bottacin-fa-il-punto-dopo-i-terremoti-in-croazia-e-nel-veronese\/bottacin-59\/\" rel=\"attachment wp-att-182306\"><img loading=\"lazy\" decoding=\"async\" class=\"size-medium wp-image-182306 alignleft\" src=\"https:\/\/www.radiopiu.net\/wordpress\/wp-content\/uploads\/2020\/12\/BOTTACIN-1-300x199.png\" alt=\"\" width=\"300\" height=\"199\" srcset=\"https:\/\/www.radiopiu.net\/wordpress\/wp-content\/uploads\/2020\/12\/BOTTACIN-1-300x199.png 300w, https:\/\/www.radiopiu.net\/wordpress\/wp-content\/uploads\/2020\/12\/BOTTACIN-1-1024x678.png 1024w, https:\/\/www.radiopiu.net\/wordpress\/wp-content\/uploads\/2020\/12\/BOTTACIN-1-768x509.png 768w, https:\/\/www.radiopiu.net\/wordpress\/wp-content\/uploads\/2020\/12\/BOTTACIN-1.png 1042w\" sizes=\"auto, (max-width: 300px) 100vw, 300px\" \/><\/a>VENEZIA <\/strong>&#8220;In relazione a una serie di emendamenti in materia di rifiuti presentati dalle minoranze e poi approvati dal Consiglio, di cui condivido i contenuti, va peraltro detto che la declinazione dei principi in essi espressi trovavano gi\u00e0 ampia risposta pratica nel nostro vecchio piano dei rifiuti&#8221;. A dirlo l&#8217;Assessore all\u2019Ambiente della Regione del Veneto Gianpaolo Bottacin in relazione all&#8217;approvazione dell&#8217;aggiornamento del DEFR da parte del Consiglio regionale. &#8220;L&#8217;Economia circolare, ma non solo &#8211; prosegue l&#8217;Assessore -, \u00e8 ben presente sia nel piano in vigore che in quello in itinere, come tante altre scelte che, infatti, hanno portato il Veneto ad essere assolutamente in testa relativamente a molte performance in materia a livello nazionale&#8221;. &#8220;Se peraltro la volont\u00e0 \u00e8 quella di rafforzare tali giusti intendimenti &#8211; conclude Bottacin -, non posso che essere favorevole\u201d.<\/p>\n<p>&nbsp;<\/p>\n<p>&nbsp;<\/p>\n<hr \/>\n<p>&nbsp;<\/p>\n<blockquote>\n<h3>IMPIANTI NEVEGAL: PER LA LEGA L&#8217;APPROCCIO DELL&#8217;AMMINISTRAZIONE DEVE CAMBIARE<\/h3>\n<\/blockquote>\n<p><strong><a href=\"https:\/\/www.radiopiu.net\/wordpress\/giornale-radiopiu-21-marzo-2021-direttore-mirko-mezzacasa\/lega-salvini\/\" rel=\"attachment wp-att-198269\"><img loading=\"lazy\" decoding=\"async\" class=\"wp-image-198269 alignleft\" src=\"https:\/\/www.radiopiu.net\/wordpress\/wp-content\/uploads\/2021\/03\/LEGA-SALVINI.png\" alt=\"\" width=\"108\" height=\"108\" srcset=\"https:\/\/www.radiopiu.net\/wordpress\/wp-content\/uploads\/2021\/03\/LEGA-SALVINI.png 262w, https:\/\/www.radiopiu.net\/wordpress\/wp-content\/uploads\/2021\/03\/LEGA-SALVINI-150x150.png 150w\" sizes=\"auto, (max-width: 108px) 100vw, 108px\" \/><\/a>BELLUNO<\/strong> \u201c<span style=\"font-family: Verdana, sans-serif;\"><span style=\"font-size: small;\">Bene l&#8217;acquisizione degli impianti del Nevegal, ma l&#8217;approccio deve cambiare: non si pu\u00f2 guardare al mero ritorno economico\u201d. La Lega di Belluno torna sull&#8217;annosa questione del rilancio del Colle e lo fa con le dichiarazioni del consigliere comunale Marzio Sovilla. Il voto quasi unanime del Consiglio comunale all&#8217;acquisizione degli impianti fa oggi tirare un sospiro di sollievo, ma ci sono aspetti che ancora non tornano.<\/span><\/span><\/p>\n<p><strong>PAOLO LUCIANI, SEGRETARIO CITTADINO DELLA LEGA<\/strong><\/p>\n<audio class=\"wp-audio-shortcode\" id=\"audio-245889-11\" preload=\"none\" style=\"width: 100%;\" controls=\"controls\"><source type=\"audio\/mpeg\" src=\"https:\/\/www.radiopiu.net\/wordpress\/wp-content\/uploads\/2021\/12\/Luciani-su-Nevegal-1.12.21.mp3?_=11\" \/><a href=\"https:\/\/www.radiopiu.net\/wordpress\/wp-content\/uploads\/2021\/12\/Luciani-su-Nevegal-1.12.21.mp3\">https:\/\/www.radiopiu.net\/wordpress\/wp-content\/uploads\/2021\/12\/Luciani-su-Nevegal-1.12.21.mp3<\/a><\/audio>\n<p>&nbsp;<\/p>\n<p><strong>MARZIO SOVILLA, CONSIGLIERE COMUNALE DELLA LEGA<\/strong><\/p>\n<audio class=\"wp-audio-shortcode\" id=\"audio-245889-12\" preload=\"none\" style=\"width: 100%;\" controls=\"controls\"><source type=\"audio\/mpeg\" src=\"https:\/\/www.radiopiu.net\/wordpress\/wp-content\/uploads\/2021\/12\/Sovilla-su-Nevegal-1.12.21.mp3?_=12\" \/><a href=\"https:\/\/www.radiopiu.net\/wordpress\/wp-content\/uploads\/2021\/12\/Sovilla-su-Nevegal-1.12.21.mp3\">https:\/\/www.radiopiu.net\/wordpress\/wp-content\/uploads\/2021\/12\/Sovilla-su-Nevegal-1.12.21.mp3<\/a><\/audio>\n<p>&nbsp;<\/p>\n<p>&nbsp;<\/p>\n<hr \/>\n<p>&nbsp;<\/p>\n<div>\n<blockquote>\n<h3><b><a href=\"https:\/\/www.radiopiu.net\/wordpress\/giornale-radiopiu-02-dicembre-2021-direttore-mirko-mezzacasa\/pontello_andrea\/\" rel=\"attachment wp-att-245974\"><img loading=\"lazy\" decoding=\"async\" class=\"size-medium wp-image-245974 alignleft\" src=\"https:\/\/www.radiopiu.net\/wordpress\/wp-content\/uploads\/2021\/12\/Pontello_Andrea-225x300.jpg\" alt=\"\" width=\"225\" height=\"300\" srcset=\"https:\/\/www.radiopiu.net\/wordpress\/wp-content\/uploads\/2021\/12\/Pontello_Andrea-225x300.jpg 225w, https:\/\/www.radiopiu.net\/wordpress\/wp-content\/uploads\/2021\/12\/Pontello_Andrea.jpg 600w\" sizes=\"auto, (max-width: 225px) 100vw, 225px\" \/><\/a>Variazione di bilancio: raddoppiato il fondo rotativo per la progettazione e la sicurezza del territorio\u00a0<\/b><\/h3>\n<\/blockquote>\n<p>&nbsp;<\/p>\n<p><strong>PONTE NELLE ALPI<\/strong> Il Comune mette mano al bilancio con una manovra che avantaggia le imprese, il mondo associazionistico e quello sportivo. La spesa corrente a bilancio \u00e8 pari a 130mila euro, quella di investimento a 120mila.<span class=\"gmail-Apple-converted-space\">\u00a0<\/span>Raddoppiato il fondo rotativo per la progettazione, da 50 a 100mila euro, mentre ulteriori 10mila euro sono destinati a implementare l\u2019impianto di illuminazione pubblica.<span class=\"gmail-Apple-converted-space\"> \u00a0<\/span>Confermati i 50mila euro di contributo per le spese sostenute dalle imprese durante il periodo pandemico. Sistema di video-sorveglianza, sar\u00e0 adeguato alle normative privacy e orientato alla sicurezza, grazie a 24mila euro.<span class=\"gmail-Apple-converted-space\">\u00a0<\/span><\/p>\n<p><em>\u00abIn generale, \u00e8 una variazione di rilievo &#8211; argomenta l\u2019assessore al Bilancio del Comune di Ponte nelle Alpi, Andrea Pontello &#8211; con una serie di voci importanti. E la concreta prospettiva di riuscire a impostare la progettazione per i bandi di finanziamento\u00bb.<span class=\"gmail-Apple-converted-space\">\u00a0<\/span><\/em><\/p>\n<\/div>\n<p>&nbsp;<\/p>\n<p>&nbsp;<\/p>\n<p>&nbsp;<\/p>\n<hr \/>\n<p>&nbsp;<\/p>\n<blockquote>\n<h3><strong>Boom di richieste per gli spazi presso la ex scuola media \u201cLuzzo\u201d: diventer\u00e0 la nuova \u201ccasa\u201d per 24 associazioni del Feltrino.<\/strong><\/h3>\n<\/blockquote>\n<p><strong> <a href=\"https:\/\/www.radiopiu.net\/wordpress\/giornale-radiopiu-02-dicembre-2021-direttore-mirko-mezzacasa\/ex-scuola-luzzo-3\/\" rel=\"attachment wp-att-245977\"><img loading=\"lazy\" decoding=\"async\" class=\"size-medium wp-image-245977 alignleft\" src=\"https:\/\/www.radiopiu.net\/wordpress\/wp-content\/uploads\/2021\/12\/ex-scuola-Luzzo-300x169.jpg\" alt=\"\" width=\"300\" height=\"169\" srcset=\"https:\/\/www.radiopiu.net\/wordpress\/wp-content\/uploads\/2021\/12\/ex-scuola-Luzzo-300x169.jpg 300w, https:\/\/www.radiopiu.net\/wordpress\/wp-content\/uploads\/2021\/12\/ex-scuola-Luzzo-1024x576.jpg 1024w, https:\/\/www.radiopiu.net\/wordpress\/wp-content\/uploads\/2021\/12\/ex-scuola-Luzzo-768x432.jpg 768w, https:\/\/www.radiopiu.net\/wordpress\/wp-content\/uploads\/2021\/12\/ex-scuola-Luzzo-1536x864.jpg 1536w, https:\/\/www.radiopiu.net\/wordpress\/wp-content\/uploads\/2021\/12\/ex-scuola-Luzzo-2048x1152.jpg 2048w\" sizes=\"auto, (max-width: 300px) 100vw, 300px\" \/><\/a>FELTRE<\/strong>La ex scuola media \u201cLuzzo\u201d del Boscariz si accinge a diventare la nuova casa delle associazioni feltrine, sono molti\u00a0 i sodalizi che hanno fatto richiesta di poter usufruire dei locali dell&#8217;ex istituto scolastico per potervi trasferire la propria sede e svolgere alcune delle loro attivit\u00e0. La commissione ha valutato di assegnare gli spazi utilizzando anche le stanze del primo piano \u2013 e non solo del piano terra \u2013 inizialmente escluse dal bando.\u00a0 Saranno\u00a0 24 le associazioni che potranno trovare ospitalit\u00e0 nell&#8217;edificio dell&#8217;ex scuola Luzzo; alcune di loro utilizzando gli spazi assegnati in via esclusiva, altre \u2013 come da loro richiesta \u2013 in maniera condivisa.<\/p>\n<blockquote><p>Questo l&#8217;elenco delle associazioni assegnatarie: A.D. Sci Club Feltre, APS Officina delle Pezze, Associazione culturale G(h)ita, Gruppo Alpini Feltre \u201cMonte Cauriol\u201d, Cantiamo Insieme Coro Femminile \u201cVoci in Canto\u201d, APDS Acque Feltrine Bacino n. 10, Acat Feltre, Associazione Nazionale Carabinieri, Associazione culturale \u201cTeatro del Cuore\u201d, AASD Team Pissei, La Madia Feltrina, Associazione Anteas Reka Radika Feltre, Croce Rossa Italiana Comitato di Feltre, Mano Amica ODV Ets, Club Alpino Italiano, Associazione Italiana Persone Down Sezione di Belluno, ATS Punto Verde Dolomiti, APS Dolomitinerd, U.S.D. Nuovo Basket Feltre, FCube Associazione Fotografica Feltrina, Associazione di volontariato \u201cTutti in Campo\u201d onlus, A.S.D. Ginnastica Feltre, Polisportiva Feltrese, A.S.D. Circolo scacchistico feltrino \u201cL&#8217;Avamposto\u201d.<\/p>\n<p><strong>AI MICROFONI DI RADIO PIU MANUEL SACCHET PRESIDENTE DEL CONSIGLIO COMUNALE CON DELEGA ALLE ASSOCIAZIONI<\/strong><\/p><\/blockquote>\n<audio class=\"wp-audio-shortcode\" id=\"audio-245889-13\" preload=\"none\" style=\"width: 100%;\" controls=\"controls\"><source type=\"audio\/mpeg\" src=\"https:\/\/www.radiopiu.net\/wordpress\/wp-content\/uploads\/2021\/12\/audio-Sacchet.mp3?_=13\" \/><a href=\"https:\/\/www.radiopiu.net\/wordpress\/wp-content\/uploads\/2021\/12\/audio-Sacchet.mp3\">https:\/\/www.radiopiu.net\/wordpress\/wp-content\/uploads\/2021\/12\/audio-Sacchet.mp3<\/a><\/audio>\n<p>&nbsp;<\/p>\n<p><span style=\"color: #ff0000;\"><strong>NOTIZIARIO DEL 4 MARZO 2021<\/strong><\/span><\/p>\n<blockquote class=\"wp-embedded-content\" data-secret=\"5A4ZFVkhtR\"><p><a href=\"https:\/\/www.radiopiu.net\/wordpress\/alla-luzzo-sono-iniziati\/\">ALLA &#8220;LUZZO&#8221; SONO INIZIATI I LAVORI DA 162 MILA EURO SULLA COPERTURA<\/a><\/p><\/blockquote>\n<p><iframe loading=\"lazy\" class=\"wp-embedded-content\" sandbox=\"allow-scripts\" security=\"restricted\" style=\"position: absolute; clip: rect(1px, 1px, 1px, 1px);\" title=\"&#8220;ALLA &#8220;LUZZO&#8221; SONO INIZIATI I LAVORI DA 162 MILA EURO SULLA COPERTURA&#8221; &#8212; Radio Pi\u00f9\" src=\"https:\/\/www.radiopiu.net\/wordpress\/alla-luzzo-sono-iniziati\/embed\/#?secret=5A4ZFVkhtR\" data-secret=\"5A4ZFVkhtR\" width=\"600\" height=\"338\" frameborder=\"0\" marginwidth=\"0\" marginheight=\"0\" scrolling=\"no\"><\/iframe><\/p>\n<p>&nbsp;<\/p>\n<p>&nbsp;<\/p>\n<hr \/>\n<p>&nbsp;<\/p>\n<blockquote>\n<h3>TOFANA &#8211; FRECCIA NEL CIELO, DAL 4 DICEMBRE IL RITORNO IN PISTA TRA PANORAMI MOZZAFIATO E UN NUOVO IMPIANTO<\/h3>\n<\/blockquote>\n<p><strong><a href=\"https:\/\/www.radiopiu.net\/wordpress\/tofana-freccia-nel-cielo-dal-4-dicembre-il-ritorno-in-pista-tra-panorami-mozzafiato-e-un-nuovo-impianto\/3yo7mkuo\/\" rel=\"attachment wp-att-246055\"><img loading=\"lazy\" decoding=\"async\" class=\"size-medium wp-image-246055 alignleft\" src=\"https:\/\/www.radiopiu.net\/wordpress\/wp-content\/uploads\/2021\/12\/3yo7mkUo-300x203.jpg\" alt=\"\" width=\"300\" height=\"203\" srcset=\"https:\/\/www.radiopiu.net\/wordpress\/wp-content\/uploads\/2021\/12\/3yo7mkUo-300x203.jpg 300w, https:\/\/www.radiopiu.net\/wordpress\/wp-content\/uploads\/2021\/12\/3yo7mkUo-1024x693.jpg 1024w, https:\/\/www.radiopiu.net\/wordpress\/wp-content\/uploads\/2021\/12\/3yo7mkUo-768x520.jpg 768w, https:\/\/www.radiopiu.net\/wordpress\/wp-content\/uploads\/2021\/12\/3yo7mkUo-1536x1040.jpg 1536w, https:\/\/www.radiopiu.net\/wordpress\/wp-content\/uploads\/2021\/12\/3yo7mkUo.jpg 1993w\" sizes=\"auto, (max-width: 300px) 100vw, 300px\" \/><\/a>CORTINA <\/strong>Emozionante, sicuro e sempre pi\u00f9 moderno, il palcoscenico delle Tofane \u00e8 pronto ad accogliere gli amanti della montagna e dello sci tra piste mondiali, tappe gourmet, albe spettacolari e un nuovo impianto. Dal 4 dicembre gli impianti Tofana-Freccia nel Cielo inaugurano la stagione sciistica, garantendo regole e misure volte a salvaguardare la salute e lo svago dei suoi ospiti, dall\u2019acquisto online dello skipass alla sanificazione dei locali e rifugi dell\u2019area. \u201c<em>Finalmente si apre, nel frattempo \u00e8 cambiato il mondo e noi ci dobbiamo adeguare e rincorrerlo. C\u2019\u00e8 tanta voglia di sci e di neve e questo promette bene, sicuramente dobbiamo ancora stare attenti, ma sappiamo che le regole adottate dagli impianti e dal Dolomiti Superski permetteranno di sciare e vivere la montagna in tranquillit\u00e0<\/em>\u201d afferma l\u2019ing. Mario Vascellari, Presidente di Tofana Srl. Tra le pendici della terza montagna pi\u00f9 alta di Cortina, l\u2019inverno regala scenari da favola da vivere sci ai piedi, ma anche nei rifugi gourmet del comprensorio. In questa zona, servita dagli impianti Tofana-Freccia nel Cielo che collegano Cortina a Cima Tofana (3.244 m \u2013 ultima stazione aperta tutti i giorni d\u2019estate), dopo l\u2019installazione nel 2019 della cabinovia che da Cortina sale a Col Drusci\u00e9, \u00e8 stata recentemente ultimata una moderna quadriposto ad agganciamento automatico, la Seggiovia Bus Tofana, la cui inaugurazione \u00e8 prevista il 19 dicembre con l\u2019evento \u201cInaugurazione sci ai piedi\u201d aperto a tutti. In conformit\u00e0 con l\u2019intero circuito del Dolomiti Superski, Tofana-Freccia nel Cielo pone particolare attenzione alla sicurezza e alla salute dei suoi ospiti attuando una serie di misure di prevenzione per consentire di vivere con spensieratezza la stagione invernale in tutte le sue sfumature. Distanziamento nelle code, uso corretto della mascherina, sistema di controllo automatizzato dei green pass (obbligatorio per sciare) e skipass collegati attraverso l\u2019app Dolomiti Superski e carico nelle cabine chiuse ridotto all\u201980% sono le misure adottate che garantiscono di vivere l\u2019esperienza dello sci in sicurezza e serenit\u00e0. Tofana-Freccia nel cielo ha inoltre installato 25 sanificatori a raggi UV presso i propri punti ristoro e servizi comuni per garantire una purificazione dell\u2019aria respirata dagli ospiti.<\/p>\n<p>&nbsp;<\/p>\n<p>&nbsp;<\/p>\n<hr \/>\n<p>&nbsp;<\/p>\n<blockquote>\n<h3>L&#8217;ALBO DEI NEOLAUREATI DELLA BIBLIOTECA DI LONGARONE<\/h3>\n<\/blockquote>\n<p><strong><a href=\"https:\/\/www.radiopiu.net\/wordpress\/la-rassegna-stampa-da-lamico-del-popolo-13-novembre-2021\/libri\/\" rel=\"attachment wp-att-242680\"><img loading=\"lazy\" decoding=\"async\" class=\"size-medium wp-image-242680 alignleft\" src=\"https:\/\/www.radiopiu.net\/wordpress\/wp-content\/uploads\/2021\/11\/libri-300x199.jpg\" alt=\"\" width=\"300\" height=\"199\" srcset=\"https:\/\/www.radiopiu.net\/wordpress\/wp-content\/uploads\/2021\/11\/libri-300x199.jpg 300w, https:\/\/www.radiopiu.net\/wordpress\/wp-content\/uploads\/2021\/11\/libri-1024x681.jpg 1024w, https:\/\/www.radiopiu.net\/wordpress\/wp-content\/uploads\/2021\/11\/libri-768x510.jpg 768w, https:\/\/www.radiopiu.net\/wordpress\/wp-content\/uploads\/2021\/11\/libri-1536x1021.jpg 1536w, https:\/\/www.radiopiu.net\/wordpress\/wp-content\/uploads\/2021\/11\/libri.jpg 1920w\" sizes=\"auto, (max-width: 300px) 100vw, 300px\" \/><\/a>LONGARONE <\/strong>L&#8217;Amministrazione Comunale ha istituito l\u2019Albo dei Neolaureati per i residenti nel Comune di Longarone che hanno raggiunto l\u2019ambito traguardo della laurea negli ultimi 5 anni.\u00a0 Un&#8217;idea che nasce dalla convinzione che ogni comunit\u00e0 debba sostenere e incentivare la cultura, gratificando coloro che hanno intrapreso percorsi di studi universitari, i quali un domani potranno investire le proprie competenze nel mondo del lavoro. L&#8217;Amministrazione Comunale intende, quindi, valorizzare il capitale umano presente sul proprio territorio comunale offrendo visibilit\u00e0 in relazione ad eventuali opportunit\u00e0 di inserimento nel mondo del lavoro dei giovani neolaureati, soprattutto considerando il periodo di difficile collocazione occupazionale che essi vivono determinato anche dalla pandemia da Covid-19.\u00a0 Pertanto, l&#8217;iniziativa prevede la creazione di un albo comunale <i>on-line<\/i> dei neolaureati longaronesi, inserito in un\u2019apposita sezione del sito <i>web <\/i>istituzionale del Comune di Longarone e liberamente consultabile dai soggetti economici interessati. Per quest&#8217;anno verranno raccolte le adesioni di chi ha conseguito la laurea negli ultimi 5 anni (2017-2021). Nelle successive annualit\u00e0 l&#8217;Albo verr\u00e0 costantemente aggiornato con l&#8217;inserimento delle nuove adesioni. Per potersi iscrivere all&#8217;Albo dei Neolaureati \u00e8 necessario compilare l\u2019apposito modulo scaricabile sul sito web istituzionale del Comune di Longarone <a class=\"moz-txt-link-abbreviated\" href=\"http:\/\/www.longarone.net\/\">www.longarone.net<\/a> o disponibile presso la Biblioteca Civica \u2013 Ufficio Cultura nei seguenti giorni ed orari:\u00a0 luned\u00ec, mercoled\u00ec e gioved\u00ec ore 15:00-17:30 \/ marted\u00ec e venerd\u00ec ore 11:00-12:30. Il suddetto modulo, compilato in ogni sua parte, deve essere consegnato <u>entro e non oltre le ore 12.30 del 15.12.2021<\/u> all\u2019indirizzo email <a class=\"moz-txt-link-abbreviated moz-txt-link-freetext\" href=\"mailto:protocollo@longarone.net\">protocollo@longarone.net<\/a> o all\u2019Ufficio Protocollo del Comune di Longarone, Via Roma, 60.<\/p>\n<p>&nbsp;<\/p>\n<p>&nbsp;<\/p>\n<hr \/>\n<p>&nbsp;<\/p>\n<blockquote>\n<h3><a href=\"https:\/\/www.radiopiu.net\/wordpress\/giornale-radiopiu-02-dicembre-2021-direttore-mirko-mezzacasa\/262790485_4441021262675523_3307709592461181423_n\/\" rel=\"attachment wp-att-246118\"><img loading=\"lazy\" decoding=\"async\" class=\"wp-image-246118 alignleft\" src=\"https:\/\/www.radiopiu.net\/wordpress\/wp-content\/uploads\/2021\/12\/262790485_4441021262675523_3307709592461181423_n-212x300.jpg\" alt=\"\" width=\"113\" height=\"160\" srcset=\"https:\/\/www.radiopiu.net\/wordpress\/wp-content\/uploads\/2021\/12\/262790485_4441021262675523_3307709592461181423_n-212x300.jpg 212w, https:\/\/www.radiopiu.net\/wordpress\/wp-content\/uploads\/2021\/12\/262790485_4441021262675523_3307709592461181423_n.jpg 679w\" sizes=\"auto, (max-width: 113px) 100vw, 113px\" \/><\/a>SAN NICOLO&#8217; CON LA PROLOCO DI AGORDO<\/h3>\n<\/blockquote>\n<p><strong>AGORDO\u00a0<\/strong>Domenica alle 15 per iniziativa di Ad Agordo Proloco arriva in piazza San Nicolo&#8217; &#8221; . Ritrovo in piazzetta vecchia ad Agordo per condividere la merenda e ricevere un pensierino da San Nicol\u00f2. Altre iniziative, sabato 11 dicembre il mercatino di Natale dalle 9 alle 18, sabato 18 dicembre fiabe sotto l&#8217;abero alle 14.30 dalla fontana del Broi con la libreria Quattrocchi.<\/p>\n<p>&nbsp;<\/p>\n<p>&nbsp;<\/p>\n<hr \/>\n<p>&nbsp;<\/p>\n<blockquote>\n<h2>RICORDI ESTIVI, QUEI GIORNI A CIMA TERENTO E LAGO DI PAUSA<\/h2>\n<\/blockquote>\n<p><strong>AGORDO<\/strong> Tra le attivit\u00e0\u00a0<span style=\"color: #000000;\"> svolte durante l&#8217;estate dalla sezione agordina del Cai l&#8217;escursione alla\u00a0Cima Terento e Rifugio Lago\u00a0di Pausa, gi\u00e0 in programma lo scorso anno e non potuta effettuare causa precoce innevamento.<br \/>\n<\/span><br \/>\ndi Antonello Cibien<\/p>\n<p><strong>Eidechsspitze (m. 2738) e rifugio Lago di Pausa (m.2383) <u>Sabato 10 e domenica 11 luglio 2021<\/u><\/strong><\/p>\n<blockquote><p><a href=\"https:\/\/www.radiopiu.net\/wordpress\/giornale-radiopiu-02-dicembre-2021-direttore-mirko-mezzacasa\/54a27bae-dbda-4f48-99be-dc3dbefdcb1e-4\/\" rel=\"attachment wp-att-246110\"><img loading=\"lazy\" decoding=\"async\" class=\"size-medium wp-image-246110 alignleft\" src=\"https:\/\/www.radiopiu.net\/wordpress\/wp-content\/uploads\/2021\/12\/54a27bae-dbda-4f48-99be-dc3dbefdcb1e-300x100.jpg\" alt=\"\" width=\"300\" height=\"100\" srcset=\"https:\/\/www.radiopiu.net\/wordpress\/wp-content\/uploads\/2021\/12\/54a27bae-dbda-4f48-99be-dc3dbefdcb1e-300x100.jpg 300w, https:\/\/www.radiopiu.net\/wordpress\/wp-content\/uploads\/2021\/12\/54a27bae-dbda-4f48-99be-dc3dbefdcb1e.jpg 742w\" sizes=\"auto, (max-width: 300px) 100vw, 300px\" \/><\/a>Abbiamo ripreso quest\u2019anno l\u2019escursione di due giorni prevista lo scorso autunno e poi rimandata causa l\u2019abbondante nevicata scesa copiosamente ad ottobre 2020. Diversamente per\u00f2 abbiamo anticipato a luglio, certi comunque che il paesaggio e la bellezza del luogo riuscivano a sopperire ai variegati colori dei larici, del mirtillo assieme al rossello alpino. Trasferta a Terento con le auto, poi, su verso la Val Vena sino al fiabesco \u201c Sasso delle Streghe\u201d poi con lunga traversata e successiva ripida salita sino alla Cima Eidechsspitze m.2738 (Cima Terento). Panorama eccezionale su tutte le Dolomiti che si trovano a sud di essa; dal Pop\u00e8ra allo Sciliar con interminabile stagliarsi di vette, per non dire della Val di Fundres che sale dalla Val Pusteria sino ad incontrare i ghiacciai circostanti il Gran Pilastro m. 3510. Il meteo favorevole ci induce ad una lunga sosta per poi intraprendere il sentiero panoramico che contornando diversi piacevoli laghetti ci conduce al Rifugio Lago di Pausa m. 2383. Ad attenderci oltre al simpatico e cordiale gestore un occasionale trio di musicisti che ci hanno intrattenuto poi anche per tutta la serata con le musiche tipiche tirolesi. Ottima la cucina e fantastica la compagnia che tra una grappa e l\u2019altra ci ha messo a letto solo verso le 23.00. La notte porta pioggia e cos\u00ec anche le prime ore del mattino che ci vedono costretti a ritardare il programma previsto, cio\u00e8 la salita alla pi\u00f9 alta Cima di Monte Gruppo (si chiama proprio Monte Gruppo) la Grubbachspitze m. 2809 che ci regala una spettacolare vista verso nord e verso la Valle Selva dei Molini fino al Lago di Neves. Rientro al rifugio e non potevamo andare via senza assaggiare il tipico e buonissimo Kaiserschmarren (dolce tipico altoatesino) accompagnato da una buona birra. Ora ci attende solo il rientro, discesa lungo la bella e pittoresca Val Vena, nuovo spuntino alle auto e\u2026 si torna a casa. Cosa dire di questa due giorni? Innanzitutto luogo davvero fantastico, compagnia eccezionale per simpatia e affiatamento, accoglienza davvero molto ma molto buona, disponibilit\u00e0 e cordialit\u00e0 da parte del gestore e del suo staff, sicuramente oltre le aspettative. Ah.. dimenticavo\u2026 \u00e8 uno dei pochi rifugi (servito solo da teleferica) che apre ai primi di maggio.. e chiude al 10 di novembre.. a 2383 metri di quota.<\/p><\/blockquote>\n<p>&nbsp;<\/p>\n\n\t\t\t<style type='text\/css'>\n\t\t\t\t#gallery-3 {\n\t\t\t\t\tmargin: auto;\n\t\t\t\t}\n\t\t\t\t#gallery-3 .gallery-item {\n\t\t\t\t\tfloat: left;\n\t\t\t\t\tmargin-top: 10px;\n\t\t\t\t\ttext-align: center;\n\t\t\t\t\twidth: 25%;\n\t\t\t\t}\n\t\t\t\t#gallery-3 img {\n\t\t\t\t\tborder: 2px solid #cfcfcf;\n\t\t\t\t}\n\t\t\t\t#gallery-3 .gallery-caption {\n\t\t\t\t\tmargin-left: 0;\n\t\t\t\t}\n\t\t\t\t\/* see gallery_shortcode() in wp-includes\/media.php *\/\n\t\t\t<\/style>\n\t\t<div id='gallery-3' class='dt-gallery-container gallery galleryid-245889 gallery-columns-4 gallery-size-thumbnail'><dl class='gallery-item'>\n\t\t\t\t<dt class='gallery-icon landscape'>\n\t\t\t\t\t<a class=\"rollover\" href='https:\/\/www.radiopiu.net\/wordpress\/giornale-radiopiu-02-dicembre-2021-direttore-mirko-mezzacasa\/5fc4ce6f-0eb7-f8ef-2e2a-36d967c44488\/'><img loading=\"lazy\" decoding=\"async\" width=\"150\" height=\"150\" src=\"https:\/\/www.radiopiu.net\/wordpress\/wp-content\/uploads\/2021\/12\/5fc4ce6f-0eb7-f8ef-2e2a-36d967c44488-150x150.jpg\" class=\"attachment-thumbnail size-thumbnail\" alt=\"\" \/><\/a>\n\t\t\t\t<\/dt><\/dl><dl class='gallery-item'>\n\t\t\t\t<dt class='gallery-icon portrait'>\n\t\t\t\t\t<a class=\"rollover\" href='https:\/\/www.radiopiu.net\/wordpress\/giornale-radiopiu-02-dicembre-2021-direttore-mirko-mezzacasa\/b10a7771-1166-d038-62f3-6fe22d3887fb\/'><img loading=\"lazy\" decoding=\"async\" width=\"150\" height=\"150\" src=\"https:\/\/www.radiopiu.net\/wordpress\/wp-content\/uploads\/2021\/12\/b10a7771-1166-d038-62f3-6fe22d3887fb-150x150.jpg\" class=\"attachment-thumbnail size-thumbnail\" alt=\"\" \/><\/a>\n\t\t\t\t<\/dt><\/dl><dl class='gallery-item'>\n\t\t\t\t<dt class='gallery-icon landscape'>\n\t\t\t\t\t<a class=\"rollover\" href='https:\/\/www.radiopiu.net\/wordpress\/giornale-radiopiu-02-dicembre-2021-direttore-mirko-mezzacasa\/9646bb1e-6a61-e7ad-cbde-d4329084f8a1\/'><img loading=\"lazy\" decoding=\"async\" width=\"150\" height=\"150\" src=\"https:\/\/www.radiopiu.net\/wordpress\/wp-content\/uploads\/2021\/12\/9646bb1e-6a61-e7ad-cbde-d4329084f8a1-150x150.jpg\" class=\"attachment-thumbnail size-thumbnail\" alt=\"\" \/><\/a>\n\t\t\t\t<\/dt><\/dl><dl class='gallery-item'>\n\t\t\t\t<dt class='gallery-icon landscape'>\n\t\t\t\t\t<a class=\"rollover\" href='https:\/\/www.radiopiu.net\/wordpress\/giornale-radiopiu-02-dicembre-2021-direttore-mirko-mezzacasa\/f92900cc-4dfd-505e-cee0-546221b49d31\/'><img loading=\"lazy\" decoding=\"async\" width=\"150\" height=\"150\" src=\"https:\/\/www.radiopiu.net\/wordpress\/wp-content\/uploads\/2021\/12\/f92900cc-4dfd-505e-cee0-546221b49d31-150x150.jpg\" class=\"attachment-thumbnail size-thumbnail\" alt=\"\" \/><\/a>\n\t\t\t\t<\/dt><\/dl><br style=\"clear: both\" \/>\n\t\t\t<\/div>\n\n<p>&nbsp;<\/p>\n<p>&nbsp;<\/p>\n<p>&nbsp;<\/p>\n<p>&nbsp;<\/p>\n<hr \/>\n<p>&nbsp;<\/p>\n<blockquote>\n<h3>SEREN DEL GRAPPA, SOVRAMONTE E VAS CIMITERO-OSSARIO, SAN GIORGIO, MUSEO<\/h3>\n<\/blockquote>\n<p><strong>di\u00a0 RENATO BONA\u00a0<\/strong><\/p>\n<p>Con i comuni di Seren del Grappa, Sovramonte e Vas concludiamo la visita, purtroppo solo virtuale, che abbiamo effettuato nei tredici comuni (oltre a Feltre: Alano di Piave, Arsi\u00e9, Cesiomaggiore, Fonzaso, Lamon, Pedavena, Quero, San Gregorio nelle Alpi, Santa Giustina, Seren del Grappa, Sovramonte e Vas), rileggendo &#8211; anche per chi ci segue su Facebook &#8211; il libro-guida \u201cFeltre e il Feltrino\u201d edito anni or sono a cura dell\u2019Azienda di promozione turistica feltrina, con testi di Sergio Claut e Gigi Bertoldin, grafica curata dallo Studio Scottini, e stampato dalla feltrina tipografia Panfilo Castaldi. Lo facciamo, come sempre, rispettando l\u2019ordine alfabetico e dunque partendo in questa occasione da Seren del Grappa, che da Feltre si raggiunge percorrendo i sei chilometri della strada detta \u201cdelle Montegge\u201d che segue la riva destra dello Stizzon, delimitando le ultime propaggini del Tomatico (1594 metri di quota), e del Monte Santo (1538) al margine sud-ovest della piana feltrina. A 4 chilometri, ecco la frazione Rasai un tempo \u201cpaese con caratteristiche prettamente agricole, oggi in espansione per la presenza prevalente di attivit\u00e0 artigianali ed industriali; il nucleo, gi\u00e0 raggruppato intorno alla chiesa dalle linee neoclassiche in cima al poggio del \u2018pascolet\u2019, ora si sgrana e si estende lungo l\u2019asse viario principale nella campagna\u201d. Deviando a sinistra, in un conca alle pendici del Tomatico si giunge a Porcen: nella chiesa sono visibili \u201csignificativi resti di un vasto ciclo di affreschi di Giovanni di Francia (met\u00e0 \u2018400)\u201d; un\u2019ancona lignea dorata sull\u2019altar maggiore accoglie una tavola di Jacopo da Valenza, del 1504. Proseguendo verso est si approda a Tomo e poi a Feltre. E siamo al \u201csistema organico di sentieri collegati e segnalati cui \u00e8 stato dato il nome di \u2018Alta via degli Eroi\u2019(sentieri e mulattiere della Grande guerra &#8211; ndr.) e che conduce a Bassano del Grappa attraverso il massiccio del Grappa, dopo aver percorso pressoch\u00e9 in cresta tutte le cime della dorsale est\u201d. La pubblicazione sottolinea poi che la struttura pi\u00f9 originale e purtroppo ormai molto rara (dalle centinaia del secolo passato alle pochissime unit\u00e0 di oggi) \u00e8 quella dei cosiddetti \u2018sfojar\u00f2i\u2019 antichi casolari il cui tetto, dai ripidi spioventi, \u00e8 coperto di rami e foglie di faggio che, grazie all\u2019abilit\u00e0 dei montanari, creava una eccezionale copertura impermeabilizzata. Seren del Grappa \u201cuna delle pi\u00f9 pittoresche posizioni panoramiche del Feltrino \u00e8 caratterizzato fra l\u2019altro dalla \u201cbianca mole della settecentesca chiesa e dallo snello campanile in pietra viva che la affianca. Da visitare la chiesetta di San Siro del 1200. Pi\u00f9 avanti sui fianchi dell\u2019Avien si individua l\u2019ampia caverna detta \u201cCamin del Podest\u00e0\u201d. Tocca quindi all\u2019ambiente selvaggio della Valle di Seren col nucleo pi\u00f9 importante, Pian della Chiesa popone un gruppo di case che si affacciano sullo spiazzo proprio della chiesa. Affascinanti e non impossibili le escursioni lungo Valle-Bocchette, alle malghe, a Cima Grappa col monumentale Cimitero ossario. Resta da ricordare Caupo, piccolo centro alle pendici del Roncon, con la sua chiesetta quattrocentesca. E Santa Lucia, nei pressi dell\u2019omonimo santuario di origine medievale. Tocca ora a Sovramonte: da Feltre, attraversato il ponte Oltra sul Cismon, si giunge sulla \u201cVasta terrazza prativa dominata dalle massicce forme del Vallazza (2167 metri) e dell\u2019Avena (1454)\u201d, superata Sorriva ecco la piatta campagna sulla quale emerge il piccolo colle di San Giorgio con la chiesetta omonima (una delle pi\u00f9 importanti del Feltrino con preziose opere d\u2019arte). Il 23 aprile nella ricorrenza del Patrono, una suggestiva celebrazione ricorda l\u2019epidemia di peste che colp\u00ec il paese nel 1631; nell\u2019occasione viene distribuita la minestra di \u201cSan Dordi\u201d. Il centro principale di Sovramonte \u00e8 Servo \u201ctutto raccolto attorno all\u2019antica pieve di Santa Maria, chiesa gotica rimaneggiata all\u2019interno dove vi sono tracce di affreschi opera di Marco da Mel e Frigimelica. A Zorzoi \u201cquasi a picco sulla profonda valle del Cismon, sorgeva il castello di Schener, a guardia del passaggio, un tempo obbligato, verso il Primiero\u201d. Risalendo le pendici della Vallazza si raggiungono i villaggi di Salzen e Aune (nella chiesa una tavola di Marescalchi); una tabella indica il tracciato dell\u2019antica strada romana Claudia Augusta, percorribile a piedi o a cavallo. Per concludere, il libro-guida spiega che \u201cLa piatta insenatura di Croce d\u2019Aune (1011 metri) fra il monte Avena (1454) ed i costoni meridionali delle Vette, consente il transito da Sovramonte alla conca feltrina. Sul fianco destro della strada per Fiera di Primiero, si trova un importante sito paleolitico: una sepoltura dell\u2019et\u00e0 epigravettiana risalente a 12.000 anni fa, collocata in un antro naturale. Concludiamo con Vas, comune a 15 chilometri da Feltre: il suo abitato \u00e8 tutto \u201craccolto in una piccola conca sopra la sponda sinistra del Piave, protetta dal monte Vallina (1073 metri), ultima propaggine del Cesen (1569). Le frazioni: Scalon, Caorera e Marziai. Il paese &#8211; si legge &#8211; deve una certa notoriet\u00e0 alle vicende della guerra mondiale 1915-18; infatti un\u2019interessante raccolta di cimeli \u00e8 stata organizzata a Caorera dove il 15 agosto hanno luogo cerimonie rievocativa attorno alla \u201cMadonnina del Piave\u201d. Ancora: \u201cIl territorio fu antico possesso dei Da Romano, poi del monastero di Campese, la famiglia veneziana Gradenigo costru\u00ec una villa ed un piccolo oratorio ancora apprezzabile. Nel \u2018600 fondarono una cartiera che nel 1826 fu rifatta e modernizzata da Giovanni Marsura (poi Zuliani); l\u2019attivit\u00e0 cartaria assorb\u00ec la manodopera locale fino a pochi decenni fa. Poi lo stabilimento fu drasticamente modificato ed ora quel che rimane ospita un allevamento ittico\u201d. Viene infine ricordato che le tre frazioni sorgono a monte dell\u2019abitato, sulla riva sinistra del fiume: \u201cpiccoli agglomerati, sorti in spazi ristretti dove i ripidi pendii del massiccio del Cesen consentirono un minimo di attivit\u00e0 agricola\u2026\u201d.<\/p>\n\n\t\t\t<style type='text\/css'>\n\t\t\t\t#gallery-4 {\n\t\t\t\t\tmargin: auto;\n\t\t\t\t}\n\t\t\t\t#gallery-4 .gallery-item {\n\t\t\t\t\tfloat: left;\n\t\t\t\t\tmargin-top: 10px;\n\t\t\t\t\ttext-align: center;\n\t\t\t\t\twidth: 25%;\n\t\t\t\t}\n\t\t\t\t#gallery-4 img {\n\t\t\t\t\tborder: 2px solid #cfcfcf;\n\t\t\t\t}\n\t\t\t\t#gallery-4 .gallery-caption {\n\t\t\t\t\tmargin-left: 0;\n\t\t\t\t}\n\t\t\t\t\/* see gallery_shortcode() in wp-includes\/media.php *\/\n\t\t\t<\/style>\n\t\t<div id='gallery-4' class='dt-gallery-container gallery galleryid-245889 gallery-columns-4 gallery-size-thumbnail'><dl class='gallery-item'>\n\t\t\t\t<dt class='gallery-icon landscape'>\n\t\t\t\t\t<a class=\"rollover rollover-zoom dt-pswp-item\" title=\"262585462_444309457038803_4135020652273625641_n\" data-dt-img-description=\"\" data-large_image_width=\"296\" data-large_image_height=\"204\"href='https:\/\/www.radiopiu.net\/wordpress\/wp-content\/uploads\/2021\/12\/262585462_444309457038803_4135020652273625641_n.jpg'><img loading=\"lazy\" decoding=\"async\" width=\"150\" height=\"150\" src=\"https:\/\/www.radiopiu.net\/wordpress\/wp-content\/uploads\/2021\/12\/262585462_444309457038803_4135020652273625641_n-150x150.jpg\" class=\"attachment-thumbnail size-thumbnail\" alt=\"\" \/><\/a>\n\t\t\t\t<\/dt><\/dl><dl class='gallery-item'>\n\t\t\t\t<dt class='gallery-icon landscape'>\n\t\t\t\t\t<a class=\"rollover rollover-zoom dt-pswp-item\" title=\"262738177_324369652563435_8120806101031979800_n\" data-dt-img-description=\"\" data-large_image_width=\"622\" data-large_image_height=\"206\"href='https:\/\/www.radiopiu.net\/wordpress\/wp-content\/uploads\/2021\/12\/262738177_324369652563435_8120806101031979800_n.jpg'><img loading=\"lazy\" decoding=\"async\" width=\"150\" height=\"150\" src=\"https:\/\/www.radiopiu.net\/wordpress\/wp-content\/uploads\/2021\/12\/262738177_324369652563435_8120806101031979800_n-150x150.jpg\" class=\"attachment-thumbnail size-thumbnail\" alt=\"\" \/><\/a>\n\t\t\t\t<\/dt><\/dl><dl class='gallery-item'>\n\t\t\t\t<dt class='gallery-icon portrait'>\n\t\t\t\t\t<a class=\"rollover rollover-zoom dt-pswp-item\" title=\"262838006_685828502397272_7005338904764738668_n\" data-dt-img-description=\"\" data-large_image_width=\"159\" data-large_image_height=\"540\"href='https:\/\/www.radiopiu.net\/wordpress\/wp-content\/uploads\/2021\/12\/262838006_685828502397272_7005338904764738668_n.jpg'><img loading=\"lazy\" decoding=\"async\" width=\"150\" height=\"150\" src=\"https:\/\/www.radiopiu.net\/wordpress\/wp-content\/uploads\/2021\/12\/262838006_685828502397272_7005338904764738668_n-150x150.jpg\" class=\"attachment-thumbnail size-thumbnail\" alt=\"\" \/><\/a>\n\t\t\t\t<\/dt><\/dl><dl class='gallery-item'>\n\t\t\t\t<dt class='gallery-icon landscape'>\n\t\t\t\t\t<a class=\"rollover rollover-zoom dt-pswp-item\" title=\"261599014_378896060690346_2814874576157940561_n\" data-dt-img-description=\"\" data-large_image_width=\"315\" data-large_image_height=\"206\"href='https:\/\/www.radiopiu.net\/wordpress\/wp-content\/uploads\/2021\/12\/261599014_378896060690346_2814874576157940561_n.jpg'><img loading=\"lazy\" decoding=\"async\" width=\"150\" height=\"150\" src=\"https:\/\/www.radiopiu.net\/wordpress\/wp-content\/uploads\/2021\/12\/261599014_378896060690346_2814874576157940561_n-150x150.jpg\" class=\"attachment-thumbnail size-thumbnail\" alt=\"\" \/><\/a>\n\t\t\t\t<\/dt><\/dl><br style=\"clear: both\" \/><dl class='gallery-item'>\n\t\t\t\t<dt class='gallery-icon portrait'>\n\t\t\t\t\t<a class=\"rollover rollover-zoom dt-pswp-item\" title=\"262291195_980612502524713_5565567768136618641_n\" data-dt-img-description=\"\" data-large_image_width=\"154\" data-large_image_height=\"225\"href='https:\/\/www.radiopiu.net\/wordpress\/wp-content\/uploads\/2021\/12\/262291195_980612502524713_5565567768136618641_n.jpg'><img loading=\"lazy\" decoding=\"async\" width=\"150\" height=\"150\" src=\"https:\/\/www.radiopiu.net\/wordpress\/wp-content\/uploads\/2021\/12\/262291195_980612502524713_5565567768136618641_n-150x150.jpg\" class=\"attachment-thumbnail size-thumbnail\" alt=\"\" \/><\/a>\n\t\t\t\t<\/dt><\/dl><dl class='gallery-item'>\n\t\t\t\t<dt class='gallery-icon portrait'>\n\t\t\t\t\t<a class=\"rollover rollover-zoom dt-pswp-item\" title=\"262240903_425262719089892_2132815986772079828_n\" data-dt-img-description=\"\" data-large_image_width=\"149\" data-large_image_height=\"247\"href='https:\/\/www.radiopiu.net\/wordpress\/wp-content\/uploads\/2021\/12\/262240903_425262719089892_2132815986772079828_n.jpg'><img loading=\"lazy\" decoding=\"async\" width=\"149\" height=\"150\" src=\"https:\/\/www.radiopiu.net\/wordpress\/wp-content\/uploads\/2021\/12\/262240903_425262719089892_2132815986772079828_n-149x150.jpg\" class=\"attachment-thumbnail size-thumbnail\" alt=\"\" \/><\/a>\n\t\t\t\t<\/dt><\/dl><dl class='gallery-item'>\n\t\t\t\t<dt class='gallery-icon landscape'>\n\t\t\t\t\t<a class=\"rollover rollover-zoom dt-pswp-item\" title=\"262773886_430095125331205_4030853674201259993_n\" data-dt-img-description=\"\" data-large_image_width=\"291\" data-large_image_height=\"206\"href='https:\/\/www.radiopiu.net\/wordpress\/wp-content\/uploads\/2021\/12\/262773886_430095125331205_4030853674201259993_n.jpg'><img loading=\"lazy\" decoding=\"async\" width=\"150\" height=\"150\" src=\"https:\/\/www.radiopiu.net\/wordpress\/wp-content\/uploads\/2021\/12\/262773886_430095125331205_4030853674201259993_n-150x150.jpg\" class=\"attachment-thumbnail size-thumbnail\" alt=\"\" \/><\/a>\n\t\t\t\t<\/dt><\/dl><dl class='gallery-item'>\n\t\t\t\t<dt class='gallery-icon landscape'>\n\t\t\t\t\t<a class=\"rollover rollover-zoom dt-pswp-item\" title=\"262544900_701386617502101_3277217931841668109_n\" data-dt-img-description=\"\" data-large_image_width=\"296\" data-large_image_height=\"206\"href='https:\/\/www.radiopiu.net\/wordpress\/wp-content\/uploads\/2021\/12\/262544900_701386617502101_3277217931841668109_n.jpg'><img loading=\"lazy\" decoding=\"async\" width=\"150\" height=\"150\" src=\"https:\/\/www.radiopiu.net\/wordpress\/wp-content\/uploads\/2021\/12\/262544900_701386617502101_3277217931841668109_n-150x150.jpg\" class=\"attachment-thumbnail size-thumbnail\" alt=\"\" \/><\/a>\n\t\t\t\t<\/dt><\/dl><br style=\"clear: both\" \/><dl class='gallery-item'>\n\t\t\t\t<dt class='gallery-icon landscape'>\n\t\t\t\t\t<a class=\"rollover rollover-zoom dt-pswp-item\" title=\"262240903_603725837602493_5959297308105573369_n\" data-dt-img-description=\"\" data-large_image_width=\"280\" data-large_image_height=\"204\"href='https:\/\/www.radiopiu.net\/wordpress\/wp-content\/uploads\/2021\/12\/262240903_603725837602493_5959297308105573369_n.jpg'><img loading=\"lazy\" decoding=\"async\" width=\"150\" height=\"150\" src=\"https:\/\/www.radiopiu.net\/wordpress\/wp-content\/uploads\/2021\/12\/262240903_603725837602493_5959297308105573369_n-150x150.jpg\" class=\"attachment-thumbnail size-thumbnail\" alt=\"\" \/><\/a>\n\t\t\t\t<\/dt><\/dl><dl class='gallery-item'>\n\t\t\t\t<dt class='gallery-icon portrait'>\n\t\t\t\t\t<a class=\"rollover rollover-zoom dt-pswp-item\" title=\"262410927_1108479726621297_2753433929641446832_n\" data-dt-img-description=\"\" data-large_image_width=\"153\" data-large_image_height=\"247\"href='https:\/\/www.radiopiu.net\/wordpress\/wp-content\/uploads\/2021\/12\/262410927_1108479726621297_2753433929641446832_n.jpg'><img loading=\"lazy\" decoding=\"async\" width=\"150\" height=\"150\" src=\"https:\/\/www.radiopiu.net\/wordpress\/wp-content\/uploads\/2021\/12\/262410927_1108479726621297_2753433929641446832_n-150x150.jpg\" class=\"attachment-thumbnail size-thumbnail\" alt=\"\" \/><\/a>\n\t\t\t\t<\/dt><\/dl><dl class='gallery-item'>\n\t\t\t\t<dt class='gallery-icon landscape'>\n\t\t\t\t\t<a class=\"rollover rollover-zoom dt-pswp-item\" title=\"262232044_1082399105924541_2343202322857583614_n\" data-dt-img-description=\"\" data-large_image_width=\"240\" data-large_image_height=\"200\"href='https:\/\/www.radiopiu.net\/wordpress\/wp-content\/uploads\/2021\/12\/262232044_1082399105924541_2343202322857583614_n.jpg'><img loading=\"lazy\" decoding=\"async\" width=\"150\" height=\"150\" src=\"https:\/\/www.radiopiu.net\/wordpress\/wp-content\/uploads\/2021\/12\/262232044_1082399105924541_2343202322857583614_n-150x150.jpg\" class=\"attachment-thumbnail size-thumbnail\" alt=\"\" \/><\/a>\n\t\t\t\t<\/dt><\/dl><dl class='gallery-item'>\n\t\t\t\t<dt class='gallery-icon portrait'>\n\t\t\t\t\t<a class=\"rollover rollover-zoom dt-pswp-item\" title=\"262497067_429177295345796_652512261980899182_n\" data-dt-img-description=\"\" data-large_image_width=\"157\" data-large_image_height=\"225\"href='https:\/\/www.radiopiu.net\/wordpress\/wp-content\/uploads\/2021\/12\/262497067_429177295345796_652512261980899182_n.jpg'><img loading=\"lazy\" decoding=\"async\" width=\"150\" height=\"150\" src=\"https:\/\/www.radiopiu.net\/wordpress\/wp-content\/uploads\/2021\/12\/262497067_429177295345796_652512261980899182_n-150x150.jpg\" class=\"attachment-thumbnail size-thumbnail\" alt=\"\" \/><\/a>\n\t\t\t\t<\/dt><\/dl><br style=\"clear: both\" \/><dl class='gallery-item'>\n\t\t\t\t<dt class='gallery-icon portrait'>\n\t\t\t\t\t<a class=\"rollover rollover-zoom dt-pswp-item\" title=\"263170008_262391992589524_6436834468602766324_n\" data-dt-img-description=\"\" data-large_image_width=\"191\" data-large_image_height=\"206\"href='https:\/\/www.radiopiu.net\/wordpress\/wp-content\/uploads\/2021\/12\/263170008_262391992589524_6436834468602766324_n.jpg'><img loading=\"lazy\" decoding=\"async\" width=\"150\" height=\"150\" src=\"https:\/\/www.radiopiu.net\/wordpress\/wp-content\/uploads\/2021\/12\/263170008_262391992589524_6436834468602766324_n-150x150.jpg\" class=\"attachment-thumbnail size-thumbnail\" alt=\"\" \/><\/a>\n\t\t\t\t<\/dt><\/dl><dl class='gallery-item'>\n\t\t\t\t<dt class='gallery-icon portrait'>\n\t\t\t\t\t<a class=\"rollover rollover-zoom dt-pswp-item\" title=\"262522678_671119740544354_7064018640773789487_n\" data-dt-img-description=\"\" data-large_image_width=\"160\" data-large_image_height=\"222\"href='https:\/\/www.radiopiu.net\/wordpress\/wp-content\/uploads\/2021\/12\/262522678_671119740544354_7064018640773789487_n.jpg'><img loading=\"lazy\" decoding=\"async\" width=\"150\" height=\"150\" src=\"https:\/\/www.radiopiu.net\/wordpress\/wp-content\/uploads\/2021\/12\/262522678_671119740544354_7064018640773789487_n-150x150.jpg\" class=\"attachment-thumbnail size-thumbnail\" alt=\"\" \/><\/a>\n\t\t\t\t<\/dt><\/dl><dl class='gallery-item'>\n\t\t\t\t<dt class='gallery-icon landscape'>\n\t\t\t\t\t<a class=\"rollover rollover-zoom dt-pswp-item\" title=\"262532587_897678351117820_2878551197141109689_n\" data-dt-img-description=\"\" data-large_image_width=\"228\" data-large_image_height=\"205\"href='https:\/\/www.radiopiu.net\/wordpress\/wp-content\/uploads\/2021\/12\/262532587_897678351117820_2878551197141109689_n.jpg'><img loading=\"lazy\" decoding=\"async\" width=\"150\" height=\"150\" src=\"https:\/\/www.radiopiu.net\/wordpress\/wp-content\/uploads\/2021\/12\/262532587_897678351117820_2878551197141109689_n-150x150.jpg\" class=\"attachment-thumbnail size-thumbnail\" alt=\"\" \/><\/a>\n\t\t\t\t<\/dt><\/dl><dl class='gallery-item'>\n\t\t\t\t<dt class='gallery-icon portrait'>\n\t\t\t\t\t<a class=\"rollover rollover-zoom dt-pswp-item\" title=\"262356915_231984572340461_1943109099741348513_n\" data-dt-img-description=\"\" data-large_image_width=\"194\" data-large_image_height=\"206\"href='https:\/\/www.radiopiu.net\/wordpress\/wp-content\/uploads\/2021\/12\/262356915_231984572340461_1943109099741348513_n.jpg'><img loading=\"lazy\" decoding=\"async\" width=\"150\" height=\"150\" src=\"https:\/\/www.radiopiu.net\/wordpress\/wp-content\/uploads\/2021\/12\/262356915_231984572340461_1943109099741348513_n-150x150.jpg\" class=\"attachment-thumbnail size-thumbnail\" alt=\"\" \/><\/a>\n\t\t\t\t<\/dt><\/dl><br style=\"clear: both\" \/>\n\t\t\t<\/div>\n\n<p>NELLE FOTO (riproduzioni dal libro-guida \u201cFeltre e il Feltrino\u201d): Seren del Grappa a quota 386; suggestiva panoramica del Monte Grappa; chiesa di Caupo; visione generale di Sovramonte a quota 610; la chiesa di San Giorgio; campanile di Aune; proprio un bel vedere a Servo; il rifugio \u201cG. Dal Piaz\u201d; la Busa delle Vette; rustici a Salzen; cos\u00ec si propone Vas, a quota 218; la chiesa di Sant\u2019Antonio; la sede del Museo storico \u201cMadonna del Piave\u201d; il fascino di Vas; sci che passione in questo Paradiso\u2026; sentiero \u201cdell\u2019Intaiada\u201d lungo l\u2019Alta via numero 2.<\/p>\n<p>&nbsp;<\/p>\n<p>&nbsp;<\/p>\n<hr \/>\n<p>&nbsp;<\/p>\n<blockquote>\n<h3>OSPEDALE DI AURONZO, LE MODIFICHE DEGLI ORARI<\/h3>\n<\/blockquote>\n<p><strong>AURONZO<\/strong>\u00a0 L\u2019Ufficio sar\u00e0 aperto all\u2019utenza il mercoled\u00ec pomeriggio dalle 14.00 alle 17.00 invece che il marted\u00ec per allinearsi con l\u2019attivit\u00e0 dell\u2019ambulatorio ortopedico e migliorare i servizi ai cittadini. L\u2019orario cassa, quindi, seguir\u00e0 i seguenti orari: \u00a0Luned\u00ec e venerdi 7:30-14 \u2981 Marted\u00ec 07:30 &#8211; 13\u00a0 \u2981 Mercoled\u00ec\u00a0 e giovedi 7:30 &#8211; 13 e 14 -17. Dal lunedi al venerdi dalle 11 alle 13\u00a0 il ritiro degli esami di laboratorio. Gli orari dell&#8217;anagrafe sanitaria: \u00a0luned\u00ec al venerd\u00ec dalle 10 alle 13<\/p>\n<div dir=\"auto\"><\/div>\n<div dir=\"auto\"><\/div>\n<p>&nbsp;<\/p>\n<hr \/>\n<p>&nbsp;<\/p>\n<blockquote>\n<h3>SABATO SAN NICOLO&#8217; ARRIVA A CAVIOLA<\/h3>\n<\/blockquote>\n<p><strong>FALCADE\u00a0<\/strong>Sabato in via Lungo Tegosa di Caviola si terr\u00e0 il mercatino di San Nicol\u00f2, dalle ore 10 alle 16, con prodotti tipici e artigianato. Alle ore 14:30 ci sar\u00e0 l&#8217;arrivo di San Nicol\u00f2 con un piccolo dono per tutti i bambini.<\/p>\n<p>&nbsp;<\/p>\n<p>&nbsp;<\/p>\n<hr \/>\n<p>&nbsp;<\/p>\n<blockquote>\n<h3>SANTA BARBARA CON I PERITI MINERARI DI AGORDO<\/h3>\n<\/blockquote>\n<p><strong>AGORDO<\/strong> \u00c8 in programma per sabato in sala Don Tamis il consueto appuntamento con Santa Barbara dei Periti Minerari. Ritrovo in chiesa alle 9:45 e sanata messa alle 10. In sala Don Tamis, a partire dalle 11 la consegna delle borse di studio agli studenti meritevoli. La cittadinanza \u00e8 invitata a partecipare<\/p>\n<p>&nbsp;<\/p>\n<p>&nbsp;<\/p>\n<hr \/>\n<p>&nbsp;<\/p>\n<p>&nbsp;<\/p>\n<blockquote>\n<h3>DOMENICA A SAN GREGORIO LA FESTA DI SANTA BARBARA<\/h3>\n<\/blockquote>\n<p><strong>SAN GREGORIO NELLE ALPI<\/strong> Il Gruppo Alpini di San Gregorio con la Protezione Civile organizzano per domenica la Festa di Santa Barbara. Alle 9:30 il raduno e alle 9:40 il corteo. Alle 10 la santa messa, seguir\u00e0 la processione per le vie del paese con rinfresco persso la sede degli Alpini alle 11:30.<\/p>\n<p>&nbsp;<\/p>\n<p>&nbsp;<\/p>\n<hr \/>\n<p>&nbsp;<\/p>\n<p>&nbsp;<\/p>\n<blockquote>\n<h3>LA FESTA AL COMANDO VIGILI DEL FUOCO<\/h3>\n<\/blockquote>\n<p><strong><a href=\"https:\/\/www.radiopiu.net\/wordpress\/domenica-esercitazione-dei-vigili-del-fuoco-a-falcade\/3ad5a980-5dd0-475a-991f-39b6c7d87e5c\/\" rel=\"attachment wp-att-222517\"><img loading=\"lazy\" decoding=\"async\" class=\" wp-image-222517 alignleft\" src=\"https:\/\/www.radiopiu.net\/wordpress\/wp-content\/uploads\/2021\/07\/3ad5a980-5dd0-475a-991f-39b6c7d87e5c-300x200.jpg\" alt=\"\" width=\"239\" height=\"159\" srcset=\"https:\/\/www.radiopiu.net\/wordpress\/wp-content\/uploads\/2021\/07\/3ad5a980-5dd0-475a-991f-39b6c7d87e5c-300x200.jpg 300w, https:\/\/www.radiopiu.net\/wordpress\/wp-content\/uploads\/2021\/07\/3ad5a980-5dd0-475a-991f-39b6c7d87e5c-1024x683.jpg 1024w, https:\/\/www.radiopiu.net\/wordpress\/wp-content\/uploads\/2021\/07\/3ad5a980-5dd0-475a-991f-39b6c7d87e5c-768x512.jpg 768w, https:\/\/www.radiopiu.net\/wordpress\/wp-content\/uploads\/2021\/07\/3ad5a980-5dd0-475a-991f-39b6c7d87e5c.jpg 1080w\" sizes=\"auto, (max-width: 239px) 100vw, 239px\" \/><\/a>BELLUNO\u00a0<\/strong> Sabato \u00a0cerimonia presso la sede centrale di via Col da Ren. Anche presso tutti i distaccamenti della provincia sono state previste delle parallele celebrazioni locali. Sua Eccellenza Monsignor Renato Marangoni, vescovo di Belluno, celebrer\u00e0 la Santa Messa alle 10.30\u00a0 presso la sede centrale. Alle 11.45 dopo gli onori al tricolore\u00a0 la benedizione del nuovo castello esercitativo di manovra. In occasione della cerimonia saranno consegnate le benemerenze (Croci di Anzianit\u00e0 e Diplomi di Lodevole Servizio) attribuite al personale dipendente nel corso di quest&#8217;anno. Il comandante provinciale, Antonio Del Gallo traccer\u00e0 un consuntivo delle attivit\u00e0 svolte nel corso dell&#8217;anno e tratteggiare le prospettive per il prossimo. Prima dell&#8217;inizio della cerimonia, alle\u00a0 10 sar\u00e0 deposta una corona d&#8217;alloro presso il monumento dei vigili del fuoco caduti in servizio, recentemente ricollocato nel piazzale del Comando.<\/p>\n<p>&nbsp;<\/p>\n<p>&nbsp;<\/p>\n<hr \/>\n<p>&nbsp;<\/p>\n<p>&nbsp;<\/p>\n<blockquote>\n<h2>ARTISTI\u00a0 CERCASI, PER UN POSTO IN VETRINA<\/h2>\n<\/blockquote>\n<p><strong><span lang=\"IT\"><a href=\"https:\/\/www.radiopiu.net\/wordpress\/giornale-radiopiu-26-novembre-2021-direttore-mirko-mezzacasa\/volantino-vetrine-estate-2021\/\" rel=\"attachment wp-att-244999\"><img loading=\"lazy\" decoding=\"async\" class=\" wp-image-244999 alignleft\" src=\"https:\/\/www.radiopiu.net\/wordpress\/wp-content\/uploads\/2021\/11\/Volantino-vetrine-estate-2021-300x169.png\" alt=\"\" width=\"250\" height=\"141\" srcset=\"https:\/\/www.radiopiu.net\/wordpress\/wp-content\/uploads\/2021\/11\/Volantino-vetrine-estate-2021-300x169.png 300w, https:\/\/www.radiopiu.net\/wordpress\/wp-content\/uploads\/2021\/11\/Volantino-vetrine-estate-2021-1024x576.png 1024w, https:\/\/www.radiopiu.net\/wordpress\/wp-content\/uploads\/2021\/11\/Volantino-vetrine-estate-2021-768x432.png 768w, https:\/\/www.radiopiu.net\/wordpress\/wp-content\/uploads\/2021\/11\/Volantino-vetrine-estate-2021-1536x864.png 1536w, https:\/\/www.radiopiu.net\/wordpress\/wp-content\/uploads\/2021\/11\/Volantino-vetrine-estate-2021.png 1920w\" sizes=\"auto, (max-width: 250px) 100vw, 250px\" \/><\/a><\/span>L&#8217;INTERVISTA, OSPITE L&#8217;ASSESSORE CHIARA FONTANIVE<\/strong><\/p>\n<p><strong>di Claudio Fontanive\u00a0\u00a0<\/strong><\/p>\n<audio class=\"wp-audio-shortcode\" id=\"audio-245889-14\" preload=\"none\" style=\"width: 100%;\" controls=\"controls\"><source type=\"audio\/mpeg\" src=\"https:\/\/www.radiopiu.net\/wordpress\/wp-content\/uploads\/2021\/11\/chiara-fontanive-29-novembre.mp3?_=14\" \/><a href=\"https:\/\/www.radiopiu.net\/wordpress\/wp-content\/uploads\/2021\/11\/chiara-fontanive-29-novembre.mp3\">https:\/\/www.radiopiu.net\/wordpress\/wp-content\/uploads\/2021\/11\/chiara-fontanive-29-novembre.mp3<\/a><\/audio>\n<blockquote>\n<h3><\/h3>\n<p>&nbsp;<\/p><\/blockquote>\n<hr \/>\n<p>&nbsp;<\/p>\n<p>&nbsp;<\/p>\n<blockquote>\n<h3>CHIUDE IL DOCUFILM VERGOT<\/h3>\n<\/blockquote>\n<p><strong>FONZASO<\/strong> Ultimo appuntamento per \u201cNon \u00e8 solo questione di genere\u201d: la rassegna di promozione delle pari opportunit\u00e0. Oggi alle \u00a020.30,\u00a0 all\u2019ex-scuola elementare di Arten verr\u00e0 proiettato il docufilm trentino \u201cVergot\u201d. <span lang=\"IT\">La partecipazione \u00e8 gratuita, su prenotazione e norme covid: <\/span><span lang=\"IT\"><a href=\"https:\/\/dolomitihub.it\/vergot-2\/\">https:\/\/dolomitihub.it\/vergot-2\/<\/a><\/span><\/p>\n<p>&nbsp;<\/p>\n<p>&nbsp;<\/p>\n<hr \/>\n<p>&nbsp;<\/p>\n<p>&nbsp;<\/p>\n<blockquote>\n<h3><a href=\"https:\/\/www.radiopiu.net\/wordpress\/giornale-radiopiu-02-dicembre-2021-direttore-mirko-mezzacasa\/ed88dd4a-87a3-452c-b70b-6a5651471579\/\" rel=\"attachment wp-att-245965\"><img loading=\"lazy\" decoding=\"async\" class=\"size-medium wp-image-245965 alignleft\" src=\"https:\/\/www.radiopiu.net\/wordpress\/wp-content\/uploads\/2021\/12\/ed88dd4a-87a3-452c-b70b-6a5651471579-215x300.jpg\" alt=\"\" width=\"215\" height=\"300\" srcset=\"https:\/\/www.radiopiu.net\/wordpress\/wp-content\/uploads\/2021\/12\/ed88dd4a-87a3-452c-b70b-6a5651471579-215x300.jpg 215w, https:\/\/www.radiopiu.net\/wordpress\/wp-content\/uploads\/2021\/12\/ed88dd4a-87a3-452c-b70b-6a5651471579-735x1024.jpg 735w, https:\/\/www.radiopiu.net\/wordpress\/wp-content\/uploads\/2021\/12\/ed88dd4a-87a3-452c-b70b-6a5651471579-768x1070.jpg 768w, https:\/\/www.radiopiu.net\/wordpress\/wp-content\/uploads\/2021\/12\/ed88dd4a-87a3-452c-b70b-6a5651471579-1102x1536.jpg 1102w, https:\/\/www.radiopiu.net\/wordpress\/wp-content\/uploads\/2021\/12\/ed88dd4a-87a3-452c-b70b-6a5651471579.jpg 1148w\" sizes=\"auto, (max-width: 215px) 100vw, 215px\" \/><\/a>LE STELLE DI NATALE PRO AIL<\/h3>\n<\/blockquote>\n<p><strong>AGORDO<\/strong> Nei giorni\u00a0 primi giorni di dicembre come da consolidata tradizione l&#8217;Associazione Italiana contro le Leucemie-Linfomi-Mielomi si propone con la raccolta dei contributi perch\u00e8 <em>&#8220;Ogni malato di leucemia ha la sua buona stella&#8221;<\/em>, La stella di Natale \u00e8 il simbolo della raccolta fondi dell&#8217;Ail, ad Agordo presso il condominio La Corte di via Insurrezione saranno disponibili sabato e domenica<\/p>\n<p>&nbsp;<\/p>\n<p>&nbsp;<\/p>\n<p>&nbsp;<\/p>\n<p>&nbsp;<\/p>\n<p>&nbsp;<\/p>\n<p>&nbsp;<\/p>\n<p>&nbsp;<\/p>\n<hr \/>\n<p>&nbsp;<\/p>\n<h3><span style=\"color: #0000ff;\">INFORMAZIONE il canale su TELEGRAM informazione di prima mano e in tempo reale. iscriviti ed aiutaci a farlo conoscere\u00a0 \u00a0<\/span><\/h3>\n<p>&nbsp;<\/p>\n<hr \/>\n<blockquote><p><strong>\u00a0<\/strong><\/p>\n<p><strong>GLI SPECIALI ALLA RADIO, DA MOLTI ANNI RADIO PIU&#8217; IL LUNEDI ALLE 13 (REPLICA ALLE 20 E LA DOMENICA ALLE 10.30) TRASMETTE LA RUBRICA DI MEDICINA, IN ONDA DA SETTEMBRE A GIUGNO CON IL DOTTOR MARCO CARACCIOLO, &#8220;SALUTE E SOCIETA'&#8221; E&#8217; LA RUBRICA DI MEDICINA CHE CON ORGOGLIO RADIO PIU&#8217; PRESENTA OGNI SETTIMANA, IN PODCAST SUL SITO DI RADIO PIU, TUTTE LE PUNTATE\u00a0<\/strong><\/p><\/blockquote>\n<blockquote class=\"wp-embedded-content\" data-secret=\"pC8K3fKnf3\"><p><a href=\"https:\/\/www.radiopiu.net\/wordpress\/saluteesocieta\/\">Salute e Societ\u00e0<\/a><\/p><\/blockquote>\n<p><iframe loading=\"lazy\" class=\"wp-embedded-content\" sandbox=\"allow-scripts\" security=\"restricted\" style=\"position: absolute; clip: rect(1px, 1px, 1px, 1px);\" title=\"&#8220;Salute e Societ\u00e0&#8221; &#8212; Radio Pi\u00f9\" src=\"https:\/\/www.radiopiu.net\/wordpress\/saluteesocieta\/embed\/#?secret=pC8K3fKnf3\" data-secret=\"pC8K3fKnf3\" width=\"600\" height=\"338\" frameborder=\"0\" marginwidth=\"0\" marginheight=\"0\" scrolling=\"no\"><\/iframe><\/p>\n<p>&nbsp;<\/p>\n<p>&nbsp;<\/p>\n<hr \/>\n<p>&nbsp;<\/p>\n<h1><span style=\"color: #ff0000;\">IERI ALLA RADIO&#8230;\u00a0<\/span><\/h1>\n<p>&nbsp;<\/p>\n<blockquote>\n<h3><a href=\"https:\/\/www.radiopiu.net\/wordpress\/sabato-7-dicembre-comprensorio-del-civetta-interamente-aperto\/skicivetta-1-2\/\" rel=\"attachment wp-att-108969\"><img loading=\"lazy\" decoding=\"async\" class=\" wp-image-108969 alignleft\" src=\"https:\/\/www.radiopiu.net\/wordpress\/wp-content\/uploads\/2019\/12\/SKICIVETTA-1-1-300x200.jpg\" alt=\"\" width=\"197\" height=\"131\" srcset=\"https:\/\/www.radiopiu.net\/wordpress\/wp-content\/uploads\/2019\/12\/SKICIVETTA-1-1-300x200.jpg 300w, https:\/\/www.radiopiu.net\/wordpress\/wp-content\/uploads\/2019\/12\/SKICIVETTA-1-1-1024x681.jpg 1024w, https:\/\/www.radiopiu.net\/wordpress\/wp-content\/uploads\/2019\/12\/SKICIVETTA-1-1-768x511.jpg 768w, https:\/\/www.radiopiu.net\/wordpress\/wp-content\/uploads\/2019\/12\/SKICIVETTA-1-1-1536x1022.jpg 1536w, https:\/\/www.radiopiu.net\/wordpress\/wp-content\/uploads\/2019\/12\/SKICIVETTA-1-1.jpg 1772w\" sizes=\"auto, (max-width: 197px) 100vw, 197px\" \/><\/a>TUTTO PRONTO SOTTO AL CIVETTA, LA BIANCA STAGIONE PUO&#8217; AVERE INIZIO<\/h3>\n<p><strong>OSPITI IN STUDIO, Christian Moretti e Andrea Dal Farra<\/strong><\/p>\n<p><strong>di Claudio Fontanive\u00a0<\/strong><\/p><\/blockquote>\n<audio class=\"wp-audio-shortcode\" id=\"audio-245889-15\" preload=\"none\" style=\"width: 100%;\" controls=\"controls\"><source type=\"audio\/mpeg\" src=\"https:\/\/www.radiopiu.net\/wordpress\/wp-content\/uploads\/2021\/12\/dal-farra-moretti-01-dicembre.mp3?_=15\" \/><a href=\"https:\/\/www.radiopiu.net\/wordpress\/wp-content\/uploads\/2021\/12\/dal-farra-moretti-01-dicembre.mp3\">https:\/\/www.radiopiu.net\/wordpress\/wp-content\/uploads\/2021\/12\/dal-farra-moretti-01-dicembre.mp3<\/a><\/audio>\n<p>&nbsp;<\/p>\n<p>&nbsp;<\/p>\n<hr \/>\n<p>&nbsp;<\/p>\n<h2><span style=\"color: #ff00ff;\"><a href=\"https:\/\/www.radiopiu.net\/wordpress\/plastic-free-ottava-puntata\/260172614_616817659360747_2768082105235435116_n-2\/\" rel=\"attachment wp-att-244795\"><img loading=\"lazy\" decoding=\"async\" class=\" wp-image-244795 alignleft\" src=\"https:\/\/www.radiopiu.net\/wordpress\/wp-content\/uploads\/2021\/11\/260172614_616817659360747_2768082105235435116_n-1-225x300.jpg\" alt=\"\" width=\"85\" height=\"113\" srcset=\"https:\/\/www.radiopiu.net\/wordpress\/wp-content\/uploads\/2021\/11\/260172614_616817659360747_2768082105235435116_n-1-225x300.jpg 225w, https:\/\/www.radiopiu.net\/wordpress\/wp-content\/uploads\/2021\/11\/260172614_616817659360747_2768082105235435116_n-1.jpg 720w\" sizes=\"auto, (max-width: 85px) 100vw, 85px\" \/><\/a>PLASTIC FREE PER UN MONDO SENZA PLASTICA<\/span><\/h2>\n<p><strong>Con la collaborazione di Martina Smaniotto<\/strong><\/p>\n<p><em><strong>Puntata del 24 novembre 2021 DALLE SCUOLE DI CANALE D&#8217;AGORDO<\/strong><\/em><\/p>\n<audio class=\"wp-audio-shortcode\" id=\"audio-245889-16\" preload=\"none\" style=\"width: 100%;\" controls=\"controls\"><source type=\"audio\/mpeg\" src=\"https:\/\/www.radiopiu.net\/wordpress\/wp-content\/uploads\/2021\/11\/MARTINA-PLASTIC-7.mp3?_=16\" \/><a href=\"https:\/\/www.radiopiu.net\/wordpress\/wp-content\/uploads\/2021\/11\/MARTINA-PLASTIC-7.mp3\">https:\/\/www.radiopiu.net\/wordpress\/wp-content\/uploads\/2021\/11\/MARTINA-PLASTIC-7.mp3<\/a><\/audio>\n<p><strong>\u00a0<\/strong><\/p>\n<p><strong>LA RACCOLTA COMPLETA<\/strong><\/p>\n<blockquote class=\"wp-embedded-content\" data-secret=\"ZWuzaH7y1s\"><p><a href=\"https:\/\/www.radiopiu.net\/wordpress\/plastic-free-per-un-mondo-senza-plastica\/\">PLASTIC FREE per un mondo senza plastica<\/a><\/p><\/blockquote>\n<p><iframe loading=\"lazy\" class=\"wp-embedded-content\" sandbox=\"allow-scripts\" security=\"restricted\" style=\"position: absolute; clip: rect(1px, 1px, 1px, 1px);\" title=\"&#8220;PLASTIC FREE per un mondo senza plastica&#8221; &#8212; Radio Pi\u00f9\" src=\"https:\/\/www.radiopiu.net\/wordpress\/plastic-free-per-un-mondo-senza-plastica\/embed\/#?secret=ZWuzaH7y1s\" data-secret=\"ZWuzaH7y1s\" width=\"600\" height=\"338\" frameborder=\"0\" marginwidth=\"0\" marginheight=\"0\" scrolling=\"no\"><\/iframe><\/p>\n<p>&nbsp;<\/p>\n<p>&nbsp;<\/p>\n<hr \/>\n<p>&nbsp;<\/p>\n<div>\n<div class=\"b654a4as d2edcug0\">\n<div class=\"rq0escxv hkbzh7o3 jwdofwj8 n8tt0mok r8blr3vg hyh9befq\">\n<p><a class=\"dt-pswp-item\" href=\"https:\/\/www.radiopiu.net\/wordpress\/wp-content\/uploads\/2020\/10\/pp.jpg\" data-dt-img-description=\"\" data-large_image_width=\"640\" data-large_image_height=\"640\"><img loading=\"lazy\" decoding=\"async\" class=\"wp-image-163678 alignleft\" src=\"https:\/\/www.radiopiu.net\/wordpress\/wp-content\/uploads\/2020\/10\/pp-300x300.jpg\" alt=\"\" width=\"106\" height=\"106\" srcset=\"https:\/\/www.radiopiu.net\/wordpress\/wp-content\/uploads\/2020\/10\/pp-300x300.jpg 300w, https:\/\/www.radiopiu.net\/wordpress\/wp-content\/uploads\/2020\/10\/pp-150x150.jpg 150w, https:\/\/www.radiopiu.net\/wordpress\/wp-content\/uploads\/2020\/10\/pp-125x125.jpg 125w, https:\/\/www.radiopiu.net\/wordpress\/wp-content\/uploads\/2020\/10\/pp-200x200.jpg 200w, https:\/\/www.radiopiu.net\/wordpress\/wp-content\/uploads\/2020\/10\/pp-80x80.jpg 80w, https:\/\/www.radiopiu.net\/wordpress\/wp-content\/uploads\/2020\/10\/pp-480x480.jpg 480w, https:\/\/www.radiopiu.net\/wordpress\/wp-content\/uploads\/2020\/10\/pp.jpg 640w\" sizes=\"auto, (max-width: 106px) 100vw, 106px\" \/><\/a><\/p>\n<\/div>\n<\/div>\n<\/div>\n<div>\n<div class=\"page-title-head hgroup\">\n<div class=\"page-title-head hgroup\">\n<div class=\"b654a4as d2edcug0\">\n<div class=\"j83agx80 btwxx1t3 lhclo0ds hop8lmos nkwizq5d scwd0bx6 roh60bw9\">\n<div class=\"rq0escxv hkbzh7o3 jwdofwj8 n8tt0mok r8blr3vg hyh9befq\">\n<div class=\"do00u71z l9j0dhe7 k4urcfbm\">\n<h2><span style=\"color: #000080;\">DON CESARE, IL PENSIERO DEL GIORNO. ALLA RADIO ALLE 7 DEL MATTINO E ALLE 19.30 DELLA SERA.\u00a0\u00a0<\/span><\/h2>\n<p>&nbsp;<\/p>\n<p>&nbsp;<\/p>\n<audio class=\"wp-audio-shortcode\" id=\"audio-245889-17\" preload=\"none\" style=\"width: 100%;\" controls=\"controls\"><source type=\"audio\/mpeg\" src=\"https:\/\/www.radiopiu.net\/wordpress\/wp-content\/uploads\/2021\/12\/cesare-1.mp3?_=17\" \/><a href=\"https:\/\/www.radiopiu.net\/wordpress\/wp-content\/uploads\/2021\/12\/cesare-1.mp3\">https:\/\/www.radiopiu.net\/wordpress\/wp-content\/uploads\/2021\/12\/cesare-1.mp3<\/a><\/audio>\n<p>&nbsp;<\/p>\n<p>&nbsp;<\/p>\n<hr \/>\n<p>&nbsp;<\/p>\n<blockquote>\n<h3>IN VIVO VERSO, SETTIMA STAGIONE CON BRUNELLA MORO, DAL LUNEDI AL VENERDI ALLE 7.10, 10.10 E 18.50<\/h3>\n<\/blockquote>\n<blockquote>\n<h3>A MIO PADRE di ANNA VILLANI<\/h3>\n<\/blockquote>\n<p><strong>AUDIO<\/strong><\/p>\n<audio class=\"wp-audio-shortcode\" id=\"audio-245889-18\" preload=\"none\" style=\"width: 100%;\" controls=\"controls\"><source type=\"audio\/mpeg\" src=\"https:\/\/www.radiopiu.net\/wordpress\/wp-content\/uploads\/2021\/11\/03-ANNA-VILLANI-A-MIO-PADRE-1.mp3?_=18\" \/><a href=\"https:\/\/www.radiopiu.net\/wordpress\/wp-content\/uploads\/2021\/11\/03-ANNA-VILLANI-A-MIO-PADRE-1.mp3\">https:\/\/www.radiopiu.net\/wordpress\/wp-content\/uploads\/2021\/11\/03-ANNA-VILLANI-A-MIO-PADRE-1.mp3<\/a><\/audio>\n<p>&nbsp;<\/p>\n<p><a href=\"https:\/\/www.radiopiu.net\/wordpress\/a-mio-padre-di-anna-villani\/anna-villani\/\" rel=\"attachment wp-att-245956\"><img loading=\"lazy\" decoding=\"async\" class=\" wp-image-245956 alignleft\" src=\"https:\/\/www.radiopiu.net\/wordpress\/wp-content\/uploads\/2021\/12\/ANNA-VILLANI-300x300.jpg\" alt=\"\" width=\"201\" height=\"201\" srcset=\"https:\/\/www.radiopiu.net\/wordpress\/wp-content\/uploads\/2021\/12\/ANNA-VILLANI-300x300.jpg 300w, https:\/\/www.radiopiu.net\/wordpress\/wp-content\/uploads\/2021\/12\/ANNA-VILLANI-150x150.jpg 150w, https:\/\/www.radiopiu.net\/wordpress\/wp-content\/uploads\/2021\/12\/ANNA-VILLANI.jpg 640w\" sizes=\"auto, (max-width: 201px) 100vw, 201px\" \/><\/a>Non e&#8217; facile essere tua figlia,<br \/>\nessere figlia di un uomo che ha saputo vedere oltre la sua vita,<br \/>\nche e&#8217; cosi presente anche dopo la sua morte,<br \/>\nche e&#8217; stato cosi grande in ogni sua impresa&#8230;.<br \/>\nNon e&#8217; facile essere all&#8217;altezza.<br \/>\nNon e&#8217; facile lasciarti andare nelle mie emozioni .<br \/>\nRestero&#8217; ancorata a te per tutta la vita e nella vita ripensando a te<br \/>\nti capiro&#8217; sempre di pi\u00f9&#8217;.<br \/>\nE da te prender\u00f2&#8217; il meglio,<br \/>\nperche&#8217; l&#8217;amore che mi hai lasciato dentro<br \/>\nmi sostenga e abbracci<br \/>\nnei momenti pi\u00f9&#8217; difficili della mia vita.<br \/>\nPer sempre la tua Anna.<\/p>\n<p><strong>LA RACCOLTA COMPLETA\u00a0 \u00a0<\/strong><\/p>\n<blockquote class=\"wp-embedded-content\" data-secret=\"n0SNbNpshT\"><p><a href=\"https:\/\/www.radiopiu.net\/wordpress\/in-vivo-verso\/\">In Vivo Verso<\/a><\/p><\/blockquote>\n<p><iframe loading=\"lazy\" class=\"wp-embedded-content\" sandbox=\"allow-scripts\" security=\"restricted\" style=\"position: absolute; clip: rect(1px, 1px, 1px, 1px);\" title=\"&#8220;In Vivo Verso&#8221; &#8212; Radio Pi\u00f9\" src=\"https:\/\/www.radiopiu.net\/wordpress\/in-vivo-verso\/embed\/#?secret=n0SNbNpshT\" data-secret=\"n0SNbNpshT\" width=\"600\" height=\"338\" frameborder=\"0\" marginwidth=\"0\" marginheight=\"0\" scrolling=\"no\"><\/iframe><\/p>\n<hr \/>\n<p>&nbsp;<\/p>\n<p>&nbsp;<\/p>\n<blockquote class=\"wp-embedded-content\" data-secret=\"M7ejYixQHb\"><p><a href=\"https:\/\/www.radiopiu.net\/wordpress\/zeloa\/\">MONTE CELO (ZELO) ED ALPENFESTUNG  ARTICOLO COMPLETO IN TRE PARTI<\/a><\/p><\/blockquote>\n<p><iframe loading=\"lazy\" class=\"wp-embedded-content\" sandbox=\"allow-scripts\" security=\"restricted\" style=\"position: absolute; clip: rect(1px, 1px, 1px, 1px);\" title=\"&#8220;MONTE CELO (ZELO) ED ALPENFESTUNG  ARTICOLO COMPLETO IN TRE PARTI&#8221; &#8212; Radio Pi\u00f9\" src=\"https:\/\/www.radiopiu.net\/wordpress\/zeloa\/embed\/#?secret=M7ejYixQHb\" data-secret=\"M7ejYixQHb\" width=\"600\" height=\"338\" frameborder=\"0\" marginwidth=\"0\" marginheight=\"0\" scrolling=\"no\"><\/iframe><\/p>\n<p>&nbsp;<\/p>\n<hr \/>\n<p>&nbsp;<\/p>\n<h2><strong><span style=\"color: #000000;\">CONNESSI di Luisa Manfroi\u00a0 la settima puntata\u00a0 \u00a0<\/span><\/strong><\/h2>\n<audio class=\"wp-audio-shortcode\" id=\"audio-245889-19\" preload=\"none\" style=\"width: 100%;\" controls=\"controls\"><source type=\"audio\/mpeg\" src=\"https:\/\/www.radiopiu.net\/wordpress\/wp-content\/uploads\/2021\/11\/7-Bufale-e-fake-news-quando-la-rete-fa-disinformazione.mp3?_=19\" \/><a href=\"https:\/\/www.radiopiu.net\/wordpress\/wp-content\/uploads\/2021\/11\/7-Bufale-e-fake-news-quando-la-rete-fa-disinformazione.mp3\">https:\/\/www.radiopiu.net\/wordpress\/wp-content\/uploads\/2021\/11\/7-Bufale-e-fake-news-quando-la-rete-fa-disinformazione.mp3<\/a><\/audio>\n<p>&nbsp;<\/p>\n<div>\n<div class=\"page-title-head hgroup\">\n<div class=\"page-title-head hgroup\">\n<div class=\"b654a4as d2edcug0\">\n<div class=\"j83agx80 btwxx1t3 lhclo0ds hop8lmos nkwizq5d scwd0bx6 roh60bw9\">\n<div class=\"rq0escxv hkbzh7o3 jwdofwj8 n8tt0mok r8blr3vg hyh9befq\">\n<div class=\"do00u71z l9j0dhe7 k4urcfbm\">\n<div class=\"ecm0bbzt e5nlhep0 a8c37x1j\">\n<div class=\"kvgmc6g5 cxmmr5t8 oygrvhab hcukyx3x c1et5uql\">\n<div class=\"gmail-kvgmc6g5 gmail-cxmmr5t8 gmail-oygrvhab gmail-hcukyx3x gmail-c1et5uql gmail-ii04i59q\">\n<div class=\"page-title-head hgroup\">\n<div class=\"page-title-head hgroup\">\n<div class=\"b654a4as d2edcug0\">\n<div class=\"j83agx80 btwxx1t3 lhclo0ds hop8lmos nkwizq5d scwd0bx6 roh60bw9\">\n<div class=\"rq0escxv hkbzh7o3 jwdofwj8 n8tt0mok r8blr3vg hyh9befq\">\n<div class=\"do00u71z l9j0dhe7 k4urcfbm\">\n<blockquote class=\"wp-embedded-content\" data-secret=\"Lz0ph1NLfY\"><p><a href=\"https:\/\/www.radiopiu.net\/wordpress\/connessi-2\/\">Connessi<\/a><\/p><\/blockquote>\n<p><iframe loading=\"lazy\" class=\"wp-embedded-content\" sandbox=\"allow-scripts\" security=\"restricted\" style=\"position: absolute; clip: rect(1px, 1px, 1px, 1px);\" title=\"&#8220;Connessi&#8221; &#8212; Radio Pi\u00f9\" src=\"https:\/\/www.radiopiu.net\/wordpress\/connessi-2\/embed\/#?secret=Lz0ph1NLfY\" data-secret=\"Lz0ph1NLfY\" width=\"600\" height=\"338\" frameborder=\"0\" marginwidth=\"0\" marginheight=\"0\" scrolling=\"no\"><\/iframe><\/p>\n<p>&nbsp;<\/p>\n<p>&nbsp;<\/p>\n<hr \/>\n<p>&nbsp;<\/p>\n<p><span style=\"color: #0000ff;\">MUSICA PIU&#8217;\u00a0<\/span><\/p>\n<p><a href=\"https:\/\/www.radiopiu.net\/wordpress\/giornale-radiopiu-20-settembre-2021-direttore-mirko-mezzacasa\/pp-79\/\" rel=\"attachment wp-att-232921\"><img loading=\"lazy\" decoding=\"async\" class=\"wp-image-232921 alignleft\" src=\"https:\/\/www.radiopiu.net\/wordpress\/wp-content\/uploads\/2021\/09\/pp-1-300x300.jpg\" alt=\"\" width=\"135\" height=\"135\" srcset=\"https:\/\/www.radiopiu.net\/wordpress\/wp-content\/uploads\/2021\/09\/pp-1-300x300.jpg 300w, https:\/\/www.radiopiu.net\/wordpress\/wp-content\/uploads\/2021\/09\/pp-1-150x150.jpg 150w, https:\/\/www.radiopiu.net\/wordpress\/wp-content\/uploads\/2021\/09\/pp-1.jpg 640w\" sizes=\"auto, (max-width: 135px) 100vw, 135px\" \/><\/a><\/p>\n<div class=\"mkdf-post-text\">\n<div class=\"mkdf-post-text-inner\">\n<div class=\"mkdf-post-text-main\">\n<div class=\"mkdf-post-text\">\n<div class=\"mkdf-post-text-inner\">\n<div class=\"mkdf-post-text-main\">\n<div class=\"mkdf-post-text\">\n<div class=\"mkdf-post-text-inner\">\n<div class=\"mkdf-post-text-main\">\n<div class=\"page-title-head hgroup\">\n<div class=\"page-title-head hgroup\">\n<div class=\"mkdf-post-text\">\n<div class=\"mkdf-post-text-inner\">\n<div class=\"mkdf-post-text-main\">\n<div class=\"mkdf-post-text\">\n<div class=\"mkdf-post-text-inner\">\n<div class=\"mkdf-post-text-main\">\n<div class=\"page-title-head hgroup\">\n<div class=\"page-title-head hgroup\">\n<div class=\"page-title-head hgroup\">\n<div class=\"page-title-head hgroup\">\n<div class=\"b654a4as d2edcug0\">\n<div class=\"page-title-head hgroup\">\n<div class=\"page-title-head hgroup\">\n<div class=\"page-title-head hgroup\">\n<div class=\"page-title-head hgroup\">\n<div class=\"b654a4as d2edcug0\">\n<div class=\"page-title-head hgroup\">\n<div class=\"page-title-head hgroup\">\n<div class=\"page-title-head hgroup\">\n<div class=\"page-title-head hgroup\">\n<div class=\"b654a4as d2edcug0\">\n<div class=\"mkdf-post-text\">\n<div class=\"mkdf-post-text-inner\">\n<div class=\"mkdf-post-text-main\">\n<div class=\"mkdf-post-text\">\n<div class=\"mkdf-post-text-inner\">\n<div class=\"mkdf-post-text-main\">\n<div class=\"mkdf-post-text\">\n<div class=\"mkdf-post-text-inner\">\n<div class=\"mkdf-post-text-main\">\n<div class=\"page-title-head hgroup\">\n<div class=\"page-title-head hgroup\">\n<div class=\"mkdf-post-text\">\n<div class=\"mkdf-post-text-inner\">\n<div class=\"mkdf-post-text-main\">\n<div class=\"mkdf-post-text\">\n<div class=\"mkdf-post-text-inner\">\n<div class=\"mkdf-post-text-main\">\n<div class=\"page-title-head hgroup\">\n<div class=\"page-title-head hgroup\">\n<div class=\"page-title-head hgroup\">\n<div class=\"page-title-head hgroup\">\n<div class=\"b654a4as d2edcug0\">\n<div class=\"page-title-head hgroup\">\n<div class=\"page-title-head hgroup\">\n<div class=\"page-title-head hgroup\">\n<div class=\"page-title-head hgroup\">\n<div class=\"b654a4as d2edcug0\">\n<div class=\"page-title-head hgroup\">\n<div class=\"page-title-head hgroup\">\n<div class=\"page-title-head hgroup\">\n<div class=\"page-title-head hgroup\">\n<div class=\"b654a4as d2edcug0\">\n<div><\/div>\n<div><\/div>\n<div>\n<p><strong>MUSICA ALLA RADIO, IL PROGRAMMA DI LORIS SCUSSEL &#8220;COLLAGE OPERAZIONE NOSTALGIA&#8221; DAL LUNEDI AL VENERDI ALLE 16.00\u00a0 E ALLE 23\u00a0<\/strong><\/p>\n<\/div>\n<p>&nbsp;<\/p>\n<p>&nbsp;<\/p>\n<p><strong>LA PUNTATA DI IERI, N. 488<\/strong><\/p>\n<\/div>\n<\/div>\n<\/div>\n<\/div>\n<\/div>\n<\/div>\n<\/div>\n<\/div>\n<\/div>\n<\/div>\n<\/div>\n<\/div>\n<\/div>\n<\/div>\n<\/div>\n<\/div>\n<\/div>\n<\/div>\n<\/div>\n<\/div>\n<\/div>\n<\/div>\n<\/div>\n<\/div>\n<\/div>\n<\/div>\n<\/div>\n<\/div>\n<\/div>\n<\/div>\n<\/div>\n<\/div>\n<\/div>\n<\/div>\n<\/div>\n<\/div>\n<\/div>\n<\/div>\n<\/div>\n<\/div>\n<\/div>\n<\/div>\n<\/div>\n<\/div>\n<\/div>\n<\/div>\n<\/div>\n<\/div>\n<\/div>\n<\/div>\n<\/div>\n<\/div>\n<\/div>\n<\/div>\n<\/div>\n<\/div>\n<\/div>\n<\/div>\n<\/div>\n<\/div>\n<\/div>\n<\/div>\n<\/div>\n<\/div>\n<audio class=\"wp-audio-shortcode\" id=\"audio-245889-20\" preload=\"none\" style=\"width: 100%;\" controls=\"controls\"><source type=\"audio\/mpeg\" src=\"https:\/\/www.radiopiu.net\/wordpress\/wp-content\/uploads\/2021\/11\/Collage-488.mp3?_=20\" \/><a href=\"https:\/\/www.radiopiu.net\/wordpress\/wp-content\/uploads\/2021\/11\/Collage-488.mp3\">https:\/\/www.radiopiu.net\/wordpress\/wp-content\/uploads\/2021\/11\/Collage-488.mp3<\/a><\/audio>\n<p>&nbsp;<\/p>\n<p>&nbsp;<\/p>\n<hr \/>\n<p>&nbsp;<\/p>\n<p><strong>JOHN FRANCIS DELLA PIETRA<\/strong><\/p>\n<p><strong>&#8230;na longa stajon&#8230;<\/strong><\/p>\n<p><a href=\"https:\/\/www.radiopiu.net\/wordpress\/giornale-radiopiu-02-dicembre-2021-direttore-mirko-mezzacasa\/8b8447be-936c-4e0a-a0af-553e37b9961d\/\" rel=\"attachment wp-att-245964\"><img loading=\"lazy\" decoding=\"async\" class=\" wp-image-245964 alignleft\" src=\"https:\/\/www.radiopiu.net\/wordpress\/wp-content\/uploads\/2021\/12\/8b8447be-936c-4e0a-a0af-553e37b9961d-169x300.jpg\" alt=\"\" width=\"147\" height=\"261\" srcset=\"https:\/\/www.radiopiu.net\/wordpress\/wp-content\/uploads\/2021\/12\/8b8447be-936c-4e0a-a0af-553e37b9961d-169x300.jpg 169w, https:\/\/www.radiopiu.net\/wordpress\/wp-content\/uploads\/2021\/12\/8b8447be-936c-4e0a-a0af-553e37b9961d-576x1024.jpg 576w, https:\/\/www.radiopiu.net\/wordpress\/wp-content\/uploads\/2021\/12\/8b8447be-936c-4e0a-a0af-553e37b9961d-768x1366.jpg 768w, https:\/\/www.radiopiu.net\/wordpress\/wp-content\/uploads\/2021\/12\/8b8447be-936c-4e0a-a0af-553e37b9961d-864x1536.jpg 864w, https:\/\/www.radiopiu.net\/wordpress\/wp-content\/uploads\/2021\/12\/8b8447be-936c-4e0a-a0af-553e37b9961d.jpg 899w\" sizes=\"auto, (max-width: 147px) 100vw, 147px\" \/><\/a>L \u00e8 ora l \u00e8 temp<br \/>\nDe pens\u00e0<br \/>\nDe paus\u00e0<br \/>\nEn moment<br \/>\nEl campanil bat semper siei bot<br \/>\nMa adess l \u00e8 negra not<br \/>\nE co vien d\u00ec<br \/>\nA spi\u00e0 d intorn te viene en s\u00ec<br \/>\nL \u00e8 tut sbianched\u00e0 e svaliv\u00e0<br \/>\nFursi pian pian sar\u00e0<br \/>\nDa se ferm\u00e0<br \/>\nCome che i nost vecj na insegn\u00e0<br \/>\nA la fin de na longa stajon<br \/>\nI rivede , che emozion<br \/>\nStrachi e pesti<br \/>\nLavoratori onesti<br \/>\nCo rivea la nef<br \/>\nI ridea e i se parea la sef<br \/>\nI metea nte caneva le arte<br \/>\nI se catea<br \/>\nE ensjeme i dughea<br \/>\nFinalmente a le carte<br \/>\nI se la contea se l era duta ben o mal<br \/>\nSta longa stajon che porta al nadal&#8230;<\/p>\n<p>&nbsp;<\/p>\n<hr \/>\n<p>&nbsp;<\/p>\n<p>&nbsp;<\/p>\n<blockquote class=\"wp-embedded-content\" data-secret=\"59sGQ1xvrs\"><p><a href=\"https:\/\/www.radiopiu.net\/wordpress\/freemix-la-liberta-musicale-mixata-da-dj-athos-e-raccontata-da-dj-jack\/\">FREEMIX, LA LIBERTA&#8217; MUSICALE MIXATA DA DJ ATHOS E RACCONTATA DA DJ JACK<\/a><\/p><\/blockquote>\n<p><iframe loading=\"lazy\" class=\"wp-embedded-content\" sandbox=\"allow-scripts\" security=\"restricted\" style=\"position: absolute; clip: rect(1px, 1px, 1px, 1px);\" title=\"&#8220;FREEMIX, LA LIBERTA&#8217; MUSICALE MIXATA DA DJ ATHOS E RACCONTATA DA DJ JACK&#8221; &#8212; Radio Pi\u00f9\" src=\"https:\/\/www.radiopiu.net\/wordpress\/freemix-la-liberta-musicale-mixata-da-dj-athos-e-raccontata-da-dj-jack\/embed\/#?secret=59sGQ1xvrs\" data-secret=\"59sGQ1xvrs\" width=\"600\" height=\"338\" frameborder=\"0\" marginwidth=\"0\" marginheight=\"0\" scrolling=\"no\"><\/iframe><\/p>\n<p>&nbsp;<\/p>\n<blockquote class=\"wp-embedded-content\" data-secret=\"qASWlq5NNw\"><p><a href=\"https:\/\/www.radiopiu.net\/wordpress\/da-ieri-alla-radio-in-palinsesto-loris-e-maurizio-con-la-grande-musica\/\">IL BLUES ALLA RADIO &#8230; COME NON L&#8217;AVETE MAI SENTITO PRIMA<\/a><\/p><\/blockquote>\n<p><iframe loading=\"lazy\" class=\"wp-embedded-content\" sandbox=\"allow-scripts\" security=\"restricted\" style=\"position: absolute; clip: rect(1px, 1px, 1px, 1px);\" title=\"&#8220;IL BLUES ALLA RADIO &#8230; COME NON L&#8217;AVETE MAI SENTITO PRIMA&#8221; &#8212; Radio Pi\u00f9\" src=\"https:\/\/www.radiopiu.net\/wordpress\/da-ieri-alla-radio-in-palinsesto-loris-e-maurizio-con-la-grande-musica\/embed\/#?secret=qASWlq5NNw\" data-secret=\"qASWlq5NNw\" width=\"600\" height=\"338\" frameborder=\"0\" marginwidth=\"0\" marginheight=\"0\" scrolling=\"no\"><\/iframe><\/p>\n<p>&nbsp;<\/p>\n<p>&nbsp;<\/p>\n<hr \/>\n<p>&nbsp;<\/p>\n<blockquote>\n<h3><span style=\"color: #0000ff;\">INFORMAZIONE il canale su TELEGRAM informazione di prima mano e in tempo reale. iscriviti ed aiutaci a farlo conoscere\u00a0\u00a0<\/span><\/h3>\n<\/blockquote>\n<div>\n<div class=\"page-title-head hgroup\">\n<div class=\"page-title-head hgroup\">\n<div class=\"page-title-head hgroup\">\n<div class=\"page-title-head hgroup\">\n<div class=\"b654a4as d2edcug0\">\n<div class=\"page-title-head hgroup\">\n<div class=\"page-title-head hgroup\">\n<div class=\"page-title-head hgroup\">\n<div class=\"page-title-head hgroup\">\n<div class=\"b654a4as d2edcug0\">\n<div class=\"page-title-head hgroup\">\n<div class=\"page-title-head hgroup\">\n<div class=\"page-title-head hgroup\">\n<div class=\"page-title-head hgroup\">\n<div class=\"page-title-head hgroup\">\n<div class=\"page-title-head hgroup\">\n<div class=\"page-title-head hgroup\">\n<div class=\"page-title-head hgroup\">\n<div class=\"page-title-head hgroup\">\n<div class=\"b654a4as d2edcug0\">\n<div class=\"page-title-head hgroup\">\n<div class=\"page-title-head hgroup\">\n<div class=\"page-title-head hgroup\">\n<div class=\"page-title-head hgroup\">\n<div class=\"b654a4as d2edcug0\">\n<div>\n<p>&nbsp;<\/p>\n<\/div>\n<div>\n<div class=\"page-title-head hgroup\">\n<div class=\"page-title-head hgroup\">\n<div class=\"page-title-head hgroup\">\n<div class=\"page-title-head hgroup\">\n<div class=\"page-title-head hgroup\">\n<div class=\"b654a4as d2edcug0\">\n<div>\n<hr \/>\n<\/div>\n<\/div>\n<div>\n<div>\n<p>&nbsp;<\/p>\n<\/div>\n<div>\n<div>\n<p>&nbsp;<\/p>\n<\/div>\n<div>\n<div>\n<p><strong>DUE MINUTI UN LIBRO, TUTTI I GIORNI ALLA RADIO ALLE 9.40 E ALLE 17.50<\/strong><\/p>\n<div>\n<div>\n<p><strong>LA RACCOLTA COMPLETA\u00a0\u00a0<\/strong><\/p>\n<\/div>\n<div>\n<blockquote class=\"wp-embedded-content\" data-secret=\"I5mMkgoBCX\"><p><a href=\"https:\/\/www.radiopiu.net\/wordpress\/due-minuti-un-libro\/\">Due minuti un libro<\/a><\/p><\/blockquote>\n<p><iframe loading=\"lazy\" class=\"wp-embedded-content\" sandbox=\"allow-scripts\" security=\"restricted\" style=\"position: absolute; clip: rect(1px, 1px, 1px, 1px);\" title=\"&#8220;Due minuti un libro&#8221; &#8212; Radio Pi\u00f9\" src=\"https:\/\/www.radiopiu.net\/wordpress\/due-minuti-un-libro\/embed\/#?secret=I5mMkgoBCX\" data-secret=\"I5mMkgoBCX\" width=\"600\" height=\"338\" frameborder=\"0\" marginwidth=\"0\" marginheight=\"0\" scrolling=\"no\"><\/iframe><\/p>\n<\/div>\n<\/div>\n<\/div>\n<div class=\"mkdf-post-text\">\n<div class=\"mkdf-post-text-inner\">\n<div class=\"mkdf-post-text-main\">\n<div class=\"mkdf-post-text\">\n<div class=\"mkdf-post-text-inner\">\n<div class=\"mkdf-post-text-main\">\n<div class=\"mkdf-post-text\">\n<div class=\"mkdf-post-text-inner\">\n<div class=\"mkdf-post-text-main\">\n<div class=\"page-title-head hgroup\">\n<div class=\"page-title-head hgroup\">\n<div class=\"mkdf-post-text\">\n<div class=\"mkdf-post-text-inner\">\n<div class=\"mkdf-post-text-main\">\n<div class=\"mkdf-post-text\">\n<div class=\"mkdf-post-text-inner\">\n<div class=\"mkdf-post-text-main\">\n<div class=\"page-title-head hgroup\">\n<div class=\"page-title-head hgroup\">\n<div class=\"page-title-head hgroup\">\n<div class=\"page-title-head hgroup\">\n<div class=\"b654a4as d2edcug0\">\n<div class=\"page-title-head hgroup\">\n<div class=\"page-title-head hgroup\">\n<div class=\"page-title-head hgroup\">\n<div class=\"page-title-head hgroup\">\n<div class=\"b654a4as d2edcug0\">\n<div class=\"page-title-head hgroup\">\n<div class=\"page-title-head hgroup\">\n<div class=\"page-title-head hgroup\">\n<div class=\"page-title-head hgroup\">\n<div class=\"b654a4as d2edcug0\">\n<div>\n<p>&nbsp;<\/p>\n<\/div>\n<div>\n<hr \/>\n<p>&nbsp;<\/p>\n<\/div>\n<h2><span style=\"color: #808000;\">L&#8217;ALMANACCO LADINO\u00a0\u00a0<\/span><\/h2>\n<p><strong>LA RACCOLTA<\/strong><\/p>\n<blockquote class=\"wp-embedded-content\" data-secret=\"XSF9yMvLuF\"><p><a href=\"https:\/\/www.radiopiu.net\/wordpress\/almanacco-ladino\/\">Almanacco Ladino<\/a><\/p><\/blockquote>\n<p><iframe loading=\"lazy\" class=\"wp-embedded-content\" sandbox=\"allow-scripts\" security=\"restricted\" style=\"position: absolute; clip: rect(1px, 1px, 1px, 1px);\" title=\"&#8220;Almanacco Ladino&#8221; &#8212; Radio Pi\u00f9\" src=\"https:\/\/www.radiopiu.net\/wordpress\/almanacco-ladino\/embed\/#?secret=XSF9yMvLuF\" data-secret=\"XSF9yMvLuF\" width=\"600\" height=\"338\" frameborder=\"0\" marginwidth=\"0\" marginheight=\"0\" scrolling=\"no\"><\/iframe><\/p>\n<p>&nbsp;<\/p>\n<hr \/>\n<p>&nbsp;<\/p>\n<h2><span style=\"color: #33cccc;\">LA RASSEGNA STAMPA DA L&#8217;AMICO DEL POPOLO<\/span><\/h2>\n<p><strong><a href=\"https:\/\/www.radiopiu.net\/wordpress\/giornale-radiopiu-18-maggio-2019-direttore-mirko-mezzacasa\/vallada-agordina\/\" rel=\"attachment wp-att-85787\"><img loading=\"lazy\" decoding=\"async\" class=\" wp-image-85787 alignleft\" src=\"https:\/\/www.radiopiu.net\/wordpress\/wp-content\/uploads\/2019\/05\/vallada-agordina-300x200.jpg\" alt=\"\" width=\"176\" height=\"117\" srcset=\"https:\/\/www.radiopiu.net\/wordpress\/wp-content\/uploads\/2019\/05\/vallada-agordina-300x200.jpg 300w, https:\/\/www.radiopiu.net\/wordpress\/wp-content\/uploads\/2019\/05\/vallada-agordina-768x512.jpg 768w, https:\/\/www.radiopiu.net\/wordpress\/wp-content\/uploads\/2019\/05\/vallada-agordina.jpg 850w\" sizes=\"auto, (max-width: 176px) 100vw, 176px\" \/><\/a>di Gianni Santomaso<\/strong><\/p>\n<p>Ospite: Daniele Scola<\/p>\n<audio class=\"wp-audio-shortcode\" id=\"audio-245889-21\" preload=\"none\" style=\"width: 100%;\" controls=\"controls\"><source type=\"audio\/mpeg\" src=\"https:\/\/www.radiopiu.net\/wordpress\/wp-content\/uploads\/2021\/11\/RASSEGNA-GIANNI-3.mp3?_=21\" \/><a href=\"https:\/\/www.radiopiu.net\/wordpress\/wp-content\/uploads\/2021\/11\/RASSEGNA-GIANNI-3.mp3\">https:\/\/www.radiopiu.net\/wordpress\/wp-content\/uploads\/2021\/11\/RASSEGNA-GIANNI-3.mp3<\/a><\/audio>\n<p>&nbsp;<\/p>\n<p><strong>LA RACCOLTA COMPLETA<\/strong><\/p>\n<blockquote class=\"wp-embedded-content\" data-secret=\"XVuy2XaDWE\"><p><a href=\"https:\/\/www.radiopiu.net\/wordpress\/rassegna-stampa-di-gianni-santomaso\/\">Rassegna stampa da l&#8217;amico del popolo &#8211; di Gianni Santomaso<\/a><\/p><\/blockquote>\n<p><iframe loading=\"lazy\" class=\"wp-embedded-content\" sandbox=\"allow-scripts\" security=\"restricted\" style=\"position: absolute; clip: rect(1px, 1px, 1px, 1px);\" title=\"&#8220;Rassegna stampa da l&#8217;amico del popolo &#8211; di Gianni Santomaso&#8221; &#8212; Radio Pi\u00f9\" src=\"https:\/\/www.radiopiu.net\/wordpress\/rassegna-stampa-di-gianni-santomaso\/embed\/#?secret=XVuy2XaDWE\" data-secret=\"XVuy2XaDWE\" width=\"600\" height=\"338\" frameborder=\"0\" marginwidth=\"0\" marginheight=\"0\" scrolling=\"no\"><\/iframe><\/p>\n<p>&nbsp;<\/p>\n<hr \/>\n<p>&nbsp;<\/p>\n<h2><span style=\"color: #800080;\">I RACCONTI DI PAOLO SOPPELSA<\/span><\/h2>\n<p>&nbsp;<\/p>\n<p><strong>LA RACCOLTA COMPLETA<\/strong><\/p>\n<blockquote class=\"wp-embedded-content\" data-secret=\"NAGIweLNGa\"><p><a href=\"https:\/\/www.radiopiu.net\/wordpress\/i-racconti-di-paolo-soppelsa\/\">I racconti di Paolo Soppelsa<\/a><\/p><\/blockquote>\n<p><iframe loading=\"lazy\" class=\"wp-embedded-content\" sandbox=\"allow-scripts\" security=\"restricted\" style=\"position: absolute; clip: rect(1px, 1px, 1px, 1px);\" title=\"&#8220;I racconti di Paolo Soppelsa&#8221; &#8212; Radio Pi\u00f9\" src=\"https:\/\/www.radiopiu.net\/wordpress\/i-racconti-di-paolo-soppelsa\/embed\/#?secret=NAGIweLNGa\" data-secret=\"NAGIweLNGa\" width=\"600\" height=\"338\" frameborder=\"0\" marginwidth=\"0\" marginheight=\"0\" scrolling=\"no\"><\/iframe><\/p>\n<p>&nbsp;<\/p>\n<hr \/>\n<\/div>\n<div class=\"b654a4as d2edcug0\">\n<p>&nbsp;<\/p>\n<p><a href=\"https:\/\/www.radiopiu.net\/wordpress\/giornale-radiopiu-26-settembre-2018-direttore-mirko-mezzacasa\/viabilita-2\/\" rel=\"attachment wp-att-61954\"><img loading=\"lazy\" decoding=\"async\" class=\"aligncenter wp-image-61954 size-full\" src=\"https:\/\/www.radiopiu.net\/wordpress\/wp-content\/uploads\/2018\/09\/viabilita.jpeg\" sizes=\"auto, (max-width: 800px) 100vw, 800px\" srcset=\"https:\/\/www.radiopiu.net\/wordpress\/wp-content\/uploads\/2018\/09\/viabilita.jpeg 800w, https:\/\/www.radiopiu.net\/wordpress\/wp-content\/uploads\/2018\/09\/viabilita-300x38.jpeg 300w, https:\/\/www.radiopiu.net\/wordpress\/wp-content\/uploads\/2018\/09\/viabilita-768x96.jpeg 768w\" alt=\"\" width=\"800\" height=\"100\" \/><\/a><\/p>\n<div class=\"ecm0bbzt e5nlhep0 a8c37x1j\">\n<div class=\"kvgmc6g5 cxmmr5t8 oygrvhab hcukyx3x c1et5uql\">\n<div class=\"gmail-kvgmc6g5 gmail-cxmmr5t8 gmail-oygrvhab gmail-hcukyx3x gmail-c1et5uql gmail-ii04i59q\">\n<div class=\"page-title-head hgroup\">\n<div class=\"page-title-head hgroup\">\n<div class=\"b654a4as d2edcug0\">\n<div class=\"j83agx80 btwxx1t3 lhclo0ds hop8lmos nkwizq5d scwd0bx6 roh60bw9\">\n<div class=\"rq0escxv hkbzh7o3 jwdofwj8 n8tt0mok r8blr3vg hyh9befq\">\n<div class=\"do00u71z l9j0dhe7 k4urcfbm\">\n<div class=\"page-title-head hgroup\">\n<div class=\"page-title-head hgroup\">\n<div class=\"page-title-head hgroup\">\n<div class=\"page-title-head hgroup\">\n<div class=\"b654a4as d2edcug0\">\n<div class=\"page-title-head hgroup\">\n<div class=\"page-title-head hgroup\">\n<div class=\"page-title-head hgroup\">\n<div class=\"page-title-head hgroup\">\n<div class=\"b654a4as d2edcug0\">\n<div class=\"page-title-head hgroup\">\n<div class=\"page-title-head hgroup\">\n<div class=\"page-title-head hgroup\">\n<div class=\"page-title-head hgroup\">\n<div class=\"page-title-head hgroup\">\n<div class=\"page-title-head hgroup\">\n<div class=\"page-title-head hgroup\">\n<div class=\"page-title-head hgroup\">\n<div class=\"page-title-head hgroup\">\n<div class=\"b654a4as d2edcug0\">\n<div class=\"page-title-head hgroup\">\n<div class=\"page-title-head hgroup\">\n<div class=\"page-title-head hgroup\">\n<div class=\"page-title-head hgroup\">\n<div class=\"b654a4as d2edcug0\">\n<div class=\"page-title-head hgroup\">\n<div class=\"page-title-head hgroup\">\n<div class=\"page-title-head hgroup\">\n<div class=\"page-title-head hgroup\">\n<div class=\"page-title-head hgroup\">\n<div class=\"mkdf-post-text\">\n<div class=\"mkdf-post-text-inner\">\n<div class=\"mkdf-post-text-main\">\n<div class=\"mkdf-post-text\">\n<div class=\"mkdf-post-text-inner\">\n<div class=\"mkdf-post-text-main\">\n<div class=\"mkdf-post-text\">\n<div class=\"mkdf-post-text-inner\">\n<div class=\"mkdf-post-text-main\">\n<div class=\"page-title-head hgroup\">\n<div class=\"page-title-head hgroup\">\n<div class=\"mkdf-post-text\">\n<div class=\"mkdf-post-text-inner\">\n<div class=\"mkdf-post-text-main\">\n<div class=\"mkdf-post-text\">\n<div class=\"mkdf-post-text-inner\">\n<div class=\"mkdf-post-text-main\">\n<div class=\"page-title-head hgroup\">\n<div class=\"page-title-head hgroup\">\n<div class=\"page-title-head hgroup\">\n<div class=\"page-title-head hgroup\">\n<div class=\"b654a4as d2edcug0\">\n<div class=\"page-title-head hgroup\">\n<div class=\"page-title-head hgroup\">\n<div class=\"page-title-head hgroup\">\n<div class=\"page-title-head hgroup\">\n<div class=\"b654a4as d2edcug0\">\n<div class=\"page-title-head hgroup\">\n<div class=\"page-title-head hgroup\">\n<div class=\"page-title-head hgroup\">\n<div class=\"page-title-head hgroup\">\n<div class=\"b654a4as d2edcug0\">\n<p>&nbsp;<\/p>\n<p><strong>SR 48 D<\/strong><strong>ELLE DOLOMITI<\/strong> fino al 17 dicembre senso unico alternato regolato da semaforo &#8211; esclusi festivi e prefestivi &#8211; in localit\u00e0 Bosco Ruaz.<\/p>\n<\/div>\n<\/div>\n<\/div>\n<\/div>\n<\/div>\n<\/div>\n<\/div>\n<\/div>\n<\/div>\n<\/div>\n<\/div>\n<\/div>\n<\/div>\n<\/div>\n<\/div>\n<\/div>\n<\/div>\n<\/div>\n<\/div>\n<\/div>\n<\/div>\n<\/div>\n<\/div>\n<\/div>\n<\/div>\n<\/div>\n<\/div>\n<\/div>\n<\/div>\n<\/div>\n<\/div>\n<\/div>\n<\/div>\n<\/div>\n<\/div>\n<\/div>\n<\/div>\n<\/div>\n<\/div>\n<\/div>\n<\/div>\n<\/div>\n<\/div>\n<\/div>\n<\/div>\n<\/div>\n<\/div>\n<\/div>\n<\/div>\n<\/div>\n<\/div>\n<\/div>\n<\/div>\n<\/div>\n<\/div>\n<\/div>\n<\/div>\n<\/div>\n<\/div>\n<\/div>\n<\/div>\n<\/div>\n<\/div>\n<\/div>\n<\/div>\n<\/div>\n<\/div>\n<\/div>\n<\/div>\n<\/div>\n<\/div>\n<\/div>\n<\/div>\n<\/div>\n<\/div>\n<\/div>\n<\/div>\n<\/div>\n<\/div>\n<\/div>\n<\/div>\n<\/div>\n<\/div>\n<\/div>\n<\/div>\n<\/div>\n<\/div>\n<\/div>\n<\/div>\n<\/div>\n<\/div>\n<\/div>\n<\/div>\n<\/div>\n<\/div>\n<\/div>\n<\/div>\n<\/div>\n<\/div>\n<\/div>\n<\/div>\n<\/div>\n<\/div>\n<\/div>\n<\/div>\n<\/div>\n<\/div>\n<\/div>\n<\/div>\n<\/div>\n<\/div>\n<\/div>\n<\/div>\n<\/div>\n<\/div>\n<\/div>\n<\/div>\n<\/div>\n<\/div>\n<\/div>\n<\/div>\n<\/div>\n<\/div>\n<\/div>\n<\/div>\n<\/div>\n<\/div>\n<\/div>\n<\/div>\n<\/div>\n<\/div>\n<\/div>\n<\/div>\n<\/div>\n<\/div>\n<\/div>\n<\/div>\n<\/div>\n<\/div>\n<\/div>\n<\/div>\n<\/div>\n<\/div>\n<\/div>\n<\/div>\n<\/div>\n<\/div>\n<\/div>\n<\/div>\n<\/div>\n<\/div>\n<\/div>\n<\/div>\n<\/div>\n<div>\n<div class=\"page-title-head hgroup\">\n<div class=\"page-title-head hgroup\">\n<div class=\"b654a4as d2edcug0\">\n<div class=\"j83agx80 btwxx1t3 lhclo0ds hop8lmos nkwizq5d scwd0bx6 roh60bw9\">\n<div class=\"rq0escxv hkbzh7o3 jwdofwj8 n8tt0mok r8blr3vg hyh9befq\">\n<div class=\"do00u71z l9j0dhe7 k4urcfbm\">\n<div class=\"ecm0bbzt e5nlhep0 a8c37x1j\">\n<div class=\"kvgmc6g5 cxmmr5t8 oygrvhab hcukyx3x c1et5uql\">\n<div class=\"gmail-kvgmc6g5 gmail-cxmmr5t8 gmail-oygrvhab gmail-hcukyx3x gmail-c1et5uql gmail-ii04i59q\">\n<div class=\"page-title-head hgroup\">\n<div class=\"page-title-head hgroup\">\n<div class=\"b654a4as d2edcug0\">\n<div class=\"j83agx80 btwxx1t3 lhclo0ds hop8lmos nkwizq5d scwd0bx6 roh60bw9\">\n<div class=\"rq0escxv hkbzh7o3 jwdofwj8 n8tt0mok r8blr3vg hyh9befq\">\n<div class=\"do00u71z l9j0dhe7 k4urcfbm\">\n<div class=\"page-title-head hgroup\">\n<div class=\"page-title-head hgroup\">\n<div class=\"page-title-head hgroup\">\n<div class=\"page-title-head hgroup\">\n<div class=\"b654a4as d2edcug0\">\n<div class=\"page-title-head hgroup\">\n<div class=\"page-title-head hgroup\">\n<div class=\"page-title-head hgroup\">\n<div class=\"page-title-head hgroup\">\n<div class=\"b654a4as d2edcug0\">\n<div class=\"page-title-head hgroup\">\n<div class=\"page-title-head hgroup\">\n<div class=\"page-title-head hgroup\">\n<div class=\"page-title-head hgroup\">\n<div class=\"page-title-head hgroup\">\n<div class=\"page-title-head hgroup\">\n<div class=\"page-title-head hgroup\">\n<div class=\"page-title-head hgroup\">\n<div class=\"page-title-head hgroup\">\n<div class=\"b654a4as d2edcug0\">\n<div class=\"page-title-head hgroup\">\n<div class=\"page-title-head hgroup\">\n<div class=\"page-title-head hgroup\">\n<div class=\"page-title-head hgroup\">\n<div class=\"b654a4as d2edcug0\">\n<div class=\"page-title-head hgroup\">\n<div class=\"page-title-head hgroup\">\n<div class=\"page-title-head hgroup\">\n<div class=\"page-title-head hgroup\">\n<div class=\"page-title-head hgroup\">\n<div class=\"mkdf-post-text\">\n<div class=\"mkdf-post-text-inner\">\n<div class=\"mkdf-post-text-main\">\n<div class=\"mkdf-post-text\">\n<div class=\"mkdf-post-text-inner\">\n<div class=\"mkdf-post-text-main\">\n<div class=\"mkdf-post-text\">\n<div class=\"mkdf-post-text-inner\">\n<div class=\"mkdf-post-text-main\">\n<div class=\"page-title-head hgroup\">\n<div class=\"page-title-head hgroup\">\n<div class=\"mkdf-post-text\">\n<div class=\"mkdf-post-text-inner\">\n<div class=\"mkdf-post-text-main\">\n<div class=\"mkdf-post-text\">\n<div class=\"mkdf-post-text-inner\">\n<div class=\"mkdf-post-text-main\">\n<div class=\"page-title-head hgroup\">\n<div class=\"page-title-head hgroup\">\n<div class=\"page-title-head hgroup\">\n<div class=\"page-title-head hgroup\">\n<div class=\"b654a4as d2edcug0\">\n<div class=\"page-title-head hgroup\">\n<div class=\"page-title-head hgroup\">\n<div class=\"page-title-head hgroup\">\n<div class=\"page-title-head hgroup\">\n<div class=\"b654a4as d2edcug0\">\n<div class=\"page-title-head hgroup\">\n<div class=\"page-title-head hgroup\">\n<div class=\"page-title-head hgroup\">\n<div class=\"page-title-head hgroup\">\n<div class=\"b654a4as d2edcug0\">\n<div class=\"ecm0bbzt e5nlhep0 a8c37x1j\">\n<div class=\"kvgmc6g5 cxmmr5t8 oygrvhab hcukyx3x c1et5uql\">\n<div class=\"gmail-kvgmc6g5 gmail-cxmmr5t8 gmail-oygrvhab gmail-hcukyx3x gmail-c1et5uql gmail-ii04i59q\">\n<div class=\"page-title-head hgroup\">\n<div class=\"page-title-head hgroup\">\n<div class=\"b654a4as d2edcug0\">\n<div class=\"j83agx80 btwxx1t3 lhclo0ds hop8lmos nkwizq5d scwd0bx6 roh60bw9\">\n<div class=\"rq0escxv hkbzh7o3 jwdofwj8 n8tt0mok r8blr3vg hyh9befq\">\n<div class=\"do00u71z l9j0dhe7 k4urcfbm\">\n<div class=\"page-title-head hgroup\">\n<div class=\"page-title-head hgroup\">\n<div class=\"page-title-head hgroup\">\n<div class=\"page-title-head hgroup\">\n<div class=\"b654a4as d2edcug0\">\n<div class=\"page-title-head hgroup\">\n<div class=\"page-title-head hgroup\">\n<div class=\"page-title-head hgroup\">\n<div class=\"page-title-head hgroup\">\n<div class=\"b654a4as d2edcug0\">\n<div class=\"page-title-head hgroup\">\n<div class=\"page-title-head hgroup\">\n<div class=\"page-title-head hgroup\">\n<div class=\"page-title-head hgroup\">\n<div class=\"page-title-head hgroup\">\n<div class=\"page-title-head hgroup\">\n<div class=\"page-title-head hgroup\">\n<div class=\"page-title-head hgroup\">\n<div class=\"page-title-head hgroup\">\n<div class=\"b654a4as d2edcug0\">\n<div class=\"page-title-head hgroup\">\n<div class=\"page-title-head hgroup\">\n<div class=\"page-title-head hgroup\">\n<div class=\"page-title-head hgroup\">\n<div class=\"b654a4as d2edcug0\">\n<div class=\"page-title-head hgroup\">\n<div class=\"page-title-head hgroup\">\n<div class=\"page-title-head hgroup\">\n<div class=\"page-title-head hgroup\">\n<div class=\"page-title-head hgroup\">\n<div class=\"mkdf-post-text\">\n<div class=\"mkdf-post-text-inner\">\n<div class=\"mkdf-post-text-main\">\n<div class=\"mkdf-post-text\">\n<div class=\"mkdf-post-text-inner\">\n<div class=\"mkdf-post-text-main\">\n<div class=\"mkdf-post-text\">\n<div class=\"mkdf-post-text-inner\">\n<div class=\"mkdf-post-text-main\">\n<div class=\"page-title-head hgroup\">\n<div class=\"page-title-head hgroup\">\n<div class=\"mkdf-post-text\">\n<div class=\"mkdf-post-text-inner\">\n<div class=\"mkdf-post-text-main\">\n<div class=\"mkdf-post-text\">\n<div class=\"mkdf-post-text-inner\">\n<div class=\"mkdf-post-text-main\">\n<div class=\"page-title-head hgroup\">\n<div class=\"page-title-head hgroup\">\n<div class=\"page-title-head hgroup\">\n<div class=\"page-title-head hgroup\">\n<div class=\"b654a4as d2edcug0\">\n<div class=\"page-title-head hgroup\">\n<div class=\"page-title-head hgroup\">\n<div class=\"page-title-head hgroup\">\n<div class=\"page-title-head hgroup\">\n<div class=\"b654a4as d2edcug0\">\n<div class=\"page-title-head hgroup\">\n<div class=\"page-title-head hgroup\">\n<div class=\"page-title-head hgroup\">\n<div class=\"page-title-head hgroup\">\n<div class=\"b654a4as d2edcug0\">\n<p><strong>PONTE BAILEY A BELLUNO<\/strong>: Fino al 4 dicembre chiusura totale<\/p>\n<p><strong>SP 251 VAL DI ZOLDO E CELLINA<\/strong> fino al 22 dicembre interruzioni alla viabilit\u00e0 della durata massima di 10 minuti e senso unico alternato nei periodi non interessati dalle interruzioni nel comune di Val di Zoldo<\/p>\n<p><strong>SR 203 AGORDINA<\/strong> Fino al 17 dicembre, esclusi sabato domenica e festivi infrasettimanali, restringimento della careggiata con divieto di sorpasso e limitazione ai 50 km\/h in comune di La Valle per lavori sul margine della carreggiata<\/p>\n<p><strong>SP 422 DELL&#8217;ALPAGO E DEL<\/strong> <strong>CANSIGLIO<\/strong> Fino al 17 dicembre senso unico alternato con semaforo in localit\u00e0 Cornei di Alpago per posa cavidotti<\/p>\n<p><strong>SP 40 VAL SENAIGA<\/strong>\u00a0 Fino\u00a0 al 22 dicembre, sbatai domeniche e festivi inclusi, interdizione totale al traffico in localit\u00e0 Pei di Lamon per consolidamento corpo stradale<\/p>\n<p>&nbsp;<\/p>\n<hr \/>\n<p>&nbsp;<\/p>\n<\/div>\n<div class=\"b654a4as d2edcug0\">\n<div class=\"ecm0bbzt e5nlhep0 a8c37x1j\">\n<div class=\"kvgmc6g5 cxmmr5t8 oygrvhab hcukyx3x c1et5uql\">\n<div class=\"gmail-kvgmc6g5 gmail-cxmmr5t8 gmail-oygrvhab gmail-hcukyx3x gmail-c1et5uql gmail-ii04i59q\">\n<div>\n<div class=\"page-title-head hgroup\">\n<div class=\"page-title-head hgroup\">\n<div class=\"b654a4as d2edcug0\">\n<div class=\"j83agx80 btwxx1t3 lhclo0ds hop8lmos nkwizq5d scwd0bx6 roh60bw9\">\n<div class=\"rq0escxv hkbzh7o3 jwdofwj8 n8tt0mok r8blr3vg hyh9befq\">\n<div class=\"do00u71z l9j0dhe7 k4urcfbm\">\n<div>\n<div class=\"page-title-head hgroup\">\n<div class=\"page-title-head hgroup\">\n<div class=\"page-title-head hgroup\">\n<div class=\"page-title-head hgroup\">\n<div class=\"b654a4as d2edcug0\">\n<div class=\"page-title-head hgroup\">\n<div class=\"page-title-head hgroup\">\n<div class=\"page-title-head hgroup\">\n<div class=\"page-title-head hgroup\">\n<div class=\"b654a4as d2edcug0\">\n<div class=\"page-title-head hgroup\">\n<div class=\"page-title-head hgroup\">\n<div class=\"page-title-head hgroup\">\n<div class=\"page-title-head hgroup\">\n<div class=\"page-title-head hgroup\">\n<div class=\"mkdf-post-text\">\n<div class=\"mkdf-post-text-inner\">\n<div class=\"mkdf-post-text-main\">\n<div class=\"mkdf-post-text\">\n<div class=\"mkdf-post-text-inner\">\n<div class=\"mkdf-post-text-main\">\n<div class=\"mkdf-post-text\">\n<div class=\"mkdf-post-text-inner\">\n<div class=\"mkdf-post-text-main\">\n<div class=\"page-title-head hgroup\">\n<div class=\"page-title-head hgroup\">\n<div class=\"mkdf-post-text\">\n<div class=\"mkdf-post-text-inner\">\n<div class=\"mkdf-post-text-main\">\n<div class=\"mkdf-post-text\">\n<div class=\"mkdf-post-text-inner\">\n<div class=\"mkdf-post-text-main\">\n<div>\n<div class=\"page-title-head hgroup\">\n<div class=\"page-title-head hgroup\">\n<div>\n<div class=\"page-title-head hgroup\">\n<div class=\"page-title-head hgroup\">\n<div class=\"b654a4as d2edcug0\">\n<div>\n<div class=\"page-title-head hgroup\" style=\"text-align: left;\">\n<div class=\"page-title-head hgroup\">\n<div dir=\"auto\">\n<p><a class=\"dt-pswp-item pspw-wrap-ready\" href=\"https:\/\/i0.wp.com\/www.radiopiu.net\/wordpress\/wp-content\/uploads\/2018\/09\/WhatsApp-Image-2018-09-20-at-16.04.06.jpeg?ssl=1\" data-dt-img-description=\"\" data-large_image_width=\"800\" data-large_image_height=\"100\"><img loading=\"lazy\" decoding=\"async\" class=\"aligncenter wp-image-61378 size-full jetpack-lazy-image jetpack-lazy-image--handled\" src=\"https:\/\/i0.wp.com\/www.radiopiu.net\/wordpress\/wp-content\/uploads\/2018\/09\/WhatsApp-Image-2018-09-20-at-16.04.06.jpeg?resize=800%2C100&amp;ssl=1\" sizes=\"auto, (max-width: 800px) 100vw, 800px\" srcset=\"https:\/\/i0.wp.com\/www.radiopiu.net\/wordpress\/wp-content\/uploads\/2018\/09\/WhatsApp-Image-2018-09-20-at-16.04.06.jpeg?w=800&amp;ssl=1 800w, https:\/\/i0.wp.com\/www.radiopiu.net\/wordpress\/wp-content\/uploads\/2018\/09\/WhatsApp-Image-2018-09-20-at-16.04.06.jpeg?resize=300%2C38&amp;ssl=1 300w, https:\/\/i0.wp.com\/www.radiopiu.net\/wordpress\/wp-content\/uploads\/2018\/09\/WhatsApp-Image-2018-09-20-at-16.04.06.jpeg?resize=768%2C96&amp;ssl=1 768w\" alt=\"\" width=\"800\" height=\"100\" data-lazy-loaded=\"1\" \/><\/a><\/p>\n<\/div>\n<\/div>\n<\/div>\n<\/div>\n<\/div>\n<\/div>\n<\/div>\n<\/div>\n<\/div>\n<\/div>\n<\/div>\n<\/div>\n<\/div>\n<\/div>\n<\/div>\n<\/div>\n<\/div>\n<\/div>\n<\/div>\n<\/div>\n<\/div>\n<\/div>\n<\/div>\n<\/div>\n<\/div>\n<\/div>\n<\/div>\n<\/div>\n<\/div>\n<\/div>\n<\/div>\n<\/div>\n<\/div>\n<\/div>\n<\/div>\n<\/div>\n<\/div>\n<\/div>\n<\/div>\n<\/div>\n<\/div>\n<\/div>\n<\/div>\n<\/div>\n<p>&nbsp;<\/p>\n<\/div>\n<\/div>\n<\/div>\n<\/div>\n<\/div>\n<\/div>\n<\/div>\n<\/div>\n<\/div>\n<\/div>\n<\/div>\n<\/div>\n<\/div>\n<\/div>\n<\/div>\n<\/div>\n<\/div>\n<\/div>\n<\/div>\n<\/div>\n<\/div>\n<\/div>\n<\/div>\n<\/div>\n<\/div>\n<\/div>\n<\/div>\n<\/div>\n<\/div>\n<\/div>\n<\/div>\n<\/div>\n<\/div>\n<\/div>\n<\/div>\n<\/div>\n<\/div>\n<\/div>\n<\/div>\n<\/div>\n<\/div>\n<\/div>\n<\/div>\n<\/div>\n<\/div>\n<\/div>\n<\/div>\n<\/div>\n<\/div>\n<\/div>\n<\/div>\n<\/div>\n<\/div>\n<\/div>\n<\/div>\n<\/div>\n<\/div>\n<\/div>\n<\/div>\n<\/div>\n<\/div>\n<\/div>\n<\/div>\n<\/div>\n<\/div>\n<\/div>\n<\/div>\n<\/div>\n<\/div>\n<\/div>\n<\/div>\n<\/div>\n<\/div>\n<\/div>\n<\/div>\n<\/div>\n<\/div>\n<\/div>\n<\/div>\n<\/div>\n<\/div>\n<\/div>\n<\/div>\n<\/div>\n<\/div>\n<\/div>\n<\/div>\n<\/div>\n<\/div>\n<\/div>\n<\/div>\n<\/div>\n<\/div>\n<\/div>\n<\/div>\n<\/div>\n<\/div>\n<\/div>\n<\/div>\n<\/div>\n<\/div>\n<\/div>\n<\/div>\n<\/div>\n<\/div>\n<\/div>\n<\/div>\n<\/div>\n<\/div>\n<\/div>\n<\/div>\n<\/div>\n<\/div>\n<\/div>\n<\/div>\n<\/div>\n<\/div>\n<\/div>\n<\/div>\n<\/div>\n<\/div>\n<\/div>\n<\/div>\n<\/div>\n<\/div>\n<\/div>\n<\/div>\n<\/div>\n<\/div>\n<\/div>\n<\/div>\n<\/div>\n<\/div>\n<\/div>\n<\/div>\n<\/div>\n<\/div>\n<\/div>\n<\/div>\n<\/div>\n<\/div>\n<\/div>\n<\/div>\n<\/div>\n<\/div>\n<\/div>\n<\/div>\n<\/div>\n<\/div>\n<\/div>\n<\/div>\n<\/div>\n<\/div>\n<\/div>\n<\/div>\n<\/div>\n<\/div>\n<\/div>\n<\/div>\n<p>&nbsp;<\/p>\n<p><center><b>Giovedi 2<\/b><\/center><b>Tempo atteso: <\/b>Cielo nuvoloso o molto nuvoloso con tempo a tratti lievemente perturbato; schiarite nella notte.<br \/>\n<b>Precipitazioni: <\/b>Probabilit\u00e0 medio-alta (50-75%) di debolissime precipitazioni generalmente sparse e complessivamente molto modeste, dell&#8217;ordine di 0-2 mm con al pi\u00f9 1-5 cm di neve a 1500 m. La probabilit\u00e0 risulta maggiore nella notte e primo mattino e poi tra pomeriggio e sera. Limite delle debolissime nevicate a 800\/1000 m su Dolomiti, 1000\/1200 m su Prealpi.<br \/>\n<b>Temperature: <\/b>Minime in aumento nelle valli, in calo in quota dove saranno raggiunte a fine giornata, massime in leggera o contenuta diminuzione, specie in quota. Su Prealpi a 1500 m min -2\u00b0C max 1\u00b0C, a 2000 m min -4\u00b0C max -2\u00b0C. Su Dolomiti a 2000 m min -5\u00b0C max -2\u00b0C, a 3000 m min -13\u00b0C max -9\u00b0C.<br \/>\n<b>Venti: <\/b>Venti in quota moderati\/tesi da sud-ovest fino al mattino, tendenti a disporsi dal pomeriggio\/sera in genere deboli o al pi\u00f9 moderati dai quadranti settentrionali, a 10-20 km\/h a 2000 m e a 15-30 km\/h a 3000 m.<\/p>\n<hr \/>\n<p><center><b>Venerdi 3<\/b><\/center><b>Tempo atteso: <\/b>Nella notte e fino al primo mattino nuvolosit\u00e0 residua su Prealpi con cielo tendente a divenire sereno ovunque, salvo la presenza di qualche locale nube bassa o foschia in alcuni tratti delle valli prealpine nelle ore pi\u00f9 fredde. In serata arrivo di sottili nubi alte da ovest.<br \/>\n<b>Precipitazioni: <\/b>Assenti %0%<br \/>\n<b>Temperature: <\/b>In diminuzione anche sensibile specie in quota. Contesto termico invernale a tutte le quote. Su Prealpi a 1500 m min -5\u00b0C max -1\u00b0C, a 2000 m min -8\u00b0C max -5\u00b0C. Su Dolomiti a 2000 m min -11\u00b0C max -7\u00b0C, a 3000 m min -15\u00b0C max -11\u00b0C.<br \/>\n<b>Venti: <\/b>Venti nelle valli deboli variabili con qualche rinforzo possibile, in quota inizialmente moderati o tesi settentrionali, anche forti sulle cime dolomitiche pi\u00f9 elevate e sui Lessini, in attenuazione nel pomeriggio a deboli o moderati settentrionali, a 5-15 km\/h a 2000 m a 15-25 km\/h a 3000 m<\/p>\n<hr \/>\n<p><center><b>Sabato 4<\/b><\/center>Al mattino cielo da parzialmente a irregolarmente nuvoloso per nubi alte, tendenza ad aumento della nuvolosit\u00e0 ovunque tra pomeriggio e sera fino a coperto quando aumenter\u00e0 la probabilit\u00e0 di qualche debolissima nevicata oltre i 400-700 m. Eventualit\u00e0 di qualche locale nube bassa o foschia in alcune depressioni prealpine durante le ore pi\u00f9 fredde. Temperature minime senza notevoli variazioni, massime in lieve aumento. Venti in quota moderati o tesi dai quadranti occidentali.<\/p>\n<hr \/>\n<p><center><b>Domenica 5<\/b><\/center>Da nuvoloso a molto nuvoloso con possibili deboli nevicate specie nella seconda parte della giornata fin sui 400-700 m Temperature minime in aumento nelle valli, massime in calo. Venti in quota inizialmente deboli o moderati meridionali in rotazione a settentrionali verso sera. Previsore:DDL<\/p>\n<p>&nbsp;<\/p>\n<hr \/>\n<p>&nbsp;<\/p>\n<div class=\"mkdf-post-text\">\n<div class=\"mkdf-post-text-inner\">\n<p><a href=\"https:\/\/www.radiopiu.net\/wordpress\/giornale-radiopiu-15-settembre-2018-direttore-mirko-mezzacasa\/sport-7\/\" rel=\"attachment wp-att-60761\"><img loading=\"lazy\" decoding=\"async\" class=\"wp-image-60761 size-full aligncenter\" src=\"https:\/\/www.radiopiu.net\/wordpress\/wp-content\/uploads\/2018\/09\/sport.jpg\" alt=\"\" width=\"800\" height=\"100\" srcset=\"https:\/\/www.radiopiu.net\/wordpress\/wp-content\/uploads\/2018\/09\/sport.jpg 800w, https:\/\/www.radiopiu.net\/wordpress\/wp-content\/uploads\/2018\/09\/sport-300x38.jpg 300w, https:\/\/www.radiopiu.net\/wordpress\/wp-content\/uploads\/2018\/09\/sport-768x96.jpg 768w\" sizes=\"auto, (max-width: 800px) 100vw, 800px\" \/><\/a><\/p>\n<\/div>\n<\/div>\n<p><span style=\"color: #0000ff;\"><strong>\u00a0<\/strong><\/span><\/p>\n<p><span style=\"color: #0000ff;\"><strong>HOCKEY SU GHIACCIO<\/strong><\/span><\/p>\n<blockquote>\n<h3>L&#8217;ALLEGHE TORNA A VINCERE E PER COACH FONTANA LA SQUADRA PUO&#8217; ARRIVARE LONTANO<\/h3>\n<\/blockquote>\n<p><strong><a href=\"https:\/\/www.radiopiu.net\/wordpress\/alleghe-hockey-due-sconfitte-consecutive-e-ora-arriva-il-dobbiaco\/alleghe-panchina\/\" rel=\"attachment wp-att-233998\"><img loading=\"lazy\" decoding=\"async\" class=\"size-medium wp-image-233998 alignleft\" src=\"https:\/\/www.radiopiu.net\/wordpress\/wp-content\/uploads\/2021\/09\/ALLEGHE-PANCHINA-300x200.jpg\" alt=\"\" width=\"300\" height=\"200\" srcset=\"https:\/\/www.radiopiu.net\/wordpress\/wp-content\/uploads\/2021\/09\/ALLEGHE-PANCHINA-300x200.jpg 300w, https:\/\/www.radiopiu.net\/wordpress\/wp-content\/uploads\/2021\/09\/ALLEGHE-PANCHINA-768x511.jpg 768w, https:\/\/www.radiopiu.net\/wordpress\/wp-content\/uploads\/2021\/09\/ALLEGHE-PANCHINA.jpg 1000w\" sizes=\"auto, (max-width: 300px) 100vw, 300px\" \/><\/a>ALLEGHE<\/strong> L&#8217;Alleghe Hockey, dopo la sconfitta della scorsa settimana contro la capolista Unterland Cavaliers, \u00e8 tornato a vincere e lo ha fatto di misura contro il Bressanone. Una vittoria sudata dalla squadra allenata da Alessandro Fontana e tre punti fondamentali in questa fase della stagione in vista di una qualificazione nel Master Round. Le civette sono convinte, il gruppo \u00e8 ben amalgamato e le prossime partite saranno importanti per far capire anche agli avversari di che pasta sono fatti gli agordini.<\/p>\n<p><strong>\u00a0<\/strong><\/p>\n<p><strong>ALESSANDRO FONTANA, ALLENATORE DELL&#8217;ALLEGHE HOCKEY<\/strong><\/p>\n<audio class=\"wp-audio-shortcode\" id=\"audio-245889-22\" preload=\"none\" style=\"width: 100%;\" controls=\"controls\"><source type=\"audio\/mpeg\" src=\"https:\/\/www.radiopiu.net\/wordpress\/wp-content\/uploads\/2021\/12\/ALESSANDRO-FONTANA-ALLEGHE.mp3?_=22\" \/><a href=\"https:\/\/www.radiopiu.net\/wordpress\/wp-content\/uploads\/2021\/12\/ALESSANDRO-FONTANA-ALLEGHE.mp3\">https:\/\/www.radiopiu.net\/wordpress\/wp-content\/uploads\/2021\/12\/ALESSANDRO-FONTANA-ALLEGHE.mp3<\/a><\/audio>\n<p>&nbsp;<\/p>\n<p>&nbsp;<\/p>\n<blockquote>\n<h3>L&#8217;ALLEGHE HOCKEY PROGRAMMA E CERCA FORZE NUOVE<\/h3>\n<\/blockquote>\n<p><strong><a href=\"https:\/\/www.radiopiu.net\/wordpress\/giornale-radiopiu-22-marzo-2021-direttore-mirko-mezzacasa\/hockey-giovanile\/\" rel=\"attachment wp-att-198307\"><img loading=\"lazy\" decoding=\"async\" class=\" wp-image-198307 alignleft\" src=\"https:\/\/www.radiopiu.net\/wordpress\/wp-content\/uploads\/2021\/03\/hockey-giovanile-300x227.jpg\" alt=\"\" width=\"260\" height=\"197\" srcset=\"https:\/\/www.radiopiu.net\/wordpress\/wp-content\/uploads\/2021\/03\/hockey-giovanile-300x227.jpg 300w, https:\/\/www.radiopiu.net\/wordpress\/wp-content\/uploads\/2021\/03\/hockey-giovanile-1024x774.jpg 1024w, https:\/\/www.radiopiu.net\/wordpress\/wp-content\/uploads\/2021\/03\/hockey-giovanile-768x581.jpg 768w, https:\/\/www.radiopiu.net\/wordpress\/wp-content\/uploads\/2021\/03\/hockey-giovanile.jpg 1280w\" sizes=\"auto, (max-width: 260px) 100vw, 260px\" \/><\/a>ALLEGHE<\/strong>\u00a0 Si \u00e8 riunito il\u00a0 consiglio di amministrazione di Alleghe Hockey per analizzare gli obiettivi raggiunti e le opportunit\u00e0 delle prossime stagioni. Molto \u00e8 stato fatto in questi due anni, in termini di gestione delle squadre, dalla senior ai pi\u00f9 piccoli, di impegno sociale, richiedendo alle under quote di iscrizione base e prestando l\u2019attrezzatura ai ragazzi, e di bilancio, una societ\u00e0 solida che ha le basi per porsi obiettivi ancor pi\u00f9 rilevanti.\u00a0 Proprio per questa volont\u00e0 di puntare ad un continuo miglioramento, la societ\u00e0 sta cercando nuovi membri che vogliano mettersi in gioco gi\u00e0 a partire dalla prossima stagione. Una sfida alla quale la societ\u00e0 invita tutti gli interessati a partecipare, tutte le persone che amano il territorio e che abbiano una buona predisposizione per il sociale, oltre alla voglia di affrontare nuove sfide.\u00a0 Contatti: Segreteria Alleghe Hockey &#8211; 0437 523176 &#8211; dal luned\u00ec al venerd\u00ec dalle 14:30 alle 18:30 &#8211; <a href=\"mailto:segreteria@alleghehockey.com\">segreteria@alleghehockey.com\u00a0<\/a><\/p>\n<p>&nbsp;<\/p>\n<p>&nbsp;<\/p>\n<hr \/>\n<p>&nbsp;<\/p>\n<p><span style=\"color: #0000ff;\"><strong>PALLAVOLO\u00a0<\/strong><\/span><\/p>\n<blockquote>\n<h3><a href=\"https:\/\/www.radiopiu.net\/wordpress\/giornale-radiopiu-02-dicembre-2021-direttore-mirko-mezzacasa\/poletto_con_piazza\/\" rel=\"attachment wp-att-245981\"><img loading=\"lazy\" decoding=\"async\" class=\" wp-image-245981 alignleft\" src=\"https:\/\/www.radiopiu.net\/wordpress\/wp-content\/uploads\/2021\/12\/Poletto_con_Piazza-290x300.jpg\" alt=\"\" width=\"203\" height=\"210\" srcset=\"https:\/\/www.radiopiu.net\/wordpress\/wp-content\/uploads\/2021\/12\/Poletto_con_Piazza-290x300.jpg 290w, https:\/\/www.radiopiu.net\/wordpress\/wp-content\/uploads\/2021\/12\/Poletto_con_Piazza-991x1024.jpg 991w, https:\/\/www.radiopiu.net\/wordpress\/wp-content\/uploads\/2021\/12\/Poletto_con_Piazza-768x793.jpg 768w, https:\/\/www.radiopiu.net\/wordpress\/wp-content\/uploads\/2021\/12\/Poletto_con_Piazza-1487x1536.jpg 1487w, https:\/\/www.radiopiu.net\/wordpress\/wp-content\/uploads\/2021\/12\/Poletto_con_Piazza-1982x2048.jpg 1982w\" sizes=\"auto, (max-width: 203px) 100vw, 203px\" \/><\/a>ROBERTO PIAZZA &#8220;FELICE DI RITROVARE BELLUNO AD ALTI LIVELLI&#8221;<\/h3>\n<\/blockquote>\n<\/div>\n<p>&nbsp;<\/p>\n<p><strong>BELLUNO<\/strong> Dieci anni dopo Roberto Piazza torna a varcare la soglia della Spes Arena come ai tempi della Sisley Belluno, nella stagione 2011-2012. L\u2019attuale tecnico della Powervolley Milano ha assistito da spettatore al confronto di domenica scorsa tra la Pallavolo Belluno e il Monge-Gerbaudo Savigliano. Piazza si \u00e8 intrattenuto a lungo con coach Diego Poletto: <em>\u00abBelluno la sto seguendo nel dettaglio, per tante ragioni &#8211; ha affermato l\u2019allenatore originario di Parma -. La squadra \u00e8 partita col freno a mano un po\u2019 tirato, ma \u00e8 normale, se si considera l\u2019esperienza totalmente nuova. Ora i ragazzi si sono sciolti e stanno mettendo in pratica ci\u00f2 che \u00e8 nelle loro possibilit\u00e0\u00bb. <\/em>Per il coach, un tuffo nel passato: <em>\u00abCon la Sisley potevamo fare qualcosa di storico e centrare le semifinali playoff. Peccato che una sconfitta con Latina ci abbia sbarrato la strada. In ogni caso, non ci sarebbe stata comunque la possibilit\u00e0 di andare avanti come societ\u00e0, nonostante si fosse spinto parecchio\u00bb FOTO Poletto con Piazza\u00a0<\/em><\/p>\n<p>&nbsp;<\/p>\n<\/div>\n<\/div>\n<\/div>\n<\/div>\n<\/div>\n<\/div>\n","protected":false},"excerpt":{"rendered":"<p>INFORMAZIONE il canale su TELEGRAM informazione di prima mano e in tempo reale. iscriviti ed aiutaci a farlo conoscere\u00a0 &nbsp; LE SEDUTE VACCINALI DI IERI &#8211; LE FOTO &nbsp; &nbsp; &nbsp; CROCE VERDE VAL BIOIS, A SINGHIOZZO FINO AL 31 DICEMBRE FALCADE Con evidente malessere il Presidente della Croce Verde Val Biois ha reso noto&hellip;<\/p>\n","protected":false},"author":4,"featured_media":246119,"comment_status":"closed","ping_status":"open","sticky":false,"template":"","format":"standard","meta":{"_monsterinsights_skip_tracking":false,"_monsterinsights_sitenote_active":false,"_monsterinsights_sitenote_note":"","_monsterinsights_sitenote_category":0,"footnotes":""},"categories":[104,86,49],"tags":[],"class_list":["post-245889","post","type-post","status-publish","format-standard","has-post-thumbnail","hentry","category-evidenza_3","category-gr","category-news-18","category-104","category-86","category-49","description-off"],"img_url":"https:\/\/www.radiopiu.net\/wordpress\/wp-content\/uploads\/2021\/12\/d597c14a-caec-4128-b1c5-3d4525208520.jpg","_links":{"self":[{"href":"https:\/\/www.radiopiu.net\/wordpress\/wp-json\/wp\/v2\/posts\/245889","targetHints":{"allow":["GET"]}}],"collection":[{"href":"https:\/\/www.radiopiu.net\/wordpress\/wp-json\/wp\/v2\/posts"}],"about":[{"href":"https:\/\/www.radiopiu.net\/wordpress\/wp-json\/wp\/v2\/types\/post"}],"author":[{"embeddable":true,"href":"https:\/\/www.radiopiu.net\/wordpress\/wp-json\/wp\/v2\/users\/4"}],"replies":[{"embeddable":true,"href":"https:\/\/www.radiopiu.net\/wordpress\/wp-json\/wp\/v2\/comments?post=245889"}],"version-history":[{"count":0,"href":"https:\/\/www.radiopiu.net\/wordpress\/wp-json\/wp\/v2\/posts\/245889\/revisions"}],"wp:featuredmedia":[{"embeddable":true,"href":"https:\/\/www.radiopiu.net\/wordpress\/wp-json\/wp\/v2\/media\/246119"}],"wp:attachment":[{"href":"https:\/\/www.radiopiu.net\/wordpress\/wp-json\/wp\/v2\/media?parent=245889"}],"wp:term":[{"taxonomy":"category","embeddable":true,"href":"https:\/\/www.radiopiu.net\/wordpress\/wp-json\/wp\/v2\/categories?post=245889"},{"taxonomy":"post_tag","embeddable":true,"href":"https:\/\/www.radiopiu.net\/wordpress\/wp-json\/wp\/v2\/tags?post=245889"}],"curies":[{"name":"wp","href":"https:\/\/api.w.org\/{rel}","templated":true}]}}