{"id":246098,"date":"2021-12-03T06:00:23","date_gmt":"2021-12-03T05:00:23","guid":{"rendered":"https:\/\/www.radiopiu.net\/wordpress\/?p=246098"},"modified":"2021-12-03T09:50:51","modified_gmt":"2021-12-03T08:50:51","slug":"giornale-radiopiu-03-dicembre-2021-direttore-mirko-mezzacasa","status":"publish","type":"post","link":"https:\/\/www.radiopiu.net\/wordpress\/giornale-radiopiu-03-dicembre-2021-direttore-mirko-mezzacasa\/","title":{"rendered":"GIORNALE RADIOPIU 03 DICEMBRE 2021 DIRETTORE MIRKO MEZZACASA"},"content":{"rendered":"<h3 class=\"kvgmc6g5 cxmmr5t8 oygrvhab hcukyx3x c1et5uql\"><span style=\"color: #0000ff;\"><strong>INFORMAZIONE il canale su TELEGRAM informazione di prima mano e in tempo reale. iscriviti ed aiutaci a farlo conoscere\u00a0\u00a0<\/strong><\/span><\/h3>\n<p>&nbsp;<\/p>\n<p>&nbsp;<\/p>\n<hr \/>\n<p>&nbsp;<\/p>\n<blockquote>\n<h3>COVID IN REGIONE E IN PROVINCIA, UNA NUOVA IMPENNATA DELLE CURVE<\/h3>\n<\/blockquote>\n<p>&nbsp;<\/p>\n<p><strong>REDAZIONE<\/strong> Siamo grati a Tiziano De Col per l&#8217;impegno, da due\u00a0 anni segue quotidianamente con noi l&#8217;andamento della pandemia. Ogni giorno, senza perdere un giorno ha aggiornato i grafici della pandemia. Ogni giorno vengono pubblicate cinque fotografie che raccontano il covid. Oggi purtroppo il grafico si presenta con quello che non avremo mai pi\u00f9 voluto vedere: l&#8217;impennata della curva verso l&#8217;alto.<\/p>\n<p><a href=\"https:\/\/www.radiopiu.net\/wordpress\/giornale-radiopiu-03-dicembre-2021-direttore-mirko-mezzacasa\/5f2041d6-c58d-4ef8-bf73-30fa5272d858\/\" rel=\"attachment wp-att-246297\"><img loading=\"lazy\" decoding=\"async\" class=\" wp-image-246297 aligncenter\" src=\"https:\/\/www.radiopiu.net\/wordpress\/wp-content\/uploads\/2021\/12\/5f2041d6-c58d-4ef8-bf73-30fa5272d858-300x181.jpg\" alt=\"\" width=\"351\" height=\"212\" srcset=\"https:\/\/www.radiopiu.net\/wordpress\/wp-content\/uploads\/2021\/12\/5f2041d6-c58d-4ef8-bf73-30fa5272d858-300x181.jpg 300w, https:\/\/www.radiopiu.net\/wordpress\/wp-content\/uploads\/2021\/12\/5f2041d6-c58d-4ef8-bf73-30fa5272d858.jpg 596w\" sizes=\"auto, (max-width: 351px) 100vw, 351px\" \/><\/a><\/p>\n<p>&nbsp;<\/p>\n<hr \/>\n<p>&nbsp;<\/p>\n<blockquote>\n<h3>CROCE VERDE VAL BIOIS, A SINGHIOZZO FINO AL 31 DICEMBRE<\/h3>\n<\/blockquote>\n<p><strong><img loading=\"lazy\" decoding=\"async\" class=\"alignleft\" src=\"https:\/\/www.radiopiu.net\/wordpress\/wp-content\/uploads\/2020\/06\/download-36.jpg\" width=\"284\" height=\"155\" \/>FALCADE<\/strong> Con evidente malessere il Presidente della Croce Verde Val Biois ha reso noto il nuovo calendario provvisorio dei servizi da oggi al 31 dicembre. Sono purtroppo previsti per mancanza di personale una serie di disagi per disservizi. Giorni e orari in cui l&#8217;emergenza della Croce Verde Val Biois non \u00e8 garantita: VENERDI&#8217; 3 DICEMBRE 2021 dalle ore 06:00 alle ore 20:00; LUNEDI&#8217; 6 DICEMBRE 2021 dalle ore 6:00 alle ore 20:00; SABATO 11 DICEMBRE 2021 dalle ore 6:00 alle ore 6:00 di DOMENICA 12 DICEMBRE 2021;VENERDI&#8217; 17 DICEMBRE 2021 dalle ore 6:00 alle ore 20:00; GIOVEDI&#8217; 23 DICEMBRE dalle ore 6:00 alle ore 6:00 di SABATO 25 DICEMBRE 2021; SABATO 25 DICEMBRE 2021 dalle ore 20:00 alle ore 6:00 di DOMENICA 26 DICEMBRE 2021; DOMENICA 26 DICEMBRE dalle ore 20:00 alle ore 6:00 di LUNEDI&#8217; 27 DICEMBRE 2021; LUNEDI&#8217; 27 DICEMBRE 2021 dalle ore 20:00 alle ore 6 di MARTEDI&#8217; 28 DICEMBRE 2021; MARTEDI&#8217; 28 DICEMBRE 2021 dalle ore 20:00 alle ore 6:00 di MERCOLEDI&#8217; 29 DICEMBRE 2021;MERCOLEDI&#8217; 29 DICEMBRE 2021 dalle ore 20;00 alle ore 6:00 di GIOVEDI&#8217; 30 DICEMBRE 2021 VENERDI&#8217; 31 DICEMBRE 2021 dalle ore 6:00 alle ore 20:00.<\/p>\n<audio class=\"wp-audio-shortcode\" id=\"audio-246098-1\" preload=\"none\" style=\"width: 100%;\" controls=\"controls\"><source type=\"audio\/mpeg\" src=\"https:\/\/www.radiopiu.net\/wordpress\/wp-content\/uploads\/2021\/12\/CORRIERE-CROCE-VERDE-VAL-BIOIS.mp3?_=1\" \/><a href=\"https:\/\/www.radiopiu.net\/wordpress\/wp-content\/uploads\/2021\/12\/CORRIERE-CROCE-VERDE-VAL-BIOIS.mp3\">https:\/\/www.radiopiu.net\/wordpress\/wp-content\/uploads\/2021\/12\/CORRIERE-CROCE-VERDE-VAL-BIOIS.mp3<\/a><\/audio>\n<p>&nbsp;<\/p>\n<p>&nbsp;<\/p>\n<hr \/>\n<p>&nbsp;<\/p>\n<blockquote>\n<blockquote><p><strong><a href=\"https:\/\/www.radiopiu.net\/wordpress\/giornale-radiopiu-30-novembre-2021-direttore-mirko-mezzacasa\/c8804864-65c8-4cca-a84f-9820e3bb0b6d\/\" rel=\"attachment wp-att-245749\"><img loading=\"lazy\" decoding=\"async\" class=\"size-medium wp-image-245749 alignleft\" src=\"https:\/\/www.radiopiu.net\/wordpress\/wp-content\/uploads\/2021\/11\/c8804864-65c8-4cca-a84f-9820e3bb0b6d-225x300.jpg\" alt=\"\" width=\"225\" height=\"300\" srcset=\"https:\/\/www.radiopiu.net\/wordpress\/wp-content\/uploads\/2021\/11\/c8804864-65c8-4cca-a84f-9820e3bb0b6d-225x300.jpg 225w, https:\/\/www.radiopiu.net\/wordpress\/wp-content\/uploads\/2021\/11\/c8804864-65c8-4cca-a84f-9820e3bb0b6d.jpg 600w\" sizes=\"auto, (max-width: 225px) 100vw, 225px\" \/><\/a><\/strong><\/p>\n<p><strong>PROVINCIALE 35 DI LASTE<\/strong>\u00a0 fino al 15 dicembre &#8211; festivi e sabato esclusi &#8211; interruzione totale dalle 8 alle 9.30 &#8211; dalle 9.40 alle 12.30 &#8211; dalle 13.30 alle 15.30, dalle 15.40 alle 17 nelle altre fasce orarie senso unico alternato<\/p>\n<p>&nbsp;<\/p>\n<p><strong>GOSALDO<\/strong> <strong>PROVINCIALE 3 VALLE IMPERINA<\/strong>: interruzione totale alla viabilit\u00e0\u00a0 per lavori di <a href=\"https:\/\/www.radiopiu.net\/wordpress\/iniziati-i-lavori-al-ponte-del-cristo-sulla-203-agordina\/ced07f80-a96b-45ee-a3d5-5dd6a16a320a\/\" rel=\"attachment wp-att-243364\"><img loading=\"lazy\" decoding=\"async\" class=\" wp-image-243364 alignright\" src=\"https:\/\/www.radiopiu.net\/wordpress\/wp-content\/uploads\/2021\/11\/ced07f80-a96b-45ee-a3d5-5dd6a16a320a-224x300.jpg\" alt=\"\" width=\"171\" height=\"229\" srcset=\"https:\/\/www.radiopiu.net\/wordpress\/wp-content\/uploads\/2021\/11\/ced07f80-a96b-45ee-a3d5-5dd6a16a320a-224x300.jpg 224w, https:\/\/www.radiopiu.net\/wordpress\/wp-content\/uploads\/2021\/11\/ced07f80-a96b-45ee-a3d5-5dd6a16a320a-766x1024.jpg 766w, https:\/\/www.radiopiu.net\/wordpress\/wp-content\/uploads\/2021\/11\/ced07f80-a96b-45ee-a3d5-5dd6a16a320a-768x1027.jpg 768w, https:\/\/www.radiopiu.net\/wordpress\/wp-content\/uploads\/2021\/11\/ced07f80-a96b-45ee-a3d5-5dd6a16a320a-1149x1536.jpg 1149w, https:\/\/www.radiopiu.net\/wordpress\/wp-content\/uploads\/2021\/11\/ced07f80-a96b-45ee-a3d5-5dd6a16a320a.jpg 1496w\" sizes=\"auto, (max-width: 171px) 100vw, 171px\" \/><\/a>messa in sicurezza:\u00a0 dalle 8 alle 12.45; dalle 13.45 alle 16 e dalle 16.30 alle 17.30 nei periodi non interessati dalla chiusura senso unico alternato con semaforo anche nei giorni festivi e prefestivi.<\/p>\n<p><strong>347 DURAN<\/strong>, chiusa in localit\u00e0 Dont fino al 4 dicembre dalle 8 alle 12 e dalle 13.30 alle 17.30<\/p>\n<p><strong>COLLE SANTA LUCIA 638 PASSO GIAU <\/strong>fino al 15 dicembre, tutti i giorni sono previste interruzioni fino a 15 minuti tra le 8 del mattino e le 17 del pomeriggio, negli altri orari senso unico alternato regolato da impianto semaforico.<\/p>\n<p><strong>SP 3 VALLE IMPERINA\u00a0<\/strong>dal 9 al 23 dicembre compresi sabato e domenica senso unico alternato regolato da impianto semaforico in localit\u00e0 Zenich di Rivamonte per consolidamento della strada<\/p><\/blockquote>\n<\/blockquote>\n<p><strong>SS51 DI ALEMAGNA<\/strong> Probabili sensi unici temporanei a Castellavazzo (fino al 17 dicembre) per la demolizione controllata della parete rocciosa.<\/p>\n<p>&nbsp;<\/p>\n<p>&nbsp;<\/p>\n<hr \/>\n<p>&nbsp;<\/p>\n<blockquote>\n<h3>DOLORE SENZA FINE PER L&#8217;IMPROVVISA SCOMPARSA DI CHRISTIAN<\/h3>\n<\/blockquote>\n<p><strong><a href=\"https:\/\/www.radiopiu.net\/wordpress\/dolore-senza-fine-per-limprovvisa-scomparsa-di-cristian\/21a5a4ae-d6ed-4a06-96bc-6768f563e173\/\" rel=\"attachment wp-att-246281\"><img loading=\"lazy\" decoding=\"async\" class=\"size-medium wp-image-246281 alignleft\" src=\"https:\/\/www.radiopiu.net\/wordpress\/wp-content\/uploads\/2021\/12\/21a5a4ae-d6ed-4a06-96bc-6768f563e173-e1638465129341-226x300.jpg\" alt=\"\" width=\"226\" height=\"300\" srcset=\"https:\/\/www.radiopiu.net\/wordpress\/wp-content\/uploads\/2021\/12\/21a5a4ae-d6ed-4a06-96bc-6768f563e173-e1638465129341-226x300.jpg 226w, https:\/\/www.radiopiu.net\/wordpress\/wp-content\/uploads\/2021\/12\/21a5a4ae-d6ed-4a06-96bc-6768f563e173-e1638465129341-768x1021.jpg 768w, https:\/\/www.radiopiu.net\/wordpress\/wp-content\/uploads\/2021\/12\/21a5a4ae-d6ed-4a06-96bc-6768f563e173-e1638465129341.jpg 770w\" sizes=\"auto, (max-width: 226px) 100vw, 226px\" \/><\/a>AGORDO<\/strong> E&#8217; giusto che le parole si fermino, che i pensieri corrano ma senza la necessit\u00e0 di dover per forza trovare una risposta ai perch\u00e9,\u00a0 che molto spesso non hanno risposta. Non oggi, non davanti al dolore di una famiglia duramente colpita per la perdita di un figlio, un giovane di soli 28 anni, tanti ne aveva Christian Schena e proprio marted\u00ec aveva festeggiato il compleanno. La tragedia invece ieri\u00a0 di buon&#8217;ora a Taibon Agordino, avrebbe dovuto iniziare una giornata consueta, non diversa dalle altre. Purtroppo cos\u00ec non\u00a0 \u00e8 stato. Nei paesi piccoli le voci si rincorrono, il lutto che ha colpito la famiglia Schena \u00e8 rimbalzato in ogni angolo tra\u00a0 gli amici,\u00a0 tra tutti coloro che a Christian hanno voluto bene. Un dolore tremendo \u00e8 invece quello che in questo momento sta provando il pap\u00e0 Giuseppe, la mamma Roberta\u00a0 i fratelli, le cognate, i nipoti. A loro va il nostro pensiero, il nostro abbraccio nella certezza di interpretare quello degli amici di Rif di Agordo e il resto della vallata. I funerali saranno celebrati\u00a0 domani\u00a0 alle 11.30 dell&#8217;Arcidiaconale di Agordo.<\/p>\n<p><a href=\"https:\/\/www.radiopiu.net\/wordpress\/dolore-senza-fine-per-limprovvisa-scomparsa-di-cristian\/675212e3-a18d-4beb-9446-db22906195c4\/\" rel=\"attachment wp-att-246280\"><img loading=\"lazy\" decoding=\"async\" class=\"alignnone wp-image-246280 size-large\" src=\"https:\/\/www.radiopiu.net\/wordpress\/wp-content\/uploads\/2021\/12\/675212e3-a18d-4beb-9446-db22906195c4-1024x766.jpg\" alt=\"\" width=\"1024\" height=\"766\" srcset=\"https:\/\/www.radiopiu.net\/wordpress\/wp-content\/uploads\/2021\/12\/675212e3-a18d-4beb-9446-db22906195c4-1024x766.jpg 1024w, https:\/\/www.radiopiu.net\/wordpress\/wp-content\/uploads\/2021\/12\/675212e3-a18d-4beb-9446-db22906195c4-300x224.jpg 300w, https:\/\/www.radiopiu.net\/wordpress\/wp-content\/uploads\/2021\/12\/675212e3-a18d-4beb-9446-db22906195c4-768x574.jpg 768w, https:\/\/www.radiopiu.net\/wordpress\/wp-content\/uploads\/2021\/12\/675212e3-a18d-4beb-9446-db22906195c4-1536x1149.jpg 1536w, https:\/\/www.radiopiu.net\/wordpress\/wp-content\/uploads\/2021\/12\/675212e3-a18d-4beb-9446-db22906195c4.jpg 2000w\" sizes=\"auto, (max-width: 1024px) 100vw, 1024px\" \/><\/a><\/p>\n<p>&nbsp;<\/p>\n<p><a class=\"dt-pswp-item\" href=\"https:\/\/www.radiopiu.net\/wordpress\/wp-content\/uploads\/2021\/12\/christian-caccia.jpg\" data-dt-img-description=\"\" data-large_image_width=\"1277\" data-large_image_height=\"894\"><img loading=\"lazy\" decoding=\"async\" class=\"alignnone wp-image-246340 size-full\" src=\"https:\/\/www.radiopiu.net\/wordpress\/wp-content\/uploads\/2021\/12\/christian-caccia.jpg\" alt=\"\" width=\"1277\" height=\"894\" srcset=\"https:\/\/www.radiopiu.net\/wordpress\/wp-content\/uploads\/2021\/12\/christian-caccia.jpg 1277w, https:\/\/www.radiopiu.net\/wordpress\/wp-content\/uploads\/2021\/12\/christian-caccia-300x210.jpg 300w, https:\/\/www.radiopiu.net\/wordpress\/wp-content\/uploads\/2021\/12\/christian-caccia-1024x717.jpg 1024w, https:\/\/www.radiopiu.net\/wordpress\/wp-content\/uploads\/2021\/12\/christian-caccia-768x538.jpg 768w\" sizes=\"auto, (max-width: 1277px) 100vw, 1277px\" \/><\/a><\/p>\n<hr \/>\n<p>&nbsp;<\/p>\n<p>&nbsp;<\/p>\n<blockquote>\n<h3>E&#8217; MORTO SEVERINO PINNA, IL CUSTODE DEL CENTRO LUCIANI<\/h3>\n<\/blockquote>\n<p><strong><a href=\"https:\/\/www.radiopiu.net\/wordpress\/e-morto-severino-pinna-il-custode-del-del-centro-luciani\/safe_image-31\/\" rel=\"attachment wp-att-246318\"><img loading=\"lazy\" decoding=\"async\" class=\"size-medium wp-image-246318 alignleft\" src=\"https:\/\/www.radiopiu.net\/wordpress\/wp-content\/uploads\/2021\/12\/safe_image-300x157.jpg\" alt=\"\" width=\"300\" height=\"157\" srcset=\"https:\/\/www.radiopiu.net\/wordpress\/wp-content\/uploads\/2021\/12\/safe_image-300x157.jpg 300w, https:\/\/www.radiopiu.net\/wordpress\/wp-content\/uploads\/2021\/12\/safe_image.jpg 500w\" sizes=\"auto, (max-width: 300px) 100vw, 300px\" \/><\/a>BELLUNO<\/strong> Apprendiamo dalla pagina facebook <em>Chiesa Belluno-Feltre<\/em> della morte di Severino Pinna, 56 anni, era ricoverato presso l\u2019ospedale di Feltre dal 19 novembre scorso, per una malattia scoperta. Era stato operato con qualche speranza, ma una serie di complicanze ha avuto un esito fatale nella serata di mercoled\u00ec 1\u00b0 dicembre. La\u00a0 comunit\u00e0 diocesana ne annuncia la morte ricordando\u00a0 la figura per quel legame di collaborazione e amicizia che andava avanti da un oltre decennio. Era nato a Cagliari il 5 febbraio 1965: portava il nome del padre, che non ha potuto conoscere, perch\u00e9 morto in un incidente sul lavoro pochi mesi prima della nascita del suo ultimogenito. Cresciuto dalla madre e da una folta schiera di fratelli, era entrato nel mondo del lavoro, specializzandosi nel settore immobiliare. Era poi passato a Bergamo a lavorare in una grande tipografia e poi in Islanda in un cantiere minerario. Approdato presso il villaggio di Corte in Cadore, entr\u00f2 in contatto con don Virginio De Martin \u2013 allora parroco di Valle, Venas e Cibiana \u2013 e di l\u00ec si convinse di donare qualche anno della sua vita in Niger, nella missione di Gaya.\u00a0 Alla fine del 2017 il vescovo Renato, richiamando don Augusto in diocesi nomin\u00f2 Severino responsabile del Centro Papa Luciani. funerali saranno celebrati domani alle 9.00 nella chiesa parrocchiale di Santa Giustina.<\/p>\n<p>&nbsp;<\/p>\n<hr \/>\n<p>&nbsp;<\/p>\n<p>&nbsp;<\/p>\n<blockquote>\n<h3>DENUNCIA UN CARABINIERE PER IL SEQUESTRO DEL FURGONE IL PUBBLICO MINISTERO E&#8217; PER L&#8217;ARCHIVIAZIONE<\/h3>\n<\/blockquote>\n<p><strong><img loading=\"lazy\" decoding=\"async\" class=\"alignleft\" src=\"https:\/\/www.radiopiu.net\/wordpress\/wp-content\/uploads\/2020\/11\/ff410afc-8b0c-46c0-a4de-45a8768c3343.jpg\" width=\"228\" height=\"146\" \/>ALLEGHE<\/strong> Un militare della stazione di Caprile nello svolgimento delle sue funzioni aveva sanzionato il conducente e sequestrato il furgone. Si andr\u00e0 a processo?\u00a0 Il Pubblico Ministero Katjuscia D&#8217;Orlando ha\u00a0 chiesto l&#8217;archiviazione anche se la decisione finale &#8211; alla luce dell&#8217;opposizione presentata dal proprietario del veicolo &#8211; sar\u00e0 presa dal giudice per le indagini preliminari Enrica Marson. Tra qualche giorno sar\u00e0 sciolta la riserva. Il furgone non era assicurato e tutto ha avuto inizio per un parcheggio che ostacolava il vicino di casa. Chiamati i Carabinieri e constatato il divieto di sosta e poi scattato il controllo alla banca dati che ha evidenziato che il furgone non era assicurato e quindi \u00e8 stato posto sotto sequestro.<\/p>\n<p>&nbsp;<\/p>\n<p>&nbsp;<\/p>\n<hr \/>\n<p>&nbsp;<\/p>\n<blockquote>\n<h3>LONGARONE E IL VAJONT NEL REGISTRO INTERNAZIONALE MEMORIE DEL MONDO<\/h3>\n<\/blockquote>\n<div class=\"kvgmc6g5 cxmmr5t8 oygrvhab hcukyx3x c1et5uql ii04i59q\">\n<div dir=\"auto\"><a href=\"https:\/\/www.radiopiu.net\/wordpress\/longarone-e-il-vajont-nel-registro-internazionale-memorie-del-mondo\/262445510_2862237274087698_9104701719518123326_n\/\" rel=\"attachment wp-att-246310\"><img loading=\"lazy\" decoding=\"async\" class=\" wp-image-246310 alignleft\" src=\"https:\/\/www.radiopiu.net\/wordpress\/wp-content\/uploads\/2021\/12\/262445510_2862237274087698_9104701719518123326_n-300x119.jpg\" alt=\"\" width=\"222\" height=\"88\" srcset=\"https:\/\/www.radiopiu.net\/wordpress\/wp-content\/uploads\/2021\/12\/262445510_2862237274087698_9104701719518123326_n-300x119.jpg 300w, https:\/\/www.radiopiu.net\/wordpress\/wp-content\/uploads\/2021\/12\/262445510_2862237274087698_9104701719518123326_n.jpg 600w\" sizes=\"auto, (max-width: 222px) 100vw, 222px\" \/><\/a><strong>LONGARONE<\/strong> E&#8217; stato inviato\u00a0 dalla Commissione Nazionale Italiana per l\u2019Unesco il dossier\u00a0 per l\u2019iscrizione al Registro Internazionale Memorie del Mondo dell\u2019\u201dArchivio Processuale del Vajont\u201d. E&#8217; stato inoltrato al competente Segretariato del Programma Memory of the World a Parigi. Il dossier di candidatura, accompagnato dal sostegno della Commissione \u00e8 stato inviato ai competenti uffici dell\u2019Unesco Institute for Lifelong Learning (UIL) e saranno vagliati da una apposita Commissione Internazionale. Per maggiori informazioni <a class=\"oajrlxb2 g5ia77u1 qu0x051f esr5mh6w e9989ue4 r7d6kgcz rq0escxv nhd2j8a9 nc684nl6 p7hjln8o kvgmc6g5 cxmmr5t8 oygrvhab hcukyx3x jb3vyjys rz4wbd8a qt6c0cv9 a8nywdso i1ao9s8h esuyzwwr f1sip0of lzcic4wl py34i1dx gpro0wi8\" tabindex=\"0\" role=\"link\" href=\"https:\/\/l.facebook.com\/l.php?u=http%3A%2F%2Fwww.unesco.it%2Fit%2FNews%2FDetail%2F1350%3Ffbclid%3DIwAR2vggGeUcd1D9MhzdApDIRPWaVGHsiDBmIt1H9W2OOJImHygiHUO-bqPtc&amp;h=AT33B1W4-aQn7dwm-f3LUjulfUn0B1orfaFxLHfpRz1R0TlX4yXX_DX1YGz_1qu1sQgGs5IAIL2cmvqOaZKksQZ03WKazQlBnax4LB-rIQ84oRo5sqKJPY8NSDex0fmNzir4&amp;__tn__=-UK-R&amp;c[0]=AT2Rv7aGAWNFt3PrJOQDWf6l3fTWZiae-lRHf7D3icw0Hl5zrOlNWDD7YPDQVCoqqkXOtyD9cO8ns5wo6sYis23YN0AwzS50sW7NlQv0kLZz9ahrigOLyBk4pCWpg8dQSOrL7SRCU4uzdRIxfDsFGgTVkRVjLZ2cEFIJLRubN1ooZhk\" target=\"_blank\" rel=\"nofollow noopener\">http:\/\/www.unesco.it\/it\/News\/Detail\/1350\u00a0<\/a><\/div>\n<div dir=\"auto\"><\/div>\n<\/div>\n<div class=\"o9v6fnle cxmmr5t8 oygrvhab hcukyx3x c1et5uql ii04i59q\">\n<div>\n<p id=\"yui_3_17_2_1_1617376226169_264\" align=\"center\"><b>Il programma UNESCO \u201cMemoria nel Mondo\u201d<\/b><\/p>\n<p><b><span class=\"\">Memoria del mondo<\/span><\/b><span class=\"\">\u00a0(in\u00a0inglese\u00a0<\/span><i><span class=\"\">Memory of the World<\/span><\/i><span class=\"\">) \u00e8 un\u00a0<\/span><a href=\"http:\/\/www.unesco.org\/new\/en\/communication-and-information\/flagship-project-activities\/memory-of-the-world\/about-the-programme\/\" target=\"_blank\" rel=\"noopener\"><span class=\"\">Programma dell\u2019UNESCO<\/span><\/a><span class=\"\"> fondato nel 1992 e volto a individuare e tutelare archivi e documenti storici. Vi sono inclusi raccolte di testi, manoscritti, spartiti, documenti storici unici, immagini, registrazioni e filmati. Il programma \u00e8 nato a seguito della crescente consapevolezza della condizione di difficile conservazione e accesso al patrimonio documentario in varie parti del mondo. Guerra, conflitti sociali sconvolgimenti sociali e una grave mancanza di risorse, hanno peggiorato problemi che esistono da secoli. Importanti collezioni di tutto il mondo hanno subito destini avversi, saccheggi, dispersione, commercio illegale, distruzione, un sistema di conservazione inadeguata hanno tutti giocato un ruolo decisivo nel processo di deterioramento del patrimonio documentario, gran parte di esso \u00e8 scomparso o in pericolo, a volte, fortunatamente, una parte di questo patrimonio documentario viene riscoperto.\u00a0<\/span><span class=\"\">La <\/span><em><span class=\"\">vision <\/span><\/em><span class=\"\">della memoria del Programma Memoria del Mondo e \u00e8 che il patrimonio documentario del mondo appartiene a tutti, deve essere pienamente preservata e protetta per tutti e, con il dovuto riconoscimento dei costumi culturali e delle consuetudini di ciascuna nazione, dovrebbe essere costantemente accessibili a tutti senza ostacoli.<\/span><\/p>\n<\/div>\n<\/div>\n<p>&nbsp;<\/p>\n<hr \/>\n<blockquote>\n<h2><\/h2>\n<h2>SIGNORE E SIGNORI&#8230;. IL NUOVO PRONTO SOCCORSO AD AGORDO<\/h2>\n<\/blockquote>\n<p><strong><a href=\"https:\/\/www.radiopiu.net\/wordpress\/signore-e-signori-il-nuovo-pronto-soccorso-ad-agordo\/b7a9c33c-dac7-4b4b-892a-dd68fbdc6b45\/\" rel=\"attachment wp-att-246200\"><img loading=\"lazy\" decoding=\"async\" class=\" wp-image-246200 alignleft\" src=\"https:\/\/www.radiopiu.net\/wordpress\/wp-content\/uploads\/2021\/12\/b7a9c33c-dac7-4b4b-892a-dd68fbdc6b45-300x169.jpg\" alt=\"\" width=\"337\" height=\"190\" srcset=\"https:\/\/www.radiopiu.net\/wordpress\/wp-content\/uploads\/2021\/12\/b7a9c33c-dac7-4b4b-892a-dd68fbdc6b45-300x169.jpg 300w, https:\/\/www.radiopiu.net\/wordpress\/wp-content\/uploads\/2021\/12\/b7a9c33c-dac7-4b4b-892a-dd68fbdc6b45-1024x576.jpg 1024w, https:\/\/www.radiopiu.net\/wordpress\/wp-content\/uploads\/2021\/12\/b7a9c33c-dac7-4b4b-892a-dd68fbdc6b45-768x432.jpg 768w, https:\/\/www.radiopiu.net\/wordpress\/wp-content\/uploads\/2021\/12\/b7a9c33c-dac7-4b4b-892a-dd68fbdc6b45-1536x864.jpg 1536w, https:\/\/www.radiopiu.net\/wordpress\/wp-content\/uploads\/2021\/12\/b7a9c33c-dac7-4b4b-892a-dd68fbdc6b45.jpg 1600w\" sizes=\"auto, (max-width: 337px) 100vw, 337px\" \/><\/a>AGORDO<\/strong> Chi non\u00a0 varca la soglia del Pronto Soccorso dell&#8217;ospedale di Agordo da qualche mese,\u00a0 alla prima occasione &#8211; auguriamoci il pi\u00f9 tardi possibile &#8211; si trover\u00e0 difronte un ambiente completamente diverso. Non pi\u00f9 uno stretto corridoio e un punto ricezione dagli spazi angusti. Cambiano anche i posti letto di emergenza in una struttura colorata e adattata al territorio. Questo il bello, ma c&#8217;\u00e8 sicuramente anche il pratico e lo spiegano le voci del Pronto Soccorso nel corso degli interventi che non vanno intesi come un&#8217;inaugurazione, ma un punto di passaggio, un modo per toccare con mano l&#8217;importanza di un investimento da 3 milioni di euro, 2,5 a carico dei Comuni Agordini con i Fondi di Confine, 500mila da parte della Regione Veneto non a caso rappresentata ad Agordo dai consiglieri Silvia Cestaro e Giovanni Puppato.<\/p>\n<p><strong>IL CONSIGLIERE SILVIA CESTARO\u00a0<\/strong><\/p>\n<audio class=\"wp-audio-shortcode\" id=\"audio-246098-2\" preload=\"none\" style=\"width: 100%;\" controls=\"controls\"><source type=\"audio\/mpeg\" src=\"https:\/\/www.radiopiu.net\/wordpress\/wp-content\/uploads\/2021\/12\/silvia-cestaro.mp3?_=2\" \/><a href=\"https:\/\/www.radiopiu.net\/wordpress\/wp-content\/uploads\/2021\/12\/silvia-cestaro.mp3\">https:\/\/www.radiopiu.net\/wordpress\/wp-content\/uploads\/2021\/12\/silvia-cestaro.mp3<\/a><\/audio>\n<p>&nbsp;<\/p>\n<blockquote><p><strong>Il FUTURO DELL&#8217;OSPEDALE DI AGORDO?<\/strong><em> &#8220;Sono arrivata da pochi mesi &#8211; ha detto il direttore Maria Grazia Carraro &#8211; sono concentrata su quello che si sta facendo,\u00a0 sto\u00a0 lavorando su tutti e cinque gli ospedali,\u00a0 questo dimostra la volont\u00e0 dell&#8217;Usl di potenziare i servizi sul territorio&#8221;.\u00a0<\/em><\/p><\/blockquote>\n<p><em><a href=\"https:\/\/www.radiopiu.net\/wordpress\/signore-e-signori-il-nuovo-pronto-soccorso-ad-agordo\/e856063d-9a8a-4118-b442-31eb84d3c052\/\" rel=\"attachment wp-att-246190\"><img loading=\"lazy\" decoding=\"async\" class=\"wp-image-246190 alignright\" src=\"https:\/\/www.radiopiu.net\/wordpress\/wp-content\/uploads\/2021\/12\/e856063d-9a8a-4118-b442-31eb84d3c052-300x169.jpg\" alt=\"\" width=\"234\" height=\"132\" srcset=\"https:\/\/www.radiopiu.net\/wordpress\/wp-content\/uploads\/2021\/12\/e856063d-9a8a-4118-b442-31eb84d3c052-300x169.jpg 300w, https:\/\/www.radiopiu.net\/wordpress\/wp-content\/uploads\/2021\/12\/e856063d-9a8a-4118-b442-31eb84d3c052-1024x576.jpg 1024w, https:\/\/www.radiopiu.net\/wordpress\/wp-content\/uploads\/2021\/12\/e856063d-9a8a-4118-b442-31eb84d3c052-768x432.jpg 768w, https:\/\/www.radiopiu.net\/wordpress\/wp-content\/uploads\/2021\/12\/e856063d-9a8a-4118-b442-31eb84d3c052-1536x864.jpg 1536w, https:\/\/www.radiopiu.net\/wordpress\/wp-content\/uploads\/2021\/12\/e856063d-9a8a-4118-b442-31eb84d3c052.jpg 1600w\" sizes=\"auto, (max-width: 234px) 100vw, 234px\" \/><\/a>&#8220;Per noi \u00e8 una giornata di festa&#8221;<\/em> Ha detto il direttore generale Maria Grazia Carraro ricordando la finalit\u00e0 dei lavori, cio\u00e8 ammodernare e <em>ampliare l&#8217;ospedale di Agordo &#8220;Riferimento del territorio e di tutte le persone che ne usufruiscono&#8221;<\/em> E&#8217; stata ristrutturata la parte interna con attenzione al problema sismico, \u00e8 in fase di costruzione la camera calda adeguandone la nuova viabilit\u00e0. Oggi \u00e8 stata inaugurata la prima tappa, il primo passaggio. Dal pomeriggio l&#8217;attivit\u00e0 viene trasferita dal <a href=\"https:\/\/www.radiopiu.net\/wordpress\/signore-e-signori-il-nuovo-pronto-soccorso-ad-agordo\/b28792b3-d67a-4d7d-9914-5b41b2ee6822\/\" rel=\"attachment wp-att-246201\"><img loading=\"lazy\" decoding=\"async\" class=\"size-medium wp-image-246201 alignleft\" src=\"https:\/\/www.radiopiu.net\/wordpress\/wp-content\/uploads\/2021\/12\/b28792b3-d67a-4d7d-9914-5b41b2ee6822-300x169.jpg\" alt=\"\" width=\"300\" height=\"169\" srcset=\"https:\/\/www.radiopiu.net\/wordpress\/wp-content\/uploads\/2021\/12\/b28792b3-d67a-4d7d-9914-5b41b2ee6822-300x169.jpg 300w, https:\/\/www.radiopiu.net\/wordpress\/wp-content\/uploads\/2021\/12\/b28792b3-d67a-4d7d-9914-5b41b2ee6822-1024x576.jpg 1024w, https:\/\/www.radiopiu.net\/wordpress\/wp-content\/uploads\/2021\/12\/b28792b3-d67a-4d7d-9914-5b41b2ee6822-768x432.jpg 768w, https:\/\/www.radiopiu.net\/wordpress\/wp-content\/uploads\/2021\/12\/b28792b3-d67a-4d7d-9914-5b41b2ee6822-1536x864.jpg 1536w, https:\/\/www.radiopiu.net\/wordpress\/wp-content\/uploads\/2021\/12\/b28792b3-d67a-4d7d-9914-5b41b2ee6822.jpg 1600w\" sizes=\"auto, (max-width: 300px) 100vw, 300px\" \/><\/a>vecchio al nuovo pronto soccorso, i vecchi locali saranno oggetto di nuovi lavori. <em>&#8220;Una tappa fondamentale &#8211; ha detto ancora la Carraro &#8211; finiremo entro il 2022 con l&#8217;impegno di mantenere le tempistiche&#8221;. <\/em>Il giorno giusto anche per ringraziare il personale che ha lavorato pur con un cantiere accanto. Medici e infermieri hanno sopportato il disagio riorganizzando il modo di lavorare <em>&#8220;Hanno saputo mantenere buoni livelli di attivit\u00e0, garantendo i servizi&#8221;\u00a0<\/em>Il Presidente della Conferenza dei Sindaci Paolo Perenzin ha ringraziato i sindaci della vallata per aver saputo convergere sull&#8217;importanza di destinare i fondi di confine al sistema sanit\u00e0 della provincia. <em>&#8220;Il nostro <a href=\"https:\/\/www.radiopiu.net\/wordpress\/signore-e-signori-il-nuovo-pronto-soccorso-ad-agordo\/40d118da-8a6f-4e44-a42c-7126cb58a023\/\" rel=\"attachment wp-att-246195\"><img loading=\"lazy\" decoding=\"async\" class=\"size-medium wp-image-246195 alignright\" src=\"https:\/\/www.radiopiu.net\/wordpress\/wp-content\/uploads\/2021\/12\/40d118da-8a6f-4e44-a42c-7126cb58a023-300x169.jpg\" alt=\"\" width=\"300\" height=\"169\" srcset=\"https:\/\/www.radiopiu.net\/wordpress\/wp-content\/uploads\/2021\/12\/40d118da-8a6f-4e44-a42c-7126cb58a023-300x169.jpg 300w, https:\/\/www.radiopiu.net\/wordpress\/wp-content\/uploads\/2021\/12\/40d118da-8a6f-4e44-a42c-7126cb58a023-1024x576.jpg 1024w, https:\/\/www.radiopiu.net\/wordpress\/wp-content\/uploads\/2021\/12\/40d118da-8a6f-4e44-a42c-7126cb58a023-768x432.jpg 768w, https:\/\/www.radiopiu.net\/wordpress\/wp-content\/uploads\/2021\/12\/40d118da-8a6f-4e44-a42c-7126cb58a023-1536x864.jpg 1536w, https:\/\/www.radiopiu.net\/wordpress\/wp-content\/uploads\/2021\/12\/40d118da-8a6f-4e44-a42c-7126cb58a023.jpg 1600w\" sizes=\"auto, (max-width: 300px) 100vw, 300px\" \/><\/a>sistema sanitario deve funzionare sempre pi\u00f9 in ottica di integrazione con un unico sistema &#8211; ha detto Perenzin &#8211; a beneficio dell&#8217;intera popolazione. Non \u00e8 facile raggiungere questo obiettivo ma \u00e8 l&#8217;unica possibilit\u00e0 che abbiamo&#8221;. <\/em>Il Presidente dell&#8217;Unione Montana Michele Costa:\u00a0<em> &#8220;Grazie a chi ha lavorato in trincea\u00a0 &#8211; ha detto il Presidente &#8211; interpretando il pensiero di tutti i colleghi sindaci. Questi lavori sono l&#8217;esempio di come si possa fare sinergia per portare qualche cosa di importante sul <a href=\"https:\/\/www.radiopiu.net\/wordpress\/signore-e-signori-il-nuovo-pronto-soccorso-ad-agordo\/c506ca76-5d76-41f7-a523-27c07a2fb9da\/\" rel=\"attachment wp-att-246202\"><img loading=\"lazy\" decoding=\"async\" class=\"wp-image-246202 alignleft\" src=\"https:\/\/www.radiopiu.net\/wordpress\/wp-content\/uploads\/2021\/12\/c506ca76-5d76-41f7-a523-27c07a2fb9da-300x169.jpg\" alt=\"\" width=\"208\" height=\"117\" srcset=\"https:\/\/www.radiopiu.net\/wordpress\/wp-content\/uploads\/2021\/12\/c506ca76-5d76-41f7-a523-27c07a2fb9da-300x169.jpg 300w, https:\/\/www.radiopiu.net\/wordpress\/wp-content\/uploads\/2021\/12\/c506ca76-5d76-41f7-a523-27c07a2fb9da-1024x576.jpg 1024w, https:\/\/www.radiopiu.net\/wordpress\/wp-content\/uploads\/2021\/12\/c506ca76-5d76-41f7-a523-27c07a2fb9da-768x432.jpg 768w, https:\/\/www.radiopiu.net\/wordpress\/wp-content\/uploads\/2021\/12\/c506ca76-5d76-41f7-a523-27c07a2fb9da-1536x864.jpg 1536w, https:\/\/www.radiopiu.net\/wordpress\/wp-content\/uploads\/2021\/12\/c506ca76-5d76-41f7-a523-27c07a2fb9da.jpg 1600w\" sizes=\"auto, (max-width: 208px) 100vw, 208px\" \/><\/a>territorio&#8221;.<\/em> Sar\u00e0 ricordata come una scelta voluta da tutti i Comuni pur dopo un lungo dibattito, soprattutto come ha ricordato Costa il prossimo obiettivo mantenere i servizi all&#8217;interno della mura affinch\u00e9 possa funzionare sempre al meglio. Il dottor Giuseppe Cravero, responsabile del Pronto Soccorso da quando \u00e8 arrivato ad Agordo si \u00e8 trovato nel mezzo del cantiere, ha quindi\u00a0 seguito i lavori quotidianamente cos\u00ec come la coordinatrice Fernanda Minotto, uno dei volti noti del punto di emergenza dell&#8217;Agordino. <em>&#8220;Ognuno di noi\u00a0 ha messo un po&#8217; del suo nella realizzazione di questo Pronto Soccorso che quando sar\u00e0 terminato sar\u00e0 molto pi\u00f9 grande del precedente e consentir\u00e0 di fornire alla popolazione agordina una valida risposta in tema emergenza-urgenza e naturalmente sar\u00e0 in grado di accogliere anche i turisti&#8221;<\/em> Infatti, che l&#8217;ospedale sia un punto di forza dell&#8217;offerta turistica della vallata \u00e8 cosa nota, basta consultare i numeri<em> &#8220;Lo scorso anno nei mesi di gennaio e febbraio al Pronto Soccorso abbiamo registrato un migliaio di accessi in meno\u00a0 rispetto all&#8217;anno prima&#8221;<\/em><\/p>\n\n\t\t\t<style type='text\/css'>\n\t\t\t\t#gallery-1 {\n\t\t\t\t\tmargin: auto;\n\t\t\t\t}\n\t\t\t\t#gallery-1 .gallery-item {\n\t\t\t\t\tfloat: left;\n\t\t\t\t\tmargin-top: 10px;\n\t\t\t\t\ttext-align: center;\n\t\t\t\t\twidth: 20%;\n\t\t\t\t}\n\t\t\t\t#gallery-1 img {\n\t\t\t\t\tborder: 2px solid #cfcfcf;\n\t\t\t\t}\n\t\t\t\t#gallery-1 .gallery-caption {\n\t\t\t\t\tmargin-left: 0;\n\t\t\t\t}\n\t\t\t\t\/* see gallery_shortcode() in wp-includes\/media.php *\/\n\t\t\t<\/style>\n\t\t<div id='gallery-1' class='dt-gallery-container gallery galleryid-246098 gallery-columns-5 gallery-size-thumbnail'><dl class='gallery-item'>\n\t\t\t\t<dt class='gallery-icon landscape'>\n\t\t\t\t\t<a class=\"rollover\" href='https:\/\/www.radiopiu.net\/wordpress\/signore-e-signori-il-nuovo-pronto-soccorso-ad-agordo\/9acaf880-d820-4ab2-b4c4-5a1b2b61a9a9\/'><img loading=\"lazy\" decoding=\"async\" width=\"150\" height=\"150\" src=\"https:\/\/www.radiopiu.net\/wordpress\/wp-content\/uploads\/2021\/12\/9acaf880-d820-4ab2-b4c4-5a1b2b61a9a9-150x150.jpg\" class=\"attachment-thumbnail size-thumbnail\" alt=\"\" \/><\/a>\n\t\t\t\t<\/dt><\/dl><dl class='gallery-item'>\n\t\t\t\t<dt class='gallery-icon landscape'>\n\t\t\t\t\t<a class=\"rollover\" href='https:\/\/www.radiopiu.net\/wordpress\/signore-e-signori-il-nuovo-pronto-soccorso-ad-agordo\/99f3582f-4fe9-4450-beb4-64f2bce82c39\/'><img loading=\"lazy\" decoding=\"async\" width=\"150\" height=\"150\" src=\"https:\/\/www.radiopiu.net\/wordpress\/wp-content\/uploads\/2021\/12\/99f3582f-4fe9-4450-beb4-64f2bce82c39-150x150.jpg\" class=\"attachment-thumbnail size-thumbnail\" alt=\"\" \/><\/a>\n\t\t\t\t<\/dt><\/dl><dl class='gallery-item'>\n\t\t\t\t<dt class='gallery-icon landscape'>\n\t\t\t\t\t<a class=\"rollover\" href='https:\/\/www.radiopiu.net\/wordpress\/signore-e-signori-il-nuovo-pronto-soccorso-ad-agordo\/8f568359-8a83-4c65-9b4c-0a07a6bb821e\/'><img loading=\"lazy\" decoding=\"async\" width=\"150\" height=\"150\" src=\"https:\/\/www.radiopiu.net\/wordpress\/wp-content\/uploads\/2021\/12\/8f568359-8a83-4c65-9b4c-0a07a6bb821e-150x150.jpg\" class=\"attachment-thumbnail size-thumbnail\" alt=\"\" \/><\/a>\n\t\t\t\t<\/dt><\/dl><dl class='gallery-item'>\n\t\t\t\t<dt class='gallery-icon landscape'>\n\t\t\t\t\t<a class=\"rollover\" href='https:\/\/www.radiopiu.net\/wordpress\/signore-e-signori-il-nuovo-pronto-soccorso-ad-agordo\/37d7ab27-3137-4e9f-8df5-bdd87b721fe1\/'><img loading=\"lazy\" decoding=\"async\" width=\"150\" height=\"150\" src=\"https:\/\/www.radiopiu.net\/wordpress\/wp-content\/uploads\/2021\/12\/37d7ab27-3137-4e9f-8df5-bdd87b721fe1-150x150.jpg\" class=\"attachment-thumbnail size-thumbnail\" alt=\"\" \/><\/a>\n\t\t\t\t<\/dt><\/dl><dl class='gallery-item'>\n\t\t\t\t<dt class='gallery-icon landscape'>\n\t\t\t\t\t<a class=\"rollover\" href='https:\/\/www.radiopiu.net\/wordpress\/signore-e-signori-il-nuovo-pronto-soccorso-ad-agordo\/6f69016a-3721-4402-9800-ad94758c7da6\/'><img loading=\"lazy\" decoding=\"async\" width=\"150\" height=\"150\" src=\"https:\/\/www.radiopiu.net\/wordpress\/wp-content\/uploads\/2021\/12\/6f69016a-3721-4402-9800-ad94758c7da6-150x150.jpg\" class=\"attachment-thumbnail size-thumbnail\" alt=\"\" \/><\/a>\n\t\t\t\t<\/dt><\/dl><br style=\"clear: both\" \/><dl class='gallery-item'>\n\t\t\t\t<dt class='gallery-icon landscape'>\n\t\t\t\t\t<a class=\"rollover\" href='https:\/\/www.radiopiu.net\/wordpress\/signore-e-signori-il-nuovo-pronto-soccorso-ad-agordo\/7026bce8-6128-44fe-84a5-f8a6f2d7c2cd\/'><img loading=\"lazy\" decoding=\"async\" width=\"150\" height=\"150\" src=\"https:\/\/www.radiopiu.net\/wordpress\/wp-content\/uploads\/2021\/12\/7026bce8-6128-44fe-84a5-f8a6f2d7c2cd-150x150.jpg\" class=\"attachment-thumbnail size-thumbnail\" alt=\"\" \/><\/a>\n\t\t\t\t<\/dt><\/dl><dl class='gallery-item'>\n\t\t\t\t<dt class='gallery-icon landscape'>\n\t\t\t\t\t<a class=\"rollover\" href='https:\/\/www.radiopiu.net\/wordpress\/signore-e-signori-il-nuovo-pronto-soccorso-ad-agordo\/6d5a0557-df9a-4210-aa32-f987a68f1b97\/'><img loading=\"lazy\" decoding=\"async\" width=\"150\" height=\"150\" src=\"https:\/\/www.radiopiu.net\/wordpress\/wp-content\/uploads\/2021\/12\/6d5a0557-df9a-4210-aa32-f987a68f1b97-150x150.jpg\" class=\"attachment-thumbnail size-thumbnail\" alt=\"\" \/><\/a>\n\t\t\t\t<\/dt><\/dl><dl class='gallery-item'>\n\t\t\t\t<dt class='gallery-icon landscape'>\n\t\t\t\t\t<a class=\"rollover\" href='https:\/\/www.radiopiu.net\/wordpress\/signore-e-signori-il-nuovo-pronto-soccorso-ad-agordo\/6500cc70-c0aa-4ef4-8d01-d463c1352082\/'><img loading=\"lazy\" decoding=\"async\" width=\"150\" height=\"150\" src=\"https:\/\/www.radiopiu.net\/wordpress\/wp-content\/uploads\/2021\/12\/6500cc70-c0aa-4ef4-8d01-d463c1352082-150x150.jpg\" class=\"attachment-thumbnail size-thumbnail\" alt=\"\" \/><\/a>\n\t\t\t\t<\/dt><\/dl><dl class='gallery-item'>\n\t\t\t\t<dt class='gallery-icon landscape'>\n\t\t\t\t\t<a class=\"rollover\" href='https:\/\/www.radiopiu.net\/wordpress\/signore-e-signori-il-nuovo-pronto-soccorso-ad-agordo\/2aff9fab-9865-48cd-9958-65189594a063\/'><img loading=\"lazy\" decoding=\"async\" width=\"150\" height=\"150\" src=\"https:\/\/www.radiopiu.net\/wordpress\/wp-content\/uploads\/2021\/12\/2aff9fab-9865-48cd-9958-65189594a063-150x150.jpg\" class=\"attachment-thumbnail size-thumbnail\" alt=\"\" \/><\/a>\n\t\t\t\t<\/dt><\/dl><dl class='gallery-item'>\n\t\t\t\t<dt class='gallery-icon landscape'>\n\t\t\t\t\t<a class=\"rollover\" href='https:\/\/www.radiopiu.net\/wordpress\/signore-e-signori-il-nuovo-pronto-soccorso-ad-agordo\/a46d2c0a-e125-45d3-83eb-8296b8dcb7b7\/'><img loading=\"lazy\" decoding=\"async\" width=\"150\" height=\"150\" src=\"https:\/\/www.radiopiu.net\/wordpress\/wp-content\/uploads\/2021\/12\/a46d2c0a-e125-45d3-83eb-8296b8dcb7b7-150x150.jpg\" class=\"attachment-thumbnail size-thumbnail\" alt=\"\" \/><\/a>\n\t\t\t\t<\/dt><\/dl><br style=\"clear: both\" \/>\n\t\t\t<\/div>\n\n<blockquote><p><strong>Da Roma<\/strong> \u00e8 intervenuto anche il Deputato Roger De Menech, gi\u00e0 presidente del\u00a0 Fondo Comuni Confinanti &#8220;A distanza di anni dallo stanziamento delle risorse, finalmente cominciamo a vedere alcuni risultati.\u00a0 Il lavoro \u00e8 stato<em> \u00abinteramente finanziato con i Fondi di Confine. Ora speriamo che anche la Regione Veneto investa risorse proprie per il potenziamento dell\u2019ospedale di Agordo e di tutti i presidi sanitari della provincia di Belluno.\u00abSiamo in fase di pianificazione per i prossimi anni\u00bb, spiega il presidente del fondo Comuni Confinanti, Dario Bond. \u00abSono sicuro che anche nella prossima programmazione riusciremo a fare degli investimenti nel settore sanitario, auspicando che anche la Regione Veneto contribuisca\u00bb.\u00a0<\/em><\/p><\/blockquote>\n<p>&#8212;&#8212;&#8212;&#8212;&#8212;&#8212;&#8212;&#8212;&#8212;&#8211;<\/p>\n<p><strong>audio evento di questo mattina all&#8217;Ospedale di Agordo\u00a0<\/strong><\/p>\n<audio class=\"wp-audio-shortcode\" id=\"audio-246098-3\" preload=\"none\" style=\"width: 100%;\" controls=\"controls\"><source type=\"audio\/mpeg\" src=\"https:\/\/www.radiopiu.net\/wordpress\/wp-content\/uploads\/2021\/12\/Dal-nuovo-Pronto-Soccorso-Agordo.mp3?_=3\" \/><a href=\"https:\/\/www.radiopiu.net\/wordpress\/wp-content\/uploads\/2021\/12\/Dal-nuovo-Pronto-Soccorso-Agordo.mp3\">https:\/\/www.radiopiu.net\/wordpress\/wp-content\/uploads\/2021\/12\/Dal-nuovo-Pronto-Soccorso-Agordo.mp3<\/a><\/audio>\n<p>&nbsp;<\/p>\n<p><strong>LA DIRETTA SUI CANALI SOCIAL DI RADIO PIU<\/strong><\/p>\n<p><a href=\"https:\/\/www.facebook.com\/mirko.mezzacasa\/videos\/421094999659493\">https:\/\/www.facebook.com\/mirko.mezzacasa\/videos\/421094999659493<\/a><\/p>\n<p>&nbsp;<\/p>\n<p>&nbsp;<\/p>\n<p>&nbsp;<\/p>\n<hr \/>\n<p>&nbsp;<\/p>\n<blockquote>\n<h3>DAI SINDACI AGORDINI E DALL&#8217;UNIONE MONTANA AGORDINA IL GRAZIE AD ASCA<\/h3>\n<\/blockquote>\n<p><strong><a href=\"https:\/\/www.radiopiu.net\/wordpress\/asca-ricerca-personale-infermieristico\/asca-4\/\" rel=\"attachment wp-att-128881\"><img loading=\"lazy\" decoding=\"async\" class=\"size-medium wp-image-128881 alignleft\" src=\"https:\/\/www.radiopiu.net\/wordpress\/wp-content\/uploads\/2020\/04\/ASCA-300x165.png\" alt=\"\" width=\"300\" height=\"165\" srcset=\"https:\/\/www.radiopiu.net\/wordpress\/wp-content\/uploads\/2020\/04\/ASCA-300x165.png 300w, https:\/\/www.radiopiu.net\/wordpress\/wp-content\/uploads\/2020\/04\/ASCA-1024x565.png 1024w, https:\/\/www.radiopiu.net\/wordpress\/wp-content\/uploads\/2020\/04\/ASCA-768x424.png 768w, https:\/\/www.radiopiu.net\/wordpress\/wp-content\/uploads\/2020\/04\/ASCA.png 1211w\" sizes=\"auto, (max-width: 300px) 100vw, 300px\" \/><\/a>AGORDO<\/strong> Sindaci agordini e Unione Montana Agordina ringraziano ASCA per gli sforzi che sta facendo in questo momento delicato di pandemia ma non solo.<\/p>\n<p><strong>IL COMUNICATO DELL&#8217;UNIONE MONTANA AGORDINA E DEI SINDACI<\/strong><\/p>\n<blockquote><p><em>Gli effetti del Covid sta colpendo duro le nostre Comunit\u00e0 ed in particolare il settore sociale dei servizi verso gli anziani, in tutte le realt\u00e0 italiane. In Agordino invece che fare quadrato intorno alla propria realt\u00e0, si coglie l\u2019occasione per attaccare ASCA. Di fronte alle accuse di poca trasparenza e le critiche reiterate dal consigliere Selva Moretti, i Sindaci dell\u2019Agordino ringraziano e sostengono l\u2019Amministratore Unico Dottoressa Santin per il lavoro svolto in questi quattro anni e soprattutto in questo ultimo periodo. Pur tra le tante difficolt\u00e0, ASCA sta resistendo ed i Sindaci, con l\u2019Amministratore Unico, stanno affrontando il periodo guardando al futuro e a tutto quanto si pu\u00f2 fare per garantire un servizio fondamentale nel nostro territorio. Invito, ancora una volta, tutti a fare squadra per il bene delle nostre Comunit\u00e0.<\/em><\/p><\/blockquote>\n<p>&nbsp;<\/p>\n<p>&nbsp;<\/p>\n<hr \/>\n<p>&nbsp;<\/p>\n<blockquote>\n<h3 class=\"entry-title\">GESTIONE ASCA, CHISSALE\u2019 \u201cSELVA SI ERGE A PALADINO DEGLI OSPITI DELLA RSA, MA ANCHE NOI CI SIAMO MOSSI DA TEMPO\u201d<\/h3>\n<p><strong><img loading=\"lazy\" decoding=\"async\" class=\"alignleft\" src=\"https:\/\/www.radiopiu.net\/wordpress\/wp-content\/uploads\/2019\/04\/Agordo_Roberto-Chissal%C3%A8-300x300.png\" width=\"128\" height=\"128\" \/>AGORDO<\/strong> Continua il dibattito sulla questione Asca, scaturito dalle interrogazioni e riflessioni del gruppo di minoranza Agordo Cambia per voce di Paolo Selva Moretti. Il sindaco di Agordo, Roberto Chissal\u00e8 preannuncia che l&#8217;argomento sar\u00e0 tematica del consiglio comunale a margine dell&#8217;interrogazione presentata in questi giorni, ma nel frattempo il primo cittadino interviene sull&#8217;argomento a caldo.\u00a0 Risposte anche per il Presidente dell&#8217;Unione Montana, Michele Costa in merito alla &#8220;questione politica di Agordo&#8221;. <em>&#8220;E&#8217; una questione dell&#8217;intera vallata non di Agordo&#8221; rimarca Chissal\u00e8<\/em><\/p><\/blockquote>\n<p><strong>IL SINDACO ROBERTO CHISSALE&#8217;<\/strong><\/p>\n<audio class=\"wp-audio-shortcode\" id=\"audio-246098-4\" preload=\"none\" style=\"width: 100%;\" controls=\"controls\"><source type=\"audio\/mpeg\" src=\"https:\/\/www.radiopiu.net\/wordpress\/wp-content\/uploads\/2021\/12\/chissle-selva.mp3?_=4\" \/><a href=\"https:\/\/www.radiopiu.net\/wordpress\/wp-content\/uploads\/2021\/12\/chissle-selva.mp3\">https:\/\/www.radiopiu.net\/wordpress\/wp-content\/uploads\/2021\/12\/chissle-selva.mp3<\/a><\/audio>\n<p>&nbsp;<\/p>\n<p>&nbsp;<\/p>\n<p>&nbsp;<\/p>\n<hr \/>\n<p>&nbsp;<\/p>\n<blockquote>\n<h2>VACCINAZIONI 5-12 ANNI, DEFINITO IL CRONOPROGRAMMA PROSSIMAMENTE AL VIA ANCHE IN PROVINCIA<\/h2>\n<\/blockquote>\n<p><strong><img loading=\"lazy\" decoding=\"async\" class=\"alignleft\" src=\"https:\/\/www.radiopiu.net\/wordpress\/wp-content\/uploads\/2021\/12\/e1a03b37-1ba4-411f-848f-b9cfc4a2f428.jpg\" width=\"205\" height=\"115\" \/>BELLUNO<\/strong> Al via la vaccinazione volontaria per i pi\u00f9 giovani dai 5 ai 12 anni. Ne ha parlato stamane ad Agordo il direttore generale Maria Grazia Carraro. In aumento\u00a0 l prime dosi in provincia, ma l&#8217;invito alla prudenza \u00e8 quotidiano poich\u00e9 i casi di positivit\u00e0 e anche le ospedalizzazioni sono in aumento.\u00a0 Negli ultimi giorni sono stati registrati dei disagi ai punti tampone\u00a0 le risposte del direttore della Ulss1 Dolomiti<\/p>\n<p><strong>AUDIO<\/strong><\/p>\n<audio class=\"wp-audio-shortcode\" id=\"audio-246098-5\" preload=\"none\" style=\"width: 100%;\" controls=\"controls\"><source type=\"audio\/mpeg\" src=\"https:\/\/www.radiopiu.net\/wordpress\/wp-content\/uploads\/2021\/12\/CARRARO-INTERVISTA.mp3?_=5\" \/><a href=\"https:\/\/www.radiopiu.net\/wordpress\/wp-content\/uploads\/2021\/12\/CARRARO-INTERVISTA.mp3\">https:\/\/www.radiopiu.net\/wordpress\/wp-content\/uploads\/2021\/12\/CARRARO-INTERVISTA.mp3<\/a><\/audio>\n<p>&nbsp;<\/p>\n<p>&nbsp;<\/p>\n<p>&nbsp;<\/p>\n<hr \/>\n<h3><b>\u00a0\u00a0<\/b><\/h3>\n<blockquote>\n<h3>UNA GIORNATA &#8220;DOLCE&#8221; PER I DIPENDENTI LUXOTTICA<\/h3>\n<\/blockquote>\n<p><strong><a href=\"https:\/\/www.radiopiu.net\/wordpress\/una-giornata-dolce-per-i-dipendenti-luxottica\/schermata-2021-12-02-alle-15-54-05\/\" rel=\"attachment wp-att-246253\"><img loading=\"lazy\" decoding=\"async\" class=\"size-medium wp-image-246253 alignleft\" src=\"https:\/\/www.radiopiu.net\/wordpress\/wp-content\/uploads\/2021\/12\/Schermata-2021-12-02-alle-15.54.05-300x250.png\" alt=\"\" width=\"300\" height=\"250\" srcset=\"https:\/\/www.radiopiu.net\/wordpress\/wp-content\/uploads\/2021\/12\/Schermata-2021-12-02-alle-15.54.05-300x250.png 300w, https:\/\/www.radiopiu.net\/wordpress\/wp-content\/uploads\/2021\/12\/Schermata-2021-12-02-alle-15.54.05-768x641.png 768w, https:\/\/www.radiopiu.net\/wordpress\/wp-content\/uploads\/2021\/12\/Schermata-2021-12-02-alle-15.54.05.png 1014w\" sizes=\"auto, (max-width: 300px) 100vw, 300px\" \/><\/a> <\/strong><\/p>\n<p><strong>\u00a0<\/strong><strong>\u00a0<\/strong><strong>AGORDO<\/strong> La si pu\u00f2 definire &#8220;dolce&#8221; la giornata lavorativa per le maestranze Luxottica. Ieri, durante l&#8217;orario lavorativo, i preposti di tutti i reparti hanno avuto il compito di passare da ogni operaio per omaggiarlo di un dolcetto, anzi un cioccolatino fondente che \u00e8 stato gentilmente offerto dalla dirigenza. Un pensiero prenatalizio per ringraziare le maestranze per il loro impegno in questo ultimo periodo in cui i lavoratori sono stati chiamati a lavorare anche al sabato. Un gesto che \u00e8 stato apprezzato dagli operai.<\/p>\n<p>&nbsp;<\/p>\n<p>&nbsp;<\/p>\n<p>&nbsp;<\/p>\n<hr \/>\n<p>&nbsp;<\/p>\n<blockquote>\n<h3><b>ANAS: AL VIA LA SPERIMENTAZIONE DI PRIMA FASE DI UN &#8220;SEMAFORO SMART&#8221; LUNGO LA SS 51 \u201cDI ALEMAGNA\u201d A LONGARONE<\/b><\/h3>\n<\/blockquote>\n<p><strong><a href=\"https:\/\/www.radiopiu.net\/wordpress\/giornale-radiopiu-03-dicembre-2021-direttore-mirko-mezzacasa\/semaforo-connesso-alla-smart-road-ss51-2\/\" rel=\"attachment wp-att-246217\"><img loading=\"lazy\" decoding=\"async\" class=\" wp-image-246217 alignleft\" src=\"https:\/\/www.radiopiu.net\/wordpress\/wp-content\/uploads\/2021\/12\/Semaforo-connesso-alla-Smart-Road-SS51-2-146x300.jpg\" alt=\"\" width=\"119\" height=\"245\" srcset=\"https:\/\/www.radiopiu.net\/wordpress\/wp-content\/uploads\/2021\/12\/Semaforo-connesso-alla-Smart-Road-SS51-2-146x300.jpg 146w, https:\/\/www.radiopiu.net\/wordpress\/wp-content\/uploads\/2021\/12\/Semaforo-connesso-alla-Smart-Road-SS51-2-498x1024.jpg 498w, https:\/\/www.radiopiu.net\/wordpress\/wp-content\/uploads\/2021\/12\/Semaforo-connesso-alla-Smart-Road-SS51-2.jpg 688w\" sizes=\"auto, (max-width: 119px) 100vw, 119px\" \/><\/a>VENEZIA<\/strong>\u00a0Anas ha programmato per mercoled\u00ec 8 dicembre l\u2019avvio della sperimentazione di prima fase per la messa in funzione di un sistema di semafori automatizzati per la gestione delle code lungo la strada statale 51 \u201cdi Alemagna\u201d, la prima strada Anas a essere stata dotata di impianti Smart Road tra il comune di Ponte nelle Alpi e il passo Cimabanche.\u00a0\u00a0I primi test dal vero, che riguarderanno i flussi di traffico in direzione Longarone e saranno accompagnati da un presidio Anas sul posto per le verifiche del caso, monitoreranno il corretto dialogo tra le telecamere ad alta definizione della Smart Road, dotate di sofisticati software di individuazione delle condizioni di traffico, con i pannelli a messaggio variabile, i semafori ed i pannelli \u2018freccia\/croce\u2019 della galleria \u2018Termine\u2019.\u00a0 L\u2019utenza stradale sar\u00e0 avvertita mediante l\u2019attivazione di semafori e di pannelli a messaggio variabile (PMV), che indicheranno l\u2019entrata in vigore dell\u2019obbligo di rimanere sulla SS 51 per mantenere la fluidit\u00e0 del traffico al contempo regolamentando l\u2019ingresso in galleria in caso di congestione.\u00a0 Al riguardo il Prefetto di Belluno, Mariano Savastano, ha dichiarato:<em> \u201cChiediamo la collaborazione dell\u2019utenza per riuscire, insieme, ad apportare benefici e miglioramenti sia in termini di scorrevolezza sia per quanto concerne le condizioni di sicurezza dell\u2019Alemagna\u201d. <\/em>Il presidente della Provincia Roberto Padrin aggiunge <em>&#8220;\u201cAll\u2019approssimarsi dell\u2019avvio della stagione turistica invernale \u00a0abbiamo l\u2019obbligo di evitare i disservizi visti anche di recente sulla Alemagna. Mi auguro dunque che questa sperimentazione possa dimostrarsi efficace nello smaltimento del traffico.\u00a0<\/em><\/p>\n<p>&nbsp;<\/p>\n<p>&nbsp;<\/p>\n<hr \/>\n<p>&nbsp;<\/p>\n<blockquote class=\"wp-embedded-content\" data-secret=\"RQQWDXUvjz\"><p><a href=\"https:\/\/www.radiopiu.net\/wordpress\/aggiornamentonazdic02\/\">CORONAVIRUS: AGGIORNAMENTO NAZIONALE 02 DICEMBRE  2021<\/a><\/p><\/blockquote>\n<p><iframe loading=\"lazy\" class=\"wp-embedded-content\" sandbox=\"allow-scripts\" security=\"restricted\" style=\"position: absolute; clip: rect(1px, 1px, 1px, 1px);\" title=\"&#8220;CORONAVIRUS: AGGIORNAMENTO NAZIONALE 02 DICEMBRE  2021&#8221; &#8212; Radio Pi\u00f9\" src=\"https:\/\/www.radiopiu.net\/wordpress\/aggiornamentonazdic02\/embed\/#?secret=RQQWDXUvjz\" data-secret=\"RQQWDXUvjz\" width=\"600\" height=\"338\" frameborder=\"0\" marginwidth=\"0\" marginheight=\"0\" scrolling=\"no\"><\/iframe><\/p>\n<p>&nbsp;<\/p>\n<blockquote class=\"wp-embedded-content\" data-secret=\"MJSBn5FnxF\"><p><a href=\"https:\/\/www.radiopiu.net\/wordpress\/agg01dic2\/\">SONO 5 I PAZIENTI GRAVI IN PROVINCIA, 111 IN REGIONE,  ALLA SOGLIA DEI 3000 NUOVI CASI, 6 DECESSI<\/a><\/p><\/blockquote>\n<p><iframe loading=\"lazy\" class=\"wp-embedded-content\" sandbox=\"allow-scripts\" security=\"restricted\" style=\"position: absolute; clip: rect(1px, 1px, 1px, 1px);\" title=\"&#8220;SONO 5 I PAZIENTI GRAVI IN PROVINCIA, 111 IN REGIONE,  ALLA SOGLIA DEI 3000 NUOVI CASI, 6 DECESSI&#8221; &#8212; Radio Pi\u00f9\" src=\"https:\/\/www.radiopiu.net\/wordpress\/agg01dic2\/embed\/#?secret=MJSBn5FnxF\" data-secret=\"MJSBn5FnxF\" width=\"600\" height=\"338\" frameborder=\"0\" marginwidth=\"0\" marginheight=\"0\" scrolling=\"no\"><\/iframe><\/p>\n<h2>I GRAFICI DI TIZIANO DE COL<\/h2>\n\n\t\t\t<style type='text\/css'>\n\t\t\t\t#gallery-2 {\n\t\t\t\t\tmargin: auto;\n\t\t\t\t}\n\t\t\t\t#gallery-2 .gallery-item {\n\t\t\t\t\tfloat: left;\n\t\t\t\t\tmargin-top: 10px;\n\t\t\t\t\ttext-align: center;\n\t\t\t\t\twidth: 33%;\n\t\t\t\t}\n\t\t\t\t#gallery-2 img {\n\t\t\t\t\tborder: 2px solid #cfcfcf;\n\t\t\t\t}\n\t\t\t\t#gallery-2 .gallery-caption {\n\t\t\t\t\tmargin-left: 0;\n\t\t\t\t}\n\t\t\t\t\/* see gallery_shortcode() in wp-includes\/media.php *\/\n\t\t\t<\/style>\n\t\t<div id='gallery-2' class='dt-gallery-container gallery galleryid-246098 gallery-columns-3 gallery-size-medium'><dl class='gallery-item'>\n\t\t\t\t<dt class='gallery-icon landscape'>\n\t\t\t\t\t<a class=\"rollover rollover-zoom dt-pswp-item\" title=\"5f2041d6-c58d-4ef8-bf73-30fa5272d858\" data-dt-img-description=\"\" data-large_image_width=\"596\" data-large_image_height=\"360\"href='https:\/\/www.radiopiu.net\/wordpress\/wp-content\/uploads\/2021\/12\/5f2041d6-c58d-4ef8-bf73-30fa5272d858.jpg'><img loading=\"lazy\" decoding=\"async\" width=\"300\" height=\"181\" src=\"https:\/\/www.radiopiu.net\/wordpress\/wp-content\/uploads\/2021\/12\/5f2041d6-c58d-4ef8-bf73-30fa5272d858-300x181.jpg\" class=\"attachment-medium size-medium\" alt=\"\" srcset=\"https:\/\/www.radiopiu.net\/wordpress\/wp-content\/uploads\/2021\/12\/5f2041d6-c58d-4ef8-bf73-30fa5272d858-300x181.jpg 300w, https:\/\/www.radiopiu.net\/wordpress\/wp-content\/uploads\/2021\/12\/5f2041d6-c58d-4ef8-bf73-30fa5272d858.jpg 596w\" sizes=\"auto, (max-width: 300px) 100vw, 300px\" \/><\/a>\n\t\t\t\t<\/dt><\/dl><dl class='gallery-item'>\n\t\t\t\t<dt class='gallery-icon landscape'>\n\t\t\t\t\t<a class=\"rollover rollover-zoom dt-pswp-item\" title=\"d01dc3b2-e335-481b-94c2-ab3736f1ef5a\" data-dt-img-description=\"\" data-large_image_width=\"612\" data-large_image_height=\"379\"href='https:\/\/www.radiopiu.net\/wordpress\/wp-content\/uploads\/2021\/12\/d01dc3b2-e335-481b-94c2-ab3736f1ef5a.jpg'><img loading=\"lazy\" decoding=\"async\" width=\"300\" height=\"186\" src=\"https:\/\/www.radiopiu.net\/wordpress\/wp-content\/uploads\/2021\/12\/d01dc3b2-e335-481b-94c2-ab3736f1ef5a-300x186.jpg\" class=\"attachment-medium size-medium\" alt=\"\" srcset=\"https:\/\/www.radiopiu.net\/wordpress\/wp-content\/uploads\/2021\/12\/d01dc3b2-e335-481b-94c2-ab3736f1ef5a-300x186.jpg 300w, https:\/\/www.radiopiu.net\/wordpress\/wp-content\/uploads\/2021\/12\/d01dc3b2-e335-481b-94c2-ab3736f1ef5a.jpg 612w\" sizes=\"auto, (max-width: 300px) 100vw, 300px\" \/><\/a>\n\t\t\t\t<\/dt><\/dl><dl class='gallery-item'>\n\t\t\t\t<dt class='gallery-icon landscape'>\n\t\t\t\t\t<a class=\"rollover rollover-zoom dt-pswp-item\" title=\"e04cacc1-f240-473f-80a7-c45ec5651ecb\" data-dt-img-description=\"\" data-large_image_width=\"610\" data-large_image_height=\"359\"href='https:\/\/www.radiopiu.net\/wordpress\/wp-content\/uploads\/2021\/12\/e04cacc1-f240-473f-80a7-c45ec5651ecb.jpg'><img loading=\"lazy\" decoding=\"async\" width=\"300\" height=\"177\" src=\"https:\/\/www.radiopiu.net\/wordpress\/wp-content\/uploads\/2021\/12\/e04cacc1-f240-473f-80a7-c45ec5651ecb-300x177.jpg\" class=\"attachment-medium size-medium\" alt=\"\" srcset=\"https:\/\/www.radiopiu.net\/wordpress\/wp-content\/uploads\/2021\/12\/e04cacc1-f240-473f-80a7-c45ec5651ecb-300x177.jpg 300w, https:\/\/www.radiopiu.net\/wordpress\/wp-content\/uploads\/2021\/12\/e04cacc1-f240-473f-80a7-c45ec5651ecb.jpg 610w\" sizes=\"auto, (max-width: 300px) 100vw, 300px\" \/><\/a>\n\t\t\t\t<\/dt><\/dl><br style=\"clear: both\" \/><dl class='gallery-item'>\n\t\t\t\t<dt class='gallery-icon landscape'>\n\t\t\t\t\t<a class=\"rollover rollover-zoom dt-pswp-item\" title=\"2a9884e5-6fc5-4cd6-9cd7-fb202fdfece3\" data-dt-img-description=\"\" data-large_image_width=\"610\" data-large_image_height=\"351\"href='https:\/\/www.radiopiu.net\/wordpress\/wp-content\/uploads\/2021\/12\/2a9884e5-6fc5-4cd6-9cd7-fb202fdfece3.jpg'><img loading=\"lazy\" decoding=\"async\" width=\"300\" height=\"173\" src=\"https:\/\/www.radiopiu.net\/wordpress\/wp-content\/uploads\/2021\/12\/2a9884e5-6fc5-4cd6-9cd7-fb202fdfece3-300x173.jpg\" class=\"attachment-medium size-medium\" alt=\"\" srcset=\"https:\/\/www.radiopiu.net\/wordpress\/wp-content\/uploads\/2021\/12\/2a9884e5-6fc5-4cd6-9cd7-fb202fdfece3-300x173.jpg 300w, https:\/\/www.radiopiu.net\/wordpress\/wp-content\/uploads\/2021\/12\/2a9884e5-6fc5-4cd6-9cd7-fb202fdfece3.jpg 610w\" sizes=\"auto, (max-width: 300px) 100vw, 300px\" \/><\/a>\n\t\t\t\t<\/dt><\/dl><dl class='gallery-item'>\n\t\t\t\t<dt class='gallery-icon landscape'>\n\t\t\t\t\t<a class=\"rollover rollover-zoom dt-pswp-item\" title=\"6824e4a3-258e-4924-8242-875f3a54a7ea\" data-dt-img-description=\"\" data-large_image_width=\"616\" data-large_image_height=\"357\"href='https:\/\/www.radiopiu.net\/wordpress\/wp-content\/uploads\/2021\/12\/6824e4a3-258e-4924-8242-875f3a54a7ea.jpg'><img loading=\"lazy\" decoding=\"async\" width=\"300\" height=\"174\" src=\"https:\/\/www.radiopiu.net\/wordpress\/wp-content\/uploads\/2021\/12\/6824e4a3-258e-4924-8242-875f3a54a7ea-300x174.jpg\" class=\"attachment-medium size-medium\" alt=\"\" srcset=\"https:\/\/www.radiopiu.net\/wordpress\/wp-content\/uploads\/2021\/12\/6824e4a3-258e-4924-8242-875f3a54a7ea-300x174.jpg 300w, https:\/\/www.radiopiu.net\/wordpress\/wp-content\/uploads\/2021\/12\/6824e4a3-258e-4924-8242-875f3a54a7ea.jpg 616w\" sizes=\"auto, (max-width: 300px) 100vw, 300px\" \/><\/a>\n\t\t\t\t<\/dt><\/dl>\n\t\t\t\t<br style='clear: both' \/>\n\t\t\t<\/div>\n\n<p>&nbsp;<\/p>\n<hr \/>\n<p>&nbsp;<\/p>\n<blockquote>\n<h3>AGGIORNAMENTO COVID ULSS 1 DOLOMITI: 17 PAZIENTI RICOVERATI, 806 POSITIVI IN PROVINCIA<\/h3>\n<\/blockquote>\n<p><strong>BELLUNO<\/strong> Aggiornamento epidemiologico dell&#8217;Ulss 1 Dolomiti in provincia di Belluno.<\/p>\n<p><strong>EPIDEMIOLOGIA<\/strong><\/p>\n<table width=\"652\">\n<tbody>\n<tr>\n<td width=\"326\"><strong>ATTUALI POSITIVI<\/strong><\/td>\n<td width=\"326\"><strong>806<\/strong><\/td>\n<\/tr>\n<tr>\n<td width=\"326\"><strong>Persone in isolamento\/quarantena<\/strong><\/td>\n<td width=\"326\">1586<\/td>\n<\/tr>\n<\/tbody>\n<\/table>\n<p><strong>\u00a0<\/strong><\/p>\n<p><strong>RICOVERI (pazienti attualmente positivi):<\/strong><\/p>\n<table width=\"652\">\n<tbody>\n<tr>\n<td width=\"326\"><strong>Area<\/strong><\/td>\n<td width=\"326\"><strong>N pazienti ricoverati<\/strong><\/td>\n<\/tr>\n<tr>\n<td width=\"326\"><strong>Terapia Intensiva Belluno<\/strong><\/td>\n<td width=\"326\">4<\/td>\n<\/tr>\n<tr>\n<td width=\"326\"><strong>Area non critica Belluno<\/strong><\/td>\n<td width=\"326\"><strong>10<\/strong><\/td>\n<\/tr>\n<tr>\n<td width=\"326\"><strong>Ospedale di Comunit\u00e0 Feltre<\/strong><\/td>\n<td width=\"326\"><strong>3<\/strong><\/td>\n<\/tr>\n<\/tbody>\n<\/table>\n<p>&nbsp;<\/p>\n<p><strong>\u00a0<\/strong><\/p>\n<p>CAMPAGNA VACCINALE: Totale dosi somministrate: 318.577, 84,8% \u2013 154.662 persone vaccinate con primo ciclo, 83,4% &#8211; 152.112 persone con ciclo completo, 30.331 terze dosi gi\u00e0 somministrate, 60% degli over 80 eleggibili gi\u00e0 vaccinati.<\/p>\n<p>&nbsp;<\/p>\n<p>&nbsp;<\/p>\n<hr \/>\n<p>&nbsp;<\/p>\n<blockquote>\n<h3>FARSI TAMPONARE PUO&#8217; DIVENTARE UN&#8217;IMPRESA ANCHE PER IL TURISTA<\/h3>\n<\/blockquote>\n<p><strong><a href=\"https:\/\/www.radiopiu.net\/wordpress\/tampone-drive-in-a-feltre-per-chi-rientra-da-spagna-croazia-grecia-o-malta\/tampone\/\" rel=\"attachment wp-att-155278\"><img loading=\"lazy\" decoding=\"async\" class=\"size-medium wp-image-155278 alignleft\" src=\"https:\/\/www.radiopiu.net\/wordpress\/wp-content\/uploads\/2020\/08\/TAMPONE-300x200.jpg\" alt=\"\" width=\"300\" height=\"200\" srcset=\"https:\/\/www.radiopiu.net\/wordpress\/wp-content\/uploads\/2020\/08\/TAMPONE-300x200.jpg 300w, https:\/\/www.radiopiu.net\/wordpress\/wp-content\/uploads\/2020\/08\/TAMPONE-1024x683.jpg 1024w, https:\/\/www.radiopiu.net\/wordpress\/wp-content\/uploads\/2020\/08\/TAMPONE-768x512.jpg 768w, https:\/\/www.radiopiu.net\/wordpress\/wp-content\/uploads\/2020\/08\/TAMPONE-1536x1024.jpg 1536w, https:\/\/www.radiopiu.net\/wordpress\/wp-content\/uploads\/2020\/08\/TAMPONE.jpg 1920w\" sizes=\"auto, (max-width: 300px) 100vw, 300px\" \/><\/a>REDAZIONE\u00a0<\/strong> Ieri ai Drive-in il cartello esaurito:\u00a0 ad Agordo, Tai di Cadore e Feltre. Oggi la disponibilit\u00e0 per una prenotazione del tampone al Drive-in Paludi \u00e8 di 4 giorni, tra una settimana\u00a0 tra il 10 e il 18 dicembre,\u00a0 dalle 17 in poi, su tutti gli altri giorni la crocetta rossa.<br \/>\n<em>&#8220;Ho sentito sostenere &#8211; ci scrive un nostro ascoltatore &#8211; che i tamponi si possono fare, magari un po&#8217; pi\u00f9 lontano dalla residenza.\u00a0 Il Drive-in Paludi in Alpago \u00e8 distante mediamente dai Comuni agordini un centinaio di chilometri tra andata e ritorno,\u00a0 che non \u00e8 la strada dell&#8217;orto tantomeno in questa stagione&#8221;. <\/em>Abbiamo posto l&#8217;interrogativo alla dottoressa Maria Grazia Carraro, direttore dell&#8217;Ulss1: <em>&#8220;Noi stiamo potenziando l&#8217;attivit\u00e0 delle vaccinazione, questa \u00e8 la priorit\u00e0 delle priorit\u00e0. Si \u00e8 ridotta la richiesta di tamponi e abbiamo rimodulato alcune opzioni. Nel nostro territorio ci sono le Farmacie territoriale, presidio importantissimo che ringrazio e stanno dando una gran mano a chi ha bisogno del green pass&#8221;. <\/em>Fortuna che ci sono le Farmacie \u00e8 una verit\u00e0 come risulter\u00e0 difficile smentire che solo le Farmacie non possono fare l&#8217;impossibile quando la richiesta di tamponi moltiplica con l&#8217;introduzione del green pass sui mezzi pubblici dai 12 anni in su. <em>&#8220;Senza il supporto dei Drive in o comunque di altri punti tampone Ulss &#8211; dice un nostro lettore &#8211; una quota di persone (adulti e ragazzi) rester\u00e0 senza tampone e non andr\u00e0 al lavoro o a scuola. Una domanda: cosa si far\u00e0 con i turisti (un tampone ogni 2 giorni) se non si riesce nemmeno a soddisfare le esigenze dei valligiani?&#8221;\u00a0<\/em><\/p>\n<p>&nbsp;<\/p>\n\n\t\t\t<style type='text\/css'>\n\t\t\t\t#gallery-3 {\n\t\t\t\t\tmargin: auto;\n\t\t\t\t}\n\t\t\t\t#gallery-3 .gallery-item {\n\t\t\t\t\tfloat: left;\n\t\t\t\t\tmargin-top: 10px;\n\t\t\t\t\ttext-align: center;\n\t\t\t\t\twidth: 50%;\n\t\t\t\t}\n\t\t\t\t#gallery-3 img {\n\t\t\t\t\tborder: 2px solid #cfcfcf;\n\t\t\t\t}\n\t\t\t\t#gallery-3 .gallery-caption {\n\t\t\t\t\tmargin-left: 0;\n\t\t\t\t}\n\t\t\t\t\/* see gallery_shortcode() in wp-includes\/media.php *\/\n\t\t\t<\/style>\n\t\t<div id='gallery-3' class='dt-gallery-container gallery galleryid-246098 gallery-columns-2 gallery-size-medium'><dl class='gallery-item'>\n\t\t\t\t<dt class='gallery-icon portrait'>\n\t\t\t\t\t<a class=\"rollover rollover-zoom dt-pswp-item\" title=\"cb22d0f8-b970-4e6d-a584-6256e5ddf650\" data-dt-img-description=\"\" data-large_image_width=\"720\" data-large_image_height=\"1221\"href='https:\/\/www.radiopiu.net\/wordpress\/wp-content\/uploads\/2021\/12\/cb22d0f8-b970-4e6d-a584-6256e5ddf650.jpg'><img loading=\"lazy\" decoding=\"async\" width=\"177\" height=\"300\" src=\"https:\/\/www.radiopiu.net\/wordpress\/wp-content\/uploads\/2021\/12\/cb22d0f8-b970-4e6d-a584-6256e5ddf650-177x300.jpg\" class=\"attachment-medium size-medium\" alt=\"\" srcset=\"https:\/\/www.radiopiu.net\/wordpress\/wp-content\/uploads\/2021\/12\/cb22d0f8-b970-4e6d-a584-6256e5ddf650-177x300.jpg 177w, https:\/\/www.radiopiu.net\/wordpress\/wp-content\/uploads\/2021\/12\/cb22d0f8-b970-4e6d-a584-6256e5ddf650-604x1024.jpg 604w, https:\/\/www.radiopiu.net\/wordpress\/wp-content\/uploads\/2021\/12\/cb22d0f8-b970-4e6d-a584-6256e5ddf650.jpg 720w\" sizes=\"auto, (max-width: 177px) 100vw, 177px\" \/><\/a>\n\t\t\t\t<\/dt><\/dl><dl class='gallery-item'>\n\t\t\t\t<dt class='gallery-icon portrait'>\n\t\t\t\t\t<a class=\"rollover rollover-zoom dt-pswp-item\" title=\"710f30c3-d41d-44c1-9394-9fa7d6732794\" data-dt-img-description=\"\" data-large_image_width=\"720\" data-large_image_height=\"1157\"href='https:\/\/www.radiopiu.net\/wordpress\/wp-content\/uploads\/2021\/12\/710f30c3-d41d-44c1-9394-9fa7d6732794.jpg'><img loading=\"lazy\" decoding=\"async\" width=\"187\" height=\"300\" src=\"https:\/\/www.radiopiu.net\/wordpress\/wp-content\/uploads\/2021\/12\/710f30c3-d41d-44c1-9394-9fa7d6732794-187x300.jpg\" class=\"attachment-medium size-medium\" alt=\"\" srcset=\"https:\/\/www.radiopiu.net\/wordpress\/wp-content\/uploads\/2021\/12\/710f30c3-d41d-44c1-9394-9fa7d6732794-187x300.jpg 187w, https:\/\/www.radiopiu.net\/wordpress\/wp-content\/uploads\/2021\/12\/710f30c3-d41d-44c1-9394-9fa7d6732794-637x1024.jpg 637w, https:\/\/www.radiopiu.net\/wordpress\/wp-content\/uploads\/2021\/12\/710f30c3-d41d-44c1-9394-9fa7d6732794.jpg 720w\" sizes=\"auto, (max-width: 187px) 100vw, 187px\" \/><\/a>\n\t\t\t\t<\/dt><\/dl><br style=\"clear: both\" \/>\n\t\t\t<\/div>\n\n<p>&nbsp;<\/p>\n<hr \/>\n<p>&nbsp;<\/p>\n<blockquote>\n<h3>IDEAL STANDARD. PRIMO TAVOLO DI MONITORAGGIO PER SOLUZIONE INDUSTRIALE E SALVAGUARDIA OCCUPAZIONALE<\/h3>\n<\/blockquote>\n<p><strong><a href=\"https:\/\/www.radiopiu.net\/wordpress\/giornale-radiopiu-23-01-2018-direttore-mirko-mezzacasa\/idealstandard_print\/\" rel=\"attachment wp-att-42229\"><img loading=\"lazy\" decoding=\"async\" class=\"size-full wp-image-42229 alignleft\" src=\"https:\/\/www.radiopiu.net\/wordpress\/wp-content\/uploads\/2018\/01\/IdealStandard_print.gif\" alt=\"\" width=\"198\" height=\"150\" \/><\/a>VENEZIA <\/strong>Si \u00e8 svolto ieri, d\u2019intesa con il MISE, il primo tavolo regionale di monitoraggio dello stato di avanzamento delle azioni poste in essere per ricercare una soluzione industriale, con salvaguardia dei livelli occupazionali, per il sito Ideal Standard di Borgo Valbelluna. Alla riunione, presieduta dall\u2019Assessore regionale Elena Donazzan, assistita dall\u2019Unit\u00e0 di crisi aziendali di Veneto Lavoro, hanno partecipato i rappresentanti di Ideal Standard, dell\u2019Advisor Sernet SpA, di Confindustria Belluno, delle segreterie territoriali di Filctem-Cgil, Femca-Cisl, Uiltec-Uil, unitamente alle RSU, del Ministero dello sviluppo economico e di Invitalia. Durante l\u2019incontro sono state presentate le modalit\u00e0 di ricerca, analisi e valutazione delle manifestazioni di interesse all\u2019acquisizione del sito bellunese. Al fine della buona riuscita dell\u2019operazione di reindustrializzazione del sito, \u00e8 stata inoltre confermata l\u2019opportunit\u00e0 e la necessit\u00e0 di uno stretto raccordo tra le Parti attraverso: contatti diretti tra le stesse in considerazione dell\u2019evoluzione della ricerca e delle esigenze che potranno emergere; la convocazione bisettimanale del tavolo regionale di monitoraggio e il supporto del Mise, per il tramite di Invitalia, all\u2019azione svolta da Sernet. In fase di confronto \u00e8 emerso che in questi primi giorni di piena operativit\u00e0 dell\u2019accordo sottoscritto tra le Parti sono gi\u00e0 pervenute sul tavolo dell\u2019Advisor varie manifestazioni di interesse informali al sito trichianese da parte di soggetti industriali nazionali e internazionali. \u201cL\u2019incontro odierno \u2013 commenta l\u2019Assessore Donazzan \u2013 \u00e8 stato incentrato sull\u2019approfondimento degli aspetti tecnici e operativi messi in campo dall\u2019Advisor, individuato da Ideal Standard. Abbiamo apprezzato la concretezza della presentazione illustrata da Sernet, della cui professionalit\u00e0 abbiamo gi\u00e0 avuto prova in altri percorsi di reindustrializzazione sostenuti in Veneto, quale il caso Indesit di Refrontolo (TV). Il percorso da fare assieme \u00e8 ancora lungo e articolato, ma le premesse per delle buone prospettive ci sono.\u201d\u00a0 Il prossimo tavolo regionale di monitoraggio \u00e8 stato calendarizzato per mercoled\u00ec 15 dicembre alle ore 11.30.<\/p>\n<p>&nbsp;<\/p>\n<p>&nbsp;<\/p>\n<hr \/>\n<p>&nbsp;<\/p>\n<blockquote>\n<h3>SICUREZZA CERCASI, ADDAMIANO CHIEDE LA CONVOCAZIONE DELLA COMMISSIONE PERMANENTE<\/h3>\n<\/blockquote>\n<p><strong><img loading=\"lazy\" decoding=\"async\" class=\"alignleft\" src=\"https:\/\/www.radiopiu.net\/wordpress\/wp-content\/uploads\/2021\/11\/QUESTURA-BELLUNO.png\" width=\"272\" height=\"197\" \/>BELLUNO<\/strong>\u00a0 Belluno isola felice? Una volta forse si, dagli ultimi dati dalla\u00a0 Sapienza di Roma sicuramente no. Dal 19\u00b0 al 41\u00b0 posto nella classifica delle citt\u00e0 italiane per qualit\u00e0 della vita,\u00a0 \u201966\u00aa posizione per furti in abitazione con 285 denunce complessive, \u00a0100^ per\u00a0 furti in esercizi commerciali con 59\u00a0 ricorsi alla Polizia Giudiziaria. \u00a0Per il consigliere Raffele Addamiano e il collega Andrea Stella \u00e8 arrivato il momento di mettersi al tavolo per sviscerare la problematica\u00a0 con la I Commissione. Oggi pi\u00f9 che mai perch\u00e9<b><\/b> nelle ultime settimane la Citt\u00e0 di Belluno \u00e8 stata\u00a0 teatro di una serie di furti in abitazione\u00a0 a Castion o a Madeago soprattutto. <em>&#8220;Con l\u2019approssimarsi del Natale e, quindi, con un probabile aumento di presenze di persone nel Capoluogo &#8211; spiega il consigliere Addamiano &#8211; unito a una maggiore circolazione di denaro, ritengo opportuno e necessario un incontro tra i Consiglieri concernente la sicurezza di Belluno&#8221;<\/em><\/p>\n<p>&nbsp;<\/p>\n<p>&nbsp;<\/p>\n<hr \/>\n<p>&nbsp;<\/p>\n<h2>STOP AI CIBI PRECOTTI, NELLE SCUOLE SI RIPORTINO I PRODOTTI LOCALI<\/h2>\n<blockquote>\n<h3><em> la qualit\u00e0 dei pasti forniti ai bambini nelle scuole materne e dove c\u2019\u00e8 il tempo prolungato, in alcuni casi \u00e8 peggiorata con gli anni. Se prima c\u2019erano cuoche e cuochi che cucinavano e apparecchiavano, oggi i bambini si vedono recapitare un vassoio di plastica di cibi precotti. Anche le posate sono di plastica e spesso mancano locali adeguati dove consumare i pasti costringendo gli studenti a mangiare sul banco dove fanno lezione. A pi\u00f9 riprese i genitori si sono giustamente lamentati ma nell\u2019ultimo decennio la scelta \u00e8 stata di fatto obbligata dalle restrizioni di bilancio.\u00a0<\/em><\/h3>\n<\/blockquote>\n<p><strong><a href=\"https:\/\/www.radiopiu.net\/wordpress\/giornale-radiopiu-03-dicembre-2021-direttore-mirko-mezzacasa\/lunch-957780__340\/\" rel=\"attachment wp-att-246173\"><img loading=\"lazy\" decoding=\"async\" class=\"size-medium wp-image-246173 alignleft\" src=\"https:\/\/www.radiopiu.net\/wordpress\/wp-content\/uploads\/2021\/12\/lunch-957780__340-300x200.jpg\" alt=\"\" width=\"300\" height=\"200\" srcset=\"https:\/\/www.radiopiu.net\/wordpress\/wp-content\/uploads\/2021\/12\/lunch-957780__340-300x200.jpg 300w, https:\/\/www.radiopiu.net\/wordpress\/wp-content\/uploads\/2021\/12\/lunch-957780__340.jpg 510w\" sizes=\"auto, (max-width: 300px) 100vw, 300px\" \/><\/a>ROMA<\/strong>\u00a0 <em>\u00abIl Pnrr pu\u00f2 diventare la grande occasione per rivedere completamente il servizio pasti nelle scuole&#8221;.\u00a0 <\/em>Il deputato bellunese del partito democratico, Roger De Menech, legge con attenzione la disponibilit\u00e0 di risorse economiche messa a disposizione dall\u2019Europa sulle scuole con il Piano nazionale di ripresa e resilienza.<em>\u00a0<\/em>In totale ci saranno 17,59 miliardi, di cui 5,2 gi\u00e0 dal prossimo anno per costruire nuove scuole, asili nido e scuole per l\u2019infanzia, il potenziamento delle mense scolastiche, l\u2019aumento dell\u2019offerta di attivit\u00e0 sportive con la previsione di costruire nuove palestre o la riqualificazione di quelle esistenti e infine la messa in sicurezza e riqualificazione degli edifici scolastici. Al Veneto dovrebbero arrivare 308 milioni della prima tranche, di cui 143,5 per nuovi asili, 53,4 per l\u2019efficienza energetica degli edifici, 41,9 per nuove scuole per l\u2019infanzia, 17,5 destinati alle mense, 13,7 per nuove palestre e 37,9 per l\u2019adeguamento alle normative di sicurezza.<\/p>\n<p>ROGER DE MENECH<\/p>\n<div style=\"width: 848px;\" class=\"wp-video\"><video class=\"wp-video-shortcode\" id=\"video-246098-1\" width=\"848\" height=\"480\" preload=\"metadata\" controls=\"controls\"><source type=\"video\/mp4\" src=\"https:\/\/www.radiopiu.net\/wordpress\/wp-content\/uploads\/2021\/12\/WhatsApp-Video-2021-12-02-at-12.25.13.mp4?_=1\" \/><a href=\"https:\/\/www.radiopiu.net\/wordpress\/wp-content\/uploads\/2021\/12\/WhatsApp-Video-2021-12-02-at-12.25.13.mp4\">https:\/\/www.radiopiu.net\/wordpress\/wp-content\/uploads\/2021\/12\/WhatsApp-Video-2021-12-02-at-12.25.13.mp4<\/a><\/video><\/div>\n<p>&nbsp;<\/p>\n<p>&nbsp;<\/p>\n<blockquote>\n<h3>&#8220;MENSE CON PRODOTTI LOCALI? SI COPI DA CALALZO&#8221; DE CARLO RISPONDE A DE MENECH<\/h3>\n<\/blockquote>\n<p><strong>ROMA<\/strong> Il senatore di Fratelli d\u2019Italia Luca De\u00a0<em> \u201cA Calalzo gi\u00e0 da tempo serviamo prodotti biologici del territorio ai bambini delle nostre scuole, con prezzi ridottissimi per le famiglie. \u00c8 un metodo che si pu\u00f2 esportare anche in altre realt\u00e0: confrontiamoci tutti insieme per studiare incentivi e sostegni per i comuni che vogliono intraprendere questa strada&#8221;.<\/em><\/p>\n<p>&nbsp;<\/p>\n<p>&nbsp;<\/p>\n<hr \/>\n<p>&nbsp;<\/p>\n<blockquote>\n<h3>SANITA&#8217; &#8220;PREMIARE MEDICI E INFERMIERI, SONO STATI GLI EROI DELLA PANDEMIA<\/h3>\n<\/blockquote>\n<p><strong>ROMA\u00a0<\/strong> <em>\u201cTogliere il tetto di spesa sul personale della sanit\u00e0 pu\u00f2 e deve essere il segnale concreto di vicinanza a chi ha lavorato e sta lavorando per farci uscire dalla pandemia\u201d.<\/em> Cos\u00ec in una nota il deputato Dario Bond, relativamente alla manovra di bilancio.<br \/>\n<em>\u201cIn finanziaria bisogna avere un occhio di riguardo per la sanit\u00e0, e non solo con l\u2019incremento del Fondo sanitario nazionale. Nei pronto soccorso e negli ospedali italiani c\u2019\u00e8 ancora grande sofferenza, perch\u00e9 il personale medico e gli infermieri sono allo stremo delle forze, a due anni quasi dall\u2019inizio della pandemia. \u00c8 giusto premiare questi professionisti,\u00a0 il modo migliore per farlo, rendendo la sanit\u00e0 appetibile a futuri medici e futuri infermieri, \u00e8 operare togliendo il tetto di spesa sul personale\u201d.<\/em><\/p>\n<p>&nbsp;<\/p>\n<p>&nbsp;<\/p>\n<hr \/>\n<p>&nbsp;<\/p>\n<blockquote>\n<h3><strong style=\"font-size: 14px;\">\u201cANDRATUTTOBENE\u201d.\u00a0 <\/strong><strong style=\"font-size: 14px;\">NEL CHIOSTRO M9 DI MESTRE L&#8217;INAUGURAZIONE DELLA MOSTRA CON I DISEGNI REALIZZATI DAI BAMBINI DURANTE LA PANDEMIA<\/strong><\/h3>\n<\/blockquote>\n<p><strong>VENEZIA\u00a0 <\/strong>Oggi alle 11 nel Chiostro M9, in via Poerio a Mestre, il Presidente della Regione del Veneto, Luca Zaia, inaugurer\u00e0 la mostra \u201cAndr\u00e0TuttoBene\u201d, allestita con i disegni e le opere realizzate dai bambini veneti in questi mesi di pandemia, in particolare nel lockdown del 2020. L\u2019esposizione &#8211; realizzata dal Teatro Stabile del Veneto &#8211; comprende anche una sezione in cui sono raccolte le fotografie realizzate da Marco Milillo tra il personale medico, i malati, i reparti in cui il coronavirus \u00e8 stato combattuto e gestito. Reduce dal grande successo a Padova, l\u2019esposizione rimarr\u00e0 aperta a Mestre fino al 22 dicembre.\u00a0 A gennaio la mostra sar\u00e0 allestita anche a Belluno.<\/p>\n<p>&nbsp;<\/p>\n<p>&nbsp;<\/p>\n<hr \/>\n<p>&nbsp;<\/p>\n<blockquote>\n<h3>OSPEDALE DI AURONZO, LE MODIFICHE DEGLI ORARI<\/h3>\n<\/blockquote>\n<p><strong>AURONZO<\/strong>\u00a0 L\u2019Ufficio sar\u00e0 aperto all\u2019utenza il mercoled\u00ec pomeriggio dalle 14.00 alle 17.00 invece che il marted\u00ec per allinearsi con l\u2019attivit\u00e0 dell\u2019ambulatorio ortopedico e migliorare i servizi ai cittadini. L\u2019orario cassa, quindi, seguir\u00e0 i seguenti orari: \u00a0Luned\u00ec e venerdi 7:30-14 \u2981 Marted\u00ec 07:30 &#8211; 13\u00a0 \u2981 Mercoled\u00ec\u00a0 e giovedi 7:30 &#8211; 13 e 14 -17. Dal lunedi al venerdi dalle 11 alle 13\u00a0 il ritiro degli esami di laboratorio. Gli orari dell&#8217;anagrafe sanitaria: \u00a0luned\u00ec al venerd\u00ec dalle 10 alle 13<\/p>\n<div dir=\"auto\"><\/div>\n<div dir=\"auto\"><\/div>\n<hr \/>\n<blockquote>\n<h3><\/h3>\n<h3>NATALE 2021, DA SABATO VIA A MERCATINI E EVENTI A BELLUNO<\/h3>\n<\/blockquote>\n<p><strong><a href=\"https:\/\/www.radiopiu.net\/wordpress\/longarone-e-il-vajont-nel-registro-internazionale-memorie-del-mondo\/th-263\/\" rel=\"attachment wp-att-246314\"><img loading=\"lazy\" decoding=\"async\" class=\" wp-image-246314 alignleft\" src=\"https:\/\/www.radiopiu.net\/wordpress\/wp-content\/uploads\/2021\/12\/th-300x154.jpg\" alt=\"\" width=\"214\" height=\"110\" srcset=\"https:\/\/www.radiopiu.net\/wordpress\/wp-content\/uploads\/2021\/12\/th-300x154.jpg 300w, https:\/\/www.radiopiu.net\/wordpress\/wp-content\/uploads\/2021\/12\/th.jpg 363w\" sizes=\"auto, (max-width: 214px) 100vw, 214px\" \/><\/a>BELLUNO\u00a0 <\/strong>Manca poco all&#8217;apertura ufficiale del Natale 2021 del capoluogo: sabato apriranno i mercatini gestiti da Coldiretti Belluno e nel fine settimana via anche alla pista da ghiaccio in Piazza Duomo. La presentazione delle iniziative questa mattina a Palazzo Rosso, alla presenza del Sindaco di Belluno Jacopo Massaro, dell&#8217;assessora agli eventi Yuki d&#8217;Emilia e del vice-direttore di Coldiretti Belluno Michele Nenz.<\/p>\n<p><strong>IL SINDACO DI BELLUNO JACOPO MASSARO<\/strong><\/p>\n<audio class=\"wp-audio-shortcode\" id=\"audio-246098-6\" preload=\"none\" style=\"width: 100%;\" controls=\"controls\"><source type=\"audio\/mpeg\" src=\"https:\/\/www.radiopiu.net\/wordpress\/wp-content\/uploads\/2021\/12\/Jacopo-Massaro-Sindaco-di-Belluno-Natale-2021-Belluno.mp3?_=6\" \/><a href=\"https:\/\/www.radiopiu.net\/wordpress\/wp-content\/uploads\/2021\/12\/Jacopo-Massaro-Sindaco-di-Belluno-Natale-2021-Belluno.mp3\">https:\/\/www.radiopiu.net\/wordpress\/wp-content\/uploads\/2021\/12\/Jacopo-Massaro-Sindaco-di-Belluno-Natale-2021-Belluno.mp3<\/a><\/audio>\n<p>&nbsp;<\/p>\n<p><strong>MICHELE NENZ, VICEDIRETTORE COLDIRETTI BELLUNO<\/strong><\/p>\n<audio class=\"wp-audio-shortcode\" id=\"audio-246098-7\" preload=\"none\" style=\"width: 100%;\" controls=\"controls\"><source type=\"audio\/mpeg\" src=\"https:\/\/www.radiopiu.net\/wordpress\/wp-content\/uploads\/2021\/12\/Michele-Nenz-Vicedirettore-Coldiretti-Belluno-Natale-2021-Belluno.mp3?_=7\" \/><a href=\"https:\/\/www.radiopiu.net\/wordpress\/wp-content\/uploads\/2021\/12\/Michele-Nenz-Vicedirettore-Coldiretti-Belluno-Natale-2021-Belluno.mp3\">https:\/\/www.radiopiu.net\/wordpress\/wp-content\/uploads\/2021\/12\/Michele-Nenz-Vicedirettore-Coldiretti-Belluno-Natale-2021-Belluno.mp3<\/a><\/audio>\n<p>&nbsp;<\/p>\n<p><strong>YUKI D&#8217;EMILIA, ASSESSORE\u00a0 AGLI EVENTI DEL COMUNE DI BELLUNO<\/strong><\/p>\n<audio class=\"wp-audio-shortcode\" id=\"audio-246098-8\" preload=\"none\" style=\"width: 100%;\" controls=\"controls\"><source type=\"audio\/mpeg\" src=\"https:\/\/www.radiopiu.net\/wordpress\/wp-content\/uploads\/2021\/12\/Yuki-dEmilia-Assessora-eventi-e-manifestazioni-Natale-2021-Belluno.mp3?_=8\" \/><a href=\"https:\/\/www.radiopiu.net\/wordpress\/wp-content\/uploads\/2021\/12\/Yuki-dEmilia-Assessora-eventi-e-manifestazioni-Natale-2021-Belluno.mp3\">https:\/\/www.radiopiu.net\/wordpress\/wp-content\/uploads\/2021\/12\/Yuki-dEmilia-Assessora-eventi-e-manifestazioni-Natale-2021-Belluno.mp3<\/a><\/audio>\n<p>&nbsp;<\/p>\n<div dir=\"auto\">\n<hr \/>\n<\/div>\n<blockquote>\n<h3 dir=\"auto\"><\/h3>\n<h3 dir=\"auto\">NATALE DI EVENTI TRA ARTE, TIPICITA&#8217; E TRADIZIONI<\/h3>\n<\/blockquote>\n<div dir=\"auto\"><strong><a href=\"https:\/\/www.radiopiu.net\/wordpress\/natale-di-eventi-tra-arte-tipicita-e-tradizioni\/natale_a_ponte_2020\/\" rel=\"attachment wp-att-246160\"><img loading=\"lazy\" decoding=\"async\" class=\"size-medium wp-image-246160 alignleft\" src=\"https:\/\/www.radiopiu.net\/wordpress\/wp-content\/uploads\/2021\/12\/Natale_a_Ponte_2020-300x225.jpg\" alt=\"\" width=\"300\" height=\"225\" srcset=\"https:\/\/www.radiopiu.net\/wordpress\/wp-content\/uploads\/2021\/12\/Natale_a_Ponte_2020-300x225.jpg 300w, https:\/\/www.radiopiu.net\/wordpress\/wp-content\/uploads\/2021\/12\/Natale_a_Ponte_2020-1024x768.jpg 1024w, https:\/\/www.radiopiu.net\/wordpress\/wp-content\/uploads\/2021\/12\/Natale_a_Ponte_2020-768x576.jpg 768w, https:\/\/www.radiopiu.net\/wordpress\/wp-content\/uploads\/2021\/12\/Natale_a_Ponte_2020-1536x1152.jpg 1536w, https:\/\/www.radiopiu.net\/wordpress\/wp-content\/uploads\/2021\/12\/Natale_a_Ponte_2020.jpg 1600w\" sizes=\"auto, (max-width: 300px) 100vw, 300px\" \/><\/a>PONTE NELLE ALPI<\/strong> Al via Un Natale di eventi,\u00a0 sabato alle 20.45, al Piccolo Teatro Pierobon di Paiane,\u00a0 concerto del Gruppo Malvasia. Venerd\u00ec 10 alle 18 e sabato 11 alle 20.45 prima con i burattini della compagnia Bambabambin Puppet Theatre, poi con il concerto Mat e Marco V. Dal Farra, gruppo formato da Elia Ganz (batteria), Mattia Andrich (pianoforte, chitarra e voce) e Davide Nenci (basso elettrico) che propone canzoni originali di genere pop acustico.<span class=\"gmail-Apple-converted-space\">\u00a0 S<\/span>empre al \u201cPierobon\u201d di Paiane:\u00a0 na gran stela\u201d del Gruppo Na fuoia (Andrea Da Cort\u00e0, Annachiara Belli, Pina Sabatini), in calendario venerd\u00ec 17;\u00a0 Concerto di Natale della Banda Val Cantuna, diretta dal maestro Fulvio Zanin, con la partecipazione di Katia Piazza e in programma luned\u00ec 27.<span class=\"gmail-Apple-converted-space\"> \u00a0<\/span>Al Parco Ex Casa Rossa mercato agricolo con i prodotti tipici locali,\u00a0 inaugurazione\u00a0 gioved\u00ec 9 alle 10 e il mercatino di Natale arricchito dall\u2019artigianato artistico, mentre Polpet sar\u00e0 al centro dei \u201cCicchetti delle feste\u201d sabato 11 e 5 gennaio. All\u2019Ex Casa Rossa la Festa dei laureati sabato 18 alle 18, ospite d\u2019eccezione, Silvia Coppari, bellunese e dirigente del servizio giuridico dell\u2019Agcom (Autorit\u00e0 per le garanzie nelle comunicazioni).<span class=\"gmail-Apple-converted-space\"> I<\/span>n municipio a Cadola sabato 4\u00a0 alle 11 inaugurazione della mostra di dipinti di Valerio Giora, i dipinti sono in vendita e il ricavato verr\u00e0 donato interamente all\u2019Istituto comprensivo.\u00a0 I pi\u00f9 piccoli, infine, potranno stimolare la loro creativit\u00e0 attraverso i laboratori in sala Merlin della Biblioteca civica.<span class=\"gmail-Apple-converted-space\"> \u00a0<\/span><\/div>\n<div dir=\"auto\"><\/div>\n<div dir=\"auto\"><\/div>\n<div dir=\"auto\">\n<hr \/>\n<\/div>\n<div dir=\"auto\"><strong>\u00a0<\/strong><\/div>\n<div dir=\"auto\"><strong> \u00a0SAVE THE DATE. 16 DICEMBRE NEL RICORDO DI DON CLAUDIO di FABIO RUFUS BRISTOT\u00a0\u00a0<\/strong><\/div>\n<div dir=\"auto\"><\/div>\n<div dir=\"auto\"><a href=\"https:\/\/www.radiopiu.net\/wordpress\/giornale-radiopiu-03-dicembre-2021-direttore-mirko-mezzacasa\/842bb247-d5ad-4aad-86d8-24471c5e7809\/\" rel=\"attachment wp-att-246325\"><img loading=\"lazy\" decoding=\"async\" class=\"size-medium wp-image-246325 aligncenter\" src=\"https:\/\/www.radiopiu.net\/wordpress\/wp-content\/uploads\/2021\/12\/842bb247-d5ad-4aad-86d8-24471c5e7809-300x214.jpg\" alt=\"\" width=\"300\" height=\"214\" srcset=\"https:\/\/www.radiopiu.net\/wordpress\/wp-content\/uploads\/2021\/12\/842bb247-d5ad-4aad-86d8-24471c5e7809-300x214.jpg 300w, https:\/\/www.radiopiu.net\/wordpress\/wp-content\/uploads\/2021\/12\/842bb247-d5ad-4aad-86d8-24471c5e7809.jpg 640w\" sizes=\"auto, (max-width: 300px) 100vw, 300px\" \/><\/a><\/div>\n<div dir=\"auto\"><\/div>\n<div dir=\"auto\"><\/div>\n<div dir=\"auto\"><\/div>\n<div dir=\"auto\">\n<hr \/>\n<\/div>\n<div dir=\"auto\"><\/div>\n<blockquote>\n<h3 dir=\"auto\">PIANO PER LA RIQUALIFICAZIONE DEI PICCOLI COMUNI: APPROVATO OGGI DALLA CONFERENZA UNIFICATA<\/h3>\n<\/blockquote>\n<p dir=\"auto\"><strong><a href=\"https:\/\/www.radiopiu.net\/wordpress\/giornale-radiopiu-06-novembre-2020-direttore-mirko-mezzacasa\/logouncem_no_scritta-wdtr\/\" rel=\"attachment wp-att-170846\"><img loading=\"lazy\" decoding=\"async\" class=\"wp-image-170846 alignleft\" src=\"https:\/\/www.radiopiu.net\/wordpress\/wp-content\/uploads\/2020\/11\/logoUNCEM_no_scritta-wdtr-300x300.jpg\" alt=\"\" width=\"161\" height=\"161\" srcset=\"https:\/\/www.radiopiu.net\/wordpress\/wp-content\/uploads\/2020\/11\/logoUNCEM_no_scritta-wdtr-300x300.jpg 300w, https:\/\/www.radiopiu.net\/wordpress\/wp-content\/uploads\/2020\/11\/logoUNCEM_no_scritta-wdtr-150x150.jpg 150w, https:\/\/www.radiopiu.net\/wordpress\/wp-content\/uploads\/2020\/11\/logoUNCEM_no_scritta-wdtr.jpg 640w\" sizes=\"auto, (max-width: 161px) 100vw, 161px\" \/><\/a>ROMA<\/strong> Il Piano nazionale per la riqualificazione dei piccoli Comuni \u00e8 pronto. La Conferenza Unificata ha dato il via libera ieri. Ci sono 160 milioni di euro gi\u00e0 accantonati, pronti per un bando. &#8220;Finalmente si d\u00e0 attuazione alla legge 158 del 2017 sui piccoli Comuni&#8221;, evidenzia il Presidente Uncem, Marco Bussone. Le risorse economiche oggi pronte serviranno per dare corpo al Piano stilato dal Ministero delle Infrastrutture e della Mobilit\u00e0 sostenibili (come previsto dalla legge 158), finalizzato alla tutela dell\u2019ambiente e dei beni culturali, alla mitigazione del rischio idrogeologico, alla salvaguardia e alla riqualificazione urbana dei centri storici, alla messa in sicurezza delle infrastrutture stradali e degli istituti scolastici nonch\u00e9 alla promozione dello sviluppo economico e sociale e all\u2019insediamento di nuove attivit\u00e0 produttive.<\/p>\n<p dir=\"auto\">\n<p dir=\"auto\">\n<p dir=\"auto\">\n<hr \/>\n<blockquote>\n<h3 dir=\"auto\">ALPE LUSIA\/SAN PELLEGRINO: SI TORNA A SCIARE<\/h3>\n<\/blockquote>\n<div dir=\"auto\">\n<p><strong>FALCADE <\/strong>Da questo sabato 4 dicembre, si torna a sciare nella ski area Alpe Lusia\/San Pellegrino. Il valico alpino che si estende da Moena a Falcade, tra le province di Trento e Belluno, potr\u00e0 contare quest\u2019anno anche su un pi\u00f9 efficiente collegamento tra il Passo San Pellegrino e la stazione di partenza della cabinovia Ronchi: grazie ad una navetta, i due punti si possono raggiungere in soli 7 minuti. L\u2019efficace sistema di innevamento programmato e la neve dei giorni scorsi ha permesso a questo comprensorio sciistico di riconfermarsi met\u00e0 ideale per ogni esigenza con piste azzurre, rosse, nere e circuiti per il fondo. Al Passo San Pellegrino tornano in funzione la Funivia Col Margherita, che conduce al nuovo rifugio InAlto e alla partenza de La VolatA, le seggiovie Costabella e Del Passo e lo skilift Chiesetta. Tra le piste che apriranno al Passo San Pellegrino vi \u00e8 La VolatA, la nera dei campioni che lo scorso febbraio ha ospitato la Val di Fassa Ski World Cup, la Coppa del Mondo femminile di sci alpino con ben tre gare di velocit\u00e0. Su La VolatA si \u00e8 messo alla prova lo scorso inverno il gotha dello sci alpino italiano, tra cui le azzurre Brignone, Bassino, Pirovano, ma anche le atlete della nazionale tedesca, slovena e non solo.\u00a0 Si dovr\u00e0 attendere invece l\u20198 dicembre per le altre piste del versante di Falcade. Divertimento assicurato per tutti i tipi di sciatori anche all\u2019Alpe Lusia dove sono gi\u00e0 perfette e pronte per essere affrontate le piste Fiamme Oro 2, con le sue varianti Skiweg Pozil e Raccordo Valbona\u2013Piavac, il Campo Scuola Valbona, le piste Le Cune, Mediolanum, Skiweg Campo\u2013Fassane, e, sul lato Bellamonte, Le Fassane e Fraine. All\u2019Alpe Lusia saranno infatti operativi i seguenti impianti: Telecabina Ronchi \u2013 Valbona &#8211; Le Cune,\u00a0 Seggiovia Piavac, Seggiovia Campo &#8211; Le Cune, Sciovia Valbona, Telecabina Castelir &#8211; Le Fassane \u2013 La Morea. Le parole d\u2019ordine nella ski area Alpe Lusia\/San Pellegrino sono relax, tranquillit\u00e0 e sicurezza, con tanta voglia di sciare. Non mancano inoltre ciaspolate e passeggiate sulla neve organizzate delle scuole sci di Falcade e Moena.<\/p>\n\n\t\t\t<style type='text\/css'>\n\t\t\t\t#gallery-4 {\n\t\t\t\t\tmargin: auto;\n\t\t\t\t}\n\t\t\t\t#gallery-4 .gallery-item {\n\t\t\t\t\tfloat: left;\n\t\t\t\t\tmargin-top: 10px;\n\t\t\t\t\ttext-align: center;\n\t\t\t\t\twidth: 50%;\n\t\t\t\t}\n\t\t\t\t#gallery-4 img {\n\t\t\t\t\tborder: 2px solid #cfcfcf;\n\t\t\t\t}\n\t\t\t\t#gallery-4 .gallery-caption {\n\t\t\t\t\tmargin-left: 0;\n\t\t\t\t}\n\t\t\t\t\/* see gallery_shortcode() in wp-includes\/media.php *\/\n\t\t\t<\/style>\n\t\t<div id='gallery-4' class='dt-gallery-container gallery galleryid-246098 gallery-columns-2 gallery-size-medium'><dl class='gallery-item'>\n\t\t\t\t<dt class='gallery-icon landscape'>\n\t\t\t\t\t<a class=\"rollover rollover-zoom dt-pswp-item\" title=\"Pentaphoto_152786\" data-dt-img-description=\"\" data-large_image_width=\"2560\" data-large_image_height=\"1545\"href='https:\/\/www.radiopiu.net\/wordpress\/wp-content\/uploads\/2021\/12\/Pentaphoto_152786-scaled.jpg'><img loading=\"lazy\" decoding=\"async\" width=\"300\" height=\"181\" src=\"https:\/\/www.radiopiu.net\/wordpress\/wp-content\/uploads\/2021\/12\/Pentaphoto_152786-300x181.jpg\" class=\"attachment-medium size-medium\" alt=\"\" srcset=\"https:\/\/www.radiopiu.net\/wordpress\/wp-content\/uploads\/2021\/12\/Pentaphoto_152786-300x181.jpg 300w, https:\/\/www.radiopiu.net\/wordpress\/wp-content\/uploads\/2021\/12\/Pentaphoto_152786-1024x618.jpg 1024w, https:\/\/www.radiopiu.net\/wordpress\/wp-content\/uploads\/2021\/12\/Pentaphoto_152786-768x464.jpg 768w, https:\/\/www.radiopiu.net\/wordpress\/wp-content\/uploads\/2021\/12\/Pentaphoto_152786-1536x927.jpg 1536w, https:\/\/www.radiopiu.net\/wordpress\/wp-content\/uploads\/2021\/12\/Pentaphoto_152786-2048x1236.jpg 2048w\" sizes=\"auto, (max-width: 300px) 100vw, 300px\" \/><\/a>\n\t\t\t\t<\/dt><\/dl><dl class='gallery-item'>\n\t\t\t\t<dt class='gallery-icon landscape'>\n\t\t\t\t\t<a class=\"rollover rollover-zoom dt-pswp-item\" title=\"Pentaphoto_152797\" data-dt-img-description=\"\" data-large_image_width=\"2560\" data-large_image_height=\"1371\"href='https:\/\/www.radiopiu.net\/wordpress\/wp-content\/uploads\/2021\/12\/Pentaphoto_152797-scaled.jpg'><img loading=\"lazy\" decoding=\"async\" width=\"300\" height=\"161\" src=\"https:\/\/www.radiopiu.net\/wordpress\/wp-content\/uploads\/2021\/12\/Pentaphoto_152797-300x161.jpg\" class=\"attachment-medium size-medium\" alt=\"\" srcset=\"https:\/\/www.radiopiu.net\/wordpress\/wp-content\/uploads\/2021\/12\/Pentaphoto_152797-300x161.jpg 300w, https:\/\/www.radiopiu.net\/wordpress\/wp-content\/uploads\/2021\/12\/Pentaphoto_152797-1024x548.jpg 1024w, https:\/\/www.radiopiu.net\/wordpress\/wp-content\/uploads\/2021\/12\/Pentaphoto_152797-768x411.jpg 768w, https:\/\/www.radiopiu.net\/wordpress\/wp-content\/uploads\/2021\/12\/Pentaphoto_152797-1536x822.jpg 1536w, https:\/\/www.radiopiu.net\/wordpress\/wp-content\/uploads\/2021\/12\/Pentaphoto_152797-2048x1096.jpg 2048w\" sizes=\"auto, (max-width: 300px) 100vw, 300px\" \/><\/a>\n\t\t\t\t<\/dt><\/dl><br style=\"clear: both\" \/><dl class='gallery-item'>\n\t\t\t\t<dt class='gallery-icon landscape'>\n\t\t\t\t\t<a class=\"rollover rollover-zoom dt-pswp-item\" title=\"Pentaphoto_152801\" data-dt-img-description=\"\" data-large_image_width=\"2560\" data-large_image_height=\"1411\"href='https:\/\/www.radiopiu.net\/wordpress\/wp-content\/uploads\/2021\/12\/Pentaphoto_152801-scaled.jpg'><img loading=\"lazy\" decoding=\"async\" width=\"300\" height=\"165\" src=\"https:\/\/www.radiopiu.net\/wordpress\/wp-content\/uploads\/2021\/12\/Pentaphoto_152801-300x165.jpg\" class=\"attachment-medium size-medium\" alt=\"\" srcset=\"https:\/\/www.radiopiu.net\/wordpress\/wp-content\/uploads\/2021\/12\/Pentaphoto_152801-300x165.jpg 300w, https:\/\/www.radiopiu.net\/wordpress\/wp-content\/uploads\/2021\/12\/Pentaphoto_152801-1024x564.jpg 1024w, https:\/\/www.radiopiu.net\/wordpress\/wp-content\/uploads\/2021\/12\/Pentaphoto_152801-768x423.jpg 768w, https:\/\/www.radiopiu.net\/wordpress\/wp-content\/uploads\/2021\/12\/Pentaphoto_152801-1536x847.jpg 1536w, https:\/\/www.radiopiu.net\/wordpress\/wp-content\/uploads\/2021\/12\/Pentaphoto_152801-2048x1129.jpg 2048w\" sizes=\"auto, (max-width: 300px) 100vw, 300px\" \/><\/a>\n\t\t\t\t<\/dt><\/dl><dl class='gallery-item'>\n\t\t\t\t<dt class='gallery-icon landscape'>\n\t\t\t\t\t<a class=\"rollover rollover-zoom dt-pswp-item\" title=\"Pentaphoto_152868\" data-dt-img-description=\"\" data-large_image_width=\"2560\" data-large_image_height=\"1464\"href='https:\/\/www.radiopiu.net\/wordpress\/wp-content\/uploads\/2021\/12\/Pentaphoto_152868-scaled.jpg'><img loading=\"lazy\" decoding=\"async\" width=\"300\" height=\"172\" src=\"https:\/\/www.radiopiu.net\/wordpress\/wp-content\/uploads\/2021\/12\/Pentaphoto_152868-300x172.jpg\" class=\"attachment-medium size-medium\" alt=\"\" srcset=\"https:\/\/www.radiopiu.net\/wordpress\/wp-content\/uploads\/2021\/12\/Pentaphoto_152868-300x172.jpg 300w, https:\/\/www.radiopiu.net\/wordpress\/wp-content\/uploads\/2021\/12\/Pentaphoto_152868-1024x585.jpg 1024w, https:\/\/www.radiopiu.net\/wordpress\/wp-content\/uploads\/2021\/12\/Pentaphoto_152868-768x439.jpg 768w, https:\/\/www.radiopiu.net\/wordpress\/wp-content\/uploads\/2021\/12\/Pentaphoto_152868-1536x878.jpg 1536w, https:\/\/www.radiopiu.net\/wordpress\/wp-content\/uploads\/2021\/12\/Pentaphoto_152868-2048x1171.jpg 2048w\" sizes=\"auto, (max-width: 300px) 100vw, 300px\" \/><\/a>\n\t\t\t\t<\/dt><\/dl><br style=\"clear: both\" \/>\n\t\t\t<\/div>\n\n<p>&nbsp;<\/p>\n<hr \/>\n<p>&nbsp;<\/p>\n<blockquote>\n<h3>PORTAVESCOVO&#8230;. TUTTO PRONTO PER UNA STAGIONE BIANCA &#8211; VIDEO<\/h3>\n<\/blockquote>\n<p><strong>VIDEO\u00a0<\/strong><\/p>\n<div style=\"width: 848px;\" class=\"wp-video\"><video class=\"wp-video-shortcode\" id=\"video-246098-2\" width=\"848\" height=\"480\" preload=\"metadata\" controls=\"controls\"><source type=\"video\/mp4\" src=\"https:\/\/www.radiopiu.net\/wordpress\/wp-content\/uploads\/2021\/12\/WhatsApp-Video-2021-12-02-at-06.39.10-1.mp4?_=2\" \/><a href=\"https:\/\/www.radiopiu.net\/wordpress\/wp-content\/uploads\/2021\/12\/WhatsApp-Video-2021-12-02-at-06.39.10-1.mp4\">https:\/\/www.radiopiu.net\/wordpress\/wp-content\/uploads\/2021\/12\/WhatsApp-Video-2021-12-02-at-06.39.10-1.mp4<\/a><\/video><\/div>\n<p>&nbsp;<\/p>\n<hr \/>\n<p>&nbsp;<\/p>\n<blockquote>\n<h3>TOFANA &#8211; MARMOLADA: DAL FINE SETTIMANA IMPIANTI APERTI &#8220;SIAMO PRONTI E NON VEDIAMO L&#8217;ORA DI PARTIRE&#8221;<\/h3>\n<\/blockquote>\n<p>&nbsp;<\/p>\n<p><strong><img loading=\"lazy\" decoding=\"async\" class=\"alignleft\" src=\"https:\/\/www.radiopiu.net\/wordpress\/wp-content\/uploads\/2021\/02\/Marmolada-5.jpg\" width=\"213\" height=\"142\" \/>OSPITI\u00a0 Giuliana Boscheri e Romina Darman<\/strong><\/p>\n<p>&nbsp;<\/p>\n<p><strong>di Claudio Fontanive\u00a0<\/strong><\/p>\n<p><strong>AUDIO<\/strong><\/p>\n<audio class=\"wp-audio-shortcode\" id=\"audio-246098-9\" preload=\"none\" style=\"width: 100%;\" controls=\"controls\"><source type=\"audio\/mpeg\" src=\"https:\/\/www.radiopiu.net\/wordpress\/wp-content\/uploads\/2021\/12\/boscheri-darman-tofana-marmolada-2-dicembre.mp3?_=9\" \/><a href=\"https:\/\/www.radiopiu.net\/wordpress\/wp-content\/uploads\/2021\/12\/boscheri-darman-tofana-marmolada-2-dicembre.mp3\">https:\/\/www.radiopiu.net\/wordpress\/wp-content\/uploads\/2021\/12\/boscheri-darman-tofana-marmolada-2-dicembre.mp3<\/a><\/audio>\n<p>&nbsp;<\/p>\n<hr \/>\n<p>&nbsp;<\/p>\n<blockquote>\n<h3>TUTTO PRONTO SOTTO AL CIVETTA<\/h3>\n<\/blockquote>\n<blockquote>\n<h3><a href=\"https:\/\/www.radiopiu.net\/wordpress\/sabato-7-dicembre-comprensorio-del-civetta-interamente-aperto\/skicivetta-1-2\/\" rel=\"attachment wp-att-108969\"><img loading=\"lazy\" decoding=\"async\" class=\" wp-image-108969 alignleft\" src=\"https:\/\/www.radiopiu.net\/wordpress\/wp-content\/uploads\/2019\/12\/SKICIVETTA-1-1-300x200.jpg\" alt=\"\" width=\"182\" height=\"121\" srcset=\"https:\/\/www.radiopiu.net\/wordpress\/wp-content\/uploads\/2019\/12\/SKICIVETTA-1-1-300x200.jpg 300w, https:\/\/www.radiopiu.net\/wordpress\/wp-content\/uploads\/2019\/12\/SKICIVETTA-1-1-1024x681.jpg 1024w, https:\/\/www.radiopiu.net\/wordpress\/wp-content\/uploads\/2019\/12\/SKICIVETTA-1-1-768x511.jpg 768w, https:\/\/www.radiopiu.net\/wordpress\/wp-content\/uploads\/2019\/12\/SKICIVETTA-1-1-1536x1022.jpg 1536w, https:\/\/www.radiopiu.net\/wordpress\/wp-content\/uploads\/2019\/12\/SKICIVETTA-1-1.jpg 1772w\" sizes=\"auto, (max-width: 182px) 100vw, 182px\" \/><\/a>LA BIANCA STAGIONE PUO&#8217; AVERE INIZIO<\/h3>\n<p><strong>OSPITI IN STUDIO, Christian Moretti e Andrea Dal Farra<\/strong><\/p>\n<p><strong>di Claudio Fontanive\u00a0<\/strong><\/p><\/blockquote>\n<audio class=\"wp-audio-shortcode\" id=\"audio-246098-10\" preload=\"none\" style=\"width: 100%;\" controls=\"controls\"><source type=\"audio\/mpeg\" src=\"https:\/\/www.radiopiu.net\/wordpress\/wp-content\/uploads\/2021\/12\/dal-farra-moretti-01-dicembre.mp3?_=10\" \/><a href=\"https:\/\/www.radiopiu.net\/wordpress\/wp-content\/uploads\/2021\/12\/dal-farra-moretti-01-dicembre.mp3\">https:\/\/www.radiopiu.net\/wordpress\/wp-content\/uploads\/2021\/12\/dal-farra-moretti-01-dicembre.mp3<\/a><\/audio>\n<p>&nbsp;<\/p>\n<hr \/>\n<p>&nbsp;<\/p>\n<blockquote>\n<h3>IL BUONGIORNO INNEVATO DA ARABBA, CON IL PRESIDENTE DE BATTISTA<\/h3>\n<\/blockquote>\n<h2><span style=\"color: #ff0000;\"><strong><img decoding=\"async\" class=\"alignleft\" src=\"https:\/\/www.radiopiu.net\/wordpress\/wp-content\/uploads\/2019\/12\/download-16.jpg\" \/><\/strong><\/span><\/h2>\n<p><strong>OSPITE DIEGO DE BATTISTA PRESIDENTE CONSORZIO ARABBA-MARMOLADA\u00a0<\/strong><\/p>\n<p>&nbsp;<\/p>\n<p><strong>AUDIO<\/strong><\/p>\n<audio class=\"wp-audio-shortcode\" id=\"audio-246098-11\" preload=\"none\" style=\"width: 100%;\" controls=\"controls\"><source type=\"audio\/mpeg\" src=\"https:\/\/www.radiopiu.net\/wordpress\/wp-content\/uploads\/2021\/11\/diego-de-battista-30-novembre.mp3?_=11\" \/><a href=\"https:\/\/www.radiopiu.net\/wordpress\/wp-content\/uploads\/2021\/11\/diego-de-battista-30-novembre.mp3\">https:\/\/www.radiopiu.net\/wordpress\/wp-content\/uploads\/2021\/11\/diego-de-battista-30-novembre.mp3<\/a><\/audio>\n<p>&nbsp;<\/p>\n<p>&nbsp;<\/p>\n<hr \/>\n<p>&nbsp;<\/p>\n<blockquote>\n<h3>ANCHE IN ALTA BADIA E&#8217; TUTTO PRONTO PER IL VIA ALLA STAGIONE INVERNALE<\/h3>\n<\/blockquote>\n<p><strong><a href=\"https:\/\/www.radiopiu.net\/wordpress\/giornale-radiopiu-06-dicembre-2019-direttore-mirko-mezzacasa\/gran-risa-alta-badia-un-mito-di-pista\/\" rel=\"attachment wp-att-108848\"><img loading=\"lazy\" decoding=\"async\" class=\"size-medium wp-image-108848 alignleft\" src=\"https:\/\/www.radiopiu.net\/wordpress\/wp-content\/uploads\/2019\/12\/gran-risa-alta-badia-un-mito-di-pista-300x200.jpg\" alt=\"\" width=\"300\" height=\"200\" srcset=\"https:\/\/www.radiopiu.net\/wordpress\/wp-content\/uploads\/2019\/12\/gran-risa-alta-badia-un-mito-di-pista-300x200.jpg 300w, https:\/\/www.radiopiu.net\/wordpress\/wp-content\/uploads\/2019\/12\/gran-risa-alta-badia-un-mito-di-pista-1024x683.jpg 1024w, https:\/\/www.radiopiu.net\/wordpress\/wp-content\/uploads\/2019\/12\/gran-risa-alta-badia-un-mito-di-pista-768x512.jpg 768w, https:\/\/www.radiopiu.net\/wordpress\/wp-content\/uploads\/2019\/12\/gran-risa-alta-badia-un-mito-di-pista.jpg 1382w\" sizes=\"auto, (max-width: 300px) 100vw, 300px\" \/><\/a>di Claudio Fontanive<\/strong><\/p>\n<p>Ospite: Roberto Huber, direttore Alta Badia Brand<\/p>\n<audio class=\"wp-audio-shortcode\" id=\"audio-246098-12\" preload=\"none\" style=\"width: 100%;\" controls=\"controls\"><source type=\"audio\/mpeg\" src=\"https:\/\/www.radiopiu.net\/wordpress\/wp-content\/uploads\/2021\/11\/roberto-huber-23-novembre.mp3?_=12\" \/><a href=\"https:\/\/www.radiopiu.net\/wordpress\/wp-content\/uploads\/2021\/11\/roberto-huber-23-novembre.mp3\">https:\/\/www.radiopiu.net\/wordpress\/wp-content\/uploads\/2021\/11\/roberto-huber-23-novembre.mp3<\/a><\/audio>\n<p>&nbsp;<\/p>\n<hr \/>\n<p>&nbsp;<\/p>\n<blockquote>\n<h3>\u00a0AL VIA DELLA STAGIONE INVERNALE PER LO SCI CLUB VAL BIOIS<\/h3>\n<\/blockquote>\n<p><strong><a href=\"https:\/\/www.radiopiu.net\/wordpress\/giornale-radiopiu-13-febbraio-2020-direttore-mirko-mezzacasa\/download-725\/\" rel=\"attachment wp-att-117199\"><img loading=\"lazy\" decoding=\"async\" class=\"size-full wp-image-117199 alignleft\" src=\"https:\/\/www.radiopiu.net\/wordpress\/wp-content\/uploads\/2020\/02\/download-4.jpg\" alt=\"\" width=\"228\" height=\"221\" \/><\/a>di Claudio Fontanive<\/strong><\/p>\n<p>Ospite: Matteo Cagnati, Presidente dello Sci Club Val Biois<\/p>\n<audio class=\"wp-audio-shortcode\" id=\"audio-246098-13\" preload=\"none\" style=\"width: 100%;\" controls=\"controls\"><source type=\"audio\/mpeg\" src=\"https:\/\/www.radiopiu.net\/wordpress\/wp-content\/uploads\/2021\/11\/matteo-cagnati-22-novembre.mp3?_=13\" \/><a href=\"https:\/\/www.radiopiu.net\/wordpress\/wp-content\/uploads\/2021\/11\/matteo-cagnati-22-novembre.mp3\">https:\/\/www.radiopiu.net\/wordpress\/wp-content\/uploads\/2021\/11\/matteo-cagnati-22-novembre.mp3<\/a><\/audio>\n<p>&nbsp;<\/p>\n<hr \/>\n<p>&nbsp;<\/p>\n<blockquote>\n<h3>DESMA E GLI IMPIANTI DI RISALITA A FORCELLA AURINE<\/h3>\n<\/blockquote>\n<p>&nbsp;<\/p>\n<p><strong><a href=\"https:\/\/www.radiopiu.net\/wordpress\/desma-e-gli-impianti-di-risalita-a-forcella-aurine\/forcella-aurine-2\/\" rel=\"attachment wp-att-241538\"><img loading=\"lazy\" decoding=\"async\" class=\"size-medium wp-image-241538 alignleft\" src=\"https:\/\/www.radiopiu.net\/wordpress\/wp-content\/uploads\/2021\/11\/FORCELLA-AURINE-300x225.jpg\" alt=\"\" width=\"300\" height=\"225\" srcset=\"https:\/\/www.radiopiu.net\/wordpress\/wp-content\/uploads\/2021\/11\/FORCELLA-AURINE-300x225.jpg 300w, https:\/\/www.radiopiu.net\/wordpress\/wp-content\/uploads\/2021\/11\/FORCELLA-AURINE-768x576.jpg 768w, https:\/\/www.radiopiu.net\/wordpress\/wp-content\/uploads\/2021\/11\/FORCELLA-AURINE.jpg 960w\" sizes=\"auto, (max-width: 300px) 100vw, 300px\" \/><\/a>di Claudio Fontanive<\/strong><\/p>\n<p>Ospite: Morgan Gnech<\/p>\n<audio class=\"wp-audio-shortcode\" id=\"audio-246098-14\" preload=\"none\" style=\"width: 100%;\" controls=\"controls\"><source type=\"audio\/mpeg\" src=\"https:\/\/www.radiopiu.net\/wordpress\/wp-content\/uploads\/2021\/11\/morgan-8-novembre.mp3?_=14\" \/><a href=\"https:\/\/www.radiopiu.net\/wordpress\/wp-content\/uploads\/2021\/11\/morgan-8-novembre.mp3\">https:\/\/www.radiopiu.net\/wordpress\/wp-content\/uploads\/2021\/11\/morgan-8-novembre.mp3<\/a><\/audio>\n<p>&nbsp;<\/p>\n<p>&nbsp;<\/p>\n<p>&nbsp;<\/p>\n<hr \/>\n<p>&nbsp;<\/p>\n<blockquote>\n<h3>PROMO FALCADE E GLI OBBIETTIVI DEL FUTURO<\/h3>\n<\/blockquote>\n<p><strong><a href=\"https:\/\/www.radiopiu.net\/wordpress\/consiglio-comunale-di-falcade-registrazione-integrale-durata-1h33m\/falcade-1\/\" rel=\"attachment wp-att-163186\"><img loading=\"lazy\" decoding=\"async\" class=\"size-medium wp-image-163186 alignleft\" src=\"https:\/\/www.radiopiu.net\/wordpress\/wp-content\/uploads\/2020\/09\/FALCADE-1-300x225.jpg\" alt=\"\" width=\"300\" height=\"225\" srcset=\"https:\/\/www.radiopiu.net\/wordpress\/wp-content\/uploads\/2020\/09\/FALCADE-1-300x225.jpg 300w, https:\/\/www.radiopiu.net\/wordpress\/wp-content\/uploads\/2020\/09\/FALCADE-1-768x576.jpg 768w, https:\/\/www.radiopiu.net\/wordpress\/wp-content\/uploads\/2020\/09\/FALCADE-1-640x480.jpg 640w, https:\/\/www.radiopiu.net\/wordpress\/wp-content\/uploads\/2020\/09\/FALCADE-1.jpg 960w\" sizes=\"auto, (max-width: 300px) 100vw, 300px\" \/><\/a>di Claudio Fontanive<\/strong><\/p>\n<p>Ospite: Antonella Schena, Presidente di Promo Falcade<\/p>\n<audio class=\"wp-audio-shortcode\" id=\"audio-246098-15\" preload=\"none\" style=\"width: 100%;\" controls=\"controls\"><source type=\"audio\/mpeg\" src=\"https:\/\/www.radiopiu.net\/wordpress\/wp-content\/uploads\/2021\/11\/antonella-schena-25-novembre.mp3?_=15\" \/><a href=\"https:\/\/www.radiopiu.net\/wordpress\/wp-content\/uploads\/2021\/11\/antonella-schena-25-novembre.mp3\">https:\/\/www.radiopiu.net\/wordpress\/wp-content\/uploads\/2021\/11\/antonella-schena-25-novembre.mp3<\/a><\/audio>\n<p>&nbsp;<\/p>\n<hr \/>\n<p>&nbsp;<\/p>\n<p>&nbsp;<\/p>\n<div class=\"page-title-head hgroup\">\n<blockquote>\n<h3 class=\"entry-title\">TROFEO QUATTRO VALLI\u2026 LE BUONE INTENZIONI PER LA GARA E IL DOPO FATICA<\/h3>\n<\/blockquote>\n<\/div>\n<div class=\"page-title-breadcrumbs\">\n<p><strong><a href=\"https:\/\/www.radiopiu.net\/wordpress\/trofeo-quattro-valli-le-buone-intenzioni-per-la-gara-e-il-dopo-fatica\/80eb3e0a-b393-4d37-837a-253fd3c9eff6\/\" rel=\"attachment wp-att-243149\"><img loading=\"lazy\" decoding=\"async\" class=\" wp-image-243149 alignleft\" src=\"https:\/\/www.radiopiu.net\/wordpress\/wp-content\/uploads\/2021\/11\/80eb3e0a-b393-4d37-837a-253fd3c9eff6-300x169.jpg\" alt=\"\" width=\"233\" height=\"131\" srcset=\"https:\/\/www.radiopiu.net\/wordpress\/wp-content\/uploads\/2021\/11\/80eb3e0a-b393-4d37-837a-253fd3c9eff6-300x169.jpg 300w, https:\/\/www.radiopiu.net\/wordpress\/wp-content\/uploads\/2021\/11\/80eb3e0a-b393-4d37-837a-253fd3c9eff6-1024x576.jpg 1024w, https:\/\/www.radiopiu.net\/wordpress\/wp-content\/uploads\/2021\/11\/80eb3e0a-b393-4d37-837a-253fd3c9eff6-768x432.jpg 768w, https:\/\/www.radiopiu.net\/wordpress\/wp-content\/uploads\/2021\/11\/80eb3e0a-b393-4d37-837a-253fd3c9eff6-1536x864.jpg 1536w, https:\/\/www.radiopiu.net\/wordpress\/wp-content\/uploads\/2021\/11\/80eb3e0a-b393-4d37-837a-253fd3c9eff6.jpg 1920w\" sizes=\"auto, (max-width: 233px) 100vw, 233px\" \/><\/a><\/strong><\/p>\n<p>&nbsp;<\/p>\n<p><strong>OSPITE CARLO ZANON<\/strong><\/p>\n<p><strong>di Claudio Fontanive<\/strong><\/p>\n<p><strong>AUDIO\u00a0<\/strong><\/p>\n<audio class=\"wp-audio-shortcode\" id=\"audio-246098-16\" preload=\"none\" style=\"width: 100%;\" controls=\"controls\"><source type=\"audio\/mpeg\" src=\"https:\/\/www.radiopiu.net\/wordpress\/wp-content\/uploads\/2021\/11\/carlo-zanon-16-novembre.mp3?_=16\" \/><a href=\"https:\/\/www.radiopiu.net\/wordpress\/wp-content\/uploads\/2021\/11\/carlo-zanon-16-novembre.mp3\">https:\/\/www.radiopiu.net\/wordpress\/wp-content\/uploads\/2021\/11\/carlo-zanon-16-novembre.mp3<\/a><\/audio>\n<p>&nbsp;<\/p>\n<p>&nbsp;<\/p>\n<\/div>\n<hr \/>\n<p>&nbsp;<\/p>\n<p>&nbsp;<\/p>\n<\/div>\n<blockquote>\n<h3 dir=\"auto\">PER LE SOCIETA&#8217; SPORTIVE\u00a0 38 MILA EURO<\/h3>\n<\/blockquote>\n<div dir=\"auto\">\n<p><strong>CALALZO<\/strong>\u00a0 Ammonta a 38mila euro il fondo messo a disposizione dal Comune a sostegno delle societ\u00e0 sportive del territorio per fronteggiare i danni economici registrati a causa della pandemia. Possono accedervi le realt\u00e0 che svolgono attivit\u00e0 sportiva agonistica nella fascia di et\u00e0 5\/18 anni, che hanno fra i tesserati ragazzi residenti nel Comune di Calalzo, che hanno sede in uno dei comuni dell\u2019Unione Montana Centro Cadore e che sono affiliate a federazioni o enti regolarmente iscritte al Coni. Il bando e i relativi moduli saranno pubblicati all&#8217;albo pretorio e online nella giornata odierna.<\/p>\n<p>&nbsp;<\/p>\n<p>&nbsp;<\/p>\n<p>&nbsp;<\/p>\n<\/div>\n<div dir=\"auto\">\n<hr \/>\n<\/div>\n<div dir=\"auto\">\n<blockquote>\n<h3><\/h3>\n<h3>A VILLA PATT DI SEDICO IL PARCO INCONTRA CHI OPERA SUL TERRITORIO<\/h3>\n<\/blockquote>\n<p><strong>FELTRE<\/strong> Il Parco Nazionale delle Dolomiti Bellunese ha aggiornato il Piano del Parco (scaricabile e consultabile dal sito www.dolomitipark.it). Per illustrare questo passaggio\u00a0 l\u2019Ente Parco ha deciso di organizzare un <strong>incontro pubblico<\/strong> rivolto a singoli e associazioni operanti sul territorio, il giorno <strong>13 dicembre<\/strong> dalle <strong>11<\/strong> alle\u00a0 13 presso la <strong>sala conferenze di Villa Patt a Sedico<\/strong>. Chi intende partecipare all\u2019incontro dovr\u00e0 prenotarsi al numero 0439.3328.<\/p>\n<p>&nbsp;<\/p>\n<\/div>\n<p>&nbsp;<\/p>\n<hr \/>\n<p>&nbsp;<\/p>\n<blockquote>\n<h3>DOMANI\u00a0 SAN NICOLO&#8217; ARRIVA A CAVIOLA<\/h3>\n<\/blockquote>\n<p><strong>FALCADE\u00a0<\/strong>Domani in via Lungo Tegosa di Caviola si terr\u00e0 il mercatino di San Nicol\u00f2, dalle ore 10 alle 16, con prodotti tipici e artigianato. Alle ore 14:30 ci sar\u00e0 l&#8217;arrivo di San Nicol\u00f2 con un piccolo dono per tutti i bambini.<\/p>\n<p>&nbsp;<\/p>\n<p>&nbsp;<\/p>\n<hr \/>\n<p>&nbsp;<\/p>\n<blockquote>\n<h3>SANTA BARBARA CON I PERITI MINERARI DI AGORDO<\/h3>\n<\/blockquote>\n<p><strong>AGORDO<\/strong> \u00c8 in programma domani in sala Don Tamis il consueto appuntamento con Santa Barbara dei Periti Minerari. Ritrovo in chiesa alle 9:45 e santa messa alle 10. In sala Don Tamis, a partire dalle 11 la consegna delle borse di studio agli studenti meritevoli. La cittadinanza \u00e8 invitata a partecipare<\/p>\n<p>&nbsp;<\/p>\n<p>&nbsp;<\/p>\n<hr \/>\n<p>&nbsp;<\/p>\n<p>&nbsp;<\/p>\n<blockquote>\n<h3>DOMENICA A SAN GREGORIO LA FESTA DI SANTA BARBARA<\/h3>\n<\/blockquote>\n<p><strong>SAN GREGORIO NELLE ALPI<\/strong> Il Gruppo Alpini di San Gregorio con la Protezione Civile organizzano per domenica la Festa di Santa Barbara. Alle 9:30 il raduno e alle 9:40 il corteo. Alle 10 la santa messa, seguir\u00e0 la processione per le vie del paese con rinfresco persso la sede degli Alpini alle 11:30.<\/p>\n<p>&nbsp;<\/p>\n<p>&nbsp;<\/p>\n<hr \/>\n<p>&nbsp;<\/p>\n<p>&nbsp;<\/p>\n<blockquote>\n<h3>LA FESTA AL COMANDO VIGILI DEL FUOCO<\/h3>\n<\/blockquote>\n<p><strong><a href=\"https:\/\/www.radiopiu.net\/wordpress\/domenica-esercitazione-dei-vigili-del-fuoco-a-falcade\/3ad5a980-5dd0-475a-991f-39b6c7d87e5c\/\" rel=\"attachment wp-att-222517\"><img loading=\"lazy\" decoding=\"async\" class=\" wp-image-222517 alignleft\" src=\"https:\/\/www.radiopiu.net\/wordpress\/wp-content\/uploads\/2021\/07\/3ad5a980-5dd0-475a-991f-39b6c7d87e5c-300x200.jpg\" alt=\"\" width=\"239\" height=\"159\" srcset=\"https:\/\/www.radiopiu.net\/wordpress\/wp-content\/uploads\/2021\/07\/3ad5a980-5dd0-475a-991f-39b6c7d87e5c-300x200.jpg 300w, https:\/\/www.radiopiu.net\/wordpress\/wp-content\/uploads\/2021\/07\/3ad5a980-5dd0-475a-991f-39b6c7d87e5c-1024x683.jpg 1024w, https:\/\/www.radiopiu.net\/wordpress\/wp-content\/uploads\/2021\/07\/3ad5a980-5dd0-475a-991f-39b6c7d87e5c-768x512.jpg 768w, https:\/\/www.radiopiu.net\/wordpress\/wp-content\/uploads\/2021\/07\/3ad5a980-5dd0-475a-991f-39b6c7d87e5c.jpg 1080w\" sizes=\"auto, (max-width: 239px) 100vw, 239px\" \/><\/a>BELLUNO\u00a0<\/strong> Domani\u00a0 cerimonia presso la sede centrale di via Col da Ren. Anche presso tutti i distaccamenti della provincia sono state previste delle parallele celebrazioni locali. Sua Eccellenza Monsignor Renato Marangoni, vescovo di Belluno, celebrer\u00e0 la Santa Messa alle 10.30\u00a0 presso la sede centrale. Alle 11.45 dopo gli onori al tricolore\u00a0 la benedizione del nuovo castello esercitativo di manovra. In occasione della cerimonia saranno consegnate le benemerenze (Croci di Anzianit\u00e0 e Diplomi di Lodevole Servizio) attribuite al personale dipendente nel corso di quest&#8217;anno. Il comandante provinciale, Antonio Del Gallo traccer\u00e0 un consuntivo delle attivit\u00e0 svolte nel corso dell&#8217;anno e tratteggiare le prospettive per il prossimo. Prima dell&#8217;inizio della cerimonia, alle\u00a0 10 sar\u00e0 deposta una corona d&#8217;alloro presso il monumento dei vigili del fuoco caduti in servizio, recentemente ricollocato nel piazzale del Comando.<\/p>\n<p>&nbsp;<\/p>\n<p>&nbsp;<\/p>\n<hr \/>\n<p>&nbsp;<\/p>\n<p>&nbsp;<\/p>\n<p><span style=\"color: #ff0000;\"><strong>NUOVI PROGETTI\u00a0 &#8211; BORCA OCCHIALI<\/strong><\/span><\/p>\n<blockquote>\n<h3 class=\"title style-scope ytd-video-primary-info-renderer\">L&#8217;occhiale delle Dolomiti&#8230; incontra Venezia<\/h3>\n<p><em>Un frammento delle Tre Cime di Lavaredo e una Perla di Venezia abbracciati per celebrare questo anniversario. &#8230;momenti in cui da Venezia si vedono le Dolomiti <\/em><\/p><\/blockquote>\n<div id=\"info\" class=\"style-scope ytd-video-primary-info-renderer\"><\/div>\n<p><iframe loading=\"lazy\" title=\"L&#039;occhiale delle Dolomiti... incontra Venezia\" width=\"1200\" height=\"675\" src=\"https:\/\/www.youtube.com\/embed\/kWm29IfkN_Y?feature=oembed\" frameborder=\"0\" allow=\"accelerometer; autoplay; clipboard-write; encrypted-media; gyroscope; picture-in-picture\" allowfullscreen><\/iframe><\/p>\n<p>&nbsp;<\/p>\n<p>&nbsp;<\/p>\n<p>&nbsp;<\/p>\n<hr \/>\n<p>&nbsp;<\/p>\n<blockquote>\n<h3>LA RIPRESA DELLE LEZIONI ANCHE ALL&#8217;UNIVERSITA&#8217; ANZIANI ADULTI DI BELLUNO<\/h3>\n<\/blockquote>\n<p><strong>\u00a0BELLUNO<\/strong>\u00a0Dopo un anno di sospensione forzata, con la pandemia a dettare le regole, costretta a ricorrere alle lezioni registrate da seguire su computer e cellulari per mantenere almeno un minimo di contatto con gli iscritti e non spezzare quel filo trentennale di trasmissione della cultura rivolta alla terza et\u00e0, L\u2019Universit\u00e0 popolare dell\u2019Auser ha ripreso le lezioni in presenza, anche se prudenzialmente e momentaneamente limitate ad una alla settimana. Nella sala Bianchi di viale Fantuzzi a Belluno, si \u00e8 infatti aperto l\u2019anno accademico alla presenza di una settantina di iscritti, tutti rigorosamente rispettosi delle precauzioni e prescrizioni richieste dal virus.\u00a0 La prime due lezioni del mese di dicembre, proposte dall\u2019Universit\u00e0 popolare Auser di Belluno, non potevano non incentrarsi sulla figura di Dante, cui ricorrono quest\u2019anno i 700 anni dalla morte. La docente Rosetta Cannarella ha quindi sviluppato ieri il tema \u201cOmaggio a Dante\u201d, mentre il 15 p.v. intratterr\u00e0 su \u201cDante e l\u2019eredit\u00e0 del mondo classico\u201d. Prima di Natale, inoltre, l\u2019Universit\u00e0 ha in programma un concerto, ulteriore momento di possibile incontro e scambio di Auguri.<\/p>\n<p>&nbsp;<\/p>\n<p>&nbsp;<\/p>\n<hr \/>\n<p>&nbsp;<\/p>\n<p>&nbsp;<\/p>\n<blockquote>\n<h3><a href=\"https:\/\/www.radiopiu.net\/wordpress\/giornale-radiopiu-02-dicembre-2021-direttore-mirko-mezzacasa\/ed88dd4a-87a3-452c-b70b-6a5651471579\/\" rel=\"attachment wp-att-245965\"><img loading=\"lazy\" decoding=\"async\" class=\"size-medium wp-image-245965 alignleft\" src=\"https:\/\/www.radiopiu.net\/wordpress\/wp-content\/uploads\/2021\/12\/ed88dd4a-87a3-452c-b70b-6a5651471579-215x300.jpg\" alt=\"\" width=\"215\" height=\"300\" srcset=\"https:\/\/www.radiopiu.net\/wordpress\/wp-content\/uploads\/2021\/12\/ed88dd4a-87a3-452c-b70b-6a5651471579-215x300.jpg 215w, https:\/\/www.radiopiu.net\/wordpress\/wp-content\/uploads\/2021\/12\/ed88dd4a-87a3-452c-b70b-6a5651471579-735x1024.jpg 735w, https:\/\/www.radiopiu.net\/wordpress\/wp-content\/uploads\/2021\/12\/ed88dd4a-87a3-452c-b70b-6a5651471579-768x1070.jpg 768w, https:\/\/www.radiopiu.net\/wordpress\/wp-content\/uploads\/2021\/12\/ed88dd4a-87a3-452c-b70b-6a5651471579-1102x1536.jpg 1102w, https:\/\/www.radiopiu.net\/wordpress\/wp-content\/uploads\/2021\/12\/ed88dd4a-87a3-452c-b70b-6a5651471579.jpg 1148w\" sizes=\"auto, (max-width: 215px) 100vw, 215px\" \/><\/a>LE STELLE DI NATALE PRO AIL<\/h3>\n<\/blockquote>\n<p><strong>AGORDO<\/strong> Nei primi giorni di dicembre come da consolidata tradizione l&#8217;Associazione Italiana contro le Leucemie-Linfomi-Mielomi si propone con la raccolta dei contributi perch\u00e8 <em>&#8220;Ogni malato di leucemia ha la sua buona stella&#8221;<\/em>, La stella di Natale \u00e8 il simbolo della raccolta fondi dell&#8217;Ail, ad Agordo presso il condominio La Corte di via Insurrezione saranno disponibili sabato e domenica<\/p>\n<p>&nbsp;<\/p>\n<p>&nbsp;<\/p>\n<p>&nbsp;<\/p>\n<p>&nbsp;<\/p>\n<hr \/>\n<p>&nbsp;<\/p>\n<h3><span style=\"color: #0000ff;\">INFORMAZIONE il canale su TELEGRAM informazione di prima mano e in tempo reale. iscriviti ed aiutaci a farlo conoscere\u00a0 \u00a0<\/span><\/h3>\n<p>&nbsp;<\/p>\n<hr \/>\n<p>&nbsp;<\/p>\n<blockquote>\n<h3>NEVE AL SUOLO. AGGIORNAMENTO ARPAV DEL 02 DICEMBRE 2021<\/h3>\n<\/blockquote>\n<blockquote>\n<h3><em>A<\/em><em>\u00a0 a Ra Vales 78 centimetri al suolo,\u00a0 76 a Col dei Baldi sopra Alleghe; <\/em><em>Piz Boe&#8217; 67 , 61\u00a0 sui monti alti di Ornella, di Cortina e 30 a Cima Pradazzo di Falcade&#8230;<\/em><\/h3>\n<\/blockquote>\n<a href=\"https:\/\/www.radiopiu.net\/wordpress\/wp-content\/uploads\/2021\/11\/2021_12_02_Dolomiti-Neve-al-suolo.pdf\" class=\"pdfemb-viewer\" style=\"\" data-width=\"max\" data-height=\"max\" data-toolbar=\"top\" data-toolbar-fixed=\"on\">2021_12_02_Dolomiti Neve al suolo<\/a>\n<p>&nbsp;<\/p>\n<p>&nbsp;<\/p>\n<hr \/>\n<p>&nbsp;<\/p>\n<blockquote>\n<h3>AUGUSTO SERAFINI E RICORDI DELLA INVASIONE (1917-1918) A VODO E IN ZOLDO NEL LIBRO IBRSEC \u201cDOCUMENTI DI STORIA\u201d (ANCHE DELL\u2019ALPAGO)<\/h3>\n<\/blockquote>\n<p>&nbsp;<\/p>\n<p><strong>di\u00a0 RENATO BONA<\/strong><\/p>\n<p>Risale al giugno del 1978 l\u2019iniziativa del benemerito Istituto bellunese di ricerche sociali e culturali che, per la serie \u201cStoria\u201d diede alle stampe con la tipografia Piave, il libro a cura di Aldo Belli dal titolo:\u201dDocumenti di storia. Cadore Zoldo e Alpago\u201d il cui tema principale sono le invasioni, anche se non mancano pagine di emigrazione, di costume e di calamit\u00e0 varie. Gli autori sono stati: Giovanni De Sandre Colombo, Giovanni Belli Nodaro, Antonio De Lotto, Nicol\u00f2 De Sandre Colombo, Augusto Serafini e Giuseppe Menegus Pel\u00e0. In questa occasione ci occupiamo del capitolo \u201cRicordi della invasione 1917-1918 a Vodo e in Zoldo\u201d, del quale \u00e8 stato autore Augusto Serafini. Questi &#8211; come ha giustamente ricordato Aldo Belli &#8211; insegn\u00f2 nelle scuole elementari di Fusine per oltre un decennio alla fine del secolo scorso. Poi pass\u00f2 a insegnare a Vodo. Nel 1917-18, mentre a San Vito il suo collega e compare maestro Matteo Del Favero Goluto scriveva il diario pubblicato da Mario Ferruccio Belli, lui a Vodo ne scrisse uno simile. Quindi una precisazione: \u201cHo avuto dal figlio Serafino l\u2019originale e ne ho tratto copia fotostatica. Il diario \u00e8 stampato senza correzioni, ma togliendo lunghe pagine di riflessioni politiche, patriottiche e moralistiche che non interessano al nostro scopo di raccogliere notizie sulla vita della nostra gente nei momenti pi\u00f9 drammatici. Ho lasciato invece le pagine dove parla dello Zoldano per un utile confronto tra le vicende delle due vallate\u201d. Ed ecco una sintesi dei ricordi di Serafini a proposito dell\u2019invasione austriaca avvenuta nell\u2019ottobre 1917 e durata fino al 3 novembre del 1918: \u201cSono a Vodo del Cadore. Cominciai il quarantesimo anno di scuola il luned\u00ec 1. ottobre. Il 2 e il 3 feci la scuola; ma dal 4 in avanti, fino ai primi di dicembre, si fece vacanza per causa dell\u2019invasione austriaca. Nessuno avrebbe creduto di vedere nuovamente gli Austriaci in queste terre; ma, fa male doverlo dire, ormai l\u2019indisciplina era entrata nel nostro esercito; e cos\u00ec doveva avvenire con vergogna e danni, dei quali sar\u00e0 ben difficile fare un calcolo esatto\u201d. Ancora all\u2019esordio: \u201cLi vedevo io passare per il Cadore con fare spavaldo, i nostri soldati, come volessero dire: &#8211; Presto getteremo le armi; e quelli che vollero la guerra, se la faranno. Non sembra vero: molte madri e molte mogli dicevano quasi pubblicamente ai loro figli e mariti: &#8211; Rifiutatevi di combattere, e cos\u00ec la guerra avr\u00e0 fine\u201d. Del 3 novembre una notizia: \u201cIl Provveditore agli Studi di Belluno telegrafa ai municipi che i maestri non credano a ci\u00f2 che si racconta, ma che restino saldi al loro posto e continuino sereni l\u2019opera loro; e molti, come me, sono rimasti\u201d. Appunto che si chiude con una nota polemica: \u201cE tu, caro signor Barilli, tu, ti sei fermato? Sei stato fermo tu e l\u2019hai continuata con serenit\u00e0, tu, l\u2019opera tua?\u201d. Ecco la ritirata: \u201c4 novembre:\u2026\u00e8 un continuo andare e venire per mettere al sicuro pi\u00f9 roba che si pu\u00f2, onde non resti al nemico\u2026 E\u2019 tutto un febbrile movimento, mi alzo verso mezzanotte, vado gi\u00e0 nella strada dove passano battaglioni su battaglioni e gran numero di carriaggi, domando del battaglione Val Piave, nel quale sono i miei figli Tiziano e Giuseppe\u2026 attendo e con me attendono molti padri e molte madri piangenti per abbracciare, forse per l\u2019ultima volta, i propri figli. Verso le 7 di mattina del 5 giungono i miei figli, sfigurati dal dolore e dall\u2019indignazione per i fatti di Caporetto. Stanno con me fino alle sera, poi partono, scongiurandomi che io stesso li avessi seguiti. Il figlio Romano non lo potei vedere, perch\u00e9 da alcuni giorni era stato trasportato dal Val Piave al 24. Fanteria, dove faceva il corso da ufficiale; n\u00e9 potei vedere il figlio Giovanni, che era di raggruppamento alpino nella valle del Cismon. Tosto che gli ultimi soldati nostri furono partiti da Vodo, il paese piomb\u00f2 nella disperazione\u2026 E\u2019 notte, i miei figli sono partiti, e Dio sa, se pi\u00f9 li vedr\u00f2. E\u2019 da impazzire; non so cosa fare, dove andare. La notte \u00e8 nera e tetra. Continua a passare gente di Cancia, di Borca, di San Vito: partono anche molti di Vodo con carri tirati da cavalli e con carri a mano; pare il finimondo\u2026\u201d. Il toccante, drammatico racconto prosegue con Serafini che ricorda: \u201c\u2026 Mi sento assalito dallo scoraggiamento, penso alla famiglia; e, come pazzo, parto per Zoldo, prendendo la via della montagna. Quando sono un po\u2019 in su, vedo distintamente le fiamme a Peaio e a San Vito (sono i magazzini militari che ardono &#8211; ndr.); e da laggi\u00f9, nella valle, odo gridi di disperazione, vedo lumi che vanno e vengono, e sento i belati del bestiame libero per la campagna; certo il bestiame delle famiglie partite. Dopo un viaggio faticoso e pericoloso, e in mezzo a tenebre fitte giungo in Zoldo a mezzanotte. Qui tutto era silenzio, come se ci\u00f2 che avveniva in questi momenti fosse da tutti ignorato. Alla mattina alle 6 mi alzo e vado a portare, dove posso, i saluti a quei genitori, a cui tanti poveri giovani mi avevano raccomandato e pregato, passando per Vodo. In Zoldo sono ancora i nostri soldati. Molti di essi lavorano anche di notte per rafforzare i ponti sul Rutorto, nella speranza di poter asportare del materiale dal forte di Rite. Lavoro inutile perch\u00e9 nulla si ebbe tempo di levare\u201d Annotazioni del 7 novembre: \u201cI figli Silvio e Mario sono partiti questa sera. Il giorno dopo seppi che pernottarono a Mezzo Canale e che la mattina dopo partirono da Longarone coll\u2019ultimo treno poco prima che si facesse saltare il ponte della ferrovia sul Ma\u00e8. Il primo di questi miei figli, segretario del nostro Comune, avrebbe dovuto presentarsi come soldato il giorno 5; l\u2019altro di 17 anni, doveva essere fatto militare colla prossima leva. Perch\u00e9 non cadessero nelle mani degli Austriaci, probabilmente come prigionieri di guerra, li ho fatti partire. Cos\u00ec potranno giovare ed essere utili alla Patria. A vederli partire, come gli altri due che son passati per Vodo, mi sentivo staccare le viscere. Tanti, nelle identiche condizioni, partirono con essi; ma molti altri, e di quelli anche che si trovavano in licenza e che avrebbero potuto e dovuto farlo, forse consigliati dalle buone madri e dalle brave mogli, se ne stettero fermi. Dappoi per\u00f2, com\u2019era da prevedere, furono presi dagli Austriaci e trascinati prigionieri nella monarchia amburghese, dove patirono ogni specie di privazioni e di disagi, e dove tanti lasciarono la pelle, sa Iddio, in seguito a quali strazi\u201d. Resta da dire che i \u201cRicordi\u201d di Augusto Serafini, preziosa testimonianza storica di vita vissuta in momenti di vita a dir poco grama, sono riportati in numerosi altri capitoli dello splendido libro: \u201cIl bombardamento di Vodo e la quiete in Zoldo\u201d; \u201cUn superstite del 1848: Matteo Santin da Casal\u201d; \u201cRequisizione del bestiame\u201d; \u201cPassano i nostri prigionieri affamati, laceri e sporchi\u201d; \u201cRequisiscono le campane\u201d; \u201cRequisiscono la biancheria\u201d; \u201cRequisiscono legname\u201d; \u201cCresce la fame e crescono i furti\u201d; \u201cPassano in fuori molti cavalli e in dentro molti treni di feriti\u201d; \u201cIl rombo del cannone e il rullo degli aerei\u201d; \u201cRequisiscono il fieno\u201d; \u201cRequisiscono il ferro vecchio e i cenci\u201d; \u201cRequisiscono le patate\u201d; \u201cRequisiscono i materassi e i cuscini di lana\u201d; \u201cLa ritirata dallo Zoldano\u201d; \u201cLa ritirata vista da Vodo\u201d.<\/p>\n<p>&nbsp;<\/p>\n<blockquote>\n\t\t\t<style type='text\/css'>\n\t\t\t\t#gallery-5 {\n\t\t\t\t\tmargin: auto;\n\t\t\t\t}\n\t\t\t\t#gallery-5 .gallery-item {\n\t\t\t\t\tfloat: left;\n\t\t\t\t\tmargin-top: 10px;\n\t\t\t\t\ttext-align: center;\n\t\t\t\t\twidth: 25%;\n\t\t\t\t}\n\t\t\t\t#gallery-5 img {\n\t\t\t\t\tborder: 2px solid #cfcfcf;\n\t\t\t\t}\n\t\t\t\t#gallery-5 .gallery-caption {\n\t\t\t\t\tmargin-left: 0;\n\t\t\t\t}\n\t\t\t\t\/* see gallery_shortcode() in wp-includes\/media.php *\/\n\t\t\t<\/style>\n\t\t<div id='gallery-5' class='dt-gallery-container gallery galleryid-246098 gallery-columns-4 gallery-size-thumbnail'><dl class='gallery-item'>\n\t\t\t\t<dt class='gallery-icon portrait'>\n\t\t\t\t\t<a class=\"rollover rollover-zoom dt-pswp-item\" title=\"262305537_573039573763041_5256303929064091405_n\" data-dt-img-description=\"\" data-large_image_width=\"158\" data-large_image_height=\"225\"href='https:\/\/www.radiopiu.net\/wordpress\/wp-content\/uploads\/2021\/12\/262305537_573039573763041_5256303929064091405_n.jpg'><img loading=\"lazy\" decoding=\"async\" width=\"150\" height=\"150\" src=\"https:\/\/www.radiopiu.net\/wordpress\/wp-content\/uploads\/2021\/12\/262305537_573039573763041_5256303929064091405_n-150x150.jpg\" class=\"attachment-thumbnail size-thumbnail\" alt=\"\" \/><\/a>\n\t\t\t\t<\/dt><\/dl><dl class='gallery-item'>\n\t\t\t\t<dt class='gallery-icon portrait'>\n\t\t\t\t\t<a class=\"rollover rollover-zoom dt-pswp-item\" title=\"262748271_425908262492052_8125477841247769643_n\" data-dt-img-description=\"\" data-large_image_width=\"151\" data-large_image_height=\"206\"href='https:\/\/www.radiopiu.net\/wordpress\/wp-content\/uploads\/2021\/12\/262748271_425908262492052_8125477841247769643_n.jpg'><img loading=\"lazy\" decoding=\"async\" width=\"150\" height=\"150\" src=\"https:\/\/www.radiopiu.net\/wordpress\/wp-content\/uploads\/2021\/12\/262748271_425908262492052_8125477841247769643_n-150x150.jpg\" class=\"attachment-thumbnail size-thumbnail\" alt=\"\" \/><\/a>\n\t\t\t\t<\/dt><\/dl><dl class='gallery-item'>\n\t\t\t\t<dt class='gallery-icon landscape'>\n\t\t\t\t\t<a class=\"rollover rollover-zoom dt-pswp-item\" title=\"263380400_2064818760347871_1728884043670829125_n\" data-dt-img-description=\"\" data-large_image_width=\"282\" data-large_image_height=\"206\"href='https:\/\/www.radiopiu.net\/wordpress\/wp-content\/uploads\/2021\/12\/263380400_2064818760347871_1728884043670829125_n.jpg'><img loading=\"lazy\" decoding=\"async\" width=\"150\" height=\"150\" src=\"https:\/\/www.radiopiu.net\/wordpress\/wp-content\/uploads\/2021\/12\/263380400_2064818760347871_1728884043670829125_n-150x150.jpg\" class=\"attachment-thumbnail size-thumbnail\" alt=\"\" \/><\/a>\n\t\t\t\t<\/dt><\/dl><dl class='gallery-item'>\n\t\t\t\t<dt class='gallery-icon landscape'>\n\t\t\t\t\t<a class=\"rollover rollover-zoom dt-pswp-item\" title=\"263192578_592402858704959_6338592301113410223_n\" data-dt-img-description=\"\" data-large_image_width=\"752\" data-large_image_height=\"206\"href='https:\/\/www.radiopiu.net\/wordpress\/wp-content\/uploads\/2021\/12\/263192578_592402858704959_6338592301113410223_n.jpg'><img loading=\"lazy\" decoding=\"async\" width=\"150\" height=\"150\" src=\"https:\/\/www.radiopiu.net\/wordpress\/wp-content\/uploads\/2021\/12\/263192578_592402858704959_6338592301113410223_n-150x150.jpg\" class=\"attachment-thumbnail size-thumbnail\" alt=\"\" \/><\/a>\n\t\t\t\t<\/dt><\/dl><br style=\"clear: both\" \/>\n\t\t\t<\/div>\n<\/blockquote>\n<p>&nbsp;<\/p>\n<p>NELLE FOTO (riproduzioni dal libro di Aldo Belli \u201cDocumenti di storia. Cadore Zoldo e Alpago\u201d): Augusto Serafini, autore di \u201cRicordi della invasione austriaca a Vodo e in Zoldo 1917-1918\u201d (immagine di propriet\u00e0 di Gino Fiori); la famiglia di Augusto Serafini: da sinistra il figlio Tiziano (1892), il figlio Virgilio (1885) e il figlio Giuseppe (1894), in mezzo la moglie Domenica Lazzari che ha per mano il nipote Giulio Serafini (la foto \u00e8 stata scattata a Dozza di Zoldo, davanti alla porta della casa paterna nel 1916, poco prima di Caporetto); anno 1898, scuole di Fornesighe: pluriclasse davanti alla casa Costantini (immagine di propriet\u00e0 di Gino Fiori); panoramica di Vodo di Cadore (immagine di propriet\u00e0 di Francesco Del Favero).<\/p>\n<p>&nbsp;<\/p>\n<h1><\/h1>\n<hr \/>\n<p>&nbsp;<\/p>\n<div>\n<div class=\"b654a4as d2edcug0\">\n<div class=\"rq0escxv hkbzh7o3 jwdofwj8 n8tt0mok r8blr3vg hyh9befq\">\n<p><a class=\"dt-pswp-item\" href=\"https:\/\/www.radiopiu.net\/wordpress\/wp-content\/uploads\/2020\/10\/pp.jpg\" data-dt-img-description=\"\" data-large_image_width=\"640\" data-large_image_height=\"640\"><img loading=\"lazy\" decoding=\"async\" class=\"wp-image-163678 alignleft\" src=\"https:\/\/www.radiopiu.net\/wordpress\/wp-content\/uploads\/2020\/10\/pp-300x300.jpg\" alt=\"\" width=\"106\" height=\"106\" srcset=\"https:\/\/www.radiopiu.net\/wordpress\/wp-content\/uploads\/2020\/10\/pp-300x300.jpg 300w, https:\/\/www.radiopiu.net\/wordpress\/wp-content\/uploads\/2020\/10\/pp-150x150.jpg 150w, https:\/\/www.radiopiu.net\/wordpress\/wp-content\/uploads\/2020\/10\/pp-125x125.jpg 125w, https:\/\/www.radiopiu.net\/wordpress\/wp-content\/uploads\/2020\/10\/pp-200x200.jpg 200w, https:\/\/www.radiopiu.net\/wordpress\/wp-content\/uploads\/2020\/10\/pp-80x80.jpg 80w, https:\/\/www.radiopiu.net\/wordpress\/wp-content\/uploads\/2020\/10\/pp-480x480.jpg 480w, https:\/\/www.radiopiu.net\/wordpress\/wp-content\/uploads\/2020\/10\/pp.jpg 640w\" sizes=\"auto, (max-width: 106px) 100vw, 106px\" \/><\/a><\/p>\n<\/div>\n<\/div>\n<\/div>\n<div>\n<div class=\"page-title-head hgroup\">\n<div class=\"page-title-head hgroup\">\n<div class=\"b654a4as d2edcug0\">\n<div class=\"j83agx80 btwxx1t3 lhclo0ds hop8lmos nkwizq5d scwd0bx6 roh60bw9\">\n<div class=\"rq0escxv hkbzh7o3 jwdofwj8 n8tt0mok r8blr3vg hyh9befq\">\n<div class=\"do00u71z l9j0dhe7 k4urcfbm\">\n<h2><span style=\"color: #000080;\">DON CESARE, IL PENSIERO DEL GIORNO. ALLA RADIO ALLE 7 DEL MATTINO E ALLE 19.30 DELLA SERA.\u00a0\u00a0<\/span><\/h2>\n<p>&nbsp;<\/p>\n<audio class=\"wp-audio-shortcode\" id=\"audio-246098-17\" preload=\"none\" style=\"width: 100%;\" controls=\"controls\"><source type=\"audio\/mpeg\" src=\"https:\/\/www.radiopiu.net\/wordpress\/wp-content\/uploads\/2021\/12\/cesare-2.mp3?_=17\" \/><a href=\"https:\/\/www.radiopiu.net\/wordpress\/wp-content\/uploads\/2021\/12\/cesare-2.mp3\">https:\/\/www.radiopiu.net\/wordpress\/wp-content\/uploads\/2021\/12\/cesare-2.mp3<\/a><\/audio>\n<p>&nbsp;<\/p>\n<p>&nbsp;<\/p>\n<hr \/>\n<p>&nbsp;<\/p>\n<blockquote>\n<h3>IN VIVO VERSO, SETTIMA STAGIONE CON BRUNELLA MORO, DAL LUNEDI AL VENERDI ALLE 7.10, 10.10 E 18.50<\/h3>\n<h3>TEMPO DI POESIA di MARIA VILLANI<\/h3>\n<\/blockquote>\n<p><strong>AUDIO<\/strong><\/p>\n<audio class=\"wp-audio-shortcode\" id=\"audio-246098-18\" preload=\"none\" style=\"width: 100%;\" controls=\"controls\"><source type=\"audio\/mpeg\" src=\"https:\/\/www.radiopiu.net\/wordpress\/wp-content\/uploads\/2021\/11\/04-MARIA-VILLANI-TEMPO-DI-POESIA-1.mp3?_=18\" \/><a href=\"https:\/\/www.radiopiu.net\/wordpress\/wp-content\/uploads\/2021\/11\/04-MARIA-VILLANI-TEMPO-DI-POESIA-1.mp3\">https:\/\/www.radiopiu.net\/wordpress\/wp-content\/uploads\/2021\/11\/04-MARIA-VILLANI-TEMPO-DI-POESIA-1.mp3<\/a><\/audio>\n<p>&nbsp;<\/p>\n<p>&nbsp;<\/p>\n<p><a href=\"https:\/\/www.radiopiu.net\/wordpress\/tempo-di-poesia-di-maria-villani\/foto-maria-villani\/\" rel=\"attachment wp-att-246153\"><img loading=\"lazy\" decoding=\"async\" class=\"wp-image-246153 alignleft\" src=\"https:\/\/www.radiopiu.net\/wordpress\/wp-content\/uploads\/2021\/12\/foto-MARIA-VILLANI-300x300.jpg\" alt=\"\" width=\"140\" height=\"140\" srcset=\"https:\/\/www.radiopiu.net\/wordpress\/wp-content\/uploads\/2021\/12\/foto-MARIA-VILLANI-300x300.jpg 300w, https:\/\/www.radiopiu.net\/wordpress\/wp-content\/uploads\/2021\/12\/foto-MARIA-VILLANI-1024x1024.jpg 1024w, https:\/\/www.radiopiu.net\/wordpress\/wp-content\/uploads\/2021\/12\/foto-MARIA-VILLANI-150x150.jpg 150w, https:\/\/www.radiopiu.net\/wordpress\/wp-content\/uploads\/2021\/12\/foto-MARIA-VILLANI-768x768.jpg 768w, https:\/\/www.radiopiu.net\/wordpress\/wp-content\/uploads\/2021\/12\/foto-MARIA-VILLANI.jpg 1440w\" sizes=\"auto, (max-width: 140px) 100vw, 140px\" \/><\/a>C&#8217;\u00e8 un tempo maturo per la poesia<br \/>\nE questo \u00e8 quello giusto<br \/>\nper dare un posto ai pensieri,<br \/>\nalle emozioni di un giorno finito<br \/>\nma intenso e ricco di passi veloci&#8230;<br \/>\nfaticosi,<br \/>\ne poi sguardi<br \/>\ne poi parole e poi risate<br \/>\ne poi ricordi nostalgici<br \/>\ne poi progetti balenati e poi smorzati,<br \/>\ne poi parole dette a voce alta a stemperare i pensieri,<br \/>\ne poi occhi ancora negli occhi<br \/>\ne poi<br \/>\nbaci<br \/>\ninviati<br \/>\ne ricevuti da lontano.<br \/>\ne poi la vita che scorre.<\/p>\n<p><strong>LA RACCOLTA COMPLETA\u00a0 \u00a0<\/strong><\/p>\n<blockquote class=\"wp-embedded-content\" data-secret=\"r7TUD3no95\"><p><a href=\"https:\/\/www.radiopiu.net\/wordpress\/in-vivo-verso\/\">In Vivo Verso<\/a><\/p><\/blockquote>\n<p><iframe loading=\"lazy\" class=\"wp-embedded-content\" sandbox=\"allow-scripts\" security=\"restricted\" style=\"position: absolute; clip: rect(1px, 1px, 1px, 1px);\" title=\"&#8220;In Vivo Verso&#8221; &#8212; Radio Pi\u00f9\" src=\"https:\/\/www.radiopiu.net\/wordpress\/in-vivo-verso\/embed\/#?secret=r7TUD3no95\" data-secret=\"r7TUD3no95\" width=\"600\" height=\"338\" frameborder=\"0\" marginwidth=\"0\" marginheight=\"0\" scrolling=\"no\"><\/iframe><\/p>\n<hr \/>\n<p>&nbsp;<\/p>\n<p>&nbsp;<\/p>\n<blockquote class=\"wp-embedded-content\" data-secret=\"woe0FD2qPP\"><p><a href=\"https:\/\/www.radiopiu.net\/wordpress\/zeloa\/\">MONTE CELO (ZELO) ED ALPENFESTUNG  ARTICOLO COMPLETO IN TRE PARTI<\/a><\/p><\/blockquote>\n<p><iframe loading=\"lazy\" class=\"wp-embedded-content\" sandbox=\"allow-scripts\" security=\"restricted\" style=\"position: absolute; clip: rect(1px, 1px, 1px, 1px);\" title=\"&#8220;MONTE CELO (ZELO) ED ALPENFESTUNG  ARTICOLO COMPLETO IN TRE PARTI&#8221; &#8212; Radio Pi\u00f9\" src=\"https:\/\/www.radiopiu.net\/wordpress\/zeloa\/embed\/#?secret=woe0FD2qPP\" data-secret=\"woe0FD2qPP\" width=\"600\" height=\"338\" frameborder=\"0\" marginwidth=\"0\" marginheight=\"0\" scrolling=\"no\"><\/iframe><\/p>\n<p>&nbsp;<\/p>\n<hr \/>\n<p>&nbsp;<\/p>\n<h2><strong><span style=\"color: #000000;\">CONNESSI di Luisa Manfroi\u00a0 la settima puntata\u00a0 \u00a0<\/span><\/strong><\/h2>\n<audio class=\"wp-audio-shortcode\" id=\"audio-246098-19\" preload=\"none\" style=\"width: 100%;\" controls=\"controls\"><source type=\"audio\/mpeg\" src=\"https:\/\/www.radiopiu.net\/wordpress\/wp-content\/uploads\/2021\/11\/7-Bufale-e-fake-news-quando-la-rete-fa-disinformazione.mp3?_=19\" \/><a href=\"https:\/\/www.radiopiu.net\/wordpress\/wp-content\/uploads\/2021\/11\/7-Bufale-e-fake-news-quando-la-rete-fa-disinformazione.mp3\">https:\/\/www.radiopiu.net\/wordpress\/wp-content\/uploads\/2021\/11\/7-Bufale-e-fake-news-quando-la-rete-fa-disinformazione.mp3<\/a><\/audio>\n<p>&nbsp;<\/p>\n<div>\n<div class=\"page-title-head hgroup\">\n<div class=\"page-title-head hgroup\">\n<div class=\"b654a4as d2edcug0\">\n<div class=\"j83agx80 btwxx1t3 lhclo0ds hop8lmos nkwizq5d scwd0bx6 roh60bw9\">\n<div class=\"rq0escxv hkbzh7o3 jwdofwj8 n8tt0mok r8blr3vg hyh9befq\">\n<div class=\"do00u71z l9j0dhe7 k4urcfbm\">\n<div class=\"ecm0bbzt e5nlhep0 a8c37x1j\">\n<div class=\"kvgmc6g5 cxmmr5t8 oygrvhab hcukyx3x c1et5uql\">\n<div class=\"gmail-kvgmc6g5 gmail-cxmmr5t8 gmail-oygrvhab gmail-hcukyx3x gmail-c1et5uql gmail-ii04i59q\">\n<div class=\"page-title-head hgroup\">\n<div class=\"page-title-head hgroup\">\n<div class=\"b654a4as d2edcug0\">\n<div class=\"j83agx80 btwxx1t3 lhclo0ds hop8lmos nkwizq5d scwd0bx6 roh60bw9\">\n<div class=\"rq0escxv hkbzh7o3 jwdofwj8 n8tt0mok r8blr3vg hyh9befq\">\n<div class=\"do00u71z l9j0dhe7 k4urcfbm\">\n<blockquote class=\"wp-embedded-content\" data-secret=\"buumUlFbzw\"><p><a href=\"https:\/\/www.radiopiu.net\/wordpress\/connessi-2\/\">Connessi<\/a><\/p><\/blockquote>\n<p><iframe loading=\"lazy\" class=\"wp-embedded-content\" sandbox=\"allow-scripts\" security=\"restricted\" style=\"position: absolute; clip: rect(1px, 1px, 1px, 1px);\" title=\"&#8220;Connessi&#8221; &#8212; Radio Pi\u00f9\" src=\"https:\/\/www.radiopiu.net\/wordpress\/connessi-2\/embed\/#?secret=buumUlFbzw\" data-secret=\"buumUlFbzw\" width=\"600\" height=\"338\" frameborder=\"0\" marginwidth=\"0\" marginheight=\"0\" scrolling=\"no\"><\/iframe><\/p>\n<p>&nbsp;<\/p>\n<p>&nbsp;<\/p>\n<hr \/>\n<p>&nbsp;<\/p>\n<h2><span style=\"color: #ff00ff;\"><a href=\"https:\/\/www.radiopiu.net\/wordpress\/plastic-free-ottava-puntata\/260172614_616817659360747_2768082105235435116_n-2\/\" rel=\"attachment wp-att-244795\"><img loading=\"lazy\" decoding=\"async\" class=\" wp-image-244795 alignleft\" src=\"https:\/\/www.radiopiu.net\/wordpress\/wp-content\/uploads\/2021\/11\/260172614_616817659360747_2768082105235435116_n-1-225x300.jpg\" alt=\"\" width=\"85\" height=\"113\" srcset=\"https:\/\/www.radiopiu.net\/wordpress\/wp-content\/uploads\/2021\/11\/260172614_616817659360747_2768082105235435116_n-1-225x300.jpg 225w, https:\/\/www.radiopiu.net\/wordpress\/wp-content\/uploads\/2021\/11\/260172614_616817659360747_2768082105235435116_n-1.jpg 720w\" sizes=\"auto, (max-width: 85px) 100vw, 85px\" \/><\/a>PLASTIC FREE PER UN MONDO SENZA PLASTICA<\/span><\/h2>\n<p><strong>Con la collaborazione di Martina Smaniotto<\/strong><\/p>\n<p><em><strong>Puntata del 24 novembre 2021 DALLE SCUOLE DI CANALE D&#8217;AGORDO<\/strong><\/em><\/p>\n<audio class=\"wp-audio-shortcode\" id=\"audio-246098-20\" preload=\"none\" style=\"width: 100%;\" controls=\"controls\"><source type=\"audio\/mpeg\" src=\"https:\/\/www.radiopiu.net\/wordpress\/wp-content\/uploads\/2021\/11\/MARTINA-PLASTIC-7.mp3?_=20\" \/><a href=\"https:\/\/www.radiopiu.net\/wordpress\/wp-content\/uploads\/2021\/11\/MARTINA-PLASTIC-7.mp3\">https:\/\/www.radiopiu.net\/wordpress\/wp-content\/uploads\/2021\/11\/MARTINA-PLASTIC-7.mp3<\/a><\/audio>\n<p><strong>\u00a0<\/strong><\/p>\n<p><strong>LA RACCOLTA COMPLETA<\/strong><\/p>\n<blockquote class=\"wp-embedded-content\" data-secret=\"Fp9kYalP2H\"><p><a href=\"https:\/\/www.radiopiu.net\/wordpress\/plastic-free-per-un-mondo-senza-plastica\/\">PLASTIC FREE per un mondo senza plastica<\/a><\/p><\/blockquote>\n<p><iframe loading=\"lazy\" class=\"wp-embedded-content\" sandbox=\"allow-scripts\" security=\"restricted\" style=\"position: absolute; clip: rect(1px, 1px, 1px, 1px);\" title=\"&#8220;PLASTIC FREE per un mondo senza plastica&#8221; &#8212; Radio Pi\u00f9\" src=\"https:\/\/www.radiopiu.net\/wordpress\/plastic-free-per-un-mondo-senza-plastica\/embed\/#?secret=Fp9kYalP2H\" data-secret=\"Fp9kYalP2H\" width=\"600\" height=\"338\" frameborder=\"0\" marginwidth=\"0\" marginheight=\"0\" scrolling=\"no\"><\/iframe><\/p>\n<p>&nbsp;<\/p>\n<hr \/>\n<p>&nbsp;<\/p>\n<p><span style=\"color: #0000ff;\">MUSICA PIU&#8217;\u00a0<\/span><\/p>\n<p><a href=\"https:\/\/www.radiopiu.net\/wordpress\/giornale-radiopiu-20-settembre-2021-direttore-mirko-mezzacasa\/pp-79\/\" rel=\"attachment wp-att-232921\"><img loading=\"lazy\" decoding=\"async\" class=\"wp-image-232921 alignleft\" src=\"https:\/\/www.radiopiu.net\/wordpress\/wp-content\/uploads\/2021\/09\/pp-1-300x300.jpg\" alt=\"\" width=\"135\" height=\"135\" srcset=\"https:\/\/www.radiopiu.net\/wordpress\/wp-content\/uploads\/2021\/09\/pp-1-300x300.jpg 300w, https:\/\/www.radiopiu.net\/wordpress\/wp-content\/uploads\/2021\/09\/pp-1-150x150.jpg 150w, https:\/\/www.radiopiu.net\/wordpress\/wp-content\/uploads\/2021\/09\/pp-1.jpg 640w\" sizes=\"auto, (max-width: 135px) 100vw, 135px\" \/><\/a><\/p>\n<div class=\"mkdf-post-text\">\n<div class=\"mkdf-post-text-inner\">\n<div class=\"mkdf-post-text-main\">\n<div class=\"mkdf-post-text\">\n<div class=\"mkdf-post-text-inner\">\n<div class=\"mkdf-post-text-main\">\n<div class=\"mkdf-post-text\">\n<div class=\"mkdf-post-text-inner\">\n<div class=\"mkdf-post-text-main\">\n<div class=\"page-title-head hgroup\">\n<div class=\"page-title-head hgroup\">\n<div class=\"mkdf-post-text\">\n<div class=\"mkdf-post-text-inner\">\n<div class=\"mkdf-post-text-main\">\n<div class=\"mkdf-post-text\">\n<div class=\"mkdf-post-text-inner\">\n<div class=\"mkdf-post-text-main\">\n<div class=\"page-title-head hgroup\">\n<div class=\"page-title-head hgroup\">\n<div class=\"page-title-head hgroup\">\n<div class=\"page-title-head hgroup\">\n<div class=\"b654a4as d2edcug0\">\n<div class=\"page-title-head hgroup\">\n<div class=\"page-title-head hgroup\">\n<div class=\"page-title-head hgroup\">\n<div class=\"page-title-head hgroup\">\n<div class=\"b654a4as d2edcug0\">\n<div class=\"page-title-head hgroup\">\n<div class=\"page-title-head hgroup\">\n<div class=\"page-title-head hgroup\">\n<div class=\"page-title-head hgroup\">\n<div class=\"b654a4as d2edcug0\">\n<div class=\"mkdf-post-text\">\n<div class=\"mkdf-post-text-inner\">\n<div class=\"mkdf-post-text-main\">\n<div class=\"mkdf-post-text\">\n<div class=\"mkdf-post-text-inner\">\n<div class=\"mkdf-post-text-main\">\n<div class=\"mkdf-post-text\">\n<div class=\"mkdf-post-text-inner\">\n<div class=\"mkdf-post-text-main\">\n<div class=\"page-title-head hgroup\">\n<div class=\"page-title-head hgroup\">\n<div class=\"mkdf-post-text\">\n<div class=\"mkdf-post-text-inner\">\n<div class=\"mkdf-post-text-main\">\n<div class=\"mkdf-post-text\">\n<div class=\"mkdf-post-text-inner\">\n<div class=\"mkdf-post-text-main\">\n<div class=\"page-title-head hgroup\">\n<div class=\"page-title-head hgroup\">\n<div class=\"page-title-head hgroup\">\n<div class=\"page-title-head hgroup\">\n<div class=\"b654a4as d2edcug0\">\n<div class=\"page-title-head hgroup\">\n<div class=\"page-title-head hgroup\">\n<div class=\"page-title-head hgroup\">\n<div class=\"page-title-head hgroup\">\n<div class=\"b654a4as d2edcug0\">\n<div class=\"page-title-head hgroup\">\n<div class=\"page-title-head hgroup\">\n<div class=\"page-title-head hgroup\">\n<div class=\"page-title-head hgroup\">\n<div class=\"b654a4as d2edcug0\">\n<div><\/div>\n<div><\/div>\n<div>\n<p><strong>MUSICA ALLA RADIO, IL PROGRAMMA DI LORIS SCUSSEL &#8220;COLLAGE OPERAZIONE NOSTALGIA&#8221; DAL LUNEDI AL VENERDI ALLE 16.00\u00a0 E ALLE 23\u00a0<\/strong><\/p>\n<\/div>\n<p>&nbsp;<\/p>\n<p>&nbsp;<\/p>\n<p><strong>LA PUNTATA DI IERI, N. 489<\/strong><\/p>\n<\/div>\n<\/div>\n<\/div>\n<\/div>\n<\/div>\n<\/div>\n<\/div>\n<\/div>\n<\/div>\n<\/div>\n<\/div>\n<\/div>\n<\/div>\n<\/div>\n<\/div>\n<\/div>\n<\/div>\n<\/div>\n<\/div>\n<\/div>\n<\/div>\n<\/div>\n<\/div>\n<\/div>\n<\/div>\n<\/div>\n<\/div>\n<\/div>\n<\/div>\n<\/div>\n<\/div>\n<\/div>\n<\/div>\n<\/div>\n<\/div>\n<\/div>\n<\/div>\n<\/div>\n<\/div>\n<\/div>\n<\/div>\n<\/div>\n<\/div>\n<\/div>\n<\/div>\n<\/div>\n<\/div>\n<\/div>\n<\/div>\n<\/div>\n<\/div>\n<\/div>\n<\/div>\n<\/div>\n<\/div>\n<\/div>\n<\/div>\n<\/div>\n<\/div>\n<\/div>\n<\/div>\n<\/div>\n<\/div>\n<\/div>\n<audio class=\"wp-audio-shortcode\" id=\"audio-246098-21\" preload=\"none\" style=\"width: 100%;\" controls=\"controls\"><source type=\"audio\/mpeg\" src=\"https:\/\/www.radiopiu.net\/wordpress\/wp-content\/uploads\/2021\/11\/Collage-489.mp3?_=21\" \/><a href=\"https:\/\/www.radiopiu.net\/wordpress\/wp-content\/uploads\/2021\/11\/Collage-489.mp3\">https:\/\/www.radiopiu.net\/wordpress\/wp-content\/uploads\/2021\/11\/Collage-489.mp3<\/a><\/audio>\n<p>&nbsp;<\/p>\n<hr \/>\n<p>&nbsp;<\/p>\n<p>&nbsp;<\/p>\n<blockquote class=\"wp-embedded-content\" data-secret=\"c8md8vCKLG\"><p><a href=\"https:\/\/www.radiopiu.net\/wordpress\/freemix-la-liberta-musicale-mixata-da-dj-athos-e-raccontata-da-dj-jack\/\">FREEMIX, LA LIBERTA&#8217; MUSICALE MIXATA DA DJ ATHOS E RACCONTATA DA DJ JACK<\/a><\/p><\/blockquote>\n<p><iframe loading=\"lazy\" class=\"wp-embedded-content\" sandbox=\"allow-scripts\" security=\"restricted\" style=\"position: absolute; clip: rect(1px, 1px, 1px, 1px);\" title=\"&#8220;FREEMIX, LA LIBERTA&#8217; MUSICALE MIXATA DA DJ ATHOS E RACCONTATA DA DJ JACK&#8221; &#8212; Radio Pi\u00f9\" src=\"https:\/\/www.radiopiu.net\/wordpress\/freemix-la-liberta-musicale-mixata-da-dj-athos-e-raccontata-da-dj-jack\/embed\/#?secret=c8md8vCKLG\" data-secret=\"c8md8vCKLG\" width=\"600\" height=\"338\" frameborder=\"0\" marginwidth=\"0\" marginheight=\"0\" scrolling=\"no\"><\/iframe><\/p>\n<p>&nbsp;<\/p>\n<blockquote class=\"wp-embedded-content\" data-secret=\"DtcxghKGsF\"><p><a href=\"https:\/\/www.radiopiu.net\/wordpress\/da-ieri-alla-radio-in-palinsesto-loris-e-maurizio-con-la-grande-musica\/\">IL BLUES ALLA RADIO &#8230; COME NON L&#8217;AVETE MAI SENTITO PRIMA<\/a><\/p><\/blockquote>\n<p><iframe loading=\"lazy\" class=\"wp-embedded-content\" sandbox=\"allow-scripts\" security=\"restricted\" style=\"position: absolute; clip: rect(1px, 1px, 1px, 1px);\" title=\"&#8220;IL BLUES ALLA RADIO &#8230; COME NON L&#8217;AVETE MAI SENTITO PRIMA&#8221; &#8212; Radio Pi\u00f9\" src=\"https:\/\/www.radiopiu.net\/wordpress\/da-ieri-alla-radio-in-palinsesto-loris-e-maurizio-con-la-grande-musica\/embed\/#?secret=DtcxghKGsF\" data-secret=\"DtcxghKGsF\" width=\"600\" height=\"338\" frameborder=\"0\" marginwidth=\"0\" marginheight=\"0\" scrolling=\"no\"><\/iframe><\/p>\n<p>&nbsp;<\/p>\n<p>&nbsp;<\/p>\n<hr \/>\n<p>&nbsp;<\/p>\n<blockquote>\n<h3><span style=\"color: #0000ff;\">INFORMAZIONE il canale su TELEGRAM informazione di prima mano e in tempo reale. iscriviti ed aiutaci a farlo conoscere\u00a0\u00a0<\/span><\/h3>\n<\/blockquote>\n<div>\n<div class=\"page-title-head hgroup\">\n<div class=\"page-title-head hgroup\">\n<div class=\"page-title-head hgroup\">\n<div class=\"page-title-head hgroup\">\n<div class=\"b654a4as d2edcug0\">\n<div class=\"page-title-head hgroup\">\n<div class=\"page-title-head hgroup\">\n<div class=\"page-title-head hgroup\">\n<div class=\"page-title-head hgroup\">\n<div class=\"b654a4as d2edcug0\">\n<div class=\"page-title-head hgroup\">\n<div class=\"page-title-head hgroup\">\n<div class=\"page-title-head hgroup\">\n<div class=\"page-title-head hgroup\">\n<div class=\"page-title-head hgroup\">\n<div class=\"page-title-head hgroup\">\n<div class=\"page-title-head hgroup\">\n<div class=\"page-title-head hgroup\">\n<div class=\"page-title-head hgroup\">\n<div class=\"b654a4as d2edcug0\">\n<div class=\"page-title-head hgroup\">\n<div class=\"page-title-head hgroup\">\n<div class=\"page-title-head hgroup\">\n<div class=\"page-title-head hgroup\">\n<div class=\"b654a4as d2edcug0\">\n<div>\n<p>&nbsp;<\/p>\n<\/div>\n<div>\n<div class=\"page-title-head hgroup\">\n<div class=\"page-title-head hgroup\">\n<div class=\"page-title-head hgroup\">\n<div class=\"page-title-head hgroup\">\n<div class=\"page-title-head hgroup\">\n<div class=\"b654a4as d2edcug0\">\n<div>\n<hr \/>\n<\/div>\n<\/div>\n<div>\n<div>\n<p>&nbsp;<\/p>\n<\/div>\n<div>\n<div>\n<p>&nbsp;<\/p>\n<\/div>\n<div>\n<div>\n<p><strong>DUE MINUTI UN LIBRO, TUTTI I GIORNI ALLA RADIO ALLE 9.40 E ALLE 17.50<\/strong><\/p>\n<div>\n<div>\n<p><strong>LA RACCOLTA COMPLETA\u00a0\u00a0<\/strong><\/p>\n<\/div>\n<div>\n<blockquote class=\"wp-embedded-content\" data-secret=\"4zvyoBKKyc\"><p><a href=\"https:\/\/www.radiopiu.net\/wordpress\/due-minuti-un-libro\/\">Due minuti un libro<\/a><\/p><\/blockquote>\n<p><iframe loading=\"lazy\" class=\"wp-embedded-content\" sandbox=\"allow-scripts\" security=\"restricted\" style=\"position: absolute; clip: rect(1px, 1px, 1px, 1px);\" title=\"&#8220;Due minuti un libro&#8221; &#8212; Radio Pi\u00f9\" src=\"https:\/\/www.radiopiu.net\/wordpress\/due-minuti-un-libro\/embed\/#?secret=4zvyoBKKyc\" data-secret=\"4zvyoBKKyc\" width=\"600\" height=\"338\" frameborder=\"0\" marginwidth=\"0\" marginheight=\"0\" scrolling=\"no\"><\/iframe><\/p>\n<\/div>\n<\/div>\n<\/div>\n<div class=\"mkdf-post-text\">\n<div class=\"mkdf-post-text-inner\">\n<div class=\"mkdf-post-text-main\">\n<div class=\"mkdf-post-text\">\n<div class=\"mkdf-post-text-inner\">\n<div class=\"mkdf-post-text-main\">\n<div class=\"mkdf-post-text\">\n<div class=\"mkdf-post-text-inner\">\n<div class=\"mkdf-post-text-main\">\n<div class=\"page-title-head hgroup\">\n<div class=\"page-title-head hgroup\">\n<div class=\"mkdf-post-text\">\n<div class=\"mkdf-post-text-inner\">\n<div class=\"mkdf-post-text-main\">\n<div class=\"mkdf-post-text\">\n<div class=\"mkdf-post-text-inner\">\n<div class=\"mkdf-post-text-main\">\n<div class=\"page-title-head hgroup\">\n<div class=\"page-title-head hgroup\">\n<div class=\"page-title-head hgroup\">\n<div class=\"page-title-head hgroup\">\n<div class=\"b654a4as d2edcug0\">\n<div class=\"page-title-head hgroup\">\n<div class=\"page-title-head hgroup\">\n<div class=\"page-title-head hgroup\">\n<div class=\"page-title-head hgroup\">\n<div class=\"b654a4as d2edcug0\">\n<div class=\"page-title-head hgroup\">\n<div class=\"page-title-head hgroup\">\n<div class=\"page-title-head hgroup\">\n<div class=\"page-title-head hgroup\">\n<div class=\"b654a4as d2edcug0\">\n<div>\n<p>&nbsp;<\/p>\n<\/div>\n<div>\n<hr \/>\n<p>&nbsp;<\/p>\n<\/div>\n<h2><span style=\"color: #808000;\">L&#8217;ALMANACCO LADINO\u00a0\u00a0<\/span><\/h2>\n<p><strong>LA RACCOLTA<\/strong><\/p>\n<blockquote class=\"wp-embedded-content\" data-secret=\"aG2MTbIXcq\"><p><a href=\"https:\/\/www.radiopiu.net\/wordpress\/almanacco-ladino\/\">Almanacco Ladino<\/a><\/p><\/blockquote>\n<p><iframe loading=\"lazy\" class=\"wp-embedded-content\" sandbox=\"allow-scripts\" security=\"restricted\" style=\"position: absolute; clip: rect(1px, 1px, 1px, 1px);\" title=\"&#8220;Almanacco Ladino&#8221; &#8212; Radio Pi\u00f9\" src=\"https:\/\/www.radiopiu.net\/wordpress\/almanacco-ladino\/embed\/#?secret=aG2MTbIXcq\" data-secret=\"aG2MTbIXcq\" width=\"600\" height=\"338\" frameborder=\"0\" marginwidth=\"0\" marginheight=\"0\" scrolling=\"no\"><\/iframe><\/p>\n<p>&nbsp;<\/p>\n<hr \/>\n<p>&nbsp;<\/p>\n<h2><span style=\"color: #33cccc;\">LA RASSEGNA STAMPA DA L&#8217;AMICO DEL POPOLO<\/span><\/h2>\n<p><strong><a href=\"https:\/\/www.radiopiu.net\/wordpress\/giornale-radiopiu-18-maggio-2019-direttore-mirko-mezzacasa\/vallada-agordina\/\" rel=\"attachment wp-att-85787\"><img loading=\"lazy\" decoding=\"async\" class=\" wp-image-85787 alignleft\" src=\"https:\/\/www.radiopiu.net\/wordpress\/wp-content\/uploads\/2019\/05\/vallada-agordina-300x200.jpg\" alt=\"\" width=\"176\" height=\"117\" srcset=\"https:\/\/www.radiopiu.net\/wordpress\/wp-content\/uploads\/2019\/05\/vallada-agordina-300x200.jpg 300w, https:\/\/www.radiopiu.net\/wordpress\/wp-content\/uploads\/2019\/05\/vallada-agordina-768x512.jpg 768w, https:\/\/www.radiopiu.net\/wordpress\/wp-content\/uploads\/2019\/05\/vallada-agordina.jpg 850w\" sizes=\"auto, (max-width: 176px) 100vw, 176px\" \/><\/a>di Gianni Santomaso<\/strong><\/p>\n<p>Ospite: Daniele Scola<\/p>\n<audio class=\"wp-audio-shortcode\" id=\"audio-246098-22\" preload=\"none\" style=\"width: 100%;\" controls=\"controls\"><source type=\"audio\/mpeg\" src=\"https:\/\/www.radiopiu.net\/wordpress\/wp-content\/uploads\/2021\/11\/RASSEGNA-GIANNI-3.mp3?_=22\" \/><a href=\"https:\/\/www.radiopiu.net\/wordpress\/wp-content\/uploads\/2021\/11\/RASSEGNA-GIANNI-3.mp3\">https:\/\/www.radiopiu.net\/wordpress\/wp-content\/uploads\/2021\/11\/RASSEGNA-GIANNI-3.mp3<\/a><\/audio>\n<p>&nbsp;<\/p>\n<p><strong>LA RACCOLTA COMPLETA<\/strong><\/p>\n<blockquote class=\"wp-embedded-content\" data-secret=\"4KpNJ8FyXW\"><p><a href=\"https:\/\/www.radiopiu.net\/wordpress\/rassegna-stampa-di-gianni-santomaso\/\">Rassegna stampa da l&#8217;amico del popolo &#8211; di Gianni Santomaso<\/a><\/p><\/blockquote>\n<p><iframe loading=\"lazy\" class=\"wp-embedded-content\" sandbox=\"allow-scripts\" security=\"restricted\" style=\"position: absolute; clip: rect(1px, 1px, 1px, 1px);\" title=\"&#8220;Rassegna stampa da l&#8217;amico del popolo &#8211; di Gianni Santomaso&#8221; &#8212; Radio Pi\u00f9\" src=\"https:\/\/www.radiopiu.net\/wordpress\/rassegna-stampa-di-gianni-santomaso\/embed\/#?secret=4KpNJ8FyXW\" data-secret=\"4KpNJ8FyXW\" width=\"600\" height=\"338\" frameborder=\"0\" marginwidth=\"0\" marginheight=\"0\" scrolling=\"no\"><\/iframe><\/p>\n<p>&nbsp;<\/p>\n<hr \/>\n<p>&nbsp;<\/p>\n<h2><span style=\"color: #800080;\">I RACCONTI DI PAOLO SOPPELSA<\/span><\/h2>\n<p>&nbsp;<\/p>\n<p><strong>LA RACCOLTA COMPLETA<\/strong><\/p>\n<blockquote class=\"wp-embedded-content\" data-secret=\"5IJGi9G5AN\"><p><a href=\"https:\/\/www.radiopiu.net\/wordpress\/i-racconti-di-paolo-soppelsa\/\">I racconti di Paolo Soppelsa<\/a><\/p><\/blockquote>\n<p><iframe loading=\"lazy\" class=\"wp-embedded-content\" sandbox=\"allow-scripts\" security=\"restricted\" style=\"position: absolute; clip: rect(1px, 1px, 1px, 1px);\" title=\"&#8220;I racconti di Paolo Soppelsa&#8221; &#8212; Radio Pi\u00f9\" src=\"https:\/\/www.radiopiu.net\/wordpress\/i-racconti-di-paolo-soppelsa\/embed\/#?secret=5IJGi9G5AN\" data-secret=\"5IJGi9G5AN\" width=\"600\" height=\"338\" frameborder=\"0\" marginwidth=\"0\" marginheight=\"0\" scrolling=\"no\"><\/iframe><\/p>\n<p>&nbsp;<\/p>\n<hr \/>\n<\/div>\n<div class=\"b654a4as d2edcug0\">\n<p>&nbsp;<\/p>\n<p><a href=\"https:\/\/www.radiopiu.net\/wordpress\/giornale-radiopiu-26-settembre-2018-direttore-mirko-mezzacasa\/viabilita-2\/\" rel=\"attachment wp-att-61954\"><img loading=\"lazy\" decoding=\"async\" class=\"aligncenter wp-image-61954 size-full\" src=\"https:\/\/www.radiopiu.net\/wordpress\/wp-content\/uploads\/2018\/09\/viabilita.jpeg\" sizes=\"auto, (max-width: 800px) 100vw, 800px\" srcset=\"https:\/\/www.radiopiu.net\/wordpress\/wp-content\/uploads\/2018\/09\/viabilita.jpeg 800w, https:\/\/www.radiopiu.net\/wordpress\/wp-content\/uploads\/2018\/09\/viabilita-300x38.jpeg 300w, https:\/\/www.radiopiu.net\/wordpress\/wp-content\/uploads\/2018\/09\/viabilita-768x96.jpeg 768w\" alt=\"\" width=\"800\" height=\"100\" \/><\/a><\/p>\n<div class=\"ecm0bbzt e5nlhep0 a8c37x1j\">\n<div class=\"kvgmc6g5 cxmmr5t8 oygrvhab hcukyx3x c1et5uql\">\n<div class=\"gmail-kvgmc6g5 gmail-cxmmr5t8 gmail-oygrvhab gmail-hcukyx3x gmail-c1et5uql gmail-ii04i59q\">\n<div class=\"page-title-head hgroup\">\n<div class=\"page-title-head hgroup\">\n<div class=\"b654a4as d2edcug0\">\n<div class=\"j83agx80 btwxx1t3 lhclo0ds hop8lmos nkwizq5d scwd0bx6 roh60bw9\">\n<div class=\"rq0escxv hkbzh7o3 jwdofwj8 n8tt0mok r8blr3vg hyh9befq\">\n<div class=\"do00u71z l9j0dhe7 k4urcfbm\">\n<div class=\"page-title-head hgroup\">\n<div class=\"page-title-head hgroup\">\n<div class=\"page-title-head hgroup\">\n<div class=\"page-title-head hgroup\">\n<div class=\"b654a4as d2edcug0\">\n<div class=\"page-title-head hgroup\">\n<div class=\"page-title-head hgroup\">\n<div class=\"page-title-head hgroup\">\n<div class=\"page-title-head hgroup\">\n<div class=\"b654a4as d2edcug0\">\n<div class=\"page-title-head hgroup\">\n<div class=\"page-title-head hgroup\">\n<div class=\"page-title-head hgroup\">\n<div class=\"page-title-head hgroup\">\n<div class=\"page-title-head hgroup\">\n<div class=\"page-title-head hgroup\">\n<div class=\"page-title-head hgroup\">\n<div class=\"page-title-head hgroup\">\n<div class=\"page-title-head hgroup\">\n<div class=\"b654a4as d2edcug0\">\n<div class=\"page-title-head hgroup\">\n<div class=\"page-title-head hgroup\">\n<div class=\"page-title-head hgroup\">\n<div class=\"page-title-head hgroup\">\n<div class=\"b654a4as d2edcug0\">\n<div class=\"page-title-head hgroup\">\n<div class=\"page-title-head hgroup\">\n<div class=\"page-title-head hgroup\">\n<div class=\"page-title-head hgroup\">\n<div class=\"page-title-head hgroup\">\n<div class=\"mkdf-post-text\">\n<div class=\"mkdf-post-text-inner\">\n<div class=\"mkdf-post-text-main\">\n<div class=\"mkdf-post-text\">\n<div class=\"mkdf-post-text-inner\">\n<div class=\"mkdf-post-text-main\">\n<div class=\"mkdf-post-text\">\n<div class=\"mkdf-post-text-inner\">\n<div class=\"mkdf-post-text-main\">\n<div class=\"page-title-head hgroup\">\n<div class=\"page-title-head hgroup\">\n<div class=\"mkdf-post-text\">\n<div class=\"mkdf-post-text-inner\">\n<div class=\"mkdf-post-text-main\">\n<div class=\"mkdf-post-text\">\n<div class=\"mkdf-post-text-inner\">\n<div class=\"mkdf-post-text-main\">\n<div class=\"page-title-head hgroup\">\n<div class=\"page-title-head hgroup\">\n<div class=\"page-title-head hgroup\">\n<div class=\"page-title-head hgroup\">\n<div class=\"b654a4as d2edcug0\">\n<div class=\"page-title-head hgroup\">\n<div class=\"page-title-head hgroup\">\n<div class=\"page-title-head hgroup\">\n<div class=\"page-title-head hgroup\">\n<div class=\"b654a4as d2edcug0\">\n<div class=\"page-title-head hgroup\">\n<div class=\"page-title-head hgroup\">\n<div class=\"page-title-head hgroup\">\n<div class=\"page-title-head hgroup\">\n<div class=\"b654a4as d2edcug0\">\n<div class=\"chat-input\">\n<div class=\"chat-input-container\">\n<div class=\"rows-wrapper chat-input-wrapper\">\n<div class=\"reply-wrapper\">\n<div class=\"btn-menu\">\n<div class=\"btn-menu-item tgico-replace rp\">\n<div class=\"c-ripple\">\n<div class=\"bubbles scrolled-down\">\n<div class=\"scrollable scrollable-y\">\n<div class=\"bubbles-inner has-rights is-chat is-channel\">\n<div class=\"bubbles-date-group\">\n<div class=\"bubble hide-name is-out can-have-tail is-group-first is-group-last is-read\" data-mid=\"5377294335\" data-peer-id=\"-1478820725\" data-timestamp=\"1638437407\">\n<div class=\"bubble-content-wrapper\">\n<div class=\"bubble-content\">\n<div class=\"message\" dir=\"auto\"><strong>\u00a0<\/strong><\/div>\n<div class=\"message\" dir=\"auto\"><strong>48 DELLE DOLOMITI<\/strong> localit\u00e0 Salesei di Sopra (Livinallongo)\u00a0 fino al 23 dicembre dalle 8 alle 17 &#8211; esclusi festivi e prefestivi &#8211; possibili interruzioni fino a 15 minuti, negli altri orari senso unico alternato con semaforo o movieri<\/div>\n<\/div>\n<\/div>\n<\/div>\n<\/div>\n<\/div>\n<\/div>\n<\/div>\n<\/div>\n<\/div>\n<\/div>\n<\/div>\n<div class=\"new-message-wrapper\"><\/div>\n<\/div>\n<\/div>\n<\/div>\n<p><strong>SR 48 D<\/strong><strong>ELLE DOLOMITI<\/strong> fino al 17 dicembre senso unico alternato regolato da semaforo &#8211; esclusi festivi e prefestivi &#8211; in localit\u00e0 Bosco Ruaz.<\/p>\n<\/div>\n<\/div>\n<\/div>\n<\/div>\n<\/div>\n<\/div>\n<\/div>\n<\/div>\n<\/div>\n<\/div>\n<\/div>\n<\/div>\n<\/div>\n<\/div>\n<\/div>\n<\/div>\n<\/div>\n<\/div>\n<\/div>\n<\/div>\n<\/div>\n<\/div>\n<\/div>\n<\/div>\n<\/div>\n<\/div>\n<\/div>\n<\/div>\n<\/div>\n<\/div>\n<\/div>\n<\/div>\n<\/div>\n<\/div>\n<\/div>\n<\/div>\n<\/div>\n<\/div>\n<\/div>\n<\/div>\n<\/div>\n<\/div>\n<\/div>\n<\/div>\n<\/div>\n<\/div>\n<\/div>\n<\/div>\n<\/div>\n<\/div>\n<\/div>\n<\/div>\n<\/div>\n<\/div>\n<\/div>\n<\/div>\n<\/div>\n<\/div>\n<\/div>\n<\/div>\n<\/div>\n<\/div>\n<\/div>\n<\/div>\n<\/div>\n<\/div>\n<\/div>\n<\/div>\n<\/div>\n<\/div>\n<\/div>\n<\/div>\n<\/div>\n<\/div>\n<\/div>\n<\/div>\n<\/div>\n<\/div>\n<\/div>\n<\/div>\n<\/div>\n<\/div>\n<\/div>\n<\/div>\n<\/div>\n<\/div>\n<\/div>\n<\/div>\n<\/div>\n<\/div>\n<\/div>\n<\/div>\n<\/div>\n<\/div>\n<\/div>\n<\/div>\n<\/div>\n<\/div>\n<\/div>\n<\/div>\n<\/div>\n<\/div>\n<\/div>\n<\/div>\n<\/div>\n<\/div>\n<\/div>\n<\/div>\n<\/div>\n<\/div>\n<\/div>\n<\/div>\n<\/div>\n<\/div>\n<\/div>\n<\/div>\n<\/div>\n<\/div>\n<\/div>\n<\/div>\n<\/div>\n<\/div>\n<\/div>\n<\/div>\n<\/div>\n<\/div>\n<\/div>\n<\/div>\n<\/div>\n<\/div>\n<\/div>\n<\/div>\n<\/div>\n<\/div>\n<\/div>\n<\/div>\n<\/div>\n<\/div>\n<\/div>\n<\/div>\n<\/div>\n<\/div>\n<\/div>\n<\/div>\n<\/div>\n<\/div>\n<\/div>\n<\/div>\n<\/div>\n<\/div>\n<\/div>\n<\/div>\n<\/div>\n<\/div>\n<div>\n<div class=\"page-title-head hgroup\">\n<div class=\"page-title-head hgroup\">\n<div class=\"b654a4as d2edcug0\">\n<div class=\"j83agx80 btwxx1t3 lhclo0ds hop8lmos nkwizq5d scwd0bx6 roh60bw9\">\n<div class=\"rq0escxv hkbzh7o3 jwdofwj8 n8tt0mok r8blr3vg hyh9befq\">\n<div class=\"do00u71z l9j0dhe7 k4urcfbm\">\n<div class=\"ecm0bbzt e5nlhep0 a8c37x1j\">\n<div class=\"kvgmc6g5 cxmmr5t8 oygrvhab hcukyx3x c1et5uql\">\n<div class=\"gmail-kvgmc6g5 gmail-cxmmr5t8 gmail-oygrvhab gmail-hcukyx3x gmail-c1et5uql gmail-ii04i59q\">\n<div class=\"page-title-head hgroup\">\n<div class=\"page-title-head hgroup\">\n<div class=\"b654a4as d2edcug0\">\n<div class=\"j83agx80 btwxx1t3 lhclo0ds hop8lmos nkwizq5d scwd0bx6 roh60bw9\">\n<div class=\"rq0escxv hkbzh7o3 jwdofwj8 n8tt0mok r8blr3vg hyh9befq\">\n<div class=\"do00u71z l9j0dhe7 k4urcfbm\">\n<div class=\"page-title-head hgroup\">\n<div class=\"page-title-head hgroup\">\n<div class=\"page-title-head hgroup\">\n<div class=\"page-title-head hgroup\">\n<div class=\"b654a4as d2edcug0\">\n<div class=\"page-title-head hgroup\">\n<div class=\"page-title-head hgroup\">\n<div class=\"page-title-head hgroup\">\n<div class=\"page-title-head hgroup\">\n<div class=\"b654a4as d2edcug0\">\n<div class=\"page-title-head hgroup\">\n<div class=\"page-title-head hgroup\">\n<div class=\"page-title-head hgroup\">\n<div class=\"page-title-head hgroup\">\n<div class=\"page-title-head hgroup\">\n<div class=\"page-title-head hgroup\">\n<div class=\"page-title-head hgroup\">\n<div class=\"page-title-head hgroup\">\n<div class=\"page-title-head hgroup\">\n<div class=\"b654a4as d2edcug0\">\n<div class=\"page-title-head hgroup\">\n<div class=\"page-title-head hgroup\">\n<div class=\"page-title-head hgroup\">\n<div class=\"page-title-head hgroup\">\n<div class=\"b654a4as d2edcug0\">\n<div class=\"page-title-head hgroup\">\n<div class=\"page-title-head hgroup\">\n<div class=\"page-title-head hgroup\">\n<div class=\"page-title-head hgroup\">\n<div class=\"page-title-head hgroup\">\n<div class=\"mkdf-post-text\">\n<div class=\"mkdf-post-text-inner\">\n<div class=\"mkdf-post-text-main\">\n<div class=\"mkdf-post-text\">\n<div class=\"mkdf-post-text-inner\">\n<div class=\"mkdf-post-text-main\">\n<div class=\"mkdf-post-text\">\n<div class=\"mkdf-post-text-inner\">\n<div class=\"mkdf-post-text-main\">\n<div class=\"page-title-head hgroup\">\n<div class=\"page-title-head hgroup\">\n<div class=\"mkdf-post-text\">\n<div class=\"mkdf-post-text-inner\">\n<div class=\"mkdf-post-text-main\">\n<div class=\"mkdf-post-text\">\n<div class=\"mkdf-post-text-inner\">\n<div class=\"mkdf-post-text-main\">\n<div class=\"page-title-head hgroup\">\n<div class=\"page-title-head hgroup\">\n<div class=\"page-title-head hgroup\">\n<div class=\"page-title-head hgroup\">\n<div class=\"b654a4as d2edcug0\">\n<div class=\"page-title-head hgroup\">\n<div class=\"page-title-head hgroup\">\n<div class=\"page-title-head hgroup\">\n<div class=\"page-title-head hgroup\">\n<div class=\"b654a4as d2edcug0\">\n<div class=\"page-title-head hgroup\">\n<div class=\"page-title-head hgroup\">\n<div class=\"page-title-head hgroup\">\n<div class=\"page-title-head hgroup\">\n<div class=\"b654a4as d2edcug0\">\n<div class=\"ecm0bbzt e5nlhep0 a8c37x1j\">\n<div class=\"kvgmc6g5 cxmmr5t8 oygrvhab hcukyx3x c1et5uql\">\n<div class=\"gmail-kvgmc6g5 gmail-cxmmr5t8 gmail-oygrvhab gmail-hcukyx3x gmail-c1et5uql gmail-ii04i59q\">\n<div class=\"page-title-head hgroup\">\n<div class=\"page-title-head hgroup\">\n<div class=\"b654a4as d2edcug0\">\n<div class=\"j83agx80 btwxx1t3 lhclo0ds hop8lmos nkwizq5d scwd0bx6 roh60bw9\">\n<div class=\"rq0escxv hkbzh7o3 jwdofwj8 n8tt0mok r8blr3vg hyh9befq\">\n<div class=\"do00u71z l9j0dhe7 k4urcfbm\">\n<div class=\"page-title-head hgroup\">\n<div class=\"page-title-head hgroup\">\n<div class=\"page-title-head hgroup\">\n<div class=\"page-title-head hgroup\">\n<div class=\"b654a4as d2edcug0\">\n<div class=\"page-title-head hgroup\">\n<div class=\"page-title-head hgroup\">\n<div class=\"page-title-head hgroup\">\n<div class=\"page-title-head hgroup\">\n<div class=\"b654a4as d2edcug0\">\n<div class=\"page-title-head hgroup\">\n<div class=\"page-title-head hgroup\">\n<div class=\"page-title-head hgroup\">\n<div class=\"page-title-head hgroup\">\n<div class=\"page-title-head hgroup\">\n<div class=\"page-title-head hgroup\">\n<div class=\"page-title-head hgroup\">\n<div class=\"page-title-head hgroup\">\n<div class=\"page-title-head hgroup\">\n<div class=\"b654a4as d2edcug0\">\n<div class=\"page-title-head hgroup\">\n<div class=\"page-title-head hgroup\">\n<div class=\"page-title-head hgroup\">\n<div class=\"page-title-head hgroup\">\n<div class=\"b654a4as d2edcug0\">\n<div class=\"page-title-head hgroup\">\n<div class=\"page-title-head hgroup\">\n<div class=\"page-title-head hgroup\">\n<div class=\"page-title-head hgroup\">\n<div class=\"page-title-head hgroup\">\n<div class=\"mkdf-post-text\">\n<div class=\"mkdf-post-text-inner\">\n<div class=\"mkdf-post-text-main\">\n<div class=\"mkdf-post-text\">\n<div class=\"mkdf-post-text-inner\">\n<div class=\"mkdf-post-text-main\">\n<div class=\"mkdf-post-text\">\n<div class=\"mkdf-post-text-inner\">\n<div class=\"mkdf-post-text-main\">\n<div class=\"page-title-head hgroup\">\n<div class=\"page-title-head hgroup\">\n<div class=\"mkdf-post-text\">\n<div class=\"mkdf-post-text-inner\">\n<div class=\"mkdf-post-text-main\">\n<div class=\"mkdf-post-text\">\n<div class=\"mkdf-post-text-inner\">\n<div class=\"mkdf-post-text-main\">\n<div class=\"page-title-head hgroup\">\n<div class=\"page-title-head hgroup\">\n<div class=\"page-title-head hgroup\">\n<div class=\"page-title-head hgroup\">\n<div class=\"b654a4as d2edcug0\">\n<div class=\"page-title-head hgroup\">\n<div class=\"page-title-head hgroup\">\n<div class=\"page-title-head hgroup\">\n<div class=\"page-title-head hgroup\">\n<div class=\"b654a4as d2edcug0\">\n<div class=\"page-title-head hgroup\">\n<div class=\"page-title-head hgroup\">\n<div class=\"page-title-head hgroup\">\n<div class=\"page-title-head hgroup\">\n<div class=\"b654a4as d2edcug0\">\n<p><strong>PONTE BAILEY A BELLUNO<\/strong>: Fino al 4 dicembre chiusura totale<\/p>\n<p><strong>SP 251 VAL DI ZOLDO E CELLINA<\/strong> fino al 22 dicembre interruzioni alla viabilit\u00e0 della durata massima di 10 minuti e senso unico alternato nei periodi non interessati dalle interruzioni nel comune di Val di Zoldo<\/p>\n<p><strong>SR 203 AGORDINA<\/strong> Fino al 17 dicembre, esclusi sabato domenica e festivi infrasettimanali, restringimento della careggiata con divieto di sorpasso e limitazione ai 50 km\/h in comune di La Valle per lavori sul margine della carreggiata<\/p>\n<p><strong>SP 422 DELL&#8217;ALPAGO E DEL<\/strong> <strong>CANSIGLIO<\/strong> Fino al 17 dicembre senso unico alternato con semaforo in localit\u00e0 Cornei di Alpago per posa cavidotti<\/p>\n<p><strong>SP 40 VAL SENAIGA<\/strong>\u00a0 Fino\u00a0 al 22 dicembre, sabati domeniche e festivi inclusi, interdizione totale al traffico in localit\u00e0 Pei di Lamon per consolidamento corpo stradale<\/p>\n<p>&nbsp;<\/p>\n<hr \/>\n<p>&nbsp;<\/p>\n<\/div>\n<div class=\"b654a4as d2edcug0\">\n<div class=\"ecm0bbzt e5nlhep0 a8c37x1j\">\n<div class=\"kvgmc6g5 cxmmr5t8 oygrvhab hcukyx3x c1et5uql\">\n<div class=\"gmail-kvgmc6g5 gmail-cxmmr5t8 gmail-oygrvhab gmail-hcukyx3x gmail-c1et5uql gmail-ii04i59q\">\n<div>\n<div class=\"page-title-head hgroup\">\n<div class=\"page-title-head hgroup\">\n<div class=\"b654a4as d2edcug0\">\n<div class=\"j83agx80 btwxx1t3 lhclo0ds hop8lmos nkwizq5d scwd0bx6 roh60bw9\">\n<div class=\"rq0escxv hkbzh7o3 jwdofwj8 n8tt0mok r8blr3vg hyh9befq\">\n<div class=\"do00u71z l9j0dhe7 k4urcfbm\">\n<div>\n<div class=\"page-title-head hgroup\">\n<div class=\"page-title-head hgroup\">\n<div class=\"page-title-head hgroup\">\n<div class=\"page-title-head hgroup\">\n<div class=\"b654a4as d2edcug0\">\n<div class=\"page-title-head hgroup\">\n<div class=\"page-title-head hgroup\">\n<div class=\"page-title-head hgroup\">\n<div class=\"page-title-head hgroup\">\n<div class=\"b654a4as d2edcug0\">\n<div class=\"page-title-head hgroup\">\n<div class=\"page-title-head hgroup\">\n<div class=\"page-title-head hgroup\">\n<div class=\"page-title-head hgroup\">\n<div class=\"page-title-head hgroup\">\n<div class=\"mkdf-post-text\">\n<div class=\"mkdf-post-text-inner\">\n<div class=\"mkdf-post-text-main\">\n<div class=\"mkdf-post-text\">\n<div class=\"mkdf-post-text-inner\">\n<div class=\"mkdf-post-text-main\">\n<div class=\"mkdf-post-text\">\n<div class=\"mkdf-post-text-inner\">\n<div class=\"mkdf-post-text-main\">\n<div class=\"page-title-head hgroup\">\n<div class=\"page-title-head hgroup\">\n<div class=\"mkdf-post-text\">\n<div class=\"mkdf-post-text-inner\">\n<div class=\"mkdf-post-text-main\">\n<div class=\"mkdf-post-text\">\n<div class=\"mkdf-post-text-inner\">\n<div class=\"mkdf-post-text-main\">\n<div>\n<div class=\"page-title-head hgroup\">\n<div class=\"page-title-head hgroup\">\n<div>\n<div class=\"page-title-head hgroup\">\n<div class=\"page-title-head hgroup\">\n<div class=\"b654a4as d2edcug0\">\n<div>\n<div class=\"page-title-head hgroup\" style=\"text-align: left;\">\n<div class=\"page-title-head hgroup\">\n<div dir=\"auto\">\n<p><a class=\"dt-pswp-item pspw-wrap-ready\" href=\"https:\/\/i0.wp.com\/www.radiopiu.net\/wordpress\/wp-content\/uploads\/2018\/09\/WhatsApp-Image-2018-09-20-at-16.04.06.jpeg?ssl=1\" data-dt-img-description=\"\" data-large_image_width=\"800\" data-large_image_height=\"100\"><img loading=\"lazy\" decoding=\"async\" class=\"aligncenter wp-image-61378 size-full jetpack-lazy-image jetpack-lazy-image--handled\" src=\"https:\/\/i0.wp.com\/www.radiopiu.net\/wordpress\/wp-content\/uploads\/2018\/09\/WhatsApp-Image-2018-09-20-at-16.04.06.jpeg?resize=800%2C100&amp;ssl=1\" sizes=\"auto, (max-width: 800px) 100vw, 800px\" srcset=\"https:\/\/i0.wp.com\/www.radiopiu.net\/wordpress\/wp-content\/uploads\/2018\/09\/WhatsApp-Image-2018-09-20-at-16.04.06.jpeg?w=800&amp;ssl=1 800w, https:\/\/i0.wp.com\/www.radiopiu.net\/wordpress\/wp-content\/uploads\/2018\/09\/WhatsApp-Image-2018-09-20-at-16.04.06.jpeg?resize=300%2C38&amp;ssl=1 300w, https:\/\/i0.wp.com\/www.radiopiu.net\/wordpress\/wp-content\/uploads\/2018\/09\/WhatsApp-Image-2018-09-20-at-16.04.06.jpeg?resize=768%2C96&amp;ssl=1 768w\" alt=\"\" width=\"800\" height=\"100\" data-lazy-loaded=\"1\" \/><\/a><\/p>\n<\/div>\n<\/div>\n<\/div>\n<\/div>\n<\/div>\n<\/div>\n<\/div>\n<\/div>\n<\/div>\n<\/div>\n<\/div>\n<\/div>\n<\/div>\n<\/div>\n<\/div>\n<\/div>\n<\/div>\n<\/div>\n<\/div>\n<\/div>\n<\/div>\n<\/div>\n<\/div>\n<\/div>\n<\/div>\n<\/div>\n<\/div>\n<\/div>\n<\/div>\n<\/div>\n<\/div>\n<\/div>\n<\/div>\n<\/div>\n<\/div>\n<\/div>\n<\/div>\n<\/div>\n<\/div>\n<\/div>\n<\/div>\n<\/div>\n<\/div>\n<\/div>\n<p>&nbsp;<\/p>\n<\/div>\n<\/div>\n<\/div>\n<\/div>\n<\/div>\n<\/div>\n<\/div>\n<\/div>\n<\/div>\n<\/div>\n<\/div>\n<\/div>\n<\/div>\n<\/div>\n<\/div>\n<\/div>\n<\/div>\n<\/div>\n<\/div>\n<\/div>\n<\/div>\n<\/div>\n<\/div>\n<\/div>\n<\/div>\n<\/div>\n<\/div>\n<\/div>\n<\/div>\n<\/div>\n<\/div>\n<\/div>\n<\/div>\n<\/div>\n<\/div>\n<\/div>\n<\/div>\n<\/div>\n<\/div>\n<\/div>\n<\/div>\n<\/div>\n<\/div>\n<\/div>\n<\/div>\n<\/div>\n<\/div>\n<\/div>\n<\/div>\n<\/div>\n<\/div>\n<\/div>\n<\/div>\n<\/div>\n<\/div>\n<\/div>\n<\/div>\n<\/div>\n<\/div>\n<\/div>\n<\/div>\n<\/div>\n<\/div>\n<\/div>\n<\/div>\n<\/div>\n<\/div>\n<\/div>\n<\/div>\n<\/div>\n<\/div>\n<\/div>\n<\/div>\n<\/div>\n<\/div>\n<\/div>\n<\/div>\n<\/div>\n<\/div>\n<\/div>\n<\/div>\n<\/div>\n<\/div>\n<\/div>\n<\/div>\n<\/div>\n<\/div>\n<\/div>\n<\/div>\n<\/div>\n<\/div>\n<\/div>\n<\/div>\n<\/div>\n<\/div>\n<\/div>\n<\/div>\n<\/div>\n<\/div>\n<\/div>\n<\/div>\n<\/div>\n<\/div>\n<\/div>\n<\/div>\n<\/div>\n<\/div>\n<\/div>\n<\/div>\n<\/div>\n<\/div>\n<\/div>\n<\/div>\n<\/div>\n<\/div>\n<\/div>\n<\/div>\n<\/div>\n<\/div>\n<\/div>\n<\/div>\n<\/div>\n<\/div>\n<\/div>\n<\/div>\n<\/div>\n<\/div>\n<\/div>\n<\/div>\n<\/div>\n<\/div>\n<\/div>\n<\/div>\n<\/div>\n<\/div>\n<\/div>\n<\/div>\n<\/div>\n<\/div>\n<\/div>\n<\/div>\n<\/div>\n<\/div>\n<\/div>\n<\/div>\n<\/div>\n<\/div>\n<\/div>\n<\/div>\n<\/div>\n<\/div>\n<\/div>\n<\/div>\n<\/div>\n<\/div>\n<\/div>\n<\/div>\n<\/div>\n<\/div>\n<p>&nbsp;<\/p>\n<p><center><b>Venerdi 3<\/b><\/center><b>Tempo atteso: <\/b>Nella notte e fino al primo mattino nuvolosit\u00e0 residua specie su Prealpi con cielo tendente a divenire sereno ovunque con ottima visibilit\u00e0 da met\u00e0 mattinata salvo la presenza di qualche locale nube bassa o foschia in alcuni tratti delle valli prealpine nelle ore pi\u00f9 fredde. In serata arrivo di sottili nubi alte da ovest.<br \/>\n<b>Precipitazioni: <\/b>Nella notte non escluse debolissimi fenomeni residui, in giornata assenti (0%)<br \/>\n<b>Temperature: <\/b>In diminuzione anche sensibile specie in quota. Contesto termico invernale a tutte le quote. Su Prealpi a 1500 m min -5\u00b0C max -1\u00b0C, a 2000 m min -8\u00b0C max -6\u00b0C. Su Dolomiti a 2000 m min -11\u00b0C max -7\u00b0C, a 3000 m min -16\u00b0C max -11\u00b0C.<br \/>\n<b>Venti: <\/b>Venti nelle valli deboli variabili con qualche rinforzo possibile, in quota fino al mattino moderati o tesi settentrionali, anche forti sulle cime dolomitiche pi\u00f9 elevate e sui Lessini, in attenuazione nel pomeriggio a deboli o moderati settentrionali, a 5-15 km\/h a 2000 m a 20-40 km\/h a 3000 m<\/p>\n<hr \/>\n<p><center><b>Sabato 4<\/b><\/center><b>Tempo atteso: <\/b>Giornata piuttosto nuvolosa: al mattino per nubi alte seppur qualche irregolare schiarita non \u00e8 esclusa, dal pomeriggio ulteriore aumento della nuvolosit\u00e0 fino a molto nuvoloso o coperto ovunque anche per nubi medio-basse. Non esclusa la formazione di qualche nebbia o nube bassa in alcune depressioni prealpine durante le ore pi\u00f9 fredde.<br \/>\n<b>Precipitazioni: <\/b>In giornata assenti, dalla sera aumento della probabilit\u00e0 di debolissime nevicate su Dolomiti fino a fondovalle (20-40%), poco probabili su Prealpi specie occidentali (10-20%)<br \/>\n<b>Temperature: <\/b>Su Prealpi a 1500 m min -6\u00b0C max -1\u00b0C, a 2000 m min -8\u00b0C max -5\u00b0C. Su Dolomiti a 2000 m min -9\u00b0C max -4\u00b0C, a 3000 m min -8\u00b0C max -4\u00b0C.<br \/>\n<b>Venti: <\/b>Nelle valli deboli variabili, in quota tesi o forti occidentali 5-15 km\/h a 2000 m a 30-50 km\/h a 3000 m<\/p>\n<hr \/>\n<p><center><b>Domenica 5<\/b><\/center>Nuvolosit\u00e0 variabile, pi\u00f9 intensa tra notte e mattino, in seguito possibili irregolari schiarite con nuovo aumento delle nubi in serata. La probabilit\u00e0 di deboli o molto deboli nevicate durante la giornata \u00e8 media (40-60 %) eventualmente fino a fondovalle su Dolomiti, a quote collinari su Prealpi. Temperature minime in aumento nelle valli, massime stazionarie o in lieve aumento. Venti in quota inizialmente deboli o moderati meridionali in attenuazione rotazione da Nord.<\/p>\n<hr \/>\n<p><center><b>Lunedi 6<\/b><\/center>Da poco a parzialmente nuvoloso con addensamenti su Dolomiti settentrionali. Precipitazioni generalmente assenti con possibile nevischio portato da Nord sulle cime delle Dolomiti settentrionali. Temperature in lieve calo. Venti in quota moderati settentrionali e possibili raffiche di fhoen in alcune valli. Previsore:DDL<\/p>\n<p>&nbsp;<\/p>\n<hr \/>\n<p>&nbsp;<\/p>\n<div class=\"mkdf-post-text\">\n<div class=\"mkdf-post-text-inner\">\n<p><a href=\"https:\/\/www.radiopiu.net\/wordpress\/giornale-radiopiu-15-settembre-2018-direttore-mirko-mezzacasa\/sport-7\/\" rel=\"attachment wp-att-60761\"><img loading=\"lazy\" decoding=\"async\" class=\"wp-image-60761 size-full aligncenter\" src=\"https:\/\/www.radiopiu.net\/wordpress\/wp-content\/uploads\/2018\/09\/sport.jpg\" alt=\"\" width=\"800\" height=\"100\" srcset=\"https:\/\/www.radiopiu.net\/wordpress\/wp-content\/uploads\/2018\/09\/sport.jpg 800w, https:\/\/www.radiopiu.net\/wordpress\/wp-content\/uploads\/2018\/09\/sport-300x38.jpg 300w, https:\/\/www.radiopiu.net\/wordpress\/wp-content\/uploads\/2018\/09\/sport-768x96.jpg 768w\" sizes=\"auto, (max-width: 800px) 100vw, 800px\" \/><\/a><\/p>\n<\/div>\n<\/div>\n<p><span style=\"color: #0000ff;\"><strong>\u00a0\u00a0<\/strong><\/span><\/p>\n<blockquote>\n<h3>IHL: SABATO SERA AD ALLEGHE ARRIVANO GLI ORSI DI DOBBIACO<\/h3>\n<\/blockquote>\n<p><strong><a href=\"https:\/\/www.radiopiu.net\/wordpress\/il-calendario-ufficiale-dellitalian-hockey-league\/logo-alleghe-hockey\/\" rel=\"attachment wp-att-95699\"><img loading=\"lazy\" decoding=\"async\" class=\"size-medium wp-image-95699 alignleft\" src=\"https:\/\/www.radiopiu.net\/wordpress\/wp-content\/uploads\/2019\/08\/logo-alleghe-hockey-300x281.png\" alt=\"\" width=\"300\" height=\"281\" srcset=\"https:\/\/www.radiopiu.net\/wordpress\/wp-content\/uploads\/2019\/08\/logo-alleghe-hockey-300x281.png 300w, https:\/\/www.radiopiu.net\/wordpress\/wp-content\/uploads\/2019\/08\/logo-alleghe-hockey.png 547w\" sizes=\"auto, (max-width: 300px) 100vw, 300px\" \/><\/a>ALLEGHE<\/strong> Terza giornata del girone di ritorno di Regular Season dell&#8217;Italian Hockey League. Sabato 4 dicembre alle ore 20:30 l&#8217;Alleghe ospita gli Icebears di Dobbiaco.<br \/>\n<strong>ALLEGHE:<\/strong> al &#8220;De Toni&#8221; arriva il neopromosso Dobbiaco, autore di un buon campionato, anche se in calando nelle ultime giornate. Avversario che i Biancorossi dovranno prendere con le pinze, memori dell&#8217;epilogo della partita di andata, quando in vantaggio fino a pochi minuti dal termine, in pieno controllo della gara, si fecero rimontare e sorpassare dagli avversari, tornando a mani vuote dalla trasferta pusterese. L&#8217;ultima partita, disputata sabato dall&#8217;Alleghe sul difficile ghiaccio di Bressanone, ha portato i tre punti in riva al lago grazie al successo per 1-0. Partita che ancora una volta ha dimostrato le ottime doti difensive della squadra di coach Fontana, in grado di vincere una match con il minimo scarto e mantenendo la gabbia inviolata per la terza volta in stagione, merito anche di un superlativo goalie Gianni Scola #1. Gli Alleghesi hanno sbloccato subito il risultato con la marcatura del nostro capocannoniere Edgar De Toni #45, autore di un forte e preciso tiro dalla distanza su assist di Joshua Berger #96 ed Erwin Martini #89, che sfrutta al meglio il primo power play della serata. Match che ha visto una prevalenza territoriale dei padroni di casa e le Civette che si sono difese con le unghie, cercando con sortite offensive la rete del raddoppio. Il finale di gara \u00e8 stato thrilling, prima con un quasi gol dei Brissinesi e successivamente con gli stessi che, rinunciando al portiere per usufruire dell&#8217;uomo di movimento in pi\u00f9, hanno messo a dura prova gli Agordini che, con un pizzico di buona sorte, sono riusciti ad espugnare la Eishalle Arena di Bressanone. Ad oggi, dopo undici giornate, i Biancorossi occupano la terza posizione in classifica con 19 punti (7 vittorie e 4 sconfitte), 27 reti realizzate e 23 subite, che ne fanno la terza migliore difesa del torneo cadetto. Contro il Dobbiaco in dubbio la presenza dell&#8217;attaccante Davide Testori, che verr\u00e0 valutata nelle prossime ore. <strong>DOBBIACO:<\/strong> i pusteresi sono reduci nel turno precedente dalla sconfitta casalinga 0-2 contro il Como. Nonostante quanto dica il risultato, gli Icebears hanno condotto la gara bersagliando con ben 44 tiri il portiere avversario senza per\u00f2 riuscire a segnare, di contro i Lariani sono stati cinici in fase offensiva, realizzando le due marcature con soli 19 tiri. Il Dobbiaco occupa la settima posizione in classifica con 14 punti (5 vittorie e 6 sconfitte), 25 reti fatte e 34 subite. Il miglior realizzatore dei nostri prossimi avversari \u00e8 il ventisettenne di San Candido Raphael Egarter #19, che ha realizzato cinque reti in nove gare, mentre il ventiquattrenne canadese Nicholas Cole Rein #27 \u00e8 il miglior assist-man della squadra con a referto 8 assistenze ai compagni. <strong>STATISTICHE<\/strong> Alleghe vs Dobbiaco: il Dobbiaco \u00e8 alla sua prima stagione nel campionato cadetto ed il match ai piedi del Civetta \u00e8 un inedito. L&#8217;unico precedente tra le due squadre \u00e8 la partita di andata giocata in Val Pusteria, che ai primi di ottobre ha visto gli Icebears avere la meglio sulle Civette 4-2.<\/p>\n<p><strong>Alleghe Hockey &#8211; AHC Toblach Dobbiaco Icebears<\/strong><br \/>\nSabato 4 dicembre ore 20:30 \u2013 Stadio \u201cAlvise De Toni\u201d di Alleghe (BL). Arbitri: Simone Soraperra e Luca Zatta con giudici di linea Cristiano Biacoli e Fabrizio De Toni. PARTITA APERTA AL PUBBLICO Come da disposizioni governative ingresso con GREEN PASS<\/p>\n<p>Collegamenti in DIRETTA RADIOFONICA su Radio Pi\u00f9 (www.radiopiu.net) con \u201cHockey al punto giusto\u201d in studio Marco Gaz e dal &#8220;De Toni&#8221; interventi di Matteo Manfroi<\/p>\n<p>&nbsp;<\/p>\n<\/div>\n<\/div>\n<\/div>\n<\/div>\n<\/div>\n<\/div>\n<\/div>\n","protected":false},"excerpt":{"rendered":"<p>INFORMAZIONE il canale su TELEGRAM informazione di prima mano e in tempo reale. iscriviti ed aiutaci a farlo conoscere\u00a0\u00a0 &nbsp; &nbsp; &nbsp; COVID IN REGIONE E IN PROVINCIA, UNA NUOVA IMPENNATA DELLE CURVE &nbsp; REDAZIONE Siamo grati a Tiziano De Col per l&#8217;impegno, da due\u00a0 anni segue quotidianamente con noi l&#8217;andamento della pandemia. Ogni giorno,&hellip;<\/p>\n","protected":false},"author":4,"featured_media":246243,"comment_status":"closed","ping_status":"open","sticky":false,"template":"","format":"standard","meta":{"_monsterinsights_skip_tracking":false,"_monsterinsights_sitenote_active":false,"_monsterinsights_sitenote_note":"","_monsterinsights_sitenote_category":0,"footnotes":""},"categories":[104,86,49],"tags":[],"class_list":["post-246098","post","type-post","status-publish","format-standard","has-post-thumbnail","hentry","category-evidenza_3","category-gr","category-news-18","category-104","category-86","category-49","description-off"],"img_url":"https:\/\/www.radiopiu.net\/wordpress\/wp-content\/uploads\/2021\/12\/Pentaphoto_152801-scaled.jpg","_links":{"self":[{"href":"https:\/\/www.radiopiu.net\/wordpress\/wp-json\/wp\/v2\/posts\/246098","targetHints":{"allow":["GET"]}}],"collection":[{"href":"https:\/\/www.radiopiu.net\/wordpress\/wp-json\/wp\/v2\/posts"}],"about":[{"href":"https:\/\/www.radiopiu.net\/wordpress\/wp-json\/wp\/v2\/types\/post"}],"author":[{"embeddable":true,"href":"https:\/\/www.radiopiu.net\/wordpress\/wp-json\/wp\/v2\/users\/4"}],"replies":[{"embeddable":true,"href":"https:\/\/www.radiopiu.net\/wordpress\/wp-json\/wp\/v2\/comments?post=246098"}],"version-history":[{"count":0,"href":"https:\/\/www.radiopiu.net\/wordpress\/wp-json\/wp\/v2\/posts\/246098\/revisions"}],"wp:featuredmedia":[{"embeddable":true,"href":"https:\/\/www.radiopiu.net\/wordpress\/wp-json\/wp\/v2\/media\/246243"}],"wp:attachment":[{"href":"https:\/\/www.radiopiu.net\/wordpress\/wp-json\/wp\/v2\/media?parent=246098"}],"wp:term":[{"taxonomy":"category","embeddable":true,"href":"https:\/\/www.radiopiu.net\/wordpress\/wp-json\/wp\/v2\/categories?post=246098"},{"taxonomy":"post_tag","embeddable":true,"href":"https:\/\/www.radiopiu.net\/wordpress\/wp-json\/wp\/v2\/tags?post=246098"}],"curies":[{"name":"wp","href":"https:\/\/api.w.org\/{rel}","templated":true}]}}