{"id":246104,"date":"2021-12-02T05:59:55","date_gmt":"2021-12-02T04:59:55","guid":{"rendered":"https:\/\/www.radiopiu.net\/wordpress\/?p=246104"},"modified":"2021-12-02T06:02:05","modified_gmt":"2021-12-02T05:02:05","slug":"unaltra-scoppiettante-seduta-consiliare-a-selva-di-cadore","status":"publish","type":"post","link":"https:\/\/www.radiopiu.net\/wordpress\/unaltra-scoppiettante-seduta-consiliare-a-selva-di-cadore\/","title":{"rendered":"NEL CONSIGLIO COMUNALE DI SELVA DI CADORE LA MINORANZA SI SENTE DISCRIMINATA"},"content":{"rendered":"<p>&nbsp;<\/p>\n<p>&nbsp;<\/p>\n<blockquote>\n<h3><\/h3>\n<\/blockquote>\n<p><strong><a href=\"https:\/\/www.radiopiu.net\/wordpress\/ea0ed47b-407c-4027-93db-a3732c851650\/\"><img loading=\"lazy\" decoding=\"async\" class=\"size-medium wp-image-237908 alignleft\" src=\"https:\/\/www.radiopiu.net\/wordpress\/wp-content\/uploads\/2021\/10\/ea0ed47b-407c-4027-93db-a3732c851650-300x169.jpg\" alt=\"\" width=\"300\" height=\"169\" srcset=\"https:\/\/www.radiopiu.net\/wordpress\/wp-content\/uploads\/2021\/10\/ea0ed47b-407c-4027-93db-a3732c851650-300x169.jpg 300w, https:\/\/www.radiopiu.net\/wordpress\/wp-content\/uploads\/2021\/10\/ea0ed47b-407c-4027-93db-a3732c851650-1024x576.jpg 1024w, https:\/\/www.radiopiu.net\/wordpress\/wp-content\/uploads\/2021\/10\/ea0ed47b-407c-4027-93db-a3732c851650-768x432.jpg 768w, https:\/\/www.radiopiu.net\/wordpress\/wp-content\/uploads\/2021\/10\/ea0ed47b-407c-4027-93db-a3732c851650-1536x864.jpg 1536w, https:\/\/www.radiopiu.net\/wordpress\/wp-content\/uploads\/2021\/10\/ea0ed47b-407c-4027-93db-a3732c851650.jpg 1920w\" sizes=\"auto, (max-width: 300px) 100vw, 300px\" \/><\/a>DAL CORRIERE DELLE ALPI<\/strong><\/p>\n<audio class=\"wp-audio-shortcode\" id=\"audio-246104-1\" preload=\"none\" style=\"width: 100%;\" controls=\"controls\"><source type=\"audio\/mpeg\" src=\"https:\/\/www.radiopiu.net\/wordpress\/wp-content\/uploads\/2021\/12\/CORRIERE-CONSIGLIO-SELVA-DI-CADORE.mp3?_=1\" \/><a href=\"https:\/\/www.radiopiu.net\/wordpress\/wp-content\/uploads\/2021\/12\/CORRIERE-CONSIGLIO-SELVA-DI-CADORE.mp3\">https:\/\/www.radiopiu.net\/wordpress\/wp-content\/uploads\/2021\/12\/CORRIERE-CONSIGLIO-SELVA-DI-CADORE.mp3<\/a><\/audio>\n<p>&nbsp;<\/p>\n<blockquote>\n<h2>UN&#8217;ALTRA SCOPPIETTANTE SEDUTA CONSILIARE A SELVA DI CADORE<\/h2>\n<\/blockquote>\n<p><strong><img loading=\"lazy\" decoding=\"async\" class=\"alignleft\" src=\"https:\/\/www.radiopiu.net\/wordpress\/wp-content\/uploads\/2021\/10\/ec03ac44-24c8-48c5-8cc9-fb6bdb199399.jpg\" width=\"317\" height=\"178\" \/>SELVA DI CADORE<\/strong>Il confronto si \u00e8 acceso quando la maggioranza ha riproposto la\u00a0determinazione degli indirizzi per la nomina e la designazione dei rappresentanti del comune presso enti, aziende ed istituzioni. A destare l\u2019irritazione della minoranza il passaggio in questione: \u201c<em>qualora non residenti nel Comune, devono dimostrare comprovata e approfondita conoscenza della realt\u00e0 locale al fine di garantire adeguata rappresentativit\u00e0<\/em>\u201d. La proposta di cassare il passaggio incriminato da parte di Adriano Peretti \u00e8 stata bocciata mentre la delibera \u00e8 stata approvata con i soli voti della maggioranza. Una situazione che il consigliere di minoranza\u00a0De Bortoli\u00a0commenta cos\u00ec: \u201d<em>ci troviamo dinanzi ad una discriminazione bella e buona con il fine ultimo di estromettere i componenti della minoranza (nessuno \u00e8 infatti residente a Selva ndr) da qualsiasi futura nomina si rendesse necessaria. Gi\u00e0 nel primo consiglio avevamo avuto modo di suggerire al Sindaco di eliminare il punto, ma pur apprezzando lo sforzo creativo di cambiarne la forma notiamo che la sostanza \u00e8 rimasta tale e quale. Se questo \u00e8 lo spirito collaborativo tanto sbandierato ne prendiamo atto e ci prepariamo sin d\u2019ora a dare battaglia nei prossimi consigli. Abbiamo gi\u00e0 preparato un\u2019interrogazione con la quale chiederemo di definire, a questo punto, quali siano i criteri con i quali si reputeranno degni i consiglieri. Sar\u00e0 sufficiente conoscere i nomi delle frazioni, l\u2019et\u00e0 dell\u2019abitante pi\u00f9 anziano o che altro?\u201d <\/em>La seduta prevedeva anche la relazione dell\u2019assessore al turismo Ivo Torre sull\u2019andamento dell\u2019ultimo esercizio della societ\u00e0\u00a0Val Fiorentina, partecipata dal comune al 35%. Il\u00a0capogruppo Peretti\u00a0evidenzia: <em>\u201ccon nostra sorpresa e modi irrituali sono intervenuti Beraldo e Scarian, rispettivamente Presidente e commercialista della societ\u00e0. Dalle considerazioni fatte dai due ospiti \u00e8 emerso come il risultato dell\u2019ultimo esercizio sia fortemente negativo. Dalle parole di Beraldo poi \u00e8 trasparita una forte preoccupazione; a questo punto mi chiedo quale posizione intenda assumere il Comune che, in qualit\u00e0 di azionista di maggioranza relativa, dovr\u00e0 far sentire &#8211; dopo l\u2019assenza ingiustificata dello scorso anno &#8211; la propria voce nel corso dell\u2019assemblea del prossimo 18 dicembre. La situazione economica della societ\u00e0 ci preoccupa e per questo non mancheremo di vigilare nell\u2019interesse della comunit\u00e0<\/em>\u201d<\/p>\n<p>&nbsp;<\/p>\n<p>&nbsp;<\/p>\n<p><strong>\u00a0<\/strong><\/p>\n","protected":false},"excerpt":{"rendered":"<p>&nbsp; &nbsp; DAL CORRIERE DELLE ALPI &nbsp; UN&#8217;ALTRA SCOPPIETTANTE SEDUTA CONSILIARE A SELVA DI CADORE SELVA DI CADOREIl confronto si \u00e8 acceso quando la maggioranza ha riproposto la\u00a0determinazione degli indirizzi per la nomina e la designazione dei rappresentanti del comune presso enti, aziende ed istituzioni. A destare l\u2019irritazione della minoranza il passaggio in questione: \u201cqualora&hellip;<\/p>\n","protected":false},"author":4,"featured_media":237909,"comment_status":"closed","ping_status":"open","sticky":false,"template":"","format":"standard","meta":{"_monsterinsights_skip_tracking":false,"_monsterinsights_sitenote_active":false,"_monsterinsights_sitenote_note":"","_monsterinsights_sitenote_category":0,"footnotes":""},"categories":[51,49],"tags":[],"class_list":["post-246104","post","type-post","status-publish","format-standard","has-post-thumbnail","hentry","category-evidenza-top","category-news-18","category-51","category-49","description-off"],"img_url":"https:\/\/www.radiopiu.net\/wordpress\/wp-content\/uploads\/2021\/10\/ec03ac44-24c8-48c5-8cc9-fb6bdb199399.jpg","_links":{"self":[{"href":"https:\/\/www.radiopiu.net\/wordpress\/wp-json\/wp\/v2\/posts\/246104","targetHints":{"allow":["GET"]}}],"collection":[{"href":"https:\/\/www.radiopiu.net\/wordpress\/wp-json\/wp\/v2\/posts"}],"about":[{"href":"https:\/\/www.radiopiu.net\/wordpress\/wp-json\/wp\/v2\/types\/post"}],"author":[{"embeddable":true,"href":"https:\/\/www.radiopiu.net\/wordpress\/wp-json\/wp\/v2\/users\/4"}],"replies":[{"embeddable":true,"href":"https:\/\/www.radiopiu.net\/wordpress\/wp-json\/wp\/v2\/comments?post=246104"}],"version-history":[{"count":0,"href":"https:\/\/www.radiopiu.net\/wordpress\/wp-json\/wp\/v2\/posts\/246104\/revisions"}],"wp:featuredmedia":[{"embeddable":true,"href":"https:\/\/www.radiopiu.net\/wordpress\/wp-json\/wp\/v2\/media\/237909"}],"wp:attachment":[{"href":"https:\/\/www.radiopiu.net\/wordpress\/wp-json\/wp\/v2\/media?parent=246104"}],"wp:term":[{"taxonomy":"category","embeddable":true,"href":"https:\/\/www.radiopiu.net\/wordpress\/wp-json\/wp\/v2\/categories?post=246104"},{"taxonomy":"post_tag","embeddable":true,"href":"https:\/\/www.radiopiu.net\/wordpress\/wp-json\/wp\/v2\/tags?post=246104"}],"curies":[{"name":"wp","href":"https:\/\/api.w.org\/{rel}","templated":true}]}}