{"id":246179,"date":"2021-12-03T05:54:41","date_gmt":"2021-12-03T04:54:41","guid":{"rendered":"https:\/\/www.radiopiu.net\/wordpress\/?p=246179"},"modified":"2021-12-03T06:11:10","modified_gmt":"2021-12-03T05:11:10","slug":"vaccinazioni-5-12-anni-definito-il-cronoprogramma-prossimamente-al-via-anche-in-provincia","status":"publish","type":"post","link":"https:\/\/www.radiopiu.net\/wordpress\/vaccinazioni-5-12-anni-definito-il-cronoprogramma-prossimamente-al-via-anche-in-provincia\/","title":{"rendered":"VACCINAZIONI 5-12 ANNI, DEFINITO IL CRONOPROGRAMMA PROSSIMAMENTE AL VIA ANCHE IN PROVINCIA"},"content":{"rendered":"<p>&nbsp;<\/p>\n<p><strong><img loading=\"lazy\" decoding=\"async\" class=\"alignleft\" src=\"https:\/\/www.radiopiu.net\/wordpress\/wp-content\/uploads\/2021\/12\/e1a03b37-1ba4-411f-848f-b9cfc4a2f428.jpg\" width=\"205\" height=\"115\" \/>BELLUNO<\/strong> Al via la vaccinazione volontaria per i pi\u00f9 giovani dai 5 ai 12 anni. Ne ha parlato stamane ad Agordo il direttore generale Maria Grazia Carraro. In aumento\u00a0 l prime dosi in provincia, ma l&#8217;invito alla prudenza \u00e8 quotidiano poich\u00e9 i casi di positivit\u00e0 e anche le ospedalizzazioni sono in aumento.\u00a0 Negli ultimi giorni sono stati registrati dei disagi ai punti tampone\u00a0 le risposte del direttore della Ulss1 Dolomiti<\/p>\n<p>&nbsp;<\/p>\n<p><strong>AUDIO<\/strong><\/p>\n<audio class=\"wp-audio-shortcode\" id=\"audio-246179-1\" preload=\"none\" style=\"width: 100%;\" controls=\"controls\"><source type=\"audio\/mpeg\" src=\"https:\/\/www.radiopiu.net\/wordpress\/wp-content\/uploads\/2021\/12\/CARRARO-INTERVISTA.mp3?_=1\" \/><a href=\"https:\/\/www.radiopiu.net\/wordpress\/wp-content\/uploads\/2021\/12\/CARRARO-INTERVISTA.mp3\">https:\/\/www.radiopiu.net\/wordpress\/wp-content\/uploads\/2021\/12\/CARRARO-INTERVISTA.mp3<\/a><\/audio>\n<p>&nbsp;<\/p>\n<p>&nbsp;<\/p>\n","protected":false},"excerpt":{"rendered":"<p>&nbsp; BELLUNO Al via la vaccinazione volontaria per i pi\u00f9 giovani dai 5 ai 12 anni. Ne ha parlato stamane ad Agordo il direttore generale Maria Grazia Carraro. In aumento\u00a0 l prime dosi in provincia, ma l&#8217;invito alla prudenza \u00e8 quotidiano poich\u00e9 i casi di positivit\u00e0 e anche le ospedalizzazioni sono in aumento.\u00a0 Negli ultimi&hellip;<\/p>\n","protected":false},"author":4,"featured_media":246182,"comment_status":"closed","ping_status":"open","sticky":false,"template":"","format":"standard","meta":{"_monsterinsights_skip_tracking":false,"_monsterinsights_sitenote_active":false,"_monsterinsights_sitenote_note":"","_monsterinsights_sitenote_category":0,"footnotes":""},"categories":[51,49],"tags":[],"class_list":["post-246179","post","type-post","status-publish","format-standard","has-post-thumbnail","hentry","category-evidenza-top","category-news-18","category-51","category-49","description-off"],"img_url":"https:\/\/www.radiopiu.net\/wordpress\/wp-content\/uploads\/2021\/12\/e1a03b37-1ba4-411f-848f-b9cfc4a2f428.jpg","_links":{"self":[{"href":"https:\/\/www.radiopiu.net\/wordpress\/wp-json\/wp\/v2\/posts\/246179","targetHints":{"allow":["GET"]}}],"collection":[{"href":"https:\/\/www.radiopiu.net\/wordpress\/wp-json\/wp\/v2\/posts"}],"about":[{"href":"https:\/\/www.radiopiu.net\/wordpress\/wp-json\/wp\/v2\/types\/post"}],"author":[{"embeddable":true,"href":"https:\/\/www.radiopiu.net\/wordpress\/wp-json\/wp\/v2\/users\/4"}],"replies":[{"embeddable":true,"href":"https:\/\/www.radiopiu.net\/wordpress\/wp-json\/wp\/v2\/comments?post=246179"}],"version-history":[{"count":0,"href":"https:\/\/www.radiopiu.net\/wordpress\/wp-json\/wp\/v2\/posts\/246179\/revisions"}],"wp:featuredmedia":[{"embeddable":true,"href":"https:\/\/www.radiopiu.net\/wordpress\/wp-json\/wp\/v2\/media\/246182"}],"wp:attachment":[{"href":"https:\/\/www.radiopiu.net\/wordpress\/wp-json\/wp\/v2\/media?parent=246179"}],"wp:term":[{"taxonomy":"category","embeddable":true,"href":"https:\/\/www.radiopiu.net\/wordpress\/wp-json\/wp\/v2\/categories?post=246179"},{"taxonomy":"post_tag","embeddable":true,"href":"https:\/\/www.radiopiu.net\/wordpress\/wp-json\/wp\/v2\/tags?post=246179"}],"curies":[{"name":"wp","href":"https:\/\/api.w.org\/{rel}","templated":true}]}}