{"id":246185,"date":"2021-12-03T05:55:44","date_gmt":"2021-12-03T04:55:44","guid":{"rendered":"https:\/\/www.radiopiu.net\/wordpress\/?p=246185"},"modified":"2021-12-03T06:10:57","modified_gmt":"2021-12-03T05:10:57","slug":"signore-e-signori-il-nuovo-pronto-soccorso-ad-agordo","status":"publish","type":"post","link":"https:\/\/www.radiopiu.net\/wordpress\/signore-e-signori-il-nuovo-pronto-soccorso-ad-agordo\/","title":{"rendered":"SIGNORE E SIGNORI&#8230;. IL NUOVO PRONTO SOCCORSO AD AGORDO"},"content":{"rendered":"<p><strong><a href=\"https:\/\/www.radiopiu.net\/wordpress\/signore-e-signori-il-nuovo-pronto-soccorso-ad-agordo\/b7a9c33c-dac7-4b4b-892a-dd68fbdc6b45\/\" rel=\"attachment wp-att-246200\"><img loading=\"lazy\" decoding=\"async\" class=\" wp-image-246200 alignleft\" src=\"https:\/\/www.radiopiu.net\/wordpress\/wp-content\/uploads\/2021\/12\/b7a9c33c-dac7-4b4b-892a-dd68fbdc6b45-300x169.jpg\" alt=\"\" width=\"337\" height=\"190\" srcset=\"https:\/\/www.radiopiu.net\/wordpress\/wp-content\/uploads\/2021\/12\/b7a9c33c-dac7-4b4b-892a-dd68fbdc6b45-300x169.jpg 300w, https:\/\/www.radiopiu.net\/wordpress\/wp-content\/uploads\/2021\/12\/b7a9c33c-dac7-4b4b-892a-dd68fbdc6b45-1024x576.jpg 1024w, https:\/\/www.radiopiu.net\/wordpress\/wp-content\/uploads\/2021\/12\/b7a9c33c-dac7-4b4b-892a-dd68fbdc6b45-768x432.jpg 768w, https:\/\/www.radiopiu.net\/wordpress\/wp-content\/uploads\/2021\/12\/b7a9c33c-dac7-4b4b-892a-dd68fbdc6b45-1536x864.jpg 1536w, https:\/\/www.radiopiu.net\/wordpress\/wp-content\/uploads\/2021\/12\/b7a9c33c-dac7-4b4b-892a-dd68fbdc6b45.jpg 1600w\" sizes=\"auto, (max-width: 337px) 100vw, 337px\" \/><\/a>AGORDO<\/strong> Chi non\u00a0 varca la soglia del Pronto Soccorso dell&#8217;ospedale di Agordo da qualche mese,\u00a0 alla prima occasione &#8211; auguriamoci il pi\u00f9 tardi possibile &#8211; si trover\u00e0 difronte un ambiente completamente diverso. Non pi\u00f9 uno stretto corridoio e un punto ricezione dagli spazi angusti. Cambiano anche i posti letto di emergenza in una struttura colorata e adattata al territorio. Questo il bello, ma c&#8217;\u00e8 sicuramente anche il pratico e lo spiegano le voci del Pronto Soccorso nel corso degli interventi che non vanno intesi come un&#8217;inaugurazione, ma un punto di passaggio, un modo per toccare con mano l&#8217;importanza di un investimento da 3 milioni di euro, 2,5 a carico dei Comuni Agordini con i Fondi di Confine, 92mila fondi aziendali Ulss1 e\u00a0 500mila euro\u00a0 da parte della Regione Veneto non a caso rappresentata ad Agordo dai consiglieri Silvia Cestaro e Giovanni Puppato. I volumi di attivit\u00e0 nel 2021: 8460 accessi al Pronto Soccorso, 20665 prestazioni erogate, 9070 ore di OBI. Nel 2022 con la riapertura degli impianti di risalita gli accessi aumenteranno di qualche migliaio. Il Pronto Soccorso di Agordo svolge funzione di accettazione e pronto soccorso anche in funzione Suem, particolarmente significativa l&#8217;attivit\u00e0 del punto nei mesi invernali collegata all&#8217;afflusso di turisti e sportivi delle attivit\u00e0 sportive.<\/p>\n<p>&nbsp;<\/p>\n<p><strong>IL CONSIGLIERE SILVIA CESTARO\u00a0<\/strong><\/p>\n<audio class=\"wp-audio-shortcode\" id=\"audio-246185-1\" preload=\"none\" style=\"width: 100%;\" controls=\"controls\"><source type=\"audio\/mpeg\" src=\"https:\/\/www.radiopiu.net\/wordpress\/wp-content\/uploads\/2021\/12\/silvia-cestaro.mp3?_=1\" \/><a href=\"https:\/\/www.radiopiu.net\/wordpress\/wp-content\/uploads\/2021\/12\/silvia-cestaro.mp3\">https:\/\/www.radiopiu.net\/wordpress\/wp-content\/uploads\/2021\/12\/silvia-cestaro.mp3<\/a><\/audio>\n<p>&nbsp;<\/p>\n<blockquote><p><strong>Il FUTURO DELL&#8217;OSPEDALE DI AGORDO?<\/strong><em> &#8220;Sono arrivata da pochi mesi &#8211; ha detto il direttore Maria Grazia Carraro &#8211; sono concentrata su quello che si sta facendo,\u00a0 sto\u00a0 lavorando su tutti e cinque gli ospedali,\u00a0 questo dimostra la volont\u00e0 dell&#8217;Usl di potenziare i servizi sul territorio&#8221;.\u00a0<\/em><\/p><\/blockquote>\n<p>&nbsp;<\/p>\n<p><em><a href=\"https:\/\/www.radiopiu.net\/wordpress\/signore-e-signori-il-nuovo-pronto-soccorso-ad-agordo\/e856063d-9a8a-4118-b442-31eb84d3c052\/\" rel=\"attachment wp-att-246190\"><img loading=\"lazy\" decoding=\"async\" class=\"wp-image-246190 alignright\" src=\"https:\/\/www.radiopiu.net\/wordpress\/wp-content\/uploads\/2021\/12\/e856063d-9a8a-4118-b442-31eb84d3c052-300x169.jpg\" alt=\"\" width=\"234\" height=\"132\" srcset=\"https:\/\/www.radiopiu.net\/wordpress\/wp-content\/uploads\/2021\/12\/e856063d-9a8a-4118-b442-31eb84d3c052-300x169.jpg 300w, https:\/\/www.radiopiu.net\/wordpress\/wp-content\/uploads\/2021\/12\/e856063d-9a8a-4118-b442-31eb84d3c052-1024x576.jpg 1024w, https:\/\/www.radiopiu.net\/wordpress\/wp-content\/uploads\/2021\/12\/e856063d-9a8a-4118-b442-31eb84d3c052-768x432.jpg 768w, https:\/\/www.radiopiu.net\/wordpress\/wp-content\/uploads\/2021\/12\/e856063d-9a8a-4118-b442-31eb84d3c052-1536x864.jpg 1536w, https:\/\/www.radiopiu.net\/wordpress\/wp-content\/uploads\/2021\/12\/e856063d-9a8a-4118-b442-31eb84d3c052.jpg 1600w\" sizes=\"auto, (max-width: 234px) 100vw, 234px\" \/><\/a>&#8220;Per noi \u00e8 una giornata di festa&#8221;<\/em> Ha detto il direttore generale Maria Grazia Carraro ricordando la finalit\u00e0 dei lavori, cio\u00e8 ammodernare e <em>ampliare l&#8217;ospedale di Agordo &#8220;Riferimento del territorio e di tutte le persone che ne usufruiscono&#8221;<\/em> E&#8217; stata ristrutturata la parte interna con attenzione al problema sismico, \u00e8 in fase di costruzione la camera calda adeguandone la nuova viabilit\u00e0. Oggi \u00e8 stata inaugurata la prima tappa, il primo passaggio. Dal pomeriggio l&#8217;attivit\u00e0 viene trasferita dal <a href=\"https:\/\/www.radiopiu.net\/wordpress\/signore-e-signori-il-nuovo-pronto-soccorso-ad-agordo\/b28792b3-d67a-4d7d-9914-5b41b2ee6822\/\" rel=\"attachment wp-att-246201\"><img loading=\"lazy\" decoding=\"async\" class=\"size-medium wp-image-246201 alignleft\" src=\"https:\/\/www.radiopiu.net\/wordpress\/wp-content\/uploads\/2021\/12\/b28792b3-d67a-4d7d-9914-5b41b2ee6822-300x169.jpg\" alt=\"\" width=\"300\" height=\"169\" srcset=\"https:\/\/www.radiopiu.net\/wordpress\/wp-content\/uploads\/2021\/12\/b28792b3-d67a-4d7d-9914-5b41b2ee6822-300x169.jpg 300w, https:\/\/www.radiopiu.net\/wordpress\/wp-content\/uploads\/2021\/12\/b28792b3-d67a-4d7d-9914-5b41b2ee6822-1024x576.jpg 1024w, https:\/\/www.radiopiu.net\/wordpress\/wp-content\/uploads\/2021\/12\/b28792b3-d67a-4d7d-9914-5b41b2ee6822-768x432.jpg 768w, https:\/\/www.radiopiu.net\/wordpress\/wp-content\/uploads\/2021\/12\/b28792b3-d67a-4d7d-9914-5b41b2ee6822-1536x864.jpg 1536w, https:\/\/www.radiopiu.net\/wordpress\/wp-content\/uploads\/2021\/12\/b28792b3-d67a-4d7d-9914-5b41b2ee6822.jpg 1600w\" sizes=\"auto, (max-width: 300px) 100vw, 300px\" \/><\/a>vecchio al nuovo pronto soccorso, i vecchi locali saranno oggetto di nuovi lavori. <em>&#8220;Una tappa fondamentale &#8211; ha detto ancora la Carraro &#8211; finiremo entro il 2022 con l&#8217;impegno di mantenere le tempistiche&#8221;. <\/em>Il giorno giusto anche per ringraziare il personale che ha lavorato pur con un cantiere accanto. Medici e infermieri hanno sopportato il disagio riorganizzando il modo di lavorare <em>&#8220;Hanno saputo mantenere buoni livelli di attivit\u00e0, garantendo i servizi&#8221;\u00a0<\/em>Il Presidente della Conferenza dei Sindaci Paolo Perenzin ha ringraziato i sindaci della vallata per aver saputo convergere sull&#8217;importanza di destinare i fondi di confine al sistema sanit\u00e0 della provincia. <em>&#8220;Il nostro <a href=\"https:\/\/www.radiopiu.net\/wordpress\/signore-e-signori-il-nuovo-pronto-soccorso-ad-agordo\/40d118da-8a6f-4e44-a42c-7126cb58a023\/\" rel=\"attachment wp-att-246195\"><img loading=\"lazy\" decoding=\"async\" class=\"size-medium wp-image-246195 alignright\" src=\"https:\/\/www.radiopiu.net\/wordpress\/wp-content\/uploads\/2021\/12\/40d118da-8a6f-4e44-a42c-7126cb58a023-300x169.jpg\" alt=\"\" width=\"300\" height=\"169\" srcset=\"https:\/\/www.radiopiu.net\/wordpress\/wp-content\/uploads\/2021\/12\/40d118da-8a6f-4e44-a42c-7126cb58a023-300x169.jpg 300w, https:\/\/www.radiopiu.net\/wordpress\/wp-content\/uploads\/2021\/12\/40d118da-8a6f-4e44-a42c-7126cb58a023-1024x576.jpg 1024w, https:\/\/www.radiopiu.net\/wordpress\/wp-content\/uploads\/2021\/12\/40d118da-8a6f-4e44-a42c-7126cb58a023-768x432.jpg 768w, https:\/\/www.radiopiu.net\/wordpress\/wp-content\/uploads\/2021\/12\/40d118da-8a6f-4e44-a42c-7126cb58a023-1536x864.jpg 1536w, https:\/\/www.radiopiu.net\/wordpress\/wp-content\/uploads\/2021\/12\/40d118da-8a6f-4e44-a42c-7126cb58a023.jpg 1600w\" sizes=\"auto, (max-width: 300px) 100vw, 300px\" \/><\/a>sistema sanitario deve funzionare sempre pi\u00f9 in ottica di integrazione con un unico sistema &#8211; ha detto Perenzin &#8211; a beneficio dell&#8217;intera popolazione. Non \u00e8 facile raggiungere questo obiettivo ma \u00e8 l&#8217;unica possibilit\u00e0 che abbiamo&#8221;. <\/em>Il Presidente dell&#8217;Unione Montana Michele Costa:\u00a0<em> &#8220;Grazie a chi ha lavorato in trincea\u00a0 &#8211; ha detto il Presidente &#8211; interpretando il pensiero di tutti i colleghi sindaci. Questi lavori sono l&#8217;esempio di come si possa fare sinergia per portare qualche cosa di importante sul <a href=\"https:\/\/www.radiopiu.net\/wordpress\/signore-e-signori-il-nuovo-pronto-soccorso-ad-agordo\/c506ca76-5d76-41f7-a523-27c07a2fb9da\/\" rel=\"attachment wp-att-246202\"><img loading=\"lazy\" decoding=\"async\" class=\"wp-image-246202 alignleft\" src=\"https:\/\/www.radiopiu.net\/wordpress\/wp-content\/uploads\/2021\/12\/c506ca76-5d76-41f7-a523-27c07a2fb9da-300x169.jpg\" alt=\"\" width=\"208\" height=\"117\" srcset=\"https:\/\/www.radiopiu.net\/wordpress\/wp-content\/uploads\/2021\/12\/c506ca76-5d76-41f7-a523-27c07a2fb9da-300x169.jpg 300w, https:\/\/www.radiopiu.net\/wordpress\/wp-content\/uploads\/2021\/12\/c506ca76-5d76-41f7-a523-27c07a2fb9da-1024x576.jpg 1024w, https:\/\/www.radiopiu.net\/wordpress\/wp-content\/uploads\/2021\/12\/c506ca76-5d76-41f7-a523-27c07a2fb9da-768x432.jpg 768w, https:\/\/www.radiopiu.net\/wordpress\/wp-content\/uploads\/2021\/12\/c506ca76-5d76-41f7-a523-27c07a2fb9da-1536x864.jpg 1536w, https:\/\/www.radiopiu.net\/wordpress\/wp-content\/uploads\/2021\/12\/c506ca76-5d76-41f7-a523-27c07a2fb9da.jpg 1600w\" sizes=\"auto, (max-width: 208px) 100vw, 208px\" \/><\/a>territorio&#8221;.<\/em> Sar\u00e0 ricordata come una scelta voluta da tutti i Comuni pur dopo un lungo dibattito, soprattutto come ha ricordato Costa il prossimo obiettivo mantenere i servizi all&#8217;interno della mura affinch\u00e9 possa funzionare sempre al meglio. Il dottor Giuseppe Cravero, responsabile del Pronto Soccorso da quando \u00e8 arrivato ad Agordo si \u00e8 trovato nel mezzo del cantiere, ha quindi\u00a0 seguito i lavori quotidianamente cos\u00ec come la coordinatrice Fernanda Minotto, uno dei volti noti del punto di emergenza dell&#8217;Agordino. <em>&#8220;Ognuno di noi\u00a0 ha messo un po&#8217; del suo nella realizzazione di questo Pronto Soccorso che quando sar\u00e0 terminato sar\u00e0 molto pi\u00f9 grande del precedente e consentir\u00e0 di fornire alla popolazione agordina una valida risposta in tema emergenza-urgenza e naturalmente sar\u00e0 in grado di accogliere anche i turisti&#8221;<\/em> Infatti, che l&#8217;ospedale sia un punto di forza dell&#8217;offerta turistica della vallata \u00e8 cosa nota, basta consultare i numeri<em> &#8220;Lo scorso anno nei mesi di gennaio e febbraio al Pronto Soccorso abbiamo registrato un migliaio di accessi in meno\u00a0 rispetto all&#8217;anno prima&#8221;<\/em><\/p>\n<blockquote><p>&nbsp;<\/p>\n<p><em>Un progetto finalizzato all&#8217;ampliamento e ammodernamento del P.S. ed interventi strutturali per il miglioramento sismico. Nella prima fase conclusa la ristrutturazione di alcuni locali ideali per l&#8217;ampliamento previsto. La camera calda \u00e8 per ora provvisoria per l&#8217;arrivo dei messi del 118. Consegnata la nuova zona accettazione, un locale operativo contiguo,\u00a0 le centrali per il monitoraggio OBI, l&#8217;apparato di video sorveglianza, i locali ambulatorio per le visite. I prossimi passi: trasferimento ed inizio attivit\u00e0 (6 dicembre) sgombero locali Pronto Soccorso attuale per dare il via ai lavori della seconda fase<\/em><\/p><\/blockquote>\n<p>&nbsp;<\/p>\n\n\t\t\t<style type='text\/css'>\n\t\t\t\t#gallery-1 {\n\t\t\t\t\tmargin: auto;\n\t\t\t\t}\n\t\t\t\t#gallery-1 .gallery-item {\n\t\t\t\t\tfloat: left;\n\t\t\t\t\tmargin-top: 10px;\n\t\t\t\t\ttext-align: center;\n\t\t\t\t\twidth: 20%;\n\t\t\t\t}\n\t\t\t\t#gallery-1 img {\n\t\t\t\t\tborder: 2px solid #cfcfcf;\n\t\t\t\t}\n\t\t\t\t#gallery-1 .gallery-caption {\n\t\t\t\t\tmargin-left: 0;\n\t\t\t\t}\n\t\t\t\t\/* see gallery_shortcode() in wp-includes\/media.php *\/\n\t\t\t<\/style>\n\t\t<div id='gallery-1' class='dt-gallery-container gallery galleryid-246185 gallery-columns-5 gallery-size-large'><dl class='gallery-item'>\n\t\t\t\t<dt class='gallery-icon landscape'>\n\t\t\t\t\t<a class=\"rollover rollover-zoom dt-pswp-item\" title=\"9acaf880-d820-4ab2-b4c4-5a1b2b61a9a9\" data-dt-img-description=\"\" data-large_image_width=\"1600\" data-large_image_height=\"900\"href='https:\/\/www.radiopiu.net\/wordpress\/wp-content\/uploads\/2021\/12\/9acaf880-d820-4ab2-b4c4-5a1b2b61a9a9.jpg'><img loading=\"lazy\" decoding=\"async\" width=\"1024\" height=\"576\" src=\"https:\/\/www.radiopiu.net\/wordpress\/wp-content\/uploads\/2021\/12\/9acaf880-d820-4ab2-b4c4-5a1b2b61a9a9-1024x576.jpg\" class=\"attachment-large size-large\" alt=\"\" srcset=\"https:\/\/www.radiopiu.net\/wordpress\/wp-content\/uploads\/2021\/12\/9acaf880-d820-4ab2-b4c4-5a1b2b61a9a9-1024x576.jpg 1024w, https:\/\/www.radiopiu.net\/wordpress\/wp-content\/uploads\/2021\/12\/9acaf880-d820-4ab2-b4c4-5a1b2b61a9a9-300x169.jpg 300w, https:\/\/www.radiopiu.net\/wordpress\/wp-content\/uploads\/2021\/12\/9acaf880-d820-4ab2-b4c4-5a1b2b61a9a9-768x432.jpg 768w, https:\/\/www.radiopiu.net\/wordpress\/wp-content\/uploads\/2021\/12\/9acaf880-d820-4ab2-b4c4-5a1b2b61a9a9-1536x864.jpg 1536w, https:\/\/www.radiopiu.net\/wordpress\/wp-content\/uploads\/2021\/12\/9acaf880-d820-4ab2-b4c4-5a1b2b61a9a9.jpg 1600w\" sizes=\"auto, (max-width: 1024px) 100vw, 1024px\" \/><\/a>\n\t\t\t\t<\/dt><\/dl><dl class='gallery-item'>\n\t\t\t\t<dt class='gallery-icon landscape'>\n\t\t\t\t\t<a class=\"rollover rollover-zoom dt-pswp-item\" title=\"99f3582f-4fe9-4450-beb4-64f2bce82c39\" data-dt-img-description=\"\" data-large_image_width=\"1600\" data-large_image_height=\"900\"href='https:\/\/www.radiopiu.net\/wordpress\/wp-content\/uploads\/2021\/12\/99f3582f-4fe9-4450-beb4-64f2bce82c39.jpg'><img loading=\"lazy\" decoding=\"async\" width=\"1024\" height=\"576\" src=\"https:\/\/www.radiopiu.net\/wordpress\/wp-content\/uploads\/2021\/12\/99f3582f-4fe9-4450-beb4-64f2bce82c39-1024x576.jpg\" class=\"attachment-large size-large\" alt=\"\" srcset=\"https:\/\/www.radiopiu.net\/wordpress\/wp-content\/uploads\/2021\/12\/99f3582f-4fe9-4450-beb4-64f2bce82c39-1024x576.jpg 1024w, https:\/\/www.radiopiu.net\/wordpress\/wp-content\/uploads\/2021\/12\/99f3582f-4fe9-4450-beb4-64f2bce82c39-300x169.jpg 300w, https:\/\/www.radiopiu.net\/wordpress\/wp-content\/uploads\/2021\/12\/99f3582f-4fe9-4450-beb4-64f2bce82c39-768x432.jpg 768w, https:\/\/www.radiopiu.net\/wordpress\/wp-content\/uploads\/2021\/12\/99f3582f-4fe9-4450-beb4-64f2bce82c39-1536x864.jpg 1536w, https:\/\/www.radiopiu.net\/wordpress\/wp-content\/uploads\/2021\/12\/99f3582f-4fe9-4450-beb4-64f2bce82c39.jpg 1600w\" sizes=\"auto, (max-width: 1024px) 100vw, 1024px\" \/><\/a>\n\t\t\t\t<\/dt><\/dl><dl class='gallery-item'>\n\t\t\t\t<dt class='gallery-icon landscape'>\n\t\t\t\t\t<a class=\"rollover rollover-zoom dt-pswp-item\" title=\"8f568359-8a83-4c65-9b4c-0a07a6bb821e\" data-dt-img-description=\"\" data-large_image_width=\"1600\" data-large_image_height=\"900\"href='https:\/\/www.radiopiu.net\/wordpress\/wp-content\/uploads\/2021\/12\/8f568359-8a83-4c65-9b4c-0a07a6bb821e.jpg'><img loading=\"lazy\" decoding=\"async\" width=\"1024\" height=\"576\" src=\"https:\/\/www.radiopiu.net\/wordpress\/wp-content\/uploads\/2021\/12\/8f568359-8a83-4c65-9b4c-0a07a6bb821e-1024x576.jpg\" class=\"attachment-large size-large\" alt=\"\" srcset=\"https:\/\/www.radiopiu.net\/wordpress\/wp-content\/uploads\/2021\/12\/8f568359-8a83-4c65-9b4c-0a07a6bb821e-1024x576.jpg 1024w, https:\/\/www.radiopiu.net\/wordpress\/wp-content\/uploads\/2021\/12\/8f568359-8a83-4c65-9b4c-0a07a6bb821e-300x169.jpg 300w, https:\/\/www.radiopiu.net\/wordpress\/wp-content\/uploads\/2021\/12\/8f568359-8a83-4c65-9b4c-0a07a6bb821e-768x432.jpg 768w, https:\/\/www.radiopiu.net\/wordpress\/wp-content\/uploads\/2021\/12\/8f568359-8a83-4c65-9b4c-0a07a6bb821e-1536x864.jpg 1536w, https:\/\/www.radiopiu.net\/wordpress\/wp-content\/uploads\/2021\/12\/8f568359-8a83-4c65-9b4c-0a07a6bb821e.jpg 1600w\" sizes=\"auto, (max-width: 1024px) 100vw, 1024px\" \/><\/a>\n\t\t\t\t<\/dt><\/dl><dl class='gallery-item'>\n\t\t\t\t<dt class='gallery-icon landscape'>\n\t\t\t\t\t<a class=\"rollover rollover-zoom dt-pswp-item\" title=\"37d7ab27-3137-4e9f-8df5-bdd87b721fe1\" data-dt-img-description=\"\" data-large_image_width=\"1600\" data-large_image_height=\"900\"href='https:\/\/www.radiopiu.net\/wordpress\/wp-content\/uploads\/2021\/12\/37d7ab27-3137-4e9f-8df5-bdd87b721fe1.jpg'><img loading=\"lazy\" decoding=\"async\" width=\"1024\" height=\"576\" src=\"https:\/\/www.radiopiu.net\/wordpress\/wp-content\/uploads\/2021\/12\/37d7ab27-3137-4e9f-8df5-bdd87b721fe1-1024x576.jpg\" class=\"attachment-large size-large\" alt=\"\" srcset=\"https:\/\/www.radiopiu.net\/wordpress\/wp-content\/uploads\/2021\/12\/37d7ab27-3137-4e9f-8df5-bdd87b721fe1-1024x576.jpg 1024w, https:\/\/www.radiopiu.net\/wordpress\/wp-content\/uploads\/2021\/12\/37d7ab27-3137-4e9f-8df5-bdd87b721fe1-300x169.jpg 300w, https:\/\/www.radiopiu.net\/wordpress\/wp-content\/uploads\/2021\/12\/37d7ab27-3137-4e9f-8df5-bdd87b721fe1-768x432.jpg 768w, https:\/\/www.radiopiu.net\/wordpress\/wp-content\/uploads\/2021\/12\/37d7ab27-3137-4e9f-8df5-bdd87b721fe1-1536x864.jpg 1536w, https:\/\/www.radiopiu.net\/wordpress\/wp-content\/uploads\/2021\/12\/37d7ab27-3137-4e9f-8df5-bdd87b721fe1.jpg 1600w\" sizes=\"auto, (max-width: 1024px) 100vw, 1024px\" \/><\/a>\n\t\t\t\t<\/dt><\/dl><dl class='gallery-item'>\n\t\t\t\t<dt class='gallery-icon landscape'>\n\t\t\t\t\t<a class=\"rollover rollover-zoom dt-pswp-item\" title=\"6f69016a-3721-4402-9800-ad94758c7da6\" data-dt-img-description=\"\" data-large_image_width=\"1600\" data-large_image_height=\"900\"href='https:\/\/www.radiopiu.net\/wordpress\/wp-content\/uploads\/2021\/12\/6f69016a-3721-4402-9800-ad94758c7da6.jpg'><img loading=\"lazy\" decoding=\"async\" width=\"1024\" height=\"576\" src=\"https:\/\/www.radiopiu.net\/wordpress\/wp-content\/uploads\/2021\/12\/6f69016a-3721-4402-9800-ad94758c7da6-1024x576.jpg\" class=\"attachment-large size-large\" alt=\"\" srcset=\"https:\/\/www.radiopiu.net\/wordpress\/wp-content\/uploads\/2021\/12\/6f69016a-3721-4402-9800-ad94758c7da6-1024x576.jpg 1024w, https:\/\/www.radiopiu.net\/wordpress\/wp-content\/uploads\/2021\/12\/6f69016a-3721-4402-9800-ad94758c7da6-300x169.jpg 300w, https:\/\/www.radiopiu.net\/wordpress\/wp-content\/uploads\/2021\/12\/6f69016a-3721-4402-9800-ad94758c7da6-768x432.jpg 768w, https:\/\/www.radiopiu.net\/wordpress\/wp-content\/uploads\/2021\/12\/6f69016a-3721-4402-9800-ad94758c7da6-1536x864.jpg 1536w, https:\/\/www.radiopiu.net\/wordpress\/wp-content\/uploads\/2021\/12\/6f69016a-3721-4402-9800-ad94758c7da6.jpg 1600w\" sizes=\"auto, (max-width: 1024px) 100vw, 1024px\" \/><\/a>\n\t\t\t\t<\/dt><\/dl><br style=\"clear: both\" \/><dl class='gallery-item'>\n\t\t\t\t<dt class='gallery-icon landscape'>\n\t\t\t\t\t<a class=\"rollover rollover-zoom dt-pswp-item\" title=\"7026bce8-6128-44fe-84a5-f8a6f2d7c2cd\" data-dt-img-description=\"\" data-large_image_width=\"1600\" data-large_image_height=\"900\"href='https:\/\/www.radiopiu.net\/wordpress\/wp-content\/uploads\/2021\/12\/7026bce8-6128-44fe-84a5-f8a6f2d7c2cd.jpg'><img loading=\"lazy\" decoding=\"async\" width=\"1024\" height=\"576\" src=\"https:\/\/www.radiopiu.net\/wordpress\/wp-content\/uploads\/2021\/12\/7026bce8-6128-44fe-84a5-f8a6f2d7c2cd-1024x576.jpg\" class=\"attachment-large size-large\" alt=\"\" srcset=\"https:\/\/www.radiopiu.net\/wordpress\/wp-content\/uploads\/2021\/12\/7026bce8-6128-44fe-84a5-f8a6f2d7c2cd-1024x576.jpg 1024w, https:\/\/www.radiopiu.net\/wordpress\/wp-content\/uploads\/2021\/12\/7026bce8-6128-44fe-84a5-f8a6f2d7c2cd-300x169.jpg 300w, https:\/\/www.radiopiu.net\/wordpress\/wp-content\/uploads\/2021\/12\/7026bce8-6128-44fe-84a5-f8a6f2d7c2cd-768x432.jpg 768w, https:\/\/www.radiopiu.net\/wordpress\/wp-content\/uploads\/2021\/12\/7026bce8-6128-44fe-84a5-f8a6f2d7c2cd-1536x864.jpg 1536w, https:\/\/www.radiopiu.net\/wordpress\/wp-content\/uploads\/2021\/12\/7026bce8-6128-44fe-84a5-f8a6f2d7c2cd.jpg 1600w\" sizes=\"auto, (max-width: 1024px) 100vw, 1024px\" \/><\/a>\n\t\t\t\t<\/dt><\/dl><dl class='gallery-item'>\n\t\t\t\t<dt class='gallery-icon landscape'>\n\t\t\t\t\t<a class=\"rollover rollover-zoom dt-pswp-item\" title=\"6d5a0557-df9a-4210-aa32-f987a68f1b97\" data-dt-img-description=\"\" data-large_image_width=\"1600\" data-large_image_height=\"900\"href='https:\/\/www.radiopiu.net\/wordpress\/wp-content\/uploads\/2021\/12\/6d5a0557-df9a-4210-aa32-f987a68f1b97.jpg'><img loading=\"lazy\" decoding=\"async\" width=\"1024\" height=\"576\" src=\"https:\/\/www.radiopiu.net\/wordpress\/wp-content\/uploads\/2021\/12\/6d5a0557-df9a-4210-aa32-f987a68f1b97-1024x576.jpg\" class=\"attachment-large size-large\" alt=\"\" srcset=\"https:\/\/www.radiopiu.net\/wordpress\/wp-content\/uploads\/2021\/12\/6d5a0557-df9a-4210-aa32-f987a68f1b97-1024x576.jpg 1024w, https:\/\/www.radiopiu.net\/wordpress\/wp-content\/uploads\/2021\/12\/6d5a0557-df9a-4210-aa32-f987a68f1b97-300x169.jpg 300w, https:\/\/www.radiopiu.net\/wordpress\/wp-content\/uploads\/2021\/12\/6d5a0557-df9a-4210-aa32-f987a68f1b97-768x432.jpg 768w, https:\/\/www.radiopiu.net\/wordpress\/wp-content\/uploads\/2021\/12\/6d5a0557-df9a-4210-aa32-f987a68f1b97-1536x864.jpg 1536w, https:\/\/www.radiopiu.net\/wordpress\/wp-content\/uploads\/2021\/12\/6d5a0557-df9a-4210-aa32-f987a68f1b97.jpg 1600w\" sizes=\"auto, (max-width: 1024px) 100vw, 1024px\" \/><\/a>\n\t\t\t\t<\/dt><\/dl><dl class='gallery-item'>\n\t\t\t\t<dt class='gallery-icon landscape'>\n\t\t\t\t\t<a class=\"rollover rollover-zoom dt-pswp-item\" title=\"6500cc70-c0aa-4ef4-8d01-d463c1352082\" data-dt-img-description=\"\" data-large_image_width=\"1600\" data-large_image_height=\"900\"href='https:\/\/www.radiopiu.net\/wordpress\/wp-content\/uploads\/2021\/12\/6500cc70-c0aa-4ef4-8d01-d463c1352082.jpg'><img loading=\"lazy\" decoding=\"async\" width=\"1024\" height=\"576\" src=\"https:\/\/www.radiopiu.net\/wordpress\/wp-content\/uploads\/2021\/12\/6500cc70-c0aa-4ef4-8d01-d463c1352082-1024x576.jpg\" class=\"attachment-large size-large\" alt=\"\" srcset=\"https:\/\/www.radiopiu.net\/wordpress\/wp-content\/uploads\/2021\/12\/6500cc70-c0aa-4ef4-8d01-d463c1352082-1024x576.jpg 1024w, https:\/\/www.radiopiu.net\/wordpress\/wp-content\/uploads\/2021\/12\/6500cc70-c0aa-4ef4-8d01-d463c1352082-300x169.jpg 300w, https:\/\/www.radiopiu.net\/wordpress\/wp-content\/uploads\/2021\/12\/6500cc70-c0aa-4ef4-8d01-d463c1352082-768x432.jpg 768w, https:\/\/www.radiopiu.net\/wordpress\/wp-content\/uploads\/2021\/12\/6500cc70-c0aa-4ef4-8d01-d463c1352082-1536x864.jpg 1536w, https:\/\/www.radiopiu.net\/wordpress\/wp-content\/uploads\/2021\/12\/6500cc70-c0aa-4ef4-8d01-d463c1352082.jpg 1600w\" sizes=\"auto, (max-width: 1024px) 100vw, 1024px\" \/><\/a>\n\t\t\t\t<\/dt><\/dl><dl class='gallery-item'>\n\t\t\t\t<dt class='gallery-icon landscape'>\n\t\t\t\t\t<a class=\"rollover rollover-zoom dt-pswp-item\" title=\"2aff9fab-9865-48cd-9958-65189594a063\" data-dt-img-description=\"\" data-large_image_width=\"1600\" data-large_image_height=\"900\"href='https:\/\/www.radiopiu.net\/wordpress\/wp-content\/uploads\/2021\/12\/2aff9fab-9865-48cd-9958-65189594a063.jpg'><img loading=\"lazy\" decoding=\"async\" width=\"1024\" height=\"576\" src=\"https:\/\/www.radiopiu.net\/wordpress\/wp-content\/uploads\/2021\/12\/2aff9fab-9865-48cd-9958-65189594a063-1024x576.jpg\" class=\"attachment-large size-large\" alt=\"\" srcset=\"https:\/\/www.radiopiu.net\/wordpress\/wp-content\/uploads\/2021\/12\/2aff9fab-9865-48cd-9958-65189594a063-1024x576.jpg 1024w, https:\/\/www.radiopiu.net\/wordpress\/wp-content\/uploads\/2021\/12\/2aff9fab-9865-48cd-9958-65189594a063-300x169.jpg 300w, https:\/\/www.radiopiu.net\/wordpress\/wp-content\/uploads\/2021\/12\/2aff9fab-9865-48cd-9958-65189594a063-768x432.jpg 768w, https:\/\/www.radiopiu.net\/wordpress\/wp-content\/uploads\/2021\/12\/2aff9fab-9865-48cd-9958-65189594a063-1536x864.jpg 1536w, https:\/\/www.radiopiu.net\/wordpress\/wp-content\/uploads\/2021\/12\/2aff9fab-9865-48cd-9958-65189594a063.jpg 1600w\" sizes=\"auto, (max-width: 1024px) 100vw, 1024px\" \/><\/a>\n\t\t\t\t<\/dt><\/dl><dl class='gallery-item'>\n\t\t\t\t<dt class='gallery-icon landscape'>\n\t\t\t\t\t<a class=\"rollover rollover-zoom dt-pswp-item\" title=\"a46d2c0a-e125-45d3-83eb-8296b8dcb7b7\" data-dt-img-description=\"\" data-large_image_width=\"1600\" data-large_image_height=\"900\"href='https:\/\/www.radiopiu.net\/wordpress\/wp-content\/uploads\/2021\/12\/a46d2c0a-e125-45d3-83eb-8296b8dcb7b7.jpg'><img loading=\"lazy\" decoding=\"async\" width=\"1024\" height=\"576\" src=\"https:\/\/www.radiopiu.net\/wordpress\/wp-content\/uploads\/2021\/12\/a46d2c0a-e125-45d3-83eb-8296b8dcb7b7-1024x576.jpg\" class=\"attachment-large size-large\" alt=\"\" srcset=\"https:\/\/www.radiopiu.net\/wordpress\/wp-content\/uploads\/2021\/12\/a46d2c0a-e125-45d3-83eb-8296b8dcb7b7-1024x576.jpg 1024w, https:\/\/www.radiopiu.net\/wordpress\/wp-content\/uploads\/2021\/12\/a46d2c0a-e125-45d3-83eb-8296b8dcb7b7-300x169.jpg 300w, https:\/\/www.radiopiu.net\/wordpress\/wp-content\/uploads\/2021\/12\/a46d2c0a-e125-45d3-83eb-8296b8dcb7b7-768x432.jpg 768w, https:\/\/www.radiopiu.net\/wordpress\/wp-content\/uploads\/2021\/12\/a46d2c0a-e125-45d3-83eb-8296b8dcb7b7-1536x864.jpg 1536w, https:\/\/www.radiopiu.net\/wordpress\/wp-content\/uploads\/2021\/12\/a46d2c0a-e125-45d3-83eb-8296b8dcb7b7.jpg 1600w\" sizes=\"auto, (max-width: 1024px) 100vw, 1024px\" \/><\/a>\n\t\t\t\t<\/dt><\/dl><br style=\"clear: both\" \/>\n\t\t\t<\/div>\n\n<p>Da Roma \u00e8 intervenuto anche il Deputato Roger De Menech, gi\u00e0 presidente del\u00a0 Fondo Comuni Confinanti &#8220;A distanza di anni dallo stanziamento delle risorse, finalmente cominciamo a vedere alcuni risultati.\u00a0 Il lavoro \u00e8 stato<em> \u00abinteramente finanziato con i Fondi di Confine. Ora speriamo che anche la Regione Veneto investa risorse proprie per il potenziamento dell\u2019ospedale di Agordo e di tutti i presidi sanitari della provincia di Belluno.\u00abSiamo in fase di pianificazione per i prossimi anni\u00bb, spiega il presidente del fondo Comuni Confinanti, Dario Bond. \u00abSono sicuro che anche nella prossima programmazione riusciremo a fare degli investimenti nel settore sanitario, auspicando che anche la Regione Veneto contribuisca\u00bb.\u00a0<\/em><\/p>\n<p>&#8212;&#8212;&#8212;&#8212;&#8212;&#8212;&#8212;&#8212;&#8212;&#8211;<\/p>\n<p><strong>audio evento di questo mattina all&#8217;Ospedale di Agordo\u00a0<\/strong><\/p>\n<audio class=\"wp-audio-shortcode\" id=\"audio-246185-2\" preload=\"none\" style=\"width: 100%;\" controls=\"controls\"><source type=\"audio\/mpeg\" src=\"https:\/\/www.radiopiu.net\/wordpress\/wp-content\/uploads\/2021\/12\/Dal-nuovo-Pronto-Soccorso-Agordo.mp3?_=2\" \/><a href=\"https:\/\/www.radiopiu.net\/wordpress\/wp-content\/uploads\/2021\/12\/Dal-nuovo-Pronto-Soccorso-Agordo.mp3\">https:\/\/www.radiopiu.net\/wordpress\/wp-content\/uploads\/2021\/12\/Dal-nuovo-Pronto-Soccorso-Agordo.mp3<\/a><\/audio>\n<p>&nbsp;<\/p>\n<p><strong>LA DIRETTA SUI CANALI SOCIAL DI RADIO PIU<\/strong><\/p>\n<p><a href=\"https:\/\/www.facebook.com\/mirko.mezzacasa\/videos\/421094999659493\">https:\/\/www.facebook.com\/mirko.mezzacasa\/videos\/421094999659493<\/a><\/p>\n","protected":false},"excerpt":{"rendered":"<p>AGORDO Chi non\u00a0 varca la soglia del Pronto Soccorso dell&#8217;ospedale di Agordo da qualche mese,\u00a0 alla prima occasione &#8211; auguriamoci il pi\u00f9 tardi possibile &#8211; si trover\u00e0 difronte un ambiente completamente diverso. Non pi\u00f9 uno stretto corridoio e un punto ricezione dagli spazi angusti. Cambiano anche i posti letto di emergenza in una struttura colorata&hellip;<\/p>\n","protected":false},"author":4,"featured_media":246209,"comment_status":"closed","ping_status":"open","sticky":false,"template":"","format":"standard","meta":{"_monsterinsights_skip_tracking":false,"_monsterinsights_sitenote_active":false,"_monsterinsights_sitenote_note":"","_monsterinsights_sitenote_category":0,"footnotes":""},"categories":[51,49],"tags":[],"class_list":["post-246185","post","type-post","status-publish","format-standard","has-post-thumbnail","hentry","category-evidenza-top","category-news-18","category-51","category-49","description-off"],"img_url":"https:\/\/www.radiopiu.net\/wordpress\/wp-content\/uploads\/2021\/12\/37d7ab27-3137-4e9f-8df5-bdd87b721fe1.jpg","_links":{"self":[{"href":"https:\/\/www.radiopiu.net\/wordpress\/wp-json\/wp\/v2\/posts\/246185","targetHints":{"allow":["GET"]}}],"collection":[{"href":"https:\/\/www.radiopiu.net\/wordpress\/wp-json\/wp\/v2\/posts"}],"about":[{"href":"https:\/\/www.radiopiu.net\/wordpress\/wp-json\/wp\/v2\/types\/post"}],"author":[{"embeddable":true,"href":"https:\/\/www.radiopiu.net\/wordpress\/wp-json\/wp\/v2\/users\/4"}],"replies":[{"embeddable":true,"href":"https:\/\/www.radiopiu.net\/wordpress\/wp-json\/wp\/v2\/comments?post=246185"}],"version-history":[{"count":0,"href":"https:\/\/www.radiopiu.net\/wordpress\/wp-json\/wp\/v2\/posts\/246185\/revisions"}],"wp:featuredmedia":[{"embeddable":true,"href":"https:\/\/www.radiopiu.net\/wordpress\/wp-json\/wp\/v2\/media\/246209"}],"wp:attachment":[{"href":"https:\/\/www.radiopiu.net\/wordpress\/wp-json\/wp\/v2\/media?parent=246185"}],"wp:term":[{"taxonomy":"category","embeddable":true,"href":"https:\/\/www.radiopiu.net\/wordpress\/wp-json\/wp\/v2\/categories?post=246185"},{"taxonomy":"post_tag","embeddable":true,"href":"https:\/\/www.radiopiu.net\/wordpress\/wp-json\/wp\/v2\/tags?post=246185"}],"curies":[{"name":"wp","href":"https:\/\/api.w.org\/{rel}","templated":true}]}}