{"id":246249,"date":"2021-12-02T16:01:37","date_gmt":"2021-12-02T15:01:37","guid":{"rendered":"https:\/\/www.radiopiu.net\/wordpress\/?p=246249"},"modified":"2021-12-02T16:01:37","modified_gmt":"2021-12-02T15:01:37","slug":"dai-sindaci-agordini-e-dallunione-montana-agordina-il-grazie-ad-asca","status":"publish","type":"post","link":"https:\/\/www.radiopiu.net\/wordpress\/dai-sindaci-agordini-e-dallunione-montana-agordina-il-grazie-ad-asca\/","title":{"rendered":"DAI SINDACI AGORDINI E DALL&#8217;UNIONE MONTANA AGORDINA IL GRAZIE AD ASCA"},"content":{"rendered":"<p><strong><a href=\"https:\/\/www.radiopiu.net\/wordpress\/asca-ricerca-personale-infermieristico\/asca-4\/\" rel=\"attachment wp-att-128881\"><img loading=\"lazy\" decoding=\"async\" class=\"size-medium wp-image-128881 alignleft\" src=\"https:\/\/www.radiopiu.net\/wordpress\/wp-content\/uploads\/2020\/04\/ASCA-300x165.png\" alt=\"\" width=\"300\" height=\"165\" srcset=\"https:\/\/www.radiopiu.net\/wordpress\/wp-content\/uploads\/2020\/04\/ASCA-300x165.png 300w, https:\/\/www.radiopiu.net\/wordpress\/wp-content\/uploads\/2020\/04\/ASCA-1024x565.png 1024w, https:\/\/www.radiopiu.net\/wordpress\/wp-content\/uploads\/2020\/04\/ASCA-768x424.png 768w, https:\/\/www.radiopiu.net\/wordpress\/wp-content\/uploads\/2020\/04\/ASCA.png 1211w\" sizes=\"auto, (max-width: 300px) 100vw, 300px\" \/><\/a>AGORDO<\/strong> Sindaci agordini e Unione Montana Agordina ringraziano ASCA per gli sforzi che sta facendo in questo momento delicato di pandemia ma non solo.<\/p>\n<p><strong>IL COMUNICATO DELL&#8217;UNIONE MONTANA AGORDINA E DEI SINDACI<\/strong><\/p>\n<blockquote><p><em>Gli effetti del Covid sta colpendo duro le nostre Comunit\u00e0 ed in particolare il settore sociale dei servizi verso gli anziani, in tutte le realt\u00e0 italiane. In Agordino invece che fare quadrato intorno alla propria realt\u00e0, si coglie l\u2019occasione per attaccare ASCA. Di fronte alle accuse di poca trasparenza e le critiche reiterate dal consigliere Selva Moretti, i Sindaci dell\u2019Agordino ringraziano e sostengono l\u2019Amministratore Unico Dottoressa Santin per il lavoro svolto in questi quattro anni e soprattutto in questo ultimo periodo. Pur tra le tante difficolt\u00e0, ASCA sta resistendo ed i Sindaci, con l\u2019Amministratore Unico, stanno affrontando il periodo guardando al futuro e a tutto quanto si pu\u00f2 fare per garantire un servizio fondamentale nel nostro territorio. Invito, ancora una volta, tutti a fare squadra per il bene delle nostre Comunit\u00e0.<\/em><\/p><\/blockquote>\n<p>&nbsp;<\/p>\n<p>&nbsp;<\/p>\n<p>&nbsp;<\/p>\n<p>*****<\/p>\n","protected":false},"excerpt":{"rendered":"<p>AGORDO Sindaci agordini e Unione Montana Agordina ringraziano ASCA per gli sforzi che sta facendo in questo momento delicato di pandemia ma non solo. IL COMUNICATO DELL&#8217;UNIONE MONTANA AGORDINA E DEI SINDACI Gli effetti del Covid sta colpendo duro le nostre Comunit\u00e0 ed in particolare il settore sociale dei servizi verso gli anziani, in tutte&hellip;<\/p>\n","protected":false},"author":4,"featured_media":128881,"comment_status":"closed","ping_status":"open","sticky":false,"template":"","format":"standard","meta":{"_monsterinsights_skip_tracking":false,"_monsterinsights_sitenote_active":false,"_monsterinsights_sitenote_note":"","_monsterinsights_sitenote_category":0,"footnotes":""},"categories":[51,49],"tags":[],"class_list":["post-246249","post","type-post","status-publish","format-standard","has-post-thumbnail","hentry","category-evidenza-top","category-news-18","category-51","category-49","description-off"],"img_url":"https:\/\/www.radiopiu.net\/wordpress\/wp-content\/uploads\/2020\/04\/ASCA.png","_links":{"self":[{"href":"https:\/\/www.radiopiu.net\/wordpress\/wp-json\/wp\/v2\/posts\/246249","targetHints":{"allow":["GET"]}}],"collection":[{"href":"https:\/\/www.radiopiu.net\/wordpress\/wp-json\/wp\/v2\/posts"}],"about":[{"href":"https:\/\/www.radiopiu.net\/wordpress\/wp-json\/wp\/v2\/types\/post"}],"author":[{"embeddable":true,"href":"https:\/\/www.radiopiu.net\/wordpress\/wp-json\/wp\/v2\/users\/4"}],"replies":[{"embeddable":true,"href":"https:\/\/www.radiopiu.net\/wordpress\/wp-json\/wp\/v2\/comments?post=246249"}],"version-history":[{"count":0,"href":"https:\/\/www.radiopiu.net\/wordpress\/wp-json\/wp\/v2\/posts\/246249\/revisions"}],"wp:featuredmedia":[{"embeddable":true,"href":"https:\/\/www.radiopiu.net\/wordpress\/wp-json\/wp\/v2\/media\/128881"}],"wp:attachment":[{"href":"https:\/\/www.radiopiu.net\/wordpress\/wp-json\/wp\/v2\/media?parent=246249"}],"wp:term":[{"taxonomy":"category","embeddable":true,"href":"https:\/\/www.radiopiu.net\/wordpress\/wp-json\/wp\/v2\/categories?post=246249"},{"taxonomy":"post_tag","embeddable":true,"href":"https:\/\/www.radiopiu.net\/wordpress\/wp-json\/wp\/v2\/tags?post=246249"}],"curies":[{"name":"wp","href":"https:\/\/api.w.org\/{rel}","templated":true}]}}