{"id":246379,"date":"2021-12-03T11:00:38","date_gmt":"2021-12-03T10:00:38","guid":{"rendered":"https:\/\/www.radiopiu.net\/wordpress\/?p=246379"},"modified":"2021-12-03T14:31:33","modified_gmt":"2021-12-03T13:31:33","slug":"zaiasass","status":"publish","type":"post","link":"https:\/\/www.radiopiu.net\/wordpress\/zaiasass\/","title":{"rendered":"VENETO APPESO A UN FILO: 2 PARAMETRI SU TRE DA ZONA GIALLA"},"content":{"rendered":"<p><strong>VENEZIA<\/strong> Il punto stampa da Marghera, con il Presidente della Regione Veneto Luca Zaia.<\/p>\n<p>&nbsp;<\/p>\n<p>IL BOLLETTINO 19milioni di tamponi da inizio epidemia POSITIVI NELLE 24 ORE 3166 TAMPONI IN 24 ORE 98.015 INCIDENZA 3,18% POSITIVI TOTALI 525.803 POSITIVI ATTUALI 35.705\u00a0 RICOVERATI 664 (+25) IN AREA NON CRITICA 549 (+15) TERAPIA INTENSIA 115 (+10) TERAPIE NON COVID 318 DECESSI 11 992 (+9)<\/p>\n<blockquote>\n<h3>LEGGI LA CONFERENZA STAMPA<\/h3>\n<\/blockquote>\n<p><strong>TAMPONI <\/strong>Siamo sotto pressione. Benvenga l&#8217;idea di Figliuolo di mandare nelle Regioni squadre per fare tamponi. <strong>VACCINI<\/strong> Siamo sopra di gran lunga la sfida di target nazionale, ieri 42mila inoculazione del vaccino (47 mila il giorno prima), il Veneto \u00e8 la Regione che inocula maggiormente. Ieri 2910 prima dose terza dose 37.000. In totale inoculazione 7milioni 864mila. In regione l&#8217;86% di veneti si sono vaccinati con una o due dosi.<\/p>\n<blockquote><p><span style=\"color: #ff0000;\">incidenza 317,1 (contagiati su 100 mila abitanti a settimana) Rt 1,39 occupazione terapie intensive 10% occupazione area non critica 8%. I tre parametri per il passaggio di zona: incidenza superato (100) occupazione area critica 10% (parametro superato) area non critica 8% il passaggio al 15%. Se il Veneto arriva al 15% passa in zona gialla con obbligo di mascherina e soprattutto riduzione dei posti a sedere nei ristoranti e posti pubblici e tutto quello che comporta la zona gialla.<\/span><\/p>\n<p><strong>QUINDI GIALLO SEMPRE PIU&#8217; VICINO, ci sono modelli? <\/strong>No se dovessimo proiettare la media dell&#8217;incremento si arriva la rosso. Di mezzo c&#8217;\u00e8 il tempo che trascorre che diventa sanificante dopo aver toccato il culmine. Dico anche che noi investiamo sulla terza dose, ci sono 2 persone eleggibili entro fine anno. Questa permetter\u00e0 di avere tranquillit\u00e0 rispetto ai rischi di ospedalizzazione. La vera partita si gioca in ospedale. C&#8217;\u00e8 chi lo vede distante, ma dentro l&#8217;ospedale si consuma una battaglia, sono gi\u00e0 stati tolti letti di altri pazienti per altre patologie per dedicarli alle patologie covid.<\/p><\/blockquote>\n<p><strong>In ospedale ci sono soprattutto persone non vaccinate.<\/strong> Il vaccino \u00e8 la soluzione per svuotare gli ospedali. Gli infetti non vaccinati sono tanti\u00a0 e i non vaccinati ricoverati\u00a0 moltissimi. Nel rispetto della libera scelta di ognuno, \u00e8 innegabile che il vaccino stia funzionando. Abbiamo ancora 656mila persone over 12 non vaccinate in Veneto, se il virus entra in quella fascia di popolazione circola pi\u00f9 velocemente. La vera sfida: convincere i cittadini di valutare l&#8217;opportunit\u00e0 di vaccinarsi. <strong>BAMBINI E VACCINI <\/strong>entra in pista il Pfizer pediatrico, stiamo pensando di riuscire a tenere il canale aperto con i pediatri: siamo convinti che se riuscissimo a far s\u00ec che il bambino fosse vaccinato dal pediatra, sarebbe una conquista.\u00a0<strong> ULSS E FASI <\/strong>Tutte le Ulss sono in fase 2, l&#8217;Euganea in fase 3. Ad oggi dove necessario sono stati sospesi gli interventi non urgenti. Gli interventi specialistici dipenderanno dal passaggio di fase i non urgenti sono comunque stati sospesi. <strong>ACCERTAMENTI NAS<\/strong> <strong>SUL PERSONALE SOSPESO<\/strong> Abbiamo sentito le notizie ma non ho informazioni su interventi in Veneto. <strong>VENETO PEGGIORE REGIONE\u00a0 PER INCIDENZA PERCHE&#8217;?<\/strong>\u00a0 Non \u00e8 una gara a premi stiamo parlando di un virus che a dicembre ha colpito noi e non le Regioni contermini, poi noi ne siamo venuti fuori mentre le regioni vicine avevano addirittura chiesto ospitalit\u00e0 in terapia intensiva. E&#8217; vero che il bacino del Nord Est \u00e8 sempre sacrificato cos\u00ec come la Slovenia almeno in numero assoluti.<\/p>\n<p>&nbsp;<\/p>\n<p><a href=\"https:\/\/www.facebook.com\/zaiaufficiale\/videos\/197887025872685\">https:\/\/www.facebook.com\/zaiaufficiale\/videos\/197887025872685<\/a><\/p>\n","protected":false},"excerpt":{"rendered":"<p>VENEZIA Il punto stampa da Marghera, con il Presidente della Regione Veneto Luca Zaia. &nbsp; IL BOLLETTINO 19milioni di tamponi da inizio epidemia POSITIVI NELLE 24 ORE 3166 TAMPONI IN 24 ORE 98.015 INCIDENZA 3,18% POSITIVI TOTALI 525.803 POSITIVI ATTUALI 35.705\u00a0 RICOVERATI 664 (+25) IN AREA NON CRITICA 549 (+15) TERAPIA INTENSIA 115 (+10) TERAPIE&hellip;<\/p>\n","protected":false},"author":4,"featured_media":78231,"comment_status":"closed","ping_status":"open","sticky":false,"template":"","format":"standard","meta":{"_monsterinsights_skip_tracking":false,"_monsterinsights_sitenote_active":false,"_monsterinsights_sitenote_note":"","_monsterinsights_sitenote_category":0,"footnotes":""},"categories":[51,49],"tags":[],"class_list":["post-246379","post","type-post","status-publish","format-standard","has-post-thumbnail","hentry","category-evidenza-top","category-news-18","category-51","category-49","description-off"],"img_url":"https:\/\/www.radiopiu.net\/wordpress\/wp-content\/uploads\/2019\/03\/ZAIA-BELLUNO-3.png","_links":{"self":[{"href":"https:\/\/www.radiopiu.net\/wordpress\/wp-json\/wp\/v2\/posts\/246379","targetHints":{"allow":["GET"]}}],"collection":[{"href":"https:\/\/www.radiopiu.net\/wordpress\/wp-json\/wp\/v2\/posts"}],"about":[{"href":"https:\/\/www.radiopiu.net\/wordpress\/wp-json\/wp\/v2\/types\/post"}],"author":[{"embeddable":true,"href":"https:\/\/www.radiopiu.net\/wordpress\/wp-json\/wp\/v2\/users\/4"}],"replies":[{"embeddable":true,"href":"https:\/\/www.radiopiu.net\/wordpress\/wp-json\/wp\/v2\/comments?post=246379"}],"version-history":[{"count":0,"href":"https:\/\/www.radiopiu.net\/wordpress\/wp-json\/wp\/v2\/posts\/246379\/revisions"}],"wp:featuredmedia":[{"embeddable":true,"href":"https:\/\/www.radiopiu.net\/wordpress\/wp-json\/wp\/v2\/media\/78231"}],"wp:attachment":[{"href":"https:\/\/www.radiopiu.net\/wordpress\/wp-json\/wp\/v2\/media?parent=246379"}],"wp:term":[{"taxonomy":"category","embeddable":true,"href":"https:\/\/www.radiopiu.net\/wordpress\/wp-json\/wp\/v2\/categories?post=246379"},{"taxonomy":"post_tag","embeddable":true,"href":"https:\/\/www.radiopiu.net\/wordpress\/wp-json\/wp\/v2\/tags?post=246379"}],"curies":[{"name":"wp","href":"https:\/\/api.w.org\/{rel}","templated":true}]}}