{"id":246592,"date":"2021-12-04T09:53:07","date_gmt":"2021-12-04T08:53:07","guid":{"rendered":"https:\/\/www.radiopiu.net\/wordpress\/?p=246592"},"modified":"2021-12-04T10:04:14","modified_gmt":"2021-12-04T09:04:14","slug":"santa-barbara-il-giorno-del-grazie-ai-vigili-del-fuoco-interventi-in-provincia-44","status":"publish","type":"post","link":"https:\/\/www.radiopiu.net\/wordpress\/santa-barbara-il-giorno-del-grazie-ai-vigili-del-fuoco-interventi-in-provincia-44\/","title":{"rendered":"SANTA BARBARA, IL GIORNO DEL GRAZIE AI VIGILI DEL FUOCO,  INTERVENTI  IN PROVINCIA +44%"},"content":{"rendered":"<p><strong>VENEZIA<\/strong> Oggi 4 dicembre, Santa Barbara Patrona dei Vigili del fuoco. Santa Barbara \u00e8 la Patrona dei Vigili del fuoco, in quanto protettrice di coloro che si trovano \u201cin pericolo di morte improvvisa\u201d. \u00c8 la Santa da Nicomedia che rappresenta la capacit\u00e0 di affrontare il pericolo con fede, coraggio e serenit\u00e0 anche quando non c\u2019\u00e8 alcuna via di scampo e viene festeggiata dal personale dei Vigili del fuoco in tutti i comandi e distaccamenti d\u2019Italia. Vista la particolare situazione sanitaria si svolgeranno solo cerimonie religiose nel pieno rispetto delle disposizioni vigenti in materia di contenimento della diffusione del virus COVID \u2013 19.<\/p>\n<p><strong><a class=\"dt-pswp-item\" href=\"https:\/\/www.radiopiu.net\/wordpress\/wp-content\/uploads\/2021\/12\/6034dd4e-37a5-447c-beb6-68464fad5104.jpg\" data-dt-img-description=\"\" data-large_image_width=\"1600\" data-large_image_height=\"898\"><img loading=\"lazy\" decoding=\"async\" class=\"wp-image-246598 alignleft\" src=\"https:\/\/www.radiopiu.net\/wordpress\/wp-content\/uploads\/2021\/12\/6034dd4e-37a5-447c-beb6-68464fad5104-300x168.jpg\" alt=\"\" width=\"239\" height=\"134\" srcset=\"https:\/\/www.radiopiu.net\/wordpress\/wp-content\/uploads\/2021\/12\/6034dd4e-37a5-447c-beb6-68464fad5104-300x168.jpg 300w, https:\/\/www.radiopiu.net\/wordpress\/wp-content\/uploads\/2021\/12\/6034dd4e-37a5-447c-beb6-68464fad5104-1024x575.jpg 1024w, https:\/\/www.radiopiu.net\/wordpress\/wp-content\/uploads\/2021\/12\/6034dd4e-37a5-447c-beb6-68464fad5104-768x431.jpg 768w, https:\/\/www.radiopiu.net\/wordpress\/wp-content\/uploads\/2021\/12\/6034dd4e-37a5-447c-beb6-68464fad5104-1536x862.jpg 1536w, https:\/\/www.radiopiu.net\/wordpress\/wp-content\/uploads\/2021\/12\/6034dd4e-37a5-447c-beb6-68464fad5104.jpg 1600w\" sizes=\"auto, (max-width: 239px) 100vw, 239px\" \/><\/a>La giornata odierna anche l\u2019occasione per trarre un bilancio dell\u2019attivit\u00e0 svolta nell\u2019ultimo anno.<\/strong> Dal 1\u00b0 dicembre 2020 al 30 novembre 2021 nel Veneto sono stati eseguiti 42093 gli interventi dei Vigili del fuoco a fronte di 68296 squadre impiegate. Rispetto allo stesso periodo dell\u2019anno precedente c\u2019\u00e8 stato un incremento di 2827 interventi, pari al 7,1%. Mediamente ogni giorno i Vigili del fuoco sono intervenuti in Regione 115 volte con la presenza di 187 squadre. Aumento del 44% degli interventi per il comando di Belluno, in totale 5753, rispetto ai 3997 dell\u2019anno precedente, principalmente operazioni di soccorso dovute alle abbondanti nevicate che hanno colpito la provincia delle dolomiti durante l\u2019inverno nel periodo preso in esame. Sono stati 9469 gli interventi del comando di Venezia a seguire il comando di Vicenza con 6319, Treviso con 5917, Padova con 5852, Verona con 5829, Belluno con 5753 e Rovigo con 2954. Gli incendi sono stati 7199 con un aumento di 395 interventi in pi\u00f9 rispetto al periodo annuale preso in esame. Incremento degli interventi per <a class=\"dt-pswp-item\" href=\"https:\/\/www.radiopiu.net\/wordpress\/wp-content\/uploads\/2021\/12\/e0a94320-584d-467b-a920-ecf27a87bb9e.jpg\" data-dt-img-description=\"\" data-large_image_width=\"1600\" data-large_image_height=\"1066\"><img loading=\"lazy\" decoding=\"async\" class=\"wp-image-246597 size-medium alignright\" src=\"https:\/\/www.radiopiu.net\/wordpress\/wp-content\/uploads\/2021\/12\/e0a94320-584d-467b-a920-ecf27a87bb9e-300x200.jpg\" alt=\"\" width=\"300\" height=\"200\" srcset=\"https:\/\/www.radiopiu.net\/wordpress\/wp-content\/uploads\/2021\/12\/e0a94320-584d-467b-a920-ecf27a87bb9e-300x200.jpg 300w, https:\/\/www.radiopiu.net\/wordpress\/wp-content\/uploads\/2021\/12\/e0a94320-584d-467b-a920-ecf27a87bb9e-1024x682.jpg 1024w, https:\/\/www.radiopiu.net\/wordpress\/wp-content\/uploads\/2021\/12\/e0a94320-584d-467b-a920-ecf27a87bb9e-768x512.jpg 768w, https:\/\/www.radiopiu.net\/wordpress\/wp-content\/uploads\/2021\/12\/e0a94320-584d-467b-a920-ecf27a87bb9e-1536x1023.jpg 1536w, https:\/\/www.radiopiu.net\/wordpress\/wp-content\/uploads\/2021\/12\/e0a94320-584d-467b-a920-ecf27a87bb9e.jpg 1600w\" sizes=\"auto, (max-width: 300px) 100vw, 300px\" \/><\/a>soccorsi e salvataggi pari 7513 con un aumento pari a 333 operazioni tra cui rientra l\u2019attivit\u00e0 di ricerca persone secondo i piani delle prefetture. I vigili del fuoco negli ultimi 12 mesi sono intervenuti con tutti i reparti specialistici per 141 ricerche persone in regione cosi ripartiti: Belluno 57, Treviso 28, Padova 17, Vicenza 16, Verona 13, Venezia 7, Rovigo 3. Forte incremento degli interventi per incidente stradale pari 4313 operazioni di soccorso rispetto ai 2537 dei dodici mesi precedenti e superiore anche agli anni prima della pandemia. Tra le attivit\u00e0 della direzione interregionale dei Vigili del fuoco del Veneto e Trentino Alto Adige, diretta dall\u2019ing. Loris Munaro, il coordinamento dei 7 comandi provinciali e la gestione della colonna mobile regionale, coordinata dall\u2019ing. Giuseppe Lomoro, che sovrintende anche all\u2019attivit\u00e0 del reparto volo di Venezia e dei sommozzatori della citt\u00e0 lagunare e di Vicenza, sede degli spelo sub della macro area Nord. Sono 140 gli interventi del reparto Volo di Venezia, che sono intervenuti 80 volte per ricerca persone, 20 per soccorso e salvataggi persone in montagna e mare, 10 per recupero animali in posti impervi, 10 per danni da maltempo, 10 sopralluoghi per incidenti ultraleggeri. Il reparto volo di Venezia dal mese di maggio pu\u00f2 disporre per le attivit\u00e0 di soccorso del nuovo elicottero AW 139 assegnato al nucleo nell\u2019ottica di riammodernamento delle linee di volo. Sono stati 138 gli interventi dei sommozzatori dei due nuclei regionali di Venezia e Vicenza. Durante il mese di luglio e agosto squadre di tutti i <a class=\"dt-pswp-item\" href=\"https:\/\/www.radiopiu.net\/wordpress\/wp-content\/uploads\/2021\/12\/85aaedc9-2695-4435-848c-c6d4ab66c9f0.jpg\" data-dt-img-description=\"\" data-large_image_width=\"1600\" data-large_image_height=\"898\"><img loading=\"lazy\" decoding=\"async\" class=\"wp-image-246596 size-medium alignleft\" src=\"https:\/\/www.radiopiu.net\/wordpress\/wp-content\/uploads\/2021\/12\/85aaedc9-2695-4435-848c-c6d4ab66c9f0-300x168.jpg\" alt=\"\" width=\"300\" height=\"168\" srcset=\"https:\/\/www.radiopiu.net\/wordpress\/wp-content\/uploads\/2021\/12\/85aaedc9-2695-4435-848c-c6d4ab66c9f0-300x168.jpg 300w, https:\/\/www.radiopiu.net\/wordpress\/wp-content\/uploads\/2021\/12\/85aaedc9-2695-4435-848c-c6d4ab66c9f0-1024x575.jpg 1024w, https:\/\/www.radiopiu.net\/wordpress\/wp-content\/uploads\/2021\/12\/85aaedc9-2695-4435-848c-c6d4ab66c9f0-768x431.jpg 768w, https:\/\/www.radiopiu.net\/wordpress\/wp-content\/uploads\/2021\/12\/85aaedc9-2695-4435-848c-c6d4ab66c9f0-1536x862.jpg 1536w, https:\/\/www.radiopiu.net\/wordpress\/wp-content\/uploads\/2021\/12\/85aaedc9-2695-4435-848c-c6d4ab66c9f0.jpg 1600w\" sizes=\"auto, (max-width: 300px) 100vw, 300px\" \/><\/a>comandi del Veneto sono intervenuti con personale e mezzi a supporto dei colleghi del Sud Italia per l\u2019emergenza incendi boschivi. Tra i compiti della direzione interregionale l\u2019esame delle istanze di deroga alle normative vigenti antincendio: oltre 150 quelle esaminate nel 2021. Inoltre una volta il mese si \u00e8 riunito anche il comitato tecnico regionale per l\u2019esame della direttiva Seveso, che in Veneto riguarda 55 attivit\u00e0 a rischio d\u2019incidente rilevante. Da segnalare in luglio l\u2019invio di un team di vigili del fuoco dei comandi di Venezia, Treviso e Vicenza a Liegi per l\u2019alluvione che ha colpito il Belgio. Oltre 40 i salvataggi eseguiti dai vigili del fuoco Italiani. Da segnalare altres\u00ec l\u2019esercitazione nazionale di colonna mobile regionale che dal 9 al 12 novembre 2021 ha interessato quotidianamente fino 180 unit\u00e0 operative, della direzione interregionale per un totale di oltre 700 vigili del fuoco, che si sono addestrati su diversi scenari distribuiti su tutto il territorio della regione Veneto, tra di essi molti specialisti del Corpo: nucleo USAR (Urban Search and Rescue), i nuclei cinofili, SAF (Speleo Alpino Fluviali), TAS (Topografia Applicata al Soccorso) NBCR (Nucleare, Biologico, Chimico Radiologico), reparto volo, nucleo SAPR (Sistemi Aeromobili a Pilotaggio Remoto).<\/p>\n<p>&nbsp;<\/p>\n<a href=\"https:\/\/www.radiopiu.net\/wordpress\/wp-content\/uploads\/2021\/12\/Veneto-Interventi-dal-1-dicembre-al-30-novembre-2020-e-2021-STAMPA-1.pdf\" class=\"pdfemb-viewer\" style=\"\" data-width=\"max\" data-height=\"max\" data-toolbar=\"top\" data-toolbar-fixed=\"on\">Veneto Interventi dal 1 dicembre al 30 novembre 2020 e 2021 STAMPA 1<\/a>\n","protected":false},"excerpt":{"rendered":"<p>VENEZIA Oggi 4 dicembre, Santa Barbara Patrona dei Vigili del fuoco. Santa Barbara \u00e8 la Patrona dei Vigili del fuoco, in quanto protettrice di coloro che si trovano \u201cin pericolo di morte improvvisa\u201d. \u00c8 la Santa da Nicomedia che rappresenta la capacit\u00e0 di affrontare il pericolo con fede, coraggio e serenit\u00e0 anche quando non c\u2019\u00e8&hellip;<\/p>\n","protected":false},"author":1,"featured_media":246593,"comment_status":"closed","ping_status":"open","sticky":false,"template":"","format":"standard","meta":{"_monsterinsights_skip_tracking":false,"_monsterinsights_sitenote_active":false,"_monsterinsights_sitenote_note":"","_monsterinsights_sitenote_category":0,"footnotes":""},"categories":[51,49],"tags":[],"class_list":["post-246592","post","type-post","status-publish","format-standard","has-post-thumbnail","hentry","category-evidenza-top","category-news-18","category-51","category-49","description-off"],"img_url":"https:\/\/www.radiopiu.net\/wordpress\/wp-content\/uploads\/2021\/12\/98bff26b-e4c0-4f8d-ae42-844ad366b575.jpg","_links":{"self":[{"href":"https:\/\/www.radiopiu.net\/wordpress\/wp-json\/wp\/v2\/posts\/246592","targetHints":{"allow":["GET"]}}],"collection":[{"href":"https:\/\/www.radiopiu.net\/wordpress\/wp-json\/wp\/v2\/posts"}],"about":[{"href":"https:\/\/www.radiopiu.net\/wordpress\/wp-json\/wp\/v2\/types\/post"}],"author":[{"embeddable":true,"href":"https:\/\/www.radiopiu.net\/wordpress\/wp-json\/wp\/v2\/users\/1"}],"replies":[{"embeddable":true,"href":"https:\/\/www.radiopiu.net\/wordpress\/wp-json\/wp\/v2\/comments?post=246592"}],"version-history":[{"count":0,"href":"https:\/\/www.radiopiu.net\/wordpress\/wp-json\/wp\/v2\/posts\/246592\/revisions"}],"wp:featuredmedia":[{"embeddable":true,"href":"https:\/\/www.radiopiu.net\/wordpress\/wp-json\/wp\/v2\/media\/246593"}],"wp:attachment":[{"href":"https:\/\/www.radiopiu.net\/wordpress\/wp-json\/wp\/v2\/media?parent=246592"}],"wp:term":[{"taxonomy":"category","embeddable":true,"href":"https:\/\/www.radiopiu.net\/wordpress\/wp-json\/wp\/v2\/categories?post=246592"},{"taxonomy":"post_tag","embeddable":true,"href":"https:\/\/www.radiopiu.net\/wordpress\/wp-json\/wp\/v2\/tags?post=246592"}],"curies":[{"name":"wp","href":"https:\/\/api.w.org\/{rel}","templated":true}]}}