{"id":246745,"date":"2021-12-05T23:59:30","date_gmt":"2021-12-05T22:59:30","guid":{"rendered":"https:\/\/www.radiopiu.net\/wordpress\/?p=246745"},"modified":"2021-12-05T16:41:15","modified_gmt":"2021-12-05T15:41:15","slug":"zenich-seconda-serie-di-immagini-proposte-da-una-finestra-su-riva","status":"publish","type":"post","link":"https:\/\/www.radiopiu.net\/wordpress\/zenich-seconda-serie-di-immagini-proposte-da-una-finestra-su-riva\/","title":{"rendered":"ZENICH: SECONDA SERIE DI IMMAGINI PROPOSTE DA \u201cUNA FINESTRA SU RIVA\u201d"},"content":{"rendered":"<p><strong>di RENATO BONA\u00a0<\/strong><\/p>\n<p>&nbsp;<\/p>\n<p>Con la seconda parte della \u201cvisita\u201d alla frazione Zenich di Rivamonte si conclude il nostro \u201cviaggio\u201d in un angolo speciale della terra agordina, sempre accompagnati, si fa per dire, dal libro \u201cUna finestra su Riva\u201d dato alle stampe con la tipografia Castaldi di Agordo nell\u2019ottobre 2013 dal Club Unesco Agordino presieduto da Giuliano Laveder il quale si era assicurato l\u2019ambito patrocinio di Ficlu, la Federazione italiana club e centri Unesco e membro della Federazione mondiale. Lo scopo dell\u2019iniziativa editoriale, come ben sottolinea il giornalista Sergio Tazzer (origini proprio di Rivamonte) in presentazione, era quello, perfettamente centrato, \u201cdi dare il senso di un momento, di tanti momenti della vita che a \u2018Riva\u2019 di storia ne ha molta, in gran parte ancora da scrivere\u2026\u201d. La carrellata fotografica (con coordinamento didascalico di cui si \u00e8 diligentemente occupata Emilia Sommariva) si apre con l\u2019immagine \u201cZenich &#8211; anni \u201845-\u201950 Alimentari\u201d che ci propone: \u201cAmelia Mottes all\u2019arrivo dei generi alimentari di prima necessit\u00e0 trasportati con cavallo\u201d. Per la cronaca: Maria Rosa Da Ronch e il marito Giovanni Conedera sono stati gli ultimi negozianti, l\u2019attivit\u00e0 \u00e8 cessata nel 1990\u201d. Andando avanti ecco l\u2019immagine riservata a: \u201cZenich &#8211; primi anni \u201960. Bar della Rosina (de la Ch\u00e9ca), da sinistra: Renzo Da Costa, Giovanni Benvegn\u00f9, Luigi Da Ronch (Pal\u00f9ch), Attilio Da Costa, Giorgio Del Din, Natale Da Ronch ed Ettore Schena\u201d. Segue: \u201cZenich &#8211; anni \u201960. Osteria di Antonietta Fossen e Bruno Dorigo\u201d. Per la cronaca: la chiusura \u00e8 avvenuta nella prima met\u00e0 degli anni \u201970. Tocca ora alla foto di \u201cZenich anni \u201880\u201d che ci mostra \u201cCesarino Del Din (C\u00e8ce) mentre fa la sc\u00f2ta al cas\u00e8lo di Zenich. Il C\u00e8ce ha fatto formaggio fino al 1993\u201d. Foto ricordo per i coniugi Amelia e Vittorio Del Din. Cronaca: Su questo spiazzo a partire dal 1965 sono iniziati i lavori di costruzione della nuova chiesa\u201d. Indietro negli anni per la foto di: \u201cZenich sul Col de le Cagne &#8211; anni \u201830\u201d che ci propone: davanti sulla sinistra Giovanni Del Din e Cesarino Del Din; dietro si riconoscono: Giorgio Sommariva, Marcellina Del Din e Giovanni Del Din (M\u00f2ro) e, sullo sfondo: il nonno Giorgio Sommariva. Un bel gruppo sotto il titolo \u201cZenich anni \u201850\u201d; si tratta della famiglia dei Mosena. Cronaca: nel 1944 gli abitanti della frazione erano 203 con 59 nuclei familiari. E veniamo a: \u201cPiazza di Zenich &#8211; anni \u201960\u201d: da sinistra ecco Innocentina Schena, Angelo Del Din, Giusto Fossen, Francesco Del Din e Antonio Del Din (B\u00e8o); i bambini, da sinistra: Iva Schena, Nerina Fossen, Claudio, Mirella e Assunta Mottes. Nell\u2019immagine si intravede sulla destra la chiesa ancora con il tetto in scandole. E siamo arrivati nella \u201cPiazza Zenich &#8211; anni \u201950\u201d e leggiamo: \u201cCerimonia religiosa all\u2019esterno della chiesetta dedicata alla Madonna della Salute, costruita nella seconda met\u00e0 del \u2018600. La chiesa non poteva contenere tutti i fedeli, cos\u00ec la cerimonia si svolgeva a volte all\u2019esterno. Altra occasione solenne era la messa nel giorno di San Valentino. Nella chiesa di Zenich si tenevano le esequie degli sfortunati minatori deceduti sul lavoro. Vicino alla chiesa sorgeva il \u2018palazzo reale\u2019 dove, si dice, soggiornavano dei signori provenienti da Venezia e legati all\u2019attivit\u00e0 della miniera: avevano scelto Zenich come residenza perch\u00e9 ritenevano questa localit\u00e0 pi\u00f9 salubre di Valle Imperina, dove i fumi di combustione rendevano l\u2019aria poco respirabile\u201d. Ci avviamo a conclusione di quest\u2019ultima tappa e proponiamo la panoramica sotto il titolo: \u201cScuole di Zenich &#8211; primi anni \u201830\u201d con questa didascalia: \u201cAlunni di S\u00f3t i Th\u00e9i\u201d: la scuola \u00e8 stata inaugurata, assieme alla sede dei Tos, il 19 settembre 1909. Negli anni \u201930 era in funzione anche la scuola serale in entrambe le sedi di Zenich e Tos, per i giovani che avevano superato i 14 anni di et\u00e0 e che desideravano completare gli studi. La tassa di iscrizione era di lire 10\u201d. Ancora scuola: \u201cZenich &#8211; 1957\u201d e dicitura che spiega: \u201cL\u2019edificio scolastico fu costruito dalla ditta Schena Cleto nella zona dove un tempo si trovava la \u2018mas\u00f3n dei F\u00e0ure\u2019. Nella foto: la classe dell\u2019insegnante Silvana Landi di Lucca. Da sinistra: Paola Da Costa, Antonio Cadorin, Anna Del Din, Ines Schena, Maria Teresa Mottes, Monica Pilat e Gianpietro Selle (Mos\u00e8ra). Sotto il titolo \u201cZenich &#8211; anni \u201850\u201d la foto del negozio di alimentari e macelleria della B\u00e8pa (Giuseppina Palmira Zasso), aperto nel 1946 e chiuso nel 1978. Torniamo a fine anni \u201940 con: \u201cCorteo funebre partito alle Lonie per giungere a piedi al cimitero di Rivamonte\u201d. Per la cronaca: Negli anni \u201940 fu realizzato l\u2019allacciamento della strada principale con quella della frazione di Zenich; gli studi del tracciato pi\u00f9 consono erano iniziati nel 1939, dopo una petizione della popolazione del 1934. La petizione fu motivata dal fatto che la strada che portava al centro non risultava transitabile per i carri e le automobili, ma soprattutto per il transito dell\u2019autopompa in caso di incendio nel villaggio, grande preoccupazione questa della popolazione\u201d. Ed ora tocca alla fotografia dal titolo: \u201cScuola di Zenich 1951-\u201852\u201d con questa didascalia: \u201cTrasporto della legna per periodo invernale: ogni aula era dotata di stufa e alle famiglie veniva chiesto di portare del legname per riscaldare le classi. Si riconoscono alcuni alunni: Emilia Fossen, Annamaria Da Ronch, Amabile Xaiz, Felice Conedera, Antonia Mottes, Giusto Mottes, Fiorella Schena, Franco Schena, Mario Fossen (Nici), Luciano Conedera (Panteg\u00f3n) e Lino Del Din (C\u00e9ch). Una coppia di anziane ripresa, anni 1966-\u201967, fuori dalla \u201cchiesa di Zenich al termine della funzione. In primo piano Maria Domenica Gnech (Bia) e Rosa Schena (dei Per\u00e8re), a destra si intravede Maria Miana con la figlia Giuseppina Bonorato e, sullo sfondo, la M\u00f9thola di Conedera con Amelia Xaiz\u201d. Largo alle nuove generazioni avremmo titolato noi per l\u2019immagine (Zenich anni \u201950) di \u201cMarisa Del Din con la nipote Rosanna Angoletta. Cronaca: nella parte bassa della frazione, non molto lontano da qui, c\u2019era la localit\u00e0 Al Forn, cosi detta perch\u00e9 un tempo esisteva proprio un forno\u201d.<\/p>\n\n\t\t\t<style type='text\/css'>\n\t\t\t\t#gallery-1 {\n\t\t\t\t\tmargin: auto;\n\t\t\t\t}\n\t\t\t\t#gallery-1 .gallery-item {\n\t\t\t\t\tfloat: left;\n\t\t\t\t\tmargin-top: 10px;\n\t\t\t\t\ttext-align: center;\n\t\t\t\t\twidth: 20%;\n\t\t\t\t}\n\t\t\t\t#gallery-1 img {\n\t\t\t\t\tborder: 2px solid #cfcfcf;\n\t\t\t\t}\n\t\t\t\t#gallery-1 .gallery-caption {\n\t\t\t\t\tmargin-left: 0;\n\t\t\t\t}\n\t\t\t\t\/* see gallery_shortcode() in wp-includes\/media.php *\/\n\t\t\t<\/style>\n\t\t<div id='gallery-1' class='dt-gallery-container gallery galleryid-246745 gallery-columns-5 gallery-size-thumbnail'><dl class='gallery-item'>\n\t\t\t\t<dt class='gallery-icon landscape'>\n\t\t\t\t\t<a class=\"rollover rollover-zoom dt-pswp-item\" title=\"263659294_1277163106084361_1014460014932926225_n\" data-dt-img-description=\"\" data-large_image_width=\"321\" data-large_image_height=\"206\"href='https:\/\/www.radiopiu.net\/wordpress\/wp-content\/uploads\/2021\/12\/263659294_1277163106084361_1014460014932926225_n.jpg'><img loading=\"lazy\" decoding=\"async\" width=\"150\" height=\"150\" src=\"https:\/\/www.radiopiu.net\/wordpress\/wp-content\/uploads\/2021\/12\/263659294_1277163106084361_1014460014932926225_n-150x150.jpg\" class=\"attachment-thumbnail size-thumbnail\" alt=\"\" \/><\/a>\n\t\t\t\t<\/dt><\/dl><dl class='gallery-item'>\n\t\t\t\t<dt class='gallery-icon landscape'>\n\t\t\t\t\t<a class=\"rollover rollover-zoom dt-pswp-item\" title=\"263168700_318946419855801_550132621842591005_n\" data-dt-img-description=\"\" data-large_image_width=\"348\" data-large_image_height=\"206\"href='https:\/\/www.radiopiu.net\/wordpress\/wp-content\/uploads\/2021\/12\/263168700_318946419855801_550132621842591005_n.jpg'><img loading=\"lazy\" decoding=\"async\" width=\"150\" height=\"150\" src=\"https:\/\/www.radiopiu.net\/wordpress\/wp-content\/uploads\/2021\/12\/263168700_318946419855801_550132621842591005_n-150x150.jpg\" class=\"attachment-thumbnail size-thumbnail\" alt=\"\" \/><\/a>\n\t\t\t\t<\/dt><\/dl><dl class='gallery-item'>\n\t\t\t\t<dt class='gallery-icon landscape'>\n\t\t\t\t\t<a class=\"rollover rollover-zoom dt-pswp-item\" title=\"263171896_4691470520940406_5236167589219211662_n\" data-dt-img-description=\"\" data-large_image_width=\"320\" data-large_image_height=\"204\"href='https:\/\/www.radiopiu.net\/wordpress\/wp-content\/uploads\/2021\/12\/263171896_4691470520940406_5236167589219211662_n.jpg'><img loading=\"lazy\" decoding=\"async\" width=\"150\" height=\"150\" src=\"https:\/\/www.radiopiu.net\/wordpress\/wp-content\/uploads\/2021\/12\/263171896_4691470520940406_5236167589219211662_n-150x150.jpg\" class=\"attachment-thumbnail size-thumbnail\" alt=\"\" \/><\/a>\n\t\t\t\t<\/dt><\/dl><dl class='gallery-item'>\n\t\t\t\t<dt class='gallery-icon portrait'>\n\t\t\t\t\t<a class=\"rollover rollover-zoom dt-pswp-item\" title=\"263170036_448470653336218_6406287413495959076_n\" data-dt-img-description=\"\" data-large_image_width=\"160\" data-large_image_height=\"224\"href='https:\/\/www.radiopiu.net\/wordpress\/wp-content\/uploads\/2021\/12\/263170036_448470653336218_6406287413495959076_n.jpg'><img loading=\"lazy\" decoding=\"async\" width=\"150\" height=\"150\" src=\"https:\/\/www.radiopiu.net\/wordpress\/wp-content\/uploads\/2021\/12\/263170036_448470653336218_6406287413495959076_n-150x150.jpg\" class=\"attachment-thumbnail size-thumbnail\" alt=\"\" \/><\/a>\n\t\t\t\t<\/dt><\/dl><dl class='gallery-item'>\n\t\t\t\t<dt class='gallery-icon portrait'>\n\t\t\t\t\t<a class=\"rollover rollover-zoom dt-pswp-item\" title=\"262667441_448332373524436_8918621125200468951_n\" data-dt-img-description=\"\" data-large_image_width=\"157\" data-large_image_height=\"206\"href='https:\/\/www.radiopiu.net\/wordpress\/wp-content\/uploads\/2021\/12\/262667441_448332373524436_8918621125200468951_n.jpg'><img loading=\"lazy\" decoding=\"async\" width=\"150\" height=\"150\" src=\"https:\/\/www.radiopiu.net\/wordpress\/wp-content\/uploads\/2021\/12\/262667441_448332373524436_8918621125200468951_n-150x150.jpg\" class=\"attachment-thumbnail size-thumbnail\" alt=\"\" \/><\/a>\n\t\t\t\t<\/dt><\/dl><br style=\"clear: both\" \/><dl class='gallery-item'>\n\t\t\t\t<dt class='gallery-icon landscape'>\n\t\t\t\t\t<a class=\"rollover rollover-zoom dt-pswp-item\" title=\"263294483_333270041569367_6223678417270087791_n\" data-dt-img-description=\"\" data-large_image_width=\"280\" data-large_image_height=\"203\"href='https:\/\/www.radiopiu.net\/wordpress\/wp-content\/uploads\/2021\/12\/263294483_333270041569367_6223678417270087791_n.jpg'><img loading=\"lazy\" decoding=\"async\" width=\"150\" height=\"150\" src=\"https:\/\/www.radiopiu.net\/wordpress\/wp-content\/uploads\/2021\/12\/263294483_333270041569367_6223678417270087791_n-150x150.jpg\" class=\"attachment-thumbnail size-thumbnail\" alt=\"\" \/><\/a>\n\t\t\t\t<\/dt><\/dl><dl class='gallery-item'>\n\t\t\t\t<dt class='gallery-icon landscape'>\n\t\t\t\t\t<a class=\"rollover rollover-zoom dt-pswp-item\" title=\"263453966_1543526659340567_2713222489928226589_n\" data-dt-img-description=\"\" data-large_image_width=\"280\" data-large_image_height=\"203\"href='https:\/\/www.radiopiu.net\/wordpress\/wp-content\/uploads\/2021\/12\/263453966_1543526659340567_2713222489928226589_n.jpg'><img loading=\"lazy\" decoding=\"async\" width=\"150\" height=\"150\" src=\"https:\/\/www.radiopiu.net\/wordpress\/wp-content\/uploads\/2021\/12\/263453966_1543526659340567_2713222489928226589_n-150x150.jpg\" class=\"attachment-thumbnail size-thumbnail\" alt=\"\" \/><\/a>\n\t\t\t\t<\/dt><\/dl><dl class='gallery-item'>\n\t\t\t\t<dt class='gallery-icon landscape'>\n\t\t\t\t\t<a class=\"rollover rollover-zoom dt-pswp-item\" title=\"263454708_188096546873074_1949654894313006907_n\" data-dt-img-description=\"\" data-large_image_width=\"296\" data-large_image_height=\"202\"href='https:\/\/www.radiopiu.net\/wordpress\/wp-content\/uploads\/2021\/12\/263454708_188096546873074_1949654894313006907_n.jpg'><img loading=\"lazy\" decoding=\"async\" width=\"150\" height=\"150\" src=\"https:\/\/www.radiopiu.net\/wordpress\/wp-content\/uploads\/2021\/12\/263454708_188096546873074_1949654894313006907_n-150x150.jpg\" class=\"attachment-thumbnail size-thumbnail\" alt=\"\" \/><\/a>\n\t\t\t\t<\/dt><\/dl><dl class='gallery-item'>\n\t\t\t\t<dt class='gallery-icon landscape'>\n\t\t\t\t\t<a class=\"rollover rollover-zoom dt-pswp-item\" title=\"263659294_948271575813775_2404196467778676455_n\" data-dt-img-description=\"\" data-large_image_width=\"342\" data-large_image_height=\"206\"href='https:\/\/www.radiopiu.net\/wordpress\/wp-content\/uploads\/2021\/12\/263659294_948271575813775_2404196467778676455_n.jpg'><img loading=\"lazy\" decoding=\"async\" width=\"150\" height=\"150\" src=\"https:\/\/www.radiopiu.net\/wordpress\/wp-content\/uploads\/2021\/12\/263659294_948271575813775_2404196467778676455_n-150x150.jpg\" class=\"attachment-thumbnail size-thumbnail\" alt=\"\" \/><\/a>\n\t\t\t\t<\/dt><\/dl><dl class='gallery-item'>\n\t\t\t\t<dt class='gallery-icon landscape'>\n\t\t\t\t\t<a class=\"rollover rollover-zoom dt-pswp-item\" title=\"263498416_597540061538548_9081181547552521120_n\" data-dt-img-description=\"\" data-large_image_width=\"340\" data-large_image_height=\"206\"href='https:\/\/www.radiopiu.net\/wordpress\/wp-content\/uploads\/2021\/12\/263498416_597540061538548_9081181547552521120_n.jpg'><img loading=\"lazy\" decoding=\"async\" width=\"150\" height=\"150\" src=\"https:\/\/www.radiopiu.net\/wordpress\/wp-content\/uploads\/2021\/12\/263498416_597540061538548_9081181547552521120_n-150x150.jpg\" class=\"attachment-thumbnail size-thumbnail\" alt=\"\" \/><\/a>\n\t\t\t\t<\/dt><\/dl><br style=\"clear: both\" \/><dl class='gallery-item'>\n\t\t\t\t<dt class='gallery-icon landscape'>\n\t\t\t\t\t<a class=\"rollover rollover-zoom dt-pswp-item\" title=\"263908660_423732462740583_6675210908756745414_n\" data-dt-img-description=\"\" data-large_image_width=\"308\" data-large_image_height=\"206\"href='https:\/\/www.radiopiu.net\/wordpress\/wp-content\/uploads\/2021\/12\/263908660_423732462740583_6675210908756745414_n.jpg'><img loading=\"lazy\" decoding=\"async\" width=\"150\" height=\"150\" src=\"https:\/\/www.radiopiu.net\/wordpress\/wp-content\/uploads\/2021\/12\/263908660_423732462740583_6675210908756745414_n-150x150.jpg\" class=\"attachment-thumbnail size-thumbnail\" alt=\"\" \/><\/a>\n\t\t\t\t<\/dt><\/dl><dl class='gallery-item'>\n\t\t\t\t<dt class='gallery-icon landscape'>\n\t\t\t\t\t<a class=\"rollover rollover-zoom dt-pswp-item\" title=\"263674525_1051103288792788_3223348338116680408_n\" data-dt-img-description=\"\" data-large_image_width=\"258\" data-large_image_height=\"206\"href='https:\/\/www.radiopiu.net\/wordpress\/wp-content\/uploads\/2021\/12\/263674525_1051103288792788_3223348338116680408_n.jpg'><img loading=\"lazy\" decoding=\"async\" width=\"150\" height=\"150\" src=\"https:\/\/www.radiopiu.net\/wordpress\/wp-content\/uploads\/2021\/12\/263674525_1051103288792788_3223348338116680408_n-150x150.jpg\" class=\"attachment-thumbnail size-thumbnail\" alt=\"\" \/><\/a>\n\t\t\t\t<\/dt><\/dl><dl class='gallery-item'>\n\t\t\t\t<dt class='gallery-icon landscape'>\n\t\t\t\t\t<a class=\"rollover rollover-zoom dt-pswp-item\" title=\"263323282_4298035000301679_3787689802235861037_n\" data-dt-img-description=\"\" data-large_image_width=\"365\" data-large_image_height=\"206\"href='https:\/\/www.radiopiu.net\/wordpress\/wp-content\/uploads\/2021\/12\/263323282_4298035000301679_3787689802235861037_n.jpg'><img loading=\"lazy\" decoding=\"async\" width=\"150\" height=\"150\" src=\"https:\/\/www.radiopiu.net\/wordpress\/wp-content\/uploads\/2021\/12\/263323282_4298035000301679_3787689802235861037_n-150x150.jpg\" class=\"attachment-thumbnail size-thumbnail\" alt=\"\" \/><\/a>\n\t\t\t\t<\/dt><\/dl><dl class='gallery-item'>\n\t\t\t\t<dt class='gallery-icon landscape'>\n\t\t\t\t\t<a class=\"rollover rollover-zoom dt-pswp-item\" title=\"263339614_616820682789533_2302457899166680888_n\" data-dt-img-description=\"\" data-large_image_width=\"293\" data-large_image_height=\"206\"href='https:\/\/www.radiopiu.net\/wordpress\/wp-content\/uploads\/2021\/12\/263339614_616820682789533_2302457899166680888_n.jpg'><img loading=\"lazy\" decoding=\"async\" width=\"150\" height=\"150\" src=\"https:\/\/www.radiopiu.net\/wordpress\/wp-content\/uploads\/2021\/12\/263339614_616820682789533_2302457899166680888_n-150x150.jpg\" class=\"attachment-thumbnail size-thumbnail\" alt=\"\" \/><\/a>\n\t\t\t\t<\/dt><\/dl><dl class='gallery-item'>\n\t\t\t\t<dt class='gallery-icon portrait'>\n\t\t\t\t\t<a class=\"rollover rollover-zoom dt-pswp-item\" title=\"263653566_4382817855180749_2857571297299401125_n\" data-dt-img-description=\"\" data-large_image_width=\"168\" data-large_image_height=\"204\"href='https:\/\/www.radiopiu.net\/wordpress\/wp-content\/uploads\/2021\/12\/263653566_4382817855180749_2857571297299401125_n.jpg'><img loading=\"lazy\" decoding=\"async\" width=\"150\" height=\"150\" src=\"https:\/\/www.radiopiu.net\/wordpress\/wp-content\/uploads\/2021\/12\/263653566_4382817855180749_2857571297299401125_n-150x150.jpg\" class=\"attachment-thumbnail size-thumbnail\" alt=\"\" \/><\/a>\n\t\t\t\t<\/dt><\/dl><br style=\"clear: both\" \/><dl class='gallery-item'>\n\t\t\t\t<dt class='gallery-icon portrait'>\n\t\t\t\t\t<a class=\"rollover rollover-zoom dt-pswp-item\" title=\"263088687_319022313399790_7302581481052366710_n\" data-dt-img-description=\"\" data-large_image_width=\"173\" data-large_image_height=\"202\"href='https:\/\/www.radiopiu.net\/wordpress\/wp-content\/uploads\/2021\/12\/263088687_319022313399790_7302581481052366710_n.jpg'><img loading=\"lazy\" decoding=\"async\" width=\"150\" height=\"150\" src=\"https:\/\/www.radiopiu.net\/wordpress\/wp-content\/uploads\/2021\/12\/263088687_319022313399790_7302581481052366710_n-150x150.jpg\" class=\"attachment-thumbnail size-thumbnail\" alt=\"\" \/><\/a>\n\t\t\t\t<\/dt><\/dl>\n\t\t\t\t<br style='clear: both' \/>\n\t\t\t<\/div>\n\n<p>&nbsp;<\/p>\n","protected":false},"excerpt":{"rendered":"<p>di RENATO BONA\u00a0 &nbsp; Con la seconda parte della \u201cvisita\u201d alla frazione Zenich di Rivamonte si conclude il nostro \u201cviaggio\u201d in un angolo speciale della terra agordina, sempre accompagnati, si fa per dire, dal libro \u201cUna finestra su Riva\u201d dato alle stampe con la tipografia Castaldi di Agordo nell\u2019ottobre 2013 dal Club Unesco Agordino presieduto&hellip;<\/p>\n","protected":false},"author":4,"featured_media":246746,"comment_status":"closed","ping_status":"open","sticky":false,"template":"","format":"standard","meta":{"_monsterinsights_skip_tracking":false,"_monsterinsights_sitenote_active":false,"_monsterinsights_sitenote_note":"","_monsterinsights_sitenote_category":0,"footnotes":""},"categories":[104,49],"tags":[],"class_list":["post-246745","post","type-post","status-publish","format-standard","has-post-thumbnail","hentry","category-evidenza_3","category-news-18","category-104","category-49","description-off"],"img_url":"https:\/\/www.radiopiu.net\/wordpress\/wp-content\/uploads\/2021\/12\/263659294_1277163106084361_1014460014932926225_n.jpg","_links":{"self":[{"href":"https:\/\/www.radiopiu.net\/wordpress\/wp-json\/wp\/v2\/posts\/246745","targetHints":{"allow":["GET"]}}],"collection":[{"href":"https:\/\/www.radiopiu.net\/wordpress\/wp-json\/wp\/v2\/posts"}],"about":[{"href":"https:\/\/www.radiopiu.net\/wordpress\/wp-json\/wp\/v2\/types\/post"}],"author":[{"embeddable":true,"href":"https:\/\/www.radiopiu.net\/wordpress\/wp-json\/wp\/v2\/users\/4"}],"replies":[{"embeddable":true,"href":"https:\/\/www.radiopiu.net\/wordpress\/wp-json\/wp\/v2\/comments?post=246745"}],"version-history":[{"count":0,"href":"https:\/\/www.radiopiu.net\/wordpress\/wp-json\/wp\/v2\/posts\/246745\/revisions"}],"wp:featuredmedia":[{"embeddable":true,"href":"https:\/\/www.radiopiu.net\/wordpress\/wp-json\/wp\/v2\/media\/246746"}],"wp:attachment":[{"href":"https:\/\/www.radiopiu.net\/wordpress\/wp-json\/wp\/v2\/media?parent=246745"}],"wp:term":[{"taxonomy":"category","embeddable":true,"href":"https:\/\/www.radiopiu.net\/wordpress\/wp-json\/wp\/v2\/categories?post=246745"},{"taxonomy":"post_tag","embeddable":true,"href":"https:\/\/www.radiopiu.net\/wordpress\/wp-json\/wp\/v2\/tags?post=246745"}],"curies":[{"name":"wp","href":"https:\/\/api.w.org\/{rel}","templated":true}]}}