{"id":246883,"date":"2021-12-06T10:11:45","date_gmt":"2021-12-06T09:11:45","guid":{"rendered":"https:\/\/www.radiopiu.net\/wordpress\/?p=246883"},"modified":"2021-12-06T10:20:17","modified_gmt":"2021-12-06T09:20:17","slug":"la-cometa-leonard-visibile-dai-cieli-agordini","status":"publish","type":"post","link":"https:\/\/www.radiopiu.net\/wordpress\/la-cometa-leonard-visibile-dai-cieli-agordini\/","title":{"rendered":"LA COMETA LEONARD VISIBILE DAI CIELI AGORDINI"},"content":{"rendered":"<p><strong>di Claudio Pra<\/strong><\/p>\n<p>A quasi un anno e mezzo dal passaggio della NEOWISE un&#8217;altra luminosa cometa viene a farci visita. Quasi sicuramente non raggiunger\u00e0 la luminosit\u00e0 dello splendido &#8220;astro chiamato&#8221; che nell&#8217;estate del 2020 sbalord\u00ec gli appassionati, ma con le comete non si \u00e8 mai sicuri delle previsioni. Risulter\u00e0 comunque uno splendido oggetto forse visibile ad occhio nudo. La Leonard, questo il suo nome, sar\u00e0 ad ogni modo facilmente osservabile con un piccolo binocolo. Per vederla occorrer\u00e0 sfruttare la prima met\u00e0 di dicembre, poich\u00e9 in seguito si abbasser\u00e0 sull&#8217;orizzonte mostrandosi in un cielo non completamente buio. In quelle condizioni non sar\u00e0 facile localizzarla, sempre che non decida di stupire rivelandosi pi\u00f9 luminosa del previsto. Ma dove \u00e8 quando la si dovr\u00e0 cercare? L&#8217;orario non \u00e8 sicuramente dei pi\u00f9 comodi perch\u00e9 fino al 12 dicembre ci si dovr\u00e0 alzare un po\u2019 prima dell&#8217;alba, verso le 6.00, osservando verso est prima e sud est in seguito, quindi pi\u00f9 o meno nella direzione da cui nasce il Sole. Nei primi giorni del mese risulter\u00e0 ben alta in cielo e facilmente localizzabile, ma giorno dopo giorno si abbasser\u00e0 e per trovarla sar\u00e0 indispensabile avere a disposizione un orizzonte molto ampio. Il momento in cui \u00e8 previsto il suo picco luminoso va dal 10 al 15 dicembre, quando sar\u00e0 forse visibile ad occhio nudo. Dopo il 12 dicembre il momento migliore per osservarla sar\u00e0 dopo il tramonto. Consiglio comunque di utilizzare un piccolo binocolo cercandola con l&#8217;aiuto della cartina stellare che ho preparato, inserita nei notiziari e nelle news di Radio Pi\u00f9 inviate agli iscritti. Buone osservazioni a chi vorr\u00e0 spendere un po\u2019 del suo tempo e perdere un po\u2019 del suo sonno per un qualcosa di estremamente suggestivo.<\/p>\n<p><strong>LA CARTINA<\/strong><\/p>\n\n\t\t\t<style type='text\/css'>\n\t\t\t\t#gallery-1 {\n\t\t\t\t\tmargin: auto;\n\t\t\t\t}\n\t\t\t\t#gallery-1 .gallery-item {\n\t\t\t\t\tfloat: left;\n\t\t\t\t\tmargin-top: 10px;\n\t\t\t\t\ttext-align: center;\n\t\t\t\t\twidth: 100%;\n\t\t\t\t}\n\t\t\t\t#gallery-1 img {\n\t\t\t\t\tborder: 2px solid #cfcfcf;\n\t\t\t\t}\n\t\t\t\t#gallery-1 .gallery-caption {\n\t\t\t\t\tmargin-left: 0;\n\t\t\t\t}\n\t\t\t\t\/* see gallery_shortcode() in wp-includes\/media.php *\/\n\t\t\t<\/style>\n\t\t<div id='gallery-1' class='dt-gallery-container gallery galleryid-246883 gallery-columns-1 gallery-size-full'><dl class='gallery-item'>\n\t\t\t\t<dt class='gallery-icon landscape'>\n\t\t\t\t\t<a class=\"rollover rollover-zoom dt-pswp-item\" title=\"Immagine1\" data-dt-img-description=\"\" data-large_image_width=\"1905\" data-large_image_height=\"1072\"href='https:\/\/www.radiopiu.net\/wordpress\/wp-content\/uploads\/2021\/12\/Immagine1.jpg'><img loading=\"lazy\" decoding=\"async\" width=\"1905\" height=\"1072\" src=\"https:\/\/www.radiopiu.net\/wordpress\/wp-content\/uploads\/2021\/12\/Immagine1.jpg\" class=\"attachment-full size-full\" alt=\"\" srcset=\"https:\/\/www.radiopiu.net\/wordpress\/wp-content\/uploads\/2021\/12\/Immagine1.jpg 1905w, https:\/\/www.radiopiu.net\/wordpress\/wp-content\/uploads\/2021\/12\/Immagine1-300x169.jpg 300w, https:\/\/www.radiopiu.net\/wordpress\/wp-content\/uploads\/2021\/12\/Immagine1-1024x576.jpg 1024w, https:\/\/www.radiopiu.net\/wordpress\/wp-content\/uploads\/2021\/12\/Immagine1-768x432.jpg 768w, https:\/\/www.radiopiu.net\/wordpress\/wp-content\/uploads\/2021\/12\/Immagine1-1536x864.jpg 1536w\" sizes=\"auto, (max-width: 1905px) 100vw, 1905px\" \/><\/a>\n\t\t\t\t<\/dt><\/dl><br style=\"clear: both\" \/>\n\t\t\t<\/div>\n\n<p>&nbsp;<\/p>\n<p>&nbsp;<\/p>\n<p>*****<\/p>\n","protected":false},"excerpt":{"rendered":"<p>di Claudio Pra A quasi un anno e mezzo dal passaggio della NEOWISE un&#8217;altra luminosa cometa viene a farci visita. Quasi sicuramente non raggiunger\u00e0 la luminosit\u00e0 dello splendido &#8220;astro chiamato&#8221; che nell&#8217;estate del 2020 sbalord\u00ec gli appassionati, ma con le comete non si \u00e8 mai sicuri delle previsioni. Risulter\u00e0 comunque uno splendido oggetto forse visibile&hellip;<\/p>\n","protected":false},"author":4,"featured_media":246885,"comment_status":"closed","ping_status":"open","sticky":false,"template":"","format":"standard","meta":{"_monsterinsights_skip_tracking":false,"_monsterinsights_sitenote_active":false,"_monsterinsights_sitenote_note":"","_monsterinsights_sitenote_category":0,"footnotes":""},"categories":[49],"tags":[],"class_list":["post-246883","post","type-post","status-publish","format-standard","has-post-thumbnail","hentry","category-news-18","category-49","description-off"],"img_url":"https:\/\/www.radiopiu.net\/wordpress\/wp-content\/uploads\/2021\/12\/COMETA.jpg","_links":{"self":[{"href":"https:\/\/www.radiopiu.net\/wordpress\/wp-json\/wp\/v2\/posts\/246883","targetHints":{"allow":["GET"]}}],"collection":[{"href":"https:\/\/www.radiopiu.net\/wordpress\/wp-json\/wp\/v2\/posts"}],"about":[{"href":"https:\/\/www.radiopiu.net\/wordpress\/wp-json\/wp\/v2\/types\/post"}],"author":[{"embeddable":true,"href":"https:\/\/www.radiopiu.net\/wordpress\/wp-json\/wp\/v2\/users\/4"}],"replies":[{"embeddable":true,"href":"https:\/\/www.radiopiu.net\/wordpress\/wp-json\/wp\/v2\/comments?post=246883"}],"version-history":[{"count":0,"href":"https:\/\/www.radiopiu.net\/wordpress\/wp-json\/wp\/v2\/posts\/246883\/revisions"}],"wp:featuredmedia":[{"embeddable":true,"href":"https:\/\/www.radiopiu.net\/wordpress\/wp-json\/wp\/v2\/media\/246885"}],"wp:attachment":[{"href":"https:\/\/www.radiopiu.net\/wordpress\/wp-json\/wp\/v2\/media?parent=246883"}],"wp:term":[{"taxonomy":"category","embeddable":true,"href":"https:\/\/www.radiopiu.net\/wordpress\/wp-json\/wp\/v2\/categories?post=246883"},{"taxonomy":"post_tag","embeddable":true,"href":"https:\/\/www.radiopiu.net\/wordpress\/wp-json\/wp\/v2\/tags?post=246883"}],"curies":[{"name":"wp","href":"https:\/\/api.w.org\/{rel}","templated":true}]}}