{"id":247019,"date":"2021-12-07T05:47:23","date_gmt":"2021-12-07T04:47:23","guid":{"rendered":"https:\/\/www.radiopiu.net\/wordpress\/?p=247019"},"modified":"2021-12-07T06:02:26","modified_gmt":"2021-12-07T05:02:26","slug":"gidonelorenzas","status":"publish","type":"post","link":"https:\/\/www.radiopiu.net\/wordpress\/gidonelorenzas\/","title":{"rendered":"ITALIANI TRAVISATI: E&#8217; CACCIA AI BANDITI DI LORENZAGO"},"content":{"rendered":"<blockquote>\n<h3><strong> LA PROCURA APRE UN&#8217;IDAGINE CONTRO IGNOTI PER RAPINA E MORTE IN CONSEGUENZA DI ALTRO REATO\u00a0<\/strong><\/h3>\n<\/blockquote>\n<p><strong><a href=\"https:\/\/www.radiopiu.net\/wordpress\/lorenzagoa\/062e5fa6-dfa9-429b-8c92-a3f134516e87\/\" rel=\"attachment wp-att-246811\"><img loading=\"lazy\" decoding=\"async\" class=\" wp-image-246811 alignleft\" src=\"https:\/\/www.radiopiu.net\/wordpress\/wp-content\/uploads\/2021\/12\/062e5fa6-dfa9-429b-8c92-a3f134516e87-300x169.jpg\" alt=\"\" width=\"270\" height=\"152\" srcset=\"https:\/\/www.radiopiu.net\/wordpress\/wp-content\/uploads\/2021\/12\/062e5fa6-dfa9-429b-8c92-a3f134516e87-300x169.jpg 300w, https:\/\/www.radiopiu.net\/wordpress\/wp-content\/uploads\/2021\/12\/062e5fa6-dfa9-429b-8c92-a3f134516e87-1024x576.jpg 1024w, https:\/\/www.radiopiu.net\/wordpress\/wp-content\/uploads\/2021\/12\/062e5fa6-dfa9-429b-8c92-a3f134516e87-768x432.jpg 768w, https:\/\/www.radiopiu.net\/wordpress\/wp-content\/uploads\/2021\/12\/062e5fa6-dfa9-429b-8c92-a3f134516e87-1536x864.jpg 1536w, https:\/\/www.radiopiu.net\/wordpress\/wp-content\/uploads\/2021\/12\/062e5fa6-dfa9-429b-8c92-a3f134516e87.jpg 1920w\" sizes=\"auto, (max-width: 270px) 100vw, 270px\" \/><\/a>LORENZAGO DI CADORE<\/strong><\/p>\n<p><strong>DI MORENO GIOLI<\/strong><\/p>\n<audio class=\"wp-audio-shortcode\" id=\"audio-247019-1\" preload=\"none\" style=\"width: 100%;\" controls=\"controls\"><source type=\"audio\/mpeg\" src=\"https:\/\/www.radiopiu.net\/wordpress\/wp-content\/uploads\/2021\/12\/MORENO-GIOLI.mp3?_=1\" \/><a href=\"https:\/\/www.radiopiu.net\/wordpress\/wp-content\/uploads\/2021\/12\/MORENO-GIOLI.mp3\">https:\/\/www.radiopiu.net\/wordpress\/wp-content\/uploads\/2021\/12\/MORENO-GIOLI.mp3<\/a><\/audio>\n<p>&nbsp;<\/p>\n<p>&nbsp;<\/p>\n<p>&nbsp;<\/p>\n<p><strong><a href=\"https:\/\/www.radiopiu.net\/wordpress\/gidonelorenzas\/marco-dambros_27144755\/\" rel=\"attachment wp-att-247083\"><img loading=\"lazy\" decoding=\"async\" class=\"wp-image-247083 alignleft\" src=\"https:\/\/www.radiopiu.net\/wordpress\/wp-content\/uploads\/2021\/12\/MARCO-DAMBROS_27144755-226x300.jpg\" alt=\"\" width=\"116\" height=\"154\" srcset=\"https:\/\/www.radiopiu.net\/wordpress\/wp-content\/uploads\/2021\/12\/MARCO-DAMBROS_27144755-226x300.jpg 226w, https:\/\/www.radiopiu.net\/wordpress\/wp-content\/uploads\/2021\/12\/MARCO-DAMBROS_27144755.jpg 570w\" sizes=\"auto, (max-width: 116px) 100vw, 116px\" \/><\/a>DALLA REDAZIONE DI RADIO CLUB 103 BARBARA PAOLAZZI, IL SINDACO D&#8217;AMBROS<\/strong><\/p>\n<audio class=\"wp-audio-shortcode\" id=\"audio-247019-2\" preload=\"none\" style=\"width: 100%;\" controls=\"controls\"><source type=\"audio\/mpeg\" src=\"https:\/\/www.radiopiu.net\/wordpress\/wp-content\/uploads\/2021\/12\/BARBARA.mp3?_=2\" \/><a href=\"https:\/\/www.radiopiu.net\/wordpress\/wp-content\/uploads\/2021\/12\/BARBARA.mp3\">https:\/\/www.radiopiu.net\/wordpress\/wp-content\/uploads\/2021\/12\/BARBARA.mp3<\/a><\/audio>\n<div><\/div>\n<div><\/div>\n<p>&nbsp;<\/p>\n<p>&nbsp;<\/p>\n<p><strong><a href=\"https:\/\/www.radiopiu.net\/wordpress\/giornale-radiopiu-05-ottobre-2019-direttore-mirko-mezzacasa\/1435664134094_gidoni_franco-2\/\" rel=\"attachment wp-att-101299\"><img loading=\"lazy\" decoding=\"async\" class=\" wp-image-101299 alignleft\" src=\"https:\/\/www.radiopiu.net\/wordpress\/wp-content\/uploads\/2019\/10\/1435664134094_Gidoni_Franco-218x300.jpg\" alt=\"\" width=\"126\" height=\"173\" srcset=\"https:\/\/www.radiopiu.net\/wordpress\/wp-content\/uploads\/2019\/10\/1435664134094_Gidoni_Franco-218x300.jpg 218w, https:\/\/www.radiopiu.net\/wordpress\/wp-content\/uploads\/2019\/10\/1435664134094_Gidoni_Franco.jpg 254w\" sizes=\"auto, (max-width: 126px) 100vw, 126px\" \/><\/a>BELLUNO<\/strong> \u201cBellunese terra tranquilla? Non pu\u00f2 essere un alibi per lasciare la comunit\u00e0 in balia di se\u2019 stessa\u201d. \u00c8 un affondo e allo stesso tempo un rinnovato impegno quello della Lega in merito alla rapina e alla successiva morte dell\u2019ottantaduenne di Lorenzago di Cadore. La notizia, che ha lasciato sgomenta la popolazione, fa emergere con prepotenza la fragilit\u00e0 di una provincia vasta, formata da tanti comuni e piccoli paesi.<\/p>\n<p><strong>il commissario provinciale della Lega, Franco Gidoni\u00a0<\/strong><\/p>\n<audio class=\"wp-audio-shortcode\" id=\"audio-247019-3\" preload=\"none\" style=\"width: 100%;\" controls=\"controls\"><source type=\"audio\/mpeg\" src=\"https:\/\/www.radiopiu.net\/wordpress\/wp-content\/uploads\/2021\/12\/gidoni.mp3?_=3\" \/><a href=\"https:\/\/www.radiopiu.net\/wordpress\/wp-content\/uploads\/2021\/12\/gidoni.mp3\">https:\/\/www.radiopiu.net\/wordpress\/wp-content\/uploads\/2021\/12\/gidoni.mp3<\/a><\/audio>\n<p>&nbsp;<\/p>\n<p>&nbsp;<\/p>\n<blockquote>\n<h3>IL LUTTO DELLA COMUNITA&#8217; CADORINA CI INTERROGA TUTTI DA VICINO<\/h3>\n<\/blockquote>\n<p><strong><a href=\"https:\/\/www.radiopiu.net\/wordpress\/belluno-la-citta-del-nulla-di-fatto-da-tiziano-alla-pallavolo\/972ec435-fa04-49e8-bf1e-048263cab367\/\" rel=\"attachment wp-att-226219\"><img loading=\"lazy\" decoding=\"async\" class=\"wp-image-226219 alignleft\" src=\"https:\/\/www.radiopiu.net\/wordpress\/wp-content\/uploads\/2021\/08\/972ec435-fa04-49e8-bf1e-048263cab367-300x200.jpg\" alt=\"\" width=\"215\" height=\"143\" srcset=\"https:\/\/www.radiopiu.net\/wordpress\/wp-content\/uploads\/2021\/08\/972ec435-fa04-49e8-bf1e-048263cab367-300x200.jpg 300w, https:\/\/www.radiopiu.net\/wordpress\/wp-content\/uploads\/2021\/08\/972ec435-fa04-49e8-bf1e-048263cab367-768x513.jpg 768w, https:\/\/www.radiopiu.net\/wordpress\/wp-content\/uploads\/2021\/08\/972ec435-fa04-49e8-bf1e-048263cab367.jpg 1024w\" sizes=\"auto, (max-width: 215px) 100vw, 215px\" \/><\/a>BELLUNO<\/strong>\u00a0 Ci sono fatti che non riguardano solo il paese o la comunit\u00e0 in cui si verificano, ma che per la loro importanza o, come in questo caso, per la gravit\u00e0 delle conseguenze interessano per forza di cose un intero territorio. <em>\u201cLa morte del signor Angelo Mainardi, l\u2019anziano di Lorenzago rapinato nella sua abitazione nella notte tra sabato e domenica e morto poche ore dopo, non pu\u00f2 e non deve lasciarci indifferenti. Lo dico da cittadino, ancor prima che da rappresentante istituzionale e sindaco\u201d.<\/em> Con queste parole Dario Scopel, coordinatore bellunese di Forza Italia e sindaco di Seren del Grappa, partecipa al lutto dell\u2019intera comunit\u00e0 di Lorenzago di Cadore, sconvolta da quanto accaduto.<em> \u201cE\u2019 evidente che serva urgentemente una riflessione a 360 gradi che coinvolga tutti gli organismi istituzionali, i rappresentanti politici e le Forze dell\u2019Ordine del Bellunese. L\u2019obiettivo \u201ccriminalit\u00e0 zero\u201d \u00e8 probabilmente utopico e irrealizzabile, ma la nostra gente, soprattutto le persone pi\u00f9 anziane e sole, ci chiedono protezione, sicurezza e tranquillit\u00e0, valori che da sempre contraddistinguono questo territorio e che ora sembrano vacillare&#8221;.\u00a0<\/em><\/p>\n<p><strong>ALLA RADIO<\/strong><\/p>\n<audio class=\"wp-audio-shortcode\" id=\"audio-247019-4\" preload=\"none\" style=\"width: 100%;\" controls=\"controls\"><source type=\"audio\/mpeg\" src=\"https:\/\/www.radiopiu.net\/wordpress\/wp-content\/uploads\/2021\/12\/SCOPEL.mp3?_=4\" \/><a href=\"https:\/\/www.radiopiu.net\/wordpress\/wp-content\/uploads\/2021\/12\/SCOPEL.mp3\">https:\/\/www.radiopiu.net\/wordpress\/wp-content\/uploads\/2021\/12\/SCOPEL.mp3<\/a><\/audio>\n<p>&nbsp;<\/p>\n<blockquote>\n<h3>IL MINISTRO FEDERICO D&#8217;INCA&#8217;<\/h3>\n<\/blockquote>\n<p><em>&#8220;Desidero portare la mia piena vicinanza alla famiglia Mainardi e all\u2019intera comunit\u00e0 di Lorenzago per l&#8217;episodio avvenuto. Sono in costante contatto con le istituzioni locali che si stanno impegnando per fare chiarezza sull&#8217;accaduto assieme al prezioso lavoro degli investigatori. Il livello di sicurezza nei territori bellunesi rimane elevato con azioni di controllo e di prevenzione messe in atto dalle Forze dell\u2019ordine&#8221;.\u00a0<\/em><\/p>\n<p>&nbsp;<\/p>\n<p>&nbsp;<\/p>\n<p><strong>PRIMA EDIZIONE<\/strong><\/p>\n<div class=\"articlePlainSubHead\"><strong>LORENZAGO DI CADORE<\/strong>\u00a0 Un anziano, Angelo Mainardi di 82 anni \u00e8 morto a poche ore di distanza da una rapina nella sua abitazione. E&#8217; stato legato e rapinato in casa da due o tre uomini con il volto coperto da un passamontagna. Il bottino 200 euro e l&#8217;abitazione messa a soqquadro. L&#8217;uomo \u00e8 stato lasciato a terra in cucina e ieri pomeriggio \u00e8 morto nell&#8217;abitazione in cui viveva da solo, in via Riva. In paese tutti lo conoscono con il soprannome, &#8220;Mascute&#8221;. La rapina \u00e8 avvenuta all&#8217; uan di notte, ma solo attorno alle 4 l&#8217;uomo\u00a0 \u00e8 riuscito a chiedere aiuto. Lo ha trovato il fratello, che vive nell&#8217;appartamento al piano superiore. Poi nel pomeriggio, la tragedia, con la morte dell&#8217;82enne. I carabinieri hanno messo sotto sequestro l&#8217;abitazione in cui viveva Angelo Mainardi. La salma \u00e8 stata portata a Belluno, anch&#8217;essa sotto sequestro perch\u00e9 va chiarito cosa abbia provocato la morte dell&#8217;82enne, se un malore, se c&#8217;entrino in qualche modo le conseguenze della rapina, durante la quale l&#8217;uomo \u00e8 stato malmenato.<\/div>\n<div><em>Foto Corriere delle Alpi, sul giornale una pagina di cronaca di Alessia Forzin<\/em><\/div>\n<div><\/div>\n<p><strong>VIDEO<\/strong><\/p>\n<div style=\"width: 848px;\" class=\"wp-video\"><video class=\"wp-video-shortcode\" id=\"video-247019-1\" width=\"848\" height=\"480\" preload=\"metadata\" controls=\"controls\"><source type=\"video\/mp4\" src=\"https:\/\/www.radiopiu.net\/wordpress\/wp-content\/uploads\/2021\/12\/WhatsApp-Video-2021-12-06-at-13.31.45.mp4?_=1\" \/><a href=\"https:\/\/www.radiopiu.net\/wordpress\/wp-content\/uploads\/2021\/12\/WhatsApp-Video-2021-12-06-at-13.31.45.mp4\">https:\/\/www.radiopiu.net\/wordpress\/wp-content\/uploads\/2021\/12\/WhatsApp-Video-2021-12-06-at-13.31.45.mp4<\/a><\/video><\/div>\n<p>&nbsp;<\/p>\n","protected":false},"excerpt":{"rendered":"<p>LA PROCURA APRE UN&#8217;IDAGINE CONTRO IGNOTI PER RAPINA E MORTE IN CONSEGUENZA DI ALTRO REATO\u00a0 LORENZAGO DI CADORE DI MORENO GIOLI &nbsp; &nbsp; &nbsp; DALLA REDAZIONE DI RADIO CLUB 103 BARBARA PAOLAZZI, IL SINDACO D&#8217;AMBROS &nbsp; &nbsp; BELLUNO \u201cBellunese terra tranquilla? Non pu\u00f2 essere un alibi per lasciare la comunit\u00e0 in balia di se\u2019 stessa\u201d.&hellip;<\/p>\n","protected":false},"author":4,"featured_media":247075,"comment_status":"closed","ping_status":"open","sticky":false,"template":"","format":"standard","meta":{"_monsterinsights_skip_tracking":false,"_monsterinsights_sitenote_active":false,"_monsterinsights_sitenote_note":"","_monsterinsights_sitenote_category":0,"footnotes":""},"categories":[51,49],"tags":[],"class_list":["post-247019","post","type-post","status-publish","format-standard","has-post-thumbnail","hentry","category-evidenza-top","category-news-18","category-51","category-49","description-off"],"img_url":"https:\/\/www.radiopiu.net\/wordpress\/wp-content\/uploads\/2021\/12\/67255605-1a62-4655-bfcd-c03f9d652ce8.jpg","_links":{"self":[{"href":"https:\/\/www.radiopiu.net\/wordpress\/wp-json\/wp\/v2\/posts\/247019","targetHints":{"allow":["GET"]}}],"collection":[{"href":"https:\/\/www.radiopiu.net\/wordpress\/wp-json\/wp\/v2\/posts"}],"about":[{"href":"https:\/\/www.radiopiu.net\/wordpress\/wp-json\/wp\/v2\/types\/post"}],"author":[{"embeddable":true,"href":"https:\/\/www.radiopiu.net\/wordpress\/wp-json\/wp\/v2\/users\/4"}],"replies":[{"embeddable":true,"href":"https:\/\/www.radiopiu.net\/wordpress\/wp-json\/wp\/v2\/comments?post=247019"}],"version-history":[{"count":0,"href":"https:\/\/www.radiopiu.net\/wordpress\/wp-json\/wp\/v2\/posts\/247019\/revisions"}],"wp:featuredmedia":[{"embeddable":true,"href":"https:\/\/www.radiopiu.net\/wordpress\/wp-json\/wp\/v2\/media\/247075"}],"wp:attachment":[{"href":"https:\/\/www.radiopiu.net\/wordpress\/wp-json\/wp\/v2\/media?parent=247019"}],"wp:term":[{"taxonomy":"category","embeddable":true,"href":"https:\/\/www.radiopiu.net\/wordpress\/wp-json\/wp\/v2\/categories?post=247019"},{"taxonomy":"post_tag","embeddable":true,"href":"https:\/\/www.radiopiu.net\/wordpress\/wp-json\/wp\/v2\/tags?post=247019"}],"curies":[{"name":"wp","href":"https:\/\/api.w.org\/{rel}","templated":true}]}}