{"id":247050,"date":"2021-12-06T20:22:25","date_gmt":"2021-12-06T19:22:25","guid":{"rendered":"https:\/\/www.radiopiu.net\/wordpress\/?p=247050"},"modified":"2021-12-06T21:01:58","modified_gmt":"2021-12-06T20:01:58","slug":"soldi-per-chi-decide-di-vivere-in-montagna-cestaro-la-soluzione-non-sono-in-fondi-di-riserva","status":"publish","type":"post","link":"https:\/\/www.radiopiu.net\/wordpress\/soldi-per-chi-decide-di-vivere-in-montagna-cestaro-la-soluzione-non-sono-in-fondi-di-riserva\/","title":{"rendered":"SOLDI PER CHI DECIDE DI VIVERE IN MONTAGNA? CESTARO  &#8220;LA SOLUZIONE NON SONO I FONDI DI RISERVA&#8221;"},"content":{"rendered":"<blockquote>\n<h3>CONTRIBUTI PER LA RESIDENZIALITA&#8217; IN MONTAGNA<\/h3>\n<\/blockquote>\n<p><strong><a href=\"https:\/\/www.radiopiu.net\/wordpress\/proposta-di-legge-statale-segretari-comunali-piu-risorse-per-i-comuni-e-possibilita-di-nuove-assunzioni\/cestaro-orizzontale\/\" rel=\"attachment wp-att-240773\"><img loading=\"lazy\" decoding=\"async\" class=\"wp-image-240773 alignleft\" src=\"https:\/\/www.radiopiu.net\/wordpress\/wp-content\/uploads\/2021\/11\/CESTARO-ORIZZONTALE-300x224.png\" alt=\"\" width=\"141\" height=\"105\" srcset=\"https:\/\/www.radiopiu.net\/wordpress\/wp-content\/uploads\/2021\/11\/CESTARO-ORIZZONTALE-300x224.png 300w, https:\/\/www.radiopiu.net\/wordpress\/wp-content\/uploads\/2021\/11\/CESTARO-ORIZZONTALE.png 544w\" sizes=\"auto, (max-width: 141px) 100vw, 141px\" \/><\/a>VENEZIA<\/strong> Sul tema &#8220;soldi a chi decide di vivere in montagna&#8221; come da proposta del PD scatena il dibattito anche all&#8217;interno della Lega Nord. Si sono fatti portavoce in consiglio regionale i consiglieri Silvia Cestaro e Giovanni Puppato.<\/p>\n<p><strong>SILVIA CESTARO\u00a0<\/strong><\/p>\n<audio class=\"wp-audio-shortcode\" id=\"audio-247050-1\" preload=\"none\" style=\"width: 100%;\" controls=\"controls\"><source type=\"audio\/mpeg\" src=\"https:\/\/www.radiopiu.net\/wordpress\/wp-content\/uploads\/2021\/12\/CESTARP.mp3?_=1\" \/><a href=\"https:\/\/www.radiopiu.net\/wordpress\/wp-content\/uploads\/2021\/12\/CESTARP.mp3\">https:\/\/www.radiopiu.net\/wordpress\/wp-content\/uploads\/2021\/12\/CESTARP.mp3<\/a><\/audio>\n<p>&nbsp;<\/p>\n<blockquote><p><strong><a href=\"https:\/\/www.radiopiu.net\/wordpress\/215936-2asdasdasdasd\/th-136\/\" rel=\"attachment wp-att-215940\"><img loading=\"lazy\" decoding=\"async\" class=\"size-full wp-image-215940 alignleft\" src=\"https:\/\/www.radiopiu.net\/wordpress\/wp-content\/uploads\/2021\/06\/th-9.jpg\" alt=\"\" width=\"187\" height=\"104\" \/><\/a>GIOVANNI PUPPATO:<\/strong> &#8220;<em>Il problema \u00e8 complesso e va affrontato cercando altre soluzioni, rivolgendosi a Roma per richiedere maggiori stanziamenti. Una soluzione, piuttosto, sarebbe quella di chiedere al Governo l\u2019aumento dei fondi e l\u2019ampliamento del numero di comuni finanziabili , ovvero l\u2019estensione dei beneficiari dei contributi delle aree interne- concludono i due consiglieri &#8211; vengono in mente Val di Zoldo ed i comuni della Valboite. Speriamo di vedere dei risultati con la Legge sulla montagna che tanto attendiamo e ci auguriamo arrivi un intervento diretto del Governo che deve farsi carico delle giuste richieste rivolte dai nostri sindaci e dagli abitanti della montagna\u201d.<\/em><\/p><\/blockquote>\n<p>&nbsp;<\/p>\n<h3><span style=\"color: #ff0000;\"><strong>OGGI ALLA RADIO\u00a0\u00a0<\/strong><\/span><\/h3>\n<blockquote>\n<h3>VENTI MILIONI PER CHI DECIDE DI ANDARE A VIVERE IN MONTAGNA, QUESTA LA PROPOSTA DEL PD<\/h3>\n<\/blockquote>\n<p><strong><a href=\"https:\/\/www.radiopiu.net\/wordpress\/giornale-radiopiu-20-luglio-2021-direttore-mirko-mezzacasa\/possamai-990x660\/\" rel=\"attachment wp-att-222738\"><img loading=\"lazy\" decoding=\"async\" class=\"size-medium wp-image-222738 alignleft\" src=\"https:\/\/www.radiopiu.net\/wordpress\/wp-content\/uploads\/2021\/07\/possamai-990x660-1-300x200.jpg\" alt=\"\" width=\"300\" height=\"200\" srcset=\"https:\/\/www.radiopiu.net\/wordpress\/wp-content\/uploads\/2021\/07\/possamai-990x660-1-300x200.jpg 300w, https:\/\/www.radiopiu.net\/wordpress\/wp-content\/uploads\/2021\/07\/possamai-990x660-1-768x512.jpg 768w, https:\/\/www.radiopiu.net\/wordpress\/wp-content\/uploads\/2021\/07\/possamai-990x660-1.jpg 990w\" sizes=\"auto, (max-width: 300px) 100vw, 300px\" \/><\/a>VENEZIA<\/strong> Un fondo da 20 milioni per contrastare lo spopolamento della montagna, dando un contributo a chi decide di acquistare, ristrutturare o costruire casa nei Comuni montani. \u00c8 la proposta del Partito Democratico, con un doppio emendamento al Collegato che sar\u00e0 in discussione da luned\u00ec prossimo in Consiglio regionale.<span class=\"gmail-Apple-converted-space\">\u00a0<\/span><\/p>\n<p><strong>GIACOMO POSSAMAI, CAPOGRUPPO DEM IN REGIONE<\/strong><\/p>\n<audio class=\"wp-audio-shortcode\" id=\"audio-247050-2\" preload=\"none\" style=\"width: 100%;\" controls=\"controls\"><source type=\"audio\/mpeg\" src=\"https:\/\/www.radiopiu.net\/wordpress\/wp-content\/uploads\/2021\/12\/Possamaimontagna.mp3?_=2\" \/><a href=\"https:\/\/www.radiopiu.net\/wordpress\/wp-content\/uploads\/2021\/12\/Possamaimontagna.mp3\">https:\/\/www.radiopiu.net\/wordpress\/wp-content\/uploads\/2021\/12\/Possamaimontagna.mp3<\/a><\/audio>\n<p>&nbsp;<\/p>\n","protected":false},"excerpt":{"rendered":"<p>CONTRIBUTI PER LA RESIDENZIALITA&#8217; IN MONTAGNA VENEZIA Sul tema &#8220;soldi a chi decide di vivere in montagna&#8221; come da proposta del PD scatena il dibattito anche all&#8217;interno della Lega Nord. Si sono fatti portavoce in consiglio regionale i consiglieri Silvia Cestaro e Giovanni Puppato. SILVIA CESTARO\u00a0 &nbsp; GIOVANNI PUPPATO: &#8220;Il problema \u00e8 complesso e va&hellip;<\/p>\n","protected":false},"author":4,"featured_media":210754,"comment_status":"closed","ping_status":"open","sticky":false,"template":"","format":"standard","meta":{"_monsterinsights_skip_tracking":false,"_monsterinsights_sitenote_active":false,"_monsterinsights_sitenote_note":"","_monsterinsights_sitenote_category":0,"footnotes":""},"categories":[51,49],"tags":[],"class_list":["post-247050","post","type-post","status-publish","format-standard","has-post-thumbnail","hentry","category-evidenza-top","category-news-18","category-51","category-49","description-off"],"img_url":"https:\/\/www.radiopiu.net\/wordpress\/wp-content\/uploads\/2021\/05\/Arabba_Fodom_Turismo_photo-credit.RobertoDePellegrin-scaled.jpg","_links":{"self":[{"href":"https:\/\/www.radiopiu.net\/wordpress\/wp-json\/wp\/v2\/posts\/247050","targetHints":{"allow":["GET"]}}],"collection":[{"href":"https:\/\/www.radiopiu.net\/wordpress\/wp-json\/wp\/v2\/posts"}],"about":[{"href":"https:\/\/www.radiopiu.net\/wordpress\/wp-json\/wp\/v2\/types\/post"}],"author":[{"embeddable":true,"href":"https:\/\/www.radiopiu.net\/wordpress\/wp-json\/wp\/v2\/users\/4"}],"replies":[{"embeddable":true,"href":"https:\/\/www.radiopiu.net\/wordpress\/wp-json\/wp\/v2\/comments?post=247050"}],"version-history":[{"count":0,"href":"https:\/\/www.radiopiu.net\/wordpress\/wp-json\/wp\/v2\/posts\/247050\/revisions"}],"wp:featuredmedia":[{"embeddable":true,"href":"https:\/\/www.radiopiu.net\/wordpress\/wp-json\/wp\/v2\/media\/210754"}],"wp:attachment":[{"href":"https:\/\/www.radiopiu.net\/wordpress\/wp-json\/wp\/v2\/media?parent=247050"}],"wp:term":[{"taxonomy":"category","embeddable":true,"href":"https:\/\/www.radiopiu.net\/wordpress\/wp-json\/wp\/v2\/categories?post=247050"},{"taxonomy":"post_tag","embeddable":true,"href":"https:\/\/www.radiopiu.net\/wordpress\/wp-json\/wp\/v2\/tags?post=247050"}],"curies":[{"name":"wp","href":"https:\/\/api.w.org\/{rel}","templated":true}]}}