{"id":247060,"date":"2021-12-09T06:00:17","date_gmt":"2021-12-09T05:00:17","guid":{"rendered":"https:\/\/www.radiopiu.net\/wordpress\/?p=247060"},"modified":"2021-12-09T08:40:19","modified_gmt":"2021-12-09T07:40:19","slug":"giornale-radiopiu-09-dicembre-2021-direttore-mirko-mezzacasa","status":"publish","type":"post","link":"https:\/\/www.radiopiu.net\/wordpress\/giornale-radiopiu-09-dicembre-2021-direttore-mirko-mezzacasa\/","title":{"rendered":"GIORNALE RADIOPIU 09 DICEMBRE 2021 DIRETTORE MIRKO MEZZACASA"},"content":{"rendered":"<h3 class=\"kvgmc6g5 cxmmr5t8 oygrvhab hcukyx3x c1et5uql\"><span style=\"color: #0000ff;\"><strong>INFORMAZIONE il canale su TELEGRAM informazione di prima mano e in tempo reale. iscriviti ed aiutaci a farlo conoscere\u00a0\u00a0<\/strong><\/span><\/h3>\n<hr \/>\n<p>&nbsp;<\/p>\n<blockquote>\n<h2>NEVICA SOPRATTUTTO IN VAL BELLUNA: SCUOLE IN ALPAGO E DRIVE IN TAMPONI-VACCINO CHIUSI, A LE LONIE DI RIVAMONTE DISSERVIZIO ELETTRICO, MANCA LA CORRENTE DALLE 2 DI QUESTA MATTINA, ALLE 8 BLACK OUT ANCORA NON RISOLTO.<\/h2>\n<\/blockquote>\n<p><strong><img loading=\"lazy\" decoding=\"async\" class=\"alignleft\" src=\"https:\/\/www.radiopiu.net\/wordpress\/wp-content\/uploads\/2021\/12\/456ee52a-002e-4512-8aa5-8e57bb83fe18.jpg\" width=\"255\" height=\"191\" \/>BELLUNO<\/strong> Venticinque centimetri di neve in Valbelluna, ieri sera alle 19 si contavano una decina di interventi dei vigili del fuoco per aiutare gli automobilisti rimasti bloccati nella neve. Alle 19, d&#8217;intesa con la Prefettura, Veneto strade ha comunicato che l&#8217;allerta \u00e8 passata da rossa a gialla vista la diminuzione delle nevicate.\u00a0 Incidente in mattinata sull&#8217;Alemagna, all&#8217;altezza del Quattro Valli poco prima di Longarone (senza feriti), un altro alla rotatoria di Marisiga alle 15.50. E poi auto di traverso a Orzes (Belluno), veicoli bloccati in Agordino nella zona del Passo San Pellegrino, in Alpago, nella zona di Volpere a Santa Giustina. In serata\u00a0 incidente in autostrada, poco dopo la barriera di Belluno. Quattro persone sono rimaste ferite, una mamma con tre bambini e sono state portate all&#8217;ospedale di Belluno con due ambulanze: feriti lievemente, solo tanto spavento. A Valle di Cadore\u00a0 un automobilista uscito di strada con una jeep, a Quero\u00a0 auto bloccate sulla salita.\u00a0 <strong>SCUOLA<\/strong> L&#8217;Alpago oggi tiene chiuse le scuole dall&#8217;asilo alle elementari alle medie.<strong> TAMPONI<\/strong>\u00a0 Drive in chiuso ad Agordo, Tai di Cadore e\u00a0 Feltre.\u00a0 Annullati gli appuntamenti di questa mattina, ma si prover\u00e0 ad aprire la linea drive-in almeno nel pomeriggio, dalle 13 alle 19. I tamponi non eseguiti questa mattina a Feltre saranno &#8220;recuperati&#8221; domani. I tamponi non eseguiti a Tai e Agordo saranno recuperati sabato. I drive-in a Feltre e a Paludi ieri mattina hanno lavorato, sono invece stati chiusi nel pomeriggio <strong>TRENI<\/strong> sono saltate quattro corse per la neve, ma i disagi sul trasporto ferroviario proseguiranno anche nella giornata odierna.\u00a0<span style=\"color: #0000ff;\"><strong>FOTO JVAN POSSAMAI,\u00a0 VIABILITA PROVINCIA BELLUNO_TELEGRAM\u00a0\u00a0<\/strong><\/span><\/p>\n<p>&nbsp;<\/p>\n<hr \/>\n<div>\n<blockquote>\n<h3><\/h3>\n<h3>USCITA DI STRADA LUNGO LA REGIONALE 203 AGORDINA<\/h3>\n<\/blockquote>\n<p><strong><img loading=\"lazy\" decoding=\"async\" class=\"alignleft\" src=\"https:\/\/www.radiopiu.net\/wordpress\/wp-content\/uploads\/2020\/11\/17_Agre-e-La-Muda-in-lontananza.jpg\" width=\"219\" height=\"124\" \/>AGORDO<\/strong> Un&#8217;altra giornata di festa che inizia con la chiamata al 118 per un incidente lungo la strada regionale 203 Agordino. Un&#8217;uscita di strada autonoma che non ha coinvolto altre persone o mezzi, Il sinistro in localit\u00e0 La Muda, Comune di La Valle, appena passato il 18* chilometro. Al volante della Panda C.S. di 21 anni soccorso dal personale sanitario dell&#8217;ambulanza partita dal Pronto Soccorso,\u00a0 dell&#8217; Ospedale di Agordo che ha potuto contare sulla collaborazione del Vigili del Fuoco di Agordo che dopo il recupero dell&#8217;infortunato\u00a0 hanno messo in sicurezza mezzo a ripristinata la sicurezza stradale. La dinamica dell&#8217;incidente \u00e8 al vaglio dei Carabinieri di Gosaldo<\/p>\n<p>&nbsp;<\/p>\n<p>&nbsp;<\/p>\n<hr \/>\n<blockquote>\n<h3><\/h3>\n<h3>DAL PRIMO FIOCCO IN POI&#8230; GLI OCCHI DI VIABILITA&#8217; PROVINCIA DI BELLUNO<\/h3>\n<\/blockquote>\n<p><strong>REDAZIONE<\/strong> Gran traffico, non tanto sulle strade imbiancate, ma sulla chat VIABILITA&#8217; PROVINCIA DI BELLUNO su TELEGRAM. Le foto degli utenti, prima situazione in provincia<\/p>\n<p>&nbsp;<\/p>\n\n\t\t\t<style type='text\/css'>\n\t\t\t\t#gallery-1 {\n\t\t\t\t\tmargin: auto;\n\t\t\t\t}\n\t\t\t\t#gallery-1 .gallery-item {\n\t\t\t\t\tfloat: left;\n\t\t\t\t\tmargin-top: 10px;\n\t\t\t\t\ttext-align: center;\n\t\t\t\t\twidth: 14%;\n\t\t\t\t}\n\t\t\t\t#gallery-1 img {\n\t\t\t\t\tborder: 2px solid #cfcfcf;\n\t\t\t\t}\n\t\t\t\t#gallery-1 .gallery-caption {\n\t\t\t\t\tmargin-left: 0;\n\t\t\t\t}\n\t\t\t\t\/* see gallery_shortcode() in wp-includes\/media.php *\/\n\t\t\t<\/style>\n\t\t<div id='gallery-1' class='dt-gallery-container gallery galleryid-247060 gallery-columns-7 gallery-size-thumbnail'><dl class='gallery-item'>\n\t\t\t\t<dt class='gallery-icon portrait'>\n\t\t\t\t\t<a class=\"rollover rollover-zoom dt-pswp-item\" title=\"pecore quero\" data-dt-img-description=\"\" data-large_image_width=\"600\" data-large_image_height=\"800\"href='https:\/\/www.radiopiu.net\/wordpress\/wp-content\/uploads\/2021\/12\/pecore-quero.jpg'><img loading=\"lazy\" decoding=\"async\" width=\"150\" height=\"150\" src=\"https:\/\/www.radiopiu.net\/wordpress\/wp-content\/uploads\/2021\/12\/pecore-quero-150x150.jpg\" class=\"attachment-thumbnail size-thumbnail\" alt=\"\" aria-describedby=\"gallery-1-247311\" \/><\/a>\n\t\t\t\t<\/dt>\n\t\t\t\t\t<dd class='wp-caption-text gallery-caption' id='gallery-1-247311'>\n\t\t\t\t\tpecore quero\n\t\t\t\t\t<\/dd><\/dl><dl class='gallery-item'>\n\t\t\t\t<dt class='gallery-icon portrait'>\n\t\t\t\t\t<a class=\"rollover rollover-zoom dt-pswp-item\" title=\"forno di zoldo\" data-dt-img-description=\"\" data-large_image_width=\"450\" data-large_image_height=\"800\"href='https:\/\/www.radiopiu.net\/wordpress\/wp-content\/uploads\/2021\/12\/forno-di-zoldo.jpg'><img loading=\"lazy\" decoding=\"async\" width=\"150\" height=\"150\" src=\"https:\/\/www.radiopiu.net\/wordpress\/wp-content\/uploads\/2021\/12\/forno-di-zoldo-150x150.jpg\" class=\"attachment-thumbnail size-thumbnail\" alt=\"\" aria-describedby=\"gallery-1-247361\" \/><\/a>\n\t\t\t\t<\/dt>\n\t\t\t\t\t<dd class='wp-caption-text gallery-caption' id='gallery-1-247361'>\n\t\t\t\t\tforno di zoldo\n\t\t\t\t\t<\/dd><\/dl><dl class='gallery-item'>\n\t\t\t\t<dt class='gallery-icon portrait'>\n\t\t\t\t\t<a class=\"rollover rollover-zoom dt-pswp-item\" title=\"tambre d&#039;alpago\" data-dt-img-description=\"\" data-large_image_width=\"598\" data-large_image_height=\"800\"href='https:\/\/www.radiopiu.net\/wordpress\/wp-content\/uploads\/2021\/12\/tambre-dalpago.jpg'><img loading=\"lazy\" decoding=\"async\" width=\"150\" height=\"150\" src=\"https:\/\/www.radiopiu.net\/wordpress\/wp-content\/uploads\/2021\/12\/tambre-dalpago-150x150.jpg\" class=\"attachment-thumbnail size-thumbnail\" alt=\"\" aria-describedby=\"gallery-1-247362\" \/><\/a>\n\t\t\t\t<\/dt>\n\t\t\t\t\t<dd class='wp-caption-text gallery-caption' id='gallery-1-247362'>\n\t\t\t\t\ttambre d&#8217;alpago\n\t\t\t\t\t<\/dd><\/dl><dl class='gallery-item'>\n\t\t\t\t<dt class='gallery-icon portrait'>\n\t\t\t\t\t<a class=\"rollover rollover-zoom dt-pswp-item\" title=\"passo san pellegrino\" data-dt-img-description=\"\" data-large_image_width=\"450\" data-large_image_height=\"800\"href='https:\/\/www.radiopiu.net\/wordpress\/wp-content\/uploads\/2021\/12\/passo-san-pellegrino.jpg'><img loading=\"lazy\" decoding=\"async\" width=\"150\" height=\"150\" src=\"https:\/\/www.radiopiu.net\/wordpress\/wp-content\/uploads\/2021\/12\/passo-san-pellegrino-150x150.jpg\" class=\"attachment-thumbnail size-thumbnail\" alt=\"\" aria-describedby=\"gallery-1-247363\" \/><\/a>\n\t\t\t\t<\/dt>\n\t\t\t\t\t<dd class='wp-caption-text gallery-caption' id='gallery-1-247363'>\n\t\t\t\t\tpasso san pellegrino\n\t\t\t\t\t<\/dd><\/dl><dl class='gallery-item'>\n\t\t\t\t<dt class='gallery-icon portrait'>\n\t\t\t\t\t<a class=\"rollover rollover-zoom dt-pswp-item\" title=\"trichiana\" data-dt-img-description=\"\" data-large_image_width=\"600\" data-large_image_height=\"800\"href='https:\/\/www.radiopiu.net\/wordpress\/wp-content\/uploads\/2021\/12\/trichiana.jpg'><img loading=\"lazy\" decoding=\"async\" width=\"150\" height=\"150\" src=\"https:\/\/www.radiopiu.net\/wordpress\/wp-content\/uploads\/2021\/12\/trichiana-150x150.jpg\" class=\"attachment-thumbnail size-thumbnail\" alt=\"\" aria-describedby=\"gallery-1-247316\" \/><\/a>\n\t\t\t\t<\/dt>\n\t\t\t\t\t<dd class='wp-caption-text gallery-caption' id='gallery-1-247316'>\n\t\t\t\t\ttrichiana\n\t\t\t\t\t<\/dd><\/dl><dl class='gallery-item'>\n\t\t\t\t<dt class='gallery-icon portrait'>\n\t\t\t\t\t<a class=\"rollover rollover-zoom dt-pswp-item\" title=\"santa giustina\" data-dt-img-description=\"\" data-large_image_width=\"450\" data-large_image_height=\"800\"href='https:\/\/www.radiopiu.net\/wordpress\/wp-content\/uploads\/2021\/12\/santa-giustina.jpg'><img loading=\"lazy\" decoding=\"async\" width=\"150\" height=\"150\" src=\"https:\/\/www.radiopiu.net\/wordpress\/wp-content\/uploads\/2021\/12\/santa-giustina-150x150.jpg\" class=\"attachment-thumbnail size-thumbnail\" alt=\"\" aria-describedby=\"gallery-1-247314\" \/><\/a>\n\t\t\t\t<\/dt>\n\t\t\t\t\t<dd class='wp-caption-text gallery-caption' id='gallery-1-247314'>\n\t\t\t\t\tsanta giustina\n\t\t\t\t\t<\/dd><\/dl><dl class='gallery-item'>\n\t\t\t\t<dt class='gallery-icon portrait'>\n\t\t\t\t\t<a class=\"rollover rollover-zoom dt-pswp-item\" title=\"belluno via agordo\" data-dt-img-description=\"\" data-large_image_width=\"600\" data-large_image_height=\"800\"href='https:\/\/www.radiopiu.net\/wordpress\/wp-content\/uploads\/2021\/12\/belluno-via-agordo.jpg'><img loading=\"lazy\" decoding=\"async\" width=\"150\" height=\"150\" src=\"https:\/\/www.radiopiu.net\/wordpress\/wp-content\/uploads\/2021\/12\/belluno-via-agordo-150x150.jpg\" class=\"attachment-thumbnail size-thumbnail\" alt=\"\" aria-describedby=\"gallery-1-247315\" \/><\/a>\n\t\t\t\t<\/dt>\n\t\t\t\t\t<dd class='wp-caption-text gallery-caption' id='gallery-1-247315'>\n\t\t\t\t\tbelluno via agordo\n\t\t\t\t\t<\/dd><\/dl><br style=\"clear: both\" \/><dl class='gallery-item'>\n\t\t\t\t<dt class='gallery-icon landscape'>\n\t\t\t\t\t<a class=\"rollover rollover-zoom dt-pswp-item\" title=\"lago santa croce\" data-dt-img-description=\"\" data-large_image_width=\"1280\" data-large_image_height=\"1047\"href='https:\/\/www.radiopiu.net\/wordpress\/wp-content\/uploads\/2021\/12\/lago-santa-croce-rotated-e1638970039876.jpg'><img loading=\"lazy\" decoding=\"async\" width=\"150\" height=\"150\" src=\"https:\/\/www.radiopiu.net\/wordpress\/wp-content\/uploads\/2021\/12\/lago-santa-croce-rotated-e1638970039876-150x150.jpg\" class=\"attachment-thumbnail size-thumbnail\" alt=\"\" aria-describedby=\"gallery-1-247312\" \/><\/a>\n\t\t\t\t<\/dt>\n\t\t\t\t\t<dd class='wp-caption-text gallery-caption' id='gallery-1-247312'>\n\t\t\t\t\tlago santa croce\n\t\t\t\t\t<\/dd><\/dl><dl class='gallery-item'>\n\t\t\t\t<dt class='gallery-icon portrait'>\n\t\t\t\t\t<a class=\"rollover rollover-zoom dt-pswp-item\" title=\"alleghe\" data-dt-img-description=\"\" data-large_image_width=\"450\" data-large_image_height=\"800\"href='https:\/\/www.radiopiu.net\/wordpress\/wp-content\/uploads\/2021\/12\/alleghe.jpg'><img loading=\"lazy\" decoding=\"async\" width=\"150\" height=\"150\" src=\"https:\/\/www.radiopiu.net\/wordpress\/wp-content\/uploads\/2021\/12\/alleghe-150x150.jpg\" class=\"attachment-thumbnail size-thumbnail\" alt=\"\" aria-describedby=\"gallery-1-247310\" \/><\/a>\n\t\t\t\t<\/dt>\n\t\t\t\t\t<dd class='wp-caption-text gallery-caption' id='gallery-1-247310'>\n\t\t\t\t\talleghe\n\t\t\t\t\t<\/dd><\/dl><dl class='gallery-item'>\n\t\t\t\t<dt class='gallery-icon landscape'>\n\t\t\t\t\t<a class=\"rollover rollover-zoom dt-pswp-item\" title=\"AUTOSTRADA vittorio veneto belluno\" data-dt-img-description=\"\" data-large_image_width=\"1280\" data-large_image_height=\"843\"href='https:\/\/www.radiopiu.net\/wordpress\/wp-content\/uploads\/2021\/12\/AUTOSTRADA-vittorio-veneto-belluno.jpg'><img loading=\"lazy\" decoding=\"async\" width=\"150\" height=\"150\" src=\"https:\/\/www.radiopiu.net\/wordpress\/wp-content\/uploads\/2021\/12\/AUTOSTRADA-vittorio-veneto-belluno-150x150.jpg\" class=\"attachment-thumbnail size-thumbnail\" alt=\"\" aria-describedby=\"gallery-1-247319\" \/><\/a>\n\t\t\t\t<\/dt>\n\t\t\t\t\t<dd class='wp-caption-text gallery-caption' id='gallery-1-247319'>\n\t\t\t\t\tAUTOSTRADA vittorio veneto belluno\n\t\t\t\t\t<\/dd><\/dl><dl class='gallery-item'>\n\t\t\t\t<dt class='gallery-icon portrait'>\n\t\t\t\t\t<a class=\"rollover rollover-zoom dt-pswp-item\" title=\"polpet\" data-dt-img-description=\"\" data-large_image_width=\"600\" data-large_image_height=\"800\"href='https:\/\/www.radiopiu.net\/wordpress\/wp-content\/uploads\/2021\/12\/polpet.jpg'><img loading=\"lazy\" decoding=\"async\" width=\"150\" height=\"150\" src=\"https:\/\/www.radiopiu.net\/wordpress\/wp-content\/uploads\/2021\/12\/polpet-150x150.jpg\" class=\"attachment-thumbnail size-thumbnail\" alt=\"\" aria-describedby=\"gallery-1-247333\" \/><\/a>\n\t\t\t\t<\/dt>\n\t\t\t\t\t<dd class='wp-caption-text gallery-caption' id='gallery-1-247333'>\n\t\t\t\t\tpolpet\n\t\t\t\t\t<\/dd><\/dl><dl class='gallery-item'>\n\t\t\t\t<dt class='gallery-icon portrait'>\n\t\t\t\t\t<a class=\"rollover rollover-zoom dt-pswp-item\" title=\"fenadora anzu\" data-dt-img-description=\"\" data-large_image_width=\"791\" data-large_image_height=\"800\"href='https:\/\/www.radiopiu.net\/wordpress\/wp-content\/uploads\/2021\/12\/fenadora-anzu.jpg'><img loading=\"lazy\" decoding=\"async\" width=\"150\" height=\"150\" src=\"https:\/\/www.radiopiu.net\/wordpress\/wp-content\/uploads\/2021\/12\/fenadora-anzu-150x150.jpg\" class=\"attachment-thumbnail size-thumbnail\" alt=\"\" aria-describedby=\"gallery-1-247332\" \/><\/a>\n\t\t\t\t<\/dt>\n\t\t\t\t\t<dd class='wp-caption-text gallery-caption' id='gallery-1-247332'>\n\t\t\t\t\tfenadora anzu\n\t\t\t\t\t<\/dd><\/dl><dl class='gallery-item'>\n\t\t\t\t<dt class='gallery-icon portrait'>\n\t\t\t\t\t<a class=\"rollover rollover-zoom dt-pswp-item\" title=\"cadola ponte nelle alpi\" data-dt-img-description=\"\" data-large_image_width=\"379\" data-large_image_height=\"800\"href='https:\/\/www.radiopiu.net\/wordpress\/wp-content\/uploads\/2021\/12\/cadola-ponte-nelle-alpi.jpg'><img loading=\"lazy\" decoding=\"async\" width=\"150\" height=\"150\" src=\"https:\/\/www.radiopiu.net\/wordpress\/wp-content\/uploads\/2021\/12\/cadola-ponte-nelle-alpi-150x150.jpg\" class=\"attachment-thumbnail size-thumbnail\" alt=\"\" aria-describedby=\"gallery-1-247331\" \/><\/a>\n\t\t\t\t<\/dt>\n\t\t\t\t\t<dd class='wp-caption-text gallery-caption' id='gallery-1-247331'>\n\t\t\t\t\tcadola ponte nelle alpi\n\t\t\t\t\t<\/dd><\/dl><dl class='gallery-item'>\n\t\t\t\t<dt class='gallery-icon landscape'>\n\t\t\t\t\t<a class=\"rollover rollover-zoom dt-pswp-item\" title=\"longarone\" data-dt-img-description=\"\" data-large_image_width=\"1280\" data-large_image_height=\"960\"href='https:\/\/www.radiopiu.net\/wordpress\/wp-content\/uploads\/2021\/12\/longarone.jpg'><img loading=\"lazy\" decoding=\"async\" width=\"150\" height=\"150\" src=\"https:\/\/www.radiopiu.net\/wordpress\/wp-content\/uploads\/2021\/12\/longarone-150x150.jpg\" class=\"attachment-thumbnail size-thumbnail\" alt=\"\" aria-describedby=\"gallery-1-247336\" \/><\/a>\n\t\t\t\t<\/dt>\n\t\t\t\t\t<dd class='wp-caption-text gallery-caption' id='gallery-1-247336'>\n\t\t\t\t\tlongarone\n\t\t\t\t\t<\/dd><\/dl><br style=\"clear: both\" \/><dl class='gallery-item'>\n\t\t\t\t<dt class='gallery-icon portrait'>\n\t\t\t\t\t<a class=\"rollover rollover-zoom dt-pswp-item\" title=\"peron agordo\" data-dt-img-description=\"\" data-large_image_width=\"370\" data-large_image_height=\"800\"href='https:\/\/www.radiopiu.net\/wordpress\/wp-content\/uploads\/2021\/12\/peron-agordo.jpg'><img loading=\"lazy\" decoding=\"async\" width=\"150\" height=\"150\" src=\"https:\/\/www.radiopiu.net\/wordpress\/wp-content\/uploads\/2021\/12\/peron-agordo-150x150.jpg\" class=\"attachment-thumbnail size-thumbnail\" alt=\"\" aria-describedby=\"gallery-1-247335\" \/><\/a>\n\t\t\t\t<\/dt>\n\t\t\t\t\t<dd class='wp-caption-text gallery-caption' id='gallery-1-247335'>\n\t\t\t\t\tperon agordo\n\t\t\t\t\t<\/dd><\/dl><dl class='gallery-item'>\n\t\t\t\t<dt class='gallery-icon landscape'>\n\t\t\t\t\t<a class=\"rollover rollover-zoom dt-pswp-item\" title=\"bribano sedico\" data-dt-img-description=\"\" data-large_image_width=\"1280\" data-large_image_height=\"960\"href='https:\/\/www.radiopiu.net\/wordpress\/wp-content\/uploads\/2021\/12\/bribano-sedico.jpg'><img loading=\"lazy\" decoding=\"async\" width=\"150\" height=\"150\" src=\"https:\/\/www.radiopiu.net\/wordpress\/wp-content\/uploads\/2021\/12\/bribano-sedico-150x150.jpg\" class=\"attachment-thumbnail size-thumbnail\" alt=\"\" aria-describedby=\"gallery-1-247338\" \/><\/a>\n\t\t\t\t<\/dt>\n\t\t\t\t\t<dd class='wp-caption-text gallery-caption' id='gallery-1-247338'>\n\t\t\t\t\tbribano sedico\n\t\t\t\t\t<\/dd><\/dl><dl class='gallery-item'>\n\t\t\t\t<dt class='gallery-icon portrait'>\n\t\t\t\t\t<a class=\"rollover rollover-zoom dt-pswp-item\" title=\"fonzaso\" data-dt-img-description=\"\" data-large_image_width=\"600\" data-large_image_height=\"800\"href='https:\/\/www.radiopiu.net\/wordpress\/wp-content\/uploads\/2021\/12\/fonzaso.jpg'><img loading=\"lazy\" decoding=\"async\" width=\"150\" height=\"150\" src=\"https:\/\/www.radiopiu.net\/wordpress\/wp-content\/uploads\/2021\/12\/fonzaso-150x150.jpg\" class=\"attachment-thumbnail size-thumbnail\" alt=\"\" aria-describedby=\"gallery-1-247371\" \/><\/a>\n\t\t\t\t<\/dt>\n\t\t\t\t\t<dd class='wp-caption-text gallery-caption' id='gallery-1-247371'>\n\t\t\t\t\tfonzaso\n\t\t\t\t\t<\/dd><\/dl><dl class='gallery-item'>\n\t\t\t\t<dt class='gallery-icon portrait'>\n\t\t\t\t\t<a class=\"rollover rollover-zoom dt-pswp-item\" title=\"paludi zona industriale\" data-dt-img-description=\"\" data-large_image_width=\"450\" data-large_image_height=\"800\"href='https:\/\/www.radiopiu.net\/wordpress\/wp-content\/uploads\/2021\/12\/paludi-zona-industriale.jpg'><img loading=\"lazy\" decoding=\"async\" width=\"150\" height=\"150\" src=\"https:\/\/www.radiopiu.net\/wordpress\/wp-content\/uploads\/2021\/12\/paludi-zona-industriale-150x150.jpg\" class=\"attachment-thumbnail size-thumbnail\" alt=\"\" aria-describedby=\"gallery-1-247372\" \/><\/a>\n\t\t\t\t<\/dt>\n\t\t\t\t\t<dd class='wp-caption-text gallery-caption' id='gallery-1-247372'>\n\t\t\t\t\tpaludi zona industriale\n\t\t\t\t\t<\/dd><\/dl><dl class='gallery-item'>\n\t\t\t\t<dt class='gallery-icon landscape'>\n\t\t\t\t\t<a class=\"rollover rollover-zoom dt-pswp-item\" title=\"belluno via vittorio vento\" data-dt-img-description=\"\" data-large_image_width=\"1280\" data-large_image_height=\"720\"href='https:\/\/www.radiopiu.net\/wordpress\/wp-content\/uploads\/2021\/12\/belluno-via-vittorio-vento.jpg'><img loading=\"lazy\" decoding=\"async\" width=\"150\" height=\"150\" src=\"https:\/\/www.radiopiu.net\/wordpress\/wp-content\/uploads\/2021\/12\/belluno-via-vittorio-vento-150x150.jpg\" class=\"attachment-thumbnail size-thumbnail\" alt=\"\" aria-describedby=\"gallery-1-247389\" \/><\/a>\n\t\t\t\t<\/dt>\n\t\t\t\t\t<dd class='wp-caption-text gallery-caption' id='gallery-1-247389'>\n\t\t\t\t\tbelluno via vittorio veneto\n\t\t\t\t\t<\/dd><\/dl><dl class='gallery-item'>\n\t\t\t\t<dt class='gallery-icon landscape'>\n\t\t\t\t\t<a class=\"rollover rollover-zoom dt-pswp-item\" title=\"belluno via vittorio veneto\" data-dt-img-description=\"\" data-large_image_width=\"1280\" data-large_image_height=\"591\"href='https:\/\/www.radiopiu.net\/wordpress\/wp-content\/uploads\/2021\/12\/belluno-via-vittorio-veneto.jpg'><img loading=\"lazy\" decoding=\"async\" width=\"150\" height=\"150\" src=\"https:\/\/www.radiopiu.net\/wordpress\/wp-content\/uploads\/2021\/12\/belluno-via-vittorio-veneto-150x150.jpg\" class=\"attachment-thumbnail size-thumbnail\" alt=\"\" aria-describedby=\"gallery-1-247388\" \/><\/a>\n\t\t\t\t<\/dt>\n\t\t\t\t\t<dd class='wp-caption-text gallery-caption' id='gallery-1-247388'>\n\t\t\t\t\tbelluno via vittorio veneto\n\t\t\t\t\t<\/dd><\/dl>\n\t\t\t\t<br style='clear: both' \/>\n\t\t\t<\/div>\n\n<p>&nbsp;<\/p>\n<\/div>\n<hr \/>\n<p>&nbsp;<\/p>\n<blockquote>\n<h3>CROCE VERDE VAL BIOIS, A SINGHIOZZO FINO AL 31 DICEMBRE<\/h3>\n<\/blockquote>\n<p><strong><img loading=\"lazy\" decoding=\"async\" class=\"alignleft\" src=\"https:\/\/www.radiopiu.net\/wordpress\/wp-content\/uploads\/2020\/06\/download-36.jpg\" width=\"284\" height=\"155\" \/>FALCADE<\/strong>\u00a0 Giorni e orari in cui l&#8217;emergenza della Croce Verde Val Biois non \u00e8 garantita: SABATO 11 DICEMBRE 2021 dalle ore 6:00 alle ore 6:00 di DOMENICA 12 DICEMBRE 2021;VENERDI&#8217; 17 DICEMBRE 2021 dalle ore 6:00 alle ore 20:00; GIOVEDI&#8217; 23 DICEMBRE dalle ore 6:00 alle ore 6:00 di SABATO 25 DICEMBRE 2021; SABATO 25 DICEMBRE 2021 dalle ore 20:00 alle ore 6:00 di DOMENICA 26 DICEMBRE 2021; DOMENICA 26 DICEMBRE dalle ore 20:00 alle ore 6:00 di LUNEDI&#8217; 27 DICEMBRE 2021; LUNEDI&#8217; 27 DICEMBRE 2021 dalle ore 20:00 alle ore 6 di MARTEDI&#8217; 28 DICEMBRE 2021; MARTEDI&#8217; 28 DICEMBRE 2021 dalle ore 20:00 alle ore 6:00 di MERCOLEDI&#8217; 29 DICEMBRE 2021;MERCOLEDI&#8217; 29 DICEMBRE 2021 dalle ore 20;00 alle ore 6:00 di GIOVEDI&#8217; 30 DICEMBRE 2021 VENERDI&#8217; 31 DICEMBRE 2021 dalle ore 6:00 alle ore 20:00.<\/p>\n<p>&nbsp;<\/p>\n<blockquote class=\"wp-embedded-content\" data-secret=\"bDqNpVewAF\"><p><a href=\"https:\/\/www.radiopiu.net\/wordpress\/a-falcade-ma-solo-con-la-mascherina-ben-piazzata-tra-bocca-e-naso\/\">A FALCADE MA SOLO CON LA MASCHERINA BEN PIAZZATA TRA BOCCA E NASO<\/a><\/p><\/blockquote>\n<p><iframe loading=\"lazy\" class=\"wp-embedded-content\" sandbox=\"allow-scripts\" security=\"restricted\" style=\"position: absolute; clip: rect(1px, 1px, 1px, 1px);\" title=\"&#8220;A FALCADE MA SOLO CON LA MASCHERINA BEN PIAZZATA TRA BOCCA E NASO&#8221; &#8212; Radio Pi\u00f9\" src=\"https:\/\/www.radiopiu.net\/wordpress\/a-falcade-ma-solo-con-la-mascherina-ben-piazzata-tra-bocca-e-naso\/embed\/#?secret=bDqNpVewAF\" data-secret=\"bDqNpVewAF\" width=\"600\" height=\"338\" frameborder=\"0\" marginwidth=\"0\" marginheight=\"0\" scrolling=\"no\"><\/iframe><\/p>\n<p>&nbsp;<\/p>\n<p>&nbsp;<\/p>\n<hr \/>\n<p>&nbsp;<\/p>\n<blockquote>\n<h3>IL PASSO GIAU SCAMBIATO PER UN CIRCUITO. NOTIFICATI 4596 VERBALI PER UN TOTALE 581.978 EURO<\/h3>\n<\/blockquote>\n<p><span style=\"color: #ff0000;\"><strong>DAL CORRIERE DELLE ALPI DI OGGI<\/strong><\/span><\/p>\n<p><strong><a href=\"https:\/\/www.radiopiu.net\/wordpress\/55154-2\/fedare-strada-giau\/\" rel=\"attachment wp-att-55158\"><img loading=\"lazy\" decoding=\"async\" class=\"size-medium wp-image-55158 alignleft\" src=\"https:\/\/www.radiopiu.net\/wordpress\/wp-content\/uploads\/2018\/07\/Fedare-strada-giau-300x199.jpg\" alt=\"\" width=\"300\" height=\"199\" srcset=\"https:\/\/www.radiopiu.net\/wordpress\/wp-content\/uploads\/2018\/07\/Fedare-strada-giau-300x199.jpg 300w, https:\/\/www.radiopiu.net\/wordpress\/wp-content\/uploads\/2018\/07\/Fedare-strada-giau-768x511.jpg 768w, https:\/\/www.radiopiu.net\/wordpress\/wp-content\/uploads\/2018\/07\/Fedare-strada-giau-1024x681.jpg 1024w\" sizes=\"auto, (max-width: 300px) 100vw, 300px\" \/><\/a>COLLE SANTA LUCIA<\/strong><\/p>\n<p>di Gianni Santomaso<\/p>\n<audio class=\"wp-audio-shortcode\" id=\"audio-247060-1\" preload=\"none\" style=\"width: 100%;\" controls=\"controls\"><source type=\"audio\/mpeg\" src=\"https:\/\/www.radiopiu.net\/wordpress\/wp-content\/uploads\/2021\/12\/GIANNI-AUTOVELOX-GIAU.mp3?_=1\" \/><a href=\"https:\/\/www.radiopiu.net\/wordpress\/wp-content\/uploads\/2021\/12\/GIANNI-AUTOVELOX-GIAU.mp3\">https:\/\/www.radiopiu.net\/wordpress\/wp-content\/uploads\/2021\/12\/GIANNI-AUTOVELOX-GIAU.mp3<\/a><\/audio>\n<p>&nbsp;<\/p>\n<p>&nbsp;<\/p>\n<p>&nbsp;<\/p>\n<hr \/>\n<p>&nbsp;<\/p>\n<blockquote>\n<h3>DIFESE SPONDALI IN LOCALITA&#8217; FORNO VAL DOVE IL TEGNAS FA PAURA<\/h3>\n<\/blockquote>\n<p><strong><img loading=\"lazy\" decoding=\"async\" class=\"alignleft\" src=\"https:\/\/www.radiopiu.net\/wordpress\/wp-content\/uploads\/2021\/12\/TAIBON-1-300x225-1.jpg\" width=\"140\" height=\"105\" \/>TAIBON<\/strong><\/p>\n<p><strong>di GIANNI SANTOMASO<\/strong><\/p>\n<audio class=\"wp-audio-shortcode\" id=\"audio-247060-2\" preload=\"none\" style=\"width: 100%;\" controls=\"controls\"><source type=\"audio\/mpeg\" src=\"https:\/\/www.radiopiu.net\/wordpress\/wp-content\/uploads\/2021\/12\/SILVIA-GIANNI.mp3?_=2\" \/><a href=\"https:\/\/www.radiopiu.net\/wordpress\/wp-content\/uploads\/2021\/12\/SILVIA-GIANNI.mp3\">https:\/\/www.radiopiu.net\/wordpress\/wp-content\/uploads\/2021\/12\/SILVIA-GIANNI.mp3<\/a><\/audio>\n<p>&nbsp;<\/p>\n<p>&nbsp;<\/p>\n<p>&nbsp;<\/p>\n<hr \/>\n<p>&nbsp;<\/p>\n<blockquote>\n<h3>VOCI DELLA MEMORIA, LE VIDEO INTERVISTE IN VALLE DEL BIOIS DALLA GRANDE GUERRA A VAIA<\/h3>\n<\/blockquote>\n<p><strong><a href=\"https:\/\/www.radiopiu.net\/wordpress\/voci-della-memoria-le-video-interviste-in-valle-del-biois-dalla-grande-guerra-a-vaia\/logoistrescoaps\/\" rel=\"attachment wp-att-247243\"><img loading=\"lazy\" decoding=\"async\" class=\"size-full wp-image-247243 alignleft\" src=\"https:\/\/www.radiopiu.net\/wordpress\/wp-content\/uploads\/2021\/12\/logoIstrescoAPS.jpg\" alt=\"\" width=\"270\" height=\"100\" \/><\/a>CANALE D&#8217;AGORDO<\/strong> L&#8217;associazione Istresco (Istituto per la Storia della Resistenza e della Societ\u00e0 Contemporanea della Marca Trevigiana) presieduta da Francesca Gallo,\u00a0 presenta il progetto &#8220;Con-fine: luoghi e uomini raccontano 100 anni di paesaggio assieme ai ricercatori che hanno raccolto le testimonianze. Sabato alle 17.30 in Sala Emigranti.<\/p>\n<p>&nbsp;<\/p>\n<p><strong>di\u00a0 GIANNI SANTOMASO<\/strong><\/p>\n<audio class=\"wp-audio-shortcode\" id=\"audio-247060-3\" preload=\"none\" style=\"width: 100%;\" controls=\"controls\"><source type=\"audio\/mpeg\" src=\"https:\/\/www.radiopiu.net\/wordpress\/wp-content\/uploads\/2021\/12\/gallo.mp3?_=3\" \/><a href=\"https:\/\/www.radiopiu.net\/wordpress\/wp-content\/uploads\/2021\/12\/gallo.mp3\">https:\/\/www.radiopiu.net\/wordpress\/wp-content\/uploads\/2021\/12\/gallo.mp3<\/a><\/audio>\n<p>&nbsp;<\/p>\n<p><strong>L&#8217;INTERVISTA A GIULIA FONTANIVE, PER CONSERVARE LA MEMORIA<\/strong><\/p>\n<audio class=\"wp-audio-shortcode\" id=\"audio-247060-4\" preload=\"none\" style=\"width: 100%;\" controls=\"controls\"><source type=\"audio\/mpeg\" src=\"https:\/\/www.radiopiu.net\/wordpress\/wp-content\/uploads\/2021\/12\/gallo2.mp3?_=4\" \/><a href=\"https:\/\/www.radiopiu.net\/wordpress\/wp-content\/uploads\/2021\/12\/gallo2.mp3\">https:\/\/www.radiopiu.net\/wordpress\/wp-content\/uploads\/2021\/12\/gallo2.mp3<\/a><\/audio>\n<p>&nbsp;<\/p>\n<p>&nbsp;<\/p>\n<p>&nbsp;<\/p>\n<hr \/>\n<p>&nbsp;<\/p>\n<blockquote>\n<h3>STUDENTI MINORENNI SUI MEZZI PUBBLICI: SUBITO UNA DEROGA ALL\u2019OBBLIGO DEL SUPER GREEN PASS. COS\u00cc SI PENALIZZA IL DIRITTO ALLO STUDIO NELLE AREE DECENTRATE<\/h3>\n<\/blockquote>\n<p><strong><a href=\"https:\/\/www.radiopiu.net\/wordpress\/cade-con-la-mountain-bike-e-si-ferisce-al-collo\/80c303ed-9a2e-49f0-8b20-3dd5e061bbf3\/\" rel=\"attachment wp-att-145520\"><img loading=\"lazy\" decoding=\"async\" class=\"size-medium wp-image-145520 alignleft\" src=\"https:\/\/www.radiopiu.net\/wordpress\/wp-content\/uploads\/2020\/06\/80c303ed-9a2e-49f0-8b20-3dd5e061bbf3-300x225.jpg\" alt=\"\" width=\"300\" height=\"225\" srcset=\"https:\/\/www.radiopiu.net\/wordpress\/wp-content\/uploads\/2020\/06\/80c303ed-9a2e-49f0-8b20-3dd5e061bbf3-300x225.jpg 300w, https:\/\/www.radiopiu.net\/wordpress\/wp-content\/uploads\/2020\/06\/80c303ed-9a2e-49f0-8b20-3dd5e061bbf3-1024x768.jpg 1024w, https:\/\/www.radiopiu.net\/wordpress\/wp-content\/uploads\/2020\/06\/80c303ed-9a2e-49f0-8b20-3dd5e061bbf3-768x576.jpg 768w, https:\/\/www.radiopiu.net\/wordpress\/wp-content\/uploads\/2020\/06\/80c303ed-9a2e-49f0-8b20-3dd5e061bbf3.jpg 1280w\" sizes=\"auto, (max-width: 300px) 100vw, 300px\" \/><\/a>BELLUNO <\/strong>La sensazione che l\u2019introduzione dell\u2019obbligo del super green pass anche per viaggiare in autobus e sui mezzi del trasporto pubblico locale potesse essere penalizzante per molti studenti e per le loro famiglie era netta; ora, dopo i primi giorni di applicazione, i timori si sono tramutati in realt\u00e0. \u201c<em>Sono molte le segnalazioni che mi sono arrivate in queste ore da cittadini estremamente preoccupati e anche infastiditi dalla nuove difficolt\u00e0 e dai costi che devono affrontare per poter portare i loro figli a scuola<\/em>\u201d, commenta il coordinatore provinciale di Forza Italia Dario Scopel. <em>Al di l\u00e0 ogni valutazione, la campagna vaccinale che riguarda i ragazzi \u00e8 partita in ritardo e molti non sono ancora riusciti a ricevere la prima dose. E\u2019 del tutto evidente che, almeno in questa prima fase, \u00e8 per\u00f2 necessario garantire a tutti gli studenti, in particolar modo delle medie e delle superiori, la possibilit\u00e0 di raggiungere come sempre in autonomia il proprio istituto scolastico. Un tema che \u00e8 importante e trasversale a tutto il territorio nazionale &#8211; come dimostrano le pressanti richieste arrivate in questo senso al governo da quasi tutte le Regioni -, ma che \u00e8 ancor pi\u00f9 rilevante in un territorio come il nostro. Se in pianura o nelle aree metropolitane le opportunit\u00e0 di muoversi sono infatti molteplici e di diverso tipo, prosegue Scopel, per un\u2019area come il Bellunese &#8211; ed in particolare le sue zone montane e pi\u00f9 periferiche &#8211; il trasporto pubblico di linea rappresenta spesso l\u2019unica possibilit\u00e0 di raggiungere dai paesi e dalle frazioni gli istituti scolastici. Con la scelta \u201ctotalitaria\u201d messa in atto in questo ambito dal governo non solo si creano oggettive difficolt\u00e0 a molte famiglie, ma si mette nei fatti a rischio lo stesso diritto allo studio dei ragazzi<\/em>.\u201d \u201c<em>Esprimo quindi tutto il mio appoggio alla richiesta di deroga e sospensione della normativa avanzata dalle Regione, anche come sindaco di un piccolo centro che vive quotidianamente queste dinamiche; mi auguro che anche i nostri rappresentanti parlamentari si muovano nelle prossime ore in questo senso per arrivare ad una soluzione che \u00e8 anzitutto di equit\u00e0 e di buon senso<\/em>\u201d, conclude il coordinatore azzurro.<\/p>\n<p><strong>ALLA RADIO, DARIO SCOPEL<\/strong><\/p>\n<audio class=\"wp-audio-shortcode\" id=\"audio-247060-5\" preload=\"none\" style=\"width: 100%;\" controls=\"controls\"><source type=\"audio\/mpeg\" src=\"https:\/\/www.radiopiu.net\/wordpress\/wp-content\/uploads\/2021\/12\/scopel.mp3?_=5\" \/><a href=\"https:\/\/www.radiopiu.net\/wordpress\/wp-content\/uploads\/2021\/12\/scopel.mp3\">https:\/\/www.radiopiu.net\/wordpress\/wp-content\/uploads\/2021\/12\/scopel.mp3<\/a><\/audio>\n<p>&nbsp;<\/p>\n<p>&nbsp;<\/p>\n<p>&nbsp;<\/p>\n<hr \/>\n<p>&nbsp;<\/p>\n<blockquote class=\"wp-embedded-content\" data-secret=\"glBAueJknT\"><p><a href=\"https:\/\/www.radiopiu.net\/wordpress\/aggiornamentonazdic08\/\">CORONAVIRUS: AGGIORNAMENTO NAZIONALE 08 DICEMBRE  2021<\/a><\/p><\/blockquote>\n<p><iframe loading=\"lazy\" class=\"wp-embedded-content\" sandbox=\"allow-scripts\" security=\"restricted\" style=\"position: absolute; clip: rect(1px, 1px, 1px, 1px);\" title=\"&#8220;CORONAVIRUS: AGGIORNAMENTO NAZIONALE 08 DICEMBRE  2021&#8221; &#8212; Radio Pi\u00f9\" src=\"https:\/\/www.radiopiu.net\/wordpress\/aggiornamentonazdic08\/embed\/#?secret=glBAueJknT\" data-secret=\"glBAueJknT\" width=\"600\" height=\"338\" frameborder=\"0\" marginwidth=\"0\" marginheight=\"0\" scrolling=\"no\"><\/iframe><\/p>\n<p>&nbsp;<\/p>\n<blockquote class=\"wp-embedded-content\" data-secret=\"lfsonP8vhK\"><p><a href=\"https:\/\/www.radiopiu.net\/wordpress\/sei-decessi-3516-nuovi-positivi-e-ricoveri-in-calo-nelle-ultime-24-ore-in-veneto\/\">SEI DECESSI, 3516 NUOVI POSITIVI E RICOVERI IN CALO NELLE ULTIME 24 ORE IN VENETO<\/a><\/p><\/blockquote>\n<p><iframe loading=\"lazy\" class=\"wp-embedded-content\" sandbox=\"allow-scripts\" security=\"restricted\" style=\"position: absolute; clip: rect(1px, 1px, 1px, 1px);\" title=\"&#8220;SEI DECESSI, 3516 NUOVI POSITIVI E RICOVERI IN CALO NELLE ULTIME 24 ORE IN VENETO&#8221; &#8212; Radio Pi\u00f9\" src=\"https:\/\/www.radiopiu.net\/wordpress\/sei-decessi-3516-nuovi-positivi-e-ricoveri-in-calo-nelle-ultime-24-ore-in-veneto\/embed\/#?secret=lfsonP8vhK\" data-secret=\"lfsonP8vhK\" width=\"600\" height=\"338\" frameborder=\"0\" marginwidth=\"0\" marginheight=\"0\" scrolling=\"no\"><\/iframe><\/p>\n<p>&nbsp;<\/p>\n<h2>I GRAFICI DI TIZIANO DE COL<\/h2>\n\n\t\t\t<style type='text\/css'>\n\t\t\t\t#gallery-2 {\n\t\t\t\t\tmargin: auto;\n\t\t\t\t}\n\t\t\t\t#gallery-2 .gallery-item {\n\t\t\t\t\tfloat: left;\n\t\t\t\t\tmargin-top: 10px;\n\t\t\t\t\ttext-align: center;\n\t\t\t\t\twidth: 33%;\n\t\t\t\t}\n\t\t\t\t#gallery-2 img {\n\t\t\t\t\tborder: 2px solid #cfcfcf;\n\t\t\t\t}\n\t\t\t\t#gallery-2 .gallery-caption {\n\t\t\t\t\tmargin-left: 0;\n\t\t\t\t}\n\t\t\t\t\/* see gallery_shortcode() in wp-includes\/media.php *\/\n\t\t\t<\/style>\n\t\t<div id='gallery-2' class='dt-gallery-container gallery galleryid-247060 gallery-columns-3 gallery-size-medium'><dl class='gallery-item'>\n\t\t\t\t<dt class='gallery-icon landscape'>\n\t\t\t\t\t<a class=\"rollover rollover-zoom dt-pswp-item\" title=\"7fa10005-32b2-4c2b-bdff-cd8d73a8e282\" data-dt-img-description=\"\" data-large_image_width=\"590\" data-large_image_height=\"359\"href='https:\/\/www.radiopiu.net\/wordpress\/wp-content\/uploads\/2021\/12\/7fa10005-32b2-4c2b-bdff-cd8d73a8e282.jpg'><img loading=\"lazy\" decoding=\"async\" width=\"300\" height=\"183\" src=\"https:\/\/www.radiopiu.net\/wordpress\/wp-content\/uploads\/2021\/12\/7fa10005-32b2-4c2b-bdff-cd8d73a8e282-300x183.jpg\" class=\"attachment-medium size-medium\" alt=\"\" srcset=\"https:\/\/www.radiopiu.net\/wordpress\/wp-content\/uploads\/2021\/12\/7fa10005-32b2-4c2b-bdff-cd8d73a8e282-300x183.jpg 300w, https:\/\/www.radiopiu.net\/wordpress\/wp-content\/uploads\/2021\/12\/7fa10005-32b2-4c2b-bdff-cd8d73a8e282.jpg 590w\" sizes=\"auto, (max-width: 300px) 100vw, 300px\" \/><\/a>\n\t\t\t\t<\/dt><\/dl><dl class='gallery-item'>\n\t\t\t\t<dt class='gallery-icon landscape'>\n\t\t\t\t\t<a class=\"rollover rollover-zoom dt-pswp-item\" title=\"76f42a8a-a391-4a5e-9a34-e6ffb1c933ca\" data-dt-img-description=\"\" data-large_image_width=\"576\" data-large_image_height=\"354\"href='https:\/\/www.radiopiu.net\/wordpress\/wp-content\/uploads\/2021\/12\/76f42a8a-a391-4a5e-9a34-e6ffb1c933ca.jpg'><img loading=\"lazy\" decoding=\"async\" width=\"300\" height=\"184\" src=\"https:\/\/www.radiopiu.net\/wordpress\/wp-content\/uploads\/2021\/12\/76f42a8a-a391-4a5e-9a34-e6ffb1c933ca-300x184.jpg\" class=\"attachment-medium size-medium\" alt=\"\" srcset=\"https:\/\/www.radiopiu.net\/wordpress\/wp-content\/uploads\/2021\/12\/76f42a8a-a391-4a5e-9a34-e6ffb1c933ca-300x184.jpg 300w, https:\/\/www.radiopiu.net\/wordpress\/wp-content\/uploads\/2021\/12\/76f42a8a-a391-4a5e-9a34-e6ffb1c933ca.jpg 576w\" sizes=\"auto, (max-width: 300px) 100vw, 300px\" \/><\/a>\n\t\t\t\t<\/dt><\/dl><dl class='gallery-item'>\n\t\t\t\t<dt class='gallery-icon landscape'>\n\t\t\t\t\t<a class=\"rollover rollover-zoom dt-pswp-item\" title=\"585d00ef-6be0-42ba-9c7b-756c8efb6297\" data-dt-img-description=\"\" data-large_image_width=\"604\" data-large_image_height=\"357\"href='https:\/\/www.radiopiu.net\/wordpress\/wp-content\/uploads\/2021\/12\/585d00ef-6be0-42ba-9c7b-756c8efb6297.jpg'><img loading=\"lazy\" decoding=\"async\" width=\"300\" height=\"177\" src=\"https:\/\/www.radiopiu.net\/wordpress\/wp-content\/uploads\/2021\/12\/585d00ef-6be0-42ba-9c7b-756c8efb6297-300x177.jpg\" class=\"attachment-medium size-medium\" alt=\"\" srcset=\"https:\/\/www.radiopiu.net\/wordpress\/wp-content\/uploads\/2021\/12\/585d00ef-6be0-42ba-9c7b-756c8efb6297-300x177.jpg 300w, https:\/\/www.radiopiu.net\/wordpress\/wp-content\/uploads\/2021\/12\/585d00ef-6be0-42ba-9c7b-756c8efb6297.jpg 604w\" sizes=\"auto, (max-width: 300px) 100vw, 300px\" \/><\/a>\n\t\t\t\t<\/dt><\/dl><br style=\"clear: both\" \/><dl class='gallery-item'>\n\t\t\t\t<dt class='gallery-icon landscape'>\n\t\t\t\t\t<a class=\"rollover rollover-zoom dt-pswp-item\" title=\"02a0598f-02f1-49ed-b920-6603a1fc958b\" data-dt-img-description=\"\" data-large_image_width=\"606\" data-large_image_height=\"355\"href='https:\/\/www.radiopiu.net\/wordpress\/wp-content\/uploads\/2021\/12\/02a0598f-02f1-49ed-b920-6603a1fc958b.jpg'><img loading=\"lazy\" decoding=\"async\" width=\"300\" height=\"176\" src=\"https:\/\/www.radiopiu.net\/wordpress\/wp-content\/uploads\/2021\/12\/02a0598f-02f1-49ed-b920-6603a1fc958b-300x176.jpg\" class=\"attachment-medium size-medium\" alt=\"\" srcset=\"https:\/\/www.radiopiu.net\/wordpress\/wp-content\/uploads\/2021\/12\/02a0598f-02f1-49ed-b920-6603a1fc958b-300x176.jpg 300w, https:\/\/www.radiopiu.net\/wordpress\/wp-content\/uploads\/2021\/12\/02a0598f-02f1-49ed-b920-6603a1fc958b.jpg 606w\" sizes=\"auto, (max-width: 300px) 100vw, 300px\" \/><\/a>\n\t\t\t\t<\/dt><\/dl><dl class='gallery-item'>\n\t\t\t\t<dt class='gallery-icon landscape'>\n\t\t\t\t\t<a class=\"rollover rollover-zoom dt-pswp-item\" title=\"cfcb7b27-3c5e-41da-8794-8702ef878335\" data-dt-img-description=\"\" data-large_image_width=\"606\" data-large_image_height=\"380\"href='https:\/\/www.radiopiu.net\/wordpress\/wp-content\/uploads\/2021\/12\/cfcb7b27-3c5e-41da-8794-8702ef878335.jpg'><img loading=\"lazy\" decoding=\"async\" width=\"300\" height=\"188\" src=\"https:\/\/www.radiopiu.net\/wordpress\/wp-content\/uploads\/2021\/12\/cfcb7b27-3c5e-41da-8794-8702ef878335-300x188.jpg\" class=\"attachment-medium size-medium\" alt=\"\" srcset=\"https:\/\/www.radiopiu.net\/wordpress\/wp-content\/uploads\/2021\/12\/cfcb7b27-3c5e-41da-8794-8702ef878335-300x188.jpg 300w, https:\/\/www.radiopiu.net\/wordpress\/wp-content\/uploads\/2021\/12\/cfcb7b27-3c5e-41da-8794-8702ef878335.jpg 606w\" sizes=\"auto, (max-width: 300px) 100vw, 300px\" \/><\/a>\n\t\t\t\t<\/dt><\/dl>\n\t\t\t\t<br style='clear: both' \/>\n\t\t\t<\/div>\n\n<p>&nbsp;<\/p>\n<hr \/>\n<p>&nbsp;<\/p>\n<p>&nbsp;<\/p>\n<blockquote>\n<h3>ULSS 1 DOLOMITI: OGGI CHIUSI I DRIVE IN TAMPONE DI FELTRE, AGORDO E TAI DI CADORE<\/h3>\n<\/blockquote>\n<p><strong>BELLUNO <\/strong>A causa delle avverse condizioni meteo saranno chiusi oggi i drive in tamponi mattutini di Feltre e di Paludi e i drive in tamponi di Agordo e di Tai di Cadore. L\u2019Ulss Dolomiti si adoperer\u00e0 per mantenere attivo il drive tamponi pomeridiano di Paludi dalle 13.00 alle 19.00 al fine di garantire almeno in parte i tamponi di sorveglianza. I tamponi non eseguiti questa mattina a Feltre saranno \u201crecuperati\u201d il giorno successivo. I tamponi non eseguiti a Tai e Agordo saranno recuperati sabato.<\/p>\n<p>&nbsp;<\/p>\n<p>&nbsp;<\/p>\n<hr \/>\n<p>&nbsp;<\/p>\n<blockquote>\n<h3 class=\"entry-title\">VARIANTE OMICRON, UN ALTRO CASO IN VENETO<\/h3>\n<\/blockquote>\n<p><strong><img loading=\"lazy\" decoding=\"async\" class=\"alignleft\" src=\"https:\/\/www.radiopiu.net\/wordpress\/wp-content\/uploads\/2021\/12\/variante-sudafricana.jpg\" width=\"187\" height=\"107\" \/>VENEZIA<\/strong>\u00a0 Nuovo caso a Padova covid con variante Omicron,\u00a0 su una paziente di 77 anni, gi\u00e0 trattata con la terapia monoclonale. E\u2019 la notizia notizie fornita dalla dottoressa Antonia Ricci parlando della sequenziazione della variante Omicron in Veneto. E\u2019 il secondo caso dopo quello di Vicenza positivo dopo un viaggio in Sudafrica. Esaminati i tamponi dei famigliari, negativa la moglie e di uno dei due figli, l\u2019altro figlio \u00e8 risultato positivo anche se con variante delta e non omicron. Sono in corso le analisi sulla figlia pi\u00f9 piccola, anche lei positiva. Stanno tutti bene e con sintomi molto blandi<em>\u00a0\u201cQuesto conferma che i casi Omicron ad oggi sono casi lievi\u201d<\/em>\u00a0ha detto la dottoressa Ricci che ha aggiunto\u00a0<em>\u201cLa variante Omicron ha una probabilit\u00e0 di reinfezione pi\u00f9 alta. Lo studio \u00e8 di medici africani si tratta di un modello matematico che nasce dallo studio di casi abbastanza limitati. Ma non si tratta di fallimenti vaccinali, perch\u00e9 in Sudafrica il tasso di vaccinazione \u00e8 bassissimo\u201d.<\/em><\/p>\n<p>&nbsp;<\/p>\n<p>&nbsp;<\/p>\n<hr \/>\n<p>&nbsp;<\/p>\n<blockquote>\n<h3>ASSOCIAZIONI OPERANTI NEL COMUNE DI FELTRE: 43 MILA EURO A SOSTEGNO DELLE ATTIVIT\u00c0 PER L&#8217;ANNO 2021<\/h3>\n<\/blockquote>\n<p><strong>FELTRE <\/strong>Ammontano complessivamente a 43 mila euro le risorse individuate dalla giunta comunale nella sua ultima seduta quale supporto all&#8217;attivit\u00e0 delle associazioni operanti nel territorio comunale per l&#8217;annualit\u00e0 2021. Di queste, 20 mila saranno destinate ad associazioni culturali, ricreative, sociali ed ambientali; 23 mila \u00e8 invece il totale dei contributi che saranno messi a disposizione delle associazioni che operano in ambito sportivo. Gli assegnatari verranno individuati a seguito di un avviso pubblico che verr\u00e0 pubblicato nei prossimi giorni sul sito internet del Comune con i relativi moduli e in base al nuovo regolamento varato dal Consiglio Comunale nel 2019.<\/p>\n<p>&nbsp;<\/p>\n<p>&nbsp;<\/p>\n<hr \/>\n<p>&nbsp;<\/p>\n<blockquote>\n<h3>PONTE NELLE ALPI AL QUATTORDICESINO POSTO COME COMUNE RICICLONE<\/h3>\n<\/blockquote>\n<p><strong><a href=\"https:\/\/www.radiopiu.net\/wordpress\/giornale-radiopiu-09-dicembre-2021-direttore-mirko-mezzacasa\/dal_borgo_alla_premiazione_di_padova\/\" rel=\"attachment wp-att-247123\"><img loading=\"lazy\" decoding=\"async\" class=\"size-medium wp-image-247123 alignleft\" src=\"https:\/\/www.radiopiu.net\/wordpress\/wp-content\/uploads\/2021\/12\/Dal_Borgo_alla_premiazione_di_Padova-300x282.jpg\" alt=\"\" width=\"300\" height=\"282\" srcset=\"https:\/\/www.radiopiu.net\/wordpress\/wp-content\/uploads\/2021\/12\/Dal_Borgo_alla_premiazione_di_Padova-300x282.jpg 300w, https:\/\/www.radiopiu.net\/wordpress\/wp-content\/uploads\/2021\/12\/Dal_Borgo_alla_premiazione_di_Padova-1024x964.jpg 1024w, https:\/\/www.radiopiu.net\/wordpress\/wp-content\/uploads\/2021\/12\/Dal_Borgo_alla_premiazione_di_Padova-768x723.jpg 768w, https:\/\/www.radiopiu.net\/wordpress\/wp-content\/uploads\/2021\/12\/Dal_Borgo_alla_premiazione_di_Padova.jpg 1062w\" sizes=\"auto, (max-width: 300px) 100vw, 300px\" \/><\/a>PONTE NELLE ALPI <\/strong>Ancora una volta Ponte nelle Alpi \u00e8 tra i \u201cComuni rifiuti free\u201d. Il riconoscimento arriva direttamente da Legambiente. E, in questo senso, \u00e8 andata in scena a Padova una cerimonia di premiazione alla quale ha preso parte pure l\u2019assessore all\u2019Ambiente Pierluigi Dal Borgo, che ha ritirato il simbolico e prestigioso attestato: \u00abCon una differenziata del 91 per cento &#8211; afferma l\u2019assessore &#8211; e un residuo finale di 58 kg per abitante, il nostro Comune \u00e8 il pi\u00f9 performante della provincia di Belluno fra quelli con una popolazione tra 5.000 e 15.000 abitanti. E si \u00e8 classificato quindicesimo assoluto in ambito regionale\u00bb.<span class=\"gmail-Apple-converted-space\">\u00a0<\/span>In pi\u00f9, \u00e8 all\u2019orizzonte un ulteriore intervento per lo smaltimento di piccole quantit\u00e0 di amianto tramite Ponte Servizi: i cittadini in possesso di pezzi di lastre e camini in Eternit possono chiedere informazioni e prenotarsi per una raccolta straordinaria che si terr\u00e0 tra gennaio e febbraio 2022 ai seguenti recapiti: <a title=\"mailto:tecnico@ponteservizi.it\" href=\"mailto:tecnico@ponteservizi.it\">tecnico@ponteservizi.it<\/a>, 0437.999967 (interno 4) e 392.9317473.<span class=\"gmail-Apple-converted-space\">\u00a0<\/span>Rimanendo sempre nel perimetro delle tematiche ambientali, gioved\u00ec 9 riparte il mercato agricolo (esteso poi a tutti i gioved\u00ec, al Parco Ex Casa Rossa). E il weekend tra sabato 18 e domenica 19 \u00e8 in programma una mostra mercato allargata a tutte le realt\u00e0 del territorio: tra prodotti lattiero-caseari, ovini e caprini, insaccati, ortaggi, conserve, miele, vini e le particolarit\u00e0 dell\u2019artigianato, ce n\u2019\u00e8 per tutti i giusti. Anche in questo caso, l\u2019appuntamento \u00e8 al Parco Ex Casa Rossa.<span class=\"gmail-Apple-converted-space\">\u00a0<\/span><\/p>\n<p>&nbsp;<\/p>\n<p>&nbsp;<\/p>\n<hr \/>\n<p>&nbsp;<\/p>\n<blockquote>\n<h3>ARPAV E UNIVERSITA\u2019 DI PADOVA ASSUMONO L\u2019IMPORTANTE IMPEGNO DI ASSISTERE IL PROGRAMMA EUROPEO MED VERSO L\u2019OBIETTIVO DI NEUTRALITA\u2019 CLIMATICA<\/h3>\n<\/blockquote>\n<p><strong><a href=\"https:\/\/www.radiopiu.net\/wordpress\/lo-screening-dellaria-da-ponte-nelle-alpi-a-pedavena-testa-e-coda-della-val-belluna\/arpav-gds_4664-2-e1609325332442-696x371\/\" rel=\"attachment wp-att-204975\"><img loading=\"lazy\" decoding=\"async\" class=\"size-medium wp-image-204975 alignleft\" src=\"https:\/\/www.radiopiu.net\/wordpress\/wp-content\/uploads\/2021\/04\/Arpav-GDS_4664-2-e1609325332442-696x371-1-300x160.jpg\" alt=\"\" width=\"300\" height=\"160\" srcset=\"https:\/\/www.radiopiu.net\/wordpress\/wp-content\/uploads\/2021\/04\/Arpav-GDS_4664-2-e1609325332442-696x371-1-300x160.jpg 300w, https:\/\/www.radiopiu.net\/wordpress\/wp-content\/uploads\/2021\/04\/Arpav-GDS_4664-2-e1609325332442-696x371-1.jpg 696w\" sizes=\"auto, (max-width: 300px) 100vw, 300px\" \/><\/a>PADOVA <\/strong>Divenire una societ\u00e0 neutra dal punto di vista climatico \u00e8 sia una sfida primaria che un\u2019opportunit\u00e0 per costruire un futuro migliore per tutti. Per dare concreto impegno a questo obiettivo, il PROGRAMMA MED che opera nell\u2019area del mediterraneo, chieder\u00e0 a tutti i progetti che finanzier\u00e0 nel prossimo settennato di impegnarsi nel massimo contenimento delle emissioni clima alteranti e di compensare quelle inevitabili. Con il progetto WECAREMED, ARPAV e il Centro Interuniversitario sull\u2019Economia Pubblica (CRIEP) dell\u2019Universit\u00e0 di Padova hanno la possibilit\u00e0 di dare la propria assistenza specialistica al PROGRAMMA MED affinch\u00e9 esso possa verificare che questi obiettivi siano seriamente raggiunti e non siano solo facili slogan. Il progetto ha ottenuto il finanziamento di 476.000 euro per l&#8217;attivit\u00e0 di un anno, andando a concludersi a giugno 2022. Insieme all\u2019Agenzia ambientale del Veneto (capofila) e al Centro di Ricerca Interuniversitario di Economia Pubblica (CRIEP \u2013 prof. Luciano Greco) dell\u2019Universit\u00e0 di Padova, collaborano in partenariato l\u2019Universit\u00e0 di Siviglia (con il Dipartimento di Ingegneria Energetica) e l\u2019Universit\u00e0 di Salonicco (con il Laboratorio di Fisica). Il Programma Med, che opera su 13 Stati Europei \u00e8 da tempo impegnato nel promuovere lo sviluppo sostenibile nell\u2019area del mediterraneo, supportando concetti e pratiche innovative per l\u2019uso razionale delle risorse; con questa nuova iniziativa specificatamente mirata alla neutralit\u00e0 climatica, si dimostra ancora una volta impegnato in prima fila perch\u00e9 agli obiettivi europei sia dato una concreta e seria applicazione.<\/p>\n<p>&nbsp;<\/p>\n<p>&nbsp;<\/p>\n<hr \/>\n<p>&nbsp;<\/p>\n<blockquote>\n<h3>ULTIMI GIORNI PER PRESENTARE AD UNCEM LA MAPPATURA DEI DISSERVIZI TELEFONICI<\/h3>\n<\/blockquote>\n<p><strong><a href=\"https:\/\/www.radiopiu.net\/wordpress\/giornale-radiopiu-06-novembre-2020-direttore-mirko-mezzacasa\/logouncem_no_scritta-wdtr\/\" rel=\"attachment wp-att-170846\"><img loading=\"lazy\" decoding=\"async\" class=\"wp-image-170846 alignleft\" src=\"https:\/\/www.radiopiu.net\/wordpress\/wp-content\/uploads\/2020\/11\/logoUNCEM_no_scritta-wdtr-300x300.jpg\" alt=\"\" width=\"141\" height=\"141\" srcset=\"https:\/\/www.radiopiu.net\/wordpress\/wp-content\/uploads\/2020\/11\/logoUNCEM_no_scritta-wdtr-300x300.jpg 300w, https:\/\/www.radiopiu.net\/wordpress\/wp-content\/uploads\/2020\/11\/logoUNCEM_no_scritta-wdtr-150x150.jpg 150w, https:\/\/www.radiopiu.net\/wordpress\/wp-content\/uploads\/2020\/11\/logoUNCEM_no_scritta-wdtr.jpg 640w\" sizes=\"auto, (max-width: 141px) 100vw, 141px\" \/><\/a>ROMA<\/strong> C&#8217;\u00e8 tempo fino all&#8217;11 dicembre per partecipare alla mappatura, lanciata da Uncem, delle aree del Paese senza segnale telefonico per il proprio smartphone. Dove telefonare, mandare un messaggio, navigare su internet \u00e8 impossibile. Con gravi rischi anche per la sicurezza pubblica. Ultimi giorni per partecipare all&#8217;analisi, on line: tutti possono contribuire. Uncem vuole\u00a0agire su una grande emergenza del Paese che con la tv che non si vede e le zone montane senza banda ultralarga, \u00e8 la prima emergenza da colmare. Un problema di tutta l&#8217;Italia, non solo delle aree interne e montane, la telefonia mobile e le troppe zone dell&#8217;Italia senza copertura. Se l&#8217;Italia vuole essere tutta connessa, smart e intelligente, a prova di futuro, le infrastrutture di rete devono essere per tutti.<\/p>\n<p>&nbsp;<\/p>\n<p>&nbsp;<\/p>\n<hr \/>\n<p>&nbsp;<\/p>\n<blockquote>\n<h3>APERTA LA CAMPAGNA &#8220;GIU&#8217; LE MANI DALLA SANITA&#8217; BELLUNESE&#8221;. IL 12 DICEMBRE LA GIORNATA INTERNAZIONALE DELLA COPERTURA SANITARIA UNIVERSALE<\/h3>\n<\/blockquote>\n<p><strong><a href=\"https:\/\/www.radiopiu.net\/wordpress\/aperta-la-campagna-giu-le-mani-dalla-sanita-bellunese-il-12-dicembre-la-giornata-internazionale-della-copertura-sanitaria-universale\/schermata-2021-12-01-alle-16-15-29\/\" rel=\"attachment wp-att-246040\"><img loading=\"lazy\" decoding=\"async\" class=\"size-medium wp-image-246040 alignleft\" src=\"https:\/\/www.radiopiu.net\/wordpress\/wp-content\/uploads\/2021\/12\/Schermata-2021-12-01-alle-16.15.29-300x166.png\" alt=\"\" width=\"300\" height=\"166\" srcset=\"https:\/\/www.radiopiu.net\/wordpress\/wp-content\/uploads\/2021\/12\/Schermata-2021-12-01-alle-16.15.29-300x166.png 300w, https:\/\/www.radiopiu.net\/wordpress\/wp-content\/uploads\/2021\/12\/Schermata-2021-12-01-alle-16.15.29-1024x565.png 1024w, https:\/\/www.radiopiu.net\/wordpress\/wp-content\/uploads\/2021\/12\/Schermata-2021-12-01-alle-16.15.29-768x424.png 768w, https:\/\/www.radiopiu.net\/wordpress\/wp-content\/uploads\/2021\/12\/Schermata-2021-12-01-alle-16.15.29.png 1214w\" sizes=\"auto, (max-width: 300px) 100vw, 300px\" \/><\/a>FELTRE <\/strong>Il 12 dicembre \u00e8 la Giornata Internazionale della Copertura Sanitaria Universale, una ricorrenza importante istituita dalle Nazioni Unite che mira ad aumentare la consapevolezza rispetto alla necessit\u00e0 di avere sistemi sanitari che garantiscano cure sanitarie accessibili e di qualit\u00e0 a tutti. L&#8217;attuale emergenza sanitaria ci ha dimostrato con forza come la presenza di un sistema sanitario pubblico ed universalistico sia una questione dirimente per gli esiti di salute della popolazione e fondamentale nel garantire il diritto di cura per tutte le persone. &#8220;<em>Da gli organi d&#8217;informazione leggiamo molte notizie che segnalano le difficolt\u00e0 del sistema dei Servizi socio-sanitari nel nostro territorio, conseguenza sia di una inadeguata programmazione che di precise politiche che hanno contribuito ad un suo progressivo depotenziamento &#8211; dicono dal comitato feltrino per il diritto alla salute &#8211; Un processo che dura oramai da diversi anni e per questo non pi\u00f9 accettabile: in gioco infatti, c&#8217;\u00e8 il fondamentale diritto alla salute di tutte le persone<\/em>&#8220;. Per fare crescere la consapevolezza e la partecipazione rispetto a questo importante problema, perch\u00e9 il diritto alla salute coinvolge ed \u00e8 interesse di tutta la comunit\u00e0, la rete formata dal comitato feltrino per il diritto alla salute apre la campagna \u201cGi\u00f9 le mani dalla sanit\u00e0 bellunese\u201d. Per partecipare alla campagna, nel weekend del 11 e 12 dicembre 2021 si possono scaricare i cartelli che si trovano sul sito <a title=\"https:\/\/sanitabellunese.wixsite.com\/campagna\" href=\"https:\/\/sanitabellunese.wixsite.com\/campagna\" target=\"_blank\" rel=\"noopener\">https:\/\/sanitabellunese.wixsite.com\/campagna<\/a>, oppure si pu\u00f2 preparare un cartello, un disegno o uno striscione con la scritta \u201cGi\u00f9 le mani dalla sanit\u00e0 bellunese\u201d; scegliere un luogo simbolico e farsi una foto; pubblicare la foto nei profili social con l&#8217;hashtag<span style=\"color: #0000ff;\"> #sanit\u00e0bellunese<\/span> o inviare la foto all&#8217;indirizzo e-mail\u00a0 <span style=\"color: #0000ff;\"><a href=\"mailto:sanitabellunese@gmail.com\" target=\"_blank\" rel=\"noopener\">sanitabellunese@gmail.com <\/a><\/span>Si possono coinvolgere amici o familiari e cogliere l&#8217;occasione per promuovere la petizione \u201cGI\u00d9 LE MANI DALLA SANIT\u00c0 PUBBLICA &#8211; No alla chiusura di psichiatria a Feltre\u201d pubblicata sul sito <a href=\"https:\/\/change.org\/nochiusurapsichiatriafeltre\" target=\"_blank\" rel=\"noopener\">https:\/\/change.org\/nochiusurapsichiatriafeltre<\/a><\/p>\n<p>&nbsp;<\/p>\n<p>&nbsp;<\/p>\n<hr \/>\n<p>&nbsp;<\/p>\n<blockquote>\n<h3>BARD: AUGURI NATALIZI E CAMPAGNA PER LA SANIT\u00c0, DOPPIO IMPEGNO NEL WEEKEND<\/h3>\n<\/blockquote>\n<p><strong><a href=\"https:\/\/www.radiopiu.net\/wordpress\/giornale-radiopiu-09-dicembre-2021-direttore-mirko-mezzacasa\/bard-4\/\" rel=\"attachment wp-att-247298\"><img loading=\"lazy\" decoding=\"async\" class=\" wp-image-247298 alignleft\" src=\"https:\/\/www.radiopiu.net\/wordpress\/wp-content\/uploads\/2021\/12\/BARD-300x297.png\" alt=\"\" width=\"254\" height=\"251\" srcset=\"https:\/\/www.radiopiu.net\/wordpress\/wp-content\/uploads\/2021\/12\/BARD-300x297.png 300w, https:\/\/www.radiopiu.net\/wordpress\/wp-content\/uploads\/2021\/12\/BARD.png 452w\" sizes=\"auto, (max-width: 254px) 100vw, 254px\" \/><\/a>BELLUNO <\/strong>Sar\u00e0 il piccolo borgo di Funes di Chies d&#8217;Alpago a ospitare quest&#8217;anno i tradizionali auguri autonomisti del movimento Belluno Autonoma Regione Dolomiti: l&#8217;appuntamento \u00e8 per sabato 11 dicembre. Alle 16.00 visita al borgo, poi spazio agli auguri e all&#8217;iniziativa \u201cGi\u00f9 le mani dalla sanit\u00e0 bellunese\u201d, per chiudere la giornata alle 18.00 all&#8217;Osteria dai Tosat, sempre a Funes, con aperitivo e cena. Per info e adesioni (solo per la cena, entro gioved\u00ec 9 dicembre alle ore 14.00) \u00e8 necessario contattare Marinella al 328\/3398725. Il movimento, come anticipato, ha deciso di aderire alla campagna per il diritto alla salute \u201cGi\u00f9 le mani dalla sanit\u00e0 bellunese\u201d che nel fine settimana &#8211; in occasione della Giornata Internazionale della copertura sanitaria universale, istituita dalle Nazioni Unite, che ricorre il 12 dicembre \u2013 coinvolger\u00e0 la popolazione bellunese che, con disegni e cartelli, animer\u00e0 i social network per far crescere la consapevolezza e la partecipazione tra i cittadini bellunesi circa la situazione della sanit\u00e0 provinciale.<\/p>\n<p>&nbsp;<\/p>\n<p>&nbsp;<\/p>\n<hr \/>\n<p>&nbsp;<\/p>\n<blockquote>\n<h3>PNRR: I SINDACI DOVRANNO SPENDERE BEN 40 MILIARDI<\/h3>\n<\/blockquote>\n<p><strong><a href=\"https:\/\/www.radiopiu.net\/wordpress\/pnrr-i-sindaci-dovranno-spendere-ben-40-miliardi\/schermata-2021-12-08-alle-14-45-33\/\" rel=\"attachment wp-att-247327\"><img loading=\"lazy\" decoding=\"async\" class=\"size-medium wp-image-247327 alignleft\" src=\"https:\/\/www.radiopiu.net\/wordpress\/wp-content\/uploads\/2021\/12\/Schermata-2021-12-08-alle-14.45.33-300x181.png\" alt=\"\" width=\"300\" height=\"181\" srcset=\"https:\/\/www.radiopiu.net\/wordpress\/wp-content\/uploads\/2021\/12\/Schermata-2021-12-08-alle-14.45.33-300x181.png 300w, https:\/\/www.radiopiu.net\/wordpress\/wp-content\/uploads\/2021\/12\/Schermata-2021-12-08-alle-14.45.33-1024x617.png 1024w, https:\/\/www.radiopiu.net\/wordpress\/wp-content\/uploads\/2021\/12\/Schermata-2021-12-08-alle-14.45.33-768x463.png 768w, https:\/\/www.radiopiu.net\/wordpress\/wp-content\/uploads\/2021\/12\/Schermata-2021-12-08-alle-14.45.33.png 1042w\" sizes=\"auto, (max-width: 300px) 100vw, 300px\" \/><\/a>VENEZIA <\/strong>Con il PNRR ammontano a 66,4 miliardi le risorse destinate agli enti territoriali, si tratta di quasi il 35% dei 191,5 miliardi messi a disposizione dall\u2019Unione Europea al nostro Paese. I Sindaci, in particolar modo, saranno chiamati a giocare un ruolo importantissimo, visto che di questi 66,4 ne dovranno \u201cgestire\u201d ben 40 miliardi. E non sono pochi, soprattutto quelli a capo dei Comuni medio piccoli, che da tempo denunciano che con gli organici ridotti all\u2019osso sar\u00e0 un\u2019impresa ardua spendere bene e presto tutte le risorse a disposizione.E\u2019 questo il principale risultato emerso da una elaborazione realizzata dall\u2019Ufficio studi della CGIA per conto di ASMEL, l\u2019Associazione per la Sussidiariet\u00e0 e la Modernizzazione degli Enti Locali, che rappresenta 3726 Comuni in tutt\u2019Italia , il 47% del totale. Come dicevamo, sono molteplici e rilevanti i progetti che vedranno i Sindaci direttamente coinvolti come soggetti attuatori\/beneficiari, in cui assumeranno direttamente la responsabilit\u00e0 della loro realizzazione. Il PNRR si compone di 6 missioni e ad eccezione della Missione 6, dedicata alla \u201csalute\u201d, e della Missione 3, relativa alle \u201cInfrastrutture per una mobilit\u00e0 sostenibile\u201d, gli enti territoriali saranno chiamati a intervenire in tutti gli altri 4 ambiti. In particolare, ai Comuni e alle Citt\u00e0 metropolitane sono potenzialmente destinati quasi 40 miliardi di euro. Si tratta di risorse destinate in senso lato e per larga maggioranza ai Comuni e Citt\u00e0 Metropolitane che tuttavia, in modo residuale, potrebbero anche essere utilizzate per Province, Regioni, Autorit\u00e0 d\u2019Ambito ecc. Complessivamente queste risorse rappresentano il 20% del PNRR. Importante il ruolo dei Comuni nella realizzazione delle Missioni 5 \u201cInclusione e coesione\u201d e Missione 4 \u201cIstruzione e Ricerca\u201d impiegando rispettivamente oltre la met\u00e0 (57,5%) e quasi un terzo (31,6%) delle risorse del PNRR per quelle specifiche Missioni. La Missione 5 \u201cInclusione e coesione\u201d destina risorse per l\u2019attuazione di politiche per il lavoro, e per il territorio ed \u00e8 proprio sotto quest\u2019ultimo aspetto che gli enti territoriali sono chiamati ad intervenire. I Comuni e gli altri enti parteciperanno come soggetti attuatori ai bandi al fine di effettuare interventi di rigenerazione urbana e social housing e di rafforzare il ruolo dei servizi sociali territoriali a favore dei cittadini, tutelando i soggetti senza fissa dimora, promuovendo lo sport quale strumento di inclusione sociale, supportando la strategia nazionale a favore delle aree interne, valorizzando i beni confiscati alle mafie. Un intervento prezioso che vedr\u00e0 i Comuni mettere in campo le proprie conoscenze e professionalit\u00e0 proprio nelle materie di loro competenza. La Missione 4 che mira a rafforzare l\u2019Istruzione e la ricerca quali basilari condizioni per garantire lo sviluppo di un sistema economico, interviene sull\u2019intero ciclo di formazione sino ad arrivare all\u2019inserimento dei giovani nel mondo del lavoro. In questo contesto ai Comuni \u00e8 dato il compito di potenziare l\u2019offerta dei primi gradi istruzione (asili nido, scuole d\u2019infanzia) sia intervenendo sulle infrastrutture (edifici scolastici e strutture sportive) che sulla qualit\u00e0 del servizio, in questo senso va letto l\u2019estensione del tempo pieno e il maggior utilizzo delle mense. Il Segretario generale ASMEL, Francesco Pinto, afferma: \u201cPer i Comuni, in particolar modo quelli medio piccoli, si apre una delicata fase in cui le scelte di oggi avranno un impatto positivo per il domani solo se le risorse saranno correttamente investite. Le risorse arriveranno solo a condizione che siano rispettati numerosi traguardi e obiettivi, in tutto ve ne sono 527. Diventa quindi prioritario che le Amministrazioni comunali siano lasciate lavorare e si creino le migliori condizioni per portare a termine i propri compiti, riducendo gli adempimenti burocratici. Il PNRR costituisce un\u2019opportunit\u00e0 strategica di semplificazione e di efficienza ed \u00e8 perci\u00f2 necessario investire sulla sussidiariet\u00e0 e non sul centralismo. Ci\u00f2 significa \u2013 come emerge dall\u2019esperienza di ASMEL \u2013 puntare sulla professionalizzazione delle risorse interne, creare delle strutture di supporto, semplificare gli adempimenti attraverso la digitalizzazione delle procedure e investire nella capacit\u00e0 del territorio di individuare e perseguire le soluzioni ottimali. Di qui anche l\u2019importanza di rispettare l\u2019autonomia comunale nello scegliere le soluzioni operative pi\u00f9 adatte al raggiungimento dei risultati attesi, senza calare dall\u2019alto soluzioni precostituite che rischiano di disperdere le risorse o di concentrarle nelle mani di pochi decisori\u201d.<\/p>\n<p>&nbsp;<\/p>\n<hr \/>\n<p>&nbsp;<\/p>\n<p>&nbsp;<\/p>\n<blockquote class=\"wp-embedded-content\" data-secret=\"2GfsU0n4Bh\"><p><a href=\"https:\/\/www.radiopiu.net\/wordpress\/su-il-sipario-il-ritorno-della-musica-al-teatro-pierobon\/\">SU IL SIPARIO, IL RITORNO DELLA MUSICA AL TEATRO &#8220;PIEROBON&#8221;<\/a><\/p><\/blockquote>\n<p><iframe loading=\"lazy\" class=\"wp-embedded-content\" sandbox=\"allow-scripts\" security=\"restricted\" style=\"position: absolute; clip: rect(1px, 1px, 1px, 1px);\" title=\"&#8220;SU IL SIPARIO, IL RITORNO DELLA MUSICA AL TEATRO &#8220;PIEROBON&#8221;&#8221; &#8212; Radio Pi\u00f9\" src=\"https:\/\/www.radiopiu.net\/wordpress\/su-il-sipario-il-ritorno-della-musica-al-teatro-pierobon\/embed\/#?secret=2GfsU0n4Bh\" data-secret=\"2GfsU0n4Bh\" width=\"600\" height=\"338\" frameborder=\"0\" marginwidth=\"0\" marginheight=\"0\" scrolling=\"no\"><\/iframe><\/p>\n<p>&nbsp;<\/p>\n<p>&nbsp;<\/p>\n<hr \/>\n<p>&nbsp;<\/p>\n<blockquote>\n<h3>APRE IL CAMPO SCUOLA A FORCELLA AURINE<\/h3>\n<\/blockquote>\n<p><strong>GOSALDO<\/strong> Apre il campo scuola di Aurine Ski Dolomiti e rimarr\u00e0 aperto fino a natale anche nei fine settimana. Gioved\u00ec e venerd\u00ec aperti dalle 9 alle 16:30. Per informazioni 0437 1948062 oppure 347 8888973<\/p>\n<p>&nbsp;<\/p>\n<p>&nbsp;<\/p>\n<hr \/>\n<p>&nbsp;<\/p>\n<blockquote>\n<h3>LA MONTAGNA DEL FUTURO, IL CONVEGNO CON LA ANGELINI<\/h3>\n<p><em>Iniziativa finanziata nell&#8217;ambito dell&#8217;Accordo tra Presidenza del Consiglio dei Ministri e Regione del Veneto per la valorizzazione dei territori colpiti dall&#8217;Evento Vaia in memoria della Grande Guerra<\/em><\/p><\/blockquote>\n<p><strong>BELLUNO<\/strong> Sabato 11 dicembre alle 9 in sala Bianchi (Viale Fantuzzi) convegno La Montagna del Futuro per iniziativa della Fondazione Centro Studi Angelini. Dalle 9: \u00a0saluti delle autorit\u00e0; visione cortometraggio DISORDINATO INTRECCIO DI ARMONIA; \u00a0presentazione percorsi partecipativi: QUALI PROPOSTE PER IL FUTURO? \u00a0Davide Pettenella &#8211; EVOLUZIONE ECONOMICA DEL SETTORE AGRICOLO-FORESTALE;\u00a0 Clip di Benedetta Castiglioni e Alex Pra; Marco Marchetti &#8211; LE PROSSIME SFIDE DELLA MONTAGNA; \u00a0Clip di Walter Musizza e Sara Luchetta;\u00a0 presentazione sito web LE FERITE DEL PAESAGGIO; Giacomo Bonan &#8211; USO DEI BOSCHI E MONTAGNA BELLUNESE; Sabrina Meneghello &#8211; PAESAGGIO E TURISMO NELLA MONTAGNA BELLUNESE.<\/p>\n<p>&nbsp;<\/p>\n<hr \/>\n<blockquote>\n<h3><\/h3>\n<h3>UNA SERATA ALLA SCOPERTA DELL&#8217;ALPINISMO ESPLORATIVO CON IL CAI DI FELTRE<\/h3>\n<\/blockquote>\n<p><strong><a href=\"https:\/\/www.radiopiu.net\/wordpress\/giornale-radiopiu-06-dicembre-2021-direttore-mirko-mezzacasa\/diego-6\/\" rel=\"attachment wp-att-246675\"><img loading=\"lazy\" decoding=\"async\" class=\"wp-image-246675 alignleft\" src=\"https:\/\/www.radiopiu.net\/wordpress\/wp-content\/uploads\/2021\/12\/Diego-212x300.jpg\" alt=\"\" width=\"144\" height=\"203\" srcset=\"https:\/\/www.radiopiu.net\/wordpress\/wp-content\/uploads\/2021\/12\/Diego-212x300.jpg 212w, https:\/\/www.radiopiu.net\/wordpress\/wp-content\/uploads\/2021\/12\/Diego-724x1024.jpg 724w, https:\/\/www.radiopiu.net\/wordpress\/wp-content\/uploads\/2021\/12\/Diego-768x1086.jpg 768w, https:\/\/www.radiopiu.net\/wordpress\/wp-content\/uploads\/2021\/12\/Diego-1086x1536.jpg 1086w, https:\/\/www.radiopiu.net\/wordpress\/wp-content\/uploads\/2021\/12\/Diego.jpg 1414w\" sizes=\"auto, (max-width: 144px) 100vw, 144px\" \/><\/a>FELTRE <\/strong>\u201cDal Sass de Mura al Bosconero tra roccia e ghiaccio. Alpinismo esplorativo sulle Alpi Feltrine, Monti del Sole e Dolomiti Bellunesi.\u201d E&#8217; questo il titolo della serata che il Comune di Feltre propone, in collaborazione con la locale sezione del CAI, per oggi alle 20.30 presso la sala conferenze del Museo Diocesano di Arte Sacra in via Paradiso. Protagonista dell&#8217;incontro sar\u00e0 Diego Toigo. Nato e cresciuto nel feltrino, artigiano di professione, Toigo ha all\u2019attivo un\u2019intensa attivit\u00e0 alpinistica dalle Dolomiti ai graniti delle Alpi centrali e occidentali, e poi cascate di ghiaccio, misto e alta quota fino alle cime della Patagonia. Ma \u00e8 tra le montagne di casa che l\u2019alpinista di Arten di Fonzaso ha trovato la sua dimensione, ripetendo e aprendo diversi nuovi itinerari sulle Vette Feltrine, nei Monti del Sole, nel gruppo dell\u2019Agner e sulle Pale di San Lucano. Un appuntamento da\u00a0 non perdere, per appassionati e non, alla scoperta delle meravigliose bellezze delle nostre cime. Ingresso libero sino ad esaurimento dei posti. Per l&#8217;accesso alla sala \u00e8 necessario esibire un green pass in corso di validit\u00e0.<\/p>\n<p>&nbsp;<\/p>\n<p>&nbsp;<\/p>\n<hr \/>\n<p>&nbsp;<\/p>\n<blockquote>\n<h3>UNIONE ITALIANA CIECHI FESTEGGIA SANTA LUCIA<\/h3>\n<\/blockquote>\n<p><strong>BELLUNO<\/strong> L\u2019Unione Italiana dei Ciechi e degli Ipovedenti ONLUS APS sezione territoriale di Belluno, in collaborazione con il Movimento Apostolico Ciechi diocesano, organizza la celebrazione della 63\u00b0 Giornata Nazionale del Cieco \u2013 Festa di Santa Lucia &#8211;\u00a0 che avr\u00e0 luogo a Belluno domenica mattina al centro congressi Giovanni XXIII.<\/p>\n<p>&nbsp;<\/p>\n<p>&nbsp;<\/p>\n<hr \/>\n<p>&nbsp;<\/p>\n<blockquote>\n<h3>FILM D&#8217;AZIONE NELLA SALA CONFERENZE DEL MUNCIPIO<\/h3>\n<\/blockquote>\n<p><strong><a href=\"https:\/\/www.radiopiu.net\/wordpress\/giornale-radiopiu-07-dicembre-2021-direttore-mirko-mezzacasa\/03-the-bird-_-the-whale\/\" rel=\"attachment wp-att-246948\"><img loading=\"lazy\" decoding=\"async\" class=\"size-medium wp-image-246948 alignleft\" src=\"https:\/\/www.radiopiu.net\/wordpress\/wp-content\/uploads\/2021\/12\/03-The-Bird-_-the-Whale-300x198.jpeg\" alt=\"\" width=\"300\" height=\"198\" srcset=\"https:\/\/www.radiopiu.net\/wordpress\/wp-content\/uploads\/2021\/12\/03-The-Bird-_-the-Whale-300x198.jpeg 300w, https:\/\/www.radiopiu.net\/wordpress\/wp-content\/uploads\/2021\/12\/03-The-Bird-_-the-Whale-768x507.jpeg 768w, https:\/\/www.radiopiu.net\/wordpress\/wp-content\/uploads\/2021\/12\/03-The-Bird-_-the-Whale.jpeg 800w\" sizes=\"auto, (max-width: 300px) 100vw, 300px\" \/><\/a>CENCENIGHE\u00a0 <\/strong>Arriva anche nell\u2019agordino il progetto \u201cCOndiVIDiamo: le relazioni che fanno comunit\u00e0\u201d,Il Comune di Cencenighe Agordino ospiter\u00e0 infatti un pomeriggio di cortometraggi per bambine e bambini, e relativi genitori, organizzato da Dolomiti Hub con la collaborazione operativa del Centro Studi Bellunese.<\/p>\n<blockquote><p>Sabato alle\u00a0 17 nella sala conferenze del Municipio, verr\u00e0 proposta una serie di piccoli film d\u2019animazione a cura di Lago Film Fest, tra i pi\u00f9 noti festival internazionali di cinema indipendente, che ha sempre avuto un\u2019attenzione per il pubblico dei pi\u00f9 piccoli in collaborazione con UNICEF. A Cencenighe, in un pomeriggio dedicato al paesaggio e all\u2019ambiente, cortometraggi provenienti da tutto il mondo racconteranno alle bambine e ai bambini paesaggi e animali lontani, biodiversit\u00e0 necessarie che caratterizzano e rendono meraviglioso il nostro pianeta. Secondo quanto previsto dalle normative nazionali, a partire dai 12 anni di et\u00e0 per partecipare all\u2019evento \u00e8 obbligatorio esibire il green pass. La partecipazione \u00e8 gratuita, su iscrizione: <a href=\"https:\/\/dolomitihub.it\/cinema-paesaggio-e-ambiente\/\">https:\/\/dolomitihub.it\/cinema-paesaggio-e-ambiente\/<\/a><\/p><\/blockquote>\n<p>&nbsp;<\/p>\n<p>&nbsp;<\/p>\n<hr \/>\n<p>&nbsp;<\/p>\n<blockquote>\n<h3>A VILLA PATT DI SEDICO IL PARCO INCONTRA CHI OPERA SUL TERRITORIO<\/h3>\n<\/blockquote>\n<p><strong>FELTRE<\/strong> Il Parco Nazionale delle Dolomiti Bellunese ha aggiornato il Piano del Parco (scaricabile e consultabile dal sito www.dolomitipark.it). Per illustrare questo passaggio\u00a0 l\u2019Ente Parco ha deciso di organizzare un <strong>incontro pubblico<\/strong> rivolto a singoli e associazioni operanti sul territorio, il giorno <strong>13 dicembre<\/strong> dalle <strong>11<\/strong> alle\u00a0 13 presso la <strong>sala conferenze di Villa Patt a Sedico<\/strong>. Chi intende partecipare all\u2019incontro dovr\u00e0 prenotarsi al numero 0439.3328.<\/p>\n<p>&nbsp;<\/p>\n<p>&nbsp;<\/p>\n<hr \/>\n<p>&nbsp;<\/p>\n<h3><span style=\"color: #0000ff;\">INFORMAZIONE il canale su TELEGRAM informazione di prima mano e in tempo reale. iscriviti ed aiutaci a farlo conoscere\u00a0 \u00a0<\/span><\/h3>\n<p>&nbsp;<\/p>\n<hr \/>\n<p>&nbsp;<\/p>\n<blockquote>\n<h3><strong>ARCHIVIO A PUNTATE&#8230;. PIERANTONIO ZANCHETTA VIDEO 2\u00a0<\/strong><\/h3>\n<p><strong>IL BIOTOPO DI GARES-CANALE D&#8217;AGORDO<\/strong><\/p><\/blockquote>\n<div style=\"width: 720px;\" class=\"wp-video\"><video class=\"wp-video-shortcode\" id=\"video-247060-1\" width=\"720\" height=\"576\" preload=\"metadata\" controls=\"controls\"><source type=\"video\/mp4\" src=\"https:\/\/www.radiopiu.net\/wordpress\/wp-content\/uploads\/2021\/12\/Il-biotopo-di-Gares.mp4?_=1\" \/><a href=\"https:\/\/www.radiopiu.net\/wordpress\/wp-content\/uploads\/2021\/12\/Il-biotopo-di-Gares.mp4\">https:\/\/www.radiopiu.net\/wordpress\/wp-content\/uploads\/2021\/12\/Il-biotopo-di-Gares.mp4<\/a><\/video><\/div>\n<p>&nbsp;<\/p>\n<p>&nbsp;<\/p>\n<hr \/>\n<blockquote>\n<h3><\/h3>\n<h3>VERRA&#8217; PRESENTATO A BOJANO IL LIBRO SULLA VITA DI DON STEFANO GORZEGNO<\/h3>\n<\/blockquote>\n<p><strong>VOLTAGO <\/strong>E&#8217; in programma per domenica 12 dicembre a Bojano (Campobasso) la presentazione del libro sulla vita di Don Stefano Gorzegno, parroco anche di Voltago. &#8220;Arrivederci in paradiso&#8221; il titolo dell&#8217;opera a cura di Francesco Mercanti che racconta la vita e il carisma del Don che nel 2003 mor\u00ec a 44 anni dopo aver salvato 7 persone, tra cui molti bimbi, dall&#8217;annegamento in mare. Non solo il libro ma anche un concerto in ricordo del parroco. Questo avverr\u00e0 a Verona in occasione del Natale. Il tutto \u00e8 organizzato anche dall&#8217;associazione &#8220;Amici di Don Stefano Gorzegno&#8221;<\/p>\n<p><strong>LA PRESENTAZIONE DEL CONCERTO DI VERONA<\/strong><\/p>\n<p><iframe loading=\"lazy\" title=\"Concerto di Natale &#039;Emmanuele Dio con noi&#039;. Assessore Briani\" width=\"1200\" height=\"675\" src=\"https:\/\/www.youtube.com\/embed\/6dCHKy82lHI?feature=oembed\" frameborder=\"0\" allow=\"accelerometer; autoplay; clipboard-write; encrypted-media; gyroscope; picture-in-picture\" allowfullscreen><\/iframe><\/p>\n<p>&nbsp;<\/p>\n<p><strong>LA LOCANDINA DELLA PRESENTAZIONE DEL LIBRO A BOJANO<\/strong><\/p>\n\n\t\t\t<style type='text\/css'>\n\t\t\t\t#gallery-3 {\n\t\t\t\t\tmargin: auto;\n\t\t\t\t}\n\t\t\t\t#gallery-3 .gallery-item {\n\t\t\t\t\tfloat: left;\n\t\t\t\t\tmargin-top: 10px;\n\t\t\t\t\ttext-align: center;\n\t\t\t\t\twidth: 100%;\n\t\t\t\t}\n\t\t\t\t#gallery-3 img {\n\t\t\t\t\tborder: 2px solid #cfcfcf;\n\t\t\t\t}\n\t\t\t\t#gallery-3 .gallery-caption {\n\t\t\t\t\tmargin-left: 0;\n\t\t\t\t}\n\t\t\t\t\/* see gallery_shortcode() in wp-includes\/media.php *\/\n\t\t\t<\/style>\n\t\t<div id='gallery-3' class='dt-gallery-container gallery galleryid-247060 gallery-columns-1 gallery-size-medium'><dl class='gallery-item'>\n\t\t\t\t<dt class='gallery-icon portrait'>\n\t\t\t\t\t<a class=\"rollover rollover-zoom dt-pswp-item\" title=\"d1a57b46-63dd-4f06-9e02-6ebb3f65f386\" data-dt-img-description=\"\" data-large_image_width=\"728\" data-large_image_height=\"1024\"href='https:\/\/www.radiopiu.net\/wordpress\/wp-content\/uploads\/2021\/12\/d1a57b46-63dd-4f06-9e02-6ebb3f65f386.jpg'><img loading=\"lazy\" decoding=\"async\" width=\"213\" height=\"300\" src=\"https:\/\/www.radiopiu.net\/wordpress\/wp-content\/uploads\/2021\/12\/d1a57b46-63dd-4f06-9e02-6ebb3f65f386-213x300.jpg\" class=\"attachment-medium size-medium\" alt=\"\" srcset=\"https:\/\/www.radiopiu.net\/wordpress\/wp-content\/uploads\/2021\/12\/d1a57b46-63dd-4f06-9e02-6ebb3f65f386-213x300.jpg 213w, https:\/\/www.radiopiu.net\/wordpress\/wp-content\/uploads\/2021\/12\/d1a57b46-63dd-4f06-9e02-6ebb3f65f386.jpg 728w\" sizes=\"auto, (max-width: 213px) 100vw, 213px\" \/><\/a>\n\t\t\t\t<\/dt><\/dl><br style=\"clear: both\" \/>\n\t\t\t<\/div>\n\n<p>&nbsp;<\/p>\n<hr \/>\n<p>&nbsp;<\/p>\n<p>&nbsp;<\/p>\n<blockquote>\n<h2>Incontri al Museo diocesano Libri, studi, ricerche, presentazioni con gli autori<\/h2>\n<\/blockquote>\n<p><strong><a href=\"https:\/\/www.radiopiu.net\/wordpress\/giornale-radiopiu-06-dicembre-2021-direttore-mirko-mezzacasa\/324057_pbl_vol_tesori_darte_cop_ok-indd\/\" rel=\"attachment wp-att-246834\"><img loading=\"lazy\" decoding=\"async\" class=\" wp-image-246834 alignleft\" src=\"https:\/\/www.radiopiu.net\/wordpress\/wp-content\/uploads\/2021\/12\/TesoridArte_CopertinaLibro-224x300.jpg\" alt=\"\" width=\"167\" height=\"224\" srcset=\"https:\/\/www.radiopiu.net\/wordpress\/wp-content\/uploads\/2021\/12\/TesoridArte_CopertinaLibro-224x300.jpg 224w, https:\/\/www.radiopiu.net\/wordpress\/wp-content\/uploads\/2021\/12\/TesoridArte_CopertinaLibro-765x1024.jpg 765w, https:\/\/www.radiopiu.net\/wordpress\/wp-content\/uploads\/2021\/12\/TesoridArte_CopertinaLibro-768x1028.jpg 768w, https:\/\/www.radiopiu.net\/wordpress\/wp-content\/uploads\/2021\/12\/TesoridArte_CopertinaLibro-1147x1536.jpg 1147w, https:\/\/www.radiopiu.net\/wordpress\/wp-content\/uploads\/2021\/12\/TesoridArte_CopertinaLibro-1529x2048.jpg 1529w, https:\/\/www.radiopiu.net\/wordpress\/wp-content\/uploads\/2021\/12\/TesoridArte_CopertinaLibro-scaled.jpg 1912w\" sizes=\"auto, (max-width: 167px) 100vw, 167px\" \/><\/a>BELLUNO<\/strong>\u00a0 Continua l\u2019iniziativa promossa dal Comitato Scientifico del Museo diocesano Belluno-Feltre \u201cIncontri al Museo diocesano\u201d, un ciclo di conferenze e presentazioni di libri per approfondire storia e arte del territorio locale e nazionale.<\/p>\n<p>Il prossimo appuntamento \u00e8 previsto per domani, alle 20.30. Verr\u00e0 presentato l\u2019ultimo volume monografico della collana \u201cTesori d\u2019arte nelle chiese del Bellunese\u201d, dedicato all\u2019altare a battenti della chiesa di S. Maria di Pieve di Cadore. Interverranno la curatrice, Letizia Lonzi \u2013 storica dell\u2019arte e componente del comitato scientifico del Museo diocesano \u2013 e le autrici di due contributi del volume, la storica dell\u2019arte Marta Mazza e la restauratrice Milena Dean.<\/p>\n<p>Venerd\u00ec 17 dicembre ci sar\u00e0 l\u2019ultimo incontro, quello della presentazione del libro di Zuleika Murat e Paolo Vedovetto, Il patriarcato di Aquileia: identit\u00e0, liturgia e arte (secoli V-XV), Viella, Roma 2021.<\/p>\n<p>Gli incontri si svolgono nella sala conferenze del Museo diocesano di Feltre (via Paradiso 19). Ingresso libero fino ad esaurimento posti (45 persone). Per l\u2019accesso sar\u00e0 necessario esibire il green pass. Per informazioni: info@museodiocesanobellunofeltre.it Tel. 0439844082 www.museodiocesanobellunofeltre.it<\/p>\n<p>&nbsp;<\/p>\n<p>&nbsp;<\/p>\n<p>&nbsp;<\/p>\n<hr \/>\n<p>&nbsp;<\/p>\n<blockquote>\n<h3>BOSCHI A NATALE IL 12 DICEMBRE<\/h3>\n<\/blockquote>\n<p><strong><a href=\"https:\/\/www.radiopiu.net\/wordpress\/giornale-radiopiu-06-dicembre-2021-direttore-mirko-mezzacasa\/valmorel-limana\/\" rel=\"attachment wp-att-246720\"><img loading=\"lazy\" decoding=\"async\" class=\"size-medium wp-image-246720 alignleft\" src=\"https:\/\/www.radiopiu.net\/wordpress\/wp-content\/uploads\/2021\/12\/valmorel-limana-300x202.jpg\" alt=\"\" width=\"300\" height=\"202\" srcset=\"https:\/\/www.radiopiu.net\/wordpress\/wp-content\/uploads\/2021\/12\/valmorel-limana-300x202.jpg 300w, https:\/\/www.radiopiu.net\/wordpress\/wp-content\/uploads\/2021\/12\/valmorel-limana-1024x691.jpg 1024w, https:\/\/www.radiopiu.net\/wordpress\/wp-content\/uploads\/2021\/12\/valmorel-limana-768x518.jpg 768w, https:\/\/www.radiopiu.net\/wordpress\/wp-content\/uploads\/2021\/12\/valmorel-limana.jpg 1338w\" sizes=\"auto, (max-width: 300px) 100vw, 300px\" \/><\/a>SOSPIROLO<\/strong> Ritorna la rassegna \u201cBoschi a Natale\u201d e la risposta delle Pro Loco Bellunesi non si fa attendere. Si tratta dell&#8217;evento dedicato alla scoperta di aree naturali e zone boschive di tutto il territorio veneto, promosso da Unpli Veneto e Regione del Veneto. Gli eventi bellunesi si svolgeranno tutti domenica 12 dicembre mentre, nel complesso, le passeggiate toccheranno sei province e 24 luoghi che spiccano per paesaggi e bellezze naturalistiche. Gli eventi di Belluno:\u00a0 Perarolo di Cadore propone una passeggiata \u201cTra i boschi del Centro Cadore\u201d con partenza alle 9.30 (punto di ritrovo in Piazza Boni a Caralte) e una formula di difficolt\u00e0 media per la durata di 4 ore. Auronzo propone invece una facile passeggiata di 1 ora e trenta al Lago di Santa Caterina, con partenza alle 10 (ritrovo in piazzale lago in via Zardus 35). Limana accoglier\u00e0 i partecipanti tra \u201cBoschi e Malghe a Valmorel\u201d, un facile itinerario di 2 ore e trenta circa tra le 9.30 e le 14 (ritrovo in piazza a Valmorel). Sospirolo accoglie un itinerario tra le Masiere e Sass Muss di 2 ore circa con partenza alle 10 (ritrovo in localit\u00e0 Gron\/Ai Fant 146). Valle di Cadore sceglie sempre itinerario semplice e 2 ore di marcia tra i boschi locali con partenza alle 10 (ritrovo in via della Stazione 6 a Venas di Cadore).<\/p>\n<p>&nbsp;<\/p>\n<p>&nbsp;<\/p>\n<hr \/>\n<p>&nbsp;<\/p>\n<blockquote>\n<h3>IL CAI AGORDO INCONTRA I COLLABORATORI<\/h3>\n<\/blockquote>\n<p><strong>AGORDO<\/strong> La Sezione Agordina del CAI \u00e8 lieta di invitare tutti coloro che in qualsiasi modo hanno collaborato nelle attivit\u00e0 nel 2021 al consueto incontro convivialeche si terr\u00e0 venerd\u00ec alle ore 17.30\/18.00 presso la Pizzeria Agordina ad Agordo. Il Direttivo sezionale rammenta che in ottemperanza alle nuove disposizioni in vigore\u00a0 \u00e8 previsto il possesso del <u>Green Pass Rafforzato<\/u>.<\/p>\n<p>&nbsp;<\/p>\n<p>&nbsp;<\/p>\n<hr \/>\n<p>&nbsp;<\/p>\n<blockquote>\n<h3>DUE DOMENICHE CON IL MERCATINO DELL&#8217;OGGETTO RITROVATO<\/h3>\n<\/blockquote>\n<p><strong>FELTRE<\/strong> A dicembre gli appuntamenti con la Fiera dell&#8217;Oggetto Ritrovato di Feltre saranno due. Le domeniche del 12\/12 e del 19\/12 due speciali edizioni natalizie del mercatino dell&#8217;antiquariato e dell&#8217;usato, che per l&#8217;occasione sar\u00e0 aperto anche ad artigianato e prodotti del proprio ingegno, insomma tutto quello che pu\u00f2 rappresentare un regalo di Natale. Mercanti e hobbisti da tutto il triveneto esporranno oggetti di antiquariato e usato vari, tra mobili, oggettistica, libri, vestiti, vintage, orologi, monete, medaglie, cartoline e vinili, hobbismo e artigianato. L\u2019accesso al mercatino dovr\u00e0 avvenire nel rispetto delle normative anti covid vigenti.<\/p>\n<p>&nbsp;<\/p>\n<p>&nbsp;<\/p>\n<hr \/>\n<p>&nbsp;<\/p>\n<blockquote>\n<h3>A SANTA GIUSTINA LA PRESENTAZIONE DE \u201cI MIRACOLI DI VAL CANZOI\u201d<\/h3>\n<\/blockquote>\n<p><strong>SANTA GIUSTINA\u00a0<\/strong> La programmazione natalizia dell\u2019Assessorato alla Cultura del Comune di Santa Giustina inizier\u00e0 martedi\u00a0 con una serata di conversazione intorno al libro \u201cI miracoli di Val Canzoi\u201d. L\u2019opera a due mani sar\u00e0 illustrata da Giovanni Trimeri (autore dei racconti) e Gianantonio Cecchin (autore delle immagini) con il supporto delle due lettrici Antonella Tafner e Silvana Vignaga che renderanno vive le storie che tra leggenda e attualit\u00e0 compongono un\u2019opera autonoma rispetto ai celebri \u201cMiracoli di ValMorel\u201d buzzatiani cui essa rende omaggio. Altri appuntamenti: 26 dicembre al Centro Culturale mostra di bambole antiche curata da Stefano Cassol, con la collezione di Lia Brustolon. Il 2 gennaio alle 20.45 nella palestra comunale delle scuole medie rassegna &#8220;Emozioni e suggestioni&#8221; curata da Carlo De Agnoi, con proiezioni che sul tema.<\/p>\n<p>&nbsp;<\/p>\n<p>&nbsp;<\/p>\n<hr \/>\n<p>&nbsp;<\/p>\n<h2><span style=\"color: #ff0000;\">IERI ALLA RADIO\u00a0<\/span><\/h2>\n<h2><strong><a href=\"https:\/\/www.radiopiu.net\/wordpress\/aperta-la-vertik-area-di-san-tomaso-a-giorni-anche-lapertura-del-ristorante\/6c737a61-460c-4bac-b5eb-5e3369ac1dd2\/\" rel=\"attachment wp-att-247129\"><img loading=\"lazy\" decoding=\"async\" class=\"size-medium wp-image-247129 alignleft\" src=\"https:\/\/www.radiopiu.net\/wordpress\/wp-content\/uploads\/2021\/12\/6c737a61-460c-4bac-b5eb-5e3369ac1dd2-300x225.jpg\" alt=\"\" width=\"300\" height=\"225\" srcset=\"https:\/\/www.radiopiu.net\/wordpress\/wp-content\/uploads\/2021\/12\/6c737a61-460c-4bac-b5eb-5e3369ac1dd2-300x225.jpg 300w, https:\/\/www.radiopiu.net\/wordpress\/wp-content\/uploads\/2021\/12\/6c737a61-460c-4bac-b5eb-5e3369ac1dd2-1024x768.jpg 1024w, https:\/\/www.radiopiu.net\/wordpress\/wp-content\/uploads\/2021\/12\/6c737a61-460c-4bac-b5eb-5e3369ac1dd2-768x576.jpg 768w, https:\/\/www.radiopiu.net\/wordpress\/wp-content\/uploads\/2021\/12\/6c737a61-460c-4bac-b5eb-5e3369ac1dd2-1536x1152.jpg 1536w, https:\/\/www.radiopiu.net\/wordpress\/wp-content\/uploads\/2021\/12\/6c737a61-460c-4bac-b5eb-5e3369ac1dd2.jpg 1600w\" sizes=\"auto, (max-width: 300px) 100vw, 300px\" \/><\/a><span style=\"color: #800080;\">APERTA LA VERTIK AREA DI SAN TOMASO, A GIORNI ANCHE L&#8217;APERTURA DEL RISTORANTE<\/span><\/strong><\/h2>\n<p><strong>di Claudio Fontanive<\/strong><\/p>\n<p>Ospiti: Valerio Scarpa, Moreno De Val e Massimo Busin<\/p>\n<audio class=\"wp-audio-shortcode\" id=\"audio-247060-6\" preload=\"none\" style=\"width: 100%;\" controls=\"controls\"><source type=\"audio\/mpeg\" src=\"https:\/\/www.radiopiu.net\/wordpress\/wp-content\/uploads\/2021\/12\/vertik-busin-scarpa-deval-7-dicembre.mp3?_=6\" \/><a href=\"https:\/\/www.radiopiu.net\/wordpress\/wp-content\/uploads\/2021\/12\/vertik-busin-scarpa-deval-7-dicembre.mp3\">https:\/\/www.radiopiu.net\/wordpress\/wp-content\/uploads\/2021\/12\/vertik-busin-scarpa-deval-7-dicembre.mp3<\/a><\/audio>\n<p>&nbsp;<\/p>\n<hr \/>\n<p>&nbsp;<\/p>\n<div>\n<div class=\"b654a4as d2edcug0\">\n<div class=\"rq0escxv hkbzh7o3 jwdofwj8 n8tt0mok r8blr3vg hyh9befq\">\n<p><a class=\"dt-pswp-item\" href=\"https:\/\/www.radiopiu.net\/wordpress\/wp-content\/uploads\/2020\/10\/pp.jpg\" data-dt-img-description=\"\" data-large_image_width=\"640\" data-large_image_height=\"640\"><img loading=\"lazy\" decoding=\"async\" class=\"wp-image-163678 alignleft\" src=\"https:\/\/www.radiopiu.net\/wordpress\/wp-content\/uploads\/2020\/10\/pp-300x300.jpg\" alt=\"\" width=\"106\" height=\"106\" srcset=\"https:\/\/www.radiopiu.net\/wordpress\/wp-content\/uploads\/2020\/10\/pp-300x300.jpg 300w, https:\/\/www.radiopiu.net\/wordpress\/wp-content\/uploads\/2020\/10\/pp-150x150.jpg 150w, https:\/\/www.radiopiu.net\/wordpress\/wp-content\/uploads\/2020\/10\/pp-125x125.jpg 125w, https:\/\/www.radiopiu.net\/wordpress\/wp-content\/uploads\/2020\/10\/pp-200x200.jpg 200w, https:\/\/www.radiopiu.net\/wordpress\/wp-content\/uploads\/2020\/10\/pp-80x80.jpg 80w, https:\/\/www.radiopiu.net\/wordpress\/wp-content\/uploads\/2020\/10\/pp-480x480.jpg 480w, https:\/\/www.radiopiu.net\/wordpress\/wp-content\/uploads\/2020\/10\/pp.jpg 640w\" sizes=\"auto, (max-width: 106px) 100vw, 106px\" \/><\/a><\/p>\n<\/div>\n<\/div>\n<\/div>\n<div>\n<div class=\"page-title-head hgroup\">\n<div class=\"page-title-head hgroup\">\n<div class=\"b654a4as d2edcug0\">\n<div class=\"j83agx80 btwxx1t3 lhclo0ds hop8lmos nkwizq5d scwd0bx6 roh60bw9\">\n<div class=\"rq0escxv hkbzh7o3 jwdofwj8 n8tt0mok r8blr3vg hyh9befq\">\n<div class=\"do00u71z l9j0dhe7 k4urcfbm\">\n<h2><span style=\"color: #000080;\">DON CESARE, IL PENSIERO DEL GIORNO. ALLA RADIO ALLE 7 DEL MATTINO E ALLE 19.30 DELLA SERA.\u00a0\u00a0<\/span><\/h2>\n<audio class=\"wp-audio-shortcode\" id=\"audio-247060-7\" preload=\"none\" style=\"width: 100%;\" controls=\"controls\"><source type=\"audio\/mpeg\" src=\"https:\/\/www.radiopiu.net\/wordpress\/wp-content\/uploads\/2021\/12\/CESARE-2.mp3?_=7\" \/><a href=\"https:\/\/www.radiopiu.net\/wordpress\/wp-content\/uploads\/2021\/12\/CESARE-2.mp3\">https:\/\/www.radiopiu.net\/wordpress\/wp-content\/uploads\/2021\/12\/CESARE-2.mp3<\/a><\/audio>\n<p>&nbsp;<\/p>\n<p>&nbsp;<\/p>\n<hr \/>\n<p>&nbsp;<\/p>\n<blockquote>\n<h3>IN VIVO VERSO, SETTIMA STAGIONE CON BRUNELLA MORO, DAL LUNEDI AL VENERDI ALLE 7.10, 10.10 E 18.50<\/h3>\n<\/blockquote>\n<h3><em>SOGNI SVEGLI di FRANCESCO ZANARINI<\/em><\/h3>\n<p>AUDIO<\/p>\n<audio class=\"wp-audio-shortcode\" id=\"audio-247060-8\" preload=\"none\" style=\"width: 100%;\" controls=\"controls\"><source type=\"audio\/mpeg\" src=\"https:\/\/www.radiopiu.net\/wordpress\/wp-content\/uploads\/2021\/12\/03-FRANCESCO-ZANARINI-SOGNI-SVEGLI.mp3?_=8\" \/><a href=\"https:\/\/www.radiopiu.net\/wordpress\/wp-content\/uploads\/2021\/12\/03-FRANCESCO-ZANARINI-SOGNI-SVEGLI.mp3\">https:\/\/www.radiopiu.net\/wordpress\/wp-content\/uploads\/2021\/12\/03-FRANCESCO-ZANARINI-SOGNI-SVEGLI.mp3<\/a><\/audio>\n<p>&nbsp;<\/p>\n<p><img loading=\"lazy\" decoding=\"async\" class=\"alignleft\" src=\"https:\/\/www.radiopiu.net\/wordpress\/wp-content\/uploads\/2021\/12\/a731c8b8-d1c6-4f6a-a841-b1911a265398-768x764.jpg\" width=\"156\" height=\"155\" \/>SOGNI SVEGLI<\/p>\n<p>Quel mondo perfetto<br \/>\nche promette perfezione<br \/>\nsogner\u00e0<br \/>\nsogni<br \/>\nSvegli a volte persino?<br \/>\nChe a mangiarli nessuno forse,<br \/>\nper\u00f2<br \/>\nquell&#8217;ipocrisia sognar supini la fine di se?<br \/>\nLa fine dei sogni<\/p>\n<p>Boh!<\/p>\n<p>&nbsp;<\/p>\n<p><strong>LA RACCOLTA COMPLETA\u00a0 \u00a0<\/strong><\/p>\n<blockquote class=\"wp-embedded-content\" data-secret=\"uqhULT6yvg\"><p><a href=\"https:\/\/www.radiopiu.net\/wordpress\/in-vivo-verso\/\">In Vivo Verso<\/a><\/p><\/blockquote>\n<p><iframe loading=\"lazy\" class=\"wp-embedded-content\" sandbox=\"allow-scripts\" security=\"restricted\" style=\"position: absolute; clip: rect(1px, 1px, 1px, 1px);\" title=\"&#8220;In Vivo Verso&#8221; &#8212; Radio Pi\u00f9\" src=\"https:\/\/www.radiopiu.net\/wordpress\/in-vivo-verso\/embed\/#?secret=uqhULT6yvg\" data-secret=\"uqhULT6yvg\" width=\"600\" height=\"338\" frameborder=\"0\" marginwidth=\"0\" marginheight=\"0\" scrolling=\"no\"><\/iframe><\/p>\n<p>&nbsp;<\/p>\n<hr \/>\n<div>\n<div class=\"page-title-head hgroup\">\n<div class=\"page-title-head hgroup\">\n<div class=\"b654a4as d2edcug0\">\n<div class=\"j83agx80 btwxx1t3 lhclo0ds hop8lmos nkwizq5d scwd0bx6 roh60bw9\">\n<div class=\"rq0escxv hkbzh7o3 jwdofwj8 n8tt0mok r8blr3vg hyh9befq\">\n<div class=\"do00u71z l9j0dhe7 k4urcfbm\">\n<div class=\"ecm0bbzt e5nlhep0 a8c37x1j\">\n<div class=\"kvgmc6g5 cxmmr5t8 oygrvhab hcukyx3x c1et5uql\">\n<div class=\"gmail-kvgmc6g5 gmail-cxmmr5t8 gmail-oygrvhab gmail-hcukyx3x gmail-c1et5uql gmail-ii04i59q\">\n<div class=\"page-title-head hgroup\">\n<div class=\"page-title-head hgroup\">\n<div class=\"b654a4as d2edcug0\">\n<div class=\"j83agx80 btwxx1t3 lhclo0ds hop8lmos nkwizq5d scwd0bx6 roh60bw9\">\n<div class=\"rq0escxv hkbzh7o3 jwdofwj8 n8tt0mok r8blr3vg hyh9befq\">\n<div class=\"do00u71z l9j0dhe7 k4urcfbm\">\n<p>&nbsp;<\/p>\n<p>&nbsp;<\/p>\n<blockquote>\n<h2>RADIO APERTA AL &#8220;FOLLADOR-DE ROSSI&#8221;, L&#8217;OFFERTA SCOLASTICA DI AGORDO E FALCADE<\/h2>\n<\/blockquote>\n<blockquote><p><em><img loading=\"lazy\" decoding=\"async\" class=\"alignleft\" src=\"https:\/\/www.radiopiu.net\/wordpress\/wp-content\/uploads\/2020\/10\/FOLLADOR-DE-ROSSI-scaled.jpg\" width=\"205\" height=\"96\" \/>Radio Aperta, perch\u00e8 apriamo i microfoni a dirigenti, insegnanti ed alunni. Un raccontato a puntate per conoscere l&#8217;offerta scolastica agordina, dal polo di Agordo a quello di Falcade. Da lunedi a venerdi a alla radio alle 9.10 e alle 18<\/em><\/p><\/blockquote>\n<p>&nbsp;<\/p>\n<h3><span style=\"color: #0000ff;\">2 IL DIRIGENTE CLAUDIO MAGALIN\u00a0 &#8211; PRESENTAZIONE LICEO SPORTIVO<\/span><\/h3>\n<audio class=\"wp-audio-shortcode\" id=\"audio-247060-9\" preload=\"none\" style=\"width: 100%;\" controls=\"controls\"><source type=\"audio\/mpeg\" src=\"https:\/\/www.radiopiu.net\/wordpress\/wp-content\/uploads\/2021\/12\/GDB900.mp3?_=9\" \/><a href=\"https:\/\/www.radiopiu.net\/wordpress\/wp-content\/uploads\/2021\/12\/GDB900.mp3\">https:\/\/www.radiopiu.net\/wordpress\/wp-content\/uploads\/2021\/12\/GDB900.mp3<\/a><\/audio>\n<p>&nbsp;<\/p>\n<h3><span style=\"color: #0000ff;\"><strong>1 LO SPOT ALLA RADIO<\/strong><\/span><\/h3>\n<audio class=\"wp-audio-shortcode\" id=\"audio-247060-10\" preload=\"none\" style=\"width: 100%;\" controls=\"controls\"><source type=\"audio\/mpeg\" src=\"https:\/\/www.radiopiu.net\/wordpress\/wp-content\/uploads\/2021\/12\/FOLLADOR-NOVEMBRE-2021.mp3?_=10\" \/><a href=\"https:\/\/www.radiopiu.net\/wordpress\/wp-content\/uploads\/2021\/12\/FOLLADOR-NOVEMBRE-2021.mp3\">https:\/\/www.radiopiu.net\/wordpress\/wp-content\/uploads\/2021\/12\/FOLLADOR-NOVEMBRE-2021.mp3<\/a><\/audio>\n<p>&nbsp;<\/p>\n<p>&nbsp;<\/p>\n<p>&nbsp;<\/p>\n<hr \/>\n<p>&nbsp;<\/p>\n<h2><span style=\"color: #ff00ff;\"><a href=\"https:\/\/www.radiopiu.net\/wordpress\/plastic-free-ottava-puntata\/260172614_616817659360747_2768082105235435116_n-2\/\" rel=\"attachment wp-att-244795\"><img loading=\"lazy\" decoding=\"async\" class=\" wp-image-244795 alignleft\" src=\"https:\/\/www.radiopiu.net\/wordpress\/wp-content\/uploads\/2021\/11\/260172614_616817659360747_2768082105235435116_n-1-225x300.jpg\" alt=\"\" width=\"85\" height=\"113\" srcset=\"https:\/\/www.radiopiu.net\/wordpress\/wp-content\/uploads\/2021\/11\/260172614_616817659360747_2768082105235435116_n-1-225x300.jpg 225w, https:\/\/www.radiopiu.net\/wordpress\/wp-content\/uploads\/2021\/11\/260172614_616817659360747_2768082105235435116_n-1.jpg 720w\" sizes=\"auto, (max-width: 85px) 100vw, 85px\" \/><\/a>PLASTIC FREE PER UN MONDO SENZA PLASTICA<\/span><\/h2>\n<p><strong>Con la collaborazione di Martina Smaniotto<\/strong><\/p>\n<p><em><strong>Puntata del 24 novembre 2021 DALLE SCUOLE DI CANALE D&#8217;AGORDO<\/strong><\/em><\/p>\n<audio class=\"wp-audio-shortcode\" id=\"audio-247060-11\" preload=\"none\" style=\"width: 100%;\" controls=\"controls\"><source type=\"audio\/mpeg\" src=\"https:\/\/www.radiopiu.net\/wordpress\/wp-content\/uploads\/2021\/11\/MARTINA-PLASTIC-7.mp3?_=11\" \/><a href=\"https:\/\/www.radiopiu.net\/wordpress\/wp-content\/uploads\/2021\/11\/MARTINA-PLASTIC-7.mp3\">https:\/\/www.radiopiu.net\/wordpress\/wp-content\/uploads\/2021\/11\/MARTINA-PLASTIC-7.mp3<\/a><\/audio>\n<p><strong>\u00a0<\/strong><\/p>\n<p><strong>LA RACCOLTA COMPLETA<\/strong><\/p>\n<blockquote class=\"wp-embedded-content\" data-secret=\"TnHfMTIFEw\"><p><a href=\"https:\/\/www.radiopiu.net\/wordpress\/plastic-free-per-un-mondo-senza-plastica\/\">PLASTIC FREE per un mondo senza plastica<\/a><\/p><\/blockquote>\n<p><iframe loading=\"lazy\" class=\"wp-embedded-content\" sandbox=\"allow-scripts\" security=\"restricted\" style=\"position: absolute; clip: rect(1px, 1px, 1px, 1px);\" title=\"&#8220;PLASTIC FREE per un mondo senza plastica&#8221; &#8212; Radio Pi\u00f9\" src=\"https:\/\/www.radiopiu.net\/wordpress\/plastic-free-per-un-mondo-senza-plastica\/embed\/#?secret=TnHfMTIFEw\" data-secret=\"TnHfMTIFEw\" width=\"600\" height=\"338\" frameborder=\"0\" marginwidth=\"0\" marginheight=\"0\" scrolling=\"no\"><\/iframe><\/p>\n<p>&nbsp;<\/p>\n<hr \/>\n<p>&nbsp;<\/p>\n<p><span style=\"color: #0000ff;\">MUSICA PIU&#8217;\u00a0<\/span><\/p>\n<p><a href=\"https:\/\/www.radiopiu.net\/wordpress\/giornale-radiopiu-20-settembre-2021-direttore-mirko-mezzacasa\/pp-79\/\" rel=\"attachment wp-att-232921\"><img loading=\"lazy\" decoding=\"async\" class=\"wp-image-232921 alignleft\" src=\"https:\/\/www.radiopiu.net\/wordpress\/wp-content\/uploads\/2021\/09\/pp-1-300x300.jpg\" alt=\"\" width=\"135\" height=\"135\" srcset=\"https:\/\/www.radiopiu.net\/wordpress\/wp-content\/uploads\/2021\/09\/pp-1-300x300.jpg 300w, https:\/\/www.radiopiu.net\/wordpress\/wp-content\/uploads\/2021\/09\/pp-1-150x150.jpg 150w, https:\/\/www.radiopiu.net\/wordpress\/wp-content\/uploads\/2021\/09\/pp-1.jpg 640w\" sizes=\"auto, (max-width: 135px) 100vw, 135px\" \/><\/a><\/p>\n<div class=\"mkdf-post-text\">\n<div class=\"mkdf-post-text-inner\">\n<div class=\"mkdf-post-text-main\">\n<div class=\"mkdf-post-text\">\n<div class=\"mkdf-post-text-inner\">\n<div class=\"mkdf-post-text-main\">\n<div class=\"mkdf-post-text\">\n<div class=\"mkdf-post-text-inner\">\n<div class=\"mkdf-post-text-main\">\n<div class=\"page-title-head hgroup\">\n<div class=\"page-title-head hgroup\">\n<div class=\"mkdf-post-text\">\n<div class=\"mkdf-post-text-inner\">\n<div class=\"mkdf-post-text-main\">\n<div class=\"mkdf-post-text\">\n<div class=\"mkdf-post-text-inner\">\n<div class=\"mkdf-post-text-main\">\n<div class=\"page-title-head hgroup\">\n<div class=\"page-title-head hgroup\">\n<div class=\"page-title-head hgroup\">\n<div class=\"page-title-head hgroup\">\n<div class=\"b654a4as d2edcug0\">\n<div class=\"page-title-head hgroup\">\n<div class=\"page-title-head hgroup\">\n<div class=\"page-title-head hgroup\">\n<div class=\"page-title-head hgroup\">\n<div class=\"b654a4as d2edcug0\">\n<div class=\"page-title-head hgroup\">\n<div class=\"page-title-head hgroup\">\n<div class=\"page-title-head hgroup\">\n<div class=\"page-title-head hgroup\">\n<div class=\"b654a4as d2edcug0\">\n<div class=\"mkdf-post-text\">\n<div class=\"mkdf-post-text-inner\">\n<div class=\"mkdf-post-text-main\">\n<div class=\"mkdf-post-text\">\n<div class=\"mkdf-post-text-inner\">\n<div class=\"mkdf-post-text-main\">\n<div class=\"mkdf-post-text\">\n<div class=\"mkdf-post-text-inner\">\n<div class=\"mkdf-post-text-main\">\n<div class=\"page-title-head hgroup\">\n<div class=\"page-title-head hgroup\">\n<div class=\"mkdf-post-text\">\n<div class=\"mkdf-post-text-inner\">\n<div class=\"mkdf-post-text-main\">\n<div class=\"mkdf-post-text\">\n<div class=\"mkdf-post-text-inner\">\n<div class=\"mkdf-post-text-main\">\n<div class=\"page-title-head hgroup\">\n<div class=\"page-title-head hgroup\">\n<div class=\"page-title-head hgroup\">\n<div class=\"page-title-head hgroup\">\n<div class=\"b654a4as d2edcug0\">\n<div class=\"page-title-head hgroup\">\n<div class=\"page-title-head hgroup\">\n<div class=\"page-title-head hgroup\">\n<div class=\"page-title-head hgroup\">\n<div class=\"b654a4as d2edcug0\">\n<div class=\"page-title-head hgroup\">\n<div class=\"page-title-head hgroup\">\n<div class=\"page-title-head hgroup\">\n<div class=\"page-title-head hgroup\">\n<div class=\"b654a4as d2edcug0\">\n<div><\/div>\n<div><\/div>\n<div>\n<p><strong>MUSICA ALLA RADIO, IL PROGRAMMA DI LORIS SCUSSEL &#8220;COLLAGE OPERAZIONE NOSTALGIA&#8221; DAL LUNEDI AL VENERDI ALLE 16.00\u00a0 E ALLE 23\u00a0<\/strong><\/p>\n<\/div>\n<p>&nbsp;<\/p>\n<p>&nbsp;<\/p>\n<p><strong>PUNTATA NUMERO 493<\/strong><\/p>\n<audio class=\"wp-audio-shortcode\" id=\"audio-247060-12\" preload=\"none\" style=\"width: 100%;\" controls=\"controls\"><source type=\"audio\/mpeg\" src=\"https:\/\/www.radiopiu.net\/wordpress\/wp-content\/uploads\/2021\/12\/Collage-493.mp3?_=12\" \/><a href=\"https:\/\/www.radiopiu.net\/wordpress\/wp-content\/uploads\/2021\/12\/Collage-493.mp3\">https:\/\/www.radiopiu.net\/wordpress\/wp-content\/uploads\/2021\/12\/Collage-493.mp3<\/a><\/audio>\n<p><strong>\u00a0<\/strong><\/p>\n<p>&nbsp;<\/p>\n<\/div>\n<\/div>\n<\/div>\n<\/div>\n<\/div>\n<\/div>\n<\/div>\n<\/div>\n<\/div>\n<\/div>\n<\/div>\n<\/div>\n<\/div>\n<\/div>\n<\/div>\n<\/div>\n<\/div>\n<\/div>\n<\/div>\n<\/div>\n<\/div>\n<\/div>\n<\/div>\n<\/div>\n<\/div>\n<\/div>\n<\/div>\n<\/div>\n<\/div>\n<\/div>\n<\/div>\n<\/div>\n<\/div>\n<\/div>\n<\/div>\n<\/div>\n<\/div>\n<\/div>\n<\/div>\n<\/div>\n<\/div>\n<\/div>\n<\/div>\n<\/div>\n<\/div>\n<\/div>\n<\/div>\n<\/div>\n<\/div>\n<\/div>\n<\/div>\n<\/div>\n<\/div>\n<\/div>\n<\/div>\n<\/div>\n<\/div>\n<\/div>\n<\/div>\n<\/div>\n<\/div>\n<\/div>\n<\/div>\n<\/div>\n<p>&nbsp;<\/p>\n<hr \/>\n<p>&nbsp;<\/p>\n<p>&nbsp;<\/p>\n<blockquote class=\"wp-embedded-content\" data-secret=\"AEASiL1Oxi\"><p><a href=\"https:\/\/www.radiopiu.net\/wordpress\/freemix-la-liberta-musicale-mixata-da-dj-athos-e-raccontata-da-dj-jack\/\">FREEMIX, LA LIBERTA&#8217; MUSICALE MIXATA DA DJ ATHOS E RACCONTATA DA DJ JACK<\/a><\/p><\/blockquote>\n<p><iframe loading=\"lazy\" class=\"wp-embedded-content\" sandbox=\"allow-scripts\" security=\"restricted\" style=\"position: absolute; clip: rect(1px, 1px, 1px, 1px);\" title=\"&#8220;FREEMIX, LA LIBERTA&#8217; MUSICALE MIXATA DA DJ ATHOS E RACCONTATA DA DJ JACK&#8221; &#8212; Radio Pi\u00f9\" src=\"https:\/\/www.radiopiu.net\/wordpress\/freemix-la-liberta-musicale-mixata-da-dj-athos-e-raccontata-da-dj-jack\/embed\/#?secret=AEASiL1Oxi\" data-secret=\"AEASiL1Oxi\" width=\"600\" height=\"338\" frameborder=\"0\" marginwidth=\"0\" marginheight=\"0\" scrolling=\"no\"><\/iframe><\/p>\n<p>&nbsp;<\/p>\n<blockquote class=\"wp-embedded-content\" data-secret=\"PkPx6Yw0so\"><p><a href=\"https:\/\/www.radiopiu.net\/wordpress\/da-ieri-alla-radio-in-palinsesto-loris-e-maurizio-con-la-grande-musica\/\">IL BLUES ALLA RADIO &#8230; COME NON L&#8217;AVETE MAI SENTITO PRIMA<\/a><\/p><\/blockquote>\n<p><iframe loading=\"lazy\" class=\"wp-embedded-content\" sandbox=\"allow-scripts\" security=\"restricted\" style=\"position: absolute; clip: rect(1px, 1px, 1px, 1px);\" title=\"&#8220;IL BLUES ALLA RADIO &#8230; COME NON L&#8217;AVETE MAI SENTITO PRIMA&#8221; &#8212; Radio Pi\u00f9\" src=\"https:\/\/www.radiopiu.net\/wordpress\/da-ieri-alla-radio-in-palinsesto-loris-e-maurizio-con-la-grande-musica\/embed\/#?secret=PkPx6Yw0so\" data-secret=\"PkPx6Yw0so\" width=\"600\" height=\"338\" frameborder=\"0\" marginwidth=\"0\" marginheight=\"0\" scrolling=\"no\"><\/iframe><\/p>\n<p>&nbsp;<\/p>\n<p>&nbsp;<\/p>\n<hr \/>\n<p>&nbsp;<\/p>\n<blockquote>\n<h3><span style=\"color: #0000ff;\">INFORMAZIONE il canale su TELEGRAM informazione di prima mano e in tempo reale. iscriviti ed aiutaci a farlo conoscere\u00a0\u00a0<\/span><\/h3>\n<\/blockquote>\n<div>\n<div class=\"page-title-head hgroup\">\n<div class=\"page-title-head hgroup\">\n<div class=\"page-title-head hgroup\">\n<div class=\"page-title-head hgroup\">\n<div class=\"b654a4as d2edcug0\">\n<div class=\"page-title-head hgroup\">\n<div class=\"page-title-head hgroup\">\n<div class=\"page-title-head hgroup\">\n<div class=\"page-title-head hgroup\">\n<div class=\"b654a4as d2edcug0\">\n<div class=\"page-title-head hgroup\">\n<div class=\"page-title-head hgroup\">\n<div class=\"page-title-head hgroup\">\n<div class=\"page-title-head hgroup\">\n<div class=\"page-title-head hgroup\">\n<div class=\"page-title-head hgroup\">\n<div class=\"page-title-head hgroup\">\n<div class=\"page-title-head hgroup\">\n<div class=\"page-title-head hgroup\">\n<div class=\"b654a4as d2edcug0\">\n<div class=\"page-title-head hgroup\">\n<div class=\"page-title-head hgroup\">\n<div class=\"page-title-head hgroup\">\n<div class=\"page-title-head hgroup\">\n<div class=\"b654a4as d2edcug0\">\n<div>\n<p>&nbsp;<\/p>\n<\/div>\n<div>\n<div class=\"page-title-head hgroup\">\n<div class=\"page-title-head hgroup\">\n<div class=\"page-title-head hgroup\">\n<div class=\"page-title-head hgroup\">\n<div class=\"page-title-head hgroup\">\n<div class=\"b654a4as d2edcug0\">\n<div>\n<hr \/>\n<\/div>\n<\/div>\n<div>\n<div>\n<p>&nbsp;<\/p>\n<\/div>\n<div>\n<div>\n<p>&nbsp;<\/p>\n<\/div>\n<div>\n<div>\n<p><strong>DUE MINUTI UN LIBRO, TUTTI I GIORNI ALLA RADIO ALLE 9.40 E ALLE 17.50<\/strong><\/p>\n<div>\n<div>\n<p><strong>LA RACCOLTA COMPLETA\u00a0\u00a0<\/strong><\/p>\n<\/div>\n<div>\n<blockquote class=\"wp-embedded-content\" data-secret=\"rpZxE7MSGB\"><p><a href=\"https:\/\/www.radiopiu.net\/wordpress\/due-minuti-un-libro\/\">Due minuti un libro<\/a><\/p><\/blockquote>\n<p><iframe loading=\"lazy\" class=\"wp-embedded-content\" sandbox=\"allow-scripts\" security=\"restricted\" style=\"position: absolute; clip: rect(1px, 1px, 1px, 1px);\" title=\"&#8220;Due minuti un libro&#8221; &#8212; Radio Pi\u00f9\" src=\"https:\/\/www.radiopiu.net\/wordpress\/due-minuti-un-libro\/embed\/#?secret=rpZxE7MSGB\" data-secret=\"rpZxE7MSGB\" width=\"600\" height=\"338\" frameborder=\"0\" marginwidth=\"0\" marginheight=\"0\" scrolling=\"no\"><\/iframe><\/p>\n<\/div>\n<\/div>\n<\/div>\n<div class=\"mkdf-post-text\">\n<div class=\"mkdf-post-text-inner\">\n<div class=\"mkdf-post-text-main\">\n<div class=\"mkdf-post-text\">\n<div class=\"mkdf-post-text-inner\">\n<div class=\"mkdf-post-text-main\">\n<div class=\"mkdf-post-text\">\n<div class=\"mkdf-post-text-inner\">\n<div class=\"mkdf-post-text-main\">\n<div class=\"page-title-head hgroup\">\n<div class=\"page-title-head hgroup\">\n<div class=\"mkdf-post-text\">\n<div class=\"mkdf-post-text-inner\">\n<div class=\"mkdf-post-text-main\">\n<div class=\"mkdf-post-text\">\n<div class=\"mkdf-post-text-inner\">\n<div class=\"mkdf-post-text-main\">\n<div class=\"page-title-head hgroup\">\n<div class=\"page-title-head hgroup\">\n<div class=\"page-title-head hgroup\">\n<div class=\"page-title-head hgroup\">\n<div class=\"b654a4as d2edcug0\">\n<div class=\"page-title-head hgroup\">\n<div class=\"page-title-head hgroup\">\n<div class=\"page-title-head hgroup\">\n<div class=\"page-title-head hgroup\">\n<div class=\"b654a4as d2edcug0\">\n<div class=\"page-title-head hgroup\">\n<div class=\"page-title-head hgroup\">\n<div class=\"page-title-head hgroup\">\n<div class=\"page-title-head hgroup\">\n<div class=\"b654a4as d2edcug0\">\n<div>\n<p>&nbsp;<\/p>\n<\/div>\n<div>\n<hr \/>\n<p>&nbsp;<\/p>\n<\/div>\n<h2><span style=\"color: #808000;\">L&#8217;ALMANACCO LADINO\u00a0\u00a0<\/span><\/h2>\n<p><em><strong>PUNTATA DEL 06 DICEMBRE 2021<\/strong><\/em><\/p>\n<audio class=\"wp-audio-shortcode\" id=\"audio-247060-13\" preload=\"none\" style=\"width: 100%;\" controls=\"controls\"><source type=\"audio\/mpeg\" src=\"https:\/\/www.radiopiu.net\/wordpress\/wp-content\/uploads\/2021\/12\/72\u00b0Almanacco-Ladino_Col.mp3?_=13\" \/><a href=\"https:\/\/www.radiopiu.net\/wordpress\/wp-content\/uploads\/2021\/12\/72\u00b0Almanacco-Ladino_Col.mp3\">https:\/\/www.radiopiu.net\/wordpress\/wp-content\/uploads\/2021\/12\/72\u00b0Almanacco-Ladino_Col.mp3<\/a><\/audio>\n<p>&nbsp;<\/p>\n<p><strong>LA RACCOLTA<\/strong><\/p>\n<blockquote class=\"wp-embedded-content\" data-secret=\"bWcabizP3a\"><p><a href=\"https:\/\/www.radiopiu.net\/wordpress\/almanacco-ladino\/\">Almanacco Ladino<\/a><\/p><\/blockquote>\n<p><iframe loading=\"lazy\" class=\"wp-embedded-content\" sandbox=\"allow-scripts\" security=\"restricted\" style=\"position: absolute; clip: rect(1px, 1px, 1px, 1px);\" title=\"&#8220;Almanacco Ladino&#8221; &#8212; Radio Pi\u00f9\" src=\"https:\/\/www.radiopiu.net\/wordpress\/almanacco-ladino\/embed\/#?secret=bWcabizP3a\" data-secret=\"bWcabizP3a\" width=\"600\" height=\"338\" frameborder=\"0\" marginwidth=\"0\" marginheight=\"0\" scrolling=\"no\"><\/iframe><\/p>\n<p>&nbsp;<\/p>\n<hr \/>\n<p>&nbsp;<\/p>\n<h2><span style=\"color: #33cccc;\">LA RASSEGNA STAMPA DA L&#8217;AMICO DEL POPOLO<\/span><\/h2>\n<p><strong><a href=\"https:\/\/www.radiopiu.net\/wordpress\/sottoguda-diventa-borgo-dog-ditalia\/chiesa-sottoguda-consorzio-turistico-marmolada-1\/\" rel=\"attachment wp-att-222102\"><img loading=\"lazy\" decoding=\"async\" class=\"size-medium wp-image-222102 alignleft\" src=\"https:\/\/www.radiopiu.net\/wordpress\/wp-content\/uploads\/2021\/07\/Chiesa-Sottoguda-Consorzio-Turistico-Marmolada-1-300x225.jpg\" alt=\"\" width=\"300\" height=\"225\" srcset=\"https:\/\/www.radiopiu.net\/wordpress\/wp-content\/uploads\/2021\/07\/Chiesa-Sottoguda-Consorzio-Turistico-Marmolada-1-300x225.jpg 300w, https:\/\/www.radiopiu.net\/wordpress\/wp-content\/uploads\/2021\/07\/Chiesa-Sottoguda-Consorzio-Turistico-Marmolada-1-768x576.jpg 768w, https:\/\/www.radiopiu.net\/wordpress\/wp-content\/uploads\/2021\/07\/Chiesa-Sottoguda-Consorzio-Turistico-Marmolada-1.jpg 1024w\" sizes=\"auto, (max-width: 300px) 100vw, 300px\" \/><\/a>di Gianni Santomaso<\/strong><\/p>\n<p>Ospite: Andrea De Bernardin, sindaco di Rocca Pietore<\/p>\n<audio class=\"wp-audio-shortcode\" id=\"audio-247060-14\" preload=\"none\" style=\"width: 100%;\" controls=\"controls\"><source type=\"audio\/mpeg\" src=\"https:\/\/www.radiopiu.net\/wordpress\/wp-content\/uploads\/2021\/12\/RASSEGNA-GIANNI.mp3?_=14\" \/><a href=\"https:\/\/www.radiopiu.net\/wordpress\/wp-content\/uploads\/2021\/12\/RASSEGNA-GIANNI.mp3\">https:\/\/www.radiopiu.net\/wordpress\/wp-content\/uploads\/2021\/12\/RASSEGNA-GIANNI.mp3<\/a><\/audio>\n<p>&nbsp;<\/p>\n<p><strong>LA RACCOLTA COMPLETA<\/strong><\/p>\n<blockquote class=\"wp-embedded-content\" data-secret=\"tgnJvur31G\"><p><a href=\"https:\/\/www.radiopiu.net\/wordpress\/rassegna-stampa-di-gianni-santomaso\/\">Rassegna stampa da l&#8217;amico del popolo &#8211; di Gianni Santomaso<\/a><\/p><\/blockquote>\n<p><iframe loading=\"lazy\" class=\"wp-embedded-content\" sandbox=\"allow-scripts\" security=\"restricted\" style=\"position: absolute; clip: rect(1px, 1px, 1px, 1px);\" title=\"&#8220;Rassegna stampa da l&#8217;amico del popolo &#8211; di Gianni Santomaso&#8221; &#8212; Radio Pi\u00f9\" src=\"https:\/\/www.radiopiu.net\/wordpress\/rassegna-stampa-di-gianni-santomaso\/embed\/#?secret=tgnJvur31G\" data-secret=\"tgnJvur31G\" width=\"600\" height=\"338\" frameborder=\"0\" marginwidth=\"0\" marginheight=\"0\" scrolling=\"no\"><\/iframe><\/p>\n<p>&nbsp;<\/p>\n<hr \/>\n<p>&nbsp;<\/p>\n<h2><span style=\"color: #800080;\">I RACCONTI DI PAOLO SOPPELSA<\/span><\/h2>\n<p>&nbsp;<\/p>\n<p><strong>LA RACCOLTA COMPLETA<\/strong><\/p>\n<blockquote class=\"wp-embedded-content\" data-secret=\"AefcVTpZ7B\"><p><a href=\"https:\/\/www.radiopiu.net\/wordpress\/i-racconti-di-paolo-soppelsa\/\">I racconti di Paolo Soppelsa<\/a><\/p><\/blockquote>\n<p><iframe loading=\"lazy\" class=\"wp-embedded-content\" sandbox=\"allow-scripts\" security=\"restricted\" style=\"position: absolute; clip: rect(1px, 1px, 1px, 1px);\" title=\"&#8220;I racconti di Paolo Soppelsa&#8221; &#8212; Radio Pi\u00f9\" src=\"https:\/\/www.radiopiu.net\/wordpress\/i-racconti-di-paolo-soppelsa\/embed\/#?secret=AefcVTpZ7B\" data-secret=\"AefcVTpZ7B\" width=\"600\" height=\"338\" frameborder=\"0\" marginwidth=\"0\" marginheight=\"0\" scrolling=\"no\"><\/iframe><\/p>\n<p>&nbsp;<\/p>\n<hr \/>\n<\/div>\n<div class=\"b654a4as d2edcug0\">\n<p>&nbsp;<\/p>\n<p><a href=\"https:\/\/www.radiopiu.net\/wordpress\/giornale-radiopiu-26-settembre-2018-direttore-mirko-mezzacasa\/viabilita-2\/\" rel=\"attachment wp-att-61954\"><img loading=\"lazy\" decoding=\"async\" class=\"aligncenter wp-image-61954 size-full\" src=\"https:\/\/www.radiopiu.net\/wordpress\/wp-content\/uploads\/2018\/09\/viabilita.jpeg\" sizes=\"auto, (max-width: 800px) 100vw, 800px\" srcset=\"https:\/\/www.radiopiu.net\/wordpress\/wp-content\/uploads\/2018\/09\/viabilita.jpeg 800w, https:\/\/www.radiopiu.net\/wordpress\/wp-content\/uploads\/2018\/09\/viabilita-300x38.jpeg 300w, https:\/\/www.radiopiu.net\/wordpress\/wp-content\/uploads\/2018\/09\/viabilita-768x96.jpeg 768w\" alt=\"\" width=\"800\" height=\"100\" \/><\/a><\/p>\n<div class=\"ecm0bbzt e5nlhep0 a8c37x1j\">\n<div class=\"kvgmc6g5 cxmmr5t8 oygrvhab hcukyx3x c1et5uql\">\n<div class=\"gmail-kvgmc6g5 gmail-cxmmr5t8 gmail-oygrvhab gmail-hcukyx3x gmail-c1et5uql gmail-ii04i59q\">\n<div class=\"page-title-head hgroup\">\n<div class=\"page-title-head hgroup\">\n<div class=\"b654a4as d2edcug0\">\n<div class=\"j83agx80 btwxx1t3 lhclo0ds hop8lmos nkwizq5d scwd0bx6 roh60bw9\">\n<div class=\"rq0escxv hkbzh7o3 jwdofwj8 n8tt0mok r8blr3vg hyh9befq\">\n<div class=\"do00u71z l9j0dhe7 k4urcfbm\">\n<div class=\"page-title-head hgroup\">\n<div class=\"page-title-head hgroup\">\n<div class=\"page-title-head hgroup\">\n<div class=\"page-title-head hgroup\">\n<div class=\"b654a4as d2edcug0\">\n<div class=\"page-title-head hgroup\">\n<div class=\"page-title-head hgroup\">\n<div class=\"page-title-head hgroup\">\n<div class=\"page-title-head hgroup\">\n<div class=\"b654a4as d2edcug0\">\n<div class=\"page-title-head hgroup\">\n<div class=\"page-title-head hgroup\">\n<div class=\"page-title-head hgroup\">\n<div class=\"page-title-head hgroup\">\n<div class=\"page-title-head hgroup\">\n<div class=\"page-title-head hgroup\">\n<div class=\"page-title-head hgroup\">\n<div class=\"page-title-head hgroup\">\n<div class=\"page-title-head hgroup\">\n<div class=\"b654a4as d2edcug0\">\n<div class=\"page-title-head hgroup\">\n<div class=\"page-title-head hgroup\">\n<div class=\"page-title-head hgroup\">\n<div class=\"page-title-head hgroup\">\n<div class=\"b654a4as d2edcug0\">\n<div class=\"page-title-head hgroup\">\n<div class=\"page-title-head hgroup\">\n<div class=\"page-title-head hgroup\">\n<div class=\"page-title-head hgroup\">\n<div class=\"page-title-head hgroup\">\n<div class=\"mkdf-post-text\">\n<div class=\"mkdf-post-text-inner\">\n<div class=\"mkdf-post-text-main\">\n<div class=\"mkdf-post-text\">\n<div class=\"mkdf-post-text-inner\">\n<div class=\"mkdf-post-text-main\">\n<div class=\"mkdf-post-text\">\n<div class=\"mkdf-post-text-inner\">\n<div class=\"mkdf-post-text-main\">\n<div class=\"page-title-head hgroup\">\n<div class=\"page-title-head hgroup\">\n<div class=\"mkdf-post-text\">\n<div class=\"mkdf-post-text-inner\">\n<div class=\"mkdf-post-text-main\">\n<div class=\"mkdf-post-text\">\n<div class=\"mkdf-post-text-inner\">\n<div class=\"mkdf-post-text-main\">\n<div class=\"page-title-head hgroup\">\n<div class=\"page-title-head hgroup\">\n<div class=\"page-title-head hgroup\">\n<div class=\"page-title-head hgroup\">\n<div class=\"b654a4as d2edcug0\">\n<div class=\"page-title-head hgroup\">\n<div class=\"page-title-head hgroup\">\n<div class=\"page-title-head hgroup\">\n<div class=\"page-title-head hgroup\">\n<div class=\"b654a4as d2edcug0\">\n<div class=\"page-title-head hgroup\">\n<div class=\"page-title-head hgroup\">\n<div class=\"page-title-head hgroup\">\n<div class=\"page-title-head hgroup\">\n<div class=\"b654a4as d2edcug0\">\n<div class=\"chat-input\">\n<div class=\"chat-input-container\">\n<div class=\"rows-wrapper chat-input-wrapper\">\n<div class=\"reply-wrapper\">\n<div class=\"btn-menu\">\n<div class=\"btn-menu-item tgico-replace rp\">\n<div class=\"c-ripple\">\n<div class=\"bubbles scrolled-down\">\n<div class=\"scrollable scrollable-y\">\n<div class=\"bubbles-inner has-rights is-chat is-channel\">\n<div class=\"bubbles-date-group\">\n<div class=\"bubble hide-name is-out can-have-tail is-group-first is-group-last is-read\" data-mid=\"5377294335\" data-peer-id=\"-1478820725\" data-timestamp=\"1638437407\">\n<div class=\"bubble-content-wrapper\">\n<div class=\"bubble-content\">\n<div class=\"message\" dir=\"auto\"><strong>\u00a0<\/strong><\/div>\n<div class=\"message\" dir=\"auto\"><strong>48 DELLE DOLOMITI<\/strong> localit\u00e0 Salesei di Sopra (Livinallongo)\u00a0 fino al 23 dicembre dalle 8 alle 17 &#8211; esclusi festivi e prefestivi &#8211; possibili interruzioni fino a 15 minuti, negli altri orari senso unico alternato con semaforo o movieri<\/div>\n<\/div>\n<\/div>\n<\/div>\n<\/div>\n<\/div>\n<\/div>\n<\/div>\n<\/div>\n<\/div>\n<\/div>\n<\/div>\n<\/div>\n<\/div>\n<\/div>\n<p><strong>SR 48 D<\/strong><strong>ELLE DOLOMITI<\/strong> fino al 17 dicembre senso unico alternato regolato da semaforo &#8211; esclusi festivi e prefestivi &#8211; in localit\u00e0 Bosco Ruaz.<\/p>\n<\/div>\n<\/div>\n<\/div>\n<\/div>\n<\/div>\n<\/div>\n<\/div>\n<\/div>\n<\/div>\n<\/div>\n<\/div>\n<\/div>\n<\/div>\n<\/div>\n<\/div>\n<\/div>\n<\/div>\n<\/div>\n<\/div>\n<\/div>\n<\/div>\n<\/div>\n<\/div>\n<\/div>\n<\/div>\n<\/div>\n<\/div>\n<\/div>\n<\/div>\n<\/div>\n<\/div>\n<\/div>\n<\/div>\n<\/div>\n<\/div>\n<\/div>\n<\/div>\n<\/div>\n<\/div>\n<\/div>\n<\/div>\n<\/div>\n<\/div>\n<\/div>\n<\/div>\n<\/div>\n<\/div>\n<\/div>\n<\/div>\n<\/div>\n<\/div>\n<\/div>\n<\/div>\n<\/div>\n<\/div>\n<\/div>\n<\/div>\n<\/div>\n<\/div>\n<\/div>\n<\/div>\n<\/div>\n<\/div>\n<\/div>\n<\/div>\n<\/div>\n<\/div>\n<\/div>\n<\/div>\n<\/div>\n<\/div>\n<\/div>\n<\/div>\n<\/div>\n<\/div>\n<\/div>\n<\/div>\n<\/div>\n<\/div>\n<\/div>\n<\/div>\n<\/div>\n<\/div>\n<\/div>\n<\/div>\n<\/div>\n<\/div>\n<\/div>\n<\/div>\n<\/div>\n<\/div>\n<\/div>\n<\/div>\n<\/div>\n<\/div>\n<\/div>\n<\/div>\n<\/div>\n<\/div>\n<\/div>\n<\/div>\n<\/div>\n<\/div>\n<\/div>\n<\/div>\n<\/div>\n<\/div>\n<\/div>\n<\/div>\n<\/div>\n<\/div>\n<\/div>\n<\/div>\n<\/div>\n<\/div>\n<\/div>\n<\/div>\n<\/div>\n<\/div>\n<\/div>\n<\/div>\n<\/div>\n<\/div>\n<\/div>\n<\/div>\n<\/div>\n<\/div>\n<\/div>\n<\/div>\n<\/div>\n<\/div>\n<\/div>\n<\/div>\n<\/div>\n<\/div>\n<\/div>\n<\/div>\n<\/div>\n<\/div>\n<\/div>\n<\/div>\n<\/div>\n<\/div>\n<\/div>\n<\/div>\n<\/div>\n<\/div>\n<\/div>\n<\/div>\n<\/div>\n<\/div>\n<\/div>\n<\/div>\n<\/div>\n<div>\n<div class=\"page-title-head hgroup\">\n<div class=\"page-title-head hgroup\">\n<div class=\"b654a4as d2edcug0\">\n<div class=\"j83agx80 btwxx1t3 lhclo0ds hop8lmos nkwizq5d scwd0bx6 roh60bw9\">\n<div class=\"rq0escxv hkbzh7o3 jwdofwj8 n8tt0mok r8blr3vg hyh9befq\">\n<div class=\"do00u71z l9j0dhe7 k4urcfbm\">\n<div class=\"ecm0bbzt e5nlhep0 a8c37x1j\">\n<div class=\"kvgmc6g5 cxmmr5t8 oygrvhab hcukyx3x c1et5uql\">\n<div class=\"gmail-kvgmc6g5 gmail-cxmmr5t8 gmail-oygrvhab gmail-hcukyx3x gmail-c1et5uql gmail-ii04i59q\">\n<div class=\"page-title-head hgroup\">\n<div class=\"page-title-head hgroup\">\n<div class=\"b654a4as d2edcug0\">\n<div class=\"j83agx80 btwxx1t3 lhclo0ds hop8lmos nkwizq5d scwd0bx6 roh60bw9\">\n<div class=\"rq0escxv hkbzh7o3 jwdofwj8 n8tt0mok r8blr3vg hyh9befq\">\n<div class=\"do00u71z l9j0dhe7 k4urcfbm\">\n<div class=\"page-title-head hgroup\">\n<div class=\"page-title-head hgroup\">\n<div class=\"page-title-head hgroup\">\n<div class=\"page-title-head hgroup\">\n<div class=\"b654a4as d2edcug0\">\n<div class=\"page-title-head hgroup\">\n<div class=\"page-title-head hgroup\">\n<div class=\"page-title-head hgroup\">\n<div class=\"page-title-head hgroup\">\n<div class=\"b654a4as d2edcug0\">\n<div class=\"page-title-head hgroup\">\n<div class=\"page-title-head hgroup\">\n<div class=\"page-title-head hgroup\">\n<div class=\"page-title-head hgroup\">\n<div class=\"page-title-head hgroup\">\n<div class=\"page-title-head hgroup\">\n<div class=\"page-title-head hgroup\">\n<div class=\"page-title-head hgroup\">\n<div class=\"page-title-head hgroup\">\n<div class=\"b654a4as d2edcug0\">\n<div class=\"page-title-head hgroup\">\n<div class=\"page-title-head hgroup\">\n<div class=\"page-title-head hgroup\">\n<div class=\"page-title-head hgroup\">\n<div class=\"b654a4as d2edcug0\">\n<div class=\"page-title-head hgroup\">\n<div class=\"page-title-head hgroup\">\n<div class=\"page-title-head hgroup\">\n<div class=\"page-title-head hgroup\">\n<div class=\"page-title-head hgroup\">\n<div class=\"mkdf-post-text\">\n<div class=\"mkdf-post-text-inner\">\n<div class=\"mkdf-post-text-main\">\n<div class=\"mkdf-post-text\">\n<div class=\"mkdf-post-text-inner\">\n<div class=\"mkdf-post-text-main\">\n<div class=\"mkdf-post-text\">\n<div class=\"mkdf-post-text-inner\">\n<div class=\"mkdf-post-text-main\">\n<div class=\"page-title-head hgroup\">\n<div class=\"page-title-head hgroup\">\n<div class=\"mkdf-post-text\">\n<div class=\"mkdf-post-text-inner\">\n<div class=\"mkdf-post-text-main\">\n<div class=\"mkdf-post-text\">\n<div class=\"mkdf-post-text-inner\">\n<div class=\"mkdf-post-text-main\">\n<div class=\"page-title-head hgroup\">\n<div class=\"page-title-head hgroup\">\n<div class=\"page-title-head hgroup\">\n<div class=\"page-title-head hgroup\">\n<div class=\"b654a4as d2edcug0\">\n<div class=\"page-title-head hgroup\">\n<div class=\"page-title-head hgroup\">\n<div class=\"page-title-head hgroup\">\n<div class=\"page-title-head hgroup\">\n<div class=\"b654a4as d2edcug0\">\n<div class=\"page-title-head hgroup\">\n<div class=\"page-title-head hgroup\">\n<div class=\"page-title-head hgroup\">\n<div class=\"page-title-head hgroup\">\n<div class=\"b654a4as d2edcug0\">\n<div class=\"ecm0bbzt e5nlhep0 a8c37x1j\">\n<div class=\"kvgmc6g5 cxmmr5t8 oygrvhab hcukyx3x c1et5uql\">\n<div class=\"gmail-kvgmc6g5 gmail-cxmmr5t8 gmail-oygrvhab gmail-hcukyx3x gmail-c1et5uql gmail-ii04i59q\">\n<div class=\"page-title-head hgroup\">\n<div class=\"page-title-head hgroup\">\n<div class=\"b654a4as d2edcug0\">\n<div class=\"j83agx80 btwxx1t3 lhclo0ds hop8lmos nkwizq5d scwd0bx6 roh60bw9\">\n<div class=\"rq0escxv hkbzh7o3 jwdofwj8 n8tt0mok r8blr3vg hyh9befq\">\n<div class=\"do00u71z l9j0dhe7 k4urcfbm\">\n<div class=\"page-title-head hgroup\">\n<div class=\"page-title-head hgroup\">\n<div class=\"page-title-head hgroup\">\n<div class=\"page-title-head hgroup\">\n<div class=\"b654a4as d2edcug0\">\n<div class=\"page-title-head hgroup\">\n<div class=\"page-title-head hgroup\">\n<div class=\"page-title-head hgroup\">\n<div class=\"page-title-head hgroup\">\n<div class=\"b654a4as d2edcug0\">\n<div class=\"page-title-head hgroup\">\n<div class=\"page-title-head hgroup\">\n<div class=\"page-title-head hgroup\">\n<div class=\"page-title-head hgroup\">\n<div class=\"page-title-head hgroup\">\n<div class=\"page-title-head hgroup\">\n<div class=\"page-title-head hgroup\">\n<div class=\"page-title-head hgroup\">\n<div class=\"page-title-head hgroup\">\n<div class=\"b654a4as d2edcug0\">\n<div class=\"page-title-head hgroup\">\n<div class=\"page-title-head hgroup\">\n<div class=\"page-title-head hgroup\">\n<div class=\"page-title-head hgroup\">\n<div class=\"b654a4as d2edcug0\">\n<div class=\"page-title-head hgroup\">\n<div class=\"page-title-head hgroup\">\n<div class=\"page-title-head hgroup\">\n<div class=\"page-title-head hgroup\">\n<div class=\"page-title-head hgroup\">\n<div class=\"mkdf-post-text\">\n<div class=\"mkdf-post-text-inner\">\n<div class=\"mkdf-post-text-main\">\n<div class=\"mkdf-post-text\">\n<div class=\"mkdf-post-text-inner\">\n<div class=\"mkdf-post-text-main\">\n<div class=\"mkdf-post-text\">\n<div class=\"mkdf-post-text-inner\">\n<div class=\"mkdf-post-text-main\">\n<div class=\"page-title-head hgroup\">\n<div class=\"page-title-head hgroup\">\n<div class=\"mkdf-post-text\">\n<div class=\"mkdf-post-text-inner\">\n<div class=\"mkdf-post-text-main\">\n<div class=\"mkdf-post-text\">\n<div class=\"mkdf-post-text-inner\">\n<div class=\"mkdf-post-text-main\">\n<div class=\"page-title-head hgroup\">\n<div class=\"page-title-head hgroup\">\n<div class=\"page-title-head hgroup\">\n<div class=\"page-title-head hgroup\">\n<div class=\"b654a4as d2edcug0\">\n<div class=\"page-title-head hgroup\">\n<div class=\"page-title-head hgroup\">\n<div class=\"page-title-head hgroup\">\n<div class=\"page-title-head hgroup\">\n<div class=\"b654a4as d2edcug0\">\n<div class=\"page-title-head hgroup\">\n<div class=\"page-title-head hgroup\">\n<div class=\"page-title-head hgroup\">\n<div class=\"page-title-head hgroup\">\n<div class=\"b654a4as d2edcug0\">\n<p><strong>SP 251 VAL DI ZOLDO E CELLINA<\/strong> fino al 22 dicembre interruzioni alla viabilit\u00e0 della durata massima di 10 minuti e senso unico alternato nei periodi non interessati dalle interruzioni nel comune di Val di Zoldo<\/p>\n<p><strong>SR 203 AGORDINA<\/strong> Fino al 17 dicembre, esclusi sabato domenica e festivi infrasettimanali, restringimento della careggiata con divieto di sorpasso e limitazione ai 50 km\/h in comune di La Valle per lavori sul margine della carreggiata<\/p>\n<p><strong>SP 422 DELL&#8217;ALPAGO E DEL<\/strong> <strong>CANSIGLIO<\/strong> Fino al 17 dicembre senso unico alternato con semaforo in localit\u00e0 Cornei di Alpago per posa cavidotti<\/p>\n<p><strong>SP 40 VAL SENAIGA<\/strong>\u00a0 Fino\u00a0 al 22 dicembre, sabati domeniche e festivi inclusi, interdizione totale al traffico in localit\u00e0 Pei di Lamon per consolidamento corpo stradale<\/p>\n<p>&nbsp;<\/p>\n<hr \/>\n<p>&nbsp;<\/p>\n<\/div>\n<div class=\"b654a4as d2edcug0\">\n<div class=\"ecm0bbzt e5nlhep0 a8c37x1j\">\n<div class=\"kvgmc6g5 cxmmr5t8 oygrvhab hcukyx3x c1et5uql\">\n<div class=\"gmail-kvgmc6g5 gmail-cxmmr5t8 gmail-oygrvhab gmail-hcukyx3x gmail-c1et5uql gmail-ii04i59q\">\n<div>\n<div class=\"page-title-head hgroup\">\n<div class=\"page-title-head hgroup\">\n<div class=\"b654a4as d2edcug0\">\n<div class=\"j83agx80 btwxx1t3 lhclo0ds hop8lmos nkwizq5d scwd0bx6 roh60bw9\">\n<div class=\"rq0escxv hkbzh7o3 jwdofwj8 n8tt0mok r8blr3vg hyh9befq\">\n<div class=\"do00u71z l9j0dhe7 k4urcfbm\">\n<div>\n<div class=\"page-title-head hgroup\">\n<div class=\"page-title-head hgroup\">\n<div class=\"page-title-head hgroup\">\n<div class=\"page-title-head hgroup\">\n<div class=\"b654a4as d2edcug0\">\n<div class=\"page-title-head hgroup\">\n<div class=\"page-title-head hgroup\">\n<div class=\"page-title-head hgroup\">\n<div class=\"page-title-head hgroup\">\n<div class=\"b654a4as d2edcug0\">\n<div class=\"page-title-head hgroup\">\n<div class=\"page-title-head hgroup\">\n<div class=\"page-title-head hgroup\">\n<div class=\"page-title-head hgroup\">\n<div class=\"page-title-head hgroup\">\n<div class=\"mkdf-post-text\">\n<div class=\"mkdf-post-text-inner\">\n<div class=\"mkdf-post-text-main\">\n<div class=\"mkdf-post-text\">\n<div class=\"mkdf-post-text-inner\">\n<div class=\"mkdf-post-text-main\">\n<div class=\"mkdf-post-text\">\n<div class=\"mkdf-post-text-inner\">\n<div class=\"mkdf-post-text-main\">\n<div class=\"page-title-head hgroup\">\n<div class=\"page-title-head hgroup\">\n<div class=\"mkdf-post-text\">\n<div class=\"mkdf-post-text-inner\">\n<div class=\"mkdf-post-text-main\">\n<div class=\"mkdf-post-text\">\n<div class=\"mkdf-post-text-inner\">\n<div class=\"mkdf-post-text-main\">\n<div>\n<div class=\"page-title-head hgroup\">\n<div class=\"page-title-head hgroup\">\n<div>\n<div class=\"page-title-head hgroup\">\n<div class=\"page-title-head hgroup\">\n<div class=\"b654a4as d2edcug0\">\n<div>\n<div class=\"page-title-head hgroup\" style=\"text-align: left;\">\n<div class=\"page-title-head hgroup\">\n<div dir=\"auto\">\n<p><a class=\"dt-pswp-item pspw-wrap-ready\" href=\"https:\/\/i0.wp.com\/www.radiopiu.net\/wordpress\/wp-content\/uploads\/2018\/09\/WhatsApp-Image-2018-09-20-at-16.04.06.jpeg?ssl=1\" data-dt-img-description=\"\" data-large_image_width=\"800\" data-large_image_height=\"100\"><img loading=\"lazy\" decoding=\"async\" class=\"aligncenter wp-image-61378 size-full jetpack-lazy-image jetpack-lazy-image--handled\" src=\"https:\/\/i0.wp.com\/www.radiopiu.net\/wordpress\/wp-content\/uploads\/2018\/09\/WhatsApp-Image-2018-09-20-at-16.04.06.jpeg?resize=800%2C100&amp;ssl=1\" sizes=\"auto, (max-width: 800px) 100vw, 800px\" srcset=\"https:\/\/i0.wp.com\/www.radiopiu.net\/wordpress\/wp-content\/uploads\/2018\/09\/WhatsApp-Image-2018-09-20-at-16.04.06.jpeg?w=800&amp;ssl=1 800w, https:\/\/i0.wp.com\/www.radiopiu.net\/wordpress\/wp-content\/uploads\/2018\/09\/WhatsApp-Image-2018-09-20-at-16.04.06.jpeg?resize=300%2C38&amp;ssl=1 300w, https:\/\/i0.wp.com\/www.radiopiu.net\/wordpress\/wp-content\/uploads\/2018\/09\/WhatsApp-Image-2018-09-20-at-16.04.06.jpeg?resize=768%2C96&amp;ssl=1 768w\" alt=\"\" width=\"800\" height=\"100\" data-lazy-loaded=\"1\" \/><\/a><\/p>\n<\/div>\n<\/div>\n<\/div>\n<\/div>\n<\/div>\n<\/div>\n<\/div>\n<\/div>\n<\/div>\n<\/div>\n<\/div>\n<\/div>\n<\/div>\n<\/div>\n<\/div>\n<\/div>\n<\/div>\n<\/div>\n<\/div>\n<\/div>\n<\/div>\n<\/div>\n<\/div>\n<\/div>\n<\/div>\n<\/div>\n<\/div>\n<\/div>\n<\/div>\n<\/div>\n<\/div>\n<\/div>\n<\/div>\n<\/div>\n<\/div>\n<\/div>\n<\/div>\n<\/div>\n<\/div>\n<\/div>\n<\/div>\n<\/div>\n<\/div>\n<\/div>\n<p>&nbsp;<\/p>\n<\/div>\n<\/div>\n<\/div>\n<\/div>\n<\/div>\n<\/div>\n<\/div>\n<\/div>\n<\/div>\n<\/div>\n<\/div>\n<\/div>\n<\/div>\n<\/div>\n<\/div>\n<\/div>\n<\/div>\n<\/div>\n<\/div>\n<\/div>\n<\/div>\n<\/div>\n<\/div>\n<\/div>\n<\/div>\n<\/div>\n<\/div>\n<\/div>\n<\/div>\n<\/div>\n<\/div>\n<\/div>\n<\/div>\n<\/div>\n<\/div>\n<\/div>\n<\/div>\n<\/div>\n<\/div>\n<\/div>\n<\/div>\n<\/div>\n<\/div>\n<\/div>\n<\/div>\n<\/div>\n<\/div>\n<\/div>\n<\/div>\n<\/div>\n<\/div>\n<\/div>\n<\/div>\n<\/div>\n<\/div>\n<\/div>\n<\/div>\n<\/div>\n<\/div>\n<\/div>\n<\/div>\n<\/div>\n<\/div>\n<\/div>\n<\/div>\n<\/div>\n<\/div>\n<\/div>\n<\/div>\n<\/div>\n<\/div>\n<\/div>\n<\/div>\n<\/div>\n<\/div>\n<\/div>\n<\/div>\n<\/div>\n<\/div>\n<\/div>\n<\/div>\n<\/div>\n<\/div>\n<\/div>\n<\/div>\n<\/div>\n<\/div>\n<\/div>\n<\/div>\n<\/div>\n<\/div>\n<\/div>\n<\/div>\n<\/div>\n<\/div>\n<\/div>\n<\/div>\n<\/div>\n<\/div>\n<\/div>\n<\/div>\n<\/div>\n<\/div>\n<\/div>\n<\/div>\n<\/div>\n<\/div>\n<\/div>\n<\/div>\n<\/div>\n<\/div>\n<\/div>\n<\/div>\n<\/div>\n<\/div>\n<\/div>\n<\/div>\n<\/div>\n<\/div>\n<\/div>\n<\/div>\n<\/div>\n<\/div>\n<\/div>\n<\/div>\n<\/div>\n<\/div>\n<\/div>\n<\/div>\n<\/div>\n<\/div>\n<\/div>\n<\/div>\n<\/div>\n<\/div>\n<\/div>\n<\/div>\n<\/div>\n<\/div>\n<\/div>\n<\/div>\n<\/div>\n<\/div>\n<\/div>\n<\/div>\n<\/div>\n<\/div>\n<\/div>\n<\/div>\n<\/div>\n<\/div>\n<\/div>\n<\/div>\n<\/div>\n<\/div>\n<\/div>\n<\/div>\n<\/div>\n<\/div>\n<p><center><b>Giovedi 9<\/b><\/center><b>Tempo atteso: <\/b>Nottetempo e prima parte del giorno residuo maltempo con fenomeni sparsi, in graduale esaurimento nel corso della mattinata. Poi il tempo diventer\u00e0 variabile con attenuazione della nuvolosit\u00e0 e qualche chance di schiarite, pi\u00f9 ampie verso sera. Far\u00e0 di nuovo pi\u00f9 freddo in quota e lo stesso freddo si accentuer\u00e0 anche nelle valli dopo il tramonto in caso di cielo sereno.<br \/>\n<b>Precipitazioni: <\/b>Nottetempo e parte del mattino sul Bellunese probabilit\u00e0 medio-alta (70\/80%) di nevicate sempre pi\u00f9 deboli e sparse, Altrove la probabilit\u00e0 sar\u00e0 minore (40\/60%). La neve cadr\u00e0 ancora fino a fondovalle, eccetto qualche settore prealpino, dove sar\u00e0 localmente sostituita dalla pioggia. I nuovi apporti di neve fresca saranno di 2-5 cm, localmente 5-10 cm oltre i 1000 m.<br \/>\n<b>Temperature: <\/b>In generale calo in quota dove le minime saranno osservate alla sera; in rialzo nelle valli, specie le minime del mattino. Su Prealpi a 1500 m min -7\u00b0C max -3\u00b0C, a 2000 m min -9\u00b0C max -6\u00b0C. Su Dolomiti a 2000 m min -10\u00b0C max -6\u00b0C, a 3000 m min -15\u00b0C max -11\u00b0C.<br \/>\n<b>Venti: <\/b>In quota venti moderati\/tesi da settentrionali in graduale attenuazione nel pomeriggio\/sera; nelle valli deboli di direzione variabile. a 15-30 km\/h a 2000 m, 30-50 km\/h a 3000 m.<\/p>\n<hr \/>\n<p><center><b>Venerdi 10<\/b><\/center><b>Tempo atteso: <\/b>Nella notte e prima parte del mattino cielo sereno o poco nuvoloso, poi rapido aumento della nuvolosit\u00e0 a partire dalle Prealpi in successiva estensione alle Dolomiti. Dalla tarda mattinata generalmente nuvoloso ovunque, fino a coperto nel pomeriggio ed in serata, quando si verificheranno debolissimi fenomeni. Persistono le condizioni termiche invernali fino nei fondovalle, specie di notte.<br \/>\n<b>Precipitazioni: <\/b>Fino al primo pomeriggio probabilit\u00e0 pressoch\u00e9 assente (10%), poi non saranno da escludere debolissime nevicate fino a fondovalle sulle Dolomiti, localmente anche in quelli prealpini (60\/70%). Si tratter\u00e0 di apporti perlopi\u00f9 irrilevanti.<br \/>\n<b>Temperature: <\/b>In generale calo, in maniera assai pi\u00f9 sensibile per le minime nelle valli, dove le gelate notturne saranno particolarmente intense (-5\/-7\u00b0C nei fondovalle e -9\/-14\u00b0C a 1000\/1200 m). Su Prealpi a 1500 m min -8\u00b0C max -4\u00b0C, a 2000 m min -10\u00b0C max -8\u00b0C. Su Dolomiti a 2000 m min -12\u00b0C max -9\u00b0C, a 3000 m min -17\u00b0C max -15\u00b0C.<br \/>\n<b>Venti: <\/b>Nelle valli deboli di direzione variabile, salvo locali rinforzi per brezze di monte tra la notte e il primo mattino in alcuni settori prealpini; in quota venti moderati tesi da sud-ovest, a 10-20 km\/h a 2000 m e 20-35 km\/h a 3000 m.<\/p>\n<hr \/>\n<p><center><b>Sabato 11<\/b><\/center>Tra la notte e il mattino cielo coperto per nubi stratiformi e qualche chance di schiarite. Entro le ore centrali diradamento della nuvolosit\u00e0 con cielo sempre pi\u00f9 sereno a partire dalle Dolomiti, successivamente sulle Prealpi, anche se il miglioramento sar\u00e0 un pi\u00f9 tardivo e meno netto. Persistono le condizioni termiche invernali a tutte le quote, lambiente sar\u00e0 addirittura gelido in alta quota. In quota venti moderati \/tesi da nord-est, nelle valli perlopi\u00f9 deboli di direzione variabile.<\/p>\n<hr \/>\n<p><center><b>Domenica 12<\/b><\/center>Bel tempo invernale con sole, cielo sereno, aria nitida e ottima visibilit\u00e0 su gran parte della montagna veneta. Potrebbe fare eccezione la Valbelluna con nubi basse o nebbie durante le ore pi\u00f9 fredde. Temperature notturne assai basse, specie nei settori innevati, con probabile inversione termica nelle valli; massime in aumento in quota e nelle valli pi\u00f9 assolate, mentre diminuiranno nelle valli in ombra. In quota venti deboli\/moderati da, nelle valli perlopi\u00f9 deboli di direzione variabile. Previsore: R.L.Th.<\/p>\n<div>\n<p>&nbsp;<\/p>\n<\/div>\n<hr \/>\n<p>&nbsp;<\/p>\n<div class=\"mkdf-post-text\">\n<div class=\"mkdf-post-text-inner\">\n<p><a href=\"https:\/\/www.radiopiu.net\/wordpress\/giornale-radiopiu-15-settembre-2018-direttore-mirko-mezzacasa\/sport-7\/\" rel=\"attachment wp-att-60761\"><img loading=\"lazy\" decoding=\"async\" class=\"wp-image-60761 size-full aligncenter\" src=\"https:\/\/www.radiopiu.net\/wordpress\/wp-content\/uploads\/2018\/09\/sport.jpg\" alt=\"\" width=\"800\" height=\"100\" srcset=\"https:\/\/www.radiopiu.net\/wordpress\/wp-content\/uploads\/2018\/09\/sport.jpg 800w, https:\/\/www.radiopiu.net\/wordpress\/wp-content\/uploads\/2018\/09\/sport-300x38.jpg 300w, https:\/\/www.radiopiu.net\/wordpress\/wp-content\/uploads\/2018\/09\/sport-768x96.jpg 768w\" sizes=\"auto, (max-width: 800px) 100vw, 800px\" \/><\/a><\/p>\n<\/div>\n<\/div>\n<p><span style=\"color: #0000ff;\"><strong>\u00a0\u00a0<\/strong><\/span><\/p>\n<p><span style=\"color: #0000ff;\"><strong>HOCKEY<\/strong><\/span><\/p>\n<blockquote>\n<h3>L\u2019ALLEGHE CROLLA A CAVALESE DOPO UNA BELLA PRESTAZIONE<\/h3>\n<\/blockquote>\n<p><strong><a href=\"https:\/\/www.radiopiu.net\/wordpress\/lalleghe-a-cavalese-per-continuare-la-striscia-positiva-di-vittorie\/alleghe-hockey-2-2\/\" rel=\"attachment wp-att-247057\"><img loading=\"lazy\" decoding=\"async\" class=\"size-medium wp-image-247057 alignleft\" src=\"https:\/\/www.radiopiu.net\/wordpress\/wp-content\/uploads\/2021\/12\/ALLEGHE-HOCKEY-2-300x200.jpg\" alt=\"\" width=\"300\" height=\"200\" srcset=\"https:\/\/www.radiopiu.net\/wordpress\/wp-content\/uploads\/2021\/12\/ALLEGHE-HOCKEY-2-300x200.jpg 300w, https:\/\/www.radiopiu.net\/wordpress\/wp-content\/uploads\/2021\/12\/ALLEGHE-HOCKEY-2-768x511.jpg 768w, https:\/\/www.radiopiu.net\/wordpress\/wp-content\/uploads\/2021\/12\/ALLEGHE-HOCKEY-2.jpg 1024w\" sizes=\"auto, (max-width: 300px) 100vw, 300px\" \/><\/a>FIEMME \u2013 ALLEGHE 4-2<\/strong><\/p>\n<p>PARZIALI: \u00a01-0, 2-1, 1-1<\/p>\n<p>GOL: Pt. 11\u201927\u201d Nicolao. St. 4\u201917\u201d Gamper, 5\u201956\u201d Nicolao, 8\u201927\u201d Testori. Tt. 19\u201947\u201d Soppelsa, 19\u201959\u201d Nicolao<\/p>\n<p>&nbsp;<\/p>\n<p>Dopo due vittorie consecutive l\u2019Alleghe Hockey crolla a Cavalese. Fatali gli errori in fase difensiva per le civette che subiscono i gol del Fiemme nei momenti migliori della gara. La squadra di Fontana gioca bene ma non riesce a segnare, uno dei punti deboli dei biancorossi. Una sconfitta che brucia e che arriva in un momento sbagliato della stagione. Per guadagnarsi il master round gli agordini non dovranno pi\u00f9 sbagliare nelle prossime giornate. Fiemme che parte subito bene mettendo alla prova Scola. Prova a rispondere la squadra agordina che sfiora solo il palo. Partita che viene subito spezzettata dagli arbitri che vedono qualche irregolarit\u00e0 e a pagarne le spese sono le civette che si ritrovano con due uomini in meno. Scola deve fare gli straordinari per evitare il gol e il Fiemme si vede annullare un gol subito dopo. Alleghe che comincia a macinare gioco a fare paura ci pensano Berger e Kiviranta ma le loro conclusioni non sono precise. Le squadre se la giocano a viso aperto e la partita \u00e8 piacevole. Biancorossi che non sfruttano una superiorit\u00e0 e Fiemme che passa in vantaggio con Nicolao. Provano a reagire gli agordini ma la porta sembra stregata. Ad inizio secondo drittel gli alleghesi non sfruttano una penalit\u00e0 a favore. Berger ci prova ma il disco termina di poco a lato. Nel momento migliore degli agordini il Fiemme trova la rete del raddoppio. A spingere il puck in fondo al sacco ci pensa Gamper. Con l\u2019ennesimo errore difensivo degli agordini, i padroni di casa vanno di nuovo a segno con Nicolao che mette la firma sulla doppietta personale. Civette che rialzano la testa subito dopo quando Testori accorcia le distanze con una deviazione vincente. Giocano bene i giocatori di Fontana ma peccano in fase difensiva e il Fiemme prova a colpire in contropiede. Saltano i nervi e fioccano le penalit\u00e0 tanto che le due formazioni non giocano pi\u00f9 a ranghi completi. Nel terzo periodo di gioco il Fiemme ci prova ancora in superiorit\u00e0 numerica ma Scola non si fa beffare. Intanto le civette provano a tirare fuori le unghie con Testori e Kiviranta ma ancora una volta il disco non entra. I trentini non stanno a guardare e si fanno vivi dalla parte di Scola senza raccogliere i frutti sperati. Kiviranta viene colpito duro da Vanzetti che viene spedito sotto la doccia con la penalit\u00e0 partita. Ultimi minuti di gara concitati con le squadre che continuano ad attaccare e i 3 punti vanno al Fiemme nonostante la rete nel finale di Soppelsa. A chiudere la sfida ci pensa Nicolao a porta vuota.<\/p>\n<p>&nbsp;<\/p>\n<blockquote>\n<h3>SCONFITTA DI MISURA PER LA NAZIONALE UNDER 20<\/h3>\n<\/blockquote>\n<p class=\"null\"><a href=\"https:\/\/www.radiopiu.net\/wordpress\/giornale-radiopiu-09-dicembre-2021-direttore-mirko-mezzacasa\/2aefdbae-d24d-4da5-048c-825ff539ebe1\/\" rel=\"attachment wp-att-247377\"><img loading=\"lazy\" decoding=\"async\" class=\"size-medium wp-image-247377 alignleft\" src=\"https:\/\/www.radiopiu.net\/wordpress\/wp-content\/uploads\/2021\/12\/2aefdbae-d24d-4da5-048c-825ff539ebe1-300x200.jpg\" alt=\"\" width=\"300\" height=\"200\" srcset=\"https:\/\/www.radiopiu.net\/wordpress\/wp-content\/uploads\/2021\/12\/2aefdbae-d24d-4da5-048c-825ff539ebe1-300x200.jpg 300w, https:\/\/www.radiopiu.net\/wordpress\/wp-content\/uploads\/2021\/12\/2aefdbae-d24d-4da5-048c-825ff539ebe1-1024x683.jpg 1024w, https:\/\/www.radiopiu.net\/wordpress\/wp-content\/uploads\/2021\/12\/2aefdbae-d24d-4da5-048c-825ff539ebe1-768x512.jpg 768w, https:\/\/www.radiopiu.net\/wordpress\/wp-content\/uploads\/2021\/12\/2aefdbae-d24d-4da5-048c-825ff539ebe1-1536x1024.jpg 1536w, https:\/\/www.radiopiu.net\/wordpress\/wp-content\/uploads\/2021\/12\/2aefdbae-d24d-4da5-048c-825ff539ebe1-2048x1365.jpg 2048w\" sizes=\"auto, (max-width: 300px) 100vw, 300px\" \/><\/a>Sconfitta di misura per una buona Italia Under 20, che si inchina 1-2 all\u2019Ungheria ma riceve comunque delle indicazioni positive per l\u2019imminente Mondiale di Seconda Divisione Gruppo A di hockey su ghiaccio. Resta da mettere a posto la cattiveria sottoporta, poi la squadra di Giorgio De Bettin potr\u00e0 togliersi delle belle soddisfazioni. Dopo il raduno di Egna, e prima di raggiungere Brasov, l\u2019Italia fa tappa a Budapest per gli ultimi due test-match. La prima amichevole vede gli azzurrini opposti all\u2019Ungheria, squadra gi\u00e0 affrontata a novembre ad Egna durante il Torneo 4 Nazioni. In quell\u2019occasione i magiari si imposero 4-3 ai tiri di rigore. Rispetto al raduno pre-mondiale svoltosi nei giorni scorsi in Alto Adige, non fanno pi\u00f9 parte del roster i difensori Baumgartner e Dallagiacoma, mentre si \u00e8 aggregato al gruppo l\u2019attaccante del Lugano Marco Zanetti.<\/p>\n<p>&nbsp;<\/p>\n<hr \/>\n<p>&nbsp;<\/p>\n<p><span style=\"color: #0000ff;\"><strong>CALCIO<\/strong><\/span><\/p>\n<blockquote>\n<h3>L&#8217;INTERVISTA COSTA CARA A YARI MASOCH. 15 GIORNI DI SQUALIFICA<\/h3>\n<\/blockquote>\n<p><strong><a href=\"https:\/\/www.radiopiu.net\/wordpress\/yari-masoch-firma-con-il-treviso-sara-una-bella-sfida-con-molte-insidie-mi-metto-in-gioco\/yari-masoch-treviso\/\" rel=\"attachment wp-att-221914\"><img loading=\"lazy\" decoding=\"async\" class=\" wp-image-221914 alignleft\" src=\"https:\/\/www.radiopiu.net\/wordpress\/wp-content\/uploads\/2021\/07\/YARI-MASOCH-TREVISO-300x267.png\" alt=\"\" width=\"315\" height=\"280\" srcset=\"https:\/\/www.radiopiu.net\/wordpress\/wp-content\/uploads\/2021\/07\/YARI-MASOCH-TREVISO-300x267.png 300w, https:\/\/www.radiopiu.net\/wordpress\/wp-content\/uploads\/2021\/07\/YARI-MASOCH-TREVISO-1024x912.png 1024w, https:\/\/www.radiopiu.net\/wordpress\/wp-content\/uploads\/2021\/07\/YARI-MASOCH-TREVISO-768x684.png 768w, https:\/\/www.radiopiu.net\/wordpress\/wp-content\/uploads\/2021\/07\/YARI-MASOCH-TREVISO.png 1168w\" sizes=\"auto, (max-width: 315px) 100vw, 315px\" \/><\/a>BELLUNO<\/strong> Costa cara a Yari Masoch un&#8217;intervista rilasciata al Corriere Delle Alpi quest&#8217;estate. Il giocatore di Gosaldo, oggi in forza al Treviso, lo scorso 30 giugno era stato intervistato per parlare della situazione della Dolomiti Bellunesi e del tecnico Lauria con cui i rapporti non erano ottimi. \u201c<em>Sono rimasto decisamente amareggiato, in particolare con il tecnico Lauria che nei modi e nei tempi si \u00e8 dimostrato un uomo piccolo<\/em>\u201d, spiegava Masoch. \u201c<em>La decisione di non confermarmi mi \u00e8 stato detto che \u00e8 stata sua, ma non mi ha nemmeno chiamato per comunicarmela e magari per confrontarsi con me: lo ha fatto fare ad altri. La sua scelta, volente o nolente, ovviamente devo accettarla, ma speravo di essermi guadagnato un rispetto diverso dopo tutti questi anni. Evidentemente non \u00e8 stato cos\u00ec<\/em>\u201d. Dopo le dichiarazioni il mister Lauria aveva sporto denuncia alla Procura Federale e la FIGC ha accordato con Masoch 15 giorni di squalifica.<\/p>\n<p><strong>YARI MASOCH, GIOCATORE DEL TREVISO<\/strong><\/p>\n<audio class=\"wp-audio-shortcode\" id=\"audio-247060-15\" preload=\"none\" style=\"width: 100%;\" controls=\"controls\"><source type=\"audio\/mpeg\" src=\"https:\/\/www.radiopiu.net\/wordpress\/wp-content\/uploads\/2021\/12\/YARI-LAURIA.mp3?_=15\" \/><a href=\"https:\/\/www.radiopiu.net\/wordpress\/wp-content\/uploads\/2021\/12\/YARI-LAURIA.mp3\">https:\/\/www.radiopiu.net\/wordpress\/wp-content\/uploads\/2021\/12\/YARI-LAURIA.mp3<\/a><\/audio>\n<p>&nbsp;<\/p>\n<hr \/>\n<p>&nbsp;<\/p>\n<p><span style=\"color: #0000ff;\"><strong>SCI<\/strong><\/span><\/p>\n<blockquote>\n<h3>LO SCI CLUB PONTE NELLE ALPI RIPARTE<\/h3>\n<\/blockquote>\n<p><strong><a href=\"https:\/\/www.radiopiu.net\/wordpress\/giornale-radiopiu-09-dicembre-2021-direttore-mirko-mezzacasa\/sci_club_ponte_nelle_alpi\/\" rel=\"attachment wp-att-247295\"><img loading=\"lazy\" decoding=\"async\" class=\"size-medium wp-image-247295 alignleft\" src=\"https:\/\/www.radiopiu.net\/wordpress\/wp-content\/uploads\/2021\/12\/Sci_Club_Ponte_nelle_Alpi-300x150.jpg\" alt=\"\" width=\"300\" height=\"150\" srcset=\"https:\/\/www.radiopiu.net\/wordpress\/wp-content\/uploads\/2021\/12\/Sci_Club_Ponte_nelle_Alpi-300x150.jpg 300w, https:\/\/www.radiopiu.net\/wordpress\/wp-content\/uploads\/2021\/12\/Sci_Club_Ponte_nelle_Alpi-1024x513.jpg 1024w, https:\/\/www.radiopiu.net\/wordpress\/wp-content\/uploads\/2021\/12\/Sci_Club_Ponte_nelle_Alpi-768x385.jpg 768w, https:\/\/www.radiopiu.net\/wordpress\/wp-content\/uploads\/2021\/12\/Sci_Club_Ponte_nelle_Alpi.jpg 1242w\" sizes=\"auto, (max-width: 300px) 100vw, 300px\" \/><\/a>PONTE NELLE ALPI <\/strong>La stagione dello Sci Club Ponte nelle Alpi decolla con entusiasmo, passione, professionalit\u00e0. E numeri altisonanti: basti pensare che i tesserati sono circa duecento, mentre le richieste di avviamento allo sci, arrivate nei giorni scorsi, ammontano a una cinquantina. \u00abIn questo senso &#8211; spiega il presidente Oliseo Salvagno &#8211; le domande erano perfino troppe. Tanto \u00e8 vero che siamo stati costretti a chiudere le iscrizioni. \u00c8 un segnale importante rispetto al desiderio di tornare sulla neve e riprendere a sciare\u00bb. A proposito dell\u2019avviamento, il team di allenatori \u00e8 capitanato da Tiziana Marchetti, affiancata da alcuni giovani tecnici: i bambini che desiderano avvicinarsi al magico mondo degli sport invernali avranno la possibilit\u00e0 di effettuare due prove gratuite, in Nevegal, tra sabato 11 e domenica 12. Seguiranno poi dieci giorni di corso.<span class=\"gmail-Apple-converted-space\">\u00a0<\/span>Lo Sci Club Ponte nelle Alpi ha dato il via alla nuova annata con la presentazione delle squadre avvenuta al Parco Ex Casa Rossa. In quel contesto, non sono mancati gli atleti della \u201cValbelluna Ski Academy\u201d, associazione che raggruppa i ragazzi di pi\u00f9 Sci club della vallata bellunese con il maestro Marco Seifert. Come non \u00e8 mancata la componente istituzionale: dal sindaco di Ponte nelle Alpi, Paolo Vendramini, al presidente della Provincia, Roberto Padrin, passando per<span class=\"gmail-Apple-converted-space\">\u00a0 <\/span>l\u2019onorevole Roger De Menech, l\u2019assessora comunale allo Sport, Marta Viel, e il presidente della Fisi Veneto, Roberto Bortoluzzi.<\/p>\n<p>&nbsp;<\/p>\n<hr \/>\n<p>&nbsp;<\/p>\n<p><span style=\"color: #0000ff;\"><strong>PALLAVOLO\u00a0<\/strong><\/span><\/p>\n<blockquote>\n<h3>RINOCERONTI SCONFITTI, STRAPPANO UN SET ALLA CAPOLISTA<\/h3>\n<p><a href=\"https:\/\/www.radiopiu.net\/wordpress\/giornale-radiopiu-09-dicembre-2021-direttore-mirko-mezzacasa\/drl_sotto_rete_vs_grotta\/\" rel=\"attachment wp-att-247402\"><img loading=\"lazy\" decoding=\"async\" class=\" wp-image-247402 alignleft\" src=\"https:\/\/www.radiopiu.net\/wordpress\/wp-content\/uploads\/2021\/12\/Drl_sotto_rete_vs_Grotta-300x150.jpg\" alt=\"\" width=\"260\" height=\"130\" srcset=\"https:\/\/www.radiopiu.net\/wordpress\/wp-content\/uploads\/2021\/12\/Drl_sotto_rete_vs_Grotta-300x150.jpg 300w, https:\/\/www.radiopiu.net\/wordpress\/wp-content\/uploads\/2021\/12\/Drl_sotto_rete_vs_Grotta-768x384.jpg 768w, https:\/\/www.radiopiu.net\/wordpress\/wp-content\/uploads\/2021\/12\/Drl_sotto_rete_vs_Grotta.jpg 800w\" sizes=\"auto, (max-width: 260px) 100vw, 260px\" \/><\/a>BELLUNO-VIDEX GROTTAZZOLINA 1-3 PARZIALI: 18-25, 25-23, 21-25, 17-25.\u00a0 DA ROLD LOGISTICS BELLUNO: Maccabruni 5, De Santis 9, Graziani 16, Ostuzzi 7,\u00a0 Piazzetta 3, Mozzato 9; Martinez (L), Della Vecchia, Milani 1, Gionchetti, Paganin 2. N.e. Pierobon, Guolla (L). Allenatore: D. Poletto.\u00a0 ARBITRI: Maurina Sessolo di Fontanelle e Ruggero Lorenzin di Dueville. NOTE. Spettatori 200. Durata set 22\u2019, 27\u2019, 22\u2019, 21\u2019; totale 1h32\u2019. Belluno: battute sbagliate 22, vincenti 2, muri 12. Grottazzolina: b.s. 17, v. 5, m. 16.<\/p><\/blockquote>\n<p>Solo uno squadrone poteva spezzare la striscia vincente della Da Rold Logistics Belluno. E la Videx Grottazzolina, uno squadrone, lo \u00e8 a tutti gli effetti: organizzato, di spessore fisico e qualitativo, ha un arsenale pressoch\u00e9 illimitato di colpi e giocate. Ed \u00e8 ispirata da un palleggiatore sublime come Marchiani. Insomma, una vera capolista. Ma i ragazzi di Diego Poletto si sono dimostrati ampiamente all\u2019altezza. E hanno avuto il merito di scaldare i 200 cuori accorsi alla Spes Arena, mentre la citt\u00e0 era avvolta dalla neve. Dopo essere andati a punti per sette gare di fila, scatta quindi lo stop. Poco male: il fieno in cascina \u00e8 gi\u00e0 parecchio. E la squadra continua a esprimere una buonissima pallavolo. A conferma che la rotta \u00e8 giusta. Specialmente se a dettarla \u00e8 un Alessandro Graziani da 16 punti, 1 ace, 2 muri e il 74 per cento in ricezione: una prova da fuoriclasse.<\/p>\n<p>&nbsp;<\/p>\n<\/div>\n<\/div>\n<\/div>\n<\/div>\n<\/div>\n<\/div>\n<\/div>\n","protected":false},"excerpt":{"rendered":"<p>INFORMAZIONE il canale su TELEGRAM informazione di prima mano e in tempo reale. iscriviti ed aiutaci a farlo conoscere\u00a0\u00a0 &nbsp; NEVICA SOPRATTUTTO IN VAL BELLUNA: SCUOLE IN ALPAGO E DRIVE IN TAMPONI-VACCINO CHIUSI, A LE LONIE DI RIVAMONTE DISSERVIZIO ELETTRICO, MANCA LA CORRENTE DALLE 2 DI QUESTA MATTINA, ALLE 8 BLACK OUT ANCORA NON RISOLTO.&hellip;<\/p>\n","protected":false},"author":4,"featured_media":247427,"comment_status":"closed","ping_status":"open","sticky":false,"template":"","format":"standard","meta":{"_monsterinsights_skip_tracking":false,"_monsterinsights_sitenote_active":false,"_monsterinsights_sitenote_note":"","_monsterinsights_sitenote_category":0,"footnotes":""},"categories":[104,86,49],"tags":[],"class_list":["post-247060","post","type-post","status-publish","format-standard","has-post-thumbnail","hentry","category-evidenza_3","category-gr","category-news-18","category-104","category-86","category-49","description-off"],"img_url":"https:\/\/www.radiopiu.net\/wordpress\/wp-content\/uploads\/2021\/12\/456ee52a-002e-4512-8aa5-8e57bb83fe18.jpg","_links":{"self":[{"href":"https:\/\/www.radiopiu.net\/wordpress\/wp-json\/wp\/v2\/posts\/247060","targetHints":{"allow":["GET"]}}],"collection":[{"href":"https:\/\/www.radiopiu.net\/wordpress\/wp-json\/wp\/v2\/posts"}],"about":[{"href":"https:\/\/www.radiopiu.net\/wordpress\/wp-json\/wp\/v2\/types\/post"}],"author":[{"embeddable":true,"href":"https:\/\/www.radiopiu.net\/wordpress\/wp-json\/wp\/v2\/users\/4"}],"replies":[{"embeddable":true,"href":"https:\/\/www.radiopiu.net\/wordpress\/wp-json\/wp\/v2\/comments?post=247060"}],"version-history":[{"count":0,"href":"https:\/\/www.radiopiu.net\/wordpress\/wp-json\/wp\/v2\/posts\/247060\/revisions"}],"wp:featuredmedia":[{"embeddable":true,"href":"https:\/\/www.radiopiu.net\/wordpress\/wp-json\/wp\/v2\/media\/247427"}],"wp:attachment":[{"href":"https:\/\/www.radiopiu.net\/wordpress\/wp-json\/wp\/v2\/media?parent=247060"}],"wp:term":[{"taxonomy":"category","embeddable":true,"href":"https:\/\/www.radiopiu.net\/wordpress\/wp-json\/wp\/v2\/categories?post=247060"},{"taxonomy":"post_tag","embeddable":true,"href":"https:\/\/www.radiopiu.net\/wordpress\/wp-json\/wp\/v2\/tags?post=247060"}],"curies":[{"name":"wp","href":"https:\/\/api.w.org\/{rel}","templated":true}]}}